{"id":6921,"date":"2014-04-04T06:46:01","date_gmt":"2014-04-04T04:46:01","guid":{"rendered":"http:\/\/www.cocondedecoration.com\/blog\/?p=6921"},"modified":"2018-07-26T10:30:23","modified_gmt":"2018-07-26T08:30:23","slug":"top-10-shopping-deco-avril","status":"publish","type":"post","link":"https:\/\/www.cocondedecoration.com\/blog\/2014\/04\/top-10-shopping-deco-avril\/","title":{"rendered":"Top 10 shopping d\u00e9co &#8211; avril"},"content":{"rendered":"<p style=\"text-align: justify;\">En avril ne te d\u00e9couvre pas d'un fil, parait-il... On s'en moque un peu de la m\u00e9t\u00e9o! Voyons un peu ce que nous trouvons pour d\u00e9corer notre maison, notre appartement pour le mois d'avril et avec comme fil conducteur le tissu:<\/p>\n<p style=\"text-align: justify;\"><strong>#1 - Le tissus Fantasy de Casadeco<\/strong> - coup de c\u0153ur pour l'utilisation de ce tissu sur le fauteuil. Le traitement des fleurs est contemporain, pas trop charg\u00e9. Quelques touches de couleur pour dynamiser le mobilier mais aussi la pi\u00e8ce.<\/p>\n<p style=\"text-align: justify;\"><a href=\"http:\/\/www.cocondedecoration.com\/blog\/wp-content\/uploads\/2014\/03\/Tissus-ameublement-casa-deco-printemps.png\"><img loading=\"lazy\" decoding=\"async\" class=\"aligncenter size-full wp-image-6922\" src=\"http:\/\/www.cocondedecoration.com\/blog\/wp-content\/uploads\/2014\/03\/Tissus-ameublement-casa-deco-printemps.png\" alt=\"Tissus ameublement casa deco printemps\" width=\"543\" height=\"480\" srcset=\"https:\/\/www.cocondedecoration.com\/blog\/wp-content\/uploads\/2014\/03\/Tissus-ameublement-casa-deco-printemps.png 543w, https:\/\/www.cocondedecoration.com\/blog\/wp-content\/uploads\/2014\/03\/Tissus-ameublement-casa-deco-printemps-260x229.png 260w\" sizes=\"(max-width: 543px) 100vw, 543px\" \/><\/a><a href=\"http:\/\/www.casadeco.fr\/collections\/detail\/95\/FANTASY\" target=\"_blank\">Source <\/a><\/p>\n<p style=\"text-align: justify;\"><strong>#2 - Une nouvelle parure de lit<\/strong> qui fleure bon le soleil et les fleurs<\/p>\n<p style=\"text-align: justify;\"><a href=\"http:\/\/www.cocondedecoration.com\/blog\/wp-content\/uploads\/2014\/03\/linge-de-lit-la-redoute.jpg\"><img loading=\"lazy\" decoding=\"async\" class=\"aligncenter size-full wp-image-6924\" src=\"http:\/\/www.cocondedecoration.com\/blog\/wp-content\/uploads\/2014\/03\/linge-de-lit-la-redoute.jpg\" alt=\"linge de lit la redoute\" width=\"641\" height=\"641\" srcset=\"https:\/\/www.cocondedecoration.com\/blog\/wp-content\/uploads\/2014\/03\/linge-de-lit-la-redoute.jpg 641w, https:\/\/www.cocondedecoration.com\/blog\/wp-content\/uploads\/2014\/03\/linge-de-lit-la-redoute-165x165.jpg 165w, https:\/\/www.cocondedecoration.com\/blog\/wp-content\/uploads\/2014\/03\/linge-de-lit-la-redoute-260x260.jpg 260w, https:\/\/www.cocondedecoration.com\/blog\/wp-content\/uploads\/2014\/03\/linge-de-lit-la-redoute-640x640.jpg 640w\" sizes=\"(max-width: 641px) 100vw, 641px\" \/><\/a><a href=\"http:\/\/www.laredoute.fr\/vente-housse-de-couette-imprimee-fleur-yurti.aspx?productid=324287005&amp;documentid=999999&amp;categoryid=68539074&amp;customertarget=0&amp;offertype=0&amp;prodcolor=1#pos=29_n_n_n_n_n_n&amp;numberpage=1\" target=\"_blank\">Source <\/a><\/p>\n<p style=\"text-align: justify;\"><strong>#3 - M\u00e9langer les tapis, les couleurs, les mati\u00e8res<\/strong> - J'adore le vert sur le tapis en premier plan chez Designer Guild<\/p>\n<p style=\"text-align: justify;\"><a href=\"http:\/\/www.cocondedecoration.com\/blog\/wp-content\/uploads\/2014\/03\/Tapis-designer-Guild.jpg\"><img loading=\"lazy\" decoding=\"async\" class=\"aligncenter size-full wp-image-6923\" src=\"http:\/\/www.cocondedecoration.com\/blog\/wp-content\/uploads\/2014\/03\/Tapis-designer-Guild.jpg\" alt=\"Tapis designer Guild\" width=\"810\" height=\"313\" srcset=\"https:\/\/www.cocondedecoration.com\/blog\/wp-content\/uploads\/2014\/03\/Tapis-designer-Guild.jpg 810w, https:\/\/www.cocondedecoration.com\/blog\/wp-content\/uploads\/2014\/03\/Tapis-designer-Guild-260x100.jpg 260w, https:\/\/www.cocondedecoration.com\/blog\/wp-content\/uploads\/2014\/03\/Tapis-designer-Guild-640x247.jpg 640w\" sizes=\"(max-width: 810px) 100vw, 810px\" \/><\/a><a href=\"http:\/\/www.designersguild.com\/lifestyle-gallery\/rugs\/\" target=\"_blank\">Source <\/a><\/p>\n<p style=\"text-align: justify;\"><strong>#4 - Des torchons<\/strong> pour \u00e9gayer sa cuisine et apporter un peu de graphisme avec Ferm Living<\/p>\n<p style=\"text-align: justify;\"><a href=\"http:\/\/www.cocondedecoration.com\/blog\/wp-content\/uploads\/2014\/03\/cuisine-ferm-living.jpg\"><img loading=\"lazy\" decoding=\"async\" class=\"aligncenter size-full wp-image-6925\" src=\"http:\/\/www.cocondedecoration.com\/blog\/wp-content\/uploads\/2014\/03\/cuisine-ferm-living.jpg\" alt=\"cuisine ferm living\" width=\"480\" height=\"480\" srcset=\"https:\/\/www.cocondedecoration.com\/blog\/wp-content\/uploads\/2014\/03\/cuisine-ferm-living.jpg 480w, https:\/\/www.cocondedecoration.com\/blog\/wp-content\/uploads\/2014\/03\/cuisine-ferm-living-165x165.jpg 165w, https:\/\/www.cocondedecoration.com\/blog\/wp-content\/uploads\/2014\/03\/cuisine-ferm-living-260x260.jpg 260w\" sizes=\"(max-width: 480px) 100vw, 480px\" \/><\/a><a href=\"http:\/\/www.fermliving.com\/webshop\/shop\/spring-collection-2014\/grocery-tea-towel.aspx\" target=\"_blank\">Source <\/a><\/p>\n<p style=\"text-align: justify;\"><strong>#5 - Bye-bye la vieille housse de canap\u00e9<\/strong>, on modernise son salon avec Bemz qui propose un large choix de tissus et de styles<\/p>\n<p style=\"text-align: justify;\"><a href=\"http:\/\/www.cocondedecoration.com\/blog\/wp-content\/uploads\/2014\/03\/housse-de-canape\u0301-bemz.jpg\"><img loading=\"lazy\" decoding=\"async\" class=\"aligncenter size-full wp-image-6926\" src=\"http:\/\/www.cocondedecoration.com\/blog\/wp-content\/uploads\/2014\/03\/housse-de-canape\u0301-bemz.jpg\" alt=\"housse de canape\u0301 bemz\" width=\"497\" height=\"723\" srcset=\"https:\/\/www.cocondedecoration.com\/blog\/wp-content\/uploads\/2014\/03\/housse-de-canape\u0301-bemz.jpg 497w, https:\/\/www.cocondedecoration.com\/blog\/wp-content\/uploads\/2014\/03\/housse-de-canape\u0301-bemz-260x378.jpg 260w\" sizes=\"(max-width: 497px) 100vw, 497px\" \/><\/a><a href=\"http:\/\/www.bemz.fr\/fr-fr\/\" target=\"_blank\">Source <\/a><\/p>\n<p style=\"text-align: justify;\"><strong>#6 - Des rideaux<\/strong> qui m\u00ealent couleurs et transparence<\/p>\n<p style=\"text-align: justify;\"><a href=\"http:\/\/www.cocondedecoration.com\/blog\/wp-content\/uploads\/2014\/03\/rideau-tie-and-dye-saint-maclou.jpg\"><img loading=\"lazy\" decoding=\"async\" class=\"aligncenter size-full wp-image-6927\" src=\"http:\/\/www.cocondedecoration.com\/blog\/wp-content\/uploads\/2014\/03\/rideau-tie-and-dye-saint-maclou.jpg\" alt=\"rideau tie and dye saint maclou\" width=\"997\" height=\"561\" srcset=\"https:\/\/www.cocondedecoration.com\/blog\/wp-content\/uploads\/2014\/03\/rideau-tie-and-dye-saint-maclou.jpg 997w, https:\/\/www.cocondedecoration.com\/blog\/wp-content\/uploads\/2014\/03\/rideau-tie-and-dye-saint-maclou-260x146.jpg 260w, https:\/\/www.cocondedecoration.com\/blog\/wp-content\/uploads\/2014\/03\/rideau-tie-and-dye-saint-maclou-640x360.jpg 640w, https:\/\/www.cocondedecoration.com\/blog\/wp-content\/uploads\/2014\/03\/rideau-tie-and-dye-saint-maclou-940x528.jpg 940w\" sizes=\"(max-width: 997px) 100vw, 997px\" \/><\/a> <a href=\"http:\/\/www.saint-maclou.com\/voilage-tye-dye-rose.html\" target=\"_blank\">Source <\/a><\/p>\n<p style=\"text-align: justify;\"><strong>#7 - Les appliques, abats-jours<\/strong> et tout autre source de lumi\u00e8re peuvent aussi prendre de nouvelles couleur - Je vous conseille vivement de faire un tour chez <a href=\"http:\/\/www.mademoiselledimanche.com\/\" target=\"_blank\">Mademoiselle Dimanche<\/a> qui propose des luminaires vraiment extras!<\/p>\n<p style=\"text-align: justify;\"><a href=\"http:\/\/www.cocondedecoration.com\/blog\/wp-content\/uploads\/2014\/03\/applique-entrelacs-bleu-clair.jpg\"><img loading=\"lazy\" decoding=\"async\" class=\"aligncenter size-full wp-image-6929\" src=\"http:\/\/www.cocondedecoration.com\/blog\/wp-content\/uploads\/2014\/03\/applique-entrelacs-bleu-clair.jpg\" alt=\"applique-entrelacs-bleu-clair\" width=\"650\" height=\"524\" srcset=\"https:\/\/www.cocondedecoration.com\/blog\/wp-content\/uploads\/2014\/03\/applique-entrelacs-bleu-clair.jpg 650w, https:\/\/www.cocondedecoration.com\/blog\/wp-content\/uploads\/2014\/03\/applique-entrelacs-bleu-clair-260x209.jpg 260w, https:\/\/www.cocondedecoration.com\/blog\/wp-content\/uploads\/2014\/03\/applique-entrelacs-bleu-clair-640x515.jpg 640w\" sizes=\"(max-width: 650px) 100vw, 650px\" \/><\/a><a href=\"http:\/\/www.mademoiselledimanche.com\/luminaires-design\/193-applique-entrelacs-bleu.html\" target=\"_blank\">Source <\/a><\/p>\n<p style=\"text-align: justify;\"><strong>#8 - Gr\u00e2ce aux coussins<\/strong> on customise son canap\u00e9!<\/p>\n<p style=\"text-align: justify;\"><a href=\"http:\/\/www.cocondedecoration.com\/blog\/wp-content\/uploads\/2014\/03\/coussin-printemps-maisons-du-monde.jpg\"><img loading=\"lazy\" decoding=\"async\" class=\"aligncenter size-full wp-image-6930\" src=\"http:\/\/www.cocondedecoration.com\/blog\/wp-content\/uploads\/2014\/03\/coussin-printemps-maisons-du-monde.jpg\" alt=\"coussin printemps maisons du monde\" width=\"1200\" height=\"1200\" srcset=\"https:\/\/www.cocondedecoration.com\/blog\/wp-content\/uploads\/2014\/03\/coussin-printemps-maisons-du-monde.jpg 1200w, https:\/\/www.cocondedecoration.com\/blog\/wp-content\/uploads\/2014\/03\/coussin-printemps-maisons-du-monde-165x165.jpg 165w, https:\/\/www.cocondedecoration.com\/blog\/wp-content\/uploads\/2014\/03\/coussin-printemps-maisons-du-monde-260x260.jpg 260w, https:\/\/www.cocondedecoration.com\/blog\/wp-content\/uploads\/2014\/03\/coussin-printemps-maisons-du-monde-640x640.jpg 640w, https:\/\/www.cocondedecoration.com\/blog\/wp-content\/uploads\/2014\/03\/coussin-printemps-maisons-du-monde-940x940.jpg 940w\" sizes=\"(max-width: 1200px) 100vw, 1200px\" \/><\/a><a href=\"http:\/\/www.maisonsdumonde.com\/FR\/fr\/produits\/fiche\/coussin-imprim-fleuri-ambroisie-141137.htm\" target=\"_blank\">Source <\/a><\/p>\n<p style=\"text-align: justify;\"><strong>#9<\/strong> - On change <strong>de tapis de salle de bain<\/strong> et on opte pour le tapis moelleux et anti d\u00e9rapant de chez Ikea (j'ai le m\u00eame en gris et il est extra!)<\/p>\n<p style=\"text-align: justify;\"><a href=\"http:\/\/www.cocondedecoration.com\/blog\/wp-content\/uploads\/2014\/03\/tapis-salle-de-bain-ikea.jpg\"><img loading=\"lazy\" decoding=\"async\" class=\"aligncenter size-full wp-image-6932\" src=\"http:\/\/www.cocondedecoration.com\/blog\/wp-content\/uploads\/2014\/03\/tapis-salle-de-bain-ikea.jpg\" alt=\"tapis salle de bain ikea\" width=\"520\" height=\"350\" srcset=\"https:\/\/www.cocondedecoration.com\/blog\/wp-content\/uploads\/2014\/03\/tapis-salle-de-bain-ikea.jpg 520w, https:\/\/www.cocondedecoration.com\/blog\/wp-content\/uploads\/2014\/03\/tapis-salle-de-bain-ikea-260x175.jpg 260w\" sizes=\"(max-width: 520px) 100vw, 520px\" \/><\/a><a href=\"http:\/\/www.ikea.com\/fr\/fr\/catalog\/categories\/departments\/bathroom\/20519\/\" target=\"_blank\">Source <\/a><\/p>\n<p style=\"text-align: justify;\"><strong>#10 -<\/strong> Suite \u00e0 un probl\u00e8me rencontr\u00e9 avec l'entreprise Fab Handmade, le n\u00b010 de cette liste n'est plus disponible.<\/p>\n<p style=\"text-align: justify;\">\u00a0<a href=\"http:\/\/storagegeek.tumblr.com\/post\/4265030106\/via-eat-live-shop-i-have-three-vintage\" target=\"_blank\">source de l'image \u00e0 la une <\/a><\/p>\n","protected":false},"excerpt":{"rendered":"<p>En avril ne te d\u00e9couvre pas d&rsquo;un fil, parait-il&#8230; On s&rsquo;en moque un peu de la m\u00e9t\u00e9o! Voyons un peu ce que nous trouvons pour d\u00e9corer notre maison, notre appartement pour le mois d&rsquo;avril et avec comme fil conducteur le tissu: #1 &#8211; Le tissus Fantasy de Casadeco &#8211; coup<span class=\"more-link\"><a href=\"https:\/\/www.cocondedecoration.com\/blog\/2014\/04\/top-10-shopping-deco-avril\/\">Lire la suite<\/a><\/span><\/p>\n","protected":false},"author":1,"featured_media":6934,"comment_status":"open","ping_status":"open","sticky":false,"template":"","format":"standard","meta":{"om_disable_all_campaigns":false,"_monsterinsights_skip_tracking":false,"_monsterinsights_sitenote_active":false,"_monsterinsights_sitenote_note":"","_monsterinsights_sitenote_category":0,"_uf_show_specific_survey":0,"_uf_disable_surveys":false,"footnotes":""},"categories":[2314],"tags":[1589,1417,110,61,129,528,23,228,24,350,694,606,1418,227,41,278,1246,480],"aioseo_notices":[],"_links":{"self":[{"href":"https:\/\/www.cocondedecoration.com\/blog\/wp-json\/wp\/v2\/posts\/6921"}],"collection":[{"href":"https:\/\/www.cocondedecoration.com\/blog\/wp-json\/wp\/v2\/posts"}],"about":[{"href":"https:\/\/www.cocondedecoration.com\/blog\/wp-json\/wp\/v2\/types\/post"}],"author":[{"embeddable":true,"href":"https:\/\/www.cocondedecoration.com\/blog\/wp-json\/wp\/v2\/users\/1"}],"replies":[{"embeddable":true,"href":"https:\/\/www.cocondedecoration.com\/blog\/wp-json\/wp\/v2\/comments?post=6921"}],"version-history":[{"count":0,"href":"https:\/\/www.cocondedecoration.com\/blog\/wp-json\/wp\/v2\/posts\/6921\/revisions"}],"wp:featuredmedia":[{"embeddable":true,"href":"https:\/\/www.cocondedecoration.com\/blog\/wp-json\/wp\/v2\/media\/6934"}],"wp:attachment":[{"href":"https:\/\/www.cocondedecoration.com\/blog\/wp-json\/wp\/v2\/media?parent=6921"}],"wp:term":[{"taxonomy":"category","embeddable":true,"href":"https:\/\/www.cocondedecoration.com\/blog\/wp-json\/wp\/v2\/categories?post=6921"},{"taxonomy":"post_tag","embeddable":true,"href":"https:\/\/www.cocondedecoration.com\/blog\/wp-json\/wp\/v2\/tags?post=6921"}],"curies":[{"name":"wp","href":"https:\/\/api.w.org\/{rel}","templated":true}]}}