{"id":68802,"date":"2023-10-27T08:26:27","date_gmt":"2023-10-27T06:26:27","guid":{"rendered":"https:\/\/www.cocondedecoration.com\/blog\/?p=68802"},"modified":"2023-10-27T08:27:33","modified_gmt":"2023-10-27T06:27:33","slug":"deco-materiau-recycle","status":"publish","type":"post","link":"https:\/\/www.cocondedecoration.com\/blog\/2023\/10\/deco-materiau-recycle\/","title":{"rendered":"Maison slow | De la d\u00e9co en mat\u00e9riau recycl\u00e9"},"content":{"rendered":"\n<p>Il y a quelques mois, je vous avais d\u00e9j\u00e0 propos\u00e9 un article autour du verre recycl\u00e9 comme mat\u00e9riau d\u00e9co. Cette fois-ci, j'ai eu envie de partager avec vous un article plus g\u00e9n\u00e9ral pour vous pr\u00e9senter les diff\u00e9rentes solutions pour d\u00e9corer votre int\u00e9rieur dans une d\u00e9marche plus slow, plus \u00e9co-responsable. Ces derni\u00e8res ann\u00e9es, j'ai pu vraiment constater un effort des marques et enseignes pour proposer des solutions plus respectueuses de l'environnement. Le choix des mat\u00e9riaux qui composent votre d\u00e9coration ou encore votre mobilier s'int\u00e8gre dans cette d\u00e9marche. <\/p>\n\n\n\n<!--more-->\n\n\n\n<div class=\"wp-block-image\"><figure class=\"aligncenter\"><a href=\"https:\/\/www.patreon.com\/cocondedeco\" target=\"_blank\" rel=\"noreferrer noopener\"><img loading=\"lazy\" decoding=\"async\" width=\"728\" height=\"90\" src=\"http:\/\/www.cocondedecoration.com\/blog\/wp-content\/uploads\/2021\/01\/banniere-patreon.png\" alt=\"\" class=\"wp-image-33877\" srcset=\"https:\/\/www.cocondedecoration.com\/blog\/wp-content\/uploads\/2021\/01\/banniere-patreon.png 728w, https:\/\/www.cocondedecoration.com\/blog\/wp-content\/uploads\/2021\/01\/banniere-patreon-260x32.png 260w, https:\/\/www.cocondedecoration.com\/blog\/wp-content\/uploads\/2021\/01\/banniere-patreon-640x79.png 640w, https:\/\/www.cocondedecoration.com\/blog\/wp-content\/uploads\/2021\/01\/banniere-patreon-465x57.png 465w, https:\/\/www.cocondedecoration.com\/blog\/wp-content\/uploads\/2021\/01\/banniere-patreon-695x86.png 695w\" sizes=\"(max-width: 728px) 100vw, 728px\" \/><\/a><\/figure><\/div>\n\n\n\n<p style=\"text-align:center\" class=\"has-background has-small-font-size has-very-light-gray-background-color\">Avant de poursuivre cet article, j'aimerai vous parler quelques instants de Patreon. C'est une plateforme en plus du blog sur laquelle vous pouvez devenir m\u00e9c\u00e8ne du blog. <br><strong>Pourquoi soutenir le blog?<\/strong> <br>Parce que c'est un travail consid\u00e9rable et m\u00eame si je le fais avec passion c'est aussi un travail pr\u00e9caire (<a rel=\"noreferrer noopener\" href=\"https:\/\/www.patreon.com\/posts\/en-quoi-consiste-86917611\" target=\"_blank\">je vous explique tout cela en d\u00e9tail dans ce post<\/a>). Si vous aimez l'article que vous \u00eates en train de lire, si vous me suivez sur les r\u00e9seaux sociaux ou encore si vous lisez r\u00e9guli\u00e8rement le blog, je vous serai reconnaissante de soutenir le blog via Patreon. Par ailleurs, en vous abonnant sur la plateforme vous acc\u00e9derez \u00e0 des contenus exclusifs pour vous remercier de votre soutien. C'est sans engagement et chaque contribution fera la diff\u00e9rence. Merci par avance de votre aide! <br><a rel=\"noreferrer noopener\" href=\"https:\/\/www.patreon.com\/cocondedeco\" target=\"_blank\"><strong>En savoir plus &amp; acc\u00e9der \u00e0 Patreon<\/strong><\/a><\/p>\n\n\n\n<h2 class=\"wp-block-heading\">Pourquoi choisir des mat\u00e9riaux recycl\u00e9s pour d\u00e9corer son int\u00e9rieur? <\/h2>\n\n\n\n<p>Les mat\u00e9riaux recycl\u00e9s sont une des solutions \/ alternatives pour cr\u00e9er un int\u00e9rieur plus \u00e9co-friendly. On peut associer cette d\u00e9marche avec d'autres habitudes de consommation plus green comme le fait de <a href=\"https:\/\/www.cocondedecoration.com\/blog\/2023\/08\/rangement-sans-plastique\/\" target=\"_blank\" rel=\"noreferrer noopener\" aria-label=\"ne plus utiliser de plastique pour ranger la maison (s\u2019ouvre dans un nouvel onglet)\">ne plus utiliser de plastique pour ranger la maison<\/a>, faire de la r\u00e9cup', acheter uniquement ce qui est n\u00e9cessaire et essentiel, acheter des produits fabriqu\u00e9s plus pr\u00e8s de chez vous notamment avec le Made in France... Si on garde en t\u00eate la signification de l'acronyme SLOW, cela donne: S pour sustainable (durable), L pour local, O pour organique, W pour whole (entier). Les mat\u00e9riaux recycl\u00e9s correspondent au moins au pendant durable d'une d\u00e9marche slow quotidienne. <\/p>\n\n\n\n<p>En g\u00e9n\u00e9ral, quand on pense recyclage, on pense \u00e0 d\u00e9chet. C'est un sujet qui a longtemps \u00e9t\u00e9 tabou puisqu'il est synonyme de salet\u00e9. M\u00eame encore maintenant, m\u00eame si on commence \u00e0 prendre conscience des enjeux environnementaux, le d\u00e9chet est connot\u00e9 n\u00e9gativement. Ce qui est \u00e0 la poubelle est cach\u00e9. Pourtant, on peut valoriser ce d\u00e9chet. On peut lui donner une nouvelle vie. Cela fait partie de la d\u00e9marche d'\u00e9conomie circulaire qui vise \u00e0 r\u00e9parer ce qui est abim\u00e9 \/ ce qui ne marche plus, qui tend \u00e0 supprimer l'obsolescence programm\u00e9e. Le recyclage permet de r\u00e9-utiliser des mat\u00e9riaux en les transformants. Vous verrez dans la suite de cet article, il y a un hamac qui est fait \u00e0 partir de bouteilles en plastique recycl\u00e9es. <\/p>\n\n\n\n<p>En parlant de plastique, c'est l'un des mat\u00e9riau qui nous vient le plus vite \u00e0 l'esprit quand on pense recyclage. Cela doit probablement venir du fait que depuis plusieurs d\u00e9cennies maintenant on nous demande de trier nos d\u00e9chets et de s\u00e9parer le plastique des autres d\u00e9chets. N\u00e9anmoins, le plastique n'est pas le seul mat\u00e9riau qui peut avoir une seconde vie \u00e0 travers la d\u00e9co. Le bois et le verre sont des mat\u00e9riaux qui se recyclent mais on peut aussi penser \u00e0 des mati\u00e8res premi\u00e8res recycl\u00e9es moins ordinaires comme le coton, le cuir, l'aluminium<\/p>\n\n\n\n<h2 class=\"wp-block-heading\">Equiper la maison avec des mat\u00e9riaux recycl\u00e9s - des solutions pour tous les budgets<\/h2>\n\n\n\n<p>Quand j'ai post\u00e9 il y a quelques mois mon article autour de la d\u00e9co en verre recycl\u00e9, sur Facebook une de mes lectrices a mis en avant que parfois le prix \u00e9tait \u00e9lev\u00e9. C'est vrai mais ce n'est pas une g\u00e9n\u00e9ralit\u00e9. <\/p>\n\n\n\n<p>Comme je l'\u00e9crivais en introduction, il y a de plus en plus de choix d\u00e9co comme mobilier avec des mat\u00e9riaux recycl\u00e9s. Je traiterai la th\u00e9matique du mobilier dans un prochain article. Plus on aura de choix, moins les prix seront \u00e9lev\u00e9s. Il y a aussi de grandes enseignes qui commencent vraiment \u00e0 consid\u00e9rer les mat\u00e9riaux recycl\u00e9s, cela joue aussi sur la gamme de prix. D\u00e9corer son int\u00e9rieur plus durablement devient plus accessible \u00e0 toutes et tous. <\/p>\n\n\n\n<p>Vous le verrez dans ma s\u00e9lection juste en dessous, il y a de la d\u00e9coration pour tous les budgets. J'essaye toujours de trouver des solutions qui ne co\u00fbtent pas un bras parce que m\u00eame quand j'avais un chez moi, je ne mettais pas des sommes folles dans ma d\u00e9co. Cependant, il y a aussi des marques et enseignes qui se d\u00e9marquent en proposant de l'\u00e9co-design. Les grandes marques de design ont tr\u00e8s vite compris les tenants et les aboutissants des mat\u00e9riaux recycl\u00e9s. Certains <a href=\"https:\/\/www.cocondedecoration.com\/blog\/2023\/10\/objet-design-culte-femme\/\" target=\"_blank\" rel=\"noreferrer noopener\" aria-label=\"mod\u00e8les iconiques du design (s\u2019ouvre dans un nouvel onglet)\">mod\u00e8les iconiques du design<\/a> ont \u00e9t\u00e9 r\u00e9-\u00e9dit\u00e9s en mat\u00e9riaux recycl\u00e9s. C'est le cas par exemple du rangement Componibili. D'autres enseignes int\u00e8grent dans l'ensemble du processus le recyclage, de la conception \u00e0 la fabrication. Et bien souvent, cela a un prix. <\/p>\n\n\n\n<h2 class=\"wp-block-heading\">Mat\u00e9riaux recycl\u00e9s - quelles solutions d\u00e9co pour une maison plus \u00e9co-responsable? <\/h2>\n\n\n\n<h3 class=\"wp-block-heading\">D\u00e9coration en coton et en velours recycl\u00e9 <\/h3>\n\n\n\n<div class=\"wp-block-columns has-3-columns is-layout-flex wp-container-core-columns-layout-1 wp-block-columns-is-layout-flex\">\n<div class=\"wp-block-column is-layout-flow wp-block-column-is-layout-flow\">\n<figure class=\"wp-block-image\"><img loading=\"lazy\" decoding=\"async\" width=\"640\" height=\"640\" src=\"https:\/\/www.cocondedecoration.com\/blog\/wp-content\/uploads\/2023\/10\/decoration-coton-recycle-la-redoute-1-640x640.jpeg\" alt=\"decoration coton recycle la redoute Coussin en coton recycl\u00e9\" class=\"wp-image-68803\" srcset=\"https:\/\/www.cocondedecoration.com\/blog\/wp-content\/uploads\/2023\/10\/decoration-coton-recycle-la-redoute-1-640x640.jpeg 640w, https:\/\/www.cocondedecoration.com\/blog\/wp-content\/uploads\/2023\/10\/decoration-coton-recycle-la-redoute-1-165x165.jpeg 165w, https:\/\/www.cocondedecoration.com\/blog\/wp-content\/uploads\/2023\/10\/decoration-coton-recycle-la-redoute-1-260x260.jpeg 260w, https:\/\/www.cocondedecoration.com\/blog\/wp-content\/uploads\/2023\/10\/decoration-coton-recycle-la-redoute-1-465x465.jpeg 465w, https:\/\/www.cocondedecoration.com\/blog\/wp-content\/uploads\/2023\/10\/decoration-coton-recycle-la-redoute-1-500x500.jpeg 500w, https:\/\/www.cocondedecoration.com\/blog\/wp-content\/uploads\/2023\/10\/decoration-coton-recycle-la-redoute-1.jpeg 650w\" sizes=\"(max-width: 640px) 100vw, 640px\" \/><figcaption><a href=\"https:\/\/c3po.link\/QCwsp7g5QP\" target=\"_blank\" rel=\"noreferrer noopener\" aria-label=\"Coussin en coton recycl\u00e9 (s\u2019ouvre dans un nouvel onglet)\">Coussin en coton recycl\u00e9<\/a> - La Redoute <\/figcaption><\/figure>\n\n\n\n<figure class=\"wp-block-image\"><img loading=\"lazy\" decoding=\"async\" width=\"640\" height=\"640\" src=\"https:\/\/www.cocondedecoration.com\/blog\/wp-content\/uploads\/2023\/10\/decoration-coton-recycle-la-redoute-4-640x640.jpeg\" alt=\"decoration coton recycle la redoute Matelas de sol coton recycl\u00e9 120 cm\" class=\"wp-image-68805\" srcset=\"https:\/\/www.cocondedecoration.com\/blog\/wp-content\/uploads\/2023\/10\/decoration-coton-recycle-la-redoute-4-640x640.jpeg 640w, https:\/\/www.cocondedecoration.com\/blog\/wp-content\/uploads\/2023\/10\/decoration-coton-recycle-la-redoute-4-165x165.jpeg 165w, https:\/\/www.cocondedecoration.com\/blog\/wp-content\/uploads\/2023\/10\/decoration-coton-recycle-la-redoute-4-260x260.jpeg 260w, https:\/\/www.cocondedecoration.com\/blog\/wp-content\/uploads\/2023\/10\/decoration-coton-recycle-la-redoute-4-465x465.jpeg 465w, https:\/\/www.cocondedecoration.com\/blog\/wp-content\/uploads\/2023\/10\/decoration-coton-recycle-la-redoute-4-500x500.jpeg 500w, https:\/\/www.cocondedecoration.com\/blog\/wp-content\/uploads\/2023\/10\/decoration-coton-recycle-la-redoute-4.jpeg 650w\" sizes=\"(max-width: 640px) 100vw, 640px\" \/><figcaption><a href=\"https:\/\/c3po.link\/QNma3JVQ3N\" target=\"_blank\" rel=\"noreferrer noopener\" aria-label=\"Matelas de sol coton recycl\u00e9 (s\u2019ouvre dans un nouvel onglet)\">Matelas de sol coton recycl\u00e9<\/a> - La Redoute<\/figcaption><\/figure>\n\n\n\n<figure class=\"wp-block-image\"><img loading=\"lazy\" decoding=\"async\" width=\"640\" height=\"640\" src=\"https:\/\/www.cocondedecoration.com\/blog\/wp-content\/uploads\/2023\/10\/deco-textile-recyclee-slow-living-drawer-2-640x640.jpeg\" alt=\"deco textile recyclee slow living drawer Plaid en coton recycl\u00e9 beige moderne\" class=\"wp-image-68827\" srcset=\"https:\/\/www.cocondedecoration.com\/blog\/wp-content\/uploads\/2023\/10\/deco-textile-recyclee-slow-living-drawer-2-640x640.jpeg 640w, https:\/\/www.cocondedecoration.com\/blog\/wp-content\/uploads\/2023\/10\/deco-textile-recyclee-slow-living-drawer-2-165x165.jpeg 165w, https:\/\/www.cocondedecoration.com\/blog\/wp-content\/uploads\/2023\/10\/deco-textile-recyclee-slow-living-drawer-2-260x260.jpeg 260w, https:\/\/www.cocondedecoration.com\/blog\/wp-content\/uploads\/2023\/10\/deco-textile-recyclee-slow-living-drawer-2-465x465.jpeg 465w, https:\/\/www.cocondedecoration.com\/blog\/wp-content\/uploads\/2023\/10\/deco-textile-recyclee-slow-living-drawer-2-500x500.jpeg 500w, https:\/\/www.cocondedecoration.com\/blog\/wp-content\/uploads\/2023\/10\/deco-textile-recyclee-slow-living-drawer-2.jpeg 650w\" sizes=\"(max-width: 640px) 100vw, 640px\" \/><figcaption><a href=\"https:\/\/c3po.link\/QMdSBz8uy2\" target=\"_blank\" rel=\"noreferrer noopener\" aria-label=\"Plaid en coton recycl\u00e9 BLOOMINGVILLE (s\u2019ouvre dans un nouvel onglet)\">Plaid en coton recycl\u00e9 BLOOMINGVILLE<\/a> - Drawer<\/figcaption><\/figure>\n\n\n\n<figure class=\"wp-block-image\"><img loading=\"lazy\" decoding=\"async\" width=\"640\" height=\"640\" src=\"https:\/\/www.cocondedecoration.com\/blog\/wp-content\/uploads\/2023\/10\/eco-design-textile-recycle-deco-2-640x640.jpeg\" alt=\"\" class=\"wp-image-68830\" srcset=\"https:\/\/www.cocondedecoration.com\/blog\/wp-content\/uploads\/2023\/10\/eco-design-textile-recycle-deco-2-640x640.jpeg 640w, https:\/\/www.cocondedecoration.com\/blog\/wp-content\/uploads\/2023\/10\/eco-design-textile-recycle-deco-2-165x165.jpeg 165w, https:\/\/www.cocondedecoration.com\/blog\/wp-content\/uploads\/2023\/10\/eco-design-textile-recycle-deco-2-260x260.jpeg 260w, https:\/\/www.cocondedecoration.com\/blog\/wp-content\/uploads\/2023\/10\/eco-design-textile-recycle-deco-2-465x465.jpeg 465w, https:\/\/www.cocondedecoration.com\/blog\/wp-content\/uploads\/2023\/10\/eco-design-textile-recycle-deco-2-500x500.jpeg 500w, https:\/\/www.cocondedecoration.com\/blog\/wp-content\/uploads\/2023\/10\/eco-design-textile-recycle-deco-2.jpeg 650w\" sizes=\"(max-width: 640px) 100vw, 640px\" \/><figcaption><a href=\"https:\/\/c3po.link\/QJ2U9wHCRz\" target=\"_blank\" rel=\"noreferrer noopener\" aria-label=\"Panier en coton recycl\u00e9 FERM LIVING (s\u2019ouvre dans un nouvel onglet)\">Panier en coton recycl\u00e9 FERM LIVING<\/a> - Made in Design<\/figcaption><\/figure>\n\n\n\n<figure class=\"wp-block-image\"><img loading=\"lazy\" decoding=\"async\" width=\"640\" height=\"640\" src=\"https:\/\/www.cocondedecoration.com\/blog\/wp-content\/uploads\/2023\/10\/eco-design-textile-recycle-deco-5-640x640.jpeg\" alt=\"eco design textile recycle deco  Mobilier - Poufs - Pouf Original Slim Velvet tissu jaune \/ Velours recycl\u00e9 - 155 x 120 cm - Fatboy - Or miel -  Micro-billes EPS, Velours polyester recycl\u00e9 Mobilier - Poufs - Pouf Original Slim Velvet tissu jaune \/ Velours recycl\u00e9 - 155 x 120 cm - Fatboy - Or miel -  Micro-billes EPS, Velours polyester recycl\u00e9 Mobilier - Poufs - Pouf Original Slim Velvet tissu jaune \/ Velours recycl\u00e9 - 155 x 120 cm - Fatboy - Or miel -  Micro-billes EPS, Velours polyester recycl\u00e9 Mobilier - Poufs - Pouf Original Slim Velvet tissu jaune \/ Velours recycl\u00e9 - 155 x 120 cm - Fatboy - Or miel -  Micro-billes EPS, Velours polyester recycl\u00e9 FATBOY POUF ORIGINAL SLIM VELVET TISSU JAUNE \/ VELOURS RECYCL\u00c9\" class=\"wp-image-68833\" srcset=\"https:\/\/www.cocondedecoration.com\/blog\/wp-content\/uploads\/2023\/10\/eco-design-textile-recycle-deco-5-640x640.jpeg 640w, https:\/\/www.cocondedecoration.com\/blog\/wp-content\/uploads\/2023\/10\/eco-design-textile-recycle-deco-5-165x165.jpeg 165w, https:\/\/www.cocondedecoration.com\/blog\/wp-content\/uploads\/2023\/10\/eco-design-textile-recycle-deco-5-260x260.jpeg 260w, https:\/\/www.cocondedecoration.com\/blog\/wp-content\/uploads\/2023\/10\/eco-design-textile-recycle-deco-5-465x465.jpeg 465w, https:\/\/www.cocondedecoration.com\/blog\/wp-content\/uploads\/2023\/10\/eco-design-textile-recycle-deco-5-500x500.jpeg 500w, https:\/\/www.cocondedecoration.com\/blog\/wp-content\/uploads\/2023\/10\/eco-design-textile-recycle-deco-5.jpeg 650w\" sizes=\"(max-width: 640px) 100vw, 640px\" \/><figcaption><a href=\"https:\/\/c3po.link\/QCW6mWUxkD\" target=\"_blank\" rel=\"noreferrer noopener\" aria-label=\"Pouf en velours recycl\u00e9 FATBOY (s\u2019ouvre dans un nouvel onglet)\">Pouf en velours recycl\u00e9 FATBOY<\/a> - Made in Design <\/figcaption><\/figure>\n\n\n\n<figure class=\"wp-block-image\"><img loading=\"lazy\" decoding=\"async\" width=\"640\" height=\"640\" src=\"https:\/\/www.cocondedecoration.com\/blog\/wp-content\/uploads\/2023\/10\/deco-textile-recyclee-maisons-du-monde-3-640x640.jpeg\" alt=\"deco textile recyclee maisons du monde Plaid recycl\u00e9 en coton recycle neige 130 x 170\" class=\"wp-image-68857\" srcset=\"https:\/\/www.cocondedecoration.com\/blog\/wp-content\/uploads\/2023\/10\/deco-textile-recyclee-maisons-du-monde-3-640x640.jpeg 640w, https:\/\/www.cocondedecoration.com\/blog\/wp-content\/uploads\/2023\/10\/deco-textile-recyclee-maisons-du-monde-3-165x165.jpeg 165w, https:\/\/www.cocondedecoration.com\/blog\/wp-content\/uploads\/2023\/10\/deco-textile-recyclee-maisons-du-monde-3-260x260.jpeg 260w, https:\/\/www.cocondedecoration.com\/blog\/wp-content\/uploads\/2023\/10\/deco-textile-recyclee-maisons-du-monde-3-465x465.jpeg 465w, https:\/\/www.cocondedecoration.com\/blog\/wp-content\/uploads\/2023\/10\/deco-textile-recyclee-maisons-du-monde-3-500x500.jpeg 500w, https:\/\/www.cocondedecoration.com\/blog\/wp-content\/uploads\/2023\/10\/deco-textile-recyclee-maisons-du-monde-3.jpeg 650w\" sizes=\"(max-width: 640px) 100vw, 640px\" \/><figcaption><a href=\"https:\/\/fnty.co\/c\/r-uoFtTVbG\" target=\"_blank\" rel=\"noreferrer noopener\" aria-label=\"Plaid recycl\u00e9 en coton recycle neige (s\u2019ouvre dans un nouvel onglet)\">Plaid recycl\u00e9 en coton recycle neige<\/a> - Maisons du Monde<\/figcaption><\/figure>\n<\/div>\n\n\n\n<div class=\"wp-block-column is-layout-flow wp-block-column-is-layout-flow\">\n<figure class=\"wp-block-image\"><img loading=\"lazy\" decoding=\"async\" width=\"640\" height=\"640\" src=\"https:\/\/www.cocondedecoration.com\/blog\/wp-content\/uploads\/2023\/10\/decoration-coton-recycle-la-redoute-2-640x640.jpeg\" alt=\"decoration coton recycle la redoute Tapis rectangulaire en coton recycl\u00e9 kilim imprim\u00e9 multicolore\" class=\"wp-image-68806\" srcset=\"https:\/\/www.cocondedecoration.com\/blog\/wp-content\/uploads\/2023\/10\/decoration-coton-recycle-la-redoute-2-640x640.jpeg 640w, https:\/\/www.cocondedecoration.com\/blog\/wp-content\/uploads\/2023\/10\/decoration-coton-recycle-la-redoute-2-165x165.jpeg 165w, https:\/\/www.cocondedecoration.com\/blog\/wp-content\/uploads\/2023\/10\/decoration-coton-recycle-la-redoute-2-260x260.jpeg 260w, https:\/\/www.cocondedecoration.com\/blog\/wp-content\/uploads\/2023\/10\/decoration-coton-recycle-la-redoute-2-465x465.jpeg 465w, https:\/\/www.cocondedecoration.com\/blog\/wp-content\/uploads\/2023\/10\/decoration-coton-recycle-la-redoute-2-500x500.jpeg 500w, https:\/\/www.cocondedecoration.com\/blog\/wp-content\/uploads\/2023\/10\/decoration-coton-recycle-la-redoute-2.jpeg 650w\" sizes=\"(max-width: 640px) 100vw, 640px\" \/><figcaption><a href=\"https:\/\/c3po.link\/Qyg7uXWAHF\" target=\"_blank\" rel=\"noreferrer noopener\" aria-label=\"Tapis rectangulaire en coton recycl\u00e9 kilim (s\u2019ouvre dans un nouvel onglet)\">Tapis rectangulaire en coton recycl\u00e9 kilim<\/a> - La Redoute<\/figcaption><\/figure>\n\n\n\n<figure class=\"wp-block-image\"><img loading=\"lazy\" decoding=\"async\" width=\"640\" height=\"640\" src=\"https:\/\/www.cocondedecoration.com\/blog\/wp-content\/uploads\/2023\/10\/decoration-coton-recycle-la-redoute-5-640x640.jpeg\" alt=\"decoration coton recycle la redoute Plaid en coton recycl\u00e9 gaufr\u00e9\" class=\"wp-image-68807\" srcset=\"https:\/\/www.cocondedecoration.com\/blog\/wp-content\/uploads\/2023\/10\/decoration-coton-recycle-la-redoute-5-640x640.jpeg 640w, https:\/\/www.cocondedecoration.com\/blog\/wp-content\/uploads\/2023\/10\/decoration-coton-recycle-la-redoute-5-165x165.jpeg 165w, https:\/\/www.cocondedecoration.com\/blog\/wp-content\/uploads\/2023\/10\/decoration-coton-recycle-la-redoute-5-260x260.jpeg 260w, https:\/\/www.cocondedecoration.com\/blog\/wp-content\/uploads\/2023\/10\/decoration-coton-recycle-la-redoute-5-465x465.jpeg 465w, https:\/\/www.cocondedecoration.com\/blog\/wp-content\/uploads\/2023\/10\/decoration-coton-recycle-la-redoute-5-500x500.jpeg 500w, https:\/\/www.cocondedecoration.com\/blog\/wp-content\/uploads\/2023\/10\/decoration-coton-recycle-la-redoute-5.jpeg 650w\" sizes=\"(max-width: 640px) 100vw, 640px\" \/><figcaption><a href=\"https:\/\/c3po.link\/Qy3puPkv8R\" target=\"_blank\" rel=\"noreferrer noopener\" aria-label=\"Plaid en coton recycl\u00e9 gaufr\u00e9 (s\u2019ouvre dans un nouvel onglet)\">Plaid en coton recycl\u00e9 gaufr\u00e9<\/a> - La Redoute<\/figcaption><\/figure>\n\n\n\n<figure class=\"wp-block-image\"><img loading=\"lazy\" decoding=\"async\" width=\"640\" height=\"640\" src=\"https:\/\/www.cocondedecoration.com\/blog\/wp-content\/uploads\/2023\/10\/deco-textile-recyclee-slow-living-drawer-3-640x640.jpeg\" alt=\"deco textile recyclee slow living drawer Plaid en coton recycl\u00e9 130x160cm neutre bloomingville\" class=\"wp-image-68828\" srcset=\"https:\/\/www.cocondedecoration.com\/blog\/wp-content\/uploads\/2023\/10\/deco-textile-recyclee-slow-living-drawer-3-640x640.jpeg 640w, https:\/\/www.cocondedecoration.com\/blog\/wp-content\/uploads\/2023\/10\/deco-textile-recyclee-slow-living-drawer-3-165x165.jpeg 165w, https:\/\/www.cocondedecoration.com\/blog\/wp-content\/uploads\/2023\/10\/deco-textile-recyclee-slow-living-drawer-3-260x260.jpeg 260w, https:\/\/www.cocondedecoration.com\/blog\/wp-content\/uploads\/2023\/10\/deco-textile-recyclee-slow-living-drawer-3-465x465.jpeg 465w, https:\/\/www.cocondedecoration.com\/blog\/wp-content\/uploads\/2023\/10\/deco-textile-recyclee-slow-living-drawer-3-500x500.jpeg 500w, https:\/\/www.cocondedecoration.com\/blog\/wp-content\/uploads\/2023\/10\/deco-textile-recyclee-slow-living-drawer-3.jpeg 650w\" sizes=\"(max-width: 640px) 100vw, 640px\" \/><figcaption><a href=\"https:\/\/c3po.link\/QBbfhU9Bkg\" target=\"_blank\" rel=\"noreferrer noopener\" aria-label=\"Plaid en coton recycl\u00e9 130x160cm (s\u2019ouvre dans un nouvel onglet)\">Plaid en coton recycl\u00e9 130x160cm<\/a> - Drawer<\/figcaption><\/figure>\n\n\n\n<figure class=\"wp-block-image\"><img loading=\"lazy\" decoding=\"async\" width=\"640\" height=\"640\" src=\"https:\/\/www.cocondedecoration.com\/blog\/wp-content\/uploads\/2023\/10\/eco-design-textile-recycle-deco-3-640x640.jpeg\" alt=\"eco design textile recycle deco COUSSIN SQUARE VELVET TISSU ROSE MARRON \/ VELOURS RECYCL\u00c9\" class=\"wp-image-68831\" srcset=\"https:\/\/www.cocondedecoration.com\/blog\/wp-content\/uploads\/2023\/10\/eco-design-textile-recycle-deco-3-640x640.jpeg 640w, https:\/\/www.cocondedecoration.com\/blog\/wp-content\/uploads\/2023\/10\/eco-design-textile-recycle-deco-3-165x165.jpeg 165w, https:\/\/www.cocondedecoration.com\/blog\/wp-content\/uploads\/2023\/10\/eco-design-textile-recycle-deco-3-260x260.jpeg 260w, https:\/\/www.cocondedecoration.com\/blog\/wp-content\/uploads\/2023\/10\/eco-design-textile-recycle-deco-3-465x465.jpeg 465w, https:\/\/www.cocondedecoration.com\/blog\/wp-content\/uploads\/2023\/10\/eco-design-textile-recycle-deco-3-500x500.jpeg 500w, https:\/\/www.cocondedecoration.com\/blog\/wp-content\/uploads\/2023\/10\/eco-design-textile-recycle-deco-3.jpeg 650w\" sizes=\"(max-width: 640px) 100vw, 640px\" \/><figcaption><a href=\"https:\/\/c3po.link\/QffnAJRFMs\" target=\"_blank\" rel=\"noreferrer noopener\" aria-label=\"Coussin en velours recycl\u00e9 FATBOY (s\u2019ouvre dans un nouvel onglet)\">Coussin en velours recycl\u00e9 FATBOY<\/a> - Made in Design<\/figcaption><\/figure>\n\n\n\n<figure class=\"wp-block-image\"><img loading=\"lazy\" decoding=\"async\" width=\"640\" height=\"640\" src=\"https:\/\/www.cocondedecoration.com\/blog\/wp-content\/uploads\/2023\/10\/deco-textile-recyclee-maisons-du-monde-1-640x640.jpeg\" alt=\"deco textile recyclee maisons du monde Coussin en coton recycl\u00e9 tiss\u00e9 beige avec pompons 50x50\" class=\"wp-image-68855\" srcset=\"https:\/\/www.cocondedecoration.com\/blog\/wp-content\/uploads\/2023\/10\/deco-textile-recyclee-maisons-du-monde-1-640x640.jpeg 640w, https:\/\/www.cocondedecoration.com\/blog\/wp-content\/uploads\/2023\/10\/deco-textile-recyclee-maisons-du-monde-1-165x165.jpeg 165w, https:\/\/www.cocondedecoration.com\/blog\/wp-content\/uploads\/2023\/10\/deco-textile-recyclee-maisons-du-monde-1-260x260.jpeg 260w, https:\/\/www.cocondedecoration.com\/blog\/wp-content\/uploads\/2023\/10\/deco-textile-recyclee-maisons-du-monde-1-465x465.jpeg 465w, https:\/\/www.cocondedecoration.com\/blog\/wp-content\/uploads\/2023\/10\/deco-textile-recyclee-maisons-du-monde-1-500x500.jpeg 500w, https:\/\/www.cocondedecoration.com\/blog\/wp-content\/uploads\/2023\/10\/deco-textile-recyclee-maisons-du-monde-1.jpeg 650w\" sizes=\"(max-width: 640px) 100vw, 640px\" \/><figcaption><a href=\"https:\/\/fnty.co\/c\/r-XePvOftX\" target=\"_blank\" rel=\"noreferrer noopener\" aria-label=\"Coussin en coton recycl\u00e9 tiss\u00e9 beige avec pompons  (s\u2019ouvre dans un nouvel onglet)\">Coussin en coton recycl\u00e9 tiss\u00e9 beige avec pompons <\/a>- Maisons du Monde<\/figcaption><\/figure>\n\n\n\n<figure class=\"wp-block-image\"><img loading=\"lazy\" decoding=\"async\" width=\"640\" height=\"640\" src=\"https:\/\/www.cocondedecoration.com\/blog\/wp-content\/uploads\/2023\/10\/deco-textile-recyclee-maisons-du-monde-4-640x640.jpeg\" alt=\"deco textile recyclee maisons du monde Nappe recycl\u00e9e en coton ficelle 140 x 140\" class=\"wp-image-68858\" srcset=\"https:\/\/www.cocondedecoration.com\/blog\/wp-content\/uploads\/2023\/10\/deco-textile-recyclee-maisons-du-monde-4-640x640.jpeg 640w, https:\/\/www.cocondedecoration.com\/blog\/wp-content\/uploads\/2023\/10\/deco-textile-recyclee-maisons-du-monde-4-165x165.jpeg 165w, https:\/\/www.cocondedecoration.com\/blog\/wp-content\/uploads\/2023\/10\/deco-textile-recyclee-maisons-du-monde-4-260x260.jpeg 260w, https:\/\/www.cocondedecoration.com\/blog\/wp-content\/uploads\/2023\/10\/deco-textile-recyclee-maisons-du-monde-4-465x465.jpeg 465w, https:\/\/www.cocondedecoration.com\/blog\/wp-content\/uploads\/2023\/10\/deco-textile-recyclee-maisons-du-monde-4-500x500.jpeg 500w, https:\/\/www.cocondedecoration.com\/blog\/wp-content\/uploads\/2023\/10\/deco-textile-recyclee-maisons-du-monde-4.jpeg 650w\" sizes=\"(max-width: 640px) 100vw, 640px\" \/><figcaption><a href=\"https:\/\/fnty.co\/c\/r-QizCMRgz\" target=\"_blank\" rel=\"noreferrer noopener\" aria-label=\"Nappe recycl\u00e9e en coton ficelle (s\u2019ouvre dans un nouvel onglet)\">Nappe recycl\u00e9e en coton ficelle<\/a> - Maisons du Monde<\/figcaption><\/figure>\n<\/div>\n\n\n\n<div class=\"wp-block-column is-layout-flow wp-block-column-is-layout-flow\">\n<figure class=\"wp-block-image\"><img loading=\"lazy\" decoding=\"async\" width=\"640\" height=\"640\" src=\"https:\/\/www.cocondedecoration.com\/blog\/wp-content\/uploads\/2023\/10\/decoration-coton-recycle-la-redoute-3-640x640.jpeg\" alt=\"decoration coton recycle la redoute Tapis 100% coton recycl\u00e9 motifs berb\u00e8res\" class=\"wp-image-68804\" srcset=\"https:\/\/www.cocondedecoration.com\/blog\/wp-content\/uploads\/2023\/10\/decoration-coton-recycle-la-redoute-3-640x640.jpeg 640w, https:\/\/www.cocondedecoration.com\/blog\/wp-content\/uploads\/2023\/10\/decoration-coton-recycle-la-redoute-3-165x165.jpeg 165w, https:\/\/www.cocondedecoration.com\/blog\/wp-content\/uploads\/2023\/10\/decoration-coton-recycle-la-redoute-3-260x260.jpeg 260w, https:\/\/www.cocondedecoration.com\/blog\/wp-content\/uploads\/2023\/10\/decoration-coton-recycle-la-redoute-3-465x465.jpeg 465w, https:\/\/www.cocondedecoration.com\/blog\/wp-content\/uploads\/2023\/10\/decoration-coton-recycle-la-redoute-3-500x500.jpeg 500w, https:\/\/www.cocondedecoration.com\/blog\/wp-content\/uploads\/2023\/10\/decoration-coton-recycle-la-redoute-3.jpeg 650w\" sizes=\"(max-width: 640px) 100vw, 640px\" \/><figcaption><a href=\"https:\/\/c3po.link\/Qt5ZVAUDNe\" target=\"_blank\" rel=\"noreferrer noopener\" aria-label=\"Tapis 100% coton recycl\u00e9 motifs berb\u00e8res (s\u2019ouvre dans un nouvel onglet)\">Tapis 100% coton recycl\u00e9 motifs berb\u00e8res<\/a> - La Redoute<\/figcaption><\/figure>\n\n\n\n<figure class=\"wp-block-image\"><img loading=\"lazy\" decoding=\"async\" width=\"640\" height=\"640\" src=\"https:\/\/www.cocondedecoration.com\/blog\/wp-content\/uploads\/2023\/10\/deco-textile-recyclee-slow-living-drawer-1-640x640.jpeg\" alt=\"deco textile recyclee slow living drawer Plaid en coton recycl\u00e9 130x160cm blomingville\" class=\"wp-image-68826\" srcset=\"https:\/\/www.cocondedecoration.com\/blog\/wp-content\/uploads\/2023\/10\/deco-textile-recyclee-slow-living-drawer-1-640x640.jpeg 640w, https:\/\/www.cocondedecoration.com\/blog\/wp-content\/uploads\/2023\/10\/deco-textile-recyclee-slow-living-drawer-1-165x165.jpeg 165w, https:\/\/www.cocondedecoration.com\/blog\/wp-content\/uploads\/2023\/10\/deco-textile-recyclee-slow-living-drawer-1-260x260.jpeg 260w, https:\/\/www.cocondedecoration.com\/blog\/wp-content\/uploads\/2023\/10\/deco-textile-recyclee-slow-living-drawer-1-465x465.jpeg 465w, https:\/\/www.cocondedecoration.com\/blog\/wp-content\/uploads\/2023\/10\/deco-textile-recyclee-slow-living-drawer-1-500x500.jpeg 500w, https:\/\/www.cocondedecoration.com\/blog\/wp-content\/uploads\/2023\/10\/deco-textile-recyclee-slow-living-drawer-1.jpeg 650w\" sizes=\"(max-width: 640px) 100vw, 640px\" \/><figcaption><a href=\"https:\/\/c3po.link\/Q57pzFD6Zq\" target=\"_blank\" rel=\"noreferrer noopener\" aria-label=\"Plaid en coton recycl\u00e9 BLOOMINGVILLE  (s\u2019ouvre dans un nouvel onglet)\">Plaid en coton recycl\u00e9 BLOOMINGVILLE <\/a>- Drawer<\/figcaption><\/figure>\n\n\n\n<figure class=\"wp-block-image\"><img loading=\"lazy\" decoding=\"async\" width=\"640\" height=\"640\" src=\"https:\/\/www.cocondedecoration.com\/blog\/wp-content\/uploads\/2023\/10\/eco-design-textile-recycle-deco-1-640x640.jpeg\" alt=\"\" class=\"wp-image-68829\" srcset=\"https:\/\/www.cocondedecoration.com\/blog\/wp-content\/uploads\/2023\/10\/eco-design-textile-recycle-deco-1-640x640.jpeg 640w, https:\/\/www.cocondedecoration.com\/blog\/wp-content\/uploads\/2023\/10\/eco-design-textile-recycle-deco-1-165x165.jpeg 165w, https:\/\/www.cocondedecoration.com\/blog\/wp-content\/uploads\/2023\/10\/eco-design-textile-recycle-deco-1-260x260.jpeg 260w, https:\/\/www.cocondedecoration.com\/blog\/wp-content\/uploads\/2023\/10\/eco-design-textile-recycle-deco-1-465x465.jpeg 465w, https:\/\/www.cocondedecoration.com\/blog\/wp-content\/uploads\/2023\/10\/eco-design-textile-recycle-deco-1-500x500.jpeg 500w, https:\/\/www.cocondedecoration.com\/blog\/wp-content\/uploads\/2023\/10\/eco-design-textile-recycle-deco-1.jpeg 650w\" sizes=\"(max-width: 640px) 100vw, 640px\" \/><figcaption><a href=\"https:\/\/c3po.link\/nQVtEwEDN8\" target=\"_blank\" rel=\"noreferrer noopener\" aria-label=\"Coussin en coton recycl\u00e9 BLOMINGVILLE (s\u2019ouvre dans un nouvel onglet)\">Coussin en coton recycl\u00e9 BLOMINGVILLE<\/a> - Made in Design<\/figcaption><\/figure>\n\n\n\n<figure class=\"wp-block-image\"><img loading=\"lazy\" decoding=\"async\" width=\"640\" height=\"640\" src=\"https:\/\/www.cocondedecoration.com\/blog\/wp-content\/uploads\/2023\/10\/eco-design-textile-recycle-deco-4-640x640.jpeg\" alt=\"eco design textile recycle deco POUF POINT VELVET TISSU BLEU \/ VELOURS RECYCL\u00c9\" class=\"wp-image-68832\" srcset=\"https:\/\/www.cocondedecoration.com\/blog\/wp-content\/uploads\/2023\/10\/eco-design-textile-recycle-deco-4-640x640.jpeg 640w, https:\/\/www.cocondedecoration.com\/blog\/wp-content\/uploads\/2023\/10\/eco-design-textile-recycle-deco-4-165x165.jpeg 165w, https:\/\/www.cocondedecoration.com\/blog\/wp-content\/uploads\/2023\/10\/eco-design-textile-recycle-deco-4-260x260.jpeg 260w, https:\/\/www.cocondedecoration.com\/blog\/wp-content\/uploads\/2023\/10\/eco-design-textile-recycle-deco-4-465x465.jpeg 465w, https:\/\/www.cocondedecoration.com\/blog\/wp-content\/uploads\/2023\/10\/eco-design-textile-recycle-deco-4-500x500.jpeg 500w, https:\/\/www.cocondedecoration.com\/blog\/wp-content\/uploads\/2023\/10\/eco-design-textile-recycle-deco-4.jpeg 650w\" sizes=\"(max-width: 640px) 100vw, 640px\" \/><figcaption><a href=\"https:\/\/c3po.link\/Qxy7cnaU8T\" target=\"_blank\" rel=\"noreferrer noopener\" aria-label=\"Pouf rond en velours recycl\u00e9 FATBOY (s\u2019ouvre dans un nouvel onglet)\">Pouf rond en velours recycl\u00e9 FATBOY<\/a> - Made in Design<\/figcaption><\/figure>\n\n\n\n<figure class=\"wp-block-image\"><img loading=\"lazy\" decoding=\"async\" width=\"640\" height=\"640\" src=\"https:\/\/www.cocondedecoration.com\/blog\/wp-content\/uploads\/2023\/10\/deco-textile-recyclee-maisons-du-monde-2-640x640.jpeg\" alt=\"deco textile recyclee maisons du monde Plaid uni recycl\u00e9 en coton recycle caviar\" class=\"wp-image-68856\" srcset=\"https:\/\/www.cocondedecoration.com\/blog\/wp-content\/uploads\/2023\/10\/deco-textile-recyclee-maisons-du-monde-2-640x640.jpeg 640w, https:\/\/www.cocondedecoration.com\/blog\/wp-content\/uploads\/2023\/10\/deco-textile-recyclee-maisons-du-monde-2-165x165.jpeg 165w, https:\/\/www.cocondedecoration.com\/blog\/wp-content\/uploads\/2023\/10\/deco-textile-recyclee-maisons-du-monde-2-260x260.jpeg 260w, https:\/\/www.cocondedecoration.com\/blog\/wp-content\/uploads\/2023\/10\/deco-textile-recyclee-maisons-du-monde-2-465x465.jpeg 465w, https:\/\/www.cocondedecoration.com\/blog\/wp-content\/uploads\/2023\/10\/deco-textile-recyclee-maisons-du-monde-2-500x500.jpeg 500w, https:\/\/www.cocondedecoration.com\/blog\/wp-content\/uploads\/2023\/10\/deco-textile-recyclee-maisons-du-monde-2.jpeg 650w\" sizes=\"(max-width: 640px) 100vw, 640px\" \/><figcaption><a href=\"https:\/\/fnty.co\/c\/r-JWdeFkrh\" target=\"_blank\" rel=\"noreferrer noopener\" aria-label=\"Plaid uni recycl\u00e9 en coton recycle caviar (s\u2019ouvre dans un nouvel onglet)\">Plaid uni recycl\u00e9 en coton recycle caviar<\/a> - Maisons du Monde<\/figcaption><\/figure>\n\n\n\n<figure class=\"wp-block-image\"><img loading=\"lazy\" decoding=\"async\" width=\"640\" height=\"640\" src=\"https:\/\/www.cocondedecoration.com\/blog\/wp-content\/uploads\/2023\/10\/deco-textile-recyclee-maisons-du-monde-5-640x640.jpeg\" alt=\"deco textile recyclee maisons du monde deco textile recyclee maisons du monde Coussin en coton recycl\u00e9 tiss\u00e9 terracotta avec pompons 30x50\" class=\"wp-image-68859\" srcset=\"https:\/\/www.cocondedecoration.com\/blog\/wp-content\/uploads\/2023\/10\/deco-textile-recyclee-maisons-du-monde-5-640x640.jpeg 640w, https:\/\/www.cocondedecoration.com\/blog\/wp-content\/uploads\/2023\/10\/deco-textile-recyclee-maisons-du-monde-5-165x165.jpeg 165w, https:\/\/www.cocondedecoration.com\/blog\/wp-content\/uploads\/2023\/10\/deco-textile-recyclee-maisons-du-monde-5-260x260.jpeg 260w, https:\/\/www.cocondedecoration.com\/blog\/wp-content\/uploads\/2023\/10\/deco-textile-recyclee-maisons-du-monde-5-465x465.jpeg 465w, https:\/\/www.cocondedecoration.com\/blog\/wp-content\/uploads\/2023\/10\/deco-textile-recyclee-maisons-du-monde-5-500x500.jpeg 500w, https:\/\/www.cocondedecoration.com\/blog\/wp-content\/uploads\/2023\/10\/deco-textile-recyclee-maisons-du-monde-5.jpeg 650w\" sizes=\"(max-width: 640px) 100vw, 640px\" \/><figcaption><a href=\"https:\/\/fnty.co\/c\/r-kbSzrFtV\" target=\"_blank\" rel=\"noreferrer noopener\" aria-label=\"Coussin en coton recycl\u00e9 tiss\u00e9 terracotta (s\u2019ouvre dans un nouvel onglet)\">Coussin en coton recycl\u00e9 tiss\u00e9 terracotta<\/a> - Maisons du Monde<\/figcaption><\/figure>\n<\/div>\n<\/div>\n\n\n\n<h3 class=\"wp-block-heading\">Bois recycl\u00e9 pour une d\u00e9co chaleureuse <\/h3>\n\n\n\n<div class=\"wp-block-columns has-3-columns is-layout-flex wp-container-core-columns-layout-2 wp-block-columns-is-layout-flex\">\n<div class=\"wp-block-column is-layout-flow wp-block-column-is-layout-flow\">\n<figure class=\"wp-block-image\"><img loading=\"lazy\" decoding=\"async\" width=\"640\" height=\"640\" src=\"https:\/\/www.cocondedecoration.com\/blog\/wp-content\/uploads\/2023\/10\/deco-bois-recycle-la-redoute-1-640x640.jpeg\" alt=\"deco bois recycle la redoute D\u00e9coration murale bois de teck recycl\u00e9\" class=\"wp-image-68808\" srcset=\"https:\/\/www.cocondedecoration.com\/blog\/wp-content\/uploads\/2023\/10\/deco-bois-recycle-la-redoute-1-640x640.jpeg 640w, https:\/\/www.cocondedecoration.com\/blog\/wp-content\/uploads\/2023\/10\/deco-bois-recycle-la-redoute-1-165x165.jpeg 165w, https:\/\/www.cocondedecoration.com\/blog\/wp-content\/uploads\/2023\/10\/deco-bois-recycle-la-redoute-1-260x260.jpeg 260w, https:\/\/www.cocondedecoration.com\/blog\/wp-content\/uploads\/2023\/10\/deco-bois-recycle-la-redoute-1-465x465.jpeg 465w, https:\/\/www.cocondedecoration.com\/blog\/wp-content\/uploads\/2023\/10\/deco-bois-recycle-la-redoute-1-500x500.jpeg 500w, https:\/\/www.cocondedecoration.com\/blog\/wp-content\/uploads\/2023\/10\/deco-bois-recycle-la-redoute-1.jpeg 650w\" sizes=\"(max-width: 640px) 100vw, 640px\" \/><figcaption><a href=\"https:\/\/c3po.link\/QzdAedtQdy\" target=\"_blank\" rel=\"noreferrer noopener\" aria-label=\"D\u00e9coration murale bois de teck recycl\u00e9 (s\u2019ouvre dans un nouvel onglet)\">D\u00e9coration murale bois de teck recycl\u00e9<\/a> - La Redoute<\/figcaption><\/figure>\n\n\n\n<figure class=\"wp-block-image\"><img loading=\"lazy\" decoding=\"async\" width=\"640\" height=\"640\" src=\"https:\/\/www.cocondedecoration.com\/blog\/wp-content\/uploads\/2023\/10\/deco-bois-recycle-la-redoute-4-640x640.jpeg\" alt=\"deco bois recycle la redoute Statue en bois recycl\u00e9 blanchi\" class=\"wp-image-68813\" srcset=\"https:\/\/www.cocondedecoration.com\/blog\/wp-content\/uploads\/2023\/10\/deco-bois-recycle-la-redoute-4-640x640.jpeg 640w, https:\/\/www.cocondedecoration.com\/blog\/wp-content\/uploads\/2023\/10\/deco-bois-recycle-la-redoute-4-165x165.jpeg 165w, https:\/\/www.cocondedecoration.com\/blog\/wp-content\/uploads\/2023\/10\/deco-bois-recycle-la-redoute-4-260x260.jpeg 260w, https:\/\/www.cocondedecoration.com\/blog\/wp-content\/uploads\/2023\/10\/deco-bois-recycle-la-redoute-4-465x465.jpeg 465w, https:\/\/www.cocondedecoration.com\/blog\/wp-content\/uploads\/2023\/10\/deco-bois-recycle-la-redoute-4-500x500.jpeg 500w, https:\/\/www.cocondedecoration.com\/blog\/wp-content\/uploads\/2023\/10\/deco-bois-recycle-la-redoute-4.jpeg 650w\" sizes=\"(max-width: 640px) 100vw, 640px\" \/><figcaption><a href=\"https:\/\/c3po.link\/QdBURWw7vM\" target=\"_blank\" rel=\"noreferrer noopener\" aria-label=\"Statue en bois recycl\u00e9 blanchi  (s\u2019ouvre dans un nouvel onglet)\">Statue en bois recycl\u00e9 blanchi <\/a>- La Redoute<\/figcaption><\/figure>\n<\/div>\n\n\n\n<div class=\"wp-block-column is-layout-flow wp-block-column-is-layout-flow\">\n<figure class=\"wp-block-image\"><img loading=\"lazy\" decoding=\"async\" width=\"640\" height=\"640\" src=\"https:\/\/www.cocondedecoration.com\/blog\/wp-content\/uploads\/2023\/10\/deco-bois-recycle-la-redoute-2-640x640.jpeg\" alt=\"deco bois recycle la redoute Cadre photo en bois recycl\u00e9\" class=\"wp-image-68809\" srcset=\"https:\/\/www.cocondedecoration.com\/blog\/wp-content\/uploads\/2023\/10\/deco-bois-recycle-la-redoute-2-640x640.jpeg 640w, https:\/\/www.cocondedecoration.com\/blog\/wp-content\/uploads\/2023\/10\/deco-bois-recycle-la-redoute-2-165x165.jpeg 165w, https:\/\/www.cocondedecoration.com\/blog\/wp-content\/uploads\/2023\/10\/deco-bois-recycle-la-redoute-2-260x260.jpeg 260w, https:\/\/www.cocondedecoration.com\/blog\/wp-content\/uploads\/2023\/10\/deco-bois-recycle-la-redoute-2-465x465.jpeg 465w, https:\/\/www.cocondedecoration.com\/blog\/wp-content\/uploads\/2023\/10\/deco-bois-recycle-la-redoute-2-500x500.jpeg 500w, https:\/\/www.cocondedecoration.com\/blog\/wp-content\/uploads\/2023\/10\/deco-bois-recycle-la-redoute-2.jpeg 650w\" sizes=\"(max-width: 640px) 100vw, 640px\" \/><figcaption><a href=\"https:\/\/c3po.link\/QWCua8AYwH\" target=\"_blank\" rel=\"noreferrer noopener\" aria-label=\"Cadre photo en bois recycl\u00e9 (s\u2019ouvre dans un nouvel onglet)\">Cadre photo en bois recycl\u00e9<\/a> - La Redoute<\/figcaption><\/figure>\n\n\n\n<figure class=\"wp-block-image\"><img loading=\"lazy\" decoding=\"async\" width=\"640\" height=\"640\" src=\"https:\/\/www.cocondedecoration.com\/blog\/wp-content\/uploads\/2023\/10\/deco-bois-recycle-la-redoute-5-640x640.jpeg\" alt=\"deco bois recycle la redoute Sculture Cacia en bois recycl\u00e9\" class=\"wp-image-68812\" srcset=\"https:\/\/www.cocondedecoration.com\/blog\/wp-content\/uploads\/2023\/10\/deco-bois-recycle-la-redoute-5-640x640.jpeg 640w, https:\/\/www.cocondedecoration.com\/blog\/wp-content\/uploads\/2023\/10\/deco-bois-recycle-la-redoute-5-165x165.jpeg 165w, https:\/\/www.cocondedecoration.com\/blog\/wp-content\/uploads\/2023\/10\/deco-bois-recycle-la-redoute-5-260x260.jpeg 260w, https:\/\/www.cocondedecoration.com\/blog\/wp-content\/uploads\/2023\/10\/deco-bois-recycle-la-redoute-5-465x465.jpeg 465w, https:\/\/www.cocondedecoration.com\/blog\/wp-content\/uploads\/2023\/10\/deco-bois-recycle-la-redoute-5-500x500.jpeg 500w, https:\/\/www.cocondedecoration.com\/blog\/wp-content\/uploads\/2023\/10\/deco-bois-recycle-la-redoute-5.jpeg 650w\" sizes=\"(max-width: 640px) 100vw, 640px\" \/><figcaption><a rel=\"noreferrer noopener\" aria-label=\"Sculture Cacia en bois recycl\u00e9 (s\u2019ouvre dans un nouvel onglet)\" href=\"https:\/\/c3po.link\/QqtJVKkphT\" target=\"_blank\">Sculpture Cacia en bois recycl\u00e9<\/a> - La Redoute<\/figcaption><\/figure>\n<\/div>\n\n\n\n<div class=\"wp-block-column is-layout-flow wp-block-column-is-layout-flow\">\n<figure class=\"wp-block-image\"><img loading=\"lazy\" decoding=\"async\" width=\"640\" height=\"640\" src=\"https:\/\/www.cocondedecoration.com\/blog\/wp-content\/uploads\/2023\/10\/deco-bois-recycle-la-redoute-3-640x640.jpeg\" alt=\"deco bois recycle la redoute Etag\u00e8re murale bois recycl\u00e9 rustique\" class=\"wp-image-68810\" srcset=\"https:\/\/www.cocondedecoration.com\/blog\/wp-content\/uploads\/2023\/10\/deco-bois-recycle-la-redoute-3-640x640.jpeg 640w, https:\/\/www.cocondedecoration.com\/blog\/wp-content\/uploads\/2023\/10\/deco-bois-recycle-la-redoute-3-165x165.jpeg 165w, https:\/\/www.cocondedecoration.com\/blog\/wp-content\/uploads\/2023\/10\/deco-bois-recycle-la-redoute-3-260x260.jpeg 260w, https:\/\/www.cocondedecoration.com\/blog\/wp-content\/uploads\/2023\/10\/deco-bois-recycle-la-redoute-3-465x465.jpeg 465w, https:\/\/www.cocondedecoration.com\/blog\/wp-content\/uploads\/2023\/10\/deco-bois-recycle-la-redoute-3-500x500.jpeg 500w, https:\/\/www.cocondedecoration.com\/blog\/wp-content\/uploads\/2023\/10\/deco-bois-recycle-la-redoute-3.jpeg 650w\" sizes=\"(max-width: 640px) 100vw, 640px\" \/><figcaption><a href=\"https:\/\/c3po.link\/QkjUUrwum6\" target=\"_blank\" rel=\"noreferrer noopener\" aria-label=\"Etag\u00e8re murale bois recycl\u00e9 rustique (s\u2019ouvre dans un nouvel onglet)\">Etag\u00e8re murale bois recycl\u00e9 rustique<\/a> - La Redoute<\/figcaption><\/figure>\n<\/div>\n<\/div>\n\n\n\n<h3 class=\"wp-block-heading\">Du cuir recycl\u00e9 pour le nouveau tapis de la pi\u00e8ce \u00e0 vivre<\/h3>\n\n\n\n<div class=\"wp-block-columns has-3-columns is-layout-flex wp-container-core-columns-layout-3 wp-block-columns-is-layout-flex\">\n<div class=\"wp-block-column is-layout-flow wp-block-column-is-layout-flow\">\n<figure class=\"wp-block-image\"><img loading=\"lazy\" decoding=\"async\" width=\"640\" height=\"640\" src=\"https:\/\/www.cocondedecoration.com\/blog\/wp-content\/uploads\/2023\/10\/deco-cuir-recycle-la-redoute-1-640x640.jpeg\" alt=\"deco cuir recycle la redoute Tapis recycl\u00e9 cuir motifs hexagone\" class=\"wp-image-68814\" srcset=\"https:\/\/www.cocondedecoration.com\/blog\/wp-content\/uploads\/2023\/10\/deco-cuir-recycle-la-redoute-1-640x640.jpeg 640w, https:\/\/www.cocondedecoration.com\/blog\/wp-content\/uploads\/2023\/10\/deco-cuir-recycle-la-redoute-1-165x165.jpeg 165w, https:\/\/www.cocondedecoration.com\/blog\/wp-content\/uploads\/2023\/10\/deco-cuir-recycle-la-redoute-1-260x260.jpeg 260w, https:\/\/www.cocondedecoration.com\/blog\/wp-content\/uploads\/2023\/10\/deco-cuir-recycle-la-redoute-1-465x465.jpeg 465w, https:\/\/www.cocondedecoration.com\/blog\/wp-content\/uploads\/2023\/10\/deco-cuir-recycle-la-redoute-1-500x500.jpeg 500w, https:\/\/www.cocondedecoration.com\/blog\/wp-content\/uploads\/2023\/10\/deco-cuir-recycle-la-redoute-1.jpeg 650w\" sizes=\"(max-width: 640px) 100vw, 640px\" \/><figcaption><a href=\"https:\/\/c3po.link\/QMvDyjPNPz\" target=\"_blank\" rel=\"noreferrer noopener\" aria-label=\"Tapis recycl\u00e9 cuir motifs hexagone (s\u2019ouvre dans un nouvel onglet)\">Tapis recycl\u00e9 cuir motifs hexagone<\/a> - La Redoute<\/figcaption><\/figure>\n<\/div>\n\n\n\n<div class=\"wp-block-column is-layout-flow wp-block-column-is-layout-flow\">\n<figure class=\"wp-block-image\"><img loading=\"lazy\" decoding=\"async\" width=\"640\" height=\"640\" src=\"https:\/\/www.cocondedecoration.com\/blog\/wp-content\/uploads\/2023\/10\/deco-cuir-recycle-la-redoute-2-640x640.jpeg\" alt=\"deco cuir recycle la redoute Tapis recycl\u00e9 cuir \u00e9clats salon salle \u00e0 manger\" class=\"wp-image-68815\" srcset=\"https:\/\/www.cocondedecoration.com\/blog\/wp-content\/uploads\/2023\/10\/deco-cuir-recycle-la-redoute-2-640x640.jpeg 640w, https:\/\/www.cocondedecoration.com\/blog\/wp-content\/uploads\/2023\/10\/deco-cuir-recycle-la-redoute-2-165x165.jpeg 165w, https:\/\/www.cocondedecoration.com\/blog\/wp-content\/uploads\/2023\/10\/deco-cuir-recycle-la-redoute-2-260x260.jpeg 260w, https:\/\/www.cocondedecoration.com\/blog\/wp-content\/uploads\/2023\/10\/deco-cuir-recycle-la-redoute-2-465x465.jpeg 465w, https:\/\/www.cocondedecoration.com\/blog\/wp-content\/uploads\/2023\/10\/deco-cuir-recycle-la-redoute-2-500x500.jpeg 500w, https:\/\/www.cocondedecoration.com\/blog\/wp-content\/uploads\/2023\/10\/deco-cuir-recycle-la-redoute-2.jpeg 650w\" sizes=\"(max-width: 640px) 100vw, 640px\" \/><figcaption><a href=\"https:\/\/c3po.link\/QVtBwZBRum\" target=\"_blank\" rel=\"noreferrer noopener\" aria-label=\"Tapis recycl\u00e9 cuir \u00e9clats (s\u2019ouvre dans un nouvel onglet)\">Tapis recycl\u00e9 cuir \u00e9clats<\/a> - La Redoute<\/figcaption><\/figure>\n<\/div>\n\n\n\n<div class=\"wp-block-column is-layout-flow wp-block-column-is-layout-flow\">\n<figure class=\"wp-block-image\"><img loading=\"lazy\" decoding=\"async\" width=\"640\" height=\"640\" src=\"https:\/\/www.cocondedecoration.com\/blog\/wp-content\/uploads\/2023\/10\/deco-cuir-recycle-la-redoute-3-640x640.jpeg\" alt=\"deco cuir recycle la redoute Tapis en cuirs recycl\u00e9s motif mosa\u00efque\" class=\"wp-image-68816\" srcset=\"https:\/\/www.cocondedecoration.com\/blog\/wp-content\/uploads\/2023\/10\/deco-cuir-recycle-la-redoute-3-640x640.jpeg 640w, https:\/\/www.cocondedecoration.com\/blog\/wp-content\/uploads\/2023\/10\/deco-cuir-recycle-la-redoute-3-165x165.jpeg 165w, https:\/\/www.cocondedecoration.com\/blog\/wp-content\/uploads\/2023\/10\/deco-cuir-recycle-la-redoute-3-260x260.jpeg 260w, https:\/\/www.cocondedecoration.com\/blog\/wp-content\/uploads\/2023\/10\/deco-cuir-recycle-la-redoute-3-465x465.jpeg 465w, https:\/\/www.cocondedecoration.com\/blog\/wp-content\/uploads\/2023\/10\/deco-cuir-recycle-la-redoute-3-500x500.jpeg 500w, https:\/\/www.cocondedecoration.com\/blog\/wp-content\/uploads\/2023\/10\/deco-cuir-recycle-la-redoute-3.jpeg 650w\" sizes=\"(max-width: 640px) 100vw, 640px\" \/><figcaption><a href=\"https:\/\/c3po.link\/QYUuQx2MFY\" target=\"_blank\" rel=\"noreferrer noopener\" aria-label=\"Tapis en cuirs recycl\u00e9s motif mosa\u00efque  (s\u2019ouvre dans un nouvel onglet)\">Tapis en cuirs recycl\u00e9s motif mosa\u00efque <\/a>- La Redoute<\/figcaption><\/figure>\n<\/div>\n<\/div>\n\n\n\n<h3 class=\"wp-block-heading\">De la d\u00e9coration en verre recycl\u00e9 <\/h3>\n\n\n\n<p>J'ai d\u00e9j\u00e0 consacr\u00e9 toute une s\u00e9lection d\u00e9co autour du verre recycl\u00e9, vous trouverez donc plus de choix <a href=\"https:\/\/www.cocondedecoration.com\/blog\/2023\/04\/ou-trouver-decoration-verre-recycle\/\" target=\"_blank\" rel=\"noreferrer noopener\" aria-label=\"dans cet article (s\u2019ouvre dans un nouvel onglet)\">dans cet article<\/a>. <\/p>\n\n\n\n<div class=\"wp-block-columns has-3-columns is-layout-flex wp-container-core-columns-layout-4 wp-block-columns-is-layout-flex\">\n<div class=\"wp-block-column is-layout-flow wp-block-column-is-layout-flow\">\n<figure class=\"wp-block-image\"><img loading=\"lazy\" decoding=\"async\" width=\"640\" height=\"640\" src=\"https:\/\/www.cocondedecoration.com\/blog\/wp-content\/uploads\/2023\/10\/deco-verre-recycle-la-redoute-1-640x640.jpeg\" alt=\"deco verre recycle la redoute Vase en verre recycl\u00e9 h 22 cm\" class=\"wp-image-68817\" srcset=\"https:\/\/www.cocondedecoration.com\/blog\/wp-content\/uploads\/2023\/10\/deco-verre-recycle-la-redoute-1-640x640.jpeg 640w, https:\/\/www.cocondedecoration.com\/blog\/wp-content\/uploads\/2023\/10\/deco-verre-recycle-la-redoute-1-165x165.jpeg 165w, https:\/\/www.cocondedecoration.com\/blog\/wp-content\/uploads\/2023\/10\/deco-verre-recycle-la-redoute-1-260x260.jpeg 260w, https:\/\/www.cocondedecoration.com\/blog\/wp-content\/uploads\/2023\/10\/deco-verre-recycle-la-redoute-1-465x465.jpeg 465w, https:\/\/www.cocondedecoration.com\/blog\/wp-content\/uploads\/2023\/10\/deco-verre-recycle-la-redoute-1-500x500.jpeg 500w, https:\/\/www.cocondedecoration.com\/blog\/wp-content\/uploads\/2023\/10\/deco-verre-recycle-la-redoute-1.jpeg 650w\" sizes=\"(max-width: 640px) 100vw, 640px\" \/><figcaption><a href=\"https:\/\/c3po.link\/QttHuWVu77\" target=\"_blank\" rel=\"noreferrer noopener\" aria-label=\"Vase en verre recycl\u00e9  (s\u2019ouvre dans un nouvel onglet)\">Vase en verre recycl\u00e9 <\/a>- La Redoute<\/figcaption><\/figure>\n\n\n\n<figure class=\"wp-block-image\"><img loading=\"lazy\" decoding=\"async\" width=\"640\" height=\"640\" src=\"https:\/\/www.cocondedecoration.com\/blog\/wp-content\/uploads\/2023\/10\/deco-verre-recycle-eco-design-1-640x640.jpeg\" alt=\"deco verre recycle eco design VASE BUBBLE VERRE VIOLET \/ RECYCL\u00c9\" class=\"wp-image-68843\" srcset=\"https:\/\/www.cocondedecoration.com\/blog\/wp-content\/uploads\/2023\/10\/deco-verre-recycle-eco-design-1-640x640.jpeg 640w, https:\/\/www.cocondedecoration.com\/blog\/wp-content\/uploads\/2023\/10\/deco-verre-recycle-eco-design-1-165x165.jpeg 165w, https:\/\/www.cocondedecoration.com\/blog\/wp-content\/uploads\/2023\/10\/deco-verre-recycle-eco-design-1-260x260.jpeg 260w, https:\/\/www.cocondedecoration.com\/blog\/wp-content\/uploads\/2023\/10\/deco-verre-recycle-eco-design-1-465x465.jpeg 465w, https:\/\/www.cocondedecoration.com\/blog\/wp-content\/uploads\/2023\/10\/deco-verre-recycle-eco-design-1-500x500.jpeg 500w, https:\/\/www.cocondedecoration.com\/blog\/wp-content\/uploads\/2023\/10\/deco-verre-recycle-eco-design-1.jpeg 650w\" sizes=\"(max-width: 640px) 100vw, 640px\" \/><figcaption><a href=\"https:\/\/c3po.link\/QCkmvrKaVP\" target=\"_blank\" rel=\"noreferrer noopener\" aria-label=\"Vase en verre recycl\u00e9 &amp;KLEVERING (s\u2019ouvre dans un nouvel onglet)\">Vase en verre recycl\u00e9 &amp;KLEVERING<\/a> - Made in Design <\/figcaption><\/figure>\n\n\n\n<figure class=\"wp-block-image\"><img loading=\"lazy\" decoding=\"async\" width=\"640\" height=\"640\" src=\"https:\/\/www.cocondedecoration.com\/blog\/wp-content\/uploads\/2023\/10\/deco-verre-recycle-eco-design-4-640x640.jpeg\" alt=\"deco verre recycle eco design carafe en verre recycl\u00e9\" class=\"wp-image-68846\" srcset=\"https:\/\/www.cocondedecoration.com\/blog\/wp-content\/uploads\/2023\/10\/deco-verre-recycle-eco-design-4-640x640.jpeg 640w, https:\/\/www.cocondedecoration.com\/blog\/wp-content\/uploads\/2023\/10\/deco-verre-recycle-eco-design-4-165x165.jpeg 165w, https:\/\/www.cocondedecoration.com\/blog\/wp-content\/uploads\/2023\/10\/deco-verre-recycle-eco-design-4-260x260.jpeg 260w, https:\/\/www.cocondedecoration.com\/blog\/wp-content\/uploads\/2023\/10\/deco-verre-recycle-eco-design-4-465x465.jpeg 465w, https:\/\/www.cocondedecoration.com\/blog\/wp-content\/uploads\/2023\/10\/deco-verre-recycle-eco-design-4-500x500.jpeg 500w, https:\/\/www.cocondedecoration.com\/blog\/wp-content\/uploads\/2023\/10\/deco-verre-recycle-eco-design-4.jpeg 650w\" sizes=\"(max-width: 640px) 100vw, 640px\" \/><figcaption><a href=\"https:\/\/c3po.link\/QWbX2Pw5NF\" target=\"_blank\" rel=\"noreferrer noopener\" aria-label=\"Carafe en verre recycl\u00e9 (s\u2019ouvre dans un nouvel onglet)\">Carafe en verre recycl\u00e9<\/a> - Made in Design<\/figcaption><\/figure>\n<\/div>\n\n\n\n<div class=\"wp-block-column is-layout-flow wp-block-column-is-layout-flow\">\n<figure class=\"wp-block-image\"><img loading=\"lazy\" decoding=\"async\" width=\"640\" height=\"640\" src=\"https:\/\/www.cocondedecoration.com\/blog\/wp-content\/uploads\/2023\/10\/deco-verre-recycle-la-redoute-2-640x640.jpeg\" alt=\"deco verre recycle la redoute Bouteille Dame Jeanne 34 l en verre recycl\u00e9\" class=\"wp-image-68818\" srcset=\"https:\/\/www.cocondedecoration.com\/blog\/wp-content\/uploads\/2023\/10\/deco-verre-recycle-la-redoute-2-640x640.jpeg 640w, https:\/\/www.cocondedecoration.com\/blog\/wp-content\/uploads\/2023\/10\/deco-verre-recycle-la-redoute-2-165x165.jpeg 165w, https:\/\/www.cocondedecoration.com\/blog\/wp-content\/uploads\/2023\/10\/deco-verre-recycle-la-redoute-2-260x260.jpeg 260w, https:\/\/www.cocondedecoration.com\/blog\/wp-content\/uploads\/2023\/10\/deco-verre-recycle-la-redoute-2-465x465.jpeg 465w, https:\/\/www.cocondedecoration.com\/blog\/wp-content\/uploads\/2023\/10\/deco-verre-recycle-la-redoute-2-500x500.jpeg 500w, https:\/\/www.cocondedecoration.com\/blog\/wp-content\/uploads\/2023\/10\/deco-verre-recycle-la-redoute-2.jpeg 650w\" sizes=\"(max-width: 640px) 100vw, 640px\" \/><figcaption><a href=\"https:\/\/c3po.link\/QwgwPQfH9X\" target=\"_blank\" rel=\"noreferrer noopener\" aria-label=\"Bouteille Dame Jeanne 34l (s\u2019ouvre dans un nouvel onglet)\">Bouteille Dame Jeanne 34l<\/a> - La Redoute<\/figcaption><\/figure>\n\n\n\n<figure class=\"wp-block-image\"><img loading=\"lazy\" decoding=\"async\" width=\"640\" height=\"640\" src=\"https:\/\/www.cocondedecoration.com\/blog\/wp-content\/uploads\/2023\/10\/deco-verre-recycle-eco-design-2-640x640.jpeg\" alt=\"deco verre recycle eco design VASE WATER SWIRL VERRE \/ VERRE RECYCL\u00c9 SOUFFL\u00c9 BOUCHE\" class=\"wp-image-68844\" srcset=\"https:\/\/www.cocondedecoration.com\/blog\/wp-content\/uploads\/2023\/10\/deco-verre-recycle-eco-design-2-640x640.jpeg 640w, https:\/\/www.cocondedecoration.com\/blog\/wp-content\/uploads\/2023\/10\/deco-verre-recycle-eco-design-2-165x165.jpeg 165w, https:\/\/www.cocondedecoration.com\/blog\/wp-content\/uploads\/2023\/10\/deco-verre-recycle-eco-design-2-260x260.jpeg 260w, https:\/\/www.cocondedecoration.com\/blog\/wp-content\/uploads\/2023\/10\/deco-verre-recycle-eco-design-2-465x465.jpeg 465w, https:\/\/www.cocondedecoration.com\/blog\/wp-content\/uploads\/2023\/10\/deco-verre-recycle-eco-design-2-500x500.jpeg 500w, https:\/\/www.cocondedecoration.com\/blog\/wp-content\/uploads\/2023\/10\/deco-verre-recycle-eco-design-2.jpeg 650w\" sizes=\"(max-width: 640px) 100vw, 640px\" \/><figcaption><a href=\"https:\/\/c3po.link\/Q9pQDDyp8w\" target=\"_blank\" rel=\"noreferrer noopener\" aria-label=\"Vase en verre recycl\u00e9 FERM LIVING (s\u2019ouvre dans un nouvel onglet)\">Vase en verre recycl\u00e9 FERM LIVING<\/a> - Made in Design<\/figcaption><\/figure>\n<\/div>\n\n\n\n<div class=\"wp-block-column is-layout-flow wp-block-column-is-layout-flow\">\n<figure class=\"wp-block-image\"><img loading=\"lazy\" decoding=\"async\" width=\"640\" height=\"640\" src=\"https:\/\/www.cocondedecoration.com\/blog\/wp-content\/uploads\/2023\/10\/deco-verre-recycle-la-redoute-3-640x640.jpeg\" alt=\"deco verre recycle la redoute Vase bouteille verre recycl\u00e9 H73\" class=\"wp-image-68819\" srcset=\"https:\/\/www.cocondedecoration.com\/blog\/wp-content\/uploads\/2023\/10\/deco-verre-recycle-la-redoute-3-640x640.jpeg 640w, https:\/\/www.cocondedecoration.com\/blog\/wp-content\/uploads\/2023\/10\/deco-verre-recycle-la-redoute-3-165x165.jpeg 165w, https:\/\/www.cocondedecoration.com\/blog\/wp-content\/uploads\/2023\/10\/deco-verre-recycle-la-redoute-3-260x260.jpeg 260w, https:\/\/www.cocondedecoration.com\/blog\/wp-content\/uploads\/2023\/10\/deco-verre-recycle-la-redoute-3-465x465.jpeg 465w, https:\/\/www.cocondedecoration.com\/blog\/wp-content\/uploads\/2023\/10\/deco-verre-recycle-la-redoute-3-500x500.jpeg 500w, https:\/\/www.cocondedecoration.com\/blog\/wp-content\/uploads\/2023\/10\/deco-verre-recycle-la-redoute-3.jpeg 650w\" sizes=\"(max-width: 640px) 100vw, 640px\" \/><figcaption><a href=\"https:\/\/c3po.link\/Qz7P8ASx2K\" target=\"_blank\" rel=\"noreferrer noopener\" aria-label=\"Vase bouteille verre recycl\u00e9  (s\u2019ouvre dans un nouvel onglet)\">Vase bouteille verre recycl\u00e9 <\/a>- La Redoute<\/figcaption><\/figure>\n\n\n\n<figure class=\"wp-block-image\"><img loading=\"lazy\" decoding=\"async\" width=\"640\" height=\"640\" src=\"https:\/\/www.cocondedecoration.com\/blog\/wp-content\/uploads\/2023\/10\/deco-verre-recycle-eco-design-3-640x640.jpeg\" alt=\"deco verre recycle eco design COUPE \u00c0 DESSERT OLI VERRE VERT \/ VERRE RECYCL\u00c9 SOUFFL\u00c9 BOUCHE\" class=\"wp-image-68845\" srcset=\"https:\/\/www.cocondedecoration.com\/blog\/wp-content\/uploads\/2023\/10\/deco-verre-recycle-eco-design-3-640x640.jpeg 640w, https:\/\/www.cocondedecoration.com\/blog\/wp-content\/uploads\/2023\/10\/deco-verre-recycle-eco-design-3-165x165.jpeg 165w, https:\/\/www.cocondedecoration.com\/blog\/wp-content\/uploads\/2023\/10\/deco-verre-recycle-eco-design-3-260x260.jpeg 260w, https:\/\/www.cocondedecoration.com\/blog\/wp-content\/uploads\/2023\/10\/deco-verre-recycle-eco-design-3-465x465.jpeg 465w, https:\/\/www.cocondedecoration.com\/blog\/wp-content\/uploads\/2023\/10\/deco-verre-recycle-eco-design-3-500x500.jpeg 500w, https:\/\/www.cocondedecoration.com\/blog\/wp-content\/uploads\/2023\/10\/deco-verre-recycle-eco-design-3.jpeg 650w\" sizes=\"(max-width: 640px) 100vw, 640px\" \/><figcaption><a href=\"https:\/\/c3po.link\/QuquCt6NRu\" target=\"_blank\" rel=\"noreferrer noopener\" aria-label=\"Coupe \u00e0 dessert en verre recycl\u00e9 FERM LIVING (s\u2019ouvre dans un nouvel onglet)\">Coupe \u00e0 dessert en verre recycl\u00e9 FERM LIVING<\/a> - Made in Design <\/figcaption><\/figure>\n<\/div>\n<\/div>\n\n\n\n<h3 class=\"wp-block-heading\">Plastique et polyester recycl\u00e9 pour une d\u00e9coration plus \u00e9co-friendly<\/h3>\n\n\n\n<div class=\"wp-block-columns has-3-columns is-layout-flex wp-container-core-columns-layout-5 wp-block-columns-is-layout-flex\">\n<div class=\"wp-block-column is-layout-flow wp-block-column-is-layout-flow\">\n<figure class=\"wp-block-image\"><img loading=\"lazy\" decoding=\"async\" width=\"640\" height=\"640\" src=\"https:\/\/www.cocondedecoration.com\/blog\/wp-content\/uploads\/2023\/10\/deco-textile-materiau-recycle-la-redoute-1-640x640.jpeg\" alt=\"deco textile materiau recycle la redoute Tapis indoor\/outdoor polyester recycl\u00e9\" class=\"wp-image-68820\" srcset=\"https:\/\/www.cocondedecoration.com\/blog\/wp-content\/uploads\/2023\/10\/deco-textile-materiau-recycle-la-redoute-1-640x640.jpeg 640w, https:\/\/www.cocondedecoration.com\/blog\/wp-content\/uploads\/2023\/10\/deco-textile-materiau-recycle-la-redoute-1-165x165.jpeg 165w, https:\/\/www.cocondedecoration.com\/blog\/wp-content\/uploads\/2023\/10\/deco-textile-materiau-recycle-la-redoute-1-260x260.jpeg 260w, https:\/\/www.cocondedecoration.com\/blog\/wp-content\/uploads\/2023\/10\/deco-textile-materiau-recycle-la-redoute-1-465x465.jpeg 465w, https:\/\/www.cocondedecoration.com\/blog\/wp-content\/uploads\/2023\/10\/deco-textile-materiau-recycle-la-redoute-1-500x500.jpeg 500w, https:\/\/www.cocondedecoration.com\/blog\/wp-content\/uploads\/2023\/10\/deco-textile-materiau-recycle-la-redoute-1.jpeg 650w\" sizes=\"(max-width: 640px) 100vw, 640px\" \/><figcaption><a href=\"https:\/\/c3po.link\/QqbjJB8Frq\" target=\"_blank\" rel=\"noreferrer noopener\" aria-label=\"Tapis indoor\/outdoor polyester recycl\u00e9 (s\u2019ouvre dans un nouvel onglet)\">Tapis indoor\/outdoor polyester recycl\u00e9<\/a> - La Redoute<\/figcaption><\/figure>\n\n\n\n<figure class=\"wp-block-image\"><img loading=\"lazy\" decoding=\"async\" width=\"640\" height=\"640\" src=\"https:\/\/www.cocondedecoration.com\/blog\/wp-content\/uploads\/2023\/10\/deco-textile-materiau-recycle-la-redoute-4-640x640.jpeg\" alt=\"deco textile materiau recycle la redoute Tapis salon PLASTIQUE RECYCL\u00c9 RECYCLABLE\" class=\"wp-image-68823\" srcset=\"https:\/\/www.cocondedecoration.com\/blog\/wp-content\/uploads\/2023\/10\/deco-textile-materiau-recycle-la-redoute-4-640x640.jpeg 640w, https:\/\/www.cocondedecoration.com\/blog\/wp-content\/uploads\/2023\/10\/deco-textile-materiau-recycle-la-redoute-4-165x165.jpeg 165w, https:\/\/www.cocondedecoration.com\/blog\/wp-content\/uploads\/2023\/10\/deco-textile-materiau-recycle-la-redoute-4-260x260.jpeg 260w, https:\/\/www.cocondedecoration.com\/blog\/wp-content\/uploads\/2023\/10\/deco-textile-materiau-recycle-la-redoute-4-465x465.jpeg 465w, https:\/\/www.cocondedecoration.com\/blog\/wp-content\/uploads\/2023\/10\/deco-textile-materiau-recycle-la-redoute-4-500x500.jpeg 500w, https:\/\/www.cocondedecoration.com\/blog\/wp-content\/uploads\/2023\/10\/deco-textile-materiau-recycle-la-redoute-4.jpeg 650w\" sizes=\"(max-width: 640px) 100vw, 640px\" \/><figcaption><a href=\"https:\/\/c3po.link\/Qgvm26rMCJ\" target=\"_blank\" rel=\"noreferrer noopener\" aria-label=\"Tapis salon (s\u2019ouvre dans un nouvel onglet)\">Tapis salon<\/a> - La Redoute<\/figcaption><\/figure>\n\n\n\n<figure class=\"wp-block-image\"><img loading=\"lazy\" decoding=\"async\" width=\"640\" height=\"640\" src=\"https:\/\/www.cocondedecoration.com\/blog\/wp-content\/uploads\/2023\/10\/decoration-plastique-recycle-eco-design-1-640x640.jpeg\" alt=\"decoration plastique recycle eco-design SUPPORT POUR POT DE FLEURS PHANTA TISSU BLEU \/ POLYESTER RECYCL\u00c9\" class=\"wp-image-68835\" srcset=\"https:\/\/www.cocondedecoration.com\/blog\/wp-content\/uploads\/2023\/10\/decoration-plastique-recycle-eco-design-1-640x640.jpeg 640w, https:\/\/www.cocondedecoration.com\/blog\/wp-content\/uploads\/2023\/10\/decoration-plastique-recycle-eco-design-1-165x165.jpeg 165w, https:\/\/www.cocondedecoration.com\/blog\/wp-content\/uploads\/2023\/10\/decoration-plastique-recycle-eco-design-1-260x260.jpeg 260w, https:\/\/www.cocondedecoration.com\/blog\/wp-content\/uploads\/2023\/10\/decoration-plastique-recycle-eco-design-1-465x465.jpeg 465w, https:\/\/www.cocondedecoration.com\/blog\/wp-content\/uploads\/2023\/10\/decoration-plastique-recycle-eco-design-1-500x500.jpeg 500w, https:\/\/www.cocondedecoration.com\/blog\/wp-content\/uploads\/2023\/10\/decoration-plastique-recycle-eco-design-1.jpeg 650w\" sizes=\"(max-width: 640px) 100vw, 640px\" \/><figcaption><a href=\"https:\/\/c3po.link\/Q3RbhSZF7U\" target=\"_blank\" rel=\"noreferrer noopener\" aria-label=\"Support pour suspendre les plantes polyester recycl\u00e9 HAY  (s\u2019ouvre dans un nouvel onglet)\">Support pour suspendre les plantes polyester recycl\u00e9 HAY <\/a>- Made in Design<\/figcaption><\/figure>\n\n\n\n<figure class=\"wp-block-image\"><img loading=\"lazy\" decoding=\"async\" width=\"640\" height=\"640\" src=\"https:\/\/www.cocondedecoration.com\/blog\/wp-content\/uploads\/2023\/10\/decoration-plastique-recycle-eco-design-4-640x640.jpeg\" alt=\"decoration plastique recycle eco-design SUSPENSION FL\/Y PLASTIQUE BLEU \/ \u00d8 52 CM\" class=\"wp-image-68838\" srcset=\"https:\/\/www.cocondedecoration.com\/blog\/wp-content\/uploads\/2023\/10\/decoration-plastique-recycle-eco-design-4-640x640.jpeg 640w, https:\/\/www.cocondedecoration.com\/blog\/wp-content\/uploads\/2023\/10\/decoration-plastique-recycle-eco-design-4-165x165.jpeg 165w, https:\/\/www.cocondedecoration.com\/blog\/wp-content\/uploads\/2023\/10\/decoration-plastique-recycle-eco-design-4-260x260.jpeg 260w, https:\/\/www.cocondedecoration.com\/blog\/wp-content\/uploads\/2023\/10\/decoration-plastique-recycle-eco-design-4-465x465.jpeg 465w, https:\/\/www.cocondedecoration.com\/blog\/wp-content\/uploads\/2023\/10\/decoration-plastique-recycle-eco-design-4-500x500.jpeg 500w, https:\/\/www.cocondedecoration.com\/blog\/wp-content\/uploads\/2023\/10\/decoration-plastique-recycle-eco-design-4.jpeg 650w\" sizes=\"(max-width: 640px) 100vw, 640px\" \/><figcaption><a href=\"https:\/\/c3po.link\/QhE7mVVAZb\" target=\"_blank\" rel=\"noreferrer noopener\" aria-label=\"Suspension en plastique recycl\u00e9 KARTELL  (s\u2019ouvre dans un nouvel onglet)\">Suspension en plastique recycl\u00e9 KARTELL <\/a>- Made in Design<\/figcaption><\/figure>\n\n\n\n<figure class=\"wp-block-image\"><img loading=\"lazy\" decoding=\"async\" width=\"640\" height=\"640\" src=\"https:\/\/www.cocondedecoration.com\/blog\/wp-content\/uploads\/2023\/10\/decoration-plastique-recycle-eco-design-7-640x640.jpeg\" alt=\"decoration plastique recycle eco-design  Luminaire - Suspensions - Suspension Skynest LED tissu gris \/ \u00d8 90,4 cm - Tissu polyester recycl\u00e9 - Flos - Anthracite - M\u00e9tal, Tissu polyester recycl\u00e9 Luminaire - Suspensions - Suspension Skynest LED tissu gris \/ \u00d8 90,4 cm - Tissu polyester recycl\u00e9 - Flos - Anthracite - M\u00e9tal, Tissu polyester recycl\u00e9 FLOS SUSPENSION SKYNEST LED TISSU GRIS \/ \u00d8 90,4 CM - TISSU POLYESTER RECYCL\u00c9\" class=\"wp-image-68841\" srcset=\"https:\/\/www.cocondedecoration.com\/blog\/wp-content\/uploads\/2023\/10\/decoration-plastique-recycle-eco-design-7-640x640.jpeg 640w, https:\/\/www.cocondedecoration.com\/blog\/wp-content\/uploads\/2023\/10\/decoration-plastique-recycle-eco-design-7-165x165.jpeg 165w, https:\/\/www.cocondedecoration.com\/blog\/wp-content\/uploads\/2023\/10\/decoration-plastique-recycle-eco-design-7-260x260.jpeg 260w, https:\/\/www.cocondedecoration.com\/blog\/wp-content\/uploads\/2023\/10\/decoration-plastique-recycle-eco-design-7-465x465.jpeg 465w, https:\/\/www.cocondedecoration.com\/blog\/wp-content\/uploads\/2023\/10\/decoration-plastique-recycle-eco-design-7-500x500.jpeg 500w, https:\/\/www.cocondedecoration.com\/blog\/wp-content\/uploads\/2023\/10\/decoration-plastique-recycle-eco-design-7.jpeg 650w\" sizes=\"(max-width: 640px) 100vw, 640px\" \/><figcaption><a href=\"https:\/\/c3po.link\/QCYZ6FJCsC\" target=\"_blank\" rel=\"noreferrer noopener\" aria-label=\"Suspension en polyester recycl\u00e9 FLOS (s\u2019ouvre dans un nouvel onglet)\">Suspension en polyester recycl\u00e9 FLOS<\/a> - Made in Design<\/figcaption><\/figure>\n\n\n\n<figure class=\"wp-block-image\"><img loading=\"lazy\" decoding=\"async\" width=\"640\" height=\"640\" src=\"https:\/\/www.cocondedecoration.com\/blog\/wp-content\/uploads\/2023\/10\/deco-polyester-recycle-pas-cher-2-640x640.jpeg\" alt=\"deco polyester recycle pas cher Coussin en polyester recycl\u00e9 motifs graphiques imprim\u00e9s oranges et \u00e9crus\" class=\"wp-image-68861\" srcset=\"https:\/\/www.cocondedecoration.com\/blog\/wp-content\/uploads\/2023\/10\/deco-polyester-recycle-pas-cher-2-640x640.jpeg 640w, https:\/\/www.cocondedecoration.com\/blog\/wp-content\/uploads\/2023\/10\/deco-polyester-recycle-pas-cher-2-165x165.jpeg 165w, https:\/\/www.cocondedecoration.com\/blog\/wp-content\/uploads\/2023\/10\/deco-polyester-recycle-pas-cher-2-260x260.jpeg 260w, https:\/\/www.cocondedecoration.com\/blog\/wp-content\/uploads\/2023\/10\/deco-polyester-recycle-pas-cher-2-465x465.jpeg 465w, https:\/\/www.cocondedecoration.com\/blog\/wp-content\/uploads\/2023\/10\/deco-polyester-recycle-pas-cher-2-500x500.jpeg 500w, https:\/\/www.cocondedecoration.com\/blog\/wp-content\/uploads\/2023\/10\/deco-polyester-recycle-pas-cher-2.jpeg 650w\" sizes=\"(max-width: 640px) 100vw, 640px\" \/><figcaption><a href=\"https:\/\/fnty.co\/c\/r-RVkpvDjA\" target=\"_blank\" rel=\"noreferrer noopener\" aria-label=\"Coussin en polyester recycl\u00e9 motifs graphiques imprim\u00e9s (s\u2019ouvre dans un nouvel onglet)\">Coussin en polyester recycl\u00e9 motifs graphiques imprim\u00e9s<\/a> - Maisons du Monde<\/figcaption><\/figure>\n<\/div>\n\n\n\n<div class=\"wp-block-column is-layout-flow wp-block-column-is-layout-flow\">\n<figure class=\"wp-block-image\"><img loading=\"lazy\" decoding=\"async\" width=\"640\" height=\"640\" src=\"https:\/\/www.cocondedecoration.com\/blog\/wp-content\/uploads\/2023\/10\/deco-textile-materiau-recycle-la-redoute-2-640x640.jpeg\" alt=\"deco textile materiau recycle la redoute Coussin De Sol En Polyester Recycl\u00e9\" class=\"wp-image-68821\" srcset=\"https:\/\/www.cocondedecoration.com\/blog\/wp-content\/uploads\/2023\/10\/deco-textile-materiau-recycle-la-redoute-2-640x640.jpeg 640w, https:\/\/www.cocondedecoration.com\/blog\/wp-content\/uploads\/2023\/10\/deco-textile-materiau-recycle-la-redoute-2-165x165.jpeg 165w, https:\/\/www.cocondedecoration.com\/blog\/wp-content\/uploads\/2023\/10\/deco-textile-materiau-recycle-la-redoute-2-260x260.jpeg 260w, https:\/\/www.cocondedecoration.com\/blog\/wp-content\/uploads\/2023\/10\/deco-textile-materiau-recycle-la-redoute-2-465x465.jpeg 465w, https:\/\/www.cocondedecoration.com\/blog\/wp-content\/uploads\/2023\/10\/deco-textile-materiau-recycle-la-redoute-2-500x500.jpeg 500w, https:\/\/www.cocondedecoration.com\/blog\/wp-content\/uploads\/2023\/10\/deco-textile-materiau-recycle-la-redoute-2.jpeg 650w\" sizes=\"(max-width: 640px) 100vw, 640px\" \/><figcaption><a href=\"https:\/\/c3po.link\/QyR4fYHgSm\" target=\"_blank\" rel=\"noreferrer noopener\" aria-label=\"Coussin De Sol En Polyester Recycl\u00e9 (s\u2019ouvre dans un nouvel onglet)\">Coussin De Sol En Polyester Recycl\u00e9<\/a> - La Redoute<\/figcaption><\/figure>\n\n\n\n<figure class=\"wp-block-image\"><img loading=\"lazy\" decoding=\"async\" width=\"640\" height=\"640\" src=\"https:\/\/www.cocondedecoration.com\/blog\/wp-content\/uploads\/2023\/10\/deco-textile-materiau-recycle-la-redoute-5-640x640.jpeg\" alt=\"deco textile materiau recycle la redoute Tapis d\u00e9co recycl\u00e9\" class=\"wp-image-68824\" srcset=\"https:\/\/www.cocondedecoration.com\/blog\/wp-content\/uploads\/2023\/10\/deco-textile-materiau-recycle-la-redoute-5-640x640.jpeg 640w, https:\/\/www.cocondedecoration.com\/blog\/wp-content\/uploads\/2023\/10\/deco-textile-materiau-recycle-la-redoute-5-165x165.jpeg 165w, https:\/\/www.cocondedecoration.com\/blog\/wp-content\/uploads\/2023\/10\/deco-textile-materiau-recycle-la-redoute-5-260x260.jpeg 260w, https:\/\/www.cocondedecoration.com\/blog\/wp-content\/uploads\/2023\/10\/deco-textile-materiau-recycle-la-redoute-5-465x465.jpeg 465w, https:\/\/www.cocondedecoration.com\/blog\/wp-content\/uploads\/2023\/10\/deco-textile-materiau-recycle-la-redoute-5-500x500.jpeg 500w, https:\/\/www.cocondedecoration.com\/blog\/wp-content\/uploads\/2023\/10\/deco-textile-materiau-recycle-la-redoute-5.jpeg 650w\" sizes=\"(max-width: 640px) 100vw, 640px\" \/><figcaption><a href=\"https:\/\/c3po.link\/QZzbPgyqgD\" target=\"_blank\" rel=\"noreferrer noopener\" aria-label=\"Tapis d\u00e9co recycl\u00e9 (s\u2019ouvre dans un nouvel onglet)\">Tapis d\u00e9co recycl\u00e9<\/a> - La Redoute<\/figcaption><\/figure>\n\n\n\n<figure class=\"wp-block-image\"><img loading=\"lazy\" decoding=\"async\" width=\"640\" height=\"640\" src=\"https:\/\/www.cocondedecoration.com\/blog\/wp-content\/uploads\/2023\/10\/decoration-plastique-recycle-eco-design-2-640x640.jpeg\" alt=\"decoration plastique recycle eco-design SUSPENSION AMAZON PLASTIQUE NOIR \/ PNEU RECYCL\u00c9\" class=\"wp-image-68836\" srcset=\"https:\/\/www.cocondedecoration.com\/blog\/wp-content\/uploads\/2023\/10\/decoration-plastique-recycle-eco-design-2-640x640.jpeg 640w, https:\/\/www.cocondedecoration.com\/blog\/wp-content\/uploads\/2023\/10\/decoration-plastique-recycle-eco-design-2-165x165.jpeg 165w, https:\/\/www.cocondedecoration.com\/blog\/wp-content\/uploads\/2023\/10\/decoration-plastique-recycle-eco-design-2-260x260.jpeg 260w, https:\/\/www.cocondedecoration.com\/blog\/wp-content\/uploads\/2023\/10\/decoration-plastique-recycle-eco-design-2-465x465.jpeg 465w, https:\/\/www.cocondedecoration.com\/blog\/wp-content\/uploads\/2023\/10\/decoration-plastique-recycle-eco-design-2-500x500.jpeg 500w, https:\/\/www.cocondedecoration.com\/blog\/wp-content\/uploads\/2023\/10\/decoration-plastique-recycle-eco-design-2.jpeg 650w\" sizes=\"(max-width: 640px) 100vw, 640px\" \/><figcaption><a href=\"https:\/\/c3po.link\/QyddQwa4zs\" target=\"_blank\" rel=\"noreferrer noopener\" aria-label=\"Suspension en neu recycl\u00e9  (s\u2019ouvre dans un nouvel onglet)\">Suspension en neu recycl\u00e9 <\/a>- Made in Design<\/figcaption><\/figure>\n\n\n\n<figure class=\"wp-block-image\"><img loading=\"lazy\" decoding=\"async\" width=\"640\" height=\"640\" src=\"https:\/\/www.cocondedecoration.com\/blog\/wp-content\/uploads\/2023\/10\/decoration-plastique-recycle-eco-design-5-640x640.jpeg\" alt=\"decoration plastique recycle eco-design RANGEMENT COMPONIBILI PLASTIQUE\" class=\"wp-image-68839\" srcset=\"https:\/\/www.cocondedecoration.com\/blog\/wp-content\/uploads\/2023\/10\/decoration-plastique-recycle-eco-design-5-640x640.jpeg 640w, https:\/\/www.cocondedecoration.com\/blog\/wp-content\/uploads\/2023\/10\/decoration-plastique-recycle-eco-design-5-165x165.jpeg 165w, https:\/\/www.cocondedecoration.com\/blog\/wp-content\/uploads\/2023\/10\/decoration-plastique-recycle-eco-design-5-260x260.jpeg 260w, https:\/\/www.cocondedecoration.com\/blog\/wp-content\/uploads\/2023\/10\/decoration-plastique-recycle-eco-design-5-465x465.jpeg 465w, https:\/\/www.cocondedecoration.com\/blog\/wp-content\/uploads\/2023\/10\/decoration-plastique-recycle-eco-design-5-500x500.jpeg 500w, https:\/\/www.cocondedecoration.com\/blog\/wp-content\/uploads\/2023\/10\/decoration-plastique-recycle-eco-design-5.jpeg 650w\" sizes=\"(max-width: 640px) 100vw, 640px\" \/><figcaption><a href=\"https:\/\/c3po.link\/QsJubzeYrq\" target=\"_blank\" rel=\"noreferrer noopener\" aria-label=\"Rangement Componibili KARTELL (s\u2019ouvre dans un nouvel onglet)\">Rangement Componibili KARTELL<\/a> - Made in Design<\/figcaption><\/figure>\n\n\n\n<figure class=\"wp-block-image\"><img loading=\"lazy\" decoding=\"async\" width=\"640\" height=\"640\" src=\"https:\/\/www.cocondedecoration.com\/blog\/wp-content\/uploads\/2023\/10\/decoration-plastique-recycle-eco-design-8-640x640.jpeg\" alt=\"decoration plastique recycle eco-design HAMAC SUSPENDU PATH TISSU BEIGE \/ BOUTEILLES PLASTIQUE RECYCL\u00c9ES\" class=\"wp-image-68842\" srcset=\"https:\/\/www.cocondedecoration.com\/blog\/wp-content\/uploads\/2023\/10\/decoration-plastique-recycle-eco-design-8-640x640.jpeg 640w, https:\/\/www.cocondedecoration.com\/blog\/wp-content\/uploads\/2023\/10\/decoration-plastique-recycle-eco-design-8-165x165.jpeg 165w, https:\/\/www.cocondedecoration.com\/blog\/wp-content\/uploads\/2023\/10\/decoration-plastique-recycle-eco-design-8-260x260.jpeg 260w, https:\/\/www.cocondedecoration.com\/blog\/wp-content\/uploads\/2023\/10\/decoration-plastique-recycle-eco-design-8-465x465.jpeg 465w, https:\/\/www.cocondedecoration.com\/blog\/wp-content\/uploads\/2023\/10\/decoration-plastique-recycle-eco-design-8-500x500.jpeg 500w, https:\/\/www.cocondedecoration.com\/blog\/wp-content\/uploads\/2023\/10\/decoration-plastique-recycle-eco-design-8.jpeg 650w\" sizes=\"(max-width: 640px) 100vw, 640px\" \/><figcaption><a href=\"https:\/\/c3po.link\/QpqzbWKuNs\" target=\"_blank\" rel=\"noreferrer noopener\" aria-label=\"Hamac suspendu en bouteille plastique recycl\u00e9 FERM LIVING (s\u2019ouvre dans un nouvel onglet)\">Hamac suspendu en bouteille plastique recycl\u00e9 FERM LIVING<\/a> - Made in Design<\/figcaption><\/figure>\n\n\n\n<figure class=\"wp-block-image\"><img loading=\"lazy\" decoding=\"async\" width=\"640\" height=\"640\" src=\"https:\/\/www.cocondedecoration.com\/blog\/wp-content\/uploads\/2023\/10\/deco-polyester-recycle-pas-cher-3-640x640.jpeg\" alt=\"deco polyester recycle pas cher Pouf recycl\u00e9 marron en polyester recycl\u00e9\" class=\"wp-image-68862\" srcset=\"https:\/\/www.cocondedecoration.com\/blog\/wp-content\/uploads\/2023\/10\/deco-polyester-recycle-pas-cher-3-640x640.jpeg 640w, https:\/\/www.cocondedecoration.com\/blog\/wp-content\/uploads\/2023\/10\/deco-polyester-recycle-pas-cher-3-165x165.jpeg 165w, https:\/\/www.cocondedecoration.com\/blog\/wp-content\/uploads\/2023\/10\/deco-polyester-recycle-pas-cher-3-260x260.jpeg 260w, https:\/\/www.cocondedecoration.com\/blog\/wp-content\/uploads\/2023\/10\/deco-polyester-recycle-pas-cher-3-465x465.jpeg 465w, https:\/\/www.cocondedecoration.com\/blog\/wp-content\/uploads\/2023\/10\/deco-polyester-recycle-pas-cher-3-500x500.jpeg 500w, https:\/\/www.cocondedecoration.com\/blog\/wp-content\/uploads\/2023\/10\/deco-polyester-recycle-pas-cher-3.jpeg 650w\" sizes=\"(max-width: 640px) 100vw, 640px\" \/><figcaption><a href=\"https:\/\/fnty.co\/c\/r-udnSaeGV\" target=\"_blank\" rel=\"noreferrer noopener\" aria-label=\"Pouf recycl\u00e9 marron en polyester recycl\u00e9  (s\u2019ouvre dans un nouvel onglet)\">Pouf recycl\u00e9 marron en polyester recycl\u00e9 <\/a>- Maisons du Monde<\/figcaption><\/figure>\n<\/div>\n\n\n\n<div class=\"wp-block-column is-layout-flow wp-block-column-is-layout-flow\">\n<figure class=\"wp-block-image\"><img loading=\"lazy\" decoding=\"async\" width=\"640\" height=\"640\" src=\"https:\/\/www.cocondedecoration.com\/blog\/wp-content\/uploads\/2023\/10\/deco-textile-materiau-recycle-la-redoute-3-640x640.jpeg\" alt=\"deco textile materiau recycle la redoute Tapis indoor\/outdoor polyester recycl\u00e9 bleu gris\u00e9\" class=\"wp-image-68822\" srcset=\"https:\/\/www.cocondedecoration.com\/blog\/wp-content\/uploads\/2023\/10\/deco-textile-materiau-recycle-la-redoute-3-640x640.jpeg 640w, https:\/\/www.cocondedecoration.com\/blog\/wp-content\/uploads\/2023\/10\/deco-textile-materiau-recycle-la-redoute-3-165x165.jpeg 165w, https:\/\/www.cocondedecoration.com\/blog\/wp-content\/uploads\/2023\/10\/deco-textile-materiau-recycle-la-redoute-3-260x260.jpeg 260w, https:\/\/www.cocondedecoration.com\/blog\/wp-content\/uploads\/2023\/10\/deco-textile-materiau-recycle-la-redoute-3-465x465.jpeg 465w, https:\/\/www.cocondedecoration.com\/blog\/wp-content\/uploads\/2023\/10\/deco-textile-materiau-recycle-la-redoute-3-500x500.jpeg 500w, https:\/\/www.cocondedecoration.com\/blog\/wp-content\/uploads\/2023\/10\/deco-textile-materiau-recycle-la-redoute-3.jpeg 650w\" sizes=\"(max-width: 640px) 100vw, 640px\" \/><figcaption><a href=\"https:\/\/c3po.link\/Qe7vBNDjbS\" target=\"_blank\" rel=\"noreferrer noopener\" aria-label=\"Tapis indoor\/outdoor polyester recycl\u00e9 (s\u2019ouvre dans un nouvel onglet)\">Tapis indoor\/outdoor polyester recycl\u00e9<\/a> - La Redoute<\/figcaption><\/figure>\n\n\n\n<figure class=\"wp-block-image\"><img loading=\"lazy\" decoding=\"async\" width=\"640\" height=\"640\" src=\"https:\/\/www.cocondedecoration.com\/blog\/wp-content\/uploads\/2023\/10\/deco-textile-materiau-recycle-la-redoute-6-640x640.jpeg\" alt=\"deco textile materiau recycle la redoute Rideau polyester recycl\u00e9\" class=\"wp-image-68825\" srcset=\"https:\/\/www.cocondedecoration.com\/blog\/wp-content\/uploads\/2023\/10\/deco-textile-materiau-recycle-la-redoute-6-640x640.jpeg 640w, https:\/\/www.cocondedecoration.com\/blog\/wp-content\/uploads\/2023\/10\/deco-textile-materiau-recycle-la-redoute-6-165x165.jpeg 165w, https:\/\/www.cocondedecoration.com\/blog\/wp-content\/uploads\/2023\/10\/deco-textile-materiau-recycle-la-redoute-6-260x260.jpeg 260w, https:\/\/www.cocondedecoration.com\/blog\/wp-content\/uploads\/2023\/10\/deco-textile-materiau-recycle-la-redoute-6-465x465.jpeg 465w, https:\/\/www.cocondedecoration.com\/blog\/wp-content\/uploads\/2023\/10\/deco-textile-materiau-recycle-la-redoute-6-500x500.jpeg 500w, https:\/\/www.cocondedecoration.com\/blog\/wp-content\/uploads\/2023\/10\/deco-textile-materiau-recycle-la-redoute-6.jpeg 650w\" sizes=\"(max-width: 640px) 100vw, 640px\" \/><figcaption><a href=\"https:\/\/c3po.link\/QJtNwYnfY9\" target=\"_blank\" rel=\"noreferrer noopener\" aria-label=\"Rideau polyester recycl\u00e9 (s\u2019ouvre dans un nouvel onglet)\">Rideau polyester recycl\u00e9<\/a> - La Redoute<\/figcaption><\/figure>\n\n\n\n<figure class=\"wp-block-image\"><img loading=\"lazy\" decoding=\"async\" width=\"640\" height=\"640\" src=\"https:\/\/www.cocondedecoration.com\/blog\/wp-content\/uploads\/2023\/10\/decoration-plastique-recycle-eco-design-3-640x640.jpeg\" alt=\"decoration plastique recycle eco-design TABOURET BIT PLASTIQUE \/ TABLE D'APPOINT - PLASTIQUE 100% RECYCL\u00c9 \/ \u00d8 36 CM\" class=\"wp-image-68837\" srcset=\"https:\/\/www.cocondedecoration.com\/blog\/wp-content\/uploads\/2023\/10\/decoration-plastique-recycle-eco-design-3-640x640.jpeg 640w, https:\/\/www.cocondedecoration.com\/blog\/wp-content\/uploads\/2023\/10\/decoration-plastique-recycle-eco-design-3-165x165.jpeg 165w, https:\/\/www.cocondedecoration.com\/blog\/wp-content\/uploads\/2023\/10\/decoration-plastique-recycle-eco-design-3-260x260.jpeg 260w, https:\/\/www.cocondedecoration.com\/blog\/wp-content\/uploads\/2023\/10\/decoration-plastique-recycle-eco-design-3-465x465.jpeg 465w, https:\/\/www.cocondedecoration.com\/blog\/wp-content\/uploads\/2023\/10\/decoration-plastique-recycle-eco-design-3-500x500.jpeg 500w, https:\/\/www.cocondedecoration.com\/blog\/wp-content\/uploads\/2023\/10\/decoration-plastique-recycle-eco-design-3.jpeg 650w\" sizes=\"(max-width: 640px) 100vw, 640px\" \/><figcaption><a href=\"https:\/\/c3po.link\/nmx4MHJEKp\" target=\"_blank\" rel=\"noreferrer noopener\" aria-label=\"Tabouret d'appoint 100% recycl\u00e9 NORMAN COPENHAGEN- (s\u2019ouvre dans un nouvel onglet)\">Tabouret d'appoint 100% recycl\u00e9 NORMAN COPENHAGEN-<\/a> Made in Design<\/figcaption><\/figure>\n\n\n\n<figure class=\"wp-block-image\"><img loading=\"lazy\" decoding=\"async\" width=\"640\" height=\"640\" src=\"https:\/\/www.cocondedecoration.com\/blog\/wp-content\/uploads\/2023\/10\/decoration-plastique-recycle-eco-design-6-640x640.jpeg\" alt=\"decoration plastique recycle eco-design PANIER COLOUR CRATE PLASTIQUE VERT SMALL \/ 17 X 26,5 CM\" class=\"wp-image-68840\" srcset=\"https:\/\/www.cocondedecoration.com\/blog\/wp-content\/uploads\/2023\/10\/decoration-plastique-recycle-eco-design-6-640x640.jpeg 640w, https:\/\/www.cocondedecoration.com\/blog\/wp-content\/uploads\/2023\/10\/decoration-plastique-recycle-eco-design-6-165x165.jpeg 165w, https:\/\/www.cocondedecoration.com\/blog\/wp-content\/uploads\/2023\/10\/decoration-plastique-recycle-eco-design-6-260x260.jpeg 260w, https:\/\/www.cocondedecoration.com\/blog\/wp-content\/uploads\/2023\/10\/decoration-plastique-recycle-eco-design-6-465x465.jpeg 465w, https:\/\/www.cocondedecoration.com\/blog\/wp-content\/uploads\/2023\/10\/decoration-plastique-recycle-eco-design-6-500x500.jpeg 500w, https:\/\/www.cocondedecoration.com\/blog\/wp-content\/uploads\/2023\/10\/decoration-plastique-recycle-eco-design-6.jpeg 650w\" sizes=\"(max-width: 640px) 100vw, 640px\" \/><figcaption><a href=\"https:\/\/c3po.link\/QhaKtBYjTx\" target=\"_blank\" rel=\"noreferrer noopener\" aria-label=\"Panier pliable HAY (s\u2019ouvre dans un nouvel onglet)\">Panier pliable HAY<\/a> - Made in Design<\/figcaption><\/figure>\n\n\n\n<figure class=\"wp-block-image\"><img loading=\"lazy\" decoding=\"async\" width=\"640\" height=\"640\" src=\"https:\/\/www.cocondedecoration.com\/blog\/wp-content\/uploads\/2023\/10\/deco-polyester-recycle-pas-cher-1-640x640.jpeg\" alt=\"deco polyester recycle pas cher Suspension en polyester recycl\u00e9 blanc et rotin\" class=\"wp-image-68860\" srcset=\"https:\/\/www.cocondedecoration.com\/blog\/wp-content\/uploads\/2023\/10\/deco-polyester-recycle-pas-cher-1-640x640.jpeg 640w, https:\/\/www.cocondedecoration.com\/blog\/wp-content\/uploads\/2023\/10\/deco-polyester-recycle-pas-cher-1-165x165.jpeg 165w, https:\/\/www.cocondedecoration.com\/blog\/wp-content\/uploads\/2023\/10\/deco-polyester-recycle-pas-cher-1-260x260.jpeg 260w, https:\/\/www.cocondedecoration.com\/blog\/wp-content\/uploads\/2023\/10\/deco-polyester-recycle-pas-cher-1-465x465.jpeg 465w, https:\/\/www.cocondedecoration.com\/blog\/wp-content\/uploads\/2023\/10\/deco-polyester-recycle-pas-cher-1-500x500.jpeg 500w, https:\/\/www.cocondedecoration.com\/blog\/wp-content\/uploads\/2023\/10\/deco-polyester-recycle-pas-cher-1.jpeg 650w\" sizes=\"(max-width: 640px) 100vw, 640px\" \/><figcaption><a href=\"https:\/\/fnty.co\/c\/r-tiqEWDXv\" target=\"_blank\" rel=\"noreferrer noopener\" aria-label=\"Suspension en polyester recycl\u00e9 blanc et rotin (s\u2019ouvre dans un nouvel onglet)\">Suspension en polyester recycl\u00e9 blanc et rotin<\/a> - Maisons du Monde<\/figcaption><\/figure>\n\n\n\n<figure class=\"wp-block-image\"><img loading=\"lazy\" decoding=\"async\" width=\"640\" height=\"640\" src=\"https:\/\/www.cocondedecoration.com\/blog\/wp-content\/uploads\/2023\/10\/deco-polyester-recycle-pas-cher-4-640x640.jpeg\" alt=\"deco polyester recycle pas cher Plaid en polyester recycl\u00e9 blanc 220x240\" class=\"wp-image-68863\" srcset=\"https:\/\/www.cocondedecoration.com\/blog\/wp-content\/uploads\/2023\/10\/deco-polyester-recycle-pas-cher-4-640x640.jpeg 640w, https:\/\/www.cocondedecoration.com\/blog\/wp-content\/uploads\/2023\/10\/deco-polyester-recycle-pas-cher-4-165x165.jpeg 165w, https:\/\/www.cocondedecoration.com\/blog\/wp-content\/uploads\/2023\/10\/deco-polyester-recycle-pas-cher-4-260x260.jpeg 260w, https:\/\/www.cocondedecoration.com\/blog\/wp-content\/uploads\/2023\/10\/deco-polyester-recycle-pas-cher-4-465x465.jpeg 465w, https:\/\/www.cocondedecoration.com\/blog\/wp-content\/uploads\/2023\/10\/deco-polyester-recycle-pas-cher-4-500x500.jpeg 500w, https:\/\/www.cocondedecoration.com\/blog\/wp-content\/uploads\/2023\/10\/deco-polyester-recycle-pas-cher-4.jpeg 650w\" sizes=\"(max-width: 640px) 100vw, 640px\" \/><figcaption><a href=\"https:\/\/fnty.co\/c\/r-xsYzJYWD\" target=\"_blank\" rel=\"noreferrer noopener\" aria-label=\"Plaid en polyester recycl\u00e9 blanc  (s\u2019ouvre dans un nouvel onglet)\">Plaid en polyester recycl\u00e9 blanc <\/a>- Maisons du Monde<\/figcaption><\/figure>\n<\/div>\n<\/div>\n\n\n\n<h3 class=\"wp-block-heading\">Autres mat\u00e9riaux issus du recyclage pour d\u00e9corer votre int\u00e9rieur <\/h3>\n\n\n\n<div class=\"wp-block-columns has-3-columns is-layout-flex wp-container-core-columns-layout-6 wp-block-columns-is-layout-flex\">\n<div class=\"wp-block-column is-layout-flow wp-block-column-is-layout-flow\">\n<figure class=\"wp-block-image\"><img loading=\"lazy\" decoding=\"async\" width=\"640\" height=\"640\" src=\"https:\/\/www.cocondedecoration.com\/blog\/wp-content\/uploads\/2023\/10\/objet-deco-design-materiau-recycle-1-640x640.jpeg\" alt=\"objet deco design materiau recycle PLATEAU YAMA M\u00c9TAL NOIR \/ OVALE - 19 X 9,5 CM - ALUMINIUM RECYCL\u00c9\" class=\"wp-image-68847\" srcset=\"https:\/\/www.cocondedecoration.com\/blog\/wp-content\/uploads\/2023\/10\/objet-deco-design-materiau-recycle-1-640x640.jpeg 640w, https:\/\/www.cocondedecoration.com\/blog\/wp-content\/uploads\/2023\/10\/objet-deco-design-materiau-recycle-1-165x165.jpeg 165w, https:\/\/www.cocondedecoration.com\/blog\/wp-content\/uploads\/2023\/10\/objet-deco-design-materiau-recycle-1-260x260.jpeg 260w, https:\/\/www.cocondedecoration.com\/blog\/wp-content\/uploads\/2023\/10\/objet-deco-design-materiau-recycle-1-465x465.jpeg 465w, https:\/\/www.cocondedecoration.com\/blog\/wp-content\/uploads\/2023\/10\/objet-deco-design-materiau-recycle-1-500x500.jpeg 500w, https:\/\/www.cocondedecoration.com\/blog\/wp-content\/uploads\/2023\/10\/objet-deco-design-materiau-recycle-1.jpeg 650w\" sizes=\"(max-width: 640px) 100vw, 640px\" \/><figcaption><a href=\"https:\/\/c3po.link\/QeqxPUXdAK\" target=\"_blank\" rel=\"noreferrer noopener\" aria-label=\"Plateau en aluminium recycl\u00e9 FERM LIVING (s\u2019ouvre dans un nouvel onglet)\">Plateau en aluminium recycl\u00e9 FERM LIVING<\/a> - Made in Design<\/figcaption><\/figure>\n\n\n\n<figure class=\"wp-block-image\"><img loading=\"lazy\" decoding=\"async\" width=\"640\" height=\"640\" src=\"https:\/\/www.cocondedecoration.com\/blog\/wp-content\/uploads\/2023\/10\/objet-deco-design-materiau-recycle-4-640x640.jpeg\" alt=\"objet deco design materiau recycle CORBEILLE \u00c0 PAPIER PAPER PAPER PAPIER VERT \/RECYCL\u00c9\" class=\"wp-image-68850\" srcset=\"https:\/\/www.cocondedecoration.com\/blog\/wp-content\/uploads\/2023\/10\/objet-deco-design-materiau-recycle-4-640x640.jpeg 640w, https:\/\/www.cocondedecoration.com\/blog\/wp-content\/uploads\/2023\/10\/objet-deco-design-materiau-recycle-4-165x165.jpeg 165w, https:\/\/www.cocondedecoration.com\/blog\/wp-content\/uploads\/2023\/10\/objet-deco-design-materiau-recycle-4-260x260.jpeg 260w, https:\/\/www.cocondedecoration.com\/blog\/wp-content\/uploads\/2023\/10\/objet-deco-design-materiau-recycle-4-465x465.jpeg 465w, https:\/\/www.cocondedecoration.com\/blog\/wp-content\/uploads\/2023\/10\/objet-deco-design-materiau-recycle-4-500x500.jpeg 500w, https:\/\/www.cocondedecoration.com\/blog\/wp-content\/uploads\/2023\/10\/objet-deco-design-materiau-recycle-4.jpeg 650w\" sizes=\"(max-width: 640px) 100vw, 640px\" \/><figcaption><a href=\"https:\/\/c3po.link\/Q3efhUdfJq\" target=\"_blank\" rel=\"noreferrer noopener\" aria-label=\"Corbeille \u00e0 papier en papier recycl\u00e9 HAY (s\u2019ouvre dans un nouvel onglet)\">Corbeille \u00e0 papier en papier recycl\u00e9 HAY<\/a> - Made in Design<\/figcaption><\/figure>\n\n\n\n<figure class=\"wp-block-image\"><img loading=\"lazy\" decoding=\"async\" width=\"640\" height=\"640\" src=\"https:\/\/www.cocondedecoration.com\/blog\/wp-content\/uploads\/2023\/10\/objet-deco-design-materiau-recycle-7-640x640.jpeg\" alt=\"objet deco design materiau recycle CHANDELIER BOWL MEDIUM ARGENT M\u00c9TAL \/ \u00d8 20 CM - ALUMINIUM RECYCL\u00c9\" class=\"wp-image-68853\" srcset=\"https:\/\/www.cocondedecoration.com\/blog\/wp-content\/uploads\/2023\/10\/objet-deco-design-materiau-recycle-7-640x640.jpeg 640w, https:\/\/www.cocondedecoration.com\/blog\/wp-content\/uploads\/2023\/10\/objet-deco-design-materiau-recycle-7-165x165.jpeg 165w, https:\/\/www.cocondedecoration.com\/blog\/wp-content\/uploads\/2023\/10\/objet-deco-design-materiau-recycle-7-260x260.jpeg 260w, https:\/\/www.cocondedecoration.com\/blog\/wp-content\/uploads\/2023\/10\/objet-deco-design-materiau-recycle-7-465x465.jpeg 465w, https:\/\/www.cocondedecoration.com\/blog\/wp-content\/uploads\/2023\/10\/objet-deco-design-materiau-recycle-7-500x500.jpeg 500w, https:\/\/www.cocondedecoration.com\/blog\/wp-content\/uploads\/2023\/10\/objet-deco-design-materiau-recycle-7.jpeg 650w\" sizes=\"(max-width: 640px) 100vw, 640px\" \/><figcaption><a href=\"https:\/\/c3po.link\/Q9SyRH4ns2\" target=\"_blank\" rel=\"noreferrer noopener\" aria-label=\"Chandelier en aluminum recycl\u00e9 FERM LIVING (s\u2019ouvre dans un nouvel onglet)\">Chandelier en aluminum recycl\u00e9 FERM LIVING<\/a> - Made in Design<\/figcaption><\/figure>\n<\/div>\n\n\n\n<div class=\"wp-block-column is-layout-flow wp-block-column-is-layout-flow\">\n<figure class=\"wp-block-image\"><img loading=\"lazy\" decoding=\"async\" width=\"640\" height=\"640\" src=\"https:\/\/www.cocondedecoration.com\/blog\/wp-content\/uploads\/2023\/10\/objet-deco-design-materiau-recycle-2-640x640.jpeg\" alt=\"objet deco design materiau recycle LAMPE DE TABLE EARTH PAPIER \/ PAPIER M\u00c2CH\u00c9 RECYCL\u00c9\" class=\"wp-image-68848\" srcset=\"https:\/\/www.cocondedecoration.com\/blog\/wp-content\/uploads\/2023\/10\/objet-deco-design-materiau-recycle-2-640x640.jpeg 640w, https:\/\/www.cocondedecoration.com\/blog\/wp-content\/uploads\/2023\/10\/objet-deco-design-materiau-recycle-2-165x165.jpeg 165w, https:\/\/www.cocondedecoration.com\/blog\/wp-content\/uploads\/2023\/10\/objet-deco-design-materiau-recycle-2-260x260.jpeg 260w, https:\/\/www.cocondedecoration.com\/blog\/wp-content\/uploads\/2023\/10\/objet-deco-design-materiau-recycle-2-465x465.jpeg 465w, https:\/\/www.cocondedecoration.com\/blog\/wp-content\/uploads\/2023\/10\/objet-deco-design-materiau-recycle-2-500x500.jpeg 500w, https:\/\/www.cocondedecoration.com\/blog\/wp-content\/uploads\/2023\/10\/objet-deco-design-materiau-recycle-2.jpeg 650w\" sizes=\"(max-width: 640px) 100vw, 640px\" \/><figcaption><a href=\"https:\/\/c3po.link\/QHV3tmkTP6\" target=\"_blank\" rel=\"noreferrer noopener\" aria-label=\"Lampe en papier m\u00e2ch\u00e9 recycl\u00e9 SERAX (s\u2019ouvre dans un nouvel onglet)\">Lampe en papier m\u00e2ch\u00e9 recycl\u00e9 SERAX<\/a> - Made in Design<\/figcaption><\/figure>\n\n\n\n<figure class=\"wp-block-image\"><img loading=\"lazy\" decoding=\"async\" width=\"640\" height=\"640\" src=\"https:\/\/www.cocondedecoration.com\/blog\/wp-content\/uploads\/2023\/10\/objet-deco-design-materiau-recycle-5-640x640.jpeg\" alt=\"objet deco design materiau recycle coupelle en papier recycl\u00e9 \" class=\"wp-image-68851\" srcset=\"https:\/\/www.cocondedecoration.com\/blog\/wp-content\/uploads\/2023\/10\/objet-deco-design-materiau-recycle-5-640x640.jpeg 640w, https:\/\/www.cocondedecoration.com\/blog\/wp-content\/uploads\/2023\/10\/objet-deco-design-materiau-recycle-5-165x165.jpeg 165w, https:\/\/www.cocondedecoration.com\/blog\/wp-content\/uploads\/2023\/10\/objet-deco-design-materiau-recycle-5-260x260.jpeg 260w, https:\/\/www.cocondedecoration.com\/blog\/wp-content\/uploads\/2023\/10\/objet-deco-design-materiau-recycle-5-465x465.jpeg 465w, https:\/\/www.cocondedecoration.com\/blog\/wp-content\/uploads\/2023\/10\/objet-deco-design-materiau-recycle-5-500x500.jpeg 500w, https:\/\/www.cocondedecoration.com\/blog\/wp-content\/uploads\/2023\/10\/objet-deco-design-materiau-recycle-5.jpeg 650w\" sizes=\"(max-width: 640px) 100vw, 640px\" \/><figcaption><a href=\"https:\/\/c3po.link\/QfSy7yxRQr\" target=\"_blank\" rel=\"noreferrer noopener\" aria-label=\"Coupelle en papier m\u00e2ch\u00e9 recycl\u00e9 SERAX (s\u2019ouvre dans un nouvel onglet)\">Coupelle en papier m\u00e2ch\u00e9 recycl\u00e9 SERAX<\/a> - Made in Design<\/figcaption><\/figure>\n\n\n\n<figure class=\"wp-block-image\"><img loading=\"lazy\" decoding=\"async\" width=\"640\" height=\"640\" src=\"https:\/\/www.cocondedecoration.com\/blog\/wp-content\/uploads\/2023\/10\/objet-deco-design-materiau-recycle-8-640x640.jpeg\" alt=\"objet deco design materiau recycle POT DE FLEURS UNERU C\u00c9RAMIQUE \/ AVEC SOUCOUPE - \u00d8 16 X H 19.5 CM - GR\u00c8S BRUT RECYCL\u00c9\" class=\"wp-image-68854\" srcset=\"https:\/\/www.cocondedecoration.com\/blog\/wp-content\/uploads\/2023\/10\/objet-deco-design-materiau-recycle-8-640x640.jpeg 640w, https:\/\/www.cocondedecoration.com\/blog\/wp-content\/uploads\/2023\/10\/objet-deco-design-materiau-recycle-8-165x165.jpeg 165w, https:\/\/www.cocondedecoration.com\/blog\/wp-content\/uploads\/2023\/10\/objet-deco-design-materiau-recycle-8-260x260.jpeg 260w, https:\/\/www.cocondedecoration.com\/blog\/wp-content\/uploads\/2023\/10\/objet-deco-design-materiau-recycle-8-465x465.jpeg 465w, https:\/\/www.cocondedecoration.com\/blog\/wp-content\/uploads\/2023\/10\/objet-deco-design-materiau-recycle-8-500x500.jpeg 500w, https:\/\/www.cocondedecoration.com\/blog\/wp-content\/uploads\/2023\/10\/objet-deco-design-materiau-recycle-8.jpeg 650w\" sizes=\"(max-width: 640px) 100vw, 640px\" \/><figcaption><a href=\"https:\/\/c3po.link\/Qx5pt9CdvT\" target=\"_blank\" rel=\"noreferrer noopener\" aria-label=\"Pot de fleur en gr\u00e9 recycl\u00e9 FERM LIVING (s\u2019ouvre dans un nouvel onglet)\">Pot de fleur en gr\u00e9 recycl\u00e9 FERM LIVING<\/a> - Made in Design<\/figcaption><\/figure>\n<\/div>\n\n\n\n<div class=\"wp-block-column is-layout-flow wp-block-column-is-layout-flow\">\n<figure class=\"wp-block-image\"><img loading=\"lazy\" decoding=\"async\" width=\"640\" height=\"640\" src=\"https:\/\/www.cocondedecoration.com\/blog\/wp-content\/uploads\/2023\/10\/objet-deco-design-materiau-recycle-3-640x640.jpeg\" alt=\"objet deco design materiau recycle PANIER RESTORE TISSU GRIS \/ 35 X 48 CM - FEUTRE 100% RECYCL\u00c9 \" class=\"wp-image-68849\" srcset=\"https:\/\/www.cocondedecoration.com\/blog\/wp-content\/uploads\/2023\/10\/objet-deco-design-materiau-recycle-3-640x640.jpeg 640w, https:\/\/www.cocondedecoration.com\/blog\/wp-content\/uploads\/2023\/10\/objet-deco-design-materiau-recycle-3-165x165.jpeg 165w, https:\/\/www.cocondedecoration.com\/blog\/wp-content\/uploads\/2023\/10\/objet-deco-design-materiau-recycle-3-260x260.jpeg 260w, https:\/\/www.cocondedecoration.com\/blog\/wp-content\/uploads\/2023\/10\/objet-deco-design-materiau-recycle-3-465x465.jpeg 465w, https:\/\/www.cocondedecoration.com\/blog\/wp-content\/uploads\/2023\/10\/objet-deco-design-materiau-recycle-3-500x500.jpeg 500w, https:\/\/www.cocondedecoration.com\/blog\/wp-content\/uploads\/2023\/10\/objet-deco-design-materiau-recycle-3.jpeg 650w\" sizes=\"(max-width: 640px) 100vw, 640px\" \/><figcaption><a href=\"https:\/\/c3po.link\/QhsN65Xn9B\" target=\"_blank\" rel=\"noreferrer noopener\" aria-label=\"Panier en feutre recycl\u00e9 MUUTO (s\u2019ouvre dans un nouvel onglet)\">Panier en feutre recycl\u00e9 MUUTO<\/a> - Made in design <\/figcaption><\/figure>\n\n\n\n<figure class=\"wp-block-image\"><img loading=\"lazy\" decoding=\"async\" width=\"640\" height=\"640\" src=\"https:\/\/www.cocondedecoration.com\/blog\/wp-content\/uploads\/2023\/10\/objet-deco-design-materiau-recycle-6-640x640.jpeg\" alt=\"objet deco design materiau recycle BR\u00dbLE-PARFUM ODEL GRIS ARGENT M\u00c9TAL \/ ALUMINIUM RECYCL\u00c9\" class=\"wp-image-68852\" srcset=\"https:\/\/www.cocondedecoration.com\/blog\/wp-content\/uploads\/2023\/10\/objet-deco-design-materiau-recycle-6-640x640.jpeg 640w, https:\/\/www.cocondedecoration.com\/blog\/wp-content\/uploads\/2023\/10\/objet-deco-design-materiau-recycle-6-165x165.jpeg 165w, https:\/\/www.cocondedecoration.com\/blog\/wp-content\/uploads\/2023\/10\/objet-deco-design-materiau-recycle-6-260x260.jpeg 260w, https:\/\/www.cocondedecoration.com\/blog\/wp-content\/uploads\/2023\/10\/objet-deco-design-materiau-recycle-6-465x465.jpeg 465w, https:\/\/www.cocondedecoration.com\/blog\/wp-content\/uploads\/2023\/10\/objet-deco-design-materiau-recycle-6-500x500.jpeg 500w, https:\/\/www.cocondedecoration.com\/blog\/wp-content\/uploads\/2023\/10\/objet-deco-design-materiau-recycle-6.jpeg 650w\" sizes=\"(max-width: 640px) 100vw, 640px\" \/><figcaption><a href=\"https:\/\/c3po.link\/QhhaaxDvfy\" target=\"_blank\" rel=\"noreferrer noopener\" aria-label=\"Br\u00fble-parfum en aluminium recycl\u00e9 FERM LIVING  (s\u2019ouvre dans un nouvel onglet)\">Br\u00fble-parfum en aluminium recycl\u00e9 FERM LIVING <\/a> - Made in Design<\/figcaption><\/figure>\n<\/div>\n<\/div>\n\n\n\n<hr class=\"wp-block-separator\"\/>\n\n\n\n<p class=\"has-text-align-center has-medium-font-size\">Ne perdons pas contact \ud83d\ude42 Rejoignez moi sur <a href=\"https:\/\/www.pinterest.fr\/cocondedeco\/\" target=\"_blank\" rel=\"noopener\" title=\"\">Pinterest<\/a> |\u00a0<a href=\"https:\/\/www.threads.net\/@cocondedeco\" target=\"_blank\" rel=\"noopener\" title=\"\">Threads<\/a> | <a href=\"https:\/\/www.patreon.com\/collection\/162946?view=expanded\" target=\"_blank\" rel=\"noopener\" title=\"\">la Newsletter<\/a> <br>Vous aimez lire le blog? Vous souhaitez continuer \u00e0 le lire? <a href=\"https:\/\/www.patreon.com\/cocondedeco\" target=\"_blank\" rel=\"noopener\" title=\"\">Devenez m\u00e9c\u00e8ne<\/a> sur Patreon et contribuez \u00e0 sa survie. <\/p>\n\n\n\n<hr class=\"wp-block-separator\"\/>\n\n\n\n<div class=\"wp-block-columns has-2-columns is-layout-flex wp-container-core-columns-layout-7 wp-block-columns-is-layout-flex\">\n<div class=\"wp-block-column is-layout-flow wp-block-column-is-layout-flow\">\n<p style=\"text-align:center\" class=\"has-medium-font-size\">A lire \u00e9galement<\/p>\n\n\n<ul class=\"wp-block-latest-posts__list wp-block-latest-posts\"><li><a class=\"wp-block-latest-posts__post-title\" href=\"https:\/\/www.cocondedecoration.com\/blog\/2023\/11\/noel-eco-responsable-facile\/\">10 id\u00e9es pour des f\u00eates de fin d&rsquo;ann\u00e9e plus \u00e9co-friendly<\/a><\/li>\n<li><a class=\"wp-block-latest-posts__post-title\" href=\"https:\/\/www.cocondedecoration.com\/blog\/2023\/10\/deco-materiau-recycle\/\">Maison slow | De la d\u00e9co en mat\u00e9riau recycl\u00e9<\/a><\/li>\n<li><a class=\"wp-block-latest-posts__post-title\" href=\"https:\/\/www.cocondedecoration.com\/blog\/2023\/08\/rangement-sans-plastique\/\">Int\u00e9rieur \u00e9co-friendly | Les alternatives au plastique pour ranger la maison<\/a><\/li>\n<li><a class=\"wp-block-latest-posts__post-title\" href=\"https:\/\/www.cocondedecoration.com\/blog\/2023\/07\/zentangle-dessin-relaxation\/\">Loisirs cr\u00e9atifs | Le zentangle pour dessiner et surtout se d\u00e9tendre<\/a><\/li>\n<li><a class=\"wp-block-latest-posts__post-title\" href=\"https:\/\/www.cocondedecoration.com\/blog\/2023\/04\/diy-deco-beton-creatif\/\">Loisirs slow | Confectionner de la d\u00e9co en b\u00e9ton cr\u00e9atif<\/a><\/li>\n<\/ul><\/div>\n\n\n\n<div class=\"wp-block-column is-layout-flow wp-block-column-is-layout-flow\">\n<p class=\"has-text-align-center has-medium-font-size\" style=\"padding-top:var(--wp--preset--spacing--40);padding-bottom:var(--wp--preset--spacing--40)\"><strong>Devenez m\u00e9c\u00e8ne du blog <\/strong><\/p>\n\n\n\n<hr class=\"wp-block-separator has-alpha-channel-opacity is-style-wide\"\/>\n\n\n\n<p style=\"padding-right:var(--wp--preset--spacing--30);padding-left:var(--wp--preset--spacing--30)\">Soutenez mon travail sur le blog et acc\u00e9dez \u00e0 des contreparties exclusives: <\/p>\n\n\n\n<ul style=\"padding-right:var(--wp--preset--spacing--40);padding-left:var(--wp--preset--spacing--40)\">\n<li>Plusieurs centaines d'articles d\u00e9co, lifestyle &amp; voyage r\u00e9serv\u00e9s aux abonn\u00e9\u2022e\u2022s <\/li>\n\n\n\n<li>Toutes les entr\u00e9es de mon side project - mon dictionnaire nomade <\/li>\n\n\n\n<li>Une publicit\u00e9 limit\u00e9e sur les articles Patreon <\/li>\n<\/ul>\n\n\n\n<div class=\"wp-block-buttons is-content-justification-center is-layout-flex wp-container-core-buttons-layout-1 wp-block-buttons-is-layout-flex\">\n<div class=\"wp-block-button\"><a class=\"wp-block-button__link wp-element-button\" href=\"https:\/\/www.patreon.com\/cocondedeco\" target=\"_blank\" rel=\"noreferrer noopener\">Soutenir le blog maintenant<\/a><\/div>\n<\/div>\n<\/div>\n<\/div>\n\n\n\n<div class=\"wp-block-image\"><figure class=\"aligncenter\"><img loading=\"lazy\" decoding=\"async\" width=\"732\" height=\"488\" src=\"https:\/\/www.cocondedecoration.com\/blog\/wp-content\/uploads\/2023\/10\/decoration-materiaux-recycles.jpeg\" alt=\"decoration materiaux recycles verre coton velours bois papier cuir eco-design\" class=\"wp-image-68866\" srcset=\"https:\/\/www.cocondedecoration.com\/blog\/wp-content\/uploads\/2023\/10\/decoration-materiaux-recycles.jpeg 732w, https:\/\/www.cocondedecoration.com\/blog\/wp-content\/uploads\/2023\/10\/decoration-materiaux-recycles-260x173.jpeg 260w, https:\/\/www.cocondedecoration.com\/blog\/wp-content\/uploads\/2023\/10\/decoration-materiaux-recycles-640x427.jpeg 640w, https:\/\/www.cocondedecoration.com\/blog\/wp-content\/uploads\/2023\/10\/decoration-materiaux-recycles-465x310.jpeg 465w, https:\/\/www.cocondedecoration.com\/blog\/wp-content\/uploads\/2023\/10\/decoration-materiaux-recycles-695x463.jpeg 695w\" sizes=\"(max-width: 732px) 100vw, 732px\" \/><figcaption>\u00a9Pexels<\/figcaption><\/figure><\/div>\n\n\n\n<p style=\"text-align:right\" class=\"has-small-font-size\">Note: Cet article contient des liens affili\u00e9s; Ils ne changent en rien votre utilisation du blog ou des sites partenaires. Ils me permettent de mettre \u00e0 jour r\u00e9guli\u00e8rement le blog. Merci par avance de votre soutien! <\/p>\n","protected":false},"excerpt":{"rendered":"<p>Il y a quelques mois, je vous avais d\u00e9j\u00e0 propos\u00e9 un article autour du verre recycl\u00e9 comme mat\u00e9riau d\u00e9co. Cette fois-ci, j&rsquo;ai eu envie de partager avec vous un article plus g\u00e9n\u00e9ral pour vous pr\u00e9senter les diff\u00e9rentes solutions pour d\u00e9corer votre int\u00e9rieur dans une d\u00e9marche plus slow, plus \u00e9co-responsable. Ces<span class=\"more-link\"><a href=\"https:\/\/www.cocondedecoration.com\/blog\/2023\/10\/deco-materiau-recycle\/\">Lire la suite<\/a><\/span><\/p>\n","protected":false},"author":1,"featured_media":68866,"comment_status":"open","ping_status":"open","sticky":false,"template":"","format":"standard","meta":{"om_disable_all_campaigns":false,"_monsterinsights_skip_tracking":false,"_monsterinsights_sitenote_active":false,"_monsterinsights_sitenote_note":"","_monsterinsights_sitenote_category":0,"_uf_show_specific_survey":0,"_uf_disable_surveys":false,"footnotes":""},"categories":[9777,28352,26873,2231],"tags":[],"aioseo_notices":[],"_links":{"self":[{"href":"https:\/\/www.cocondedecoration.com\/blog\/wp-json\/wp\/v2\/posts\/68802"}],"collection":[{"href":"https:\/\/www.cocondedecoration.com\/blog\/wp-json\/wp\/v2\/posts"}],"about":[{"href":"https:\/\/www.cocondedecoration.com\/blog\/wp-json\/wp\/v2\/types\/post"}],"author":[{"embeddable":true,"href":"https:\/\/www.cocondedecoration.com\/blog\/wp-json\/wp\/v2\/users\/1"}],"replies":[{"embeddable":true,"href":"https:\/\/www.cocondedecoration.com\/blog\/wp-json\/wp\/v2\/comments?post=68802"}],"version-history":[{"count":0,"href":"https:\/\/www.cocondedecoration.com\/blog\/wp-json\/wp\/v2\/posts\/68802\/revisions"}],"wp:featuredmedia":[{"embeddable":true,"href":"https:\/\/www.cocondedecoration.com\/blog\/wp-json\/wp\/v2\/media\/68866"}],"wp:attachment":[{"href":"https:\/\/www.cocondedecoration.com\/blog\/wp-json\/wp\/v2\/media?parent=68802"}],"wp:term":[{"taxonomy":"category","embeddable":true,"href":"https:\/\/www.cocondedecoration.com\/blog\/wp-json\/wp\/v2\/categories?post=68802"},{"taxonomy":"post_tag","embeddable":true,"href":"https:\/\/www.cocondedecoration.com\/blog\/wp-json\/wp\/v2\/tags?post=68802"}],"curies":[{"name":"wp","href":"https:\/\/api.w.org\/{rel}","templated":true}]}}