{"id":6856,"date":"2014-03-18T06:20:32","date_gmt":"2014-03-18T04:20:32","guid":{"rendered":"http:\/\/www.cocondedecoration.com\/blog\/?p=6856"},"modified":"2014-03-18T20:32:21","modified_gmt":"2014-03-18T18:32:21","slug":"un-pave-dans-la-mare-laccessibilite-pour-les-personnes-handicapees","status":"publish","type":"post","link":"https:\/\/www.cocondedecoration.com\/blog\/2014\/03\/un-pave-dans-la-mare-laccessibilite-pour-les-personnes-handicapees\/","title":{"rendered":"Un pav\u00e9 dans la mare: l&rsquo;accessibilit\u00e9 pour les personnes handicap\u00e9es"},"content":{"rendered":"<p style=\"text-align: justify;\">Depuis que je blogue, j'ai vu souvent passer dans mes lectures des articles <a href=\"http:\/\/www.lamareaucanard.com\/p\/les-paves-dans-la-mare.html\" target=\"_blank\">\"Un pav\u00e9 dans la mare\"<\/a> qui est un mouvement lanc\u00e9 par <a href=\"http:\/\/www.lamareaucanard.com\/\" target=\"_blank\">La M\u00e8re Cane<\/a>. C'est bien plus qu'un coup de gueule, c'est une r\u00e9flexion sur un sujet qui pique, un sujet qui m\u00e9rite d'\u00eatre mis en avant et qu'on en parle. Je ne pense pas que je ferai toutes les semaines des pav\u00e9s pour La M\u00e8re Cane, mais cela fait depuis quelques semaines que \u00e7a me d\u00e9mange, et, aujourd'hui, je saute le pas.<\/p>\n<p style=\"text-align: justify;\">Aujourd'hui, je vais traiter d'un sujet qui est d'<strong>actualit\u00e9<\/strong>, qui fait partie int\u00e9grante de mon boulot et qui heurte ma sensibilit\u00e9 en tant que personne: <strong>l'accessibilit\u00e9 des personnes handicap\u00e9es.<\/strong><br \/>\nVous allez me dire, qu'est-ce que c'est? C'est un ensemble de r\u00e8gles et de consignes \u00e0 mettre en place pour qu'une personne handicap\u00e9e puisse <strong>acc\u00e9der librement<\/strong>, par elle-m\u00eame, aux \u00e9tablissements recevant du public, les ERP. Les ERP c'est tout ce qui n'est pas un logement: c'est le supermarch\u00e9, le cin\u00e9ma, la boulangerie, le magasin de fringues, le tribunal, le restau d'\u00e0 c\u00f4t\u00e9 mais aussi le Mac Do... C'est grosso merdo, tous les <strong>lieux communs<\/strong>, ceux dans lesquels on n'a pas le droit de fumer par exemple!<br \/>\nJe tiens aussi \u00e0 pr\u00e9ciser qu'une personne handicap\u00e9e n'est pas forc\u00e9ment une personne en fauteuil roulant. Faut ouvrir un peu les yeux, il n'y a pas que les d\u00e9ficients moteurs sur terre. Ils sont l\u00e0, je ne vais pas les d\u00e9nigrer, les oublier. Mais trop souvent, on fait un amalgame entre fauteuil roulant et handicap. Mais le handicap est bien plus complexe. Tu veux des exemples: un mal-entendant, un enfant autiste, un aveugle, une personne \u00e2g\u00e9e qui marche avec une canne. Et attention, dans les textes, les am\u00e9nagements pour les ERP sont aussi pour les femmes enceintes... (Non pas qu'elles soient consid\u00e9r\u00e9es comme handicap\u00e9es mais \u00e0 8mois pass\u00e9s de grossesse tu prends plus de place et tu ne te d\u00e9places plus de la m\u00eame mani\u00e8re).<\/p>\n<p style=\"text-align: justify;\"><a href=\"http:\/\/www.cocondedecoration.com\/blog\/wp-content\/uploads\/2014\/03\/accessibilite-handicap.jpg\"><img loading=\"lazy\" decoding=\"async\" class=\"aligncenter size-full wp-image-6857\" alt=\"accessibilite handicap\" src=\"http:\/\/www.cocondedecoration.com\/blog\/wp-content\/uploads\/2014\/03\/accessibilite-handicap.jpg\" width=\"502\" height=\"750\" srcset=\"https:\/\/www.cocondedecoration.com\/blog\/wp-content\/uploads\/2014\/03\/accessibilite-handicap.jpg 502w, https:\/\/www.cocondedecoration.com\/blog\/wp-content\/uploads\/2014\/03\/accessibilite-handicap-260x388.jpg 260w\" sizes=\"(max-width: 502px) 100vw, 502px\" \/><\/a><a href=\"http:\/\/laurence.fleury.pagesperso-orange.fr\/handicap\/slides\/handicap-mental_036.html\" target=\"_blank\">Source <\/a><\/p>\n<p style=\"text-align: justify;\">C'est un sujet d'actu parce qu'il y a 10 ans, une loi a \u00e9t\u00e9 adopt\u00e9e pour que tous les \u00e9tablissements communs soient accessibles aux personnes handicap\u00e9es. <strong>La dead line \u00e9tait fix\u00e9e au 1er janvier 2015<\/strong>. Et bim bam boum, ces derni\u00e8res semaines, <strong>il serait question de repousser<\/strong> cette dead line. Les diff\u00e9rentes associations, comme les APF (Association des Paralys\u00e9s de France) pour ne citer qu'elle, crient au scandale. Et je me joins \u00e0 eux!<br \/>\nOui, modifier et transformer les locaux pour qu'ils soient accessibles,<strong> \u00e7a co\u00fbte un bras parfois<\/strong>. Oui, c'est s\u00fbr! Mais <del>putain<\/del> vous avez eu 10 ans pour \u00e9conomiser et faire des travaux. Ce n'est pas comme si on vous avait pris au d\u00e9pourvu. 10 ans! \u00c7a laisse le temps de pr\u00e9voir dans sa compta un budget pour faire les travaux. Ca laisse le temps de se renseigner pour savoir quelles modifications il y a faire. 10 ans c'est 1\/3 de ma vie et en 10 ans, j'ai eu le temps de faire un tas de choses. Alors pourquoi les entreprises, grosses et petites, pourquoi elles s'offusquent maintenant d'avoir une tonne de travaux \u00e0 faire? Je pense que c'est juste <strong>de la mauvaise foi<\/strong>!<\/p>\n<p style=\"text-align: justify;\"><a href=\"http:\/\/www.cocondedecoration.com\/blog\/wp-content\/uploads\/2014\/03\/handicap-ERP.jpg\"><img loading=\"lazy\" decoding=\"async\" class=\"aligncenter size-large wp-image-6858\" alt=\"handicap ERP\" src=\"http:\/\/www.cocondedecoration.com\/blog\/wp-content\/uploads\/2014\/03\/handicap-ERP-640x640.jpg\" width=\"600\" height=\"600\" srcset=\"https:\/\/www.cocondedecoration.com\/blog\/wp-content\/uploads\/2014\/03\/handicap-ERP-640x640.jpg 640w, https:\/\/www.cocondedecoration.com\/blog\/wp-content\/uploads\/2014\/03\/handicap-ERP-165x165.jpg 165w, https:\/\/www.cocondedecoration.com\/blog\/wp-content\/uploads\/2014\/03\/handicap-ERP-260x260.jpg 260w, https:\/\/www.cocondedecoration.com\/blog\/wp-content\/uploads\/2014\/03\/handicap-ERP.jpg 736w\" sizes=\"(max-width: 600px) 100vw, 600px\" \/><\/a><a href=\"https:\/\/www.facebook.com\/larchedaybreak\/photos\/a.195203660531209.57017.125880560796853\/706176046100632\/?type=1&amp;theater\" target=\"_blank\">Source <\/a><\/p>\n<p style=\"text-align: justify;\">Mise \u00e0 part cette mauvaise foi au niveau des d\u00e9lais, il y a souvent une mauvaise foi de la part des chefs d'entreprise mais aussi de la part des municipalit\u00e9 quant \u00e0 l'<strong>application <em>stricto sensu<\/em> des consignes<\/strong>. Vous voyez tous la taille d'un chiotte handicap\u00e9. Je suis d'accord c'est \u00e9norme! Mais c'est n\u00e9cessaire. Quand vous allez aux toilettes, vous aimez avoir assez de place pour vous retourner? Bah, les toilettes handicap\u00e9s sont de taille justement pour qu'un fauteuil puisse se retourner. Grappiller 30cm, \u00e7a ne sert \u00e0 rien; \u00c7a vous coute tout aussi cher et \u00e7a vous fait prendre le risque de tout avoir \u00e0 refaire s'il y a contr\u00f4le. Ce n'est qu'un exemple parmi d'autres. La plupart du temps les consignes coulent de source.<br \/>\nLa taille des passages est particuli\u00e8re. On demande 140cm entre un deux meubles si c'est un passage. Ce n'est pas juste pour faire chier les chefs d'entreprises. \u00c7a permet \u00e0 une femme enceinte et un papy avec une canne de marcher l'un \u00e0 c\u00f4t\u00e9 de l'autre ou de se croiser sans soucis. Je comprends que \u00e7a puisse ennuyer les chefs d'entreprise parce qu'il voient \u00e7a comme l'antith\u00e8se de la rentabilit\u00e9. Mais si au lieu de se focaliser l\u00e0 dessus, ils voyaient ce passage comme une mani\u00e8re de 1\u00b0 contenter tous les clients? 2\u00b0 a\u00e9rer et \u00e9purer l'espace de vente? C'est de la mauvaise fois. Certes, on peut toujours bouffer 30 cm sur un passage de 140, mais c'est<strong> au d\u00e9triment des personnes en situation de handicap<\/strong>.<\/p>\n<p style=\"text-align: justify;\"><a href=\"http:\/\/www.cocondedecoration.com\/blog\/wp-content\/uploads\/2014\/03\/handicap.jpg\"><img loading=\"lazy\" decoding=\"async\" class=\"aligncenter size-large wp-image-6859\" alt=\"handicap\" src=\"http:\/\/www.cocondedecoration.com\/blog\/wp-content\/uploads\/2014\/03\/handicap-640x645.jpg\" width=\"600\" height=\"604\" srcset=\"https:\/\/www.cocondedecoration.com\/blog\/wp-content\/uploads\/2014\/03\/handicap-640x645.jpg 640w, https:\/\/www.cocondedecoration.com\/blog\/wp-content\/uploads\/2014\/03\/handicap-165x165.jpg 165w, https:\/\/www.cocondedecoration.com\/blog\/wp-content\/uploads\/2014\/03\/handicap-260x262.jpg 260w, https:\/\/www.cocondedecoration.com\/blog\/wp-content\/uploads\/2014\/03\/handicap.jpg 736w\" sizes=\"(max-width: 600px) 100vw, 600px\" \/><\/a><a href=\"http:\/\/firsttimeuser.tumblr.com\/page\/18\" target=\"_blank\">Source <\/a><\/p>\n<p style=\"text-align: justify;\">Dernier point, ou derni\u00e8re mise au point... <strong>Il est possible que tu lises cet article et qu'il ne te parle pas<\/strong>. Tu marches sur tes deux jambes, tout va bien dans ta vie, tu ne connais pas de personnes en situation de handicap. Mais \u00e7a peut changer! Tu as un accident de voiture, un gars bourr\u00e9 te rentre dedans, tu as les jambes HS, tu te retrouves en fauteuil. Ta meilleure amie d\u00e9couvre qu'elle a une maladie g\u00e9n\u00e9tique et elle perd l'audition petit \u00e0 petit. Ton p\u00e8re travaille dans une zone CEVESO et il y a un accident, il perd la vue. Une copine accouche, son enfant est d\u00e9ficient intellectuel... Il ne faut pas croire que cette flop\u00e9e de consignes soit la juste pour faire chier. Il ne faut pas croire que \u00e7a ne te concerne pas directement. Tu peux ne rien avoir \u00e0 faire des personnes en situation de handicap. (It's your problem). Mais <strong>tu n'es pas \u00e0 l'abri<\/strong> d'avoir besoin un jour de ces am\u00e9nagements.<\/p>\n<p style=\"text-align: justify;\">Voil\u00e0 c'\u00e9tait ma 1\u00e8re contributions aux pav\u00e9s de La M\u00e8re Cane et \u00e7a fait du bien de dire tout haut ce que j'ai sur le fond du c\u0153ur!<\/p>\n<p style=\"text-align: justify;\"><a href=\"http:\/\/www.cocondedecoration.com\/blog\/wp-content\/uploads\/2014\/03\/vignette-les-pave\u0301s-dans-la-mare.jpg\"><img loading=\"lazy\" decoding=\"async\" class=\"aligncenter size-full wp-image-6861\" alt=\"vignette les pave\u0301s dans la mare\" src=\"http:\/\/www.cocondedecoration.com\/blog\/wp-content\/uploads\/2014\/03\/vignette-les-pave\u0301s-dans-la-mare.jpg\" width=\"279\" height=\"320\" srcset=\"https:\/\/www.cocondedecoration.com\/blog\/wp-content\/uploads\/2014\/03\/vignette-les-pave\u0301s-dans-la-mare.jpg 279w, https:\/\/www.cocondedecoration.com\/blog\/wp-content\/uploads\/2014\/03\/vignette-les-pave\u0301s-dans-la-mare-260x298.jpg 260w\" sizes=\"(max-width: 279px) 100vw, 279px\" \/><\/a><a href=\"http:\/\/www.pinterest.com\/pin\/473159504571443314\/\" target=\"_blank\">Source de l'image \u00e0 la une<\/a><\/p>\n","protected":false},"excerpt":{"rendered":"<p>Depuis que je blogue, j&rsquo;ai vu souvent passer dans mes lectures des articles \u00ab\u00a0Un pav\u00e9 dans la mare\u00a0\u00bb qui est un mouvement lanc\u00e9 par La M\u00e8re Cane. C&rsquo;est bien plus qu&rsquo;un coup de gueule, c&rsquo;est une r\u00e9flexion sur un sujet qui pique, un sujet qui m\u00e9rite d&rsquo;\u00eatre mis en avant<span class=\"more-link\"><a href=\"https:\/\/www.cocondedecoration.com\/blog\/2014\/03\/un-pave-dans-la-mare-laccessibilite-pour-les-personnes-handicapees\/\">Lire la suite<\/a><\/span><\/p>\n","protected":false},"author":1,"featured_media":6860,"comment_status":"open","ping_status":"open","sticky":false,"template":"","format":"standard","meta":{"om_disable_all_campaigns":false,"_monsterinsights_skip_tracking":false,"_monsterinsights_sitenote_active":false,"_monsterinsights_sitenote_note":"","_monsterinsights_sitenote_category":0,"_uf_show_specific_survey":0,"_uf_disable_surveys":false,"footnotes":""},"categories":[5],"tags":[1385,1380,1374,1390,184,1382,1383,1387,1388,1381,1379,1384,1378,1386,1389,1391],"aioseo_notices":[],"_links":{"self":[{"href":"https:\/\/www.cocondedecoration.com\/blog\/wp-json\/wp\/v2\/posts\/6856"}],"collection":[{"href":"https:\/\/www.cocondedecoration.com\/blog\/wp-json\/wp\/v2\/posts"}],"about":[{"href":"https:\/\/www.cocondedecoration.com\/blog\/wp-json\/wp\/v2\/types\/post"}],"author":[{"embeddable":true,"href":"https:\/\/www.cocondedecoration.com\/blog\/wp-json\/wp\/v2\/users\/1"}],"replies":[{"embeddable":true,"href":"https:\/\/www.cocondedecoration.com\/blog\/wp-json\/wp\/v2\/comments?post=6856"}],"version-history":[{"count":0,"href":"https:\/\/www.cocondedecoration.com\/blog\/wp-json\/wp\/v2\/posts\/6856\/revisions"}],"wp:featuredmedia":[{"embeddable":true,"href":"https:\/\/www.cocondedecoration.com\/blog\/wp-json\/wp\/v2\/media\/6860"}],"wp:attachment":[{"href":"https:\/\/www.cocondedecoration.com\/blog\/wp-json\/wp\/v2\/media?parent=6856"}],"wp:term":[{"taxonomy":"category","embeddable":true,"href":"https:\/\/www.cocondedecoration.com\/blog\/wp-json\/wp\/v2\/categories?post=6856"},{"taxonomy":"post_tag","embeddable":true,"href":"https:\/\/www.cocondedecoration.com\/blog\/wp-json\/wp\/v2\/tags?post=6856"}],"curies":[{"name":"wp","href":"https:\/\/api.w.org\/{rel}","templated":true}]}}