{"id":6796,"date":"2014-03-13T06:06:04","date_gmt":"2014-03-13T04:06:04","guid":{"rendered":"http:\/\/www.cocondedecoration.com\/blog\/?p=6796"},"modified":"2015-01-22T10:33:42","modified_gmt":"2015-01-22T08:33:42","slug":"be-my-guest-aude-de-lheure-enchanthe","status":"publish","type":"post","link":"https:\/\/www.cocondedecoration.com\/blog\/2014\/03\/be-my-guest-aude-de-lheure-enchanthe\/","title":{"rendered":"Be my Guest &#8211; Aude de l&rsquo;Heure Enchan&rsquo;Th\u00e9"},"content":{"rendered":"<p style=\"text-align: justify;\"><em>J'ai l'immense plaisir de vous pr\u00e9senter une de mes copines sur le web: Aude. Nous nous sommes connues via Facebook et un peu plus gr\u00e2ce \u00e0 nos blogs respectifs. Aude est porteuse d'un projet qui ne me laisse pas indiff\u00e9rente, bien au contraire. Elle est en train de monter un salon de th\u00e9 itin\u00e9rant, un monde color\u00e9 et rempli de bonne humeur qui se balade de villes en villes. Je vous laisse la d\u00e9couvrir et d\u00e9couvrir son projet:<\/em><\/p>\n<p style=\"text-align: justify;\"><!--more--><\/p>\n<p style=\"text-align: justify;\">\n<p style=\"text-align: center;\"><a href=\"http:\/\/www.cocondedecoration.com\/blog\/wp-content\/uploads\/2014\/03\/the\u0301-salon.jpg\"><img loading=\"lazy\" decoding=\"async\" class=\"aligncenter size-full wp-image-6836\" src=\"http:\/\/www.cocondedecoration.com\/blog\/wp-content\/uploads\/2014\/03\/the\u0301-salon.jpg\" alt=\"the\u0301 salon\" width=\"534\" height=\"800\" srcset=\"https:\/\/www.cocondedecoration.com\/blog\/wp-content\/uploads\/2014\/03\/the\u0301-salon.jpg 534w, https:\/\/www.cocondedecoration.com\/blog\/wp-content\/uploads\/2014\/03\/the\u0301-salon-260x389.jpg 260w\" sizes=\"(max-width: 534px) 100vw, 534px\" \/><\/a><\/p>\n<p style=\"text-align: justify;\">Fermez les yeux, imaginez <strong>un lieu<\/strong>, <strong>un \u00e9v\u00e9nement<\/strong>, <strong>un moment particulier \u00e0 f\u00eater<\/strong>, une mise en sc\u00e8ne. Mon <strong>salon de th\u00e9 voyageur<\/strong> et \u00e9ph\u00e9m\u00e8re s'installe le temps d'un souffle ou d'un battement d'ailes \u00e0 votre demande. J'imagine pour vous un espace cosy, vintage et girly \u00e0 souhait !<\/p>\n<div style=\"text-align: justify;\">\n<p style=\"text-align: justify;\">Vous y go\u00fbterez <strong>une s\u00e9lection de th\u00e9s<\/strong> cr\u00e9\u00e9s par la maison artisanale fran\u00e7aise Christine DATTNER. J'ai choisi de vous faire d\u00e9guster quelques <strong>douceurs<\/strong> imagin\u00e9es par mes p\u00e2tissi\u00e8res partenaires.<\/p>\n<p style=\"text-align: justify;\">Vous pourrez participer \u00e0 des <strong>ateliers cr\u00e9atifs<\/strong> anim\u00e9s par des artistes et vous d\u00e9couvrirez leur univers.<\/p>\n<p style=\"text-align: justify;\">A domicile ou lors d'\u00e9v\u00e9nements professionnels ouverts au public <strong>partout en France<\/strong>, je vous attends avec plaisir pour passer un moment agr\u00e9able et reposant.<\/p>\n<p style=\"text-align: justify;\">Trentenaire, r\u00eaveuse et romantique, je suis <a href=\"http:\/\/1pg2fbis.canalblog.com\/\" target=\"_blank\">blogueuse<\/a> et bricoleuse touche-\u00e0-tout depuis de nombreuses ann\u00e9es ! Depuis longtemps <strong>passionn\u00e9e<\/strong> par l\u2019univers du th\u00e9, de la gourmandise et de la d\u00e9coration, je r\u00eavai de r\u00e9unir ces trois passions autour d\u2019un projet professionnel original.<\/p>\n<div id=\"mid.1394608557228:cfb41068ea8e1a9006\">\n<div>\n<div>\n<p>Et quoi de plus fou qu\u2019<strong>un petit salon de th\u00e9<\/strong> venant \u00e0 votre rencontre vous accueillant dans une ambiance plein de douceur et de cr\u00e9ativit\u00e9 ???<\/p>\n<\/div>\n<\/div>\n<div>\n<div>\n<p>Ma page facebook : <a href=\"https:\/\/www.facebook.com\/lheureenchanthe\" target=\"_blank\" rel=\"nofollow\">https:\/\/www.facebook.com\/lheureenchanthe<\/a><\/p>\n<p style=\"text-align: justify;\">Aujourd\u2019hui je suis \u00e9galement heureuse de mettre <strong>mon exp\u00e9rience d\u2019organisatrice<\/strong> au service de vos envies en mati\u00e8re de d\u00e9coration \u00e9ph\u00e9m\u00e8re.<\/p>\n<\/div>\n<\/div>\n<div style=\"text-align: justify;\">\n<div>\n<p style=\"text-align: center;\"><a href=\"http:\/\/www.cocondedecoration.com\/blog\/wp-content\/uploads\/2014\/03\/salon-de-the-voyageur1.jpg\"><img loading=\"lazy\" decoding=\"async\" class=\"aligncenter size-large wp-image-6835\" src=\"http:\/\/www.cocondedecoration.com\/blog\/wp-content\/uploads\/2014\/03\/salon-de-the-voyageur1-640x958.jpg\" alt=\"salon de the voyageur\" width=\"600\" height=\"898\" srcset=\"https:\/\/www.cocondedecoration.com\/blog\/wp-content\/uploads\/2014\/03\/salon-de-the-voyageur1-640x958.jpg 640w, https:\/\/www.cocondedecoration.com\/blog\/wp-content\/uploads\/2014\/03\/salon-de-the-voyageur1-260x389.jpg 260w, https:\/\/www.cocondedecoration.com\/blog\/wp-content\/uploads\/2014\/03\/salon-de-the-voyageur1.jpg 641w\" sizes=\"(max-width: 600px) 100vw, 600px\" \/><\/a><\/p>\n<p>MON PROCHAIN D\u00c9FI ?<\/p>\n<p>R\u00e9unir autour un week-end 100% <strong>les 26 et 27 avril 2014<\/strong> dans le sud de la France des professionnelles autour de l'univers de la <strong>d\u00e9coration<\/strong>, de la <strong>mode<\/strong>, de la<strong> beaut\u00e9<\/strong> et de la <strong>gourmandise<\/strong>.<\/p>\n<\/div>\n<\/div>\n<div style=\"text-align: justify;\">\n<div>\n<p>La page\u00a0 de <strong>So Chic and Pink<\/strong> : <a href=\"https:\/\/www.facebook.com\/sochicandpink\" target=\"_blank\">https:\/\/www.facebook.com\/sochicandpink<\/a><\/p>\n<\/div>\n<\/div>\n<div>\n<div style=\"text-align: justify;\">\n<p>Ah j'allais oublier le plus important : pour chaque projet je m'entoure d'une \u00e9quipe de filles aussi folles que moi pour de jolis partenariats ! Le travail en \u00e9quipe : j'adore !<\/p>\n<p style=\"text-align: center;\"><a href=\"http:\/\/www.cocondedecoration.com\/blog\/wp-content\/uploads\/2014\/03\/gouter-enfant-salon-de-the.jpg\"><img loading=\"lazy\" decoding=\"async\" class=\"aligncenter size-large wp-image-6833\" src=\"http:\/\/www.cocondedecoration.com\/blog\/wp-content\/uploads\/2014\/03\/gouter-enfant-salon-de-the-640x427.jpg\" alt=\"gouter enfant salon de the\" width=\"600\" height=\"400\" srcset=\"https:\/\/www.cocondedecoration.com\/blog\/wp-content\/uploads\/2014\/03\/gouter-enfant-salon-de-the-640x427.jpg 640w, https:\/\/www.cocondedecoration.com\/blog\/wp-content\/uploads\/2014\/03\/gouter-enfant-salon-de-the-260x173.jpg 260w, https:\/\/www.cocondedecoration.com\/blog\/wp-content\/uploads\/2014\/03\/gouter-enfant-salon-de-the-940x627.jpg 940w, https:\/\/www.cocondedecoration.com\/blog\/wp-content\/uploads\/2014\/03\/gouter-enfant-salon-de-the-440x294.jpg 440w, https:\/\/www.cocondedecoration.com\/blog\/wp-content\/uploads\/2014\/03\/gouter-enfant-salon-de-the.jpg 960w\" sizes=\"(max-width: 600px) 100vw, 600px\" \/><\/a><\/p>\n<p><em>Pour retrouver Aude, vous pouvez consulter son blog <a href=\"http:\/\/1pg2fbis.canalblog.com\/\" target=\"_blank\">1 P'tit grain 2 folie<\/a> mais vous pouvez aussi soutenir <a href=\"http:\/\/fr.ulule.com\/lheure-echanthe\/\" target=\"_blank\">son projet sur Ulule.<\/a> Je vous laisse avec sa vid\u00e9o de pr\u00e9sentation qui refl\u00e8te son univers si agr\u00e9able mais aussi quelques photos!<\/em><\/p>\n<p><a href=\"http:\/\/iframewidth=640height=360src=\/\/www.youtube.com\/embed\/OZ25Hf4UX98frameborder=0allowfullscreen\/iframe)\"><iframe loading=\"lazy\" src=\"\/\/www.youtube.com\/embed\/OZ25Hf4UX98\" width=\"640\" height=\"360\" frameborder=\"0\" allowfullscreen=\"allowfullscreen\"><\/iframe><\/a><\/p>\n<p>&nbsp;<\/p>\n<p><a href=\"http:\/\/www.cocondedecoration.com\/blog\/wp-content\/uploads\/2014\/03\/salon-de-the-lheure-enchanthe\u0301.jpg\"><img loading=\"lazy\" decoding=\"async\" class=\"aligncenter size-full wp-image-6834\" src=\"http:\/\/www.cocondedecoration.com\/blog\/wp-content\/uploads\/2014\/03\/salon-de-the-lheure-enchanthe\u0301.jpg\" alt=\"salon de the l'heure enchan'the\u0301\" width=\"468\" height=\"700\" srcset=\"https:\/\/www.cocondedecoration.com\/blog\/wp-content\/uploads\/2014\/03\/salon-de-the-lheure-enchanthe\u0301.jpg 468w, https:\/\/www.cocondedecoration.com\/blog\/wp-content\/uploads\/2014\/03\/salon-de-the-lheure-enchanthe\u0301-260x388.jpg 260w\" sizes=\"(max-width: 468px) 100vw, 468px\" \/><\/a><\/p>\n<p><a href=\"http:\/\/www.cocondedecoration.com\/blog\/wp-content\/uploads\/2014\/03\/de\u0301coration-salon-de-the.jpg\"><img loading=\"lazy\" decoding=\"async\" class=\"aligncenter size-large wp-image-6832\" src=\"http:\/\/www.cocondedecoration.com\/blog\/wp-content\/uploads\/2014\/03\/de\u0301coration-salon-de-the-640x426.jpg\" alt=\"de\u0301coration salon de the\" width=\"600\" height=\"399\" srcset=\"https:\/\/www.cocondedecoration.com\/blog\/wp-content\/uploads\/2014\/03\/de\u0301coration-salon-de-the-640x426.jpg 640w, https:\/\/www.cocondedecoration.com\/blog\/wp-content\/uploads\/2014\/03\/de\u0301coration-salon-de-the-260x173.jpg 260w, https:\/\/www.cocondedecoration.com\/blog\/wp-content\/uploads\/2014\/03\/de\u0301coration-salon-de-the-600x400.jpg 600w, https:\/\/www.cocondedecoration.com\/blog\/wp-content\/uploads\/2014\/03\/de\u0301coration-salon-de-the-570x380.jpg 570w, https:\/\/www.cocondedecoration.com\/blog\/wp-content\/uploads\/2014\/03\/de\u0301coration-salon-de-the-330x220.jpg 330w, https:\/\/www.cocondedecoration.com\/blog\/wp-content\/uploads\/2014\/03\/de\u0301coration-salon-de-the.jpg 700w\" sizes=\"(max-width: 600px) 100vw, 600px\" \/><\/a><\/p>\n<p>Cr\u00e9dits photos Christelle Naville\u00a0 pour la photo \u00e0 la une \/ Aude de l'Heure Enchan'Th\u00e9 pour les autres images et la vid\u00e9o<\/p>\n<\/div>\n<div style=\"text-align: justify;\"><\/div>\n<\/div>\n<\/div>\n<\/div>\n","protected":false},"excerpt":{"rendered":"<p>J&rsquo;ai l&rsquo;immense plaisir de vous pr\u00e9senter une de mes copines sur le web: Aude. Nous nous sommes connues via Facebook et un peu plus gr\u00e2ce \u00e0 nos blogs respectifs. Aude est porteuse d&rsquo;un projet qui ne me laisse pas indiff\u00e9rente, bien au contraire. Elle est en train de monter un<span class=\"more-link\"><a href=\"https:\/\/www.cocondedecoration.com\/blog\/2014\/03\/be-my-guest-aude-de-lheure-enchanthe\/\">Lire la suite<\/a><\/span><\/p>\n","protected":false},"author":1,"featured_media":6802,"comment_status":"open","ping_status":"open","sticky":false,"template":"","format":"standard","meta":{"om_disable_all_campaigns":false,"_monsterinsights_skip_tracking":false,"_monsterinsights_sitenote_active":false,"_monsterinsights_sitenote_note":"","_monsterinsights_sitenote_category":0,"_uf_show_specific_survey":0,"_uf_disable_surveys":false,"footnotes":""},"categories":[1832,5],"tags":[1589,1367,1366,129,528,119,312,1368,71,917,41,134,788],"aioseo_notices":[],"_links":{"self":[{"href":"https:\/\/www.cocondedecoration.com\/blog\/wp-json\/wp\/v2\/posts\/6796"}],"collection":[{"href":"https:\/\/www.cocondedecoration.com\/blog\/wp-json\/wp\/v2\/posts"}],"about":[{"href":"https:\/\/www.cocondedecoration.com\/blog\/wp-json\/wp\/v2\/types\/post"}],"author":[{"embeddable":true,"href":"https:\/\/www.cocondedecoration.com\/blog\/wp-json\/wp\/v2\/users\/1"}],"replies":[{"embeddable":true,"href":"https:\/\/www.cocondedecoration.com\/blog\/wp-json\/wp\/v2\/comments?post=6796"}],"version-history":[{"count":0,"href":"https:\/\/www.cocondedecoration.com\/blog\/wp-json\/wp\/v2\/posts\/6796\/revisions"}],"wp:featuredmedia":[{"embeddable":true,"href":"https:\/\/www.cocondedecoration.com\/blog\/wp-json\/wp\/v2\/media\/6802"}],"wp:attachment":[{"href":"https:\/\/www.cocondedecoration.com\/blog\/wp-json\/wp\/v2\/media?parent=6796"}],"wp:term":[{"taxonomy":"category","embeddable":true,"href":"https:\/\/www.cocondedecoration.com\/blog\/wp-json\/wp\/v2\/categories?post=6796"},{"taxonomy":"post_tag","embeddable":true,"href":"https:\/\/www.cocondedecoration.com\/blog\/wp-json\/wp\/v2\/tags?post=6796"}],"curies":[{"name":"wp","href":"https:\/\/api.w.org\/{rel}","templated":true}]}}