{"id":67766,"date":"2023-10-09T06:02:11","date_gmt":"2023-10-09T04:02:11","guid":{"rendered":"https:\/\/www.cocondedecoration.com\/blog\/?p=67766"},"modified":"2023-10-09T06:03:20","modified_gmt":"2023-10-09T04:03:20","slug":"objet-design-culte-femme","status":"publish","type":"post","link":"https:\/\/www.cocondedecoration.com\/blog\/2023\/10\/objet-design-culte-femme\/","title":{"rendered":"Design &#038; Histoire | 10 objets iconiques cr\u00e9\u00e9s par des femmes designers"},"content":{"rendered":"\n<p>Rendons \u00e0 C\u00e9sar ce qui appartient \u00e0 C\u00e9sar... Ou ici \u00e0 Julia, sa femme. Dans tous les domaines professionnels, l'homme a toujours \u00e9t\u00e9 mis en avant et les femmes relay\u00e9es au second plan. Je ne vais pas vous faire un r\u00e9sum\u00e9 de comment marche le patriarcat depuis la nuit des temps. Ce n'est pas le point de cet article. En revanche, je trouvais int\u00e9ressant de mettre en avant des designers femmes et leur travail. Et vous verrez dans cet article qu'il y a des pi\u00e8ces design que nous connaissons au moins de vue et qui ont \u00e9t\u00e9 cr\u00e9\u00e9es par des femmes. <\/p>\n\n\n\n<!--more-->\n\n\n\n<div class=\"wp-block-image\"><figure class=\"aligncenter\"><a href=\"https:\/\/www.patreon.com\/cocondedeco\" target=\"_blank\" rel=\"noreferrer noopener\"><img loading=\"lazy\" decoding=\"async\" width=\"728\" height=\"90\" src=\"http:\/\/www.cocondedecoration.com\/blog\/wp-content\/uploads\/2021\/01\/banniere-patreon.png\" alt=\"\" class=\"wp-image-33877\" srcset=\"https:\/\/www.cocondedecoration.com\/blog\/wp-content\/uploads\/2021\/01\/banniere-patreon.png 728w, https:\/\/www.cocondedecoration.com\/blog\/wp-content\/uploads\/2021\/01\/banniere-patreon-260x32.png 260w, https:\/\/www.cocondedecoration.com\/blog\/wp-content\/uploads\/2021\/01\/banniere-patreon-640x79.png 640w, https:\/\/www.cocondedecoration.com\/blog\/wp-content\/uploads\/2021\/01\/banniere-patreon-465x57.png 465w, https:\/\/www.cocondedecoration.com\/blog\/wp-content\/uploads\/2021\/01\/banniere-patreon-695x86.png 695w\" sizes=\"(max-width: 728px) 100vw, 728px\" \/><\/a><\/figure><\/div>\n\n\n\n<p style=\"text-align:center\" class=\"has-background has-small-font-size has-very-light-gray-background-color\">Avant de poursuivre cet article, j'aimerai vous parler quelques instants de Patreon. C'est une plateforme en plus du blog sur laquelle vous pouvez devenir m\u00e9c\u00e8ne du blog. <br><strong>Pourquoi soutenir le blog?<\/strong> <br>Parce que c'est un travail consid\u00e9rable et m\u00eame si je le fais avec passion c'est aussi un travail pr\u00e9caire (<a rel=\"noreferrer noopener\" href=\"https:\/\/www.patreon.com\/posts\/en-quoi-consiste-86917611\" target=\"_blank\">je vous explique tout cela en d\u00e9tail dans ce post<\/a>). Si vous aimez l'article que vous \u00eates en train de lire, si vous me suivez sur les r\u00e9seaux sociaux ou encore si vous lisez r\u00e9guli\u00e8rement le blog, je vous serai reconnaissante de soutenir le blog via Patreon. Par ailleurs, en vous abonnant sur la plateforme vous acc\u00e9derez \u00e0 des contenus exclusifs pour vous remercier de votre soutien. C'est sans engagement et chaque contribution fera la diff\u00e9rence. Merci par avance de votre aide! <br><a rel=\"noreferrer noopener\" href=\"https:\/\/www.patreon.com\/cocondedeco\" target=\"_blank\"><strong>En savoir plus &amp; acc\u00e9der \u00e0 Patreon<\/strong><\/a><\/p>\n\n\n\n<div class=\"wp-block-columns has-2-columns is-layout-flex wp-container-core-columns-layout-1 wp-block-columns-is-layout-flex\">\n<div class=\"wp-block-column is-layout-flow wp-block-column-is-layout-flow\">\n<h2 class=\"wp-block-heading\">01 \u2022 Le rangement Componibili de Anna Castelli Ferrieri <\/h2>\n\n\n\n<p>En parlant de pi\u00e8ce design que tout le monde connait, on commence avec le module de rangement Componibili de Anna Castelli Ferrieri. Un petit meuble arrondi avec des espaces de rangement qui sert aussi bien de bout de canap\u00e9 comme de <a href=\"https:\/\/www.cocondedecoration.com\/blog\/2020\/05\/ou-trouver-une-table-de-chevet-murale\/\" target=\"_blank\" rel=\"noreferrer noopener\" aria-label=\"table de chevet (s\u2019ouvre dans un nouvel onglet)\">table de chevet<\/a>. Il a \u00e9t\u00e9 cr\u00e9\u00e9 en 1967 et il est encore produit chez Kartell de nos jours en 6 couleurs laqu\u00e9es et une couleur mate.  <\/p>\n\n\n\n<p>Anna Castelli Ferrieri est une designer italienne. Elle est n\u00e9e en 1918 et morte en 2006. Elle est dipl\u00f4m\u00e9e d'architecture en 1943 \u00e0 l'\u00e9cole polytechnique de Milan. Elle \u00e9pouse Giulio Castelli qui est \u00e0 la t\u00eate de Kartell. Entre les ann\u00e9es 60 et 80, le couple fait connaitre le design italien. Elle ne se limite pas \u00e0 la cr\u00e9ation de mobilier en plastique (un mat\u00e9riau r\u00e9volutionnaire pour l'\u00e9poque). Elle contribue \u00e0 la reconstruction d'apr\u00e8s-guerre, elle restaure certains b\u00e2timents et cr\u00e9e notamment les bureaux de Alpha Rom\u00e9o et ceux de Kartell dans la r\u00e9gion de la Lombardie. <\/p>\n\n\n\n<blockquote class=\"wp-block-quote\"><p>\u00ab Il est faux de dire que ce qui est utile est beau. C\u2019est ce qui est beau qui est utile. La beaut\u00e9 peut am\u00e9liorer le mode de vie et de pens\u00e9e des gens \u00bb <br><\/p><cite>A. Castelli Ferrieri.<\/cite><\/blockquote>\n\n\n\n<p>Il est possible d'acheter les diff\u00e9rents modules Componibili chez <a href=\"https:\/\/c3po.link\/QCMrFU3nhE\" target=\"_blank\" rel=\"noreferrer noopener\" aria-label=\"Made in Design (s\u2019ouvre dans un nouvel onglet)\">Made in Design<\/a>. <\/p>\n<\/div>\n\n\n\n<div class=\"wp-block-column is-layout-flow wp-block-column-is-layout-flow\">\n<figure class=\"wp-block-image\"><img loading=\"lazy\" decoding=\"async\" width=\"640\" height=\"960\" src=\"https:\/\/www.cocondedecoration.com\/blog\/wp-content\/uploads\/2023\/10\/meuble-design-iconique-creatrice-femme-1-640x960.jpeg\" alt=\"meuble design iconique creatrice femme rangement Componibili de Anna Castelli Ferrieri \" class=\"wp-image-67776\" srcset=\"https:\/\/www.cocondedecoration.com\/blog\/wp-content\/uploads\/2023\/10\/meuble-design-iconique-creatrice-femme-1-640x960.jpeg 640w, https:\/\/www.cocondedecoration.com\/blog\/wp-content\/uploads\/2023\/10\/meuble-design-iconique-creatrice-femme-1-260x390.jpeg 260w, https:\/\/www.cocondedecoration.com\/blog\/wp-content\/uploads\/2023\/10\/meuble-design-iconique-creatrice-femme-1-768x1152.jpeg 768w, https:\/\/www.cocondedecoration.com\/blog\/wp-content\/uploads\/2023\/10\/meuble-design-iconique-creatrice-femme-1-367x550.jpeg 367w, https:\/\/www.cocondedecoration.com\/blog\/wp-content\/uploads\/2023\/10\/meuble-design-iconique-creatrice-femme-1-333x500.jpeg 333w, https:\/\/www.cocondedecoration.com\/blog\/wp-content\/uploads\/2023\/10\/meuble-design-iconique-creatrice-femme-1.jpeg 1000w\" sizes=\"(max-width: 640px) 100vw, 640px\" \/><figcaption>kartell-boutique.fr<\/figcaption><\/figure>\n<\/div>\n<\/div>\n\n\n\n<hr class=\"wp-block-separator is-style-wide\"\/>\n\n\n\n<div class=\"wp-block-columns has-2-columns is-layout-flex wp-container-core-columns-layout-2 wp-block-columns-is-layout-flex\">\n<div class=\"wp-block-column is-layout-flow wp-block-column-is-layout-flow\">\n<div style=\"height:50px\" aria-hidden=\"true\" class=\"wp-block-spacer\"><\/div>\n\n\n\n<h2 class=\"wp-block-heading\">02 \u2022 La lampe Pipistrello de Gae Aulenti <\/h2>\n\n\n\n<p>Pipistrello signifie chauve-souris en italien et cela rappelle la forme de l'abat-jour de cette lampe \u00e0 poser. Elle a \u00e9t\u00e9 fabriqu\u00e9e en 1965 par Gae Aulenti. Il est possible de r\u00e9gler la hauteur de la lampe gr\u00e2ce \u00e0 pied t\u00e9lescopique en acier inoxydable. Au fil des ann\u00e9es, l'usine Martinelli Luce qui produit la lampe la fait \u00e9voluer et lui offre toute une palette de couleurs. Elle existe notamment en jaune. Cette lampe est un hommage \u00e0 <a href=\"https:\/\/www.cocondedecoration.com\/blog\/2023\/03\/decoration-art-nouveau\/\" target=\"_blank\" rel=\"noreferrer noopener\" aria-label=\"l'Art Nouveau (s\u2019ouvre dans un nouvel onglet)\">l'Art Nouveau<\/a>. <\/p>\n\n\n\n<p>Gaetana Aulenti est une architecte, architecte d'int\u00e9rieur, th\u00e9oricienne et designer italienne, n\u00e9e en 1927 et morte en 2012. La m\u00eame ann\u00e9e que la sortie de la lampe Pipistrello, la designer imagine le canap\u00e9 Stringa (qui ne sera produit que dans les ann\u00e9es 80). Ce canap\u00e9 a une structure m\u00e9tallique tubulaire, l'assise et le dossier sont en cuir. En France, elle est connu pour son travail d'architecte. Entre 80 et 86, elle oeuvre sur le projet de l'ancienne Gare d'Orsay r\u00e9habilit\u00e9e en mus\u00e9e, entre 82 et 85, elle repense les salles d'expositions du Centre Pompidou \u00e0 Paris. <\/p>\n\n\n\n<p>Il est possible de d'acheter cette lampe chez <a href=\"https:\/\/c3po.link\/QMj8d4U3Xw\" target=\"_blank\" rel=\"noreferrer noopener\" aria-label=\"La Redoute (s\u2019ouvre dans un nouvel onglet)\">La Redoute<\/a> ou encore <a rel=\"noreferrer noopener\" aria-label=\"Made in Design (s\u2019ouvre dans un nouvel onglet)\" href=\"https:\/\/c3po.link\/QPkUPNqSF9\" target=\"_blank\">Made in Design<\/a>. <\/p>\n<\/div>\n\n\n\n<div class=\"wp-block-column is-layout-flow wp-block-column-is-layout-flow\">\n<figure class=\"wp-block-image\"><img loading=\"lazy\" decoding=\"async\" width=\"640\" height=\"960\" src=\"https:\/\/www.cocondedecoration.com\/blog\/wp-content\/uploads\/2023\/10\/meuble-design-iconique-creatrice-femme-2-640x960.jpeg\" alt=\"meuble design iconique creatrice femme lampe Pipistrello\" class=\"wp-image-67775\" srcset=\"https:\/\/www.cocondedecoration.com\/blog\/wp-content\/uploads\/2023\/10\/meuble-design-iconique-creatrice-femme-2-640x960.jpeg 640w, https:\/\/www.cocondedecoration.com\/blog\/wp-content\/uploads\/2023\/10\/meuble-design-iconique-creatrice-femme-2-260x390.jpeg 260w, https:\/\/www.cocondedecoration.com\/blog\/wp-content\/uploads\/2023\/10\/meuble-design-iconique-creatrice-femme-2-768x1152.jpeg 768w, https:\/\/www.cocondedecoration.com\/blog\/wp-content\/uploads\/2023\/10\/meuble-design-iconique-creatrice-femme-2-367x550.jpeg 367w, https:\/\/www.cocondedecoration.com\/blog\/wp-content\/uploads\/2023\/10\/meuble-design-iconique-creatrice-femme-2-333x500.jpeg 333w, https:\/\/www.cocondedecoration.com\/blog\/wp-content\/uploads\/2023\/10\/meuble-design-iconique-creatrice-femme-2.jpeg 1000w\" sizes=\"(max-width: 640px) 100vw, 640px\" \/><figcaption>turbulences-deco.fr<\/figcaption><\/figure>\n<\/div>\n<\/div>\n\n\n\n<hr class=\"wp-block-separator is-style-wide\"\/>\n\n\n\n<div class=\"wp-block-columns has-2-columns is-layout-flex wp-container-core-columns-layout-3 wp-block-columns-is-layout-flex\">\n<div class=\"wp-block-column is-layout-flow wp-block-column-is-layout-flow\">\n<h2 class=\"wp-block-heading\">03 \u2022 La biblioth\u00e8que de la maison de Tunisie de Charlotte Perriand <\/h2>\n\n\n\n<p>M\u00eame si les femmes italiennes dans la seconde partie du si\u00e8cle pass\u00e9 arrivent \u00e0 se d\u00e9marquer du machisme ambiant, ce ne sont pas les seules. On passe la fronti\u00e8re et on arrive en France avec la biblioth\u00e8que de la maison de Tunisie de Charlotte Perriand. C'est une commande pour meubler 40 <a href=\"https:\/\/www.cocondedecoration.com\/blog\/2022\/08\/decoration-appartement-etudiant-cosy\/\" target=\"_blank\" rel=\"noreferrer noopener\" aria-label=\"chambres d'\u00e9tudiants (s\u2019ouvre dans un nouvel onglet)\">chambres d'\u00e9tudiants<\/a> \u00e0 la Cit\u00e9 Universitaire de Paris (et j'aurais vraiment aim\u00e9 avoir du mobilier comme \u00e7a quand j'\u00e9tais \u00e9tudiante!).  Ce meuble est compos\u00e9 d'un grand plan de travail et d'espaces de rangement sur l'un des c\u00f4t\u00e9s sup\u00e9rieurs. Couleurs, niches, bois, asym\u00e9trie... C'est un meuble qui est repr\u00e9sentatif du modernisme. <\/p>\n\n\n\n<p>Charlotte Perriand est une architecte, designer et photographe fran\u00e7aise. Elle est n\u00e9e en 1903 et morte en 1999. En 1925, elle est dipl\u00f4m\u00e9e de l'\u00e9cole de l'Union Centrale des Arts D\u00e9coratifs. Elle est connue pour sa collaboration d'une d\u00e9cennie avec <a href=\"https:\/\/www.cocondedecoration.com\/blog\/2021\/06\/ou-trouver-fauteuil-slow-cannage\/\" target=\"_blank\" rel=\"noreferrer noopener\" aria-label=\"Pierre Jeanneret (s\u2019ouvre dans un nouvel onglet)\">Pierre Jeanneret<\/a> et Le Corbusier. Pourtant, sa carri\u00e8re \"en solo\" est bien plus vaste et passionnante. Elle a travaill\u00e9 notamment au Japon comme conseill\u00e8re \u00e0 l'art industriel pendant la seconde guerre mondiale. Quand le Japon est entr\u00e9 dans la guerre, elle est partie au Vietnam (o\u00f9 elle a rencontr\u00e9 son second \u00e9poux). En 1943, elle cr\u00e9e la <a rel=\"noreferrer noopener\" aria-label=\"chaise Indochine (s\u2019ouvre dans un nouvel onglet)\" href=\"https:\/\/www.cassina.com\/ww\/fr\/products\/indochine.html#528-indochine_30888\" target=\"_blank\">chaise Indochine<\/a>, utilisant des techniques artisanales et des mat\u00e9riaux locaux. <\/p>\n\n\n\n<blockquote class=\"wp-block-quote\"><p>\"L\"important, ce n'est pas l'objet mais l'homme\"<\/p><cite>Charlotte Perriand<\/cite><\/blockquote>\n\n\n\n<p>Retrouvez une partie des objets cr\u00e9\u00e9s par la designer fran\u00e7aise sur le site <a href=\"https:\/\/c3po.link\/QCCwheZXjy\" target=\"_blank\" rel=\"noreferrer noopener\" aria-label=\"Made in Design (s\u2019ouvre dans un nouvel onglet)\">Made in Design<\/a> <\/p>\n<\/div>\n\n\n\n<div class=\"wp-block-column is-layout-flow wp-block-column-is-layout-flow\">\n<figure class=\"wp-block-image\"><img loading=\"lazy\" decoding=\"async\" width=\"640\" height=\"960\" src=\"https:\/\/www.cocondedecoration.com\/blog\/wp-content\/uploads\/2023\/10\/meuble-design-iconique-creatrice-femme-3-640x960.jpeg\" alt=\"meuble design iconique creatrice femme Charlotte PERRIAND Biblioth\u00e8que dite &quot;Maison de la Tunisie&quot;\" class=\"wp-image-67774\" srcset=\"https:\/\/www.cocondedecoration.com\/blog\/wp-content\/uploads\/2023\/10\/meuble-design-iconique-creatrice-femme-3-640x960.jpeg 640w, https:\/\/www.cocondedecoration.com\/blog\/wp-content\/uploads\/2023\/10\/meuble-design-iconique-creatrice-femme-3-260x390.jpeg 260w, https:\/\/www.cocondedecoration.com\/blog\/wp-content\/uploads\/2023\/10\/meuble-design-iconique-creatrice-femme-3-768x1152.jpeg 768w, https:\/\/www.cocondedecoration.com\/blog\/wp-content\/uploads\/2023\/10\/meuble-design-iconique-creatrice-femme-3-367x550.jpeg 367w, https:\/\/www.cocondedecoration.com\/blog\/wp-content\/uploads\/2023\/10\/meuble-design-iconique-creatrice-femme-3-333x500.jpeg 333w, https:\/\/www.cocondedecoration.com\/blog\/wp-content\/uploads\/2023\/10\/meuble-design-iconique-creatrice-femme-3.jpeg 1000w\" sizes=\"(max-width: 640px) 100vw, 640px\" \/><figcaption>artcurial.com<\/figcaption><\/figure>\n<\/div>\n<\/div>\n\n\n\n<hr class=\"wp-block-separator is-style-wide\"\/>\n\n\n\n<div class=\"wp-block-columns has-2-columns is-layout-flex wp-container-core-columns-layout-4 wp-block-columns-is-layout-flex\">\n<div class=\"wp-block-column is-layout-flow wp-block-column-is-layout-flow\">\n<div style=\"height:50px\" aria-hidden=\"true\" class=\"wp-block-spacer\"><\/div>\n\n\n\n<h2 class=\"wp-block-heading\">04 \u2022 Le Fauteuil Bibendum de Eileen Gray<\/h2>\n\n\n\n<p>En 1929, ce fauteuil a d'abord \u00e9t\u00e9 con\u00e7u pour meubler la villa E-1027 \u00e0 Roquebrune-Cap-Martin qui appartenait \u00e0 Eileen Gray (villa que vous pouvez visiter). Il s'inscrit dans l'univers des fauteuils Chesterfield et s'inspire du c\u00e9l\u00e8bre bonhomme Bibendum de Michelin. C'est un symbole de l'Avant-Garde. Il est compos\u00e9 d'une structure tubulaire en acier est de \"boudins\" en polyur\u00e9thane et de ouate de polyester, recouverts de cuir. Cela cr\u00e9e une assise courbe, confortable et enveloppante. <\/p>\n\n\n\n<p>Eileen Gray est n\u00e9e en Irlande en 1878 et est morte en 1976. C'est une designer et une architecte. Au tout d\u00e9but du XX\u00e8me si\u00e8cle, elle commence des \u00e9tudes de peintures \u00e0 Slade School of Fine Art \u00e0 Londres. Elle s'installe en 1907 pour \u00e9tudier le laquage puis en 1908-1909, elle apprend \u00e0 teindre et tisser la laine. Bien qu'ici je vous propose un fauteuil moderniste, elle a d'abord cr\u00e9\u00e9 du mobilier dans le style Art D\u00e9co. Ce changement de style vient de sa relation avec certains acteurs du mouvement De Stijl, dans les ann\u00e9es 20. <\/p>\n\n\n\n<p>Retrouvez <a href=\"https:\/\/c3po.link\/QC7upmf4E6\" target=\"_blank\" rel=\"noreferrer noopener\" aria-label=\"ici une partie des objets con\u00e7us par Eileen Gray (s\u2019ouvre dans un nouvel onglet)\">ici une partie des objets con\u00e7us par Eileen Gray<\/a>. <\/p>\n<\/div>\n\n\n\n<div class=\"wp-block-column is-layout-flow wp-block-column-is-layout-flow\">\n<figure class=\"wp-block-image\"><img loading=\"lazy\" decoding=\"async\" width=\"640\" height=\"960\" src=\"https:\/\/www.cocondedecoration.com\/blog\/wp-content\/uploads\/2023\/10\/meuble-design-iconique-creatrice-femme-4-640x960.jpeg\" alt=\"meuble design iconique creatrice femme Eileen Gray CLASSICON BIBENDUM FAUTEUIL\" class=\"wp-image-67773\" srcset=\"https:\/\/www.cocondedecoration.com\/blog\/wp-content\/uploads\/2023\/10\/meuble-design-iconique-creatrice-femme-4-640x960.jpeg 640w, https:\/\/www.cocondedecoration.com\/blog\/wp-content\/uploads\/2023\/10\/meuble-design-iconique-creatrice-femme-4-260x390.jpeg 260w, https:\/\/www.cocondedecoration.com\/blog\/wp-content\/uploads\/2023\/10\/meuble-design-iconique-creatrice-femme-4-768x1152.jpeg 768w, https:\/\/www.cocondedecoration.com\/blog\/wp-content\/uploads\/2023\/10\/meuble-design-iconique-creatrice-femme-4-367x550.jpeg 367w, https:\/\/www.cocondedecoration.com\/blog\/wp-content\/uploads\/2023\/10\/meuble-design-iconique-creatrice-femme-4-333x500.jpeg 333w, https:\/\/www.cocondedecoration.com\/blog\/wp-content\/uploads\/2023\/10\/meuble-design-iconique-creatrice-femme-4.jpeg 1000w\" sizes=\"(max-width: 640px) 100vw, 640px\" \/><figcaption>misterdesign.be<\/figcaption><\/figure>\n<\/div>\n<\/div>\n\n\n\n<hr class=\"wp-block-separator is-style-wide\"\/>\n\n\n\n<div class=\"wp-block-columns has-2-columns is-layout-flex wp-container-core-columns-layout-5 wp-block-columns-is-layout-flex\">\n<div class=\"wp-block-column is-layout-flow wp-block-column-is-layout-flow\">\n<div style=\"height:50px\" aria-hidden=\"true\" class=\"wp-block-spacer\"><\/div>\n\n\n\n<h2 class=\"wp-block-heading\">05 \u2022 Le Lounge Chair Model 31 de Florence Knoll <\/h2>\n\n\n\n<p>1954 - Florence Knoll cr\u00e9e la chaise Mod\u00e8le 31 en acier tubulaire et aux coussins ergonomiques dont les rev\u00eatements peuvent s'int\u00e9grer dans tous les int\u00e9rieurs. Pour cette architecte, le confort est important et cela se retranscrit dans cette chaise. Le mod\u00e8le 33 est la version canap\u00e9 droit du lounge chair. Ces deux mod\u00e8les sont r\u00e9\u00e9dit\u00e9s par Knoll cette ann\u00e9e. <\/p>\n\n\n\n<p>Florence Knoll est une architecte et designer am\u00e9ricaine, n\u00e9e en en 1917, morte en 2019. A 15 ans, elle d\u00e9bute des \u00e9tudes d'art, d'abord \u00e0 la Kingswood School puis \u00e0 la Cranbrook Academy of Art dans le Michigan. Elle \u00e9tudiera notamment avec le designer Eliel Saarinen (p\u00e8re de Eero Saarinen). Elle poursuit ses \u00e9tudes en urbanisme \u00e0 l'\u00e9cole d'Architecture de l'Universit\u00e9 Columbia. L'un de ses professeurs sera Charles Eames. Puis elle effectuera un an \u00e0 l'Architectural Association de Londres. Elle rencontrera aussi des figures majeures du <a href=\"https:\/\/www.cocondedecoration.com\/blog\/2022\/12\/mouvement-bauhaus-design\/\" target=\"_blank\" rel=\"noreferrer noopener\" aria-label=\"Bauhaus (s\u2019ouvre dans un nouvel onglet)\">Bauhaus<\/a> comme Mies van der Rohe. En 1043, elle commence \u00e0 travailler dans l'entreprise Knoll o\u00f9 elle invite les architectes \u00e0 concevoir du mobilier. C'est \u00e0 elle qu'on doit la diff\u00e9rence entre architecture int\u00e9rieure et d\u00e9coration. La diff\u00e9rence r\u00e9side essentiellement dans le fait qu'on place l'humain avant tout dans la d\u00e9marche. <\/p>\n<\/div>\n\n\n\n<div class=\"wp-block-column is-layout-flow wp-block-column-is-layout-flow\">\n<figure class=\"wp-block-image\"><img loading=\"lazy\" decoding=\"async\" width=\"640\" height=\"960\" src=\"https:\/\/www.cocondedecoration.com\/blog\/wp-content\/uploads\/2023\/10\/meuble-design-iconique-creatrice-femme-5-640x960.jpeg\" alt=\"meuble design iconique creatrice femme Florence Knoll&#x2122; Model 31 Lounge Chair\" class=\"wp-image-67772\" srcset=\"https:\/\/www.cocondedecoration.com\/blog\/wp-content\/uploads\/2023\/10\/meuble-design-iconique-creatrice-femme-5-640x960.jpeg 640w, https:\/\/www.cocondedecoration.com\/blog\/wp-content\/uploads\/2023\/10\/meuble-design-iconique-creatrice-femme-5-260x390.jpeg 260w, https:\/\/www.cocondedecoration.com\/blog\/wp-content\/uploads\/2023\/10\/meuble-design-iconique-creatrice-femme-5-768x1152.jpeg 768w, https:\/\/www.cocondedecoration.com\/blog\/wp-content\/uploads\/2023\/10\/meuble-design-iconique-creatrice-femme-5-367x550.jpeg 367w, https:\/\/www.cocondedecoration.com\/blog\/wp-content\/uploads\/2023\/10\/meuble-design-iconique-creatrice-femme-5-333x500.jpeg 333w, https:\/\/www.cocondedecoration.com\/blog\/wp-content\/uploads\/2023\/10\/meuble-design-iconique-creatrice-femme-5.jpeg 1000w\" sizes=\"(max-width: 640px) 100vw, 640px\" \/><figcaption>knoll.com<\/figcaption><\/figure>\n<\/div>\n<\/div>\n\n\n\n<hr class=\"wp-block-separator is-style-wide\"\/>\n\n\n\n<div class=\"wp-block-columns has-2-columns is-layout-flex wp-container-core-columns-layout-6 wp-block-columns-is-layout-flex\">\n<div class=\"wp-block-column is-layout-flow wp-block-column-is-layout-flow\">\n<div style=\"height:100px\" aria-hidden=\"true\" class=\"wp-block-spacer\"><\/div>\n\n\n\n<h2 class=\"wp-block-heading\">06 \u2022 Le rangement mural Uten.Silo I de Dorothee Becker<\/h2>\n\n\n\n<p>Du plastique ABS, des crochets en m\u00e9tal, 3 couleurs: noir, blanc et rouge. Voici le syst\u00e8me de rangement mural Uten.Silo I con\u00e7u par Dorothee Becker en 1969. Le principe est simple, de petits espaces de rangements group\u00e9s pour pouvoir retrouver facilement ce qui aurait l'habitude de trainer dans la maison. Un an plus tard, la designer cr\u00e9er Uten.Silo II, le m\u00eame principe en plus petit. Ils ont aussi \u00e9t\u00e9 appel\u00e9s les \"Wall-All\". <\/p>\n\n\n\n<p>Dorothee Becker est n\u00e9e en Allemagne en 1938. Elle n'a pas de formation de designer ou d'architecte mais elle a fait des \u00e9tudes de linguistique. Apr\u00e8s un bref passage en Californie, elle retourne \u00e0 Munich o\u00f9 elle cr\u00e9e avec son mari, une boutique de design o\u00f9 sont vendues les lampes d\u2019Ingo Maurer (le mari). <\/p>\n<\/div>\n\n\n\n<div class=\"wp-block-column is-layout-flow wp-block-column-is-layout-flow\">\n<figure class=\"wp-block-image\"><img loading=\"lazy\" decoding=\"async\" width=\"640\" height=\"960\" src=\"https:\/\/www.cocondedecoration.com\/blog\/wp-content\/uploads\/2023\/10\/meuble-design-iconique-creatrice-femme-6-640x960.jpeg\" alt=\"meuble design iconique creatrice femme Uten.Silo rangement mural culte\" class=\"wp-image-67771\" srcset=\"https:\/\/www.cocondedecoration.com\/blog\/wp-content\/uploads\/2023\/10\/meuble-design-iconique-creatrice-femme-6-640x960.jpeg 640w, https:\/\/www.cocondedecoration.com\/blog\/wp-content\/uploads\/2023\/10\/meuble-design-iconique-creatrice-femme-6-260x390.jpeg 260w, https:\/\/www.cocondedecoration.com\/blog\/wp-content\/uploads\/2023\/10\/meuble-design-iconique-creatrice-femme-6-768x1152.jpeg 768w, https:\/\/www.cocondedecoration.com\/blog\/wp-content\/uploads\/2023\/10\/meuble-design-iconique-creatrice-femme-6-367x550.jpeg 367w, https:\/\/www.cocondedecoration.com\/blog\/wp-content\/uploads\/2023\/10\/meuble-design-iconique-creatrice-femme-6-333x500.jpeg 333w, https:\/\/www.cocondedecoration.com\/blog\/wp-content\/uploads\/2023\/10\/meuble-design-iconique-creatrice-femme-6.jpeg 1000w\" sizes=\"(max-width: 640px) 100vw, 640px\" \/><figcaption>reallywellmade.co.uk<\/figcaption><\/figure>\n<\/div>\n<\/div>\n\n\n\n<hr class=\"wp-block-separator is-style-wide\"\/>\n\n\n\n<div class=\"wp-block-columns has-2-columns is-layout-flex wp-container-core-columns-layout-7 wp-block-columns-is-layout-flex\">\n<div class=\"wp-block-column is-layout-flow wp-block-column-is-layout-flow\">\n<div style=\"height:50px\" aria-hidden=\"true\" class=\"wp-block-spacer\"><\/div>\n\n\n\n<h2 class=\"wp-block-heading\">07 \u2022 Le fauteuil oeuf suspendu de Nanna Ditzel <\/h2>\n\n\n\n<p>On connait toutes et tous la forme de ce fauteuil surtout que c'est derni\u00e8res ann\u00e9es, les fauteuils suspendus sont revenus sur le devant de la sph\u00e8re d\u00e9co d'autant plus que ce mod\u00e8le est <a href=\"https:\/\/www.cocondedecoration.com\/blog\/category\/decorer-avec-du-cannage-et-rotin\/\" target=\"_blank\" rel=\"noreferrer noopener\" aria-label=\"en rotin (s\u2019ouvre dans un nouvel onglet)\">en rotin<\/a>. Nanna Ditzel a cr\u00e9\u00e9 ce fauteuil en 1959. Il existe un mod\u00e8le pour l'int\u00e9rieur et un autre pour l'ext\u00e9rieur (qui associe aluminium et rotin). Il est encore fabriqu\u00e9 \u00e0 la main au Danemark. <\/p>\n\n\n\n<p>Nanna Ditzel est une architecte et designer danoise n\u00e9e en 1923 et morte en 2005. Elle est souvent appel\u00e9e \"la grande dame du design scandinave\". En 43, elle est dipl\u00f4m\u00e9e d'\u00e9b\u00e9nisterie et en 46, elle re\u00e7oit son dipl\u00f4me d'architecte. C'est une pionni\u00e8re dans les domaines de la fibre de verre, de la vannerie, du caoutchouc mousse et de diverses disciplines telles que l'\u00e9b\u00e9nisterie, la bijouterie, la vaisselle et le textile. Elle s'interroge constamment sur l'id\u00e9e de confort et la mani\u00e8re de nous asseoir. <\/p>\n\n\n\n<blockquote class=\"wp-block-quote\"><p>\u00ab Trois pas en avant et deux pas en arri\u00e8re signifient quand m\u00eame que j'ai fait un pas dans la bonne direction. \u00bb<\/p><cite>Nanna Ditzel<\/cite><\/blockquote>\n<\/div>\n\n\n\n<div class=\"wp-block-column is-layout-flow wp-block-column-is-layout-flow\">\n<figure class=\"wp-block-image\"><img loading=\"lazy\" decoding=\"async\" width=\"640\" height=\"960\" src=\"https:\/\/www.cocondedecoration.com\/blog\/wp-content\/uploads\/2023\/10\/meuble-design-iconique-creatrice-femme-7-640x960.jpeg\" alt=\"meuble design iconique creatrice femme Fauteuil Oeuf suspendu design Nanna Ditzel, 1959\" class=\"wp-image-67770\" srcset=\"https:\/\/www.cocondedecoration.com\/blog\/wp-content\/uploads\/2023\/10\/meuble-design-iconique-creatrice-femme-7-640x960.jpeg 640w, https:\/\/www.cocondedecoration.com\/blog\/wp-content\/uploads\/2023\/10\/meuble-design-iconique-creatrice-femme-7-260x390.jpeg 260w, https:\/\/www.cocondedecoration.com\/blog\/wp-content\/uploads\/2023\/10\/meuble-design-iconique-creatrice-femme-7-768x1152.jpeg 768w, https:\/\/www.cocondedecoration.com\/blog\/wp-content\/uploads\/2023\/10\/meuble-design-iconique-creatrice-femme-7-367x550.jpeg 367w, https:\/\/www.cocondedecoration.com\/blog\/wp-content\/uploads\/2023\/10\/meuble-design-iconique-creatrice-femme-7-333x500.jpeg 333w, https:\/\/www.cocondedecoration.com\/blog\/wp-content\/uploads\/2023\/10\/meuble-design-iconique-creatrice-femme-7.jpeg 1000w\" sizes=\"(max-width: 640px) 100vw, 640px\" \/><figcaption>scandinavia-design.fr<\/figcaption><\/figure>\n<\/div>\n<\/div>\n\n\n\n<hr class=\"wp-block-separator is-style-wide\"\/>\n\n\n\n<div class=\"wp-block-columns has-2-columns is-layout-flex wp-container-core-columns-layout-8 wp-block-columns-is-layout-flex\">\n<div class=\"wp-block-column is-layout-flow wp-block-column-is-layout-flow\">\n<div style=\"height:50px\" aria-hidden=\"true\" class=\"wp-block-spacer\"><\/div>\n\n\n\n<h2 class=\"wp-block-heading\">08 \u2022 La Lampe de bureau \u00e0 base en verre de Marianne Brandt (pour Kamdem) <\/h2>\n\n\n\n<p>Fabriqu\u00e9e en 1930, cette lampe fait partie du style Mid Century Modern. Elle est compos\u00e9e d'une base en verre, de Bak\u00e9lite et de m\u00e9tal. Elle est ajustable. C'est la lampe la plus commercialis\u00e9e de cette \u00e9poque avec plus de 50 000 exemplaires vendus.<\/p>\n\n\n\n<p>Marianne Brandt est une peintre, sculpteur, photographe et designer allemande. Elle est n\u00e9e en 1893 et morte en 1983. Elle commence sa carri\u00e8re comme peintre impressionniste. Cependant, elle est connue pour avoir fait partie du mouvement Bauhaus qu'elle d\u00e9couvre en 1923 lors de la grande exposition du Bauhaus. Ce mouvement est une grande remise en question de tout ce qu'elle a appris et ce qu'elle a fait pr\u00e9c\u00e9demment. Elle int\u00e8gre l'atelier de m\u00e9tal. La seconde guerre mondiale est une p\u00e9riode compliqu\u00e9e pour la designer et elle finira par occuper un poste \u00e0 la Chambre culturelle du Reich m\u00eame si elle ne fait pas partie du parti national socialiste. Apr\u00e8s la guerre, elle vit en RDA (bloc de l'est) et le design exp\u00e9rimental n'a pas r\u00e9ellement sa place. Elle est aussi connue pour sa th\u00e9i\u00e8re en laiton et bois d'\u00e9b\u00e8ne, une ic\u00f4ne du Bauhaus. <\/p>\n<\/div>\n\n\n\n<div class=\"wp-block-column is-layout-flow wp-block-column-is-layout-flow\">\n<figure class=\"wp-block-image\"><img loading=\"lazy\" decoding=\"async\" width=\"640\" height=\"960\" src=\"https:\/\/www.cocondedecoration.com\/blog\/wp-content\/uploads\/2023\/10\/meuble-design-iconique-creatrice-femme-8-640x960.jpeg\" alt=\"meuble design iconique creatrice femme Lampe de bureau \u00e0 base en verre Marianne Brandt vintage \" class=\"wp-image-67769\" srcset=\"https:\/\/www.cocondedecoration.com\/blog\/wp-content\/uploads\/2023\/10\/meuble-design-iconique-creatrice-femme-8-640x960.jpeg 640w, https:\/\/www.cocondedecoration.com\/blog\/wp-content\/uploads\/2023\/10\/meuble-design-iconique-creatrice-femme-8-260x390.jpeg 260w, https:\/\/www.cocondedecoration.com\/blog\/wp-content\/uploads\/2023\/10\/meuble-design-iconique-creatrice-femme-8-768x1152.jpeg 768w, https:\/\/www.cocondedecoration.com\/blog\/wp-content\/uploads\/2023\/10\/meuble-design-iconique-creatrice-femme-8-367x550.jpeg 367w, https:\/\/www.cocondedecoration.com\/blog\/wp-content\/uploads\/2023\/10\/meuble-design-iconique-creatrice-femme-8-333x500.jpeg 333w, https:\/\/www.cocondedecoration.com\/blog\/wp-content\/uploads\/2023\/10\/meuble-design-iconique-creatrice-femme-8.jpeg 1000w\" sizes=\"(max-width: 640px) 100vw, 640px\" \/><figcaption>1stdibs.com<\/figcaption><\/figure>\n<\/div>\n<\/div>\n\n\n\n<hr class=\"wp-block-separator is-style-wide\"\/>\n\n\n\n<div class=\"wp-block-columns has-2-columns is-layout-flex wp-container-core-columns-layout-9 wp-block-columns-is-layout-flex\">\n<div class=\"wp-block-column is-layout-flow wp-block-column-is-layout-flow\">\n<div style=\"height:100px\" aria-hidden=\"true\" class=\"wp-block-spacer\"><\/div>\n\n\n\n<h2 class=\"wp-block-heading\">09 \u2022 Le fauteuil NUVOLA 09 de Paola Navone <\/h2>\n\n\n\n<p>Le fauteuil NUVOLA 09 aurait pu trouver sa place dans mon article: \"<a rel=\"noreferrer noopener\" aria-label=\"5 fauteuils iconiques pour une d\u00e9co tout en rondeur (s\u2019ouvre dans un nouvel onglet)\" href=\"https:\/\/www.cocondedecoration.com\/blog\/2023\/06\/fauteuil-vintage-culte\/\" target=\"_blank\">5 fauteuils iconiques pour une d\u00e9co tout en rondeur<\/a>\". Formes tendres, assise profondes, haut accoudoirs, le fauteuil Nuvola est une invitation \u00e0 la d\u00e9tente et au confort. Il est compos\u00e9 de mousse en polyur\u00e9thane recouvert d'une courtepointe matelass\u00e9e. Il a \u00e9t\u00e9 pr\u00e9sent\u00e9 au Salon de Milan en 2012. <\/p>\n\n\n\n<p>Paola Navone est une architecte et designer italienne, n\u00e9e en 1950. Elle est dipl\u00f4m\u00e9e en 1973 de l'\u00e9cole polytechnique de Turin. Elle travaille entre autres pour Alessi, Knoll International, Roche Bobois. Elle a un style visionnaire, une philosophie \u00e9clectique. <\/p>\n\n\n\n<p>Vous pouvez acheter une partie de ses cr\u00e9ations sur le site <a href=\"https:\/\/c3po.link\/QPVAxHY3An\" target=\"_blank\" rel=\"noreferrer noopener\" aria-label=\"Made in Design (s\u2019ouvre dans un nouvel onglet)\">Made in Design<\/a>. <\/p>\n<\/div>\n\n\n\n<div class=\"wp-block-column is-layout-flow wp-block-column-is-layout-flow\">\n<figure class=\"wp-block-image\"><img loading=\"lazy\" decoding=\"async\" width=\"640\" height=\"960\" src=\"https:\/\/www.cocondedecoration.com\/blog\/wp-content\/uploads\/2023\/10\/meuble-design-iconique-creatrice-femme-9-640x960.jpeg\" alt=\"meuble design iconique creatrice femme fauteuil NUVOLA 09 de Paola Navone  housse amovible cosy confort\" class=\"wp-image-67768\" srcset=\"https:\/\/www.cocondedecoration.com\/blog\/wp-content\/uploads\/2023\/10\/meuble-design-iconique-creatrice-femme-9-640x960.jpeg 640w, https:\/\/www.cocondedecoration.com\/blog\/wp-content\/uploads\/2023\/10\/meuble-design-iconique-creatrice-femme-9-260x390.jpeg 260w, https:\/\/www.cocondedecoration.com\/blog\/wp-content\/uploads\/2023\/10\/meuble-design-iconique-creatrice-femme-9-768x1152.jpeg 768w, https:\/\/www.cocondedecoration.com\/blog\/wp-content\/uploads\/2023\/10\/meuble-design-iconique-creatrice-femme-9-367x550.jpeg 367w, https:\/\/www.cocondedecoration.com\/blog\/wp-content\/uploads\/2023\/10\/meuble-design-iconique-creatrice-femme-9-333x500.jpeg 333w, https:\/\/www.cocondedecoration.com\/blog\/wp-content\/uploads\/2023\/10\/meuble-design-iconique-creatrice-femme-9.jpeg 1000w\" sizes=\"(max-width: 640px) 100vw, 640px\" \/><figcaption>archiproducts.com<\/figcaption><\/figure>\n<\/div>\n<\/div>\n\n\n\n<hr class=\"wp-block-separator is-style-wide\"\/>\n\n\n\n<div class=\"wp-block-columns has-2-columns is-layout-flex wp-container-core-columns-layout-10 wp-block-columns-is-layout-flex\">\n<div class=\"wp-block-column is-layout-flow wp-block-column-is-layout-flow\">\n<div style=\"height:100px\" aria-hidden=\"true\" class=\"wp-block-spacer\"><\/div>\n\n\n\n<h2 class=\"wp-block-heading\">10 \u2022 La biblioth\u00e8que rotative Bruno de India Mahdavi<\/h2>\n\n\n\n<p>Et je termine cette s\u00e9lection avec un coup de coeur qui j'esp\u00e8re vous plaira aussi: la biblioth\u00e8que rotative Bruno de India Mahdavi. Un meuble qui me fait beaucoup penser aux ann\u00e9es 70, il y a un c\u00f4t\u00e9 ludique avec l'id\u00e9e de tourner la biblioth\u00e8que pour acc\u00e9der aux livres rang\u00e9s, avec aussi la multitudes de couleurs. Elle est compos\u00e9e de bois laqu\u00e9, de stratifi\u00e9 et de m\u00e9tal. <\/p>\n\n\n\n<p>India Madhavi est n\u00e9e en 1962 et c'est une architecte et designer fran\u00e7aise. Elle a de nombreux dipl\u00f4mes: architecte DPLG, design industriel, graphisme et mobilier. Le bonheur et la couleur sont au centre de son travail et de sa conception de l'architecture int\u00e9rieure. Et je vous invite \u00e0 d\u00e9couvrir son travail par <a rel=\"noreferrer noopener\" aria-label=\"ici (s\u2019ouvre dans un nouvel onglet)\" href=\"https:\/\/india-mahdavi.com\/fr\/\" target=\"_blank\">ici<\/a> ou encore <a rel=\"noreferrer noopener\" aria-label=\"ici (s\u2019ouvre dans un nouvel onglet)\" href=\"https:\/\/c3po.link\/QtfJJyrZr7\" target=\"_blank\">ici<\/a>. <\/p>\n<\/div>\n\n\n\n<div class=\"wp-block-column is-layout-flow wp-block-column-is-layout-flow\">\n<figure class=\"wp-block-image\"><img loading=\"lazy\" decoding=\"async\" width=\"640\" height=\"960\" src=\"https:\/\/www.cocondedecoration.com\/blog\/wp-content\/uploads\/2023\/10\/meuble-design-iconique-creatrice-femme-10-640x960.jpeg\" alt=\"meuble design iconique creatrice femme India Mahdavi biblioth\u00e8que rotative multicolore\" class=\"wp-image-67767\" srcset=\"https:\/\/www.cocondedecoration.com\/blog\/wp-content\/uploads\/2023\/10\/meuble-design-iconique-creatrice-femme-10-640x960.jpeg 640w, https:\/\/www.cocondedecoration.com\/blog\/wp-content\/uploads\/2023\/10\/meuble-design-iconique-creatrice-femme-10-260x390.jpeg 260w, https:\/\/www.cocondedecoration.com\/blog\/wp-content\/uploads\/2023\/10\/meuble-design-iconique-creatrice-femme-10-768x1152.jpeg 768w, https:\/\/www.cocondedecoration.com\/blog\/wp-content\/uploads\/2023\/10\/meuble-design-iconique-creatrice-femme-10-367x550.jpeg 367w, https:\/\/www.cocondedecoration.com\/blog\/wp-content\/uploads\/2023\/10\/meuble-design-iconique-creatrice-femme-10-333x500.jpeg 333w, https:\/\/www.cocondedecoration.com\/blog\/wp-content\/uploads\/2023\/10\/meuble-design-iconique-creatrice-femme-10.jpeg 1000w\" sizes=\"(max-width: 640px) 100vw, 640px\" \/><figcaption>india-mahdavi.com<\/figcaption><\/figure>\n<\/div>\n<\/div>\n\n\n\n<hr class=\"wp-block-separator\"\/>\n\n\n\n<p class=\"has-text-align-center has-medium-font-size\">Ne perdons pas contact \ud83d\ude42 Rejoignez moi sur <a href=\"https:\/\/www.pinterest.fr\/cocondedeco\/\" target=\"_blank\" rel=\"noopener\" title=\"\">Pinterest<\/a> |\u00a0<a href=\"https:\/\/www.threads.net\/@cocondedeco\" target=\"_blank\" rel=\"noopener\" title=\"\">Threads<\/a> | <a href=\"https:\/\/www.patreon.com\/collection\/162946?view=expanded\" target=\"_blank\" rel=\"noopener\" title=\"\">la Newsletter<\/a> <br>Vous aimez lire le blog? Vous souhaitez continuer \u00e0 le lire? <a href=\"https:\/\/www.patreon.com\/cocondedeco\" target=\"_blank\" rel=\"noopener\" title=\"\">Devenez m\u00e9c\u00e8ne<\/a> sur Patreon et contribuez \u00e0 sa survie. <\/p>\n\n\n\n<hr class=\"wp-block-separator\"\/>\n\n\n\n<div class=\"wp-block-columns has-2-columns is-layout-flex wp-container-core-columns-layout-11 wp-block-columns-is-layout-flex\">\n<div class=\"wp-block-column is-layout-flow wp-block-column-is-layout-flow\">\n<p style=\"text-align:center\" class=\"has-medium-font-size\">A lire \u00e9galement<\/p>\n\n\n<ul class=\"wp-block-latest-posts__list wp-block-latest-posts\"><li><a class=\"wp-block-latest-posts__post-title\" href=\"https:\/\/www.cocondedecoration.com\/blog\/2026\/01\/histoire-pouf-poire-sacco\/\">La petite histoire du pouf poire, le \u00ab\u00a0Sacco\u00a0\u00bb<\/a><\/li>\n<li><a class=\"wp-block-latest-posts__post-title\" href=\"https:\/\/www.cocondedecoration.com\/blog\/2026\/01\/couleur-decoration-generation\/\">Pour chaque g\u00e9n\u00e9ration, sa palette de couleurs d\u00e9co<\/a><\/li>\n<li><a class=\"wp-block-latest-posts__post-title\" href=\"https:\/\/www.cocondedecoration.com\/blog\/2025\/02\/portrait-cini-boeri\/\">Qui est Cini Boeri? Et pourquoi vous devriez la conna\u00eetre?<\/a><\/li>\n<li><a class=\"wp-block-latest-posts__post-title\" href=\"https:\/\/www.cocondedecoration.com\/blog\/2025\/02\/histoire-tabouret-tam-tam\/\">La petite histoire du tabouret TAM TAM | Abonn\u00e9\u2022e\u2022s<\/a><\/li>\n<li><a class=\"wp-block-latest-posts__post-title\" href=\"https:\/\/www.cocondedecoration.com\/blog\/2025\/01\/design-mid-century-modern\/\">Comprendre le design Mid Century Modern en 3 minutes<\/a><\/li>\n<li><a class=\"wp-block-latest-posts__post-title\" href=\"https:\/\/www.cocondedecoration.com\/blog\/2024\/11\/biographie-anna-castelli-ferrieri\/\">Qui est Anna Castelli Ferrieri? Pourquoi vous devriez la conna\u00eetre?<\/a><\/li>\n<li><a class=\"wp-block-latest-posts__post-title\" href=\"https:\/\/www.cocondedecoration.com\/blog\/2024\/10\/biographie-florence-knoll\/\">Qui est Florence Knoll? Pourquoi vous devriez la conna\u00eetre?<\/a><\/li>\n<\/ul><\/div>\n\n\n\n<div class=\"wp-block-column is-layout-flow wp-block-column-is-layout-flow\">\n<p class=\"has-text-align-center has-medium-font-size\" style=\"padding-top:var(--wp--preset--spacing--40);padding-bottom:var(--wp--preset--spacing--40)\"><strong>Devenez m\u00e9c\u00e8ne du blog <\/strong><\/p>\n\n\n\n<hr class=\"wp-block-separator has-alpha-channel-opacity is-style-wide\"\/>\n\n\n\n<p style=\"padding-right:var(--wp--preset--spacing--30);padding-left:var(--wp--preset--spacing--30)\">Soutenez mon travail sur le blog et acc\u00e9dez \u00e0 des contreparties exclusives: <\/p>\n\n\n\n<ul style=\"padding-right:var(--wp--preset--spacing--40);padding-left:var(--wp--preset--spacing--40)\">\n<li>Plusieurs centaines d'articles d\u00e9co, lifestyle &amp; voyage r\u00e9serv\u00e9s aux abonn\u00e9\u2022e\u2022s <\/li>\n\n\n\n<li>Toutes les entr\u00e9es de mon side project - mon dictionnaire nomade <\/li>\n\n\n\n<li>Une publicit\u00e9 limit\u00e9e sur les articles Patreon <\/li>\n<\/ul>\n\n\n\n<div class=\"wp-block-buttons is-content-justification-center is-layout-flex wp-container-core-buttons-layout-1 wp-block-buttons-is-layout-flex\">\n<div class=\"wp-block-button\"><a class=\"wp-block-button__link wp-element-button\" href=\"https:\/\/www.patreon.com\/cocondedeco\" target=\"_blank\" rel=\"noreferrer noopener\">Soutenir le blog maintenant<\/a><\/div>\n<\/div>\n<\/div>\n<\/div>\n\n\n\n<div class=\"wp-block-image\"><figure class=\"aligncenter\"><img loading=\"lazy\" decoding=\"async\" width=\"732\" height=\"488\" src=\"https:\/\/www.cocondedecoration.com\/blog\/wp-content\/uploads\/2023\/10\/meuble-objet-design-cree-par-des-femmes.jpeg\" alt=\"meuble objet design cree par des femmes histoire designer portrait nom \u00e0 connaitre\" class=\"wp-image-67989\" srcset=\"https:\/\/www.cocondedecoration.com\/blog\/wp-content\/uploads\/2023\/10\/meuble-objet-design-cree-par-des-femmes.jpeg 732w, https:\/\/www.cocondedecoration.com\/blog\/wp-content\/uploads\/2023\/10\/meuble-objet-design-cree-par-des-femmes-260x173.jpeg 260w, https:\/\/www.cocondedecoration.com\/blog\/wp-content\/uploads\/2023\/10\/meuble-objet-design-cree-par-des-femmes-640x427.jpeg 640w, https:\/\/www.cocondedecoration.com\/blog\/wp-content\/uploads\/2023\/10\/meuble-objet-design-cree-par-des-femmes-465x310.jpeg 465w, https:\/\/www.cocondedecoration.com\/blog\/wp-content\/uploads\/2023\/10\/meuble-objet-design-cree-par-des-femmes-695x463.jpeg 695w\" sizes=\"(max-width: 732px) 100vw, 732px\" \/><figcaption>artcurial.com<\/figcaption><\/figure><\/div>\n\n\n\n<p style=\"text-align:right\" class=\"has-small-font-size\">Note: Certains liens de cet articles sont des liens affili\u00e9s. Cela ne change rien \u00e0 votre utilisation du blog ou des sites partenaires. Si vous passez commande via l'un de ces liens, je touche une \u00e9ventuelle commission qui me permet d'entretenir r\u00e9guli\u00e8rement le blog. Par avance, merci de votre soutien! <\/p>\n","protected":false},"excerpt":{"rendered":"<p>Rendons \u00e0 C\u00e9sar ce qui appartient \u00e0 C\u00e9sar&#8230; Ou ici \u00e0 Julia, sa femme. Dans tous les domaines professionnels, l&rsquo;homme a toujours \u00e9t\u00e9 mis en avant et les femmes relay\u00e9es au second plan. Je ne vais pas vous faire un r\u00e9sum\u00e9 de comment marche le patriarcat depuis la nuit des<span class=\"more-link\"><a href=\"https:\/\/www.cocondedecoration.com\/blog\/2023\/10\/objet-design-culte-femme\/\">Lire la suite<\/a><\/span><\/p>\n","protected":false},"author":1,"featured_media":67989,"comment_status":"open","ping_status":"open","sticky":false,"template":"","format":"standard","meta":{"om_disable_all_campaigns":false,"_monsterinsights_skip_tracking":false,"_monsterinsights_sitenote_active":false,"_monsterinsights_sitenote_note":"","_monsterinsights_sitenote_category":0,"_uf_show_specific_survey":0,"_uf_disable_surveys":false,"footnotes":""},"categories":[36384],"tags":[53223,53244,53260,53267,53262,53269,53275,2945,12282,9565,17322,53266,39275,53241,53247,53245,53210,53255,53254,53273,53233,53215,53209,53230,53219,53249,53257,53211,53208,53212,53265,53220,53231,53227,53250,53242,47725,47727,53251,53259,53261,53252,53258,53248,53237,53226,53225,53224,53238,53232,47734,53272,53214,53253,53264,53271,53239,53229,53263,53268,53216,53222,53221,53234,53236,53246,53274,53218,53270,53217,53256,28713,35063,53213,53228,53240,53235,53243],"aioseo_notices":[],"_links":{"self":[{"href":"https:\/\/www.cocondedecoration.com\/blog\/wp-json\/wp\/v2\/posts\/67766"}],"collection":[{"href":"https:\/\/www.cocondedecoration.com\/blog\/wp-json\/wp\/v2\/posts"}],"about":[{"href":"https:\/\/www.cocondedecoration.com\/blog\/wp-json\/wp\/v2\/types\/post"}],"author":[{"embeddable":true,"href":"https:\/\/www.cocondedecoration.com\/blog\/wp-json\/wp\/v2\/users\/1"}],"replies":[{"embeddable":true,"href":"https:\/\/www.cocondedecoration.com\/blog\/wp-json\/wp\/v2\/comments?post=67766"}],"version-history":[{"count":0,"href":"https:\/\/www.cocondedecoration.com\/blog\/wp-json\/wp\/v2\/posts\/67766\/revisions"}],"wp:featuredmedia":[{"embeddable":true,"href":"https:\/\/www.cocondedecoration.com\/blog\/wp-json\/wp\/v2\/media\/67989"}],"wp:attachment":[{"href":"https:\/\/www.cocondedecoration.com\/blog\/wp-json\/wp\/v2\/media?parent=67766"}],"wp:term":[{"taxonomy":"category","embeddable":true,"href":"https:\/\/www.cocondedecoration.com\/blog\/wp-json\/wp\/v2\/categories?post=67766"},{"taxonomy":"post_tag","embeddable":true,"href":"https:\/\/www.cocondedecoration.com\/blog\/wp-json\/wp\/v2\/tags?post=67766"}],"curies":[{"name":"wp","href":"https:\/\/api.w.org\/{rel}","templated":true}]}}