{"id":6741,"date":"2014-03-17T06:47:16","date_gmt":"2014-03-17T04:47:16","guid":{"rendered":"http:\/\/www.cocondedecoration.com\/blog\/?p=6741"},"modified":"2018-07-26T10:30:52","modified_gmt":"2018-07-26T08:30:52","slug":"top-10-des-objets-deco-mars","status":"publish","type":"post","link":"https:\/\/www.cocondedecoration.com\/blog\/2014\/03\/top-10-des-objets-deco-mars\/","title":{"rendered":"Top 10 des objets d\u00e9co &#8211; Mars"},"content":{"rendered":"<p style=\"text-align: justify;\">Mars, le mois o\u00f9 normalement, on sort de l'hiver pour arriver dans le printemps. Mars, le mois o\u00f9 normalement les jours sont plus longs (mais l\u00e0, j'ai comme un doute, vu le gris bleu bizarre du ciel). Mars, mois des giboulets, des rhinites \u00e0 r\u00e9p\u00e9titions... Bref, un mois o\u00f9 c'est quitte ou double soit il fait un temps merveilleux, soit c'est pourrave. Donc pour la d\u00e9co, on est bien emb\u00eat\u00e9. Quoique... On peut juste tranquillement sortir les objets de printemps, doucement, histoire d'apporter un peu de gait\u00e9 dans la maison.<\/p>\n<p style=\"text-align: justify;\">#1 - On ressort <strong>les fanions color\u00e9s<\/strong>, juste pour dire que c'est bient\u00f4t le printemps et que c'est la f\u00eate!<\/p>\n<p style=\"text-align: justify;\"><a href=\"http:\/\/www.cocondedecoration.com\/blog\/wp-content\/uploads\/2014\/03\/fanion-printemps.jpg\"><img loading=\"lazy\" decoding=\"async\" class=\"aligncenter size-full wp-image-6817\" alt=\"fanion printemps\" src=\"http:\/\/www.cocondedecoration.com\/blog\/wp-content\/uploads\/2014\/03\/fanion-printemps.jpg\" width=\"236\" height=\"351\" \/><\/a><a href=\"http:\/\/woonblog.typepad.com\/woonblog\/\" target=\"_blank\">Source <\/a><\/p>\n<p style=\"text-align: justify;\">#2 - On se fait plaisir avec <a href=\"http:\/\/www.cocondedecoration.com\/blog\/2012\/10\/petits-messages-du-lundi\/\" target=\"_blank\"><strong>des affiches<\/strong><\/a> qui boostent le moral et la cr\u00e9ativit\u00e9<\/p>\n<p style=\"text-align: justify;\"><a href=\"http:\/\/www.cocondedecoration.com\/blog\/wp-content\/uploads\/2014\/03\/affiche-moral-creativite.jpg\"><img loading=\"lazy\" decoding=\"async\" class=\"aligncenter size-full wp-image-6816\" alt=\"affiche moral creativite\" src=\"http:\/\/www.cocondedecoration.com\/blog\/wp-content\/uploads\/2014\/03\/affiche-moral-creativite.jpg\" width=\"570\" height=\"725\" srcset=\"https:\/\/www.cocondedecoration.com\/blog\/wp-content\/uploads\/2014\/03\/affiche-moral-creativite.jpg 570w, https:\/\/www.cocondedecoration.com\/blog\/wp-content\/uploads\/2014\/03\/affiche-moral-creativite-260x330.jpg 260w\" sizes=\"(max-width: 570px) 100vw, 570px\" \/><\/a><a href=\"http:\/\/www.etsy.com\/fr\/listing\/160239845\/typographiques-imprimer-lettrage-a-la?utm_campaign=Share&amp;utm_medium=PageTools&amp;utm_source=Pinterest\" target=\"_blank\">Source <\/a><\/p>\n<p style=\"text-align: justify;\">#3 - On am\u00e9nage un peu l'entr\u00e9e avec <strong>un banc qui sert aussi de coffre de rangement<\/strong><\/p>\n<p style=\"text-align: justify;\"><a href=\"http:\/\/www.cocondedecoration.com\/blog\/wp-content\/uploads\/2014\/03\/coffre-banc-deco.jpg\"><img loading=\"lazy\" decoding=\"async\" class=\"aligncenter size-full wp-image-6815\" alt=\"coffre banc deco\" src=\"http:\/\/www.cocondedecoration.com\/blog\/wp-content\/uploads\/2014\/03\/coffre-banc-deco.jpg\" width=\"601\" height=\"800\" srcset=\"https:\/\/www.cocondedecoration.com\/blog\/wp-content\/uploads\/2014\/03\/coffre-banc-deco.jpg 601w, https:\/\/www.cocondedecoration.com\/blog\/wp-content\/uploads\/2014\/03\/coffre-banc-deco-260x346.jpg 260w\" sizes=\"(max-width: 601px) 100vw, 601px\" \/><\/a><a href=\"http:\/\/www.79ideas.org\/2013\/11\/warm-and-cozy-white.html#.UyA5n1571QJ\" target=\"_blank\">Source <\/a><\/p>\n<p style=\"text-align: justify;\">#4 - On apporte qu Peps dans la cuisine ou dans la salle \u00e0 manger avec des <strong>chaises color\u00e9es et d\u00e9pareill\u00e9es<\/strong><\/p>\n<p style=\"text-align: justify;\"><a href=\"http:\/\/www.cocondedecoration.com\/blog\/wp-content\/uploads\/2014\/03\/cuisine-printemps.jpg\"><img loading=\"lazy\" decoding=\"async\" class=\"aligncenter size-full wp-image-6813\" alt=\"cuisine printemps\" src=\"http:\/\/www.cocondedecoration.com\/blog\/wp-content\/uploads\/2014\/03\/cuisine-printemps.jpg\" width=\"484\" height=\"700\" srcset=\"https:\/\/www.cocondedecoration.com\/blog\/wp-content\/uploads\/2014\/03\/cuisine-printemps.jpg 484w, https:\/\/www.cocondedecoration.com\/blog\/wp-content\/uploads\/2014\/03\/cuisine-printemps-260x376.jpg 260w\" sizes=\"(max-width: 484px) 100vw, 484px\" \/><\/a><a href=\"http:\/\/www.fromscandinaviawithlove.com\/post\/2155556271\/a-home-in-sweden-photo-by-pernilla-hed-for-hus\" target=\"_blank\">Source <\/a><\/p>\n<p style=\"text-align: justify;\"><a href=\"http:\/\/www.cocondedecoration.com\/blog\/wp-content\/uploads\/2014\/03\/idee-shopping-printemps.jpg\"><img loading=\"lazy\" decoding=\"async\" class=\"aligncenter size-full wp-image-6814\" alt=\"idee shopping printemps\" src=\"http:\/\/www.cocondedecoration.com\/blog\/wp-content\/uploads\/2014\/03\/idee-shopping-printemps.jpg\" width=\"346\" height=\"346\" srcset=\"https:\/\/www.cocondedecoration.com\/blog\/wp-content\/uploads\/2014\/03\/idee-shopping-printemps.jpg 346w, https:\/\/www.cocondedecoration.com\/blog\/wp-content\/uploads\/2014\/03\/idee-shopping-printemps-165x165.jpg 165w, https:\/\/www.cocondedecoration.com\/blog\/wp-content\/uploads\/2014\/03\/idee-shopping-printemps-260x260.jpg 260w\" sizes=\"(max-width: 346px) 100vw, 346px\" \/><\/a><a href=\"http:\/\/www.alinea.fr\/mahonia-fauteuil-45061.html?LGWCODE=24639132;60101;3865#ectrans=1\" target=\"_blank\">Source <\/a><\/p>\n<p style=\"text-align: justify;\">#5 - <strong>Des rideaux<\/strong> qui laissent passer la lumi\u00e8re et qui \u00e9clairent votre pi\u00e8ce avec un brin de folie<\/p>\n<p style=\"text-align: justify;\"><a href=\"http:\/\/www.cocondedecoration.com\/blog\/wp-content\/uploads\/2014\/03\/rideau-printemps.png\"><img loading=\"lazy\" decoding=\"async\" class=\"aligncenter size-full wp-image-6810\" alt=\"rideau printemps\" src=\"http:\/\/www.cocondedecoration.com\/blog\/wp-content\/uploads\/2014\/03\/rideau-printemps.png\" width=\"549\" height=\"679\" srcset=\"https:\/\/www.cocondedecoration.com\/blog\/wp-content\/uploads\/2014\/03\/rideau-printemps.png 549w, https:\/\/www.cocondedecoration.com\/blog\/wp-content\/uploads\/2014\/03\/rideau-printemps-260x321.png 260w\" sizes=\"(max-width: 549px) 100vw, 549px\" \/><\/a><a href=\"http:\/\/www.cyrillus.fr\/rideau-imprime-en-coton-avec-oeillets.htm?ProductId=074203012\" target=\"_blank\">Source <\/a><\/p>\n<p style=\"text-align: justify;\">#6 - <strong>De la vaisselle pastelle<\/strong> de chez<a href=\"http:\/\/petitelilyinteriors.fr\/e-shop\/ambiance-et-styles\/tea-time-salon-the\/decoration\/vaisselle-pastel\/grande-assiette-rose-27cm-ariadneathome-vaisselle.html\" target=\"_blank\"> Petite Lily interior <\/a>(une jolie boutique \u00e0 d\u00e9couvrir d'ailleurs)<\/p>\n<p style=\"text-align: justify;\"><a href=\"http:\/\/www.cocondedecoration.com\/blog\/wp-content\/uploads\/2014\/03\/vaisselle-pastel.png\"><img loading=\"lazy\" decoding=\"async\" class=\"aligncenter size-full wp-image-6743\" alt=\"vaisselle pastel\" src=\"http:\/\/www.cocondedecoration.com\/blog\/wp-content\/uploads\/2014\/03\/vaisselle-pastel.png\" width=\"213\" height=\"315\" \/><\/a><\/p>\n<p style=\"text-align: justify;\"><a href=\"http:\/\/www.cocondedecoration.com\/blog\/wp-content\/uploads\/2014\/03\/assiette-rose-pastel.png\"><img loading=\"lazy\" decoding=\"async\" class=\"aligncenter size-full wp-image-6742\" alt=\"assiette rose pastel\" src=\"http:\/\/www.cocondedecoration.com\/blog\/wp-content\/uploads\/2014\/03\/assiette-rose-pastel.png\" width=\"329\" height=\"310\" srcset=\"https:\/\/www.cocondedecoration.com\/blog\/wp-content\/uploads\/2014\/03\/assiette-rose-pastel.png 329w, https:\/\/www.cocondedecoration.com\/blog\/wp-content\/uploads\/2014\/03\/assiette-rose-pastel-260x244.png 260w\" sizes=\"(max-width: 329px) 100vw, 329px\" \/><\/a><\/p>\n<p style=\"text-align: justify;\">#7 - <strong>Des coussins \u00e0 fleurs<\/strong>, pas les fleurs de mamies, des fleurs \u00e9pur\u00e9es, simples mais qui apportent un peu de printemps dans le canap\u00e9 tr\u00e8s utilis\u00e9 depuis quelques mois<\/p>\n<p style=\"text-align: justify;\"><a href=\"http:\/\/www.cocondedecoration.com\/blog\/wp-content\/uploads\/2014\/03\/coussin-a\u0300-fleur-colore\u0301.jpg\"><img loading=\"lazy\" decoding=\"async\" class=\"aligncenter size-full wp-image-6744\" alt=\"coussin a\u0300 fleur colore\u0301\" src=\"http:\/\/www.cocondedecoration.com\/blog\/wp-content\/uploads\/2014\/03\/coussin-a\u0300-fleur-colore\u0301.jpg\" width=\"570\" height=\"576\" srcset=\"https:\/\/www.cocondedecoration.com\/blog\/wp-content\/uploads\/2014\/03\/coussin-a\u0300-fleur-colore\u0301.jpg 570w, https:\/\/www.cocondedecoration.com\/blog\/wp-content\/uploads\/2014\/03\/coussin-a\u0300-fleur-colore\u0301-260x262.jpg 260w, https:\/\/www.cocondedecoration.com\/blog\/wp-content\/uploads\/2014\/03\/coussin-a\u0300-fleur-colore\u0301-50x50.jpg 50w\" sizes=\"(max-width: 570px) 100vw, 570px\" \/><\/a><a href=\"http:\/\/www.etsy.com\/fr\/listing\/152115802\/marine-fleurs-deacutecoratifs-oreiller?ref=sr_gallery_41&amp;ga_search_query=pillow+cover&amp;ga_view_type=gallery&amp;ga_ship_to=US&amp;ga_search_type=all\" target=\"_blank\">Source <\/a><\/p>\n<p style=\"text-align: justify;\"><a href=\"http:\/\/www.cocondedecoration.com\/blog\/wp-content\/uploads\/2014\/03\/coussin-fleur-gris-et-rose.jpg\"><img loading=\"lazy\" decoding=\"async\" class=\"aligncenter size-full wp-image-6745\" alt=\"coussin fleur gris et rose\" src=\"http:\/\/www.cocondedecoration.com\/blog\/wp-content\/uploads\/2014\/03\/coussin-fleur-gris-et-rose.jpg\" width=\"570\" height=\"523\" srcset=\"https:\/\/www.cocondedecoration.com\/blog\/wp-content\/uploads\/2014\/03\/coussin-fleur-gris-et-rose.jpg 570w, https:\/\/www.cocondedecoration.com\/blog\/wp-content\/uploads\/2014\/03\/coussin-fleur-gris-et-rose-260x238.jpg 260w\" sizes=\"(max-width: 570px) 100vw, 570px\" \/><\/a><a href=\"http:\/\/www.etsy.com\/listing\/108835595\/blush-billy-ball-flower-pillow-in?ref=fp_treasury_4\" target=\"_blank\">Source <\/a><\/p>\n<p style=\"text-align: justify;\">#8 - <strong>Une cabane \u00e0 oiseau<\/strong> pour faire entrer le jardin dans votre d\u00e9co<\/p>\n<p style=\"text-align: justify;\"><a href=\"http:\/\/www.cocondedecoration.com\/blog\/wp-content\/uploads\/2014\/03\/deco-oiseau-printemps.jpg\"><img loading=\"lazy\" decoding=\"async\" class=\"aligncenter size-full wp-image-6809\" alt=\"deco oiseau printemps\" src=\"http:\/\/www.cocondedecoration.com\/blog\/wp-content\/uploads\/2014\/03\/deco-oiseau-printemps.jpg\" width=\"300\" height=\"300\" srcset=\"https:\/\/www.cocondedecoration.com\/blog\/wp-content\/uploads\/2014\/03\/deco-oiseau-printemps.jpg 300w, https:\/\/www.cocondedecoration.com\/blog\/wp-content\/uploads\/2014\/03\/deco-oiseau-printemps-165x165.jpg 165w, https:\/\/www.cocondedecoration.com\/blog\/wp-content\/uploads\/2014\/03\/deco-oiseau-printemps-260x260.jpg 260w\" sizes=\"(max-width: 300px) 100vw, 300px\" \/><\/a><a href=\"http:\/\/www.rose-bunker.fr\/cabane-a-oiseaux-pm-5496738.htm\" target=\"_blank\">Source <\/a><\/p>\n<p style=\"text-align: justify;\">#9 - <strong>Des fleurs<\/strong>, toujours des fleurs parce que \u00e7a donne de la vie \u00e0 la pi\u00e8ce, parce que \u00e7a sent bon et parce que \u00e7a \u00e9gaye votre d\u00e9co<\/p>\n<p style=\"text-align: justify;\"><a href=\"http:\/\/www.cocondedecoration.com\/blog\/wp-content\/uploads\/2014\/03\/fleur-de\u0301co-printemps.jpg\"><img loading=\"lazy\" decoding=\"async\" class=\"aligncenter size-full wp-image-6811\" alt=\"fleur de\u0301co printemps\" src=\"http:\/\/www.cocondedecoration.com\/blog\/wp-content\/uploads\/2014\/03\/fleur-de\u0301co-printemps.jpg\" width=\"427\" height=\"640\" srcset=\"https:\/\/www.cocondedecoration.com\/blog\/wp-content\/uploads\/2014\/03\/fleur-de\u0301co-printemps.jpg 427w, https:\/\/www.cocondedecoration.com\/blog\/wp-content\/uploads\/2014\/03\/fleur-de\u0301co-printemps-260x389.jpg 260w\" sizes=\"(max-width: 427px) 100vw, 427px\" \/><\/a><a href=\"http:\/\/www.flickr.com\/photos\/luciaandmapp\/6849962944\/\" target=\"_blank\">source <\/a><\/p>\n<p style=\"text-align: justify;\">#10 - On commence aussi <strong>\u00e0 penser \u00e0 P\u00e2que<\/strong> en cr\u00e9ant une petite d\u00e9co qui passe partout tout en douceur<\/p>\n<p style=\"text-align: justify;\"><a href=\"http:\/\/www.cocondedecoration.com\/blog\/wp-content\/uploads\/2014\/03\/deco-paques-2014.jpg\"><img loading=\"lazy\" decoding=\"async\" class=\"aligncenter size-large wp-image-6812\" alt=\"deco paques 2014\" src=\"http:\/\/www.cocondedecoration.com\/blog\/wp-content\/uploads\/2014\/03\/deco-paques-2014-640x955.jpg\" width=\"600\" height=\"895\" srcset=\"https:\/\/www.cocondedecoration.com\/blog\/wp-content\/uploads\/2014\/03\/deco-paques-2014-640x955.jpg 640w, https:\/\/www.cocondedecoration.com\/blog\/wp-content\/uploads\/2014\/03\/deco-paques-2014-260x388.jpg 260w, https:\/\/www.cocondedecoration.com\/blog\/wp-content\/uploads\/2014\/03\/deco-paques-2014.jpg 736w\" sizes=\"(max-width: 600px) 100vw, 600px\" \/><\/a><a href=\"http:\/\/fancitaste.tumblr.com\/post\/77824479622\/myviewfromsomewhere-via-pin-by-marja-schwedler\" target=\"_blank\">Source <\/a>et <a href=\"http:\/\/www.flickr.com\/photos\/laffichemoderne\/6961319165\/sizes\/l\/in\/photostream\/\" target=\"_blank\">source de l'image \u00e0 la une <\/a><\/p>\n<p style=\"text-align: justify;\">\n","protected":false},"excerpt":{"rendered":"<p>Mars, le mois o\u00f9 normalement, on sort de l&rsquo;hiver pour arriver dans le printemps. Mars, le mois o\u00f9 normalement les jours sont plus longs (mais l\u00e0, j&rsquo;ai comme un doute, vu le gris bleu bizarre du ciel). Mars, mois des giboulets, des rhinites \u00e0 r\u00e9p\u00e9titions&#8230; Bref, un mois o\u00f9 c&rsquo;est<span class=\"more-link\"><a href=\"https:\/\/www.cocondedecoration.com\/blog\/2014\/03\/top-10-des-objets-deco-mars\/\">Lire la suite<\/a><\/span><\/p>\n","protected":false},"author":1,"featured_media":6818,"comment_status":"open","ping_status":"open","sticky":false,"template":"","format":"standard","meta":{"om_disable_all_campaigns":false,"_monsterinsights_skip_tracking":false,"_monsterinsights_sitenote_active":false,"_monsterinsights_sitenote_note":"","_monsterinsights_sitenote_category":0,"_uf_show_specific_survey":0,"_uf_disable_surveys":false,"footnotes":""},"categories":[2314],"tags":[752,61,129,528,1370,159,18,1003,1369,187,694,606,802,155,41,1246,50],"aioseo_notices":[],"_links":{"self":[{"href":"https:\/\/www.cocondedecoration.com\/blog\/wp-json\/wp\/v2\/posts\/6741"}],"collection":[{"href":"https:\/\/www.cocondedecoration.com\/blog\/wp-json\/wp\/v2\/posts"}],"about":[{"href":"https:\/\/www.cocondedecoration.com\/blog\/wp-json\/wp\/v2\/types\/post"}],"author":[{"embeddable":true,"href":"https:\/\/www.cocondedecoration.com\/blog\/wp-json\/wp\/v2\/users\/1"}],"replies":[{"embeddable":true,"href":"https:\/\/www.cocondedecoration.com\/blog\/wp-json\/wp\/v2\/comments?post=6741"}],"version-history":[{"count":0,"href":"https:\/\/www.cocondedecoration.com\/blog\/wp-json\/wp\/v2\/posts\/6741\/revisions"}],"wp:featuredmedia":[{"embeddable":true,"href":"https:\/\/www.cocondedecoration.com\/blog\/wp-json\/wp\/v2\/media\/6818"}],"wp:attachment":[{"href":"https:\/\/www.cocondedecoration.com\/blog\/wp-json\/wp\/v2\/media?parent=6741"}],"wp:term":[{"taxonomy":"category","embeddable":true,"href":"https:\/\/www.cocondedecoration.com\/blog\/wp-json\/wp\/v2\/categories?post=6741"},{"taxonomy":"post_tag","embeddable":true,"href":"https:\/\/www.cocondedecoration.com\/blog\/wp-json\/wp\/v2\/tags?post=6741"}],"curies":[{"name":"wp","href":"https:\/\/api.w.org\/{rel}","templated":true}]}}