{"id":66449,"date":"2023-09-06T11:02:57","date_gmt":"2023-09-06T09:02:57","guid":{"rendered":"https:\/\/www.cocondedecoration.com\/blog\/?p=66449"},"modified":"2023-09-06T11:09:06","modified_gmt":"2023-09-06T09:09:06","slug":"architecture-minimaliste-caracteristiques","status":"publish","type":"post","link":"https:\/\/www.cocondedecoration.com\/blog\/2023\/09\/architecture-minimaliste-caracteristiques\/","title":{"rendered":"Histoire &#038; design | Quid de l&rsquo;architecture minimaliste?"},"content":{"rendered":"\n<p>Cet article a commenc\u00e9 avec un message de Marion, une de mes copines en IRL qui a une formation d'architecte et qui voyage. G\u00e9n\u00e9ralement, on parle de plans de voyage, de cimeti\u00e8res crois\u00e9s sur la route, de bouffe mais cette fois, elle me dit: \"tiens, j'ai pens\u00e9 \u00e0 toi en voyant un reel sur Instagram\". Il \u00e9tait question d'un type qui compar\u00e9 2 types de cabines t\u00e9l\u00e9phoniques (entre autres) et qui disait que les cabines modernes et minimales \u00e9taient moches en comparaison avec les embl\u00e9matiques cabines anglaises. Marion me connaissant bien m'envoie quelques jours apr\u00e8s le fameux reel de ce type qui est terriblement mauvais sur bien des points mais qui au moins a le m\u00e9rite de nous faire (ici sur le blog, pas sur Instagram) nous pencher sur la question du minimalisme et pas uniquement sous le prisme de l'architecture int\u00e9rieure comme j'ai pu d\u00e9j\u00e0 aborder le sujet mais sous une facette plus large notamment via l'architecture. <\/p>\n\n\n\n<!--more-->\n\n\n\n<div class=\"wp-block-image\"><figure class=\"aligncenter\"><a href=\"https:\/\/www.patreon.com\/cocondedeco\" target=\"_blank\" rel=\"noreferrer noopener\"><img loading=\"lazy\" decoding=\"async\" width=\"728\" height=\"90\" src=\"http:\/\/www.cocondedecoration.com\/blog\/wp-content\/uploads\/2021\/01\/banniere-patreon.png\" alt=\"\" class=\"wp-image-33877\" srcset=\"https:\/\/www.cocondedecoration.com\/blog\/wp-content\/uploads\/2021\/01\/banniere-patreon.png 728w, https:\/\/www.cocondedecoration.com\/blog\/wp-content\/uploads\/2021\/01\/banniere-patreon-260x32.png 260w, https:\/\/www.cocondedecoration.com\/blog\/wp-content\/uploads\/2021\/01\/banniere-patreon-640x79.png 640w, https:\/\/www.cocondedecoration.com\/blog\/wp-content\/uploads\/2021\/01\/banniere-patreon-465x57.png 465w, https:\/\/www.cocondedecoration.com\/blog\/wp-content\/uploads\/2021\/01\/banniere-patreon-695x86.png 695w\" sizes=\"(max-width: 728px) 100vw, 728px\" \/><\/a><\/figure><\/div>\n\n\n\n<p style=\"text-align:center\" class=\"has-background has-small-font-size has-very-light-gray-background-color\">Avant de poursuivre cet article, j'aimerai vous parler quelques instants de Patreon. C'est une plateforme en plus du blog sur laquelle vous pouvez devenir m\u00e9c\u00e8ne du blog. <br><strong>Pourquoi soutenir le blog?<\/strong> <br>Parce que c'est un travail consid\u00e9rable et m\u00eame si je le fais avec passion c'est aussi un travail pr\u00e9caire (<a rel=\"noreferrer noopener\" href=\"https:\/\/www.patreon.com\/posts\/en-quoi-consiste-86917611\" target=\"_blank\">je vous explique tout cela en d\u00e9tail dans ce post<\/a>). Si vous aimez l'article que vous \u00eates en train de lire, si vous me suivez sur les r\u00e9seaux sociaux ou encore si vous lisez r\u00e9guli\u00e8rement le blog, je vous serai reconnaissante de soutenir le blog via Patreon. Par ailleurs, en vous abonnant sur la plateforme vous acc\u00e9derez \u00e0 des contenus exclusifs pour vous remercier de votre soutien. C'est sans engagement et chaque contribution fera la diff\u00e9rence. Merci par avance de votre aide! <br><a rel=\"noreferrer noopener\" href=\"https:\/\/www.patreon.com\/cocondedeco\" target=\"_blank\"><strong>En savoir plus &amp; acc\u00e9der \u00e0 Patreon<\/strong><\/a><\/p>\n\n\n\n<div class=\"wp-block-columns has-2-columns is-layout-flex wp-container-core-columns-layout-1 wp-block-columns-is-layout-flex\">\n<div class=\"wp-block-column is-layout-flow wp-block-column-is-layout-flow\">\n<h2 class=\"wp-block-heading\">01 \u2022 Les origines multiples du minimalisme <\/h2>\n\n\n\n<p>Tout le monde s'accorde \u00e0 donner les d\u00e9buts du minimalisme \u00e0 Mies van der Rohe. Je vous ai d\u00e9j\u00e0 parl\u00e9 de lui dans <a rel=\"noreferrer noopener\" href=\"https:\/\/www.cocondedecoration.com\/blog\/2022\/12\/mouvement-bauhaus-design\/\" target=\"_blank\">mon article \u00e0 propos du Bauhaus<\/a> dont il a \u00e9t\u00e9 le 3\u00e8me directeur avant que l'\u00e9cole ne soit ferm\u00e9e par les nazis et il fricotera avec Hitler. Et c'est \u00e0 ce \"charmant\" personnage que l'on doit le c\u00e9l\u00e8bre \"less is more\" qui caract\u00e9rise le minimalisme. <br><\/p>\n\n\n\n<p>Le minimalisme trouve pour certains ses origines dans l'Abbaye du Thoronnet, construite entre le XII\u00e8me et le XIII\u00e8me si\u00e8cle dans le Var. Elle est class\u00e9e par l'UNESCO. Le Corbusier la visitera en 1953. Cette abbaye cistercienne est construite avec simplicit\u00e9 et humilit\u00e9. Il y a aussi une d\u00e9marche singuli\u00e8re quant \u00e0 sa construction. Elle est faite de pierres taill\u00e9es rapidement, \"rudement\". Cette mati\u00e8re qu'on pourrait dire qu'elle est mal-d\u00e9grossie r\u00e9agit aux rayons du soleil et fait que l'Abbaye scintille. C'est int\u00e9ressant de voir que d\u00e8s les XII\u00e8me et XIII\u00e8me si\u00e8cles en France, on s'int\u00e9ressait \u00e0 la simplicit\u00e9 des mat\u00e9riaux, \u00e0 la simplicit\u00e9 de leur travail et qu'on pouvait en tirer quelque chose d'esth\u00e9tique. <\/p>\n\n\n\n<p>Toujours dans les origines du minimalisme et avant Mies van der Rohe, on peut aussi \u00e9voquer le travail de Louis Sullivan (architecte am\u00e9ricain) qui s'inscrit dans un refus de l'architecture classique de la fin du XIX\u00e8 et qui tend \u00e0 associer fonctions et formes. Il travaillera notamment sur l'expression de la hauteur des b\u00e2timents et la verticalit\u00e9 qui en d\u00e9coule. <br><\/p>\n\n\n\n<p>Certains architectes minimalistes vont puiser leur inspiration au Japon. La philosophie zen ainsi que l'esth\u00e9tique japonaise arrivent en occident au cours du XVIII\u00e8me si\u00e8cle. Cela apporte un regard diff\u00e9rent sur l'objet, sur ce qui nous entoure. Une recherche du beau avec une notion spirituelle. Formes simples, inspirations naturelles, principe du \"ma\" qui signifie vide. Le <a rel=\"noreferrer noopener\" href=\"https:\/\/www.cocondedecoration.com\/blog\/2023\/08\/caracteristiques-style-wabi-sabi\/\" target=\"_blank\">wabi-sabi<\/a> influence aussi les r\u00e9flexions plus minimales. <\/p>\n<\/div>\n\n\n\n<div class=\"wp-block-column is-layout-flow wp-block-column-is-layout-flow\">\n<div style=\"height:80px\" aria-hidden=\"true\" class=\"wp-block-spacer\"><\/div>\n\n\n\n<figure class=\"wp-block-image\"><img loading=\"lazy\" decoding=\"async\" width=\"640\" height=\"960\" src=\"https:\/\/www.cocondedecoration.com\/blog\/wp-content\/uploads\/2023\/09\/caracteristique-definition-architecture-minimaliste-1-640x960.jpeg\" alt=\"caracteristique definition architecture minimaliste ext\u00e9rieur volumes couleur harmonie nature\" class=\"wp-image-66454\" srcset=\"https:\/\/www.cocondedecoration.com\/blog\/wp-content\/uploads\/2023\/09\/caracteristique-definition-architecture-minimaliste-1-640x960.jpeg 640w, https:\/\/www.cocondedecoration.com\/blog\/wp-content\/uploads\/2023\/09\/caracteristique-definition-architecture-minimaliste-1-260x390.jpeg 260w, https:\/\/www.cocondedecoration.com\/blog\/wp-content\/uploads\/2023\/09\/caracteristique-definition-architecture-minimaliste-1-768x1152.jpeg 768w, https:\/\/www.cocondedecoration.com\/blog\/wp-content\/uploads\/2023\/09\/caracteristique-definition-architecture-minimaliste-1-367x550.jpeg 367w, https:\/\/www.cocondedecoration.com\/blog\/wp-content\/uploads\/2023\/09\/caracteristique-definition-architecture-minimaliste-1-333x500.jpeg 333w, https:\/\/www.cocondedecoration.com\/blog\/wp-content\/uploads\/2023\/09\/caracteristique-definition-architecture-minimaliste-1.jpeg 1000w\" sizes=\"(max-width: 640px) 100vw, 640px\" \/><figcaption>erikacarlock.com \/ archi: Luis Barrag\u00e1n<\/figcaption><\/figure>\n<\/div>\n<\/div>\n\n\n\n<div class=\"wp-block-columns has-2-columns is-layout-flex wp-container-core-columns-layout-2 wp-block-columns-is-layout-flex\">\n<div class=\"wp-block-column is-layout-flow wp-block-column-is-layout-flow\">\n<figure class=\"wp-block-image\"><img loading=\"lazy\" decoding=\"async\" width=\"640\" height=\"960\" src=\"https:\/\/www.cocondedecoration.com\/blog\/wp-content\/uploads\/2023\/09\/caracteristique-definition-architecture-minimaliste-2-640x960.jpeg\" alt=\"caracteristique definition architecture minimaliste b\u00e2timent b\u00e9ton forme volume brutalisme Archi Marcel Breuer The Pirelli Tire Building\" class=\"wp-image-66455\" srcset=\"https:\/\/www.cocondedecoration.com\/blog\/wp-content\/uploads\/2023\/09\/caracteristique-definition-architecture-minimaliste-2-640x960.jpeg 640w, https:\/\/www.cocondedecoration.com\/blog\/wp-content\/uploads\/2023\/09\/caracteristique-definition-architecture-minimaliste-2-260x390.jpeg 260w, https:\/\/www.cocondedecoration.com\/blog\/wp-content\/uploads\/2023\/09\/caracteristique-definition-architecture-minimaliste-2-768x1152.jpeg 768w, https:\/\/www.cocondedecoration.com\/blog\/wp-content\/uploads\/2023\/09\/caracteristique-definition-architecture-minimaliste-2-367x550.jpeg 367w, https:\/\/www.cocondedecoration.com\/blog\/wp-content\/uploads\/2023\/09\/caracteristique-definition-architecture-minimaliste-2-333x500.jpeg 333w, https:\/\/www.cocondedecoration.com\/blog\/wp-content\/uploads\/2023\/09\/caracteristique-definition-architecture-minimaliste-2.jpeg 1000w\" sizes=\"(max-width: 640px) 100vw, 640px\" \/><figcaption>twitter.com \/ Archi: Marcel Breuer The Pirelli Tire Building<\/figcaption><\/figure>\n\n\n\n<figure class=\"wp-block-image\"><img loading=\"lazy\" decoding=\"async\" width=\"640\" height=\"960\" src=\"https:\/\/www.cocondedecoration.com\/blog\/wp-content\/uploads\/2023\/09\/caracteristique-definition-architecture-minimaliste-8-640x960.jpeg\" alt=\"caracteristique definition architecture minimaliste n\u00e9on tuble fluorescent couleur mise en avant des volumes perspectives arches\" class=\"wp-image-66462\" srcset=\"https:\/\/www.cocondedecoration.com\/blog\/wp-content\/uploads\/2023\/09\/caracteristique-definition-architecture-minimaliste-8-640x960.jpeg 640w, https:\/\/www.cocondedecoration.com\/blog\/wp-content\/uploads\/2023\/09\/caracteristique-definition-architecture-minimaliste-8-260x390.jpeg 260w, https:\/\/www.cocondedecoration.com\/blog\/wp-content\/uploads\/2023\/09\/caracteristique-definition-architecture-minimaliste-8-768x1152.jpeg 768w, https:\/\/www.cocondedecoration.com\/blog\/wp-content\/uploads\/2023\/09\/caracteristique-definition-architecture-minimaliste-8-367x550.jpeg 367w, https:\/\/www.cocondedecoration.com\/blog\/wp-content\/uploads\/2023\/09\/caracteristique-definition-architecture-minimaliste-8-333x500.jpeg 333w, https:\/\/www.cocondedecoration.com\/blog\/wp-content\/uploads\/2023\/09\/caracteristique-definition-architecture-minimaliste-8.jpeg 1000w\" sizes=\"(max-width: 640px) 100vw, 640px\" \/><figcaption>petruccimarco.it \/ artiste: Dan Flavin<\/figcaption><\/figure>\n<\/div>\n\n\n\n<div class=\"wp-block-column is-layout-flow wp-block-column-is-layout-flow\">\n<h2 class=\"wp-block-heading\">02 \u2022 Quelles sont les caract\u00e9ristiques du minimalisme? <\/h2>\n\n\n\n<p>Vous remarquerez que j'ai parl\u00e9 des origines du minimalisme. Je ne lui ai pas donn\u00e9 de fin, tout simplement parce que c'est un mouvement qui est encore actuel et qui \u00e9volue avec le temps. Il puise ses inspirations dans diff\u00e9rents mouvements, notamment avec le Bauhaus ou le mouvement De Stijl (c'est pr\u00e9vu que je vous en parle mais il faudra attendre un peu!). Voici donc les principales caract\u00e9ristiques de ce mouvement: <\/p>\n\n\n\n<h3 class=\"wp-block-heading\">02\u20221\u2022 Minimalisme et abstraction<\/h3>\n\n\n\n<p>Parce que le concept d'abstraction est vague dans mon esprit et peut-\u00eatre dans le v\u00f4tre, voici la d\u00e9finition du <em>Robert<\/em>: \" 1. Fait de consid\u00e9rer \u00e0 part une qualit\u00e9, une relation, ind\u00e9pendamment des objets qu'on per\u00e7oit ou qu'on imagine. L'\u00eatre humain est capable d'abstraction et de g\u00e9n\u00e9ralisation. 1.bis. Qualit\u00e9 ou relation isol\u00e9e par l'esprit. \u2799 notion. La couleur, la forme sont des abstractions. 2. Id\u00e9e abstraite (oppos\u00e9e \u00e0 la r\u00e9alit\u00e9 v\u00e9cue). La vieillesse est encore pour elle une abstraction. 3. Faire abstraction de qqch. : ne pas tenir compte de. Abstraction faite de son \u00e2ge. 4. Art abstrait L'abstraction lyrique.\" Bon ok, perso, \u00e7a ne m'avance pas des masses pour comprendre cette id\u00e9e. J'ai donc trouv\u00e9 une autre d\u00e9finition: \"L'abstraction est l'acte de repr\u00e9senter des caract\u00e9ristiques essentielles sans inclure les d\u00e9tails d'arri\u00e8re-plan ou les explications.\" <br>De ces deux d\u00e9finitions, je retiens 2 choses. La premi\u00e8re c'est l'id\u00e9e d'isoler les choses, c'est \u00e0 dire une d\u00e9marche un peu diff\u00e9rente. On ne se contente pas de voir une construction dans son ensemble mais on va t\u00e2cher d'isoler ce qui la compose. La seconde, c'est l'id\u00e9e d'exclusion pour garder ce qui est essentiel. On se s\u00e9pare de ce qui est superflu. Je reviens apr\u00e8s sur ce qui est essentiel dans le minimalisme. <\/p>\n\n\n\n<h3 class=\"wp-block-heading\">02\u20222\u2022 simplicit\u00e9 &amp; minimalisme <\/h3>\n\n\n\n<p>On connait tous ce mot simplicit\u00e9 pourtant c'est un concept assez difficile \u00e0 appr\u00e9hender au quotidien. Qui n'a pas l'impression que sa vie est trop compliqu\u00e9e? Cela fait bient\u00f4t 7 ans que je m\u00e9dite sur cette question et j'ai encore du chemin \u00e0 faire. En architecture, la simplicit\u00e9 peut prendre diff\u00e9rentes formes: l'apparence g\u00e9n\u00e9rale d'un b\u00e2timent, l'agencement des pi\u00e8ces, les mat\u00e9riaux utilis\u00e9s... Dans le cadre du minimalisme, on peut opposer la simplicit\u00e9 \u00e0 l'exc\u00e8s. <\/p>\n\n\n\n<h3 class=\"wp-block-heading\">02\u20223\u2022 Les essentiels du mouvement minimaliste<\/h3>\n\n\n\n<p>Il y a 3 essentiels dans le mouvement minimaliste: la lumi\u00e8re, l'espace, <a href=\"https:\/\/www.cocondedecoration.com\/blog\/category\/astuces-et-conseils-deco\/materiaux-deco\/\" target=\"_blank\" rel=\"noreferrer noopener\" aria-label=\"les mat\u00e9riaux (s\u2019ouvre dans un nouvel onglet)\">les mat\u00e9riaux<\/a>. Le d\u00e9fi \/ la d\u00e9marche d'un architecte minimaliste c'est d'associer ces 3 \u00e9l\u00e9ments pour cr\u00e9er un \u00e9quilibre, une harmonie. Ces 3 \u00e9l\u00e9ments communiquent, interagissent entre eux. Ils forment un tout. <br><\/p>\n\n\n\n<h3 class=\"wp-block-heading\">02\u20224\u2022 Ordre et harmonie + \u00e9quilibre entre nature et construction <br><\/h3>\n\n\n\n<p>En plus de la question de ce qui est essentiel et ce qu'il ne l'est pas, le minimalisme tend \u00e0 un id\u00e9al (qui n'est peut-\u00eatre pas le v\u00f4tre, je le con\u00e7ois). <\/p>\n<\/div>\n<\/div>\n\n\n\n<div class=\"wp-block-columns has-2-columns is-layout-flex wp-container-core-columns-layout-3 wp-block-columns-is-layout-flex\">\n<div class=\"wp-block-column is-layout-flow wp-block-column-is-layout-flow\">\n<h2 class=\"wp-block-heading\">03 \u2022 Architecture minimaliste et urbanisme <\/h2>\n\n\n\n<p>On peut voir que le monde est fuck\u00e9 juste avec une requ\u00eate google hyper simple: \"architecture minimaliste et urbanisme\"... qui ne donne pas tout de suite des r\u00e9sultats probants. Pourtant quand il est question d'architecture et pas que minimaliste, la question de l'urbanisme n'est pas loin. Peu importe la construction et le style de cette construction, elle va avoir un impact au moins visuel dans la rue o\u00f9 elle se trouve. Et avec le minimalisme, on arrive \u00e0 cette question d'id\u00e9al que j'ai volontairement laiss\u00e9 en suspens dans la partie pr\u00e9c\u00e9dente. La d\u00e9marche d'un architecte minimaliste va \u00eatre de cr\u00e9er un b\u00e2timent qui est en harmonie avec son environnement et qui tend \u00e0 un \u00e9quilibre avec la nature qui l'entoure. <\/p>\n\n\n\n<p>J'aime bien l'exemple du verre qui laisse voir mais qui peut aussi refl\u00e9ter. Il se fait oublier au profit de ce qui se trouve \u00e0 proximit\u00e9. C'est un mat\u00e9riau qui efface certaines limites (on peut le mettre en parall\u00e8le avec une cloison pleine, elle va casser la vue alors que le verre laisse voir). Pour moi qui aime vivre en ext\u00e9rieur, le verre est un mat\u00e9riau de choix puisqu'il permet de profiter de la vue tout en b\u00e9n\u00e9ficiant du confort de l'int\u00e9rieur. Le verre efface l'id\u00e9e de boite dont je vous parle apr\u00e8s. La d\u00e9marche est diff\u00e9rente que pour une construction classique. Les grandes cloisons vitr\u00e9es qui caract\u00e9risent les maisons minimalistes ne me demandent aucun effort pour profiter de la vue sur l'ext\u00e9rieur. Dans une maison traditionnelle, les fen\u00eatres et autres ouvertures sont standardis\u00e9es. Il faut r\u00e9ellement se d\u00e9placer devant la fen\u00eatre ou la baie vitr\u00e9e pour profiter du jardin. Pour un b\u00e2timent public par exemple, l'utilisation du verre sera \u00e9ventuellement diff\u00e9rente. Pour mieux comprendre comment s'imbriquent les diff\u00e9rentes caract\u00e9ristiques du mouvement minimaliste pour cr\u00e9er un b\u00e2timent public qui tend \u00e0 \u00eatre harmonieux, vous pouvez de regarder de plus pr\u00e8s l'<a rel=\"noreferrer noopener\" href=\"https:\/\/www.archiliste.fr\/projets\/atelier-darchitecture-badia-berger\/ecole-de-musique-mantes-la-jolie-78\" target=\"_blank\">exemple de l'\u00e9cole de Musique de Mantes-la-Jolie<\/a> sur le site Archiliste. La composition du b\u00e2timent est d\u00e9crite simplement et vous verrez un peu plus comment s'ordonne la d\u00e9marche du cabinet d'architectes. Le minimalisme et parfois associ\u00e9 \u00e0 l'art, pour essayer de mieux appr\u00e9hender cette d\u00e9marche, je vous invite \u00e0 regarder <a rel=\"noreferrer noopener\" href=\"https:\/\/www.youtube.com\/watch?v=X5AzPDJ3omk\" target=\"_blank\">cette vid\u00e9o \u00e0 propos du Bunker SYS*08 <\/a>(et lire les diapos au d\u00e9but qui expliquent la gen\u00e8se du projet ainsi que la d\u00e9marche de l'architecte Rudy Ricciotti). <\/p>\n<\/div>\n\n\n\n<div class=\"wp-block-column is-layout-flow wp-block-column-is-layout-flow\">\n<figure class=\"wp-block-image\"><img loading=\"lazy\" decoding=\"async\" width=\"640\" height=\"960\" src=\"https:\/\/www.cocondedecoration.com\/blog\/wp-content\/uploads\/2023\/09\/caracteristique-definition-architecture-minimaliste-3-640x960.jpeg\" alt=\"caracteristique definition architecture minimaliste maison cube b\u00e9ton fen\u00eatre nature \u00e9quilibre\" class=\"wp-image-66456\" srcset=\"https:\/\/www.cocondedecoration.com\/blog\/wp-content\/uploads\/2023\/09\/caracteristique-definition-architecture-minimaliste-3-640x960.jpeg 640w, https:\/\/www.cocondedecoration.com\/blog\/wp-content\/uploads\/2023\/09\/caracteristique-definition-architecture-minimaliste-3-260x390.jpeg 260w, https:\/\/www.cocondedecoration.com\/blog\/wp-content\/uploads\/2023\/09\/caracteristique-definition-architecture-minimaliste-3-768x1152.jpeg 768w, https:\/\/www.cocondedecoration.com\/blog\/wp-content\/uploads\/2023\/09\/caracteristique-definition-architecture-minimaliste-3-367x550.jpeg 367w, https:\/\/www.cocondedecoration.com\/blog\/wp-content\/uploads\/2023\/09\/caracteristique-definition-architecture-minimaliste-3-333x500.jpeg 333w, https:\/\/www.cocondedecoration.com\/blog\/wp-content\/uploads\/2023\/09\/caracteristique-definition-architecture-minimaliste-3.jpeg 1000w\" sizes=\"(max-width: 640px) 100vw, 640px\" \/><figcaption>afasiaarchzine.com \/ Archi: Alberto Campo Baeza et  Miguel Quismondo <\/figcaption><\/figure>\n\n\n\n<ul class=\"wp-block-gallery columns-2 is-cropped wp-block-gallery-1 is-layout-flex wp-block-gallery-is-layout-flex\"><li class=\"blocks-gallery-item\"><figure><img loading=\"lazy\" decoding=\"async\" width=\"640\" height=\"960\" src=\"https:\/\/www.cocondedecoration.com\/blog\/wp-content\/uploads\/2023\/09\/caracteristique-definition-architecture-minimaliste-12-640x960.jpeg\" alt=\"caracteristique definition architecture minimaliste int\u00e9rieur \u00e9glise blanche bois sombre arche lumi\u00e8re chic \u00e9pur\u00e9\" data-id=\"66467\" data-link=\"https:\/\/www.cocondedecoration.com\/blog\/?attachment_id=66467\" class=\"wp-image-66467\" srcset=\"https:\/\/www.cocondedecoration.com\/blog\/wp-content\/uploads\/2023\/09\/caracteristique-definition-architecture-minimaliste-12-640x960.jpeg 640w, https:\/\/www.cocondedecoration.com\/blog\/wp-content\/uploads\/2023\/09\/caracteristique-definition-architecture-minimaliste-12-260x390.jpeg 260w, https:\/\/www.cocondedecoration.com\/blog\/wp-content\/uploads\/2023\/09\/caracteristique-definition-architecture-minimaliste-12-768x1152.jpeg 768w, https:\/\/www.cocondedecoration.com\/blog\/wp-content\/uploads\/2023\/09\/caracteristique-definition-architecture-minimaliste-12-367x550.jpeg 367w, https:\/\/www.cocondedecoration.com\/blog\/wp-content\/uploads\/2023\/09\/caracteristique-definition-architecture-minimaliste-12-333x500.jpeg 333w, https:\/\/www.cocondedecoration.com\/blog\/wp-content\/uploads\/2023\/09\/caracteristique-definition-architecture-minimaliste-12.jpeg 1000w\" sizes=\"(max-width: 640px) 100vw, 640px\" \/><figcaption>google <\/figcaption><\/figure><\/li><li class=\"blocks-gallery-item\"><figure><img loading=\"lazy\" decoding=\"async\" width=\"640\" height=\"960\" src=\"https:\/\/www.cocondedecoration.com\/blog\/wp-content\/uploads\/2023\/09\/caracteristique-definition-architecture-minimaliste-13-640x960.jpeg\" alt=\"caracteristique definition architecture minimaliste patio int\u00e9rieur ext\u00e9rieur volume pente toit\" data-id=\"66468\" data-link=\"https:\/\/www.cocondedecoration.com\/blog\/?attachment_id=66468\" class=\"wp-image-66468\" srcset=\"https:\/\/www.cocondedecoration.com\/blog\/wp-content\/uploads\/2023\/09\/caracteristique-definition-architecture-minimaliste-13-640x960.jpeg 640w, https:\/\/www.cocondedecoration.com\/blog\/wp-content\/uploads\/2023\/09\/caracteristique-definition-architecture-minimaliste-13-260x390.jpeg 260w, https:\/\/www.cocondedecoration.com\/blog\/wp-content\/uploads\/2023\/09\/caracteristique-definition-architecture-minimaliste-13-768x1152.jpeg 768w, https:\/\/www.cocondedecoration.com\/blog\/wp-content\/uploads\/2023\/09\/caracteristique-definition-architecture-minimaliste-13-367x550.jpeg 367w, https:\/\/www.cocondedecoration.com\/blog\/wp-content\/uploads\/2023\/09\/caracteristique-definition-architecture-minimaliste-13-333x500.jpeg 333w, https:\/\/www.cocondedecoration.com\/blog\/wp-content\/uploads\/2023\/09\/caracteristique-definition-architecture-minimaliste-13.jpeg 1000w\" sizes=\"(max-width: 640px) 100vw, 640px\" \/><figcaption>shaumyikasharma.wordpress.com<\/figcaption><\/figure><\/li><\/ul>\n<\/div>\n<\/div>\n\n\n\n<div class=\"wp-block-columns has-2-columns is-layout-flex wp-container-core-columns-layout-4 wp-block-columns-is-layout-flex\">\n<div class=\"wp-block-column is-layout-flow wp-block-column-is-layout-flow\">\n<figure class=\"wp-block-image\"><img loading=\"lazy\" decoding=\"async\" width=\"640\" height=\"960\" src=\"https:\/\/www.cocondedecoration.com\/blog\/wp-content\/uploads\/2023\/09\/caracteristique-definition-architecture-minimaliste-4-640x960.jpeg\" alt=\"caracteristique definition architecture minimaliste vitraux \u00e9glise brutalisme d\u00e9coupage alv\u00e9ole g\u00e9om\u00e9trie\" class=\"wp-image-66457\" srcset=\"https:\/\/www.cocondedecoration.com\/blog\/wp-content\/uploads\/2023\/09\/caracteristique-definition-architecture-minimaliste-4-640x960.jpeg 640w, https:\/\/www.cocondedecoration.com\/blog\/wp-content\/uploads\/2023\/09\/caracteristique-definition-architecture-minimaliste-4-260x390.jpeg 260w, https:\/\/www.cocondedecoration.com\/blog\/wp-content\/uploads\/2023\/09\/caracteristique-definition-architecture-minimaliste-4-768x1152.jpeg 768w, https:\/\/www.cocondedecoration.com\/blog\/wp-content\/uploads\/2023\/09\/caracteristique-definition-architecture-minimaliste-4-367x550.jpeg 367w, https:\/\/www.cocondedecoration.com\/blog\/wp-content\/uploads\/2023\/09\/caracteristique-definition-architecture-minimaliste-4-333x500.jpeg 333w, https:\/\/www.cocondedecoration.com\/blog\/wp-content\/uploads\/2023\/09\/caracteristique-definition-architecture-minimaliste-4.jpeg 1000w\" sizes=\"(max-width: 640px) 100vw, 640px\" \/><figcaption>minnevangelist.com \/ archi: Breuer<\/figcaption><\/figure>\n\n\n\n<figure class=\"wp-block-image\"><img loading=\"lazy\" decoding=\"async\" width=\"640\" height=\"960\" src=\"https:\/\/www.cocondedecoration.com\/blog\/wp-content\/uploads\/2023\/09\/caracteristique-definition-architecture-minimaliste-9-640x960.jpeg\" alt=\"caracteristique definition architecture minimaliste ext\u00e9rieur fa\u00e7ade cube color\u00e9 rose mauve jaune d\u00e9coupage paysage\" class=\"wp-image-66463\" srcset=\"https:\/\/www.cocondedecoration.com\/blog\/wp-content\/uploads\/2023\/09\/caracteristique-definition-architecture-minimaliste-9-640x960.jpeg 640w, https:\/\/www.cocondedecoration.com\/blog\/wp-content\/uploads\/2023\/09\/caracteristique-definition-architecture-minimaliste-9-260x390.jpeg 260w, https:\/\/www.cocondedecoration.com\/blog\/wp-content\/uploads\/2023\/09\/caracteristique-definition-architecture-minimaliste-9-768x1152.jpeg 768w, https:\/\/www.cocondedecoration.com\/blog\/wp-content\/uploads\/2023\/09\/caracteristique-definition-architecture-minimaliste-9-367x550.jpeg 367w, https:\/\/www.cocondedecoration.com\/blog\/wp-content\/uploads\/2023\/09\/caracteristique-definition-architecture-minimaliste-9-333x500.jpeg 333w, https:\/\/www.cocondedecoration.com\/blog\/wp-content\/uploads\/2023\/09\/caracteristique-definition-architecture-minimaliste-9.jpeg 1000w\" sizes=\"(max-width: 640px) 100vw, 640px\" \/><figcaption>angiemcmonigal.com \/ archi: Barragan <\/figcaption><\/figure>\n<\/div>\n\n\n\n<div class=\"wp-block-column is-layout-flow wp-block-column-is-layout-flow\">\n<h2 class=\"wp-block-heading\">04 \u2022 Une opportunit\u00e9 de s'interroger sur des questions fondamentales <br><\/h2>\n\n\n\n<p>Je n'ai jamais cach\u00e9 mon go\u00fbt certain pour le minimalisme ici sur le blog. Go\u00fbt qui me vaut r\u00e9guli\u00e8rement des commentaires du style: \"moi j'aime pas\" sur les r\u00e9seaux sociaux. J'adore les avis non sollicit\u00e9s, vous n'imaginez pas.<\/p>\n\n\n\n<p>Je n'ai pas toujours aim\u00e9 le minimalisme. J'ai vraiment commenc\u00e9 \u00e0 m'y int\u00e9resser quand on a chang\u00e9 de vie il y a quelques ann\u00e9es. C'est dr\u00f4le comme porter sa maison sur son dos fait relativiser ce qui est essentiel de ce qui ne l'est pas. Du moins mais mieux au quotidien, j'en suis venue \u00e0 m'int\u00e9resser au moins mais mieux surtout \u00e0 l'int\u00e9rieur et en d\u00e9coration. Ca tombait bien, j'\u00e9tais dans une grosse p\u00e9riode de crise existentielle avec le blog. Et le minimalisme m'a fait me poser des questions. Bonnes ou pas, aucune id\u00e9e, mais au moins j'avais de quoi r\u00e9fl\u00e9chir. <\/p>\n\n\n\n<p>Le minimalisme est une opportunit\u00e9 de s'interroger sur ce qui est essentiel ou ce qui ne l'est pas, sur ce qui compose notre quotidien. On peut tr\u00e8s bien vivre avec des objets qui ne sont pas essentiels mais au moins avoir conscience qu'on peut s'en passer, ce qui contribue \u00e0 notre confort, etc. <br><\/p>\n\n\n\n<p>Le minimalisme peut aussi \u00eatre l'occasion de s'interroger sur nos go\u00fbts, sur le Beau avec une majuscule, sur ce que l'on attend d'une construction. Personnellement, j'\u00e9prouve maintenant une grande s\u00e9r\u00e9nit\u00e9 devant un b\u00e2timent ou un int\u00e9rieur aux traits minimalistes. C'est apaisant et c'est quelque chose que je recherche dans mon quotidien. Le minimalisme a du sens pour moi. Pour celles et ceux qui me disent qu'ils n'aiment pas le minimalisme (<del>qu'est-ce que j'en ai \u00e0 foutre?<\/del>), c'est peut-\u00eatre l'occasion de se demander plus pr\u00e9cis\u00e9ment ce qu'ils n'aiment pas l\u00e0-dedans. Sont-ils d\u00e9rang\u00e9s par l'absence? Est-ce que \u00e7a leur fait le m\u00eame effet qu'une maison silencieuse o\u00f9 il faut absolument allumer la t\u00e9l\u00e9 pour perturber le silence? Sont-ils malaise avec le fait se retrouver seuls face \u00e0 leurs sentiments, leurs \u00e9motions? Il n'y a pas de jugement dans mes questions. Je sais comme \u00eatre face \u00e0 du vide peut \u00eatre d\u00e9rangeant. Ce sont juste des questions qui m\u00e9ritent qu'on y r\u00e9fl\u00e9chisse un moment ou \u00e0 un autre dans sa vie? <br><\/p>\n\n\n\n<p>Par ailleurs, le minimalisme peut \u00eatre l'occasion de se poser des questions sur la fonctions de l'habitat, du b\u00e2timent. On vit dans une boite, on travaille dans une boite, on se d\u00e9place dans une boite, on va finir dans une boite (m\u00eame si elle termine br\u00fbl\u00e9e). Avec Flo, on se pose r\u00e9guli\u00e8rement la question de ce qu'on aimerait comme logement si on venait \u00e0 s'installer quelque part. On a des attentes tr\u00e8s simples au final. Une case avec une terrasse, \u00e7a peut \u00eatre chouette. J'exag\u00e8re un peu mais pas tant. Sans cette question du minimalisme, je crois que je ne me serai jamais pos\u00e9 vraiment la question de mon habitat id\u00e9al et des conditions dans lesquelles j'aimerai vivre. <br><\/p>\n\n\n\n<p>Enfin, on peut s'interroger aussi \u00e0 ce que l'on ressent face aux constructions minimalistes. C'est pareil que de s'asseoir dans un mus\u00e9e face \u00e0 une oeuvre contemporaine ou pas. Juste prendre le temps d'observer l'oeuvre \/ la construction et de regarder aussi ce que \u00e7a nous fait ressentir. Le \"j'aime pas\" est un peu trop facile. Le pourquoi j'aime ou je n'aime pas permet de mieux se connaitre, de mieux se comprendre aussi. <\/p>\n<\/div>\n<\/div>\n\n\n\n<div class=\"wp-block-columns has-2-columns is-layout-flex wp-container-core-columns-layout-5 wp-block-columns-is-layout-flex\">\n<div class=\"wp-block-column is-layout-flow wp-block-column-is-layout-flow\">\n<h2 class=\"wp-block-heading\">05 \u2022 Architecture minimaliste &amp; voyage <\/h2>\n\n\n\n<p>Je fais rarement le lien directement entre le voyage (mon mode de vie nomade) et la d\u00e9co \/ le design \/ l'architecture. Je crois que dans cette s\u00e9rie Design &amp; histoire, je l'ai peut-\u00eatre fait uniquement quand il \u00e9tait question de style colonial (<a rel=\"noreferrer noopener\" aria-label=\"\u00e0 lire ici (s\u2019ouvre dans un nouvel onglet)\" href=\"https:\/\/www.cocondedecoration.com\/blog\/2023\/01\/histoire-style-deco-colonial\/\" target=\"_blank\">\u00e0 lire ici<\/a>) et d'orientalisme (<a rel=\"noreferrer noopener\" aria-label=\"\u00e0 lire ici (s\u2019ouvre dans un nouvel onglet)\" href=\"https:\/\/www.cocondedecoration.com\/blog\/2023\/05\/orientalisme-style-mauresque\/\" target=\"_blank\">\u00e0 lire ici<\/a>). <br>En Asie, je suis tr\u00e8s rarement confront\u00e9 au minimalisme et comme on ne court pas pour visiter les hyper-centres de certaines villes, on passe s\u00fbrement \u00e0 c\u00f4t\u00e9 d'une forme d'architecture minimale si elle existe. En Asie, l'habitation traditionnelle prend diff\u00e9rentes formes selon la r\u00e9gion et \/ ou le pays o\u00f9 l'on se trouve. Il peut y avoir une part de simplicit\u00e9 qui induit une certaine forme de minimalisme. Je pense notamment aux maisons en bois traditionnelles sur pilotis. Mais elles se font de plus en plus rares. Il y a un fort c\u00f4t\u00e9 ostentatoire dans la culture asiatique (et particuli\u00e8rement sud-est). Il faut montrer qu'on n'a du pognon m\u00eame si on n'en a pas. Ce trait culturel peut prendre diff\u00e9rentes formes: des maisons chichement d\u00e9cor\u00e9es qui fr\u00f4lent le ridicule ou encore des cabanes en t\u00f4les ondul\u00e9es avec devant un gros 4x4 flambant neuf. Le c\u00f4t\u00e9 zen qu'on associe facilement au bouddhisme quand on est en Europe n'existe pas. Les diff\u00e9rentes formes de bouddhisme que l'on a pu rencontrer et un peu observer n'ont pas grand chose de zen.  <br><\/p>\n\n\n\n<p>Nous n'avons pas voyag\u00e9 uniquement en Asie. La p\u00e9riode Covid a \u00e9t\u00e9 pour nous l'occasion de d\u00e9couvrir d'autres pays comme l'Arm\u00e9nie et la G\u00e9orgie qui sont d'anciens pays du bloc sovi\u00e9tique. Je me souviens avoir partag\u00e9 sur les r\u00e9seaux sociaux la photo d'une grande statue tr\u00e8s angulaire et sans fioritures. J'avais encore des \"j'aime pas\", \"c'est moche\". Je trouvais qu'il y avait un c\u00f4t\u00e9 fascinant dans cette statue, malgr\u00e9 sa taille imposante, elle avait tendance \u00e0 me d\u00e9tendre. En Arm\u00e9nie toujours, j'ai aussi eu le tournis devant certaines constructions tr\u00e8s imposantes. Pas le m\u00eame tournis que celui que je ressens devant de grandes tours modernes \u00e0 Kuala Lumpur par exemple, il y avait aussi une sensation d'\u00e9crasement. Cela m'am\u00e8ne \u00e0 vous parler du constructivisme d'ex-URSS qui est apparu dans les ann\u00e9es 1920\/1930. Ce mouvement architectural est une r\u00e9volution en architecture qui m\u00eale une vision futurisme \u00e0 des convictions politiques. L'industrie, les avanc\u00e9es technologiques sont utilis\u00e9es pour cr\u00e9er des b\u00e2timents impressionnants qui sortent de l'ordinaire. Le m\u00e9tal et le verre sont les principaux mat\u00e9riaux de construction de ce mouvement. Le Corbusier est parfois consid\u00e9r\u00e9 comme un Constructiviste. <br><\/p>\n\n\n\n<p>Le Corbusier est int\u00e9ressant parce que selon ce qu'on lit, il fait partie de tel ou tel mouvement. Visiblement, il est difficile de le classer dans une seule case. C'est \u00e0 lui par exemple qu'on doit le brutalisme qui vient de l'utilisation du b\u00e9ton brut. L'architecte franco-suisse voit dans le b\u00e9ton une expression primitive, une forme de sauvage. Et c'est dr\u00f4le parce que jusqu'\u00e0 cet article, je n'associais pas n\u00e9cessairement brutalisme et Le Corbusier. Dans mon esprit, c'\u00e9tait plus une repr\u00e9sentation de certains b\u00e2timents communistes qui sont de nos jours lieux d'Urbex pour la plupart. Ces b\u00e2timents associent tailles colossales, rigueur esth\u00e9tique, b\u00e9ton... Un symbole du bloc de l'est pour moi qui suis n\u00e9e avant la chute du mur de Berlin. Le brutalisme se caract\u00e9rise par l'utilisation du b\u00e9ton mais aussi parfois du verre, du m\u00e9tal ou encore de la pierre peu travaill\u00e9e (\u00e7a nous rappelle l'Abbaye plus haut!). Il n'y a aucun ornement ou rev\u00eatement. <br><\/p>\n\n\n\n<p>Et d'ailleurs, en pr\u00e9parant cet article, je me suis pos\u00e9e une question. Je vous explique le contexte: Je suis n\u00e9e dans la derni\u00e8re d\u00e9cennie de la guerre froide, m\u00eame si le message: \"l'URSS sont les m\u00e9chants\" \u00e9tait probablement moins pr\u00e9sent \u00e0 l'\u00e9cole (qu'aux Etats-Unis par exemple), ce clivage entre bloc occidental et bloc de l'est fait partie de la culture dans laquelle j'ai baign\u00e9 (et vous aussi si vous \u00eates n\u00e9(e) avant les ann\u00e9es 90 voire 2000). Et je me demandais si ce clivage \/ propagande \/ peu importe comment on l'appelle, influence encore nos go\u00fbts en mati\u00e8re d'architecture en l'occurence. Est-ce l'une des raisons qui expliqueraient la r\u00e9action tranch\u00e9e des gens face \u00e0 de grands b\u00e2timents bruts? Ces b\u00e2timents abandonn\u00e9s ou pas restent un symbole d'une URSS r\u00e9volue et donc d'une culture qu'on n'a clairement pas appris \u00e0 aimer d\u00e8s l'\u00e9cole. Bref, je n'ai pas la r\u00e9ponse \u00e0 cette question, c'est juste un axe de r\u00e9flexion que vous pouvez creuser si le coeur vous en dit. <\/p>\n<\/div>\n\n\n\n<div class=\"wp-block-column is-layout-flow wp-block-column-is-layout-flow\">\n<figure class=\"wp-block-image\"><img loading=\"lazy\" decoding=\"async\" width=\"640\" height=\"960\" src=\"https:\/\/www.cocondedecoration.com\/blog\/wp-content\/uploads\/2023\/09\/caracteristique-definition-architecture-minimaliste-5-640x960.jpeg\" alt=\"caracteristique definition architecture minimaliste groupe d'habitation immeuble Le Corbusier Marseille couleur\" class=\"wp-image-66458\" srcset=\"https:\/\/www.cocondedecoration.com\/blog\/wp-content\/uploads\/2023\/09\/caracteristique-definition-architecture-minimaliste-5-640x960.jpeg 640w, https:\/\/www.cocondedecoration.com\/blog\/wp-content\/uploads\/2023\/09\/caracteristique-definition-architecture-minimaliste-5-260x390.jpeg 260w, https:\/\/www.cocondedecoration.com\/blog\/wp-content\/uploads\/2023\/09\/caracteristique-definition-architecture-minimaliste-5-768x1152.jpeg 768w, https:\/\/www.cocondedecoration.com\/blog\/wp-content\/uploads\/2023\/09\/caracteristique-definition-architecture-minimaliste-5-367x550.jpeg 367w, https:\/\/www.cocondedecoration.com\/blog\/wp-content\/uploads\/2023\/09\/caracteristique-definition-architecture-minimaliste-5-333x500.jpeg 333w, https:\/\/www.cocondedecoration.com\/blog\/wp-content\/uploads\/2023\/09\/caracteristique-definition-architecture-minimaliste-5.jpeg 1000w\" sizes=\"(max-width: 640px) 100vw, 640px\" \/><figcaption>archdaily.com \/ archi: Le Corbusier<\/figcaption><\/figure>\n\n\n\n<figure class=\"wp-block-image\"><img loading=\"lazy\" decoding=\"async\" width=\"640\" height=\"960\" src=\"https:\/\/www.cocondedecoration.com\/blog\/wp-content\/uploads\/2023\/09\/caracteristique-definition-architecture-minimaliste-10-640x960.jpeg\" alt=\"caracteristique definition architecture minimaliste b\u00e2timent volume structure m\u00e9tal b\u00e9ton reflet sur l'eau d\u00e9coupage\" class=\"wp-image-66464\" srcset=\"https:\/\/www.cocondedecoration.com\/blog\/wp-content\/uploads\/2023\/09\/caracteristique-definition-architecture-minimaliste-10-640x960.jpeg 640w, https:\/\/www.cocondedecoration.com\/blog\/wp-content\/uploads\/2023\/09\/caracteristique-definition-architecture-minimaliste-10-260x390.jpeg 260w, https:\/\/www.cocondedecoration.com\/blog\/wp-content\/uploads\/2023\/09\/caracteristique-definition-architecture-minimaliste-10-768x1152.jpeg 768w, https:\/\/www.cocondedecoration.com\/blog\/wp-content\/uploads\/2023\/09\/caracteristique-definition-architecture-minimaliste-10-367x550.jpeg 367w, https:\/\/www.cocondedecoration.com\/blog\/wp-content\/uploads\/2023\/09\/caracteristique-definition-architecture-minimaliste-10-333x500.jpeg 333w, https:\/\/www.cocondedecoration.com\/blog\/wp-content\/uploads\/2023\/09\/caracteristique-definition-architecture-minimaliste-10.jpeg 1000w\" sizes=\"(max-width: 640px) 100vw, 640px\" \/><figcaption>arquitecturaviva.com \/ archi: Tadao Ando <\/figcaption><\/figure>\n\n\n\n<ul class=\"wp-block-gallery columns-2 is-cropped wp-block-gallery-2 is-layout-flex wp-block-gallery-is-layout-flex\"><li class=\"blocks-gallery-item\"><figure><img loading=\"lazy\" decoding=\"async\" width=\"640\" height=\"960\" src=\"https:\/\/www.cocondedecoration.com\/blog\/wp-content\/uploads\/2023\/09\/exemple-architecture-minimaliste-mouvement-1-640x960.jpeg\" alt=\"exemple architecture minimaliste mouvement urbanisme fa\u00e7ade maison individuelle bois verre fen\u00eatre\" data-id=\"66472\" data-link=\"https:\/\/www.cocondedecoration.com\/blog\/?attachment_id=66472\" class=\"wp-image-66472\" srcset=\"https:\/\/www.cocondedecoration.com\/blog\/wp-content\/uploads\/2023\/09\/exemple-architecture-minimaliste-mouvement-1-640x960.jpeg 640w, https:\/\/www.cocondedecoration.com\/blog\/wp-content\/uploads\/2023\/09\/exemple-architecture-minimaliste-mouvement-1-260x390.jpeg 260w, https:\/\/www.cocondedecoration.com\/blog\/wp-content\/uploads\/2023\/09\/exemple-architecture-minimaliste-mouvement-1-768x1152.jpeg 768w, https:\/\/www.cocondedecoration.com\/blog\/wp-content\/uploads\/2023\/09\/exemple-architecture-minimaliste-mouvement-1-367x550.jpeg 367w, https:\/\/www.cocondedecoration.com\/blog\/wp-content\/uploads\/2023\/09\/exemple-architecture-minimaliste-mouvement-1-333x500.jpeg 333w, https:\/\/www.cocondedecoration.com\/blog\/wp-content\/uploads\/2023\/09\/exemple-architecture-minimaliste-mouvement-1.jpeg 1000w\" sizes=\"(max-width: 640px) 100vw, 640px\" \/><figcaption>dozodomo.com \/ archi: Muji<\/figcaption><\/figure><\/li><li class=\"blocks-gallery-item\"><figure><img loading=\"lazy\" decoding=\"async\" width=\"640\" height=\"960\" src=\"https:\/\/www.cocondedecoration.com\/blog\/wp-content\/uploads\/2023\/09\/exemple-architecture-minimaliste-mouvement-2-640x960.jpeg\" alt=\"exemple architecture minimaliste mouvement France immeuble b\u00e2timent moderne\" data-id=\"66473\" data-link=\"https:\/\/www.cocondedecoration.com\/blog\/?attachment_id=66473\" class=\"wp-image-66473\" srcset=\"https:\/\/www.cocondedecoration.com\/blog\/wp-content\/uploads\/2023\/09\/exemple-architecture-minimaliste-mouvement-2-640x960.jpeg 640w, https:\/\/www.cocondedecoration.com\/blog\/wp-content\/uploads\/2023\/09\/exemple-architecture-minimaliste-mouvement-2-260x390.jpeg 260w, https:\/\/www.cocondedecoration.com\/blog\/wp-content\/uploads\/2023\/09\/exemple-architecture-minimaliste-mouvement-2-768x1152.jpeg 768w, https:\/\/www.cocondedecoration.com\/blog\/wp-content\/uploads\/2023\/09\/exemple-architecture-minimaliste-mouvement-2-367x550.jpeg 367w, https:\/\/www.cocondedecoration.com\/blog\/wp-content\/uploads\/2023\/09\/exemple-architecture-minimaliste-mouvement-2-333x500.jpeg 333w, https:\/\/www.cocondedecoration.com\/blog\/wp-content\/uploads\/2023\/09\/exemple-architecture-minimaliste-mouvement-2.jpeg 1000w\" sizes=\"(max-width: 640px) 100vw, 640px\" \/><figcaption>leparisien.fr \/ archi: Rudy Ricciotti <\/figcaption><\/figure><\/li><\/ul>\n<\/div>\n<\/div>\n\n\n\n<div class=\"wp-block-columns has-2-columns is-layout-flex wp-container-core-columns-layout-6 wp-block-columns-is-layout-flex\">\n<div class=\"wp-block-column is-layout-flow wp-block-column-is-layout-flow\">\n<figure class=\"wp-block-image\"><img loading=\"lazy\" decoding=\"async\" width=\"640\" height=\"960\" src=\"https:\/\/www.cocondedecoration.com\/blog\/wp-content\/uploads\/2023\/09\/caracteristique-definition-architecture-minimaliste-6-640x960.jpeg\" alt=\"caracteristique definition architecture minimaliste int\u00e9rieur ext\u00e9rieur harmine nature vitre cloison vitr\u00e9e en verre transparence\" class=\"wp-image-66459\" srcset=\"https:\/\/www.cocondedecoration.com\/blog\/wp-content\/uploads\/2023\/09\/caracteristique-definition-architecture-minimaliste-6-640x960.jpeg 640w, https:\/\/www.cocondedecoration.com\/blog\/wp-content\/uploads\/2023\/09\/caracteristique-definition-architecture-minimaliste-6-260x390.jpeg 260w, https:\/\/www.cocondedecoration.com\/blog\/wp-content\/uploads\/2023\/09\/caracteristique-definition-architecture-minimaliste-6-768x1152.jpeg 768w, https:\/\/www.cocondedecoration.com\/blog\/wp-content\/uploads\/2023\/09\/caracteristique-definition-architecture-minimaliste-6-367x550.jpeg 367w, https:\/\/www.cocondedecoration.com\/blog\/wp-content\/uploads\/2023\/09\/caracteristique-definition-architecture-minimaliste-6-333x500.jpeg 333w, https:\/\/www.cocondedecoration.com\/blog\/wp-content\/uploads\/2023\/09\/caracteristique-definition-architecture-minimaliste-6.jpeg 1000w\" sizes=\"(max-width: 640px) 100vw, 640px\" \/><figcaption>upinteriors.com \/ archi: Mies von der Rohe<\/figcaption><\/figure>\n<\/div>\n\n\n\n<div class=\"wp-block-column is-layout-flow wp-block-column-is-layout-flow\">\n<div style=\"height:80px\" aria-hidden=\"true\" class=\"wp-block-spacer\"><\/div>\n\n\n\n<h2 class=\"wp-block-heading\">06 \u2022 Principaux acteurs de l'architecture minimaliste <\/h2>\n\n\n\n<ul><li>Mies van der Rohe (allemand naturalis\u00e9 am\u00e9ricain, 1886 - 1969) <\/li><li>Marcel Breuer (hongrois, 1902 - 1981) <\/li><li>Le Corbusier (suisse naturalis\u00e9 fran\u00e7ais, 1887 - 1965) <\/li><li>John Pawson (anglais, 1949 -) <\/li><li>Tadao Ando (japonais, 1941 -) <\/li><li>Alberto Campo Baeza (espagnol, 1946 -) <\/li><li>Donald Judd (am\u00e9ricain, 1928-1994) <\/li><li>Dan Flavin (am\u00e9ricain, 1933-1996) <\/li><li>Peter Zumthor (suisse, 1943 -)<\/li><li>Luis Barragan (mexicain 1902-1988) <\/li><\/ul>\n\n\n\n<p>Une liste de noms c'est bien joli. Je vous propose en dessous des vid\u00e9os pour visiter certaines constructions minimalistes: <\/p>\n\n\n\n<ul><li><a rel=\"noreferrer noopener\" aria-label=\"Farnsworth House (s\u2019ouvre dans un nouvel onglet)\" href=\"https:\/\/www.youtube.com\/watch?v=XZ1hpOjdkgw\" target=\"_blank\">Farnsworth House<\/a> par Mies van der Rohe <\/li><li><a rel=\"noreferrer noopener\" aria-label=\"The Glass House (s\u2019ouvre dans un nouvel onglet)\" href=\"https:\/\/www.youtube.com\/watch?v=4nkw0nULR6I\" target=\"_blank\">The Glass House<\/a> de Philip Johnson <\/li><li><a rel=\"noreferrer noopener\" aria-label=\"La Villa Savoye (s\u2019ouvre dans un nouvel onglet)\" href=\"https:\/\/www.youtube.com\/watch?v=F2LQhINrFzw\" target=\"_blank\">La Villa Savoye<\/a> de Le Corbusier (vid\u00e9o un peu plus longue que les pr\u00e9c\u00e9dentes) <\/li><li><a href=\"https:\/\/www.youtube.com\/watch?v=bVdhVs9Th2E\" target=\"_blank\" rel=\"noreferrer noopener\" aria-label=\"Studio et habitation (s\u2019ouvre dans un nouvel onglet)\">Studio et habitation<\/a> de Luis Barragan <\/li><\/ul>\n<\/div>\n<\/div>\n\n\n\n<div class=\"wp-block-columns has-2-columns is-layout-flex wp-container-core-columns-layout-7 wp-block-columns-is-layout-flex\">\n<div class=\"wp-block-column is-layout-flow wp-block-column-is-layout-flow\">\n<h2 class=\"wp-block-heading\">07 \u2022 Est-ce que le minimalisme a tu\u00e9 le style? <br><\/h2>\n\n\n\n<p>Pour en revenir \u00e0 notre conversation avec Marion et au fameux reel de d\u00e9part, on peut se demander si le minimalisme a tu\u00e9 le style. <\/p>\n\n\n\n<p>Je vais la faire courte pour le coup: le minimalisme est un mouvement \u00e0 part enti\u00e8re, une forme de style et d'esth\u00e9tique m\u00eame si cela ne plait pas \u00e0 tout le monde. Il n'y a pas besoin de tortill\u00e9 du luc. Il n'a pas tu\u00e9 le style, il envisage les choses diff\u00e9remment. Le style ne se r\u00e9sume pas qu'\u00e0 de l'apparat et des moulures pour faire joli. <br><\/p>\n\n\n\n<p>Dans sa vid\u00e9o Psychocerveau oppose d'un c\u00f4t\u00e9 ce qu'il juge \u00eatre beau et ce qu'il juge \u00eatre moche. Je ne vais pas mettre un lien vers sa vid\u00e9o. Vous cherchez \"le danger du minimalisme\" et vous devriez tomber dessus. Rien qu'avec le nom, je suis en PLS. C'est assez terrifiant que ce type ait des milliers de followers vu le contenu qu'il produit. Ce qu'il fait n'est clairement pas ma came. Mais passons, l\u00e0 n'est pas la question. On va plus s'int\u00e9resser aux exemples qu'il prend. Il oppose une s\u00e9rie d'images: un village color\u00e9 avec des fleurs et un canal oppos\u00e9 \u00e0 un immeuble en b\u00e9ton d\u00e9saffect\u00e9, un bistrot parisien style XIX\u00e8me \u00e0 un caf\u00e9 blanc \u00e9pur\u00e9 avec des chaises en bois, des bancs anciens en bois et en fer forg\u00e9 \u00e0 des bancs en m\u00e9tal contemporains. On continue sur l'opposition de deux styles d'\u00e9glises tr\u00e8s diff\u00e9rentes, l'une avec masse de d\u00e9tails et l'autre avec des formes tr\u00e8s anguleuses. Apr\u00e8s il \"\u00e9nonce\" sa th\u00e9orie en opposant une cabine t\u00e9l\u00e9phonique anglaise qu'on connait tous avec une cabine t\u00e9l\u00e9phonique fran\u00e7aise dans un sale \u00e9tat. Il met en \u00e9vidence la diff\u00e9rence esth\u00e9tique entre les deux: d'un c\u00f4t\u00e9 l'ornement comme il dit, les d\u00e9tails, la couleur. Pour lui, l'absence de d\u00e9tail est une absence de caract\u00e8re. (Julie est en PLS... tout va bien). Ensuite, il sort de je ne sais o\u00f9 que \"le beau a \u00e9t\u00e9 forc\u00e9 de laisser sa place au simple\". Ensuite sans transition, il passe \u00e0 la simplification des logos de marques am\u00e9ricaines. Il ajoute une phrase qui n'a ni queue ni t\u00eate: \"le probl\u00e8me du d\u00e9tail est qu'on n'a pas tous les m\u00eames go\u00fbts\". On repart sur de l'opposition d'images: La fa\u00e7ade \u00e0 colombage VS la fa\u00e7ade d'une construction neuve style maison de constructeur de quartier \u00e0 \"pas cher\" (rien \u00e0 voir avec une villa d'architecte). Pour lui la neutralit\u00e9, la fonctionnalit\u00e9 mis en avant emp\u00eache de se forger un avis ou d'aimer \/ ne pas aimer quelque chose. Bon clairement il y a contradiction dans son discours puisque sa th\u00e8se est que le \"minimalisme\" est dangereux et que c'est moche. Il oppose un fauteuil classique avec beaucoup de d\u00e9tails \u00e0 un fauteuil de style scandinave. Selon lui: les d\u00e9tails peuvent heurter les go\u00fbts de chacun donc on est parti sur de la neutralit\u00e9 puis il se demande si on est arriv\u00e9 \u00e0 sa d\u00e9finition du minimalisme parce que 'l'individu n'a plus rien \u00e0 dire, n'a plus rien \u00e0 appr\u00e9cier\". Passage sur la question de l'argent. Il part dans tous les sens... Apr\u00e8s, c'est tr\u00e8s dr\u00f4le parce qu'il ajoute: \"ainsi les 4 coins du monde se ressemblent, neutres sans identit\u00e9\" et il illustre ses propos avec la Statue de la Libert\u00e9 ou encore l'op\u00e9ra de Sydney et d'autres monuments qui symbolisent de grandes villes partout dans le monde. Conclusion hyper rapide: plus de couleurs, plus de culture, plus de beaut\u00e9, plus de vie. <br><\/p>\n\n\n\n<p class=\"has-small-font-size\">*** Passage Julie en PLS, qui vomit dans sa bouche, qui parle d'elle \u00e0 la troisi\u00e8me personne parce qu'elle sent son \u00e2me se d\u00e9sint\u00e9grer face \u00e0 un tel niveau de m\u00e9diocrit\u00e9 tant au niveau des exemples que de la mani\u00e8re de pr\u00e9senter les messages *** Psychocerveau, si jamais tu tombes sur cet article, je t'offre gratuitement un cours en acc\u00e9l\u00e9rer sur la communication et la mani\u00e8re de faire passer un message clair, c'est niveau seconde au lyc\u00e9e et promis, je ne serai pas condescendante *** <\/p>\n\n\n\n<p>Dans cette vid\u00e9o, il y a peu d'exemples voire pas du tout qui repr\u00e9sentent le minimalisme en tant que tel. Du coup, le minimalisme est-il dangereux? Je ne sais pas, la vid\u00e9o ne le traite pas. Est-ce qu'il a tu\u00e9 le style? Toujours pas de r\u00e9ponse. Il met juste en \u00e9vidence le fait que les styles \u00e9voluent. Il y a toujours un \"combat\" entre les anciens et les modernes. C'est valable pour la litt\u00e9rature, l'art, l'architecture. R\u00e9guli\u00e8rement, on a un refus de ce qui est \u00e9tabli, de ce qui est fait. J'ai eu l'occasion de le montrer avec par exemple l'<a rel=\"noreferrer noopener\" href=\"https:\/\/www.cocondedecoration.com\/blog\/2023\/03\/decoration-art-nouveau\/\" target=\"_blank\">Art Nouveau<\/a> qui est un refus du style Second Empire. Et justement, cette opposition permanente entre les adeptes du \"c'\u00e9tait mieux avant\" et ceux qui s'ancrent dans la modernit\u00e9 permet l'\u00e9volution des styles, la cr\u00e9ation de nouveaux mouvements. En une courte phrase, le jeune homme \u00e9voque l'argent. Et l\u00e0, on touche un point qui aurait pu \u00eatre int\u00e9ressant de creuser m\u00eame dans un format de 30 secondes. Est-ce que l'argent \/ le capitalisme a tu\u00e9 le style? Cela peut expliquer les cabines t\u00e9l\u00e9phoniques ou les bancs qui font partie du paysage urbain. La cabine londonienne est devenue un symbole de la ville mais aussi une attraction \u00e0 touristes. Les bancs en fer forg\u00e9 vont bien avec le <a href=\"https:\/\/www.cocondedecoration.com\/blog\/2023\/03\/decoration-belle-epoque\/\" target=\"_blank\" rel=\"noreferrer noopener\" aria-label=\"Paris romantique (s\u2019ouvre dans un nouvel onglet)\">Paris romantique<\/a> qu'attendent les touristes quand ils visitent la capitale. Pour aller plus loin, il aurait pu prendre aussi les bancs anti SDF dans certaines villes de France. Quelle magnifique invention un banc fait pour repousser des gens! On a quand m\u00eame d\u00e9pens\u00e9 de l'argent pour cr\u00e9er quelque chose qui stigmatise une partie de la population. Rien \u00e0 voir avec le minimalisme mais rien \u00e0 voir non plus avec l'humanit\u00e9. <br>Bref.  <\/p>\n<\/div>\n\n\n\n<div class=\"wp-block-column is-layout-flow wp-block-column-is-layout-flow\">\n<figure class=\"wp-block-image\"><img loading=\"lazy\" decoding=\"async\" width=\"640\" height=\"960\" src=\"https:\/\/www.cocondedecoration.com\/blog\/wp-content\/uploads\/2023\/09\/caracteristique-definition-architecture-minimaliste-7-640x960.jpeg\" alt=\"caracteristique definition architecture minimaliste cabane sur pilotis nature for\u00eat cube en bois fen\u00eatre jeux de volumes\" class=\"wp-image-66460\" srcset=\"https:\/\/www.cocondedecoration.com\/blog\/wp-content\/uploads\/2023\/09\/caracteristique-definition-architecture-minimaliste-7-640x960.jpeg 640w, https:\/\/www.cocondedecoration.com\/blog\/wp-content\/uploads\/2023\/09\/caracteristique-definition-architecture-minimaliste-7-260x390.jpeg 260w, https:\/\/www.cocondedecoration.com\/blog\/wp-content\/uploads\/2023\/09\/caracteristique-definition-architecture-minimaliste-7-768x1152.jpeg 768w, https:\/\/www.cocondedecoration.com\/blog\/wp-content\/uploads\/2023\/09\/caracteristique-definition-architecture-minimaliste-7-367x550.jpeg 367w, https:\/\/www.cocondedecoration.com\/blog\/wp-content\/uploads\/2023\/09\/caracteristique-definition-architecture-minimaliste-7-333x500.jpeg 333w, https:\/\/www.cocondedecoration.com\/blog\/wp-content\/uploads\/2023\/09\/caracteristique-definition-architecture-minimaliste-7.jpeg 1000w\" sizes=\"(max-width: 640px) 100vw, 640px\" \/><figcaption>dezeen.com \/ archi: Zumthor <\/figcaption><\/figure>\n\n\n\n<figure class=\"wp-block-image\"><img loading=\"lazy\" decoding=\"async\" width=\"640\" height=\"960\" src=\"https:\/\/www.cocondedecoration.com\/blog\/wp-content\/uploads\/2023\/09\/caracteristique-definition-architecture-minimaliste-11-640x960.jpeg\" alt=\"caracteristique definition architecture minimaliste int\u00e9rieur b\u00e9ton succession perspective point de fuite vitre ext\u00e9rieur\" class=\"wp-image-66465\" srcset=\"https:\/\/www.cocondedecoration.com\/blog\/wp-content\/uploads\/2023\/09\/caracteristique-definition-architecture-minimaliste-11-640x960.jpeg 640w, https:\/\/www.cocondedecoration.com\/blog\/wp-content\/uploads\/2023\/09\/caracteristique-definition-architecture-minimaliste-11-260x390.jpeg 260w, https:\/\/www.cocondedecoration.com\/blog\/wp-content\/uploads\/2023\/09\/caracteristique-definition-architecture-minimaliste-11-768x1152.jpeg 768w, https:\/\/www.cocondedecoration.com\/blog\/wp-content\/uploads\/2023\/09\/caracteristique-definition-architecture-minimaliste-11-367x550.jpeg 367w, https:\/\/www.cocondedecoration.com\/blog\/wp-content\/uploads\/2023\/09\/caracteristique-definition-architecture-minimaliste-11-333x500.jpeg 333w, https:\/\/www.cocondedecoration.com\/blog\/wp-content\/uploads\/2023\/09\/caracteristique-definition-architecture-minimaliste-11.jpeg 1000w\" sizes=\"(max-width: 640px) 100vw, 640px\" \/><figcaption>pinterest.fr \/ archi: Donald Judd<\/figcaption><\/figure>\n\n\n\n<figure class=\"wp-block-image\"><img loading=\"lazy\" decoding=\"async\" width=\"640\" height=\"960\" src=\"https:\/\/www.cocondedecoration.com\/blog\/wp-content\/uploads\/2023\/09\/caracteristique-definition-architecture-minimaliste-14-640x960.jpeg\" alt=\"caracteristique definition architecture minimaliste \u00e9glise couleur jeux de volumes et d'espaces\" class=\"wp-image-66469\" srcset=\"https:\/\/www.cocondedecoration.com\/blog\/wp-content\/uploads\/2023\/09\/caracteristique-definition-architecture-minimaliste-14-640x960.jpeg 640w, https:\/\/www.cocondedecoration.com\/blog\/wp-content\/uploads\/2023\/09\/caracteristique-definition-architecture-minimaliste-14-260x390.jpeg 260w, https:\/\/www.cocondedecoration.com\/blog\/wp-content\/uploads\/2023\/09\/caracteristique-definition-architecture-minimaliste-14-768x1152.jpeg 768w, https:\/\/www.cocondedecoration.com\/blog\/wp-content\/uploads\/2023\/09\/caracteristique-definition-architecture-minimaliste-14-367x550.jpeg 367w, https:\/\/www.cocondedecoration.com\/blog\/wp-content\/uploads\/2023\/09\/caracteristique-definition-architecture-minimaliste-14-333x500.jpeg 333w, https:\/\/www.cocondedecoration.com\/blog\/wp-content\/uploads\/2023\/09\/caracteristique-definition-architecture-minimaliste-14.jpeg 1000w\" sizes=\"(max-width: 640px) 100vw, 640px\" \/><figcaption>twitter.com \/ archi: Dan Flavin<\/figcaption><\/figure>\n<\/div>\n<\/div>\n\n\n\n<blockquote class=\"wp-block-quote\"><p><strong>A lire pour aller plus loin: <\/strong><br>Encyclop\u00e9die Britannica - <a rel=\"noreferrer noopener\" aria-label=\"Biographie de Louis Sullivan (s\u2019ouvre dans un nouvel onglet)\" href=\"https:\/\/www.britannica.com\/biography\/Louis-Sullivan\" target=\"_blank\">Biographie de Louis Sullivan<\/a> (en anglais) <br>T\u00e9l\u00e9rama - <a rel=\"noreferrer noopener\" aria-label=\"Rudy Ricciotti, architecte brut de d\u00e9coffrage (s\u2019ouvre dans un nouvel onglet)\" href=\"https:\/\/www.telerama.fr\/scenes\/rudy-ricciotti-architecte-brut-de-decoffrage,75634.php\" target=\"_blank\">Rudy Ricciotti, architecte brut de d\u00e9coffrage<\/a> <br>Architectes Paris - <a href=\"http:\/\/www.architectes-paris.info\/less-is-more-minimalisme-et-architecture\/\">Less is more : vous ne parlerez plus de minimalisme par hasard !<\/a> (je vous recommande cette lecture, l'article est tr\u00e8s agr\u00e9able)<br>Cairn Info - <a rel=\"noreferrer noopener\" aria-label=\"Architectures minimales (s\u2019ouvre dans un nouvel onglet)\" href=\"https:\/\/www.cairn.info\/revue-les-cahiers-de-mediologie-2000-1-page-63.htm\" target=\"_blank\">Architectures minimales<\/a> par Bernard Oudin (si vous aimez les lectures pompeuses) <br>Archzine - <a rel=\"noreferrer noopener\" aria-label=\"Le minimalisme en architecture contemporaine \u2013 53 photos! (s\u2019ouvre dans un nouvel onglet)\" href=\"https:\/\/archzine.fr\/lifestyle\/architecture\/le-minimalisme-en-architecture-contemporaine-en-53-photos\/\" target=\"_blank\">Le minimalisme en architecture contemporaine \u2013 53 photos!<\/a> <br>My Modern Met - <a rel=\"noreferrer noopener\" aria-label=\"Qu\u2019est-Ce Que Le Minimalisme ? Apprenez Les Subtilit\u00e9s Et L\u2019histoire De Ce Style Influent (s\u2019ouvre dans un nouvel onglet)\" href=\"https:\/\/mymodernmet.com\/fr\/quest-ce-que-le-minimalisme-definition\/\" target=\"_blank\">Qu\u2019est-Ce Que Le Minimalisme ? Apprenez Les Subtilit\u00e9s Et L\u2019histoire De Ce Style Influent<\/a> <br>Arte - <a rel=\"noreferrer noopener\" aria-label=\"Urbex Rouge (s\u2019ouvre dans un nouvel onglet)\" href=\"https:\/\/www.arte.tv\/digitalproductions\/fr\/urbex-rouge\/\" target=\"_blank\">Urbex Rouge<\/a> (vid\u00e9o non dispo mais je ne sais pas si c'est parce que je suis hors de France...) <br>Chronique d'architecture - <a rel=\"noreferrer noopener\" aria-label=\"Abstraction extr\u00eame de l\u2019architecture (s\u2019ouvre dans un nouvel onglet)\" href=\"https:\/\/chroniques-architecture.com\/abstraction-extreme-de-larchitecture\/\" target=\"_blank\">Abstraction extr\u00eame de l\u2019architecture<\/a> <br>Bbys Magazine - <a rel=\"noreferrer noopener\" aria-label=\"L'essence du minimalisme : une simplicit\u00e9 raffin\u00e9e (s\u2019ouvre dans un nouvel onglet)\" href=\"https:\/\/www.barnebys.fr\/blog\/lessence-du-minimalisme--une-simplicite-raffinee\" target=\"_blank\">L'essence du minimalisme : une simplicit\u00e9 raffin\u00e9e<\/a> <\/p><\/blockquote>\n\n\n\n<hr class=\"wp-block-separator\"\/>\n\n\n\n<p class=\"has-text-align-center has-medium-font-size\">Ne perdons pas contact \ud83d\ude42 Rejoignez moi sur <a href=\"https:\/\/www.pinterest.fr\/cocondedeco\/\" target=\"_blank\" rel=\"noopener\" title=\"\">Pinterest<\/a> |\u00a0<a href=\"https:\/\/www.threads.net\/@cocondedeco\" target=\"_blank\" rel=\"noopener\" title=\"\">Threads<\/a> | <a href=\"https:\/\/www.patreon.com\/collection\/162946?view=expanded\" target=\"_blank\" rel=\"noopener\" title=\"\">la Newsletter<\/a> <br>Vous aimez lire le blog? Vous souhaitez continuer \u00e0 le lire? <a href=\"https:\/\/www.patreon.com\/cocondedeco\" target=\"_blank\" rel=\"noopener\" title=\"\">Devenez m\u00e9c\u00e8ne<\/a> sur Patreon et contribuez \u00e0 sa survie. <\/p>\n\n\n\n<hr class=\"wp-block-separator\"\/>\n\n\n\n<div class=\"wp-block-columns has-2-columns is-layout-flex wp-container-core-columns-layout-8 wp-block-columns-is-layout-flex\">\n<div class=\"wp-block-column is-layout-flow wp-block-column-is-layout-flow\">\n<p style=\"text-align:center\" class=\"has-medium-font-size\">A lire \u00e9galement<\/p>\n\n\n<ul class=\"wp-block-latest-posts__list wp-block-latest-posts\"><li><a class=\"wp-block-latest-posts__post-title\" href=\"https:\/\/www.cocondedecoration.com\/blog\/2026\/01\/histoire-pouf-poire-sacco\/\">La petite histoire du pouf poire, le \u00ab\u00a0Sacco\u00a0\u00bb<\/a><\/li>\n<li><a class=\"wp-block-latest-posts__post-title\" href=\"https:\/\/www.cocondedecoration.com\/blog\/2026\/01\/couleur-decoration-generation\/\">Pour chaque g\u00e9n\u00e9ration, sa palette de couleurs d\u00e9co<\/a><\/li>\n<li><a class=\"wp-block-latest-posts__post-title\" href=\"https:\/\/www.cocondedecoration.com\/blog\/2025\/02\/portrait-cini-boeri\/\">Qui est Cini Boeri? Et pourquoi vous devriez la conna\u00eetre?<\/a><\/li>\n<li><a class=\"wp-block-latest-posts__post-title\" href=\"https:\/\/www.cocondedecoration.com\/blog\/2025\/02\/histoire-tabouret-tam-tam\/\">La petite histoire du tabouret TAM TAM | Abonn\u00e9\u2022e\u2022s<\/a><\/li>\n<li><a class=\"wp-block-latest-posts__post-title\" href=\"https:\/\/www.cocondedecoration.com\/blog\/2025\/01\/design-mid-century-modern\/\">Comprendre le design Mid Century Modern en 3 minutes<\/a><\/li>\n<li><a class=\"wp-block-latest-posts__post-title\" href=\"https:\/\/www.cocondedecoration.com\/blog\/2024\/11\/biographie-anna-castelli-ferrieri\/\">Qui est Anna Castelli Ferrieri? Pourquoi vous devriez la conna\u00eetre?<\/a><\/li>\n<li><a class=\"wp-block-latest-posts__post-title\" href=\"https:\/\/www.cocondedecoration.com\/blog\/2024\/10\/biographie-florence-knoll\/\">Qui est Florence Knoll? Pourquoi vous devriez la conna\u00eetre?<\/a><\/li>\n<\/ul><\/div>\n\n\n\n<div class=\"wp-block-column is-layout-flow wp-block-column-is-layout-flow\">\n<p class=\"has-text-align-center has-medium-font-size\" style=\"padding-top:var(--wp--preset--spacing--40);padding-bottom:var(--wp--preset--spacing--40)\"><strong>Devenez m\u00e9c\u00e8ne du blog <\/strong><\/p>\n\n\n\n<hr class=\"wp-block-separator has-alpha-channel-opacity is-style-wide\"\/>\n\n\n\n<p style=\"padding-right:var(--wp--preset--spacing--30);padding-left:var(--wp--preset--spacing--30)\">Soutenez mon travail sur le blog et acc\u00e9dez \u00e0 des contreparties exclusives: <\/p>\n\n\n\n<ul style=\"padding-right:var(--wp--preset--spacing--40);padding-left:var(--wp--preset--spacing--40)\">\n<li>Plusieurs centaines d'articles d\u00e9co, lifestyle &amp; voyage r\u00e9serv\u00e9s aux abonn\u00e9\u2022e\u2022s <\/li>\n\n\n\n<li>Toutes les entr\u00e9es de mon side project - mon dictionnaire nomade <\/li>\n\n\n\n<li>Une publicit\u00e9 limit\u00e9e sur les articles Patreon <\/li>\n<\/ul>\n\n\n\n<div class=\"wp-block-buttons is-content-justification-center is-layout-flex wp-container-core-buttons-layout-1 wp-block-buttons-is-layout-flex\">\n<div class=\"wp-block-button\"><a class=\"wp-block-button__link wp-element-button\" href=\"https:\/\/www.patreon.com\/cocondedeco\" target=\"_blank\" rel=\"noreferrer noopener\">Soutenir le blog maintenant<\/a><\/div>\n<\/div>\n<\/div>\n<\/div>\n\n\n\n<div class=\"wp-block-image\"><figure class=\"aligncenter\"><img loading=\"lazy\" decoding=\"async\" width=\"732\" height=\"488\" src=\"https:\/\/www.cocondedecoration.com\/blog\/wp-content\/uploads\/2023\/09\/definition-architecture-minimaliste.jpeg\" alt=\"definition architecture minimaliste origine modernisme construction verre b\u00e9ton\" class=\"wp-image-66476\" srcset=\"https:\/\/www.cocondedecoration.com\/blog\/wp-content\/uploads\/2023\/09\/definition-architecture-minimaliste.jpeg 732w, https:\/\/www.cocondedecoration.com\/blog\/wp-content\/uploads\/2023\/09\/definition-architecture-minimaliste-260x173.jpeg 260w, https:\/\/www.cocondedecoration.com\/blog\/wp-content\/uploads\/2023\/09\/definition-architecture-minimaliste-640x427.jpeg 640w, https:\/\/www.cocondedecoration.com\/blog\/wp-content\/uploads\/2023\/09\/definition-architecture-minimaliste-465x310.jpeg 465w, https:\/\/www.cocondedecoration.com\/blog\/wp-content\/uploads\/2023\/09\/definition-architecture-minimaliste-695x463.jpeg 695w\" sizes=\"(max-width: 732px) 100vw, 732px\" \/><figcaption>upinteriors.com<\/figcaption><\/figure><\/div>\n","protected":false},"excerpt":{"rendered":"<p>Cet article a commenc\u00e9 avec un message de Marion, une de mes copines en IRL qui a une formation d&rsquo;architecte et qui voyage. G\u00e9n\u00e9ralement, on parle de plans de voyage, de cimeti\u00e8res crois\u00e9s sur la route, de bouffe mais cette fois, elle me dit: \u00ab\u00a0tiens, j&rsquo;ai pens\u00e9 \u00e0 toi en<span class=\"more-link\"><a href=\"https:\/\/www.cocondedecoration.com\/blog\/2023\/09\/architecture-minimaliste-caracteristiques\/\">Lire la suite<\/a><\/span><\/p>\n","protected":false},"author":1,"featured_media":66476,"comment_status":"open","ping_status":"open","sticky":false,"template":"","format":"standard","meta":{"om_disable_all_campaigns":false,"_monsterinsights_skip_tracking":false,"_monsterinsights_sitenote_active":false,"_monsterinsights_sitenote_note":"","_monsterinsights_sitenote_category":0,"_uf_show_specific_survey":0,"_uf_disable_surveys":false,"footnotes":""},"categories":[51331,3347,36384],"tags":[51597,51646,51626,51595,41331,51592,51616,51622,51599,51593,51596,51604,51617,51605,49700,51613,51637,51602,51623,51627,51636,51633,51609,51645,51657,51655,51610,51614,51612,51638,51603,51643,51631,51642,51648,51647,51625,51630,3545,51620,51594,51651,51649,51608,51611,51618,51600,51641,51634,51650,51656,51654,51652,51639,51621,5167,51607,51606,51629,51598,51619,51601,51628,51632,51640,51653,51635,51644,51615,51624],"aioseo_notices":[],"_links":{"self":[{"href":"https:\/\/www.cocondedecoration.com\/blog\/wp-json\/wp\/v2\/posts\/66449"}],"collection":[{"href":"https:\/\/www.cocondedecoration.com\/blog\/wp-json\/wp\/v2\/posts"}],"about":[{"href":"https:\/\/www.cocondedecoration.com\/blog\/wp-json\/wp\/v2\/types\/post"}],"author":[{"embeddable":true,"href":"https:\/\/www.cocondedecoration.com\/blog\/wp-json\/wp\/v2\/users\/1"}],"replies":[{"embeddable":true,"href":"https:\/\/www.cocondedecoration.com\/blog\/wp-json\/wp\/v2\/comments?post=66449"}],"version-history":[{"count":0,"href":"https:\/\/www.cocondedecoration.com\/blog\/wp-json\/wp\/v2\/posts\/66449\/revisions"}],"wp:featuredmedia":[{"embeddable":true,"href":"https:\/\/www.cocondedecoration.com\/blog\/wp-json\/wp\/v2\/media\/66476"}],"wp:attachment":[{"href":"https:\/\/www.cocondedecoration.com\/blog\/wp-json\/wp\/v2\/media?parent=66449"}],"wp:term":[{"taxonomy":"category","embeddable":true,"href":"https:\/\/www.cocondedecoration.com\/blog\/wp-json\/wp\/v2\/categories?post=66449"},{"taxonomy":"post_tag","embeddable":true,"href":"https:\/\/www.cocondedecoration.com\/blog\/wp-json\/wp\/v2\/tags?post=66449"}],"curies":[{"name":"wp","href":"https:\/\/api.w.org\/{rel}","templated":true}]}}