{"id":6488,"date":"2014-02-03T07:00:27","date_gmt":"2014-02-03T05:00:27","guid":{"rendered":"http:\/\/www.cocondedecoration.com\/blog\/?p=6488"},"modified":"2018-07-26T10:31:14","modified_gmt":"2018-07-26T08:31:14","slug":"top-10-des-objets-deco-fevrier","status":"publish","type":"post","link":"https:\/\/www.cocondedecoration.com\/blog\/2014\/02\/top-10-des-objets-deco-fevrier\/","title":{"rendered":"Top 10 des objets d\u00e9co &#8211; F\u00e9vrier"},"content":{"rendered":"<p style=\"text-align: justify;\">En f\u00e9vrier, c'est la Saint Valentin, mais pas que, en f\u00e9vrier c'est aussi le d\u00e9but de carnaval (n'oubliez pas que je vis \u00e0 Dunkerque, patrie du carnaval). En f\u00e9vrier c'est le mois <del>o\u00f9 on se les caille<\/del> o\u00f9 il fait froid dehors et une fois que nous sommes \u00e0 l'int\u00e9rieur, on a envie d'\u00eatre au chaud, de se cocooner devant la t\u00e9l\u00e9 et de se reposer. Donc ce mois-ci je vous propose une s\u00e9lection d\u00e9co pleine de douceur et de chaleur! Il y a \u00e9videmment dans cette s\u00e9lection d'objets d\u00e9co un esprit cosy mais aussi de la couleur parce que \u00e7a fait du bien au moral...<\/p>\n<p style=\"text-align: justify;\">#1 - <strong>Un service \u00e0 th\u00e9<\/strong> pour les apr\u00e8s-midi entre copines avant d'aller chercher les enfants \u00e0 l'\u00e9cole<br \/>\n<a href=\"http:\/\/www.cocondedecoration.com\/blog\/wp-content\/uploads\/2014\/01\/monoprixantikbatikthe.jpg\"><img loading=\"lazy\" decoding=\"async\" class=\"aligncenter size-full wp-image-6489\" alt=\"monoprixantikbatikthe\" src=\"http:\/\/www.cocondedecoration.com\/blog\/wp-content\/uploads\/2014\/01\/monoprixantikbatikthe.jpg\" width=\"620\" height=\"390\" srcset=\"https:\/\/www.cocondedecoration.com\/blog\/wp-content\/uploads\/2014\/01\/monoprixantikbatikthe.jpg 620w, https:\/\/www.cocondedecoration.com\/blog\/wp-content\/uploads\/2014\/01\/monoprixantikbatikthe-260x163.jpg 260w, https:\/\/www.cocondedecoration.com\/blog\/wp-content\/uploads\/2014\/01\/monoprixantikbatikthe-600x377.jpg 600w\" sizes=\"(max-width: 620px) 100vw, 620px\" \/><\/a><a href=\"http:\/\/www.madmoizelle.com\/antik-batik-monoprix-deco-123832\" target=\"_blank\">Source<\/a><\/p>\n<p style=\"text-align: justify;\">#2 - <strong>Des bougies<\/strong> pour r\u00e9chauffer l'atmosph\u00e8re o\u00f9 juste pour un repas romantique<br \/>\n<a href=\"http:\/\/www.cocondedecoration.com\/blog\/wp-content\/uploads\/2014\/01\/bougies-ambiance.jpg\"><img loading=\"lazy\" decoding=\"async\" class=\"aligncenter size-full wp-image-6490\" alt=\"bougies ambiance\" src=\"http:\/\/www.cocondedecoration.com\/blog\/wp-content\/uploads\/2014\/01\/bougies-ambiance.jpg\" width=\"519\" height=\"350\" srcset=\"https:\/\/www.cocondedecoration.com\/blog\/wp-content\/uploads\/2014\/01\/bougies-ambiance.jpg 519w, https:\/\/www.cocondedecoration.com\/blog\/wp-content\/uploads\/2014\/01\/bougies-ambiance-260x175.jpg 260w\" sizes=\"(max-width: 519px) 100vw, 519px\" \/><\/a><a href=\"http:\/\/www.mathias-paris.com\/Page.php?lang=fr&amp;Rubrique=2&amp;Srub=1&amp;page=0\" target=\"_blank\">Source\u00a0<\/a><\/p>\n<p style=\"text-align: justify;\">#3 - <strong>Un plaid<\/strong> pour les soir\u00e9es t\u00e9l\u00e9 avec un bon bouquin<br \/>\n<a href=\"http:\/\/www.cocondedecoration.com\/blog\/wp-content\/uploads\/2014\/01\/plaid-laine-eleanor-pritchard.jpg\"><img loading=\"lazy\" decoding=\"async\" class=\"aligncenter size-large wp-image-6491\" alt=\"plaid laine-eleanor-pritchard\" src=\"http:\/\/www.cocondedecoration.com\/blog\/wp-content\/uploads\/2014\/01\/plaid-laine-eleanor-pritchard-640x640.jpg\" width=\"600\" height=\"600\" srcset=\"https:\/\/www.cocondedecoration.com\/blog\/wp-content\/uploads\/2014\/01\/plaid-laine-eleanor-pritchard-640x640.jpg 640w, https:\/\/www.cocondedecoration.com\/blog\/wp-content\/uploads\/2014\/01\/plaid-laine-eleanor-pritchard-165x165.jpg 165w, https:\/\/www.cocondedecoration.com\/blog\/wp-content\/uploads\/2014\/01\/plaid-laine-eleanor-pritchard-260x260.jpg 260w, https:\/\/www.cocondedecoration.com\/blog\/wp-content\/uploads\/2014\/01\/plaid-laine-eleanor-pritchard-600x600.jpg 600w, https:\/\/www.cocondedecoration.com\/blog\/wp-content\/uploads\/2014\/01\/plaid-laine-eleanor-pritchard-50x50.jpg 50w, https:\/\/www.cocondedecoration.com\/blog\/wp-content\/uploads\/2014\/01\/plaid-laine-eleanor-pritchard-930x930.jpg 930w, https:\/\/www.cocondedecoration.com\/blog\/wp-content\/uploads\/2014\/01\/plaid-laine-eleanor-pritchard-150x150.jpg 150w, https:\/\/www.cocondedecoration.com\/blog\/wp-content\/uploads\/2014\/01\/plaid-laine-eleanor-pritchard.jpg 1200w\" sizes=\"(max-width: 600px) 100vw, 600px\" \/><\/a><a href=\"http:\/\/www.miaow-design.fr\/boutique\/7-textiles\" target=\"_blank\">Source\u00a0<\/a>\u00a0d'ailleurs allez voir la source, c'est une jolie boutique!<\/p>\n<p style=\"text-align: justify;\">#4 - <strong>Des coussins en forme de galets<\/strong> en laine bouillie juste parce que c'est joli!<br \/>\n<a href=\"http:\/\/www.cocondedecoration.com\/blog\/wp-content\/uploads\/2014\/01\/coussin-galet.jpg\"><img loading=\"lazy\" decoding=\"async\" class=\"aligncenter size-full wp-image-6492\" alt=\"coussin galet\" src=\"http:\/\/www.cocondedecoration.com\/blog\/wp-content\/uploads\/2014\/01\/coussin-galet.jpg\" width=\"570\" height=\"760\" srcset=\"https:\/\/www.cocondedecoration.com\/blog\/wp-content\/uploads\/2014\/01\/coussin-galet.jpg 570w, https:\/\/www.cocondedecoration.com\/blog\/wp-content\/uploads\/2014\/01\/coussin-galet-260x346.jpg 260w\" sizes=\"(max-width: 570px) 100vw, 570px\" \/><\/a><a href=\"http:\/\/www.etsy.com\/fr\/listing\/91873093\/lot-de-2-coussins-galets-en-laine?ref=related-3\" target=\"_blank\">Source\u00a0<\/a><\/p>\n<p style=\"text-align: justify;\">#5 - <strong>Une nouvelle parure de lit<\/strong> parce qu'en hiver, c'est bien connu on aime rester au lit au chaud!<br \/>\n<a href=\"http:\/\/www.cocondedecoration.com\/blog\/wp-content\/uploads\/2014\/01\/linge-de-lit-hiver.jpg\"><img loading=\"lazy\" decoding=\"async\" class=\"aligncenter size-full wp-image-6493\" alt=\"linge de lit hiver\" src=\"http:\/\/www.cocondedecoration.com\/blog\/wp-content\/uploads\/2014\/01\/linge-de-lit-hiver.jpg\" width=\"570\" height=\"428\" srcset=\"https:\/\/www.cocondedecoration.com\/blog\/wp-content\/uploads\/2014\/01\/linge-de-lit-hiver.jpg 570w, https:\/\/www.cocondedecoration.com\/blog\/wp-content\/uploads\/2014\/01\/linge-de-lit-hiver-260x195.jpg 260w\" sizes=\"(max-width: 570px) 100vw, 570px\" \/><\/a><a href=\"http:\/\/www.etsy.com\/fr\/listing\/172925408\/housse-de-couette-lin-housse-de-couette?ref=sr_gallery_50&amp;ga_search_query=housse+de+couette&amp;ga_view_type=gallery&amp;ga_ship_to=FR&amp;ga_search_type=all\" target=\"_blank\">Source\u00a0<\/a><\/p>\n<p style=\"text-align: justify;\">#6 - <strong>Des plantes<\/strong> parce que \u00e7a fait du bien de voir un peu de verdure<\/p>\n<p style=\"text-align: justify;\"><a href=\"http:\/\/www.cocondedecoration.com\/blog\/wp-content\/uploads\/2014\/02\/plante-deco.jpg\"><img loading=\"lazy\" decoding=\"async\" class=\"aligncenter size-large wp-image-6574\" alt=\"plante deco\" src=\"http:\/\/www.cocondedecoration.com\/blog\/wp-content\/uploads\/2014\/02\/plante-deco-640x466.jpg\" width=\"600\" height=\"436\" srcset=\"https:\/\/www.cocondedecoration.com\/blog\/wp-content\/uploads\/2014\/02\/plante-deco-640x466.jpg 640w, https:\/\/www.cocondedecoration.com\/blog\/wp-content\/uploads\/2014\/02\/plante-deco-260x189.jpg 260w, https:\/\/www.cocondedecoration.com\/blog\/wp-content\/uploads\/2014\/02\/plante-deco-600x437.jpg 600w\" sizes=\"(max-width: 600px) 100vw, 600px\" \/><\/a><a href=\"http:\/\/www.rustica.fr\/articles-jardin\/maison-ecologique\/30-plantes-depolluantes-pour-ameliorer-votre-interieur,3067.html\" target=\"_blank\">Source <\/a><\/p>\n<p style=\"text-align: justify;\">#7 - <strong>Une petite lampe d'appoint<\/strong> pour les moments de la journ\u00e9e o\u00f9 i ne fait pas tout \u00e0 fait jour et pas tout \u00e0 fait nuit<\/p>\n<p style=\"text-align: justify;\"><a href=\"http:\/\/www.cocondedecoration.com\/blog\/wp-content\/uploads\/2014\/02\/lampe-de-table-cosy-in-white-small-muuto-harri-koskinen.jpg\"><img loading=\"lazy\" decoding=\"async\" class=\"aligncenter size-full wp-image-6575\" alt=\"lampe-de-table-cosy-in-white-small-muuto-harri-koskinen\" src=\"http:\/\/www.cocondedecoration.com\/blog\/wp-content\/uploads\/2014\/02\/lampe-de-table-cosy-in-white-small-muuto-harri-koskinen.jpg\" width=\"600\" height=\"600\" srcset=\"https:\/\/www.cocondedecoration.com\/blog\/wp-content\/uploads\/2014\/02\/lampe-de-table-cosy-in-white-small-muuto-harri-koskinen.jpg 600w, https:\/\/www.cocondedecoration.com\/blog\/wp-content\/uploads\/2014\/02\/lampe-de-table-cosy-in-white-small-muuto-harri-koskinen-165x165.jpg 165w, https:\/\/www.cocondedecoration.com\/blog\/wp-content\/uploads\/2014\/02\/lampe-de-table-cosy-in-white-small-muuto-harri-koskinen-260x260.jpg 260w, https:\/\/www.cocondedecoration.com\/blog\/wp-content\/uploads\/2014\/02\/lampe-de-table-cosy-in-white-small-muuto-harri-koskinen-50x50.jpg 50w, https:\/\/www.cocondedecoration.com\/blog\/wp-content\/uploads\/2014\/02\/lampe-de-table-cosy-in-white-small-muuto-harri-koskinen-150x150.jpg 150w\" sizes=\"(max-width: 600px) 100vw, 600px\" \/><\/a><a href=\"http:\/\/www.ganj.fr\/lampes-de-table\/7447-lampe-de-table-cosy-in-white-small-muuto-harri-koskinen.html\" target=\"_blank\">Source <\/a><\/p>\n<p style=\"text-align: justify;\">#8 - <strong>Une radio<\/strong>, mais pas n'importe laquelle, une radio qui met de la couleur \u00e0 votre quotidien<\/p>\n<p style=\"text-align: justify;\"><a href=\"http:\/\/www.cocondedecoration.com\/blog\/wp-content\/uploads\/2014\/02\/radio-Orla-Kiely-.jpg\"><img loading=\"lazy\" decoding=\"async\" class=\"aligncenter size-full wp-image-6576\" alt=\"radio Orla Kiely\" src=\"http:\/\/www.cocondedecoration.com\/blog\/wp-content\/uploads\/2014\/02\/radio-Orla-Kiely-.jpg\" width=\"400\" height=\"400\" srcset=\"https:\/\/www.cocondedecoration.com\/blog\/wp-content\/uploads\/2014\/02\/radio-Orla-Kiely-.jpg 400w, https:\/\/www.cocondedecoration.com\/blog\/wp-content\/uploads\/2014\/02\/radio-Orla-Kiely--165x165.jpg 165w, https:\/\/www.cocondedecoration.com\/blog\/wp-content\/uploads\/2014\/02\/radio-Orla-Kiely--260x260.jpg 260w, https:\/\/www.cocondedecoration.com\/blog\/wp-content\/uploads\/2014\/02\/radio-Orla-Kiely--50x50.jpg 50w, https:\/\/www.cocondedecoration.com\/blog\/wp-content\/uploads\/2014\/02\/radio-Orla-Kiely--150x150.jpg 150w\" sizes=\"(max-width: 400px) 100vw, 400px\" \/><\/a><a href=\"http:\/\/www.orlakiely.com\/uk.cfm\/house\/living\/00XP-RAD001\/15049\/Multi\/\" target=\"_blank\">Source <\/a><\/p>\n<p style=\"text-align: justify;\">#9 -<strong> Des poufs<\/strong> pour se reposer...<\/p>\n<p style=\"text-align: justify;\"><a href=\"http:\/\/www.cocondedecoration.com\/blog\/wp-content\/uploads\/2014\/02\/pouf-couleur-de\u0301co.jpg\"><img loading=\"lazy\" decoding=\"async\" class=\"aligncenter size-full wp-image-6577\" alt=\"pouf couleur de\u0301co\" src=\"http:\/\/www.cocondedecoration.com\/blog\/wp-content\/uploads\/2014\/02\/pouf-couleur-de\u0301co.jpg\" width=\"467\" height=\"700\" srcset=\"https:\/\/www.cocondedecoration.com\/blog\/wp-content\/uploads\/2014\/02\/pouf-couleur-de\u0301co.jpg 467w, https:\/\/www.cocondedecoration.com\/blog\/wp-content\/uploads\/2014\/02\/pouf-couleur-de\u0301co-260x389.jpg 260w\" sizes=\"(max-width: 467px) 100vw, 467px\" \/><\/a><a href=\"http:\/\/www.pellmellcreations.com\/2014\/01\/le-pouf-en-laine.html\" target=\"_blank\">Source <\/a><\/p>\n<p style=\"text-align: justify;\">#10 - <strong>Un tapis<\/strong>, parce que \u00e7a r\u00e9chauffe la pi\u00e8ce et les pieds...<\/p>\n<p style=\"text-align: justify;\"><a href=\"http:\/\/www.cocondedecoration.com\/blog\/wp-content\/uploads\/2014\/02\/tapis-idee-deco.jpg\"><img loading=\"lazy\" decoding=\"async\" class=\"aligncenter size-large wp-image-6578\" alt=\"tapis idee deco\" src=\"http:\/\/www.cocondedecoration.com\/blog\/wp-content\/uploads\/2014\/02\/tapis-idee-deco-640x379.jpg\" width=\"600\" height=\"355\" srcset=\"https:\/\/www.cocondedecoration.com\/blog\/wp-content\/uploads\/2014\/02\/tapis-idee-deco-640x379.jpg 640w, https:\/\/www.cocondedecoration.com\/blog\/wp-content\/uploads\/2014\/02\/tapis-idee-deco-260x154.jpg 260w, https:\/\/www.cocondedecoration.com\/blog\/wp-content\/uploads\/2014\/02\/tapis-idee-deco-600x355.jpg 600w, https:\/\/www.cocondedecoration.com\/blog\/wp-content\/uploads\/2014\/02\/tapis-idee-deco.jpg 844w\" sizes=\"(max-width: 600px) 100vw, 600px\" \/><\/a><a href=\"http:\/\/www.webtapis.fr\/productcart\/pc\/Comic-75008-65p1695.htm\" target=\"_blank\">Source <\/a><\/p>\n<p style=\"text-align: justify;\"><a href=\"http:\/\/akadesign.ca\/free-printables-for-winter\/\" target=\"_blank\">Source de l'image \u00e0 la une\u00a0<\/a><\/p>\n","protected":false},"excerpt":{"rendered":"<p>En f\u00e9vrier, c&rsquo;est la Saint Valentin, mais pas que, en f\u00e9vrier c&rsquo;est aussi le d\u00e9but de carnaval (n&rsquo;oubliez pas que je vis \u00e0 Dunkerque, patrie du carnaval). En f\u00e9vrier c&rsquo;est le mois o\u00f9 on se les caille o\u00f9 il fait froid dehors et une fois que nous sommes \u00e0 l&rsquo;int\u00e9rieur,<span class=\"more-link\"><a href=\"https:\/\/www.cocondedecoration.com\/blog\/2014\/02\/top-10-des-objets-deco-fevrier\/\">Lire la suite<\/a><\/span><\/p>\n","protected":false},"author":1,"featured_media":6494,"comment_status":"open","ping_status":"open","sticky":false,"template":"","format":"standard","meta":{"om_disable_all_campaigns":false,"_monsterinsights_skip_tracking":false,"_monsterinsights_sitenote_active":false,"_monsterinsights_sitenote_note":"","_monsterinsights_sitenote_category":0,"_uf_show_specific_survey":0,"_uf_disable_surveys":false,"footnotes":""},"categories":[2314],"tags":[1291,279,129,528,1287,425,24,349,1289,318,1290,469,1288,1246],"aioseo_notices":[],"_links":{"self":[{"href":"https:\/\/www.cocondedecoration.com\/blog\/wp-json\/wp\/v2\/posts\/6488"}],"collection":[{"href":"https:\/\/www.cocondedecoration.com\/blog\/wp-json\/wp\/v2\/posts"}],"about":[{"href":"https:\/\/www.cocondedecoration.com\/blog\/wp-json\/wp\/v2\/types\/post"}],"author":[{"embeddable":true,"href":"https:\/\/www.cocondedecoration.com\/blog\/wp-json\/wp\/v2\/users\/1"}],"replies":[{"embeddable":true,"href":"https:\/\/www.cocondedecoration.com\/blog\/wp-json\/wp\/v2\/comments?post=6488"}],"version-history":[{"count":0,"href":"https:\/\/www.cocondedecoration.com\/blog\/wp-json\/wp\/v2\/posts\/6488\/revisions"}],"wp:featuredmedia":[{"embeddable":true,"href":"https:\/\/www.cocondedecoration.com\/blog\/wp-json\/wp\/v2\/media\/6494"}],"wp:attachment":[{"href":"https:\/\/www.cocondedecoration.com\/blog\/wp-json\/wp\/v2\/media?parent=6488"}],"wp:term":[{"taxonomy":"category","embeddable":true,"href":"https:\/\/www.cocondedecoration.com\/blog\/wp-json\/wp\/v2\/categories?post=6488"},{"taxonomy":"post_tag","embeddable":true,"href":"https:\/\/www.cocondedecoration.com\/blog\/wp-json\/wp\/v2\/tags?post=6488"}],"curies":[{"name":"wp","href":"https:\/\/api.w.org\/{rel}","templated":true}]}}