{"id":6193,"date":"2013-12-23T06:48:12","date_gmt":"2013-12-23T04:48:12","guid":{"rendered":"http:\/\/www.cocondedecoration.com\/blog\/?p=6193"},"modified":"2023-09-30T09:58:59","modified_gmt":"2023-09-30T07:58:59","slug":"le-salon-decoration-et-amenagement","status":"publish","type":"post","link":"https:\/\/www.cocondedecoration.com\/blog\/2013\/12\/le-salon-decoration-et-amenagement\/","title":{"rendered":"2013 \u2013 2023: Compilation des articles qui vous aideront \u00e0 (re)d\u00e9corer votre salon"},"content":{"rendered":"\n<p>Je suis en train de remettre \u00e0 jour tous les articles du blog un par un. Les plus anciens demandent beaucoup de travail parce que les id\u00e9es ne sont plus d'actus, parce que les images sont cass\u00e9es... Bref, j'ai du boulot depuis plus de 2 mois et encore pour pas mal de mois \u00e0 venir. Comme j'ai pu le faire il y a quelques jours pour la chambre \u00e0 coucher, j'ai d\u00e9cid\u00e9 de transformer totalement cet article. Au d\u00e9part, il \u00e9tait question de faire une r\u00e9trospective de l'ann\u00e9e 2013. 10 ans apr\u00e8s, il y a eu de nombreux articles consacr\u00e9s au salon (plus de 150!). Cette r\u00e9trospective me permet de classer par th\u00e8mes cette multitude d'articles et devrait vous aider \u00e0 trouver plus facilement les infos, conseils et inspirations que vous cherchez pour re-d\u00e9corer votre pi\u00e8ce de vie. <\/p>\n\n\n\n<!--more-->\n\n\n\n<p>Votre soutien me permet de cr\u00e9er plus. Rejoignez les m\u00e9c\u00e8nes du blog pour plus d'inspirations d\u00e9co et des r\u00e9cits de voyage exclusifs. Par ailleurs si 1% des lecteur\u2022rice\u2022s du blog soutenaient financi\u00e8rement le blog, il pourrait ne plus y avoir de publicit\u00e9 ici. <\/p>\n\n\n\n<div class=\"wp-block-buttons is-content-justification-center is-layout-flex wp-container-core-buttons-layout-1 wp-block-buttons-is-layout-flex\">\n<div class=\"wp-block-button has-custom-width wp-block-button__width-50 has-custom-font-size is-style-fill has-small-font-size\"><a class=\"wp-block-button__link has-accent-font-color has-accent-background-color has-text-color has-background has-link-color wp-element-button\" href=\"https:\/\/www.patreon.com\/6009582\/join\" style=\"border-radius:25px\" target=\"_blank\" rel=\"noreferrer noopener\">Soutenir le blog sur Patreon<\/a><\/div>\n<\/div>\n\n\n\n<h2 class=\"wp-block-heading\">D\u00e9corer le salon en suivant un style \/ les tendances <\/h2>\n\n\n\n<p>En 10 ans, les styles et les tendances ont beaucoup \u00e9volu\u00e9. Il y a une bonne dizaine d'ann\u00e9es, c'\u00e9tait le style scandinave qui dominait la sph\u00e8re d\u00e9co. Lui aussi a \u00e9volu\u00e9 pour rester actuel et il plait encore beaucoup. Cependant, maintenant, la d\u00e9co notamment celle du salon est plus vari\u00e9e. Suivre un style particulier pour d\u00e9corer votre pi\u00e8ce de vie est int\u00e9ressant surtout pour l'inspiration. Les codes de chaque style sont souvent d\u00e9crypt\u00e9s (ici sur le blog ou sur les autres m\u00e9dias d\u00e9co) pour vous aider \u00e0 mettre en oeuvre votre projet d\u00e9co. <\/p>\n\n\n\n<ul><li><a rel=\"noreferrer noopener\" aria-label=\"Comment cr\u00e9er un d\u00e9cor \u00e9clectique dans le salon? (s\u2019ouvre dans un nouvel onglet)\" href=\"https:\/\/www.cocondedecoration.com\/blog\/2022\/09\/comment-creer-decor-eclectique-salon\/\" target=\"_blank\">Comment cr\u00e9er un d\u00e9cor \u00e9clectique dans le salon?<\/a> <\/li><li><a rel=\"noreferrer noopener\" aria-label=\"D\u00e9cors nature chic pour le salon (s\u2019ouvre dans un nouvel onglet)\" href=\"https:\/\/www.cocondedecoration.com\/blog\/2020\/09\/idee-deco-salon-style-nature-chic\/\" target=\"_blank\">D\u00e9cors nature chic pour le salon<\/a><\/li><li><a rel=\"noreferrer noopener\" aria-label=\"Ambiance slow living pour personnaliser la pi\u00e8ce de vie (s\u2019ouvre dans un nouvel onglet)\" href=\"https:\/\/www.cocondedecoration.com\/blog\/2020\/08\/focus-deco-fauteuil-club-salon\/\" target=\"_blank\">Ambiance slow living pour personnaliser la pi\u00e8ce de vie<\/a> <\/li><li><a rel=\"noreferrer noopener\" aria-label=\"D\u00e9corer le salon dans un style masculin (s\u2019ouvre dans un nouvel onglet)\" href=\"https:\/\/www.cocondedecoration.com\/blog\/2021\/03\/deco-salon-style-masculin\/\" target=\"_blank\">D\u00e9corer le salon dans un style masculin<\/a> <\/li><li><a rel=\"noreferrer noopener\" aria-label=\"Un salon dans le style Arty (s\u2019ouvre dans un nouvel onglet)\" href=\"https:\/\/www.cocondedecoration.com\/blog\/2020\/10\/idee-deco-salon-style-arty\/\" target=\"_blank\">Un salon dans le style Arty<\/a> <\/li><li><a rel=\"noreferrer noopener\" aria-label=\"Ambiance classique chic pour le salon (s\u2019ouvre dans un nouvel onglet)\" href=\"https:\/\/www.cocondedecoration.com\/blog\/2020\/09\/idee-deco-salon-classique-chic\/\" target=\"_blank\">Ambiance classique chic pour le salon<\/a> <\/li><li><a rel=\"noreferrer noopener\" aria-label=\"Une atmosph\u00e8re rock'n'roll dans le salon (s\u2019ouvre dans un nouvel onglet)\" href=\"https:\/\/www.cocondedecoration.com\/blog\/2020\/07\/idee-deco-une-ambiance-rock-dans-le-salon\/\" target=\"_blank\">Une atmosph\u00e8re rock'n'roll dans le salon<\/a><\/li><li><a rel=\"noreferrer noopener\" aria-label=\"D\u00e9coration f\u00e9minine et \u00e9l\u00e9gante dans le salon (s\u2019ouvre dans un nouvel onglet)\" href=\"https:\/\/www.cocondedecoration.com\/blog\/2020\/06\/idee-deco-une-ambiance-feminine-et-elegante-dans-le-salon\/\" target=\"_blank\">D\u00e9coration f\u00e9minine et \u00e9l\u00e9gante dans le salon<\/a> <\/li><li><a rel=\"noreferrer noopener\" aria-label=\"Inspirations pour un salon d\u00e9corer sur le th\u00e8me Bord de mer (s\u2019ouvre dans un nouvel onglet)\" href=\"https:\/\/www.cocondedecoration.com\/blog\/2020\/03\/idee-deco-une-ambiance-bord-de-mer-dans-le-salon\/\" target=\"_blank\">Inspirations pour un salon d\u00e9corer sur le th\u00e8me Bord de mer<\/a> <\/li><li><a rel=\"noreferrer noopener\" aria-label=\"Un salon hygge et confortable (s\u2019ouvre dans un nouvel onglet)\" href=\"https:\/\/www.cocondedecoration.com\/blog\/2018\/11\/idees-deco-un-salon-hygge-et-confortable\/\" target=\"_blank\">Un salon hygge et confortable<\/a> <\/li><li><a rel=\"noreferrer noopener\" aria-label=\"Un salon dans le style Urban Jungle (s\u2019ouvre dans un nouvel onglet)\" href=\"https:\/\/www.cocondedecoration.com\/blog\/2018\/07\/inspiration-un-salon-dans-le-style-urban-jungle\/\" target=\"_blank\">Un salon dans le style Urban Jungle<\/a> <\/li><li><a rel=\"noreferrer noopener\" aria-label=\"Inspirations pour un salon boh\u00e8me (s\u2019ouvre dans un nouvel onglet)\" href=\"https:\/\/www.cocondedecoration.com\/blog\/2018\/07\/inspiration-deco-pour-un-salon-boheme\/\" target=\"_blank\">Inspirations pour un salon boh\u00e8me<\/a> <\/li><li><a rel=\"noreferrer noopener\" aria-label=\"Inspirations scandinaves pour un salon cosy (s\u2019ouvre dans un nouvel onglet)\" href=\"https:\/\/www.cocondedecoration.com\/blog\/2014\/12\/inspirations-scandinaves-pour-un-hiver-cosy\/\" target=\"_blank\">Inspirations scandinaves pour un salon cosy<\/a><\/li><\/ul>\n\n\n\n<ul class=\"wp-block-gallery columns-2 is-cropped wp-block-gallery-1 is-layout-flex wp-block-gallery-is-layout-flex\"><li class=\"blocks-gallery-item\"><figure><img loading=\"lazy\" decoding=\"async\" width=\"640\" height=\"960\" src=\"https:\/\/www.cocondedecoration.com\/blog\/wp-content\/uploads\/2023\/09\/decoration-salon-photo-moderne-2024-1-640x960.jpeg\" alt=\"decoration salon photo moderne 2024 fauteuil vintage canap\u00e9 2 place vois sombre coussin gris plante verte d'int\u00e9rieur\" data-id=\"67659\" data-link=\"https:\/\/www.cocondedecoration.com\/blog\/2013\/12\/le-salon-decoration-et-amenagement\/decoration-salon-photo-moderne-2024-1\/\" class=\"wp-image-67659\" srcset=\"https:\/\/www.cocondedecoration.com\/blog\/wp-content\/uploads\/2023\/09\/decoration-salon-photo-moderne-2024-1-640x960.jpeg 640w, https:\/\/www.cocondedecoration.com\/blog\/wp-content\/uploads\/2023\/09\/decoration-salon-photo-moderne-2024-1-260x390.jpeg 260w, https:\/\/www.cocondedecoration.com\/blog\/wp-content\/uploads\/2023\/09\/decoration-salon-photo-moderne-2024-1-768x1152.jpeg 768w, https:\/\/www.cocondedecoration.com\/blog\/wp-content\/uploads\/2023\/09\/decoration-salon-photo-moderne-2024-1-367x550.jpeg 367w, https:\/\/www.cocondedecoration.com\/blog\/wp-content\/uploads\/2023\/09\/decoration-salon-photo-moderne-2024-1-333x500.jpeg 333w, https:\/\/www.cocondedecoration.com\/blog\/wp-content\/uploads\/2023\/09\/decoration-salon-photo-moderne-2024-1.jpeg 1000w\" sizes=\"(max-width: 640px) 100vw, 640px\" \/><figcaption>justdalal.com\n<\/figcaption><\/figure><\/li><li class=\"blocks-gallery-item\"><figure><img loading=\"lazy\" decoding=\"async\" width=\"640\" height=\"960\" src=\"https:\/\/www.cocondedecoration.com\/blog\/wp-content\/uploads\/2023\/09\/decoration-salon-photo-moderne-2024-2-640x960.jpeg\" alt=\"decoration salon photo moderne 2024 canap\u00e9 rose arrondi orginal s\u00e9jour salle \u00e0 manger\" data-id=\"67660\" data-link=\"https:\/\/www.cocondedecoration.com\/blog\/2013\/12\/le-salon-decoration-et-amenagement\/decoration-salon-photo-moderne-2024-2\/\" class=\"wp-image-67660\" srcset=\"https:\/\/www.cocondedecoration.com\/blog\/wp-content\/uploads\/2023\/09\/decoration-salon-photo-moderne-2024-2-640x960.jpeg 640w, https:\/\/www.cocondedecoration.com\/blog\/wp-content\/uploads\/2023\/09\/decoration-salon-photo-moderne-2024-2-260x390.jpeg 260w, https:\/\/www.cocondedecoration.com\/blog\/wp-content\/uploads\/2023\/09\/decoration-salon-photo-moderne-2024-2-768x1152.jpeg 768w, https:\/\/www.cocondedecoration.com\/blog\/wp-content\/uploads\/2023\/09\/decoration-salon-photo-moderne-2024-2-367x550.jpeg 367w, https:\/\/www.cocondedecoration.com\/blog\/wp-content\/uploads\/2023\/09\/decoration-salon-photo-moderne-2024-2-333x500.jpeg 333w, https:\/\/www.cocondedecoration.com\/blog\/wp-content\/uploads\/2023\/09\/decoration-salon-photo-moderne-2024-2.jpeg 1000w\" sizes=\"(max-width: 640px) 100vw, 640px\" \/><figcaption>Lauren via Pinterest<\/figcaption><\/figure><\/li><\/ul>\n\n\n\n<h2 class=\"wp-block-heading\">Quelle(s) couleur choisir pour le salon? <\/h2>\n\n\n\n<p>Je suis une grande amoureuse de la couleur. C'est un th\u00e8me que je traite r\u00e9guli\u00e8rement et ce n'est pas pr\u00eat de s'arr\u00eater vu que j'ai une s\u00e9rie d'articles \u00e0 ce propos qui est encore en pr\u00e9paration. Dans le salon, toutes les couleurs sont permises. Il ne vous reste qu'\u00e0 d\u00e9finir la ou les couleurs qui vous plaisent pour cr\u00e9er un d\u00e9cor qui vous ressemble. <\/p>\n\n\n\n<ul><li><a rel=\"noreferrer noopener\" aria-label=\"Du vert sauge dans le salon (s\u2019ouvre dans un nouvel onglet)\" href=\"https:\/\/www.cocondedecoration.com\/blog\/2020\/10\/couleur-vert-sauge-salon\/\" target=\"_blank\">Du vert sauge dans le salon<\/a> <\/li><li><a rel=\"noreferrer noopener\" aria-label=\"Une teinte sombre dans le salon (s\u2019ouvre dans un nouvel onglet)\" href=\"https:\/\/www.cocondedecoration.com\/blog\/2020\/02\/couleur-une-teinte-sombre-dans-le-salon\/\" target=\"_blank\">Une teinte sombre dans le salon<\/a> <\/li><li><a rel=\"noreferrer noopener\" aria-label=\"De quelle couleur peindre la chemin\u00e9e? (s\u2019ouvre dans un nouvel onglet)\" href=\"https:\/\/www.cocondedecoration.com\/blog\/2021\/11\/couleur-peinture-cheminee\/\" target=\"_blank\">De quelle couleur peindre la chemin\u00e9e?<\/a> <\/li><li><a rel=\"noreferrer noopener\" aria-label=\"D\u00e9corer le salon avec du jaune (s\u2019ouvre dans un nouvel onglet)\" href=\"https:\/\/www.cocondedecoration.com\/blog\/2020\/09\/couleur-jaune-salon\/\" target=\"_blank\">D\u00e9corer le salon avec du jaune<\/a> <\/li><li><a rel=\"noreferrer noopener\" aria-label=\"Du noir dans le salon (s\u2019ouvre dans un nouvel onglet)\" href=\"https:\/\/www.cocondedecoration.com\/blog\/2019\/11\/couleur-du-noir-dans-le-salon\/\" target=\"_blank\">Du noir dans le salon<\/a><\/li><li><a rel=\"noreferrer noopener\" aria-label=\"Du rose dans le salon (s\u2019ouvre dans un nouvel onglet)\" href=\"https:\/\/www.cocondedecoration.com\/blog\/2019\/07\/couleur-du-rose-dans-le-salon\/\" target=\"_blank\">Du rose dans le salon<\/a> <\/li><li><a rel=\"noreferrer noopener\" aria-label=\"D\u00e9corer le salon avec du vert (s\u2019ouvre dans un nouvel onglet)\" href=\"https:\/\/www.cocondedecoration.com\/blog\/2019\/01\/couleur-du-vert-dans-le-salon\/\" target=\"_blank\">D\u00e9corer le salon avec du vert<\/a> <\/li><li><a rel=\"noreferrer noopener\" aria-label=\"Du violet dans le salon s\u00e9jour (s\u2019ouvre dans un nouvel onglet)\" href=\"https:\/\/www.cocondedecoration.com\/blog\/2018\/11\/couleur-du-violet-dans-le-salon\/\" target=\"_blank\">Du violet dans le salon s\u00e9jour<\/a> <\/li><li><a rel=\"noreferrer noopener\" aria-label=\"Du gris dans le salon (s\u2019ouvre dans un nouvel onglet)\" href=\"https:\/\/www.cocondedecoration.com\/blog\/2018\/05\/du-gris-dans-le-salon\/\" target=\"_blank\">Du gris dans le salon<\/a> <\/li><li><a rel=\"noreferrer noopener\" aria-label=\"Du blanc dans le salon (s\u2019ouvre dans un nouvel onglet)\" href=\"https:\/\/www.cocondedecoration.com\/blog\/2017\/12\/du-blanc-dans-le-salon\/\" target=\"_blank\">Du blanc dans le salon<\/a> <\/li><li><a href=\"https:\/\/www.cocondedecoration.com\/blog\/2017\/09\/du-bleu-dans-le-salon\/\" target=\"_blank\" rel=\"noreferrer noopener\" aria-label=\"Du bleu dans le salon (s\u2019ouvre dans un nouvel onglet)\">Du bleu dans le salon<\/a><\/li><\/ul>\n\n\n\n<ul class=\"wp-block-gallery columns-2 is-cropped wp-block-gallery-2 is-layout-flex wp-block-gallery-is-layout-flex\"><li class=\"blocks-gallery-item\"><figure><img loading=\"lazy\" decoding=\"async\" width=\"640\" height=\"960\" src=\"https:\/\/www.cocondedecoration.com\/blog\/wp-content\/uploads\/2023\/09\/decoration-salon-photo-moderne-2024-3-640x960.jpeg\" alt=\"decoration salon photo moderne 2024 canap\u00e9 d'angle scandinave tapis persan table basse vintage en bois\" data-id=\"67661\" data-link=\"https:\/\/www.cocondedecoration.com\/blog\/2013\/12\/le-salon-decoration-et-amenagement\/decoration-salon-photo-moderne-2024-3\/\" class=\"wp-image-67661\" srcset=\"https:\/\/www.cocondedecoration.com\/blog\/wp-content\/uploads\/2023\/09\/decoration-salon-photo-moderne-2024-3-640x960.jpeg 640w, https:\/\/www.cocondedecoration.com\/blog\/wp-content\/uploads\/2023\/09\/decoration-salon-photo-moderne-2024-3-260x390.jpeg 260w, https:\/\/www.cocondedecoration.com\/blog\/wp-content\/uploads\/2023\/09\/decoration-salon-photo-moderne-2024-3-768x1152.jpeg 768w, https:\/\/www.cocondedecoration.com\/blog\/wp-content\/uploads\/2023\/09\/decoration-salon-photo-moderne-2024-3-367x550.jpeg 367w, https:\/\/www.cocondedecoration.com\/blog\/wp-content\/uploads\/2023\/09\/decoration-salon-photo-moderne-2024-3-333x500.jpeg 333w, https:\/\/www.cocondedecoration.com\/blog\/wp-content\/uploads\/2023\/09\/decoration-salon-photo-moderne-2024-3.jpeg 1000w\" sizes=\"(max-width: 640px) 100vw, 640px\" \/><figcaption>youtube.com\n<\/figcaption><\/figure><\/li><li class=\"blocks-gallery-item\"><figure><img loading=\"lazy\" decoding=\"async\" width=\"640\" height=\"960\" src=\"https:\/\/www.cocondedecoration.com\/blog\/wp-content\/uploads\/2023\/09\/decoration-salon-photo-moderne-2024-4-640x960.jpeg\" alt=\"decoration salon photo moderne 2024 chemin\u00e9e ancienne blanche mur gris clair meuble en bois \u00e9tag\u00e8re charmant classique sobre et simple\" data-id=\"67662\" data-link=\"https:\/\/www.cocondedecoration.com\/blog\/2013\/12\/le-salon-decoration-et-amenagement\/decoration-salon-photo-moderne-2024-4\/\" class=\"wp-image-67662\" srcset=\"https:\/\/www.cocondedecoration.com\/blog\/wp-content\/uploads\/2023\/09\/decoration-salon-photo-moderne-2024-4-640x960.jpeg 640w, https:\/\/www.cocondedecoration.com\/blog\/wp-content\/uploads\/2023\/09\/decoration-salon-photo-moderne-2024-4-260x390.jpeg 260w, https:\/\/www.cocondedecoration.com\/blog\/wp-content\/uploads\/2023\/09\/decoration-salon-photo-moderne-2024-4-768x1152.jpeg 768w, https:\/\/www.cocondedecoration.com\/blog\/wp-content\/uploads\/2023\/09\/decoration-salon-photo-moderne-2024-4-367x550.jpeg 367w, https:\/\/www.cocondedecoration.com\/blog\/wp-content\/uploads\/2023\/09\/decoration-salon-photo-moderne-2024-4-333x500.jpeg 333w, https:\/\/www.cocondedecoration.com\/blog\/wp-content\/uploads\/2023\/09\/decoration-salon-photo-moderne-2024-4.jpeg 1000w\" sizes=\"(max-width: 640px) 100vw, 640px\" \/><figcaption>youtube.com\n<\/figcaption><\/figure><\/li><\/ul>\n\n\n\n<h2 class=\"wp-block-heading\">D\u00e9corer les murs du salon s\u00e9jour <\/h2>\n\n\n\n<p>C'est pratique cette r\u00e9trospective, elle me permet de voir quelles sont les th\u00e9matiques qui pourraient \u00eatre \u00e9toff\u00e9es. J'ai consacr\u00e9 de nombreux articles sur la d\u00e9coration murales (<a href=\"https:\/\/www.cocondedecoration.com\/blog\/category\/decoration-murale\/\" target=\"_blank\" rel=\"noreferrer noopener\" aria-label=\"ils sont tous dispo ici (s\u2019ouvre dans un nouvel onglet)\">ils sont tous dispo ici<\/a>) mais au final peu sont d\u00e9di\u00e9s aux murs du salon. Il va falloir que j'y rem\u00e9die. <\/p>\n\n\n\n<ul><li><a rel=\"noreferrer noopener\" aria-label=\"S\u00e9lection de papiers peints design pour le salon  (s\u2019ouvre dans un nouvel onglet)\" href=\"https:\/\/www.cocondedecoration.com\/blog\/2023\/05\/papier-peint-design-salon\/\" target=\"_blank\">S\u00e9lection de papiers peints design pour le salon <\/a><\/li><li><a rel=\"noreferrer noopener\" aria-label=\"Cr\u00e9er un mur accent moderne dans la pi\u00e8ce de vie  (s\u2019ouvre dans un nouvel onglet)\" href=\"https:\/\/www.cocondedecoration.com\/blog\/2023\/04\/mur-accent-salon\/\" target=\"_blank\">Cr\u00e9er un mur accent moderne dans la pi\u00e8ce de vie <\/a><\/li><li><a rel=\"noreferrer noopener\" aria-label=\"Les cadres, des alli\u00e9s d\u00e9co pour le salon \/ s\u00e9jour (s\u2019ouvre dans un nouvel onglet)\" href=\"https:\/\/www.cocondedecoration.com\/blog\/2019\/09\/idee-deco-les-cadres-des-allies-deco-pour-le-salon\/\" target=\"_blank\">Les cadres, des alli\u00e9s d\u00e9co pour le salon \/ s\u00e9jour<\/a><\/li><li><a href=\"https:\/\/www.cocondedecoration.com\/blog\/2017\/07\/une-jolie-deco-autour-de-la-television\/\" target=\"_blank\" rel=\"noreferrer noopener\" aria-label=\"Une jolie d\u00e9co autour de la t\u00e9l\u00e9vision (s\u2019ouvre dans un nouvel onglet)\">Une jolie d\u00e9co autour de la t\u00e9l\u00e9vision<\/a> <\/li><\/ul>\n\n\n\n<ul class=\"wp-block-gallery columns-2 is-cropped wp-block-gallery-3 is-layout-flex wp-block-gallery-is-layout-flex\"><li class=\"blocks-gallery-item\"><figure><img loading=\"lazy\" decoding=\"async\" width=\"640\" height=\"960\" src=\"https:\/\/www.cocondedecoration.com\/blog\/wp-content\/uploads\/2023\/09\/decoration-salon-photo-moderne-2024-5-640x960.jpeg\" alt=\"decoration salon photo moderne 2024 couleur sourde peinture fonc\u00e9e couleur prune moulure \u00e9l\u00e9gante canap\u00e9 vert en velours\" data-id=\"67663\" data-link=\"https:\/\/www.cocondedecoration.com\/blog\/2013\/12\/le-salon-decoration-et-amenagement\/decoration-salon-photo-moderne-2024-5\/\" class=\"wp-image-67663\" srcset=\"https:\/\/www.cocondedecoration.com\/blog\/wp-content\/uploads\/2023\/09\/decoration-salon-photo-moderne-2024-5-640x960.jpeg 640w, https:\/\/www.cocondedecoration.com\/blog\/wp-content\/uploads\/2023\/09\/decoration-salon-photo-moderne-2024-5-260x390.jpeg 260w, https:\/\/www.cocondedecoration.com\/blog\/wp-content\/uploads\/2023\/09\/decoration-salon-photo-moderne-2024-5-768x1152.jpeg 768w, https:\/\/www.cocondedecoration.com\/blog\/wp-content\/uploads\/2023\/09\/decoration-salon-photo-moderne-2024-5-367x550.jpeg 367w, https:\/\/www.cocondedecoration.com\/blog\/wp-content\/uploads\/2023\/09\/decoration-salon-photo-moderne-2024-5-333x500.jpeg 333w, https:\/\/www.cocondedecoration.com\/blog\/wp-content\/uploads\/2023\/09\/decoration-salon-photo-moderne-2024-5.jpeg 1000w\" sizes=\"(max-width: 640px) 100vw, 640px\" \/><figcaption>d4u.ru\n<\/figcaption><\/figure><\/li><li class=\"blocks-gallery-item\"><figure><img loading=\"lazy\" decoding=\"async\" width=\"640\" height=\"960\" src=\"https:\/\/www.cocondedecoration.com\/blog\/wp-content\/uploads\/2023\/09\/decoration-salon-photo-moderne-2024-6-640x960.jpeg\" alt=\"decoration salon photo moderne 2024 d\u00e9co mur cadres affiche tendance canap\u00e9 en cuir d'angle ambiance familiale\" data-id=\"67664\" data-link=\"https:\/\/www.cocondedecoration.com\/blog\/2013\/12\/le-salon-decoration-et-amenagement\/decoration-salon-photo-moderne-2024-6\/\" class=\"wp-image-67664\" srcset=\"https:\/\/www.cocondedecoration.com\/blog\/wp-content\/uploads\/2023\/09\/decoration-salon-photo-moderne-2024-6-640x960.jpeg 640w, https:\/\/www.cocondedecoration.com\/blog\/wp-content\/uploads\/2023\/09\/decoration-salon-photo-moderne-2024-6-260x390.jpeg 260w, https:\/\/www.cocondedecoration.com\/blog\/wp-content\/uploads\/2023\/09\/decoration-salon-photo-moderne-2024-6-768x1152.jpeg 768w, https:\/\/www.cocondedecoration.com\/blog\/wp-content\/uploads\/2023\/09\/decoration-salon-photo-moderne-2024-6-367x550.jpeg 367w, https:\/\/www.cocondedecoration.com\/blog\/wp-content\/uploads\/2023\/09\/decoration-salon-photo-moderne-2024-6-333x500.jpeg 333w, https:\/\/www.cocondedecoration.com\/blog\/wp-content\/uploads\/2023\/09\/decoration-salon-photo-moderne-2024-6.jpeg 1000w\" sizes=\"(max-width: 640px) 100vw, 640px\" \/><figcaption>spacejoy.com\n<\/figcaption><\/figure><\/li><\/ul>\n\n\n\n<h2 class=\"wp-block-heading\">Petit salon - am\u00e9nagement et d\u00e9coration <\/h2>\n\n\n\n<p>J'aime les petits espaces. Pour certains, ils sont un casse-t\u00eate \u00e0 am\u00e9nager et \u00e0 d\u00e9corer. Pour moi, c'est une opportunit\u00e9 pour vous proposer des conseils et des inspirations. <\/p>\n\n\n\n<ul><li><a rel=\"noreferrer noopener\" aria-label=\"Comment am\u00e9nager un petit salon de 10m2? (s\u2019ouvre dans un nouvel onglet)\" href=\"https:\/\/www.cocondedecoration.com\/blog\/2023\/09\/plans-amenager-salon-10m2\/\" target=\"_blank\">Comment am\u00e9nager un petit salon de 10m2?<\/a> (avec plans)<\/li><li><a rel=\"noreferrer noopener\" aria-label=\"Quelle couleur choisir pour d\u00e9corer un petit salon? (s\u2019ouvre dans un nouvel onglet)\" href=\"https:\/\/www.cocondedecoration.com\/blog\/2021\/05\/couleur-petit-salon\/\" target=\"_blank\">Quelle couleur choisir pour d\u00e9corer un petit salon?<\/a> <\/li><li><a href=\"https:\/\/www.cocondedecoration.com\/blog\/2022\/10\/ou-trouver-petite-bibliotheque\/\" target=\"_blank\" rel=\"noreferrer noopener\" aria-label=\"42 petites biblioth\u00e8ques pour un int\u00e9rieur bien rang\u00e9 (s\u2019ouvre dans un nouvel onglet)\">42 petites biblioth\u00e8ques pour un int\u00e9rieur bien rang\u00e9<\/a> <\/li><li><a rel=\"noreferrer noopener\" aria-label=\"Comment gagner de la place dans le salon? (s\u2019ouvre dans un nouvel onglet)\" href=\"https:\/\/www.cocondedecoration.com\/blog\/2020\/09\/conseils-deco-gain-de-place-salon\/\" target=\"_blank\">Comment gagner de la place dans le salon?<\/a> <\/li><li><a rel=\"noreferrer noopener\" aria-label=\"O\u00f9 trouver un petit meuble t\u00e9l\u00e9?  (s\u2019ouvre dans un nouvel onglet)\" href=\"https:\/\/www.cocondedecoration.com\/blog\/2020\/01\/shopping-deco-un-petit-meuble-tele\/\" target=\"_blank\">O\u00f9 trouver un petit meuble t\u00e9l\u00e9? <\/a><\/li><li><a rel=\"noreferrer noopener\" aria-label=\"Comment d\u00e9corer et am\u00e9nager un petit salon? (s\u2019ouvre dans un nouvel onglet)\" href=\"https:\/\/www.cocondedecoration.com\/blog\/2019\/12\/conseils-deco-comment-decorer-et-amenager-un-petit-salon\/\" target=\"_blank\">Comment d\u00e9corer et am\u00e9nager un petit salon?<\/a> <\/li><li><a rel=\"noreferrer noopener\" aria-label=\"8 id\u00e9es d'am\u00e9nagement pour les petits salon (s\u2019ouvre dans un nouvel onglet)\" href=\"https:\/\/www.cocondedecoration.com\/blog\/2018\/06\/8-idees-damenagement-pour-les-petits-salons\/\" target=\"_blank\">8 id\u00e9es d'am\u00e9nagement pour les petits salon<\/a> <\/li><li><a rel=\"noreferrer noopener\" aria-label=\"10 canap\u00e9s pour un petit salon (s\u2019ouvre dans un nouvel onglet)\" href=\"https:\/\/www.cocondedecoration.com\/blog\/2018\/05\/10-canapes-pour-un-petit-salon\/\" target=\"_blank\">10 canap\u00e9s pour un petit salon<\/a><\/li><\/ul>\n\n\n\n<ul class=\"wp-block-gallery columns-2 is-cropped wp-block-gallery-4 is-layout-flex wp-block-gallery-is-layout-flex\"><li class=\"blocks-gallery-item\"><figure><img loading=\"lazy\" decoding=\"async\" width=\"640\" height=\"960\" src=\"https:\/\/www.cocondedecoration.com\/blog\/wp-content\/uploads\/2023\/09\/decoration-salon-photo-moderne-2024-7-640x960.jpeg\" alt=\"decoration salon photo moderne 2024 d\u00e9co mur cadre galerie photo fauteuil en velours vert pette biblioth\u00e8que rangement plante int\u00e9rieure\" data-id=\"67665\" data-link=\"https:\/\/www.cocondedecoration.com\/blog\/2013\/12\/le-salon-decoration-et-amenagement\/decoration-salon-photo-moderne-2024-7\/\" class=\"wp-image-67665\" srcset=\"https:\/\/www.cocondedecoration.com\/blog\/wp-content\/uploads\/2023\/09\/decoration-salon-photo-moderne-2024-7-640x960.jpeg 640w, https:\/\/www.cocondedecoration.com\/blog\/wp-content\/uploads\/2023\/09\/decoration-salon-photo-moderne-2024-7-260x390.jpeg 260w, https:\/\/www.cocondedecoration.com\/blog\/wp-content\/uploads\/2023\/09\/decoration-salon-photo-moderne-2024-7-768x1152.jpeg 768w, https:\/\/www.cocondedecoration.com\/blog\/wp-content\/uploads\/2023\/09\/decoration-salon-photo-moderne-2024-7-367x550.jpeg 367w, https:\/\/www.cocondedecoration.com\/blog\/wp-content\/uploads\/2023\/09\/decoration-salon-photo-moderne-2024-7-333x500.jpeg 333w, https:\/\/www.cocondedecoration.com\/blog\/wp-content\/uploads\/2023\/09\/decoration-salon-photo-moderne-2024-7.jpeg 1000w\" sizes=\"(max-width: 640px) 100vw, 640px\" \/><figcaption>themararose.tumblr.com\n<\/figcaption><\/figure><\/li><li class=\"blocks-gallery-item\"><figure><img loading=\"lazy\" decoding=\"async\" width=\"640\" height=\"960\" src=\"https:\/\/www.cocondedecoration.com\/blog\/wp-content\/uploads\/2023\/09\/decoration-salon-photo-moderne-2024-8-640x960.jpeg\" alt=\"decoration salon photo moderne 2024 canap\u00e9 d'angles vert en velours d\u00e9co mur grand cadre photo noir et blanc tapis beige table basse pi\u00e8tement dor\u00e9\" data-id=\"67666\" data-link=\"https:\/\/www.cocondedecoration.com\/blog\/2013\/12\/le-salon-decoration-et-amenagement\/decoration-salon-photo-moderne-2024-8\/\" class=\"wp-image-67666\" srcset=\"https:\/\/www.cocondedecoration.com\/blog\/wp-content\/uploads\/2023\/09\/decoration-salon-photo-moderne-2024-8-640x960.jpeg 640w, https:\/\/www.cocondedecoration.com\/blog\/wp-content\/uploads\/2023\/09\/decoration-salon-photo-moderne-2024-8-260x390.jpeg 260w, https:\/\/www.cocondedecoration.com\/blog\/wp-content\/uploads\/2023\/09\/decoration-salon-photo-moderne-2024-8-768x1152.jpeg 768w, https:\/\/www.cocondedecoration.com\/blog\/wp-content\/uploads\/2023\/09\/decoration-salon-photo-moderne-2024-8-367x550.jpeg 367w, https:\/\/www.cocondedecoration.com\/blog\/wp-content\/uploads\/2023\/09\/decoration-salon-photo-moderne-2024-8-333x500.jpeg 333w, https:\/\/www.cocondedecoration.com\/blog\/wp-content\/uploads\/2023\/09\/decoration-salon-photo-moderne-2024-8.jpeg 1000w\" sizes=\"(max-width: 640px) 100vw, 640px\" \/><figcaption>youtu.be\n<\/figcaption><\/figure><\/li><\/ul>\n\n\n\n<h2 class=\"wp-block-heading\">Conseils &amp; inspirations pour d\u00e9corer votre pi\u00e8ce \u00e0 vivre<\/h2>\n\n\n\n<p>Ces derni\u00e8res ann\u00e9es, j'ai vraiment \u00e9t\u00e9 loquace autour de la th\u00e9matique d\u00e9coration de salon. Cette liste vous permet de voir que je suis vraiment une accro aux coussins et housses de coussins. Ahah! J'aime cet accessoire textile parce qu'il permet de d\u00e9corer sans se ruiner, \u00e7a parle bien \u00e0 mon c\u00f4t\u00e9 cheap. Mais sur le blog, il n'est pas question que de housse de coussins. Vous trouverez un tas d'id\u00e9es pour sublimer et parfaire votre d\u00e9co, pour relooker la pi\u00e8ce de vie. <\/p>\n\n\n\n<ul><li><a rel=\"noreferrer noopener\" aria-label=\"Quelles vari\u00e9t\u00e9s de plantes choisir pour d\u00e9corer le salon? (s\u2019ouvre dans un nouvel onglet)\" href=\"https:\/\/www.cocondedecoration.com\/blog\/2023\/08\/liste-plantes-salon-salle-a-manger\/\" target=\"_blank\">Quelles vari\u00e9t\u00e9s de plantes choisir pour d\u00e9corer le salon?<\/a> <\/li><li><a rel=\"noreferrer noopener\" aria-label=\"20 mani\u00e8res de relooker le salon  (s\u2019ouvre dans un nouvel onglet)\" href=\"https:\/\/www.cocondedecoration.com\/blog\/2021\/09\/20-idees-moderniser-salon\/\" target=\"_blank\">20 mani\u00e8res de relooker le salon <\/a><\/li><li><a rel=\"noreferrer noopener\" aria-label=\"Cr\u00e9er un d\u00e9cor design &amp; tendance dans le salon (s\u2019ouvre dans un nouvel onglet)\" href=\"https:\/\/www.cocondedecoration.com\/blog\/2023\/03\/decor-salon-design\/\" target=\"_blank\">Cr\u00e9er un d\u00e9cor design &amp; tendance dans le salon<\/a> <\/li><li><a rel=\"noreferrer noopener\" aria-label=\"Quels coussins choisir pour une touche de couleur dans le canap\u00e9? (s\u2019ouvre dans un nouvel onglet)\" href=\"https:\/\/www.cocondedecoration.com\/blog\/2023\/03\/couleur-coussin-canape\/\" target=\"_blank\">Quels coussins choisir pour une touche de couleur dans le canap\u00e9?<\/a> <\/li><li><a rel=\"noreferrer noopener\" aria-label=\"30 id\u00e9es pour une d\u00e9co de salon r\u00e9ussie (s\u2019ouvre dans un nouvel onglet)\" href=\"https:\/\/www.cocondedecoration.com\/blog\/2023\/02\/reussir-decoration-salon\/\" target=\"_blank\">30 id\u00e9es pour une d\u00e9co de salon r\u00e9ussie<\/a> <\/li><li><a rel=\"noreferrer noopener\" aria-label=\"Soigner la d\u00e9co au dessus de la chemin\u00e9e (s\u2019ouvre dans un nouvel onglet)\" href=\"https:\/\/www.cocondedecoration.com\/blog\/2022\/10\/mise-en-scene-decoration-cheminee\/\" target=\"_blank\">Soigner la d\u00e9co au dessus de la chemin\u00e9e<\/a> <\/li><li><a rel=\"noreferrer noopener\" aria-label=\"20 d\u00e9cors de table basse \u00e0 copier (s\u2019ouvre dans un nouvel onglet)\" href=\"https:\/\/www.cocondedecoration.com\/blog\/2022\/09\/mise-en-scene-deco-table-basse\/\" target=\"_blank\">20 d\u00e9cors de table basse \u00e0 copier<\/a> <\/li><li><a rel=\"noreferrer noopener\" aria-label=\"Soigner les d\u00e9tails d\u00e9co du salon (s\u2019ouvre dans un nouvel onglet)\" href=\"https:\/\/www.cocondedecoration.com\/blog\/2022\/08\/details-decoration-salon\/\" target=\"_blank\">Soigner les d\u00e9tails d\u00e9co du salon<\/a> <\/li><li><a rel=\"noreferrer noopener\" aria-label=\"De la r\u00e9cup' dans le salon  (s\u2019ouvre dans un nouvel onglet)\" href=\"https:\/\/www.cocondedecoration.com\/blog\/2022\/06\/salon-decoration-recup\/\" target=\"_blank\">De la r\u00e9cup' dans le salon <\/a><\/li><li><a rel=\"noreferrer noopener\" aria-label=\"40 coussins aux couleurs du printemps (s\u2019ouvre dans un nouvel onglet)\" href=\"https:\/\/www.cocondedecoration.com\/blog\/2022\/03\/coussin-deco-printemps\/\" target=\"_blank\">40 coussins aux couleurs du printemps<\/a> <\/li><li><a rel=\"noreferrer noopener\" aria-label=\"32 coussins aux couleurs de l'automne (s\u2019ouvre dans un nouvel onglet)\" href=\"https:\/\/www.cocondedecoration.com\/blog\/2021\/10\/coussin-salon-automne\/\" target=\"_blank\">32 coussins aux couleurs de l'automne<\/a> <\/li><li><a rel=\"noreferrer noopener\" aria-label=\"Mix &amp; match: cuir et motif (s\u2019ouvre dans un nouvel onglet)\" href=\"https:\/\/www.cocondedecoration.com\/blog\/2021\/09\/canape-cuir-decoration-motif\/\" target=\"_blank\">Mix &amp; match: cuir et motif<\/a> <\/li><li><a rel=\"noreferrer noopener\" aria-label=\"Comment optimiser la lumi\u00e8re naturelle dans le salon? (s\u2019ouvre dans un nouvel onglet)\" href=\"https:\/\/www.cocondedecoration.com\/blog\/2020\/11\/comment-optimiser-lumiere-naturelle-salon\/\" target=\"_blank\">Comment optimiser la lumi\u00e8re naturelle dans le salon?<\/a> <\/li><li><a rel=\"noreferrer noopener\" aria-label=\"D\u00e9corer le salon avec des fleurs (s\u2019ouvre dans un nouvel onglet)\" href=\"https:\/\/www.cocondedecoration.com\/blog\/2020\/05\/idee-deco-decorez-le-salon-avec-des-fleurs\/\" target=\"_blank\">D\u00e9corer le salon avec des fleurs<\/a> <\/li><li><a rel=\"noreferrer noopener\" aria-label=\"Comment r\u00e9ussir l'\u00e9clairage du salon? (s\u2019ouvre dans un nouvel onglet)\" href=\"https:\/\/www.cocondedecoration.com\/blog\/2020\/04\/conseils-deco-comment-reussir-leclairage-su-salon\/\" target=\"_blank\">Comment r\u00e9ussir l'\u00e9clairage du salon?<\/a> <\/li><li><a rel=\"noreferrer noopener\" aria-label=\"Quels luminaires d'appoint pour le salon? (s\u2019ouvre dans un nouvel onglet)\" href=\"https:\/\/www.cocondedecoration.com\/blog\/2018\/12\/conseils-deco-quels-luminaires-dappoint-pour-le-salon\/\" target=\"_blank\">Quels luminaires d'appoint pour le salon?<\/a> <\/li><li><a rel=\"noreferrer noopener\" aria-label=\"D\u00e9corer et am\u00e9nager le salon - les erreurs \u00e0 \u00e9viter (s\u2019ouvre dans un nouvel onglet)\" href=\"https:\/\/www.cocondedecoration.com\/blog\/2018\/10\/decorer-et-amenager-son-salon-les-erreurs-a-eviter\/\" target=\"_blank\">D\u00e9corer et am\u00e9nager le salon - les erreurs \u00e0 \u00e9viter<\/a> <\/li><li><a rel=\"noreferrer noopener\" aria-label=\"Comment d\u00e9corer son s\u00e9jour pour le printemps? (s\u2019ouvre dans un nouvel onglet)\" href=\"https:\/\/www.cocondedecoration.com\/blog\/2018\/05\/comment-decorer-son-salon-pour-le-printemps\/\" target=\"_blank\">Comment d\u00e9corer son s\u00e9jour pour le printemps?<\/a> <\/li><li><a rel=\"noreferrer noopener\" aria-label=\"Inspirations - des plantes vertes pour le salon (s\u2019ouvre dans un nouvel onglet)\" href=\"https:\/\/www.cocondedecoration.com\/blog\/2018\/01\/des-plantes-vertes-dans-le-salon\/\" target=\"_blank\">Inspirations - des plantes vertes pour le salon<\/a> <\/li><li><a rel=\"noreferrer noopener\" aria-label=\"Comment d\u00e9corer son salon pour l'automne? (s\u2019ouvre dans un nouvel onglet)\" href=\"https:\/\/www.cocondedecoration.com\/blog\/2017\/10\/comment-decorer-son-salon-pour-lautomne\/\" target=\"_blank\">Comment d\u00e9corer son salon pour l'automne?<\/a> <\/li><li><a rel=\"noreferrer noopener\" aria-label=\"Des coussins pour un salon scandinave (s\u2019ouvre dans un nouvel onglet)\" href=\"https:\/\/www.cocondedecoration.com\/blog\/2015\/06\/10-coussins-pour-un-salon-scandinave\/\" target=\"_blank\">Des coussins pour un salon scandinave<\/a><\/li><li><a href=\"https:\/\/www.cocondedecoration.com\/blog\/2015\/03\/quels-stores-pour-mon-salon\/\" target=\"_blank\" rel=\"noreferrer noopener\" aria-label=\"Quels stores pour mon salon? (s\u2019ouvre dans un nouvel onglet)\">Quels stores pour mon salon?<\/a> <\/li><\/ul>\n\n\n\n<ul class=\"wp-block-gallery columns-2 is-cropped wp-block-gallery-5 is-layout-flex wp-block-gallery-is-layout-flex\"><li class=\"blocks-gallery-item\"><figure><img loading=\"lazy\" decoding=\"async\" width=\"640\" height=\"960\" src=\"https:\/\/www.cocondedecoration.com\/blog\/wp-content\/uploads\/2023\/09\/decoration-salon-photo-moderne-2024-9-640x960.jpeg\" alt=\"decoration salon photo moderne 2024 petit espace am\u00e9nagement canap\u00e9 bleu en velours cosy d\u00e9co mur affiches encadr\u00e9es tendance couleur\" data-id=\"67667\" data-link=\"https:\/\/www.cocondedecoration.com\/blog\/2013\/12\/le-salon-decoration-et-amenagement\/decoration-salon-photo-moderne-2024-9\/\" class=\"wp-image-67667\" srcset=\"https:\/\/www.cocondedecoration.com\/blog\/wp-content\/uploads\/2023\/09\/decoration-salon-photo-moderne-2024-9-640x960.jpeg 640w, https:\/\/www.cocondedecoration.com\/blog\/wp-content\/uploads\/2023\/09\/decoration-salon-photo-moderne-2024-9-260x390.jpeg 260w, https:\/\/www.cocondedecoration.com\/blog\/wp-content\/uploads\/2023\/09\/decoration-salon-photo-moderne-2024-9-768x1152.jpeg 768w, https:\/\/www.cocondedecoration.com\/blog\/wp-content\/uploads\/2023\/09\/decoration-salon-photo-moderne-2024-9-367x550.jpeg 367w, https:\/\/www.cocondedecoration.com\/blog\/wp-content\/uploads\/2023\/09\/decoration-salon-photo-moderne-2024-9-333x500.jpeg 333w, https:\/\/www.cocondedecoration.com\/blog\/wp-content\/uploads\/2023\/09\/decoration-salon-photo-moderne-2024-9.jpeg 1000w\" sizes=\"(max-width: 640px) 100vw, 640px\" \/><figcaption>apartmenttherapy.com\n<\/figcaption><\/figure><\/li><li class=\"blocks-gallery-item\"><figure><img loading=\"lazy\" decoding=\"async\" width=\"640\" height=\"960\" src=\"https:\/\/www.cocondedecoration.com\/blog\/wp-content\/uploads\/2023\/09\/decoration-salon-photo-moderne-2024-10-640x960.jpeg\" alt=\"decoration salon photo moderne 2024 coubassement original blanc et jaune chemin\u00e9e affiche encadr\u00e9e tendance noir et blanc\" data-id=\"67668\" data-link=\"https:\/\/www.cocondedecoration.com\/blog\/2013\/12\/le-salon-decoration-et-amenagement\/decoration-salon-photo-moderne-2024-10\/\" class=\"wp-image-67668\" srcset=\"https:\/\/www.cocondedecoration.com\/blog\/wp-content\/uploads\/2023\/09\/decoration-salon-photo-moderne-2024-10-640x960.jpeg 640w, https:\/\/www.cocondedecoration.com\/blog\/wp-content\/uploads\/2023\/09\/decoration-salon-photo-moderne-2024-10-260x390.jpeg 260w, https:\/\/www.cocondedecoration.com\/blog\/wp-content\/uploads\/2023\/09\/decoration-salon-photo-moderne-2024-10-768x1152.jpeg 768w, https:\/\/www.cocondedecoration.com\/blog\/wp-content\/uploads\/2023\/09\/decoration-salon-photo-moderne-2024-10-367x550.jpeg 367w, https:\/\/www.cocondedecoration.com\/blog\/wp-content\/uploads\/2023\/09\/decoration-salon-photo-moderne-2024-10-333x500.jpeg 333w, https:\/\/www.cocondedecoration.com\/blog\/wp-content\/uploads\/2023\/09\/decoration-salon-photo-moderne-2024-10.jpeg 1000w\" sizes=\"(max-width: 640px) 100vw, 640px\" \/><figcaption>stylebyemilyhenderson.com\n<\/figcaption><\/figure><\/li><\/ul>\n\n\n\n<h2 class=\"wp-block-heading\">Meubler le salon facilement <\/h2>\n\n\n\n<p>Je ne pensais pas avoir consacr\u00e9 autant d'article autour du mobilier de salon... En m\u00eame temps, le choix est vaste. Ce qui explique aussi le fait qu'il y ait autant d'articles \u00e0 ce propos c'est que choisir des meubles qui ne sont pas adapt\u00e9s \u00e0 votre pi\u00e8ce peut \u00eatre un probl\u00e8me. Des meubles trop grands vous donneront l'impression de manquer de place, des meubles trop petits sembleront ridicules. Bref, le but du blog est vous proposer des conseils et inspirations aussi pour meubler votre int\u00e9rieur. <\/p>\n\n\n\n<ul><li><a rel=\"noreferrer noopener\" aria-label=\"Des meubles pour un salon s\u00e9jour minimaliste (s\u2019ouvre dans un nouvel onglet)\" href=\"https:\/\/www.cocondedecoration.com\/blog\/2019\/01\/top-deco-10-meubles-pour-un-salon-minimaliste\/\" target=\"_blank\">Des meubles pour un salon s\u00e9jour minimaliste<\/a> <\/li><li><a rel=\"noreferrer noopener\" aria-label=\"O\u00f9 trouver un canap\u00e9 convertible \u00e0 moins de 500\u20ac? (s\u2019ouvre dans un nouvel onglet)\" href=\"https:\/\/www.cocondedecoration.com\/blog\/2021\/01\/ou-trouver-canape-convertible-petit-prix\/\" target=\"_blank\">O\u00f9 trouver un canap\u00e9 convertible \u00e0 moins de 500\u20ac?<\/a><\/li><li><a rel=\"noreferrer noopener\" aria-label=\"O\u00f9 trouver un canap\u00e9 vert?  (s\u2019ouvre dans un nouvel onglet)\" href=\"https:\/\/www.cocondedecoration.com\/blog\/2020\/06\/ou-trouver-un-canape-en-velours-vert\/\" target=\"_blank\">O\u00f9 trouver un canap\u00e9 vert? <\/a><\/li><li><a href=\"https:\/\/www.cocondedecoration.com\/blog\/2021\/06\/ou-trouver-fauteuil-slow-cannage\/\" target=\"_blank\" rel=\"noreferrer noopener\" aria-label=\"Les origines et l'histoire du fauteuil lounge en cannage (s\u2019ouvre dans un nouvel onglet)\">Les origines et l'histoire du fauteuil lounge en cannage<\/a> <\/li><li><a rel=\"noreferrer noopener\" aria-label=\"5 fauteuils au design iconique pour apporter de la rondeur dans sa pi\u00e8ce de vie (s\u2019ouvre dans un nouvel onglet)\" href=\"https:\/\/www.cocondedecoration.com\/blog\/2023\/06\/fauteuil-vintage-culte\/\" target=\"_blank\">5 fauteuils au design iconique pour apporter de la rondeur dans sa pi\u00e8ce de vie<\/a> <\/li><li><a rel=\"noreferrer noopener\" aria-label=\"O\u00f9 trouver des meubles mid century modern pour le salon s\u00e9jour? (s\u2019ouvre dans un nouvel onglet)\" href=\"https:\/\/www.cocondedecoration.com\/blog\/2021\/05\/ou-trouver-meuble-vintage-salon\/\" target=\"_blank\">O\u00f9 trouver des meubles mid century modern pour le salon s\u00e9jour?<\/a> <\/li><li><a rel=\"noreferrer noopener\" aria-label=\"Meubler un angle du salon pour cr\u00e9er un coin cosy (s\u2019ouvre dans un nouvel onglet)\" href=\"https:\/\/www.cocondedecoration.com\/blog\/2022\/11\/deco-cosy-angle-salon\/\" target=\"_blank\">Meubler un angle du salon pour cr\u00e9er un coin cosy<\/a> <\/li><li><a rel=\"noreferrer noopener\" aria-label=\"O\u00f9 trouver un bout de canap\u00e9 arrondi?  (s\u2019ouvre dans un nouvel onglet)\" href=\"https:\/\/www.cocondedecoration.com\/blog\/2022\/07\/ou-trouver-bout-de-canape-moderne\/\" target=\"_blank\">O\u00f9 trouver un bout de canap\u00e9 arrondi? <\/a><\/li><li><a rel=\"noreferrer noopener\" aria-label=\"Soldes - des canap\u00e9s \u00e0 petit prix (s\u2019ouvre dans un nouvel onglet)\" href=\"https:\/\/www.cocondedecoration.com\/blog\/2022\/06\/soldes-canape-pas-cher\/\" target=\"_blank\">Soldes - des canap\u00e9s \u00e0 petit prix<\/a> <\/li><li><a rel=\"noreferrer noopener\" aria-label=\"S\u00e9lection de canap\u00e9s en cuir pour un espace \u00e0 vivre moderne et chaleureux (s\u2019ouvre dans un nouvel onglet)\" href=\"https:\/\/www.cocondedecoration.com\/blog\/2021\/02\/canape-cuir-salon-moderne\/\" target=\"_blank\">S\u00e9lection de canap\u00e9s en cuir pour un espace \u00e0 vivre moderne et chaleureux<\/a> <\/li><li><a rel=\"noreferrer noopener\" aria-label=\"O\u00f9 trouver un fauteuil d\u00e9co \u00e0 moins de 100\u20ac? (s\u2019ouvre dans un nouvel onglet)\" href=\"https:\/\/www.cocondedecoration.com\/blog\/2021\/02\/ou-trouver-fauteuil-pas-cher\/\" target=\"_blank\">O\u00f9 trouver un fauteuil d\u00e9co \u00e0 moins de 100\u20ac?<\/a> <\/li><li><a rel=\"noreferrer noopener\" aria-label=\"Le fauteuil Club pour donner du cachet au salon (s\u2019ouvre dans un nouvel onglet)\" href=\"https:\/\/www.cocondedecoration.com\/blog\/2020\/08\/focus-deco-fauteuil-club-salon\/\" target=\"_blank\">Le fauteuil Club pour donner du cachet au salon<\/a> <\/li><li><a rel=\"noreferrer noopener\" aria-label=\"O\u00f9 trouver une table basse en rotin (s\u2019ouvre dans un nouvel onglet)\" href=\"https:\/\/www.cocondedecoration.com\/blog\/2020\/08\/ou-trouver-une-table-basse-en-rotin\/\" target=\"_blank\">O\u00f9 trouver une table basse en rotin?<\/a><\/li><li><a rel=\"noreferrer noopener\" aria-label=\"O\u00f9 trouver une table basse avec un pi\u00e8tement dor\u00e9? (s\u2019ouvre dans un nouvel onglet)\" href=\"https:\/\/www.cocondedecoration.com\/blog\/2020\/07\/ou-trouver-une-table-basse-avec-un-pietement-dore\/\" target=\"_blank\">O\u00f9 trouver une table basse avec un pi\u00e8tement dor\u00e9?<\/a>  <\/li><li><a rel=\"noreferrer noopener\" aria-label=\"O\u00f9 trouver un canap\u00e9 rose en velours? (s\u2019ouvre dans un nouvel onglet)\" href=\"https:\/\/www.cocondedecoration.com\/blog\/2020\/06\/ou-trouver-un-canape-en-velours-rose\/\" target=\"_blank\">O\u00f9 trouver un canap\u00e9 rose en velours?<\/a> <\/li><li><a rel=\"noreferrer noopener\" aria-label=\"Tout savoir sur le canap\u00e9 d'angle (s\u2019ouvre dans un nouvel onglet)\" href=\"https:\/\/www.cocondedecoration.com\/blog\/2020\/05\/conseils-deco-tout-savoir-sur-le-canape-dangle\/\" target=\"_blank\">Tout savoir sur le canap\u00e9 d'angle<\/a> <\/li><li><a rel=\"noreferrer noopener\" aria-label=\"Des \u00e9tag\u00e8res dans le salon \u2028 (s\u2019ouvre dans un nouvel onglet)\" href=\"https:\/\/www.cocondedecoration.com\/blog\/2017\/05\/des-etageres-dans-le-salon\/\" target=\"_blank\">Des \u00e9tag\u00e8res dans le salon <\/a><\/li><li><a rel=\"noreferrer noopener\" aria-label=\"Comment bien choisir sa table basse? (s\u2019ouvre dans un nouvel onglet)\" href=\"https:\/\/www.cocondedecoration.com\/blog\/2018\/10\/conseils-deco-comment-bien-choisir-sa-table-basse\/\" target=\"_blank\">Comment bien choisir sa table basse?<\/a> <\/li><\/ul>\n\n\n\n<ul class=\"wp-block-gallery columns-2 is-cropped wp-block-gallery-6 is-layout-flex wp-block-gallery-is-layout-flex\"><li class=\"blocks-gallery-item\"><figure><img loading=\"lazy\" decoding=\"async\" width=\"640\" height=\"960\" src=\"https:\/\/www.cocondedecoration.com\/blog\/wp-content\/uploads\/2023\/09\/decoration-salon-photo-moderne-2024-11-640x960.jpeg\" alt=\"decoration salon photo moderne 2024 grande quantit\u00e9 de blanc mur et canap\u00e9 sol tapis color\u00e9 fauteuil orange\" data-id=\"67669\" data-link=\"https:\/\/www.cocondedecoration.com\/blog\/2013\/12\/le-salon-decoration-et-amenagement\/decoration-salon-photo-moderne-2024-11\/\" class=\"wp-image-67669\" srcset=\"https:\/\/www.cocondedecoration.com\/blog\/wp-content\/uploads\/2023\/09\/decoration-salon-photo-moderne-2024-11-640x960.jpeg 640w, https:\/\/www.cocondedecoration.com\/blog\/wp-content\/uploads\/2023\/09\/decoration-salon-photo-moderne-2024-11-260x390.jpeg 260w, https:\/\/www.cocondedecoration.com\/blog\/wp-content\/uploads\/2023\/09\/decoration-salon-photo-moderne-2024-11-768x1152.jpeg 768w, https:\/\/www.cocondedecoration.com\/blog\/wp-content\/uploads\/2023\/09\/decoration-salon-photo-moderne-2024-11-367x550.jpeg 367w, https:\/\/www.cocondedecoration.com\/blog\/wp-content\/uploads\/2023\/09\/decoration-salon-photo-moderne-2024-11-333x500.jpeg 333w, https:\/\/www.cocondedecoration.com\/blog\/wp-content\/uploads\/2023\/09\/decoration-salon-photo-moderne-2024-11.jpeg 1000w\" sizes=\"(max-width: 640px) 100vw, 640px\" \/><figcaption>ruemag.com\n<\/figcaption><\/figure><\/li><li class=\"blocks-gallery-item\"><figure><img loading=\"lazy\" decoding=\"async\" width=\"640\" height=\"960\" src=\"https:\/\/www.cocondedecoration.com\/blog\/wp-content\/uploads\/2023\/09\/decoration-salon-photo-moderne-2024-12-640x960.jpeg\" alt=\"decoration salon photo moderne 2024 s\u00e9jour lumi\u00e8re naturelle chaude canap\u00e9 familial \u00e9cru affiche cadre tableau fauteuil vintage tapis rayure noir et blanc\" data-id=\"67670\" data-link=\"https:\/\/www.cocondedecoration.com\/blog\/2013\/12\/le-salon-decoration-et-amenagement\/decoration-salon-photo-moderne-2024-12\/\" class=\"wp-image-67670\" srcset=\"https:\/\/www.cocondedecoration.com\/blog\/wp-content\/uploads\/2023\/09\/decoration-salon-photo-moderne-2024-12-640x960.jpeg 640w, https:\/\/www.cocondedecoration.com\/blog\/wp-content\/uploads\/2023\/09\/decoration-salon-photo-moderne-2024-12-260x390.jpeg 260w, https:\/\/www.cocondedecoration.com\/blog\/wp-content\/uploads\/2023\/09\/decoration-salon-photo-moderne-2024-12-768x1152.jpeg 768w, https:\/\/www.cocondedecoration.com\/blog\/wp-content\/uploads\/2023\/09\/decoration-salon-photo-moderne-2024-12-367x550.jpeg 367w, https:\/\/www.cocondedecoration.com\/blog\/wp-content\/uploads\/2023\/09\/decoration-salon-photo-moderne-2024-12-333x500.jpeg 333w, https:\/\/www.cocondedecoration.com\/blog\/wp-content\/uploads\/2023\/09\/decoration-salon-photo-moderne-2024-12.jpeg 1000w\" sizes=\"(max-width: 640px) 100vw, 640px\" \/><figcaption>southernliving.com\n<\/figcaption><\/figure><\/li><\/ul>\n\n\n\n<h2 class=\"wp-block-heading\">Plus d'id\u00e9es pour d\u00e9corer, am\u00e9nager, meubler votre salon <\/h2>\n\n\n\n<p>Et si dans tous les articles pr\u00e9c\u00e9dents, vous n'avez pas trouver votre bonheur, voici encore une nouvelle liste d'articles autour du salon: <\/p>\n\n\n\n<ul><li><a rel=\"noreferrer noopener\" aria-label=\"Des claustras dans le salon (s\u2019ouvre dans un nouvel onglet)\" href=\"https:\/\/www.cocondedecoration.com\/blog\/2020\/01\/idee-deco-des-claustras-dans-le-salon\/\" target=\"_blank\">Des claustras dans le salon<\/a> <\/li><li><a rel=\"noreferrer noopener\" aria-label=\"Comment cr\u00e9er un coin lecture dans le salon? (s\u2019ouvre dans un nouvel onglet)\" href=\"https:\/\/www.cocondedecoration.com\/blog\/2018\/03\/comment-creer-un-coin-lecture-dans-le-salon\/\" target=\"_blank\">Comment cr\u00e9er un coin lecture dans le salon?<\/a> <\/li><li><a rel=\"noreferrer noopener\" aria-label=\"Escaliers ouverts dans le salon  (s\u2019ouvre dans un nouvel onglet)\" href=\"https:\/\/www.cocondedecoration.com\/blog\/2021\/08\/escalier-ouvert-salon\/\" target=\"_blank\">Escaliers ouverts dans le salon <\/a><\/li><li><a rel=\"noreferrer noopener\" aria-label=\"20 id\u00e9es \u00e0 copier pour installer un bureau dans le salon (s\u2019ouvre dans un nouvel onglet)\" href=\"https:\/\/www.cocondedecoration.com\/blog\/2021\/04\/idees-a-copier-bureau-salon\/\" target=\"_blank\">20 id\u00e9es \u00e0 copier pour installer un bureau dans le salon<\/a> <\/li><li><a rel=\"noreferrer noopener\" aria-label=\"Id\u00e9es d\u00e9co pour un salon moderne sous les combles (s\u2019ouvre dans un nouvel onglet)\" href=\"https:\/\/www.cocondedecoration.com\/blog\/2021\/03\/deco-salon-moderne-sous-combles\/\" target=\"_blank\">Id\u00e9es d\u00e9co pour un salon moderne sous les combles<\/a> <\/li><li><a rel=\"noreferrer noopener\" aria-label=\"Un salon \u00e0 la d\u00e9co \u00e9co-responsable (s\u2019ouvre dans un nouvel onglet)\" href=\"https:\/\/www.cocondedecoration.com\/blog\/2020\/10\/deco-durable-salon-eco-responsable\/\" target=\"_blank\">Un salon \u00e0 la d\u00e9co \u00e9co-responsable<\/a> <\/li><li><a rel=\"noreferrer noopener\" aria-label=\"Des rangements pour un salon minimaliste (s\u2019ouvre dans un nouvel onglet)\" href=\"https:\/\/www.cocondedecoration.com\/blog\/2020\/04\/slow-deco-des-rangements-pour-un-salon-minimaliste\/\" target=\"_blank\">Des rangements pour un salon minimaliste<\/a> <\/li><li><a rel=\"noreferrer noopener\" aria-label=\"Quel rev\u00eatement de sol pour le salon? (s\u2019ouvre dans un nouvel onglet)\" href=\"https:\/\/www.cocondedecoration.com\/blog\/2019\/08\/conseils-deco-quel-revetement-de-sol-pour-le-salon\/\" target=\"_blank\">Quel rev\u00eatement de sol pour le salon?<\/a> <\/li><li><a rel=\"noreferrer noopener\" aria-label=\"Comment am\u00e9liorer le confort dans le salon \/ s\u00e9jour? (s\u2019ouvre dans un nouvel onglet)\" href=\"https:\/\/www.cocondedecoration.com\/blog\/2018\/04\/comment-ameliorer-le-confort-de-son-salon\/\" target=\"_blank\">Comment am\u00e9liorer le confort dans le salon \/ s\u00e9jour?<\/a> <\/li><li><a rel=\"noreferrer noopener\" aria-label=\"Un salon sous les combles (s\u2019ouvre dans un nouvel onglet)\" href=\"https:\/\/www.cocondedecoration.com\/blog\/2018\/02\/un-salon-sous-les-combles\/\" target=\"_blank\">Un salon sous les combles<\/a> <\/li><li><a rel=\"noreferrer noopener\" aria-label=\"Un salon sous le signe du minimalisme japonais (s\u2019ouvre dans un nouvel onglet)\" href=\"https:\/\/www.cocondedecoration.com\/blog\/2017\/10\/un-salon-sous-le-signe-du-minimalisme-japonais\/\" target=\"_blank\">Un salon sous le signe du minimalisme japonais<\/a><\/li><\/ul>\n\n\n\n<ul class=\"wp-block-gallery columns-2 is-cropped wp-block-gallery-7 is-layout-flex wp-block-gallery-is-layout-flex\"><li class=\"blocks-gallery-item\"><figure><img loading=\"lazy\" decoding=\"async\" width=\"640\" height=\"960\" src=\"https:\/\/www.cocondedecoration.com\/blog\/wp-content\/uploads\/2023\/09\/decoration-salon-photo-moderne-2024-13-640x960.jpeg\" alt=\"decoration salon photo moderne 2024 color bloc couleur mur vert  et rose rideau assorti canap\u00e9 jaune original plein de vie\" data-id=\"67671\" data-link=\"https:\/\/www.cocondedecoration.com\/blog\/2013\/12\/le-salon-decoration-et-amenagement\/decoration-salon-photo-moderne-2024-13\/\" class=\"wp-image-67671\" srcset=\"https:\/\/www.cocondedecoration.com\/blog\/wp-content\/uploads\/2023\/09\/decoration-salon-photo-moderne-2024-13-640x960.jpeg 640w, https:\/\/www.cocondedecoration.com\/blog\/wp-content\/uploads\/2023\/09\/decoration-salon-photo-moderne-2024-13-260x390.jpeg 260w, https:\/\/www.cocondedecoration.com\/blog\/wp-content\/uploads\/2023\/09\/decoration-salon-photo-moderne-2024-13-768x1152.jpeg 768w, https:\/\/www.cocondedecoration.com\/blog\/wp-content\/uploads\/2023\/09\/decoration-salon-photo-moderne-2024-13-367x550.jpeg 367w, https:\/\/www.cocondedecoration.com\/blog\/wp-content\/uploads\/2023\/09\/decoration-salon-photo-moderne-2024-13-333x500.jpeg 333w, https:\/\/www.cocondedecoration.com\/blog\/wp-content\/uploads\/2023\/09\/decoration-salon-photo-moderne-2024-13.jpeg 1000w\" sizes=\"(max-width: 640px) 100vw, 640px\" \/><figcaption>youtu.be\n<\/figcaption><\/figure><\/li><li class=\"blocks-gallery-item\"><figure><img loading=\"lazy\" decoding=\"async\" width=\"640\" height=\"960\" src=\"https:\/\/www.cocondedecoration.com\/blog\/wp-content\/uploads\/2023\/09\/decoration-salon-photo-moderne-2024-14-640x960.jpeg\" alt=\"decoration salon photo moderne 2024 chemin\u00e9e bois po\u00eale couleur vert clair parquet en chevrons fauteuil gris cosy\" data-id=\"67672\" data-link=\"https:\/\/www.cocondedecoration.com\/blog\/2013\/12\/le-salon-decoration-et-amenagement\/decoration-salon-photo-moderne-2024-14\/\" class=\"wp-image-67672\" srcset=\"https:\/\/www.cocondedecoration.com\/blog\/wp-content\/uploads\/2023\/09\/decoration-salon-photo-moderne-2024-14-640x960.jpeg 640w, https:\/\/www.cocondedecoration.com\/blog\/wp-content\/uploads\/2023\/09\/decoration-salon-photo-moderne-2024-14-260x390.jpeg 260w, https:\/\/www.cocondedecoration.com\/blog\/wp-content\/uploads\/2023\/09\/decoration-salon-photo-moderne-2024-14-768x1152.jpeg 768w, https:\/\/www.cocondedecoration.com\/blog\/wp-content\/uploads\/2023\/09\/decoration-salon-photo-moderne-2024-14-367x550.jpeg 367w, https:\/\/www.cocondedecoration.com\/blog\/wp-content\/uploads\/2023\/09\/decoration-salon-photo-moderne-2024-14-333x500.jpeg 333w, https:\/\/www.cocondedecoration.com\/blog\/wp-content\/uploads\/2023\/09\/decoration-salon-photo-moderne-2024-14.jpeg 1000w\" sizes=\"(max-width: 640px) 100vw, 640px\" \/><figcaption>youtu.be\n<\/figcaption><\/figure><\/li><\/ul>\n\n\n\n<p>Voil\u00e0 c'est la fin de cette mise \u00e0 jour \/ r\u00e9trospective \/ compilation de 10 ans d'articles. Il y en a encore d'autres mais je trouvais que cette liste \u00e9tait d\u00e9j\u00e0 suffisamment longue. J'essaierai \u00e0 l'avenir de ne plus attendre une d\u00e9cennie pour mettre \u00e0 jour cet article! J'esp\u00e8re qu'il vous aura donn\u00e9 des id\u00e9es pour cr\u00e9er une pi\u00e8ce \u00e0 vivre agr\u00e9able, dans laquelle vous vous sentirez bien et qui vous ressemble. <\/p>\n\n\n\n<h2 class=\"wp-block-heading\">Guides d\u00e9co: meublez et am\u00e9nagez facilement votre salon <\/h2>\n\n\n\n<div class=\"wp-block-cb-carousel\" data-slick=\"{&quot;slidesToShow&quot;:3,&quot;slidesToScroll&quot;:1,&quot;speed&quot;:300,&quot;arrows&quot;:true,&quot;dots&quot;:false,&quot;autoplay&quot;:false,&quot;autoplaySpeed&quot;:3000,&quot;infinite&quot;:true,&quot;responsive&quot;:[{&quot;breakpoint&quot;:769,&quot;settings&quot;:{&quot;slidesToShow&quot;:1,&quot;slidesToScroll&quot;:1}}]}\">\n<div class=\"wp-block-cb-slide\">\n<figure class=\"wp-block-image size-large\"><a href=\"https:\/\/www.cocondedecoration.com\/blog\/wp-content\/uploads\/2025\/11\/guide-deco-meuble-salon-1.png\"><img loading=\"lazy\" decoding=\"async\" width=\"640\" height=\"960\" src=\"https:\/\/www.cocondedecoration.com\/blog\/wp-content\/uploads\/2025\/11\/guide-deco-meuble-salon-1-640x960.png\" alt=\"guide d\u00e9co meuble salon bien choisir petit meuble TV \" class=\"wp-image-86628\" title=\"guide d\u00e9co meuble salon bien choisir petit meuble TV \" srcset=\"https:\/\/www.cocondedecoration.com\/blog\/wp-content\/uploads\/2025\/11\/guide-deco-meuble-salon-1-640x960.png 640w, https:\/\/www.cocondedecoration.com\/blog\/wp-content\/uploads\/2025\/11\/guide-deco-meuble-salon-1-260x390.png 260w, https:\/\/www.cocondedecoration.com\/blog\/wp-content\/uploads\/2025\/11\/guide-deco-meuble-salon-1-768x1152.png 768w, https:\/\/www.cocondedecoration.com\/blog\/wp-content\/uploads\/2025\/11\/guide-deco-meuble-salon-1-367x550.png 367w, https:\/\/www.cocondedecoration.com\/blog\/wp-content\/uploads\/2025\/11\/guide-deco-meuble-salon-1-333x500.png 333w, https:\/\/www.cocondedecoration.com\/blog\/wp-content\/uploads\/2025\/11\/guide-deco-meuble-salon-1.png 1000w\" sizes=\"(max-width: 640px) 100vw, 640px\" \/><\/a><figcaption class=\"wp-element-caption\">O\u00f9 trouver un petit meuble t\u00e9l\u00e9? > <a href=\"https:\/\/www.cocondedecoration.com\/blog\/2020\/01\/shopping-deco-un-petit-meuble-tele\/\" target=\"_blank\" rel=\"noopener\" title=\"\">Le guide d\u00e9co est dispo ici<\/a><\/figcaption><\/figure>\n<\/div>\n\n\n\n<div class=\"wp-block-cb-slide\">\n<figure class=\"wp-block-image size-large\"><a href=\"https:\/\/www.cocondedecoration.com\/blog\/wp-content\/uploads\/2025\/11\/guide-deco-meuble-salon-2.png\"><img loading=\"lazy\" decoding=\"async\" width=\"640\" height=\"960\" src=\"https:\/\/www.cocondedecoration.com\/blog\/wp-content\/uploads\/2025\/11\/guide-deco-meuble-salon-2-640x960.png\" alt=\"guide d\u00e9co meuble salon bien choisir canap\u00e9 d'angle \" class=\"wp-image-86627\" title=\"guide d\u00e9co meuble salon bien choisir canap\u00e9 d'angle \" srcset=\"https:\/\/www.cocondedecoration.com\/blog\/wp-content\/uploads\/2025\/11\/guide-deco-meuble-salon-2-640x960.png 640w, https:\/\/www.cocondedecoration.com\/blog\/wp-content\/uploads\/2025\/11\/guide-deco-meuble-salon-2-260x390.png 260w, https:\/\/www.cocondedecoration.com\/blog\/wp-content\/uploads\/2025\/11\/guide-deco-meuble-salon-2-768x1152.png 768w, https:\/\/www.cocondedecoration.com\/blog\/wp-content\/uploads\/2025\/11\/guide-deco-meuble-salon-2-367x550.png 367w, https:\/\/www.cocondedecoration.com\/blog\/wp-content\/uploads\/2025\/11\/guide-deco-meuble-salon-2-333x500.png 333w, https:\/\/www.cocondedecoration.com\/blog\/wp-content\/uploads\/2025\/11\/guide-deco-meuble-salon-2.png 1000w\" sizes=\"(max-width: 640px) 100vw, 640px\" \/><\/a><figcaption class=\"wp-element-caption\">Tout savoir sur le canap\u00e9 d'angle > <a href=\"https:\/\/www.cocondedecoration.com\/blog\/2020\/05\/conseils-deco-tout-savoir-sur-le-canape-dangle\/\" target=\"_blank\" rel=\"noopener\" title=\"\">D\u00e9couvrir le guide d\u00e9co<\/a><\/figcaption><\/figure>\n<\/div>\n\n\n\n<div class=\"wp-block-cb-slide\">\n<figure class=\"wp-block-image size-large\"><a href=\"https:\/\/www.cocondedecoration.com\/blog\/wp-content\/uploads\/2025\/11\/guide-deco-meuble-salon-3.png\"><img loading=\"lazy\" decoding=\"async\" width=\"640\" height=\"960\" src=\"https:\/\/www.cocondedecoration.com\/blog\/wp-content\/uploads\/2025\/11\/guide-deco-meuble-salon-3-640x960.png\" alt=\"guide d\u00e9co meuble salon bien choisir table basse\" class=\"wp-image-86626\" title=\"guide d\u00e9co meuble salon bien choisir table basse\" srcset=\"https:\/\/www.cocondedecoration.com\/blog\/wp-content\/uploads\/2025\/11\/guide-deco-meuble-salon-3-640x960.png 640w, https:\/\/www.cocondedecoration.com\/blog\/wp-content\/uploads\/2025\/11\/guide-deco-meuble-salon-3-260x390.png 260w, https:\/\/www.cocondedecoration.com\/blog\/wp-content\/uploads\/2025\/11\/guide-deco-meuble-salon-3-768x1152.png 768w, https:\/\/www.cocondedecoration.com\/blog\/wp-content\/uploads\/2025\/11\/guide-deco-meuble-salon-3-367x550.png 367w, https:\/\/www.cocondedecoration.com\/blog\/wp-content\/uploads\/2025\/11\/guide-deco-meuble-salon-3-333x500.png 333w, https:\/\/www.cocondedecoration.com\/blog\/wp-content\/uploads\/2025\/11\/guide-deco-meuble-salon-3.png 1000w\" sizes=\"(max-width: 640px) 100vw, 640px\" \/><\/a><figcaption class=\"wp-element-caption\">Comment choisir sa nouvelle table basse? > <a href=\"https:\/\/www.cocondedecoration.com\/blog\/2018\/10\/conseils-deco-comment-bien-choisir-sa-table-basse\/\" target=\"_blank\" rel=\"noopener\" title=\"\">En savoir plus ici <\/a><\/figcaption><\/figure>\n<\/div>\n\n\n\n<div class=\"wp-block-cb-slide\">\n<figure class=\"wp-block-image size-large\"><a href=\"https:\/\/www.cocondedecoration.com\/blog\/wp-content\/uploads\/2025\/11\/guide-deco-meuble-salon-4.png\"><img loading=\"lazy\" decoding=\"async\" width=\"640\" height=\"960\" src=\"https:\/\/www.cocondedecoration.com\/blog\/wp-content\/uploads\/2025\/11\/guide-deco-meuble-salon-4-640x960.png\" alt=\"guide d\u00e9co meuble salon bien choisir housse de canap\u00e9 \" class=\"wp-image-86625\" title=\"guide d\u00e9co meuble salon bien choisir housse de canap\u00e9 \" srcset=\"https:\/\/www.cocondedecoration.com\/blog\/wp-content\/uploads\/2025\/11\/guide-deco-meuble-salon-4-640x960.png 640w, https:\/\/www.cocondedecoration.com\/blog\/wp-content\/uploads\/2025\/11\/guide-deco-meuble-salon-4-260x390.png 260w, https:\/\/www.cocondedecoration.com\/blog\/wp-content\/uploads\/2025\/11\/guide-deco-meuble-salon-4-768x1152.png 768w, https:\/\/www.cocondedecoration.com\/blog\/wp-content\/uploads\/2025\/11\/guide-deco-meuble-salon-4-367x550.png 367w, https:\/\/www.cocondedecoration.com\/blog\/wp-content\/uploads\/2025\/11\/guide-deco-meuble-salon-4-333x500.png 333w, https:\/\/www.cocondedecoration.com\/blog\/wp-content\/uploads\/2025\/11\/guide-deco-meuble-salon-4.png 1000w\" sizes=\"(max-width: 640px) 100vw, 640px\" \/><\/a><figcaption class=\"wp-element-caption\">Prot\u00e9ger son canap\u00e9 avec une housse d\u00e9co > <a href=\"https:\/\/www.cocondedecoration.com\/blog\/2025\/07\/housse-de-canape\/\" target=\"_blank\" rel=\"noopener\" title=\"\">Le guide d\u00e9co est ici<\/a><\/figcaption><\/figure>\n<\/div>\n\n\n\n<div class=\"wp-block-cb-slide\">\n<figure class=\"wp-block-image size-large is-resized\"><a href=\"https:\/\/www.cocondedecoration.com\/blog\/wp-content\/uploads\/2025\/11\/guide-deco-meuble-salon-5.png\"><img loading=\"lazy\" decoding=\"async\" width=\"640\" height=\"960\" src=\"https:\/\/www.cocondedecoration.com\/blog\/wp-content\/uploads\/2025\/11\/guide-deco-meuble-salon-5-640x960.png\" alt=\"guide d\u00e9co meuble salon bien choisir canap\u00e9 petit salon \" class=\"wp-image-86624\" style=\"width:257px;height:auto\" title=\"guide d\u00e9co meuble salon bien choisir canap\u00e9 petit salon \" srcset=\"https:\/\/www.cocondedecoration.com\/blog\/wp-content\/uploads\/2025\/11\/guide-deco-meuble-salon-5-640x960.png 640w, https:\/\/www.cocondedecoration.com\/blog\/wp-content\/uploads\/2025\/11\/guide-deco-meuble-salon-5-260x390.png 260w, https:\/\/www.cocondedecoration.com\/blog\/wp-content\/uploads\/2025\/11\/guide-deco-meuble-salon-5-768x1152.png 768w, https:\/\/www.cocondedecoration.com\/blog\/wp-content\/uploads\/2025\/11\/guide-deco-meuble-salon-5-367x550.png 367w, https:\/\/www.cocondedecoration.com\/blog\/wp-content\/uploads\/2025\/11\/guide-deco-meuble-salon-5-333x500.png 333w, https:\/\/www.cocondedecoration.com\/blog\/wp-content\/uploads\/2025\/11\/guide-deco-meuble-salon-5.png 1000w\" sizes=\"(max-width: 640px) 100vw, 640px\" \/><\/a><figcaption class=\"wp-element-caption\">Bien choisir son petit canap\u00e9 > <a href=\"https:\/\/www.cocondedecoration.com\/blog\/2018\/05\/10-canapes-pour-un-petit-salon\/\" target=\"_blank\" rel=\"noopener\" title=\"\">D\u00e9couvrez mes conseils<\/a><\/figcaption><\/figure>\n<\/div>\n\n\n\n<div class=\"wp-block-cb-slide\">\n<figure class=\"wp-block-image size-large\"><a href=\"https:\/\/www.cocondedecoration.com\/blog\/wp-content\/uploads\/2025\/11\/guide-deco-meuble-salon-6.png\"><img loading=\"lazy\" decoding=\"async\" width=\"640\" height=\"960\" src=\"https:\/\/www.cocondedecoration.com\/blog\/wp-content\/uploads\/2025\/11\/guide-deco-meuble-salon-6-640x960.png\" alt=\"guide d\u00e9co meuble salon bien choisir bout de canap\u00e9 table d'appoint \" class=\"wp-image-86623\" title=\"guide d\u00e9co meuble salon bien choisir bout de canap\u00e9 table d'appoint \" srcset=\"https:\/\/www.cocondedecoration.com\/blog\/wp-content\/uploads\/2025\/11\/guide-deco-meuble-salon-6-640x960.png 640w, https:\/\/www.cocondedecoration.com\/blog\/wp-content\/uploads\/2025\/11\/guide-deco-meuble-salon-6-260x390.png 260w, https:\/\/www.cocondedecoration.com\/blog\/wp-content\/uploads\/2025\/11\/guide-deco-meuble-salon-6-768x1152.png 768w, https:\/\/www.cocondedecoration.com\/blog\/wp-content\/uploads\/2025\/11\/guide-deco-meuble-salon-6-367x550.png 367w, https:\/\/www.cocondedecoration.com\/blog\/wp-content\/uploads\/2025\/11\/guide-deco-meuble-salon-6-333x500.png 333w, https:\/\/www.cocondedecoration.com\/blog\/wp-content\/uploads\/2025\/11\/guide-deco-meuble-salon-6.png 1000w\" sizes=\"(max-width: 640px) 100vw, 640px\" \/><\/a><figcaption class=\"wp-element-caption\">Bout de canap\u00e9 > <a href=\"https:\/\/www.cocondedecoration.com\/blog\/2022\/07\/ou-trouver-bout-de-canape-moderne\/\" target=\"_blank\" rel=\"noopener\" title=\"\">S\u00e9lection \u00e0 retrouver ici<\/a><\/figcaption><\/figure>\n<\/div>\n\n\n\n<div class=\"wp-block-cb-slide\">\n<figure class=\"wp-block-image size-large\"><a href=\"https:\/\/www.cocondedecoration.com\/blog\/wp-content\/uploads\/2025\/11\/guide-deco-meuble-salon-7.png\"><img loading=\"lazy\" decoding=\"async\" width=\"640\" height=\"960\" src=\"https:\/\/www.cocondedecoration.com\/blog\/wp-content\/uploads\/2025\/11\/guide-deco-meuble-salon-7-640x960.png\" alt=\"guide d\u00e9co meuble salon bien choisir canap\u00e9 convertible pas cher \" class=\"wp-image-86622\" title=\"guide d\u00e9co meuble salon bien choisir canap\u00e9 convertible pas cher \" srcset=\"https:\/\/www.cocondedecoration.com\/blog\/wp-content\/uploads\/2025\/11\/guide-deco-meuble-salon-7-640x960.png 640w, https:\/\/www.cocondedecoration.com\/blog\/wp-content\/uploads\/2025\/11\/guide-deco-meuble-salon-7-260x390.png 260w, https:\/\/www.cocondedecoration.com\/blog\/wp-content\/uploads\/2025\/11\/guide-deco-meuble-salon-7-768x1152.png 768w, https:\/\/www.cocondedecoration.com\/blog\/wp-content\/uploads\/2025\/11\/guide-deco-meuble-salon-7-367x550.png 367w, https:\/\/www.cocondedecoration.com\/blog\/wp-content\/uploads\/2025\/11\/guide-deco-meuble-salon-7-333x500.png 333w, https:\/\/www.cocondedecoration.com\/blog\/wp-content\/uploads\/2025\/11\/guide-deco-meuble-salon-7.png 1000w\" sizes=\"(max-width: 640px) 100vw, 640px\" \/><\/a><figcaption class=\"wp-element-caption\"><a href=\"https:\/\/www.cocondedecoration.com\/blog\/2021\/01\/ou-trouver-canape-convertible-petit-prix\/\" target=\"_blank\" rel=\"noopener\" title=\"\">O\u00f9 trouver un canap\u00e9 convertible pas cher? <\/a>> En savoir plus<\/figcaption><\/figure>\n<\/div>\n\n\n\n<div class=\"wp-block-cb-slide\">\n<figure class=\"wp-block-image size-large\"><a href=\"https:\/\/www.cocondedecoration.com\/blog\/wp-content\/uploads\/2025\/11\/guide-deco-meuble-salon-8.png\"><img loading=\"lazy\" decoding=\"async\" width=\"640\" height=\"960\" src=\"https:\/\/www.cocondedecoration.com\/blog\/wp-content\/uploads\/2025\/11\/guide-deco-meuble-salon-8-640x960.png\" alt=\"guide d\u00e9co meuble salon bien choisir liseuse derri\u00e8re canap\u00e9 luminaire lampadaire \" class=\"wp-image-86621\" title=\"guide d\u00e9co meuble salon bien choisir liseuse derri\u00e8re canap\u00e9 luminaire lampadaire \" srcset=\"https:\/\/www.cocondedecoration.com\/blog\/wp-content\/uploads\/2025\/11\/guide-deco-meuble-salon-8-640x960.png 640w, https:\/\/www.cocondedecoration.com\/blog\/wp-content\/uploads\/2025\/11\/guide-deco-meuble-salon-8-260x390.png 260w, https:\/\/www.cocondedecoration.com\/blog\/wp-content\/uploads\/2025\/11\/guide-deco-meuble-salon-8-768x1152.png 768w, https:\/\/www.cocondedecoration.com\/blog\/wp-content\/uploads\/2025\/11\/guide-deco-meuble-salon-8-367x550.png 367w, https:\/\/www.cocondedecoration.com\/blog\/wp-content\/uploads\/2025\/11\/guide-deco-meuble-salon-8-333x500.png 333w, https:\/\/www.cocondedecoration.com\/blog\/wp-content\/uploads\/2025\/11\/guide-deco-meuble-salon-8.png 1000w\" sizes=\"(max-width: 640px) 100vw, 640px\" \/><\/a><figcaption class=\"wp-element-caption\">Une liseuse derri\u00e8re le canap\u00e9 > <a href=\"https:\/\/www.cocondedecoration.com\/blog\/2024\/11\/choisir-lampe-lecture-salon\/\" target=\"_blank\" rel=\"noopener\" title=\"\">D\u00e9couvrir le guide<\/a><\/figcaption><\/figure>\n<\/div>\n<\/div>\n\n\n\n<p class=\"has-small-font-size\">Pour plus d'inspirations d\u00e9co au quotidien (pour le salon mais pas que!) rejoignez moi sur <a href=\"https:\/\/pinterest.fr\/cocondedeco\/\" target=\"_blank\" rel=\"noopener\" title=\"\">Pinterest<\/a> et sur <a href=\"https:\/\/www.threads.com\/@cocondedeco\" target=\"_blank\" rel=\"noopener\" title=\"\">Threads<\/a> (: <\/p>\n\n\n\n<hr class=\"wp-block-separator\"\/>\n\n\n\n<div class=\"wp-block-columns has-2-columns is-layout-flex wp-container-core-columns-layout-1 wp-block-columns-is-layout-flex\">\n<div class=\"wp-block-column is-layout-flow wp-block-column-is-layout-flow\">\n<p style=\"text-align:center\" class=\"has-medium-font-size\">A lire \u00e9galement<\/p>\n\n\n<ul class=\"wp-block-latest-posts__list wp-block-latest-posts\"><li><a class=\"wp-block-latest-posts__post-title\" href=\"https:\/\/www.cocondedecoration.com\/blog\/2026\/04\/meuble-salon-bois\/\">Meuble en bois de salon : id\u00e9es, tendances et astuces d\u00e9co<\/a><\/li>\n<li><a class=\"wp-block-latest-posts__post-title\" href=\"https:\/\/www.cocondedecoration.com\/blog\/2026\/04\/home-staging-salle-de-bain\/\">Astuces Home Staging pour une salle de bain resplendissante<\/a><\/li>\n<li><a class=\"wp-block-latest-posts__post-title\" href=\"https:\/\/www.cocondedecoration.com\/blog\/2026\/04\/filet-mezzanine\/\">Am\u00e9nager une mezzanine avec un filet : s\u00e9curit\u00e9, confort et style<\/a><\/li>\n<li><a class=\"wp-block-latest-posts__post-title\" href=\"https:\/\/www.cocondedecoration.com\/blog\/2026\/04\/balcon-moderne-exterieur\/\">15 id\u00e9es d\u00e9co pour un balcon moderne ext\u00e9rieur<\/a><\/li>\n<li><a class=\"wp-block-latest-posts__post-title\" href=\"https:\/\/www.cocondedecoration.com\/blog\/2026\/04\/deco-camaieu-vert\/\">Cama\u00efeu vert: le layering pour cr\u00e9er une d\u00e9co harmonieuse<\/a><\/li>\n<li><a class=\"wp-block-latest-posts__post-title\" href=\"https:\/\/www.cocondedecoration.com\/blog\/2026\/04\/desencombrer-core-4\/\">Core 4: une mani\u00e8re structur\u00e9e pour d\u00e9sencombrer<\/a><\/li>\n<li><a class=\"wp-block-latest-posts__post-title\" href=\"https:\/\/www.cocondedecoration.com\/blog\/2026\/04\/chambre-campagne-chic\/\">Chambre campagne chic : l\u2019\u00e9l\u00e9gance rustique qui apaise<\/a><\/li>\n<\/ul><\/div>\n\n\n\n<div class=\"wp-block-column is-layout-flow wp-block-column-is-layout-flow\">\n<p class=\"has-text-align-center has-medium-font-size\">Ne perdons pas contact \ud83d\ude42 Rejoignez moi sur <a href=\"https:\/\/www.pinterest.fr\/cocondedeco\/\" target=\"_blank\" rel=\"noopener\" title=\"\">Pinterest<\/a> |\u00a0<a href=\"https:\/\/www.threads.net\/@cocondedeco\" target=\"_blank\" rel=\"noopener\" title=\"\">Threads<\/a> | <a href=\"https:\/\/www.patreon.com\/collection\/162946?view=expanded\" target=\"_blank\" rel=\"noopener\" title=\"\">la Newsletter<\/a> <br>Vous aimez lire le blog? Vous souhaitez continuer \u00e0 le lire? <a href=\"https:\/\/www.patreon.com\/cocondedeco\" target=\"_blank\" rel=\"noopener\" title=\"\">Devenez m\u00e9c\u00e8ne<\/a> sur Patreon et contribuez \u00e0 sa survie. <\/p>\n<\/div>\n<\/div>\n\n\n\n<p style=\"text-align:right\" class=\"has-small-font-size\">Source <a rel=\"noopener noreferrer\" href=\"http:\/\/trendenser.se\/2013\/april\/mineral.html\" target=\"_blank\">image \u00e0 la une <\/a><br>Article mis \u00e0 jour en septembre 2023<\/p>\n","protected":false},"excerpt":{"rendered":"<p>Je suis en train de remettre \u00e0 jour tous les articles du blog un par un. Les plus anciens demandent beaucoup de travail parce que les id\u00e9es ne sont plus d&rsquo;actus, parce que les images sont cass\u00e9es&#8230; Bref, j&rsquo;ai du boulot depuis plus de 2 mois et encore pour pas<span class=\"more-link\"><a href=\"https:\/\/www.cocondedecoration.com\/blog\/2013\/12\/le-salon-decoration-et-amenagement\/\">Lire la suite<\/a><\/span><\/p>\n","protected":false},"author":1,"featured_media":6202,"comment_status":"open","ping_status":"open","sticky":false,"template":"","format":"standard","meta":{"om_disable_all_campaigns":false,"_monsterinsights_skip_tracking":false,"_monsterinsights_sitenote_active":false,"_monsterinsights_sitenote_note":"","_monsterinsights_sitenote_category":0,"_uf_show_specific_survey":0,"_uf_disable_surveys":false,"footnotes":""},"categories":[1713,1714,4],"tags":[141,257,110,124,129,528,159,247,201,1215,1213,37],"aioseo_notices":[],"_links":{"self":[{"href":"https:\/\/www.cocondedecoration.com\/blog\/wp-json\/wp\/v2\/posts\/6193"}],"collection":[{"href":"https:\/\/www.cocondedecoration.com\/blog\/wp-json\/wp\/v2\/posts"}],"about":[{"href":"https:\/\/www.cocondedecoration.com\/blog\/wp-json\/wp\/v2\/types\/post"}],"author":[{"embeddable":true,"href":"https:\/\/www.cocondedecoration.com\/blog\/wp-json\/wp\/v2\/users\/1"}],"replies":[{"embeddable":true,"href":"https:\/\/www.cocondedecoration.com\/blog\/wp-json\/wp\/v2\/comments?post=6193"}],"version-history":[{"count":0,"href":"https:\/\/www.cocondedecoration.com\/blog\/wp-json\/wp\/v2\/posts\/6193\/revisions"}],"wp:featuredmedia":[{"embeddable":true,"href":"https:\/\/www.cocondedecoration.com\/blog\/wp-json\/wp\/v2\/media\/6202"}],"wp:attachment":[{"href":"https:\/\/www.cocondedecoration.com\/blog\/wp-json\/wp\/v2\/media?parent=6193"}],"wp:term":[{"taxonomy":"category","embeddable":true,"href":"https:\/\/www.cocondedecoration.com\/blog\/wp-json\/wp\/v2\/categories?post=6193"},{"taxonomy":"post_tag","embeddable":true,"href":"https:\/\/www.cocondedecoration.com\/blog\/wp-json\/wp\/v2\/tags?post=6193"}],"curies":[{"name":"wp","href":"https:\/\/api.w.org\/{rel}","templated":true}]}}