{"id":61602,"date":"2023-06-22T01:00:42","date_gmt":"2023-06-21T23:00:42","guid":{"rendered":"https:\/\/www.cocondedecoration.com\/blog\/?p=61602"},"modified":"2023-08-28T12:45:38","modified_gmt":"2023-08-28T10:45:38","slug":"decorer-amenager-patio","status":"publish","type":"post","link":"https:\/\/www.cocondedecoration.com\/blog\/2023\/06\/decorer-amenager-patio\/","title":{"rendered":"Conseils d\u00e9co | D\u00e9corer et am\u00e9nager le patio ext\u00e9rieur"},"content":{"rendered":"\n<p>Est-ce que j'ai une passion pour les patios? Ca se pourrait bien. Comme je suis une fille qui aime la ville et les petits espaces, les patios me parlent forc\u00e9ment. Quand je vivais encore en France, j'ai eu plusieurs appartements en rez-de-chauss\u00e9e avec ext\u00e9rieur. Pour nous c'\u00e9tait important vu qu'on est des grands fans de barbecue. Je ne suis pas nostalgique de ces logements mais j'en garde de tr\u00e8s bons souvenirs notamment l'\u00e9t\u00e9 quand on pouvait profiter de l'ext\u00e9rieur. Ici, je reviens sur 10 patios que je trouve int\u00e9ressants que ce soit pour la d\u00e9coration o\u00f9 pour leur am\u00e9nagement. Je vais t\u00e2cher de mettre en avant les points forts de ces petits espaces ext\u00e9rieurs pour vous donner des id\u00e9es \u00e0 reproduire chez vous. <\/p>\n\n\n\n<!--more-->\n\n\n\n<div class=\"wp-block-columns has-2-columns is-layout-flex wp-container-core-columns-layout-1 wp-block-columns-is-layout-flex\">\n<div class=\"wp-block-column is-layout-flow wp-block-column-is-layout-flow\">\n<div style=\"height:70px\" aria-hidden=\"true\" class=\"wp-block-spacer\"><\/div>\n\n\n\n<h2 class=\"wp-block-heading\">01 \u2022 Un patio charmant et lumineux<\/h2>\n\n\n\n<p>Les patios ext\u00e9rieurs sont g\u00e9n\u00e9ralement b\u00e9tonn\u00e9s et coinc\u00e9s entre plusieurs murs. Cela leur conf\u00e8re un c\u00f4t\u00e9 intime que j'affectionne beaucoup. Cette id\u00e9e d'espace entre les fa\u00e7ades et pignons de maisons me plait pas mal puisque ce sont des surfaces qui peuvent \u00eatre d\u00e9cor\u00e9es et habill\u00e9es. Ici c'est un lambris ext\u00e9rieur blanc qui conf\u00e8re beaucoup de charme \u00e0 l'espace - bien plus que du cr\u00e9pit par exemple. Le charme se se retrouve \u00e0 travers le choix de couleurs: du blanc comme couleur dominante, une touche de gris gr\u00e2ce au carrelage et une partie du mobilier. On a un univers rempli de douceur o\u00f9 il doit \u00eatre bon de prendre les repas au quotidien en \u00e9t\u00e9. Dans ce patio, on garde: <\/p>\n\n\n\n<ul><li>le lambris de fa\u00e7ade blanc, <\/li><li>le carrelage \u00e0 motif  bleu gris, <\/li><li>la banquette pour la table repas avec 2 chaises bistrot grises, <\/li><li>l'applique murale \u00e0 c\u00f4t\u00e9 de la porte d'entr\u00e9e.<\/li><\/ul>\n\n\n\n<p>A lire aussi: <a href=\"https:\/\/www.cocondedecoration.com\/blog\/2023\/06\/amenagement-patio-convivial\/\" target=\"_blank\" rel=\"noreferrer noopener\" aria-label=\"Id\u00e9es d\u00e9co | Petit patio convivial: 20 am\u00e9nagements \u00e0 copier (s\u2019ouvre dans un nouvel onglet)\">Id\u00e9es d\u00e9co | Petit patio convivial: 20 am\u00e9nagements \u00e0 copier<\/a><\/p>\n<\/div>\n\n\n\n<div class=\"wp-block-column is-layout-flow wp-block-column-is-layout-flow\">\n<figure class=\"wp-block-image\"><img loading=\"lazy\" decoding=\"async\" width=\"640\" height=\"960\" src=\"https:\/\/www.cocondedecoration.com\/blog\/wp-content\/uploads\/2023\/06\/amenagement-deco-petit-patio-exterieur-1-640x960.jpeg\" alt=\"amenagement deco petit patio exterieur lambris outdoor fa\u00e7ade blanche carrelage motif banquette table repas avec chaise bistrot charmant et lumineux applique murale \u00e0 c\u00f4t\u00e9 de la porte d'entr\u00e9e\" class=\"wp-image-61612\" srcset=\"https:\/\/www.cocondedecoration.com\/blog\/wp-content\/uploads\/2023\/06\/amenagement-deco-petit-patio-exterieur-1-640x960.jpeg 640w, https:\/\/www.cocondedecoration.com\/blog\/wp-content\/uploads\/2023\/06\/amenagement-deco-petit-patio-exterieur-1-260x390.jpeg 260w, https:\/\/www.cocondedecoration.com\/blog\/wp-content\/uploads\/2023\/06\/amenagement-deco-petit-patio-exterieur-1-768x1152.jpeg 768w, https:\/\/www.cocondedecoration.com\/blog\/wp-content\/uploads\/2023\/06\/amenagement-deco-petit-patio-exterieur-1-367x550.jpeg 367w, https:\/\/www.cocondedecoration.com\/blog\/wp-content\/uploads\/2023\/06\/amenagement-deco-petit-patio-exterieur-1-333x500.jpeg 333w, https:\/\/www.cocondedecoration.com\/blog\/wp-content\/uploads\/2023\/06\/amenagement-deco-petit-patio-exterieur-1.jpeg 1000w\" sizes=\"(max-width: 640px) 100vw, 640px\" \/><figcaption>zevyjoy.com\n<\/figcaption><\/figure>\n<\/div>\n<\/div>\n\n\n\n<div class=\"wp-block-columns has-2-columns is-layout-flex wp-container-core-columns-layout-2 wp-block-columns-is-layout-flex\">\n<div class=\"wp-block-column is-layout-flow wp-block-column-is-layout-flow\">\n<figure class=\"wp-block-image\"><img loading=\"lazy\" decoding=\"async\" width=\"640\" height=\"960\" src=\"https:\/\/www.cocondedecoration.com\/blog\/wp-content\/uploads\/2023\/06\/amenagement-deco-petit-patio-exterieur-2-640x960.jpeg\" alt=\"amenagement deco petit patio exterieur solution pour les locataire ne pas percer fa\u00e7ade \u00e9cran \u00e0 poser pour accrocher pot de fleurs petite  banquette de jardin moderne tapis carrelage tonalit\u00e9s beige gris blanc\" class=\"wp-image-61611\" srcset=\"https:\/\/www.cocondedecoration.com\/blog\/wp-content\/uploads\/2023\/06\/amenagement-deco-petit-patio-exterieur-2-640x960.jpeg 640w, https:\/\/www.cocondedecoration.com\/blog\/wp-content\/uploads\/2023\/06\/amenagement-deco-petit-patio-exterieur-2-260x390.jpeg 260w, https:\/\/www.cocondedecoration.com\/blog\/wp-content\/uploads\/2023\/06\/amenagement-deco-petit-patio-exterieur-2-768x1152.jpeg 768w, https:\/\/www.cocondedecoration.com\/blog\/wp-content\/uploads\/2023\/06\/amenagement-deco-petit-patio-exterieur-2-367x550.jpeg 367w, https:\/\/www.cocondedecoration.com\/blog\/wp-content\/uploads\/2023\/06\/amenagement-deco-petit-patio-exterieur-2-333x500.jpeg 333w, https:\/\/www.cocondedecoration.com\/blog\/wp-content\/uploads\/2023\/06\/amenagement-deco-petit-patio-exterieur-2.jpeg 1000w\" sizes=\"(max-width: 640px) 100vw, 640px\" \/><figcaption>ladydecluttered.com\n<\/figcaption><\/figure>\n<\/div>\n\n\n\n<div class=\"wp-block-column is-layout-flow wp-block-column-is-layout-flow\">\n<div style=\"height:100px\" aria-hidden=\"true\" class=\"wp-block-spacer\"><\/div>\n\n\n\n<h2 class=\"wp-block-heading\">02 \u2022 Une d\u00e9co de patio pratique quand on est en location<\/h2>\n\n\n\n<p>Ce n'est pas parce qu'on vit dans une maison qu'on en est propri\u00e9taire... Et <a rel=\"noreferrer noopener\" aria-label=\"en location (s\u2019ouvre dans un nouvel onglet)\" href=\"https:\/\/www.cocondedecoration.com\/blog\/category\/logement-en-location\/\" target=\"_blank\">en location<\/a>, on ne peut pas n\u00e9cessairement faire ce que l'on souhaite \u00e0 l'int\u00e9rieur comme \u00e0 l'ext\u00e9rieur. Ici on a une solution sympa qui permet de ne pas percer fa\u00e7ade. Elle consiste \u00e0 poser un \u00e9cran (comme une sorte de <a href=\"https:\/\/www.cocondedecoration.com\/blog\/category\/logement-en-location\/\" target=\"_blank\" rel=\"noreferrer noopener\" aria-label=\"claustras (s\u2019ouvre dans un nouvel onglet)\">claustras<\/a> \/ paravent) sur lequel on peut accrocher des pots de fleurs. Le plus de cet \u00e9cran c'est qu'il vous permettra de dissimuler un mur abim\u00e9 ou un peu moche! <br>Devant cet \u00e9cran on a une petite  banquette de jardin moderne et cosy avec des coussins. Le c\u00f4t\u00e9 cosy se retrouve aussi gr\u00e2ce aux tapis et aux tonalit\u00e9s beige, grise et blanche. M\u00eame si on est plus ou moins dans la m\u00eame gamme de couleur que la premi\u00e8re inspiration, l'ambiance ici est plus moderne et plus jeune. <\/p>\n<\/div>\n<\/div>\n\n\n\n<div class=\"wp-block-columns has-2-columns is-layout-flex wp-container-core-columns-layout-3 wp-block-columns-is-layout-flex\">\n<div class=\"wp-block-column is-layout-flow wp-block-column-is-layout-flow\">\n<div style=\"height:100px\" aria-hidden=\"true\" class=\"wp-block-spacer\"><\/div>\n\n\n\n<h2 class=\"wp-block-heading\">03 \u2022 Faire revenir le naturel sur le patio<\/h2>\n\n\n\n<p>Souvent le patio est associ\u00e9 \u00e0 la maison de ville et donc d'une certaine mani\u00e8re \u00e0 l'urbanisation. Cela ne veut pas forc\u00e9ment dire qu'on doit composer uniquement avec du b\u00e9ton. Le bois est un rev\u00eatement parfait pour cr\u00e9er un sentiment naturel: meubles, palissades, sol de la terrasse, volets... sont des \u00e9l\u00e9ments qui vous aideront \u00e0 faire revenir la nature dans votre espace ext\u00e9rieur. <br>Dans cet am\u00e9nagement de patio, je garde: <\/p>\n\n\n\n<ul><li>la cl\u00f4ture \/ palissade en bois, <\/li><li>le rev\u00eatement de sol en bois vieilli,<\/li><li>la petite banquette, les tables basses et les fauteuils (qui offrent un c\u00f4t\u00e9 modulable au salon de jardin),<\/li><li>les quelques plantes vertes pour v\u00e9g\u00e9taliser l'ensemble d\u00e9j\u00e0 tr\u00e8s nature.<\/li><\/ul>\n\n\n\n<p>Cela pourrait vous int\u00e9resser: <a href=\"https:\/\/www.cocondedecoration.com\/blog\/2021\/05\/ou-trouver-salon-jardin-pas-cher\/\" target=\"_blank\" rel=\"noreferrer noopener\" aria-label=\"O\u00f9 trouver | un salon de jardin \u00e0 moins de 200\u20ac?  (s\u2019ouvre dans un nouvel onglet)\">O\u00f9 trouver | un salon de jardin \u00e0 moins de 200\u20ac? <\/a><\/p>\n<\/div>\n\n\n\n<div class=\"wp-block-column is-layout-flow wp-block-column-is-layout-flow\">\n<figure class=\"wp-block-image\"><img loading=\"lazy\" decoding=\"async\" width=\"640\" height=\"960\" src=\"https:\/\/www.cocondedecoration.com\/blog\/wp-content\/uploads\/2023\/06\/amenagement-deco-petit-patio-exterieur-3-640x960.jpeg\" alt=\"amenagement deco petit patio exterieur cl\u00f4ture brise-vue en bois cosy intime et chaleureux rev\u00eatement terrasse sol bois vieilli petite banquette table basse double fauteuil modulable\" class=\"wp-image-61610\" srcset=\"https:\/\/www.cocondedecoration.com\/blog\/wp-content\/uploads\/2023\/06\/amenagement-deco-petit-patio-exterieur-3-640x960.jpeg 640w, https:\/\/www.cocondedecoration.com\/blog\/wp-content\/uploads\/2023\/06\/amenagement-deco-petit-patio-exterieur-3-260x390.jpeg 260w, https:\/\/www.cocondedecoration.com\/blog\/wp-content\/uploads\/2023\/06\/amenagement-deco-petit-patio-exterieur-3-768x1152.jpeg 768w, https:\/\/www.cocondedecoration.com\/blog\/wp-content\/uploads\/2023\/06\/amenagement-deco-petit-patio-exterieur-3-367x550.jpeg 367w, https:\/\/www.cocondedecoration.com\/blog\/wp-content\/uploads\/2023\/06\/amenagement-deco-petit-patio-exterieur-3-333x500.jpeg 333w, https:\/\/www.cocondedecoration.com\/blog\/wp-content\/uploads\/2023\/06\/amenagement-deco-petit-patio-exterieur-3.jpeg 1000w\" sizes=\"(max-width: 640px) 100vw, 640px\" \/><figcaption>thecottagejournal.com\n<\/figcaption><\/figure>\n<\/div>\n<\/div>\n\n\n\n<div class=\"wp-block-columns has-2-columns is-layout-flex wp-container-core-columns-layout-4 wp-block-columns-is-layout-flex\">\n<div class=\"wp-block-column is-layout-flow wp-block-column-is-layout-flow\">\n<figure class=\"wp-block-image\"><img loading=\"lazy\" decoding=\"async\" width=\"640\" height=\"960\" src=\"https:\/\/www.cocondedecoration.com\/blog\/wp-content\/uploads\/2023\/06\/amenagement-deco-petit-patio-exterieur-4-640x960.jpeg\" alt=\"amenagement deco petit patio exterieur petit espace chalet de jardin plantes vertes bain de soleil en bois guirlande guinguette tapis outdoor\" class=\"wp-image-61609\" srcset=\"https:\/\/www.cocondedecoration.com\/blog\/wp-content\/uploads\/2023\/06\/amenagement-deco-petit-patio-exterieur-4-640x960.jpeg 640w, https:\/\/www.cocondedecoration.com\/blog\/wp-content\/uploads\/2023\/06\/amenagement-deco-petit-patio-exterieur-4-260x390.jpeg 260w, https:\/\/www.cocondedecoration.com\/blog\/wp-content\/uploads\/2023\/06\/amenagement-deco-petit-patio-exterieur-4-768x1152.jpeg 768w, https:\/\/www.cocondedecoration.com\/blog\/wp-content\/uploads\/2023\/06\/amenagement-deco-petit-patio-exterieur-4-367x550.jpeg 367w, https:\/\/www.cocondedecoration.com\/blog\/wp-content\/uploads\/2023\/06\/amenagement-deco-petit-patio-exterieur-4-333x500.jpeg 333w, https:\/\/www.cocondedecoration.com\/blog\/wp-content\/uploads\/2023\/06\/amenagement-deco-petit-patio-exterieur-4.jpeg 1000w\" sizes=\"(max-width: 640px) 100vw, 640px\" \/><figcaption>onekindesign.com\n<\/figcaption><\/figure>\n<\/div>\n\n\n\n<div class=\"wp-block-column is-layout-flow wp-block-column-is-layout-flow\">\n<div style=\"height:100px\" aria-hidden=\"true\" class=\"wp-block-spacer\"><\/div>\n\n\n\n<h2 class=\"wp-block-heading\">04 \u2022 Ambiance d\u00e9tente estivale sur le patio<\/h2>\n\n\n\n<p>Il y a un c\u00f4t\u00e9 tr\u00e8s maximaliste dans cette 4\u00e8me inspiration. Il y a beaucoup de d\u00e9tails et \u00e7a attise ma curiosit\u00e9. J'aimerai pouvoir entrer dans l'image pour observer un peu mieux chaque \u00e9l\u00e9ments qui composent cet am\u00e9nagement de patio. <\/p>\n\n\n\n<ul><li>un chalet de jardin <\/li><li>de nombreuses plantes vertes  et un arbre<\/li><li>des bains de soleil en bois <\/li><li>une guirlande guinguette <\/li><li>un tapis outdoor<\/li><li>diff\u00e9rents accessoires d\u00e9co: des galettes de sol, une lanterne, des treillis pour faire grimper une plante, une \u00e9chelle r\u00e9cup' en bois pos\u00e9e sur la palissade, des coussins, des vases... <\/li><\/ul>\n\n\n\n<p><a href=\"https:\/\/www.cocondedecoration.com\/blog\/2019\/08\/objet-deco-transats-bains-de-soleil-et-chiliennes\/\" target=\"_blank\" rel=\"noreferrer noopener\" aria-label=\"Les bains de soleil (s\u2019ouvre dans un nouvel onglet)\">Les bains de soleil<\/a> invitent clairement \u00e0 la d\u00e9tente. Tous les accessoires et plantes font penser \u00e0 une d\u00e9co de salon mais en ext\u00e9rieur. Une invitation \u00e0 se pr\u00e9lasser, \u00e0 se reposer, \u00e0 se ressourcer mais en ext\u00e9rieur d\u00e8s que les beaux jours le permettent. <\/p>\n<\/div>\n<\/div>\n\n\n\n<div class=\"wp-block-columns has-2-columns is-layout-flex wp-container-core-columns-layout-5 wp-block-columns-is-layout-flex\">\n<div class=\"wp-block-column is-layout-flow wp-block-column-is-layout-flow\">\n<div style=\"height:100px\" aria-hidden=\"true\" class=\"wp-block-spacer\"><\/div>\n\n\n\n<h2 class=\"wp-block-heading\">05 \u2022 Vivre en ext\u00e9rieur en \u00e9t\u00e9 m\u00eame en ville<\/h2>\n\n\n\n<p>C'est peut-\u00eatre l'inspiration qui me parle le plus, celle qui me fait le plus r\u00eaver dans cette s\u00e9lection. Depuis que l'on vit en Asie, on vit essentiellement \u00e0 l'ext\u00e9rieur en journ\u00e9e comme en soir\u00e9e. Et l\u00e0, cet espace cin\u00e9 me parle beaucoup. Un \u00e9cran, un canap\u00e9 confortable, un brasero et des plaids si la soir\u00e9e est fra\u00eeche... Tout est r\u00e9uni pour passer une bonne soir\u00e9e en famille ou entre amis. Les guirlandes et lampions accentuent l'id\u00e9e d'espace de vie - un peu extraordinaire, il faut l'avouer. Au final, except\u00e9 le syst\u00e8me \u00e9cran et son pour le cin\u00e9ma, il est possible que vous ayez d\u00e9j\u00e0 tout le reste chez vous. Si vous \u00eates cin\u00e9phile, c'est peut-\u00eatre une id\u00e9e d'am\u00e9nagement \u00e0 creuser! <\/p>\n<\/div>\n\n\n\n<div class=\"wp-block-column is-layout-flow wp-block-column-is-layout-flow\">\n<figure class=\"wp-block-image\"><img loading=\"lazy\" decoding=\"async\" width=\"640\" height=\"960\" src=\"https:\/\/www.cocondedecoration.com\/blog\/wp-content\/uploads\/2023\/06\/amenagement-deco-petit-patio-exterieur-5-640x960.jpeg\" alt=\"amenagement deco petit patio exterieur espace cin\u00e9ma en plein air canap\u00e9 de jardin table basse guirlande lumineuse brasero espace convivial et familial\" class=\"wp-image-61608\" srcset=\"https:\/\/www.cocondedecoration.com\/blog\/wp-content\/uploads\/2023\/06\/amenagement-deco-petit-patio-exterieur-5-640x960.jpeg 640w, https:\/\/www.cocondedecoration.com\/blog\/wp-content\/uploads\/2023\/06\/amenagement-deco-petit-patio-exterieur-5-260x390.jpeg 260w, https:\/\/www.cocondedecoration.com\/blog\/wp-content\/uploads\/2023\/06\/amenagement-deco-petit-patio-exterieur-5-768x1152.jpeg 768w, https:\/\/www.cocondedecoration.com\/blog\/wp-content\/uploads\/2023\/06\/amenagement-deco-petit-patio-exterieur-5-367x550.jpeg 367w, https:\/\/www.cocondedecoration.com\/blog\/wp-content\/uploads\/2023\/06\/amenagement-deco-petit-patio-exterieur-5-333x500.jpeg 333w, https:\/\/www.cocondedecoration.com\/blog\/wp-content\/uploads\/2023\/06\/amenagement-deco-petit-patio-exterieur-5.jpeg 1000w\" sizes=\"(max-width: 640px) 100vw, 640px\" \/><figcaption>thewonderforest.com\n<\/figcaption><\/figure>\n<\/div>\n<\/div>\n\n\n\n<div style=\"height:50px\" aria-hidden=\"true\" class=\"wp-block-spacer\"><\/div>\n\n\n\n<p class=\"has-medium-font-size\"><strong>Des guides d\u00e9co pour vous aider \u00e0 d\u00e9corer et am\u00e9nager votre ext\u00e9rieur<\/strong><\/p>\n\n\n\n<div class=\"wp-block-cb-carousel\" data-slick=\"{&quot;slidesToShow&quot;:3,&quot;slidesToScroll&quot;:1,&quot;speed&quot;:300,&quot;arrows&quot;:true,&quot;dots&quot;:false,&quot;autoplay&quot;:true,&quot;autoplaySpeed&quot;:3000,&quot;infinite&quot;:true,&quot;responsive&quot;:[{&quot;breakpoint&quot;:769,&quot;settings&quot;:{&quot;slidesToShow&quot;:1,&quot;slidesToScroll&quot;:1}}]}\">\n<div class=\"wp-block-cb-slide\">\n<figure class=\"wp-block-image size-large is-resized\"><a href=\"https:\/\/www.cocondedecoration.com\/blog\/wp-content\/uploads\/2025\/04\/guide-deco-jardin-brasero-1.png\"><img loading=\"lazy\" decoding=\"async\" width=\"640\" height=\"960\" src=\"https:\/\/www.cocondedecoration.com\/blog\/wp-content\/uploads\/2025\/04\/guide-deco-jardin-brasero-1-640x960.png\" alt=\"guide deco jardin am\u00e9nagement brasero moderne \" class=\"wp-image-82815\" style=\"width:257px;height:auto\" title=\"guide d\u00e9co jardin am\u00e9nagement brasero\" srcset=\"https:\/\/www.cocondedecoration.com\/blog\/wp-content\/uploads\/2025\/04\/guide-deco-jardin-brasero-1-640x960.png 640w, https:\/\/www.cocondedecoration.com\/blog\/wp-content\/uploads\/2025\/04\/guide-deco-jardin-brasero-1-260x390.png 260w, https:\/\/www.cocondedecoration.com\/blog\/wp-content\/uploads\/2025\/04\/guide-deco-jardin-brasero-1-768x1152.png 768w, https:\/\/www.cocondedecoration.com\/blog\/wp-content\/uploads\/2025\/04\/guide-deco-jardin-brasero-1-367x550.png 367w, https:\/\/www.cocondedecoration.com\/blog\/wp-content\/uploads\/2025\/04\/guide-deco-jardin-brasero-1-333x500.png 333w, https:\/\/www.cocondedecoration.com\/blog\/wp-content\/uploads\/2025\/04\/guide-deco-jardin-brasero-1.png 1000w\" sizes=\"(max-width: 640px) 100vw, 640px\" \/><\/a><figcaption class=\"wp-element-caption\">Brasero ext\u00e9rieur \u2192 <a href=\"https:\/\/www.cocondedecoration.com\/blog\/2021\/06\/ou-trouver-brasero-jardin\/\" target=\"_blank\" rel=\"noopener\" title=\"\">D\u00e9couvrir le guide<\/a><\/figcaption><\/figure>\n<\/div>\n\n\n\n<div class=\"wp-block-cb-slide\">\n<figure class=\"wp-block-image size-large\"><a href=\"https:\/\/www.cocondedecoration.com\/blog\/wp-content\/uploads\/2025\/04\/guide-deco-jardin-hamac.png\"><img loading=\"lazy\" decoding=\"async\" width=\"640\" height=\"960\" src=\"https:\/\/www.cocondedecoration.com\/blog\/wp-content\/uploads\/2025\/04\/guide-deco-jardin-hamac-640x960.png\" alt=\"guide d\u00e9co jardin am\u00e9nagement hamac\" class=\"wp-image-82808\" title=\"guide d\u00e9co jardin am\u00e9nagement hamac\" srcset=\"https:\/\/www.cocondedecoration.com\/blog\/wp-content\/uploads\/2025\/04\/guide-deco-jardin-hamac-640x960.png 640w, https:\/\/www.cocondedecoration.com\/blog\/wp-content\/uploads\/2025\/04\/guide-deco-jardin-hamac-260x390.png 260w, https:\/\/www.cocondedecoration.com\/blog\/wp-content\/uploads\/2025\/04\/guide-deco-jardin-hamac-768x1152.png 768w, https:\/\/www.cocondedecoration.com\/blog\/wp-content\/uploads\/2025\/04\/guide-deco-jardin-hamac-367x550.png 367w, https:\/\/www.cocondedecoration.com\/blog\/wp-content\/uploads\/2025\/04\/guide-deco-jardin-hamac-333x500.png 333w, https:\/\/www.cocondedecoration.com\/blog\/wp-content\/uploads\/2025\/04\/guide-deco-jardin-hamac.png 1000w\" sizes=\"(max-width: 640px) 100vw, 640px\" \/><\/a><figcaption class=\"wp-element-caption\">Hamac \u2192 <a href=\"https:\/\/www.cocondedecoration.com\/blog\/2016\/06\/un-hamac-pour-se-reposer-cet-ete\/\" target=\"_blank\" rel=\"noopener\" title=\"\">D\u00e9couvrir le guide<\/a><\/figcaption><\/figure>\n<\/div>\n\n\n\n<div class=\"wp-block-cb-slide\">\n<figure class=\"wp-block-image size-large\"><a href=\"https:\/\/www.cocondedecoration.com\/blog\/wp-content\/uploads\/2025\/04\/guide-deco-jardin-rangement.png\"><img loading=\"lazy\" decoding=\"async\" width=\"640\" height=\"960\" src=\"https:\/\/www.cocondedecoration.com\/blog\/wp-content\/uploads\/2025\/04\/guide-deco-jardin-rangement-640x960.png\" alt=\"guide d\u00e9co jardin am\u00e9nagement rangement jardinage \" class=\"wp-image-82809\" title=\"guide d\u00e9co jardin am\u00e9nagement rangement jardinage \" srcset=\"https:\/\/www.cocondedecoration.com\/blog\/wp-content\/uploads\/2025\/04\/guide-deco-jardin-rangement-640x960.png 640w, https:\/\/www.cocondedecoration.com\/blog\/wp-content\/uploads\/2025\/04\/guide-deco-jardin-rangement-260x390.png 260w, https:\/\/www.cocondedecoration.com\/blog\/wp-content\/uploads\/2025\/04\/guide-deco-jardin-rangement-768x1152.png 768w, https:\/\/www.cocondedecoration.com\/blog\/wp-content\/uploads\/2025\/04\/guide-deco-jardin-rangement-367x550.png 367w, https:\/\/www.cocondedecoration.com\/blog\/wp-content\/uploads\/2025\/04\/guide-deco-jardin-rangement-333x500.png 333w, https:\/\/www.cocondedecoration.com\/blog\/wp-content\/uploads\/2025\/04\/guide-deco-jardin-rangement.png 1000w\" sizes=\"(max-width: 640px) 100vw, 640px\" \/><\/a><figcaption class=\"wp-element-caption\">Rangement jardinage \u2192 <a href=\"https:\/\/www.cocondedecoration.com\/blog\/2023\/04\/rangement-jardin\/\" target=\"_blank\" rel=\"noopener\" title=\"\">D\u00e9couvrir le guide<\/a><\/figcaption><\/figure>\n<\/div>\n\n\n\n<div class=\"wp-block-cb-slide\">\n<figure class=\"wp-block-image size-large\"><a href=\"https:\/\/www.cocondedecoration.com\/blog\/wp-content\/uploads\/2025\/04\/guide-deco-jardin-salon-en-bois.png\"><img loading=\"lazy\" decoding=\"async\" width=\"640\" height=\"960\" src=\"https:\/\/www.cocondedecoration.com\/blog\/wp-content\/uploads\/2025\/04\/guide-deco-jardin-salon-en-bois-640x960.png\" alt=\"guide d\u00e9co jardin am\u00e9nagement salon de jardin en bois\" class=\"wp-image-82810\" title=\"guide d\u00e9co jardin am\u00e9nagement salon de jardin en bois\" srcset=\"https:\/\/www.cocondedecoration.com\/blog\/wp-content\/uploads\/2025\/04\/guide-deco-jardin-salon-en-bois-640x960.png 640w, https:\/\/www.cocondedecoration.com\/blog\/wp-content\/uploads\/2025\/04\/guide-deco-jardin-salon-en-bois-260x390.png 260w, https:\/\/www.cocondedecoration.com\/blog\/wp-content\/uploads\/2025\/04\/guide-deco-jardin-salon-en-bois-768x1152.png 768w, https:\/\/www.cocondedecoration.com\/blog\/wp-content\/uploads\/2025\/04\/guide-deco-jardin-salon-en-bois-367x550.png 367w, https:\/\/www.cocondedecoration.com\/blog\/wp-content\/uploads\/2025\/04\/guide-deco-jardin-salon-en-bois-333x500.png 333w, https:\/\/www.cocondedecoration.com\/blog\/wp-content\/uploads\/2025\/04\/guide-deco-jardin-salon-en-bois.png 1000w\" sizes=\"(max-width: 640px) 100vw, 640px\" \/><\/a><figcaption class=\"wp-element-caption\">Salon de jardin en bois \u2192 <a href=\"https:\/\/www.cocondedecoration.com\/blog\/2022\/06\/ou-trouver-salon-jardin-bois\/\" target=\"_blank\" rel=\"noopener\" title=\"\">D\u00e9couvrir le guide<\/a><\/figcaption><\/figure>\n<\/div>\n<\/div>\n\n\n\n<p>Tous les guides autour du jardin et du balcon sont <a href=\"https:\/\/www.cocondedecoration.com\/blog\/category\/deco-piece-par-piece\/jardin-et-exterieur\/guide-deco-mobilier-de-jardin\/\" target=\"_blank\" rel=\"noopener\" title=\"\">dispo ici<\/a><\/p>\n\n\n\n<div style=\"height:50px\" aria-hidden=\"true\" class=\"wp-block-spacer\"><\/div>\n\n\n\n<div class=\"wp-block-columns has-2-columns is-layout-flex wp-container-core-columns-layout-6 wp-block-columns-is-layout-flex\">\n<div class=\"wp-block-column is-layout-flow wp-block-column-is-layout-flow\">\n<figure class=\"wp-block-image\"><img loading=\"lazy\" decoding=\"async\" width=\"640\" height=\"960\" src=\"https:\/\/www.cocondedecoration.com\/blog\/wp-content\/uploads\/2023\/06\/amenagement-deco-petit-patio-exterieur-6-640x960.jpeg\" alt=\"amenagement deco petit patio exterieur poutre effet pergola vigne grimpante ombre tapis cacher carrelage terrasse salon de jardin 4 fauteuil blancs et table basse ronde chic ventilateur\" class=\"wp-image-61607\" srcset=\"https:\/\/www.cocondedecoration.com\/blog\/wp-content\/uploads\/2023\/06\/amenagement-deco-petit-patio-exterieur-6-640x960.jpeg 640w, https:\/\/www.cocondedecoration.com\/blog\/wp-content\/uploads\/2023\/06\/amenagement-deco-petit-patio-exterieur-6-260x390.jpeg 260w, https:\/\/www.cocondedecoration.com\/blog\/wp-content\/uploads\/2023\/06\/amenagement-deco-petit-patio-exterieur-6-768x1152.jpeg 768w, https:\/\/www.cocondedecoration.com\/blog\/wp-content\/uploads\/2023\/06\/amenagement-deco-petit-patio-exterieur-6-367x550.jpeg 367w, https:\/\/www.cocondedecoration.com\/blog\/wp-content\/uploads\/2023\/06\/amenagement-deco-petit-patio-exterieur-6-333x500.jpeg 333w, https:\/\/www.cocondedecoration.com\/blog\/wp-content\/uploads\/2023\/06\/amenagement-deco-petit-patio-exterieur-6.jpeg 1000w\" sizes=\"(max-width: 640px) 100vw, 640px\" \/><figcaption>youtube.com\n<\/figcaption><\/figure>\n<\/div>\n\n\n\n<div class=\"wp-block-column is-layout-flow wp-block-column-is-layout-flow\">\n<div style=\"height:80px\" aria-hidden=\"true\" class=\"wp-block-spacer\"><\/div>\n\n\n\n<h2 class=\"wp-block-heading\">06 \u2022 Un patio simple et chic avec ventilateur <\/h2>\n\n\n\n<p>On revient \u00e0 un d\u00e9cor un peu plus classique pour ce sixi\u00e8me patio: <\/p>\n\n\n\n<ul><li>des poutres qui cr\u00e9ent un effet pergola avec une vigne grimpante qui offre de l'ombre; <\/li><li>un grand tapis ext\u00e9rieur pour cacher le carrelage de la terrasse et rendre plus intime l'espace salon; <\/li><li><a href=\"https:\/\/www.cocondedecoration.com\/blog\/2022\/06\/ou-trouver-salon-jardin-bois\/\" target=\"_blank\" rel=\"noreferrer noopener\" aria-label=\"un salon de jardin (s\u2019ouvre dans un nouvel onglet)\">un salon de jardin<\/a> compos\u00e9 de 4 fauteuil blancs et table basse ronde. Ils cr\u00e9ent un sentiment assez chic sans en faire des tonnes;  <\/li><li>un ventilateur suspendu aux poutres. <\/li><\/ul>\n\n\n\n<p>Le ventilateur me parle beaucoup. Quand je vivais en France, j'\u00e9tais dans le nord et donc la question de la chaleur n'\u00e9tait pas souvent un probl\u00e8me. Il y a quelques mois, je parlais en visio avec la m\u00e8re de mon fr\u00e8re et elle a hallucin\u00e9 parce que j'\u00e9tais dehors avec un ventilo point\u00e9 directement sur moi. Le ventilateur en int\u00e9rieur comme en ext\u00e9rieur est un indispensable dans mon quotidien. Et comme visiblement les p\u00e9riodes de canicule en France sont de plus en plus fr\u00e9quentes, c'est peut-\u00eatre un \u00e9l\u00e9ment qu'il serait int\u00e9ressant d'installer sur votre patio. Associ\u00e9 ici avec une vigne qui cr\u00e9e de l'ombre, tout est fait pour cr\u00e9er une atmosph\u00e8re plus respirable dans votre courette. <\/p>\n<\/div>\n<\/div>\n\n\n\n<div class=\"wp-block-columns has-2-columns is-layout-flex wp-container-core-columns-layout-7 wp-block-columns-is-layout-flex\">\n<div class=\"wp-block-column is-layout-flow wp-block-column-is-layout-flow\">\n<div style=\"height:100px\" aria-hidden=\"true\" class=\"wp-block-spacer\"><\/div>\n\n\n\n<h2 class=\"wp-block-heading\">07 \u2022 Un patio de ville moderne et boh\u00e8me <\/h2>\n\n\n\n<p>je n'ai jamais cach\u00e9 qu'en int\u00e9rieur, je n'\u00e9tais pas fan des d\u00e9cors boh\u00e8mes. Je trouve \u00e7a joli mais chez les autres. En ext\u00e9rieur, c'est autre chose. J'aime beaucoup et je pourrais tr\u00e8s bien m'inspirer de ce genre d'ambiance si j'avais un ext\u00e9rieur \u00e0 moi. Ici, le c\u00f4t\u00e9 boh\u00e8me est retranscrit par un seul \u00e9l\u00e9ment: le hamac. Mais comme il est en plein milieu du patio, il a un fort pouvoir d\u00e9coratif. Et quand on ne s'en sert pas, rien n'emp\u00eache de le d\u00e9tacher pour profiter \u00e0 100% du petit espace dehors. Dans cette inspiration, j'aime beaucoup: <\/p>\n\n\n\n<ul><li><a href=\"https:\/\/www.cocondedecoration.com\/blog\/2021\/04\/choix-materiaux-terrasse\/\" target=\"_blank\" rel=\"noreferrer noopener\" aria-label=\"le sol en carrelage (s\u2019ouvre dans un nouvel onglet)\">le sol en carrelage<\/a> blanc hexagonal moderne; <\/li><li>le hamac gris avec du macram\u00e9 qui offre un c\u00f4t\u00e9 tr\u00e8s boh\u00e8me \u00e0 ce tout petit espace;<\/li><li>les plantes vertes en pots \u00e0 chaque angle de la cour; <\/li><li>les fauteuils en bois pour petit coin repas \/ caf\u00e9 dehors.<\/li><\/ul>\n<\/div>\n\n\n\n<div class=\"wp-block-column is-layout-flow wp-block-column-is-layout-flow\">\n<figure class=\"wp-block-image\"><img loading=\"lazy\" decoding=\"async\" width=\"640\" height=\"960\" src=\"https:\/\/www.cocondedecoration.com\/blog\/wp-content\/uploads\/2023\/06\/amenagement-deco-petit-patio-exterieur-7-640x960.jpeg\" alt=\"amenagement deco petit patio exterieur sol blanc forme hexagonal moderne boh\u00e8me chic hamac gris fauteuil en bois petit coin repas dehors maison de ville\" class=\"wp-image-61606\" srcset=\"https:\/\/www.cocondedecoration.com\/blog\/wp-content\/uploads\/2023\/06\/amenagement-deco-petit-patio-exterieur-7-640x960.jpeg 640w, https:\/\/www.cocondedecoration.com\/blog\/wp-content\/uploads\/2023\/06\/amenagement-deco-petit-patio-exterieur-7-260x390.jpeg 260w, https:\/\/www.cocondedecoration.com\/blog\/wp-content\/uploads\/2023\/06\/amenagement-deco-petit-patio-exterieur-7-768x1152.jpeg 768w, https:\/\/www.cocondedecoration.com\/blog\/wp-content\/uploads\/2023\/06\/amenagement-deco-petit-patio-exterieur-7-367x550.jpeg 367w, https:\/\/www.cocondedecoration.com\/blog\/wp-content\/uploads\/2023\/06\/amenagement-deco-petit-patio-exterieur-7-333x500.jpeg 333w, https:\/\/www.cocondedecoration.com\/blog\/wp-content\/uploads\/2023\/06\/amenagement-deco-petit-patio-exterieur-7.jpeg 1000w\" sizes=\"(max-width: 640px) 100vw, 640px\" \/><figcaption>facebook.com\n<\/figcaption><\/figure>\n<\/div>\n<\/div>\n\n\n\n<div class=\"wp-block-columns has-2-columns is-layout-flex wp-container-core-columns-layout-8 wp-block-columns-is-layout-flex\">\n<div class=\"wp-block-column is-layout-flow wp-block-column-is-layout-flow\">\n<figure class=\"wp-block-image\"><img loading=\"lazy\" decoding=\"async\" width=\"640\" height=\"960\" src=\"https:\/\/www.cocondedecoration.com\/blog\/wp-content\/uploads\/2023\/06\/amenagement-deco-petit-patio-exterieur-8-640x960.jpeg\" alt=\"amenagement deco petit patio exterieur moderne mur en brique authentique couple ou personne seule fauteuil confortable d\u00e9caissement v\u00e9g\u00e9tal jardini\u00e8re terrasse en b\u00e9ton\" class=\"wp-image-61605\" srcset=\"https:\/\/www.cocondedecoration.com\/blog\/wp-content\/uploads\/2023\/06\/amenagement-deco-petit-patio-exterieur-8-640x960.jpeg 640w, https:\/\/www.cocondedecoration.com\/blog\/wp-content\/uploads\/2023\/06\/amenagement-deco-petit-patio-exterieur-8-260x390.jpeg 260w, https:\/\/www.cocondedecoration.com\/blog\/wp-content\/uploads\/2023\/06\/amenagement-deco-petit-patio-exterieur-8-768x1152.jpeg 768w, https:\/\/www.cocondedecoration.com\/blog\/wp-content\/uploads\/2023\/06\/amenagement-deco-petit-patio-exterieur-8-367x550.jpeg 367w, https:\/\/www.cocondedecoration.com\/blog\/wp-content\/uploads\/2023\/06\/amenagement-deco-petit-patio-exterieur-8-333x500.jpeg 333w, https:\/\/www.cocondedecoration.com\/blog\/wp-content\/uploads\/2023\/06\/amenagement-deco-petit-patio-exterieur-8.jpeg 1000w\" sizes=\"(max-width: 640px) 100vw, 640px\" \/><figcaption>youtube.com\n<\/figcaption><\/figure>\n<\/div>\n\n\n\n<div class=\"wp-block-column is-layout-flow wp-block-column-is-layout-flow\">\n<div style=\"height:100px\" aria-hidden=\"true\" class=\"wp-block-spacer\"><\/div>\n\n\n\n<h2 class=\"wp-block-heading\">08 \u2022 Un patio contemporain &amp; v\u00e9g\u00e9tal <\/h2>\n\n\n\n<p>Il y a plusieurs \u00e9l\u00e9ments esth\u00e9tiques \/ architecturaux qui cr\u00e9ent l'ambiance moderne dans ce patio <a href=\"https:\/\/www.cocondedecoration.com\/blog\/2022\/07\/amenager-balcon-en-longueur\/\" target=\"_blank\" rel=\"noreferrer noopener\" aria-label=\"tout en longueur: (s\u2019ouvre dans un nouvel onglet)\">tout en longueur:<\/a> le mur en brique, les menuiseries en aluminum fonc\u00e9, le sol en b\u00e9ton. Ce petit espace est parfait pour un couple ou une personne seule. Malgr\u00e9 l'espace restreint, on ne manque pas de confort avec le fauteuil et le repose-pied assorti.  <br>Ce qui me parle le plus ici, c'est que malgr\u00e9 le tr\u00e8s petit espace tr\u00e8s cloisonn\u00e9, la nature trouve sa place, notamment gr\u00e2ce \u00e0 un d\u00e9caissement dans la terrasse pour cr\u00e9er une jardini\u00e8re, plus l'arbre au centre du mur du fond. <\/p>\n<\/div>\n<\/div>\n\n\n\n<div class=\"wp-block-columns has-2-columns is-layout-flex wp-container-core-columns-layout-9 wp-block-columns-is-layout-flex\">\n<div class=\"wp-block-column is-layout-flow wp-block-column-is-layout-flow\">\n<div style=\"height:100px\" aria-hidden=\"true\" class=\"wp-block-spacer\"><\/div>\n\n\n\n<h2 class=\"wp-block-heading\">09 \u2022 Un patio qui invite \u00e0 l'\u00e9vasion<\/h2>\n\n\n\n<p>Pour cette avant-derni\u00e8re inspiration, je souhaitais vous montrer un autre exemple de patio tout en longueur. Il y a un c\u00f4t\u00e9 charmant, \u00e9l\u00e9gant, classique ici qui me fait voyager dans le sud de l'Europe. La d\u00e9coration est assez simple et sommaire. En revanche le carrelage avec motif carreaux de ciment, la fontaine contre l'une des fa\u00e7ades, les pots de fleurs en pierre avec arbustes contribuent \u00e0 un sentiment d'\u00e9vasion. Je suis tr\u00e8s fan des murs v\u00e9g\u00e9talis\u00e9s qui n'encombrent pas l'espace au sol et qui laissent la place pour une <a href=\"https:\/\/www.cocondedecoration.com\/blog\/2020\/06\/ou-trouver-un-salon-de-jardin-pour-le-balcon\/\" target=\"_blank\" rel=\"noreferrer noopener\" aria-label=\"petite table  (s\u2019ouvre dans un nouvel onglet)\">petite table <\/a>et chaises pliantes histoire de prendre un caf\u00e9 paisiblement dehors. <\/p>\n<\/div>\n\n\n\n<div class=\"wp-block-column is-layout-flow wp-block-column-is-layout-flow\">\n<figure class=\"wp-block-image\"><img loading=\"lazy\" decoding=\"async\" width=\"640\" height=\"960\" src=\"https:\/\/www.cocondedecoration.com\/blog\/wp-content\/uploads\/2023\/06\/amenagement-deco-petit-patio-exterieur-9-640x960.jpeg\" alt=\"amenagement deco petit patio exterieur charmant \u00e9l\u00e9gant classique avec escalier maison de ville petit espace carrelage terrasse pratique avec motif fontaine contre fa\u00e7ade pot de fleurs avec arbustes mur v\u00e9g\u00e9tal petite table et chaise pliante pour prendre un caf\u00e9\" class=\"wp-image-61604\" srcset=\"https:\/\/www.cocondedecoration.com\/blog\/wp-content\/uploads\/2023\/06\/amenagement-deco-petit-patio-exterieur-9-640x960.jpeg 640w, https:\/\/www.cocondedecoration.com\/blog\/wp-content\/uploads\/2023\/06\/amenagement-deco-petit-patio-exterieur-9-260x390.jpeg 260w, https:\/\/www.cocondedecoration.com\/blog\/wp-content\/uploads\/2023\/06\/amenagement-deco-petit-patio-exterieur-9-768x1152.jpeg 768w, https:\/\/www.cocondedecoration.com\/blog\/wp-content\/uploads\/2023\/06\/amenagement-deco-petit-patio-exterieur-9-367x550.jpeg 367w, https:\/\/www.cocondedecoration.com\/blog\/wp-content\/uploads\/2023\/06\/amenagement-deco-petit-patio-exterieur-9-333x500.jpeg 333w, https:\/\/www.cocondedecoration.com\/blog\/wp-content\/uploads\/2023\/06\/amenagement-deco-petit-patio-exterieur-9.jpeg 1000w\" sizes=\"(max-width: 640px) 100vw, 640px\" \/><figcaption>airbnb.com\n<\/figcaption><\/figure>\n<\/div>\n<\/div>\n\n\n\n<div class=\"wp-block-columns has-2-columns is-layout-flex wp-container-core-columns-layout-10 wp-block-columns-is-layout-flex\">\n<div class=\"wp-block-column is-layout-flow wp-block-column-is-layout-flow\">\n<figure class=\"wp-block-image\"><img loading=\"lazy\" decoding=\"async\" width=\"640\" height=\"960\" src=\"https:\/\/www.cocondedecoration.com\/blog\/wp-content\/uploads\/2023\/06\/amenagement-deco-petit-patio-exterieur-10-640x960.jpeg\" alt=\"amenagement deco petit patio exterieur suspension ext\u00e9rieure poutre entre deux fa\u00e7ades fauteuils de jardin blancs petite table basse tapis noir et blanc plante grimpantes\" class=\"wp-image-61603\" srcset=\"https:\/\/www.cocondedecoration.com\/blog\/wp-content\/uploads\/2023\/06\/amenagement-deco-petit-patio-exterieur-10-640x960.jpeg 640w, https:\/\/www.cocondedecoration.com\/blog\/wp-content\/uploads\/2023\/06\/amenagement-deco-petit-patio-exterieur-10-260x390.jpeg 260w, https:\/\/www.cocondedecoration.com\/blog\/wp-content\/uploads\/2023\/06\/amenagement-deco-petit-patio-exterieur-10-768x1152.jpeg 768w, https:\/\/www.cocondedecoration.com\/blog\/wp-content\/uploads\/2023\/06\/amenagement-deco-petit-patio-exterieur-10-367x550.jpeg 367w, https:\/\/www.cocondedecoration.com\/blog\/wp-content\/uploads\/2023\/06\/amenagement-deco-petit-patio-exterieur-10-333x500.jpeg 333w, https:\/\/www.cocondedecoration.com\/blog\/wp-content\/uploads\/2023\/06\/amenagement-deco-petit-patio-exterieur-10.jpeg 1000w\" sizes=\"(max-width: 640px) 100vw, 640px\" \/><figcaption>Handmade via Pinterest<\/figcaption><\/figure>\n<\/div>\n\n\n\n<div class=\"wp-block-column is-layout-flow wp-block-column-is-layout-flow\">\n<div style=\"height:100px\" aria-hidden=\"true\" class=\"wp-block-spacer\"><\/div>\n\n\n\n<h2 class=\"wp-block-heading\">10 \u2022 Simplicit\u00e9 et essentiel <\/h2>\n\n\n\n<p>Je termine ma s\u00e9lection avec un patio am\u00e9nag\u00e9 simplement mais efficacement. On y trouve: <\/p>\n\n\n\n<ul><li>des suspensions ext\u00e9rieures accroch\u00e9es aux poutres entre deux fa\u00e7ades;<\/li><li>des fauteuils de jardin blancs,<\/li><li>une petite table basse, <\/li><li>un tapis noir et blanc, <\/li><li>des plantes grimpantes.<\/li><\/ul>\n\n\n\n<p>R\u00e9guli\u00e8rement, au travers de mes articles, j'\u00e9voque les diff\u00e9rentes facettes que peut avoir la simplicit\u00e9. Et l\u00e0, on en a un exemple assez facile \u00e0 reproduire. L'essentiel pour passer un moment agr\u00e9able dehors est l\u00e0. Comme le patio est par essence un petit espace, il n'est pas utile de s'encombrer de ce qui n'est pas n\u00e9cessaire \/ utile. <\/p>\n<\/div>\n<\/div>\n\n\n\n<h2 class=\"wp-block-heading\">Petite terrasse et balcon: des guides d\u00e9co pour vous aider <\/h2>\n\n\n\n<p>Am\u00e9nagez et d\u00e9corez facilement votre balcon ou votre petite terrasse gr\u00e2ce \u00e0 mes guides d\u00e9co. <\/p>\n\n\n\n<div class=\"wp-block-cb-carousel\" data-slick=\"{&quot;slidesToShow&quot;:3,&quot;slidesToScroll&quot;:1,&quot;speed&quot;:300,&quot;arrows&quot;:true,&quot;dots&quot;:false,&quot;autoplay&quot;:false,&quot;autoplaySpeed&quot;:3000,&quot;infinite&quot;:true,&quot;responsive&quot;:[{&quot;breakpoint&quot;:769,&quot;settings&quot;:{&quot;slidesToShow&quot;:1,&quot;slidesToScroll&quot;:1}}]}\">\n<div class=\"wp-block-cb-slide\">\n<figure class=\"wp-block-image size-large\"><a href=\"https:\/\/www.cocondedecoration.com\/blog\/wp-content\/uploads\/2026\/04\/guide-deco-petite-terrasse-balcon-1.png\"><img loading=\"lazy\" decoding=\"async\" width=\"640\" height=\"960\" src=\"https:\/\/www.cocondedecoration.com\/blog\/wp-content\/uploads\/2026\/04\/guide-deco-petite-terrasse-balcon-1-640x960.png\" alt=\"Tablette \u00e0 suspendre garde-corps Guide d\u00e9co petite terrasse et balcon \" class=\"wp-image-89029\" title=\"Tablette \u00e0 suspendre garde-corps Guide d\u00e9co petite terrasse et balcon \" srcset=\"https:\/\/www.cocondedecoration.com\/blog\/wp-content\/uploads\/2026\/04\/guide-deco-petite-terrasse-balcon-1-640x960.png 640w, https:\/\/www.cocondedecoration.com\/blog\/wp-content\/uploads\/2026\/04\/guide-deco-petite-terrasse-balcon-1-260x390.png 260w, https:\/\/www.cocondedecoration.com\/blog\/wp-content\/uploads\/2026\/04\/guide-deco-petite-terrasse-balcon-1-768x1152.png 768w, https:\/\/www.cocondedecoration.com\/blog\/wp-content\/uploads\/2026\/04\/guide-deco-petite-terrasse-balcon-1-367x550.png 367w, https:\/\/www.cocondedecoration.com\/blog\/wp-content\/uploads\/2026\/04\/guide-deco-petite-terrasse-balcon-1-333x500.png 333w, https:\/\/www.cocondedecoration.com\/blog\/wp-content\/uploads\/2026\/04\/guide-deco-petite-terrasse-balcon-1.png 1000w\" sizes=\"(max-width: 640px) 100vw, 640px\" \/><\/a><figcaption class=\"wp-element-caption\">Tablette de balcon \u2192 <a href=\"https:\/\/www.cocondedecoration.com\/blog\/2025\/04\/table-suspendue-balcon\/\" target=\"_blank\" rel=\"noopener\" title=\"\">Guide ici<\/a><\/figcaption><\/figure>\n<\/div>\n\n\n\n<div class=\"wp-block-cb-slide\">\n<figure class=\"wp-block-image size-large\"><a href=\"https:\/\/www.cocondedecoration.com\/blog\/wp-content\/uploads\/2026\/04\/guide-deco-petite-terrasse-balcon-2.png\"><img loading=\"lazy\" decoding=\"async\" width=\"640\" height=\"960\" src=\"https:\/\/www.cocondedecoration.com\/blog\/wp-content\/uploads\/2026\/04\/guide-deco-petite-terrasse-balcon-2-640x960.png\" alt=\"mobilier m\u00e9ridenne ext\u00e9rieure outdoor Guide d\u00e9co petite terrasse et balcon \" class=\"wp-image-89030\" title=\"mobilier m\u00e9ridenne ext\u00e9rieure outdoor Guide d\u00e9co petite terrasse et balcon \" srcset=\"https:\/\/www.cocondedecoration.com\/blog\/wp-content\/uploads\/2026\/04\/guide-deco-petite-terrasse-balcon-2-640x960.png 640w, https:\/\/www.cocondedecoration.com\/blog\/wp-content\/uploads\/2026\/04\/guide-deco-petite-terrasse-balcon-2-260x390.png 260w, https:\/\/www.cocondedecoration.com\/blog\/wp-content\/uploads\/2026\/04\/guide-deco-petite-terrasse-balcon-2-768x1152.png 768w, https:\/\/www.cocondedecoration.com\/blog\/wp-content\/uploads\/2026\/04\/guide-deco-petite-terrasse-balcon-2-367x550.png 367w, https:\/\/www.cocondedecoration.com\/blog\/wp-content\/uploads\/2026\/04\/guide-deco-petite-terrasse-balcon-2-333x500.png 333w, https:\/\/www.cocondedecoration.com\/blog\/wp-content\/uploads\/2026\/04\/guide-deco-petite-terrasse-balcon-2.png 1000w\" sizes=\"(max-width: 640px) 100vw, 640px\" \/><\/a><figcaption class=\"wp-element-caption\">M\u00e9ridienne ext\u00e9rieure \u2192 <a href=\"https:\/\/www.cocondedecoration.com\/blog\/2022\/06\/ou-trouver-daybed-jardin\/\" target=\"_blank\" rel=\"noopener\" title=\"\">Guide ici<\/a><\/figcaption><\/figure>\n<\/div>\n\n\n\n<div class=\"wp-block-cb-slide\">\n<figure class=\"wp-block-image size-large\"><a href=\"https:\/\/www.cocondedecoration.com\/blog\/wp-content\/uploads\/2026\/04\/guide-deco-petite-terrasse-balcon-3.png\"><img loading=\"lazy\" decoding=\"async\" width=\"640\" height=\"960\" src=\"https:\/\/www.cocondedecoration.com\/blog\/wp-content\/uploads\/2026\/04\/guide-deco-petite-terrasse-balcon-3-640x960.png\" alt=\"s\u00e9lection de coussins imperm\u00e9ables ext\u00e9rieur Guide d\u00e9co petite terrasse et balcon \" class=\"wp-image-89031\" title=\"s\u00e9lection de coussins imperm\u00e9ables ext\u00e9rieur Guide d\u00e9co petite terrasse et balcon \" srcset=\"https:\/\/www.cocondedecoration.com\/blog\/wp-content\/uploads\/2026\/04\/guide-deco-petite-terrasse-balcon-3-640x960.png 640w, https:\/\/www.cocondedecoration.com\/blog\/wp-content\/uploads\/2026\/04\/guide-deco-petite-terrasse-balcon-3-260x390.png 260w, https:\/\/www.cocondedecoration.com\/blog\/wp-content\/uploads\/2026\/04\/guide-deco-petite-terrasse-balcon-3-768x1152.png 768w, https:\/\/www.cocondedecoration.com\/blog\/wp-content\/uploads\/2026\/04\/guide-deco-petite-terrasse-balcon-3-367x550.png 367w, https:\/\/www.cocondedecoration.com\/blog\/wp-content\/uploads\/2026\/04\/guide-deco-petite-terrasse-balcon-3-333x500.png 333w, https:\/\/www.cocondedecoration.com\/blog\/wp-content\/uploads\/2026\/04\/guide-deco-petite-terrasse-balcon-3.png 1000w\" sizes=\"(max-width: 640px) 100vw, 640px\" \/><\/a><figcaption class=\"wp-element-caption\"> Coussins imperm\u00e9ables \u2192 <a href=\"https:\/\/www.cocondedecoration.com\/blog\/2024\/05\/coussin-exterieur-impermeable\/\" target=\"_blank\" rel=\"noopener\" title=\"\">Guide ici<\/a><\/figcaption><\/figure>\n<\/div>\n\n\n\n<div class=\"wp-block-cb-slide\">\n<figure class=\"wp-block-image size-large\"><a href=\"https:\/\/www.cocondedecoration.com\/blog\/wp-content\/uploads\/2026\/04\/guide-deco-petite-terrasse-balcon-4.png\"><img loading=\"lazy\" decoding=\"async\" width=\"640\" height=\"960\" src=\"https:\/\/www.cocondedecoration.com\/blog\/wp-content\/uploads\/2026\/04\/guide-deco-petite-terrasse-balcon-4-640x960.png\" alt=\"petit salon de jardin modernes Guide d\u00e9co petite terrasse et balcon \" class=\"wp-image-89032\" title=\"petit salon de jardin modernes Guide d\u00e9co petite terrasse et balcon \" srcset=\"https:\/\/www.cocondedecoration.com\/blog\/wp-content\/uploads\/2026\/04\/guide-deco-petite-terrasse-balcon-4-640x960.png 640w, https:\/\/www.cocondedecoration.com\/blog\/wp-content\/uploads\/2026\/04\/guide-deco-petite-terrasse-balcon-4-260x390.png 260w, https:\/\/www.cocondedecoration.com\/blog\/wp-content\/uploads\/2026\/04\/guide-deco-petite-terrasse-balcon-4-768x1152.png 768w, https:\/\/www.cocondedecoration.com\/blog\/wp-content\/uploads\/2026\/04\/guide-deco-petite-terrasse-balcon-4-367x550.png 367w, https:\/\/www.cocondedecoration.com\/blog\/wp-content\/uploads\/2026\/04\/guide-deco-petite-terrasse-balcon-4-333x500.png 333w, https:\/\/www.cocondedecoration.com\/blog\/wp-content\/uploads\/2026\/04\/guide-deco-petite-terrasse-balcon-4.png 1000w\" sizes=\"(max-width: 640px) 100vw, 640px\" \/><\/a><figcaption class=\"wp-element-caption\">Petits salons de jardin \u2192 <a href=\"https:\/\/www.cocondedecoration.com\/blog\/2020\/06\/ou-trouver-un-salon-de-jardin-pour-le-balcon\/\" target=\"_blank\" rel=\"noopener\" title=\"\">Guide ici<\/a><\/figcaption><\/figure>\n<\/div>\n\n\n\n<div class=\"wp-block-cb-slide\">\n<figure class=\"wp-block-image size-large\"><a href=\"https:\/\/www.cocondedecoration.com\/blog\/wp-content\/uploads\/2026\/04\/guide-deco-petite-terrasse-balcon-5.png\"><img loading=\"lazy\" decoding=\"async\" width=\"640\" height=\"960\" src=\"https:\/\/www.cocondedecoration.com\/blog\/wp-content\/uploads\/2026\/04\/guide-deco-petite-terrasse-balcon-5-640x960.png\" alt=\"chilienne assises pliantes modernes Guide d\u00e9co petite terrasse et balcon \" class=\"wp-image-89033\" title=\"chilienne assises pliantes modernes Guide d\u00e9co petite terrasse et balcon \" srcset=\"https:\/\/www.cocondedecoration.com\/blog\/wp-content\/uploads\/2026\/04\/guide-deco-petite-terrasse-balcon-5-640x960.png 640w, https:\/\/www.cocondedecoration.com\/blog\/wp-content\/uploads\/2026\/04\/guide-deco-petite-terrasse-balcon-5-260x390.png 260w, https:\/\/www.cocondedecoration.com\/blog\/wp-content\/uploads\/2026\/04\/guide-deco-petite-terrasse-balcon-5-768x1152.png 768w, https:\/\/www.cocondedecoration.com\/blog\/wp-content\/uploads\/2026\/04\/guide-deco-petite-terrasse-balcon-5-367x550.png 367w, https:\/\/www.cocondedecoration.com\/blog\/wp-content\/uploads\/2026\/04\/guide-deco-petite-terrasse-balcon-5-333x500.png 333w, https:\/\/www.cocondedecoration.com\/blog\/wp-content\/uploads\/2026\/04\/guide-deco-petite-terrasse-balcon-5.png 1000w\" sizes=\"(max-width: 640px) 100vw, 640px\" \/><\/a><figcaption class=\"wp-element-caption\">Chiliennes modernes \u2192 <a href=\"https:\/\/www.cocondedecoration.com\/blog\/2021\/06\/chilienne-imprimee-couleur\/\" target=\"_blank\" rel=\"noopener\" title=\"\">Guide ici<\/a><\/figcaption><\/figure>\n<\/div>\n\n\n\n<div class=\"wp-block-cb-slide\">\n<figure class=\"wp-block-image size-large\"><a href=\"https:\/\/www.cocondedecoration.com\/blog\/wp-content\/uploads\/2026\/04\/guide-deco-petite-terrasse-balcon-6.png\"><img loading=\"lazy\" decoding=\"async\" width=\"640\" height=\"960\" src=\"https:\/\/www.cocondedecoration.com\/blog\/wp-content\/uploads\/2026\/04\/guide-deco-petite-terrasse-balcon-6-640x960.png\" alt=\"Liste de plantes vari\u00e9t\u00e9s id\u00e9ales petits espaces Guide d\u00e9co petite terrasse et balcon \" class=\"wp-image-89034\" title=\"Liste de plantes vari\u00e9t\u00e9s id\u00e9ales petits espaces Guide d\u00e9co petite terrasse et balcon \" srcset=\"https:\/\/www.cocondedecoration.com\/blog\/wp-content\/uploads\/2026\/04\/guide-deco-petite-terrasse-balcon-6-640x960.png 640w, https:\/\/www.cocondedecoration.com\/blog\/wp-content\/uploads\/2026\/04\/guide-deco-petite-terrasse-balcon-6-260x390.png 260w, https:\/\/www.cocondedecoration.com\/blog\/wp-content\/uploads\/2026\/04\/guide-deco-petite-terrasse-balcon-6-768x1152.png 768w, https:\/\/www.cocondedecoration.com\/blog\/wp-content\/uploads\/2026\/04\/guide-deco-petite-terrasse-balcon-6-367x550.png 367w, https:\/\/www.cocondedecoration.com\/blog\/wp-content\/uploads\/2026\/04\/guide-deco-petite-terrasse-balcon-6-333x500.png 333w, https:\/\/www.cocondedecoration.com\/blog\/wp-content\/uploads\/2026\/04\/guide-deco-petite-terrasse-balcon-6.png 1000w\" sizes=\"(max-width: 640px) 100vw, 640px\" \/><\/a><figcaption class=\"wp-element-caption\">Quelles plantes choisir? \u2192 <a href=\"https:\/\/www.cocondedecoration.com\/blog\/2022\/05\/quelles-plantes-balcon\/\" target=\"_blank\" rel=\"noopener\" title=\"\">Guide ici<\/a><\/figcaption><\/figure>\n<\/div>\n<\/div>\n\n\n\n<p class=\"has-small-font-size\">Pour plus d'id\u00e9es d\u00e9co au quotidien, n'h\u00e9sitez pas \u00e0 me rejoindre sur <a href=\"https:\/\/www.threads.com\/@cocondedeco\" target=\"_blank\" rel=\"noopener\" title=\"\">Threads<\/a> et \/ ou <a href=\"https:\/\/pinterest.fr\/cocondedeco\/\" target=\"_blank\" rel=\"noopener\" title=\"\">Pinterest<\/a><\/p>\n\n\n\n<hr class=\"wp-block-separator\"\/>\n\n\n\n<p class=\"has-text-align-center has-medium-font-size\">Ne perdons pas contact \ud83d\ude42 Rejoignez moi sur <a href=\"https:\/\/www.pinterest.fr\/cocondedeco\/\" target=\"_blank\" rel=\"noopener\" title=\"\">Pinterest<\/a> |\u00a0<a href=\"https:\/\/www.threads.net\/@cocondedeco\" target=\"_blank\" rel=\"noopener\" title=\"\">Threads<\/a> | <a href=\"https:\/\/www.patreon.com\/collection\/162946?view=expanded\" target=\"_blank\" rel=\"noopener\" title=\"\">la Newsletter<\/a> <br>Vous aimez lire le blog? Vous souhaitez continuer \u00e0 le lire? <a href=\"https:\/\/www.patreon.com\/cocondedeco\" target=\"_blank\" rel=\"noopener\" title=\"\">Devenez m\u00e9c\u00e8ne<\/a> sur Patreon et contribuez \u00e0 sa survie. <\/p>\n\n\n\n<hr class=\"wp-block-separator\"\/>\n\n\n\n<div class=\"wp-block-columns has-2-columns is-layout-flex wp-container-core-columns-layout-11 wp-block-columns-is-layout-flex\">\n<div class=\"wp-block-column is-layout-flow wp-block-column-is-layout-flow\">\n<p style=\"text-align:center\" class=\"has-medium-font-size\">A lire \u00e9galement<\/p>\n\n\n<ul class=\"wp-block-latest-posts__list wp-block-latest-posts\"><li><a class=\"wp-block-latest-posts__post-title\" href=\"https:\/\/www.cocondedecoration.com\/blog\/2026\/04\/organisation-chalet-jardin\/\">Comment organiser efficacement le chalet de jardin?<\/a><\/li>\n<li><a class=\"wp-block-latest-posts__post-title\" href=\"https:\/\/www.cocondedecoration.com\/blog\/2026\/04\/petit-potager\/\">12 id\u00e9es pour un petit potager peu encombrant<\/a><\/li>\n<li><a class=\"wp-block-latest-posts__post-title\" href=\"https:\/\/www.cocondedecoration.com\/blog\/2026\/03\/decoration-mur-terrasse\/\">Mur de terrasse: 20 id\u00e9es pour d\u00e9corer votre ext\u00e9rieur<\/a><\/li>\n<li><a class=\"wp-block-latest-posts__post-title\" href=\"https:\/\/www.cocondedecoration.com\/blog\/2026\/03\/carport-moderne\/\">Carport, une alternative \u00e9conomique pour abriter la voiture<\/a><\/li>\n<li><a class=\"wp-block-latest-posts__post-title\" href=\"https:\/\/www.cocondedecoration.com\/blog\/2026\/01\/jacuzzi-exterieur-terrasse\/\">Jacuzzi ext\u00e9rieur, comment l&rsquo;int\u00e9grer \u00e0 votre terrasse?<\/a><\/li>\n<li><a class=\"wp-block-latest-posts__post-title\" href=\"https:\/\/www.cocondedecoration.com\/blog\/2025\/06\/amenagement-jardin-en-pente\/\">Jardin en pente: quelles solutions pour l&rsquo;am\u00e9nager?<\/a><\/li>\n<li><a class=\"wp-block-latest-posts__post-title\" href=\"https:\/\/www.cocondedecoration.com\/blog\/2025\/05\/galet-decoratif-exterieur\/\">Jardin: cr\u00e9ez un parterre \u00e9l\u00e9gant avec des galets<\/a><\/li>\n<\/ul><\/div>\n\n\n\n<div class=\"wp-block-column is-layout-flow wp-block-column-is-layout-flow\">\n<p class=\"has-text-align-center has-medium-font-size\" style=\"padding-top:var(--wp--preset--spacing--40);padding-bottom:var(--wp--preset--spacing--40)\"><strong>Devenez m\u00e9c\u00e8ne du blog <\/strong><\/p>\n\n\n\n<hr class=\"wp-block-separator has-alpha-channel-opacity is-style-wide\"\/>\n\n\n\n<p style=\"padding-right:var(--wp--preset--spacing--30);padding-left:var(--wp--preset--spacing--30)\">Soutenez mon travail sur le blog et acc\u00e9dez \u00e0 des contreparties exclusives: <\/p>\n\n\n\n<ul style=\"padding-right:var(--wp--preset--spacing--40);padding-left:var(--wp--preset--spacing--40)\">\n<li>Plusieurs centaines d'articles d\u00e9co, lifestyle &amp; voyage r\u00e9serv\u00e9s aux abonn\u00e9\u2022e\u2022s <\/li>\n\n\n\n<li>Toutes les entr\u00e9es de mon side project - mon dictionnaire nomade <\/li>\n\n\n\n<li>Une publicit\u00e9 limit\u00e9e sur les articles Patreon <\/li>\n<\/ul>\n\n\n\n<div class=\"wp-block-buttons is-content-justification-center is-layout-flex wp-container-core-buttons-layout-1 wp-block-buttons-is-layout-flex\">\n<div class=\"wp-block-button\"><a class=\"wp-block-button__link wp-element-button\" href=\"https:\/\/www.patreon.com\/cocondedeco\" target=\"_blank\" rel=\"noreferrer noopener\">Soutenir le blog maintenant<\/a><\/div>\n<\/div>\n<\/div>\n<\/div>\n\n\n\n<div class=\"wp-block-image\"><figure class=\"aligncenter\"><img loading=\"lazy\" decoding=\"async\" width=\"732\" height=\"488\" src=\"https:\/\/www.cocondedecoration.com\/blog\/wp-content\/uploads\/2023\/06\/amenagement-decoration-petit-patio-jardin.jpeg\" alt=\"amenagement decoration petit patio jardin exemple id\u00e9e ext\u00e9rieur \u00e9t\u00e9 vacances meubles outdoor moderne parasol tapis table basse\" class=\"wp-image-61613\" srcset=\"https:\/\/www.cocondedecoration.com\/blog\/wp-content\/uploads\/2023\/06\/amenagement-decoration-petit-patio-jardin.jpeg 732w, https:\/\/www.cocondedecoration.com\/blog\/wp-content\/uploads\/2023\/06\/amenagement-decoration-petit-patio-jardin-260x173.jpeg 260w, https:\/\/www.cocondedecoration.com\/blog\/wp-content\/uploads\/2023\/06\/amenagement-decoration-petit-patio-jardin-640x427.jpeg 640w, https:\/\/www.cocondedecoration.com\/blog\/wp-content\/uploads\/2023\/06\/amenagement-decoration-petit-patio-jardin-465x310.jpeg 465w, https:\/\/www.cocondedecoration.com\/blog\/wp-content\/uploads\/2023\/06\/amenagement-decoration-petit-patio-jardin-695x463.jpeg 695w\" sizes=\"(max-width: 732px) 100vw, 732px\" \/><figcaption>realsimple.com<\/figcaption><\/figure><\/div>\n","protected":false},"excerpt":{"rendered":"<p>Est-ce que j&rsquo;ai une passion pour les patios? Ca se pourrait bien. Comme je suis une fille qui aime la ville et les petits espaces, les patios me parlent forc\u00e9ment. Quand je vivais encore en France, j&rsquo;ai eu plusieurs appartements en rez-de-chauss\u00e9e avec ext\u00e9rieur. Pour nous c&rsquo;\u00e9tait important vu qu&rsquo;on<span class=\"more-link\"><a href=\"https:\/\/www.cocondedecoration.com\/blog\/2023\/06\/decorer-amenager-patio\/\">Lire la suite<\/a><\/span><\/p>\n","protected":false},"author":1,"featured_media":61613,"comment_status":"open","ping_status":"open","sticky":false,"template":"","format":"standard","meta":{"om_disable_all_campaigns":false,"_monsterinsights_skip_tracking":false,"_monsterinsights_sitenote_active":false,"_monsterinsights_sitenote_note":"","_monsterinsights_sitenote_category":0,"_uf_show_specific_survey":0,"_uf_disable_surveys":false,"footnotes":""},"categories":[51331,16048,47296,1982,1713],"tags":[48064,48065,47548,48061,28412,2945,9565,29542,28416,19735,48090,48079,48080,48091,48092,48089,48086,48083,48087,48085,48082,48088,48084,48070,48068,48069,48081,47588,47571,48075,48078,48066,48071,48073,48067,48077,48076,47550,47552,48063,48074,48062,48072,48093,48094],"aioseo_notices":[],"_links":{"self":[{"href":"https:\/\/www.cocondedecoration.com\/blog\/wp-json\/wp\/v2\/posts\/61602"}],"collection":[{"href":"https:\/\/www.cocondedecoration.com\/blog\/wp-json\/wp\/v2\/posts"}],"about":[{"href":"https:\/\/www.cocondedecoration.com\/blog\/wp-json\/wp\/v2\/types\/post"}],"author":[{"embeddable":true,"href":"https:\/\/www.cocondedecoration.com\/blog\/wp-json\/wp\/v2\/users\/1"}],"replies":[{"embeddable":true,"href":"https:\/\/www.cocondedecoration.com\/blog\/wp-json\/wp\/v2\/comments?post=61602"}],"version-history":[{"count":0,"href":"https:\/\/www.cocondedecoration.com\/blog\/wp-json\/wp\/v2\/posts\/61602\/revisions"}],"wp:featuredmedia":[{"embeddable":true,"href":"https:\/\/www.cocondedecoration.com\/blog\/wp-json\/wp\/v2\/media\/61613"}],"wp:attachment":[{"href":"https:\/\/www.cocondedecoration.com\/blog\/wp-json\/wp\/v2\/media?parent=61602"}],"wp:term":[{"taxonomy":"category","embeddable":true,"href":"https:\/\/www.cocondedecoration.com\/blog\/wp-json\/wp\/v2\/categories?post=61602"},{"taxonomy":"post_tag","embeddable":true,"href":"https:\/\/www.cocondedecoration.com\/blog\/wp-json\/wp\/v2\/tags?post=61602"}],"curies":[{"name":"wp","href":"https:\/\/api.w.org\/{rel}","templated":true}]}}