{"id":61502,"date":"2023-06-21T01:00:00","date_gmt":"2023-06-20T23:00:00","guid":{"rendered":"https:\/\/www.cocondedecoration.com\/blog\/?p=61502"},"modified":"2023-10-14T08:22:02","modified_gmt":"2023-10-14T06:22:02","slug":"association-couleur-jaune-violet","status":"publish","type":"post","link":"https:\/\/www.cocondedecoration.com\/blog\/2023\/06\/association-couleur-jaune-violet\/","title":{"rendered":"Couleur d\u00e9co| 14 id\u00e9es pour associer du jaune &#038; du violet"},"content":{"rendered":"\n<p>C'est dingue comme ce mois de juin est pass\u00e9 vite. J'ai l'impression que c'\u00e9tait hier o\u00f9 je vous parlais de couleurs compl\u00e9mentaires. Le mois pass\u00e9, il \u00e9tait question <a rel=\"noreferrer noopener\" aria-label=\"de bleu et orange (s\u2019ouvre dans un nouvel onglet)\" href=\"https:\/\/www.cocondedecoration.com\/blog\/2023\/05\/association-couleur-orange-bleu\/\" target=\"_blank\">de bleu et orange<\/a>, une association de couleurs qui parfois (mais pas toujours) se veut vintage. Cette fois, on va s'int\u00e9resser au jaune et violet. Un mariage de couleurs plus rare mais pas moins d\u00e9co. Alors que le jaune est synonyme de soleil et de bonne humeur, le violet quant \u00e0 lui rev\u00eat diff\u00e9rentes nuances ce qui est parfait pour cr\u00e9er un d\u00e9cor qui vous ressemble. Ce mariage de couleurs peu commun offre de nombreuses possibilit\u00e9s d\u00e9co. Et c'est ce que je vais t\u00e2cher de vous montrer dans la suite de cet article. <\/p>\n\n\n\n<!--more-->\n\n\n\n<div class=\"wp-block-image\"><figure class=\"aligncenter\"><a href=\"https:\/\/www.patreon.com\/cocondedeco\" target=\"_blank\" rel=\"noreferrer noopener\"><img loading=\"lazy\" decoding=\"async\" width=\"728\" height=\"90\" src=\"http:\/\/www.cocondedecoration.com\/blog\/wp-content\/uploads\/2021\/01\/banniere-patreon.png\" alt=\"\" class=\"wp-image-33877\" srcset=\"https:\/\/www.cocondedecoration.com\/blog\/wp-content\/uploads\/2021\/01\/banniere-patreon.png 728w, https:\/\/www.cocondedecoration.com\/blog\/wp-content\/uploads\/2021\/01\/banniere-patreon-260x32.png 260w, https:\/\/www.cocondedecoration.com\/blog\/wp-content\/uploads\/2021\/01\/banniere-patreon-640x79.png 640w, https:\/\/www.cocondedecoration.com\/blog\/wp-content\/uploads\/2021\/01\/banniere-patreon-465x57.png 465w, https:\/\/www.cocondedecoration.com\/blog\/wp-content\/uploads\/2021\/01\/banniere-patreon-695x86.png 695w\" sizes=\"(max-width: 728px) 100vw, 728px\" \/><\/a><\/figure><\/div>\n\n\n\n<p style=\"text-align:center\" class=\"has-background has-small-font-size has-very-light-gray-background-color\">Avant de poursuivre cet article, j'aimerai vous parler quelques instants de Patreon. C'est une plateforme en plus du blog sur laquelle vous pouvez devenir m\u00e9c\u00e8ne du blog. <br><strong>Pourquoi soutenir le blog?<\/strong> <br>Parce que c'est un travail consid\u00e9rable et m\u00eame si je le fais avec passion c'est aussi un travail pr\u00e9caire (<a rel=\"noreferrer noopener\" href=\"https:\/\/www.patreon.com\/posts\/en-quoi-consiste-86917611\" target=\"_blank\">je vous explique tout cela en d\u00e9tail dans ce post<\/a>). Si vous aimez l'article que vous \u00eates en train de lire, si vous me suivez sur les r\u00e9seaux sociaux ou encore si vous lisez r\u00e9guli\u00e8rement le blog, je vous serai reconnaissante de soutenir le blog via Patreon. Par ailleurs, en vous abonnant sur la plateforme vous acc\u00e9derez \u00e0 des contenus exclusifs pour vous remercier de votre soutien. C'est sans engagement et chaque contribution fera la diff\u00e9rence. Merci par avance de votre aide! <br><a rel=\"noreferrer noopener\" href=\"https:\/\/www.patreon.com\/cocondedeco\" target=\"_blank\"><strong>En savoir plus &amp; acc\u00e9der \u00e0 Patreon<\/strong><\/a><\/p>\n\n\n\n<p>Quand j'ai commenc\u00e9 \u00e0 pr\u00e9parer cet article, je ne savais pas trop \u00e0 quoi m'attendre. J'aime le jaune, j'aime le violet mais j'avoue que les m\u00e9langer ne me viendrait pas spontan\u00e9ment. J'ai \u00e9voqu\u00e9 ce mariage dans <a rel=\"noreferrer noopener\" aria-label=\"cet article (s\u2019ouvre dans un nouvel onglet)\" href=\"https:\/\/www.cocondedecoration.com\/blog\/2023\/05\/look-harry-styles-decoration-interieure\/\" target=\"_blank\">cet article<\/a> rapidement. Et quand j'avais trait\u00e9 les couleurs prune \/ aubergine (<a rel=\"noreferrer noopener\" aria-label=\"\u00e0 lire ici (s\u2019ouvre dans un nouvel onglet)\" href=\"https:\/\/www.cocondedecoration.com\/blog\/2023\/03\/interieur-couleur-prune-aubergine\/\" target=\"_blank\">\u00e0 lire ici<\/a>) et ocre (<a rel=\"noreferrer noopener\" aria-label=\"\u00e0 lire l\u00e0 (s\u2019ouvre dans un nouvel onglet)\" href=\"https:\/\/www.cocondedecoration.com\/blog\/2023\/01\/interieur-couleur-jaune-ocre\/\" target=\"_blank\">\u00e0 lire l\u00e0<\/a>), je n'avais pas fait le lien entre les deux. Pourtant, ces couleurs peuvent s'associer. <\/p>\n\n\n\n<p>Dans les teintes les plus vives et soutenues, le jaune et le violet cr\u00e9ent un contraste assez saisissant. Il est moins connu que le blanc et noir mais il n'est pas moins puissant. Je trouve qu'il y a une forme d'\u00e9l\u00e9gance dans ce mariage, notamment quand l'une des deux couleurs couvre du velours. Ces derni\u00e8res ann\u00e9es, les <a href=\"https:\/\/www.cocondedecoration.com\/blog\/category\/couleur-deco\/une-couleur-sombre-dans-la-deco\/\" target=\"_blank\" rel=\"noreferrer noopener\" aria-label=\"couleurs sourdes (s\u2019ouvre dans un nouvel onglet)\">couleurs sourdes<\/a> ont rencontr\u00e9 beaucoup de succ\u00e8s notamment parce qu'elles vous aident \u00e0 cr\u00e9er un d\u00e9cor \u00e9l\u00e9gant et intime. Le violet sourd donne de l'aubergine ou du prune. Et quoi de mieux pour le rendre plus lumineux qu'une touche de jaune? <\/p>\n\n\n\n<p>Dans un esprit plus doux, on peut faire appel au violet dans des nuances parme ou lilas. Ce sont des couleurs plus claires, plus lumineuses qu'il est bien plus facile \u00e0 utiliser en grande quantit\u00e9 (sans perdre en luminosit\u00e9 naturelle de la pi\u00e8ce). Si vous aimez les <a rel=\"noreferrer noopener\" aria-label=\"ambiances color bloc (s\u2019ouvre dans un nouvel onglet)\" href=\"https:\/\/www.cocondedecoration.com\/blog\/category\/couleur-deco\/couleur-addict\/\" target=\"_blank\">ambiances color bloc<\/a>, les int\u00e9rieurs hyper color\u00e9s, ces nuances de violet sont faciles \u00e0 utiliser dans de grandes proportions. Comme pour le violet fonc\u00e9, si on associe du parme ou du lilas avec du jaune, cela donnera un c\u00f4t\u00e9 plus lumineux \u00e0 votre pi\u00e8ce. En revanche, le contraste sera moins marqu\u00e9. Ce mariage de couleurs me fait aussi penser \u00e0 un univers assez printanier, assez naturel.  <br>Retrouvez ici <a href=\"https:\/\/www.cocondedecoration.com\/blog\/category\/decoration-interieure-printemps\/\" target=\"_blank\" rel=\"noreferrer noopener\" aria-label=\"tous mes articles pour faire entrer le printemps chez vous (s\u2019ouvre dans un nouvel onglet)\">tous mes articles pour faire entrer le printemps chez vous<\/a><\/p>\n\n\n\n<p>M\u00e9langer le jaune et le violet peut aussi vous permettre d'offrir \u00e0 votre int\u00e9rieur un air un peu <a rel=\"noreferrer noopener\" aria-label=\"r\u00e9tro (s\u2019ouvre dans un nouvel onglet)\" href=\"https:\/\/www.cocondedecoration.com\/blog\/category\/tendances-deco\/style-deco-vintage\/\" target=\"_blank\">r\u00e9tro<\/a>. Ce sont des couleurs que l'on associe assez facilement aux ann\u00e9es 80 \/ 90. Et c'est parce que je n'ai pas les photos de mon enfance sous la main, parce que je suis \u00e0 peu pr\u00e8s s\u00fbre de trouver une photo de moi avec une tenue mixant ces deux couleurs. Je ne parle pas forc\u00e9ment des nuances fluos. Si on veut vraiment jouer la carte du r\u00e9tro, on peut aussi faire appel au rose ou <a href=\"https:\/\/www.cocondedecoration.com\/blog\/2023\/02\/interieur-couleur-bleu-electrique\/\" target=\"_blank\" rel=\"noreferrer noopener\" aria-label=\"bleu (s\u2019ouvre dans un nouvel onglet)\">bleu<\/a> (qui m'envoient directement dans la s\u00e9rie <em>Sauv\u00e9s par le gong<\/em>). Le jaune et le violet clairs peuvent faire r\u00e9f\u00e9rence au style Memphis des ann\u00e9es 80. Ces couleurs vont \u00eatre associ\u00e9es \u00e0 des formes g\u00e9om\u00e9triques (rond, triangle) mais aussi des \u00e9l\u00e9ments noirs et blancs. <\/p>\n\n\n\n<div class=\"wp-block-columns has-2-columns is-layout-flex wp-container-core-columns-layout-1 wp-block-columns-is-layout-flex\">\n<div class=\"wp-block-column is-layout-flow wp-block-column-is-layout-flow\">\n<h2 class=\"wp-block-heading\">Mur avec moulures parle et canap\u00e9 ocre en velours <\/h2>\n\n\n\n<figure class=\"wp-block-image\"><img loading=\"lazy\" decoding=\"async\" width=\"640\" height=\"960\" src=\"https:\/\/www.cocondedecoration.com\/blog\/wp-content\/uploads\/2023\/06\/association-couleur-deco-jaune-violet-1-640x960.jpeg\" alt=\"association couleur deco jaune violet peinture murale lilas parme canap\u00e9 ocre salon s\u00e9jour\" class=\"wp-image-61503\" srcset=\"https:\/\/www.cocondedecoration.com\/blog\/wp-content\/uploads\/2023\/06\/association-couleur-deco-jaune-violet-1-640x960.jpeg 640w, https:\/\/www.cocondedecoration.com\/blog\/wp-content\/uploads\/2023\/06\/association-couleur-deco-jaune-violet-1-260x390.jpeg 260w, https:\/\/www.cocondedecoration.com\/blog\/wp-content\/uploads\/2023\/06\/association-couleur-deco-jaune-violet-1-768x1152.jpeg 768w, https:\/\/www.cocondedecoration.com\/blog\/wp-content\/uploads\/2023\/06\/association-couleur-deco-jaune-violet-1-367x550.jpeg 367w, https:\/\/www.cocondedecoration.com\/blog\/wp-content\/uploads\/2023\/06\/association-couleur-deco-jaune-violet-1-333x500.jpeg 333w, https:\/\/www.cocondedecoration.com\/blog\/wp-content\/uploads\/2023\/06\/association-couleur-deco-jaune-violet-1.jpeg 1000w\" sizes=\"(max-width: 640px) 100vw, 640px\" \/><figcaption>italianbark.com\n<\/figcaption><\/figure>\n<\/div>\n\n\n\n<div class=\"wp-block-column is-layout-flow wp-block-column-is-layout-flow\">\n<h2 class=\"wp-block-heading\">Mur aubergine, coussin aux diff\u00e9rentes nuances de violet et canap\u00e9 jaune lumineux <\/h2>\n\n\n\n<figure class=\"wp-block-image\"><img loading=\"lazy\" decoding=\"async\" width=\"640\" height=\"960\" src=\"https:\/\/www.cocondedecoration.com\/blog\/wp-content\/uploads\/2023\/06\/mariage-couleur-violet-et-jaune-decoration-1-640x960.jpeg\" alt=\"mariage couleur violet et jaune decoration salon pi\u00e8ce de vie color\u00e9e canap\u00e9 ocre en velours coussin d\u00e9co plusieurs nuances de violet\" class=\"wp-image-61516\" srcset=\"https:\/\/www.cocondedecoration.com\/blog\/wp-content\/uploads\/2023\/06\/mariage-couleur-violet-et-jaune-decoration-1-640x960.jpeg 640w, https:\/\/www.cocondedecoration.com\/blog\/wp-content\/uploads\/2023\/06\/mariage-couleur-violet-et-jaune-decoration-1-260x390.jpeg 260w, https:\/\/www.cocondedecoration.com\/blog\/wp-content\/uploads\/2023\/06\/mariage-couleur-violet-et-jaune-decoration-1-768x1152.jpeg 768w, https:\/\/www.cocondedecoration.com\/blog\/wp-content\/uploads\/2023\/06\/mariage-couleur-violet-et-jaune-decoration-1-367x550.jpeg 367w, https:\/\/www.cocondedecoration.com\/blog\/wp-content\/uploads\/2023\/06\/mariage-couleur-violet-et-jaune-decoration-1-333x500.jpeg 333w, https:\/\/www.cocondedecoration.com\/blog\/wp-content\/uploads\/2023\/06\/mariage-couleur-violet-et-jaune-decoration-1.jpeg 1000w\" sizes=\"(max-width: 640px) 100vw, 640px\" \/><figcaption>larimedesmatieres.com\n<\/figcaption><\/figure>\n<\/div>\n<\/div>\n\n\n\n<div class=\"wp-block-columns has-2-columns is-layout-flex wp-container-core-columns-layout-2 wp-block-columns-is-layout-flex\">\n<div class=\"wp-block-column is-layout-flow wp-block-column-is-layout-flow\">\n<h2 class=\"wp-block-heading\">Mur accent aubergine dans le salon et petit fauteuil jaune pour une ambiance classique color\u00e9e<\/h2>\n\n\n\n<figure class=\"wp-block-image\"><img loading=\"lazy\" decoding=\"async\" width=\"640\" height=\"960\" src=\"https:\/\/www.cocondedecoration.com\/blog\/wp-content\/uploads\/2023\/06\/association-couleur-deco-jaune-violet-2-640x960.jpeg\" alt=\"association couleur deco jaune violet magenta peinture tendance fauteuil ancien jaune velours salon\" class=\"wp-image-61504\" srcset=\"https:\/\/www.cocondedecoration.com\/blog\/wp-content\/uploads\/2023\/06\/association-couleur-deco-jaune-violet-2-640x960.jpeg 640w, https:\/\/www.cocondedecoration.com\/blog\/wp-content\/uploads\/2023\/06\/association-couleur-deco-jaune-violet-2-260x390.jpeg 260w, https:\/\/www.cocondedecoration.com\/blog\/wp-content\/uploads\/2023\/06\/association-couleur-deco-jaune-violet-2-768x1152.jpeg 768w, https:\/\/www.cocondedecoration.com\/blog\/wp-content\/uploads\/2023\/06\/association-couleur-deco-jaune-violet-2-367x550.jpeg 367w, https:\/\/www.cocondedecoration.com\/blog\/wp-content\/uploads\/2023\/06\/association-couleur-deco-jaune-violet-2-333x500.jpeg 333w, https:\/\/www.cocondedecoration.com\/blog\/wp-content\/uploads\/2023\/06\/association-couleur-deco-jaune-violet-2.jpeg 1000w\" sizes=\"(max-width: 640px) 100vw, 640px\" \/><figcaption>swoonworthy.co.uk\n<\/figcaption><\/figure>\n<\/div>\n\n\n\n<div class=\"wp-block-column is-layout-flow wp-block-column-is-layout-flow\">\n<h2 class=\"wp-block-heading\">Canap\u00e9 capitonn\u00e9 jaune et mur de moulures prunes pour un int\u00e9rieur en relief discret <\/h2>\n\n\n\n<figure class=\"wp-block-image\"><img loading=\"lazy\" decoding=\"async\" width=\"640\" height=\"960\" src=\"https:\/\/www.cocondedecoration.com\/blog\/wp-content\/uploads\/2023\/06\/mariage-couleur-violet-et-jaune-decoration-2-640x960.jpeg\" alt=\"mariage couleur violet et jaune decoration contraste peinture prune sourde relief moulures canap\u00e9 capitonn\u00e9\" class=\"wp-image-61515\" srcset=\"https:\/\/www.cocondedecoration.com\/blog\/wp-content\/uploads\/2023\/06\/mariage-couleur-violet-et-jaune-decoration-2-640x960.jpeg 640w, https:\/\/www.cocondedecoration.com\/blog\/wp-content\/uploads\/2023\/06\/mariage-couleur-violet-et-jaune-decoration-2-260x390.jpeg 260w, https:\/\/www.cocondedecoration.com\/blog\/wp-content\/uploads\/2023\/06\/mariage-couleur-violet-et-jaune-decoration-2-768x1152.jpeg 768w, https:\/\/www.cocondedecoration.com\/blog\/wp-content\/uploads\/2023\/06\/mariage-couleur-violet-et-jaune-decoration-2-367x550.jpeg 367w, https:\/\/www.cocondedecoration.com\/blog\/wp-content\/uploads\/2023\/06\/mariage-couleur-violet-et-jaune-decoration-2-333x500.jpeg 333w, https:\/\/www.cocondedecoration.com\/blog\/wp-content\/uploads\/2023\/06\/mariage-couleur-violet-et-jaune-decoration-2.jpeg 1000w\" sizes=\"(max-width: 640px) 100vw, 640px\" \/><figcaption>\u00c3smaa M\u0101r via Pinterest<\/figcaption><\/figure>\n<\/div>\n<\/div>\n\n\n\n<div class=\"wp-block-columns has-2-columns is-layout-flex wp-container-core-columns-layout-3 wp-block-columns-is-layout-flex\">\n<div class=\"wp-block-column is-layout-flow wp-block-column-is-layout-flow\">\n<h2 class=\"wp-block-heading\">Colorer les textiles: du jaune sur les rideaux, du parme sur le fauteuil <\/h2>\n\n\n\n<figure class=\"wp-block-image\"><img loading=\"lazy\" decoding=\"async\" width=\"640\" height=\"960\" src=\"https:\/\/www.cocondedecoration.com\/blog\/wp-content\/uploads\/2023\/06\/association-couleur-deco-jaune-violet-3-640x960.jpeg\" alt=\"association couleur deco jaune violet color bloc int\u00e9rieur ancien grande hauteur sous plafond accessoire textile color\u00e9 rideaux et fauteuil lilas\" class=\"wp-image-61505\" srcset=\"https:\/\/www.cocondedecoration.com\/blog\/wp-content\/uploads\/2023\/06\/association-couleur-deco-jaune-violet-3-640x960.jpeg 640w, https:\/\/www.cocondedecoration.com\/blog\/wp-content\/uploads\/2023\/06\/association-couleur-deco-jaune-violet-3-260x390.jpeg 260w, https:\/\/www.cocondedecoration.com\/blog\/wp-content\/uploads\/2023\/06\/association-couleur-deco-jaune-violet-3-768x1152.jpeg 768w, https:\/\/www.cocondedecoration.com\/blog\/wp-content\/uploads\/2023\/06\/association-couleur-deco-jaune-violet-3-367x550.jpeg 367w, https:\/\/www.cocondedecoration.com\/blog\/wp-content\/uploads\/2023\/06\/association-couleur-deco-jaune-violet-3-333x500.jpeg 333w, https:\/\/www.cocondedecoration.com\/blog\/wp-content\/uploads\/2023\/06\/association-couleur-deco-jaune-violet-3.jpeg 1000w\" sizes=\"(max-width: 640px) 100vw, 640px\" \/><figcaption>housebeautiful.com\n<\/figcaption><\/figure>\n<\/div>\n\n\n\n<div class=\"wp-block-column is-layout-flow wp-block-column-is-layout-flow\">\n<h2 class=\"wp-block-heading\">Jouer la carte du contraste jaune \/ prune pour mettre en valeur les escaliers <\/h2>\n\n\n\n<figure class=\"wp-block-image\"><img loading=\"lazy\" decoding=\"async\" width=\"640\" height=\"960\" src=\"https:\/\/www.cocondedecoration.com\/blog\/wp-content\/uploads\/2023\/06\/mariage-couleur-violet-et-jaune-decoration-3-640x960.jpeg\" alt=\"mariage couleur violet et jaune decoration cage d'escaliers color bloc peinture contraste\" class=\"wp-image-61514\" srcset=\"https:\/\/www.cocondedecoration.com\/blog\/wp-content\/uploads\/2023\/06\/mariage-couleur-violet-et-jaune-decoration-3-640x960.jpeg 640w, https:\/\/www.cocondedecoration.com\/blog\/wp-content\/uploads\/2023\/06\/mariage-couleur-violet-et-jaune-decoration-3-260x390.jpeg 260w, https:\/\/www.cocondedecoration.com\/blog\/wp-content\/uploads\/2023\/06\/mariage-couleur-violet-et-jaune-decoration-3-768x1152.jpeg 768w, https:\/\/www.cocondedecoration.com\/blog\/wp-content\/uploads\/2023\/06\/mariage-couleur-violet-et-jaune-decoration-3-367x550.jpeg 367w, https:\/\/www.cocondedecoration.com\/blog\/wp-content\/uploads\/2023\/06\/mariage-couleur-violet-et-jaune-decoration-3-333x500.jpeg 333w, https:\/\/www.cocondedecoration.com\/blog\/wp-content\/uploads\/2023\/06\/mariage-couleur-violet-et-jaune-decoration-3.jpeg 1000w\" sizes=\"(max-width: 640px) 100vw, 640px\" \/><figcaption>onekindesign.com\n<\/figcaption><\/figure>\n<\/div>\n<\/div>\n\n\n\n<div style=\"height:60px\" aria-hidden=\"true\" class=\"wp-block-spacer\"><\/div>\n\n\n\n<div class=\"wp-block-columns has-2-columns is-layout-flex wp-container-core-columns-layout-4 wp-block-columns-is-layout-flex\">\n<div class=\"wp-block-column is-layout-flow wp-block-column-is-layout-flow\"><div class='white' style='background:rgba(0,0,0,0); border:solid 0px rgba(0,0,0,0); border-radius:0px; padding:0px 0px 0px 0px;'>\n<div id='slider_54038' class='owl-carousel sa_owl_theme owl-pagination-true autohide-arrows' data-slider-id='slider_54038' style='visibility:hidden;'>\n<div id='slider_54038_slide01' class='sa_hover_container' style='padding:5% 5%; margin:0px 0%; '><p><a href=\"https:\/\/www.cocondedecoration.com\/blog\/wp-content\/uploads\/2024\/01\/revetement-bricolage-deco-castorama.001.jpeg\"><img loading=\"lazy\" decoding=\"async\" class=\"aligncenter size-large wp-image-71133\" src=\"https:\/\/www.cocondedecoration.com\/blog\/wp-content\/uploads\/2024\/01\/revetement-bricolage-deco-castorama.001-640x640.jpeg\" alt=\"revetement bricolage deco castorama tasseaux de bois moderne\" width=\"640\" height=\"640\" srcset=\"https:\/\/www.cocondedecoration.com\/blog\/wp-content\/uploads\/2024\/01\/revetement-bricolage-deco-castorama.001-640x640.jpeg 640w, https:\/\/www.cocondedecoration.com\/blog\/wp-content\/uploads\/2024\/01\/revetement-bricolage-deco-castorama.001-165x165.jpeg 165w, https:\/\/www.cocondedecoration.com\/blog\/wp-content\/uploads\/2024\/01\/revetement-bricolage-deco-castorama.001-260x260.jpeg 260w, https:\/\/www.cocondedecoration.com\/blog\/wp-content\/uploads\/2024\/01\/revetement-bricolage-deco-castorama.001-465x465.jpeg 465w, https:\/\/www.cocondedecoration.com\/blog\/wp-content\/uploads\/2024\/01\/revetement-bricolage-deco-castorama.001-500x500.jpeg 500w, https:\/\/www.cocondedecoration.com\/blog\/wp-content\/uploads\/2024\/01\/revetement-bricolage-deco-castorama.001.jpeg 650w\" sizes=\"(max-width: 640px) 100vw, 640px\" \/><\/a><\/p><\/div>\n<div id='slider_54038_slide02' class='sa_hover_container' style='padding:5% 5%; margin:0px 0%; '><p><a href=\"https:\/\/www.cocondedecoration.com\/blog\/wp-content\/uploads\/2024\/01\/revetement-bricolage-deco-castorama.002.jpeg\"><img loading=\"lazy\" decoding=\"async\" class=\"aligncenter size-large wp-image-71134\" src=\"https:\/\/www.cocondedecoration.com\/blog\/wp-content\/uploads\/2024\/01\/revetement-bricolage-deco-castorama.002-640x640.jpeg\" alt=\"revetement bricolage deco castorama papier peint motif art deco noir et blanc\" width=\"640\" height=\"640\" srcset=\"https:\/\/www.cocondedecoration.com\/blog\/wp-content\/uploads\/2024\/01\/revetement-bricolage-deco-castorama.002-640x640.jpeg 640w, https:\/\/www.cocondedecoration.com\/blog\/wp-content\/uploads\/2024\/01\/revetement-bricolage-deco-castorama.002-165x165.jpeg 165w, https:\/\/www.cocondedecoration.com\/blog\/wp-content\/uploads\/2024\/01\/revetement-bricolage-deco-castorama.002-260x260.jpeg 260w, https:\/\/www.cocondedecoration.com\/blog\/wp-content\/uploads\/2024\/01\/revetement-bricolage-deco-castorama.002-465x465.jpeg 465w, https:\/\/www.cocondedecoration.com\/blog\/wp-content\/uploads\/2024\/01\/revetement-bricolage-deco-castorama.002-500x500.jpeg 500w, https:\/\/www.cocondedecoration.com\/blog\/wp-content\/uploads\/2024\/01\/revetement-bricolage-deco-castorama.002.jpeg 650w\" sizes=\"(max-width: 640px) 100vw, 640px\" \/><\/a><\/p><\/div>\n<div id='slider_54038_slide03' class='sa_hover_container' style='padding:5% 5%; margin:0px 0%; '><p><a href=\"https:\/\/www.cocondedecoration.com\/blog\/wp-content\/uploads\/2024\/01\/revetement-bricolage-deco-castorama.003.jpeg\"><img loading=\"lazy\" decoding=\"async\" class=\"aligncenter size-large wp-image-71135\" src=\"https:\/\/www.cocondedecoration.com\/blog\/wp-content\/uploads\/2024\/01\/revetement-bricolage-deco-castorama.003-640x640.jpeg\" alt=\"revetement bricolage deco castorama cr\u00e9dence adh\u00e9sive terrazzo moderne facile \u00e0 poser\" width=\"640\" height=\"640\" srcset=\"https:\/\/www.cocondedecoration.com\/blog\/wp-content\/uploads\/2024\/01\/revetement-bricolage-deco-castorama.003-640x640.jpeg 640w, https:\/\/www.cocondedecoration.com\/blog\/wp-content\/uploads\/2024\/01\/revetement-bricolage-deco-castorama.003-165x165.jpeg 165w, https:\/\/www.cocondedecoration.com\/blog\/wp-content\/uploads\/2024\/01\/revetement-bricolage-deco-castorama.003-260x260.jpeg 260w, https:\/\/www.cocondedecoration.com\/blog\/wp-content\/uploads\/2024\/01\/revetement-bricolage-deco-castorama.003-465x465.jpeg 465w, https:\/\/www.cocondedecoration.com\/blog\/wp-content\/uploads\/2024\/01\/revetement-bricolage-deco-castorama.003-500x500.jpeg 500w, https:\/\/www.cocondedecoration.com\/blog\/wp-content\/uploads\/2024\/01\/revetement-bricolage-deco-castorama.003.jpeg 650w\" sizes=\"(max-width: 640px) 100vw, 640px\" \/><\/a><\/p><\/div>\n<div id='slider_54038_slide04' class='sa_hover_container' style='padding:5% 5%; margin:0px 0%; '><p><a href=\"https:\/\/www.cocondedecoration.com\/blog\/wp-content\/uploads\/2024\/01\/revetement-bricolage-deco-castorama.004.jpeg\"><img loading=\"lazy\" decoding=\"async\" class=\"aligncenter size-large wp-image-71136\" src=\"https:\/\/www.cocondedecoration.com\/blog\/wp-content\/uploads\/2024\/01\/revetement-bricolage-deco-castorama.004-640x640.jpeg\" alt=\"revetement bricolage deco castorama papier peint fleuri arche peinture vert sauge\" width=\"640\" height=\"640\" srcset=\"https:\/\/www.cocondedecoration.com\/blog\/wp-content\/uploads\/2024\/01\/revetement-bricolage-deco-castorama.004-640x640.jpeg 640w, https:\/\/www.cocondedecoration.com\/blog\/wp-content\/uploads\/2024\/01\/revetement-bricolage-deco-castorama.004-165x165.jpeg 165w, https:\/\/www.cocondedecoration.com\/blog\/wp-content\/uploads\/2024\/01\/revetement-bricolage-deco-castorama.004-260x260.jpeg 260w, https:\/\/www.cocondedecoration.com\/blog\/wp-content\/uploads\/2024\/01\/revetement-bricolage-deco-castorama.004-465x465.jpeg 465w, https:\/\/www.cocondedecoration.com\/blog\/wp-content\/uploads\/2024\/01\/revetement-bricolage-deco-castorama.004-500x500.jpeg 500w, https:\/\/www.cocondedecoration.com\/blog\/wp-content\/uploads\/2024\/01\/revetement-bricolage-deco-castorama.004.jpeg 650w\" sizes=\"(max-width: 640px) 100vw, 640px\" \/><\/a><\/p><\/div>\n<div id='slider_54038_slide05' class='sa_hover_container' style='padding:5% 5%; margin:0px 0%; '><p><a href=\"https:\/\/www.cocondedecoration.com\/blog\/wp-content\/uploads\/2024\/01\/revetement-bricolage-deco-castorama.005.jpeg\"><img loading=\"lazy\" decoding=\"async\" class=\"aligncenter size-large wp-image-71137\" src=\"https:\/\/www.cocondedecoration.com\/blog\/wp-content\/uploads\/2024\/01\/revetement-bricolage-deco-castorama.005-640x640.jpeg\" alt=\"revetement bricolage deco castorama papier peint g\u00e9om\u00e9trique vintage ann\u00e9es 60\" width=\"640\" height=\"640\" srcset=\"https:\/\/www.cocondedecoration.com\/blog\/wp-content\/uploads\/2024\/01\/revetement-bricolage-deco-castorama.005-640x640.jpeg 640w, https:\/\/www.cocondedecoration.com\/blog\/wp-content\/uploads\/2024\/01\/revetement-bricolage-deco-castorama.005-165x165.jpeg 165w, https:\/\/www.cocondedecoration.com\/blog\/wp-content\/uploads\/2024\/01\/revetement-bricolage-deco-castorama.005-260x260.jpeg 260w, https:\/\/www.cocondedecoration.com\/blog\/wp-content\/uploads\/2024\/01\/revetement-bricolage-deco-castorama.005-465x465.jpeg 465w, https:\/\/www.cocondedecoration.com\/blog\/wp-content\/uploads\/2024\/01\/revetement-bricolage-deco-castorama.005-500x500.jpeg 500w, https:\/\/www.cocondedecoration.com\/blog\/wp-content\/uploads\/2024\/01\/revetement-bricolage-deco-castorama.005.jpeg 650w\" sizes=\"(max-width: 640px) 100vw, 640px\" \/><\/a><\/p><\/div>\n<div id='slider_54038_slide06' class='sa_hover_container' style='padding:5% 5%; margin:0px 0%; '><p><a href=\"https:\/\/www.cocondedecoration.com\/blog\/wp-content\/uploads\/2024\/01\/revetement-bricolage-deco-castorama.006.jpeg\"><img loading=\"lazy\" decoding=\"async\" class=\"aligncenter size-large wp-image-71138\" src=\"https:\/\/www.cocondedecoration.com\/blog\/wp-content\/uploads\/2024\/01\/revetement-bricolage-deco-castorama.006-640x640.jpeg\" alt=\"revetement bricolage deco castorama conseil bricolage tutoriel\" width=\"640\" height=\"640\" srcset=\"https:\/\/www.cocondedecoration.com\/blog\/wp-content\/uploads\/2024\/01\/revetement-bricolage-deco-castorama.006-640x640.jpeg 640w, https:\/\/www.cocondedecoration.com\/blog\/wp-content\/uploads\/2024\/01\/revetement-bricolage-deco-castorama.006-165x165.jpeg 165w, https:\/\/www.cocondedecoration.com\/blog\/wp-content\/uploads\/2024\/01\/revetement-bricolage-deco-castorama.006-260x260.jpeg 260w, https:\/\/www.cocondedecoration.com\/blog\/wp-content\/uploads\/2024\/01\/revetement-bricolage-deco-castorama.006-465x465.jpeg 465w, https:\/\/www.cocondedecoration.com\/blog\/wp-content\/uploads\/2024\/01\/revetement-bricolage-deco-castorama.006-500x500.jpeg 500w, https:\/\/www.cocondedecoration.com\/blog\/wp-content\/uploads\/2024\/01\/revetement-bricolage-deco-castorama.006.jpeg 650w\" sizes=\"(max-width: 640px) 100vw, 640px\" \/><\/a><\/p><\/div>\n<\/div>\n<\/div>\n<script type='text\/javascript'>\n\tjQuery(document).ready(function() {\n\t\tjQuery('#slider_54038').owlCarousel({\n\t\t\titems : 1,\n\t\t\tsmartSpeed : 200,\n\t\t\tautoplay : true,\n\t\t\tautoplayTimeout : 2000,\n\t\t\tautoplayHoverPause : true,\n\t\t\tsmartSpeed : 200,\n\t\t\tfluidSpeed : 200,\n\t\t\tautoplaySpeed : 200,\n\t\t\tnavSpeed : 200,\n\t\t\tdotsSpeed : 200,\n\t\t\tloop : true,\n\t\t\tnav : true,\n\t\t\tnavText : ['Previous','Next'],\n\t\t\tdots : true,\n\t\t\tresponsiveRefreshRate : 200,\n\t\t\tslideBy : 1,\n\t\t\tmergeFit : true,\n\t\t\tautoHeight : false,\n\t\t\tmouseDrag : true,\n\t\t\ttouchDrag : true\n\t\t});\n\t\tjQuery('#slider_54038').css('visibility', 'visible');\n\t\tsa_resize_slider_54038();\n\t\twindow.addEventListener('resize', sa_resize_slider_54038);\n\t\tfunction sa_resize_slider_54038() {\n\t\t\tvar min_height = '50';\n\t\t\tvar win_width = jQuery(window).width();\n\t\t\tvar slider_width = jQuery('#slider_54038').width();\n\t\t\tif (win_width < 480) {\n\t\t\t\tvar slide_width = slider_width \/ 1;\n\t\t\t} else if (win_width < 768) {\n\t\t\t\tvar slide_width = slider_width \/ 1;\n\t\t\t} else if (win_width < 980) {\n\t\t\t\tvar slide_width = slider_width \/ 1;\n\t\t\t} else if (win_width < 1200) {\n\t\t\t\tvar slide_width = slider_width \/ 1;\n\t\t\t} else if (win_width < 1500) {\n\t\t\t\tvar slide_width = slider_width \/ 1;\n\t\t\t} else {\n\t\t\t\tvar slide_width = slider_width \/ 1;\n\t\t\t}\n\t\t\tslide_width = Math.round(slide_width);\n\t\t\tvar slide_height = '0';\n\t\t\tif (min_height == 'aspect43') {\n\t\t\t\tslide_height = (slide_width \/ 4) * 3;\t\t\t\tslide_height = Math.round(slide_height);\n\t\t\t} else if (min_height == 'aspect169') {\n\t\t\t\tslide_height = (slide_width \/ 16) * 9;\t\t\t\tslide_height = Math.round(slide_height);\n\t\t\t} else {\n\t\t\t\tslide_height = (slide_width \/ 100) * min_height;\t\t\t\tslide_height = Math.round(slide_height);\n\t\t\t}\n\t\t\tjQuery('#slider_54038 .owl-item .sa_hover_container').css('min-height', slide_height+'px');\n\t\t}\n\t\tvar owl_goto = jQuery('#slider_54038');\n\t\tjQuery('.slider_54038_goto1').click(function(event){\n\t\t\towl_goto.trigger('to.owl.carousel', 0);\n\t\t});\n\t\tjQuery('.slider_54038_goto2').click(function(event){\n\t\t\towl_goto.trigger('to.owl.carousel', 1);\n\t\t});\n\t\tjQuery('.slider_54038_goto3').click(function(event){\n\t\t\towl_goto.trigger('to.owl.carousel', 2);\n\t\t});\n\t\tjQuery('.slider_54038_goto4').click(function(event){\n\t\t\towl_goto.trigger('to.owl.carousel', 3);\n\t\t});\n\t\tjQuery('.slider_54038_goto5').click(function(event){\n\t\t\towl_goto.trigger('to.owl.carousel', 4);\n\t\t});\n\t\tjQuery('.slider_54038_goto6').click(function(event){\n\t\t\towl_goto.trigger('to.owl.carousel', 5);\n\t\t});\n\t\tvar resize_54038 = jQuery('.owl-carousel');\n\t\tresize_54038.on('initialized.owl.carousel', function(e) {\n\t\t\tif (typeof(Event) === 'function') {\n\t\t\t\twindow.dispatchEvent(new Event('resize'));\n\t\t\t} else {\n\t\t\t\tvar evt = window.document.createEvent('UIEvents');\n\t\t\t\tevt.initUIEvent('resize', true, false, window, 0);\n\t\t\t\twindow.dispatchEvent(evt);\n\t\t\t}\n\t\t});\n\t});\n<\/script>\n\n<\/div>\n\n\n\n<div class=\"wp-block-column is-layout-flow wp-block-column-is-layout-flow\">\n<h2 class=\"wp-block-heading\">Cr\u00e9ez une d\u00e9co murale qui vous ressemble avec Castorama<\/h2>\n\n\n\n<p>Castorama vous offre un large choix de peintures, de papiers peints et autres rev\u00eatements muraux pour mettre en oeuvre toutes vos envies d\u00e9co. <a href=\"https:\/\/tidd.ly\/3HozE5L\" target=\"_blank\" rel=\"noreferrer noopener\" aria-label=\"Rendez-vous sur le site (s\u2019ouvre dans un nouvel onglet)\">Rendez-vous sur le site<\/a> pour en savoir plus. <\/p>\n\n\n\n<h2 class=\"wp-block-heading\">Connaissez-vous Hello Casto? <\/h2>\n\n\n\n<p>Castorama vous propose de l'aide pour la r\u00e9alisation de vos projets. Hello Casto vous aide de plusieurs mani\u00e8res. D'une part, cet assistant se sert de l'intelligence artificielle pour r\u00e9pondre \u00e0 vos questions techniques. D'autre part, Hello Casto vous propose des tutoriels \u00e0 commande vocale pour mener \u00e0 bien vos projets d\u00e9co &amp; am\u00e9nagement.   <\/p>\n\n\n\n<div class=\"wp-block-button aligncenter\"><a class=\"wp-block-button__link\" href=\"https:\/\/tidd.ly\/3TUfgBd\">D\u00e9couvrir Hello Casto<\/a><\/div>\n\n\n\n<p class=\"has-small-font-size\">R\u00e9f\u00e9rences des produits en slide: 1. <a rel=\"noreferrer noopener\" aria-label=\"Lambris lamelles bois naturel (s\u2019ouvre dans un nouvel onglet)\" href=\"https:\/\/tidd.ly\/47Egzay\" target=\"_blank\">Lambris lamelles bois naturel<\/a> 2. <a rel=\"noreferrer noopener\" aria-label=\"Papier peint Vinyle Intiss\u00e9 motif art d\u00e9co (s\u2019ouvre dans un nouvel onglet)\" href=\"https:\/\/tidd.ly\/47BP1m2\" target=\"_blank\">Papier peint Vinyle Intiss\u00e9 motif art d\u00e9co<\/a> 3. <a rel=\"noreferrer noopener\" aria-label=\"Cr\u00e9dence de cuisine auto-adh\u00e9sive terrazzo (s\u2019ouvre dans un nouvel onglet)\" href=\"https:\/\/tidd.ly\/48SupHu\" target=\"_blank\">Cr\u00e9dence de cuisine auto-adh\u00e9sive terrazzo<\/a> 4. <a rel=\"noreferrer noopener\" aria-label=\"Papier peint pr\u00e9-encoll\u00e9 vinyle motif floral  (s\u2019ouvre dans un nouvel onglet)\" href=\"https:\/\/tidd.ly\/48J5XZa\" target=\"_blank\">Papier peint pr\u00e9-encoll\u00e9 vinyle motif floral <\/a>5. <a rel=\"noreferrer noopener\" aria-label=\"Papier peint Vinyle Intiss\u00e9 esprit vintage (s\u2019ouvre dans un nouvel onglet)\" href=\"https:\/\/tidd.ly\/48y2Z9S\" target=\"_blank\">Papier peint Vinyle Intiss\u00e9 esprit vintage<\/a> <\/p>\n<\/div>\n<\/div>\n\n\n\n<div style=\"height:60px\" aria-hidden=\"true\" class=\"wp-block-spacer\"><\/div>\n\n\n\n<div class=\"wp-block-columns has-2-columns is-layout-flex wp-container-core-columns-layout-5 wp-block-columns-is-layout-flex\">\n<div class=\"wp-block-column is-layout-flow wp-block-column-is-layout-flow\">\n<h2 class=\"wp-block-heading\">Effet de perpective et de superposition avec les couleurs en grande proportions <\/h2>\n\n\n\n<figure class=\"wp-block-image\"><img loading=\"lazy\" decoding=\"async\" width=\"640\" height=\"960\" src=\"https:\/\/www.cocondedecoration.com\/blog\/wp-content\/uploads\/2023\/06\/association-couleur-deco-jaune-violet-4-640x960.jpeg\" alt=\"association couleur deco jaune violet color bloc peinture mur contraste ouverture arche\" class=\"wp-image-61506\" srcset=\"https:\/\/www.cocondedecoration.com\/blog\/wp-content\/uploads\/2023\/06\/association-couleur-deco-jaune-violet-4-640x960.jpeg 640w, https:\/\/www.cocondedecoration.com\/blog\/wp-content\/uploads\/2023\/06\/association-couleur-deco-jaune-violet-4-260x390.jpeg 260w, https:\/\/www.cocondedecoration.com\/blog\/wp-content\/uploads\/2023\/06\/association-couleur-deco-jaune-violet-4-768x1152.jpeg 768w, https:\/\/www.cocondedecoration.com\/blog\/wp-content\/uploads\/2023\/06\/association-couleur-deco-jaune-violet-4-367x550.jpeg 367w, https:\/\/www.cocondedecoration.com\/blog\/wp-content\/uploads\/2023\/06\/association-couleur-deco-jaune-violet-4-333x500.jpeg 333w, https:\/\/www.cocondedecoration.com\/blog\/wp-content\/uploads\/2023\/06\/association-couleur-deco-jaune-violet-4.jpeg 1000w\" sizes=\"(max-width: 640px) 100vw, 640px\" \/><figcaption>Dreamboat Annie via Pinterest<\/figcaption><\/figure>\n<\/div>\n\n\n\n<div class=\"wp-block-column is-layout-flow wp-block-column-is-layout-flow\">\n<h2 class=\"wp-block-heading\">Un violet l\u00e9ger et textur\u00e9 pour habiller les murs du salon avec un canap\u00e9 simple jaune <\/h2>\n\n\n\n<figure class=\"wp-block-image\"><img loading=\"lazy\" decoding=\"async\" width=\"640\" height=\"960\" src=\"https:\/\/www.cocondedecoration.com\/blog\/wp-content\/uploads\/2023\/06\/mariage-couleur-violet-et-jaune-decoration-4-640x960.jpeg\" alt=\"mariage couleur violet et jaune decoration mur patin\u00e9 parme canap\u00e9 color\u00e9 d\u00e9cor pi\u00e8ce \u00e0 vivre original\" class=\"wp-image-61513\" srcset=\"https:\/\/www.cocondedecoration.com\/blog\/wp-content\/uploads\/2023\/06\/mariage-couleur-violet-et-jaune-decoration-4-640x960.jpeg 640w, https:\/\/www.cocondedecoration.com\/blog\/wp-content\/uploads\/2023\/06\/mariage-couleur-violet-et-jaune-decoration-4-260x390.jpeg 260w, https:\/\/www.cocondedecoration.com\/blog\/wp-content\/uploads\/2023\/06\/mariage-couleur-violet-et-jaune-decoration-4-768x1152.jpeg 768w, https:\/\/www.cocondedecoration.com\/blog\/wp-content\/uploads\/2023\/06\/mariage-couleur-violet-et-jaune-decoration-4-367x550.jpeg 367w, https:\/\/www.cocondedecoration.com\/blog\/wp-content\/uploads\/2023\/06\/mariage-couleur-violet-et-jaune-decoration-4-333x500.jpeg 333w, https:\/\/www.cocondedecoration.com\/blog\/wp-content\/uploads\/2023\/06\/mariage-couleur-violet-et-jaune-decoration-4.jpeg 1000w\" sizes=\"(max-width: 640px) 100vw, 640px\" \/><figcaption>pinterest.fr<\/figcaption><\/figure>\n<\/div>\n<\/div>\n\n\n\n<div class=\"wp-block-columns has-2-columns is-layout-flex wp-container-core-columns-layout-6 wp-block-columns-is-layout-flex\">\n<div class=\"wp-block-column is-layout-flow wp-block-column-is-layout-flow\">\n<h2 class=\"wp-block-heading\">Mur parme, radiateur saumon et miroir jaune pour un int\u00e9rieur pop<\/h2>\n\n\n\n<figure class=\"wp-block-image\"><img loading=\"lazy\" decoding=\"async\" width=\"640\" height=\"960\" src=\"https:\/\/www.cocondedecoration.com\/blog\/wp-content\/uploads\/2023\/06\/association-couleur-deco-jaune-violet-5-640x960.jpeg\" alt=\"association couleur deco jaune violet mur peinture parme miroir design jaune radiateur rose corail\" class=\"wp-image-61507\" srcset=\"https:\/\/www.cocondedecoration.com\/blog\/wp-content\/uploads\/2023\/06\/association-couleur-deco-jaune-violet-5-640x960.jpeg 640w, https:\/\/www.cocondedecoration.com\/blog\/wp-content\/uploads\/2023\/06\/association-couleur-deco-jaune-violet-5-260x390.jpeg 260w, https:\/\/www.cocondedecoration.com\/blog\/wp-content\/uploads\/2023\/06\/association-couleur-deco-jaune-violet-5-768x1152.jpeg 768w, https:\/\/www.cocondedecoration.com\/blog\/wp-content\/uploads\/2023\/06\/association-couleur-deco-jaune-violet-5-367x550.jpeg 367w, https:\/\/www.cocondedecoration.com\/blog\/wp-content\/uploads\/2023\/06\/association-couleur-deco-jaune-violet-5-333x500.jpeg 333w, https:\/\/www.cocondedecoration.com\/blog\/wp-content\/uploads\/2023\/06\/association-couleur-deco-jaune-violet-5.jpeg 1000w\" sizes=\"(max-width: 640px) 100vw, 640px\" \/><figcaption>dailymail.co.uk\n<\/figcaption><\/figure>\n<\/div>\n\n\n\n<div class=\"wp-block-column is-layout-flow wp-block-column-is-layout-flow\">\n<h2 class=\"wp-block-heading\">Contraste de couleurs pour mettre en valeur un meuble r\u00e9cup' <\/h2>\n\n\n\n<figure class=\"wp-block-image\"><img loading=\"lazy\" decoding=\"async\" width=\"640\" height=\"960\" src=\"https:\/\/www.cocondedecoration.com\/blog\/wp-content\/uploads\/2023\/06\/mariage-couleur-violet-et-jaune-decoration-5-640x960.jpeg\" alt=\"mariage couleur violet et jaune decoration peinture mur magenta vaisselier ancien patin\u00e9 contraste\" class=\"wp-image-61512\" srcset=\"https:\/\/www.cocondedecoration.com\/blog\/wp-content\/uploads\/2023\/06\/mariage-couleur-violet-et-jaune-decoration-5-640x960.jpeg 640w, https:\/\/www.cocondedecoration.com\/blog\/wp-content\/uploads\/2023\/06\/mariage-couleur-violet-et-jaune-decoration-5-260x390.jpeg 260w, https:\/\/www.cocondedecoration.com\/blog\/wp-content\/uploads\/2023\/06\/mariage-couleur-violet-et-jaune-decoration-5-768x1152.jpeg 768w, https:\/\/www.cocondedecoration.com\/blog\/wp-content\/uploads\/2023\/06\/mariage-couleur-violet-et-jaune-decoration-5-367x550.jpeg 367w, https:\/\/www.cocondedecoration.com\/blog\/wp-content\/uploads\/2023\/06\/mariage-couleur-violet-et-jaune-decoration-5-333x500.jpeg 333w, https:\/\/www.cocondedecoration.com\/blog\/wp-content\/uploads\/2023\/06\/mariage-couleur-violet-et-jaune-decoration-5.jpeg 1000w\" sizes=\"(max-width: 640px) 100vw, 640px\" \/><figcaption>Porch Potatoes via Pinterest<\/figcaption><\/figure>\n<\/div>\n<\/div>\n\n\n\n<div class=\"wp-block-columns has-2-columns is-layout-flex wp-container-core-columns-layout-7 wp-block-columns-is-layout-flex\">\n<div class=\"wp-block-column is-layout-flow wp-block-column-is-layout-flow\">\n<h2 class=\"wp-block-heading\">Mobilier au style r\u00e9tro des ann\u00e9es 80 en parme et jaune orang\u00e9 <\/h2>\n\n\n\n<figure class=\"wp-block-image\"><img loading=\"lazy\" decoding=\"async\" width=\"640\" height=\"960\" src=\"https:\/\/www.cocondedecoration.com\/blog\/wp-content\/uploads\/2023\/06\/association-couleur-deco-jaune-violet-6-640x960.jpeg\" alt=\"association couleur deco jaune violet mobilier design original ocre et parme\" class=\"wp-image-61508\" srcset=\"https:\/\/www.cocondedecoration.com\/blog\/wp-content\/uploads\/2023\/06\/association-couleur-deco-jaune-violet-6-640x960.jpeg 640w, https:\/\/www.cocondedecoration.com\/blog\/wp-content\/uploads\/2023\/06\/association-couleur-deco-jaune-violet-6-260x390.jpeg 260w, https:\/\/www.cocondedecoration.com\/blog\/wp-content\/uploads\/2023\/06\/association-couleur-deco-jaune-violet-6-768x1152.jpeg 768w, https:\/\/www.cocondedecoration.com\/blog\/wp-content\/uploads\/2023\/06\/association-couleur-deco-jaune-violet-6-367x550.jpeg 367w, https:\/\/www.cocondedecoration.com\/blog\/wp-content\/uploads\/2023\/06\/association-couleur-deco-jaune-violet-6-333x500.jpeg 333w, https:\/\/www.cocondedecoration.com\/blog\/wp-content\/uploads\/2023\/06\/association-couleur-deco-jaune-violet-6.jpeg 1000w\" sizes=\"(max-width: 640px) 100vw, 640px\" \/><figcaption>malabar.com.pt\n<\/figcaption><\/figure>\n<\/div>\n\n\n\n<div class=\"wp-block-column is-layout-flow wp-block-column-is-layout-flow\">\n<h2 class=\"wp-block-heading\">Ambiance printani\u00e8re avec du lilas et un jaune patin\u00e9 <\/h2>\n\n\n\n<figure class=\"wp-block-image\"><img loading=\"lazy\" decoding=\"async\" width=\"640\" height=\"960\" src=\"https:\/\/www.cocondedecoration.com\/blog\/wp-content\/uploads\/2023\/06\/mariage-couleur-violet-et-jaune-decoration-6-640x960.jpeg\" alt=\"mariage couleur violet et jaune decoration mur parme lilas console industrielle jaune patin\u00e9 lampe et fauteuil plus soutenu\" class=\"wp-image-61511\" srcset=\"https:\/\/www.cocondedecoration.com\/blog\/wp-content\/uploads\/2023\/06\/mariage-couleur-violet-et-jaune-decoration-6-640x960.jpeg 640w, https:\/\/www.cocondedecoration.com\/blog\/wp-content\/uploads\/2023\/06\/mariage-couleur-violet-et-jaune-decoration-6-260x390.jpeg 260w, https:\/\/www.cocondedecoration.com\/blog\/wp-content\/uploads\/2023\/06\/mariage-couleur-violet-et-jaune-decoration-6-768x1152.jpeg 768w, https:\/\/www.cocondedecoration.com\/blog\/wp-content\/uploads\/2023\/06\/mariage-couleur-violet-et-jaune-decoration-6-367x550.jpeg 367w, https:\/\/www.cocondedecoration.com\/blog\/wp-content\/uploads\/2023\/06\/mariage-couleur-violet-et-jaune-decoration-6-333x500.jpeg 333w, https:\/\/www.cocondedecoration.com\/blog\/wp-content\/uploads\/2023\/06\/mariage-couleur-violet-et-jaune-decoration-6.jpeg 1000w\" sizes=\"(max-width: 640px) 100vw, 640px\" \/><figcaption>lushome.com\n<\/figcaption><\/figure>\n<\/div>\n<\/div>\n\n\n\n<div class=\"wp-block-columns has-2-columns is-layout-flex wp-container-core-columns-layout-8 wp-block-columns-is-layout-flex\">\n<div class=\"wp-block-column is-layout-flow wp-block-column-is-layout-flow\">\n<h2 class=\"wp-block-heading\">Esprit Memphis avec des formes et couleurs qui renvoient 40 ans en arri\u00e8re <\/h2>\n\n\n\n<figure class=\"wp-block-image\"><img loading=\"lazy\" decoding=\"async\" width=\"640\" height=\"960\" src=\"https:\/\/www.cocondedecoration.com\/blog\/wp-content\/uploads\/2023\/06\/association-couleur-deco-jaune-violet-7-640x960.jpeg\" alt=\"association couleur deco jaune violet style memphis ann\u00e9es 80 vintage r\u00e9tro mariage color bloc\" class=\"wp-image-61509\" srcset=\"https:\/\/www.cocondedecoration.com\/blog\/wp-content\/uploads\/2023\/06\/association-couleur-deco-jaune-violet-7-640x960.jpeg 640w, https:\/\/www.cocondedecoration.com\/blog\/wp-content\/uploads\/2023\/06\/association-couleur-deco-jaune-violet-7-260x390.jpeg 260w, https:\/\/www.cocondedecoration.com\/blog\/wp-content\/uploads\/2023\/06\/association-couleur-deco-jaune-violet-7-768x1152.jpeg 768w, https:\/\/www.cocondedecoration.com\/blog\/wp-content\/uploads\/2023\/06\/association-couleur-deco-jaune-violet-7-367x550.jpeg 367w, https:\/\/www.cocondedecoration.com\/blog\/wp-content\/uploads\/2023\/06\/association-couleur-deco-jaune-violet-7-333x500.jpeg 333w, https:\/\/www.cocondedecoration.com\/blog\/wp-content\/uploads\/2023\/06\/association-couleur-deco-jaune-violet-7.jpeg 1000w\" sizes=\"(max-width: 640px) 100vw, 640px\" \/><figcaption>clearhalo.com<\/figcaption><\/figure>\n<\/div>\n\n\n\n<div class=\"wp-block-column is-layout-flow wp-block-column-is-layout-flow\">\n<h2 class=\"wp-block-heading\">Un coin repas original et color\u00e9 en lilas et jaune <\/h2>\n\n\n\n<figure class=\"wp-block-image\"><img loading=\"lazy\" decoding=\"async\" width=\"640\" height=\"960\" src=\"https:\/\/www.cocondedecoration.com\/blog\/wp-content\/uploads\/2023\/06\/mariage-couleur-violet-et-jaune-decoration-7-640x960.jpeg\" alt=\"mariage couleur violet et jaune decoration salle \u00e0 manger d\u00e9co design original r\u00e9tro\" class=\"wp-image-61510\" srcset=\"https:\/\/www.cocondedecoration.com\/blog\/wp-content\/uploads\/2023\/06\/mariage-couleur-violet-et-jaune-decoration-7-640x960.jpeg 640w, https:\/\/www.cocondedecoration.com\/blog\/wp-content\/uploads\/2023\/06\/mariage-couleur-violet-et-jaune-decoration-7-260x390.jpeg 260w, https:\/\/www.cocondedecoration.com\/blog\/wp-content\/uploads\/2023\/06\/mariage-couleur-violet-et-jaune-decoration-7-768x1152.jpeg 768w, https:\/\/www.cocondedecoration.com\/blog\/wp-content\/uploads\/2023\/06\/mariage-couleur-violet-et-jaune-decoration-7-367x550.jpeg 367w, https:\/\/www.cocondedecoration.com\/blog\/wp-content\/uploads\/2023\/06\/mariage-couleur-violet-et-jaune-decoration-7-333x500.jpeg 333w, https:\/\/www.cocondedecoration.com\/blog\/wp-content\/uploads\/2023\/06\/mariage-couleur-violet-et-jaune-decoration-7.jpeg 1000w\" sizes=\"(max-width: 640px) 100vw, 640px\" \/><figcaption>goodmoods.com\n<\/figcaption><\/figure>\n<\/div>\n<\/div>\n\n\n\n<h2 class=\"wp-block-heading\">Shopping - un d\u00e9cor violet &amp; jaune chez vous facilement<\/h2>\n\n\n\n<div class=\"wp-block-columns has-4-columns is-layout-flex wp-container-core-columns-layout-9 wp-block-columns-is-layout-flex\">\n<div class=\"wp-block-column is-layout-flow wp-block-column-is-layout-flow\">\n<figure class=\"wp-block-image\"><img loading=\"lazy\" decoding=\"async\" width=\"500\" height=\"500\" src=\"https:\/\/www.cocondedecoration.com\/blog\/wp-content\/uploads\/2023\/06\/revetement-mur-jaune-violet-leroy-merlin-5.jpeg\" alt=\"revetement mur jaune violet leroy merlin Papier peint intiss\u00e9 Elle ninon jaune moutarde et blanc\" class=\"wp-image-61532\" srcset=\"https:\/\/www.cocondedecoration.com\/blog\/wp-content\/uploads\/2023\/06\/revetement-mur-jaune-violet-leroy-merlin-5.jpeg 500w, https:\/\/www.cocondedecoration.com\/blog\/wp-content\/uploads\/2023\/06\/revetement-mur-jaune-violet-leroy-merlin-5-165x165.jpeg 165w, https:\/\/www.cocondedecoration.com\/blog\/wp-content\/uploads\/2023\/06\/revetement-mur-jaune-violet-leroy-merlin-5-260x260.jpeg 260w, https:\/\/www.cocondedecoration.com\/blog\/wp-content\/uploads\/2023\/06\/revetement-mur-jaune-violet-leroy-merlin-5-465x465.jpeg 465w\" sizes=\"(max-width: 500px) 100vw, 500px\" \/><figcaption><a href=\"https:\/\/tidd.ly\/3qJQp6t\" target=\"_blank\" rel=\"noreferrer noopener\" aria-label=\"Papier peint intiss\u00e9 jaune moutarde et blanc (s\u2019ouvre dans un nouvel onglet)\">Papier peint intiss\u00e9 jaune moutarde et blanc<\/a> - Leroy Merlin<\/figcaption><\/figure>\n\n\n\n<figure class=\"wp-block-image\"><img loading=\"lazy\" decoding=\"async\" width=\"500\" height=\"500\" src=\"https:\/\/www.cocondedecoration.com\/blog\/wp-content\/uploads\/2023\/06\/revetement-mur-jaune-violet-leroy-merlin-7.jpeg\" alt=\"revetement mur jaune violet leroy merlin Peinture mur, boiserie, radiateur jaune energie\" class=\"wp-image-61534\" srcset=\"https:\/\/www.cocondedecoration.com\/blog\/wp-content\/uploads\/2023\/06\/revetement-mur-jaune-violet-leroy-merlin-7.jpeg 500w, https:\/\/www.cocondedecoration.com\/blog\/wp-content\/uploads\/2023\/06\/revetement-mur-jaune-violet-leroy-merlin-7-165x165.jpeg 165w, https:\/\/www.cocondedecoration.com\/blog\/wp-content\/uploads\/2023\/06\/revetement-mur-jaune-violet-leroy-merlin-7-260x260.jpeg 260w, https:\/\/www.cocondedecoration.com\/blog\/wp-content\/uploads\/2023\/06\/revetement-mur-jaune-violet-leroy-merlin-7-465x465.jpeg 465w\" sizes=\"(max-width: 500px) 100vw, 500px\" \/><figcaption><a href=\"https:\/\/tidd.ly\/444ARZn\" target=\"_blank\" rel=\"noreferrer noopener\" aria-label=\"Peinture mur, boiserie, radiateur jaune energie (s\u2019ouvre dans un nouvel onglet)\">Peinture mur, boiserie, radiateur jaune energie<\/a> - Leroy Merlin<\/figcaption><\/figure>\n\n\n\n<figure class=\"wp-block-image\"><img loading=\"lazy\" decoding=\"async\" width=\"500\" height=\"500\" src=\"https:\/\/www.cocondedecoration.com\/blog\/wp-content\/uploads\/2023\/06\/deco-jaune-et-violet-la-redoute-1.jpeg\" alt=\"deco jaune et violet la redoute Canap\u00e9 tissu textur\u00e9, 2 ou 3 places jaune et blanc\" class=\"wp-image-61518\" srcset=\"https:\/\/www.cocondedecoration.com\/blog\/wp-content\/uploads\/2023\/06\/deco-jaune-et-violet-la-redoute-1.jpeg 500w, https:\/\/www.cocondedecoration.com\/blog\/wp-content\/uploads\/2023\/06\/deco-jaune-et-violet-la-redoute-1-165x165.jpeg 165w, https:\/\/www.cocondedecoration.com\/blog\/wp-content\/uploads\/2023\/06\/deco-jaune-et-violet-la-redoute-1-260x260.jpeg 260w, https:\/\/www.cocondedecoration.com\/blog\/wp-content\/uploads\/2023\/06\/deco-jaune-et-violet-la-redoute-1-465x465.jpeg 465w\" sizes=\"(max-width: 500px) 100vw, 500px\" \/><figcaption><a href=\"https:\/\/c3po.link\/QJEwcNCKj4\" target=\"_blank\" rel=\"noreferrer noopener\" aria-label=\"Canap\u00e9 tissu textur\u00e9, 2 ou 3 places (s\u2019ouvre dans un nouvel onglet)\">Canap\u00e9 tissu textur\u00e9, 2 ou 3 places<\/a> - La Redoute<\/figcaption><\/figure>\n\n\n\n<figure class=\"wp-block-image\"><img loading=\"lazy\" decoding=\"async\" width=\"500\" height=\"500\" src=\"https:\/\/www.cocondedecoration.com\/blog\/wp-content\/uploads\/2023\/06\/deco-jaune-et-violet-la-redoute-3.jpeg\" alt=\"deco jaune et violet la redoute Panneau lin lav\u00e9 ocre\" class=\"wp-image-61520\" srcset=\"https:\/\/www.cocondedecoration.com\/blog\/wp-content\/uploads\/2023\/06\/deco-jaune-et-violet-la-redoute-3.jpeg 500w, https:\/\/www.cocondedecoration.com\/blog\/wp-content\/uploads\/2023\/06\/deco-jaune-et-violet-la-redoute-3-165x165.jpeg 165w, https:\/\/www.cocondedecoration.com\/blog\/wp-content\/uploads\/2023\/06\/deco-jaune-et-violet-la-redoute-3-260x260.jpeg 260w, https:\/\/www.cocondedecoration.com\/blog\/wp-content\/uploads\/2023\/06\/deco-jaune-et-violet-la-redoute-3-465x465.jpeg 465w\" sizes=\"(max-width: 500px) 100vw, 500px\" \/><figcaption><a href=\"https:\/\/c3po.link\/QCP4HXMaPZ\" target=\"_blank\" rel=\"noreferrer noopener\" aria-label=\"Panneau lin lav\u00e9 ocre  (s\u2019ouvre dans un nouvel onglet)\">Panneau lin lav\u00e9 ocre <\/a>- La Redoute<\/figcaption><\/figure>\n\n\n\n<figure class=\"wp-block-image\"><img loading=\"lazy\" decoding=\"async\" width=\"500\" height=\"500\" src=\"https:\/\/www.cocondedecoration.com\/blog\/wp-content\/uploads\/2023\/06\/deco-jaune-et-violet-la-redoute-5.jpeg\" alt=\"deco jaune et violet la redoute Housse de coussin gaze de coton jaune paille\" class=\"wp-image-61522\" srcset=\"https:\/\/www.cocondedecoration.com\/blog\/wp-content\/uploads\/2023\/06\/deco-jaune-et-violet-la-redoute-5.jpeg 500w, https:\/\/www.cocondedecoration.com\/blog\/wp-content\/uploads\/2023\/06\/deco-jaune-et-violet-la-redoute-5-165x165.jpeg 165w, https:\/\/www.cocondedecoration.com\/blog\/wp-content\/uploads\/2023\/06\/deco-jaune-et-violet-la-redoute-5-260x260.jpeg 260w, https:\/\/www.cocondedecoration.com\/blog\/wp-content\/uploads\/2023\/06\/deco-jaune-et-violet-la-redoute-5-465x465.jpeg 465w\" sizes=\"(max-width: 500px) 100vw, 500px\" \/><figcaption><a href=\"https:\/\/c3po.link\/QJWMZ9cBjy\" target=\"_blank\" rel=\"noreferrer noopener\" aria-label=\"Housse de coussin gaze de coton  (s\u2019ouvre dans un nouvel onglet)\">Housse de coussin gaze de coton <\/a>- La Redoute<\/figcaption><\/figure>\n\n\n\n<figure class=\"wp-block-image\"><img loading=\"lazy\" decoding=\"async\" width=\"500\" height=\"500\" src=\"https:\/\/www.cocondedecoration.com\/blog\/wp-content\/uploads\/2023\/06\/linge-de-maison-couleur-jaune-violet-blancheporte-2.jpeg\" alt=\"linge de maison couleur jaune violet blancheporte Housse clic-clac standard coton bachette uni\" class=\"wp-image-61537\" srcset=\"https:\/\/www.cocondedecoration.com\/blog\/wp-content\/uploads\/2023\/06\/linge-de-maison-couleur-jaune-violet-blancheporte-2.jpeg 500w, https:\/\/www.cocondedecoration.com\/blog\/wp-content\/uploads\/2023\/06\/linge-de-maison-couleur-jaune-violet-blancheporte-2-165x165.jpeg 165w, https:\/\/www.cocondedecoration.com\/blog\/wp-content\/uploads\/2023\/06\/linge-de-maison-couleur-jaune-violet-blancheporte-2-260x260.jpeg 260w, https:\/\/www.cocondedecoration.com\/blog\/wp-content\/uploads\/2023\/06\/linge-de-maison-couleur-jaune-violet-blancheporte-2-465x465.jpeg 465w\" sizes=\"(max-width: 500px) 100vw, 500px\" \/><figcaption><a href=\"https:\/\/fnty.co\/c\/r-iKUYDzsG\" target=\"_blank\" rel=\"noreferrer noopener\" aria-label=\"Housse clic-clac standard coton bachette uni (s\u2019ouvre dans un nouvel onglet)\">Housse clic-clac standard coton bachette uni<\/a> - Blancheporte<\/figcaption><\/figure>\n\n\n\n<figure class=\"wp-block-image\"><img loading=\"lazy\" decoding=\"async\" width=\"500\" height=\"500\" src=\"https:\/\/www.cocondedecoration.com\/blog\/wp-content\/uploads\/2023\/06\/linge-de-maison-couleur-jaune-violet-blancheporte-4.jpeg\" alt=\"linge de maison couleur jaune violet blancheporte Linge de lit Alessia en coton imprim\u00e9 fleuri\" class=\"wp-image-61539\" srcset=\"https:\/\/www.cocondedecoration.com\/blog\/wp-content\/uploads\/2023\/06\/linge-de-maison-couleur-jaune-violet-blancheporte-4.jpeg 500w, https:\/\/www.cocondedecoration.com\/blog\/wp-content\/uploads\/2023\/06\/linge-de-maison-couleur-jaune-violet-blancheporte-4-165x165.jpeg 165w, https:\/\/www.cocondedecoration.com\/blog\/wp-content\/uploads\/2023\/06\/linge-de-maison-couleur-jaune-violet-blancheporte-4-260x260.jpeg 260w, https:\/\/www.cocondedecoration.com\/blog\/wp-content\/uploads\/2023\/06\/linge-de-maison-couleur-jaune-violet-blancheporte-4-465x465.jpeg 465w\" sizes=\"(max-width: 500px) 100vw, 500px\" \/><figcaption><a href=\"https:\/\/fnty.co\/c\/r-pyBHOOoP\" target=\"_blank\" rel=\"noreferrer noopener\" aria-label=\"Linge de lit Alessia en coton imprim\u00e9 fleuri (s\u2019ouvre dans un nouvel onglet)\">Linge de lit Alessia en coton imprim\u00e9 fleuri<\/a> - Blancheporte<\/figcaption><\/figure>\n\n\n\n<figure class=\"wp-block-image\"><img loading=\"lazy\" decoding=\"async\" width=\"500\" height=\"500\" src=\"https:\/\/www.cocondedecoration.com\/blog\/wp-content\/uploads\/2023\/06\/couleur-deco-jaune-violet-maisons-du-monde-2.jpeg\" alt=\"couleur deco jaune violet maisons du monde Petit vase en porcelaine ocre H13 - Lot de 3\" class=\"wp-image-61545\" srcset=\"https:\/\/www.cocondedecoration.com\/blog\/wp-content\/uploads\/2023\/06\/couleur-deco-jaune-violet-maisons-du-monde-2.jpeg 500w, https:\/\/www.cocondedecoration.com\/blog\/wp-content\/uploads\/2023\/06\/couleur-deco-jaune-violet-maisons-du-monde-2-165x165.jpeg 165w, https:\/\/www.cocondedecoration.com\/blog\/wp-content\/uploads\/2023\/06\/couleur-deco-jaune-violet-maisons-du-monde-2-260x260.jpeg 260w, https:\/\/www.cocondedecoration.com\/blog\/wp-content\/uploads\/2023\/06\/couleur-deco-jaune-violet-maisons-du-monde-2-465x465.jpeg 465w\" sizes=\"(max-width: 500px) 100vw, 500px\" \/><figcaption><a href=\"https:\/\/fnty.co\/c\/r-LCJAyNuW\" target=\"_blank\" rel=\"noreferrer noopener\" aria-label=\"Petit vase en porcelaine ocre (x3) (s\u2019ouvre dans un nouvel onglet)\">Petit vase en porcelaine ocre (x3)<\/a> - Maisons du Monde<\/figcaption><\/figure>\n\n\n\n<figure class=\"wp-block-image\"><img loading=\"lazy\" decoding=\"async\" width=\"500\" height=\"500\" src=\"https:\/\/www.cocondedecoration.com\/blog\/wp-content\/uploads\/2023\/06\/couleur-deco-jaune-violet-maisons-du-monde-4.jpeg\" alt=\"couleur deco jaune violet maisons du monde Fauteuil vintage jaune moutarde\" class=\"wp-image-61547\" srcset=\"https:\/\/www.cocondedecoration.com\/blog\/wp-content\/uploads\/2023\/06\/couleur-deco-jaune-violet-maisons-du-monde-4.jpeg 500w, https:\/\/www.cocondedecoration.com\/blog\/wp-content\/uploads\/2023\/06\/couleur-deco-jaune-violet-maisons-du-monde-4-165x165.jpeg 165w, https:\/\/www.cocondedecoration.com\/blog\/wp-content\/uploads\/2023\/06\/couleur-deco-jaune-violet-maisons-du-monde-4-260x260.jpeg 260w, https:\/\/www.cocondedecoration.com\/blog\/wp-content\/uploads\/2023\/06\/couleur-deco-jaune-violet-maisons-du-monde-4-465x465.jpeg 465w\" sizes=\"(max-width: 500px) 100vw, 500px\" \/><figcaption><a href=\"https:\/\/fnty.co\/c\/r-QaePOQiM\" target=\"_blank\" rel=\"noreferrer noopener\" aria-label=\"Fauteuil vintage jaune moutarde (s\u2019ouvre dans un nouvel onglet)\">Fauteuil vintage jaune moutarde<\/a> - Maisons du Monde<\/figcaption><\/figure>\n<\/div>\n\n\n\n<div class=\"wp-block-column is-layout-flow wp-block-column-is-layout-flow\">\n<figure class=\"wp-block-image\"><img loading=\"lazy\" decoding=\"async\" width=\"500\" height=\"500\" src=\"https:\/\/www.cocondedecoration.com\/blog\/wp-content\/uploads\/2023\/06\/revetement-mur-jaune-violet-leroy-merlin-6.jpeg\" alt=\"revetement mur jaune violet leroy merlin Papier peint pvc Jardin tropical jaune\" class=\"wp-image-61533\" srcset=\"https:\/\/www.cocondedecoration.com\/blog\/wp-content\/uploads\/2023\/06\/revetement-mur-jaune-violet-leroy-merlin-6.jpeg 500w, https:\/\/www.cocondedecoration.com\/blog\/wp-content\/uploads\/2023\/06\/revetement-mur-jaune-violet-leroy-merlin-6-165x165.jpeg 165w, https:\/\/www.cocondedecoration.com\/blog\/wp-content\/uploads\/2023\/06\/revetement-mur-jaune-violet-leroy-merlin-6-260x260.jpeg 260w, https:\/\/www.cocondedecoration.com\/blog\/wp-content\/uploads\/2023\/06\/revetement-mur-jaune-violet-leroy-merlin-6-465x465.jpeg 465w\" sizes=\"(max-width: 500px) 100vw, 500px\" \/><figcaption><a href=\"https:\/\/tidd.ly\/3XaOnse\" target=\"_blank\" rel=\"noreferrer noopener\" aria-label=\"Papier peint pvc Jardin tropical jaune (s\u2019ouvre dans un nouvel onglet)\">Papier peint pvc Jardin tropical jaune<\/a> - Leroy Merlin <\/figcaption><\/figure>\n\n\n\n<figure class=\"wp-block-image\"><img loading=\"lazy\" decoding=\"async\" width=\"500\" height=\"500\" src=\"https:\/\/www.cocondedecoration.com\/blog\/wp-content\/uploads\/2023\/06\/revetement-mur-jaune-violet-leroy-merlin-8.jpeg\" alt=\"revetement mur jaune violet leroy merlin Peinture mur, boiserie, radiateur banana\" class=\"wp-image-61535\" srcset=\"https:\/\/www.cocondedecoration.com\/blog\/wp-content\/uploads\/2023\/06\/revetement-mur-jaune-violet-leroy-merlin-8.jpeg 500w, https:\/\/www.cocondedecoration.com\/blog\/wp-content\/uploads\/2023\/06\/revetement-mur-jaune-violet-leroy-merlin-8-165x165.jpeg 165w, https:\/\/www.cocondedecoration.com\/blog\/wp-content\/uploads\/2023\/06\/revetement-mur-jaune-violet-leroy-merlin-8-260x260.jpeg 260w, https:\/\/www.cocondedecoration.com\/blog\/wp-content\/uploads\/2023\/06\/revetement-mur-jaune-violet-leroy-merlin-8-465x465.jpeg 465w\" sizes=\"(max-width: 500px) 100vw, 500px\" \/><figcaption><a href=\"https:\/\/tidd.ly\/3NgFY1I\" target=\"_blank\" rel=\"noreferrer noopener\" aria-label=\"Peinture mur, boiserie, radiateur banana (s\u2019ouvre dans un nouvel onglet)\">Peinture mur, boiserie, radiateur banana<\/a> - Leroy Merlin <\/figcaption><\/figure>\n\n\n\n<figure class=\"wp-block-image\"><img loading=\"lazy\" decoding=\"async\" width=\"500\" height=\"500\" src=\"https:\/\/www.cocondedecoration.com\/blog\/wp-content\/uploads\/2023\/06\/deco-jaune-et-violet-la-redoute-2.jpeg\" alt=\"deco jaune et violet la redoute Canap\u00e9 velours 3, 4 ou 5 places\" class=\"wp-image-61519\" srcset=\"https:\/\/www.cocondedecoration.com\/blog\/wp-content\/uploads\/2023\/06\/deco-jaune-et-violet-la-redoute-2.jpeg 500w, https:\/\/www.cocondedecoration.com\/blog\/wp-content\/uploads\/2023\/06\/deco-jaune-et-violet-la-redoute-2-165x165.jpeg 165w, https:\/\/www.cocondedecoration.com\/blog\/wp-content\/uploads\/2023\/06\/deco-jaune-et-violet-la-redoute-2-260x260.jpeg 260w, https:\/\/www.cocondedecoration.com\/blog\/wp-content\/uploads\/2023\/06\/deco-jaune-et-violet-la-redoute-2-465x465.jpeg 465w\" sizes=\"(max-width: 500px) 100vw, 500px\" \/><figcaption><a href=\"https:\/\/c3po.link\/QhNCrtMzrw\" target=\"_blank\" rel=\"noreferrer noopener\" aria-label=\"Canap\u00e9 velours 3, 4 ou 5 places (s\u2019ouvre dans un nouvel onglet)\">Canap\u00e9 velours 3, 4 ou 5 places<\/a> - La Redoute<\/figcaption><\/figure>\n\n\n\n<figure class=\"wp-block-image\"><img loading=\"lazy\" decoding=\"async\" width=\"500\" height=\"500\" src=\"https:\/\/www.cocondedecoration.com\/blog\/wp-content\/uploads\/2023\/06\/deco-jaune-et-violet-la-redoute-4.jpeg\" alt=\"deco jaune et violet la redoute Housse de coussin pur lin lav\u00e9 curry\" class=\"wp-image-61521\" srcset=\"https:\/\/www.cocondedecoration.com\/blog\/wp-content\/uploads\/2023\/06\/deco-jaune-et-violet-la-redoute-4.jpeg 500w, https:\/\/www.cocondedecoration.com\/blog\/wp-content\/uploads\/2023\/06\/deco-jaune-et-violet-la-redoute-4-165x165.jpeg 165w, https:\/\/www.cocondedecoration.com\/blog\/wp-content\/uploads\/2023\/06\/deco-jaune-et-violet-la-redoute-4-260x260.jpeg 260w, https:\/\/www.cocondedecoration.com\/blog\/wp-content\/uploads\/2023\/06\/deco-jaune-et-violet-la-redoute-4-465x465.jpeg 465w\" sizes=\"(max-width: 500px) 100vw, 500px\" \/><figcaption><a href=\"https:\/\/c3po.link\/QJKNWAVw9T\" target=\"_blank\" rel=\"noreferrer noopener\" aria-label=\"Housse de coussin pur lin lav\u00e9 (s\u2019ouvre dans un nouvel onglet)\">Housse de coussin pur lin lav\u00e9<\/a> - La Redoute<\/figcaption><\/figure>\n\n\n\n<figure class=\"wp-block-image\"><img loading=\"lazy\" decoding=\"async\" width=\"500\" height=\"500\" src=\"https:\/\/www.cocondedecoration.com\/blog\/wp-content\/uploads\/2023\/06\/linge-de-maison-couleur-jaune-violet-blancheporte-1.jpeg\" alt=\"linge de maison couleur jaune violet blancheporte Nappe anti-taches imprim\u00e9 v\u00e9g\u00e9tal\" class=\"wp-image-61536\" srcset=\"https:\/\/www.cocondedecoration.com\/blog\/wp-content\/uploads\/2023\/06\/linge-de-maison-couleur-jaune-violet-blancheporte-1.jpeg 500w, https:\/\/www.cocondedecoration.com\/blog\/wp-content\/uploads\/2023\/06\/linge-de-maison-couleur-jaune-violet-blancheporte-1-165x165.jpeg 165w, https:\/\/www.cocondedecoration.com\/blog\/wp-content\/uploads\/2023\/06\/linge-de-maison-couleur-jaune-violet-blancheporte-1-260x260.jpeg 260w, https:\/\/www.cocondedecoration.com\/blog\/wp-content\/uploads\/2023\/06\/linge-de-maison-couleur-jaune-violet-blancheporte-1-465x465.jpeg 465w\" sizes=\"(max-width: 500px) 100vw, 500px\" \/><figcaption><a href=\"https:\/\/fnty.co\/c\/r-LMkXnCmv\" target=\"_blank\" rel=\"noreferrer noopener\" aria-label=\"Nappe anti-taches imprim\u00e9 v\u00e9g\u00e9tal (s\u2019ouvre dans un nouvel onglet)\">Nappe anti-taches imprim\u00e9 v\u00e9g\u00e9tal<\/a> - Blancheporte<\/figcaption><\/figure>\n\n\n\n<figure class=\"wp-block-image\"><img loading=\"lazy\" decoding=\"async\" width=\"500\" height=\"500\" src=\"https:\/\/www.cocondedecoration.com\/blog\/wp-content\/uploads\/2023\/06\/linge-de-maison-couleur-jaune-violet-blancheporte-3.jpeg\" alt=\"linge de maison couleur jaune violet blancheporte Linge de lit Massai coton \u00e0 motifs graphiques et finitions pompons\" class=\"wp-image-61538\" srcset=\"https:\/\/www.cocondedecoration.com\/blog\/wp-content\/uploads\/2023\/06\/linge-de-maison-couleur-jaune-violet-blancheporte-3.jpeg 500w, https:\/\/www.cocondedecoration.com\/blog\/wp-content\/uploads\/2023\/06\/linge-de-maison-couleur-jaune-violet-blancheporte-3-165x165.jpeg 165w, https:\/\/www.cocondedecoration.com\/blog\/wp-content\/uploads\/2023\/06\/linge-de-maison-couleur-jaune-violet-blancheporte-3-260x260.jpeg 260w, https:\/\/www.cocondedecoration.com\/blog\/wp-content\/uploads\/2023\/06\/linge-de-maison-couleur-jaune-violet-blancheporte-3-465x465.jpeg 465w\" sizes=\"(max-width: 500px) 100vw, 500px\" \/><figcaption><a href=\"https:\/\/fnty.co\/c\/r-trAqkhOB\" target=\"_blank\" rel=\"noreferrer noopener\" aria-label=\"Linge de lit  \u00e0 motifs graphiques et finitions pompons (s\u2019ouvre dans un nouvel onglet)\">Linge de lit  \u00e0 motifs graphiques et finitions pompons<\/a> - Blancheporte<\/figcaption><\/figure>\n\n\n\n<figure class=\"wp-block-image\"><img loading=\"lazy\" decoding=\"async\" width=\"500\" height=\"500\" src=\"https:\/\/www.cocondedecoration.com\/blog\/wp-content\/uploads\/2023\/06\/couleur-deco-jaune-violet-maisons-du-monde-1.jpeg\" alt=\"couleur deco jaune violet maisons du monde Lampe en c\u00e9ramique ocre et abat-jour blanc\" class=\"wp-image-61544\" srcset=\"https:\/\/www.cocondedecoration.com\/blog\/wp-content\/uploads\/2023\/06\/couleur-deco-jaune-violet-maisons-du-monde-1.jpeg 500w, https:\/\/www.cocondedecoration.com\/blog\/wp-content\/uploads\/2023\/06\/couleur-deco-jaune-violet-maisons-du-monde-1-165x165.jpeg 165w, https:\/\/www.cocondedecoration.com\/blog\/wp-content\/uploads\/2023\/06\/couleur-deco-jaune-violet-maisons-du-monde-1-260x260.jpeg 260w, https:\/\/www.cocondedecoration.com\/blog\/wp-content\/uploads\/2023\/06\/couleur-deco-jaune-violet-maisons-du-monde-1-465x465.jpeg 465w\" sizes=\"(max-width: 500px) 100vw, 500px\" \/><figcaption><a href=\"https:\/\/fnty.co\/c\/r-LnDdygzx\" target=\"_blank\" rel=\"noreferrer noopener\" aria-label=\"Lampe en c\u00e9ramique ocre et abat-jour blanc (s\u2019ouvre dans un nouvel onglet)\">Lampe en c\u00e9ramique ocre et abat-jour blanc<\/a> - Maisons du Monde<\/figcaption><\/figure>\n\n\n\n<figure class=\"wp-block-image\"><img loading=\"lazy\" decoding=\"async\" width=\"500\" height=\"500\" src=\"https:\/\/www.cocondedecoration.com\/blog\/wp-content\/uploads\/2023\/06\/couleur-deco-jaune-violet-maisons-du-monde-3.jpeg\" alt=\"couleur deco jaune violet maisons du monde Vase en verre recycl\u00e9 miel\" class=\"wp-image-61546\" srcset=\"https:\/\/www.cocondedecoration.com\/blog\/wp-content\/uploads\/2023\/06\/couleur-deco-jaune-violet-maisons-du-monde-3.jpeg 500w, https:\/\/www.cocondedecoration.com\/blog\/wp-content\/uploads\/2023\/06\/couleur-deco-jaune-violet-maisons-du-monde-3-165x165.jpeg 165w, https:\/\/www.cocondedecoration.com\/blog\/wp-content\/uploads\/2023\/06\/couleur-deco-jaune-violet-maisons-du-monde-3-260x260.jpeg 260w, https:\/\/www.cocondedecoration.com\/blog\/wp-content\/uploads\/2023\/06\/couleur-deco-jaune-violet-maisons-du-monde-3-465x465.jpeg 465w\" sizes=\"(max-width: 500px) 100vw, 500px\" \/><figcaption><a href=\"https:\/\/fnty.co\/c\/r-VdlCOMRt\" target=\"_blank\" rel=\"noreferrer noopener\" aria-label=\"Vase en verre recycl\u00e9 miel  (s\u2019ouvre dans un nouvel onglet)\">Vase en verre recycl\u00e9 miel <\/a>- Maisons du Monde<\/figcaption><\/figure>\n\n\n\n<figure class=\"wp-block-image\"><img loading=\"lazy\" decoding=\"async\" width=\"500\" height=\"500\" src=\"https:\/\/www.cocondedecoration.com\/blog\/wp-content\/uploads\/2023\/06\/couleur-deco-jaune-violet-maisons-du-monde-5.jpeg\" alt=\"couleur deco jaune violet maisons du monde Fauteuil en velours ocre cannage en rotin\" class=\"wp-image-61548\" srcset=\"https:\/\/www.cocondedecoration.com\/blog\/wp-content\/uploads\/2023\/06\/couleur-deco-jaune-violet-maisons-du-monde-5.jpeg 500w, https:\/\/www.cocondedecoration.com\/blog\/wp-content\/uploads\/2023\/06\/couleur-deco-jaune-violet-maisons-du-monde-5-165x165.jpeg 165w, https:\/\/www.cocondedecoration.com\/blog\/wp-content\/uploads\/2023\/06\/couleur-deco-jaune-violet-maisons-du-monde-5-260x260.jpeg 260w, https:\/\/www.cocondedecoration.com\/blog\/wp-content\/uploads\/2023\/06\/couleur-deco-jaune-violet-maisons-du-monde-5-465x465.jpeg 465w\" sizes=\"(max-width: 500px) 100vw, 500px\" \/><figcaption><a href=\"https:\/\/fnty.co\/c\/r-LxrmSnHC\" target=\"_blank\" rel=\"noreferrer noopener\" aria-label=\"Fauteuil en velours ocre cannage en rotin (s\u2019ouvre dans un nouvel onglet)\">Fauteuil en velours ocre cannage en rotin<\/a> - Maisons du Monde<\/figcaption><\/figure>\n<\/div>\n\n\n\n<div class=\"wp-block-column is-layout-flow wp-block-column-is-layout-flow\">\n<figure class=\"wp-block-image\"><img loading=\"lazy\" decoding=\"async\" width=\"500\" height=\"500\" src=\"https:\/\/www.cocondedecoration.com\/blog\/wp-content\/uploads\/2023\/06\/revetement-mur-jaune-violet-leroy-merlin-1.jpeg\" alt=\"revetement mur jaune violet leroy merlin Peinture mur, boiserie prune satin\" class=\"wp-image-61528\" srcset=\"https:\/\/www.cocondedecoration.com\/blog\/wp-content\/uploads\/2023\/06\/revetement-mur-jaune-violet-leroy-merlin-1.jpeg 500w, https:\/\/www.cocondedecoration.com\/blog\/wp-content\/uploads\/2023\/06\/revetement-mur-jaune-violet-leroy-merlin-1-165x165.jpeg 165w, https:\/\/www.cocondedecoration.com\/blog\/wp-content\/uploads\/2023\/06\/revetement-mur-jaune-violet-leroy-merlin-1-260x260.jpeg 260w, https:\/\/www.cocondedecoration.com\/blog\/wp-content\/uploads\/2023\/06\/revetement-mur-jaune-violet-leroy-merlin-1-465x465.jpeg 465w\" sizes=\"(max-width: 500px) 100vw, 500px\" \/><figcaption><a href=\"https:\/\/tidd.ly\/3qNupYx\" target=\"_blank\" rel=\"noreferrer noopener\" aria-label=\"Peinture mur, boiserie prune satin (s\u2019ouvre dans un nouvel onglet)\">Peinture mur, boiserie prune satin<\/a> - Leroy Merlin <\/figcaption><\/figure>\n\n\n\n<figure class=\"wp-block-image\"><img loading=\"lazy\" decoding=\"async\" width=\"500\" height=\"500\" src=\"https:\/\/www.cocondedecoration.com\/blog\/wp-content\/uploads\/2023\/06\/revetement-mur-jaune-violet-leroy-merlin-3.jpeg\" alt=\"revetement mur jaune violet leroy merlin Papier peint xxl fleurs de r\u00eave aubergine et parme\" class=\"wp-image-61530\" srcset=\"https:\/\/www.cocondedecoration.com\/blog\/wp-content\/uploads\/2023\/06\/revetement-mur-jaune-violet-leroy-merlin-3.jpeg 500w, https:\/\/www.cocondedecoration.com\/blog\/wp-content\/uploads\/2023\/06\/revetement-mur-jaune-violet-leroy-merlin-3-165x165.jpeg 165w, https:\/\/www.cocondedecoration.com\/blog\/wp-content\/uploads\/2023\/06\/revetement-mur-jaune-violet-leroy-merlin-3-260x260.jpeg 260w, https:\/\/www.cocondedecoration.com\/blog\/wp-content\/uploads\/2023\/06\/revetement-mur-jaune-violet-leroy-merlin-3-465x465.jpeg 465w\" sizes=\"(max-width: 500px) 100vw, 500px\" \/><figcaption><a href=\"https:\/\/tidd.ly\/445yWUt\" target=\"_blank\" rel=\"noreferrer noopener\" aria-label=\"Papier peint xxl fleurs de r\u00eave (s\u2019ouvre dans un nouvel onglet)\">Papier peint xxl fleurs de r\u00eave<\/a> - Leroy Merlin <\/figcaption><\/figure>\n\n\n\n<figure class=\"wp-block-image\"><img loading=\"lazy\" decoding=\"async\" width=\"500\" height=\"500\" src=\"https:\/\/www.cocondedecoration.com\/blog\/wp-content\/uploads\/2023\/06\/deco-jaune-et-violet-la-redoute-6.jpeg\" alt=\"deco jaune et violet la redoute Fauteuil modulable Twist aubergine\" class=\"wp-image-61523\" srcset=\"https:\/\/www.cocondedecoration.com\/blog\/wp-content\/uploads\/2023\/06\/deco-jaune-et-violet-la-redoute-6.jpeg 500w, https:\/\/www.cocondedecoration.com\/blog\/wp-content\/uploads\/2023\/06\/deco-jaune-et-violet-la-redoute-6-165x165.jpeg 165w, https:\/\/www.cocondedecoration.com\/blog\/wp-content\/uploads\/2023\/06\/deco-jaune-et-violet-la-redoute-6-260x260.jpeg 260w, https:\/\/www.cocondedecoration.com\/blog\/wp-content\/uploads\/2023\/06\/deco-jaune-et-violet-la-redoute-6-465x465.jpeg 465w\" sizes=\"(max-width: 500px) 100vw, 500px\" \/><figcaption><a href=\"https:\/\/c3po.link\/QCgUq6gJPA\" target=\"_blank\" rel=\"noreferrer noopener\" aria-label=\"Fauteuil modulable aubergine (s\u2019ouvre dans un nouvel onglet)\">Fauteuil modulable aubergine<\/a> - La Redoute<\/figcaption><\/figure>\n\n\n\n<figure class=\"wp-block-image\"><img loading=\"lazy\" decoding=\"async\" width=\"500\" height=\"500\" src=\"https:\/\/www.cocondedecoration.com\/blog\/wp-content\/uploads\/2023\/06\/deco-jaune-et-violet-la-redoute-8.jpeg\" alt=\"deco jaune et violet la redoute Rideau feutr\u00e9 en velours uni prune\" class=\"wp-image-61525\" srcset=\"https:\/\/www.cocondedecoration.com\/blog\/wp-content\/uploads\/2023\/06\/deco-jaune-et-violet-la-redoute-8.jpeg 500w, https:\/\/www.cocondedecoration.com\/blog\/wp-content\/uploads\/2023\/06\/deco-jaune-et-violet-la-redoute-8-165x165.jpeg 165w, https:\/\/www.cocondedecoration.com\/blog\/wp-content\/uploads\/2023\/06\/deco-jaune-et-violet-la-redoute-8-260x260.jpeg 260w, https:\/\/www.cocondedecoration.com\/blog\/wp-content\/uploads\/2023\/06\/deco-jaune-et-violet-la-redoute-8-465x465.jpeg 465w\" sizes=\"(max-width: 500px) 100vw, 500px\" \/><figcaption><a href=\"https:\/\/c3po.link\/QCqzjBgeKJ\" target=\"_blank\" rel=\"noreferrer noopener\" aria-label=\"Rideau feutr\u00e9 en velours uni (s\u2019ouvre dans un nouvel onglet)\">Rideau feutr\u00e9 en velours uni<\/a> - La Redoute<\/figcaption><\/figure>\n\n\n\n<figure class=\"wp-block-image\"><img loading=\"lazy\" decoding=\"async\" width=\"500\" height=\"500\" src=\"https:\/\/www.cocondedecoration.com\/blog\/wp-content\/uploads\/2023\/06\/deco-jaune-et-violet-la-redoute-10.jpeg\" alt=\"deco jaune et violet la redoute Housse de coussin ext\u00e9rieur prune \u00e0 fleur\" class=\"wp-image-61527\" srcset=\"https:\/\/www.cocondedecoration.com\/blog\/wp-content\/uploads\/2023\/06\/deco-jaune-et-violet-la-redoute-10.jpeg 500w, https:\/\/www.cocondedecoration.com\/blog\/wp-content\/uploads\/2023\/06\/deco-jaune-et-violet-la-redoute-10-165x165.jpeg 165w, https:\/\/www.cocondedecoration.com\/blog\/wp-content\/uploads\/2023\/06\/deco-jaune-et-violet-la-redoute-10-260x260.jpeg 260w, https:\/\/www.cocondedecoration.com\/blog\/wp-content\/uploads\/2023\/06\/deco-jaune-et-violet-la-redoute-10-465x465.jpeg 465w\" sizes=\"(max-width: 500px) 100vw, 500px\" \/><figcaption><a href=\"https:\/\/c3po.link\/QJK2HkBnUE\" target=\"_blank\" rel=\"noreferrer noopener\" aria-label=\"Housse de coussin ext\u00e9rieur  (s\u2019ouvre dans un nouvel onglet)\">Housse de coussin ext\u00e9rieur <\/a>- La Redoute<\/figcaption><\/figure>\n\n\n\n<figure class=\"wp-block-image\"><img loading=\"lazy\" decoding=\"async\" width=\"500\" height=\"500\" src=\"https:\/\/www.cocondedecoration.com\/blog\/wp-content\/uploads\/2023\/06\/linge-de-maison-couleur-jaune-violet-blancheporte-6.jpeg\" alt=\"linge de maison couleur jaune violet blancheporte Prot\u00e8ge-salon r\u00e9versible microfibre matelass\u00e9\" class=\"wp-image-61541\" srcset=\"https:\/\/www.cocondedecoration.com\/blog\/wp-content\/uploads\/2023\/06\/linge-de-maison-couleur-jaune-violet-blancheporte-6.jpeg 500w, https:\/\/www.cocondedecoration.com\/blog\/wp-content\/uploads\/2023\/06\/linge-de-maison-couleur-jaune-violet-blancheporte-6-165x165.jpeg 165w, https:\/\/www.cocondedecoration.com\/blog\/wp-content\/uploads\/2023\/06\/linge-de-maison-couleur-jaune-violet-blancheporte-6-260x260.jpeg 260w, https:\/\/www.cocondedecoration.com\/blog\/wp-content\/uploads\/2023\/06\/linge-de-maison-couleur-jaune-violet-blancheporte-6-465x465.jpeg 465w\" sizes=\"(max-width: 500px) 100vw, 500px\" \/><figcaption><a href=\"https:\/\/fnty.co\/c\/r-IPUpfiuH\" target=\"_blank\" rel=\"noreferrer noopener\" aria-label=\"Prot\u00e8ge-salon r\u00e9versible microfibre matelass\u00e9 (s\u2019ouvre dans un nouvel onglet)\">Prot\u00e8ge-salon r\u00e9versible microfibre matelass\u00e9<\/a> - Blancheporte<\/figcaption><\/figure>\n\n\n\n<figure class=\"wp-block-image\"><img loading=\"lazy\" decoding=\"async\" width=\"500\" height=\"500\" src=\"https:\/\/www.cocondedecoration.com\/blog\/wp-content\/uploads\/2023\/06\/linge-de-maison-couleur-jaune-violet-blancheporte-8.jpeg\" alt=\"linge de maison couleur jaune violet blancheporte Linge de lit uni flanelle color\u00e9 prune\" class=\"wp-image-61543\" srcset=\"https:\/\/www.cocondedecoration.com\/blog\/wp-content\/uploads\/2023\/06\/linge-de-maison-couleur-jaune-violet-blancheporte-8.jpeg 500w, https:\/\/www.cocondedecoration.com\/blog\/wp-content\/uploads\/2023\/06\/linge-de-maison-couleur-jaune-violet-blancheporte-8-165x165.jpeg 165w, https:\/\/www.cocondedecoration.com\/blog\/wp-content\/uploads\/2023\/06\/linge-de-maison-couleur-jaune-violet-blancheporte-8-260x260.jpeg 260w, https:\/\/www.cocondedecoration.com\/blog\/wp-content\/uploads\/2023\/06\/linge-de-maison-couleur-jaune-violet-blancheporte-8-465x465.jpeg 465w\" sizes=\"(max-width: 500px) 100vw, 500px\" \/><figcaption><a href=\"https:\/\/fnty.co\/c\/r-KSEJtlbD\" target=\"_blank\" rel=\"noreferrer noopener\" aria-label=\"Linge de lit uni flanelle prune (s\u2019ouvre dans un nouvel onglet)\">Linge de lit uni flanelle prune<\/a> - Blancheporte<\/figcaption><\/figure>\n\n\n\n<figure class=\"wp-block-image\"><img loading=\"lazy\" decoding=\"async\" width=\"500\" height=\"500\" src=\"https:\/\/www.cocondedecoration.com\/blog\/wp-content\/uploads\/2023\/06\/couleur-deco-jaune-violet-maisons-du-monde-7.jpeg\" alt=\"couleur deco jaune violet maisons du monde Vase Ring en verre\" class=\"wp-image-61550\" srcset=\"https:\/\/www.cocondedecoration.com\/blog\/wp-content\/uploads\/2023\/06\/couleur-deco-jaune-violet-maisons-du-monde-7.jpeg 500w, https:\/\/www.cocondedecoration.com\/blog\/wp-content\/uploads\/2023\/06\/couleur-deco-jaune-violet-maisons-du-monde-7-165x165.jpeg 165w, https:\/\/www.cocondedecoration.com\/blog\/wp-content\/uploads\/2023\/06\/couleur-deco-jaune-violet-maisons-du-monde-7-260x260.jpeg 260w, https:\/\/www.cocondedecoration.com\/blog\/wp-content\/uploads\/2023\/06\/couleur-deco-jaune-violet-maisons-du-monde-7-465x465.jpeg 465w\" sizes=\"(max-width: 500px) 100vw, 500px\" \/><figcaption><a href=\"https:\/\/fnty.co\/c\/r-LkjbwKOe\" target=\"_blank\" rel=\"noreferrer noopener\" aria-label=\"Vase Ring en verre  (s\u2019ouvre dans un nouvel onglet)\">Vase Ring en verre <\/a>- Maisons du Monde<\/figcaption><\/figure>\n\n\n\n<figure class=\"wp-block-image\"><img loading=\"lazy\" decoding=\"async\" width=\"500\" height=\"500\" src=\"https:\/\/www.cocondedecoration.com\/blog\/wp-content\/uploads\/2023\/06\/couleur-deco-jaune-violet-maisons-du-monde-9.jpeg\" alt=\"couleur deco jaune violet maisons du monde Fauteuil design contemporain prune\" class=\"wp-image-61552\" srcset=\"https:\/\/www.cocondedecoration.com\/blog\/wp-content\/uploads\/2023\/06\/couleur-deco-jaune-violet-maisons-du-monde-9.jpeg 500w, https:\/\/www.cocondedecoration.com\/blog\/wp-content\/uploads\/2023\/06\/couleur-deco-jaune-violet-maisons-du-monde-9-165x165.jpeg 165w, https:\/\/www.cocondedecoration.com\/blog\/wp-content\/uploads\/2023\/06\/couleur-deco-jaune-violet-maisons-du-monde-9-260x260.jpeg 260w, https:\/\/www.cocondedecoration.com\/blog\/wp-content\/uploads\/2023\/06\/couleur-deco-jaune-violet-maisons-du-monde-9-465x465.jpeg 465w\" sizes=\"(max-width: 500px) 100vw, 500px\" \/><figcaption><a href=\"https:\/\/fnty.co\/c\/r-scKPxwYJ\" target=\"_blank\" rel=\"noreferrer noopener\" aria-label=\"Fauteuil design contemporain prune (s\u2019ouvre dans un nouvel onglet)\">Fauteuil design contemporain prune<\/a> - Maisons du Monde<\/figcaption><\/figure>\n<\/div>\n\n\n\n<div class=\"wp-block-column is-layout-flow wp-block-column-is-layout-flow\">\n<figure class=\"wp-block-image\"><img loading=\"lazy\" decoding=\"async\" width=\"500\" height=\"500\" src=\"https:\/\/www.cocondedecoration.com\/blog\/wp-content\/uploads\/2023\/06\/revetement-mur-jaune-violet-leroy-merlin-2.jpeg\" alt=\"revetement mur jaune violet leroy merlin Peinture mur, boiserie, radiateur elixir 6 satin lilas parme\" class=\"wp-image-61529\" srcset=\"https:\/\/www.cocondedecoration.com\/blog\/wp-content\/uploads\/2023\/06\/revetement-mur-jaune-violet-leroy-merlin-2.jpeg 500w, https:\/\/www.cocondedecoration.com\/blog\/wp-content\/uploads\/2023\/06\/revetement-mur-jaune-violet-leroy-merlin-2-165x165.jpeg 165w, https:\/\/www.cocondedecoration.com\/blog\/wp-content\/uploads\/2023\/06\/revetement-mur-jaune-violet-leroy-merlin-2-260x260.jpeg 260w, https:\/\/www.cocondedecoration.com\/blog\/wp-content\/uploads\/2023\/06\/revetement-mur-jaune-violet-leroy-merlin-2-465x465.jpeg 465w\" sizes=\"(max-width: 500px) 100vw, 500px\" \/><figcaption><a href=\"https:\/\/tidd.ly\/46cjW9l\" target=\"_blank\" rel=\"noreferrer noopener\" aria-label=\"Peinture mur, boiserie, radiateur lilas (s\u2019ouvre dans un nouvel onglet)\">Peinture mur, boiserie, radiateur lilas<\/a> - Leroy Merlin<\/figcaption><\/figure>\n\n\n\n<figure class=\"wp-block-image\"><img loading=\"lazy\" decoding=\"async\" width=\"500\" height=\"500\" src=\"https:\/\/www.cocondedecoration.com\/blog\/wp-content\/uploads\/2023\/06\/revetement-mur-jaune-violet-leroy-merlin-4.jpeg\" alt=\"revetement mur jaune violet leroy merlin Papier peint intiss\u00e9 Patine uni violet\" class=\"wp-image-61531\" srcset=\"https:\/\/www.cocondedecoration.com\/blog\/wp-content\/uploads\/2023\/06\/revetement-mur-jaune-violet-leroy-merlin-4.jpeg 500w, https:\/\/www.cocondedecoration.com\/blog\/wp-content\/uploads\/2023\/06\/revetement-mur-jaune-violet-leroy-merlin-4-165x165.jpeg 165w, https:\/\/www.cocondedecoration.com\/blog\/wp-content\/uploads\/2023\/06\/revetement-mur-jaune-violet-leroy-merlin-4-260x260.jpeg 260w, https:\/\/www.cocondedecoration.com\/blog\/wp-content\/uploads\/2023\/06\/revetement-mur-jaune-violet-leroy-merlin-4-465x465.jpeg 465w\" sizes=\"(max-width: 500px) 100vw, 500px\" \/><figcaption><a href=\"https:\/\/tidd.ly\/441Sw3W\" target=\"_blank\" rel=\"noreferrer noopener\" aria-label=\"Papier peint intiss\u00e9 Patine uni violet (s\u2019ouvre dans un nouvel onglet)\">Papier peint intiss\u00e9 Patine uni violet<\/a> - Leroy Merlin <\/figcaption><\/figure>\n\n\n\n<figure class=\"wp-block-image\"><img loading=\"lazy\" decoding=\"async\" width=\"500\" height=\"500\" src=\"https:\/\/www.cocondedecoration.com\/blog\/wp-content\/uploads\/2023\/06\/deco-jaune-et-violet-la-redoute-7.jpeg\" alt=\"deco jaune et violet la redoute Canap\u00e9 lit Sleek 2 places prune\" class=\"wp-image-61524\" srcset=\"https:\/\/www.cocondedecoration.com\/blog\/wp-content\/uploads\/2023\/06\/deco-jaune-et-violet-la-redoute-7.jpeg 500w, https:\/\/www.cocondedecoration.com\/blog\/wp-content\/uploads\/2023\/06\/deco-jaune-et-violet-la-redoute-7-165x165.jpeg 165w, https:\/\/www.cocondedecoration.com\/blog\/wp-content\/uploads\/2023\/06\/deco-jaune-et-violet-la-redoute-7-260x260.jpeg 260w, https:\/\/www.cocondedecoration.com\/blog\/wp-content\/uploads\/2023\/06\/deco-jaune-et-violet-la-redoute-7-465x465.jpeg 465w\" sizes=\"(max-width: 500px) 100vw, 500px\" \/><figcaption><a href=\"https:\/\/c3po.link\/QhPhjT6Mqj\" target=\"_blank\" rel=\"noreferrer noopener\" aria-label=\"Canap\u00e9 lit 2 places (s\u2019ouvre dans un nouvel onglet)\">Canap\u00e9 lit 2 places<\/a> - La Redoute<\/figcaption><\/figure>\n\n\n\n<figure class=\"wp-block-image\"><img loading=\"lazy\" decoding=\"async\" width=\"500\" height=\"500\" src=\"https:\/\/www.cocondedecoration.com\/blog\/wp-content\/uploads\/2023\/06\/deco-jaune-et-violet-la-redoute-9.jpeg\" alt=\"deco jaune et violet la redoute Coussin Passepoil uni Essentiel prune\" class=\"wp-image-61526\" srcset=\"https:\/\/www.cocondedecoration.com\/blog\/wp-content\/uploads\/2023\/06\/deco-jaune-et-violet-la-redoute-9.jpeg 500w, https:\/\/www.cocondedecoration.com\/blog\/wp-content\/uploads\/2023\/06\/deco-jaune-et-violet-la-redoute-9-165x165.jpeg 165w, https:\/\/www.cocondedecoration.com\/blog\/wp-content\/uploads\/2023\/06\/deco-jaune-et-violet-la-redoute-9-260x260.jpeg 260w, https:\/\/www.cocondedecoration.com\/blog\/wp-content\/uploads\/2023\/06\/deco-jaune-et-violet-la-redoute-9-465x465.jpeg 465w\" sizes=\"(max-width: 500px) 100vw, 500px\" \/><figcaption><a href=\"https:\/\/c3po.link\/QCWZfNxbsx\" target=\"_blank\" rel=\"noreferrer noopener\" aria-label=\"Coussin Passepoil uni Essentiel  (s\u2019ouvre dans un nouvel onglet)\">Coussin Passepoil uni Essentiel <\/a>- La Redoute<\/figcaption><\/figure>\n\n\n\n<figure class=\"wp-block-image\"><img loading=\"lazy\" decoding=\"async\" width=\"500\" height=\"500\" src=\"https:\/\/www.cocondedecoration.com\/blog\/wp-content\/uploads\/2023\/06\/linge-de-maison-couleur-jaune-violet-blancheporte-5.jpeg\" alt=\"linge de maison couleur jaune violet blancheporte Serviette de table unie - lot de 6\" class=\"wp-image-61540\" srcset=\"https:\/\/www.cocondedecoration.com\/blog\/wp-content\/uploads\/2023\/06\/linge-de-maison-couleur-jaune-violet-blancheporte-5.jpeg 500w, https:\/\/www.cocondedecoration.com\/blog\/wp-content\/uploads\/2023\/06\/linge-de-maison-couleur-jaune-violet-blancheporte-5-165x165.jpeg 165w, https:\/\/www.cocondedecoration.com\/blog\/wp-content\/uploads\/2023\/06\/linge-de-maison-couleur-jaune-violet-blancheporte-5-260x260.jpeg 260w, https:\/\/www.cocondedecoration.com\/blog\/wp-content\/uploads\/2023\/06\/linge-de-maison-couleur-jaune-violet-blancheporte-5-465x465.jpeg 465w\" sizes=\"(max-width: 500px) 100vw, 500px\" \/><figcaption><a href=\"https:\/\/fnty.co\/c\/r-PjCNsQij\" target=\"_blank\" rel=\"noreferrer noopener\" aria-label=\"Serviette de table unie - lot de 6  (s\u2019ouvre dans un nouvel onglet)\">Serviette de table unie - lot de 6 <\/a>- Blancheporte<\/figcaption><\/figure>\n\n\n\n<figure class=\"wp-block-image\"><img loading=\"lazy\" decoding=\"async\" width=\"500\" height=\"500\" src=\"https:\/\/www.cocondedecoration.com\/blog\/wp-content\/uploads\/2023\/06\/linge-de-maison-couleur-jaune-violet-blancheporte-7.jpeg\" alt=\"linge de maison couleur jaune violet blancheporte Linge de lit uni - coton bio lilas\" class=\"wp-image-61542\" srcset=\"https:\/\/www.cocondedecoration.com\/blog\/wp-content\/uploads\/2023\/06\/linge-de-maison-couleur-jaune-violet-blancheporte-7.jpeg 500w, https:\/\/www.cocondedecoration.com\/blog\/wp-content\/uploads\/2023\/06\/linge-de-maison-couleur-jaune-violet-blancheporte-7-165x165.jpeg 165w, https:\/\/www.cocondedecoration.com\/blog\/wp-content\/uploads\/2023\/06\/linge-de-maison-couleur-jaune-violet-blancheporte-7-260x260.jpeg 260w, https:\/\/www.cocondedecoration.com\/blog\/wp-content\/uploads\/2023\/06\/linge-de-maison-couleur-jaune-violet-blancheporte-7-465x465.jpeg 465w\" sizes=\"(max-width: 500px) 100vw, 500px\" \/><figcaption><a href=\"https:\/\/fnty.co\/c\/r-HWMWkIMB\" target=\"_blank\" rel=\"noreferrer noopener\" aria-label=\"Linge de lit uni - coton bio (s\u2019ouvre dans un nouvel onglet)\">Linge de lit uni - coton bio<\/a> - Blancheporte<\/figcaption><\/figure>\n\n\n\n<figure class=\"wp-block-image\"><img loading=\"lazy\" decoding=\"async\" width=\"500\" height=\"500\" src=\"https:\/\/www.cocondedecoration.com\/blog\/wp-content\/uploads\/2023\/06\/couleur-deco-jaune-violet-maisons-du-monde-6.jpeg\" alt=\"couleur deco jaune violet maisons du monde Lampe de table en fer violet et jaune\" class=\"wp-image-61549\" srcset=\"https:\/\/www.cocondedecoration.com\/blog\/wp-content\/uploads\/2023\/06\/couleur-deco-jaune-violet-maisons-du-monde-6.jpeg 500w, https:\/\/www.cocondedecoration.com\/blog\/wp-content\/uploads\/2023\/06\/couleur-deco-jaune-violet-maisons-du-monde-6-165x165.jpeg 165w, https:\/\/www.cocondedecoration.com\/blog\/wp-content\/uploads\/2023\/06\/couleur-deco-jaune-violet-maisons-du-monde-6-260x260.jpeg 260w, https:\/\/www.cocondedecoration.com\/blog\/wp-content\/uploads\/2023\/06\/couleur-deco-jaune-violet-maisons-du-monde-6-465x465.jpeg 465w\" sizes=\"(max-width: 500px) 100vw, 500px\" \/><figcaption><a href=\"https:\/\/fnty.co\/c\/r-JGcHnviT\" target=\"_blank\" rel=\"noreferrer noopener\" aria-label=\"Lampe de table en fer violet et jaune  (s\u2019ouvre dans un nouvel onglet)\">Lampe de table en fer violet et jaune <\/a>- Maisons du Monde<\/figcaption><\/figure>\n\n\n\n<figure class=\"wp-block-image\"><img loading=\"lazy\" decoding=\"async\" width=\"500\" height=\"500\" src=\"https:\/\/www.cocondedecoration.com\/blog\/wp-content\/uploads\/2023\/06\/couleur-deco-jaune-violet-maisons-du-monde-8.jpeg\" alt=\"couleur deco jaune violet maisons du monde Vase en verre teint\u00e9 violet H24\" class=\"wp-image-61551\" srcset=\"https:\/\/www.cocondedecoration.com\/blog\/wp-content\/uploads\/2023\/06\/couleur-deco-jaune-violet-maisons-du-monde-8.jpeg 500w, https:\/\/www.cocondedecoration.com\/blog\/wp-content\/uploads\/2023\/06\/couleur-deco-jaune-violet-maisons-du-monde-8-165x165.jpeg 165w, https:\/\/www.cocondedecoration.com\/blog\/wp-content\/uploads\/2023\/06\/couleur-deco-jaune-violet-maisons-du-monde-8-260x260.jpeg 260w, https:\/\/www.cocondedecoration.com\/blog\/wp-content\/uploads\/2023\/06\/couleur-deco-jaune-violet-maisons-du-monde-8-465x465.jpeg 465w\" sizes=\"(max-width: 500px) 100vw, 500px\" \/><figcaption><a href=\"https:\/\/fnty.co\/c\/r-KcItiatO\" target=\"_blank\" rel=\"noreferrer noopener\" aria-label=\"Vase en verre teint\u00e9 violet (s\u2019ouvre dans un nouvel onglet)\">Vase en verre teint\u00e9 violet<\/a> - Maisons du Monde<\/figcaption><\/figure>\n\n\n\n<figure class=\"wp-block-image\"><img loading=\"lazy\" decoding=\"async\" width=\"500\" height=\"500\" src=\"https:\/\/www.cocondedecoration.com\/blog\/wp-content\/uploads\/2023\/06\/couleur-deco-jaune-violet-maisons-du-monde-10.jpeg\" alt=\"couleur deco jaune violet maisons du monde Fauteuil rembourr\u00e9 tissu violet\" class=\"wp-image-61553\" srcset=\"https:\/\/www.cocondedecoration.com\/blog\/wp-content\/uploads\/2023\/06\/couleur-deco-jaune-violet-maisons-du-monde-10.jpeg 500w, https:\/\/www.cocondedecoration.com\/blog\/wp-content\/uploads\/2023\/06\/couleur-deco-jaune-violet-maisons-du-monde-10-165x165.jpeg 165w, https:\/\/www.cocondedecoration.com\/blog\/wp-content\/uploads\/2023\/06\/couleur-deco-jaune-violet-maisons-du-monde-10-260x260.jpeg 260w, https:\/\/www.cocondedecoration.com\/blog\/wp-content\/uploads\/2023\/06\/couleur-deco-jaune-violet-maisons-du-monde-10-465x465.jpeg 465w\" sizes=\"(max-width: 500px) 100vw, 500px\" \/><figcaption><a href=\"https:\/\/fnty.co\/c\/r-dZgYpQsZ\" target=\"_blank\" rel=\"noreferrer noopener\" aria-label=\"Fauteuil rembourr\u00e9 tissu violet (s\u2019ouvre dans un nouvel onglet)\">Fauteuil rembourr\u00e9 tissu violet<\/a> - Maisons du Monde<\/figcaption><\/figure>\n<\/div>\n<\/div>\n\n\n\n<hr class=\"wp-block-separator\"\/>\n\n\n\n<div class=\"wp-block-columns has-2-columns is-layout-flex wp-container-core-columns-layout-10 wp-block-columns-is-layout-flex\">\n<div class=\"wp-block-column is-layout-flow wp-block-column-is-layout-flow\"><div class='white' style='background:rgba(0,0,0,0); border:solid 0px rgba(0,0,0,0); border-radius:0px; padding:0px 0px 0px 0px;'>\n<div id='slider_57976' class='owl-carousel sa_owl_theme owl-pagination-true autohide-arrows' data-slider-id='slider_57976' style='visibility:hidden;'>\n<div id='slider_57976_slide01' class='sa_hover_container' style='padding:5% 5%; margin:0px 0%; '><p><img loading=\"lazy\" decoding=\"async\" class=\"aligncenter size-full wp-image-57977\" src=\"https:\/\/www.cocondedecoration.com\/blog\/wp-content\/uploads\/2023\/03\/coup-de-coeur-deco-tendance-maisons-du-monde-1.jpeg\" alt=\"coup de coeur deco tendance maisons du monde Buffet enfilade style vintage 3 portes marron\" width=\"500\" height=\"500\" srcset=\"https:\/\/www.cocondedecoration.com\/blog\/wp-content\/uploads\/2023\/03\/coup-de-coeur-deco-tendance-maisons-du-monde-1.jpeg 500w, https:\/\/www.cocondedecoration.com\/blog\/wp-content\/uploads\/2023\/03\/coup-de-coeur-deco-tendance-maisons-du-monde-1-165x165.jpeg 165w, https:\/\/www.cocondedecoration.com\/blog\/wp-content\/uploads\/2023\/03\/coup-de-coeur-deco-tendance-maisons-du-monde-1-260x260.jpeg 260w, https:\/\/www.cocondedecoration.com\/blog\/wp-content\/uploads\/2023\/03\/coup-de-coeur-deco-tendance-maisons-du-monde-1-465x465.jpeg 465w\" sizes=\"(max-width: 500px) 100vw, 500px\" \/><\/p><\/div>\n<div id='slider_57976_slide02' class='sa_hover_container' style='padding:5% 5%; margin:0px 0%; '><p><img loading=\"lazy\" decoding=\"async\" class=\"aligncenter size-full wp-image-57978\" src=\"https:\/\/www.cocondedecoration.com\/blog\/wp-content\/uploads\/2023\/03\/coup-de-coeur-deco-tendance-la-redoute-1.jpeg\" alt=\"coup de coeur deco tendance la redoute Tapis Tencel\u2122 gris clair chic\" width=\"500\" height=\"500\" srcset=\"https:\/\/www.cocondedecoration.com\/blog\/wp-content\/uploads\/2023\/03\/coup-de-coeur-deco-tendance-la-redoute-1.jpeg 500w, https:\/\/www.cocondedecoration.com\/blog\/wp-content\/uploads\/2023\/03\/coup-de-coeur-deco-tendance-la-redoute-1-165x165.jpeg 165w, https:\/\/www.cocondedecoration.com\/blog\/wp-content\/uploads\/2023\/03\/coup-de-coeur-deco-tendance-la-redoute-1-260x260.jpeg 260w, https:\/\/www.cocondedecoration.com\/blog\/wp-content\/uploads\/2023\/03\/coup-de-coeur-deco-tendance-la-redoute-1-465x465.jpeg 465w\" sizes=\"(max-width: 500px) 100vw, 500px\" \/><\/p><\/div>\n<div id='slider_57976_slide03' class='sa_hover_container' style='padding:5% 5%; margin:0px 0%; '><p><img loading=\"lazy\" decoding=\"async\" class=\"aligncenter size-full wp-image-57979\" src=\"https:\/\/www.cocondedecoration.com\/blog\/wp-content\/uploads\/2023\/03\/deco-design-coup-de-coeur-cool-republic-1.jpeg\" alt=\"deco design coup de coeur cool republic Housse de coussin Petra - Shandor\" width=\"500\" height=\"500\" srcset=\"https:\/\/www.cocondedecoration.com\/blog\/wp-content\/uploads\/2023\/03\/deco-design-coup-de-coeur-cool-republic-1.jpeg 500w, https:\/\/www.cocondedecoration.com\/blog\/wp-content\/uploads\/2023\/03\/deco-design-coup-de-coeur-cool-republic-1-165x165.jpeg 165w, https:\/\/www.cocondedecoration.com\/blog\/wp-content\/uploads\/2023\/03\/deco-design-coup-de-coeur-cool-republic-1-260x260.jpeg 260w, https:\/\/www.cocondedecoration.com\/blog\/wp-content\/uploads\/2023\/03\/deco-design-coup-de-coeur-cool-republic-1-465x465.jpeg 465w\" sizes=\"(max-width: 500px) 100vw, 500px\" \/><\/p><\/div>\n<div id='slider_57976_slide04' class='sa_hover_container' style='padding:5% 5%; margin:0px 0%; '><p><img loading=\"lazy\" decoding=\"async\" class=\"aligncenter size-full wp-image-57981\" src=\"https:\/\/www.cocondedecoration.com\/blog\/wp-content\/uploads\/2023\/03\/coup-de-coeur-deco-tendance-maisons-du-monde-2.jpeg\" alt=\"coup de coeur deco tendance maisons du monde Lampe en c\u00e9ramique jaune et abat-jour en coton \u00e9cru\" width=\"500\" height=\"500\" srcset=\"https:\/\/www.cocondedecoration.com\/blog\/wp-content\/uploads\/2023\/03\/coup-de-coeur-deco-tendance-maisons-du-monde-2.jpeg 500w, https:\/\/www.cocondedecoration.com\/blog\/wp-content\/uploads\/2023\/03\/coup-de-coeur-deco-tendance-maisons-du-monde-2-165x165.jpeg 165w, https:\/\/www.cocondedecoration.com\/blog\/wp-content\/uploads\/2023\/03\/coup-de-coeur-deco-tendance-maisons-du-monde-2-260x260.jpeg 260w, https:\/\/www.cocondedecoration.com\/blog\/wp-content\/uploads\/2023\/03\/coup-de-coeur-deco-tendance-maisons-du-monde-2-465x465.jpeg 465w\" sizes=\"(max-width: 500px) 100vw, 500px\" \/><\/p><\/div>\n<div id='slider_57976_slide05' class='sa_hover_container' style='padding:5% 5%; margin:0px 0%; '><p><img loading=\"lazy\" decoding=\"async\" class=\"aligncenter size-full wp-image-57982\" src=\"https:\/\/www.cocondedecoration.com\/blog\/wp-content\/uploads\/2023\/03\/coup-de-coeur-deco-tendance-la-redoute-2.jpeg\" alt=\"coup de coeur deco tendance la redoute Applique 2 bras, Voltige noir moderne \" width=\"500\" height=\"500\" srcset=\"https:\/\/www.cocondedecoration.com\/blog\/wp-content\/uploads\/2023\/03\/coup-de-coeur-deco-tendance-la-redoute-2.jpeg 500w, https:\/\/www.cocondedecoration.com\/blog\/wp-content\/uploads\/2023\/03\/coup-de-coeur-deco-tendance-la-redoute-2-165x165.jpeg 165w, https:\/\/www.cocondedecoration.com\/blog\/wp-content\/uploads\/2023\/03\/coup-de-coeur-deco-tendance-la-redoute-2-260x260.jpeg 260w, https:\/\/www.cocondedecoration.com\/blog\/wp-content\/uploads\/2023\/03\/coup-de-coeur-deco-tendance-la-redoute-2-465x465.jpeg 465w\" sizes=\"(max-width: 500px) 100vw, 500px\" \/><\/p><\/div>\n<div id='slider_57976_slide06' class='sa_hover_container' style='padding:5% 5%; margin:0px 0%; '><p><img loading=\"lazy\" decoding=\"async\" class=\"aligncenter size-full wp-image-57983\" src=\"https:\/\/www.cocondedecoration.com\/blog\/wp-content\/uploads\/2023\/03\/deco-design-coup-de-coeur-cool-republic-2.jpeg\" alt=\"deco design coup de coeur cool republic Lampe de table en verre fum\u00e9 - H\u00fcbsch tendance int\u00e9rieur\" width=\"500\" height=\"500\" srcset=\"https:\/\/www.cocondedecoration.com\/blog\/wp-content\/uploads\/2023\/03\/deco-design-coup-de-coeur-cool-republic-2.jpeg 500w, https:\/\/www.cocondedecoration.com\/blog\/wp-content\/uploads\/2023\/03\/deco-design-coup-de-coeur-cool-republic-2-165x165.jpeg 165w, https:\/\/www.cocondedecoration.com\/blog\/wp-content\/uploads\/2023\/03\/deco-design-coup-de-coeur-cool-republic-2-260x260.jpeg 260w, https:\/\/www.cocondedecoration.com\/blog\/wp-content\/uploads\/2023\/03\/deco-design-coup-de-coeur-cool-republic-2-465x465.jpeg 465w\" sizes=\"(max-width: 500px) 100vw, 500px\" \/><\/p><\/div>\n<div id='slider_57976_slide07' class='sa_hover_container' style='padding:5% 5%; margin:0px 0%; '><p><img loading=\"lazy\" decoding=\"async\" class=\"aligncenter size-full wp-image-57985\" src=\"https:\/\/www.cocondedecoration.com\/blog\/wp-content\/uploads\/2023\/03\/coup-de-coeur-deco-tendance-maisons-du-monde-3.jpeg\" alt=\"coup de coeur deco tendance maisons du monde Vase en gr\u00e8s vert H23 slow int\u00e9rieur couleur\" width=\"500\" height=\"500\" srcset=\"https:\/\/www.cocondedecoration.com\/blog\/wp-content\/uploads\/2023\/03\/coup-de-coeur-deco-tendance-maisons-du-monde-3.jpeg 500w, https:\/\/www.cocondedecoration.com\/blog\/wp-content\/uploads\/2023\/03\/coup-de-coeur-deco-tendance-maisons-du-monde-3-165x165.jpeg 165w, https:\/\/www.cocondedecoration.com\/blog\/wp-content\/uploads\/2023\/03\/coup-de-coeur-deco-tendance-maisons-du-monde-3-260x260.jpeg 260w, https:\/\/www.cocondedecoration.com\/blog\/wp-content\/uploads\/2023\/03\/coup-de-coeur-deco-tendance-maisons-du-monde-3-465x465.jpeg 465w\" sizes=\"(max-width: 500px) 100vw, 500px\" \/><\/p><\/div>\n<div id='slider_57976_slide08' class='sa_hover_container' style='padding:5% 5%; margin:0px 0%; '><p><img loading=\"lazy\" decoding=\"async\" class=\"aligncenter size-full wp-image-57986\" src=\"https:\/\/www.cocondedecoration.com\/blog\/wp-content\/uploads\/2023\/03\/coup-de-coeur-deco-tendance-la-redoute-3.jpeg\" alt=\"coup de coeur deco tendance la redoute Vase en verre fum\u00e9 H22cm\" width=\"500\" height=\"500\" srcset=\"https:\/\/www.cocondedecoration.com\/blog\/wp-content\/uploads\/2023\/03\/coup-de-coeur-deco-tendance-la-redoute-3.jpeg 500w, https:\/\/www.cocondedecoration.com\/blog\/wp-content\/uploads\/2023\/03\/coup-de-coeur-deco-tendance-la-redoute-3-165x165.jpeg 165w, https:\/\/www.cocondedecoration.com\/blog\/wp-content\/uploads\/2023\/03\/coup-de-coeur-deco-tendance-la-redoute-3-260x260.jpeg 260w, https:\/\/www.cocondedecoration.com\/blog\/wp-content\/uploads\/2023\/03\/coup-de-coeur-deco-tendance-la-redoute-3-465x465.jpeg 465w\" sizes=\"(max-width: 500px) 100vw, 500px\" \/><\/p><\/div>\n<div id='slider_57976_slide09' class='sa_hover_container' style='padding:5% 5%; margin:0px 0%; '><p><img loading=\"lazy\" decoding=\"async\" class=\"aligncenter size-full wp-image-57987\" src=\"https:\/\/www.cocondedecoration.com\/blog\/wp-content\/uploads\/2023\/03\/deco-design-coup-de-coeur-cool-republic-3.jpeg\" alt=\"deco design coup de coeur cool republic  Vase en verre vert S Rill stri\u00e9 fum\u00e9 moderne\" width=\"500\" height=\"500\" srcset=\"https:\/\/www.cocondedecoration.com\/blog\/wp-content\/uploads\/2023\/03\/deco-design-coup-de-coeur-cool-republic-3.jpeg 500w, https:\/\/www.cocondedecoration.com\/blog\/wp-content\/uploads\/2023\/03\/deco-design-coup-de-coeur-cool-republic-3-165x165.jpeg 165w, https:\/\/www.cocondedecoration.com\/blog\/wp-content\/uploads\/2023\/03\/deco-design-coup-de-coeur-cool-republic-3-260x260.jpeg 260w, https:\/\/www.cocondedecoration.com\/blog\/wp-content\/uploads\/2023\/03\/deco-design-coup-de-coeur-cool-republic-3-465x465.jpeg 465w\" sizes=\"(max-width: 500px) 100vw, 500px\" \/><\/p><\/div>\n<div id='slider_57976_slide10' class='sa_hover_container' style='padding:5% 5%; margin:0px 0%; '><p><img loading=\"lazy\" decoding=\"async\" class=\"aligncenter size-full wp-image-57988\" src=\"https:\/\/www.cocondedecoration.com\/blog\/wp-content\/uploads\/2023\/03\/coup-de-coeur-deco-tendance-maisons-du-monde-4.jpeg\" alt=\"coup de coeur deco tendance maisons du monde Statuette cactus bicolore ray\u00e9e verte H120\" width=\"500\" height=\"500\" srcset=\"https:\/\/www.cocondedecoration.com\/blog\/wp-content\/uploads\/2023\/03\/coup-de-coeur-deco-tendance-maisons-du-monde-4.jpeg 500w, https:\/\/www.cocondedecoration.com\/blog\/wp-content\/uploads\/2023\/03\/coup-de-coeur-deco-tendance-maisons-du-monde-4-165x165.jpeg 165w, https:\/\/www.cocondedecoration.com\/blog\/wp-content\/uploads\/2023\/03\/coup-de-coeur-deco-tendance-maisons-du-monde-4-260x260.jpeg 260w, https:\/\/www.cocondedecoration.com\/blog\/wp-content\/uploads\/2023\/03\/coup-de-coeur-deco-tendance-maisons-du-monde-4-465x465.jpeg 465w\" sizes=\"(max-width: 500px) 100vw, 500px\" \/><\/p><\/div>\n<div id='slider_57976_slide11' class='sa_hover_container' style='padding:5% 5%; margin:0px 0%; '><p><img loading=\"lazy\" decoding=\"async\" class=\"aligncenter size-full wp-image-57989\" src=\"https:\/\/www.cocondedecoration.com\/blog\/wp-content\/uploads\/2023\/03\/coup-de-coeur-deco-tendance-la-redoute-4.jpeg\" alt=\"coup de coeur deco tendance la redoute Miroir organique fer martel\u00e9 L1 m dessus buffet\" width=\"500\" height=\"500\" srcset=\"https:\/\/www.cocondedecoration.com\/blog\/wp-content\/uploads\/2023\/03\/coup-de-coeur-deco-tendance-la-redoute-4.jpeg 500w, https:\/\/www.cocondedecoration.com\/blog\/wp-content\/uploads\/2023\/03\/coup-de-coeur-deco-tendance-la-redoute-4-165x165.jpeg 165w, https:\/\/www.cocondedecoration.com\/blog\/wp-content\/uploads\/2023\/03\/coup-de-coeur-deco-tendance-la-redoute-4-260x260.jpeg 260w, https:\/\/www.cocondedecoration.com\/blog\/wp-content\/uploads\/2023\/03\/coup-de-coeur-deco-tendance-la-redoute-4-465x465.jpeg 465w\" sizes=\"(max-width: 500px) 100vw, 500px\" \/><\/p><\/div>\n<div id='slider_57976_slide12' class='sa_hover_container' style='padding:5% 5%; margin:0px 0%; '><p><img loading=\"lazy\" decoding=\"async\" class=\"aligncenter size-full wp-image-57990\" src=\"https:\/\/www.cocondedecoration.com\/blog\/wp-content\/uploads\/2023\/03\/deco-design-coup-de-coeur-cool-republic-4.jpeg\" alt=\"deco design coup de coeur cool republic  Canap\u00e9 Mid Loveseat - Kann Design bois minimaliste \u00e9l\u00e9gant chic\" width=\"500\" height=\"500\" srcset=\"https:\/\/www.cocondedecoration.com\/blog\/wp-content\/uploads\/2023\/03\/deco-design-coup-de-coeur-cool-republic-4.jpeg 500w, https:\/\/www.cocondedecoration.com\/blog\/wp-content\/uploads\/2023\/03\/deco-design-coup-de-coeur-cool-republic-4-165x165.jpeg 165w, https:\/\/www.cocondedecoration.com\/blog\/wp-content\/uploads\/2023\/03\/deco-design-coup-de-coeur-cool-republic-4-260x260.jpeg 260w, https:\/\/www.cocondedecoration.com\/blog\/wp-content\/uploads\/2023\/03\/deco-design-coup-de-coeur-cool-republic-4-465x465.jpeg 465w\" sizes=\"(max-width: 500px) 100vw, 500px\" \/><\/p><\/div>\n<div id='slider_57976_slide13' class='sa_hover_container' style='padding:5% 5%; margin:0px 0%; '><p><img loading=\"lazy\" decoding=\"async\" class=\"aligncenter size-full wp-image-57991\" src=\"https:\/\/www.cocondedecoration.com\/blog\/wp-content\/uploads\/2023\/03\/coup-de-coeur-deco-tendance-maisons-du-monde-5.jpeg\" alt=\"coup de coeur deco tendance maisons du monde Buffet 2 portes terracotta cannage en rotin\" width=\"500\" height=\"500\" srcset=\"https:\/\/www.cocondedecoration.com\/blog\/wp-content\/uploads\/2023\/03\/coup-de-coeur-deco-tendance-maisons-du-monde-5.jpeg 500w, https:\/\/www.cocondedecoration.com\/blog\/wp-content\/uploads\/2023\/03\/coup-de-coeur-deco-tendance-maisons-du-monde-5-165x165.jpeg 165w, https:\/\/www.cocondedecoration.com\/blog\/wp-content\/uploads\/2023\/03\/coup-de-coeur-deco-tendance-maisons-du-monde-5-260x260.jpeg 260w, https:\/\/www.cocondedecoration.com\/blog\/wp-content\/uploads\/2023\/03\/coup-de-coeur-deco-tendance-maisons-du-monde-5-465x465.jpeg 465w\" sizes=\"(max-width: 500px) 100vw, 500px\" \/><\/p><\/div>\n<div id='slider_57976_slide14' class='sa_hover_container' style='padding:5% 5%; margin:0px 0%; '><p><img loading=\"lazy\" decoding=\"async\" class=\"aligncenter size-full wp-image-57992\" src=\"https:\/\/www.cocondedecoration.com\/blog\/wp-content\/uploads\/2023\/03\/coup-de-coeur-deco-tendance-la-redoute-5.jpeg\" alt=\"coup de coeur deco tendance la redoute Fauteuil vintage Linna couleur coussin terracotta\" width=\"500\" height=\"500\" srcset=\"https:\/\/www.cocondedecoration.com\/blog\/wp-content\/uploads\/2023\/03\/coup-de-coeur-deco-tendance-la-redoute-5.jpeg 500w, https:\/\/www.cocondedecoration.com\/blog\/wp-content\/uploads\/2023\/03\/coup-de-coeur-deco-tendance-la-redoute-5-165x165.jpeg 165w, https:\/\/www.cocondedecoration.com\/blog\/wp-content\/uploads\/2023\/03\/coup-de-coeur-deco-tendance-la-redoute-5-260x260.jpeg 260w, https:\/\/www.cocondedecoration.com\/blog\/wp-content\/uploads\/2023\/03\/coup-de-coeur-deco-tendance-la-redoute-5-465x465.jpeg 465w\" sizes=\"(max-width: 500px) 100vw, 500px\" \/><\/p><\/div>\n<div id='slider_57976_slide15' class='sa_hover_container' style='padding:5% 5%; margin:0px 0%; '><p><img loading=\"lazy\" decoding=\"async\" class=\"aligncenter size-full wp-image-57993\" src=\"https:\/\/www.cocondedecoration.com\/blog\/wp-content\/uploads\/2023\/03\/deco-design-coup-de-coeur-cool-republic-5.jpeg\" alt=\"deco design coup de coeur cool republic Sculpture en terracotta t\u00eate abstraite - Hkliving\" width=\"500\" height=\"500\" srcset=\"https:\/\/www.cocondedecoration.com\/blog\/wp-content\/uploads\/2023\/03\/deco-design-coup-de-coeur-cool-republic-5.jpeg 500w, https:\/\/www.cocondedecoration.com\/blog\/wp-content\/uploads\/2023\/03\/deco-design-coup-de-coeur-cool-republic-5-165x165.jpeg 165w, https:\/\/www.cocondedecoration.com\/blog\/wp-content\/uploads\/2023\/03\/deco-design-coup-de-coeur-cool-republic-5-260x260.jpeg 260w, https:\/\/www.cocondedecoration.com\/blog\/wp-content\/uploads\/2023\/03\/deco-design-coup-de-coeur-cool-republic-5-465x465.jpeg 465w\" sizes=\"(max-width: 500px) 100vw, 500px\" \/><\/p><\/div>\n<\/div>\n<\/div>\n<script type='text\/javascript'>\n\tjQuery(document).ready(function() {\n\t\tjQuery('#slider_57976').owlCarousel({\n\t\t\titems : 1,\n\t\t\tsmartSpeed : 200,\n\t\t\tautoplay : true,\n\t\t\tautoplayTimeout : 5000,\n\t\t\tautoplayHoverPause : true,\n\t\t\tsmartSpeed : 200,\n\t\t\tfluidSpeed : 200,\n\t\t\tautoplaySpeed : 200,\n\t\t\tnavSpeed : 200,\n\t\t\tdotsSpeed : 200,\n\t\t\tloop : true,\n\t\t\tnav : true,\n\t\t\tnavText : ['Previous','Next'],\n\t\t\tdots : true,\n\t\t\tresponsiveRefreshRate : 200,\n\t\t\tslideBy : 1,\n\t\t\tmergeFit : true,\n\t\t\tautoHeight : false,\n\t\t\tmouseDrag : false,\n\t\t\ttouchDrag : true\n\t\t});\n\t\tjQuery('#slider_57976').css('visibility', 'visible');\n\t\tsa_resize_slider_57976();\n\t\twindow.addEventListener('resize', sa_resize_slider_57976);\n\t\tfunction sa_resize_slider_57976() {\n\t\t\tvar min_height = '50';\n\t\t\tvar win_width = jQuery(window).width();\n\t\t\tvar slider_width = jQuery('#slider_57976').width();\n\t\t\tif (win_width < 480) {\n\t\t\t\tvar slide_width = slider_width \/ 1;\n\t\t\t} else if (win_width < 768) {\n\t\t\t\tvar slide_width = slider_width \/ 1;\n\t\t\t} else if (win_width < 980) {\n\t\t\t\tvar slide_width = slider_width \/ 1;\n\t\t\t} else if (win_width < 1200) {\n\t\t\t\tvar slide_width = slider_width \/ 1;\n\t\t\t} else if (win_width < 1500) {\n\t\t\t\tvar slide_width = slider_width \/ 1;\n\t\t\t} else {\n\t\t\t\tvar slide_width = slider_width \/ 1;\n\t\t\t}\n\t\t\tslide_width = Math.round(slide_width);\n\t\t\tvar slide_height = '0';\n\t\t\tif (min_height == 'aspect43') {\n\t\t\t\tslide_height = (slide_width \/ 4) * 3;\t\t\t\tslide_height = Math.round(slide_height);\n\t\t\t} else if (min_height == 'aspect169') {\n\t\t\t\tslide_height = (slide_width \/ 16) * 9;\t\t\t\tslide_height = Math.round(slide_height);\n\t\t\t} else {\n\t\t\t\tslide_height = (slide_width \/ 100) * min_height;\t\t\t\tslide_height = Math.round(slide_height);\n\t\t\t}\n\t\t\tjQuery('#slider_57976 .owl-item .sa_hover_container').css('min-height', slide_height+'px');\n\t\t}\n\t\tvar owl_goto = jQuery('#slider_57976');\n\t\tjQuery('.slider_57976_goto1').click(function(event){\n\t\t\towl_goto.trigger('to.owl.carousel', 0);\n\t\t});\n\t\tjQuery('.slider_57976_goto2').click(function(event){\n\t\t\towl_goto.trigger('to.owl.carousel', 1);\n\t\t});\n\t\tjQuery('.slider_57976_goto3').click(function(event){\n\t\t\towl_goto.trigger('to.owl.carousel', 2);\n\t\t});\n\t\tjQuery('.slider_57976_goto4').click(function(event){\n\t\t\towl_goto.trigger('to.owl.carousel', 3);\n\t\t});\n\t\tjQuery('.slider_57976_goto5').click(function(event){\n\t\t\towl_goto.trigger('to.owl.carousel', 4);\n\t\t});\n\t\tjQuery('.slider_57976_goto6').click(function(event){\n\t\t\towl_goto.trigger('to.owl.carousel', 5);\n\t\t});\n\t\tjQuery('.slider_57976_goto7').click(function(event){\n\t\t\towl_goto.trigger('to.owl.carousel', 6);\n\t\t});\n\t\tjQuery('.slider_57976_goto8').click(function(event){\n\t\t\towl_goto.trigger('to.owl.carousel', 7);\n\t\t});\n\t\tjQuery('.slider_57976_goto9').click(function(event){\n\t\t\towl_goto.trigger('to.owl.carousel', 8);\n\t\t});\n\t\tjQuery('.slider_57976_goto10').click(function(event){\n\t\t\towl_goto.trigger('to.owl.carousel', 9);\n\t\t});\n\t\tjQuery('.slider_57976_goto11').click(function(event){\n\t\t\towl_goto.trigger('to.owl.carousel', 10);\n\t\t});\n\t\tjQuery('.slider_57976_goto12').click(function(event){\n\t\t\towl_goto.trigger('to.owl.carousel', 11);\n\t\t});\n\t\tjQuery('.slider_57976_goto13').click(function(event){\n\t\t\towl_goto.trigger('to.owl.carousel', 12);\n\t\t});\n\t\tjQuery('.slider_57976_goto14').click(function(event){\n\t\t\towl_goto.trigger('to.owl.carousel', 13);\n\t\t});\n\t\tjQuery('.slider_57976_goto15').click(function(event){\n\t\t\towl_goto.trigger('to.owl.carousel', 14);\n\t\t});\n\t\tvar resize_57976 = jQuery('.owl-carousel');\n\t\tresize_57976.on('initialized.owl.carousel', function(e) {\n\t\t\tif (typeof(Event) === 'function') {\n\t\t\t\twindow.dispatchEvent(new Event('resize'));\n\t\t\t} else {\n\t\t\t\tvar evt = window.document.createEvent('UIEvents');\n\t\t\t\tevt.initUIEvent('resize', true, false, window, 0);\n\t\t\t\twindow.dispatchEvent(evt);\n\t\t\t}\n\t\t});\n\t});\n<\/script>\n\n<\/div>\n\n\n\n<div class=\"wp-block-column is-layout-flow wp-block-column-is-layout-flow\">\n<p style=\"text-align:center\" class=\"has-medium-font-size\">Mes coups de coeur d\u00e9co du moment<\/p>\n\n\n\n<ol><li><a rel=\"noreferrer noopener\" aria-label=\"Buffet enfilade style vintage (s\u2019ouvre dans un nouvel onglet)\" href=\"https:\/\/fnty.co\/c\/r-ikoEltIY\" target=\"_blank\">Buffet enfilade style vintage<\/a> -Maisons du Monde <\/li><li><a rel=\"noreferrer noopener\" aria-label=\"Tapis Tencel&#x2122;, Mustha (s\u2019ouvre dans un nouvel onglet)\" href=\"https:\/\/c3po.link\/Qh7XQteFTp\" target=\"_blank\">Tapis Tencel&#x2122;, Mustha<\/a> - La Redoute <\/li><li><a rel=\"noreferrer noopener\" aria-label=\"Housse de coussin - Shandor (s\u2019ouvre dans un nouvel onglet)\" href=\"https:\/\/fnty.co\/c\/r-zeTIwnJk\" target=\"_blank\">Housse de coussin - Shandor<\/a> - The Cool Republic<\/li><li><a rel=\"noreferrer noopener\" aria-label=\"Lampe en c\u00e9ramique jaune (s\u2019ouvre dans un nouvel onglet)\" href=\"https:\/\/fnty.co\/c\/r-NKcnDocc\" target=\"_blank\">Lampe en c\u00e9ramique jaune<\/a> - Maisons du Monde <\/li><li><a rel=\"noreferrer noopener\" aria-label=\"Applique 2 bras, Voltige (s\u2019ouvre dans un nouvel onglet)\" href=\"https:\/\/c3po.link\/QPyPq6MMkh\" target=\"_blank\">Applique 2 bras, Voltige<\/a> - La Redoute <\/li><li><a rel=\"noreferrer noopener\" aria-label=\"Lampe en verre fum\u00e9 - H\u00fcbsch (s\u2019ouvre dans un nouvel onglet)\" href=\"https:\/\/fnty.co\/c\/r-EyEZpPxw\" target=\"_blank\">Lampe en verre fum\u00e9 - H\u00fcbsch<\/a> - The Cool Republic <\/li><li><a href=\"https:\/\/fnty.co\/c\/r-muGKlejY\">Vase en gr\u00e8s vert<\/a> - Maisons du Monde <\/li><li><a rel=\"noreferrer noopener\" aria-label=\"Vase en verre fum\u00e9  (s\u2019ouvre dans un nouvel onglet)\" href=\"https:\/\/c3po.link\/QyVrvTx9HJ\" target=\"_blank\">Vase en verre fum\u00e9 <\/a>- La Redoute <\/li><li><a rel=\"noreferrer noopener\" aria-label=\"Vase en verre - Nordal (s\u2019ouvre dans un nouvel onglet)\" href=\"https:\/\/fnty.co\/c\/r-AFpkNWBV\" target=\"_blank\">Vase en verre - Nordal<\/a> - The Cool Republic <\/li><li><a rel=\"noreferrer noopener\" aria-label=\"Statuette cactus bicolore (s\u2019ouvre dans un nouvel onglet)\" href=\"https:\/\/fnty.co\/c\/r-CnrCWgCf\" target=\"_blank\">Statuette cactus bicolore<\/a> - Maisons du Monde <\/li><li><a rel=\"noreferrer noopener\" aria-label=\"Miroir organique fer martel\u00e9 (s\u2019ouvre dans un nouvel onglet)\" href=\"https:\/\/c3po.link\/QJKvaA8uqr\" target=\"_blank\">Miroir organique fer martel\u00e9<\/a> - La Redoute <\/li><li><a rel=\"noreferrer noopener\" aria-label=\"Canap\u00e9 - Kann Design  (s\u2019ouvre dans un nouvel onglet)\" href=\"https:\/\/fnty.co\/c\/r-GWgJKmtQ\" target=\"_blank\">Canap\u00e9 - Kann Design <\/a>- The Cool Republic<\/li><li><a rel=\"noreferrer noopener\" aria-label=\"Buffet 2 portes terracotta cannage (s\u2019ouvre dans un nouvel onglet)\" href=\"https:\/\/fnty.co\/c\/r-aoyqZIuF\" target=\"_blank\">Buffet 2 portes terracotta cannage<\/a> - Maisons du Monde <\/li><li><a href=\"https:\/\/c3po.link\/Qq5adfCNeJ\" target=\"_blank\" rel=\"noreferrer noopener\" aria-label=\"Fauteuil vintage terracotta (s\u2019ouvre dans un nouvel onglet)\">Fauteuil vintage terracotta<\/a> - La Redoute <\/li><li><a rel=\"noreferrer noopener\" aria-label=\"Sculpture en terracotta - Hkliving (s\u2019ouvre dans un nouvel onglet)\" href=\"https:\/\/fnty.co\/c\/r-eToqWCNm\" target=\"_blank\">Sculpture en terracotta - Hkliving<\/a> - The Cool Republic  <\/li><\/ol>\n<\/div>\n<\/div>\n\n\n\n<hr class=\"wp-block-separator\"\/>\n\n\n\n<p class=\"has-text-align-center has-medium-font-size\">Ne perdons pas contact \ud83d\ude42 Rejoignez moi sur <a href=\"https:\/\/www.pinterest.fr\/cocondedeco\/\" target=\"_blank\" rel=\"noopener\" title=\"\">Pinterest<\/a> |\u00a0<a href=\"https:\/\/www.threads.net\/@cocondedeco\" target=\"_blank\" rel=\"noopener\" title=\"\">Threads<\/a> | <a href=\"https:\/\/www.patreon.com\/collection\/162946?view=expanded\" target=\"_blank\" rel=\"noopener\" title=\"\">la Newsletter<\/a> <br>Vous aimez lire le blog? Vous souhaitez continuer \u00e0 le lire? <a href=\"https:\/\/www.patreon.com\/cocondedeco\" target=\"_blank\" rel=\"noopener\" title=\"\">Devenez m\u00e9c\u00e8ne<\/a> sur Patreon et contribuez \u00e0 sa survie. <\/p>\n\n\n\n<hr class=\"wp-block-separator\"\/>\n\n\n\n<div class=\"wp-block-columns has-2-columns is-layout-flex wp-container-core-columns-layout-11 wp-block-columns-is-layout-flex\">\n<div class=\"wp-block-column is-layout-flow wp-block-column-is-layout-flow\">\n<p style=\"text-align:center\" class=\"has-medium-font-size\">A lire \u00e9galement<\/p>\n\n\n<ul class=\"wp-block-latest-posts__list wp-block-latest-posts\"><li><a class=\"wp-block-latest-posts__post-title\" href=\"https:\/\/www.cocondedecoration.com\/blog\/2026\/02\/dopamine-decor-couleur\/\">Dopamine d\u00e9cor : la tendance d\u00e9co qui booste le moral<\/a><\/li>\n<li><a class=\"wp-block-latest-posts__post-title\" href=\"https:\/\/www.cocondedecoration.com\/blog\/2026\/01\/couleur-decoration-generation\/\">Pour chaque g\u00e9n\u00e9ration, sa palette de couleurs d\u00e9co<\/a><\/li>\n<li><a class=\"wp-block-latest-posts__post-title\" href=\"https:\/\/www.cocondedecoration.com\/blog\/2025\/10\/decoration-interieure-monochrome\/\">Le Color Drenching, la tendance des int\u00e9rieurs monochromes<\/a><\/li>\n<li><a class=\"wp-block-latest-posts__post-title\" href=\"https:\/\/www.cocondedecoration.com\/blog\/2025\/09\/deco-interieure-orange-brulee\/\">Moodboard d\u00e9co &#8211; Int\u00e9rieur chaleureux en orange br\u00fbl\u00e9e<\/a><\/li>\n<li><a class=\"wp-block-latest-posts__post-title\" href=\"https:\/\/www.cocondedecoration.com\/blog\/2025\/09\/couleurs-tendance-2026\/\">Quelles seront les couleurs tendance en 2026?<\/a><\/li>\n<li><a class=\"wp-block-latest-posts__post-title\" href=\"https:\/\/www.cocondedecoration.com\/blog\/2025\/03\/peindre-plafond-couleur\/\">Peindre le plafond: audace et couleur dans votre int\u00e9rieur<\/a><\/li>\n<\/ul><\/div>\n\n\n\n<div class=\"wp-block-column is-layout-flow wp-block-column-is-layout-flow\">\n<p class=\"has-text-align-center has-medium-font-size\" style=\"padding-top:var(--wp--preset--spacing--40);padding-bottom:var(--wp--preset--spacing--40)\"><strong>Devenez m\u00e9c\u00e8ne du blog <\/strong><\/p>\n\n\n\n<hr class=\"wp-block-separator has-alpha-channel-opacity is-style-wide\"\/>\n\n\n\n<p style=\"padding-right:var(--wp--preset--spacing--30);padding-left:var(--wp--preset--spacing--30)\">Soutenez mon travail sur le blog et acc\u00e9dez \u00e0 des contreparties exclusives: <\/p>\n\n\n\n<ul style=\"padding-right:var(--wp--preset--spacing--40);padding-left:var(--wp--preset--spacing--40)\">\n<li>Plusieurs centaines d'articles d\u00e9co, lifestyle &amp; voyage r\u00e9serv\u00e9s aux abonn\u00e9\u2022e\u2022s <\/li>\n\n\n\n<li>Toutes les entr\u00e9es de mon side project - mon dictionnaire nomade <\/li>\n\n\n\n<li>Une publicit\u00e9 limit\u00e9e sur les articles Patreon <\/li>\n<\/ul>\n\n\n\n<div class=\"wp-block-buttons is-content-justification-center is-layout-flex wp-container-core-buttons-layout-1 wp-block-buttons-is-layout-flex\">\n<div class=\"wp-block-button\"><a class=\"wp-block-button__link wp-element-button\" href=\"https:\/\/www.patreon.com\/cocondedeco\" target=\"_blank\" rel=\"noreferrer noopener\">Soutenir le blog maintenant<\/a><\/div>\n<\/div>\n<\/div>\n<\/div>\n\n\n\n<div class=\"wp-block-image\"><figure class=\"aligncenter\"><img loading=\"lazy\" decoding=\"async\" width=\"732\" height=\"488\" src=\"https:\/\/www.cocondedecoration.com\/blog\/wp-content\/uploads\/2023\/06\/exemples-deco-association-jaune-violet.jpeg\" alt=\"exemples deco association jaune violet salon s\u00e9jour pi\u00e8ce \u00e0 vivre textiles velours peinture id\u00e9e\" class=\"wp-image-61517\" srcset=\"https:\/\/www.cocondedecoration.com\/blog\/wp-content\/uploads\/2023\/06\/exemples-deco-association-jaune-violet.jpeg 732w, https:\/\/www.cocondedecoration.com\/blog\/wp-content\/uploads\/2023\/06\/exemples-deco-association-jaune-violet-260x173.jpeg 260w, https:\/\/www.cocondedecoration.com\/blog\/wp-content\/uploads\/2023\/06\/exemples-deco-association-jaune-violet-640x427.jpeg 640w, https:\/\/www.cocondedecoration.com\/blog\/wp-content\/uploads\/2023\/06\/exemples-deco-association-jaune-violet-465x310.jpeg 465w, https:\/\/www.cocondedecoration.com\/blog\/wp-content\/uploads\/2023\/06\/exemples-deco-association-jaune-violet-695x463.jpeg 695w\" sizes=\"(max-width: 732px) 100vw, 732px\" \/><figcaption>decoholic.org\n<\/figcaption><\/figure><\/div>\n\n\n\n<p style=\"text-align:right\" class=\"has-small-font-size\">Note: Cet article contient des liens affili\u00e9s. Ils ne changent en rien votre utilisation du blog ou des sites partenaires. Si vous passez commande via l'un de ces liens, je touche \u00e9ventuellement une faible commission qui me permet de mettre \u00e0 jour r\u00e9guli\u00e8rement le blog. Par avance, merci de votre soutien! <br>Article mis \u00e0 jour en octobre 2023.<\/p>\n","protected":false},"excerpt":{"rendered":"<p>C&rsquo;est dingue comme ce mois de juin est pass\u00e9 vite. J&rsquo;ai l&rsquo;impression que c&rsquo;\u00e9tait hier o\u00f9 je vous parlais de couleurs compl\u00e9mentaires. Le mois pass\u00e9, il \u00e9tait question de bleu et orange, une association de couleurs qui parfois (mais pas toujours) se veut vintage. Cette fois, on va s&rsquo;int\u00e9resser au<span class=\"more-link\"><a href=\"https:\/\/www.cocondedecoration.com\/blog\/2023\/06\/association-couleur-jaune-violet\/\">Lire la suite<\/a><\/span><\/p>\n","protected":false},"author":1,"featured_media":61517,"comment_status":"open","ping_status":"open","sticky":false,"template":"","format":"standard","meta":{"om_disable_all_campaigns":false,"_monsterinsights_skip_tracking":false,"_monsterinsights_sitenote_active":false,"_monsterinsights_sitenote_note":"","_monsterinsights_sitenote_category":0,"_uf_show_specific_survey":0,"_uf_disable_surveys":false,"footnotes":""},"categories":[26592,8885,51083,8946],"tags":[47989,47969,47988,47992,47974,47963,47960,47959,22293,2945,17322,15433,47970,47993,47981,47983,47995,47998,47991,47987,48000,47985,47977,47975,48001,47978,47972,47961,47990,47996,47984,47958,47997,47973,47980,47976,47957,47964,47971,47979,47962,47966,47986,47968,47999,47994,47965,47967,47982],"aioseo_notices":[],"_links":{"self":[{"href":"https:\/\/www.cocondedecoration.com\/blog\/wp-json\/wp\/v2\/posts\/61502"}],"collection":[{"href":"https:\/\/www.cocondedecoration.com\/blog\/wp-json\/wp\/v2\/posts"}],"about":[{"href":"https:\/\/www.cocondedecoration.com\/blog\/wp-json\/wp\/v2\/types\/post"}],"author":[{"embeddable":true,"href":"https:\/\/www.cocondedecoration.com\/blog\/wp-json\/wp\/v2\/users\/1"}],"replies":[{"embeddable":true,"href":"https:\/\/www.cocondedecoration.com\/blog\/wp-json\/wp\/v2\/comments?post=61502"}],"version-history":[{"count":0,"href":"https:\/\/www.cocondedecoration.com\/blog\/wp-json\/wp\/v2\/posts\/61502\/revisions"}],"wp:featuredmedia":[{"embeddable":true,"href":"https:\/\/www.cocondedecoration.com\/blog\/wp-json\/wp\/v2\/media\/61517"}],"wp:attachment":[{"href":"https:\/\/www.cocondedecoration.com\/blog\/wp-json\/wp\/v2\/media?parent=61502"}],"wp:term":[{"taxonomy":"category","embeddable":true,"href":"https:\/\/www.cocondedecoration.com\/blog\/wp-json\/wp\/v2\/categories?post=61502"},{"taxonomy":"post_tag","embeddable":true,"href":"https:\/\/www.cocondedecoration.com\/blog\/wp-json\/wp\/v2\/tags?post=61502"}],"curies":[{"name":"wp","href":"https:\/\/api.w.org\/{rel}","templated":true}]}}