{"id":61288,"date":"2023-06-10T05:45:58","date_gmt":"2023-06-10T03:45:58","guid":{"rendered":"https:\/\/www.cocondedecoration.com\/blog\/?p=61288"},"modified":"2023-06-10T05:45:59","modified_gmt":"2023-06-10T03:45:59","slug":"deco-design-couleur","status":"publish","type":"post","link":"https:\/\/www.cocondedecoration.com\/blog\/2023\/06\/deco-design-couleur\/","title":{"rendered":"Coup de coeur | Un int\u00e9rieur pop et color\u00e9 avec &#038;Klevering"},"content":{"rendered":"\n<div class=\"wp-block-columns has-2-columns is-layout-flex wp-container-core-columns-layout-1 wp-block-columns-is-layout-flex\">\n<div class=\"wp-block-column is-layout-flow wp-block-column-is-layout-flow\">\n<p>Avec l'\u00e9t\u00e9 qui arrive, j'ai envie de vous proposer de la couleur et de la bonne humeur pour votre int\u00e9rieur. Cela fait un moment que j'avais envie de vous pr\u00e9senter l'un de mes coups de coeur: l'enseigne n\u00e9erlandaise &amp;Klevering. Bas\u00e9e \u00e0 Amsterdam, cette enseigne se d\u00e9finit ainsi: \"Nos designers s'inspirent de l'art moderne et du vintage contemporain pour cr\u00e9er des cadeaux \u00e9clectiques et des accessoires pour enrichir votre maison d'un charme \u00e0 la fois exub\u00e9rant et d\u00e9contract\u00e9. Notre collection vous offre une maison plus \u00e9l\u00e9gante, plus inspirante et plus personnelle.\" Un m\u00e9lange donc de couleurs, de formes, de motifs qui sortent de l'ordinaire pour vous permettre de personnaliser et rendre unique votre d\u00e9cor int\u00e9rieur. <\/p>\n\n\n\n<!--more-->\n\n\n\n<p>Pourquoi j'aime autant les objets d\u00e9co de &amp;Klevering? <br>Il y a plusieurs raisons qui me poussent \u00e0 partager ce coup de coeur. La premi\u00e8re c'est la couleur. Je vous en parle tr\u00e8s souvent sur le blog, souvent en grande proportion dans une pi\u00e8ce. L\u00e0, c'est l'occasion pour moi de vous montrer qu'un joli accessoire color\u00e9 peut \u00eatre du plus bel effet dans une pi\u00e8ce et surtout faire la diff\u00e9rence. J'aime aussi le design des objets. Il y a un c\u00f4t\u00e9 simple avec des formes que l'on connait mais qui sont re-visit\u00e9es pour cr\u00e9er des objets singuliers. Une bougie rectangulaire se trouve \u00e0 tous les coins de rue (ou presque). Avec un damier rose et blanc, c'est d\u00e9j\u00e0 plus d\u00e9co. C'est la m\u00eame chose avec la vaisselle. C'est la 3\u00e8me raison qui explique mon coup de coeur. J'aime passer du temps \u00e0 table, j'aime ces objets du quotidien qu'on utilise. Mais la couleur, voire les motifs, donnent une autre dimension \u00e0 la table et au repas. Il y a un c\u00f4t\u00e9 joyeux qui me parle beaucoup! <\/p>\n\n\n\n<p>D\u00e9couvrir le site <a href=\"https:\/\/klevering.com\/\" target=\"_blank\" rel=\"noreferrer noopener\" aria-label=\"&amp;Klevering  (s\u2019ouvre dans un nouvel onglet)\">&amp;Klevering <\/a><br>Vous pouvez aussi d\u00e9couvrir une partie des collections sur <a rel=\"noreferrer noopener\" aria-label=\"The Cool Republic (s\u2019ouvre dans un nouvel onglet)\" href=\"https:\/\/fnty.co\/c\/r-HmwHMrKU\" target=\"_blank\">The Cool Republic<\/a> <\/p>\n<\/div>\n\n\n\n<div class=\"wp-block-column is-layout-flow wp-block-column-is-layout-flow\">\n<figure class=\"wp-block-image\"><img loading=\"lazy\" decoding=\"async\" width=\"640\" height=\"960\" src=\"https:\/\/www.cocondedecoration.com\/blog\/wp-content\/uploads\/2023\/06\/deco-design-couleur-objets-1-640x960.jpeg\" alt=\"deco design couleur objets cache-pot plantes int\u00e9rieures rose et jaune d\u00e9co dessus buffet original moderne\" class=\"wp-image-61317\" srcset=\"https:\/\/www.cocondedecoration.com\/blog\/wp-content\/uploads\/2023\/06\/deco-design-couleur-objets-1-640x960.jpeg 640w, https:\/\/www.cocondedecoration.com\/blog\/wp-content\/uploads\/2023\/06\/deco-design-couleur-objets-1-260x390.jpeg 260w, https:\/\/www.cocondedecoration.com\/blog\/wp-content\/uploads\/2023\/06\/deco-design-couleur-objets-1-768x1152.jpeg 768w, https:\/\/www.cocondedecoration.com\/blog\/wp-content\/uploads\/2023\/06\/deco-design-couleur-objets-1-367x550.jpeg 367w, https:\/\/www.cocondedecoration.com\/blog\/wp-content\/uploads\/2023\/06\/deco-design-couleur-objets-1-333x500.jpeg 333w, https:\/\/www.cocondedecoration.com\/blog\/wp-content\/uploads\/2023\/06\/deco-design-couleur-objets-1.jpeg 1000w\" sizes=\"(max-width: 640px) 100vw, 640px\" \/><\/figure>\n<\/div>\n<\/div>\n\n\n\n<ul class=\"wp-block-gallery columns-3 is-cropped wp-block-gallery-1 is-layout-flex wp-block-gallery-is-layout-flex\"><li class=\"blocks-gallery-item\"><figure><img loading=\"lazy\" decoding=\"async\" width=\"640\" height=\"960\" src=\"https:\/\/www.cocondedecoration.com\/blog\/wp-content\/uploads\/2023\/06\/deco-design-couleur-objets-2-640x960.jpeg\" alt=\"deco design couleur objets cadre photo \u00e0 poser multicolore moderne d\u00e9tails finitions contemporain\" data-id=\"61318\" data-link=\"https:\/\/www.cocondedecoration.com\/blog\/?attachment_id=61318\" class=\"wp-image-61318\" srcset=\"https:\/\/www.cocondedecoration.com\/blog\/wp-content\/uploads\/2023\/06\/deco-design-couleur-objets-2-640x960.jpeg 640w, https:\/\/www.cocondedecoration.com\/blog\/wp-content\/uploads\/2023\/06\/deco-design-couleur-objets-2-260x390.jpeg 260w, https:\/\/www.cocondedecoration.com\/blog\/wp-content\/uploads\/2023\/06\/deco-design-couleur-objets-2-768x1152.jpeg 768w, https:\/\/www.cocondedecoration.com\/blog\/wp-content\/uploads\/2023\/06\/deco-design-couleur-objets-2-367x550.jpeg 367w, https:\/\/www.cocondedecoration.com\/blog\/wp-content\/uploads\/2023\/06\/deco-design-couleur-objets-2-333x500.jpeg 333w, https:\/\/www.cocondedecoration.com\/blog\/wp-content\/uploads\/2023\/06\/deco-design-couleur-objets-2.jpeg 1000w\" sizes=\"(max-width: 640px) 100vw, 640px\" \/><\/figure><\/li><li class=\"blocks-gallery-item\"><figure><img loading=\"lazy\" decoding=\"async\" width=\"640\" height=\"960\" src=\"https:\/\/www.cocondedecoration.com\/blog\/wp-content\/uploads\/2023\/06\/deco-design-couleur-objets-3-640x960.jpeg\" alt=\"deco design couleur objets vases color\u00e9s originaux et simples en m\u00eame temps rayures multicolores\" data-id=\"61319\" data-link=\"https:\/\/www.cocondedecoration.com\/blog\/?attachment_id=61319\" class=\"wp-image-61319\" srcset=\"https:\/\/www.cocondedecoration.com\/blog\/wp-content\/uploads\/2023\/06\/deco-design-couleur-objets-3-640x960.jpeg 640w, https:\/\/www.cocondedecoration.com\/blog\/wp-content\/uploads\/2023\/06\/deco-design-couleur-objets-3-260x390.jpeg 260w, https:\/\/www.cocondedecoration.com\/blog\/wp-content\/uploads\/2023\/06\/deco-design-couleur-objets-3-768x1152.jpeg 768w, https:\/\/www.cocondedecoration.com\/blog\/wp-content\/uploads\/2023\/06\/deco-design-couleur-objets-3-367x550.jpeg 367w, https:\/\/www.cocondedecoration.com\/blog\/wp-content\/uploads\/2023\/06\/deco-design-couleur-objets-3-333x500.jpeg 333w, https:\/\/www.cocondedecoration.com\/blog\/wp-content\/uploads\/2023\/06\/deco-design-couleur-objets-3.jpeg 1000w\" sizes=\"(max-width: 640px) 100vw, 640px\" \/><\/figure><\/li><li class=\"blocks-gallery-item\"><figure><img loading=\"lazy\" decoding=\"async\" width=\"640\" height=\"960\" src=\"https:\/\/www.cocondedecoration.com\/blog\/wp-content\/uploads\/2023\/06\/deco-design-couleur-objets-4-640x960.jpeg\" alt=\"deco design couleur objets vase et cache pot effet mosa\u00efque moderne pastel jaune rose vert violet damier\" data-id=\"61320\" data-link=\"https:\/\/www.cocondedecoration.com\/blog\/?attachment_id=61320\" class=\"wp-image-61320\" srcset=\"https:\/\/www.cocondedecoration.com\/blog\/wp-content\/uploads\/2023\/06\/deco-design-couleur-objets-4-640x960.jpeg 640w, https:\/\/www.cocondedecoration.com\/blog\/wp-content\/uploads\/2023\/06\/deco-design-couleur-objets-4-260x390.jpeg 260w, https:\/\/www.cocondedecoration.com\/blog\/wp-content\/uploads\/2023\/06\/deco-design-couleur-objets-4-768x1152.jpeg 768w, https:\/\/www.cocondedecoration.com\/blog\/wp-content\/uploads\/2023\/06\/deco-design-couleur-objets-4-367x550.jpeg 367w, https:\/\/www.cocondedecoration.com\/blog\/wp-content\/uploads\/2023\/06\/deco-design-couleur-objets-4-333x500.jpeg 333w, https:\/\/www.cocondedecoration.com\/blog\/wp-content\/uploads\/2023\/06\/deco-design-couleur-objets-4.jpeg 1000w\" sizes=\"(max-width: 640px) 100vw, 640px\" \/><\/figure><\/li><\/ul>\n\n\n\n<h2 class=\"wp-block-heading\">Les objets au design color\u00e9 de &amp;Klevering<\/h2>\n\n\n\n<div class=\"wp-block-columns has-4-columns is-layout-flex wp-container-core-columns-layout-2 wp-block-columns-is-layout-flex\">\n<div class=\"wp-block-column is-layout-flow wp-block-column-is-layout-flow\">\n<figure class=\"wp-block-image\"><img loading=\"lazy\" decoding=\"async\" width=\"500\" height=\"500\" src=\"https:\/\/www.cocondedecoration.com\/blog\/wp-content\/uploads\/2023\/06\/objet-decoratif-design-couleur-1.jpeg\" alt=\"objet decoratif design couleur Coussin vichy vert 50 x 30 cm\" class=\"wp-image-61301\" srcset=\"https:\/\/www.cocondedecoration.com\/blog\/wp-content\/uploads\/2023\/06\/objet-decoratif-design-couleur-1.jpeg 500w, https:\/\/www.cocondedecoration.com\/blog\/wp-content\/uploads\/2023\/06\/objet-decoratif-design-couleur-1-165x165.jpeg 165w, https:\/\/www.cocondedecoration.com\/blog\/wp-content\/uploads\/2023\/06\/objet-decoratif-design-couleur-1-260x260.jpeg 260w, https:\/\/www.cocondedecoration.com\/blog\/wp-content\/uploads\/2023\/06\/objet-decoratif-design-couleur-1-465x465.jpeg 465w\" sizes=\"(max-width: 500px) 100vw, 500px\" \/><figcaption><a href=\"https:\/\/fnty.co\/c\/r-dfaiWoGa\" target=\"_blank\" rel=\"noreferrer noopener\" aria-label=\"Coussin vichy vert 50 x 30 cm (s\u2019ouvre dans un nouvel onglet)\">Coussin vichy vert 50 x 30 cm<\/a><\/figcaption><\/figure>\n\n\n\n<figure class=\"wp-block-image\"><img loading=\"lazy\" decoding=\"async\" width=\"500\" height=\"500\" src=\"https:\/\/www.cocondedecoration.com\/blog\/wp-content\/uploads\/2023\/06\/objet-decoratif-design-couleur-5.jpeg\" alt=\"objet decoratif design couleur Vase ray\u00e9 en porcelaine vert et bleu 12 cm\" class=\"wp-image-61305\" srcset=\"https:\/\/www.cocondedecoration.com\/blog\/wp-content\/uploads\/2023\/06\/objet-decoratif-design-couleur-5.jpeg 500w, https:\/\/www.cocondedecoration.com\/blog\/wp-content\/uploads\/2023\/06\/objet-decoratif-design-couleur-5-165x165.jpeg 165w, https:\/\/www.cocondedecoration.com\/blog\/wp-content\/uploads\/2023\/06\/objet-decoratif-design-couleur-5-260x260.jpeg 260w, https:\/\/www.cocondedecoration.com\/blog\/wp-content\/uploads\/2023\/06\/objet-decoratif-design-couleur-5-465x465.jpeg 465w\" sizes=\"(max-width: 500px) 100vw, 500px\" \/><figcaption><a href=\"https:\/\/fnty.co\/c\/r-RLQvCINT\" target=\"_blank\" rel=\"noreferrer noopener\" aria-label=\"Vase ray\u00e9 en porcelaine vert et bleu  (s\u2019ouvre dans un nouvel onglet)\">Vase ray\u00e9 en porcelaine vert et bleu <\/a><\/figcaption><\/figure>\n\n\n\n<figure class=\"wp-block-image\"><img loading=\"lazy\" decoding=\"async\" width=\"500\" height=\"500\" src=\"https:\/\/www.cocondedecoration.com\/blog\/wp-content\/uploads\/2023\/06\/objet-decoratif-design-couleur-9.jpeg\" alt=\"objet decoratif design couleur Miroir en polyr\u00e9sine vert\" class=\"wp-image-61309\" srcset=\"https:\/\/www.cocondedecoration.com\/blog\/wp-content\/uploads\/2023\/06\/objet-decoratif-design-couleur-9.jpeg 500w, https:\/\/www.cocondedecoration.com\/blog\/wp-content\/uploads\/2023\/06\/objet-decoratif-design-couleur-9-165x165.jpeg 165w, https:\/\/www.cocondedecoration.com\/blog\/wp-content\/uploads\/2023\/06\/objet-decoratif-design-couleur-9-260x260.jpeg 260w, https:\/\/www.cocondedecoration.com\/blog\/wp-content\/uploads\/2023\/06\/objet-decoratif-design-couleur-9-465x465.jpeg 465w\" sizes=\"(max-width: 500px) 100vw, 500px\" \/><figcaption><a href=\"https:\/\/fnty.co\/c\/r-cLNzGNrl\" target=\"_blank\" rel=\"noreferrer noopener\" aria-label=\"Miroir en polyr\u00e9sine vert (s\u2019ouvre dans un nouvel onglet)\">Miroir en polyr\u00e9sine vert<\/a><\/figcaption><\/figure>\n\n\n\n<figure class=\"wp-block-image\"><img loading=\"lazy\" decoding=\"async\" width=\"500\" height=\"500\" src=\"https:\/\/www.cocondedecoration.com\/blog\/wp-content\/uploads\/2023\/06\/objet-decoratif-design-couleur-13.jpeg\" alt=\"objet decoratif design couleur Bougie petit rectangle rose damier\" class=\"wp-image-61313\" srcset=\"https:\/\/www.cocondedecoration.com\/blog\/wp-content\/uploads\/2023\/06\/objet-decoratif-design-couleur-13.jpeg 500w, https:\/\/www.cocondedecoration.com\/blog\/wp-content\/uploads\/2023\/06\/objet-decoratif-design-couleur-13-165x165.jpeg 165w, https:\/\/www.cocondedecoration.com\/blog\/wp-content\/uploads\/2023\/06\/objet-decoratif-design-couleur-13-260x260.jpeg 260w, https:\/\/www.cocondedecoration.com\/blog\/wp-content\/uploads\/2023\/06\/objet-decoratif-design-couleur-13-465x465.jpeg 465w\" sizes=\"(max-width: 500px) 100vw, 500px\" \/><figcaption><a href=\"https:\/\/fnty.co\/c\/r-IGkpArbx\" target=\"_blank\" rel=\"noreferrer noopener\" aria-label=\"Bougie petit rectangle rose damier (s\u2019ouvre dans un nouvel onglet)\">Bougie petit rectangle rose damier<\/a><\/figcaption><\/figure>\n<\/div>\n\n\n\n<div class=\"wp-block-column is-layout-flow wp-block-column-is-layout-flow\">\n<figure class=\"wp-block-image\"><img loading=\"lazy\" decoding=\"async\" width=\"500\" height=\"500\" src=\"https:\/\/www.cocondedecoration.com\/blog\/wp-content\/uploads\/2023\/06\/objet-decoratif-design-couleur-2.jpeg\" alt=\"objet decoratif design couleur 2 vases en dolomite violet et jaune Fuse\" class=\"wp-image-61302\" srcset=\"https:\/\/www.cocondedecoration.com\/blog\/wp-content\/uploads\/2023\/06\/objet-decoratif-design-couleur-2.jpeg 500w, https:\/\/www.cocondedecoration.com\/blog\/wp-content\/uploads\/2023\/06\/objet-decoratif-design-couleur-2-165x165.jpeg 165w, https:\/\/www.cocondedecoration.com\/blog\/wp-content\/uploads\/2023\/06\/objet-decoratif-design-couleur-2-260x260.jpeg 260w, https:\/\/www.cocondedecoration.com\/blog\/wp-content\/uploads\/2023\/06\/objet-decoratif-design-couleur-2-465x465.jpeg 465w\" sizes=\"(max-width: 500px) 100vw, 500px\" \/><figcaption><a href=\"https:\/\/fnty.co\/c\/r-VDRTxrUz\" target=\"_blank\" rel=\"noreferrer noopener\" aria-label=\"2 vases en dolomite violet et jaune (s\u2019ouvre dans un nouvel onglet)\">2 vases en dolomite violet et jaune<\/a><\/figcaption><\/figure>\n\n\n\n<figure class=\"wp-block-image\"><img loading=\"lazy\" decoding=\"async\" width=\"500\" height=\"500\" src=\"https:\/\/www.cocondedecoration.com\/blog\/wp-content\/uploads\/2023\/06\/objet-decoratif-design-couleur-6.jpeg\" alt=\"objet decoratif design couleur Boule \u00e0 neige Palmier vert\" class=\"wp-image-61306\" srcset=\"https:\/\/www.cocondedecoration.com\/blog\/wp-content\/uploads\/2023\/06\/objet-decoratif-design-couleur-6.jpeg 500w, https:\/\/www.cocondedecoration.com\/blog\/wp-content\/uploads\/2023\/06\/objet-decoratif-design-couleur-6-165x165.jpeg 165w, https:\/\/www.cocondedecoration.com\/blog\/wp-content\/uploads\/2023\/06\/objet-decoratif-design-couleur-6-260x260.jpeg 260w, https:\/\/www.cocondedecoration.com\/blog\/wp-content\/uploads\/2023\/06\/objet-decoratif-design-couleur-6-465x465.jpeg 465w\" sizes=\"(max-width: 500px) 100vw, 500px\" \/><figcaption><a href=\"https:\/\/fnty.co\/c\/r-iIRKFPlp\" target=\"_blank\" rel=\"noreferrer noopener\" aria-label=\"Boule \u00e0 neige Palmier vert (s\u2019ouvre dans un nouvel onglet)\">Boule \u00e0 neige Palmier vert<\/a><\/figcaption><\/figure>\n\n\n\n<figure class=\"wp-block-image\"><img loading=\"lazy\" decoding=\"async\" width=\"500\" height=\"500\" src=\"https:\/\/www.cocondedecoration.com\/blog\/wp-content\/uploads\/2023\/06\/objet-decoratif-design-couleur-10.jpeg\" alt=\"objet decoratif design couleur 2 vases en dolomite orange et rose Wave\" class=\"wp-image-61310\" srcset=\"https:\/\/www.cocondedecoration.com\/blog\/wp-content\/uploads\/2023\/06\/objet-decoratif-design-couleur-10.jpeg 500w, https:\/\/www.cocondedecoration.com\/blog\/wp-content\/uploads\/2023\/06\/objet-decoratif-design-couleur-10-165x165.jpeg 165w, https:\/\/www.cocondedecoration.com\/blog\/wp-content\/uploads\/2023\/06\/objet-decoratif-design-couleur-10-260x260.jpeg 260w, https:\/\/www.cocondedecoration.com\/blog\/wp-content\/uploads\/2023\/06\/objet-decoratif-design-couleur-10-465x465.jpeg 465w\" sizes=\"(max-width: 500px) 100vw, 500px\" \/><figcaption><a href=\"https:\/\/fnty.co\/c\/r-PSzOVgKc\" target=\"_blank\" rel=\"noreferrer noopener\" aria-label=\"2 vases en dolomite orange et rose (s\u2019ouvre dans un nouvel onglet)\">2 vases en dolomite orange et rose<\/a><\/figcaption><\/figure>\n\n\n\n<figure class=\"wp-block-image\"><img loading=\"lazy\" decoding=\"async\" width=\"500\" height=\"500\" src=\"https:\/\/www.cocondedecoration.com\/blog\/wp-content\/uploads\/2023\/06\/objet-decoratif-design-couleur-14.jpeg\" alt=\"objet decoratif design couleur Porte-bougie en gr\u00e8s color\u00e9s 19 cm\" class=\"wp-image-61314\" srcset=\"https:\/\/www.cocondedecoration.com\/blog\/wp-content\/uploads\/2023\/06\/objet-decoratif-design-couleur-14.jpeg 500w, https:\/\/www.cocondedecoration.com\/blog\/wp-content\/uploads\/2023\/06\/objet-decoratif-design-couleur-14-165x165.jpeg 165w, https:\/\/www.cocondedecoration.com\/blog\/wp-content\/uploads\/2023\/06\/objet-decoratif-design-couleur-14-260x260.jpeg 260w, https:\/\/www.cocondedecoration.com\/blog\/wp-content\/uploads\/2023\/06\/objet-decoratif-design-couleur-14-465x465.jpeg 465w\" sizes=\"(max-width: 500px) 100vw, 500px\" \/><figcaption><a href=\"https:\/\/fnty.co\/c\/r-bdKTWPFV\" target=\"_blank\" rel=\"noreferrer noopener\" aria-label=\"Porte-bougie en gr\u00e8s color\u00e9 (s\u2019ouvre dans un nouvel onglet)\">Porte-bougie en gr\u00e8s color\u00e9<\/a><\/figcaption><\/figure>\n<\/div>\n\n\n\n<div class=\"wp-block-column is-layout-flow wp-block-column-is-layout-flow\">\n<figure class=\"wp-block-image\"><img loading=\"lazy\" decoding=\"async\" width=\"500\" height=\"500\" src=\"https:\/\/www.cocondedecoration.com\/blog\/wp-content\/uploads\/2023\/06\/objet-decoratif-design-couleur-3.jpeg\" alt=\"objet decoratif design couleur Corbeille \u00e0 fruits en c\u00e9ramique verte\" class=\"wp-image-61303\" srcset=\"https:\/\/www.cocondedecoration.com\/blog\/wp-content\/uploads\/2023\/06\/objet-decoratif-design-couleur-3.jpeg 500w, https:\/\/www.cocondedecoration.com\/blog\/wp-content\/uploads\/2023\/06\/objet-decoratif-design-couleur-3-165x165.jpeg 165w, https:\/\/www.cocondedecoration.com\/blog\/wp-content\/uploads\/2023\/06\/objet-decoratif-design-couleur-3-260x260.jpeg 260w, https:\/\/www.cocondedecoration.com\/blog\/wp-content\/uploads\/2023\/06\/objet-decoratif-design-couleur-3-465x465.jpeg 465w\" sizes=\"(max-width: 500px) 100vw, 500px\" \/><figcaption><a href=\"https:\/\/fnty.co\/c\/r-tiLkFOnN\" target=\"_blank\" rel=\"noreferrer noopener\" aria-label=\"Corbeille \u00e0 fruits en c\u00e9ramique verte (s\u2019ouvre dans un nouvel onglet)\">Corbeille \u00e0 fruits en c\u00e9ramique verte<\/a><\/figcaption><\/figure>\n\n\n\n<figure class=\"wp-block-image\"><img loading=\"lazy\" decoding=\"async\" width=\"500\" height=\"500\" src=\"https:\/\/www.cocondedecoration.com\/blog\/wp-content\/uploads\/2023\/06\/objet-decoratif-design-couleur-7.jpeg\" alt=\"objet decoratif design couleur 7 Vases color\u00e9s en gr\u00e8s\" class=\"wp-image-61307\" srcset=\"https:\/\/www.cocondedecoration.com\/blog\/wp-content\/uploads\/2023\/06\/objet-decoratif-design-couleur-7.jpeg 500w, https:\/\/www.cocondedecoration.com\/blog\/wp-content\/uploads\/2023\/06\/objet-decoratif-design-couleur-7-165x165.jpeg 165w, https:\/\/www.cocondedecoration.com\/blog\/wp-content\/uploads\/2023\/06\/objet-decoratif-design-couleur-7-260x260.jpeg 260w, https:\/\/www.cocondedecoration.com\/blog\/wp-content\/uploads\/2023\/06\/objet-decoratif-design-couleur-7-465x465.jpeg 465w\" sizes=\"(max-width: 500px) 100vw, 500px\" \/><figcaption><a href=\"https:\/\/fnty.co\/c\/r-gUqHFBJs\" target=\"_blank\" rel=\"noreferrer noopener\" aria-label=\"7 Vases color\u00e9s en gr\u00e8s (s\u2019ouvre dans un nouvel onglet)\">7 Vases color\u00e9s en gr\u00e8s<\/a><\/figcaption><\/figure>\n\n\n\n<figure class=\"wp-block-image\"><img loading=\"lazy\" decoding=\"async\" width=\"500\" height=\"500\" src=\"https:\/\/www.cocondedecoration.com\/blog\/wp-content\/uploads\/2023\/06\/objet-decoratif-design-couleur-11.jpeg\" alt=\"objet decoratif design couleur Bo\u00eete en dolomite verte haricot\" class=\"wp-image-61311\" srcset=\"https:\/\/www.cocondedecoration.com\/blog\/wp-content\/uploads\/2023\/06\/objet-decoratif-design-couleur-11.jpeg 500w, https:\/\/www.cocondedecoration.com\/blog\/wp-content\/uploads\/2023\/06\/objet-decoratif-design-couleur-11-165x165.jpeg 165w, https:\/\/www.cocondedecoration.com\/blog\/wp-content\/uploads\/2023\/06\/objet-decoratif-design-couleur-11-260x260.jpeg 260w, https:\/\/www.cocondedecoration.com\/blog\/wp-content\/uploads\/2023\/06\/objet-decoratif-design-couleur-11-465x465.jpeg 465w\" sizes=\"(max-width: 500px) 100vw, 500px\" \/><figcaption><a href=\"https:\/\/fnty.co\/c\/r-daOasKWT\" target=\"_blank\" rel=\"noreferrer noopener\" aria-label=\"Bo\u00eete en dolomite verte haricot (s\u2019ouvre dans un nouvel onglet)\">Bo\u00eete en dolomite verte haricot<\/a><\/figcaption><\/figure>\n\n\n\n<figure class=\"wp-block-image\"><img loading=\"lazy\" decoding=\"async\" width=\"500\" height=\"500\" src=\"https:\/\/www.cocondedecoration.com\/blog\/wp-content\/uploads\/2023\/06\/objet-decoratif-design-couleur-15.jpeg\" alt=\"objet decoratif design couleur 3 vases damier en gr\u00e8s\" class=\"wp-image-61315\" srcset=\"https:\/\/www.cocondedecoration.com\/blog\/wp-content\/uploads\/2023\/06\/objet-decoratif-design-couleur-15.jpeg 500w, https:\/\/www.cocondedecoration.com\/blog\/wp-content\/uploads\/2023\/06\/objet-decoratif-design-couleur-15-165x165.jpeg 165w, https:\/\/www.cocondedecoration.com\/blog\/wp-content\/uploads\/2023\/06\/objet-decoratif-design-couleur-15-260x260.jpeg 260w, https:\/\/www.cocondedecoration.com\/blog\/wp-content\/uploads\/2023\/06\/objet-decoratif-design-couleur-15-465x465.jpeg 465w\" sizes=\"(max-width: 500px) 100vw, 500px\" \/><figcaption><a href=\"https:\/\/fnty.co\/c\/r-gicivIIA\" target=\"_blank\" rel=\"noreferrer noopener\" aria-label=\"3 vases damier en gr\u00e8s (s\u2019ouvre dans un nouvel onglet)\">3 vases damier en gr\u00e8s<\/a><\/figcaption><\/figure>\n<\/div>\n\n\n\n<div class=\"wp-block-column is-layout-flow wp-block-column-is-layout-flow\">\n<figure class=\"wp-block-image\"><img loading=\"lazy\" decoding=\"async\" width=\"500\" height=\"500\" src=\"https:\/\/www.cocondedecoration.com\/blog\/wp-content\/uploads\/2023\/06\/objet-decoratif-design-couleur-4.jpeg\" alt=\"objet decoratif design couleur Bougie grand rectangle damier rose\" class=\"wp-image-61304\" srcset=\"https:\/\/www.cocondedecoration.com\/blog\/wp-content\/uploads\/2023\/06\/objet-decoratif-design-couleur-4.jpeg 500w, https:\/\/www.cocondedecoration.com\/blog\/wp-content\/uploads\/2023\/06\/objet-decoratif-design-couleur-4-165x165.jpeg 165w, https:\/\/www.cocondedecoration.com\/blog\/wp-content\/uploads\/2023\/06\/objet-decoratif-design-couleur-4-260x260.jpeg 260w, https:\/\/www.cocondedecoration.com\/blog\/wp-content\/uploads\/2023\/06\/objet-decoratif-design-couleur-4-465x465.jpeg 465w\" sizes=\"(max-width: 500px) 100vw, 500px\" \/><figcaption><a href=\"https:\/\/fnty.co\/c\/r-KeRHjCgG\" target=\"_blank\" rel=\"noreferrer noopener\" aria-label=\"Bougie grand rectangle damier rose (s\u2019ouvre dans un nouvel onglet)\">Bougie grand rectangle damier rose<\/a><\/figcaption><\/figure>\n\n\n\n<figure class=\"wp-block-image\"><img loading=\"lazy\" decoding=\"async\" width=\"500\" height=\"500\" src=\"https:\/\/www.cocondedecoration.com\/blog\/wp-content\/uploads\/2023\/06\/objet-decoratif-design-couleur-8.jpeg\" alt=\"decoratif \u00c9tag\u00e8re en polyr\u00e9sine lilac Wonky lilas\" class=\"wp-image-61308\" srcset=\"https:\/\/www.cocondedecoration.com\/blog\/wp-content\/uploads\/2023\/06\/objet-decoratif-design-couleur-8.jpeg 500w, https:\/\/www.cocondedecoration.com\/blog\/wp-content\/uploads\/2023\/06\/objet-decoratif-design-couleur-8-165x165.jpeg 165w, https:\/\/www.cocondedecoration.com\/blog\/wp-content\/uploads\/2023\/06\/objet-decoratif-design-couleur-8-260x260.jpeg 260w, https:\/\/www.cocondedecoration.com\/blog\/wp-content\/uploads\/2023\/06\/objet-decoratif-design-couleur-8-465x465.jpeg 465w\" sizes=\"(max-width: 500px) 100vw, 500px\" \/><figcaption><a href=\"https:\/\/fnty.co\/c\/r-YUAvIJFp\" target=\"_blank\" rel=\"noreferrer noopener\" aria-label=\"\u00c9tag\u00e8re en polyr\u00e9sine lilas (s\u2019ouvre dans un nouvel onglet)\">\u00c9tag\u00e8re en polyr\u00e9sine lilas<\/a><\/figcaption><\/figure>\n\n\n\n<figure class=\"wp-block-image\"><img loading=\"lazy\" decoding=\"async\" width=\"500\" height=\"500\" src=\"https:\/\/www.cocondedecoration.com\/blog\/wp-content\/uploads\/2023\/06\/objet-decoratif-design-couleur-12.jpeg\" alt=\"objet decoratif design couleur Bougie rectangle damier noir horizontal\" class=\"wp-image-61312\" srcset=\"https:\/\/www.cocondedecoration.com\/blog\/wp-content\/uploads\/2023\/06\/objet-decoratif-design-couleur-12.jpeg 500w, https:\/\/www.cocondedecoration.com\/blog\/wp-content\/uploads\/2023\/06\/objet-decoratif-design-couleur-12-165x165.jpeg 165w, https:\/\/www.cocondedecoration.com\/blog\/wp-content\/uploads\/2023\/06\/objet-decoratif-design-couleur-12-260x260.jpeg 260w, https:\/\/www.cocondedecoration.com\/blog\/wp-content\/uploads\/2023\/06\/objet-decoratif-design-couleur-12-465x465.jpeg 465w\" sizes=\"(max-width: 500px) 100vw, 500px\" \/><figcaption><a href=\"https:\/\/fnty.co\/c\/r-QrqfMTMb\" target=\"_blank\" rel=\"noreferrer noopener\" aria-label=\"Bougie rectangle damier noir horizontal (s\u2019ouvre dans un nouvel onglet)\">Bougie rectangle damier noir horizontal<\/a><\/figcaption><\/figure>\n\n\n\n<figure class=\"wp-block-image\"><img loading=\"lazy\" decoding=\"async\" width=\"500\" height=\"500\" src=\"https:\/\/www.cocondedecoration.com\/blog\/wp-content\/uploads\/2023\/06\/objet-decoratif-design-couleur-16.jpeg\" alt=\"objet decoratif design couleur Lampe damier noir et blanc\" class=\"wp-image-61316\" srcset=\"https:\/\/www.cocondedecoration.com\/blog\/wp-content\/uploads\/2023\/06\/objet-decoratif-design-couleur-16.jpeg 500w, https:\/\/www.cocondedecoration.com\/blog\/wp-content\/uploads\/2023\/06\/objet-decoratif-design-couleur-16-165x165.jpeg 165w, https:\/\/www.cocondedecoration.com\/blog\/wp-content\/uploads\/2023\/06\/objet-decoratif-design-couleur-16-260x260.jpeg 260w, https:\/\/www.cocondedecoration.com\/blog\/wp-content\/uploads\/2023\/06\/objet-decoratif-design-couleur-16-465x465.jpeg 465w\" sizes=\"(max-width: 500px) 100vw, 500px\" \/><figcaption><a href=\"https:\/\/fnty.co\/c\/r-wuZBKqNh\" target=\"_blank\" rel=\"noreferrer noopener\" aria-label=\"Lampe damier noir et blanc (s\u2019ouvre dans un nouvel onglet)\">Lampe damier noir et blanc<\/a><\/figcaption><\/figure>\n<\/div>\n<\/div>\n\n\n\n<ul class=\"wp-block-gallery columns-3 is-cropped wp-block-gallery-2 is-layout-flex wp-block-gallery-is-layout-flex\"><li class=\"blocks-gallery-item\"><figure><img loading=\"lazy\" decoding=\"async\" width=\"640\" height=\"960\" src=\"https:\/\/www.cocondedecoration.com\/blog\/wp-content\/uploads\/2023\/06\/deco-design-couleur-objets-5-640x960.jpeg\" alt=\"deco design couleur objets bougeoir original rayure uni d\u00e9tails d\u00e9coration pi\u00e8ce de vie\" data-id=\"61321\" data-link=\"https:\/\/www.cocondedecoration.com\/blog\/?attachment_id=61321\" class=\"wp-image-61321\" srcset=\"https:\/\/www.cocondedecoration.com\/blog\/wp-content\/uploads\/2023\/06\/deco-design-couleur-objets-5-640x960.jpeg 640w, https:\/\/www.cocondedecoration.com\/blog\/wp-content\/uploads\/2023\/06\/deco-design-couleur-objets-5-260x390.jpeg 260w, https:\/\/www.cocondedecoration.com\/blog\/wp-content\/uploads\/2023\/06\/deco-design-couleur-objets-5-768x1152.jpeg 768w, https:\/\/www.cocondedecoration.com\/blog\/wp-content\/uploads\/2023\/06\/deco-design-couleur-objets-5-367x550.jpeg 367w, https:\/\/www.cocondedecoration.com\/blog\/wp-content\/uploads\/2023\/06\/deco-design-couleur-objets-5-333x500.jpeg 333w, https:\/\/www.cocondedecoration.com\/blog\/wp-content\/uploads\/2023\/06\/deco-design-couleur-objets-5.jpeg 1000w\" sizes=\"(max-width: 640px) 100vw, 640px\" \/><\/figure><\/li><li class=\"blocks-gallery-item\"><figure><img loading=\"lazy\" decoding=\"async\" width=\"640\" height=\"960\" src=\"https:\/\/www.cocondedecoration.com\/blog\/wp-content\/uploads\/2023\/06\/deco-design-couleur-objets-6-640x960.jpeg\" alt=\"deco design couleur objets vase en verre color\u00e9 forme naturelle champignon\" data-id=\"61322\" data-link=\"https:\/\/www.cocondedecoration.com\/blog\/?attachment_id=61322\" class=\"wp-image-61322\" srcset=\"https:\/\/www.cocondedecoration.com\/blog\/wp-content\/uploads\/2023\/06\/deco-design-couleur-objets-6-640x960.jpeg 640w, https:\/\/www.cocondedecoration.com\/blog\/wp-content\/uploads\/2023\/06\/deco-design-couleur-objets-6-260x390.jpeg 260w, https:\/\/www.cocondedecoration.com\/blog\/wp-content\/uploads\/2023\/06\/deco-design-couleur-objets-6-768x1152.jpeg 768w, https:\/\/www.cocondedecoration.com\/blog\/wp-content\/uploads\/2023\/06\/deco-design-couleur-objets-6-367x550.jpeg 367w, https:\/\/www.cocondedecoration.com\/blog\/wp-content\/uploads\/2023\/06\/deco-design-couleur-objets-6-333x500.jpeg 333w, https:\/\/www.cocondedecoration.com\/blog\/wp-content\/uploads\/2023\/06\/deco-design-couleur-objets-6.jpeg 1000w\" sizes=\"(max-width: 640px) 100vw, 640px\" \/><\/figure><\/li><li class=\"blocks-gallery-item\"><figure><img loading=\"lazy\" decoding=\"async\" width=\"640\" height=\"960\" src=\"https:\/\/www.cocondedecoration.com\/blog\/wp-content\/uploads\/2023\/06\/deco-design-couleur-objets-7-640x960.jpeg\" alt=\"deco design couleur objets bougeoir en verre color\u00e9 moderne contemporain d\u00e9co salon s\u00e9jour salle \u00e0 manger\" data-id=\"61323\" data-link=\"https:\/\/www.cocondedecoration.com\/blog\/?attachment_id=61323\" class=\"wp-image-61323\" srcset=\"https:\/\/www.cocondedecoration.com\/blog\/wp-content\/uploads\/2023\/06\/deco-design-couleur-objets-7-640x960.jpeg 640w, https:\/\/www.cocondedecoration.com\/blog\/wp-content\/uploads\/2023\/06\/deco-design-couleur-objets-7-260x390.jpeg 260w, https:\/\/www.cocondedecoration.com\/blog\/wp-content\/uploads\/2023\/06\/deco-design-couleur-objets-7-768x1152.jpeg 768w, https:\/\/www.cocondedecoration.com\/blog\/wp-content\/uploads\/2023\/06\/deco-design-couleur-objets-7-367x550.jpeg 367w, https:\/\/www.cocondedecoration.com\/blog\/wp-content\/uploads\/2023\/06\/deco-design-couleur-objets-7-333x500.jpeg 333w, https:\/\/www.cocondedecoration.com\/blog\/wp-content\/uploads\/2023\/06\/deco-design-couleur-objets-7.jpeg 1000w\" sizes=\"(max-width: 640px) 100vw, 640px\" \/><\/figure><\/li><\/ul>\n\n\n\n<div style=\"height:50px\" aria-hidden=\"true\" class=\"wp-block-spacer\"><\/div>\n\n\n\n<ul class=\"wp-block-gallery columns-3 is-cropped wp-block-gallery-3 is-layout-flex wp-block-gallery-is-layout-flex\"><li class=\"blocks-gallery-item\"><figure><img loading=\"lazy\" decoding=\"async\" width=\"640\" height=\"960\" src=\"https:\/\/www.cocondedecoration.com\/blog\/wp-content\/uploads\/2023\/06\/vaisselle-design-coloree-originale-1-640x960.jpeg\" alt=\"vaisselle design coloree originale tasse et sous-tasse couleur franche bleu jaune noir tendance color bloc\" data-id=\"61325\" data-link=\"https:\/\/www.cocondedecoration.com\/blog\/?attachment_id=61325\" class=\"wp-image-61325\" srcset=\"https:\/\/www.cocondedecoration.com\/blog\/wp-content\/uploads\/2023\/06\/vaisselle-design-coloree-originale-1-640x960.jpeg 640w, https:\/\/www.cocondedecoration.com\/blog\/wp-content\/uploads\/2023\/06\/vaisselle-design-coloree-originale-1-260x390.jpeg 260w, https:\/\/www.cocondedecoration.com\/blog\/wp-content\/uploads\/2023\/06\/vaisselle-design-coloree-originale-1-768x1152.jpeg 768w, https:\/\/www.cocondedecoration.com\/blog\/wp-content\/uploads\/2023\/06\/vaisselle-design-coloree-originale-1-367x550.jpeg 367w, https:\/\/www.cocondedecoration.com\/blog\/wp-content\/uploads\/2023\/06\/vaisselle-design-coloree-originale-1-333x500.jpeg 333w, https:\/\/www.cocondedecoration.com\/blog\/wp-content\/uploads\/2023\/06\/vaisselle-design-coloree-originale-1.jpeg 1000w\" sizes=\"(max-width: 640px) 100vw, 640px\" \/><\/figure><\/li><li class=\"blocks-gallery-item\"><figure><img loading=\"lazy\" decoding=\"async\" width=\"640\" height=\"960\" src=\"https:\/\/www.cocondedecoration.com\/blog\/wp-content\/uploads\/2023\/06\/vaisselle-design-coloree-originale-2-640x960.jpeg\" alt=\"vaisselle design coloree originale assiette de pr\u00e9sentation unique fleur bleue et blanche\" data-id=\"61326\" data-link=\"https:\/\/www.cocondedecoration.com\/blog\/?attachment_id=61326\" class=\"wp-image-61326\" srcset=\"https:\/\/www.cocondedecoration.com\/blog\/wp-content\/uploads\/2023\/06\/vaisselle-design-coloree-originale-2-640x960.jpeg 640w, https:\/\/www.cocondedecoration.com\/blog\/wp-content\/uploads\/2023\/06\/vaisselle-design-coloree-originale-2-260x390.jpeg 260w, https:\/\/www.cocondedecoration.com\/blog\/wp-content\/uploads\/2023\/06\/vaisselle-design-coloree-originale-2-768x1152.jpeg 768w, https:\/\/www.cocondedecoration.com\/blog\/wp-content\/uploads\/2023\/06\/vaisselle-design-coloree-originale-2-367x550.jpeg 367w, https:\/\/www.cocondedecoration.com\/blog\/wp-content\/uploads\/2023\/06\/vaisselle-design-coloree-originale-2-333x500.jpeg 333w, https:\/\/www.cocondedecoration.com\/blog\/wp-content\/uploads\/2023\/06\/vaisselle-design-coloree-originale-2.jpeg 1000w\" sizes=\"(max-width: 640px) 100vw, 640px\" \/><\/figure><\/li><li class=\"blocks-gallery-item\"><figure><img loading=\"lazy\" decoding=\"async\" width=\"640\" height=\"960\" src=\"https:\/\/www.cocondedecoration.com\/blog\/wp-content\/uploads\/2023\/06\/vaisselle-design-coloree-originale-3-640x960.jpeg\" alt=\"vaisselle design coloree originale verre et carafe bleue en verre moderne\" data-id=\"61327\" data-link=\"https:\/\/www.cocondedecoration.com\/blog\/?attachment_id=61327\" class=\"wp-image-61327\" srcset=\"https:\/\/www.cocondedecoration.com\/blog\/wp-content\/uploads\/2023\/06\/vaisselle-design-coloree-originale-3-640x960.jpeg 640w, https:\/\/www.cocondedecoration.com\/blog\/wp-content\/uploads\/2023\/06\/vaisselle-design-coloree-originale-3-260x390.jpeg 260w, https:\/\/www.cocondedecoration.com\/blog\/wp-content\/uploads\/2023\/06\/vaisselle-design-coloree-originale-3-768x1152.jpeg 768w, https:\/\/www.cocondedecoration.com\/blog\/wp-content\/uploads\/2023\/06\/vaisselle-design-coloree-originale-3-367x550.jpeg 367w, https:\/\/www.cocondedecoration.com\/blog\/wp-content\/uploads\/2023\/06\/vaisselle-design-coloree-originale-3-333x500.jpeg 333w, https:\/\/www.cocondedecoration.com\/blog\/wp-content\/uploads\/2023\/06\/vaisselle-design-coloree-originale-3.jpeg 1000w\" sizes=\"(max-width: 640px) 100vw, 640px\" \/><\/figure><\/li><\/ul>\n\n\n\n<h2 class=\"wp-block-heading\">Une touche de design et de couleur \u00e0 table <\/h2>\n\n\n\n<div class=\"wp-block-columns has-4-columns is-layout-flex wp-container-core-columns-layout-3 wp-block-columns-is-layout-flex\">\n<div class=\"wp-block-column is-layout-flow wp-block-column-is-layout-flow\">\n<figure class=\"wp-block-image\"><img loading=\"lazy\" decoding=\"async\" width=\"500\" height=\"500\" src=\"https:\/\/www.cocondedecoration.com\/blog\/wp-content\/uploads\/2023\/06\/ou-trouver-vaisselle-design-et-coloree-1.jpeg\" alt=\"ou trouver vaisselle design et coloree 4 Assiettes en dolomite color\u00e9es\" class=\"wp-image-61289\" srcset=\"https:\/\/www.cocondedecoration.com\/blog\/wp-content\/uploads\/2023\/06\/ou-trouver-vaisselle-design-et-coloree-1.jpeg 500w, https:\/\/www.cocondedecoration.com\/blog\/wp-content\/uploads\/2023\/06\/ou-trouver-vaisselle-design-et-coloree-1-165x165.jpeg 165w, https:\/\/www.cocondedecoration.com\/blog\/wp-content\/uploads\/2023\/06\/ou-trouver-vaisselle-design-et-coloree-1-260x260.jpeg 260w, https:\/\/www.cocondedecoration.com\/blog\/wp-content\/uploads\/2023\/06\/ou-trouver-vaisselle-design-et-coloree-1-465x465.jpeg 465w\" sizes=\"(max-width: 500px) 100vw, 500px\" \/><figcaption><a href=\"https:\/\/fnty.co\/c\/r-bXSAVenx\" target=\"_blank\" rel=\"noreferrer noopener\" aria-label=\"4 Assiettes en dolomite color\u00e9es (s\u2019ouvre dans un nouvel onglet)\">4 Assiettes en dolomite color\u00e9es<\/a><\/figcaption><\/figure>\n\n\n\n<figure class=\"wp-block-image\"><img loading=\"lazy\" decoding=\"async\" width=\"500\" height=\"500\" src=\"https:\/\/www.cocondedecoration.com\/blog\/wp-content\/uploads\/2023\/06\/ou-trouver-vaisselle-design-et-coloree-5.jpeg\" alt=\"ou trouver vaisselle design et coloree Assiette plate en gr\u00e8s rose\" class=\"wp-image-61293\" srcset=\"https:\/\/www.cocondedecoration.com\/blog\/wp-content\/uploads\/2023\/06\/ou-trouver-vaisselle-design-et-coloree-5.jpeg 500w, https:\/\/www.cocondedecoration.com\/blog\/wp-content\/uploads\/2023\/06\/ou-trouver-vaisselle-design-et-coloree-5-165x165.jpeg 165w, https:\/\/www.cocondedecoration.com\/blog\/wp-content\/uploads\/2023\/06\/ou-trouver-vaisselle-design-et-coloree-5-260x260.jpeg 260w, https:\/\/www.cocondedecoration.com\/blog\/wp-content\/uploads\/2023\/06\/ou-trouver-vaisselle-design-et-coloree-5-465x465.jpeg 465w\" sizes=\"(max-width: 500px) 100vw, 500px\" \/><figcaption><a href=\"https:\/\/fnty.co\/c\/r-KRqaeNBg\" target=\"_blank\" rel=\"noreferrer noopener\" aria-label=\"Assiette plate en gr\u00e8s rose (s\u2019ouvre dans un nouvel onglet)\">Assiette plate en gr\u00e8s rose<\/a><\/figcaption><\/figure>\n\n\n\n<figure class=\"wp-block-image\"><img loading=\"lazy\" decoding=\"async\" width=\"500\" height=\"500\" src=\"https:\/\/www.cocondedecoration.com\/blog\/wp-content\/uploads\/2023\/06\/ou-trouver-vaisselle-design-et-coloree-9.jpeg\" alt=\"ou trouver vaisselle design et coloree 4 Mugs en gr\u00e8s color\u00e9s pastel\" class=\"wp-image-61297\" srcset=\"https:\/\/www.cocondedecoration.com\/blog\/wp-content\/uploads\/2023\/06\/ou-trouver-vaisselle-design-et-coloree-9.jpeg 500w, https:\/\/www.cocondedecoration.com\/blog\/wp-content\/uploads\/2023\/06\/ou-trouver-vaisselle-design-et-coloree-9-165x165.jpeg 165w, https:\/\/www.cocondedecoration.com\/blog\/wp-content\/uploads\/2023\/06\/ou-trouver-vaisselle-design-et-coloree-9-260x260.jpeg 260w, https:\/\/www.cocondedecoration.com\/blog\/wp-content\/uploads\/2023\/06\/ou-trouver-vaisselle-design-et-coloree-9-465x465.jpeg 465w\" sizes=\"(max-width: 500px) 100vw, 500px\" \/><figcaption><a href=\"https:\/\/fnty.co\/c\/r-VNlnsEOm\" target=\"_blank\" rel=\"noreferrer noopener\" aria-label=\"4 Mugs en gr\u00e8s color\u00e9s pastel (s\u2019ouvre dans un nouvel onglet)\">4 Mugs en gr\u00e8s color\u00e9s pastel<\/a><\/figcaption><\/figure>\n<\/div>\n\n\n\n<div class=\"wp-block-column is-layout-flow wp-block-column-is-layout-flow\">\n<figure class=\"wp-block-image\"><img loading=\"lazy\" decoding=\"async\" width=\"500\" height=\"500\" src=\"https:\/\/www.cocondedecoration.com\/blog\/wp-content\/uploads\/2023\/06\/ou-trouver-vaisselle-design-et-coloree-2.jpeg\" alt=\"ou trouver vaisselle design et coloree 4 assiettes \u00e0 motifs color\u00e9s motif orange 16 cm\" class=\"wp-image-61290\" srcset=\"https:\/\/www.cocondedecoration.com\/blog\/wp-content\/uploads\/2023\/06\/ou-trouver-vaisselle-design-et-coloree-2.jpeg 500w, https:\/\/www.cocondedecoration.com\/blog\/wp-content\/uploads\/2023\/06\/ou-trouver-vaisselle-design-et-coloree-2-165x165.jpeg 165w, https:\/\/www.cocondedecoration.com\/blog\/wp-content\/uploads\/2023\/06\/ou-trouver-vaisselle-design-et-coloree-2-260x260.jpeg 260w, https:\/\/www.cocondedecoration.com\/blog\/wp-content\/uploads\/2023\/06\/ou-trouver-vaisselle-design-et-coloree-2-465x465.jpeg 465w\" sizes=\"(max-width: 500px) 100vw, 500px\" \/><figcaption><a href=\"https:\/\/fnty.co\/c\/r-ebgXgzDy\" target=\"_blank\" rel=\"noreferrer noopener\" aria-label=\"4 assiettes \u00e0 motifs color\u00e9s   motif orange (s\u2019ouvre dans un nouvel onglet)\">4 assiettes \u00e0 motifs color\u00e9s   motif orange<\/a><\/figcaption><\/figure>\n\n\n\n<figure class=\"wp-block-image\"><img loading=\"lazy\" decoding=\"async\" width=\"500\" height=\"500\" src=\"https:\/\/www.cocondedecoration.com\/blog\/wp-content\/uploads\/2023\/06\/ou-trouver-vaisselle-design-et-coloree-6.jpeg\" alt=\"ou trouver vaisselle design et coloree 4 Assiettes color\u00e9es motifs citrons\" class=\"wp-image-61294\" srcset=\"https:\/\/www.cocondedecoration.com\/blog\/wp-content\/uploads\/2023\/06\/ou-trouver-vaisselle-design-et-coloree-6.jpeg 500w, https:\/\/www.cocondedecoration.com\/blog\/wp-content\/uploads\/2023\/06\/ou-trouver-vaisselle-design-et-coloree-6-165x165.jpeg 165w, https:\/\/www.cocondedecoration.com\/blog\/wp-content\/uploads\/2023\/06\/ou-trouver-vaisselle-design-et-coloree-6-260x260.jpeg 260w, https:\/\/www.cocondedecoration.com\/blog\/wp-content\/uploads\/2023\/06\/ou-trouver-vaisselle-design-et-coloree-6-465x465.jpeg 465w\" sizes=\"(max-width: 500px) 100vw, 500px\" \/><figcaption><a href=\"https:\/\/fnty.co\/c\/r-KBJjABFa\" target=\"_blank\" rel=\"noreferrer noopener\" aria-label=\"4 Assiettes color\u00e9es motifs citrons (s\u2019ouvre dans un nouvel onglet)\">4 Assiettes color\u00e9es motifs citrons<\/a><\/figcaption><\/figure>\n\n\n\n<figure class=\"wp-block-image\"><img loading=\"lazy\" decoding=\"async\" width=\"500\" height=\"500\" src=\"https:\/\/www.cocondedecoration.com\/blog\/wp-content\/uploads\/2023\/06\/ou-trouver-vaisselle-design-et-coloree-10.jpeg\" alt=\"ou trouver vaisselle design et coloree 4 mugs color\u00e9s Chiquito duo de couleurs\" class=\"wp-image-61298\" srcset=\"https:\/\/www.cocondedecoration.com\/blog\/wp-content\/uploads\/2023\/06\/ou-trouver-vaisselle-design-et-coloree-10.jpeg 500w, https:\/\/www.cocondedecoration.com\/blog\/wp-content\/uploads\/2023\/06\/ou-trouver-vaisselle-design-et-coloree-10-165x165.jpeg 165w, https:\/\/www.cocondedecoration.com\/blog\/wp-content\/uploads\/2023\/06\/ou-trouver-vaisselle-design-et-coloree-10-260x260.jpeg 260w, https:\/\/www.cocondedecoration.com\/blog\/wp-content\/uploads\/2023\/06\/ou-trouver-vaisselle-design-et-coloree-10-465x465.jpeg 465w\" sizes=\"(max-width: 500px) 100vw, 500px\" \/><figcaption><a href=\"https:\/\/fnty.co\/c\/r-ZaTqLnHa\" target=\"_blank\" rel=\"noreferrer noopener\" aria-label=\"4 mugs color\u00e9s Chiquito duo de couleurs (s\u2019ouvre dans un nouvel onglet)\">4 mugs color\u00e9s Chiquito duo de couleurs<\/a><\/figcaption><\/figure>\n<\/div>\n\n\n\n<div class=\"wp-block-column is-layout-flow wp-block-column-is-layout-flow\">\n<figure class=\"wp-block-image\"><img loading=\"lazy\" decoding=\"async\" width=\"500\" height=\"500\" src=\"https:\/\/www.cocondedecoration.com\/blog\/wp-content\/uploads\/2023\/06\/ou-trouver-vaisselle-design-et-coloree-3.jpeg\" alt=\"ou trouver vaisselle design et coloree 4 assiettes \u00e0 motifs orange 22 cm fond blanc\" class=\"wp-image-61291\" srcset=\"https:\/\/www.cocondedecoration.com\/blog\/wp-content\/uploads\/2023\/06\/ou-trouver-vaisselle-design-et-coloree-3.jpeg 500w, https:\/\/www.cocondedecoration.com\/blog\/wp-content\/uploads\/2023\/06\/ou-trouver-vaisselle-design-et-coloree-3-165x165.jpeg 165w, https:\/\/www.cocondedecoration.com\/blog\/wp-content\/uploads\/2023\/06\/ou-trouver-vaisselle-design-et-coloree-3-260x260.jpeg 260w, https:\/\/www.cocondedecoration.com\/blog\/wp-content\/uploads\/2023\/06\/ou-trouver-vaisselle-design-et-coloree-3-465x465.jpeg 465w\" sizes=\"(max-width: 500px) 100vw, 500px\" \/><figcaption><a href=\"https:\/\/fnty.co\/c\/r-wcNbJNBw\" target=\"_blank\" rel=\"noreferrer noopener\" aria-label=\"4 assiettes \u00e0 motifs orange fond blanc (s\u2019ouvre dans un nouvel onglet)\">4 assiettes \u00e0 motifs orange fond blanc<\/a><\/figcaption><\/figure>\n\n\n\n<figure class=\"wp-block-image\"><img loading=\"lazy\" decoding=\"async\" width=\"500\" height=\"500\" src=\"https:\/\/www.cocondedecoration.com\/blog\/wp-content\/uploads\/2023\/06\/ou-trouver-vaisselle-design-et-coloree-7.jpeg\" alt=\"ou trouver vaisselle design et coloree 4 Mugs en dolomite color\u00e9es\" class=\"wp-image-61295\" srcset=\"https:\/\/www.cocondedecoration.com\/blog\/wp-content\/uploads\/2023\/06\/ou-trouver-vaisselle-design-et-coloree-7.jpeg 500w, https:\/\/www.cocondedecoration.com\/blog\/wp-content\/uploads\/2023\/06\/ou-trouver-vaisselle-design-et-coloree-7-165x165.jpeg 165w, https:\/\/www.cocondedecoration.com\/blog\/wp-content\/uploads\/2023\/06\/ou-trouver-vaisselle-design-et-coloree-7-260x260.jpeg 260w, https:\/\/www.cocondedecoration.com\/blog\/wp-content\/uploads\/2023\/06\/ou-trouver-vaisselle-design-et-coloree-7-465x465.jpeg 465w\" sizes=\"(max-width: 500px) 100vw, 500px\" \/><figcaption><a rel=\"noreferrer noopener\" aria-label=\"4 Mugs en dolomite color\u00e9es (s\u2019ouvre dans un nouvel onglet)\" href=\"https:\/\/fnty.co\/c\/r-RkCPkxOB\" target=\"_blank\">4 Mugs en dolomite color\u00e9<\/a><\/figcaption><\/figure>\n\n\n\n<figure class=\"wp-block-image\"><img loading=\"lazy\" decoding=\"async\" width=\"500\" height=\"500\" src=\"https:\/\/www.cocondedecoration.com\/blog\/wp-content\/uploads\/2023\/06\/ou-trouver-vaisselle-design-et-coloree-11.jpeg\" alt=\"ou trouver vaisselle design et coloree 2 Coupes en verre jaunes 9 cm\" class=\"wp-image-61299\" srcset=\"https:\/\/www.cocondedecoration.com\/blog\/wp-content\/uploads\/2023\/06\/ou-trouver-vaisselle-design-et-coloree-11.jpeg 500w, https:\/\/www.cocondedecoration.com\/blog\/wp-content\/uploads\/2023\/06\/ou-trouver-vaisselle-design-et-coloree-11-165x165.jpeg 165w, https:\/\/www.cocondedecoration.com\/blog\/wp-content\/uploads\/2023\/06\/ou-trouver-vaisselle-design-et-coloree-11-260x260.jpeg 260w, https:\/\/www.cocondedecoration.com\/blog\/wp-content\/uploads\/2023\/06\/ou-trouver-vaisselle-design-et-coloree-11-465x465.jpeg 465w\" sizes=\"(max-width: 500px) 100vw, 500px\" \/><figcaption><a href=\"https:\/\/fnty.co\/c\/r-TZkWTVPp\" target=\"_blank\" rel=\"noreferrer noopener\" aria-label=\"2 Coupes en verre jaunes (s\u2019ouvre dans un nouvel onglet)\">2 Coupes en verre jaunes<\/a><\/figcaption><\/figure>\n<\/div>\n\n\n\n<div class=\"wp-block-column is-layout-flow wp-block-column-is-layout-flow\">\n<figure class=\"wp-block-image\"><img loading=\"lazy\" decoding=\"async\" width=\"500\" height=\"500\" src=\"https:\/\/www.cocondedecoration.com\/blog\/wp-content\/uploads\/2023\/06\/ou-trouver-vaisselle-design-et-coloree-4.jpeg\" alt=\"ou trouver vaisselle design et coloree 4 Assiettes plates en porcelaine\" class=\"wp-image-61292\" srcset=\"https:\/\/www.cocondedecoration.com\/blog\/wp-content\/uploads\/2023\/06\/ou-trouver-vaisselle-design-et-coloree-4.jpeg 500w, https:\/\/www.cocondedecoration.com\/blog\/wp-content\/uploads\/2023\/06\/ou-trouver-vaisselle-design-et-coloree-4-165x165.jpeg 165w, https:\/\/www.cocondedecoration.com\/blog\/wp-content\/uploads\/2023\/06\/ou-trouver-vaisselle-design-et-coloree-4-260x260.jpeg 260w, https:\/\/www.cocondedecoration.com\/blog\/wp-content\/uploads\/2023\/06\/ou-trouver-vaisselle-design-et-coloree-4-465x465.jpeg 465w\" sizes=\"(max-width: 500px) 100vw, 500px\" \/><figcaption><a href=\"https:\/\/fnty.co\/c\/r-eMQmdqbz\" target=\"_blank\" rel=\"noreferrer noopener\" aria-label=\"4 Assiettes plates en porcelaine (s\u2019ouvre dans un nouvel onglet)\">4 Assiettes plates en porcelaine<\/a><\/figcaption><\/figure>\n\n\n\n<figure class=\"wp-block-image\"><img loading=\"lazy\" decoding=\"async\" width=\"500\" height=\"500\" src=\"https:\/\/www.cocondedecoration.com\/blog\/wp-content\/uploads\/2023\/06\/ou-trouver-vaisselle-design-et-coloree-8.jpeg\" alt=\"ou trouver vaisselle design et coloree Th\u00e9i\u00e8re en gr\u00e8s orange 0,9\" class=\"wp-image-61296\" srcset=\"https:\/\/www.cocondedecoration.com\/blog\/wp-content\/uploads\/2023\/06\/ou-trouver-vaisselle-design-et-coloree-8.jpeg 500w, https:\/\/www.cocondedecoration.com\/blog\/wp-content\/uploads\/2023\/06\/ou-trouver-vaisselle-design-et-coloree-8-165x165.jpeg 165w, https:\/\/www.cocondedecoration.com\/blog\/wp-content\/uploads\/2023\/06\/ou-trouver-vaisselle-design-et-coloree-8-260x260.jpeg 260w, https:\/\/www.cocondedecoration.com\/blog\/wp-content\/uploads\/2023\/06\/ou-trouver-vaisselle-design-et-coloree-8-465x465.jpeg 465w\" sizes=\"(max-width: 500px) 100vw, 500px\" \/><figcaption><a href=\"https:\/\/fnty.co\/c\/r-UddRYuWM\" target=\"_blank\" rel=\"noreferrer noopener\" aria-label=\"Th\u00e9i\u00e8re en gr\u00e8s orange (s\u2019ouvre dans un nouvel onglet)\">Th\u00e9i\u00e8re en gr\u00e8s orange<\/a><\/figcaption><\/figure>\n\n\n\n<figure class=\"wp-block-image\"><img loading=\"lazy\" decoding=\"async\" width=\"500\" height=\"500\" src=\"https:\/\/www.cocondedecoration.com\/blog\/wp-content\/uploads\/2023\/06\/ou-trouver-vaisselle-design-et-coloree-12.jpeg\" alt=\"ou trouver vaisselle design et coloree 2 Coupes \u00e0 champagne\" class=\"wp-image-61300\" srcset=\"https:\/\/www.cocondedecoration.com\/blog\/wp-content\/uploads\/2023\/06\/ou-trouver-vaisselle-design-et-coloree-12.jpeg 500w, https:\/\/www.cocondedecoration.com\/blog\/wp-content\/uploads\/2023\/06\/ou-trouver-vaisselle-design-et-coloree-12-165x165.jpeg 165w, https:\/\/www.cocondedecoration.com\/blog\/wp-content\/uploads\/2023\/06\/ou-trouver-vaisselle-design-et-coloree-12-260x260.jpeg 260w, https:\/\/www.cocondedecoration.com\/blog\/wp-content\/uploads\/2023\/06\/ou-trouver-vaisselle-design-et-coloree-12-465x465.jpeg 465w\" sizes=\"(max-width: 500px) 100vw, 500px\" \/><figcaption><a href=\"https:\/\/fnty.co\/c\/r-RxLMDAqM\" target=\"_blank\" rel=\"noreferrer noopener\" aria-label=\"2 Coupes \u00e0 champagne (s\u2019ouvre dans un nouvel onglet)\">2 Coupes \u00e0 champagne<\/a><\/figcaption><\/figure>\n<\/div>\n<\/div>\n\n\n\n<ul class=\"wp-block-gallery columns-3 is-cropped wp-block-gallery-4 is-layout-flex wp-block-gallery-is-layout-flex\"><li class=\"blocks-gallery-item\"><figure><img loading=\"lazy\" decoding=\"async\" width=\"640\" height=\"960\" src=\"https:\/\/www.cocondedecoration.com\/blog\/wp-content\/uploads\/2023\/06\/vaisselle-design-coloree-originale-4-640x960.jpeg\" alt=\"vaisselle design coloree originale pot en c\u00e9ramique motif multicolore moderne\" data-id=\"61328\" data-link=\"https:\/\/www.cocondedecoration.com\/blog\/?attachment_id=61328\" class=\"wp-image-61328\" srcset=\"https:\/\/www.cocondedecoration.com\/blog\/wp-content\/uploads\/2023\/06\/vaisselle-design-coloree-originale-4-640x960.jpeg 640w, https:\/\/www.cocondedecoration.com\/blog\/wp-content\/uploads\/2023\/06\/vaisselle-design-coloree-originale-4-260x390.jpeg 260w, https:\/\/www.cocondedecoration.com\/blog\/wp-content\/uploads\/2023\/06\/vaisselle-design-coloree-originale-4-768x1152.jpeg 768w, https:\/\/www.cocondedecoration.com\/blog\/wp-content\/uploads\/2023\/06\/vaisselle-design-coloree-originale-4-367x550.jpeg 367w, https:\/\/www.cocondedecoration.com\/blog\/wp-content\/uploads\/2023\/06\/vaisselle-design-coloree-originale-4-333x500.jpeg 333w, https:\/\/www.cocondedecoration.com\/blog\/wp-content\/uploads\/2023\/06\/vaisselle-design-coloree-originale-4.jpeg 1000w\" sizes=\"(max-width: 640px) 100vw, 640px\" \/><\/figure><\/li><li class=\"blocks-gallery-item\"><figure><img loading=\"lazy\" decoding=\"async\" width=\"640\" height=\"960\" src=\"https:\/\/www.cocondedecoration.com\/blog\/wp-content\/uploads\/2023\/06\/vaisselle-design-coloree-originale-5-640x960.jpeg\" alt=\"vaisselle design coloree originale assiette plate \u00e0 rayure moderne\" data-id=\"61329\" data-link=\"https:\/\/www.cocondedecoration.com\/blog\/?attachment_id=61329\" class=\"wp-image-61329\" srcset=\"https:\/\/www.cocondedecoration.com\/blog\/wp-content\/uploads\/2023\/06\/vaisselle-design-coloree-originale-5-640x960.jpeg 640w, https:\/\/www.cocondedecoration.com\/blog\/wp-content\/uploads\/2023\/06\/vaisselle-design-coloree-originale-5-260x390.jpeg 260w, https:\/\/www.cocondedecoration.com\/blog\/wp-content\/uploads\/2023\/06\/vaisselle-design-coloree-originale-5-768x1152.jpeg 768w, https:\/\/www.cocondedecoration.com\/blog\/wp-content\/uploads\/2023\/06\/vaisselle-design-coloree-originale-5-367x550.jpeg 367w, https:\/\/www.cocondedecoration.com\/blog\/wp-content\/uploads\/2023\/06\/vaisselle-design-coloree-originale-5-333x500.jpeg 333w, https:\/\/www.cocondedecoration.com\/blog\/wp-content\/uploads\/2023\/06\/vaisselle-design-coloree-originale-5.jpeg 1000w\" sizes=\"(max-width: 640px) 100vw, 640px\" \/><\/figure><\/li><li class=\"blocks-gallery-item\"><figure><img loading=\"lazy\" decoding=\"async\" width=\"640\" height=\"960\" src=\"https:\/\/www.cocondedecoration.com\/blog\/wp-content\/uploads\/2023\/06\/vaisselle-design-coloree-originale-6-640x960.jpeg\" alt=\"vaisselle design coloree originale tasse mug blanc avec petites fleurs\" data-id=\"61330\" data-link=\"https:\/\/www.cocondedecoration.com\/blog\/?attachment_id=61330\" class=\"wp-image-61330\" srcset=\"https:\/\/www.cocondedecoration.com\/blog\/wp-content\/uploads\/2023\/06\/vaisselle-design-coloree-originale-6-640x960.jpeg 640w, https:\/\/www.cocondedecoration.com\/blog\/wp-content\/uploads\/2023\/06\/vaisselle-design-coloree-originale-6-260x390.jpeg 260w, https:\/\/www.cocondedecoration.com\/blog\/wp-content\/uploads\/2023\/06\/vaisselle-design-coloree-originale-6-768x1152.jpeg 768w, https:\/\/www.cocondedecoration.com\/blog\/wp-content\/uploads\/2023\/06\/vaisselle-design-coloree-originale-6-367x550.jpeg 367w, https:\/\/www.cocondedecoration.com\/blog\/wp-content\/uploads\/2023\/06\/vaisselle-design-coloree-originale-6-333x500.jpeg 333w, https:\/\/www.cocondedecoration.com\/blog\/wp-content\/uploads\/2023\/06\/vaisselle-design-coloree-originale-6.jpeg 1000w\" sizes=\"(max-width: 640px) 100vw, 640px\" \/><\/figure><\/li><\/ul>\n\n\n\n<hr class=\"wp-block-separator\"\/>\n\n\n\n<p class=\"has-text-align-center has-medium-font-size\">Ne perdons pas contact \ud83d\ude42 Rejoignez moi sur <a href=\"https:\/\/www.pinterest.fr\/cocondedeco\/\" target=\"_blank\" rel=\"noopener\" title=\"\">Pinterest<\/a> |\u00a0<a href=\"https:\/\/www.threads.net\/@cocondedeco\" target=\"_blank\" rel=\"noopener\" title=\"\">Threads<\/a> | <a href=\"https:\/\/www.patreon.com\/collection\/162946?view=expanded\" target=\"_blank\" rel=\"noopener\" title=\"\">la Newsletter<\/a> <br>Vous aimez lire le blog? Vous souhaitez continuer \u00e0 le lire? <a href=\"https:\/\/www.patreon.com\/cocondedeco\" target=\"_blank\" rel=\"noopener\" title=\"\">Devenez m\u00e9c\u00e8ne<\/a> sur Patreon et contribuez \u00e0 sa survie. <\/p>\n\n\n\n<hr class=\"wp-block-separator\"\/>\n\n\n\n<div class=\"wp-block-columns has-2-columns is-layout-flex wp-container-core-columns-layout-4 wp-block-columns-is-layout-flex\">\n<div class=\"wp-block-column is-layout-flow wp-block-column-is-layout-flow\">\n<p style=\"text-align:center\" class=\"has-medium-font-size\">A lire \u00e9galement<\/p>\n\n\n<ul class=\"wp-block-latest-posts__list wp-block-latest-posts\"><li><a class=\"wp-block-latest-posts__post-title\" href=\"https:\/\/www.cocondedecoration.com\/blog\/2024\/07\/couleur-facade-maison\/\">20 fa\u00e7ades de maisons qui feront entrer la couleur dans votre quotidien<\/a><\/li>\n<li><a class=\"wp-block-latest-posts__post-title\" href=\"https:\/\/www.cocondedecoration.com\/blog\/2023\/12\/papier-peint-touche-originale\/\">Les papiers peints hyper color\u00e9s de La Touche Originale<\/a><\/li>\n<li><a class=\"wp-block-latest-posts__post-title\" href=\"https:\/\/www.cocondedecoration.com\/blog\/2023\/11\/maison-pop-couleur-original\/\">Visite d\u00e9co | Une maison pop &#038; hyper color\u00e9e<\/a><\/li>\n<li><a class=\"wp-block-latest-posts__post-title\" href=\"https:\/\/www.cocondedecoration.com\/blog\/2023\/07\/maison-familiale-couleur-diy\/\">Visite d\u00e9co | Une maison familiale o\u00f9 la couleur rend heureux<\/a><\/li>\n<li><a class=\"wp-block-latest-posts__post-title\" href=\"https:\/\/www.cocondedecoration.com\/blog\/2023\/06\/association-couleur-jaune-violet\/\">Couleur d\u00e9co| 14 id\u00e9es pour associer du jaune &#038; du violet<\/a><\/li>\n<li><a class=\"wp-block-latest-posts__post-title\" href=\"https:\/\/www.cocondedecoration.com\/blog\/2023\/06\/deco-design-couleur\/\">Coup de coeur | Un int\u00e9rieur pop et color\u00e9 avec &#038;Klevering<\/a><\/li>\n<\/ul><\/div>\n\n\n\n<div class=\"wp-block-column is-layout-flow wp-block-column-is-layout-flow\">\n<p class=\"has-text-align-center has-medium-font-size\" style=\"padding-top:var(--wp--preset--spacing--40);padding-bottom:var(--wp--preset--spacing--40)\"><strong>Devenez m\u00e9c\u00e8ne du blog <\/strong><\/p>\n\n\n\n<hr class=\"wp-block-separator has-alpha-channel-opacity is-style-wide\"\/>\n\n\n\n<p style=\"padding-right:var(--wp--preset--spacing--30);padding-left:var(--wp--preset--spacing--30)\">Soutenez mon travail sur le blog et acc\u00e9dez \u00e0 des contreparties exclusives: <\/p>\n\n\n\n<ul style=\"padding-right:var(--wp--preset--spacing--40);padding-left:var(--wp--preset--spacing--40)\">\n<li>Plusieurs centaines d'articles d\u00e9co, lifestyle &amp; voyage r\u00e9serv\u00e9s aux abonn\u00e9\u2022e\u2022s <\/li>\n\n\n\n<li>Toutes les entr\u00e9es de mon side project - mon dictionnaire nomade <\/li>\n\n\n\n<li>Une publicit\u00e9 limit\u00e9e sur les articles Patreon <\/li>\n<\/ul>\n\n\n\n<div class=\"wp-block-buttons is-content-justification-center is-layout-flex wp-container-core-buttons-layout-1 wp-block-buttons-is-layout-flex\">\n<div class=\"wp-block-button\"><a class=\"wp-block-button__link wp-element-button\" href=\"https:\/\/www.patreon.com\/cocondedeco\" target=\"_blank\" rel=\"noreferrer noopener\">Soutenir le blog maintenant<\/a><\/div>\n<\/div>\n<\/div>\n<\/div>\n\n\n\n<div class=\"wp-block-image\"><figure class=\"aligncenter\"><img loading=\"lazy\" decoding=\"async\" width=\"732\" height=\"487\" src=\"https:\/\/www.cocondedecoration.com\/blog\/wp-content\/uploads\/2023\/06\/vaisselle-et-objet-decoratif-design-couleur.jpg\" alt=\"vaisselle et objet decoratif design couleur forme mat\u00e9riaux moderne art de la table finition d\u00e9co\" class=\"wp-image-61332\" srcset=\"https:\/\/www.cocondedecoration.com\/blog\/wp-content\/uploads\/2023\/06\/vaisselle-et-objet-decoratif-design-couleur.jpg 732w, https:\/\/www.cocondedecoration.com\/blog\/wp-content\/uploads\/2023\/06\/vaisselle-et-objet-decoratif-design-couleur-260x173.jpg 260w, https:\/\/www.cocondedecoration.com\/blog\/wp-content\/uploads\/2023\/06\/vaisselle-et-objet-decoratif-design-couleur-640x426.jpg 640w, https:\/\/www.cocondedecoration.com\/blog\/wp-content\/uploads\/2023\/06\/vaisselle-et-objet-decoratif-design-couleur-465x309.jpg 465w, https:\/\/www.cocondedecoration.com\/blog\/wp-content\/uploads\/2023\/06\/vaisselle-et-objet-decoratif-design-couleur-695x462.jpg 695w\" sizes=\"(max-width: 732px) 100vw, 732px\" \/><\/figure><\/div>\n\n\n\n<p style=\"text-align:right\" class=\"has-small-font-size\">Note: Cet article contient des liens affili\u00e9s. Cela ne change rien \u00e0 votre utilisation du blog ou des sites partenaires. Si vous passez commande via l'un de ces liens, je touche \u00e9ventuellement une petite commission qui me permet de mettre \u00e0 jour r\u00e9guli\u00e8rement le blog. Par avance, je vous remercie de votre soutien! <\/p>\n","protected":false},"excerpt":{"rendered":"<p>Avec l&rsquo;\u00e9t\u00e9 qui arrive, j&rsquo;ai envie de vous proposer de la couleur et de la bonne humeur pour votre int\u00e9rieur. Cela fait un moment que j&rsquo;avais envie de vous pr\u00e9senter l&rsquo;un de mes coups de coeur: l&rsquo;enseigne n\u00e9erlandaise &amp;Klevering. Bas\u00e9e \u00e0 Amsterdam, cette enseigne se d\u00e9finit ainsi: \u00ab\u00a0Nos designers s&rsquo;inspirent<span class=\"more-link\"><a href=\"https:\/\/www.cocondedecoration.com\/blog\/2023\/06\/deco-design-couleur\/\">Lire la suite<\/a><\/span><\/p>\n","protected":false},"author":1,"featured_media":61332,"comment_status":"open","ping_status":"open","sticky":false,"template":"","format":"standard","meta":{"om_disable_all_campaigns":false,"_monsterinsights_skip_tracking":false,"_monsterinsights_sitenote_active":false,"_monsterinsights_sitenote_note":"","_monsterinsights_sitenote_category":0,"_uf_show_specific_survey":0,"_uf_disable_surveys":false,"footnotes":""},"categories":[26592,8885,47296,2661,27503],"tags":[35123,47615,47619,47635,47626,39346,47638,47634,47624,47620,31887,38138,2945,46374,12282,9565,17322,28074,47603,47611,47616,47617,47618,33674,47607,47610,47604,46170,47613,47631,47609,46173,47625,47623,29153,47628,47639,47643,47642,47637,21062,47627,47641,47630,47632,47600,28715,28718,33677,47606,28723,40630,47605,47602,47622,47636,47621,47633,47640,47629,47601,47614,47612,37192,47608],"aioseo_notices":[],"_links":{"self":[{"href":"https:\/\/www.cocondedecoration.com\/blog\/wp-json\/wp\/v2\/posts\/61288"}],"collection":[{"href":"https:\/\/www.cocondedecoration.com\/blog\/wp-json\/wp\/v2\/posts"}],"about":[{"href":"https:\/\/www.cocondedecoration.com\/blog\/wp-json\/wp\/v2\/types\/post"}],"author":[{"embeddable":true,"href":"https:\/\/www.cocondedecoration.com\/blog\/wp-json\/wp\/v2\/users\/1"}],"replies":[{"embeddable":true,"href":"https:\/\/www.cocondedecoration.com\/blog\/wp-json\/wp\/v2\/comments?post=61288"}],"version-history":[{"count":0,"href":"https:\/\/www.cocondedecoration.com\/blog\/wp-json\/wp\/v2\/posts\/61288\/revisions"}],"wp:featuredmedia":[{"embeddable":true,"href":"https:\/\/www.cocondedecoration.com\/blog\/wp-json\/wp\/v2\/media\/61332"}],"wp:attachment":[{"href":"https:\/\/www.cocondedecoration.com\/blog\/wp-json\/wp\/v2\/media?parent=61288"}],"wp:term":[{"taxonomy":"category","embeddable":true,"href":"https:\/\/www.cocondedecoration.com\/blog\/wp-json\/wp\/v2\/categories?post=61288"},{"taxonomy":"post_tag","embeddable":true,"href":"https:\/\/www.cocondedecoration.com\/blog\/wp-json\/wp\/v2\/tags?post=61288"}],"curies":[{"name":"wp","href":"https:\/\/api.w.org\/{rel}","templated":true}]}}