{"id":61052,"date":"2023-06-03T11:48:26","date_gmt":"2023-06-03T09:48:26","guid":{"rendered":"https:\/\/www.cocondedecoration.com\/blog\/?p=61052"},"modified":"2025-02-02T05:17:12","modified_gmt":"2025-02-02T03:17:12","slug":"decoration-motif-grenade-ete","status":"publish","type":"post","link":"https:\/\/www.cocondedecoration.com\/blog\/2023\/06\/decoration-motif-grenade-ete\/","title":{"rendered":"O\u00f9 trouver | de la d\u00e9co motif grenade?"},"content":{"rendered":"\n<p>En g\u00e9n\u00e9ral, je ne suis pas tr\u00e8s motif notamment de fruits &amp; de l\u00e9gumes sauf pour la grenade. Fruit synonyme de vacances, de soleil qui sied parfaitement sur de la d\u00e9co murale et les textiles de la maison. La grenade trouve son origine en Perse avant de voyager et de se retrouver m\u00eame en Europe. Au d\u00e9part, je trouvais juste sympa le c\u00f4t\u00e9 visuel du fruit, les couleurs qui lui sont associ\u00e9es. C'est comme \u00e7a que j'ai eu envie de vous parler de ce fruit comme motif d\u00e9co. Et puis, j'ai cherch\u00e9 sa symbolique et l\u00e0, il y a de quoi raconter! Peut-\u00eatre que \u00e7a fera \u00e9cho chez vous. <\/p>\n\n\n\n<!--more-->\n\n\n\n<div class=\"wp-block-image\"><figure class=\"aligncenter\"><a href=\"https:\/\/www.patreon.com\/cocondedeco\" target=\"_blank\" rel=\"noreferrer noopener\"><img loading=\"lazy\" decoding=\"async\" width=\"728\" height=\"90\" src=\"http:\/\/www.cocondedecoration.com\/blog\/wp-content\/uploads\/2021\/01\/banniere-patreon.png\" alt=\"\" class=\"wp-image-33877\" srcset=\"https:\/\/www.cocondedecoration.com\/blog\/wp-content\/uploads\/2021\/01\/banniere-patreon.png 728w, https:\/\/www.cocondedecoration.com\/blog\/wp-content\/uploads\/2021\/01\/banniere-patreon-260x32.png 260w, https:\/\/www.cocondedecoration.com\/blog\/wp-content\/uploads\/2021\/01\/banniere-patreon-640x79.png 640w, https:\/\/www.cocondedecoration.com\/blog\/wp-content\/uploads\/2021\/01\/banniere-patreon-465x57.png 465w, https:\/\/www.cocondedecoration.com\/blog\/wp-content\/uploads\/2021\/01\/banniere-patreon-695x86.png 695w\" sizes=\"(max-width: 728px) 100vw, 728px\" \/><\/a><\/figure><\/div>\n\n\n\n<p style=\"text-align:center\" class=\"has-background has-small-font-size has-very-light-gray-background-color\">Avant de poursuivre cet article, j'aimerai vous parler quelques instants de Patreon. C'est une plateforme en plus du blog sur laquelle vous pouvez devenir m\u00e9c\u00e8ne du blog. <br><strong>Pourquoi soutenir le blog?<\/strong> <br>Parce que c'est un travail consid\u00e9rable et m\u00eame si je le fais avec passion c'est aussi un travail pr\u00e9caire (<a rel=\"noreferrer noopener\" href=\"https:\/\/www.patreon.com\/posts\/en-quoi-consiste-86917611\" target=\"_blank\">je vous explique tout cela en d\u00e9tail dans ce post<\/a>). Si vous aimez l'article que vous \u00eates en train de lire, si vous me suivez sur les r\u00e9seaux sociaux ou encore si vous lisez r\u00e9guli\u00e8rement le blog, je vous serai reconnaissante de soutenir le blog via Patreon. Par ailleurs, en vous abonnant sur la plateforme vous acc\u00e9derez \u00e0 des contenus exclusifs pour vous remercier de votre soutien. C'est sans engagement et chaque contribution fera la diff\u00e9rence. Merci par avance de votre aide! <br><a rel=\"noreferrer noopener\" href=\"https:\/\/www.patreon.com\/cocondedeco\" target=\"_blank\"><strong>En savoir plus &amp; acc\u00e9der \u00e0 Patreon<\/strong><\/a><\/p>\n\n\n\n<h2 class=\"wp-block-heading\">O\u00f9 trouver de la d\u00e9co avec un motif de grenade? <\/h2>\n\n\n\n<div class=\"wp-block-columns has-4-columns is-layout-flex wp-container-core-columns-layout-1 wp-block-columns-is-layout-flex\">\n<div class=\"wp-block-column is-layout-flow wp-block-column-is-layout-flow\">\n<figure class=\"wp-block-image\"><img loading=\"lazy\" decoding=\"async\" width=\"500\" height=\"500\" src=\"https:\/\/www.cocondedecoration.com\/blog\/wp-content\/uploads\/2023\/06\/decoration-ete-motif-fruitier-grenade-vacances-11.jpeg\" alt=\"decoration ete motif fruitier grenade vacances Affiche d'aquarelle vintage de grenade\" class=\"wp-image-61077\" srcset=\"https:\/\/www.cocondedecoration.com\/blog\/wp-content\/uploads\/2023\/06\/decoration-ete-motif-fruitier-grenade-vacances-11.jpeg 500w, https:\/\/www.cocondedecoration.com\/blog\/wp-content\/uploads\/2023\/06\/decoration-ete-motif-fruitier-grenade-vacances-11-165x165.jpeg 165w, https:\/\/www.cocondedecoration.com\/blog\/wp-content\/uploads\/2023\/06\/decoration-ete-motif-fruitier-grenade-vacances-11-260x260.jpeg 260w, https:\/\/www.cocondedecoration.com\/blog\/wp-content\/uploads\/2023\/06\/decoration-ete-motif-fruitier-grenade-vacances-11-465x465.jpeg 465w\" sizes=\"(max-width: 500px) 100vw, 500px\" \/><figcaption><a href=\"https:\/\/tidd.ly\/3qruRvq\" target=\"_blank\" rel=\"noreferrer noopener\" aria-label=\"Affiche d'aquarelle vintage de grenade (s\u2019ouvre dans un nouvel onglet)\">Affiche d'aquarelle vintage de grenade<\/a> - Etsy <\/figcaption><\/figure>\n\n\n\n<figure class=\"wp-block-image\"><img loading=\"lazy\" decoding=\"async\" width=\"500\" height=\"500\" src=\"https:\/\/www.cocondedecoration.com\/blog\/wp-content\/uploads\/2023\/06\/motif-estival-decoration-grenade-1.jpeg\" alt=\"motif estival decoration grenade Eventail fisura grenade fond bleu\" class=\"wp-image-61053\" srcset=\"https:\/\/www.cocondedecoration.com\/blog\/wp-content\/uploads\/2023\/06\/motif-estival-decoration-grenade-1.jpeg 500w, https:\/\/www.cocondedecoration.com\/blog\/wp-content\/uploads\/2023\/06\/motif-estival-decoration-grenade-1-165x165.jpeg 165w, https:\/\/www.cocondedecoration.com\/blog\/wp-content\/uploads\/2023\/06\/motif-estival-decoration-grenade-1-260x260.jpeg 260w, https:\/\/www.cocondedecoration.com\/blog\/wp-content\/uploads\/2023\/06\/motif-estival-decoration-grenade-1-465x465.jpeg 465w\" sizes=\"(max-width: 500px) 100vw, 500px\" \/><figcaption><a href=\"https:\/\/tidd.ly\/3CaTQWn\" target=\"_blank\" rel=\"noreferrer noopener\" aria-label=\"Eventail fisura grenade fond bleu (s\u2019ouvre dans un nouvel onglet)\">Eventail fisura grenade fond bleu<\/a> - Conforama<\/figcaption><\/figure>\n\n\n\n<figure class=\"wp-block-image\"><img loading=\"lazy\" decoding=\"async\" width=\"500\" height=\"500\" src=\"https:\/\/www.cocondedecoration.com\/blog\/wp-content\/uploads\/2023\/06\/motif-estival-decoration-grenade-9.jpeg\" alt=\"motif estival decoration grenade Panier \u00e0 linge en coton imprim\u00e9 grenades multicolores H57\" class=\"wp-image-61061\" srcset=\"https:\/\/www.cocondedecoration.com\/blog\/wp-content\/uploads\/2023\/06\/motif-estival-decoration-grenade-9.jpeg 500w, https:\/\/www.cocondedecoration.com\/blog\/wp-content\/uploads\/2023\/06\/motif-estival-decoration-grenade-9-165x165.jpeg 165w, https:\/\/www.cocondedecoration.com\/blog\/wp-content\/uploads\/2023\/06\/motif-estival-decoration-grenade-9-260x260.jpeg 260w, https:\/\/www.cocondedecoration.com\/blog\/wp-content\/uploads\/2023\/06\/motif-estival-decoration-grenade-9-465x465.jpeg 465w\" sizes=\"(max-width: 500px) 100vw, 500px\" \/><figcaption><a href=\"https:\/\/fnty.co\/c\/r-ZYIUflhV\" target=\"_blank\" rel=\"noreferrer noopener\" aria-label=\"Panier \u00e0 linge en coton imprim\u00e9 grenades  (s\u2019ouvre dans un nouvel onglet)\">Panier \u00e0 linge en coton imprim\u00e9 grenades <\/a>- Maisons du Monde<\/figcaption><\/figure>\n\n\n\n<figure class=\"wp-block-image\"><img loading=\"lazy\" decoding=\"async\" width=\"500\" height=\"500\" src=\"https:\/\/www.cocondedecoration.com\/blog\/wp-content\/uploads\/2023\/06\/motif-estival-decoration-grenade-13.jpeg\" alt=\"motif estival decoration grenade Serviettes en papier motifs grenades\" class=\"wp-image-61065\" srcset=\"https:\/\/www.cocondedecoration.com\/blog\/wp-content\/uploads\/2023\/06\/motif-estival-decoration-grenade-13.jpeg 500w, https:\/\/www.cocondedecoration.com\/blog\/wp-content\/uploads\/2023\/06\/motif-estival-decoration-grenade-13-165x165.jpeg 165w, https:\/\/www.cocondedecoration.com\/blog\/wp-content\/uploads\/2023\/06\/motif-estival-decoration-grenade-13-260x260.jpeg 260w, https:\/\/www.cocondedecoration.com\/blog\/wp-content\/uploads\/2023\/06\/motif-estival-decoration-grenade-13-465x465.jpeg 465w\" sizes=\"(max-width: 500px) 100vw, 500px\" \/><figcaption><a href=\"https:\/\/fnty.co\/c\/r-zUhjyQnI\" target=\"_blank\" rel=\"noreferrer noopener\" aria-label=\"Serviettes en papier motifs grenades (s\u2019ouvre dans un nouvel onglet)\">Serviettes en papier motifs grenades<\/a> - Maisons du Monde<\/figcaption><\/figure>\n\n\n\n<figure class=\"wp-block-image\"><img loading=\"lazy\" decoding=\"async\" width=\"500\" height=\"500\" src=\"https:\/\/www.cocondedecoration.com\/blog\/wp-content\/uploads\/2023\/06\/decoration-ete-motif-fruitier-grenade-vacances-3.jpeg\" alt=\"decoration ete motif fruitier grenade vacances Illustration fait main\" class=\"wp-image-61069\" srcset=\"https:\/\/www.cocondedecoration.com\/blog\/wp-content\/uploads\/2023\/06\/decoration-ete-motif-fruitier-grenade-vacances-3.jpeg 500w, https:\/\/www.cocondedecoration.com\/blog\/wp-content\/uploads\/2023\/06\/decoration-ete-motif-fruitier-grenade-vacances-3-165x165.jpeg 165w, https:\/\/www.cocondedecoration.com\/blog\/wp-content\/uploads\/2023\/06\/decoration-ete-motif-fruitier-grenade-vacances-3-260x260.jpeg 260w, https:\/\/www.cocondedecoration.com\/blog\/wp-content\/uploads\/2023\/06\/decoration-ete-motif-fruitier-grenade-vacances-3-465x465.jpeg 465w\" sizes=\"(max-width: 500px) 100vw, 500px\" \/><figcaption><a href=\"https:\/\/tidd.ly\/3qqgU0L\" target=\"_blank\" rel=\"noreferrer noopener\" aria-label=\"Illustration fait main  (s\u2019ouvre dans un nouvel onglet)\">Illustration fait main <\/a>- Etsy<\/figcaption><\/figure>\n\n\n\n<figure class=\"wp-block-image\"><img loading=\"lazy\" decoding=\"async\" width=\"500\" height=\"500\" src=\"https:\/\/www.cocondedecoration.com\/blog\/wp-content\/uploads\/2023\/06\/decoration-ete-motif-fruitier-grenade-vacances-7.jpeg\" alt=\"decoration ete motif fruitier grenade vacances Papier d'emballage Art Nouveau Pomegranate William Morris\" class=\"wp-image-61073\" srcset=\"https:\/\/www.cocondedecoration.com\/blog\/wp-content\/uploads\/2023\/06\/decoration-ete-motif-fruitier-grenade-vacances-7.jpeg 500w, https:\/\/www.cocondedecoration.com\/blog\/wp-content\/uploads\/2023\/06\/decoration-ete-motif-fruitier-grenade-vacances-7-165x165.jpeg 165w, https:\/\/www.cocondedecoration.com\/blog\/wp-content\/uploads\/2023\/06\/decoration-ete-motif-fruitier-grenade-vacances-7-260x260.jpeg 260w, https:\/\/www.cocondedecoration.com\/blog\/wp-content\/uploads\/2023\/06\/decoration-ete-motif-fruitier-grenade-vacances-7-465x465.jpeg 465w\" sizes=\"(max-width: 500px) 100vw, 500px\" \/><figcaption><a href=\"https:\/\/tidd.ly\/3oHZ1Kc\" target=\"_blank\" rel=\"noreferrer noopener\" aria-label=\"Papier d'emballage Art Nouveau Pomegranate William Morris  (s\u2019ouvre dans un nouvel onglet)\">Papier d'emballage Art Nouveau Pomegranate William Morris <\/a>- Etsy<\/figcaption><\/figure>\n<\/div>\n\n\n\n<div class=\"wp-block-column is-layout-flow wp-block-column-is-layout-flow\">\n<figure class=\"wp-block-image\"><img loading=\"lazy\" decoding=\"async\" width=\"500\" height=\"500\" src=\"https:\/\/www.cocondedecoration.com\/blog\/wp-content\/uploads\/2023\/06\/decoration-ete-motif-fruitier-grenade-vacances-4.jpeg\" alt=\"decoration ete motif fruitier grenade vacances illustration imprim\u00e9e sur papier\" class=\"wp-image-61070\" srcset=\"https:\/\/www.cocondedecoration.com\/blog\/wp-content\/uploads\/2023\/06\/decoration-ete-motif-fruitier-grenade-vacances-4.jpeg 500w, https:\/\/www.cocondedecoration.com\/blog\/wp-content\/uploads\/2023\/06\/decoration-ete-motif-fruitier-grenade-vacances-4-165x165.jpeg 165w, https:\/\/www.cocondedecoration.com\/blog\/wp-content\/uploads\/2023\/06\/decoration-ete-motif-fruitier-grenade-vacances-4-260x260.jpeg 260w, https:\/\/www.cocondedecoration.com\/blog\/wp-content\/uploads\/2023\/06\/decoration-ete-motif-fruitier-grenade-vacances-4-465x465.jpeg 465w\" sizes=\"(max-width: 500px) 100vw, 500px\" \/><figcaption><a href=\"https:\/\/tidd.ly\/3oIAnsW\" target=\"_blank\" rel=\"noreferrer noopener\" aria-label=\"Illustration imprim\u00e9e sur papier  (s\u2019ouvre dans un nouvel onglet)\">Illustration imprim\u00e9e sur papier <\/a>- Etsy <\/figcaption><\/figure>\n\n\n\n<figure class=\"wp-block-image\"><img loading=\"lazy\" decoding=\"async\" width=\"500\" height=\"500\" src=\"https:\/\/www.cocondedecoration.com\/blog\/wp-content\/uploads\/2023\/06\/motif-estival-decoration-grenade-2.jpeg\" alt=\"motif estival decoration grenade Affiche Nacnic Grenade En Couleur. Fruits, L\u00e9gumes Et Illustrations Alimentaires Saines En Aquarelle\" class=\"wp-image-61054\" srcset=\"https:\/\/www.cocondedecoration.com\/blog\/wp-content\/uploads\/2023\/06\/motif-estival-decoration-grenade-2.jpeg 500w, https:\/\/www.cocondedecoration.com\/blog\/wp-content\/uploads\/2023\/06\/motif-estival-decoration-grenade-2-165x165.jpeg 165w, https:\/\/www.cocondedecoration.com\/blog\/wp-content\/uploads\/2023\/06\/motif-estival-decoration-grenade-2-260x260.jpeg 260w, https:\/\/www.cocondedecoration.com\/blog\/wp-content\/uploads\/2023\/06\/motif-estival-decoration-grenade-2-465x465.jpeg 465w\" sizes=\"(max-width: 500px) 100vw, 500px\" \/><figcaption><a href=\"https:\/\/tidd.ly\/43HEeoU\" target=\"_blank\" rel=\"noreferrer noopener\" aria-label=\"Affiche Grenade En Aquarelle (s\u2019ouvre dans un nouvel onglet)\">Affiche Grenade En Aquarelle<\/a> - Leroy Merlin <\/figcaption><\/figure>\n\n\n\n<figure class=\"wp-block-image\"><img loading=\"lazy\" decoding=\"async\" width=\"500\" height=\"500\" src=\"https:\/\/www.cocondedecoration.com\/blog\/wp-content\/uploads\/2023\/06\/motif-estival-decoration-grenade-10.jpeg\" alt=\"motif estival decoration grenade Vase en dolomite orange motif grenades H28\" class=\"wp-image-61062\" srcset=\"https:\/\/www.cocondedecoration.com\/blog\/wp-content\/uploads\/2023\/06\/motif-estival-decoration-grenade-10.jpeg 500w, https:\/\/www.cocondedecoration.com\/blog\/wp-content\/uploads\/2023\/06\/motif-estival-decoration-grenade-10-165x165.jpeg 165w, https:\/\/www.cocondedecoration.com\/blog\/wp-content\/uploads\/2023\/06\/motif-estival-decoration-grenade-10-260x260.jpeg 260w, https:\/\/www.cocondedecoration.com\/blog\/wp-content\/uploads\/2023\/06\/motif-estival-decoration-grenade-10-465x465.jpeg 465w\" sizes=\"(max-width: 500px) 100vw, 500px\" \/><figcaption><a href=\"https:\/\/fnty.co\/c\/r-LnoSxxVF\" target=\"_blank\" rel=\"noreferrer noopener\" aria-label=\"Vase en dolomite orange motif grenades (s\u2019ouvre dans un nouvel onglet)\">Vase en dolomite orange motif grenades<\/a> - Maisons du Monde<\/figcaption><\/figure>\n\n\n\n<figure class=\"wp-block-image\"><img loading=\"lazy\" decoding=\"async\" width=\"500\" height=\"500\" src=\"https:\/\/www.cocondedecoration.com\/blog\/wp-content\/uploads\/2023\/06\/motif-estival-decoration-grenade-14.jpeg\" alt=\"motif estival decoration grenade Planche en gr\u00e8s motifs grenades verts, orange et roses L17\" class=\"wp-image-61066\" srcset=\"https:\/\/www.cocondedecoration.com\/blog\/wp-content\/uploads\/2023\/06\/motif-estival-decoration-grenade-14.jpeg 500w, https:\/\/www.cocondedecoration.com\/blog\/wp-content\/uploads\/2023\/06\/motif-estival-decoration-grenade-14-165x165.jpeg 165w, https:\/\/www.cocondedecoration.com\/blog\/wp-content\/uploads\/2023\/06\/motif-estival-decoration-grenade-14-260x260.jpeg 260w, https:\/\/www.cocondedecoration.com\/blog\/wp-content\/uploads\/2023\/06\/motif-estival-decoration-grenade-14-465x465.jpeg 465w\" sizes=\"(max-width: 500px) 100vw, 500px\" \/><figcaption><a href=\"https:\/\/fnty.co\/c\/r-wqDzdZXF\" target=\"_blank\" rel=\"noreferrer noopener\" aria-label=\"Planche en gr\u00e8s motifs grenades verts, orange et roses (s\u2019ouvre dans un nouvel onglet)\">Planche en gr\u00e8s motifs grenades verts, orange et roses<\/a> - Maisons du Monde<\/figcaption><\/figure>\n\n\n\n<figure class=\"wp-block-image\"><img loading=\"lazy\" decoding=\"async\" width=\"500\" height=\"500\" src=\"https:\/\/www.cocondedecoration.com\/blog\/wp-content\/uploads\/2023\/06\/decoration-ete-motif-fruitier-grenade-vacances-8.jpeg\" alt=\"decoration ete motif fruitier grenade vacances Taie d'oreiller brod\u00e9e Suzani Boho\" class=\"wp-image-61074\" srcset=\"https:\/\/www.cocondedecoration.com\/blog\/wp-content\/uploads\/2023\/06\/decoration-ete-motif-fruitier-grenade-vacances-8.jpeg 500w, https:\/\/www.cocondedecoration.com\/blog\/wp-content\/uploads\/2023\/06\/decoration-ete-motif-fruitier-grenade-vacances-8-165x165.jpeg 165w, https:\/\/www.cocondedecoration.com\/blog\/wp-content\/uploads\/2023\/06\/decoration-ete-motif-fruitier-grenade-vacances-8-260x260.jpeg 260w, https:\/\/www.cocondedecoration.com\/blog\/wp-content\/uploads\/2023\/06\/decoration-ete-motif-fruitier-grenade-vacances-8-465x465.jpeg 465w\" sizes=\"(max-width: 500px) 100vw, 500px\" \/><figcaption><a href=\"https:\/\/tidd.ly\/45J56Xo\" target=\"_blank\" rel=\"noreferrer noopener\" aria-label=\"Taie d'oreiller brod\u00e9e Suzani Boho (s\u2019ouvre dans un nouvel onglet)\">Taie d'oreiller brod\u00e9e Suzani Boho<\/a> - Etsy <\/figcaption><\/figure>\n\n\n\n<figure class=\"wp-block-image\"><img loading=\"lazy\" decoding=\"async\" width=\"500\" height=\"500\" src=\"https:\/\/www.cocondedecoration.com\/blog\/wp-content\/uploads\/2023\/06\/decoration-ete-motif-fruitier-grenade-vacances-12.jpeg\" alt=\"decoration ete motif fruitier grenade vacances Grenade ornementale en c\u00e9ramique rouge, d\u00e9cor mural\" class=\"wp-image-61078\" srcset=\"https:\/\/www.cocondedecoration.com\/blog\/wp-content\/uploads\/2023\/06\/decoration-ete-motif-fruitier-grenade-vacances-12.jpeg 500w, https:\/\/www.cocondedecoration.com\/blog\/wp-content\/uploads\/2023\/06\/decoration-ete-motif-fruitier-grenade-vacances-12-165x165.jpeg 165w, https:\/\/www.cocondedecoration.com\/blog\/wp-content\/uploads\/2023\/06\/decoration-ete-motif-fruitier-grenade-vacances-12-260x260.jpeg 260w, https:\/\/www.cocondedecoration.com\/blog\/wp-content\/uploads\/2023\/06\/decoration-ete-motif-fruitier-grenade-vacances-12-465x465.jpeg 465w\" sizes=\"(max-width: 500px) 100vw, 500px\" \/><figcaption><a href=\"https:\/\/tidd.ly\/3N9S91H\" target=\"_blank\" rel=\"noreferrer noopener\" aria-label=\"Grenade ornementale en c\u00e9ramique rouge, d\u00e9cor mural (s\u2019ouvre dans un nouvel onglet)\">Grenade ornementale en c\u00e9ramique rouge, d\u00e9cor mural<\/a> - Etsy<\/figcaption><\/figure>\n<\/div>\n\n\n\n<div class=\"wp-block-column is-layout-flow wp-block-column-is-layout-flow\">\n<figure class=\"wp-block-image\"><img loading=\"lazy\" decoding=\"async\" width=\"500\" height=\"500\" src=\"https:\/\/www.cocondedecoration.com\/blog\/wp-content\/uploads\/2023\/06\/motif-estival-decoration-grenade-3.jpeg\" alt=\"motif estival decoration grenade Affiche grenade couleur pop d\u00e9cor mur\" class=\"wp-image-61055\" srcset=\"https:\/\/www.cocondedecoration.com\/blog\/wp-content\/uploads\/2023\/06\/motif-estival-decoration-grenade-3.jpeg 500w, https:\/\/www.cocondedecoration.com\/blog\/wp-content\/uploads\/2023\/06\/motif-estival-decoration-grenade-3-165x165.jpeg 165w, https:\/\/www.cocondedecoration.com\/blog\/wp-content\/uploads\/2023\/06\/motif-estival-decoration-grenade-3-260x260.jpeg 260w, https:\/\/www.cocondedecoration.com\/blog\/wp-content\/uploads\/2023\/06\/motif-estival-decoration-grenade-3-465x465.jpeg 465w\" sizes=\"(max-width: 500px) 100vw, 500px\" \/><figcaption><a href=\"https:\/\/tidd.ly\/3NbjPmX\" target=\"_blank\" rel=\"noreferrer noopener\" aria-label=\"Affiche grenade couleur pop (s\u2019ouvre dans un nouvel onglet)\">Affiche grenade couleur pop<\/a> - Leroy Merlin <\/figcaption><\/figure>\n\n\n\n<figure class=\"wp-block-image\"><img loading=\"lazy\" decoding=\"async\" width=\"500\" height=\"500\" src=\"https:\/\/www.cocondedecoration.com\/blog\/wp-content\/uploads\/2023\/06\/decoration-ete-motif-fruitier-grenade-vacances-5.jpeg\" alt=\"decoration ete motif fruitier grenade vacances Taie d'oreiller Suzani brod\u00e9e Boho Rouge Bleu Vert\" class=\"wp-image-61071\" srcset=\"https:\/\/www.cocondedecoration.com\/blog\/wp-content\/uploads\/2023\/06\/decoration-ete-motif-fruitier-grenade-vacances-5.jpeg 500w, https:\/\/www.cocondedecoration.com\/blog\/wp-content\/uploads\/2023\/06\/decoration-ete-motif-fruitier-grenade-vacances-5-165x165.jpeg 165w, https:\/\/www.cocondedecoration.com\/blog\/wp-content\/uploads\/2023\/06\/decoration-ete-motif-fruitier-grenade-vacances-5-260x260.jpeg 260w, https:\/\/www.cocondedecoration.com\/blog\/wp-content\/uploads\/2023\/06\/decoration-ete-motif-fruitier-grenade-vacances-5-465x465.jpeg 465w\" sizes=\"(max-width: 500px) 100vw, 500px\" \/><figcaption><a href=\"https:\/\/tidd.ly\/3WNb4T4\" target=\"_blank\" rel=\"noreferrer noopener\" aria-label=\"Taie d'oreiller brod\u00e9e Boho Rouge Bleu Vert (s\u2019ouvre dans un nouvel onglet)\">Taie d'oreiller brod\u00e9e Boho Rouge Bleu Vert<\/a> - Etsy <\/figcaption><\/figure>\n\n\n\n<figure class=\"wp-block-image\"><img loading=\"lazy\" decoding=\"async\" width=\"500\" height=\"500\" src=\"https:\/\/www.cocondedecoration.com\/blog\/wp-content\/uploads\/2023\/06\/decoration-ete-motif-fruitier-grenade-vacances-13.jpeg\" alt=\"decoration ete motif fruitier grenade vacances Grenade en c\u00e9ramique - pi\u00e8ce d'argile faite \u00e0 la main en Espagne\" class=\"wp-image-61079\" srcset=\"https:\/\/www.cocondedecoration.com\/blog\/wp-content\/uploads\/2023\/06\/decoration-ete-motif-fruitier-grenade-vacances-13.jpeg 500w, https:\/\/www.cocondedecoration.com\/blog\/wp-content\/uploads\/2023\/06\/decoration-ete-motif-fruitier-grenade-vacances-13-165x165.jpeg 165w, https:\/\/www.cocondedecoration.com\/blog\/wp-content\/uploads\/2023\/06\/decoration-ete-motif-fruitier-grenade-vacances-13-260x260.jpeg 260w, https:\/\/www.cocondedecoration.com\/blog\/wp-content\/uploads\/2023\/06\/decoration-ete-motif-fruitier-grenade-vacances-13-465x465.jpeg 465w\" sizes=\"(max-width: 500px) 100vw, 500px\" \/><figcaption><a href=\"https:\/\/tidd.ly\/3NbnEsk\" target=\"_blank\" rel=\"noreferrer noopener\" aria-label=\"Grenade en c\u00e9ramique faite \u00e0 la main en Espagne (s\u2019ouvre dans un nouvel onglet)\">Grenade en c\u00e9ramique faite \u00e0 la main en Espagne<\/a> - Etsy <\/figcaption><\/figure>\n\n\n\n<figure class=\"wp-block-image\"><img loading=\"lazy\" decoding=\"async\" width=\"500\" height=\"500\" src=\"https:\/\/www.cocondedecoration.com\/blog\/wp-content\/uploads\/2023\/06\/motif-estival-decoration-grenade-11.jpeg\" alt=\"motif estival decoration grenade Porte-serviettes en gr\u00e8s motifs grenades verts, orange et roses - Lot de 2\" class=\"wp-image-61063\" srcset=\"https:\/\/www.cocondedecoration.com\/blog\/wp-content\/uploads\/2023\/06\/motif-estival-decoration-grenade-11.jpeg 500w, https:\/\/www.cocondedecoration.com\/blog\/wp-content\/uploads\/2023\/06\/motif-estival-decoration-grenade-11-165x165.jpeg 165w, https:\/\/www.cocondedecoration.com\/blog\/wp-content\/uploads\/2023\/06\/motif-estival-decoration-grenade-11-260x260.jpeg 260w, https:\/\/www.cocondedecoration.com\/blog\/wp-content\/uploads\/2023\/06\/motif-estival-decoration-grenade-11-465x465.jpeg 465w\" sizes=\"(max-width: 500px) 100vw, 500px\" \/><figcaption><a href=\"https:\/\/fnty.co\/c\/r-wHQgWiaf\" target=\"_blank\" rel=\"noreferrer noopener\" aria-label=\"Porte-serviettes en gr\u00e8s motifs grenades (x2) (s\u2019ouvre dans un nouvel onglet)\">Porte-serviettes en gr\u00e8s motifs grenades (x2)<\/a> - Maisons du Monde<\/figcaption><\/figure>\n\n\n\n<figure class=\"wp-block-image\"><img loading=\"lazy\" decoding=\"async\" width=\"500\" height=\"500\" src=\"https:\/\/www.cocondedecoration.com\/blog\/wp-content\/uploads\/2023\/06\/decoration-ete-motif-fruitier-grenade-vacances-1.jpeg\" alt=\"decoration ete motif fruitier grenade vacances coussin brod\u00e9 fond noir\" class=\"wp-image-61067\" srcset=\"https:\/\/www.cocondedecoration.com\/blog\/wp-content\/uploads\/2023\/06\/decoration-ete-motif-fruitier-grenade-vacances-1.jpeg 500w, https:\/\/www.cocondedecoration.com\/blog\/wp-content\/uploads\/2023\/06\/decoration-ete-motif-fruitier-grenade-vacances-1-165x165.jpeg 165w, https:\/\/www.cocondedecoration.com\/blog\/wp-content\/uploads\/2023\/06\/decoration-ete-motif-fruitier-grenade-vacances-1-260x260.jpeg 260w, https:\/\/www.cocondedecoration.com\/blog\/wp-content\/uploads\/2023\/06\/decoration-ete-motif-fruitier-grenade-vacances-1-465x465.jpeg 465w\" sizes=\"(max-width: 500px) 100vw, 500px\" \/><figcaption><a href=\"https:\/\/tidd.ly\/3N8HrHJ\" target=\"_blank\" rel=\"noreferrer noopener\" aria-label=\"Coussin brod\u00e9 (s\u2019ouvre dans un nouvel onglet)\">Coussin brod\u00e9<\/a> - Etsy<\/figcaption><\/figure>\n\n\n\n<figure class=\"wp-block-image\"><img loading=\"lazy\" decoding=\"async\" width=\"500\" height=\"500\" src=\"https:\/\/www.cocondedecoration.com\/blog\/wp-content\/uploads\/2023\/06\/decoration-ete-motif-fruitier-grenade-vacances-9.jpeg\" alt=\"decoration ete motif fruitier grenade vacances Accrochage mural \u00e0 la grenade Grece Turquie\" class=\"wp-image-61075\" srcset=\"https:\/\/www.cocondedecoration.com\/blog\/wp-content\/uploads\/2023\/06\/decoration-ete-motif-fruitier-grenade-vacances-9.jpeg 500w, https:\/\/www.cocondedecoration.com\/blog\/wp-content\/uploads\/2023\/06\/decoration-ete-motif-fruitier-grenade-vacances-9-165x165.jpeg 165w, https:\/\/www.cocondedecoration.com\/blog\/wp-content\/uploads\/2023\/06\/decoration-ete-motif-fruitier-grenade-vacances-9-260x260.jpeg 260w, https:\/\/www.cocondedecoration.com\/blog\/wp-content\/uploads\/2023\/06\/decoration-ete-motif-fruitier-grenade-vacances-9-465x465.jpeg 465w\" sizes=\"(max-width: 500px) 100vw, 500px\" \/><figcaption><a href=\"https:\/\/tidd.ly\/3IQJ37q\" target=\"_blank\" rel=\"noreferrer noopener\" aria-label=\"Accrochage murale grenade (s\u2019ouvre dans un nouvel onglet)\">Accrochage murale grenade<\/a> - Etsy<\/figcaption><\/figure>\n<\/div>\n\n\n\n<div class=\"wp-block-column is-layout-flow wp-block-column-is-layout-flow\">\n<figure class=\"wp-block-image\"><img loading=\"lazy\" decoding=\"async\" width=\"500\" height=\"500\" src=\"https:\/\/www.cocondedecoration.com\/blog\/wp-content\/uploads\/2023\/06\/decoration-ete-motif-fruitier-grenade-vacances-6.jpeg\" alt=\"decoration ete motif fruitier grenade vacances Vase en verre fait \u00e0 la main en forme de grenade, d\u00e9coration de la maison\" class=\"wp-image-61072\" srcset=\"https:\/\/www.cocondedecoration.com\/blog\/wp-content\/uploads\/2023\/06\/decoration-ete-motif-fruitier-grenade-vacances-6.jpeg 500w, https:\/\/www.cocondedecoration.com\/blog\/wp-content\/uploads\/2023\/06\/decoration-ete-motif-fruitier-grenade-vacances-6-165x165.jpeg 165w, https:\/\/www.cocondedecoration.com\/blog\/wp-content\/uploads\/2023\/06\/decoration-ete-motif-fruitier-grenade-vacances-6-260x260.jpeg 260w, https:\/\/www.cocondedecoration.com\/blog\/wp-content\/uploads\/2023\/06\/decoration-ete-motif-fruitier-grenade-vacances-6-465x465.jpeg 465w\" sizes=\"(max-width: 500px) 100vw, 500px\" \/><figcaption><a href=\"https:\/\/tidd.ly\/3IYGaS3\" target=\"_blank\" rel=\"noreferrer noopener\" aria-label=\"Vase en verre fait \u00e0 la main en forme de grenade (s\u2019ouvre dans un nouvel onglet)\">Vase en verre fait \u00e0 la main en forme de grenade<\/a> - Etsy<\/figcaption><\/figure>\n\n\n\n<figure class=\"wp-block-image\"><img loading=\"lazy\" decoding=\"async\" width=\"500\" height=\"500\" src=\"https:\/\/www.cocondedecoration.com\/blog\/wp-content\/uploads\/2023\/06\/motif-estival-decoration-grenade-8.jpeg\" alt=\"motif estival decoration grenade Lunchbox en verre couvercle en bambou motifs grenades verts, orange et roses\" class=\"wp-image-61060\" srcset=\"https:\/\/www.cocondedecoration.com\/blog\/wp-content\/uploads\/2023\/06\/motif-estival-decoration-grenade-8.jpeg 500w, https:\/\/www.cocondedecoration.com\/blog\/wp-content\/uploads\/2023\/06\/motif-estival-decoration-grenade-8-165x165.jpeg 165w, https:\/\/www.cocondedecoration.com\/blog\/wp-content\/uploads\/2023\/06\/motif-estival-decoration-grenade-8-260x260.jpeg 260w, https:\/\/www.cocondedecoration.com\/blog\/wp-content\/uploads\/2023\/06\/motif-estival-decoration-grenade-8-465x465.jpeg 465w\" sizes=\"(max-width: 500px) 100vw, 500px\" \/><figcaption><a href=\"https:\/\/fnty.co\/c\/r-DmvyyPfj\" target=\"_blank\" rel=\"noreferrer noopener\" aria-label=\"Lunchbox en verre couvercle en bambou (s\u2019ouvre dans un nouvel onglet)\">Lunchbox en verre couvercle en bambou<\/a> - Maisons du Monde<\/figcaption><\/figure>\n\n\n\n<figure class=\"wp-block-image\"><img loading=\"lazy\" decoding=\"async\" width=\"500\" height=\"500\" src=\"https:\/\/www.cocondedecoration.com\/blog\/wp-content\/uploads\/2023\/06\/motif-estival-decoration-grenade-12.jpeg\" alt=\"motif estival decoration grenade Bougie parfum\u00e9e en c\u00e9ramique motifs grenades orange, rose et verte\" class=\"wp-image-61064\" srcset=\"https:\/\/www.cocondedecoration.com\/blog\/wp-content\/uploads\/2023\/06\/motif-estival-decoration-grenade-12.jpeg 500w, https:\/\/www.cocondedecoration.com\/blog\/wp-content\/uploads\/2023\/06\/motif-estival-decoration-grenade-12-165x165.jpeg 165w, https:\/\/www.cocondedecoration.com\/blog\/wp-content\/uploads\/2023\/06\/motif-estival-decoration-grenade-12-260x260.jpeg 260w, https:\/\/www.cocondedecoration.com\/blog\/wp-content\/uploads\/2023\/06\/motif-estival-decoration-grenade-12-465x465.jpeg 465w\" sizes=\"(max-width: 500px) 100vw, 500px\" \/><figcaption><a href=\"https:\/\/fnty.co\/c\/r-mFdILAiI\" target=\"_blank\" rel=\"noreferrer noopener\" aria-label=\"Bougie parfum\u00e9e en c\u00e9ramique motifs grenades (s\u2019ouvre dans un nouvel onglet)\">Bougie parfum\u00e9e en c\u00e9ramique motifs grenades<\/a> - Maisons du Monde<\/figcaption><\/figure>\n\n\n\n<figure class=\"wp-block-image\"><img loading=\"lazy\" decoding=\"async\" width=\"500\" height=\"500\" src=\"https:\/\/www.cocondedecoration.com\/blog\/wp-content\/uploads\/2023\/06\/decoration-ete-motif-fruitier-grenade-vacances-2.jpeg\" alt=\"decoration ete motif fruitier grenade vacances Affiche D\u00e9coration Murale Art Mural Fleur Fleur Jaune\" class=\"wp-image-61068\" srcset=\"https:\/\/www.cocondedecoration.com\/blog\/wp-content\/uploads\/2023\/06\/decoration-ete-motif-fruitier-grenade-vacances-2.jpeg 500w, https:\/\/www.cocondedecoration.com\/blog\/wp-content\/uploads\/2023\/06\/decoration-ete-motif-fruitier-grenade-vacances-2-165x165.jpeg 165w, https:\/\/www.cocondedecoration.com\/blog\/wp-content\/uploads\/2023\/06\/decoration-ete-motif-fruitier-grenade-vacances-2-260x260.jpeg 260w, https:\/\/www.cocondedecoration.com\/blog\/wp-content\/uploads\/2023\/06\/decoration-ete-motif-fruitier-grenade-vacances-2-465x465.jpeg 465w\" sizes=\"(max-width: 500px) 100vw, 500px\" \/><figcaption><a href=\"https:\/\/tidd.ly\/45N7lJA\" target=\"_blank\" rel=\"noreferrer noopener\" aria-label=\"Affiche D\u00e9coration Murale (s\u2019ouvre dans un nouvel onglet)\">Affiche D\u00e9coration Murale<\/a> - Etsy<\/figcaption><\/figure>\n\n\n\n<figure class=\"wp-block-image\"><img loading=\"lazy\" decoding=\"async\" width=\"500\" height=\"500\" src=\"https:\/\/www.cocondedecoration.com\/blog\/wp-content\/uploads\/2023\/06\/decoration-ete-motif-fruitier-grenade-vacances-10.jpeg\" alt=\"decoration ete motif fruitier grenade vacances Tenture murale chemin de table brod\u00e9\" class=\"wp-image-61076\" srcset=\"https:\/\/www.cocondedecoration.com\/blog\/wp-content\/uploads\/2023\/06\/decoration-ete-motif-fruitier-grenade-vacances-10.jpeg 500w, https:\/\/www.cocondedecoration.com\/blog\/wp-content\/uploads\/2023\/06\/decoration-ete-motif-fruitier-grenade-vacances-10-165x165.jpeg 165w, https:\/\/www.cocondedecoration.com\/blog\/wp-content\/uploads\/2023\/06\/decoration-ete-motif-fruitier-grenade-vacances-10-260x260.jpeg 260w, https:\/\/www.cocondedecoration.com\/blog\/wp-content\/uploads\/2023\/06\/decoration-ete-motif-fruitier-grenade-vacances-10-465x465.jpeg 465w\" sizes=\"(max-width: 500px) 100vw, 500px\" \/><figcaption><a href=\"https:\/\/tidd.ly\/43zUrfK\" target=\"_blank\" rel=\"noreferrer noopener\" aria-label=\"Chemin de table \/ Tenture murale (s\u2019ouvre dans un nouvel onglet)\">Chemin de table \/ Tenture murale<\/a> - Etsy<\/figcaption><\/figure>\n\n\n\n<figure class=\"wp-block-image\"><img loading=\"lazy\" decoding=\"async\" width=\"500\" height=\"500\" src=\"https:\/\/www.cocondedecoration.com\/blog\/wp-content\/uploads\/2023\/06\/decoration-ete-motif-fruitier-grenade-vacances-14.jpeg\" alt=\"decoration ete motif fruitier grenade vacances Vase sur le th\u00e8me de la grenade rouge\" class=\"wp-image-61080\" srcset=\"https:\/\/www.cocondedecoration.com\/blog\/wp-content\/uploads\/2023\/06\/decoration-ete-motif-fruitier-grenade-vacances-14.jpeg 500w, https:\/\/www.cocondedecoration.com\/blog\/wp-content\/uploads\/2023\/06\/decoration-ete-motif-fruitier-grenade-vacances-14-165x165.jpeg 165w, https:\/\/www.cocondedecoration.com\/blog\/wp-content\/uploads\/2023\/06\/decoration-ete-motif-fruitier-grenade-vacances-14-260x260.jpeg 260w, https:\/\/www.cocondedecoration.com\/blog\/wp-content\/uploads\/2023\/06\/decoration-ete-motif-fruitier-grenade-vacances-14-465x465.jpeg 465w\" sizes=\"(max-width: 500px) 100vw, 500px\" \/><figcaption><a href=\"https:\/\/tidd.ly\/43ErKyj\" target=\"_blank\" rel=\"noreferrer noopener\" aria-label=\"Vase sur le th\u00e8me de la grenade rouge (s\u2019ouvre dans un nouvel onglet)\">Vase sur le th\u00e8me de la grenade rouge<\/a> - Etsy <\/figcaption><\/figure>\n<\/div>\n<\/div>\n\n\n\n<h2 class=\"wp-block-heading\">La grenade - fruits de vacances &amp; de soleil<\/h2>\n\n\n\n<p>J'aime la l\u00e9g\u00e8ret\u00e9. Quand j'ai eu l'id\u00e9e de cet article, il y a plusieurs semaines, c'\u00e9tait dans cette dynamique. Vous proposer un joli motif color\u00e9 qui fleure bon les vacances au soleil et l'\u00e9t\u00e9. <br>La grenade est un fruit qui fait globalement partie de mon quotidien en Asie m\u00eame si au final j'en mange que tr\u00e8s rarement. <br>Toujours dans cette id\u00e9e de l\u00e9g\u00e8ret\u00e9, j'allais vous parler du vin de grenade. Je vous le conseille vivement m\u00eame si vous n'aimez pas trop le vin rouge. On en a gout\u00e9 (plusieurs fois pour \u00eatre s\u00fbrs!) en Arm\u00e9nie. M\u00eame dans sa version semi-sweet (demi-sec), c'est un vin assez sucr\u00e9. Cela change des vins qu'on a en France (et c'est quand m\u00eame meilleur que le Beaujolais nouveau qui parfois offre des nuances de fruits. <\/p>\n\n\n\n<h2 class=\"wp-block-heading\">La grenade - un fruit riche en symbolisme <\/h2>\n\n\n\n<p>Et puis, par curiosit\u00e9, j'ai voulu savoir si la grenade avait un symbolisme particulier. Adieu l\u00e9g\u00e8ret\u00e9, j'ai ouvert la boite de Pandore! M\u00eame si je l'ai bien cherch\u00e9, je ne m'attendais pas \u00e0 trouver tant de symbolisme pour un fruit qui de nos jours est souvent synonyme d'\u00e9t\u00e9. Je vais vous faire un r\u00e9sum\u00e9 des diff\u00e9rentes significations et si vous voulez creuser le sujet, je vous conseille <a rel=\"noreferrer noopener\" aria-label=\"cet article (s\u2019ouvre dans un nouvel onglet)\" href=\"https:\/\/www.cairn.info\/revue-la-chaine-d-union-2010-1-page-70.htm\" target=\"_blank\">cet article<\/a> plus complet (et vachement moins d\u00e9co). <\/p>\n\n\n\n<ul><li>Dans la Gr\u00e8ce Antique, on a le mythe de Pers\u00e9phone (fille de Zeus &amp; D\u00e9m\u00e9ter). Zeus donne la main de sa fille \u00e0 Had\u00e8s (Enfers) sans en parler \u00e0 sa femme. Had\u00e8s d\u00e9cide de capturer Pers\u00e9phone et l'embarquer en enfer. Elle fait la gr\u00e8ve de la faim. D\u00e9m\u00e9ter furax d\u00e9cide de lancer une bonne famine pour montrer son m\u00e9contentement. Zeus est donc oblig\u00e9 de n\u00e9gocier avec Had\u00e8s pour r\u00e9cup\u00e9rer sa fille. Le dieu des Enfers accepte \u00e0 une condition: que Pers\u00e9phone n'ait rien mang\u00e9. Avant de partir, Had\u00e8s lui offre une grenade. Sur la route, elle craque et mange le fruit. Cons\u00e9quence: Pers\u00e9phone devra passer 6 mois en Enfer et le reste de l'ann\u00e9e, elle pourra \u00eatre sur terre. Ce serait la naissance des saisons. <\/li><li>Dans l'Egypte Antique, la grenade faisait partie des \"offrandes\" laiss\u00e9es avec le mort pour l'accompagner dans son voyage. Ce fruit fait partie donc de la vie \u00e9ternelle. <\/li><li>Dans le zoroastrisme (une religion fascinante \u00e0 plus d'un titre): c'est un fruit aussi qui fait partie de la symbolique de la vie \u00e9ternelle. On place des grains de grenade dans la bouche des morts ou on fait boire du jus de grenade juste avant qu'ils ne d\u00e9c\u00e8dent (vu les rites fun\u00e9raires zoroastriens, on peut se demander si la grenade n'a pas un autre but que religieux...) La grenade chez eux est un fruit qui symbolise l'hiver et qui est utilis\u00e9 pour c\u00e9l\u00e9brer le solstice d'hiver. Des grenadiers sont plant\u00e9s dans les cours de temples, la grenade est symbolis\u00e9e sur l'architecture des lieux de cultes zoroastriens. Pour invoquer l'abondance, on placerait des pi\u00e8ces de monnaie dans une grenade. A l'occasion de ce qu'on pourrait appeler le bapt\u00eame, il est courant de m\u00e2cher des feuilles de grenadiers (purification) et que des grains de grenade soient jet\u00e9s (comme du riz). <\/li><li>Dans l'Islam, la grenade repr\u00e9sente l'union avec le Divin (c'est la m\u00eame chose pour la plupart des religions d'ailleurs). Je trouve jolie l'id\u00e9e que dans chaque grenade se trouverait un grain qui viendrait du paradis. Dans le courant du soufisme, la grenade fait le lien entre l'homme et le divin mais aussi symbolise connaissance et v\u00e9rit\u00e9. Cette unit\u00e9 visuellement se voit \u00e0 travers tous les grains coll\u00e9s les uns aux autres et contenus dans un m\u00eame fruit. Les grains = les croyants unis avec chacun une foi individuelle en dieu. <\/li><li>Plus fun chez les juifs, il y a 613 grains dans une grenade (\u00e7a a \u00e9t\u00e9 compt\u00e9 et en moyenne c'est vrai!) et il y a aussi 613 commandements dans la Torah. Dans les synagogues, il arrive que la Torah soit repr\u00e9sent\u00e9e enroul\u00e9e avec une grenade \u00e0 chaque extr\u00e9mit\u00e9. <\/li><li>Chez les cathos, il y a de nombreuses repr\u00e9sentations de la grenade. Symbole de r\u00e9surrection dans les tableaux de la Vierge et l'Enfant.  Symbole du myst\u00e8re de dieu chez Saint Jean de la Croix. Plus fun, la grenade dans le catholicisme m\u00e9di\u00e9val est relative \u00e0 la chasse \u00e0 la licorne (=dieu). Les vierges seraient les seules \u00e0 pouvoir attraper cet animal mystique et l'accrocher \u00e0 un grenadier. Du coup, la grenade serait symbole de r\u00e9surrection mais j'avoue ne pas vraiment voir le lien (j'avoue aussi ne pas hyper kiffer le catholicisme et ne pas y mettre beaucoup de bonne volont\u00e9 pour voir le lien!) <\/li><li>Dans la religion catho orthodoxe, on rejoint un peu le zoroastrisme avec une boisson bue pendant les fun\u00e9railles qui repr\u00e9senterait la \"douceur de la vie dans l'Au-del\u00e0\". (On en revient \u00e0 mon id\u00e9e de boire du vin arm\u00e9nien \u00e0 la grenade!) <\/li><li>Dans le bouddhisme, la grenade a transform\u00e9 une d\u00e9mone mangeuse d'enfants (Hariti) en m\u00e8re aimante et d\u00e9vou\u00e9e. <\/li><li>Il y a aussi une symbolique \u00e0 retrouver dans le Tarot de Marseille (avec la figure de la Papesse) et dans la Franc Ma\u00e7onnerie (mais \u00e7a je vous laisse lire l'article en lien plus haut). <\/li><\/ul>\n\n\n\n<p>En plus de cette id\u00e9e d'unit\u00e9 avec le divin, la grenade est un vrai couteau suisse de significations. Il peut \u00eatre question de r\u00e9surrection (et donc de renaissance). Il y a aussi l'id\u00e9e de f\u00e9condation, d'harmonie entre l'homme (fruit juteux rond toussa... faites preuve d'imagination) et la femme (fruit f\u00e9cond). Cela dans un monde intrins\u00e8quement patriarcal nous envoie dans le d\u00e9lire du mariage et de la procr\u00e9ation. Tant\u00f4t la grenade repr\u00e9sente le sein de la femme, tant\u00f4t la semence de l'homme. Chez les Grecs et les B\u00e9douins, on pose une grenade sur le pas de la porte pour les noces (quand monsieur ram\u00e8ne madame chez lui). Et Dali quant \u00e0 lui fait jaillir d'une grenade un poisson rouge qui gobe un tigre dans son tableau: <em>R\u00eave caus\u00e9 par le vol d'une abeille autour d'une grenade, une seconde avant l'\u00e9veil<\/em> (1944). <\/p>\n\n\n\n<hr class=\"wp-block-separator\"\/>\n\n\n\n<p class=\"has-text-align-center has-medium-font-size\">Ne perdons pas contact \ud83d\ude42 Rejoignez moi sur <a href=\"https:\/\/www.pinterest.fr\/cocondedeco\/\" target=\"_blank\" rel=\"noopener\" title=\"\">Pinterest<\/a> |\u00a0<a href=\"https:\/\/www.threads.net\/@cocondedeco\" target=\"_blank\" rel=\"noopener\" title=\"\">Threads<\/a> | <a href=\"https:\/\/www.patreon.com\/collection\/162946?view=expanded\" target=\"_blank\" rel=\"noopener\" title=\"\">la Newsletter<\/a> <br>Vous aimez lire le blog? Vous souhaitez continuer \u00e0 le lire? <a href=\"https:\/\/www.patreon.com\/cocondedeco\" target=\"_blank\" rel=\"noopener\" title=\"\">Devenez m\u00e9c\u00e8ne<\/a> sur Patreon et contribuez \u00e0 sa survie. <\/p>\n\n\n\n<hr class=\"wp-block-separator\"\/>\n\n\n\n<div class=\"wp-block-columns has-2-columns is-layout-flex wp-container-core-columns-layout-2 wp-block-columns-is-layout-flex\">\n<div class=\"wp-block-column is-layout-flow wp-block-column-is-layout-flow\">\n<p style=\"text-align:center\" class=\"has-medium-font-size\">A lire \u00e9galement<\/p>\n\n\n<ul class=\"wp-block-latest-posts__list wp-block-latest-posts\"><li><a class=\"wp-block-latest-posts__post-title\" href=\"https:\/\/www.cocondedecoration.com\/blog\/2025\/08\/accessoire-decoratif-rose\/\">Accessoires roses pour une d\u00e9coration douce et voluptueuse<\/a><\/li>\n<li><a class=\"wp-block-latest-posts__post-title\" href=\"https:\/\/www.cocondedecoration.com\/blog\/2025\/03\/paillasson-motif-floral\/\">Paillasson floral, une touche printani\u00e8re \u00e0 votre porte<\/a><\/li>\n<li><a class=\"wp-block-latest-posts__post-title\" href=\"https:\/\/www.cocondedecoration.com\/blog\/2025\/03\/accessoire-decoratif-orange\/\">Le orange: une couleur parfaite pour dynamiser votre d\u00e9co<\/a><\/li>\n<li><a class=\"wp-block-latest-posts__post-title\" href=\"https:\/\/www.cocondedecoration.com\/blog\/2025\/02\/cadeau-saint-valentin\/\">Des cadeaux d\u00e9co en rose et rouge pour la Saint Valentin<\/a><\/li>\n<li><a class=\"wp-block-latest-posts__post-title\" href=\"https:\/\/www.cocondedecoration.com\/blog\/2024\/12\/meuble-decoration-couleur-bleu\/\">Cr\u00e9ez une ambiance \u00e9l\u00e9gante et calme gr\u00e2ce au bleu d\u00e9co<\/a><\/li>\n<li><a class=\"wp-block-latest-posts__post-title\" href=\"https:\/\/www.cocondedecoration.com\/blog\/2024\/12\/bougeoir-photophore-deco\/\">Bougeoirs et photophores: s\u00e9lection pour une d\u00e9co \u00e9l\u00e9gante et cosy<\/a><\/li>\n<li><a class=\"wp-block-latest-posts__post-title\" href=\"https:\/\/www.cocondedecoration.com\/blog\/2024\/11\/cadeau-noel-harry-styles-taylor-swift\/\">Cadeaux pour les fans de Harry Styles et Taylor Swift<\/a><\/li>\n<\/ul><\/div>\n\n\n\n<div class=\"wp-block-column is-layout-flow wp-block-column-is-layout-flow\">\n<p class=\"has-text-align-center has-medium-font-size\" style=\"padding-top:var(--wp--preset--spacing--40);padding-bottom:var(--wp--preset--spacing--40)\"><strong>Devenez m\u00e9c\u00e8ne du blog <\/strong><\/p>\n\n\n\n<hr class=\"wp-block-separator has-alpha-channel-opacity is-style-wide\"\/>\n\n\n\n<p style=\"padding-right:var(--wp--preset--spacing--30);padding-left:var(--wp--preset--spacing--30)\">Soutenez mon travail sur le blog et acc\u00e9dez \u00e0 des contreparties exclusives: <\/p>\n\n\n\n<ul style=\"padding-right:var(--wp--preset--spacing--40);padding-left:var(--wp--preset--spacing--40)\">\n<li>Plusieurs centaines d'articles d\u00e9co, lifestyle &amp; voyage r\u00e9serv\u00e9s aux abonn\u00e9\u2022e\u2022s <\/li>\n\n\n\n<li>Toutes les entr\u00e9es de mon side project - mon dictionnaire nomade <\/li>\n\n\n\n<li>Une publicit\u00e9 limit\u00e9e sur les articles Patreon <\/li>\n<\/ul>\n\n\n\n<div class=\"wp-block-buttons is-content-justification-center is-layout-flex wp-container-core-buttons-layout-1 wp-block-buttons-is-layout-flex\">\n<div class=\"wp-block-button\"><a class=\"wp-block-button__link wp-element-button\" href=\"https:\/\/www.patreon.com\/cocondedeco\" target=\"_blank\" rel=\"noreferrer noopener\">Soutenir le blog maintenant<\/a><\/div>\n<\/div>\n<\/div>\n<\/div>\n\n\n\n<div class=\"wp-block-image\"><figure class=\"aligncenter\"><img loading=\"lazy\" decoding=\"async\" width=\"732\" height=\"488\" src=\"https:\/\/www.cocondedecoration.com\/blog\/wp-content\/uploads\/2023\/06\/decorer-avec-un-motif-grenade.jpeg\" alt=\"decorer avec un motif grenade affiche d\u00e9coration murale textile\" class=\"wp-image-61083\" srcset=\"https:\/\/www.cocondedecoration.com\/blog\/wp-content\/uploads\/2023\/06\/decorer-avec-un-motif-grenade.jpeg 732w, https:\/\/www.cocondedecoration.com\/blog\/wp-content\/uploads\/2023\/06\/decorer-avec-un-motif-grenade-260x173.jpeg 260w, https:\/\/www.cocondedecoration.com\/blog\/wp-content\/uploads\/2023\/06\/decorer-avec-un-motif-grenade-640x427.jpeg 640w, https:\/\/www.cocondedecoration.com\/blog\/wp-content\/uploads\/2023\/06\/decorer-avec-un-motif-grenade-465x310.jpeg 465w, https:\/\/www.cocondedecoration.com\/blog\/wp-content\/uploads\/2023\/06\/decorer-avec-un-motif-grenade-695x463.jpeg 695w\" sizes=\"(max-width: 732px) 100vw, 732px\" \/><\/figure><\/div>\n\n\n\n<p style=\"text-align:right\" class=\"has-small-font-size\">Note: Cet article contient des liens affili\u00e9s. <\/p>\n","protected":false},"excerpt":{"rendered":"<p>En g\u00e9n\u00e9ral, je ne suis pas tr\u00e8s motif notamment de fruits &amp; de l\u00e9gumes sauf pour la grenade. Fruit synonyme de vacances, de soleil qui sied parfaitement sur de la d\u00e9co murale et les textiles de la maison. La grenade trouve son origine en Perse avant de voyager et de<span class=\"more-link\"><a href=\"https:\/\/www.cocondedecoration.com\/blog\/2023\/06\/decoration-motif-grenade-ete\/\">Lire la suite<\/a><\/span><\/p>\n","protected":false},"author":1,"featured_media":61083,"comment_status":"open","ping_status":"open","sticky":false,"template":"","format":"standard","meta":{"om_disable_all_campaigns":false,"_monsterinsights_skip_tracking":false,"_monsterinsights_sitenote_active":false,"_monsterinsights_sitenote_note":"","_monsterinsights_sitenote_category":0,"_uf_show_specific_survey":0,"_uf_disable_surveys":false,"footnotes":""},"categories":[2661],"tags":[47328,47324,47305,2945,9565,17322,24493,47329,47323,47332,47321,47327,47331,47330,47316,47318,47320,47300,47299,47313,47325,47317,47326,47322,47314,47311,47301,47312,47297,47309,47304,47310,47303,47308,47307,47298,47302,47333,47319,47306,47315],"aioseo_notices":[],"_links":{"self":[{"href":"https:\/\/www.cocondedecoration.com\/blog\/wp-json\/wp\/v2\/posts\/61052"}],"collection":[{"href":"https:\/\/www.cocondedecoration.com\/blog\/wp-json\/wp\/v2\/posts"}],"about":[{"href":"https:\/\/www.cocondedecoration.com\/blog\/wp-json\/wp\/v2\/types\/post"}],"author":[{"embeddable":true,"href":"https:\/\/www.cocondedecoration.com\/blog\/wp-json\/wp\/v2\/users\/1"}],"replies":[{"embeddable":true,"href":"https:\/\/www.cocondedecoration.com\/blog\/wp-json\/wp\/v2\/comments?post=61052"}],"version-history":[{"count":1,"href":"https:\/\/www.cocondedecoration.com\/blog\/wp-json\/wp\/v2\/posts\/61052\/revisions"}],"predecessor-version":[{"id":81146,"href":"https:\/\/www.cocondedecoration.com\/blog\/wp-json\/wp\/v2\/posts\/61052\/revisions\/81146"}],"wp:featuredmedia":[{"embeddable":true,"href":"https:\/\/www.cocondedecoration.com\/blog\/wp-json\/wp\/v2\/media\/61083"}],"wp:attachment":[{"href":"https:\/\/www.cocondedecoration.com\/blog\/wp-json\/wp\/v2\/media?parent=61052"}],"wp:term":[{"taxonomy":"category","embeddable":true,"href":"https:\/\/www.cocondedecoration.com\/blog\/wp-json\/wp\/v2\/categories?post=61052"},{"taxonomy":"post_tag","embeddable":true,"href":"https:\/\/www.cocondedecoration.com\/blog\/wp-json\/wp\/v2\/tags?post=61052"}],"curies":[{"name":"wp","href":"https:\/\/api.w.org\/{rel}","templated":true}]}}