{"id":60585,"date":"2023-05-14T12:13:07","date_gmt":"2023-05-14T10:13:07","guid":{"rendered":"https:\/\/www.cocondedecoration.com\/blog\/?p=60585"},"modified":"2023-05-14T12:13:08","modified_gmt":"2023-05-14T10:13:08","slug":"bullet-journal-prof-enseignant","status":"publish","type":"post","link":"https:\/\/www.cocondedecoration.com\/blog\/2023\/05\/bullet-journal-prof-enseignant\/","title":{"rendered":"[Journaling] Enseignants, organisez-vous gr\u00e2ce \u00e0 un Bullet Journal"},"content":{"rendered":"\n<p>A l'\u00e9poque de Pronote (et autres logiciels du milieu \u00e9ducatif), on peut se demander si un support papier est bien n\u00e9cessaire. A mes yeux oui. D'une part parce que Pronote plante (c'est un fait). D'autre part un format papier vous permet plus de libert\u00e9. Vous ne d\u00e9pendez pas d'un logiciel fourni par votre \u00e9tablissement. Vous pouvez noter ce que vous voulez sans que \u00e7a ne soit v\u00e9rifi\u00e9 par un inspecteur ou votre hi\u00e9rarchie. Et vos archives papier vous permettront de gagner du temps \u00e0 l'avenir. Le bullet journal est un support qui s'adapte parfaitement aux enseignants puisque vous d\u00e9cidez vous-m\u00eame de ce qui s'y trouve. Il vous permet de vous organiser, d'organiser vos cours et votre progression, de vous y retrouver facilement gr\u00e2ce \u00e0 un syst\u00e8me de classement... <\/p>\n\n\n\n<!--more-->\n\n\n\n<div class=\"wp-block-image\"><figure class=\"aligncenter\"><a href=\"https:\/\/www.patreon.com\/cocondedeco\" target=\"_blank\" rel=\"noreferrer noopener\"><img loading=\"lazy\" decoding=\"async\" width=\"728\" height=\"90\" src=\"http:\/\/www.cocondedecoration.com\/blog\/wp-content\/uploads\/2021\/01\/banniere-patreon.png\" alt=\"\" class=\"wp-image-33877\" srcset=\"https:\/\/www.cocondedecoration.com\/blog\/wp-content\/uploads\/2021\/01\/banniere-patreon.png 728w, https:\/\/www.cocondedecoration.com\/blog\/wp-content\/uploads\/2021\/01\/banniere-patreon-260x32.png 260w, https:\/\/www.cocondedecoration.com\/blog\/wp-content\/uploads\/2021\/01\/banniere-patreon-640x79.png 640w, https:\/\/www.cocondedecoration.com\/blog\/wp-content\/uploads\/2021\/01\/banniere-patreon-465x57.png 465w, https:\/\/www.cocondedecoration.com\/blog\/wp-content\/uploads\/2021\/01\/banniere-patreon-695x86.png 695w\" sizes=\"(max-width: 728px) 100vw, 728px\" \/><\/a><\/figure><\/div>\n\n\n\n<p style=\"text-align:center\" class=\"has-background has-small-font-size has-very-light-gray-background-color\">Avant de poursuivre cet article, j'aimerai vous parler quelques instants de Patreon. C'est une plateforme en plus du blog sur laquelle vous pouvez devenir m\u00e9c\u00e8ne du blog. <br><strong>Pourquoi soutenir le blog?<\/strong> <br>Parce que c'est un travail consid\u00e9rable et m\u00eame si je le fais avec passion c'est aussi un travail pr\u00e9caire (<a rel=\"noreferrer noopener\" href=\"https:\/\/www.patreon.com\/posts\/en-quoi-consiste-86917611\" target=\"_blank\">je vous explique tout cela en d\u00e9tail dans ce post<\/a>). Si vous aimez l'article que vous \u00eates en train de lire, si vous me suivez sur les r\u00e9seaux sociaux ou encore si vous lisez r\u00e9guli\u00e8rement le blog, je vous serai reconnaissante de soutenir le blog via Patreon. Par ailleurs, en vous abonnant sur la plateforme vous acc\u00e9derez \u00e0 des contenus exclusifs pour vous remercier de votre soutien. C'est sans engagement et chaque contribution fera la diff\u00e9rence. Merci par avance de votre aide! <br><a rel=\"noreferrer noopener\" href=\"https:\/\/www.patreon.com\/cocondedeco\" target=\"_blank\"><strong>En savoir plus &amp; acc\u00e9der \u00e0 Patreon<\/strong><\/a><\/p>\n\n\n\n<h2 class=\"wp-block-heading\">Une approche cr\u00e9ative et color\u00e9e pour pr\u00e9parer ses cours <\/h2>\n\n\n\n<p>Quand j'enseignais, j'utilisais un bullet journal. Forc\u00e9ment, cela fait plus de 6 ans que j'ai chang\u00e9 de vie radicalement et je n'ai pas sp\u00e9cialement gard\u00e9 de photos de mon bujo de cette \u00e9poque. J'aimais beaucoup le c\u00f4t\u00e9 cr\u00e9atif du journal - plus cr\u00e9atif que mes cours dans l'absolu. Il y avait de la couleur, des dessins, des prises de notes plus imag\u00e9es... Ce support me permettait d'avoir une vue d'ensemble de ma semaine, du mois et de la p\u00e9riode. J'y notais les dates importantes  en couleur (f\u00e9ri\u00e9s, exams), les grandes notions abord\u00e9es et le type de notions... Un vrai journal de bord mais plus adapt\u00e9 \u00e0 mes attentes. J'avais la chance d'avoir une tr\u00e8s grande libert\u00e9 p\u00e9dagogique mais je ne voulais pas que cette chance se transforme en chaos. <br>A lire aussi: <a href=\"https:\/\/www.cocondedecoration.com\/blog\/2022\/08\/bullet-journal-rentree-des-classes\/\" target=\"_blank\" rel=\"noreferrer noopener\" aria-label=\"Journaling | Bullet journal pour une ann\u00e9e scolaire organis\u00e9e (s\u2019ouvre dans un nouvel onglet)\">Journaling | Bullet journal pour une ann\u00e9e scolaire organis\u00e9e<\/a> (pour les parents et \/ ou enfants) <\/p>\n\n\n\n<ul class=\"wp-block-gallery columns-2 is-cropped wp-block-gallery-1 is-layout-flex wp-block-gallery-is-layout-flex\"><li class=\"blocks-gallery-item\"><figure><img loading=\"lazy\" decoding=\"async\" width=\"640\" height=\"960\" src=\"https:\/\/www.cocondedecoration.com\/blog\/wp-content\/uploads\/2023\/05\/bullet-journal-enseignant-prof-en-francais-exemple-1-640x960.jpeg\" alt=\"bullet journal enseignant prof en francais exemple clefs pour s'organiser facilement\" data-id=\"60587\" data-link=\"https:\/\/www.cocondedecoration.com\/blog\/?attachment_id=60587\" class=\"wp-image-60587\" srcset=\"https:\/\/www.cocondedecoration.com\/blog\/wp-content\/uploads\/2023\/05\/bullet-journal-enseignant-prof-en-francais-exemple-1-640x960.jpeg 640w, https:\/\/www.cocondedecoration.com\/blog\/wp-content\/uploads\/2023\/05\/bullet-journal-enseignant-prof-en-francais-exemple-1-260x390.jpeg 260w, https:\/\/www.cocondedecoration.com\/blog\/wp-content\/uploads\/2023\/05\/bullet-journal-enseignant-prof-en-francais-exemple-1-768x1152.jpeg 768w, https:\/\/www.cocondedecoration.com\/blog\/wp-content\/uploads\/2023\/05\/bullet-journal-enseignant-prof-en-francais-exemple-1-367x550.jpeg 367w, https:\/\/www.cocondedecoration.com\/blog\/wp-content\/uploads\/2023\/05\/bullet-journal-enseignant-prof-en-francais-exemple-1-333x500.jpeg 333w, https:\/\/www.cocondedecoration.com\/blog\/wp-content\/uploads\/2023\/05\/bullet-journal-enseignant-prof-en-francais-exemple-1.jpeg 1000w\" sizes=\"(max-width: 640px) 100vw, 640px\" \/><figcaption>laptitenoisette.com\n<\/figcaption><\/figure><\/li><li class=\"blocks-gallery-item\"><figure><img loading=\"lazy\" decoding=\"async\" width=\"640\" height=\"960\" src=\"https:\/\/www.cocondedecoration.com\/blog\/wp-content\/uploads\/2023\/05\/bullet-journal-enseignant-prof-en-francais-exemple-2-640x960.jpeg\" alt=\"bullet journal enseignant prof en francais exemple calendrier semaine avec notes\" data-id=\"60588\" data-link=\"https:\/\/www.cocondedecoration.com\/blog\/?attachment_id=60588\" class=\"wp-image-60588\" srcset=\"https:\/\/www.cocondedecoration.com\/blog\/wp-content\/uploads\/2023\/05\/bullet-journal-enseignant-prof-en-francais-exemple-2-640x960.jpeg 640w, https:\/\/www.cocondedecoration.com\/blog\/wp-content\/uploads\/2023\/05\/bullet-journal-enseignant-prof-en-francais-exemple-2-260x390.jpeg 260w, https:\/\/www.cocondedecoration.com\/blog\/wp-content\/uploads\/2023\/05\/bullet-journal-enseignant-prof-en-francais-exemple-2-768x1152.jpeg 768w, https:\/\/www.cocondedecoration.com\/blog\/wp-content\/uploads\/2023\/05\/bullet-journal-enseignant-prof-en-francais-exemple-2-367x550.jpeg 367w, https:\/\/www.cocondedecoration.com\/blog\/wp-content\/uploads\/2023\/05\/bullet-journal-enseignant-prof-en-francais-exemple-2-333x500.jpeg 333w, https:\/\/www.cocondedecoration.com\/blog\/wp-content\/uploads\/2023\/05\/bullet-journal-enseignant-prof-en-francais-exemple-2.jpeg 1000w\" sizes=\"(max-width: 640px) 100vw, 640px\" \/><figcaption>leslivresdegeorgesandetmoi.wordpress.com<\/figcaption><\/figure><\/li><\/ul>\n\n\n\n<h2 class=\"wp-block-heading\">S'y retrouver facilement gr\u00e2ce \u00e0 de petits symboles <\/h2>\n\n\n\n<p>Je vais aborder cette facette du bullet journal rapidement. Que ce soit pour mes cours ou pour une utilisation perso, je n'utilisais que tr\u00e8s rarement des symboles pour m'organiser. Je pr\u00e9f\u00e9rais les couleurs, plus rapides \u00e0 mettre en oeuvre au quotidien, plus rapides aussi pour voir ce qui est important. <br>Niveau symboles on peut trouver des symboles pour les cours: un petit dessin pour une grande notion, pour les cessions d'exercices, les \u00e9valuations... On peut avoir des symboles pour l'ambiance de la classe: si elle \u00e9tait participative, si les \u00e9l\u00e8ves \u00e9taient dissip\u00e9s, amorphes, etc. Il y a aussi les symboles de votre progression: si une t\u00e2che est finie, si elle doit \u00eatre poursuivie sur le cours suivant, si elle doit \u00eatre re-programm\u00e9e, etc. <\/p>\n\n\n\n<ul class=\"wp-block-gallery columns-2 is-cropped wp-block-gallery-2 is-layout-flex wp-block-gallery-is-layout-flex\"><li class=\"blocks-gallery-item\"><figure><img loading=\"lazy\" decoding=\"async\" width=\"640\" height=\"960\" src=\"https:\/\/www.cocondedecoration.com\/blog\/wp-content\/uploads\/2023\/05\/bullet-journal-enseignant-prof-en-francais-exemple-3-640x960.jpeg\" alt=\"bullet journal enseignant prof en francais exemple couleur calendrier semaine organisation\" data-id=\"60589\" data-link=\"https:\/\/www.cocondedecoration.com\/blog\/?attachment_id=60589\" class=\"wp-image-60589\" srcset=\"https:\/\/www.cocondedecoration.com\/blog\/wp-content\/uploads\/2023\/05\/bullet-journal-enseignant-prof-en-francais-exemple-3-640x960.jpeg 640w, https:\/\/www.cocondedecoration.com\/blog\/wp-content\/uploads\/2023\/05\/bullet-journal-enseignant-prof-en-francais-exemple-3-260x390.jpeg 260w, https:\/\/www.cocondedecoration.com\/blog\/wp-content\/uploads\/2023\/05\/bullet-journal-enseignant-prof-en-francais-exemple-3-768x1152.jpeg 768w, https:\/\/www.cocondedecoration.com\/blog\/wp-content\/uploads\/2023\/05\/bullet-journal-enseignant-prof-en-francais-exemple-3-367x550.jpeg 367w, https:\/\/www.cocondedecoration.com\/blog\/wp-content\/uploads\/2023\/05\/bullet-journal-enseignant-prof-en-francais-exemple-3-333x500.jpeg 333w, https:\/\/www.cocondedecoration.com\/blog\/wp-content\/uploads\/2023\/05\/bullet-journal-enseignant-prof-en-francais-exemple-3.jpeg 1000w\" sizes=\"(max-width: 640px) 100vw, 640px\" \/><figcaption>alexandraplans.com\n<\/figcaption><\/figure><\/li><li class=\"blocks-gallery-item\"><figure><img loading=\"lazy\" decoding=\"async\" width=\"640\" height=\"960\" src=\"https:\/\/www.cocondedecoration.com\/blog\/wp-content\/uploads\/2023\/05\/bullet-journal-enseignant-prof-en-francais-exemple-4-640x960.jpeg\" alt=\"bullet journal enseignant prof en francais exemple organiser la progression sur le trimestre ou l'ann\u00e9e\" data-id=\"60590\" data-link=\"https:\/\/www.cocondedecoration.com\/blog\/?attachment_id=60590\" class=\"wp-image-60590\" srcset=\"https:\/\/www.cocondedecoration.com\/blog\/wp-content\/uploads\/2023\/05\/bullet-journal-enseignant-prof-en-francais-exemple-4-640x960.jpeg 640w, https:\/\/www.cocondedecoration.com\/blog\/wp-content\/uploads\/2023\/05\/bullet-journal-enseignant-prof-en-francais-exemple-4-260x390.jpeg 260w, https:\/\/www.cocondedecoration.com\/blog\/wp-content\/uploads\/2023\/05\/bullet-journal-enseignant-prof-en-francais-exemple-4-768x1152.jpeg 768w, https:\/\/www.cocondedecoration.com\/blog\/wp-content\/uploads\/2023\/05\/bullet-journal-enseignant-prof-en-francais-exemple-4-367x550.jpeg 367w, https:\/\/www.cocondedecoration.com\/blog\/wp-content\/uploads\/2023\/05\/bullet-journal-enseignant-prof-en-francais-exemple-4-333x500.jpeg 333w, https:\/\/www.cocondedecoration.com\/blog\/wp-content\/uploads\/2023\/05\/bullet-journal-enseignant-prof-en-francais-exemple-4.jpeg 1000w\" sizes=\"(max-width: 640px) 100vw, 640px\" \/><figcaption>diarying.com\n<\/figcaption><\/figure><\/li><\/ul>\n\n\n\n<h2 class=\"wp-block-heading\">Organiser facilement la progression des cours par trimestres et sur l'ann\u00e9e <\/h2>\n\n\n\n<p>L'un des principaux composants d'un bullet journal c'est le calendrier. Et il peut vous aider \u00e0 vous organiser facilement. J'utilisais un code couleur, notamment le rouge pour les DS, le vert pour les grandes notions abord\u00e9es. En un coup d'oeil, je voyais si ma semaine \/ ma p\u00e9riode \u00e9tait \u00e9quilibr\u00e9e. <\/p>\n\n\n\n<ul><li>Calendrier par semaine = Organiser ce que l'on va faire pour chaque cours (cours, exercices, DS, DM) <\/li><li>Calendrier par mois = Avoir une vue d'ensemble des principaux \u00e9v\u00e9nements (conseils de classe, rendez-vous parent\/ prof, DS...) <\/li><li>Calendrier par p\u00e9riodes (trimestres ou entre deux p\u00e9riodes de vacances) = Se mettre des objectifs de progression dans les notions \u00e0 aborder et v\u00e9rifier si on y arrive! <\/li><li>Calendrier pour l'ann\u00e9e scolaire = Une vue d'ensemble avec les vacances, jours f\u00e9ri\u00e9s, journ\u00e9es p\u00e9dagogiques, etc. <\/li><\/ul>\n\n\n\n<p>Je travaillais avec diff\u00e9rents supports: textes (de diff\u00e9rentes sources et pas uniquement des oeuvres litt\u00e9raires), des images, des films... Ces diff\u00e9rents supports trouvaient leur place dans mon bujo pour avoir une certaine h\u00e9t\u00e9rog\u00e9n\u00e9it\u00e9 dans ce qu'il se passait dans mes cours. Cette vue d'ensemble me permettait aussi de d\u00e9gager des plages horaires plus tranquilles et des activit\u00e9s comme les d\u00e9bats ou les expos\u00e9s. <br>A lire: <a href=\"https:\/\/www.cocondedecoration.com\/blog\/2022\/09\/bullet-journal-minimaliste\/\" target=\"_blank\" rel=\"noreferrer noopener\" aria-label=\"Journaling | Comment cr\u00e9er un bullet journal minimaliste? (s\u2019ouvre dans un nouvel onglet)\">Journaling | Comment cr\u00e9er un bullet journal minimaliste?<\/a> <\/p>\n\n\n\n<ul class=\"wp-block-gallery columns-2 is-cropped wp-block-gallery-3 is-layout-flex wp-block-gallery-is-layout-flex\"><li class=\"blocks-gallery-item\"><figure><img loading=\"lazy\" decoding=\"async\" width=\"640\" height=\"960\" src=\"https:\/\/www.cocondedecoration.com\/blog\/wp-content\/uploads\/2023\/05\/bullet-journal-enseignant-prof-en-francais-exemple-5-640x960.jpeg\" alt=\"bullet journal enseignant prof en francais exemple calendrier couleur progression\" data-id=\"60591\" data-link=\"https:\/\/www.cocondedecoration.com\/blog\/?attachment_id=60591\" class=\"wp-image-60591\" srcset=\"https:\/\/www.cocondedecoration.com\/blog\/wp-content\/uploads\/2023\/05\/bullet-journal-enseignant-prof-en-francais-exemple-5-640x960.jpeg 640w, https:\/\/www.cocondedecoration.com\/blog\/wp-content\/uploads\/2023\/05\/bullet-journal-enseignant-prof-en-francais-exemple-5-260x390.jpeg 260w, https:\/\/www.cocondedecoration.com\/blog\/wp-content\/uploads\/2023\/05\/bullet-journal-enseignant-prof-en-francais-exemple-5-768x1152.jpeg 768w, https:\/\/www.cocondedecoration.com\/blog\/wp-content\/uploads\/2023\/05\/bullet-journal-enseignant-prof-en-francais-exemple-5-367x550.jpeg 367w, https:\/\/www.cocondedecoration.com\/blog\/wp-content\/uploads\/2023\/05\/bullet-journal-enseignant-prof-en-francais-exemple-5-333x500.jpeg 333w, https:\/\/www.cocondedecoration.com\/blog\/wp-content\/uploads\/2023\/05\/bullet-journal-enseignant-prof-en-francais-exemple-5.jpeg 1000w\" sizes=\"(max-width: 640px) 100vw, 640px\" \/><figcaption>alexandraplans.com\n<\/figcaption><\/figure><\/li><li class=\"blocks-gallery-item\"><figure><img loading=\"lazy\" decoding=\"async\" width=\"640\" height=\"960\" src=\"https:\/\/www.cocondedecoration.com\/blog\/wp-content\/uploads\/2023\/05\/bullet-journal-enseignant-prof-en-francais-exemple-6-640x960.jpeg\" alt=\"bullet journal enseignant prof en francais exemple liste de lecture primaire coll\u00e8ge lyc\u00e9e\" data-id=\"60592\" data-link=\"https:\/\/www.cocondedecoration.com\/blog\/?attachment_id=60592\" class=\"wp-image-60592\" srcset=\"https:\/\/www.cocondedecoration.com\/blog\/wp-content\/uploads\/2023\/05\/bullet-journal-enseignant-prof-en-francais-exemple-6-640x960.jpeg 640w, https:\/\/www.cocondedecoration.com\/blog\/wp-content\/uploads\/2023\/05\/bullet-journal-enseignant-prof-en-francais-exemple-6-260x390.jpeg 260w, https:\/\/www.cocondedecoration.com\/blog\/wp-content\/uploads\/2023\/05\/bullet-journal-enseignant-prof-en-francais-exemple-6-768x1152.jpeg 768w, https:\/\/www.cocondedecoration.com\/blog\/wp-content\/uploads\/2023\/05\/bullet-journal-enseignant-prof-en-francais-exemple-6-367x550.jpeg 367w, https:\/\/www.cocondedecoration.com\/blog\/wp-content\/uploads\/2023\/05\/bullet-journal-enseignant-prof-en-francais-exemple-6-333x500.jpeg 333w, https:\/\/www.cocondedecoration.com\/blog\/wp-content\/uploads\/2023\/05\/bullet-journal-enseignant-prof-en-francais-exemple-6.jpeg 1000w\" sizes=\"(max-width: 640px) 100vw, 640px\" \/><figcaption>clairefontaine.com\n<\/figcaption><\/figure><\/li><\/ul>\n\n\n\n<h2 class=\"wp-block-heading\">Prendre du recul sur votre progression et celle de vos \u00e9l\u00e8ves <\/h2>\n\n\n\n<p>Pour chaque classe, vous pouvez cr\u00e9er de petits graphiques pour constater la progression de vos \u00e9l\u00e8ves, voir s'il y a une baisse de moyenne de classe et de niveau, garder une trace des efforts fournis en classe et la participation \u00e0 l'oral. Je ne suis pas une grande fan quant au fait de comparer les classes entre elles (celles d'un m\u00eame niveau). N\u00e9anmoins, si vous rencontrez un probl\u00e8me d'apprentissage dans une classe et pas dans l'autre, pouvoir voir en un coup d'oeil ce qui s'est pass\u00e9 depuis le d\u00e9but de l'ann\u00e9e vous permettra peut-\u00eatre d'avoir des \u00e9l\u00e9ments de r\u00e9ponses. Rien de vous emp\u00eache de noter si la classe a \u00e9t\u00e9 dissip\u00e9e, bavarde ou studieuse \u00e0 chaque cours. Et faire un bilan graphique sur chaque p\u00e9riode. <br>Rien de vous emp\u00eache aussi de garder une trace de votre humeur, de votre moral dans le bullet journal. Les profs ne sont pas \u00e0 l'abri d'une baisse de r\u00e9gime ou de burn-out. <a href=\"https:\/\/www.cocondedecoration.com\/blog\/2022\/10\/trackers-bullet-journal\/\" target=\"_blank\" rel=\"noreferrer noopener\" aria-label=\"Un tracker (s\u2019ouvre dans un nouvel onglet)\">Un tracker<\/a> de moral est tout simple et vous permet de prendre un peu de recul sur une p\u00e9riode donn\u00e9e. <\/p>\n\n\n\n<ul class=\"wp-block-gallery columns-2 is-cropped wp-block-gallery-4 is-layout-flex wp-block-gallery-is-layout-flex\"><li class=\"blocks-gallery-item\"><figure><img loading=\"lazy\" decoding=\"async\" width=\"640\" height=\"960\" src=\"https:\/\/www.cocondedecoration.com\/blog\/wp-content\/uploads\/2023\/05\/bullet-journal-enseignant-prof-en-francais-exemple-7-640x960.jpeg\" alt=\"bullet journal enseignant prof en francais exemple tracker de progression code couleurs rapide \u00e0 faire\" data-id=\"60593\" data-link=\"https:\/\/www.cocondedecoration.com\/blog\/?attachment_id=60593\" class=\"wp-image-60593\" srcset=\"https:\/\/www.cocondedecoration.com\/blog\/wp-content\/uploads\/2023\/05\/bullet-journal-enseignant-prof-en-francais-exemple-7-640x960.jpeg 640w, https:\/\/www.cocondedecoration.com\/blog\/wp-content\/uploads\/2023\/05\/bullet-journal-enseignant-prof-en-francais-exemple-7-260x390.jpeg 260w, https:\/\/www.cocondedecoration.com\/blog\/wp-content\/uploads\/2023\/05\/bullet-journal-enseignant-prof-en-francais-exemple-7-768x1152.jpeg 768w, https:\/\/www.cocondedecoration.com\/blog\/wp-content\/uploads\/2023\/05\/bullet-journal-enseignant-prof-en-francais-exemple-7-367x550.jpeg 367w, https:\/\/www.cocondedecoration.com\/blog\/wp-content\/uploads\/2023\/05\/bullet-journal-enseignant-prof-en-francais-exemple-7-333x500.jpeg 333w, https:\/\/www.cocondedecoration.com\/blog\/wp-content\/uploads\/2023\/05\/bullet-journal-enseignant-prof-en-francais-exemple-7.jpeg 1000w\" sizes=\"(max-width: 640px) 100vw, 640px\" \/><figcaption>myinnercreative.com<\/figcaption><\/figure><\/li><li class=\"blocks-gallery-item\"><figure><img loading=\"lazy\" decoding=\"async\" width=\"640\" height=\"960\" src=\"https:\/\/www.cocondedecoration.com\/blog\/wp-content\/uploads\/2023\/05\/bullet-journal-enseignant-prof-en-francais-exemple-8-640x960.jpeg\" alt=\"bullet journal enseignant prof en francais exemple tracker \u00e9l\u00e8ves participation orale\" data-id=\"60594\" data-link=\"https:\/\/www.cocondedecoration.com\/blog\/?attachment_id=60594\" class=\"wp-image-60594\" srcset=\"https:\/\/www.cocondedecoration.com\/blog\/wp-content\/uploads\/2023\/05\/bullet-journal-enseignant-prof-en-francais-exemple-8-640x960.jpeg 640w, https:\/\/www.cocondedecoration.com\/blog\/wp-content\/uploads\/2023\/05\/bullet-journal-enseignant-prof-en-francais-exemple-8-260x390.jpeg 260w, https:\/\/www.cocondedecoration.com\/blog\/wp-content\/uploads\/2023\/05\/bullet-journal-enseignant-prof-en-francais-exemple-8-768x1152.jpeg 768w, https:\/\/www.cocondedecoration.com\/blog\/wp-content\/uploads\/2023\/05\/bullet-journal-enseignant-prof-en-francais-exemple-8-367x550.jpeg 367w, https:\/\/www.cocondedecoration.com\/blog\/wp-content\/uploads\/2023\/05\/bullet-journal-enseignant-prof-en-francais-exemple-8-333x500.jpeg 333w, https:\/\/www.cocondedecoration.com\/blog\/wp-content\/uploads\/2023\/05\/bullet-journal-enseignant-prof-en-francais-exemple-8.jpeg 1000w\" sizes=\"(max-width: 640px) 100vw, 640px\" \/><figcaption>mashaplans.com\n<\/figcaption><\/figure><\/li><\/ul>\n\n\n\n<h2 class=\"wp-block-heading\">Garder une trace de vos cherches \u00e9ducatives et p\u00e9dagogiques <\/h2>\n\n\n\n<p>Je ne vais pas vous l'apprendre, \u00eatre prof c'est \u00eatre un couteau suisse. Certes, il y a la (ou les) mati\u00e8re(s) que l'on enseigne. Normalement, gr\u00e2ce \u00e0 notre parcours universitaire, les ann\u00e9es d'enseignement, \u00e7a, on maitrise. En revanche, il y a aussi des cas particuliers qui sortent de la mati\u00e8re enseign\u00e9e. Je pense par exemple aux Dys. J'avais un \u00e9l\u00e8ve Dys. Histoire de mieux comprendre son fonctionnement de pens\u00e9es, sa logique, etc. j'ai fait pas mal de recherches. Le bujo peut vous permettre de garder une trace de ces recherches, de la mani\u00e8re dont vous avez adapt\u00e9 votre didactique \/ votre p\u00e9dagogie pour aider au mieux cet \u00e9l\u00e8ve. <br>Alors que j'enseignais en BTS, je me suis rendue compte lors de mon premier cours dans certaines fili\u00e8res que certains \u00e9l\u00e8ves ne lisaient pas de mani\u00e8re fluide. J'ai donc r\u00e9-organis\u00e9 mes premi\u00e8res semaines de cours dans mon bujo afin de prendre en compte ce probl\u00e8me de taille. Avant de commencer, j'\u00e9tais loin d'imaginer que j'allais devoir reprendre les bases de la lecture. Et donc dans la plupart de mes cours j'avais une plage de lecture orale jusqu'\u00e0 la fin de l'ann\u00e9e. <\/p>\n\n\n\n<ul class=\"wp-block-gallery columns-2 is-cropped wp-block-gallery-5 is-layout-flex wp-block-gallery-is-layout-flex\"><li class=\"blocks-gallery-item\"><figure><img loading=\"lazy\" decoding=\"async\" width=\"640\" height=\"960\" src=\"https:\/\/www.cocondedecoration.com\/blog\/wp-content\/uploads\/2023\/05\/bullet-journal-enseignant-prof-en-francais-exemple-9-640x960.jpeg\" alt=\"bullet journal enseignant prof en francais exemple liste simple avec couleur et symbole organisation travail\" data-id=\"60595\" data-link=\"https:\/\/www.cocondedecoration.com\/blog\/?attachment_id=60595\" class=\"wp-image-60595\" srcset=\"https:\/\/www.cocondedecoration.com\/blog\/wp-content\/uploads\/2023\/05\/bullet-journal-enseignant-prof-en-francais-exemple-9-640x960.jpeg 640w, https:\/\/www.cocondedecoration.com\/blog\/wp-content\/uploads\/2023\/05\/bullet-journal-enseignant-prof-en-francais-exemple-9-260x390.jpeg 260w, https:\/\/www.cocondedecoration.com\/blog\/wp-content\/uploads\/2023\/05\/bullet-journal-enseignant-prof-en-francais-exemple-9-768x1152.jpeg 768w, https:\/\/www.cocondedecoration.com\/blog\/wp-content\/uploads\/2023\/05\/bullet-journal-enseignant-prof-en-francais-exemple-9-367x550.jpeg 367w, https:\/\/www.cocondedecoration.com\/blog\/wp-content\/uploads\/2023\/05\/bullet-journal-enseignant-prof-en-francais-exemple-9-333x500.jpeg 333w, https:\/\/www.cocondedecoration.com\/blog\/wp-content\/uploads\/2023\/05\/bullet-journal-enseignant-prof-en-francais-exemple-9.jpeg 1000w\" sizes=\"(max-width: 640px) 100vw, 640px\" \/><figcaption>Manon. eth via Pinterest<\/figcaption><\/figure><\/li><li class=\"blocks-gallery-item\"><figure><img loading=\"lazy\" decoding=\"async\" width=\"640\" height=\"960\" src=\"https:\/\/www.cocondedecoration.com\/blog\/wp-content\/uploads\/2023\/05\/bullet-journal-enseignant-prof-en-francais-exemple-10-640x960.jpeg\" alt=\"bullet journal enseignant prof en francais exemple calendrier hebdomadaire rentr\u00e9e des classes pratique organisation\" data-id=\"60596\" data-link=\"https:\/\/www.cocondedecoration.com\/blog\/?attachment_id=60596\" class=\"wp-image-60596\" srcset=\"https:\/\/www.cocondedecoration.com\/blog\/wp-content\/uploads\/2023\/05\/bullet-journal-enseignant-prof-en-francais-exemple-10-640x960.jpeg 640w, https:\/\/www.cocondedecoration.com\/blog\/wp-content\/uploads\/2023\/05\/bullet-journal-enseignant-prof-en-francais-exemple-10-260x390.jpeg 260w, https:\/\/www.cocondedecoration.com\/blog\/wp-content\/uploads\/2023\/05\/bullet-journal-enseignant-prof-en-francais-exemple-10-768x1152.jpeg 768w, https:\/\/www.cocondedecoration.com\/blog\/wp-content\/uploads\/2023\/05\/bullet-journal-enseignant-prof-en-francais-exemple-10-367x550.jpeg 367w, https:\/\/www.cocondedecoration.com\/blog\/wp-content\/uploads\/2023\/05\/bullet-journal-enseignant-prof-en-francais-exemple-10-333x500.jpeg 333w, https:\/\/www.cocondedecoration.com\/blog\/wp-content\/uploads\/2023\/05\/bullet-journal-enseignant-prof-en-francais-exemple-10.jpeg 1000w\" sizes=\"(max-width: 640px) 100vw, 640px\" \/><figcaption>alexandraplans.com\n<\/figcaption><\/figure><\/li><\/ul>\n\n\n\n<h2 class=\"wp-block-heading\">Un bullet journal pour les \u00e9l\u00e8ves <\/h2>\n\n\n\n<p>[Mode mamie activ\u00e9] A l'\u00e9poque o\u00f9 j'\u00e9tais \u00e9l\u00e8ve, on avait un cahier de texte pour la classe pratique quand on \u00e9tait absent pour rattraper les cours et savoir ce qu'on avait comme devoirs. [Fin du mode mamie] De ce que j'ai pu voir avec mon petit fr\u00e8re (avec qui j'ai 18 ans d'\u00e9cart), tout passe par Pronote. Je ne suis pas contre la technologie, seulement quand elle est au point. Et Pronote, ce n'est pas toujours \u00e7a. Un Bujo par classe, dispo \u00e0 la demande, peut-\u00eatre pratique pour vos \u00e9l\u00e8ves. J'avais un gros classeur avec tous mes cours, exercices, etc. organis\u00e9 comme un bullet journal (code couleur, menu, etc.) \u00e0 dispo dans mes classes. Si un \u00e9l\u00e8ve avait besoin d'un cours, il suffisait de demander (voire de se servir). <br>J'avais aussi des \u00e9l\u00e8ves fan de journaling. Elles s'organisaient gr\u00e2ce \u00e0 un Bullet Journal. Et c'\u00e9tait aussi l'occasion d'en parler en classe. Ca peut sembler hors sujet dans un cours de fran\u00e7ais mais une bonne organisation pour les r\u00e9visions par exemple, cela concerne tout le monde. Et le bullet journal pour les \u00e9l\u00e8ves leur permettra de planifier par exemple leur r\u00e9vision sereinement. <\/p>\n\n\n\n<ul class=\"wp-block-gallery columns-2 is-cropped wp-block-gallery-6 is-layout-flex wp-block-gallery-is-layout-flex\"><li class=\"blocks-gallery-item\"><figure><img loading=\"lazy\" decoding=\"async\" width=\"640\" height=\"960\" src=\"https:\/\/www.cocondedecoration.com\/blog\/wp-content\/uploads\/2023\/05\/bullet-journal-enseignant-prof-en-francais-exemple-11-640x960.jpeg\" alt=\"bullet journal enseignant prof en francais exemple progression en couleurs id\u00e9es organisation primaire coll\u00e8ge lyc\u00e9e\" data-id=\"60597\" data-link=\"https:\/\/www.cocondedecoration.com\/blog\/?attachment_id=60597\" class=\"wp-image-60597\" srcset=\"https:\/\/www.cocondedecoration.com\/blog\/wp-content\/uploads\/2023\/05\/bullet-journal-enseignant-prof-en-francais-exemple-11-640x960.jpeg 640w, https:\/\/www.cocondedecoration.com\/blog\/wp-content\/uploads\/2023\/05\/bullet-journal-enseignant-prof-en-francais-exemple-11-260x390.jpeg 260w, https:\/\/www.cocondedecoration.com\/blog\/wp-content\/uploads\/2023\/05\/bullet-journal-enseignant-prof-en-francais-exemple-11-768x1152.jpeg 768w, https:\/\/www.cocondedecoration.com\/blog\/wp-content\/uploads\/2023\/05\/bullet-journal-enseignant-prof-en-francais-exemple-11-367x550.jpeg 367w, https:\/\/www.cocondedecoration.com\/blog\/wp-content\/uploads\/2023\/05\/bullet-journal-enseignant-prof-en-francais-exemple-11-333x500.jpeg 333w, https:\/\/www.cocondedecoration.com\/blog\/wp-content\/uploads\/2023\/05\/bullet-journal-enseignant-prof-en-francais-exemple-11.jpeg 1000w\" sizes=\"(max-width: 640px) 100vw, 640px\" \/><figcaption>personalplanner.com\n<\/figcaption><\/figure><\/li><li class=\"blocks-gallery-item\"><figure><img loading=\"lazy\" decoding=\"async\" width=\"640\" height=\"960\" src=\"https:\/\/www.cocondedecoration.com\/blog\/wp-content\/uploads\/2023\/05\/bullet-journal-enseignant-prof-en-francais-exemple-12-640x960.jpeg\" alt=\"bullet journal enseignant prof en francais exemple calendrier couleurs pratique organisation \u00e9l\u00e8ves prof\" data-id=\"60598\" data-link=\"https:\/\/www.cocondedecoration.com\/blog\/?attachment_id=60598\" class=\"wp-image-60598\" srcset=\"https:\/\/www.cocondedecoration.com\/blog\/wp-content\/uploads\/2023\/05\/bullet-journal-enseignant-prof-en-francais-exemple-12-640x960.jpeg 640w, https:\/\/www.cocondedecoration.com\/blog\/wp-content\/uploads\/2023\/05\/bullet-journal-enseignant-prof-en-francais-exemple-12-260x390.jpeg 260w, https:\/\/www.cocondedecoration.com\/blog\/wp-content\/uploads\/2023\/05\/bullet-journal-enseignant-prof-en-francais-exemple-12-768x1152.jpeg 768w, https:\/\/www.cocondedecoration.com\/blog\/wp-content\/uploads\/2023\/05\/bullet-journal-enseignant-prof-en-francais-exemple-12-367x550.jpeg 367w, https:\/\/www.cocondedecoration.com\/blog\/wp-content\/uploads\/2023\/05\/bullet-journal-enseignant-prof-en-francais-exemple-12-333x500.jpeg 333w, https:\/\/www.cocondedecoration.com\/blog\/wp-content\/uploads\/2023\/05\/bullet-journal-enseignant-prof-en-francais-exemple-12.jpeg 1000w\" sizes=\"(max-width: 640px) 100vw, 640px\" \/><figcaption>mashaplans.com\n<\/figcaption><\/figure><\/li><\/ul>\n\n\n\n<p>Vous pouvez aussi lire <a rel=\"noreferrer noopener\" aria-label=\"ce retour d'exp\u00e9rience (s\u2019ouvre dans un nouvel onglet)\" href=\"https:\/\/leslivresdegeorgesandetmoi.wordpress.com\/2017\/01\/14\/mon-bullet-journal-de-prof-5-mois-plus-tard\/\" target=\"_blank\">ce retour d'exp\u00e9rience<\/a> (en fran\u00e7ais) d'une enseignante, ou <a rel=\"noreferrer noopener\" aria-label=\"celui-ci (s\u2019ouvre dans un nouvel onglet)\" href=\"https:\/\/bulletjournal.com\/blogs\/bulletjournalist\/a-teachers-bujo-story\" target=\"_blank\">celui-ci<\/a> (en anglais) pour plus d'id\u00e9es d'organisation. <\/p>\n\n\n\n<div class=\"wp-block-columns has-2-columns is-layout-flex wp-container-core-columns-layout-1 wp-block-columns-is-layout-flex\">\n<div class=\"wp-block-column is-layout-flow wp-block-column-is-layout-flow\"><div class='white' style='background:rgba(0,0,0,0); border:solid 0px rgba(0,0,0,0); border-radius:0px; padding:0px 0px 0px 0px;'>\n<div id='slider_63940' class='owl-carousel sa_owl_theme owl-pagination-true autohide-arrows' data-slider-id='slider_63940' style='visibility:hidden;'>\n<div id='slider_63940_slide01' class='sa_hover_container' style='padding:5% 5%; margin:0px 0%; '><p><img loading=\"lazy\" decoding=\"async\" class=\"aligncenter size-full wp-image-63942\" src=\"https:\/\/www.cocondedecoration.com\/blog\/wp-content\/uploads\/2023\/08\/fournitures-pour-tenir-un-journal-bullet-ou-voyage-1.jpeg\" alt=\"fournitures pour tenir un journal bullet ou voyage Carnet blanc souple - Saphir - 9 x 14 cm Moleskine\" width=\"500\" height=\"500\" srcset=\"https:\/\/www.cocondedecoration.com\/blog\/wp-content\/uploads\/2023\/08\/fournitures-pour-tenir-un-journal-bullet-ou-voyage-1.jpeg 500w, https:\/\/www.cocondedecoration.com\/blog\/wp-content\/uploads\/2023\/08\/fournitures-pour-tenir-un-journal-bullet-ou-voyage-1-165x165.jpeg 165w, https:\/\/www.cocondedecoration.com\/blog\/wp-content\/uploads\/2023\/08\/fournitures-pour-tenir-un-journal-bullet-ou-voyage-1-260x260.jpeg 260w, https:\/\/www.cocondedecoration.com\/blog\/wp-content\/uploads\/2023\/08\/fournitures-pour-tenir-un-journal-bullet-ou-voyage-1-465x465.jpeg 465w\" sizes=\"(max-width: 500px) 100vw, 500px\" \/><\/p><\/div>\n<div id='slider_63940_slide02' class='sa_hover_container' style='padding:5% 5%; margin:0px 0%; '><p><img loading=\"lazy\" decoding=\"async\" class=\"aligncenter size-full wp-image-63948\" src=\"https:\/\/www.cocondedecoration.com\/blog\/wp-content\/uploads\/2023\/08\/journal-creatif-fourniture-1.jpeg\" alt=\"journal creatif fourniture Aquarelle Japonaise Gansai Coffret 48 couleurs\" width=\"500\" height=\"500\" srcset=\"https:\/\/www.cocondedecoration.com\/blog\/wp-content\/uploads\/2023\/08\/journal-creatif-fourniture-1.jpeg 500w, https:\/\/www.cocondedecoration.com\/blog\/wp-content\/uploads\/2023\/08\/journal-creatif-fourniture-1-165x165.jpeg 165w, https:\/\/www.cocondedecoration.com\/blog\/wp-content\/uploads\/2023\/08\/journal-creatif-fourniture-1-260x260.jpeg 260w, https:\/\/www.cocondedecoration.com\/blog\/wp-content\/uploads\/2023\/08\/journal-creatif-fourniture-1-465x465.jpeg 465w\" sizes=\"(max-width: 500px) 100vw, 500px\" \/><\/p><\/div>\n<div id='slider_63940_slide03' class='sa_hover_container' style='padding:5% 5%; margin:0px 0%; '><p><img loading=\"lazy\" decoding=\"async\" class=\"aligncenter size-full wp-image-63953\" src=\"https:\/\/www.cocondedecoration.com\/blog\/wp-content\/uploads\/2023\/08\/fourniture-journal-creatif-pas-cher-1.jpeg\" alt=\"fourniture journal creatif pas cher Trousse \u00e0 bijoux jaune Flower Power\" width=\"500\" height=\"500\" srcset=\"https:\/\/www.cocondedecoration.com\/blog\/wp-content\/uploads\/2023\/08\/fourniture-journal-creatif-pas-cher-1.jpeg 500w, https:\/\/www.cocondedecoration.com\/blog\/wp-content\/uploads\/2023\/08\/fourniture-journal-creatif-pas-cher-1-165x165.jpeg 165w, https:\/\/www.cocondedecoration.com\/blog\/wp-content\/uploads\/2023\/08\/fourniture-journal-creatif-pas-cher-1-260x260.jpeg 260w, https:\/\/www.cocondedecoration.com\/blog\/wp-content\/uploads\/2023\/08\/fourniture-journal-creatif-pas-cher-1-465x465.jpeg 465w\" sizes=\"(max-width: 500px) 100vw, 500px\" \/><\/p><\/div>\n<div id='slider_63940_slide04' class='sa_hover_container' style='padding:5% 5%; margin:0px 0%; '><p><img loading=\"lazy\" decoding=\"async\" class=\"aligncenter size-full wp-image-63943\" src=\"https:\/\/www.cocondedecoration.com\/blog\/wp-content\/uploads\/2023\/08\/fournitures-pour-tenir-un-journal-bullet-ou-voyage-2.jpeg\" alt=\"fournitures pour tenir un journal bullet ou voyage Lot de 4 feutres \u00e0 pointe calibr\u00e9e\" width=\"500\" height=\"500\" srcset=\"https:\/\/www.cocondedecoration.com\/blog\/wp-content\/uploads\/2023\/08\/fournitures-pour-tenir-un-journal-bullet-ou-voyage-2.jpeg 500w, https:\/\/www.cocondedecoration.com\/blog\/wp-content\/uploads\/2023\/08\/fournitures-pour-tenir-un-journal-bullet-ou-voyage-2-165x165.jpeg 165w, https:\/\/www.cocondedecoration.com\/blog\/wp-content\/uploads\/2023\/08\/fournitures-pour-tenir-un-journal-bullet-ou-voyage-2-260x260.jpeg 260w, https:\/\/www.cocondedecoration.com\/blog\/wp-content\/uploads\/2023\/08\/fournitures-pour-tenir-un-journal-bullet-ou-voyage-2-465x465.jpeg 465w\" sizes=\"(max-width: 500px) 100vw, 500px\" \/><\/p><\/div>\n<div id='slider_63940_slide05' class='sa_hover_container' style='padding:5% 5%; margin:0px 0%; '><p><img loading=\"lazy\" decoding=\"async\" class=\"aligncenter size-full wp-image-63949\" src=\"https:\/\/www.cocondedecoration.com\/blog\/wp-content\/uploads\/2023\/08\/journal-creatif-fourniture-2.jpeg\" alt=\"journal creatif fourniture Coffret Scribe Pen stylo +3 plumes\" width=\"500\" height=\"500\" srcset=\"https:\/\/www.cocondedecoration.com\/blog\/wp-content\/uploads\/2023\/08\/journal-creatif-fourniture-2.jpeg 500w, https:\/\/www.cocondedecoration.com\/blog\/wp-content\/uploads\/2023\/08\/journal-creatif-fourniture-2-165x165.jpeg 165w, https:\/\/www.cocondedecoration.com\/blog\/wp-content\/uploads\/2023\/08\/journal-creatif-fourniture-2-260x260.jpeg 260w, https:\/\/www.cocondedecoration.com\/blog\/wp-content\/uploads\/2023\/08\/journal-creatif-fourniture-2-465x465.jpeg 465w\" sizes=\"(max-width: 500px) 100vw, 500px\" \/><\/p><\/div>\n<div id='slider_63940_slide06' class='sa_hover_container' style='padding:5% 5%; margin:0px 0%; '><p><img loading=\"lazy\" decoding=\"async\" class=\"aligncenter size-full wp-image-63954\" src=\"https:\/\/www.cocondedecoration.com\/blog\/wp-content\/uploads\/2023\/08\/fourniture-journal-creatif-pas-cher-2.jpeg\" alt=\"fourniture journal creatif pas cher Roll' stamp tampon \u00e0 molette To do list\" width=\"500\" height=\"500\" srcset=\"https:\/\/www.cocondedecoration.com\/blog\/wp-content\/uploads\/2023\/08\/fourniture-journal-creatif-pas-cher-2.jpeg 500w, https:\/\/www.cocondedecoration.com\/blog\/wp-content\/uploads\/2023\/08\/fourniture-journal-creatif-pas-cher-2-165x165.jpeg 165w, https:\/\/www.cocondedecoration.com\/blog\/wp-content\/uploads\/2023\/08\/fourniture-journal-creatif-pas-cher-2-260x260.jpeg 260w, https:\/\/www.cocondedecoration.com\/blog\/wp-content\/uploads\/2023\/08\/fourniture-journal-creatif-pas-cher-2-465x465.jpeg 465w\" sizes=\"(max-width: 500px) 100vw, 500px\" \/><\/p><\/div>\n<div id='slider_63940_slide07' class='sa_hover_container' style='padding:5% 5%; margin:0px 0%; '><p><img loading=\"lazy\" decoding=\"async\" class=\"aligncenter size-full wp-image-63944\" src=\"https:\/\/www.cocondedecoration.com\/blog\/wp-content\/uploads\/2023\/08\/fournitures-pour-tenir-un-journal-bullet-ou-voyage-3.jpeg\" alt=\"fournitures pour tenir un journal bullet ou voyage Bullet Journal Edition 2 - Papier 120 g - Noir\" width=\"500\" height=\"500\" srcset=\"https:\/\/www.cocondedecoration.com\/blog\/wp-content\/uploads\/2023\/08\/fournitures-pour-tenir-un-journal-bullet-ou-voyage-3.jpeg 500w, https:\/\/www.cocondedecoration.com\/blog\/wp-content\/uploads\/2023\/08\/fournitures-pour-tenir-un-journal-bullet-ou-voyage-3-165x165.jpeg 165w, https:\/\/www.cocondedecoration.com\/blog\/wp-content\/uploads\/2023\/08\/fournitures-pour-tenir-un-journal-bullet-ou-voyage-3-260x260.jpeg 260w, https:\/\/www.cocondedecoration.com\/blog\/wp-content\/uploads\/2023\/08\/fournitures-pour-tenir-un-journal-bullet-ou-voyage-3-465x465.jpeg 465w\" sizes=\"(max-width: 500px) 100vw, 500px\" \/><\/p><\/div>\n<div id='slider_63940_slide08' class='sa_hover_container' style='padding:5% 5%; margin:0px 0%; '><p><img loading=\"lazy\" decoding=\"async\" class=\"aligncenter size-full wp-image-63950\" src=\"https:\/\/www.cocondedecoration.com\/blog\/wp-content\/uploads\/2023\/08\/journal-creatif-fourniture-3.jpeg\" alt=\"journal creatif fourniture Feutre de calligraphie Pitt Artist Pen Set Hand Lettering 3 noirs + Rouge\" width=\"500\" height=\"500\" srcset=\"https:\/\/www.cocondedecoration.com\/blog\/wp-content\/uploads\/2023\/08\/journal-creatif-fourniture-3.jpeg 500w, https:\/\/www.cocondedecoration.com\/blog\/wp-content\/uploads\/2023\/08\/journal-creatif-fourniture-3-165x165.jpeg 165w, https:\/\/www.cocondedecoration.com\/blog\/wp-content\/uploads\/2023\/08\/journal-creatif-fourniture-3-260x260.jpeg 260w, https:\/\/www.cocondedecoration.com\/blog\/wp-content\/uploads\/2023\/08\/journal-creatif-fourniture-3-465x465.jpeg 465w\" sizes=\"(max-width: 500px) 100vw, 500px\" \/><\/p><\/div>\n<div id='slider_63940_slide09' class='sa_hover_container' style='padding:5% 5%; margin:0px 0%; '><p><img loading=\"lazy\" decoding=\"async\" class=\"aligncenter size-full wp-image-63955\" src=\"https:\/\/www.cocondedecoration.com\/blog\/wp-content\/uploads\/2023\/08\/fourniture-journal-creatif-pas-cher-3.jpeg\" alt=\"fourniture journal creatif pas cher Set 8 posca pointe moyenne pastel\" width=\"500\" height=\"500\" srcset=\"https:\/\/www.cocondedecoration.com\/blog\/wp-content\/uploads\/2023\/08\/fourniture-journal-creatif-pas-cher-3.jpeg 500w, https:\/\/www.cocondedecoration.com\/blog\/wp-content\/uploads\/2023\/08\/fourniture-journal-creatif-pas-cher-3-165x165.jpeg 165w, https:\/\/www.cocondedecoration.com\/blog\/wp-content\/uploads\/2023\/08\/fourniture-journal-creatif-pas-cher-3-260x260.jpeg 260w, https:\/\/www.cocondedecoration.com\/blog\/wp-content\/uploads\/2023\/08\/fourniture-journal-creatif-pas-cher-3-465x465.jpeg 465w\" sizes=\"(max-width: 500px) 100vw, 500px\" \/><\/p><\/div>\n<div id='slider_63940_slide10' class='sa_hover_container' style='padding:5% 5%; margin:0px 0%; '><p><img loading=\"lazy\" decoding=\"async\" class=\"aligncenter size-full wp-image-63945\" src=\"https:\/\/www.cocondedecoration.com\/blog\/wp-content\/uploads\/2023\/08\/fournitures-pour-tenir-un-journal-bullet-ou-voyage-4.jpeg\" alt=\"fournitures pour tenir un journal bullet ou voyage Set de 8 marqueurs Posca trait extra fin 0,7 mm\" width=\"500\" height=\"500\" srcset=\"https:\/\/www.cocondedecoration.com\/blog\/wp-content\/uploads\/2023\/08\/fournitures-pour-tenir-un-journal-bullet-ou-voyage-4.jpeg 500w, https:\/\/www.cocondedecoration.com\/blog\/wp-content\/uploads\/2023\/08\/fournitures-pour-tenir-un-journal-bullet-ou-voyage-4-165x165.jpeg 165w, https:\/\/www.cocondedecoration.com\/blog\/wp-content\/uploads\/2023\/08\/fournitures-pour-tenir-un-journal-bullet-ou-voyage-4-260x260.jpeg 260w, https:\/\/www.cocondedecoration.com\/blog\/wp-content\/uploads\/2023\/08\/fournitures-pour-tenir-un-journal-bullet-ou-voyage-4-465x465.jpeg 465w\" sizes=\"(max-width: 500px) 100vw, 500px\" \/><\/p><\/div>\n<div id='slider_63940_slide11' class='sa_hover_container' style='padding:5% 5%; margin:0px 0%; '><p><img loading=\"lazy\" decoding=\"async\" class=\"aligncenter size-full wp-image-63951\" src=\"https:\/\/www.cocondedecoration.com\/blog\/wp-content\/uploads\/2023\/08\/journal-creatif-fourniture-4.jpeg\" alt=\"journal creatif fourniture Masking Tape Slim 7 m x 6 mm D\u00e9co D 3 pcs\" width=\"500\" height=\"500\" srcset=\"https:\/\/www.cocondedecoration.com\/blog\/wp-content\/uploads\/2023\/08\/journal-creatif-fourniture-4.jpeg 500w, https:\/\/www.cocondedecoration.com\/blog\/wp-content\/uploads\/2023\/08\/journal-creatif-fourniture-4-165x165.jpeg 165w, https:\/\/www.cocondedecoration.com\/blog\/wp-content\/uploads\/2023\/08\/journal-creatif-fourniture-4-260x260.jpeg 260w, https:\/\/www.cocondedecoration.com\/blog\/wp-content\/uploads\/2023\/08\/journal-creatif-fourniture-4-465x465.jpeg 465w\" sizes=\"(max-width: 500px) 100vw, 500px\" \/><\/p><\/div>\n<div id='slider_63940_slide12' class='sa_hover_container' style='padding:5% 5%; margin:0px 0%; '><p><img loading=\"lazy\" decoding=\"async\" class=\"aligncenter size-full wp-image-63956\" src=\"https:\/\/www.cocondedecoration.com\/blog\/wp-content\/uploads\/2023\/08\/fourniture-journal-creatif-pas-cher-4.jpeg\" alt=\"fourniture journal creatif pas cher Album en kraft noir 40 pages A4\" width=\"500\" height=\"500\" srcset=\"https:\/\/www.cocondedecoration.com\/blog\/wp-content\/uploads\/2023\/08\/fourniture-journal-creatif-pas-cher-4.jpeg 500w, https:\/\/www.cocondedecoration.com\/blog\/wp-content\/uploads\/2023\/08\/fourniture-journal-creatif-pas-cher-4-165x165.jpeg 165w, https:\/\/www.cocondedecoration.com\/blog\/wp-content\/uploads\/2023\/08\/fourniture-journal-creatif-pas-cher-4-260x260.jpeg 260w, https:\/\/www.cocondedecoration.com\/blog\/wp-content\/uploads\/2023\/08\/fourniture-journal-creatif-pas-cher-4-465x465.jpeg 465w\" sizes=\"(max-width: 500px) 100vw, 500px\" \/><\/p><\/div>\n<div id='slider_63940_slide13' class='sa_hover_container' style='padding:5% 5%; margin:0px 0%; '><p><img loading=\"lazy\" decoding=\"async\" class=\"aligncenter size-full wp-image-63946\" src=\"https:\/\/www.cocondedecoration.com\/blog\/wp-content\/uploads\/2023\/08\/fournitures-pour-tenir-un-journal-bullet-ou-voyage-5.jpeg\" alt=\"fournitures pour tenir un journal bullet ou voyage 3 carnets unis 100g - 32 pages - A6\" width=\"500\" height=\"500\" srcset=\"https:\/\/www.cocondedecoration.com\/blog\/wp-content\/uploads\/2023\/08\/fournitures-pour-tenir-un-journal-bullet-ou-voyage-5.jpeg 500w, https:\/\/www.cocondedecoration.com\/blog\/wp-content\/uploads\/2023\/08\/fournitures-pour-tenir-un-journal-bullet-ou-voyage-5-165x165.jpeg 165w, https:\/\/www.cocondedecoration.com\/blog\/wp-content\/uploads\/2023\/08\/fournitures-pour-tenir-un-journal-bullet-ou-voyage-5-260x260.jpeg 260w, https:\/\/www.cocondedecoration.com\/blog\/wp-content\/uploads\/2023\/08\/fournitures-pour-tenir-un-journal-bullet-ou-voyage-5-465x465.jpeg 465w\" sizes=\"(max-width: 500px) 100vw, 500px\" \/><\/p><\/div>\n<div id='slider_63940_slide14' class='sa_hover_container' style='padding:5% 5%; margin:0px 0%; '><p><img loading=\"lazy\" decoding=\"async\" class=\"aligncenter size-full wp-image-63952\" src=\"https:\/\/www.cocondedecoration.com\/blog\/wp-content\/uploads\/2023\/08\/journal-creatif-fourniture-5.jpeg\" alt=\"journal creatif fourniture Ruban adh\u00e9sif Washi Tape Colorblock 15 &amp; 30 mm x 5 m Fleurs\" width=\"500\" height=\"500\" srcset=\"https:\/\/www.cocondedecoration.com\/blog\/wp-content\/uploads\/2023\/08\/journal-creatif-fourniture-5.jpeg 500w, https:\/\/www.cocondedecoration.com\/blog\/wp-content\/uploads\/2023\/08\/journal-creatif-fourniture-5-165x165.jpeg 165w, https:\/\/www.cocondedecoration.com\/blog\/wp-content\/uploads\/2023\/08\/journal-creatif-fourniture-5-260x260.jpeg 260w, https:\/\/www.cocondedecoration.com\/blog\/wp-content\/uploads\/2023\/08\/journal-creatif-fourniture-5-465x465.jpeg 465w\" sizes=\"(max-width: 500px) 100vw, 500px\" \/><\/p><\/div>\n<div id='slider_63940_slide15' class='sa_hover_container' style='padding:5% 5%; margin:0px 0%; '><p><img loading=\"lazy\" decoding=\"async\" class=\"aligncenter size-full wp-image-63957\" src=\"https:\/\/www.cocondedecoration.com\/blog\/wp-content\/uploads\/2023\/08\/fourniture-journal-creatif-pas-cher-5.jpeg\" alt=\"fourniture journal creatif pas cher  Imprimante cr\u00e9ative mobile COLOP E-MARK GO Imprimante cr\u00e9ative mobile\" width=\"500\" height=\"500\" srcset=\"https:\/\/www.cocondedecoration.com\/blog\/wp-content\/uploads\/2023\/08\/fourniture-journal-creatif-pas-cher-5.jpeg 500w, https:\/\/www.cocondedecoration.com\/blog\/wp-content\/uploads\/2023\/08\/fourniture-journal-creatif-pas-cher-5-165x165.jpeg 165w, https:\/\/www.cocondedecoration.com\/blog\/wp-content\/uploads\/2023\/08\/fourniture-journal-creatif-pas-cher-5-260x260.jpeg 260w, https:\/\/www.cocondedecoration.com\/blog\/wp-content\/uploads\/2023\/08\/fourniture-journal-creatif-pas-cher-5-465x465.jpeg 465w\" sizes=\"(max-width: 500px) 100vw, 500px\" \/><\/p><\/div>\n<\/div>\n<\/div>\n<script type='text\/javascript'>\n\tjQuery(document).ready(function() {\n\t\tjQuery('#slider_63940').owlCarousel({\n\t\t\titems : 1,\n\t\t\tsmartSpeed : 200,\n\t\t\tautoplay : true,\n\t\t\tautoplayTimeout : 5000,\n\t\t\tautoplayHoverPause : true,\n\t\t\tsmartSpeed : 200,\n\t\t\tfluidSpeed : 200,\n\t\t\tautoplaySpeed : 200,\n\t\t\tnavSpeed : 200,\n\t\t\tdotsSpeed : 200,\n\t\t\tloop : true,\n\t\t\tnav : true,\n\t\t\tnavText : ['Previous','Next'],\n\t\t\tdots : true,\n\t\t\tresponsiveRefreshRate : 200,\n\t\t\tslideBy : 1,\n\t\t\tmergeFit : true,\n\t\t\tautoHeight : false,\n\t\t\tmouseDrag : false,\n\t\t\ttouchDrag : true\n\t\t});\n\t\tjQuery('#slider_63940').css('visibility', 'visible');\n\t\tsa_resize_slider_63940();\n\t\twindow.addEventListener('resize', sa_resize_slider_63940);\n\t\tfunction sa_resize_slider_63940() {\n\t\t\tvar min_height = '50';\n\t\t\tvar win_width = jQuery(window).width();\n\t\t\tvar slider_width = jQuery('#slider_63940').width();\n\t\t\tif (win_width < 480) {\n\t\t\t\tvar slide_width = slider_width \/ 1;\n\t\t\t} else if (win_width < 768) {\n\t\t\t\tvar slide_width = slider_width \/ 1;\n\t\t\t} else if (win_width < 980) {\n\t\t\t\tvar slide_width = slider_width \/ 1;\n\t\t\t} else if (win_width < 1200) {\n\t\t\t\tvar slide_width = slider_width \/ 1;\n\t\t\t} else if (win_width < 1500) {\n\t\t\t\tvar slide_width = slider_width \/ 1;\n\t\t\t} else {\n\t\t\t\tvar slide_width = slider_width \/ 1;\n\t\t\t}\n\t\t\tslide_width = Math.round(slide_width);\n\t\t\tvar slide_height = '0';\n\t\t\tif (min_height == 'aspect43') {\n\t\t\t\tslide_height = (slide_width \/ 4) * 3;\t\t\t\tslide_height = Math.round(slide_height);\n\t\t\t} else if (min_height == 'aspect169') {\n\t\t\t\tslide_height = (slide_width \/ 16) * 9;\t\t\t\tslide_height = Math.round(slide_height);\n\t\t\t} else {\n\t\t\t\tslide_height = (slide_width \/ 100) * min_height;\t\t\t\tslide_height = Math.round(slide_height);\n\t\t\t}\n\t\t\tjQuery('#slider_63940 .owl-item .sa_hover_container').css('min-height', slide_height+'px');\n\t\t}\n\t\tvar owl_goto = jQuery('#slider_63940');\n\t\tjQuery('.slider_63940_goto1').click(function(event){\n\t\t\towl_goto.trigger('to.owl.carousel', 0);\n\t\t});\n\t\tjQuery('.slider_63940_goto2').click(function(event){\n\t\t\towl_goto.trigger('to.owl.carousel', 1);\n\t\t});\n\t\tjQuery('.slider_63940_goto3').click(function(event){\n\t\t\towl_goto.trigger('to.owl.carousel', 2);\n\t\t});\n\t\tjQuery('.slider_63940_goto4').click(function(event){\n\t\t\towl_goto.trigger('to.owl.carousel', 3);\n\t\t});\n\t\tjQuery('.slider_63940_goto5').click(function(event){\n\t\t\towl_goto.trigger('to.owl.carousel', 4);\n\t\t});\n\t\tjQuery('.slider_63940_goto6').click(function(event){\n\t\t\towl_goto.trigger('to.owl.carousel', 5);\n\t\t});\n\t\tjQuery('.slider_63940_goto7').click(function(event){\n\t\t\towl_goto.trigger('to.owl.carousel', 6);\n\t\t});\n\t\tjQuery('.slider_63940_goto8').click(function(event){\n\t\t\towl_goto.trigger('to.owl.carousel', 7);\n\t\t});\n\t\tjQuery('.slider_63940_goto9').click(function(event){\n\t\t\towl_goto.trigger('to.owl.carousel', 8);\n\t\t});\n\t\tjQuery('.slider_63940_goto10').click(function(event){\n\t\t\towl_goto.trigger('to.owl.carousel', 9);\n\t\t});\n\t\tjQuery('.slider_63940_goto11').click(function(event){\n\t\t\towl_goto.trigger('to.owl.carousel', 10);\n\t\t});\n\t\tjQuery('.slider_63940_goto12').click(function(event){\n\t\t\towl_goto.trigger('to.owl.carousel', 11);\n\t\t});\n\t\tjQuery('.slider_63940_goto13').click(function(event){\n\t\t\towl_goto.trigger('to.owl.carousel', 12);\n\t\t});\n\t\tjQuery('.slider_63940_goto14').click(function(event){\n\t\t\towl_goto.trigger('to.owl.carousel', 13);\n\t\t});\n\t\tjQuery('.slider_63940_goto15').click(function(event){\n\t\t\towl_goto.trigger('to.owl.carousel', 14);\n\t\t});\n\t\tvar resize_63940 = jQuery('.owl-carousel');\n\t\tresize_63940.on('initialized.owl.carousel', function(e) {\n\t\t\tif (typeof(Event) === 'function') {\n\t\t\t\twindow.dispatchEvent(new Event('resize'));\n\t\t\t} else {\n\t\t\t\tvar evt = window.document.createEvent('UIEvents');\n\t\t\t\tevt.initUIEvent('resize', true, false, window, 0);\n\t\t\t\twindow.dispatchEvent(evt);\n\t\t\t}\n\t\t});\n\t});\n<\/script>\n\n<\/div>\n\n\n\n<div class=\"wp-block-column is-layout-flow wp-block-column-is-layout-flow\">\n<p style=\"text-align:center\" class=\"has-medium-font-size\">Fournitures pour se lancer dans le journaling <\/p>\n\n\n\n<ol><li><a rel=\"noreferrer noopener\" aria-label=\"Carnet blanc souple - Saphir - 9 x 14 cm (s\u2019ouvre dans un nouvel onglet)\" href=\"https:\/\/lpc.scrapmalin.com\/?P4BB7D56CE39171&amp;redir=https%3A%2F%2Fwww.scrapmalin.com%2Fproduct%2Fcarnet-blanc-souple-saphir-9-x-14-cm\" target=\"_blank\">Carnet blanc souple - Saphir - 9 x 14 cm<\/a> - Scrapmalin <\/li><li><a rel=\"noreferrer noopener\" aria-label=\"Aquarelle Japonaise Gansai Coffret 48 couleurs (s\u2019ouvre dans un nouvel onglet)\" href=\"https:\/\/afi.rougier-ple.fr\/?P4826956CE391B1&amp;redir=https%3A%2F%2Fwww.rougier-ple.fr%2Faquarelle-japonaise-gansai-coffret-48-couleurs.r.html\" target=\"_blank\">Aquarelle Japonaise Gansai Coffret 48 couleurs<\/a> - Rougier &amp; Pl\u00e9<\/li><li><a rel=\"noreferrer noopener\" href=\"https:\/\/tracking.publicidees.com\/clic.php?progid=7565&amp;partid=62427&amp;dpl=https%3A%2F%2Fwww.zodio.fr%2Ftrousse-a-bijoux-jaune-flower-power.html\" target=\"_blank\">Trousse \u00e0 compartiments jaune<\/a> - Z\u00f4dio <\/li><li><a rel=\"noreferrer noopener\" aria-label=\"Lot de 4 feutres \u00e0 pointe calibr\u00e9e (s\u2019ouvre dans un nouvel onglet)\" href=\"https:\/\/lpc.scrapmalin.com\/?P4BB7D56CE39171&amp;redir=https%3A%2F%2Fwww.scrapmalin.com%2Fproduct%2Flot-de-4-feutres-a-pointe-calibree\" target=\"_blank\">Lot de 4 feutres \u00e0 pointe calibr\u00e9e<\/a> - Scrapmalin<\/li><li><a rel=\"noreferrer noopener\" aria-label=\"Coffret Scribe Pen stylo +3 plumes (s\u2019ouvre dans un nouvel onglet)\" href=\"https:\/\/afi.rougier-ple.fr\/?P4826956CE391B1&amp;redir=https%3A%2F%2Fwww.rougier-ple.fr%2Fetui-metal-scribe-pen-3-becs-stylo.r.html\" target=\"_blank\">Coffret Scribe Pen stylo +3 plumes<\/a> - Rougier &amp; Pl\u00e9<\/li><li><a rel=\"noreferrer noopener\" href=\"https:\/\/tracking.publicidees.com\/clic.php?progid=7565&amp;partid=62427&amp;dpl=https%3A%2F%2Fwww.zodio.fr%2Froll-stamp-tampon-a-molette-to-do-list.html\" target=\"_blank\">Roll' stamp tampon \u00e0 molette To do list<\/a> - Z\u00f4dio <\/li><li><a rel=\"noreferrer noopener\" aria-label=\"Bullet Journal Edition 2 - Papier 120 g - Noir  (s\u2019ouvre dans un nouvel onglet)\" href=\"https:\/\/lpc.scrapmalin.com\/?P4BB7D56CE39171&amp;redir=https%3A%2F%2Fwww.scrapmalin.com%2Fproduct%2Fnoir-bullet-journal-edition-2-medium-a5-papier-1\" target=\"_blank\">Bullet Journal Edition 2 - Papier 120 g - Noir <\/a>- Scrapmalin<\/li><li><a rel=\"noreferrer noopener\" aria-label=\"Feutre de calligraphie Set Hand Lettering (s\u2019ouvre dans un nouvel onglet)\" href=\"https:\/\/afi.rougier-ple.fr\/?P4826956CE391B1&amp;redir=https%3A%2F%2Fwww.rougier-ple.fr%2Ffeutre-de-calligraphie-pitt-artist-pen-set-hand-lettering-noir-4.r.html\" target=\"_blank\">Feutre de calligraphie Set Hand Lettering<\/a> - Rougier &amp; Pl\u00e9<\/li><li><a rel=\"noreferrer noopener\" href=\"https:\/\/tracking.publicidees.com\/clic.php?progid=7565&amp;partid=62427&amp;dpl=https%3A%2F%2Fwww.zodio.fr%2Fset-8-posca-pointe-moyenne-pastel.html\" target=\"_blank\">Set 8 posca pointe moyenne pastel<\/a> - Z\u00f4dio<\/li><li><a rel=\"noreferrer noopener\" aria-label=\"Set de 8 marqueurs Posca trait extra fin 0,7 mm (s\u2019ouvre dans un nouvel onglet)\" href=\"https:\/\/lpc.scrapmalin.com\/?P4BB7D56CE39171&amp;redir=https%3A%2F%2Fwww.scrapmalin.com%2Fproduct%2Fset-de-8-marqueurs-posca-trait-extra-fin-07-mm-couleurs-basiques\" target=\"_blank\">Set de 8 marqueurs Posca trait extra fin 0,7 mm<\/a> - Scrapmalin<\/li><li><a rel=\"noreferrer noopener\" aria-label=\"Masking Tape Slim 3 pcs (s\u2019ouvre dans un nouvel onglet)\" href=\"https:\/\/afi.rougier-ple.fr\/?P4826956CE391B1&amp;redir=https%3A%2F%2Fwww.rougier-ple.fr%2Fmasking-tape-slim-7-6-mm-deco-3-pcs.r.html\" target=\"_blank\">Masking Tape Slim 3 pcs<\/a> - Rougier &amp; Pl\u00e9<\/li><li><a rel=\"noreferrer noopener\" href=\"https:\/\/tracking.publicidees.com\/clic.php?progid=7565&amp;partid=62427&amp;dpl=https%3A%2F%2Fwww.zodio.fr%2Falbum-en-kraft-noir-40-pages-a4.html\" target=\"_blank\">Album en kraft noir 40 pages A4<\/a> - Z\u00f4dio  <\/li><li><a rel=\"noreferrer noopener\" aria-label=\"3 carnets unis 100g - 32 pages A6 (s\u2019ouvre dans un nouvel onglet)\" href=\"https:\/\/lpc.scrapmalin.com\/?P4BB7D56CE39171&amp;redir=https%3A%2F%2Fwww.scrapmalin.com%2Fproduct%2F3-carnets-unis-100g-32-pages-a6\" target=\"_blank\">3 carnets unis 100g - 32 pages A6<\/a> - Scrapmalin<\/li><li><a rel=\"noreferrer noopener\" aria-label=\"Ruban adh\u00e9sif Washi Tape (s\u2019ouvre dans un nouvel onglet)\" href=\"https:\/\/afi.rougier-ple.fr\/?P4826956CE391B1&amp;redir=https%3A%2F%2Fwww.rougier-ple.fr%2Fruban-adhesif-washi-tape-colorblock-15-30-mm-5-fleurs.r.html\" target=\"_blank\">Ruban adh\u00e9sif Washi Tape<\/a> - Rougier &amp; Pl\u00e9 <\/li><li><a rel=\"noreferrer noopener\" href=\"https:\/\/tracking.publicidees.com\/clic.php?progid=7565&amp;partid=62427&amp;dpl=https%3A%2F%2Fwww.zodio.fr%2Fimprimante-creative-mobile-colop-e-mark-go.html\" target=\"_blank\">Imprimante cr\u00e9ative mobile<\/a> - Z\u00f4dio<\/li><\/ol>\n\n\n\n<p style=\"text-align:center\"><strong>Rendez-vous ici pour d\u00e9couvrir <\/strong><a rel=\"noreferrer noopener\" aria-label=\"le mat\u00e9riel que j'utilise (s\u2019ouvre dans un nouvel onglet)\" href=\"https:\/\/www.cocondedecoration.com\/blog\/2023\/04\/materiel-carnet-de-voyage\/\" target=\"_blank\"><strong>le mat\u00e9riel que j'utilise<\/strong><\/a><strong> pour tenir mes journaux de voyage <\/strong><\/p>\n<\/div>\n<\/div>\n\n\n\n<hr class=\"wp-block-separator\"\/>\n\n\n\n<p class=\"has-text-align-center has-medium-font-size\">Ne perdons pas contact \ud83d\ude42 Rejoignez moi sur <a href=\"https:\/\/www.pinterest.fr\/cocondedeco\/\" target=\"_blank\" rel=\"noopener\" title=\"\">Pinterest<\/a> |\u00a0<a href=\"https:\/\/www.threads.net\/@cocondedeco\" target=\"_blank\" rel=\"noopener\" title=\"\">Threads<\/a> | <a href=\"https:\/\/www.patreon.com\/collection\/162946?view=expanded\" target=\"_blank\" rel=\"noopener\" title=\"\">la Newsletter<\/a> <br>Vous aimez lire le blog? Vous souhaitez continuer \u00e0 le lire? <a href=\"https:\/\/www.patreon.com\/cocondedeco\" target=\"_blank\" rel=\"noopener\" title=\"\">Devenez m\u00e9c\u00e8ne<\/a> sur Patreon et contribuez \u00e0 sa survie. <\/p>\n\n\n\n<hr class=\"wp-block-separator\"\/>\n\n\n\n<div class=\"wp-block-columns has-2-columns is-layout-flex wp-container-core-columns-layout-2 wp-block-columns-is-layout-flex\">\n<div class=\"wp-block-column is-layout-flow wp-block-column-is-layout-flow\">\n<p style=\"text-align:center\" class=\"has-medium-font-size\">A lire \u00e9galement<\/p>\n\n\n<ul class=\"wp-block-latest-posts__list wp-block-latest-posts\"><li><a class=\"wp-block-latest-posts__post-title\" href=\"https:\/\/www.cocondedecoration.com\/blog\/2026\/04\/printemps-journal-nature\/\">Loisir cr\u00e9atif de printemps: cr\u00e9er un journal sur la nature<\/a><\/li>\n<li><a class=\"wp-block-latest-posts__post-title\" href=\"https:\/\/www.cocondedecoration.com\/blog\/2025\/10\/carnet-de-recettes-diy\/\">Carnet de recettes illustr\u00e9: 10 exemples \u00e0 copier<\/a><\/li>\n<li><a class=\"wp-block-latest-posts__post-title\" href=\"https:\/\/www.cocondedecoration.com\/blog\/2025\/04\/prompt-journal-intime\/\">Le journal guid\u00e9 pour \u00e9viter le syndrome de la page blanche<\/a><\/li>\n<li><a class=\"wp-block-latest-posts__post-title\" href=\"https:\/\/www.cocondedecoration.com\/blog\/2025\/02\/junk-journal\/\">Junk Journal pour un quotidien cr\u00e9atif sans pression<\/a><\/li>\n<li><a class=\"wp-block-latest-posts__post-title\" href=\"https:\/\/www.cocondedecoration.com\/blog\/2025\/01\/vision-board-journal-de-gratitude\/\">Vision board et journal de gratitude pour bien d\u00e9buter l&rsquo;ann\u00e9e<\/a><\/li>\n<li><a class=\"wp-block-latest-posts__post-title\" href=\"https:\/\/www.cocondedecoration.com\/blog\/2024\/05\/carnet-lecture-creatif\/\">Journaling et carnet de lecture cr\u00e9atif &#8211; id\u00e9es pour d\u00e9buter<\/a><\/li>\n<li><a class=\"wp-block-latest-posts__post-title\" href=\"https:\/\/www.cocondedecoration.com\/blog\/2024\/04\/illustrations-naturelles-carnet-de-voyages\/\">Illustrations naturelles &#038; souvenirs de vacances | carnet de voyage<\/a><\/li>\n<\/ul><\/div>\n\n\n\n<div class=\"wp-block-column is-layout-flow wp-block-column-is-layout-flow\">\n<p class=\"has-text-align-center has-medium-font-size\" style=\"padding-top:var(--wp--preset--spacing--40);padding-bottom:var(--wp--preset--spacing--40)\"><strong>Devenez m\u00e9c\u00e8ne du blog <\/strong><\/p>\n\n\n\n<hr class=\"wp-block-separator has-alpha-channel-opacity is-style-wide\"\/>\n\n\n\n<p style=\"padding-right:var(--wp--preset--spacing--30);padding-left:var(--wp--preset--spacing--30)\">Soutenez mon travail sur le blog et acc\u00e9dez \u00e0 des contreparties exclusives: <\/p>\n\n\n\n<ul style=\"padding-right:var(--wp--preset--spacing--40);padding-left:var(--wp--preset--spacing--40)\">\n<li>Plusieurs centaines d'articles d\u00e9co, lifestyle &amp; voyage r\u00e9serv\u00e9s aux abonn\u00e9\u2022e\u2022s <\/li>\n\n\n\n<li>Toutes les entr\u00e9es de mon side project - mon dictionnaire nomade <\/li>\n\n\n\n<li>Une publicit\u00e9 limit\u00e9e sur les articles Patreon <\/li>\n<\/ul>\n\n\n\n<div class=\"wp-block-buttons is-content-justification-center is-layout-flex wp-container-core-buttons-layout-1 wp-block-buttons-is-layout-flex\">\n<div class=\"wp-block-button\"><a class=\"wp-block-button__link wp-element-button\" href=\"https:\/\/www.patreon.com\/cocondedeco\" target=\"_blank\" rel=\"noreferrer noopener\">Soutenir le blog maintenant<\/a><\/div>\n<\/div>\n<\/div>\n<\/div>\n\n\n\n<div class=\"wp-block-image\"><figure class=\"aligncenter\"><img loading=\"lazy\" decoding=\"async\" width=\"732\" height=\"488\" src=\"https:\/\/www.cocondedecoration.com\/blog\/wp-content\/uploads\/2023\/05\/bullet-journal-prog-primaire-college-lycee.jpeg\" alt=\"bullet journal prog primaire college lycee organisation de travail exemple couleur calendrier\" class=\"wp-image-60600\" srcset=\"https:\/\/www.cocondedecoration.com\/blog\/wp-content\/uploads\/2023\/05\/bullet-journal-prog-primaire-college-lycee.jpeg 732w, https:\/\/www.cocondedecoration.com\/blog\/wp-content\/uploads\/2023\/05\/bullet-journal-prog-primaire-college-lycee-260x173.jpeg 260w, https:\/\/www.cocondedecoration.com\/blog\/wp-content\/uploads\/2023\/05\/bullet-journal-prog-primaire-college-lycee-640x427.jpeg 640w, https:\/\/www.cocondedecoration.com\/blog\/wp-content\/uploads\/2023\/05\/bullet-journal-prog-primaire-college-lycee-465x310.jpeg 465w, https:\/\/www.cocondedecoration.com\/blog\/wp-content\/uploads\/2023\/05\/bullet-journal-prog-primaire-college-lycee-695x463.jpeg 695w\" sizes=\"(max-width: 732px) 100vw, 732px\" \/><figcaption>diarying.com\n<\/figcaption><\/figure><\/div>\n","protected":false},"excerpt":{"rendered":"<p>A l&rsquo;\u00e9poque de Pronote (et autres logiciels du milieu \u00e9ducatif), on peut se demander si un support papier est bien n\u00e9cessaire. A mes yeux oui. D&rsquo;une part parce que Pronote plante (c&rsquo;est un fait). D&rsquo;autre part un format papier vous permet plus de libert\u00e9. Vous ne d\u00e9pendez pas d&rsquo;un logiciel<span class=\"more-link\"><a href=\"https:\/\/www.cocondedecoration.com\/blog\/2023\/05\/bullet-journal-prof-enseignant\/\">Lire la suite<\/a><\/span><\/p>\n","protected":false},"author":1,"featured_media":60600,"comment_status":"open","ping_status":"open","sticky":false,"template":"","format":"standard","meta":{"om_disable_all_campaigns":false,"_monsterinsights_skip_tracking":false,"_monsterinsights_sitenote_active":false,"_monsterinsights_sitenote_note":"","_monsterinsights_sitenote_category":0,"_uf_show_specific_survey":0,"_uf_disable_surveys":false,"footnotes":""},"categories":[32460],"tags":[34387,32492,46414,37869,37931,40118,46404,46399,46403,46411,32464,46382,46398,46386,46394,46379,46396,46397,46401,46409,46384,46392,46388,46395,34347,46400,46389,46393,46385,46405,46406,46410,46407,46408,46402,46412,46413,46377,46378,46380,46383,46390,46391,46387,46381,46376,46375],"aioseo_notices":[],"_links":{"self":[{"href":"https:\/\/www.cocondedecoration.com\/blog\/wp-json\/wp\/v2\/posts\/60585"}],"collection":[{"href":"https:\/\/www.cocondedecoration.com\/blog\/wp-json\/wp\/v2\/posts"}],"about":[{"href":"https:\/\/www.cocondedecoration.com\/blog\/wp-json\/wp\/v2\/types\/post"}],"author":[{"embeddable":true,"href":"https:\/\/www.cocondedecoration.com\/blog\/wp-json\/wp\/v2\/users\/1"}],"replies":[{"embeddable":true,"href":"https:\/\/www.cocondedecoration.com\/blog\/wp-json\/wp\/v2\/comments?post=60585"}],"version-history":[{"count":0,"href":"https:\/\/www.cocondedecoration.com\/blog\/wp-json\/wp\/v2\/posts\/60585\/revisions"}],"wp:featuredmedia":[{"embeddable":true,"href":"https:\/\/www.cocondedecoration.com\/blog\/wp-json\/wp\/v2\/media\/60600"}],"wp:attachment":[{"href":"https:\/\/www.cocondedecoration.com\/blog\/wp-json\/wp\/v2\/media?parent=60585"}],"wp:term":[{"taxonomy":"category","embeddable":true,"href":"https:\/\/www.cocondedecoration.com\/blog\/wp-json\/wp\/v2\/categories?post=60585"},{"taxonomy":"post_tag","embeddable":true,"href":"https:\/\/www.cocondedecoration.com\/blog\/wp-json\/wp\/v2\/tags?post=60585"}],"curies":[{"name":"wp","href":"https:\/\/api.w.org\/{rel}","templated":true}]}}