{"id":59443,"date":"2023-04-08T09:15:00","date_gmt":"2023-04-08T07:15:00","guid":{"rendered":"https:\/\/www.cocondedecoration.com\/blog\/?p=59443"},"modified":"2023-10-23T05:50:31","modified_gmt":"2023-10-23T03:50:31","slug":"ou-trouver-decoration-verre-recycle","status":"publish","type":"post","link":"https:\/\/www.cocondedecoration.com\/blog\/2023\/04\/ou-trouver-decoration-verre-recycle\/","title":{"rendered":"O\u00f9 trouver | de la d\u00e9co en verre recycl\u00e9?"},"content":{"rendered":"\n<p>Je m\u00eale deux th\u00e8mes d\u00e9co qui me tiennent \u00e0 coeur dans cette s\u00e9lection shopping. On va parler de verre - un mat\u00e9riau qui revient sur le devant de la sc\u00e8ne d\u00e9co et qui se r\u00e9-invente. En revanche, cette fois, j'ai eu envie de mettre l'accent sur le verre recycl\u00e9 pour cr\u00e9er une d\u00e9co plus responsable et plus en ad\u00e9quation avec vos valeurs. Vous verrez qu'il est facile d'associer d\u00e9coration et d\u00e9marche durable au quotidien. <\/p>\n\n\n\n<!--more-->\n\n\n\n<div class=\"wp-block-image\"><figure class=\"aligncenter\"><a href=\"https:\/\/www.patreon.com\/cocondedeco\" target=\"_blank\" rel=\"noreferrer noopener\"><img loading=\"lazy\" decoding=\"async\" width=\"728\" height=\"90\" src=\"http:\/\/www.cocondedecoration.com\/blog\/wp-content\/uploads\/2021\/01\/banniere-patreon.png\" alt=\"\" class=\"wp-image-33877\" srcset=\"https:\/\/www.cocondedecoration.com\/blog\/wp-content\/uploads\/2021\/01\/banniere-patreon.png 728w, https:\/\/www.cocondedecoration.com\/blog\/wp-content\/uploads\/2021\/01\/banniere-patreon-260x32.png 260w, https:\/\/www.cocondedecoration.com\/blog\/wp-content\/uploads\/2021\/01\/banniere-patreon-640x79.png 640w, https:\/\/www.cocondedecoration.com\/blog\/wp-content\/uploads\/2021\/01\/banniere-patreon-465x57.png 465w, https:\/\/www.cocondedecoration.com\/blog\/wp-content\/uploads\/2021\/01\/banniere-patreon-695x86.png 695w\" sizes=\"(max-width: 728px) 100vw, 728px\" \/><\/a><\/figure><\/div>\n\n\n\n<p style=\"text-align:center\" class=\"has-background has-small-font-size has-very-light-gray-background-color\">Avant de poursuivre cet article, j'aimerai vous parler quelques instants de Patreon. C'est une plateforme en plus du blog sur laquelle vous pouvez devenir m\u00e9c\u00e8ne du blog. <br><strong>Pourquoi soutenir le blog?<\/strong> <br>Parce que c'est un travail consid\u00e9rable et m\u00eame si je le fais avec passion c'est aussi un travail pr\u00e9caire (<a rel=\"noreferrer noopener\" href=\"https:\/\/www.patreon.com\/posts\/en-quoi-consiste-86917611\" target=\"_blank\">je vous explique tout cela en d\u00e9tail dans ce post<\/a>). Si vous aimez l'article que vous \u00eates en train de lire, si vous me suivez sur les r\u00e9seaux sociaux ou encore si vous lisez r\u00e9guli\u00e8rement le blog, je vous serai reconnaissante de soutenir le blog via Patreon. Par ailleurs, en vous abonnant sur la plateforme vous acc\u00e9derez \u00e0 des contenus exclusifs pour vous remercier de votre soutien. C'est sans engagement et chaque contribution fera la diff\u00e9rence. Merci par avance de votre aide! <br><a rel=\"noreferrer noopener\" href=\"https:\/\/www.patreon.com\/cocondedeco\" target=\"_blank\"><strong>En savoir plus &amp; acc\u00e9der \u00e0 Patreon<\/strong><\/a><\/p>\n\n\n\n<h2 class=\"wp-block-heading\">O\u00f9 trouver de la d\u00e9co en verre recycl\u00e9? <\/h2>\n\n\n\n<div class=\"wp-block-columns has-4-columns is-layout-flex wp-container-core-columns-layout-1 wp-block-columns-is-layout-flex\">\n<div class=\"wp-block-column is-layout-flow wp-block-column-is-layout-flow\">\n<figure class=\"wp-block-image\"><img loading=\"lazy\" decoding=\"async\" width=\"500\" height=\"500\" src=\"https:\/\/www.cocondedecoration.com\/blog\/wp-content\/uploads\/2023\/04\/ou-trouver-objet-deco-durable-verre-recycle-1.jpeg\" alt=\"ou trouver objet deco durable verre recycle Vase en verre recycl\u00e9 h 22 cm bleu jeans\" class=\"wp-image-59444\" srcset=\"https:\/\/www.cocondedecoration.com\/blog\/wp-content\/uploads\/2023\/04\/ou-trouver-objet-deco-durable-verre-recycle-1.jpeg 500w, https:\/\/www.cocondedecoration.com\/blog\/wp-content\/uploads\/2023\/04\/ou-trouver-objet-deco-durable-verre-recycle-1-165x165.jpeg 165w, https:\/\/www.cocondedecoration.com\/blog\/wp-content\/uploads\/2023\/04\/ou-trouver-objet-deco-durable-verre-recycle-1-260x260.jpeg 260w, https:\/\/www.cocondedecoration.com\/blog\/wp-content\/uploads\/2023\/04\/ou-trouver-objet-deco-durable-verre-recycle-1-465x465.jpeg 465w\" sizes=\"(max-width: 500px) 100vw, 500px\" \/><figcaption><a href=\"https:\/\/c3po.link\/QPD8xQpVPA\" target=\"_blank\" rel=\"noreferrer noopener\" aria-label=\"Vase en verre recycl\u00e9  (s\u2019ouvre dans un nouvel onglet)\">Vase en verre recycl\u00e9 <\/a>- La Redoute<\/figcaption><\/figure>\n\n\n\n<figure class=\"wp-block-image\"><img loading=\"lazy\" decoding=\"async\" width=\"500\" height=\"500\" src=\"https:\/\/www.cocondedecoration.com\/blog\/wp-content\/uploads\/2023\/04\/ou-acheter-deco-ecoresponsasble-recyclee-pas-cher-1.jpeg\" alt=\"ou acheter deco ecoresponsasble recyclee pas cher Vase verre recycl\u00e9 transparent H31cm\" class=\"wp-image-59499\" srcset=\"https:\/\/www.cocondedecoration.com\/blog\/wp-content\/uploads\/2023\/04\/ou-acheter-deco-ecoresponsasble-recyclee-pas-cher-1.jpeg 500w, https:\/\/www.cocondedecoration.com\/blog\/wp-content\/uploads\/2023\/04\/ou-acheter-deco-ecoresponsasble-recyclee-pas-cher-1-165x165.jpeg 165w, https:\/\/www.cocondedecoration.com\/blog\/wp-content\/uploads\/2023\/04\/ou-acheter-deco-ecoresponsasble-recyclee-pas-cher-1-260x260.jpeg 260w, https:\/\/www.cocondedecoration.com\/blog\/wp-content\/uploads\/2023\/04\/ou-acheter-deco-ecoresponsasble-recyclee-pas-cher-1-465x465.jpeg 465w\" sizes=\"(max-width: 500px) 100vw, 500px\" \/><figcaption><a href=\"https:\/\/fnty.co\/c\/r-HNUeZIkx\" target=\"_blank\" rel=\"noreferrer noopener\" aria-label=\"Vase verre recycl\u00e9 transparent (s\u2019ouvre dans un nouvel onglet)\">Vase verre recycl\u00e9 transparent<\/a> - Maisons du Monde<\/figcaption><\/figure>\n\n\n\n<figure class=\"wp-block-image\"><img loading=\"lazy\" decoding=\"async\" width=\"500\" height=\"500\" src=\"https:\/\/www.cocondedecoration.com\/blog\/wp-content\/uploads\/2023\/04\/ou-trouver-deco-durable-ecoresponsable-design-verre-1.jpeg\" alt=\"ou trouver deco durable ecoresponsable design verre Bocal en verre recycl\u00e9 22 cm bloomingville\" class=\"wp-image-59479\" srcset=\"https:\/\/www.cocondedecoration.com\/blog\/wp-content\/uploads\/2023\/04\/ou-trouver-deco-durable-ecoresponsable-design-verre-1.jpeg 500w, https:\/\/www.cocondedecoration.com\/blog\/wp-content\/uploads\/2023\/04\/ou-trouver-deco-durable-ecoresponsable-design-verre-1-165x165.jpeg 165w, https:\/\/www.cocondedecoration.com\/blog\/wp-content\/uploads\/2023\/04\/ou-trouver-deco-durable-ecoresponsable-design-verre-1-260x260.jpeg 260w, https:\/\/www.cocondedecoration.com\/blog\/wp-content\/uploads\/2023\/04\/ou-trouver-deco-durable-ecoresponsable-design-verre-1-465x465.jpeg 465w\" sizes=\"(max-width: 500px) 100vw, 500px\" \/><figcaption><a rel=\"noreferrer noopener\" aria-label=\"Bocal en verre recycl\u00e9 22 cm (s\u2019ouvre dans un nouvel onglet)\" href=\"https:\/\/fnty.co\/c\/r-YhbvZBAs\" target=\"_blank\">Bocal en verre recycl\u00e9 22 cm<\/a> - The Cool Republic<\/figcaption><\/figure>\n\n\n\n<figure class=\"wp-block-image\"><img loading=\"lazy\" decoding=\"async\" width=\"500\" height=\"500\" src=\"https:\/\/www.cocondedecoration.com\/blog\/wp-content\/uploads\/2023\/04\/ou-trouver-objet-deco-durable-verre-recycle-5.jpeg\" alt=\"ou trouver objet deco durable verre recycle Terrarium et outils aran 36 cm en verre recycl\u00e9\" class=\"wp-image-59448\" srcset=\"https:\/\/www.cocondedecoration.com\/blog\/wp-content\/uploads\/2023\/04\/ou-trouver-objet-deco-durable-verre-recycle-5.jpeg 500w, https:\/\/www.cocondedecoration.com\/blog\/wp-content\/uploads\/2023\/04\/ou-trouver-objet-deco-durable-verre-recycle-5-165x165.jpeg 165w, https:\/\/www.cocondedecoration.com\/blog\/wp-content\/uploads\/2023\/04\/ou-trouver-objet-deco-durable-verre-recycle-5-260x260.jpeg 260w, https:\/\/www.cocondedecoration.com\/blog\/wp-content\/uploads\/2023\/04\/ou-trouver-objet-deco-durable-verre-recycle-5-465x465.jpeg 465w\" sizes=\"(max-width: 500px) 100vw, 500px\" \/><figcaption><a href=\"https:\/\/c3po.link\/QWYAehq3dV\" target=\"_blank\" rel=\"noreferrer noopener\" aria-label=\"Terrarium et outils en verre recycl\u00e9 (s\u2019ouvre dans un nouvel onglet)\">Terrarium et outils en verre recycl\u00e9<\/a> - La Redoute<\/figcaption><\/figure>\n\n\n\n<figure class=\"wp-block-image\"><img loading=\"lazy\" decoding=\"async\" width=\"500\" height=\"500\" src=\"https:\/\/www.cocondedecoration.com\/blog\/wp-content\/uploads\/2023\/04\/ou-acheter-deco-ecoresponsasble-recyclee-pas-cher-5.jpeg\" alt=\"ou acheter deco ecoresponsasble recyclee pas cher Bout de canap\u00e9 en rotin et verre tremp\u00e9 recycl\u00e9\" class=\"wp-image-59495\" srcset=\"https:\/\/www.cocondedecoration.com\/blog\/wp-content\/uploads\/2023\/04\/ou-acheter-deco-ecoresponsasble-recyclee-pas-cher-5.jpeg 500w, https:\/\/www.cocondedecoration.com\/blog\/wp-content\/uploads\/2023\/04\/ou-acheter-deco-ecoresponsasble-recyclee-pas-cher-5-165x165.jpeg 165w, https:\/\/www.cocondedecoration.com\/blog\/wp-content\/uploads\/2023\/04\/ou-acheter-deco-ecoresponsasble-recyclee-pas-cher-5-260x260.jpeg 260w, https:\/\/www.cocondedecoration.com\/blog\/wp-content\/uploads\/2023\/04\/ou-acheter-deco-ecoresponsasble-recyclee-pas-cher-5-465x465.jpeg 465w\" sizes=\"(max-width: 500px) 100vw, 500px\" \/><figcaption><a href=\"https:\/\/fnty.co\/c\/r-VRSWBSya\" target=\"_blank\" rel=\"noreferrer noopener\" aria-label=\"Bout de canap\u00e9 en rotin et verre tremp\u00e9 recycl\u00e9 (s\u2019ouvre dans un nouvel onglet)\">Bout de canap\u00e9 en rotin et verre tremp\u00e9 recycl\u00e9<\/a> - Maisons du Monde<\/figcaption><\/figure>\n\n\n\n<figure class=\"wp-block-image\"><img loading=\"lazy\" decoding=\"async\" width=\"500\" height=\"500\" src=\"https:\/\/www.cocondedecoration.com\/blog\/wp-content\/uploads\/2023\/04\/ou-trouver-objet-deco-durable-verre-recycle-9.jpeg\" alt=\"ou trouver objet deco durable verre recycle Vase Beldi en verre recycl\u00e9 H20 cm, Pinago marron vintage\" class=\"wp-image-59452\" srcset=\"https:\/\/www.cocondedecoration.com\/blog\/wp-content\/uploads\/2023\/04\/ou-trouver-objet-deco-durable-verre-recycle-9.jpeg 500w, https:\/\/www.cocondedecoration.com\/blog\/wp-content\/uploads\/2023\/04\/ou-trouver-objet-deco-durable-verre-recycle-9-165x165.jpeg 165w, https:\/\/www.cocondedecoration.com\/blog\/wp-content\/uploads\/2023\/04\/ou-trouver-objet-deco-durable-verre-recycle-9-260x260.jpeg 260w, https:\/\/www.cocondedecoration.com\/blog\/wp-content\/uploads\/2023\/04\/ou-trouver-objet-deco-durable-verre-recycle-9-465x465.jpeg 465w\" sizes=\"(max-width: 500px) 100vw, 500px\" \/><figcaption><a href=\"https:\/\/c3po.link\/QPQSx5Ncab\" target=\"_blank\" rel=\"noreferrer noopener\" aria-label=\"Vase Beldi en verre recycl\u00e9  marron (s\u2019ouvre dans un nouvel onglet)\">Vase Beldi en verre recycl\u00e9  marron<\/a> - La Redoute<\/figcaption><\/figure>\n\n\n\n<figure class=\"wp-block-image\"><img loading=\"lazy\" decoding=\"async\" width=\"500\" height=\"500\" src=\"https:\/\/www.cocondedecoration.com\/blog\/wp-content\/uploads\/2023\/04\/ou-acheter-deco-ecoresponsasble-recyclee-pas-cher-9.jpeg\" alt=\"ou acheter deco ecoresponsasble recyclee pas cher Vase bouteille en verre recycl\u00e9 ocre H50\" class=\"wp-image-59491\" srcset=\"https:\/\/www.cocondedecoration.com\/blog\/wp-content\/uploads\/2023\/04\/ou-acheter-deco-ecoresponsasble-recyclee-pas-cher-9.jpeg 500w, https:\/\/www.cocondedecoration.com\/blog\/wp-content\/uploads\/2023\/04\/ou-acheter-deco-ecoresponsasble-recyclee-pas-cher-9-165x165.jpeg 165w, https:\/\/www.cocondedecoration.com\/blog\/wp-content\/uploads\/2023\/04\/ou-acheter-deco-ecoresponsasble-recyclee-pas-cher-9-260x260.jpeg 260w, https:\/\/www.cocondedecoration.com\/blog\/wp-content\/uploads\/2023\/04\/ou-acheter-deco-ecoresponsasble-recyclee-pas-cher-9-465x465.jpeg 465w\" sizes=\"(max-width: 500px) 100vw, 500px\" \/><figcaption><a href=\"https:\/\/fnty.co\/c\/r-ohKEyaHd\" target=\"_blank\" rel=\"noreferrer noopener\" aria-label=\"Vase bouteille en verre recycl\u00e9 ocre (s\u2019ouvre dans un nouvel onglet)\">Vase bouteille en verre recycl\u00e9 ocre<\/a> - Maisons du Monde<\/figcaption><\/figure>\n\n\n\n<figure class=\"wp-block-image\"><img loading=\"lazy\" decoding=\"async\" width=\"500\" height=\"500\" src=\"https:\/\/www.cocondedecoration.com\/blog\/wp-content\/uploads\/2023\/04\/ou-trouver-deco-durable-ecoresponsable-design-verre-5.jpeg\" alt=\"ou trouver deco durable ecoresponsable design verre Grand verre \u00e0 eau vert ferm living\" class=\"wp-image-59475\" srcset=\"https:\/\/www.cocondedecoration.com\/blog\/wp-content\/uploads\/2023\/04\/ou-trouver-deco-durable-ecoresponsable-design-verre-5.jpeg 500w, https:\/\/www.cocondedecoration.com\/blog\/wp-content\/uploads\/2023\/04\/ou-trouver-deco-durable-ecoresponsable-design-verre-5-165x165.jpeg 165w, https:\/\/www.cocondedecoration.com\/blog\/wp-content\/uploads\/2023\/04\/ou-trouver-deco-durable-ecoresponsable-design-verre-5-260x260.jpeg 260w, https:\/\/www.cocondedecoration.com\/blog\/wp-content\/uploads\/2023\/04\/ou-trouver-deco-durable-ecoresponsable-design-verre-5-465x465.jpeg 465w\" sizes=\"(max-width: 500px) 100vw, 500px\" \/><figcaption><a rel=\"noreferrer noopener\" aria-label=\"Grand verre \u00e0 eau vert (s\u2019ouvre dans un nouvel onglet)\" href=\"https:\/\/fnty.co\/c\/r-IgxYPnNo\" target=\"_blank\">Grand verre \u00e0 eau vert<\/a> - The Cool Republic<\/figcaption><\/figure>\n\n\n\n<figure class=\"wp-block-image\"><img loading=\"lazy\" decoding=\"async\" width=\"500\" height=\"500\" src=\"https:\/\/www.cocondedecoration.com\/blog\/wp-content\/uploads\/2023\/04\/ou-trouver-objet-deco-durable-verre-recycle-13.jpeg\" alt=\"ou trouver objet deco durable verre recycle Porte-savon en verre recycl\u00e9 eucalyptus vert salle de bain\" class=\"wp-image-59456\" srcset=\"https:\/\/www.cocondedecoration.com\/blog\/wp-content\/uploads\/2023\/04\/ou-trouver-objet-deco-durable-verre-recycle-13.jpeg 500w, https:\/\/www.cocondedecoration.com\/blog\/wp-content\/uploads\/2023\/04\/ou-trouver-objet-deco-durable-verre-recycle-13-165x165.jpeg 165w, https:\/\/www.cocondedecoration.com\/blog\/wp-content\/uploads\/2023\/04\/ou-trouver-objet-deco-durable-verre-recycle-13-260x260.jpeg 260w, https:\/\/www.cocondedecoration.com\/blog\/wp-content\/uploads\/2023\/04\/ou-trouver-objet-deco-durable-verre-recycle-13-465x465.jpeg 465w\" sizes=\"(max-width: 500px) 100vw, 500px\" \/><figcaption><a href=\"https:\/\/c3po.link\/QtNpeQqkB4\" target=\"_blank\" rel=\"noreferrer noopener\" aria-label=\"Porte-savon en verre recycl\u00e9 eucalyptus (s\u2019ouvre dans un nouvel onglet)\">Porte-savon en verre recycl\u00e9 eucalyptus<\/a> - La Redoute<\/figcaption><\/figure>\n\n\n\n<figure class=\"wp-block-image\"><img loading=\"lazy\" decoding=\"async\" width=\"500\" height=\"500\" src=\"https:\/\/www.cocondedecoration.com\/blog\/wp-content\/uploads\/2023\/04\/ou-acheter-deco-ecoresponsasble-recyclee-pas-cher-13.jpeg\" alt=\"ou acheter deco ecoresponsasble recyclee pas cher Vase bouteille en verre recycl\u00e9 H30 dame jeanne esprit vintage\" class=\"wp-image-59487\" srcset=\"https:\/\/www.cocondedecoration.com\/blog\/wp-content\/uploads\/2023\/04\/ou-acheter-deco-ecoresponsasble-recyclee-pas-cher-13.jpeg 500w, https:\/\/www.cocondedecoration.com\/blog\/wp-content\/uploads\/2023\/04\/ou-acheter-deco-ecoresponsasble-recyclee-pas-cher-13-165x165.jpeg 165w, https:\/\/www.cocondedecoration.com\/blog\/wp-content\/uploads\/2023\/04\/ou-acheter-deco-ecoresponsasble-recyclee-pas-cher-13-260x260.jpeg 260w, https:\/\/www.cocondedecoration.com\/blog\/wp-content\/uploads\/2023\/04\/ou-acheter-deco-ecoresponsasble-recyclee-pas-cher-13-465x465.jpeg 465w\" sizes=\"(max-width: 500px) 100vw, 500px\" \/><figcaption><a href=\"https:\/\/fnty.co\/c\/r-POjNurNa\" target=\"_blank\" rel=\"noreferrer noopener\" aria-label=\"Vase bouteille en verre recycl\u00e9  (s\u2019ouvre dans un nouvel onglet)\">Vase bouteille en verre recycl\u00e9 <\/a>- Maisons du Monde<\/figcaption><\/figure>\n\n\n\n<figure class=\"wp-block-image\"><img loading=\"lazy\" decoding=\"async\" width=\"500\" height=\"500\" src=\"https:\/\/www.cocondedecoration.com\/blog\/wp-content\/uploads\/2023\/04\/ou-trouver-objet-deco-durable-verre-recycle-17.jpeg\" alt=\"ou trouver objet deco durable verre recycle Vase Louise Verre Recycl\u00e9 9l D25 H30 bleu transparent\" class=\"wp-image-59460\" srcset=\"https:\/\/www.cocondedecoration.com\/blog\/wp-content\/uploads\/2023\/04\/ou-trouver-objet-deco-durable-verre-recycle-17.jpeg 500w, https:\/\/www.cocondedecoration.com\/blog\/wp-content\/uploads\/2023\/04\/ou-trouver-objet-deco-durable-verre-recycle-17-165x165.jpeg 165w, https:\/\/www.cocondedecoration.com\/blog\/wp-content\/uploads\/2023\/04\/ou-trouver-objet-deco-durable-verre-recycle-17-260x260.jpeg 260w, https:\/\/www.cocondedecoration.com\/blog\/wp-content\/uploads\/2023\/04\/ou-trouver-objet-deco-durable-verre-recycle-17-465x465.jpeg 465w\" sizes=\"(max-width: 500px) 100vw, 500px\" \/><figcaption><a href=\"https:\/\/c3po.link\/QJRAn4daPC\" target=\"_blank\" rel=\"noreferrer noopener\" aria-label=\"Vase Louise Verre Recycl\u00e9 9l bleu (s\u2019ouvre dans un nouvel onglet)\">Vase Louise Verre Recycl\u00e9 9l bleu<\/a> - La Redoute<\/figcaption><\/figure>\n\n\n\n<figure class=\"wp-block-image\"><img loading=\"lazy\" decoding=\"async\" width=\"500\" height=\"500\" src=\"https:\/\/www.cocondedecoration.com\/blog\/wp-content\/uploads\/2023\/04\/ou-trouver-deco-durable-ecoresponsable-design-verre-9.jpeg\" alt=\"ou trouver deco durable ecoresponsable design verre Verre \u00e0 vin vert ferm living\" class=\"wp-image-59471\" srcset=\"https:\/\/www.cocondedecoration.com\/blog\/wp-content\/uploads\/2023\/04\/ou-trouver-deco-durable-ecoresponsable-design-verre-9.jpeg 500w, https:\/\/www.cocondedecoration.com\/blog\/wp-content\/uploads\/2023\/04\/ou-trouver-deco-durable-ecoresponsable-design-verre-9-165x165.jpeg 165w, https:\/\/www.cocondedecoration.com\/blog\/wp-content\/uploads\/2023\/04\/ou-trouver-deco-durable-ecoresponsable-design-verre-9-260x260.jpeg 260w, https:\/\/www.cocondedecoration.com\/blog\/wp-content\/uploads\/2023\/04\/ou-trouver-deco-durable-ecoresponsable-design-verre-9-465x465.jpeg 465w\" sizes=\"(max-width: 500px) 100vw, 500px\" \/><figcaption><a rel=\"noreferrer noopener\" aria-label=\"Verre \u00e0 vin vert  (s\u2019ouvre dans un nouvel onglet)\" href=\"https:\/\/fnty.co\/c\/r-VBGLhSIR\" target=\"_blank\">Verre \u00e0 vin vert <\/a>- The Cool Republic<\/figcaption><\/figure>\n\n\n\n<figure class=\"wp-block-image\"><img loading=\"lazy\" decoding=\"async\" width=\"500\" height=\"500\" src=\"https:\/\/www.cocondedecoration.com\/blog\/wp-content\/uploads\/2023\/04\/ou-acheter-deco-ecoresponsasble-recyclee-pas-cher-17.jpeg\" alt=\"ou acheter deco ecoresponsasble recyclee pas cher Flacon verre blanc 100ml bouchon alu + dispenser + vapo\" class=\"wp-image-59483\" srcset=\"https:\/\/www.cocondedecoration.com\/blog\/wp-content\/uploads\/2023\/04\/ou-acheter-deco-ecoresponsasble-recyclee-pas-cher-17.jpeg 500w, https:\/\/www.cocondedecoration.com\/blog\/wp-content\/uploads\/2023\/04\/ou-acheter-deco-ecoresponsasble-recyclee-pas-cher-17-165x165.jpeg 165w, https:\/\/www.cocondedecoration.com\/blog\/wp-content\/uploads\/2023\/04\/ou-acheter-deco-ecoresponsasble-recyclee-pas-cher-17-260x260.jpeg 260w, https:\/\/www.cocondedecoration.com\/blog\/wp-content\/uploads\/2023\/04\/ou-acheter-deco-ecoresponsasble-recyclee-pas-cher-17-465x465.jpeg 465w\" sizes=\"(max-width: 500px) 100vw, 500px\" \/><figcaption><a href=\"https:\/\/fnty.co\/c\/r-iQlJicgh\" target=\"_blank\" rel=\"noreferrer noopener\" aria-label=\"Flacon verre blanc 100ml bouchon  (s\u2019ouvre dans un nouvel onglet)\">Flacon verre blanc 100ml bouchon <\/a>- Maisons du Monde<\/figcaption><\/figure>\n\n\n\n<figure class=\"wp-block-image\"><img loading=\"lazy\" decoding=\"async\" width=\"500\" height=\"500\" src=\"https:\/\/www.cocondedecoration.com\/blog\/wp-content\/uploads\/2023\/04\/ou-trouver-objet-deco-durable-verre-recycle-21.jpeg\" alt=\"ou trouver objet deco durable verre recycle T\u00eate en verre recycl\u00e9 h 29 cm BUDDHA\" class=\"wp-image-59464\" srcset=\"https:\/\/www.cocondedecoration.com\/blog\/wp-content\/uploads\/2023\/04\/ou-trouver-objet-deco-durable-verre-recycle-21.jpeg 500w, https:\/\/www.cocondedecoration.com\/blog\/wp-content\/uploads\/2023\/04\/ou-trouver-objet-deco-durable-verre-recycle-21-165x165.jpeg 165w, https:\/\/www.cocondedecoration.com\/blog\/wp-content\/uploads\/2023\/04\/ou-trouver-objet-deco-durable-verre-recycle-21-260x260.jpeg 260w, https:\/\/www.cocondedecoration.com\/blog\/wp-content\/uploads\/2023\/04\/ou-trouver-objet-deco-durable-verre-recycle-21-465x465.jpeg 465w\" sizes=\"(max-width: 500px) 100vw, 500px\" \/><figcaption><a href=\"https:\/\/c3po.link\/QCNrCKNZVv\" target=\"_blank\" rel=\"noreferrer noopener\" aria-label=\"T\u00eate en verre recycl\u00e9 BUDDHA (s\u2019ouvre dans un nouvel onglet)\">T\u00eate en verre recycl\u00e9 BUDDHA<\/a> - La Redoute<\/figcaption><\/figure>\n<\/div>\n\n\n\n<div class=\"wp-block-column is-layout-flow wp-block-column-is-layout-flow\">\n<figure class=\"wp-block-image\"><img loading=\"lazy\" decoding=\"async\" width=\"500\" height=\"500\" src=\"https:\/\/www.cocondedecoration.com\/blog\/wp-content\/uploads\/2023\/04\/ou-trouver-objet-deco-durable-verre-recycle-2.jpeg\" alt=\"ou trouver objet deco durable verre recycle Vase en verre recycl\u00e9 h 30 cm eucalyptus vert\" class=\"wp-image-59445\" srcset=\"https:\/\/www.cocondedecoration.com\/blog\/wp-content\/uploads\/2023\/04\/ou-trouver-objet-deco-durable-verre-recycle-2.jpeg 500w, https:\/\/www.cocondedecoration.com\/blog\/wp-content\/uploads\/2023\/04\/ou-trouver-objet-deco-durable-verre-recycle-2-165x165.jpeg 165w, https:\/\/www.cocondedecoration.com\/blog\/wp-content\/uploads\/2023\/04\/ou-trouver-objet-deco-durable-verre-recycle-2-260x260.jpeg 260w, https:\/\/www.cocondedecoration.com\/blog\/wp-content\/uploads\/2023\/04\/ou-trouver-objet-deco-durable-verre-recycle-2-465x465.jpeg 465w\" sizes=\"(max-width: 500px) 100vw, 500px\" \/><figcaption><a href=\"https:\/\/c3po.link\/QtqtCHfNRd\" target=\"_blank\" rel=\"noreferrer noopener\" aria-label=\"Vase en verre recycl\u00e9 eucalyptus  (s\u2019ouvre dans un nouvel onglet)\">Vase en verre recycl\u00e9 eucalyptus <\/a>- La Redoute<\/figcaption><\/figure>\n\n\n\n<figure class=\"wp-block-image\"><img loading=\"lazy\" decoding=\"async\" width=\"500\" height=\"500\" src=\"https:\/\/www.cocondedecoration.com\/blog\/wp-content\/uploads\/2023\/04\/ou-acheter-deco-ecoresponsasble-recyclee-pas-cher-2.jpeg\" alt=\"ou acheter deco ecoresponsasble recyclee pas cher Vase verre recycl\u00e9 forme ovale chic\" class=\"wp-image-59498\" srcset=\"https:\/\/www.cocondedecoration.com\/blog\/wp-content\/uploads\/2023\/04\/ou-acheter-deco-ecoresponsasble-recyclee-pas-cher-2.jpeg 500w, https:\/\/www.cocondedecoration.com\/blog\/wp-content\/uploads\/2023\/04\/ou-acheter-deco-ecoresponsasble-recyclee-pas-cher-2-165x165.jpeg 165w, https:\/\/www.cocondedecoration.com\/blog\/wp-content\/uploads\/2023\/04\/ou-acheter-deco-ecoresponsasble-recyclee-pas-cher-2-260x260.jpeg 260w, https:\/\/www.cocondedecoration.com\/blog\/wp-content\/uploads\/2023\/04\/ou-acheter-deco-ecoresponsasble-recyclee-pas-cher-2-465x465.jpeg 465w\" sizes=\"(max-width: 500px) 100vw, 500px\" \/><figcaption><a href=\"https:\/\/fnty.co\/c\/r-JOoJsKhu\" target=\"_blank\" rel=\"noreferrer noopener\" aria-label=\"Vase verre recycl\u00e9  (s\u2019ouvre dans un nouvel onglet)\">Vase verre recycl\u00e9 <\/a>- Maisons du Monde<\/figcaption><\/figure>\n\n\n\n<figure class=\"wp-block-image\"><img loading=\"lazy\" decoding=\"async\" width=\"500\" height=\"500\" src=\"https:\/\/www.cocondedecoration.com\/blog\/wp-content\/uploads\/2023\/04\/ou-trouver-deco-durable-ecoresponsable-design-verre-2.jpeg\" alt=\"ou trouver deco durable ecoresponsable design verre Vase rond verre recycl\u00e9 21 x 16 cm ferm living\" class=\"wp-image-59478\" srcset=\"https:\/\/www.cocondedecoration.com\/blog\/wp-content\/uploads\/2023\/04\/ou-trouver-deco-durable-ecoresponsable-design-verre-2.jpeg 500w, https:\/\/www.cocondedecoration.com\/blog\/wp-content\/uploads\/2023\/04\/ou-trouver-deco-durable-ecoresponsable-design-verre-2-165x165.jpeg 165w, https:\/\/www.cocondedecoration.com\/blog\/wp-content\/uploads\/2023\/04\/ou-trouver-deco-durable-ecoresponsable-design-verre-2-260x260.jpeg 260w, https:\/\/www.cocondedecoration.com\/blog\/wp-content\/uploads\/2023\/04\/ou-trouver-deco-durable-ecoresponsable-design-verre-2-465x465.jpeg 465w\" sizes=\"(max-width: 500px) 100vw, 500px\" \/><figcaption><a rel=\"noreferrer noopener\" aria-label=\"Vase rond verre recycl\u00e9 (s\u2019ouvre dans un nouvel onglet)\" href=\"https:\/\/fnty.co\/c\/r-bADTcSPd\" target=\"_blank\">Vase rond verre recycl\u00e9<\/a> - The Cool Republic<\/figcaption><\/figure>\n\n\n\n<figure class=\"wp-block-image\"><img loading=\"lazy\" decoding=\"async\" width=\"500\" height=\"500\" src=\"https:\/\/www.cocondedecoration.com\/blog\/wp-content\/uploads\/2023\/04\/ou-trouver-objet-deco-durable-verre-recycle-6.jpeg\" alt=\"ou trouver objet deco durable verre recycle Vase en verre recycl\u00e9 H28 cm\" class=\"wp-image-59449\" srcset=\"https:\/\/www.cocondedecoration.com\/blog\/wp-content\/uploads\/2023\/04\/ou-trouver-objet-deco-durable-verre-recycle-6.jpeg 500w, https:\/\/www.cocondedecoration.com\/blog\/wp-content\/uploads\/2023\/04\/ou-trouver-objet-deco-durable-verre-recycle-6-165x165.jpeg 165w, https:\/\/www.cocondedecoration.com\/blog\/wp-content\/uploads\/2023\/04\/ou-trouver-objet-deco-durable-verre-recycle-6-260x260.jpeg 260w, https:\/\/www.cocondedecoration.com\/blog\/wp-content\/uploads\/2023\/04\/ou-trouver-objet-deco-durable-verre-recycle-6-465x465.jpeg 465w\" sizes=\"(max-width: 500px) 100vw, 500px\" \/><figcaption><a href=\"https:\/\/c3po.link\/QhntwRUdxn\" target=\"_blank\" rel=\"noreferrer noopener\" aria-label=\"Vase en verre recycl\u00e9 marron (s\u2019ouvre dans un nouvel onglet)\">Vase en verre recycl\u00e9 marron<\/a> - La Redoute<\/figcaption><\/figure>\n\n\n\n<figure class=\"wp-block-image\"><img loading=\"lazy\" decoding=\"async\" width=\"500\" height=\"500\" src=\"https:\/\/www.cocondedecoration.com\/blog\/wp-content\/uploads\/2023\/04\/ou-acheter-deco-ecoresponsasble-recyclee-pas-cher-6.jpeg\" alt=\"ou acheter deco ecoresponsasble recyclee pas cher Coffret 4 gobelets en verre recycl\u00e9\" class=\"wp-image-59494\" srcset=\"https:\/\/www.cocondedecoration.com\/blog\/wp-content\/uploads\/2023\/04\/ou-acheter-deco-ecoresponsasble-recyclee-pas-cher-6.jpeg 500w, https:\/\/www.cocondedecoration.com\/blog\/wp-content\/uploads\/2023\/04\/ou-acheter-deco-ecoresponsasble-recyclee-pas-cher-6-165x165.jpeg 165w, https:\/\/www.cocondedecoration.com\/blog\/wp-content\/uploads\/2023\/04\/ou-acheter-deco-ecoresponsasble-recyclee-pas-cher-6-260x260.jpeg 260w, https:\/\/www.cocondedecoration.com\/blog\/wp-content\/uploads\/2023\/04\/ou-acheter-deco-ecoresponsasble-recyclee-pas-cher-6-465x465.jpeg 465w\" sizes=\"(max-width: 500px) 100vw, 500px\" \/><figcaption><a href=\"https:\/\/fnty.co\/c\/r-kfbFcCMB\" target=\"_blank\" rel=\"noreferrer noopener\" aria-label=\"Coffret 4 gobelets en verre recycl\u00e9 (s\u2019ouvre dans un nouvel onglet)\">Coffret 4 gobelets en verre recycl\u00e9<\/a> - Maisons du Monde<\/figcaption><\/figure>\n\n\n\n<figure class=\"wp-block-image\"><img loading=\"lazy\" decoding=\"async\" width=\"500\" height=\"500\" src=\"https:\/\/www.cocondedecoration.com\/blog\/wp-content\/uploads\/2023\/04\/ou-trouver-objet-deco-durable-verre-recycle-10.jpeg\" alt=\"ou trouver objet deco durable verre recycle Distributeur de savon en verre recycl\u00e9 BUBBLES salle de bain couleur miel\" class=\"wp-image-59453\" srcset=\"https:\/\/www.cocondedecoration.com\/blog\/wp-content\/uploads\/2023\/04\/ou-trouver-objet-deco-durable-verre-recycle-10.jpeg 500w, https:\/\/www.cocondedecoration.com\/blog\/wp-content\/uploads\/2023\/04\/ou-trouver-objet-deco-durable-verre-recycle-10-165x165.jpeg 165w, https:\/\/www.cocondedecoration.com\/blog\/wp-content\/uploads\/2023\/04\/ou-trouver-objet-deco-durable-verre-recycle-10-260x260.jpeg 260w, https:\/\/www.cocondedecoration.com\/blog\/wp-content\/uploads\/2023\/04\/ou-trouver-objet-deco-durable-verre-recycle-10-465x465.jpeg 465w\" sizes=\"(max-width: 500px) 100vw, 500px\" \/><figcaption><a href=\"https:\/\/c3po.link\/QhFs2UEbu9\" target=\"_blank\" rel=\"noreferrer noopener\" aria-label=\"Distributeur de savon en verre recycl\u00e9 (s\u2019ouvre dans un nouvel onglet)\">Distributeur de savon en verre recycl\u00e9<\/a> - La Redoute<\/figcaption><\/figure>\n\n\n\n<figure class=\"wp-block-image\"><img loading=\"lazy\" decoding=\"async\" width=\"500\" height=\"500\" src=\"https:\/\/www.cocondedecoration.com\/blog\/wp-content\/uploads\/2023\/04\/ou-acheter-deco-ecoresponsasble-recyclee-pas-cher-10.jpeg\" alt=\"ou acheter deco ecoresponsasble recyclee pas cher Vase bouteille en verre recycl\u00e9 bordeaux H50\" class=\"wp-image-59490\" srcset=\"https:\/\/www.cocondedecoration.com\/blog\/wp-content\/uploads\/2023\/04\/ou-acheter-deco-ecoresponsasble-recyclee-pas-cher-10.jpeg 500w, https:\/\/www.cocondedecoration.com\/blog\/wp-content\/uploads\/2023\/04\/ou-acheter-deco-ecoresponsasble-recyclee-pas-cher-10-165x165.jpeg 165w, https:\/\/www.cocondedecoration.com\/blog\/wp-content\/uploads\/2023\/04\/ou-acheter-deco-ecoresponsasble-recyclee-pas-cher-10-260x260.jpeg 260w, https:\/\/www.cocondedecoration.com\/blog\/wp-content\/uploads\/2023\/04\/ou-acheter-deco-ecoresponsasble-recyclee-pas-cher-10-465x465.jpeg 465w\" sizes=\"(max-width: 500px) 100vw, 500px\" \/><figcaption><a href=\"https:\/\/fnty.co\/c\/r-bNTbBGAf\" target=\"_blank\" rel=\"noreferrer noopener\" aria-label=\"Vase bouteille en verre recycl\u00e9 bordeaux (s\u2019ouvre dans un nouvel onglet)\">Vase bouteille en verre recycl\u00e9 bordeaux<\/a> - Maisons du Monde<\/figcaption><\/figure>\n\n\n\n<figure class=\"wp-block-image\"><img loading=\"lazy\" decoding=\"async\" width=\"500\" height=\"500\" src=\"https:\/\/www.cocondedecoration.com\/blog\/wp-content\/uploads\/2023\/04\/ou-trouver-deco-durable-ecoresponsable-design-verre-6.jpeg\" alt=\"ou trouver deco durable ecoresponsable design verre Jarre en verre forme poisson \" class=\"wp-image-59474\" srcset=\"https:\/\/www.cocondedecoration.com\/blog\/wp-content\/uploads\/2023\/04\/ou-trouver-deco-durable-ecoresponsable-design-verre-6.jpeg 500w, https:\/\/www.cocondedecoration.com\/blog\/wp-content\/uploads\/2023\/04\/ou-trouver-deco-durable-ecoresponsable-design-verre-6-165x165.jpeg 165w, https:\/\/www.cocondedecoration.com\/blog\/wp-content\/uploads\/2023\/04\/ou-trouver-deco-durable-ecoresponsable-design-verre-6-260x260.jpeg 260w, https:\/\/www.cocondedecoration.com\/blog\/wp-content\/uploads\/2023\/04\/ou-trouver-deco-durable-ecoresponsable-design-verre-6-465x465.jpeg 465w\" sizes=\"(max-width: 500px) 100vw, 500px\" \/><figcaption><a rel=\"noreferrer noopener\" aria-label=\"Jarre en verre (s\u2019ouvre dans un nouvel onglet)\" href=\"https:\/\/fnty.co\/c\/r-PsTbfJEv\" target=\"_blank\">Jarre en verre<\/a> - The Cool Republic<\/figcaption><\/figure>\n\n\n\n<figure class=\"wp-block-image\"><img loading=\"lazy\" decoding=\"async\" width=\"500\" height=\"500\" src=\"https:\/\/www.cocondedecoration.com\/blog\/wp-content\/uploads\/2023\/04\/ou-trouver-objet-deco-durable-verre-recycle-14.jpeg\" alt=\"ou trouver objet deco durable verre recycle Pot en verre recycl\u00e9 1 l avec couvercle vissable z\u00e9ro d\u00e9chet cuisine\" class=\"wp-image-59457\" srcset=\"https:\/\/www.cocondedecoration.com\/blog\/wp-content\/uploads\/2023\/04\/ou-trouver-objet-deco-durable-verre-recycle-14.jpeg 500w, https:\/\/www.cocondedecoration.com\/blog\/wp-content\/uploads\/2023\/04\/ou-trouver-objet-deco-durable-verre-recycle-14-165x165.jpeg 165w, https:\/\/www.cocondedecoration.com\/blog\/wp-content\/uploads\/2023\/04\/ou-trouver-objet-deco-durable-verre-recycle-14-260x260.jpeg 260w, https:\/\/www.cocondedecoration.com\/blog\/wp-content\/uploads\/2023\/04\/ou-trouver-objet-deco-durable-verre-recycle-14-465x465.jpeg 465w\" sizes=\"(max-width: 500px) 100vw, 500px\" \/><figcaption><a href=\"https:\/\/c3po.link\/QPJ348bbfu\" target=\"_blank\" rel=\"noreferrer noopener\" aria-label=\"Pot en verre recycl\u00e9 avec couvercle vissable (s\u2019ouvre dans un nouvel onglet)\">Pot en verre recycl\u00e9 avec couvercle vissable<\/a> - La Redoute<\/figcaption><\/figure>\n\n\n\n<figure class=\"wp-block-image\"><img loading=\"lazy\" decoding=\"async\" width=\"500\" height=\"500\" src=\"https:\/\/www.cocondedecoration.com\/blog\/wp-content\/uploads\/2023\/04\/ou-acheter-deco-ecoresponsasble-recyclee-pas-cher-14.jpeg\" alt=\"ou acheter deco ecoresponsasble recyclee pas cher Vase bouteille en verre recycl\u00e9 H100\" class=\"wp-image-59486\" srcset=\"https:\/\/www.cocondedecoration.com\/blog\/wp-content\/uploads\/2023\/04\/ou-acheter-deco-ecoresponsasble-recyclee-pas-cher-14.jpeg 500w, https:\/\/www.cocondedecoration.com\/blog\/wp-content\/uploads\/2023\/04\/ou-acheter-deco-ecoresponsasble-recyclee-pas-cher-14-165x165.jpeg 165w, https:\/\/www.cocondedecoration.com\/blog\/wp-content\/uploads\/2023\/04\/ou-acheter-deco-ecoresponsasble-recyclee-pas-cher-14-260x260.jpeg 260w, https:\/\/www.cocondedecoration.com\/blog\/wp-content\/uploads\/2023\/04\/ou-acheter-deco-ecoresponsasble-recyclee-pas-cher-14-465x465.jpeg 465w\" sizes=\"(max-width: 500px) 100vw, 500px\" \/><figcaption><a href=\"https:\/\/fnty.co\/c\/r-xcJDMwLk\" target=\"_blank\" rel=\"noreferrer noopener\" aria-label=\"Vase bouteille en verre recycl\u00e9 (s\u2019ouvre dans un nouvel onglet)\">Vase bouteille en verre recycl\u00e9<\/a> - Maisons du Monde<\/figcaption><\/figure>\n\n\n\n<figure class=\"wp-block-image\"><img loading=\"lazy\" decoding=\"async\" width=\"500\" height=\"500\" src=\"https:\/\/www.cocondedecoration.com\/blog\/wp-content\/uploads\/2023\/04\/ou-trouver-objet-deco-durable-verre-recycle-18.jpeg\" alt=\"ou trouver objet deco durable verre recycle Vase Serena Verre Recycl\u00e9 7l D18.5 H42 marron vert\" class=\"wp-image-59461\" srcset=\"https:\/\/www.cocondedecoration.com\/blog\/wp-content\/uploads\/2023\/04\/ou-trouver-objet-deco-durable-verre-recycle-18.jpeg 500w, https:\/\/www.cocondedecoration.com\/blog\/wp-content\/uploads\/2023\/04\/ou-trouver-objet-deco-durable-verre-recycle-18-165x165.jpeg 165w, https:\/\/www.cocondedecoration.com\/blog\/wp-content\/uploads\/2023\/04\/ou-trouver-objet-deco-durable-verre-recycle-18-260x260.jpeg 260w, https:\/\/www.cocondedecoration.com\/blog\/wp-content\/uploads\/2023\/04\/ou-trouver-objet-deco-durable-verre-recycle-18-465x465.jpeg 465w\" sizes=\"(max-width: 500px) 100vw, 500px\" \/><figcaption><a href=\"https:\/\/c3po.link\/QwgDCCpC8C\" target=\"_blank\" rel=\"noreferrer noopener\" aria-label=\"Vase Serena Verre Recycl\u00e9 (s\u2019ouvre dans un nouvel onglet)\">Vase Serena Verre Recycl\u00e9<\/a> - La Redoute<\/figcaption><\/figure>\n\n\n\n<figure class=\"wp-block-image\"><img loading=\"lazy\" decoding=\"async\" width=\"500\" height=\"500\" src=\"https:\/\/www.cocondedecoration.com\/blog\/wp-content\/uploads\/2023\/04\/ou-trouver-deco-durable-ecoresponsable-design-verre-10.jpeg\" alt=\"ou trouver deco durable ecoresponsable design verre Bocal de stockage cuisine z\u00e9ro d\u00e9chet\" class=\"wp-image-59470\" srcset=\"https:\/\/www.cocondedecoration.com\/blog\/wp-content\/uploads\/2023\/04\/ou-trouver-deco-durable-ecoresponsable-design-verre-10.jpeg 500w, https:\/\/www.cocondedecoration.com\/blog\/wp-content\/uploads\/2023\/04\/ou-trouver-deco-durable-ecoresponsable-design-verre-10-165x165.jpeg 165w, https:\/\/www.cocondedecoration.com\/blog\/wp-content\/uploads\/2023\/04\/ou-trouver-deco-durable-ecoresponsable-design-verre-10-260x260.jpeg 260w, https:\/\/www.cocondedecoration.com\/blog\/wp-content\/uploads\/2023\/04\/ou-trouver-deco-durable-ecoresponsable-design-verre-10-465x465.jpeg 465w\" sizes=\"(max-width: 500px) 100vw, 500px\" \/><figcaption><a rel=\"noreferrer noopener\" aria-label=\"Bocal de stockage (s\u2019ouvre dans un nouvel onglet)\" href=\"https:\/\/fnty.co\/c\/r-JTpEQfAs\" target=\"_blank\">Bocal de stockage<\/a> - The Cool Republic<\/figcaption><\/figure>\n\n\n\n<figure class=\"wp-block-image\"><img loading=\"lazy\" decoding=\"async\" width=\"500\" height=\"500\" src=\"https:\/\/www.cocondedecoration.com\/blog\/wp-content\/uploads\/2023\/04\/ou-acheter-deco-ecoresponsasble-recyclee-pas-cher-18.jpeg\" alt=\"ou acheter deco ecoresponsasble recyclee pas cher Vase en verre recycl\u00e9 marron D21\" class=\"wp-image-59482\" srcset=\"https:\/\/www.cocondedecoration.com\/blog\/wp-content\/uploads\/2023\/04\/ou-acheter-deco-ecoresponsasble-recyclee-pas-cher-18.jpeg 500w, https:\/\/www.cocondedecoration.com\/blog\/wp-content\/uploads\/2023\/04\/ou-acheter-deco-ecoresponsasble-recyclee-pas-cher-18-165x165.jpeg 165w, https:\/\/www.cocondedecoration.com\/blog\/wp-content\/uploads\/2023\/04\/ou-acheter-deco-ecoresponsasble-recyclee-pas-cher-18-260x260.jpeg 260w, https:\/\/www.cocondedecoration.com\/blog\/wp-content\/uploads\/2023\/04\/ou-acheter-deco-ecoresponsasble-recyclee-pas-cher-18-465x465.jpeg 465w\" sizes=\"(max-width: 500px) 100vw, 500px\" \/><figcaption><a href=\"https:\/\/fnty.co\/c\/r-HbSQzdkm\" target=\"_blank\" rel=\"noreferrer noopener\" aria-label=\"Vase en verre recycl\u00e9 marron  (s\u2019ouvre dans un nouvel onglet)\">Vase en verre recycl\u00e9 marron <\/a>- Maisons du Monde<\/figcaption><\/figure>\n\n\n\n<figure class=\"wp-block-image\"><img loading=\"lazy\" decoding=\"async\" width=\"500\" height=\"500\" src=\"https:\/\/www.cocondedecoration.com\/blog\/wp-content\/uploads\/2023\/04\/ou-trouver-objet-deco-durable-verre-recycle-22.jpeg\" alt=\"ou trouver objet deco durable verre recycle Vase \u00c9paule en Verre Recycl\u00e9 H 45 grand mod\u00e8le\" class=\"wp-image-59465\" srcset=\"https:\/\/www.cocondedecoration.com\/blog\/wp-content\/uploads\/2023\/04\/ou-trouver-objet-deco-durable-verre-recycle-22.jpeg 500w, https:\/\/www.cocondedecoration.com\/blog\/wp-content\/uploads\/2023\/04\/ou-trouver-objet-deco-durable-verre-recycle-22-165x165.jpeg 165w, https:\/\/www.cocondedecoration.com\/blog\/wp-content\/uploads\/2023\/04\/ou-trouver-objet-deco-durable-verre-recycle-22-260x260.jpeg 260w, https:\/\/www.cocondedecoration.com\/blog\/wp-content\/uploads\/2023\/04\/ou-trouver-objet-deco-durable-verre-recycle-22-465x465.jpeg 465w\" sizes=\"(max-width: 500px) 100vw, 500px\" \/><figcaption><a href=\"https:\/\/c3po.link\/QhBESDSFqM\" target=\"_blank\" rel=\"noreferrer noopener\" aria-label=\"Vase \u00c9paule en Verre Recycl\u00e9 grand mod\u00e8le (s\u2019ouvre dans un nouvel onglet)\">Vase \u00c9paule en Verre Recycl\u00e9 grand mod\u00e8le<\/a> - La Redoute<\/figcaption><\/figure>\n<\/div>\n\n\n\n<div class=\"wp-block-column is-layout-flow wp-block-column-is-layout-flow\">\n<figure class=\"wp-block-image\"><img loading=\"lazy\" decoding=\"async\" width=\"500\" height=\"500\" src=\"https:\/\/www.cocondedecoration.com\/blog\/wp-content\/uploads\/2023\/04\/ou-trouver-objet-deco-durable-verre-recycle-3.jpeg\" alt=\"ou trouver objet deco durable verre recycle Vase bouteille simplicity 51 cm en verre recycl\u00e9\" class=\"wp-image-59446\" srcset=\"https:\/\/www.cocondedecoration.com\/blog\/wp-content\/uploads\/2023\/04\/ou-trouver-objet-deco-durable-verre-recycle-3.jpeg 500w, https:\/\/www.cocondedecoration.com\/blog\/wp-content\/uploads\/2023\/04\/ou-trouver-objet-deco-durable-verre-recycle-3-165x165.jpeg 165w, https:\/\/www.cocondedecoration.com\/blog\/wp-content\/uploads\/2023\/04\/ou-trouver-objet-deco-durable-verre-recycle-3-260x260.jpeg 260w, https:\/\/www.cocondedecoration.com\/blog\/wp-content\/uploads\/2023\/04\/ou-trouver-objet-deco-durable-verre-recycle-3-465x465.jpeg 465w\" sizes=\"(max-width: 500px) 100vw, 500px\" \/><figcaption><a href=\"https:\/\/c3po.link\/QJjrWpuqaX\" target=\"_blank\" rel=\"noreferrer noopener\" aria-label=\"Vase bouteille transparente en verre recycl\u00e9 (s\u2019ouvre dans un nouvel onglet)\">Vase bouteille transparente en verre recycl\u00e9<\/a> - La Redoute<\/figcaption><\/figure>\n\n\n\n<figure class=\"wp-block-image\"><img loading=\"lazy\" decoding=\"async\" width=\"500\" height=\"500\" src=\"https:\/\/www.cocondedecoration.com\/blog\/wp-content\/uploads\/2023\/04\/ou-acheter-deco-ecoresponsasble-recyclee-pas-cher-3.jpeg\" alt=\"ou acheter deco ecoresponsasble recyclee pas cher Duo flacons verre blanc 500ml pompe dispenser\" class=\"wp-image-59497\" srcset=\"https:\/\/www.cocondedecoration.com\/blog\/wp-content\/uploads\/2023\/04\/ou-acheter-deco-ecoresponsasble-recyclee-pas-cher-3.jpeg 500w, https:\/\/www.cocondedecoration.com\/blog\/wp-content\/uploads\/2023\/04\/ou-acheter-deco-ecoresponsasble-recyclee-pas-cher-3-165x165.jpeg 165w, https:\/\/www.cocondedecoration.com\/blog\/wp-content\/uploads\/2023\/04\/ou-acheter-deco-ecoresponsasble-recyclee-pas-cher-3-260x260.jpeg 260w, https:\/\/www.cocondedecoration.com\/blog\/wp-content\/uploads\/2023\/04\/ou-acheter-deco-ecoresponsasble-recyclee-pas-cher-3-465x465.jpeg 465w\" sizes=\"(max-width: 500px) 100vw, 500px\" \/><figcaption><a href=\"https:\/\/fnty.co\/c\/r-kmdiChzJ\" target=\"_blank\" rel=\"noreferrer noopener\" aria-label=\"Duo flacons verre blanc pompe dispenser (s\u2019ouvre dans un nouvel onglet)\">Duo flacons verre blanc pompe dispenser<\/a> - Maisons du Monde<\/figcaption><\/figure>\n\n\n\n<figure class=\"wp-block-image\"><img loading=\"lazy\" decoding=\"async\" width=\"500\" height=\"500\" src=\"https:\/\/www.cocondedecoration.com\/blog\/wp-content\/uploads\/2023\/04\/ou-trouver-deco-durable-ecoresponsable-design-verre-3.jpeg\" alt=\"ou trouver deco durable ecoresponsable design verre Vase en verre lilas 14 cm\" class=\"wp-image-59477\" srcset=\"https:\/\/www.cocondedecoration.com\/blog\/wp-content\/uploads\/2023\/04\/ou-trouver-deco-durable-ecoresponsable-design-verre-3.jpeg 500w, https:\/\/www.cocondedecoration.com\/blog\/wp-content\/uploads\/2023\/04\/ou-trouver-deco-durable-ecoresponsable-design-verre-3-165x165.jpeg 165w, https:\/\/www.cocondedecoration.com\/blog\/wp-content\/uploads\/2023\/04\/ou-trouver-deco-durable-ecoresponsable-design-verre-3-260x260.jpeg 260w, https:\/\/www.cocondedecoration.com\/blog\/wp-content\/uploads\/2023\/04\/ou-trouver-deco-durable-ecoresponsable-design-verre-3-465x465.jpeg 465w\" sizes=\"(max-width: 500px) 100vw, 500px\" \/><figcaption><a rel=\"noreferrer noopener\" aria-label=\"Vase en verre lilas 14 cm (s\u2019ouvre dans un nouvel onglet)\" href=\"https:\/\/fnty.co\/c\/r-mFbCCUod\" target=\"_blank\">Vase en verre lilas 14 cm<\/a> - The Cool Republic<\/figcaption><\/figure>\n\n\n\n<figure class=\"wp-block-image\"><img loading=\"lazy\" decoding=\"async\" width=\"500\" height=\"500\" src=\"https:\/\/www.cocondedecoration.com\/blog\/wp-content\/uploads\/2023\/04\/ou-trouver-objet-deco-durable-verre-recycle-7.jpeg\" alt=\"ou trouver objet deco durable verre recycle Photophore en verre recycl\u00e9 h 25 cm anthracite\" class=\"wp-image-59450\" srcset=\"https:\/\/www.cocondedecoration.com\/blog\/wp-content\/uploads\/2023\/04\/ou-trouver-objet-deco-durable-verre-recycle-7.jpeg 500w, https:\/\/www.cocondedecoration.com\/blog\/wp-content\/uploads\/2023\/04\/ou-trouver-objet-deco-durable-verre-recycle-7-165x165.jpeg 165w, https:\/\/www.cocondedecoration.com\/blog\/wp-content\/uploads\/2023\/04\/ou-trouver-objet-deco-durable-verre-recycle-7-260x260.jpeg 260w, https:\/\/www.cocondedecoration.com\/blog\/wp-content\/uploads\/2023\/04\/ou-trouver-objet-deco-durable-verre-recycle-7-465x465.jpeg 465w\" sizes=\"(max-width: 500px) 100vw, 500px\" \/><figcaption><a href=\"https:\/\/c3po.link\/QycBtMxMrQ\" target=\"_blank\" rel=\"noreferrer noopener\" aria-label=\"Photophore en verre recycl\u00e9 anthracite (s\u2019ouvre dans un nouvel onglet)\">Photophore en verre recycl\u00e9 anthracite<\/a> - La Redoute<\/figcaption><\/figure>\n\n\n\n<figure class=\"wp-block-image\"><img loading=\"lazy\" decoding=\"async\" width=\"500\" height=\"500\" src=\"https:\/\/www.cocondedecoration.com\/blog\/wp-content\/uploads\/2023\/04\/ou-acheter-deco-ecoresponsasble-recyclee-pas-cher-7.jpeg\" alt=\"ou acheter deco ecoresponsasble recyclee pas cher Vase bouteille en verre recycl\u00e9 taupe H25.5\" class=\"wp-image-59493\" srcset=\"https:\/\/www.cocondedecoration.com\/blog\/wp-content\/uploads\/2023\/04\/ou-acheter-deco-ecoresponsasble-recyclee-pas-cher-7.jpeg 500w, https:\/\/www.cocondedecoration.com\/blog\/wp-content\/uploads\/2023\/04\/ou-acheter-deco-ecoresponsasble-recyclee-pas-cher-7-165x165.jpeg 165w, https:\/\/www.cocondedecoration.com\/blog\/wp-content\/uploads\/2023\/04\/ou-acheter-deco-ecoresponsasble-recyclee-pas-cher-7-260x260.jpeg 260w, https:\/\/www.cocondedecoration.com\/blog\/wp-content\/uploads\/2023\/04\/ou-acheter-deco-ecoresponsasble-recyclee-pas-cher-7-465x465.jpeg 465w\" sizes=\"(max-width: 500px) 100vw, 500px\" \/><figcaption><a href=\"https:\/\/fnty.co\/c\/r-cNWoxBFg\" target=\"_blank\" rel=\"noreferrer noopener\" aria-label=\"Vase bouteille en verre recycl\u00e9 taupe (s\u2019ouvre dans un nouvel onglet)\">Vase bouteille en verre recycl\u00e9 taupe<\/a> - Maisons du Monde<\/figcaption><\/figure>\n\n\n\n<figure class=\"wp-block-image\"><img loading=\"lazy\" decoding=\"async\" width=\"500\" height=\"500\" src=\"https:\/\/www.cocondedecoration.com\/blog\/wp-content\/uploads\/2023\/04\/ou-trouver-objet-deco-durable-verre-recycle-11.jpeg\" alt=\"ou trouver objet deco durable verre recycle Gobelet en verre recycl\u00e9 couleur miel salle de bain\" class=\"wp-image-59454\" srcset=\"https:\/\/www.cocondedecoration.com\/blog\/wp-content\/uploads\/2023\/04\/ou-trouver-objet-deco-durable-verre-recycle-11.jpeg 500w, https:\/\/www.cocondedecoration.com\/blog\/wp-content\/uploads\/2023\/04\/ou-trouver-objet-deco-durable-verre-recycle-11-165x165.jpeg 165w, https:\/\/www.cocondedecoration.com\/blog\/wp-content\/uploads\/2023\/04\/ou-trouver-objet-deco-durable-verre-recycle-11-260x260.jpeg 260w, https:\/\/www.cocondedecoration.com\/blog\/wp-content\/uploads\/2023\/04\/ou-trouver-objet-deco-durable-verre-recycle-11-465x465.jpeg 465w\" sizes=\"(max-width: 500px) 100vw, 500px\" \/><figcaption><a href=\"https:\/\/c3po.link\/QPZD6WeJxt\" target=\"_blank\" rel=\"noreferrer noopener\" aria-label=\"Gobelet en verre recycl\u00e9  (s\u2019ouvre dans un nouvel onglet)\">Gobelet en verre recycl\u00e9 <\/a>- La Redoute<\/figcaption><\/figure>\n\n\n\n<figure class=\"wp-block-image\"><img loading=\"lazy\" decoding=\"async\" width=\"500\" height=\"500\" src=\"https:\/\/www.cocondedecoration.com\/blog\/wp-content\/uploads\/2023\/04\/ou-acheter-deco-ecoresponsasble-recyclee-pas-cher-11.jpeg\" alt=\"ou acheter deco ecoresponsasble recyclee pas cher Vase bouteille en verre recycl\u00e9 vert H26\" class=\"wp-image-59489\" srcset=\"https:\/\/www.cocondedecoration.com\/blog\/wp-content\/uploads\/2023\/04\/ou-acheter-deco-ecoresponsasble-recyclee-pas-cher-11.jpeg 500w, https:\/\/www.cocondedecoration.com\/blog\/wp-content\/uploads\/2023\/04\/ou-acheter-deco-ecoresponsasble-recyclee-pas-cher-11-165x165.jpeg 165w, https:\/\/www.cocondedecoration.com\/blog\/wp-content\/uploads\/2023\/04\/ou-acheter-deco-ecoresponsasble-recyclee-pas-cher-11-260x260.jpeg 260w, https:\/\/www.cocondedecoration.com\/blog\/wp-content\/uploads\/2023\/04\/ou-acheter-deco-ecoresponsasble-recyclee-pas-cher-11-465x465.jpeg 465w\" sizes=\"(max-width: 500px) 100vw, 500px\" \/><figcaption><a href=\"https:\/\/fnty.co\/c\/r-UCHsoJAF\" target=\"_blank\" rel=\"noreferrer noopener\" aria-label=\"Vase bouteille en verre recycl\u00e9 vert  (s\u2019ouvre dans un nouvel onglet)\">Vase bouteille en verre recycl\u00e9 vert <\/a>- Maisons du Monde<\/figcaption><\/figure>\n\n\n\n<figure class=\"wp-block-image\"><img loading=\"lazy\" decoding=\"async\" width=\"500\" height=\"500\" src=\"https:\/\/www.cocondedecoration.com\/blog\/wp-content\/uploads\/2023\/04\/ou-trouver-deco-durable-ecoresponsable-design-verre-7.jpeg\" alt=\"ou trouver deco durable ecoresponsable design verre Verre \u00e0 eau vert ferm living\" class=\"wp-image-59473\" srcset=\"https:\/\/www.cocondedecoration.com\/blog\/wp-content\/uploads\/2023\/04\/ou-trouver-deco-durable-ecoresponsable-design-verre-7.jpeg 500w, https:\/\/www.cocondedecoration.com\/blog\/wp-content\/uploads\/2023\/04\/ou-trouver-deco-durable-ecoresponsable-design-verre-7-165x165.jpeg 165w, https:\/\/www.cocondedecoration.com\/blog\/wp-content\/uploads\/2023\/04\/ou-trouver-deco-durable-ecoresponsable-design-verre-7-260x260.jpeg 260w, https:\/\/www.cocondedecoration.com\/blog\/wp-content\/uploads\/2023\/04\/ou-trouver-deco-durable-ecoresponsable-design-verre-7-465x465.jpeg 465w\" sizes=\"(max-width: 500px) 100vw, 500px\" \/><figcaption><a rel=\"noreferrer noopener\" aria-label=\"Verre \u00e0 eau vert  (s\u2019ouvre dans un nouvel onglet)\" href=\"https:\/\/fnty.co\/c\/r-IxFClWTZ\" target=\"_blank\">Verre \u00e0 eau vert <\/a>- The Cool Republic<\/figcaption><\/figure>\n\n\n\n<figure class=\"wp-block-image\"><img loading=\"lazy\" decoding=\"async\" width=\"500\" height=\"500\" src=\"https:\/\/www.cocondedecoration.com\/blog\/wp-content\/uploads\/2023\/04\/ou-trouver-objet-deco-durable-verre-recycle-15.jpeg\" alt=\"ou trouver objet deco durable verre recycle Gobelet en verre recycl\u00e9\" class=\"wp-image-59458\" srcset=\"https:\/\/www.cocondedecoration.com\/blog\/wp-content\/uploads\/2023\/04\/ou-trouver-objet-deco-durable-verre-recycle-15.jpeg 500w, https:\/\/www.cocondedecoration.com\/blog\/wp-content\/uploads\/2023\/04\/ou-trouver-objet-deco-durable-verre-recycle-15-165x165.jpeg 165w, https:\/\/www.cocondedecoration.com\/blog\/wp-content\/uploads\/2023\/04\/ou-trouver-objet-deco-durable-verre-recycle-15-260x260.jpeg 260w, https:\/\/www.cocondedecoration.com\/blog\/wp-content\/uploads\/2023\/04\/ou-trouver-objet-deco-durable-verre-recycle-15-465x465.jpeg 465w\" sizes=\"(max-width: 500px) 100vw, 500px\" \/><figcaption><a href=\"https:\/\/c3po.link\/Qw9B22sRTa\" target=\"_blank\" rel=\"noreferrer noopener\" aria-label=\"Gobelet en verre recycl\u00e9 (s\u2019ouvre dans un nouvel onglet)\">Gobelet en verre recycl\u00e9<\/a> - La Redoute<\/figcaption><\/figure>\n\n\n\n<figure class=\"wp-block-image\"><img loading=\"lazy\" decoding=\"async\" width=\"500\" height=\"500\" src=\"https:\/\/www.cocondedecoration.com\/blog\/wp-content\/uploads\/2023\/04\/ou-acheter-deco-ecoresponsasble-recyclee-pas-cher-15.jpeg\" alt=\"ou acheter deco ecoresponsasble recyclee pas cher Huilier en verre recycl\u00e9 avec bouchon en li\u00e8ge 230ml\" class=\"wp-image-59485\" srcset=\"https:\/\/www.cocondedecoration.com\/blog\/wp-content\/uploads\/2023\/04\/ou-acheter-deco-ecoresponsasble-recyclee-pas-cher-15.jpeg 500w, https:\/\/www.cocondedecoration.com\/blog\/wp-content\/uploads\/2023\/04\/ou-acheter-deco-ecoresponsasble-recyclee-pas-cher-15-165x165.jpeg 165w, https:\/\/www.cocondedecoration.com\/blog\/wp-content\/uploads\/2023\/04\/ou-acheter-deco-ecoresponsasble-recyclee-pas-cher-15-260x260.jpeg 260w, https:\/\/www.cocondedecoration.com\/blog\/wp-content\/uploads\/2023\/04\/ou-acheter-deco-ecoresponsasble-recyclee-pas-cher-15-465x465.jpeg 465w\" sizes=\"(max-width: 500px) 100vw, 500px\" \/><figcaption><a href=\"https:\/\/fnty.co\/c\/r-SlKxMGNR\" target=\"_blank\" rel=\"noreferrer noopener\" aria-label=\"Huilier en verre recycl\u00e9 avec bouchon en li\u00e8ge  (s\u2019ouvre dans un nouvel onglet)\">Huilier en verre recycl\u00e9 avec bouchon en li\u00e8ge <\/a>- Maisons du Monde<\/figcaption><\/figure>\n\n\n\n<figure class=\"wp-block-image\"><img loading=\"lazy\" decoding=\"async\" width=\"500\" height=\"500\" src=\"https:\/\/www.cocondedecoration.com\/blog\/wp-content\/uploads\/2023\/04\/ou-trouver-objet-deco-durable-verre-recycle-19.jpeg\" alt=\"ou trouver objet deco durable verre recycle Vase d'Espagne haut en verre recycl\u00e9 et ficelle raphia h 33 cm Orys\" class=\"wp-image-59462\" srcset=\"https:\/\/www.cocondedecoration.com\/blog\/wp-content\/uploads\/2023\/04\/ou-trouver-objet-deco-durable-verre-recycle-19.jpeg 500w, https:\/\/www.cocondedecoration.com\/blog\/wp-content\/uploads\/2023\/04\/ou-trouver-objet-deco-durable-verre-recycle-19-165x165.jpeg 165w, https:\/\/www.cocondedecoration.com\/blog\/wp-content\/uploads\/2023\/04\/ou-trouver-objet-deco-durable-verre-recycle-19-260x260.jpeg 260w, https:\/\/www.cocondedecoration.com\/blog\/wp-content\/uploads\/2023\/04\/ou-trouver-objet-deco-durable-verre-recycle-19-465x465.jpeg 465w\" sizes=\"(max-width: 500px) 100vw, 500px\" \/><figcaption><a href=\"https:\/\/c3po.link\/QugtYfaawk\" target=\"_blank\" rel=\"noreferrer noopener\" aria-label=\"Vase d'Espagne haut en verre recycl\u00e9 et ficelle raphia (s\u2019ouvre dans un nouvel onglet)\">Vase d'Espagne haut en verre recycl\u00e9 et ficelle raphia<\/a> - La Redoute<\/figcaption><\/figure>\n\n\n\n<figure class=\"wp-block-image\"><img loading=\"lazy\" decoding=\"async\" width=\"500\" height=\"500\" src=\"https:\/\/www.cocondedecoration.com\/blog\/wp-content\/uploads\/2023\/04\/ou-trouver-deco-durable-ecoresponsable-design-verre-11.jpeg\" alt=\"ou trouver deco durable ecoresponsable design verre Vase en verre rose 17 cm\" class=\"wp-image-59469\" srcset=\"https:\/\/www.cocondedecoration.com\/blog\/wp-content\/uploads\/2023\/04\/ou-trouver-deco-durable-ecoresponsable-design-verre-11.jpeg 500w, https:\/\/www.cocondedecoration.com\/blog\/wp-content\/uploads\/2023\/04\/ou-trouver-deco-durable-ecoresponsable-design-verre-11-165x165.jpeg 165w, https:\/\/www.cocondedecoration.com\/blog\/wp-content\/uploads\/2023\/04\/ou-trouver-deco-durable-ecoresponsable-design-verre-11-260x260.jpeg 260w, https:\/\/www.cocondedecoration.com\/blog\/wp-content\/uploads\/2023\/04\/ou-trouver-deco-durable-ecoresponsable-design-verre-11-465x465.jpeg 465w\" sizes=\"(max-width: 500px) 100vw, 500px\" \/><figcaption><a rel=\"noreferrer noopener\" aria-label=\"Vase en verre rose (s\u2019ouvre dans un nouvel onglet)\" href=\"https:\/\/fnty.co\/c\/r-cyBnFcjR\" target=\"_blank\">Vase en verre rose<\/a> - The Cool Republic<\/figcaption><\/figure>\n\n\n\n<figure class=\"wp-block-image\"><img loading=\"lazy\" decoding=\"async\" width=\"500\" height=\"500\" src=\"https:\/\/www.cocondedecoration.com\/blog\/wp-content\/uploads\/2023\/04\/ou-acheter-deco-ecoresponsasble-recyclee-pas-cher-19.jpeg\" alt=\"ou acheter deco ecoresponsasble recyclee pas cher Vase en verre recycl\u00e9 marron H22,5 tachet\u00e9\" class=\"wp-image-59481\" srcset=\"https:\/\/www.cocondedecoration.com\/blog\/wp-content\/uploads\/2023\/04\/ou-acheter-deco-ecoresponsasble-recyclee-pas-cher-19.jpeg 500w, https:\/\/www.cocondedecoration.com\/blog\/wp-content\/uploads\/2023\/04\/ou-acheter-deco-ecoresponsasble-recyclee-pas-cher-19-165x165.jpeg 165w, https:\/\/www.cocondedecoration.com\/blog\/wp-content\/uploads\/2023\/04\/ou-acheter-deco-ecoresponsasble-recyclee-pas-cher-19-260x260.jpeg 260w, https:\/\/www.cocondedecoration.com\/blog\/wp-content\/uploads\/2023\/04\/ou-acheter-deco-ecoresponsasble-recyclee-pas-cher-19-465x465.jpeg 465w\" sizes=\"(max-width: 500px) 100vw, 500px\" \/><figcaption><a href=\"https:\/\/fnty.co\/c\/r-UetGWXuA\" target=\"_blank\" rel=\"noreferrer noopener\" aria-label=\"Vase en verre recycl\u00e9 marron tachet\u00e9  (s\u2019ouvre dans un nouvel onglet)\">Vase en verre recycl\u00e9 marron tachet\u00e9 <\/a>- Maisons du Monde<\/figcaption><\/figure>\n\n\n\n<figure class=\"wp-block-image\"><img loading=\"lazy\" decoding=\"async\" width=\"500\" height=\"500\" src=\"https:\/\/www.cocondedecoration.com\/blog\/wp-content\/uploads\/2023\/04\/ou-trouver-objet-deco-durable-verre-recycle-23.jpeg\" alt=\"ou trouver objet deco durable verre recycle Vase MONTANA 40 cm \u00e9meraude en verre recycl\u00e9\" class=\"wp-image-59466\" srcset=\"https:\/\/www.cocondedecoration.com\/blog\/wp-content\/uploads\/2023\/04\/ou-trouver-objet-deco-durable-verre-recycle-23.jpeg 500w, https:\/\/www.cocondedecoration.com\/blog\/wp-content\/uploads\/2023\/04\/ou-trouver-objet-deco-durable-verre-recycle-23-165x165.jpeg 165w, https:\/\/www.cocondedecoration.com\/blog\/wp-content\/uploads\/2023\/04\/ou-trouver-objet-deco-durable-verre-recycle-23-260x260.jpeg 260w, https:\/\/www.cocondedecoration.com\/blog\/wp-content\/uploads\/2023\/04\/ou-trouver-objet-deco-durable-verre-recycle-23-465x465.jpeg 465w\" sizes=\"(max-width: 500px) 100vw, 500px\" \/><figcaption><a href=\"https:\/\/c3po.link\/Q9pJdXUmBF\" target=\"_blank\" rel=\"noreferrer noopener\" aria-label=\"Vase \u00e9meraude en verre recycl\u00e9 (s\u2019ouvre dans un nouvel onglet)\">Vase \u00e9meraude en verre recycl\u00e9<\/a> - La Redoute<\/figcaption><\/figure>\n<\/div>\n\n\n\n<div class=\"wp-block-column is-layout-flow wp-block-column-is-layout-flow\">\n<figure class=\"wp-block-image\"><img loading=\"lazy\" decoding=\"async\" width=\"500\" height=\"500\" src=\"https:\/\/www.cocondedecoration.com\/blog\/wp-content\/uploads\/2023\/04\/ou-trouver-objet-deco-durable-verre-recycle-4.jpeg\" alt=\"ou trouver objet deco durable verre recycle Vase bouteille verre recycl\u00e9 H73 grand mod\u00e8le\" class=\"wp-image-59447\" srcset=\"https:\/\/www.cocondedecoration.com\/blog\/wp-content\/uploads\/2023\/04\/ou-trouver-objet-deco-durable-verre-recycle-4.jpeg 500w, https:\/\/www.cocondedecoration.com\/blog\/wp-content\/uploads\/2023\/04\/ou-trouver-objet-deco-durable-verre-recycle-4-165x165.jpeg 165w, https:\/\/www.cocondedecoration.com\/blog\/wp-content\/uploads\/2023\/04\/ou-trouver-objet-deco-durable-verre-recycle-4-260x260.jpeg 260w, https:\/\/www.cocondedecoration.com\/blog\/wp-content\/uploads\/2023\/04\/ou-trouver-objet-deco-durable-verre-recycle-4-465x465.jpeg 465w\" sizes=\"(max-width: 500px) 100vw, 500px\" \/><figcaption><a href=\"https:\/\/c3po.link\/Qh2gqjQ4tr\" target=\"_blank\" rel=\"noreferrer noopener\" aria-label=\"Vase bouteille verre recycl\u00e9 grand mod\u00e8le (s\u2019ouvre dans un nouvel onglet)\">Vase bouteille verre recycl\u00e9 grand mod\u00e8le<\/a> - La Redoute<\/figcaption><\/figure>\n\n\n\n<figure class=\"wp-block-image\"><img loading=\"lazy\" decoding=\"async\" width=\"500\" height=\"500\" src=\"https:\/\/www.cocondedecoration.com\/blog\/wp-content\/uploads\/2023\/04\/ou-acheter-deco-ecoresponsasble-recyclee-pas-cher-4.jpeg\" alt=\"ou acheter deco ecoresponsasble recyclee pas cher Vase d\u00e9coratif en verre recycl\u00e9 marron esprit vintage\" class=\"wp-image-59496\" srcset=\"https:\/\/www.cocondedecoration.com\/blog\/wp-content\/uploads\/2023\/04\/ou-acheter-deco-ecoresponsasble-recyclee-pas-cher-4.jpeg 500w, https:\/\/www.cocondedecoration.com\/blog\/wp-content\/uploads\/2023\/04\/ou-acheter-deco-ecoresponsasble-recyclee-pas-cher-4-165x165.jpeg 165w, https:\/\/www.cocondedecoration.com\/blog\/wp-content\/uploads\/2023\/04\/ou-acheter-deco-ecoresponsasble-recyclee-pas-cher-4-260x260.jpeg 260w, https:\/\/www.cocondedecoration.com\/blog\/wp-content\/uploads\/2023\/04\/ou-acheter-deco-ecoresponsasble-recyclee-pas-cher-4-465x465.jpeg 465w\" sizes=\"(max-width: 500px) 100vw, 500px\" \/><figcaption><a href=\"https:\/\/fnty.co\/c\/r-yevMTDLT\" target=\"_blank\" rel=\"noreferrer noopener\" aria-label=\"Vase d\u00e9coratif en verre recycl\u00e9 marron (s\u2019ouvre dans un nouvel onglet)\">Vase d\u00e9coratif en verre recycl\u00e9 marron<\/a> - Maisons du Monde<\/figcaption><\/figure>\n\n\n\n<figure class=\"wp-block-image\"><img loading=\"lazy\" decoding=\"async\" width=\"500\" height=\"500\" src=\"https:\/\/www.cocondedecoration.com\/blog\/wp-content\/uploads\/2023\/04\/ou-trouver-deco-durable-ecoresponsable-design-verre-4.jpeg\" alt=\"ou trouver deco durable ecoresponsable design verre Cruche verte ferm living\" class=\"wp-image-59476\" srcset=\"https:\/\/www.cocondedecoration.com\/blog\/wp-content\/uploads\/2023\/04\/ou-trouver-deco-durable-ecoresponsable-design-verre-4.jpeg 500w, https:\/\/www.cocondedecoration.com\/blog\/wp-content\/uploads\/2023\/04\/ou-trouver-deco-durable-ecoresponsable-design-verre-4-165x165.jpeg 165w, https:\/\/www.cocondedecoration.com\/blog\/wp-content\/uploads\/2023\/04\/ou-trouver-deco-durable-ecoresponsable-design-verre-4-260x260.jpeg 260w, https:\/\/www.cocondedecoration.com\/blog\/wp-content\/uploads\/2023\/04\/ou-trouver-deco-durable-ecoresponsable-design-verre-4-465x465.jpeg 465w\" sizes=\"(max-width: 500px) 100vw, 500px\" \/><figcaption><a rel=\"noreferrer noopener\" aria-label=\"Cruche verte (s\u2019ouvre dans un nouvel onglet)\" href=\"https:\/\/fnty.co\/c\/r-RxmbrDuc\" target=\"_blank\">Cruche verte<\/a> - The Cool Republic<\/figcaption><\/figure>\n\n\n\n<figure class=\"wp-block-image\"><img loading=\"lazy\" decoding=\"async\" width=\"500\" height=\"500\" src=\"https:\/\/www.cocondedecoration.com\/blog\/wp-content\/uploads\/2023\/04\/ou-trouver-objet-deco-durable-verre-recycle-8.jpeg\" alt=\"ou trouver objet deco durable verre recycle Bouteille dame jeanne 34 l en verre recycl\u00e9\" class=\"wp-image-59451\" srcset=\"https:\/\/www.cocondedecoration.com\/blog\/wp-content\/uploads\/2023\/04\/ou-trouver-objet-deco-durable-verre-recycle-8.jpeg 500w, https:\/\/www.cocondedecoration.com\/blog\/wp-content\/uploads\/2023\/04\/ou-trouver-objet-deco-durable-verre-recycle-8-165x165.jpeg 165w, https:\/\/www.cocondedecoration.com\/blog\/wp-content\/uploads\/2023\/04\/ou-trouver-objet-deco-durable-verre-recycle-8-260x260.jpeg 260w, https:\/\/www.cocondedecoration.com\/blog\/wp-content\/uploads\/2023\/04\/ou-trouver-objet-deco-durable-verre-recycle-8-465x465.jpeg 465w\" sizes=\"(max-width: 500px) 100vw, 500px\" \/><figcaption><a href=\"https:\/\/c3po.link\/QPUeekZdxu\" target=\"_blank\" rel=\"noreferrer noopener\" aria-label=\"Bouteille dame jeanne en verre recycl\u00e9 (s\u2019ouvre dans un nouvel onglet)\">Bouteille dame jeanne en verre recycl\u00e9<\/a> - La Redoute<\/figcaption><\/figure>\n\n\n\n<figure class=\"wp-block-image\"><img loading=\"lazy\" decoding=\"async\" width=\"500\" height=\"500\" src=\"https:\/\/www.cocondedecoration.com\/blog\/wp-content\/uploads\/2023\/04\/ou-acheter-deco-ecoresponsasble-recyclee-pas-cher-8.jpeg\" alt=\"ou acheter deco ecoresponsasble recyclee pas cher DIY lanterne en verre recycl\u00e9 H26 photophore transparent\" class=\"wp-image-59492\" srcset=\"https:\/\/www.cocondedecoration.com\/blog\/wp-content\/uploads\/2023\/04\/ou-acheter-deco-ecoresponsasble-recyclee-pas-cher-8.jpeg 500w, https:\/\/www.cocondedecoration.com\/blog\/wp-content\/uploads\/2023\/04\/ou-acheter-deco-ecoresponsasble-recyclee-pas-cher-8-165x165.jpeg 165w, https:\/\/www.cocondedecoration.com\/blog\/wp-content\/uploads\/2023\/04\/ou-acheter-deco-ecoresponsasble-recyclee-pas-cher-8-260x260.jpeg 260w, https:\/\/www.cocondedecoration.com\/blog\/wp-content\/uploads\/2023\/04\/ou-acheter-deco-ecoresponsasble-recyclee-pas-cher-8-465x465.jpeg 465w\" sizes=\"(max-width: 500px) 100vw, 500px\" \/><figcaption><a href=\"https:\/\/fnty.co\/c\/r-YgnpWPCj\" target=\"_blank\" rel=\"noreferrer noopener\" aria-label=\"DIY lanterne en verre recycl\u00e9 (s\u2019ouvre dans un nouvel onglet)\">DIY lanterne en verre recycl\u00e9<\/a> - Maisons du Monde <\/figcaption><\/figure>\n\n\n\n<figure class=\"wp-block-image\"><img loading=\"lazy\" decoding=\"async\" width=\"500\" height=\"500\" src=\"https:\/\/www.cocondedecoration.com\/blog\/wp-content\/uploads\/2023\/04\/ou-trouver-objet-deco-durable-verre-recycle-12.jpeg\" alt=\"ou trouver objet deco durable verre recycle Gobelet en verre recycl\u00e9 eucalyptus vert salle de bain \" class=\"wp-image-59455\" srcset=\"https:\/\/www.cocondedecoration.com\/blog\/wp-content\/uploads\/2023\/04\/ou-trouver-objet-deco-durable-verre-recycle-12.jpeg 500w, https:\/\/www.cocondedecoration.com\/blog\/wp-content\/uploads\/2023\/04\/ou-trouver-objet-deco-durable-verre-recycle-12-165x165.jpeg 165w, https:\/\/www.cocondedecoration.com\/blog\/wp-content\/uploads\/2023\/04\/ou-trouver-objet-deco-durable-verre-recycle-12-260x260.jpeg 260w, https:\/\/www.cocondedecoration.com\/blog\/wp-content\/uploads\/2023\/04\/ou-trouver-objet-deco-durable-verre-recycle-12-465x465.jpeg 465w\" sizes=\"(max-width: 500px) 100vw, 500px\" \/><figcaption><a href=\"https:\/\/c3po.link\/Qz5eKB2AXq\" target=\"_blank\" rel=\"noreferrer noopener\" aria-label=\"Gobelet en verre recycl\u00e9 eucalyptus  (s\u2019ouvre dans un nouvel onglet)\">Gobelet en verre recycl\u00e9 eucalyptus <\/a>- La Redoute<\/figcaption><\/figure>\n\n\n\n<figure class=\"wp-block-image\"><img loading=\"lazy\" decoding=\"async\" width=\"500\" height=\"500\" src=\"https:\/\/www.cocondedecoration.com\/blog\/wp-content\/uploads\/2023\/04\/ou-acheter-deco-ecoresponsasble-recyclee-pas-cher-12.jpeg\" alt=\"ou acheter deco ecoresponsasble recyclee pas cher Vase bouteille en verre recycl\u00e9 H40\" class=\"wp-image-59488\" srcset=\"https:\/\/www.cocondedecoration.com\/blog\/wp-content\/uploads\/2023\/04\/ou-acheter-deco-ecoresponsasble-recyclee-pas-cher-12.jpeg 500w, https:\/\/www.cocondedecoration.com\/blog\/wp-content\/uploads\/2023\/04\/ou-acheter-deco-ecoresponsasble-recyclee-pas-cher-12-165x165.jpeg 165w, https:\/\/www.cocondedecoration.com\/blog\/wp-content\/uploads\/2023\/04\/ou-acheter-deco-ecoresponsasble-recyclee-pas-cher-12-260x260.jpeg 260w, https:\/\/www.cocondedecoration.com\/blog\/wp-content\/uploads\/2023\/04\/ou-acheter-deco-ecoresponsasble-recyclee-pas-cher-12-465x465.jpeg 465w\" sizes=\"(max-width: 500px) 100vw, 500px\" \/><figcaption><a href=\"https:\/\/fnty.co\/c\/r-IrINiRsI\" target=\"_blank\" rel=\"noreferrer noopener\" aria-label=\"Vase bouteille en verre recycl\u00e9 (s\u2019ouvre dans un nouvel onglet)\">Vase bouteille en verre recycl\u00e9<\/a> - Maisons du Monde<\/figcaption><\/figure>\n\n\n\n<figure class=\"wp-block-image\"><img loading=\"lazy\" decoding=\"async\" width=\"500\" height=\"500\" src=\"https:\/\/www.cocondedecoration.com\/blog\/wp-content\/uploads\/2023\/04\/ou-trouver-deco-durable-ecoresponsable-design-verre-8.jpeg\" alt=\"ou trouver deco durable ecoresponsable design verre Bo\u00eete de rangement en verre\" class=\"wp-image-59472\" srcset=\"https:\/\/www.cocondedecoration.com\/blog\/wp-content\/uploads\/2023\/04\/ou-trouver-deco-durable-ecoresponsable-design-verre-8.jpeg 500w, https:\/\/www.cocondedecoration.com\/blog\/wp-content\/uploads\/2023\/04\/ou-trouver-deco-durable-ecoresponsable-design-verre-8-165x165.jpeg 165w, https:\/\/www.cocondedecoration.com\/blog\/wp-content\/uploads\/2023\/04\/ou-trouver-deco-durable-ecoresponsable-design-verre-8-260x260.jpeg 260w, https:\/\/www.cocondedecoration.com\/blog\/wp-content\/uploads\/2023\/04\/ou-trouver-deco-durable-ecoresponsable-design-verre-8-465x465.jpeg 465w\" sizes=\"(max-width: 500px) 100vw, 500px\" \/><figcaption><a rel=\"noreferrer noopener\" aria-label=\"Bo\u00eete de rangement en verre (s\u2019ouvre dans un nouvel onglet)\" href=\"https:\/\/fnty.co\/c\/r-KTbmWGNQ\" target=\"_blank\">Bo\u00eete de rangement en verre<\/a> - The Cool Republic<\/figcaption><\/figure>\n\n\n\n<figure class=\"wp-block-image\"><img loading=\"lazy\" decoding=\"async\" width=\"500\" height=\"500\" src=\"https:\/\/www.cocondedecoration.com\/blog\/wp-content\/uploads\/2023\/04\/ou-trouver-objet-deco-durable-verre-recycle-16.jpeg\" alt=\"ou trouver objet deco durable verre recycle Distributeur de savon en verre recycl\u00e9\" class=\"wp-image-59459\" srcset=\"https:\/\/www.cocondedecoration.com\/blog\/wp-content\/uploads\/2023\/04\/ou-trouver-objet-deco-durable-verre-recycle-16.jpeg 500w, https:\/\/www.cocondedecoration.com\/blog\/wp-content\/uploads\/2023\/04\/ou-trouver-objet-deco-durable-verre-recycle-16-165x165.jpeg 165w, https:\/\/www.cocondedecoration.com\/blog\/wp-content\/uploads\/2023\/04\/ou-trouver-objet-deco-durable-verre-recycle-16-260x260.jpeg 260w, https:\/\/www.cocondedecoration.com\/blog\/wp-content\/uploads\/2023\/04\/ou-trouver-objet-deco-durable-verre-recycle-16-465x465.jpeg 465w\" sizes=\"(max-width: 500px) 100vw, 500px\" \/><figcaption><a href=\"https:\/\/c3po.link\/QhS9sR3amR\" target=\"_blank\" rel=\"noreferrer noopener\" aria-label=\"Distributeur de savon en verre recycl\u00e9  (s\u2019ouvre dans un nouvel onglet)\">Distributeur de savon en verre recycl\u00e9 <\/a>- La Redoute<\/figcaption><\/figure>\n\n\n\n<figure class=\"wp-block-image\"><img loading=\"lazy\" decoding=\"async\" width=\"500\" height=\"500\" src=\"https:\/\/www.cocondedecoration.com\/blog\/wp-content\/uploads\/2023\/04\/ou-acheter-deco-ecoresponsasble-recyclee-pas-cher-16.jpeg\" alt=\"ou acheter deco ecoresponsasble recyclee pas cher Vase en verre recycl\u00e9 D23,5 transparent moderne \u00e9pur\u00e9\" class=\"wp-image-59484\" srcset=\"https:\/\/www.cocondedecoration.com\/blog\/wp-content\/uploads\/2023\/04\/ou-acheter-deco-ecoresponsasble-recyclee-pas-cher-16.jpeg 500w, https:\/\/www.cocondedecoration.com\/blog\/wp-content\/uploads\/2023\/04\/ou-acheter-deco-ecoresponsasble-recyclee-pas-cher-16-165x165.jpeg 165w, https:\/\/www.cocondedecoration.com\/blog\/wp-content\/uploads\/2023\/04\/ou-acheter-deco-ecoresponsasble-recyclee-pas-cher-16-260x260.jpeg 260w, https:\/\/www.cocondedecoration.com\/blog\/wp-content\/uploads\/2023\/04\/ou-acheter-deco-ecoresponsasble-recyclee-pas-cher-16-465x465.jpeg 465w\" sizes=\"(max-width: 500px) 100vw, 500px\" \/><figcaption><a href=\"https:\/\/fnty.co\/c\/r-hIzSwlFG\" target=\"_blank\" rel=\"noreferrer noopener\" aria-label=\"Vase en verre recycl\u00e9 (s\u2019ouvre dans un nouvel onglet)\">Vase en verre recycl\u00e9<\/a> - Maisons du Monde<\/figcaption><\/figure>\n\n\n\n<figure class=\"wp-block-image\"><img loading=\"lazy\" decoding=\"async\" width=\"500\" height=\"500\" src=\"https:\/\/www.cocondedecoration.com\/blog\/wp-content\/uploads\/2023\/04\/ou-trouver-objet-deco-durable-verre-recycle-20.jpeg\" alt=\"ou trouver objet deco durable verre recycle Vase serena en verre recycl\u00e9 12x12x20cm\" class=\"wp-image-59463\" srcset=\"https:\/\/www.cocondedecoration.com\/blog\/wp-content\/uploads\/2023\/04\/ou-trouver-objet-deco-durable-verre-recycle-20.jpeg 500w, https:\/\/www.cocondedecoration.com\/blog\/wp-content\/uploads\/2023\/04\/ou-trouver-objet-deco-durable-verre-recycle-20-165x165.jpeg 165w, https:\/\/www.cocondedecoration.com\/blog\/wp-content\/uploads\/2023\/04\/ou-trouver-objet-deco-durable-verre-recycle-20-260x260.jpeg 260w, https:\/\/www.cocondedecoration.com\/blog\/wp-content\/uploads\/2023\/04\/ou-trouver-objet-deco-durable-verre-recycle-20-465x465.jpeg 465w\" sizes=\"(max-width: 500px) 100vw, 500px\" \/><figcaption><a href=\"https:\/\/c3po.link\/QPhqHMrZY5\" target=\"_blank\" rel=\"noreferrer noopener\" aria-label=\"Vase serena en verre recycl\u00e9  (s\u2019ouvre dans un nouvel onglet)\">Vase serena en verre recycl\u00e9 <\/a>- La Redoute<\/figcaption><\/figure>\n\n\n\n<figure class=\"wp-block-image\"><img loading=\"lazy\" decoding=\"async\" width=\"500\" height=\"500\" src=\"https:\/\/www.cocondedecoration.com\/blog\/wp-content\/uploads\/2023\/04\/ou-trouver-deco-durable-ecoresponsable-design-verre-12.jpeg\" alt=\"ou trouver deco durable ecoresponsable design verre Vase\/Bouteille Aran Clair\" class=\"wp-image-59468\" srcset=\"https:\/\/www.cocondedecoration.com\/blog\/wp-content\/uploads\/2023\/04\/ou-trouver-deco-durable-ecoresponsable-design-verre-12.jpeg 500w, https:\/\/www.cocondedecoration.com\/blog\/wp-content\/uploads\/2023\/04\/ou-trouver-deco-durable-ecoresponsable-design-verre-12-165x165.jpeg 165w, https:\/\/www.cocondedecoration.com\/blog\/wp-content\/uploads\/2023\/04\/ou-trouver-deco-durable-ecoresponsable-design-verre-12-260x260.jpeg 260w, https:\/\/www.cocondedecoration.com\/blog\/wp-content\/uploads\/2023\/04\/ou-trouver-deco-durable-ecoresponsable-design-verre-12-465x465.jpeg 465w\" sizes=\"(max-width: 500px) 100vw, 500px\" \/><figcaption><a rel=\"noreferrer noopener\" aria-label=\"Vase\/Bouteille Clair (s\u2019ouvre dans un nouvel onglet)\" href=\"https:\/\/fnty.co\/c\/r-HIwxHZdI\" target=\"_blank\">Vase\/Bouteille Clair<\/a> - The Cool Republic<\/figcaption><\/figure>\n\n\n\n<figure class=\"wp-block-image\"><img loading=\"lazy\" decoding=\"async\" width=\"500\" height=\"500\" src=\"https:\/\/www.cocondedecoration.com\/blog\/wp-content\/uploads\/2023\/04\/ou-acheter-deco-ecoresponsasble-recyclee-pas-cher-20.jpeg\" alt=\"ou acheter deco ecoresponsasble recyclee pas cher Vase en verre recycl\u00e9 H38 terrarium\" class=\"wp-image-59480\" srcset=\"https:\/\/www.cocondedecoration.com\/blog\/wp-content\/uploads\/2023\/04\/ou-acheter-deco-ecoresponsasble-recyclee-pas-cher-20.jpeg 500w, https:\/\/www.cocondedecoration.com\/blog\/wp-content\/uploads\/2023\/04\/ou-acheter-deco-ecoresponsasble-recyclee-pas-cher-20-165x165.jpeg 165w, https:\/\/www.cocondedecoration.com\/blog\/wp-content\/uploads\/2023\/04\/ou-acheter-deco-ecoresponsasble-recyclee-pas-cher-20-260x260.jpeg 260w, https:\/\/www.cocondedecoration.com\/blog\/wp-content\/uploads\/2023\/04\/ou-acheter-deco-ecoresponsasble-recyclee-pas-cher-20-465x465.jpeg 465w\" sizes=\"(max-width: 500px) 100vw, 500px\" \/><figcaption><a href=\"https:\/\/fnty.co\/c\/r-nZupSOIi\" target=\"_blank\" rel=\"noreferrer noopener\" aria-label=\"Vase en verre recycl\u00e9  (s\u2019ouvre dans un nouvel onglet)\">Vase en verre recycl\u00e9 <\/a>- Maisons du Monde<\/figcaption><\/figure>\n\n\n\n<figure class=\"wp-block-image\"><img loading=\"lazy\" decoding=\"async\" width=\"500\" height=\"500\" src=\"https:\/\/www.cocondedecoration.com\/blog\/wp-content\/uploads\/2023\/04\/ou-trouver-objet-deco-durable-verre-recycle-24.jpeg\" alt=\"ou trouver objet deco durable verre recycle Bouteille dame jeanne 34 l en verre recycl\u00e9 transparent\" class=\"wp-image-59467\" srcset=\"https:\/\/www.cocondedecoration.com\/blog\/wp-content\/uploads\/2023\/04\/ou-trouver-objet-deco-durable-verre-recycle-24.jpeg 500w, https:\/\/www.cocondedecoration.com\/blog\/wp-content\/uploads\/2023\/04\/ou-trouver-objet-deco-durable-verre-recycle-24-165x165.jpeg 165w, https:\/\/www.cocondedecoration.com\/blog\/wp-content\/uploads\/2023\/04\/ou-trouver-objet-deco-durable-verre-recycle-24-260x260.jpeg 260w, https:\/\/www.cocondedecoration.com\/blog\/wp-content\/uploads\/2023\/04\/ou-trouver-objet-deco-durable-verre-recycle-24-465x465.jpeg 465w\" sizes=\"(max-width: 500px) 100vw, 500px\" \/><figcaption><a href=\"https:\/\/c3po.link\/QxwHtR6ujw\" target=\"_blank\" rel=\"noreferrer noopener\" aria-label=\"Bouteille dame jeanne 34 l en verre recycl\u00e9 (s\u2019ouvre dans un nouvel onglet)\">Bouteille dame jeanne 34 l en verre recycl\u00e9<\/a> - La Redoute<\/figcaption><\/figure>\n<\/div>\n<\/div>\n\n\n\n<div class=\"wp-block-columns has-2-columns is-layout-flex wp-container-core-columns-layout-2 wp-block-columns-is-layout-flex\">\n<div class=\"wp-block-column is-layout-flow wp-block-column-is-layout-flow\">\n<h2 class=\"wp-block-heading\">Pourquoi choisir des mat\u00e9riaux recycl\u00e9s pour d\u00e9corer son int\u00e9rieur? <\/h2>\n\n\n\n<p>Entre en vase classique et un vase en verre recycl\u00e9, il n'y a pas grand chose qui diff\u00e8re au niveau de l'esth\u00e9tique - ni m\u00eame du prix. La diff\u00e9rence r\u00e9side dans votre d\u00e9marche, c'est \u00e0 dire votre volont\u00e9 de d\u00e9corer votre int\u00e9rieur de mani\u00e8re plus \u00e9co-responsable. Cela fait maintenant plusieurs ann\u00e9es que je vous propose des pistes plus ou moins concr\u00e8tes dans cette dynamique. En plus des mat\u00e9riaux recycl\u00e9s, on peut penser \u00e0 la r\u00e9cup', au made in France, au mat\u00e9riaux produits localement... <\/p>\n\n\n\n<h2 class=\"wp-block-heading\">Quels sont les diff\u00e9rents mat\u00e9riaux recycl\u00e9s pour la d\u00e9co? <\/h2>\n\n\n\n<p>J'aurais l'occasion de revenir sur chacun des mat\u00e9riaux dans les semaines \u00e0 venir. Le verre n'est pas l'unique mati\u00e8re qui peut \u00eatre recycl\u00e9e. On trouve de plus en plus de choix, notamment pour: <\/p>\n\n\n\n<ul><li>Le plastique <\/li><li>Les textiles (coton, feutre...)<\/li><li>Le cuir <\/li><li>Le bois <\/li><li>Le papier <\/li><li>La c\u00e9ramique <\/li><li>Le m\u00e9tal <\/li><\/ul>\n\n\n\n<p>Depuis plusieurs d\u00e9cennies, on fait le tri de nos d\u00e9chets sans trop savoir ce qu'ils deviennent. Ce qui est bien avec l'\u00e9veil de la conscience \u00e9cologique c'est que les enseignes et marques comment \u00e0 s'int\u00e9resser \u00e0 cette th\u00e9matique et l'on a de plus en plus de choix! <\/p>\n<\/div>\n\n\n\n<div class=\"wp-block-column is-layout-flow wp-block-column-is-layout-flow\">\n<figure class=\"wp-block-image\"><img loading=\"lazy\" decoding=\"async\" width=\"640\" height=\"960\" src=\"https:\/\/www.cocondedecoration.com\/blog\/wp-content\/uploads\/2023\/04\/deco-interieur-materiau-verre-exemple-16-640x960.jpeg\" alt=\"deco interieur materiau verre exemple dame Jeanne vase vintage dessus buffet bibus fleurs s\u00e9ch\u00e9es\" class=\"wp-image-59502\" srcset=\"https:\/\/www.cocondedecoration.com\/blog\/wp-content\/uploads\/2023\/04\/deco-interieur-materiau-verre-exemple-16-640x960.jpeg 640w, https:\/\/www.cocondedecoration.com\/blog\/wp-content\/uploads\/2023\/04\/deco-interieur-materiau-verre-exemple-16-260x390.jpeg 260w, https:\/\/www.cocondedecoration.com\/blog\/wp-content\/uploads\/2023\/04\/deco-interieur-materiau-verre-exemple-16-768x1152.jpeg 768w, https:\/\/www.cocondedecoration.com\/blog\/wp-content\/uploads\/2023\/04\/deco-interieur-materiau-verre-exemple-16-367x550.jpeg 367w, https:\/\/www.cocondedecoration.com\/blog\/wp-content\/uploads\/2023\/04\/deco-interieur-materiau-verre-exemple-16-333x500.jpeg 333w, https:\/\/www.cocondedecoration.com\/blog\/wp-content\/uploads\/2023\/04\/deco-interieur-materiau-verre-exemple-16.jpeg 1000w\" sizes=\"(max-width: 640px) 100vw, 640px\" \/><figcaption>planete-deco.fr\n<\/figcaption><\/figure>\n<\/div>\n<\/div>\n\n\n\n<h2 class=\"wp-block-heading\">D\u00e9corer avec du verre - quelques inspirations pour votre int\u00e9rieur <\/h2>\n\n\n\n<ul class=\"wp-block-gallery columns-3 is-cropped wp-block-gallery-1 is-layout-flex wp-block-gallery-is-layout-flex\"><li class=\"blocks-gallery-item\"><figure><img loading=\"lazy\" decoding=\"async\" width=\"640\" height=\"960\" src=\"https:\/\/www.cocondedecoration.com\/blog\/wp-content\/uploads\/2023\/04\/deco-interieur-materiau-verre-exemple-2-640x960.jpeg\" alt=\"deco interieur materiau verre exemple vase color\u00e9 fleur dessus vitrine relook\u00e9e bleue peinture chaise ancienne fleur coup\u00e9e\" data-id=\"59504\" data-link=\"https:\/\/www.cocondedecoration.com\/blog\/?attachment_id=59504\" class=\"wp-image-59504\" srcset=\"https:\/\/www.cocondedecoration.com\/blog\/wp-content\/uploads\/2023\/04\/deco-interieur-materiau-verre-exemple-2-640x960.jpeg 640w, https:\/\/www.cocondedecoration.com\/blog\/wp-content\/uploads\/2023\/04\/deco-interieur-materiau-verre-exemple-2-260x390.jpeg 260w, https:\/\/www.cocondedecoration.com\/blog\/wp-content\/uploads\/2023\/04\/deco-interieur-materiau-verre-exemple-2-768x1152.jpeg 768w, https:\/\/www.cocondedecoration.com\/blog\/wp-content\/uploads\/2023\/04\/deco-interieur-materiau-verre-exemple-2-367x550.jpeg 367w, https:\/\/www.cocondedecoration.com\/blog\/wp-content\/uploads\/2023\/04\/deco-interieur-materiau-verre-exemple-2-333x500.jpeg 333w, https:\/\/www.cocondedecoration.com\/blog\/wp-content\/uploads\/2023\/04\/deco-interieur-materiau-verre-exemple-2.jpeg 1000w\" sizes=\"(max-width: 640px) 100vw, 640px\" \/><figcaption>pellmellcreations.com\n<\/figcaption><\/figure><\/li><li class=\"blocks-gallery-item\"><figure><img loading=\"lazy\" decoding=\"async\" width=\"640\" height=\"960\" src=\"https:\/\/www.cocondedecoration.com\/blog\/wp-content\/uploads\/2023\/04\/deco-interieur-materiau-verre-exemple-5-640x960.jpeg\" alt=\"deco interieur materiau verre exemple vase color\u00e9 design \u00e9co-responsable\" data-id=\"59507\" data-link=\"https:\/\/www.cocondedecoration.com\/blog\/?attachment_id=59507\" class=\"wp-image-59507\" srcset=\"https:\/\/www.cocondedecoration.com\/blog\/wp-content\/uploads\/2023\/04\/deco-interieur-materiau-verre-exemple-5-640x960.jpeg 640w, https:\/\/www.cocondedecoration.com\/blog\/wp-content\/uploads\/2023\/04\/deco-interieur-materiau-verre-exemple-5-260x390.jpeg 260w, https:\/\/www.cocondedecoration.com\/blog\/wp-content\/uploads\/2023\/04\/deco-interieur-materiau-verre-exemple-5-768x1152.jpeg 768w, https:\/\/www.cocondedecoration.com\/blog\/wp-content\/uploads\/2023\/04\/deco-interieur-materiau-verre-exemple-5-367x550.jpeg 367w, https:\/\/www.cocondedecoration.com\/blog\/wp-content\/uploads\/2023\/04\/deco-interieur-materiau-verre-exemple-5-333x500.jpeg 333w, https:\/\/www.cocondedecoration.com\/blog\/wp-content\/uploads\/2023\/04\/deco-interieur-materiau-verre-exemple-5.jpeg 1000w\" sizes=\"(max-width: 640px) 100vw, 640px\" \/><figcaption>marthastewart.com\n<\/figcaption><\/figure><\/li><li class=\"blocks-gallery-item\"><figure><img loading=\"lazy\" decoding=\"async\" width=\"640\" height=\"960\" src=\"https:\/\/www.cocondedecoration.com\/blog\/wp-content\/uploads\/2023\/04\/deco-interieur-materiau-verre-exemple-1-640x960.jpeg\" alt=\"deco interieur materiau verre exemple salle \u00e0 manger campagne chic dame Jeanne verte r\u00e9cup bois fleur\" data-id=\"59503\" data-link=\"https:\/\/www.cocondedecoration.com\/blog\/?attachment_id=59503\" class=\"wp-image-59503\" srcset=\"https:\/\/www.cocondedecoration.com\/blog\/wp-content\/uploads\/2023\/04\/deco-interieur-materiau-verre-exemple-1-640x960.jpeg 640w, https:\/\/www.cocondedecoration.com\/blog\/wp-content\/uploads\/2023\/04\/deco-interieur-materiau-verre-exemple-1-260x390.jpeg 260w, https:\/\/www.cocondedecoration.com\/blog\/wp-content\/uploads\/2023\/04\/deco-interieur-materiau-verre-exemple-1-768x1152.jpeg 768w, https:\/\/www.cocondedecoration.com\/blog\/wp-content\/uploads\/2023\/04\/deco-interieur-materiau-verre-exemple-1-367x550.jpeg 367w, https:\/\/www.cocondedecoration.com\/blog\/wp-content\/uploads\/2023\/04\/deco-interieur-materiau-verre-exemple-1-333x500.jpeg 333w, https:\/\/www.cocondedecoration.com\/blog\/wp-content\/uploads\/2023\/04\/deco-interieur-materiau-verre-exemple-1.jpeg 1000w\" sizes=\"(max-width: 640px) 100vw, 640px\" \/><figcaption>maisoncreative.com\n<\/figcaption><\/figure><\/li><li class=\"blocks-gallery-item\"><figure><img loading=\"lazy\" decoding=\"async\" width=\"640\" height=\"960\" src=\"https:\/\/www.cocondedecoration.com\/blog\/wp-content\/uploads\/2023\/04\/deco-interieur-materiau-verre-exemple-3-640x960.jpeg\" alt=\"deco interieur materiau verre exemple assemblage de vases transparents et color\u00e9 fleurs plante d\u00e9co dessus chemin\u00e9e\" data-id=\"59505\" data-link=\"https:\/\/www.cocondedecoration.com\/blog\/?attachment_id=59505\" class=\"wp-image-59505\" srcset=\"https:\/\/www.cocondedecoration.com\/blog\/wp-content\/uploads\/2023\/04\/deco-interieur-materiau-verre-exemple-3-640x960.jpeg 640w, https:\/\/www.cocondedecoration.com\/blog\/wp-content\/uploads\/2023\/04\/deco-interieur-materiau-verre-exemple-3-260x390.jpeg 260w, https:\/\/www.cocondedecoration.com\/blog\/wp-content\/uploads\/2023\/04\/deco-interieur-materiau-verre-exemple-3-768x1152.jpeg 768w, https:\/\/www.cocondedecoration.com\/blog\/wp-content\/uploads\/2023\/04\/deco-interieur-materiau-verre-exemple-3-367x550.jpeg 367w, https:\/\/www.cocondedecoration.com\/blog\/wp-content\/uploads\/2023\/04\/deco-interieur-materiau-verre-exemple-3-333x500.jpeg 333w, https:\/\/www.cocondedecoration.com\/blog\/wp-content\/uploads\/2023\/04\/deco-interieur-materiau-verre-exemple-3.jpeg 1000w\" sizes=\"(max-width: 640px) 100vw, 640px\" \/><figcaption>essenziale-hd.com\n<\/figcaption><\/figure><\/li><li class=\"blocks-gallery-item\"><figure><img loading=\"lazy\" decoding=\"async\" width=\"640\" height=\"960\" src=\"https:\/\/www.cocondedecoration.com\/blog\/wp-content\/uploads\/2023\/04\/deco-interieur-materiau-verre-exemple-11-640x960.jpeg\" alt=\"deco interieur materiau verre exemple dame Jeanne vert jardin escalier\" data-id=\"59513\" data-link=\"https:\/\/www.cocondedecoration.com\/blog\/?attachment_id=59513\" class=\"wp-image-59513\" srcset=\"https:\/\/www.cocondedecoration.com\/blog\/wp-content\/uploads\/2023\/04\/deco-interieur-materiau-verre-exemple-11-640x960.jpeg 640w, https:\/\/www.cocondedecoration.com\/blog\/wp-content\/uploads\/2023\/04\/deco-interieur-materiau-verre-exemple-11-260x390.jpeg 260w, https:\/\/www.cocondedecoration.com\/blog\/wp-content\/uploads\/2023\/04\/deco-interieur-materiau-verre-exemple-11-768x1152.jpeg 768w, https:\/\/www.cocondedecoration.com\/blog\/wp-content\/uploads\/2023\/04\/deco-interieur-materiau-verre-exemple-11-367x550.jpeg 367w, https:\/\/www.cocondedecoration.com\/blog\/wp-content\/uploads\/2023\/04\/deco-interieur-materiau-verre-exemple-11-333x500.jpeg 333w, https:\/\/www.cocondedecoration.com\/blog\/wp-content\/uploads\/2023\/04\/deco-interieur-materiau-verre-exemple-11.jpeg 1000w\" sizes=\"(max-width: 640px) 100vw, 640px\" \/><figcaption>cotemaison.fr\n<\/figcaption><\/figure><\/li><li class=\"blocks-gallery-item\"><figure><img loading=\"lazy\" decoding=\"async\" width=\"640\" height=\"960\" src=\"https:\/\/www.cocondedecoration.com\/blog\/wp-content\/uploads\/2023\/04\/deco-interieur-materiau-verre-exemple-4-640x960.jpeg\" alt=\"deco interieur materiau verre exemple vase en verre vert \u00e9l\u00e9gant chic \u00e9co-responsable\" data-id=\"59506\" data-link=\"https:\/\/www.cocondedecoration.com\/blog\/?attachment_id=59506\" class=\"wp-image-59506\" srcset=\"https:\/\/www.cocondedecoration.com\/blog\/wp-content\/uploads\/2023\/04\/deco-interieur-materiau-verre-exemple-4-640x960.jpeg 640w, https:\/\/www.cocondedecoration.com\/blog\/wp-content\/uploads\/2023\/04\/deco-interieur-materiau-verre-exemple-4-260x390.jpeg 260w, https:\/\/www.cocondedecoration.com\/blog\/wp-content\/uploads\/2023\/04\/deco-interieur-materiau-verre-exemple-4-768x1152.jpeg 768w, https:\/\/www.cocondedecoration.com\/blog\/wp-content\/uploads\/2023\/04\/deco-interieur-materiau-verre-exemple-4-367x550.jpeg 367w, https:\/\/www.cocondedecoration.com\/blog\/wp-content\/uploads\/2023\/04\/deco-interieur-materiau-verre-exemple-4-333x500.jpeg 333w, https:\/\/www.cocondedecoration.com\/blog\/wp-content\/uploads\/2023\/04\/deco-interieur-materiau-verre-exemple-4.jpeg 1000w\" sizes=\"(max-width: 640px) 100vw, 640px\" \/><figcaption>maisonsdumonde.com\n<\/figcaption><\/figure><\/li><li class=\"blocks-gallery-item\"><figure><img loading=\"lazy\" decoding=\"async\" width=\"640\" height=\"960\" src=\"https:\/\/www.cocondedecoration.com\/blog\/wp-content\/uploads\/2023\/04\/deco-interieur-materiau-verre-exemple-6-640x960.jpeg\" alt=\"deco interieur materiau verre exemple transparence vase simple chic bouquet de fleurs coup\u00e9es printemps\" data-id=\"59508\" data-link=\"https:\/\/www.cocondedecoration.com\/blog\/?attachment_id=59508\" class=\"wp-image-59508\" srcset=\"https:\/\/www.cocondedecoration.com\/blog\/wp-content\/uploads\/2023\/04\/deco-interieur-materiau-verre-exemple-6-640x960.jpeg 640w, https:\/\/www.cocondedecoration.com\/blog\/wp-content\/uploads\/2023\/04\/deco-interieur-materiau-verre-exemple-6-260x390.jpeg 260w, https:\/\/www.cocondedecoration.com\/blog\/wp-content\/uploads\/2023\/04\/deco-interieur-materiau-verre-exemple-6-768x1152.jpeg 768w, https:\/\/www.cocondedecoration.com\/blog\/wp-content\/uploads\/2023\/04\/deco-interieur-materiau-verre-exemple-6-367x550.jpeg 367w, https:\/\/www.cocondedecoration.com\/blog\/wp-content\/uploads\/2023\/04\/deco-interieur-materiau-verre-exemple-6-333x500.jpeg 333w, https:\/\/www.cocondedecoration.com\/blog\/wp-content\/uploads\/2023\/04\/deco-interieur-materiau-verre-exemple-6.jpeg 1000w\" sizes=\"(max-width: 640px) 100vw, 640px\" \/><figcaption>Sierra Burrows via Pinterest<\/figcaption><\/figure><\/li><li class=\"blocks-gallery-item\"><figure><img loading=\"lazy\" decoding=\"async\" width=\"640\" height=\"960\" src=\"https:\/\/www.cocondedecoration.com\/blog\/wp-content\/uploads\/2023\/04\/deco-interieur-materiau-verre-exemple-7-640x960.jpeg\" alt=\"deco interieur materiau verre exemple vase transparent \u00e9co-responsable d\u00e9coration durable\" data-id=\"59509\" data-link=\"https:\/\/www.cocondedecoration.com\/blog\/?attachment_id=59509\" class=\"wp-image-59509\" srcset=\"https:\/\/www.cocondedecoration.com\/blog\/wp-content\/uploads\/2023\/04\/deco-interieur-materiau-verre-exemple-7-640x960.jpeg 640w, https:\/\/www.cocondedecoration.com\/blog\/wp-content\/uploads\/2023\/04\/deco-interieur-materiau-verre-exemple-7-260x390.jpeg 260w, https:\/\/www.cocondedecoration.com\/blog\/wp-content\/uploads\/2023\/04\/deco-interieur-materiau-verre-exemple-7-768x1152.jpeg 768w, https:\/\/www.cocondedecoration.com\/blog\/wp-content\/uploads\/2023\/04\/deco-interieur-materiau-verre-exemple-7-367x550.jpeg 367w, https:\/\/www.cocondedecoration.com\/blog\/wp-content\/uploads\/2023\/04\/deco-interieur-materiau-verre-exemple-7-333x500.jpeg 333w, https:\/\/www.cocondedecoration.com\/blog\/wp-content\/uploads\/2023\/04\/deco-interieur-materiau-verre-exemple-7.jpeg 1000w\" sizes=\"(max-width: 640px) 100vw, 640px\" \/><figcaption>Irina Tepina via Pinterest<\/figcaption><\/figure><\/li><li class=\"blocks-gallery-item\"><figure><img loading=\"lazy\" decoding=\"async\" width=\"640\" height=\"960\" src=\"https:\/\/www.cocondedecoration.com\/blog\/wp-content\/uploads\/2023\/04\/deco-interieur-materiau-verre-exemple-8-640x960.jpeg\" alt=\"deco interieur materiau verre exemple vase transparent \u00e9co-responsable d\u00e9coration durable rebord de fen\u00eatre\" data-id=\"59510\" data-link=\"https:\/\/www.cocondedecoration.com\/blog\/?attachment_id=59510\" class=\"wp-image-59510\" srcset=\"https:\/\/www.cocondedecoration.com\/blog\/wp-content\/uploads\/2023\/04\/deco-interieur-materiau-verre-exemple-8-640x960.jpeg 640w, https:\/\/www.cocondedecoration.com\/blog\/wp-content\/uploads\/2023\/04\/deco-interieur-materiau-verre-exemple-8-260x390.jpeg 260w, https:\/\/www.cocondedecoration.com\/blog\/wp-content\/uploads\/2023\/04\/deco-interieur-materiau-verre-exemple-8-768x1152.jpeg 768w, https:\/\/www.cocondedecoration.com\/blog\/wp-content\/uploads\/2023\/04\/deco-interieur-materiau-verre-exemple-8-367x550.jpeg 367w, https:\/\/www.cocondedecoration.com\/blog\/wp-content\/uploads\/2023\/04\/deco-interieur-materiau-verre-exemple-8-333x500.jpeg 333w, https:\/\/www.cocondedecoration.com\/blog\/wp-content\/uploads\/2023\/04\/deco-interieur-materiau-verre-exemple-8.jpeg 1000w\" sizes=\"(max-width: 640px) 100vw, 640px\" \/><figcaption>heirandspace.blogspot.com\n<\/figcaption><\/figure><\/li><li class=\"blocks-gallery-item\"><figure><img loading=\"lazy\" decoding=\"async\" width=\"640\" height=\"960\" src=\"https:\/\/www.cocondedecoration.com\/blog\/wp-content\/uploads\/2023\/04\/deco-interieur-materiau-verre-exemple-9-640x960.jpeg\" alt=\"deco interieur materiau verre exemple dessus console en bois d\u00e9cor slow living d\u00e9marche \u00e9co-responsable\" data-id=\"59511\" data-link=\"https:\/\/www.cocondedecoration.com\/blog\/?attachment_id=59511\" class=\"wp-image-59511\" srcset=\"https:\/\/www.cocondedecoration.com\/blog\/wp-content\/uploads\/2023\/04\/deco-interieur-materiau-verre-exemple-9-640x960.jpeg 640w, https:\/\/www.cocondedecoration.com\/blog\/wp-content\/uploads\/2023\/04\/deco-interieur-materiau-verre-exemple-9-260x390.jpeg 260w, https:\/\/www.cocondedecoration.com\/blog\/wp-content\/uploads\/2023\/04\/deco-interieur-materiau-verre-exemple-9-768x1152.jpeg 768w, https:\/\/www.cocondedecoration.com\/blog\/wp-content\/uploads\/2023\/04\/deco-interieur-materiau-verre-exemple-9-367x550.jpeg 367w, https:\/\/www.cocondedecoration.com\/blog\/wp-content\/uploads\/2023\/04\/deco-interieur-materiau-verre-exemple-9-333x500.jpeg 333w, https:\/\/www.cocondedecoration.com\/blog\/wp-content\/uploads\/2023\/04\/deco-interieur-materiau-verre-exemple-9.jpeg 1000w\" sizes=\"(max-width: 640px) 100vw, 640px\" \/><figcaption>vogue.com.au\n<\/figcaption><\/figure><\/li><li class=\"blocks-gallery-item\"><figure><img loading=\"lazy\" decoding=\"async\" width=\"640\" height=\"960\" src=\"https:\/\/www.cocondedecoration.com\/blog\/wp-content\/uploads\/2023\/04\/deco-interieur-materiau-verre-exemple-10-640x960.jpeg\" alt=\"deco interieur materiau verre exemple d\u00e9cor de table vase livre grande branche\" data-id=\"59512\" data-link=\"https:\/\/www.cocondedecoration.com\/blog\/?attachment_id=59512\" class=\"wp-image-59512\" srcset=\"https:\/\/www.cocondedecoration.com\/blog\/wp-content\/uploads\/2023\/04\/deco-interieur-materiau-verre-exemple-10-640x960.jpeg 640w, https:\/\/www.cocondedecoration.com\/blog\/wp-content\/uploads\/2023\/04\/deco-interieur-materiau-verre-exemple-10-260x390.jpeg 260w, https:\/\/www.cocondedecoration.com\/blog\/wp-content\/uploads\/2023\/04\/deco-interieur-materiau-verre-exemple-10-768x1152.jpeg 768w, https:\/\/www.cocondedecoration.com\/blog\/wp-content\/uploads\/2023\/04\/deco-interieur-materiau-verre-exemple-10-367x550.jpeg 367w, https:\/\/www.cocondedecoration.com\/blog\/wp-content\/uploads\/2023\/04\/deco-interieur-materiau-verre-exemple-10-333x500.jpeg 333w, https:\/\/www.cocondedecoration.com\/blog\/wp-content\/uploads\/2023\/04\/deco-interieur-materiau-verre-exemple-10.jpeg 1000w\" sizes=\"(max-width: 640px) 100vw, 640px\" \/><figcaption>hunker.com\n<\/figcaption><\/figure><\/li><li class=\"blocks-gallery-item\"><figure><img loading=\"lazy\" decoding=\"async\" width=\"640\" height=\"960\" src=\"https:\/\/www.cocondedecoration.com\/blog\/wp-content\/uploads\/2023\/04\/deco-interieur-materiau-verre-exemple-12-640x960.jpeg\" alt=\"deco interieur materiau verre exemple d\u00e9cor de table couleur vintage\" data-id=\"59514\" data-link=\"https:\/\/www.cocondedecoration.com\/blog\/?attachment_id=59514\" class=\"wp-image-59514\" srcset=\"https:\/\/www.cocondedecoration.com\/blog\/wp-content\/uploads\/2023\/04\/deco-interieur-materiau-verre-exemple-12-640x960.jpeg 640w, https:\/\/www.cocondedecoration.com\/blog\/wp-content\/uploads\/2023\/04\/deco-interieur-materiau-verre-exemple-12-260x390.jpeg 260w, https:\/\/www.cocondedecoration.com\/blog\/wp-content\/uploads\/2023\/04\/deco-interieur-materiau-verre-exemple-12-768x1152.jpeg 768w, https:\/\/www.cocondedecoration.com\/blog\/wp-content\/uploads\/2023\/04\/deco-interieur-materiau-verre-exemple-12-367x550.jpeg 367w, https:\/\/www.cocondedecoration.com\/blog\/wp-content\/uploads\/2023\/04\/deco-interieur-materiau-verre-exemple-12-333x500.jpeg 333w, https:\/\/www.cocondedecoration.com\/blog\/wp-content\/uploads\/2023\/04\/deco-interieur-materiau-verre-exemple-12.jpeg 1000w\" sizes=\"(max-width: 640px) 100vw, 640px\" \/><figcaption>Dixie Does Vintage Rentals\nvia Pinterest<\/figcaption><\/figure><\/li><li class=\"blocks-gallery-item\"><figure><img loading=\"lazy\" decoding=\"async\" width=\"640\" height=\"960\" src=\"https:\/\/www.cocondedecoration.com\/blog\/wp-content\/uploads\/2023\/04\/deco-interieur-materiau-verre-exemple-13-640x960.jpeg\" alt=\"deco interieur materiau verre exemple table \u00e9t\u00e9 printemps couleur \u00e9co-responsable d\u00e9marche durable\" data-id=\"59515\" data-link=\"https:\/\/www.cocondedecoration.com\/blog\/?attachment_id=59515\" class=\"wp-image-59515\" srcset=\"https:\/\/www.cocondedecoration.com\/blog\/wp-content\/uploads\/2023\/04\/deco-interieur-materiau-verre-exemple-13-640x960.jpeg 640w, https:\/\/www.cocondedecoration.com\/blog\/wp-content\/uploads\/2023\/04\/deco-interieur-materiau-verre-exemple-13-260x390.jpeg 260w, https:\/\/www.cocondedecoration.com\/blog\/wp-content\/uploads\/2023\/04\/deco-interieur-materiau-verre-exemple-13-768x1152.jpeg 768w, https:\/\/www.cocondedecoration.com\/blog\/wp-content\/uploads\/2023\/04\/deco-interieur-materiau-verre-exemple-13-367x550.jpeg 367w, https:\/\/www.cocondedecoration.com\/blog\/wp-content\/uploads\/2023\/04\/deco-interieur-materiau-verre-exemple-13-333x500.jpeg 333w, https:\/\/www.cocondedecoration.com\/blog\/wp-content\/uploads\/2023\/04\/deco-interieur-materiau-verre-exemple-13.jpeg 1000w\" sizes=\"(max-width: 640px) 100vw, 640px\" \/><figcaption>heartofncweddings.com\n<\/figcaption><\/figure><\/li><li class=\"blocks-gallery-item\"><figure><img loading=\"lazy\" decoding=\"async\" width=\"640\" height=\"960\" src=\"https:\/\/www.cocondedecoration.com\/blog\/wp-content\/uploads\/2023\/04\/deco-interieur-materiau-verre-exemple-14-640x960.jpeg\" alt=\"deco interieur materiau verre exemple d\u00e9cor de table vase vaisselle durable\" data-id=\"59516\" data-link=\"https:\/\/www.cocondedecoration.com\/blog\/?attachment_id=59516\" class=\"wp-image-59516\" srcset=\"https:\/\/www.cocondedecoration.com\/blog\/wp-content\/uploads\/2023\/04\/deco-interieur-materiau-verre-exemple-14-640x960.jpeg 640w, https:\/\/www.cocondedecoration.com\/blog\/wp-content\/uploads\/2023\/04\/deco-interieur-materiau-verre-exemple-14-260x390.jpeg 260w, https:\/\/www.cocondedecoration.com\/blog\/wp-content\/uploads\/2023\/04\/deco-interieur-materiau-verre-exemple-14-768x1152.jpeg 768w, https:\/\/www.cocondedecoration.com\/blog\/wp-content\/uploads\/2023\/04\/deco-interieur-materiau-verre-exemple-14-367x550.jpeg 367w, https:\/\/www.cocondedecoration.com\/blog\/wp-content\/uploads\/2023\/04\/deco-interieur-materiau-verre-exemple-14-333x500.jpeg 333w, https:\/\/www.cocondedecoration.com\/blog\/wp-content\/uploads\/2023\/04\/deco-interieur-materiau-verre-exemple-14.jpeg 1000w\" sizes=\"(max-width: 640px) 100vw, 640px\" \/><figcaption>insidy.com\n<\/figcaption><\/figure><\/li><li class=\"blocks-gallery-item\"><figure><img loading=\"lazy\" decoding=\"async\" width=\"640\" height=\"960\" src=\"https:\/\/www.cocondedecoration.com\/blog\/wp-content\/uploads\/2023\/04\/deco-interieur-materiau-verre-exemple-15-640x960.jpeg\" alt=\"deco interieur materiau verre exemple d\u00e9cor de table vase vaisselle \u00e9co-responsable id\u00e9e\" data-id=\"59517\" data-link=\"https:\/\/www.cocondedecoration.com\/blog\/?attachment_id=59517\" class=\"wp-image-59517\" srcset=\"https:\/\/www.cocondedecoration.com\/blog\/wp-content\/uploads\/2023\/04\/deco-interieur-materiau-verre-exemple-15-640x960.jpeg 640w, https:\/\/www.cocondedecoration.com\/blog\/wp-content\/uploads\/2023\/04\/deco-interieur-materiau-verre-exemple-15-260x390.jpeg 260w, https:\/\/www.cocondedecoration.com\/blog\/wp-content\/uploads\/2023\/04\/deco-interieur-materiau-verre-exemple-15-768x1152.jpeg 768w, https:\/\/www.cocondedecoration.com\/blog\/wp-content\/uploads\/2023\/04\/deco-interieur-materiau-verre-exemple-15-367x550.jpeg 367w, https:\/\/www.cocondedecoration.com\/blog\/wp-content\/uploads\/2023\/04\/deco-interieur-materiau-verre-exemple-15-333x500.jpeg 333w, https:\/\/www.cocondedecoration.com\/blog\/wp-content\/uploads\/2023\/04\/deco-interieur-materiau-verre-exemple-15.jpeg 1000w\" sizes=\"(max-width: 640px) 100vw, 640px\" \/><figcaption>kraut-kopf.de\n<\/figcaption><\/figure><\/li><\/ul>\n\n\n\n<div class=\"wp-block-columns has-2-columns is-layout-flex wp-container-core-columns-layout-3 wp-block-columns-is-layout-flex\">\n<div class=\"wp-block-column is-layout-flow wp-block-column-is-layout-flow\">\n<div style=\"height:20px\" aria-hidden=\"true\" class=\"wp-block-spacer\"><\/div>\n\n\n\n<p style=\"text-align:center\" class=\"has-medium-font-size\">Le blog a besoin de votre soutien <\/p>\n\n\n\n<p>Depuis plus de 10 ans, je partage avec vous mes id\u00e9es et mes conseils pour cr\u00e9er un int\u00e9rieur qui vous ressemble. Je t\u00e2che de cr\u00e9er un espace en ligne agr\u00e9able o\u00f9 vous n'\u00eates pas agress\u00e9 par la publicit\u00e9. N\u00e9anmoins, entretenir le blog, publier plusieurs articles par semaine et mettre \u00e0 jour les anciens nous prend beaucoup de temps. <br><strong>Je vous en prie, envisagez <\/strong><a rel=\"noreferrer noopener\" aria-label=\"de soutenir le blog financi\u00e8rement (s\u2019ouvre dans un nouvel onglet)\" href=\"https:\/\/www.patreon.com\/cocondedeco\" target=\"_blank\"><strong>de soutenir le blog financi\u00e8rement<\/strong><\/a><strong>. <\/strong><\/p>\n<\/div>\n\n\n\n<div class=\"wp-block-column is-layout-flow wp-block-column-is-layout-flow\">\n<iframe loading=\"lazy\" width=\"560\" height=\"315\" src=\"https:\/\/www.youtube.com\/embed\/rZ9e85QwZU8\" title=\"YouTube video player\" frameborder=\"0\" allow=\"accelerometer; autoplay; clipboard-write; encrypted-media; gyroscope; picture-in-picture\" allowfullscreen><\/iframe>\n<\/div>\n<\/div>\n\n\n\n<hr class=\"wp-block-separator\"\/>\n\n\n\n<p class=\"has-text-align-center has-medium-font-size\">Ne perdons pas contact \ud83d\ude42 Rejoignez moi sur <a href=\"https:\/\/www.pinterest.fr\/cocondedeco\/\" target=\"_blank\" rel=\"noopener\" title=\"\">Pinterest<\/a> |\u00a0<a href=\"https:\/\/www.threads.net\/@cocondedeco\" target=\"_blank\" rel=\"noopener\" title=\"\">Threads<\/a> | <a href=\"https:\/\/www.patreon.com\/collection\/162946?view=expanded\" target=\"_blank\" rel=\"noopener\" title=\"\">la Newsletter<\/a> <br>Vous aimez lire le blog? Vous souhaitez continuer \u00e0 le lire? <a href=\"https:\/\/www.patreon.com\/cocondedeco\" target=\"_blank\" rel=\"noopener\" title=\"\">Devenez m\u00e9c\u00e8ne<\/a> sur Patreon et contribuez \u00e0 sa survie. <\/p>\n\n\n\n<hr class=\"wp-block-separator\"\/>\n\n\n\n<div class=\"wp-block-columns has-2-columns is-layout-flex wp-container-core-columns-layout-4 wp-block-columns-is-layout-flex\">\n<div class=\"wp-block-column is-layout-flow wp-block-column-is-layout-flow\">\n<p style=\"text-align:center\" class=\"has-medium-font-size\">A lire \u00e9galement<\/p>\n\n\n<ul class=\"wp-block-latest-posts__list wp-block-latest-posts\"><li><a class=\"wp-block-latest-posts__post-title\" href=\"https:\/\/www.cocondedecoration.com\/blog\/2024\/08\/blog-creatif-mila-luce\/\">Faites entrer la cr\u00e9ativit\u00e9 dans votre quotidien avec Mila Luce<\/a><\/li>\n<li><a class=\"wp-block-latest-posts__post-title\" href=\"https:\/\/www.cocondedecoration.com\/blog\/2024\/08\/linogravure-clapotis-sauvage\/\">Inviter la nature sur vos murs avec les linogravures de Clapotis Sauvage<\/a><\/li>\n<li><a class=\"wp-block-latest-posts__post-title\" href=\"https:\/\/www.cocondedecoration.com\/blog\/2024\/08\/decor-miniature-made-in-france\/\">Les d\u00e9cors miniatures et po\u00e9tiques de BOKA.L<\/a><\/li>\n<li><a class=\"wp-block-latest-posts__post-title\" href=\"https:\/\/www.cocondedecoration.com\/blog\/2024\/08\/affiche-illustration-pomologram\/\">Les illustrations po\u00e9tiques et naturelles de Pomologram<\/a><\/li>\n<li><a class=\"wp-block-latest-posts__post-title\" href=\"https:\/\/www.cocondedecoration.com\/blog\/2024\/08\/atelier-de-brume-ceramique\/\">Les c\u00e9ramiques de l&rsquo;Atelier de Brume | Made in France<\/a><\/li>\n<li><a class=\"wp-block-latest-posts__post-title\" href=\"https:\/\/www.cocondedecoration.com\/blog\/2024\/07\/broderie-fait-main-yes-or-knot\/\">Les broderies hyper color\u00e9es de Yes or Knot<\/a><\/li>\n<\/ul><\/div>\n\n\n\n<div class=\"wp-block-column is-layout-flow wp-block-column-is-layout-flow\">\n<p class=\"has-text-align-center has-medium-font-size\" style=\"padding-top:var(--wp--preset--spacing--40);padding-bottom:var(--wp--preset--spacing--40)\"><strong>Devenez m\u00e9c\u00e8ne du blog <\/strong><\/p>\n\n\n\n<hr class=\"wp-block-separator has-alpha-channel-opacity is-style-wide\"\/>\n\n\n\n<p style=\"padding-right:var(--wp--preset--spacing--30);padding-left:var(--wp--preset--spacing--30)\">Soutenez mon travail sur le blog et acc\u00e9dez \u00e0 des contreparties exclusives: <\/p>\n\n\n\n<ul style=\"padding-right:var(--wp--preset--spacing--40);padding-left:var(--wp--preset--spacing--40)\">\n<li>Plusieurs centaines d'articles d\u00e9co, lifestyle &amp; voyage r\u00e9serv\u00e9s aux abonn\u00e9\u2022e\u2022s <\/li>\n\n\n\n<li>Toutes les entr\u00e9es de mon side project - mon dictionnaire nomade <\/li>\n\n\n\n<li>Une publicit\u00e9 limit\u00e9e sur les articles Patreon <\/li>\n<\/ul>\n\n\n\n<div class=\"wp-block-buttons is-content-justification-center is-layout-flex wp-container-core-buttons-layout-1 wp-block-buttons-is-layout-flex\">\n<div class=\"wp-block-button\"><a class=\"wp-block-button__link wp-element-button\" href=\"https:\/\/www.patreon.com\/cocondedeco\" target=\"_blank\" rel=\"noreferrer noopener\">Soutenir le blog maintenant<\/a><\/div>\n<\/div>\n<\/div>\n<\/div>\n\n\n\n<div class=\"wp-block-image\"><figure class=\"aligncenter\"><img loading=\"lazy\" decoding=\"async\" width=\"732\" height=\"488\" src=\"https:\/\/www.cocondedecoration.com\/blog\/wp-content\/uploads\/2023\/04\/ou-trouver-deco-durable-verre-recycle.jpeg\" alt=\"ou trouver deco durable verre recycle vase d\u00e9coration int\u00e9rieur \u00e9co-responsable consommer autrement\" class=\"wp-image-59519\" srcset=\"https:\/\/www.cocondedecoration.com\/blog\/wp-content\/uploads\/2023\/04\/ou-trouver-deco-durable-verre-recycle.jpeg 732w, https:\/\/www.cocondedecoration.com\/blog\/wp-content\/uploads\/2023\/04\/ou-trouver-deco-durable-verre-recycle-260x173.jpeg 260w, https:\/\/www.cocondedecoration.com\/blog\/wp-content\/uploads\/2023\/04\/ou-trouver-deco-durable-verre-recycle-640x427.jpeg 640w, https:\/\/www.cocondedecoration.com\/blog\/wp-content\/uploads\/2023\/04\/ou-trouver-deco-durable-verre-recycle-465x310.jpeg 465w, https:\/\/www.cocondedecoration.com\/blog\/wp-content\/uploads\/2023\/04\/ou-trouver-deco-durable-verre-recycle-695x463.jpeg 695w\" sizes=\"(max-width: 732px) 100vw, 732px\" \/><figcaption>thespruce.com<\/figcaption><\/figure><\/div>\n\n\n\n<p style=\"text-align:right\" class=\"has-small-font-size\">Cet article contient des liens affili\u00e9s. Cela ne change en rien votre utilisation du blog ou des sites partenaires. Si vous passez commande via l'un de ces liens, je touche une \u00e9ventuelle commission qui me permet de mettre \u00e0 jour r\u00e9guli\u00e8rement le blog. Par avance merci de votre soutien. <br>Article mis \u00e0 jour en octobre 2023.<\/p>\n","protected":false},"excerpt":{"rendered":"<p>Je m\u00eale deux th\u00e8mes d\u00e9co qui me tiennent \u00e0 coeur dans cette s\u00e9lection shopping. On va parler de verre &#8211; un mat\u00e9riau qui revient sur le devant de la sc\u00e8ne d\u00e9co et qui se r\u00e9-invente. En revanche, cette fois, j&rsquo;ai eu envie de mettre l&rsquo;accent sur le verre recycl\u00e9 pour<span class=\"more-link\"><a href=\"https:\/\/www.cocondedecoration.com\/blog\/2023\/04\/ou-trouver-decoration-verre-recycle\/\">Lire la suite<\/a><\/span><\/p>\n","protected":false},"author":1,"featured_media":59519,"comment_status":"open","ping_status":"open","sticky":false,"template":"","format":"standard","meta":{"om_disable_all_campaigns":false,"_monsterinsights_skip_tracking":false,"_monsterinsights_sitenote_active":false,"_monsterinsights_sitenote_note":"","_monsterinsights_sitenote_category":0,"_uf_show_specific_survey":0,"_uf_disable_surveys":false,"footnotes":""},"categories":[9777,26873,2661,2231,27503],"tags":[2945,31670,10726,22856,17322,37869,40118,44709,44715,44716,44710,8719,44736,44742,44740,44738,32589,24482,39288,44741,44726,44739,44723,44729,44724,44732,44730,44719,44728,43809,44717,44721,44735,44733,44734,44737,2182,29315,44712,44720,44718,44711,44713,44727,44725,44714,44722,44731],"aioseo_notices":[],"_links":{"self":[{"href":"https:\/\/www.cocondedecoration.com\/blog\/wp-json\/wp\/v2\/posts\/59443"}],"collection":[{"href":"https:\/\/www.cocondedecoration.com\/blog\/wp-json\/wp\/v2\/posts"}],"about":[{"href":"https:\/\/www.cocondedecoration.com\/blog\/wp-json\/wp\/v2\/types\/post"}],"author":[{"embeddable":true,"href":"https:\/\/www.cocondedecoration.com\/blog\/wp-json\/wp\/v2\/users\/1"}],"replies":[{"embeddable":true,"href":"https:\/\/www.cocondedecoration.com\/blog\/wp-json\/wp\/v2\/comments?post=59443"}],"version-history":[{"count":0,"href":"https:\/\/www.cocondedecoration.com\/blog\/wp-json\/wp\/v2\/posts\/59443\/revisions"}],"wp:featuredmedia":[{"embeddable":true,"href":"https:\/\/www.cocondedecoration.com\/blog\/wp-json\/wp\/v2\/media\/59519"}],"wp:attachment":[{"href":"https:\/\/www.cocondedecoration.com\/blog\/wp-json\/wp\/v2\/media?parent=59443"}],"wp:term":[{"taxonomy":"category","embeddable":true,"href":"https:\/\/www.cocondedecoration.com\/blog\/wp-json\/wp\/v2\/categories?post=59443"},{"taxonomy":"post_tag","embeddable":true,"href":"https:\/\/www.cocondedecoration.com\/blog\/wp-json\/wp\/v2\/tags?post=59443"}],"curies":[{"name":"wp","href":"https:\/\/api.w.org\/{rel}","templated":true}]}}