{"id":59217,"date":"2023-04-06T09:06:06","date_gmt":"2023-04-06T07:06:06","guid":{"rendered":"https:\/\/www.cocondedecoration.com\/blog\/?p=59217"},"modified":"2024-12-14T07:52:34","modified_gmt":"2024-12-14T05:52:34","slug":"decoration-vert-franc-emeraude","status":"publish","type":"post","link":"https:\/\/www.cocondedecoration.com\/blog\/2023\/04\/decoration-vert-franc-emeraude\/","title":{"rendered":"Vert franc &#038; vert \u00e9meraude pour vivifier votre int\u00e9rieur"},"content":{"rendered":"\n<p>Cela fait un ou deux mois peut-\u00eatre que je m'interroge sur ces nuances de vert. J'aime le vert avec une certaine ardeur. C'est une couleur qui me fait du bien au quotidien. Et le vert franc comme le vert \u00e9meraude ni coupent pas. En revanche, ce n'est pas si facile de d\u00e9crire ou d\u00e9finir ces nuances (un peu comme diff\u00e9rencier le prune et l'aubergine dont je vous parlais le mois pass\u00e9). C'est pourquoi j'ai eu envie de m'y int\u00e9resser plus attentivement.  <\/p>\n\n\n\n<!--more-->\n\n\n\n<div style=\"height:20px\" aria-hidden=\"true\" class=\"wp-block-spacer\"><\/div>\n\n\n\n<div class=\"wp-block-media-text alignwide\"><figure class=\"wp-block-media-text__media\"><img loading=\"lazy\" decoding=\"async\" width=\"640\" height=\"366\" src=\"https:\/\/www.cocondedecoration.com\/blog\/wp-content\/uploads\/2023\/12\/newsletter-patreon-640x366.png\" alt=\"\" class=\"wp-image-70176\" srcset=\"https:\/\/www.cocondedecoration.com\/blog\/wp-content\/uploads\/2023\/12\/newsletter-patreon-640x366.png 640w, https:\/\/www.cocondedecoration.com\/blog\/wp-content\/uploads\/2023\/12\/newsletter-patreon-260x149.png 260w, https:\/\/www.cocondedecoration.com\/blog\/wp-content\/uploads\/2023\/12\/newsletter-patreon-768x439.png 768w, https:\/\/www.cocondedecoration.com\/blog\/wp-content\/uploads\/2023\/12\/newsletter-patreon-465x266.png 465w, https:\/\/www.cocondedecoration.com\/blog\/wp-content\/uploads\/2023\/12\/newsletter-patreon-695x397.png 695w, https:\/\/www.cocondedecoration.com\/blog\/wp-content\/uploads\/2023\/12\/newsletter-patreon.png 1050w\" sizes=\"(max-width: 640px) 100vw, 640px\" \/><\/figure><div class=\"wp-block-media-text__content\">\n<p style=\"text-align:center\"><strong>La newsletter du blog est sur Patreon<\/strong><\/p>\n\n\n\n<p>Devenez membre gratuitement de mon Patron pour lire toutes les newsletters du blog &amp; recevoir une notification quand les prochaines seront en ligne. <\/p>\n\n\n\n<div class=\"wp-block-button aligncenter\"><a class=\"wp-block-button__link\" href=\"https:\/\/www.patreon.com\/cocondedeco\">Acc\u00e9der \u00e0 Patreon gratuitement<\/a><\/div>\n<\/div><\/div>\n\n\n\n<div style=\"height:30px\" aria-hidden=\"true\" class=\"wp-block-spacer\"><\/div>\n\n\n\n<div class=\"wp-block-columns has-2-columns is-layout-flex wp-container-core-columns-layout-1 wp-block-columns-is-layout-flex\">\n<div class=\"wp-block-column is-layout-flow wp-block-column-is-layout-flow\">\n<h2 class=\"wp-block-heading\">Qu'est-ce que le vert \u00e9meraude? Comment d\u00e9finir le vert franc? <\/h2>\n\n\n\n<p>Comme je le disais en introduction, ce sont deux nuances qui ne sont pas \u00e9videntes pour moi \u00e0 d\u00e9finir. (Si c'est \u00e9vident pour vous, n'h\u00e9sitez pas \u00e0 le montrer en commentaire!) Le <a aria-label=\"vert sauge (s\u2019ouvre dans un nouvel onglet)\" href=\"https:\/\/www.cocondedecoration.com\/blog\/2020\/10\/couleur-vert-sauge-chambre\/\" target=\"_blank\" rel=\"noreferrer noopener\">vert sauge<\/a> par exemple se caract\u00e9rise par un m\u00e9lange de vert et de gris, cela lui conf\u00e8re une certaine douceur. Mais ici, il n'y a pas de m\u00e9lange. <\/p>\n\n\n\n<p>Le vert \u00e9meraude vient de la pierre pr\u00e9cieuse qui est naturellement verte. <br>Toujours dans une tentative de d\u00e9finir ces couleurs, j'ai essay\u00e9 de mettre un qualificatif. Mais franc est d\u00e9j\u00e0 un adjectif: \"qui est sans m\u00e9lange, pur\" (selon <em>Le Larousse<\/em>). On va donc se trouver entre des nuances sourdes et des nuances tendres, pas acidul\u00e9es non plus. <\/p>\n\n\n\n<p>Le vert sapin ou le vert chlorophylle sont des nuances v\u00e9g\u00e9tales, le <a aria-label=\"vert kaki (s\u2019ouvre dans un nouvel onglet)\" href=\"https:\/\/www.cocondedecoration.com\/blog\/2022\/10\/interieur-couleur-vert-kaki\/\" target=\"_blank\" rel=\"noreferrer noopener\">vert kaki<\/a> tire son origine de la terre alors que par essence, le vert \u00e9meraude est min\u00e9ral. On reste dans un esprit naturel mais la source est diff\u00e9rente. Cela joue aussi sur notre perception de la couleur. <\/p>\n\n\n\n<h2 class=\"wp-block-heading\">Quelles couleurs associer au vert franc et \u00e9meraude?  <\/h2>\n\n\n\n<ul>\n<li>Vert franc et <a rel=\"noreferrer noopener\" aria-label=\"blanc (s\u2019ouvre dans un nouvel onglet)\" href=\"https:\/\/www.cocondedecoration.com\/blog\/2020\/11\/couleur-blanc-toujours-tendance\/\" target=\"_blank\">blanc<\/a> - un mix de couleurs parfait pour cr\u00e9er un d\u00e9cor int\u00e9rieur lumineux et vivifiant; <\/li>\n\n\n\n<li>Vert franc et <a rel=\"noreferrer noopener\" aria-label=\"bleu (s\u2019ouvre dans un nouvel onglet)\" href=\"https:\/\/www.cocondedecoration.com\/blog\/2023\/02\/interieur-couleur-bleu-electrique\/\" target=\"_blank\">bleu<\/a> - pour une certaine continuit\u00e9 dans la palette de couleurs qui composent votre d\u00e9co. Le vert s'obtient en m\u00e9langeant du bleu et du jaune. On peut trouver un bleu sourd (comme le bleu nuit) qui offrira au vert un c\u00f4t\u00e9 plus \u00e9l\u00e9gant. On peut aussi partir sur un bleu clair voire pastel pour plus de fraicheur. <\/li>\n\n\n\n<li>Vert et vert - pas tout \u00e0 fait un ton sur ton, plus un monochrome moderne avec deux ou trois nuances de vert. Un choix assez singulier mais qui apportera du dynamisme notamment \u00e0 vos murs. <\/li>\n\n\n\n<li>Une touche de <a rel=\"noreferrer noopener\" aria-label=\"jaune (s\u2019ouvre dans un nouvel onglet)\" href=\"https:\/\/www.cocondedecoration.com\/blog\/2023\/01\/interieur-couleur-jaune-ocre\/\" target=\"_blank\">jaune<\/a> pour illuminer le vert \u00e9meraude - je l'ai \u00e9voqu\u00e9 juste avant, le jaune \u00e0 l'instar du bleu est une composante du vert. Ils se marient donc bien ensemble. Cependant, le jaune (franc notamment) apportera de l'\u00e9clat \u00e0 votre d\u00e9coration. <\/li>\n\n\n\n<li>Vert \u00e9meraude et or - toujours dans l'id\u00e9e d'\u00e9clat mais avec une connotation plus chic, on a l'or. <\/li>\n\n\n\n<li>Noir et vert franc - <a aria-label=\"le noir en petite touche (s\u2019ouvre dans un nouvel onglet)\" href=\"https:\/\/www.cocondedecoration.com\/blog\/2022\/03\/accessoire-deco-noir\/\" target=\"_blank\" rel=\"noreferrer noopener\">le noir en petite touche<\/a> n'assombrit pas votre int\u00e9rieur, il le magnifie et c'est valable aussi quand on a une dominante de vert. <\/li>\n\n\n\n<li>Vert franc et des teintes 70' comme le rouge et l'orange - pour un <a href=\"https:\/\/www.cocondedecoration.com\/blog\/category\/tendances-deco\/style-deco-vintage\/\" target=\"_blank\" rel=\"noreferrer noopener\" aria-label=\"int\u00e9rieur vintage (s\u2019ouvre dans un nouvel onglet)\">int\u00e9rieur vintage<\/a> qui sort de l'ordinaire. <\/li>\n<\/ul>\n\n\n\n<h2 class=\"wp-block-heading\">Quels mat\u00e9riaux associer aux verts franc et \u00e9meraude? <\/h2>\n\n\n\n<ul>\n<li>Bois, <a href=\"https:\/\/www.cocondedecoration.com\/blog\/category\/decorer-avec-du-cannage-et-rotin\/\" target=\"_blank\" rel=\"noreferrer noopener\" aria-label=\"rotin, cannage et autres fibres naturelles (s\u2019ouvre dans un nouvel onglet)\">rotin, cannage et autres fibres naturelles<\/a> pour un esprit nature<\/li>\n\n\n\n<li>Textiles et mat\u00e9riaux naturels: lin, chanvre, jute, ardoise, pierre, marbre...<\/li>\n\n\n\n<li>Du velours pour apporter de la luminosit\u00e9 (notamment <a rel=\"noreferrer noopener\" aria-label=\"sur le canap\u00e9 (s\u2019ouvre dans un nouvel onglet)\" href=\"https:\/\/www.cocondedecoration.com\/blog\/2020\/06\/ou-trouver-un-canape-en-velours-vert\/\" target=\"_blank\">sur le canap\u00e9<\/a>) mais aussi une touche plus \u00e9l\u00e9gante <\/li>\n<\/ul>\n\n\n\n<h2 class=\"wp-block-heading\">Comment utiliser le vert \u00e9meraude et le vert franc dans sa d\u00e9co? <\/h2>\n\n\n\n<p>On trouve ces nuances de verts dans toutes les pi\u00e8ces de la maison notamment gr\u00e2ce \u00e0 la peinture murale.  J'aime aussi beaucoup les meubles de cuisine en vert franc. C'est assez inattendu. Il y a un c\u00f4t\u00e9 pop mais naturel. Cela colle bien avec l'id\u00e9e de couleur vivante &amp; de pi\u00e8ce de vie.  <\/p>\n\n\n\n<p>Le vert franc est parfait quand on aime le vintage notamment les p\u00e9riodes entre les ann\u00e9es 50\/60 jusque les ann\u00e9es 90. Mon combo pr\u00e9f\u00e9r\u00e9 est l'association du vert franc et des <a aria-label=\"meubles mid century modern (s\u2019ouvre dans un nouvel onglet)\" href=\"https:\/\/www.cocondedecoration.com\/blog\/2021\/05\/ou-trouver-meuble-vintage-salon\/\" target=\"_blank\" rel=\"noreferrer noopener\">meubles mid century modern<\/a> (si vous suivez le blog, vous savez que ce sont deux \u00e9l\u00e9ments d\u00e9co que j'aime particuli\u00e8rement). <\/p>\n\n\n\n<p>Le vert \u00e9meraude trouve sa place facilement dans des int\u00e9rieurs \u00e9l\u00e9gants et <a aria-label=\"classiques (s\u2019ouvre dans un nouvel onglet)\" href=\"https:\/\/www.cocondedecoration.com\/blog\/2020\/09\/idee-deco-salon-classique-chic\/\" target=\"_blank\" rel=\"noreferrer noopener\">classiques<\/a>. Il y a un c\u00f4t\u00e9 chic v\u00e9hicul\u00e9 par la pierre pr\u00e9cieuse qu'il est int\u00e9ressant de d\u00e9velopper chez soi. Chemin\u00e9e ancienne, moulures, arches et j'en passe seront mises en valeur gr\u00e2ce \u00e0 cette couleur. <\/p>\n<\/div>\n\n\n\n<div class=\"wp-block-column is-layout-flow wp-block-column-is-layout-flow\">\n<figure class=\"wp-block-image\"><img loading=\"lazy\" decoding=\"async\" width=\"640\" height=\"960\" src=\"https:\/\/www.cocondedecoration.com\/blog\/wp-content\/uploads\/2023\/04\/decoration-interieur-couleur-vert-franc-exemple-1-640x960.jpeg\" alt=\"decoration interieur couleur vert franc exemple fa\u00e7ade meuble de cuisine moderne bois \u00e9l\u00e9gant niche bois blanc original\" class=\"wp-image-59220\" srcset=\"https:\/\/www.cocondedecoration.com\/blog\/wp-content\/uploads\/2023\/04\/decoration-interieur-couleur-vert-franc-exemple-1-640x960.jpeg 640w, https:\/\/www.cocondedecoration.com\/blog\/wp-content\/uploads\/2023\/04\/decoration-interieur-couleur-vert-franc-exemple-1-260x390.jpeg 260w, https:\/\/www.cocondedecoration.com\/blog\/wp-content\/uploads\/2023\/04\/decoration-interieur-couleur-vert-franc-exemple-1-768x1152.jpeg 768w, https:\/\/www.cocondedecoration.com\/blog\/wp-content\/uploads\/2023\/04\/decoration-interieur-couleur-vert-franc-exemple-1-367x550.jpeg 367w, https:\/\/www.cocondedecoration.com\/blog\/wp-content\/uploads\/2023\/04\/decoration-interieur-couleur-vert-franc-exemple-1-333x500.jpeg 333w, https:\/\/www.cocondedecoration.com\/blog\/wp-content\/uploads\/2023\/04\/decoration-interieur-couleur-vert-franc-exemple-1.jpeg 1000w\" sizes=\"(max-width: 640px) 100vw, 640px\" \/><figcaption class=\"wp-element-caption\">billieblanket.elle.fr\n<\/figcaption><\/figure>\n\n\n\n<div style=\"height:20px\" aria-hidden=\"true\" class=\"wp-block-spacer\"><\/div>\n\n\n\n<figure class=\"wp-block-gallery has-nested-images columns-default is-cropped wp-block-gallery-1 is-layout-flex wp-block-gallery-is-layout-flex\">\n<figure class=\"wp-block-image\"><img loading=\"lazy\" decoding=\"async\" width=\"640\" height=\"960\" src=\"https:\/\/www.cocondedecoration.com\/blog\/wp-content\/uploads\/2023\/04\/decor-sejour-vert-moderne-exemple-1-640x960.jpeg\" alt=\"decor sejour vert moderne exemple enfilade en bois cintr\u00e9e arche tendance objets d\u00e9coratif dessus du buffet peinture mur\" class=\"wp-image-59270\" srcset=\"https:\/\/www.cocondedecoration.com\/blog\/wp-content\/uploads\/2023\/04\/decor-sejour-vert-moderne-exemple-1-640x960.jpeg 640w, https:\/\/www.cocondedecoration.com\/blog\/wp-content\/uploads\/2023\/04\/decor-sejour-vert-moderne-exemple-1-260x390.jpeg 260w, https:\/\/www.cocondedecoration.com\/blog\/wp-content\/uploads\/2023\/04\/decor-sejour-vert-moderne-exemple-1-768x1152.jpeg 768w, https:\/\/www.cocondedecoration.com\/blog\/wp-content\/uploads\/2023\/04\/decor-sejour-vert-moderne-exemple-1-367x550.jpeg 367w, https:\/\/www.cocondedecoration.com\/blog\/wp-content\/uploads\/2023\/04\/decor-sejour-vert-moderne-exemple-1-333x500.jpeg 333w, https:\/\/www.cocondedecoration.com\/blog\/wp-content\/uploads\/2023\/04\/decor-sejour-vert-moderne-exemple-1.jpeg 1000w\" sizes=\"(max-width: 640px) 100vw, 640px\" \/><figcaption class=\"wp-element-caption\">livingetc.com<\/figcaption><\/figure>\n\n\n\n<figure class=\"wp-block-image\"><img loading=\"lazy\" decoding=\"async\" width=\"640\" height=\"960\" src=\"https:\/\/www.cocondedecoration.com\/blog\/wp-content\/uploads\/2023\/04\/decor-sejour-vert-moderne-exemple-2-640x960.jpeg\" alt=\"decor sejour vert moderne exemple papier peint salon meuble clair\" class=\"wp-image-59271\" srcset=\"https:\/\/www.cocondedecoration.com\/blog\/wp-content\/uploads\/2023\/04\/decor-sejour-vert-moderne-exemple-2-640x960.jpeg 640w, https:\/\/www.cocondedecoration.com\/blog\/wp-content\/uploads\/2023\/04\/decor-sejour-vert-moderne-exemple-2-260x390.jpeg 260w, https:\/\/www.cocondedecoration.com\/blog\/wp-content\/uploads\/2023\/04\/decor-sejour-vert-moderne-exemple-2-768x1152.jpeg 768w, https:\/\/www.cocondedecoration.com\/blog\/wp-content\/uploads\/2023\/04\/decor-sejour-vert-moderne-exemple-2-367x550.jpeg 367w, https:\/\/www.cocondedecoration.com\/blog\/wp-content\/uploads\/2023\/04\/decor-sejour-vert-moderne-exemple-2-333x500.jpeg 333w, https:\/\/www.cocondedecoration.com\/blog\/wp-content\/uploads\/2023\/04\/decor-sejour-vert-moderne-exemple-2.jpeg 1000w\" sizes=\"(max-width: 640px) 100vw, 640px\" \/><figcaption class=\"wp-element-caption\">fireflyandfinch.com<\/figcaption><\/figure>\n<\/figure>\n\n\n\n<div style=\"height:20px\" aria-hidden=\"true\" class=\"wp-block-spacer\"><\/div>\n\n\n\n<figure class=\"wp-block-image\"><img loading=\"lazy\" decoding=\"async\" width=\"640\" height=\"960\" src=\"https:\/\/www.cocondedecoration.com\/blog\/wp-content\/uploads\/2023\/04\/decoration-interieur-couleur-vert-franc-exemple-2-640x960.jpeg\" alt=\"decoration interieur couleur vert franc exemple vintage mobilier mid century modern bois sombre verni biblioth\u00e8que peinture salon plantes vertes\" class=\"wp-image-59224\" srcset=\"https:\/\/www.cocondedecoration.com\/blog\/wp-content\/uploads\/2023\/04\/decoration-interieur-couleur-vert-franc-exemple-2-640x960.jpeg 640w, https:\/\/www.cocondedecoration.com\/blog\/wp-content\/uploads\/2023\/04\/decoration-interieur-couleur-vert-franc-exemple-2-260x390.jpeg 260w, https:\/\/www.cocondedecoration.com\/blog\/wp-content\/uploads\/2023\/04\/decoration-interieur-couleur-vert-franc-exemple-2-768x1152.jpeg 768w, https:\/\/www.cocondedecoration.com\/blog\/wp-content\/uploads\/2023\/04\/decoration-interieur-couleur-vert-franc-exemple-2-367x550.jpeg 367w, https:\/\/www.cocondedecoration.com\/blog\/wp-content\/uploads\/2023\/04\/decoration-interieur-couleur-vert-franc-exemple-2-333x500.jpeg 333w, https:\/\/www.cocondedecoration.com\/blog\/wp-content\/uploads\/2023\/04\/decoration-interieur-couleur-vert-franc-exemple-2.jpeg 1000w\" sizes=\"(max-width: 640px) 100vw, 640px\" \/><figcaption class=\"wp-element-caption\">historiasdecasa.com.br\n<\/figcaption><\/figure>\n<\/div>\n<\/div>\n\n\n\n<h2 class=\"wp-block-heading\">Inspirations - Vert franc et vert \u00e9meraude pour sublimer votre int\u00e9rieur <\/h2>\n\n\n\n<figure class=\"wp-block-gallery has-nested-images columns-default is-cropped wp-block-gallery-2 is-layout-flex wp-block-gallery-is-layout-flex\">\n<figure class=\"wp-block-image\"><img loading=\"lazy\" decoding=\"async\" width=\"640\" height=\"960\" data-id=\"59218\" src=\"https:\/\/www.cocondedecoration.com\/blog\/wp-content\/uploads\/2023\/04\/decoration-interieur-couleur-vert-franc-exemple-3-640x960.jpeg\" alt=\"decoration interieur couleur vert franc exemple nuance peinture mur ambiance naturelle moderne bois tableau noir porte-manteau entr\u00e9e\" class=\"wp-image-59218\" srcset=\"https:\/\/www.cocondedecoration.com\/blog\/wp-content\/uploads\/2023\/04\/decoration-interieur-couleur-vert-franc-exemple-3-640x960.jpeg 640w, https:\/\/www.cocondedecoration.com\/blog\/wp-content\/uploads\/2023\/04\/decoration-interieur-couleur-vert-franc-exemple-3-260x390.jpeg 260w, https:\/\/www.cocondedecoration.com\/blog\/wp-content\/uploads\/2023\/04\/decoration-interieur-couleur-vert-franc-exemple-3-768x1152.jpeg 768w, https:\/\/www.cocondedecoration.com\/blog\/wp-content\/uploads\/2023\/04\/decoration-interieur-couleur-vert-franc-exemple-3-367x550.jpeg 367w, https:\/\/www.cocondedecoration.com\/blog\/wp-content\/uploads\/2023\/04\/decoration-interieur-couleur-vert-franc-exemple-3-333x500.jpeg 333w, https:\/\/www.cocondedecoration.com\/blog\/wp-content\/uploads\/2023\/04\/decoration-interieur-couleur-vert-franc-exemple-3.jpeg 1000w\" sizes=\"(max-width: 640px) 100vw, 640px\" \/><figcaption class=\"wp-element-caption\">inspirationsdeco.blogspot.com\n<\/figcaption><\/figure>\n\n\n\n<figure class=\"wp-block-image\"><img loading=\"lazy\" decoding=\"async\" width=\"640\" height=\"960\" data-id=\"59222\" src=\"https:\/\/www.cocondedecoration.com\/blog\/wp-content\/uploads\/2023\/04\/decoration-interieur-couleur-vert-franc-exemple-6-640x960.jpeg\" alt=\"decoration interieur couleur vert franc exemple salle \u00e0 manger ambiance naturelle cottage anglais luminaire en rotin plantes verte nappe en lin\" class=\"wp-image-59222\" srcset=\"https:\/\/www.cocondedecoration.com\/blog\/wp-content\/uploads\/2023\/04\/decoration-interieur-couleur-vert-franc-exemple-6-640x960.jpeg 640w, https:\/\/www.cocondedecoration.com\/blog\/wp-content\/uploads\/2023\/04\/decoration-interieur-couleur-vert-franc-exemple-6-260x390.jpeg 260w, https:\/\/www.cocondedecoration.com\/blog\/wp-content\/uploads\/2023\/04\/decoration-interieur-couleur-vert-franc-exemple-6-768x1152.jpeg 768w, https:\/\/www.cocondedecoration.com\/blog\/wp-content\/uploads\/2023\/04\/decoration-interieur-couleur-vert-franc-exemple-6-367x550.jpeg 367w, https:\/\/www.cocondedecoration.com\/blog\/wp-content\/uploads\/2023\/04\/decoration-interieur-couleur-vert-franc-exemple-6-333x500.jpeg 333w, https:\/\/www.cocondedecoration.com\/blog\/wp-content\/uploads\/2023\/04\/decoration-interieur-couleur-vert-franc-exemple-6.jpeg 1000w\" sizes=\"(max-width: 640px) 100vw, 640px\" \/><figcaption class=\"wp-element-caption\">cotemaison.fr\n<\/figcaption><\/figure>\n\n\n\n<figure class=\"wp-block-image\"><img loading=\"lazy\" decoding=\"async\" width=\"640\" height=\"960\" data-id=\"59240\" src=\"https:\/\/www.cocondedecoration.com\/blog\/wp-content\/uploads\/2023\/04\/vert-emeraude-decoration-interieure-exemple-11-640x960.jpeg\" alt=\"vert emeraude decoration interieure exemple peinture et meuble de cuisine bois rotin esprit nature plan de travail en marbre\" class=\"wp-image-59240\" srcset=\"https:\/\/www.cocondedecoration.com\/blog\/wp-content\/uploads\/2023\/04\/vert-emeraude-decoration-interieure-exemple-11-640x960.jpeg 640w, https:\/\/www.cocondedecoration.com\/blog\/wp-content\/uploads\/2023\/04\/vert-emeraude-decoration-interieure-exemple-11-260x390.jpeg 260w, https:\/\/www.cocondedecoration.com\/blog\/wp-content\/uploads\/2023\/04\/vert-emeraude-decoration-interieure-exemple-11-768x1152.jpeg 768w, https:\/\/www.cocondedecoration.com\/blog\/wp-content\/uploads\/2023\/04\/vert-emeraude-decoration-interieure-exemple-11-367x550.jpeg 367w, https:\/\/www.cocondedecoration.com\/blog\/wp-content\/uploads\/2023\/04\/vert-emeraude-decoration-interieure-exemple-11-333x500.jpeg 333w, https:\/\/www.cocondedecoration.com\/blog\/wp-content\/uploads\/2023\/04\/vert-emeraude-decoration-interieure-exemple-11.jpeg 1000w\" sizes=\"(max-width: 640px) 100vw, 640px\" \/><figcaption class=\"wp-element-caption\">melanielissackinteriors.com<\/figcaption><\/figure>\n\n\n\n<figure class=\"wp-block-image\"><img loading=\"lazy\" decoding=\"async\" width=\"640\" height=\"960\" data-id=\"59236\" src=\"https:\/\/www.cocondedecoration.com\/blog\/wp-content\/uploads\/2023\/04\/vert-emeraude-decoration-interieure-exemple-7-640x960.jpeg\" alt=\"vert emeraude decoration interieure exemple salon bureau associ\u00e9 au blanc peinture \u00e9tag\u00e8re murale moderne en bois plante nature\" class=\"wp-image-59236\" srcset=\"https:\/\/www.cocondedecoration.com\/blog\/wp-content\/uploads\/2023\/04\/vert-emeraude-decoration-interieure-exemple-7-640x960.jpeg 640w, https:\/\/www.cocondedecoration.com\/blog\/wp-content\/uploads\/2023\/04\/vert-emeraude-decoration-interieure-exemple-7-260x390.jpeg 260w, https:\/\/www.cocondedecoration.com\/blog\/wp-content\/uploads\/2023\/04\/vert-emeraude-decoration-interieure-exemple-7-768x1152.jpeg 768w, https:\/\/www.cocondedecoration.com\/blog\/wp-content\/uploads\/2023\/04\/vert-emeraude-decoration-interieure-exemple-7-367x550.jpeg 367w, https:\/\/www.cocondedecoration.com\/blog\/wp-content\/uploads\/2023\/04\/vert-emeraude-decoration-interieure-exemple-7-333x500.jpeg 333w, https:\/\/www.cocondedecoration.com\/blog\/wp-content\/uploads\/2023\/04\/vert-emeraude-decoration-interieure-exemple-7.jpeg 1000w\" sizes=\"(max-width: 640px) 100vw, 640px\" \/><figcaption class=\"wp-element-caption\">historiasdecasa.com.br\n<\/figcaption><\/figure>\n\n\n\n<figure class=\"wp-block-image\"><img loading=\"lazy\" decoding=\"async\" width=\"640\" height=\"960\" data-id=\"59237\" src=\"https:\/\/www.cocondedecoration.com\/blog\/wp-content\/uploads\/2023\/04\/vert-emeraude-decoration-interieure-exemple-8-640x960.jpeg\" alt=\"vert emeraude decoation interieur exemple salon s\u00e9jour meuble vintage en bois mid century modern ann\u00e9es 60 plantes vertes\" class=\"wp-image-59237\" srcset=\"https:\/\/www.cocondedecoration.com\/blog\/wp-content\/uploads\/2023\/04\/vert-emeraude-decoration-interieure-exemple-8-640x960.jpeg 640w, https:\/\/www.cocondedecoration.com\/blog\/wp-content\/uploads\/2023\/04\/vert-emeraude-decoration-interieure-exemple-8-260x390.jpeg 260w, https:\/\/www.cocondedecoration.com\/blog\/wp-content\/uploads\/2023\/04\/vert-emeraude-decoration-interieure-exemple-8-768x1152.jpeg 768w, https:\/\/www.cocondedecoration.com\/blog\/wp-content\/uploads\/2023\/04\/vert-emeraude-decoration-interieure-exemple-8-367x550.jpeg 367w, https:\/\/www.cocondedecoration.com\/blog\/wp-content\/uploads\/2023\/04\/vert-emeraude-decoration-interieure-exemple-8-333x500.jpeg 333w, https:\/\/www.cocondedecoration.com\/blog\/wp-content\/uploads\/2023\/04\/vert-emeraude-decoration-interieure-exemple-8.jpeg 1000w\" sizes=\"(max-width: 640px) 100vw, 640px\" \/><figcaption class=\"wp-element-caption\">historiasdecasa.com.br\n<\/figcaption><\/figure>\n\n\n\n<figure class=\"wp-block-image\"><img loading=\"lazy\" decoding=\"async\" width=\"640\" height=\"960\" data-id=\"59235\" src=\"https:\/\/www.cocondedecoration.com\/blog\/wp-content\/uploads\/2023\/04\/vert-emeraude-decoration-interieure-exemple-6-640x960.jpeg\" alt=\"vert emeraude decoration interieure exemple salon s\u00e9jour moderne monochrome peinture canap\u00e9 velours plantes vertes esprit nature\" class=\"wp-image-59235\" srcset=\"https:\/\/www.cocondedecoration.com\/blog\/wp-content\/uploads\/2023\/04\/vert-emeraude-decoration-interieure-exemple-6-640x960.jpeg 640w, https:\/\/www.cocondedecoration.com\/blog\/wp-content\/uploads\/2023\/04\/vert-emeraude-decoration-interieure-exemple-6-260x390.jpeg 260w, https:\/\/www.cocondedecoration.com\/blog\/wp-content\/uploads\/2023\/04\/vert-emeraude-decoration-interieure-exemple-6-768x1152.jpeg 768w, https:\/\/www.cocondedecoration.com\/blog\/wp-content\/uploads\/2023\/04\/vert-emeraude-decoration-interieure-exemple-6-367x550.jpeg 367w, https:\/\/www.cocondedecoration.com\/blog\/wp-content\/uploads\/2023\/04\/vert-emeraude-decoration-interieure-exemple-6-333x500.jpeg 333w, https:\/\/www.cocondedecoration.com\/blog\/wp-content\/uploads\/2023\/04\/vert-emeraude-decoration-interieure-exemple-6.jpeg 1000w\" sizes=\"(max-width: 640px) 100vw, 640px\" \/><figcaption class=\"wp-element-caption\">pinterest.fr<\/figcaption><\/figure>\n\n\n\n<figure class=\"wp-block-image\"><img loading=\"lazy\" decoding=\"async\" width=\"640\" height=\"960\" data-id=\"59219\" src=\"https:\/\/www.cocondedecoration.com\/blog\/wp-content\/uploads\/2023\/04\/decoration-interieur-couleur-vert-franc-exemple-4-640x960.jpeg\" alt=\"decoration interieur couleur vert franc exemple d\u00e9cor mural classique moulure bois g\u00e9om\u00e9trique peinture meuble scandinave gris fauteuil table basse or\" class=\"wp-image-59219\" srcset=\"https:\/\/www.cocondedecoration.com\/blog\/wp-content\/uploads\/2023\/04\/decoration-interieur-couleur-vert-franc-exemple-4-640x960.jpeg 640w, https:\/\/www.cocondedecoration.com\/blog\/wp-content\/uploads\/2023\/04\/decoration-interieur-couleur-vert-franc-exemple-4-260x390.jpeg 260w, https:\/\/www.cocondedecoration.com\/blog\/wp-content\/uploads\/2023\/04\/decoration-interieur-couleur-vert-franc-exemple-4-768x1152.jpeg 768w, https:\/\/www.cocondedecoration.com\/blog\/wp-content\/uploads\/2023\/04\/decoration-interieur-couleur-vert-franc-exemple-4-367x550.jpeg 367w, https:\/\/www.cocondedecoration.com\/blog\/wp-content\/uploads\/2023\/04\/decoration-interieur-couleur-vert-franc-exemple-4-333x500.jpeg 333w, https:\/\/www.cocondedecoration.com\/blog\/wp-content\/uploads\/2023\/04\/decoration-interieur-couleur-vert-franc-exemple-4.jpeg 1000w\" sizes=\"(max-width: 640px) 100vw, 640px\" \/><figcaption class=\"wp-element-caption\">benjaminmoore.com\n<\/figcaption><\/figure>\n\n\n\n<figure class=\"wp-block-image\"><img loading=\"lazy\" decoding=\"async\" width=\"640\" height=\"960\" data-id=\"59231\" src=\"https:\/\/www.cocondedecoration.com\/blog\/wp-content\/uploads\/2023\/04\/vert-emeraude-decoration-interieure-exemple-2-640x960.jpeg\" alt=\"vert emeraude decoration interieure exemple associ\u00e9 couleur or laiton luminaire peinture moulure chambre \u00e0 coucher\" class=\"wp-image-59231\" srcset=\"https:\/\/www.cocondedecoration.com\/blog\/wp-content\/uploads\/2023\/04\/vert-emeraude-decoration-interieure-exemple-2-640x960.jpeg 640w, https:\/\/www.cocondedecoration.com\/blog\/wp-content\/uploads\/2023\/04\/vert-emeraude-decoration-interieure-exemple-2-260x390.jpeg 260w, https:\/\/www.cocondedecoration.com\/blog\/wp-content\/uploads\/2023\/04\/vert-emeraude-decoration-interieure-exemple-2-768x1152.jpeg 768w, https:\/\/www.cocondedecoration.com\/blog\/wp-content\/uploads\/2023\/04\/vert-emeraude-decoration-interieure-exemple-2-367x550.jpeg 367w, https:\/\/www.cocondedecoration.com\/blog\/wp-content\/uploads\/2023\/04\/vert-emeraude-decoration-interieure-exemple-2-333x500.jpeg 333w, https:\/\/www.cocondedecoration.com\/blog\/wp-content\/uploads\/2023\/04\/vert-emeraude-decoration-interieure-exemple-2.jpeg 1000w\" sizes=\"(max-width: 640px) 100vw, 640px\" \/><figcaption class=\"wp-element-caption\">bloglovin.com\n<\/figcaption><\/figure>\n\n\n\n<figure class=\"wp-block-image\"><img loading=\"lazy\" decoding=\"async\" width=\"640\" height=\"960\" data-id=\"59221\" src=\"https:\/\/www.cocondedecoration.com\/blog\/wp-content\/uploads\/2023\/04\/decoration-interieur-couleur-vert-franc-exemple-5-640x960.jpeg\" alt=\"decoration interieur couleur vert franc exemple soubassement et papier peint salon classique chic modern esprit cottage anglais meuble en bois canap\u00e9 gris clair\" class=\"wp-image-59221\" srcset=\"https:\/\/www.cocondedecoration.com\/blog\/wp-content\/uploads\/2023\/04\/decoration-interieur-couleur-vert-franc-exemple-5-640x960.jpeg 640w, https:\/\/www.cocondedecoration.com\/blog\/wp-content\/uploads\/2023\/04\/decoration-interieur-couleur-vert-franc-exemple-5-260x390.jpeg 260w, https:\/\/www.cocondedecoration.com\/blog\/wp-content\/uploads\/2023\/04\/decoration-interieur-couleur-vert-franc-exemple-5-768x1152.jpeg 768w, https:\/\/www.cocondedecoration.com\/blog\/wp-content\/uploads\/2023\/04\/decoration-interieur-couleur-vert-franc-exemple-5-367x550.jpeg 367w, https:\/\/www.cocondedecoration.com\/blog\/wp-content\/uploads\/2023\/04\/decoration-interieur-couleur-vert-franc-exemple-5-333x500.jpeg 333w, https:\/\/www.cocondedecoration.com\/blog\/wp-content\/uploads\/2023\/04\/decoration-interieur-couleur-vert-franc-exemple-5.jpeg 1000w\" sizes=\"(max-width: 640px) 100vw, 640px\" \/><figcaption class=\"wp-element-caption\">papierspeintsdirect.com\n<\/figcaption><\/figure>\n\n\n\n<figure class=\"wp-block-image\"><img loading=\"lazy\" decoding=\"async\" width=\"640\" height=\"960\" data-id=\"59229\" src=\"https:\/\/www.cocondedecoration.com\/blog\/wp-content\/uploads\/2023\/04\/decoration-interieur-couleur-vert-franc-exemple-12-640x960.jpeg\" alt=\"decoration interieur couleur vert franc exemple peinture murale diff\u00e9rentes nuances g\u00e9om\u00e9trique pop chambre \u00e0 coucher linge de lit\" class=\"wp-image-59229\" srcset=\"https:\/\/www.cocondedecoration.com\/blog\/wp-content\/uploads\/2023\/04\/decoration-interieur-couleur-vert-franc-exemple-12-640x960.jpeg 640w, https:\/\/www.cocondedecoration.com\/blog\/wp-content\/uploads\/2023\/04\/decoration-interieur-couleur-vert-franc-exemple-12-260x390.jpeg 260w, https:\/\/www.cocondedecoration.com\/blog\/wp-content\/uploads\/2023\/04\/decoration-interieur-couleur-vert-franc-exemple-12-768x1152.jpeg 768w, https:\/\/www.cocondedecoration.com\/blog\/wp-content\/uploads\/2023\/04\/decoration-interieur-couleur-vert-franc-exemple-12-367x550.jpeg 367w, https:\/\/www.cocondedecoration.com\/blog\/wp-content\/uploads\/2023\/04\/decoration-interieur-couleur-vert-franc-exemple-12-333x500.jpeg 333w, https:\/\/www.cocondedecoration.com\/blog\/wp-content\/uploads\/2023\/04\/decoration-interieur-couleur-vert-franc-exemple-12.jpeg 1000w\" sizes=\"(max-width: 640px) 100vw, 640px\" \/><figcaption class=\"wp-element-caption\">beautifulhomes.com\n<\/figcaption><\/figure>\n\n\n\n<figure class=\"wp-block-image\"><img loading=\"lazy\" decoding=\"async\" width=\"640\" height=\"960\" data-id=\"59230\" src=\"https:\/\/www.cocondedecoration.com\/blog\/wp-content\/uploads\/2023\/04\/vert-emeraude-decoration-interieure-exemple-1-640x960.jpeg\" alt=\"vert emeraude decoration interieure exemple chambre adulte ambiance vintage association orange et rouge\" class=\"wp-image-59230\" srcset=\"https:\/\/www.cocondedecoration.com\/blog\/wp-content\/uploads\/2023\/04\/vert-emeraude-decoration-interieure-exemple-1-640x960.jpeg 640w, https:\/\/www.cocondedecoration.com\/blog\/wp-content\/uploads\/2023\/04\/vert-emeraude-decoration-interieure-exemple-1-260x390.jpeg 260w, https:\/\/www.cocondedecoration.com\/blog\/wp-content\/uploads\/2023\/04\/vert-emeraude-decoration-interieure-exemple-1-768x1152.jpeg 768w, https:\/\/www.cocondedecoration.com\/blog\/wp-content\/uploads\/2023\/04\/vert-emeraude-decoration-interieure-exemple-1-367x550.jpeg 367w, https:\/\/www.cocondedecoration.com\/blog\/wp-content\/uploads\/2023\/04\/vert-emeraude-decoration-interieure-exemple-1-333x500.jpeg 333w, https:\/\/www.cocondedecoration.com\/blog\/wp-content\/uploads\/2023\/04\/vert-emeraude-decoration-interieure-exemple-1.jpeg 1000w\" sizes=\"(max-width: 640px) 100vw, 640px\" \/><figcaption class=\"wp-element-caption\">goodmoods.com\n<\/figcaption><\/figure>\n\n\n\n<figure class=\"wp-block-image\"><img loading=\"lazy\" decoding=\"async\" width=\"640\" height=\"960\" data-id=\"59228\" src=\"https:\/\/www.cocondedecoration.com\/blog\/wp-content\/uploads\/2023\/04\/decoration-interieur-couleur-vert-franc-exemple-11-640x960.jpeg\" alt=\"decoration interieur couleur vert franc exemple jardin d'hiver monochromatique olive \u00e9meraude plantes vertes baie vitr\u00e9e ext\u00e9rieur jardin\" class=\"wp-image-59228\" srcset=\"https:\/\/www.cocondedecoration.com\/blog\/wp-content\/uploads\/2023\/04\/decoration-interieur-couleur-vert-franc-exemple-11-640x960.jpeg 640w, https:\/\/www.cocondedecoration.com\/blog\/wp-content\/uploads\/2023\/04\/decoration-interieur-couleur-vert-franc-exemple-11-260x390.jpeg 260w, https:\/\/www.cocondedecoration.com\/blog\/wp-content\/uploads\/2023\/04\/decoration-interieur-couleur-vert-franc-exemple-11-768x1152.jpeg 768w, https:\/\/www.cocondedecoration.com\/blog\/wp-content\/uploads\/2023\/04\/decoration-interieur-couleur-vert-franc-exemple-11-367x550.jpeg 367w, https:\/\/www.cocondedecoration.com\/blog\/wp-content\/uploads\/2023\/04\/decoration-interieur-couleur-vert-franc-exemple-11-333x500.jpeg 333w, https:\/\/www.cocondedecoration.com\/blog\/wp-content\/uploads\/2023\/04\/decoration-interieur-couleur-vert-franc-exemple-11.jpeg 1000w\" sizes=\"(max-width: 640px) 100vw, 640px\" \/><figcaption class=\"wp-element-caption\">amzn.to\n<\/figcaption><\/figure>\n\n\n\n<figure class=\"wp-block-image\"><img loading=\"lazy\" decoding=\"async\" width=\"640\" height=\"960\" data-id=\"59223\" src=\"https:\/\/www.cocondedecoration.com\/blog\/wp-content\/uploads\/2023\/04\/decoration-interieur-couleur-vert-franc-exemple-7-640x960.jpeg\" alt=\"decoration interieur couleur vert franc exemple peinture entr\u00e9e monochrome console arrondie demi-cercle noir chic objet d\u00e9coratif tableau \" class=\"wp-image-59223\" srcset=\"https:\/\/www.cocondedecoration.com\/blog\/wp-content\/uploads\/2023\/04\/decoration-interieur-couleur-vert-franc-exemple-7-640x960.jpeg 640w, https:\/\/www.cocondedecoration.com\/blog\/wp-content\/uploads\/2023\/04\/decoration-interieur-couleur-vert-franc-exemple-7-260x390.jpeg 260w, https:\/\/www.cocondedecoration.com\/blog\/wp-content\/uploads\/2023\/04\/decoration-interieur-couleur-vert-franc-exemple-7-768x1152.jpeg 768w, https:\/\/www.cocondedecoration.com\/blog\/wp-content\/uploads\/2023\/04\/decoration-interieur-couleur-vert-franc-exemple-7-367x550.jpeg 367w, https:\/\/www.cocondedecoration.com\/blog\/wp-content\/uploads\/2023\/04\/decoration-interieur-couleur-vert-franc-exemple-7-333x500.jpeg 333w, https:\/\/www.cocondedecoration.com\/blog\/wp-content\/uploads\/2023\/04\/decoration-interieur-couleur-vert-franc-exemple-7.jpeg 1000w\" sizes=\"(max-width: 640px) 100vw, 640px\" \/><figcaption class=\"wp-element-caption\">leniddezazaboo.fr\n<\/figcaption><\/figure>\n\n\n\n<figure class=\"wp-block-image\"><img loading=\"lazy\" decoding=\"async\" width=\"640\" height=\"960\" data-id=\"59234\" src=\"https:\/\/www.cocondedecoration.com\/blog\/wp-content\/uploads\/2023\/04\/vert-emeraude-decoration-interieure-exemple-5-640x960.jpeg\" alt=\"vert emeraude decoration interieure exemple peinture murale unie chambre \u00e0 coucher nature bois table de nuit t\u00eate de lit en textile beige\" class=\"wp-image-59234\" srcset=\"https:\/\/www.cocondedecoration.com\/blog\/wp-content\/uploads\/2023\/04\/vert-emeraude-decoration-interieure-exemple-5-640x960.jpeg 640w, https:\/\/www.cocondedecoration.com\/blog\/wp-content\/uploads\/2023\/04\/vert-emeraude-decoration-interieure-exemple-5-260x390.jpeg 260w, https:\/\/www.cocondedecoration.com\/blog\/wp-content\/uploads\/2023\/04\/vert-emeraude-decoration-interieure-exemple-5-768x1152.jpeg 768w, https:\/\/www.cocondedecoration.com\/blog\/wp-content\/uploads\/2023\/04\/vert-emeraude-decoration-interieure-exemple-5-367x550.jpeg 367w, https:\/\/www.cocondedecoration.com\/blog\/wp-content\/uploads\/2023\/04\/vert-emeraude-decoration-interieure-exemple-5-333x500.jpeg 333w, https:\/\/www.cocondedecoration.com\/blog\/wp-content\/uploads\/2023\/04\/vert-emeraude-decoration-interieure-exemple-5.jpeg 1000w\" sizes=\"(max-width: 640px) 100vw, 640px\" \/><figcaption class=\"wp-element-caption\">abeautifulmess.com\n<\/figcaption><\/figure>\n\n\n\n<figure class=\"wp-block-image\"><img loading=\"lazy\" decoding=\"async\" width=\"640\" height=\"960\" data-id=\"59225\" src=\"https:\/\/www.cocondedecoration.com\/blog\/wp-content\/uploads\/2023\/04\/decoration-interieur-couleur-vert-franc-exemple-8-640x960.jpeg\" alt=\"decoration interieur couleur vert franc exemple association couleurs sourdes chic \u00e9l\u00e9gantes bleu chemin\u00e9e mate peinture meuble\" class=\"wp-image-59225\" srcset=\"https:\/\/www.cocondedecoration.com\/blog\/wp-content\/uploads\/2023\/04\/decoration-interieur-couleur-vert-franc-exemple-8-640x960.jpeg 640w, https:\/\/www.cocondedecoration.com\/blog\/wp-content\/uploads\/2023\/04\/decoration-interieur-couleur-vert-franc-exemple-8-260x390.jpeg 260w, https:\/\/www.cocondedecoration.com\/blog\/wp-content\/uploads\/2023\/04\/decoration-interieur-couleur-vert-franc-exemple-8-768x1152.jpeg 768w, https:\/\/www.cocondedecoration.com\/blog\/wp-content\/uploads\/2023\/04\/decoration-interieur-couleur-vert-franc-exemple-8-367x550.jpeg 367w, https:\/\/www.cocondedecoration.com\/blog\/wp-content\/uploads\/2023\/04\/decoration-interieur-couleur-vert-franc-exemple-8-333x500.jpeg 333w, https:\/\/www.cocondedecoration.com\/blog\/wp-content\/uploads\/2023\/04\/decoration-interieur-couleur-vert-franc-exemple-8.jpeg 1000w\" sizes=\"(max-width: 640px) 100vw, 640px\" \/><figcaption class=\"wp-element-caption\">artsandclassy.com\n<\/figcaption><\/figure>\n\n\n\n<figure class=\"wp-block-image\"><img loading=\"lazy\" decoding=\"async\" width=\"640\" height=\"960\" data-id=\"59226\" src=\"https:\/\/www.cocondedecoration.com\/blog\/wp-content\/uploads\/2023\/04\/decoration-interieur-couleur-vert-franc-exemple-9-640x960.jpeg\" alt=\"decoration interieur couleur vert franc exemple chic \u00e9l\u00e9gant couloir entr\u00e9e arche orientalisme classique chic\" class=\"wp-image-59226\" srcset=\"https:\/\/www.cocondedecoration.com\/blog\/wp-content\/uploads\/2023\/04\/decoration-interieur-couleur-vert-franc-exemple-9-640x960.jpeg 640w, https:\/\/www.cocondedecoration.com\/blog\/wp-content\/uploads\/2023\/04\/decoration-interieur-couleur-vert-franc-exemple-9-260x390.jpeg 260w, https:\/\/www.cocondedecoration.com\/blog\/wp-content\/uploads\/2023\/04\/decoration-interieur-couleur-vert-franc-exemple-9-768x1152.jpeg 768w, https:\/\/www.cocondedecoration.com\/blog\/wp-content\/uploads\/2023\/04\/decoration-interieur-couleur-vert-franc-exemple-9-367x550.jpeg 367w, https:\/\/www.cocondedecoration.com\/blog\/wp-content\/uploads\/2023\/04\/decoration-interieur-couleur-vert-franc-exemple-9-333x500.jpeg 333w, https:\/\/www.cocondedecoration.com\/blog\/wp-content\/uploads\/2023\/04\/decoration-interieur-couleur-vert-franc-exemple-9.jpeg 1000w\" sizes=\"(max-width: 640px) 100vw, 640px\" \/><figcaption class=\"wp-element-caption\">Charlotte Lecomte via Pinterest<\/figcaption><\/figure>\n\n\n\n<figure class=\"wp-block-image\"><img loading=\"lazy\" decoding=\"async\" width=\"640\" height=\"960\" data-id=\"59232\" src=\"https:\/\/www.cocondedecoration.com\/blog\/wp-content\/uploads\/2023\/04\/vert-emeraude-decoration-interieure-exemple-3-640x960.jpeg\" alt=\"vert emeraude decoration interieure exemple canap\u00e9 en tissus confortable papier peint bleu et blanc \u00e0 rayure ambiance originale\" class=\"wp-image-59232\" srcset=\"https:\/\/www.cocondedecoration.com\/blog\/wp-content\/uploads\/2023\/04\/vert-emeraude-decoration-interieure-exemple-3-640x960.jpeg 640w, https:\/\/www.cocondedecoration.com\/blog\/wp-content\/uploads\/2023\/04\/vert-emeraude-decoration-interieure-exemple-3-260x390.jpeg 260w, https:\/\/www.cocondedecoration.com\/blog\/wp-content\/uploads\/2023\/04\/vert-emeraude-decoration-interieure-exemple-3-768x1152.jpeg 768w, https:\/\/www.cocondedecoration.com\/blog\/wp-content\/uploads\/2023\/04\/vert-emeraude-decoration-interieure-exemple-3-367x550.jpeg 367w, https:\/\/www.cocondedecoration.com\/blog\/wp-content\/uploads\/2023\/04\/vert-emeraude-decoration-interieure-exemple-3-333x500.jpeg 333w, https:\/\/www.cocondedecoration.com\/blog\/wp-content\/uploads\/2023\/04\/vert-emeraude-decoration-interieure-exemple-3.jpeg 1000w\" sizes=\"(max-width: 640px) 100vw, 640px\" \/><figcaption class=\"wp-element-caption\">Lou H via Pinterest<\/figcaption><\/figure>\n\n\n\n<figure class=\"wp-block-image\"><img loading=\"lazy\" decoding=\"async\" width=\"640\" height=\"960\" data-id=\"59233\" src=\"https:\/\/www.cocondedecoration.com\/blog\/wp-content\/uploads\/2023\/04\/vert-emeraude-decoration-interieure-exemple-4-640x960.jpeg\" alt=\"vert emeraude decoration interieure exemple canap\u00e9 color\u00e9 meuble classique chic bow-window\" class=\"wp-image-59233\" srcset=\"https:\/\/www.cocondedecoration.com\/blog\/wp-content\/uploads\/2023\/04\/vert-emeraude-decoration-interieure-exemple-4-640x960.jpeg 640w, https:\/\/www.cocondedecoration.com\/blog\/wp-content\/uploads\/2023\/04\/vert-emeraude-decoration-interieure-exemple-4-260x390.jpeg 260w, https:\/\/www.cocondedecoration.com\/blog\/wp-content\/uploads\/2023\/04\/vert-emeraude-decoration-interieure-exemple-4-768x1152.jpeg 768w, https:\/\/www.cocondedecoration.com\/blog\/wp-content\/uploads\/2023\/04\/vert-emeraude-decoration-interieure-exemple-4-367x550.jpeg 367w, https:\/\/www.cocondedecoration.com\/blog\/wp-content\/uploads\/2023\/04\/vert-emeraude-decoration-interieure-exemple-4-333x500.jpeg 333w, https:\/\/www.cocondedecoration.com\/blog\/wp-content\/uploads\/2023\/04\/vert-emeraude-decoration-interieure-exemple-4.jpeg 1000w\" sizes=\"(max-width: 640px) 100vw, 640px\" \/><figcaption class=\"wp-element-caption\">makingitlovely.com\n<\/figcaption><\/figure>\n\n\n\n<figure class=\"wp-block-image\"><img loading=\"lazy\" decoding=\"async\" width=\"640\" height=\"960\" data-id=\"59227\" src=\"https:\/\/www.cocondedecoration.com\/blog\/wp-content\/uploads\/2023\/04\/decoration-interieur-couleur-vert-franc-exemple-10-640x960.jpeg\" alt=\"decoration interieur couleur vert franc exemple meuble salon s\u00e9jour fauteuil pouf repose pied velours tapis associ\u00e9 au blanc\" class=\"wp-image-59227\" srcset=\"https:\/\/www.cocondedecoration.com\/blog\/wp-content\/uploads\/2023\/04\/decoration-interieur-couleur-vert-franc-exemple-10-640x960.jpeg 640w, https:\/\/www.cocondedecoration.com\/blog\/wp-content\/uploads\/2023\/04\/decoration-interieur-couleur-vert-franc-exemple-10-260x390.jpeg 260w, https:\/\/www.cocondedecoration.com\/blog\/wp-content\/uploads\/2023\/04\/decoration-interieur-couleur-vert-franc-exemple-10-768x1152.jpeg 768w, https:\/\/www.cocondedecoration.com\/blog\/wp-content\/uploads\/2023\/04\/decoration-interieur-couleur-vert-franc-exemple-10-367x550.jpeg 367w, https:\/\/www.cocondedecoration.com\/blog\/wp-content\/uploads\/2023\/04\/decoration-interieur-couleur-vert-franc-exemple-10-333x500.jpeg 333w, https:\/\/www.cocondedecoration.com\/blog\/wp-content\/uploads\/2023\/04\/decoration-interieur-couleur-vert-franc-exemple-10.jpeg 1000w\" sizes=\"(max-width: 640px) 100vw, 640px\" \/><figcaption class=\"wp-element-caption\">reneefinberg.blogspot.com\n<\/figcaption><\/figure>\n\n\n\n<figure class=\"wp-block-image\"><img loading=\"lazy\" decoding=\"async\" width=\"640\" height=\"960\" data-id=\"59238\" src=\"https:\/\/www.cocondedecoration.com\/blog\/wp-content\/uploads\/2023\/04\/vert-emeraude-decoration-interieure-exemple-9-640x960.jpeg\" alt=\"vert emeraude decoration interieure exemple meuble de cuisine bas color\u00e9 plan de travail blanc moderne\" class=\"wp-image-59238\" srcset=\"https:\/\/www.cocondedecoration.com\/blog\/wp-content\/uploads\/2023\/04\/vert-emeraude-decoration-interieure-exemple-9-640x960.jpeg 640w, https:\/\/www.cocondedecoration.com\/blog\/wp-content\/uploads\/2023\/04\/vert-emeraude-decoration-interieure-exemple-9-260x390.jpeg 260w, https:\/\/www.cocondedecoration.com\/blog\/wp-content\/uploads\/2023\/04\/vert-emeraude-decoration-interieure-exemple-9-768x1152.jpeg 768w, https:\/\/www.cocondedecoration.com\/blog\/wp-content\/uploads\/2023\/04\/vert-emeraude-decoration-interieure-exemple-9-367x550.jpeg 367w, https:\/\/www.cocondedecoration.com\/blog\/wp-content\/uploads\/2023\/04\/vert-emeraude-decoration-interieure-exemple-9-333x500.jpeg 333w, https:\/\/www.cocondedecoration.com\/blog\/wp-content\/uploads\/2023\/04\/vert-emeraude-decoration-interieure-exemple-9.jpeg 1000w\" sizes=\"(max-width: 640px) 100vw, 640px\" \/><figcaption class=\"wp-element-caption\">realhomes.com\n<\/figcaption><\/figure>\n\n\n\n<figure class=\"wp-block-image\"><img loading=\"lazy\" decoding=\"async\" width=\"640\" height=\"960\" data-id=\"59239\" src=\"https:\/\/www.cocondedecoration.com\/blog\/wp-content\/uploads\/2023\/04\/vert-emeraude-decoration-interieure-exemple-10-640x960.jpeg\" alt=\"vert emeraude decoration interieure exemple associ\u00e9 couleur blanc cuisine petit espace ouvert tendance moderne\" class=\"wp-image-59239\" srcset=\"https:\/\/www.cocondedecoration.com\/blog\/wp-content\/uploads\/2023\/04\/vert-emeraude-decoration-interieure-exemple-10-640x960.jpeg 640w, https:\/\/www.cocondedecoration.com\/blog\/wp-content\/uploads\/2023\/04\/vert-emeraude-decoration-interieure-exemple-10-260x390.jpeg 260w, https:\/\/www.cocondedecoration.com\/blog\/wp-content\/uploads\/2023\/04\/vert-emeraude-decoration-interieure-exemple-10-768x1152.jpeg 768w, https:\/\/www.cocondedecoration.com\/blog\/wp-content\/uploads\/2023\/04\/vert-emeraude-decoration-interieure-exemple-10-367x550.jpeg 367w, https:\/\/www.cocondedecoration.com\/blog\/wp-content\/uploads\/2023\/04\/vert-emeraude-decoration-interieure-exemple-10-333x500.jpeg 333w, https:\/\/www.cocondedecoration.com\/blog\/wp-content\/uploads\/2023\/04\/vert-emeraude-decoration-interieure-exemple-10.jpeg 1000w\" sizes=\"(max-width: 640px) 100vw, 640px\" \/><figcaption class=\"wp-element-caption\">turbulences-deco.fr\n<\/figcaption><\/figure>\n<\/figure>\n\n\n\n<h2 class=\"wp-block-heading\">Shopping d\u00e9co pour int\u00e9grer du vert franc ou vert \u00e9meraude chez vous <\/h2>\n\n\n\n<div class=\"wp-block-columns has-4-columns is-layout-flex wp-container-core-columns-layout-2 wp-block-columns-is-layout-flex\">\n<div class=\"wp-block-column is-layout-flow wp-block-column-is-layout-flow\">\n<figure class=\"wp-block-image\"><img loading=\"lazy\" decoding=\"async\" width=\"500\" height=\"500\" src=\"https:\/\/www.cocondedecoration.com\/blog\/wp-content\/uploads\/2023\/04\/meuble-deco-vert-franc-emeraude-maisons-du-monde-1.jpeg\" alt=\"meuble deco vert franc emeraude maisons du monde Th\u00e9i\u00e8re en fonte vert \u00e9meraude 1,2L\" class=\"wp-image-59241\" srcset=\"https:\/\/www.cocondedecoration.com\/blog\/wp-content\/uploads\/2023\/04\/meuble-deco-vert-franc-emeraude-maisons-du-monde-1.jpeg 500w, https:\/\/www.cocondedecoration.com\/blog\/wp-content\/uploads\/2023\/04\/meuble-deco-vert-franc-emeraude-maisons-du-monde-1-165x165.jpeg 165w, https:\/\/www.cocondedecoration.com\/blog\/wp-content\/uploads\/2023\/04\/meuble-deco-vert-franc-emeraude-maisons-du-monde-1-260x260.jpeg 260w, https:\/\/www.cocondedecoration.com\/blog\/wp-content\/uploads\/2023\/04\/meuble-deco-vert-franc-emeraude-maisons-du-monde-1-465x465.jpeg 465w\" sizes=\"(max-width: 500px) 100vw, 500px\" \/><figcaption class=\"wp-element-caption\"><a href=\"https:\/\/fnty.co\/c\/r-PFtrdyDo\" target=\"_blank\" rel=\"noreferrer noopener\" aria-label=\"Th\u00e9i\u00e8re en fonte vert \u00e9meraude (s\u2019ouvre dans un nouvel onglet)\">Th\u00e9i\u00e8re en fonte vert \u00e9meraude<\/a> - Maisons du Monde<\/figcaption><\/figure>\n\n\n\n<figure class=\"wp-block-image\"><img loading=\"lazy\" decoding=\"async\" width=\"500\" height=\"500\" src=\"https:\/\/www.cocondedecoration.com\/blog\/wp-content\/uploads\/2023\/04\/meuble-deco-design-vert-tendance-1.jpeg\" alt=\"meuble deco design vert tendance Lampe murale verte applique \" class=\"wp-image-59268\" srcset=\"https:\/\/www.cocondedecoration.com\/blog\/wp-content\/uploads\/2023\/04\/meuble-deco-design-vert-tendance-1.jpeg 500w, https:\/\/www.cocondedecoration.com\/blog\/wp-content\/uploads\/2023\/04\/meuble-deco-design-vert-tendance-1-165x165.jpeg 165w, https:\/\/www.cocondedecoration.com\/blog\/wp-content\/uploads\/2023\/04\/meuble-deco-design-vert-tendance-1-260x260.jpeg 260w, https:\/\/www.cocondedecoration.com\/blog\/wp-content\/uploads\/2023\/04\/meuble-deco-design-vert-tendance-1-465x465.jpeg 465w\" sizes=\"(max-width: 500px) 100vw, 500px\" \/><figcaption class=\"wp-element-caption\"><a rel=\"noreferrer noopener\" aria-label=\"Lampe murale verte (s\u2019ouvre dans un nouvel onglet)\" href=\"https:\/\/fnty.co\/c\/r-hqTQnXnU\" target=\"_blank\">Lampe murale verte<\/a> - The Cool Republic<\/figcaption><\/figure>\n\n\n\n<figure class=\"wp-block-image\"><img loading=\"lazy\" decoding=\"async\" width=\"500\" height=\"500\" src=\"https:\/\/www.cocondedecoration.com\/blog\/wp-content\/uploads\/2023\/04\/meuble-deco-vert-franc-emeraude-maisons-du-monde-5.jpeg\" alt=\"meuble deco vert franc emeraude maisons du monde Gobelet en verre recycl\u00e9 eucalyptus 12 cm\" class=\"wp-image-59245\" srcset=\"https:\/\/www.cocondedecoration.com\/blog\/wp-content\/uploads\/2023\/04\/meuble-deco-vert-franc-emeraude-maisons-du-monde-5.jpeg 500w, https:\/\/www.cocondedecoration.com\/blog\/wp-content\/uploads\/2023\/04\/meuble-deco-vert-franc-emeraude-maisons-du-monde-5-165x165.jpeg 165w, https:\/\/www.cocondedecoration.com\/blog\/wp-content\/uploads\/2023\/04\/meuble-deco-vert-franc-emeraude-maisons-du-monde-5-260x260.jpeg 260w, https:\/\/www.cocondedecoration.com\/blog\/wp-content\/uploads\/2023\/04\/meuble-deco-vert-franc-emeraude-maisons-du-monde-5-465x465.jpeg 465w\" sizes=\"(max-width: 500px) 100vw, 500px\" \/><figcaption class=\"wp-element-caption\"><a rel=\"noreferrer noopener\" aria-label=\"Gobelet en verre recycl\u00e9  (s\u2019ouvre dans un nouvel onglet)\" href=\"https:\/\/fnty.co\/c\/r-NlcLeecn\" target=\"_blank\">Gobelet en verre recycl\u00e9 <\/a>- Maisons du Monde<\/figcaption><\/figure>\n\n\n\n<figure class=\"wp-block-image\"><img loading=\"lazy\" decoding=\"async\" width=\"500\" height=\"500\" src=\"https:\/\/www.cocondedecoration.com\/blog\/wp-content\/uploads\/2023\/04\/meuble-deco-design-vert-tendance-5.jpeg\" alt=\"meuble deco design vert tendance Fauteuil en acier vert jardin ext\u00e9rieur balcon\" class=\"wp-image-59264\" srcset=\"https:\/\/www.cocondedecoration.com\/blog\/wp-content\/uploads\/2023\/04\/meuble-deco-design-vert-tendance-5.jpeg 500w, https:\/\/www.cocondedecoration.com\/blog\/wp-content\/uploads\/2023\/04\/meuble-deco-design-vert-tendance-5-165x165.jpeg 165w, https:\/\/www.cocondedecoration.com\/blog\/wp-content\/uploads\/2023\/04\/meuble-deco-design-vert-tendance-5-260x260.jpeg 260w, https:\/\/www.cocondedecoration.com\/blog\/wp-content\/uploads\/2023\/04\/meuble-deco-design-vert-tendance-5-465x465.jpeg 465w\" sizes=\"(max-width: 500px) 100vw, 500px\" \/><figcaption class=\"wp-element-caption\"><a rel=\"noreferrer noopener\" aria-label=\"Fauteuil en acier vert (s\u2019ouvre dans un nouvel onglet)\" href=\"https:\/\/fnty.co\/c\/r-opUCYgKb\" target=\"_blank\">Fauteuil en acier vert<\/a> - The Cool Republic<\/figcaption><\/figure>\n\n\n\n<figure class=\"wp-block-image\"><img loading=\"lazy\" decoding=\"async\" width=\"500\" height=\"500\" src=\"https:\/\/www.cocondedecoration.com\/blog\/wp-content\/uploads\/2023\/04\/meuble-deco-vert-franc-emeraude-maisons-du-monde-9.jpeg\" alt=\"meuble deco vert franc emeraude maisons du monde Vase en verre recycl\u00e9 eucalyptus 30 cm\" class=\"wp-image-59249\" srcset=\"https:\/\/www.cocondedecoration.com\/blog\/wp-content\/uploads\/2023\/04\/meuble-deco-vert-franc-emeraude-maisons-du-monde-9.jpeg 500w, https:\/\/www.cocondedecoration.com\/blog\/wp-content\/uploads\/2023\/04\/meuble-deco-vert-franc-emeraude-maisons-du-monde-9-165x165.jpeg 165w, https:\/\/www.cocondedecoration.com\/blog\/wp-content\/uploads\/2023\/04\/meuble-deco-vert-franc-emeraude-maisons-du-monde-9-260x260.jpeg 260w, https:\/\/www.cocondedecoration.com\/blog\/wp-content\/uploads\/2023\/04\/meuble-deco-vert-franc-emeraude-maisons-du-monde-9-465x465.jpeg 465w\" sizes=\"(max-width: 500px) 100vw, 500px\" \/><figcaption class=\"wp-element-caption\"><a rel=\"noreferrer noopener\" aria-label=\"Vase en verre recycl\u00e9 (s\u2019ouvre dans un nouvel onglet)\" href=\"https:\/\/fnty.co\/c\/r-klfhiOyx\" target=\"_blank\">Vase en verre recycl\u00e9<\/a> - Maisons du Monde<\/figcaption><\/figure>\n\n\n\n<figure class=\"wp-block-image\"><img loading=\"lazy\" decoding=\"async\" width=\"500\" height=\"500\" src=\"https:\/\/www.cocondedecoration.com\/blog\/wp-content\/uploads\/2023\/04\/meuble-deco-design-vert-tendance-9.jpeg\" alt=\"meuble deco design vert tendance Chaise verte structure noire vert franc\" class=\"wp-image-59260\" srcset=\"https:\/\/www.cocondedecoration.com\/blog\/wp-content\/uploads\/2023\/04\/meuble-deco-design-vert-tendance-9.jpeg 500w, https:\/\/www.cocondedecoration.com\/blog\/wp-content\/uploads\/2023\/04\/meuble-deco-design-vert-tendance-9-165x165.jpeg 165w, https:\/\/www.cocondedecoration.com\/blog\/wp-content\/uploads\/2023\/04\/meuble-deco-design-vert-tendance-9-260x260.jpeg 260w, https:\/\/www.cocondedecoration.com\/blog\/wp-content\/uploads\/2023\/04\/meuble-deco-design-vert-tendance-9-465x465.jpeg 465w\" sizes=\"(max-width: 500px) 100vw, 500px\" \/><figcaption class=\"wp-element-caption\"><a rel=\"noreferrer noopener\" aria-label=\"Chaise verte structure noire (s\u2019ouvre dans un nouvel onglet)\" href=\"https:\/\/fnty.co\/c\/r-bQQJsRLb\" target=\"_blank\">Chaise verte structure noire<\/a> - The Cool Republic<\/figcaption><\/figure>\n\n\n\n<figure class=\"wp-block-image\"><img loading=\"lazy\" decoding=\"async\" width=\"500\" height=\"500\" src=\"https:\/\/www.cocondedecoration.com\/blog\/wp-content\/uploads\/2023\/04\/meuble-deco-vert-franc-emeraude-maisons-du-monde-13.jpeg\" alt=\"meuble deco vert franc emeraude maisons du monde Pouf en velours vert bouteille\" class=\"wp-image-59253\" srcset=\"https:\/\/www.cocondedecoration.com\/blog\/wp-content\/uploads\/2023\/04\/meuble-deco-vert-franc-emeraude-maisons-du-monde-13.jpeg 500w, https:\/\/www.cocondedecoration.com\/blog\/wp-content\/uploads\/2023\/04\/meuble-deco-vert-franc-emeraude-maisons-du-monde-13-165x165.jpeg 165w, https:\/\/www.cocondedecoration.com\/blog\/wp-content\/uploads\/2023\/04\/meuble-deco-vert-franc-emeraude-maisons-du-monde-13-260x260.jpeg 260w, https:\/\/www.cocondedecoration.com\/blog\/wp-content\/uploads\/2023\/04\/meuble-deco-vert-franc-emeraude-maisons-du-monde-13-465x465.jpeg 465w\" sizes=\"(max-width: 500px) 100vw, 500px\" \/><figcaption class=\"wp-element-caption\"><a rel=\"noreferrer noopener\" aria-label=\"Pouf en velours vert (s\u2019ouvre dans un nouvel onglet)\" href=\"https:\/\/fnty.co\/c\/r-DxkHklwC\" target=\"_blank\">Pouf en velours vert<\/a> -  Maisons du Monde<\/figcaption><\/figure>\n<\/div>\n\n\n\n<div class=\"wp-block-column is-layout-flow wp-block-column-is-layout-flow\">\n<figure class=\"wp-block-image\"><img loading=\"lazy\" decoding=\"async\" width=\"500\" height=\"500\" src=\"https:\/\/www.cocondedecoration.com\/blog\/wp-content\/uploads\/2023\/04\/meuble-deco-vert-franc-emeraude-maisons-du-monde-2.jpeg\" alt=\"meuble deco vert franc emeraude maisons du monde luminaire Suspension en tissu Mandalas vert emeraude - diam\u00e8tre 45 cm\" class=\"wp-image-59242\" srcset=\"https:\/\/www.cocondedecoration.com\/blog\/wp-content\/uploads\/2023\/04\/meuble-deco-vert-franc-emeraude-maisons-du-monde-2.jpeg 500w, https:\/\/www.cocondedecoration.com\/blog\/wp-content\/uploads\/2023\/04\/meuble-deco-vert-franc-emeraude-maisons-du-monde-2-165x165.jpeg 165w, https:\/\/www.cocondedecoration.com\/blog\/wp-content\/uploads\/2023\/04\/meuble-deco-vert-franc-emeraude-maisons-du-monde-2-260x260.jpeg 260w, https:\/\/www.cocondedecoration.com\/blog\/wp-content\/uploads\/2023\/04\/meuble-deco-vert-franc-emeraude-maisons-du-monde-2-465x465.jpeg 465w\" sizes=\"(max-width: 500px) 100vw, 500px\" \/><figcaption class=\"wp-element-caption\"><a rel=\"noreferrer noopener\" aria-label=\"Suspension vert \u00e9meraude (s\u2019ouvre dans un nouvel onglet)\" href=\"https:\/\/fnty.co\/c\/r-JxLlGHWg\" target=\"_blank\">Suspension vert \u00e9meraude<\/a> - Maisons du Monde<\/figcaption><\/figure>\n\n\n\n<figure class=\"wp-block-image\"><img loading=\"lazy\" decoding=\"async\" width=\"500\" height=\"500\" src=\"https:\/\/www.cocondedecoration.com\/blog\/wp-content\/uploads\/2023\/04\/meuble-deco-design-vert-tendance-2.jpeg\" alt=\"meuble deco design vert tendance Oiseau en ch\u00eane vert et pieds en acier noirs objet d\u00e9coratif\" class=\"wp-image-59267\" srcset=\"https:\/\/www.cocondedecoration.com\/blog\/wp-content\/uploads\/2023\/04\/meuble-deco-design-vert-tendance-2.jpeg 500w, https:\/\/www.cocondedecoration.com\/blog\/wp-content\/uploads\/2023\/04\/meuble-deco-design-vert-tendance-2-165x165.jpeg 165w, https:\/\/www.cocondedecoration.com\/blog\/wp-content\/uploads\/2023\/04\/meuble-deco-design-vert-tendance-2-260x260.jpeg 260w, https:\/\/www.cocondedecoration.com\/blog\/wp-content\/uploads\/2023\/04\/meuble-deco-design-vert-tendance-2-465x465.jpeg 465w\" sizes=\"(max-width: 500px) 100vw, 500px\" \/><figcaption class=\"wp-element-caption\"><a rel=\"noreferrer noopener\" aria-label=\"Oiseau en ch\u00eane vert (s\u2019ouvre dans un nouvel onglet)\" href=\"https:\/\/fnty.co\/c\/r-lvKLMTqH\" target=\"_blank\">Oiseau en ch\u00eane vert<\/a> - The Cool Republic<\/figcaption><\/figure>\n\n\n\n<figure class=\"wp-block-image\"><img loading=\"lazy\" decoding=\"async\" width=\"500\" height=\"500\" src=\"https:\/\/www.cocondedecoration.com\/blog\/wp-content\/uploads\/2023\/04\/meuble-deco-vert-franc-emeraude-maisons-du-monde-6.jpeg\" alt=\"meuble deco vert franc emeraude maisons du monde Jardini\u00e8re sur pieds potager \u00e9tag\u00e8re 2 roues insert d'irrigation m\u00e9tal\" class=\"wp-image-59246\" srcset=\"https:\/\/www.cocondedecoration.com\/blog\/wp-content\/uploads\/2023\/04\/meuble-deco-vert-franc-emeraude-maisons-du-monde-6.jpeg 500w, https:\/\/www.cocondedecoration.com\/blog\/wp-content\/uploads\/2023\/04\/meuble-deco-vert-franc-emeraude-maisons-du-monde-6-165x165.jpeg 165w, https:\/\/www.cocondedecoration.com\/blog\/wp-content\/uploads\/2023\/04\/meuble-deco-vert-franc-emeraude-maisons-du-monde-6-260x260.jpeg 260w, https:\/\/www.cocondedecoration.com\/blog\/wp-content\/uploads\/2023\/04\/meuble-deco-vert-franc-emeraude-maisons-du-monde-6-465x465.jpeg 465w\" sizes=\"(max-width: 500px) 100vw, 500px\" \/><figcaption class=\"wp-element-caption\"><a rel=\"noreferrer noopener\" aria-label=\"Jardini\u00e8re sur pieds potager (s\u2019ouvre dans un nouvel onglet)\" href=\"https:\/\/fnty.co\/c\/r-udhADtoi\" target=\"_blank\">Jardini\u00e8re sur pieds potager<\/a> - Maisons du Monde<\/figcaption><\/figure>\n\n\n\n<figure class=\"wp-block-image\"><img loading=\"lazy\" decoding=\"async\" width=\"500\" height=\"500\" src=\"https:\/\/www.cocondedecoration.com\/blog\/wp-content\/uploads\/2023\/04\/meuble-deco-design-vert-tendance-6.jpeg\" alt=\"meuble deco design vert tendance Lampe de table verte franc vintage\" class=\"wp-image-59263\" srcset=\"https:\/\/www.cocondedecoration.com\/blog\/wp-content\/uploads\/2023\/04\/meuble-deco-design-vert-tendance-6.jpeg 500w, https:\/\/www.cocondedecoration.com\/blog\/wp-content\/uploads\/2023\/04\/meuble-deco-design-vert-tendance-6-165x165.jpeg 165w, https:\/\/www.cocondedecoration.com\/blog\/wp-content\/uploads\/2023\/04\/meuble-deco-design-vert-tendance-6-260x260.jpeg 260w, https:\/\/www.cocondedecoration.com\/blog\/wp-content\/uploads\/2023\/04\/meuble-deco-design-vert-tendance-6-465x465.jpeg 465w\" sizes=\"(max-width: 500px) 100vw, 500px\" \/><figcaption class=\"wp-element-caption\"><a rel=\"noreferrer noopener\" aria-label=\"Lampe de table verte (s\u2019ouvre dans un nouvel onglet)\" href=\"https:\/\/fnty.co\/c\/r-SpqYysCx\" target=\"_blank\">Lampe de table verte<\/a> - The Cool Republic<\/figcaption><\/figure>\n\n\n\n<figure class=\"wp-block-image\"><img loading=\"lazy\" decoding=\"async\" width=\"500\" height=\"500\" src=\"https:\/\/www.cocondedecoration.com\/blog\/wp-content\/uploads\/2023\/04\/meuble-deco-vert-franc-emeraude-maisons-du-monde-10.jpeg\" alt=\"meuble deco vert franc emeraude maisons du monde Desserte en marbre vert\" class=\"wp-image-59250\" srcset=\"https:\/\/www.cocondedecoration.com\/blog\/wp-content\/uploads\/2023\/04\/meuble-deco-vert-franc-emeraude-maisons-du-monde-10.jpeg 500w, https:\/\/www.cocondedecoration.com\/blog\/wp-content\/uploads\/2023\/04\/meuble-deco-vert-franc-emeraude-maisons-du-monde-10-165x165.jpeg 165w, https:\/\/www.cocondedecoration.com\/blog\/wp-content\/uploads\/2023\/04\/meuble-deco-vert-franc-emeraude-maisons-du-monde-10-260x260.jpeg 260w, https:\/\/www.cocondedecoration.com\/blog\/wp-content\/uploads\/2023\/04\/meuble-deco-vert-franc-emeraude-maisons-du-monde-10-465x465.jpeg 465w\" sizes=\"(max-width: 500px) 100vw, 500px\" \/><figcaption class=\"wp-element-caption\"><a rel=\"noreferrer noopener\" aria-label=\"Desserte en marbre vert (s\u2019ouvre dans un nouvel onglet)\" href=\"https:\/\/fnty.co\/c\/r-YgUvKPfH\" target=\"_blank\">Desserte en marbre vert<\/a> - Maisons du Monde<\/figcaption><\/figure>\n\n\n\n<figure class=\"wp-block-image\"><img loading=\"lazy\" decoding=\"async\" width=\"500\" height=\"500\" src=\"https:\/\/www.cocondedecoration.com\/blog\/wp-content\/uploads\/2023\/04\/meuble-deco-design-vert-tendance-10.jpeg\" alt=\"meuble deco design vert tendance Duo vert S Circus vert franc\" class=\"wp-image-59259\" srcset=\"https:\/\/www.cocondedecoration.com\/blog\/wp-content\/uploads\/2023\/04\/meuble-deco-design-vert-tendance-10.jpeg 500w, https:\/\/www.cocondedecoration.com\/blog\/wp-content\/uploads\/2023\/04\/meuble-deco-design-vert-tendance-10-165x165.jpeg 165w, https:\/\/www.cocondedecoration.com\/blog\/wp-content\/uploads\/2023\/04\/meuble-deco-design-vert-tendance-10-260x260.jpeg 260w, https:\/\/www.cocondedecoration.com\/blog\/wp-content\/uploads\/2023\/04\/meuble-deco-design-vert-tendance-10-465x465.jpeg 465w\" sizes=\"(max-width: 500px) 100vw, 500px\" \/><figcaption class=\"wp-element-caption\"><a rel=\"noreferrer noopener\" aria-label=\"Duo vert S Circus vert  (s\u2019ouvre dans un nouvel onglet)\" href=\"https:\/\/fnty.co\/c\/r-ZlZUFvfQ\" target=\"_blank\">Duo vert S Circus vert <\/a>- The Cool Republic<\/figcaption><\/figure>\n\n\n\n<figure class=\"wp-block-image\"><img loading=\"lazy\" decoding=\"async\" width=\"500\" height=\"500\" src=\"https:\/\/www.cocondedecoration.com\/blog\/wp-content\/uploads\/2023\/04\/meuble-deco-vert-franc-emeraude-maisons-du-monde-14.jpeg\" alt=\"meuble deco vert franc emeraude maisons du monde Fauteuil en velours 1 place vert cannage\" class=\"wp-image-59254\" srcset=\"https:\/\/www.cocondedecoration.com\/blog\/wp-content\/uploads\/2023\/04\/meuble-deco-vert-franc-emeraude-maisons-du-monde-14.jpeg 500w, https:\/\/www.cocondedecoration.com\/blog\/wp-content\/uploads\/2023\/04\/meuble-deco-vert-franc-emeraude-maisons-du-monde-14-165x165.jpeg 165w, https:\/\/www.cocondedecoration.com\/blog\/wp-content\/uploads\/2023\/04\/meuble-deco-vert-franc-emeraude-maisons-du-monde-14-260x260.jpeg 260w, https:\/\/www.cocondedecoration.com\/blog\/wp-content\/uploads\/2023\/04\/meuble-deco-vert-franc-emeraude-maisons-du-monde-14-465x465.jpeg 465w\" sizes=\"(max-width: 500px) 100vw, 500px\" \/><figcaption class=\"wp-element-caption\"><a rel=\"noreferrer noopener\" aria-label=\"Fauteuil en velours 1 place vert (s\u2019ouvre dans un nouvel onglet)\" href=\"https:\/\/fnty.co\/c\/r-EnVkRUMU\" target=\"_blank\">Fauteuil en velours 1 place vert<\/a> - Maisons du Monde<\/figcaption><\/figure>\n<\/div>\n\n\n\n<div class=\"wp-block-column is-layout-flow wp-block-column-is-layout-flow\">\n<figure class=\"wp-block-image\"><img loading=\"lazy\" decoding=\"async\" width=\"500\" height=\"500\" src=\"https:\/\/www.cocondedecoration.com\/blog\/wp-content\/uploads\/2023\/04\/meuble-deco-vert-franc-emeraude-maisons-du-monde-3.jpeg\" alt=\"meuble deco vert franc emeraude maisons du monde Housses de coussin jacquard motif feuillage vert - 45x45 - Lot de 2\" class=\"wp-image-59243\" srcset=\"https:\/\/www.cocondedecoration.com\/blog\/wp-content\/uploads\/2023\/04\/meuble-deco-vert-franc-emeraude-maisons-du-monde-3.jpeg 500w, https:\/\/www.cocondedecoration.com\/blog\/wp-content\/uploads\/2023\/04\/meuble-deco-vert-franc-emeraude-maisons-du-monde-3-165x165.jpeg 165w, https:\/\/www.cocondedecoration.com\/blog\/wp-content\/uploads\/2023\/04\/meuble-deco-vert-franc-emeraude-maisons-du-monde-3-260x260.jpeg 260w, https:\/\/www.cocondedecoration.com\/blog\/wp-content\/uploads\/2023\/04\/meuble-deco-vert-franc-emeraude-maisons-du-monde-3-465x465.jpeg 465w\" sizes=\"(max-width: 500px) 100vw, 500px\" \/><figcaption class=\"wp-element-caption\"><a rel=\"noreferrer noopener\" aria-label=\"Housses de coussin jacquard (x2) (s\u2019ouvre dans un nouvel onglet)\" href=\"https:\/\/fnty.co\/c\/r-zsMqZOlt\" target=\"_blank\">Housses de coussin jacquard (x2)<\/a> - Maisons du Monde<\/figcaption><\/figure>\n\n\n\n<figure class=\"wp-block-image\"><img loading=\"lazy\" decoding=\"async\" width=\"500\" height=\"500\" src=\"https:\/\/www.cocondedecoration.com\/blog\/wp-content\/uploads\/2023\/04\/meuble-deco-design-vert-tendance-3.jpeg\" alt=\"meuble deco design vert tendance Pouf gonflable 3.0 vert franc\" class=\"wp-image-59266\" srcset=\"https:\/\/www.cocondedecoration.com\/blog\/wp-content\/uploads\/2023\/04\/meuble-deco-design-vert-tendance-3.jpeg 500w, https:\/\/www.cocondedecoration.com\/blog\/wp-content\/uploads\/2023\/04\/meuble-deco-design-vert-tendance-3-165x165.jpeg 165w, https:\/\/www.cocondedecoration.com\/blog\/wp-content\/uploads\/2023\/04\/meuble-deco-design-vert-tendance-3-260x260.jpeg 260w, https:\/\/www.cocondedecoration.com\/blog\/wp-content\/uploads\/2023\/04\/meuble-deco-design-vert-tendance-3-465x465.jpeg 465w\" sizes=\"(max-width: 500px) 100vw, 500px\" \/><figcaption class=\"wp-element-caption\"><a rel=\"noreferrer noopener\" aria-label=\"Pouf gonflable 3.0 vert (s\u2019ouvre dans un nouvel onglet)\" href=\"https:\/\/fnty.co\/c\/r-fDKcGrcy\" target=\"_blank\">Pouf gonflable 3.0 vert<\/a> - The Cool Republic<\/figcaption><\/figure>\n\n\n\n<figure class=\"wp-block-image\"><img loading=\"lazy\" decoding=\"async\" width=\"500\" height=\"500\" src=\"https:\/\/www.cocondedecoration.com\/blog\/wp-content\/uploads\/2023\/04\/meuble-deco-vert-franc-emeraude-maisons-du-monde-7.jpeg\" alt=\"meuble deco vert franc emeraude maisons du monde Pot b\u00e9ton cubique vert 11x11x11 cm mosa\u00efque\" class=\"wp-image-59247\" srcset=\"https:\/\/www.cocondedecoration.com\/blog\/wp-content\/uploads\/2023\/04\/meuble-deco-vert-franc-emeraude-maisons-du-monde-7.jpeg 500w, https:\/\/www.cocondedecoration.com\/blog\/wp-content\/uploads\/2023\/04\/meuble-deco-vert-franc-emeraude-maisons-du-monde-7-165x165.jpeg 165w, https:\/\/www.cocondedecoration.com\/blog\/wp-content\/uploads\/2023\/04\/meuble-deco-vert-franc-emeraude-maisons-du-monde-7-260x260.jpeg 260w, https:\/\/www.cocondedecoration.com\/blog\/wp-content\/uploads\/2023\/04\/meuble-deco-vert-franc-emeraude-maisons-du-monde-7-465x465.jpeg 465w\" sizes=\"(max-width: 500px) 100vw, 500px\" \/><figcaption class=\"wp-element-caption\"><a rel=\"noreferrer noopener\" aria-label=\"Pot b\u00e9ton cubique vert (s\u2019ouvre dans un nouvel onglet)\" href=\"https:\/\/fnty.co\/c\/r-CMuYMJmq\" target=\"_blank\">Pot b\u00e9ton cubique vert<\/a> - Maisons du Monde<\/figcaption><\/figure>\n\n\n\n<figure class=\"wp-block-image\"><img loading=\"lazy\" decoding=\"async\" width=\"500\" height=\"500\" src=\"https:\/\/www.cocondedecoration.com\/blog\/wp-content\/uploads\/2023\/04\/meuble-deco-design-vert-tendance-7.jpeg\" alt=\"meuble deco design vert tendance Tabouret en noyer vert\" class=\"wp-image-59262\" srcset=\"https:\/\/www.cocondedecoration.com\/blog\/wp-content\/uploads\/2023\/04\/meuble-deco-design-vert-tendance-7.jpeg 500w, https:\/\/www.cocondedecoration.com\/blog\/wp-content\/uploads\/2023\/04\/meuble-deco-design-vert-tendance-7-165x165.jpeg 165w, https:\/\/www.cocondedecoration.com\/blog\/wp-content\/uploads\/2023\/04\/meuble-deco-design-vert-tendance-7-260x260.jpeg 260w, https:\/\/www.cocondedecoration.com\/blog\/wp-content\/uploads\/2023\/04\/meuble-deco-design-vert-tendance-7-465x465.jpeg 465w\" sizes=\"(max-width: 500px) 100vw, 500px\" \/><figcaption class=\"wp-element-caption\"><a rel=\"noreferrer noopener\" aria-label=\"Tabouret en noyer vert  (s\u2019ouvre dans un nouvel onglet)\" href=\"https:\/\/fnty.co\/c\/r-EnKwKddf\" target=\"_blank\">Tabouret en noyer vert <\/a>- The Cool Republic<\/figcaption><\/figure>\n\n\n\n<figure class=\"wp-block-image\"><img loading=\"lazy\" decoding=\"async\" width=\"500\" height=\"500\" src=\"https:\/\/www.cocondedecoration.com\/blog\/wp-content\/uploads\/2023\/04\/meuble-deco-vert-franc-emeraude-maisons-du-monde-11.jpeg\" alt=\"meuble deco vert franc emeraude maisons du monde Desserte \u00e0 roulettes en m\u00e9tal vert\" class=\"wp-image-59251\" srcset=\"https:\/\/www.cocondedecoration.com\/blog\/wp-content\/uploads\/2023\/04\/meuble-deco-vert-franc-emeraude-maisons-du-monde-11.jpeg 500w, https:\/\/www.cocondedecoration.com\/blog\/wp-content\/uploads\/2023\/04\/meuble-deco-vert-franc-emeraude-maisons-du-monde-11-165x165.jpeg 165w, https:\/\/www.cocondedecoration.com\/blog\/wp-content\/uploads\/2023\/04\/meuble-deco-vert-franc-emeraude-maisons-du-monde-11-260x260.jpeg 260w, https:\/\/www.cocondedecoration.com\/blog\/wp-content\/uploads\/2023\/04\/meuble-deco-vert-franc-emeraude-maisons-du-monde-11-465x465.jpeg 465w\" sizes=\"(max-width: 500px) 100vw, 500px\" \/><figcaption class=\"wp-element-caption\"><a rel=\"noreferrer noopener\" aria-label=\"Desserte \u00e0 roulettes en m\u00e9tal vert  (s\u2019ouvre dans un nouvel onglet)\" href=\"https:\/\/fnty.co\/c\/r-zhCSLOVb\" target=\"_blank\">Desserte \u00e0 roulettes en m\u00e9tal vert <\/a>- Maisons du Monde<\/figcaption><\/figure>\n\n\n\n<figure class=\"wp-block-image\"><img loading=\"lazy\" decoding=\"async\" width=\"500\" height=\"500\" src=\"https:\/\/www.cocondedecoration.com\/blog\/wp-content\/uploads\/2023\/04\/meuble-deco-design-vert-tendance-11.jpeg\" alt=\"meuble deco design vert tendance Tabouret vert laqu\u00e9 \u00e9meraude\" class=\"wp-image-59258\" srcset=\"https:\/\/www.cocondedecoration.com\/blog\/wp-content\/uploads\/2023\/04\/meuble-deco-design-vert-tendance-11.jpeg 500w, https:\/\/www.cocondedecoration.com\/blog\/wp-content\/uploads\/2023\/04\/meuble-deco-design-vert-tendance-11-165x165.jpeg 165w, https:\/\/www.cocondedecoration.com\/blog\/wp-content\/uploads\/2023\/04\/meuble-deco-design-vert-tendance-11-260x260.jpeg 260w, https:\/\/www.cocondedecoration.com\/blog\/wp-content\/uploads\/2023\/04\/meuble-deco-design-vert-tendance-11-465x465.jpeg 465w\" sizes=\"(max-width: 500px) 100vw, 500px\" \/><figcaption class=\"wp-element-caption\"><a rel=\"noreferrer noopener\" aria-label=\"Tabouret vert laqu\u00e9 (s\u2019ouvre dans un nouvel onglet)\" href=\"https:\/\/fnty.co\/c\/r-PGkyiDJa\" target=\"_blank\">Tabouret vert laqu\u00e9<\/a> - The Cool Republic<\/figcaption><\/figure>\n\n\n\n<figure class=\"wp-block-image\"><img loading=\"lazy\" decoding=\"async\" width=\"500\" height=\"500\" src=\"https:\/\/www.cocondedecoration.com\/blog\/wp-content\/uploads\/2023\/04\/meuble-deco-vert-franc-emeraude-maisons-du-monde-15.jpeg\" alt=\"meuble deco vert franc emeraude maisons du monde M\u00e9ridienne en velours vert bouteille\" class=\"wp-image-59255\" srcset=\"https:\/\/www.cocondedecoration.com\/blog\/wp-content\/uploads\/2023\/04\/meuble-deco-vert-franc-emeraude-maisons-du-monde-15.jpeg 500w, https:\/\/www.cocondedecoration.com\/blog\/wp-content\/uploads\/2023\/04\/meuble-deco-vert-franc-emeraude-maisons-du-monde-15-165x165.jpeg 165w, https:\/\/www.cocondedecoration.com\/blog\/wp-content\/uploads\/2023\/04\/meuble-deco-vert-franc-emeraude-maisons-du-monde-15-260x260.jpeg 260w, https:\/\/www.cocondedecoration.com\/blog\/wp-content\/uploads\/2023\/04\/meuble-deco-vert-franc-emeraude-maisons-du-monde-15-465x465.jpeg 465w\" sizes=\"(max-width: 500px) 100vw, 500px\" \/><figcaption class=\"wp-element-caption\"><a rel=\"noreferrer noopener\" aria-label=\"M\u00e9ridienne en velours vert (s\u2019ouvre dans un nouvel onglet)\" href=\"https:\/\/fnty.co\/c\/r-wWcZMMUk\" target=\"_blank\">M\u00e9ridienne en velours vert<\/a> - Maisons du Monde<\/figcaption><\/figure>\n<\/div>\n\n\n\n<div class=\"wp-block-column is-layout-flow wp-block-column-is-layout-flow\">\n<figure class=\"wp-block-image\"><img loading=\"lazy\" decoding=\"async\" width=\"500\" height=\"500\" src=\"https:\/\/www.cocondedecoration.com\/blog\/wp-content\/uploads\/2023\/04\/meuble-deco-vert-franc-emeraude-maisons-du-monde-4.jpeg\" alt=\"meuble deco vert franc emeraude maisons du monde Bo\u00eete verte cam\u00e9l\u00e9on dor\u00e9 en polyr\u00e9sine H34\" class=\"wp-image-59244\" srcset=\"https:\/\/www.cocondedecoration.com\/blog\/wp-content\/uploads\/2023\/04\/meuble-deco-vert-franc-emeraude-maisons-du-monde-4.jpeg 500w, https:\/\/www.cocondedecoration.com\/blog\/wp-content\/uploads\/2023\/04\/meuble-deco-vert-franc-emeraude-maisons-du-monde-4-165x165.jpeg 165w, https:\/\/www.cocondedecoration.com\/blog\/wp-content\/uploads\/2023\/04\/meuble-deco-vert-franc-emeraude-maisons-du-monde-4-260x260.jpeg 260w, https:\/\/www.cocondedecoration.com\/blog\/wp-content\/uploads\/2023\/04\/meuble-deco-vert-franc-emeraude-maisons-du-monde-4-465x465.jpeg 465w\" sizes=\"(max-width: 500px) 100vw, 500px\" \/><figcaption class=\"wp-element-caption\"><a rel=\"noreferrer noopener\" aria-label=\"Bo\u00eete verte cam\u00e9l\u00e9on dor\u00e9 (s\u2019ouvre dans un nouvel onglet)\" href=\"https:\/\/fnty.co\/c\/r-exeSahFR\" target=\"_blank\">Bo\u00eete verte cam\u00e9l\u00e9on dor\u00e9<\/a> - Maisons du Monde<\/figcaption><\/figure>\n\n\n\n<figure class=\"wp-block-image\"><img loading=\"lazy\" decoding=\"async\" width=\"500\" height=\"500\" src=\"https:\/\/www.cocondedecoration.com\/blog\/wp-content\/uploads\/2023\/04\/meuble-deco-design-vert-tendance-4.jpeg\" alt=\"meuble deco design vert tendance Tabouret en velours vert \u00e9meraude\" class=\"wp-image-59265\" srcset=\"https:\/\/www.cocondedecoration.com\/blog\/wp-content\/uploads\/2023\/04\/meuble-deco-design-vert-tendance-4.jpeg 500w, https:\/\/www.cocondedecoration.com\/blog\/wp-content\/uploads\/2023\/04\/meuble-deco-design-vert-tendance-4-165x165.jpeg 165w, https:\/\/www.cocondedecoration.com\/blog\/wp-content\/uploads\/2023\/04\/meuble-deco-design-vert-tendance-4-260x260.jpeg 260w, https:\/\/www.cocondedecoration.com\/blog\/wp-content\/uploads\/2023\/04\/meuble-deco-design-vert-tendance-4-465x465.jpeg 465w\" sizes=\"(max-width: 500px) 100vw, 500px\" \/><figcaption class=\"wp-element-caption\"><a rel=\"noreferrer noopener\" aria-label=\"Tabouret en velours vert (s\u2019ouvre dans un nouvel onglet)\" href=\"https:\/\/fnty.co\/c\/r-aRmECDVX\" target=\"_blank\">Tabouret en velours vert<\/a> - The Cool Republic<\/figcaption><\/figure>\n\n\n\n<figure class=\"wp-block-image\"><img loading=\"lazy\" decoding=\"async\" width=\"500\" height=\"500\" src=\"https:\/\/www.cocondedecoration.com\/blog\/wp-content\/uploads\/2023\/04\/meuble-deco-vert-franc-emeraude-maisons-du-monde-8.jpeg\" alt=\"meuble deco vert franc emeraude maisons du monde Vase en verre recycl\u00e9 eucalyptus 22 cm\" class=\"wp-image-59248\" srcset=\"https:\/\/www.cocondedecoration.com\/blog\/wp-content\/uploads\/2023\/04\/meuble-deco-vert-franc-emeraude-maisons-du-monde-8.jpeg 500w, https:\/\/www.cocondedecoration.com\/blog\/wp-content\/uploads\/2023\/04\/meuble-deco-vert-franc-emeraude-maisons-du-monde-8-165x165.jpeg 165w, https:\/\/www.cocondedecoration.com\/blog\/wp-content\/uploads\/2023\/04\/meuble-deco-vert-franc-emeraude-maisons-du-monde-8-260x260.jpeg 260w, https:\/\/www.cocondedecoration.com\/blog\/wp-content\/uploads\/2023\/04\/meuble-deco-vert-franc-emeraude-maisons-du-monde-8-465x465.jpeg 465w\" sizes=\"(max-width: 500px) 100vw, 500px\" \/><figcaption class=\"wp-element-caption\"><a rel=\"noreferrer noopener\" aria-label=\"Vase en verre recycl\u00e9 (s\u2019ouvre dans un nouvel onglet)\" href=\"https:\/\/fnty.co\/c\/r-JwdCGswH\" target=\"_blank\">Vase en verre recycl\u00e9<\/a> - Maisons du Monde<\/figcaption><\/figure>\n\n\n\n<figure class=\"wp-block-image\"><img loading=\"lazy\" decoding=\"async\" width=\"500\" height=\"500\" src=\"https:\/\/www.cocondedecoration.com\/blog\/wp-content\/uploads\/2023\/04\/meuble-deco-design-vert-tendance-8.jpeg\" alt=\"meuble deco design vert tendance Grand bougeoir en zinc vert \u00e9meraude\" class=\"wp-image-59261\" srcset=\"https:\/\/www.cocondedecoration.com\/blog\/wp-content\/uploads\/2023\/04\/meuble-deco-design-vert-tendance-8.jpeg 500w, https:\/\/www.cocondedecoration.com\/blog\/wp-content\/uploads\/2023\/04\/meuble-deco-design-vert-tendance-8-165x165.jpeg 165w, https:\/\/www.cocondedecoration.com\/blog\/wp-content\/uploads\/2023\/04\/meuble-deco-design-vert-tendance-8-260x260.jpeg 260w, https:\/\/www.cocondedecoration.com\/blog\/wp-content\/uploads\/2023\/04\/meuble-deco-design-vert-tendance-8-465x465.jpeg 465w\" sizes=\"(max-width: 500px) 100vw, 500px\" \/><figcaption class=\"wp-element-caption\"><a rel=\"noreferrer noopener\" aria-label=\"Grand bougeoir en zinc vert (s\u2019ouvre dans un nouvel onglet)\" href=\"https:\/\/fnty.co\/c\/r-kjWIByXr\" target=\"_blank\">Grand bougeoir en zinc vert<\/a> - The Cool Republic<\/figcaption><\/figure>\n\n\n\n<figure class=\"wp-block-image\"><img loading=\"lazy\" decoding=\"async\" width=\"500\" height=\"500\" src=\"https:\/\/www.cocondedecoration.com\/blog\/wp-content\/uploads\/2023\/04\/meuble-deco-vert-franc-emeraude-maisons-du-monde-12.jpeg\" alt=\"meuble deco vert franc emeraude maisons du monde Chaise style scandinave en velours vert sapin\" class=\"wp-image-59252\" srcset=\"https:\/\/www.cocondedecoration.com\/blog\/wp-content\/uploads\/2023\/04\/meuble-deco-vert-franc-emeraude-maisons-du-monde-12.jpeg 500w, https:\/\/www.cocondedecoration.com\/blog\/wp-content\/uploads\/2023\/04\/meuble-deco-vert-franc-emeraude-maisons-du-monde-12-165x165.jpeg 165w, https:\/\/www.cocondedecoration.com\/blog\/wp-content\/uploads\/2023\/04\/meuble-deco-vert-franc-emeraude-maisons-du-monde-12-260x260.jpeg 260w, https:\/\/www.cocondedecoration.com\/blog\/wp-content\/uploads\/2023\/04\/meuble-deco-vert-franc-emeraude-maisons-du-monde-12-465x465.jpeg 465w\" sizes=\"(max-width: 500px) 100vw, 500px\" \/><figcaption class=\"wp-element-caption\"><a rel=\"noreferrer noopener\" aria-label=\"Chaise style scandinave en velours (s\u2019ouvre dans un nouvel onglet)\" href=\"https:\/\/fnty.co\/c\/r-hpBKtSPP\" target=\"_blank\">Chaise style scandinave en velours<\/a> - Maisons du Monde<\/figcaption><\/figure>\n\n\n\n<figure class=\"wp-block-image\"><img loading=\"lazy\" decoding=\"async\" width=\"500\" height=\"500\" src=\"https:\/\/www.cocondedecoration.com\/blog\/wp-content\/uploads\/2023\/04\/meuble-deco-design-vert-tendance-12.jpeg\" alt=\"meuble deco design vert tendance Vase vert 01\" class=\"wp-image-59257\" srcset=\"https:\/\/www.cocondedecoration.com\/blog\/wp-content\/uploads\/2023\/04\/meuble-deco-design-vert-tendance-12.jpeg 500w, https:\/\/www.cocondedecoration.com\/blog\/wp-content\/uploads\/2023\/04\/meuble-deco-design-vert-tendance-12-165x165.jpeg 165w, https:\/\/www.cocondedecoration.com\/blog\/wp-content\/uploads\/2023\/04\/meuble-deco-design-vert-tendance-12-260x260.jpeg 260w, https:\/\/www.cocondedecoration.com\/blog\/wp-content\/uploads\/2023\/04\/meuble-deco-design-vert-tendance-12-465x465.jpeg 465w\" sizes=\"(max-width: 500px) 100vw, 500px\" \/><figcaption class=\"wp-element-caption\"><a rel=\"noreferrer noopener\" aria-label=\"Vase vert (s\u2019ouvre dans un nouvel onglet)\" href=\"https:\/\/fnty.co\/c\/r-HnGoiams\" target=\"_blank\">Vase vert<\/a> - The Cool Republic<\/figcaption><\/figure>\n\n\n\n<figure class=\"wp-block-image\"><img loading=\"lazy\" decoding=\"async\" width=\"500\" height=\"500\" src=\"https:\/\/www.cocondedecoration.com\/blog\/wp-content\/uploads\/2023\/04\/meuble-deco-vert-franc-emeraude-maisons-du-monde-16.jpeg\" alt=\"meuble deco vert franc emeraude maisons du monde Canap\u00e9 3 places velours droit vert\" class=\"wp-image-59256\" srcset=\"https:\/\/www.cocondedecoration.com\/blog\/wp-content\/uploads\/2023\/04\/meuble-deco-vert-franc-emeraude-maisons-du-monde-16.jpeg 500w, https:\/\/www.cocondedecoration.com\/blog\/wp-content\/uploads\/2023\/04\/meuble-deco-vert-franc-emeraude-maisons-du-monde-16-165x165.jpeg 165w, https:\/\/www.cocondedecoration.com\/blog\/wp-content\/uploads\/2023\/04\/meuble-deco-vert-franc-emeraude-maisons-du-monde-16-260x260.jpeg 260w, https:\/\/www.cocondedecoration.com\/blog\/wp-content\/uploads\/2023\/04\/meuble-deco-vert-franc-emeraude-maisons-du-monde-16-465x465.jpeg 465w\" sizes=\"(max-width: 500px) 100vw, 500px\" \/><figcaption class=\"wp-element-caption\"><a rel=\"noreferrer noopener\" aria-label=\"Canap\u00e9 3 places velours droit vert (s\u2019ouvre dans un nouvel onglet)\" href=\"https:\/\/fnty.co\/c\/r-xIXxyiQR\" target=\"_blank\">Canap\u00e9 3 places velours droit vert<\/a> -  Maisons du Monde<\/figcaption><\/figure>\n<\/div>\n<\/div>\n\n\n\n<hr class=\"wp-block-separator has-css-opacity\"\/>\n\n\n\n<div class=\"wp-block-columns has-2-columns is-layout-flex wp-container-core-columns-layout-3 wp-block-columns-is-layout-flex\">\n<div class=\"wp-block-column is-layout-flow wp-block-column-is-layout-flow\">\n<p class=\"has-text-align-center has-medium-font-size\">A lire \u00e9galement<\/p>\n\n\n<ul class=\"wp-block-latest-posts__list wp-block-latest-posts\"><li><a class=\"wp-block-latest-posts__post-title\" href=\"https:\/\/www.cocondedecoration.com\/blog\/2026\/02\/dopamine-decor-couleur\/\">Dopamine d\u00e9cor : la tendance d\u00e9co qui booste le moral<\/a><\/li>\n<li><a class=\"wp-block-latest-posts__post-title\" href=\"https:\/\/www.cocondedecoration.com\/blog\/2026\/01\/couleur-decoration-generation\/\">Pour chaque g\u00e9n\u00e9ration, sa palette de couleurs d\u00e9co<\/a><\/li>\n<li><a class=\"wp-block-latest-posts__post-title\" href=\"https:\/\/www.cocondedecoration.com\/blog\/2025\/10\/decoration-interieure-monochrome\/\">Le Color Drenching, la tendance des int\u00e9rieurs monochromes<\/a><\/li>\n<li><a class=\"wp-block-latest-posts__post-title\" href=\"https:\/\/www.cocondedecoration.com\/blog\/2025\/09\/deco-interieure-orange-brulee\/\">Moodboard d\u00e9co &#8211; Int\u00e9rieur chaleureux en orange br\u00fbl\u00e9e<\/a><\/li>\n<li><a class=\"wp-block-latest-posts__post-title\" href=\"https:\/\/www.cocondedecoration.com\/blog\/2025\/09\/couleurs-tendance-2026\/\">Quelles seront les couleurs tendance en 2026?<\/a><\/li>\n<li><a class=\"wp-block-latest-posts__post-title\" href=\"https:\/\/www.cocondedecoration.com\/blog\/2025\/03\/peindre-plafond-couleur\/\">Peindre le plafond: audace et couleur dans votre int\u00e9rieur<\/a><\/li>\n<li><a class=\"wp-block-latest-posts__post-title\" href=\"https:\/\/www.cocondedecoration.com\/blog\/2025\/03\/accessoire-decoratif-orange\/\">Le orange: une couleur parfaite pour dynamiser votre d\u00e9co<\/a><\/li>\n<\/ul><\/div>\n\n\n\n<div class=\"wp-block-column is-layout-flow wp-block-column-is-layout-flow\">\n<p class=\"has-text-align-center has-medium-font-size\" style=\"padding-top:var(--wp--preset--spacing--40);padding-bottom:var(--wp--preset--spacing--40)\"><strong>Devenez m\u00e9c\u00e8ne du blog <\/strong><\/p>\n\n\n\n<hr class=\"wp-block-separator has-alpha-channel-opacity is-style-wide\"\/>\n\n\n\n<p style=\"padding-right:var(--wp--preset--spacing--30);padding-left:var(--wp--preset--spacing--30)\">Soutenez mon travail sur le blog et acc\u00e9dez \u00e0 des contreparties exclusives: <\/p>\n\n\n\n<ul style=\"padding-right:var(--wp--preset--spacing--40);padding-left:var(--wp--preset--spacing--40)\">\n<li>Plusieurs centaines d'articles d\u00e9co, lifestyle &amp; voyage r\u00e9serv\u00e9s aux abonn\u00e9\u2022e\u2022s <\/li>\n\n\n\n<li>Toutes les entr\u00e9es de mon side project - mon dictionnaire nomade <\/li>\n\n\n\n<li>Une publicit\u00e9 limit\u00e9e sur les articles Patreon <\/li>\n<\/ul>\n\n\n\n<div class=\"wp-block-buttons is-content-justification-center is-layout-flex wp-container-core-buttons-layout-1 wp-block-buttons-is-layout-flex\">\n<div class=\"wp-block-button\"><a class=\"wp-block-button__link wp-element-button\" href=\"https:\/\/www.patreon.com\/cocondedeco\" target=\"_blank\" rel=\"noreferrer noopener\">Soutenir le blog maintenant<\/a><\/div>\n<\/div>\n<\/div>\n<\/div>\n\n\n\n<hr class=\"wp-block-separator has-css-opacity\"\/>\n\n\n<div class=\"wp-block-image\">\n<figure class=\"aligncenter\"><img loading=\"lazy\" decoding=\"async\" width=\"732\" height=\"488\" src=\"https:\/\/www.cocondedecoration.com\/blog\/wp-content\/uploads\/2023\/04\/couleur-deco-vert-emeraude-vert-franc.jpeg\" alt=\"couleur deco vert emeraude vert franc salon s\u00e9jour peinture meuble vintage canap\u00e9 clair\" class=\"wp-image-59272\" srcset=\"https:\/\/www.cocondedecoration.com\/blog\/wp-content\/uploads\/2023\/04\/couleur-deco-vert-emeraude-vert-franc.jpeg 732w, https:\/\/www.cocondedecoration.com\/blog\/wp-content\/uploads\/2023\/04\/couleur-deco-vert-emeraude-vert-franc-260x173.jpeg 260w, https:\/\/www.cocondedecoration.com\/blog\/wp-content\/uploads\/2023\/04\/couleur-deco-vert-emeraude-vert-franc-640x427.jpeg 640w, https:\/\/www.cocondedecoration.com\/blog\/wp-content\/uploads\/2023\/04\/couleur-deco-vert-emeraude-vert-franc-465x310.jpeg 465w, https:\/\/www.cocondedecoration.com\/blog\/wp-content\/uploads\/2023\/04\/couleur-deco-vert-emeraude-vert-franc-695x463.jpeg 695w\" sizes=\"(max-width: 732px) 100vw, 732px\" \/><figcaption class=\"wp-element-caption\">housebeautiful.com<\/figcaption><\/figure><\/div>\n\n\n<p class=\"has-text-align-right has-small-font-size\">Note: Cet article contient des liens affili\u00e9s. Ils ne changent rien \u00e0 votre utilisation du blog. Si vous passez commande via l'un de ces liens, cela me permet d'entretenir r\u00e9guli\u00e8rement le blog. Par avance, merci de votre soutien. <\/p>\n","protected":false},"excerpt":{"rendered":"<p>Cela fait un ou deux mois peut-\u00eatre que je m&rsquo;interroge sur ces nuances de vert. J&rsquo;aime le vert avec une certaine ardeur. C&rsquo;est une couleur qui me fait du bien au quotidien. Et le vert franc comme le vert \u00e9meraude ni coupent pas. En revanche, ce n&rsquo;est pas si facile<span class=\"more-link\"><a href=\"https:\/\/www.cocondedecoration.com\/blog\/2023\/04\/decoration-vert-franc-emeraude\/\">Lire la suite<\/a><\/span><\/p>\n","protected":false},"author":1,"featured_media":59272,"comment_status":"open","ping_status":"open","sticky":false,"template":"","format":"standard","meta":{"om_disable_all_campaigns":false,"_monsterinsights_skip_tracking":false,"_monsterinsights_sitenote_active":false,"_monsterinsights_sitenote_note":"","_monsterinsights_sitenote_category":0,"_uf_show_specific_survey":0,"_uf_disable_surveys":false,"footnotes":""},"categories":[61761,8886],"tags":[44552,44542,44544,44550,44551,44556,22293,2945,10312,16132,8896,44581,44575,44579,11057,44585,44584,44564,44560,44548,44547,44571,44577,44580,44569,44567,44572,44531,44549,44525,44546,44524,44555,44570,44532,29108,44574,44523,44533,44537,44543,44545,44536,44526,44535,44541,44540,44539,44530,44558,44559,44521,6663,44568,44566,44565,44561,44522,44517,44534,44553,44528,11367,44516,44562,44563,44554,44573,44583,44586,44582,44576,44578,44557,44508,44529,44538,44527,44514,44513,44519,44509,44510,44511,44520,44518,44512,44515],"aioseo_notices":[],"_links":{"self":[{"href":"https:\/\/www.cocondedecoration.com\/blog\/wp-json\/wp\/v2\/posts\/59217"}],"collection":[{"href":"https:\/\/www.cocondedecoration.com\/blog\/wp-json\/wp\/v2\/posts"}],"about":[{"href":"https:\/\/www.cocondedecoration.com\/blog\/wp-json\/wp\/v2\/types\/post"}],"author":[{"embeddable":true,"href":"https:\/\/www.cocondedecoration.com\/blog\/wp-json\/wp\/v2\/users\/1"}],"replies":[{"embeddable":true,"href":"https:\/\/www.cocondedecoration.com\/blog\/wp-json\/wp\/v2\/comments?post=59217"}],"version-history":[{"count":2,"href":"https:\/\/www.cocondedecoration.com\/blog\/wp-json\/wp\/v2\/posts\/59217\/revisions"}],"predecessor-version":[{"id":80037,"href":"https:\/\/www.cocondedecoration.com\/blog\/wp-json\/wp\/v2\/posts\/59217\/revisions\/80037"}],"wp:featuredmedia":[{"embeddable":true,"href":"https:\/\/www.cocondedecoration.com\/blog\/wp-json\/wp\/v2\/media\/59272"}],"wp:attachment":[{"href":"https:\/\/www.cocondedecoration.com\/blog\/wp-json\/wp\/v2\/media?parent=59217"}],"wp:term":[{"taxonomy":"category","embeddable":true,"href":"https:\/\/www.cocondedecoration.com\/blog\/wp-json\/wp\/v2\/categories?post=59217"},{"taxonomy":"post_tag","embeddable":true,"href":"https:\/\/www.cocondedecoration.com\/blog\/wp-json\/wp\/v2\/tags?post=59217"}],"curies":[{"name":"wp","href":"https:\/\/api.w.org\/{rel}","templated":true}]}}