{"id":59126,"date":"2023-04-04T11:03:11","date_gmt":"2023-04-04T09:03:11","guid":{"rendered":"https:\/\/www.cocondedecoration.com\/blog\/?p=59126"},"modified":"2025-02-02T06:48:27","modified_gmt":"2025-02-02T04:48:27","slug":"solution-rangement-desencombrer-maison","status":"publish","type":"post","link":"https:\/\/www.cocondedecoration.com\/blog\/2023\/04\/solution-rangement-desencombrer-maison\/","title":{"rendered":"Rangement | Ces accessoires qui vous aideront \u00e0 d\u00e9sencombrer et ranger toute la maison"},"content":{"rendered":"\n<p>Le printemps est de retour! Cette p\u00e9riode de renouveau est id\u00e9ale pour un grand m\u00e9nage et il n'est pas juste question de nettoyage. D\u00e9sencombrer son int\u00e9rieur, offrir une place \u00e0 chaque chose, stocker ce qui ne sert plus... J'ai d\u00e9j\u00e0 eu l'occasion \u00e0 plusieurs reprises de vous expliquer comment d\u00e9sencombrer votre int\u00e9rieur. Je ne vais pas revenir dessus. Cette fois, je souhaitais vous proposer des solutions pratiques pour ranger et organiser toutes les pi\u00e8ces de votre logement. <\/p>\n\n\n\n<!--more-->\n\n\n\n<div class=\"wp-block-image\"><figure class=\"aligncenter\"><a href=\"https:\/\/www.patreon.com\/cocondedeco\" target=\"_blank\" rel=\"noreferrer noopener\"><img loading=\"lazy\" decoding=\"async\" width=\"728\" height=\"90\" src=\"http:\/\/www.cocondedecoration.com\/blog\/wp-content\/uploads\/2021\/01\/banniere-patreon.png\" alt=\"\" class=\"wp-image-33877\" srcset=\"https:\/\/www.cocondedecoration.com\/blog\/wp-content\/uploads\/2021\/01\/banniere-patreon.png 728w, https:\/\/www.cocondedecoration.com\/blog\/wp-content\/uploads\/2021\/01\/banniere-patreon-260x32.png 260w, https:\/\/www.cocondedecoration.com\/blog\/wp-content\/uploads\/2021\/01\/banniere-patreon-640x79.png 640w, https:\/\/www.cocondedecoration.com\/blog\/wp-content\/uploads\/2021\/01\/banniere-patreon-465x57.png 465w, https:\/\/www.cocondedecoration.com\/blog\/wp-content\/uploads\/2021\/01\/banniere-patreon-695x86.png 695w\" sizes=\"(max-width: 728px) 100vw, 728px\" \/><\/a><\/figure><\/div>\n\n\n\n<p style=\"text-align:center\" class=\"has-background has-small-font-size has-very-light-gray-background-color\">Avant de poursuivre cet article, j'aimerai vous parler quelques instants de Patreon. C'est une plateforme en plus du blog sur laquelle vous pouvez devenir m\u00e9c\u00e8ne du blog. <br><strong>Pourquoi soutenir le blog?<\/strong> <br>Parce que c'est un travail consid\u00e9rable et m\u00eame si je le fais avec passion c'est aussi un travail pr\u00e9caire (<a rel=\"noreferrer noopener\" href=\"https:\/\/www.patreon.com\/posts\/en-quoi-consiste-86917611\" target=\"_blank\">je vous explique tout cela en d\u00e9tail dans ce post<\/a>). Si vous aimez l'article que vous \u00eates en train de lire, si vous me suivez sur les r\u00e9seaux sociaux ou encore si vous lisez r\u00e9guli\u00e8rement le blog, je vous serai reconnaissante de soutenir le blog via Patreon. Par ailleurs, en vous abonnant sur la plateforme vous acc\u00e9derez \u00e0 des contenus exclusifs pour vous remercier de votre soutien. C'est sans engagement et chaque contribution fera la diff\u00e9rence. Merci par avance de votre aide! <br><a rel=\"noreferrer noopener\" href=\"https:\/\/www.patreon.com\/cocondedeco\" target=\"_blank\"><strong>En savoir plus &amp; acc\u00e9der \u00e0 Patreon<\/strong><\/a><\/p>\n\n\n\n<div class=\"wp-block-columns has-2-columns is-layout-flex wp-container-core-columns-layout-1 wp-block-columns-is-layout-flex\">\n<div class=\"wp-block-column is-layout-flow wp-block-column-is-layout-flow\">\n<div style=\"height:100px\" aria-hidden=\"true\" class=\"wp-block-spacer\"><\/div>\n\n\n\n<h2 class=\"wp-block-heading\">01 \u2022 Ranger et d\u00e9sencombrer le salon s\u00e9jour<\/h2>\n\n\n\n<p>L'une des clefs pour un int\u00e9rieur organis\u00e9 et rang\u00e9 au quotidien c'est d'identifier ce qui traine et lui trouver une place bien d\u00e9finie. Dans <a href=\"https:\/\/www.cocondedecoration.com\/blog\/category\/deco-piece-par-piece\/deco-salon\/\" target=\"_blank\" rel=\"noreferrer noopener\" aria-label=\"le salon (s\u2019ouvre dans un nouvel onglet)\">le salon<\/a>, il est possible que la t\u00e9l\u00e9commande traine entre deux coussins du canap\u00e9 par exemple. Comme nous sommes en d\u00e9but de printemps, il fait encore trop frais pour ranger les plaids dans un placard. Il y a des solutions pour tout cela! <\/p>\n\n\n\n<p><strong>Les solutions pour un s\u00e9jour bien organis\u00e9: <\/strong><\/p>\n\n\n\n<ul><li>Une table basse qui cache un coffre pour ranger tout ce qui traine g\u00e9n\u00e9ralement sur le plateau de table; <\/li><li>Une pochette qui se glisse entre les coussins d'assise et la structure du canap\u00e9 pour ranger la t\u00e9l\u00e9commande, le programme t\u00e9l\u00e9 ou encore les c\u00e2bles et chargeurs de t\u00e9l\u00e9phones; <\/li><li>Un coffre \/ banc pour ranger les plaids et gros coussins que vous utilisez le soir pour regarder confortablement la t\u00e9l\u00e9. <\/li><\/ul>\n<\/div>\n\n\n\n<div class=\"wp-block-column is-layout-flow wp-block-column-is-layout-flow\">\n<figure class=\"wp-block-image\"><img loading=\"lazy\" decoding=\"async\" width=\"640\" height=\"960\" src=\"https:\/\/www.cocondedecoration.com\/blog\/wp-content\/uploads\/2023\/04\/solutions-ranger-desencombrer-maison-1-640x960.jpeg\" alt=\"solutions ranger desencombrer maison salon  s\u00e9jour organis\u00e9 pratique\" class=\"wp-image-59205\" srcset=\"https:\/\/www.cocondedecoration.com\/blog\/wp-content\/uploads\/2023\/04\/solutions-ranger-desencombrer-maison-1-640x960.jpeg 640w, https:\/\/www.cocondedecoration.com\/blog\/wp-content\/uploads\/2023\/04\/solutions-ranger-desencombrer-maison-1-260x390.jpeg 260w, https:\/\/www.cocondedecoration.com\/blog\/wp-content\/uploads\/2023\/04\/solutions-ranger-desencombrer-maison-1-768x1152.jpeg 768w, https:\/\/www.cocondedecoration.com\/blog\/wp-content\/uploads\/2023\/04\/solutions-ranger-desencombrer-maison-1-367x550.jpeg 367w, https:\/\/www.cocondedecoration.com\/blog\/wp-content\/uploads\/2023\/04\/solutions-ranger-desencombrer-maison-1-333x500.jpeg 333w, https:\/\/www.cocondedecoration.com\/blog\/wp-content\/uploads\/2023\/04\/solutions-ranger-desencombrer-maison-1.jpeg 1000w\" sizes=\"(max-width: 640px) 100vw, 640px\" \/><figcaption>paige-jones-3afq.squarespace.com\n<\/figcaption><\/figure>\n<\/div>\n<\/div>\n\n\n\n<div class=\"wp-block-columns has-3-columns is-layout-flex wp-container-core-columns-layout-2 wp-block-columns-is-layout-flex\">\n<div class=\"wp-block-column is-layout-flow wp-block-column-is-layout-flow\">\n<figure class=\"wp-block-image\"><img loading=\"lazy\" decoding=\"async\" width=\"500\" height=\"500\" src=\"https:\/\/www.cocondedecoration.com\/blog\/wp-content\/uploads\/2023\/04\/rangement-salon-pas-cher-pratique-1.jpeg\" alt=\"rangement salon pas cher pratique Poche de lit, \u00e0 suspendre, feutre, 6 compartiments\" class=\"wp-image-59147\" srcset=\"https:\/\/www.cocondedecoration.com\/blog\/wp-content\/uploads\/2023\/04\/rangement-salon-pas-cher-pratique-1.jpeg 500w, https:\/\/www.cocondedecoration.com\/blog\/wp-content\/uploads\/2023\/04\/rangement-salon-pas-cher-pratique-1-165x165.jpeg 165w, https:\/\/www.cocondedecoration.com\/blog\/wp-content\/uploads\/2023\/04\/rangement-salon-pas-cher-pratique-1-260x260.jpeg 260w, https:\/\/www.cocondedecoration.com\/blog\/wp-content\/uploads\/2023\/04\/rangement-salon-pas-cher-pratique-1-465x465.jpeg 465w\" sizes=\"(max-width: 500px) 100vw, 500px\" \/><figcaption><a rel=\"noreferrer noopener\" aria-label=\"Poche \u00e0 suspendre en feutre, 6 compartiments (s\u2019ouvre dans un nouvel onglet)\" href=\"https:\/\/tidd.ly\/3nI32xv\" target=\"_blank\">Poche \u00e0 suspendre en feutre, 6 compartiments<\/a> - Leroy Merlin<\/figcaption><\/figure>\n\n\n\n<figure class=\"wp-block-image\"><img loading=\"lazy\" decoding=\"async\" width=\"500\" height=\"500\" src=\"https:\/\/www.cocondedecoration.com\/blog\/wp-content\/uploads\/2023\/04\/desencombrer-maison-rangement-gain-de-place-pratique-2.jpeg\" alt=\"desencombrer maison rangement gain de place pratique Table basse ronde avec plateaux pivotants et rangement et bois clair\" class=\"wp-image-59172\" srcset=\"https:\/\/www.cocondedecoration.com\/blog\/wp-content\/uploads\/2023\/04\/desencombrer-maison-rangement-gain-de-place-pratique-2.jpeg 500w, https:\/\/www.cocondedecoration.com\/blog\/wp-content\/uploads\/2023\/04\/desencombrer-maison-rangement-gain-de-place-pratique-2-165x165.jpeg 165w, https:\/\/www.cocondedecoration.com\/blog\/wp-content\/uploads\/2023\/04\/desencombrer-maison-rangement-gain-de-place-pratique-2-260x260.jpeg 260w, https:\/\/www.cocondedecoration.com\/blog\/wp-content\/uploads\/2023\/04\/desencombrer-maison-rangement-gain-de-place-pratique-2-465x465.jpeg 465w\" sizes=\"(max-width: 500px) 100vw, 500px\" \/><figcaption><a href=\"https:\/\/c3po.link\/QMp5nwdjkF\" target=\"_blank\" rel=\"noreferrer noopener\" aria-label=\"Table basse ronde avec plateaux pivotants et rangement (s\u2019ouvre dans un nouvel onglet)\">Table basse ronde avec plateaux pivotants et rangement<\/a> - La Redoute<\/figcaption><\/figure>\n\n\n\n<figure class=\"wp-block-image\"><img loading=\"lazy\" decoding=\"async\" width=\"500\" height=\"500\" src=\"https:\/\/www.cocondedecoration.com\/blog\/wp-content\/uploads\/2023\/04\/desencombrer-maison-rangement-gain-de-place-pratique-5.jpeg\" alt=\"desencombrer maison rangement gain de place pratique Banc Coffre En Velours Edi salon s\u00e9jour\" class=\"wp-image-59175\" srcset=\"https:\/\/www.cocondedecoration.com\/blog\/wp-content\/uploads\/2023\/04\/desencombrer-maison-rangement-gain-de-place-pratique-5.jpeg 500w, https:\/\/www.cocondedecoration.com\/blog\/wp-content\/uploads\/2023\/04\/desencombrer-maison-rangement-gain-de-place-pratique-5-165x165.jpeg 165w, https:\/\/www.cocondedecoration.com\/blog\/wp-content\/uploads\/2023\/04\/desencombrer-maison-rangement-gain-de-place-pratique-5-260x260.jpeg 260w, https:\/\/www.cocondedecoration.com\/blog\/wp-content\/uploads\/2023\/04\/desencombrer-maison-rangement-gain-de-place-pratique-5-465x465.jpeg 465w\" sizes=\"(max-width: 500px) 100vw, 500px\" \/><figcaption><a href=\"https:\/\/c3po.link\/Qw7Yk78Y84\" target=\"_blank\" rel=\"noreferrer noopener\" aria-label=\"Banc Coffre En Velours  (s\u2019ouvre dans un nouvel onglet)\">Banc Coffre En Velours <\/a>- La Redoute<\/figcaption><\/figure>\n<\/div>\n\n\n\n<div class=\"wp-block-column is-layout-flow wp-block-column-is-layout-flow\">\n<figure class=\"wp-block-image\"><img loading=\"lazy\" decoding=\"async\" width=\"500\" height=\"500\" src=\"https:\/\/www.cocondedecoration.com\/blog\/wp-content\/uploads\/2023\/04\/rangement-salon-pas-cher-pratique-2.jpeg\" alt=\"rangement salon pas cher pratique Poche de lit, feutre, \u00e0 suspendre, 5 compartiments\" class=\"wp-image-59148\" srcset=\"https:\/\/www.cocondedecoration.com\/blog\/wp-content\/uploads\/2023\/04\/rangement-salon-pas-cher-pratique-2.jpeg 500w, https:\/\/www.cocondedecoration.com\/blog\/wp-content\/uploads\/2023\/04\/rangement-salon-pas-cher-pratique-2-165x165.jpeg 165w, https:\/\/www.cocondedecoration.com\/blog\/wp-content\/uploads\/2023\/04\/rangement-salon-pas-cher-pratique-2-260x260.jpeg 260w, https:\/\/www.cocondedecoration.com\/blog\/wp-content\/uploads\/2023\/04\/rangement-salon-pas-cher-pratique-2-465x465.jpeg 465w\" sizes=\"(max-width: 500px) 100vw, 500px\" \/><figcaption><a rel=\"noreferrer noopener\" aria-label=\"Poche \u00e0 suspendre, 5 compartiments (s\u2019ouvre dans un nouvel onglet)\" href=\"https:\/\/tidd.ly\/3Kxd3GT\" target=\"_blank\">Poche \u00e0 suspendre, 5 compartiments<\/a> - Leroy Merlin<\/figcaption><\/figure>\n\n\n\n<figure class=\"wp-block-image\"><img loading=\"lazy\" decoding=\"async\" width=\"500\" height=\"500\" src=\"https:\/\/www.cocondedecoration.com\/blog\/wp-content\/uploads\/2023\/04\/desencombrer-maison-rangement-gain-de-place-pratique-3.jpeg\" alt=\"desencombrer maison rangement gain de place pratique Ensemble \u00e9tag\u00e8re et caisses de rangement\" class=\"wp-image-59173\" srcset=\"https:\/\/www.cocondedecoration.com\/blog\/wp-content\/uploads\/2023\/04\/desencombrer-maison-rangement-gain-de-place-pratique-3.jpeg 500w, https:\/\/www.cocondedecoration.com\/blog\/wp-content\/uploads\/2023\/04\/desencombrer-maison-rangement-gain-de-place-pratique-3-165x165.jpeg 165w, https:\/\/www.cocondedecoration.com\/blog\/wp-content\/uploads\/2023\/04\/desencombrer-maison-rangement-gain-de-place-pratique-3-260x260.jpeg 260w, https:\/\/www.cocondedecoration.com\/blog\/wp-content\/uploads\/2023\/04\/desencombrer-maison-rangement-gain-de-place-pratique-3-465x465.jpeg 465w\" sizes=\"(max-width: 500px) 100vw, 500px\" \/><figcaption><a href=\"https:\/\/c3po.link\/QxabqzZNxR\" target=\"_blank\" rel=\"noreferrer noopener\" aria-label=\"Ensemble \u00e9tag\u00e8re et caisses de rangement (s\u2019ouvre dans un nouvel onglet)\">Ensemble \u00e9tag\u00e8re et caisses de rangement<\/a> - La Redoute<\/figcaption><\/figure>\n\n\n\n<figure class=\"wp-block-image\"><img loading=\"lazy\" decoding=\"async\" width=\"500\" height=\"500\" src=\"https:\/\/www.cocondedecoration.com\/blog\/wp-content\/uploads\/2023\/04\/desencombrer-maison-rangement-gain-de-place-pratique-6.jpeg\" alt=\"desencombrer maison rangement gain de place pratique Coffre \/ Banc de Rangement Mix Naturel salon s\u00e9jour salle \u00e0 manger\" class=\"wp-image-59176\" srcset=\"https:\/\/www.cocondedecoration.com\/blog\/wp-content\/uploads\/2023\/04\/desencombrer-maison-rangement-gain-de-place-pratique-6.jpeg 500w, https:\/\/www.cocondedecoration.com\/blog\/wp-content\/uploads\/2023\/04\/desencombrer-maison-rangement-gain-de-place-pratique-6-165x165.jpeg 165w, https:\/\/www.cocondedecoration.com\/blog\/wp-content\/uploads\/2023\/04\/desencombrer-maison-rangement-gain-de-place-pratique-6-260x260.jpeg 260w, https:\/\/www.cocondedecoration.com\/blog\/wp-content\/uploads\/2023\/04\/desencombrer-maison-rangement-gain-de-place-pratique-6-465x465.jpeg 465w\" sizes=\"(max-width: 500px) 100vw, 500px\" \/><figcaption><a href=\"https:\/\/c3po.link\/QJpK6fVpkr\" target=\"_blank\" rel=\"noreferrer noopener\" aria-label=\"Coffre \/ Banc de Rangement (s\u2019ouvre dans un nouvel onglet)\">Coffre \/ Banc de Rangement<\/a> - La Redoute<\/figcaption><\/figure>\n<\/div>\n\n\n\n<div class=\"wp-block-column is-layout-flow wp-block-column-is-layout-flow\">\n<figure class=\"wp-block-image\"><img loading=\"lazy\" decoding=\"async\" width=\"500\" height=\"500\" src=\"https:\/\/www.cocondedecoration.com\/blog\/wp-content\/uploads\/2023\/04\/desencombrer-maison-rangement-gain-de-place-pratique-1.jpeg\" alt=\"desencombrer maison rangement gain de place pratique Table basse coffre de rangement salon s\u00e9jour\" class=\"wp-image-59171\" srcset=\"https:\/\/www.cocondedecoration.com\/blog\/wp-content\/uploads\/2023\/04\/desencombrer-maison-rangement-gain-de-place-pratique-1.jpeg 500w, https:\/\/www.cocondedecoration.com\/blog\/wp-content\/uploads\/2023\/04\/desencombrer-maison-rangement-gain-de-place-pratique-1-165x165.jpeg 165w, https:\/\/www.cocondedecoration.com\/blog\/wp-content\/uploads\/2023\/04\/desencombrer-maison-rangement-gain-de-place-pratique-1-260x260.jpeg 260w, https:\/\/www.cocondedecoration.com\/blog\/wp-content\/uploads\/2023\/04\/desencombrer-maison-rangement-gain-de-place-pratique-1-465x465.jpeg 465w\" sizes=\"(max-width: 500px) 100vw, 500px\" \/><figcaption><a href=\"https:\/\/tidd.ly\/3UmvIIN\" target=\"_blank\" rel=\"noreferrer noopener\" aria-label=\"Table basse coffre de rangement (s\u2019ouvre dans un nouvel onglet)\">Table basse coffre de rangement<\/a> - La Redoute<\/figcaption><\/figure>\n\n\n\n<figure class=\"wp-block-image\"><img loading=\"lazy\" decoding=\"async\" width=\"500\" height=\"500\" src=\"https:\/\/www.cocondedecoration.com\/blog\/wp-content\/uploads\/2023\/04\/desencombrer-maison-rangement-gain-de-place-pratique-4.jpeg\" alt=\"desencombrer maison rangement gain de place pratique Table coffre plateau bois salon s\u00e9jour bout de canap\u00e9\" class=\"wp-image-59174\" srcset=\"https:\/\/www.cocondedecoration.com\/blog\/wp-content\/uploads\/2023\/04\/desencombrer-maison-rangement-gain-de-place-pratique-4.jpeg 500w, https:\/\/www.cocondedecoration.com\/blog\/wp-content\/uploads\/2023\/04\/desencombrer-maison-rangement-gain-de-place-pratique-4-165x165.jpeg 165w, https:\/\/www.cocondedecoration.com\/blog\/wp-content\/uploads\/2023\/04\/desencombrer-maison-rangement-gain-de-place-pratique-4-260x260.jpeg 260w, https:\/\/www.cocondedecoration.com\/blog\/wp-content\/uploads\/2023\/04\/desencombrer-maison-rangement-gain-de-place-pratique-4-465x465.jpeg 465w\" sizes=\"(max-width: 500px) 100vw, 500px\" \/><figcaption><a href=\"https:\/\/c3po.link\/QPVsYArcEj\" target=\"_blank\" rel=\"noreferrer noopener\" aria-label=\"Bout de canap\u00e9 coffre plateau bois (s\u2019ouvre dans un nouvel onglet)\">Bout de canap\u00e9 coffre plateau bois<\/a> - La Redoute<\/figcaption><\/figure>\n\n\n\n<figure class=\"wp-block-image\"><img loading=\"lazy\" decoding=\"async\" width=\"500\" height=\"500\" src=\"https:\/\/www.cocondedecoration.com\/blog\/wp-content\/uploads\/2023\/04\/desencombrer-maison-rangement-gain-de-place-pratique-7.jpeg\" alt=\"desencombrer maison rangement gain de place pratique Banc coffre Aurora 100x40 cm blanc\" class=\"wp-image-59177\" srcset=\"https:\/\/www.cocondedecoration.com\/blog\/wp-content\/uploads\/2023\/04\/desencombrer-maison-rangement-gain-de-place-pratique-7.jpeg 500w, https:\/\/www.cocondedecoration.com\/blog\/wp-content\/uploads\/2023\/04\/desencombrer-maison-rangement-gain-de-place-pratique-7-165x165.jpeg 165w, https:\/\/www.cocondedecoration.com\/blog\/wp-content\/uploads\/2023\/04\/desencombrer-maison-rangement-gain-de-place-pratique-7-260x260.jpeg 260w, https:\/\/www.cocondedecoration.com\/blog\/wp-content\/uploads\/2023\/04\/desencombrer-maison-rangement-gain-de-place-pratique-7-465x465.jpeg 465w\" sizes=\"(max-width: 500px) 100vw, 500px\" \/><figcaption><a href=\"https:\/\/c3po.link\/QJSSjPrDKR\" target=\"_blank\" rel=\"noreferrer noopener\" aria-label=\"Banc coffre blanc (s\u2019ouvre dans un nouvel onglet)\">Banc coffre blanc<\/a> - La Redoute<\/figcaption><\/figure>\n<\/div>\n<\/div>\n\n\n\n<div style=\"height:100px\" aria-hidden=\"true\" class=\"wp-block-spacer\"><\/div>\n\n\n\n<div class=\"wp-block-columns has-2-columns is-layout-flex wp-container-core-columns-layout-3 wp-block-columns-is-layout-flex\">\n<div class=\"wp-block-column is-layout-flow wp-block-column-is-layout-flow\">\n<div style=\"height:70px\" aria-hidden=\"true\" class=\"wp-block-spacer\"><\/div>\n\n\n\n<h2 class=\"wp-block-heading\">02 \u2022 Des solutions pour d\u00e9sencombrer la chambre parentale &amp;  la chambre d'enfant<\/h2>\n\n\n\n<p>Dans la chambre, le sentiment d'encombrement est souvent li\u00e9 aux v\u00eatements. Trop de v\u00eatements (et les mauvaises langues diront qu'on n'a pourtant rien \u00e0 nous mettre). Pour y voir plus clair, rien de tel que de faire un tri par saison. Pas besoin d'encombrer la penderie avec la doudoune quand on est en plein \u00e9t\u00e9. Pour la chambre d'enfant, en plus d'un \u00e9ventuel probl\u00e8me de v\u00eatements, il y a les jouets qui tr\u00f4nent au sol en plein milieu de la pi\u00e8ce. <\/p>\n\n\n\n<p><strong>Solutions pour d\u00e9sencombrer les chambres: <\/strong><\/p>\n\n\n\n<ul><li>Des sacs sous-vide pour stocker sans perdre de place les v\u00eatements et couettes qui ne sont pas de saison; <\/li><li>Des organisateurs de tiroirs pour les petits v\u00eatements et sous-v\u00eatements; <\/li><li>Des caisses de rangement pour structurer les \u00e9tag\u00e8res \u00e0 l'int\u00e9rieur de vos meubles et armoires; <\/li><li>Un coffre de rangement (ou un pouf) pour stocker les couvertures ou le linge de lit; <\/li><li>Des rangements \u00e0 la taille de votre enfant pour qu'il puisse ranger ses jouets tout seul; <\/li><li>Des paniers de rangements pour enfant avec un d\u00e9cor ludique; <\/li><\/ul>\n\n\n\n<p><strong>Quelle taille choisir pour les housses de rangement pour v\u00eatements?<\/strong><\/p>\n\n\n\n<p>Il y a deux crit\u00e8res \u00e0 prendre en compte pour choisir les bonnes housses de rangement: 1\/ La taille de ce qu'on va ranger. Une housse taille S n'est pas adapt\u00e9e \u00e0 une couette d'hiver de 2 personnes. 2\/ L'endroit pour va \u00eatre stocker la housse. Si c'est dans le bas de votre armoire, v\u00e9rifiez les dimensions de l'int\u00e9rieur de votre meuble avant d'acheter la housse. Si elle va se glisser sous le lit, vous aurez plus de choix quant \u00e0 la largeur et la profondeur, en revanche, il faudra choisir une petite hauteur. D'ailleurs, je traite les diff\u00e9rentes solutions de rangement sous le lit <a href=\"https:\/\/www.cocondedecoration.com\/blog\/2023\/03\/rangement-malin-sous-le-lit\/\" target=\"_blank\" rel=\"noreferrer noopener\" aria-label=\"dans cet article (s\u2019ouvre dans un nouvel onglet)\">dans cet article<\/a>. <\/p>\n<\/div>\n\n\n\n<div class=\"wp-block-column is-layout-flow wp-block-column-is-layout-flow\">\n<figure class=\"wp-block-image\"><img loading=\"lazy\" decoding=\"async\" width=\"640\" height=\"960\" src=\"https:\/\/www.cocondedecoration.com\/blog\/wp-content\/uploads\/2023\/04\/solutions-ranger-desencombrer-maison-2-640x960.jpeg\" alt=\"solutions ranger desencombrer maison chambre \u00e0 coucher parentale cosy organis\u00e9e id\u00e9e d\u00e9co\" class=\"wp-image-59206\" srcset=\"https:\/\/www.cocondedecoration.com\/blog\/wp-content\/uploads\/2023\/04\/solutions-ranger-desencombrer-maison-2-640x960.jpeg 640w, https:\/\/www.cocondedecoration.com\/blog\/wp-content\/uploads\/2023\/04\/solutions-ranger-desencombrer-maison-2-260x390.jpeg 260w, https:\/\/www.cocondedecoration.com\/blog\/wp-content\/uploads\/2023\/04\/solutions-ranger-desencombrer-maison-2-768x1152.jpeg 768w, https:\/\/www.cocondedecoration.com\/blog\/wp-content\/uploads\/2023\/04\/solutions-ranger-desencombrer-maison-2-367x550.jpeg 367w, https:\/\/www.cocondedecoration.com\/blog\/wp-content\/uploads\/2023\/04\/solutions-ranger-desencombrer-maison-2-333x500.jpeg 333w, https:\/\/www.cocondedecoration.com\/blog\/wp-content\/uploads\/2023\/04\/solutions-ranger-desencombrer-maison-2.jpeg 1000w\" sizes=\"(max-width: 640px) 100vw, 640px\" \/><figcaption>countryliving.com\n<\/figcaption><\/figure>\n\n\n\n<ul class=\"wp-block-gallery columns-2 is-cropped wp-block-gallery-1 is-layout-flex wp-block-gallery-is-layout-flex\"><li class=\"blocks-gallery-item\"><figure><img loading=\"lazy\" decoding=\"async\" width=\"640\" height=\"960\" src=\"https:\/\/www.cocondedecoration.com\/blog\/wp-content\/uploads\/2023\/04\/rangement-chambre-enfant-organisation-1-640x960.jpeg\" alt=\"rangement chambre enfant organisation bac jouet pas cher en bois\" data-id=\"59212\" data-link=\"https:\/\/www.cocondedecoration.com\/blog\/?attachment_id=59212\" class=\"wp-image-59212\" srcset=\"https:\/\/www.cocondedecoration.com\/blog\/wp-content\/uploads\/2023\/04\/rangement-chambre-enfant-organisation-1-640x960.jpeg 640w, https:\/\/www.cocondedecoration.com\/blog\/wp-content\/uploads\/2023\/04\/rangement-chambre-enfant-organisation-1-260x390.jpeg 260w, https:\/\/www.cocondedecoration.com\/blog\/wp-content\/uploads\/2023\/04\/rangement-chambre-enfant-organisation-1-768x1152.jpeg 768w, https:\/\/www.cocondedecoration.com\/blog\/wp-content\/uploads\/2023\/04\/rangement-chambre-enfant-organisation-1-367x550.jpeg 367w, https:\/\/www.cocondedecoration.com\/blog\/wp-content\/uploads\/2023\/04\/rangement-chambre-enfant-organisation-1-333x500.jpeg 333w, https:\/\/www.cocondedecoration.com\/blog\/wp-content\/uploads\/2023\/04\/rangement-chambre-enfant-organisation-1.jpeg 1000w\" sizes=\"(max-width: 640px) 100vw, 640px\" \/><figcaption>vertbaudet.fr\n<\/figcaption><\/figure><\/li><li class=\"blocks-gallery-item\"><figure><img loading=\"lazy\" decoding=\"async\" width=\"640\" height=\"960\" src=\"https:\/\/www.cocondedecoration.com\/blog\/wp-content\/uploads\/2023\/04\/rangement-chambre-enfant-organisation-2-640x960.jpeg\" alt=\"rangement chambre enfant organisation \u00e9tag\u00e8re d\u00e9coration\" data-id=\"59213\" data-link=\"https:\/\/www.cocondedecoration.com\/blog\/?attachment_id=59213\" class=\"wp-image-59213\" srcset=\"https:\/\/www.cocondedecoration.com\/blog\/wp-content\/uploads\/2023\/04\/rangement-chambre-enfant-organisation-2-640x960.jpeg 640w, https:\/\/www.cocondedecoration.com\/blog\/wp-content\/uploads\/2023\/04\/rangement-chambre-enfant-organisation-2-260x390.jpeg 260w, https:\/\/www.cocondedecoration.com\/blog\/wp-content\/uploads\/2023\/04\/rangement-chambre-enfant-organisation-2-768x1152.jpeg 768w, https:\/\/www.cocondedecoration.com\/blog\/wp-content\/uploads\/2023\/04\/rangement-chambre-enfant-organisation-2-367x550.jpeg 367w, https:\/\/www.cocondedecoration.com\/blog\/wp-content\/uploads\/2023\/04\/rangement-chambre-enfant-organisation-2-333x500.jpeg 333w, https:\/\/www.cocondedecoration.com\/blog\/wp-content\/uploads\/2023\/04\/rangement-chambre-enfant-organisation-2.jpeg 1000w\" sizes=\"(max-width: 640px) 100vw, 640px\" \/><figcaption>etsy.com\n<\/figcaption><\/figure><\/li><\/ul>\n<\/div>\n<\/div>\n\n\n\n<div class=\"wp-block-columns has-3-columns is-layout-flex wp-container-core-columns-layout-4 wp-block-columns-is-layout-flex\">\n<div class=\"wp-block-column is-layout-flow wp-block-column-is-layout-flow\">\n<figure class=\"wp-block-image\"><img loading=\"lazy\" decoding=\"async\" width=\"500\" height=\"500\" src=\"https:\/\/www.cocondedecoration.com\/blog\/wp-content\/uploads\/2023\/04\/rangement-chambre-pas-cher-pratique-1.jpeg\" alt=\"rangement chambre pas cher pratique Bo\u00eete de Rangement Pliable en Tissu Organiseurs de Tiroir\" class=\"wp-image-59138\" srcset=\"https:\/\/www.cocondedecoration.com\/blog\/wp-content\/uploads\/2023\/04\/rangement-chambre-pas-cher-pratique-1.jpeg 500w, https:\/\/www.cocondedecoration.com\/blog\/wp-content\/uploads\/2023\/04\/rangement-chambre-pas-cher-pratique-1-165x165.jpeg 165w, https:\/\/www.cocondedecoration.com\/blog\/wp-content\/uploads\/2023\/04\/rangement-chambre-pas-cher-pratique-1-260x260.jpeg 260w, https:\/\/www.cocondedecoration.com\/blog\/wp-content\/uploads\/2023\/04\/rangement-chambre-pas-cher-pratique-1-465x465.jpeg 465w\" sizes=\"(max-width: 500px) 100vw, 500px\" \/><figcaption><a rel=\"noreferrer noopener\" aria-label=\"Bo\u00eete de Rangement Organiseurs de Tiroir (x6) (s\u2019ouvre dans un nouvel onglet)\" href=\"https:\/\/tidd.ly\/410bFSb\" target=\"_blank\">Bo\u00eete de Rangement Organiseurs de Tiroir (x6)<\/a> - Leroy Merlin<\/figcaption><\/figure>\n\n\n\n<figure class=\"wp-block-image\"><img loading=\"lazy\" decoding=\"async\" width=\"500\" height=\"500\" src=\"https:\/\/www.cocondedecoration.com\/blog\/wp-content\/uploads\/2023\/04\/rangement-chambre-pas-cher-pratique-4.jpeg\" alt=\"rangement chambre pas cher pratique Housse de rangement v\u00eatements\" class=\"wp-image-59141\" srcset=\"https:\/\/www.cocondedecoration.com\/blog\/wp-content\/uploads\/2023\/04\/rangement-chambre-pas-cher-pratique-4.jpeg 500w, https:\/\/www.cocondedecoration.com\/blog\/wp-content\/uploads\/2023\/04\/rangement-chambre-pas-cher-pratique-4-165x165.jpeg 165w, https:\/\/www.cocondedecoration.com\/blog\/wp-content\/uploads\/2023\/04\/rangement-chambre-pas-cher-pratique-4-260x260.jpeg 260w, https:\/\/www.cocondedecoration.com\/blog\/wp-content\/uploads\/2023\/04\/rangement-chambre-pas-cher-pratique-4-465x465.jpeg 465w\" sizes=\"(max-width: 500px) 100vw, 500px\" \/><figcaption><a rel=\"noreferrer noopener\" aria-label=\" (s\u2019ouvre dans un nouvel onglet)\" href=\"https:\/\/tidd.ly\/3Me9DK4\" target=\"_blank\">Housse de rangement v\u00eatements<\/a> - Leroy Merlin<\/figcaption><\/figure>\n\n\n\n<figure class=\"wp-block-image\"><img loading=\"lazy\" decoding=\"async\" width=\"500\" height=\"500\" src=\"https:\/\/www.cocondedecoration.com\/blog\/wp-content\/uploads\/2023\/04\/rangement-desencombrer-maison-pas-cher-deco-1.jpeg\" alt=\"rangement desencombrer maison pas cher deco Sac de rangement sous vide taille M\" class=\"wp-image-59158\" srcset=\"https:\/\/www.cocondedecoration.com\/blog\/wp-content\/uploads\/2023\/04\/rangement-desencombrer-maison-pas-cher-deco-1.jpeg 500w, https:\/\/www.cocondedecoration.com\/blog\/wp-content\/uploads\/2023\/04\/rangement-desencombrer-maison-pas-cher-deco-1-165x165.jpeg 165w, https:\/\/www.cocondedecoration.com\/blog\/wp-content\/uploads\/2023\/04\/rangement-desencombrer-maison-pas-cher-deco-1-260x260.jpeg 260w, https:\/\/www.cocondedecoration.com\/blog\/wp-content\/uploads\/2023\/04\/rangement-desencombrer-maison-pas-cher-deco-1-465x465.jpeg 465w\" sizes=\"(max-width: 500px) 100vw, 500px\" \/><figcaption><a rel=\"noreferrer noopener\" href=\"https:\/\/tracking.publicidees.com\/clic.php?progid=7565&amp;partid=62427&amp;dpl=https%3A%2F%2Fwww.zodio.fr%2Fcompactor-housse-vide-d-air-par-aspiration-taille-m.html\" target=\"_blank\">Sac de rangement sous vide taille M<\/a>- Z\u00f4dio<\/figcaption><\/figure>\n\n\n\n<figure class=\"wp-block-image\"><img loading=\"lazy\" decoding=\"async\" width=\"500\" height=\"500\" src=\"https:\/\/www.cocondedecoration.com\/blog\/wp-content\/uploads\/2023\/04\/desencombrer-maison-rangement-gain-de-place-pratique-8.jpeg\" alt=\"desencombrer maison rangement gain de place pratique Pouf coffre de rangement 2 en 1 motif rhinoc\u00e9ros chambre enfant \" class=\"wp-image-59178\" srcset=\"https:\/\/www.cocondedecoration.com\/blog\/wp-content\/uploads\/2023\/04\/desencombrer-maison-rangement-gain-de-place-pratique-8.jpeg 500w, https:\/\/www.cocondedecoration.com\/blog\/wp-content\/uploads\/2023\/04\/desencombrer-maison-rangement-gain-de-place-pratique-8-165x165.jpeg 165w, https:\/\/www.cocondedecoration.com\/blog\/wp-content\/uploads\/2023\/04\/desencombrer-maison-rangement-gain-de-place-pratique-8-260x260.jpeg 260w, https:\/\/www.cocondedecoration.com\/blog\/wp-content\/uploads\/2023\/04\/desencombrer-maison-rangement-gain-de-place-pratique-8-465x465.jpeg 465w\" sizes=\"(max-width: 500px) 100vw, 500px\" \/><figcaption><a href=\"https:\/\/c3po.link\/QxcDcTeKxZ\" target=\"_blank\" rel=\"noreferrer noopener\" aria-label=\"Pouf coffre de rangement 2 en 1 rhinoc\u00e9ros (s\u2019ouvre dans un nouvel onglet)\">Pouf coffre de rangement 2 en 1 rhinoc\u00e9ros<\/a> - La Redoute<\/figcaption><\/figure>\n\n\n\n<figure class=\"wp-block-image\"><img loading=\"lazy\" decoding=\"async\" width=\"500\" height=\"500\" src=\"https:\/\/www.cocondedecoration.com\/blog\/wp-content\/uploads\/2023\/04\/gain-de-place-rangement-pratique-maisons-du-monde-1.jpeg\" alt=\"gain de place rangement pratique maisons du monde Malle de rangement en manguier\" class=\"wp-image-59187\" srcset=\"https:\/\/www.cocondedecoration.com\/blog\/wp-content\/uploads\/2023\/04\/gain-de-place-rangement-pratique-maisons-du-monde-1.jpeg 500w, https:\/\/www.cocondedecoration.com\/blog\/wp-content\/uploads\/2023\/04\/gain-de-place-rangement-pratique-maisons-du-monde-1-165x165.jpeg 165w, https:\/\/www.cocondedecoration.com\/blog\/wp-content\/uploads\/2023\/04\/gain-de-place-rangement-pratique-maisons-du-monde-1-260x260.jpeg 260w, https:\/\/www.cocondedecoration.com\/blog\/wp-content\/uploads\/2023\/04\/gain-de-place-rangement-pratique-maisons-du-monde-1-465x465.jpeg 465w\" sizes=\"(max-width: 500px) 100vw, 500px\" \/><figcaption><a href=\"https:\/\/fnty.co\/c\/r-JQeZKkAv\" target=\"_blank\" rel=\"noreferrer noopener\" aria-label=\"Malle de rangement en manguier (s\u2019ouvre dans un nouvel onglet)\">Malle de rangement en manguier<\/a> - Maisons du Monde<\/figcaption><\/figure>\n<\/div>\n\n\n\n<div class=\"wp-block-column is-layout-flow wp-block-column-is-layout-flow\">\n<figure class=\"wp-block-image\"><img loading=\"lazy\" decoding=\"async\" width=\"500\" height=\"500\" src=\"https:\/\/www.cocondedecoration.com\/blog\/wp-content\/uploads\/2023\/04\/rangement-chambre-pas-cher-pratique-2.jpeg\" alt=\"rangement chambre pas cher pratique Appareil De Mise Sous Vide v\u00eatement armoire gain de place\" class=\"wp-image-59139\" srcset=\"https:\/\/www.cocondedecoration.com\/blog\/wp-content\/uploads\/2023\/04\/rangement-chambre-pas-cher-pratique-2.jpeg 500w, https:\/\/www.cocondedecoration.com\/blog\/wp-content\/uploads\/2023\/04\/rangement-chambre-pas-cher-pratique-2-165x165.jpeg 165w, https:\/\/www.cocondedecoration.com\/blog\/wp-content\/uploads\/2023\/04\/rangement-chambre-pas-cher-pratique-2-260x260.jpeg 260w, https:\/\/www.cocondedecoration.com\/blog\/wp-content\/uploads\/2023\/04\/rangement-chambre-pas-cher-pratique-2-465x465.jpeg 465w\" sizes=\"(max-width: 500px) 100vw, 500px\" \/><figcaption><a rel=\"noreferrer noopener\" aria-label=\"Appareil De Mise Sous Vide (s\u2019ouvre dans un nouvel onglet)\" href=\"https:\/\/tidd.ly\/3Katasb\" target=\"_blank\">Appareil De Mise Sous Vide<\/a> - Leroy Merlin<\/figcaption><\/figure>\n\n\n\n<figure class=\"wp-block-image\"><img loading=\"lazy\" decoding=\"async\" width=\"500\" height=\"500\" src=\"https:\/\/www.cocondedecoration.com\/blog\/wp-content\/uploads\/2023\/04\/rangement-chambre-pas-cher-pratique-5.jpeg\" alt=\"rangement chambre pas cher pratique Set 2 Bo\u00eetes TOY BOXES rangement Corail couleur teraccotta moderne enfant\" class=\"wp-image-59142\" srcset=\"https:\/\/www.cocondedecoration.com\/blog\/wp-content\/uploads\/2023\/04\/rangement-chambre-pas-cher-pratique-5.jpeg 500w, https:\/\/www.cocondedecoration.com\/blog\/wp-content\/uploads\/2023\/04\/rangement-chambre-pas-cher-pratique-5-165x165.jpeg 165w, https:\/\/www.cocondedecoration.com\/blog\/wp-content\/uploads\/2023\/04\/rangement-chambre-pas-cher-pratique-5-260x260.jpeg 260w, https:\/\/www.cocondedecoration.com\/blog\/wp-content\/uploads\/2023\/04\/rangement-chambre-pas-cher-pratique-5-465x465.jpeg 465w\" sizes=\"(max-width: 500px) 100vw, 500px\" \/><figcaption><a rel=\"noreferrer noopener\" aria-label=\"Set 2 Bo\u00eetes TOY BOXES (s\u2019ouvre dans un nouvel onglet)\" href=\"https:\/\/tidd.ly\/40F8b7Z\" target=\"_blank\">Set 2 Bo\u00eetes TOY BOXES<\/a> - Leroy Merlin<\/figcaption><\/figure>\n\n\n\n<figure class=\"wp-block-image\"><img loading=\"lazy\" decoding=\"async\" width=\"500\" height=\"500\" src=\"https:\/\/www.cocondedecoration.com\/blog\/wp-content\/uploads\/2023\/04\/rangement-desencombrer-maison-pas-cher-deco-2.jpeg\" alt=\"rangement desencombrer maison pas cher deco Panier de rangement en polyester vert KUB 31x15x15cm\" class=\"wp-image-59159\" srcset=\"https:\/\/www.cocondedecoration.com\/blog\/wp-content\/uploads\/2023\/04\/rangement-desencombrer-maison-pas-cher-deco-2.jpeg 500w, https:\/\/www.cocondedecoration.com\/blog\/wp-content\/uploads\/2023\/04\/rangement-desencombrer-maison-pas-cher-deco-2-165x165.jpeg 165w, https:\/\/www.cocondedecoration.com\/blog\/wp-content\/uploads\/2023\/04\/rangement-desencombrer-maison-pas-cher-deco-2-260x260.jpeg 260w, https:\/\/www.cocondedecoration.com\/blog\/wp-content\/uploads\/2023\/04\/rangement-desencombrer-maison-pas-cher-deco-2-465x465.jpeg 465w\" sizes=\"(max-width: 500px) 100vw, 500px\" \/><figcaption><a rel=\"noreferrer noopener\" href=\"https:\/\/tracking.publicidees.com\/clic.php?progid=7565&amp;partid=62427&amp;dpl=https%3A%2F%2Fwww.zodio.fr%2Fpanier-rangement-polyester-s-vert-laguna-15x31x15-spaceo.html\" target=\"_blank\">Panier de rangement vert <\/a>- Z\u00f4dio<\/figcaption><\/figure>\n\n\n\n<figure class=\"wp-block-image\"><img loading=\"lazy\" decoding=\"async\" width=\"500\" height=\"500\" src=\"https:\/\/www.cocondedecoration.com\/blog\/wp-content\/uploads\/2023\/04\/desencombrer-maison-rangement-gain-de-place-pratique-9.jpeg\" alt=\"desencombrer maison rangement gain de place pratique Tiroir de rangement pour banquette\" class=\"wp-image-59179\" srcset=\"https:\/\/www.cocondedecoration.com\/blog\/wp-content\/uploads\/2023\/04\/desencombrer-maison-rangement-gain-de-place-pratique-9.jpeg 500w, https:\/\/www.cocondedecoration.com\/blog\/wp-content\/uploads\/2023\/04\/desencombrer-maison-rangement-gain-de-place-pratique-9-165x165.jpeg 165w, https:\/\/www.cocondedecoration.com\/blog\/wp-content\/uploads\/2023\/04\/desencombrer-maison-rangement-gain-de-place-pratique-9-260x260.jpeg 260w, https:\/\/www.cocondedecoration.com\/blog\/wp-content\/uploads\/2023\/04\/desencombrer-maison-rangement-gain-de-place-pratique-9-465x465.jpeg 465w\" sizes=\"(max-width: 500px) 100vw, 500px\" \/><figcaption><a href=\"https:\/\/c3po.link\/QyTMbTA6nK\" target=\"_blank\" rel=\"noreferrer noopener\" aria-label=\"Tiroir de rangement pour lit enfant  (s\u2019ouvre dans un nouvel onglet)\">Tiroir de rangement pour lit enfant <\/a>- La Redoute<\/figcaption><\/figure>\n\n\n\n<figure class=\"wp-block-image\"><img loading=\"lazy\" decoding=\"async\" width=\"500\" height=\"500\" src=\"https:\/\/www.cocondedecoration.com\/blog\/wp-content\/uploads\/2023\/04\/gain-de-place-rangement-pratique-maisons-du-monde-2.jpeg\" alt=\"gain de place rangement pratique maisons du monde chambre Sac de rangement enfant renard orange, blanc et noir\" class=\"wp-image-59188\" srcset=\"https:\/\/www.cocondedecoration.com\/blog\/wp-content\/uploads\/2023\/04\/gain-de-place-rangement-pratique-maisons-du-monde-2.jpeg 500w, https:\/\/www.cocondedecoration.com\/blog\/wp-content\/uploads\/2023\/04\/gain-de-place-rangement-pratique-maisons-du-monde-2-165x165.jpeg 165w, https:\/\/www.cocondedecoration.com\/blog\/wp-content\/uploads\/2023\/04\/gain-de-place-rangement-pratique-maisons-du-monde-2-260x260.jpeg 260w, https:\/\/www.cocondedecoration.com\/blog\/wp-content\/uploads\/2023\/04\/gain-de-place-rangement-pratique-maisons-du-monde-2-465x465.jpeg 465w\" sizes=\"(max-width: 500px) 100vw, 500px\" \/><figcaption><a href=\"https:\/\/fnty.co\/c\/r-rdKaDtGM\" target=\"_blank\" rel=\"noreferrer noopener\" aria-label=\"Sac de rangement enfant renard (s\u2019ouvre dans un nouvel onglet)\">Sac de rangement enfant renard<\/a> - Maisons du Monde<\/figcaption><\/figure>\n<\/div>\n\n\n\n<div class=\"wp-block-column is-layout-flow wp-block-column-is-layout-flow\">\n<figure class=\"wp-block-image\"><img loading=\"lazy\" decoding=\"async\" width=\"500\" height=\"500\" src=\"https:\/\/www.cocondedecoration.com\/blog\/wp-content\/uploads\/2023\/04\/rangement-chambre-pas-cher-pratique-3.jpeg\" alt=\"rangement chambre pas cher pratique Sac sous-vide Compactor Oxford gris clair\" class=\"wp-image-59140\" srcset=\"https:\/\/www.cocondedecoration.com\/blog\/wp-content\/uploads\/2023\/04\/rangement-chambre-pas-cher-pratique-3.jpeg 500w, https:\/\/www.cocondedecoration.com\/blog\/wp-content\/uploads\/2023\/04\/rangement-chambre-pas-cher-pratique-3-165x165.jpeg 165w, https:\/\/www.cocondedecoration.com\/blog\/wp-content\/uploads\/2023\/04\/rangement-chambre-pas-cher-pratique-3-260x260.jpeg 260w, https:\/\/www.cocondedecoration.com\/blog\/wp-content\/uploads\/2023\/04\/rangement-chambre-pas-cher-pratique-3-465x465.jpeg 465w\" sizes=\"(max-width: 500px) 100vw, 500px\" \/><figcaption><a rel=\"noreferrer noopener\" aria-label=\"Sac sous-vide Compactor gris clair (s\u2019ouvre dans un nouvel onglet)\" href=\"https:\/\/tidd.ly\/3Gh2Uvo\" target=\"_blank\">Sac sous-vide Compactor gris clair<\/a> - Leroy Merlin<\/figcaption><\/figure>\n\n\n\n<figure class=\"wp-block-image\"><img loading=\"lazy\" decoding=\"async\" width=\"500\" height=\"500\" src=\"https:\/\/www.cocondedecoration.com\/blog\/wp-content\/uploads\/2023\/04\/rangement-chambre-pas-cher-pratique-6.jpeg\" alt=\"rangement chambre pas cher pratique Caisse de rangement HABAU en bois naturel, empilable, en lot de 3\" class=\"wp-image-59143\" srcset=\"https:\/\/www.cocondedecoration.com\/blog\/wp-content\/uploads\/2023\/04\/rangement-chambre-pas-cher-pratique-6.jpeg 500w, https:\/\/www.cocondedecoration.com\/blog\/wp-content\/uploads\/2023\/04\/rangement-chambre-pas-cher-pratique-6-165x165.jpeg 165w, https:\/\/www.cocondedecoration.com\/blog\/wp-content\/uploads\/2023\/04\/rangement-chambre-pas-cher-pratique-6-260x260.jpeg 260w, https:\/\/www.cocondedecoration.com\/blog\/wp-content\/uploads\/2023\/04\/rangement-chambre-pas-cher-pratique-6-465x465.jpeg 465w\" sizes=\"(max-width: 500px) 100vw, 500px\" \/><figcaption><a rel=\"noreferrer noopener\" aria-label=\"Caisse de rangement en bois naturel empilable (s\u2019ouvre dans un nouvel onglet)\" href=\"https:\/\/tidd.ly\/3zqsCK5\" target=\"_blank\">Caisse de rangement en bois naturel empilable<\/a> (x3) - Leroy Merlin<\/figcaption><\/figure>\n\n\n\n<figure class=\"wp-block-image\"><img loading=\"lazy\" decoding=\"async\" width=\"500\" height=\"500\" src=\"https:\/\/www.cocondedecoration.com\/blog\/wp-content\/uploads\/2023\/04\/rangement-desencombrer-maison-pas-cher-deco-8.jpeg\" alt=\"rangement desencombrer maison pas cher deco Organiseur avec 2 compartiments coulissants en bambou 34cm\" class=\"wp-image-59160\" srcset=\"https:\/\/www.cocondedecoration.com\/blog\/wp-content\/uploads\/2023\/04\/rangement-desencombrer-maison-pas-cher-deco-8.jpeg 500w, https:\/\/www.cocondedecoration.com\/blog\/wp-content\/uploads\/2023\/04\/rangement-desencombrer-maison-pas-cher-deco-8-165x165.jpeg 165w, https:\/\/www.cocondedecoration.com\/blog\/wp-content\/uploads\/2023\/04\/rangement-desencombrer-maison-pas-cher-deco-8-260x260.jpeg 260w, https:\/\/www.cocondedecoration.com\/blog\/wp-content\/uploads\/2023\/04\/rangement-desencombrer-maison-pas-cher-deco-8-465x465.jpeg 465w\" sizes=\"(max-width: 500px) 100vw, 500px\" \/><figcaption><a rel=\"noreferrer noopener\" href=\"https:\/\/tracking.publicidees.com\/clic.php?progid=7565&amp;partid=62427&amp;dpl=https%3A%2F%2Fwww.zodio.fr%2Forganiseur-avec-2-compartiments-coulissants-en-bambou-34cm.html\" target=\"_blank\">Organiseur avec 2 compartiments coulissants<\/a>  - Z\u00f4dio<\/figcaption><\/figure>\n\n\n\n<figure class=\"wp-block-image\"><img loading=\"lazy\" decoding=\"async\" width=\"500\" height=\"500\" src=\"https:\/\/www.cocondedecoration.com\/blog\/wp-content\/uploads\/2023\/04\/desencombrer-maison-rangement-gain-de-place-pratique-10.jpeg\" alt=\"desencombrer maison rangement gain de place pratique Coffre biblioth\u00e8que \u00e0 roulettes chambre enfant\" class=\"wp-image-59180\" srcset=\"https:\/\/www.cocondedecoration.com\/blog\/wp-content\/uploads\/2023\/04\/desencombrer-maison-rangement-gain-de-place-pratique-10.jpeg 500w, https:\/\/www.cocondedecoration.com\/blog\/wp-content\/uploads\/2023\/04\/desencombrer-maison-rangement-gain-de-place-pratique-10-165x165.jpeg 165w, https:\/\/www.cocondedecoration.com\/blog\/wp-content\/uploads\/2023\/04\/desencombrer-maison-rangement-gain-de-place-pratique-10-260x260.jpeg 260w, https:\/\/www.cocondedecoration.com\/blog\/wp-content\/uploads\/2023\/04\/desencombrer-maison-rangement-gain-de-place-pratique-10-465x465.jpeg 465w\" sizes=\"(max-width: 500px) 100vw, 500px\" \/><figcaption><a href=\"https:\/\/c3po.link\/QRmRDUHEtX\" target=\"_blank\" rel=\"noreferrer noopener\" aria-label=\"Coffre biblioth\u00e8que \u00e0 roulettes (s\u2019ouvre dans un nouvel onglet)\">Coffre biblioth\u00e8que \u00e0 roulettes<\/a> - La Redoute<\/figcaption><\/figure>\n\n\n\n<figure class=\"wp-block-image\"><img loading=\"lazy\" decoding=\"async\" width=\"500\" height=\"500\" src=\"https:\/\/www.cocondedecoration.com\/blog\/wp-content\/uploads\/2023\/04\/gain-de-place-rangement-pratique-maisons-du-monde-3.jpeg\" alt=\"gain de place rangement pratique maisons du monde Chevet rangement En Mdf Laqu\u00e9 Gris chambre adulte d\u00e9co\" class=\"wp-image-59189\" srcset=\"https:\/\/www.cocondedecoration.com\/blog\/wp-content\/uploads\/2023\/04\/gain-de-place-rangement-pratique-maisons-du-monde-3.jpeg 500w, https:\/\/www.cocondedecoration.com\/blog\/wp-content\/uploads\/2023\/04\/gain-de-place-rangement-pratique-maisons-du-monde-3-165x165.jpeg 165w, https:\/\/www.cocondedecoration.com\/blog\/wp-content\/uploads\/2023\/04\/gain-de-place-rangement-pratique-maisons-du-monde-3-260x260.jpeg 260w, https:\/\/www.cocondedecoration.com\/blog\/wp-content\/uploads\/2023\/04\/gain-de-place-rangement-pratique-maisons-du-monde-3-465x465.jpeg 465w\" sizes=\"(max-width: 500px) 100vw, 500px\" \/><figcaption><a href=\"https:\/\/fnty.co\/c\/r-uoDMynaw\" target=\"_blank\" rel=\"noreferrer noopener\" aria-label=\"Chevet rangement  (s\u2019ouvre dans un nouvel onglet)\">Chevet rangement <\/a>- Maisons du Monde<\/figcaption><\/figure>\n<\/div>\n<\/div>\n\n\n\n<div style=\"height:100px\" aria-hidden=\"true\" class=\"wp-block-spacer\"><\/div>\n\n\n\n<div class=\"wp-block-columns has-2-columns is-layout-flex wp-container-core-columns-layout-5 wp-block-columns-is-layout-flex\">\n<div class=\"wp-block-column is-layout-flow wp-block-column-is-layout-flow\">\n<h2 class=\"wp-block-heading\">03 \u2022 Des rangements pratiques pour une cuisine organis\u00e9e <\/h2>\n\n\n\n<p>La cuisine fait partie des pi\u00e8ces o\u00f9 l'on aimerait pouvoir pousser les murs et cr\u00e9er plus de rangements. Ici, il y a deux mani\u00e8res pour <a href=\"https:\/\/www.cocondedecoration.com\/blog\/2023\/01\/rangement-cuisine-fonctionnelle\/\" target=\"_blank\" rel=\"noreferrer noopener\" aria-label=\"la rendre plus fonctionnelle (s\u2019ouvre dans un nouvel onglet)\">la rendre plus fonctionnelle<\/a> et mieux organis\u00e9e. On peut am\u00e9liorer le syst\u00e8me de rangement dans les placards. On peut aussi travailler les rangements visibles sur le plan de travail ou accroch\u00e9s au mur. <\/p>\n\n\n\n<p><strong>Des placards de cuisine plus fonctionnels: <\/strong><\/p>\n\n\n\n<p>Installer \u00e0 l'int\u00e9rieur des portes de placards des \u00e9tag\u00e8res filaires pour ranger les petites choses comme les pots \u00e0 \u00e9pices; <br>Utiliser un porte-couvercles pour \u00e9viter les piles instables et encombrantes sur une tablette; <br>Toujours pour \u00e9viter les piles pas tr\u00e8s pratiques, utiliser un porte-assiettes; <br>Sous le meuble \u00e9vier, installer des syst\u00e8mes coulissants pour ranger les torchons ou les boites de conservation; <br>Suspendre les tasses et les verres sur une tablette; <\/p>\n\n\n\n<p><strong>Des rangements d'appoint d\u00e9co pour la cuisine: <\/strong><\/p>\n\n\n\n<ul><li>Une jolie boite \u00e0 pain pour \u00e9viter d'avoir des miettes partout; <\/li><li>Des bocaux transparents pour ranger tout ce qui est aliments en vrac; <\/li><li>Des \u00e9tag\u00e8res murales avec ou sans crochets pour ne pas perdre de place sur le plan de travail; <\/li><\/ul>\n<\/div>\n\n\n\n<div class=\"wp-block-column is-layout-flow wp-block-column-is-layout-flow\">\n<figure class=\"wp-block-image\"><img loading=\"lazy\" decoding=\"async\" width=\"640\" height=\"960\" src=\"https:\/\/www.cocondedecoration.com\/blog\/wp-content\/uploads\/2023\/04\/solutions-ranger-desencombrer-maison-3-640x960.jpeg\" alt=\"solutions ranger desencombrer maison petite cuisine moderne en lin\u00e9aire\" class=\"wp-image-59207\" srcset=\"https:\/\/www.cocondedecoration.com\/blog\/wp-content\/uploads\/2023\/04\/solutions-ranger-desencombrer-maison-3-640x960.jpeg 640w, https:\/\/www.cocondedecoration.com\/blog\/wp-content\/uploads\/2023\/04\/solutions-ranger-desencombrer-maison-3-260x390.jpeg 260w, https:\/\/www.cocondedecoration.com\/blog\/wp-content\/uploads\/2023\/04\/solutions-ranger-desencombrer-maison-3-768x1152.jpeg 768w, https:\/\/www.cocondedecoration.com\/blog\/wp-content\/uploads\/2023\/04\/solutions-ranger-desencombrer-maison-3-367x550.jpeg 367w, https:\/\/www.cocondedecoration.com\/blog\/wp-content\/uploads\/2023\/04\/solutions-ranger-desencombrer-maison-3-333x500.jpeg 333w, https:\/\/www.cocondedecoration.com\/blog\/wp-content\/uploads\/2023\/04\/solutions-ranger-desencombrer-maison-3.jpeg 1000w\" sizes=\"(max-width: 640px) 100vw, 640px\" \/><figcaption>gardenista.com\n<\/figcaption><\/figure>\n<\/div>\n<\/div>\n\n\n\n<div class=\"wp-block-columns has-3-columns is-layout-flex wp-container-core-columns-layout-6 wp-block-columns-is-layout-flex\">\n<div class=\"wp-block-column is-layout-flow wp-block-column-is-layout-flow\">\n<figure class=\"wp-block-image\"><img loading=\"lazy\" decoding=\"async\" width=\"500\" height=\"500\" src=\"https:\/\/www.cocondedecoration.com\/blog\/wp-content\/uploads\/2023\/04\/rangement-cuisine-pas-cher-pratique-1.jpeg\" alt=\"rangement cuisine pas cher pratique Porte tasses suspendu 10 pi\u00e8ces int\u00e9rieur placard gain de place\" class=\"wp-image-59127\" srcset=\"https:\/\/www.cocondedecoration.com\/blog\/wp-content\/uploads\/2023\/04\/rangement-cuisine-pas-cher-pratique-1.jpeg 500w, https:\/\/www.cocondedecoration.com\/blog\/wp-content\/uploads\/2023\/04\/rangement-cuisine-pas-cher-pratique-1-165x165.jpeg 165w, https:\/\/www.cocondedecoration.com\/blog\/wp-content\/uploads\/2023\/04\/rangement-cuisine-pas-cher-pratique-1-260x260.jpeg 260w, https:\/\/www.cocondedecoration.com\/blog\/wp-content\/uploads\/2023\/04\/rangement-cuisine-pas-cher-pratique-1-465x465.jpeg 465w\" sizes=\"(max-width: 500px) 100vw, 500px\" \/><figcaption><a rel=\"noreferrer noopener\" aria-label=\"Porte tasses suspendu (s\u2019ouvre dans un nouvel onglet)\" href=\"https:\/\/tidd.ly\/3U8Fq18\" target=\"_blank\">Porte tasses suspendu<\/a> - Leroy Merlin<\/figcaption><\/figure>\n\n\n\n<figure class=\"wp-block-image\"><img loading=\"lazy\" decoding=\"async\" width=\"500\" height=\"500\" src=\"https:\/\/www.cocondedecoration.com\/blog\/wp-content\/uploads\/2023\/04\/rangement-cuisine-pas-cher-pratique-4.jpeg\" alt=\"rangement cuisine pas cher pratique Bo\u00eete \u00e0 pain Terrazzo m\u00e9tal\" class=\"wp-image-59130\" srcset=\"https:\/\/www.cocondedecoration.com\/blog\/wp-content\/uploads\/2023\/04\/rangement-cuisine-pas-cher-pratique-4.jpeg 500w, https:\/\/www.cocondedecoration.com\/blog\/wp-content\/uploads\/2023\/04\/rangement-cuisine-pas-cher-pratique-4-165x165.jpeg 165w, https:\/\/www.cocondedecoration.com\/blog\/wp-content\/uploads\/2023\/04\/rangement-cuisine-pas-cher-pratique-4-260x260.jpeg 260w, https:\/\/www.cocondedecoration.com\/blog\/wp-content\/uploads\/2023\/04\/rangement-cuisine-pas-cher-pratique-4-465x465.jpeg 465w\" sizes=\"(max-width: 500px) 100vw, 500px\" \/><figcaption><a rel=\"noreferrer noopener\" aria-label=\"Bo\u00eete \u00e0 pain Terrazzo m\u00e9tal (s\u2019ouvre dans un nouvel onglet)\" href=\"https:\/\/tidd.ly\/410lmjC\" target=\"_blank\">Bo\u00eete \u00e0 pain Terrazzo m\u00e9tal<\/a> - Leroy Merlin<\/figcaption><\/figure>\n\n\n\n<figure class=\"wp-block-image\"><img loading=\"lazy\" decoding=\"async\" width=\"500\" height=\"500\" src=\"https:\/\/www.cocondedecoration.com\/blog\/wp-content\/uploads\/2023\/04\/rangement-cuisine-pas-cher-pratique-7.jpeg\" alt=\"rangement cuisine pas cher pratique Porte-couvercles 1 niveau pour meuble l.40 cm\" class=\"wp-image-59133\" srcset=\"https:\/\/www.cocondedecoration.com\/blog\/wp-content\/uploads\/2023\/04\/rangement-cuisine-pas-cher-pratique-7.jpeg 500w, https:\/\/www.cocondedecoration.com\/blog\/wp-content\/uploads\/2023\/04\/rangement-cuisine-pas-cher-pratique-7-165x165.jpeg 165w, https:\/\/www.cocondedecoration.com\/blog\/wp-content\/uploads\/2023\/04\/rangement-cuisine-pas-cher-pratique-7-260x260.jpeg 260w, https:\/\/www.cocondedecoration.com\/blog\/wp-content\/uploads\/2023\/04\/rangement-cuisine-pas-cher-pratique-7-465x465.jpeg 465w\" sizes=\"(max-width: 500px) 100vw, 500px\" \/><figcaption><a rel=\"noreferrer noopener\" aria-label=\"Porte-couvercles 1 niveau pour meuble (s\u2019ouvre dans un nouvel onglet)\" href=\"https:\/\/tidd.ly\/3KuDNHL\" target=\"_blank\">Porte-couvercles 1 niveau pour meuble<\/a> - Leroy Merlin<\/figcaption><\/figure>\n\n\n\n<figure class=\"wp-block-image\"><img loading=\"lazy\" decoding=\"async\" width=\"500\" height=\"500\" src=\"https:\/\/www.cocondedecoration.com\/blog\/wp-content\/uploads\/2023\/04\/rangement-desencombrer-maison-pas-cher-deco-9.jpeg\" alt=\"rangement desencombrer maison pas cher deco Caisse pliable en plastique jaune M 42,8x29x17cm\" class=\"wp-image-59166\" srcset=\"https:\/\/www.cocondedecoration.com\/blog\/wp-content\/uploads\/2023\/04\/rangement-desencombrer-maison-pas-cher-deco-9.jpeg 500w, https:\/\/www.cocondedecoration.com\/blog\/wp-content\/uploads\/2023\/04\/rangement-desencombrer-maison-pas-cher-deco-9-165x165.jpeg 165w, https:\/\/www.cocondedecoration.com\/blog\/wp-content\/uploads\/2023\/04\/rangement-desencombrer-maison-pas-cher-deco-9-260x260.jpeg 260w, https:\/\/www.cocondedecoration.com\/blog\/wp-content\/uploads\/2023\/04\/rangement-desencombrer-maison-pas-cher-deco-9-465x465.jpeg 465w\" sizes=\"(max-width: 500px) 100vw, 500px\" \/><figcaption><a href=\"https:\/\/tracking.publicidees.com\/clic.php?progid=7565&amp;partid=62427&amp;dpl=https%3A%2F%2Fwww.zodio.fr%2Fcaisse-pliable-plastique-jaune-m.html\" target=\"_blank\" rel=\"noreferrer noopener\" aria-label=\" (s\u2019ouvre dans un nouvel onglet)\">Caisse pliable en plastique jaune M<\/a> - Z\u00f4dio<\/figcaption><\/figure>\n\n\n\n<figure class=\"wp-block-image\"><img loading=\"lazy\" decoding=\"async\" width=\"500\" height=\"500\" src=\"https:\/\/www.cocondedecoration.com\/blog\/wp-content\/uploads\/2023\/04\/rangement-desencombrer-maison-pas-cher-deco-13.jpeg\" alt=\"rangement desencombrer maison pas cher deco Caisse pliable en plastique terre-cuite S 29x21,5x12,2cm\" class=\"wp-image-59169\" srcset=\"https:\/\/www.cocondedecoration.com\/blog\/wp-content\/uploads\/2023\/04\/rangement-desencombrer-maison-pas-cher-deco-13.jpeg 500w, https:\/\/www.cocondedecoration.com\/blog\/wp-content\/uploads\/2023\/04\/rangement-desencombrer-maison-pas-cher-deco-13-165x165.jpeg 165w, https:\/\/www.cocondedecoration.com\/blog\/wp-content\/uploads\/2023\/04\/rangement-desencombrer-maison-pas-cher-deco-13-260x260.jpeg 260w, https:\/\/www.cocondedecoration.com\/blog\/wp-content\/uploads\/2023\/04\/rangement-desencombrer-maison-pas-cher-deco-13-465x465.jpeg 465w\" sizes=\"(max-width: 500px) 100vw, 500px\" \/><figcaption><a rel=\"noreferrer noopener\" href=\"https:\/\/tracking.publicidees.com\/clic.php?progid=7565&amp;partid=62427&amp;dpl=https%3A%2F%2Fwww.zodio.fr%2Fcaisse-pliable-plastique-terre-cuite-s.html\" target=\"_blank\">Caisse pliable en plastique terre-cuite S <\/a>- Z\u00f4dio<\/figcaption><\/figure>\n\n\n\n<figure class=\"wp-block-image\"><img loading=\"lazy\" decoding=\"async\" width=\"500\" height=\"500\" src=\"https:\/\/www.cocondedecoration.com\/blog\/wp-content\/uploads\/2023\/04\/gain-de-place-rangement-pratique-maisons-du-monde-4.jpeg\" alt=\"gain de place rangement pratique maisons du monde Rangement extensible pour couvercles et po\u00eales cuisine\" class=\"wp-image-59190\" srcset=\"https:\/\/www.cocondedecoration.com\/blog\/wp-content\/uploads\/2023\/04\/gain-de-place-rangement-pratique-maisons-du-monde-4.jpeg 500w, https:\/\/www.cocondedecoration.com\/blog\/wp-content\/uploads\/2023\/04\/gain-de-place-rangement-pratique-maisons-du-monde-4-165x165.jpeg 165w, https:\/\/www.cocondedecoration.com\/blog\/wp-content\/uploads\/2023\/04\/gain-de-place-rangement-pratique-maisons-du-monde-4-260x260.jpeg 260w, https:\/\/www.cocondedecoration.com\/blog\/wp-content\/uploads\/2023\/04\/gain-de-place-rangement-pratique-maisons-du-monde-4-465x465.jpeg 465w\" sizes=\"(max-width: 500px) 100vw, 500px\" \/><figcaption><a href=\"https:\/\/fnty.co\/c\/r-wbAUapoS\" target=\"_blank\" rel=\"noreferrer noopener\" aria-label=\"Rangement extensible pour couvercles et po\u00eales (s\u2019ouvre dans un nouvel onglet)\">Rangement extensible pour couvercles et po\u00eales<\/a> - Maisons du Monde<\/figcaption><\/figure>\n\n\n\n<figure class=\"wp-block-image\"><img loading=\"lazy\" decoding=\"async\" width=\"500\" height=\"500\" src=\"https:\/\/www.cocondedecoration.com\/blog\/wp-content\/uploads\/2023\/04\/gain-de-place-rangement-pratique-maisons-du-monde-7.jpeg\" alt=\"gain de place rangement pratique maisons du monde Rangement de cuisine en m\u00e9tal filaire noir plan de travail \u00e0 poser\" class=\"wp-image-59193\" srcset=\"https:\/\/www.cocondedecoration.com\/blog\/wp-content\/uploads\/2023\/04\/gain-de-place-rangement-pratique-maisons-du-monde-7.jpeg 500w, https:\/\/www.cocondedecoration.com\/blog\/wp-content\/uploads\/2023\/04\/gain-de-place-rangement-pratique-maisons-du-monde-7-165x165.jpeg 165w, https:\/\/www.cocondedecoration.com\/blog\/wp-content\/uploads\/2023\/04\/gain-de-place-rangement-pratique-maisons-du-monde-7-260x260.jpeg 260w, https:\/\/www.cocondedecoration.com\/blog\/wp-content\/uploads\/2023\/04\/gain-de-place-rangement-pratique-maisons-du-monde-7-465x465.jpeg 465w\" sizes=\"(max-width: 500px) 100vw, 500px\" \/><figcaption><a href=\"https:\/\/fnty.co\/c\/r-QXWnwVnX\" target=\"_blank\" rel=\"noreferrer noopener\" aria-label=\"Rangement de cuisine en m\u00e9tal filaire noir (s\u2019ouvre dans un nouvel onglet)\">Rangement de cuisine en m\u00e9tal filaire noir<\/a> - Maisons du Monde<\/figcaption><\/figure>\n<\/div>\n\n\n\n<div class=\"wp-block-column is-layout-flow wp-block-column-is-layout-flow\">\n<figure class=\"wp-block-image\"><img loading=\"lazy\" decoding=\"async\" width=\"500\" height=\"500\" src=\"https:\/\/www.cocondedecoration.com\/blog\/wp-content\/uploads\/2023\/04\/rangement-cuisine-pas-cher-pratique-2.jpeg\" alt=\"rangement cuisine pas cher pratique Etag\u00e8re m\u00e9tal gris \u00e9poxy DELINIA, 1 tablettes l.48xH.15xP.8.55 int\u00e9rieur porte \u00e9pices \" class=\"wp-image-59128\" srcset=\"https:\/\/www.cocondedecoration.com\/blog\/wp-content\/uploads\/2023\/04\/rangement-cuisine-pas-cher-pratique-2.jpeg 500w, https:\/\/www.cocondedecoration.com\/blog\/wp-content\/uploads\/2023\/04\/rangement-cuisine-pas-cher-pratique-2-165x165.jpeg 165w, https:\/\/www.cocondedecoration.com\/blog\/wp-content\/uploads\/2023\/04\/rangement-cuisine-pas-cher-pratique-2-260x260.jpeg 260w, https:\/\/www.cocondedecoration.com\/blog\/wp-content\/uploads\/2023\/04\/rangement-cuisine-pas-cher-pratique-2-465x465.jpeg 465w\" sizes=\"(max-width: 500px) 100vw, 500px\" \/><figcaption><a rel=\"noreferrer noopener\" aria-label=\"Etag\u00e8re m\u00e9tal gris \u00e9poxy (s\u2019ouvre dans un nouvel onglet)\" href=\"https:\/\/tidd.ly\/3GfpqVd\" target=\"_blank\">Etag\u00e8re m\u00e9tal gris \u00e9poxy<\/a> -  Leroy Merlin<\/figcaption><\/figure>\n\n\n\n<figure class=\"wp-block-image\"><img loading=\"lazy\" decoding=\"async\" width=\"500\" height=\"500\" src=\"https:\/\/www.cocondedecoration.com\/blog\/wp-content\/uploads\/2023\/04\/rangement-cuisine-pas-cher-pratique-5.jpeg\" alt=\"rangement cuisine pas cher pratique Etag\u00e8re Murale Industrielle Cuisine, Noir, Lot De 2, Avec Barre De Cr\u00e9dence Et Crochet De Suspension d\u00e9coration mur\" class=\"wp-image-59131\" srcset=\"https:\/\/www.cocondedecoration.com\/blog\/wp-content\/uploads\/2023\/04\/rangement-cuisine-pas-cher-pratique-5.jpeg 500w, https:\/\/www.cocondedecoration.com\/blog\/wp-content\/uploads\/2023\/04\/rangement-cuisine-pas-cher-pratique-5-165x165.jpeg 165w, https:\/\/www.cocondedecoration.com\/blog\/wp-content\/uploads\/2023\/04\/rangement-cuisine-pas-cher-pratique-5-260x260.jpeg 260w, https:\/\/www.cocondedecoration.com\/blog\/wp-content\/uploads\/2023\/04\/rangement-cuisine-pas-cher-pratique-5-465x465.jpeg 465w\" sizes=\"(max-width: 500px) 100vw, 500px\" \/><figcaption><a rel=\"noreferrer noopener\" aria-label=\"Etag\u00e8re Murale avec barre, cr\u00e9dence et crochets ( (s\u2019ouvre dans un nouvel onglet)\" href=\"https:\/\/tidd.ly\/3MeDKRV\" target=\"_blank\">Etag\u00e8re Murale avec barre, cr\u00e9dence et crochets <\/a>(x2) - Leroy Merlin<\/figcaption><\/figure>\n\n\n\n<figure class=\"wp-block-image\"><img loading=\"lazy\" decoding=\"async\" width=\"500\" height=\"500\" src=\"https:\/\/www.cocondedecoration.com\/blog\/wp-content\/uploads\/2023\/04\/rangement-cuisine-pas-cher-pratique-8.jpeg\" alt=\"rangement cuisine pas cher pratique Barre porte-torchon extensible pour meuble l.100 cm\" class=\"wp-image-59134\" srcset=\"https:\/\/www.cocondedecoration.com\/blog\/wp-content\/uploads\/2023\/04\/rangement-cuisine-pas-cher-pratique-8.jpeg 500w, https:\/\/www.cocondedecoration.com\/blog\/wp-content\/uploads\/2023\/04\/rangement-cuisine-pas-cher-pratique-8-165x165.jpeg 165w, https:\/\/www.cocondedecoration.com\/blog\/wp-content\/uploads\/2023\/04\/rangement-cuisine-pas-cher-pratique-8-260x260.jpeg 260w, https:\/\/www.cocondedecoration.com\/blog\/wp-content\/uploads\/2023\/04\/rangement-cuisine-pas-cher-pratique-8-465x465.jpeg 465w\" sizes=\"(max-width: 500px) 100vw, 500px\" \/><figcaption><a rel=\"noreferrer noopener\" aria-label=\"Barre porte-torchon extensible pour meuble (s\u2019ouvre dans un nouvel onglet)\" href=\"https:\/\/tidd.ly\/3MfCYUK\" target=\"_blank\">Barre porte-torchon extensible pour meuble<\/a> - Leroy Merlin<\/figcaption><\/figure>\n\n\n\n<figure class=\"wp-block-image\"><img loading=\"lazy\" decoding=\"async\" width=\"500\" height=\"500\" src=\"https:\/\/www.cocondedecoration.com\/blog\/wp-content\/uploads\/2023\/04\/rangement-desencombrer-maison-pas-cher-deco-10.jpeg\" alt=\"rangement desencombrer maison pas cher deco Etag\u00e8re d'angle en bambou avec 4 crochets 43.5X18X39cm cuisine\" class=\"wp-image-59167\" srcset=\"https:\/\/www.cocondedecoration.com\/blog\/wp-content\/uploads\/2023\/04\/rangement-desencombrer-maison-pas-cher-deco-10.jpeg 500w, https:\/\/www.cocondedecoration.com\/blog\/wp-content\/uploads\/2023\/04\/rangement-desencombrer-maison-pas-cher-deco-10-165x165.jpeg 165w, https:\/\/www.cocondedecoration.com\/blog\/wp-content\/uploads\/2023\/04\/rangement-desencombrer-maison-pas-cher-deco-10-260x260.jpeg 260w, https:\/\/www.cocondedecoration.com\/blog\/wp-content\/uploads\/2023\/04\/rangement-desencombrer-maison-pas-cher-deco-10-465x465.jpeg 465w\" sizes=\"(max-width: 500px) 100vw, 500px\" \/><figcaption><a rel=\"noreferrer noopener\" href=\"https:\/\/tracking.publicidees.com\/clic.php?progid=7565&amp;partid=62427&amp;dpl=https%3A%2F%2Fwww.zodio.fr%2Fetagere-d-angle-en-bambou-avec-4-crochets-43-5x18x39cm.html\" target=\"_blank\">Etag\u00e8re d'angle en bambou avec 4 crochets<\/a> - Z\u00f4dio<\/figcaption><\/figure>\n\n\n\n<figure class=\"wp-block-image\"><img loading=\"lazy\" decoding=\"async\" width=\"500\" height=\"500\" src=\"https:\/\/www.cocondedecoration.com\/blog\/wp-content\/uploads\/2023\/04\/desencombrer-maison-rangement-gain-de-place-pratique-11.jpeg\" alt=\"desencombrer maison rangement gain de place pratique Etag\u00e8re rangement plan de travail bambou\" class=\"wp-image-59181\" srcset=\"https:\/\/www.cocondedecoration.com\/blog\/wp-content\/uploads\/2023\/04\/desencombrer-maison-rangement-gain-de-place-pratique-11.jpeg 500w, https:\/\/www.cocondedecoration.com\/blog\/wp-content\/uploads\/2023\/04\/desencombrer-maison-rangement-gain-de-place-pratique-11-165x165.jpeg 165w, https:\/\/www.cocondedecoration.com\/blog\/wp-content\/uploads\/2023\/04\/desencombrer-maison-rangement-gain-de-place-pratique-11-260x260.jpeg 260w, https:\/\/www.cocondedecoration.com\/blog\/wp-content\/uploads\/2023\/04\/desencombrer-maison-rangement-gain-de-place-pratique-11-465x465.jpeg 465w\" sizes=\"(max-width: 500px) 100vw, 500px\" \/><figcaption><a href=\"https:\/\/c3po.link\/Qyn2pHp9mp\" target=\"_blank\" rel=\"noreferrer noopener\" aria-label=\"Etag\u00e8re rangement plan de travail bambou (s\u2019ouvre dans un nouvel onglet)\">Etag\u00e8re rangement plan de travail bambou<\/a> - La Redoute<\/figcaption><\/figure>\n\n\n\n<figure class=\"wp-block-image\"><img loading=\"lazy\" decoding=\"async\" width=\"500\" height=\"500\" src=\"https:\/\/www.cocondedecoration.com\/blog\/wp-content\/uploads\/2023\/04\/gain-de-place-rangement-pratique-maisons-du-monde-5.jpeg\" alt=\"gain de place rangement pratique maisons du monde Rangement mural en m\u00e9tal blanc cuisine d\u00e9coration\" class=\"wp-image-59191\" srcset=\"https:\/\/www.cocondedecoration.com\/blog\/wp-content\/uploads\/2023\/04\/gain-de-place-rangement-pratique-maisons-du-monde-5.jpeg 500w, https:\/\/www.cocondedecoration.com\/blog\/wp-content\/uploads\/2023\/04\/gain-de-place-rangement-pratique-maisons-du-monde-5-165x165.jpeg 165w, https:\/\/www.cocondedecoration.com\/blog\/wp-content\/uploads\/2023\/04\/gain-de-place-rangement-pratique-maisons-du-monde-5-260x260.jpeg 260w, https:\/\/www.cocondedecoration.com\/blog\/wp-content\/uploads\/2023\/04\/gain-de-place-rangement-pratique-maisons-du-monde-5-465x465.jpeg 465w\" sizes=\"(max-width: 500px) 100vw, 500px\" \/><figcaption><a href=\"https:\/\/fnty.co\/c\/r-QpzMJfHV\" target=\"_blank\" rel=\"noreferrer noopener\" aria-label=\"Rangement mural en m\u00e9tal blanc (s\u2019ouvre dans un nouvel onglet)\">Rangement mural en m\u00e9tal blanc<\/a> - Maisons du Monde<\/figcaption><\/figure>\n\n\n\n<figure class=\"wp-block-image\"><img loading=\"lazy\" decoding=\"async\" width=\"500\" height=\"500\" src=\"https:\/\/www.cocondedecoration.com\/blog\/wp-content\/uploads\/2023\/04\/gain-de-place-rangement-pratique-maisons-du-monde-8.jpeg\" alt=\"gain de place rangement pratique maisons du monde Rangement de cuisine en m\u00e9tal vert c\u00e9ladon avec anse d\u00e9co\" class=\"wp-image-59194\" srcset=\"https:\/\/www.cocondedecoration.com\/blog\/wp-content\/uploads\/2023\/04\/gain-de-place-rangement-pratique-maisons-du-monde-8.jpeg 500w, https:\/\/www.cocondedecoration.com\/blog\/wp-content\/uploads\/2023\/04\/gain-de-place-rangement-pratique-maisons-du-monde-8-165x165.jpeg 165w, https:\/\/www.cocondedecoration.com\/blog\/wp-content\/uploads\/2023\/04\/gain-de-place-rangement-pratique-maisons-du-monde-8-260x260.jpeg 260w, https:\/\/www.cocondedecoration.com\/blog\/wp-content\/uploads\/2023\/04\/gain-de-place-rangement-pratique-maisons-du-monde-8-465x465.jpeg 465w\" sizes=\"(max-width: 500px) 100vw, 500px\" \/><figcaption><a href=\"https:\/\/fnty.co\/c\/r-BUBnwaXd\" target=\"_blank\" rel=\"noreferrer noopener\" aria-label=\"Rangement de cuisine en m\u00e9tal vert c\u00e9ladon (s\u2019ouvre dans un nouvel onglet)\">Rangement de cuisine en m\u00e9tal vert c\u00e9ladon<\/a> - Maisons du Monde<\/figcaption><\/figure>\n<\/div>\n\n\n\n<div class=\"wp-block-column is-layout-flow wp-block-column-is-layout-flow\">\n<figure class=\"wp-block-image\"><img loading=\"lazy\" decoding=\"async\" width=\"500\" height=\"500\" src=\"https:\/\/www.cocondedecoration.com\/blog\/wp-content\/uploads\/2023\/04\/rangement-cuisine-pas-cher-pratique-3.jpeg\" alt=\"rangement cuisine pas cher pratique Bocal en verre et bois empilable X3 z\u00e9ro d\u00e9chet \u00e9tag\u00e8res \" class=\"wp-image-59129\" srcset=\"https:\/\/www.cocondedecoration.com\/blog\/wp-content\/uploads\/2023\/04\/rangement-cuisine-pas-cher-pratique-3.jpeg 500w, https:\/\/www.cocondedecoration.com\/blog\/wp-content\/uploads\/2023\/04\/rangement-cuisine-pas-cher-pratique-3-165x165.jpeg 165w, https:\/\/www.cocondedecoration.com\/blog\/wp-content\/uploads\/2023\/04\/rangement-cuisine-pas-cher-pratique-3-260x260.jpeg 260w, https:\/\/www.cocondedecoration.com\/blog\/wp-content\/uploads\/2023\/04\/rangement-cuisine-pas-cher-pratique-3-465x465.jpeg 465w\" sizes=\"(max-width: 500px) 100vw, 500px\" \/><figcaption><a rel=\"noreferrer noopener\" aria-label=\"Bocal en verre et bois empilable X3 (s\u2019ouvre dans un nouvel onglet)\" href=\"https:\/\/tidd.ly\/3KrE1PX\" target=\"_blank\">Bocal en verre et bois empilable X3<\/a> - Leroy Merlin<\/figcaption><\/figure>\n\n\n\n<figure class=\"wp-block-image\"><img loading=\"lazy\" decoding=\"async\" width=\"500\" height=\"500\" src=\"https:\/\/www.cocondedecoration.com\/blog\/wp-content\/uploads\/2023\/04\/rangement-cuisine-pas-cher-pratique-6.jpeg\" alt=\"rangement cuisine pas cher pratique Porte-assiettes range-couvert pour meuble l.40 cm\" class=\"wp-image-59132\" srcset=\"https:\/\/www.cocondedecoration.com\/blog\/wp-content\/uploads\/2023\/04\/rangement-cuisine-pas-cher-pratique-6.jpeg 500w, https:\/\/www.cocondedecoration.com\/blog\/wp-content\/uploads\/2023\/04\/rangement-cuisine-pas-cher-pratique-6-165x165.jpeg 165w, https:\/\/www.cocondedecoration.com\/blog\/wp-content\/uploads\/2023\/04\/rangement-cuisine-pas-cher-pratique-6-260x260.jpeg 260w, https:\/\/www.cocondedecoration.com\/blog\/wp-content\/uploads\/2023\/04\/rangement-cuisine-pas-cher-pratique-6-465x465.jpeg 465w\" sizes=\"(max-width: 500px) 100vw, 500px\" \/><figcaption><a rel=\"noreferrer noopener\" aria-label=\"Porte-assiettes pour meuble (s\u2019ouvre dans un nouvel onglet)\" href=\"https:\/\/tidd.ly\/3K9xJ65\" target=\"_blank\">Porte-assiettes pour meuble<\/a> - Leroy Merlin<\/figcaption><\/figure>\n\n\n\n<figure class=\"wp-block-image\"><img loading=\"lazy\" decoding=\"async\" width=\"500\" height=\"500\" src=\"https:\/\/www.cocondedecoration.com\/blog\/wp-content\/uploads\/2023\/04\/rangement-desencombrer-maison-pas-cher-deco-7.jpeg\" alt=\"rangement desencombrer maison pas cher deco Organiseur de placard en acrylique Linus grand mod\u00e8le\" class=\"wp-image-59165\" srcset=\"https:\/\/www.cocondedecoration.com\/blog\/wp-content\/uploads\/2023\/04\/rangement-desencombrer-maison-pas-cher-deco-7.jpeg 500w, https:\/\/www.cocondedecoration.com\/blog\/wp-content\/uploads\/2023\/04\/rangement-desencombrer-maison-pas-cher-deco-7-165x165.jpeg 165w, https:\/\/www.cocondedecoration.com\/blog\/wp-content\/uploads\/2023\/04\/rangement-desencombrer-maison-pas-cher-deco-7-260x260.jpeg 260w, https:\/\/www.cocondedecoration.com\/blog\/wp-content\/uploads\/2023\/04\/rangement-desencombrer-maison-pas-cher-deco-7-465x465.jpeg 465w\" sizes=\"(max-width: 500px) 100vw, 500px\" \/><figcaption><a rel=\"noreferrer noopener\" href=\"https:\/\/tracking.publicidees.com\/clic.php?progid=7565&amp;partid=62427&amp;dpl=https%3A%2F%2Fwww.zodio.fr%2Finterdesign-organiseur-de-placard-en-acrylique-linus-grand-modele.html\" target=\"_blank\">Organiseur de placard grand mod\u00e8le<\/a> - Z\u00f4dio<\/figcaption><\/figure>\n\n\n\n<figure class=\"wp-block-image\"><img loading=\"lazy\" decoding=\"async\" width=\"500\" height=\"500\" src=\"https:\/\/www.cocondedecoration.com\/blog\/wp-content\/uploads\/2023\/04\/rangement-desencombrer-maison-pas-cher-deco-12.jpeg\" alt=\"rangement desencombrer maison pas cher deco Etag\u00e8re coulissante pour placard \u00e0 2 niveaux 45x23x45 cm cuisine meuble int\u00e9rieur\" class=\"wp-image-59168\" srcset=\"https:\/\/www.cocondedecoration.com\/blog\/wp-content\/uploads\/2023\/04\/rangement-desencombrer-maison-pas-cher-deco-12.jpeg 500w, https:\/\/www.cocondedecoration.com\/blog\/wp-content\/uploads\/2023\/04\/rangement-desencombrer-maison-pas-cher-deco-12-165x165.jpeg 165w, https:\/\/www.cocondedecoration.com\/blog\/wp-content\/uploads\/2023\/04\/rangement-desencombrer-maison-pas-cher-deco-12-260x260.jpeg 260w, https:\/\/www.cocondedecoration.com\/blog\/wp-content\/uploads\/2023\/04\/rangement-desencombrer-maison-pas-cher-deco-12-465x465.jpeg 465w\" sizes=\"(max-width: 500px) 100vw, 500px\" \/><figcaption><a rel=\"noreferrer noopener\" href=\"https:\/\/tracking.publicidees.com\/clic.php?progid=7565&amp;partid=62427&amp;dpl=https%3A%2F%2Fwww.zodio.fr%2Fwenko-etagere-coulissante-pour-placard-a-2-niveaux-45x23x45-cm.html\" target=\"_blank\">Etag\u00e8re coulissante pour placard \u00e0 2 niveaux<\/a> - Z\u00f4dio<\/figcaption><\/figure>\n\n\n\n<figure class=\"wp-block-image\"><img loading=\"lazy\" decoding=\"async\" width=\"500\" height=\"500\" src=\"https:\/\/www.cocondedecoration.com\/blog\/wp-content\/uploads\/2023\/04\/desencombrer-maison-rangement-gain-de-place-pratique-12.jpeg\" alt=\"desencombrer maison rangement gain de place pratique Etag\u00e8re rangement cuisine m\u00e9tal noir\" class=\"wp-image-59182\" srcset=\"https:\/\/www.cocondedecoration.com\/blog\/wp-content\/uploads\/2023\/04\/desencombrer-maison-rangement-gain-de-place-pratique-12.jpeg 500w, https:\/\/www.cocondedecoration.com\/blog\/wp-content\/uploads\/2023\/04\/desencombrer-maison-rangement-gain-de-place-pratique-12-165x165.jpeg 165w, https:\/\/www.cocondedecoration.com\/blog\/wp-content\/uploads\/2023\/04\/desencombrer-maison-rangement-gain-de-place-pratique-12-260x260.jpeg 260w, https:\/\/www.cocondedecoration.com\/blog\/wp-content\/uploads\/2023\/04\/desencombrer-maison-rangement-gain-de-place-pratique-12-465x465.jpeg 465w\" sizes=\"(max-width: 500px) 100vw, 500px\" \/><figcaption><a href=\"https:\/\/c3po.link\/QweudMEbAC\" target=\"_blank\" rel=\"noreferrer noopener\" aria-label=\"Etag\u00e8re rangement cuisine m\u00e9tal - (s\u2019ouvre dans un nouvel onglet)\">Etag\u00e8re rangement cuisine m\u00e9tal -<\/a> La Redoute<\/figcaption><\/figure>\n\n\n\n<figure class=\"wp-block-image\"><img loading=\"lazy\" decoding=\"async\" width=\"500\" height=\"500\" src=\"https:\/\/www.cocondedecoration.com\/blog\/wp-content\/uploads\/2023\/04\/gain-de-place-rangement-pratique-maisons-du-monde-6.jpeg\" alt=\"gain de place rangement pratique maisons du monde Rangement de cuisine en m\u00e9tal cr\u00e8me\" class=\"wp-image-59192\" srcset=\"https:\/\/www.cocondedecoration.com\/blog\/wp-content\/uploads\/2023\/04\/gain-de-place-rangement-pratique-maisons-du-monde-6.jpeg 500w, https:\/\/www.cocondedecoration.com\/blog\/wp-content\/uploads\/2023\/04\/gain-de-place-rangement-pratique-maisons-du-monde-6-165x165.jpeg 165w, https:\/\/www.cocondedecoration.com\/blog\/wp-content\/uploads\/2023\/04\/gain-de-place-rangement-pratique-maisons-du-monde-6-260x260.jpeg 260w, https:\/\/www.cocondedecoration.com\/blog\/wp-content\/uploads\/2023\/04\/gain-de-place-rangement-pratique-maisons-du-monde-6-465x465.jpeg 465w\" sizes=\"(max-width: 500px) 100vw, 500px\" \/><figcaption><a href=\"https:\/\/fnty.co\/c\/r-xpmzKjGt\" target=\"_blank\" rel=\"noreferrer noopener\" aria-label=\"Rangement de cuisine en m\u00e9tal cr\u00e8me (s\u2019ouvre dans un nouvel onglet)\">Rangement de cuisine en m\u00e9tal cr\u00e8me<\/a> - Maisons du Monde<\/figcaption><\/figure>\n\n\n\n<figure class=\"wp-block-image\"><img loading=\"lazy\" decoding=\"async\" width=\"500\" height=\"500\" src=\"https:\/\/www.cocondedecoration.com\/blog\/wp-content\/uploads\/2023\/04\/gain-de-place-rangement-pratique-maisons-du-monde-9.jpeg\" alt=\"gain de place rangement pratique maisons du monde Rangement en m\u00e9tal gris et bois de sapin \" class=\"wp-image-59195\" srcset=\"https:\/\/www.cocondedecoration.com\/blog\/wp-content\/uploads\/2023\/04\/gain-de-place-rangement-pratique-maisons-du-monde-9.jpeg 500w, https:\/\/www.cocondedecoration.com\/blog\/wp-content\/uploads\/2023\/04\/gain-de-place-rangement-pratique-maisons-du-monde-9-165x165.jpeg 165w, https:\/\/www.cocondedecoration.com\/blog\/wp-content\/uploads\/2023\/04\/gain-de-place-rangement-pratique-maisons-du-monde-9-260x260.jpeg 260w, https:\/\/www.cocondedecoration.com\/blog\/wp-content\/uploads\/2023\/04\/gain-de-place-rangement-pratique-maisons-du-monde-9-465x465.jpeg 465w\" sizes=\"(max-width: 500px) 100vw, 500px\" \/><figcaption><a href=\"https:\/\/fnty.co\/c\/r-JOiBmZiN\" target=\"_blank\" rel=\"noreferrer noopener\" aria-label=\"Rangement en m\u00e9tal gris et bois de sapin (s\u2019ouvre dans un nouvel onglet)\">Rangement en m\u00e9tal gris et bois de sapin<\/a> - Maisons du Monde<\/figcaption><\/figure>\n<\/div>\n<\/div>\n\n\n\n<div style=\"height:100px\" aria-hidden=\"true\" class=\"wp-block-spacer\"><\/div>\n\n\n\n<div class=\"wp-block-columns has-2-columns is-layout-flex wp-container-core-columns-layout-7 wp-block-columns-is-layout-flex\">\n<div class=\"wp-block-column is-layout-flow wp-block-column-is-layout-flow\">\n<h2 class=\"wp-block-heading\">04 \u2022 Une salle de bain plus pratique au quotidien<\/h2>\n\n\n\n<p>Il n'est pas forc\u00e9ment n\u00e9cessaire d'ajouter des meubles pour avoir une salle de bain plus pratique surtout que c'est souvent une pi\u00e8ce dans laquelle on a le sentiment de manquer de place. Comme pour le salon, je vous conseille plut\u00f4t de chercher \u00e0 donner une place \u00e0 chaque chose. (Et finir tous les flacons de gel douche et de shampoing - clin d'oeil \u00e0 mon conjoint, si \u00e7a pouvait l'inspirer...) <\/p>\n\n\n\n<p><strong>Quelles solutions d'appoint pour une salle de bain mieux rang\u00e9e: <\/strong><\/p>\n\n\n\n<p>Des rangements dans la cabine de douche et la baignoire. Certaines solutions sont \u00e0 suspendre ou \u00e0 ventouse, pas besoin de percer le carrelage mural; <br>Des paniers et oganisateurs de tiroir parce que la salle de bain est compos\u00e9e d'un tas de petits objets et flacons qui se perdent facilement au fond d'un tiroir ou sur une tablette; <br>Un bac \u00e0 linge sale adapt\u00e9 \u00e0 la taille de votre salle de bain; <br>Un meuble au dessus des toilettes pour avoir plus d'espace de rangement pour les rouleaux de papier toilette ou encore les produits d'entretien;  <\/p>\n\n\n\n<p>A lire aussi: <a href=\"https:\/\/www.cocondedecoration.com\/blog\/2022\/10\/ou-trouver-rangement-salle-de-bain\/\" target=\"_blank\" rel=\"noreferrer noopener\" aria-label=\"O\u00f9 trouver des petits rangements d\u00e9co pour la salle de bain?  (s\u2019ouvre dans un nouvel onglet)\">O\u00f9 trouver des petits rangements d\u00e9co pour la salle de bain? <\/a><\/p>\n<\/div>\n\n\n\n<div class=\"wp-block-column is-layout-flow wp-block-column-is-layout-flow\">\n<figure class=\"wp-block-image\"><img loading=\"lazy\" decoding=\"async\" width=\"640\" height=\"960\" src=\"https:\/\/www.cocondedecoration.com\/blog\/wp-content\/uploads\/2023\/04\/solutions-ranger-desencombrer-maison-4-640x960.jpeg\" alt=\"solutions ranger desencombrer maison petite salle de bain moderne rangement pas cher\" class=\"wp-image-59208\" srcset=\"https:\/\/www.cocondedecoration.com\/blog\/wp-content\/uploads\/2023\/04\/solutions-ranger-desencombrer-maison-4-640x960.jpeg 640w, https:\/\/www.cocondedecoration.com\/blog\/wp-content\/uploads\/2023\/04\/solutions-ranger-desencombrer-maison-4-260x390.jpeg 260w, https:\/\/www.cocondedecoration.com\/blog\/wp-content\/uploads\/2023\/04\/solutions-ranger-desencombrer-maison-4-768x1152.jpeg 768w, https:\/\/www.cocondedecoration.com\/blog\/wp-content\/uploads\/2023\/04\/solutions-ranger-desencombrer-maison-4-367x550.jpeg 367w, https:\/\/www.cocondedecoration.com\/blog\/wp-content\/uploads\/2023\/04\/solutions-ranger-desencombrer-maison-4-333x500.jpeg 333w, https:\/\/www.cocondedecoration.com\/blog\/wp-content\/uploads\/2023\/04\/solutions-ranger-desencombrer-maison-4.jpeg 1000w\" sizes=\"(max-width: 640px) 100vw, 640px\" \/><figcaption>domino.com\n<\/figcaption><\/figure>\n<\/div>\n<\/div>\n\n\n\n<div class=\"wp-block-columns has-3-columns is-layout-flex wp-container-core-columns-layout-8 wp-block-columns-is-layout-flex\">\n<div class=\"wp-block-column is-layout-flow wp-block-column-is-layout-flow\">\n<figure class=\"wp-block-image\"><img loading=\"lazy\" decoding=\"async\" width=\"500\" height=\"500\" src=\"https:\/\/www.cocondedecoration.com\/blog\/wp-content\/uploads\/2023\/04\/rangement-salle-de-bain-pas-cher-pratique-1.jpeg\" alt=\"rangement salle de bain pas cher pratique rangement salle de bain pas cher pratique Panier de bain \/ douche a visser, noir\" class=\"wp-image-59144\" srcset=\"https:\/\/www.cocondedecoration.com\/blog\/wp-content\/uploads\/2023\/04\/rangement-salle-de-bain-pas-cher-pratique-1.jpeg 500w, https:\/\/www.cocondedecoration.com\/blog\/wp-content\/uploads\/2023\/04\/rangement-salle-de-bain-pas-cher-pratique-1-165x165.jpeg 165w, https:\/\/www.cocondedecoration.com\/blog\/wp-content\/uploads\/2023\/04\/rangement-salle-de-bain-pas-cher-pratique-1-260x260.jpeg 260w, https:\/\/www.cocondedecoration.com\/blog\/wp-content\/uploads\/2023\/04\/rangement-salle-de-bain-pas-cher-pratique-1-465x465.jpeg 465w\" sizes=\"(max-width: 500px) 100vw, 500px\" \/><figcaption><a rel=\"noreferrer noopener\" aria-label=\"Panier de bain \/ douche a visser noir  (s\u2019ouvre dans un nouvel onglet)\" href=\"https:\/\/tidd.ly\/4349Qp9\" target=\"_blank\">Panier de bain \/ douche a visser noir <\/a>- Leroy Merlin<\/figcaption><\/figure>\n\n\n\n<figure class=\"wp-block-image\"><img loading=\"lazy\" decoding=\"async\" width=\"500\" height=\"500\" src=\"https:\/\/www.cocondedecoration.com\/blog\/wp-content\/uploads\/2023\/04\/rangement-desencombrer-maison-pas-cher-deco-3.jpeg\" alt=\"rangement desencombrer maison pas cher deco Panier \u00e0 linge motif sapin avec housse\" class=\"wp-image-59161\" srcset=\"https:\/\/www.cocondedecoration.com\/blog\/wp-content\/uploads\/2023\/04\/rangement-desencombrer-maison-pas-cher-deco-3.jpeg 500w, https:\/\/www.cocondedecoration.com\/blog\/wp-content\/uploads\/2023\/04\/rangement-desencombrer-maison-pas-cher-deco-3-165x165.jpeg 165w, https:\/\/www.cocondedecoration.com\/blog\/wp-content\/uploads\/2023\/04\/rangement-desencombrer-maison-pas-cher-deco-3-260x260.jpeg 260w, https:\/\/www.cocondedecoration.com\/blog\/wp-content\/uploads\/2023\/04\/rangement-desencombrer-maison-pas-cher-deco-3-465x465.jpeg 465w\" sizes=\"(max-width: 500px) 100vw, 500px\" \/><figcaption><a rel=\"noreferrer noopener\" href=\"https:\/\/tracking.publicidees.com\/clic.php?progid=7565&amp;partid=62427&amp;dpl=https%3A%2F%2Fwww.zodio.fr%2Fpanier-a-linge-motif-sapin-avec-housse-40x40x50cm.html\" target=\"_blank\">Panier \u00e0 linge motif sapin avec housse<\/a>- Z\u00f4dio<\/figcaption><\/figure>\n\n\n\n<figure class=\"wp-block-image\"><img loading=\"lazy\" decoding=\"async\" width=\"500\" height=\"500\" src=\"https:\/\/www.cocondedecoration.com\/blog\/wp-content\/uploads\/2023\/04\/desencombrer-maison-rangement-gain-de-place-pratique-13.jpeg\" alt=\"desencombrer maison rangement gain de place pratique salle de bain toilettes Pont de rangement \u00e9tag\u00e8re WC en m\u00e9tal\" class=\"wp-image-59183\" srcset=\"https:\/\/www.cocondedecoration.com\/blog\/wp-content\/uploads\/2023\/04\/desencombrer-maison-rangement-gain-de-place-pratique-13.jpeg 500w, https:\/\/www.cocondedecoration.com\/blog\/wp-content\/uploads\/2023\/04\/desencombrer-maison-rangement-gain-de-place-pratique-13-165x165.jpeg 165w, https:\/\/www.cocondedecoration.com\/blog\/wp-content\/uploads\/2023\/04\/desencombrer-maison-rangement-gain-de-place-pratique-13-260x260.jpeg 260w, https:\/\/www.cocondedecoration.com\/blog\/wp-content\/uploads\/2023\/04\/desencombrer-maison-rangement-gain-de-place-pratique-13-465x465.jpeg 465w\" sizes=\"(max-width: 500px) 100vw, 500px\" \/><figcaption><a href=\"https:\/\/c3po.link\/QCMdHHtuYj\" target=\"_blank\" rel=\"noreferrer noopener\" aria-label=\"Pont de rangement \u00e9tag\u00e8re WC en m\u00e9tal (s\u2019ouvre dans un nouvel onglet)\">Pont de rangement \u00e9tag\u00e8re WC en m\u00e9tal<\/a> - La Redoute<\/figcaption><\/figure>\n\n\n\n<figure class=\"wp-block-image\"><img loading=\"lazy\" decoding=\"async\" width=\"500\" height=\"500\" src=\"https:\/\/www.cocondedecoration.com\/blog\/wp-content\/uploads\/2023\/04\/gain-de-place-rangement-pratique-maisons-du-monde-13.jpeg\" alt=\"gain de place rangement pratique maisons du monde Rangement maquillage bambou 4 tiroirs acrylique salle de bain\" class=\"wp-image-59201\" srcset=\"https:\/\/www.cocondedecoration.com\/blog\/wp-content\/uploads\/2023\/04\/gain-de-place-rangement-pratique-maisons-du-monde-13.jpeg 500w, https:\/\/www.cocondedecoration.com\/blog\/wp-content\/uploads\/2023\/04\/gain-de-place-rangement-pratique-maisons-du-monde-13-165x165.jpeg 165w, https:\/\/www.cocondedecoration.com\/blog\/wp-content\/uploads\/2023\/04\/gain-de-place-rangement-pratique-maisons-du-monde-13-260x260.jpeg 260w, https:\/\/www.cocondedecoration.com\/blog\/wp-content\/uploads\/2023\/04\/gain-de-place-rangement-pratique-maisons-du-monde-13-465x465.jpeg 465w\" sizes=\"(max-width: 500px) 100vw, 500px\" \/><figcaption><a href=\"https:\/\/fnty.co\/c\/r-blneutiI\" target=\"_blank\" rel=\"noreferrer noopener\" aria-label=\"Rangement maquillage bambou 4 tiroirs (s\u2019ouvre dans un nouvel onglet)\">Rangement maquillage bambou 4 tiroirs<\/a> - Maisons du Monde<\/figcaption><\/figure>\n<\/div>\n\n\n\n<div class=\"wp-block-column is-layout-flow wp-block-column-is-layout-flow\">\n<figure class=\"wp-block-image\"><img loading=\"lazy\" decoding=\"async\" width=\"500\" height=\"500\" src=\"https:\/\/www.cocondedecoration.com\/blog\/wp-content\/uploads\/2023\/04\/rangement-salle-de-bain-pas-cher-pratique-2.jpeg\" alt=\"rangement salle de bain pas cher pratique \u00c9tag\u00e8re de bain et douche double a suspendre, bambou\" class=\"wp-image-59145\" srcset=\"https:\/\/www.cocondedecoration.com\/blog\/wp-content\/uploads\/2023\/04\/rangement-salle-de-bain-pas-cher-pratique-2.jpeg 500w, https:\/\/www.cocondedecoration.com\/blog\/wp-content\/uploads\/2023\/04\/rangement-salle-de-bain-pas-cher-pratique-2-165x165.jpeg 165w, https:\/\/www.cocondedecoration.com\/blog\/wp-content\/uploads\/2023\/04\/rangement-salle-de-bain-pas-cher-pratique-2-260x260.jpeg 260w, https:\/\/www.cocondedecoration.com\/blog\/wp-content\/uploads\/2023\/04\/rangement-salle-de-bain-pas-cher-pratique-2-465x465.jpeg 465w\" sizes=\"(max-width: 500px) 100vw, 500px\" \/><figcaption><a rel=\"noreferrer noopener\" aria-label=\"\u00c9tag\u00e8re \u00e0 suspendre en bambou (s\u2019ouvre dans un nouvel onglet)\" href=\"https:\/\/tidd.ly\/3nH3Um6\" target=\"_blank\">\u00c9tag\u00e8re \u00e0 suspendre en bambou<\/a> - Leroy Merlin<\/figcaption><\/figure>\n\n\n\n<figure class=\"wp-block-image\"><img loading=\"lazy\" decoding=\"async\" width=\"500\" height=\"500\" src=\"https:\/\/www.cocondedecoration.com\/blog\/wp-content\/uploads\/2023\/04\/rangement-desencombrer-maison-pas-cher-deco-4.jpeg\" alt=\"rangement desencombrer maison pas cher deco Panier \u00e0 linge \u00e0 roulettes en tissu gris Laundry 40L pas large pratique gain de place\" class=\"wp-image-59162\" srcset=\"https:\/\/www.cocondedecoration.com\/blog\/wp-content\/uploads\/2023\/04\/rangement-desencombrer-maison-pas-cher-deco-4.jpeg 500w, https:\/\/www.cocondedecoration.com\/blog\/wp-content\/uploads\/2023\/04\/rangement-desencombrer-maison-pas-cher-deco-4-165x165.jpeg 165w, https:\/\/www.cocondedecoration.com\/blog\/wp-content\/uploads\/2023\/04\/rangement-desencombrer-maison-pas-cher-deco-4-260x260.jpeg 260w, https:\/\/www.cocondedecoration.com\/blog\/wp-content\/uploads\/2023\/04\/rangement-desencombrer-maison-pas-cher-deco-4-465x465.jpeg 465w\" sizes=\"(max-width: 500px) 100vw, 500px\" \/><figcaption><a rel=\"noreferrer noopener\" href=\"https:\/\/tracking.publicidees.com\/clic.php?progid=7565&amp;partid=62427&amp;dpl=https%3A%2F%2Fwww.zodio.fr%2Fpanier-a-linge-40l-laundry-a-roulettes.html\" target=\"_blank\">Panier \u00e0 linge \u00e0 roulettes 40L<\/a> - Z\u00f4dio<\/figcaption><\/figure>\n\n\n\n<figure class=\"wp-block-image\"><img loading=\"lazy\" decoding=\"async\" width=\"500\" height=\"500\" src=\"https:\/\/www.cocondedecoration.com\/blog\/wp-content\/uploads\/2023\/04\/desencombrer-maison-rangement-gain-de-place-pratique-14.jpeg\" alt=\"desencombrer maison rangement gain de place pratique \u00c9tag\u00e8re \u00e0 poser rangement salle de bains 3 tablettes bois\" class=\"wp-image-59184\" srcset=\"https:\/\/www.cocondedecoration.com\/blog\/wp-content\/uploads\/2023\/04\/desencombrer-maison-rangement-gain-de-place-pratique-14.jpeg 500w, https:\/\/www.cocondedecoration.com\/blog\/wp-content\/uploads\/2023\/04\/desencombrer-maison-rangement-gain-de-place-pratique-14-165x165.jpeg 165w, https:\/\/www.cocondedecoration.com\/blog\/wp-content\/uploads\/2023\/04\/desencombrer-maison-rangement-gain-de-place-pratique-14-260x260.jpeg 260w, https:\/\/www.cocondedecoration.com\/blog\/wp-content\/uploads\/2023\/04\/desencombrer-maison-rangement-gain-de-place-pratique-14-465x465.jpeg 465w\" sizes=\"(max-width: 500px) 100vw, 500px\" \/><figcaption><a href=\"https:\/\/c3po.link\/QhZYHYvqsY\" target=\"_blank\" rel=\"noreferrer noopener\" aria-label=\"\u00c9tag\u00e8re \u00e0 poser rangement salle de bains  (s\u2019ouvre dans un nouvel onglet)\">\u00c9tag\u00e8re \u00e0 poser rangement salle de bains <\/a>- La Redoute<\/figcaption><\/figure>\n\n\n\n<figure class=\"wp-block-image\"><img loading=\"lazy\" decoding=\"async\" width=\"500\" height=\"500\" src=\"https:\/\/www.cocondedecoration.com\/blog\/wp-content\/uploads\/2023\/04\/gain-de-place-rangement-pratique-maisons-du-monde-15.jpeg\" alt=\"gain de place rangement pratique maisons du monde Bo\u00eete \u00e0 bijoux en su\u00e9dine beige\" class=\"wp-image-59202\" srcset=\"https:\/\/www.cocondedecoration.com\/blog\/wp-content\/uploads\/2023\/04\/gain-de-place-rangement-pratique-maisons-du-monde-15.jpeg 500w, https:\/\/www.cocondedecoration.com\/blog\/wp-content\/uploads\/2023\/04\/gain-de-place-rangement-pratique-maisons-du-monde-15-165x165.jpeg 165w, https:\/\/www.cocondedecoration.com\/blog\/wp-content\/uploads\/2023\/04\/gain-de-place-rangement-pratique-maisons-du-monde-15-260x260.jpeg 260w, https:\/\/www.cocondedecoration.com\/blog\/wp-content\/uploads\/2023\/04\/gain-de-place-rangement-pratique-maisons-du-monde-15-465x465.jpeg 465w\" sizes=\"(max-width: 500px) 100vw, 500px\" \/><figcaption><a href=\"https:\/\/fnty.co\/c\/r-bcJDzzrp\" target=\"_blank\" rel=\"noreferrer noopener\" aria-label=\"Bo\u00eete \u00e0 bijoux en su\u00e9dine beige (s\u2019ouvre dans un nouvel onglet)\">Bo\u00eete \u00e0 bijoux en su\u00e9dine beige<\/a> - Maisons du Monde<\/figcaption><\/figure>\n<\/div>\n\n\n\n<div class=\"wp-block-column is-layout-flow wp-block-column-is-layout-flow\">\n<figure class=\"wp-block-image\"><img loading=\"lazy\" decoding=\"async\" width=\"500\" height=\"500\" src=\"https:\/\/www.cocondedecoration.com\/blog\/wp-content\/uploads\/2023\/04\/rangement-salle-de-bain-pas-cher-pratique-3.jpeg\" alt=\"rangement salle de bain pas cher pratique Etag\u00e8re de bain \/ douche a suspendre, chrom\u00e9\" class=\"wp-image-59146\" srcset=\"https:\/\/www.cocondedecoration.com\/blog\/wp-content\/uploads\/2023\/04\/rangement-salle-de-bain-pas-cher-pratique-3.jpeg 500w, https:\/\/www.cocondedecoration.com\/blog\/wp-content\/uploads\/2023\/04\/rangement-salle-de-bain-pas-cher-pratique-3-165x165.jpeg 165w, https:\/\/www.cocondedecoration.com\/blog\/wp-content\/uploads\/2023\/04\/rangement-salle-de-bain-pas-cher-pratique-3-260x260.jpeg 260w, https:\/\/www.cocondedecoration.com\/blog\/wp-content\/uploads\/2023\/04\/rangement-salle-de-bain-pas-cher-pratique-3-465x465.jpeg 465w\" sizes=\"(max-width: 500px) 100vw, 500px\" \/><figcaption><a rel=\"noreferrer noopener\" aria-label=\"Etag\u00e8re de bain \/ douche a suspendre, chrom\u00e9 (s\u2019ouvre dans un nouvel onglet)\" href=\"https:\/\/tidd.ly\/3Kva9SG\" target=\"_blank\">Etag\u00e8re de bain \/ douche a suspendre, chrom\u00e9<\/a> - Leroy Merlin<\/figcaption><\/figure>\n\n\n\n<figure class=\"wp-block-image\"><img loading=\"lazy\" decoding=\"async\" width=\"500\" height=\"500\" src=\"https:\/\/www.cocondedecoration.com\/blog\/wp-content\/uploads\/2023\/04\/rangement-desencombrer-maison-pas-cher-deco-5.jpeg\" alt=\"rangement desencombrer maison pas cher deco 2 paniers en polypropyl\u00e8ne vert sauge\" class=\"wp-image-59163\" srcset=\"https:\/\/www.cocondedecoration.com\/blog\/wp-content\/uploads\/2023\/04\/rangement-desencombrer-maison-pas-cher-deco-5.jpeg 500w, https:\/\/www.cocondedecoration.com\/blog\/wp-content\/uploads\/2023\/04\/rangement-desencombrer-maison-pas-cher-deco-5-165x165.jpeg 165w, https:\/\/www.cocondedecoration.com\/blog\/wp-content\/uploads\/2023\/04\/rangement-desencombrer-maison-pas-cher-deco-5-260x260.jpeg 260w, https:\/\/www.cocondedecoration.com\/blog\/wp-content\/uploads\/2023\/04\/rangement-desencombrer-maison-pas-cher-deco-5-465x465.jpeg 465w\" sizes=\"(max-width: 500px) 100vw, 500px\" \/><figcaption><a rel=\"noreferrer noopener\" href=\"https:\/\/tracking.publicidees.com\/clic.php?progid=7565&amp;partid=62427&amp;dpl=https%3A%2F%2Fwww.zodio.fr%2Fset-2-paniers-magda-vert-sauge.html\" target=\"_blank\">2 paniers vert sauge<\/a> - Z\u00f4dio<\/figcaption><\/figure>\n\n\n\n<figure class=\"wp-block-image\"><img loading=\"lazy\" decoding=\"async\" width=\"500\" height=\"500\" src=\"https:\/\/www.cocondedecoration.com\/blog\/wp-content\/uploads\/2023\/04\/desencombrer-maison-rangement-gain-de-place-pratique-15.jpeg\" alt=\"desencombrer maison rangement gain de place pratique Set de 2 paniers de rangement taille M\" class=\"wp-image-59185\" srcset=\"https:\/\/www.cocondedecoration.com\/blog\/wp-content\/uploads\/2023\/04\/desencombrer-maison-rangement-gain-de-place-pratique-15.jpeg 500w, https:\/\/www.cocondedecoration.com\/blog\/wp-content\/uploads\/2023\/04\/desencombrer-maison-rangement-gain-de-place-pratique-15-165x165.jpeg 165w, https:\/\/www.cocondedecoration.com\/blog\/wp-content\/uploads\/2023\/04\/desencombrer-maison-rangement-gain-de-place-pratique-15-260x260.jpeg 260w, https:\/\/www.cocondedecoration.com\/blog\/wp-content\/uploads\/2023\/04\/desencombrer-maison-rangement-gain-de-place-pratique-15-465x465.jpeg 465w\" sizes=\"(max-width: 500px) 100vw, 500px\" \/><figcaption><a href=\"https:\/\/c3po.link\/QPeYXkyn5t\" target=\"_blank\" rel=\"noreferrer noopener\" aria-label=\"Set de 2 paniers de rangement taille M (s\u2019ouvre dans un nouvel onglet)\">Set de 2 paniers de rangement taille M<\/a> - La Redoute<\/figcaption><\/figure>\n<\/div>\n<\/div>\n\n\n\n<div style=\"height:100px\" aria-hidden=\"true\" class=\"wp-block-spacer\"><\/div>\n\n\n\n<div class=\"wp-block-columns has-2-columns is-layout-flex wp-container-core-columns-layout-9 wp-block-columns-is-layout-flex\">\n<div class=\"wp-block-column is-layout-flow wp-block-column-is-layout-flow\">\n<div style=\"height:70px\" aria-hidden=\"true\" class=\"wp-block-spacer\"><\/div>\n\n\n\n<h2 class=\"wp-block-heading\">05 \u2022 Un espace bureau rang\u00e9 au quotidien <\/h2>\n\n\n\n<p>Pour certains, le t\u00e9l\u00e9travail est devenu une normalit\u00e9, pour d'autres le bureau est pratique pour les choses courantes du quotidien. Dans tous les cas, c'est un espace qui demande un peu d'organisation pour ne plus perdre de temps \u00e0 chercher un crayon ou un papier important. <\/p>\n\n\n\n<p><strong>Quelques id\u00e9es pour am\u00e9liorer l'organisation de l'espace de travail: <\/strong><\/p>\n\n\n\n<ul><li>Un organisateur de bureau pour ranger au m\u00eame endroit les crayons, les ciseaux et tout le petit mat\u00e9riel; <\/li><li>Un range-documents pour classer vos papiers; <\/li><li>Un organisateur de c\u00e2bles pour que ce soit plus esth\u00e9tique; <\/li><li>Des boites de rangement pour l'int\u00e9rieur de votre meuble. <\/li><\/ul>\n\n\n\n<p>Si vous aimez les loisirs cr\u00e9atifs, retrouvez ici <a href=\"https:\/\/www.cocondedecoration.com\/blog\/2023\/02\/rangement-loisirs-creatifs\/\" target=\"_blank\" rel=\"noreferrer noopener\" aria-label=\"20 id\u00e9es pour ranger vos fournitures cr\u00e9atives (s\u2019ouvre dans un nouvel onglet)\">20 id\u00e9es pour ranger vos fournitures cr\u00e9atives<\/a>. <\/p>\n<\/div>\n\n\n\n<div class=\"wp-block-column is-layout-flow wp-block-column-is-layout-flow\">\n<figure class=\"wp-block-image\"><img loading=\"lazy\" decoding=\"async\" width=\"640\" height=\"960\" src=\"https:\/\/www.cocondedecoration.com\/blog\/wp-content\/uploads\/2023\/04\/solutions-ranger-desencombrer-maison-5-640x960.jpeg\" alt=\"solutions ranger desencombrer maison bureau espace de travail \u00e0 domicile rangement exemple pas cher pratique\" class=\"wp-image-59209\" srcset=\"https:\/\/www.cocondedecoration.com\/blog\/wp-content\/uploads\/2023\/04\/solutions-ranger-desencombrer-maison-5-640x960.jpeg 640w, https:\/\/www.cocondedecoration.com\/blog\/wp-content\/uploads\/2023\/04\/solutions-ranger-desencombrer-maison-5-260x390.jpeg 260w, https:\/\/www.cocondedecoration.com\/blog\/wp-content\/uploads\/2023\/04\/solutions-ranger-desencombrer-maison-5-768x1152.jpeg 768w, https:\/\/www.cocondedecoration.com\/blog\/wp-content\/uploads\/2023\/04\/solutions-ranger-desencombrer-maison-5-367x550.jpeg 367w, https:\/\/www.cocondedecoration.com\/blog\/wp-content\/uploads\/2023\/04\/solutions-ranger-desencombrer-maison-5-333x500.jpeg 333w, https:\/\/www.cocondedecoration.com\/blog\/wp-content\/uploads\/2023\/04\/solutions-ranger-desencombrer-maison-5.jpeg 1000w\" sizes=\"(max-width: 640px) 100vw, 640px\" \/><figcaption>thehousethatlarsbuilt.com\n<\/figcaption><\/figure>\n<\/div>\n<\/div>\n\n\n\n<div class=\"wp-block-columns has-3-columns is-layout-flex wp-container-core-columns-layout-10 wp-block-columns-is-layout-flex\">\n<div class=\"wp-block-column is-layout-flow wp-block-column-is-layout-flow\">\n<figure class=\"wp-block-image\"><img loading=\"lazy\" decoding=\"async\" width=\"500\" height=\"500\" src=\"https:\/\/www.cocondedecoration.com\/blog\/wp-content\/uploads\/2023\/04\/rangement-bureau-pas-cher-pratique-1.jpeg\" alt=\"rangement bureau pas cher pratique  organiseur de bureau bambou, 6 compartiments\" class=\"wp-image-59135\" srcset=\"https:\/\/www.cocondedecoration.com\/blog\/wp-content\/uploads\/2023\/04\/rangement-bureau-pas-cher-pratique-1.jpeg 500w, https:\/\/www.cocondedecoration.com\/blog\/wp-content\/uploads\/2023\/04\/rangement-bureau-pas-cher-pratique-1-165x165.jpeg 165w, https:\/\/www.cocondedecoration.com\/blog\/wp-content\/uploads\/2023\/04\/rangement-bureau-pas-cher-pratique-1-260x260.jpeg 260w, https:\/\/www.cocondedecoration.com\/blog\/wp-content\/uploads\/2023\/04\/rangement-bureau-pas-cher-pratique-1-465x465.jpeg 465w\" sizes=\"(max-width: 500px) 100vw, 500px\" \/><figcaption><a rel=\"noreferrer noopener\" aria-label=\"Organiseur de bureau bambou (s\u2019ouvre dans un nouvel onglet)\" href=\"https:\/\/tidd.ly\/3m2gb3S\" target=\"_blank\">Organiseur de bureau bambou<\/a> - Leroy Merlin<\/figcaption><\/figure>\n\n\n\n<figure class=\"wp-block-image\"><img loading=\"lazy\" decoding=\"async\" width=\"500\" height=\"500\" src=\"https:\/\/www.cocondedecoration.com\/blog\/wp-content\/uploads\/2023\/04\/rangement-desencombrer-maison-pas-cher-deco-6.jpeg\" alt=\"rangement desencombrer maison pas cher deco Bo\u00eete de rangement 2 tiroirs 36x26x25,5cm bureau\" class=\"wp-image-59164\" srcset=\"https:\/\/www.cocondedecoration.com\/blog\/wp-content\/uploads\/2023\/04\/rangement-desencombrer-maison-pas-cher-deco-6.jpeg 500w, https:\/\/www.cocondedecoration.com\/blog\/wp-content\/uploads\/2023\/04\/rangement-desencombrer-maison-pas-cher-deco-6-165x165.jpeg 165w, https:\/\/www.cocondedecoration.com\/blog\/wp-content\/uploads\/2023\/04\/rangement-desencombrer-maison-pas-cher-deco-6-260x260.jpeg 260w, https:\/\/www.cocondedecoration.com\/blog\/wp-content\/uploads\/2023\/04\/rangement-desencombrer-maison-pas-cher-deco-6-465x465.jpeg 465w\" sizes=\"(max-width: 500px) 100vw, 500px\" \/><figcaption><a rel=\"noreferrer noopener\" href=\"https:\/\/tracking.publicidees.com\/clic.php?progid=7565&amp;partid=62427&amp;dpl=https%3A%2F%2Fwww.zodio.fr%2Frotho-orgamix-rangement-avec-2-tiroirs-moyen-modele-36x26x25-5cm.html\" target=\"_blank\">Bo\u00eete de rangement 2 tiroirs<\/a> - Z\u00f4dio<\/figcaption><\/figure>\n\n\n\n<figure class=\"wp-block-image\"><img loading=\"lazy\" decoding=\"async\" width=\"500\" height=\"500\" src=\"https:\/\/www.cocondedecoration.com\/blog\/wp-content\/uploads\/2023\/04\/gain-de-place-rangement-pratique-maisons-du-monde-12.jpeg\" alt=\"gain de place rangement pratique maisons du monde Rangement de bureau en verre et m\u00e9tal dor\u00e9\" class=\"wp-image-59198\" srcset=\"https:\/\/www.cocondedecoration.com\/blog\/wp-content\/uploads\/2023\/04\/gain-de-place-rangement-pratique-maisons-du-monde-12.jpeg 500w, https:\/\/www.cocondedecoration.com\/blog\/wp-content\/uploads\/2023\/04\/gain-de-place-rangement-pratique-maisons-du-monde-12-165x165.jpeg 165w, https:\/\/www.cocondedecoration.com\/blog\/wp-content\/uploads\/2023\/04\/gain-de-place-rangement-pratique-maisons-du-monde-12-260x260.jpeg 260w, https:\/\/www.cocondedecoration.com\/blog\/wp-content\/uploads\/2023\/04\/gain-de-place-rangement-pratique-maisons-du-monde-12-465x465.jpeg 465w\" sizes=\"(max-width: 500px) 100vw, 500px\" \/><figcaption><a href=\"https:\/\/fnty.co\/c\/r-hNgbyjsU\" target=\"_blank\" rel=\"noreferrer noopener\" aria-label=\"Rangement de bureau en verre et m\u00e9tal dor\u00e9 (s\u2019ouvre dans un nouvel onglet)\">Rangement de bureau en verre et m\u00e9tal dor\u00e9<\/a> - Maisons du Monde<\/figcaption><\/figure>\n<\/div>\n\n\n\n<div class=\"wp-block-column is-layout-flow wp-block-column-is-layout-flow\">\n<figure class=\"wp-block-image\"><img loading=\"lazy\" decoding=\"async\" width=\"500\" height=\"500\" src=\"https:\/\/www.cocondedecoration.com\/blog\/wp-content\/uploads\/2023\/04\/rangement-bureau-pas-cher-pratique-2.jpeg\" alt=\"rangement bureau pas cher pratique Range-Documents &amp; Lettres, Bambou\" class=\"wp-image-59136\" srcset=\"https:\/\/www.cocondedecoration.com\/blog\/wp-content\/uploads\/2023\/04\/rangement-bureau-pas-cher-pratique-2.jpeg 500w, https:\/\/www.cocondedecoration.com\/blog\/wp-content\/uploads\/2023\/04\/rangement-bureau-pas-cher-pratique-2-165x165.jpeg 165w, https:\/\/www.cocondedecoration.com\/blog\/wp-content\/uploads\/2023\/04\/rangement-bureau-pas-cher-pratique-2-260x260.jpeg 260w, https:\/\/www.cocondedecoration.com\/blog\/wp-content\/uploads\/2023\/04\/rangement-bureau-pas-cher-pratique-2-465x465.jpeg 465w\" sizes=\"(max-width: 500px) 100vw, 500px\" \/><figcaption><a rel=\"noreferrer noopener\" aria-label=\"Range-Documents &amp; Lettres (x8) (s\u2019ouvre dans un nouvel onglet)\" href=\"https:\/\/tidd.ly\/40FAVh5\" target=\"_blank\">Range-Documents &amp; Lettres (x8)<\/a> - Leroy Merlin<\/figcaption><\/figure>\n\n\n\n<figure class=\"wp-block-image\"><img loading=\"lazy\" decoding=\"async\" width=\"500\" height=\"500\" src=\"https:\/\/www.cocondedecoration.com\/blog\/wp-content\/uploads\/2023\/04\/gain-de-place-rangement-pratique-maisons-du-monde-10.jpeg\" alt=\"gain de place rangement pratique maisons du monde Rangement de bureau marron avec tiroir bois\" class=\"wp-image-59196\" srcset=\"https:\/\/www.cocondedecoration.com\/blog\/wp-content\/uploads\/2023\/04\/gain-de-place-rangement-pratique-maisons-du-monde-10.jpeg 500w, https:\/\/www.cocondedecoration.com\/blog\/wp-content\/uploads\/2023\/04\/gain-de-place-rangement-pratique-maisons-du-monde-10-165x165.jpeg 165w, https:\/\/www.cocondedecoration.com\/blog\/wp-content\/uploads\/2023\/04\/gain-de-place-rangement-pratique-maisons-du-monde-10-260x260.jpeg 260w, https:\/\/www.cocondedecoration.com\/blog\/wp-content\/uploads\/2023\/04\/gain-de-place-rangement-pratique-maisons-du-monde-10-465x465.jpeg 465w\" sizes=\"(max-width: 500px) 100vw, 500px\" \/><figcaption><a href=\"https:\/\/fnty.co\/c\/r-TMbubDsA\" target=\"_blank\" rel=\"noreferrer noopener\" aria-label=\"Rangement de bureau marron avec tiroir (s\u2019ouvre dans un nouvel onglet)\">Rangement de bureau marron avec tiroir<\/a> - Maisons du Monde<\/figcaption><\/figure>\n\n\n\n<figure class=\"wp-block-image\"><img loading=\"lazy\" decoding=\"async\" width=\"500\" height=\"500\" src=\"https:\/\/www.cocondedecoration.com\/blog\/wp-content\/uploads\/2023\/04\/gain-de-place-rangement-pratique-maisons-du-monde-14.jpeg\" alt=\"gain de place rangement pratique maisons du monde Rangement bureau caisse \u00e0 outils en m\u00e9tal bleu et h\u00e9v\u00e9a\" class=\"wp-image-59199\" srcset=\"https:\/\/www.cocondedecoration.com\/blog\/wp-content\/uploads\/2023\/04\/gain-de-place-rangement-pratique-maisons-du-monde-14.jpeg 500w, https:\/\/www.cocondedecoration.com\/blog\/wp-content\/uploads\/2023\/04\/gain-de-place-rangement-pratique-maisons-du-monde-14-165x165.jpeg 165w, https:\/\/www.cocondedecoration.com\/blog\/wp-content\/uploads\/2023\/04\/gain-de-place-rangement-pratique-maisons-du-monde-14-260x260.jpeg 260w, https:\/\/www.cocondedecoration.com\/blog\/wp-content\/uploads\/2023\/04\/gain-de-place-rangement-pratique-maisons-du-monde-14-465x465.jpeg 465w\" sizes=\"(max-width: 500px) 100vw, 500px\" \/><figcaption><a href=\"https:\/\/fnty.co\/c\/r-VtXXdTpm\" target=\"_blank\" rel=\"noreferrer noopener\" aria-label=\"Rangement bureau caisse \u00e0 outils  (s\u2019ouvre dans un nouvel onglet)\">Rangement bureau caisse \u00e0 outils <\/a>- Maisons du Monde<\/figcaption><\/figure>\n<\/div>\n\n\n\n<div class=\"wp-block-column is-layout-flow wp-block-column-is-layout-flow\">\n<figure class=\"wp-block-image\"><img loading=\"lazy\" decoding=\"async\" width=\"500\" height=\"500\" src=\"https:\/\/www.cocondedecoration.com\/blog\/wp-content\/uploads\/2023\/04\/rangement-bureau-pas-cher-pratique-3.jpeg\" alt=\"rangement bureau pas cher pratique Organisateur de C\u00e2bles Confortime Blanc Plastique\" class=\"wp-image-59137\" srcset=\"https:\/\/www.cocondedecoration.com\/blog\/wp-content\/uploads\/2023\/04\/rangement-bureau-pas-cher-pratique-3.jpeg 500w, https:\/\/www.cocondedecoration.com\/blog\/wp-content\/uploads\/2023\/04\/rangement-bureau-pas-cher-pratique-3-165x165.jpeg 165w, https:\/\/www.cocondedecoration.com\/blog\/wp-content\/uploads\/2023\/04\/rangement-bureau-pas-cher-pratique-3-260x260.jpeg 260w, https:\/\/www.cocondedecoration.com\/blog\/wp-content\/uploads\/2023\/04\/rangement-bureau-pas-cher-pratique-3-465x465.jpeg 465w\" sizes=\"(max-width: 500px) 100vw, 500px\" \/><figcaption><a rel=\"noreferrer noopener\" aria-label=\"Organisateur de C\u00e2bles (s\u2019ouvre dans un nouvel onglet)\" href=\"https:\/\/tidd.ly\/3GCqRxt\" target=\"_blank\">Organisateur de C\u00e2bles<\/a> - Leroy Merlin<\/figcaption><\/figure>\n\n\n\n<figure class=\"wp-block-image\"><img loading=\"lazy\" decoding=\"async\" width=\"500\" height=\"500\" src=\"https:\/\/www.cocondedecoration.com\/blog\/wp-content\/uploads\/2023\/04\/gain-de-place-rangement-pratique-maisons-du-monde-11.jpeg\" alt=\"gain de place rangement pratique maisons du monde Rangement de bureau en bois de manguier\" class=\"wp-image-59197\" srcset=\"https:\/\/www.cocondedecoration.com\/blog\/wp-content\/uploads\/2023\/04\/gain-de-place-rangement-pratique-maisons-du-monde-11.jpeg 500w, https:\/\/www.cocondedecoration.com\/blog\/wp-content\/uploads\/2023\/04\/gain-de-place-rangement-pratique-maisons-du-monde-11-165x165.jpeg 165w, https:\/\/www.cocondedecoration.com\/blog\/wp-content\/uploads\/2023\/04\/gain-de-place-rangement-pratique-maisons-du-monde-11-260x260.jpeg 260w, https:\/\/www.cocondedecoration.com\/blog\/wp-content\/uploads\/2023\/04\/gain-de-place-rangement-pratique-maisons-du-monde-11-465x465.jpeg 465w\" sizes=\"(max-width: 500px) 100vw, 500px\" \/><figcaption><a href=\"https:\/\/fnty.co\/c\/r-GWMqGSgt\" target=\"_blank\" rel=\"noreferrer noopener\" aria-label=\"Rangement de bureau en bois de manguier (s\u2019ouvre dans un nouvel onglet)\">Rangement de bureau en bois de manguier<\/a> - Maisons du Monde<\/figcaption><\/figure>\n<\/div>\n<\/div>\n\n\n\n<div style=\"height:100px\" aria-hidden=\"true\" class=\"wp-block-spacer\"><\/div>\n\n\n\n<div class=\"wp-block-columns has-2-columns is-layout-flex wp-container-core-columns-layout-11 wp-block-columns-is-layout-flex\">\n<div class=\"wp-block-column is-layout-flow wp-block-column-is-layout-flow\">\n<h2 class=\"wp-block-heading\">06 \u2022 Organiser et ranger les placards, garage et grenier <\/h2>\n\n\n\n<p>Pour cette derni\u00e8re partie, le c\u00f4t\u00e9 esth\u00e9tique des rangements passe au second plan. Comme ce sont des rangements que l'on ne voit pas au quotidien, l'aspect d\u00e9coratif n'est pas le plus important. On va privil\u00e9gier le pratique, le fonctionnel. <\/p>\n\n\n\n<p>Les boites de rangement, coffres et malles sont parfaits pour ranger beaucoup et il est possible de les superposer. Ce sont des solutions pratiques pour stocker les affaires qui ne sont pas de saison, les affaires de vacances (\u00e9quipement de ski par exemple), ou encore ce qui doit \u00eatre vendu en brocante. Pour que ce soit plus pratique encore, n'h\u00e9sitez pas \u00e0 coller des \u00e9tiquettes avec le contenu des boites. Cela vous \u00e9vitera d'avoir \u00e0 toutes les ouvrir si vous cherchez quelque chose en particulier. Si vos boites sont rang\u00e9es dans <a href=\"https:\/\/www.cocondedecoration.com\/blog\/2019\/07\/conseils-deco-decorer-et-amenager-le-garage-les-erreurs-a-eviter\/\" target=\"_blank\" rel=\"noreferrer noopener\" aria-label=\"le garage (s\u2019ouvre dans un nouvel onglet)\">le garage<\/a> ou le grenier, je vous conseille de choisir du plastique pour ne pas avoir de dr\u00f4le de surprises avec l'humidit\u00e9 et le froid. Ce sont des pi\u00e8ces moins souvent ventil\u00e9es et moins isol\u00e9es qu'un placard dans l'entr\u00e9e. <\/p>\n\n\n\n<p>Empiler les bacs de rangement est pratique si vous en avez peu. Pour une vraie remise, rien de tel que des \u00e9tag\u00e8res en bois ou en m\u00e9tal pour structurer votre espace de rangement. <\/p>\n\n\n\n<p>Dans cet article, je n'ai pas trait\u00e9 la question de l'entr\u00e9e. C'est une th\u00e9matique que j'ai souvent trait\u00e9 et souvent une entr\u00e9e bien ordonn\u00e9e passe par l'ajout de mobilier comme <a href=\"https:\/\/www.cocondedecoration.com\/blog\/2020\/03\/pratique-comment-choisir-son-meuble-a-chaussures\/\" target=\"_blank\" rel=\"noreferrer noopener\" aria-label=\"un meuble \u00e0 chaussures (s\u2019ouvre dans un nouvel onglet)\">un meuble \u00e0 chaussures<\/a>. <\/p>\n<\/div>\n\n\n\n<div class=\"wp-block-column is-layout-flow wp-block-column-is-layout-flow\">\n<figure class=\"wp-block-image\"><img loading=\"lazy\" decoding=\"async\" width=\"640\" height=\"960\" src=\"https:\/\/www.cocondedecoration.com\/blog\/wp-content\/uploads\/2023\/04\/solutions-ranger-desencombrer-maison-6-640x960.jpeg\" alt=\"solutions ranger desencombrer maison garage grenier stockage pratique\" class=\"wp-image-59210\" srcset=\"https:\/\/www.cocondedecoration.com\/blog\/wp-content\/uploads\/2023\/04\/solutions-ranger-desencombrer-maison-6-640x960.jpeg 640w, https:\/\/www.cocondedecoration.com\/blog\/wp-content\/uploads\/2023\/04\/solutions-ranger-desencombrer-maison-6-260x390.jpeg 260w, https:\/\/www.cocondedecoration.com\/blog\/wp-content\/uploads\/2023\/04\/solutions-ranger-desencombrer-maison-6-768x1152.jpeg 768w, https:\/\/www.cocondedecoration.com\/blog\/wp-content\/uploads\/2023\/04\/solutions-ranger-desencombrer-maison-6-367x550.jpeg 367w, https:\/\/www.cocondedecoration.com\/blog\/wp-content\/uploads\/2023\/04\/solutions-ranger-desencombrer-maison-6-333x500.jpeg 333w, https:\/\/www.cocondedecoration.com\/blog\/wp-content\/uploads\/2023\/04\/solutions-ranger-desencombrer-maison-6.jpeg 1000w\" sizes=\"(max-width: 640px) 100vw, 640px\" \/><figcaption>boredpanda.com\n<\/figcaption><\/figure>\n<\/div>\n<\/div>\n\n\n\n<div class=\"wp-block-columns has-3-columns is-layout-flex wp-container-core-columns-layout-12 wp-block-columns-is-layout-flex\">\n<div class=\"wp-block-column is-layout-flow wp-block-column-is-layout-flow\">\n<figure class=\"wp-block-image\"><img loading=\"lazy\" decoding=\"async\" width=\"500\" height=\"500\" src=\"https:\/\/www.cocondedecoration.com\/blog\/wp-content\/uploads\/2023\/04\/rangement-garage-placard-grenier-pas-cher-pratique-1.jpeg\" alt=\"rangement garage placard grenier pas cher pratique Grande Bo\u00eete de rangement empilable 52 litres\" class=\"wp-image-59149\" srcset=\"https:\/\/www.cocondedecoration.com\/blog\/wp-content\/uploads\/2023\/04\/rangement-garage-placard-grenier-pas-cher-pratique-1.jpeg 500w, https:\/\/www.cocondedecoration.com\/blog\/wp-content\/uploads\/2023\/04\/rangement-garage-placard-grenier-pas-cher-pratique-1-165x165.jpeg 165w, https:\/\/www.cocondedecoration.com\/blog\/wp-content\/uploads\/2023\/04\/rangement-garage-placard-grenier-pas-cher-pratique-1-260x260.jpeg 260w, https:\/\/www.cocondedecoration.com\/blog\/wp-content\/uploads\/2023\/04\/rangement-garage-placard-grenier-pas-cher-pratique-1-465x465.jpeg 465w\" sizes=\"(max-width: 500px) 100vw, 500px\" \/><figcaption><a rel=\"noreferrer noopener\" aria-label=\"Bo\u00eete de rangement empilable 52L (s\u2019ouvre dans un nouvel onglet)\" href=\"https:\/\/tidd.ly\/40YTzjK\" target=\"_blank\">Bo\u00eete de rangement empilable 52L<\/a> - Leroy Merlin<\/figcaption><\/figure>\n\n\n\n<figure class=\"wp-block-image\"><img loading=\"lazy\" decoding=\"async\" width=\"500\" height=\"500\" src=\"https:\/\/www.cocondedecoration.com\/blog\/wp-content\/uploads\/2023\/04\/rangement-garage-placard-grenier-pas-cher-pratique-4.jpeg\" alt=\"rangement garage placard grenier pas cher pratique Range-chaussures \u00e0 poser gris, 15 paires maximum H.90 x l.60 cm\" class=\"wp-image-59152\" srcset=\"https:\/\/www.cocondedecoration.com\/blog\/wp-content\/uploads\/2023\/04\/rangement-garage-placard-grenier-pas-cher-pratique-4.jpeg 500w, https:\/\/www.cocondedecoration.com\/blog\/wp-content\/uploads\/2023\/04\/rangement-garage-placard-grenier-pas-cher-pratique-4-165x165.jpeg 165w, https:\/\/www.cocondedecoration.com\/blog\/wp-content\/uploads\/2023\/04\/rangement-garage-placard-grenier-pas-cher-pratique-4-260x260.jpeg 260w, https:\/\/www.cocondedecoration.com\/blog\/wp-content\/uploads\/2023\/04\/rangement-garage-placard-grenier-pas-cher-pratique-4-465x465.jpeg 465w\" sizes=\"(max-width: 500px) 100vw, 500px\" \/><figcaption><a rel=\"noreferrer noopener\" aria-label=\"Range-chaussures \u00e0 poser gris (s\u2019ouvre dans un nouvel onglet)\" href=\"https:\/\/tidd.ly\/3U48QgU\" target=\"_blank\">Range-chaussures \u00e0 poser gris<\/a> - Leroy Merlin<\/figcaption><\/figure>\n\n\n\n<figure class=\"wp-block-image\"><img loading=\"lazy\" decoding=\"async\" width=\"500\" height=\"500\" src=\"https:\/\/www.cocondedecoration.com\/blog\/wp-content\/uploads\/2023\/04\/rangement-garage-placard-grenier-pas-cher-pratique-7.jpeg\" alt=\"rangement garage placard grenier pas cher pratique Etag\u00e8re Pin, 5 tablettes , l.70 x P.30 x H.170 cm\" class=\"wp-image-59155\" srcset=\"https:\/\/www.cocondedecoration.com\/blog\/wp-content\/uploads\/2023\/04\/rangement-garage-placard-grenier-pas-cher-pratique-7.jpeg 500w, https:\/\/www.cocondedecoration.com\/blog\/wp-content\/uploads\/2023\/04\/rangement-garage-placard-grenier-pas-cher-pratique-7-165x165.jpeg 165w, https:\/\/www.cocondedecoration.com\/blog\/wp-content\/uploads\/2023\/04\/rangement-garage-placard-grenier-pas-cher-pratique-7-260x260.jpeg 260w, https:\/\/www.cocondedecoration.com\/blog\/wp-content\/uploads\/2023\/04\/rangement-garage-placard-grenier-pas-cher-pratique-7-465x465.jpeg 465w\" sizes=\"(max-width: 500px) 100vw, 500px\" \/><figcaption><a rel=\"noreferrer noopener\" aria-label=\"Etag\u00e8re Pin, 5 tablettes  (s\u2019ouvre dans un nouvel onglet)\" href=\"https:\/\/tidd.ly\/3Gfnc8e\" target=\"_blank\">Etag\u00e8re Pin, 5 tablettes <\/a>- Leroy Merlin<\/figcaption><\/figure>\n\n\n\n<figure class=\"wp-block-image\"><img loading=\"lazy\" decoding=\"async\" width=\"500\" height=\"500\" src=\"https:\/\/www.cocondedecoration.com\/blog\/wp-content\/uploads\/2023\/04\/rangement-desencombrer-maison-pas-cher-deco-11.jpeg\" alt=\"rangement desencombrer maison pas cher deco Caisse pliable en plastique kaki S placard grenier garage\" class=\"wp-image-59170\" srcset=\"https:\/\/www.cocondedecoration.com\/blog\/wp-content\/uploads\/2023\/04\/rangement-desencombrer-maison-pas-cher-deco-11.jpeg 500w, https:\/\/www.cocondedecoration.com\/blog\/wp-content\/uploads\/2023\/04\/rangement-desencombrer-maison-pas-cher-deco-11-165x165.jpeg 165w, https:\/\/www.cocondedecoration.com\/blog\/wp-content\/uploads\/2023\/04\/rangement-desencombrer-maison-pas-cher-deco-11-260x260.jpeg 260w, https:\/\/www.cocondedecoration.com\/blog\/wp-content\/uploads\/2023\/04\/rangement-desencombrer-maison-pas-cher-deco-11-465x465.jpeg 465w\" sizes=\"(max-width: 500px) 100vw, 500px\" \/><figcaption><a rel=\"noreferrer noopener\" href=\"https:\/\/tracking.publicidees.com\/clic.php?progid=7565&amp;partid=62427&amp;dpl=https%3A%2F%2Fwww.zodio.fr%2Fcaisse-pliable-plastique-kaki-s.html\" target=\"_blank\">Caisse pliable en plastique kaki S <\/a> Z\u00f4dio<\/figcaption><\/figure>\n<\/div>\n\n\n\n<div class=\"wp-block-column is-layout-flow wp-block-column-is-layout-flow\">\n<figure class=\"wp-block-image\"><img loading=\"lazy\" decoding=\"async\" width=\"500\" height=\"500\" src=\"https:\/\/www.cocondedecoration.com\/blog\/wp-content\/uploads\/2023\/04\/rangement-garage-placard-grenier-pas-cher-pratique-2.jpeg\" alt=\"rangement garage placard grenier pas cher pratique Bo\u00eete de rangement \u00e0 couvercle 3 pcs 65 L Curver\" class=\"wp-image-59150\" srcset=\"https:\/\/www.cocondedecoration.com\/blog\/wp-content\/uploads\/2023\/04\/rangement-garage-placard-grenier-pas-cher-pratique-2.jpeg 500w, https:\/\/www.cocondedecoration.com\/blog\/wp-content\/uploads\/2023\/04\/rangement-garage-placard-grenier-pas-cher-pratique-2-165x165.jpeg 165w, https:\/\/www.cocondedecoration.com\/blog\/wp-content\/uploads\/2023\/04\/rangement-garage-placard-grenier-pas-cher-pratique-2-260x260.jpeg 260w, https:\/\/www.cocondedecoration.com\/blog\/wp-content\/uploads\/2023\/04\/rangement-garage-placard-grenier-pas-cher-pratique-2-465x465.jpeg 465w\" sizes=\"(max-width: 500px) 100vw, 500px\" \/><figcaption><a rel=\"noreferrer noopener\" aria-label=\"Bo\u00eete de rangement \u00e0 couvercle 65 L (X3)  (s\u2019ouvre dans un nouvel onglet)\" href=\"https:\/\/tidd.ly\/3nLQzbW\" target=\"_blank\">Bo\u00eete de rangement \u00e0 couvercle 65 L (X3) <\/a>- Leroy Merlin<\/figcaption><\/figure>\n\n\n\n<figure class=\"wp-block-image\"><img loading=\"lazy\" decoding=\"async\" width=\"500\" height=\"500\" src=\"https:\/\/www.cocondedecoration.com\/blog\/wp-content\/uploads\/2023\/04\/rangement-garage-placard-grenier-pas-cher-pratique-5.jpeg\" alt=\"rangement garage placard grenier pas cher pratique Lot de 10 Boites \u00e0 chaussures en carton\" class=\"wp-image-59153\" srcset=\"https:\/\/www.cocondedecoration.com\/blog\/wp-content\/uploads\/2023\/04\/rangement-garage-placard-grenier-pas-cher-pratique-5.jpeg 500w, https:\/\/www.cocondedecoration.com\/blog\/wp-content\/uploads\/2023\/04\/rangement-garage-placard-grenier-pas-cher-pratique-5-165x165.jpeg 165w, https:\/\/www.cocondedecoration.com\/blog\/wp-content\/uploads\/2023\/04\/rangement-garage-placard-grenier-pas-cher-pratique-5-260x260.jpeg 260w, https:\/\/www.cocondedecoration.com\/blog\/wp-content\/uploads\/2023\/04\/rangement-garage-placard-grenier-pas-cher-pratique-5-465x465.jpeg 465w\" sizes=\"(max-width: 500px) 100vw, 500px\" \/><figcaption><a href=\"https:\/\/tidd.ly\/3KbrQ8N\">Lot de 10 Boites \u00e0 chaussures en carton<\/a> - Leroy Merlin<\/figcaption><\/figure>\n\n\n\n<figure class=\"wp-block-image\"><img loading=\"lazy\" decoding=\"async\" width=\"500\" height=\"500\" src=\"https:\/\/www.cocondedecoration.com\/blog\/wp-content\/uploads\/2023\/04\/rangement-garage-placard-grenier-pas-cher-pratique-8.jpeg\" alt=\"rangement garage placard grenier pas cher pratique Etag\u00e8re m\u00e9tal argent galvanis\u00e9 SPACEO, 5 tablettes L.90 x H.176cm\" class=\"wp-image-59156\" srcset=\"https:\/\/www.cocondedecoration.com\/blog\/wp-content\/uploads\/2023\/04\/rangement-garage-placard-grenier-pas-cher-pratique-8.jpeg 500w, https:\/\/www.cocondedecoration.com\/blog\/wp-content\/uploads\/2023\/04\/rangement-garage-placard-grenier-pas-cher-pratique-8-165x165.jpeg 165w, https:\/\/www.cocondedecoration.com\/blog\/wp-content\/uploads\/2023\/04\/rangement-garage-placard-grenier-pas-cher-pratique-8-260x260.jpeg 260w, https:\/\/www.cocondedecoration.com\/blog\/wp-content\/uploads\/2023\/04\/rangement-garage-placard-grenier-pas-cher-pratique-8-465x465.jpeg 465w\" sizes=\"(max-width: 500px) 100vw, 500px\" \/><figcaption><a rel=\"noreferrer noopener\" aria-label=\"Etag\u00e8re m\u00e9tal 5 tablettes  (s\u2019ouvre dans un nouvel onglet)\" href=\"https:\/\/tidd.ly\/40DSG0d\" target=\"_blank\">Etag\u00e8re m\u00e9tal 5 tablettes <\/a>-  Leroy Merlin<\/figcaption><\/figure>\n\n\n\n<figure class=\"wp-block-image\"><img loading=\"lazy\" decoding=\"async\" width=\"500\" height=\"500\" src=\"https:\/\/www.cocondedecoration.com\/blog\/wp-content\/uploads\/2023\/04\/gain-de-place-rangement-pratique-maisons-du-monde-16.jpeg\" alt=\"gain de place rangement pratique maisons du monde Bo\u00eete de rangement bois - 31x31x31cm\" class=\"wp-image-59200\" srcset=\"https:\/\/www.cocondedecoration.com\/blog\/wp-content\/uploads\/2023\/04\/gain-de-place-rangement-pratique-maisons-du-monde-16.jpeg 500w, https:\/\/www.cocondedecoration.com\/blog\/wp-content\/uploads\/2023\/04\/gain-de-place-rangement-pratique-maisons-du-monde-16-165x165.jpeg 165w, https:\/\/www.cocondedecoration.com\/blog\/wp-content\/uploads\/2023\/04\/gain-de-place-rangement-pratique-maisons-du-monde-16-260x260.jpeg 260w, https:\/\/www.cocondedecoration.com\/blog\/wp-content\/uploads\/2023\/04\/gain-de-place-rangement-pratique-maisons-du-monde-16-465x465.jpeg 465w\" sizes=\"(max-width: 500px) 100vw, 500px\" \/><figcaption><a href=\"https:\/\/fnty.co\/c\/r-bjGZzsdd\" target=\"_blank\" rel=\"noreferrer noopener\" aria-label=\" (s\u2019ouvre dans un nouvel onglet)\">Bo\u00eete de rangement bois<\/a> - Maisons du Monde<\/figcaption><\/figure>\n<\/div>\n\n\n\n<div class=\"wp-block-column is-layout-flow wp-block-column-is-layout-flow\">\n<figure class=\"wp-block-image\"><img loading=\"lazy\" decoding=\"async\" width=\"500\" height=\"500\" src=\"https:\/\/www.cocondedecoration.com\/blog\/wp-content\/uploads\/2023\/04\/rangement-garage-placard-grenier-pas-cher-pratique-3.jpeg\" alt=\"rangement garage placard grenier pas cher pratique Sac \u00e0 chaussures 5 paires SPACEO, gris\" class=\"wp-image-59151\" srcset=\"https:\/\/www.cocondedecoration.com\/blog\/wp-content\/uploads\/2023\/04\/rangement-garage-placard-grenier-pas-cher-pratique-3.jpeg 500w, https:\/\/www.cocondedecoration.com\/blog\/wp-content\/uploads\/2023\/04\/rangement-garage-placard-grenier-pas-cher-pratique-3-165x165.jpeg 165w, https:\/\/www.cocondedecoration.com\/blog\/wp-content\/uploads\/2023\/04\/rangement-garage-placard-grenier-pas-cher-pratique-3-260x260.jpeg 260w, https:\/\/www.cocondedecoration.com\/blog\/wp-content\/uploads\/2023\/04\/rangement-garage-placard-grenier-pas-cher-pratique-3-465x465.jpeg 465w\" sizes=\"(max-width: 500px) 100vw, 500px\" \/><figcaption><a rel=\"noreferrer noopener\" aria-label=\"Sac \u00e0 chaussures 5 paires (s\u2019ouvre dans un nouvel onglet)\" href=\"https:\/\/tidd.ly\/3m7QC1y\" target=\"_blank\">Sac \u00e0 chaussures 5 paires<\/a> - Leroy Merlin<\/figcaption><\/figure>\n\n\n\n<figure class=\"wp-block-image\"><img loading=\"lazy\" decoding=\"async\" width=\"500\" height=\"500\" src=\"https:\/\/www.cocondedecoration.com\/blog\/wp-content\/uploads\/2023\/04\/rangement-garage-placard-grenier-pas-cher-pratique-6.jpeg\" alt=\"rangement garage placard grenier pas cher pratique Meuble \u00e0 chaussures colonne \u00e0 poser blanc\" class=\"wp-image-59154\" srcset=\"https:\/\/www.cocondedecoration.com\/blog\/wp-content\/uploads\/2023\/04\/rangement-garage-placard-grenier-pas-cher-pratique-6.jpeg 500w, https:\/\/www.cocondedecoration.com\/blog\/wp-content\/uploads\/2023\/04\/rangement-garage-placard-grenier-pas-cher-pratique-6-165x165.jpeg 165w, https:\/\/www.cocondedecoration.com\/blog\/wp-content\/uploads\/2023\/04\/rangement-garage-placard-grenier-pas-cher-pratique-6-260x260.jpeg 260w, https:\/\/www.cocondedecoration.com\/blog\/wp-content\/uploads\/2023\/04\/rangement-garage-placard-grenier-pas-cher-pratique-6-465x465.jpeg 465w\" sizes=\"(max-width: 500px) 100vw, 500px\" \/><figcaption><a rel=\"noreferrer noopener\" aria-label=\"Meuble colonne \u00e0 poser  (s\u2019ouvre dans un nouvel onglet)\" href=\"https:\/\/tidd.ly\/40FBMhy\" target=\"_blank\">Meuble colonne \u00e0 poser <\/a>- Leroy Merlin<\/figcaption><\/figure>\n\n\n\n<figure class=\"wp-block-image\"><img loading=\"lazy\" decoding=\"async\" width=\"500\" height=\"500\" src=\"https:\/\/www.cocondedecoration.com\/blog\/wp-content\/uploads\/2023\/04\/rangement-garage-placard-grenier-pas-cher-pratique-9.jpeg\" alt=\"rangement garage placard grenier pas cher pratique malle IRIS plastique transparent l.39 x P.59 x H.38 cm, 70 l\" class=\"wp-image-59157\" srcset=\"https:\/\/www.cocondedecoration.com\/blog\/wp-content\/uploads\/2023\/04\/rangement-garage-placard-grenier-pas-cher-pratique-9.jpeg 500w, https:\/\/www.cocondedecoration.com\/blog\/wp-content\/uploads\/2023\/04\/rangement-garage-placard-grenier-pas-cher-pratique-9-165x165.jpeg 165w, https:\/\/www.cocondedecoration.com\/blog\/wp-content\/uploads\/2023\/04\/rangement-garage-placard-grenier-pas-cher-pratique-9-260x260.jpeg 260w, https:\/\/www.cocondedecoration.com\/blog\/wp-content\/uploads\/2023\/04\/rangement-garage-placard-grenier-pas-cher-pratique-9-465x465.jpeg 465w\" sizes=\"(max-width: 500px) 100vw, 500px\" \/><figcaption><a rel=\"noreferrer noopener\" aria-label=\"Malle plastique transparent 70L (s\u2019ouvre dans un nouvel onglet)\" href=\"https:\/\/tidd.ly\/431oHkl\" target=\"_blank\">Malle plastique transparent 70L<\/a> - Leroy Merlin<\/figcaption><\/figure>\n<\/div>\n<\/div>\n\n\n\n<hr class=\"wp-block-separator\"\/>\n\n\n\n<p class=\"has-text-align-center has-medium-font-size\">Ne perdons pas contact \ud83d\ude42 Rejoignez moi sur <a href=\"https:\/\/www.pinterest.fr\/cocondedeco\/\" target=\"_blank\" rel=\"noopener\" title=\"\">Pinterest<\/a> |\u00a0<a href=\"https:\/\/www.threads.net\/@cocondedeco\" target=\"_blank\" rel=\"noopener\" title=\"\">Threads<\/a> | <a href=\"https:\/\/www.patreon.com\/collection\/162946?view=expanded\" target=\"_blank\" rel=\"noopener\" title=\"\">la Newsletter<\/a> <br>Vous aimez lire le blog? Vous souhaitez continuer \u00e0 le lire? <a href=\"https:\/\/www.patreon.com\/cocondedeco\" target=\"_blank\" rel=\"noopener\" title=\"\">Devenez m\u00e9c\u00e8ne<\/a> sur Patreon et contribuez \u00e0 sa survie. <\/p>\n\n\n\n<hr class=\"wp-block-separator\"\/>\n\n\n\n<div class=\"wp-block-columns has-2-columns is-layout-flex wp-container-core-columns-layout-13 wp-block-columns-is-layout-flex\">\n<div class=\"wp-block-column is-layout-flow wp-block-column-is-layout-flow\">\n<p style=\"text-align:center\" class=\"has-medium-font-size\">A lire \u00e9galement <\/p>\n\n\n<ul class=\"wp-block-latest-posts__list wp-block-latest-posts\"><li><a class=\"wp-block-latest-posts__post-title\" href=\"https:\/\/www.cocondedecoration.com\/blog\/2025\/08\/organisation-arriere-cuisine\/\">Organiser l&rsquo;arri\u00e8re-cuisine pour un espace pratique au quotidien<\/a><\/li>\n<li><a class=\"wp-block-latest-posts__post-title\" href=\"https:\/\/www.cocondedecoration.com\/blog\/2025\/07\/organisation-bibliotheque-livres\/\">Organisez vos livres pour une biblioth\u00e8que pratique et d\u00e9co<\/a><\/li>\n<li><a class=\"wp-block-latest-posts__post-title\" href=\"https:\/\/www.cocondedecoration.com\/blog\/2025\/06\/organiseur-de-placard\/\">Comment bien choisir ses organiseurs de placard?<\/a><\/li>\n<li><a class=\"wp-block-latest-posts__post-title\" href=\"https:\/\/www.cocondedecoration.com\/blog\/2025\/05\/rangement-sac-a-main\/\">Les meilleures id\u00e9es pour ranger vos sacs \u00e0 main<\/a><\/li>\n<li><a class=\"wp-block-latest-posts__post-title\" href=\"https:\/\/www.cocondedecoration.com\/blog\/2025\/04\/rangement-organisation-garage\/\">Astuces de rangement et d&rsquo;organisation pour le garage<\/a><\/li>\n<li><a class=\"wp-block-latest-posts__post-title\" href=\"https:\/\/www.cocondedecoration.com\/blog\/2025\/03\/rangement-vetement-ete-hiver\/\">Conseils pratiques pour ranger vos affaires d&rsquo;hiver<\/a><\/li>\n<li><a class=\"wp-block-latest-posts__post-title\" href=\"https:\/\/www.cocondedecoration.com\/blog\/2025\/03\/organiser-armoire-a-pharmacie\/\">Comment organiser efficacement l&rsquo;armoire \u00e0 pharmacie?<\/a><\/li>\n<\/ul><\/div>\n\n\n\n<div class=\"wp-block-column is-layout-flow wp-block-column-is-layout-flow\">\n<p class=\"has-text-align-center has-medium-font-size\" style=\"padding-top:var(--wp--preset--spacing--40);padding-bottom:var(--wp--preset--spacing--40)\"><strong>Devenez m\u00e9c\u00e8ne du blog <\/strong><\/p>\n\n\n\n<hr class=\"wp-block-separator has-alpha-channel-opacity is-style-wide\"\/>\n\n\n\n<p style=\"padding-right:var(--wp--preset--spacing--30);padding-left:var(--wp--preset--spacing--30)\">Soutenez mon travail sur le blog et acc\u00e9dez \u00e0 des contreparties exclusives: <\/p>\n\n\n\n<ul style=\"padding-right:var(--wp--preset--spacing--40);padding-left:var(--wp--preset--spacing--40)\">\n<li>Plusieurs centaines d'articles d\u00e9co, lifestyle &amp; voyage r\u00e9serv\u00e9s aux abonn\u00e9\u2022e\u2022s <\/li>\n\n\n\n<li>Toutes les entr\u00e9es de mon side project - mon dictionnaire nomade <\/li>\n\n\n\n<li>Une publicit\u00e9 limit\u00e9e sur les articles Patreon <\/li>\n<\/ul>\n\n\n\n<div class=\"wp-block-buttons is-content-justification-center is-layout-flex wp-container-core-buttons-layout-1 wp-block-buttons-is-layout-flex\">\n<div class=\"wp-block-button\"><a class=\"wp-block-button__link wp-element-button\" href=\"https:\/\/www.patreon.com\/cocondedeco\" target=\"_blank\" rel=\"noreferrer noopener\">Soutenir le blog maintenant<\/a><\/div>\n<\/div>\n<\/div>\n<\/div>\n\n\n\n<div class=\"wp-block-image\"><figure class=\"aligncenter\"><img loading=\"lazy\" decoding=\"async\" width=\"732\" height=\"488\" src=\"https:\/\/www.cocondedecoration.com\/blog\/wp-content\/uploads\/2023\/04\/solutions-rangement-pour-toute-la-maison.jpeg\" alt=\"solutions rangement pour toute la maison pas cher organisation pratique d\u00e9sencombrer malin\" class=\"wp-image-59215\" srcset=\"https:\/\/www.cocondedecoration.com\/blog\/wp-content\/uploads\/2023\/04\/solutions-rangement-pour-toute-la-maison.jpeg 732w, https:\/\/www.cocondedecoration.com\/blog\/wp-content\/uploads\/2023\/04\/solutions-rangement-pour-toute-la-maison-260x173.jpeg 260w, https:\/\/www.cocondedecoration.com\/blog\/wp-content\/uploads\/2023\/04\/solutions-rangement-pour-toute-la-maison-640x427.jpeg 640w, https:\/\/www.cocondedecoration.com\/blog\/wp-content\/uploads\/2023\/04\/solutions-rangement-pour-toute-la-maison-465x310.jpeg 465w, https:\/\/www.cocondedecoration.com\/blog\/wp-content\/uploads\/2023\/04\/solutions-rangement-pour-toute-la-maison-695x463.jpeg 695w\" sizes=\"(max-width: 732px) 100vw, 732px\" \/><figcaption>realhomes.com<\/figcaption><\/figure><\/div>\n\n\n\n<p style=\"text-align:right\" class=\"has-small-font-size\">Note: Cet article contient des liens affili\u00e9s. Vous contribuez \u00e0 l'entretien du blog en passant commande via l'un de ces liens. Ils ne changent pas le montant de votre panier. Par avance, merci de votre soutien! <br>Article mis \u00e0 jour en octobre 2023<\/p>\n","protected":false},"excerpt":{"rendered":"<p>Le printemps est de retour! Cette p\u00e9riode de renouveau est id\u00e9ale pour un grand m\u00e9nage et il n&rsquo;est pas juste question de nettoyage. D\u00e9sencombrer son int\u00e9rieur, offrir une place \u00e0 chaque chose, stocker ce qui ne sert plus&#8230; J&rsquo;ai d\u00e9j\u00e0 eu l&rsquo;occasion \u00e0 plusieurs reprises de vous expliquer comment d\u00e9sencombrer<span class=\"more-link\"><a href=\"https:\/\/www.cocondedecoration.com\/blog\/2023\/04\/solution-rangement-desencombrer-maison\/\">Lire la suite<\/a><\/span><\/p>\n","protected":false},"author":1,"featured_media":59215,"comment_status":"open","ping_status":"open","sticky":false,"template":"","format":"standard","meta":{"om_disable_all_campaigns":false,"_monsterinsights_skip_tracking":false,"_monsterinsights_sitenote_active":false,"_monsterinsights_sitenote_note":"","_monsterinsights_sitenote_category":0,"_uf_show_specific_survey":0,"_uf_disable_surveys":false,"footnotes":""},"categories":[34093],"tags":[44418,44415,44417,44421,44414,2945,9565,17322,39464,44428,44434,44419,44431,44426,29004,44494,44506,44480,44425,5547,44422,44485,5937,44488,44496,44503,44492,44448,24507,8094,44498,44474,44450,44486,3985,42671,6602,5120,14494,44452,44430,12121,5936,44457,44460,44456,44451,44453,44439,44423,44455,44435,44429,44502,44481,44475,44478,44500,44497,44504,44499,44505,44501,44493,44479,44507,44495,44432,44416,44440,44461,36311,44449,44454,44438,44436,44427,39435,44467,44462,44458,44459,44446,44442,44444,44445,11267,44483,44471,44482,44491,44477,3789,44476,44489,44487,44490,3787,3786,44484,36110,18393,36115,44437,44464,42687,42680,42679,44470,44473,14807,19737,44447,44469,44472,20807,44433,44443,44468,44466,44465,44463,44441,44420,44424],"aioseo_notices":[],"_links":{"self":[{"href":"https:\/\/www.cocondedecoration.com\/blog\/wp-json\/wp\/v2\/posts\/59126"}],"collection":[{"href":"https:\/\/www.cocondedecoration.com\/blog\/wp-json\/wp\/v2\/posts"}],"about":[{"href":"https:\/\/www.cocondedecoration.com\/blog\/wp-json\/wp\/v2\/types\/post"}],"author":[{"embeddable":true,"href":"https:\/\/www.cocondedecoration.com\/blog\/wp-json\/wp\/v2\/users\/1"}],"replies":[{"embeddable":true,"href":"https:\/\/www.cocondedecoration.com\/blog\/wp-json\/wp\/v2\/comments?post=59126"}],"version-history":[{"count":1,"href":"https:\/\/www.cocondedecoration.com\/blog\/wp-json\/wp\/v2\/posts\/59126\/revisions"}],"predecessor-version":[{"id":81125,"href":"https:\/\/www.cocondedecoration.com\/blog\/wp-json\/wp\/v2\/posts\/59126\/revisions\/81125"}],"wp:featuredmedia":[{"embeddable":true,"href":"https:\/\/www.cocondedecoration.com\/blog\/wp-json\/wp\/v2\/media\/59215"}],"wp:attachment":[{"href":"https:\/\/www.cocondedecoration.com\/blog\/wp-json\/wp\/v2\/media?parent=59126"}],"wp:term":[{"taxonomy":"category","embeddable":true,"href":"https:\/\/www.cocondedecoration.com\/blog\/wp-json\/wp\/v2\/categories?post=59126"},{"taxonomy":"post_tag","embeddable":true,"href":"https:\/\/www.cocondedecoration.com\/blog\/wp-json\/wp\/v2\/tags?post=59126"}],"curies":[{"name":"wp","href":"https:\/\/api.w.org\/{rel}","templated":true}]}}