{"id":58624,"date":"2023-03-21T06:46:00","date_gmt":"2023-03-21T04:46:00","guid":{"rendered":"https:\/\/www.cocondedecoration.com\/blog\/?p=58624"},"modified":"2023-08-28T13:03:34","modified_gmt":"2023-08-28T11:03:34","slug":"decoration-art-nouveau","status":"publish","type":"post","link":"https:\/\/www.cocondedecoration.com\/blog\/2023\/03\/decoration-art-nouveau\/","title":{"rendered":"Design et Histoire | L&rsquo;Art Nouveau, une volont\u00e9 d&rsquo;unir l&rsquo;art &#038; le quotidien"},"content":{"rendered":"\n<p>Le mois pass\u00e9, il \u00e9tait question de la Belle \u00c9poque et vous avez s\u00fbrement \u00e9t\u00e9 d\u00e9\u00e7u(e) par le fait que je ne parle pas de l'Art Nouveau. Je trouvais bien trop r\u00e9ductrice l'id\u00e9e d'associer la fin du XIX\u00e8me et le d\u00e9but du XX\u00e8me si\u00e8cle uniquement \u00e0 l'Art Nouveau. Ce n'est pas parce que tout le monde ou presque le fait que c'est une bonne id\u00e9e. Le mois pass\u00e9 donc je vous avais emmen\u00e9 dans la culture populaire de la Belle \u00c9poque, on avait vu ce qui composait la d\u00e9co des cabarets, des maisons closes, des ateliers d'artistes et j'avais pris le temps de vous parler du style Second Empire. Pour une fois, je me tiens \u00e0 la chronologie. Et on va enfin parler du style Art Nouveau qui est tant appr\u00e9ci\u00e9 encore de nos jours. <\/p>\n\n\n\n<!--more-->\n\n\n\n<div class=\"wp-block-image\"><figure class=\"aligncenter\"><a href=\"https:\/\/www.patreon.com\/cocondedeco\" target=\"_blank\" rel=\"noreferrer noopener\"><img loading=\"lazy\" decoding=\"async\" width=\"728\" height=\"90\" src=\"http:\/\/www.cocondedecoration.com\/blog\/wp-content\/uploads\/2021\/01\/banniere-patreon.png\" alt=\"\" class=\"wp-image-33877\" srcset=\"https:\/\/www.cocondedecoration.com\/blog\/wp-content\/uploads\/2021\/01\/banniere-patreon.png 728w, https:\/\/www.cocondedecoration.com\/blog\/wp-content\/uploads\/2021\/01\/banniere-patreon-260x32.png 260w, https:\/\/www.cocondedecoration.com\/blog\/wp-content\/uploads\/2021\/01\/banniere-patreon-640x79.png 640w, https:\/\/www.cocondedecoration.com\/blog\/wp-content\/uploads\/2021\/01\/banniere-patreon-465x57.png 465w, https:\/\/www.cocondedecoration.com\/blog\/wp-content\/uploads\/2021\/01\/banniere-patreon-695x86.png 695w\" sizes=\"(max-width: 728px) 100vw, 728px\" \/><\/a><\/figure><\/div>\n\n\n\n<p style=\"text-align:center\" class=\"has-background has-small-font-size has-very-light-gray-background-color\">Avant de poursuivre cet article, j'aimerai vous parler quelques instants de Patreon. C'est une plateforme en plus du blog sur laquelle vous pouvez devenir m\u00e9c\u00e8ne du blog. <br><strong>Pourquoi soutenir le blog?<\/strong> <br>Parce que c'est un travail consid\u00e9rable et m\u00eame si je le fais avec passion c'est aussi un travail pr\u00e9caire (<a rel=\"noreferrer noopener\" href=\"https:\/\/www.patreon.com\/posts\/en-quoi-consiste-86917611\" target=\"_blank\">je vous explique tout cela en d\u00e9tail dans ce post<\/a>). Si vous aimez l'article que vous \u00eates en train de lire, si vous me suivez sur les r\u00e9seaux sociaux ou encore si vous lisez r\u00e9guli\u00e8rement le blog, je vous serai reconnaissante de soutenir le blog via Patreon. Par ailleurs, en vous abonnant sur la plateforme vous acc\u00e9derez \u00e0 des contenus exclusifs pour vous remercier de votre soutien. C'est sans engagement et chaque contribution fera la diff\u00e9rence. Merci par avance de votre aide! <br><a rel=\"noreferrer noopener\" href=\"https:\/\/www.patreon.com\/cocondedeco\" target=\"_blank\"><strong>En savoir plus &amp; acc\u00e9der \u00e0 Patreon<\/strong><\/a><\/p>\n\n\n\n<div class=\"wp-block-columns has-2-columns is-layout-flex wp-container-core-columns-layout-1 wp-block-columns-is-layout-flex\">\n<div class=\"wp-block-column is-layout-flow wp-block-column-is-layout-flow\">\n<h2 class=\"wp-block-heading\">01 \u2022 Origines et fin du mouvement Art Nouveau <\/h2>\n\n\n\n<p>Niveau chronologie, l'Art Nouveau se place au moment de ce qu'on appelle en France: la <strong>Belle \u00c9poque<\/strong>. L'Art Nouveau n'apparait pas tout \u00e0 fait au d\u00e9but de cette \u00e9poque mais plus dans la toute derni\u00e8re d\u00e9cennie du XIX\u00e8me (+\/- <strong>1890<\/strong>). Il connaitra son apog\u00e9e en <strong>1905<\/strong> puis sera remplac\u00e9 progressivement par l'Art D\u00e9co \u00e0 partir de <strong>1910<\/strong>. <br>L'Art Nouveau tire ses origines dans le mouvement outre Manche <strong>Arts &amp; Crafts<\/strong> qui se caract\u00e9rise notamment par de nombreuses inspirations naturelles et florales. (<a href=\"https:\/\/www.cocondedecoration.com\/blog\/2022\/10\/arts-and-craft-decoration-interieure\/\" target=\"_blank\" rel=\"noreferrer noopener\" aria-label=\"Pour en savoir plus sur l'Arts &amp; Crafts anglais, c'est par ici (s\u2019ouvre dans un nouvel onglet)\">Pour en savoir plus sur l'Arts &amp; Crafts anglais, c'est par ici<\/a>). On a aussi une<strong> rupture significative avec le style Second Empire<\/strong> \/ Napol\u00e9on III. L'opulence, le faste, l'\u00e9clectisme, les r\u00e9f\u00e9rences \u00e0 l'antiquit\u00e9... c'est fini avec l'Art Nouveau. Ou si la rupture n'est pas totale, les th\u00e9matiques sont vues avec un oeil nouveau. <\/p>\n\n\n\n<div style=\"height:60px\" aria-hidden=\"true\" class=\"wp-block-spacer\"><\/div>\n\n\n\n<h2 class=\"wp-block-heading\">02 \u2022 Diff\u00e9rence entre Art Nouveau et Art D\u00e9co <\/h2>\n\n\n\n<p>Dans la suite de l'Art Nouveau, on \u00e0 l'Art D\u00e9co. L'un est fait de courbes et de fleurs, l'autre de <strong>lignes plus strictes et droites<\/strong>. L'Art D\u00e9co est plus <strong>g\u00e9om\u00e9trique<\/strong>, plus <strong>sym\u00e9trique<\/strong> aussi. Il contraste avec ce qu'on appelle l'Art Nouille (quolibet donn\u00e9 \u00e0 l'Art Nouveau). <\/p>\n<\/div>\n\n\n\n<div class=\"wp-block-column is-layout-flow wp-block-column-is-layout-flow\">\n<figure class=\"wp-block-image\"><img loading=\"lazy\" decoding=\"async\" width=\"640\" height=\"960\" src=\"https:\/\/www.cocondedecoration.com\/blog\/wp-content\/uploads\/2023\/03\/cest-quoi-art-nouveau-1-640x960.jpeg\" alt=\"cest quoi art nouveau illustration noir et blanc int\u00e9rieur salon arche cloison ronde d\u00e9cor muraux plafond moulure\" class=\"wp-image-58627\" srcset=\"https:\/\/www.cocondedecoration.com\/blog\/wp-content\/uploads\/2023\/03\/cest-quoi-art-nouveau-1-640x960.jpeg 640w, https:\/\/www.cocondedecoration.com\/blog\/wp-content\/uploads\/2023\/03\/cest-quoi-art-nouveau-1-260x390.jpeg 260w, https:\/\/www.cocondedecoration.com\/blog\/wp-content\/uploads\/2023\/03\/cest-quoi-art-nouveau-1-768x1152.jpeg 768w, https:\/\/www.cocondedecoration.com\/blog\/wp-content\/uploads\/2023\/03\/cest-quoi-art-nouveau-1-367x550.jpeg 367w, https:\/\/www.cocondedecoration.com\/blog\/wp-content\/uploads\/2023\/03\/cest-quoi-art-nouveau-1-333x500.jpeg 333w, https:\/\/www.cocondedecoration.com\/blog\/wp-content\/uploads\/2023\/03\/cest-quoi-art-nouveau-1.jpeg 1000w\" sizes=\"(max-width: 640px) 100vw, 640px\" \/><figcaption>Bottega Pagani via Pinterest<\/figcaption><\/figure>\n<\/div>\n<\/div>\n\n\n\n<div style=\"height:100px\" aria-hidden=\"true\" class=\"wp-block-spacer\"><\/div>\n\n\n\n<div class=\"wp-block-columns has-2-columns is-layout-flex wp-container-core-columns-layout-2 wp-block-columns-is-layout-flex\">\n<div class=\"wp-block-column is-layout-flow wp-block-column-is-layout-flow\">\n<figure class=\"wp-block-image\"><img loading=\"lazy\" decoding=\"async\" width=\"640\" height=\"960\" src=\"https:\/\/www.cocondedecoration.com\/blog\/wp-content\/uploads\/2023\/03\/cest-quoi-art-nouveau-2-640x960.jpeg\" alt=\"cest quoi art nouveau fa\u00e7ade villa bourgeoise XIX\u00e8me si\u00e8cle d\u00e9but XX\u00e8me arche fen\u00eatre cintr\u00e9e bow window balcon ferronnerie garde-corps balcon Bruxelles\" class=\"wp-image-58628\" srcset=\"https:\/\/www.cocondedecoration.com\/blog\/wp-content\/uploads\/2023\/03\/cest-quoi-art-nouveau-2-640x960.jpeg 640w, https:\/\/www.cocondedecoration.com\/blog\/wp-content\/uploads\/2023\/03\/cest-quoi-art-nouveau-2-260x390.jpeg 260w, https:\/\/www.cocondedecoration.com\/blog\/wp-content\/uploads\/2023\/03\/cest-quoi-art-nouveau-2-768x1152.jpeg 768w, https:\/\/www.cocondedecoration.com\/blog\/wp-content\/uploads\/2023\/03\/cest-quoi-art-nouveau-2-367x550.jpeg 367w, https:\/\/www.cocondedecoration.com\/blog\/wp-content\/uploads\/2023\/03\/cest-quoi-art-nouveau-2-333x500.jpeg 333w, https:\/\/www.cocondedecoration.com\/blog\/wp-content\/uploads\/2023\/03\/cest-quoi-art-nouveau-2.jpeg 1000w\" sizes=\"(max-width: 640px) 100vw, 640px\" \/><figcaption>flickr.com\n<\/figcaption><\/figure>\n\n\n\n<ul class=\"wp-block-gallery columns-2 is-cropped wp-block-gallery-1 is-layout-flex wp-block-gallery-is-layout-flex\"><li class=\"blocks-gallery-item\"><figure><img loading=\"lazy\" decoding=\"async\" width=\"640\" height=\"960\" src=\"https:\/\/www.cocondedecoration.com\/blog\/wp-content\/uploads\/2023\/03\/interieur-art-nouveau-exemples-1-640x960.jpeg\" alt=\"interieur art nouveau exemples Victor Horta escaliers peinture murale arabesque vert sauge sur fond d\u00e9grad\u00e9 orang\u00e9\" data-id=\"58633\" data-link=\"https:\/\/www.cocondedecoration.com\/blog\/?attachment_id=58633\" class=\"wp-image-58633\" srcset=\"https:\/\/www.cocondedecoration.com\/blog\/wp-content\/uploads\/2023\/03\/interieur-art-nouveau-exemples-1-640x960.jpeg 640w, https:\/\/www.cocondedecoration.com\/blog\/wp-content\/uploads\/2023\/03\/interieur-art-nouveau-exemples-1-260x390.jpeg 260w, https:\/\/www.cocondedecoration.com\/blog\/wp-content\/uploads\/2023\/03\/interieur-art-nouveau-exemples-1-768x1152.jpeg 768w, https:\/\/www.cocondedecoration.com\/blog\/wp-content\/uploads\/2023\/03\/interieur-art-nouveau-exemples-1-367x550.jpeg 367w, https:\/\/www.cocondedecoration.com\/blog\/wp-content\/uploads\/2023\/03\/interieur-art-nouveau-exemples-1-333x500.jpeg 333w, https:\/\/www.cocondedecoration.com\/blog\/wp-content\/uploads\/2023\/03\/interieur-art-nouveau-exemples-1.jpeg 1000w\" sizes=\"(max-width: 640px) 100vw, 640px\" \/><figcaption>alanainsworthphotography.com\n<\/figcaption><\/figure><\/li><li class=\"blocks-gallery-item\"><figure><img loading=\"lazy\" decoding=\"async\" width=\"640\" height=\"960\" src=\"https:\/\/www.cocondedecoration.com\/blog\/wp-content\/uploads\/2023\/03\/interieur-art-nouveau-exemples-2-640x960.jpeg\" alt=\"interieur art nouveau exemples boiserie architecture courbe et arabesque couleur bleu et rouge bois \u00e9b\u00e9nisterie\" data-id=\"58634\" data-link=\"https:\/\/www.cocondedecoration.com\/blog\/?attachment_id=58634\" class=\"wp-image-58634\" srcset=\"https:\/\/www.cocondedecoration.com\/blog\/wp-content\/uploads\/2023\/03\/interieur-art-nouveau-exemples-2-640x960.jpeg 640w, https:\/\/www.cocondedecoration.com\/blog\/wp-content\/uploads\/2023\/03\/interieur-art-nouveau-exemples-2-260x390.jpeg 260w, https:\/\/www.cocondedecoration.com\/blog\/wp-content\/uploads\/2023\/03\/interieur-art-nouveau-exemples-2-768x1152.jpeg 768w, https:\/\/www.cocondedecoration.com\/blog\/wp-content\/uploads\/2023\/03\/interieur-art-nouveau-exemples-2-367x550.jpeg 367w, https:\/\/www.cocondedecoration.com\/blog\/wp-content\/uploads\/2023\/03\/interieur-art-nouveau-exemples-2-333x500.jpeg 333w, https:\/\/www.cocondedecoration.com\/blog\/wp-content\/uploads\/2023\/03\/interieur-art-nouveau-exemples-2.jpeg 1000w\" sizes=\"(max-width: 640px) 100vw, 640px\" \/><figcaption>S.E.R. via Pinterest<\/figcaption><\/figure><\/li><\/ul>\n<\/div>\n\n\n\n<div class=\"wp-block-column is-layout-flow wp-block-column-is-layout-flow\">\n<h2 class=\"wp-block-heading\" id=\"mce_19\">03 \u2022 C'est quoi l'Art Nouveau? <\/h2>\n\n\n\n<p>L'Art Nouveau, c'est plusieurs choses. Je l'ai dit, c'est une rupture avec le style qui le pr\u00e9c\u00e8de, avec une certaine forme de classicisme. C'est aussi un <strong>style international<\/strong>. Il n'est pas que fran\u00e7ais m\u00eame si quand on pense \u00e0 l'Art Nouveau on pense au m\u00e9tro parisien bien souvent. Ce style nait essentiellement \u00e0 Bruxelles, \u00e0 Paris et \u00e0 Londres mais ce d\u00e9ploie rapidement dans <strong>toute l'Europe<\/strong>. Par ailleurs, contrairement \u00e0 d'autres mouvements architecturaux et d\u00e9coratifs, l'Art Nouveau n'est <strong>pas compl\u00e8tement th\u00e9oris\u00e9<\/strong>. Les grandes lignes ne sont pas \u00e9crites noir sur blanc et cela permet aux artistes une grande libert\u00e9. Encore un exemple d'une <strong>rigueur laiss\u00e9e de c\u00f4t\u00e9<\/strong> au profit de la cr\u00e9ation et de l'expression de chacun. <br>L'Art Nouveau est <strong>un art total<\/strong>, autrement dit c'est un style qui concerne aussi bien l'architecture que les arts d\u00e9coratifs. J'ai d\u00e9j\u00e0 \u00e9voqu\u00e9 cette id\u00e9e <a rel=\"noreferrer noopener\" href=\"https:\/\/www.cocondedecoration.com\/blog\/2022\/12\/mouvement-bauhaus-design\/\" target=\"_blank\">quand je vous ai parl\u00e9 du Bauhaus<\/a>. Certains courants <strong>refusent de faire la distinction entre arts majeurs<\/strong> (peinture, sculpture et architecture) <strong>et arts mineurs<\/strong> (tout le reste dont le vitrail, la marqueterie, la c\u00e9ramique ou encore la tapisserie). On a donc encore des exemples de l'Art Nouveau \u00e0 travers l'architecture (et de magnifiques fa\u00e7ades) et aussi le mobilier, les arts graphiques notamment une vaste collection d'affiches ou la verrerie. <\/p>\n\n\n\n<h2 class=\"wp-block-heading\" id=\"mce_20\">04 \u2022 L'art Nouveau ou le fait d'associer l'art &amp; le quotidien <\/h2>\n\n\n\n<p>Cet effacement et l'absence de hi\u00e9rarchisation entre les diff\u00e9rents arts ne marque pas uniquement une rupture avec le classicisme par exemple. C'est aussi une mani\u00e8re d'int\u00e9grer l'art dans le quotidien. L'association architecture et arts d\u00e9coratifs fait que <strong>les gens vivent dans une oeuvre d'art<\/strong>. On veut vivre dans du beau. Pas uniquement du fonctionnel, pas uniquement un hommage \u00e0 des \u00e9poques r\u00e9volues. Le beau et l'esth\u00e9tisme ont de l'importance et contribuent au bien-vivre. La rampe et le garde-corps de l'escaliers ne sont plus uniquement des attributs pratiques, ils d\u00e9corent. Les fen\u00eatres - idem gr\u00e2ce aux vitraux qui apportent \u00e0 la fois lumi\u00e8re, couleurs et motifs. <br>Par ailleurs, si on remet un peu l'Art Nouveau dans son contexte, on est au d\u00e9but de l'\u00e8re industrielle qui commence \u00e0 r\u00e9volutionner la mani\u00e8re de concevoir le mobilier. Dans un souci pratique, les meubles deviennent plus simples pour \u00eatre fabriqu\u00e9s \u00e0 la chaine. Mais l'Art Nouveau se rapproche alors du mouvement Arts &amp; Crafts qui place <strong>l'artisanat<\/strong> au premier plan. <\/p>\n<\/div>\n<\/div>\n\n\n\n<div style=\"height:100px\" aria-hidden=\"true\" class=\"wp-block-spacer\"><\/div>\n\n\n\n<div class=\"wp-block-columns has-2-columns is-layout-flex wp-container-core-columns-layout-3 wp-block-columns-is-layout-flex\">\n<div class=\"wp-block-column is-layout-flow wp-block-column-is-layout-flow\">\n<h2 class=\"wp-block-heading\">05 \u2022 Les th\u00e9matiques r\u00e9currentes dans l'Art Nouveau <\/h2>\n\n\n\n<h3 class=\"wp-block-heading\">05 \u2022 1 \u2022 Th\u00e8me phare de l'Art Nouveau: la nature <\/h3>\n\n\n\n<p>La nature est partout quand il est question d'Art Nouveau. Elle est source d'<strong>observations<\/strong>, de <strong>r\u00e9flexions<\/strong>, d'<strong>inspirations<\/strong>. Elle est source de motifs, de lignes courbes. M\u00eame si on rapproche facilement l'Art Nouveau au mouvement Arts &amp; Craft sur ce point, il y a tout de m\u00eame des diff\u00e9rences esth\u00e9tiques. William Morris puisait son inspiration notamment dans l'iconographie m\u00e9di\u00e9vale - une forme peut-\u00eatre plus symbolique de la nature trac\u00e9e \u00e0 la plume dans des manuscrits alors qu'il y a <strong>un aspect plus po\u00e9tique et f\u00e9minin <\/strong>dans l'Art Nouveau. Ombelles, iris, lunaires (appel\u00e9es aussi Monnaie-du-Pape), chardons ou encore Gingko sont des plantes et fleurs qui inspireront les acteurs de l'Art Nouveau aussi bien pour le travail du verre, les d\u00e9tails de fa\u00e7ade, les d\u00e9cors d'affiches... Herctor Guimard dira en 1900: \u00ab On n\u2019invente rien : toutes les formes sont d\u00e9j\u00e0 cr\u00e9\u00e9es dans la nature. \u00bb <\/p>\n\n\n\n<h3 class=\"wp-block-heading\">05 \u2022 2 \u2022 Une autre repr\u00e9sentation de la femme \u00e0 travers l'Art Nouveau <\/h3>\n\n\n\n<p>Dans l'Art Nouveau, notamment par le biais des affiches qui connaissent un grand essor, la femme est <strong>th\u00e9\u00e2tralis\u00e9e<\/strong>. Elle est mise en sc\u00e8ne comme dans un d\u00e9cor de th\u00e9\u00e2tre. Ce d<strong>\u00e9cor est v\u00e9g\u00e9tal, naturel<\/strong>. Parfois, on trouve un fauteuil. Tr\u00e8s fr\u00e9quemment, elle se trouve devant une <strong>aur\u00e9ole<\/strong> (symbole biblique revisit\u00e9) qui fait aussi penser aux vitraux et arches sp\u00e9cifiques de ce mouvement. <br>La femme est \u00e9rotis\u00e9e. Jusqu'\u00e0 cette \u00e9poque et ce mouvement, la femme m\u00eame si elle \u00e9tait nue r\u00e9pondait \u00e0 un id\u00e9al qu'on pourrait appel\u00e9 un id\u00e9al biblique. La femme \u00e9tait vierge, \u00e9pouse, m\u00e8re mais pas \u00e9rotique. N\u00e9anmoins, \u00e0 <a rel=\"noreferrer noopener\" aria-label=\"la Belle \u00c9poque (s\u2019ouvre dans un nouvel onglet)\" href=\"https:\/\/www.cocondedecoration.com\/blog\/2023\/03\/decoration-belle-epoque\/\" target=\"_blank\">la Belle \u00c9poque<\/a> la femme c'est aussi la <strong>fille de joie, la danseuse de cabaret<\/strong>. On a Toulouse-Lautrec par exemple qui a peint son quotidien dans les maisons closes et qui a mis en peinture une certaine forme f\u00e9minine de la sexualit\u00e9. Dans l'Art Nouveau, on retrouve une autre <strong>forme d'\u00e9rotisme<\/strong>: des textiles l\u00e2ches et transparents (comme de la lingerie), des \u00e9paules d\u00e9nud\u00e9es parfois des chevilles ou des jambes, des poses lascives... <br>Plus d'un si\u00e8cle apr\u00e8s la fin de l'Art Nouveau, on peut aussi mettre en avant le fait que la femme dans ce moment est essentiellement <strong>une femme objet<\/strong>. Elle pose comme une sculpture que l'on placerait sur le buffet. Elle ne fait pas de vague outre le fait de montrer son \u00e9rotisme. Elle s'inscrit dans un d\u00e9cor au m\u00eame titre qu'une belle plante. N'oublions pas que Mucha a peint \u00e0 de nombreuses reprises l'actrice Sarah Bernhardt et pas Louise Michel! <\/p>\n<\/div>\n\n\n\n<div class=\"wp-block-column is-layout-flow wp-block-column-is-layout-flow\">\n<figure class=\"wp-block-image\"><img loading=\"lazy\" decoding=\"async\" width=\"640\" height=\"960\" src=\"https:\/\/www.cocondedecoration.com\/blog\/wp-content\/uploads\/2023\/03\/cest-quoi-art-nouveau-3-640x960.jpeg\" alt=\"cest quoi art nouveau jardin d'hiver v\u00e9randa en m\u00e9tal et vitraux lumi\u00e8re plantes exotiques\" class=\"wp-image-58629\" srcset=\"https:\/\/www.cocondedecoration.com\/blog\/wp-content\/uploads\/2023\/03\/cest-quoi-art-nouveau-3-640x960.jpeg 640w, https:\/\/www.cocondedecoration.com\/blog\/wp-content\/uploads\/2023\/03\/cest-quoi-art-nouveau-3-260x390.jpeg 260w, https:\/\/www.cocondedecoration.com\/blog\/wp-content\/uploads\/2023\/03\/cest-quoi-art-nouveau-3-768x1152.jpeg 768w, https:\/\/www.cocondedecoration.com\/blog\/wp-content\/uploads\/2023\/03\/cest-quoi-art-nouveau-3-367x550.jpeg 367w, https:\/\/www.cocondedecoration.com\/blog\/wp-content\/uploads\/2023\/03\/cest-quoi-art-nouveau-3-333x500.jpeg 333w, https:\/\/www.cocondedecoration.com\/blog\/wp-content\/uploads\/2023\/03\/cest-quoi-art-nouveau-3.jpeg 1000w\" sizes=\"(max-width: 640px) 100vw, 640px\" \/><figcaption>inspirationsdeco.blogspot.fr<\/figcaption><\/figure>\n\n\n\n<div style=\"height:60px\" aria-hidden=\"true\" class=\"wp-block-spacer\"><\/div>\n\n\n\n<ul class=\"wp-block-gallery columns-2 is-cropped wp-block-gallery-2 is-layout-flex wp-block-gallery-is-layout-flex\"><li class=\"blocks-gallery-item\"><figure><img loading=\"lazy\" decoding=\"async\" width=\"640\" height=\"960\" src=\"https:\/\/www.cocondedecoration.com\/blog\/wp-content\/uploads\/2023\/03\/interieur-art-nouveau-exemples-3-640x960.jpeg\" alt=\"interieur art nouveau exemples porte entr\u00e9e ext\u00e9rieur bois arche courbe rondeur motif v\u00e9g\u00e9tal couleur organique\" data-id=\"58635\" data-link=\"https:\/\/www.cocondedecoration.com\/blog\/?attachment_id=58635\" class=\"wp-image-58635\" srcset=\"https:\/\/www.cocondedecoration.com\/blog\/wp-content\/uploads\/2023\/03\/interieur-art-nouveau-exemples-3-640x960.jpeg 640w, https:\/\/www.cocondedecoration.com\/blog\/wp-content\/uploads\/2023\/03\/interieur-art-nouveau-exemples-3-260x390.jpeg 260w, https:\/\/www.cocondedecoration.com\/blog\/wp-content\/uploads\/2023\/03\/interieur-art-nouveau-exemples-3-768x1152.jpeg 768w, https:\/\/www.cocondedecoration.com\/blog\/wp-content\/uploads\/2023\/03\/interieur-art-nouveau-exemples-3-367x550.jpeg 367w, https:\/\/www.cocondedecoration.com\/blog\/wp-content\/uploads\/2023\/03\/interieur-art-nouveau-exemples-3-333x500.jpeg 333w, https:\/\/www.cocondedecoration.com\/blog\/wp-content\/uploads\/2023\/03\/interieur-art-nouveau-exemples-3.jpeg 1000w\" sizes=\"(max-width: 640px) 100vw, 640px\" \/><figcaption>Ava de Pritt via Pinterest<\/figcaption><\/figure><\/li><li class=\"blocks-gallery-item\"><figure><img loading=\"lazy\" decoding=\"async\" width=\"640\" height=\"960\" src=\"https:\/\/www.cocondedecoration.com\/blog\/wp-content\/uploads\/2023\/03\/interieur-art-nouveau-exemples-4-640x960.jpeg\" alt=\"interieur art nouveau exemples salle de bain carrelage d\u00e9cor femme inspiration Mucha arabesque couleur vert rose\" data-id=\"58636\" data-link=\"https:\/\/www.cocondedecoration.com\/blog\/?attachment_id=58636\" class=\"wp-image-58636\" srcset=\"https:\/\/www.cocondedecoration.com\/blog\/wp-content\/uploads\/2023\/03\/interieur-art-nouveau-exemples-4-640x960.jpeg 640w, https:\/\/www.cocondedecoration.com\/blog\/wp-content\/uploads\/2023\/03\/interieur-art-nouveau-exemples-4-260x390.jpeg 260w, https:\/\/www.cocondedecoration.com\/blog\/wp-content\/uploads\/2023\/03\/interieur-art-nouveau-exemples-4-768x1152.jpeg 768w, https:\/\/www.cocondedecoration.com\/blog\/wp-content\/uploads\/2023\/03\/interieur-art-nouveau-exemples-4-367x550.jpeg 367w, https:\/\/www.cocondedecoration.com\/blog\/wp-content\/uploads\/2023\/03\/interieur-art-nouveau-exemples-4-333x500.jpeg 333w, https:\/\/www.cocondedecoration.com\/blog\/wp-content\/uploads\/2023\/03\/interieur-art-nouveau-exemples-4.jpeg 1000w\" sizes=\"(max-width: 640px) 100vw, 640px\" \/><figcaption>weheartit.com\n<\/figcaption><\/figure><\/li><\/ul>\n<\/div>\n<\/div>\n\n\n\n<div style=\"height:100px\" aria-hidden=\"true\" class=\"wp-block-spacer\"><\/div>\n\n\n\n<div class=\"wp-block-columns has-2-columns is-layout-flex wp-container-core-columns-layout-4 wp-block-columns-is-layout-flex\">\n<div class=\"wp-block-column is-layout-flow wp-block-column-is-layout-flow\">\n<figure class=\"wp-block-image\"><img loading=\"lazy\" decoding=\"async\" width=\"640\" height=\"960\" src=\"https:\/\/www.cocondedecoration.com\/blog\/wp-content\/uploads\/2023\/03\/cest-quoi-art-nouveau-4-640x960.jpeg\" alt=\"cest quoi art nouveau salon s\u00e9jour m\u00e9ridienne velours rose capitonn\u00e9 d\u00e9cor mural arabesque dessin\" class=\"wp-image-58630\" srcset=\"https:\/\/www.cocondedecoration.com\/blog\/wp-content\/uploads\/2023\/03\/cest-quoi-art-nouveau-4-640x960.jpeg 640w, https:\/\/www.cocondedecoration.com\/blog\/wp-content\/uploads\/2023\/03\/cest-quoi-art-nouveau-4-260x390.jpeg 260w, https:\/\/www.cocondedecoration.com\/blog\/wp-content\/uploads\/2023\/03\/cest-quoi-art-nouveau-4-768x1152.jpeg 768w, https:\/\/www.cocondedecoration.com\/blog\/wp-content\/uploads\/2023\/03\/cest-quoi-art-nouveau-4-367x550.jpeg 367w, https:\/\/www.cocondedecoration.com\/blog\/wp-content\/uploads\/2023\/03\/cest-quoi-art-nouveau-4-333x500.jpeg 333w, https:\/\/www.cocondedecoration.com\/blog\/wp-content\/uploads\/2023\/03\/cest-quoi-art-nouveau-4.jpeg 1000w\" sizes=\"(max-width: 640px) 100vw, 640px\" \/><figcaption>chairish.com\n<\/figcaption><\/figure>\n\n\n\n<ul class=\"wp-block-gallery columns-2 is-cropped wp-block-gallery-3 is-layout-flex wp-block-gallery-is-layout-flex\"><li class=\"blocks-gallery-item\"><figure><img loading=\"lazy\" decoding=\"async\" width=\"640\" height=\"960\" src=\"https:\/\/www.cocondedecoration.com\/blog\/wp-content\/uploads\/2023\/03\/interieur-art-nouveau-exemples-5-640x960.jpeg\" alt=\"interieur art nouveau exemples architecture escalier rampe et garde-corps travaill\u00e9 coup de fouet arabesque courbe floral\" data-id=\"58637\" data-link=\"https:\/\/www.cocondedecoration.com\/blog\/?attachment_id=58637\" class=\"wp-image-58637\" srcset=\"https:\/\/www.cocondedecoration.com\/blog\/wp-content\/uploads\/2023\/03\/interieur-art-nouveau-exemples-5-640x960.jpeg 640w, https:\/\/www.cocondedecoration.com\/blog\/wp-content\/uploads\/2023\/03\/interieur-art-nouveau-exemples-5-260x390.jpeg 260w, https:\/\/www.cocondedecoration.com\/blog\/wp-content\/uploads\/2023\/03\/interieur-art-nouveau-exemples-5-768x1152.jpeg 768w, https:\/\/www.cocondedecoration.com\/blog\/wp-content\/uploads\/2023\/03\/interieur-art-nouveau-exemples-5-367x550.jpeg 367w, https:\/\/www.cocondedecoration.com\/blog\/wp-content\/uploads\/2023\/03\/interieur-art-nouveau-exemples-5-333x500.jpeg 333w, https:\/\/www.cocondedecoration.com\/blog\/wp-content\/uploads\/2023\/03\/interieur-art-nouveau-exemples-5.jpeg 1000w\" sizes=\"(max-width: 640px) 100vw, 640px\" \/><figcaption>rtbf.be\n<\/figcaption><\/figure><\/li><li class=\"blocks-gallery-item\"><figure><img loading=\"lazy\" decoding=\"async\" width=\"640\" height=\"960\" src=\"https:\/\/www.cocondedecoration.com\/blog\/wp-content\/uploads\/2023\/03\/interieur-art-nouveau-exemples-6-640x960.jpeg\" alt=\"interieur art nouveau exemples s\u00e9paration pi\u00e8ce bois boiserie arche verre jardin d'hiver pi\u00e8ce de vie\" data-id=\"58638\" data-link=\"https:\/\/www.cocondedecoration.com\/blog\/?attachment_id=58638\" class=\"wp-image-58638\" srcset=\"https:\/\/www.cocondedecoration.com\/blog\/wp-content\/uploads\/2023\/03\/interieur-art-nouveau-exemples-6-640x960.jpeg 640w, https:\/\/www.cocondedecoration.com\/blog\/wp-content\/uploads\/2023\/03\/interieur-art-nouveau-exemples-6-260x390.jpeg 260w, https:\/\/www.cocondedecoration.com\/blog\/wp-content\/uploads\/2023\/03\/interieur-art-nouveau-exemples-6-768x1152.jpeg 768w, https:\/\/www.cocondedecoration.com\/blog\/wp-content\/uploads\/2023\/03\/interieur-art-nouveau-exemples-6-367x550.jpeg 367w, https:\/\/www.cocondedecoration.com\/blog\/wp-content\/uploads\/2023\/03\/interieur-art-nouveau-exemples-6-333x500.jpeg 333w, https:\/\/www.cocondedecoration.com\/blog\/wp-content\/uploads\/2023\/03\/interieur-art-nouveau-exemples-6.jpeg 1000w\" sizes=\"(max-width: 640px) 100vw, 640px\" \/><figcaption>Evy Alm\u00e5s via Pinterest<\/figcaption><\/figure><\/li><\/ul>\n<\/div>\n\n\n\n<div class=\"wp-block-column is-layout-flow wp-block-column-is-layout-flow\">\n<h2 class=\"wp-block-heading\" id=\"mce_14\">06 \u2022 Les principaux acteurs de l'Art Nouveau <\/h2>\n\n\n\n<ul><li><strong>Victor Horta<\/strong> (Belgique 1861-1947): Il n'est pas juste architecte, il cr\u00e9e aussi du mobilier. Il est connu pour son travail notamment autour de la cage d'escalier o\u00f9 la fluidit\u00e9 est de mise. Son style se caract\u00e9rise par la lumi\u00e8re qui magnifie l'espace gr\u00e2ce \u00e0 des verri\u00e8res, des puits de lumi\u00e8re. On trouve aussi des sols en mosa\u00efque, des murs peints, des arabesques et des volutes. L'<em>H\u00f4tel Cassel<\/em> est une maison bourgeoise construite en 1893 et c'est la premi\u00e8re dans le style Art Nouveau \u00e0 Bruxelles. <\/li><li><strong>Antoni Gaudi<\/strong> (Catalogne 1852-1926): 7 de ses oeuvres sont inscrites au patrimoine mondial de l'Humanit\u00e9 par l'UNESCO. Il associe architecture et artisanat et sa source d'inspiration est avant tout la nature. <\/li><li><strong>Hector Guimard<\/strong> (France 1867-1942): C'est apr\u00e8s une rencontre avec Victor Horta que Guimard se lance dans l'Art Nouveau. Il empruntera d'ailleurs les lignes \"coups de fouet\" \u00e0 Horta. Le fran\u00e7ais est connu encore aujourd'hui pour les entr\u00e9es de m\u00e9tro de Paris alors qu'\u00e0 l'\u00e9poque il fut critiqu\u00e9 pour cet ensemble de r\u00e9alisations. <\/li><li><strong>Louis Majorelle<\/strong> (France 1859-1926): \u00e9b\u00e9niste et d\u00e9corateur qui fait partie de l'\u00c9cole de Nancy. Il est connu pour avoir con\u00e7u la <em>Villa Majorelle<\/em> ou appel\u00e9e<em> Villa JK<\/em>. C'est aussi \u00e0 lui que l'on doit les balcons et la rampe d'escaliers du grand magasin Les Galeries Lafayette (\u00e0 pr\u00e9sent d\u00e9mont\u00e9s). Il a dessin\u00e9 de nombreux meubles et vitraux. (Note: Ce n'est pas \u00e0 lui que l'on doit le bleu Majorelle). <\/li><li><strong>Victor Prouv\u00e9<\/strong> (France 1858-1943): peintre, sculpteur et graveur qui fait aussi partie de l'\u00c9cole de Nancy. <\/li><li><strong>Otto Wagner<\/strong> (Autriche 1841-1918): Architecte connu entre autre pour la <em>Maison des majoliques<\/em> (<em>Majolikahaus<\/em>) \u00e0 Vienne dont la d\u00e9coration de la fa\u00e7ade est faite de motifs floraux, de couleurs et de courbes. <\/li><li><strong>Louis Comfort Tiffany<\/strong> (Etats-Unis 1848-1933): Artiste verrier, son nom vous dit certainement quelque chose gr\u00e2ce \u00e0 la c\u00e9l\u00e8bre <em>Lampe Tulipe<\/em> d\u00e9cor\u00e9e \u00e0 la mani\u00e8re d'un vitrail. <\/li><li><strong>Alfons Mucha<\/strong> (R\u00e9publique Tch\u00e8que 1860-1939): probablement le plus connu, il est affichiste, illustrateur, graphiste et peintre. L'actrice Sarah Bernhardt fait appel \u00e0 lui \u00e0 partir de fin d\u00e9cembre 1894 pour promouvoir l'un de ses spectacles. Il collaboreront ensemble pendant 6 ans. Il cr\u00e9e aussi des affiches publicitaires pour Mo\u00ebt et Chandon, la Savonnerie du Bagnolet, le papier \u00e0 cigarettes JOB...  <\/li><\/ul>\n<\/div>\n<\/div>\n\n\n\n<div style=\"height:100px\" aria-hidden=\"true\" class=\"wp-block-spacer\"><\/div>\n\n\n\n<div class=\"wp-block-columns has-2-columns is-layout-flex wp-container-core-columns-layout-5 wp-block-columns-is-layout-flex\">\n<div class=\"wp-block-column is-layout-flow wp-block-column-is-layout-flow\">\n<h2 class=\"wp-block-heading\">07 \u2022 Comment faire r\u00e9f\u00e9rence chez soi \u00e0 l'Art Nouveau <\/h2>\n\n\n\n<p>Ce n'est pas si facile je trouve de faire r\u00e9f\u00e9rence \u00e0 l'Art Nouveau dans sa d\u00e9co int\u00e9rieure. Si vous pr\u00e9voyez de faire des travaux de <strong>r\u00e9novation<\/strong>, vous pouvez vous inspirer un garde-corps d'escaliers tout en courbes, des vitraux, ajouter \u00e9ventuellement de nouvelles fen\u00eatres, cr\u00e9er une arche ronde entre les pi\u00e8ces. Mais cela n\u00e9cessite des <strong>travaux cons\u00e9quents<\/strong> et le <strong>budget<\/strong> qui va avec! Travailler \u00e0 proprement parl\u00e9 l'architecture d'un int\u00e9rieur n'est pas \u00e0 la port\u00e9e de tous. <\/p>\n\n\n\n<p>Pour le mobilier, ce n'est pas \u00e9vident non plus. Les vraies pi\u00e8ces Art Nouveau sont des <strong>meubles de collection<\/strong>. Le travail du bois, cette relation entre la nature et les courbes, ce n'est <strong>pas vraiment d'actualit\u00e9<\/strong> dans l'univers du mobilier. Donc \u00e0 moins de demander \u00e0 un <strong>\u00e9b\u00e9niste<\/strong> de cr\u00e9er un meuble sur-mesure, les meubles ne sont globalement pas une alternative envisageable pour M. et Mme. Toutlemonde. <\/p>\n\n\n\n<p>Il reste alors tout ce qui est d\u00e9coratif. M\u00eame si j'appr\u00e9cie les courbes dans l'architecture int\u00e9rieure de l'Art Nouveau, je suis moins sensible \u00e0 tout ce qui est vases ou luminaires. On peut trouver des <strong>lampes d'inspiration Tiffany<\/strong> encore de nos jours. Dans une autre veine, la <strong>d\u00e9co murale<\/strong> me semble \u00eatre un bon compromis. Vous pouvez faire appel \u00e0 un <strong>artisan d\u00e9corateur<\/strong> qui peindra l'un de vos murs ou toute une pi\u00e8ce dans un style Art Nouveau avec des couleurs organiques, des formes naturelles et florales. Le <strong>papier peint<\/strong> est une solution aussi. En revanche, il est tr\u00e8s fr\u00e9quent que la d\u00e9signation Art Nouveau renvoie au final \u00e0 des rev\u00eatements aux inspirations Arts &amp; Crafts. Ce n'est pas tout \u00e0 fait la m\u00eame chose quant \u00e0 la repr\u00e9sentation de la nature. Enfin, ce qui me semble accessible \u00e0 tous, c'est l'utilisation de <strong>reproductions d'affiches publicitaires<\/strong>. Simple, rapide et efficace. Et surtout, \u00e7a ne demande pas un budget colossal. <\/p>\n\n\n\n<p>Toujours dans une d\u00e9marche d\u00e9corative plus qu'architecturale, pour faire r\u00e9f\u00e9rence \u00e0 l'Art Nouveau chez vous, il est possible de le faire gr\u00e2ce au <strong>carrelage mural<\/strong> et \u00e0 la <strong>mosa\u00efque au sol<\/strong>. Cette derni\u00e8re permet de cr\u00e9er du motif notamment des arabesques. Le carrelage mural lui est plus centr\u00e9 sur un d\u00e9cor compos\u00e9 de plusieurs carreaux - d\u00e9cor floral et color\u00e9. L'un comme l'autre, c'est un choix qui sort de l'ordinaire mais cela me semble \u00eatre un joli clin d'oeil \u00e0 cette \u00e9poque.  <\/p>\n<\/div>\n\n\n\n<div class=\"wp-block-column is-layout-flow wp-block-column-is-layout-flow\">\n<figure class=\"wp-block-image\"><img loading=\"lazy\" decoding=\"async\" width=\"640\" height=\"960\" src=\"https:\/\/www.cocondedecoration.com\/blog\/wp-content\/uploads\/2023\/03\/cest-quoi-art-nouveau-5-640x960.jpeg\" alt=\"cest quoi art nouveau rev\u00eatement mural carrelage salle de bain motif v\u00e9g\u00e9tal vert soubassement arabesque\" class=\"wp-image-58631\" srcset=\"https:\/\/www.cocondedecoration.com\/blog\/wp-content\/uploads\/2023\/03\/cest-quoi-art-nouveau-5-640x960.jpeg 640w, https:\/\/www.cocondedecoration.com\/blog\/wp-content\/uploads\/2023\/03\/cest-quoi-art-nouveau-5-260x390.jpeg 260w, https:\/\/www.cocondedecoration.com\/blog\/wp-content\/uploads\/2023\/03\/cest-quoi-art-nouveau-5-768x1152.jpeg 768w, https:\/\/www.cocondedecoration.com\/blog\/wp-content\/uploads\/2023\/03\/cest-quoi-art-nouveau-5-367x550.jpeg 367w, https:\/\/www.cocondedecoration.com\/blog\/wp-content\/uploads\/2023\/03\/cest-quoi-art-nouveau-5-333x500.jpeg 333w, https:\/\/www.cocondedecoration.com\/blog\/wp-content\/uploads\/2023\/03\/cest-quoi-art-nouveau-5.jpeg 1000w\" sizes=\"(max-width: 640px) 100vw, 640px\" \/><figcaption>flickr.com\n<\/figcaption><\/figure>\n\n\n\n<ul class=\"wp-block-gallery columns-2 is-cropped wp-block-gallery-4 is-layout-flex wp-block-gallery-is-layout-flex\"><li class=\"blocks-gallery-item\"><figure><img loading=\"lazy\" decoding=\"async\" width=\"640\" height=\"960\" src=\"https:\/\/www.cocondedecoration.com\/blog\/wp-content\/uploads\/2023\/03\/interieur-art-nouveau-exemples-7-640x960.jpeg\" alt=\"interieur art nouveau exemples vitrail architecture pi\u00e8ce rond arche ronde chic \u00e9l\u00e9gant lumineux moderne\" data-id=\"58639\" data-link=\"https:\/\/www.cocondedecoration.com\/blog\/?attachment_id=58639\" class=\"wp-image-58639\" srcset=\"https:\/\/www.cocondedecoration.com\/blog\/wp-content\/uploads\/2023\/03\/interieur-art-nouveau-exemples-7-640x960.jpeg 640w, https:\/\/www.cocondedecoration.com\/blog\/wp-content\/uploads\/2023\/03\/interieur-art-nouveau-exemples-7-260x390.jpeg 260w, https:\/\/www.cocondedecoration.com\/blog\/wp-content\/uploads\/2023\/03\/interieur-art-nouveau-exemples-7-768x1152.jpeg 768w, https:\/\/www.cocondedecoration.com\/blog\/wp-content\/uploads\/2023\/03\/interieur-art-nouveau-exemples-7-367x550.jpeg 367w, https:\/\/www.cocondedecoration.com\/blog\/wp-content\/uploads\/2023\/03\/interieur-art-nouveau-exemples-7-333x500.jpeg 333w, https:\/\/www.cocondedecoration.com\/blog\/wp-content\/uploads\/2023\/03\/interieur-art-nouveau-exemples-7.jpeg 1000w\" sizes=\"(max-width: 640px) 100vw, 640px\" \/><figcaption>Krika via Pinterest<\/figcaption><\/figure><\/li><li class=\"blocks-gallery-item\"><figure><img loading=\"lazy\" decoding=\"async\" width=\"640\" height=\"960\" src=\"https:\/\/www.cocondedecoration.com\/blog\/wp-content\/uploads\/2023\/03\/interieur-art-nouveau-exemples-8-640x960.jpeg\" alt=\"interieur art nouveau exemples hall d'entr\u00e9e cage d'escaliers boiserie mosa\u00efque sol peinture d\u00e9cor mural\" data-id=\"58640\" data-link=\"https:\/\/www.cocondedecoration.com\/blog\/?attachment_id=58640\" class=\"wp-image-58640\" srcset=\"https:\/\/www.cocondedecoration.com\/blog\/wp-content\/uploads\/2023\/03\/interieur-art-nouveau-exemples-8-640x960.jpeg 640w, https:\/\/www.cocondedecoration.com\/blog\/wp-content\/uploads\/2023\/03\/interieur-art-nouveau-exemples-8-260x390.jpeg 260w, https:\/\/www.cocondedecoration.com\/blog\/wp-content\/uploads\/2023\/03\/interieur-art-nouveau-exemples-8-768x1152.jpeg 768w, https:\/\/www.cocondedecoration.com\/blog\/wp-content\/uploads\/2023\/03\/interieur-art-nouveau-exemples-8-367x550.jpeg 367w, https:\/\/www.cocondedecoration.com\/blog\/wp-content\/uploads\/2023\/03\/interieur-art-nouveau-exemples-8-333x500.jpeg 333w, https:\/\/www.cocondedecoration.com\/blog\/wp-content\/uploads\/2023\/03\/interieur-art-nouveau-exemples-8.jpeg 1000w\" sizes=\"(max-width: 640px) 100vw, 640px\" \/><figcaption>pinterest.fr<\/figcaption><\/figure><\/li><\/ul>\n<\/div>\n<\/div>\n\n\n\n<div style=\"height:100px\" aria-hidden=\"true\" class=\"wp-block-spacer\"><\/div>\n\n\n\n<h2 class=\"wp-block-heading\">08 \u2022 D\u00e9cors Art Nouveau en images <\/h2>\n\n\n\n<ul class=\"wp-block-gallery columns-3 is-cropped wp-block-gallery-5 is-layout-flex wp-block-gallery-is-layout-flex\"><li class=\"blocks-gallery-item\"><figure><img loading=\"lazy\" decoding=\"async\" width=\"640\" height=\"960\" src=\"https:\/\/www.cocondedecoration.com\/blog\/wp-content\/uploads\/2023\/03\/art-nouveau-architecture-interieure-18-640x960.jpeg\" alt=\"art nouveau architecture interieure mosa\u00efque sol fleur d\u00e9tail couleur exception\" data-id=\"58658\" data-link=\"https:\/\/www.cocondedecoration.com\/blog\/?attachment_id=58658\" class=\"wp-image-58658\" srcset=\"https:\/\/www.cocondedecoration.com\/blog\/wp-content\/uploads\/2023\/03\/art-nouveau-architecture-interieure-18-640x960.jpeg 640w, https:\/\/www.cocondedecoration.com\/blog\/wp-content\/uploads\/2023\/03\/art-nouveau-architecture-interieure-18-260x390.jpeg 260w, https:\/\/www.cocondedecoration.com\/blog\/wp-content\/uploads\/2023\/03\/art-nouveau-architecture-interieure-18-768x1152.jpeg 768w, https:\/\/www.cocondedecoration.com\/blog\/wp-content\/uploads\/2023\/03\/art-nouveau-architecture-interieure-18-367x550.jpeg 367w, https:\/\/www.cocondedecoration.com\/blog\/wp-content\/uploads\/2023\/03\/art-nouveau-architecture-interieure-18-333x500.jpeg 333w, https:\/\/www.cocondedecoration.com\/blog\/wp-content\/uploads\/2023\/03\/art-nouveau-architecture-interieure-18.jpeg 1000w\" sizes=\"(max-width: 640px) 100vw, 640px\" \/><figcaption>flickr.com\n<\/figcaption><\/figure><\/li><li class=\"blocks-gallery-item\"><figure><img loading=\"lazy\" decoding=\"async\" width=\"640\" height=\"960\" src=\"https:\/\/www.cocondedecoration.com\/blog\/wp-content\/uploads\/2023\/03\/art-nouveau-architecture-interieure-15-640x960.jpeg\" alt=\"art nouveau architecture interieure rev\u00eatement de sol mosa\u00efque arabesque d\u00e9cor\" data-id=\"58655\" data-link=\"https:\/\/www.cocondedecoration.com\/blog\/?attachment_id=58655\" class=\"wp-image-58655\" srcset=\"https:\/\/www.cocondedecoration.com\/blog\/wp-content\/uploads\/2023\/03\/art-nouveau-architecture-interieure-15-640x960.jpeg 640w, https:\/\/www.cocondedecoration.com\/blog\/wp-content\/uploads\/2023\/03\/art-nouveau-architecture-interieure-15-260x390.jpeg 260w, https:\/\/www.cocondedecoration.com\/blog\/wp-content\/uploads\/2023\/03\/art-nouveau-architecture-interieure-15-768x1152.jpeg 768w, https:\/\/www.cocondedecoration.com\/blog\/wp-content\/uploads\/2023\/03\/art-nouveau-architecture-interieure-15-367x550.jpeg 367w, https:\/\/www.cocondedecoration.com\/blog\/wp-content\/uploads\/2023\/03\/art-nouveau-architecture-interieure-15-333x500.jpeg 333w, https:\/\/www.cocondedecoration.com\/blog\/wp-content\/uploads\/2023\/03\/art-nouveau-architecture-interieure-15.jpeg 1000w\" sizes=\"(max-width: 640px) 100vw, 640px\" \/><figcaption>flickr.com\n<\/figcaption><\/figure><\/li><li class=\"blocks-gallery-item\"><figure><img loading=\"lazy\" decoding=\"async\" width=\"640\" height=\"960\" src=\"https:\/\/www.cocondedecoration.com\/blog\/wp-content\/uploads\/2023\/03\/art-nouveau-architecture-interieure-8-640x960.jpeg\" alt=\"art nouveau architecture interieure carrelage fa\u00e7ade d\u00e9cor bleu blanc fleur\" data-id=\"58648\" data-link=\"https:\/\/www.cocondedecoration.com\/blog\/?attachment_id=58648\" class=\"wp-image-58648\" srcset=\"https:\/\/www.cocondedecoration.com\/blog\/wp-content\/uploads\/2023\/03\/art-nouveau-architecture-interieure-8-640x960.jpeg 640w, https:\/\/www.cocondedecoration.com\/blog\/wp-content\/uploads\/2023\/03\/art-nouveau-architecture-interieure-8-260x390.jpeg 260w, https:\/\/www.cocondedecoration.com\/blog\/wp-content\/uploads\/2023\/03\/art-nouveau-architecture-interieure-8-768x1152.jpeg 768w, https:\/\/www.cocondedecoration.com\/blog\/wp-content\/uploads\/2023\/03\/art-nouveau-architecture-interieure-8-367x550.jpeg 367w, https:\/\/www.cocondedecoration.com\/blog\/wp-content\/uploads\/2023\/03\/art-nouveau-architecture-interieure-8-333x500.jpeg 333w, https:\/\/www.cocondedecoration.com\/blog\/wp-content\/uploads\/2023\/03\/art-nouveau-architecture-interieure-8.jpeg 1000w\" sizes=\"(max-width: 640px) 100vw, 640px\" \/><figcaption>Atse Asbreuk via Pinterest<\/figcaption><\/figure><\/li><li class=\"blocks-gallery-item\"><figure><img loading=\"lazy\" decoding=\"async\" width=\"640\" height=\"960\" src=\"https:\/\/www.cocondedecoration.com\/blog\/wp-content\/uploads\/2023\/03\/art-nouveau-architecture-interieure-9-640x960.jpeg\" alt=\"art nouveau architecture interieure mur d\u00e9cor carrelage soubassement couleur fleur\" data-id=\"58649\" data-link=\"https:\/\/www.cocondedecoration.com\/blog\/?attachment_id=58649\" class=\"wp-image-58649\" srcset=\"https:\/\/www.cocondedecoration.com\/blog\/wp-content\/uploads\/2023\/03\/art-nouveau-architecture-interieure-9-640x960.jpeg 640w, https:\/\/www.cocondedecoration.com\/blog\/wp-content\/uploads\/2023\/03\/art-nouveau-architecture-interieure-9-260x390.jpeg 260w, https:\/\/www.cocondedecoration.com\/blog\/wp-content\/uploads\/2023\/03\/art-nouveau-architecture-interieure-9-768x1152.jpeg 768w, https:\/\/www.cocondedecoration.com\/blog\/wp-content\/uploads\/2023\/03\/art-nouveau-architecture-interieure-9-367x550.jpeg 367w, https:\/\/www.cocondedecoration.com\/blog\/wp-content\/uploads\/2023\/03\/art-nouveau-architecture-interieure-9-333x500.jpeg 333w, https:\/\/www.cocondedecoration.com\/blog\/wp-content\/uploads\/2023\/03\/art-nouveau-architecture-interieure-9.jpeg 1000w\" sizes=\"(max-width: 640px) 100vw, 640px\" \/><figcaption>klaasschoof.com\n<\/figcaption><\/figure><\/li><li class=\"blocks-gallery-item\"><figure><img loading=\"lazy\" decoding=\"async\" width=\"640\" height=\"960\" src=\"https:\/\/www.cocondedecoration.com\/blog\/wp-content\/uploads\/2023\/03\/art-nouveau-architecture-interieure-17-640x960.jpeg\" alt=\"art nouveau architecture interieure carrelage mural arabesque th\u00e8me floral couleur\" data-id=\"58657\" data-link=\"https:\/\/www.cocondedecoration.com\/blog\/?attachment_id=58657\" class=\"wp-image-58657\" srcset=\"https:\/\/www.cocondedecoration.com\/blog\/wp-content\/uploads\/2023\/03\/art-nouveau-architecture-interieure-17-640x960.jpeg 640w, https:\/\/www.cocondedecoration.com\/blog\/wp-content\/uploads\/2023\/03\/art-nouveau-architecture-interieure-17-260x390.jpeg 260w, https:\/\/www.cocondedecoration.com\/blog\/wp-content\/uploads\/2023\/03\/art-nouveau-architecture-interieure-17-768x1152.jpeg 768w, https:\/\/www.cocondedecoration.com\/blog\/wp-content\/uploads\/2023\/03\/art-nouveau-architecture-interieure-17-367x550.jpeg 367w, https:\/\/www.cocondedecoration.com\/blog\/wp-content\/uploads\/2023\/03\/art-nouveau-architecture-interieure-17-333x500.jpeg 333w, https:\/\/www.cocondedecoration.com\/blog\/wp-content\/uploads\/2023\/03\/art-nouveau-architecture-interieure-17.jpeg 1000w\" sizes=\"(max-width: 640px) 100vw, 640px\" \/><figcaption>flickr.com\n<\/figcaption><\/figure><\/li><li class=\"blocks-gallery-item\"><figure><img loading=\"lazy\" decoding=\"async\" width=\"640\" height=\"960\" src=\"https:\/\/www.cocondedecoration.com\/blog\/wp-content\/uploads\/2023\/03\/art-nouveau-architecture-interieure-1-640x960.jpeg\" alt=\"art nouveau architecture interieure porte vitr\u00e9e vitrail verre chic \u00e9l\u00e9gant\" data-id=\"58641\" data-link=\"https:\/\/www.cocondedecoration.com\/blog\/?attachment_id=58641\" class=\"wp-image-58641\" srcset=\"https:\/\/www.cocondedecoration.com\/blog\/wp-content\/uploads\/2023\/03\/art-nouveau-architecture-interieure-1-640x960.jpeg 640w, https:\/\/www.cocondedecoration.com\/blog\/wp-content\/uploads\/2023\/03\/art-nouveau-architecture-interieure-1-260x390.jpeg 260w, https:\/\/www.cocondedecoration.com\/blog\/wp-content\/uploads\/2023\/03\/art-nouveau-architecture-interieure-1-768x1152.jpeg 768w, https:\/\/www.cocondedecoration.com\/blog\/wp-content\/uploads\/2023\/03\/art-nouveau-architecture-interieure-1-367x550.jpeg 367w, https:\/\/www.cocondedecoration.com\/blog\/wp-content\/uploads\/2023\/03\/art-nouveau-architecture-interieure-1-333x500.jpeg 333w, https:\/\/www.cocondedecoration.com\/blog\/wp-content\/uploads\/2023\/03\/art-nouveau-architecture-interieure-1.jpeg 1000w\" sizes=\"(max-width: 640px) 100vw, 640px\" \/><figcaption>chairish.com\n<\/figcaption><\/figure><\/li><li class=\"blocks-gallery-item\"><figure><img loading=\"lazy\" decoding=\"async\" width=\"640\" height=\"960\" src=\"https:\/\/www.cocondedecoration.com\/blog\/wp-content\/uploads\/2023\/03\/art-nouveau-architecture-interieure-3-640x960.jpeg\" alt=\"art nouveau architecture interieure verrerie vitrail d\u00e9co floral nature v\u00e9g\u00e9tal couleurs\" data-id=\"58643\" data-link=\"https:\/\/www.cocondedecoration.com\/blog\/?attachment_id=58643\" class=\"wp-image-58643\" srcset=\"https:\/\/www.cocondedecoration.com\/blog\/wp-content\/uploads\/2023\/03\/art-nouveau-architecture-interieure-3-640x960.jpeg 640w, https:\/\/www.cocondedecoration.com\/blog\/wp-content\/uploads\/2023\/03\/art-nouveau-architecture-interieure-3-260x390.jpeg 260w, https:\/\/www.cocondedecoration.com\/blog\/wp-content\/uploads\/2023\/03\/art-nouveau-architecture-interieure-3-768x1152.jpeg 768w, https:\/\/www.cocondedecoration.com\/blog\/wp-content\/uploads\/2023\/03\/art-nouveau-architecture-interieure-3-367x550.jpeg 367w, https:\/\/www.cocondedecoration.com\/blog\/wp-content\/uploads\/2023\/03\/art-nouveau-architecture-interieure-3-333x500.jpeg 333w, https:\/\/www.cocondedecoration.com\/blog\/wp-content\/uploads\/2023\/03\/art-nouveau-architecture-interieure-3.jpeg 1000w\" sizes=\"(max-width: 640px) 100vw, 640px\" \/><figcaption>ImaneBeliever via Pinterest<\/figcaption><\/figure><\/li><li class=\"blocks-gallery-item\"><figure><img loading=\"lazy\" decoding=\"async\" width=\"640\" height=\"960\" src=\"https:\/\/www.cocondedecoration.com\/blog\/wp-content\/uploads\/2023\/03\/art-nouveau-architecture-interieure-10-640x960.jpeg\" alt=\"art nouveau architecture interieure porte vitraux color\u00e9s floral boiseries courbes\" data-id=\"58650\" data-link=\"https:\/\/www.cocondedecoration.com\/blog\/?attachment_id=58650\" class=\"wp-image-58650\" srcset=\"https:\/\/www.cocondedecoration.com\/blog\/wp-content\/uploads\/2023\/03\/art-nouveau-architecture-interieure-10-640x960.jpeg 640w, https:\/\/www.cocondedecoration.com\/blog\/wp-content\/uploads\/2023\/03\/art-nouveau-architecture-interieure-10-260x390.jpeg 260w, https:\/\/www.cocondedecoration.com\/blog\/wp-content\/uploads\/2023\/03\/art-nouveau-architecture-interieure-10-768x1152.jpeg 768w, https:\/\/www.cocondedecoration.com\/blog\/wp-content\/uploads\/2023\/03\/art-nouveau-architecture-interieure-10-367x550.jpeg 367w, https:\/\/www.cocondedecoration.com\/blog\/wp-content\/uploads\/2023\/03\/art-nouveau-architecture-interieure-10-333x500.jpeg 333w, https:\/\/www.cocondedecoration.com\/blog\/wp-content\/uploads\/2023\/03\/art-nouveau-architecture-interieure-10.jpeg 1000w\" sizes=\"(max-width: 640px) 100vw, 640px\" \/><figcaption>tumblr.com\n<\/figcaption><\/figure><\/li><li class=\"blocks-gallery-item\"><figure><img loading=\"lazy\" decoding=\"async\" width=\"640\" height=\"960\" src=\"https:\/\/www.cocondedecoration.com\/blog\/wp-content\/uploads\/2023\/03\/art-nouveau-architecture-interieure-12-640x960.jpeg\" alt=\"art nouveau architecture interieure verri\u00e8re jardin int\u00e9rieur portes vitr\u00e9es mosa\u00efque sol\" data-id=\"58652\" data-link=\"https:\/\/www.cocondedecoration.com\/blog\/?attachment_id=58652\" class=\"wp-image-58652\" srcset=\"https:\/\/www.cocondedecoration.com\/blog\/wp-content\/uploads\/2023\/03\/art-nouveau-architecture-interieure-12-640x960.jpeg 640w, https:\/\/www.cocondedecoration.com\/blog\/wp-content\/uploads\/2023\/03\/art-nouveau-architecture-interieure-12-260x390.jpeg 260w, https:\/\/www.cocondedecoration.com\/blog\/wp-content\/uploads\/2023\/03\/art-nouveau-architecture-interieure-12-768x1152.jpeg 768w, https:\/\/www.cocondedecoration.com\/blog\/wp-content\/uploads\/2023\/03\/art-nouveau-architecture-interieure-12-367x550.jpeg 367w, https:\/\/www.cocondedecoration.com\/blog\/wp-content\/uploads\/2023\/03\/art-nouveau-architecture-interieure-12-333x500.jpeg 333w, https:\/\/www.cocondedecoration.com\/blog\/wp-content\/uploads\/2023\/03\/art-nouveau-architecture-interieure-12.jpeg 1000w\" sizes=\"(max-width: 640px) 100vw, 640px\" \/><figcaption>pascal schumacher via Pinterest<\/figcaption><\/figure><\/li><li class=\"blocks-gallery-item\"><figure><img loading=\"lazy\" decoding=\"async\" width=\"640\" height=\"960\" src=\"https:\/\/www.cocondedecoration.com\/blog\/wp-content\/uploads\/2023\/03\/art-nouveau-architecture-interieure-11-640x960.jpeg\" alt=\"art nouveau architecture interieure arche ronde chic s\u00e9paration pi\u00e8ce d\u00e9cor mur peinture\" data-id=\"58651\" data-link=\"https:\/\/www.cocondedecoration.com\/blog\/?attachment_id=58651\" class=\"wp-image-58651\" srcset=\"https:\/\/www.cocondedecoration.com\/blog\/wp-content\/uploads\/2023\/03\/art-nouveau-architecture-interieure-11-640x960.jpeg 640w, https:\/\/www.cocondedecoration.com\/blog\/wp-content\/uploads\/2023\/03\/art-nouveau-architecture-interieure-11-260x390.jpeg 260w, https:\/\/www.cocondedecoration.com\/blog\/wp-content\/uploads\/2023\/03\/art-nouveau-architecture-interieure-11-768x1152.jpeg 768w, https:\/\/www.cocondedecoration.com\/blog\/wp-content\/uploads\/2023\/03\/art-nouveau-architecture-interieure-11-367x550.jpeg 367w, https:\/\/www.cocondedecoration.com\/blog\/wp-content\/uploads\/2023\/03\/art-nouveau-architecture-interieure-11-333x500.jpeg 333w, https:\/\/www.cocondedecoration.com\/blog\/wp-content\/uploads\/2023\/03\/art-nouveau-architecture-interieure-11.jpeg 1000w\" sizes=\"(max-width: 640px) 100vw, 640px\" \/><figcaption>apartmenttherapy.com\n<\/figcaption><\/figure><\/li><li class=\"blocks-gallery-item\"><figure><img loading=\"lazy\" decoding=\"async\" width=\"640\" height=\"960\" src=\"https:\/\/www.cocondedecoration.com\/blog\/wp-content\/uploads\/2023\/03\/art-nouveau-architecture-interieure-5-640x960.jpeg\" alt=\"art nouveau architecture interieure porte s\u00e9paration pi\u00e8ce vitrail bois\" data-id=\"58645\" data-link=\"https:\/\/www.cocondedecoration.com\/blog\/?attachment_id=58645\" class=\"wp-image-58645\" srcset=\"https:\/\/www.cocondedecoration.com\/blog\/wp-content\/uploads\/2023\/03\/art-nouveau-architecture-interieure-5-640x960.jpeg 640w, https:\/\/www.cocondedecoration.com\/blog\/wp-content\/uploads\/2023\/03\/art-nouveau-architecture-interieure-5-260x390.jpeg 260w, https:\/\/www.cocondedecoration.com\/blog\/wp-content\/uploads\/2023\/03\/art-nouveau-architecture-interieure-5-768x1152.jpeg 768w, https:\/\/www.cocondedecoration.com\/blog\/wp-content\/uploads\/2023\/03\/art-nouveau-architecture-interieure-5-367x550.jpeg 367w, https:\/\/www.cocondedecoration.com\/blog\/wp-content\/uploads\/2023\/03\/art-nouveau-architecture-interieure-5-333x500.jpeg 333w, https:\/\/www.cocondedecoration.com\/blog\/wp-content\/uploads\/2023\/03\/art-nouveau-architecture-interieure-5.jpeg 1000w\" sizes=\"(max-width: 640px) 100vw, 640px\" \/><figcaption>thenordroom.com\n<\/figcaption><\/figure><\/li><li class=\"blocks-gallery-item\"><figure><img loading=\"lazy\" decoding=\"async\" width=\"640\" height=\"960\" src=\"https:\/\/www.cocondedecoration.com\/blog\/wp-content\/uploads\/2023\/03\/art-nouveau-architecture-interieure-2-640x960.jpeg\" alt=\"art nouveau architecture interieure arrondi boiserie arche cloison plafond mosa\u00efque sol carrelage\" data-id=\"58642\" data-link=\"https:\/\/www.cocondedecoration.com\/blog\/?attachment_id=58642\" class=\"wp-image-58642\" srcset=\"https:\/\/www.cocondedecoration.com\/blog\/wp-content\/uploads\/2023\/03\/art-nouveau-architecture-interieure-2-640x960.jpeg 640w, https:\/\/www.cocondedecoration.com\/blog\/wp-content\/uploads\/2023\/03\/art-nouveau-architecture-interieure-2-260x390.jpeg 260w, https:\/\/www.cocondedecoration.com\/blog\/wp-content\/uploads\/2023\/03\/art-nouveau-architecture-interieure-2-768x1152.jpeg 768w, https:\/\/www.cocondedecoration.com\/blog\/wp-content\/uploads\/2023\/03\/art-nouveau-architecture-interieure-2-367x550.jpeg 367w, https:\/\/www.cocondedecoration.com\/blog\/wp-content\/uploads\/2023\/03\/art-nouveau-architecture-interieure-2-333x500.jpeg 333w, https:\/\/www.cocondedecoration.com\/blog\/wp-content\/uploads\/2023\/03\/art-nouveau-architecture-interieure-2.jpeg 1000w\" sizes=\"(max-width: 640px) 100vw, 640px\" \/><figcaption>lisa lindborg via Pinterest<\/figcaption><\/figure><\/li><li class=\"blocks-gallery-item\"><figure><img loading=\"lazy\" decoding=\"async\" width=\"640\" height=\"960\" src=\"https:\/\/www.cocondedecoration.com\/blog\/wp-content\/uploads\/2023\/03\/art-nouveau-architecture-interieure-13-640x960.jpeg\" alt=\"art nouveau architecture interieure porte fen\u00eatre balcon \u00e9tage salon s\u00e9jour classique\" data-id=\"58653\" data-link=\"https:\/\/www.cocondedecoration.com\/blog\/?attachment_id=58653\" class=\"wp-image-58653\" srcset=\"https:\/\/www.cocondedecoration.com\/blog\/wp-content\/uploads\/2023\/03\/art-nouveau-architecture-interieure-13-640x960.jpeg 640w, https:\/\/www.cocondedecoration.com\/blog\/wp-content\/uploads\/2023\/03\/art-nouveau-architecture-interieure-13-260x390.jpeg 260w, https:\/\/www.cocondedecoration.com\/blog\/wp-content\/uploads\/2023\/03\/art-nouveau-architecture-interieure-13-768x1152.jpeg 768w, https:\/\/www.cocondedecoration.com\/blog\/wp-content\/uploads\/2023\/03\/art-nouveau-architecture-interieure-13-367x550.jpeg 367w, https:\/\/www.cocondedecoration.com\/blog\/wp-content\/uploads\/2023\/03\/art-nouveau-architecture-interieure-13-333x500.jpeg 333w, https:\/\/www.cocondedecoration.com\/blog\/wp-content\/uploads\/2023\/03\/art-nouveau-architecture-interieure-13.jpeg 1000w\" sizes=\"(max-width: 640px) 100vw, 640px\" \/><figcaption>old.reddit.com\n<\/figcaption><\/figure><\/li><li class=\"blocks-gallery-item\"><figure><img loading=\"lazy\" decoding=\"async\" width=\"640\" height=\"960\" src=\"https:\/\/www.cocondedecoration.com\/blog\/wp-content\/uploads\/2023\/03\/art-nouveau-architecture-interieure-4-640x960.jpeg\" alt=\"art nouveau architecture interieure porte balcon vitr\u00e9e d\u00e9tail boiseries arrondies arabesques\" data-id=\"58644\" data-link=\"https:\/\/www.cocondedecoration.com\/blog\/?attachment_id=58644\" class=\"wp-image-58644\" srcset=\"https:\/\/www.cocondedecoration.com\/blog\/wp-content\/uploads\/2023\/03\/art-nouveau-architecture-interieure-4-640x960.jpeg 640w, https:\/\/www.cocondedecoration.com\/blog\/wp-content\/uploads\/2023\/03\/art-nouveau-architecture-interieure-4-260x390.jpeg 260w, https:\/\/www.cocondedecoration.com\/blog\/wp-content\/uploads\/2023\/03\/art-nouveau-architecture-interieure-4-768x1152.jpeg 768w, https:\/\/www.cocondedecoration.com\/blog\/wp-content\/uploads\/2023\/03\/art-nouveau-architecture-interieure-4-367x550.jpeg 367w, https:\/\/www.cocondedecoration.com\/blog\/wp-content\/uploads\/2023\/03\/art-nouveau-architecture-interieure-4-333x500.jpeg 333w, https:\/\/www.cocondedecoration.com\/blog\/wp-content\/uploads\/2023\/03\/art-nouveau-architecture-interieure-4.jpeg 1000w\" sizes=\"(max-width: 640px) 100vw, 640px\" \/><figcaption>curbed.com<\/figcaption><\/figure><\/li><li class=\"blocks-gallery-item\"><figure><img loading=\"lazy\" decoding=\"async\" width=\"640\" height=\"960\" src=\"https:\/\/www.cocondedecoration.com\/blog\/wp-content\/uploads\/2023\/03\/art-nouveau-architecture-interieure-6-640x960.jpeg\" alt=\"art nouveau architecture interieure moulure mur d\u00e9cor soubassement chaine Thonet\" data-id=\"58646\" data-link=\"https:\/\/www.cocondedecoration.com\/blog\/?attachment_id=58646\" class=\"wp-image-58646\" srcset=\"https:\/\/www.cocondedecoration.com\/blog\/wp-content\/uploads\/2023\/03\/art-nouveau-architecture-interieure-6-640x960.jpeg 640w, https:\/\/www.cocondedecoration.com\/blog\/wp-content\/uploads\/2023\/03\/art-nouveau-architecture-interieure-6-260x390.jpeg 260w, https:\/\/www.cocondedecoration.com\/blog\/wp-content\/uploads\/2023\/03\/art-nouveau-architecture-interieure-6-768x1152.jpeg 768w, https:\/\/www.cocondedecoration.com\/blog\/wp-content\/uploads\/2023\/03\/art-nouveau-architecture-interieure-6-367x550.jpeg 367w, https:\/\/www.cocondedecoration.com\/blog\/wp-content\/uploads\/2023\/03\/art-nouveau-architecture-interieure-6-333x500.jpeg 333w, https:\/\/www.cocondedecoration.com\/blog\/wp-content\/uploads\/2023\/03\/art-nouveau-architecture-interieure-6.jpeg 1000w\" sizes=\"(max-width: 640px) 100vw, 640px\" \/><figcaption>yatzer.com\n<\/figcaption><\/figure><\/li><li class=\"blocks-gallery-item\"><figure><img loading=\"lazy\" decoding=\"async\" width=\"640\" height=\"960\" src=\"https:\/\/www.cocondedecoration.com\/blog\/wp-content\/uploads\/2023\/03\/art-nouveau-architecture-interieure-7-640x960.jpeg\" alt=\"art nouveau architecture interieure escalier garde-corps m\u00e9tal motif floral courbe\" data-id=\"58647\" data-link=\"https:\/\/www.cocondedecoration.com\/blog\/?attachment_id=58647\" class=\"wp-image-58647\" srcset=\"https:\/\/www.cocondedecoration.com\/blog\/wp-content\/uploads\/2023\/03\/art-nouveau-architecture-interieure-7-640x960.jpeg 640w, https:\/\/www.cocondedecoration.com\/blog\/wp-content\/uploads\/2023\/03\/art-nouveau-architecture-interieure-7-260x390.jpeg 260w, https:\/\/www.cocondedecoration.com\/blog\/wp-content\/uploads\/2023\/03\/art-nouveau-architecture-interieure-7-768x1152.jpeg 768w, https:\/\/www.cocondedecoration.com\/blog\/wp-content\/uploads\/2023\/03\/art-nouveau-architecture-interieure-7-367x550.jpeg 367w, https:\/\/www.cocondedecoration.com\/blog\/wp-content\/uploads\/2023\/03\/art-nouveau-architecture-interieure-7-333x500.jpeg 333w, https:\/\/www.cocondedecoration.com\/blog\/wp-content\/uploads\/2023\/03\/art-nouveau-architecture-interieure-7.jpeg 1000w\" sizes=\"(max-width: 640px) 100vw, 640px\" \/><figcaption>lisa lindborg via Pinterest<\/figcaption><\/figure><\/li><li class=\"blocks-gallery-item\"><figure><img loading=\"lazy\" decoding=\"async\" width=\"640\" height=\"960\" src=\"https:\/\/www.cocondedecoration.com\/blog\/wp-content\/uploads\/2023\/03\/art-nouveau-architecture-interieure-14-640x960.jpeg\" alt=\"art nouveau architecture interieure illustration noir et blanc esquisse meuble chaise d\u00e9cor mural\" data-id=\"58654\" data-link=\"https:\/\/www.cocondedecoration.com\/blog\/?attachment_id=58654\" class=\"wp-image-58654\" srcset=\"https:\/\/www.cocondedecoration.com\/blog\/wp-content\/uploads\/2023\/03\/art-nouveau-architecture-interieure-14-640x960.jpeg 640w, https:\/\/www.cocondedecoration.com\/blog\/wp-content\/uploads\/2023\/03\/art-nouveau-architecture-interieure-14-260x390.jpeg 260w, https:\/\/www.cocondedecoration.com\/blog\/wp-content\/uploads\/2023\/03\/art-nouveau-architecture-interieure-14-768x1152.jpeg 768w, https:\/\/www.cocondedecoration.com\/blog\/wp-content\/uploads\/2023\/03\/art-nouveau-architecture-interieure-14-367x550.jpeg 367w, https:\/\/www.cocondedecoration.com\/blog\/wp-content\/uploads\/2023\/03\/art-nouveau-architecture-interieure-14-333x500.jpeg 333w, https:\/\/www.cocondedecoration.com\/blog\/wp-content\/uploads\/2023\/03\/art-nouveau-architecture-interieure-14.jpeg 1000w\" sizes=\"(max-width: 640px) 100vw, 640px\" \/><figcaption>archive.org\n<\/figcaption><\/figure><\/li><li class=\"blocks-gallery-item\"><figure><img loading=\"lazy\" decoding=\"async\" width=\"640\" height=\"960\" src=\"https:\/\/www.cocondedecoration.com\/blog\/wp-content\/uploads\/2023\/03\/art-nouveau-architecture-interieure-16-640x960.jpeg\" alt=\"art nouveau architecture interieure affiche Mucha femme d\u00e9co mur\" data-id=\"58656\" data-link=\"https:\/\/www.cocondedecoration.com\/blog\/?attachment_id=58656\" class=\"wp-image-58656\" srcset=\"https:\/\/www.cocondedecoration.com\/blog\/wp-content\/uploads\/2023\/03\/art-nouveau-architecture-interieure-16-640x960.jpeg 640w, https:\/\/www.cocondedecoration.com\/blog\/wp-content\/uploads\/2023\/03\/art-nouveau-architecture-interieure-16-260x390.jpeg 260w, https:\/\/www.cocondedecoration.com\/blog\/wp-content\/uploads\/2023\/03\/art-nouveau-architecture-interieure-16-768x1152.jpeg 768w, https:\/\/www.cocondedecoration.com\/blog\/wp-content\/uploads\/2023\/03\/art-nouveau-architecture-interieure-16-367x550.jpeg 367w, https:\/\/www.cocondedecoration.com\/blog\/wp-content\/uploads\/2023\/03\/art-nouveau-architecture-interieure-16-333x500.jpeg 333w, https:\/\/www.cocondedecoration.com\/blog\/wp-content\/uploads\/2023\/03\/art-nouveau-architecture-interieure-16.jpeg 1000w\" sizes=\"(max-width: 640px) 100vw, 640px\" \/><figcaption>etsy.com\n<\/figcaption><\/figure><\/li><\/ul>\n\n\n\n<blockquote class=\"wp-block-quote\"><p><strong>Pour creuser le sujet &amp; en savoir plus<br><\/strong>Beaux Arts - <a rel=\"noreferrer noopener\" aria-label=\"L'Art Nouveau en 3 minutes (s\u2019ouvre dans un nouvel onglet)\" href=\"https:\/\/www.beauxarts.com\/grand-format\/lart-nouveau-en-3-minutes\/\" target=\"_blank\">L'Art Nouveau en 3 minutes<\/a> <br>Du Grand Art - <a rel=\"noreferrer noopener\" aria-label=\"Mouvement Art Nouveau (s\u2019ouvre dans un nouvel onglet)\" href=\"https:\/\/www.du-grand-art.fr\/arts-decoratifs\/19eme-siecle\/art-nouveau\/\" target=\"_blank\">Mouvement Art Nouveau<\/a> <br>Grand Palais - <a rel=\"noreferrer noopener\" aria-label=\"Qu'est-ce que l'Art Nouveau? (s\u2019ouvre dans un nouvel onglet)\" href=\"https:\/\/www.grandpalais.fr\/fr\/article\/quest-ce-que-lart-nouveau\" target=\"_blank\">Qu'est-ce que l'Art Nouveau?<\/a> <br>T\u00e9l\u00e9rama - <a rel=\"noreferrer noopener\" aria-label=\"Villa Majorelle \u00e0 Nancy: les 4 secrets de son art nouveau (s\u2019ouvre dans un nouvel onglet)\" href=\"https:\/\/www.telerama.fr\/scenes\/villa-majorelle-a-nancy-les-quatre-secrets-de-son-art-nouveau,n6606837.php\" target=\"_blank\">Villa Majorelle \u00e0 Nancy: les 4 secrets de son art nouveau<\/a> <br>Mus\u00e9e du Luxembourg - <a rel=\"noreferrer noopener\" aria-label=\"Qu'est-ce que le style Mucha? (s\u2019ouvre dans un nouvel onglet)\" href=\"https:\/\/museeduluxembourg.fr\/fr\/actualite\/quest-ce-que-le-style-mucha\" target=\"_blank\">Qu'est-ce que le style Mucha?<\/a> <br>Beaux Arts - <a rel=\"noreferrer noopener\" aria-label=\"Les secrets du style Mucha (s\u2019ouvre dans un nouvel onglet)\" href=\"https:\/\/www.beauxarts.com\/grand-format\/les-secrets-du-style-mucha\/\" target=\"_blank\">Les secrets du \"style Mucha\"<\/a> <br>Le Cercle Guimard - <a rel=\"noreferrer noopener\" aria-label=\"Biographie de Hector Guimard (s\u2019ouvre dans un nouvel onglet)\" href=\"https:\/\/www.lecercleguimard.fr\/fr\/hector-guimard-architecte\/hector-guimard-1867-1942\/\" target=\"_blank\">Biographie de Hector Guimard<\/a> <br>Europeana - <a rel=\"noreferrer noopener\" aria-label=\"Art Nouveau: architecture et int\u00e9rieurs (s\u2019ouvre dans un nouvel onglet)\" href=\"https:\/\/www.europeana.eu\/fr\/exhibitions\/art-nouveau-a-universal-style\/architecture-and-interiors\" target=\"_blank\">Art Nouveau: architecture et int\u00e9rieurs<\/a> <br>Mus\u00e9e des Arts D\u00e9coratifs - <a rel=\"noreferrer noopener\" aria-label=\"Art Nouveau et d\u00e9cor int\u00e9rieur (s\u2019ouvre dans un nouvel onglet)\" href=\"https:\/\/madparis.fr\/Art-nouveau-et-decor-interieur\" target=\"_blank\">Art Nouveau et d\u00e9cor int\u00e9rieur<\/a> <br>Tela-botanica - <a rel=\"noreferrer noopener\" aria-label=\"La repr\u00e9sentation de la nature dans l'Art Nouveau: art &amp; botanique (s\u2019ouvre dans un nouvel onglet)\" href=\"https:\/\/www.tela-botanica.org\/2022\/11\/la-representation-de-la-nature-dans-lart-nouveau-art-et-botanique\/\" target=\"_blank\">La repr\u00e9sentation de la nature dans l'Art Nouveau: art &amp; botanique<\/a> <br>Connaissance des Arts - <a rel=\"noreferrer noopener\" aria-label=\"L'Art Nouveau, la vie sous toutes ses formes (s\u2019ouvre dans un nouvel onglet)\" href=\"https:\/\/www.connaissancedesarts.com\/arts-expositions\/lart-nouveau-la-vie-sous-toutes-ses-formes-11131114\/\" target=\"_blank\">L'Art Nouveau, la vie sous toutes ses formes<\/a>  <br>Compactor Magazine - <a rel=\"noreferrer noopener\" aria-label=\"Art Nouveau: Quand la nature inspire l'architecture (s\u2019ouvre dans un nouvel onglet)\" href=\"https:\/\/magazine.compactorstore.com\/art-nouveau-quand-la-nature-inspire-architecture\/\" target=\"_blank\">Art Nouveau: Quand la nature inspire l'architecture<\/a> <br>Europeana - <a rel=\"noreferrer noopener\" aria-label=\"Les femmes dans l'Art Nouveau (s\u2019ouvre dans un nouvel onglet)\" href=\"https:\/\/www.europeana.eu\/fr\/exhibitions\/art-nouveau-a-universal-style\/women-in-art-nouveau\" target=\"_blank\">Les femmes dans l'Art Nouveau<\/a> <\/p><\/blockquote>\n\n\n\n<hr class=\"wp-block-separator\"\/>\n\n\n\n<p class=\"has-text-align-center has-medium-font-size\">Ne perdons pas contact \ud83d\ude42 Rejoignez moi sur <a href=\"https:\/\/www.pinterest.fr\/cocondedeco\/\" target=\"_blank\" rel=\"noopener\" title=\"\">Pinterest<\/a> |\u00a0<a href=\"https:\/\/www.threads.net\/@cocondedeco\" target=\"_blank\" rel=\"noopener\" title=\"\">Threads<\/a> | <a href=\"https:\/\/www.patreon.com\/collection\/162946?view=expanded\" target=\"_blank\" rel=\"noopener\" title=\"\">la Newsletter<\/a> <br>Vous aimez lire le blog? Vous souhaitez continuer \u00e0 le lire? <a href=\"https:\/\/www.patreon.com\/cocondedeco\" target=\"_blank\" rel=\"noopener\" title=\"\">Devenez m\u00e9c\u00e8ne<\/a> sur Patreon et contribuez \u00e0 sa survie. <\/p>\n\n\n\n<hr class=\"wp-block-separator\"\/>\n\n\n\n<div class=\"wp-block-columns has-2-columns is-layout-flex wp-container-core-columns-layout-6 wp-block-columns-is-layout-flex\">\n<div class=\"wp-block-column is-layout-flow wp-block-column-is-layout-flow\">\n<p style=\"text-align:center\" class=\"has-medium-font-size\">A lire \u00e9galement<\/p>\n\n\n<ul class=\"wp-block-latest-posts__list wp-block-latest-posts\"><li><a class=\"wp-block-latest-posts__post-title\" href=\"https:\/\/www.cocondedecoration.com\/blog\/2026\/01\/histoire-pouf-poire-sacco\/\">La petite histoire du pouf poire, le \u00ab\u00a0Sacco\u00a0\u00bb<\/a><\/li>\n<li><a class=\"wp-block-latest-posts__post-title\" href=\"https:\/\/www.cocondedecoration.com\/blog\/2026\/01\/couleur-decoration-generation\/\">Pour chaque g\u00e9n\u00e9ration, sa palette de couleurs d\u00e9co<\/a><\/li>\n<li><a class=\"wp-block-latest-posts__post-title\" href=\"https:\/\/www.cocondedecoration.com\/blog\/2025\/02\/portrait-cini-boeri\/\">Qui est Cini Boeri? Et pourquoi vous devriez la conna\u00eetre?<\/a><\/li>\n<li><a class=\"wp-block-latest-posts__post-title\" href=\"https:\/\/www.cocondedecoration.com\/blog\/2025\/02\/histoire-tabouret-tam-tam\/\">La petite histoire du tabouret TAM TAM | Abonn\u00e9\u2022e\u2022s<\/a><\/li>\n<li><a class=\"wp-block-latest-posts__post-title\" href=\"https:\/\/www.cocondedecoration.com\/blog\/2025\/01\/design-mid-century-modern\/\">Comprendre le design Mid Century Modern en 3 minutes<\/a><\/li>\n<li><a class=\"wp-block-latest-posts__post-title\" href=\"https:\/\/www.cocondedecoration.com\/blog\/2024\/11\/biographie-anna-castelli-ferrieri\/\">Qui est Anna Castelli Ferrieri? Pourquoi vous devriez la conna\u00eetre?<\/a><\/li>\n<li><a class=\"wp-block-latest-posts__post-title\" href=\"https:\/\/www.cocondedecoration.com\/blog\/2024\/10\/biographie-florence-knoll\/\">Qui est Florence Knoll? Pourquoi vous devriez la conna\u00eetre?<\/a><\/li>\n<\/ul><\/div>\n\n\n\n<div class=\"wp-block-column is-layout-flow wp-block-column-is-layout-flow\">\n<p class=\"has-text-align-center has-medium-font-size\" style=\"padding-top:var(--wp--preset--spacing--40);padding-bottom:var(--wp--preset--spacing--40)\"><strong>Devenez m\u00e9c\u00e8ne du blog <\/strong><\/p>\n\n\n\n<hr class=\"wp-block-separator has-alpha-channel-opacity is-style-wide\"\/>\n\n\n\n<p style=\"padding-right:var(--wp--preset--spacing--30);padding-left:var(--wp--preset--spacing--30)\">Soutenez mon travail sur le blog et acc\u00e9dez \u00e0 des contreparties exclusives: <\/p>\n\n\n\n<ul style=\"padding-right:var(--wp--preset--spacing--40);padding-left:var(--wp--preset--spacing--40)\">\n<li>Plusieurs centaines d'articles d\u00e9co, lifestyle &amp; voyage r\u00e9serv\u00e9s aux abonn\u00e9\u2022e\u2022s <\/li>\n\n\n\n<li>Toutes les entr\u00e9es de mon side project - mon dictionnaire nomade <\/li>\n\n\n\n<li>Une publicit\u00e9 limit\u00e9e sur les articles Patreon <\/li>\n<\/ul>\n\n\n\n<div class=\"wp-block-buttons is-content-justification-center is-layout-flex wp-container-core-buttons-layout-1 wp-block-buttons-is-layout-flex\">\n<div class=\"wp-block-button\"><a class=\"wp-block-button__link wp-element-button\" href=\"https:\/\/www.patreon.com\/cocondedeco\" target=\"_blank\" rel=\"noreferrer noopener\">Soutenir le blog maintenant<\/a><\/div>\n<\/div>\n<\/div>\n<\/div>\n\n\n\n<div class=\"wp-block-image\"><figure class=\"aligncenter\"><img loading=\"lazy\" decoding=\"async\" width=\"732\" height=\"488\" src=\"https:\/\/www.cocondedecoration.com\/blog\/wp-content\/uploads\/2023\/03\/design-et-histoire-art-nouveau.jpeg\" alt=\"design et histoire art nouveau fa\u00e7ade porte fen\u00eatre Nancy couleur boiserie\" class=\"wp-image-58661\" srcset=\"https:\/\/www.cocondedecoration.com\/blog\/wp-content\/uploads\/2023\/03\/design-et-histoire-art-nouveau.jpeg 732w, https:\/\/www.cocondedecoration.com\/blog\/wp-content\/uploads\/2023\/03\/design-et-histoire-art-nouveau-260x173.jpeg 260w, https:\/\/www.cocondedecoration.com\/blog\/wp-content\/uploads\/2023\/03\/design-et-histoire-art-nouveau-640x427.jpeg 640w, https:\/\/www.cocondedecoration.com\/blog\/wp-content\/uploads\/2023\/03\/design-et-histoire-art-nouveau-465x310.jpeg 465w, https:\/\/www.cocondedecoration.com\/blog\/wp-content\/uploads\/2023\/03\/design-et-histoire-art-nouveau-695x463.jpeg 695w\" sizes=\"(max-width: 732px) 100vw, 732px\" \/><figcaption>estrepublicain.fr<\/figcaption><\/figure><\/div>\n\n\n\n<p><\/p>\n","protected":false},"excerpt":{"rendered":"<p>Le mois pass\u00e9, il \u00e9tait question de la Belle \u00c9poque et vous avez s\u00fbrement \u00e9t\u00e9 d\u00e9\u00e7u(e) par le fait que je ne parle pas de l&rsquo;Art Nouveau. Je trouvais bien trop r\u00e9ductrice l&rsquo;id\u00e9e d&rsquo;associer la fin du XIX\u00e8me et le d\u00e9but du XX\u00e8me si\u00e8cle uniquement \u00e0 l&rsquo;Art Nouveau. Ce n&rsquo;est<span class=\"more-link\"><a href=\"https:\/\/www.cocondedecoration.com\/blog\/2023\/03\/decoration-art-nouveau\/\">Lire la suite<\/a><\/span><\/p>\n","protected":false},"author":1,"featured_media":58661,"comment_status":"open","ping_status":"open","sticky":false,"template":"","format":"standard","meta":{"om_disable_all_campaigns":false,"_monsterinsights_skip_tracking":false,"_monsterinsights_sitenote_active":false,"_monsterinsights_sitenote_note":"","_monsterinsights_sitenote_category":0,"_uf_show_specific_survey":0,"_uf_disable_surveys":false,"footnotes":""},"categories":[140,36384,51332,9776],"tags":[43560,43548,43537,43550,43507,43512,43524,43501,43509,43508,43484,43531,43504,43496,43485,43513,43495,43514,43502,43517,43503,43491,43526,43489,43506,43522,36448,43510,43500,43525,43528,43545,43543,43527,43482,43511,43498,43554,43559,43520,43483,43499,43515,43505,43492,43561,43486,43536,43540,43494,43563,43552,43558,43538,43530,43539,43542,43523,43533,43541,43553,43546,36947,43544,43493,43488,43487,43516,43490,43557,43518,43534,43535,43529,43562,43549,43556,43564,43555,43547,43551,42258,43532,43497,43521,43519],"aioseo_notices":[],"_links":{"self":[{"href":"https:\/\/www.cocondedecoration.com\/blog\/wp-json\/wp\/v2\/posts\/58624"}],"collection":[{"href":"https:\/\/www.cocondedecoration.com\/blog\/wp-json\/wp\/v2\/posts"}],"about":[{"href":"https:\/\/www.cocondedecoration.com\/blog\/wp-json\/wp\/v2\/types\/post"}],"author":[{"embeddable":true,"href":"https:\/\/www.cocondedecoration.com\/blog\/wp-json\/wp\/v2\/users\/1"}],"replies":[{"embeddable":true,"href":"https:\/\/www.cocondedecoration.com\/blog\/wp-json\/wp\/v2\/comments?post=58624"}],"version-history":[{"count":0,"href":"https:\/\/www.cocondedecoration.com\/blog\/wp-json\/wp\/v2\/posts\/58624\/revisions"}],"wp:featuredmedia":[{"embeddable":true,"href":"https:\/\/www.cocondedecoration.com\/blog\/wp-json\/wp\/v2\/media\/58661"}],"wp:attachment":[{"href":"https:\/\/www.cocondedecoration.com\/blog\/wp-json\/wp\/v2\/media?parent=58624"}],"wp:term":[{"taxonomy":"category","embeddable":true,"href":"https:\/\/www.cocondedecoration.com\/blog\/wp-json\/wp\/v2\/categories?post=58624"},{"taxonomy":"post_tag","embeddable":true,"href":"https:\/\/www.cocondedecoration.com\/blog\/wp-json\/wp\/v2\/tags?post=58624"}],"curies":[{"name":"wp","href":"https:\/\/api.w.org\/{rel}","templated":true}]}}