{"id":5771,"date":"2013-10-21T07:05:36","date_gmt":"2013-10-21T05:05:36","guid":{"rendered":"http:\/\/www.cocondedecoration.com\/blog\/?p=5771"},"modified":"2014-10-15T10:10:46","modified_gmt":"2014-10-15T08:10:46","slug":"essentials-ideas-weekly-du-21-au-27-octobre-2013","status":"publish","type":"post","link":"https:\/\/www.cocondedecoration.com\/blog\/2013\/10\/essentials-ideas-weekly-du-21-au-27-octobre-2013\/","title":{"rendered":"Essentials Ideas Weekly &#8211; du 21 au 27 octobre 2013"},"content":{"rendered":"<p style=\"text-align: justify;\">C'est reparti pour une nouvelle semaine, semaine de vacances pour les enfants, parfois pour les parents... Pas pour moi. Cette semaine s'annonce charg\u00e9e quand je regarde mon emploi du temps, et, ce n'est pas fini. Mais en temps et en heure je vous parlerai des diff\u00e9rents projets. On attaque tout de suite avec le programme de la semaine...<\/p>\n<p style=\"text-align: center;\"><strong>FOOD - Qu'est-ce qu'on mange ce soir?<\/strong><\/p>\n<p style=\"text-align: justify;\">Lundi -&gt; Brochette de poulet citronn\u00e9, haricots verts<br \/>\nMardi -&gt; Gratin de p\u00e2tes aux l\u00e9gumes et lardons<br \/>\nMercredi -&gt; Saumon en papillote, riz nature, sauce citron<br \/>\nJeudi -&gt; Boulettes de viande maison, semoule et ratatouille<br \/>\nVendredi -&gt; Lasagnes<br \/>\nSamedi -&gt; Raclette<\/p>\n<p style=\"text-align: justify;\">La semaine pass\u00e9e, on n'a strictement pas suivi ce qui \u00e9tait pr\u00e9vu, mais s'il vous faut d'autres id\u00e9es pour cette semaine, on a mang\u00e9 du chili con carne, des endives au jambon (avec b\u00e9chamel faite par Ch\u00e9ri parce que je ne sais pas l\u00e0 faire), une po\u00eal\u00e9e de l\u00e9gumes et au riz... Maintenant, vous ne pouvez pas dire que vous n'avez pas d'id\u00e9es pour faire \u00e0 manger!<\/p>\n<p style=\"text-align: center;\"><strong>ART DE LA TABLE - S\u00e9lection vert et blanc<\/strong><\/p>\n<p style=\"text-align: justify;\"><a href=\"http:\/\/www.cocondedecoration.com\/blog\/wp-content\/uploads\/2013\/10\/choix-vaisselle-vert-et-blanc.jpg\"><img loading=\"lazy\" decoding=\"async\" class=\"aligncenter size-large wp-image-5772\" alt=\"choix vaisselle vert et blanc\" src=\"http:\/\/www.cocondedecoration.com\/blog\/wp-content\/uploads\/2013\/10\/choix-vaisselle-vert-et-blanc-640x640.jpg\" width=\"600\" height=\"600\" srcset=\"https:\/\/www.cocondedecoration.com\/blog\/wp-content\/uploads\/2013\/10\/choix-vaisselle-vert-et-blanc-640x640.jpg 640w, https:\/\/www.cocondedecoration.com\/blog\/wp-content\/uploads\/2013\/10\/choix-vaisselle-vert-et-blanc-165x165.jpg 165w, https:\/\/www.cocondedecoration.com\/blog\/wp-content\/uploads\/2013\/10\/choix-vaisselle-vert-et-blanc-260x260.jpg 260w, https:\/\/www.cocondedecoration.com\/blog\/wp-content\/uploads\/2013\/10\/choix-vaisselle-vert-et-blanc-600x600.jpg 600w, https:\/\/www.cocondedecoration.com\/blog\/wp-content\/uploads\/2013\/10\/choix-vaisselle-vert-et-blanc-50x50.jpg 50w, https:\/\/www.cocondedecoration.com\/blog\/wp-content\/uploads\/2013\/10\/choix-vaisselle-vert-et-blanc-930x930.jpg 930w, https:\/\/www.cocondedecoration.com\/blog\/wp-content\/uploads\/2013\/10\/choix-vaisselle-vert-et-blanc-150x150.jpg 150w, https:\/\/www.cocondedecoration.com\/blog\/wp-content\/uploads\/2013\/10\/choix-vaisselle-vert-et-blanc.jpg 2000w\" sizes=\"(max-width: 600px) 100vw, 600px\" \/><\/a>Source <a href=\"http:\/\/indulgy.com\/post\/kZOC2eMRq1\/props-cups-mugs-teapots\" target=\"_blank\">tasses vertes et blanches<\/a> - <a href=\"http:\/\/www.79ideas.org\/2011\/06\/invite-summer-to-your-table.html\">assiettes<\/a> - <a href=\"http:\/\/sweetsomethingdesign.blogspot.fr\/2011\/01\/kitchen-facelift-reveal.html\" target=\"_blank\">plateau et service \u00e0 th\u00e9 <\/a><\/p>\n<p style=\"text-align: center;\"><strong>BEAUT\u00c9 - Gommage 100 % naturel au caf\u00e9<\/strong><\/p>\n<p style=\"text-align: justify;\"><a href=\"http:\/\/www.cocondedecoration.com\/blog\/wp-content\/uploads\/2013\/10\/gommage-naturel-cafe.jpg\" target=\"_blank\"><img loading=\"lazy\" decoding=\"async\" class=\"alignleft size-medium wp-image-5773\" style=\"margin: 5px;\" alt=\"gommage naturel cafe\" src=\"http:\/\/www.cocondedecoration.com\/blog\/wp-content\/uploads\/2013\/10\/gommage-naturel-cafe-260x192.jpg\" width=\"260\" height=\"192\" srcset=\"https:\/\/www.cocondedecoration.com\/blog\/wp-content\/uploads\/2013\/10\/gommage-naturel-cafe-260x192.jpg 260w, https:\/\/www.cocondedecoration.com\/blog\/wp-content\/uploads\/2013\/10\/gommage-naturel-cafe-600x444.jpg 600w, https:\/\/www.cocondedecoration.com\/blog\/wp-content\/uploads\/2013\/10\/gommage-naturel-cafe.jpg 640w\" sizes=\"(max-width: 260px) 100vw, 260px\" \/><\/a>De temps en temps, je vous parlerai beaut\u00e9 comme aujourd'hui. Samedi, j'\u00e9tais au restau avec ma copine Marie, et nos hommes accessoirement et je ne sais plus comment nous sommes arriv\u00e9es \u00e0 parler gommage. Marie est une fana de bio et de produits naturels. Moi moins. (Je trouve de le bio est sur-vendu, mais c'est un autre d\u00e9bat) Et on se disait qu'un gommage \u00e0 base de caf\u00e9, \u00e7a devait \u00eatre efficace. Hier matin, j'ai test\u00e9. J'aime\u00a0 bien le dimanche, j'ai le temps de prendre le temps.<br \/>\nMa recette de gommage au caf\u00e9 est ultra simple: Il vous faut un marc de caf\u00e9 (comme je pr\u00e9pare mon caf\u00e9 dans un piston, c'est facile pour moi d'en avoir). Grosso modo, j'avais 3 cuill\u00e8res \u00e0 caf\u00e9 de marc de caf\u00e9. J'ai ajout\u00e9 une cuill\u00e8re \u00e0 caf\u00e9 de miel. J'ai m\u00e9lang\u00e9 le tout.<br \/>\nJ'ai appliqu\u00e9 le gommage dans la cabine de la douche. J'ai bien fait, parce que mine de rien, le caf\u00e9 tombe partout quand on frotte \u00e9nergiquement. Une fois appliqu\u00e9, j'\u00e9tais \"bronz\u00e9e\" au caf\u00e9. Une bonne douche pour rincer et laver le tout. J'\u00e9tais tr\u00e8s surprise du r\u00e9sultat. Une peu de b\u00e9b\u00e9. Le miel permet de prot\u00e9ger un peu la peau. L'air de rien, \u00e7a gomme vraiment bien le caf\u00e9 (plus que le sucre, je trouve).<\/p>\n<p style=\"text-align: justify;\"><a href=\"http:\/\/www.savethegreen.fr\/2013\/08\/02\/recette-de-gommage-corporel-au-marc-de-cafe\/\" target=\"_blank\">Source de l'image <\/a><\/p>\n<p style=\"text-align: center;\"><strong>CULTURE - FILMS<\/strong><\/p>\n<p style=\"text-align: justify;\">Il y a deux films dont j'avais envie de parler cette semaine. Deux films radicalement oppos\u00e9s, mais que j'ai regard\u00e9 ces derniers jours et pour lesquels j'ai pris du plaisir. On commence avec <em>This is the End<\/em>, film d\u00e9bile , divertissant, sur la fin du monde. C'est l'histoire de deux potes, Seth Rogen et Jay Baruchel, qui se revoient apr\u00e8s une p\u00e9riode d'\u00e9loignement. Ils vont ensemble \u00e0 une soir\u00e9e de stars avec Rihanna, l'acteur qui joue Marshall dans <em>How I met your Mother<\/em>, Mindy Kalling, et bien d'autres... Et l\u00e0, c'est le drame!!! La colline de Los Angeles s'enflamme, la terre se creuse, des gens meurent. Et il ne reste qu'un groupe de 5 acteurs fans des Backstreet Boys qui essayent de survivre. C'est divertissant, amusant et un peu absurde. \u00c7a se laisse regarder! Pour info, Seth Rogen vous l'avez vu dans le film <em>Zack et Miri font un porno<\/em> et Jay Baruchel dans <em>Elle est trop bien<\/em>, par exemple...<\/p>\n<p style=\"text-align: justify;\"><a href=\"http:\/\/www.cocondedecoration.com\/blog\/wp-content\/uploads\/2013\/10\/This-Is-The-End-Rogen-Franco-Hilcbl.jpg\"><img loading=\"lazy\" decoding=\"async\" class=\"aligncenter size-full wp-image-5776\" alt=\"This-Is-The-End-Rogen-Franco-Hilcbl\" src=\"http:\/\/www.cocondedecoration.com\/blog\/wp-content\/uploads\/2013\/10\/This-Is-The-End-Rogen-Franco-Hilcbl.jpg\" width=\"640\" height=\"342\" srcset=\"https:\/\/www.cocondedecoration.com\/blog\/wp-content\/uploads\/2013\/10\/This-Is-The-End-Rogen-Franco-Hilcbl.jpg 640w, https:\/\/www.cocondedecoration.com\/blog\/wp-content\/uploads\/2013\/10\/This-Is-The-End-Rogen-Franco-Hilcbl-260x138.jpg 260w, https:\/\/www.cocondedecoration.com\/blog\/wp-content\/uploads\/2013\/10\/This-Is-The-End-Rogen-Franco-Hilcbl-600x320.jpg 600w\" sizes=\"(max-width: 640px) 100vw, 640px\" \/><\/a><a href=\"http:\/\/www.joblo.com\/movie-news\/review-this-is-the-end-03\" target=\"_blank\">Source <\/a><\/p>\n<p style=\"text-align: justify;\">Autre film, plus vieux, celui-ci puisqu'il date de de 2004, <em>The Notebook<\/em>. J'aime les films avec des personnes \u00e2g\u00e9es, je ne sais pas pourquoi, je trouve que les films avec des vieux c'est toujours \u00e0 la fois triste et charmant. Bref, l\u00e0 c'est l'histoire d'une femme qui a Alzheimer et qui est en maison de retraite. Un homme lui lit une histoire romantique issue d'un cahier. Pas d'un livre, un cahier. Au fur et \u00e0 mesure de l'histoire, la dame baisse sa garde, retrouve parfois la m\u00e9moire... Je ne veux pas vous en dire de trop sur l'histoire du film, mais il est romantique, charmant et pas culcul la praline.<\/p>\n<p style=\"text-align: justify;\"><a href=\"http:\/\/www.cocondedecoration.com\/blog\/wp-content\/uploads\/2013\/10\/the-notebook.jpg\"><img loading=\"lazy\" decoding=\"async\" class=\"aligncenter size-full wp-image-5775\" alt=\"the notebook\" src=\"http:\/\/www.cocondedecoration.com\/blog\/wp-content\/uploads\/2013\/10\/the-notebook.jpg\" width=\"800\" height=\"532\" srcset=\"https:\/\/www.cocondedecoration.com\/blog\/wp-content\/uploads\/2013\/10\/the-notebook.jpg 800w, https:\/\/www.cocondedecoration.com\/blog\/wp-content\/uploads\/2013\/10\/the-notebook-260x172.jpg 260w, https:\/\/www.cocondedecoration.com\/blog\/wp-content\/uploads\/2013\/10\/the-notebook-640x425.jpg 640w, https:\/\/www.cocondedecoration.com\/blog\/wp-content\/uploads\/2013\/10\/the-notebook-600x399.jpg 600w, https:\/\/www.cocondedecoration.com\/blog\/wp-content\/uploads\/2013\/10\/the-notebook-570x380.jpg 570w, https:\/\/www.cocondedecoration.com\/blog\/wp-content\/uploads\/2013\/10\/the-notebook-330x220.jpg 330w\" sizes=\"(max-width: 800px) 100vw, 800px\" \/><\/a><a href=\"http:\/\/missnombril.centerblog.net\/rub-Film-The-Notebook-7.html?ii=1\" target=\"_blank\">Source <\/a><\/p>\n<p style=\"text-align: center;\"><strong>BLOG ET WEBZINE - X Y &amp; Z <\/strong><\/p>\n<p style=\"text-align: justify;\">Il y a une semaine, vous avez vu apparaitre dans ma sidebar un macaron rond avec les lettres <a href=\"http:\/\/xyetz.com\/\" target=\"_blank\">X Y &amp; Z<\/a>... Kesaco? C'est un projet qui s'est mis en place au fil des derni\u00e8res semaines. Je vous ne ai d\u00e9j\u00e0 parl\u00e9 \u00e0 demi-mots dans certains articles. C'est un Webzine communautaire \u00e9crit par une joyeuse troupe d'une trentaine de personnes dunkerquoises pour la plupart, dont je fais partie. On a tous nos domaines de pr\u00e9dilection, notre mani\u00e8re d'\u00e9crire et notre personnalit\u00e9. On a mis tout \u00e7a, dans un design sympa et \u00e7a donne un espace vraiment original et tr\u00e8s diversifi\u00e9. Derri\u00e8re ce projet, il y a Manu, gagnant des Blogs Awards de l'an pass\u00e9 avec son blog <em>Chronique d'un jeune c\u00e9libataire<\/em> (maintenant, tu comprends pourquoi je te parlais de lui il y a quelques semaines). Je ne vais pas m'amuser \u00e0 vous pr\u00e9senter ici la totalit\u00e9 de l'\u00e9quipe, on est trop nombreux, mais je vous conseille vivement de d\u00e9couvrir ce <a href=\"http:\/\/xyetz.com\/\" target=\"_blank\">Webzine d\u00e9cal\u00e9<\/a>. Vous ne serez pas d\u00e9\u00e7u, enfin, je l'esp\u00e8re!<\/p>\n<p style=\"text-align: justify;\"><a href=\"http:\/\/www.cocondedecoration.com\/blog\/wp-content\/uploads\/2013\/10\/XYetZ-webzine-decale.png\"><img loading=\"lazy\" decoding=\"async\" class=\"aligncenter size-full wp-image-5777\" alt=\"XYetZ webzine decale\" src=\"http:\/\/www.cocondedecoration.com\/blog\/wp-content\/uploads\/2013\/10\/XYetZ-webzine-decale.png\" width=\"1122\" height=\"967\" srcset=\"https:\/\/www.cocondedecoration.com\/blog\/wp-content\/uploads\/2013\/10\/XYetZ-webzine-decale.png 1122w, https:\/\/www.cocondedecoration.com\/blog\/wp-content\/uploads\/2013\/10\/XYetZ-webzine-decale-260x224.png 260w, https:\/\/www.cocondedecoration.com\/blog\/wp-content\/uploads\/2013\/10\/XYetZ-webzine-decale-640x551.png 640w, https:\/\/www.cocondedecoration.com\/blog\/wp-content\/uploads\/2013\/10\/XYetZ-webzine-decale-600x517.png 600w, https:\/\/www.cocondedecoration.com\/blog\/wp-content\/uploads\/2013\/10\/XYetZ-webzine-decale-930x801.png 930w\" sizes=\"(max-width: 1122px) 100vw, 1122px\" \/><\/a><\/p>\n<p style=\"text-align: center;\"><strong>MON ACTU - Trop, trop, trop<\/strong><\/p>\n<p style=\"text-align: justify;\">Comme je le disais en d\u00e9but d'article, j'ai une semaine tr\u00e8s charg\u00e9e. Je ne vais pas d\u00e9velopper mes diff\u00e9rentes activit\u00e9s, l\u00e0, en un paragraphe. C'est impossible! Je peux juste vous dire que dans la journ\u00e9e, je lance ici sur le blog un nouveau Giveaway, qui devrait vous permettre de parfaire votre int\u00e9rieur s'il est vintage. Cette semaine, je vous parlerai aussi d'une artiste dont j'ai fait la connaissance ce samedi. Et d'un tas de choses... Mais une chose \u00e0 la fois...<\/p>\n<p style=\"text-align: justify;\">Je vous souhaite une bonne semaine! A tr\u00e8s vite!<\/p>\n<p style=\"text-align: justify;\"><a href=\"http:\/\/ideefixedujour.tumblr.com\/\" target=\"_blank\">Source de l'image \u00e0 la une<\/a><\/p>\n","protected":false},"excerpt":{"rendered":"<p>C&rsquo;est reparti pour une nouvelle semaine, semaine de vacances pour les enfants, parfois pour les parents&#8230; Pas pour moi. Cette semaine s&rsquo;annonce charg\u00e9e quand je regarde mon emploi du temps, et, ce n&rsquo;est pas fini. Mais en temps et en heure je vous parlerai des diff\u00e9rents projets. On attaque tout<span class=\"more-link\"><a href=\"https:\/\/www.cocondedecoration.com\/blog\/2013\/10\/essentials-ideas-weekly-du-21-au-27-octobre-2013\/\">Lire la suite<\/a><\/span><\/p>\n","protected":false},"author":1,"featured_media":5779,"comment_status":"open","ping_status":"open","sticky":false,"template":"","format":"standard","meta":{"om_disable_all_campaigns":false,"_monsterinsights_skip_tracking":false,"_monsterinsights_sitenote_active":false,"_monsterinsights_sitenote_note":"","_monsterinsights_sitenote_category":0,"_uf_show_specific_survey":0,"_uf_disable_surveys":false,"footnotes":""},"categories":[5],"tags":[465,1094,9,135,49,1092,1093,950,1096,247,1095,978,589,1023,50,76,1097],"aioseo_notices":[],"_links":{"self":[{"href":"https:\/\/www.cocondedecoration.com\/blog\/wp-json\/wp\/v2\/posts\/5771"}],"collection":[{"href":"https:\/\/www.cocondedecoration.com\/blog\/wp-json\/wp\/v2\/posts"}],"about":[{"href":"https:\/\/www.cocondedecoration.com\/blog\/wp-json\/wp\/v2\/types\/post"}],"author":[{"embeddable":true,"href":"https:\/\/www.cocondedecoration.com\/blog\/wp-json\/wp\/v2\/users\/1"}],"replies":[{"embeddable":true,"href":"https:\/\/www.cocondedecoration.com\/blog\/wp-json\/wp\/v2\/comments?post=5771"}],"version-history":[{"count":0,"href":"https:\/\/www.cocondedecoration.com\/blog\/wp-json\/wp\/v2\/posts\/5771\/revisions"}],"wp:featuredmedia":[{"embeddable":true,"href":"https:\/\/www.cocondedecoration.com\/blog\/wp-json\/wp\/v2\/media\/5779"}],"wp:attachment":[{"href":"https:\/\/www.cocondedecoration.com\/blog\/wp-json\/wp\/v2\/media?parent=5771"}],"wp:term":[{"taxonomy":"category","embeddable":true,"href":"https:\/\/www.cocondedecoration.com\/blog\/wp-json\/wp\/v2\/categories?post=5771"},{"taxonomy":"post_tag","embeddable":true,"href":"https:\/\/www.cocondedecoration.com\/blog\/wp-json\/wp\/v2\/tags?post=5771"}],"curies":[{"name":"wp","href":"https:\/\/api.w.org\/{rel}","templated":true}]}}