{"id":57410,"date":"2023-02-21T07:08:36","date_gmt":"2023-02-21T05:08:36","guid":{"rendered":"https:\/\/www.cocondedecoration.com\/blog\/?p=57410"},"modified":"2025-10-21T08:22:26","modified_gmt":"2025-10-21T06:22:26","slug":"decoration-entree-porte-parapluie","status":"publish","type":"post","link":"https:\/\/www.cocondedecoration.com\/blog\/2023\/02\/decoration-entree-porte-parapluie\/","title":{"rendered":"Id\u00e9es d\u00e9co | Un porte-parapluie pour parfaire la d\u00e9coration de l&rsquo;entr\u00e9e"},"content":{"rendered":"\n<p>D\u00e9suet mais pourtant pratique, le porte-parapluie est un accessoire d\u00e9co parfait pour d\u00e9corer l'entr\u00e9e. Il permet de ne pas mouiller le sol quand on rentre et qu'il pleuviote. Il permet aussi de ranger ses pr\u00e9cieux parapluies tout au long de l'ann\u00e9e. Ranger convenablement un parapluie vous garantira sa long\u00e9vit\u00e9. Par ailleurs, le porte-parapluie est un \u00e9l\u00e9ment d\u00e9co qui n'encombre pas. M\u00eame dans une petite entr\u00e9e, il peut trouver sa place \u00e0 c\u00f4t\u00e9 d'une console ou encore sous les manteaux accroch\u00e9s au mur. <\/p>\n\n\n\n<!--more-->\n\n\n\n<div class=\"wp-block-columns has-2-columns is-layout-flex wp-container-core-columns-layout-1 wp-block-columns-is-layout-flex\">\n<div class=\"wp-block-column is-layout-flow wp-block-column-is-layout-flow\">\n<h2 class=\"wp-block-heading\">Comment choisir son porte-parapluies? <\/h2>\n\n\n\n<p>Globalement, la hauteur d'un porte-parapluie est comprise entre 45 et 60 cm. Les crit\u00e8res les plus marquants sont la forme, les mat\u00e9riaux et le design de l'accessoire. <\/p>\n\n\n\n<ul><li>Quelle forme choisir pour un porte parapluie? <\/li><\/ul>\n\n\n\n<p>Le premier crit\u00e8re \u00e0 prendre en compte pour choisir votre porte-parapluie est sa fome: cylindrique, carr\u00e9e, rectangulaire... Ce sont souvent des formes simples qui donnent un c\u00f4t\u00e9 pratique \u00e0 l'objet. Ce qui va donner un cot\u00e9 d\u00e9co ce sont les mat\u00e9riaux et son esth\u00e9tique. <\/p>\n\n\n\n<ul><li>Quels mat\u00e9riaux choisir pour un porte-parapluies? <\/li><\/ul>\n\n\n\n<p>L'id\u00e9al pour un porte-parapluie c'est de choisir un mat\u00e9riau qui supporte l'humidit\u00e9. M\u00eame si on ne range pas un parapluie tremp\u00e9, il est possible qu'il soit encore un peu humide. Le bois comme le m\u00e9tal doivent \u00eatre trait\u00e9s pour ne pas se d\u00e9t\u00e9riorer au fil du temps. Les porte-parapluies vendus dans le commerce sont trait\u00e9s pour vous \u00e9viter ce d\u00e9sagr\u00e9ment. Le bois confortera une ambiance chaleureuse dans votre espace. Le m\u00e9tal quant \u00e0 lui est plus moderne. On trouve aussi de la c\u00e9ramique assez \u00e9l\u00e9gante. La fonte quant \u00e0 elle rel\u00e8ve d'un univers plus <a href=\"https:\/\/www.cocondedecoration.com\/blog\/2020\/11\/style-deco-signes-classique-chic\/\" target=\"_blank\" rel=\"noreferrer noopener\" aria-label=\"classique chic (s\u2019ouvre dans un nouvel onglet)\">classique chic<\/a>. Les mat\u00e9riaux comme le rotin offriront un c\u00f4t\u00e9 nature int\u00e9ressant et moderne. <\/p>\n\n\n\n<ul><li>Quelle esth\u00e9tique choisir pour un porte-parapluie? <\/li><\/ul>\n\n\n\n<p>Style ancien en fonte, semble assez lourd visuellement mais contribue \u00e0 offrir du cachet \u00e0 l'espace. Dans le m\u00eame esprit r\u00e9tro classique, on trouve aussi des porte-parapluies en c\u00e9ramique bleue et blanche qui rappellent les jarres en porcelaine chinoise. <br>Plus moderne et passe-partout: les porte-parapluie cylindriques en m\u00e9tal. Le m\u00e9tal peut \u00eatre plein comme ajour\u00e9. Il est souvent de couleur neutre ce qui permet de s'inviter dans de nombreux styles <a href=\"https:\/\/www.cocondedecoration.com\/blog\/category\/deco-piece-par-piece\/entree\/\" target=\"_blank\" rel=\"noreferrer noopener\" aria-label=\"d'entr\u00e9e (s\u2019ouvre dans un nouvel onglet)\">d'entr\u00e9e<\/a>. <br>On a aussi des mod\u00e8les plus design. Parfois, il est question de suspendre le parapluie plus que de le poser dans un contenant. Cela offre de la l\u00e9g\u00e8ret\u00e9 \u00e0 l'accessoire. La plupart du temps, ce qui conf\u00e8re un aspect design c'est l'armature qui se fait plus discr\u00e8te, plus \u00e9pur\u00e9e. <\/p>\n\n\n\n<p>Ce qui me plait avec ce petit d\u00e9tail d\u00e9co c'est qu'il ne prend pas beaucoup de place. Comme je le disais en intro, il est facile de le poser \u00e0 c\u00f4t\u00e9 d'un meuble ou sous les manteaux. On peut aussi le mettre juste \u00e0 c\u00f4t\u00e9 de la porte dans un angle... et pourquoi pas \u00e0 c\u00f4t\u00e9 d'<a href=\"https:\/\/www.cocondedecoration.com\/blog\/2022\/07\/quelle-plante-decorer-entree\/\" target=\"_blank\" rel=\"noreferrer noopener\" aria-label=\"une jolie plante verte (s\u2019ouvre dans un nouvel onglet)\">une jolie plante verte<\/a>. <\/p>\n<\/div>\n\n\n\n<div class=\"wp-block-column is-layout-flow wp-block-column-is-layout-flow\">\n<figure class=\"wp-block-image\"><img loading=\"lazy\" decoding=\"async\" width=\"640\" height=\"960\" src=\"https:\/\/www.cocondedecoration.com\/blog\/wp-content\/uploads\/2023\/02\/porte-parapluie-exemple-decoration-entree-1-640x960.jpeg\" alt=\"porte-parapluie exemple decoration entree mod\u00e8le moderne en m\u00e9tal \u00e9pur\u00e9 pratique\" class=\"wp-image-57411\" srcset=\"https:\/\/www.cocondedecoration.com\/blog\/wp-content\/uploads\/2023\/02\/porte-parapluie-exemple-decoration-entree-1-640x960.jpeg 640w, https:\/\/www.cocondedecoration.com\/blog\/wp-content\/uploads\/2023\/02\/porte-parapluie-exemple-decoration-entree-1-260x390.jpeg 260w, https:\/\/www.cocondedecoration.com\/blog\/wp-content\/uploads\/2023\/02\/porte-parapluie-exemple-decoration-entree-1-768x1152.jpeg 768w, https:\/\/www.cocondedecoration.com\/blog\/wp-content\/uploads\/2023\/02\/porte-parapluie-exemple-decoration-entree-1-367x550.jpeg 367w, https:\/\/www.cocondedecoration.com\/blog\/wp-content\/uploads\/2023\/02\/porte-parapluie-exemple-decoration-entree-1-333x500.jpeg 333w, https:\/\/www.cocondedecoration.com\/blog\/wp-content\/uploads\/2023\/02\/porte-parapluie-exemple-decoration-entree-1.jpeg 1000w\" sizes=\"(max-width: 640px) 100vw, 640px\" \/><figcaption>amazon.ca\n<\/figcaption><\/figure>\n\n\n\n<figure class=\"wp-block-image\"><img loading=\"lazy\" decoding=\"async\" width=\"640\" height=\"532\" src=\"https:\/\/www.cocondedecoration.com\/blog\/wp-content\/uploads\/2023\/02\/deco-entree-porte-parapluie-exemple-moderne-640x532.png\" alt=\"deco entree porte-parapluie exemple moderne petit meuble en bois clair soubassement papier peint blanc et noir miroir rond\" class=\"wp-image-57456\" srcset=\"https:\/\/www.cocondedecoration.com\/blog\/wp-content\/uploads\/2023\/02\/deco-entree-porte-parapluie-exemple-moderne-640x532.png 640w, https:\/\/www.cocondedecoration.com\/blog\/wp-content\/uploads\/2023\/02\/deco-entree-porte-parapluie-exemple-moderne-260x216.png 260w, https:\/\/www.cocondedecoration.com\/blog\/wp-content\/uploads\/2023\/02\/deco-entree-porte-parapluie-exemple-moderne-768x639.png 768w, https:\/\/www.cocondedecoration.com\/blog\/wp-content\/uploads\/2023\/02\/deco-entree-porte-parapluie-exemple-moderne-465x387.png 465w, https:\/\/www.cocondedecoration.com\/blog\/wp-content\/uploads\/2023\/02\/deco-entree-porte-parapluie-exemple-moderne-601x500.png 601w, https:\/\/www.cocondedecoration.com\/blog\/wp-content\/uploads\/2023\/02\/deco-entree-porte-parapluie-exemple-moderne.png 1354w\" sizes=\"(max-width: 640px) 100vw, 640px\" \/><figcaption>apartmenttherapy.com<\/figcaption><\/figure>\n<\/div>\n<\/div>\n\n\n\n<h2 class=\"wp-block-heading\">Inspirations - D\u00e9corer l'entr\u00e9e \u00e0 l'aide d'un porte-parapluie<\/h2>\n\n\n\n<ul class=\"wp-block-gallery columns-3 is-cropped wp-block-gallery-1 is-layout-flex wp-block-gallery-is-layout-flex\"><li class=\"blocks-gallery-item\"><figure><img loading=\"lazy\" decoding=\"async\" width=\"640\" height=\"960\" src=\"https:\/\/www.cocondedecoration.com\/blog\/wp-content\/uploads\/2023\/02\/porte-parapluie-exemple-decoration-entree-2-640x960.jpeg\" alt=\"porte-parapluie exemple decoration entree blanc hibou d\u00e9cor \u00e9clectique\" data-id=\"57412\" data-link=\"https:\/\/www.cocondedecoration.com\/blog\/?attachment_id=57412\" class=\"wp-image-57412\" srcset=\"https:\/\/www.cocondedecoration.com\/blog\/wp-content\/uploads\/2023\/02\/porte-parapluie-exemple-decoration-entree-2-640x960.jpeg 640w, https:\/\/www.cocondedecoration.com\/blog\/wp-content\/uploads\/2023\/02\/porte-parapluie-exemple-decoration-entree-2-260x390.jpeg 260w, https:\/\/www.cocondedecoration.com\/blog\/wp-content\/uploads\/2023\/02\/porte-parapluie-exemple-decoration-entree-2-768x1152.jpeg 768w, https:\/\/www.cocondedecoration.com\/blog\/wp-content\/uploads\/2023\/02\/porte-parapluie-exemple-decoration-entree-2-367x550.jpeg 367w, https:\/\/www.cocondedecoration.com\/blog\/wp-content\/uploads\/2023\/02\/porte-parapluie-exemple-decoration-entree-2-333x500.jpeg 333w, https:\/\/www.cocondedecoration.com\/blog\/wp-content\/uploads\/2023\/02\/porte-parapluie-exemple-decoration-entree-2.jpeg 1000w\" sizes=\"(max-width: 640px) 100vw, 640px\" \/><figcaption>houzz.com\n<\/figcaption><\/figure><\/li><li class=\"blocks-gallery-item\"><figure><img loading=\"lazy\" decoding=\"async\" width=\"640\" height=\"960\" src=\"https:\/\/www.cocondedecoration.com\/blog\/wp-content\/uploads\/2023\/02\/porte-parapluie-exemple-decoration-entree-3-640x960.jpeg\" alt=\"porte-parapluie exemple decoration entree original maison de campagne botte de pluie\" data-id=\"57413\" data-link=\"https:\/\/www.cocondedecoration.com\/blog\/?attachment_id=57413\" class=\"wp-image-57413\" srcset=\"https:\/\/www.cocondedecoration.com\/blog\/wp-content\/uploads\/2023\/02\/porte-parapluie-exemple-decoration-entree-3-640x960.jpeg 640w, https:\/\/www.cocondedecoration.com\/blog\/wp-content\/uploads\/2023\/02\/porte-parapluie-exemple-decoration-entree-3-260x390.jpeg 260w, https:\/\/www.cocondedecoration.com\/blog\/wp-content\/uploads\/2023\/02\/porte-parapluie-exemple-decoration-entree-3-768x1152.jpeg 768w, https:\/\/www.cocondedecoration.com\/blog\/wp-content\/uploads\/2023\/02\/porte-parapluie-exemple-decoration-entree-3-367x550.jpeg 367w, https:\/\/www.cocondedecoration.com\/blog\/wp-content\/uploads\/2023\/02\/porte-parapluie-exemple-decoration-entree-3-333x500.jpeg 333w, https:\/\/www.cocondedecoration.com\/blog\/wp-content\/uploads\/2023\/02\/porte-parapluie-exemple-decoration-entree-3.jpeg 1000w\" sizes=\"(max-width: 640px) 100vw, 640px\" \/><figcaption>ciaonewportbeach.blogspot.com\n<\/figcaption><\/figure><\/li><li class=\"blocks-gallery-item\"><figure><img loading=\"lazy\" decoding=\"async\" width=\"640\" height=\"960\" src=\"https:\/\/www.cocondedecoration.com\/blog\/wp-content\/uploads\/2023\/02\/porte-parapluie-exemple-decoration-entree-4-640x960.jpeg\" alt=\"porte-parapluie exemple decoration entree objets vintage d\u00e9suet et pratique\" data-id=\"57414\" data-link=\"https:\/\/www.cocondedecoration.com\/blog\/?attachment_id=57414\" class=\"wp-image-57414\" srcset=\"https:\/\/www.cocondedecoration.com\/blog\/wp-content\/uploads\/2023\/02\/porte-parapluie-exemple-decoration-entree-4-640x960.jpeg 640w, https:\/\/www.cocondedecoration.com\/blog\/wp-content\/uploads\/2023\/02\/porte-parapluie-exemple-decoration-entree-4-260x390.jpeg 260w, https:\/\/www.cocondedecoration.com\/blog\/wp-content\/uploads\/2023\/02\/porte-parapluie-exemple-decoration-entree-4-768x1152.jpeg 768w, https:\/\/www.cocondedecoration.com\/blog\/wp-content\/uploads\/2023\/02\/porte-parapluie-exemple-decoration-entree-4-367x550.jpeg 367w, https:\/\/www.cocondedecoration.com\/blog\/wp-content\/uploads\/2023\/02\/porte-parapluie-exemple-decoration-entree-4-333x500.jpeg 333w, https:\/\/www.cocondedecoration.com\/blog\/wp-content\/uploads\/2023\/02\/porte-parapluie-exemple-decoration-entree-4.jpeg 1000w\" sizes=\"(max-width: 640px) 100vw, 640px\" \/><figcaption>domino.com\n<\/figcaption><\/figure><\/li><li class=\"blocks-gallery-item\"><figure><img loading=\"lazy\" decoding=\"async\" width=\"640\" height=\"960\" src=\"https:\/\/www.cocondedecoration.com\/blog\/wp-content\/uploads\/2023\/02\/porte-parapluie-exemple-decoration-entree-5-640x960.jpeg\" alt=\"porte-parapluie exemple decoration entree d\u00e9tournement astucieux bro en c\u00e9ramique ancien\" data-id=\"57415\" data-link=\"https:\/\/www.cocondedecoration.com\/blog\/?attachment_id=57415\" class=\"wp-image-57415\" srcset=\"https:\/\/www.cocondedecoration.com\/blog\/wp-content\/uploads\/2023\/02\/porte-parapluie-exemple-decoration-entree-5-640x960.jpeg 640w, https:\/\/www.cocondedecoration.com\/blog\/wp-content\/uploads\/2023\/02\/porte-parapluie-exemple-decoration-entree-5-260x390.jpeg 260w, https:\/\/www.cocondedecoration.com\/blog\/wp-content\/uploads\/2023\/02\/porte-parapluie-exemple-decoration-entree-5-768x1152.jpeg 768w, https:\/\/www.cocondedecoration.com\/blog\/wp-content\/uploads\/2023\/02\/porte-parapluie-exemple-decoration-entree-5-367x550.jpeg 367w, https:\/\/www.cocondedecoration.com\/blog\/wp-content\/uploads\/2023\/02\/porte-parapluie-exemple-decoration-entree-5-333x500.jpeg 333w, https:\/\/www.cocondedecoration.com\/blog\/wp-content\/uploads\/2023\/02\/porte-parapluie-exemple-decoration-entree-5.jpeg 1000w\" sizes=\"(max-width: 640px) 100vw, 640px\" \/><figcaption>artsandclassy.com\n<\/figcaption><\/figure><\/li><li class=\"blocks-gallery-item\"><figure><img loading=\"lazy\" decoding=\"async\" width=\"640\" height=\"960\" src=\"https:\/\/www.cocondedecoration.com\/blog\/wp-content\/uploads\/2023\/02\/porte-parapluie-exemple-decoration-entree-6-640x960.jpeg\" alt=\"porte-parapluie exemple decoration entree personnalis\u00e9 li\u00e8ge peinture moderne ludique\" data-id=\"57416\" data-link=\"https:\/\/www.cocondedecoration.com\/blog\/?attachment_id=57416\" class=\"wp-image-57416\" srcset=\"https:\/\/www.cocondedecoration.com\/blog\/wp-content\/uploads\/2023\/02\/porte-parapluie-exemple-decoration-entree-6-640x960.jpeg 640w, https:\/\/www.cocondedecoration.com\/blog\/wp-content\/uploads\/2023\/02\/porte-parapluie-exemple-decoration-entree-6-260x390.jpeg 260w, https:\/\/www.cocondedecoration.com\/blog\/wp-content\/uploads\/2023\/02\/porte-parapluie-exemple-decoration-entree-6-768x1152.jpeg 768w, https:\/\/www.cocondedecoration.com\/blog\/wp-content\/uploads\/2023\/02\/porte-parapluie-exemple-decoration-entree-6-367x550.jpeg 367w, https:\/\/www.cocondedecoration.com\/blog\/wp-content\/uploads\/2023\/02\/porte-parapluie-exemple-decoration-entree-6-333x500.jpeg 333w, https:\/\/www.cocondedecoration.com\/blog\/wp-content\/uploads\/2023\/02\/porte-parapluie-exemple-decoration-entree-6.jpeg 1000w\" sizes=\"(max-width: 640px) 100vw, 640px\" \/><figcaption>pinterest.fr<\/figcaption><\/figure><\/li><li class=\"blocks-gallery-item\"><figure><img loading=\"lazy\" decoding=\"async\" width=\"640\" height=\"960\" src=\"https:\/\/www.cocondedecoration.com\/blog\/wp-content\/uploads\/2023\/02\/porte-parapluie-exemple-decoration-entree-7-640x960.jpeg\" alt=\"porte-parapluie exemple decoration entree ancien vintage bleu porcelaine\" data-id=\"57417\" data-link=\"https:\/\/www.cocondedecoration.com\/blog\/?attachment_id=57417\" class=\"wp-image-57417\" srcset=\"https:\/\/www.cocondedecoration.com\/blog\/wp-content\/uploads\/2023\/02\/porte-parapluie-exemple-decoration-entree-7-640x960.jpeg 640w, https:\/\/www.cocondedecoration.com\/blog\/wp-content\/uploads\/2023\/02\/porte-parapluie-exemple-decoration-entree-7-260x390.jpeg 260w, https:\/\/www.cocondedecoration.com\/blog\/wp-content\/uploads\/2023\/02\/porte-parapluie-exemple-decoration-entree-7-768x1152.jpeg 768w, https:\/\/www.cocondedecoration.com\/blog\/wp-content\/uploads\/2023\/02\/porte-parapluie-exemple-decoration-entree-7-367x550.jpeg 367w, https:\/\/www.cocondedecoration.com\/blog\/wp-content\/uploads\/2023\/02\/porte-parapluie-exemple-decoration-entree-7-333x500.jpeg 333w, https:\/\/www.cocondedecoration.com\/blog\/wp-content\/uploads\/2023\/02\/porte-parapluie-exemple-decoration-entree-7.jpeg 1000w\" sizes=\"(max-width: 640px) 100vw, 640px\" \/><figcaption>decorpad.com\n<\/figcaption><\/figure><\/li><li class=\"blocks-gallery-item\"><figure><img loading=\"lazy\" decoding=\"async\" width=\"640\" height=\"960\" src=\"https:\/\/www.cocondedecoration.com\/blog\/wp-content\/uploads\/2023\/02\/porte-parapluie-exemple-decoration-entree-8-640x960.jpeg\" alt=\"porte-parapluie exemple decoration entree bois peint m\u00eame couleur que les murs discret et pratique\" data-id=\"57418\" data-link=\"https:\/\/www.cocondedecoration.com\/blog\/?attachment_id=57418\" class=\"wp-image-57418\" srcset=\"https:\/\/www.cocondedecoration.com\/blog\/wp-content\/uploads\/2023\/02\/porte-parapluie-exemple-decoration-entree-8-640x960.jpeg 640w, https:\/\/www.cocondedecoration.com\/blog\/wp-content\/uploads\/2023\/02\/porte-parapluie-exemple-decoration-entree-8-260x390.jpeg 260w, https:\/\/www.cocondedecoration.com\/blog\/wp-content\/uploads\/2023\/02\/porte-parapluie-exemple-decoration-entree-8-768x1152.jpeg 768w, https:\/\/www.cocondedecoration.com\/blog\/wp-content\/uploads\/2023\/02\/porte-parapluie-exemple-decoration-entree-8-367x550.jpeg 367w, https:\/\/www.cocondedecoration.com\/blog\/wp-content\/uploads\/2023\/02\/porte-parapluie-exemple-decoration-entree-8-333x500.jpeg 333w, https:\/\/www.cocondedecoration.com\/blog\/wp-content\/uploads\/2023\/02\/porte-parapluie-exemple-decoration-entree-8.jpeg 1000w\" sizes=\"(max-width: 640px) 100vw, 640px\" \/><figcaption>homehacks.co\n<\/figcaption><\/figure><\/li><li class=\"blocks-gallery-item\"><figure><img loading=\"lazy\" decoding=\"async\" width=\"640\" height=\"960\" src=\"https:\/\/www.cocondedecoration.com\/blog\/wp-content\/uploads\/2023\/02\/porte-parapluie-exemple-decoration-entree-9-640x960.jpeg\" alt=\"porte-parapluie exemple decoration entree moderne noir et blanc pratique et minimaliste\" data-id=\"57419\" data-link=\"https:\/\/www.cocondedecoration.com\/blog\/?attachment_id=57419\" class=\"wp-image-57419\" srcset=\"https:\/\/www.cocondedecoration.com\/blog\/wp-content\/uploads\/2023\/02\/porte-parapluie-exemple-decoration-entree-9-640x960.jpeg 640w, https:\/\/www.cocondedecoration.com\/blog\/wp-content\/uploads\/2023\/02\/porte-parapluie-exemple-decoration-entree-9-260x390.jpeg 260w, https:\/\/www.cocondedecoration.com\/blog\/wp-content\/uploads\/2023\/02\/porte-parapluie-exemple-decoration-entree-9-768x1152.jpeg 768w, https:\/\/www.cocondedecoration.com\/blog\/wp-content\/uploads\/2023\/02\/porte-parapluie-exemple-decoration-entree-9-367x550.jpeg 367w, https:\/\/www.cocondedecoration.com\/blog\/wp-content\/uploads\/2023\/02\/porte-parapluie-exemple-decoration-entree-9-333x500.jpeg 333w, https:\/\/www.cocondedecoration.com\/blog\/wp-content\/uploads\/2023\/02\/porte-parapluie-exemple-decoration-entree-9.jpeg 1000w\" sizes=\"(max-width: 640px) 100vw, 640px\" \/><figcaption>roomfortuesday.com\n<\/figcaption><\/figure><\/li><li class=\"blocks-gallery-item\"><figure><img loading=\"lazy\" decoding=\"async\" width=\"640\" height=\"960\" src=\"https:\/\/www.cocondedecoration.com\/blog\/wp-content\/uploads\/2023\/02\/porte-parapluie-exemple-decoration-entree-10-640x960.jpeg\" alt=\"porte-parapluie exemple decoration entree m\u00e9tal laiton vieilli d\u00e9cor surann\u00e9\" data-id=\"57420\" data-link=\"https:\/\/www.cocondedecoration.com\/blog\/?attachment_id=57420\" class=\"wp-image-57420\" srcset=\"https:\/\/www.cocondedecoration.com\/blog\/wp-content\/uploads\/2023\/02\/porte-parapluie-exemple-decoration-entree-10-640x960.jpeg 640w, https:\/\/www.cocondedecoration.com\/blog\/wp-content\/uploads\/2023\/02\/porte-parapluie-exemple-decoration-entree-10-260x390.jpeg 260w, https:\/\/www.cocondedecoration.com\/blog\/wp-content\/uploads\/2023\/02\/porte-parapluie-exemple-decoration-entree-10-768x1152.jpeg 768w, https:\/\/www.cocondedecoration.com\/blog\/wp-content\/uploads\/2023\/02\/porte-parapluie-exemple-decoration-entree-10-367x550.jpeg 367w, https:\/\/www.cocondedecoration.com\/blog\/wp-content\/uploads\/2023\/02\/porte-parapluie-exemple-decoration-entree-10-333x500.jpeg 333w, https:\/\/www.cocondedecoration.com\/blog\/wp-content\/uploads\/2023\/02\/porte-parapluie-exemple-decoration-entree-10.jpeg 1000w\" sizes=\"(max-width: 640px) 100vw, 640px\" \/><figcaption>ballarddesigns.com\n<\/figcaption><\/figure><\/li><li class=\"blocks-gallery-item\"><figure><img loading=\"lazy\" decoding=\"async\" width=\"640\" height=\"960\" src=\"https:\/\/www.cocondedecoration.com\/blog\/wp-content\/uploads\/2023\/02\/porte-parapluie-exemple-decoration-entree-11-640x960.jpeg\" alt=\"porte-parapluie exemple decoration entree panier en osier mat\u00e9riau naturel et moderne\" data-id=\"57421\" data-link=\"https:\/\/www.cocondedecoration.com\/blog\/?attachment_id=57421\" class=\"wp-image-57421\" srcset=\"https:\/\/www.cocondedecoration.com\/blog\/wp-content\/uploads\/2023\/02\/porte-parapluie-exemple-decoration-entree-11-640x960.jpeg 640w, https:\/\/www.cocondedecoration.com\/blog\/wp-content\/uploads\/2023\/02\/porte-parapluie-exemple-decoration-entree-11-260x390.jpeg 260w, https:\/\/www.cocondedecoration.com\/blog\/wp-content\/uploads\/2023\/02\/porte-parapluie-exemple-decoration-entree-11-768x1152.jpeg 768w, https:\/\/www.cocondedecoration.com\/blog\/wp-content\/uploads\/2023\/02\/porte-parapluie-exemple-decoration-entree-11-367x550.jpeg 367w, https:\/\/www.cocondedecoration.com\/blog\/wp-content\/uploads\/2023\/02\/porte-parapluie-exemple-decoration-entree-11-333x500.jpeg 333w, https:\/\/www.cocondedecoration.com\/blog\/wp-content\/uploads\/2023\/02\/porte-parapluie-exemple-decoration-entree-11.jpeg 1000w\" sizes=\"(max-width: 640px) 100vw, 640px\" \/><figcaption>tidbitsandtwine.com\n<\/figcaption><\/figure><\/li><li class=\"blocks-gallery-item\"><figure><img loading=\"lazy\" decoding=\"async\" width=\"640\" height=\"960\" src=\"https:\/\/www.cocondedecoration.com\/blog\/wp-content\/uploads\/2023\/02\/porte-parapluie-exemple-decoration-entree-12-640x960.jpeg\" alt=\"porte-parapluie exemple decoration entree noir moderne simple grillage\" data-id=\"57422\" data-link=\"https:\/\/www.cocondedecoration.com\/blog\/?attachment_id=57422\" class=\"wp-image-57422\" srcset=\"https:\/\/www.cocondedecoration.com\/blog\/wp-content\/uploads\/2023\/02\/porte-parapluie-exemple-decoration-entree-12-640x960.jpeg 640w, https:\/\/www.cocondedecoration.com\/blog\/wp-content\/uploads\/2023\/02\/porte-parapluie-exemple-decoration-entree-12-260x390.jpeg 260w, https:\/\/www.cocondedecoration.com\/blog\/wp-content\/uploads\/2023\/02\/porte-parapluie-exemple-decoration-entree-12-768x1152.jpeg 768w, https:\/\/www.cocondedecoration.com\/blog\/wp-content\/uploads\/2023\/02\/porte-parapluie-exemple-decoration-entree-12-367x550.jpeg 367w, https:\/\/www.cocondedecoration.com\/blog\/wp-content\/uploads\/2023\/02\/porte-parapluie-exemple-decoration-entree-12-333x500.jpeg 333w, https:\/\/www.cocondedecoration.com\/blog\/wp-content\/uploads\/2023\/02\/porte-parapluie-exemple-decoration-entree-12.jpeg 1000w\" sizes=\"(max-width: 640px) 100vw, 640px\" \/><figcaption>roomfortuesday.com\n<\/figcaption><\/figure><\/li><li class=\"blocks-gallery-item\"><figure><img loading=\"lazy\" decoding=\"async\" width=\"640\" height=\"960\" src=\"https:\/\/www.cocondedecoration.com\/blog\/wp-content\/uploads\/2023\/02\/porte-parapluie-exemple-decoration-entree-13-640x960.jpeg\" alt=\"porte-parapluie exemple decoration entree  fibre naturelle moderne couleur ethnique\" data-id=\"57423\" data-link=\"https:\/\/www.cocondedecoration.com\/blog\/?attachment_id=57423\" class=\"wp-image-57423\" srcset=\"https:\/\/www.cocondedecoration.com\/blog\/wp-content\/uploads\/2023\/02\/porte-parapluie-exemple-decoration-entree-13-640x960.jpeg 640w, https:\/\/www.cocondedecoration.com\/blog\/wp-content\/uploads\/2023\/02\/porte-parapluie-exemple-decoration-entree-13-260x390.jpeg 260w, https:\/\/www.cocondedecoration.com\/blog\/wp-content\/uploads\/2023\/02\/porte-parapluie-exemple-decoration-entree-13-768x1152.jpeg 768w, https:\/\/www.cocondedecoration.com\/blog\/wp-content\/uploads\/2023\/02\/porte-parapluie-exemple-decoration-entree-13-367x550.jpeg 367w, https:\/\/www.cocondedecoration.com\/blog\/wp-content\/uploads\/2023\/02\/porte-parapluie-exemple-decoration-entree-13-333x500.jpeg 333w, https:\/\/www.cocondedecoration.com\/blog\/wp-content\/uploads\/2023\/02\/porte-parapluie-exemple-decoration-entree-13.jpeg 1000w\" sizes=\"(max-width: 640px) 100vw, 640px\" \/><figcaption>anthropologie.com\n<\/figcaption><\/figure><\/li><\/ul>\n\n\n\n<h2 class=\"wp-block-heading\">Shopping - Un porte-parapluies pour votre entr\u00e9e<\/h2>\n\n\n\n<div class=\"wp-block-columns has-4-columns is-layout-flex wp-container-core-columns-layout-2 wp-block-columns-is-layout-flex\">\n<div class=\"wp-block-column is-layout-flow wp-block-column-is-layout-flow\">\n<figure class=\"wp-block-image\"><img loading=\"lazy\" decoding=\"async\" width=\"500\" height=\"500\" src=\"https:\/\/www.cocondedecoration.com\/blog\/wp-content\/uploads\/2023\/02\/ou-trouver-porte-parapluie-pas-cher-1.jpeg\" alt=\"ou trouver porte parapluie pas cher Set de 2 porte-parapluies ronds en similicuir 23x23x54cm\" class=\"wp-image-57426\" srcset=\"https:\/\/www.cocondedecoration.com\/blog\/wp-content\/uploads\/2023\/02\/ou-trouver-porte-parapluie-pas-cher-1.jpeg 500w, https:\/\/www.cocondedecoration.com\/blog\/wp-content\/uploads\/2023\/02\/ou-trouver-porte-parapluie-pas-cher-1-165x165.jpeg 165w, https:\/\/www.cocondedecoration.com\/blog\/wp-content\/uploads\/2023\/02\/ou-trouver-porte-parapluie-pas-cher-1-260x260.jpeg 260w, https:\/\/www.cocondedecoration.com\/blog\/wp-content\/uploads\/2023\/02\/ou-trouver-porte-parapluie-pas-cher-1-465x465.jpeg 465w\" sizes=\"(max-width: 500px) 100vw, 500px\" \/><figcaption><a href=\"https:\/\/fnty.co\/c\/r-NLWSRwYL\" target=\"_blank\" rel=\"noreferrer noopener\" aria-label=\"Set de 2 porte-parapluies ronds en similicuir (s\u2019ouvre dans un nouvel onglet)\">Set de 2 porte-parapluies ronds en similicuir<\/a> - Maisons du Monde <\/figcaption><\/figure>\n\n\n\n<figure class=\"wp-block-image\"><img loading=\"lazy\" decoding=\"async\" width=\"500\" height=\"500\" src=\"https:\/\/www.cocondedecoration.com\/blog\/wp-content\/uploads\/2023\/02\/ou-trouver-porte-parapluie-design-1.jpeg\" alt=\"ou trouver porte parapluie design Porte-parapluies en b\u00e9ton et acier rouge Ambrogio - Meme Design\" class=\"wp-image-57445\" srcset=\"https:\/\/www.cocondedecoration.com\/blog\/wp-content\/uploads\/2023\/02\/ou-trouver-porte-parapluie-design-1.jpeg 500w, https:\/\/www.cocondedecoration.com\/blog\/wp-content\/uploads\/2023\/02\/ou-trouver-porte-parapluie-design-1-165x165.jpeg 165w, https:\/\/www.cocondedecoration.com\/blog\/wp-content\/uploads\/2023\/02\/ou-trouver-porte-parapluie-design-1-260x260.jpeg 260w, https:\/\/www.cocondedecoration.com\/blog\/wp-content\/uploads\/2023\/02\/ou-trouver-porte-parapluie-design-1-465x465.jpeg 465w\" sizes=\"(max-width: 500px) 100vw, 500px\" \/><figcaption><a href=\"https:\/\/fnty.co\/c\/r-VICFlNXM\" target=\"_blank\" rel=\"noreferrer noopener\" aria-label=\"Porte-parapluies en b\u00e9ton et acier rouge (s\u2019ouvre dans un nouvel onglet)\">Porte-parapluies en b\u00e9ton et acier rouge<\/a> - The Cool Republic<\/figcaption><\/figure>\n\n\n\n<figure class=\"wp-block-image\"><img loading=\"lazy\" decoding=\"async\" width=\"500\" height=\"500\" src=\"https:\/\/www.cocondedecoration.com\/blog\/wp-content\/uploads\/2023\/02\/ou-trouver-porte-parapluie-pas-cher-5.jpeg\" alt=\"ou trouver porte parapluie pas cher Porte-parapluies rond en m\u00e9tal noir\" class=\"wp-image-57430\" srcset=\"https:\/\/www.cocondedecoration.com\/blog\/wp-content\/uploads\/2023\/02\/ou-trouver-porte-parapluie-pas-cher-5.jpeg 500w, https:\/\/www.cocondedecoration.com\/blog\/wp-content\/uploads\/2023\/02\/ou-trouver-porte-parapluie-pas-cher-5-165x165.jpeg 165w, https:\/\/www.cocondedecoration.com\/blog\/wp-content\/uploads\/2023\/02\/ou-trouver-porte-parapluie-pas-cher-5-260x260.jpeg 260w, https:\/\/www.cocondedecoration.com\/blog\/wp-content\/uploads\/2023\/02\/ou-trouver-porte-parapluie-pas-cher-5-465x465.jpeg 465w\" sizes=\"(max-width: 500px) 100vw, 500px\" \/><figcaption><a href=\"https:\/\/fnty.co\/c\/r-kSGGXPrv\" target=\"_blank\" rel=\"noreferrer noopener\" aria-label=\"Porte-parapluies rond en m\u00e9tal noir (s\u2019ouvre dans un nouvel onglet)\">Porte-parapluies rond en m\u00e9tal noir<\/a> - Maisons du Monde<\/figcaption><\/figure>\n\n\n\n<figure class=\"wp-block-image\"><img loading=\"lazy\" decoding=\"async\" width=\"500\" height=\"500\" src=\"https:\/\/www.cocondedecoration.com\/blog\/wp-content\/uploads\/2023\/02\/ou-trouver-porte-parapluie-design-5.jpeg\" alt=\"ou trouver porte parapluie design Porte-parapluies en m\u00e9tal noir Ella - Serax\" class=\"wp-image-57441\" srcset=\"https:\/\/www.cocondedecoration.com\/blog\/wp-content\/uploads\/2023\/02\/ou-trouver-porte-parapluie-design-5.jpeg 500w, https:\/\/www.cocondedecoration.com\/blog\/wp-content\/uploads\/2023\/02\/ou-trouver-porte-parapluie-design-5-165x165.jpeg 165w, https:\/\/www.cocondedecoration.com\/blog\/wp-content\/uploads\/2023\/02\/ou-trouver-porte-parapluie-design-5-260x260.jpeg 260w, https:\/\/www.cocondedecoration.com\/blog\/wp-content\/uploads\/2023\/02\/ou-trouver-porte-parapluie-design-5-465x465.jpeg 465w\" sizes=\"(max-width: 500px) 100vw, 500px\" \/><figcaption><a href=\"https:\/\/fnty.co\/c\/r-rZYPWDhp\" target=\"_blank\" rel=\"noreferrer noopener\" aria-label=\"Porte-parapluies en m\u00e9tal noir (s\u2019ouvre dans un nouvel onglet)\">Porte-parapluies en m\u00e9tal noir<\/a> - The Cool Republic<\/figcaption><\/figure>\n\n\n\n<figure class=\"wp-block-image\"><img loading=\"lazy\" decoding=\"async\" width=\"500\" height=\"500\" src=\"https:\/\/www.cocondedecoration.com\/blog\/wp-content\/uploads\/2023\/02\/ou-trouver-porte-parapluie-pas-cher-9.jpeg\" alt=\"ou trouver porte parapluie pas cher Porte parapluie carr\u00e9 en m\u00e9tal ajour\u00e9 dor\u00e9 49x15,5x15,5cm\" class=\"wp-image-57434\" srcset=\"https:\/\/www.cocondedecoration.com\/blog\/wp-content\/uploads\/2023\/02\/ou-trouver-porte-parapluie-pas-cher-9.jpeg 500w, https:\/\/www.cocondedecoration.com\/blog\/wp-content\/uploads\/2023\/02\/ou-trouver-porte-parapluie-pas-cher-9-165x165.jpeg 165w, https:\/\/www.cocondedecoration.com\/blog\/wp-content\/uploads\/2023\/02\/ou-trouver-porte-parapluie-pas-cher-9-260x260.jpeg 260w, https:\/\/www.cocondedecoration.com\/blog\/wp-content\/uploads\/2023\/02\/ou-trouver-porte-parapluie-pas-cher-9-465x465.jpeg 465w\" sizes=\"(max-width: 500px) 100vw, 500px\" \/><figcaption><a href=\"https:\/\/fnty.co\/c\/r-ZfJMOVFC\" target=\"_blank\" rel=\"noreferrer noopener\" aria-label=\"Porte parapluie carr\u00e9 en m\u00e9tal ajour\u00e9 dor\u00e9 (s\u2019ouvre dans un nouvel onglet)\">Porte parapluie carr\u00e9 en m\u00e9tal ajour\u00e9 dor\u00e9<\/a> - Maisons du Monde<\/figcaption><\/figure>\n<\/div>\n\n\n\n<div class=\"wp-block-column is-layout-flow wp-block-column-is-layout-flow\">\n<figure class=\"wp-block-image\"><img loading=\"lazy\" decoding=\"async\" width=\"500\" height=\"500\" src=\"https:\/\/www.cocondedecoration.com\/blog\/wp-content\/uploads\/2023\/02\/ou-trouver-porte-parapluie-pas-cher-2.jpeg\" alt=\"ou trouver porte parapluie pas cher Porte-parapluies c\u00e9ramique argent 20x20x46cm\" class=\"wp-image-57427\" srcset=\"https:\/\/www.cocondedecoration.com\/blog\/wp-content\/uploads\/2023\/02\/ou-trouver-porte-parapluie-pas-cher-2.jpeg 500w, https:\/\/www.cocondedecoration.com\/blog\/wp-content\/uploads\/2023\/02\/ou-trouver-porte-parapluie-pas-cher-2-165x165.jpeg 165w, https:\/\/www.cocondedecoration.com\/blog\/wp-content\/uploads\/2023\/02\/ou-trouver-porte-parapluie-pas-cher-2-260x260.jpeg 260w, https:\/\/www.cocondedecoration.com\/blog\/wp-content\/uploads\/2023\/02\/ou-trouver-porte-parapluie-pas-cher-2-465x465.jpeg 465w\" sizes=\"(max-width: 500px) 100vw, 500px\" \/><figcaption><a href=\"https:\/\/fnty.co\/c\/r-JJBrPWzB\" target=\"_blank\" rel=\"noreferrer noopener\" aria-label=\"Porte-parapluies c\u00e9ramique argent  (s\u2019ouvre dans un nouvel onglet)\">Porte-parapluies c\u00e9ramique argent <\/a>- Maisons du Monde<\/figcaption><\/figure>\n\n\n\n<figure class=\"wp-block-image\"><img loading=\"lazy\" decoding=\"async\" width=\"500\" height=\"500\" src=\"https:\/\/www.cocondedecoration.com\/blog\/wp-content\/uploads\/2023\/02\/ou-trouver-porte-parapluie-design-2.jpeg\" alt=\"ou trouver porte parapluie design  Porte-parapluies suspendu en bois et acier noir Tower - Yamazaki\" class=\"wp-image-57444\" srcset=\"https:\/\/www.cocondedecoration.com\/blog\/wp-content\/uploads\/2023\/02\/ou-trouver-porte-parapluie-design-2.jpeg 500w, https:\/\/www.cocondedecoration.com\/blog\/wp-content\/uploads\/2023\/02\/ou-trouver-porte-parapluie-design-2-165x165.jpeg 165w, https:\/\/www.cocondedecoration.com\/blog\/wp-content\/uploads\/2023\/02\/ou-trouver-porte-parapluie-design-2-260x260.jpeg 260w, https:\/\/www.cocondedecoration.com\/blog\/wp-content\/uploads\/2023\/02\/ou-trouver-porte-parapluie-design-2-465x465.jpeg 465w\" sizes=\"(max-width: 500px) 100vw, 500px\" \/><figcaption><a href=\"https:\/\/fnty.co\/c\/r-jQshRRpb\" target=\"_blank\" rel=\"noreferrer noopener\" aria-label=\" Porte-parapluies suspendu en bois et acier noir (s\u2019ouvre dans un nouvel onglet)\"> Porte-parapluies suspendu en bois et acier noir<\/a> - The Cool Republic<\/figcaption><\/figure>\n\n\n\n<figure class=\"wp-block-image\"><img loading=\"lazy\" decoding=\"async\" width=\"500\" height=\"500\" src=\"https:\/\/www.cocondedecoration.com\/blog\/wp-content\/uploads\/2023\/02\/ou-trouver-porte-parapluie-pas-cher-6.jpeg\" alt=\"ou trouver porte parapluie pas cher Porte parapluies hub acier noir\" class=\"wp-image-57431\" srcset=\"https:\/\/www.cocondedecoration.com\/blog\/wp-content\/uploads\/2023\/02\/ou-trouver-porte-parapluie-pas-cher-6.jpeg 500w, https:\/\/www.cocondedecoration.com\/blog\/wp-content\/uploads\/2023\/02\/ou-trouver-porte-parapluie-pas-cher-6-165x165.jpeg 165w, https:\/\/www.cocondedecoration.com\/blog\/wp-content\/uploads\/2023\/02\/ou-trouver-porte-parapluie-pas-cher-6-260x260.jpeg 260w, https:\/\/www.cocondedecoration.com\/blog\/wp-content\/uploads\/2023\/02\/ou-trouver-porte-parapluie-pas-cher-6-465x465.jpeg 465w\" sizes=\"(max-width: 500px) 100vw, 500px\" \/><figcaption><a href=\"https:\/\/fnty.co\/c\/r-jTJJcotx\" target=\"_blank\" rel=\"noreferrer noopener\" aria-label=\"Porte parapluies hub acier noir (s\u2019ouvre dans un nouvel onglet)\">Porte parapluies hub acier noir<\/a> - Maisons du Monde<\/figcaption><\/figure>\n\n\n\n<figure class=\"wp-block-image\"><img loading=\"lazy\" decoding=\"async\" width=\"500\" height=\"500\" src=\"https:\/\/www.cocondedecoration.com\/blog\/wp-content\/uploads\/2023\/02\/ou-trouver-porte-parapluie-design-6.jpeg\" alt=\"ou trouver porte parapluie design Porte-parapluies en acier noir Tower - Yamazaki\" class=\"wp-image-57440\" srcset=\"https:\/\/www.cocondedecoration.com\/blog\/wp-content\/uploads\/2023\/02\/ou-trouver-porte-parapluie-design-6.jpeg 500w, https:\/\/www.cocondedecoration.com\/blog\/wp-content\/uploads\/2023\/02\/ou-trouver-porte-parapluie-design-6-165x165.jpeg 165w, https:\/\/www.cocondedecoration.com\/blog\/wp-content\/uploads\/2023\/02\/ou-trouver-porte-parapluie-design-6-260x260.jpeg 260w, https:\/\/www.cocondedecoration.com\/blog\/wp-content\/uploads\/2023\/02\/ou-trouver-porte-parapluie-design-6-465x465.jpeg 465w\" sizes=\"(max-width: 500px) 100vw, 500px\" \/><figcaption><a href=\"https:\/\/fnty.co\/c\/r-FolEXQAL\" target=\"_blank\" rel=\"noreferrer noopener\" aria-label=\"Porte-parapluies en acier noir (s\u2019ouvre dans un nouvel onglet)\">Porte-parapluies en acier noir<\/a> - The Cool Republic<\/figcaption><\/figure>\n\n\n\n<figure class=\"wp-block-image\"><img loading=\"lazy\" decoding=\"async\" width=\"500\" height=\"500\" src=\"https:\/\/www.cocondedecoration.com\/blog\/wp-content\/uploads\/2023\/02\/ou-trouver-porte-parapluie-pas-cher-10.jpeg\" alt=\"ou trouver porte parapluie pas cher Porte parapluie rond en m\u00e9tal ajour\u00e9 gris 20x45cm\" class=\"wp-image-57435\" srcset=\"https:\/\/www.cocondedecoration.com\/blog\/wp-content\/uploads\/2023\/02\/ou-trouver-porte-parapluie-pas-cher-10.jpeg 500w, https:\/\/www.cocondedecoration.com\/blog\/wp-content\/uploads\/2023\/02\/ou-trouver-porte-parapluie-pas-cher-10-165x165.jpeg 165w, https:\/\/www.cocondedecoration.com\/blog\/wp-content\/uploads\/2023\/02\/ou-trouver-porte-parapluie-pas-cher-10-260x260.jpeg 260w, https:\/\/www.cocondedecoration.com\/blog\/wp-content\/uploads\/2023\/02\/ou-trouver-porte-parapluie-pas-cher-10-465x465.jpeg 465w\" sizes=\"(max-width: 500px) 100vw, 500px\" \/><figcaption><a href=\"https:\/\/fnty.co\/c\/r-PHRjyoqp\" target=\"_blank\" rel=\"noreferrer noopener\" aria-label=\"Porte parapluie rond en m\u00e9tal ajour\u00e9 gris (s\u2019ouvre dans un nouvel onglet)\">Porte parapluie rond en m\u00e9tal ajour\u00e9 gris<\/a> - Maisons du Monde<\/figcaption><\/figure>\n<\/div>\n\n\n\n<div class=\"wp-block-column is-layout-flow wp-block-column-is-layout-flow\">\n<figure class=\"wp-block-image\"><img loading=\"lazy\" decoding=\"async\" width=\"500\" height=\"500\" src=\"https:\/\/www.cocondedecoration.com\/blog\/wp-content\/uploads\/2023\/02\/ou-trouver-porte-parapluie-pas-cher-3.jpeg\" alt=\"ou trouver porte parapluie pas cher Porte-parapluies m\u00e9tal or 27x27x55cm\" class=\"wp-image-57428\" srcset=\"https:\/\/www.cocondedecoration.com\/blog\/wp-content\/uploads\/2023\/02\/ou-trouver-porte-parapluie-pas-cher-3.jpeg 500w, https:\/\/www.cocondedecoration.com\/blog\/wp-content\/uploads\/2023\/02\/ou-trouver-porte-parapluie-pas-cher-3-165x165.jpeg 165w, https:\/\/www.cocondedecoration.com\/blog\/wp-content\/uploads\/2023\/02\/ou-trouver-porte-parapluie-pas-cher-3-260x260.jpeg 260w, https:\/\/www.cocondedecoration.com\/blog\/wp-content\/uploads\/2023\/02\/ou-trouver-porte-parapluie-pas-cher-3-465x465.jpeg 465w\" sizes=\"(max-width: 500px) 100vw, 500px\" \/><figcaption><a href=\"https:\/\/fnty.co\/c\/r-tTytBKlP\" target=\"_blank\" rel=\"noreferrer noopener\" aria-label=\"Porte-parapluies m\u00e9tal or (s\u2019ouvre dans un nouvel onglet)\">Porte-parapluies m\u00e9tal or<\/a> - Maisons du Monde<\/figcaption><\/figure>\n\n\n\n<figure class=\"wp-block-image\"><img loading=\"lazy\" decoding=\"async\" width=\"500\" height=\"500\" src=\"https:\/\/www.cocondedecoration.com\/blog\/wp-content\/uploads\/2023\/02\/ou-trouver-porte-parapluie-design-3.jpeg\" alt=\"ou trouver porte parapluie design Porte-parapluies en b\u00e9ton et acier vert - The Cool Republic\" class=\"wp-image-57443\" srcset=\"https:\/\/www.cocondedecoration.com\/blog\/wp-content\/uploads\/2023\/02\/ou-trouver-porte-parapluie-design-3.jpeg 500w, https:\/\/www.cocondedecoration.com\/blog\/wp-content\/uploads\/2023\/02\/ou-trouver-porte-parapluie-design-3-165x165.jpeg 165w, https:\/\/www.cocondedecoration.com\/blog\/wp-content\/uploads\/2023\/02\/ou-trouver-porte-parapluie-design-3-260x260.jpeg 260w, https:\/\/www.cocondedecoration.com\/blog\/wp-content\/uploads\/2023\/02\/ou-trouver-porte-parapluie-design-3-465x465.jpeg 465w\" sizes=\"(max-width: 500px) 100vw, 500px\" \/><figcaption><a href=\"https:\/\/fnty.co\/c\/r-qGSUNTDx\" target=\"_blank\" rel=\"noreferrer noopener\" aria-label=\"Porte-parapluies en b\u00e9ton et acier vert  (s\u2019ouvre dans un nouvel onglet)\">Porte-parapluies en b\u00e9ton et acier vert <\/a>- The Cool Republic<\/figcaption><\/figure>\n\n\n\n<figure class=\"wp-block-image\"><img loading=\"lazy\" decoding=\"async\" width=\"500\" height=\"500\" src=\"https:\/\/www.cocondedecoration.com\/blog\/wp-content\/uploads\/2023\/02\/ou-trouver-porte-parapluie-pas-cher-7.jpeg\" alt=\"ou trouver porte parapluie pas cher Porte-parapluies carr\u00e9 en bois de saule H50cm\" class=\"wp-image-57432\" srcset=\"https:\/\/www.cocondedecoration.com\/blog\/wp-content\/uploads\/2023\/02\/ou-trouver-porte-parapluie-pas-cher-7.jpeg 500w, https:\/\/www.cocondedecoration.com\/blog\/wp-content\/uploads\/2023\/02\/ou-trouver-porte-parapluie-pas-cher-7-165x165.jpeg 165w, https:\/\/www.cocondedecoration.com\/blog\/wp-content\/uploads\/2023\/02\/ou-trouver-porte-parapluie-pas-cher-7-260x260.jpeg 260w, https:\/\/www.cocondedecoration.com\/blog\/wp-content\/uploads\/2023\/02\/ou-trouver-porte-parapluie-pas-cher-7-465x465.jpeg 465w\" sizes=\"(max-width: 500px) 100vw, 500px\" \/><figcaption><a href=\"https:\/\/fnty.co\/c\/r-gyPRGLVV\" target=\"_blank\" rel=\"noreferrer noopener\" aria-label=\"Porte-parapluies carr\u00e9 en bois de saule (s\u2019ouvre dans un nouvel onglet)\">Porte-parapluies carr\u00e9 en bois de saule<\/a> - Maisons du Monde<\/figcaption><\/figure>\n\n\n\n<figure class=\"wp-block-image\"><img loading=\"lazy\" decoding=\"async\" width=\"500\" height=\"500\" src=\"https:\/\/www.cocondedecoration.com\/blog\/wp-content\/uploads\/2023\/02\/ou-trouver-porte-parapluie-design-7.jpeg\" alt=\"ou trouver porte parapluie design Porte-parapluies en m\u00e9tal noir Smart Umbrella - Yamazaki\" class=\"wp-image-57439\" srcset=\"https:\/\/www.cocondedecoration.com\/blog\/wp-content\/uploads\/2023\/02\/ou-trouver-porte-parapluie-design-7.jpeg 500w, https:\/\/www.cocondedecoration.com\/blog\/wp-content\/uploads\/2023\/02\/ou-trouver-porte-parapluie-design-7-165x165.jpeg 165w, https:\/\/www.cocondedecoration.com\/blog\/wp-content\/uploads\/2023\/02\/ou-trouver-porte-parapluie-design-7-260x260.jpeg 260w, https:\/\/www.cocondedecoration.com\/blog\/wp-content\/uploads\/2023\/02\/ou-trouver-porte-parapluie-design-7-465x465.jpeg 465w\" sizes=\"(max-width: 500px) 100vw, 500px\" \/><figcaption><a href=\"https:\/\/fnty.co\/c\/r-WoFZRkcH\" target=\"_blank\" rel=\"noreferrer noopener\" aria-label=\"Porte-parapluies en m\u00e9tal noir (s\u2019ouvre dans un nouvel onglet)\">Porte-parapluies en m\u00e9tal noir<\/a> - The Cool Republic<\/figcaption><\/figure>\n\n\n\n<figure class=\"wp-block-image\"><img loading=\"lazy\" decoding=\"async\" width=\"500\" height=\"500\" src=\"https:\/\/www.cocondedecoration.com\/blog\/wp-content\/uploads\/2023\/02\/ou-trouver-porte-parapluie-pas-cher-11.jpeg\" alt=\"ou trouver porte parapluie pas cher Porte parapluie rond en m\u00e9tal ajour\u00e9 dor\u00e9 24x45cm\" class=\"wp-image-57436\" srcset=\"https:\/\/www.cocondedecoration.com\/blog\/wp-content\/uploads\/2023\/02\/ou-trouver-porte-parapluie-pas-cher-11.jpeg 500w, https:\/\/www.cocondedecoration.com\/blog\/wp-content\/uploads\/2023\/02\/ou-trouver-porte-parapluie-pas-cher-11-165x165.jpeg 165w, https:\/\/www.cocondedecoration.com\/blog\/wp-content\/uploads\/2023\/02\/ou-trouver-porte-parapluie-pas-cher-11-260x260.jpeg 260w, https:\/\/www.cocondedecoration.com\/blog\/wp-content\/uploads\/2023\/02\/ou-trouver-porte-parapluie-pas-cher-11-465x465.jpeg 465w\" sizes=\"(max-width: 500px) 100vw, 500px\" \/><figcaption><a href=\"https:\/\/fnty.co\/c\/r-cplfHYwn\" target=\"_blank\" rel=\"noreferrer noopener\" aria-label=\"Porte parapluie rond en m\u00e9tal ajour\u00e9 dor\u00e9 (s\u2019ouvre dans un nouvel onglet)\">Porte parapluie rond en m\u00e9tal ajour\u00e9 dor\u00e9<\/a> - Maisons du Monde<\/figcaption><\/figure>\n<\/div>\n\n\n\n<div class=\"wp-block-column is-layout-flow wp-block-column-is-layout-flow\">\n<figure class=\"wp-block-image\"><img loading=\"lazy\" decoding=\"async\" width=\"500\" height=\"500\" src=\"https:\/\/www.cocondedecoration.com\/blog\/wp-content\/uploads\/2023\/02\/ou-trouver-porte-parapluie-pas-cher-4.jpeg\" alt=\"ou trouver porte parapluie pas cher Porte parapluie en m\u00e9tal argent\" class=\"wp-image-57429\" srcset=\"https:\/\/www.cocondedecoration.com\/blog\/wp-content\/uploads\/2023\/02\/ou-trouver-porte-parapluie-pas-cher-4.jpeg 500w, https:\/\/www.cocondedecoration.com\/blog\/wp-content\/uploads\/2023\/02\/ou-trouver-porte-parapluie-pas-cher-4-165x165.jpeg 165w, https:\/\/www.cocondedecoration.com\/blog\/wp-content\/uploads\/2023\/02\/ou-trouver-porte-parapluie-pas-cher-4-260x260.jpeg 260w, https:\/\/www.cocondedecoration.com\/blog\/wp-content\/uploads\/2023\/02\/ou-trouver-porte-parapluie-pas-cher-4-465x465.jpeg 465w\" sizes=\"(max-width: 500px) 100vw, 500px\" \/><figcaption><a href=\"https:\/\/fnty.co\/c\/r-CFZvjnZQ\" target=\"_blank\" rel=\"noreferrer noopener\" aria-label=\"Porte parapluie en m\u00e9tal argent (s\u2019ouvre dans un nouvel onglet)\">Porte parapluie en m\u00e9tal argent<\/a> - Maisons du Monde<\/figcaption><\/figure>\n\n\n\n<figure class=\"wp-block-image\"><img loading=\"lazy\" decoding=\"async\" width=\"500\" height=\"500\" src=\"https:\/\/www.cocondedecoration.com\/blog\/wp-content\/uploads\/2023\/02\/ou-trouver-porte-parapluie-design-4.jpeg\" alt=\"ou trouver porte parapluie design Porte-parapluies en acier bleu Gugi - noo.ma\" class=\"wp-image-57442\" srcset=\"https:\/\/www.cocondedecoration.com\/blog\/wp-content\/uploads\/2023\/02\/ou-trouver-porte-parapluie-design-4.jpeg 500w, https:\/\/www.cocondedecoration.com\/blog\/wp-content\/uploads\/2023\/02\/ou-trouver-porte-parapluie-design-4-165x165.jpeg 165w, https:\/\/www.cocondedecoration.com\/blog\/wp-content\/uploads\/2023\/02\/ou-trouver-porte-parapluie-design-4-260x260.jpeg 260w, https:\/\/www.cocondedecoration.com\/blog\/wp-content\/uploads\/2023\/02\/ou-trouver-porte-parapluie-design-4-465x465.jpeg 465w\" sizes=\"(max-width: 500px) 100vw, 500px\" \/><figcaption><a href=\"https:\/\/fnty.co\/c\/r-BLauIfzj\" target=\"_blank\" rel=\"noreferrer noopener\" aria-label=\"Porte-parapluies en acier bleu (s\u2019ouvre dans un nouvel onglet)\">Porte-parapluies en acier bleu<\/a> - The Cool Republic<\/figcaption><\/figure>\n\n\n\n<figure class=\"wp-block-image\"><img loading=\"lazy\" decoding=\"async\" width=\"500\" height=\"500\" src=\"https:\/\/www.cocondedecoration.com\/blog\/wp-content\/uploads\/2023\/02\/ou-trouver-porte-parapluie-pas-cher-8.jpeg\" alt=\"ou trouver porte parapluie pas cher Porte parapluie rond en m\u00e9tal ajour\u00e9 blanc 24x45cm\" class=\"wp-image-57433\" srcset=\"https:\/\/www.cocondedecoration.com\/blog\/wp-content\/uploads\/2023\/02\/ou-trouver-porte-parapluie-pas-cher-8.jpeg 500w, https:\/\/www.cocondedecoration.com\/blog\/wp-content\/uploads\/2023\/02\/ou-trouver-porte-parapluie-pas-cher-8-165x165.jpeg 165w, https:\/\/www.cocondedecoration.com\/blog\/wp-content\/uploads\/2023\/02\/ou-trouver-porte-parapluie-pas-cher-8-260x260.jpeg 260w, https:\/\/www.cocondedecoration.com\/blog\/wp-content\/uploads\/2023\/02\/ou-trouver-porte-parapluie-pas-cher-8-465x465.jpeg 465w\" sizes=\"(max-width: 500px) 100vw, 500px\" \/><figcaption><a href=\"https:\/\/fnty.co\/c\/r-RYmzycSW\" target=\"_blank\" rel=\"noreferrer noopener\" aria-label=\"Porte parapluie rond en m\u00e9tal ajour\u00e9 blanc (s\u2019ouvre dans un nouvel onglet)\">Porte parapluie rond en m\u00e9tal ajour\u00e9 blanc<\/a> - Maisons du Monde <\/figcaption><\/figure>\n\n\n\n<figure class=\"wp-block-image\"><img loading=\"lazy\" decoding=\"async\" width=\"500\" height=\"500\" src=\"https:\/\/www.cocondedecoration.com\/blog\/wp-content\/uploads\/2023\/02\/ou-trouver-porte-parapluie-design-8.jpeg\" alt=\"ou trouver porte parapluie design Porte-parapluies en bois et acier blanc Bellwood - Umbra\" class=\"wp-image-57438\" srcset=\"https:\/\/www.cocondedecoration.com\/blog\/wp-content\/uploads\/2023\/02\/ou-trouver-porte-parapluie-design-8.jpeg 500w, https:\/\/www.cocondedecoration.com\/blog\/wp-content\/uploads\/2023\/02\/ou-trouver-porte-parapluie-design-8-165x165.jpeg 165w, https:\/\/www.cocondedecoration.com\/blog\/wp-content\/uploads\/2023\/02\/ou-trouver-porte-parapluie-design-8-260x260.jpeg 260w, https:\/\/www.cocondedecoration.com\/blog\/wp-content\/uploads\/2023\/02\/ou-trouver-porte-parapluie-design-8-465x465.jpeg 465w\" sizes=\"(max-width: 500px) 100vw, 500px\" \/><figcaption><a href=\"https:\/\/fnty.co\/c\/r-WPLMNtcA\" target=\"_blank\" rel=\"noreferrer noopener\" aria-label=\"Porte-parapluies en bois et acier blanc (s\u2019ouvre dans un nouvel onglet)\">Porte-parapluies en bois et acier blanc<\/a> - The Cool Republic<\/figcaption><\/figure>\n\n\n\n<figure class=\"wp-block-image\"><img loading=\"lazy\" decoding=\"async\" width=\"500\" height=\"500\" src=\"https:\/\/www.cocondedecoration.com\/blog\/wp-content\/uploads\/2023\/02\/ou-trouver-porte-parapluie-pas-cher-12.jpeg\" alt=\"ou trouver porte parapluie pas cher Porte parapluie en m\u00e9tal ajour\u00e9 noir motifs feuillages\" class=\"wp-image-57437\" srcset=\"https:\/\/www.cocondedecoration.com\/blog\/wp-content\/uploads\/2023\/02\/ou-trouver-porte-parapluie-pas-cher-12.jpeg 500w, https:\/\/www.cocondedecoration.com\/blog\/wp-content\/uploads\/2023\/02\/ou-trouver-porte-parapluie-pas-cher-12-165x165.jpeg 165w, https:\/\/www.cocondedecoration.com\/blog\/wp-content\/uploads\/2023\/02\/ou-trouver-porte-parapluie-pas-cher-12-260x260.jpeg 260w, https:\/\/www.cocondedecoration.com\/blog\/wp-content\/uploads\/2023\/02\/ou-trouver-porte-parapluie-pas-cher-12-465x465.jpeg 465w\" sizes=\"(max-width: 500px) 100vw, 500px\" \/><figcaption><a href=\"https:\/\/fnty.co\/c\/r-ELWnWJCu\" target=\"_blank\" rel=\"noreferrer noopener\" aria-label=\"Porte parapluie en m\u00e9tal ajour\u00e9 noir motifs feuillages (s\u2019ouvre dans un nouvel onglet)\">Porte parapluie en m\u00e9tal ajour\u00e9 noir motifs feuillages<\/a> - Maisons du Monde<\/figcaption><\/figure>\n<\/div>\n<\/div>\n\n\n\n<h2 class=\"wp-block-heading has-medium-font-size\">Guides d\u00e9co pour meubler et d\u00e9corer l'entr\u00e9e facilement<\/h2>\n\n\n\n<div class=\"wp-block-cb-carousel\" data-slick=\"{&quot;slidesToShow&quot;:3,&quot;slidesToScroll&quot;:1,&quot;speed&quot;:300,&quot;arrows&quot;:true,&quot;dots&quot;:false,&quot;autoplay&quot;:false,&quot;autoplaySpeed&quot;:3000,&quot;infinite&quot;:true,&quot;responsive&quot;:[{&quot;breakpoint&quot;:769,&quot;settings&quot;:{&quot;slidesToShow&quot;:1,&quot;slidesToScroll&quot;:1}}]}\">\n<div class=\"wp-block-cb-slide\">\n<figure class=\"wp-block-image size-large\"><a href=\"https:\/\/www.cocondedecoration.com\/blog\/wp-content\/uploads\/2025\/12\/guide-deco-entree-1.png\"><img loading=\"lazy\" decoding=\"async\" width=\"640\" height=\"960\" src=\"https:\/\/www.cocondedecoration.com\/blog\/wp-content\/uploads\/2025\/12\/guide-deco-entree-1-640x960.png\" alt=\"guide d\u00e9co entr\u00e9e pat\u00e8res murales design \" class=\"wp-image-87049\" title=\"guide d\u00e9co entr\u00e9e pat\u00e8res murales design \" srcset=\"https:\/\/www.cocondedecoration.com\/blog\/wp-content\/uploads\/2025\/12\/guide-deco-entree-1-640x960.png 640w, https:\/\/www.cocondedecoration.com\/blog\/wp-content\/uploads\/2025\/12\/guide-deco-entree-1-260x390.png 260w, https:\/\/www.cocondedecoration.com\/blog\/wp-content\/uploads\/2025\/12\/guide-deco-entree-1-768x1152.png 768w, https:\/\/www.cocondedecoration.com\/blog\/wp-content\/uploads\/2025\/12\/guide-deco-entree-1-367x550.png 367w, https:\/\/www.cocondedecoration.com\/blog\/wp-content\/uploads\/2025\/12\/guide-deco-entree-1-333x500.png 333w, https:\/\/www.cocondedecoration.com\/blog\/wp-content\/uploads\/2025\/12\/guide-deco-entree-1.png 1000w\" sizes=\"(max-width: 640px) 100vw, 640px\" \/><\/a><figcaption class=\"wp-element-caption\">Pat\u00e8res murales design > <a href=\"https:\/\/www.cocondedecoration.com\/blog\/2023\/07\/ou-trouver-patere-murale-design\/\" target=\"_blank\" rel=\"noopener\" title=\"\">d\u00e9couvrir le guide d\u00e9co <\/a><\/figcaption><\/figure>\n<\/div>\n\n\n\n<div class=\"wp-block-cb-slide\">\n<figure class=\"wp-block-image size-large\"><a href=\"https:\/\/www.cocondedecoration.com\/blog\/wp-content\/uploads\/2025\/12\/guide-deco-entree-2.png\"><img loading=\"lazy\" decoding=\"async\" width=\"640\" height=\"960\" src=\"https:\/\/www.cocondedecoration.com\/blog\/wp-content\/uploads\/2025\/12\/guide-deco-entree-2-640x960.png\" alt=\"guide d\u00e9co entr\u00e9e bien choisir meuble \u00e0 chaussures \" class=\"wp-image-87050\" title=\"guide d\u00e9co entr\u00e9e bien choisir meuble \u00e0 chaussures \" srcset=\"https:\/\/www.cocondedecoration.com\/blog\/wp-content\/uploads\/2025\/12\/guide-deco-entree-2-640x960.png 640w, https:\/\/www.cocondedecoration.com\/blog\/wp-content\/uploads\/2025\/12\/guide-deco-entree-2-260x390.png 260w, https:\/\/www.cocondedecoration.com\/blog\/wp-content\/uploads\/2025\/12\/guide-deco-entree-2-768x1152.png 768w, https:\/\/www.cocondedecoration.com\/blog\/wp-content\/uploads\/2025\/12\/guide-deco-entree-2-367x550.png 367w, https:\/\/www.cocondedecoration.com\/blog\/wp-content\/uploads\/2025\/12\/guide-deco-entree-2-333x500.png 333w, https:\/\/www.cocondedecoration.com\/blog\/wp-content\/uploads\/2025\/12\/guide-deco-entree-2.png 1000w\" sizes=\"(max-width: 640px) 100vw, 640px\" \/><\/a><figcaption class=\"wp-element-caption\">Bien choisir son meuble \u00e0 chaussures > <a href=\"https:\/\/www.cocondedecoration.com\/blog\/2020\/03\/pratique-comment-choisir-son-meuble-a-chaussures\/\" target=\"_blank\" rel=\"noopener\" title=\"\">Tous mes conseils <\/a><\/figcaption><\/figure>\n<\/div>\n\n\n\n<div class=\"wp-block-cb-slide\">\n<figure class=\"wp-block-image size-large\"><a href=\"https:\/\/www.cocondedecoration.com\/blog\/wp-content\/uploads\/2025\/12\/guide-deco-entree-3.png\"><img loading=\"lazy\" decoding=\"async\" width=\"640\" height=\"960\" src=\"https:\/\/www.cocondedecoration.com\/blog\/wp-content\/uploads\/2025\/12\/guide-deco-entree-3-640x960.png\" alt=\"guide d\u00e9co entr\u00e9e bien choisir plante verte \" class=\"wp-image-87051\" title=\"guide d\u00e9co entr\u00e9e bien choisir plante verte \" srcset=\"https:\/\/www.cocondedecoration.com\/blog\/wp-content\/uploads\/2025\/12\/guide-deco-entree-3-640x960.png 640w, https:\/\/www.cocondedecoration.com\/blog\/wp-content\/uploads\/2025\/12\/guide-deco-entree-3-260x390.png 260w, https:\/\/www.cocondedecoration.com\/blog\/wp-content\/uploads\/2025\/12\/guide-deco-entree-3-768x1152.png 768w, https:\/\/www.cocondedecoration.com\/blog\/wp-content\/uploads\/2025\/12\/guide-deco-entree-3-367x550.png 367w, https:\/\/www.cocondedecoration.com\/blog\/wp-content\/uploads\/2025\/12\/guide-deco-entree-3-333x500.png 333w, https:\/\/www.cocondedecoration.com\/blog\/wp-content\/uploads\/2025\/12\/guide-deco-entree-3.png 1000w\" sizes=\"(max-width: 640px) 100vw, 640px\" \/><\/a><figcaption class=\"wp-element-caption\">Quelle plante choisir pour l'entr\u00e9e > <a href=\"https:\/\/www.cocondedecoration.com\/blog\/2022\/07\/quelle-plante-decorer-entree\/\" target=\"_blank\" rel=\"noopener\" title=\"\">lire l'article <\/a><\/figcaption><\/figure>\n<\/div>\n\n\n\n<div class=\"wp-block-cb-slide\">\n<figure class=\"wp-block-image size-large\"><a href=\"https:\/\/www.cocondedecoration.com\/blog\/wp-content\/uploads\/2025\/12\/guide-deco-entree-4.png\"><img loading=\"lazy\" decoding=\"async\" width=\"640\" height=\"960\" src=\"https:\/\/www.cocondedecoration.com\/blog\/wp-content\/uploads\/2025\/12\/guide-deco-entree-4-640x960.png\" alt=\"guide d\u00e9co entr\u00e9e console meuble conseil choix \" class=\"wp-image-87052\" title=\"guide d\u00e9co entr\u00e9e console meuble conseil choix \" srcset=\"https:\/\/www.cocondedecoration.com\/blog\/wp-content\/uploads\/2025\/12\/guide-deco-entree-4-640x960.png 640w, https:\/\/www.cocondedecoration.com\/blog\/wp-content\/uploads\/2025\/12\/guide-deco-entree-4-260x390.png 260w, https:\/\/www.cocondedecoration.com\/blog\/wp-content\/uploads\/2025\/12\/guide-deco-entree-4-768x1152.png 768w, https:\/\/www.cocondedecoration.com\/blog\/wp-content\/uploads\/2025\/12\/guide-deco-entree-4-367x550.png 367w, https:\/\/www.cocondedecoration.com\/blog\/wp-content\/uploads\/2025\/12\/guide-deco-entree-4-333x500.png 333w, https:\/\/www.cocondedecoration.com\/blog\/wp-content\/uploads\/2025\/12\/guide-deco-entree-4.png 1000w\" sizes=\"(max-width: 640px) 100vw, 640px\" \/><\/a><figcaption class=\"wp-element-caption\">Bien choisir la console de l'entr\u00e9e > <a href=\"https:\/\/www.cocondedecoration.com\/blog\/2023\/01\/ou-trouver-console-entree\/\" target=\"_blank\" rel=\"noopener\" title=\"\">mon guide d\u00e9co par ici<\/a><\/figcaption><\/figure>\n<\/div>\n\n\n\n<div class=\"wp-block-cb-slide\">\n<figure class=\"wp-block-image size-large\"><a href=\"https:\/\/www.cocondedecoration.com\/blog\/wp-content\/uploads\/2025\/12\/guide-deco-entree-5.png\"><img loading=\"lazy\" decoding=\"async\" width=\"640\" height=\"960\" src=\"https:\/\/www.cocondedecoration.com\/blog\/wp-content\/uploads\/2025\/12\/guide-deco-entree-5-640x960.png\" alt=\"guide d\u00e9coration entr\u00e9e pas ch\u00e8re petit prix \" class=\"wp-image-87053\" title=\"guide d\u00e9coration entr\u00e9e pas ch\u00e8re petit prix \" srcset=\"https:\/\/www.cocondedecoration.com\/blog\/wp-content\/uploads\/2025\/12\/guide-deco-entree-5-640x960.png 640w, https:\/\/www.cocondedecoration.com\/blog\/wp-content\/uploads\/2025\/12\/guide-deco-entree-5-260x390.png 260w, https:\/\/www.cocondedecoration.com\/blog\/wp-content\/uploads\/2025\/12\/guide-deco-entree-5-768x1152.png 768w, https:\/\/www.cocondedecoration.com\/blog\/wp-content\/uploads\/2025\/12\/guide-deco-entree-5-367x550.png 367w, https:\/\/www.cocondedecoration.com\/blog\/wp-content\/uploads\/2025\/12\/guide-deco-entree-5-333x500.png 333w, https:\/\/www.cocondedecoration.com\/blog\/wp-content\/uploads\/2025\/12\/guide-deco-entree-5.png 1000w\" sizes=\"(max-width: 640px) 100vw, 640px\" \/><\/a><figcaption class=\"wp-element-caption\">S\u00e9lection d\u00e9co pour l'entr\u00e9e \u00e0 petit prix > <a href=\"https:\/\/www.cocondedecoration.com\/blog\/2023\/11\/decoration-entree-pas-cher\/\" target=\"_blank\" rel=\"noopener\" title=\"\">d\u00e9couvrir la s\u00e9lection<\/a><\/figcaption><\/figure>\n<\/div>\n\n\n\n<div class=\"wp-block-cb-slide\">\n<figure class=\"wp-block-image size-large\"><a href=\"https:\/\/www.cocondedecoration.com\/blog\/wp-content\/uploads\/2025\/12\/guide-deco-entree-6.png\"><img loading=\"lazy\" decoding=\"async\" width=\"640\" height=\"960\" src=\"https:\/\/www.cocondedecoration.com\/blog\/wp-content\/uploads\/2025\/12\/guide-deco-entree-6-640x960.png\" alt=\"guide d\u00e9co bien choisir son banc d'entr\u00e9e\" class=\"wp-image-87054\" title=\"guide d\u00e9co bien choisir son banc d'entr\u00e9e\" srcset=\"https:\/\/www.cocondedecoration.com\/blog\/wp-content\/uploads\/2025\/12\/guide-deco-entree-6-640x960.png 640w, https:\/\/www.cocondedecoration.com\/blog\/wp-content\/uploads\/2025\/12\/guide-deco-entree-6-260x390.png 260w, https:\/\/www.cocondedecoration.com\/blog\/wp-content\/uploads\/2025\/12\/guide-deco-entree-6-768x1152.png 768w, https:\/\/www.cocondedecoration.com\/blog\/wp-content\/uploads\/2025\/12\/guide-deco-entree-6-367x550.png 367w, https:\/\/www.cocondedecoration.com\/blog\/wp-content\/uploads\/2025\/12\/guide-deco-entree-6-333x500.png 333w, https:\/\/www.cocondedecoration.com\/blog\/wp-content\/uploads\/2025\/12\/guide-deco-entree-6.png 1000w\" sizes=\"(max-width: 640px) 100vw, 640px\" \/><\/a><figcaption class=\"wp-element-caption\">Bien choisir son banc d'entr\u00e9e > <a href=\"https:\/\/www.cocondedecoration.com\/blog\/2019\/09\/objet-deco-un-banc-dans-lentree\/\" target=\"_blank\" rel=\"noopener\" title=\"\">guide d\u00e9co \u00e0 retrouver ici<\/a><\/figcaption><\/figure>\n<\/div>\n<\/div>\n\n\n\n<p class=\"has-small-font-size\">Pour plus d'id\u00e9es d\u00e9co au quotidien, retrouvez moi sur <a href=\"https:\/\/pinterest.fr\/cocondedeco\/\" target=\"_blank\" rel=\"noopener\" title=\"\">Pinterest<\/a>, <a href=\"https:\/\/www.threads.com\/@cocondedeco\" target=\"_blank\" rel=\"noopener\" title=\"\">Threads<\/a> et <a href=\"https:\/\/www.patreon.com\/c\/cocondedeco\" target=\"_blank\" rel=\"noopener\" title=\"\">Patreon<\/a> (: <\/p>\n\n\n\n<hr class=\"wp-block-separator\"\/>\n\n\n\n<p class=\"has-text-align-center has-medium-font-size\">Ne perdons pas contact \ud83d\ude42 Rejoignez moi sur <a href=\"https:\/\/www.pinterest.fr\/cocondedeco\/\" target=\"_blank\" rel=\"noopener\" title=\"\">Pinterest<\/a> |\u00a0<a href=\"https:\/\/www.threads.net\/@cocondedeco\" target=\"_blank\" rel=\"noopener\" title=\"\">Threads<\/a> | <a href=\"https:\/\/www.patreon.com\/collection\/162946?view=expanded\" target=\"_blank\" rel=\"noopener\" title=\"\">la Newsletter<\/a> <br>Vous aimez lire le blog? Vous souhaitez continuer \u00e0 le lire? <a href=\"https:\/\/www.patreon.com\/cocondedeco\" target=\"_blank\" rel=\"noopener\" title=\"\">Devenez m\u00e9c\u00e8ne<\/a> sur Patreon et contribuez \u00e0 sa survie. <\/p>\n\n\n\n<hr class=\"wp-block-separator\"\/>\n\n\n\n<div class=\"wp-block-columns has-2-columns is-layout-flex wp-container-core-columns-layout-3 wp-block-columns-is-layout-flex\">\n<div class=\"wp-block-column is-layout-flow wp-block-column-is-layout-flow\">\n<p style=\"text-align:center\" class=\"has-medium-font-size\">A lire \u00e9galement<\/p>\n\n\n<ul class=\"wp-block-latest-posts__list wp-block-latest-posts\"><li><a class=\"wp-block-latest-posts__post-title\" href=\"https:\/\/www.cocondedecoration.com\/blog\/2025\/03\/paillasson-motif-floral\/\">Paillasson floral, une touche printani\u00e8re \u00e0 votre porte<\/a><\/li>\n<li><a class=\"wp-block-latest-posts__post-title\" href=\"https:\/\/www.cocondedecoration.com\/blog\/2024\/11\/relooker-escaliers\/\">Relooker et moderniser les escaliers: 3 solutions faciles<\/a><\/li>\n<li><a class=\"wp-block-latest-posts__post-title\" href=\"https:\/\/www.cocondedecoration.com\/blog\/2020\/06\/conseils-deco-comment-gagner-de-la-place-dans-lentree\/\">[Conseils d\u00e9co] Comment gagner de la place dans l&rsquo;entr\u00e9e?<\/a><\/li>\n<li><a class=\"wp-block-latest-posts__post-title\" href=\"https:\/\/www.cocondedecoration.com\/blog\/2019\/07\/conseils-deco-creer-une-entree-quand-on-nen-a-pas\/\">[Conseils d\u00e9co] Cr\u00e9er une entr\u00e9e quand on n&rsquo;en a pas<\/a><\/li>\n<\/ul><\/div>\n\n\n\n<div class=\"wp-block-column is-layout-flow wp-block-column-is-layout-flow\">\n<p class=\"has-text-align-center has-medium-font-size\" style=\"padding-top:var(--wp--preset--spacing--40);padding-bottom:var(--wp--preset--spacing--40)\"><strong>Devenez m\u00e9c\u00e8ne du blog <\/strong><\/p>\n\n\n\n<hr class=\"wp-block-separator has-alpha-channel-opacity is-style-wide\"\/>\n\n\n\n<p style=\"padding-right:var(--wp--preset--spacing--30);padding-left:var(--wp--preset--spacing--30)\">Soutenez mon travail sur le blog et acc\u00e9dez \u00e0 des contreparties exclusives: <\/p>\n\n\n\n<ul style=\"padding-right:var(--wp--preset--spacing--40);padding-left:var(--wp--preset--spacing--40)\">\n<li>Plusieurs centaines d'articles d\u00e9co, lifestyle &amp; voyage r\u00e9serv\u00e9s aux abonn\u00e9\u2022e\u2022s <\/li>\n\n\n\n<li>Toutes les entr\u00e9es de mon side project - mon dictionnaire nomade <\/li>\n\n\n\n<li>Une publicit\u00e9 limit\u00e9e sur les articles Patreon <\/li>\n<\/ul>\n\n\n\n<div class=\"wp-block-buttons is-content-justification-center is-layout-flex wp-container-core-buttons-layout-1 wp-block-buttons-is-layout-flex\">\n<div class=\"wp-block-button\"><a class=\"wp-block-button__link wp-element-button\" href=\"https:\/\/www.patreon.com\/cocondedeco\" target=\"_blank\" rel=\"noreferrer noopener\">Soutenir le blog maintenant<\/a><\/div>\n<\/div>\n<\/div>\n<\/div>\n\n\n\n<div class=\"wp-block-image\"><figure class=\"aligncenter\"><img loading=\"lazy\" decoding=\"async\" width=\"732\" height=\"488\" src=\"https:\/\/www.cocondedecoration.com\/blog\/wp-content\/uploads\/2023\/02\/decoration-entree-porte-parapluie-decoratif.jpeg\" alt=\"decoration entree porte-parapluie decoratif blanc paillasson chaussure pratique simple accessoire\" class=\"wp-image-57424\" srcset=\"https:\/\/www.cocondedecoration.com\/blog\/wp-content\/uploads\/2023\/02\/decoration-entree-porte-parapluie-decoratif.jpeg 732w, https:\/\/www.cocondedecoration.com\/blog\/wp-content\/uploads\/2023\/02\/decoration-entree-porte-parapluie-decoratif-260x173.jpeg 260w, https:\/\/www.cocondedecoration.com\/blog\/wp-content\/uploads\/2023\/02\/decoration-entree-porte-parapluie-decoratif-640x427.jpeg 640w, https:\/\/www.cocondedecoration.com\/blog\/wp-content\/uploads\/2023\/02\/decoration-entree-porte-parapluie-decoratif-465x310.jpeg 465w, https:\/\/www.cocondedecoration.com\/blog\/wp-content\/uploads\/2023\/02\/decoration-entree-porte-parapluie-decoratif-695x463.jpeg 695w\" sizes=\"(max-width: 732px) 100vw, 732px\" \/><figcaption>carrotsncake.com\n<\/figcaption><\/figure><\/div>\n\n\n\n<p style=\"text-align:right\" class=\"has-small-font-size\">Note: Cet article contient des liens affili\u00e9s. Si vous passez commande via l'un de ces liens, cela ne change rien au montant de votre panier; en revanche, je touche une faible commission qui me permet d'entretenir le blog r\u00e9guli\u00e8rement. Par avance, merci de votre soutien. <br>Article mis \u00e0 jour en septembre 2023.<\/p>\n","protected":false},"excerpt":{"rendered":"<p>D\u00e9suet mais pourtant pratique, le porte-parapluie est un accessoire d\u00e9co parfait pour d\u00e9corer l&rsquo;entr\u00e9e. Il permet de ne pas mouiller le sol quand on rentre et qu&rsquo;il pleuviote. Il permet aussi de ranger ses pr\u00e9cieux parapluies tout au long de l&rsquo;ann\u00e9e. Ranger convenablement un parapluie vous garantira sa long\u00e9vit\u00e9. Par<span class=\"more-link\"><a href=\"https:\/\/www.cocondedecoration.com\/blog\/2023\/02\/decoration-entree-porte-parapluie\/\">Lire la suite<\/a><\/span><\/p>\n","protected":false},"author":1,"featured_media":57424,"comment_status":"open","ping_status":"open","sticky":false,"template":"","format":"standard","meta":{"om_disable_all_campaigns":false,"_monsterinsights_skip_tracking":false,"_monsterinsights_sitenote_active":false,"_monsterinsights_sitenote_note":"","_monsterinsights_sitenote_category":0,"_uf_show_specific_survey":0,"_uf_disable_surveys":false,"footnotes":""},"categories":[62178,34093],"tags":[41789,41790,41792,2945,22857,17322,28074,41791,7003,41777,41776,41775,41781,41782,41766,41794,41769,12477,41768,11093,41760,41767,41763,41762,41787,41771,41784,41772,3313,41778,41783,41793,41774,41764,41788,41761,41786,41780,41770,41773,41785,41765,4153,41779],"aioseo_notices":[],"_links":{"self":[{"href":"https:\/\/www.cocondedecoration.com\/blog\/wp-json\/wp\/v2\/posts\/57410"}],"collection":[{"href":"https:\/\/www.cocondedecoration.com\/blog\/wp-json\/wp\/v2\/posts"}],"about":[{"href":"https:\/\/www.cocondedecoration.com\/blog\/wp-json\/wp\/v2\/types\/post"}],"author":[{"embeddable":true,"href":"https:\/\/www.cocondedecoration.com\/blog\/wp-json\/wp\/v2\/users\/1"}],"replies":[{"embeddable":true,"href":"https:\/\/www.cocondedecoration.com\/blog\/wp-json\/wp\/v2\/comments?post=57410"}],"version-history":[{"count":1,"href":"https:\/\/www.cocondedecoration.com\/blog\/wp-json\/wp\/v2\/posts\/57410\/revisions"}],"predecessor-version":[{"id":81236,"href":"https:\/\/www.cocondedecoration.com\/blog\/wp-json\/wp\/v2\/posts\/57410\/revisions\/81236"}],"wp:featuredmedia":[{"embeddable":true,"href":"https:\/\/www.cocondedecoration.com\/blog\/wp-json\/wp\/v2\/media\/57424"}],"wp:attachment":[{"href":"https:\/\/www.cocondedecoration.com\/blog\/wp-json\/wp\/v2\/media?parent=57410"}],"wp:term":[{"taxonomy":"category","embeddable":true,"href":"https:\/\/www.cocondedecoration.com\/blog\/wp-json\/wp\/v2\/categories?post=57410"},{"taxonomy":"post_tag","embeddable":true,"href":"https:\/\/www.cocondedecoration.com\/blog\/wp-json\/wp\/v2\/tags?post=57410"}],"curies":[{"name":"wp","href":"https:\/\/api.w.org\/{rel}","templated":true}]}}