{"id":57352,"date":"2023-02-15T08:47:25","date_gmt":"2023-02-15T06:47:25","guid":{"rendered":"https:\/\/www.cocondedecoration.com\/blog\/?p=57352"},"modified":"2023-02-15T08:47:26","modified_gmt":"2023-02-15T06:47:26","slug":"interieur-plus-eco-responsable","status":"publish","type":"post","link":"https:\/\/www.cocondedecoration.com\/blog\/2023\/02\/interieur-plus-eco-responsable\/","title":{"rendered":"Slow living | Comment avoir un int\u00e9rieur plus eco-responsable en 2023? (partie 1)"},"content":{"rendered":"<!DOCTYPE html PUBLIC \"-\/\/W3C\/\/DTD HTML 4.0 Transitional\/\/EN\" \"http:\/\/www.w3.org\/TR\/REC-html40\/loose.dtd\">\n<?xml encoding=\"UTF-8\"><html><body><p>J'ai peu de copines &agrave; l'&eacute;tranger, elles sont encore plus rares quand on partage les m&ecirc;mes valeurs et l'envie d'&eacute;voluer dans un monde plus slow. Dimanche, nous avons din&eacute; avec une fran&ccedil;aise que l'on connait depuis quelques mois et c'&eacute;tait un vrai plaisir de parler de tout et de rien et surtout de nos modes de vie plus slow. C'est ce genre de rencontres qui font &eacute;voluer mes r&eacute;flexions. Et y'a pas, &ccedil;a fait du bien de voir que je ne suis pas seule &agrave; aspirer &agrave; un monde meilleur. Cet article &eacute;tait pr&eacute;vu pour la fin du mois mais pour des raisons pratiques, je l'ai avanc&eacute; et j'ai m&ecirc;me d&eacute;cid&eacute; de le scinder en plusieurs parties. Le sujet de l'&eacute;cologie, de la protection de l'environnement est un sujet qui peut &eacute;veiller les passions. Dans un climat toujours un peu plus sur les nerfs (&agrave; ce propos ou pas d'ailleurs), j'essaie d'avoir un peu de mod&eacute;ration, notamment sur le blog. La mod&eacute;ration prend du temps et de la r&eacute;flexion. C'est pour &ccedil;a que mon article fait plus de 5000 mots. La mod&eacute;ration c'est aussi prendre en compte les besoins, les imp&eacute;ratifs et les contraintes de chacun. Dans cet article et dans le suivant, vous aurez plusieurs solutions. Je ne vous dis pas qu'il faille toutes les mettre en oeuvre dans votre quotidien. Je vous montre les diff&eacute;rentes possibilit&eacute;s qui s'offrent &agrave; vous. Il y a du choix pour cr&eacute;er un quotidien mais aussi un int&eacute;rieur plus responsable. <\/p>\n\n\n\n<!--more-->\n\n\n\n<div class=\"wp-block-columns has-2-columns is-layout-flex wp-container-core-columns-layout-1 wp-block-columns-is-layout-flex\">\n<div class=\"wp-block-column is-layout-flow wp-block-column-is-layout-flow\">\n<p style=\"text-align:center\" class=\"has-medium-font-size\">Au sommaire de cet article<\/p>\n\n\n\n<p><div class=\"toc\"><div class=\"toc_list\"><ul><li class=\"toc_item\"><a href=\"#toc-0\">01 \u2022 1 \u2022 Acheter ce qui nous semble essentiel et laisser tomber ce qui ne l'est pas <\/a><\/li><li class=\"toc_item\"><a href=\"#toc-1\">01 \u2022 2 \u2022 Acheter du mobilier et de la d\u00e9co de seconde main <\/a><\/li><li class=\"toc_item\"><a href=\"#toc-2\">01 \u2022 3 \u2022 La r\u00e9cup' et l'ucpcycling pour acheter moins pour la maison<\/a><\/li><li class=\"toc_item\"><a href=\"#toc-3\">01 \u2022 4 \u2022 Opter pour le troc pour acheter moins<\/a><\/li><li class=\"toc_item\"><a href=\"#toc-4\">02 \u2022 1 \u2022 Meubles et d\u00e9co en mat\u00e9riaux recycl\u00e9s<\/a><\/li><li class=\"toc_item\"><a href=\"#toc-5\">02 \u2022 2 \u2022 Provenance de sa d\u00e9co - Le made in France & in Europe <\/a><\/li><li class=\"toc_item\"><a href=\"#toc-6\">02 \u2022 3 \u2022 S'int\u00e9resser aux engagements \u00e9cologiques et social des entreprises <\/a><\/li><li class=\"toc_item\"><a href=\"#toc-7\">02\u2022 4 \u2022 Autres pistes pour d\u00e9corer et meubler son chez soi de mani\u00e8re plus responsable <\/a><\/li><li class=\"toc_item\"><a href=\"#toc-8\">03 \u2022 1 \u2022 Pourquoi le bac \u00e0 compost est une id\u00e9e discutable? <\/a><\/li><li class=\"toc_item\"><a href=\"#toc-9\">03 \u2022 2 \u2022 Au lieu de me parler de bac \u00e0 compost, je pr\u00e9f\u00e9rerai que... <\/a><\/li><\/ul><\/div><\/div><br><\/p>\n\n\n\n<p class=\"has-small-font-size\">Note: A la fin, une s&eacute;ries d'articles qui m'on aid&eacute;s &agrave; pr&eacute;parer ce qui suit, notamment la 3&egrave;me partie autour du compostage. Les chiffres et les affirmations que je note ici ne sortent pas de nulle part. Je vous invite &agrave; consulter ces articles qui m'ont aid&eacute; &agrave; construire mon regard critique. <\/p>\n<\/div>\n\n\n\n<div class=\"wp-block-column is-layout-flow wp-block-column-is-layout-flow\">\n<div style=\"height:50px\" aria-hidden=\"true\" class=\"wp-block-spacer\"><\/div>\n\n\n\n<p class=\"has-text-align-center has-medium-font-size\" style=\"padding-top:var(--wp--preset--spacing--40);padding-bottom:var(--wp--preset--spacing--40)\"><strong>Devenez m&eacute;c&egrave;ne du blog <\/strong><\/p>\n\n\n\n<hr class=\"wp-block-separator has-alpha-channel-opacity is-style-wide\"><p style=\"padding-right:var(--wp--preset--spacing--30);padding-left:var(--wp--preset--spacing--30)\">Soutenez mon travail sur le blog et acc&eacute;dez &agrave; des contreparties exclusives: <\/p>\n\n\n\n<ul style=\"padding-right:var(--wp--preset--spacing--40);padding-left:var(--wp--preset--spacing--40)\"><li>Plusieurs centaines d'articles d&eacute;co, lifestyle &amp; voyage r&eacute;serv&eacute;s aux abonn&eacute;&bull;e&bull;s <\/li>\n\n\n\n<li>Toutes les entr&eacute;es de mon side project - mon dictionnaire nomade <\/li>\n\n\n\n<li>Une publicit&eacute; limit&eacute;e sur les articles Patreon <\/li>\n<\/ul><div class=\"wp-block-buttons is-content-justification-center is-layout-flex wp-container-core-buttons-layout-1 wp-block-buttons-is-layout-flex\">\n<div class=\"wp-block-button\"><a class=\"wp-block-button__link wp-element-button\" href=\"https:\/\/www.patreon.com\/cocondedeco\" target=\"_blank\" rel=\"noreferrer noopener\">Soutenir le blog maintenant<\/a><\/div>\n<\/div>\n<\/div>\n<\/div>\n\n\n\n<h2 class=\"wp-block-heading\">01 &bull; Acheter moins de meubles, de d&eacute;co, de vaisselle <\/h2>\n\n\n\n<p>J'ai beau vivre &agrave; 10 000 km de la France, je reste inform&eacute;e de l'actualit&eacute;. J'ai pris du recul sur tout &ccedil;a. Je ne supporte pas tr&egrave;s bien qu'on me bombarde d'informations sans ordre de valeurs. N&eacute;anmoins, cette ann&eacute;e, il est difficile de passer outre la question du fric. Baisse du pouvoir d'achat, inflation, mouvements de gr&egrave;ve... Et donc, je pense que pour une partie de mes lectrices et lecteurs, leur budget d&eacute;co \/ meuble est revu &agrave; la baisse. C'est peut-&ecirc;tre l'occasion de mettre un pied dans une consommation plus responsable. Voil&agrave; des pistes pour vous aider &agrave; acheter moins: <\/p>\n\n\n\n<a name=\"toc-0\" style=\"text-decoration: none;\"><\/a><h3 class=\"wp-block-heading\">01 &bull; 1 &bull; Acheter ce qui nous semble essentiel et laisser tomber ce qui ne l'est pas <\/h3>\n\n\n\n<p>La question de l'essentiel n'est pas une nouveaut&eacute; sur le blog. C'est <strong>une des bases de mon quotidien slow<\/strong> et de mes r&eacute;flexions. C'est assez &agrave; contre-courant vu qu'on est sans-cesse expos&eacute; &agrave; des injonctions de consommation que ce soit dans les m&eacute;dias, sur internet, les r&eacute;seaux sociaux, les panneaux publicitaires dans la rue, &agrave; la t&eacute;l&eacute;... Bien qu'il soit difficile de vivre sans toutes ces publicit&eacute;s et ses tentations, il est possible de <strong>se demander ce qui est important<\/strong> pour soi, pour sa famille, pour son confort, pour son bien-&ecirc;tre au quotidien. Pour moi, il est plus facile de me poser la question de <strong>ce dont je peux me passer<\/strong> ou celle de <strong>ce qui me plait vraiment<\/strong>. Ayant un quotidien &agrave; part (on est tous d'accord que les nomades, &ccedil;a ne court pas les rues), je suis partie de la question des besoins (manger, dormir par exemple), ensuite vient la question du confort et du bien-&ecirc;tre. J'ai aussi appris ces derni&egrave;res ann&eacute;es &agrave; &ecirc;tre <strong>plus indulgente et patiente<\/strong> avec moi-m&ecirc;me. Parfois, je ne r&eacute;ussis pas tout ce que j'entreprends. Parfois j'ai du mal &agrave; faire du tri par exemple. Ce n'est pas grave. Un rat&eacute; ne doit pas m'emp&ecirc;cher de r&eacute;-essayer plus tard. J'essaye de comprendre pourquoi j'ai fuck&eacute; ce que je voulais faire. Et je t&acirc;che de ne pas reproduire les m&ecirc;mes erreurs. Ca <strong>prend du temps<\/strong> mais ce n'est pas grave. Si on fait tout dans l'urgence, rien de bon ne peut en d&eacute;couler. Savoir ce qui nous est essentiel ne se fait pas en un claquement de doigts. <\/p>\n\n\n\n<a name=\"toc-1\" style=\"text-decoration: none;\"><\/a><h3 class=\"wp-block-heading\">01 &bull; 2 &bull; Acheter du mobilier et de la d&eacute;co de seconde main <\/h3>\n\n\n\n<p>Toujours dans la dynamique d'acheter moins pour la maison (mais pas que...), il y a le seconde main. J'aime beaucoup parce que <strong>&ccedil;a d&eacute;barrasse quelqu'un<\/strong> et &ccedil;a nous aide &agrave; meubler voire d&eacute;corer la maison <strong>sans se ruiner<\/strong>. En plus, &ccedil;a &eacute;vite le cycle: achat, usage, poubelle. O&ugrave; acheter des &eacute;quipements pour la maison de seconde main? <\/p>\n\n\n\n<ul><li>En brocante ou chez un antiquaire <\/li><li>Des boutiques sp&eacute;cialis&eacute;es dans le seconde main qui gardent en d&eacute;p&ocirc;t ce que vous d&eacute;posez et qui les vendent &agrave; votre place<\/li><li>Le Bon Coin, les sites de brocante en ligne et les groupes de vente sur Facebook <\/li><li>Vinted et autres plateformes de ventes entre particuliers <\/li><li>Les associations sociales et solidaires, les ressourceries<\/li><\/ul><p>Les assos et les ressourceries sont mon premier choix que ce soit pour donner ou pour acheter. Je suis sensible &agrave; l'id&eacute;e de <strong>cr&eacute;ation d'emploi et de r&eacute;-insertion sociale<\/strong> de ces structures. C'est l'occasion de faire une pierre deux coups. <br>Je n'ai jamais exp&eacute;riment&eacute; moi-m&ecirc;me les boutiques \/ d&eacute;p&ocirc;t-vente mais l'une de mes meilleures amies en Belgique va r&eacute;guli&egrave;rement d&eacute;poser des jouets, des v&ecirc;tements, de la d&eacute;co. Elle loue une &eacute;tag&egrave;re sur laquelle elle d&eacute;pose ce qu'elle veut. Et quand l'&eacute;tag&egrave;re se vide, elle est pr&eacute;venue. Elle peut re-d&eacute;poser d'autres objets. <\/p>\n\n\n\n<a name=\"toc-2\" style=\"text-decoration: none;\"><\/a><h3 class=\"wp-block-heading\">01 &bull; 3 &bull; La r&eacute;cup' et l'ucpcycling pour acheter moins pour la maison<\/h3>\n\n\n\n<p>La r&eacute;cup' est un th&egrave;me que j'ai d&eacute;cid&eacute; de d&eacute;velopp&eacute; sur le blog ces derniers mois puisque cela fait partie d'une d&eacute;marche slow. On ach&egrave;te moins, on jette moins, <strong>on donne une nouvelle vie aux objets que l'on poss&egrave;de d&eacute;j&agrave;<\/strong>. On peur r&eacute;cup&eacute;rer et <strong>d&eacute;tourner des objets usuels<\/strong> du quotidien comme <a rel=\"noreferrer noopener\" aria-label=\"des cintres (s&rsquo;ouvre dans un nouvel onglet)\" href=\"https:\/\/www.cocondedecoration.com\/blog\/2022\/09\/deco-recup-cintre\/\" target=\"_blank\">des cintres<\/a> ou des <a rel=\"noreferrer noopener\" aria-label=\"boites de conserves (s&rsquo;ouvre dans un nouvel onglet)\" href=\"https:\/\/www.cocondedecoration.com\/blog\/2023\/01\/recup-boite-de-conserve\/\" target=\"_blank\">boites de conserve<\/a>. On peut donner une seconde vie &agrave; des textiles <a rel=\"noreferrer noopener\" aria-label=\"comme le jeans (s&rsquo;ouvre dans un nouvel onglet)\" href=\"https:\/\/www.cocondedecoration.com\/blog\/2023\/01\/recycler-vieux-jeans-decoration\/\" target=\"_blank\">comme le jeans<\/a>. <\/p>\n\n\n\n<p>Dans la m&ecirc;me d&eacute;marche, on peut <strong>relooker un meuble<\/strong>. Le plus facile est sans doute le meuble en bois comme <a rel=\"noreferrer noopener\" aria-label=\"le buffet (s&rsquo;ouvre dans un nouvel onglet)\" href=\"https:\/\/www.cocondedecoration.com\/blog\/2022\/08\/relooking-buffet-enfilade\/\" target=\"_blank\">le buffet<\/a> ou l'armoire de la chambre. Mais &ccedil;a peut aussi &ecirc;tre <a rel=\"noreferrer noopener\" aria-label=\"les chaises de la salle &agrave; manger (s&rsquo;ouvre dans un nouvel onglet)\" href=\"https:\/\/www.cocondedecoration.com\/blog\/2022\/11\/exemple-recup-chaise-ancienne\/\" target=\"_blank\">les chaises de la salle &agrave; manger<\/a>. M&ecirc;me les meubles issus de la grande consommation peuvent avoir une nouvelle vie. Vous connaissez probablement les <a rel=\"noreferrer noopener\" aria-label=\"Ikea Hacks (s&rsquo;ouvre dans un nouvel onglet)\" href=\"https:\/\/www.cocondedecoration.com\/blog\/2021\/10\/ikea-hack-meuble-bas\/\" target=\"_blank\">Ikea Hacks<\/a>. <\/p>\n\n\n\n<p>En plus de s'inscrire dans une d&eacute;marche plus &eacute;co-responsable, la r&eacute;cup et l'upcycling demandent un peu de <strong>bricolage<\/strong> et parfois de la <strong>cr&eacute;ativit&eacute;<\/strong>. C'est une occupation probablement plus active que de passer le dimanche apr&egrave;s-midi sur Netflix. Et surtout, cela vous permet d'avoir de la d&eacute;coration et du mobilier unique. <\/p>\n\n\n\n<p>Si vous n'&ecirc;tes pas bricoleuse (bricoleur) pour deux sous, il est possible, moyennant fiance, <strong>de faire appel &agrave; une petite entreprise ou &agrave; un artisan<\/strong> pour donner un second souffle &agrave; votre mobilier. Cela a un co&ucirc;t, c'est vrai. Mais les gains sont pluriels: vous faites travailler quelqu'un pr&egrave;s de chez vous, vous ne jetez pas un meuble qui a encore de belles ann&eacute;es devant lui et vous aurez quelque chose d'unique chez vous. <\/p>\n\n\n\n<a name=\"toc-3\" style=\"text-decoration: none;\"><\/a><h3 class=\"wp-block-heading\">01 &bull; 4 &bull; Opter pour le troc pour acheter moins<\/h3>\n\n\n\n<p>Je parle peu du troc sur le blog. Je ne peux pas parler de tout, c'est impossible. Pourtant c'est une solution possible pour acheter moins et<strong> sortir du cycle classique de consommation<\/strong>. L'id&eacute;e de troc me parle bien pour tout ce qui est <strong>outillage<\/strong> pour bricoler ou pour jardiner. Parfois, on a du matos qui prend la poussi&egrave;re parce qu'il ne correspond plus &agrave; nos besoins. <strong>Pourquoi ne pas l'&eacute;changer<\/strong> pour quelque chose qui nous sera vraiment utile? Il existe de nombreux sites en ligne pour troquer ce qui ne nous sert plus comme Faistoitroquer.fr ou mytroc.fr. <\/p>\n\n\n\n<ul class=\"wp-block-gallery columns-2 is-cropped wp-block-gallery-1 is-layout-flex wp-block-gallery-is-layout-flex\"><li class=\"blocks-gallery-item\"><figure><img loading=\"lazy\" decoding=\"async\" width=\"640\" height=\"960\" src=\"https:\/\/www.cocondedecoration.com\/blog\/wp-content\/uploads\/2023\/02\/maison-eco-responsable-2023-1-640x960.jpg\" alt=\"maison eco-responsable 2023 4 pistes &agrave; suivre pour acheter moins de d&eacute;co meubles consommer diff&eacute;remment\" data-id=\"57359\" data-link=\"https:\/\/www.cocondedecoration.com\/blog\/?attachment_id=57359\" class=\"wp-image-57359\" srcset=\"https:\/\/www.cocondedecoration.com\/blog\/wp-content\/uploads\/2023\/02\/maison-eco-responsable-2023-1-640x960.jpg 640w, https:\/\/www.cocondedecoration.com\/blog\/wp-content\/uploads\/2023\/02\/maison-eco-responsable-2023-1-260x390.jpg 260w, https:\/\/www.cocondedecoration.com\/blog\/wp-content\/uploads\/2023\/02\/maison-eco-responsable-2023-1-768x1152.jpg 768w, https:\/\/www.cocondedecoration.com\/blog\/wp-content\/uploads\/2023\/02\/maison-eco-responsable-2023-1-367x550.jpg 367w, https:\/\/www.cocondedecoration.com\/blog\/wp-content\/uploads\/2023\/02\/maison-eco-responsable-2023-1-333x500.jpg 333w, https:\/\/www.cocondedecoration.com\/blog\/wp-content\/uploads\/2023\/02\/maison-eco-responsable-2023-1.jpg 1000w\" sizes=\"(max-width: 640px) 100vw, 640px\" \/><\/figure><\/li><li class=\"blocks-gallery-item\"><figure><img loading=\"lazy\" decoding=\"async\" width=\"640\" height=\"960\" src=\"https:\/\/www.cocondedecoration.com\/blog\/wp-content\/uploads\/2023\/02\/solution-maison-ecofriendly-1-640x960.jpeg\" alt=\"solution maison ecofriendly consommer autrement acheter moins r&eacute;cup bricolage slow living\" data-id=\"57360\" data-link=\"https:\/\/www.cocondedecoration.com\/blog\/?attachment_id=57360\" class=\"wp-image-57360\" srcset=\"https:\/\/www.cocondedecoration.com\/blog\/wp-content\/uploads\/2023\/02\/solution-maison-ecofriendly-1-640x960.jpeg 640w, https:\/\/www.cocondedecoration.com\/blog\/wp-content\/uploads\/2023\/02\/solution-maison-ecofriendly-1-260x390.jpeg 260w, https:\/\/www.cocondedecoration.com\/blog\/wp-content\/uploads\/2023\/02\/solution-maison-ecofriendly-1-768x1152.jpeg 768w, https:\/\/www.cocondedecoration.com\/blog\/wp-content\/uploads\/2023\/02\/solution-maison-ecofriendly-1-367x550.jpeg 367w, https:\/\/www.cocondedecoration.com\/blog\/wp-content\/uploads\/2023\/02\/solution-maison-ecofriendly-1-333x500.jpeg 333w, https:\/\/www.cocondedecoration.com\/blog\/wp-content\/uploads\/2023\/02\/solution-maison-ecofriendly-1.jpeg 1000w\" sizes=\"(max-width: 640px) 100vw, 640px\" \/><\/figure><\/li><\/ul><h2 class=\"wp-block-heading\">02 &bull; Acheter mieux - consommer en ad&eacute;quation avec ses valeurs <\/h2>\n\n\n\n<p>Dans une dynamique slow, on peut <strong>acheter moins mais acheter mieux<\/strong>. Je suis heureuse de voir que cela commence &agrave; &ecirc;tre bien int&eacute;grer - du moins chez les personnes qui me suivent r&eacute;guli&egrave;rement et avec qui j'&eacute;change sur les r&eacute;seaux sociaux. Parfois, On doit acheter du neuf. Il est difficile de trouver de l'occasion ou de trouver des alternatives cit&eacute;es pr&eacute;c&eacute;demment. Dans ce cas, plut&ocirc;t que d'acheter sur un coup de t&ecirc;te autant faire en sorte que notre achat soit plus <strong>en ad&eacute;quation avec nos valeurs<\/strong>. <\/p>\n\n\n\n<a name=\"toc-4\" style=\"text-decoration: none;\"><\/a><h3 class=\"wp-block-heading\">02 &bull; 1 &bull; Meubles et d&eacute;co en mat&eacute;riaux recycl&eacute;s<\/h3>\n\n\n\n<p>M&ecirc;me dans les <strong>grandes enseignes de mobilier et de d&eacute;coration<\/strong>, les mat&eacute;riaux recycl&eacute;s commencent &agrave; pointer le bout de leur nez. C'est une bonne nouvelle. Je suis un peu cheap comme fille, je n'aime pas ce qui co&ucirc;te trop cher et je n'ai pas les moyens non plus d'acheter des choses ch&egrave;res m&ecirc;me si j'aimerai que ce soit en ad&eacute;quation avec mes valeurs. Dans le domaine de la d&eacute;coration, on trouve <strong>de plus en plus de verre recycl&eacute;<\/strong>. Ca peut &ecirc;tre une bonne alternative pour l'achat d'un vase ou d'un luminaire.  <br>Dans une autre veine, les entreprises commencent par obligation &agrave; se demander comment <strong>recycler les d&eacute;chets de production<\/strong>. C'est une partie de l'iceberg qui ne se voit pas quand on ach&egrave;te un objet pourtant elle est bien l&agrave;. Etant une grande buveuse de bi&egrave;re, il y a une entreprise qui retient sp&eacute;cialement mon attention: <a rel=\"noreferrer noopener\" aria-label='Instead qui propose du mobilier \"brass&eacute;\" (s&rsquo;ouvre dans un nouvel onglet)' href=\"https:\/\/insteadmobilier.fr\/\" target=\"_blank\">Instead qui propose du mobilier \"brass&eacute;\"<\/a>. En r&eacute;alit&eacute;, l'entreprise fran&ccedil;aise r&eacute;cup&egrave;re les d&eacute;chets de c&eacute;r&eacute;ales qui servent &agrave; brasser la bi&egrave;re (ce qui s'appelle de la dr&ecirc;che) et s'en sert comme mati&egrave;re premi&egrave;re pour cr&eacute;er du mobilier, notamment des tabourets. <\/p>\n\n\n\n<a name=\"toc-5\" style=\"text-decoration: none;\"><\/a><h3 class=\"wp-block-heading\">02 &bull; 2 &bull; Provenance de sa d&eacute;co - Le made in France &amp; in Europe <\/h3>\n\n\n\n<p>C'est un sujet que j'ai pas mal trait&eacute; il y a quelques ann&eacute;es et j'ai pris un peu de recul l&agrave;-dessus par convictions personnelles et politiques. Quand le gouvernement a commenc&eacute; &agrave; parler de Made In France, &ccedil;a m'a fait fuir. Je ne partage pas leur vision du Made in France et je ne voulais pas y &ecirc;tre associ&eacute;e. Le Made in France est devenu <strong>un argument commercial<\/strong> et sa signification a &eacute;t&eacute; galvaud&eacute;e. J'en ai donc moins parl&eacute; sur le blog ces 2 ou 3 derni&egrave;res ann&eacute;es. <br>Pourtant l'id&eacute;e de consommation locale fait sens chez moi. <strong>Moins de transports<\/strong>, favoriser les entreprises et <strong>les savoir-faire non loin de chez soi<\/strong>, des produits g&eacute;n&eacute;ralement de <strong>qualit&eacute;<\/strong>... J'aimerai dire qu'en Europe, les salari&eacute;s soient mieux trait&eacute;s qu'en Asie par exemple. C'est vrai. Je vis en Asie, je sais ce que vaut un salaire au Laos par exemple. N&eacute;anmoins, vu le recul des acquis sociaux en France (et ailleurs), on ne peut pas dire que ce soit la panac&eacute;e. <br>Je ne vais pas d&eacute;velopper plus le sujet. Si le Made In France vous int&eacute;resse, j'ai d&eacute;di&eacute; une page &agrave; ce propos que vous pouvez <a rel=\"noreferrer noopener\" aria-label=\"retrouver ici (s&rsquo;ouvre dans un nouvel onglet)\" href=\"https:\/\/www.cocondedecoration.com\/blog\/pour-une-deco-made-in-france\/\" target=\"_blank\">retrouver ici<\/a>. Mon seul conseil est de ne pas acheter les yeux ferm&eacute;s quand vous voyez un logo made in France ou fabriqu&eacute; en Europe mais de <strong>creuser un peu plus vos recherches<\/strong> avant d'acheter. <\/p>\n\n\n\n<a name=\"toc-6\" style=\"text-decoration: none;\"><\/a><h3 class=\"wp-block-heading\">02 &bull; 3 &bull; S'int&eacute;resser aux engagements &eacute;cologiques et social des entreprises <\/h3>\n\n\n\n<p>Je viens de l'&eacute;voquer bri&egrave;vement, le volet social des entreprises peut aussi vous permettre d'acheter diff&eacute;remment, dans une d&eacute;marche plus proche de vos valeurs. Toutes les grandes entreprises sur leur site web ont une page &agrave; ce propos qui explique ce qu'ils font pour leur salari&eacute;s et autres personnes &agrave; l'autre bout du monde qui fabriquent les objets, le mobilier, les luminaires... (Cette page est souvent en lien en bas des sites web). Cette d&eacute;marche sociale peut-&ecirc;tre <strong>multiple<\/strong>. Elle peut comprendre un tas de choses comme un <strong>meilleur salaire<\/strong>, de <strong>meilleures conditions de travail<\/strong>, la <strong>cr&eacute;ation d'&eacute;coles ou de dispensaires<\/strong> dans des milieux ruraux au milieu de nulle part &agrave; l'autre bout de la plan&egrave;te... <br>En plus du point de vue social, vient s'ajouter les <strong>engagements responsables<\/strong> des entreprises notamment sur la <strong>gestion des d&eacute;chets<\/strong> ou encore <strong>les modes de fabrication<\/strong>. J'ai d&eacute;j&agrave; eu l'occasion de vous en parler, La Redoute par exemple a d&eacute;cid&eacute; de changer sa mani&egrave;re de produire ses canap&eacute;s. Maintenant cela se fait &agrave; la demande. Le d&eacute;lai est un peu plus long mais il n'y a plus de canap&eacute;s invendus qui finissent &agrave; la poubelle. Je vous explique cela plus en d&eacute;tail <a rel=\"noreferrer noopener\" aria-label=\"par ici. (s&rsquo;ouvre dans un nouvel onglet)\" href=\"https:\/\/www.cocondedecoration.com\/blog\/2021\/03\/made-in-france-la-redoute\/\" target=\"_blank\">par ici.<\/a> <\/p>\n\n\n\n<a name=\"toc-7\" style=\"text-decoration: none;\"><\/a><h3 class=\"wp-block-heading\">02&bull; 4 &bull; Autres pistes pour d&eacute;corer et meubler son chez soi de mani&egrave;re plus responsable <\/h3>\n\n\n\n<ul><li>Economie circulaire - C'est avant tout un concept qui s'invite petit &agrave; petit dans les entreprises. Sous cette appellation, c'est un <strong>ensemble de pratiques<\/strong> qui visent &agrave; optimiser l'utilisation des mati&egrave;res et des &eacute;nergies. L'id&eacute;e simple de l'&eacute;conomie circulaire est de proposer une alternative au mode: cr&eacute;ation - achat - utilisation - poubelle. Cela implique donc de nombreuses choses comme <strong>le refus de l'obsolescence programm&eacute;e<\/strong>, le <strong>recyclage pr&eacute;vu en amont<\/strong> d'un produit quand il est hors d'usage, etc. Je ne vais pas creuser plus le sujet de l'&eacute;conomie circulaire parce que c'est assez complexe et c'est aussi un argument politique. Comme pour le Made in France, je ne suis pas une grande fan de ce qui en est fait actuellement. <\/li><li>L'artisanat - faire bosser les gens et toutes petites structures pr&egrave;s de chez soi est une des choses qui me parlent le plus dans cet article. Et il y a un tas de raisons: D'abord, j'aime l'id&eacute;e de travailler avec quelqu'un et pas juste une entreprise. Un <strong>interlocuteur unique<\/strong> pour d&eacute;velopper un projet, <strong>une petite &eacute;quipe<\/strong> qui confectionne un meuble ou m&ecirc;me une cuisine... Il y a beaucoup <strong>plus de possibilit&eacute;s<\/strong> d&eacute;co quand on est sur un projet de sur-mesure et d'humain. Plus de possibilit&eacute;s que d'acheter du fabriqu&eacute; en s&eacute;rie. <strong>Ca a un co&ucirc;t<\/strong>, c'est ind&eacute;niable mais normalement <strong>vous savez pour quoi vous payez<\/strong>. J'aime aussi l'id&eacute;e de court-circuiter les syst&egrave;mes de vente classiques. Ca ne serait pas bien de vous parler de travail au noir pas parce que c'est ill&eacute;gal. Non, simplement parce que le black n'ouvre pas les droits au ch&ocirc;mage, &agrave; la s&eacute;cu, &agrave; la retraite... <del>Mais bon, il y a toujours moyen de s'arranger, si vous voyez ce que je veux dire.<\/del> Enfin, il y a l'id&eacute;e de ne pas avoir 50 entremetteurs entre la production et le produit fini chez vous. Comme pour l'alimentaire, chaque &eacute;tape et chaque interm&eacute;diaire prend une commission qui fait grimper le prix. Quitte &agrave; payer le m&ecirc;me prix, autant savoir &agrave; qui \/ pour quoi va l'argent et pas juste &agrave; des inconnus qui se sont gav&eacute;s au passage. <\/li><li>Z&eacute;ro d&eacute;chet - Dans l'univers de la maison, c'est moins flagrant que dans l'alimentaire et les courses domestiques. N&eacute;anmoins, il y a <strong>des lois<\/strong> qui visent &agrave; limiter les d&eacute;chets de production et de livraison. C'est <strong>la fameuse loi \"Anti Gaspillage\" vot&eacute;e en 2020<\/strong>. Ce point fait d'ailleurs partie de l'&eacute;conomie circulaire dont je parlais juste avant. Ce qui a de magique c'est que c'est super difficile de trouver des informations &agrave; ce propos. Il y a des sites en-veux-tu en voil&agrave; pour les particuliers qui nous incitent &agrave; recycler. En revanche quand on veut en savoir plus sur les entreprises de meubles et de d&eacute;co - notamment dans la grande distribution relative &agrave; la maison - c'est d'un coup vachement plus compliqu&eacute;. L&agrave;, vous comprenez bien que je ne parle pas de la d&eacute;marche z&eacute;ro-d&eacute;chet pour les indivuduels mais celle pour les entreprises. Si vous souhaitez plus d'infos pour votre quotidien et le rendre plus z&eacute;ro-d&eacute;chet-friendly, vous pouvez lire 2 articles: <a rel=\"noreferrer noopener\" aria-label=\"Les blogs DIY Z&eacute;ro d&eacute;chets qui vous facilitent la vie au quotidien (s&rsquo;ouvre dans un nouvel onglet)\" href=\"https:\/\/www.cocondedecoration.com\/blog\/2019\/06\/pratique-les-blogs-diy-zero-dechets-qui-vous-facilitent-le-quotidien\/\" target=\"_blank\">Les blogs DIY Z&eacute;ro d&eacute;chets qui vous facilitent la vie au quotidien<\/a> et <a rel=\"noreferrer noopener\" aria-label=\"Minimalisme, slow living et z&eacute;ro-d&eacute;chet - comment s'y retrouver? (s&rsquo;ouvre dans un nouvel onglet)\" href=\"https:\/\/www.cocondedecoration.com\/blog\/2019\/04\/lifestyle-minimalisme-slow-life-zero-dechet-comment-sy-retrouver\/\" target=\"_blank\">Minimalisme, slow living et z&eacute;ro-d&eacute;chet - comment s'y retrouver?<\/a> <\/li><\/ul><ul class=\"wp-block-gallery columns-2 is-cropped wp-block-gallery-2 is-layout-flex wp-block-gallery-is-layout-flex\"><li class=\"blocks-gallery-item\"><figure><img loading=\"lazy\" decoding=\"async\" width=\"640\" height=\"960\" src=\"https:\/\/www.cocondedecoration.com\/blog\/wp-content\/uploads\/2023\/02\/maison-eco-responsable-2023-2-640x960.jpg\" alt=\"maison eco-responsable 2023 acheter moins mais mieux slow living\" data-id=\"57361\" data-link=\"https:\/\/www.cocondedecoration.com\/blog\/?attachment_id=57361\" class=\"wp-image-57361\" srcset=\"https:\/\/www.cocondedecoration.com\/blog\/wp-content\/uploads\/2023\/02\/maison-eco-responsable-2023-2-640x960.jpg 640w, https:\/\/www.cocondedecoration.com\/blog\/wp-content\/uploads\/2023\/02\/maison-eco-responsable-2023-2-260x390.jpg 260w, https:\/\/www.cocondedecoration.com\/blog\/wp-content\/uploads\/2023\/02\/maison-eco-responsable-2023-2-768x1152.jpg 768w, https:\/\/www.cocondedecoration.com\/blog\/wp-content\/uploads\/2023\/02\/maison-eco-responsable-2023-2-367x550.jpg 367w, https:\/\/www.cocondedecoration.com\/blog\/wp-content\/uploads\/2023\/02\/maison-eco-responsable-2023-2-333x500.jpg 333w, https:\/\/www.cocondedecoration.com\/blog\/wp-content\/uploads\/2023\/02\/maison-eco-responsable-2023-2.jpg 1000w\" sizes=\"(max-width: 640px) 100vw, 640px\" \/><\/figure><\/li><li class=\"blocks-gallery-item\"><figure><img loading=\"lazy\" decoding=\"async\" width=\"640\" height=\"960\" src=\"https:\/\/www.cocondedecoration.com\/blog\/wp-content\/uploads\/2023\/02\/solution-maison-ecofriendly-2-640x960.jpeg\" alt=\"maison eco-responsable 2023 acheter moins mais mieux slow living artisanat made in France local\" data-id=\"57362\" data-link=\"https:\/\/www.cocondedecoration.com\/blog\/?attachment_id=57362\" class=\"wp-image-57362\" srcset=\"https:\/\/www.cocondedecoration.com\/blog\/wp-content\/uploads\/2023\/02\/solution-maison-ecofriendly-2-640x960.jpeg 640w, https:\/\/www.cocondedecoration.com\/blog\/wp-content\/uploads\/2023\/02\/solution-maison-ecofriendly-2-260x390.jpeg 260w, https:\/\/www.cocondedecoration.com\/blog\/wp-content\/uploads\/2023\/02\/solution-maison-ecofriendly-2-768x1152.jpeg 768w, https:\/\/www.cocondedecoration.com\/blog\/wp-content\/uploads\/2023\/02\/solution-maison-ecofriendly-2-367x550.jpeg 367w, https:\/\/www.cocondedecoration.com\/blog\/wp-content\/uploads\/2023\/02\/solution-maison-ecofriendly-2-333x500.jpeg 333w, https:\/\/www.cocondedecoration.com\/blog\/wp-content\/uploads\/2023\/02\/solution-maison-ecofriendly-2.jpeg 1000w\" sizes=\"(max-width: 640px) 100vw, 640px\" \/><\/figure><\/li><\/ul><h2 class=\"wp-block-heading\">03 &bull; Sujet d'actu - Le cas du composteur obligatoire au 1er janvier 2024<\/h2>\n\n\n\n<p>Le sujet du composteur obligatoire fait partie de l'univers de la maison. On produit toutes et tous des d&eacute;chets. Et c'est un &eacute;l&eacute;ment qui va devoir faire partie de votre quotidien &agrave; partir de l'ann&eacute;e prochaine selon la loi Anti Gaspillage vot&eacute;e en 2020. Depuis qu'on a vu l'info d&eacute;but f&eacute;vrier avec Flo, on a eu l'occasion de beaucoup en parler, &agrave; deux mais aussi avec la copine dont je vous parlais en intro. <strong>Je suis tr&egrave;s mitig&eacute;e<\/strong> face &agrave; cette obligation et je vous explique pourquoi. <\/p>\n\n\n\n<a name=\"toc-8\" style=\"text-decoration: none;\"><\/a><h3 class=\"wp-block-heading\">03 &bull; 1 &bull; Pourquoi le bac &agrave; compost est une id&eacute;e discutable? <\/h3>\n\n\n\n<p>Le principe du bac &agrave; compost semble <strong>simple au premier abord<\/strong>. C'est pr&eacute;sent&eacute; comme tel. Dans un contenant, on met de la terre, les d&eacute;chets bruns et verts, on attend et hop! On a du compost. Si seulement c'&eacute;tait vrai! Il y a <strong>diff&eacute;rents facteurs qui entrent en ligne de compte<\/strong> &agrave; propos du compost. La taille du bac &agrave; compost, ce qu'on met dedans, la temp&eacute;rature... Rien que ce que vous avez le droit ou pas de mettre dans votre bac &agrave; compost est un probl&egrave;me. Les &eacute;pluchures de l&eacute;gumes et de fruits, le marc de caf&eacute;, les coquilles d&rsquo;&oelig;uf, le th&eacute; en vrac, les fleurs fan&eacute;es mais aussi les bo&icirc;tes &agrave; carton et les filtres &agrave; caf&eacute;, les mouchoirs trouvent leur place dans le bac &agrave; compost. Ce n'est pas le cas des restes de plats que vous avez cuisin&eacute;s, des huiles alimentaires, la viande et le poisson, la liti&egrave;re du chat, les mauvaises herbes envahissantes, les cendres de charbon de bois (celles de votre barbecue ou celles de la chemin&eacute;e). Perso, en France, je mange beaucoup de p&acirc;tes, je ne sais pas si elles peuvent aller dans le bac &agrave; compost. <\/p>\n\n\n\n<p>Par ailleurs, <strong>le syst&egrave;me de tri actuel est bancal<\/strong>. Ce n'est plus une nouveaut&eacute;. Ca a &eacute;t&eacute; expos&eacute; il y a quelques ann&eacute;es, il y a une grande partie des d&eacute;chets actuels qui <strong>ne sont pas valoris&eacute;s<\/strong>. Ils sont incin&eacute;r&eacute;s, enfouis, envoy&eacute;s &agrave; l'autre bout du monde. Au lieu de pondre de nouvelles injonctions de tri, il serait peut-&ecirc;tre bon de <strong>travailler sur les initiatives d&eacute;j&agrave; mises en place<\/strong> depuis les ann&eacute;es 90. Suite au refus d'accepter les d&eacute;chets europ&eacute;ens de l'Asie (Chine et Asie du sud-est d'o&ugrave; je vous passe le bonjour en passant). Les d&eacute;chets plastiques sont maintenant en partie <strong>envoy&eacute;s en Turquie<\/strong>. Adana n'est plus juste synonyme de brochette savoureuse de mouton &eacute;pic&eacute;. C'est aussi la r&eacute;gion o&ugrave; est envoy&eacute;e une partie des d&eacute;chets pour y &ecirc;tre recycl&eacute;s. La r&eacute;gion de l'Adana pour vous faire une id&eacute;e se situe en gros en face de Chypre. Et parce que le traitement des d&eacute;chets n'est pas toujours l&eacute;gal et encadr&eacute; en bonne et due forme, <strong>les sols et les cours d'eau sont pollu&eacute;s<\/strong>. Vous y repenserez cet &eacute;t&eacute; quand vous irez vous baigner sur la c&ocirc;te m&eacute;diterran&eacute;enne.  <\/p>\n\n\n\n<p>Toujours plus d'efforts demand&eacute;s aux habitants - Quand on est rentr&eacute; en 2020 en France, on a d&eacute;couvert les \"<strong>points de collecte volontaire de verre<\/strong>\". Rien que le nom me fait p&eacute;ter les plombs. Comme les poubelles individuelles d&eacute;di&eacute;es au ramassage du verre ont &eacute;t&eacute; retir&eacute;es des foyers, le c&ocirc;t&eacute; volontaire c'est quand m&ecirc;me prendre les gens pour des jambons. Quand on ne me laisse pas le choix, <strong>j'ai du mal &agrave; voir l'aspect volontaire du geste<\/strong>. On a vu aussi l'&eacute;tat de ces points de collecte communs dans des communes du Pas-de-Calais et du Nord. Des bouteilles en verre partout &agrave; c&ocirc;t&eacute; du point de collecte parce qu'il est plein. Des &eacute;clats de verre aussi. C'est magnifique dans le paysage urbain! Je ne rejette pas la faute enti&egrave;rement sur les usagers. Il y a clairement un <strong>probl&egrave;me de ramassage et d'entretien<\/strong>. Apr&egrave;s le verre, il est donc question de demander aux gens de trier aussi les diff&eacute;rents d&eacute;chets compostables m&eacute;nagers. Tout ne va pas dans le bac &agrave; compost. Ca va donner quoi sur le long terme? Quand les gens ne vont pas se casser la t&ecirc;te &agrave; s&eacute;parer les aliments cuits des &eacute;pluchures de patate? <\/p>\n\n\n\n<p>On en fait quoi du compost apr&egrave;s? Cette <strong>question du apr&egrave;s<\/strong>, de la valorisation du d&eacute;chet m&eacute;nager sous forme de compost est &agrave; se poser. Sur les sites gouvernementaux il est question de transformer ce compost de 2 mani&egrave;res. La premi&egrave;re est la <strong>cr&eacute;ation de biogaz<\/strong> qui servira &agrave; produire du chauffage urbain (qu'en est-il des usines de transformations?). La seconde est la cr&eacute;ation de <strong>compost &agrave; des fins agricoles<\/strong>. J'ose esp&eacute;rer m&ecirc;me s'il n'en est jamais question que certaines municipalit&eacute;s feront l'effort d'utiliser ce compost cr&eacute;&eacute; par les habitants pour entretenir les parcs communaux et espaces verts. Dimanche soir en parlant avec la copine, j'ai appris qu'en appartement, elle avait son propre bac &agrave; compost et la question du apr&egrave;s est venue sur le tapis. La copine vit &agrave; Strasbourg et pour se d&eacute;barrasser de son compost, elle a deux choix. Soit prendre un rendez-vous dans un service municipal (avec des listes d'attentes interminables et des heures de bureau). Soit payer un service pour donner son compost. <strong>Vous vous imaginer payer un service en plus de vos imp&ocirc;ts poubelle pour vous d&eacute;barrasser de votre compost?<\/strong> En plus de cela, le compost n'est pas le m&ecirc;me genre de d&eacute;chets que celui qui est collect&eacute; chaque semaine dans vos poubelles. Ca <strong>prend du temps<\/strong> de faire du compost (entre 5 &agrave; 12 mois, 5 mois pour du paillage, 10 mois pour du compost m&ucirc;r). Et donc, comment ce compost va &ecirc;tre collect&eacute;? Est-ce que les habitants vont <strong>devoir prendre leur voiture<\/strong> pour aller &agrave; la d&eacute;chetterie la plus proche (qui n'est pas n&eacute;cessairement sur votre commune!)? <\/p>\n\n\n\n<p>Quid de la cr&eacute;ation d'emploi relative au traitement des d&eacute;chets? Tout au long de cet article, j'ai &eacute;voqu&eacute; le travail que ce soit &agrave; propos des conditions salariales ou du savoir-faire. En France, il y avait plus de 3 000 000 de personnes inscrites chez P&ocirc;le Emploi, cela ne prend pas en compte par exemple les personnes radi&eacute;es. Dans la question de la valorisation, du tri de d&eacute;chets, <strong>il n'y aurait pas un axe de cr&eacute;ation d'emploi &agrave; creuser?<\/strong> Il y a 15, il y avait 300 centres de tri. Maintenant, il y en a 142 et d'autres vont encore <strong>fermer d'ici 2025<\/strong>. Cette fermeture est pr&eacute;text&eacute;e par une <strong>modernisation<\/strong> des structures. On remplace l'humain par des machines comme un s&eacute;parateur balistique, un s&eacute;parateur optique ou encore un s&eacute;parateur magn&eacute;tique. <strong>Moins de centres de tri, toujours plus de d&eacute;chets.<\/strong> Des conditions de travail inhumaines, un rendement impos&eacute; toujours plus &eacute;lev&eacute;. Pas s&ucirc;re que le compost &agrave; la maison change vraiment quelque chose dans cette histoire. Je me demande: s'il y avait une r&eacute;elle volont&eacute; de traiter les bio-d&eacute;chets, ne serait-il pas plus judicieux de cr&eacute;er des centres sp&eacute;cifiques pour cr&eacute;er un vrai compost de qualit&eacute; qui correspondrait aux demandes des agriculteurs ou encore aux demandes des usines de bio-gaz? <\/p>\n\n\n\n<p>Avant dernier probl&egrave;me avec cette question de bac &agrave; compost obligatoire d&egrave;s le 1er janvier 2024, c'est l'implication de la sph&egrave;re publique dans les foyers. Ce n'est pas comme le bac &agrave; verre et son apport volontaire. Le bac &agrave; verre est au bout de votre rue. <strong>Le bac &agrave; compost est chez vous.<\/strong> C'est un peu comme le fameux compteur Linky, pr&eacute;sent&eacute; comme \"un outil pour la transition &eacute;cologique\" - ce m&ecirc;me compteur Linky qui permet &agrave; <br>distance de baisser la puissance de votre compteur, fantastique quand il est question de vous faire peur pour que vous vous \"mobilisiez\" de vous-m&ecirc;me pour baisser votre consommation d'&eacute;nergie. La question ici n'est pas la peur (quoi que...) mais <strong>comment le gouvernement se permet d'entrer chez vous et de vous dire quoi installer<\/strong>. Le compteur Linky, le composteur et apr&egrave;s quoi? En plus, il y a une dimension financi&egrave;re avec ce composteur. D'une part, il y a la crainte de se prendre une amende parce qu'on ne se soumet pas &agrave; cette nouvelle loi (35&euro; pour non respect du tri des bio-d&eacute;chets et si &ccedil;a n'est pas pay&eacute; &agrave; temps, on passe &agrave; 75&euro;). D'autre part, <strong>le march&eacute; du compost est lucratif<\/strong>. Pour les agriculteurs PACA par exemple, une tonne de compost de d&eacute;chets verts varie entre 8 et 35&euro; HT mais plus souvent c'est entre 18 et 20&euro; \/ tonne. <strong>Le compost vaut de l'argent.<\/strong> Et vous allez le faire gratuitement pour votre municipalit&eacute;. <\/p>\n\n\n\n<p>Dernier point important &agrave; propos de cette question de bac composteur obligatoire: <strong>On n'est pas tous &eacute;gaux face au compost<\/strong>. Et pour plusieurs raisons. Imaginons que vous viviez en appartement, on peut se demander o&ugrave; mettre le bac &agrave; compost ou ce que vous allez en faire une fois que le compost sera pr&ecirc;t. Imaginons que vous ne cuisiniez que des plats pr&eacute;par&eacute;s et qu'une fois de temps en temps, vous ayez le temps de cuisiner des produits frais. A quoi va ressembler votre compost avec peu d'apports? Cette mesure me semble assez <strong>injuste<\/strong>. Elle pourrait &ecirc;tre volontaire, pour celles et ceux qui en ont besoin (qui cuisinent, qui ont un jardin, etc.) Mais elle ne devrait <strong>pas &ecirc;tre syst&eacute;matique<\/strong> parce qu'une mesure qui ne fait pas sens chez tout le monde ne sera pas suivie. Sous couvert d'&eacute;cologie, j'ai le sentiment que c'est un bon moyen de faire faire des &eacute;conomies aux collectivit&eacute;s quant &agrave; la question du traitement des d&eacute;chets (j'ai comme un doute sur le fait que ces &eacute;conomies se ressentent sur l'imp&ocirc;t des poubelles...) <\/p>\n\n\n\n<div class=\"wp-block-columns has-2-columns is-layout-flex wp-container-core-columns-layout-2 wp-block-columns-is-layout-flex\">\n<div class=\"wp-block-column is-layout-flow wp-block-column-is-layout-flow\">\n<div style=\"height:20px\" aria-hidden=\"true\" class=\"wp-block-spacer\"><\/div>\n\n\n\n<p style=\"text-align:center\" class=\"has-medium-font-size\">Le blog a besoin de votre soutien <\/p>\n\n\n\n<p>Depuis plus de 10 ans, je partage avec vous mes id&eacute;es et mes conseils pour cr&eacute;er un int&eacute;rieur qui vous ressemble. Je t&acirc;che de cr&eacute;er un espace en ligne agr&eacute;able o&ugrave; vous n'&ecirc;tes pas agress&eacute; par la publicit&eacute;. N&eacute;anmoins, entretenir le blog, publier plusieurs articles par semaine et mettre &agrave; jour les anciens nous prend beaucoup de temps. <br><strong>Je vous en prie, envisagez <\/strong><a rel=\"noreferrer noopener\" aria-label=\"de soutenir le blog financi&egrave;rement (s&rsquo;ouvre dans un nouvel onglet)\" href=\"https:\/\/www.patreon.com\/cocondedeco\" target=\"_blank\"><strong>de soutenir le blog financi&egrave;rement<\/strong><\/a><strong>. <\/strong><\/p>\n<\/div>\n\n\n\n<div class=\"wp-block-column is-layout-flow wp-block-column-is-layout-flow\">\n<iframe loading=\"lazy\" width=\"560\" height=\"315\" src=\"https:\/\/www.youtube.com\/embed\/rZ9e85QwZU8\" title=\"YouTube video player\" frameborder=\"0\" allow=\"accelerometer; autoplay; clipboard-write; encrypted-media; gyroscope; picture-in-picture\" allowfullscreen><\/iframe>\n<\/div>\n<\/div>\n\n\n\n<a name=\"toc-9\" style=\"text-decoration: none;\"><\/a><h3 class=\"wp-block-heading\">03 &bull; 2 &bull; Au lieu de me parler de bac &agrave; compost, je pr&eacute;f&eacute;rerai que... <\/h3>\n\n\n\n<p>C'est bien beau d'&ecirc;tre v&eacute;n&egrave;re &agrave; propos de ce qui se pr&eacute;pare (et j'ai effac&eacute; une partie de mes propos...) Mais tout ce que je viens d'&eacute;crire c'est en fait des choix politiques. Je ne vais pas vous dire, fallait mieux voter, &ccedil;a ne sert &agrave; rien et c'est pas hyper productif. <\/p>\n\n\n\n<p>Pour vous parler d&eacute;chets (et pas juste de compost, ce n'est qu'une partie des d&eacute;chets), je me suis heurt&eacute;e &agrave; un gros probl&egrave;me: <strong>celui de la transparence<\/strong>. Trouver de vraies infos fiables (et pas juste une s&eacute;rie de mots vides de sens) sur l'avenir ou m&ecirc;me le tri des d&eacute;chets. C'est valable d'un point de vue national comme d'un point de vue local. Je suis all&eacute;e sur des sites de municipalit&eacute;s qui rendent le compost glamour et facile alors que c'est un peu plus compliqu&eacute; que &ccedil;a. Je suis all&eacute;e sur des sites d'entreprises de tri qui pr&eacute;sentent leur activit&eacute; mais qui ne donnent pas plus d'informations quant au devenir des d&eacute;chets. Me dire qu'ils sont recycl&eacute;s c'est bien, mais &ccedil;a serait mieux de me dire <strong>comment<\/strong>. <strong>Que deviennent les d&eacute;chets que l'on donne aux entreprises?  <\/strong><\/p>\n\n\n\n<p>Avec les personnes avec qui je parle de d&eacute;croissance, d'&eacute;cologie, de mode de vie slow, depuis quelques ann&eacute;es, il y a un sujet qui est de plus en plus r&eacute;current: Il y a <strong>un ras le bol<\/strong> qu'on demande aux gens d'en faire toujours un peu plus alors qu'on a le sentiment que les entreprises sont peinardes et qu'elles ne subissent pas cette pression. La fameuse loi anti gaspillage a tout un volet pour les entreprises mais cela n'emp&ecirc;che pas l<strong>e sentiment d'injustice de se faire sentir<\/strong>. Ne faudrait-il pas plus de pression sur les entreprises pour qu'elles limitent leurs d&eacute;chets et leur impact &eacute;cologique? Au lieu de dire au fran&ccedil;ais: \"vous allez avoir une prune si vous n'installez pas un bac &agrave; compost chez vous\"? Il y a bien le syst&egrave;me de Pollueur - Payeur mais est-ce r&eacute;ellement suffisant? <strong>L'entreprise Total &eacute;met plus de CO2 que la France enti&egrave;re.<\/strong> Au niveau habitation, seules les entreprises du CAC 40 Saint Gobain, EDF, Engie, Suez et Schneider Electric ont une strat&eacute;gie de r&eacute;duction de leurs &eacute;missions absolues, directes et indirectes. Et seulement 3 entreprises fran&ccedil;aises sont align&eacute;es avec les accords de Paris : EDF, Schneider Electric et Legrand. <\/p>\n\n\n\n<p>On pourrait aussi imaginer un syst&egrave;me de malus pour le gouvernement. J'ai beaucoup de mal avec l'id&eacute;e de coup de b&acirc;ton et de punition quand on ne fait pas quelque chose comme cette id&eacute;e d'amende qu'on peut recevoir si le tri n'est pas bien fait. Elle serait &eacute;ventuellement <strong>plus tol&eacute;rable<\/strong> si elle n'&eacute;tait pas que pour les habitants et les entreprises (sachant que les malus entreprises - l&agrave; aussi - manquent de transparence). Tu portes une lois, les r&eacute;sultats sont m&eacute;diocres, tu te prends une prune. C'est compl&egrave;tement utopique mais &ccedil;a semblerait tellement plus juste qu'une femme ou un homme politique ait &agrave; payer les cons&eacute;quences de ses lois et de ses actions. Clin d'oeil &agrave; tous ces hommes politiques qui b&eacute;n&eacute;ficient d'une inaction flagrante de la justice face aux plaintes pour abus sexuels. <\/p>\n\n\n\n<p>Plus s&eacute;rieusement, moins utopique, on pourrait aussi parler du <strong>r&eacute;-emploi<\/strong> au lieu de recyclage. Le soucis avec le recyclage c'est qu'il n'y a qu'une partie du d&eacute;chet qui est revaloris&eacute;e et qui sert de mati&egrave;re premi&egrave;re &agrave; la cr&eacute;ation d'un nouveau produit. Selon Zero Waste France, seuls 25% d'une bouteille en plastique peut provenir du recyclage, les 75% restants sont du plastique neuf. Une alternative au recyclage bancal serait le r&eacute;emploi c'est &agrave; dire l'<strong>usage multiple d'un objet<\/strong> comme les bouteilles en verre consign&eacute;es qui serait r&eacute;-utilis&eacute;es. En ce d&eacute;but d'ann&eacute;e 2023, on a bien entendu en t&ecirc;te Mac Do et sa vaisselle r&eacute;utilisable. En revanche, je regrette que les principales infos qu'on ait eues &agrave; ce propos soit le vol et l'&eacute;ventuelle g&eacute;o-localisation de cette vaisselle. Cela <strong>discr&eacute;dite<\/strong> &agrave; la fois la tentative de l'enseigne de se conformer &agrave; la loi anti gaspillage qui interdit le tout jetable mais aussi le client qui vole. Le r&eacute;-emploi passe pour une id&eacute;e conne alors qu'elle &eacute;tait louable. <\/p>\n\n\n\n<ul class=\"wp-block-gallery columns-2 is-cropped wp-block-gallery-3 is-layout-flex wp-block-gallery-is-layout-flex\"><li class=\"blocks-gallery-item\"><figure><img loading=\"lazy\" decoding=\"async\" width=\"640\" height=\"960\" src=\"https:\/\/www.cocondedecoration.com\/blog\/wp-content\/uploads\/2023\/02\/maison-eco-responsable-2023-3-640x960.jpg\" alt=\"maison eco-responsable 2023 compost obligatoire piste de r&eacute;flexion\" data-id=\"57363\" data-link=\"https:\/\/www.cocondedecoration.com\/blog\/?attachment_id=57363\" class=\"wp-image-57363\" srcset=\"https:\/\/www.cocondedecoration.com\/blog\/wp-content\/uploads\/2023\/02\/maison-eco-responsable-2023-3-640x960.jpg 640w, https:\/\/www.cocondedecoration.com\/blog\/wp-content\/uploads\/2023\/02\/maison-eco-responsable-2023-3-260x390.jpg 260w, https:\/\/www.cocondedecoration.com\/blog\/wp-content\/uploads\/2023\/02\/maison-eco-responsable-2023-3-768x1152.jpg 768w, https:\/\/www.cocondedecoration.com\/blog\/wp-content\/uploads\/2023\/02\/maison-eco-responsable-2023-3-367x550.jpg 367w, https:\/\/www.cocondedecoration.com\/blog\/wp-content\/uploads\/2023\/02\/maison-eco-responsable-2023-3-333x500.jpg 333w, https:\/\/www.cocondedecoration.com\/blog\/wp-content\/uploads\/2023\/02\/maison-eco-responsable-2023-3.jpg 1000w\" sizes=\"(max-width: 640px) 100vw, 640px\" \/><\/figure><\/li><li class=\"blocks-gallery-item\"><figure><img loading=\"lazy\" decoding=\"async\" width=\"640\" height=\"960\" src=\"https:\/\/www.cocondedecoration.com\/blog\/wp-content\/uploads\/2023\/02\/solution-maison-ecofriendly-3-640x960.jpeg\" alt=\"solution maison ecofriendly bac &agrave; compost chez soi obligations\" data-id=\"57364\" data-link=\"https:\/\/www.cocondedecoration.com\/blog\/?attachment_id=57364\" class=\"wp-image-57364\" srcset=\"https:\/\/www.cocondedecoration.com\/blog\/wp-content\/uploads\/2023\/02\/solution-maison-ecofriendly-3-640x960.jpeg 640w, https:\/\/www.cocondedecoration.com\/blog\/wp-content\/uploads\/2023\/02\/solution-maison-ecofriendly-3-260x390.jpeg 260w, https:\/\/www.cocondedecoration.com\/blog\/wp-content\/uploads\/2023\/02\/solution-maison-ecofriendly-3-768x1152.jpeg 768w, https:\/\/www.cocondedecoration.com\/blog\/wp-content\/uploads\/2023\/02\/solution-maison-ecofriendly-3-367x550.jpeg 367w, https:\/\/www.cocondedecoration.com\/blog\/wp-content\/uploads\/2023\/02\/solution-maison-ecofriendly-3-333x500.jpeg 333w, https:\/\/www.cocondedecoration.com\/blog\/wp-content\/uploads\/2023\/02\/solution-maison-ecofriendly-3.jpeg 1000w\" sizes=\"(max-width: 640px) 100vw, 640px\" \/><\/figure><\/li><\/ul><h2 class=\"wp-block-heading\">Conclusion<\/h2>\n\n\n\n<p>Il y a de nombreuses possibilit&eacute;s pour rendre votre int&eacute;rieur et votre quotidien plus &eacute;co-friendly. Il n'y a <strong>pas une solution miracle<\/strong> qui convient &agrave; tous et l'id&eacute;e de cet article et du suivant est de vous exposer diff&eacute;rentes solutions qui s'offrent &agrave; vous. C'est &agrave; mes yeux, une d&eacute;marche qui se doit d'&ecirc;tre <strong>progressive<\/strong> pour s'inscrire durablement dans vos habitudes. Elle doit aussi faire sens pour vous. C'est pour cela que j'ai beaucoup de mal avec l'id&eacute;e d'obligation l&eacute;gale qui ne fait pas de diff&eacute;rences entre les habitants. Perso, la question de l'&eacute;cologie, de pr&eacute;servation de l'environnement est une question &agrave; laquelle je pense souvent, sur laquelle je m'informe. C'est un sujet de discussion avec certains de mes proches et ami(e)s. Cela prend du temps, cela <strong>demande du temps<\/strong> aussi d'essayer d'avoir un regard critique. <br>Dans le prochaine article, qui arrivera je ne sais pas tout &agrave; fait quand, il sera question de d&eacute;co mais aussi de r&eacute;novation. Il y aura aussi un sujet qui me fait sortir de mes gonds &agrave; l'instar du composteur. Je me suis dit qu'un sujet &eacute;pineux par article &eacute;tait suffisant! <\/p>\n\n\n\n<blockquote class=\"wp-block-quote\"><p><strong>Liens utiles qui m'ont servi &agrave; pr&eacute;parer cet article:<\/strong> <br><a rel=\"noreferrer noopener\" aria-label=\"Les grandes entreprises fran&ccedil;aises, un mod&egrave;le dangereux pour la plan&egrave;te (s&rsquo;ouvre dans un nouvel onglet)\" href=\"https:\/\/www.oxfamfrance.org\/climat-et-energie\/les-grandes-entreprises-francaises-un-modele-dangereux-pour-la-planete\/\" target=\"_blank\">Les grandes entreprises fran&ccedil;aises, un mod&egrave;le dangereux pour la plan&egrave;te<\/a> - Oxfam France <br><a rel=\"noreferrer noopener\" aria-label=\"Quels sont les grands axes de la loi anti-gaspillage (s&rsquo;ouvre dans un nouvel onglet)\" href=\"https:\/\/lemagdusenior.ouest-france.fr\/article-102-grands-axes-loi-anti-gaspillage.html\" target=\"_blank\">Quels sont les grands axes de la loi anti-gaspillage?<\/a> - Ouest France \/ Le Mag du S&eacute;nior <br><a rel=\"noreferrer noopener\" aria-label='Avec les trieurs de d&eacute;chets: \"Recycler sauve peut-&ecirc;tre la plan&egrave;te mais pas les travailleurs\" (s&rsquo;ouvre dans un nouvel onglet)' href=\"https:\/\/basta.media\/Recycler-trieur-de-dechets-sytcom-conditions-de-travail-Ecosystem-emplois-verts\" target=\"_blank\">Avec les trieurs de d&eacute;chets: \"Recycler sauve peut-&ecirc;tre la plan&egrave;te mais pas les travailleurs\"<\/a> - Basta!  <br><a rel=\"noreferrer noopener\" aria-label=\"Les d&eacute;marches z&eacute;ro d&eacute;chet cr&eacute;ent davantage d'emplois que l'&eacute;limination des d&eacute;chets (s&rsquo;ouvre dans un nouvel onglet)\" href=\"https:\/\/www.zerowastefrance.org\/zero-dechet-emplois\/\" target=\"_blank\">Les d&eacute;marches z&eacute;ro d&eacute;chet cr&eacute;ent davantage d'emplois que l'&eacute;limination des d&eacute;chets<\/a> - Z&eacute;ro Waste France <br><a rel=\"noreferrer noopener\" aria-label=\"Recycl&eacute;s? Nos d&eacute;chets plastiques finissent surtout &agrave; l'&eacute;tranger (s&rsquo;ouvre dans un nouvel onglet)\" href=\"https:\/\/reporterre.net\/Recycles-Nos-dechets-plastiques-finissent-surtout-a-l-etranger\" target=\"_blank\">Recycl&eacute;s? Nos d&eacute;chets plastiques finissent surtout &agrave; l'&eacute;tranger<\/a> - Reporterre<br><a rel=\"noreferrer noopener\" aria-label=\"Quoi mettre et ne pas mettre dans le compost? (s&rsquo;ouvre dans un nouvel onglet)\" href=\"https:\/\/vertdure.com\/fr\/blogue\/article\/quoi-mettre-et-ne-pas-mettre-dans-le-compost.72\" target=\"_blank\">Quoi mettre et ne pas mettre dans le compost?<\/a> - Blog Vertdure  <br><a rel=\"noreferrer noopener\" aria-label=\"Extension des consignes de tri - quel est le bilan au 1er janvier 2023? (s&rsquo;ouvre dans un nouvel onglet)\" href=\"https:\/\/www.lagazettedescommunes.com\/845610\/extension-des-consignes-de-tri-quel-bilan-au-1er-janvier-2023\/\" target=\"_blank\">Extension des consignes de tri - quel est le bilan au 1er janvier 2023?<\/a> - La Gazette des communes <br><a rel=\"noreferrer noopener\" aria-label=\"91% des d&eacute;chets plastiques ne sont pas recycl&eacute;s (s&rsquo;ouvre dans un nouvel onglet)\" href=\"https:\/\/www.nationalgeographic.fr\/environnement\/91-des-dechets-plastiques-ne-sont-pas-recycles\" target=\"_blank\">91% des d&eacute;chets plastiques ne sont pas recycl&eacute;s<\/a> - National Geographic (France)<br><a rel=\"noreferrer noopener\" aria-label=\"La m&eacute;thanisation, l'usine &agrave; gaz qui s&eacute;duit les gros agriculteurs (s&rsquo;ouvre dans un nouvel onglet)\" href=\"https:\/\/reporterre.net\/la-methanisation-l-usine-a-gaz-qui-seduit-les-gros-agriculteurs\" target=\"_blank\">La m&eacute;thanisation, l'usine &agrave; gaz qui s&eacute;duit les gros agriculteurs<\/a> - Reporterre <\/p><\/blockquote>\n\n\n\n<hr class=\"wp-block-separator\"><p class=\"has-text-align-center has-medium-font-size\">Ne perdons pas contact \ud83d\ude42 Rejoignez moi sur <a href=\"https:\/\/www.pinterest.fr\/cocondedeco\/\" target=\"_blank\" rel=\"noopener\" title=\"\">Pinterest<\/a> |&nbsp;<a href=\"https:\/\/www.threads.net\/@cocondedeco\" target=\"_blank\" rel=\"noopener\" title=\"\">Threads<\/a> | <a href=\"https:\/\/www.patreon.com\/collection\/162946?view=expanded\" target=\"_blank\" rel=\"noopener\" title=\"\">la Newsletter<\/a> <br>Vous aimez lire le blog? Vous souhaitez continuer &agrave; le lire? <a href=\"https:\/\/www.patreon.com\/cocondedeco\" target=\"_blank\" rel=\"noopener\" title=\"\">Devenez m&eacute;c&egrave;ne<\/a> sur Patreon et contribuez &agrave; sa survie. <\/p>\n\n\n\n<hr class=\"wp-block-separator\"><div class=\"wp-block-columns has-2-columns is-layout-flex wp-container-core-columns-layout-3 wp-block-columns-is-layout-flex\">\n<div class=\"wp-block-column is-layout-flow wp-block-column-is-layout-flow\">\n<p style=\"text-align:center\" class=\"has-medium-font-size\">A lire &eacute;galement<\/p>\n\n\n<ul class=\"wp-block-latest-posts__list wp-block-latest-posts\"><li><a class=\"wp-block-latest-posts__post-title\" href=\"https:\/\/www.cocondedecoration.com\/blog\/2023\/11\/noel-eco-responsable-facile\/\">10 id&eacute;es pour des f&ecirc;tes de fin d&rsquo;ann&eacute;e plus &eacute;co-friendly<\/a><\/li>\n<li><a class=\"wp-block-latest-posts__post-title\" href=\"https:\/\/www.cocondedecoration.com\/blog\/2023\/10\/deco-materiau-recycle\/\">Maison slow | De la d&eacute;co en mat&eacute;riau recycl&eacute;<\/a><\/li>\n<li><a class=\"wp-block-latest-posts__post-title\" href=\"https:\/\/www.cocondedecoration.com\/blog\/2023\/08\/rangement-sans-plastique\/\">Int&eacute;rieur &eacute;co-friendly | Les alternatives au plastique pour ranger la maison<\/a><\/li>\n<li><a class=\"wp-block-latest-posts__post-title\" href=\"https:\/\/www.cocondedecoration.com\/blog\/2023\/07\/zentangle-dessin-relaxation\/\">Loisirs cr&eacute;atifs | Le zentangle pour dessiner et surtout se d&eacute;tendre<\/a><\/li>\n<li><a class=\"wp-block-latest-posts__post-title\" href=\"https:\/\/www.cocondedecoration.com\/blog\/2023\/04\/diy-deco-beton-creatif\/\">Loisirs slow | Confectionner de la d&eacute;co en b&eacute;ton cr&eacute;atif<\/a><\/li>\n<li><a class=\"wp-block-latest-posts__post-title\" href=\"https:\/\/www.cocondedecoration.com\/blog\/2023\/04\/liste-loisirs-creatifs-adulte\/\">Loisirs cr&eacute;atifs | Plus de 100 id&eacute;es pour renouer avec son c&ocirc;t&eacute; artistique<\/a><\/li>\n<li><a class=\"wp-block-latest-posts__post-title\" href=\"https:\/\/www.cocondedecoration.com\/blog\/2023\/03\/interieur-durable-ecologique\/\">Slow living | Comment avoir un int&eacute;rieur qui s&rsquo;inscrit dans une d&eacute;marche durable en 2023? (partie 2)<\/a><\/li>\n<\/ul><\/div>\n\n\n\n<div class=\"wp-block-column is-layout-flow wp-block-column-is-layout-flow\">\n<p class=\"has-text-align-center has-medium-font-size\" style=\"padding-top:var(--wp--preset--spacing--40);padding-bottom:var(--wp--preset--spacing--40)\"><strong>Devenez m&eacute;c&egrave;ne du blog <\/strong><\/p>\n\n\n\n<hr class=\"wp-block-separator has-alpha-channel-opacity is-style-wide\"><p style=\"padding-right:var(--wp--preset--spacing--30);padding-left:var(--wp--preset--spacing--30)\">Soutenez mon travail sur le blog et acc&eacute;dez &agrave; des contreparties exclusives: <\/p>\n\n\n\n<ul style=\"padding-right:var(--wp--preset--spacing--40);padding-left:var(--wp--preset--spacing--40)\"><li>Plusieurs centaines d'articles d&eacute;co, lifestyle &amp; voyage r&eacute;serv&eacute;s aux abonn&eacute;&bull;e&bull;s <\/li>\n\n\n\n<li>Toutes les entr&eacute;es de mon side project - mon dictionnaire nomade <\/li>\n\n\n\n<li>Une publicit&eacute; limit&eacute;e sur les articles Patreon <\/li>\n<\/ul><div class=\"wp-block-buttons is-content-justification-center is-layout-flex wp-container-core-buttons-layout-2 wp-block-buttons-is-layout-flex\">\n<div class=\"wp-block-button\"><a class=\"wp-block-button__link wp-element-button\" href=\"https:\/\/www.patreon.com\/cocondedeco\" target=\"_blank\" rel=\"noreferrer noopener\">Soutenir le blog maintenant<\/a><\/div>\n<\/div>\n<\/div>\n<\/div>\n\n\n\n<p style=\"text-align:right\" class=\"has-small-font-size\">Source des images: Canva &amp; Pexels<\/p><\/body><\/html>\n","protected":false},"excerpt":{"rendered":"<p>J&rsquo;ai peu de copines \u00e0 l&rsquo;\u00e9tranger, elles sont encore plus rares quand on partage les m\u00eames valeurs et l&rsquo;envie d&rsquo;\u00e9voluer dans un monde plus slow. Dimanche, nous avons din\u00e9 avec une fran\u00e7aise que l&rsquo;on connait depuis quelques mois et c&rsquo;\u00e9tait un vrai plaisir de parler de tout et de rien<span class=\"more-link\"><a href=\"https:\/\/www.cocondedecoration.com\/blog\/2023\/02\/interieur-plus-eco-responsable\/\">Lire la suite<\/a><\/span><\/p>\n","protected":false},"author":1,"featured_media":57369,"comment_status":"open","ping_status":"open","sticky":false,"template":"","format":"standard","meta":{"om_disable_all_campaigns":false,"_monsterinsights_skip_tracking":false,"_monsterinsights_sitenote_active":false,"_monsterinsights_sitenote_note":"","_monsterinsights_sitenote_category":0,"_uf_show_specific_survey":0,"_uf_disable_surveys":false,"footnotes":""},"categories":[9777,5,28352,2231],"tags":[40098,41598,41600,41659,37818,41649,41644,41647,27838,22125,31669,37869,40118,8607,41642,41651,41648,41657,41660,41656,41662,41655,41665,41663,4075,8608,41616,4414,8609,41619,41622,41607,41606,41626,4588,41637,9014,4577,41618,41620,41604,41635,41634,41636,41628,41630,41638,41633,41632,41631,41611,41613,41612,41653,41652,41603,41597,41625,41601,41661,41650,41658,41640,8763,8762,41624,41599,41623,41641,9655,4243,16016,41615,41602,41643,4002,6238,4001,41639,41627,41629,41664,41646,41654,41617,28797,41621,41645,41596,28805,41614,41610,41605,41609,41608],"aioseo_notices":[],"_links":{"self":[{"href":"https:\/\/www.cocondedecoration.com\/blog\/wp-json\/wp\/v2\/posts\/57352"}],"collection":[{"href":"https:\/\/www.cocondedecoration.com\/blog\/wp-json\/wp\/v2\/posts"}],"about":[{"href":"https:\/\/www.cocondedecoration.com\/blog\/wp-json\/wp\/v2\/types\/post"}],"author":[{"embeddable":true,"href":"https:\/\/www.cocondedecoration.com\/blog\/wp-json\/wp\/v2\/users\/1"}],"replies":[{"embeddable":true,"href":"https:\/\/www.cocondedecoration.com\/blog\/wp-json\/wp\/v2\/comments?post=57352"}],"version-history":[{"count":0,"href":"https:\/\/www.cocondedecoration.com\/blog\/wp-json\/wp\/v2\/posts\/57352\/revisions"}],"wp:featuredmedia":[{"embeddable":true,"href":"https:\/\/www.cocondedecoration.com\/blog\/wp-json\/wp\/v2\/media\/57369"}],"wp:attachment":[{"href":"https:\/\/www.cocondedecoration.com\/blog\/wp-json\/wp\/v2\/media?parent=57352"}],"wp:term":[{"taxonomy":"category","embeddable":true,"href":"https:\/\/www.cocondedecoration.com\/blog\/wp-json\/wp\/v2\/categories?post=57352"},{"taxonomy":"post_tag","embeddable":true,"href":"https:\/\/www.cocondedecoration.com\/blog\/wp-json\/wp\/v2\/tags?post=57352"}],"curies":[{"name":"wp","href":"https:\/\/api.w.org\/{rel}","templated":true}]}}