{"id":56537,"date":"2023-01-24T08:55:30","date_gmt":"2023-01-24T06:55:30","guid":{"rendered":"https:\/\/www.cocondedecoration.com\/blog\/?p=56537"},"modified":"2023-12-20T09:33:01","modified_gmt":"2023-12-20T07:33:01","slug":"deco-dessus-buffet-style-eclectique","status":"publish","type":"post","link":"https:\/\/www.cocondedecoration.com\/blog\/2023\/01\/deco-dessus-buffet-style-eclectique\/","title":{"rendered":"[Id\u00e9e d\u00e9co] D\u00e9corer le dessus du buffet dans un style \u00e9clectique"},"content":{"rendered":"<!DOCTYPE html PUBLIC \"-\/\/W3C\/\/DTD HTML 4.0 Transitional\/\/EN\" \"http:\/\/www.w3.org\/TR\/REC-html40\/loose.dtd\">\n<?xml encoding=\"UTF-8\"><html><body><p>Cette semaine, le style &eacute;clectique est &agrave; l'honneur. J'ai pr&eacute;vu de vous en parler 2 fois et on commence aujourd'hui avec une th&eacute;matique que vous connaissez bien si vous suivez le blog: le dessus du buffet. Ici, il ne sera pas uniquement question du buffet mais de meubles en g&eacute;n&eacute;ral. En effet, le style &eacute;clectique est loin d'&ecirc;tre fig&eacute;, on peut donc trouver une vitrine, une biblioth&egrave;que ou encore une console dans la pi&egrave;ce &agrave; vivre.  Le m&eacute;lange des styles, des &eacute;poques et des objets d&eacute;coratifs propre &agrave; ce style permet de cr&eacute;er un d&eacute;cor tr&egrave;s personnel charg&eacute; d'histoire. Aujourd'hui, on d&eacute;crypte ce qu'on trouve fr&eacute;quemment pos&eacute; pour d&eacute;corer votre meuble et lui donner de la personnalit&eacute;. <\/p>\n\n\n\n<!--more-->\n\n\n\n<div class=\"wp-block-columns has-2-columns is-layout-flex wp-container-core-columns-layout-1 wp-block-columns-is-layout-flex\">\n<div class=\"wp-block-column is-layout-flow wp-block-column-is-layout-flow\">\n<p style=\"text-align:center\" class=\"has-medium-font-size\">Au sommaire - d&eacute;corer un meuble de mani&egrave;re &eacute;clectique<\/p>\n\n\n\n<p><div class=\"toc\"><div class=\"toc_list\"><ul><li class=\"toc_item\"><a href=\"#toc-0\">01 \u2022 Des objets vintages et chin\u00e9s en brocante <\/a><\/li><li class=\"toc_item\"><a href=\"#toc-1\">02 \u2022 On mise sur l'originalit\u00e9 avec des lampes \u00e0 poser design et \/ ou color\u00e9es<\/a><\/li><li class=\"toc_item\"><a href=\"#toc-2\">03 \u2022 Des photos, tableaux, affiches aux origines diverses<\/a><\/li><li class=\"toc_item\"><a href=\"#toc-3\">04 \u2022 Vases et bougeoirs pour donner une autre dimension au dessus du meuble<\/a><\/li><li class=\"toc_item\"><a href=\"#toc-4\">05 \u2022 Des livres pour montrer discr\u00e8tement votre personnalit\u00e9<\/a><\/li><li class=\"toc_item\"><a href=\"#toc-5\">Shopping - une d\u00e9co \u00e9clectique sur le buffet<\/a><\/li><\/ul><\/div><\/div><br><\/p>\n<\/div>\n\n\n\n<div class=\"wp-block-column is-layout-flow wp-block-column-is-layout-flow\">\n<p class=\"has-text-align-center has-medium-font-size\" style=\"padding-top:var(--wp--preset--spacing--40);padding-bottom:var(--wp--preset--spacing--40)\"><strong>Devenez m&eacute;c&egrave;ne du blog <\/strong><\/p>\n\n\n\n<hr class=\"wp-block-separator has-alpha-channel-opacity is-style-wide\"><p style=\"padding-right:var(--wp--preset--spacing--30);padding-left:var(--wp--preset--spacing--30)\">Soutenez mon travail sur le blog et acc&eacute;dez &agrave; des contreparties exclusives: <\/p>\n\n\n\n<ul style=\"padding-right:var(--wp--preset--spacing--40);padding-left:var(--wp--preset--spacing--40)\"><li>Plusieurs centaines d'articles d&eacute;co, lifestyle &amp; voyage r&eacute;serv&eacute;s aux abonn&eacute;&bull;e&bull;s <\/li>\n\n\n\n<li>Toutes les entr&eacute;es de mon side project - mon dictionnaire nomade <\/li>\n\n\n\n<li>Une publicit&eacute; limit&eacute;e sur les articles Patreon <\/li>\n<\/ul><div class=\"wp-block-buttons is-content-justification-center is-layout-flex wp-container-core-buttons-layout-1 wp-block-buttons-is-layout-flex\">\n<div class=\"wp-block-button\"><a class=\"wp-block-button__link wp-element-button\" href=\"https:\/\/www.patreon.com\/cocondedeco\" target=\"_blank\" rel=\"noreferrer noopener\">Soutenir le blog maintenant<\/a><\/div>\n<\/div>\n<\/div>\n<\/div>\n\n\n\n<a name=\"toc-0\" style=\"text-decoration: none;\"><\/a><h2 class=\"wp-block-heading\">01 &bull; Des objets vintages et chin&eacute;s en brocante <\/h2>\n\n\n\n<p>On commence avec une vaste cat&eacute;gorie d'objets: les objets vintage souvent trouv&eacute;s en brocante voire chez un antiquaire. Le vintage est parfait pour donner de la personnalit&eacute; au dessus d'un meuble. C'est aussi une appellation g&eacute;n&eacute;rale pour diff&eacute;rentes &eacute;poques. Le style &eacute;clectique se d&eacute;finissant comme un m&eacute;lange de styles, on peut tr&egrave;s bien trouver des <a rel=\"noreferrer noopener\" aria-label=\"r&eacute;f&eacute;rences aux ann&eacute;es 50 (s&rsquo;ouvre dans un nouvel onglet)\" href=\"https:\/\/www.cocondedecoration.com\/blog\/2021\/06\/salle-a-manger-mid-century-modern\/\" target=\"_blank\">r&eacute;f&eacute;rences aux ann&eacute;es 50<\/a> comme des r&eacute;f&eacute;rences &agrave; l'enfance (avec d'anciennes poup&eacute;es par exemple). Il n'y a pas une p&eacute;riode de r&eacute;f&eacute;rence &agrave; choisir particuli&egrave;rement. Pour r&eacute;ussir la d&eacute;co de votre <a rel=\"noreferrer noopener\" aria-label=\"enfilade (s&rsquo;ouvre dans un nouvel onglet)\" href=\"https:\/\/www.cocondedecoration.com\/blog\/2022\/03\/enfilade-minimaliste-et-vintage\/\" target=\"_blank\">enfilade<\/a>, la clef est de choisir des objets anciens qui vous plaisent. Vous trouverez de nombreuses id&eacute;es tout au long de cet article, entre autres on peut penser &agrave;: un t&eacute;l&eacute;phone &agrave; cadrant, un buste au style antique, <a href=\"https:\/\/www.cocondedecoration.com\/blog\/2021\/08\/ou-trouver-platine-rangement-vinyle\/\" target=\"_blank\" rel=\"noreferrer noopener\" aria-label=\"une platine vinyle (s&rsquo;ouvre dans un nouvel onglet)\">une platine vinyle<\/a>, des figurines diverses, des objets en verre color&eacute;s... Ce qui est int&eacute;ressant avec cette d&eacute;marche d&eacute;co, c'est qu'en prenant le temps, on peut cr&eacute;er une jolie d&eacute;coration pleine de personnalit&eacute; sans forc&eacute;ment se ruiner. Il est vraiment possible de faire de bonnes affaires pendant la saison des brocantes. <\/p>\n\n\n\n<p>A lire aussi: <a href=\"https:\/\/www.cocondedecoration.com\/blog\/2022\/11\/decor-salle-a-manger-eclectique\/\" target=\"_blank\" rel=\"noreferrer noopener\" aria-label=\"Id&eacute;es d&eacute;co | Une ambiance &eacute;clectique dans la salle &agrave; manger (s&rsquo;ouvre dans un nouvel onglet)\">Id&eacute;es d&eacute;co | Une ambiance &eacute;clectique dans la salle &agrave; manger<\/a><\/p>\n\n\n\n<ul class=\"wp-block-gallery columns-3 is-cropped wp-block-gallery-1 is-layout-flex wp-block-gallery-is-layout-flex\"><li class=\"blocks-gallery-item\"><figure><img loading=\"lazy\" decoding=\"async\" width=\"640\" height=\"960\" src=\"https:\/\/www.cocondedecoration.com\/blog\/wp-content\/uploads\/2023\/01\/objets-vintage-buffet-deco-eclectique-1-640x960.jpeg\" alt=\"objets vintage buffet deco eclectique t&eacute;l&eacute;phone &agrave; cadrant ann&eacute;es 70 photos affiches color&eacute;es plantes vertes maximalisme m&eacute;lange de styles\" data-id=\"56538\" data-link=\"https:\/\/www.cocondedecoration.com\/blog\/?attachment_id=56538\" class=\"wp-image-56538\" srcset=\"https:\/\/www.cocondedecoration.com\/blog\/wp-content\/uploads\/2023\/01\/objets-vintage-buffet-deco-eclectique-1-640x960.jpeg 640w, https:\/\/www.cocondedecoration.com\/blog\/wp-content\/uploads\/2023\/01\/objets-vintage-buffet-deco-eclectique-1-260x390.jpeg 260w, https:\/\/www.cocondedecoration.com\/blog\/wp-content\/uploads\/2023\/01\/objets-vintage-buffet-deco-eclectique-1-768x1152.jpeg 768w, https:\/\/www.cocondedecoration.com\/blog\/wp-content\/uploads\/2023\/01\/objets-vintage-buffet-deco-eclectique-1-367x550.jpeg 367w, https:\/\/www.cocondedecoration.com\/blog\/wp-content\/uploads\/2023\/01\/objets-vintage-buffet-deco-eclectique-1-333x500.jpeg 333w, https:\/\/www.cocondedecoration.com\/blog\/wp-content\/uploads\/2023\/01\/objets-vintage-buffet-deco-eclectique-1.jpeg 1000w\" sizes=\"(max-width: 640px) 100vw, 640px\" \/><figcaption>youtube.com\n<\/figcaption><\/figure><\/li><li class=\"blocks-gallery-item\"><figure><img loading=\"lazy\" decoding=\"async\" width=\"640\" height=\"960\" src=\"https:\/\/www.cocondedecoration.com\/blog\/wp-content\/uploads\/2023\/01\/objets-vintage-buffet-deco-eclectique-2-640x960.jpeg\" alt=\"objets vintage buffet deco eclectique platine vinyle buste globe terrestre affiches encadr&eacute;es personnalit&eacute;\" data-id=\"56539\" data-link=\"https:\/\/www.cocondedecoration.com\/blog\/?attachment_id=56539\" class=\"wp-image-56539\" srcset=\"https:\/\/www.cocondedecoration.com\/blog\/wp-content\/uploads\/2023\/01\/objets-vintage-buffet-deco-eclectique-2-640x960.jpeg 640w, https:\/\/www.cocondedecoration.com\/blog\/wp-content\/uploads\/2023\/01\/objets-vintage-buffet-deco-eclectique-2-260x390.jpeg 260w, https:\/\/www.cocondedecoration.com\/blog\/wp-content\/uploads\/2023\/01\/objets-vintage-buffet-deco-eclectique-2-768x1152.jpeg 768w, https:\/\/www.cocondedecoration.com\/blog\/wp-content\/uploads\/2023\/01\/objets-vintage-buffet-deco-eclectique-2-367x550.jpeg 367w, https:\/\/www.cocondedecoration.com\/blog\/wp-content\/uploads\/2023\/01\/objets-vintage-buffet-deco-eclectique-2-333x500.jpeg 333w, https:\/\/www.cocondedecoration.com\/blog\/wp-content\/uploads\/2023\/01\/objets-vintage-buffet-deco-eclectique-2.jpeg 1000w\" sizes=\"(max-width: 640px) 100vw, 640px\" \/><figcaption>youtu.be\n<\/figcaption><\/figure><\/li><li class=\"blocks-gallery-item\"><figure><img loading=\"lazy\" decoding=\"async\" width=\"640\" height=\"960\" src=\"https:\/\/www.cocondedecoration.com\/blog\/wp-content\/uploads\/2023\/01\/objets-vintage-buffet-deco-eclectique-3-640x960.jpeg\" alt=\"objets vintage buffet deco eclectique lampe design ann&eacute;es 70 d&eacute;cor original meuble mid century modern m&eacute;lange des &eacute;poques et des style\" data-id=\"56540\" data-link=\"https:\/\/www.cocondedecoration.com\/blog\/?attachment_id=56540\" class=\"wp-image-56540\" srcset=\"https:\/\/www.cocondedecoration.com\/blog\/wp-content\/uploads\/2023\/01\/objets-vintage-buffet-deco-eclectique-3-640x960.jpeg 640w, https:\/\/www.cocondedecoration.com\/blog\/wp-content\/uploads\/2023\/01\/objets-vintage-buffet-deco-eclectique-3-260x390.jpeg 260w, https:\/\/www.cocondedecoration.com\/blog\/wp-content\/uploads\/2023\/01\/objets-vintage-buffet-deco-eclectique-3-768x1152.jpeg 768w, https:\/\/www.cocondedecoration.com\/blog\/wp-content\/uploads\/2023\/01\/objets-vintage-buffet-deco-eclectique-3-367x550.jpeg 367w, https:\/\/www.cocondedecoration.com\/blog\/wp-content\/uploads\/2023\/01\/objets-vintage-buffet-deco-eclectique-3-333x500.jpeg 333w, https:\/\/www.cocondedecoration.com\/blog\/wp-content\/uploads\/2023\/01\/objets-vintage-buffet-deco-eclectique-3.jpeg 1000w\" sizes=\"(max-width: 640px) 100vw, 640px\" \/><figcaption>maison.20minutes.fr\n<\/figcaption><\/figure><\/li><\/ul><div class=\"wp-block-columns has-4-columns is-layout-flex wp-container-core-columns-layout-2 wp-block-columns-is-layout-flex\">\n<div class=\"wp-block-column is-layout-flow wp-block-column-is-layout-flow\">\n<figure class=\"wp-block-image\"><img loading=\"lazy\" decoding=\"async\" width=\"500\" height=\"500\" src=\"https:\/\/www.cocondedecoration.com\/blog\/wp-content\/uploads\/2023\/01\/objet-design-eclectique-a-poser-buffet-1.jpeg\" alt=\"objet design eclectique a poser buffet Lampe sans fil en acrylique orange 23 cm Panthella Portable V2 - Louis Poulsen\" class=\"wp-image-56557\" srcset=\"https:\/\/www.cocondedecoration.com\/blog\/wp-content\/uploads\/2023\/01\/objet-design-eclectique-a-poser-buffet-1.jpeg 500w, https:\/\/www.cocondedecoration.com\/blog\/wp-content\/uploads\/2023\/01\/objet-design-eclectique-a-poser-buffet-1-165x165.jpeg 165w, https:\/\/www.cocondedecoration.com\/blog\/wp-content\/uploads\/2023\/01\/objet-design-eclectique-a-poser-buffet-1-260x260.jpeg 260w, https:\/\/www.cocondedecoration.com\/blog\/wp-content\/uploads\/2023\/01\/objet-design-eclectique-a-poser-buffet-1-465x465.jpeg 465w\" sizes=\"(max-width: 500px) 100vw, 500px\" \/><figcaption><a href=\"https:\/\/fnty.co\/c\/r-VYbuRKab\" target=\"_blank\" rel=\"noreferrer noopener\" aria-label=\"Lampe sans fil Louis Poulsen (s&rsquo;ouvre dans un nouvel onglet)\">Lampe sans fil Louis Poulsen<\/a> - The Cool Republic<\/figcaption><\/figure><\/div>\n\n\n\n<div class=\"wp-block-column is-layout-flow wp-block-column-is-layout-flow\">\n<figure class=\"wp-block-image\"><img loading=\"lazy\" decoding=\"async\" width=\"500\" height=\"500\" src=\"https:\/\/www.cocondedecoration.com\/blog\/wp-content\/uploads\/2023\/01\/objet-design-eclectique-a-poser-buffet-2.jpeg\" alt=\"objet design eclectique a poser buffet Lampe &agrave; poser orange Eclisse - Artemide\" class=\"wp-image-56558\" srcset=\"https:\/\/www.cocondedecoration.com\/blog\/wp-content\/uploads\/2023\/01\/objet-design-eclectique-a-poser-buffet-2.jpeg 500w, https:\/\/www.cocondedecoration.com\/blog\/wp-content\/uploads\/2023\/01\/objet-design-eclectique-a-poser-buffet-2-165x165.jpeg 165w, https:\/\/www.cocondedecoration.com\/blog\/wp-content\/uploads\/2023\/01\/objet-design-eclectique-a-poser-buffet-2-260x260.jpeg 260w, https:\/\/www.cocondedecoration.com\/blog\/wp-content\/uploads\/2023\/01\/objet-design-eclectique-a-poser-buffet-2-465x465.jpeg 465w\" sizes=\"(max-width: 500px) 100vw, 500px\" \/><figcaption><a href=\"https:\/\/fnty.co\/c\/r-uRoERvwS\" target=\"_blank\" rel=\"noreferrer noopener\" aria-label=\"Lampe &agrave; poser orange Artemide (s&rsquo;ouvre dans un nouvel onglet)\">Lampe &agrave; poser orange Artemide<\/a> - The Cool Republic<\/figcaption><\/figure><\/div>\n\n\n\n<div class=\"wp-block-column is-layout-flow wp-block-column-is-layout-flow\">\n<figure class=\"wp-block-image\"><img loading=\"lazy\" decoding=\"async\" width=\"500\" height=\"500\" src=\"https:\/\/www.cocondedecoration.com\/blog\/wp-content\/uploads\/2023\/01\/objets-decoratifs-vintage-pas-cher-1.jpeg\" alt=\"objets decoratifs vintage pas cher Vase en porcelaine rose et bleue H20\" class=\"wp-image-56579\" srcset=\"https:\/\/www.cocondedecoration.com\/blog\/wp-content\/uploads\/2023\/01\/objets-decoratifs-vintage-pas-cher-1.jpeg 500w, https:\/\/www.cocondedecoration.com\/blog\/wp-content\/uploads\/2023\/01\/objets-decoratifs-vintage-pas-cher-1-165x165.jpeg 165w, https:\/\/www.cocondedecoration.com\/blog\/wp-content\/uploads\/2023\/01\/objets-decoratifs-vintage-pas-cher-1-260x260.jpeg 260w, https:\/\/www.cocondedecoration.com\/blog\/wp-content\/uploads\/2023\/01\/objets-decoratifs-vintage-pas-cher-1-465x465.jpeg 465w\" sizes=\"(max-width: 500px) 100vw, 500px\" \/><figcaption><a href=\"https:\/\/fnty.co\/c\/r-wFwPrdlO\" target=\"_blank\" rel=\"noreferrer noopener\" aria-label=\"Vase en porcelaine rose et bleue  (s&rsquo;ouvre dans un nouvel onglet)\">Vase en porcelaine rose et bleue <\/a>- Maisons du Monde<\/figcaption><\/figure><\/div>\n\n\n\n<div class=\"wp-block-column is-layout-flow wp-block-column-is-layout-flow\">\n<figure class=\"wp-block-image\"><img loading=\"lazy\" decoding=\"async\" width=\"500\" height=\"500\" src=\"https:\/\/www.cocondedecoration.com\/blog\/wp-content\/uploads\/2023\/01\/objets-decoratifs-vintage-pas-cher-2.jpeg\" alt=\"objets decoratifs vintage pas cher Vase &agrave; facettes en verre marron H16\" class=\"wp-image-56580\" srcset=\"https:\/\/www.cocondedecoration.com\/blog\/wp-content\/uploads\/2023\/01\/objets-decoratifs-vintage-pas-cher-2.jpeg 500w, https:\/\/www.cocondedecoration.com\/blog\/wp-content\/uploads\/2023\/01\/objets-decoratifs-vintage-pas-cher-2-165x165.jpeg 165w, https:\/\/www.cocondedecoration.com\/blog\/wp-content\/uploads\/2023\/01\/objets-decoratifs-vintage-pas-cher-2-260x260.jpeg 260w, https:\/\/www.cocondedecoration.com\/blog\/wp-content\/uploads\/2023\/01\/objets-decoratifs-vintage-pas-cher-2-465x465.jpeg 465w\" sizes=\"(max-width: 500px) 100vw, 500px\" \/><figcaption><a href=\"https:\/\/fnty.co\/c\/r-TUtJzTAU\" target=\"_blank\" rel=\"noreferrer noopener\" aria-label=\"Vase &agrave; facettes en verre marron (s&rsquo;ouvre dans un nouvel onglet)\">Vase &agrave; facettes en verre marron<\/a> - Maisons du Monde<\/figcaption><\/figure><\/div>\n<\/div>\n\n\n\n<a name=\"toc-1\" style=\"text-decoration: none;\"><\/a><h2 class=\"wp-block-heading\">02 &bull; On mise sur l'originalit&eacute; avec des lampes &agrave; poser design et \/ ou color&eacute;es<\/h2>\n\n\n\n<p>Autre &eacute;l&eacute;ment que l'on trouve tr&egrave;s fr&eacute;quemment sur un buffet ou une enfilade, c'est la lampe &agrave; poser. Elle peut &ecirc;tre r&eacute;tro, color&eacute;e, originale. Alors que dans un style slow par exemple on va choisir des mat&eacute;riaux naturels, des couleurs neutres, ici, l'originalit&eacute; est de mise. Ce n'est pas au go&ucirc;t de tous, &ccedil;a, je peux facilement en convenir. Cependant, le style &eacute;clectique donne vraiment une importance toute particuli&egrave;re aux luminaires. Si vous &ecirc;tes un peu comme moi, je ne suis pas une fan des pieds de lampes alambiqu&eacute;s, je vous conseille de privil&eacute;gier la couleur. Elle mettra du peps sur votre meuble sans trop en faire. Elle donnera aussi une autre dimension &agrave; une (ou des) lampe(s) au design simple.  <br>Si vous cherchez une nouvelle lampe pour d&eacute;corer votre meuble, je vous conseille de lire cet article: <a href=\"https:\/\/www.cocondedecoration.com\/blog\/2022\/12\/choisir-lampe-a-poser-buffet\/\" target=\"_blank\" rel=\"noreferrer noopener\" aria-label=\"Conseils d&eacute;co | Comment choisir une lampe &agrave; poser pour le buffet?  (s&rsquo;ouvre dans un nouvel onglet)\">Conseils d&eacute;co | Comment choisir une lampe &agrave; poser pour le buffet? <\/a><\/p>\n\n\n\n<ul class=\"wp-block-gallery columns-3 is-cropped wp-block-gallery-2 is-layout-flex wp-block-gallery-is-layout-flex\"><li class=\"blocks-gallery-item\"><figure><img loading=\"lazy\" decoding=\"async\" width=\"640\" height=\"960\" src=\"https:\/\/www.cocondedecoration.com\/blog\/wp-content\/uploads\/2023\/01\/lampe-a-poser-originale-deco-buffet-eclectique-1-640x960.jpeg\" alt=\"lampe a poser originale deco buffet eclectique petite lampe bleu et blanche couleur pastel sym&eacute;trie\" data-id=\"56541\" data-link=\"https:\/\/www.cocondedecoration.com\/blog\/?attachment_id=56541\" class=\"wp-image-56541\" srcset=\"https:\/\/www.cocondedecoration.com\/blog\/wp-content\/uploads\/2023\/01\/lampe-a-poser-originale-deco-buffet-eclectique-1-640x960.jpeg 640w, https:\/\/www.cocondedecoration.com\/blog\/wp-content\/uploads\/2023\/01\/lampe-a-poser-originale-deco-buffet-eclectique-1-260x390.jpeg 260w, https:\/\/www.cocondedecoration.com\/blog\/wp-content\/uploads\/2023\/01\/lampe-a-poser-originale-deco-buffet-eclectique-1-768x1152.jpeg 768w, https:\/\/www.cocondedecoration.com\/blog\/wp-content\/uploads\/2023\/01\/lampe-a-poser-originale-deco-buffet-eclectique-1-367x550.jpeg 367w, https:\/\/www.cocondedecoration.com\/blog\/wp-content\/uploads\/2023\/01\/lampe-a-poser-originale-deco-buffet-eclectique-1-333x500.jpeg 333w, https:\/\/www.cocondedecoration.com\/blog\/wp-content\/uploads\/2023\/01\/lampe-a-poser-originale-deco-buffet-eclectique-1.jpeg 1000w\" sizes=\"(max-width: 640px) 100vw, 640px\" \/><figcaption>aboldnewhue.com\n<\/figcaption><\/figure><\/li><li class=\"blocks-gallery-item\"><figure><img loading=\"lazy\" decoding=\"async\" width=\"640\" height=\"960\" src=\"https:\/\/www.cocondedecoration.com\/blog\/wp-content\/uploads\/2023\/01\/lampe-a-poser-originale-deco-buffet-eclectique-2-640x960.jpeg\" alt=\"lampe a poser originale deco buffet eclectique pied color&eacute; en jaune abat-jour blanc contraste meuble fonc&eacute; design\" data-id=\"56542\" data-link=\"https:\/\/www.cocondedecoration.com\/blog\/?attachment_id=56542\" class=\"wp-image-56542\" srcset=\"https:\/\/www.cocondedecoration.com\/blog\/wp-content\/uploads\/2023\/01\/lampe-a-poser-originale-deco-buffet-eclectique-2-640x960.jpeg 640w, https:\/\/www.cocondedecoration.com\/blog\/wp-content\/uploads\/2023\/01\/lampe-a-poser-originale-deco-buffet-eclectique-2-260x390.jpeg 260w, https:\/\/www.cocondedecoration.com\/blog\/wp-content\/uploads\/2023\/01\/lampe-a-poser-originale-deco-buffet-eclectique-2-768x1152.jpeg 768w, https:\/\/www.cocondedecoration.com\/blog\/wp-content\/uploads\/2023\/01\/lampe-a-poser-originale-deco-buffet-eclectique-2-367x550.jpeg 367w, https:\/\/www.cocondedecoration.com\/blog\/wp-content\/uploads\/2023\/01\/lampe-a-poser-originale-deco-buffet-eclectique-2-333x500.jpeg 333w, https:\/\/www.cocondedecoration.com\/blog\/wp-content\/uploads\/2023\/01\/lampe-a-poser-originale-deco-buffet-eclectique-2.jpeg 1000w\" sizes=\"(max-width: 640px) 100vw, 640px\" \/><figcaption>thefoxandshe.com\n<\/figcaption><\/figure><\/li><li class=\"blocks-gallery-item\"><figure><img loading=\"lazy\" decoding=\"async\" width=\"640\" height=\"960\" src=\"https:\/\/www.cocondedecoration.com\/blog\/wp-content\/uploads\/2023\/01\/lampe-a-poser-originale-deco-buffet-eclectique-3-640x960.jpeg\" alt=\"lampe a poser originale deco buffet eclectique pied de lampe palmier laiton original meuble vintage mid century modern ann&eacute;es 50\" data-id=\"56543\" data-link=\"https:\/\/www.cocondedecoration.com\/blog\/?attachment_id=56543\" class=\"wp-image-56543\" srcset=\"https:\/\/www.cocondedecoration.com\/blog\/wp-content\/uploads\/2023\/01\/lampe-a-poser-originale-deco-buffet-eclectique-3-640x960.jpeg 640w, https:\/\/www.cocondedecoration.com\/blog\/wp-content\/uploads\/2023\/01\/lampe-a-poser-originale-deco-buffet-eclectique-3-260x390.jpeg 260w, https:\/\/www.cocondedecoration.com\/blog\/wp-content\/uploads\/2023\/01\/lampe-a-poser-originale-deco-buffet-eclectique-3-768x1152.jpeg 768w, https:\/\/www.cocondedecoration.com\/blog\/wp-content\/uploads\/2023\/01\/lampe-a-poser-originale-deco-buffet-eclectique-3-367x550.jpeg 367w, https:\/\/www.cocondedecoration.com\/blog\/wp-content\/uploads\/2023\/01\/lampe-a-poser-originale-deco-buffet-eclectique-3-333x500.jpeg 333w, https:\/\/www.cocondedecoration.com\/blog\/wp-content\/uploads\/2023\/01\/lampe-a-poser-originale-deco-buffet-eclectique-3.jpeg 1000w\" sizes=\"(max-width: 640px) 100vw, 640px\" \/><figcaption>swoonworthy.co.uk\n<\/figcaption><\/figure><\/li><\/ul><div class=\"wp-block-columns has-4-columns is-layout-flex wp-container-core-columns-layout-3 wp-block-columns-is-layout-flex\">\n<div class=\"wp-block-column is-layout-flow wp-block-column-is-layout-flow\">\n<figure class=\"wp-block-image\"><img loading=\"lazy\" decoding=\"async\" width=\"500\" height=\"500\" src=\"https:\/\/www.cocondedecoration.com\/blog\/wp-content\/uploads\/2023\/01\/objet-design-eclectique-a-poser-buffet-3.jpeg\" alt=\"objet design eclectique a poser buffet Lampe en c&eacute;ramique bleue et abat-jour en coton beige 40,5 cm\" class=\"wp-image-56559\" srcset=\"https:\/\/www.cocondedecoration.com\/blog\/wp-content\/uploads\/2023\/01\/objet-design-eclectique-a-poser-buffet-3.jpeg 500w, https:\/\/www.cocondedecoration.com\/blog\/wp-content\/uploads\/2023\/01\/objet-design-eclectique-a-poser-buffet-3-165x165.jpeg 165w, https:\/\/www.cocondedecoration.com\/blog\/wp-content\/uploads\/2023\/01\/objet-design-eclectique-a-poser-buffet-3-260x260.jpeg 260w, https:\/\/www.cocondedecoration.com\/blog\/wp-content\/uploads\/2023\/01\/objet-design-eclectique-a-poser-buffet-3-465x465.jpeg 465w\" sizes=\"(max-width: 500px) 100vw, 500px\" \/><figcaption><a href=\"https:\/\/fnty.co\/c\/r-ZWMEWeIW\" target=\"_blank\" rel=\"noreferrer noopener\" aria-label=\"Lampe en c&eacute;ramique bleue (s&rsquo;ouvre dans un nouvel onglet)\">Lampe en c&eacute;ramique bleue<\/a> - The Cool Republic<\/figcaption><\/figure><\/div>\n\n\n\n<div class=\"wp-block-column is-layout-flow wp-block-column-is-layout-flow\">\n<figure class=\"wp-block-image\"><img loading=\"lazy\" decoding=\"async\" width=\"500\" height=\"500\" src=\"https:\/\/www.cocondedecoration.com\/blog\/wp-content\/uploads\/2023\/01\/objet-design-eclectique-a-poser-buffet-4.jpeg\" alt=\"objet design eclectique a poser buffet Lampe &agrave; poser rouge Christmas Edition 2022 Nessino - Artemide\" class=\"wp-image-56560\" srcset=\"https:\/\/www.cocondedecoration.com\/blog\/wp-content\/uploads\/2023\/01\/objet-design-eclectique-a-poser-buffet-4.jpeg 500w, https:\/\/www.cocondedecoration.com\/blog\/wp-content\/uploads\/2023\/01\/objet-design-eclectique-a-poser-buffet-4-165x165.jpeg 165w, https:\/\/www.cocondedecoration.com\/blog\/wp-content\/uploads\/2023\/01\/objet-design-eclectique-a-poser-buffet-4-260x260.jpeg 260w, https:\/\/www.cocondedecoration.com\/blog\/wp-content\/uploads\/2023\/01\/objet-design-eclectique-a-poser-buffet-4-465x465.jpeg 465w\" sizes=\"(max-width: 500px) 100vw, 500px\" \/><figcaption><a href=\"https:\/\/fnty.co\/c\/r-EKnMuDkx\" target=\"_blank\" rel=\"noreferrer noopener\" aria-label=\"Lampe &agrave; poser Edition 2022  (s&rsquo;ouvre dans un nouvel onglet)\">Lampe &agrave; poser Edition 2022 <\/a>- The Cool Republic<\/figcaption><\/figure><\/div>\n\n\n\n<div class=\"wp-block-column is-layout-flow wp-block-column-is-layout-flow\">\n<figure class=\"wp-block-image\"><img loading=\"lazy\" decoding=\"async\" width=\"500\" height=\"500\" src=\"https:\/\/www.cocondedecoration.com\/blog\/wp-content\/uploads\/2023\/01\/objets-decoratifs-vintage-pas-cher-3.jpeg\" alt=\"objets decoratifs vintage pas cher Vase en argile blanche et bleue H42\" class=\"wp-image-56581\" srcset=\"https:\/\/www.cocondedecoration.com\/blog\/wp-content\/uploads\/2023\/01\/objets-decoratifs-vintage-pas-cher-3.jpeg 500w, https:\/\/www.cocondedecoration.com\/blog\/wp-content\/uploads\/2023\/01\/objets-decoratifs-vintage-pas-cher-3-165x165.jpeg 165w, https:\/\/www.cocondedecoration.com\/blog\/wp-content\/uploads\/2023\/01\/objets-decoratifs-vintage-pas-cher-3-260x260.jpeg 260w, https:\/\/www.cocondedecoration.com\/blog\/wp-content\/uploads\/2023\/01\/objets-decoratifs-vintage-pas-cher-3-465x465.jpeg 465w\" sizes=\"(max-width: 500px) 100vw, 500px\" \/><figcaption><a href=\"https:\/\/fnty.co\/c\/r-txacSFND\" target=\"_blank\" rel=\"noreferrer noopener\" aria-label=\"Vase en argile blanche et bleue (s&rsquo;ouvre dans un nouvel onglet)\">Vase en argile blanche et bleue<\/a> - Maisons du Monde<\/figcaption><\/figure><\/div>\n\n\n\n<div class=\"wp-block-column is-layout-flow wp-block-column-is-layout-flow\">\n<figure class=\"wp-block-image\"><img loading=\"lazy\" decoding=\"async\" width=\"500\" height=\"500\" src=\"https:\/\/www.cocondedecoration.com\/blog\/wp-content\/uploads\/2023\/01\/objets-decoratifs-vintage-pas-cher-4.jpeg\" alt=\"objets decoratifs vintage pas cher Lampe en c&eacute;ramique &eacute;crue et abat-jour rouge brique\" class=\"wp-image-56582\" srcset=\"https:\/\/www.cocondedecoration.com\/blog\/wp-content\/uploads\/2023\/01\/objets-decoratifs-vintage-pas-cher-4.jpeg 500w, https:\/\/www.cocondedecoration.com\/blog\/wp-content\/uploads\/2023\/01\/objets-decoratifs-vintage-pas-cher-4-165x165.jpeg 165w, https:\/\/www.cocondedecoration.com\/blog\/wp-content\/uploads\/2023\/01\/objets-decoratifs-vintage-pas-cher-4-260x260.jpeg 260w, https:\/\/www.cocondedecoration.com\/blog\/wp-content\/uploads\/2023\/01\/objets-decoratifs-vintage-pas-cher-4-465x465.jpeg 465w\" sizes=\"(max-width: 500px) 100vw, 500px\" \/><figcaption><a href=\"https:\/\/fnty.co\/c\/r-NoShAwFn\" target=\"_blank\" rel=\"noreferrer noopener\" aria-label=\"Lampe en c&eacute;ramique &eacute;crue et rouge (s&rsquo;ouvre dans un nouvel onglet)\">Lampe en c&eacute;ramique &eacute;crue et rouge<\/a> - Maisons du Monde<\/figcaption><\/figure><\/div>\n<\/div>\n\n\n\n<a name=\"toc-2\" style=\"text-decoration: none;\"><\/a><h2 class=\"wp-block-heading\">03 &bull; Des photos, tableaux, affiches aux origines diverses<\/h2>\n\n\n\n<p>Au dessus d'un meuble bas, il est fr&eacute;quent de trouver des cadres. Soit ils sont pos&eacute;s directement sur le meuble (pratique quand on ne souhaite pas percer les murs), soit ils sont accroch&eacute;s au dessus du meuble. Dans une d&eacute;marche &eacute;clectique, la disposition en patchwork est souvent privil&eacute;gi&eacute;e. Il contribue &agrave; cette id&eacute;e de m&eacute;lange propre &agrave; l'&eacute;clectisme. On trouve de tout: des portraits dans <a href=\"https:\/\/www.cocondedecoration.com\/blog\/2022\/12\/tendances-deco-2023\/\" target=\"_blank\" rel=\"noreferrer noopener\" aria-label=\"le style Grandmillenial (s&rsquo;ouvre dans un nouvel onglet)\">le style Grandmillenial<\/a>, des affiches illustr&eacute;es, des affiches de films ou vintage, des photos de famille... C'est une mani&egrave;re par exemple de <a rel=\"noreferrer noopener\" aria-label=\"faire r&eacute;f&eacute;rence &agrave; l'art dans sa d&eacute;co (s&rsquo;ouvre dans un nouvel onglet)\" href=\"https:\/\/www.cocondedecoration.com\/blog\/2022\/10\/comment-mettre-art-decoration\/\" target=\"_blank\">faire r&eacute;f&eacute;rence &agrave; l'art dans sa d&eacute;co<\/a>. Pour mettre en valeur vos diff&eacute;rents &eacute;l&eacute;ments muraux, vous pouvez bien entendu jouer les diff&eacute;rents types d'encadrements (un cadre couleur laiton ancien va &ecirc;tre juxtapos&eacute; &agrave; un cadre noir, sobre et moderne sans soucis). On peut aussi compter sur <a rel=\"noreferrer noopener\" aria-label=\"les passe-partout (s&rsquo;ouvre dans un nouvel onglet)\" href=\"https:\/\/www.cocondedecoration.com\/blog\/2023\/01\/passe-partout-cadre-decoration-murale\/\" target=\"_blank\">les passe-partout<\/a> qui ont pour vocation de mettre en valeur l'image qui se trouve au centre du cadre. <\/p>\n\n\n\n<ul class=\"wp-block-gallery columns-3 is-cropped wp-block-gallery-3 is-layout-flex wp-block-gallery-is-layout-flex\"><li class=\"blocks-gallery-item\"><figure><img loading=\"lazy\" decoding=\"async\" width=\"640\" height=\"960\" src=\"https:\/\/www.cocondedecoration.com\/blog\/wp-content\/uploads\/2023\/01\/decor-mural-dessus-buffet-eclectique-1-640x960.jpeg\" alt=\"decor mural dessus buffet eclectique sans percer pos&eacute; sur meuble affiche tableau noir et blanc encadr&eacute;\" data-id=\"56544\" data-link=\"https:\/\/www.cocondedecoration.com\/blog\/?attachment_id=56544\" class=\"wp-image-56544\" srcset=\"https:\/\/www.cocondedecoration.com\/blog\/wp-content\/uploads\/2023\/01\/decor-mural-dessus-buffet-eclectique-1-640x960.jpeg 640w, https:\/\/www.cocondedecoration.com\/blog\/wp-content\/uploads\/2023\/01\/decor-mural-dessus-buffet-eclectique-1-260x390.jpeg 260w, https:\/\/www.cocondedecoration.com\/blog\/wp-content\/uploads\/2023\/01\/decor-mural-dessus-buffet-eclectique-1-768x1152.jpeg 768w, https:\/\/www.cocondedecoration.com\/blog\/wp-content\/uploads\/2023\/01\/decor-mural-dessus-buffet-eclectique-1-367x550.jpeg 367w, https:\/\/www.cocondedecoration.com\/blog\/wp-content\/uploads\/2023\/01\/decor-mural-dessus-buffet-eclectique-1-333x500.jpeg 333w, https:\/\/www.cocondedecoration.com\/blog\/wp-content\/uploads\/2023\/01\/decor-mural-dessus-buffet-eclectique-1.jpeg 1000w\" sizes=\"(max-width: 640px) 100vw, 640px\" \/><figcaption>lindsayletters.com\n<\/figcaption><\/figure><\/li><li class=\"blocks-gallery-item\"><figure><img loading=\"lazy\" decoding=\"async\" width=\"640\" height=\"960\" src=\"https:\/\/www.cocondedecoration.com\/blog\/wp-content\/uploads\/2023\/01\/decor-mural-dessus-buffet-eclectique-2-640x960.jpeg\" alt=\"decor mural dessus buffet eclectique affiche poster pos&eacute; et accroch&eacute; meuble vintage en bois vitrine\" data-id=\"56545\" data-link=\"https:\/\/www.cocondedecoration.com\/blog\/?attachment_id=56545\" class=\"wp-image-56545\" srcset=\"https:\/\/www.cocondedecoration.com\/blog\/wp-content\/uploads\/2023\/01\/decor-mural-dessus-buffet-eclectique-2-640x960.jpeg 640w, https:\/\/www.cocondedecoration.com\/blog\/wp-content\/uploads\/2023\/01\/decor-mural-dessus-buffet-eclectique-2-260x390.jpeg 260w, https:\/\/www.cocondedecoration.com\/blog\/wp-content\/uploads\/2023\/01\/decor-mural-dessus-buffet-eclectique-2-768x1152.jpeg 768w, https:\/\/www.cocondedecoration.com\/blog\/wp-content\/uploads\/2023\/01\/decor-mural-dessus-buffet-eclectique-2-367x550.jpeg 367w, https:\/\/www.cocondedecoration.com\/blog\/wp-content\/uploads\/2023\/01\/decor-mural-dessus-buffet-eclectique-2-333x500.jpeg 333w, https:\/\/www.cocondedecoration.com\/blog\/wp-content\/uploads\/2023\/01\/decor-mural-dessus-buffet-eclectique-2.jpeg 1000w\" sizes=\"(max-width: 640px) 100vw, 640px\" \/><figcaption>Faro' L via Pinterest<\/figcaption><\/figure><\/li><li class=\"blocks-gallery-item\"><figure><img loading=\"lazy\" decoding=\"async\" width=\"640\" height=\"960\" src=\"https:\/\/www.cocondedecoration.com\/blog\/wp-content\/uploads\/2023\/01\/decor-mural-dessus-buffet-eclectique-3-640x960.jpeg\" alt=\"decor mural dessus buffet eclectique tableau illustration peinture portrait origine diverses\" data-id=\"56546\" data-link=\"https:\/\/www.cocondedecoration.com\/blog\/?attachment_id=56546\" class=\"wp-image-56546\" srcset=\"https:\/\/www.cocondedecoration.com\/blog\/wp-content\/uploads\/2023\/01\/decor-mural-dessus-buffet-eclectique-3-640x960.jpeg 640w, https:\/\/www.cocondedecoration.com\/blog\/wp-content\/uploads\/2023\/01\/decor-mural-dessus-buffet-eclectique-3-260x390.jpeg 260w, https:\/\/www.cocondedecoration.com\/blog\/wp-content\/uploads\/2023\/01\/decor-mural-dessus-buffet-eclectique-3-768x1152.jpeg 768w, https:\/\/www.cocondedecoration.com\/blog\/wp-content\/uploads\/2023\/01\/decor-mural-dessus-buffet-eclectique-3-367x550.jpeg 367w, https:\/\/www.cocondedecoration.com\/blog\/wp-content\/uploads\/2023\/01\/decor-mural-dessus-buffet-eclectique-3-333x500.jpeg 333w, https:\/\/www.cocondedecoration.com\/blog\/wp-content\/uploads\/2023\/01\/decor-mural-dessus-buffet-eclectique-3.jpeg 1000w\" sizes=\"(max-width: 640px) 100vw, 640px\" \/><figcaption>delisse.fr\n<\/figcaption><\/figure><\/li><\/ul><div class=\"wp-block-columns has-4-columns is-layout-flex wp-container-core-columns-layout-4 wp-block-columns-is-layout-flex\">\n<div class=\"wp-block-column is-layout-flow wp-block-column-is-layout-flow\">\n<figure class=\"wp-block-image\"><img loading=\"lazy\" decoding=\"async\" width=\"500\" height=\"500\" src=\"https:\/\/www.cocondedecoration.com\/blog\/wp-content\/uploads\/2023\/01\/objet-design-eclectique-a-poser-buffet-5.jpeg\" alt=\"objet design eclectique a poser buffet Cadre photo ovale lilas Braid\" class=\"wp-image-56561\" srcset=\"https:\/\/www.cocondedecoration.com\/blog\/wp-content\/uploads\/2023\/01\/objet-design-eclectique-a-poser-buffet-5.jpeg 500w, https:\/\/www.cocondedecoration.com\/blog\/wp-content\/uploads\/2023\/01\/objet-design-eclectique-a-poser-buffet-5-165x165.jpeg 165w, https:\/\/www.cocondedecoration.com\/blog\/wp-content\/uploads\/2023\/01\/objet-design-eclectique-a-poser-buffet-5-260x260.jpeg 260w, https:\/\/www.cocondedecoration.com\/blog\/wp-content\/uploads\/2023\/01\/objet-design-eclectique-a-poser-buffet-5-465x465.jpeg 465w\" sizes=\"(max-width: 500px) 100vw, 500px\" \/><figcaption><a href=\"https:\/\/fnty.co\/c\/r-sFofPHpM\" target=\"_blank\" rel=\"noreferrer noopener\" aria-label=\"Cadre photo ovale lilas Braid (s&rsquo;ouvre dans un nouvel onglet)\">Cadre photo ovale lilas Braid<\/a> - The Cool Republic<\/figcaption><\/figure><\/div>\n\n\n\n<div class=\"wp-block-column is-layout-flow wp-block-column-is-layout-flow\">\n<figure class=\"wp-block-image\"><img loading=\"lazy\" decoding=\"async\" width=\"500\" height=\"500\" src=\"https:\/\/www.cocondedecoration.com\/blog\/wp-content\/uploads\/2023\/01\/objet-design-eclectique-a-poser-buffet-6.jpeg\" alt=\"objet design eclectique a poser buffet Bol finition laiton - House Doctor\" class=\"wp-image-56562\" srcset=\"https:\/\/www.cocondedecoration.com\/blog\/wp-content\/uploads\/2023\/01\/objet-design-eclectique-a-poser-buffet-6.jpeg 500w, https:\/\/www.cocondedecoration.com\/blog\/wp-content\/uploads\/2023\/01\/objet-design-eclectique-a-poser-buffet-6-165x165.jpeg 165w, https:\/\/www.cocondedecoration.com\/blog\/wp-content\/uploads\/2023\/01\/objet-design-eclectique-a-poser-buffet-6-260x260.jpeg 260w, https:\/\/www.cocondedecoration.com\/blog\/wp-content\/uploads\/2023\/01\/objet-design-eclectique-a-poser-buffet-6-465x465.jpeg 465w\" sizes=\"(max-width: 500px) 100vw, 500px\" \/><figcaption><a href=\"https:\/\/fnty.co\/c\/r-KJoiyIbG\" target=\"_blank\" rel=\"noreferrer noopener\" aria-label=\"Bol finition laiton (s&rsquo;ouvre dans un nouvel onglet)\">Bol finition laiton<\/a> - The Cool Republic<\/figcaption><\/figure><\/div>\n\n\n\n<div class=\"wp-block-column is-layout-flow wp-block-column-is-layout-flow\">\n<figure class=\"wp-block-image\"><img loading=\"lazy\" decoding=\"async\" width=\"500\" height=\"500\" src=\"https:\/\/www.cocondedecoration.com\/blog\/wp-content\/uploads\/2023\/01\/objets-decoratifs-vintage-pas-cher-5.jpeg\" alt=\"objets decoratifs vintage pas cher Lampe en h&eacute;v&eacute;a et abat-jour en m&eacute;tal noir\" class=\"wp-image-56583\" srcset=\"https:\/\/www.cocondedecoration.com\/blog\/wp-content\/uploads\/2023\/01\/objets-decoratifs-vintage-pas-cher-5.jpeg 500w, https:\/\/www.cocondedecoration.com\/blog\/wp-content\/uploads\/2023\/01\/objets-decoratifs-vintage-pas-cher-5-165x165.jpeg 165w, https:\/\/www.cocondedecoration.com\/blog\/wp-content\/uploads\/2023\/01\/objets-decoratifs-vintage-pas-cher-5-260x260.jpeg 260w, https:\/\/www.cocondedecoration.com\/blog\/wp-content\/uploads\/2023\/01\/objets-decoratifs-vintage-pas-cher-5-465x465.jpeg 465w\" sizes=\"(max-width: 500px) 100vw, 500px\" \/><figcaption><a href=\"https:\/\/fnty.co\/c\/r-mYpeAshY\" target=\"_blank\" rel=\"noreferrer noopener\" aria-label=\"Lampe en h&eacute;v&eacute;a et abat-jour en m&eacute;tal noir (s&rsquo;ouvre dans un nouvel onglet)\">Lampe en h&eacute;v&eacute;a et abat-jour en m&eacute;tal noir<\/a> - Maisons du Monde<\/figcaption><\/figure><\/div>\n\n\n\n<div class=\"wp-block-column is-layout-flow wp-block-column-is-layout-flow\">\n<figure class=\"wp-block-image\"><img loading=\"lazy\" decoding=\"async\" width=\"500\" height=\"500\" src=\"https:\/\/www.cocondedecoration.com\/blog\/wp-content\/uploads\/2023\/01\/objets-decoratifs-vintage-pas-cher-6.jpeg\" alt=\"objets decoratifs vintage pas cher Lampe 6 globes en verre et m&eacute;tal dor&eacute;\" class=\"wp-image-56584\" srcset=\"https:\/\/www.cocondedecoration.com\/blog\/wp-content\/uploads\/2023\/01\/objets-decoratifs-vintage-pas-cher-6.jpeg 500w, https:\/\/www.cocondedecoration.com\/blog\/wp-content\/uploads\/2023\/01\/objets-decoratifs-vintage-pas-cher-6-165x165.jpeg 165w, https:\/\/www.cocondedecoration.com\/blog\/wp-content\/uploads\/2023\/01\/objets-decoratifs-vintage-pas-cher-6-260x260.jpeg 260w, https:\/\/www.cocondedecoration.com\/blog\/wp-content\/uploads\/2023\/01\/objets-decoratifs-vintage-pas-cher-6-465x465.jpeg 465w\" sizes=\"(max-width: 500px) 100vw, 500px\" \/><figcaption><a href=\"https:\/\/fnty.co\/c\/r-nxYWIzBU\" target=\"_blank\" rel=\"noreferrer noopener\" aria-label=\"Lampe 6 globes en verre et m&eacute;tal dor&eacute; (s&rsquo;ouvre dans un nouvel onglet)\">Lampe 6 globes en verre et m&eacute;tal dor&eacute;<\/a> - Maisons du Monde<\/figcaption><\/figure><\/div>\n<\/div>\n\n\n\n<a name=\"toc-3\" style=\"text-decoration: none;\"><\/a><h2 class=\"wp-block-heading\">04 &bull; Vases et bougeoirs pour donner une autre dimension au dessus du meuble<\/h2>\n\n\n\n<p>Tout n'est pas plat au dessus d'un meuble. C'est d'ailleurs ce sentiment qu'on cherche &agrave; &eacute;viter quand on entreprend de d&eacute;corer le dessus d'une enfilade. On a d&eacute;j&agrave; vu les lampes un peu plus haut qui permettent de travailler une certaine verticalit&eacute;. On peut aussi compter sur <a rel=\"noreferrer noopener\" aria-label=\"les vases (s&rsquo;ouvre dans un nouvel onglet)\" href=\"https:\/\/www.cocondedecoration.com\/blog\/2020\/12\/ou-trouver-jolis-vases\/\" target=\"_blank\">les vases<\/a> et les bougeoirs. Le vase n'est pas n&eacute;cessairement rempli de fleurs, la bougie sur le bougeoir n'a pas n&eacute;cessairement vocation &agrave; &ecirc;tre allum&eacute;e. On est plus int&eacute;ress&eacute;(e) ici par l'esth&eacute;tisme de l'objet. On peut jouer la carte du maximalisme et de l'accumulation si on le souhaite. Cela permet de travailler les mat&eacute;riaux et les couleurs et par cons&eacute;quent apporter une vitalit&eacute; toute singuli&egrave;re sur le dessus du meuble. Si vous aimez l'ancien m&ecirc;l&eacute; au moderne, <a rel=\"noreferrer noopener\" aria-label=\"le verre (s&rsquo;ouvre dans un nouvel onglet)\" href=\"https:\/\/www.cocondedecoration.com\/blog\/2022\/11\/decoration-interieure-materiau-verre\/\" target=\"_blank\">le verre<\/a> est int&eacute;ressant. Il revient de plus en plus dans nos int&eacute;rieurs et se teinte de couleur. Ce mat&eacute;riau est souvent utilis&eacute; pour les vases mais aussi pour les bougeoirs. Il est aussi synonyme d'&eacute;l&eacute;gance. <\/p>\n\n\n\n<ul class=\"wp-block-gallery columns-3 is-cropped wp-block-gallery-4 is-layout-flex wp-block-gallery-is-layout-flex\"><li class=\"blocks-gallery-item\"><figure><img loading=\"lazy\" decoding=\"async\" width=\"640\" height=\"960\" src=\"https:\/\/www.cocondedecoration.com\/blog\/wp-content\/uploads\/2023\/01\/vases-et-bougeoirs-deco-meuble-style-eclectique-1-640x960.jpeg\" alt=\"vases et bougeoirs deco meuble style eclectique original design details d&eacute;coratifs\" data-id=\"56547\" data-link=\"https:\/\/www.cocondedecoration.com\/blog\/?attachment_id=56547\" class=\"wp-image-56547\" srcset=\"https:\/\/www.cocondedecoration.com\/blog\/wp-content\/uploads\/2023\/01\/vases-et-bougeoirs-deco-meuble-style-eclectique-1-640x960.jpeg 640w, https:\/\/www.cocondedecoration.com\/blog\/wp-content\/uploads\/2023\/01\/vases-et-bougeoirs-deco-meuble-style-eclectique-1-260x390.jpeg 260w, https:\/\/www.cocondedecoration.com\/blog\/wp-content\/uploads\/2023\/01\/vases-et-bougeoirs-deco-meuble-style-eclectique-1-768x1152.jpeg 768w, https:\/\/www.cocondedecoration.com\/blog\/wp-content\/uploads\/2023\/01\/vases-et-bougeoirs-deco-meuble-style-eclectique-1-367x550.jpeg 367w, https:\/\/www.cocondedecoration.com\/blog\/wp-content\/uploads\/2023\/01\/vases-et-bougeoirs-deco-meuble-style-eclectique-1-333x500.jpeg 333w, https:\/\/www.cocondedecoration.com\/blog\/wp-content\/uploads\/2023\/01\/vases-et-bougeoirs-deco-meuble-style-eclectique-1.jpeg 1000w\" sizes=\"(max-width: 640px) 100vw, 640px\" \/><figcaption>thefoxandshe.com\n<\/figcaption><\/figure><\/li><li class=\"blocks-gallery-item\"><figure><img loading=\"lazy\" decoding=\"async\" width=\"640\" height=\"960\" src=\"https:\/\/www.cocondedecoration.com\/blog\/wp-content\/uploads\/2023\/01\/vases-et-bougeoirs-deco-meuble-style-eclectique-2-640x960.jpeg\" alt=\"vases et bougeoirs deco meuble style eclectique couleur verre objets d&eacute;coratifs originaux\" data-id=\"56548\" data-link=\"https:\/\/www.cocondedecoration.com\/blog\/?attachment_id=56548\" class=\"wp-image-56548\" srcset=\"https:\/\/www.cocondedecoration.com\/blog\/wp-content\/uploads\/2023\/01\/vases-et-bougeoirs-deco-meuble-style-eclectique-2-640x960.jpeg 640w, https:\/\/www.cocondedecoration.com\/blog\/wp-content\/uploads\/2023\/01\/vases-et-bougeoirs-deco-meuble-style-eclectique-2-260x390.jpeg 260w, https:\/\/www.cocondedecoration.com\/blog\/wp-content\/uploads\/2023\/01\/vases-et-bougeoirs-deco-meuble-style-eclectique-2-768x1152.jpeg 768w, https:\/\/www.cocondedecoration.com\/blog\/wp-content\/uploads\/2023\/01\/vases-et-bougeoirs-deco-meuble-style-eclectique-2-367x550.jpeg 367w, https:\/\/www.cocondedecoration.com\/blog\/wp-content\/uploads\/2023\/01\/vases-et-bougeoirs-deco-meuble-style-eclectique-2-333x500.jpeg 333w, https:\/\/www.cocondedecoration.com\/blog\/wp-content\/uploads\/2023\/01\/vases-et-bougeoirs-deco-meuble-style-eclectique-2.jpeg 1000w\" sizes=\"(max-width: 640px) 100vw, 640px\" \/><figcaption>clemaroundthecorner.com\n<\/figcaption><\/figure><\/li><li class=\"blocks-gallery-item\"><figure><img loading=\"lazy\" decoding=\"async\" width=\"640\" height=\"960\" src=\"https:\/\/www.cocondedecoration.com\/blog\/wp-content\/uploads\/2023\/01\/vases-et-bougeoirs-deco-meuble-style-eclectique-3-640x960.jpeg\" alt=\"vases et bougeoirs deco meuble style eclectique accumulation objets d&eacute;coratifs originaux maximalisme\" data-id=\"56549\" data-link=\"https:\/\/www.cocondedecoration.com\/blog\/?attachment_id=56549\" class=\"wp-image-56549\" srcset=\"https:\/\/www.cocondedecoration.com\/blog\/wp-content\/uploads\/2023\/01\/vases-et-bougeoirs-deco-meuble-style-eclectique-3-640x960.jpeg 640w, https:\/\/www.cocondedecoration.com\/blog\/wp-content\/uploads\/2023\/01\/vases-et-bougeoirs-deco-meuble-style-eclectique-3-260x390.jpeg 260w, https:\/\/www.cocondedecoration.com\/blog\/wp-content\/uploads\/2023\/01\/vases-et-bougeoirs-deco-meuble-style-eclectique-3-768x1152.jpeg 768w, https:\/\/www.cocondedecoration.com\/blog\/wp-content\/uploads\/2023\/01\/vases-et-bougeoirs-deco-meuble-style-eclectique-3-367x550.jpeg 367w, https:\/\/www.cocondedecoration.com\/blog\/wp-content\/uploads\/2023\/01\/vases-et-bougeoirs-deco-meuble-style-eclectique-3-333x500.jpeg 333w, https:\/\/www.cocondedecoration.com\/blog\/wp-content\/uploads\/2023\/01\/vases-et-bougeoirs-deco-meuble-style-eclectique-3.jpeg 1000w\" sizes=\"(max-width: 640px) 100vw, 640px\" \/><figcaption>flamingotoes.com\n<\/figcaption><\/figure><\/li><\/ul><div class=\"wp-block-columns has-4-columns is-layout-flex wp-container-core-columns-layout-5 wp-block-columns-is-layout-flex\">\n<div class=\"wp-block-column is-layout-flow wp-block-column-is-layout-flow\">\n<figure class=\"wp-block-image\"><img loading=\"lazy\" decoding=\"async\" width=\"500\" height=\"500\" src=\"https:\/\/www.cocondedecoration.com\/blog\/wp-content\/uploads\/2023\/01\/objet-design-eclectique-a-poser-buffet-7.jpeg\" alt=\"objet design eclectique a poser buffet Vide poche en marbre blanc Alza - Ferm Living\" class=\"wp-image-56563\" srcset=\"https:\/\/www.cocondedecoration.com\/blog\/wp-content\/uploads\/2023\/01\/objet-design-eclectique-a-poser-buffet-7.jpeg 500w, https:\/\/www.cocondedecoration.com\/blog\/wp-content\/uploads\/2023\/01\/objet-design-eclectique-a-poser-buffet-7-165x165.jpeg 165w, https:\/\/www.cocondedecoration.com\/blog\/wp-content\/uploads\/2023\/01\/objet-design-eclectique-a-poser-buffet-7-260x260.jpeg 260w, https:\/\/www.cocondedecoration.com\/blog\/wp-content\/uploads\/2023\/01\/objet-design-eclectique-a-poser-buffet-7-465x465.jpeg 465w\" sizes=\"(max-width: 500px) 100vw, 500px\" \/><figcaption><a href=\"https:\/\/fnty.co\/c\/r-Gaqwlapn\" target=\"_blank\" rel=\"noreferrer noopener\" aria-label=\"Vide poche en marbre blanc  (s&rsquo;ouvre dans un nouvel onglet)\">Vide poche en marbre blanc <\/a>- The Cool Republic<\/figcaption><\/figure><\/div>\n\n\n\n<div class=\"wp-block-column is-layout-flow wp-block-column-is-layout-flow\">\n<figure class=\"wp-block-image\"><img loading=\"lazy\" decoding=\"async\" width=\"500\" height=\"500\" src=\"https:\/\/www.cocondedecoration.com\/blog\/wp-content\/uploads\/2023\/01\/objet-design-eclectique-a-poser-buffet-8.jpeg\" alt=\"objet design eclectique a poser buffet Toile encadr&eacute;e Batman 50 x 75 cm\" class=\"wp-image-56564\" srcset=\"https:\/\/www.cocondedecoration.com\/blog\/wp-content\/uploads\/2023\/01\/objet-design-eclectique-a-poser-buffet-8.jpeg 500w, https:\/\/www.cocondedecoration.com\/blog\/wp-content\/uploads\/2023\/01\/objet-design-eclectique-a-poser-buffet-8-165x165.jpeg 165w, https:\/\/www.cocondedecoration.com\/blog\/wp-content\/uploads\/2023\/01\/objet-design-eclectique-a-poser-buffet-8-260x260.jpeg 260w, https:\/\/www.cocondedecoration.com\/blog\/wp-content\/uploads\/2023\/01\/objet-design-eclectique-a-poser-buffet-8-465x465.jpeg 465w\" sizes=\"(max-width: 500px) 100vw, 500px\" \/><figcaption><a href=\"https:\/\/fnty.co\/c\/r-mXJbOGSA\" target=\"_blank\" rel=\"noreferrer noopener\" aria-label=\"Toile encadr&eacute;e Batman (s&rsquo;ouvre dans un nouvel onglet)\">Toile encadr&eacute;e Batman<\/a> - The Cool Republic<\/figcaption><\/figure><\/div>\n\n\n\n<div class=\"wp-block-column is-layout-flow wp-block-column-is-layout-flow\">\n<figure class=\"wp-block-image\"><img loading=\"lazy\" decoding=\"async\" width=\"500\" height=\"500\" src=\"https:\/\/www.cocondedecoration.com\/blog\/wp-content\/uploads\/2023\/01\/objets-decoratifs-vintage-pas-cher-7.jpeg\" alt=\"objets decoratifs vintage pas cher Vase en verre vert H18\" class=\"wp-image-56585\" srcset=\"https:\/\/www.cocondedecoration.com\/blog\/wp-content\/uploads\/2023\/01\/objets-decoratifs-vintage-pas-cher-7.jpeg 500w, https:\/\/www.cocondedecoration.com\/blog\/wp-content\/uploads\/2023\/01\/objets-decoratifs-vintage-pas-cher-7-165x165.jpeg 165w, https:\/\/www.cocondedecoration.com\/blog\/wp-content\/uploads\/2023\/01\/objets-decoratifs-vintage-pas-cher-7-260x260.jpeg 260w, https:\/\/www.cocondedecoration.com\/blog\/wp-content\/uploads\/2023\/01\/objets-decoratifs-vintage-pas-cher-7-465x465.jpeg 465w\" sizes=\"(max-width: 500px) 100vw, 500px\" \/><figcaption><a href=\"https:\/\/fnty.co\/c\/r-xtLUdYBP\" target=\"_blank\" rel=\"noreferrer noopener\" aria-label=\"Vase en verre vert  (s&rsquo;ouvre dans un nouvel onglet)\">Vase en verre vert <\/a>- Maisons du Monde<\/figcaption><\/figure><\/div>\n\n\n\n<div class=\"wp-block-column is-layout-flow wp-block-column-is-layout-flow\">\n<figure class=\"wp-block-image\"><img loading=\"lazy\" decoding=\"async\" width=\"500\" height=\"500\" src=\"https:\/\/www.cocondedecoration.com\/blog\/wp-content\/uploads\/2023\/01\/objets-decoratifs-vintage-pas-cher-8.jpeg\" alt=\"objets decoratifs vintage pas cher Bougie parfum&eacute;e en verre bleu canard H7 100 g\" class=\"wp-image-56586\" srcset=\"https:\/\/www.cocondedecoration.com\/blog\/wp-content\/uploads\/2023\/01\/objets-decoratifs-vintage-pas-cher-8.jpeg 500w, https:\/\/www.cocondedecoration.com\/blog\/wp-content\/uploads\/2023\/01\/objets-decoratifs-vintage-pas-cher-8-165x165.jpeg 165w, https:\/\/www.cocondedecoration.com\/blog\/wp-content\/uploads\/2023\/01\/objets-decoratifs-vintage-pas-cher-8-260x260.jpeg 260w, https:\/\/www.cocondedecoration.com\/blog\/wp-content\/uploads\/2023\/01\/objets-decoratifs-vintage-pas-cher-8-465x465.jpeg 465w\" sizes=\"(max-width: 500px) 100vw, 500px\" \/><figcaption><a href=\"https:\/\/fnty.co\/c\/r-rSpydKBc\" target=\"_blank\" rel=\"noreferrer noopener\" aria-label=\"Bougie parfum&eacute;e en verre bleu canard (s&rsquo;ouvre dans un nouvel onglet)\">Bougie parfum&eacute;e en verre bleu canard<\/a> - Maisons du Monde<\/figcaption><\/figure><\/div>\n<\/div>\n\n\n\n<a name=\"toc-4\" style=\"text-decoration: none;\"><\/a><h2 class=\"wp-block-heading\">05 &bull; Des livres pour montrer discr&egrave;tement votre personnalit&eacute;<\/h2>\n\n\n\n<p>Le rangement des livres est une th&eacute;matique qui j'aborde r&eacute;guli&egrave;rement parce que j'en avais &eacute;norm&eacute;ment et partout quand je vivais en France. La lecture est une passion qui peut &ecirc;tre encombrante. C'est aussi une passion qui peut &ecirc;tre d&eacute;co. Le livre, quand il est pos&eacute; sur un meuble, devient un &eacute;l&eacute;ment d&eacute;coratif &agrave; part enti&egrave;re. Je l'ai d&eacute;j&agrave; &eacute;voqu&eacute; dans <a rel=\"noreferrer noopener\" aria-label=\"un article consacr&eacute; &agrave; la d&eacute;coration de la table basse (s&rsquo;ouvre dans un nouvel onglet)\" href=\"https:\/\/www.cocondedecoration.com\/blog\/2022\/09\/mise-en-scene-deco-table-basse\/\" target=\"_blank\">un article consacr&eacute; &agrave; la d&eacute;coration de la table basse<\/a>. Ce d&eacute;tail d&eacute;co demande une attention particuli&egrave;re. Choisissez avec soin les livres qui vous serviront &agrave; d&eacute;corer votre enfilade. Diff&eacute;rents crit&egrave;res peuvent &ecirc;tre pris en compte: le titre du livre (tant qu'&agrave; faire, des ouvrages que vous aimez), la couleur et la typo du titre notamment celles qui se trouve sur la tranche (c'est g&eacute;n&eacute;ralement ce qui est visible), la taille du livre... Pour certain(e)s, le livre n'a pas sa place dans la salle &agrave; manger mais le style &eacute;clectique fait fi des conventions habituelles. Par ailleurs, le meuble n'est pas n&eacute;cessairement dans la salle &agrave; manger. Il peut &ecirc;tre question ici de d&eacute;corer une enfilade dans le salon ou encore une <a href=\"https:\/\/www.cocondedecoration.com\/blog\/2023\/01\/ou-trouver-console-entree\/\" target=\"_blank\" rel=\"noreferrer noopener\" aria-label=\"console (s&rsquo;ouvre dans un nouvel onglet)\">console<\/a> dans l'entr&eacute;e. <\/p>\n\n\n\n<p>A lire aussi: <a href=\"https:\/\/www.cocondedecoration.com\/blog\/2022\/12\/decoration-entree-style-eclectique\/\" target=\"_blank\" rel=\"noreferrer noopener\" aria-label=\"Id&eacute;e d&eacute;co | Une entr&eacute;e dans un style &eacute;clectique (s&rsquo;ouvre dans un nouvel onglet)\">Id&eacute;e d&eacute;co | Une entr&eacute;e dans un style &eacute;clectique<\/a> <\/p>\n\n\n\n<ul class=\"wp-block-gallery columns-3 is-cropped wp-block-gallery-5 is-layout-flex wp-block-gallery-is-layout-flex\"><li class=\"blocks-gallery-item\"><figure><img loading=\"lazy\" decoding=\"async\" width=\"640\" height=\"960\" src=\"https:\/\/www.cocondedecoration.com\/blog\/wp-content\/uploads\/2023\/01\/deco-buffet-livre-style-eclectique-1-640x960.jpeg\" alt=\"deco buffet livre style eclectique d&eacute;cor salle &agrave; manger chic et original\" data-id=\"56550\" data-link=\"https:\/\/www.cocondedecoration.com\/blog\/?attachment_id=56550\" class=\"wp-image-56550\" srcset=\"https:\/\/www.cocondedecoration.com\/blog\/wp-content\/uploads\/2023\/01\/deco-buffet-livre-style-eclectique-1-640x960.jpeg 640w, https:\/\/www.cocondedecoration.com\/blog\/wp-content\/uploads\/2023\/01\/deco-buffet-livre-style-eclectique-1-260x390.jpeg 260w, https:\/\/www.cocondedecoration.com\/blog\/wp-content\/uploads\/2023\/01\/deco-buffet-livre-style-eclectique-1-768x1152.jpeg 768w, https:\/\/www.cocondedecoration.com\/blog\/wp-content\/uploads\/2023\/01\/deco-buffet-livre-style-eclectique-1-367x550.jpeg 367w, https:\/\/www.cocondedecoration.com\/blog\/wp-content\/uploads\/2023\/01\/deco-buffet-livre-style-eclectique-1-333x500.jpeg 333w, https:\/\/www.cocondedecoration.com\/blog\/wp-content\/uploads\/2023\/01\/deco-buffet-livre-style-eclectique-1.jpeg 1000w\" sizes=\"(max-width: 640px) 100vw, 640px\" \/><figcaption>remodelaholic.com\n<\/figcaption><\/figure><\/li><li class=\"blocks-gallery-item\"><figure><img loading=\"lazy\" decoding=\"async\" width=\"640\" height=\"960\" src=\"https:\/\/www.cocondedecoration.com\/blog\/wp-content\/uploads\/2023\/01\/deco-buffet-livre-style-eclectique-2-640x960.jpeg\" alt=\"deco buffet livre style eclectique m&eacute;lange d'objets d&eacute;coratifs personnalit&eacute;\" data-id=\"56551\" data-link=\"https:\/\/www.cocondedecoration.com\/blog\/?attachment_id=56551\" class=\"wp-image-56551\" srcset=\"https:\/\/www.cocondedecoration.com\/blog\/wp-content\/uploads\/2023\/01\/deco-buffet-livre-style-eclectique-2-640x960.jpeg 640w, https:\/\/www.cocondedecoration.com\/blog\/wp-content\/uploads\/2023\/01\/deco-buffet-livre-style-eclectique-2-260x390.jpeg 260w, https:\/\/www.cocondedecoration.com\/blog\/wp-content\/uploads\/2023\/01\/deco-buffet-livre-style-eclectique-2-768x1152.jpeg 768w, https:\/\/www.cocondedecoration.com\/blog\/wp-content\/uploads\/2023\/01\/deco-buffet-livre-style-eclectique-2-367x550.jpeg 367w, https:\/\/www.cocondedecoration.com\/blog\/wp-content\/uploads\/2023\/01\/deco-buffet-livre-style-eclectique-2-333x500.jpeg 333w, https:\/\/www.cocondedecoration.com\/blog\/wp-content\/uploads\/2023\/01\/deco-buffet-livre-style-eclectique-2.jpeg 1000w\" sizes=\"(max-width: 640px) 100vw, 640px\" \/><figcaption>blog.westelm.com\n<\/figcaption><\/figure><\/li><li class=\"blocks-gallery-item\"><figure><img loading=\"lazy\" decoding=\"async\" width=\"640\" height=\"960\" src=\"https:\/\/www.cocondedecoration.com\/blog\/wp-content\/uploads\/2023\/01\/deco-buffet-livre-style-eclectique-3-640x960.jpeg\" alt=\"deco buffet livre style eclectique meuble vintage ann&eacute;es 50 en bois mur orange tapis violet\" data-id=\"56552\" data-link=\"https:\/\/www.cocondedecoration.com\/blog\/?attachment_id=56552\" class=\"wp-image-56552\" srcset=\"https:\/\/www.cocondedecoration.com\/blog\/wp-content\/uploads\/2023\/01\/deco-buffet-livre-style-eclectique-3-640x960.jpeg 640w, https:\/\/www.cocondedecoration.com\/blog\/wp-content\/uploads\/2023\/01\/deco-buffet-livre-style-eclectique-3-260x390.jpeg 260w, https:\/\/www.cocondedecoration.com\/blog\/wp-content\/uploads\/2023\/01\/deco-buffet-livre-style-eclectique-3-768x1152.jpeg 768w, https:\/\/www.cocondedecoration.com\/blog\/wp-content\/uploads\/2023\/01\/deco-buffet-livre-style-eclectique-3-367x550.jpeg 367w, https:\/\/www.cocondedecoration.com\/blog\/wp-content\/uploads\/2023\/01\/deco-buffet-livre-style-eclectique-3-333x500.jpeg 333w, https:\/\/www.cocondedecoration.com\/blog\/wp-content\/uploads\/2023\/01\/deco-buffet-livre-style-eclectique-3.jpeg 1000w\" sizes=\"(max-width: 640px) 100vw, 640px\" \/><figcaption>couchstyle.de\n<\/figcaption><\/figure><\/li><\/ul><div class=\"wp-block-columns has-4-columns is-layout-flex wp-container-core-columns-layout-6 wp-block-columns-is-layout-flex\">\n<div class=\"wp-block-column is-layout-flow wp-block-column-is-layout-flow\">\n<figure class=\"wp-block-image\"><img loading=\"lazy\" decoding=\"async\" width=\"500\" height=\"500\" src=\"https:\/\/www.cocondedecoration.com\/blog\/wp-content\/uploads\/2023\/01\/objet-design-eclectique-a-poser-buffet-9.jpeg\" alt=\"objet design eclectique a poser buffet Toile encadr&eacute;e Sunglasses #3 40 x 60 cm\" class=\"wp-image-56565\" srcset=\"https:\/\/www.cocondedecoration.com\/blog\/wp-content\/uploads\/2023\/01\/objet-design-eclectique-a-poser-buffet-9.jpeg 500w, https:\/\/www.cocondedecoration.com\/blog\/wp-content\/uploads\/2023\/01\/objet-design-eclectique-a-poser-buffet-9-165x165.jpeg 165w, https:\/\/www.cocondedecoration.com\/blog\/wp-content\/uploads\/2023\/01\/objet-design-eclectique-a-poser-buffet-9-260x260.jpeg 260w, https:\/\/www.cocondedecoration.com\/blog\/wp-content\/uploads\/2023\/01\/objet-design-eclectique-a-poser-buffet-9-465x465.jpeg 465w\" sizes=\"(max-width: 500px) 100vw, 500px\" \/><figcaption><a href=\"https:\/\/fnty.co\/c\/r-qXLvjIDc\" target=\"_blank\" rel=\"noreferrer noopener\" aria-label=\"Toile encadr&eacute;e Sunglasses (s&rsquo;ouvre dans un nouvel onglet)\">Toile encadr&eacute;e Sunglasses<\/a> - The Cool Republic<\/figcaption><\/figure><\/div>\n\n\n\n<div class=\"wp-block-column is-layout-flow wp-block-column-is-layout-flow\">\n<figure class=\"wp-block-image\"><img loading=\"lazy\" decoding=\"async\" width=\"500\" height=\"500\" src=\"https:\/\/www.cocondedecoration.com\/blog\/wp-content\/uploads\/2023\/01\/objet-design-eclectique-a-poser-buffet-10.jpeg\" alt=\"objet design eclectique a poser buffet Oeuvre d'art encadr&eacute;e 'Days In The City' 127X152Cm\" class=\"wp-image-56566\" srcset=\"https:\/\/www.cocondedecoration.com\/blog\/wp-content\/uploads\/2023\/01\/objet-design-eclectique-a-poser-buffet-10.jpeg 500w, https:\/\/www.cocondedecoration.com\/blog\/wp-content\/uploads\/2023\/01\/objet-design-eclectique-a-poser-buffet-10-165x165.jpeg 165w, https:\/\/www.cocondedecoration.com\/blog\/wp-content\/uploads\/2023\/01\/objet-design-eclectique-a-poser-buffet-10-260x260.jpeg 260w, https:\/\/www.cocondedecoration.com\/blog\/wp-content\/uploads\/2023\/01\/objet-design-eclectique-a-poser-buffet-10-465x465.jpeg 465w\" sizes=\"(max-width: 500px) 100vw, 500px\" \/><figcaption><a href=\"https:\/\/fnty.co\/c\/r-WlqnZQks\" target=\"_blank\" rel=\"noreferrer noopener\" aria-label=\"Oeuvre d'art encadr&eacute;e 'Days In The City' (s&rsquo;ouvre dans un nouvel onglet)\">Oeuvre d'art encadr&eacute;e 'Days In The City'<\/a> - The Cool Republic<\/figcaption><\/figure><\/div>\n\n\n\n<div class=\"wp-block-column is-layout-flow wp-block-column-is-layout-flow\">\n<figure class=\"wp-block-image\"><img loading=\"lazy\" decoding=\"async\" width=\"500\" height=\"500\" src=\"https:\/\/www.cocondedecoration.com\/blog\/wp-content\/uploads\/2023\/01\/objets-decoratifs-vintage-pas-cher-9.jpeg\" alt=\"objets decoratifs vintage pas cher Vase en verre opaque rose H18\" class=\"wp-image-56587\" srcset=\"https:\/\/www.cocondedecoration.com\/blog\/wp-content\/uploads\/2023\/01\/objets-decoratifs-vintage-pas-cher-9.jpeg 500w, https:\/\/www.cocondedecoration.com\/blog\/wp-content\/uploads\/2023\/01\/objets-decoratifs-vintage-pas-cher-9-165x165.jpeg 165w, https:\/\/www.cocondedecoration.com\/blog\/wp-content\/uploads\/2023\/01\/objets-decoratifs-vintage-pas-cher-9-260x260.jpeg 260w, https:\/\/www.cocondedecoration.com\/blog\/wp-content\/uploads\/2023\/01\/objets-decoratifs-vintage-pas-cher-9-465x465.jpeg 465w\" sizes=\"(max-width: 500px) 100vw, 500px\" \/><figcaption><a href=\"https:\/\/fnty.co\/c\/r-FuoJJeYc\" target=\"_blank\" rel=\"noreferrer noopener\" aria-label=\"Vase en verre opaque rose (s&rsquo;ouvre dans un nouvel onglet)\">Vase en verre opaque rose<\/a> - Maisons du Monde<\/figcaption><\/figure><\/div>\n\n\n\n<div class=\"wp-block-column is-layout-flow wp-block-column-is-layout-flow\">\n<figure class=\"wp-block-image\"><img loading=\"lazy\" decoding=\"async\" width=\"500\" height=\"500\" src=\"https:\/\/www.cocondedecoration.com\/blog\/wp-content\/uploads\/2023\/01\/objets-decoratifs-vintage-pas-cher-10.jpeg\" alt=\"objets decoratifs vintage pas cher Vase en verre recycl&eacute; eucalyptus 22 cm\" class=\"wp-image-56588\" srcset=\"https:\/\/www.cocondedecoration.com\/blog\/wp-content\/uploads\/2023\/01\/objets-decoratifs-vintage-pas-cher-10.jpeg 500w, https:\/\/www.cocondedecoration.com\/blog\/wp-content\/uploads\/2023\/01\/objets-decoratifs-vintage-pas-cher-10-165x165.jpeg 165w, https:\/\/www.cocondedecoration.com\/blog\/wp-content\/uploads\/2023\/01\/objets-decoratifs-vintage-pas-cher-10-260x260.jpeg 260w, https:\/\/www.cocondedecoration.com\/blog\/wp-content\/uploads\/2023\/01\/objets-decoratifs-vintage-pas-cher-10-465x465.jpeg 465w\" sizes=\"(max-width: 500px) 100vw, 500px\" \/><figcaption><a href=\"https:\/\/fnty.co\/c\/r-ZBweNGyU\" target=\"_blank\" rel=\"noreferrer noopener\" aria-label=\"Vase en verre recycl&eacute; eucalyptus  (s&rsquo;ouvre dans un nouvel onglet)\">Vase en verre recycl&eacute; eucalyptus <\/a>- Maisons du Monde<\/figcaption><\/figure><\/div>\n<\/div>\n\n\n\n<div style=\"height:20px\" aria-hidden=\"true\" class=\"wp-block-spacer\"><\/div>\n\n\n\n<div class=\"wp-block-media-text alignwide\"><figure class=\"wp-block-media-text__media\"><img loading=\"lazy\" decoding=\"async\" width=\"640\" height=\"366\" src=\"https:\/\/www.cocondedecoration.com\/blog\/wp-content\/uploads\/2023\/12\/newsletter-patreon-640x366.png\" alt=\"\" class=\"wp-image-70176\" srcset=\"https:\/\/www.cocondedecoration.com\/blog\/wp-content\/uploads\/2023\/12\/newsletter-patreon-640x366.png 640w, https:\/\/www.cocondedecoration.com\/blog\/wp-content\/uploads\/2023\/12\/newsletter-patreon-260x149.png 260w, https:\/\/www.cocondedecoration.com\/blog\/wp-content\/uploads\/2023\/12\/newsletter-patreon-768x439.png 768w, https:\/\/www.cocondedecoration.com\/blog\/wp-content\/uploads\/2023\/12\/newsletter-patreon-465x266.png 465w, https:\/\/www.cocondedecoration.com\/blog\/wp-content\/uploads\/2023\/12\/newsletter-patreon-695x397.png 695w, https:\/\/www.cocondedecoration.com\/blog\/wp-content\/uploads\/2023\/12\/newsletter-patreon.png 1050w\" sizes=\"(max-width: 640px) 100vw, 640px\" \/><\/figure><div class=\"wp-block-media-text__content\">\n<p style=\"text-align:center\"><strong>La newsletter du blog est sur Patreon<\/strong><\/p>\n\n\n\n<p>Devenez membre gratuitement de mon Patron pour lire toutes les newsletters du blog &amp; recevoir une notification quand les prochaines seront en ligne. <\/p>\n\n\n\n<div class=\"wp-block-button aligncenter\"><a class=\"wp-block-button__link\" href=\"https:\/\/www.patreon.com\/cocondedeco\">Acc&eacute;der &agrave; Patreon gratuitement<\/a><\/div>\n<\/div><\/div>\n\n\n\n<div style=\"height:30px\" aria-hidden=\"true\" class=\"wp-block-spacer\"><\/div>\n\n\n\n<a name=\"toc-5\" style=\"text-decoration: none;\"><\/a><h2 class=\"wp-block-heading\">Shopping - une d&eacute;co &eacute;clectique sur le buffet<\/h2>\n\n\n\n<div class=\"wp-block-columns has-4-columns is-layout-flex wp-container-core-columns-layout-7 wp-block-columns-is-layout-flex\">\n<div class=\"wp-block-column is-layout-flow wp-block-column-is-layout-flow\">\n<figure class=\"wp-block-image\"><img loading=\"lazy\" decoding=\"async\" width=\"500\" height=\"500\" src=\"https:\/\/www.cocondedecoration.com\/blog\/wp-content\/uploads\/2023\/01\/objet-design-eclectique-a-poser-buffet-11.jpeg\" alt=\"objet design eclectique a poser buffet Toile encadr&eacute;e 100 x 140 cm Jahia\" class=\"wp-image-56567\" srcset=\"https:\/\/www.cocondedecoration.com\/blog\/wp-content\/uploads\/2023\/01\/objet-design-eclectique-a-poser-buffet-11.jpeg 500w, https:\/\/www.cocondedecoration.com\/blog\/wp-content\/uploads\/2023\/01\/objet-design-eclectique-a-poser-buffet-11-165x165.jpeg 165w, https:\/\/www.cocondedecoration.com\/blog\/wp-content\/uploads\/2023\/01\/objet-design-eclectique-a-poser-buffet-11-260x260.jpeg 260w, https:\/\/www.cocondedecoration.com\/blog\/wp-content\/uploads\/2023\/01\/objet-design-eclectique-a-poser-buffet-11-465x465.jpeg 465w\" sizes=\"(max-width: 500px) 100vw, 500px\" \/><figcaption><a href=\"https:\/\/fnty.co\/c\/r-JthIWhDp\" target=\"_blank\" rel=\"noreferrer noopener\" aria-label=\"Toile encadr&eacute;e (s&rsquo;ouvre dans un nouvel onglet)\">Toile encadr&eacute;e<\/a>  - The Cool Republic<\/figcaption><\/figure><figure class=\"wp-block-image\"><img loading=\"lazy\" decoding=\"async\" width=\"500\" height=\"500\" src=\"https:\/\/www.cocondedecoration.com\/blog\/wp-content\/uploads\/2023\/01\/objets-decoratifs-vintage-pas-cher-11.jpeg\" alt=\"objets decoratifs vintage pas cher Vase en gr&egrave;s blanc H14\" class=\"wp-image-56589\" srcset=\"https:\/\/www.cocondedecoration.com\/blog\/wp-content\/uploads\/2023\/01\/objets-decoratifs-vintage-pas-cher-11.jpeg 500w, https:\/\/www.cocondedecoration.com\/blog\/wp-content\/uploads\/2023\/01\/objets-decoratifs-vintage-pas-cher-11-165x165.jpeg 165w, https:\/\/www.cocondedecoration.com\/blog\/wp-content\/uploads\/2023\/01\/objets-decoratifs-vintage-pas-cher-11-260x260.jpeg 260w, https:\/\/www.cocondedecoration.com\/blog\/wp-content\/uploads\/2023\/01\/objets-decoratifs-vintage-pas-cher-11-465x465.jpeg 465w\" sizes=\"(max-width: 500px) 100vw, 500px\" \/><figcaption><a href=\"https:\/\/fnty.co\/c\/r-ainGIVMv\" target=\"_blank\" rel=\"noreferrer noopener\" aria-label=\"Vase en gr&egrave;s blanc (s&rsquo;ouvre dans un nouvel onglet)\">Vase en gr&egrave;s blanc<\/a> - Maisons du Monde<\/figcaption><\/figure><figure class=\"wp-block-image\"><img loading=\"lazy\" decoding=\"async\" width=\"500\" height=\"500\" src=\"https:\/\/www.cocondedecoration.com\/blog\/wp-content\/uploads\/2023\/01\/objet-design-eclectique-a-poser-buffet-15.jpeg\" alt=\"objet design eclectique a poser buffet Bougeoir en verre rose 14 cm Flare\" class=\"wp-image-56571\" srcset=\"https:\/\/www.cocondedecoration.com\/blog\/wp-content\/uploads\/2023\/01\/objet-design-eclectique-a-poser-buffet-15.jpeg 500w, https:\/\/www.cocondedecoration.com\/blog\/wp-content\/uploads\/2023\/01\/objet-design-eclectique-a-poser-buffet-15-165x165.jpeg 165w, https:\/\/www.cocondedecoration.com\/blog\/wp-content\/uploads\/2023\/01\/objet-design-eclectique-a-poser-buffet-15-260x260.jpeg 260w, https:\/\/www.cocondedecoration.com\/blog\/wp-content\/uploads\/2023\/01\/objet-design-eclectique-a-poser-buffet-15-465x465.jpeg 465w\" sizes=\"(max-width: 500px) 100vw, 500px\" \/><figcaption><a href=\"https:\/\/fnty.co\/c\/r-phiOHTOz\" target=\"_blank\" rel=\"noreferrer noopener\" aria-label=\"Bougeoir en verre rose (s&rsquo;ouvre dans un nouvel onglet)\">Bougeoir en verre rose<\/a> - The Cool Republic<\/figcaption><\/figure><figure class=\"wp-block-image\"><img loading=\"lazy\" decoding=\"async\" width=\"500\" height=\"500\" src=\"https:\/\/www.cocondedecoration.com\/blog\/wp-content\/uploads\/2023\/01\/objets-decoratifs-vintage-pas-cher-15.jpeg\" alt=\"objets decoratifs vintage pas cher Tableau Retro color&eacute; v imprim&eacute; sur toile 80x120cm\" class=\"wp-image-56593\" srcset=\"https:\/\/www.cocondedecoration.com\/blog\/wp-content\/uploads\/2023\/01\/objets-decoratifs-vintage-pas-cher-15.jpeg 500w, https:\/\/www.cocondedecoration.com\/blog\/wp-content\/uploads\/2023\/01\/objets-decoratifs-vintage-pas-cher-15-165x165.jpeg 165w, https:\/\/www.cocondedecoration.com\/blog\/wp-content\/uploads\/2023\/01\/objets-decoratifs-vintage-pas-cher-15-260x260.jpeg 260w, https:\/\/www.cocondedecoration.com\/blog\/wp-content\/uploads\/2023\/01\/objets-decoratifs-vintage-pas-cher-15-465x465.jpeg 465w\" sizes=\"(max-width: 500px) 100vw, 500px\" \/><figcaption><a href=\"https:\/\/fnty.co\/c\/r-YVctHYXQ\" target=\"_blank\" rel=\"noreferrer noopener\" aria-label=\"Tableau Retro color&eacute; (s&rsquo;ouvre dans un nouvel onglet)\">Tableau Retro color&eacute;<\/a> - Maisons du Monde<\/figcaption><\/figure><figure class=\"wp-block-image\"><img loading=\"lazy\" decoding=\"async\" width=\"500\" height=\"500\" src=\"https:\/\/www.cocondedecoration.com\/blog\/wp-content\/uploads\/2023\/01\/objet-design-eclectique-a-poser-buffet-19.jpeg\" alt=\"objet design eclectique a poser buffet Bougeoir en fa&iuml;ence vert 10 cm Tube\" class=\"wp-image-56575\" srcset=\"https:\/\/www.cocondedecoration.com\/blog\/wp-content\/uploads\/2023\/01\/objet-design-eclectique-a-poser-buffet-19.jpeg 500w, https:\/\/www.cocondedecoration.com\/blog\/wp-content\/uploads\/2023\/01\/objet-design-eclectique-a-poser-buffet-19-165x165.jpeg 165w, https:\/\/www.cocondedecoration.com\/blog\/wp-content\/uploads\/2023\/01\/objet-design-eclectique-a-poser-buffet-19-260x260.jpeg 260w, https:\/\/www.cocondedecoration.com\/blog\/wp-content\/uploads\/2023\/01\/objet-design-eclectique-a-poser-buffet-19-465x465.jpeg 465w\" sizes=\"(max-width: 500px) 100vw, 500px\" \/><figcaption><a href=\"https:\/\/fnty.co\/c\/r-LDDYyjPI\" target=\"_blank\" rel=\"noreferrer noopener\" aria-label=\"Bougeoir en fa&iuml;ence vert  (s&rsquo;ouvre dans un nouvel onglet)\">Bougeoir en fa&iuml;ence vert <\/a>- The Cool Republic<\/figcaption><\/figure><\/div>\n\n\n\n<div class=\"wp-block-column is-layout-flow wp-block-column-is-layout-flow\">\n<figure class=\"wp-block-image\"><img loading=\"lazy\" decoding=\"async\" width=\"500\" height=\"500\" src=\"https:\/\/www.cocondedecoration.com\/blog\/wp-content\/uploads\/2023\/01\/objet-design-eclectique-a-poser-buffet-12.jpeg\" alt=\"objet design eclectique a poser buffet Tenture murale portrait de femme\" class=\"wp-image-56568\" srcset=\"https:\/\/www.cocondedecoration.com\/blog\/wp-content\/uploads\/2023\/01\/objet-design-eclectique-a-poser-buffet-12.jpeg 500w, https:\/\/www.cocondedecoration.com\/blog\/wp-content\/uploads\/2023\/01\/objet-design-eclectique-a-poser-buffet-12-165x165.jpeg 165w, https:\/\/www.cocondedecoration.com\/blog\/wp-content\/uploads\/2023\/01\/objet-design-eclectique-a-poser-buffet-12-260x260.jpeg 260w, https:\/\/www.cocondedecoration.com\/blog\/wp-content\/uploads\/2023\/01\/objet-design-eclectique-a-poser-buffet-12-465x465.jpeg 465w\" sizes=\"(max-width: 500px) 100vw, 500px\" \/><figcaption><a href=\"https:\/\/fnty.co\/c\/r-oKPGfxRp\" target=\"_blank\" rel=\"noreferrer noopener\" aria-label=\"Tenture murale portrait de femme (s&rsquo;ouvre dans un nouvel onglet)\">Tenture murale portrait de femme<\/a> - The Cool Republic<\/figcaption><\/figure><figure class=\"wp-block-image\"><img loading=\"lazy\" decoding=\"async\" width=\"500\" height=\"500\" src=\"https:\/\/www.cocondedecoration.com\/blog\/wp-content\/uploads\/2023\/01\/objets-decoratifs-vintage-pas-cher-12.jpeg\" alt=\"objets decoratifs vintage pas cher Tableau affiche artistique vintage Le Sillon 50x70cm\" class=\"wp-image-56590\" srcset=\"https:\/\/www.cocondedecoration.com\/blog\/wp-content\/uploads\/2023\/01\/objets-decoratifs-vintage-pas-cher-12.jpeg 500w, https:\/\/www.cocondedecoration.com\/blog\/wp-content\/uploads\/2023\/01\/objets-decoratifs-vintage-pas-cher-12-165x165.jpeg 165w, https:\/\/www.cocondedecoration.com\/blog\/wp-content\/uploads\/2023\/01\/objets-decoratifs-vintage-pas-cher-12-260x260.jpeg 260w, https:\/\/www.cocondedecoration.com\/blog\/wp-content\/uploads\/2023\/01\/objets-decoratifs-vintage-pas-cher-12-465x465.jpeg 465w\" sizes=\"(max-width: 500px) 100vw, 500px\" \/><figcaption><a href=\"https:\/\/fnty.co\/c\/r-NgUltAjU\" target=\"_blank\" rel=\"noreferrer noopener\" aria-label=\"Tableau affiche artistique vintage Le Sillon (s&rsquo;ouvre dans un nouvel onglet)\">Tableau affiche artistique vintage Le Sillon<\/a> - Maisons du Monde<\/figcaption><\/figure><figure class=\"wp-block-image\"><img loading=\"lazy\" decoding=\"async\" width=\"500\" height=\"500\" src=\"https:\/\/www.cocondedecoration.com\/blog\/wp-content\/uploads\/2023\/01\/objet-design-eclectique-a-poser-buffet-16.jpeg\" alt=\"objet design eclectique a poser buffet Bougeoir pour 4 bougies en aluminium blanc 23 cm Seil \" class=\"wp-image-56572\" srcset=\"https:\/\/www.cocondedecoration.com\/blog\/wp-content\/uploads\/2023\/01\/objet-design-eclectique-a-poser-buffet-16.jpeg 500w, https:\/\/www.cocondedecoration.com\/blog\/wp-content\/uploads\/2023\/01\/objet-design-eclectique-a-poser-buffet-16-165x165.jpeg 165w, https:\/\/www.cocondedecoration.com\/blog\/wp-content\/uploads\/2023\/01\/objet-design-eclectique-a-poser-buffet-16-260x260.jpeg 260w, https:\/\/www.cocondedecoration.com\/blog\/wp-content\/uploads\/2023\/01\/objet-design-eclectique-a-poser-buffet-16-465x465.jpeg 465w\" sizes=\"(max-width: 500px) 100vw, 500px\" \/><figcaption><a href=\"https:\/\/fnty.co\/c\/r-YGjTtJVY\" target=\"_blank\" rel=\"noreferrer noopener\" aria-label=\"Bougeoir pour 4 bougies en aluminium - (s&rsquo;ouvre dans un nouvel onglet)\">Bougeoir pour 4 bougies en aluminium -<\/a> The Cool Republic<\/figcaption><\/figure><figure class=\"wp-block-image\"><img loading=\"lazy\" decoding=\"async\" width=\"500\" height=\"500\" src=\"https:\/\/www.cocondedecoration.com\/blog\/wp-content\/uploads\/2023\/01\/objets-decoratifs-vintage-pas-cher-16.jpeg\" alt=\"objets decoratifs vintage pas cher Vase en verre marron H20\" class=\"wp-image-56594\" srcset=\"https:\/\/www.cocondedecoration.com\/blog\/wp-content\/uploads\/2023\/01\/objets-decoratifs-vintage-pas-cher-16.jpeg 500w, https:\/\/www.cocondedecoration.com\/blog\/wp-content\/uploads\/2023\/01\/objets-decoratifs-vintage-pas-cher-16-165x165.jpeg 165w, https:\/\/www.cocondedecoration.com\/blog\/wp-content\/uploads\/2023\/01\/objets-decoratifs-vintage-pas-cher-16-260x260.jpeg 260w, https:\/\/www.cocondedecoration.com\/blog\/wp-content\/uploads\/2023\/01\/objets-decoratifs-vintage-pas-cher-16-465x465.jpeg 465w\" sizes=\"(max-width: 500px) 100vw, 500px\" \/><figcaption><a href=\"https:\/\/fnty.co\/c\/r-PARaZlYY\" target=\"_blank\" rel=\"noreferrer noopener\" aria-label=\"Vase en verre marron (s&rsquo;ouvre dans un nouvel onglet)\">Vase en verre marron<\/a> - Maisons du Monde<\/figcaption><\/figure><figure class=\"wp-block-image\"><img loading=\"lazy\" decoding=\"async\" width=\"500\" height=\"500\" src=\"https:\/\/www.cocondedecoration.com\/blog\/wp-content\/uploads\/2023\/01\/objet-design-eclectique-a-poser-buffet-20.jpeg\" alt=\"objet design eclectique a poser buffet Bougeoir en verre M vert olive Emeralds\" class=\"wp-image-56576\" srcset=\"https:\/\/www.cocondedecoration.com\/blog\/wp-content\/uploads\/2023\/01\/objet-design-eclectique-a-poser-buffet-20.jpeg 500w, https:\/\/www.cocondedecoration.com\/blog\/wp-content\/uploads\/2023\/01\/objet-design-eclectique-a-poser-buffet-20-165x165.jpeg 165w, https:\/\/www.cocondedecoration.com\/blog\/wp-content\/uploads\/2023\/01\/objet-design-eclectique-a-poser-buffet-20-260x260.jpeg 260w, https:\/\/www.cocondedecoration.com\/blog\/wp-content\/uploads\/2023\/01\/objet-design-eclectique-a-poser-buffet-20-465x465.jpeg 465w\" sizes=\"(max-width: 500px) 100vw, 500px\" \/><figcaption><a href=\"https:\/\/fnty.co\/c\/r-zzLvMmcD\" target=\"_blank\" rel=\"noreferrer noopener\" aria-label=\"Bougeoir en verre vert olive (s&rsquo;ouvre dans un nouvel onglet)\">Bougeoir en verre vert olive<\/a> - The Cool Republic<\/figcaption><\/figure><\/div>\n\n\n\n<div class=\"wp-block-column is-layout-flow wp-block-column-is-layout-flow\">\n<figure class=\"wp-block-image\"><img loading=\"lazy\" decoding=\"async\" width=\"500\" height=\"500\" src=\"https:\/\/www.cocondedecoration.com\/blog\/wp-content\/uploads\/2023\/01\/objet-design-eclectique-a-poser-buffet-13.jpeg\" alt=\"objet design eclectique a poser buffet Bougeoir rose en dolomite pile\" class=\"wp-image-56569\" srcset=\"https:\/\/www.cocondedecoration.com\/blog\/wp-content\/uploads\/2023\/01\/objet-design-eclectique-a-poser-buffet-13.jpeg 500w, https:\/\/www.cocondedecoration.com\/blog\/wp-content\/uploads\/2023\/01\/objet-design-eclectique-a-poser-buffet-13-165x165.jpeg 165w, https:\/\/www.cocondedecoration.com\/blog\/wp-content\/uploads\/2023\/01\/objet-design-eclectique-a-poser-buffet-13-260x260.jpeg 260w, https:\/\/www.cocondedecoration.com\/blog\/wp-content\/uploads\/2023\/01\/objet-design-eclectique-a-poser-buffet-13-465x465.jpeg 465w\" sizes=\"(max-width: 500px) 100vw, 500px\" \/><figcaption><a href=\"https:\/\/fnty.co\/c\/r-gbQsdOty\" target=\"_blank\" rel=\"noreferrer noopener\" aria-label=\"Bougeoir rose en dolomite pile (s&rsquo;ouvre dans un nouvel onglet)\">Bougeoir rose en dolomite pile<\/a> - The Cool Republic<\/figcaption><\/figure><figure class=\"wp-block-image\"><img loading=\"lazy\" decoding=\"async\" width=\"500\" height=\"500\" src=\"https:\/\/www.cocondedecoration.com\/blog\/wp-content\/uploads\/2023\/01\/objets-decoratifs-vintage-pas-cher-13.jpeg\" alt=\"objets decoratifs vintage pas cher Tableau affiche artistique vintage Tourn&eacute;e Du Chat Noir 50x70cm\" class=\"wp-image-56591\" srcset=\"https:\/\/www.cocondedecoration.com\/blog\/wp-content\/uploads\/2023\/01\/objets-decoratifs-vintage-pas-cher-13.jpeg 500w, https:\/\/www.cocondedecoration.com\/blog\/wp-content\/uploads\/2023\/01\/objets-decoratifs-vintage-pas-cher-13-165x165.jpeg 165w, https:\/\/www.cocondedecoration.com\/blog\/wp-content\/uploads\/2023\/01\/objets-decoratifs-vintage-pas-cher-13-260x260.jpeg 260w, https:\/\/www.cocondedecoration.com\/blog\/wp-content\/uploads\/2023\/01\/objets-decoratifs-vintage-pas-cher-13-465x465.jpeg 465w\" sizes=\"(max-width: 500px) 100vw, 500px\" \/><figcaption><a href=\"https:\/\/fnty.co\/c\/r-MbCHKrcH\" target=\"_blank\" rel=\"noreferrer noopener\" aria-label=\"Tableau affiche artistique vintage Tourn&eacute;e Du Chat Noir (s&rsquo;ouvre dans un nouvel onglet)\">Tableau affiche artistique vintage Tourn&eacute;e Du Chat Noir<\/a> - Maisons du Monde<\/figcaption><\/figure><figure class=\"wp-block-image\"><img loading=\"lazy\" decoding=\"async\" width=\"500\" height=\"500\" src=\"https:\/\/www.cocondedecoration.com\/blog\/wp-content\/uploads\/2023\/01\/objet-design-eclectique-a-poser-buffet-17.jpeg\" alt=\"objet design eclectique a poser buffet Bougeoirs en c&eacute;ramique L Reactive Green \" class=\"wp-image-56573\" srcset=\"https:\/\/www.cocondedecoration.com\/blog\/wp-content\/uploads\/2023\/01\/objet-design-eclectique-a-poser-buffet-17.jpeg 500w, https:\/\/www.cocondedecoration.com\/blog\/wp-content\/uploads\/2023\/01\/objet-design-eclectique-a-poser-buffet-17-165x165.jpeg 165w, https:\/\/www.cocondedecoration.com\/blog\/wp-content\/uploads\/2023\/01\/objet-design-eclectique-a-poser-buffet-17-260x260.jpeg 260w, https:\/\/www.cocondedecoration.com\/blog\/wp-content\/uploads\/2023\/01\/objet-design-eclectique-a-poser-buffet-17-465x465.jpeg 465w\" sizes=\"(max-width: 500px) 100vw, 500px\" \/><figcaption><a href=\"https:\/\/fnty.co\/c\/r-zbqKsLDS\" target=\"_blank\" rel=\"noreferrer noopener\" aria-label=\"Bougeoirs en c&eacute;ramique  (s&rsquo;ouvre dans un nouvel onglet)\">Bougeoirs en c&eacute;ramique <\/a>- The Cool Republic<\/figcaption><\/figure><figure class=\"wp-block-image\"><img loading=\"lazy\" decoding=\"async\" width=\"500\" height=\"500\" src=\"https:\/\/www.cocondedecoration.com\/blog\/wp-content\/uploads\/2023\/01\/objets-decoratifs-vintage-pas-cher-17.jpeg\" alt=\"objets decoratifs vintage pas cher Vase galet en verre violet H18\" class=\"wp-image-56595\" srcset=\"https:\/\/www.cocondedecoration.com\/blog\/wp-content\/uploads\/2023\/01\/objets-decoratifs-vintage-pas-cher-17.jpeg 500w, https:\/\/www.cocondedecoration.com\/blog\/wp-content\/uploads\/2023\/01\/objets-decoratifs-vintage-pas-cher-17-165x165.jpeg 165w, https:\/\/www.cocondedecoration.com\/blog\/wp-content\/uploads\/2023\/01\/objets-decoratifs-vintage-pas-cher-17-260x260.jpeg 260w, https:\/\/www.cocondedecoration.com\/blog\/wp-content\/uploads\/2023\/01\/objets-decoratifs-vintage-pas-cher-17-465x465.jpeg 465w\" sizes=\"(max-width: 500px) 100vw, 500px\" \/><figcaption><a href=\"https:\/\/fnty.co\/c\/r-ppUIeTPS\" target=\"_blank\" rel=\"noreferrer noopener\" aria-label=\"Vase galet en verre violet (s&rsquo;ouvre dans un nouvel onglet)\">Vase galet en verre violet<\/a> - Maisons du Monde<\/figcaption><\/figure><figure class=\"wp-block-image\"><img loading=\"lazy\" decoding=\"async\" width=\"500\" height=\"500\" src=\"https:\/\/www.cocondedecoration.com\/blog\/wp-content\/uploads\/2023\/01\/objet-design-eclectique-a-poser-buffet-21.jpeg\" alt=\"objet design eclectique a poser buffet Lampe sans fil en polycarbonate orange Chispa\" class=\"wp-image-56577\" srcset=\"https:\/\/www.cocondedecoration.com\/blog\/wp-content\/uploads\/2023\/01\/objet-design-eclectique-a-poser-buffet-21.jpeg 500w, https:\/\/www.cocondedecoration.com\/blog\/wp-content\/uploads\/2023\/01\/objet-design-eclectique-a-poser-buffet-21-165x165.jpeg 165w, https:\/\/www.cocondedecoration.com\/blog\/wp-content\/uploads\/2023\/01\/objet-design-eclectique-a-poser-buffet-21-260x260.jpeg 260w, https:\/\/www.cocondedecoration.com\/blog\/wp-content\/uploads\/2023\/01\/objet-design-eclectique-a-poser-buffet-21-465x465.jpeg 465w\" sizes=\"(max-width: 500px) 100vw, 500px\" \/><figcaption><a href=\"https:\/\/fnty.co\/c\/r-aFAOrCRa\" target=\"_blank\" rel=\"noreferrer noopener\" aria-label=\"Lampe sans fil orange  (s&rsquo;ouvre dans un nouvel onglet)\">Lampe sans fil orange <\/a>- The Cool Republic<\/figcaption><\/figure><\/div>\n\n\n\n<div class=\"wp-block-column is-layout-flow wp-block-column-is-layout-flow\">\n<figure class=\"wp-block-image\"><img loading=\"lazy\" decoding=\"async\" width=\"500\" height=\"500\" src=\"https:\/\/www.cocondedecoration.com\/blog\/wp-content\/uploads\/2023\/01\/objet-design-eclectique-a-poser-buffet-14.jpeg\" alt=\"objet design eclectique a poser buffet Chandelier Jilian Gr&egrave;s brun\" class=\"wp-image-56570\" srcset=\"https:\/\/www.cocondedecoration.com\/blog\/wp-content\/uploads\/2023\/01\/objet-design-eclectique-a-poser-buffet-14.jpeg 500w, https:\/\/www.cocondedecoration.com\/blog\/wp-content\/uploads\/2023\/01\/objet-design-eclectique-a-poser-buffet-14-165x165.jpeg 165w, https:\/\/www.cocondedecoration.com\/blog\/wp-content\/uploads\/2023\/01\/objet-design-eclectique-a-poser-buffet-14-260x260.jpeg 260w, https:\/\/www.cocondedecoration.com\/blog\/wp-content\/uploads\/2023\/01\/objet-design-eclectique-a-poser-buffet-14-465x465.jpeg 465w\" sizes=\"(max-width: 500px) 100vw, 500px\" \/><figcaption><a href=\"https:\/\/fnty.co\/c\/r-YGPiEgCm\" target=\"_blank\" rel=\"noreferrer noopener\" aria-label=\"Chandelier Jilian Gr&egrave;s brun (s&rsquo;ouvre dans un nouvel onglet)\">Chandelier Jilian Gr&egrave;s brun<\/a> - The Cool Republic<\/figcaption><\/figure><figure class=\"wp-block-image\"><img loading=\"lazy\" decoding=\"async\" width=\"500\" height=\"500\" src=\"https:\/\/www.cocondedecoration.com\/blog\/wp-content\/uploads\/2023\/01\/objets-decoratifs-vintage-pas-cher-14.jpeg\" alt=\"objets decoratifs vintage pas cher Tableau Soleil retro 50's imprim&eacute; sur toile 30x50cm\" class=\"wp-image-56592\" srcset=\"https:\/\/www.cocondedecoration.com\/blog\/wp-content\/uploads\/2023\/01\/objets-decoratifs-vintage-pas-cher-14.jpeg 500w, https:\/\/www.cocondedecoration.com\/blog\/wp-content\/uploads\/2023\/01\/objets-decoratifs-vintage-pas-cher-14-165x165.jpeg 165w, https:\/\/www.cocondedecoration.com\/blog\/wp-content\/uploads\/2023\/01\/objets-decoratifs-vintage-pas-cher-14-260x260.jpeg 260w, https:\/\/www.cocondedecoration.com\/blog\/wp-content\/uploads\/2023\/01\/objets-decoratifs-vintage-pas-cher-14-465x465.jpeg 465w\" sizes=\"(max-width: 500px) 100vw, 500px\" \/><figcaption><a href=\"https:\/\/fnty.co\/c\/r-ksrfHPDl\" target=\"_blank\" rel=\"noreferrer noopener\" aria-label=\"Tableau Soleil retro 50's imprim&eacute; sur toile (s&rsquo;ouvre dans un nouvel onglet)\">Tableau Soleil retro 50's imprim&eacute; sur toile<\/a> - Maisons du Monde<\/figcaption><\/figure><figure class=\"wp-block-image\"><img loading=\"lazy\" decoding=\"async\" width=\"500\" height=\"500\" src=\"https:\/\/www.cocondedecoration.com\/blog\/wp-content\/uploads\/2023\/01\/objet-design-eclectique-a-poser-buffet-18.jpeg\" alt=\"objet design eclectique a poser buffet Bougeoir en dolomite bleu 23,5 cm Churros\" class=\"wp-image-56574\" srcset=\"https:\/\/www.cocondedecoration.com\/blog\/wp-content\/uploads\/2023\/01\/objet-design-eclectique-a-poser-buffet-18.jpeg 500w, https:\/\/www.cocondedecoration.com\/blog\/wp-content\/uploads\/2023\/01\/objet-design-eclectique-a-poser-buffet-18-165x165.jpeg 165w, https:\/\/www.cocondedecoration.com\/blog\/wp-content\/uploads\/2023\/01\/objet-design-eclectique-a-poser-buffet-18-260x260.jpeg 260w, https:\/\/www.cocondedecoration.com\/blog\/wp-content\/uploads\/2023\/01\/objet-design-eclectique-a-poser-buffet-18-465x465.jpeg 465w\" sizes=\"(max-width: 500px) 100vw, 500px\" \/><figcaption><a href=\"https:\/\/fnty.co\/c\/r-RswkgpIf\" target=\"_blank\" rel=\"noreferrer noopener\" aria-label=\"Bougeoir en dolomite bleu Churros (s&rsquo;ouvre dans un nouvel onglet)\">Bougeoir en dolomite bleu Churros<\/a> - The Cool Republic<\/figcaption><\/figure><figure class=\"wp-block-image\"><img loading=\"lazy\" decoding=\"async\" width=\"500\" height=\"500\" src=\"https:\/\/www.cocondedecoration.com\/blog\/wp-content\/uploads\/2023\/01\/objets-decoratifs-vintage-pas-cher-18.jpeg\" alt=\"objets decoratifs vintage pas cher Lampe en m&eacute;tal &eacute;maill&eacute; bleu et cerclage en m&eacute;tal dor&eacute;\" class=\"wp-image-56596\" srcset=\"https:\/\/www.cocondedecoration.com\/blog\/wp-content\/uploads\/2023\/01\/objets-decoratifs-vintage-pas-cher-18.jpeg 500w, https:\/\/www.cocondedecoration.com\/blog\/wp-content\/uploads\/2023\/01\/objets-decoratifs-vintage-pas-cher-18-165x165.jpeg 165w, https:\/\/www.cocondedecoration.com\/blog\/wp-content\/uploads\/2023\/01\/objets-decoratifs-vintage-pas-cher-18-260x260.jpeg 260w, https:\/\/www.cocondedecoration.com\/blog\/wp-content\/uploads\/2023\/01\/objets-decoratifs-vintage-pas-cher-18-465x465.jpeg 465w\" sizes=\"(max-width: 500px) 100vw, 500px\" \/><figcaption><a href=\"https:\/\/fnty.co\/c\/r-zQhJSfUm\" target=\"_blank\" rel=\"noreferrer noopener\" aria-label=\"Lampe en m&eacute;tal &eacute;maill&eacute; bleu (s&rsquo;ouvre dans un nouvel onglet)\">Lampe en m&eacute;tal &eacute;maill&eacute; bleu<\/a> - Maisons du Monde<\/figcaption><\/figure><figure class=\"wp-block-image\"><img loading=\"lazy\" decoding=\"async\" width=\"500\" height=\"500\" src=\"https:\/\/www.cocondedecoration.com\/blog\/wp-content\/uploads\/2023\/01\/objet-design-eclectique-a-poser-buffet-22.jpeg\" alt=\"objet design eclectique a poser buffet Lampe de table dor&eacute;e en velours - Bloomingville\" class=\"wp-image-56578\" srcset=\"https:\/\/www.cocondedecoration.com\/blog\/wp-content\/uploads\/2023\/01\/objet-design-eclectique-a-poser-buffet-22.jpeg 500w, https:\/\/www.cocondedecoration.com\/blog\/wp-content\/uploads\/2023\/01\/objet-design-eclectique-a-poser-buffet-22-165x165.jpeg 165w, https:\/\/www.cocondedecoration.com\/blog\/wp-content\/uploads\/2023\/01\/objet-design-eclectique-a-poser-buffet-22-260x260.jpeg 260w, https:\/\/www.cocondedecoration.com\/blog\/wp-content\/uploads\/2023\/01\/objet-design-eclectique-a-poser-buffet-22-465x465.jpeg 465w\" sizes=\"(max-width: 500px) 100vw, 500px\" \/><figcaption><a href=\"https:\/\/fnty.co\/c\/r-AiqDBaSA\" target=\"_blank\" rel=\"noreferrer noopener\" aria-label=\"Lampe dor&eacute;e en velours (s&rsquo;ouvre dans un nouvel onglet)\">Lampe dor&eacute;e en velours<\/a> - The Cool Republic<\/figcaption><\/figure><\/div>\n<\/div>\n\n\n\n<hr class=\"wp-block-separator\"><div class=\"wp-block-columns has-2-columns is-layout-flex wp-container-core-columns-layout-8 wp-block-columns-is-layout-flex\">\n<div class=\"wp-block-column is-layout-flow wp-block-column-is-layout-flow\"><div class='white' style='background:rgba(0,0,0,0); border:solid 0px rgba(0,0,0,0); border-radius:0px; padding:0px 0px 0px 0px;'>\n<div id='slider_67011' class='owl-carousel sa_owl_theme owl-pagination-true autohide-arrows' data-slider-id='slider_67011' style='visibility:hidden;'>\n<div id='slider_67011_slide01' class='sa_hover_container' style='padding:5% 5%; margin:0px 0%; '><p><a href=\"https:\/\/www.cocondedecoration.com\/blog\/wp-content\/uploads\/2023\/09\/meuble-deco-vintage-maisons-du-monde-1.jpeg\"><img loading=\"lazy\" decoding=\"async\" class=\"aligncenter size-large wp-image-67013\" src=\"https:\/\/www.cocondedecoration.com\/blog\/wp-content\/uploads\/2023\/09\/meuble-deco-vintage-maisons-du-monde-1-640x640.jpeg\" alt=\"meuble deco vintage maisons du monde Fauteuil vintage vert kaki\" width=\"640\" height=\"640\" srcset=\"https:\/\/www.cocondedecoration.com\/blog\/wp-content\/uploads\/2023\/09\/meuble-deco-vintage-maisons-du-monde-1-640x640.jpeg 640w, https:\/\/www.cocondedecoration.com\/blog\/wp-content\/uploads\/2023\/09\/meuble-deco-vintage-maisons-du-monde-1-165x165.jpeg 165w, https:\/\/www.cocondedecoration.com\/blog\/wp-content\/uploads\/2023\/09\/meuble-deco-vintage-maisons-du-monde-1-260x260.jpeg 260w, https:\/\/www.cocondedecoration.com\/blog\/wp-content\/uploads\/2023\/09\/meuble-deco-vintage-maisons-du-monde-1-465x465.jpeg 465w, https:\/\/www.cocondedecoration.com\/blog\/wp-content\/uploads\/2023\/09\/meuble-deco-vintage-maisons-du-monde-1-500x500.jpeg 500w, https:\/\/www.cocondedecoration.com\/blog\/wp-content\/uploads\/2023\/09\/meuble-deco-vintage-maisons-du-monde-1.jpeg 650w\" sizes=\"(max-width: 640px) 100vw, 640px\" \/><\/a><\/p><\/div>\n<div id='slider_67011_slide02' class='sa_hover_container' style='padding:5% 5%; margin:0px 0%; '><p><a href=\"https:\/\/www.cocondedecoration.com\/blog\/wp-content\/uploads\/2023\/09\/deco-design-vintage-1.jpeg\"><img loading=\"lazy\" decoding=\"async\" class=\"aligncenter size-large wp-image-67018\" src=\"https:\/\/www.cocondedecoration.com\/blog\/wp-content\/uploads\/2023\/09\/deco-design-vintage-1-640x640.jpeg\" alt=\"deco design vintage Lampe sans fil\" width=\"640\" height=\"640\" srcset=\"https:\/\/www.cocondedecoration.com\/blog\/wp-content\/uploads\/2023\/09\/deco-design-vintage-1-640x640.jpeg 640w, https:\/\/www.cocondedecoration.com\/blog\/wp-content\/uploads\/2023\/09\/deco-design-vintage-1-165x165.jpeg 165w, https:\/\/www.cocondedecoration.com\/blog\/wp-content\/uploads\/2023\/09\/deco-design-vintage-1-260x260.jpeg 260w, https:\/\/www.cocondedecoration.com\/blog\/wp-content\/uploads\/2023\/09\/deco-design-vintage-1-465x465.jpeg 465w, https:\/\/www.cocondedecoration.com\/blog\/wp-content\/uploads\/2023\/09\/deco-design-vintage-1-500x500.jpeg 500w, https:\/\/www.cocondedecoration.com\/blog\/wp-content\/uploads\/2023\/09\/deco-design-vintage-1.jpeg 650w\" sizes=\"(max-width: 640px) 100vw, 640px\" \/><\/a><\/p><\/div>\n<div id='slider_67011_slide03' class='sa_hover_container' style='padding:5% 5%; margin:0px 0%; '><p><a href=\"https:\/\/www.cocondedecoration.com\/blog\/wp-content\/uploads\/2023\/09\/deco-mobilier-vintage-drawer-1.jpeg\"><img loading=\"lazy\" decoding=\"async\" class=\"aligncenter size-large wp-image-67023\" src=\"https:\/\/www.cocondedecoration.com\/blog\/wp-content\/uploads\/2023\/09\/deco-mobilier-vintage-drawer-1-640x640.jpeg\" alt=\"deco mobilier vintage drawer Chaise en bois et simili\" width=\"640\" height=\"640\" srcset=\"https:\/\/www.cocondedecoration.com\/blog\/wp-content\/uploads\/2023\/09\/deco-mobilier-vintage-drawer-1-640x640.jpeg 640w, https:\/\/www.cocondedecoration.com\/blog\/wp-content\/uploads\/2023\/09\/deco-mobilier-vintage-drawer-1-165x165.jpeg 165w, https:\/\/www.cocondedecoration.com\/blog\/wp-content\/uploads\/2023\/09\/deco-mobilier-vintage-drawer-1-260x260.jpeg 260w, https:\/\/www.cocondedecoration.com\/blog\/wp-content\/uploads\/2023\/09\/deco-mobilier-vintage-drawer-1-465x465.jpeg 465w, https:\/\/www.cocondedecoration.com\/blog\/wp-content\/uploads\/2023\/09\/deco-mobilier-vintage-drawer-1-500x500.jpeg 500w, https:\/\/www.cocondedecoration.com\/blog\/wp-content\/uploads\/2023\/09\/deco-mobilier-vintage-drawer-1.jpeg 650w\" sizes=\"(max-width: 640px) 100vw, 640px\" \/><\/a><\/p><\/div>\n<div id='slider_67011_slide04' class='sa_hover_container' style='padding:5% 5%; margin:0px 0%; '><p><a href=\"https:\/\/www.cocondedecoration.com\/blog\/wp-content\/uploads\/2023\/09\/meuble-deco-vintage-maisons-du-monde-2.jpeg\"><img loading=\"lazy\" decoding=\"async\" class=\"aligncenter size-large wp-image-67014\" src=\"https:\/\/www.cocondedecoration.com\/blog\/wp-content\/uploads\/2023\/09\/meuble-deco-vintage-maisons-du-monde-2-640x640.jpeg\" alt=\"meuble deco vintage maisons du monde Buffet vintage 2 portes\" width=\"640\" height=\"640\" srcset=\"https:\/\/www.cocondedecoration.com\/blog\/wp-content\/uploads\/2023\/09\/meuble-deco-vintage-maisons-du-monde-2-640x640.jpeg 640w, https:\/\/www.cocondedecoration.com\/blog\/wp-content\/uploads\/2023\/09\/meuble-deco-vintage-maisons-du-monde-2-165x165.jpeg 165w, https:\/\/www.cocondedecoration.com\/blog\/wp-content\/uploads\/2023\/09\/meuble-deco-vintage-maisons-du-monde-2-260x260.jpeg 260w, https:\/\/www.cocondedecoration.com\/blog\/wp-content\/uploads\/2023\/09\/meuble-deco-vintage-maisons-du-monde-2-465x465.jpeg 465w, https:\/\/www.cocondedecoration.com\/blog\/wp-content\/uploads\/2023\/09\/meuble-deco-vintage-maisons-du-monde-2-500x500.jpeg 500w, https:\/\/www.cocondedecoration.com\/blog\/wp-content\/uploads\/2023\/09\/meuble-deco-vintage-maisons-du-monde-2.jpeg 650w\" sizes=\"(max-width: 640px) 100vw, 640px\" \/><\/a><\/p><\/div>\n<div id='slider_67011_slide05' class='sa_hover_container' style='padding:5% 5%; margin:0px 0%; '><p><a href=\"https:\/\/www.cocondedecoration.com\/blog\/wp-content\/uploads\/2023\/09\/deco-design-vintage-2.jpeg\"><img loading=\"lazy\" decoding=\"async\" class=\"aligncenter size-large wp-image-67019\" src=\"https:\/\/www.cocondedecoration.com\/blog\/wp-content\/uploads\/2023\/09\/deco-design-vintage-2-640x640.jpeg\" alt=\"deco design vintage Carte Inde politique et \u00e9conomique 100x80\" width=\"640\" height=\"640\" srcset=\"https:\/\/www.cocondedecoration.com\/blog\/wp-content\/uploads\/2023\/09\/deco-design-vintage-2-640x640.jpeg 640w, https:\/\/www.cocondedecoration.com\/blog\/wp-content\/uploads\/2023\/09\/deco-design-vintage-2-165x165.jpeg 165w, https:\/\/www.cocondedecoration.com\/blog\/wp-content\/uploads\/2023\/09\/deco-design-vintage-2-260x260.jpeg 260w, https:\/\/www.cocondedecoration.com\/blog\/wp-content\/uploads\/2023\/09\/deco-design-vintage-2-465x465.jpeg 465w, https:\/\/www.cocondedecoration.com\/blog\/wp-content\/uploads\/2023\/09\/deco-design-vintage-2-500x500.jpeg 500w, https:\/\/www.cocondedecoration.com\/blog\/wp-content\/uploads\/2023\/09\/deco-design-vintage-2.jpeg 650w\" sizes=\"(max-width: 640px) 100vw, 640px\" \/><\/a><\/p><\/div>\n<div id='slider_67011_slide06' class='sa_hover_container' style='padding:5% 5%; margin:0px 0%; '><p><a href=\"https:\/\/www.cocondedecoration.com\/blog\/wp-content\/uploads\/2023\/09\/deco-mobilier-vintage-drawer-2.jpeg\"><img loading=\"lazy\" decoding=\"async\" class=\"aligncenter size-large wp-image-67024\" src=\"https:\/\/www.cocondedecoration.com\/blog\/wp-content\/uploads\/2023\/09\/deco-mobilier-vintage-drawer-2-640x640.jpeg\" alt=\"deco mobilier vintage drawer Chaise r\u00e9tro capitonn\u00e9e\" width=\"640\" height=\"640\" srcset=\"https:\/\/www.cocondedecoration.com\/blog\/wp-content\/uploads\/2023\/09\/deco-mobilier-vintage-drawer-2-640x640.jpeg 640w, https:\/\/www.cocondedecoration.com\/blog\/wp-content\/uploads\/2023\/09\/deco-mobilier-vintage-drawer-2-165x165.jpeg 165w, https:\/\/www.cocondedecoration.com\/blog\/wp-content\/uploads\/2023\/09\/deco-mobilier-vintage-drawer-2-260x260.jpeg 260w, https:\/\/www.cocondedecoration.com\/blog\/wp-content\/uploads\/2023\/09\/deco-mobilier-vintage-drawer-2-465x465.jpeg 465w, https:\/\/www.cocondedecoration.com\/blog\/wp-content\/uploads\/2023\/09\/deco-mobilier-vintage-drawer-2-500x500.jpeg 500w, https:\/\/www.cocondedecoration.com\/blog\/wp-content\/uploads\/2023\/09\/deco-mobilier-vintage-drawer-2.jpeg 650w\" sizes=\"(max-width: 640px) 100vw, 640px\" \/><\/a><\/p><\/div>\n<div id='slider_67011_slide07' class='sa_hover_container' style='padding:5% 5%; margin:0px 0%; '><p><a href=\"https:\/\/www.cocondedecoration.com\/blog\/wp-content\/uploads\/2023\/09\/meuble-deco-vintage-maisons-du-monde-3.jpeg\"><img loading=\"lazy\" decoding=\"async\" class=\"aligncenter size-large wp-image-67015\" src=\"https:\/\/www.cocondedecoration.com\/blog\/wp-content\/uploads\/2023\/09\/meuble-deco-vintage-maisons-du-monde-3-640x640.jpeg\" alt=\"meuble deco vintage maisons du monde R\u00e9veil r\u00e9tro rouge\" width=\"640\" height=\"640\" srcset=\"https:\/\/www.cocondedecoration.com\/blog\/wp-content\/uploads\/2023\/09\/meuble-deco-vintage-maisons-du-monde-3-640x640.jpeg 640w, https:\/\/www.cocondedecoration.com\/blog\/wp-content\/uploads\/2023\/09\/meuble-deco-vintage-maisons-du-monde-3-165x165.jpeg 165w, https:\/\/www.cocondedecoration.com\/blog\/wp-content\/uploads\/2023\/09\/meuble-deco-vintage-maisons-du-monde-3-260x260.jpeg 260w, https:\/\/www.cocondedecoration.com\/blog\/wp-content\/uploads\/2023\/09\/meuble-deco-vintage-maisons-du-monde-3-465x465.jpeg 465w, https:\/\/www.cocondedecoration.com\/blog\/wp-content\/uploads\/2023\/09\/meuble-deco-vintage-maisons-du-monde-3-500x500.jpeg 500w, https:\/\/www.cocondedecoration.com\/blog\/wp-content\/uploads\/2023\/09\/meuble-deco-vintage-maisons-du-monde-3.jpeg 650w\" sizes=\"(max-width: 640px) 100vw, 640px\" \/><\/a><\/p><\/div>\n<div id='slider_67011_slide08' class='sa_hover_container' style='padding:5% 5%; margin:0px 0%; '><p><a href=\"https:\/\/www.cocondedecoration.com\/blog\/wp-content\/uploads\/2023\/09\/deco-design-vintage-3.jpeg\"><img loading=\"lazy\" decoding=\"async\" class=\"aligncenter size-large wp-image-67020\" src=\"https:\/\/www.cocondedecoration.com\/blog\/wp-content\/uploads\/2023\/09\/deco-design-vintage-3-640x640.jpeg\" alt=\"deco design vintage Fauteuil en fr\u00eane et tissu beige\" width=\"640\" height=\"640\" srcset=\"https:\/\/www.cocondedecoration.com\/blog\/wp-content\/uploads\/2023\/09\/deco-design-vintage-3-640x640.jpeg 640w, https:\/\/www.cocondedecoration.com\/blog\/wp-content\/uploads\/2023\/09\/deco-design-vintage-3-165x165.jpeg 165w, https:\/\/www.cocondedecoration.com\/blog\/wp-content\/uploads\/2023\/09\/deco-design-vintage-3-260x260.jpeg 260w, https:\/\/www.cocondedecoration.com\/blog\/wp-content\/uploads\/2023\/09\/deco-design-vintage-3-465x465.jpeg 465w, https:\/\/www.cocondedecoration.com\/blog\/wp-content\/uploads\/2023\/09\/deco-design-vintage-3-500x500.jpeg 500w, https:\/\/www.cocondedecoration.com\/blog\/wp-content\/uploads\/2023\/09\/deco-design-vintage-3.jpeg 650w\" sizes=\"(max-width: 640px) 100vw, 640px\" \/><\/a><\/p><\/div>\n<div id='slider_67011_slide09' class='sa_hover_container' style='padding:5% 5%; margin:0px 0%; '><p><a href=\"https:\/\/www.cocondedecoration.com\/blog\/wp-content\/uploads\/2023\/09\/deco-mobilier-vintage-drawer-3.jpeg\"><img loading=\"lazy\" decoding=\"async\" class=\"aligncenter size-large wp-image-67025\" src=\"https:\/\/www.cocondedecoration.com\/blog\/wp-content\/uploads\/2023\/09\/deco-mobilier-vintage-drawer-3-640x640.jpeg\" alt=\"deco mobilier vintage drawer Pouf rectangulaire vintage\" width=\"640\" height=\"640\" srcset=\"https:\/\/www.cocondedecoration.com\/blog\/wp-content\/uploads\/2023\/09\/deco-mobilier-vintage-drawer-3-640x640.jpeg 640w, https:\/\/www.cocondedecoration.com\/blog\/wp-content\/uploads\/2023\/09\/deco-mobilier-vintage-drawer-3-165x165.jpeg 165w, https:\/\/www.cocondedecoration.com\/blog\/wp-content\/uploads\/2023\/09\/deco-mobilier-vintage-drawer-3-260x260.jpeg 260w, https:\/\/www.cocondedecoration.com\/blog\/wp-content\/uploads\/2023\/09\/deco-mobilier-vintage-drawer-3-465x465.jpeg 465w, https:\/\/www.cocondedecoration.com\/blog\/wp-content\/uploads\/2023\/09\/deco-mobilier-vintage-drawer-3-500x500.jpeg 500w, https:\/\/www.cocondedecoration.com\/blog\/wp-content\/uploads\/2023\/09\/deco-mobilier-vintage-drawer-3.jpeg 650w\" sizes=\"(max-width: 640px) 100vw, 640px\" \/><\/a><\/p><\/div>\n<div id='slider_67011_slide10' class='sa_hover_container' style='padding:5% 5%; margin:0px 0%; '><p><a href=\"https:\/\/www.cocondedecoration.com\/blog\/wp-content\/uploads\/2023\/09\/meuble-deco-vintage-maisons-du-monde-4.jpeg\"><img loading=\"lazy\" decoding=\"async\" class=\"aligncenter size-large wp-image-67016\" src=\"https:\/\/www.cocondedecoration.com\/blog\/wp-content\/uploads\/2023\/09\/meuble-deco-vintage-maisons-du-monde-4-640x640.jpeg\" alt=\"meuble deco vintage maisons du monde Biblioth\u00e8que vintage 3 tiroirs 1 porte en ch\u00eane massif\" width=\"640\" height=\"640\" srcset=\"https:\/\/www.cocondedecoration.com\/blog\/wp-content\/uploads\/2023\/09\/meuble-deco-vintage-maisons-du-monde-4-640x640.jpeg 640w, https:\/\/www.cocondedecoration.com\/blog\/wp-content\/uploads\/2023\/09\/meuble-deco-vintage-maisons-du-monde-4-165x165.jpeg 165w, https:\/\/www.cocondedecoration.com\/blog\/wp-content\/uploads\/2023\/09\/meuble-deco-vintage-maisons-du-monde-4-260x260.jpeg 260w, https:\/\/www.cocondedecoration.com\/blog\/wp-content\/uploads\/2023\/09\/meuble-deco-vintage-maisons-du-monde-4-465x465.jpeg 465w, https:\/\/www.cocondedecoration.com\/blog\/wp-content\/uploads\/2023\/09\/meuble-deco-vintage-maisons-du-monde-4-500x500.jpeg 500w, https:\/\/www.cocondedecoration.com\/blog\/wp-content\/uploads\/2023\/09\/meuble-deco-vintage-maisons-du-monde-4.jpeg 650w\" sizes=\"(max-width: 640px) 100vw, 640px\" \/><\/a><\/p><\/div>\n<div id='slider_67011_slide11' class='sa_hover_container' style='padding:5% 5%; margin:0px 0%; '><p><a href=\"https:\/\/www.cocondedecoration.com\/blog\/wp-content\/uploads\/2023\/09\/deco-design-vintage-4.jpeg\"><img loading=\"lazy\" decoding=\"async\" class=\"aligncenter size-large wp-image-67021\" src=\"https:\/\/www.cocondedecoration.com\/blog\/wp-content\/uploads\/2023\/09\/deco-design-vintage-4-640x640.jpeg\" alt=\"deco design vintage Laiton carr\u00e9 arrondi 58 cm\" width=\"640\" height=\"640\" srcset=\"https:\/\/www.cocondedecoration.com\/blog\/wp-content\/uploads\/2023\/09\/deco-design-vintage-4-640x640.jpeg 640w, https:\/\/www.cocondedecoration.com\/blog\/wp-content\/uploads\/2023\/09\/deco-design-vintage-4-165x165.jpeg 165w, https:\/\/www.cocondedecoration.com\/blog\/wp-content\/uploads\/2023\/09\/deco-design-vintage-4-260x260.jpeg 260w, https:\/\/www.cocondedecoration.com\/blog\/wp-content\/uploads\/2023\/09\/deco-design-vintage-4-465x465.jpeg 465w, https:\/\/www.cocondedecoration.com\/blog\/wp-content\/uploads\/2023\/09\/deco-design-vintage-4-500x500.jpeg 500w, https:\/\/www.cocondedecoration.com\/blog\/wp-content\/uploads\/2023\/09\/deco-design-vintage-4.jpeg 650w\" sizes=\"(max-width: 640px) 100vw, 640px\" \/><\/a><\/p><\/div>\n<div id='slider_67011_slide12' class='sa_hover_container' style='padding:5% 5%; margin:0px 0%; '><p><a href=\"https:\/\/www.cocondedecoration.com\/blog\/wp-content\/uploads\/2023\/09\/deco-mobilier-vintage-drawer-4.jpeg\"><img loading=\"lazy\" decoding=\"async\" class=\"aligncenter size-large wp-image-67026\" src=\"https:\/\/www.cocondedecoration.com\/blog\/wp-content\/uploads\/2023\/09\/deco-mobilier-vintage-drawer-4-640x640.jpeg\" alt=\"deco mobilier vintage drawer Canap\u00e9 3 places vintage cognac\" width=\"640\" height=\"640\" srcset=\"https:\/\/www.cocondedecoration.com\/blog\/wp-content\/uploads\/2023\/09\/deco-mobilier-vintage-drawer-4-640x640.jpeg 640w, https:\/\/www.cocondedecoration.com\/blog\/wp-content\/uploads\/2023\/09\/deco-mobilier-vintage-drawer-4-165x165.jpeg 165w, https:\/\/www.cocondedecoration.com\/blog\/wp-content\/uploads\/2023\/09\/deco-mobilier-vintage-drawer-4-260x260.jpeg 260w, https:\/\/www.cocondedecoration.com\/blog\/wp-content\/uploads\/2023\/09\/deco-mobilier-vintage-drawer-4-465x465.jpeg 465w, https:\/\/www.cocondedecoration.com\/blog\/wp-content\/uploads\/2023\/09\/deco-mobilier-vintage-drawer-4-500x500.jpeg 500w, https:\/\/www.cocondedecoration.com\/blog\/wp-content\/uploads\/2023\/09\/deco-mobilier-vintage-drawer-4.jpeg 650w\" sizes=\"(max-width: 640px) 100vw, 640px\" \/><\/a><\/p><\/div>\n<div id='slider_67011_slide13' class='sa_hover_container' style='padding:5% 5%; margin:0px 0%; '><p><a href=\"https:\/\/www.cocondedecoration.com\/blog\/wp-content\/uploads\/2023\/09\/meuble-deco-vintage-maisons-du-monde-5.jpeg\"><img loading=\"lazy\" decoding=\"async\" class=\"aligncenter size-large wp-image-67017\" src=\"https:\/\/www.cocondedecoration.com\/blog\/wp-content\/uploads\/2023\/09\/meuble-deco-vintage-maisons-du-monde-5-640x640.jpeg\" alt=\"meuble deco vintage maisons du monde Chaise de bureau r\u00e9glable \u00e0 roulettes \u00e9crue et cannage en rotin\" width=\"640\" height=\"640\" srcset=\"https:\/\/www.cocondedecoration.com\/blog\/wp-content\/uploads\/2023\/09\/meuble-deco-vintage-maisons-du-monde-5-640x640.jpeg 640w, https:\/\/www.cocondedecoration.com\/blog\/wp-content\/uploads\/2023\/09\/meuble-deco-vintage-maisons-du-monde-5-165x165.jpeg 165w, https:\/\/www.cocondedecoration.com\/blog\/wp-content\/uploads\/2023\/09\/meuble-deco-vintage-maisons-du-monde-5-260x260.jpeg 260w, https:\/\/www.cocondedecoration.com\/blog\/wp-content\/uploads\/2023\/09\/meuble-deco-vintage-maisons-du-monde-5-465x465.jpeg 465w, https:\/\/www.cocondedecoration.com\/blog\/wp-content\/uploads\/2023\/09\/meuble-deco-vintage-maisons-du-monde-5-500x500.jpeg 500w, https:\/\/www.cocondedecoration.com\/blog\/wp-content\/uploads\/2023\/09\/meuble-deco-vintage-maisons-du-monde-5.jpeg 650w\" sizes=\"(max-width: 640px) 100vw, 640px\" \/><\/a><\/p><\/div>\n<div id='slider_67011_slide14' class='sa_hover_container' style='padding:5% 5%; margin:0px 0%; '><p><a href=\"https:\/\/www.cocondedecoration.com\/blog\/wp-content\/uploads\/2023\/09\/deco-design-vintage-5.jpeg\"><img loading=\"lazy\" decoding=\"async\" class=\"aligncenter size-large wp-image-67022\" src=\"https:\/\/www.cocondedecoration.com\/blog\/wp-content\/uploads\/2023\/09\/deco-design-vintage-5-640x640.jpeg\" alt=\"deco design vintage Suspension en m\u00e9tal noir\" width=\"640\" height=\"640\" srcset=\"https:\/\/www.cocondedecoration.com\/blog\/wp-content\/uploads\/2023\/09\/deco-design-vintage-5-640x640.jpeg 640w, https:\/\/www.cocondedecoration.com\/blog\/wp-content\/uploads\/2023\/09\/deco-design-vintage-5-165x165.jpeg 165w, https:\/\/www.cocondedecoration.com\/blog\/wp-content\/uploads\/2023\/09\/deco-design-vintage-5-260x260.jpeg 260w, https:\/\/www.cocondedecoration.com\/blog\/wp-content\/uploads\/2023\/09\/deco-design-vintage-5-465x465.jpeg 465w, https:\/\/www.cocondedecoration.com\/blog\/wp-content\/uploads\/2023\/09\/deco-design-vintage-5-500x500.jpeg 500w, https:\/\/www.cocondedecoration.com\/blog\/wp-content\/uploads\/2023\/09\/deco-design-vintage-5.jpeg 650w\" sizes=\"(max-width: 640px) 100vw, 640px\" \/><\/a><\/p><\/div>\n<div id='slider_67011_slide15' class='sa_hover_container' style='padding:5% 5%; margin:0px 0%; '><p><a href=\"https:\/\/www.cocondedecoration.com\/blog\/wp-content\/uploads\/2023\/09\/deco-mobilier-vintage-drawer-5.jpeg\"><img loading=\"lazy\" decoding=\"async\" class=\"aligncenter size-large wp-image-67027\" src=\"https:\/\/www.cocondedecoration.com\/blog\/wp-content\/uploads\/2023\/09\/deco-mobilier-vintage-drawer-5-640x640.jpeg\" alt=\"deco mobilier vintage drawer Porte revues vintage cuir et m\u00e9tal\" width=\"640\" height=\"640\" srcset=\"https:\/\/www.cocondedecoration.com\/blog\/wp-content\/uploads\/2023\/09\/deco-mobilier-vintage-drawer-5-640x640.jpeg 640w, https:\/\/www.cocondedecoration.com\/blog\/wp-content\/uploads\/2023\/09\/deco-mobilier-vintage-drawer-5-165x165.jpeg 165w, https:\/\/www.cocondedecoration.com\/blog\/wp-content\/uploads\/2023\/09\/deco-mobilier-vintage-drawer-5-260x260.jpeg 260w, https:\/\/www.cocondedecoration.com\/blog\/wp-content\/uploads\/2023\/09\/deco-mobilier-vintage-drawer-5-465x465.jpeg 465w, https:\/\/www.cocondedecoration.com\/blog\/wp-content\/uploads\/2023\/09\/deco-mobilier-vintage-drawer-5-500x500.jpeg 500w, https:\/\/www.cocondedecoration.com\/blog\/wp-content\/uploads\/2023\/09\/deco-mobilier-vintage-drawer-5.jpeg 650w\" sizes=\"(max-width: 640px) 100vw, 640px\" \/><\/a><\/p><\/div>\n<\/div>\n<\/div>\n<script type='text\/javascript'>\n\tjQuery(document).ready(function() {\n\t\tjQuery('#slider_67011').owlCarousel({\n\t\t\titems : 1,\n\t\t\tsmartSpeed : 200,\n\t\t\tautoplay : true,\n\t\t\tautoplayTimeout : 5000,\n\t\t\tautoplayHoverPause : true,\n\t\t\tsmartSpeed : 200,\n\t\t\tfluidSpeed : 200,\n\t\t\tautoplaySpeed : 200,\n\t\t\tnavSpeed : 200,\n\t\t\tdotsSpeed : 200,\n\t\t\tloop : true,\n\t\t\tnav : true,\n\t\t\tnavText : ['Previous','Next'],\n\t\t\tdots : true,\n\t\t\tresponsiveRefreshRate : 200,\n\t\t\tslideBy : 1,\n\t\t\tmergeFit : true,\n\t\t\tautoHeight : false,\n\t\t\tmouseDrag : false,\n\t\t\ttouchDrag : true\n\t\t});\n\t\tjQuery('#slider_67011').css('visibility', 'visible');\n\t\tsa_resize_slider_67011();\n\t\twindow.addEventListener('resize', sa_resize_slider_67011);\n\t\tfunction sa_resize_slider_67011() {\n\t\t\tvar min_height = '50';\n\t\t\tvar win_width = jQuery(window).width();\n\t\t\tvar slider_width = jQuery('#slider_67011').width();\n\t\t\tif (win_width < 480) {\n\t\t\t\tvar slide_width = slider_width \/ 1;\n\t\t\t} else if (win_width < 768) {\n\t\t\t\tvar slide_width = slider_width \/ 1;\n\t\t\t} else if (win_width < 980) {\n\t\t\t\tvar slide_width = slider_width \/ 1;\n\t\t\t} else if (win_width < 1200) {\n\t\t\t\tvar slide_width = slider_width \/ 1;\n\t\t\t} else if (win_width < 1500) {\n\t\t\t\tvar slide_width = slider_width \/ 1;\n\t\t\t} else {\n\t\t\t\tvar slide_width = slider_width \/ 1;\n\t\t\t}\n\t\t\tslide_width = Math.round(slide_width);\n\t\t\tvar slide_height = '0';\n\t\t\tif (min_height == 'aspect43') {\n\t\t\t\tslide_height = (slide_width \/ 4) * 3;\t\t\t\tslide_height = Math.round(slide_height);\n\t\t\t} else if (min_height == 'aspect169') {\n\t\t\t\tslide_height = (slide_width \/ 16) * 9;\t\t\t\tslide_height = Math.round(slide_height);\n\t\t\t} else {\n\t\t\t\tslide_height = (slide_width \/ 100) * min_height;\t\t\t\tslide_height = Math.round(slide_height);\n\t\t\t}\n\t\t\tjQuery('#slider_67011 .owl-item .sa_hover_container').css('min-height', slide_height+'px');\n\t\t}\n\t\tvar owl_goto = jQuery('#slider_67011');\n\t\tjQuery('.slider_67011_goto1').click(function(event){\n\t\t\towl_goto.trigger('to.owl.carousel', 0);\n\t\t});\n\t\tjQuery('.slider_67011_goto2').click(function(event){\n\t\t\towl_goto.trigger('to.owl.carousel', 1);\n\t\t});\n\t\tjQuery('.slider_67011_goto3').click(function(event){\n\t\t\towl_goto.trigger('to.owl.carousel', 2);\n\t\t});\n\t\tjQuery('.slider_67011_goto4').click(function(event){\n\t\t\towl_goto.trigger('to.owl.carousel', 3);\n\t\t});\n\t\tjQuery('.slider_67011_goto5').click(function(event){\n\t\t\towl_goto.trigger('to.owl.carousel', 4);\n\t\t});\n\t\tjQuery('.slider_67011_goto6').click(function(event){\n\t\t\towl_goto.trigger('to.owl.carousel', 5);\n\t\t});\n\t\tjQuery('.slider_67011_goto7').click(function(event){\n\t\t\towl_goto.trigger('to.owl.carousel', 6);\n\t\t});\n\t\tjQuery('.slider_67011_goto8').click(function(event){\n\t\t\towl_goto.trigger('to.owl.carousel', 7);\n\t\t});\n\t\tjQuery('.slider_67011_goto9').click(function(event){\n\t\t\towl_goto.trigger('to.owl.carousel', 8);\n\t\t});\n\t\tjQuery('.slider_67011_goto10').click(function(event){\n\t\t\towl_goto.trigger('to.owl.carousel', 9);\n\t\t});\n\t\tjQuery('.slider_67011_goto11').click(function(event){\n\t\t\towl_goto.trigger('to.owl.carousel', 10);\n\t\t});\n\t\tjQuery('.slider_67011_goto12').click(function(event){\n\t\t\towl_goto.trigger('to.owl.carousel', 11);\n\t\t});\n\t\tjQuery('.slider_67011_goto13').click(function(event){\n\t\t\towl_goto.trigger('to.owl.carousel', 12);\n\t\t});\n\t\tjQuery('.slider_67011_goto14').click(function(event){\n\t\t\towl_goto.trigger('to.owl.carousel', 13);\n\t\t});\n\t\tjQuery('.slider_67011_goto15').click(function(event){\n\t\t\towl_goto.trigger('to.owl.carousel', 14);\n\t\t});\n\t\tvar resize_67011 = jQuery('.owl-carousel');\n\t\tresize_67011.on('initialized.owl.carousel', function(e) {\n\t\t\tif (typeof(Event) === 'function') {\n\t\t\t\twindow.dispatchEvent(new Event('resize'));\n\t\t\t} else {\n\t\t\t\tvar evt = window.document.createEvent('UIEvents');\n\t\t\t\tevt.initUIEvent('resize', true, false, window, 0);\n\t\t\t\twindow.dispatchEvent(evt);\n\t\t\t}\n\t\t});\n\t});\n<\/script>\n\n<\/div>\n\n\n\n<div class=\"wp-block-column is-layout-flow wp-block-column-is-layout-flow\">\n<p style=\"text-align:center\" class=\"has-medium-font-size\">Envie d'un int&eacute;rieur aux accents vintage?  <\/p>\n\n\n\n<ol><li><a rel=\"noreferrer noopener\" aria-label=\"Fauteuil vintage vert kaki (s&rsquo;ouvre dans un nouvel onglet)\" href=\"https:\/\/fnty.co\/c\/r-tKaFUdkd\" target=\"_blank\">Fauteuil vintage vert kaki<\/a> - Maisons du Monde <\/li><li><a rel=\"noreferrer noopener\" aria-label=\"Lampe sans fil (s&rsquo;ouvre dans un nouvel onglet)\" href=\"https:\/\/fnty.co\/c\/r-wRoKjdBp\" target=\"_blank\">Lampe sans fil<\/a> - The Cool Republic<\/li><li><a rel=\"noreferrer noopener\" aria-label=\"Chaise en bois et simili (s&rsquo;ouvre dans un nouvel onglet)\" href=\"https:\/\/c3po.link\/QVsAcuyf7H\" target=\"_blank\">Chaise en bois et simili<\/a> - Drawer <\/li><li><a rel=\"noreferrer noopener\" aria-label=\"Buffet vintage 2 portes (s&rsquo;ouvre dans un nouvel onglet)\" href=\"https:\/\/fnty.co\/c\/r-HFrsztTT\" target=\"_blank\">Buffet vintage 2 portes<\/a> - Maisons du Monde<\/li><li><a rel=\"noreferrer noopener\" aria-label=\"Carte Inde politique et &eacute;conomique (s&rsquo;ouvre dans un nouvel onglet)\" href=\"https:\/\/fnty.co\/c\/r-RmbayVmf\" target=\"_blank\">Carte Inde politique et &eacute;conomique<\/a> - The Cool Republic<\/li><li><a rel=\"noreferrer noopener\" aria-label=\"Chaise r&eacute;tro capitonn&eacute;e (s&rsquo;ouvre dans un nouvel onglet)\" href=\"https:\/\/c3po.link\/QybzejjQYY\" target=\"_blank\">Chaise r&eacute;tro capitonn&eacute;e<\/a> - Drawer<\/li><li><a rel=\"noreferrer noopener\" aria-label=\"R&eacute;veil r&eacute;tro rouge (s&rsquo;ouvre dans un nouvel onglet)\" href=\"https:\/\/fnty.co\/c\/r-CDywjMQM\" target=\"_blank\">R&eacute;veil r&eacute;tro rouge<\/a> - Maisons du Monde<\/li><li><a rel=\"noreferrer noopener\" aria-label=\"Fauteuil en fr&ecirc;ne et tissu beige (s&rsquo;ouvre dans un nouvel onglet)\" href=\"https:\/\/fnty.co\/c\/r-QajamiKc\" target=\"_blank\">Fauteuil en fr&ecirc;ne et tissu beige<\/a> - The Cool Republic<\/li><li><a rel=\"noreferrer noopener\" aria-label=\"Pouf rectangulaire vintage (s&rsquo;ouvre dans un nouvel onglet)\" href=\"https:\/\/c3po.link\/QzqvXBuBcf\" target=\"_blank\">Pouf rectangulaire vintage<\/a> - Drawer<\/li><li><a rel=\"noreferrer noopener\" aria-label=\"Biblioth&egrave;que vintage 3 tiroirs 1 porte en ch&ecirc;ne massif (s&rsquo;ouvre dans un nouvel onglet)\" href=\"https:\/\/fnty.co\/c\/r-JbfuQBfe\" target=\"_blank\">Biblioth&egrave;que vintage 3 tiroirs 1 porte en ch&ecirc;ne massif<\/a> - Maisons du Monde <\/li><li><a rel=\"noreferrer noopener\" aria-label=\"Miroir en Laiton carr&eacute; arrondi (s&rsquo;ouvre dans un nouvel onglet)\" href=\"https:\/\/fnty.co\/c\/r-YVFLiWij\" target=\"_blank\">Miroir en Laiton carr&eacute; arrondi<\/a> - The Cool Republic<\/li><li><a rel=\"noreferrer noopener\" aria-label=\"Canap&eacute; 3 places vintage (s&rsquo;ouvre dans un nouvel onglet)\" href=\"https:\/\/c3po.link\/Q9QMwcZ7gN\" target=\"_blank\">Canap&eacute; 3 places vintage<\/a> - Drawer<\/li><li><a rel=\"noreferrer noopener\" aria-label=\"Chaise de bureau r&eacute;glable &agrave; roulettes &eacute;crue et cannage en rotin (s&rsquo;ouvre dans un nouvel onglet)\" href=\"https:\/\/fnty.co\/c\/r-TVXnDQID\" target=\"_blank\">Chaise de bureau r&eacute;glable &agrave; roulettes &eacute;crue et cannage en rotin<\/a> - Maisons du Monde <\/li><li><a rel=\"noreferrer noopener\" aria-label=\"Suspension en m&eacute;tal noir (s&rsquo;ouvre dans un nouvel onglet)\" href=\"https:\/\/fnty.co\/c\/r-kbqnyqCS\" target=\"_blank\">Suspension en m&eacute;tal noir<\/a> - The Cool Republic<\/li><li><a href=\"https:\/\/c3po.link\/QWcS7nuFuJ\" target=\"_blank\" rel=\"noreferrer noopener\" aria-label=\"Porte revues vintage cuir et m&eacute;tal (s&rsquo;ouvre dans un nouvel onglet)\">Porte revues vintage cuir et m&eacute;tal<\/a> - Drawer<\/li><\/ol><p style=\"text-align:center\">A lire aussi: <a rel=\"noreferrer noopener\" aria-label=\"8 mani&egrave;res d'adopter le style vintage chez soi (s&rsquo;ouvre dans un nouvel onglet)\" href=\"https:\/\/www.cocondedecoration.com\/blog\/2023\/06\/caracteristique-decoration-vintage\/\" target=\"_blank\"><strong>8 mani&egrave;res d'adopter le style vintage chez soi<\/strong><\/a><\/p>\n<\/div>\n<\/div>\n\n\n\n<hr class=\"wp-block-separator\"><div class=\"wp-block-columns has-2-columns is-layout-flex wp-container-core-columns-layout-9 wp-block-columns-is-layout-flex\">\n<div class=\"wp-block-column is-layout-flow wp-block-column-is-layout-flow\">\n<p style=\"text-align:center\" class=\"has-medium-font-size\">A lire &eacute;galement<\/p>\n\n\n<ul class=\"wp-block-latest-posts__list wp-block-latest-posts\"><li><a class=\"wp-block-latest-posts__post-title\" href=\"https:\/\/www.cocondedecoration.com\/blog\/2025\/04\/mix-deco-kinfolk-vintage\/\">Mix kinfolk et vintage &ndash; 10 exemples d&eacute;co inspirants<\/a><\/li>\n<li><a class=\"wp-block-latest-posts__post-title\" href=\"https:\/\/www.cocondedecoration.com\/blog\/2024\/04\/maison-neuve-style-annees-50\/\">Construire une maison neuve dans un style vintage californien | visite d&eacute;co<\/a><\/li>\n<li><a class=\"wp-block-latest-posts__post-title\" href=\"https:\/\/www.cocondedecoration.com\/blog\/2024\/02\/decoration-vintage-metal-chrome\/\">Une touche de chrome pour un clin d&rsquo;oeil aux ann&eacute;es 70 dans son int&eacute;rieur | trendy<\/a><\/li>\n<li><a class=\"wp-block-latest-posts__post-title\" href=\"https:\/\/www.cocondedecoration.com\/blog\/2024\/01\/differences-style-eclectique-decor-vintage\/\">Quelles sont les diff&eacute;rences entre une d&eacute;co &eacute;clectique &amp; un int&eacute;rieur vintage moderne? | d&eacute;cryptage<\/a><\/li>\n<li><a class=\"wp-block-latest-posts__post-title\" href=\"https:\/\/www.cocondedecoration.com\/blog\/2023\/12\/style-memphis-decoration\/\">Design &amp; Histoire | Le style Memphis des ann&eacute;es 80<\/a><\/li>\n<li><a class=\"wp-block-latest-posts__post-title\" href=\"https:\/\/www.cocondedecoration.com\/blog\/2023\/12\/tendances-decoration-interieure-2024\/\">Trendy |&nbsp;Quelles sont les grandes tendances d&eacute;co pour 2024?<\/a><\/li>\n<li><a class=\"wp-block-latest-posts__post-title\" href=\"https:\/\/www.cocondedecoration.com\/blog\/2023\/10\/loft-decor-eclectique-vintage\/\">Visite d&eacute;co | Un ancien atelier transform&eacute; en loft &eacute;clectique<\/a><\/li>\n<\/ul><\/div>\n\n\n\n<div class=\"wp-block-column is-layout-flow wp-block-column-is-layout-flow\">\n<p class=\"has-text-align-center has-medium-font-size\">Ne perdons pas contact \ud83d\ude42 Rejoignez moi sur <a href=\"https:\/\/www.pinterest.fr\/cocondedeco\/\" target=\"_blank\" rel=\"noopener\" title=\"\">Pinterest<\/a> |&nbsp;<a href=\"https:\/\/www.threads.net\/@cocondedeco\" target=\"_blank\" rel=\"noopener\" title=\"\">Threads<\/a> | <a href=\"https:\/\/www.patreon.com\/collection\/162946?view=expanded\" target=\"_blank\" rel=\"noopener\" title=\"\">la Newsletter<\/a> <br>Vous aimez lire le blog? Vous souhaitez continuer &agrave; le lire? <a href=\"https:\/\/www.patreon.com\/cocondedeco\" target=\"_blank\" rel=\"noopener\" title=\"\">Devenez m&eacute;c&egrave;ne<\/a> sur Patreon et contribuez &agrave; sa survie. <\/p>\n<\/div>\n<\/div>\n\n\n\n<div class=\"wp-block-image\"><figure class=\"aligncenter\"><img loading=\"lazy\" decoding=\"async\" width=\"732\" height=\"488\" src=\"https:\/\/www.cocondedecoration.com\/blog\/wp-content\/uploads\/2023\/01\/exemple-deco-meuble-style-eclectique.jpeg\" alt=\"exemple deco meuble style eclectique enfilade vintage lampe &agrave; poser vase bougeoirs vide poche tableau original\" class=\"wp-image-56553\" srcset=\"https:\/\/www.cocondedecoration.com\/blog\/wp-content\/uploads\/2023\/01\/exemple-deco-meuble-style-eclectique.jpeg 732w, https:\/\/www.cocondedecoration.com\/blog\/wp-content\/uploads\/2023\/01\/exemple-deco-meuble-style-eclectique-260x173.jpeg 260w, https:\/\/www.cocondedecoration.com\/blog\/wp-content\/uploads\/2023\/01\/exemple-deco-meuble-style-eclectique-640x427.jpeg 640w, https:\/\/www.cocondedecoration.com\/blog\/wp-content\/uploads\/2023\/01\/exemple-deco-meuble-style-eclectique-465x310.jpeg 465w, https:\/\/www.cocondedecoration.com\/blog\/wp-content\/uploads\/2023\/01\/exemple-deco-meuble-style-eclectique-695x463.jpeg 695w\" sizes=\"(max-width: 732px) 100vw, 732px\" \/><figcaption>madamedecore.com\n<\/figcaption><\/figure><\/div>\n\n\n\n<p style=\"text-align:right\" class=\"has-small-font-size\">Note: Cet article contient des liens affili&eacute;s. Cela ne change rien &agrave; votre utilisation du blog ou des sites partenaires. Si vous passez commande via l'un de ces liens, je touche une faible commission qui me permet d'entretenir r&eacute;guli&egrave;rement le blog. Je vous remercie par avance de votre soutien.<br>Article mis &agrave; jour en septembre 2023. <\/p><\/body><\/html>\n","protected":false},"excerpt":{"rendered":"<p>Cette semaine, le style \u00e9clectique est \u00e0 l&rsquo;honneur. J&rsquo;ai pr\u00e9vu de vous en parler 2 fois et on commence aujourd&rsquo;hui avec une th\u00e9matique que vous connaissez bien si vous suivez le blog: le dessus du buffet. Ici, il ne sera pas uniquement question du buffet mais de meubles en g\u00e9n\u00e9ral.<span class=\"more-link\"><a href=\"https:\/\/www.cocondedecoration.com\/blog\/2023\/01\/deco-dessus-buffet-style-eclectique\/\">Lire la suite<\/a><\/span><\/p>\n","protected":false},"author":1,"featured_media":56553,"comment_status":"open","ping_status":"open","sticky":false,"template":"","format":"standard","meta":{"om_disable_all_campaigns":false,"_monsterinsights_skip_tracking":false,"_monsterinsights_sitenote_active":false,"_monsterinsights_sitenote_note":"","_monsterinsights_sitenote_category":0,"_uf_show_specific_survey":0,"_uf_disable_surveys":false,"footnotes":""},"categories":[1715,27503,10503],"tags":[40606,40611,2945,25140,16132,28074,8896,40631,40605,40623,40619,40612,40628,40610,40624,40613,35372,40635,40636,40621,40622,40637,28040,27072,40642,22287,40609,15875,28430,40640,40639,39194,40644,35375,40643,39195,38580,40594,35370,37571,40590,19660,40588,40626,40615,40633,40638,40616,40617,40614,40618,40641,40634,40625,40603,40632,38566,40607,40600,38563,40620,40627,40598,40604,40596,40602,40597,40630,40608,40629,40599,40591,40595,40601,40592,40593,35376,40589],"aioseo_notices":[],"_links":{"self":[{"href":"https:\/\/www.cocondedecoration.com\/blog\/wp-json\/wp\/v2\/posts\/56537"}],"collection":[{"href":"https:\/\/www.cocondedecoration.com\/blog\/wp-json\/wp\/v2\/posts"}],"about":[{"href":"https:\/\/www.cocondedecoration.com\/blog\/wp-json\/wp\/v2\/types\/post"}],"author":[{"embeddable":true,"href":"https:\/\/www.cocondedecoration.com\/blog\/wp-json\/wp\/v2\/users\/1"}],"replies":[{"embeddable":true,"href":"https:\/\/www.cocondedecoration.com\/blog\/wp-json\/wp\/v2\/comments?post=56537"}],"version-history":[{"count":0,"href":"https:\/\/www.cocondedecoration.com\/blog\/wp-json\/wp\/v2\/posts\/56537\/revisions"}],"wp:featuredmedia":[{"embeddable":true,"href":"https:\/\/www.cocondedecoration.com\/blog\/wp-json\/wp\/v2\/media\/56553"}],"wp:attachment":[{"href":"https:\/\/www.cocondedecoration.com\/blog\/wp-json\/wp\/v2\/media?parent=56537"}],"wp:term":[{"taxonomy":"category","embeddable":true,"href":"https:\/\/www.cocondedecoration.com\/blog\/wp-json\/wp\/v2\/categories?post=56537"},{"taxonomy":"post_tag","embeddable":true,"href":"https:\/\/www.cocondedecoration.com\/blog\/wp-json\/wp\/v2\/tags?post=56537"}],"curies":[{"name":"wp","href":"https:\/\/api.w.org\/{rel}","templated":true}]}}