{"id":56464,"date":"2023-01-22T06:40:33","date_gmt":"2023-01-22T04:40:33","guid":{"rendered":"https:\/\/www.cocondedecoration.com\/blog\/?p=56464"},"modified":"2023-01-22T06:40:35","modified_gmt":"2023-01-22T04:40:35","slug":"inspiration-theme-bullet-journal","status":"publish","type":"post","link":"https:\/\/www.cocondedecoration.com\/blog\/2023\/01\/inspiration-theme-bullet-journal\/","title":{"rendered":"[Journaling] D\u00e9corer son bullet journal au fil des mois"},"content":{"rendered":"\n<p>Vous connaissez le syndrome de la page blanche? Pendant longtemps, j'en ai souffert notamment pour le boulot. Et j'ai compris il y a quelques ann\u00e9es que pour ne plus le subir, pour savoir quoi \u00e9crire, il me fallait au moins avoir une vue d'ensemble comme un plan. Ca permet de donner du sens et de savoir o\u00f9 on met les pieds. Pour tout ce qui est cr\u00e9atif, il y a des moments o\u00f9 on se sent inspir\u00e9 et d'autres moments o\u00f9 c'est plus le d\u00e9sert. Ca arrive, c'est normal. C'est un peu dans cette dynamique que j'ai pr\u00e9par\u00e9 cet article autour du Bullet Journal. Imaginons qu'un mois dans l'ann\u00e9e, vous manquez d'id\u00e9es pour d\u00e9corer et cr\u00e9er un th\u00e8me. Il y a des astuces pour retrouver de l'inspiration, notamment s'inspirer des dates et \u00e9v\u00e8nements importants qui se produiront ce mois-l\u00e0. Cet article est donc une sorte de gros m\u00e9mo qui - je l'esp\u00e8re - vous donnera de l'inspiration quand vous en aurez besoin. <\/p>\n\n\n\n<!--more-->\n\n\n\n<div class=\"wp-block-image\"><figure class=\"aligncenter\"><a href=\"https:\/\/www.patreon.com\/cocondedeco\" target=\"_blank\" rel=\"noreferrer noopener\"><img loading=\"lazy\" decoding=\"async\" width=\"728\" height=\"90\" src=\"http:\/\/www.cocondedecoration.com\/blog\/wp-content\/uploads\/2021\/01\/banniere-patreon.png\" alt=\"\" class=\"wp-image-33877\" srcset=\"https:\/\/www.cocondedecoration.com\/blog\/wp-content\/uploads\/2021\/01\/banniere-patreon.png 728w, https:\/\/www.cocondedecoration.com\/blog\/wp-content\/uploads\/2021\/01\/banniere-patreon-260x32.png 260w, https:\/\/www.cocondedecoration.com\/blog\/wp-content\/uploads\/2021\/01\/banniere-patreon-640x79.png 640w, https:\/\/www.cocondedecoration.com\/blog\/wp-content\/uploads\/2021\/01\/banniere-patreon-465x57.png 465w, https:\/\/www.cocondedecoration.com\/blog\/wp-content\/uploads\/2021\/01\/banniere-patreon-695x86.png 695w\" sizes=\"(max-width: 728px) 100vw, 728px\" \/><\/a><\/figure><\/div>\n\n\n\n<p style=\"text-align:center\" class=\"has-background has-small-font-size has-very-light-gray-background-color\">Avant de poursuivre cet article, j'aimerai vous parler quelques instants de Patreon. C'est une plateforme en plus du blog sur laquelle vous pouvez devenir m\u00e9c\u00e8ne du blog. <br><strong>Pourquoi soutenir le blog?<\/strong> <br>Parce que c'est un travail consid\u00e9rable et m\u00eame si je le fais avec passion c'est aussi un travail pr\u00e9caire (<a rel=\"noreferrer noopener\" href=\"https:\/\/www.patreon.com\/posts\/en-quoi-consiste-86917611\" target=\"_blank\">je vous explique tout cela en d\u00e9tail dans ce post<\/a>). Si vous aimez l'article que vous \u00eates en train de lire, si vous me suivez sur les r\u00e9seaux sociaux ou encore si vous lisez r\u00e9guli\u00e8rement le blog, je vous serai reconnaissante de soutenir le blog via Patreon. Par ailleurs, en vous abonnant sur la plateforme vous acc\u00e9derez \u00e0 des contenus exclusifs pour vous remercier de votre soutien. C'est sans engagement et chaque contribution fera la diff\u00e9rence. Merci par avance de votre aide! <br><a rel=\"noreferrer noopener\" href=\"https:\/\/www.patreon.com\/cocondedeco\" target=\"_blank\"><strong>En savoir plus &amp; acc\u00e9der \u00e0 Patreon<\/strong><\/a><\/p>\n\n\n\n<h2 class=\"wp-block-heading\">Personnaliser son bujo en Janvier <br><\/h2>\n\n\n\n<p><strong>Dates &amp; \u00e9v\u00e9nements importants en janvier :<\/strong><\/p>\n\n\n\n<ul><li>1er de l'an + bonnes r\u00e9solutions <\/li><li>d\u00e9but de carnaval de Dunkerque<\/li><li>Nouvel an chinois<\/li><\/ul>\n\n\n\n<p>Toute la th\u00e9matique du changement d'ann\u00e9e me semble int\u00e9ressante \u00e0 explorer d'un point de vue cr\u00e9atif. On aura des th\u00e8mes comme le temps qui passe, les festivit\u00e9s (et d'une certaine mani\u00e8re une pointe de glamour avec du dor\u00e9, des paillettes, etc.). On peut aussi se servir du Bullet Journal pour avoir un support afin de tenir r\u00e9ellement ses bonnes r\u00e9solutions. Personnellement, je ne suis pas branch\u00e9e du tout horoscopes et astrologie, en revanche, le d\u00e9but de l'ann\u00e9e est souvent l'occasion pour les magazines de sortir les pr\u00e9visions pour toute l'ann\u00e9e. Le hasard du calendrier fait que je poste cet article aussi le jour du nouvel an chinois. Cela peut \u00eatre un th\u00e8me \u00e0 exploiter dans son bujo. <br>Comme je suis originaire de Dunkerque, le d\u00e9but d'ann\u00e9e est synonyme de carnaval. M\u00eame si on est \u00e0 10 000 km de la France, on sait que \u00e7a commence maintenant. C'est un th\u00e8me tr\u00e8s color\u00e9, avec un tas de symboles \u00e0 exploiter pour personnaliser son journal. <\/p>\n\n\n\n<ul class=\"wp-block-gallery columns-3 is-cropped wp-block-gallery-1 is-layout-flex wp-block-gallery-is-layout-flex\"><li class=\"blocks-gallery-item\"><figure><img loading=\"lazy\" decoding=\"async\" width=\"640\" height=\"960\" src=\"https:\/\/www.cocondedecoration.com\/blog\/wp-content\/uploads\/2023\/01\/loisir-creatif-bullet-journal-janvier-1-640x960.jpeg\" alt=\"loisir creatif bullet journal janvier page de garde dessin maison chaleureux cosy\" data-id=\"56465\" data-link=\"https:\/\/www.cocondedecoration.com\/blog\/?attachment_id=56465\" class=\"wp-image-56465\" srcset=\"https:\/\/www.cocondedecoration.com\/blog\/wp-content\/uploads\/2023\/01\/loisir-creatif-bullet-journal-janvier-1-640x960.jpeg 640w, https:\/\/www.cocondedecoration.com\/blog\/wp-content\/uploads\/2023\/01\/loisir-creatif-bullet-journal-janvier-1-260x390.jpeg 260w, https:\/\/www.cocondedecoration.com\/blog\/wp-content\/uploads\/2023\/01\/loisir-creatif-bullet-journal-janvier-1-768x1152.jpeg 768w, https:\/\/www.cocondedecoration.com\/blog\/wp-content\/uploads\/2023\/01\/loisir-creatif-bullet-journal-janvier-1-367x550.jpeg 367w, https:\/\/www.cocondedecoration.com\/blog\/wp-content\/uploads\/2023\/01\/loisir-creatif-bullet-journal-janvier-1-333x500.jpeg 333w, https:\/\/www.cocondedecoration.com\/blog\/wp-content\/uploads\/2023\/01\/loisir-creatif-bullet-journal-janvier-1.jpeg 1000w\" sizes=\"(max-width: 640px) 100vw, 640px\" \/><figcaption>crazylaura.com\n<\/figcaption><\/figure><\/li><li class=\"blocks-gallery-item\"><figure><img loading=\"lazy\" decoding=\"async\" width=\"640\" height=\"960\" src=\"https:\/\/www.cocondedecoration.com\/blog\/wp-content\/uploads\/2023\/01\/loisir-creatif-bullet-journal-janvier-2-640x960.jpeg\" alt=\"loisir creatif bullet journal janvier page de garde noir et blanc minimaliste fleur\" data-id=\"56466\" data-link=\"https:\/\/www.cocondedecoration.com\/blog\/?attachment_id=56466\" class=\"wp-image-56466\" srcset=\"https:\/\/www.cocondedecoration.com\/blog\/wp-content\/uploads\/2023\/01\/loisir-creatif-bullet-journal-janvier-2-640x960.jpeg 640w, https:\/\/www.cocondedecoration.com\/blog\/wp-content\/uploads\/2023\/01\/loisir-creatif-bullet-journal-janvier-2-260x390.jpeg 260w, https:\/\/www.cocondedecoration.com\/blog\/wp-content\/uploads\/2023\/01\/loisir-creatif-bullet-journal-janvier-2-768x1152.jpeg 768w, https:\/\/www.cocondedecoration.com\/blog\/wp-content\/uploads\/2023\/01\/loisir-creatif-bullet-journal-janvier-2-367x550.jpeg 367w, https:\/\/www.cocondedecoration.com\/blog\/wp-content\/uploads\/2023\/01\/loisir-creatif-bullet-journal-janvier-2-333x500.jpeg 333w, https:\/\/www.cocondedecoration.com\/blog\/wp-content\/uploads\/2023\/01\/loisir-creatif-bullet-journal-janvier-2.jpeg 1000w\" sizes=\"(max-width: 640px) 100vw, 640px\" \/><figcaption>hayleyefrerichs.com\n<\/figcaption><\/figure><\/li><li class=\"blocks-gallery-item\"><figure><img loading=\"lazy\" decoding=\"async\" width=\"640\" height=\"960\" src=\"https:\/\/www.cocondedecoration.com\/blog\/wp-content\/uploads\/2023\/01\/loisir-creatif-bullet-journal-janvier-3-640x960.jpeg\" alt=\"loisir creatif bullet journal janvier page de garde horoscope signe du zodiaque noir et blanc\" data-id=\"56467\" data-link=\"https:\/\/www.cocondedecoration.com\/blog\/?attachment_id=56467\" class=\"wp-image-56467\" srcset=\"https:\/\/www.cocondedecoration.com\/blog\/wp-content\/uploads\/2023\/01\/loisir-creatif-bullet-journal-janvier-3-640x960.jpeg 640w, https:\/\/www.cocondedecoration.com\/blog\/wp-content\/uploads\/2023\/01\/loisir-creatif-bullet-journal-janvier-3-260x390.jpeg 260w, https:\/\/www.cocondedecoration.com\/blog\/wp-content\/uploads\/2023\/01\/loisir-creatif-bullet-journal-janvier-3-768x1152.jpeg 768w, https:\/\/www.cocondedecoration.com\/blog\/wp-content\/uploads\/2023\/01\/loisir-creatif-bullet-journal-janvier-3-367x550.jpeg 367w, https:\/\/www.cocondedecoration.com\/blog\/wp-content\/uploads\/2023\/01\/loisir-creatif-bullet-journal-janvier-3-333x500.jpeg 333w, https:\/\/www.cocondedecoration.com\/blog\/wp-content\/uploads\/2023\/01\/loisir-creatif-bullet-journal-janvier-3.jpeg 1000w\" sizes=\"(max-width: 640px) 100vw, 640px\" \/><figcaption>crazylaura.com\n<\/figcaption><\/figure><\/li><\/ul>\n\n\n\n<h2 class=\"wp-block-heading\">F\u00e9vrier - quels th\u00e8mes choisir pour d\u00e9corer le bullet journal?<br><\/h2>\n\n\n\n<p><strong>Dates &amp; \u00e9v\u00e9nements importants en f\u00e9vrier: <br><\/strong><\/p>\n\n\n\n<ul><li>2 f\u00e9vrier: Chandeleur<\/li><li>14 f\u00e9vrier: Saint Valentin <\/li><li>D\u00e9but des vacances d'hiver<\/li><\/ul>\n\n\n\n<p>Le premier th\u00e8me qui me vient en t\u00eate pour f\u00e9vrier est bien entendu la f\u00eate des amoureux. Du rose, du rouge, des coeurs, des chocolats... C'est un th\u00e8me riche en symboles qu'il est facile d'exploiter. Ce qui est int\u00e9ressant c'est que cette palette de couleurs relative \u00e0 l'amour change des couleurs hivernales habituellement utilis\u00e9es. Ca r\u00e9chauffe un peu l'atmosph\u00e8re du bujo! <br>Certaines personnes utilisent le bujo pour garder sous la main les recettes de cuisine. C'est l'occasion en f\u00e9vrier d'ajouter la recette de cr\u00eapes pour la Chandeleur. Et si vous n'\u00eates ni branch\u00e9(e) par le romantisme de la saint Valentin ou par la gourmandise des cr\u00eapes, il est toujours possible de s'inspirer des vacances \u00e0 la montagne, au ski puisque c'est le d\u00e9but des vacances de f\u00e9vrier aussi. <\/p>\n\n\n\n<ul class=\"wp-block-gallery columns-3 is-cropped wp-block-gallery-2 is-layout-flex wp-block-gallery-is-layout-flex\"><li class=\"blocks-gallery-item\"><figure><img loading=\"lazy\" decoding=\"async\" width=\"640\" height=\"960\" src=\"https:\/\/www.cocondedecoration.com\/blog\/wp-content\/uploads\/2023\/01\/loisir-creatif-bujo-page-de-garde-fevrier-1-640x960.jpeg\" alt=\"loisir creatif bujo page de garde fevrier dessin facile saint valentin enveloppe petits bonbons\" data-id=\"56468\" data-link=\"https:\/\/www.cocondedecoration.com\/blog\/?attachment_id=56468\" class=\"wp-image-56468\" srcset=\"https:\/\/www.cocondedecoration.com\/blog\/wp-content\/uploads\/2023\/01\/loisir-creatif-bujo-page-de-garde-fevrier-1-640x960.jpeg 640w, https:\/\/www.cocondedecoration.com\/blog\/wp-content\/uploads\/2023\/01\/loisir-creatif-bujo-page-de-garde-fevrier-1-260x390.jpeg 260w, https:\/\/www.cocondedecoration.com\/blog\/wp-content\/uploads\/2023\/01\/loisir-creatif-bujo-page-de-garde-fevrier-1-768x1152.jpeg 768w, https:\/\/www.cocondedecoration.com\/blog\/wp-content\/uploads\/2023\/01\/loisir-creatif-bujo-page-de-garde-fevrier-1-367x550.jpeg 367w, https:\/\/www.cocondedecoration.com\/blog\/wp-content\/uploads\/2023\/01\/loisir-creatif-bujo-page-de-garde-fevrier-1-333x500.jpeg 333w, https:\/\/www.cocondedecoration.com\/blog\/wp-content\/uploads\/2023\/01\/loisir-creatif-bujo-page-de-garde-fevrier-1.jpeg 1000w\" sizes=\"(max-width: 640px) 100vw, 640px\" \/><figcaption>atinydreamer.com\n<\/figcaption><\/figure><\/li><li class=\"blocks-gallery-item\"><figure><img loading=\"lazy\" decoding=\"async\" width=\"640\" height=\"960\" src=\"https:\/\/www.cocondedecoration.com\/blog\/wp-content\/uploads\/2023\/01\/loisir-creatif-bujo-page-de-garde-fevrier-2-640x960.jpeg\" alt=\"loisir creatif bujo page de garde fevrier chci \u00e9l\u00e9gant fleur inspiration art d\u00e9co\" data-id=\"56469\" data-link=\"https:\/\/www.cocondedecoration.com\/blog\/?attachment_id=56469\" class=\"wp-image-56469\" srcset=\"https:\/\/www.cocondedecoration.com\/blog\/wp-content\/uploads\/2023\/01\/loisir-creatif-bujo-page-de-garde-fevrier-2-640x960.jpeg 640w, https:\/\/www.cocondedecoration.com\/blog\/wp-content\/uploads\/2023\/01\/loisir-creatif-bujo-page-de-garde-fevrier-2-260x390.jpeg 260w, https:\/\/www.cocondedecoration.com\/blog\/wp-content\/uploads\/2023\/01\/loisir-creatif-bujo-page-de-garde-fevrier-2-768x1152.jpeg 768w, https:\/\/www.cocondedecoration.com\/blog\/wp-content\/uploads\/2023\/01\/loisir-creatif-bujo-page-de-garde-fevrier-2-367x550.jpeg 367w, https:\/\/www.cocondedecoration.com\/blog\/wp-content\/uploads\/2023\/01\/loisir-creatif-bujo-page-de-garde-fevrier-2-333x500.jpeg 333w, https:\/\/www.cocondedecoration.com\/blog\/wp-content\/uploads\/2023\/01\/loisir-creatif-bujo-page-de-garde-fevrier-2.jpeg 1000w\" sizes=\"(max-width: 640px) 100vw, 640px\" \/><figcaption>crazylaura.com\n<\/figcaption><\/figure><\/li><li class=\"blocks-gallery-item\"><figure><img loading=\"lazy\" decoding=\"async\" width=\"640\" height=\"960\" src=\"https:\/\/www.cocondedecoration.com\/blog\/wp-content\/uploads\/2023\/01\/loisir-creatif-bujo-page-de-garde-fevrier-3-640x960.jpeg\" alt=\"loisir creatif bujo page de garde fevrier moodbaord dessin saint Valentin\" data-id=\"56470\" data-link=\"https:\/\/www.cocondedecoration.com\/blog\/?attachment_id=56470\" class=\"wp-image-56470\" srcset=\"https:\/\/www.cocondedecoration.com\/blog\/wp-content\/uploads\/2023\/01\/loisir-creatif-bujo-page-de-garde-fevrier-3-640x960.jpeg 640w, https:\/\/www.cocondedecoration.com\/blog\/wp-content\/uploads\/2023\/01\/loisir-creatif-bujo-page-de-garde-fevrier-3-260x390.jpeg 260w, https:\/\/www.cocondedecoration.com\/blog\/wp-content\/uploads\/2023\/01\/loisir-creatif-bujo-page-de-garde-fevrier-3-768x1152.jpeg 768w, https:\/\/www.cocondedecoration.com\/blog\/wp-content\/uploads\/2023\/01\/loisir-creatif-bujo-page-de-garde-fevrier-3-367x550.jpeg 367w, https:\/\/www.cocondedecoration.com\/blog\/wp-content\/uploads\/2023\/01\/loisir-creatif-bujo-page-de-garde-fevrier-3-333x500.jpeg 333w, https:\/\/www.cocondedecoration.com\/blog\/wp-content\/uploads\/2023\/01\/loisir-creatif-bujo-page-de-garde-fevrier-3.jpeg 1000w\" sizes=\"(max-width: 640px) 100vw, 640px\" \/><figcaption>maytheray.com\n<\/figcaption><\/figure><\/li><\/ul>\n\n\n\n<h2 class=\"wp-block-heading\">Quoi dessiner en mars dans un bullet journal? <\/h2>\n\n\n\n<p><strong>Dates &amp; \u00e9v\u00e9nements importants en mars:<\/strong><\/p>\n\n\n\n<ul><li>F\u00eate des grands m\u00e8res (le 5 mars) <\/li><li>Journ\u00e9e internationale des droits de la femme (8 mars) <\/li><li>Printemps (20 mars) <\/li><li>D\u00e9but du Ramadan (22 mars) <\/li><\/ul>\n\n\n\n<p>Dans les principaux \u00e9v\u00e8nements qui se d\u00e9roulent au mois de mars, la th\u00e9matique du printemps est celle qui me parle le plus. La nature, les couleurs plus chaudes, une certaine douceur de vivre s'installent sur les pages du journal apr\u00e8s de longs mois d'hiver. J'aime cette id\u00e9e de renouveau inspir\u00e9e par le changement de saison. <br>A lire aussi: <a rel=\"noreferrer noopener\" aria-label=\"Un bullet journal sur le th\u00e8me de la nature (s\u2019ouvre dans un nouvel onglet)\" href=\"https:\/\/www.cocondedecoration.com\/blog\/2022\/06\/bullet-journal-deco-nature\/\" target=\"_blank\">Un bullet journal sur le th\u00e8me de la nature<\/a><\/p>\n\n\n\n<ul class=\"wp-block-gallery columns-3 is-cropped wp-block-gallery-3 is-layout-flex wp-block-gallery-is-layout-flex\"><li class=\"blocks-gallery-item\"><figure><img loading=\"lazy\" decoding=\"async\" width=\"640\" height=\"960\" src=\"https:\/\/www.cocondedecoration.com\/blog\/wp-content\/uploads\/2023\/01\/bullet-journal-idee-mars-loisir-creatif-1-640x960.jpeg\" alt=\"bullet journal idee mars loisir creatif printemps feuille v\u00e9g\u00e9tal dessin vert\" data-id=\"56471\" data-link=\"https:\/\/www.cocondedecoration.com\/blog\/?attachment_id=56471\" class=\"wp-image-56471\" srcset=\"https:\/\/www.cocondedecoration.com\/blog\/wp-content\/uploads\/2023\/01\/bullet-journal-idee-mars-loisir-creatif-1-640x960.jpeg 640w, https:\/\/www.cocondedecoration.com\/blog\/wp-content\/uploads\/2023\/01\/bullet-journal-idee-mars-loisir-creatif-1-260x390.jpeg 260w, https:\/\/www.cocondedecoration.com\/blog\/wp-content\/uploads\/2023\/01\/bullet-journal-idee-mars-loisir-creatif-1-768x1152.jpeg 768w, https:\/\/www.cocondedecoration.com\/blog\/wp-content\/uploads\/2023\/01\/bullet-journal-idee-mars-loisir-creatif-1-367x550.jpeg 367w, https:\/\/www.cocondedecoration.com\/blog\/wp-content\/uploads\/2023\/01\/bullet-journal-idee-mars-loisir-creatif-1-333x500.jpeg 333w, https:\/\/www.cocondedecoration.com\/blog\/wp-content\/uploads\/2023\/01\/bullet-journal-idee-mars-loisir-creatif-1.jpeg 1000w\" sizes=\"(max-width: 640px) 100vw, 640px\" \/><figcaption>blissdegree.com\n<\/figcaption><\/figure><\/li><li class=\"blocks-gallery-item\"><figure><img loading=\"lazy\" decoding=\"async\" width=\"640\" height=\"960\" src=\"https:\/\/www.cocondedecoration.com\/blog\/wp-content\/uploads\/2023\/01\/bullet-journal-idee-mars-loisir-creatif-2-640x960.jpeg\" alt=\"bullet journal idee mars loisir creatif libellule dessin original\" data-id=\"56472\" data-link=\"https:\/\/www.cocondedecoration.com\/blog\/?attachment_id=56472\" class=\"wp-image-56472\" srcset=\"https:\/\/www.cocondedecoration.com\/blog\/wp-content\/uploads\/2023\/01\/bullet-journal-idee-mars-loisir-creatif-2-640x960.jpeg 640w, https:\/\/www.cocondedecoration.com\/blog\/wp-content\/uploads\/2023\/01\/bullet-journal-idee-mars-loisir-creatif-2-260x390.jpeg 260w, https:\/\/www.cocondedecoration.com\/blog\/wp-content\/uploads\/2023\/01\/bullet-journal-idee-mars-loisir-creatif-2-768x1152.jpeg 768w, https:\/\/www.cocondedecoration.com\/blog\/wp-content\/uploads\/2023\/01\/bullet-journal-idee-mars-loisir-creatif-2-367x550.jpeg 367w, https:\/\/www.cocondedecoration.com\/blog\/wp-content\/uploads\/2023\/01\/bullet-journal-idee-mars-loisir-creatif-2-333x500.jpeg 333w, https:\/\/www.cocondedecoration.com\/blog\/wp-content\/uploads\/2023\/01\/bullet-journal-idee-mars-loisir-creatif-2.jpeg 1000w\" sizes=\"(max-width: 640px) 100vw, 640px\" \/><figcaption>atinydreamer.com\n<\/figcaption><\/figure><\/li><li class=\"blocks-gallery-item\"><figure><img loading=\"lazy\" decoding=\"async\" width=\"640\" height=\"960\" src=\"https:\/\/www.cocondedecoration.com\/blog\/wp-content\/uploads\/2023\/01\/page-de-garde-bujo-mars-640x960.jpeg\" alt=\"page de garde bujo mars jolie typo fleur orange jaune et d\u00e9tails noirs\" data-id=\"56474\" data-link=\"https:\/\/www.cocondedecoration.com\/blog\/?attachment_id=56474\" class=\"wp-image-56474\" srcset=\"https:\/\/www.cocondedecoration.com\/blog\/wp-content\/uploads\/2023\/01\/page-de-garde-bujo-mars-640x960.jpeg 640w, https:\/\/www.cocondedecoration.com\/blog\/wp-content\/uploads\/2023\/01\/page-de-garde-bujo-mars-260x390.jpeg 260w, https:\/\/www.cocondedecoration.com\/blog\/wp-content\/uploads\/2023\/01\/page-de-garde-bujo-mars-768x1152.jpeg 768w, https:\/\/www.cocondedecoration.com\/blog\/wp-content\/uploads\/2023\/01\/page-de-garde-bujo-mars-367x550.jpeg 367w, https:\/\/www.cocondedecoration.com\/blog\/wp-content\/uploads\/2023\/01\/page-de-garde-bujo-mars-333x500.jpeg 333w, https:\/\/www.cocondedecoration.com\/blog\/wp-content\/uploads\/2023\/01\/page-de-garde-bujo-mars.jpeg 1000w\" sizes=\"(max-width: 640px) 100vw, 640px\" \/><figcaption>instagram.com\n<\/figcaption><\/figure><\/li><\/ul>\n\n\n\n<h2 class=\"wp-block-heading\">Bujo en avril -  des th\u00e9matiques d\u00e9co plus d\u00e9contract\u00e9es<\/h2>\n\n\n\n<p><strong>Dates &amp; \u00e9v\u00e9nements importants en avril:<\/strong><\/p>\n\n\n\n<ul><li>1er avril: Poisson d'avril <\/li><li>Les 9 et 10 avril: P\u00e2ques <\/li><li>Vacances de printemps<\/li><\/ul>\n\n\n\n<p>Entre P\u00e2ques et les vacances de printemps, on a envie de c\u00e9l\u00e9brer le retour des beaux jours, m\u00eame s'il parait qu'\"en avril, ne te d\u00e9couvre pas d'un fil\". C'est un mois qui peut se vouloir plus l\u00e9ger, plus d\u00e9contract\u00e9. Comme la m\u00e9t\u00e9o est plus cl\u00e9mente, on va plus facilement profiter de l'ext\u00e9rieur et cela peut \u00eatre une source d'inspirations. Une promenade dans un parc ou en for\u00eat peut \u00eatre le point de d\u00e9part de votre th\u00e9matique d'avril. <\/p>\n\n\n\n<ul class=\"wp-block-gallery columns-3 is-cropped wp-block-gallery-4 is-layout-flex wp-block-gallery-is-layout-flex\"><li class=\"blocks-gallery-item\"><figure><img loading=\"lazy\" decoding=\"async\" width=\"640\" height=\"960\" src=\"https:\/\/www.cocondedecoration.com\/blog\/wp-content\/uploads\/2023\/01\/bullet-journal-avril-exemple-dessin-1-640x960.jpeg\" alt=\"bullet journal avril exemple dessin page de garde montgolfi\u00e8res\" data-id=\"56475\" data-link=\"https:\/\/www.cocondedecoration.com\/blog\/?attachment_id=56475\" class=\"wp-image-56475\" srcset=\"https:\/\/www.cocondedecoration.com\/blog\/wp-content\/uploads\/2023\/01\/bullet-journal-avril-exemple-dessin-1-640x960.jpeg 640w, https:\/\/www.cocondedecoration.com\/blog\/wp-content\/uploads\/2023\/01\/bullet-journal-avril-exemple-dessin-1-260x390.jpeg 260w, https:\/\/www.cocondedecoration.com\/blog\/wp-content\/uploads\/2023\/01\/bullet-journal-avril-exemple-dessin-1-768x1152.jpeg 768w, https:\/\/www.cocondedecoration.com\/blog\/wp-content\/uploads\/2023\/01\/bullet-journal-avril-exemple-dessin-1-367x550.jpeg 367w, https:\/\/www.cocondedecoration.com\/blog\/wp-content\/uploads\/2023\/01\/bullet-journal-avril-exemple-dessin-1-333x500.jpeg 333w, https:\/\/www.cocondedecoration.com\/blog\/wp-content\/uploads\/2023\/01\/bullet-journal-avril-exemple-dessin-1.jpeg 1000w\" sizes=\"(max-width: 640px) 100vw, 640px\" \/><figcaption>le-blog-de-lulu.over-blog.com\n<\/figcaption><\/figure><\/li><li class=\"blocks-gallery-item\"><figure><img loading=\"lazy\" decoding=\"async\" width=\"640\" height=\"960\" src=\"https:\/\/www.cocondedecoration.com\/blog\/wp-content\/uploads\/2023\/01\/bullet-journal-avril-exemple-dessin-2-640x960.jpeg\" alt=\"bullet journal avril exemple dessin page de garde soliflore aquarelle printemps\" data-id=\"56476\" data-link=\"https:\/\/www.cocondedecoration.com\/blog\/?attachment_id=56476\" class=\"wp-image-56476\" srcset=\"https:\/\/www.cocondedecoration.com\/blog\/wp-content\/uploads\/2023\/01\/bullet-journal-avril-exemple-dessin-2-640x960.jpeg 640w, https:\/\/www.cocondedecoration.com\/blog\/wp-content\/uploads\/2023\/01\/bullet-journal-avril-exemple-dessin-2-260x390.jpeg 260w, https:\/\/www.cocondedecoration.com\/blog\/wp-content\/uploads\/2023\/01\/bullet-journal-avril-exemple-dessin-2-768x1152.jpeg 768w, https:\/\/www.cocondedecoration.com\/blog\/wp-content\/uploads\/2023\/01\/bullet-journal-avril-exemple-dessin-2-367x550.jpeg 367w, https:\/\/www.cocondedecoration.com\/blog\/wp-content\/uploads\/2023\/01\/bullet-journal-avril-exemple-dessin-2-333x500.jpeg 333w, https:\/\/www.cocondedecoration.com\/blog\/wp-content\/uploads\/2023\/01\/bullet-journal-avril-exemple-dessin-2.jpeg 1000w\" sizes=\"(max-width: 640px) 100vw, 640px\" \/><figcaption>atinydreamer.com\n<\/figcaption><\/figure><\/li><li class=\"blocks-gallery-item\"><figure><img loading=\"lazy\" decoding=\"async\" width=\"640\" height=\"960\" src=\"https:\/\/www.cocondedecoration.com\/blog\/wp-content\/uploads\/2023\/01\/bullet-journal-idee-mars-loisir-creatif-3-640x960.jpeg\" alt=\"bullet journal idee avril loisir creatif page calendrier semaine fleur marguerite\" data-id=\"56473\" data-link=\"https:\/\/www.cocondedecoration.com\/blog\/?attachment_id=56473\" class=\"wp-image-56473\" srcset=\"https:\/\/www.cocondedecoration.com\/blog\/wp-content\/uploads\/2023\/01\/bullet-journal-idee-mars-loisir-creatif-3-640x960.jpeg 640w, https:\/\/www.cocondedecoration.com\/blog\/wp-content\/uploads\/2023\/01\/bullet-journal-idee-mars-loisir-creatif-3-260x390.jpeg 260w, https:\/\/www.cocondedecoration.com\/blog\/wp-content\/uploads\/2023\/01\/bullet-journal-idee-mars-loisir-creatif-3-768x1152.jpeg 768w, https:\/\/www.cocondedecoration.com\/blog\/wp-content\/uploads\/2023\/01\/bullet-journal-idee-mars-loisir-creatif-3-367x550.jpeg 367w, https:\/\/www.cocondedecoration.com\/blog\/wp-content\/uploads\/2023\/01\/bullet-journal-idee-mars-loisir-creatif-3-333x500.jpeg 333w, https:\/\/www.cocondedecoration.com\/blog\/wp-content\/uploads\/2023\/01\/bullet-journal-idee-mars-loisir-creatif-3.jpeg 1000w\" sizes=\"(max-width: 640px) 100vw, 640px\" \/><figcaption>crazylaura.com<\/figcaption><\/figure><\/li><\/ul>\n\n\n\n<h2 class=\"wp-block-heading\">En Mai - fais ce qu'il te plait dans ton bullet journal <\/h2>\n\n\n\n<p><strong>Dates &amp; \u00e9v\u00e9nements importants en mai:<\/strong><\/p>\n\n\n\n<ul><li>1er mai: F\u00eate du travail <\/li><li>4 mai: Pour les Geeks - May the Forth be with you <\/li><li>18 mai: Ascension  <\/li><li>28 mai: F\u00eate des m\u00e8res  <\/li><\/ul>\n\n\n\n<p>Le fameux mois de mai avec ses jours f\u00e9ri\u00e9s et \u00e9ventuellement ses ponts. J'avoue, la f\u00eate du travail ou l'Ascension ne sont pas des th\u00e9matiques qui m'inspirent sp\u00e9cialement pour personnaliser un bullet journal. Je suis plus inspir\u00e9e par l'adage: \"En mai, fais ce qu'il te plait\". Ca peut \u00eatre l'occasion de mettre en dessin vos passions, ce que vous aimez ou m\u00eame juste l'id\u00e9e de libert\u00e9. <br>Il faut que j'y pense quand on sera au mois de mai (ou avril pour ne pas \u00eatre compl\u00e8tement \u00e0 la bourre...) mais le th\u00e8me Star Wars peut trouver sa place dans votre bujo. Cela vient d'une blague anglophone du: \"Que la force soit avec toi\". En fran\u00e7ais, \u00e7a n'a ni queue ni t\u00eate mais les fans de Star Wars auront compris! <\/p>\n\n\n\n<ul class=\"wp-block-gallery columns-3 is-cropped wp-block-gallery-5 is-layout-flex wp-block-gallery-is-layout-flex\"><li class=\"blocks-gallery-item\"><figure><img loading=\"lazy\" decoding=\"async\" width=\"640\" height=\"960\" src=\"https:\/\/www.cocondedecoration.com\/blog\/wp-content\/uploads\/2023\/01\/bullet-journal-page-dessin-mai-1-640x960.jpeg\" alt=\"bullet journal page dessin mai petite fleur encadrement exemple jolie typo fait main\" data-id=\"56477\" data-link=\"https:\/\/www.cocondedecoration.com\/blog\/?attachment_id=56477\" class=\"wp-image-56477\" srcset=\"https:\/\/www.cocondedecoration.com\/blog\/wp-content\/uploads\/2023\/01\/bullet-journal-page-dessin-mai-1-640x960.jpeg 640w, https:\/\/www.cocondedecoration.com\/blog\/wp-content\/uploads\/2023\/01\/bullet-journal-page-dessin-mai-1-260x390.jpeg 260w, https:\/\/www.cocondedecoration.com\/blog\/wp-content\/uploads\/2023\/01\/bullet-journal-page-dessin-mai-1-768x1152.jpeg 768w, https:\/\/www.cocondedecoration.com\/blog\/wp-content\/uploads\/2023\/01\/bullet-journal-page-dessin-mai-1-367x550.jpeg 367w, https:\/\/www.cocondedecoration.com\/blog\/wp-content\/uploads\/2023\/01\/bullet-journal-page-dessin-mai-1-333x500.jpeg 333w, https:\/\/www.cocondedecoration.com\/blog\/wp-content\/uploads\/2023\/01\/bullet-journal-page-dessin-mai-1.jpeg 1000w\" sizes=\"(max-width: 640px) 100vw, 640px\" \/><figcaption>beautifuldawndesigns.net\n<\/figcaption><\/figure><\/li><li class=\"blocks-gallery-item\"><figure><img loading=\"lazy\" decoding=\"async\" width=\"640\" height=\"960\" src=\"https:\/\/www.cocondedecoration.com\/blog\/wp-content\/uploads\/2023\/01\/bullet-journal-page-dessin-mai-2-640x960.jpeg\" alt=\"bullet journal page dessin mai brin de lavande printemps simple\" data-id=\"56478\" data-link=\"https:\/\/www.cocondedecoration.com\/blog\/?attachment_id=56478\" class=\"wp-image-56478\" srcset=\"https:\/\/www.cocondedecoration.com\/blog\/wp-content\/uploads\/2023\/01\/bullet-journal-page-dessin-mai-2-640x960.jpeg 640w, https:\/\/www.cocondedecoration.com\/blog\/wp-content\/uploads\/2023\/01\/bullet-journal-page-dessin-mai-2-260x390.jpeg 260w, https:\/\/www.cocondedecoration.com\/blog\/wp-content\/uploads\/2023\/01\/bullet-journal-page-dessin-mai-2-768x1152.jpeg 768w, https:\/\/www.cocondedecoration.com\/blog\/wp-content\/uploads\/2023\/01\/bullet-journal-page-dessin-mai-2-367x550.jpeg 367w, https:\/\/www.cocondedecoration.com\/blog\/wp-content\/uploads\/2023\/01\/bullet-journal-page-dessin-mai-2-333x500.jpeg 333w, https:\/\/www.cocondedecoration.com\/blog\/wp-content\/uploads\/2023\/01\/bullet-journal-page-dessin-mai-2.jpeg 1000w\" sizes=\"(max-width: 640px) 100vw, 640px\" \/><figcaption>pinterest.fr<\/figcaption><\/figure><\/li><li class=\"blocks-gallery-item\"><figure><img loading=\"lazy\" decoding=\"async\" width=\"640\" height=\"960\" src=\"https:\/\/www.cocondedecoration.com\/blog\/wp-content\/uploads\/2023\/01\/bullet-journal-page-dessin-mai-3-640x960.jpeg\" alt=\"bullet journal page dessin mai jolie fleur jaune illustration id\u00e9e\" data-id=\"56479\" data-link=\"https:\/\/www.cocondedecoration.com\/blog\/?attachment_id=56479\" class=\"wp-image-56479\" srcset=\"https:\/\/www.cocondedecoration.com\/blog\/wp-content\/uploads\/2023\/01\/bullet-journal-page-dessin-mai-3-640x960.jpeg 640w, https:\/\/www.cocondedecoration.com\/blog\/wp-content\/uploads\/2023\/01\/bullet-journal-page-dessin-mai-3-260x390.jpeg 260w, https:\/\/www.cocondedecoration.com\/blog\/wp-content\/uploads\/2023\/01\/bullet-journal-page-dessin-mai-3-768x1152.jpeg 768w, https:\/\/www.cocondedecoration.com\/blog\/wp-content\/uploads\/2023\/01\/bullet-journal-page-dessin-mai-3-367x550.jpeg 367w, https:\/\/www.cocondedecoration.com\/blog\/wp-content\/uploads\/2023\/01\/bullet-journal-page-dessin-mai-3-333x500.jpeg 333w, https:\/\/www.cocondedecoration.com\/blog\/wp-content\/uploads\/2023\/01\/bullet-journal-page-dessin-mai-3.jpeg 1000w\" sizes=\"(max-width: 640px) 100vw, 640px\" \/><figcaption>youtube.com\n<\/figcaption><\/figure><\/li><\/ul>\n\n\n\n<h2 class=\"wp-block-heading\">Comment personnaliser le mois de juin dans un journal? <\/h2>\n\n\n\n<p><strong>Dates &amp; \u00e9v\u00e9nements importants en juin:<\/strong><\/p>\n\n\n\n<ul><li>18 juin: F\u00eate des p\u00e8res<\/li><li>21 juin: F\u00eate de la musique <\/li><li>21 juin: Et\u00e9  <\/li><\/ul>\n\n\n\n<p>Pour des raisons personnelles, je ne suis pas une grande fan du mois de juin alors que c'est un mois qui commence \u00e0 sentir les vacances et le repos notamment avec l'arriv\u00e9e officielle de l'\u00e9t\u00e9 et la f\u00eate de la musique. On a des palettes de couleurs chaudes, des th\u00e8mes sur les fruits de saison par exemple. C'est un mois normalement de bonne humeur. <br>Cette f\u00eate de la musique est inspirante. Elle est l'occasion de faire des playlists des morceaux que vous pr\u00e9f\u00e9rez, de noter des paroles qui vous parlent, etc. Du contenu qui change des t\u00e2ches habituelles et quotidiennes. M\u00eame si le bullet journal est parfait pour s'organiser au quotidien, il peut aussi \u00eatre plus divertissant, plus l\u00e9ger. <\/p>\n\n\n\n<ul class=\"wp-block-gallery columns-3 is-cropped wp-block-gallery-6 is-layout-flex wp-block-gallery-is-layout-flex\"><li class=\"blocks-gallery-item\"><figure><img loading=\"lazy\" decoding=\"async\" width=\"640\" height=\"960\" src=\"https:\/\/www.cocondedecoration.com\/blog\/wp-content\/uploads\/2023\/01\/page-de-garde-juin-bujo-exemple-1-640x960.jpeg\" alt=\"page de garde juin bujo exemple illustration feuillage tropical gris et orange\" data-id=\"56480\" data-link=\"https:\/\/www.cocondedecoration.com\/blog\/?attachment_id=56480\" class=\"wp-image-56480\" srcset=\"https:\/\/www.cocondedecoration.com\/blog\/wp-content\/uploads\/2023\/01\/page-de-garde-juin-bujo-exemple-1-640x960.jpeg 640w, https:\/\/www.cocondedecoration.com\/blog\/wp-content\/uploads\/2023\/01\/page-de-garde-juin-bujo-exemple-1-260x390.jpeg 260w, https:\/\/www.cocondedecoration.com\/blog\/wp-content\/uploads\/2023\/01\/page-de-garde-juin-bujo-exemple-1-768x1152.jpeg 768w, https:\/\/www.cocondedecoration.com\/blog\/wp-content\/uploads\/2023\/01\/page-de-garde-juin-bujo-exemple-1-367x550.jpeg 367w, https:\/\/www.cocondedecoration.com\/blog\/wp-content\/uploads\/2023\/01\/page-de-garde-juin-bujo-exemple-1-333x500.jpeg 333w, https:\/\/www.cocondedecoration.com\/blog\/wp-content\/uploads\/2023\/01\/page-de-garde-juin-bujo-exemple-1.jpeg 1000w\" sizes=\"(max-width: 640px) 100vw, 640px\" \/><figcaption>bulletjournalsideas.com\n<\/figcaption><\/figure><\/li><li class=\"blocks-gallery-item\"><figure><img loading=\"lazy\" decoding=\"async\" width=\"640\" height=\"960\" src=\"https:\/\/www.cocondedecoration.com\/blog\/wp-content\/uploads\/2023\/01\/page-de-garde-juin-bujo-exemple-2-640x960.jpeg\" alt=\"page de garde juin bujo exemple illustration citron orange agrumes\" data-id=\"56481\" data-link=\"https:\/\/www.cocondedecoration.com\/blog\/?attachment_id=56481\" class=\"wp-image-56481\" srcset=\"https:\/\/www.cocondedecoration.com\/blog\/wp-content\/uploads\/2023\/01\/page-de-garde-juin-bujo-exemple-2-640x960.jpeg 640w, https:\/\/www.cocondedecoration.com\/blog\/wp-content\/uploads\/2023\/01\/page-de-garde-juin-bujo-exemple-2-260x390.jpeg 260w, https:\/\/www.cocondedecoration.com\/blog\/wp-content\/uploads\/2023\/01\/page-de-garde-juin-bujo-exemple-2-768x1152.jpeg 768w, https:\/\/www.cocondedecoration.com\/blog\/wp-content\/uploads\/2023\/01\/page-de-garde-juin-bujo-exemple-2-367x550.jpeg 367w, https:\/\/www.cocondedecoration.com\/blog\/wp-content\/uploads\/2023\/01\/page-de-garde-juin-bujo-exemple-2-333x500.jpeg 333w, https:\/\/www.cocondedecoration.com\/blog\/wp-content\/uploads\/2023\/01\/page-de-garde-juin-bujo-exemple-2.jpeg 1000w\" sizes=\"(max-width: 640px) 100vw, 640px\" \/><figcaption>reddit.com\n<\/figcaption><\/figure><\/li><li class=\"blocks-gallery-item\"><figure><img loading=\"lazy\" decoding=\"async\" width=\"640\" height=\"960\" src=\"https:\/\/www.cocondedecoration.com\/blog\/wp-content\/uploads\/2023\/01\/page-de-garde-juin-bujo-exemple-3-640x960.jpeg\" alt=\"page de garde juin bujo exemple illustration facile cerise et fleurs \u00e9t\u00e9\" data-id=\"56482\" data-link=\"https:\/\/www.cocondedecoration.com\/blog\/?attachment_id=56482\" class=\"wp-image-56482\" srcset=\"https:\/\/www.cocondedecoration.com\/blog\/wp-content\/uploads\/2023\/01\/page-de-garde-juin-bujo-exemple-3-640x960.jpeg 640w, https:\/\/www.cocondedecoration.com\/blog\/wp-content\/uploads\/2023\/01\/page-de-garde-juin-bujo-exemple-3-260x390.jpeg 260w, https:\/\/www.cocondedecoration.com\/blog\/wp-content\/uploads\/2023\/01\/page-de-garde-juin-bujo-exemple-3-768x1152.jpeg 768w, https:\/\/www.cocondedecoration.com\/blog\/wp-content\/uploads\/2023\/01\/page-de-garde-juin-bujo-exemple-3-367x550.jpeg 367w, https:\/\/www.cocondedecoration.com\/blog\/wp-content\/uploads\/2023\/01\/page-de-garde-juin-bujo-exemple-3-333x500.jpeg 333w, https:\/\/www.cocondedecoration.com\/blog\/wp-content\/uploads\/2023\/01\/page-de-garde-juin-bujo-exemple-3.jpeg 1000w\" sizes=\"(max-width: 640px) 100vw, 640px\" \/><figcaption>archerandolive.com\n<\/figcaption><\/figure><\/li><\/ul>\n\n\n\n<h2 class=\"wp-block-heading\">D\u00e9co estivale pour le bullet journal en juillet <br><\/h2>\n\n\n\n<p><strong>Dates &amp; \u00e9v\u00e9nements importants en juillet:<\/strong><\/p>\n\n\n\n<ul><li>Vacances scolaires d'\u00e9t\u00e9 <\/li><li>F\u00eate nationale (14 juillet) <\/li><\/ul>\n\n\n\n<p>M\u00eame si je ne prends pas de vacances et que globalement je vis au soleil une bonne partie de l'ann\u00e9e, j'aime l'id\u00e9e du mois de juillet et le sentiment de vacances inh\u00e9rent \u00e0 ce mois. N'\u00e9tant pas chauvine pour 2 ronds, la f\u00eate nationale ne m'inspire pas des masses. Les vacances bien plus! De la couleurs, des activit\u00e9s de plages (jeux de ballons, transat, lectures...), des paysages diff\u00e9rents si on a la chance de partir... Il y a de quoi faire! D'ailleurs, j'ai d\u00e9j\u00e0 consacr\u00e9 un article autour des vacances pour le bujo, vous pouvez <a href=\"https:\/\/www.cocondedecoration.com\/blog\/2022\/07\/bullet-journal-theme-vacances\/\" target=\"_blank\" rel=\"noreferrer noopener\" aria-label=\"le retrouver ici (s\u2019ouvre dans un nouvel onglet)\">le retrouver ici<\/a>. <br><\/p>\n\n\n\n<ul class=\"wp-block-gallery columns-3 is-cropped wp-block-gallery-7 is-layout-flex wp-block-gallery-is-layout-flex\"><li class=\"blocks-gallery-item\"><figure><img loading=\"lazy\" decoding=\"async\" width=\"640\" height=\"960\" src=\"https:\/\/www.cocondedecoration.com\/blog\/wp-content\/uploads\/2023\/01\/bujo-juillet-idee-page-de-garde-1-640x960.jpeg\" alt=\"bujo juillet idee page de garde dessin en noir et blanc fleur calendrier\" data-id=\"56483\" data-link=\"https:\/\/www.cocondedecoration.com\/blog\/?attachment_id=56483\" class=\"wp-image-56483\" srcset=\"https:\/\/www.cocondedecoration.com\/blog\/wp-content\/uploads\/2023\/01\/bujo-juillet-idee-page-de-garde-1-640x960.jpeg 640w, https:\/\/www.cocondedecoration.com\/blog\/wp-content\/uploads\/2023\/01\/bujo-juillet-idee-page-de-garde-1-260x390.jpeg 260w, https:\/\/www.cocondedecoration.com\/blog\/wp-content\/uploads\/2023\/01\/bujo-juillet-idee-page-de-garde-1-768x1152.jpeg 768w, https:\/\/www.cocondedecoration.com\/blog\/wp-content\/uploads\/2023\/01\/bujo-juillet-idee-page-de-garde-1-367x550.jpeg 367w, https:\/\/www.cocondedecoration.com\/blog\/wp-content\/uploads\/2023\/01\/bujo-juillet-idee-page-de-garde-1-333x500.jpeg 333w, https:\/\/www.cocondedecoration.com\/blog\/wp-content\/uploads\/2023\/01\/bujo-juillet-idee-page-de-garde-1.jpeg 1000w\" sizes=\"(max-width: 640px) 100vw, 640px\" \/><figcaption>Bridget\u2019s Art via Pinterest<\/figcaption><\/figure><\/li><li class=\"blocks-gallery-item\"><figure><img loading=\"lazy\" decoding=\"async\" width=\"640\" height=\"960\" src=\"https:\/\/www.cocondedecoration.com\/blog\/wp-content\/uploads\/2023\/01\/bujo-juillet-idee-page-de-garde-2-640x960.jpeg\" alt=\"bujo juillet idee page de garde couleur vacances original illustration\" data-id=\"56484\" data-link=\"https:\/\/www.cocondedecoration.com\/blog\/?attachment_id=56484\" class=\"wp-image-56484\" srcset=\"https:\/\/www.cocondedecoration.com\/blog\/wp-content\/uploads\/2023\/01\/bujo-juillet-idee-page-de-garde-2-640x960.jpeg 640w, https:\/\/www.cocondedecoration.com\/blog\/wp-content\/uploads\/2023\/01\/bujo-juillet-idee-page-de-garde-2-260x390.jpeg 260w, https:\/\/www.cocondedecoration.com\/blog\/wp-content\/uploads\/2023\/01\/bujo-juillet-idee-page-de-garde-2-768x1152.jpeg 768w, https:\/\/www.cocondedecoration.com\/blog\/wp-content\/uploads\/2023\/01\/bujo-juillet-idee-page-de-garde-2-367x550.jpeg 367w, https:\/\/www.cocondedecoration.com\/blog\/wp-content\/uploads\/2023\/01\/bujo-juillet-idee-page-de-garde-2-333x500.jpeg 333w, https:\/\/www.cocondedecoration.com\/blog\/wp-content\/uploads\/2023\/01\/bujo-juillet-idee-page-de-garde-2.jpeg 1000w\" sizes=\"(max-width: 640px) 100vw, 640px\" \/><figcaption>youtu.be\n<\/figcaption><\/figure><\/li><li class=\"blocks-gallery-item\"><figure><img loading=\"lazy\" decoding=\"async\" width=\"640\" height=\"960\" src=\"https:\/\/www.cocondedecoration.com\/blog\/wp-content\/uploads\/2023\/01\/bujo-juillet-idee-page-de-garde-3-640x960.jpeg\" alt=\"bujo juillet idee page de garde vacances cano\u00eb kayak\" data-id=\"56485\" data-link=\"https:\/\/www.cocondedecoration.com\/blog\/?attachment_id=56485\" class=\"wp-image-56485\" srcset=\"https:\/\/www.cocondedecoration.com\/blog\/wp-content\/uploads\/2023\/01\/bujo-juillet-idee-page-de-garde-3-640x960.jpeg 640w, https:\/\/www.cocondedecoration.com\/blog\/wp-content\/uploads\/2023\/01\/bujo-juillet-idee-page-de-garde-3-260x390.jpeg 260w, https:\/\/www.cocondedecoration.com\/blog\/wp-content\/uploads\/2023\/01\/bujo-juillet-idee-page-de-garde-3-768x1152.jpeg 768w, https:\/\/www.cocondedecoration.com\/blog\/wp-content\/uploads\/2023\/01\/bujo-juillet-idee-page-de-garde-3-367x550.jpeg 367w, https:\/\/www.cocondedecoration.com\/blog\/wp-content\/uploads\/2023\/01\/bujo-juillet-idee-page-de-garde-3-333x500.jpeg 333w, https:\/\/www.cocondedecoration.com\/blog\/wp-content\/uploads\/2023\/01\/bujo-juillet-idee-page-de-garde-3.jpeg 1000w\" sizes=\"(max-width: 640px) 100vw, 640px\" \/><figcaption>artisthue.com\n<\/figcaption><\/figure><\/li><\/ul>\n\n\n\n<h2 class=\"wp-block-heading\">Comment personnaliser son journal \u00e0 bulles en ao\u00fbt?  <\/h2>\n\n\n\n<p><strong>Dates &amp; \u00e9v\u00e9nements importants en ao\u00fbt:<\/strong><br><\/p>\n\n\n\n<ul><li>4 ao\u00fbt: Journ\u00e9e internationale de la bi\u00e8re <\/li><li>15 ao\u00fbt: Assomption <\/li><\/ul>\n\n\n\n<p>Comme le mois pr\u00e9c\u00e9dent, le mois d'ao\u00fbt peut avoir comme th\u00e9matique principale les vacances. En pr\u00e9parant cet article, j'ai d\u00e9couvert aussi qu'au d\u00e9but du mois c'\u00e9tait la journ\u00e9e internationale de la bi\u00e8re et \u00e7a me parle bien comme th\u00e9matique. (Ca ne devrait pas vous \u00e9tonner si vous suivez mes stories sur les r\u00e9seaux sociaux). Dans mon journal de voyage par exemple, je colle fr\u00e9quemment les \u00e9tiquettes des bi\u00e8res bues dans les pays dans lesquels je vis. Ca peut \u00eatre une id\u00e9e d'illustrations si vous aimez la bi\u00e8re. Et \u00e7a change des th\u00e8mes classiques et attendus! <\/p>\n\n\n\n<ul class=\"wp-block-gallery columns-3 is-cropped wp-block-gallery-8 is-layout-flex wp-block-gallery-is-layout-flex\"><li class=\"blocks-gallery-item\"><figure><img loading=\"lazy\" decoding=\"async\" width=\"640\" height=\"960\" src=\"https:\/\/www.cocondedecoration.com\/blog\/wp-content\/uploads\/2023\/01\/loisirs-creatifs-bujo-vacances-aout-1-640x960.jpeg\" alt=\"loisirs creatifs bujo vacances aout papillon fleur illustration originale\" data-id=\"56486\" data-link=\"https:\/\/www.cocondedecoration.com\/blog\/?attachment_id=56486\" class=\"wp-image-56486\" srcset=\"https:\/\/www.cocondedecoration.com\/blog\/wp-content\/uploads\/2023\/01\/loisirs-creatifs-bujo-vacances-aout-1-640x960.jpeg 640w, https:\/\/www.cocondedecoration.com\/blog\/wp-content\/uploads\/2023\/01\/loisirs-creatifs-bujo-vacances-aout-1-260x390.jpeg 260w, https:\/\/www.cocondedecoration.com\/blog\/wp-content\/uploads\/2023\/01\/loisirs-creatifs-bujo-vacances-aout-1-768x1152.jpeg 768w, https:\/\/www.cocondedecoration.com\/blog\/wp-content\/uploads\/2023\/01\/loisirs-creatifs-bujo-vacances-aout-1-367x550.jpeg 367w, https:\/\/www.cocondedecoration.com\/blog\/wp-content\/uploads\/2023\/01\/loisirs-creatifs-bujo-vacances-aout-1-333x500.jpeg 333w, https:\/\/www.cocondedecoration.com\/blog\/wp-content\/uploads\/2023\/01\/loisirs-creatifs-bujo-vacances-aout-1.jpeg 1000w\" sizes=\"(max-width: 640px) 100vw, 640px\" \/><figcaption>beautifuldawndesigns.net\n<\/figcaption><\/figure><\/li><li class=\"blocks-gallery-item\"><figure><img loading=\"lazy\" decoding=\"async\" width=\"640\" height=\"960\" src=\"https:\/\/www.cocondedecoration.com\/blog\/wp-content\/uploads\/2023\/01\/loisirs-creatifs-bujo-vacances-aout-2-640x960.jpeg\" alt=\"loisirs creatifs bujo vacances aout noix de cocon motifs couleur plage\" data-id=\"56487\" data-link=\"https:\/\/www.cocondedecoration.com\/blog\/?attachment_id=56487\" class=\"wp-image-56487\" srcset=\"https:\/\/www.cocondedecoration.com\/blog\/wp-content\/uploads\/2023\/01\/loisirs-creatifs-bujo-vacances-aout-2-640x960.jpeg 640w, https:\/\/www.cocondedecoration.com\/blog\/wp-content\/uploads\/2023\/01\/loisirs-creatifs-bujo-vacances-aout-2-260x390.jpeg 260w, https:\/\/www.cocondedecoration.com\/blog\/wp-content\/uploads\/2023\/01\/loisirs-creatifs-bujo-vacances-aout-2-768x1152.jpeg 768w, https:\/\/www.cocondedecoration.com\/blog\/wp-content\/uploads\/2023\/01\/loisirs-creatifs-bujo-vacances-aout-2-367x550.jpeg 367w, https:\/\/www.cocondedecoration.com\/blog\/wp-content\/uploads\/2023\/01\/loisirs-creatifs-bujo-vacances-aout-2-333x500.jpeg 333w, https:\/\/www.cocondedecoration.com\/blog\/wp-content\/uploads\/2023\/01\/loisirs-creatifs-bujo-vacances-aout-2.jpeg 1000w\" sizes=\"(max-width: 640px) 100vw, 640px\" \/><figcaption>crazylaura.com<\/figcaption><\/figure><\/li><li class=\"blocks-gallery-item\"><figure><img loading=\"lazy\" decoding=\"async\" width=\"640\" height=\"960\" src=\"https:\/\/www.cocondedecoration.com\/blog\/wp-content\/uploads\/2023\/01\/loisirs-creatifs-bujo-vacances-aout-3-640x960.jpeg\" alt=\"loisirs creatifs bujo vacances aout paysage simplifi\u00e9 illustrations facile color\u00e9e\" data-id=\"56488\" data-link=\"https:\/\/www.cocondedecoration.com\/blog\/?attachment_id=56488\" class=\"wp-image-56488\" srcset=\"https:\/\/www.cocondedecoration.com\/blog\/wp-content\/uploads\/2023\/01\/loisirs-creatifs-bujo-vacances-aout-3-640x960.jpeg 640w, https:\/\/www.cocondedecoration.com\/blog\/wp-content\/uploads\/2023\/01\/loisirs-creatifs-bujo-vacances-aout-3-260x390.jpeg 260w, https:\/\/www.cocondedecoration.com\/blog\/wp-content\/uploads\/2023\/01\/loisirs-creatifs-bujo-vacances-aout-3-768x1152.jpeg 768w, https:\/\/www.cocondedecoration.com\/blog\/wp-content\/uploads\/2023\/01\/loisirs-creatifs-bujo-vacances-aout-3-367x550.jpeg 367w, https:\/\/www.cocondedecoration.com\/blog\/wp-content\/uploads\/2023\/01\/loisirs-creatifs-bujo-vacances-aout-3-333x500.jpeg 333w, https:\/\/www.cocondedecoration.com\/blog\/wp-content\/uploads\/2023\/01\/loisirs-creatifs-bujo-vacances-aout-3.jpeg 1000w\" sizes=\"(max-width: 640px) 100vw, 640px\" \/><figcaption>pinterest.fr<\/figcaption><\/figure><\/li><\/ul>\n\n\n\n<h2 class=\"wp-block-heading\">Septembre - rentr\u00e9e des classes et changement de couleurs pour le bullet journal<\/h2>\n\n\n\n<p><strong>Dates &amp; \u00e9v\u00e9nements importants en septembre: <\/strong><\/p>\n\n\n\n<ul><li>Rentr\u00e9e des classes <\/li><li>23 septembre: Automne  <\/li><\/ul>\n\n\n\n<p>Avec le mois de septembre, c'est le retour des choses s\u00e9rieuses entre la rentr\u00e9e et l'automne. On change la palette de couleurs et on s'inspire des feuilles qui tombent des arbres. Cela reste des couleurs chaudes mais plus cosy comme le jaune moutarde, le bordeaux, le orange. <br>Il y a aussi la th\u00e9matique de la rentr\u00e9e des classes, synonyme de vacances pour certains parents. Votre bujo peut \u00eatre un tr\u00e8s bon support pour \u00eatre bien organis\u00e9(e) pour la rentr\u00e9e et les mois \u00e0 venir. C'est un th\u00e8me que j'ai <a href=\"https:\/\/www.cocondedecoration.com\/blog\/2022\/08\/bullet-journal-rentree-des-classes\/\" target=\"_blank\" rel=\"noreferrer noopener\" aria-label=\"largement d\u00e9velopp\u00e9 par ici (s\u2019ouvre dans un nouvel onglet)\">largement d\u00e9velopp\u00e9 par ici<\/a>. <\/p>\n\n\n\n<ul class=\"wp-block-gallery columns-3 is-cropped wp-block-gallery-9 is-layout-flex wp-block-gallery-is-layout-flex\"><li class=\"blocks-gallery-item\"><figure><img loading=\"lazy\" decoding=\"async\" width=\"640\" height=\"960\" src=\"https:\/\/www.cocondedecoration.com\/blog\/wp-content\/uploads\/2023\/01\/bullet-journal-illustration-septembre-exemple-1-640x960.jpeg\" alt=\"bullet journal illustration septembre exemple moodbard couleur automnale cosy\" data-id=\"56489\" data-link=\"https:\/\/www.cocondedecoration.com\/blog\/?attachment_id=56489\" class=\"wp-image-56489\" srcset=\"https:\/\/www.cocondedecoration.com\/blog\/wp-content\/uploads\/2023\/01\/bullet-journal-illustration-septembre-exemple-1-640x960.jpeg 640w, https:\/\/www.cocondedecoration.com\/blog\/wp-content\/uploads\/2023\/01\/bullet-journal-illustration-septembre-exemple-1-260x390.jpeg 260w, https:\/\/www.cocondedecoration.com\/blog\/wp-content\/uploads\/2023\/01\/bullet-journal-illustration-septembre-exemple-1-768x1152.jpeg 768w, https:\/\/www.cocondedecoration.com\/blog\/wp-content\/uploads\/2023\/01\/bullet-journal-illustration-septembre-exemple-1-367x550.jpeg 367w, https:\/\/www.cocondedecoration.com\/blog\/wp-content\/uploads\/2023\/01\/bullet-journal-illustration-septembre-exemple-1-333x500.jpeg 333w, https:\/\/www.cocondedecoration.com\/blog\/wp-content\/uploads\/2023\/01\/bullet-journal-illustration-septembre-exemple-1.jpeg 1000w\" sizes=\"(max-width: 640px) 100vw, 640px\" \/><figcaption>pinterest.com\n<\/figcaption><\/figure><\/li><li class=\"blocks-gallery-item\"><figure><img loading=\"lazy\" decoding=\"async\" width=\"640\" height=\"960\" src=\"https:\/\/www.cocondedecoration.com\/blog\/wp-content\/uploads\/2023\/01\/bullet-journal-illustration-septembre-exemple-2-640x960.jpeg\" alt=\"bullet journal illustration septembre exemple dessin automne noir et blanc champignon citation\" data-id=\"56490\" data-link=\"https:\/\/www.cocondedecoration.com\/blog\/?attachment_id=56490\" class=\"wp-image-56490\" srcset=\"https:\/\/www.cocondedecoration.com\/blog\/wp-content\/uploads\/2023\/01\/bullet-journal-illustration-septembre-exemple-2-640x960.jpeg 640w, https:\/\/www.cocondedecoration.com\/blog\/wp-content\/uploads\/2023\/01\/bullet-journal-illustration-septembre-exemple-2-260x390.jpeg 260w, https:\/\/www.cocondedecoration.com\/blog\/wp-content\/uploads\/2023\/01\/bullet-journal-illustration-septembre-exemple-2-768x1152.jpeg 768w, https:\/\/www.cocondedecoration.com\/blog\/wp-content\/uploads\/2023\/01\/bullet-journal-illustration-septembre-exemple-2-367x550.jpeg 367w, https:\/\/www.cocondedecoration.com\/blog\/wp-content\/uploads\/2023\/01\/bullet-journal-illustration-septembre-exemple-2-333x500.jpeg 333w, https:\/\/www.cocondedecoration.com\/blog\/wp-content\/uploads\/2023\/01\/bullet-journal-illustration-septembre-exemple-2.jpeg 1000w\" sizes=\"(max-width: 640px) 100vw, 640px\" \/><figcaption>etsy.com\n<\/figcaption><\/figure><\/li><li class=\"blocks-gallery-item\"><figure><img loading=\"lazy\" decoding=\"async\" width=\"640\" height=\"960\" src=\"https:\/\/www.cocondedecoration.com\/blog\/wp-content\/uploads\/2023\/01\/bullet-journal-illustration-septembre-exemple-3-640x960.jpeg\" alt=\"bullet journal illustration septembre exemple calendrier semaine couleur automne dessin fleur\" data-id=\"56491\" data-link=\"https:\/\/www.cocondedecoration.com\/blog\/?attachment_id=56491\" class=\"wp-image-56491\" srcset=\"https:\/\/www.cocondedecoration.com\/blog\/wp-content\/uploads\/2023\/01\/bullet-journal-illustration-septembre-exemple-3-640x960.jpeg 640w, https:\/\/www.cocondedecoration.com\/blog\/wp-content\/uploads\/2023\/01\/bullet-journal-illustration-septembre-exemple-3-260x390.jpeg 260w, https:\/\/www.cocondedecoration.com\/blog\/wp-content\/uploads\/2023\/01\/bullet-journal-illustration-septembre-exemple-3-768x1152.jpeg 768w, https:\/\/www.cocondedecoration.com\/blog\/wp-content\/uploads\/2023\/01\/bullet-journal-illustration-septembre-exemple-3-367x550.jpeg 367w, https:\/\/www.cocondedecoration.com\/blog\/wp-content\/uploads\/2023\/01\/bullet-journal-illustration-septembre-exemple-3-333x500.jpeg 333w, https:\/\/www.cocondedecoration.com\/blog\/wp-content\/uploads\/2023\/01\/bullet-journal-illustration-septembre-exemple-3.jpeg 1000w\" sizes=\"(max-width: 640px) 100vw, 640px\" \/><figcaption>crazylaura.com\n<\/figcaption><\/figure><\/li><\/ul>\n\n\n\n<h2 class=\"wp-block-heading\">Octobre &amp; bullet journal - Halloween une inspi facile<\/h2>\n\n\n\n<p><strong>Dates &amp; \u00e9v\u00e9nements importants en octobre:<\/strong><\/p>\n\n\n\n<ul><li>Octobre rose <\/li><li>Halloween  <\/li><li>Vacances d'automne<\/li><\/ul>\n\n\n\n<p>J'aime le mois d'octobre parce que c'est l'anniversaire de Flo, c'est aussi notre anniversaire de changement de vie. Tout \u00e7a, \u00e7a ne vous parle pas des masses, je le comprends; En revanche, Halloween est un th\u00e8me parfait pour d\u00e9corer un bullet journal. Sorci\u00e8res, potions magiques, citrouilles et autres fant\u00f4mes sont des \u00e9l\u00e9ments parfaits pour illustrer vos pages d'octobre. <\/p>\n\n\n\n<ul class=\"wp-block-gallery columns-3 is-cropped wp-block-gallery-10 is-layout-flex wp-block-gallery-is-layout-flex\"><li class=\"blocks-gallery-item\"><figure><img loading=\"lazy\" decoding=\"async\" width=\"640\" height=\"960\" src=\"https:\/\/www.cocondedecoration.com\/blog\/wp-content\/uploads\/2023\/01\/bujo-illustration-page-de-garde-octobre-1-640x960.jpeg\" alt=\"bujo illustration page de garde octobre dessin minimaliste automne feuille orange rouge arbre nature\" data-id=\"56492\" data-link=\"https:\/\/www.cocondedecoration.com\/blog\/?attachment_id=56492\" class=\"wp-image-56492\" srcset=\"https:\/\/www.cocondedecoration.com\/blog\/wp-content\/uploads\/2023\/01\/bujo-illustration-page-de-garde-octobre-1-640x960.jpeg 640w, https:\/\/www.cocondedecoration.com\/blog\/wp-content\/uploads\/2023\/01\/bujo-illustration-page-de-garde-octobre-1-260x390.jpeg 260w, https:\/\/www.cocondedecoration.com\/blog\/wp-content\/uploads\/2023\/01\/bujo-illustration-page-de-garde-octobre-1-768x1152.jpeg 768w, https:\/\/www.cocondedecoration.com\/blog\/wp-content\/uploads\/2023\/01\/bujo-illustration-page-de-garde-octobre-1-367x550.jpeg 367w, https:\/\/www.cocondedecoration.com\/blog\/wp-content\/uploads\/2023\/01\/bujo-illustration-page-de-garde-octobre-1-333x500.jpeg 333w, https:\/\/www.cocondedecoration.com\/blog\/wp-content\/uploads\/2023\/01\/bujo-illustration-page-de-garde-octobre-1.jpeg 1000w\" sizes=\"(max-width: 640px) 100vw, 640px\" \/><figcaption>pinterest.fr<\/figcaption><\/figure><\/li><li class=\"blocks-gallery-item\"><figure><img loading=\"lazy\" decoding=\"async\" width=\"640\" height=\"960\" src=\"https:\/\/www.cocondedecoration.com\/blog\/wp-content\/uploads\/2023\/01\/bujo-illustration-page-de-garde-octobre-2-640x960.jpeg\" alt=\"bujo illustration page de garde octobre halloween chapeau de sorci\u00e8re fantome\" data-id=\"56493\" data-link=\"https:\/\/www.cocondedecoration.com\/blog\/?attachment_id=56493\" class=\"wp-image-56493\" srcset=\"https:\/\/www.cocondedecoration.com\/blog\/wp-content\/uploads\/2023\/01\/bujo-illustration-page-de-garde-octobre-2-640x960.jpeg 640w, https:\/\/www.cocondedecoration.com\/blog\/wp-content\/uploads\/2023\/01\/bujo-illustration-page-de-garde-octobre-2-260x390.jpeg 260w, https:\/\/www.cocondedecoration.com\/blog\/wp-content\/uploads\/2023\/01\/bujo-illustration-page-de-garde-octobre-2-768x1152.jpeg 768w, https:\/\/www.cocondedecoration.com\/blog\/wp-content\/uploads\/2023\/01\/bujo-illustration-page-de-garde-octobre-2-367x550.jpeg 367w, https:\/\/www.cocondedecoration.com\/blog\/wp-content\/uploads\/2023\/01\/bujo-illustration-page-de-garde-octobre-2-333x500.jpeg 333w, https:\/\/www.cocondedecoration.com\/blog\/wp-content\/uploads\/2023\/01\/bujo-illustration-page-de-garde-octobre-2.jpeg 1000w\" sizes=\"(max-width: 640px) 100vw, 640px\" \/><figcaption>crazylaura.com\n<\/figcaption><\/figure><\/li><li class=\"blocks-gallery-item\"><figure><img loading=\"lazy\" decoding=\"async\" width=\"640\" height=\"960\" src=\"https:\/\/www.cocondedecoration.com\/blog\/wp-content\/uploads\/2023\/01\/bujo-illustration-page-de-garde-octobre-3-640x960.jpeg\" alt=\"bujo illustration page de garde octobre Halloween citrouille chapeau de sorci\u00e8re\" data-id=\"56494\" data-link=\"https:\/\/www.cocondedecoration.com\/blog\/?attachment_id=56494\" class=\"wp-image-56494\" srcset=\"https:\/\/www.cocondedecoration.com\/blog\/wp-content\/uploads\/2023\/01\/bujo-illustration-page-de-garde-octobre-3-640x960.jpeg 640w, https:\/\/www.cocondedecoration.com\/blog\/wp-content\/uploads\/2023\/01\/bujo-illustration-page-de-garde-octobre-3-260x390.jpeg 260w, https:\/\/www.cocondedecoration.com\/blog\/wp-content\/uploads\/2023\/01\/bujo-illustration-page-de-garde-octobre-3-768x1152.jpeg 768w, https:\/\/www.cocondedecoration.com\/blog\/wp-content\/uploads\/2023\/01\/bujo-illustration-page-de-garde-octobre-3-367x550.jpeg 367w, https:\/\/www.cocondedecoration.com\/blog\/wp-content\/uploads\/2023\/01\/bujo-illustration-page-de-garde-octobre-3-333x500.jpeg 333w, https:\/\/www.cocondedecoration.com\/blog\/wp-content\/uploads\/2023\/01\/bujo-illustration-page-de-garde-octobre-3.jpeg 1000w\" sizes=\"(max-width: 640px) 100vw, 640px\" \/><figcaption>myinnercreative.com\n<\/figcaption><\/figure><\/li><\/ul>\n\n\n\n<h2 class=\"wp-block-heading\">D\u00e9corer son journal cr\u00e9atif en novembre <br><\/h2>\n\n\n\n<p><strong>Dates &amp; \u00e9v\u00e9nements importants en novembre: <\/strong><br><\/p>\n\n\n\n<ul><li>Toussaint <\/li><li>Diwali <\/li><\/ul>\n\n\n\n<p>La Toussaint n'est pas une f\u00eate tr\u00e8s joyeuse dans notre culture mais dans les pays d'Am\u00e9rique Centrale, la f\u00eate des morts est bien moins associ\u00e9e \u00e0 la tristesse et au chagrin. C'est une f\u00eate visuellement int\u00e9ressante avec ses couleurs et ses t\u00eates de mort qui ne font pas peur. <br>Comme j'ai une grande passion pour l'Inde, le mois de novembre est le mois de Diwali, probablement la f\u00eate la plus importante pour les indiens. Feux d'artifices, couleurs, bruit... c'est une f\u00eate assez riche en \u00e9motion quand on la fait en Inde. (C'est tout de m\u00eame moins po\u00e9tique que la f\u00eates des lumi\u00e8res au Laos par exemple). Diwali peut \u00eatre une th\u00e9matique diff\u00e9rente qui changera des ce que l'on fait habituellement en novembre. C'est une mani\u00e8re d'apporter un peu plus de couleurs dans un mois un peu morne. <br>Comme il commence \u00e0 faire plus froid, on va aussi pouvoir d\u00e9cliner toute une th\u00e9matique cosy et chaleureuse au fil des pages du bujo. Caf\u00e9, lecture, plaid et autres ambiances Hygge pour se mettre dans l'ambiance. <\/p>\n\n\n\n<ul class=\"wp-block-gallery columns-3 is-cropped wp-block-gallery-11 is-layout-flex wp-block-gallery-is-layout-flex\"><li class=\"blocks-gallery-item\"><figure><img loading=\"lazy\" decoding=\"async\" width=\"640\" height=\"960\" src=\"https:\/\/www.cocondedecoration.com\/blog\/wp-content\/uploads\/2023\/01\/bullet-journal-page-de-garde-novembre-idee-1-640x960.jpeg\" alt=\"bullet journal page de garde novembre idee jolie illustration originale tasse de caf\u00e9 lecture\" data-id=\"56495\" data-link=\"https:\/\/www.cocondedecoration.com\/blog\/?attachment_id=56495\" class=\"wp-image-56495\" srcset=\"https:\/\/www.cocondedecoration.com\/blog\/wp-content\/uploads\/2023\/01\/bullet-journal-page-de-garde-novembre-idee-1-640x960.jpeg 640w, https:\/\/www.cocondedecoration.com\/blog\/wp-content\/uploads\/2023\/01\/bullet-journal-page-de-garde-novembre-idee-1-260x390.jpeg 260w, https:\/\/www.cocondedecoration.com\/blog\/wp-content\/uploads\/2023\/01\/bullet-journal-page-de-garde-novembre-idee-1-768x1152.jpeg 768w, https:\/\/www.cocondedecoration.com\/blog\/wp-content\/uploads\/2023\/01\/bullet-journal-page-de-garde-novembre-idee-1-367x550.jpeg 367w, https:\/\/www.cocondedecoration.com\/blog\/wp-content\/uploads\/2023\/01\/bullet-journal-page-de-garde-novembre-idee-1-333x500.jpeg 333w, https:\/\/www.cocondedecoration.com\/blog\/wp-content\/uploads\/2023\/01\/bullet-journal-page-de-garde-novembre-idee-1.jpeg 1000w\" sizes=\"(max-width: 640px) 100vw, 640px\" \/><figcaption>beautifuldawndesigns.net\n<\/figcaption><\/figure><\/li><li class=\"blocks-gallery-item\"><figure><img loading=\"lazy\" decoding=\"async\" width=\"640\" height=\"960\" src=\"https:\/\/www.cocondedecoration.com\/blog\/wp-content\/uploads\/2023\/01\/bullet-journal-page-de-garde-novembre-idee-2-640x960.jpeg\" alt=\"bullet journal page de garde novembre idee noir blanc gris automne for\u00eat\" data-id=\"56496\" data-link=\"https:\/\/www.cocondedecoration.com\/blog\/?attachment_id=56496\" class=\"wp-image-56496\" srcset=\"https:\/\/www.cocondedecoration.com\/blog\/wp-content\/uploads\/2023\/01\/bullet-journal-page-de-garde-novembre-idee-2-640x960.jpeg 640w, https:\/\/www.cocondedecoration.com\/blog\/wp-content\/uploads\/2023\/01\/bullet-journal-page-de-garde-novembre-idee-2-260x390.jpeg 260w, https:\/\/www.cocondedecoration.com\/blog\/wp-content\/uploads\/2023\/01\/bullet-journal-page-de-garde-novembre-idee-2-768x1152.jpeg 768w, https:\/\/www.cocondedecoration.com\/blog\/wp-content\/uploads\/2023\/01\/bullet-journal-page-de-garde-novembre-idee-2-367x550.jpeg 367w, https:\/\/www.cocondedecoration.com\/blog\/wp-content\/uploads\/2023\/01\/bullet-journal-page-de-garde-novembre-idee-2-333x500.jpeg 333w, https:\/\/www.cocondedecoration.com\/blog\/wp-content\/uploads\/2023\/01\/bullet-journal-page-de-garde-novembre-idee-2.jpeg 1000w\" sizes=\"(max-width: 640px) 100vw, 640px\" \/><figcaption>reddit.com\n<\/figcaption><\/figure><\/li><li class=\"blocks-gallery-item\"><figure><img loading=\"lazy\" decoding=\"async\" width=\"640\" height=\"960\" src=\"https:\/\/www.cocondedecoration.com\/blog\/wp-content\/uploads\/2023\/01\/bullet-journal-page-de-garde-novembre-idee-3-640x960.jpeg\" alt=\"bullet journal page de garde novembre idee petite fleur simple po\u00e9tique\" data-id=\"56497\" data-link=\"https:\/\/www.cocondedecoration.com\/blog\/?attachment_id=56497\" class=\"wp-image-56497\" srcset=\"https:\/\/www.cocondedecoration.com\/blog\/wp-content\/uploads\/2023\/01\/bullet-journal-page-de-garde-novembre-idee-3-640x960.jpeg 640w, https:\/\/www.cocondedecoration.com\/blog\/wp-content\/uploads\/2023\/01\/bullet-journal-page-de-garde-novembre-idee-3-260x390.jpeg 260w, https:\/\/www.cocondedecoration.com\/blog\/wp-content\/uploads\/2023\/01\/bullet-journal-page-de-garde-novembre-idee-3-768x1152.jpeg 768w, https:\/\/www.cocondedecoration.com\/blog\/wp-content\/uploads\/2023\/01\/bullet-journal-page-de-garde-novembre-idee-3-367x550.jpeg 367w, https:\/\/www.cocondedecoration.com\/blog\/wp-content\/uploads\/2023\/01\/bullet-journal-page-de-garde-novembre-idee-3-333x500.jpeg 333w, https:\/\/www.cocondedecoration.com\/blog\/wp-content\/uploads\/2023\/01\/bullet-journal-page-de-garde-novembre-idee-3.jpeg 1000w\" sizes=\"(max-width: 640px) 100vw, 640px\" \/><figcaption>bulletplannerideas.com\n<\/figcaption><\/figure><\/li><\/ul>\n\n\n\n<h2 class=\"wp-block-heading\">Bujo de d\u00e9cembre - entre no\u00ebl et l'hiver <br><\/h2>\n\n\n\n<p><strong>Dates &amp; \u00e9v\u00e9nements importants en d\u00e9cembre: <\/strong><\/p>\n\n\n\n<ul><li>6 d\u00e9cembre: Saint Nicolas <\/li><li>21 d\u00e9cembre: Hiver <\/li><li>No\u00ebl <\/li><li>Vacances de No\u00ebl <\/li><\/ul>\n\n\n\n<p>No\u00ebl est une th\u00e9matique \u00e9vidente pour un bujo en d\u00e9cembre. On connait toutes et tous les symboles de cette p\u00e9riode: p\u00e8re No\u00ebl, cadeaux, repas... Vous trouverez <a rel=\"noreferrer noopener\" aria-label=\"toute l'inspiration n\u00e9cessaire par ici (s\u2019ouvre dans un nouvel onglet)\" href=\"https:\/\/www.cocondedecoration.com\/blog\/2022\/11\/bullet-journal-theme-noel\/\" target=\"_blank\">toute l'inspiration n\u00e9cessaire par ici<\/a>. <br>Outre No\u00ebl, le mois de d\u00e9cembre est celui du solstice d'hiver et du changement de saison. Un th\u00e8me plus neutre mais qui offre de nombreuses possibilit\u00e9s au niveau des illustrations. Ca aussi j'ai eu l'occasion de d\u00e9velopper le sujet dans un article d\u00e9di\u00e9: <a href=\"https:\/\/www.cocondedecoration.com\/blog\/2022\/12\/bullet-journal-hiver\/\" target=\"_blank\" rel=\"noreferrer noopener\" aria-label=\"Comment d\u00e9corer son bullet journal en hiver?  (s\u2019ouvre dans un nouvel onglet)\">Comment d\u00e9corer son bullet journal en hiver? <\/a><\/p>\n\n\n\n<ul class=\"wp-block-gallery columns-3 is-cropped wp-block-gallery-12 is-layout-flex wp-block-gallery-is-layout-flex\"><li class=\"blocks-gallery-item\"><figure><img loading=\"lazy\" decoding=\"async\" width=\"640\" height=\"960\" src=\"https:\/\/www.cocondedecoration.com\/blog\/wp-content\/uploads\/2023\/01\/bujo-decembre-illustration-loisir-creatif-1-640x960.jpeg\" alt=\"bujo decembre illustration loisir creatif pomme de pin noir et blanc dessin\" data-id=\"56498\" data-link=\"https:\/\/www.cocondedecoration.com\/blog\/?attachment_id=56498\" class=\"wp-image-56498\" srcset=\"https:\/\/www.cocondedecoration.com\/blog\/wp-content\/uploads\/2023\/01\/bujo-decembre-illustration-loisir-creatif-1-640x960.jpeg 640w, https:\/\/www.cocondedecoration.com\/blog\/wp-content\/uploads\/2023\/01\/bujo-decembre-illustration-loisir-creatif-1-260x390.jpeg 260w, https:\/\/www.cocondedecoration.com\/blog\/wp-content\/uploads\/2023\/01\/bujo-decembre-illustration-loisir-creatif-1-768x1152.jpeg 768w, https:\/\/www.cocondedecoration.com\/blog\/wp-content\/uploads\/2023\/01\/bujo-decembre-illustration-loisir-creatif-1-367x550.jpeg 367w, https:\/\/www.cocondedecoration.com\/blog\/wp-content\/uploads\/2023\/01\/bujo-decembre-illustration-loisir-creatif-1-333x500.jpeg 333w, https:\/\/www.cocondedecoration.com\/blog\/wp-content\/uploads\/2023\/01\/bujo-decembre-illustration-loisir-creatif-1.jpeg 1000w\" sizes=\"(max-width: 640px) 100vw, 640px\" \/><figcaption>lislysworld.fr\n<\/figcaption><\/figure><\/li><li class=\"blocks-gallery-item\"><figure><img loading=\"lazy\" decoding=\"async\" width=\"640\" height=\"960\" src=\"https:\/\/www.cocondedecoration.com\/blog\/wp-content\/uploads\/2023\/01\/bujo-decembre-illustration-loisir-creatif-2-640x960.jpeg\" alt=\"bujo decembre illustration loisir creatif d\u00e9cor noir et blanc ville ampoule original\" data-id=\"56499\" data-link=\"https:\/\/www.cocondedecoration.com\/blog\/?attachment_id=56499\" class=\"wp-image-56499\" srcset=\"https:\/\/www.cocondedecoration.com\/blog\/wp-content\/uploads\/2023\/01\/bujo-decembre-illustration-loisir-creatif-2-640x960.jpeg 640w, https:\/\/www.cocondedecoration.com\/blog\/wp-content\/uploads\/2023\/01\/bujo-decembre-illustration-loisir-creatif-2-260x390.jpeg 260w, https:\/\/www.cocondedecoration.com\/blog\/wp-content\/uploads\/2023\/01\/bujo-decembre-illustration-loisir-creatif-2-768x1152.jpeg 768w, https:\/\/www.cocondedecoration.com\/blog\/wp-content\/uploads\/2023\/01\/bujo-decembre-illustration-loisir-creatif-2-367x550.jpeg 367w, https:\/\/www.cocondedecoration.com\/blog\/wp-content\/uploads\/2023\/01\/bujo-decembre-illustration-loisir-creatif-2-333x500.jpeg 333w, https:\/\/www.cocondedecoration.com\/blog\/wp-content\/uploads\/2023\/01\/bujo-decembre-illustration-loisir-creatif-2.jpeg 1000w\" sizes=\"(max-width: 640px) 100vw, 640px\" \/><figcaption>crazylaura.com\n<\/figcaption><\/figure><\/li><li class=\"blocks-gallery-item\"><figure><img loading=\"lazy\" decoding=\"async\" width=\"640\" height=\"960\" src=\"https:\/\/www.cocondedecoration.com\/blog\/wp-content\/uploads\/2023\/01\/bujo-decembre-illustration-loisir-creatif-3-640x960.jpeg\" alt=\"bujo decembre illustration loisir creatif bonhomme de neige esprit no\u00ebl\" data-id=\"56500\" data-link=\"https:\/\/www.cocondedecoration.com\/blog\/?attachment_id=56500\" class=\"wp-image-56500\" srcset=\"https:\/\/www.cocondedecoration.com\/blog\/wp-content\/uploads\/2023\/01\/bujo-decembre-illustration-loisir-creatif-3-640x960.jpeg 640w, https:\/\/www.cocondedecoration.com\/blog\/wp-content\/uploads\/2023\/01\/bujo-decembre-illustration-loisir-creatif-3-260x390.jpeg 260w, https:\/\/www.cocondedecoration.com\/blog\/wp-content\/uploads\/2023\/01\/bujo-decembre-illustration-loisir-creatif-3-768x1152.jpeg 768w, https:\/\/www.cocondedecoration.com\/blog\/wp-content\/uploads\/2023\/01\/bujo-decembre-illustration-loisir-creatif-3-367x550.jpeg 367w, https:\/\/www.cocondedecoration.com\/blog\/wp-content\/uploads\/2023\/01\/bujo-decembre-illustration-loisir-creatif-3-333x500.jpeg 333w, https:\/\/www.cocondedecoration.com\/blog\/wp-content\/uploads\/2023\/01\/bujo-decembre-illustration-loisir-creatif-3.jpeg 1000w\" sizes=\"(max-width: 640px) 100vw, 640px\" \/><figcaption>bulletjournalsideas.com\n<\/figcaption><\/figure><\/li><\/ul>\n\n\n\n<div class=\"wp-block-columns has-2-columns is-layout-flex wp-container-core-columns-layout-1 wp-block-columns-is-layout-flex\">\n<div class=\"wp-block-column is-layout-flow wp-block-column-is-layout-flow\"><div class='white' style='background:rgba(0,0,0,0); border:solid 0px rgba(0,0,0,0); border-radius:0px; padding:0px 0px 0px 0px;'>\n<div id='slider_63940' class='owl-carousel sa_owl_theme owl-pagination-true autohide-arrows' data-slider-id='slider_63940' style='visibility:hidden;'>\n<div id='slider_63940_slide01' class='sa_hover_container' style='padding:5% 5%; margin:0px 0%; '><p><img loading=\"lazy\" decoding=\"async\" class=\"aligncenter size-full wp-image-63942\" src=\"https:\/\/www.cocondedecoration.com\/blog\/wp-content\/uploads\/2023\/08\/fournitures-pour-tenir-un-journal-bullet-ou-voyage-1.jpeg\" alt=\"fournitures pour tenir un journal bullet ou voyage Carnet blanc souple - Saphir - 9 x 14 cm Moleskine\" width=\"500\" height=\"500\" srcset=\"https:\/\/www.cocondedecoration.com\/blog\/wp-content\/uploads\/2023\/08\/fournitures-pour-tenir-un-journal-bullet-ou-voyage-1.jpeg 500w, https:\/\/www.cocondedecoration.com\/blog\/wp-content\/uploads\/2023\/08\/fournitures-pour-tenir-un-journal-bullet-ou-voyage-1-165x165.jpeg 165w, https:\/\/www.cocondedecoration.com\/blog\/wp-content\/uploads\/2023\/08\/fournitures-pour-tenir-un-journal-bullet-ou-voyage-1-260x260.jpeg 260w, https:\/\/www.cocondedecoration.com\/blog\/wp-content\/uploads\/2023\/08\/fournitures-pour-tenir-un-journal-bullet-ou-voyage-1-465x465.jpeg 465w\" sizes=\"(max-width: 500px) 100vw, 500px\" \/><\/p><\/div>\n<div id='slider_63940_slide02' class='sa_hover_container' style='padding:5% 5%; margin:0px 0%; '><p><img loading=\"lazy\" decoding=\"async\" class=\"aligncenter size-full wp-image-63948\" src=\"https:\/\/www.cocondedecoration.com\/blog\/wp-content\/uploads\/2023\/08\/journal-creatif-fourniture-1.jpeg\" alt=\"journal creatif fourniture Aquarelle Japonaise Gansai Coffret 48 couleurs\" width=\"500\" height=\"500\" srcset=\"https:\/\/www.cocondedecoration.com\/blog\/wp-content\/uploads\/2023\/08\/journal-creatif-fourniture-1.jpeg 500w, https:\/\/www.cocondedecoration.com\/blog\/wp-content\/uploads\/2023\/08\/journal-creatif-fourniture-1-165x165.jpeg 165w, https:\/\/www.cocondedecoration.com\/blog\/wp-content\/uploads\/2023\/08\/journal-creatif-fourniture-1-260x260.jpeg 260w, https:\/\/www.cocondedecoration.com\/blog\/wp-content\/uploads\/2023\/08\/journal-creatif-fourniture-1-465x465.jpeg 465w\" sizes=\"(max-width: 500px) 100vw, 500px\" \/><\/p><\/div>\n<div id='slider_63940_slide03' class='sa_hover_container' style='padding:5% 5%; margin:0px 0%; '><p><img loading=\"lazy\" decoding=\"async\" class=\"aligncenter size-full wp-image-63953\" src=\"https:\/\/www.cocondedecoration.com\/blog\/wp-content\/uploads\/2023\/08\/fourniture-journal-creatif-pas-cher-1.jpeg\" alt=\"fourniture journal creatif pas cher Trousse \u00e0 bijoux jaune Flower Power\" width=\"500\" height=\"500\" srcset=\"https:\/\/www.cocondedecoration.com\/blog\/wp-content\/uploads\/2023\/08\/fourniture-journal-creatif-pas-cher-1.jpeg 500w, https:\/\/www.cocondedecoration.com\/blog\/wp-content\/uploads\/2023\/08\/fourniture-journal-creatif-pas-cher-1-165x165.jpeg 165w, https:\/\/www.cocondedecoration.com\/blog\/wp-content\/uploads\/2023\/08\/fourniture-journal-creatif-pas-cher-1-260x260.jpeg 260w, https:\/\/www.cocondedecoration.com\/blog\/wp-content\/uploads\/2023\/08\/fourniture-journal-creatif-pas-cher-1-465x465.jpeg 465w\" sizes=\"(max-width: 500px) 100vw, 500px\" \/><\/p><\/div>\n<div id='slider_63940_slide04' class='sa_hover_container' style='padding:5% 5%; margin:0px 0%; '><p><img loading=\"lazy\" decoding=\"async\" class=\"aligncenter size-full wp-image-63943\" src=\"https:\/\/www.cocondedecoration.com\/blog\/wp-content\/uploads\/2023\/08\/fournitures-pour-tenir-un-journal-bullet-ou-voyage-2.jpeg\" alt=\"fournitures pour tenir un journal bullet ou voyage Lot de 4 feutres \u00e0 pointe calibr\u00e9e\" width=\"500\" height=\"500\" srcset=\"https:\/\/www.cocondedecoration.com\/blog\/wp-content\/uploads\/2023\/08\/fournitures-pour-tenir-un-journal-bullet-ou-voyage-2.jpeg 500w, https:\/\/www.cocondedecoration.com\/blog\/wp-content\/uploads\/2023\/08\/fournitures-pour-tenir-un-journal-bullet-ou-voyage-2-165x165.jpeg 165w, https:\/\/www.cocondedecoration.com\/blog\/wp-content\/uploads\/2023\/08\/fournitures-pour-tenir-un-journal-bullet-ou-voyage-2-260x260.jpeg 260w, https:\/\/www.cocondedecoration.com\/blog\/wp-content\/uploads\/2023\/08\/fournitures-pour-tenir-un-journal-bullet-ou-voyage-2-465x465.jpeg 465w\" sizes=\"(max-width: 500px) 100vw, 500px\" \/><\/p><\/div>\n<div id='slider_63940_slide05' class='sa_hover_container' style='padding:5% 5%; margin:0px 0%; '><p><img loading=\"lazy\" decoding=\"async\" class=\"aligncenter size-full wp-image-63949\" src=\"https:\/\/www.cocondedecoration.com\/blog\/wp-content\/uploads\/2023\/08\/journal-creatif-fourniture-2.jpeg\" alt=\"journal creatif fourniture Coffret Scribe Pen stylo +3 plumes\" width=\"500\" height=\"500\" srcset=\"https:\/\/www.cocondedecoration.com\/blog\/wp-content\/uploads\/2023\/08\/journal-creatif-fourniture-2.jpeg 500w, https:\/\/www.cocondedecoration.com\/blog\/wp-content\/uploads\/2023\/08\/journal-creatif-fourniture-2-165x165.jpeg 165w, https:\/\/www.cocondedecoration.com\/blog\/wp-content\/uploads\/2023\/08\/journal-creatif-fourniture-2-260x260.jpeg 260w, https:\/\/www.cocondedecoration.com\/blog\/wp-content\/uploads\/2023\/08\/journal-creatif-fourniture-2-465x465.jpeg 465w\" sizes=\"(max-width: 500px) 100vw, 500px\" \/><\/p><\/div>\n<div id='slider_63940_slide06' class='sa_hover_container' style='padding:5% 5%; margin:0px 0%; '><p><img loading=\"lazy\" decoding=\"async\" class=\"aligncenter size-full wp-image-63954\" src=\"https:\/\/www.cocondedecoration.com\/blog\/wp-content\/uploads\/2023\/08\/fourniture-journal-creatif-pas-cher-2.jpeg\" alt=\"fourniture journal creatif pas cher Roll' stamp tampon \u00e0 molette To do list\" width=\"500\" height=\"500\" srcset=\"https:\/\/www.cocondedecoration.com\/blog\/wp-content\/uploads\/2023\/08\/fourniture-journal-creatif-pas-cher-2.jpeg 500w, https:\/\/www.cocondedecoration.com\/blog\/wp-content\/uploads\/2023\/08\/fourniture-journal-creatif-pas-cher-2-165x165.jpeg 165w, https:\/\/www.cocondedecoration.com\/blog\/wp-content\/uploads\/2023\/08\/fourniture-journal-creatif-pas-cher-2-260x260.jpeg 260w, https:\/\/www.cocondedecoration.com\/blog\/wp-content\/uploads\/2023\/08\/fourniture-journal-creatif-pas-cher-2-465x465.jpeg 465w\" sizes=\"(max-width: 500px) 100vw, 500px\" \/><\/p><\/div>\n<div id='slider_63940_slide07' class='sa_hover_container' style='padding:5% 5%; margin:0px 0%; '><p><img loading=\"lazy\" decoding=\"async\" class=\"aligncenter size-full wp-image-63944\" src=\"https:\/\/www.cocondedecoration.com\/blog\/wp-content\/uploads\/2023\/08\/fournitures-pour-tenir-un-journal-bullet-ou-voyage-3.jpeg\" alt=\"fournitures pour tenir un journal bullet ou voyage Bullet Journal Edition 2 - Papier 120 g - Noir\" width=\"500\" height=\"500\" srcset=\"https:\/\/www.cocondedecoration.com\/blog\/wp-content\/uploads\/2023\/08\/fournitures-pour-tenir-un-journal-bullet-ou-voyage-3.jpeg 500w, https:\/\/www.cocondedecoration.com\/blog\/wp-content\/uploads\/2023\/08\/fournitures-pour-tenir-un-journal-bullet-ou-voyage-3-165x165.jpeg 165w, https:\/\/www.cocondedecoration.com\/blog\/wp-content\/uploads\/2023\/08\/fournitures-pour-tenir-un-journal-bullet-ou-voyage-3-260x260.jpeg 260w, https:\/\/www.cocondedecoration.com\/blog\/wp-content\/uploads\/2023\/08\/fournitures-pour-tenir-un-journal-bullet-ou-voyage-3-465x465.jpeg 465w\" sizes=\"(max-width: 500px) 100vw, 500px\" \/><\/p><\/div>\n<div id='slider_63940_slide08' class='sa_hover_container' style='padding:5% 5%; margin:0px 0%; '><p><img loading=\"lazy\" decoding=\"async\" class=\"aligncenter size-full wp-image-63950\" src=\"https:\/\/www.cocondedecoration.com\/blog\/wp-content\/uploads\/2023\/08\/journal-creatif-fourniture-3.jpeg\" alt=\"journal creatif fourniture Feutre de calligraphie Pitt Artist Pen Set Hand Lettering 3 noirs + Rouge\" width=\"500\" height=\"500\" srcset=\"https:\/\/www.cocondedecoration.com\/blog\/wp-content\/uploads\/2023\/08\/journal-creatif-fourniture-3.jpeg 500w, https:\/\/www.cocondedecoration.com\/blog\/wp-content\/uploads\/2023\/08\/journal-creatif-fourniture-3-165x165.jpeg 165w, https:\/\/www.cocondedecoration.com\/blog\/wp-content\/uploads\/2023\/08\/journal-creatif-fourniture-3-260x260.jpeg 260w, https:\/\/www.cocondedecoration.com\/blog\/wp-content\/uploads\/2023\/08\/journal-creatif-fourniture-3-465x465.jpeg 465w\" sizes=\"(max-width: 500px) 100vw, 500px\" \/><\/p><\/div>\n<div id='slider_63940_slide09' class='sa_hover_container' style='padding:5% 5%; margin:0px 0%; '><p><img loading=\"lazy\" decoding=\"async\" class=\"aligncenter size-full wp-image-63955\" src=\"https:\/\/www.cocondedecoration.com\/blog\/wp-content\/uploads\/2023\/08\/fourniture-journal-creatif-pas-cher-3.jpeg\" alt=\"fourniture journal creatif pas cher Set 8 posca pointe moyenne pastel\" width=\"500\" height=\"500\" srcset=\"https:\/\/www.cocondedecoration.com\/blog\/wp-content\/uploads\/2023\/08\/fourniture-journal-creatif-pas-cher-3.jpeg 500w, https:\/\/www.cocondedecoration.com\/blog\/wp-content\/uploads\/2023\/08\/fourniture-journal-creatif-pas-cher-3-165x165.jpeg 165w, https:\/\/www.cocondedecoration.com\/blog\/wp-content\/uploads\/2023\/08\/fourniture-journal-creatif-pas-cher-3-260x260.jpeg 260w, https:\/\/www.cocondedecoration.com\/blog\/wp-content\/uploads\/2023\/08\/fourniture-journal-creatif-pas-cher-3-465x465.jpeg 465w\" sizes=\"(max-width: 500px) 100vw, 500px\" \/><\/p><\/div>\n<div id='slider_63940_slide10' class='sa_hover_container' style='padding:5% 5%; margin:0px 0%; '><p><img loading=\"lazy\" decoding=\"async\" class=\"aligncenter size-full wp-image-63945\" src=\"https:\/\/www.cocondedecoration.com\/blog\/wp-content\/uploads\/2023\/08\/fournitures-pour-tenir-un-journal-bullet-ou-voyage-4.jpeg\" alt=\"fournitures pour tenir un journal bullet ou voyage Set de 8 marqueurs Posca trait extra fin 0,7 mm\" width=\"500\" height=\"500\" srcset=\"https:\/\/www.cocondedecoration.com\/blog\/wp-content\/uploads\/2023\/08\/fournitures-pour-tenir-un-journal-bullet-ou-voyage-4.jpeg 500w, https:\/\/www.cocondedecoration.com\/blog\/wp-content\/uploads\/2023\/08\/fournitures-pour-tenir-un-journal-bullet-ou-voyage-4-165x165.jpeg 165w, https:\/\/www.cocondedecoration.com\/blog\/wp-content\/uploads\/2023\/08\/fournitures-pour-tenir-un-journal-bullet-ou-voyage-4-260x260.jpeg 260w, https:\/\/www.cocondedecoration.com\/blog\/wp-content\/uploads\/2023\/08\/fournitures-pour-tenir-un-journal-bullet-ou-voyage-4-465x465.jpeg 465w\" sizes=\"(max-width: 500px) 100vw, 500px\" \/><\/p><\/div>\n<div id='slider_63940_slide11' class='sa_hover_container' style='padding:5% 5%; margin:0px 0%; '><p><img loading=\"lazy\" decoding=\"async\" class=\"aligncenter size-full wp-image-63951\" src=\"https:\/\/www.cocondedecoration.com\/blog\/wp-content\/uploads\/2023\/08\/journal-creatif-fourniture-4.jpeg\" alt=\"journal creatif fourniture Masking Tape Slim 7 m x 6 mm D\u00e9co D 3 pcs\" width=\"500\" height=\"500\" srcset=\"https:\/\/www.cocondedecoration.com\/blog\/wp-content\/uploads\/2023\/08\/journal-creatif-fourniture-4.jpeg 500w, https:\/\/www.cocondedecoration.com\/blog\/wp-content\/uploads\/2023\/08\/journal-creatif-fourniture-4-165x165.jpeg 165w, https:\/\/www.cocondedecoration.com\/blog\/wp-content\/uploads\/2023\/08\/journal-creatif-fourniture-4-260x260.jpeg 260w, https:\/\/www.cocondedecoration.com\/blog\/wp-content\/uploads\/2023\/08\/journal-creatif-fourniture-4-465x465.jpeg 465w\" sizes=\"(max-width: 500px) 100vw, 500px\" \/><\/p><\/div>\n<div id='slider_63940_slide12' class='sa_hover_container' style='padding:5% 5%; margin:0px 0%; '><p><img loading=\"lazy\" decoding=\"async\" class=\"aligncenter size-full wp-image-63956\" src=\"https:\/\/www.cocondedecoration.com\/blog\/wp-content\/uploads\/2023\/08\/fourniture-journal-creatif-pas-cher-4.jpeg\" alt=\"fourniture journal creatif pas cher Album en kraft noir 40 pages A4\" width=\"500\" height=\"500\" srcset=\"https:\/\/www.cocondedecoration.com\/blog\/wp-content\/uploads\/2023\/08\/fourniture-journal-creatif-pas-cher-4.jpeg 500w, https:\/\/www.cocondedecoration.com\/blog\/wp-content\/uploads\/2023\/08\/fourniture-journal-creatif-pas-cher-4-165x165.jpeg 165w, https:\/\/www.cocondedecoration.com\/blog\/wp-content\/uploads\/2023\/08\/fourniture-journal-creatif-pas-cher-4-260x260.jpeg 260w, https:\/\/www.cocondedecoration.com\/blog\/wp-content\/uploads\/2023\/08\/fourniture-journal-creatif-pas-cher-4-465x465.jpeg 465w\" sizes=\"(max-width: 500px) 100vw, 500px\" \/><\/p><\/div>\n<div id='slider_63940_slide13' class='sa_hover_container' style='padding:5% 5%; margin:0px 0%; '><p><img loading=\"lazy\" decoding=\"async\" class=\"aligncenter size-full wp-image-63946\" src=\"https:\/\/www.cocondedecoration.com\/blog\/wp-content\/uploads\/2023\/08\/fournitures-pour-tenir-un-journal-bullet-ou-voyage-5.jpeg\" alt=\"fournitures pour tenir un journal bullet ou voyage 3 carnets unis 100g - 32 pages - A6\" width=\"500\" height=\"500\" srcset=\"https:\/\/www.cocondedecoration.com\/blog\/wp-content\/uploads\/2023\/08\/fournitures-pour-tenir-un-journal-bullet-ou-voyage-5.jpeg 500w, https:\/\/www.cocondedecoration.com\/blog\/wp-content\/uploads\/2023\/08\/fournitures-pour-tenir-un-journal-bullet-ou-voyage-5-165x165.jpeg 165w, https:\/\/www.cocondedecoration.com\/blog\/wp-content\/uploads\/2023\/08\/fournitures-pour-tenir-un-journal-bullet-ou-voyage-5-260x260.jpeg 260w, https:\/\/www.cocondedecoration.com\/blog\/wp-content\/uploads\/2023\/08\/fournitures-pour-tenir-un-journal-bullet-ou-voyage-5-465x465.jpeg 465w\" sizes=\"(max-width: 500px) 100vw, 500px\" \/><\/p><\/div>\n<div id='slider_63940_slide14' class='sa_hover_container' style='padding:5% 5%; margin:0px 0%; '><p><img loading=\"lazy\" decoding=\"async\" class=\"aligncenter size-full wp-image-63952\" src=\"https:\/\/www.cocondedecoration.com\/blog\/wp-content\/uploads\/2023\/08\/journal-creatif-fourniture-5.jpeg\" alt=\"journal creatif fourniture Ruban adh\u00e9sif Washi Tape Colorblock 15 &amp; 30 mm x 5 m Fleurs\" width=\"500\" height=\"500\" srcset=\"https:\/\/www.cocondedecoration.com\/blog\/wp-content\/uploads\/2023\/08\/journal-creatif-fourniture-5.jpeg 500w, https:\/\/www.cocondedecoration.com\/blog\/wp-content\/uploads\/2023\/08\/journal-creatif-fourniture-5-165x165.jpeg 165w, https:\/\/www.cocondedecoration.com\/blog\/wp-content\/uploads\/2023\/08\/journal-creatif-fourniture-5-260x260.jpeg 260w, https:\/\/www.cocondedecoration.com\/blog\/wp-content\/uploads\/2023\/08\/journal-creatif-fourniture-5-465x465.jpeg 465w\" sizes=\"(max-width: 500px) 100vw, 500px\" \/><\/p><\/div>\n<div id='slider_63940_slide15' class='sa_hover_container' style='padding:5% 5%; margin:0px 0%; '><p><img loading=\"lazy\" decoding=\"async\" class=\"aligncenter size-full wp-image-63957\" src=\"https:\/\/www.cocondedecoration.com\/blog\/wp-content\/uploads\/2023\/08\/fourniture-journal-creatif-pas-cher-5.jpeg\" alt=\"fourniture journal creatif pas cher  Imprimante cr\u00e9ative mobile COLOP E-MARK GO Imprimante cr\u00e9ative mobile\" width=\"500\" height=\"500\" srcset=\"https:\/\/www.cocondedecoration.com\/blog\/wp-content\/uploads\/2023\/08\/fourniture-journal-creatif-pas-cher-5.jpeg 500w, https:\/\/www.cocondedecoration.com\/blog\/wp-content\/uploads\/2023\/08\/fourniture-journal-creatif-pas-cher-5-165x165.jpeg 165w, https:\/\/www.cocondedecoration.com\/blog\/wp-content\/uploads\/2023\/08\/fourniture-journal-creatif-pas-cher-5-260x260.jpeg 260w, https:\/\/www.cocondedecoration.com\/blog\/wp-content\/uploads\/2023\/08\/fourniture-journal-creatif-pas-cher-5-465x465.jpeg 465w\" sizes=\"(max-width: 500px) 100vw, 500px\" \/><\/p><\/div>\n<\/div>\n<\/div>\n<script type='text\/javascript'>\n\tjQuery(document).ready(function() {\n\t\tjQuery('#slider_63940').owlCarousel({\n\t\t\titems : 1,\n\t\t\tsmartSpeed : 200,\n\t\t\tautoplay : true,\n\t\t\tautoplayTimeout : 5000,\n\t\t\tautoplayHoverPause : true,\n\t\t\tsmartSpeed : 200,\n\t\t\tfluidSpeed : 200,\n\t\t\tautoplaySpeed : 200,\n\t\t\tnavSpeed : 200,\n\t\t\tdotsSpeed : 200,\n\t\t\tloop : true,\n\t\t\tnav : true,\n\t\t\tnavText : ['Previous','Next'],\n\t\t\tdots : true,\n\t\t\tresponsiveRefreshRate : 200,\n\t\t\tslideBy : 1,\n\t\t\tmergeFit : true,\n\t\t\tautoHeight : false,\n\t\t\tmouseDrag : false,\n\t\t\ttouchDrag : true\n\t\t});\n\t\tjQuery('#slider_63940').css('visibility', 'visible');\n\t\tsa_resize_slider_63940();\n\t\twindow.addEventListener('resize', sa_resize_slider_63940);\n\t\tfunction sa_resize_slider_63940() {\n\t\t\tvar min_height = '50';\n\t\t\tvar win_width = jQuery(window).width();\n\t\t\tvar slider_width = jQuery('#slider_63940').width();\n\t\t\tif (win_width < 480) {\n\t\t\t\tvar slide_width = slider_width \/ 1;\n\t\t\t} else if (win_width < 768) {\n\t\t\t\tvar slide_width = slider_width \/ 1;\n\t\t\t} else if (win_width < 980) {\n\t\t\t\tvar slide_width = slider_width \/ 1;\n\t\t\t} else if (win_width < 1200) {\n\t\t\t\tvar slide_width = slider_width \/ 1;\n\t\t\t} else if (win_width < 1500) {\n\t\t\t\tvar slide_width = slider_width \/ 1;\n\t\t\t} else {\n\t\t\t\tvar slide_width = slider_width \/ 1;\n\t\t\t}\n\t\t\tslide_width = Math.round(slide_width);\n\t\t\tvar slide_height = '0';\n\t\t\tif (min_height == 'aspect43') {\n\t\t\t\tslide_height = (slide_width \/ 4) * 3;\t\t\t\tslide_height = Math.round(slide_height);\n\t\t\t} else if (min_height == 'aspect169') {\n\t\t\t\tslide_height = (slide_width \/ 16) * 9;\t\t\t\tslide_height = Math.round(slide_height);\n\t\t\t} else {\n\t\t\t\tslide_height = (slide_width \/ 100) * min_height;\t\t\t\tslide_height = Math.round(slide_height);\n\t\t\t}\n\t\t\tjQuery('#slider_63940 .owl-item .sa_hover_container').css('min-height', slide_height+'px');\n\t\t}\n\t\tvar owl_goto = jQuery('#slider_63940');\n\t\tjQuery('.slider_63940_goto1').click(function(event){\n\t\t\towl_goto.trigger('to.owl.carousel', 0);\n\t\t});\n\t\tjQuery('.slider_63940_goto2').click(function(event){\n\t\t\towl_goto.trigger('to.owl.carousel', 1);\n\t\t});\n\t\tjQuery('.slider_63940_goto3').click(function(event){\n\t\t\towl_goto.trigger('to.owl.carousel', 2);\n\t\t});\n\t\tjQuery('.slider_63940_goto4').click(function(event){\n\t\t\towl_goto.trigger('to.owl.carousel', 3);\n\t\t});\n\t\tjQuery('.slider_63940_goto5').click(function(event){\n\t\t\towl_goto.trigger('to.owl.carousel', 4);\n\t\t});\n\t\tjQuery('.slider_63940_goto6').click(function(event){\n\t\t\towl_goto.trigger('to.owl.carousel', 5);\n\t\t});\n\t\tjQuery('.slider_63940_goto7').click(function(event){\n\t\t\towl_goto.trigger('to.owl.carousel', 6);\n\t\t});\n\t\tjQuery('.slider_63940_goto8').click(function(event){\n\t\t\towl_goto.trigger('to.owl.carousel', 7);\n\t\t});\n\t\tjQuery('.slider_63940_goto9').click(function(event){\n\t\t\towl_goto.trigger('to.owl.carousel', 8);\n\t\t});\n\t\tjQuery('.slider_63940_goto10').click(function(event){\n\t\t\towl_goto.trigger('to.owl.carousel', 9);\n\t\t});\n\t\tjQuery('.slider_63940_goto11').click(function(event){\n\t\t\towl_goto.trigger('to.owl.carousel', 10);\n\t\t});\n\t\tjQuery('.slider_63940_goto12').click(function(event){\n\t\t\towl_goto.trigger('to.owl.carousel', 11);\n\t\t});\n\t\tjQuery('.slider_63940_goto13').click(function(event){\n\t\t\towl_goto.trigger('to.owl.carousel', 12);\n\t\t});\n\t\tjQuery('.slider_63940_goto14').click(function(event){\n\t\t\towl_goto.trigger('to.owl.carousel', 13);\n\t\t});\n\t\tjQuery('.slider_63940_goto15').click(function(event){\n\t\t\towl_goto.trigger('to.owl.carousel', 14);\n\t\t});\n\t\tvar resize_63940 = jQuery('.owl-carousel');\n\t\tresize_63940.on('initialized.owl.carousel', function(e) {\n\t\t\tif (typeof(Event) === 'function') {\n\t\t\t\twindow.dispatchEvent(new Event('resize'));\n\t\t\t} else {\n\t\t\t\tvar evt = window.document.createEvent('UIEvents');\n\t\t\t\tevt.initUIEvent('resize', true, false, window, 0);\n\t\t\t\twindow.dispatchEvent(evt);\n\t\t\t}\n\t\t});\n\t});\n<\/script>\n\n<\/div>\n\n\n\n<div class=\"wp-block-column is-layout-flow wp-block-column-is-layout-flow\">\n<p style=\"text-align:center\" class=\"has-medium-font-size\">Fournitures pour se lancer dans le journaling <\/p>\n\n\n\n<ol><li><a rel=\"noreferrer noopener\" aria-label=\"Carnet blanc souple - Saphir - 9 x 14 cm (s\u2019ouvre dans un nouvel onglet)\" href=\"https:\/\/lpc.scrapmalin.com\/?P4BB7D56CE39171&amp;redir=https%3A%2F%2Fwww.scrapmalin.com%2Fproduct%2Fcarnet-blanc-souple-saphir-9-x-14-cm\" target=\"_blank\">Carnet blanc souple - Saphir - 9 x 14 cm<\/a> - Scrapmalin <\/li><li><a rel=\"noreferrer noopener\" aria-label=\"Aquarelle Japonaise Gansai Coffret 48 couleurs (s\u2019ouvre dans un nouvel onglet)\" href=\"https:\/\/afi.rougier-ple.fr\/?P4826956CE391B1&amp;redir=https%3A%2F%2Fwww.rougier-ple.fr%2Faquarelle-japonaise-gansai-coffret-48-couleurs.r.html\" target=\"_blank\">Aquarelle Japonaise Gansai Coffret 48 couleurs<\/a> - Rougier &amp; Pl\u00e9<\/li><li><a rel=\"noreferrer noopener\" href=\"https:\/\/tracking.publicidees.com\/clic.php?progid=7565&amp;partid=62427&amp;dpl=https%3A%2F%2Fwww.zodio.fr%2Ftrousse-a-bijoux-jaune-flower-power.html\" target=\"_blank\">Trousse \u00e0 compartiments jaune<\/a> - Z\u00f4dio <\/li><li><a rel=\"noreferrer noopener\" aria-label=\"Lot de 4 feutres \u00e0 pointe calibr\u00e9e (s\u2019ouvre dans un nouvel onglet)\" href=\"https:\/\/lpc.scrapmalin.com\/?P4BB7D56CE39171&amp;redir=https%3A%2F%2Fwww.scrapmalin.com%2Fproduct%2Flot-de-4-feutres-a-pointe-calibree\" target=\"_blank\">Lot de 4 feutres \u00e0 pointe calibr\u00e9e<\/a> - Scrapmalin<\/li><li><a rel=\"noreferrer noopener\" aria-label=\"Coffret Scribe Pen stylo +3 plumes (s\u2019ouvre dans un nouvel onglet)\" href=\"https:\/\/afi.rougier-ple.fr\/?P4826956CE391B1&amp;redir=https%3A%2F%2Fwww.rougier-ple.fr%2Fetui-metal-scribe-pen-3-becs-stylo.r.html\" target=\"_blank\">Coffret Scribe Pen stylo +3 plumes<\/a> - Rougier &amp; Pl\u00e9<\/li><li><a rel=\"noreferrer noopener\" href=\"https:\/\/tracking.publicidees.com\/clic.php?progid=7565&amp;partid=62427&amp;dpl=https%3A%2F%2Fwww.zodio.fr%2Froll-stamp-tampon-a-molette-to-do-list.html\" target=\"_blank\">Roll' stamp tampon \u00e0 molette To do list<\/a> - Z\u00f4dio <\/li><li><a rel=\"noreferrer noopener\" aria-label=\"Bullet Journal Edition 2 - Papier 120 g - Noir  (s\u2019ouvre dans un nouvel onglet)\" href=\"https:\/\/lpc.scrapmalin.com\/?P4BB7D56CE39171&amp;redir=https%3A%2F%2Fwww.scrapmalin.com%2Fproduct%2Fnoir-bullet-journal-edition-2-medium-a5-papier-1\" target=\"_blank\">Bullet Journal Edition 2 - Papier 120 g - Noir <\/a>- Scrapmalin<\/li><li><a rel=\"noreferrer noopener\" aria-label=\"Feutre de calligraphie Set Hand Lettering (s\u2019ouvre dans un nouvel onglet)\" href=\"https:\/\/afi.rougier-ple.fr\/?P4826956CE391B1&amp;redir=https%3A%2F%2Fwww.rougier-ple.fr%2Ffeutre-de-calligraphie-pitt-artist-pen-set-hand-lettering-noir-4.r.html\" target=\"_blank\">Feutre de calligraphie Set Hand Lettering<\/a> - Rougier &amp; Pl\u00e9<\/li><li><a rel=\"noreferrer noopener\" href=\"https:\/\/tracking.publicidees.com\/clic.php?progid=7565&amp;partid=62427&amp;dpl=https%3A%2F%2Fwww.zodio.fr%2Fset-8-posca-pointe-moyenne-pastel.html\" target=\"_blank\">Set 8 posca pointe moyenne pastel<\/a> - Z\u00f4dio<\/li><li><a rel=\"noreferrer noopener\" aria-label=\"Set de 8 marqueurs Posca trait extra fin 0,7 mm (s\u2019ouvre dans un nouvel onglet)\" href=\"https:\/\/lpc.scrapmalin.com\/?P4BB7D56CE39171&amp;redir=https%3A%2F%2Fwww.scrapmalin.com%2Fproduct%2Fset-de-8-marqueurs-posca-trait-extra-fin-07-mm-couleurs-basiques\" target=\"_blank\">Set de 8 marqueurs Posca trait extra fin 0,7 mm<\/a> - Scrapmalin<\/li><li><a rel=\"noreferrer noopener\" aria-label=\"Masking Tape Slim 3 pcs (s\u2019ouvre dans un nouvel onglet)\" href=\"https:\/\/afi.rougier-ple.fr\/?P4826956CE391B1&amp;redir=https%3A%2F%2Fwww.rougier-ple.fr%2Fmasking-tape-slim-7-6-mm-deco-3-pcs.r.html\" target=\"_blank\">Masking Tape Slim 3 pcs<\/a> - Rougier &amp; Pl\u00e9<\/li><li><a rel=\"noreferrer noopener\" href=\"https:\/\/tracking.publicidees.com\/clic.php?progid=7565&amp;partid=62427&amp;dpl=https%3A%2F%2Fwww.zodio.fr%2Falbum-en-kraft-noir-40-pages-a4.html\" target=\"_blank\">Album en kraft noir 40 pages A4<\/a> - Z\u00f4dio  <\/li><li><a rel=\"noreferrer noopener\" aria-label=\"3 carnets unis 100g - 32 pages A6 (s\u2019ouvre dans un nouvel onglet)\" href=\"https:\/\/lpc.scrapmalin.com\/?P4BB7D56CE39171&amp;redir=https%3A%2F%2Fwww.scrapmalin.com%2Fproduct%2F3-carnets-unis-100g-32-pages-a6\" target=\"_blank\">3 carnets unis 100g - 32 pages A6<\/a> - Scrapmalin<\/li><li><a rel=\"noreferrer noopener\" aria-label=\"Ruban adh\u00e9sif Washi Tape (s\u2019ouvre dans un nouvel onglet)\" href=\"https:\/\/afi.rougier-ple.fr\/?P4826956CE391B1&amp;redir=https%3A%2F%2Fwww.rougier-ple.fr%2Fruban-adhesif-washi-tape-colorblock-15-30-mm-5-fleurs.r.html\" target=\"_blank\">Ruban adh\u00e9sif Washi Tape<\/a> - Rougier &amp; Pl\u00e9 <\/li><li><a rel=\"noreferrer noopener\" href=\"https:\/\/tracking.publicidees.com\/clic.php?progid=7565&amp;partid=62427&amp;dpl=https%3A%2F%2Fwww.zodio.fr%2Fimprimante-creative-mobile-colop-e-mark-go.html\" target=\"_blank\">Imprimante cr\u00e9ative mobile<\/a> - Z\u00f4dio<\/li><\/ol>\n\n\n\n<p style=\"text-align:center\"><strong>Rendez-vous ici pour d\u00e9couvrir <\/strong><a rel=\"noreferrer noopener\" aria-label=\"le mat\u00e9riel que j'utilise (s\u2019ouvre dans un nouvel onglet)\" href=\"https:\/\/www.cocondedecoration.com\/blog\/2023\/04\/materiel-carnet-de-voyage\/\" target=\"_blank\"><strong>le mat\u00e9riel que j'utilise<\/strong><\/a><strong> pour tenir mes journaux de voyage <\/strong><\/p>\n<\/div>\n<\/div>\n\n\n\n<hr class=\"wp-block-separator\"\/>\n\n\n\n<p class=\"has-text-align-center has-medium-font-size\">Ne perdons pas contact \ud83d\ude42 Rejoignez moi sur <a href=\"https:\/\/www.pinterest.fr\/cocondedeco\/\" target=\"_blank\" rel=\"noopener\" title=\"\">Pinterest<\/a> |\u00a0<a href=\"https:\/\/www.threads.net\/@cocondedeco\" target=\"_blank\" rel=\"noopener\" title=\"\">Threads<\/a> | <a href=\"https:\/\/www.patreon.com\/collection\/162946?view=expanded\" target=\"_blank\" rel=\"noopener\" title=\"\">la Newsletter<\/a> <br>Vous aimez lire le blog? Vous souhaitez continuer \u00e0 le lire? <a href=\"https:\/\/www.patreon.com\/cocondedeco\" target=\"_blank\" rel=\"noopener\" title=\"\">Devenez m\u00e9c\u00e8ne<\/a> sur Patreon et contribuez \u00e0 sa survie. <\/p>\n\n\n\n<hr class=\"wp-block-separator\"\/>\n\n\n\n<div class=\"wp-block-columns has-2-columns is-layout-flex wp-container-core-columns-layout-2 wp-block-columns-is-layout-flex\">\n<div class=\"wp-block-column is-layout-flow wp-block-column-is-layout-flow\">\n<p style=\"text-align:center\" class=\"has-medium-font-size\">A lire \u00e9galement<\/p>\n\n\n<ul class=\"wp-block-latest-posts__list wp-block-latest-posts\"><li><a class=\"wp-block-latest-posts__post-title\" href=\"https:\/\/www.cocondedecoration.com\/blog\/2026\/04\/printemps-journal-nature\/\">Loisir cr\u00e9atif de printemps: cr\u00e9er un journal sur la nature<\/a><\/li>\n<li><a class=\"wp-block-latest-posts__post-title\" href=\"https:\/\/www.cocondedecoration.com\/blog\/2025\/10\/carnet-de-recettes-diy\/\">Carnet de recettes illustr\u00e9: 10 exemples \u00e0 copier<\/a><\/li>\n<li><a class=\"wp-block-latest-posts__post-title\" href=\"https:\/\/www.cocondedecoration.com\/blog\/2025\/04\/prompt-journal-intime\/\">Le journal guid\u00e9 pour \u00e9viter le syndrome de la page blanche<\/a><\/li>\n<li><a class=\"wp-block-latest-posts__post-title\" href=\"https:\/\/www.cocondedecoration.com\/blog\/2025\/02\/junk-journal\/\">Junk Journal pour un quotidien cr\u00e9atif sans pression<\/a><\/li>\n<li><a class=\"wp-block-latest-posts__post-title\" href=\"https:\/\/www.cocondedecoration.com\/blog\/2025\/01\/vision-board-journal-de-gratitude\/\">Vision board et journal de gratitude pour bien d\u00e9buter l&rsquo;ann\u00e9e<\/a><\/li>\n<li><a class=\"wp-block-latest-posts__post-title\" href=\"https:\/\/www.cocondedecoration.com\/blog\/2024\/05\/carnet-lecture-creatif\/\">Journaling et carnet de lecture cr\u00e9atif &#8211; id\u00e9es pour d\u00e9buter<\/a><\/li>\n<li><a class=\"wp-block-latest-posts__post-title\" href=\"https:\/\/www.cocondedecoration.com\/blog\/2024\/04\/illustrations-naturelles-carnet-de-voyages\/\">Illustrations naturelles &#038; souvenirs de vacances | carnet de voyage<\/a><\/li>\n<\/ul><\/div>\n\n\n\n<div class=\"wp-block-column is-layout-flow wp-block-column-is-layout-flow\">\n<p class=\"has-text-align-center has-medium-font-size\" style=\"padding-top:var(--wp--preset--spacing--40);padding-bottom:var(--wp--preset--spacing--40)\"><strong>Devenez m\u00e9c\u00e8ne du blog <\/strong><\/p>\n\n\n\n<hr class=\"wp-block-separator has-alpha-channel-opacity is-style-wide\"\/>\n\n\n\n<p style=\"padding-right:var(--wp--preset--spacing--30);padding-left:var(--wp--preset--spacing--30)\">Soutenez mon travail sur le blog et acc\u00e9dez \u00e0 des contreparties exclusives: <\/p>\n\n\n\n<ul style=\"padding-right:var(--wp--preset--spacing--40);padding-left:var(--wp--preset--spacing--40)\">\n<li>Plusieurs centaines d'articles d\u00e9co, lifestyle &amp; voyage r\u00e9serv\u00e9s aux abonn\u00e9\u2022e\u2022s <\/li>\n\n\n\n<li>Toutes les entr\u00e9es de mon side project - mon dictionnaire nomade <\/li>\n\n\n\n<li>Une publicit\u00e9 limit\u00e9e sur les articles Patreon <\/li>\n<\/ul>\n\n\n\n<div class=\"wp-block-buttons is-content-justification-center is-layout-flex wp-container-core-buttons-layout-1 wp-block-buttons-is-layout-flex\">\n<div class=\"wp-block-button\"><a class=\"wp-block-button__link wp-element-button\" href=\"https:\/\/www.patreon.com\/cocondedeco\" target=\"_blank\" rel=\"noreferrer noopener\">Soutenir le blog maintenant<\/a><\/div>\n<\/div>\n<\/div>\n<\/div>\n\n\n\n<div class=\"wp-block-image\"><figure class=\"aligncenter\"><img loading=\"lazy\" decoding=\"async\" width=\"732\" height=\"488\" src=\"https:\/\/www.cocondedecoration.com\/blog\/wp-content\/uploads\/2023\/01\/decorer-bullet-journal-toute-l-annee.jpg\" alt=\"decorer bullet journal toute l annee id\u00e9e de th\u00e9matique illustrations exemple\" class=\"wp-image-56504\" srcset=\"https:\/\/www.cocondedecoration.com\/blog\/wp-content\/uploads\/2023\/01\/decorer-bullet-journal-toute-l-annee.jpg 732w, https:\/\/www.cocondedecoration.com\/blog\/wp-content\/uploads\/2023\/01\/decorer-bullet-journal-toute-l-annee-260x173.jpg 260w, https:\/\/www.cocondedecoration.com\/blog\/wp-content\/uploads\/2023\/01\/decorer-bullet-journal-toute-l-annee-640x427.jpg 640w, https:\/\/www.cocondedecoration.com\/blog\/wp-content\/uploads\/2023\/01\/decorer-bullet-journal-toute-l-annee-465x310.jpg 465w, https:\/\/www.cocondedecoration.com\/blog\/wp-content\/uploads\/2023\/01\/decorer-bullet-journal-toute-l-annee-695x463.jpg 695w\" sizes=\"(max-width: 732px) 100vw, 732px\" \/><figcaption>maisielane.co<\/figcaption><\/figure><\/div>\n","protected":false},"excerpt":{"rendered":"<p>Vous connaissez le syndrome de la page blanche? Pendant longtemps, j&rsquo;en ai souffert notamment pour le boulot. Et j&rsquo;ai compris il y a quelques ann\u00e9es que pour ne plus le subir, pour savoir quoi \u00e9crire, il me fallait au moins avoir une vue d&rsquo;ensemble comme un plan. Ca permet de<span class=\"more-link\"><a href=\"https:\/\/www.cocondedecoration.com\/blog\/2023\/01\/inspiration-theme-bullet-journal\/\">Lire la suite<\/a><\/span><\/p>\n","protected":false},"author":1,"featured_media":56504,"comment_status":"open","ping_status":"open","sticky":false,"template":"","format":"standard","meta":{"om_disable_all_campaigns":false,"_monsterinsights_skip_tracking":false,"_monsterinsights_sitenote_active":false,"_monsterinsights_sitenote_note":"","_monsterinsights_sitenote_category":0,"_uf_show_specific_survey":0,"_uf_disable_surveys":false,"footnotes":""},"categories":[32460,2231],"tags":[34387,27681,32492,40480,40483,40471,40453,40461,40465,40464,40456,40502,40499,40519,40506,40491,40489,40516,40520,40518,40507,40494,40501,40512,40509,40510,40508,40515,40517,40485,40482,40493,40497,40500,40496,34596,40488,40478,30494,40469,40475,40462,40455,40527,40531,40522,37626,40476,40492,40477,40452,40486,40474,40460,40459,40484,40490,40472,40454,40468,40470,40467,40458,40473,40479,39108,32474,37636,40466,40463,40457,40481,40498,40514,40523,40525,40504,40511,40503,40513,40495,40487,40505,40524,40529,40521,40530,40528,40526],"aioseo_notices":[],"_links":{"self":[{"href":"https:\/\/www.cocondedecoration.com\/blog\/wp-json\/wp\/v2\/posts\/56464"}],"collection":[{"href":"https:\/\/www.cocondedecoration.com\/blog\/wp-json\/wp\/v2\/posts"}],"about":[{"href":"https:\/\/www.cocondedecoration.com\/blog\/wp-json\/wp\/v2\/types\/post"}],"author":[{"embeddable":true,"href":"https:\/\/www.cocondedecoration.com\/blog\/wp-json\/wp\/v2\/users\/1"}],"replies":[{"embeddable":true,"href":"https:\/\/www.cocondedecoration.com\/blog\/wp-json\/wp\/v2\/comments?post=56464"}],"version-history":[{"count":0,"href":"https:\/\/www.cocondedecoration.com\/blog\/wp-json\/wp\/v2\/posts\/56464\/revisions"}],"wp:featuredmedia":[{"embeddable":true,"href":"https:\/\/www.cocondedecoration.com\/blog\/wp-json\/wp\/v2\/media\/56504"}],"wp:attachment":[{"href":"https:\/\/www.cocondedecoration.com\/blog\/wp-json\/wp\/v2\/media?parent=56464"}],"wp:term":[{"taxonomy":"category","embeddable":true,"href":"https:\/\/www.cocondedecoration.com\/blog\/wp-json\/wp\/v2\/categories?post=56464"},{"taxonomy":"post_tag","embeddable":true,"href":"https:\/\/www.cocondedecoration.com\/blog\/wp-json\/wp\/v2\/tags?post=56464"}],"curies":[{"name":"wp","href":"https:\/\/api.w.org\/{rel}","templated":true}]}}