{"id":55890,"date":"2023-01-11T01:00:58","date_gmt":"2023-01-10T23:00:58","guid":{"rendered":"http:\/\/www.cocondedecoration.com\/blog\/?p=55890"},"modified":"2024-04-16T10:39:59","modified_gmt":"2024-04-16T08:39:59","slug":"trouver-style-deco-balcon","status":"publish","type":"post","link":"https:\/\/www.cocondedecoration.com\/blog\/2023\/01\/trouver-style-deco-balcon\/","title":{"rendered":"[Conseils d\u00e9co] D\u00e9corer son balcon\u00a0: 6 m\u00e9thodes pour trouver son style facilement"},"content":{"rendered":"\n<div class=\"wp-block-columns has-2-columns is-layout-flex wp-container-core-columns-layout-1 wp-block-columns-is-layout-flex\">\n<div class=\"wp-block-column is-layout-flow wp-block-column-is-layout-flow\">\n<p><em>C'est un article un peu sp\u00e9cial que je vous propose aujourd'hui parce que je laisse pour une fois la parole \u00e0 une autre blogueuse (et lectrice du blog): Val\u00e9rie du blog Mon balcon-jardin vous apportera son expertise pour d\u00e9couvrir quel est votre style pour d\u00e9corer le balcon et ne pas uniquement empiler des plantes et se retrouver envahi(e) sans que \u00e7a n'ait de sens. J'esp\u00e8re que cet article vous aidera \u00e0 cr\u00e9er un ext\u00e9rieur - aussi petit soit-il - qui vous ressemble. <\/em><\/p>\n\n\n\n<!--more-->\n\n\n\n<p>Les modes passent, le style est \u00e9ternel. Ouille. Cette fameuse petite phrase \u00e9tait sens\u00e9e nous rassurer. Mais en fait, il nous met s\u00e9rieusement la pression, Yves Saint Laurent. Car tout le monde n\u2019a pas la chance d\u2019\u00eatre le Yves Saint Laurent de la d\u00e9coration justement. A cet instant, tu te dis peut-\u00eatre : \u00ab Moi, je n\u2019arrive pas \u00e0 trouver mon style, alors c\u2019est fichu. Je suis condamn\u00e9(e) \u00e0 passer mes week-ends sur un balcon tout moche, entre deux chaises de jardin en plastique et des jardini\u00e8res ordinaires. \u00bb Gloups. \u00c7a fait froid dans le dos. Pour d\u00e9corer ton balcon, \u00ab il faut \u00bb choisir un style. Bah oui, l\u2019espace est souvent limit\u00e9, d\u00e9corer son balcon au pif, sans fil conducteur, va mener \u00e0 la catastrophe. Jusque-l\u00e0, on est d\u2019accord. Seulement voil\u00e0, <strong>comment faire pour le trouver, ce fameux style<\/strong>, hein ? Il y a des techniques, parfois peu connues, pour trouver un style d\u00e9co pour son balcon (et plus si affinit\u00e9s). Sans style, ton balcon va vite ressembler \u00e0 un cagibi et tu n\u2019aimeras pas y passer du temps. En effet, pour bien profiter de son ext\u00e9rieur, je suis persuad\u00e9e qu\u2019il faut <strong>lui apporter le m\u00eame soin qu\u2019au reste de son habitat<\/strong>. La strat\u00e9gie des couleurs par exemple est simple et efficace et permet de s\u2019orienter rapidement dans la jungle des styles d\u00e9co. Mais il y en a d\u2019autres ! Voici aujourd\u2019hui toutes les m\u00e9thodes que j\u2019ai s\u00e9lectionn\u00e9es.<\/p>\n<\/div>\n\n\n\n<div class=\"wp-block-column is-layout-flow wp-block-column-is-layout-flow\">\n<figure class=\"wp-block-image\"><img loading=\"lazy\" decoding=\"async\" width=\"640\" height=\"960\" src=\"http:\/\/www.cocondedecoration.com\/blog\/wp-content\/uploads\/2023\/01\/decorer-balcon-avec-style-1-640x960.jpeg\" alt=\"decorer balcon avec style chic blanc couleur claire douce fleur rose banquette cosy\" class=\"wp-image-55891\" srcset=\"https:\/\/www.cocondedecoration.com\/blog\/wp-content\/uploads\/2023\/01\/decorer-balcon-avec-style-1-640x960.jpeg 640w, https:\/\/www.cocondedecoration.com\/blog\/wp-content\/uploads\/2023\/01\/decorer-balcon-avec-style-1-260x390.jpeg 260w, https:\/\/www.cocondedecoration.com\/blog\/wp-content\/uploads\/2023\/01\/decorer-balcon-avec-style-1-768x1152.jpeg 768w, https:\/\/www.cocondedecoration.com\/blog\/wp-content\/uploads\/2023\/01\/decorer-balcon-avec-style-1-367x550.jpeg 367w, https:\/\/www.cocondedecoration.com\/blog\/wp-content\/uploads\/2023\/01\/decorer-balcon-avec-style-1-333x500.jpeg 333w, https:\/\/www.cocondedecoration.com\/blog\/wp-content\/uploads\/2023\/01\/decorer-balcon-avec-style-1.jpeg 1000w\" sizes=\"(max-width: 640px) 100vw, 640px\" \/><figcaption class=\"wp-element-caption\">youtube.com\n<\/figcaption><\/figure>\n<\/div>\n<\/div>\n\n\n\n<h2 class=\"wp-block-heading\">Trouver un style pour d\u00e9corer son balcon&nbsp;: les m\u00e9thodes analytiques<\/h2>\n\n\n\n<h3 class=\"wp-block-heading\">La m\u00e9thode du nouveau regard<\/h3>\n\n\n\n<p>Cette m\u00e9thode part du principe que nous nous entourons spontan\u00e9ment d\u2019<strong>objets qui nous plaisent<\/strong>, ou tout du moins qui nous ont plu au moment o\u00f9 nous les avons achet\u00e9s. Arriv\u00e9s chez nous, ces objets ne sont peut-\u00eatre plus aussi \u00ab&nbsp;waouh&nbsp;\u00bb que dans la vitrine du magasin. Cependant, ce n\u2019est pas un hasard si nous les avons choisis.<\/p>\n\n\n\n<p>Maintenant, <strong>observe chez toi les meubles et la d\u00e9co et essaie de d\u00e9terminer quels sont les \u00e9l\u00e9ments communs<\/strong> : les couleurs, les textures, les mati\u00e8res, les formes. Pour cela, il peut \u00eatre utile de rassembler ces \u00e9l\u00e9ments dans un m\u00eame endroit pour mieux prendre conscience des similitudes qui ne nous sautaient peut-\u00eatre pas aux yeux au premier abord. Et si tu ne veux pas tout d\u00e9placer, prends des photos et fait un collage sur ton ordinateur. L\u2019effet est souvent bluffant.<\/p>\n\n\n\n<p>Au-del\u00e0 de sa <strong>simplicit\u00e9<\/strong>, cette strat\u00e9gie a un autre avantage, et non des moindres. Le balcon ou m\u00eame la terrasse sont des espaces souvent assez petits. En les d\u00e9corant <strong>dans le \u00ab prolongement \u00bb de ton int\u00e9rieur<\/strong>, tu donneras \u00e0 l\u2019ensemble une sensation d\u2019espace plus important et une coh\u00e9rence qui fera toute la diff\u00e9rence.<\/p>\n\n\n\n<h3 class=\"wp-block-heading\">La m\u00e9thode de la garde-robe<\/h3>\n\n\n\n<p>Voici encore une approche tr\u00e8s simple et intuitive pour choisir un style d\u00e9co pour le balcon. L\u00e0 aussi, ce n\u2019est pas un hasard si nous achetons toujours le m\u00eame type de v\u00eatements. L\u2019important est bien entendu de se concentrer sur <strong>les v\u00eatements que nous portons vraiment<\/strong> (et pas ceux qui prennent la poussi\u00e8re au fond du placard).<\/p>\n\n\n\n<p>Pose-toi \u00e0 nouveau ces questions : quel type de couleurs m\u2019attire ? Des couleurs vives ou neutres ? Froides ou chaudes ? Y-a-t-il beaucoup de motifs ou ma garde-robe est-elle plut\u00f4t unie ? Mes v\u00eatements sont-ils plut\u00f4t d\u00e9contract\u00e9s, confortables ou repr\u00e9sentatifs ? Est-ce que je porte plut\u00f4t des mati\u00e8res naturelles ou synth\u00e9tiques ?<\/p>\n\n\n\n<p>Cette m\u00e9thode permet <strong>de faire le point sur nos go\u00fbts et nos attirances naturelles en mati\u00e8re esth\u00e9tique<\/strong>. Ce qui est int\u00e9ressant d\u2019ailleurs, c\u2019est qu\u2019il s\u2019agisse de v\u00eatements ou de d\u00e9coration, les m\u00eames principes s\u2019appliquent. Tu aimes les couleurs vives ? Utilise-les en petites touches, en pla\u00e7ant des accents. Tout comme tu ne veux pas ressembler \u00e0 un oiseau de paradis, un int\u00e9rieur trop bariol\u00e9 peut finir par lasser et devenir peu propice au repos et \u00e0 la d\u00e9tente. <\/p>\n\n\n\n<h3 class=\"wp-block-heading\">La m\u00e9thode des couleurs<\/h3>\n\n\n\n<p>J\u2019ai d\u00e9couvert cette m\u00e9thode il y a quelques temps en feuilletant un livre. Au premier abord, elle m\u2019a sembl\u00e9 un peu r\u00e9ductrice. Mais en y r\u00e9fl\u00e9chissant de plus pr\u00e8s, je la trouve int\u00e9ressante pour sa <strong>simplicit\u00e9<\/strong> et surtout son <strong>efficacit\u00e9<\/strong>. C\u2019est une \u00e0 mon avis une m\u00e9thodologie tr\u00e8s pratique <strong>pour tous ceux qui d\u00e9butent<\/strong> en la mati\u00e8re. En effet, la couleur est certainement l\u2019\u00e9l\u00e9ment de style le plus \u00e9vident. Bien s\u00fbr, ce n\u2019est pas le seul mais il est dominant. Il permet de bien nous guider dans nos choix.<\/p>\n\n\n\n<p>Le principe : <strong>Note les couleurs qui t\u2019attirent le plus en mati\u00e8re d\u2019am\u00e9nagement et de d\u00e9coration<\/strong>. Pour cela, tu peux t\u2019inspirer de photos de magazines ou d\u2019images trouv\u00e9es sur Internet. L\u00e0 aussi, tu vas vite constater que tu es souvent attir\u00e9(e) par les m\u00eames couleurs. Compare ensuite ces couleurs avec <strong>les sch\u00e9mas de couleurs associ\u00e9s \u00e0 des styles de d\u00e9coration typiques<\/strong> comme le style scandinave (couleurs neutres, bleu, vert), le style romantique (couleurs pastels), le style minimaliste (couleurs neutres, \u2026).<\/p>\n\n\n\n<p>Une fois que tu auras mis <strong>une \u00ab&nbsp;\u00e9tiquette&nbsp;\u00bb sur ton style de pr\u00e9dilection<\/strong>, les autres \u00e9l\u00e9ments comme les formes, les mati\u00e8res, les motifs mais aussi les plantes en d\u00e9couleront tout naturellement. D\u2019ailleurs, si tu as besoin d\u2019un outil pratique pour bien choisir tes plantes en fonction de ton style, tu peux <a href=\"https:\/\/mon-balcon-jardin.com\/debutants-commencez-ici\/\">t\u00e9l\u00e9charger la checkliste gratuite ici<\/a>.<\/p>\n\n\n\n<figure class=\"wp-block-gallery has-nested-images columns-default is-cropped wp-block-gallery-1 is-layout-flex wp-block-gallery-is-layout-flex\">\n<figure class=\"wp-block-image\"><img loading=\"lazy\" decoding=\"async\" width=\"640\" height=\"960\" data-id=\"55892\" src=\"https:\/\/www.cocondedecoration.com\/blog\/wp-content\/uploads\/2023\/01\/decorer-balcon-avec-style-2-640x960.jpeg\" alt=\"decorer balcon avec style jardini\u00e8re fleurie blanche et rose petit fauteuil filaire noir agr\u00e9able confortable\" class=\"wp-image-55892\" srcset=\"https:\/\/www.cocondedecoration.com\/blog\/wp-content\/uploads\/2023\/01\/decorer-balcon-avec-style-2-640x960.jpeg 640w, https:\/\/www.cocondedecoration.com\/blog\/wp-content\/uploads\/2023\/01\/decorer-balcon-avec-style-2-260x390.jpeg 260w, https:\/\/www.cocondedecoration.com\/blog\/wp-content\/uploads\/2023\/01\/decorer-balcon-avec-style-2-768x1152.jpeg 768w, https:\/\/www.cocondedecoration.com\/blog\/wp-content\/uploads\/2023\/01\/decorer-balcon-avec-style-2-367x550.jpeg 367w, https:\/\/www.cocondedecoration.com\/blog\/wp-content\/uploads\/2023\/01\/decorer-balcon-avec-style-2-333x500.jpeg 333w, https:\/\/www.cocondedecoration.com\/blog\/wp-content\/uploads\/2023\/01\/decorer-balcon-avec-style-2.jpeg 1000w\" sizes=\"(max-width: 640px) 100vw, 640px\" \/><figcaption class=\"wp-element-caption\">westwingnow.fr\n<\/figcaption><\/figure>\n\n\n\n<figure class=\"wp-block-image\"><img loading=\"lazy\" decoding=\"async\" width=\"640\" height=\"960\" data-id=\"55893\" src=\"https:\/\/www.cocondedecoration.com\/blog\/wp-content\/uploads\/2023\/01\/decorer-balcon-avec-style-3-640x960.jpeg\" alt=\"decorer balcon avec style ambiance bord de mer vacances palette de couleur bleu et blanc petite plantes vertes bonne humeur\" class=\"wp-image-55893\" srcset=\"https:\/\/www.cocondedecoration.com\/blog\/wp-content\/uploads\/2023\/01\/decorer-balcon-avec-style-3-640x960.jpeg 640w, https:\/\/www.cocondedecoration.com\/blog\/wp-content\/uploads\/2023\/01\/decorer-balcon-avec-style-3-260x390.jpeg 260w, https:\/\/www.cocondedecoration.com\/blog\/wp-content\/uploads\/2023\/01\/decorer-balcon-avec-style-3-768x1152.jpeg 768w, https:\/\/www.cocondedecoration.com\/blog\/wp-content\/uploads\/2023\/01\/decorer-balcon-avec-style-3-367x550.jpeg 367w, https:\/\/www.cocondedecoration.com\/blog\/wp-content\/uploads\/2023\/01\/decorer-balcon-avec-style-3-333x500.jpeg 333w, https:\/\/www.cocondedecoration.com\/blog\/wp-content\/uploads\/2023\/01\/decorer-balcon-avec-style-3.jpeg 1000w\" sizes=\"(max-width: 640px) 100vw, 640px\" \/><figcaption class=\"wp-element-caption\">katty72.com\n<\/figcaption><\/figure>\n<\/figure>\n\n\n\n<h2 class=\"wp-block-heading\">Les m\u00e9thodes cr\u00e9atives pour styliser un balcon<\/h2>\n\n\n\n<h3 class=\"wp-block-heading\">Le moodboard physique<\/h3>\n\n\n\n<p>On y revient toujours. La m\u00e9thode du moodboard n\u2019est ni nouvelle ni originale. C\u2019est <strong>LE grand classique<\/strong> des d\u00e9marches de d\u00e9coration et de design. Mais ce n\u2019est pas parce que tout le monde en parle que cette marche \u00e0 suivre n\u2019est pas bonne.<\/p>\n\n\n\n<p>Si tu as de bons souvenirs du cours d\u2019arts plastiques au coll\u00e8ge, cette m\u00e9thode est faite pour toi. Munis-toi pour cela d\u2019une grande feuille de papier (une feuille de papier Canson au format A3 ou m\u00eame un flipchart) et d\u2019une paire de ciseaux et <strong>rassemble les \u00e9l\u00e9ments<\/strong> que tu aimerais retrouver dans la d\u00e9coration de ton balcon. <\/p>\n\n\n\n<p>Il peut s\u2019agir d\u2019\u00e9l\u00e9ments visuels (des couleurs, des photos, des ambiances\u2026) trouv\u00e9s sur Internet, dans des magazines, etc. mais aussi d\u2019\u00e9chantillons de tissu, des expressions, des phrases inspirantes. L\u2019avantage du moodboard \u00abphysique\u00bb est que le c\u00f4t\u00e9 tactile active la cr\u00e9ativit\u00e9 et qu\u2019il est facile d\u2019y ajouter des \u00e9l\u00e9ments comme \u00e7a, en passant. Une bonne solution pour <strong>(re)trouver sa fibre cr\u00e9ative <\/strong>!<\/p>\n\n\n\n<h3 class=\"wp-block-heading\">Le collage reloaded<\/h3>\n\n\n\n<p>Pour tous ceux ou celles qui sont plus \u00e0 l\u2019aise avec des outils modernes, il est bien s\u00fbr possible de faire un collage digital avec des outil comme Canva ou Pinterest par exemple. Pour cela, il suffit de <strong>rechercher des photos inspirantes et de les rassembler<\/strong>. Aujourd\u2019hui, rien de plus facile avec Internet.<\/p>\n\n\n\n<p>Le danger, bien s\u00fbr, c\u2019est de tomber dans l\u2019imitation ou simplement, de se mettre la pression. C\u2019est <a href=\"https:\/\/mon-balcon-jardin.com\/amenagement-exterieur-5-erreurs-communes\/\">l\u2019une des erreurs communes<\/a> quand on se lance dans l\u2019am\u00e9nagement ou la d\u00e9coration de son balcon. Pour \u00e9viter cet \u00e9cueil, je t\u2019invite \u00e0 diversifier tes recherches et \u00e0 y ajouter des photos personnelles.<\/p>\n\n\n\n<p>N\u2019utilise pas seulement des photos de magnifiques balcons relook\u00e9es juste pour la photo. Oriente-toi \u00e0 des <strong>exemples plus r\u00e9alistes<\/strong> et int\u00e8gre aussi des \u00e9l\u00e9ments qui n\u2019ont (a priori) rien \u00e0 voir avec la d\u00e9coration de ton balcon. Cela peut \u00eatre un paysage, un jardin, des motifs, des d\u00e9tails, une plante, une ambiance qui t\u2019inspirent particuli\u00e8rement.<\/p>\n\n\n\n<p>Les 2 outils \u00e9voqu\u00e9s pr\u00e9c\u00e9demment permettent de <strong>commenter les images<\/strong> et d\u2019ajouter du texte pour noter ce qui te parle le plus et retenir l\u2019essentiel.<\/p>\n\n\n\n<figure class=\"wp-block-gallery has-nested-images columns-default is-cropped wp-block-gallery-2 is-layout-flex wp-block-gallery-is-layout-flex\">\n<figure class=\"wp-block-image\"><img loading=\"lazy\" decoding=\"async\" width=\"640\" height=\"960\" data-id=\"55894\" src=\"https:\/\/www.cocondedecoration.com\/blog\/wp-content\/uploads\/2023\/01\/decorer-balcon-avec-style-4-640x960.jpeg\" alt=\"decorer balcon avec style moderne bois et blanc petites plantes meuble \u00e9tag\u00e8re\" class=\"wp-image-55894\" srcset=\"https:\/\/www.cocondedecoration.com\/blog\/wp-content\/uploads\/2023\/01\/decorer-balcon-avec-style-4-640x960.jpeg 640w, https:\/\/www.cocondedecoration.com\/blog\/wp-content\/uploads\/2023\/01\/decorer-balcon-avec-style-4-260x390.jpeg 260w, https:\/\/www.cocondedecoration.com\/blog\/wp-content\/uploads\/2023\/01\/decorer-balcon-avec-style-4-768x1152.jpeg 768w, https:\/\/www.cocondedecoration.com\/blog\/wp-content\/uploads\/2023\/01\/decorer-balcon-avec-style-4-367x550.jpeg 367w, https:\/\/www.cocondedecoration.com\/blog\/wp-content\/uploads\/2023\/01\/decorer-balcon-avec-style-4-333x500.jpeg 333w, https:\/\/www.cocondedecoration.com\/blog\/wp-content\/uploads\/2023\/01\/decorer-balcon-avec-style-4.jpeg 1000w\" sizes=\"(max-width: 640px) 100vw, 640px\" \/><figcaption class=\"wp-element-caption\">westwing.fr\n<\/figcaption><\/figure>\n\n\n\n<figure class=\"wp-block-image\"><img loading=\"lazy\" decoding=\"async\" width=\"640\" height=\"960\" data-id=\"55895\" src=\"https:\/\/www.cocondedecoration.com\/blog\/wp-content\/uploads\/2023\/01\/decorer-balcon-avec-style-5-640x960.jpeg\" alt=\"decorer balcon avec style plante et meuble intimit\u00e9 soleil banc coussins\" class=\"wp-image-55895\" srcset=\"https:\/\/www.cocondedecoration.com\/blog\/wp-content\/uploads\/2023\/01\/decorer-balcon-avec-style-5-640x960.jpeg 640w, https:\/\/www.cocondedecoration.com\/blog\/wp-content\/uploads\/2023\/01\/decorer-balcon-avec-style-5-260x390.jpeg 260w, https:\/\/www.cocondedecoration.com\/blog\/wp-content\/uploads\/2023\/01\/decorer-balcon-avec-style-5-768x1152.jpeg 768w, https:\/\/www.cocondedecoration.com\/blog\/wp-content\/uploads\/2023\/01\/decorer-balcon-avec-style-5-367x550.jpeg 367w, https:\/\/www.cocondedecoration.com\/blog\/wp-content\/uploads\/2023\/01\/decorer-balcon-avec-style-5-333x500.jpeg 333w, https:\/\/www.cocondedecoration.com\/blog\/wp-content\/uploads\/2023\/01\/decorer-balcon-avec-style-5.jpeg 1000w\" sizes=\"(max-width: 640px) 100vw, 640px\" \/><figcaption class=\"wp-element-caption\">deavita.fr\n<\/figcaption><\/figure>\n<\/figure>\n\n\n\n<h2 class=\"wp-block-heading\">La m\u00e9thode alternative pour trouver son style &amp; d\u00e9corer le balcon<\/h2>\n\n\n\n<p>Pas de panique, la consommation de substances hallucinog\u00e8nes n\u2019est pas n\u00e9cessaire \u00e0 l\u2019application de cette m\u00e9thode. La marche \u00e0 suivre du voyage imaginaire que je te pr\u00e9sente ici repose sur des recherches effectu\u00e9es dans le domaine de la <strong>psychologie de l\u2019habitat<\/strong>. Les exp\u00e9riences de notre pass\u00e9 et plus particuli\u00e8rement de notre enfance influencent nos go\u00fbts. C\u2019est vrai en mati\u00e8re de cuisine, de relations aux autres, de loisirs et bien s\u00fbr d\u2019habitat. Il s\u2019agit donc ici tout simplement de<strong> prendre conscience de cet \u00ab h\u00e9ritage \u00bb<\/strong>.<\/p>\n\n\n\n<p>En visualisant mentalement un endroit o\u00f9 nous avons ressenti une sensation de bien-\u00eatre profond, des d\u00e9tails reviennent \u00e0 notre esprit : les mat\u00e9riaux, les couleurs, les sensations (en particulier les odeurs et le toucher), la luminosit\u00e9, des objets en particulier\u2026 Ainsi, il est possible d\u2019int\u00e9grer ses \u00e9l\u00e9ments dans la d\u00e9coration de notre balcon <strong>pour retrouver le bien-\u00eatre recherch\u00e9<\/strong>. En r\u00e9p\u00e9tant l\u2019exercice avec des endroits diff\u00e9rents, il est fort probable que des points communs apparaissent \u00e0 nouveau. <\/p>\n\n\n\n<p>Pour utiliser cette m\u00e9thode, il n\u2019est pas n\u00e9cessaire de reproduire ces endroits \u00e0 la lettre (il est m\u00eame possible que le style de l\u2019ensemble ne te plaise pas ou plus). Il suffit d\u2019<strong>en tirer l\u2019inspiration<\/strong> pour en utiliser les \u00e9l\u00e9ments phares.<\/p>\n\n\n\n<figure class=\"wp-block-gallery has-nested-images columns-default is-cropped wp-block-gallery-3 is-layout-flex wp-block-gallery-is-layout-flex\">\n<figure class=\"wp-block-image\"><img loading=\"lazy\" decoding=\"async\" width=\"640\" height=\"960\" data-id=\"55896\" src=\"https:\/\/www.cocondedecoration.com\/blog\/wp-content\/uploads\/2023\/01\/decorer-balcon-avec-style-6-640x960.jpeg\" alt=\"decorer balcon avec style terrasse appartement chaises en toile rouge petite plantes et fleur pouf tapis meuble jardin\" class=\"wp-image-55896\" srcset=\"https:\/\/www.cocondedecoration.com\/blog\/wp-content\/uploads\/2023\/01\/decorer-balcon-avec-style-6-640x960.jpeg 640w, https:\/\/www.cocondedecoration.com\/blog\/wp-content\/uploads\/2023\/01\/decorer-balcon-avec-style-6-260x390.jpeg 260w, https:\/\/www.cocondedecoration.com\/blog\/wp-content\/uploads\/2023\/01\/decorer-balcon-avec-style-6-768x1152.jpeg 768w, https:\/\/www.cocondedecoration.com\/blog\/wp-content\/uploads\/2023\/01\/decorer-balcon-avec-style-6-367x550.jpeg 367w, https:\/\/www.cocondedecoration.com\/blog\/wp-content\/uploads\/2023\/01\/decorer-balcon-avec-style-6-333x500.jpeg 333w, https:\/\/www.cocondedecoration.com\/blog\/wp-content\/uploads\/2023\/01\/decorer-balcon-avec-style-6.jpeg 1000w\" sizes=\"(max-width: 640px) 100vw, 640px\" \/><figcaption class=\"wp-element-caption\">CaroleTg via Pinterest<\/figcaption><\/figure>\n\n\n\n<figure class=\"wp-block-image\"><img loading=\"lazy\" decoding=\"async\" width=\"640\" height=\"960\" data-id=\"55897\" src=\"https:\/\/www.cocondedecoration.com\/blog\/wp-content\/uploads\/2023\/01\/decorer-balcon-avec-style-7-640x960.jpeg\" alt=\"decorer balcon avec style banquette coussin guirlande lumineuse guinguette fleur rose en jardini\u00e8re d\u00e9co garde-corps\" class=\"wp-image-55897\" srcset=\"https:\/\/www.cocondedecoration.com\/blog\/wp-content\/uploads\/2023\/01\/decorer-balcon-avec-style-7-640x960.jpeg 640w, https:\/\/www.cocondedecoration.com\/blog\/wp-content\/uploads\/2023\/01\/decorer-balcon-avec-style-7-260x390.jpeg 260w, https:\/\/www.cocondedecoration.com\/blog\/wp-content\/uploads\/2023\/01\/decorer-balcon-avec-style-7-768x1152.jpeg 768w, https:\/\/www.cocondedecoration.com\/blog\/wp-content\/uploads\/2023\/01\/decorer-balcon-avec-style-7-367x550.jpeg 367w, https:\/\/www.cocondedecoration.com\/blog\/wp-content\/uploads\/2023\/01\/decorer-balcon-avec-style-7-333x500.jpeg 333w, https:\/\/www.cocondedecoration.com\/blog\/wp-content\/uploads\/2023\/01\/decorer-balcon-avec-style-7.jpeg 1000w\" sizes=\"(max-width: 640px) 100vw, 640px\" \/><figcaption class=\"wp-element-caption\">Home SNS via Pinterest<\/figcaption><\/figure>\n<\/figure>\n\n\n\n<p>Dans cet article, tu as d\u00e9couvert plusieurs techniques pour choisir le style d\u00e9co de ton balcon. Comme tu peux le voir, quelle que soit ta personnalit\u00e9, nul besoin d\u2019\u00eatre un g\u00e9nie cr\u00e9atif pour trouver le style qui donnera \u00e0 ton ext\u00e9rieur le petit truc en plus. Le style, finalement, c\u2019est un muscle. Il de demande qu\u2019\u00e0 s\u2019entrainer. Si tu h\u00e9sites encore, commence par une technique simple comme celle du nouveau regard. Elle permet de d\u00e9marrer vite, avec ce que tu as d\u00e9j\u00e0 chez toi et sans faire de frais. N\u2019h\u00e9site pas \u00e0 me dire dans les commentaires quelle m\u00e9thode tu as d\u00e9j\u00e0 essay\u00e9e et laquelle est ta pr\u00e9f\u00e9r\u00e9e.<\/p>\n\n\n\n<h2 class=\"wp-block-heading\">Petite terrasse et balcon: des guides d\u00e9co pour vous aider <\/h2>\n\n\n\n<p>Am\u00e9nagez et d\u00e9corez facilement votre balcon ou votre petite terrasse gr\u00e2ce \u00e0 mes guides d\u00e9co. <\/p>\n\n\n\n<div class=\"wp-block-cb-carousel\" data-slick=\"{&quot;slidesToShow&quot;:3,&quot;slidesToScroll&quot;:1,&quot;speed&quot;:300,&quot;arrows&quot;:true,&quot;dots&quot;:false,&quot;autoplay&quot;:false,&quot;autoplaySpeed&quot;:3000,&quot;infinite&quot;:true,&quot;responsive&quot;:[{&quot;breakpoint&quot;:769,&quot;settings&quot;:{&quot;slidesToShow&quot;:1,&quot;slidesToScroll&quot;:1}}]}\">\n<div class=\"wp-block-cb-slide\">\n<figure class=\"wp-block-image size-large\"><a href=\"https:\/\/www.cocondedecoration.com\/blog\/wp-content\/uploads\/2026\/04\/guide-deco-petite-terrasse-balcon-1.png\"><img loading=\"lazy\" decoding=\"async\" width=\"640\" height=\"960\" src=\"https:\/\/www.cocondedecoration.com\/blog\/wp-content\/uploads\/2026\/04\/guide-deco-petite-terrasse-balcon-1-640x960.png\" alt=\"Tablette \u00e0 suspendre garde-corps Guide d\u00e9co petite terrasse et balcon \" class=\"wp-image-89029\" title=\"Tablette \u00e0 suspendre garde-corps Guide d\u00e9co petite terrasse et balcon \" srcset=\"https:\/\/www.cocondedecoration.com\/blog\/wp-content\/uploads\/2026\/04\/guide-deco-petite-terrasse-balcon-1-640x960.png 640w, https:\/\/www.cocondedecoration.com\/blog\/wp-content\/uploads\/2026\/04\/guide-deco-petite-terrasse-balcon-1-260x390.png 260w, https:\/\/www.cocondedecoration.com\/blog\/wp-content\/uploads\/2026\/04\/guide-deco-petite-terrasse-balcon-1-768x1152.png 768w, https:\/\/www.cocondedecoration.com\/blog\/wp-content\/uploads\/2026\/04\/guide-deco-petite-terrasse-balcon-1-367x550.png 367w, https:\/\/www.cocondedecoration.com\/blog\/wp-content\/uploads\/2026\/04\/guide-deco-petite-terrasse-balcon-1-333x500.png 333w, https:\/\/www.cocondedecoration.com\/blog\/wp-content\/uploads\/2026\/04\/guide-deco-petite-terrasse-balcon-1.png 1000w\" sizes=\"(max-width: 640px) 100vw, 640px\" \/><\/a><figcaption class=\"wp-element-caption\">Tablette de balcon \u2192 <a href=\"https:\/\/www.cocondedecoration.com\/blog\/2025\/04\/table-suspendue-balcon\/\" target=\"_blank\" rel=\"noopener\" title=\"\">Guide ici<\/a><\/figcaption><\/figure>\n<\/div>\n\n\n\n<div class=\"wp-block-cb-slide\">\n<figure class=\"wp-block-image size-large\"><a href=\"https:\/\/www.cocondedecoration.com\/blog\/wp-content\/uploads\/2026\/04\/guide-deco-petite-terrasse-balcon-2.png\"><img loading=\"lazy\" decoding=\"async\" width=\"640\" height=\"960\" src=\"https:\/\/www.cocondedecoration.com\/blog\/wp-content\/uploads\/2026\/04\/guide-deco-petite-terrasse-balcon-2-640x960.png\" alt=\"mobilier m\u00e9ridenne ext\u00e9rieure outdoor Guide d\u00e9co petite terrasse et balcon \" class=\"wp-image-89030\" title=\"mobilier m\u00e9ridenne ext\u00e9rieure outdoor Guide d\u00e9co petite terrasse et balcon \" srcset=\"https:\/\/www.cocondedecoration.com\/blog\/wp-content\/uploads\/2026\/04\/guide-deco-petite-terrasse-balcon-2-640x960.png 640w, https:\/\/www.cocondedecoration.com\/blog\/wp-content\/uploads\/2026\/04\/guide-deco-petite-terrasse-balcon-2-260x390.png 260w, https:\/\/www.cocondedecoration.com\/blog\/wp-content\/uploads\/2026\/04\/guide-deco-petite-terrasse-balcon-2-768x1152.png 768w, https:\/\/www.cocondedecoration.com\/blog\/wp-content\/uploads\/2026\/04\/guide-deco-petite-terrasse-balcon-2-367x550.png 367w, https:\/\/www.cocondedecoration.com\/blog\/wp-content\/uploads\/2026\/04\/guide-deco-petite-terrasse-balcon-2-333x500.png 333w, https:\/\/www.cocondedecoration.com\/blog\/wp-content\/uploads\/2026\/04\/guide-deco-petite-terrasse-balcon-2.png 1000w\" sizes=\"(max-width: 640px) 100vw, 640px\" \/><\/a><figcaption class=\"wp-element-caption\">M\u00e9ridienne ext\u00e9rieure \u2192 <a href=\"https:\/\/www.cocondedecoration.com\/blog\/2022\/06\/ou-trouver-daybed-jardin\/\" target=\"_blank\" rel=\"noopener\" title=\"\">Guide ici<\/a><\/figcaption><\/figure>\n<\/div>\n\n\n\n<div class=\"wp-block-cb-slide\">\n<figure class=\"wp-block-image size-large\"><a href=\"https:\/\/www.cocondedecoration.com\/blog\/wp-content\/uploads\/2026\/04\/guide-deco-petite-terrasse-balcon-3.png\"><img loading=\"lazy\" decoding=\"async\" width=\"640\" height=\"960\" src=\"https:\/\/www.cocondedecoration.com\/blog\/wp-content\/uploads\/2026\/04\/guide-deco-petite-terrasse-balcon-3-640x960.png\" alt=\"s\u00e9lection de coussins imperm\u00e9ables ext\u00e9rieur Guide d\u00e9co petite terrasse et balcon \" class=\"wp-image-89031\" title=\"s\u00e9lection de coussins imperm\u00e9ables ext\u00e9rieur Guide d\u00e9co petite terrasse et balcon \" srcset=\"https:\/\/www.cocondedecoration.com\/blog\/wp-content\/uploads\/2026\/04\/guide-deco-petite-terrasse-balcon-3-640x960.png 640w, https:\/\/www.cocondedecoration.com\/blog\/wp-content\/uploads\/2026\/04\/guide-deco-petite-terrasse-balcon-3-260x390.png 260w, https:\/\/www.cocondedecoration.com\/blog\/wp-content\/uploads\/2026\/04\/guide-deco-petite-terrasse-balcon-3-768x1152.png 768w, https:\/\/www.cocondedecoration.com\/blog\/wp-content\/uploads\/2026\/04\/guide-deco-petite-terrasse-balcon-3-367x550.png 367w, https:\/\/www.cocondedecoration.com\/blog\/wp-content\/uploads\/2026\/04\/guide-deco-petite-terrasse-balcon-3-333x500.png 333w, https:\/\/www.cocondedecoration.com\/blog\/wp-content\/uploads\/2026\/04\/guide-deco-petite-terrasse-balcon-3.png 1000w\" sizes=\"(max-width: 640px) 100vw, 640px\" \/><\/a><figcaption class=\"wp-element-caption\"> Coussins imperm\u00e9ables \u2192 <a href=\"https:\/\/www.cocondedecoration.com\/blog\/2024\/05\/coussin-exterieur-impermeable\/\" target=\"_blank\" rel=\"noopener\" title=\"\">Guide ici<\/a><\/figcaption><\/figure>\n<\/div>\n\n\n\n<div class=\"wp-block-cb-slide\">\n<figure class=\"wp-block-image size-large\"><a href=\"https:\/\/www.cocondedecoration.com\/blog\/wp-content\/uploads\/2026\/04\/guide-deco-petite-terrasse-balcon-4.png\"><img loading=\"lazy\" decoding=\"async\" width=\"640\" height=\"960\" src=\"https:\/\/www.cocondedecoration.com\/blog\/wp-content\/uploads\/2026\/04\/guide-deco-petite-terrasse-balcon-4-640x960.png\" alt=\"petit salon de jardin modernes Guide d\u00e9co petite terrasse et balcon \" class=\"wp-image-89032\" title=\"petit salon de jardin modernes Guide d\u00e9co petite terrasse et balcon \" srcset=\"https:\/\/www.cocondedecoration.com\/blog\/wp-content\/uploads\/2026\/04\/guide-deco-petite-terrasse-balcon-4-640x960.png 640w, https:\/\/www.cocondedecoration.com\/blog\/wp-content\/uploads\/2026\/04\/guide-deco-petite-terrasse-balcon-4-260x390.png 260w, https:\/\/www.cocondedecoration.com\/blog\/wp-content\/uploads\/2026\/04\/guide-deco-petite-terrasse-balcon-4-768x1152.png 768w, https:\/\/www.cocondedecoration.com\/blog\/wp-content\/uploads\/2026\/04\/guide-deco-petite-terrasse-balcon-4-367x550.png 367w, https:\/\/www.cocondedecoration.com\/blog\/wp-content\/uploads\/2026\/04\/guide-deco-petite-terrasse-balcon-4-333x500.png 333w, https:\/\/www.cocondedecoration.com\/blog\/wp-content\/uploads\/2026\/04\/guide-deco-petite-terrasse-balcon-4.png 1000w\" sizes=\"(max-width: 640px) 100vw, 640px\" \/><\/a><figcaption class=\"wp-element-caption\">Petits salons de jardin \u2192 <a href=\"https:\/\/www.cocondedecoration.com\/blog\/2020\/06\/ou-trouver-un-salon-de-jardin-pour-le-balcon\/\" target=\"_blank\" rel=\"noopener\" title=\"\">Guide ici<\/a><\/figcaption><\/figure>\n<\/div>\n\n\n\n<div class=\"wp-block-cb-slide\">\n<figure class=\"wp-block-image size-large\"><a href=\"https:\/\/www.cocondedecoration.com\/blog\/wp-content\/uploads\/2026\/04\/guide-deco-petite-terrasse-balcon-5.png\"><img loading=\"lazy\" decoding=\"async\" width=\"640\" height=\"960\" src=\"https:\/\/www.cocondedecoration.com\/blog\/wp-content\/uploads\/2026\/04\/guide-deco-petite-terrasse-balcon-5-640x960.png\" alt=\"chilienne assises pliantes modernes Guide d\u00e9co petite terrasse et balcon \" class=\"wp-image-89033\" title=\"chilienne assises pliantes modernes Guide d\u00e9co petite terrasse et balcon \" srcset=\"https:\/\/www.cocondedecoration.com\/blog\/wp-content\/uploads\/2026\/04\/guide-deco-petite-terrasse-balcon-5-640x960.png 640w, https:\/\/www.cocondedecoration.com\/blog\/wp-content\/uploads\/2026\/04\/guide-deco-petite-terrasse-balcon-5-260x390.png 260w, https:\/\/www.cocondedecoration.com\/blog\/wp-content\/uploads\/2026\/04\/guide-deco-petite-terrasse-balcon-5-768x1152.png 768w, https:\/\/www.cocondedecoration.com\/blog\/wp-content\/uploads\/2026\/04\/guide-deco-petite-terrasse-balcon-5-367x550.png 367w, https:\/\/www.cocondedecoration.com\/blog\/wp-content\/uploads\/2026\/04\/guide-deco-petite-terrasse-balcon-5-333x500.png 333w, https:\/\/www.cocondedecoration.com\/blog\/wp-content\/uploads\/2026\/04\/guide-deco-petite-terrasse-balcon-5.png 1000w\" sizes=\"(max-width: 640px) 100vw, 640px\" \/><\/a><figcaption class=\"wp-element-caption\">Chiliennes modernes \u2192 <a href=\"https:\/\/www.cocondedecoration.com\/blog\/2021\/06\/chilienne-imprimee-couleur\/\" target=\"_blank\" rel=\"noopener\" title=\"\">Guide ici<\/a><\/figcaption><\/figure>\n<\/div>\n\n\n\n<div class=\"wp-block-cb-slide\">\n<figure class=\"wp-block-image size-large\"><a href=\"https:\/\/www.cocondedecoration.com\/blog\/wp-content\/uploads\/2026\/04\/guide-deco-petite-terrasse-balcon-6.png\"><img loading=\"lazy\" decoding=\"async\" width=\"640\" height=\"960\" src=\"https:\/\/www.cocondedecoration.com\/blog\/wp-content\/uploads\/2026\/04\/guide-deco-petite-terrasse-balcon-6-640x960.png\" alt=\"Liste de plantes vari\u00e9t\u00e9s id\u00e9ales petits espaces Guide d\u00e9co petite terrasse et balcon \" class=\"wp-image-89034\" title=\"Liste de plantes vari\u00e9t\u00e9s id\u00e9ales petits espaces Guide d\u00e9co petite terrasse et balcon \" srcset=\"https:\/\/www.cocondedecoration.com\/blog\/wp-content\/uploads\/2026\/04\/guide-deco-petite-terrasse-balcon-6-640x960.png 640w, https:\/\/www.cocondedecoration.com\/blog\/wp-content\/uploads\/2026\/04\/guide-deco-petite-terrasse-balcon-6-260x390.png 260w, https:\/\/www.cocondedecoration.com\/blog\/wp-content\/uploads\/2026\/04\/guide-deco-petite-terrasse-balcon-6-768x1152.png 768w, https:\/\/www.cocondedecoration.com\/blog\/wp-content\/uploads\/2026\/04\/guide-deco-petite-terrasse-balcon-6-367x550.png 367w, https:\/\/www.cocondedecoration.com\/blog\/wp-content\/uploads\/2026\/04\/guide-deco-petite-terrasse-balcon-6-333x500.png 333w, https:\/\/www.cocondedecoration.com\/blog\/wp-content\/uploads\/2026\/04\/guide-deco-petite-terrasse-balcon-6.png 1000w\" sizes=\"(max-width: 640px) 100vw, 640px\" \/><\/a><figcaption class=\"wp-element-caption\">Quelles plantes choisir? \u2192 <a href=\"https:\/\/www.cocondedecoration.com\/blog\/2022\/05\/quelles-plantes-balcon\/\" target=\"_blank\" rel=\"noopener\" title=\"\">Guide ici<\/a><\/figcaption><\/figure>\n<\/div>\n<\/div>\n\n\n\n<p class=\"has-small-font-size\">Pour plus d'id\u00e9es d\u00e9co au quotidien, n'h\u00e9sitez pas \u00e0 me rejoindre sur <a href=\"https:\/\/www.threads.com\/@cocondedeco\" target=\"_blank\" rel=\"noopener\" title=\"\">Threads<\/a> et \/ ou <a href=\"https:\/\/pinterest.fr\/cocondedeco\/\" target=\"_blank\" rel=\"noopener\" title=\"\">Pinterest<\/a><\/p>\n\n\n\n<hr class=\"wp-block-separator has-css-opacity\"\/>\n\n\n\n<p class=\"has-text-align-center has-medium-font-size\">Ne perdons pas contact \ud83d\ude42 Rejoignez moi sur <a href=\"https:\/\/www.pinterest.fr\/cocondedeco\/\" target=\"_blank\" rel=\"noopener\" title=\"\">Pinterest<\/a> |\u00a0<a href=\"https:\/\/www.threads.net\/@cocondedeco\" target=\"_blank\" rel=\"noopener\" title=\"\">Threads<\/a> | <a href=\"https:\/\/www.patreon.com\/collection\/162946?view=expanded\" target=\"_blank\" rel=\"noopener\" title=\"\">la Newsletter<\/a> <br>Vous aimez lire le blog? Vous souhaitez continuer \u00e0 le lire? <a href=\"https:\/\/www.patreon.com\/cocondedeco\" target=\"_blank\" rel=\"noopener\" title=\"\">Devenez m\u00e9c\u00e8ne<\/a> sur Patreon et contribuez \u00e0 sa survie. <\/p>\n\n\n\n<hr class=\"wp-block-separator has-css-opacity\"\/>\n\n\n\n<div class=\"wp-block-columns has-2-columns is-layout-flex wp-container-core-columns-layout-2 wp-block-columns-is-layout-flex\">\n<div class=\"wp-block-column is-layout-flow wp-block-column-is-layout-flow\">\n<p class=\"has-text-align-center has-medium-font-size\">Plus d'id\u00e9es d\u00e9co pour le balcon<\/p>\n\n\n<ul class=\"wp-block-latest-posts__list wp-block-latest-posts\"><li><a class=\"wp-block-latest-posts__post-title\" href=\"https:\/\/www.cocondedecoration.com\/blog\/2026\/04\/balcon-moderne-exterieur\/\">15 id\u00e9es d\u00e9co pour un balcon moderne ext\u00e9rieur<\/a><\/li>\n<li><a class=\"wp-block-latest-posts__post-title\" href=\"https:\/\/www.cocondedecoration.com\/blog\/2025\/04\/table-suspendue-balcon\/\">Une table suspendue pour un micro balcon pratique<\/a><\/li>\n<li><a class=\"wp-block-latest-posts__post-title\" href=\"https:\/\/www.cocondedecoration.com\/blog\/2024\/06\/protection-balcon-exterieur\/\">Balcon: Se prot\u00e9ger du soleil et des regards indiscrets<\/a><\/li>\n<li><a class=\"wp-block-latest-posts__post-title\" href=\"https:\/\/www.cocondedecoration.com\/blog\/2024\/05\/amenagement-terrasse-appartement\/\">12 id\u00e9es pour r\u00e9ussir l&rsquo;am\u00e9nagement de sa terrasse d&rsquo;appartement<\/a><\/li>\n<li><a class=\"wp-block-latest-posts__post-title\" href=\"https:\/\/www.cocondedecoration.com\/blog\/2023\/04\/balcon-deco-maisons-du-monde\/\">Shopping d\u00e9co | Un balcon d\u00e9co &#038; cosy avec Maisons du Monde<\/a><\/li>\n<li><a class=\"wp-block-latest-posts__post-title\" href=\"https:\/\/www.cocondedecoration.com\/blog\/2023\/03\/idees-recup-balcon\/\">Slow &#038; Green | 16 id\u00e9es r\u00e9cup&rsquo; pour le balcon<\/a><\/li>\n<li><a class=\"wp-block-latest-posts__post-title\" href=\"https:\/\/www.cocondedecoration.com\/blog\/2023\/02\/exterieur-confortable-store-banne\/\">Bien chez soi | Un ext\u00e9rieur confortable avec Le coin du Store<\/a><\/li>\n<\/ul><\/div>\n\n\n\n<div class=\"wp-block-column is-layout-flow wp-block-column-is-layout-flow\">\n<p class=\"has-text-align-center has-medium-font-size\" style=\"padding-top:var(--wp--preset--spacing--40);padding-bottom:var(--wp--preset--spacing--40)\"><strong>Devenez m\u00e9c\u00e8ne du blog <\/strong><\/p>\n\n\n\n<hr class=\"wp-block-separator has-alpha-channel-opacity is-style-wide\"\/>\n\n\n\n<p style=\"padding-right:var(--wp--preset--spacing--30);padding-left:var(--wp--preset--spacing--30)\">Soutenez mon travail sur le blog et acc\u00e9dez \u00e0 des contreparties exclusives: <\/p>\n\n\n\n<ul style=\"padding-right:var(--wp--preset--spacing--40);padding-left:var(--wp--preset--spacing--40)\">\n<li>Plusieurs centaines d'articles d\u00e9co, lifestyle &amp; voyage r\u00e9serv\u00e9s aux abonn\u00e9\u2022e\u2022s <\/li>\n\n\n\n<li>Toutes les entr\u00e9es de mon side project - mon dictionnaire nomade <\/li>\n\n\n\n<li>Une publicit\u00e9 limit\u00e9e sur les articles Patreon <\/li>\n<\/ul>\n\n\n\n<div class=\"wp-block-buttons is-content-justification-center is-layout-flex wp-container-core-buttons-layout-1 wp-block-buttons-is-layout-flex\">\n<div class=\"wp-block-button\"><a class=\"wp-block-button__link wp-element-button\" href=\"https:\/\/www.patreon.com\/cocondedeco\" target=\"_blank\" rel=\"noreferrer noopener\">Soutenir le blog maintenant<\/a><\/div>\n<\/div>\n<\/div>\n<\/div>\n\n\n<div class=\"wp-block-image\">\n<figure class=\"aligncenter\"><img loading=\"lazy\" decoding=\"async\" width=\"732\" height=\"488\" src=\"http:\/\/www.cocondedecoration.com\/blog\/wp-content\/uploads\/2023\/01\/trouver-son-style-deco-balcon.jpeg\" alt=\"trouver son style deco balcon conseils et id\u00e9es d\u00e9cor moderne petit espace ext\u00e9rieur appartement\" class=\"wp-image-55899\" srcset=\"https:\/\/www.cocondedecoration.com\/blog\/wp-content\/uploads\/2023\/01\/trouver-son-style-deco-balcon.jpeg 732w, https:\/\/www.cocondedecoration.com\/blog\/wp-content\/uploads\/2023\/01\/trouver-son-style-deco-balcon-260x173.jpeg 260w, https:\/\/www.cocondedecoration.com\/blog\/wp-content\/uploads\/2023\/01\/trouver-son-style-deco-balcon-640x427.jpeg 640w, https:\/\/www.cocondedecoration.com\/blog\/wp-content\/uploads\/2023\/01\/trouver-son-style-deco-balcon-465x310.jpeg 465w, https:\/\/www.cocondedecoration.com\/blog\/wp-content\/uploads\/2023\/01\/trouver-son-style-deco-balcon-695x463.jpeg 695w\" sizes=\"(max-width: 732px) 100vw, 732px\" \/><figcaption class=\"wp-element-caption\">realhomes.com<\/figcaption><\/figure><\/div>","protected":false},"excerpt":{"rendered":"<p>C&rsquo;est un article un peu sp\u00e9cial que je vous propose aujourd&rsquo;hui parce que je laisse pour une fois la parole \u00e0 une autre blogueuse (et lectrice du blog): Val\u00e9rie du blog Mon balcon-jardin vous apportera son expertise pour d\u00e9couvrir quel est votre style pour d\u00e9corer le balcon et ne pas<span class=\"more-link\"><a href=\"https:\/\/www.cocondedecoration.com\/blog\/2023\/01\/trouver-style-deco-balcon\/\">Lire la suite<\/a><\/span><\/p>\n","protected":false},"author":1,"featured_media":55899,"comment_status":"open","ping_status":"open","sticky":false,"template":"","format":"standard","meta":{"om_disable_all_campaigns":false,"_monsterinsights_skip_tracking":false,"_monsterinsights_sitenote_active":false,"_monsterinsights_sitenote_note":"","_monsterinsights_sitenote_category":0,"_uf_show_specific_survey":0,"_uf_disable_surveys":false,"footnotes":""},"categories":[31426,140],"tags":[39665,39664,39667,39666,32724,19940,39663,2945,39686,28419,29542,17322,9711,39648,39647,39651,39649,39650,39675,39676,39658,39654,39659,39661,39670,39668,39671,39669,29679,39680,39655,39657,39656,19941,39682,39684,39681,39683,39685,29677,39660,39662,39672,39674,39679,39673,39677,39678,39653,39652],"aioseo_notices":[],"_links":{"self":[{"href":"https:\/\/www.cocondedecoration.com\/blog\/wp-json\/wp\/v2\/posts\/55890"}],"collection":[{"href":"https:\/\/www.cocondedecoration.com\/blog\/wp-json\/wp\/v2\/posts"}],"about":[{"href":"https:\/\/www.cocondedecoration.com\/blog\/wp-json\/wp\/v2\/types\/post"}],"author":[{"embeddable":true,"href":"https:\/\/www.cocondedecoration.com\/blog\/wp-json\/wp\/v2\/users\/1"}],"replies":[{"embeddable":true,"href":"https:\/\/www.cocondedecoration.com\/blog\/wp-json\/wp\/v2\/comments?post=55890"}],"version-history":[{"count":1,"href":"https:\/\/www.cocondedecoration.com\/blog\/wp-json\/wp\/v2\/posts\/55890\/revisions"}],"predecessor-version":[{"id":73568,"href":"https:\/\/www.cocondedecoration.com\/blog\/wp-json\/wp\/v2\/posts\/55890\/revisions\/73568"}],"wp:featuredmedia":[{"embeddable":true,"href":"https:\/\/www.cocondedecoration.com\/blog\/wp-json\/wp\/v2\/media\/55899"}],"wp:attachment":[{"href":"https:\/\/www.cocondedecoration.com\/blog\/wp-json\/wp\/v2\/media?parent=55890"}],"wp:term":[{"taxonomy":"category","embeddable":true,"href":"https:\/\/www.cocondedecoration.com\/blog\/wp-json\/wp\/v2\/categories?post=55890"},{"taxonomy":"post_tag","embeddable":true,"href":"https:\/\/www.cocondedecoration.com\/blog\/wp-json\/wp\/v2\/tags?post=55890"}],"curies":[{"name":"wp","href":"https:\/\/api.w.org\/{rel}","templated":true}]}}