{"id":55652,"date":"2022-12-30T06:19:59","date_gmt":"2022-12-30T04:19:59","guid":{"rendered":"http:\/\/www.cocondedecoration.com\/blog\/?p=55652"},"modified":"2022-12-30T06:20:01","modified_gmt":"2022-12-30T04:20:01","slug":"bilan-blog-2022-projets-2023","status":"publish","type":"post","link":"https:\/\/www.cocondedecoration.com\/blog\/2022\/12\/bilan-blog-2022-projets-2023\/","title":{"rendered":"[Lifestyle] Mon bilan 2022 &#038; projets 2023"},"content":{"rendered":"\n<p>Tous les ans, je fais un bilan pour le blog m\u00eame si je ne le publie que tr\u00e8s rarement. C'est en g\u00e9n\u00e9ral quelques notes sur une feuille volante et comme je ne suis pas une accro des stats ou quoi que ce soit, c'est plus une liste de projets qu'autre chose. Je cogite beaucoup en d\u00e9cembre (plus que d'habitude) et quand j'ai une vue d'ensemble de mes r\u00e9flexions, je les note. Je ne regarde plus ce bout de papier pendant l'ann\u00e9e. Cette ann\u00e9e, j'ai envie de faire les choses diff\u00e9remment. J'ai fait des brouillons d\u00e9j\u00e0 perdus dans mon bordel \u00e0 c\u00f4t\u00e9 du lit. Mais j'ai envie de vous montrer les coulisses du blog. Ce que \u00e7a implique dans mon quotidien. Je vais aussi vous parler des projets que je pr\u00e9pare pour l'ann\u00e9e prochaine, ce que j'ai en t\u00eate. J'esp\u00e8re que cette immersion au coeur des coulisses du blog vous plaira! <\/p>\n\n\n\n<!--more-->\n\n\n\n<div class=\"wp-block-image\"><figure class=\"aligncenter\"><a href=\"https:\/\/www.patreon.com\/cocondedeco\" target=\"_blank\" rel=\"noreferrer noopener\"><img loading=\"lazy\" decoding=\"async\" width=\"728\" height=\"90\" src=\"http:\/\/www.cocondedecoration.com\/blog\/wp-content\/uploads\/2021\/01\/banniere-patreon.png\" alt=\"\" class=\"wp-image-33877\" srcset=\"https:\/\/www.cocondedecoration.com\/blog\/wp-content\/uploads\/2021\/01\/banniere-patreon.png 728w, https:\/\/www.cocondedecoration.com\/blog\/wp-content\/uploads\/2021\/01\/banniere-patreon-260x32.png 260w, https:\/\/www.cocondedecoration.com\/blog\/wp-content\/uploads\/2021\/01\/banniere-patreon-640x79.png 640w, https:\/\/www.cocondedecoration.com\/blog\/wp-content\/uploads\/2021\/01\/banniere-patreon-465x57.png 465w, https:\/\/www.cocondedecoration.com\/blog\/wp-content\/uploads\/2021\/01\/banniere-patreon-695x86.png 695w\" sizes=\"(max-width: 728px) 100vw, 728px\" \/><\/a><\/figure><\/div>\n\n\n\n<p style=\"text-align:center\" class=\"has-background has-small-font-size has-very-light-gray-background-color\">Avant de poursuivre cet article, j'aimerai vous parler quelques instants de Patreon. C'est une plateforme en plus du blog sur laquelle vous pouvez devenir m\u00e9c\u00e8ne du blog. <br><strong>Pourquoi soutenir le blog?<\/strong> <br>Parce que c'est un travail consid\u00e9rable et m\u00eame si je le fais avec passion c'est aussi un travail pr\u00e9caire (<a rel=\"noreferrer noopener\" href=\"https:\/\/www.patreon.com\/posts\/en-quoi-consiste-86917611\" target=\"_blank\">je vous explique tout cela en d\u00e9tail dans ce post<\/a>). Si vous aimez l'article que vous \u00eates en train de lire, si vous me suivez sur les r\u00e9seaux sociaux ou encore si vous lisez r\u00e9guli\u00e8rement le blog, je vous serai reconnaissante de soutenir le blog via Patreon. Par ailleurs, en vous abonnant sur la plateforme vous acc\u00e9derez \u00e0 des contenus exclusifs pour vous remercier de votre soutien. C'est sans engagement et chaque contribution fera la diff\u00e9rence. Merci par avance de votre aide! <br><a rel=\"noreferrer noopener\" href=\"https:\/\/www.patreon.com\/cocondedeco\" target=\"_blank\"><strong>En savoir plus &amp; acc\u00e9der \u00e0 Patreon<\/strong><\/a><\/p>\n\n\n\n<h2 class=\"wp-block-heading\">Bilan du blog en 2022 - dans l'ensemble tr\u00e8s positif <\/h2>\n\n\n\n<p>Cette ann\u00e9e j'ai publi\u00e9 <strong>259 articles<\/strong> soit une moyenne de 21,5 articles \/ mois. Si on part sur une base de 800 mots par articles, \u00e7a fait plus de 207 000 mots (en vrai c'est bien plus parce qu'il y a tout un tas de mots que vous ne voyez pas comme la description des images... On doit pouvoir ajouter au moins un bon tiers en plus). <br>J'ai aussi publi\u00e9 un peu plus de 1200 publications sur Facebook et Twitter. En revanche, je ne sais pas combien d'\u00e9pingles j'ai partag\u00e9 sur Pinterest. (Je dois pouvoir le trouver mais j'ai la flemme...) En parlant de Pinterest, j'ai <strong>plus que doubl\u00e9 mon nombre d'abonn\u00e9s<\/strong>. Et \u00e7a, \u00e7a me fait plaisir parce que c'est le r\u00e9seau social que je pr\u00e9f\u00e8re. <br>En 2022, il y a eu <strong>1 million de visites<\/strong> sur le blog et 1.4 million de pages vues. Ca me fait rire ces stats, je me dis que c'est \u00e9norme. Mais en r\u00e9alit\u00e9, \u00e7a m'en touche une sans faire bouger l'autre. Je suis fi\u00e8re \u00e9videmment mais quand j'\u00e9cris mes articles, je ne pense pas vraiment \u00e0 \u00e7a. Mon lectorat est essentiellement en France (74%) mais il y a aussi des belges, des canadiens, des am\u00e9ricains et des suisses parmi mes lecteurs. <\/p>\n\n\n\n<ul class=\"wp-block-gallery columns-2 is-cropped wp-block-gallery-1 is-layout-flex wp-block-gallery-is-layout-flex\"><li class=\"blocks-gallery-item\"><figure><img loading=\"lazy\" decoding=\"async\" width=\"640\" height=\"960\" src=\"http:\/\/www.cocondedecoration.com\/blog\/wp-content\/uploads\/2022\/12\/idee-deco-tendance-maison-2023-1-640x960.jpeg\" alt=\"idee deco tendance maison 2023 biblioth\u00e8que mid century modern vintage chic s\u00e9jour salon blanc\" data-id=\"55656\" data-link=\"http:\/\/www.cocondedecoration.com\/blog\/?attachment_id=55656\" class=\"wp-image-55656\" srcset=\"https:\/\/www.cocondedecoration.com\/blog\/wp-content\/uploads\/2022\/12\/idee-deco-tendance-maison-2023-1-640x960.jpeg 640w, https:\/\/www.cocondedecoration.com\/blog\/wp-content\/uploads\/2022\/12\/idee-deco-tendance-maison-2023-1-260x390.jpeg 260w, https:\/\/www.cocondedecoration.com\/blog\/wp-content\/uploads\/2022\/12\/idee-deco-tendance-maison-2023-1-768x1152.jpeg 768w, https:\/\/www.cocondedecoration.com\/blog\/wp-content\/uploads\/2022\/12\/idee-deco-tendance-maison-2023-1-367x550.jpeg 367w, https:\/\/www.cocondedecoration.com\/blog\/wp-content\/uploads\/2022\/12\/idee-deco-tendance-maison-2023-1-333x500.jpeg 333w, https:\/\/www.cocondedecoration.com\/blog\/wp-content\/uploads\/2022\/12\/idee-deco-tendance-maison-2023-1.jpeg 1000w\" sizes=\"(max-width: 640px) 100vw, 640px\" \/><figcaption>youtu.be\n<\/figcaption><\/figure><\/li><li class=\"blocks-gallery-item\"><figure><img loading=\"lazy\" decoding=\"async\" width=\"640\" height=\"960\" src=\"http:\/\/www.cocondedecoration.com\/blog\/wp-content\/uploads\/2022\/12\/idee-deco-tendance-maison-2023-2-640x960.jpeg\" alt=\"idee deco tendance maison 2023 chambre \u00e0 coucher parentale blanche chemin\u00e9e blanche chic\" data-id=\"55657\" data-link=\"http:\/\/www.cocondedecoration.com\/blog\/?attachment_id=55657\" class=\"wp-image-55657\" srcset=\"https:\/\/www.cocondedecoration.com\/blog\/wp-content\/uploads\/2022\/12\/idee-deco-tendance-maison-2023-2-640x960.jpeg 640w, https:\/\/www.cocondedecoration.com\/blog\/wp-content\/uploads\/2022\/12\/idee-deco-tendance-maison-2023-2-260x390.jpeg 260w, https:\/\/www.cocondedecoration.com\/blog\/wp-content\/uploads\/2022\/12\/idee-deco-tendance-maison-2023-2-768x1152.jpeg 768w, https:\/\/www.cocondedecoration.com\/blog\/wp-content\/uploads\/2022\/12\/idee-deco-tendance-maison-2023-2-367x550.jpeg 367w, https:\/\/www.cocondedecoration.com\/blog\/wp-content\/uploads\/2022\/12\/idee-deco-tendance-maison-2023-2-333x500.jpeg 333w, https:\/\/www.cocondedecoration.com\/blog\/wp-content\/uploads\/2022\/12\/idee-deco-tendance-maison-2023-2.jpeg 1000w\" sizes=\"(max-width: 640px) 100vw, 640px\" \/><figcaption>amp.apartmenttherapy.com\n<\/figcaption><\/figure><\/li><\/ul>\n\n\n\n<h3 class=\"wp-block-heading\">Les 10 articles les plus consult\u00e9s en 2022<\/h3>\n\n\n\n<p>J'ai fait un effort, j'ai regard\u00e9 un peu plus mes stats. Je dois visiter mon analytics, 1 fois par an quand je mets \u00e0 jour mon m\u00e9dia kit (un doc de boulot) et une fois de temps en temps quand j'ai un annonceur qui me demande des d\u00e9tails. Bref, j'ai regard\u00e9 quels \u00e9taient les articles les plus populaires en 2022: <\/p>\n\n\n\n<ol><li><a rel=\"noreferrer noopener\" aria-label=\"Quelles couleurs associer au vert sauge? (s\u2019ouvre dans un nouvel onglet)\" href=\"http:\/\/www.cocondedecoration.com\/blog\/2020\/10\/quelle-couleur-associer-vert-sauge\/\" target=\"_blank\">Quelles couleurs associer au vert sauge?<\/a> <\/li><li><a rel=\"noreferrer noopener\" aria-label=\"O\u00f9 trouver un petit meuble \u00e0 chaussures? et comment le choisir? (s\u2019ouvre dans un nouvel onglet)\" href=\"http:\/\/www.cocondedecoration.com\/blog\/2021\/01\/ou-trouver-petit-meuble-chaussures\/\" target=\"_blank\">O\u00f9 trouver un petit meuble \u00e0 chaussures? et comment le choisir?<\/a> <\/li><li><a rel=\"noreferrer noopener\" aria-label=\"50 id\u00e9es de recyclage pour d\u00e9corer la maison (s\u2019ouvre dans un nouvel onglet)\" href=\"http:\/\/www.cocondedecoration.com\/blog\/2022\/03\/idees-recyclage-decoration\/\" target=\"_blank\">50 id\u00e9es de recyclage pour d\u00e9corer la maison<\/a> <\/li><li><a rel=\"noreferrer noopener\" aria-label=\"Vid\u00e9o - 20 DIY pour cr\u00e9er votre d\u00e9co de No\u00ebl (s\u2019ouvre dans un nouvel onglet)\" href=\"http:\/\/www.cocondedecoration.com\/blog\/2021\/10\/video-diy-deco-noel\/\" target=\"_blank\">Vid\u00e9o - 20 DIY pour cr\u00e9er votre d\u00e9co de No\u00ebl<\/a><\/li><li><a rel=\"noreferrer noopener\" aria-label=\"Relief et ton sur ton pour d\u00e9corer vos murs (s\u2019ouvre dans un nouvel onglet)\" href=\"http:\/\/www.cocondedecoration.com\/blog\/2021\/05\/moulures-ton-sur-ton\/\" target=\"_blank\">Relief et ton sur ton pour d\u00e9corer vos murs<\/a><\/li><li><a rel=\"noreferrer noopener\" aria-label=\"Quelle couleur choisir pour la chambre d'enfant? (s\u2019ouvre dans un nouvel onglet)\" href=\"http:\/\/www.cocondedecoration.com\/blog\/2021\/03\/quelle-couleur-chambre-enfant\/\" target=\"_blank\">Quelle couleur choisir pour la chambre d'enfant?<\/a> <\/li><li><a rel=\"noreferrer noopener\" aria-label=\"O\u00f9 trouver des claustras int\u00e9rieurs? (s\u2019ouvre dans un nouvel onglet)\" href=\"http:\/\/www.cocondedecoration.com\/blog\/2020\/07\/ou-trouver-des-claustras-interieurs\/\" target=\"_blank\">O\u00f9 trouver des claustras int\u00e9rieurs?<\/a> <\/li><li><a rel=\"noreferrer noopener\" aria-label=\"Du vert sauge dans la chambre (s\u2019ouvre dans un nouvel onglet)\" href=\"http:\/\/www.cocondedecoration.com\/blog\/2020\/10\/couleur-vert-sauge-chambre\/\" target=\"_blank\">Du vert sauge dans la chambre<\/a><\/li><li><a rel=\"noreferrer noopener\" aria-label=\"Ikea Hack - 10 id\u00e9es pour donner une nouvelle vie \u00e0 vos meubles bas (s\u2019ouvre dans un nouvel onglet)\" href=\"http:\/\/www.cocondedecoration.com\/blog\/2021\/10\/ikea-hack-meuble-bas\/\" target=\"_blank\">Ikea Hack - 10 id\u00e9es pour donner une nouvelle vie \u00e0 vos meubles bas<\/a><\/li><li><a href=\"http:\/\/www.cocondedecoration.com\/blog\/2021\/04\/relooking-lit-cabane\/\" target=\"_blank\" rel=\"noreferrer noopener\" aria-label=\"DIY d\u00e9co - relooker un lit cabane  (s\u2019ouvre dans un nouvel onglet)\">DIY d\u00e9co - relooker un lit cabane <\/a><\/li><\/ol>\n\n\n\n<ul class=\"wp-block-gallery columns-2 is-cropped wp-block-gallery-2 is-layout-flex wp-block-gallery-is-layout-flex\"><li class=\"blocks-gallery-item\"><figure><img loading=\"lazy\" decoding=\"async\" width=\"640\" height=\"960\" src=\"http:\/\/www.cocondedecoration.com\/blog\/wp-content\/uploads\/2022\/12\/idee-deco-tendance-maison-2023-3-640x960.jpeg\" alt=\"idee deco tendance maison 2023 couleur chambre enfant vert sauge nature douceur lit en bois\" data-id=\"55658\" data-link=\"http:\/\/www.cocondedecoration.com\/blog\/?attachment_id=55658\" class=\"wp-image-55658\" srcset=\"https:\/\/www.cocondedecoration.com\/blog\/wp-content\/uploads\/2022\/12\/idee-deco-tendance-maison-2023-3-640x960.jpeg 640w, https:\/\/www.cocondedecoration.com\/blog\/wp-content\/uploads\/2022\/12\/idee-deco-tendance-maison-2023-3-260x390.jpeg 260w, https:\/\/www.cocondedecoration.com\/blog\/wp-content\/uploads\/2022\/12\/idee-deco-tendance-maison-2023-3-768x1152.jpeg 768w, https:\/\/www.cocondedecoration.com\/blog\/wp-content\/uploads\/2022\/12\/idee-deco-tendance-maison-2023-3-367x550.jpeg 367w, https:\/\/www.cocondedecoration.com\/blog\/wp-content\/uploads\/2022\/12\/idee-deco-tendance-maison-2023-3-333x500.jpeg 333w, https:\/\/www.cocondedecoration.com\/blog\/wp-content\/uploads\/2022\/12\/idee-deco-tendance-maison-2023-3.jpeg 1000w\" sizes=\"(max-width: 640px) 100vw, 640px\" \/><figcaption>skonahem.com\n<\/figcaption><\/figure><\/li><li class=\"blocks-gallery-item\"><figure><img loading=\"lazy\" decoding=\"async\" width=\"640\" height=\"960\" src=\"http:\/\/www.cocondedecoration.com\/blog\/wp-content\/uploads\/2022\/12\/idee-deco-tendance-maison-2023-4-640x960.jpeg\" alt=\"idee deco tendance maison 2023 int\u00e9rieur chic et \u00e9l\u00e9gant scandinave moderne salon s\u00e9jour salle \u00e0 manger\" data-id=\"55659\" data-link=\"http:\/\/www.cocondedecoration.com\/blog\/?attachment_id=55659\" class=\"wp-image-55659\" srcset=\"https:\/\/www.cocondedecoration.com\/blog\/wp-content\/uploads\/2022\/12\/idee-deco-tendance-maison-2023-4-640x960.jpeg 640w, https:\/\/www.cocondedecoration.com\/blog\/wp-content\/uploads\/2022\/12\/idee-deco-tendance-maison-2023-4-260x390.jpeg 260w, https:\/\/www.cocondedecoration.com\/blog\/wp-content\/uploads\/2022\/12\/idee-deco-tendance-maison-2023-4-768x1152.jpeg 768w, https:\/\/www.cocondedecoration.com\/blog\/wp-content\/uploads\/2022\/12\/idee-deco-tendance-maison-2023-4-367x550.jpeg 367w, https:\/\/www.cocondedecoration.com\/blog\/wp-content\/uploads\/2022\/12\/idee-deco-tendance-maison-2023-4-333x500.jpeg 333w, https:\/\/www.cocondedecoration.com\/blog\/wp-content\/uploads\/2022\/12\/idee-deco-tendance-maison-2023-4.jpeg 1000w\" sizes=\"(max-width: 640px) 100vw, 640px\" \/><figcaption>myscandinavianhome.com\n<\/figcaption><\/figure><\/li><\/ul>\n\n\n\n<h3 class=\"wp-block-heading\">Comment j'organise mon boulot pour \u00e9crire sur le blog? <\/h3>\n\n\n\n<p>Pour \u00e9crire autant d'articles, vous vous doutez bien que le blog n'est pas une simple passion mais un vrai boulot. J'ai de<strong> bons outils<\/strong> notamment Trello qui me sert de pense-b\u00eate tr\u00e8s am\u00e9lior\u00e9 et Google Agenda qui me permet de me voir avancer avec un code couleur pratique. En un clin d'oeil, je vois si je suis \u00e0 la bourre, ce que j'ai \u00e0 faire sur la journ\u00e9e et sur le mois, etc. <\/p>\n\n\n\n<p>Il y a certains articles qui prennent <strong>\u00e9norm\u00e9ment de temps \u00e0 pr\u00e9parer<\/strong>. C'est le cas des articles o\u00f9 je vous propose des s\u00e9lections de produits. Pour certains, il y a plusieurs jours de pr\u00e9paration avant de pouvoir les mettre en ligne. C'est hyper chronophage. <\/p>\n\n\n\n<p>Travail et nomadisme: Comme j'ai un mode de vie un peu \u00e0 part, voyager et les destinations entre en compte dans mon organisation de boulot et dans ma qualit\u00e9 de conditions de travail. <strong>Selon le pays o\u00f9 je me trouve, je bosse plus ou moins facilement<\/strong>. En G\u00e9orgie, j'ai beaucoup boss\u00e9 parce que \u00e7a me permettait d'avoir la paix, en <a href=\"http:\/\/www.cocondedecoration.com\/blog\/category\/vie-nomade\/inde-du-sud\/\" target=\"_blank\" rel=\"noreferrer noopener\" aria-label=\"Inde (s\u2019ouvre dans un nouvel onglet)\">Inde<\/a> c'\u00e9tait plus compliqu\u00e9 \u00e0 cause de la chaleur et pendant un temps je n'avais pas internet. Au Vietnam, je n'avais pas d'espace o\u00f9 travailler et donc j'\u00e9crivais depuis mon lit. En Malaisie, on dort en d\u00e9cal\u00e9 parce qu'il fait trop chaud la nuit. On dort le matin mais normalement je bosse le matin. En plus on avait une connexion de chiotte. Au <a rel=\"noreferrer noopener\" aria-label=\"Laos (s\u2019ouvre dans un nouvel onglet)\" href=\"http:\/\/www.cocondedecoration.com\/blog\/category\/vie-nomade\/laos\/\" target=\"_blank\">Laos<\/a>, j'ai un super cadre de travail (je suis dehors, j'entends les oiseaux, parfois j'ai de la musique qui vient de chez les voisins... c'est vraiment top). En revanche, on boit un peu trop souvent le soir et le matin, j'ai du mal \u00e0 d\u00e9marrer. <\/p>\n\n\n\n<p>Je ne prends <strong>pas sp\u00e9cialement de vacances<\/strong>, Je bosse souvent le dimanche. Cette ann\u00e9e j'ai eu 16 jours dans les choux, j'\u00e9tais clou\u00e9e au lit en f\u00e9vrier. Il y a eu 5 jours o\u00f9 j'ai eu un gros soucis de wifi en Inde au mois de mai. Il y a les jours o\u00f9 l'on change de pays. A chaque changement de pays, il y a 3 ou 4 jours de battement mais je fais en sorte que \u00e7a ne se voit pas (je m'avance autant que possible). Il y a un sujet que j'ai abord\u00e9 en story sur Instagram, quand j'ai mes r\u00e8gles, la plupart du temps je ne bosse pas pendant 1 ou 2 jours. Je suis compl\u00e8tement conne quand je suis r\u00e9gl\u00e9e et donc je n'arrive pas \u00e0 travailler efficacement. Ca m'\u00e9nerve de voir que je fais de la merde donc j'essaie mais si \u00e7a ne marche pas, je ne force pas. L\u00e0, en fin d'ann\u00e9e, je sens que <strong>j'ai besoin de quelques jours de repos<\/strong>. C'est rare que je ressente \u00e7a mais je vais me prendre 2 ou 3 jours off (si j'arrive \u00e0 r\u00e9sister \u00e0 la tentation d'ouvrir l'ordi). <\/p>\n\n\n\n<ul class=\"wp-block-gallery columns-2 is-cropped wp-block-gallery-3 is-layout-flex wp-block-gallery-is-layout-flex\"><li class=\"blocks-gallery-item\"><figure><img loading=\"lazy\" decoding=\"async\" width=\"640\" height=\"960\" src=\"http:\/\/www.cocondedecoration.com\/blog\/wp-content\/uploads\/2022\/12\/idee-deco-tendance-maison-2023-5-640x960.jpeg\" alt=\"idee deco tendance maison 2023 rangement sur mesure chambre enfant minimaliste banquette\" data-id=\"55660\" data-link=\"http:\/\/www.cocondedecoration.com\/blog\/?attachment_id=55660\" class=\"wp-image-55660\" srcset=\"https:\/\/www.cocondedecoration.com\/blog\/wp-content\/uploads\/2022\/12\/idee-deco-tendance-maison-2023-5-640x960.jpeg 640w, https:\/\/www.cocondedecoration.com\/blog\/wp-content\/uploads\/2022\/12\/idee-deco-tendance-maison-2023-5-260x390.jpeg 260w, https:\/\/www.cocondedecoration.com\/blog\/wp-content\/uploads\/2022\/12\/idee-deco-tendance-maison-2023-5-768x1152.jpeg 768w, https:\/\/www.cocondedecoration.com\/blog\/wp-content\/uploads\/2022\/12\/idee-deco-tendance-maison-2023-5-367x550.jpeg 367w, https:\/\/www.cocondedecoration.com\/blog\/wp-content\/uploads\/2022\/12\/idee-deco-tendance-maison-2023-5-333x500.jpeg 333w, https:\/\/www.cocondedecoration.com\/blog\/wp-content\/uploads\/2022\/12\/idee-deco-tendance-maison-2023-5.jpeg 1000w\" sizes=\"(max-width: 640px) 100vw, 640px\" \/><figcaption>archilovers.com\n<\/figcaption><\/figure><\/li><li class=\"blocks-gallery-item\"><figure><img loading=\"lazy\" decoding=\"async\" width=\"640\" height=\"960\" src=\"http:\/\/www.cocondedecoration.com\/blog\/wp-content\/uploads\/2022\/12\/idee-deco-tendance-maison-2023-6-640x960.jpeg\" alt=\"idee deco tendance maison 2023 musique vinyle plante verte buffet en bois\" data-id=\"55661\" data-link=\"http:\/\/www.cocondedecoration.com\/blog\/?attachment_id=55661\" class=\"wp-image-55661\" srcset=\"https:\/\/www.cocondedecoration.com\/blog\/wp-content\/uploads\/2022\/12\/idee-deco-tendance-maison-2023-6-640x960.jpeg 640w, https:\/\/www.cocondedecoration.com\/blog\/wp-content\/uploads\/2022\/12\/idee-deco-tendance-maison-2023-6-260x390.jpeg 260w, https:\/\/www.cocondedecoration.com\/blog\/wp-content\/uploads\/2022\/12\/idee-deco-tendance-maison-2023-6-768x1152.jpeg 768w, https:\/\/www.cocondedecoration.com\/blog\/wp-content\/uploads\/2022\/12\/idee-deco-tendance-maison-2023-6-367x550.jpeg 367w, https:\/\/www.cocondedecoration.com\/blog\/wp-content\/uploads\/2022\/12\/idee-deco-tendance-maison-2023-6-333x500.jpeg 333w, https:\/\/www.cocondedecoration.com\/blog\/wp-content\/uploads\/2022\/12\/idee-deco-tendance-maison-2023-6.jpeg 1000w\" sizes=\"(max-width: 640px) 100vw, 640px\" \/><figcaption>pinterest.es\n<\/figcaption><\/figure><\/li><\/ul>\n\n\n\n<h3 class=\"wp-block-heading\">Les points qui pourraient \u00eatre am\u00e9lior\u00e9s<\/h3>\n\n\n\n<p>Mon bilan de 2022 est globalement positif. Je vais facilement me mettre la pression pour \u00eatre r\u00e9guli\u00e8re par exemple mais pas forc\u00e9ment pour tenir des objectifs que je ne me fixe pas. En revanche, il y a carr\u00e9ment des points faibles dans mon quotidien ou dans mon boulot. <\/p>\n\n\n\n<p>La gestion des mails - je ne passe <strong>pas assez de temps \u00e0 r\u00e9pondre<\/strong> \u00e0 mes mails. Ca fait des ann\u00e9es que \u00e7a dure et parfois il me faut un mois pour r\u00e9pondre \u00e0 un partenaire. Ca, \u00e7a pourrait \u00eatre cool que \u00e7a change! En m\u00eame temps, certains annonceurs \/ boite de marketing n'y mettent pas de la bonne volont\u00e9. Pour certains <strong>les r\u00e8gles de politesse<\/strong> ils doivent s'essuyer les fesses avec. Il y a aussi <strong>un manque de respect<\/strong> face \u00e0 mon boulot qui est de plus en plus fr\u00e9quent. Ca me co\u00fbte de ne pas les envoyer chier avec puissance. <br><\/p>\n\n\n\n<p><strong>Instagram<\/strong> encore et toujours est un de mes points faibles. Je poste de mani\u00e8re \u00e9ratique. J'y arrive pas. J'essaie de temps en temps mais au bout d'un moment, je me dis que \u00e7a ne vaut pas l'\u00e9nergie d\u00e9pens\u00e9e. C'est aussi un r\u00e9seau social que je ne trouve pas suffisamment authentique. En revanche, <strong>je kiffe faire des stories<\/strong> et partager mon quotidien sous ce format. Ca ouvre \u00e0 de belles conversations.  Pour me suivre sur Instagram <a href=\"https:\/\/www.instagram.com\/cocondedeco\/\" target=\"_blank\" rel=\"noreferrer noopener\" aria-label=\"c'est ici (s\u2019ouvre dans un nouvel onglet)\">c'est ici<\/a>. <\/p>\n\n\n\n<p>Ma newsletter - je manque de temps pour la remettre en route. Il y a un <strong>travail de fond \u00e0 faire dessus<\/strong> et je n'ai pas eu le temps de m'y coller. J'aimais bien envoyer des mails de temps \u00e0 autres. <\/p>\n\n\n\n<p>Les articles \"voyage\" ont quasiment \u00e9t\u00e9 <strong>inexistants<\/strong> cette ann\u00e9e. Au d\u00e9but, quand on est partis en 2016, je pensais expliquer notre quotidien, les diff\u00e9rentes destinations o\u00f9 l'on allait voyager, etc. Mais \u00e7a ne me va pas. Au final, je pr\u00e9f\u00e8re amplement tenir mon journal de voyage. Une d\u00e9marche plus intime. Il faut que je pense \u00e0 la mani\u00e8re de relancer cette cat\u00e9gorie d'articles mais pour le moment, <strong>je n'ai pas trouv\u00e9 d'id\u00e9es de contenus qui me plaisent<\/strong>. <\/p>\n\n\n\n<p>La gestion du temps quand j'ai une id\u00e9e \"brillante\" - M\u00eame si je suis globalement organis\u00e9e, j'ai tendance \u00e0 partir un peu dans tous les sens quand je commence quelque chose de nouveau ou quand j'ai une id\u00e9e qu'il faut que je teste. Je gagnerai du temps \u00e0 \u00eatre plus carr\u00e9e d\u00e8s le d\u00e9part et <strong>pas partir tout feu tout flamme<\/strong>! <\/p>\n\n\n\n<p>La mise \u00e0 jour des anciens articles - toujours par manque de temps, je n'avance pas suffisamment dans la mise \u00e0 jour de mes anciens articles. Je devrais l'incruster dans mon planning, ce serait plus efficace! <\/p>\n\n\n\n<p>La gestion des commentaires - Ahhh \u00e7a c'est toute une histoire. <strong>Je ne sais jamais comment r\u00e9agir quand j'ai un commentaire d\u00e9sobligeant<\/strong>. Ca arrive rarement mais \u00e7a arrive. Si je suis mon instinct, j'envoie bouler la personne. En plus, quand c'est comme \u00e7a, j'ai tendance \u00e0 \u00eatre condescendante. Parfois, je r\u00e9ponds de cette mani\u00e8re et les personnes qui me connaissent dans la vraie vie doivent bien se marrer parce qu'ils doivent entendre le son de ma voix et imaginer mon air quand je r\u00e9ponds. (L'id\u00e9e g\u00e9n\u00e9rale c'est: \"si c'est pour \u00e9crire \u00e7a, tu peux bien fermer ta gueule...\") Mais je n'aime pas envoyer chier les gens. J'aime quand internet est <strong>un lieu bienveillant<\/strong>. Parfois, je vois des contenus qui ne me plaisent pas, je passe \u00e0 autre chose et je ne ram\u00e8ne pas ma fraise. J'ai donc beaucoup de mal \u00e0 comprendre pourquoi les gens se donnent la peine de me les briser. Qu'ils passent \u00e0 autre chose. <\/p>\n\n\n\n<ul class=\"wp-block-gallery columns-2 is-cropped wp-block-gallery-4 is-layout-flex wp-block-gallery-is-layout-flex\"><li class=\"blocks-gallery-item\"><figure><img loading=\"lazy\" decoding=\"async\" width=\"640\" height=\"960\" src=\"http:\/\/www.cocondedecoration.com\/blog\/wp-content\/uploads\/2022\/12\/idee-deco-tendance-maison-2023-7-640x960.jpeg\" alt=\"idee deco tendance maison 2023 cuisine ouverte \u00eelot central salle \u00e0 manger rangement sous plan de travail\" data-id=\"55662\" data-link=\"http:\/\/www.cocondedecoration.com\/blog\/?attachment_id=55662\" class=\"wp-image-55662\" srcset=\"https:\/\/www.cocondedecoration.com\/blog\/wp-content\/uploads\/2022\/12\/idee-deco-tendance-maison-2023-7-640x960.jpeg 640w, https:\/\/www.cocondedecoration.com\/blog\/wp-content\/uploads\/2022\/12\/idee-deco-tendance-maison-2023-7-260x390.jpeg 260w, https:\/\/www.cocondedecoration.com\/blog\/wp-content\/uploads\/2022\/12\/idee-deco-tendance-maison-2023-7-768x1152.jpeg 768w, https:\/\/www.cocondedecoration.com\/blog\/wp-content\/uploads\/2022\/12\/idee-deco-tendance-maison-2023-7-367x550.jpeg 367w, https:\/\/www.cocondedecoration.com\/blog\/wp-content\/uploads\/2022\/12\/idee-deco-tendance-maison-2023-7-333x500.jpeg 333w, https:\/\/www.cocondedecoration.com\/blog\/wp-content\/uploads\/2022\/12\/idee-deco-tendance-maison-2023-7.jpeg 1000w\" sizes=\"(max-width: 640px) 100vw, 640px\" \/><figcaption>youtu.be\n<\/figcaption><\/figure><\/li><li class=\"blocks-gallery-item\"><figure><img loading=\"lazy\" decoding=\"async\" width=\"640\" height=\"960\" src=\"http:\/\/www.cocondedecoration.com\/blog\/wp-content\/uploads\/2022\/12\/idee-deco-tendance-maison-2023-8-640x960.jpeg\" alt=\"idee deco tendance maison 2023 biblioth\u00e8que sur mesure couleur ver sauge arche cintr\u00e9e\" data-id=\"55663\" data-link=\"http:\/\/www.cocondedecoration.com\/blog\/?attachment_id=55663\" class=\"wp-image-55663\" srcset=\"https:\/\/www.cocondedecoration.com\/blog\/wp-content\/uploads\/2022\/12\/idee-deco-tendance-maison-2023-8-640x960.jpeg 640w, https:\/\/www.cocondedecoration.com\/blog\/wp-content\/uploads\/2022\/12\/idee-deco-tendance-maison-2023-8-260x390.jpeg 260w, https:\/\/www.cocondedecoration.com\/blog\/wp-content\/uploads\/2022\/12\/idee-deco-tendance-maison-2023-8-768x1152.jpeg 768w, https:\/\/www.cocondedecoration.com\/blog\/wp-content\/uploads\/2022\/12\/idee-deco-tendance-maison-2023-8-367x550.jpeg 367w, https:\/\/www.cocondedecoration.com\/blog\/wp-content\/uploads\/2022\/12\/idee-deco-tendance-maison-2023-8-333x500.jpeg 333w, https:\/\/www.cocondedecoration.com\/blog\/wp-content\/uploads\/2022\/12\/idee-deco-tendance-maison-2023-8.jpeg 1000w\" sizes=\"(max-width: 640px) 100vw, 640px\" \/><figcaption>hunker.com\n<\/figcaption><\/figure><\/li><\/ul>\n\n\n\n<h3 class=\"wp-block-heading\">Mon\u00e9tisation du blog, Patreon &amp; Co <\/h3>\n\n\n\n<p>Comment je gagne ma vie sur le blog? C'est un sujet qu'il m'arrive d'aborder en message priv\u00e9 essentiellement sur Instagram et dans la vraie vie quand j'explique \u00e0 des gens <strong>ce que je fais comme boulot<\/strong>. Je vais faire comme avec les gens en IRL, je ne vais pas rentrer dans les d\u00e9tails, ce n'est pas hyper int\u00e9ressant quand on ne bosse pas dedans. J'ai deux axes de mon\u00e9tisation principaux. Il y a des <strong>posts sponsoris\u00e9s<\/strong>. Une boite me demande d'\u00e9crire sur ces produits en gros et c'est un forfait au nombre de mots. Et il y a <strong>l'affiliation<\/strong>. Si vous passez commande via l'un des liens affili\u00e9s, je touche une faible commission sur la vente. Je pense que le blog pourrait \u00eatre bien plus rentable que ce qu'il ne l'est actuellement mais \u00e7a impliquerait que je bosse diff\u00e9remment. C'est en cours de r\u00e9flexion mais pour le moment c'est trop vague dans ma t\u00eate. Sans vous donner le chiffre exact, ma r\u00e9mun\u00e9ration change tous les mois. Ce n'est pas fixe, fixe. Et c'est <strong>suffisant pour vivre simplement en Asie<\/strong>. (Ca ne le serait pas si je vivais en France par exemple!) <\/p>\n\n\n\n<p>Si vous suivez le blog r\u00e9guli\u00e8rement, que <strong>vous appr\u00e9ciez le contenu offert gratuitement ici<\/strong> (ou sur les r\u00e9seaux sociaux, vous pouvez me soutenir le blog via <a rel=\"noreferrer noopener\" aria-label=\"Patreon (s\u2019ouvre dans un nouvel onglet)\" href=\"https:\/\/www.patreon.com\/cocondedeco\" target=\"_blank\">Patreon<\/a> ou Tipeee. <br>J'ai mis en place <strong>Patreon<\/strong> il y a plus d'un an. Clairement, je ne vais pas devenir riche avec cette plateforme. L'id\u00e9e est de me remercier pour le travail effectu\u00e9, les articles publi\u00e9s sur le blog et les r\u00e9seaux sociaux. J'ai bien conscience que cette d\u00e9marche n'est pas habituelle en France. On n'a pas vraiment la culture du pourboire ou du tip. <br>Depuis quelques jours, vous pouvez aussi me soutenir sur <strong>Tipeee<\/strong>. La diff\u00e9rence entre Patreon et Tipeee, c'est que sur Patreon c'est un abonnement au mois alors que sur <a rel=\"noreferrer noopener\" aria-label=\"Tipeee (s\u2019ouvre dans un nouvel onglet)\" href=\"https:\/\/en.tipeee.com\/cocon-decoration-slow-nomade\/\" target=\"_blank\">Tipeee<\/a>, il n'y a pas d'engagement. Vous pouvez tr\u00e8s bien donner un tip une fois comme plusieurs fois par an. Gr\u00e2ce \u00e0 ces soutiens par exemple, <strong>je n'int\u00e8gre plus d'encarts publicitaires<\/strong> dans les articles ou sur le blog. Je trouve que c'est plus agr\u00e9able \u00e0 lire quand \u00e7a ne clignote pas dans tous les sens. Donc <strong>merci<\/strong> \u00e0 toutes les personnes qui soutiennent mon travail sur ces plateformes et qui ont conscience qu'<strong>un blog gratuit demande beaucoup d'investissement personnel<\/strong>! Merci \u00e0 vous! <\/p>\n\n\n\n<ul class=\"wp-block-gallery columns-2 is-cropped wp-block-gallery-5 is-layout-flex wp-block-gallery-is-layout-flex\"><li class=\"blocks-gallery-item\"><figure><img loading=\"lazy\" decoding=\"async\" width=\"640\" height=\"960\" src=\"http:\/\/www.cocondedecoration.com\/blog\/wp-content\/uploads\/2022\/12\/idee-deco-tendance-maison-2023-9-640x960.jpeg\" alt=\"idee deco tendance maison 2023 chambre parentale commode vintage en bois chaleureux \" data-id=\"55664\" data-link=\"http:\/\/www.cocondedecoration.com\/blog\/?attachment_id=55664\" class=\"wp-image-55664\" srcset=\"https:\/\/www.cocondedecoration.com\/blog\/wp-content\/uploads\/2022\/12\/idee-deco-tendance-maison-2023-9-640x960.jpeg 640w, https:\/\/www.cocondedecoration.com\/blog\/wp-content\/uploads\/2022\/12\/idee-deco-tendance-maison-2023-9-260x390.jpeg 260w, https:\/\/www.cocondedecoration.com\/blog\/wp-content\/uploads\/2022\/12\/idee-deco-tendance-maison-2023-9-768x1152.jpeg 768w, https:\/\/www.cocondedecoration.com\/blog\/wp-content\/uploads\/2022\/12\/idee-deco-tendance-maison-2023-9-367x550.jpeg 367w, https:\/\/www.cocondedecoration.com\/blog\/wp-content\/uploads\/2022\/12\/idee-deco-tendance-maison-2023-9-333x500.jpeg 333w, https:\/\/www.cocondedecoration.com\/blog\/wp-content\/uploads\/2022\/12\/idee-deco-tendance-maison-2023-9.jpeg 1000w\" sizes=\"(max-width: 640px) 100vw, 640px\" \/><figcaption>avenue-designstudio.com\n<\/figcaption><\/figure><\/li><li class=\"blocks-gallery-item\"><figure><img loading=\"lazy\" decoding=\"async\" width=\"640\" height=\"960\" src=\"http:\/\/www.cocondedecoration.com\/blog\/wp-content\/uploads\/2022\/12\/idee-deco-tendance-maison-2023-10-640x960.jpeg\" alt=\"idee deco tendance maison 2023 salon couleur soubassement blanc et canap\u00e9 vert d\u00e9cor \u00e9clectique\" data-id=\"55665\" data-link=\"http:\/\/www.cocondedecoration.com\/blog\/?attachment_id=55665\" class=\"wp-image-55665\" srcset=\"https:\/\/www.cocondedecoration.com\/blog\/wp-content\/uploads\/2022\/12\/idee-deco-tendance-maison-2023-10-640x960.jpeg 640w, https:\/\/www.cocondedecoration.com\/blog\/wp-content\/uploads\/2022\/12\/idee-deco-tendance-maison-2023-10-260x390.jpeg 260w, https:\/\/www.cocondedecoration.com\/blog\/wp-content\/uploads\/2022\/12\/idee-deco-tendance-maison-2023-10-768x1152.jpeg 768w, https:\/\/www.cocondedecoration.com\/blog\/wp-content\/uploads\/2022\/12\/idee-deco-tendance-maison-2023-10-367x550.jpeg 367w, https:\/\/www.cocondedecoration.com\/blog\/wp-content\/uploads\/2022\/12\/idee-deco-tendance-maison-2023-10-333x500.jpeg 333w, https:\/\/www.cocondedecoration.com\/blog\/wp-content\/uploads\/2022\/12\/idee-deco-tendance-maison-2023-10.jpeg 1000w\" sizes=\"(max-width: 640px) 100vw, 640px\" \/><figcaption>appreciationproject.co.uk<\/figcaption><\/figure><\/li><\/ul>\n\n\n\n<h2 class=\"wp-block-heading\">Mes projets pour le blog en 2023 <\/h2>\n\n\n\n<h3 class=\"wp-block-heading\">Une ligne \u00e9ditoriale un peu diff\u00e9rente <\/h3>\n\n\n\n<p>Je vous rassure, il va toujours \u00eatre question de d\u00e9coration. Il y a des sujets que j'ai commenc\u00e9 \u00e0 trait\u00e9 en 2022 ou m\u00eame avant et sur lesquels j'ai encore pas mal de choses \u00e0 \u00e9crire. J'aime beaucoup ma s\u00e9rie d'articles autour <a rel=\"noreferrer noopener\" aria-label=\"des d\u00e9tails d\u00e9co (s\u2019ouvre dans un nouvel onglet)\" href=\"http:\/\/www.cocondedecoration.com\/blog\/category\/astuces-et-conseils-deco\/soigner-les-details-de-sa-deco\/\" target=\"_blank\">des d\u00e9tails d\u00e9co<\/a> qui vous aident (enfin j'esp\u00e8re) \u00e0 styliser votre int\u00e9rieur. Il y a des th\u00e9matiques qui vont \u00eatre plus d\u00e9velopp\u00e9es dans les mois \u00e0 venir. Je vous en ai parl\u00e9 en d\u00e9but de semaine dans mon <a rel=\"noreferrer noopener\" aria-label=\"weekly inspiration (s\u2019ouvre dans un nouvel onglet)\" href=\"http:\/\/www.cocondedecoration.com\/blog\/2022\/12\/deco-au-quotidien-95\/\" target=\"_blank\">weekly inspiration<\/a>. <\/p>\n\n\n\n<p>Et puis il y aura des th\u00e8mes nouveaux. Certains font partie de mes r\u00e9flexions sur <a rel=\"noreferrer noopener\" aria-label=\"le slow living (s\u2019ouvre dans un nouvel onglet)\" href=\"http:\/\/www.cocondedecoration.com\/blog\/category\/slow-life\/\" target=\"_blank\">le slow living<\/a>. <strong>Qu'est-ce que je peux vous proposer pour adopter un mode de vie plus slow?<\/strong> Question que je me pose r\u00e9guli\u00e8rement. C'est comme \u00e7a que j'ai commenc\u00e9 \u00e0 <a rel=\"noreferrer noopener\" aria-label=\"vous parler r\u00e9cup' (s\u2019ouvre dans un nouvel onglet)\" href=\"http:\/\/www.cocondedecoration.com\/blog\/category\/slow-life\/recup-deco\/\" target=\"_blank\">vous parler r\u00e9cup'<\/a>. En 2023, il va aussi \u00eatre question de loisirs cr\u00e9atifs. Parce que \u00e7a fait du bien de prendre du temps et de cr\u00e9er quelque chose. C'est une <strong>douce parenth\u00e8se<\/strong> dans le quotidien. Je vais aussi vous parler d'art de la table, de d\u00e9cors de mariage, etc. Ca ne fait pas partie du slow living mais j'avais envie de me pencher sur ces questions. Ce sont des th\u00e8mes que j'abordais il y a de nombreuses ann\u00e9es. Je m'\u00e9tais lass\u00e9e mais l\u00e0 l'envie d'\u00e9crire \u00e0 ce propos est de retour. <\/p>\n\n\n\n<ul class=\"wp-block-gallery columns-2 is-cropped wp-block-gallery-6 is-layout-flex wp-block-gallery-is-layout-flex\"><li class=\"blocks-gallery-item\"><figure><img loading=\"lazy\" decoding=\"async\" width=\"640\" height=\"960\" src=\"http:\/\/www.cocondedecoration.com\/blog\/wp-content\/uploads\/2022\/12\/idee-deco-tendance-maison-2023-11-640x960.jpeg\" alt=\"idee deco tendance maison 2023 cuisine d\u00e9cor mural r\u00e9cup original\" data-id=\"55666\" data-link=\"http:\/\/www.cocondedecoration.com\/blog\/?attachment_id=55666\" class=\"wp-image-55666\" srcset=\"https:\/\/www.cocondedecoration.com\/blog\/wp-content\/uploads\/2022\/12\/idee-deco-tendance-maison-2023-11-640x960.jpeg 640w, https:\/\/www.cocondedecoration.com\/blog\/wp-content\/uploads\/2022\/12\/idee-deco-tendance-maison-2023-11-260x390.jpeg 260w, https:\/\/www.cocondedecoration.com\/blog\/wp-content\/uploads\/2022\/12\/idee-deco-tendance-maison-2023-11-768x1152.jpeg 768w, https:\/\/www.cocondedecoration.com\/blog\/wp-content\/uploads\/2022\/12\/idee-deco-tendance-maison-2023-11-367x550.jpeg 367w, https:\/\/www.cocondedecoration.com\/blog\/wp-content\/uploads\/2022\/12\/idee-deco-tendance-maison-2023-11-333x500.jpeg 333w, https:\/\/www.cocondedecoration.com\/blog\/wp-content\/uploads\/2022\/12\/idee-deco-tendance-maison-2023-11.jpeg 1000w\" sizes=\"(max-width: 640px) 100vw, 640px\" \/><figcaption>bhg.com\n<\/figcaption><\/figure><\/li><li class=\"blocks-gallery-item\"><figure><img loading=\"lazy\" decoding=\"async\" width=\"640\" height=\"960\" src=\"http:\/\/www.cocondedecoration.com\/blog\/wp-content\/uploads\/2022\/12\/idee-deco-tendance-maison-2023-12-640x960.jpeg\" alt=\"idee deco tendance maison 2023 meuble en bois arri\u00e8re canap\u00e9 int\u00e9rieur moderne vintage\" data-id=\"55667\" data-link=\"http:\/\/www.cocondedecoration.com\/blog\/?attachment_id=55667\" class=\"wp-image-55667\" srcset=\"https:\/\/www.cocondedecoration.com\/blog\/wp-content\/uploads\/2022\/12\/idee-deco-tendance-maison-2023-12-640x960.jpeg 640w, https:\/\/www.cocondedecoration.com\/blog\/wp-content\/uploads\/2022\/12\/idee-deco-tendance-maison-2023-12-260x390.jpeg 260w, https:\/\/www.cocondedecoration.com\/blog\/wp-content\/uploads\/2022\/12\/idee-deco-tendance-maison-2023-12-768x1152.jpeg 768w, https:\/\/www.cocondedecoration.com\/blog\/wp-content\/uploads\/2022\/12\/idee-deco-tendance-maison-2023-12-367x550.jpeg 367w, https:\/\/www.cocondedecoration.com\/blog\/wp-content\/uploads\/2022\/12\/idee-deco-tendance-maison-2023-12-333x500.jpeg 333w, https:\/\/www.cocondedecoration.com\/blog\/wp-content\/uploads\/2022\/12\/idee-deco-tendance-maison-2023-12.jpeg 1000w\" sizes=\"(max-width: 640px) 100vw, 640px\" \/><figcaption>insidy.com\n<\/figcaption><\/figure><\/li><\/ul>\n\n\n\n<h3 class=\"wp-block-heading\">Youtube et la vid\u00e9o<\/h3>\n\n\n\n<p>Je ne suis pas une photographe m\u00eame si j'excelle dans l'art de la photo floue. Je ne suis pas une vid\u00e9aste non plus. Mais, je suis en train de penser \u00e0 vous proposer plus r\u00e9guli\u00e8rement des <strong>montages vid\u00e9os de mon quotidien<\/strong>. Ca ne sera probablement <strong>pas pour tout de suite<\/strong> mais \u00e7a cogite dans ma t\u00eate. N'\u00e9tant pas une grande fan d'Instagram, j'ai du mal \u00e0 publier des r\u00e9els de mon quotidien. Ca doit faire un an que je n'ai pas ouvert Tiktok. En revanche, j'aime bien Youtube. Donc mon quotidien prendra peut-\u00eatre la forme de shorts. Je ne sais pas trop! <br>J'ai une chaine Youtube depuis un moment. J'ai post\u00e9 tr\u00e8s peu de vid\u00e9os cette ann\u00e9e, simplement par manque de temps pour faire quelque chose qui tienne la route et parfois parce que la connexion wifi \u00e9tait merdique. En revanche, je poste plusieurs fois par semaine des shorts d\u00e9co. <a rel=\"noreferrer noopener\" aria-label=\"N'h\u00e9sitez pas \u00e0 me suivre sur Youtube (s\u2019ouvre dans un nouvel onglet)\" href=\"https:\/\/www.youtube.com\/channel\/UCTl9xYG5XMmrxuKbFae2R1g\" target=\"_blank\">N'h\u00e9sitez pas \u00e0 me suivre sur Youtube<\/a> pour les voir! <\/p>\n\n\n\n<ul class=\"wp-block-gallery columns-2 is-cropped wp-block-gallery-7 is-layout-flex wp-block-gallery-is-layout-flex\"><li class=\"blocks-gallery-item\"><figure><img loading=\"lazy\" decoding=\"async\" width=\"640\" height=\"960\" src=\"http:\/\/www.cocondedecoration.com\/blog\/wp-content\/uploads\/2022\/12\/idee-deco-tendance-maison-2023-13-640x960.jpeg\" alt=\"idee deco tendance maison 2023 art de la table couleur bonne humeur fleur fruit repas dominical\" data-id=\"55668\" data-link=\"http:\/\/www.cocondedecoration.com\/blog\/?attachment_id=55668\" class=\"wp-image-55668\" srcset=\"https:\/\/www.cocondedecoration.com\/blog\/wp-content\/uploads\/2022\/12\/idee-deco-tendance-maison-2023-13-640x960.jpeg 640w, https:\/\/www.cocondedecoration.com\/blog\/wp-content\/uploads\/2022\/12\/idee-deco-tendance-maison-2023-13-260x390.jpeg 260w, https:\/\/www.cocondedecoration.com\/blog\/wp-content\/uploads\/2022\/12\/idee-deco-tendance-maison-2023-13-768x1152.jpeg 768w, https:\/\/www.cocondedecoration.com\/blog\/wp-content\/uploads\/2022\/12\/idee-deco-tendance-maison-2023-13-367x550.jpeg 367w, https:\/\/www.cocondedecoration.com\/blog\/wp-content\/uploads\/2022\/12\/idee-deco-tendance-maison-2023-13-333x500.jpeg 333w, https:\/\/www.cocondedecoration.com\/blog\/wp-content\/uploads\/2022\/12\/idee-deco-tendance-maison-2023-13.jpeg 1000w\" sizes=\"(max-width: 640px) 100vw, 640px\" \/><figcaption>domino.com\n<\/figcaption><\/figure><\/li><li class=\"blocks-gallery-item\"><figure><img loading=\"lazy\" decoding=\"async\" width=\"640\" height=\"960\" src=\"http:\/\/www.cocondedecoration.com\/blog\/wp-content\/uploads\/2022\/12\/idee-deco-tendance-maison-2023-14-640x960.jpeg\" alt=\"idee deco tendance maison 2023 int\u00e9rieur \u00e9clectique mobilier design vintage\" data-id=\"55669\" data-link=\"http:\/\/www.cocondedecoration.com\/blog\/?attachment_id=55669\" class=\"wp-image-55669\" srcset=\"https:\/\/www.cocondedecoration.com\/blog\/wp-content\/uploads\/2022\/12\/idee-deco-tendance-maison-2023-14-640x960.jpeg 640w, https:\/\/www.cocondedecoration.com\/blog\/wp-content\/uploads\/2022\/12\/idee-deco-tendance-maison-2023-14-260x390.jpeg 260w, https:\/\/www.cocondedecoration.com\/blog\/wp-content\/uploads\/2022\/12\/idee-deco-tendance-maison-2023-14-768x1152.jpeg 768w, https:\/\/www.cocondedecoration.com\/blog\/wp-content\/uploads\/2022\/12\/idee-deco-tendance-maison-2023-14-367x550.jpeg 367w, https:\/\/www.cocondedecoration.com\/blog\/wp-content\/uploads\/2022\/12\/idee-deco-tendance-maison-2023-14-333x500.jpeg 333w, https:\/\/www.cocondedecoration.com\/blog\/wp-content\/uploads\/2022\/12\/idee-deco-tendance-maison-2023-14.jpeg 1000w\" sizes=\"(max-width: 640px) 100vw, 640px\" \/><figcaption>cotemaison.fr\n<\/figcaption><\/figure><\/li><\/ul>\n\n\n\n<h3 class=\"wp-block-heading\">Mon carnet de voyage - projet perso dont je vous montre des petits bouts<\/h3>\n\n\n\n<p>Ca c'est <strong>un projet perso avant tout<\/strong>. Je l'ai commenc\u00e9 en avril il me semble et je me suis rendue compte au fil des mois que j'aimais beaucoup le tenir. J'\u00e9cris mon quotidien, je fais des collages et parfois je dessine. Bien que ce soit un projet perso, je partage <strong>des morceaux de ce projet cr\u00e9atif sur Instagram<\/strong>. Ca aussi, je me dis que \u00e7a pourrait \u00eatre sympa de vous le montrer en vid\u00e9o. Je n'ai \u00e9crit qu'un article \u00e0 propos de mon propre travel book. Pourquoi? Parce que je suis tellement \u00e0 chier en photo que je <strong>manque de confiance<\/strong> pour le partager avec vous. <\/p>\n\n\n\n<ul class=\"wp-block-gallery columns-2 is-cropped wp-block-gallery-8 is-layout-flex wp-block-gallery-is-layout-flex\"><li class=\"blocks-gallery-item\"><figure><img loading=\"lazy\" decoding=\"async\" width=\"640\" height=\"960\" src=\"http:\/\/www.cocondedecoration.com\/blog\/wp-content\/uploads\/2022\/12\/idee-deco-tendance-maison-2023-15-640x960.jpeg\" alt=\"idee deco tendance maison 2023 d\u00e9cor mural original r\u00e9cup livres et fleurs po\u00e9tique\" data-id=\"55670\" data-link=\"http:\/\/www.cocondedecoration.com\/blog\/?attachment_id=55670\" class=\"wp-image-55670\" srcset=\"https:\/\/www.cocondedecoration.com\/blog\/wp-content\/uploads\/2022\/12\/idee-deco-tendance-maison-2023-15-640x960.jpeg 640w, https:\/\/www.cocondedecoration.com\/blog\/wp-content\/uploads\/2022\/12\/idee-deco-tendance-maison-2023-15-260x390.jpeg 260w, https:\/\/www.cocondedecoration.com\/blog\/wp-content\/uploads\/2022\/12\/idee-deco-tendance-maison-2023-15-768x1152.jpeg 768w, https:\/\/www.cocondedecoration.com\/blog\/wp-content\/uploads\/2022\/12\/idee-deco-tendance-maison-2023-15-367x550.jpeg 367w, https:\/\/www.cocondedecoration.com\/blog\/wp-content\/uploads\/2022\/12\/idee-deco-tendance-maison-2023-15-333x500.jpeg 333w, https:\/\/www.cocondedecoration.com\/blog\/wp-content\/uploads\/2022\/12\/idee-deco-tendance-maison-2023-15.jpeg 1000w\" sizes=\"(max-width: 640px) 100vw, 640px\" \/><figcaption>upcyclemystuff.com\n<\/figcaption><\/figure><\/li><li class=\"blocks-gallery-item\"><figure><img loading=\"lazy\" decoding=\"async\" width=\"640\" height=\"960\" src=\"http:\/\/www.cocondedecoration.com\/blog\/wp-content\/uploads\/2022\/12\/idee-deco-tendance-maison-2023-16-640x960.jpeg\" alt=\"idee deco tendance maison 2023 chambre chaleureuse intime et minimale lit en velours rose rev\u00eatement mural b\u00e9ton cir\u00e9\" data-id=\"55671\" data-link=\"http:\/\/www.cocondedecoration.com\/blog\/?attachment_id=55671\" class=\"wp-image-55671\" srcset=\"https:\/\/www.cocondedecoration.com\/blog\/wp-content\/uploads\/2022\/12\/idee-deco-tendance-maison-2023-16-640x960.jpeg 640w, https:\/\/www.cocondedecoration.com\/blog\/wp-content\/uploads\/2022\/12\/idee-deco-tendance-maison-2023-16-260x390.jpeg 260w, https:\/\/www.cocondedecoration.com\/blog\/wp-content\/uploads\/2022\/12\/idee-deco-tendance-maison-2023-16-768x1152.jpeg 768w, https:\/\/www.cocondedecoration.com\/blog\/wp-content\/uploads\/2022\/12\/idee-deco-tendance-maison-2023-16-367x550.jpeg 367w, https:\/\/www.cocondedecoration.com\/blog\/wp-content\/uploads\/2022\/12\/idee-deco-tendance-maison-2023-16-333x500.jpeg 333w, https:\/\/www.cocondedecoration.com\/blog\/wp-content\/uploads\/2022\/12\/idee-deco-tendance-maison-2023-16.jpeg 1000w\" sizes=\"(max-width: 640px) 100vw, 640px\" \/><figcaption>1stdibs.com\n<\/figcaption><\/figure><\/li><\/ul>\n\n\n\n<p>Voil\u00e0, voil\u00e0... Encore un article o\u00f9 je me suis un peu enflamm\u00e9e en mati\u00e8re de nombre de mots (plus de 2500). J'esp\u00e8re que vous avez appr\u00e9ci\u00e9 cette parenth\u00e8se o\u00f9 je vous explique un peu comment \u00e7a se passe de mon c\u00f4t\u00e9 de l'ordinateur. Je vous remercie pour votre lecture. Je vous remercie aussi pour votre soutien r\u00e9gulier au fil des ann\u00e9es, de vos messages souvent plein de gentillesse sur les r\u00e9seaux sociaux. Je termine cet article en vous souhaitant une bonne fin d'ann\u00e9e 2022. On se retrouve rapidement en 2023 pour toujours plus de d\u00e9coration! <\/p>\n\n\n\n<hr class=\"wp-block-separator\"\/>\n\n\n\n<p class=\"has-text-align-center has-medium-font-size\">Ne perdons pas contact \ud83d\ude42 Rejoignez moi sur <a href=\"https:\/\/www.pinterest.fr\/cocondedeco\/\" target=\"_blank\" rel=\"noopener\" title=\"\">Pinterest<\/a> |\u00a0<a href=\"https:\/\/www.threads.net\/@cocondedeco\" target=\"_blank\" rel=\"noopener\" title=\"\">Threads<\/a> | <a href=\"https:\/\/www.patreon.com\/collection\/162946?view=expanded\" target=\"_blank\" rel=\"noopener\" title=\"\">la Newsletter<\/a> <br>Vous aimez lire le blog? Vous souhaitez continuer \u00e0 le lire? <a href=\"https:\/\/www.patreon.com\/cocondedeco\" target=\"_blank\" rel=\"noopener\" title=\"\">Devenez m\u00e9c\u00e8ne<\/a> sur Patreon et contribuez \u00e0 sa survie. <\/p>\n\n\n\n<hr class=\"wp-block-separator\"\/>\n\n\n\n<div class=\"wp-block-columns has-2-columns is-layout-flex wp-container-core-columns-layout-1 wp-block-columns-is-layout-flex\">\n<div class=\"wp-block-column is-layout-flow wp-block-column-is-layout-flow\">\n<p style=\"text-align:center\" class=\"has-medium-font-size\">A lire \u00e9galement<\/p>\n\n\n<ul class=\"wp-block-latest-posts__list wp-block-latest-posts\"><li><a class=\"wp-block-latest-posts__post-title\" href=\"https:\/\/www.cocondedecoration.com\/blog\/2026\/04\/meuble-salon-bois\/\">Meuble en bois de salon : id\u00e9es, tendances et astuces d\u00e9co<\/a><\/li>\n<li><a class=\"wp-block-latest-posts__post-title\" href=\"https:\/\/www.cocondedecoration.com\/blog\/2026\/04\/home-staging-salle-de-bain\/\">Astuces Home Staging pour une salle de bain resplendissante<\/a><\/li>\n<li><a class=\"wp-block-latest-posts__post-title\" href=\"https:\/\/www.cocondedecoration.com\/blog\/2026\/04\/filet-mezzanine\/\">Am\u00e9nager une mezzanine avec un filet : s\u00e9curit\u00e9, confort et style<\/a><\/li>\n<li><a class=\"wp-block-latest-posts__post-title\" href=\"https:\/\/www.cocondedecoration.com\/blog\/2026\/04\/balcon-moderne-exterieur\/\">15 id\u00e9es d\u00e9co pour un balcon moderne ext\u00e9rieur<\/a><\/li>\n<li><a class=\"wp-block-latest-posts__post-title\" href=\"https:\/\/www.cocondedecoration.com\/blog\/2026\/04\/deco-camaieu-vert\/\">Cama\u00efeu vert: le layering pour cr\u00e9er une d\u00e9co harmonieuse<\/a><\/li>\n<li><a class=\"wp-block-latest-posts__post-title\" href=\"https:\/\/www.cocondedecoration.com\/blog\/2026\/04\/desencombrer-core-4\/\">Core 4: une mani\u00e8re structur\u00e9e pour d\u00e9sencombrer<\/a><\/li>\n<li><a class=\"wp-block-latest-posts__post-title\" href=\"https:\/\/www.cocondedecoration.com\/blog\/2026\/04\/chambre-campagne-chic\/\">Chambre campagne chic : l\u2019\u00e9l\u00e9gance rustique qui apaise<\/a><\/li>\n<\/ul><\/div>\n\n\n\n<div class=\"wp-block-column is-layout-flow wp-block-column-is-layout-flow\">\n<p class=\"has-text-align-center has-medium-font-size\" style=\"padding-top:var(--wp--preset--spacing--40);padding-bottom:var(--wp--preset--spacing--40)\"><strong>Devenez m\u00e9c\u00e8ne du blog <\/strong><\/p>\n\n\n\n<hr class=\"wp-block-separator has-alpha-channel-opacity is-style-wide\"\/>\n\n\n\n<p style=\"padding-right:var(--wp--preset--spacing--30);padding-left:var(--wp--preset--spacing--30)\">Soutenez mon travail sur le blog et acc\u00e9dez \u00e0 des contreparties exclusives: <\/p>\n\n\n\n<ul style=\"padding-right:var(--wp--preset--spacing--40);padding-left:var(--wp--preset--spacing--40)\">\n<li>Plusieurs centaines d'articles d\u00e9co, lifestyle &amp; voyage r\u00e9serv\u00e9s aux abonn\u00e9\u2022e\u2022s <\/li>\n\n\n\n<li>Toutes les entr\u00e9es de mon side project - mon dictionnaire nomade <\/li>\n\n\n\n<li>Une publicit\u00e9 limit\u00e9e sur les articles Patreon <\/li>\n<\/ul>\n\n\n\n<div class=\"wp-block-buttons is-content-justification-center is-layout-flex wp-container-core-buttons-layout-1 wp-block-buttons-is-layout-flex\">\n<div class=\"wp-block-button\"><a class=\"wp-block-button__link wp-element-button\" href=\"https:\/\/www.patreon.com\/cocondedeco\" target=\"_blank\" rel=\"noreferrer noopener\">Soutenir le blog maintenant<\/a><\/div>\n<\/div>\n<\/div>\n<\/div>\n\n\n\n<div class=\"wp-block-image\"><figure class=\"aligncenter\"><img loading=\"lazy\" decoding=\"async\" width=\"732\" height=\"488\" src=\"http:\/\/www.cocondedecoration.com\/blog\/wp-content\/uploads\/2022\/12\/blog-deco-interieur-tendance.jpeg\" alt=\"blog deco interieur tendance mobilier am\u00e9nagement vintage \u00e9l\u00e9gant chic\" class=\"wp-image-55673\" srcset=\"https:\/\/www.cocondedecoration.com\/blog\/wp-content\/uploads\/2022\/12\/blog-deco-interieur-tendance.jpeg 732w, https:\/\/www.cocondedecoration.com\/blog\/wp-content\/uploads\/2022\/12\/blog-deco-interieur-tendance-260x173.jpeg 260w, https:\/\/www.cocondedecoration.com\/blog\/wp-content\/uploads\/2022\/12\/blog-deco-interieur-tendance-640x427.jpeg 640w, https:\/\/www.cocondedecoration.com\/blog\/wp-content\/uploads\/2022\/12\/blog-deco-interieur-tendance-465x310.jpeg 465w, https:\/\/www.cocondedecoration.com\/blog\/wp-content\/uploads\/2022\/12\/blog-deco-interieur-tendance-695x463.jpeg 695w\" sizes=\"(max-width: 732px) 100vw, 732px\" \/><figcaption>eclecticcreative.com.au\n<\/figcaption><\/figure><\/div>\n","protected":false},"excerpt":{"rendered":"<p>Tous les ans, je fais un bilan pour le blog m\u00eame si je ne le publie que tr\u00e8s rarement. C&rsquo;est en g\u00e9n\u00e9ral quelques notes sur une feuille volante et comme je ne suis pas une accro des stats ou quoi que ce soit, c&rsquo;est plus une liste de projets qu&rsquo;autre<span class=\"more-link\"><a href=\"https:\/\/www.cocondedecoration.com\/blog\/2022\/12\/bilan-blog-2022-projets-2023\/\">Lire la suite<\/a><\/span><\/p>\n","protected":false},"author":1,"featured_media":55673,"comment_status":"open","ping_status":"open","sticky":false,"template":"","format":"standard","meta":{"om_disable_all_campaigns":false,"_monsterinsights_skip_tracking":false,"_monsterinsights_sitenote_active":false,"_monsterinsights_sitenote_note":"","_monsterinsights_sitenote_category":0,"_uf_show_specific_survey":0,"_uf_disable_surveys":false,"footnotes":""},"categories":[5,28352],"tags":[39346,38138,2945,39349,16143,32144,9920,25140,9565,38656,37931,14325,39348,39350,39351,39352,24412,15998,14220,39334,39343,39340,39353,37512,39337,39339,39336,39338,39332,39333,39347,39335,39342,588,2623,39341,39354,22042,15255,39355,39344,39345,15746],"aioseo_notices":[],"_links":{"self":[{"href":"https:\/\/www.cocondedecoration.com\/blog\/wp-json\/wp\/v2\/posts\/55652"}],"collection":[{"href":"https:\/\/www.cocondedecoration.com\/blog\/wp-json\/wp\/v2\/posts"}],"about":[{"href":"https:\/\/www.cocondedecoration.com\/blog\/wp-json\/wp\/v2\/types\/post"}],"author":[{"embeddable":true,"href":"https:\/\/www.cocondedecoration.com\/blog\/wp-json\/wp\/v2\/users\/1"}],"replies":[{"embeddable":true,"href":"https:\/\/www.cocondedecoration.com\/blog\/wp-json\/wp\/v2\/comments?post=55652"}],"version-history":[{"count":0,"href":"https:\/\/www.cocondedecoration.com\/blog\/wp-json\/wp\/v2\/posts\/55652\/revisions"}],"wp:featuredmedia":[{"embeddable":true,"href":"https:\/\/www.cocondedecoration.com\/blog\/wp-json\/wp\/v2\/media\/55673"}],"wp:attachment":[{"href":"https:\/\/www.cocondedecoration.com\/blog\/wp-json\/wp\/v2\/media?parent=55652"}],"wp:term":[{"taxonomy":"category","embeddable":true,"href":"https:\/\/www.cocondedecoration.com\/blog\/wp-json\/wp\/v2\/categories?post=55652"},{"taxonomy":"post_tag","embeddable":true,"href":"https:\/\/www.cocondedecoration.com\/blog\/wp-json\/wp\/v2\/tags?post=55652"}],"curies":[{"name":"wp","href":"https:\/\/api.w.org\/{rel}","templated":true}]}}