{"id":55333,"date":"2022-12-25T01:00:53","date_gmt":"2022-12-24T23:00:53","guid":{"rendered":"http:\/\/www.cocondedecoration.com\/blog\/?p=55333"},"modified":"2023-09-03T07:01:14","modified_gmt":"2023-09-03T05:01:14","slug":"bullet-journal-hiver","status":"publish","type":"post","link":"https:\/\/www.cocondedecoration.com\/blog\/2022\/12\/bullet-journal-hiver\/","title":{"rendered":"[Journaling] Comment d\u00e9corer son bujo en hiver?"},"content":{"rendered":"\n<p>J'aime la saisonnalit\u00e9 des choses. C'est quelque chose qui revient tous les ans, une valeur s\u00fbre quand on \u00e9crit mais aussi pour tout ce qui est cr\u00e9atif. J'aime bien l'id\u00e9e de regarder par la fen\u00eatre pour trouver de l'inspiration. Et comme l'hiver est l\u00e0 depuis quelques jours (m\u00eame si chez certains il a d\u00e9j\u00e0 neig\u00e9 et que les temp\u00e9ratures n\u00e9gatives sont bien install\u00e9es), je me suis dit que c'\u00e9tait un th\u00e8me parfait pour vous donner des id\u00e9es pour votre bullet journal! Pour cette saison, il y a plusieurs th\u00e8mes qui se d\u00e9clinent facilement en dessins et en atmosph\u00e8re pour le journaling quotidien. <\/p>\n\n\n\n<!--more-->\n\n\n\n<div class=\"wp-block-image\"><figure class=\"aligncenter\"><a href=\"https:\/\/www.patreon.com\/cocondedeco\" target=\"_blank\" rel=\"noreferrer noopener\"><img loading=\"lazy\" decoding=\"async\" width=\"728\" height=\"90\" src=\"http:\/\/www.cocondedecoration.com\/blog\/wp-content\/uploads\/2021\/01\/banniere-patreon.png\" alt=\"\" class=\"wp-image-33877\" srcset=\"https:\/\/www.cocondedecoration.com\/blog\/wp-content\/uploads\/2021\/01\/banniere-patreon.png 728w, https:\/\/www.cocondedecoration.com\/blog\/wp-content\/uploads\/2021\/01\/banniere-patreon-260x32.png 260w, https:\/\/www.cocondedecoration.com\/blog\/wp-content\/uploads\/2021\/01\/banniere-patreon-640x79.png 640w, https:\/\/www.cocondedecoration.com\/blog\/wp-content\/uploads\/2021\/01\/banniere-patreon-465x57.png 465w, https:\/\/www.cocondedecoration.com\/blog\/wp-content\/uploads\/2021\/01\/banniere-patreon-695x86.png 695w\" sizes=\"(max-width: 728px) 100vw, 728px\" \/><\/a><\/figure><\/div>\n\n\n\n<p style=\"text-align:center\" class=\"has-background has-small-font-size has-very-light-gray-background-color\">Avant de poursuivre cet article, j'aimerai vous parler quelques instants de Patreon. C'est une plateforme en plus du blog sur laquelle vous pouvez devenir m\u00e9c\u00e8ne du blog. <br><strong>Pourquoi soutenir le blog?<\/strong> <br>Parce que c'est un travail consid\u00e9rable et m\u00eame si je le fais avec passion c'est aussi un travail pr\u00e9caire (<a rel=\"noreferrer noopener\" href=\"https:\/\/www.patreon.com\/posts\/en-quoi-consiste-86917611\" target=\"_blank\">je vous explique tout cela en d\u00e9tail dans ce post<\/a>). Si vous aimez l'article que vous \u00eates en train de lire, si vous me suivez sur les r\u00e9seaux sociaux ou encore si vous lisez r\u00e9guli\u00e8rement le blog, je vous serai reconnaissante de soutenir le blog via Patreon. Par ailleurs, en vous abonnant sur la plateforme vous acc\u00e9derez \u00e0 des contenus exclusifs pour vous remercier de votre soutien. C'est sans engagement et chaque contribution fera la diff\u00e9rence. Merci par avance de votre aide! <br><a rel=\"noreferrer noopener\" href=\"https:\/\/www.patreon.com\/cocondedeco\" target=\"_blank\"><strong>En savoir plus &amp; acc\u00e9der \u00e0 Patreon<\/strong><\/a><\/p>\n\n\n\n<div class=\"wp-block-columns has-2-columns is-layout-flex wp-container-core-columns-layout-1 wp-block-columns-is-layout-flex\">\n<div class=\"wp-block-column is-layout-flow wp-block-column-is-layout-flow\">\n<h2 class=\"wp-block-heading\">Bujo d'hiver - Neige et besoin de se r\u00e9chauffer<\/h2>\n\n\n\n<p>Il n'y a pas qu'en d\u00e9co qu'on a envie d'un univers cosy... Ca marche aussi pour le bullet journal. Page de garde, <a rel=\"noreferrer noopener\" aria-label=\"trackers (s\u2019ouvre dans un nouvel onglet)\" href=\"http:\/\/www.cocondedecoration.com\/blog\/2022\/10\/trackers-bullet-journal\/\" target=\"_blank\">trackers<\/a>, calendriers... passent en mode hivernal. Le froid et la neige contrastent avec les tasses de chocolat chaud, les plaids en laine ou encore le feu de la chemin\u00e9e. Les flocons de neige sont assez faciles \u00e0 dessiner, c'est int\u00e9ressant si vous manquez de temps pour d\u00e9corer votre journal. Tout ce qui est d\u00e9cor d'int\u00e9rieur prend un peu plus de temps mais je trouve \u00e7a tellement chaleureux. C'est un peu comme si on d\u00e9diait une intention au mois, celle de rester bien au chaud et profiter de la chaleur, <a href=\"http:\/\/www.cocondedecoration.com\/blog\/category\/tendances-deco\/un-interieur-cosy-moderne\/\" target=\"_blank\" rel=\"noreferrer noopener\" aria-label=\"du confort de son Home Sweet Home (s\u2019ouvre dans un nouvel onglet)\">du confort de son Home Sweet Home<\/a>. <\/p>\n\n\n\n<h2 class=\"wp-block-heading\">Vacances au ski et \u00e0 la montagne pour d\u00e9corer son bullet journal<\/h2>\n\n\n\n<p>De d\u00e9cembre \u00e0 mars, c'est la saison pour celles et ceux qui ont la chance de partir en vacances \u00e0 la montagne et faire du ski. C'est aussi un th\u00e8me que vous pouvez d\u00e9cliner dans votre bullet journal. On peut penser par exemple \u00e0 un joli d\u00e9cor naturel, des montagnes et des sapins couverts de neige, des doodles qui reprennent les activit\u00e9s que l'on pratique g\u00e9n\u00e9ralement en vacances d'hiver: patin \u00e0 glace, luge, ski... J'aime bien ce th\u00e8me parce qu'il <a rel=\"noreferrer noopener\" aria-label=\"fait r\u00e9f\u00e9rence \u00e0 la nature (s\u2019ouvre dans un nouvel onglet)\" href=\"http:\/\/www.cocondedecoration.com\/blog\/2022\/06\/bullet-journal-deco-nature\/\" target=\"_blank\">fait r\u00e9f\u00e9rence \u00e0 la nature<\/a> et c'est une th\u00e9matique qui m'est cher. <\/p>\n\n\n\n<h2 class=\"wp-block-heading\">Bullet journal en janvier - Nouvel An <\/h2>\n\n\n\n<p>Janvier arrive \u00e0 grand pas au moment o\u00f9 j'\u00e9cris cet article. La nouvelle ann\u00e9e est l'occasion de prendre de bonnes r\u00e9solutions, de <a rel=\"noreferrer noopener\" aria-label=\"faire le bilan (s\u2019ouvre dans un nouvel onglet)\" href=\"http:\/\/www.cocondedecoration.com\/blog\/2022\/12\/bilan-voyages-2022\/\" target=\"_blank\">faire le bilan<\/a> de l'ann\u00e9e \u00e9coul\u00e9e. Tout ceci peut trouver sa place dans votre bujo. Le nouvel an est aussi riche en symboles qui peuvent vous inspirer pour d\u00e9corer votre journal. Par exemple: des flutes de champagne, des feux d'artifice... Il y a une id\u00e9e de f\u00eate (et souvent <a href=\"http:\/\/www.cocondedecoration.com\/blog\/2022\/12\/decoration-nouvel-an-noir-et-or\/\" target=\"_blank\" rel=\"noreferrer noopener\" aria-label=\"de glamour (s\u2019ouvre dans un nouvel onglet)\">de glamour<\/a>) quand on commence l'ann\u00e9e. On peut aussi choisir le th\u00e8me du temps qui passe avec des horloges, r\u00e9veils et montres. Les rouages sont souvent tr\u00e8s graphiques et sympas \u00e0 dessiner! <\/p>\n\n\n\n<h2 class=\"wp-block-heading\">Quelles couleurs choisir pour donner \u00e0 son bujo des tonalit\u00e9s hivernales?<\/h2>\n\n\n\n<p>Les couleurs de l'hiver sont facilement identifiables. On a toute une palette de couleurs froides qui s'offre \u00e0 nous. Du gris, du bleu, du vert et \u00e9ventuellement du noir. Par petites touches, on peut aussi compter sur le pastel. <\/p>\n\n\n\n<p>Je vous laisse avec quelques images qui j'esp\u00e8re vous aideront \u00e0 trouver de l'inspiration pour d\u00e9corer votre journal en d\u00e9but d'ann\u00e9e! <\/p>\n<\/div>\n\n\n\n<div class=\"wp-block-column is-layout-flow wp-block-column-is-layout-flow\">\n<figure class=\"wp-block-image\"><img loading=\"lazy\" decoding=\"async\" width=\"640\" height=\"960\" src=\"http:\/\/www.cocondedecoration.com\/blog\/wp-content\/uploads\/2022\/12\/bujo-decoration-hiver-theme-640x960.jpeg\" alt=\"bujo decoration hiver theme janvier nouvelle ann\u00e9e temps horloge id\u00e9e\" class=\"wp-image-55540\" srcset=\"https:\/\/www.cocondedecoration.com\/blog\/wp-content\/uploads\/2022\/12\/bujo-decoration-hiver-theme-640x960.jpeg 640w, https:\/\/www.cocondedecoration.com\/blog\/wp-content\/uploads\/2022\/12\/bujo-decoration-hiver-theme-260x390.jpeg 260w, https:\/\/www.cocondedecoration.com\/blog\/wp-content\/uploads\/2022\/12\/bujo-decoration-hiver-theme-768x1152.jpeg 768w, https:\/\/www.cocondedecoration.com\/blog\/wp-content\/uploads\/2022\/12\/bujo-decoration-hiver-theme-367x550.jpeg 367w, https:\/\/www.cocondedecoration.com\/blog\/wp-content\/uploads\/2022\/12\/bujo-decoration-hiver-theme-333x500.jpeg 333w, https:\/\/www.cocondedecoration.com\/blog\/wp-content\/uploads\/2022\/12\/bujo-decoration-hiver-theme.jpeg 1000w\" sizes=\"(max-width: 640px) 100vw, 640px\" \/><figcaption>ohlade.com<\/figcaption><\/figure>\n\n\n\n<figure class=\"wp-block-image\"><img loading=\"lazy\" decoding=\"async\" width=\"640\" height=\"640\" src=\"http:\/\/www.cocondedecoration.com\/blog\/wp-content\/uploads\/2022\/12\/bujo-theme-hiver-exemple-640x640.jpeg\" alt=\"bujo theme hiver exemple tacker janvier paysage for\u00eat \" class=\"wp-image-55542\" srcset=\"https:\/\/www.cocondedecoration.com\/blog\/wp-content\/uploads\/2022\/12\/bujo-theme-hiver-exemple-640x640.jpeg 640w, https:\/\/www.cocondedecoration.com\/blog\/wp-content\/uploads\/2022\/12\/bujo-theme-hiver-exemple-165x165.jpeg 165w, https:\/\/www.cocondedecoration.com\/blog\/wp-content\/uploads\/2022\/12\/bujo-theme-hiver-exemple-260x260.jpeg 260w, https:\/\/www.cocondedecoration.com\/blog\/wp-content\/uploads\/2022\/12\/bujo-theme-hiver-exemple-768x768.jpeg 768w, https:\/\/www.cocondedecoration.com\/blog\/wp-content\/uploads\/2022\/12\/bujo-theme-hiver-exemple-465x465.jpeg 465w, https:\/\/www.cocondedecoration.com\/blog\/wp-content\/uploads\/2022\/12\/bujo-theme-hiver-exemple-500x500.jpeg 500w, https:\/\/www.cocondedecoration.com\/blog\/wp-content\/uploads\/2022\/12\/bujo-theme-hiver-exemple.jpeg 1432w\" sizes=\"(max-width: 640px) 100vw, 640px\" \/><figcaption>kellycreates.ca<\/figcaption><\/figure>\n<\/div>\n<\/div>\n\n\n\n<ul class=\"wp-block-gallery columns-3 is-cropped wp-block-gallery-1 is-layout-flex wp-block-gallery-is-layout-flex\"><li class=\"blocks-gallery-item\"><figure><img loading=\"lazy\" decoding=\"async\" width=\"640\" height=\"960\" src=\"http:\/\/www.cocondedecoration.com\/blog\/wp-content\/uploads\/2022\/12\/bullet-journal-decor-hiver-exemple-1-640x960.jpeg\" alt=\"bullet journal decor hiver exemple page de couverture janiver cercle facile bleu flocon de neige\" data-id=\"55336\" data-link=\"http:\/\/www.cocondedecoration.com\/blog\/?attachment_id=55336\" class=\"wp-image-55336\" srcset=\"https:\/\/www.cocondedecoration.com\/blog\/wp-content\/uploads\/2022\/12\/bullet-journal-decor-hiver-exemple-1-640x960.jpeg 640w, https:\/\/www.cocondedecoration.com\/blog\/wp-content\/uploads\/2022\/12\/bullet-journal-decor-hiver-exemple-1-260x390.jpeg 260w, https:\/\/www.cocondedecoration.com\/blog\/wp-content\/uploads\/2022\/12\/bullet-journal-decor-hiver-exemple-1-768x1152.jpeg 768w, https:\/\/www.cocondedecoration.com\/blog\/wp-content\/uploads\/2022\/12\/bullet-journal-decor-hiver-exemple-1-367x550.jpeg 367w, https:\/\/www.cocondedecoration.com\/blog\/wp-content\/uploads\/2022\/12\/bullet-journal-decor-hiver-exemple-1-333x500.jpeg 333w, https:\/\/www.cocondedecoration.com\/blog\/wp-content\/uploads\/2022\/12\/bullet-journal-decor-hiver-exemple-1.jpeg 1000w\" sizes=\"(max-width: 640px) 100vw, 640px\" \/><figcaption>angelagiles.com\n<\/figcaption><\/figure><\/li><li class=\"blocks-gallery-item\"><figure><img loading=\"lazy\" decoding=\"async\" width=\"640\" height=\"960\" src=\"http:\/\/www.cocondedecoration.com\/blog\/wp-content\/uploads\/2022\/12\/bullet-journal-decor-hiver-exemple-2-640x960.jpeg\" alt=\"bullet journal decor hiver exemple organisation semaine d\u00e9cor neige pingouin couleur bleu\" data-id=\"55337\" data-link=\"http:\/\/www.cocondedecoration.com\/blog\/?attachment_id=55337\" class=\"wp-image-55337\" srcset=\"https:\/\/www.cocondedecoration.com\/blog\/wp-content\/uploads\/2022\/12\/bullet-journal-decor-hiver-exemple-2-640x960.jpeg 640w, https:\/\/www.cocondedecoration.com\/blog\/wp-content\/uploads\/2022\/12\/bullet-journal-decor-hiver-exemple-2-260x390.jpeg 260w, https:\/\/www.cocondedecoration.com\/blog\/wp-content\/uploads\/2022\/12\/bullet-journal-decor-hiver-exemple-2-768x1152.jpeg 768w, https:\/\/www.cocondedecoration.com\/blog\/wp-content\/uploads\/2022\/12\/bullet-journal-decor-hiver-exemple-2-367x550.jpeg 367w, https:\/\/www.cocondedecoration.com\/blog\/wp-content\/uploads\/2022\/12\/bullet-journal-decor-hiver-exemple-2-333x500.jpeg 333w, https:\/\/www.cocondedecoration.com\/blog\/wp-content\/uploads\/2022\/12\/bullet-journal-decor-hiver-exemple-2.jpeg 1000w\" sizes=\"(max-width: 640px) 100vw, 640px\" \/><figcaption>aminoapps.com\n<\/figcaption><\/figure><\/li><li class=\"blocks-gallery-item\"><figure><img loading=\"lazy\" decoding=\"async\" width=\"640\" height=\"960\" src=\"http:\/\/www.cocondedecoration.com\/blog\/wp-content\/uploads\/2022\/12\/bullet-journal-decor-hiver-exemple-3-640x960.jpeg\" alt=\"bullet journal decor hiver exemple tuto dessin flocon de neige\" data-id=\"55338\" data-link=\"http:\/\/www.cocondedecoration.com\/blog\/?attachment_id=55338\" class=\"wp-image-55338\" srcset=\"https:\/\/www.cocondedecoration.com\/blog\/wp-content\/uploads\/2022\/12\/bullet-journal-decor-hiver-exemple-3-640x960.jpeg 640w, https:\/\/www.cocondedecoration.com\/blog\/wp-content\/uploads\/2022\/12\/bullet-journal-decor-hiver-exemple-3-260x390.jpeg 260w, https:\/\/www.cocondedecoration.com\/blog\/wp-content\/uploads\/2022\/12\/bullet-journal-decor-hiver-exemple-3-768x1152.jpeg 768w, https:\/\/www.cocondedecoration.com\/blog\/wp-content\/uploads\/2022\/12\/bullet-journal-decor-hiver-exemple-3-367x550.jpeg 367w, https:\/\/www.cocondedecoration.com\/blog\/wp-content\/uploads\/2022\/12\/bullet-journal-decor-hiver-exemple-3-333x500.jpeg 333w, https:\/\/www.cocondedecoration.com\/blog\/wp-content\/uploads\/2022\/12\/bullet-journal-decor-hiver-exemple-3.jpeg 1000w\" sizes=\"(max-width: 640px) 100vw, 640px\" \/><figcaption>Sv\u00e9d\u00e1n\u00e9 Edit via Pinterest<\/figcaption><\/figure><\/li><li class=\"blocks-gallery-item\"><figure><img loading=\"lazy\" decoding=\"async\" width=\"640\" height=\"960\" src=\"http:\/\/www.cocondedecoration.com\/blog\/wp-content\/uploads\/2022\/12\/bullet-journal-decor-hiver-exemple-4-640x960.jpeg\" alt=\"bullet journal decor hiver exemple mood tracker guirlande \u00e0 colorier ambiance cosy\" data-id=\"55339\" data-link=\"http:\/\/www.cocondedecoration.com\/blog\/?attachment_id=55339\" class=\"wp-image-55339\" srcset=\"https:\/\/www.cocondedecoration.com\/blog\/wp-content\/uploads\/2022\/12\/bullet-journal-decor-hiver-exemple-4-640x960.jpeg 640w, https:\/\/www.cocondedecoration.com\/blog\/wp-content\/uploads\/2022\/12\/bullet-journal-decor-hiver-exemple-4-260x390.jpeg 260w, https:\/\/www.cocondedecoration.com\/blog\/wp-content\/uploads\/2022\/12\/bullet-journal-decor-hiver-exemple-4-768x1152.jpeg 768w, https:\/\/www.cocondedecoration.com\/blog\/wp-content\/uploads\/2022\/12\/bullet-journal-decor-hiver-exemple-4-367x550.jpeg 367w, https:\/\/www.cocondedecoration.com\/blog\/wp-content\/uploads\/2022\/12\/bullet-journal-decor-hiver-exemple-4-333x500.jpeg 333w, https:\/\/www.cocondedecoration.com\/blog\/wp-content\/uploads\/2022\/12\/bullet-journal-decor-hiver-exemple-4.jpeg 1000w\" sizes=\"(max-width: 640px) 100vw, 640px\" \/><figcaption>crazylaura.com\n<\/figcaption><\/figure><\/li><li class=\"blocks-gallery-item\"><figure><img loading=\"lazy\" decoding=\"async\" width=\"640\" height=\"960\" src=\"http:\/\/www.cocondedecoration.com\/blog\/wp-content\/uploads\/2022\/12\/bullet-journal-decor-hiver-exemple-5-640x960.jpeg\" alt=\"bullet journal decor hiver exemple d\u00e9cor fen\u00eatre cosy inspiration rester \u00e0 l'int\u00e9rieur\" data-id=\"55340\" data-link=\"http:\/\/www.cocondedecoration.com\/blog\/?attachment_id=55340\" class=\"wp-image-55340\" srcset=\"https:\/\/www.cocondedecoration.com\/blog\/wp-content\/uploads\/2022\/12\/bullet-journal-decor-hiver-exemple-5-640x960.jpeg 640w, https:\/\/www.cocondedecoration.com\/blog\/wp-content\/uploads\/2022\/12\/bullet-journal-decor-hiver-exemple-5-260x390.jpeg 260w, https:\/\/www.cocondedecoration.com\/blog\/wp-content\/uploads\/2022\/12\/bullet-journal-decor-hiver-exemple-5-768x1152.jpeg 768w, https:\/\/www.cocondedecoration.com\/blog\/wp-content\/uploads\/2022\/12\/bullet-journal-decor-hiver-exemple-5-367x550.jpeg 367w, https:\/\/www.cocondedecoration.com\/blog\/wp-content\/uploads\/2022\/12\/bullet-journal-decor-hiver-exemple-5-333x500.jpeg 333w, https:\/\/www.cocondedecoration.com\/blog\/wp-content\/uploads\/2022\/12\/bullet-journal-decor-hiver-exemple-5.jpeg 1000w\" sizes=\"(max-width: 640px) 100vw, 640px\" \/><figcaption>MUNDO_WASHITAPE CHELO_AL_RO via Pinterest<\/figcaption><\/figure><\/li><li class=\"blocks-gallery-item\"><figure><img loading=\"lazy\" decoding=\"async\" width=\"640\" height=\"960\" src=\"http:\/\/www.cocondedecoration.com\/blog\/wp-content\/uploads\/2022\/12\/bullet-journal-decor-hiver-exemple-9-640x960.jpeg\" alt=\"bullet journal decor hiver exemple patin \u00e0 glace page de garde originale\" data-id=\"55346\" data-link=\"http:\/\/www.cocondedecoration.com\/blog\/?attachment_id=55346\" class=\"wp-image-55346\" srcset=\"https:\/\/www.cocondedecoration.com\/blog\/wp-content\/uploads\/2022\/12\/bullet-journal-decor-hiver-exemple-9-640x960.jpeg 640w, https:\/\/www.cocondedecoration.com\/blog\/wp-content\/uploads\/2022\/12\/bullet-journal-decor-hiver-exemple-9-260x390.jpeg 260w, https:\/\/www.cocondedecoration.com\/blog\/wp-content\/uploads\/2022\/12\/bullet-journal-decor-hiver-exemple-9-768x1152.jpeg 768w, https:\/\/www.cocondedecoration.com\/blog\/wp-content\/uploads\/2022\/12\/bullet-journal-decor-hiver-exemple-9-367x550.jpeg 367w, https:\/\/www.cocondedecoration.com\/blog\/wp-content\/uploads\/2022\/12\/bullet-journal-decor-hiver-exemple-9-333x500.jpeg 333w, https:\/\/www.cocondedecoration.com\/blog\/wp-content\/uploads\/2022\/12\/bullet-journal-decor-hiver-exemple-9.jpeg 1000w\" sizes=\"(max-width: 640px) 100vw, 640px\" \/><figcaption>artisthue.com\n<\/figcaption><\/figure><\/li><li class=\"blocks-gallery-item\"><figure><img loading=\"lazy\" decoding=\"async\" width=\"640\" height=\"960\" src=\"http:\/\/www.cocondedecoration.com\/blog\/wp-content\/uploads\/2022\/12\/bullet-journal-decor-hiver-exemple-6-640x960.jpeg\" alt=\"bullet journal decor hiver exemple boule \u00e0 neige mignon page de garde\" data-id=\"55341\" data-link=\"http:\/\/www.cocondedecoration.com\/blog\/?attachment_id=55341\" class=\"wp-image-55341\" srcset=\"https:\/\/www.cocondedecoration.com\/blog\/wp-content\/uploads\/2022\/12\/bullet-journal-decor-hiver-exemple-6-640x960.jpeg 640w, https:\/\/www.cocondedecoration.com\/blog\/wp-content\/uploads\/2022\/12\/bullet-journal-decor-hiver-exemple-6-260x390.jpeg 260w, https:\/\/www.cocondedecoration.com\/blog\/wp-content\/uploads\/2022\/12\/bullet-journal-decor-hiver-exemple-6-768x1152.jpeg 768w, https:\/\/www.cocondedecoration.com\/blog\/wp-content\/uploads\/2022\/12\/bullet-journal-decor-hiver-exemple-6-367x550.jpeg 367w, https:\/\/www.cocondedecoration.com\/blog\/wp-content\/uploads\/2022\/12\/bullet-journal-decor-hiver-exemple-6-333x500.jpeg 333w, https:\/\/www.cocondedecoration.com\/blog\/wp-content\/uploads\/2022\/12\/bullet-journal-decor-hiver-exemple-6.jpeg 1000w\" sizes=\"(max-width: 640px) 100vw, 640px\" \/><figcaption>MUNDO_WASHITAPE CHELO_AL_RO via Pinterest<\/figcaption><\/figure><\/li><li class=\"blocks-gallery-item\"><figure><img loading=\"lazy\" decoding=\"async\" width=\"640\" height=\"960\" src=\"http:\/\/www.cocondedecoration.com\/blog\/wp-content\/uploads\/2022\/12\/bullet-journal-decor-hiver-exemple-8-640x960.jpeg\" alt=\"bullet journal decor hiver exemple page de garde minimaliste noir et blanc sapin\" data-id=\"55344\" data-link=\"http:\/\/www.cocondedecoration.com\/blog\/?attachment_id=55344\" class=\"wp-image-55344\" srcset=\"https:\/\/www.cocondedecoration.com\/blog\/wp-content\/uploads\/2022\/12\/bullet-journal-decor-hiver-exemple-8-640x960.jpeg 640w, https:\/\/www.cocondedecoration.com\/blog\/wp-content\/uploads\/2022\/12\/bullet-journal-decor-hiver-exemple-8-260x390.jpeg 260w, https:\/\/www.cocondedecoration.com\/blog\/wp-content\/uploads\/2022\/12\/bullet-journal-decor-hiver-exemple-8-768x1152.jpeg 768w, https:\/\/www.cocondedecoration.com\/blog\/wp-content\/uploads\/2022\/12\/bullet-journal-decor-hiver-exemple-8-367x550.jpeg 367w, https:\/\/www.cocondedecoration.com\/blog\/wp-content\/uploads\/2022\/12\/bullet-journal-decor-hiver-exemple-8-333x500.jpeg 333w, https:\/\/www.cocondedecoration.com\/blog\/wp-content\/uploads\/2022\/12\/bullet-journal-decor-hiver-exemple-8.jpeg 1000w\" sizes=\"(max-width: 640px) 100vw, 640px\" \/><figcaption>bulletjournalsideas.com\n<\/figcaption><\/figure><\/li><li class=\"blocks-gallery-item\"><figure><img loading=\"lazy\" decoding=\"async\" width=\"640\" height=\"960\" src=\"http:\/\/www.cocondedecoration.com\/blog\/wp-content\/uploads\/2022\/12\/bullet-journal-decor-hiver-exemple-7-640x960.jpeg\" alt=\"bullet journal decor hiver exemple doodle tuto dessin gants bonnets tasse de chocolat cosy\" data-id=\"55342\" data-link=\"http:\/\/www.cocondedecoration.com\/blog\/?attachment_id=55342\" class=\"wp-image-55342\" srcset=\"https:\/\/www.cocondedecoration.com\/blog\/wp-content\/uploads\/2022\/12\/bullet-journal-decor-hiver-exemple-7-640x960.jpeg 640w, https:\/\/www.cocondedecoration.com\/blog\/wp-content\/uploads\/2022\/12\/bullet-journal-decor-hiver-exemple-7-260x390.jpeg 260w, https:\/\/www.cocondedecoration.com\/blog\/wp-content\/uploads\/2022\/12\/bullet-journal-decor-hiver-exemple-7-768x1152.jpeg 768w, https:\/\/www.cocondedecoration.com\/blog\/wp-content\/uploads\/2022\/12\/bullet-journal-decor-hiver-exemple-7-367x550.jpeg 367w, https:\/\/www.cocondedecoration.com\/blog\/wp-content\/uploads\/2022\/12\/bullet-journal-decor-hiver-exemple-7-333x500.jpeg 333w, https:\/\/www.cocondedecoration.com\/blog\/wp-content\/uploads\/2022\/12\/bullet-journal-decor-hiver-exemple-7.jpeg 1000w\" sizes=\"(max-width: 640px) 100vw, 640px\" \/><figcaption>crazylaura.com\n<\/figcaption><\/figure><\/li><\/ul>\n\n\n\n<ul class=\"wp-block-gallery columns-3 is-cropped wp-block-gallery-2 is-layout-flex wp-block-gallery-is-layout-flex\"><li class=\"blocks-gallery-item\"><figure><img loading=\"lazy\" decoding=\"async\" width=\"640\" height=\"960\" src=\"http:\/\/www.cocondedecoration.com\/blog\/wp-content\/uploads\/2022\/12\/deco-hiver-bujo-inspiration-1-640x960.jpeg\" alt=\"deco hiver bujo inspiration page de garde janvier nouvel ann\u00e9e feu d'artifice\" data-id=\"55343\" data-link=\"http:\/\/www.cocondedecoration.com\/blog\/?attachment_id=55343\" class=\"wp-image-55343\" srcset=\"https:\/\/www.cocondedecoration.com\/blog\/wp-content\/uploads\/2022\/12\/deco-hiver-bujo-inspiration-1-640x960.jpeg 640w, https:\/\/www.cocondedecoration.com\/blog\/wp-content\/uploads\/2022\/12\/deco-hiver-bujo-inspiration-1-260x390.jpeg 260w, https:\/\/www.cocondedecoration.com\/blog\/wp-content\/uploads\/2022\/12\/deco-hiver-bujo-inspiration-1-768x1152.jpeg 768w, https:\/\/www.cocondedecoration.com\/blog\/wp-content\/uploads\/2022\/12\/deco-hiver-bujo-inspiration-1-367x550.jpeg 367w, https:\/\/www.cocondedecoration.com\/blog\/wp-content\/uploads\/2022\/12\/deco-hiver-bujo-inspiration-1-333x500.jpeg 333w, https:\/\/www.cocondedecoration.com\/blog\/wp-content\/uploads\/2022\/12\/deco-hiver-bujo-inspiration-1.jpeg 1000w\" sizes=\"(max-width: 640px) 100vw, 640px\" \/><figcaption>atinydreamer.com\n<\/figcaption><\/figure><\/li><li class=\"blocks-gallery-item\"><figure><img loading=\"lazy\" decoding=\"async\" width=\"640\" height=\"960\" src=\"http:\/\/www.cocondedecoration.com\/blog\/wp-content\/uploads\/2022\/12\/deco-hiver-bujo-inspiration-2-640x960.jpeg\" alt=\"deco hiver bujo inspiration nouvel an champagne page de garde janvier\" data-id=\"55345\" data-link=\"http:\/\/www.cocondedecoration.com\/blog\/?attachment_id=55345\" class=\"wp-image-55345\" srcset=\"https:\/\/www.cocondedecoration.com\/blog\/wp-content\/uploads\/2022\/12\/deco-hiver-bujo-inspiration-2-640x960.jpeg 640w, https:\/\/www.cocondedecoration.com\/blog\/wp-content\/uploads\/2022\/12\/deco-hiver-bujo-inspiration-2-260x390.jpeg 260w, https:\/\/www.cocondedecoration.com\/blog\/wp-content\/uploads\/2022\/12\/deco-hiver-bujo-inspiration-2-768x1152.jpeg 768w, https:\/\/www.cocondedecoration.com\/blog\/wp-content\/uploads\/2022\/12\/deco-hiver-bujo-inspiration-2-367x550.jpeg 367w, https:\/\/www.cocondedecoration.com\/blog\/wp-content\/uploads\/2022\/12\/deco-hiver-bujo-inspiration-2-333x500.jpeg 333w, https:\/\/www.cocondedecoration.com\/blog\/wp-content\/uploads\/2022\/12\/deco-hiver-bujo-inspiration-2.jpeg 1000w\" sizes=\"(max-width: 640px) 100vw, 640px\" \/><figcaption>Demi Graham\n<\/figcaption><\/figure><\/li><li class=\"blocks-gallery-item\"><figure><img loading=\"lazy\" decoding=\"async\" width=\"640\" height=\"960\" src=\"http:\/\/www.cocondedecoration.com\/blog\/wp-content\/uploads\/2022\/12\/deco-hiver-bujo-inspiration-3-640x960.jpeg\" alt=\"deco hiver bujo inspiration page de harde janvier simple et facile \u00e0 r\u00e9aliser\" data-id=\"55347\" data-link=\"http:\/\/www.cocondedecoration.com\/blog\/?attachment_id=55347\" class=\"wp-image-55347\" srcset=\"https:\/\/www.cocondedecoration.com\/blog\/wp-content\/uploads\/2022\/12\/deco-hiver-bujo-inspiration-3-640x960.jpeg 640w, https:\/\/www.cocondedecoration.com\/blog\/wp-content\/uploads\/2022\/12\/deco-hiver-bujo-inspiration-3-260x390.jpeg 260w, https:\/\/www.cocondedecoration.com\/blog\/wp-content\/uploads\/2022\/12\/deco-hiver-bujo-inspiration-3-768x1152.jpeg 768w, https:\/\/www.cocondedecoration.com\/blog\/wp-content\/uploads\/2022\/12\/deco-hiver-bujo-inspiration-3-367x550.jpeg 367w, https:\/\/www.cocondedecoration.com\/blog\/wp-content\/uploads\/2022\/12\/deco-hiver-bujo-inspiration-3-333x500.jpeg 333w, https:\/\/www.cocondedecoration.com\/blog\/wp-content\/uploads\/2022\/12\/deco-hiver-bujo-inspiration-3.jpeg 1000w\" sizes=\"(max-width: 640px) 100vw, 640px\" \/><figcaption>beautifuldawndesigns.net\n<\/figcaption><\/figure><\/li><li class=\"blocks-gallery-item\"><figure><img loading=\"lazy\" decoding=\"async\" width=\"640\" height=\"960\" src=\"http:\/\/www.cocondedecoration.com\/blog\/wp-content\/uploads\/2022\/12\/deco-hiver-bujo-inspiration-4-640x960.jpeg\" alt=\"deco hiver bujo inspiration noir et blanc page de garde doodle janvier nouvel an\" data-id=\"55348\" data-link=\"http:\/\/www.cocondedecoration.com\/blog\/?attachment_id=55348\" class=\"wp-image-55348\" srcset=\"https:\/\/www.cocondedecoration.com\/blog\/wp-content\/uploads\/2022\/12\/deco-hiver-bujo-inspiration-4-640x960.jpeg 640w, https:\/\/www.cocondedecoration.com\/blog\/wp-content\/uploads\/2022\/12\/deco-hiver-bujo-inspiration-4-260x390.jpeg 260w, https:\/\/www.cocondedecoration.com\/blog\/wp-content\/uploads\/2022\/12\/deco-hiver-bujo-inspiration-4-768x1152.jpeg 768w, https:\/\/www.cocondedecoration.com\/blog\/wp-content\/uploads\/2022\/12\/deco-hiver-bujo-inspiration-4-367x550.jpeg 367w, https:\/\/www.cocondedecoration.com\/blog\/wp-content\/uploads\/2022\/12\/deco-hiver-bujo-inspiration-4-333x500.jpeg 333w, https:\/\/www.cocondedecoration.com\/blog\/wp-content\/uploads\/2022\/12\/deco-hiver-bujo-inspiration-4.jpeg 1000w\" sizes=\"(max-width: 640px) 100vw, 640px\" \/><figcaption>beautifuldawndesigns.net\n<\/figcaption><\/figure><\/li><li class=\"blocks-gallery-item\"><figure><img loading=\"lazy\" decoding=\"async\" width=\"640\" height=\"960\" src=\"http:\/\/www.cocondedecoration.com\/blog\/wp-content\/uploads\/2022\/12\/deco-hiver-bujo-inspiration-5-640x960.jpeg\" alt=\"deco hiver bujo inspiration tuto dessin montagne\" data-id=\"55349\" data-link=\"http:\/\/www.cocondedecoration.com\/blog\/?attachment_id=55349\" class=\"wp-image-55349\" srcset=\"https:\/\/www.cocondedecoration.com\/blog\/wp-content\/uploads\/2022\/12\/deco-hiver-bujo-inspiration-5-640x960.jpeg 640w, https:\/\/www.cocondedecoration.com\/blog\/wp-content\/uploads\/2022\/12\/deco-hiver-bujo-inspiration-5-260x390.jpeg 260w, https:\/\/www.cocondedecoration.com\/blog\/wp-content\/uploads\/2022\/12\/deco-hiver-bujo-inspiration-5-768x1152.jpeg 768w, https:\/\/www.cocondedecoration.com\/blog\/wp-content\/uploads\/2022\/12\/deco-hiver-bujo-inspiration-5-367x550.jpeg 367w, https:\/\/www.cocondedecoration.com\/blog\/wp-content\/uploads\/2022\/12\/deco-hiver-bujo-inspiration-5-333x500.jpeg 333w, https:\/\/www.cocondedecoration.com\/blog\/wp-content\/uploads\/2022\/12\/deco-hiver-bujo-inspiration-5.jpeg 1000w\" sizes=\"(max-width: 640px) 100vw, 640px\" \/><figcaption>kaylaloves.com\n<\/figcaption><\/figure><\/li><li class=\"blocks-gallery-item\"><figure><img loading=\"lazy\" decoding=\"async\" width=\"640\" height=\"960\" src=\"http:\/\/www.cocondedecoration.com\/blog\/wp-content\/uploads\/2022\/12\/deco-hiver-bujo-inspiration-6-640x960.jpeg\" alt=\"deco hiver bujo inspiration noir et blanc \u00e9l\u00e9gant page de garde montagne vacances au ski\" data-id=\"55350\" data-link=\"http:\/\/www.cocondedecoration.com\/blog\/?attachment_id=55350\" class=\"wp-image-55350\" srcset=\"https:\/\/www.cocondedecoration.com\/blog\/wp-content\/uploads\/2022\/12\/deco-hiver-bujo-inspiration-6-640x960.jpeg 640w, https:\/\/www.cocondedecoration.com\/blog\/wp-content\/uploads\/2022\/12\/deco-hiver-bujo-inspiration-6-260x390.jpeg 260w, https:\/\/www.cocondedecoration.com\/blog\/wp-content\/uploads\/2022\/12\/deco-hiver-bujo-inspiration-6-768x1152.jpeg 768w, https:\/\/www.cocondedecoration.com\/blog\/wp-content\/uploads\/2022\/12\/deco-hiver-bujo-inspiration-6-367x550.jpeg 367w, https:\/\/www.cocondedecoration.com\/blog\/wp-content\/uploads\/2022\/12\/deco-hiver-bujo-inspiration-6-333x500.jpeg 333w, https:\/\/www.cocondedecoration.com\/blog\/wp-content\/uploads\/2022\/12\/deco-hiver-bujo-inspiration-6.jpeg 1000w\" sizes=\"(max-width: 640px) 100vw, 640px\" \/><figcaption>mashaplans.com\n<\/figcaption><\/figure><\/li><li class=\"blocks-gallery-item\"><figure><img loading=\"lazy\" decoding=\"async\" width=\"640\" height=\"960\" src=\"http:\/\/www.cocondedecoration.com\/blog\/wp-content\/uploads\/2022\/12\/deco-hiver-bujo-inspiration-7-640x960.jpeg\" alt=\"deco hiver bujo inspiration page de garde montagne for\u00eat sapin bleu gris froid\" data-id=\"55351\" data-link=\"http:\/\/www.cocondedecoration.com\/blog\/?attachment_id=55351\" class=\"wp-image-55351\" srcset=\"https:\/\/www.cocondedecoration.com\/blog\/wp-content\/uploads\/2022\/12\/deco-hiver-bujo-inspiration-7-640x960.jpeg 640w, https:\/\/www.cocondedecoration.com\/blog\/wp-content\/uploads\/2022\/12\/deco-hiver-bujo-inspiration-7-260x390.jpeg 260w, https:\/\/www.cocondedecoration.com\/blog\/wp-content\/uploads\/2022\/12\/deco-hiver-bujo-inspiration-7-768x1152.jpeg 768w, https:\/\/www.cocondedecoration.com\/blog\/wp-content\/uploads\/2022\/12\/deco-hiver-bujo-inspiration-7-367x550.jpeg 367w, https:\/\/www.cocondedecoration.com\/blog\/wp-content\/uploads\/2022\/12\/deco-hiver-bujo-inspiration-7-333x500.jpeg 333w, https:\/\/www.cocondedecoration.com\/blog\/wp-content\/uploads\/2022\/12\/deco-hiver-bujo-inspiration-7.jpeg 1000w\" sizes=\"(max-width: 640px) 100vw, 640px\" \/><figcaption>\nLien vers l'avatar de Valerie Husemann | Soul &amp; Business Mentorin via Pinterest<\/figcaption><\/figure><\/li><li class=\"blocks-gallery-item\"><figure><img loading=\"lazy\" decoding=\"async\" width=\"640\" height=\"960\" src=\"http:\/\/www.cocondedecoration.com\/blog\/wp-content\/uploads\/2022\/12\/deco-hiver-bujo-inspiration-8-640x960.jpeg\" alt=\"deco hiver bujo inspiration page de garde d\u00e9cor montagne chalet neige sapin calendrier\" data-id=\"55352\" data-link=\"http:\/\/www.cocondedecoration.com\/blog\/?attachment_id=55352\" class=\"wp-image-55352\" srcset=\"https:\/\/www.cocondedecoration.com\/blog\/wp-content\/uploads\/2022\/12\/deco-hiver-bujo-inspiration-8-640x960.jpeg 640w, https:\/\/www.cocondedecoration.com\/blog\/wp-content\/uploads\/2022\/12\/deco-hiver-bujo-inspiration-8-260x390.jpeg 260w, https:\/\/www.cocondedecoration.com\/blog\/wp-content\/uploads\/2022\/12\/deco-hiver-bujo-inspiration-8-768x1152.jpeg 768w, https:\/\/www.cocondedecoration.com\/blog\/wp-content\/uploads\/2022\/12\/deco-hiver-bujo-inspiration-8-367x550.jpeg 367w, https:\/\/www.cocondedecoration.com\/blog\/wp-content\/uploads\/2022\/12\/deco-hiver-bujo-inspiration-8-333x500.jpeg 333w, https:\/\/www.cocondedecoration.com\/blog\/wp-content\/uploads\/2022\/12\/deco-hiver-bujo-inspiration-8.jpeg 1000w\" sizes=\"(max-width: 640px) 100vw, 640px\" \/><figcaption>crazylaura.com\n<\/figcaption><\/figure><\/li><li class=\"blocks-gallery-item\"><figure><img loading=\"lazy\" decoding=\"async\" width=\"640\" height=\"960\" src=\"http:\/\/www.cocondedecoration.com\/blog\/wp-content\/uploads\/2022\/12\/deco-hiver-bujo-inspiration-9-640x960.jpeg\" alt=\"deco hiver bujo inspiration page de garde janvier montagne noir et blanc minimaliste\" data-id=\"55353\" data-link=\"http:\/\/www.cocondedecoration.com\/blog\/?attachment_id=55353\" class=\"wp-image-55353\" srcset=\"https:\/\/www.cocondedecoration.com\/blog\/wp-content\/uploads\/2022\/12\/deco-hiver-bujo-inspiration-9-640x960.jpeg 640w, https:\/\/www.cocondedecoration.com\/blog\/wp-content\/uploads\/2022\/12\/deco-hiver-bujo-inspiration-9-260x390.jpeg 260w, https:\/\/www.cocondedecoration.com\/blog\/wp-content\/uploads\/2022\/12\/deco-hiver-bujo-inspiration-9-768x1152.jpeg 768w, https:\/\/www.cocondedecoration.com\/blog\/wp-content\/uploads\/2022\/12\/deco-hiver-bujo-inspiration-9-367x550.jpeg 367w, https:\/\/www.cocondedecoration.com\/blog\/wp-content\/uploads\/2022\/12\/deco-hiver-bujo-inspiration-9-333x500.jpeg 333w, https:\/\/www.cocondedecoration.com\/blog\/wp-content\/uploads\/2022\/12\/deco-hiver-bujo-inspiration-9.jpeg 1000w\" sizes=\"(max-width: 640px) 100vw, 640px\" \/><figcaption>raesdailypage.com\n<\/figcaption><\/figure><\/li><\/ul>\n\n\n\n<div class=\"wp-block-columns has-2-columns is-layout-flex wp-container-core-columns-layout-2 wp-block-columns-is-layout-flex\">\n<div class=\"wp-block-column is-layout-flow wp-block-column-is-layout-flow\"><div class='white' style='background:rgba(0,0,0,0); border:solid 0px rgba(0,0,0,0); border-radius:0px; padding:0px 0px 0px 0px;'>\n<div id='slider_63940' class='owl-carousel sa_owl_theme owl-pagination-true autohide-arrows' data-slider-id='slider_63940' style='visibility:hidden;'>\n<div id='slider_63940_slide01' class='sa_hover_container' style='padding:5% 5%; margin:0px 0%; '><p><img loading=\"lazy\" decoding=\"async\" class=\"aligncenter size-full wp-image-63942\" src=\"https:\/\/www.cocondedecoration.com\/blog\/wp-content\/uploads\/2023\/08\/fournitures-pour-tenir-un-journal-bullet-ou-voyage-1.jpeg\" alt=\"fournitures pour tenir un journal bullet ou voyage Carnet blanc souple - Saphir - 9 x 14 cm Moleskine\" width=\"500\" height=\"500\" srcset=\"https:\/\/www.cocondedecoration.com\/blog\/wp-content\/uploads\/2023\/08\/fournitures-pour-tenir-un-journal-bullet-ou-voyage-1.jpeg 500w, https:\/\/www.cocondedecoration.com\/blog\/wp-content\/uploads\/2023\/08\/fournitures-pour-tenir-un-journal-bullet-ou-voyage-1-165x165.jpeg 165w, https:\/\/www.cocondedecoration.com\/blog\/wp-content\/uploads\/2023\/08\/fournitures-pour-tenir-un-journal-bullet-ou-voyage-1-260x260.jpeg 260w, https:\/\/www.cocondedecoration.com\/blog\/wp-content\/uploads\/2023\/08\/fournitures-pour-tenir-un-journal-bullet-ou-voyage-1-465x465.jpeg 465w\" sizes=\"(max-width: 500px) 100vw, 500px\" \/><\/p><\/div>\n<div id='slider_63940_slide02' class='sa_hover_container' style='padding:5% 5%; margin:0px 0%; '><p><img loading=\"lazy\" decoding=\"async\" class=\"aligncenter size-full wp-image-63948\" src=\"https:\/\/www.cocondedecoration.com\/blog\/wp-content\/uploads\/2023\/08\/journal-creatif-fourniture-1.jpeg\" alt=\"journal creatif fourniture Aquarelle Japonaise Gansai Coffret 48 couleurs\" width=\"500\" height=\"500\" srcset=\"https:\/\/www.cocondedecoration.com\/blog\/wp-content\/uploads\/2023\/08\/journal-creatif-fourniture-1.jpeg 500w, https:\/\/www.cocondedecoration.com\/blog\/wp-content\/uploads\/2023\/08\/journal-creatif-fourniture-1-165x165.jpeg 165w, https:\/\/www.cocondedecoration.com\/blog\/wp-content\/uploads\/2023\/08\/journal-creatif-fourniture-1-260x260.jpeg 260w, https:\/\/www.cocondedecoration.com\/blog\/wp-content\/uploads\/2023\/08\/journal-creatif-fourniture-1-465x465.jpeg 465w\" sizes=\"(max-width: 500px) 100vw, 500px\" \/><\/p><\/div>\n<div id='slider_63940_slide03' class='sa_hover_container' style='padding:5% 5%; margin:0px 0%; '><p><img loading=\"lazy\" decoding=\"async\" class=\"aligncenter size-full wp-image-63953\" src=\"https:\/\/www.cocondedecoration.com\/blog\/wp-content\/uploads\/2023\/08\/fourniture-journal-creatif-pas-cher-1.jpeg\" alt=\"fourniture journal creatif pas cher Trousse \u00e0 bijoux jaune Flower Power\" width=\"500\" height=\"500\" srcset=\"https:\/\/www.cocondedecoration.com\/blog\/wp-content\/uploads\/2023\/08\/fourniture-journal-creatif-pas-cher-1.jpeg 500w, https:\/\/www.cocondedecoration.com\/blog\/wp-content\/uploads\/2023\/08\/fourniture-journal-creatif-pas-cher-1-165x165.jpeg 165w, https:\/\/www.cocondedecoration.com\/blog\/wp-content\/uploads\/2023\/08\/fourniture-journal-creatif-pas-cher-1-260x260.jpeg 260w, https:\/\/www.cocondedecoration.com\/blog\/wp-content\/uploads\/2023\/08\/fourniture-journal-creatif-pas-cher-1-465x465.jpeg 465w\" sizes=\"(max-width: 500px) 100vw, 500px\" \/><\/p><\/div>\n<div id='slider_63940_slide04' class='sa_hover_container' style='padding:5% 5%; margin:0px 0%; '><p><img loading=\"lazy\" decoding=\"async\" class=\"aligncenter size-full wp-image-63943\" src=\"https:\/\/www.cocondedecoration.com\/blog\/wp-content\/uploads\/2023\/08\/fournitures-pour-tenir-un-journal-bullet-ou-voyage-2.jpeg\" alt=\"fournitures pour tenir un journal bullet ou voyage Lot de 4 feutres \u00e0 pointe calibr\u00e9e\" width=\"500\" height=\"500\" srcset=\"https:\/\/www.cocondedecoration.com\/blog\/wp-content\/uploads\/2023\/08\/fournitures-pour-tenir-un-journal-bullet-ou-voyage-2.jpeg 500w, https:\/\/www.cocondedecoration.com\/blog\/wp-content\/uploads\/2023\/08\/fournitures-pour-tenir-un-journal-bullet-ou-voyage-2-165x165.jpeg 165w, https:\/\/www.cocondedecoration.com\/blog\/wp-content\/uploads\/2023\/08\/fournitures-pour-tenir-un-journal-bullet-ou-voyage-2-260x260.jpeg 260w, https:\/\/www.cocondedecoration.com\/blog\/wp-content\/uploads\/2023\/08\/fournitures-pour-tenir-un-journal-bullet-ou-voyage-2-465x465.jpeg 465w\" sizes=\"(max-width: 500px) 100vw, 500px\" \/><\/p><\/div>\n<div id='slider_63940_slide05' class='sa_hover_container' style='padding:5% 5%; margin:0px 0%; '><p><img loading=\"lazy\" decoding=\"async\" class=\"aligncenter size-full wp-image-63949\" src=\"https:\/\/www.cocondedecoration.com\/blog\/wp-content\/uploads\/2023\/08\/journal-creatif-fourniture-2.jpeg\" alt=\"journal creatif fourniture Coffret Scribe Pen stylo +3 plumes\" width=\"500\" height=\"500\" srcset=\"https:\/\/www.cocondedecoration.com\/blog\/wp-content\/uploads\/2023\/08\/journal-creatif-fourniture-2.jpeg 500w, https:\/\/www.cocondedecoration.com\/blog\/wp-content\/uploads\/2023\/08\/journal-creatif-fourniture-2-165x165.jpeg 165w, https:\/\/www.cocondedecoration.com\/blog\/wp-content\/uploads\/2023\/08\/journal-creatif-fourniture-2-260x260.jpeg 260w, https:\/\/www.cocondedecoration.com\/blog\/wp-content\/uploads\/2023\/08\/journal-creatif-fourniture-2-465x465.jpeg 465w\" sizes=\"(max-width: 500px) 100vw, 500px\" \/><\/p><\/div>\n<div id='slider_63940_slide06' class='sa_hover_container' style='padding:5% 5%; margin:0px 0%; '><p><img loading=\"lazy\" decoding=\"async\" class=\"aligncenter size-full wp-image-63954\" src=\"https:\/\/www.cocondedecoration.com\/blog\/wp-content\/uploads\/2023\/08\/fourniture-journal-creatif-pas-cher-2.jpeg\" alt=\"fourniture journal creatif pas cher Roll' stamp tampon \u00e0 molette To do list\" width=\"500\" height=\"500\" srcset=\"https:\/\/www.cocondedecoration.com\/blog\/wp-content\/uploads\/2023\/08\/fourniture-journal-creatif-pas-cher-2.jpeg 500w, https:\/\/www.cocondedecoration.com\/blog\/wp-content\/uploads\/2023\/08\/fourniture-journal-creatif-pas-cher-2-165x165.jpeg 165w, https:\/\/www.cocondedecoration.com\/blog\/wp-content\/uploads\/2023\/08\/fourniture-journal-creatif-pas-cher-2-260x260.jpeg 260w, https:\/\/www.cocondedecoration.com\/blog\/wp-content\/uploads\/2023\/08\/fourniture-journal-creatif-pas-cher-2-465x465.jpeg 465w\" sizes=\"(max-width: 500px) 100vw, 500px\" \/><\/p><\/div>\n<div id='slider_63940_slide07' class='sa_hover_container' style='padding:5% 5%; margin:0px 0%; '><p><img loading=\"lazy\" decoding=\"async\" class=\"aligncenter size-full wp-image-63944\" src=\"https:\/\/www.cocondedecoration.com\/blog\/wp-content\/uploads\/2023\/08\/fournitures-pour-tenir-un-journal-bullet-ou-voyage-3.jpeg\" alt=\"fournitures pour tenir un journal bullet ou voyage Bullet Journal Edition 2 - Papier 120 g - Noir\" width=\"500\" height=\"500\" srcset=\"https:\/\/www.cocondedecoration.com\/blog\/wp-content\/uploads\/2023\/08\/fournitures-pour-tenir-un-journal-bullet-ou-voyage-3.jpeg 500w, https:\/\/www.cocondedecoration.com\/blog\/wp-content\/uploads\/2023\/08\/fournitures-pour-tenir-un-journal-bullet-ou-voyage-3-165x165.jpeg 165w, https:\/\/www.cocondedecoration.com\/blog\/wp-content\/uploads\/2023\/08\/fournitures-pour-tenir-un-journal-bullet-ou-voyage-3-260x260.jpeg 260w, https:\/\/www.cocondedecoration.com\/blog\/wp-content\/uploads\/2023\/08\/fournitures-pour-tenir-un-journal-bullet-ou-voyage-3-465x465.jpeg 465w\" sizes=\"(max-width: 500px) 100vw, 500px\" \/><\/p><\/div>\n<div id='slider_63940_slide08' class='sa_hover_container' style='padding:5% 5%; margin:0px 0%; '><p><img loading=\"lazy\" decoding=\"async\" class=\"aligncenter size-full wp-image-63950\" src=\"https:\/\/www.cocondedecoration.com\/blog\/wp-content\/uploads\/2023\/08\/journal-creatif-fourniture-3.jpeg\" alt=\"journal creatif fourniture Feutre de calligraphie Pitt Artist Pen Set Hand Lettering 3 noirs + Rouge\" width=\"500\" height=\"500\" srcset=\"https:\/\/www.cocondedecoration.com\/blog\/wp-content\/uploads\/2023\/08\/journal-creatif-fourniture-3.jpeg 500w, https:\/\/www.cocondedecoration.com\/blog\/wp-content\/uploads\/2023\/08\/journal-creatif-fourniture-3-165x165.jpeg 165w, https:\/\/www.cocondedecoration.com\/blog\/wp-content\/uploads\/2023\/08\/journal-creatif-fourniture-3-260x260.jpeg 260w, https:\/\/www.cocondedecoration.com\/blog\/wp-content\/uploads\/2023\/08\/journal-creatif-fourniture-3-465x465.jpeg 465w\" sizes=\"(max-width: 500px) 100vw, 500px\" \/><\/p><\/div>\n<div id='slider_63940_slide09' class='sa_hover_container' style='padding:5% 5%; margin:0px 0%; '><p><img loading=\"lazy\" decoding=\"async\" class=\"aligncenter size-full wp-image-63955\" src=\"https:\/\/www.cocondedecoration.com\/blog\/wp-content\/uploads\/2023\/08\/fourniture-journal-creatif-pas-cher-3.jpeg\" alt=\"fourniture journal creatif pas cher Set 8 posca pointe moyenne pastel\" width=\"500\" height=\"500\" srcset=\"https:\/\/www.cocondedecoration.com\/blog\/wp-content\/uploads\/2023\/08\/fourniture-journal-creatif-pas-cher-3.jpeg 500w, https:\/\/www.cocondedecoration.com\/blog\/wp-content\/uploads\/2023\/08\/fourniture-journal-creatif-pas-cher-3-165x165.jpeg 165w, https:\/\/www.cocondedecoration.com\/blog\/wp-content\/uploads\/2023\/08\/fourniture-journal-creatif-pas-cher-3-260x260.jpeg 260w, https:\/\/www.cocondedecoration.com\/blog\/wp-content\/uploads\/2023\/08\/fourniture-journal-creatif-pas-cher-3-465x465.jpeg 465w\" sizes=\"(max-width: 500px) 100vw, 500px\" \/><\/p><\/div>\n<div id='slider_63940_slide10' class='sa_hover_container' style='padding:5% 5%; margin:0px 0%; '><p><img loading=\"lazy\" decoding=\"async\" class=\"aligncenter size-full wp-image-63945\" src=\"https:\/\/www.cocondedecoration.com\/blog\/wp-content\/uploads\/2023\/08\/fournitures-pour-tenir-un-journal-bullet-ou-voyage-4.jpeg\" alt=\"fournitures pour tenir un journal bullet ou voyage Set de 8 marqueurs Posca trait extra fin 0,7 mm\" width=\"500\" height=\"500\" srcset=\"https:\/\/www.cocondedecoration.com\/blog\/wp-content\/uploads\/2023\/08\/fournitures-pour-tenir-un-journal-bullet-ou-voyage-4.jpeg 500w, https:\/\/www.cocondedecoration.com\/blog\/wp-content\/uploads\/2023\/08\/fournitures-pour-tenir-un-journal-bullet-ou-voyage-4-165x165.jpeg 165w, https:\/\/www.cocondedecoration.com\/blog\/wp-content\/uploads\/2023\/08\/fournitures-pour-tenir-un-journal-bullet-ou-voyage-4-260x260.jpeg 260w, https:\/\/www.cocondedecoration.com\/blog\/wp-content\/uploads\/2023\/08\/fournitures-pour-tenir-un-journal-bullet-ou-voyage-4-465x465.jpeg 465w\" sizes=\"(max-width: 500px) 100vw, 500px\" \/><\/p><\/div>\n<div id='slider_63940_slide11' class='sa_hover_container' style='padding:5% 5%; margin:0px 0%; '><p><img loading=\"lazy\" decoding=\"async\" class=\"aligncenter size-full wp-image-63951\" src=\"https:\/\/www.cocondedecoration.com\/blog\/wp-content\/uploads\/2023\/08\/journal-creatif-fourniture-4.jpeg\" alt=\"journal creatif fourniture Masking Tape Slim 7 m x 6 mm D\u00e9co D 3 pcs\" width=\"500\" height=\"500\" srcset=\"https:\/\/www.cocondedecoration.com\/blog\/wp-content\/uploads\/2023\/08\/journal-creatif-fourniture-4.jpeg 500w, https:\/\/www.cocondedecoration.com\/blog\/wp-content\/uploads\/2023\/08\/journal-creatif-fourniture-4-165x165.jpeg 165w, https:\/\/www.cocondedecoration.com\/blog\/wp-content\/uploads\/2023\/08\/journal-creatif-fourniture-4-260x260.jpeg 260w, https:\/\/www.cocondedecoration.com\/blog\/wp-content\/uploads\/2023\/08\/journal-creatif-fourniture-4-465x465.jpeg 465w\" sizes=\"(max-width: 500px) 100vw, 500px\" \/><\/p><\/div>\n<div id='slider_63940_slide12' class='sa_hover_container' style='padding:5% 5%; margin:0px 0%; '><p><img loading=\"lazy\" decoding=\"async\" class=\"aligncenter size-full wp-image-63956\" src=\"https:\/\/www.cocondedecoration.com\/blog\/wp-content\/uploads\/2023\/08\/fourniture-journal-creatif-pas-cher-4.jpeg\" alt=\"fourniture journal creatif pas cher Album en kraft noir 40 pages A4\" width=\"500\" height=\"500\" srcset=\"https:\/\/www.cocondedecoration.com\/blog\/wp-content\/uploads\/2023\/08\/fourniture-journal-creatif-pas-cher-4.jpeg 500w, https:\/\/www.cocondedecoration.com\/blog\/wp-content\/uploads\/2023\/08\/fourniture-journal-creatif-pas-cher-4-165x165.jpeg 165w, https:\/\/www.cocondedecoration.com\/blog\/wp-content\/uploads\/2023\/08\/fourniture-journal-creatif-pas-cher-4-260x260.jpeg 260w, https:\/\/www.cocondedecoration.com\/blog\/wp-content\/uploads\/2023\/08\/fourniture-journal-creatif-pas-cher-4-465x465.jpeg 465w\" sizes=\"(max-width: 500px) 100vw, 500px\" \/><\/p><\/div>\n<div id='slider_63940_slide13' class='sa_hover_container' style='padding:5% 5%; margin:0px 0%; '><p><img loading=\"lazy\" decoding=\"async\" class=\"aligncenter size-full wp-image-63946\" src=\"https:\/\/www.cocondedecoration.com\/blog\/wp-content\/uploads\/2023\/08\/fournitures-pour-tenir-un-journal-bullet-ou-voyage-5.jpeg\" alt=\"fournitures pour tenir un journal bullet ou voyage 3 carnets unis 100g - 32 pages - A6\" width=\"500\" height=\"500\" srcset=\"https:\/\/www.cocondedecoration.com\/blog\/wp-content\/uploads\/2023\/08\/fournitures-pour-tenir-un-journal-bullet-ou-voyage-5.jpeg 500w, https:\/\/www.cocondedecoration.com\/blog\/wp-content\/uploads\/2023\/08\/fournitures-pour-tenir-un-journal-bullet-ou-voyage-5-165x165.jpeg 165w, https:\/\/www.cocondedecoration.com\/blog\/wp-content\/uploads\/2023\/08\/fournitures-pour-tenir-un-journal-bullet-ou-voyage-5-260x260.jpeg 260w, https:\/\/www.cocondedecoration.com\/blog\/wp-content\/uploads\/2023\/08\/fournitures-pour-tenir-un-journal-bullet-ou-voyage-5-465x465.jpeg 465w\" sizes=\"(max-width: 500px) 100vw, 500px\" \/><\/p><\/div>\n<div id='slider_63940_slide14' class='sa_hover_container' style='padding:5% 5%; margin:0px 0%; '><p><img loading=\"lazy\" decoding=\"async\" class=\"aligncenter size-full wp-image-63952\" src=\"https:\/\/www.cocondedecoration.com\/blog\/wp-content\/uploads\/2023\/08\/journal-creatif-fourniture-5.jpeg\" alt=\"journal creatif fourniture Ruban adh\u00e9sif Washi Tape Colorblock 15 &amp; 30 mm x 5 m Fleurs\" width=\"500\" height=\"500\" srcset=\"https:\/\/www.cocondedecoration.com\/blog\/wp-content\/uploads\/2023\/08\/journal-creatif-fourniture-5.jpeg 500w, https:\/\/www.cocondedecoration.com\/blog\/wp-content\/uploads\/2023\/08\/journal-creatif-fourniture-5-165x165.jpeg 165w, https:\/\/www.cocondedecoration.com\/blog\/wp-content\/uploads\/2023\/08\/journal-creatif-fourniture-5-260x260.jpeg 260w, https:\/\/www.cocondedecoration.com\/blog\/wp-content\/uploads\/2023\/08\/journal-creatif-fourniture-5-465x465.jpeg 465w\" sizes=\"(max-width: 500px) 100vw, 500px\" \/><\/p><\/div>\n<div id='slider_63940_slide15' class='sa_hover_container' style='padding:5% 5%; margin:0px 0%; '><p><img loading=\"lazy\" decoding=\"async\" class=\"aligncenter size-full wp-image-63957\" src=\"https:\/\/www.cocondedecoration.com\/blog\/wp-content\/uploads\/2023\/08\/fourniture-journal-creatif-pas-cher-5.jpeg\" alt=\"fourniture journal creatif pas cher  Imprimante cr\u00e9ative mobile COLOP E-MARK GO Imprimante cr\u00e9ative mobile\" width=\"500\" height=\"500\" srcset=\"https:\/\/www.cocondedecoration.com\/blog\/wp-content\/uploads\/2023\/08\/fourniture-journal-creatif-pas-cher-5.jpeg 500w, https:\/\/www.cocondedecoration.com\/blog\/wp-content\/uploads\/2023\/08\/fourniture-journal-creatif-pas-cher-5-165x165.jpeg 165w, https:\/\/www.cocondedecoration.com\/blog\/wp-content\/uploads\/2023\/08\/fourniture-journal-creatif-pas-cher-5-260x260.jpeg 260w, https:\/\/www.cocondedecoration.com\/blog\/wp-content\/uploads\/2023\/08\/fourniture-journal-creatif-pas-cher-5-465x465.jpeg 465w\" sizes=\"(max-width: 500px) 100vw, 500px\" \/><\/p><\/div>\n<\/div>\n<\/div>\n<script type='text\/javascript'>\n\tjQuery(document).ready(function() {\n\t\tjQuery('#slider_63940').owlCarousel({\n\t\t\titems : 1,\n\t\t\tsmartSpeed : 200,\n\t\t\tautoplay : true,\n\t\t\tautoplayTimeout : 5000,\n\t\t\tautoplayHoverPause : true,\n\t\t\tsmartSpeed : 200,\n\t\t\tfluidSpeed : 200,\n\t\t\tautoplaySpeed : 200,\n\t\t\tnavSpeed : 200,\n\t\t\tdotsSpeed : 200,\n\t\t\tloop : true,\n\t\t\tnav : true,\n\t\t\tnavText : ['Previous','Next'],\n\t\t\tdots : true,\n\t\t\tresponsiveRefreshRate : 200,\n\t\t\tslideBy : 1,\n\t\t\tmergeFit : true,\n\t\t\tautoHeight : false,\n\t\t\tmouseDrag : false,\n\t\t\ttouchDrag : true\n\t\t});\n\t\tjQuery('#slider_63940').css('visibility', 'visible');\n\t\tsa_resize_slider_63940();\n\t\twindow.addEventListener('resize', sa_resize_slider_63940);\n\t\tfunction sa_resize_slider_63940() {\n\t\t\tvar min_height = '50';\n\t\t\tvar win_width = jQuery(window).width();\n\t\t\tvar slider_width = jQuery('#slider_63940').width();\n\t\t\tif (win_width < 480) {\n\t\t\t\tvar slide_width = slider_width \/ 1;\n\t\t\t} else if (win_width < 768) {\n\t\t\t\tvar slide_width = slider_width \/ 1;\n\t\t\t} else if (win_width < 980) {\n\t\t\t\tvar slide_width = slider_width \/ 1;\n\t\t\t} else if (win_width < 1200) {\n\t\t\t\tvar slide_width = slider_width \/ 1;\n\t\t\t} else if (win_width < 1500) {\n\t\t\t\tvar slide_width = slider_width \/ 1;\n\t\t\t} else {\n\t\t\t\tvar slide_width = slider_width \/ 1;\n\t\t\t}\n\t\t\tslide_width = Math.round(slide_width);\n\t\t\tvar slide_height = '0';\n\t\t\tif (min_height == 'aspect43') {\n\t\t\t\tslide_height = (slide_width \/ 4) * 3;\t\t\t\tslide_height = Math.round(slide_height);\n\t\t\t} else if (min_height == 'aspect169') {\n\t\t\t\tslide_height = (slide_width \/ 16) * 9;\t\t\t\tslide_height = Math.round(slide_height);\n\t\t\t} else {\n\t\t\t\tslide_height = (slide_width \/ 100) * min_height;\t\t\t\tslide_height = Math.round(slide_height);\n\t\t\t}\n\t\t\tjQuery('#slider_63940 .owl-item .sa_hover_container').css('min-height', slide_height+'px');\n\t\t}\n\t\tvar owl_goto = jQuery('#slider_63940');\n\t\tjQuery('.slider_63940_goto1').click(function(event){\n\t\t\towl_goto.trigger('to.owl.carousel', 0);\n\t\t});\n\t\tjQuery('.slider_63940_goto2').click(function(event){\n\t\t\towl_goto.trigger('to.owl.carousel', 1);\n\t\t});\n\t\tjQuery('.slider_63940_goto3').click(function(event){\n\t\t\towl_goto.trigger('to.owl.carousel', 2);\n\t\t});\n\t\tjQuery('.slider_63940_goto4').click(function(event){\n\t\t\towl_goto.trigger('to.owl.carousel', 3);\n\t\t});\n\t\tjQuery('.slider_63940_goto5').click(function(event){\n\t\t\towl_goto.trigger('to.owl.carousel', 4);\n\t\t});\n\t\tjQuery('.slider_63940_goto6').click(function(event){\n\t\t\towl_goto.trigger('to.owl.carousel', 5);\n\t\t});\n\t\tjQuery('.slider_63940_goto7').click(function(event){\n\t\t\towl_goto.trigger('to.owl.carousel', 6);\n\t\t});\n\t\tjQuery('.slider_63940_goto8').click(function(event){\n\t\t\towl_goto.trigger('to.owl.carousel', 7);\n\t\t});\n\t\tjQuery('.slider_63940_goto9').click(function(event){\n\t\t\towl_goto.trigger('to.owl.carousel', 8);\n\t\t});\n\t\tjQuery('.slider_63940_goto10').click(function(event){\n\t\t\towl_goto.trigger('to.owl.carousel', 9);\n\t\t});\n\t\tjQuery('.slider_63940_goto11').click(function(event){\n\t\t\towl_goto.trigger('to.owl.carousel', 10);\n\t\t});\n\t\tjQuery('.slider_63940_goto12').click(function(event){\n\t\t\towl_goto.trigger('to.owl.carousel', 11);\n\t\t});\n\t\tjQuery('.slider_63940_goto13').click(function(event){\n\t\t\towl_goto.trigger('to.owl.carousel', 12);\n\t\t});\n\t\tjQuery('.slider_63940_goto14').click(function(event){\n\t\t\towl_goto.trigger('to.owl.carousel', 13);\n\t\t});\n\t\tjQuery('.slider_63940_goto15').click(function(event){\n\t\t\towl_goto.trigger('to.owl.carousel', 14);\n\t\t});\n\t\tvar resize_63940 = jQuery('.owl-carousel');\n\t\tresize_63940.on('initialized.owl.carousel', function(e) {\n\t\t\tif (typeof(Event) === 'function') {\n\t\t\t\twindow.dispatchEvent(new Event('resize'));\n\t\t\t} else {\n\t\t\t\tvar evt = window.document.createEvent('UIEvents');\n\t\t\t\tevt.initUIEvent('resize', true, false, window, 0);\n\t\t\t\twindow.dispatchEvent(evt);\n\t\t\t}\n\t\t});\n\t});\n<\/script>\n\n<\/div>\n\n\n\n<div class=\"wp-block-column is-layout-flow wp-block-column-is-layout-flow\">\n<p style=\"text-align:center\" class=\"has-medium-font-size\">Fournitures pour se lancer dans le journaling <\/p>\n\n\n\n<ol><li><a rel=\"noreferrer noopener\" aria-label=\"Carnet blanc souple - Saphir - 9 x 14 cm (s\u2019ouvre dans un nouvel onglet)\" href=\"https:\/\/lpc.scrapmalin.com\/?P4BB7D56CE39171&amp;redir=https%3A%2F%2Fwww.scrapmalin.com%2Fproduct%2Fcarnet-blanc-souple-saphir-9-x-14-cm\" target=\"_blank\">Carnet blanc souple - Saphir - 9 x 14 cm<\/a> - Scrapmalin <\/li><li><a rel=\"noreferrer noopener\" aria-label=\"Aquarelle Japonaise Gansai Coffret 48 couleurs (s\u2019ouvre dans un nouvel onglet)\" href=\"https:\/\/afi.rougier-ple.fr\/?P4826956CE391B1&amp;redir=https%3A%2F%2Fwww.rougier-ple.fr%2Faquarelle-japonaise-gansai-coffret-48-couleurs.r.html\" target=\"_blank\">Aquarelle Japonaise Gansai Coffret 48 couleurs<\/a> - Rougier &amp; Pl\u00e9<\/li><li><a rel=\"noreferrer noopener\" href=\"https:\/\/tracking.publicidees.com\/clic.php?progid=7565&amp;partid=62427&amp;dpl=https%3A%2F%2Fwww.zodio.fr%2Ftrousse-a-bijoux-jaune-flower-power.html\" target=\"_blank\">Trousse \u00e0 compartiments jaune<\/a> - Z\u00f4dio <\/li><li><a rel=\"noreferrer noopener\" aria-label=\"Lot de 4 feutres \u00e0 pointe calibr\u00e9e (s\u2019ouvre dans un nouvel onglet)\" href=\"https:\/\/lpc.scrapmalin.com\/?P4BB7D56CE39171&amp;redir=https%3A%2F%2Fwww.scrapmalin.com%2Fproduct%2Flot-de-4-feutres-a-pointe-calibree\" target=\"_blank\">Lot de 4 feutres \u00e0 pointe calibr\u00e9e<\/a> - Scrapmalin<\/li><li><a rel=\"noreferrer noopener\" aria-label=\"Coffret Scribe Pen stylo +3 plumes (s\u2019ouvre dans un nouvel onglet)\" href=\"https:\/\/afi.rougier-ple.fr\/?P4826956CE391B1&amp;redir=https%3A%2F%2Fwww.rougier-ple.fr%2Fetui-metal-scribe-pen-3-becs-stylo.r.html\" target=\"_blank\">Coffret Scribe Pen stylo +3 plumes<\/a> - Rougier &amp; Pl\u00e9<\/li><li><a rel=\"noreferrer noopener\" href=\"https:\/\/tracking.publicidees.com\/clic.php?progid=7565&amp;partid=62427&amp;dpl=https%3A%2F%2Fwww.zodio.fr%2Froll-stamp-tampon-a-molette-to-do-list.html\" target=\"_blank\">Roll' stamp tampon \u00e0 molette To do list<\/a> - Z\u00f4dio <\/li><li><a rel=\"noreferrer noopener\" aria-label=\"Bullet Journal Edition 2 - Papier 120 g - Noir  (s\u2019ouvre dans un nouvel onglet)\" href=\"https:\/\/lpc.scrapmalin.com\/?P4BB7D56CE39171&amp;redir=https%3A%2F%2Fwww.scrapmalin.com%2Fproduct%2Fnoir-bullet-journal-edition-2-medium-a5-papier-1\" target=\"_blank\">Bullet Journal Edition 2 - Papier 120 g - Noir <\/a>- Scrapmalin<\/li><li><a rel=\"noreferrer noopener\" aria-label=\"Feutre de calligraphie Set Hand Lettering (s\u2019ouvre dans un nouvel onglet)\" href=\"https:\/\/afi.rougier-ple.fr\/?P4826956CE391B1&amp;redir=https%3A%2F%2Fwww.rougier-ple.fr%2Ffeutre-de-calligraphie-pitt-artist-pen-set-hand-lettering-noir-4.r.html\" target=\"_blank\">Feutre de calligraphie Set Hand Lettering<\/a> - Rougier &amp; Pl\u00e9<\/li><li><a rel=\"noreferrer noopener\" href=\"https:\/\/tracking.publicidees.com\/clic.php?progid=7565&amp;partid=62427&amp;dpl=https%3A%2F%2Fwww.zodio.fr%2Fset-8-posca-pointe-moyenne-pastel.html\" target=\"_blank\">Set 8 posca pointe moyenne pastel<\/a> - Z\u00f4dio<\/li><li><a rel=\"noreferrer noopener\" aria-label=\"Set de 8 marqueurs Posca trait extra fin 0,7 mm (s\u2019ouvre dans un nouvel onglet)\" href=\"https:\/\/lpc.scrapmalin.com\/?P4BB7D56CE39171&amp;redir=https%3A%2F%2Fwww.scrapmalin.com%2Fproduct%2Fset-de-8-marqueurs-posca-trait-extra-fin-07-mm-couleurs-basiques\" target=\"_blank\">Set de 8 marqueurs Posca trait extra fin 0,7 mm<\/a> - Scrapmalin<\/li><li><a rel=\"noreferrer noopener\" aria-label=\"Masking Tape Slim 3 pcs (s\u2019ouvre dans un nouvel onglet)\" href=\"https:\/\/afi.rougier-ple.fr\/?P4826956CE391B1&amp;redir=https%3A%2F%2Fwww.rougier-ple.fr%2Fmasking-tape-slim-7-6-mm-deco-3-pcs.r.html\" target=\"_blank\">Masking Tape Slim 3 pcs<\/a> - Rougier &amp; Pl\u00e9<\/li><li><a rel=\"noreferrer noopener\" href=\"https:\/\/tracking.publicidees.com\/clic.php?progid=7565&amp;partid=62427&amp;dpl=https%3A%2F%2Fwww.zodio.fr%2Falbum-en-kraft-noir-40-pages-a4.html\" target=\"_blank\">Album en kraft noir 40 pages A4<\/a> - Z\u00f4dio  <\/li><li><a rel=\"noreferrer noopener\" aria-label=\"3 carnets unis 100g - 32 pages A6 (s\u2019ouvre dans un nouvel onglet)\" href=\"https:\/\/lpc.scrapmalin.com\/?P4BB7D56CE39171&amp;redir=https%3A%2F%2Fwww.scrapmalin.com%2Fproduct%2F3-carnets-unis-100g-32-pages-a6\" target=\"_blank\">3 carnets unis 100g - 32 pages A6<\/a> - Scrapmalin<\/li><li><a rel=\"noreferrer noopener\" aria-label=\"Ruban adh\u00e9sif Washi Tape (s\u2019ouvre dans un nouvel onglet)\" href=\"https:\/\/afi.rougier-ple.fr\/?P4826956CE391B1&amp;redir=https%3A%2F%2Fwww.rougier-ple.fr%2Fruban-adhesif-washi-tape-colorblock-15-30-mm-5-fleurs.r.html\" target=\"_blank\">Ruban adh\u00e9sif Washi Tape<\/a> - Rougier &amp; Pl\u00e9 <\/li><li><a rel=\"noreferrer noopener\" href=\"https:\/\/tracking.publicidees.com\/clic.php?progid=7565&amp;partid=62427&amp;dpl=https%3A%2F%2Fwww.zodio.fr%2Fimprimante-creative-mobile-colop-e-mark-go.html\" target=\"_blank\">Imprimante cr\u00e9ative mobile<\/a> - Z\u00f4dio<\/li><\/ol>\n\n\n\n<p style=\"text-align:center\"><strong>Rendez-vous ici pour d\u00e9couvrir <\/strong><a rel=\"noreferrer noopener\" aria-label=\"le mat\u00e9riel que j'utilise (s\u2019ouvre dans un nouvel onglet)\" href=\"https:\/\/www.cocondedecoration.com\/blog\/2023\/04\/materiel-carnet-de-voyage\/\" target=\"_blank\"><strong>le mat\u00e9riel que j'utilise<\/strong><\/a><strong> pour tenir mes journaux de voyage <\/strong><\/p>\n<\/div>\n<\/div>\n\n\n\n<hr class=\"wp-block-separator\"\/>\n\n\n\n<p class=\"has-text-align-center has-medium-font-size\">Ne perdons pas contact \ud83d\ude42 Rejoignez moi sur <a href=\"https:\/\/www.pinterest.fr\/cocondedeco\/\" target=\"_blank\" rel=\"noopener\" title=\"\">Pinterest<\/a> |\u00a0<a href=\"https:\/\/www.threads.net\/@cocondedeco\" target=\"_blank\" rel=\"noopener\" title=\"\">Threads<\/a> | <a href=\"https:\/\/www.patreon.com\/collection\/162946?view=expanded\" target=\"_blank\" rel=\"noopener\" title=\"\">la Newsletter<\/a> <br>Vous aimez lire le blog? Vous souhaitez continuer \u00e0 le lire? <a href=\"https:\/\/www.patreon.com\/cocondedeco\" target=\"_blank\" rel=\"noopener\" title=\"\">Devenez m\u00e9c\u00e8ne<\/a> sur Patreon et contribuez \u00e0 sa survie. <\/p>\n\n\n\n<hr class=\"wp-block-separator\"\/>\n\n\n\n<div class=\"wp-block-columns has-2-columns is-layout-flex wp-container-core-columns-layout-3 wp-block-columns-is-layout-flex\">\n<div class=\"wp-block-column is-layout-flow wp-block-column-is-layout-flow\">\n<p style=\"text-align:center\" class=\"has-medium-font-size\">A lire \u00e9galement<\/p>\n\n\n<ul class=\"wp-block-latest-posts__list wp-block-latest-posts\"><li><a class=\"wp-block-latest-posts__post-title\" href=\"https:\/\/www.cocondedecoration.com\/blog\/2026\/04\/printemps-journal-nature\/\">Loisir cr\u00e9atif de printemps: cr\u00e9er un journal sur la nature<\/a><\/li>\n<li><a class=\"wp-block-latest-posts__post-title\" href=\"https:\/\/www.cocondedecoration.com\/blog\/2025\/10\/carnet-de-recettes-diy\/\">Carnet de recettes illustr\u00e9: 10 exemples \u00e0 copier<\/a><\/li>\n<li><a class=\"wp-block-latest-posts__post-title\" href=\"https:\/\/www.cocondedecoration.com\/blog\/2025\/04\/prompt-journal-intime\/\">Le journal guid\u00e9 pour \u00e9viter le syndrome de la page blanche<\/a><\/li>\n<li><a class=\"wp-block-latest-posts__post-title\" href=\"https:\/\/www.cocondedecoration.com\/blog\/2025\/02\/junk-journal\/\">Junk Journal pour un quotidien cr\u00e9atif sans pression<\/a><\/li>\n<li><a class=\"wp-block-latest-posts__post-title\" href=\"https:\/\/www.cocondedecoration.com\/blog\/2025\/01\/vision-board-journal-de-gratitude\/\">Vision board et journal de gratitude pour bien d\u00e9buter l&rsquo;ann\u00e9e<\/a><\/li>\n<li><a class=\"wp-block-latest-posts__post-title\" href=\"https:\/\/www.cocondedecoration.com\/blog\/2024\/05\/carnet-lecture-creatif\/\">Journaling et carnet de lecture cr\u00e9atif &#8211; id\u00e9es pour d\u00e9buter<\/a><\/li>\n<li><a class=\"wp-block-latest-posts__post-title\" href=\"https:\/\/www.cocondedecoration.com\/blog\/2024\/04\/illustrations-naturelles-carnet-de-voyages\/\">Illustrations naturelles &#038; souvenirs de vacances | carnet de voyage<\/a><\/li>\n<\/ul><\/div>\n\n\n\n<div class=\"wp-block-column is-layout-flow wp-block-column-is-layout-flow\">\n<p class=\"has-text-align-center has-medium-font-size\" style=\"padding-top:var(--wp--preset--spacing--40);padding-bottom:var(--wp--preset--spacing--40)\"><strong>Devenez m\u00e9c\u00e8ne du blog <\/strong><\/p>\n\n\n\n<hr class=\"wp-block-separator has-alpha-channel-opacity is-style-wide\"\/>\n\n\n\n<p style=\"padding-right:var(--wp--preset--spacing--30);padding-left:var(--wp--preset--spacing--30)\">Soutenez mon travail sur le blog et acc\u00e9dez \u00e0 des contreparties exclusives: <\/p>\n\n\n\n<ul style=\"padding-right:var(--wp--preset--spacing--40);padding-left:var(--wp--preset--spacing--40)\">\n<li>Plusieurs centaines d'articles d\u00e9co, lifestyle &amp; voyage r\u00e9serv\u00e9s aux abonn\u00e9\u2022e\u2022s <\/li>\n\n\n\n<li>Toutes les entr\u00e9es de mon side project - mon dictionnaire nomade <\/li>\n\n\n\n<li>Une publicit\u00e9 limit\u00e9e sur les articles Patreon <\/li>\n<\/ul>\n\n\n\n<div class=\"wp-block-buttons is-content-justification-center is-layout-flex wp-container-core-buttons-layout-1 wp-block-buttons-is-layout-flex\">\n<div class=\"wp-block-button\"><a class=\"wp-block-button__link wp-element-button\" href=\"https:\/\/www.patreon.com\/cocondedeco\" target=\"_blank\" rel=\"noreferrer noopener\">Soutenir le blog maintenant<\/a><\/div>\n<\/div>\n<\/div>\n<\/div>\n\n\n\n<div class=\"wp-block-image\"><figure class=\"aligncenter\"><img loading=\"lazy\" decoding=\"async\" width=\"732\" height=\"488\" src=\"http:\/\/www.cocondedecoration.com\/blog\/wp-content\/uploads\/2022\/12\/theme-hiver-bullet-journal.jpg\" alt=\"theme hiver bullet journal couleur montage aquarelle feutre exemple\" class=\"wp-image-55545\" srcset=\"https:\/\/www.cocondedecoration.com\/blog\/wp-content\/uploads\/2022\/12\/theme-hiver-bullet-journal.jpg 732w, https:\/\/www.cocondedecoration.com\/blog\/wp-content\/uploads\/2022\/12\/theme-hiver-bullet-journal-260x173.jpg 260w, https:\/\/www.cocondedecoration.com\/blog\/wp-content\/uploads\/2022\/12\/theme-hiver-bullet-journal-640x427.jpg 640w, https:\/\/www.cocondedecoration.com\/blog\/wp-content\/uploads\/2022\/12\/theme-hiver-bullet-journal-465x310.jpg 465w, https:\/\/www.cocondedecoration.com\/blog\/wp-content\/uploads\/2022\/12\/theme-hiver-bullet-journal-695x463.jpg 695w\" sizes=\"(max-width: 732px) 100vw, 732px\" \/><figcaption>mashaplans.com<\/figcaption><\/figure><\/div>\n","protected":false},"excerpt":{"rendered":"<p>J&rsquo;aime la saisonnalit\u00e9 des choses. C&rsquo;est quelque chose qui revient tous les ans, une valeur s\u00fbre quand on \u00e9crit mais aussi pour tout ce qui est cr\u00e9atif. J&rsquo;aime bien l&rsquo;id\u00e9e de regarder par la fen\u00eatre pour trouver de l&rsquo;inspiration. Et comme l&rsquo;hiver est l\u00e0 depuis quelques jours (m\u00eame si chez<span class=\"more-link\"><a href=\"https:\/\/www.cocondedecoration.com\/blog\/2022\/12\/bullet-journal-hiver\/\">Lire la suite<\/a><\/span><\/p>\n","protected":false},"author":1,"featured_media":55545,"comment_status":"open","ping_status":"open","sticky":false,"template":"","format":"standard","meta":{"om_disable_all_campaigns":false,"_monsterinsights_skip_tracking":false,"_monsterinsights_sitenote_active":false,"_monsterinsights_sitenote_note":"","_monsterinsights_sitenote_category":0,"_uf_show_specific_survey":0,"_uf_disable_surveys":false,"footnotes":""},"categories":[32460],"tags":[34387,32492,33937,37893,39120,39121,39133,39114,39115,39139,39134,39140,39126,39127,39119,39118,39116,39130,39131,39132,39111,39113,39112,39138,39136,39142,39122,39124,39125,39109,39097,39094,39096,39095,39110,37651,39135,39108,39143,39129,39104,39107,39123,39137,39117,39141,39128,39102,39101,39098,39106,39105,39093,39092,39100,39103,39099],"aioseo_notices":[],"_links":{"self":[{"href":"https:\/\/www.cocondedecoration.com\/blog\/wp-json\/wp\/v2\/posts\/55333"}],"collection":[{"href":"https:\/\/www.cocondedecoration.com\/blog\/wp-json\/wp\/v2\/posts"}],"about":[{"href":"https:\/\/www.cocondedecoration.com\/blog\/wp-json\/wp\/v2\/types\/post"}],"author":[{"embeddable":true,"href":"https:\/\/www.cocondedecoration.com\/blog\/wp-json\/wp\/v2\/users\/1"}],"replies":[{"embeddable":true,"href":"https:\/\/www.cocondedecoration.com\/blog\/wp-json\/wp\/v2\/comments?post=55333"}],"version-history":[{"count":0,"href":"https:\/\/www.cocondedecoration.com\/blog\/wp-json\/wp\/v2\/posts\/55333\/revisions"}],"wp:featuredmedia":[{"embeddable":true,"href":"https:\/\/www.cocondedecoration.com\/blog\/wp-json\/wp\/v2\/media\/55545"}],"wp:attachment":[{"href":"https:\/\/www.cocondedecoration.com\/blog\/wp-json\/wp\/v2\/media?parent=55333"}],"wp:term":[{"taxonomy":"category","embeddable":true,"href":"https:\/\/www.cocondedecoration.com\/blog\/wp-json\/wp\/v2\/categories?post=55333"},{"taxonomy":"post_tag","embeddable":true,"href":"https:\/\/www.cocondedecoration.com\/blog\/wp-json\/wp\/v2\/tags?post=55333"}],"curies":[{"name":"wp","href":"https:\/\/api.w.org\/{rel}","templated":true}]}}