{"id":5419,"date":"2013-09-23T06:47:03","date_gmt":"2013-09-23T04:47:03","guid":{"rendered":"http:\/\/www.cocondedecoration.com\/blog\/?p=5419"},"modified":"2013-09-22T12:34:49","modified_gmt":"2013-09-22T10:34:49","slug":"essentials-ideas-weekly","status":"publish","type":"post","link":"https:\/\/www.cocondedecoration.com\/blog\/2013\/09\/essentials-ideas-weekly\/","title":{"rendered":"Essentials ideas weekly &#8211; 23 au 29 septembre"},"content":{"rendered":"<p style=\"text-align: justify;\">Comme la semaine pass\u00e9e, un tour d'horizon de la semaine qui commence \u00e0 peine, avec au programme: de la bouffe, de la vaisselle, un peu d'actu et un peu de culture... J'aime bien cette rubrique parce qu'elle me permet de parler de tout et de n'importe quoi et je ne me cantonne pas \u00e0 la d\u00e9coration d'int\u00e9rieur...<\/p>\n<p style=\"text-align: center;\">FOOD - Qu'est-ce-qu'on mange ce soir?<\/p>\n<p style=\"text-align: justify;\">Lundi -&gt; Cuisse de poulet pour ch\u00e9ri et blanc pour moi avec des haricots verts<br \/>\nMardi -&gt; Bolognaise<br \/>\nMercredi -&gt; Pains Bagnat<br \/>\nJeudi -&gt; Gratin de pomme de terre - steack<br \/>\nVendredi -&gt; Tarte aux l\u00e9gumes et aux lardons<br \/>\nSamedi -&gt; Oeufs cocotte au saumon, salade et baguette<\/p>\n<p style=\"text-align: justify;\">Entre Ch\u00e9ri qui ne mange pas n\u00e9cessairement le midi, moi qui n'aime pas le fromage, les viandes qui ont trop de go\u00fbt (...) et notre emploi du temps, parfois les recettes sont simples, mais elles restent copieuses. Je ne fais pas dans la cuisine gastronomique. \u00c9videmment, si dans le courant de la semaine vous avez une id\u00e9e \u00e0 me proposer pour faire \u00e0 manger ou si vous avez d\u00e9couvert une nouvelle recette, un nouveau plat, n'h\u00e9sitez pas \u00e0 me laisser un commentaire avec le lien de votre article \/ recette \/ bon plan \/ photo... C'est aussi \u00e0 \u00e7a que la rubrique sert!<\/p>\n<p style=\"text-align: center;\">VAISSELLE - S\u00e9lection de la semaine<\/p>\n<p style=\"text-align: justify;\">Ce n'est pas tout de parler de ce que l'on mange, il faut aussi parler de ce dans quoi on mange. Et \u00e7a ne coute rien de r\u00eaver sur la jolie vaisselle...<\/p>\n<p style=\"text-align: justify;\"><a href=\"http:\/\/www.cocondedecoration.com\/blog\/wp-content\/uploads\/2013\/09\/selection-vaisselle.jpg\"><img loading=\"lazy\" decoding=\"async\" class=\"aligncenter size-large wp-image-5420\" alt=\"selection vaisselle\" src=\"http:\/\/www.cocondedecoration.com\/blog\/wp-content\/uploads\/2013\/09\/selection-vaisselle-640x640.jpg\" width=\"600\" height=\"600\" srcset=\"https:\/\/www.cocondedecoration.com\/blog\/wp-content\/uploads\/2013\/09\/selection-vaisselle-640x640.jpg 640w, https:\/\/www.cocondedecoration.com\/blog\/wp-content\/uploads\/2013\/09\/selection-vaisselle-165x165.jpg 165w, https:\/\/www.cocondedecoration.com\/blog\/wp-content\/uploads\/2013\/09\/selection-vaisselle-260x260.jpg 260w, https:\/\/www.cocondedecoration.com\/blog\/wp-content\/uploads\/2013\/09\/selection-vaisselle-50x50.jpg 50w, https:\/\/www.cocondedecoration.com\/blog\/wp-content\/uploads\/2013\/09\/selection-vaisselle-600x600.jpg 600w, https:\/\/www.cocondedecoration.com\/blog\/wp-content\/uploads\/2013\/09\/selection-vaisselle-930x930.jpg 930w, https:\/\/www.cocondedecoration.com\/blog\/wp-content\/uploads\/2013\/09\/selection-vaisselle-150x150.jpg 150w, https:\/\/www.cocondedecoration.com\/blog\/wp-content\/uploads\/2013\/09\/selection-vaisselle.jpg 2000w\" sizes=\"(max-width: 600px) 100vw, 600px\" \/><\/a><a href=\"http:\/\/colunas.revistaglamour.globo.com\/referans\/2011\/08\/08\/casa-estampada-ferm-living\/#wrapper\" target=\"_blank\">Vaisselle g\u00e9om\u00e9trique<\/a> - <a href=\"http:\/\/www.kwerkee.com\/items\" target=\"_blank\">Ensemble pour le th\u00e9 blanc et li\u00e8ge<\/a> - <a href=\"http:\/\/30.media.tumblr.com\/tumblr_ldup2mYvOD1qzekcjo1_500.png\" target=\"_blank\">Tasses blanches et noires<\/a> -\u00a0 <a href=\"http:\/\/media-cache-ec0.pinimg.com\/originals\/f2\/e1\/f7\/f2e1f7a6f6eb5b87713084e0a855d5ce.jpg\" target=\"_blank\">Tasses \u00e0 fleurs <\/a><\/p>\n<p style=\"text-align: center;\">CULTURE - Rentr\u00e9e des s\u00e9ries am\u00e9ricaines<\/p>\n<p style=\"text-align: justify;\">Les mauvaises langues diront que regarder une s\u00e9rie n'est pas de la culture. Ouais sauf que \u00e7a peut \u00eatre un bon sujet de conversation quand tu rencontres quelqu'un avec qui tu n'as pas sp\u00e9cialement d'atomes crochus. J'assume, je suis une accro aux s\u00e9ries am\u00e9ricaines, j'aime beaucoup, \u00e7a me vide la t\u00eate tr\u00e8s vite et \u00e7a dure le temps d'un repas le midi.<\/p>\n<p style=\"text-align: justify;\">Je commence avec <em>Son's of Anarchy<\/em> qui a repris depuis deux semaines. Au d\u00e9but de cette s\u00e9rie, je n'avais pas sp\u00e9cialement accroch\u00e9. C'est bien, ce sont des gaillards qui font de la motos, qui sont tatou\u00e9s et qui sont m\u00e9chants. Et il y a un ou deux ans, on a commenc\u00e9 \u00e0 regarder en VOSTFR et \u00e7a a coll\u00e9. Les deux premiers \u00e9pisodes ne cassent pas trois pattes \u00e0 un canard. Il y a un peu de sang, un peu de bagarre mais j'attends de voir, si \u00e7a vaut le coup de continuer \u00e0 regarder. Je crois que c'est la seule s\u00e9rie (avec <em>Game of Thrones<\/em>) qu'on regarde \u00e0 deux.<\/p>\n<p style=\"text-align: justify;\">La semaine pass\u00e9e, il y a aussi <em>New Girl<\/em> qui a repris avec la splendide Zooey Deschanel. Ch\u00e9ri n'aime vraiment pas cette s\u00e9rie, moi j'adore! Jess est sacr\u00e9ment barr\u00e9e, \u00e7a me manque qu'elle ne chante plus autant et elle vit avec 3 colocs, 3 gars avec des personnalit\u00e9s tout aussi perch\u00e9es qu'elle. Je ne voudrais pas spoiler les diff\u00e9rentes saisons, donc je ne dirais pas ici ce qui se passe entre Nick et Jess dans le 1er \u00e9pisode de la saison 3...<\/p>\n<p style=\"text-align: justify;\">Enfin, pour terminer, j'ai d\u00e9couvert <em>The Mindy Project<\/em>. Quand j'ai vu l'affiche et lu le synopsis, je n'\u00e9tais pas convaincue. Mais justement, pourquoi faire une s\u00e9rie, si l'histoire est nulle. Alors, je me suis dit que je devais tester par moi-m\u00eame. Cette s\u00e9rie est \u00e0 sa 2\u00e8me saison. C'est l'histoire d'une gyn\u00e9co d'origine indienne qui a une culture cin\u00e9matographique incroyable et qui fait sans-cesse r\u00e9f\u00e9rence aux films qu'elle a vus: <em>Pretty Woman<\/em>, <em>Quand Harry rencontre Sally<\/em>, <em>Vous avez un message<\/em>... Bref, les r\u00e9f\u00e9rences on les comprend puisque ce sont des films que nous avons tous vus. Et of course, elle est \u00e0 recherche de l'homme de sa vie ce qui lui permet de tomber sur des cr\u00e9tins finis qui restent plus ou moins longtemps. Ce n'est pas la s\u00e9rie du si\u00e8cle, mais c'est tr\u00e8s divertissant et tr\u00e8s f\u00e9minin.<\/p>\n<p style=\"text-align: justify;\"><a href=\"http:\/\/www.cocondedecoration.com\/blog\/wp-content\/uploads\/2013\/09\/rentree-2013-series-americaines.jpg\"><img loading=\"lazy\" decoding=\"async\" class=\"aligncenter size-large wp-image-5421\" alt=\"rentree 2013 series americaines\" src=\"http:\/\/www.cocondedecoration.com\/blog\/wp-content\/uploads\/2013\/09\/rentree-2013-series-americaines-640x1280.jpg\" width=\"600\" height=\"1200\" srcset=\"https:\/\/www.cocondedecoration.com\/blog\/wp-content\/uploads\/2013\/09\/rentree-2013-series-americaines-640x1280.jpg 640w, https:\/\/www.cocondedecoration.com\/blog\/wp-content\/uploads\/2013\/09\/rentree-2013-series-americaines-260x520.jpg 260w, https:\/\/www.cocondedecoration.com\/blog\/wp-content\/uploads\/2013\/09\/rentree-2013-series-americaines-600x1200.jpg 600w, https:\/\/www.cocondedecoration.com\/blog\/wp-content\/uploads\/2013\/09\/rentree-2013-series-americaines-930x1860.jpg 930w, https:\/\/www.cocondedecoration.com\/blog\/wp-content\/uploads\/2013\/09\/rentree-2013-series-americaines.jpg 1200w\" sizes=\"(max-width: 600px) 100vw, 600px\" \/><\/a>Sources photos:<a href=\"http:\/\/www.google.fr\/imgres?client=firefox-a&amp;rls=org.mozilla:fr:official&amp;channel=fflb&amp;biw=1920&amp;bih=994&amp;tbm=isch&amp;tbnid=DRZRfW0rXLNs8M:&amp;imgrefurl=http:\/\/www.sons-of-anarchy.fr\/personnages-samcro\/attachment\/sons-of-anarchy-bobby\/&amp;docid=Q8AQoDK3mD746M&amp;imgurl=http:\/\/www.sons-of-anarchy.fr\/wp-content\/uploads\/2013\/03\/Sons-of-Anarchy-Bobby.jpg&amp;w=653&amp;h=490&amp;ei=c6w-UvanJcGJ0AWin4HACg&amp;zoom=1&amp;iact=hc&amp;vpx=636&amp;vpy=563&amp;dur=3352&amp;hovh=194&amp;hovw=259&amp;tx=125&amp;ty=59&amp;page=2&amp;tbnh=154&amp;tbnw=200&amp;start=56&amp;ndsp=68&amp;ved=1t:429,r:88,s:0,i:349\" target=\"_blank\"> Son's of Anarchy <\/a>- <a href=\"http:\/\/www.google.fr\/imgres?client=firefox-a&amp;sa=X&amp;rls=org.mozilla:fr:official&amp;channel=fflb&amp;biw=1920&amp;bih=994&amp;tbm=isch&amp;tbnid=FsTAL2tDmZclPM:&amp;imgrefurl=http:\/\/www.collegefashion.net\/inspiration\/how-to-dress-like-jess-from-new-girl\/&amp;docid=jSHBHt9Xcp3g9M&amp;imgurl=http:\/\/www.collegefashion.net\/wp-content\/uploads\/2011\/12\/New-Girl-Jess.jpg&amp;w=600&amp;h=411&amp;ei=Wqw-UrnsDIrO0QXX1YG4AQ&amp;zoom=1&amp;iact=hc&amp;vpx=1410&amp;vpy=252&amp;dur=774&amp;hovh=186&amp;hovw=271&amp;tx=151&amp;ty=113&amp;page=1&amp;tbnh=129&amp;tbnw=178&amp;start=0&amp;ndsp=58&amp;ved=1t:429,r:8,s:0,i:113\" target=\"_blank\">New Girl<\/a> - <a href=\"http:\/\/www.google.fr\/imgres?client=firefox-a&amp;rls=org.mozilla:fr:official&amp;channel=fflb&amp;biw=1920&amp;bih=994&amp;tbm=isch&amp;tbnid=eRb6KmwzD-jh5M:&amp;imgrefurl=http:\/\/www.melty.fr\/the-mindy-project-saison-2-season-premiere-3-sneak-peeks-inedits-galerie-579295-1762676.html&amp;docid=2BanUVFM8kPdSM&amp;imgurl=http:\/\/media.melty.fr\/article-1762676-ajust_930\/le-casting-de-the-mindy-project.jpg&amp;w=930&amp;h=619&amp;ei=1qw-UoXgIsLP0QWpoIGADQ&amp;zoom=1&amp;iact=hc&amp;vpx=1098&amp;vpy=706&amp;dur=418&amp;hovh=154&amp;hovw=231&amp;tx=180&amp;ty=152&amp;page=2&amp;tbnh=146&amp;tbnw=219&amp;start=49&amp;ndsp=65&amp;ved=1t:429,r:91,s:0,i:365\" target=\"_blank\">The Mindy Project<\/a><\/p>\n<p style=\"text-align: center;\">BLOG ET WEBZINE de la semaine<\/p>\n<p style=\"text-align: justify;\">Aujourd\u2019hui, c'est un webzine qui vous est pr\u00e9sent\u00e9. J'avais envie sur un magazine f\u00e9minin mais pas trop, un poil d\u00e9cal\u00e9 o\u00f9 on ne va pas m'apprendre de mani\u00e8re solennelle \u00e0 me maquiller, \u00e0 m'habiller comme si je faisais un taille 36 (mon seule 36 c'est ma pointure) et o\u00f9 on n'allait pas me parler b\u00e9b\u00e9 \u00e0 tout bout de champs. Donc, j'ai eu un coup de coeur pour <a href=\"http:\/\/www.poilsetcapitons.fr\/\" target=\"_blank\">Poils &amp; Capitons<\/a>. D\u00e9j\u00e0 avec un nom comme \u00e7a, on sait tr\u00e8s bien qu'on ne va pas tomber dans un monde de greluches. J'ai beaucoup aim\u00e9 la rubrique \"Les relous de la semaine\" et l'article \"10 arguments pour enfler son mec et se foutre en cloque\". Les illustrations aussi sont extras et donnent envie de lire les articles. Bref, si cette semaine il y a un soir o\u00f9 il n'y a rien \u00e0 la t\u00e9l\u00e9 ou du foot, n'h\u00e9sitez pas \u00e0 y faire un tour!<\/p>\n<p style=\"text-align: center;\"><a href=\"http:\/\/www.cocondedecoration.com\/blog\/wp-content\/uploads\/2013\/09\/Ban1.gif\"><img loading=\"lazy\" decoding=\"async\" class=\"aligncenter size-large wp-image-5422\" alt=\"Ban1\" src=\"http:\/\/www.cocondedecoration.com\/blog\/wp-content\/uploads\/2013\/09\/Ban1-640x102.gif\" width=\"600\" height=\"95\" srcset=\"https:\/\/www.cocondedecoration.com\/blog\/wp-content\/uploads\/2013\/09\/Ban1-640x102.gif 640w, https:\/\/www.cocondedecoration.com\/blog\/wp-content\/uploads\/2013\/09\/Ban1-260x41.gif 260w, https:\/\/www.cocondedecoration.com\/blog\/wp-content\/uploads\/2013\/09\/Ban1-600x95.gif 600w, https:\/\/www.cocondedecoration.com\/blog\/wp-content\/uploads\/2013\/09\/Ban1-930x148.gif 930w\" sizes=\"(max-width: 600px) 100vw, 600px\" \/><\/a><\/p>\n<p style=\"text-align: center;\">MON ACTU<\/p>\n<p style=\"text-align: justify;\">Aujourd'hui est une journ\u00e9e charg\u00e9e et je n'ai pas encore fait on emploi du temps de la semaine... Ce soir, j'assisterai \u00e0 une pr\u00e9sentation de projet, un webzine communautaire avec des gens de Dunkerque de diff\u00e9rentes g\u00e9n\u00e9rations. C'est plus ou moins tout ce que j'en sais. Je connais aussi le nom, mais rien de plus, donc on verra bien, ce que \u00e7a va donner. Mais je suis convaincue que \u00e7a va me plaire. On m'a d\u00e9j\u00e0 dit que je pouvais y \u00e9crire comme je voulais, rien que \u00e7a, je kiffe.<\/p>\n<p style=\"text-align: justify;\">Voil\u00e0, voil\u00e0... C'est tout pour aujourd'hui! Je vous souhaite une bonne semaine!<\/p>\n<p style=\"text-align: justify;\">\n","protected":false},"excerpt":{"rendered":"<p>Comme la semaine pass\u00e9e, un tour d&rsquo;horizon de la semaine qui commence \u00e0 peine, avec au programme: de la bouffe, de la vaisselle, un peu d&rsquo;actu et un peu de culture&#8230; J&rsquo;aime bien cette rubrique parce qu&rsquo;elle me permet de parler de tout et de n&rsquo;importe quoi et je ne<span class=\"more-link\"><a href=\"https:\/\/www.cocondedecoration.com\/blog\/2013\/09\/essentials-ideas-weekly\/\">Lire la suite<\/a><\/span><\/p>\n","protected":false},"author":1,"featured_media":5424,"comment_status":"open","ping_status":"open","sticky":false,"template":"","format":"standard","meta":{"om_disable_all_campaigns":false,"_monsterinsights_skip_tracking":false,"_monsterinsights_sitenote_active":false,"_monsterinsights_sitenote_note":"","_monsterinsights_sitenote_category":0,"_uf_show_specific_survey":0,"_uf_disable_surveys":false,"footnotes":""},"categories":[5],"tags":[252,983,124,49,528,247,981,191,978,979,980,982,50,951],"aioseo_notices":[],"_links":{"self":[{"href":"https:\/\/www.cocondedecoration.com\/blog\/wp-json\/wp\/v2\/posts\/5419"}],"collection":[{"href":"https:\/\/www.cocondedecoration.com\/blog\/wp-json\/wp\/v2\/posts"}],"about":[{"href":"https:\/\/www.cocondedecoration.com\/blog\/wp-json\/wp\/v2\/types\/post"}],"author":[{"embeddable":true,"href":"https:\/\/www.cocondedecoration.com\/blog\/wp-json\/wp\/v2\/users\/1"}],"replies":[{"embeddable":true,"href":"https:\/\/www.cocondedecoration.com\/blog\/wp-json\/wp\/v2\/comments?post=5419"}],"version-history":[{"count":0,"href":"https:\/\/www.cocondedecoration.com\/blog\/wp-json\/wp\/v2\/posts\/5419\/revisions"}],"wp:featuredmedia":[{"embeddable":true,"href":"https:\/\/www.cocondedecoration.com\/blog\/wp-json\/wp\/v2\/media\/5424"}],"wp:attachment":[{"href":"https:\/\/www.cocondedecoration.com\/blog\/wp-json\/wp\/v2\/media?parent=5419"}],"wp:term":[{"taxonomy":"category","embeddable":true,"href":"https:\/\/www.cocondedecoration.com\/blog\/wp-json\/wp\/v2\/categories?post=5419"},{"taxonomy":"post_tag","embeddable":true,"href":"https:\/\/www.cocondedecoration.com\/blog\/wp-json\/wp\/v2\/tags?post=5419"}],"curies":[{"name":"wp","href":"https:\/\/api.w.org\/{rel}","templated":true}]}}