{"id":5340,"date":"2013-09-18T08:10:41","date_gmt":"2013-09-18T06:10:41","guid":{"rendered":"http:\/\/www.cocondedecoration.com\/blog\/?p=5340"},"modified":"2013-09-18T08:10:42","modified_gmt":"2013-09-18T06:10:42","slug":"colorez-lautomne-avec-des-accessoires-deco","status":"publish","type":"post","link":"https:\/\/www.cocondedecoration.com\/blog\/2013\/09\/colorez-lautomne-avec-des-accessoires-deco\/","title":{"rendered":"Colorez l&rsquo;automne avec des accessoires d\u00e9co"},"content":{"rendered":"<p style=\"text-align: justify;\">Tout le monde a pu remarquer que l'\u00e9t\u00e9 \u00e9tait presque fini, je ne vais pas \u00e9piloguer sur les conditions m\u00e9t\u00e9o actuelles et je vais passer directement \u00e0 ce qui nous int\u00e9resse: vaincre la pluie, la baisse des temp\u00e9ratures et la grisaille avec un int\u00e9rieur color\u00e9. Votre meilleur alli\u00e9 dans cette histoire ce sont les accessoires d\u00e9co et les <a href=\"http:\/\/www.silvera-eshop.com\/3,objets-et-accessoires.htm\" target=\"_blank\">objets design<\/a> qui peuvent changer au fil des saisons pour \u00e9gayer et apporter un peu de chaleur \u00e0 votre int\u00e9rieur.<\/p>\n<p style=\"text-align: justify;\">Sans pour autant changer l'int\u00e9gralit\u00e9 de votre d\u00e9coration, ajouter un objet, en d\u00e9placer un autre et remplacer ce qui est un peu d\u00e9suet - pass\u00e9 de mode - peut vous permettre de rendre votre int\u00e9rieur plus douillet pour l'automne. Les couleurs permettent de mettre un peu de peps. Le design permet quant \u00e0 lui de donner une nouvelle ambiance \u00e0 votre pi\u00e8ce... Et le tout pour vous pr\u00e9parer \u00e0 passer plus de temps \u00e0 l'int\u00e9rieur!<\/p>\n<p style=\"text-align: justify;\">Comme les journ\u00e9es vont raccourcir et que le soleil va se montrer de plus en plus rare, n'oubliez pas on plus que les luminaires ont une importance consid\u00e9rable dans votre d\u00e9coration.Pour les pi\u00e8ces de vie comme le salon, vous pouvez ajouter une source de lumi\u00e8re secondaire pour lire, regarder la t\u00e9l\u00e9vision une fois les enfants au lit, offrir de la perspective \u00e0 votre pi\u00e8ce... Chez Silvera, qui est une boutique en ligne d'objets design, vous trouverez facilement un luminaire \u00e0 votre go\u00fbt pour parfaire votre d\u00e9coration.<\/p>\n<p style=\"text-align: justify;\"><a href=\"http:\/\/www.cocondedecoration.com\/blog\/wp-content\/uploads\/2013\/09\/horloge-sunburst-clock-polychrome-vitra-silvera_01.jpg\"><img loading=\"lazy\" decoding=\"async\" class=\"aligncenter size-full wp-image-5341\" alt=\"horloge-sunburst-clock-polychrome-vitra-silvera_01\" src=\"http:\/\/www.cocondedecoration.com\/blog\/wp-content\/uploads\/2013\/09\/horloge-sunburst-clock-polychrome-vitra-silvera_01.jpg\" width=\"800\" height=\"800\" srcset=\"https:\/\/www.cocondedecoration.com\/blog\/wp-content\/uploads\/2013\/09\/horloge-sunburst-clock-polychrome-vitra-silvera_01.jpg 800w, https:\/\/www.cocondedecoration.com\/blog\/wp-content\/uploads\/2013\/09\/horloge-sunburst-clock-polychrome-vitra-silvera_01-165x165.jpg 165w, https:\/\/www.cocondedecoration.com\/blog\/wp-content\/uploads\/2013\/09\/horloge-sunburst-clock-polychrome-vitra-silvera_01-260x260.jpg 260w, https:\/\/www.cocondedecoration.com\/blog\/wp-content\/uploads\/2013\/09\/horloge-sunburst-clock-polychrome-vitra-silvera_01-640x640.jpg 640w, https:\/\/www.cocondedecoration.com\/blog\/wp-content\/uploads\/2013\/09\/horloge-sunburst-clock-polychrome-vitra-silvera_01-50x50.jpg 50w, https:\/\/www.cocondedecoration.com\/blog\/wp-content\/uploads\/2013\/09\/horloge-sunburst-clock-polychrome-vitra-silvera_01-600x600.jpg 600w, https:\/\/www.cocondedecoration.com\/blog\/wp-content\/uploads\/2013\/09\/horloge-sunburst-clock-polychrome-vitra-silvera_01-150x150.jpg 150w\" sizes=\"(max-width: 800px) 100vw, 800px\" \/><\/a><a href=\"http:\/\/www.silvera-eshop.com\/5,art-de-la-table\/25,autour-du-temps\/1009,horloge-sunburst-clock.htm\" target=\"_blank\">Source <\/a>\/ Une nouvelle horloge color\u00e9e pour la cuisine<\/p>\n<p style=\"text-align: justify;\"><a href=\"http:\/\/www.cocondedecoration.com\/blog\/wp-content\/uploads\/2013\/09\/table-basse-booklamp-de-la-espada-autoban-silvera_03.jpg\"><img loading=\"lazy\" decoding=\"async\" class=\"aligncenter size-full wp-image-5342\" alt=\"table-basse-booklamp-de-la-espada-autoban-silvera_03\" src=\"http:\/\/www.cocondedecoration.com\/blog\/wp-content\/uploads\/2013\/09\/table-basse-booklamp-de-la-espada-autoban-silvera_03.jpg\" width=\"800\" height=\"800\" srcset=\"https:\/\/www.cocondedecoration.com\/blog\/wp-content\/uploads\/2013\/09\/table-basse-booklamp-de-la-espada-autoban-silvera_03.jpg 800w, https:\/\/www.cocondedecoration.com\/blog\/wp-content\/uploads\/2013\/09\/table-basse-booklamp-de-la-espada-autoban-silvera_03-165x165.jpg 165w, https:\/\/www.cocondedecoration.com\/blog\/wp-content\/uploads\/2013\/09\/table-basse-booklamp-de-la-espada-autoban-silvera_03-260x260.jpg 260w, https:\/\/www.cocondedecoration.com\/blog\/wp-content\/uploads\/2013\/09\/table-basse-booklamp-de-la-espada-autoban-silvera_03-640x640.jpg 640w, https:\/\/www.cocondedecoration.com\/blog\/wp-content\/uploads\/2013\/09\/table-basse-booklamp-de-la-espada-autoban-silvera_03-50x50.jpg 50w, https:\/\/www.cocondedecoration.com\/blog\/wp-content\/uploads\/2013\/09\/table-basse-booklamp-de-la-espada-autoban-silvera_03-600x600.jpg 600w, https:\/\/www.cocondedecoration.com\/blog\/wp-content\/uploads\/2013\/09\/table-basse-booklamp-de-la-espada-autoban-silvera_03-150x150.jpg 150w\" sizes=\"(max-width: 800px) 100vw, 800px\" \/><\/a><a href=\"http:\/\/www.silvera-eshop.com\/4,mobilier-silvera\/15,table-basse\/315,booklamp.htm\" target=\"_blank\">Source <\/a>\/ Un lampadaire pour le salon. La lumi\u00e8re et la mati\u00e8re apporteront un c\u00f4t\u00e9 cosy \u00e0 votre pi\u00e8ce de vie.<\/p>\n<p style=\"text-align: justify;\"><a href=\"http:\/\/www.cocondedecoration.com\/blog\/wp-content\/uploads\/2013\/09\/pateres-clou-couleurs-chaudes-eno-studio-silvera_01.jpg\"><img loading=\"lazy\" decoding=\"async\" class=\"aligncenter size-full wp-image-5343\" alt=\"pateres-clou-couleurs-chaudes-eno-studio-silvera_01\" src=\"http:\/\/www.cocondedecoration.com\/blog\/wp-content\/uploads\/2013\/09\/pateres-clou-couleurs-chaudes-eno-studio-silvera_01.jpg\" width=\"800\" height=\"800\" srcset=\"https:\/\/www.cocondedecoration.com\/blog\/wp-content\/uploads\/2013\/09\/pateres-clou-couleurs-chaudes-eno-studio-silvera_01.jpg 800w, https:\/\/www.cocondedecoration.com\/blog\/wp-content\/uploads\/2013\/09\/pateres-clou-couleurs-chaudes-eno-studio-silvera_01-165x165.jpg 165w, https:\/\/www.cocondedecoration.com\/blog\/wp-content\/uploads\/2013\/09\/pateres-clou-couleurs-chaudes-eno-studio-silvera_01-260x260.jpg 260w, https:\/\/www.cocondedecoration.com\/blog\/wp-content\/uploads\/2013\/09\/pateres-clou-couleurs-chaudes-eno-studio-silvera_01-640x640.jpg 640w, https:\/\/www.cocondedecoration.com\/blog\/wp-content\/uploads\/2013\/09\/pateres-clou-couleurs-chaudes-eno-studio-silvera_01-50x50.jpg 50w, https:\/\/www.cocondedecoration.com\/blog\/wp-content\/uploads\/2013\/09\/pateres-clou-couleurs-chaudes-eno-studio-silvera_01-600x600.jpg 600w, https:\/\/www.cocondedecoration.com\/blog\/wp-content\/uploads\/2013\/09\/pateres-clou-couleurs-chaudes-eno-studio-silvera_01-150x150.jpg 150w\" sizes=\"(max-width: 800px) 100vw, 800px\" \/><\/a><a href=\"http:\/\/www.silvera-eshop.com\/3,objets-et-accessoires\/28,rangement\/1962,pateres-clou.htm\" target=\"_blank\">Source <\/a>\/ Et pour l'entr\u00e9e, quelques pointes de couleurs avec ces pat\u00e8res design<\/p>\n<p style=\"text-align: justify;\">\n","protected":false},"excerpt":{"rendered":"<p>Tout le monde a pu remarquer que l&rsquo;\u00e9t\u00e9 \u00e9tait presque fini, je ne vais pas \u00e9piloguer sur les conditions m\u00e9t\u00e9o actuelles et je vais passer directement \u00e0 ce qui nous int\u00e9resse: vaincre la pluie, la baisse des temp\u00e9ratures et la grisaille avec un int\u00e9rieur color\u00e9. Votre meilleur alli\u00e9 dans cette<span class=\"more-link\"><a href=\"https:\/\/www.cocondedecoration.com\/blog\/2013\/09\/colorez-lautomne-avec-des-accessoires-deco\/\">Lire la suite<\/a><\/span><\/p>\n","protected":false},"author":1,"featured_media":5343,"comment_status":"open","ping_status":"open","sticky":false,"template":"","format":"standard","meta":{"om_disable_all_campaigns":false,"_monsterinsights_skip_tracking":false,"_monsterinsights_sitenote_active":false,"_monsterinsights_sitenote_note":"","_monsterinsights_sitenote_category":0,"_uf_show_specific_survey":0,"_uf_disable_surveys":false,"footnotes":""},"categories":[592],"tags":[390,168,956,927,957],"aioseo_notices":[],"_links":{"self":[{"href":"https:\/\/www.cocondedecoration.com\/blog\/wp-json\/wp\/v2\/posts\/5340"}],"collection":[{"href":"https:\/\/www.cocondedecoration.com\/blog\/wp-json\/wp\/v2\/posts"}],"about":[{"href":"https:\/\/www.cocondedecoration.com\/blog\/wp-json\/wp\/v2\/types\/post"}],"author":[{"embeddable":true,"href":"https:\/\/www.cocondedecoration.com\/blog\/wp-json\/wp\/v2\/users\/1"}],"replies":[{"embeddable":true,"href":"https:\/\/www.cocondedecoration.com\/blog\/wp-json\/wp\/v2\/comments?post=5340"}],"version-history":[{"count":0,"href":"https:\/\/www.cocondedecoration.com\/blog\/wp-json\/wp\/v2\/posts\/5340\/revisions"}],"wp:featuredmedia":[{"embeddable":true,"href":"https:\/\/www.cocondedecoration.com\/blog\/wp-json\/wp\/v2\/media\/5343"}],"wp:attachment":[{"href":"https:\/\/www.cocondedecoration.com\/blog\/wp-json\/wp\/v2\/media?parent=5340"}],"wp:term":[{"taxonomy":"category","embeddable":true,"href":"https:\/\/www.cocondedecoration.com\/blog\/wp-json\/wp\/v2\/categories?post=5340"},{"taxonomy":"post_tag","embeddable":true,"href":"https:\/\/www.cocondedecoration.com\/blog\/wp-json\/wp\/v2\/tags?post=5340"}],"curies":[{"name":"wp","href":"https:\/\/api.w.org\/{rel}","templated":true}]}}