{"id":51652,"date":"2022-08-21T06:51:25","date_gmt":"2022-08-21T04:51:25","guid":{"rendered":"http:\/\/www.cocondedecoration.com\/blog\/?p=51652"},"modified":"2023-09-03T06:46:01","modified_gmt":"2023-09-03T04:46:01","slug":"bullet-journal-rentree-des-classes","status":"publish","type":"post","link":"https:\/\/www.cocondedecoration.com\/blog\/2022\/08\/bullet-journal-rentree-des-classes\/","title":{"rendered":"[Bullet Journal] pour une ann\u00e9e scolaire organis\u00e9e"},"content":{"rendered":"\n<p>Le bullet journal est un outil qui prend parfois un peu de temps \u00e0 pr\u00e9parer mais gr\u00e2ce \u00e0 \u00e7a, vous lui donnez la forme que vous souhaitez, la fonction que vous d\u00e9sirez. Jusqu'\u00e0 pr\u00e9sent, je vous ai essentiellement donn\u00e9 des id\u00e9es pour illustrer votre bujo. Cette fois, c'est un peu diff\u00e9rent. J'ai voulu vous parler d'organisation. Avec la rentr\u00e9e des classes qui approche, vous avez peut-\u00eatre envie de repenser l'organisation du quotidien, peut-\u00eatre souhaitez-vous gagner du temps ou juste ne rien oublier. Comme pour tout, il ne faut pas tomber dans l'exc\u00e8s et devenir accro \u00e0 l'organisation effr\u00e9n\u00e9e et le contr\u00f4le de chaque minute de la journ\u00e9e. Perso, j'aime l'id\u00e9e de ne rien oublier. Dans cet article, vous trouverez diff\u00e9rents trackers qui peuvent appara\u00eetre dans votre bujo \u00e0 la rentr\u00e9e. On va aussi parler des pages pour la gestion du quotidien: listes, keys, calendrier. Je vous donne aussi des id\u00e9es pour illustrer votre journal en septembre. <\/p>\n\n\n\n<!--more-->\n\n\n\n<h2 class=\"wp-block-heading\">01 \u2022 Des trackers pour les suivre l'\u00e9volution des enfants <\/h2>\n\n\n\n<p>Qui dit rentr\u00e9e des classes, dit enfant. Et si vous trouvez que votre enfant semble fatigu\u00e9, si vous avez peur qu'il passe trop de temps devant un \u00e9cran, votre <a href=\"https:\/\/tracking.publicidees.com\/clic.php?progid=7565&amp;partid=62427&amp;dpl=https%3A%2F%2Fwww.zodio.fr%2Fhachette-my-bujo-david-sinden.html\" target=\"_blank\" rel=\"noopener noreferrer\">Bullet Journal<\/a><img loading=\"lazy\" decoding=\"async\" src=\"https:\/\/tracking.publicidees.com\/link.php?progid=7565&amp;partid=62427\" height=\"1\" width=\"1\"> peut vous aider \u00e0 prendre du recul sur une p\u00e9riode donn\u00e9e. \"Sleep tracker\", \"phone tracker\" et autre \"screen tracker\" vous permettent de noter chaque jour le temps pass\u00e9 \u00e0 faire quelque chose. J'aime cette id\u00e9e pour faire un bilan apr\u00e8s un mois par exemple. Et comme il y a quelque chose d'assez visuel dans ce type de trackers, il est ais\u00e9 de voir s'il y a un probl\u00e8me ou une irr\u00e9gularit\u00e9 en un clin d'oeil. <\/p>\n\n\n\n<p>Pour les enfants plus grands, ceux qui ont un examen en fin d'ann\u00e9e par exemple, il y a aussi le \"study tracker\" pour voir dans la semaine quels sont les jours les plus propices aux r\u00e9visions, pour se voir avancer aussi. Je n'ai jamais vraiment beaucoup r\u00e9viser quand j'\u00e9tais \u00e0 l'\u00e9cole (et m\u00eame \u00e0 la fac). Mais je me souviens que j'avais un peu le sentiment d'avoir la t\u00eate dans le guidon quand il fallait cr\u00e9er certains dossiers. Avec ce tracker, on se rend compte du temps pass\u00e9 \u00e0 travailler ou \u00e0 r\u00e9viser. <\/p>\n\n\n\n<ul class=\"wp-block-gallery columns-3 is-cropped wp-block-gallery-1 is-layout-flex wp-block-gallery-is-layout-flex\"><li class=\"blocks-gallery-item\"><figure><img loading=\"lazy\" decoding=\"async\" width=\"640\" height=\"960\" src=\"http:\/\/www.cocondedecoration.com\/blog\/wp-content\/uploads\/2022\/08\/bullet-journal-organisation-annee-scolaire-trackers-1-640x960.jpeg\" alt=\"bullet journal organisation annee scolaire trackers quantit\u00e9 de sommeil enfant fatigu\u00e9\" data-id=\"51653\" data-link=\"http:\/\/www.cocondedecoration.com\/blog\/?attachment_id=51653\" class=\"wp-image-51653\" srcset=\"https:\/\/www.cocondedecoration.com\/blog\/wp-content\/uploads\/2022\/08\/bullet-journal-organisation-annee-scolaire-trackers-1-640x960.jpeg 640w, https:\/\/www.cocondedecoration.com\/blog\/wp-content\/uploads\/2022\/08\/bullet-journal-organisation-annee-scolaire-trackers-1-260x390.jpeg 260w, https:\/\/www.cocondedecoration.com\/blog\/wp-content\/uploads\/2022\/08\/bullet-journal-organisation-annee-scolaire-trackers-1-768x1152.jpeg 768w, https:\/\/www.cocondedecoration.com\/blog\/wp-content\/uploads\/2022\/08\/bullet-journal-organisation-annee-scolaire-trackers-1-367x550.jpeg 367w, https:\/\/www.cocondedecoration.com\/blog\/wp-content\/uploads\/2022\/08\/bullet-journal-organisation-annee-scolaire-trackers-1-333x500.jpeg 333w, https:\/\/www.cocondedecoration.com\/blog\/wp-content\/uploads\/2022\/08\/bullet-journal-organisation-annee-scolaire-trackers-1.jpeg 1000w\" sizes=\"(max-width: 640px) 100vw, 640px\" \/><figcaption>crazylaura.com\n<\/figcaption><\/figure><\/li><li class=\"blocks-gallery-item\"><figure><img loading=\"lazy\" decoding=\"async\" width=\"640\" height=\"960\" src=\"http:\/\/www.cocondedecoration.com\/blog\/wp-content\/uploads\/2022\/08\/bullet-journal-organisation-annee-scolaire-trackers-2-640x960.jpeg\" alt=\"bullet journal organisation annee scolaire trackers sommeil p\u00e9riode scolaire enfant\" data-id=\"51654\" data-link=\"http:\/\/www.cocondedecoration.com\/blog\/?attachment_id=51654\" class=\"wp-image-51654\" srcset=\"https:\/\/www.cocondedecoration.com\/blog\/wp-content\/uploads\/2022\/08\/bullet-journal-organisation-annee-scolaire-trackers-2-640x960.jpeg 640w, https:\/\/www.cocondedecoration.com\/blog\/wp-content\/uploads\/2022\/08\/bullet-journal-organisation-annee-scolaire-trackers-2-260x390.jpeg 260w, https:\/\/www.cocondedecoration.com\/blog\/wp-content\/uploads\/2022\/08\/bullet-journal-organisation-annee-scolaire-trackers-2-768x1152.jpeg 768w, https:\/\/www.cocondedecoration.com\/blog\/wp-content\/uploads\/2022\/08\/bullet-journal-organisation-annee-scolaire-trackers-2-367x550.jpeg 367w, https:\/\/www.cocondedecoration.com\/blog\/wp-content\/uploads\/2022\/08\/bullet-journal-organisation-annee-scolaire-trackers-2-333x500.jpeg 333w, https:\/\/www.cocondedecoration.com\/blog\/wp-content\/uploads\/2022\/08\/bullet-journal-organisation-annee-scolaire-trackers-2.jpeg 1000w\" sizes=\"(max-width: 640px) 100vw, 640px\" \/><figcaption>atinydreamer.com\n<\/figcaption><\/figure><\/li><li class=\"blocks-gallery-item\"><figure><img loading=\"lazy\" decoding=\"async\" width=\"640\" height=\"960\" src=\"http:\/\/www.cocondedecoration.com\/blog\/wp-content\/uploads\/2022\/08\/bullet-journal-organisation-annee-scolaire-trackers-3-640x960.jpeg\" alt=\"bullet journal organisation annee scolaire trackers limiter temps d'\u00e9cran enfant ecole\" data-id=\"51655\" data-link=\"http:\/\/www.cocondedecoration.com\/blog\/?attachment_id=51655\" class=\"wp-image-51655\" srcset=\"https:\/\/www.cocondedecoration.com\/blog\/wp-content\/uploads\/2022\/08\/bullet-journal-organisation-annee-scolaire-trackers-3-640x960.jpeg 640w, https:\/\/www.cocondedecoration.com\/blog\/wp-content\/uploads\/2022\/08\/bullet-journal-organisation-annee-scolaire-trackers-3-260x390.jpeg 260w, https:\/\/www.cocondedecoration.com\/blog\/wp-content\/uploads\/2022\/08\/bullet-journal-organisation-annee-scolaire-trackers-3-768x1152.jpeg 768w, https:\/\/www.cocondedecoration.com\/blog\/wp-content\/uploads\/2022\/08\/bullet-journal-organisation-annee-scolaire-trackers-3-367x550.jpeg 367w, https:\/\/www.cocondedecoration.com\/blog\/wp-content\/uploads\/2022\/08\/bullet-journal-organisation-annee-scolaire-trackers-3-333x500.jpeg 333w, https:\/\/www.cocondedecoration.com\/blog\/wp-content\/uploads\/2022\/08\/bullet-journal-organisation-annee-scolaire-trackers-3.jpeg 1000w\" sizes=\"(max-width: 640px) 100vw, 640px\" \/><figcaption>craftindustryalliance.org\n<\/figcaption><\/figure><\/li><li class=\"blocks-gallery-item\"><figure><img loading=\"lazy\" decoding=\"async\" width=\"640\" height=\"960\" src=\"http:\/\/www.cocondedecoration.com\/blog\/wp-content\/uploads\/2022\/08\/bullet-journal-organisation-annee-scolaire-trackers-4-640x960.jpeg\" alt=\"bullet journal organisation annee scolaire trackers programme de r\u00e9vision devoirs enfant\" data-id=\"51656\" data-link=\"http:\/\/www.cocondedecoration.com\/blog\/?attachment_id=51656\" class=\"wp-image-51656\" srcset=\"https:\/\/www.cocondedecoration.com\/blog\/wp-content\/uploads\/2022\/08\/bullet-journal-organisation-annee-scolaire-trackers-4-640x960.jpeg 640w, https:\/\/www.cocondedecoration.com\/blog\/wp-content\/uploads\/2022\/08\/bullet-journal-organisation-annee-scolaire-trackers-4-260x390.jpeg 260w, https:\/\/www.cocondedecoration.com\/blog\/wp-content\/uploads\/2022\/08\/bullet-journal-organisation-annee-scolaire-trackers-4-768x1152.jpeg 768w, https:\/\/www.cocondedecoration.com\/blog\/wp-content\/uploads\/2022\/08\/bullet-journal-organisation-annee-scolaire-trackers-4-367x550.jpeg 367w, https:\/\/www.cocondedecoration.com\/blog\/wp-content\/uploads\/2022\/08\/bullet-journal-organisation-annee-scolaire-trackers-4-333x500.jpeg 333w, https:\/\/www.cocondedecoration.com\/blog\/wp-content\/uploads\/2022\/08\/bullet-journal-organisation-annee-scolaire-trackers-4.jpeg 1000w\" sizes=\"(max-width: 640px) 100vw, 640px\" \/><figcaption>kathelijne noa\n<\/figcaption><\/figure><\/li><li class=\"blocks-gallery-item\"><figure><img loading=\"lazy\" decoding=\"async\" width=\"640\" height=\"960\" src=\"http:\/\/www.cocondedecoration.com\/blog\/wp-content\/uploads\/2022\/08\/bullet-journal-organisation-annee-scolaire-trackers-5-640x960.jpeg\" alt=\"bullet journal organisation annee scolaire trackers sommeil fatigue hiver enfant \u00e9cole\" data-id=\"51657\" data-link=\"http:\/\/www.cocondedecoration.com\/blog\/?attachment_id=51657\" class=\"wp-image-51657\" srcset=\"https:\/\/www.cocondedecoration.com\/blog\/wp-content\/uploads\/2022\/08\/bullet-journal-organisation-annee-scolaire-trackers-5-640x960.jpeg 640w, https:\/\/www.cocondedecoration.com\/blog\/wp-content\/uploads\/2022\/08\/bullet-journal-organisation-annee-scolaire-trackers-5-260x390.jpeg 260w, https:\/\/www.cocondedecoration.com\/blog\/wp-content\/uploads\/2022\/08\/bullet-journal-organisation-annee-scolaire-trackers-5-768x1152.jpeg 768w, https:\/\/www.cocondedecoration.com\/blog\/wp-content\/uploads\/2022\/08\/bullet-journal-organisation-annee-scolaire-trackers-5-367x550.jpeg 367w, https:\/\/www.cocondedecoration.com\/blog\/wp-content\/uploads\/2022\/08\/bullet-journal-organisation-annee-scolaire-trackers-5-333x500.jpeg 333w, https:\/\/www.cocondedecoration.com\/blog\/wp-content\/uploads\/2022\/08\/bullet-journal-organisation-annee-scolaire-trackers-5.jpeg 1000w\" sizes=\"(max-width: 640px) 100vw, 640px\" \/><figcaption>atinydreamer.com\n<\/figcaption><\/figure><\/li><li class=\"blocks-gallery-item\"><figure><img loading=\"lazy\" decoding=\"async\" width=\"640\" height=\"960\" src=\"http:\/\/www.cocondedecoration.com\/blog\/wp-content\/uploads\/2022\/08\/bullet-journal-organisation-annee-scolaire-trackers-6-640x960.jpeg\" alt=\"bullet journal organisation annee scolaire trackers r\u00e9visions devoirs efficacit\u00e9 productivit\u00e9\" data-id=\"51658\" data-link=\"http:\/\/www.cocondedecoration.com\/blog\/?attachment_id=51658\" class=\"wp-image-51658\" srcset=\"https:\/\/www.cocondedecoration.com\/blog\/wp-content\/uploads\/2022\/08\/bullet-journal-organisation-annee-scolaire-trackers-6-640x960.jpeg 640w, https:\/\/www.cocondedecoration.com\/blog\/wp-content\/uploads\/2022\/08\/bullet-journal-organisation-annee-scolaire-trackers-6-260x390.jpeg 260w, https:\/\/www.cocondedecoration.com\/blog\/wp-content\/uploads\/2022\/08\/bullet-journal-organisation-annee-scolaire-trackers-6-768x1152.jpeg 768w, https:\/\/www.cocondedecoration.com\/blog\/wp-content\/uploads\/2022\/08\/bullet-journal-organisation-annee-scolaire-trackers-6-367x550.jpeg 367w, https:\/\/www.cocondedecoration.com\/blog\/wp-content\/uploads\/2022\/08\/bullet-journal-organisation-annee-scolaire-trackers-6-333x500.jpeg 333w, https:\/\/www.cocondedecoration.com\/blog\/wp-content\/uploads\/2022\/08\/bullet-journal-organisation-annee-scolaire-trackers-6.jpeg 1000w\" sizes=\"(max-width: 640px) 100vw, 640px\" \/><figcaption>crazylaura.com\n<\/figcaption><\/figure><\/li><\/ul>\n\n\n\n<h2 class=\"wp-block-heading\">02 \u2022 Calendrier - le programme de la semaine ou du mois en un clin d'oeil<\/h2>\n\n\n\n<p>Horaires du coll\u00e8ge diff\u00e9rents de ceux de l'\u00e9cole primaire ou du lyc\u00e9e, activit\u00e9s extra-scolaires \u00e0 foison, rendez-vous chez le dentiste et j'en passe... Certaines semaines peuvent \u00eatre tr\u00e8s charg\u00e9es. Et avec <a href=\"http:\/\/www.cocondedecoration.com\/blog\/category\/bien-etre-chez-soi\/\" target=\"_blank\" rel=\"noreferrer noopener\" aria-label=\"la fatigue de l'hiver (s\u2019ouvre dans un nouvel onglet)\">la fatigue de l'hiver<\/a>, cela peut vite sembler usant. Je n'ai pas la solution pour que \u00e7a passe mieux (\u00e0 moins probablement d'en faire moins). En revanche, le bullet journal vous offrira une vue d'ensemble de la semaine. En case, en ligne, avec ou sans couleurs, ce calendrier sert surtout \u00e0 ne pas oublier ce qui est important. Et si une case est libre pourquoi ne pas l'employer \u00e0 se reposer ou juste passer un moment simple en famille. <\/p>\n\n\n\n<ul class=\"wp-block-gallery columns-3 is-cropped wp-block-gallery-2 is-layout-flex wp-block-gallery-is-layout-flex\"><li class=\"blocks-gallery-item\"><figure><img loading=\"lazy\" decoding=\"async\" width=\"640\" height=\"960\" src=\"http:\/\/www.cocondedecoration.com\/blog\/wp-content\/uploads\/2022\/08\/calendrier-scolaire-bullet-journal-exemple-1-640x960.jpeg\" alt=\"calendrier scolaire bullet journal exemple emploi du temps color\u00e9 semaine\" data-id=\"51659\" data-link=\"http:\/\/www.cocondedecoration.com\/blog\/?attachment_id=51659\" class=\"wp-image-51659\" srcset=\"https:\/\/www.cocondedecoration.com\/blog\/wp-content\/uploads\/2022\/08\/calendrier-scolaire-bullet-journal-exemple-1-640x960.jpeg 640w, https:\/\/www.cocondedecoration.com\/blog\/wp-content\/uploads\/2022\/08\/calendrier-scolaire-bullet-journal-exemple-1-260x390.jpeg 260w, https:\/\/www.cocondedecoration.com\/blog\/wp-content\/uploads\/2022\/08\/calendrier-scolaire-bullet-journal-exemple-1-768x1152.jpeg 768w, https:\/\/www.cocondedecoration.com\/blog\/wp-content\/uploads\/2022\/08\/calendrier-scolaire-bullet-journal-exemple-1-367x550.jpeg 367w, https:\/\/www.cocondedecoration.com\/blog\/wp-content\/uploads\/2022\/08\/calendrier-scolaire-bullet-journal-exemple-1-333x500.jpeg 333w, https:\/\/www.cocondedecoration.com\/blog\/wp-content\/uploads\/2022\/08\/calendrier-scolaire-bullet-journal-exemple-1.jpeg 1000w\" sizes=\"(max-width: 640px) 100vw, 640px\" \/><figcaption>me_journals via Pinterest<\/figcaption><\/figure><\/li><li class=\"blocks-gallery-item\"><figure><img loading=\"lazy\" decoding=\"async\" width=\"640\" height=\"960\" src=\"http:\/\/www.cocondedecoration.com\/blog\/wp-content\/uploads\/2022\/08\/calendrier-scolaire-bullet-journal-exemple-2-640x960.jpeg\" alt=\"calendrier scolaire bullet journal exemple illustration \u00e9cole sac \u00e0 dos\" data-id=\"51660\" data-link=\"http:\/\/www.cocondedecoration.com\/blog\/?attachment_id=51660\" class=\"wp-image-51660\" srcset=\"https:\/\/www.cocondedecoration.com\/blog\/wp-content\/uploads\/2022\/08\/calendrier-scolaire-bullet-journal-exemple-2-640x960.jpeg 640w, https:\/\/www.cocondedecoration.com\/blog\/wp-content\/uploads\/2022\/08\/calendrier-scolaire-bullet-journal-exemple-2-260x390.jpeg 260w, https:\/\/www.cocondedecoration.com\/blog\/wp-content\/uploads\/2022\/08\/calendrier-scolaire-bullet-journal-exemple-2-768x1152.jpeg 768w, https:\/\/www.cocondedecoration.com\/blog\/wp-content\/uploads\/2022\/08\/calendrier-scolaire-bullet-journal-exemple-2-367x550.jpeg 367w, https:\/\/www.cocondedecoration.com\/blog\/wp-content\/uploads\/2022\/08\/calendrier-scolaire-bullet-journal-exemple-2-333x500.jpeg 333w, https:\/\/www.cocondedecoration.com\/blog\/wp-content\/uploads\/2022\/08\/calendrier-scolaire-bullet-journal-exemple-2.jpeg 1000w\" sizes=\"(max-width: 640px) 100vw, 640px\" \/><figcaption>bulletjournalsideas.com\n<\/figcaption><\/figure><\/li><li class=\"blocks-gallery-item\"><figure><img loading=\"lazy\" decoding=\"async\" width=\"640\" height=\"960\" src=\"http:\/\/www.cocondedecoration.com\/blog\/wp-content\/uploads\/2022\/08\/calendrier-scolaire-bullet-journal-exemple-3-640x960.jpeg\" alt=\"calendrier scolaire bullet journal exemple septembre case vue d'ensemble\" data-id=\"51661\" data-link=\"http:\/\/www.cocondedecoration.com\/blog\/?attachment_id=51661\" class=\"wp-image-51661\" srcset=\"https:\/\/www.cocondedecoration.com\/blog\/wp-content\/uploads\/2022\/08\/calendrier-scolaire-bullet-journal-exemple-3-640x960.jpeg 640w, https:\/\/www.cocondedecoration.com\/blog\/wp-content\/uploads\/2022\/08\/calendrier-scolaire-bullet-journal-exemple-3-260x390.jpeg 260w, https:\/\/www.cocondedecoration.com\/blog\/wp-content\/uploads\/2022\/08\/calendrier-scolaire-bullet-journal-exemple-3-768x1152.jpeg 768w, https:\/\/www.cocondedecoration.com\/blog\/wp-content\/uploads\/2022\/08\/calendrier-scolaire-bullet-journal-exemple-3-367x550.jpeg 367w, https:\/\/www.cocondedecoration.com\/blog\/wp-content\/uploads\/2022\/08\/calendrier-scolaire-bullet-journal-exemple-3-333x500.jpeg 333w, https:\/\/www.cocondedecoration.com\/blog\/wp-content\/uploads\/2022\/08\/calendrier-scolaire-bullet-journal-exemple-3.jpeg 1000w\" sizes=\"(max-width: 640px) 100vw, 640px\" \/><figcaption>crazylaura.com\n<\/figcaption><\/figure><\/li><li class=\"blocks-gallery-item\"><figure><img loading=\"lazy\" decoding=\"async\" width=\"640\" height=\"960\" src=\"http:\/\/www.cocondedecoration.com\/blog\/wp-content\/uploads\/2022\/08\/calendrier-scolaire-bullet-journal-exemple-4-640x960.jpeg\" alt=\"calendrier scolaire bullet journal exemple case couleur rep\u00e8re organisation vue d'ensemble\" data-id=\"51662\" data-link=\"http:\/\/www.cocondedecoration.com\/blog\/?attachment_id=51662\" class=\"wp-image-51662\" srcset=\"https:\/\/www.cocondedecoration.com\/blog\/wp-content\/uploads\/2022\/08\/calendrier-scolaire-bullet-journal-exemple-4-640x960.jpeg 640w, https:\/\/www.cocondedecoration.com\/blog\/wp-content\/uploads\/2022\/08\/calendrier-scolaire-bullet-journal-exemple-4-260x390.jpeg 260w, https:\/\/www.cocondedecoration.com\/blog\/wp-content\/uploads\/2022\/08\/calendrier-scolaire-bullet-journal-exemple-4-768x1152.jpeg 768w, https:\/\/www.cocondedecoration.com\/blog\/wp-content\/uploads\/2022\/08\/calendrier-scolaire-bullet-journal-exemple-4-367x550.jpeg 367w, https:\/\/www.cocondedecoration.com\/blog\/wp-content\/uploads\/2022\/08\/calendrier-scolaire-bullet-journal-exemple-4-333x500.jpeg 333w, https:\/\/www.cocondedecoration.com\/blog\/wp-content\/uploads\/2022\/08\/calendrier-scolaire-bullet-journal-exemple-4.jpeg 1000w\" sizes=\"(max-width: 640px) 100vw, 640px\" \/><figcaption>bulletjournalsideas.com\n<\/figcaption><\/figure><\/li><li class=\"blocks-gallery-item\"><figure><img loading=\"lazy\" decoding=\"async\" width=\"640\" height=\"960\" src=\"http:\/\/www.cocondedecoration.com\/blog\/wp-content\/uploads\/2022\/08\/calendrier-scolaire-bullet-journal-exemple-5-640x960.jpeg\" alt=\"calendrier scolaire bullet journal exemple semainier minimaliste efficace liste t\u00e2che\" data-id=\"51663\" data-link=\"http:\/\/www.cocondedecoration.com\/blog\/?attachment_id=51663\" class=\"wp-image-51663\" srcset=\"https:\/\/www.cocondedecoration.com\/blog\/wp-content\/uploads\/2022\/08\/calendrier-scolaire-bullet-journal-exemple-5-640x960.jpeg 640w, https:\/\/www.cocondedecoration.com\/blog\/wp-content\/uploads\/2022\/08\/calendrier-scolaire-bullet-journal-exemple-5-260x390.jpeg 260w, https:\/\/www.cocondedecoration.com\/blog\/wp-content\/uploads\/2022\/08\/calendrier-scolaire-bullet-journal-exemple-5-768x1152.jpeg 768w, https:\/\/www.cocondedecoration.com\/blog\/wp-content\/uploads\/2022\/08\/calendrier-scolaire-bullet-journal-exemple-5-367x550.jpeg 367w, https:\/\/www.cocondedecoration.com\/blog\/wp-content\/uploads\/2022\/08\/calendrier-scolaire-bullet-journal-exemple-5-333x500.jpeg 333w, https:\/\/www.cocondedecoration.com\/blog\/wp-content\/uploads\/2022\/08\/calendrier-scolaire-bullet-journal-exemple-5.jpeg 1000w\" sizes=\"(max-width: 640px) 100vw, 640px\" \/><figcaption>atinydreamer.com\n<\/figcaption><\/figure><\/li><li class=\"blocks-gallery-item\"><figure><img loading=\"lazy\" decoding=\"async\" width=\"640\" height=\"960\" src=\"http:\/\/www.cocondedecoration.com\/blog\/wp-content\/uploads\/2022\/08\/calendrier-scolaire-bullet-journal-exemple-6-640x960.jpeg\" alt=\"calendrier scolaire bullet journal exemple illustration sympa vue d'ensemble\" data-id=\"51664\" data-link=\"http:\/\/www.cocondedecoration.com\/blog\/?attachment_id=51664\" class=\"wp-image-51664\" srcset=\"https:\/\/www.cocondedecoration.com\/blog\/wp-content\/uploads\/2022\/08\/calendrier-scolaire-bullet-journal-exemple-6-640x960.jpeg 640w, https:\/\/www.cocondedecoration.com\/blog\/wp-content\/uploads\/2022\/08\/calendrier-scolaire-bullet-journal-exemple-6-260x390.jpeg 260w, https:\/\/www.cocondedecoration.com\/blog\/wp-content\/uploads\/2022\/08\/calendrier-scolaire-bullet-journal-exemple-6-768x1152.jpeg 768w, https:\/\/www.cocondedecoration.com\/blog\/wp-content\/uploads\/2022\/08\/calendrier-scolaire-bullet-journal-exemple-6-367x550.jpeg 367w, https:\/\/www.cocondedecoration.com\/blog\/wp-content\/uploads\/2022\/08\/calendrier-scolaire-bullet-journal-exemple-6-333x500.jpeg 333w, https:\/\/www.cocondedecoration.com\/blog\/wp-content\/uploads\/2022\/08\/calendrier-scolaire-bullet-journal-exemple-6.jpeg 1000w\" sizes=\"(max-width: 640px) 100vw, 640px\" \/><figcaption>bulletjournalsideas.com\n<\/figcaption><\/figure><\/li><\/ul>\n\n\n\n<h2 class=\"wp-block-heading\">03 \u2022 Et si votre bujo vous permettait de r\u00e9duire la charge mentale?<\/h2>\n\n\n\n<p>Quand je faisais mon bullet journal il y a quelques ann\u00e9es, le m\u00e9nage \u00e9tait inscrit dedans. J'avais des zones de m\u00e9nage planifi\u00e9es et \u00e7a m'allait assez bien. C'est moins fun que le liste des livres qu'on aimerait lire ou celle des s\u00e9ries Netflix qu'on aimerait regarder. Mais la gestion de la maison au quotidien est une part importante et trop souvent oubli\u00e9e. Dans cette partie, les id\u00e9es sont nombreuses: <\/p>\n\n\n\n<ul><li>Un tracker pour se souvenir de quand on a arroser les <a href=\"http:\/\/www.cocondedecoration.com\/blog\/category\/decoration-plantes\/\" target=\"_blank\" rel=\"noreferrer noopener\" aria-label=\"plantes (s\u2019ouvre dans un nouvel onglet)\">plantes<\/a>; <\/li><li>Une liste pour se rappeler des anniversaires et ne pas en louper un sans faire expr\u00e8s; <\/li><li>Des listes de m\u00e9nage soit comme un programme \u00e0 achever, soit pour cr\u00e9er une nouvelle routine qui vous va mieux;  <\/li><li>Des listes pour le budgets ou les d\u00e9penses histoire de faire les comptes tout au long du mois et pas juste quand le relev\u00e9 arrive; <\/li><li>Encore une fois, une page pour se rendre compte en un clin d'oeil tout ce qu'on a \u00e0 faire pendant la semaine - quitte \u00e0 r\u00e9organiser certaines journ\u00e9es pour trouver un \u00e9quilibre. <\/li><\/ul>\n\n\n\n<p>Je suis assez blas\u00e9e par la question de la charge mentale. J'en ai souffert pendant tr\u00e8s longtemps quand j'\u00e9tais en France. Depuis qu'on est parti, c'est un peu diff\u00e9rent. Mais j'ai un mode de vie diff\u00e9rent, je n'ai pas souvent \u00e0 faire le m\u00e9nage ou m\u00eame ma lessive. Bref, je ne vais pas vous donner des conseils pour r\u00e9duire la charge qui vous incombe au quotidien. J'aimerai mais ce qui est mis en place dans mon quotidien est difficilement duplicable dans un mode de vie s\u00e9dentaire en France. Et j'ai aussi appris ces derni\u00e8res ann\u00e9es \u00e0 m'en foutre un peu plus. J'en parlais il y a quelques semaines avec une amie qui me disait: \"il faudrait que tu \u00e9crives un article dessus\". Ce n'est pas le sujet aujourd'hui. Et m\u00eame si la th\u00e9matique est dans un coin de mon esprit pour le moment ce n'est pas suffisamment clair pour que je puisse vous \u00e9crire \u00e0 ce propos. <\/p>\n\n\n\n<p>Je voulais juste ici pr\u00e9ciser un point qui est essentiel \u00e0 mes yeux. Ce n'est pas parce que vous avez des outils dans votre bullet journal pour \u00eatre plus efficace que vous devez en profiter pour en faire plus le mois ou la semaine d'apr\u00e8s. Je pr\u00eache sur le blog un mode de vie plus slow. Je ne vous encourage pas \u00e0 devenir une Desperate Housewife avec une maison clean et parfaite en toutes circonstances. C'est un peu le contraire, je vous encourage \u00e0 lib\u00e9rer du temps pour vous (et m\u00eame rien que pour vous), pour faire ce que vous aimez, pour vous faire passer en premier de temps \u00e0 autre. Ca me semble tellement important! <\/p>\n\n\n\n<p>Retrouvez ici toutes mes id\u00e9es <a href=\"http:\/\/www.cocondedecoration.com\/blog\/category\/lifesyle\/diy-carnet-de-voyage-bullet-journal\/\" target=\"_blank\" rel=\"noreferrer noopener\" aria-label=\"pour votre bullet journal ou votre carnet de voyage.  (s\u2019ouvre dans un nouvel onglet)\">pour votre bullet journal ou votre carnet de voyage. <\/a><\/p>\n\n\n\n<ul class=\"wp-block-gallery columns-3 is-cropped wp-block-gallery-3 is-layout-flex wp-block-gallery-is-layout-flex\"><li class=\"blocks-gallery-item\"><figure><img loading=\"lazy\" decoding=\"async\" width=\"640\" height=\"960\" src=\"http:\/\/www.cocondedecoration.com\/blog\/wp-content\/uploads\/2022\/08\/organisation-bujo-quotidien-charge-mentale-1-640x960.jpeg\" alt=\"organisation bujo quotidien charge mentale programme m\u00e9nage nettoyage de la maison style minimaliste\" data-id=\"51665\" data-link=\"http:\/\/www.cocondedecoration.com\/blog\/?attachment_id=51665\" class=\"wp-image-51665\" srcset=\"https:\/\/www.cocondedecoration.com\/blog\/wp-content\/uploads\/2022\/08\/organisation-bujo-quotidien-charge-mentale-1-640x960.jpeg 640w, https:\/\/www.cocondedecoration.com\/blog\/wp-content\/uploads\/2022\/08\/organisation-bujo-quotidien-charge-mentale-1-260x390.jpeg 260w, https:\/\/www.cocondedecoration.com\/blog\/wp-content\/uploads\/2022\/08\/organisation-bujo-quotidien-charge-mentale-1-768x1152.jpeg 768w, https:\/\/www.cocondedecoration.com\/blog\/wp-content\/uploads\/2022\/08\/organisation-bujo-quotidien-charge-mentale-1-367x550.jpeg 367w, https:\/\/www.cocondedecoration.com\/blog\/wp-content\/uploads\/2022\/08\/organisation-bujo-quotidien-charge-mentale-1-333x500.jpeg 333w, https:\/\/www.cocondedecoration.com\/blog\/wp-content\/uploads\/2022\/08\/organisation-bujo-quotidien-charge-mentale-1.jpeg 1000w\" sizes=\"(max-width: 640px) 100vw, 640px\" \/><figcaption>misslouie.com\n<\/figcaption><\/figure><\/li><li class=\"blocks-gallery-item\"><figure><img loading=\"lazy\" decoding=\"async\" width=\"640\" height=\"960\" src=\"http:\/\/www.cocondedecoration.com\/blog\/wp-content\/uploads\/2022\/08\/organisation-bujo-quotidien-charge-mentale-2-640x960.jpeg\" alt=\"organisation bujo quotidien charge mentale arrosage et entretien des plantes int\u00e9rieures\" data-id=\"51666\" data-link=\"http:\/\/www.cocondedecoration.com\/blog\/?attachment_id=51666\" class=\"wp-image-51666\" srcset=\"https:\/\/www.cocondedecoration.com\/blog\/wp-content\/uploads\/2022\/08\/organisation-bujo-quotidien-charge-mentale-2-640x960.jpeg 640w, https:\/\/www.cocondedecoration.com\/blog\/wp-content\/uploads\/2022\/08\/organisation-bujo-quotidien-charge-mentale-2-260x390.jpeg 260w, https:\/\/www.cocondedecoration.com\/blog\/wp-content\/uploads\/2022\/08\/organisation-bujo-quotidien-charge-mentale-2-768x1152.jpeg 768w, https:\/\/www.cocondedecoration.com\/blog\/wp-content\/uploads\/2022\/08\/organisation-bujo-quotidien-charge-mentale-2-367x550.jpeg 367w, https:\/\/www.cocondedecoration.com\/blog\/wp-content\/uploads\/2022\/08\/organisation-bujo-quotidien-charge-mentale-2-333x500.jpeg 333w, https:\/\/www.cocondedecoration.com\/blog\/wp-content\/uploads\/2022\/08\/organisation-bujo-quotidien-charge-mentale-2.jpeg 1000w\" sizes=\"(max-width: 640px) 100vw, 640px\" \/><figcaption>simplelifeofalady.com\n<\/figcaption><\/figure><\/li><li class=\"blocks-gallery-item\"><figure><img loading=\"lazy\" decoding=\"async\" width=\"640\" height=\"960\" src=\"http:\/\/www.cocondedecoration.com\/blog\/wp-content\/uploads\/2022\/08\/organisation-bujo-quotidien-charge-mentale-3-640x960.jpeg\" alt=\"organisation bujo quotidien charge mentale se souvenir des dates anniversaire\" data-id=\"51667\" data-link=\"http:\/\/www.cocondedecoration.com\/blog\/?attachment_id=51667\" class=\"wp-image-51667\" srcset=\"https:\/\/www.cocondedecoration.com\/blog\/wp-content\/uploads\/2022\/08\/organisation-bujo-quotidien-charge-mentale-3-640x960.jpeg 640w, https:\/\/www.cocondedecoration.com\/blog\/wp-content\/uploads\/2022\/08\/organisation-bujo-quotidien-charge-mentale-3-260x390.jpeg 260w, https:\/\/www.cocondedecoration.com\/blog\/wp-content\/uploads\/2022\/08\/organisation-bujo-quotidien-charge-mentale-3-768x1152.jpeg 768w, https:\/\/www.cocondedecoration.com\/blog\/wp-content\/uploads\/2022\/08\/organisation-bujo-quotidien-charge-mentale-3-367x550.jpeg 367w, https:\/\/www.cocondedecoration.com\/blog\/wp-content\/uploads\/2022\/08\/organisation-bujo-quotidien-charge-mentale-3-333x500.jpeg 333w, https:\/\/www.cocondedecoration.com\/blog\/wp-content\/uploads\/2022\/08\/organisation-bujo-quotidien-charge-mentale-3.jpeg 1000w\" sizes=\"(max-width: 640px) 100vw, 640px\" \/><figcaption>boitascrap.over-blog.com\n<\/figcaption><\/figure><\/li><li class=\"blocks-gallery-item\"><figure><img loading=\"lazy\" decoding=\"async\" width=\"640\" height=\"960\" src=\"http:\/\/www.cocondedecoration.com\/blog\/wp-content\/uploads\/2022\/08\/organisation-bujo-quotidien-charge-mentale-4-640x960.jpeg\" alt=\"organisation bujo quotidien charge mentale \u00e9quilibrer le budget de la famille noter les d\u00e9penses\" data-id=\"51668\" data-link=\"http:\/\/www.cocondedecoration.com\/blog\/?attachment_id=51668\" class=\"wp-image-51668\" srcset=\"https:\/\/www.cocondedecoration.com\/blog\/wp-content\/uploads\/2022\/08\/organisation-bujo-quotidien-charge-mentale-4-640x960.jpeg 640w, https:\/\/www.cocondedecoration.com\/blog\/wp-content\/uploads\/2022\/08\/organisation-bujo-quotidien-charge-mentale-4-260x390.jpeg 260w, https:\/\/www.cocondedecoration.com\/blog\/wp-content\/uploads\/2022\/08\/organisation-bujo-quotidien-charge-mentale-4-768x1152.jpeg 768w, https:\/\/www.cocondedecoration.com\/blog\/wp-content\/uploads\/2022\/08\/organisation-bujo-quotidien-charge-mentale-4-367x550.jpeg 367w, https:\/\/www.cocondedecoration.com\/blog\/wp-content\/uploads\/2022\/08\/organisation-bujo-quotidien-charge-mentale-4-333x500.jpeg 333w, https:\/\/www.cocondedecoration.com\/blog\/wp-content\/uploads\/2022\/08\/organisation-bujo-quotidien-charge-mentale-4.jpeg 1000w\" sizes=\"(max-width: 640px) 100vw, 640px\" \/><figcaption>amandehonorable.wordpress.com\n<\/figcaption><\/figure><\/li><li class=\"blocks-gallery-item\"><figure><img loading=\"lazy\" decoding=\"async\" width=\"640\" height=\"960\" src=\"http:\/\/www.cocondedecoration.com\/blog\/wp-content\/uploads\/2022\/08\/organisation-bujo-quotidien-charge-mentale-5-640x960.jpeg\" alt=\"organisation bujo quotidien charge mentale programme de la semaine sur une page\" data-id=\"51669\" data-link=\"http:\/\/www.cocondedecoration.com\/blog\/?attachment_id=51669\" class=\"wp-image-51669\" srcset=\"https:\/\/www.cocondedecoration.com\/blog\/wp-content\/uploads\/2022\/08\/organisation-bujo-quotidien-charge-mentale-5-640x960.jpeg 640w, https:\/\/www.cocondedecoration.com\/blog\/wp-content\/uploads\/2022\/08\/organisation-bujo-quotidien-charge-mentale-5-260x390.jpeg 260w, https:\/\/www.cocondedecoration.com\/blog\/wp-content\/uploads\/2022\/08\/organisation-bujo-quotidien-charge-mentale-5-768x1152.jpeg 768w, https:\/\/www.cocondedecoration.com\/blog\/wp-content\/uploads\/2022\/08\/organisation-bujo-quotidien-charge-mentale-5-367x550.jpeg 367w, https:\/\/www.cocondedecoration.com\/blog\/wp-content\/uploads\/2022\/08\/organisation-bujo-quotidien-charge-mentale-5-333x500.jpeg 333w, https:\/\/www.cocondedecoration.com\/blog\/wp-content\/uploads\/2022\/08\/organisation-bujo-quotidien-charge-mentale-5.jpeg 1000w\" sizes=\"(max-width: 640px) 100vw, 640px\" \/><figcaption>etsy.com\n<\/figcaption><\/figure><\/li><li class=\"blocks-gallery-item\"><figure><img loading=\"lazy\" decoding=\"async\" width=\"640\" height=\"960\" src=\"http:\/\/www.cocondedecoration.com\/blog\/wp-content\/uploads\/2022\/08\/organisation-bujo-quotidien-charge-mentale-6-640x960.jpeg\" alt=\"organisation bujo quotidien charge mentale m\u00e9nage mois trackers pratique\" data-id=\"51670\" data-link=\"http:\/\/www.cocondedecoration.com\/blog\/?attachment_id=51670\" class=\"wp-image-51670\" srcset=\"https:\/\/www.cocondedecoration.com\/blog\/wp-content\/uploads\/2022\/08\/organisation-bujo-quotidien-charge-mentale-6-640x960.jpeg 640w, https:\/\/www.cocondedecoration.com\/blog\/wp-content\/uploads\/2022\/08\/organisation-bujo-quotidien-charge-mentale-6-260x390.jpeg 260w, https:\/\/www.cocondedecoration.com\/blog\/wp-content\/uploads\/2022\/08\/organisation-bujo-quotidien-charge-mentale-6-768x1152.jpeg 768w, https:\/\/www.cocondedecoration.com\/blog\/wp-content\/uploads\/2022\/08\/organisation-bujo-quotidien-charge-mentale-6-367x550.jpeg 367w, https:\/\/www.cocondedecoration.com\/blog\/wp-content\/uploads\/2022\/08\/organisation-bujo-quotidien-charge-mentale-6-333x500.jpeg 333w, https:\/\/www.cocondedecoration.com\/blog\/wp-content\/uploads\/2022\/08\/organisation-bujo-quotidien-charge-mentale-6.jpeg 1000w\" sizes=\"(max-width: 640px) 100vw, 640px\" \/><figcaption>Gitte Marie Nielsen via Pinterest<\/figcaption><\/figure><\/li><\/ul>\n\n\n\n<h2 class=\"wp-block-heading\">04 \u2022 Liste &amp; clefs pour l'ann\u00e9e scolaire<\/h2>\n\n\n\n<p>On repart sur une th\u00e9matique plus proche de l'\u00e9cole avec les listes et les clefs qui ont une place toute singuli\u00e8re dans un journal \u00e0 bulles. <br>Les \"keys\" sont int\u00e9ressantes pour suivre la progression des devoirs par exemple si c'est votre enfant qui tient un bullet journal. Un code couleur par mati\u00e8re, des symboles pour marquer le niveau d'avancement. Ca ressemble un peu \u00e0 mon organisation de boulot sauf que je suis sur Google agenda.<\/p>\n\n\n\n<p>Je suis plus int\u00e9ress\u00e9e par les listes notamment celles de fournitures scolaires \u00e0 mettre dans le sac en d\u00e9but d'ann\u00e9e. Cette liste peut aussi \u00eatre reproduite en format A4 pour aider votre coll\u00e9gien(ne) \u00e0 faire il\/elle-m\u00eame son sac pour le lendemain. Un pense-b\u00eate qui peut \u00e0 la fois \u00eatre dans votre <a href=\"https:\/\/tracking.publicidees.com\/clic.php?progid=7565&amp;partid=62427&amp;dpl=https%3A%2F%2Fwww.zodio.fr%2Fkit-bullet-journal.html\" target=\"_blank\" rel=\"noopener noreferrer\">bujo<\/a><img loading=\"lazy\" decoding=\"async\" src=\"https:\/\/tracking.publicidees.com\/link.php?progid=7565&amp;partid=62427\" height=\"1\" width=\"1\"> et ailleurs pour que ce soit pratique pour tout le monde! <\/p>\n\n\n\n<ul class=\"wp-block-gallery columns-2 is-cropped wp-block-gallery-4 is-layout-flex wp-block-gallery-is-layout-flex\"><li class=\"blocks-gallery-item\"><figure><img loading=\"lazy\" decoding=\"async\" width=\"640\" height=\"960\" src=\"http:\/\/www.cocondedecoration.com\/blog\/wp-content\/uploads\/2022\/08\/bullet-journal-rentree-scoliare-liste-et-clefs-1-640x960.jpeg\" alt=\"bullet journal rentree scoliare liste fournitures scolaires \u00e0 mettre dans le sac\" data-id=\"51671\" data-link=\"http:\/\/www.cocondedecoration.com\/blog\/?attachment_id=51671\" class=\"wp-image-51671\" srcset=\"https:\/\/www.cocondedecoration.com\/blog\/wp-content\/uploads\/2022\/08\/bullet-journal-rentree-scoliare-liste-et-clefs-1-640x960.jpeg 640w, https:\/\/www.cocondedecoration.com\/blog\/wp-content\/uploads\/2022\/08\/bullet-journal-rentree-scoliare-liste-et-clefs-1-260x390.jpeg 260w, https:\/\/www.cocondedecoration.com\/blog\/wp-content\/uploads\/2022\/08\/bullet-journal-rentree-scoliare-liste-et-clefs-1-768x1152.jpeg 768w, https:\/\/www.cocondedecoration.com\/blog\/wp-content\/uploads\/2022\/08\/bullet-journal-rentree-scoliare-liste-et-clefs-1-367x550.jpeg 367w, https:\/\/www.cocondedecoration.com\/blog\/wp-content\/uploads\/2022\/08\/bullet-journal-rentree-scoliare-liste-et-clefs-1-333x500.jpeg 333w, https:\/\/www.cocondedecoration.com\/blog\/wp-content\/uploads\/2022\/08\/bullet-journal-rentree-scoliare-liste-et-clefs-1.jpeg 1000w\" sizes=\"(max-width: 640px) 100vw, 640px\" \/><figcaption>crazylaura.com\n<\/figcaption><\/figure><\/li><li class=\"blocks-gallery-item\"><figure><img loading=\"lazy\" decoding=\"async\" width=\"640\" height=\"960\" src=\"http:\/\/www.cocondedecoration.com\/blog\/wp-content\/uploads\/2022\/08\/bullet-journal-rentree-scoliare-liste-et-clefs-2-640x960.jpeg\" alt=\"bullet journal rentree scoliare liste et clefs organisation mati\u00e8re couleur symbole exemple\" data-id=\"51672\" data-link=\"http:\/\/www.cocondedecoration.com\/blog\/?attachment_id=51672\" class=\"wp-image-51672\" srcset=\"https:\/\/www.cocondedecoration.com\/blog\/wp-content\/uploads\/2022\/08\/bullet-journal-rentree-scoliare-liste-et-clefs-2-640x960.jpeg 640w, https:\/\/www.cocondedecoration.com\/blog\/wp-content\/uploads\/2022\/08\/bullet-journal-rentree-scoliare-liste-et-clefs-2-260x390.jpeg 260w, https:\/\/www.cocondedecoration.com\/blog\/wp-content\/uploads\/2022\/08\/bullet-journal-rentree-scoliare-liste-et-clefs-2-768x1152.jpeg 768w, https:\/\/www.cocondedecoration.com\/blog\/wp-content\/uploads\/2022\/08\/bullet-journal-rentree-scoliare-liste-et-clefs-2-367x550.jpeg 367w, https:\/\/www.cocondedecoration.com\/blog\/wp-content\/uploads\/2022\/08\/bullet-journal-rentree-scoliare-liste-et-clefs-2-333x500.jpeg 333w, https:\/\/www.cocondedecoration.com\/blog\/wp-content\/uploads\/2022\/08\/bullet-journal-rentree-scoliare-liste-et-clefs-2.jpeg 1000w\" sizes=\"(max-width: 640px) 100vw, 640px\" \/><figcaption>m.youtube.com\n<\/figcaption><\/figure><\/li><\/ul>\n\n\n\n<h2 class=\"wp-block-heading\">05 \u2022 Illustrer son bullet journal pour la rentr\u00e9e des classes<\/h2>\n\n\n\n<p>Je termine cet article d\u00e9di\u00e9 aux Bullet Journal et \u00e0 la reprise de l'\u00e9cole avec des illustrations. Une partie cr\u00e9ative que j'affectionne beaucoup. En septembre, la rentr\u00e9e des classes est un th\u00e8me qui tourne sous le sens quand on est parent ou juste quand on va au lyc\u00e9e \/ la fac. On trouve donc des dessins de <a href=\"https:\/\/tracking.publicidees.com\/clic.php?progid=7565&partid=62427&dpl=https%3A%2F%2Fwww.zodio.fr%2Fcoffret-brush-lettering.html\" target=\"_blank\" rel=\"noopener noreferrer\">crayons<\/a><img loading=\"lazy\" decoding=\"async\" src=\"https:\/\/tracking.publicidees.com\/link.php?progid=7565&partid=62427\" height=\"1\" width=\"1\">, cahiers, livres, tableau noir, mappemonde, cartable... On peut aller un peu plus loin et s'inspirer du bureau pour marquer l'id\u00e9e de la reprise apr\u00e8s les vacances estivales. <a href=\"https:\/\/tracking.publicidees.com\/clic.php?progid=7565&amp;partid=62427&amp;dpl=https%3A%2F%2Fwww.zodio.fr%2Fmotifs-pour-bullet-journal.html\" target=\"_blank\" rel=\"noopener noreferrer\">Retrouvez ici plus d'id\u00e9es d'illustrations<\/a><img loading=\"lazy\" decoding=\"async\" src=\"https:\/\/tracking.publicidees.com\/link.php?progid=7565&amp;partid=62427\" height=\"1\" width=\"1\"> et des conseils \/ exercices pour apprendre de nouveaux motifs. <\/p>\n\n\n\n<ul class=\"wp-block-gallery columns-3 is-cropped wp-block-gallery-5 is-layout-flex wp-block-gallery-is-layout-flex\"><li class=\"blocks-gallery-item\"><figure><img loading=\"lazy\" decoding=\"async\" width=\"640\" height=\"960\" src=\"http:\/\/www.cocondedecoration.com\/blog\/wp-content\/uploads\/2022\/08\/illustration-rentree-des-classes-bujo-1-640x960.jpeg\" alt=\"illustration rentree des classes bujo doodle petits dessins cartable tableau noir livres\" data-id=\"51673\" data-link=\"http:\/\/www.cocondedecoration.com\/blog\/?attachment_id=51673\" class=\"wp-image-51673\" srcset=\"https:\/\/www.cocondedecoration.com\/blog\/wp-content\/uploads\/2022\/08\/illustration-rentree-des-classes-bujo-1-640x960.jpeg 640w, https:\/\/www.cocondedecoration.com\/blog\/wp-content\/uploads\/2022\/08\/illustration-rentree-des-classes-bujo-1-260x390.jpeg 260w, https:\/\/www.cocondedecoration.com\/blog\/wp-content\/uploads\/2022\/08\/illustration-rentree-des-classes-bujo-1-768x1152.jpeg 768w, https:\/\/www.cocondedecoration.com\/blog\/wp-content\/uploads\/2022\/08\/illustration-rentree-des-classes-bujo-1-367x550.jpeg 367w, https:\/\/www.cocondedecoration.com\/blog\/wp-content\/uploads\/2022\/08\/illustration-rentree-des-classes-bujo-1-333x500.jpeg 333w, https:\/\/www.cocondedecoration.com\/blog\/wp-content\/uploads\/2022\/08\/illustration-rentree-des-classes-bujo-1.jpeg 1000w\" sizes=\"(max-width: 640px) 100vw, 640px\" \/><figcaption>sweetplanit.com\n<\/figcaption><\/figure><\/li><li class=\"blocks-gallery-item\"><figure><img loading=\"lazy\" decoding=\"async\" width=\"640\" height=\"960\" src=\"http:\/\/www.cocondedecoration.com\/blog\/wp-content\/uploads\/2022\/08\/illustration-rentree-des-classes-bujo-2-640x960.jpeg\" alt=\"illustration rentree des classes bujo dessin pile de livre studieux fleurs couleurs modernes\" data-id=\"51674\" data-link=\"http:\/\/www.cocondedecoration.com\/blog\/?attachment_id=51674\" class=\"wp-image-51674\" srcset=\"https:\/\/www.cocondedecoration.com\/blog\/wp-content\/uploads\/2022\/08\/illustration-rentree-des-classes-bujo-2-640x960.jpeg 640w, https:\/\/www.cocondedecoration.com\/blog\/wp-content\/uploads\/2022\/08\/illustration-rentree-des-classes-bujo-2-260x390.jpeg 260w, https:\/\/www.cocondedecoration.com\/blog\/wp-content\/uploads\/2022\/08\/illustration-rentree-des-classes-bujo-2-768x1152.jpeg 768w, https:\/\/www.cocondedecoration.com\/blog\/wp-content\/uploads\/2022\/08\/illustration-rentree-des-classes-bujo-2-367x550.jpeg 367w, https:\/\/www.cocondedecoration.com\/blog\/wp-content\/uploads\/2022\/08\/illustration-rentree-des-classes-bujo-2-333x500.jpeg 333w, https:\/\/www.cocondedecoration.com\/blog\/wp-content\/uploads\/2022\/08\/illustration-rentree-des-classes-bujo-2.jpeg 1000w\" sizes=\"(max-width: 640px) 100vw, 640px\" \/><figcaption>ktscanvases.com\n<\/figcaption><\/figure><\/li><li class=\"blocks-gallery-item\"><figure><img loading=\"lazy\" decoding=\"async\" width=\"640\" height=\"960\" src=\"http:\/\/www.cocondedecoration.com\/blog\/wp-content\/uploads\/2022\/08\/illustration-rentree-des-classes-bujo-3-640x960.jpeg\" alt=\"illustration rentree des classes bujo bus scolaire am\u00e9ricain jolie typo manuscrite\" data-id=\"51675\" data-link=\"http:\/\/www.cocondedecoration.com\/blog\/?attachment_id=51675\" class=\"wp-image-51675\" srcset=\"https:\/\/www.cocondedecoration.com\/blog\/wp-content\/uploads\/2022\/08\/illustration-rentree-des-classes-bujo-3-640x960.jpeg 640w, https:\/\/www.cocondedecoration.com\/blog\/wp-content\/uploads\/2022\/08\/illustration-rentree-des-classes-bujo-3-260x390.jpeg 260w, https:\/\/www.cocondedecoration.com\/blog\/wp-content\/uploads\/2022\/08\/illustration-rentree-des-classes-bujo-3-768x1152.jpeg 768w, https:\/\/www.cocondedecoration.com\/blog\/wp-content\/uploads\/2022\/08\/illustration-rentree-des-classes-bujo-3-367x550.jpeg 367w, https:\/\/www.cocondedecoration.com\/blog\/wp-content\/uploads\/2022\/08\/illustration-rentree-des-classes-bujo-3-333x500.jpeg 333w, https:\/\/www.cocondedecoration.com\/blog\/wp-content\/uploads\/2022\/08\/illustration-rentree-des-classes-bujo-3.jpeg 1000w\" sizes=\"(max-width: 640px) 100vw, 640px\" \/><figcaption>Marion Dachicourt via Pinterest<\/figcaption><\/figure><\/li><li class=\"blocks-gallery-item\"><figure><img loading=\"lazy\" decoding=\"async\" width=\"640\" height=\"960\" src=\"http:\/\/www.cocondedecoration.com\/blog\/wp-content\/uploads\/2022\/08\/illustration-rentree-des-classes-bujo-4-640x960.jpeg\" alt=\"illustration rentree des classes bujo dessin bureau septembre\" data-id=\"51676\" data-link=\"http:\/\/www.cocondedecoration.com\/blog\/?attachment_id=51676\" class=\"wp-image-51676\" srcset=\"https:\/\/www.cocondedecoration.com\/blog\/wp-content\/uploads\/2022\/08\/illustration-rentree-des-classes-bujo-4-640x960.jpeg 640w, https:\/\/www.cocondedecoration.com\/blog\/wp-content\/uploads\/2022\/08\/illustration-rentree-des-classes-bujo-4-260x390.jpeg 260w, https:\/\/www.cocondedecoration.com\/blog\/wp-content\/uploads\/2022\/08\/illustration-rentree-des-classes-bujo-4-768x1152.jpeg 768w, https:\/\/www.cocondedecoration.com\/blog\/wp-content\/uploads\/2022\/08\/illustration-rentree-des-classes-bujo-4-367x550.jpeg 367w, https:\/\/www.cocondedecoration.com\/blog\/wp-content\/uploads\/2022\/08\/illustration-rentree-des-classes-bujo-4-333x500.jpeg 333w, https:\/\/www.cocondedecoration.com\/blog\/wp-content\/uploads\/2022\/08\/illustration-rentree-des-classes-bujo-4.jpeg 1000w\" sizes=\"(max-width: 640px) 100vw, 640px\" \/><figcaption>artisthue.com\n<\/figcaption><\/figure><\/li><li class=\"blocks-gallery-item\"><figure><img loading=\"lazy\" decoding=\"async\" width=\"640\" height=\"960\" src=\"http:\/\/www.cocondedecoration.com\/blog\/wp-content\/uploads\/2022\/08\/illustration-rentree-des-classes-bujo-5-640x960.jpeg\" alt=\"illustration rentree des classes bujo pot \u00e0 crayon dessin mois de septembre\" data-id=\"51677\" data-link=\"http:\/\/www.cocondedecoration.com\/blog\/?attachment_id=51677\" class=\"wp-image-51677\" srcset=\"https:\/\/www.cocondedecoration.com\/blog\/wp-content\/uploads\/2022\/08\/illustration-rentree-des-classes-bujo-5-640x960.jpeg 640w, https:\/\/www.cocondedecoration.com\/blog\/wp-content\/uploads\/2022\/08\/illustration-rentree-des-classes-bujo-5-260x390.jpeg 260w, https:\/\/www.cocondedecoration.com\/blog\/wp-content\/uploads\/2022\/08\/illustration-rentree-des-classes-bujo-5-768x1152.jpeg 768w, https:\/\/www.cocondedecoration.com\/blog\/wp-content\/uploads\/2022\/08\/illustration-rentree-des-classes-bujo-5-367x550.jpeg 367w, https:\/\/www.cocondedecoration.com\/blog\/wp-content\/uploads\/2022\/08\/illustration-rentree-des-classes-bujo-5-333x500.jpeg 333w, https:\/\/www.cocondedecoration.com\/blog\/wp-content\/uploads\/2022\/08\/illustration-rentree-des-classes-bujo-5.jpeg 1000w\" sizes=\"(max-width: 640px) 100vw, 640px\" \/><figcaption>bujofun.net\n<\/figcaption><\/figure><\/li><li class=\"blocks-gallery-item\"><figure><img loading=\"lazy\" decoding=\"async\" width=\"640\" height=\"960\" src=\"http:\/\/www.cocondedecoration.com\/blog\/wp-content\/uploads\/2022\/08\/illustration-rentree-des-classes-bujo-6-640x960.jpeg\" alt=\"illustration rentree des classes bujo notebook cahier crayon papeterie dessin\" data-id=\"51678\" data-link=\"http:\/\/www.cocondedecoration.com\/blog\/?attachment_id=51678\" class=\"wp-image-51678\" srcset=\"https:\/\/www.cocondedecoration.com\/blog\/wp-content\/uploads\/2022\/08\/illustration-rentree-des-classes-bujo-6-640x960.jpeg 640w, https:\/\/www.cocondedecoration.com\/blog\/wp-content\/uploads\/2022\/08\/illustration-rentree-des-classes-bujo-6-260x390.jpeg 260w, https:\/\/www.cocondedecoration.com\/blog\/wp-content\/uploads\/2022\/08\/illustration-rentree-des-classes-bujo-6-768x1152.jpeg 768w, https:\/\/www.cocondedecoration.com\/blog\/wp-content\/uploads\/2022\/08\/illustration-rentree-des-classes-bujo-6-367x550.jpeg 367w, https:\/\/www.cocondedecoration.com\/blog\/wp-content\/uploads\/2022\/08\/illustration-rentree-des-classes-bujo-6-333x500.jpeg 333w, https:\/\/www.cocondedecoration.com\/blog\/wp-content\/uploads\/2022\/08\/illustration-rentree-des-classes-bujo-6.jpeg 1000w\" sizes=\"(max-width: 640px) 100vw, 640px\" \/><figcaption>beautifuldawndesigns.net\n<\/figcaption><\/figure><\/li><\/ul>\n\n\n\n<div class=\"wp-block-columns has-2-columns is-layout-flex wp-container-core-columns-layout-1 wp-block-columns-is-layout-flex\">\n<div class=\"wp-block-column is-layout-flow wp-block-column-is-layout-flow\"><div class='white' style='background:rgba(0,0,0,0); border:solid 0px rgba(0,0,0,0); border-radius:0px; padding:0px 0px 0px 0px;'>\n<div id='slider_63940' class='owl-carousel sa_owl_theme owl-pagination-true autohide-arrows' data-slider-id='slider_63940' style='visibility:hidden;'>\n<div id='slider_63940_slide01' class='sa_hover_container' style='padding:5% 5%; margin:0px 0%; '><p><img loading=\"lazy\" decoding=\"async\" class=\"aligncenter size-full wp-image-63942\" src=\"https:\/\/www.cocondedecoration.com\/blog\/wp-content\/uploads\/2023\/08\/fournitures-pour-tenir-un-journal-bullet-ou-voyage-1.jpeg\" alt=\"fournitures pour tenir un journal bullet ou voyage Carnet blanc souple - Saphir - 9 x 14 cm Moleskine\" width=\"500\" height=\"500\" srcset=\"https:\/\/www.cocondedecoration.com\/blog\/wp-content\/uploads\/2023\/08\/fournitures-pour-tenir-un-journal-bullet-ou-voyage-1.jpeg 500w, https:\/\/www.cocondedecoration.com\/blog\/wp-content\/uploads\/2023\/08\/fournitures-pour-tenir-un-journal-bullet-ou-voyage-1-165x165.jpeg 165w, https:\/\/www.cocondedecoration.com\/blog\/wp-content\/uploads\/2023\/08\/fournitures-pour-tenir-un-journal-bullet-ou-voyage-1-260x260.jpeg 260w, https:\/\/www.cocondedecoration.com\/blog\/wp-content\/uploads\/2023\/08\/fournitures-pour-tenir-un-journal-bullet-ou-voyage-1-465x465.jpeg 465w\" sizes=\"(max-width: 500px) 100vw, 500px\" \/><\/p><\/div>\n<div id='slider_63940_slide02' class='sa_hover_container' style='padding:5% 5%; margin:0px 0%; '><p><img loading=\"lazy\" decoding=\"async\" class=\"aligncenter size-full wp-image-63948\" src=\"https:\/\/www.cocondedecoration.com\/blog\/wp-content\/uploads\/2023\/08\/journal-creatif-fourniture-1.jpeg\" alt=\"journal creatif fourniture Aquarelle Japonaise Gansai Coffret 48 couleurs\" width=\"500\" height=\"500\" srcset=\"https:\/\/www.cocondedecoration.com\/blog\/wp-content\/uploads\/2023\/08\/journal-creatif-fourniture-1.jpeg 500w, https:\/\/www.cocondedecoration.com\/blog\/wp-content\/uploads\/2023\/08\/journal-creatif-fourniture-1-165x165.jpeg 165w, https:\/\/www.cocondedecoration.com\/blog\/wp-content\/uploads\/2023\/08\/journal-creatif-fourniture-1-260x260.jpeg 260w, https:\/\/www.cocondedecoration.com\/blog\/wp-content\/uploads\/2023\/08\/journal-creatif-fourniture-1-465x465.jpeg 465w\" sizes=\"(max-width: 500px) 100vw, 500px\" \/><\/p><\/div>\n<div id='slider_63940_slide03' class='sa_hover_container' style='padding:5% 5%; margin:0px 0%; '><p><img loading=\"lazy\" decoding=\"async\" class=\"aligncenter size-full wp-image-63953\" src=\"https:\/\/www.cocondedecoration.com\/blog\/wp-content\/uploads\/2023\/08\/fourniture-journal-creatif-pas-cher-1.jpeg\" alt=\"fourniture journal creatif pas cher Trousse \u00e0 bijoux jaune Flower Power\" width=\"500\" height=\"500\" srcset=\"https:\/\/www.cocondedecoration.com\/blog\/wp-content\/uploads\/2023\/08\/fourniture-journal-creatif-pas-cher-1.jpeg 500w, https:\/\/www.cocondedecoration.com\/blog\/wp-content\/uploads\/2023\/08\/fourniture-journal-creatif-pas-cher-1-165x165.jpeg 165w, https:\/\/www.cocondedecoration.com\/blog\/wp-content\/uploads\/2023\/08\/fourniture-journal-creatif-pas-cher-1-260x260.jpeg 260w, https:\/\/www.cocondedecoration.com\/blog\/wp-content\/uploads\/2023\/08\/fourniture-journal-creatif-pas-cher-1-465x465.jpeg 465w\" sizes=\"(max-width: 500px) 100vw, 500px\" \/><\/p><\/div>\n<div id='slider_63940_slide04' class='sa_hover_container' style='padding:5% 5%; margin:0px 0%; '><p><img loading=\"lazy\" decoding=\"async\" class=\"aligncenter size-full wp-image-63943\" src=\"https:\/\/www.cocondedecoration.com\/blog\/wp-content\/uploads\/2023\/08\/fournitures-pour-tenir-un-journal-bullet-ou-voyage-2.jpeg\" alt=\"fournitures pour tenir un journal bullet ou voyage Lot de 4 feutres \u00e0 pointe calibr\u00e9e\" width=\"500\" height=\"500\" srcset=\"https:\/\/www.cocondedecoration.com\/blog\/wp-content\/uploads\/2023\/08\/fournitures-pour-tenir-un-journal-bullet-ou-voyage-2.jpeg 500w, https:\/\/www.cocondedecoration.com\/blog\/wp-content\/uploads\/2023\/08\/fournitures-pour-tenir-un-journal-bullet-ou-voyage-2-165x165.jpeg 165w, https:\/\/www.cocondedecoration.com\/blog\/wp-content\/uploads\/2023\/08\/fournitures-pour-tenir-un-journal-bullet-ou-voyage-2-260x260.jpeg 260w, https:\/\/www.cocondedecoration.com\/blog\/wp-content\/uploads\/2023\/08\/fournitures-pour-tenir-un-journal-bullet-ou-voyage-2-465x465.jpeg 465w\" sizes=\"(max-width: 500px) 100vw, 500px\" \/><\/p><\/div>\n<div id='slider_63940_slide05' class='sa_hover_container' style='padding:5% 5%; margin:0px 0%; '><p><img loading=\"lazy\" decoding=\"async\" class=\"aligncenter size-full wp-image-63949\" src=\"https:\/\/www.cocondedecoration.com\/blog\/wp-content\/uploads\/2023\/08\/journal-creatif-fourniture-2.jpeg\" alt=\"journal creatif fourniture Coffret Scribe Pen stylo +3 plumes\" width=\"500\" height=\"500\" srcset=\"https:\/\/www.cocondedecoration.com\/blog\/wp-content\/uploads\/2023\/08\/journal-creatif-fourniture-2.jpeg 500w, https:\/\/www.cocondedecoration.com\/blog\/wp-content\/uploads\/2023\/08\/journal-creatif-fourniture-2-165x165.jpeg 165w, https:\/\/www.cocondedecoration.com\/blog\/wp-content\/uploads\/2023\/08\/journal-creatif-fourniture-2-260x260.jpeg 260w, https:\/\/www.cocondedecoration.com\/blog\/wp-content\/uploads\/2023\/08\/journal-creatif-fourniture-2-465x465.jpeg 465w\" sizes=\"(max-width: 500px) 100vw, 500px\" \/><\/p><\/div>\n<div id='slider_63940_slide06' class='sa_hover_container' style='padding:5% 5%; margin:0px 0%; '><p><img loading=\"lazy\" decoding=\"async\" class=\"aligncenter size-full wp-image-63954\" src=\"https:\/\/www.cocondedecoration.com\/blog\/wp-content\/uploads\/2023\/08\/fourniture-journal-creatif-pas-cher-2.jpeg\" alt=\"fourniture journal creatif pas cher Roll' stamp tampon \u00e0 molette To do list\" width=\"500\" height=\"500\" srcset=\"https:\/\/www.cocondedecoration.com\/blog\/wp-content\/uploads\/2023\/08\/fourniture-journal-creatif-pas-cher-2.jpeg 500w, https:\/\/www.cocondedecoration.com\/blog\/wp-content\/uploads\/2023\/08\/fourniture-journal-creatif-pas-cher-2-165x165.jpeg 165w, https:\/\/www.cocondedecoration.com\/blog\/wp-content\/uploads\/2023\/08\/fourniture-journal-creatif-pas-cher-2-260x260.jpeg 260w, https:\/\/www.cocondedecoration.com\/blog\/wp-content\/uploads\/2023\/08\/fourniture-journal-creatif-pas-cher-2-465x465.jpeg 465w\" sizes=\"(max-width: 500px) 100vw, 500px\" \/><\/p><\/div>\n<div id='slider_63940_slide07' class='sa_hover_container' style='padding:5% 5%; margin:0px 0%; '><p><img loading=\"lazy\" decoding=\"async\" class=\"aligncenter size-full wp-image-63944\" src=\"https:\/\/www.cocondedecoration.com\/blog\/wp-content\/uploads\/2023\/08\/fournitures-pour-tenir-un-journal-bullet-ou-voyage-3.jpeg\" alt=\"fournitures pour tenir un journal bullet ou voyage Bullet Journal Edition 2 - Papier 120 g - Noir\" width=\"500\" height=\"500\" srcset=\"https:\/\/www.cocondedecoration.com\/blog\/wp-content\/uploads\/2023\/08\/fournitures-pour-tenir-un-journal-bullet-ou-voyage-3.jpeg 500w, https:\/\/www.cocondedecoration.com\/blog\/wp-content\/uploads\/2023\/08\/fournitures-pour-tenir-un-journal-bullet-ou-voyage-3-165x165.jpeg 165w, https:\/\/www.cocondedecoration.com\/blog\/wp-content\/uploads\/2023\/08\/fournitures-pour-tenir-un-journal-bullet-ou-voyage-3-260x260.jpeg 260w, https:\/\/www.cocondedecoration.com\/blog\/wp-content\/uploads\/2023\/08\/fournitures-pour-tenir-un-journal-bullet-ou-voyage-3-465x465.jpeg 465w\" sizes=\"(max-width: 500px) 100vw, 500px\" \/><\/p><\/div>\n<div id='slider_63940_slide08' class='sa_hover_container' style='padding:5% 5%; margin:0px 0%; '><p><img loading=\"lazy\" decoding=\"async\" class=\"aligncenter size-full wp-image-63950\" src=\"https:\/\/www.cocondedecoration.com\/blog\/wp-content\/uploads\/2023\/08\/journal-creatif-fourniture-3.jpeg\" alt=\"journal creatif fourniture Feutre de calligraphie Pitt Artist Pen Set Hand Lettering 3 noirs + Rouge\" width=\"500\" height=\"500\" srcset=\"https:\/\/www.cocondedecoration.com\/blog\/wp-content\/uploads\/2023\/08\/journal-creatif-fourniture-3.jpeg 500w, https:\/\/www.cocondedecoration.com\/blog\/wp-content\/uploads\/2023\/08\/journal-creatif-fourniture-3-165x165.jpeg 165w, https:\/\/www.cocondedecoration.com\/blog\/wp-content\/uploads\/2023\/08\/journal-creatif-fourniture-3-260x260.jpeg 260w, https:\/\/www.cocondedecoration.com\/blog\/wp-content\/uploads\/2023\/08\/journal-creatif-fourniture-3-465x465.jpeg 465w\" sizes=\"(max-width: 500px) 100vw, 500px\" \/><\/p><\/div>\n<div id='slider_63940_slide09' class='sa_hover_container' style='padding:5% 5%; margin:0px 0%; '><p><img loading=\"lazy\" decoding=\"async\" class=\"aligncenter size-full wp-image-63955\" src=\"https:\/\/www.cocondedecoration.com\/blog\/wp-content\/uploads\/2023\/08\/fourniture-journal-creatif-pas-cher-3.jpeg\" alt=\"fourniture journal creatif pas cher Set 8 posca pointe moyenne pastel\" width=\"500\" height=\"500\" srcset=\"https:\/\/www.cocondedecoration.com\/blog\/wp-content\/uploads\/2023\/08\/fourniture-journal-creatif-pas-cher-3.jpeg 500w, https:\/\/www.cocondedecoration.com\/blog\/wp-content\/uploads\/2023\/08\/fourniture-journal-creatif-pas-cher-3-165x165.jpeg 165w, https:\/\/www.cocondedecoration.com\/blog\/wp-content\/uploads\/2023\/08\/fourniture-journal-creatif-pas-cher-3-260x260.jpeg 260w, https:\/\/www.cocondedecoration.com\/blog\/wp-content\/uploads\/2023\/08\/fourniture-journal-creatif-pas-cher-3-465x465.jpeg 465w\" sizes=\"(max-width: 500px) 100vw, 500px\" \/><\/p><\/div>\n<div id='slider_63940_slide10' class='sa_hover_container' style='padding:5% 5%; margin:0px 0%; '><p><img loading=\"lazy\" decoding=\"async\" class=\"aligncenter size-full wp-image-63945\" src=\"https:\/\/www.cocondedecoration.com\/blog\/wp-content\/uploads\/2023\/08\/fournitures-pour-tenir-un-journal-bullet-ou-voyage-4.jpeg\" alt=\"fournitures pour tenir un journal bullet ou voyage Set de 8 marqueurs Posca trait extra fin 0,7 mm\" width=\"500\" height=\"500\" srcset=\"https:\/\/www.cocondedecoration.com\/blog\/wp-content\/uploads\/2023\/08\/fournitures-pour-tenir-un-journal-bullet-ou-voyage-4.jpeg 500w, https:\/\/www.cocondedecoration.com\/blog\/wp-content\/uploads\/2023\/08\/fournitures-pour-tenir-un-journal-bullet-ou-voyage-4-165x165.jpeg 165w, https:\/\/www.cocondedecoration.com\/blog\/wp-content\/uploads\/2023\/08\/fournitures-pour-tenir-un-journal-bullet-ou-voyage-4-260x260.jpeg 260w, https:\/\/www.cocondedecoration.com\/blog\/wp-content\/uploads\/2023\/08\/fournitures-pour-tenir-un-journal-bullet-ou-voyage-4-465x465.jpeg 465w\" sizes=\"(max-width: 500px) 100vw, 500px\" \/><\/p><\/div>\n<div id='slider_63940_slide11' class='sa_hover_container' style='padding:5% 5%; margin:0px 0%; '><p><img loading=\"lazy\" decoding=\"async\" class=\"aligncenter size-full wp-image-63951\" src=\"https:\/\/www.cocondedecoration.com\/blog\/wp-content\/uploads\/2023\/08\/journal-creatif-fourniture-4.jpeg\" alt=\"journal creatif fourniture Masking Tape Slim 7 m x 6 mm D\u00e9co D 3 pcs\" width=\"500\" height=\"500\" srcset=\"https:\/\/www.cocondedecoration.com\/blog\/wp-content\/uploads\/2023\/08\/journal-creatif-fourniture-4.jpeg 500w, https:\/\/www.cocondedecoration.com\/blog\/wp-content\/uploads\/2023\/08\/journal-creatif-fourniture-4-165x165.jpeg 165w, https:\/\/www.cocondedecoration.com\/blog\/wp-content\/uploads\/2023\/08\/journal-creatif-fourniture-4-260x260.jpeg 260w, https:\/\/www.cocondedecoration.com\/blog\/wp-content\/uploads\/2023\/08\/journal-creatif-fourniture-4-465x465.jpeg 465w\" sizes=\"(max-width: 500px) 100vw, 500px\" \/><\/p><\/div>\n<div id='slider_63940_slide12' class='sa_hover_container' style='padding:5% 5%; margin:0px 0%; '><p><img loading=\"lazy\" decoding=\"async\" class=\"aligncenter size-full wp-image-63956\" src=\"https:\/\/www.cocondedecoration.com\/blog\/wp-content\/uploads\/2023\/08\/fourniture-journal-creatif-pas-cher-4.jpeg\" alt=\"fourniture journal creatif pas cher Album en kraft noir 40 pages A4\" width=\"500\" height=\"500\" srcset=\"https:\/\/www.cocondedecoration.com\/blog\/wp-content\/uploads\/2023\/08\/fourniture-journal-creatif-pas-cher-4.jpeg 500w, https:\/\/www.cocondedecoration.com\/blog\/wp-content\/uploads\/2023\/08\/fourniture-journal-creatif-pas-cher-4-165x165.jpeg 165w, https:\/\/www.cocondedecoration.com\/blog\/wp-content\/uploads\/2023\/08\/fourniture-journal-creatif-pas-cher-4-260x260.jpeg 260w, https:\/\/www.cocondedecoration.com\/blog\/wp-content\/uploads\/2023\/08\/fourniture-journal-creatif-pas-cher-4-465x465.jpeg 465w\" sizes=\"(max-width: 500px) 100vw, 500px\" \/><\/p><\/div>\n<div id='slider_63940_slide13' class='sa_hover_container' style='padding:5% 5%; margin:0px 0%; '><p><img loading=\"lazy\" decoding=\"async\" class=\"aligncenter size-full wp-image-63946\" src=\"https:\/\/www.cocondedecoration.com\/blog\/wp-content\/uploads\/2023\/08\/fournitures-pour-tenir-un-journal-bullet-ou-voyage-5.jpeg\" alt=\"fournitures pour tenir un journal bullet ou voyage 3 carnets unis 100g - 32 pages - A6\" width=\"500\" height=\"500\" srcset=\"https:\/\/www.cocondedecoration.com\/blog\/wp-content\/uploads\/2023\/08\/fournitures-pour-tenir-un-journal-bullet-ou-voyage-5.jpeg 500w, https:\/\/www.cocondedecoration.com\/blog\/wp-content\/uploads\/2023\/08\/fournitures-pour-tenir-un-journal-bullet-ou-voyage-5-165x165.jpeg 165w, https:\/\/www.cocondedecoration.com\/blog\/wp-content\/uploads\/2023\/08\/fournitures-pour-tenir-un-journal-bullet-ou-voyage-5-260x260.jpeg 260w, https:\/\/www.cocondedecoration.com\/blog\/wp-content\/uploads\/2023\/08\/fournitures-pour-tenir-un-journal-bullet-ou-voyage-5-465x465.jpeg 465w\" sizes=\"(max-width: 500px) 100vw, 500px\" \/><\/p><\/div>\n<div id='slider_63940_slide14' class='sa_hover_container' style='padding:5% 5%; margin:0px 0%; '><p><img loading=\"lazy\" decoding=\"async\" class=\"aligncenter size-full wp-image-63952\" src=\"https:\/\/www.cocondedecoration.com\/blog\/wp-content\/uploads\/2023\/08\/journal-creatif-fourniture-5.jpeg\" alt=\"journal creatif fourniture Ruban adh\u00e9sif Washi Tape Colorblock 15 &amp; 30 mm x 5 m Fleurs\" width=\"500\" height=\"500\" srcset=\"https:\/\/www.cocondedecoration.com\/blog\/wp-content\/uploads\/2023\/08\/journal-creatif-fourniture-5.jpeg 500w, https:\/\/www.cocondedecoration.com\/blog\/wp-content\/uploads\/2023\/08\/journal-creatif-fourniture-5-165x165.jpeg 165w, https:\/\/www.cocondedecoration.com\/blog\/wp-content\/uploads\/2023\/08\/journal-creatif-fourniture-5-260x260.jpeg 260w, https:\/\/www.cocondedecoration.com\/blog\/wp-content\/uploads\/2023\/08\/journal-creatif-fourniture-5-465x465.jpeg 465w\" sizes=\"(max-width: 500px) 100vw, 500px\" \/><\/p><\/div>\n<div id='slider_63940_slide15' class='sa_hover_container' style='padding:5% 5%; margin:0px 0%; '><p><img loading=\"lazy\" decoding=\"async\" class=\"aligncenter size-full wp-image-63957\" src=\"https:\/\/www.cocondedecoration.com\/blog\/wp-content\/uploads\/2023\/08\/fourniture-journal-creatif-pas-cher-5.jpeg\" alt=\"fourniture journal creatif pas cher  Imprimante cr\u00e9ative mobile COLOP E-MARK GO Imprimante cr\u00e9ative mobile\" width=\"500\" height=\"500\" srcset=\"https:\/\/www.cocondedecoration.com\/blog\/wp-content\/uploads\/2023\/08\/fourniture-journal-creatif-pas-cher-5.jpeg 500w, https:\/\/www.cocondedecoration.com\/blog\/wp-content\/uploads\/2023\/08\/fourniture-journal-creatif-pas-cher-5-165x165.jpeg 165w, https:\/\/www.cocondedecoration.com\/blog\/wp-content\/uploads\/2023\/08\/fourniture-journal-creatif-pas-cher-5-260x260.jpeg 260w, https:\/\/www.cocondedecoration.com\/blog\/wp-content\/uploads\/2023\/08\/fourniture-journal-creatif-pas-cher-5-465x465.jpeg 465w\" sizes=\"(max-width: 500px) 100vw, 500px\" \/><\/p><\/div>\n<\/div>\n<\/div>\n<script type='text\/javascript'>\n\tjQuery(document).ready(function() {\n\t\tjQuery('#slider_63940').owlCarousel({\n\t\t\titems : 1,\n\t\t\tsmartSpeed : 200,\n\t\t\tautoplay : true,\n\t\t\tautoplayTimeout : 5000,\n\t\t\tautoplayHoverPause : true,\n\t\t\tsmartSpeed : 200,\n\t\t\tfluidSpeed : 200,\n\t\t\tautoplaySpeed : 200,\n\t\t\tnavSpeed : 200,\n\t\t\tdotsSpeed : 200,\n\t\t\tloop : true,\n\t\t\tnav : true,\n\t\t\tnavText : ['Previous','Next'],\n\t\t\tdots : true,\n\t\t\tresponsiveRefreshRate : 200,\n\t\t\tslideBy : 1,\n\t\t\tmergeFit : true,\n\t\t\tautoHeight : false,\n\t\t\tmouseDrag : false,\n\t\t\ttouchDrag : true\n\t\t});\n\t\tjQuery('#slider_63940').css('visibility', 'visible');\n\t\tsa_resize_slider_63940();\n\t\twindow.addEventListener('resize', sa_resize_slider_63940);\n\t\tfunction sa_resize_slider_63940() {\n\t\t\tvar min_height = '50';\n\t\t\tvar win_width = jQuery(window).width();\n\t\t\tvar slider_width = jQuery('#slider_63940').width();\n\t\t\tif (win_width < 480) {\n\t\t\t\tvar slide_width = slider_width \/ 1;\n\t\t\t} else if (win_width < 768) {\n\t\t\t\tvar slide_width = slider_width \/ 1;\n\t\t\t} else if (win_width < 980) {\n\t\t\t\tvar slide_width = slider_width \/ 1;\n\t\t\t} else if (win_width < 1200) {\n\t\t\t\tvar slide_width = slider_width \/ 1;\n\t\t\t} else if (win_width < 1500) {\n\t\t\t\tvar slide_width = slider_width \/ 1;\n\t\t\t} else {\n\t\t\t\tvar slide_width = slider_width \/ 1;\n\t\t\t}\n\t\t\tslide_width = Math.round(slide_width);\n\t\t\tvar slide_height = '0';\n\t\t\tif (min_height == 'aspect43') {\n\t\t\t\tslide_height = (slide_width \/ 4) * 3;\t\t\t\tslide_height = Math.round(slide_height);\n\t\t\t} else if (min_height == 'aspect169') {\n\t\t\t\tslide_height = (slide_width \/ 16) * 9;\t\t\t\tslide_height = Math.round(slide_height);\n\t\t\t} else {\n\t\t\t\tslide_height = (slide_width \/ 100) * min_height;\t\t\t\tslide_height = Math.round(slide_height);\n\t\t\t}\n\t\t\tjQuery('#slider_63940 .owl-item .sa_hover_container').css('min-height', slide_height+'px');\n\t\t}\n\t\tvar owl_goto = jQuery('#slider_63940');\n\t\tjQuery('.slider_63940_goto1').click(function(event){\n\t\t\towl_goto.trigger('to.owl.carousel', 0);\n\t\t});\n\t\tjQuery('.slider_63940_goto2').click(function(event){\n\t\t\towl_goto.trigger('to.owl.carousel', 1);\n\t\t});\n\t\tjQuery('.slider_63940_goto3').click(function(event){\n\t\t\towl_goto.trigger('to.owl.carousel', 2);\n\t\t});\n\t\tjQuery('.slider_63940_goto4').click(function(event){\n\t\t\towl_goto.trigger('to.owl.carousel', 3);\n\t\t});\n\t\tjQuery('.slider_63940_goto5').click(function(event){\n\t\t\towl_goto.trigger('to.owl.carousel', 4);\n\t\t});\n\t\tjQuery('.slider_63940_goto6').click(function(event){\n\t\t\towl_goto.trigger('to.owl.carousel', 5);\n\t\t});\n\t\tjQuery('.slider_63940_goto7').click(function(event){\n\t\t\towl_goto.trigger('to.owl.carousel', 6);\n\t\t});\n\t\tjQuery('.slider_63940_goto8').click(function(event){\n\t\t\towl_goto.trigger('to.owl.carousel', 7);\n\t\t});\n\t\tjQuery('.slider_63940_goto9').click(function(event){\n\t\t\towl_goto.trigger('to.owl.carousel', 8);\n\t\t});\n\t\tjQuery('.slider_63940_goto10').click(function(event){\n\t\t\towl_goto.trigger('to.owl.carousel', 9);\n\t\t});\n\t\tjQuery('.slider_63940_goto11').click(function(event){\n\t\t\towl_goto.trigger('to.owl.carousel', 10);\n\t\t});\n\t\tjQuery('.slider_63940_goto12').click(function(event){\n\t\t\towl_goto.trigger('to.owl.carousel', 11);\n\t\t});\n\t\tjQuery('.slider_63940_goto13').click(function(event){\n\t\t\towl_goto.trigger('to.owl.carousel', 12);\n\t\t});\n\t\tjQuery('.slider_63940_goto14').click(function(event){\n\t\t\towl_goto.trigger('to.owl.carousel', 13);\n\t\t});\n\t\tjQuery('.slider_63940_goto15').click(function(event){\n\t\t\towl_goto.trigger('to.owl.carousel', 14);\n\t\t});\n\t\tvar resize_63940 = jQuery('.owl-carousel');\n\t\tresize_63940.on('initialized.owl.carousel', function(e) {\n\t\t\tif (typeof(Event) === 'function') {\n\t\t\t\twindow.dispatchEvent(new Event('resize'));\n\t\t\t} else {\n\t\t\t\tvar evt = window.document.createEvent('UIEvents');\n\t\t\t\tevt.initUIEvent('resize', true, false, window, 0);\n\t\t\t\twindow.dispatchEvent(evt);\n\t\t\t}\n\t\t});\n\t});\n<\/script>\n\n<\/div>\n\n\n\n<div class=\"wp-block-column is-layout-flow wp-block-column-is-layout-flow\">\n<p style=\"text-align:center\" class=\"has-medium-font-size\">Fournitures pour se lancer dans le journaling <\/p>\n\n\n\n<ol><li><a rel=\"noreferrer noopener\" aria-label=\"Carnet blanc souple - Saphir - 9 x 14 cm (s\u2019ouvre dans un nouvel onglet)\" href=\"https:\/\/lpc.scrapmalin.com\/?P4BB7D56CE39171&amp;redir=https%3A%2F%2Fwww.scrapmalin.com%2Fproduct%2Fcarnet-blanc-souple-saphir-9-x-14-cm\" target=\"_blank\">Carnet blanc souple - Saphir - 9 x 14 cm<\/a> - Scrapmalin <\/li><li><a rel=\"noreferrer noopener\" aria-label=\"Aquarelle Japonaise Gansai Coffret 48 couleurs (s\u2019ouvre dans un nouvel onglet)\" href=\"https:\/\/afi.rougier-ple.fr\/?P4826956CE391B1&amp;redir=https%3A%2F%2Fwww.rougier-ple.fr%2Faquarelle-japonaise-gansai-coffret-48-couleurs.r.html\" target=\"_blank\">Aquarelle Japonaise Gansai Coffret 48 couleurs<\/a> - Rougier &amp; Pl\u00e9<\/li><li><a rel=\"noreferrer noopener\" href=\"https:\/\/tracking.publicidees.com\/clic.php?progid=7565&amp;partid=62427&amp;dpl=https%3A%2F%2Fwww.zodio.fr%2Ftrousse-a-bijoux-jaune-flower-power.html\" target=\"_blank\">Trousse \u00e0 compartiments jaune<\/a> - Z\u00f4dio <\/li><li><a rel=\"noreferrer noopener\" aria-label=\"Lot de 4 feutres \u00e0 pointe calibr\u00e9e (s\u2019ouvre dans un nouvel onglet)\" href=\"https:\/\/lpc.scrapmalin.com\/?P4BB7D56CE39171&amp;redir=https%3A%2F%2Fwww.scrapmalin.com%2Fproduct%2Flot-de-4-feutres-a-pointe-calibree\" target=\"_blank\">Lot de 4 feutres \u00e0 pointe calibr\u00e9e<\/a> - Scrapmalin<\/li><li><a rel=\"noreferrer noopener\" aria-label=\"Coffret Scribe Pen stylo +3 plumes (s\u2019ouvre dans un nouvel onglet)\" href=\"https:\/\/afi.rougier-ple.fr\/?P4826956CE391B1&amp;redir=https%3A%2F%2Fwww.rougier-ple.fr%2Fetui-metal-scribe-pen-3-becs-stylo.r.html\" target=\"_blank\">Coffret Scribe Pen stylo +3 plumes<\/a> - Rougier &amp; Pl\u00e9<\/li><li><a rel=\"noreferrer noopener\" href=\"https:\/\/tracking.publicidees.com\/clic.php?progid=7565&amp;partid=62427&amp;dpl=https%3A%2F%2Fwww.zodio.fr%2Froll-stamp-tampon-a-molette-to-do-list.html\" target=\"_blank\">Roll' stamp tampon \u00e0 molette To do list<\/a> - Z\u00f4dio <\/li><li><a rel=\"noreferrer noopener\" aria-label=\"Bullet Journal Edition 2 - Papier 120 g - Noir  (s\u2019ouvre dans un nouvel onglet)\" href=\"https:\/\/lpc.scrapmalin.com\/?P4BB7D56CE39171&amp;redir=https%3A%2F%2Fwww.scrapmalin.com%2Fproduct%2Fnoir-bullet-journal-edition-2-medium-a5-papier-1\" target=\"_blank\">Bullet Journal Edition 2 - Papier 120 g - Noir <\/a>- Scrapmalin<\/li><li><a rel=\"noreferrer noopener\" aria-label=\"Feutre de calligraphie Set Hand Lettering (s\u2019ouvre dans un nouvel onglet)\" href=\"https:\/\/afi.rougier-ple.fr\/?P4826956CE391B1&amp;redir=https%3A%2F%2Fwww.rougier-ple.fr%2Ffeutre-de-calligraphie-pitt-artist-pen-set-hand-lettering-noir-4.r.html\" target=\"_blank\">Feutre de calligraphie Set Hand Lettering<\/a> - Rougier &amp; Pl\u00e9<\/li><li><a rel=\"noreferrer noopener\" href=\"https:\/\/tracking.publicidees.com\/clic.php?progid=7565&amp;partid=62427&amp;dpl=https%3A%2F%2Fwww.zodio.fr%2Fset-8-posca-pointe-moyenne-pastel.html\" target=\"_blank\">Set 8 posca pointe moyenne pastel<\/a> - Z\u00f4dio<\/li><li><a rel=\"noreferrer noopener\" aria-label=\"Set de 8 marqueurs Posca trait extra fin 0,7 mm (s\u2019ouvre dans un nouvel onglet)\" href=\"https:\/\/lpc.scrapmalin.com\/?P4BB7D56CE39171&amp;redir=https%3A%2F%2Fwww.scrapmalin.com%2Fproduct%2Fset-de-8-marqueurs-posca-trait-extra-fin-07-mm-couleurs-basiques\" target=\"_blank\">Set de 8 marqueurs Posca trait extra fin 0,7 mm<\/a> - Scrapmalin<\/li><li><a rel=\"noreferrer noopener\" aria-label=\"Masking Tape Slim 3 pcs (s\u2019ouvre dans un nouvel onglet)\" href=\"https:\/\/afi.rougier-ple.fr\/?P4826956CE391B1&amp;redir=https%3A%2F%2Fwww.rougier-ple.fr%2Fmasking-tape-slim-7-6-mm-deco-3-pcs.r.html\" target=\"_blank\">Masking Tape Slim 3 pcs<\/a> - Rougier &amp; Pl\u00e9<\/li><li><a rel=\"noreferrer noopener\" href=\"https:\/\/tracking.publicidees.com\/clic.php?progid=7565&amp;partid=62427&amp;dpl=https%3A%2F%2Fwww.zodio.fr%2Falbum-en-kraft-noir-40-pages-a4.html\" target=\"_blank\">Album en kraft noir 40 pages A4<\/a> - Z\u00f4dio  <\/li><li><a rel=\"noreferrer noopener\" aria-label=\"3 carnets unis 100g - 32 pages A6 (s\u2019ouvre dans un nouvel onglet)\" href=\"https:\/\/lpc.scrapmalin.com\/?P4BB7D56CE39171&amp;redir=https%3A%2F%2Fwww.scrapmalin.com%2Fproduct%2F3-carnets-unis-100g-32-pages-a6\" target=\"_blank\">3 carnets unis 100g - 32 pages A6<\/a> - Scrapmalin<\/li><li><a rel=\"noreferrer noopener\" aria-label=\"Ruban adh\u00e9sif Washi Tape (s\u2019ouvre dans un nouvel onglet)\" href=\"https:\/\/afi.rougier-ple.fr\/?P4826956CE391B1&amp;redir=https%3A%2F%2Fwww.rougier-ple.fr%2Fruban-adhesif-washi-tape-colorblock-15-30-mm-5-fleurs.r.html\" target=\"_blank\">Ruban adh\u00e9sif Washi Tape<\/a> - Rougier &amp; Pl\u00e9 <\/li><li><a rel=\"noreferrer noopener\" href=\"https:\/\/tracking.publicidees.com\/clic.php?progid=7565&amp;partid=62427&amp;dpl=https%3A%2F%2Fwww.zodio.fr%2Fimprimante-creative-mobile-colop-e-mark-go.html\" target=\"_blank\">Imprimante cr\u00e9ative mobile<\/a> - Z\u00f4dio<\/li><\/ol>\n\n\n\n<p style=\"text-align:center\"><strong>Rendez-vous ici pour d\u00e9couvrir <\/strong><a rel=\"noreferrer noopener\" aria-label=\"le mat\u00e9riel que j'utilise (s\u2019ouvre dans un nouvel onglet)\" href=\"https:\/\/www.cocondedecoration.com\/blog\/2023\/04\/materiel-carnet-de-voyage\/\" target=\"_blank\"><strong>le mat\u00e9riel que j'utilise<\/strong><\/a><strong> pour tenir mes journaux de voyage <\/strong><\/p>\n<\/div>\n<\/div>\n\n\n\n<hr class=\"wp-block-separator\"\/>\n\n\n\n<p class=\"has-text-align-center has-medium-font-size\">Ne perdons pas contact \ud83d\ude42 Rejoignez moi sur <a href=\"https:\/\/www.pinterest.fr\/cocondedeco\/\" target=\"_blank\" rel=\"noopener\" title=\"\">Pinterest<\/a> |\u00a0<a href=\"https:\/\/www.threads.net\/@cocondedeco\" target=\"_blank\" rel=\"noopener\" title=\"\">Threads<\/a> | <a href=\"https:\/\/www.patreon.com\/collection\/162946?view=expanded\" target=\"_blank\" rel=\"noopener\" title=\"\">la Newsletter<\/a> <br>Vous aimez lire le blog? Vous souhaitez continuer \u00e0 le lire? <a href=\"https:\/\/www.patreon.com\/cocondedeco\" target=\"_blank\" rel=\"noopener\" title=\"\">Devenez m\u00e9c\u00e8ne<\/a> sur Patreon et contribuez \u00e0 sa survie. <\/p>\n\n\n\n<hr class=\"wp-block-separator\"\/>\n\n\n\n<div class=\"wp-block-columns has-2-columns is-layout-flex wp-container-core-columns-layout-2 wp-block-columns-is-layout-flex\">\n<div class=\"wp-block-column is-layout-flow wp-block-column-is-layout-flow\">\n<p style=\"text-align:center\" class=\"has-medium-font-size\">A lire \u00e9galement<\/p>\n\n\n<ul class=\"wp-block-latest-posts__list wp-block-latest-posts\"><li><a class=\"wp-block-latest-posts__post-title\" href=\"https:\/\/www.cocondedecoration.com\/blog\/2026\/04\/printemps-journal-nature\/\">Loisir cr\u00e9atif de printemps: cr\u00e9er un journal sur la nature<\/a><\/li>\n<li><a class=\"wp-block-latest-posts__post-title\" href=\"https:\/\/www.cocondedecoration.com\/blog\/2025\/10\/carnet-de-recettes-diy\/\">Carnet de recettes illustr\u00e9: 10 exemples \u00e0 copier<\/a><\/li>\n<li><a class=\"wp-block-latest-posts__post-title\" href=\"https:\/\/www.cocondedecoration.com\/blog\/2025\/04\/prompt-journal-intime\/\">Le journal guid\u00e9 pour \u00e9viter le syndrome de la page blanche<\/a><\/li>\n<li><a class=\"wp-block-latest-posts__post-title\" href=\"https:\/\/www.cocondedecoration.com\/blog\/2025\/02\/junk-journal\/\">Junk Journal pour un quotidien cr\u00e9atif sans pression<\/a><\/li>\n<li><a class=\"wp-block-latest-posts__post-title\" href=\"https:\/\/www.cocondedecoration.com\/blog\/2025\/01\/vision-board-journal-de-gratitude\/\">Vision board et journal de gratitude pour bien d\u00e9buter l&rsquo;ann\u00e9e<\/a><\/li>\n<li><a class=\"wp-block-latest-posts__post-title\" href=\"https:\/\/www.cocondedecoration.com\/blog\/2024\/05\/carnet-lecture-creatif\/\">Journaling et carnet de lecture cr\u00e9atif &#8211; id\u00e9es pour d\u00e9buter<\/a><\/li>\n<li><a class=\"wp-block-latest-posts__post-title\" href=\"https:\/\/www.cocondedecoration.com\/blog\/2024\/04\/illustrations-naturelles-carnet-de-voyages\/\">Illustrations naturelles &#038; souvenirs de vacances | carnet de voyage<\/a><\/li>\n<\/ul><\/div>\n\n\n\n<div class=\"wp-block-column is-layout-flow wp-block-column-is-layout-flow\">\n<p class=\"has-text-align-center has-medium-font-size\" style=\"padding-top:var(--wp--preset--spacing--40);padding-bottom:var(--wp--preset--spacing--40)\"><strong>Devenez m\u00e9c\u00e8ne du blog <\/strong><\/p>\n\n\n\n<hr class=\"wp-block-separator has-alpha-channel-opacity is-style-wide\"\/>\n\n\n\n<p style=\"padding-right:var(--wp--preset--spacing--30);padding-left:var(--wp--preset--spacing--30)\">Soutenez mon travail sur le blog et acc\u00e9dez \u00e0 des contreparties exclusives: <\/p>\n\n\n\n<ul style=\"padding-right:var(--wp--preset--spacing--40);padding-left:var(--wp--preset--spacing--40)\">\n<li>Plusieurs centaines d'articles d\u00e9co, lifestyle &amp; voyage r\u00e9serv\u00e9s aux abonn\u00e9\u2022e\u2022s <\/li>\n\n\n\n<li>Toutes les entr\u00e9es de mon side project - mon dictionnaire nomade <\/li>\n\n\n\n<li>Une publicit\u00e9 limit\u00e9e sur les articles Patreon <\/li>\n<\/ul>\n\n\n\n<div class=\"wp-block-buttons is-content-justification-center is-layout-flex wp-container-core-buttons-layout-1 wp-block-buttons-is-layout-flex\">\n<div class=\"wp-block-button\"><a class=\"wp-block-button__link wp-element-button\" href=\"https:\/\/www.patreon.com\/cocondedeco\" target=\"_blank\" rel=\"noreferrer noopener\">Soutenir le blog maintenant<\/a><\/div>\n<\/div>\n<\/div>\n<\/div>\n\n\n\n<div class=\"wp-block-image\"><figure class=\"aligncenter\"><img loading=\"lazy\" decoding=\"async\" width=\"732\" height=\"488\" src=\"http:\/\/www.cocondedecoration.com\/blog\/wp-content\/uploads\/2022\/08\/organisation-rentree-septembre-bujo.jpeg\" alt=\"organisation rentree septembre bujo id\u00e9es listes key trackers illustrations pratique quotidien parents maman enfant\" class=\"wp-image-51679\" srcset=\"https:\/\/www.cocondedecoration.com\/blog\/wp-content\/uploads\/2022\/08\/organisation-rentree-septembre-bujo.jpeg 732w, https:\/\/www.cocondedecoration.com\/blog\/wp-content\/uploads\/2022\/08\/organisation-rentree-septembre-bujo-260x173.jpeg 260w, https:\/\/www.cocondedecoration.com\/blog\/wp-content\/uploads\/2022\/08\/organisation-rentree-septembre-bujo-640x427.jpeg 640w, https:\/\/www.cocondedecoration.com\/blog\/wp-content\/uploads\/2022\/08\/organisation-rentree-septembre-bujo-465x310.jpeg 465w, https:\/\/www.cocondedecoration.com\/blog\/wp-content\/uploads\/2022\/08\/organisation-rentree-septembre-bujo-695x463.jpeg 695w\" sizes=\"(max-width: 732px) 100vw, 732px\" \/><figcaption>mashaplans.com\n<\/figcaption><\/figure><\/div>\n","protected":false},"excerpt":{"rendered":"<p>Le bullet journal est un outil qui prend parfois un peu de temps \u00e0 pr\u00e9parer mais gr\u00e2ce \u00e0 \u00e7a, vous lui donnez la forme que vous souhaitez, la fonction que vous d\u00e9sirez. Jusqu&rsquo;\u00e0 pr\u00e9sent, je vous ai essentiellement donn\u00e9 des id\u00e9es pour illustrer votre bujo. Cette fois, c&rsquo;est un peu<span class=\"more-link\"><a href=\"https:\/\/www.cocondedecoration.com\/blog\/2022\/08\/bullet-journal-rentree-des-classes\/\">Lire la suite<\/a><\/span><\/p>\n","protected":false},"author":1,"featured_media":51679,"comment_status":"open","ping_status":"open","sticky":false,"template":"","format":"standard","meta":{"om_disable_all_campaigns":false,"_monsterinsights_skip_tracking":false,"_monsterinsights_sitenote_active":false,"_monsterinsights_sitenote_note":"","_monsterinsights_sitenote_category":0,"_uf_show_specific_survey":0,"_uf_disable_surveys":false,"footnotes":""},"categories":[32460],"tags":[34368,34387,32492,34389,34388,34351,34383,34386,34348,34349,34345,34384,34350,34385,34382,34346,34347,34344,34377,34364,34370,34372,34356,34352,34359,34361,34365,34366,34369,34374,34373,34371,34362,34363,34367,34380,34381,34379,34376,34375,34378,34357,34353,34354,34360,34358,34355],"aioseo_notices":[],"_links":{"self":[{"href":"https:\/\/www.cocondedecoration.com\/blog\/wp-json\/wp\/v2\/posts\/51652"}],"collection":[{"href":"https:\/\/www.cocondedecoration.com\/blog\/wp-json\/wp\/v2\/posts"}],"about":[{"href":"https:\/\/www.cocondedecoration.com\/blog\/wp-json\/wp\/v2\/types\/post"}],"author":[{"embeddable":true,"href":"https:\/\/www.cocondedecoration.com\/blog\/wp-json\/wp\/v2\/users\/1"}],"replies":[{"embeddable":true,"href":"https:\/\/www.cocondedecoration.com\/blog\/wp-json\/wp\/v2\/comments?post=51652"}],"version-history":[{"count":0,"href":"https:\/\/www.cocondedecoration.com\/blog\/wp-json\/wp\/v2\/posts\/51652\/revisions"}],"wp:featuredmedia":[{"embeddable":true,"href":"https:\/\/www.cocondedecoration.com\/blog\/wp-json\/wp\/v2\/media\/51679"}],"wp:attachment":[{"href":"https:\/\/www.cocondedecoration.com\/blog\/wp-json\/wp\/v2\/media?parent=51652"}],"wp:term":[{"taxonomy":"category","embeddable":true,"href":"https:\/\/www.cocondedecoration.com\/blog\/wp-json\/wp\/v2\/categories?post=51652"},{"taxonomy":"post_tag","embeddable":true,"href":"https:\/\/www.cocondedecoration.com\/blog\/wp-json\/wp\/v2\/tags?post=51652"}],"curies":[{"name":"wp","href":"https:\/\/api.w.org\/{rel}","templated":true}]}}