{"id":49962,"date":"2022-06-14T09:37:51","date_gmt":"2022-06-14T07:37:51","guid":{"rendered":"http:\/\/www.cocondedecoration.com\/blog\/?p=49962"},"modified":"2022-06-14T09:37:53","modified_gmt":"2022-06-14T07:37:53","slug":"decor-design-moderne","status":"publish","type":"post","link":"https:\/\/www.cocondedecoration.com\/blog\/2022\/06\/decor-design-moderne\/","title":{"rendered":"[Weekly Inspiration] De la d\u00e9co au quotidien n\u00b067"},"content":{"rendered":"\n<p>Pour une fois cet article ne d\u00e9bute pas ma semaine. Pour des raisons d'organisations &amp; pratiques, j'ai eu besoin d'un lundi un peu plus libre pour rattraper mon retard. Bref, cette semaine, on prend tout de m\u00eame une grande dose d'inspirations pour un quotidien plus d\u00e9co. Il sera question de stores l\u00e9gers pour habiller les fen\u00eatres, d'arches en ext\u00e9rieur, d'esth\u00e9tique venue du Japon. Mais on commence avec des int\u00e9rieurs qui me font r\u00eaver et qui j'esp\u00e8re vous plairont tout autant. Je vous souhaite une bonne lecture et surtout une bonne semaine. <\/p>\n\n\n\n<!--more-->\n\n\n\n<h2 class=\"wp-block-heading\">01 \u2022 Un int\u00e9rieur spacieux au design biophilique <\/h2>\n\n\n\n<p>Ca ne fait jamais de mal de r\u00eaver, non? Je vous pose cette question parce que les images qui vont suivre me laisse r\u00eaveuse. J'aime cette id\u00e9e de grand espace o\u00f9 il est facile de se mouvoir. Il y a une certaine forme de minimalisme, chaleureux cependant <a href=\"http:\/\/www.cocondedecoration.com\/blog\/2021\/08\/solution-revetement-mural-bois\/\" target=\"_blank\" rel=\"noreferrer noopener\" aria-label=\"gr\u00e2ce au bois (s\u2019ouvre dans un nouvel onglet)\">gr\u00e2ce au bois<\/a> essentiellement. J'aime cette id\u00e9e que la boite dans laquelle on vit n'est pas si \u00e9triqu\u00e9e et ne r\u00e9pond pas aux normes standards que nous connaissons tous. Et puis, vous remarquerez des arbres \u00e0 l'int\u00e9rieur. Je trouve \u00e7a tellement po\u00e9tique. C'est un luxe d'avoir suffisamment de place pour avoir un arbre chez soi (et pas juste dans le jardin). Mais c'est aussi une mani\u00e8re de faire entrer la nature chez soi, lui redonner une place dans notre quotidien. A l'heure o\u00f9 les enjeux environnementaux sont plus importants que jamais, il est bon de garder en t\u00eate, un rappel quotidien que <a rel=\"noreferrer noopener\" aria-label=\"la nature n'est pas un consommable (s\u2019ouvre dans un nouvel onglet)\" href=\"http:\/\/www.cocondedecoration.com\/blog\/2021\/12\/interieur-nature-biophilique\/\" target=\"_blank\">la nature n'est pas un consommable<\/a>. (Je suis un peu boulevers\u00e9e ce matin, je viens de voir qu'une asso de protection et de pr\u00e9servation de l'environnement de Dunkerque avait perdu ses subventions sans aucune raison et qu'elle allait \u00eatre expuls\u00e9 de son lieu d'exercice. Une tr\u00e8s jolie villa historique en passant. Je suis tellement en col\u00e8re contre la municipalit\u00e9 \"sans \u00e9tiquette\" LREM de Dunkerque et je ne vous parle pas du projet \u00e9olien...) Enfin bref, l'habitat peut \u00eatre repr\u00e9sentatif de vos valeurs, de votre implication dans ce monde d'hyper consommation. Et voil\u00e0 quelques exemples d'un monde imm\u00e9diat plus respectueux, <a rel=\"noreferrer noopener\" aria-label=\"moins ax\u00e9 sur la consommation (s\u2019ouvre dans un nouvel onglet)\" href=\"http:\/\/www.cocondedecoration.com\/blog\/category\/slow-life\/\" target=\"_blank\">moins ax\u00e9 sur la consommation<\/a>. <\/p>\n\n\n\n<ul class=\"wp-block-gallery columns-3 is-cropped wp-block-gallery-1 is-layout-flex wp-block-gallery-is-layout-flex\"><li class=\"blocks-gallery-item\"><figure><img loading=\"lazy\" decoding=\"async\" width=\"640\" height=\"960\" src=\"http:\/\/www.cocondedecoration.com\/blog\/wp-content\/uploads\/2022\/06\/interieur-spacieux-design-bois-exemple-1-640x960.jpeg\" alt=\"interieur spacieux design bois exemple pi\u00e8ce \u00e0 vivre grande hauteur sous plafond escalier arbuste \" data-id=\"49963\" data-link=\"http:\/\/www.cocondedecoration.com\/blog\/?attachment_id=49963\" class=\"wp-image-49963\" srcset=\"https:\/\/www.cocondedecoration.com\/blog\/wp-content\/uploads\/2022\/06\/interieur-spacieux-design-bois-exemple-1-640x960.jpeg 640w, https:\/\/www.cocondedecoration.com\/blog\/wp-content\/uploads\/2022\/06\/interieur-spacieux-design-bois-exemple-1-260x390.jpeg 260w, https:\/\/www.cocondedecoration.com\/blog\/wp-content\/uploads\/2022\/06\/interieur-spacieux-design-bois-exemple-1-768x1152.jpeg 768w, https:\/\/www.cocondedecoration.com\/blog\/wp-content\/uploads\/2022\/06\/interieur-spacieux-design-bois-exemple-1-367x550.jpeg 367w, https:\/\/www.cocondedecoration.com\/blog\/wp-content\/uploads\/2022\/06\/interieur-spacieux-design-bois-exemple-1-333x500.jpeg 333w, https:\/\/www.cocondedecoration.com\/blog\/wp-content\/uploads\/2022\/06\/interieur-spacieux-design-bois-exemple-1.jpeg 1000w\" sizes=\"(max-width: 640px) 100vw, 640px\" \/><figcaption>archdaily.com\n<\/figcaption><\/figure><\/li><li class=\"blocks-gallery-item\"><figure><img loading=\"lazy\" decoding=\"async\" width=\"640\" height=\"960\" src=\"http:\/\/www.cocondedecoration.com\/blog\/wp-content\/uploads\/2022\/06\/interieur-spacieux-design-bois-exemple-2-640x960.jpeg\" alt=\"interieur spacieux design bois exemple salle de bain \u00e9pur\u00e9e minimaliste grand espace\" data-id=\"49964\" data-link=\"http:\/\/www.cocondedecoration.com\/blog\/?attachment_id=49964\" class=\"wp-image-49964\" srcset=\"https:\/\/www.cocondedecoration.com\/blog\/wp-content\/uploads\/2022\/06\/interieur-spacieux-design-bois-exemple-2-640x960.jpeg 640w, https:\/\/www.cocondedecoration.com\/blog\/wp-content\/uploads\/2022\/06\/interieur-spacieux-design-bois-exemple-2-260x390.jpeg 260w, https:\/\/www.cocondedecoration.com\/blog\/wp-content\/uploads\/2022\/06\/interieur-spacieux-design-bois-exemple-2-768x1152.jpeg 768w, https:\/\/www.cocondedecoration.com\/blog\/wp-content\/uploads\/2022\/06\/interieur-spacieux-design-bois-exemple-2-367x550.jpeg 367w, https:\/\/www.cocondedecoration.com\/blog\/wp-content\/uploads\/2022\/06\/interieur-spacieux-design-bois-exemple-2-333x500.jpeg 333w, https:\/\/www.cocondedecoration.com\/blog\/wp-content\/uploads\/2022\/06\/interieur-spacieux-design-bois-exemple-2.jpeg 1000w\" sizes=\"(max-width: 640px) 100vw, 640px\" \/><figcaption>designboom.com\n<\/figcaption><\/figure><\/li><li class=\"blocks-gallery-item\"><figure><img loading=\"lazy\" decoding=\"async\" width=\"640\" height=\"960\" src=\"http:\/\/www.cocondedecoration.com\/blog\/wp-content\/uploads\/2022\/06\/interieur-spacieux-design-bois-exemple-3-640x960.jpeg\" alt=\"interieur spacieux design bois exemple escaliers murs blanc parquet arbuste indoor\" data-id=\"49965\" data-link=\"http:\/\/www.cocondedecoration.com\/blog\/?attachment_id=49965\" class=\"wp-image-49965\" srcset=\"https:\/\/www.cocondedecoration.com\/blog\/wp-content\/uploads\/2022\/06\/interieur-spacieux-design-bois-exemple-3-640x960.jpeg 640w, https:\/\/www.cocondedecoration.com\/blog\/wp-content\/uploads\/2022\/06\/interieur-spacieux-design-bois-exemple-3-260x390.jpeg 260w, https:\/\/www.cocondedecoration.com\/blog\/wp-content\/uploads\/2022\/06\/interieur-spacieux-design-bois-exemple-3-768x1152.jpeg 768w, https:\/\/www.cocondedecoration.com\/blog\/wp-content\/uploads\/2022\/06\/interieur-spacieux-design-bois-exemple-3-367x550.jpeg 367w, https:\/\/www.cocondedecoration.com\/blog\/wp-content\/uploads\/2022\/06\/interieur-spacieux-design-bois-exemple-3-333x500.jpeg 333w, https:\/\/www.cocondedecoration.com\/blog\/wp-content\/uploads\/2022\/06\/interieur-spacieux-design-bois-exemple-3.jpeg 1000w\" sizes=\"(max-width: 640px) 100vw, 640px\" \/><figcaption>instagram.com\n<\/figcaption><\/figure><\/li><li class=\"blocks-gallery-item\"><figure><img loading=\"lazy\" decoding=\"async\" width=\"640\" height=\"960\" src=\"http:\/\/www.cocondedecoration.com\/blog\/wp-content\/uploads\/2022\/06\/interieur-spacieux-design-bois-exemple-4-640x960.jpeg\" alt=\"interieur spacieux design bois exemple grande hauteur sous plafond espace \u00e9pur\u00e9 biblioth\u00e8que arbuste hamac\" data-id=\"49966\" data-link=\"http:\/\/www.cocondedecoration.com\/blog\/?attachment_id=49966\" class=\"wp-image-49966\" srcset=\"https:\/\/www.cocondedecoration.com\/blog\/wp-content\/uploads\/2022\/06\/interieur-spacieux-design-bois-exemple-4-640x960.jpeg 640w, https:\/\/www.cocondedecoration.com\/blog\/wp-content\/uploads\/2022\/06\/interieur-spacieux-design-bois-exemple-4-260x390.jpeg 260w, https:\/\/www.cocondedecoration.com\/blog\/wp-content\/uploads\/2022\/06\/interieur-spacieux-design-bois-exemple-4-768x1152.jpeg 768w, https:\/\/www.cocondedecoration.com\/blog\/wp-content\/uploads\/2022\/06\/interieur-spacieux-design-bois-exemple-4-367x550.jpeg 367w, https:\/\/www.cocondedecoration.com\/blog\/wp-content\/uploads\/2022\/06\/interieur-spacieux-design-bois-exemple-4-333x500.jpeg 333w, https:\/\/www.cocondedecoration.com\/blog\/wp-content\/uploads\/2022\/06\/interieur-spacieux-design-bois-exemple-4.jpeg 1000w\" sizes=\"(max-width: 640px) 100vw, 640px\" \/><figcaption>apartca-blog.com\n<\/figcaption><\/figure><\/li><li class=\"blocks-gallery-item\"><figure><img loading=\"lazy\" decoding=\"async\" width=\"640\" height=\"960\" src=\"http:\/\/www.cocondedecoration.com\/blog\/wp-content\/uploads\/2022\/06\/interieur-spacieux-design-bois-exemple-5-640x960.jpeg\" alt=\"interieur spacieux design bois exemple banquette \u00e9pur\u00e9e b\u00e9ton cir\u00e9 mural \u00e9l\u00e9gant simple minimal\" data-id=\"49967\" data-link=\"http:\/\/www.cocondedecoration.com\/blog\/?attachment_id=49967\" class=\"wp-image-49967\" srcset=\"https:\/\/www.cocondedecoration.com\/blog\/wp-content\/uploads\/2022\/06\/interieur-spacieux-design-bois-exemple-5-640x960.jpeg 640w, https:\/\/www.cocondedecoration.com\/blog\/wp-content\/uploads\/2022\/06\/interieur-spacieux-design-bois-exemple-5-260x390.jpeg 260w, https:\/\/www.cocondedecoration.com\/blog\/wp-content\/uploads\/2022\/06\/interieur-spacieux-design-bois-exemple-5-768x1152.jpeg 768w, https:\/\/www.cocondedecoration.com\/blog\/wp-content\/uploads\/2022\/06\/interieur-spacieux-design-bois-exemple-5-367x550.jpeg 367w, https:\/\/www.cocondedecoration.com\/blog\/wp-content\/uploads\/2022\/06\/interieur-spacieux-design-bois-exemple-5-333x500.jpeg 333w, https:\/\/www.cocondedecoration.com\/blog\/wp-content\/uploads\/2022\/06\/interieur-spacieux-design-bois-exemple-5.jpeg 1000w\" sizes=\"(max-width: 640px) 100vw, 640px\" \/><figcaption>sfgirlbybay.com\n<\/figcaption><\/figure><\/li><li class=\"blocks-gallery-item\"><figure><img loading=\"lazy\" decoding=\"async\" width=\"640\" height=\"960\" src=\"http:\/\/www.cocondedecoration.com\/blog\/wp-content\/uploads\/2022\/06\/interieur-spacieux-design-bois-exemple-6-640x960.jpeg\" alt=\"interieur spacieux design bois exemple salon s\u00e9jour haut plafond habillage mur\" data-id=\"49968\" data-link=\"http:\/\/www.cocondedecoration.com\/blog\/?attachment_id=49968\" class=\"wp-image-49968\" srcset=\"https:\/\/www.cocondedecoration.com\/blog\/wp-content\/uploads\/2022\/06\/interieur-spacieux-design-bois-exemple-6-640x960.jpeg 640w, https:\/\/www.cocondedecoration.com\/blog\/wp-content\/uploads\/2022\/06\/interieur-spacieux-design-bois-exemple-6-260x390.jpeg 260w, https:\/\/www.cocondedecoration.com\/blog\/wp-content\/uploads\/2022\/06\/interieur-spacieux-design-bois-exemple-6-768x1152.jpeg 768w, https:\/\/www.cocondedecoration.com\/blog\/wp-content\/uploads\/2022\/06\/interieur-spacieux-design-bois-exemple-6-367x550.jpeg 367w, https:\/\/www.cocondedecoration.com\/blog\/wp-content\/uploads\/2022\/06\/interieur-spacieux-design-bois-exemple-6-333x500.jpeg 333w, https:\/\/www.cocondedecoration.com\/blog\/wp-content\/uploads\/2022\/06\/interieur-spacieux-design-bois-exemple-6.jpeg 1000w\" sizes=\"(max-width: 640px) 100vw, 640px\" \/><figcaption>folkr.fr\n<\/figcaption><\/figure><\/li><\/ul>\n\n\n\n<h2 class=\"wp-block-heading\">02 \u2022 Esth\u00e9tique japonaise moderne<\/h2>\n\n\n\n<p><a rel=\"noreferrer noopener\" aria-label=\"Sur Instagram (s\u2019ouvre dans un nouvel onglet)\" href=\"https:\/\/www.instagram.com\/cocondedeco\/\" target=\"_blank\">Sur Instagram<\/a> je suis quelques comptes japonais en ce moment. Ca me plait beaucoup parce qu'il y a une esth\u00e9tique qui sort de l'ordinaire. Une certaine s\u00e9r\u00e9nit\u00e9. Ca change des int\u00e9rieurs surcharg\u00e9s. J'aime aussi beaucoup ces comptes parce qu'ils me rappellent de prendre le temps d'observer, de regarder avec attention ce qui se passe sous mes yeux. Il y a peu \u00e0 voir au premier abord mais le go\u00fbt du d\u00e9tails - m\u00eame minime - m'inspire beaucoup. Comme je sais que <a href=\"http:\/\/www.cocondedecoration.com\/blog\/category\/tendances-deco\/deco-minimaliste-epuree\/\" target=\"_blank\" rel=\"noreferrer noopener\" aria-label=\"le minimalisme (s\u2019ouvre dans un nouvel onglet)\">le minimalisme<\/a> n'est pas la tasse de th\u00e9 de tout le monde, j'ai essay\u00e9 de trouver des images pas si \u00e9pur\u00e9es. <\/p>\n\n\n\n<ul class=\"wp-block-gallery columns-3 is-cropped wp-block-gallery-2 is-layout-flex wp-block-gallery-is-layout-flex\"><li class=\"blocks-gallery-item\"><figure><img loading=\"lazy\" decoding=\"async\" width=\"640\" height=\"960\" src=\"http:\/\/www.cocondedecoration.com\/blog\/wp-content\/uploads\/2022\/06\/decoration-interieure-esprit-japon-moderne-1-640x960.jpeg\" alt=\"decoration interieure esprit japon moderne entr\u00e9e \u00e9pur\u00e9e bois rangement discret sur-mesure\" data-id=\"49975\" data-link=\"http:\/\/www.cocondedecoration.com\/blog\/?attachment_id=49975\" class=\"wp-image-49975\" srcset=\"https:\/\/www.cocondedecoration.com\/blog\/wp-content\/uploads\/2022\/06\/decoration-interieure-esprit-japon-moderne-1-640x960.jpeg 640w, https:\/\/www.cocondedecoration.com\/blog\/wp-content\/uploads\/2022\/06\/decoration-interieure-esprit-japon-moderne-1-260x390.jpeg 260w, https:\/\/www.cocondedecoration.com\/blog\/wp-content\/uploads\/2022\/06\/decoration-interieure-esprit-japon-moderne-1-768x1152.jpeg 768w, https:\/\/www.cocondedecoration.com\/blog\/wp-content\/uploads\/2022\/06\/decoration-interieure-esprit-japon-moderne-1-367x550.jpeg 367w, https:\/\/www.cocondedecoration.com\/blog\/wp-content\/uploads\/2022\/06\/decoration-interieure-esprit-japon-moderne-1-333x500.jpeg 333w, https:\/\/www.cocondedecoration.com\/blog\/wp-content\/uploads\/2022\/06\/decoration-interieure-esprit-japon-moderne-1.jpeg 1000w\" sizes=\"(max-width: 640px) 100vw, 640px\" \/><figcaption>kokolab.jp\n<\/figcaption><\/figure><\/li><li class=\"blocks-gallery-item\"><figure><img loading=\"lazy\" decoding=\"async\" width=\"640\" height=\"960\" src=\"http:\/\/www.cocondedecoration.com\/blog\/wp-content\/uploads\/2022\/06\/decoration-interieure-esprit-japon-moderne-2-640x960.jpeg\" alt=\"decoration interieure esprit japon moderne chambre \u00e0 coucher couleur neutre simple et slow int\u00e9rieur\" data-id=\"49976\" data-link=\"http:\/\/www.cocondedecoration.com\/blog\/?attachment_id=49976\" class=\"wp-image-49976\" srcset=\"https:\/\/www.cocondedecoration.com\/blog\/wp-content\/uploads\/2022\/06\/decoration-interieure-esprit-japon-moderne-2-640x960.jpeg 640w, https:\/\/www.cocondedecoration.com\/blog\/wp-content\/uploads\/2022\/06\/decoration-interieure-esprit-japon-moderne-2-260x390.jpeg 260w, https:\/\/www.cocondedecoration.com\/blog\/wp-content\/uploads\/2022\/06\/decoration-interieure-esprit-japon-moderne-2-768x1152.jpeg 768w, https:\/\/www.cocondedecoration.com\/blog\/wp-content\/uploads\/2022\/06\/decoration-interieure-esprit-japon-moderne-2-367x550.jpeg 367w, https:\/\/www.cocondedecoration.com\/blog\/wp-content\/uploads\/2022\/06\/decoration-interieure-esprit-japon-moderne-2-333x500.jpeg 333w, https:\/\/www.cocondedecoration.com\/blog\/wp-content\/uploads\/2022\/06\/decoration-interieure-esprit-japon-moderne-2.jpeg 1000w\" sizes=\"(max-width: 640px) 100vw, 640px\" \/><figcaption>anothermag.com\n<\/figcaption><\/figure><\/li><li class=\"blocks-gallery-item\"><figure><img loading=\"lazy\" decoding=\"async\" width=\"640\" height=\"960\" src=\"http:\/\/www.cocondedecoration.com\/blog\/wp-content\/uploads\/2022\/06\/decoration-interieure-esprit-japon-moderne-3-640x960.jpeg\" alt=\"decoration interieure esprit japon moderne salle de bain bois blanc \u00e9pur\u00e9 simple minimale mais pas trop\" data-id=\"49977\" data-link=\"http:\/\/www.cocondedecoration.com\/blog\/?attachment_id=49977\" class=\"wp-image-49977\" srcset=\"https:\/\/www.cocondedecoration.com\/blog\/wp-content\/uploads\/2022\/06\/decoration-interieure-esprit-japon-moderne-3-640x960.jpeg 640w, https:\/\/www.cocondedecoration.com\/blog\/wp-content\/uploads\/2022\/06\/decoration-interieure-esprit-japon-moderne-3-260x390.jpeg 260w, https:\/\/www.cocondedecoration.com\/blog\/wp-content\/uploads\/2022\/06\/decoration-interieure-esprit-japon-moderne-3-768x1152.jpeg 768w, https:\/\/www.cocondedecoration.com\/blog\/wp-content\/uploads\/2022\/06\/decoration-interieure-esprit-japon-moderne-3-367x550.jpeg 367w, https:\/\/www.cocondedecoration.com\/blog\/wp-content\/uploads\/2022\/06\/decoration-interieure-esprit-japon-moderne-3-333x500.jpeg 333w, https:\/\/www.cocondedecoration.com\/blog\/wp-content\/uploads\/2022\/06\/decoration-interieure-esprit-japon-moderne-3.jpeg 1000w\" sizes=\"(max-width: 640px) 100vw, 640px\" \/><figcaption>clasishome.jp\n<\/figcaption><\/figure><\/li><li class=\"blocks-gallery-item\"><figure><img loading=\"lazy\" decoding=\"async\" width=\"640\" height=\"960\" src=\"http:\/\/www.cocondedecoration.com\/blog\/wp-content\/uploads\/2022\/06\/decoration-interieure-esprit-japon-moderne-4-640x960.jpeg\" alt=\"decoration interieure esprit japon moderne salon s\u00e9jour salle \u00e0 manger petit espace \u00e9pur\u00e9 simple\" data-id=\"49978\" data-link=\"http:\/\/www.cocondedecoration.com\/blog\/?attachment_id=49978\" class=\"wp-image-49978\" srcset=\"https:\/\/www.cocondedecoration.com\/blog\/wp-content\/uploads\/2022\/06\/decoration-interieure-esprit-japon-moderne-4-640x960.jpeg 640w, https:\/\/www.cocondedecoration.com\/blog\/wp-content\/uploads\/2022\/06\/decoration-interieure-esprit-japon-moderne-4-260x390.jpeg 260w, https:\/\/www.cocondedecoration.com\/blog\/wp-content\/uploads\/2022\/06\/decoration-interieure-esprit-japon-moderne-4-768x1152.jpeg 768w, https:\/\/www.cocondedecoration.com\/blog\/wp-content\/uploads\/2022\/06\/decoration-interieure-esprit-japon-moderne-4-367x550.jpeg 367w, https:\/\/www.cocondedecoration.com\/blog\/wp-content\/uploads\/2022\/06\/decoration-interieure-esprit-japon-moderne-4-333x500.jpeg 333w, https:\/\/www.cocondedecoration.com\/blog\/wp-content\/uploads\/2022\/06\/decoration-interieure-esprit-japon-moderne-4.jpeg 1000w\" sizes=\"(max-width: 640px) 100vw, 640px\" \/><figcaption>gamp.ameblo.jp\n<\/figcaption><\/figure><\/li><li class=\"blocks-gallery-item\"><figure><img loading=\"lazy\" decoding=\"async\" width=\"640\" height=\"960\" src=\"http:\/\/www.cocondedecoration.com\/blog\/wp-content\/uploads\/2022\/06\/decoration-interieure-esprit-japon-moderne-5-640x960.jpeg\" alt=\"decoration interieure esprit japon moderne entr\u00e9e couloir claustras porte coulissantes \u00e9pur\u00e9e\" data-id=\"49979\" data-link=\"http:\/\/www.cocondedecoration.com\/blog\/?attachment_id=49979\" class=\"wp-image-49979\" srcset=\"https:\/\/www.cocondedecoration.com\/blog\/wp-content\/uploads\/2022\/06\/decoration-interieure-esprit-japon-moderne-5-640x960.jpeg 640w, https:\/\/www.cocondedecoration.com\/blog\/wp-content\/uploads\/2022\/06\/decoration-interieure-esprit-japon-moderne-5-260x390.jpeg 260w, https:\/\/www.cocondedecoration.com\/blog\/wp-content\/uploads\/2022\/06\/decoration-interieure-esprit-japon-moderne-5-768x1152.jpeg 768w, https:\/\/www.cocondedecoration.com\/blog\/wp-content\/uploads\/2022\/06\/decoration-interieure-esprit-japon-moderne-5-367x550.jpeg 367w, https:\/\/www.cocondedecoration.com\/blog\/wp-content\/uploads\/2022\/06\/decoration-interieure-esprit-japon-moderne-5-333x500.jpeg 333w, https:\/\/www.cocondedecoration.com\/blog\/wp-content\/uploads\/2022\/06\/decoration-interieure-esprit-japon-moderne-5.jpeg 1000w\" sizes=\"(max-width: 640px) 100vw, 640px\" \/><figcaption>pinterest.ph\n<\/figcaption><\/figure><\/li><li class=\"blocks-gallery-item\"><figure><img loading=\"lazy\" decoding=\"async\" width=\"640\" height=\"960\" src=\"http:\/\/www.cocondedecoration.com\/blog\/wp-content\/uploads\/2022\/06\/decoration-interieure-esprit-japon-moderne-6-640x960.jpeg\" alt=\"decoration interieure esprit japon moderne cuisine ouverte coin repas blanc et bois\" data-id=\"49980\" data-link=\"http:\/\/www.cocondedecoration.com\/blog\/?attachment_id=49980\" class=\"wp-image-49980\" srcset=\"https:\/\/www.cocondedecoration.com\/blog\/wp-content\/uploads\/2022\/06\/decoration-interieure-esprit-japon-moderne-6-640x960.jpeg 640w, https:\/\/www.cocondedecoration.com\/blog\/wp-content\/uploads\/2022\/06\/decoration-interieure-esprit-japon-moderne-6-260x390.jpeg 260w, https:\/\/www.cocondedecoration.com\/blog\/wp-content\/uploads\/2022\/06\/decoration-interieure-esprit-japon-moderne-6-768x1152.jpeg 768w, https:\/\/www.cocondedecoration.com\/blog\/wp-content\/uploads\/2022\/06\/decoration-interieure-esprit-japon-moderne-6-367x550.jpeg 367w, https:\/\/www.cocondedecoration.com\/blog\/wp-content\/uploads\/2022\/06\/decoration-interieure-esprit-japon-moderne-6-333x500.jpeg 333w, https:\/\/www.cocondedecoration.com\/blog\/wp-content\/uploads\/2022\/06\/decoration-interieure-esprit-japon-moderne-6.jpeg 1000w\" sizes=\"(max-width: 640px) 100vw, 640px\" \/><figcaption>Claire via Pinterest<\/figcaption><\/figure><\/li><\/ul>\n\n\n\n<h2 class=\"wp-block-heading\">03 \u2022  Des stores l\u00e9gers pour un int\u00e9rieur plus frais <\/h2>\n\n\n\n<p>Je ne parle pas souvent des rideaux, stores et autres solutions pour d\u00e9corer les fen\u00eatres. C'est dans un coin de ma t\u00eate mais je n'ai pas encore pris le temps de me pencher s\u00e9rieusement sur la question. C'est aussi \u00e0 cela que servent mes weekly inspiration, \u00e0 traiter des sujets rapidement en attendant d'avoir r\u00e9ellement du temps pour en parler longuement. Avec l'\u00e9t\u00e9 qui approche et les gros pics de chaleurs qui sont d\u00e9j\u00e0 l\u00e0, vous avez peut-\u00eatre envie de <a href=\"http:\/\/www.cocondedecoration.com\/blog\/2019\/07\/pratique-reguler-la-chaleur-dans-la-maison-cet-ete\/\" target=\"_blank\" rel=\"noreferrer noopener\" aria-label=\"cr\u00e9er un int\u00e9rieur plus frais (s\u2019ouvre dans un nouvel onglet)\">cr\u00e9er un int\u00e9rieur plus frais<\/a>. Quoi de mieux que des <a rel=\"noreferrer noopener\" aria-label=\"stores bateaux (s\u2019ouvre dans un nouvel onglet)\" href=\"http:\/\/www.cocondedecoration.com\/blog\/2018\/08\/mettre-des-stores-dans-la-chambre-pour-faire-la-sieste\/\" target=\"_blank\">stores bateaux<\/a> confectionn\u00e9s dans un textile l\u00e9ger et neutre. Un tissage a\u00e9r\u00e9 qui laisse passer la lumi\u00e8re mais pas trop. <\/p>\n\n\n\n<ul class=\"wp-block-gallery columns-3 is-cropped wp-block-gallery-3 is-layout-flex wp-block-gallery-is-layout-flex\"><li class=\"blocks-gallery-item\"><figure><img loading=\"lazy\" decoding=\"async\" width=\"640\" height=\"960\" src=\"http:\/\/www.cocondedecoration.com\/blog\/wp-content\/uploads\/2022\/06\/exemple-stores-tissus-leger-1-640x960.jpeg\" alt=\"exemple stores tissus leger couleur fonc\u00e9e transparent bureau fen\u00eatre nature jardin\" data-id=\"49981\" data-link=\"http:\/\/www.cocondedecoration.com\/blog\/?attachment_id=49981\" class=\"wp-image-49981\" srcset=\"https:\/\/www.cocondedecoration.com\/blog\/wp-content\/uploads\/2022\/06\/exemple-stores-tissus-leger-1-640x960.jpeg 640w, https:\/\/www.cocondedecoration.com\/blog\/wp-content\/uploads\/2022\/06\/exemple-stores-tissus-leger-1-260x390.jpeg 260w, https:\/\/www.cocondedecoration.com\/blog\/wp-content\/uploads\/2022\/06\/exemple-stores-tissus-leger-1-768x1152.jpeg 768w, https:\/\/www.cocondedecoration.com\/blog\/wp-content\/uploads\/2022\/06\/exemple-stores-tissus-leger-1-367x550.jpeg 367w, https:\/\/www.cocondedecoration.com\/blog\/wp-content\/uploads\/2022\/06\/exemple-stores-tissus-leger-1-333x500.jpeg 333w, https:\/\/www.cocondedecoration.com\/blog\/wp-content\/uploads\/2022\/06\/exemple-stores-tissus-leger-1.jpeg 1000w\" sizes=\"(max-width: 640px) 100vw, 640px\" \/><figcaption>deardesigner.co.uk\n<\/figcaption><\/figure><\/li><li class=\"blocks-gallery-item\"><figure><img loading=\"lazy\" decoding=\"async\" width=\"640\" height=\"960\" src=\"http:\/\/www.cocondedecoration.com\/blog\/wp-content\/uploads\/2022\/06\/exemple-stores-tissus-leger-2-640x960.jpeg\" alt=\"exemple stores tissus leger espace repos banquette boh\u00e8me neutre coussins\" data-id=\"49982\" data-link=\"http:\/\/www.cocondedecoration.com\/blog\/?attachment_id=49982\" class=\"wp-image-49982\" srcset=\"https:\/\/www.cocondedecoration.com\/blog\/wp-content\/uploads\/2022\/06\/exemple-stores-tissus-leger-2-640x960.jpeg 640w, https:\/\/www.cocondedecoration.com\/blog\/wp-content\/uploads\/2022\/06\/exemple-stores-tissus-leger-2-260x390.jpeg 260w, https:\/\/www.cocondedecoration.com\/blog\/wp-content\/uploads\/2022\/06\/exemple-stores-tissus-leger-2-768x1152.jpeg 768w, https:\/\/www.cocondedecoration.com\/blog\/wp-content\/uploads\/2022\/06\/exemple-stores-tissus-leger-2-367x550.jpeg 367w, https:\/\/www.cocondedecoration.com\/blog\/wp-content\/uploads\/2022\/06\/exemple-stores-tissus-leger-2-333x500.jpeg 333w, https:\/\/www.cocondedecoration.com\/blog\/wp-content\/uploads\/2022\/06\/exemple-stores-tissus-leger-2.jpeg 1000w\" sizes=\"(max-width: 640px) 100vw, 640px\" \/><figcaption>moodnekodu.delfi.ee\n<\/figcaption><\/figure><\/li><li class=\"blocks-gallery-item\"><figure><img loading=\"lazy\" decoding=\"async\" width=\"640\" height=\"960\" src=\"http:\/\/www.cocondedecoration.com\/blog\/wp-content\/uploads\/2022\/06\/exemple-stores-tissus-leger-3-640x960.jpeg\" alt=\"exemple stores tissus leger couleur neutre beige mur blanc salon \u00e9l\u00e9gant\" data-id=\"49983\" data-link=\"http:\/\/www.cocondedecoration.com\/blog\/?attachment_id=49983\" class=\"wp-image-49983\" srcset=\"https:\/\/www.cocondedecoration.com\/blog\/wp-content\/uploads\/2022\/06\/exemple-stores-tissus-leger-3-640x960.jpeg 640w, https:\/\/www.cocondedecoration.com\/blog\/wp-content\/uploads\/2022\/06\/exemple-stores-tissus-leger-3-260x390.jpeg 260w, https:\/\/www.cocondedecoration.com\/blog\/wp-content\/uploads\/2022\/06\/exemple-stores-tissus-leger-3-768x1152.jpeg 768w, https:\/\/www.cocondedecoration.com\/blog\/wp-content\/uploads\/2022\/06\/exemple-stores-tissus-leger-3-367x550.jpeg 367w, https:\/\/www.cocondedecoration.com\/blog\/wp-content\/uploads\/2022\/06\/exemple-stores-tissus-leger-3-333x500.jpeg 333w, https:\/\/www.cocondedecoration.com\/blog\/wp-content\/uploads\/2022\/06\/exemple-stores-tissus-leger-3.jpeg 1000w\" sizes=\"(max-width: 640px) 100vw, 640px\" \/><figcaption>vtwonen.nl\n<\/figcaption><\/figure><\/li><li class=\"blocks-gallery-item\"><figure><img loading=\"lazy\" decoding=\"async\" width=\"640\" height=\"960\" src=\"http:\/\/www.cocondedecoration.com\/blog\/wp-content\/uploads\/2022\/06\/exemple-stores-tissus-leger-4-640x960.jpeg\" alt=\"exemple stores tissus leger petite fen\u00eatre salle \u00e0 manger moderne \u00e9pur\u00e9e\" data-id=\"49984\" data-link=\"http:\/\/www.cocondedecoration.com\/blog\/?attachment_id=49984\" class=\"wp-image-49984\" srcset=\"https:\/\/www.cocondedecoration.com\/blog\/wp-content\/uploads\/2022\/06\/exemple-stores-tissus-leger-4-640x960.jpeg 640w, https:\/\/www.cocondedecoration.com\/blog\/wp-content\/uploads\/2022\/06\/exemple-stores-tissus-leger-4-260x390.jpeg 260w, https:\/\/www.cocondedecoration.com\/blog\/wp-content\/uploads\/2022\/06\/exemple-stores-tissus-leger-4-768x1152.jpeg 768w, https:\/\/www.cocondedecoration.com\/blog\/wp-content\/uploads\/2022\/06\/exemple-stores-tissus-leger-4-367x550.jpeg 367w, https:\/\/www.cocondedecoration.com\/blog\/wp-content\/uploads\/2022\/06\/exemple-stores-tissus-leger-4-333x500.jpeg 333w, https:\/\/www.cocondedecoration.com\/blog\/wp-content\/uploads\/2022\/06\/exemple-stores-tissus-leger-4.jpeg 1000w\" sizes=\"(max-width: 640px) 100vw, 640px\" \/><figcaption>turbulences-deco.fr\n<\/figcaption><\/figure><\/li><li class=\"blocks-gallery-item\"><figure><img loading=\"lazy\" decoding=\"async\" width=\"640\" height=\"960\" src=\"http:\/\/www.cocondedecoration.com\/blog\/wp-content\/uploads\/2022\/06\/exemple-stores-tissus-leger-5-640x960.jpeg\" alt=\"exemple stores tissus leger bateau textile habillage fen\u00eatre\" data-id=\"49985\" data-link=\"http:\/\/www.cocondedecoration.com\/blog\/?attachment_id=49985\" class=\"wp-image-49985\" srcset=\"https:\/\/www.cocondedecoration.com\/blog\/wp-content\/uploads\/2022\/06\/exemple-stores-tissus-leger-5-640x960.jpeg 640w, https:\/\/www.cocondedecoration.com\/blog\/wp-content\/uploads\/2022\/06\/exemple-stores-tissus-leger-5-260x390.jpeg 260w, https:\/\/www.cocondedecoration.com\/blog\/wp-content\/uploads\/2022\/06\/exemple-stores-tissus-leger-5-768x1152.jpeg 768w, https:\/\/www.cocondedecoration.com\/blog\/wp-content\/uploads\/2022\/06\/exemple-stores-tissus-leger-5-367x550.jpeg 367w, https:\/\/www.cocondedecoration.com\/blog\/wp-content\/uploads\/2022\/06\/exemple-stores-tissus-leger-5-333x500.jpeg 333w, https:\/\/www.cocondedecoration.com\/blog\/wp-content\/uploads\/2022\/06\/exemple-stores-tissus-leger-5.jpeg 1000w\" sizes=\"(max-width: 640px) 100vw, 640px\" \/><figcaption>objectivehome.blogspot.com\n<\/figcaption><\/figure><\/li><li class=\"blocks-gallery-item\"><figure><img loading=\"lazy\" decoding=\"async\" width=\"640\" height=\"960\" src=\"http:\/\/www.cocondedecoration.com\/blog\/wp-content\/uploads\/2022\/06\/exemple-stores-tissus-leger-6-640x960.jpeg\" alt=\"exemple stores tissus leger ambiance neutre wabisabi simple slow int\u00e9rieur\" data-id=\"49986\" data-link=\"http:\/\/www.cocondedecoration.com\/blog\/?attachment_id=49986\" class=\"wp-image-49986\" srcset=\"https:\/\/www.cocondedecoration.com\/blog\/wp-content\/uploads\/2022\/06\/exemple-stores-tissus-leger-6-640x960.jpeg 640w, https:\/\/www.cocondedecoration.com\/blog\/wp-content\/uploads\/2022\/06\/exemple-stores-tissus-leger-6-260x390.jpeg 260w, https:\/\/www.cocondedecoration.com\/blog\/wp-content\/uploads\/2022\/06\/exemple-stores-tissus-leger-6-768x1152.jpeg 768w, https:\/\/www.cocondedecoration.com\/blog\/wp-content\/uploads\/2022\/06\/exemple-stores-tissus-leger-6-367x550.jpeg 367w, https:\/\/www.cocondedecoration.com\/blog\/wp-content\/uploads\/2022\/06\/exemple-stores-tissus-leger-6-333x500.jpeg 333w, https:\/\/www.cocondedecoration.com\/blog\/wp-content\/uploads\/2022\/06\/exemple-stores-tissus-leger-6.jpeg 1000w\" sizes=\"(max-width: 640px) 100vw, 640px\" \/><figcaption>frombritainwithlove.com\n<\/figcaption><\/figure><\/li><\/ul>\n\n\n\n<h2 class=\"wp-block-heading\">04 \u2022  Arche &amp; ext\u00e9rieur - de vastes possibilit\u00e9s <\/h2>\n\n\n\n<p>J'ai d\u00e9j\u00e0 eu l'occasion de vous parler des arches. Sous forme de peinture murale,<a rel=\"noreferrer noopener\" aria-label=\" \u00e0 l'int\u00e9rieur plus d'un point de vue architectural (s\u2019ouvre dans un nouvel onglet)\" href=\"http:\/\/www.cocondedecoration.com\/blog\/2022\/04\/arche-architecture-interieure\/\" target=\"_blank\"> \u00e0 l'int\u00e9rieur plus d'un point de vue architectural<\/a>. Cette fois, j'ai eu envie de regarder quelques possibilit\u00e9s quant au fait d'int\u00e9grer cet \u00e9l\u00e9ment tr\u00e8s tendance en ext\u00e9rieur. Sur la fa\u00e7ade, en guise d'ouverture et de baie vitr\u00e9e cintr\u00e9e, dans les corridors et coursives ext\u00e9rieurs... J'aime l'id\u00e9e de rondeur. On ne la voit pas \u00e0 tous les coins de rue. Elle fait un pied de nez aux formes saillantes que l'on croise bien trop souvent au quotidien. Il y a aussi une id\u00e9e sous-jacente de <a href=\"http:\/\/www.cocondedecoration.com\/blog\/2020\/08\/idee-deco-quel-style-deco-pour-un-air-de-vacances-toute-lannee-chez-soi\/\" target=\"_blank\" rel=\"noreferrer noopener\" aria-label=\"vacances (s\u2019ouvre dans un nouvel onglet)\">vacances<\/a>, vous ne trouvez pas? Les arches ne les retrouve-t-on pas dans des pays m\u00e9diterran\u00e9ens? ou encore plus loin comme au Mexique (ou tr\u00e8s certainement en Inde, \u00e7a je peux vous le certifier!)? Enfin bref, j'esp\u00e8re que cette s\u00e9lection d'arches ext\u00e9rieures vous parle autant qu'\u00e0 moi. <\/p>\n\n\n\n<ul class=\"wp-block-gallery columns-3 is-cropped wp-block-gallery-4 is-layout-flex wp-block-gallery-is-layout-flex\"><li class=\"blocks-gallery-item\"><figure><img loading=\"lazy\" decoding=\"async\" width=\"640\" height=\"960\" src=\"http:\/\/www.cocondedecoration.com\/blog\/wp-content\/uploads\/2022\/06\/arche-exterieure-architecture-exemple-1-640x960.jpeg\" alt=\"arche exterieure architecture exemple maison design cintr\u00e9e arrondie\" data-id=\"49969\" data-link=\"http:\/\/www.cocondedecoration.com\/blog\/?attachment_id=49969\" class=\"wp-image-49969\" srcset=\"https:\/\/www.cocondedecoration.com\/blog\/wp-content\/uploads\/2022\/06\/arche-exterieure-architecture-exemple-1-640x960.jpeg 640w, https:\/\/www.cocondedecoration.com\/blog\/wp-content\/uploads\/2022\/06\/arche-exterieure-architecture-exemple-1-260x390.jpeg 260w, https:\/\/www.cocondedecoration.com\/blog\/wp-content\/uploads\/2022\/06\/arche-exterieure-architecture-exemple-1-768x1152.jpeg 768w, https:\/\/www.cocondedecoration.com\/blog\/wp-content\/uploads\/2022\/06\/arche-exterieure-architecture-exemple-1-367x550.jpeg 367w, https:\/\/www.cocondedecoration.com\/blog\/wp-content\/uploads\/2022\/06\/arche-exterieure-architecture-exemple-1-333x500.jpeg 333w, https:\/\/www.cocondedecoration.com\/blog\/wp-content\/uploads\/2022\/06\/arche-exterieure-architecture-exemple-1.jpeg 1000w\" sizes=\"(max-width: 640px) 100vw, 640px\" \/><figcaption>archinect.com\n<\/figcaption><\/figure><\/li><li class=\"blocks-gallery-item\"><figure><img loading=\"lazy\" decoding=\"async\" width=\"640\" height=\"960\" src=\"http:\/\/www.cocondedecoration.com\/blog\/wp-content\/uploads\/2022\/06\/arche-exterieure-architecture-exemple-2-640x960.jpeg\" alt=\"arche exterieure architecture exemple fen\u00eatre contr\u00e9e grande baie vitr\u00e9e moderne\" data-id=\"49970\" data-link=\"http:\/\/www.cocondedecoration.com\/blog\/?attachment_id=49970\" class=\"wp-image-49970\" srcset=\"https:\/\/www.cocondedecoration.com\/blog\/wp-content\/uploads\/2022\/06\/arche-exterieure-architecture-exemple-2-640x960.jpeg 640w, https:\/\/www.cocondedecoration.com\/blog\/wp-content\/uploads\/2022\/06\/arche-exterieure-architecture-exemple-2-260x390.jpeg 260w, https:\/\/www.cocondedecoration.com\/blog\/wp-content\/uploads\/2022\/06\/arche-exterieure-architecture-exemple-2-768x1152.jpeg 768w, https:\/\/www.cocondedecoration.com\/blog\/wp-content\/uploads\/2022\/06\/arche-exterieure-architecture-exemple-2-367x550.jpeg 367w, https:\/\/www.cocondedecoration.com\/blog\/wp-content\/uploads\/2022\/06\/arche-exterieure-architecture-exemple-2-333x500.jpeg 333w, https:\/\/www.cocondedecoration.com\/blog\/wp-content\/uploads\/2022\/06\/arche-exterieure-architecture-exemple-2.jpeg 1000w\" sizes=\"(max-width: 640px) 100vw, 640px\" \/><figcaption>veranda.com<\/figcaption><\/figure><\/li><li class=\"blocks-gallery-item\"><figure><img loading=\"lazy\" decoding=\"async\" width=\"640\" height=\"960\" src=\"http:\/\/www.cocondedecoration.com\/blog\/wp-content\/uploads\/2022\/06\/arche-exterieure-architecture-exemple-3-640x960.jpeg\" alt=\"arche exterieure architecture exemple all\u00e9e jardin coursive corridor \u00e9l\u00e9gant design\" data-id=\"49971\" data-link=\"http:\/\/www.cocondedecoration.com\/blog\/?attachment_id=49971\" class=\"wp-image-49971\" srcset=\"https:\/\/www.cocondedecoration.com\/blog\/wp-content\/uploads\/2022\/06\/arche-exterieure-architecture-exemple-3-640x960.jpeg 640w, https:\/\/www.cocondedecoration.com\/blog\/wp-content\/uploads\/2022\/06\/arche-exterieure-architecture-exemple-3-260x390.jpeg 260w, https:\/\/www.cocondedecoration.com\/blog\/wp-content\/uploads\/2022\/06\/arche-exterieure-architecture-exemple-3-768x1152.jpeg 768w, https:\/\/www.cocondedecoration.com\/blog\/wp-content\/uploads\/2022\/06\/arche-exterieure-architecture-exemple-3-367x550.jpeg 367w, https:\/\/www.cocondedecoration.com\/blog\/wp-content\/uploads\/2022\/06\/arche-exterieure-architecture-exemple-3-333x500.jpeg 333w, https:\/\/www.cocondedecoration.com\/blog\/wp-content\/uploads\/2022\/06\/arche-exterieure-architecture-exemple-3.jpeg 1000w\" sizes=\"(max-width: 640px) 100vw, 640px\" \/><figcaption>casavogue.globo.com\n<\/figcaption><\/figure><\/li><li class=\"blocks-gallery-item\"><figure><img loading=\"lazy\" decoding=\"async\" width=\"640\" height=\"960\" src=\"http:\/\/www.cocondedecoration.com\/blog\/wp-content\/uploads\/2022\/06\/arche-exterieure-architecture-exemple-4-640x960.jpeg\" alt=\"arche exterieure architecture exemple vacances esprit simplicit\u00e9 passage\" data-id=\"49972\" data-link=\"http:\/\/www.cocondedecoration.com\/blog\/?attachment_id=49972\" class=\"wp-image-49972\" srcset=\"https:\/\/www.cocondedecoration.com\/blog\/wp-content\/uploads\/2022\/06\/arche-exterieure-architecture-exemple-4-640x960.jpeg 640w, https:\/\/www.cocondedecoration.com\/blog\/wp-content\/uploads\/2022\/06\/arche-exterieure-architecture-exemple-4-260x390.jpeg 260w, https:\/\/www.cocondedecoration.com\/blog\/wp-content\/uploads\/2022\/06\/arche-exterieure-architecture-exemple-4-768x1152.jpeg 768w, https:\/\/www.cocondedecoration.com\/blog\/wp-content\/uploads\/2022\/06\/arche-exterieure-architecture-exemple-4-367x550.jpeg 367w, https:\/\/www.cocondedecoration.com\/blog\/wp-content\/uploads\/2022\/06\/arche-exterieure-architecture-exemple-4-333x500.jpeg 333w, https:\/\/www.cocondedecoration.com\/blog\/wp-content\/uploads\/2022\/06\/arche-exterieure-architecture-exemple-4.jpeg 1000w\" sizes=\"(max-width: 640px) 100vw, 640px\" \/><figcaption>sightunseen.com\n<\/figcaption><\/figure><\/li><li class=\"blocks-gallery-item\"><figure><img loading=\"lazy\" decoding=\"async\" width=\"640\" height=\"960\" src=\"http:\/\/www.cocondedecoration.com\/blog\/wp-content\/uploads\/2022\/06\/arche-exterieure-architecture-exemple-5-640x960.jpeg\" alt=\"arche exterieure architecture exemple porte jardin cintr\u00e9e couleur vert d'eau c\u00e9ladon vacances\" data-id=\"49973\" data-link=\"http:\/\/www.cocondedecoration.com\/blog\/?attachment_id=49973\" class=\"wp-image-49973\" srcset=\"https:\/\/www.cocondedecoration.com\/blog\/wp-content\/uploads\/2022\/06\/arche-exterieure-architecture-exemple-5-640x960.jpeg 640w, https:\/\/www.cocondedecoration.com\/blog\/wp-content\/uploads\/2022\/06\/arche-exterieure-architecture-exemple-5-260x390.jpeg 260w, https:\/\/www.cocondedecoration.com\/blog\/wp-content\/uploads\/2022\/06\/arche-exterieure-architecture-exemple-5-768x1152.jpeg 768w, https:\/\/www.cocondedecoration.com\/blog\/wp-content\/uploads\/2022\/06\/arche-exterieure-architecture-exemple-5-367x550.jpeg 367w, https:\/\/www.cocondedecoration.com\/blog\/wp-content\/uploads\/2022\/06\/arche-exterieure-architecture-exemple-5-333x500.jpeg 333w, https:\/\/www.cocondedecoration.com\/blog\/wp-content\/uploads\/2022\/06\/arche-exterieure-architecture-exemple-5.jpeg 1000w\" sizes=\"(max-width: 640px) 100vw, 640px\" \/><figcaption>nafurniture.com\n<\/figcaption><\/figure><\/li><li class=\"blocks-gallery-item\"><figure><img loading=\"lazy\" decoding=\"async\" width=\"640\" height=\"960\" src=\"http:\/\/www.cocondedecoration.com\/blog\/wp-content\/uploads\/2022\/06\/arche-exterieure-architecture-exemple-6-640x960.jpeg\" alt=\"arche exterieure architecture exemple patio int\u00e9rieur fen\u00eatre baie vitr\u00e9e cintr\u00e9e\" data-id=\"49974\" data-link=\"http:\/\/www.cocondedecoration.com\/blog\/?attachment_id=49974\" class=\"wp-image-49974\" srcset=\"https:\/\/www.cocondedecoration.com\/blog\/wp-content\/uploads\/2022\/06\/arche-exterieure-architecture-exemple-6-640x960.jpeg 640w, https:\/\/www.cocondedecoration.com\/blog\/wp-content\/uploads\/2022\/06\/arche-exterieure-architecture-exemple-6-260x390.jpeg 260w, https:\/\/www.cocondedecoration.com\/blog\/wp-content\/uploads\/2022\/06\/arche-exterieure-architecture-exemple-6-768x1152.jpeg 768w, https:\/\/www.cocondedecoration.com\/blog\/wp-content\/uploads\/2022\/06\/arche-exterieure-architecture-exemple-6-367x550.jpeg 367w, https:\/\/www.cocondedecoration.com\/blog\/wp-content\/uploads\/2022\/06\/arche-exterieure-architecture-exemple-6-333x500.jpeg 333w, https:\/\/www.cocondedecoration.com\/blog\/wp-content\/uploads\/2022\/06\/arche-exterieure-architecture-exemple-6.jpeg 1000w\" sizes=\"(max-width: 640px) 100vw, 640px\" \/><figcaption>sightunseen.com\n<\/figcaption><\/figure><\/li><\/ul>\n\n\n\n<h2 class=\"wp-block-heading\">Cr\u00e9ez facilement une touche cosy et douillette chez vous <\/h2>\n\n\n\n<div class=\"wp-block-cb-carousel\" data-slick=\"{&quot;slidesToShow&quot;:3,&quot;slidesToScroll&quot;:1,&quot;speed&quot;:300,&quot;arrows&quot;:true,&quot;dots&quot;:false,&quot;autoplay&quot;:false,&quot;autoplaySpeed&quot;:3000,&quot;infinite&quot;:true,&quot;responsive&quot;:[{&quot;breakpoint&quot;:769,&quot;settings&quot;:{&quot;slidesToShow&quot;:1,&quot;slidesToScroll&quot;:1}}]}\">\n<div class=\"wp-block-cb-slide\">\n<figure class=\"wp-block-image size-large\"><a href=\"https:\/\/www.cocondedecoration.com\/blog\/wp-content\/uploads\/2026\/01\/deco-cosy-1.png\"><img loading=\"lazy\" decoding=\"async\" width=\"640\" height=\"960\" src=\"https:\/\/www.cocondedecoration.com\/blog\/wp-content\/uploads\/2026\/01\/deco-cosy-1-640x960.png\" alt=\"d\u00e9co cosy accessoires d\u00e9coratifs petit budget pas cher \" class=\"wp-image-87496\" title=\"d\u00e9co cosy accessoires d\u00e9coratifs petit budget pas cher \" srcset=\"https:\/\/www.cocondedecoration.com\/blog\/wp-content\/uploads\/2026\/01\/deco-cosy-1-640x960.png 640w, https:\/\/www.cocondedecoration.com\/blog\/wp-content\/uploads\/2026\/01\/deco-cosy-1-260x390.png 260w, https:\/\/www.cocondedecoration.com\/blog\/wp-content\/uploads\/2026\/01\/deco-cosy-1-768x1152.png 768w, https:\/\/www.cocondedecoration.com\/blog\/wp-content\/uploads\/2026\/01\/deco-cosy-1-367x550.png 367w, https:\/\/www.cocondedecoration.com\/blog\/wp-content\/uploads\/2026\/01\/deco-cosy-1-333x500.png 333w, https:\/\/www.cocondedecoration.com\/blog\/wp-content\/uploads\/2026\/01\/deco-cosy-1.png 1000w\" sizes=\"(max-width: 640px) 100vw, 640px\" \/><\/a><figcaption class=\"wp-element-caption\"><a href=\"https:\/\/www.cocondedecoration.com\/blog\/2023\/10\/deco-cocooning-pas-cher\/\" target=\"_blank\" rel=\"noopener\" title=\"\">Moins de 50\u20ac pour une touche plus cosy chez soi<\/a><\/figcaption><\/figure>\n<\/div>\n\n\n\n<div class=\"wp-block-cb-slide\">\n<figure class=\"wp-block-image size-large\"><a href=\"https:\/\/www.cocondedecoration.com\/blog\/wp-content\/uploads\/2026\/01\/deco-cosy-2.png\"><img loading=\"lazy\" decoding=\"async\" width=\"640\" height=\"960\" src=\"https:\/\/www.cocondedecoration.com\/blog\/wp-content\/uploads\/2026\/01\/deco-cosy-2-640x960.png\" alt=\"d\u00e9co cosy rideaux isolants thermique courant d'air froid \" class=\"wp-image-87497\" title=\"d\u00e9co cosy rideaux isolants thermique courant d'air froid \" srcset=\"https:\/\/www.cocondedecoration.com\/blog\/wp-content\/uploads\/2026\/01\/deco-cosy-2-640x960.png 640w, https:\/\/www.cocondedecoration.com\/blog\/wp-content\/uploads\/2026\/01\/deco-cosy-2-260x390.png 260w, https:\/\/www.cocondedecoration.com\/blog\/wp-content\/uploads\/2026\/01\/deco-cosy-2-768x1152.png 768w, https:\/\/www.cocondedecoration.com\/blog\/wp-content\/uploads\/2026\/01\/deco-cosy-2-367x550.png 367w, https:\/\/www.cocondedecoration.com\/blog\/wp-content\/uploads\/2026\/01\/deco-cosy-2-333x500.png 333w, https:\/\/www.cocondedecoration.com\/blog\/wp-content\/uploads\/2026\/01\/deco-cosy-2.png 1000w\" sizes=\"(max-width: 640px) 100vw, 640px\" \/><\/a><figcaption class=\"wp-element-caption\"><a href=\"https:\/\/www.cocondedecoration.com\/blog\/2018\/10\/pratique-les-rideaux-isolants-pour-lhiver\/\" target=\"_blank\" rel=\"noopener\" title=\"\">Le rideau isolant pour ne plus sentir le froid des fen\u00eatres<\/a><\/figcaption><\/figure>\n<\/div>\n\n\n\n<div class=\"wp-block-cb-slide\">\n<figure class=\"wp-block-image size-large\"><a href=\"https:\/\/www.cocondedecoration.com\/blog\/wp-content\/uploads\/2026\/01\/deco-cosy-3.png\"><img loading=\"lazy\" decoding=\"async\" width=\"640\" height=\"960\" src=\"https:\/\/www.cocondedecoration.com\/blog\/wp-content\/uploads\/2026\/01\/deco-cosy-3-640x960.png\" alt=\"d\u00e9co cosy parure de lit flanelle chambre chaleureuse \" class=\"wp-image-87498\" title=\"d\u00e9co cosy parure de lit flanelle chambre chaleureuse \" srcset=\"https:\/\/www.cocondedecoration.com\/blog\/wp-content\/uploads\/2026\/01\/deco-cosy-3-640x960.png 640w, https:\/\/www.cocondedecoration.com\/blog\/wp-content\/uploads\/2026\/01\/deco-cosy-3-260x390.png 260w, https:\/\/www.cocondedecoration.com\/blog\/wp-content\/uploads\/2026\/01\/deco-cosy-3-768x1152.png 768w, https:\/\/www.cocondedecoration.com\/blog\/wp-content\/uploads\/2026\/01\/deco-cosy-3-367x550.png 367w, https:\/\/www.cocondedecoration.com\/blog\/wp-content\/uploads\/2026\/01\/deco-cosy-3-333x500.png 333w, https:\/\/www.cocondedecoration.com\/blog\/wp-content\/uploads\/2026\/01\/deco-cosy-3.png 1000w\" sizes=\"(max-width: 640px) 100vw, 640px\" \/><\/a><figcaption class=\"wp-element-caption\"><a href=\"https:\/\/www.cocondedecoration.com\/blog\/2021\/10\/ou-trouver-du-linge-de-lit-en-flanelle\/\" target=\"_blank\" rel=\"noopener\" title=\"\">O\u00f9 trouver du linge de lit en flanelle?<\/a><\/figcaption><\/figure>\n<\/div>\n\n\n\n<div class=\"wp-block-cb-slide\">\n<figure class=\"wp-block-image size-large\"><a href=\"https:\/\/www.cocondedecoration.com\/blog\/wp-content\/uploads\/2026\/01\/deco-cosy-4.png\"><img loading=\"lazy\" decoding=\"async\" width=\"640\" height=\"960\" src=\"https:\/\/www.cocondedecoration.com\/blog\/wp-content\/uploads\/2026\/01\/deco-cosy-4-640x960.png\" alt=\"d\u00e9co cosy accessoires et objets d\u00e9coratifs style hygge \" class=\"wp-image-87499\" title=\"d\u00e9co cosy accessoires et objets d\u00e9coratifs style hygge \" srcset=\"https:\/\/www.cocondedecoration.com\/blog\/wp-content\/uploads\/2026\/01\/deco-cosy-4-640x960.png 640w, https:\/\/www.cocondedecoration.com\/blog\/wp-content\/uploads\/2026\/01\/deco-cosy-4-260x390.png 260w, https:\/\/www.cocondedecoration.com\/blog\/wp-content\/uploads\/2026\/01\/deco-cosy-4-768x1152.png 768w, https:\/\/www.cocondedecoration.com\/blog\/wp-content\/uploads\/2026\/01\/deco-cosy-4-367x550.png 367w, https:\/\/www.cocondedecoration.com\/blog\/wp-content\/uploads\/2026\/01\/deco-cosy-4-333x500.png 333w, https:\/\/www.cocondedecoration.com\/blog\/wp-content\/uploads\/2026\/01\/deco-cosy-4.png 1000w\" sizes=\"(max-width: 640px) 100vw, 640px\" \/><\/a><figcaption class=\"wp-element-caption\"><a href=\"https:\/\/www.cocondedecoration.com\/blog\/2022\/02\/decor-hygge-cosy-pas-cher\/\" target=\"_blank\" rel=\"noopener\" title=\"\">Une touche plus hygge et cosy chez soi<\/a><\/figcaption><\/figure>\n<\/div>\n\n\n\n<div class=\"wp-block-cb-slide\">\n<figure class=\"wp-block-image size-large\"><a href=\"https:\/\/www.cocondedecoration.com\/blog\/wp-content\/uploads\/2026\/01\/deco-cosy-5.png\"><img loading=\"lazy\" decoding=\"async\" width=\"640\" height=\"960\" src=\"https:\/\/www.cocondedecoration.com\/blog\/wp-content\/uploads\/2026\/01\/deco-cosy-5-640x960.png\" alt=\"d\u00e9co cosy descente de lit tapis chambre adulte \" class=\"wp-image-87500\" title=\"d\u00e9co cosy descente de lit tapis chambre adulte \" srcset=\"https:\/\/www.cocondedecoration.com\/blog\/wp-content\/uploads\/2026\/01\/deco-cosy-5-640x960.png 640w, https:\/\/www.cocondedecoration.com\/blog\/wp-content\/uploads\/2026\/01\/deco-cosy-5-260x390.png 260w, https:\/\/www.cocondedecoration.com\/blog\/wp-content\/uploads\/2026\/01\/deco-cosy-5-768x1152.png 768w, https:\/\/www.cocondedecoration.com\/blog\/wp-content\/uploads\/2026\/01\/deco-cosy-5-367x550.png 367w, https:\/\/www.cocondedecoration.com\/blog\/wp-content\/uploads\/2026\/01\/deco-cosy-5-333x500.png 333w, https:\/\/www.cocondedecoration.com\/blog\/wp-content\/uploads\/2026\/01\/deco-cosy-5.png 1000w\" sizes=\"(max-width: 640px) 100vw, 640px\" \/><\/a><figcaption class=\"wp-element-caption\"><a href=\"https:\/\/www.cocondedecoration.com\/blog\/2020\/01\/top-deco-10-descentes-de-lit-pour-decorer-la-chambre\/\" target=\"_blank\" rel=\"noopener\" title=\"\">De jolies descentes de lit pour d\u00e9corer la chambre<\/a><\/figcaption><\/figure>\n<\/div>\n\n\n\n<div class=\"wp-block-cb-slide\">\n<figure class=\"wp-block-image size-large\"><a href=\"https:\/\/www.cocondedecoration.com\/blog\/wp-content\/uploads\/2026\/01\/deco-cosy-6.png\"><img loading=\"lazy\" decoding=\"async\" width=\"640\" height=\"960\" src=\"https:\/\/www.cocondedecoration.com\/blog\/wp-content\/uploads\/2026\/01\/deco-cosy-6-640x960.png\" alt=\"d\u00e9co cosy textile laine boucl\u00e9e \" class=\"wp-image-87501\" title=\"d\u00e9co cosy textile laine boucl\u00e9e \" srcset=\"https:\/\/www.cocondedecoration.com\/blog\/wp-content\/uploads\/2026\/01\/deco-cosy-6-640x960.png 640w, https:\/\/www.cocondedecoration.com\/blog\/wp-content\/uploads\/2026\/01\/deco-cosy-6-260x390.png 260w, https:\/\/www.cocondedecoration.com\/blog\/wp-content\/uploads\/2026\/01\/deco-cosy-6-768x1152.png 768w, https:\/\/www.cocondedecoration.com\/blog\/wp-content\/uploads\/2026\/01\/deco-cosy-6-367x550.png 367w, https:\/\/www.cocondedecoration.com\/blog\/wp-content\/uploads\/2026\/01\/deco-cosy-6-333x500.png 333w, https:\/\/www.cocondedecoration.com\/blog\/wp-content\/uploads\/2026\/01\/deco-cosy-6.png 1000w\" sizes=\"(max-width: 640px) 100vw, 640px\" \/><\/a><figcaption class=\"wp-element-caption\"><a href=\"https:\/\/www.cocondedecoration.com\/blog\/2023\/10\/decoration-cosy-moderne-laine-bouclette\/\" target=\"_blank\" rel=\"noopener\" title=\"\">La laine boucl\u00e9e pour un int\u00e9rieur cosy et \u00e9l\u00e9gant<\/a><\/figcaption><\/figure>\n<\/div>\n\n\n\n<div class=\"wp-block-cb-slide\">\n<figure class=\"wp-block-image size-large\"><a href=\"https:\/\/www.cocondedecoration.com\/blog\/wp-content\/uploads\/2026\/01\/deco-cosy-7.png\"><img loading=\"lazy\" decoding=\"async\" width=\"640\" height=\"960\" src=\"https:\/\/www.cocondedecoration.com\/blog\/wp-content\/uploads\/2026\/01\/deco-cosy-7-640x960.png\" alt=\"d\u00e9co cosy parures de lit pour l'hiver \" class=\"wp-image-87502\" title=\"d\u00e9co cosy parures de lit pour l'hiver \" srcset=\"https:\/\/www.cocondedecoration.com\/blog\/wp-content\/uploads\/2026\/01\/deco-cosy-7-640x960.png 640w, https:\/\/www.cocondedecoration.com\/blog\/wp-content\/uploads\/2026\/01\/deco-cosy-7-260x390.png 260w, https:\/\/www.cocondedecoration.com\/blog\/wp-content\/uploads\/2026\/01\/deco-cosy-7-768x1152.png 768w, https:\/\/www.cocondedecoration.com\/blog\/wp-content\/uploads\/2026\/01\/deco-cosy-7-367x550.png 367w, https:\/\/www.cocondedecoration.com\/blog\/wp-content\/uploads\/2026\/01\/deco-cosy-7-333x500.png 333w, https:\/\/www.cocondedecoration.com\/blog\/wp-content\/uploads\/2026\/01\/deco-cosy-7.png 1000w\" sizes=\"(max-width: 640px) 100vw, 640px\" \/><\/a><figcaption class=\"wp-element-caption\"><a href=\"https:\/\/www.cocondedecoration.com\/blog\/2018\/12\/10-parures-de-lit-pour-lhiver\/\" target=\"_blank\" rel=\"noopener\" title=\"\">Habillez votre lit pour l\u2019hiver<\/a><\/figcaption><\/figure>\n<\/div>\n<\/div>\n\n\n\n<p class=\"has-small-font-size\">Pour plus d'inspirations d\u00e9co au quotidien, rejoignez moi sur <a href=\"https:\/\/pinterest.fr\/cocondedeco\/\" target=\"_blank\" rel=\"noopener\" title=\"\">Pinterest<\/a> et \/ ou sur <a href=\"https:\/\/www.threads.com\/@cocondedeco\" target=\"_blank\" rel=\"noopener\" title=\"\">Threads<\/a>. Et pour recevoir les actu du blog, c'est <a href=\"https:\/\/www.patreon.com\/c\/cocondedeco\" target=\"_blank\" rel=\"noopener\" title=\"\">sur Patreon<\/a> que \u00e7a se passe. <\/p>\n\n\n\n<hr class=\"wp-block-separator\"\/>\n\n\n\n<p class=\"has-text-align-center has-medium-font-size\">Ne perdons pas contact \ud83d\ude42 Rejoignez moi sur <a href=\"https:\/\/www.pinterest.fr\/cocondedeco\/\" target=\"_blank\" rel=\"noopener\" title=\"\">Pinterest<\/a> |\u00a0<a href=\"https:\/\/www.threads.net\/@cocondedeco\" target=\"_blank\" rel=\"noopener\" title=\"\">Threads<\/a> | <a href=\"https:\/\/www.patreon.com\/collection\/162946?view=expanded\" target=\"_blank\" rel=\"noopener\" title=\"\">la Newsletter<\/a> <br>Vous aimez lire le blog? Vous souhaitez continuer \u00e0 le lire? <a href=\"https:\/\/www.patreon.com\/cocondedeco\" target=\"_blank\" rel=\"noopener\" title=\"\">Devenez m\u00e9c\u00e8ne<\/a> sur Patreon et contribuez \u00e0 sa survie. <\/p>\n\n\n\n<hr class=\"wp-block-separator\"\/>\n\n\n\n<div class=\"wp-block-columns has-2-columns is-layout-flex wp-container-core-columns-layout-1 wp-block-columns-is-layout-flex\">\n<div class=\"wp-block-column is-layout-flow wp-block-column-is-layout-flow\">\n<p style=\"text-align:center\" class=\"has-medium-font-size\">A lire \u00e9galement<\/p>\n\n\n<ul class=\"wp-block-latest-posts__list wp-block-latest-posts\"><li><a class=\"wp-block-latest-posts__post-title\" href=\"https:\/\/www.cocondedecoration.com\/blog\/2025\/12\/bibliotheque-cottage-cosy\/\">Ambiance cottage cosy pour l&rsquo;espace biblioth\u00e8que<\/a><\/li>\n<li><a class=\"wp-block-latest-posts__post-title\" href=\"https:\/\/www.cocondedecoration.com\/blog\/2025\/01\/deco-romantique-saint-valentin\/\">Faites entrer le romantisme chez vous \u00e0 la Saint Valentin<\/a><\/li>\n<li><a class=\"wp-block-latest-posts__post-title\" href=\"https:\/\/www.cocondedecoration.com\/blog\/2024\/02\/interieur-masculin-et-slow-living\/\">10 id\u00e9es \u00e0 copier pour cr\u00e9er un d\u00e9cor masculin &#038; slow \u00e0 la fois | inspirations d\u00e9co<\/a><\/li>\n<li><a class=\"wp-block-latest-posts__post-title\" href=\"https:\/\/www.cocondedecoration.com\/blog\/2023\/11\/decoration-interieure-elegante-marbre\/\">Id\u00e9es d\u00e9co | Cr\u00e9ez une d\u00e9coration \u00e9l\u00e9gante avec le marbre<\/a><\/li>\n<li><a class=\"wp-block-latest-posts__post-title\" href=\"https:\/\/www.cocondedecoration.com\/blog\/2023\/11\/liste-theme-decoration-mariage\/\">Inspirations | Quel th\u00e8me choisir pour d\u00e9corer votre mariage?<\/a><\/li>\n<li><a class=\"wp-block-latest-posts__post-title\" href=\"https:\/\/www.cocondedecoration.com\/blog\/2023\/11\/visite-deco-appartement-audacieux-feminin\/\">Visite d\u00e9co | Un appartement de travail audacieux, cr\u00e9atif &#038; color\u00e9<\/a><\/li>\n<li><a class=\"wp-block-latest-posts__post-title\" href=\"https:\/\/www.cocondedecoration.com\/blog\/2023\/08\/comment-associer-couleurs-complementaires\/\">Conseils d\u00e9co | Comment associer les couleurs compl\u00e9mentaires &#038; comment les utiliser?<\/a><\/li>\n<\/ul><\/div>\n\n\n\n<div class=\"wp-block-column is-layout-flow wp-block-column-is-layout-flow\">\n<p class=\"has-text-align-center has-medium-font-size\" style=\"padding-top:var(--wp--preset--spacing--40);padding-bottom:var(--wp--preset--spacing--40)\"><strong>Devenez m\u00e9c\u00e8ne du blog <\/strong><\/p>\n\n\n\n<hr class=\"wp-block-separator has-alpha-channel-opacity is-style-wide\"\/>\n\n\n\n<p style=\"padding-right:var(--wp--preset--spacing--30);padding-left:var(--wp--preset--spacing--30)\">Soutenez mon travail sur le blog et acc\u00e9dez \u00e0 des contreparties exclusives: <\/p>\n\n\n\n<ul style=\"padding-right:var(--wp--preset--spacing--40);padding-left:var(--wp--preset--spacing--40)\">\n<li>Plusieurs centaines d'articles d\u00e9co, lifestyle &amp; voyage r\u00e9serv\u00e9s aux abonn\u00e9\u2022e\u2022s <\/li>\n\n\n\n<li>Toutes les entr\u00e9es de mon side project - mon dictionnaire nomade <\/li>\n\n\n\n<li>Une publicit\u00e9 limit\u00e9e sur les articles Patreon <\/li>\n<\/ul>\n\n\n\n<div class=\"wp-block-buttons is-content-justification-center is-layout-flex wp-container-core-buttons-layout-1 wp-block-buttons-is-layout-flex\">\n<div class=\"wp-block-button\"><a class=\"wp-block-button__link wp-element-button\" href=\"https:\/\/www.patreon.com\/cocondedeco\" target=\"_blank\" rel=\"noreferrer noopener\">Soutenir le blog maintenant<\/a><\/div>\n<\/div>\n<\/div>\n<\/div>\n\n\n\n<div class=\"wp-block-image\"><figure class=\"aligncenter\"><img loading=\"lazy\" decoding=\"async\" width=\"732\" height=\"488\" src=\"http:\/\/www.cocondedecoration.com\/blog\/wp-content\/uploads\/2022\/06\/inspiration-deco-design-modern.jpeg\" alt=\"inspiration deco design modern\" class=\"wp-image-49989\" srcset=\"https:\/\/www.cocondedecoration.com\/blog\/wp-content\/uploads\/2022\/06\/inspiration-deco-design-modern.jpeg 732w, https:\/\/www.cocondedecoration.com\/blog\/wp-content\/uploads\/2022\/06\/inspiration-deco-design-modern-260x173.jpeg 260w, https:\/\/www.cocondedecoration.com\/blog\/wp-content\/uploads\/2022\/06\/inspiration-deco-design-modern-640x427.jpeg 640w, https:\/\/www.cocondedecoration.com\/blog\/wp-content\/uploads\/2022\/06\/inspiration-deco-design-modern-465x310.jpeg 465w, https:\/\/www.cocondedecoration.com\/blog\/wp-content\/uploads\/2022\/06\/inspiration-deco-design-modern-695x463.jpeg 695w\" sizes=\"(max-width: 732px) 100vw, 732px\" \/><figcaption>apartmenttherapy.com\n<\/figcaption><\/figure><\/div>\n","protected":false},"excerpt":{"rendered":"<p>Pour une fois cet article ne d\u00e9bute pas ma semaine. Pour des raisons d&rsquo;organisations &amp; pratiques, j&rsquo;ai eu besoin d&rsquo;un lundi un peu plus libre pour rattraper mon retard. Bref, cette semaine, on prend tout de m\u00eame une grande dose d&rsquo;inspirations pour un quotidien plus d\u00e9co. Il sera question de<span class=\"more-link\"><a href=\"https:\/\/www.cocondedecoration.com\/blog\/2022\/06\/decor-design-moderne\/\">Lire la suite<\/a><\/span><\/p>\n","protected":false},"author":1,"featured_media":49989,"comment_status":"open","ping_status":"open","sticky":false,"template":"","format":"standard","meta":{"om_disable_all_campaigns":false,"_monsterinsights_skip_tracking":false,"_monsterinsights_sitenote_active":false,"_monsterinsights_sitenote_note":"","_monsterinsights_sitenote_category":0,"_uf_show_specific_survey":0,"_uf_disable_surveys":false,"footnotes":""},"categories":[1720],"tags":[32080,32081,32079,32085,32073,32075,32070,32072,32069,32078,32077,32076,28169,32071,32074,32084,32083,26209,17322,16748,16142,15968,32091,32095,32088,32096,32098,32108,28549,21684,32107,32106,32082,32099,32100,32097,32104,32094,32093,32089,31151,32086,32087,32105,32092,32090,32103,32102,32101],"aioseo_notices":[],"_links":{"self":[{"href":"https:\/\/www.cocondedecoration.com\/blog\/wp-json\/wp\/v2\/posts\/49962"}],"collection":[{"href":"https:\/\/www.cocondedecoration.com\/blog\/wp-json\/wp\/v2\/posts"}],"about":[{"href":"https:\/\/www.cocondedecoration.com\/blog\/wp-json\/wp\/v2\/types\/post"}],"author":[{"embeddable":true,"href":"https:\/\/www.cocondedecoration.com\/blog\/wp-json\/wp\/v2\/users\/1"}],"replies":[{"embeddable":true,"href":"https:\/\/www.cocondedecoration.com\/blog\/wp-json\/wp\/v2\/comments?post=49962"}],"version-history":[{"count":0,"href":"https:\/\/www.cocondedecoration.com\/blog\/wp-json\/wp\/v2\/posts\/49962\/revisions"}],"wp:featuredmedia":[{"embeddable":true,"href":"https:\/\/www.cocondedecoration.com\/blog\/wp-json\/wp\/v2\/media\/49989"}],"wp:attachment":[{"href":"https:\/\/www.cocondedecoration.com\/blog\/wp-json\/wp\/v2\/media?parent=49962"}],"wp:term":[{"taxonomy":"category","embeddable":true,"href":"https:\/\/www.cocondedecoration.com\/blog\/wp-json\/wp\/v2\/categories?post=49962"},{"taxonomy":"post_tag","embeddable":true,"href":"https:\/\/www.cocondedecoration.com\/blog\/wp-json\/wp\/v2\/tags?post=49962"}],"curies":[{"name":"wp","href":"https:\/\/api.w.org\/{rel}","templated":true}]}}