{"id":49766,"date":"2022-06-07T14:13:00","date_gmt":"2022-06-07T12:13:00","guid":{"rendered":"http:\/\/www.cocondedecoration.com\/blog\/?p=49766"},"modified":"2022-06-07T14:13:03","modified_gmt":"2022-06-07T12:13:03","slug":"jardin-multicolore-exemples","status":"publish","type":"post","link":"https:\/\/www.cocondedecoration.com\/blog\/2022\/06\/jardin-multicolore-exemples\/","title":{"rendered":"[Couleur Addict] 16 jardins hyper color\u00e9s"},"content":{"rendered":"\n<p>Je pensais avoir fait le tour des diff\u00e9rentes pi\u00e8ces sous un angle hyper color\u00e9 et je me suis rendue compte que je ne vous avais pas propos\u00e9 d'id\u00e9es pour d\u00e9corer le jardin de votre maison et cr\u00e9er un univers ext\u00e9rieur haut en couleurs. Je vais donc me rattraper aujourd'hui. Le jardin est un espace parfait pour la couleur; On les trouve tr\u00e8s souvent gr\u00e2ce aux fleurs. Je ne sais pas pour vous, mais la couleur me met de bonne humeur. Elle est synonyme dans mon esprit de convivialit\u00e9, de bons moments pass\u00e9s ensemble (et pas juste dans le jardin). La couleur dynamise, rayonne. Elle est aussi parfois ludique. Et vous verrez dans la suite de cet article diff\u00e9rentes mani\u00e8res de l'int\u00e9grer sur votre terrasse ou encore dans le jardin. <\/p>\n\n\n\n<!--more-->\n\n\n\n<div class=\"wp-block-columns has-2-columns is-layout-flex wp-container-core-columns-layout-1 wp-block-columns-is-layout-flex\">\n<div class=\"wp-block-column is-layout-flow wp-block-column-is-layout-flow\">\n<figure class=\"wp-block-image\"><img loading=\"lazy\" decoding=\"async\" width=\"640\" height=\"960\" src=\"http:\/\/www.cocondedecoration.com\/blog\/wp-content\/uploads\/2022\/06\/exemple-deco-jardin-multicolore-1-640x960.jpeg\" alt=\"exemple deco jardin multicolore palissade peinte en plusieurs couleur style arc en ciel moderne\" class=\"wp-image-49767\" srcset=\"https:\/\/www.cocondedecoration.com\/blog\/wp-content\/uploads\/2022\/06\/exemple-deco-jardin-multicolore-1-640x960.jpeg 640w, https:\/\/www.cocondedecoration.com\/blog\/wp-content\/uploads\/2022\/06\/exemple-deco-jardin-multicolore-1-260x390.jpeg 260w, https:\/\/www.cocondedecoration.com\/blog\/wp-content\/uploads\/2022\/06\/exemple-deco-jardin-multicolore-1-768x1152.jpeg 768w, https:\/\/www.cocondedecoration.com\/blog\/wp-content\/uploads\/2022\/06\/exemple-deco-jardin-multicolore-1-367x550.jpeg 367w, https:\/\/www.cocondedecoration.com\/blog\/wp-content\/uploads\/2022\/06\/exemple-deco-jardin-multicolore-1-333x500.jpeg 333w, https:\/\/www.cocondedecoration.com\/blog\/wp-content\/uploads\/2022\/06\/exemple-deco-jardin-multicolore-1.jpeg 1000w\" sizes=\"(max-width: 640px) 100vw, 640px\" \/><figcaption>athomewithashley.com\n<\/figcaption><\/figure>\n\n\n\n<p>01 \u2022 On commence avec un patio color\u00e9 mais pas trop. Je ne cesse de le r\u00e9p\u00e9ter, j'aime quand c'est \u00e9quilibr\u00e9. Et le blanc associ\u00e9 aux couleurs pastels et douces cr\u00e9ent une ambiance agr\u00e9able et fraiche. Repeindre la palissade avec cet ensemble de couleurs n'est pas compliqu\u00e9. Le plus long sera de choisir les couleurs qui vous plaisent et de les organiser avant de peindre! <\/p>\n\n\n\n<figure class=\"wp-block-image\"><img loading=\"lazy\" decoding=\"async\" width=\"640\" height=\"960\" src=\"http:\/\/www.cocondedecoration.com\/blog\/wp-content\/uploads\/2022\/06\/exemple-deco-jardin-multicolore-3-640x960.jpeg\" alt=\"exemple deco jardin multicolore ambiance mexicaine voyage coussins et textiles ray\u00e9s color\u00e9s terrasse\" class=\"wp-image-49768\" srcset=\"https:\/\/www.cocondedecoration.com\/blog\/wp-content\/uploads\/2022\/06\/exemple-deco-jardin-multicolore-3-640x960.jpeg 640w, https:\/\/www.cocondedecoration.com\/blog\/wp-content\/uploads\/2022\/06\/exemple-deco-jardin-multicolore-3-260x390.jpeg 260w, https:\/\/www.cocondedecoration.com\/blog\/wp-content\/uploads\/2022\/06\/exemple-deco-jardin-multicolore-3-768x1152.jpeg 768w, https:\/\/www.cocondedecoration.com\/blog\/wp-content\/uploads\/2022\/06\/exemple-deco-jardin-multicolore-3-367x550.jpeg 367w, https:\/\/www.cocondedecoration.com\/blog\/wp-content\/uploads\/2022\/06\/exemple-deco-jardin-multicolore-3-333x500.jpeg 333w, https:\/\/www.cocondedecoration.com\/blog\/wp-content\/uploads\/2022\/06\/exemple-deco-jardin-multicolore-3.jpeg 1000w\" sizes=\"(max-width: 640px) 100vw, 640px\" \/><figcaption>ibizabohogirl.com\n<\/figcaption><\/figure>\n\n\n\n<p>03 \u2022 On reste de l'autre c\u00f4t\u00e9 de l'Atlantique avec une petite terrasse \u00e0 l'esprit mexicain ou du moins sud am\u00e9ricain. On a des couleurs vives, des tapis, des rayures, des fleurs, des portraits... Et tout ceci gr\u00e2ce aux textiles. C'est nickel pour relooker un ext\u00e9rieur sans faire de travaux de bricolage. <\/p>\n<\/div>\n\n\n\n<div class=\"wp-block-column is-layout-flow wp-block-column-is-layout-flow\">\n<figure class=\"wp-block-image\"><img loading=\"lazy\" decoding=\"async\" width=\"640\" height=\"960\" src=\"http:\/\/www.cocondedecoration.com\/blog\/wp-content\/uploads\/2022\/06\/exemple-deco-jardin-multicolore-2-640x960.jpeg\" alt=\"exemple deco jardin multicolore parasol et bains de soleil rose ambiance vintage\" class=\"wp-image-49770\" srcset=\"https:\/\/www.cocondedecoration.com\/blog\/wp-content\/uploads\/2022\/06\/exemple-deco-jardin-multicolore-2-640x960.jpeg 640w, https:\/\/www.cocondedecoration.com\/blog\/wp-content\/uploads\/2022\/06\/exemple-deco-jardin-multicolore-2-260x390.jpeg 260w, https:\/\/www.cocondedecoration.com\/blog\/wp-content\/uploads\/2022\/06\/exemple-deco-jardin-multicolore-2-768x1152.jpeg 768w, https:\/\/www.cocondedecoration.com\/blog\/wp-content\/uploads\/2022\/06\/exemple-deco-jardin-multicolore-2-367x550.jpeg 367w, https:\/\/www.cocondedecoration.com\/blog\/wp-content\/uploads\/2022\/06\/exemple-deco-jardin-multicolore-2-333x500.jpeg 333w, https:\/\/www.cocondedecoration.com\/blog\/wp-content\/uploads\/2022\/06\/exemple-deco-jardin-multicolore-2.jpeg 1000w\" sizes=\"(max-width: 640px) 100vw, 640px\" \/><figcaption>fromhousetohome.com\n<\/figcaption><\/figure>\n\n\n\n<p>02 \u2022 Pour cette 2\u00e8me image d'inspiration tr\u00e8s color\u00e9e, on passe \u00e0 un ext\u00e9rieur plus r\u00e9tro qui me donne le sourire. Un m\u00e9lange de vintage et d'univers de Barbie - sans le c\u00f4t\u00e9 plastique mais avec peut-\u00eatre plus un effet USA des ann\u00e9es 60. Peut-\u00eatre que cela vous \u00e9voque autre chose... Je ne sais pas. J'aime le c\u00f4t\u00e9 surann\u00e9e sans que les couleurs ne soient pass\u00e9es. On s'arr\u00eate dans le temps pour se reposer. Ca me parle bien. <\/p>\n\n\n\n<figure class=\"wp-block-image\"><img loading=\"lazy\" decoding=\"async\" width=\"640\" height=\"960\" src=\"http:\/\/www.cocondedecoration.com\/blog\/wp-content\/uploads\/2022\/06\/exemple-deco-jardin-multicolore-4-640x960.jpeg\" alt=\"exemple deco jardin multicolore d\u00e9gard\u00e9 nuances de vert et de bleu banquette palette coussin d\u00e9tail rouge corail\" class=\"wp-image-49771\" srcset=\"https:\/\/www.cocondedecoration.com\/blog\/wp-content\/uploads\/2022\/06\/exemple-deco-jardin-multicolore-4-640x960.jpeg 640w, https:\/\/www.cocondedecoration.com\/blog\/wp-content\/uploads\/2022\/06\/exemple-deco-jardin-multicolore-4-260x390.jpeg 260w, https:\/\/www.cocondedecoration.com\/blog\/wp-content\/uploads\/2022\/06\/exemple-deco-jardin-multicolore-4-768x1152.jpeg 768w, https:\/\/www.cocondedecoration.com\/blog\/wp-content\/uploads\/2022\/06\/exemple-deco-jardin-multicolore-4-367x550.jpeg 367w, https:\/\/www.cocondedecoration.com\/blog\/wp-content\/uploads\/2022\/06\/exemple-deco-jardin-multicolore-4-333x500.jpeg 333w, https:\/\/www.cocondedecoration.com\/blog\/wp-content\/uploads\/2022\/06\/exemple-deco-jardin-multicolore-4.jpeg 1000w\" sizes=\"(max-width: 640px) 100vw, 640px\" \/><figcaption>marieclaire.fr\n<\/figcaption><\/figure>\n\n\n\n<p>04 \u2022 Etant <a href=\"http:\/\/www.cocondedecoration.com\/blog\/category\/couleur-deco\/du-vert-dans-la-deco\/\" target=\"_blank\" rel=\"noreferrer noopener\" aria-label=\"une grande fan de vert (s\u2019ouvre dans un nouvel onglet)\">une grande fan de vert<\/a>, j'avoue que j'aime beaucoup ce d\u00e9cor ext\u00e9rieur. Le vert est associ\u00e9 au bleu pour cr\u00e9er un univers certes color\u00e9 mais aussi tr\u00e8s reposant. Parfait pour faire la sieste \u00e0 l'ombre cet \u00e9t\u00e9! <\/p>\n<\/div>\n<\/div>\n\n\n\n<p class=\"has-medium-font-size\"><strong>Des guides d\u00e9co pour vous aider \u00e0 d\u00e9corer et am\u00e9nager votre ext\u00e9rieur<\/strong><\/p>\n\n\n\n<div class=\"wp-block-cb-carousel\" data-slick=\"{&quot;slidesToShow&quot;:3,&quot;slidesToScroll&quot;:1,&quot;speed&quot;:300,&quot;arrows&quot;:true,&quot;dots&quot;:false,&quot;autoplay&quot;:true,&quot;autoplaySpeed&quot;:3000,&quot;infinite&quot;:true,&quot;responsive&quot;:[{&quot;breakpoint&quot;:769,&quot;settings&quot;:{&quot;slidesToShow&quot;:1,&quot;slidesToScroll&quot;:1}}]}\">\n<div class=\"wp-block-cb-slide\">\n<figure class=\"wp-block-image size-large is-resized\"><a href=\"https:\/\/www.cocondedecoration.com\/blog\/wp-content\/uploads\/2025\/04\/guide-deco-jardin-brasero-1.png\"><img loading=\"lazy\" decoding=\"async\" width=\"640\" height=\"960\" src=\"https:\/\/www.cocondedecoration.com\/blog\/wp-content\/uploads\/2025\/04\/guide-deco-jardin-brasero-1-640x960.png\" alt=\"guide deco jardin am\u00e9nagement brasero moderne \" class=\"wp-image-82815\" style=\"width:257px;height:auto\" title=\"guide d\u00e9co jardin am\u00e9nagement brasero\" srcset=\"https:\/\/www.cocondedecoration.com\/blog\/wp-content\/uploads\/2025\/04\/guide-deco-jardin-brasero-1-640x960.png 640w, https:\/\/www.cocondedecoration.com\/blog\/wp-content\/uploads\/2025\/04\/guide-deco-jardin-brasero-1-260x390.png 260w, https:\/\/www.cocondedecoration.com\/blog\/wp-content\/uploads\/2025\/04\/guide-deco-jardin-brasero-1-768x1152.png 768w, https:\/\/www.cocondedecoration.com\/blog\/wp-content\/uploads\/2025\/04\/guide-deco-jardin-brasero-1-367x550.png 367w, https:\/\/www.cocondedecoration.com\/blog\/wp-content\/uploads\/2025\/04\/guide-deco-jardin-brasero-1-333x500.png 333w, https:\/\/www.cocondedecoration.com\/blog\/wp-content\/uploads\/2025\/04\/guide-deco-jardin-brasero-1.png 1000w\" sizes=\"(max-width: 640px) 100vw, 640px\" \/><\/a><figcaption class=\"wp-element-caption\">Brasero ext\u00e9rieur \u2192 <a href=\"https:\/\/www.cocondedecoration.com\/blog\/2021\/06\/ou-trouver-brasero-jardin\/\" target=\"_blank\" rel=\"noopener\" title=\"\">D\u00e9couvrir le guide<\/a><\/figcaption><\/figure>\n<\/div>\n\n\n\n<div class=\"wp-block-cb-slide\">\n<figure class=\"wp-block-image size-large\"><a href=\"https:\/\/www.cocondedecoration.com\/blog\/wp-content\/uploads\/2025\/04\/guide-deco-jardin-hamac.png\"><img loading=\"lazy\" decoding=\"async\" width=\"640\" height=\"960\" src=\"https:\/\/www.cocondedecoration.com\/blog\/wp-content\/uploads\/2025\/04\/guide-deco-jardin-hamac-640x960.png\" alt=\"guide d\u00e9co jardin am\u00e9nagement hamac\" class=\"wp-image-82808\" title=\"guide d\u00e9co jardin am\u00e9nagement hamac\" srcset=\"https:\/\/www.cocondedecoration.com\/blog\/wp-content\/uploads\/2025\/04\/guide-deco-jardin-hamac-640x960.png 640w, https:\/\/www.cocondedecoration.com\/blog\/wp-content\/uploads\/2025\/04\/guide-deco-jardin-hamac-260x390.png 260w, https:\/\/www.cocondedecoration.com\/blog\/wp-content\/uploads\/2025\/04\/guide-deco-jardin-hamac-768x1152.png 768w, https:\/\/www.cocondedecoration.com\/blog\/wp-content\/uploads\/2025\/04\/guide-deco-jardin-hamac-367x550.png 367w, https:\/\/www.cocondedecoration.com\/blog\/wp-content\/uploads\/2025\/04\/guide-deco-jardin-hamac-333x500.png 333w, https:\/\/www.cocondedecoration.com\/blog\/wp-content\/uploads\/2025\/04\/guide-deco-jardin-hamac.png 1000w\" sizes=\"(max-width: 640px) 100vw, 640px\" \/><\/a><figcaption class=\"wp-element-caption\">Hamac \u2192 <a href=\"https:\/\/www.cocondedecoration.com\/blog\/2016\/06\/un-hamac-pour-se-reposer-cet-ete\/\" target=\"_blank\" rel=\"noopener\" title=\"\">D\u00e9couvrir le guide<\/a><\/figcaption><\/figure>\n<\/div>\n\n\n\n<div class=\"wp-block-cb-slide\">\n<figure class=\"wp-block-image size-large\"><a href=\"https:\/\/www.cocondedecoration.com\/blog\/wp-content\/uploads\/2025\/04\/guide-deco-jardin-rangement.png\"><img loading=\"lazy\" decoding=\"async\" width=\"640\" height=\"960\" src=\"https:\/\/www.cocondedecoration.com\/blog\/wp-content\/uploads\/2025\/04\/guide-deco-jardin-rangement-640x960.png\" alt=\"guide d\u00e9co jardin am\u00e9nagement rangement jardinage \" class=\"wp-image-82809\" title=\"guide d\u00e9co jardin am\u00e9nagement rangement jardinage \" srcset=\"https:\/\/www.cocondedecoration.com\/blog\/wp-content\/uploads\/2025\/04\/guide-deco-jardin-rangement-640x960.png 640w, https:\/\/www.cocondedecoration.com\/blog\/wp-content\/uploads\/2025\/04\/guide-deco-jardin-rangement-260x390.png 260w, https:\/\/www.cocondedecoration.com\/blog\/wp-content\/uploads\/2025\/04\/guide-deco-jardin-rangement-768x1152.png 768w, https:\/\/www.cocondedecoration.com\/blog\/wp-content\/uploads\/2025\/04\/guide-deco-jardin-rangement-367x550.png 367w, https:\/\/www.cocondedecoration.com\/blog\/wp-content\/uploads\/2025\/04\/guide-deco-jardin-rangement-333x500.png 333w, https:\/\/www.cocondedecoration.com\/blog\/wp-content\/uploads\/2025\/04\/guide-deco-jardin-rangement.png 1000w\" sizes=\"(max-width: 640px) 100vw, 640px\" \/><\/a><figcaption class=\"wp-element-caption\">Rangement jardinage \u2192 <a href=\"https:\/\/www.cocondedecoration.com\/blog\/2023\/04\/rangement-jardin\/\" target=\"_blank\" rel=\"noopener\" title=\"\">D\u00e9couvrir le guide<\/a><\/figcaption><\/figure>\n<\/div>\n\n\n\n<div class=\"wp-block-cb-slide\">\n<figure class=\"wp-block-image size-large\"><a href=\"https:\/\/www.cocondedecoration.com\/blog\/wp-content\/uploads\/2025\/04\/guide-deco-jardin-salon-en-bois.png\"><img loading=\"lazy\" decoding=\"async\" width=\"640\" height=\"960\" src=\"https:\/\/www.cocondedecoration.com\/blog\/wp-content\/uploads\/2025\/04\/guide-deco-jardin-salon-en-bois-640x960.png\" alt=\"guide d\u00e9co jardin am\u00e9nagement salon de jardin en bois\" class=\"wp-image-82810\" title=\"guide d\u00e9co jardin am\u00e9nagement salon de jardin en bois\" srcset=\"https:\/\/www.cocondedecoration.com\/blog\/wp-content\/uploads\/2025\/04\/guide-deco-jardin-salon-en-bois-640x960.png 640w, https:\/\/www.cocondedecoration.com\/blog\/wp-content\/uploads\/2025\/04\/guide-deco-jardin-salon-en-bois-260x390.png 260w, https:\/\/www.cocondedecoration.com\/blog\/wp-content\/uploads\/2025\/04\/guide-deco-jardin-salon-en-bois-768x1152.png 768w, https:\/\/www.cocondedecoration.com\/blog\/wp-content\/uploads\/2025\/04\/guide-deco-jardin-salon-en-bois-367x550.png 367w, https:\/\/www.cocondedecoration.com\/blog\/wp-content\/uploads\/2025\/04\/guide-deco-jardin-salon-en-bois-333x500.png 333w, https:\/\/www.cocondedecoration.com\/blog\/wp-content\/uploads\/2025\/04\/guide-deco-jardin-salon-en-bois.png 1000w\" sizes=\"(max-width: 640px) 100vw, 640px\" \/><\/a><figcaption class=\"wp-element-caption\">Salon de jardin en bois \u2192 <a href=\"https:\/\/www.cocondedecoration.com\/blog\/2022\/06\/ou-trouver-salon-jardin-bois\/\" target=\"_blank\" rel=\"noopener\" title=\"\">D\u00e9couvrir le guide<\/a><\/figcaption><\/figure>\n<\/div>\n<\/div>\n\n\n\n<p>Tous les guides autour du jardin et du balcon sont <a href=\"https:\/\/www.cocondedecoration.com\/blog\/category\/deco-piece-par-piece\/jardin-et-exterieur\/guide-deco-mobilier-de-jardin\/\" target=\"_blank\" rel=\"noopener\" title=\"\">dispo ici<\/a><\/p>\n\n\n\n<div class=\"wp-block-columns has-2-columns is-layout-flex wp-container-core-columns-layout-2 wp-block-columns-is-layout-flex\">\n<div class=\"wp-block-column is-layout-flow wp-block-column-is-layout-flow\">\n<figure class=\"wp-block-image\"><img loading=\"lazy\" decoding=\"async\" width=\"640\" height=\"960\" src=\"http:\/\/www.cocondedecoration.com\/blog\/wp-content\/uploads\/2022\/06\/exemple-deco-jardin-multicolore-5-640x960.jpeg\" alt=\"exemple deco jardin multicolore cl\u00f4ture pour potager peinture vertes bonne humeur\" class=\"wp-image-49769\" srcset=\"https:\/\/www.cocondedecoration.com\/blog\/wp-content\/uploads\/2022\/06\/exemple-deco-jardin-multicolore-5-640x960.jpeg 640w, https:\/\/www.cocondedecoration.com\/blog\/wp-content\/uploads\/2022\/06\/exemple-deco-jardin-multicolore-5-260x390.jpeg 260w, https:\/\/www.cocondedecoration.com\/blog\/wp-content\/uploads\/2022\/06\/exemple-deco-jardin-multicolore-5-768x1152.jpeg 768w, https:\/\/www.cocondedecoration.com\/blog\/wp-content\/uploads\/2022\/06\/exemple-deco-jardin-multicolore-5-367x550.jpeg 367w, https:\/\/www.cocondedecoration.com\/blog\/wp-content\/uploads\/2022\/06\/exemple-deco-jardin-multicolore-5-333x500.jpeg 333w, https:\/\/www.cocondedecoration.com\/blog\/wp-content\/uploads\/2022\/06\/exemple-deco-jardin-multicolore-5.jpeg 1000w\" sizes=\"(max-width: 640px) 100vw, 640px\" \/><figcaption>growingajeweledrose.com\n<\/figcaption><\/figure>\n\n\n\n<p>05 \u2022 La couleur peut se retrouver dans votre potager. Ici, une cl\u00f4ture a \u00e9t\u00e9 mont\u00e9e et peinte pour d\u00e9limiter un espace o\u00f9 les fleurs et les l\u00e9gumes peuvent pousser en toute tranquillit\u00e9. Des couleurs vives apportent <a href=\"http:\/\/www.cocondedecoration.com\/blog\/2018\/05\/8-idees-pour-une-touche-ludique-dans-le-jardin\/\" target=\"_blank\" rel=\"noreferrer noopener\" aria-label=\"une touche ludique (s\u2019ouvre dans un nouvel onglet)\">une touche ludique<\/a> \u00e0 l'espace parfait quand on a des enfants par exemple. <\/p>\n\n\n\n<figure class=\"wp-block-image\"><img loading=\"lazy\" decoding=\"async\" width=\"640\" height=\"960\" src=\"http:\/\/www.cocondedecoration.com\/blog\/wp-content\/uploads\/2022\/06\/exemple-deco-jardin-multicolore-7-640x960.jpeg\" alt=\"exemple deco jardin multicolore ambiance boh\u00e8me maroc voyage coussin tapis canap\u00e9 d'angle ext\u00e9rieur\" class=\"wp-image-49774\" srcset=\"https:\/\/www.cocondedecoration.com\/blog\/wp-content\/uploads\/2022\/06\/exemple-deco-jardin-multicolore-7-640x960.jpeg 640w, https:\/\/www.cocondedecoration.com\/blog\/wp-content\/uploads\/2022\/06\/exemple-deco-jardin-multicolore-7-260x390.jpeg 260w, https:\/\/www.cocondedecoration.com\/blog\/wp-content\/uploads\/2022\/06\/exemple-deco-jardin-multicolore-7-768x1152.jpeg 768w, https:\/\/www.cocondedecoration.com\/blog\/wp-content\/uploads\/2022\/06\/exemple-deco-jardin-multicolore-7-367x550.jpeg 367w, https:\/\/www.cocondedecoration.com\/blog\/wp-content\/uploads\/2022\/06\/exemple-deco-jardin-multicolore-7-333x500.jpeg 333w, https:\/\/www.cocondedecoration.com\/blog\/wp-content\/uploads\/2022\/06\/exemple-deco-jardin-multicolore-7.jpeg 1000w\" sizes=\"(max-width: 640px) 100vw, 640px\" \/><figcaption>thewonderforest.com<\/figcaption><\/figure>\n\n\n\n<p>07 \u2022 En parlant de vacances, les ambiances marocaines sont parfaites pour mettre de la couleur dans le jardin ou sur la terrasses. Des couleurs chaudes, des motifs qui font voyager. Et surtout une dose de confort incommensurable! <\/p>\n<\/div>\n\n\n\n<div class=\"wp-block-column is-layout-flow wp-block-column-is-layout-flow\">\n<figure class=\"wp-block-image\"><img loading=\"lazy\" decoding=\"async\" width=\"640\" height=\"960\" src=\"http:\/\/www.cocondedecoration.com\/blog\/wp-content\/uploads\/2022\/06\/exemple-deco-jardin-multicolore-6-640x960.jpeg\" alt=\"exemple deco jardin multicolore d\u00e9cor mural ext\u00e9rieur peinture streetart motif floral\" class=\"wp-image-49772\" srcset=\"https:\/\/www.cocondedecoration.com\/blog\/wp-content\/uploads\/2022\/06\/exemple-deco-jardin-multicolore-6-640x960.jpeg 640w, https:\/\/www.cocondedecoration.com\/blog\/wp-content\/uploads\/2022\/06\/exemple-deco-jardin-multicolore-6-260x390.jpeg 260w, https:\/\/www.cocondedecoration.com\/blog\/wp-content\/uploads\/2022\/06\/exemple-deco-jardin-multicolore-6-768x1152.jpeg 768w, https:\/\/www.cocondedecoration.com\/blog\/wp-content\/uploads\/2022\/06\/exemple-deco-jardin-multicolore-6-367x550.jpeg 367w, https:\/\/www.cocondedecoration.com\/blog\/wp-content\/uploads\/2022\/06\/exemple-deco-jardin-multicolore-6-333x500.jpeg 333w, https:\/\/www.cocondedecoration.com\/blog\/wp-content\/uploads\/2022\/06\/exemple-deco-jardin-multicolore-6.jpeg 1000w\" sizes=\"(max-width: 640px) 100vw, 640px\" \/><figcaption>melaniejadedesign.com\n<\/figcaption><\/figure>\n\n\n\n<p>06 \u2022 Ambiance diff\u00e9rente, traitement de la couleur diff\u00e9rente sur la terrasse. Il est question ici d'un d\u00e9cor mural avec des feuillages tropicaux, des fleurs roses le tout sur un fond vert-bleu. C'est un choix audacieux mais qui donne imm\u00e9diatement un air de vacances \u00e0 votre cour. <\/p>\n\n\n\n<figure class=\"wp-block-image\"><img loading=\"lazy\" decoding=\"async\" width=\"640\" height=\"960\" src=\"http:\/\/www.cocondedecoration.com\/blog\/wp-content\/uploads\/2022\/06\/exemple-deco-jardin-multicolore-8-640x960.jpeg\" alt=\"exemple deco jardin multicolore esprit guinguette lampion au dessus de la table ext\u00e9rieure chaise color\u00e9e\" class=\"wp-image-49773\" srcset=\"https:\/\/www.cocondedecoration.com\/blog\/wp-content\/uploads\/2022\/06\/exemple-deco-jardin-multicolore-8-640x960.jpeg 640w, https:\/\/www.cocondedecoration.com\/blog\/wp-content\/uploads\/2022\/06\/exemple-deco-jardin-multicolore-8-260x390.jpeg 260w, https:\/\/www.cocondedecoration.com\/blog\/wp-content\/uploads\/2022\/06\/exemple-deco-jardin-multicolore-8-768x1152.jpeg 768w, https:\/\/www.cocondedecoration.com\/blog\/wp-content\/uploads\/2022\/06\/exemple-deco-jardin-multicolore-8-367x550.jpeg 367w, https:\/\/www.cocondedecoration.com\/blog\/wp-content\/uploads\/2022\/06\/exemple-deco-jardin-multicolore-8-333x500.jpeg 333w, https:\/\/www.cocondedecoration.com\/blog\/wp-content\/uploads\/2022\/06\/exemple-deco-jardin-multicolore-8.jpeg 1000w\" sizes=\"(max-width: 640px) 100vw, 640px\" \/><figcaption>bhg.com\n<\/figcaption><\/figure>\n\n\n\n<p>08 \u2022 Si vous suivez le blog, vous savez que j'aime la simplicit\u00e9 et c'est ce qui m'a fait choisir cette 8\u00e8me inspiration. Des lampions au dessus de la table ext\u00e9rieure, des chaises en m\u00e9tal color\u00e9, des plantes... <a href=\"http:\/\/www.cocondedecoration.com\/blog\/2022\/06\/ou-trouver-daybed-jardin\/\" target=\"_blank\" rel=\"noreferrer noopener\" aria-label=\"Que demander de plus? (s\u2019ouvre dans un nouvel onglet)\">Que demander de plus?<\/a> Simplicit\u00e9 et po\u00e9sie! <\/p>\n<\/div>\n<\/div>\n\n\n\n<div class=\"wp-block-columns has-2-columns is-layout-flex wp-container-core-columns-layout-3 wp-block-columns-is-layout-flex\">\n<div class=\"wp-block-column is-layout-flow wp-block-column-is-layout-flow\">\n<figure class=\"wp-block-image\"><img loading=\"lazy\" decoding=\"async\" width=\"640\" height=\"960\" src=\"http:\/\/www.cocondedecoration.com\/blog\/wp-content\/uploads\/2022\/06\/decor-exterieur-couleur-maximalisme-1-640x960.jpeg\" alt=\"decor exterieur couleur maximalisme tapis color\u00e9 coussin espace de vie enfant famille\" class=\"wp-image-49776\" srcset=\"https:\/\/www.cocondedecoration.com\/blog\/wp-content\/uploads\/2022\/06\/decor-exterieur-couleur-maximalisme-1-640x960.jpeg 640w, https:\/\/www.cocondedecoration.com\/blog\/wp-content\/uploads\/2022\/06\/decor-exterieur-couleur-maximalisme-1-260x390.jpeg 260w, https:\/\/www.cocondedecoration.com\/blog\/wp-content\/uploads\/2022\/06\/decor-exterieur-couleur-maximalisme-1-768x1152.jpeg 768w, https:\/\/www.cocondedecoration.com\/blog\/wp-content\/uploads\/2022\/06\/decor-exterieur-couleur-maximalisme-1-367x550.jpeg 367w, https:\/\/www.cocondedecoration.com\/blog\/wp-content\/uploads\/2022\/06\/decor-exterieur-couleur-maximalisme-1-333x500.jpeg 333w, https:\/\/www.cocondedecoration.com\/blog\/wp-content\/uploads\/2022\/06\/decor-exterieur-couleur-maximalisme-1.jpeg 1000w\" sizes=\"(max-width: 640px) 100vw, 640px\" \/><figcaption>domino.com\n<\/figcaption><\/figure>\n\n\n\n<p>09 \u2022 La couleur peut vous aider \u00e0 faire le lien entre l'espace jardin et la terrasse. Un peu comme on le ferait en int\u00e9rieur. Sur la terrasse, on trouve des chaises, des plots, des coussins color\u00e9s. Dans le gazon, on a un tapis, des coussins et des poufs. Cela cr\u00e9e un univers joyeux et assez cosy. <\/p>\n\n\n\n<figure class=\"wp-block-image\"><img loading=\"lazy\" decoding=\"async\" width=\"640\" height=\"960\" src=\"http:\/\/www.cocondedecoration.com\/blog\/wp-content\/uploads\/2022\/06\/decor-exterieur-couleur-maximalisme-3-640x960.jpeg\" alt=\"decor exterieur couleur maximalisme meuble de jardin color\u00e9 hamac en tissu multicolore\" class=\"wp-image-49781\" srcset=\"https:\/\/www.cocondedecoration.com\/blog\/wp-content\/uploads\/2022\/06\/decor-exterieur-couleur-maximalisme-3-640x960.jpeg 640w, https:\/\/www.cocondedecoration.com\/blog\/wp-content\/uploads\/2022\/06\/decor-exterieur-couleur-maximalisme-3-260x390.jpeg 260w, https:\/\/www.cocondedecoration.com\/blog\/wp-content\/uploads\/2022\/06\/decor-exterieur-couleur-maximalisme-3-768x1152.jpeg 768w, https:\/\/www.cocondedecoration.com\/blog\/wp-content\/uploads\/2022\/06\/decor-exterieur-couleur-maximalisme-3-367x550.jpeg 367w, https:\/\/www.cocondedecoration.com\/blog\/wp-content\/uploads\/2022\/06\/decor-exterieur-couleur-maximalisme-3-333x500.jpeg 333w, https:\/\/www.cocondedecoration.com\/blog\/wp-content\/uploads\/2022\/06\/decor-exterieur-couleur-maximalisme-3.jpeg 1000w\" sizes=\"(max-width: 640px) 100vw, 640px\" \/><figcaption>bhg.com\n<\/figcaption><\/figure>\n\n\n\n<p>11 \u2022 Les textiles sont pratiques quand on veut apporter de la couleur sans avoir \u00e0 bricoler mais ce n'est pas la seule solution. Vous pouvez aussi compter sur le mobilier de jardin pour apporter des touches de couleur dans votre ext\u00e9rieur, comme ici par exemple avec des chaises en m\u00e9tal en diff\u00e9rents coloris. <\/p>\n\n\n\n<p>Retrouvez ici <a href=\"http:\/\/www.cocondedecoration.com\/blog\/2021\/06\/chilienne-imprimee-couleur\/\" target=\"_blank\" rel=\"noreferrer noopener\" aria-label=\"28 chiliennes color\u00e9es qui mettront du peps dans votre jardin (s\u2019ouvre dans un nouvel onglet)\">28 chiliennes color\u00e9es qui mettront du peps dans votre jardin<\/a><\/p>\n<\/div>\n\n\n\n<div class=\"wp-block-column is-layout-flow wp-block-column-is-layout-flow\">\n<figure class=\"wp-block-image\"><img loading=\"lazy\" decoding=\"async\" width=\"640\" height=\"960\" src=\"http:\/\/www.cocondedecoration.com\/blog\/wp-content\/uploads\/2022\/06\/decor-exterieur-couleur-maximalisme-2-640x960.jpeg\" alt=\"decor exterieur couleur maximalisme patio terrasse boh\u00e8me fauteuil suspendu tapis textile meuble peint\" class=\"wp-image-49775\" srcset=\"https:\/\/www.cocondedecoration.com\/blog\/wp-content\/uploads\/2022\/06\/decor-exterieur-couleur-maximalisme-2-640x960.jpeg 640w, https:\/\/www.cocondedecoration.com\/blog\/wp-content\/uploads\/2022\/06\/decor-exterieur-couleur-maximalisme-2-260x390.jpeg 260w, https:\/\/www.cocondedecoration.com\/blog\/wp-content\/uploads\/2022\/06\/decor-exterieur-couleur-maximalisme-2-768x1152.jpeg 768w, https:\/\/www.cocondedecoration.com\/blog\/wp-content\/uploads\/2022\/06\/decor-exterieur-couleur-maximalisme-2-367x550.jpeg 367w, https:\/\/www.cocondedecoration.com\/blog\/wp-content\/uploads\/2022\/06\/decor-exterieur-couleur-maximalisme-2-333x500.jpeg 333w, https:\/\/www.cocondedecoration.com\/blog\/wp-content\/uploads\/2022\/06\/decor-exterieur-couleur-maximalisme-2.jpeg 1000w\" sizes=\"(max-width: 640px) 100vw, 640px\" \/><figcaption>quirkybohemianmama.com\n<\/figcaption><\/figure>\n\n\n\n<p>10 \u2022 Si vous aimez les int\u00e9rieurs multicolores, vous aimerez probablement cette <a href=\"http:\/\/www.cocondedecoration.com\/blog\/2022\/06\/amenagement-petite-terrasse\/\" target=\"_blank\" rel=\"noreferrer noopener\" aria-label=\"terrasse (s\u2019ouvre dans un nouvel onglet)\">terrasse<\/a>. Il y a un tas d'accessoires qui apportent de la couleur. On se sent comme \u00e0 l'int\u00e9rieur tout en \u00e9tant dehors. Tapis, coussins, meubles... beaucoup de meubles. Je pourrais y passer des heures pour boire un caf\u00e9 et travailler! <\/p>\n\n\n\n<figure class=\"wp-block-image\"><img loading=\"lazy\" decoding=\"async\" width=\"640\" height=\"960\" src=\"http:\/\/www.cocondedecoration.com\/blog\/wp-content\/uploads\/2022\/06\/decor-exterieur-couleur-maximalisme-4-640x960.jpeg\" alt=\"decor exterieur couleur maximalisme peinture menuiserie bois fen\u00eatre couleur violet fleur orange jaune et rouge\" class=\"wp-image-49778\" srcset=\"https:\/\/www.cocondedecoration.com\/blog\/wp-content\/uploads\/2022\/06\/decor-exterieur-couleur-maximalisme-4-640x960.jpeg 640w, https:\/\/www.cocondedecoration.com\/blog\/wp-content\/uploads\/2022\/06\/decor-exterieur-couleur-maximalisme-4-260x390.jpeg 260w, https:\/\/www.cocondedecoration.com\/blog\/wp-content\/uploads\/2022\/06\/decor-exterieur-couleur-maximalisme-4-768x1152.jpeg 768w, https:\/\/www.cocondedecoration.com\/blog\/wp-content\/uploads\/2022\/06\/decor-exterieur-couleur-maximalisme-4-367x550.jpeg 367w, https:\/\/www.cocondedecoration.com\/blog\/wp-content\/uploads\/2022\/06\/decor-exterieur-couleur-maximalisme-4-333x500.jpeg 333w, https:\/\/www.cocondedecoration.com\/blog\/wp-content\/uploads\/2022\/06\/decor-exterieur-couleur-maximalisme-4.jpeg 1000w\" sizes=\"(max-width: 640px) 100vw, 640px\" \/><figcaption>dishfunctionaldesigns.blogspot.com<\/figcaption><\/figure>\n\n\n\n<p>12 \u2022 J'aime beaucoup la po\u00e9sie qui se d\u00e9gage de ce d\u00e9cor pourtant assez simple. Les menuiseries des fen\u00eatres ont \u00e9t\u00e9 peintes (en violet) et les fleurs font le reste du job pour colorer cet espace fa\u00e7ade. Les fleurs sont en jardini\u00e8res, pos\u00e9es au sol, suspendues... <\/p>\n<\/div>\n<\/div>\n\n\n\n<div class=\"wp-block-columns has-2-columns is-layout-flex wp-container-core-columns-layout-4 wp-block-columns-is-layout-flex\">\n<div class=\"wp-block-column is-layout-flow wp-block-column-is-layout-flow\">\n<figure class=\"wp-block-image\"><img loading=\"lazy\" decoding=\"async\" width=\"640\" height=\"960\" src=\"http:\/\/www.cocondedecoration.com\/blog\/wp-content\/uploads\/2022\/06\/decor-exterieur-couleur-maximalisme-5-640x960.jpeg\" alt=\"decor exterieur couleur maximalisme DIY r\u00e9cup parterre de fleur roue de v\u00e9lo\" class=\"wp-image-49779\" srcset=\"https:\/\/www.cocondedecoration.com\/blog\/wp-content\/uploads\/2022\/06\/decor-exterieur-couleur-maximalisme-5-640x960.jpeg 640w, https:\/\/www.cocondedecoration.com\/blog\/wp-content\/uploads\/2022\/06\/decor-exterieur-couleur-maximalisme-5-260x390.jpeg 260w, https:\/\/www.cocondedecoration.com\/blog\/wp-content\/uploads\/2022\/06\/decor-exterieur-couleur-maximalisme-5-768x1152.jpeg 768w, https:\/\/www.cocondedecoration.com\/blog\/wp-content\/uploads\/2022\/06\/decor-exterieur-couleur-maximalisme-5-367x550.jpeg 367w, https:\/\/www.cocondedecoration.com\/blog\/wp-content\/uploads\/2022\/06\/decor-exterieur-couleur-maximalisme-5-333x500.jpeg 333w, https:\/\/www.cocondedecoration.com\/blog\/wp-content\/uploads\/2022\/06\/decor-exterieur-couleur-maximalisme-5.jpeg 1000w\" sizes=\"(max-width: 640px) 100vw, 640px\" \/><figcaption>princesspinkygirl.com\n<\/figcaption><\/figure>\n\n\n\n<p>13 \u2022 Si vous aimez <a href=\"http:\/\/www.cocondedecoration.com\/blog\/2019\/05\/jardin-mobilier-de-recup-pour-lexterieur\/\" target=\"_blank\" rel=\"noreferrer noopener\" aria-label=\"la r\u00e9cup (s\u2019ouvre dans un nouvel onglet)\">la r\u00e9cup<\/a>', cette id\u00e9e devrait vous plaire. Des roues de v\u00e9lo bomb\u00e9es en couleur, mont\u00e9es sur un piquet pour cr\u00e9er une d\u00e9co au milieu d'un massif de leurs. C'est simple et efficace. Et c'est surtout inattendu! <\/p>\n\n\n\n<figure class=\"wp-block-image\"><img loading=\"lazy\" decoding=\"async\" width=\"640\" height=\"960\" src=\"http:\/\/www.cocondedecoration.com\/blog\/wp-content\/uploads\/2022\/06\/decor-exterieur-couleur-maximalisme-7-640x960.jpeg\" alt=\"decor exterieur couleur maximalisme pot de fleurs accroch\u00e9s au mur effet arc en ciel d\u00e9grad\u00e9 multicolore\" class=\"wp-image-49777\" srcset=\"https:\/\/www.cocondedecoration.com\/blog\/wp-content\/uploads\/2022\/06\/decor-exterieur-couleur-maximalisme-7-640x960.jpeg 640w, https:\/\/www.cocondedecoration.com\/blog\/wp-content\/uploads\/2022\/06\/decor-exterieur-couleur-maximalisme-7-260x390.jpeg 260w, https:\/\/www.cocondedecoration.com\/blog\/wp-content\/uploads\/2022\/06\/decor-exterieur-couleur-maximalisme-7-768x1152.jpeg 768w, https:\/\/www.cocondedecoration.com\/blog\/wp-content\/uploads\/2022\/06\/decor-exterieur-couleur-maximalisme-7-367x550.jpeg 367w, https:\/\/www.cocondedecoration.com\/blog\/wp-content\/uploads\/2022\/06\/decor-exterieur-couleur-maximalisme-7-333x500.jpeg 333w, https:\/\/www.cocondedecoration.com\/blog\/wp-content\/uploads\/2022\/06\/decor-exterieur-couleur-maximalisme-7.jpeg 1000w\" sizes=\"(max-width: 640px) 100vw, 640px\" \/><figcaption>dishfunctionaldesigns.blogspot.com<\/figcaption><\/figure>\n\n\n\n<p>15 \u2022 Vous avez un vieil abri jardin, une vieille grange? Et si au lieu de repeindre le bois vous lui apportiez de la couleur gr\u00e2ce \u00e0 des pots de fleurs dispos\u00e9s en d\u00e9grad\u00e9 comme pour cr\u00e9er un arc en ciel? <a href=\"http:\/\/www.cocondedecoration.com\/blog\/2022\/05\/jardin-interieur-mural\/\" target=\"_blank\" rel=\"noreferrer noopener\" aria-label=\"Un mur v\u00e9g\u00e9tal (s\u2019ouvre dans un nouvel onglet)\">Un mur v\u00e9g\u00e9tal<\/a> ext\u00e9rieur original et hyper color\u00e9! <\/p>\n<\/div>\n\n\n\n<div class=\"wp-block-column is-layout-flow wp-block-column-is-layout-flow\">\n<figure class=\"wp-block-image\"><img loading=\"lazy\" decoding=\"async\" width=\"640\" height=\"960\" src=\"http:\/\/www.cocondedecoration.com\/blog\/wp-content\/uploads\/2022\/06\/decor-exterieur-couleur-maximalisme-6-640x960.jpeg\" alt=\"decor exterieur couleur maximalisme sud de la France \u00e9t\u00e9 vacances couleur terracotta voyage\" class=\"wp-image-49780\" srcset=\"https:\/\/www.cocondedecoration.com\/blog\/wp-content\/uploads\/2022\/06\/decor-exterieur-couleur-maximalisme-6-640x960.jpeg 640w, https:\/\/www.cocondedecoration.com\/blog\/wp-content\/uploads\/2022\/06\/decor-exterieur-couleur-maximalisme-6-260x390.jpeg 260w, https:\/\/www.cocondedecoration.com\/blog\/wp-content\/uploads\/2022\/06\/decor-exterieur-couleur-maximalisme-6-768x1152.jpeg 768w, https:\/\/www.cocondedecoration.com\/blog\/wp-content\/uploads\/2022\/06\/decor-exterieur-couleur-maximalisme-6-367x550.jpeg 367w, https:\/\/www.cocondedecoration.com\/blog\/wp-content\/uploads\/2022\/06\/decor-exterieur-couleur-maximalisme-6-333x500.jpeg 333w, https:\/\/www.cocondedecoration.com\/blog\/wp-content\/uploads\/2022\/06\/decor-exterieur-couleur-maximalisme-6.jpeg 1000w\" sizes=\"(max-width: 640px) 100vw, 640px\" \/><figcaption>moroccanzest.com\n<\/figcaption><\/figure>\n\n\n\n<p>14 \u2022 Plus moderne et intemporel, on peut faire le choix du terracotta en grande quantit\u00e9 sur la terrasse (<a href=\"http:\/\/www.cocondedecoration.com\/blog\/2022\/06\/idee-deco-au-quotidien\/\" target=\"_blank\" rel=\"noreferrer noopener\" aria-label=\"j'en parlais hier (s\u2019ouvre dans un nouvel onglet)\">j'en parlais hier<\/a>). Cela vous fera d\u00e9finitivement voyager sans quitter le jardin. Pour parfaire le d\u00e9cor, les coussins boh\u00e8mes pos\u00e9s sur un tapis au sol et des tables basses seront parfaits. <\/p>\n\n\n\n<figure class=\"wp-block-image\"><img loading=\"lazy\" decoding=\"async\" width=\"640\" height=\"960\" src=\"http:\/\/www.cocondedecoration.com\/blog\/wp-content\/uploads\/2022\/06\/decor-exterieur-couleur-maximalisme-8-640x960.jpeg\" alt=\"decor exterieur couleur maximalisme peinture murale jardin terrasse moderne streetart pergola\" class=\"wp-image-49782\" srcset=\"https:\/\/www.cocondedecoration.com\/blog\/wp-content\/uploads\/2022\/06\/decor-exterieur-couleur-maximalisme-8-640x960.jpeg 640w, https:\/\/www.cocondedecoration.com\/blog\/wp-content\/uploads\/2022\/06\/decor-exterieur-couleur-maximalisme-8-260x390.jpeg 260w, https:\/\/www.cocondedecoration.com\/blog\/wp-content\/uploads\/2022\/06\/decor-exterieur-couleur-maximalisme-8-768x1152.jpeg 768w, https:\/\/www.cocondedecoration.com\/blog\/wp-content\/uploads\/2022\/06\/decor-exterieur-couleur-maximalisme-8-367x550.jpeg 367w, https:\/\/www.cocondedecoration.com\/blog\/wp-content\/uploads\/2022\/06\/decor-exterieur-couleur-maximalisme-8-333x500.jpeg 333w, https:\/\/www.cocondedecoration.com\/blog\/wp-content\/uploads\/2022\/06\/decor-exterieur-couleur-maximalisme-8.jpeg 1000w\" sizes=\"(max-width: 640px) 100vw, 640px\" \/><figcaption>apartmenttherapy.com\n<\/figcaption><\/figure>\n\n\n\n<p>16 \u2022 Je termine cette s\u00e9lection avec une nouvelle d\u00e9co murale sur la fa\u00e7ade. J'aime beaucoup l<a href=\"http:\/\/www.cocondedecoration.com\/blog\/2022\/03\/video-peindre-decor-original\/\" target=\"_blank\" rel=\"noreferrer noopener\" aria-label=\"es d\u00e9cors peints en int\u00e9rieur (s\u2019ouvre dans un nouvel onglet)\">es d\u00e9cors peints en int\u00e9rieur<\/a>, je les aime tout autant en ext\u00e9rieur. D'ailleurs, je suis en train de me demander si je ne ferai pas un article sp\u00e9cial \u00e0 ce propos... Si \u00e7a vous tente, n'h\u00e9sitez pas \u00e0 me le dire en commentaire! <\/p>\n<\/div>\n<\/div>\n\n\n\n<h2 class=\"wp-block-heading\">Petite terrasse et balcon: des guides d\u00e9co pour vous aider <\/h2>\n\n\n\n<p>Am\u00e9nagez et d\u00e9corez facilement votre balcon ou votre petite terrasse gr\u00e2ce \u00e0 mes guides d\u00e9co. <\/p>\n\n\n\n<div class=\"wp-block-cb-carousel\" data-slick=\"{&quot;slidesToShow&quot;:3,&quot;slidesToScroll&quot;:1,&quot;speed&quot;:300,&quot;arrows&quot;:true,&quot;dots&quot;:false,&quot;autoplay&quot;:false,&quot;autoplaySpeed&quot;:3000,&quot;infinite&quot;:true,&quot;responsive&quot;:[{&quot;breakpoint&quot;:769,&quot;settings&quot;:{&quot;slidesToShow&quot;:1,&quot;slidesToScroll&quot;:1}}]}\">\n<div class=\"wp-block-cb-slide\">\n<figure class=\"wp-block-image size-large\"><a href=\"https:\/\/www.cocondedecoration.com\/blog\/wp-content\/uploads\/2026\/04\/guide-deco-petite-terrasse-balcon-1.png\"><img loading=\"lazy\" decoding=\"async\" width=\"640\" height=\"960\" src=\"https:\/\/www.cocondedecoration.com\/blog\/wp-content\/uploads\/2026\/04\/guide-deco-petite-terrasse-balcon-1-640x960.png\" alt=\"Tablette \u00e0 suspendre garde-corps Guide d\u00e9co petite terrasse et balcon \" class=\"wp-image-89029\" title=\"Tablette \u00e0 suspendre garde-corps Guide d\u00e9co petite terrasse et balcon \" srcset=\"https:\/\/www.cocondedecoration.com\/blog\/wp-content\/uploads\/2026\/04\/guide-deco-petite-terrasse-balcon-1-640x960.png 640w, https:\/\/www.cocondedecoration.com\/blog\/wp-content\/uploads\/2026\/04\/guide-deco-petite-terrasse-balcon-1-260x390.png 260w, https:\/\/www.cocondedecoration.com\/blog\/wp-content\/uploads\/2026\/04\/guide-deco-petite-terrasse-balcon-1-768x1152.png 768w, https:\/\/www.cocondedecoration.com\/blog\/wp-content\/uploads\/2026\/04\/guide-deco-petite-terrasse-balcon-1-367x550.png 367w, https:\/\/www.cocondedecoration.com\/blog\/wp-content\/uploads\/2026\/04\/guide-deco-petite-terrasse-balcon-1-333x500.png 333w, https:\/\/www.cocondedecoration.com\/blog\/wp-content\/uploads\/2026\/04\/guide-deco-petite-terrasse-balcon-1.png 1000w\" sizes=\"(max-width: 640px) 100vw, 640px\" \/><\/a><figcaption class=\"wp-element-caption\">Tablette de balcon \u2192 <a href=\"https:\/\/www.cocondedecoration.com\/blog\/2025\/04\/table-suspendue-balcon\/\" target=\"_blank\" rel=\"noopener\" title=\"\">Guide ici<\/a><\/figcaption><\/figure>\n<\/div>\n\n\n\n<div class=\"wp-block-cb-slide\">\n<figure class=\"wp-block-image size-large\"><a href=\"https:\/\/www.cocondedecoration.com\/blog\/wp-content\/uploads\/2026\/04\/guide-deco-petite-terrasse-balcon-2.png\"><img loading=\"lazy\" decoding=\"async\" width=\"640\" height=\"960\" src=\"https:\/\/www.cocondedecoration.com\/blog\/wp-content\/uploads\/2026\/04\/guide-deco-petite-terrasse-balcon-2-640x960.png\" alt=\"mobilier m\u00e9ridenne ext\u00e9rieure outdoor Guide d\u00e9co petite terrasse et balcon \" class=\"wp-image-89030\" title=\"mobilier m\u00e9ridenne ext\u00e9rieure outdoor Guide d\u00e9co petite terrasse et balcon \" srcset=\"https:\/\/www.cocondedecoration.com\/blog\/wp-content\/uploads\/2026\/04\/guide-deco-petite-terrasse-balcon-2-640x960.png 640w, https:\/\/www.cocondedecoration.com\/blog\/wp-content\/uploads\/2026\/04\/guide-deco-petite-terrasse-balcon-2-260x390.png 260w, https:\/\/www.cocondedecoration.com\/blog\/wp-content\/uploads\/2026\/04\/guide-deco-petite-terrasse-balcon-2-768x1152.png 768w, https:\/\/www.cocondedecoration.com\/blog\/wp-content\/uploads\/2026\/04\/guide-deco-petite-terrasse-balcon-2-367x550.png 367w, https:\/\/www.cocondedecoration.com\/blog\/wp-content\/uploads\/2026\/04\/guide-deco-petite-terrasse-balcon-2-333x500.png 333w, https:\/\/www.cocondedecoration.com\/blog\/wp-content\/uploads\/2026\/04\/guide-deco-petite-terrasse-balcon-2.png 1000w\" sizes=\"(max-width: 640px) 100vw, 640px\" \/><\/a><figcaption class=\"wp-element-caption\">M\u00e9ridienne ext\u00e9rieure \u2192 <a href=\"https:\/\/www.cocondedecoration.com\/blog\/2022\/06\/ou-trouver-daybed-jardin\/\" target=\"_blank\" rel=\"noopener\" title=\"\">Guide ici<\/a><\/figcaption><\/figure>\n<\/div>\n\n\n\n<div class=\"wp-block-cb-slide\">\n<figure class=\"wp-block-image size-large\"><a href=\"https:\/\/www.cocondedecoration.com\/blog\/wp-content\/uploads\/2026\/04\/guide-deco-petite-terrasse-balcon-3.png\"><img loading=\"lazy\" decoding=\"async\" width=\"640\" height=\"960\" src=\"https:\/\/www.cocondedecoration.com\/blog\/wp-content\/uploads\/2026\/04\/guide-deco-petite-terrasse-balcon-3-640x960.png\" alt=\"s\u00e9lection de coussins imperm\u00e9ables ext\u00e9rieur Guide d\u00e9co petite terrasse et balcon \" class=\"wp-image-89031\" title=\"s\u00e9lection de coussins imperm\u00e9ables ext\u00e9rieur Guide d\u00e9co petite terrasse et balcon \" srcset=\"https:\/\/www.cocondedecoration.com\/blog\/wp-content\/uploads\/2026\/04\/guide-deco-petite-terrasse-balcon-3-640x960.png 640w, https:\/\/www.cocondedecoration.com\/blog\/wp-content\/uploads\/2026\/04\/guide-deco-petite-terrasse-balcon-3-260x390.png 260w, https:\/\/www.cocondedecoration.com\/blog\/wp-content\/uploads\/2026\/04\/guide-deco-petite-terrasse-balcon-3-768x1152.png 768w, https:\/\/www.cocondedecoration.com\/blog\/wp-content\/uploads\/2026\/04\/guide-deco-petite-terrasse-balcon-3-367x550.png 367w, https:\/\/www.cocondedecoration.com\/blog\/wp-content\/uploads\/2026\/04\/guide-deco-petite-terrasse-balcon-3-333x500.png 333w, https:\/\/www.cocondedecoration.com\/blog\/wp-content\/uploads\/2026\/04\/guide-deco-petite-terrasse-balcon-3.png 1000w\" sizes=\"(max-width: 640px) 100vw, 640px\" \/><\/a><figcaption class=\"wp-element-caption\"> Coussins imperm\u00e9ables \u2192 <a href=\"https:\/\/www.cocondedecoration.com\/blog\/2024\/05\/coussin-exterieur-impermeable\/\" target=\"_blank\" rel=\"noopener\" title=\"\">Guide ici<\/a><\/figcaption><\/figure>\n<\/div>\n\n\n\n<div class=\"wp-block-cb-slide\">\n<figure class=\"wp-block-image size-large\"><a href=\"https:\/\/www.cocondedecoration.com\/blog\/wp-content\/uploads\/2026\/04\/guide-deco-petite-terrasse-balcon-4.png\"><img loading=\"lazy\" decoding=\"async\" width=\"640\" height=\"960\" src=\"https:\/\/www.cocondedecoration.com\/blog\/wp-content\/uploads\/2026\/04\/guide-deco-petite-terrasse-balcon-4-640x960.png\" alt=\"petit salon de jardin modernes Guide d\u00e9co petite terrasse et balcon \" class=\"wp-image-89032\" title=\"petit salon de jardin modernes Guide d\u00e9co petite terrasse et balcon \" srcset=\"https:\/\/www.cocondedecoration.com\/blog\/wp-content\/uploads\/2026\/04\/guide-deco-petite-terrasse-balcon-4-640x960.png 640w, https:\/\/www.cocondedecoration.com\/blog\/wp-content\/uploads\/2026\/04\/guide-deco-petite-terrasse-balcon-4-260x390.png 260w, https:\/\/www.cocondedecoration.com\/blog\/wp-content\/uploads\/2026\/04\/guide-deco-petite-terrasse-balcon-4-768x1152.png 768w, https:\/\/www.cocondedecoration.com\/blog\/wp-content\/uploads\/2026\/04\/guide-deco-petite-terrasse-balcon-4-367x550.png 367w, https:\/\/www.cocondedecoration.com\/blog\/wp-content\/uploads\/2026\/04\/guide-deco-petite-terrasse-balcon-4-333x500.png 333w, https:\/\/www.cocondedecoration.com\/blog\/wp-content\/uploads\/2026\/04\/guide-deco-petite-terrasse-balcon-4.png 1000w\" sizes=\"(max-width: 640px) 100vw, 640px\" \/><\/a><figcaption class=\"wp-element-caption\">Petits salons de jardin \u2192 <a href=\"https:\/\/www.cocondedecoration.com\/blog\/2020\/06\/ou-trouver-un-salon-de-jardin-pour-le-balcon\/\" target=\"_blank\" rel=\"noopener\" title=\"\">Guide ici<\/a><\/figcaption><\/figure>\n<\/div>\n\n\n\n<div class=\"wp-block-cb-slide\">\n<figure class=\"wp-block-image size-large\"><a href=\"https:\/\/www.cocondedecoration.com\/blog\/wp-content\/uploads\/2026\/04\/guide-deco-petite-terrasse-balcon-5.png\"><img loading=\"lazy\" decoding=\"async\" width=\"640\" height=\"960\" src=\"https:\/\/www.cocondedecoration.com\/blog\/wp-content\/uploads\/2026\/04\/guide-deco-petite-terrasse-balcon-5-640x960.png\" alt=\"chilienne assises pliantes modernes Guide d\u00e9co petite terrasse et balcon \" class=\"wp-image-89033\" title=\"chilienne assises pliantes modernes Guide d\u00e9co petite terrasse et balcon \" srcset=\"https:\/\/www.cocondedecoration.com\/blog\/wp-content\/uploads\/2026\/04\/guide-deco-petite-terrasse-balcon-5-640x960.png 640w, https:\/\/www.cocondedecoration.com\/blog\/wp-content\/uploads\/2026\/04\/guide-deco-petite-terrasse-balcon-5-260x390.png 260w, https:\/\/www.cocondedecoration.com\/blog\/wp-content\/uploads\/2026\/04\/guide-deco-petite-terrasse-balcon-5-768x1152.png 768w, https:\/\/www.cocondedecoration.com\/blog\/wp-content\/uploads\/2026\/04\/guide-deco-petite-terrasse-balcon-5-367x550.png 367w, https:\/\/www.cocondedecoration.com\/blog\/wp-content\/uploads\/2026\/04\/guide-deco-petite-terrasse-balcon-5-333x500.png 333w, https:\/\/www.cocondedecoration.com\/blog\/wp-content\/uploads\/2026\/04\/guide-deco-petite-terrasse-balcon-5.png 1000w\" sizes=\"(max-width: 640px) 100vw, 640px\" \/><\/a><figcaption class=\"wp-element-caption\">Chiliennes modernes \u2192 <a href=\"https:\/\/www.cocondedecoration.com\/blog\/2021\/06\/chilienne-imprimee-couleur\/\" target=\"_blank\" rel=\"noopener\" title=\"\">Guide ici<\/a><\/figcaption><\/figure>\n<\/div>\n\n\n\n<div class=\"wp-block-cb-slide\">\n<figure class=\"wp-block-image size-large\"><a href=\"https:\/\/www.cocondedecoration.com\/blog\/wp-content\/uploads\/2026\/04\/guide-deco-petite-terrasse-balcon-6.png\"><img loading=\"lazy\" decoding=\"async\" width=\"640\" height=\"960\" src=\"https:\/\/www.cocondedecoration.com\/blog\/wp-content\/uploads\/2026\/04\/guide-deco-petite-terrasse-balcon-6-640x960.png\" alt=\"Liste de plantes vari\u00e9t\u00e9s id\u00e9ales petits espaces Guide d\u00e9co petite terrasse et balcon \" class=\"wp-image-89034\" title=\"Liste de plantes vari\u00e9t\u00e9s id\u00e9ales petits espaces Guide d\u00e9co petite terrasse et balcon \" srcset=\"https:\/\/www.cocondedecoration.com\/blog\/wp-content\/uploads\/2026\/04\/guide-deco-petite-terrasse-balcon-6-640x960.png 640w, https:\/\/www.cocondedecoration.com\/blog\/wp-content\/uploads\/2026\/04\/guide-deco-petite-terrasse-balcon-6-260x390.png 260w, https:\/\/www.cocondedecoration.com\/blog\/wp-content\/uploads\/2026\/04\/guide-deco-petite-terrasse-balcon-6-768x1152.png 768w, https:\/\/www.cocondedecoration.com\/blog\/wp-content\/uploads\/2026\/04\/guide-deco-petite-terrasse-balcon-6-367x550.png 367w, https:\/\/www.cocondedecoration.com\/blog\/wp-content\/uploads\/2026\/04\/guide-deco-petite-terrasse-balcon-6-333x500.png 333w, https:\/\/www.cocondedecoration.com\/blog\/wp-content\/uploads\/2026\/04\/guide-deco-petite-terrasse-balcon-6.png 1000w\" sizes=\"(max-width: 640px) 100vw, 640px\" \/><\/a><figcaption class=\"wp-element-caption\">Quelles plantes choisir? \u2192 <a href=\"https:\/\/www.cocondedecoration.com\/blog\/2022\/05\/quelles-plantes-balcon\/\" target=\"_blank\" rel=\"noopener\" title=\"\">Guide ici<\/a><\/figcaption><\/figure>\n<\/div>\n<\/div>\n\n\n\n<p class=\"has-small-font-size\">Pour plus d'id\u00e9es d\u00e9co au quotidien, n'h\u00e9sitez pas \u00e0 me rejoindre sur <a href=\"https:\/\/www.threads.com\/@cocondedeco\" target=\"_blank\" rel=\"noopener\" title=\"\">Threads<\/a> et \/ ou <a href=\"https:\/\/pinterest.fr\/cocondedeco\/\" target=\"_blank\" rel=\"noopener\" title=\"\">Pinterest<\/a><\/p>\n\n\n\n<hr class=\"wp-block-separator\"\/>\n\n\n\n<p class=\"has-text-align-center has-medium-font-size\">Ne perdons pas contact \ud83d\ude42 Rejoignez moi sur <a href=\"https:\/\/www.pinterest.fr\/cocondedeco\/\" target=\"_blank\" rel=\"noopener\" title=\"\">Pinterest<\/a> |\u00a0<a href=\"https:\/\/www.threads.net\/@cocondedeco\" target=\"_blank\" rel=\"noopener\" title=\"\">Threads<\/a> | <a href=\"https:\/\/www.patreon.com\/collection\/162946?view=expanded\" target=\"_blank\" rel=\"noopener\" title=\"\">la Newsletter<\/a> <br>Vous aimez lire le blog? Vous souhaitez continuer \u00e0 le lire? <a href=\"https:\/\/www.patreon.com\/cocondedeco\" target=\"_blank\" rel=\"noopener\" title=\"\">Devenez m\u00e9c\u00e8ne<\/a> sur Patreon et contribuez \u00e0 sa survie. <\/p>\n\n\n\n<hr class=\"wp-block-separator\"\/>\n\n\n\n<div class=\"wp-block-columns has-2-columns is-layout-flex wp-container-core-columns-layout-5 wp-block-columns-is-layout-flex\">\n<div class=\"wp-block-column is-layout-flow wp-block-column-is-layout-flow\">\n<p style=\"text-align:center\" class=\"has-medium-font-size\">Plus d'id\u00e9es pour le jardin<\/p>\n\n\n<ul class=\"wp-block-latest-posts__list wp-block-latest-posts\"><li><a class=\"wp-block-latest-posts__post-title\" href=\"https:\/\/www.cocondedecoration.com\/blog\/2026\/04\/organisation-chalet-jardin\/\">Comment organiser efficacement le chalet de jardin?<\/a><\/li>\n<li><a class=\"wp-block-latest-posts__post-title\" href=\"https:\/\/www.cocondedecoration.com\/blog\/2026\/04\/petit-potager\/\">12 id\u00e9es pour un petit potager peu encombrant<\/a><\/li>\n<li><a class=\"wp-block-latest-posts__post-title\" href=\"https:\/\/www.cocondedecoration.com\/blog\/2026\/03\/decoration-mur-terrasse\/\">Mur de terrasse: 20 id\u00e9es pour d\u00e9corer votre ext\u00e9rieur<\/a><\/li>\n<li><a class=\"wp-block-latest-posts__post-title\" href=\"https:\/\/www.cocondedecoration.com\/blog\/2026\/03\/carport-moderne\/\">Carport, une alternative \u00e9conomique pour abriter la voiture<\/a><\/li>\n<li><a class=\"wp-block-latest-posts__post-title\" href=\"https:\/\/www.cocondedecoration.com\/blog\/2026\/01\/jacuzzi-exterieur-terrasse\/\">Jacuzzi ext\u00e9rieur, comment l&rsquo;int\u00e9grer \u00e0 votre terrasse?<\/a><\/li>\n<li><a class=\"wp-block-latest-posts__post-title\" href=\"https:\/\/www.cocondedecoration.com\/blog\/2025\/06\/amenagement-jardin-en-pente\/\">Jardin en pente: quelles solutions pour l&rsquo;am\u00e9nager?<\/a><\/li>\n<li><a class=\"wp-block-latest-posts__post-title\" href=\"https:\/\/www.cocondedecoration.com\/blog\/2025\/05\/galet-decoratif-exterieur\/\">Jardin: cr\u00e9ez un parterre \u00e9l\u00e9gant avec des galets<\/a><\/li>\n<\/ul><\/div>\n\n\n\n<div class=\"wp-block-column is-layout-flow wp-block-column-is-layout-flow\">\n<p class=\"has-text-align-center has-medium-font-size\" style=\"padding-top:var(--wp--preset--spacing--40);padding-bottom:var(--wp--preset--spacing--40)\"><strong>Devenez m\u00e9c\u00e8ne du blog <\/strong><\/p>\n\n\n\n<hr class=\"wp-block-separator has-alpha-channel-opacity is-style-wide\"\/>\n\n\n\n<p style=\"padding-right:var(--wp--preset--spacing--30);padding-left:var(--wp--preset--spacing--30)\">Soutenez mon travail sur le blog et acc\u00e9dez \u00e0 des contreparties exclusives: <\/p>\n\n\n\n<ul style=\"padding-right:var(--wp--preset--spacing--40);padding-left:var(--wp--preset--spacing--40)\">\n<li>Plusieurs centaines d'articles d\u00e9co, lifestyle &amp; voyage r\u00e9serv\u00e9s aux abonn\u00e9\u2022e\u2022s <\/li>\n\n\n\n<li>Toutes les entr\u00e9es de mon side project - mon dictionnaire nomade <\/li>\n\n\n\n<li>Une publicit\u00e9 limit\u00e9e sur les articles Patreon <\/li>\n<\/ul>\n\n\n\n<div class=\"wp-block-buttons is-content-justification-center is-layout-flex wp-container-core-buttons-layout-1 wp-block-buttons-is-layout-flex\">\n<div class=\"wp-block-button\"><a class=\"wp-block-button__link wp-element-button\" href=\"https:\/\/www.patreon.com\/cocondedeco\" target=\"_blank\" rel=\"noreferrer noopener\">Soutenir le blog maintenant<\/a><\/div>\n<\/div>\n<\/div>\n<\/div>\n\n\n\n<div class=\"wp-block-image\"><figure class=\"aligncenter\"><img loading=\"lazy\" decoding=\"async\" width=\"732\" height=\"488\" src=\"http:\/\/www.cocondedecoration.com\/blog\/wp-content\/uploads\/2022\/06\/jardin-hyper-colore-exemple.jpeg\" alt=\"jardin hyper colore exemple terrasse patio d\u00e9cor mural meuble ext\u00e9rieur\" class=\"wp-image-49783\" srcset=\"https:\/\/www.cocondedecoration.com\/blog\/wp-content\/uploads\/2022\/06\/jardin-hyper-colore-exemple.jpeg 732w, https:\/\/www.cocondedecoration.com\/blog\/wp-content\/uploads\/2022\/06\/jardin-hyper-colore-exemple-260x173.jpeg 260w, https:\/\/www.cocondedecoration.com\/blog\/wp-content\/uploads\/2022\/06\/jardin-hyper-colore-exemple-640x427.jpeg 640w, https:\/\/www.cocondedecoration.com\/blog\/wp-content\/uploads\/2022\/06\/jardin-hyper-colore-exemple-465x310.jpeg 465w, https:\/\/www.cocondedecoration.com\/blog\/wp-content\/uploads\/2022\/06\/jardin-hyper-colore-exemple-695x463.jpeg 695w\" sizes=\"(max-width: 732px) 100vw, 732px\" \/><figcaption>sunset.com\n<\/figcaption><\/figure><\/div>\n\n\n\n<p style=\"text-align:right\" class=\"has-small-font-size\">Note: Cet article contient des liens affili\u00e9s. <\/p>\n","protected":false},"excerpt":{"rendered":"<p>Je pensais avoir fait le tour des diff\u00e9rentes pi\u00e8ces sous un angle hyper color\u00e9 et je me suis rendue compte que je ne vous avais pas propos\u00e9 d&rsquo;id\u00e9es pour d\u00e9corer le jardin de votre maison et cr\u00e9er un univers ext\u00e9rieur haut en couleurs. Je vais donc me rattraper aujourd&rsquo;hui. Le<span class=\"more-link\"><a href=\"https:\/\/www.cocondedecoration.com\/blog\/2022\/06\/jardin-multicolore-exemples\/\">Lire la suite<\/a><\/span><\/p>\n","protected":false},"author":1,"featured_media":49783,"comment_status":"open","ping_status":"open","sticky":false,"template":"","format":"standard","meta":{"om_disable_all_campaigns":false,"_monsterinsights_skip_tracking":false,"_monsterinsights_sitenote_active":false,"_monsterinsights_sitenote_note":"","_monsterinsights_sitenote_category":0,"_uf_show_specific_survey":0,"_uf_disable_surveys":false,"footnotes":""},"categories":[26592,8885,1720,1982],"tags":[31791,31793,31792,31794,31796,31797,31773,31812,29542,28416,28418,31811,31772,31789,31787,31788,31777,31781,31779,31800,31802,31776,31778,31780,31765,31769,31806,31804,31786,31790,31782,31784,31783,31771,31768,21814,31808,31766,31810,31809,31770,8513,31785,31767,31803,31807,31798,31805,31801,19835,31775,31774,31709,31795,31799],"aioseo_notices":[],"_links":{"self":[{"href":"https:\/\/www.cocondedecoration.com\/blog\/wp-json\/wp\/v2\/posts\/49766"}],"collection":[{"href":"https:\/\/www.cocondedecoration.com\/blog\/wp-json\/wp\/v2\/posts"}],"about":[{"href":"https:\/\/www.cocondedecoration.com\/blog\/wp-json\/wp\/v2\/types\/post"}],"author":[{"embeddable":true,"href":"https:\/\/www.cocondedecoration.com\/blog\/wp-json\/wp\/v2\/users\/1"}],"replies":[{"embeddable":true,"href":"https:\/\/www.cocondedecoration.com\/blog\/wp-json\/wp\/v2\/comments?post=49766"}],"version-history":[{"count":0,"href":"https:\/\/www.cocondedecoration.com\/blog\/wp-json\/wp\/v2\/posts\/49766\/revisions"}],"wp:featuredmedia":[{"embeddable":true,"href":"https:\/\/www.cocondedecoration.com\/blog\/wp-json\/wp\/v2\/media\/49783"}],"wp:attachment":[{"href":"https:\/\/www.cocondedecoration.com\/blog\/wp-json\/wp\/v2\/media?parent=49766"}],"wp:term":[{"taxonomy":"category","embeddable":true,"href":"https:\/\/www.cocondedecoration.com\/blog\/wp-json\/wp\/v2\/categories?post=49766"},{"taxonomy":"post_tag","embeddable":true,"href":"https:\/\/www.cocondedecoration.com\/blog\/wp-json\/wp\/v2\/tags?post=49766"}],"curies":[{"name":"wp","href":"https:\/\/api.w.org\/{rel}","templated":true}]}}