{"id":49192,"date":"2022-05-17T13:17:50","date_gmt":"2022-05-17T11:17:50","guid":{"rendered":"http:\/\/www.cocondedecoration.com\/blog\/?p=49192"},"modified":"2022-05-17T13:17:51","modified_gmt":"2022-05-17T11:17:51","slug":"architecture-interieure-inde","status":"publish","type":"post","link":"https:\/\/www.cocondedecoration.com\/blog\/2022\/05\/architecture-interieure-inde\/","title":{"rendered":"[Inspirations] 5 int\u00e9rieurs qui vous feront changer d&rsquo;avis sur l&rsquo;Inde"},"content":{"rendered":"\n<p>Je suis en Inde depuis quelques semaines maintenant (et oui, j'ai l'impression de re-vivre!). Ce pays nous \u00e9voque g\u00e9n\u00e9ralement un tas de choses. Depuis que je suis jeune ado, il me faisait r\u00eaver. Et m\u00eame apr\u00e8s plus d'un an sur place, je le trouve toujours aussi fascinant. J'aime l'Inde malgr\u00e9 les diff\u00e9rences, les foss\u00e9s au coeur de la culture. Si vous me suivez sur Instagram, vous savez que j'aime l'Inde naturelle, pas tr\u00e8s riche, authentique. Ce n'est pas la seule facette du pays. Aujourd'hui, je sors d\u00e9finitivement de mes sentiers battus. Je ne vais pas vous montrer mon quotidien haut en couleurs, en saveurs et en odeurs. Au contraire. Je vais vous faire d\u00e9couvrir 5 int\u00e9rieurs tr\u00e8s diff\u00e9rents des st\u00e9r\u00e9otypes que l'on peut voir \u00e0 la t\u00e9l\u00e9 ou lire dans un bouquin g\u00e9n\u00e9ralement \u00e0 propos de ce pays. Des int\u00e9rieurs parfois \u00e9l\u00e9gants, parfois tr\u00e8s tendance. J'esp\u00e8re que cela vous plaira! <\/p>\n\n\n\n<!--more-->\n\n\n\n<div class=\"wp-block-columns has-2-columns is-layout-flex wp-container-core-columns-layout-1 wp-block-columns-is-layout-flex\">\n<div class=\"wp-block-column is-layout-flow wp-block-column-is-layout-flow\">\n<div style=\"height:50px\" aria-hidden=\"true\" class=\"wp-block-spacer\"><\/div>\n\n\n\n<h2 class=\"wp-block-heading\">01 \u2022 Muziris Residence \u00e0 Kochi <\/h2>\n\n\n\n<p>Dans cette demeure, le designer Sreejith Pathangalil a \u00e9t\u00e9 inspir\u00e9 par la demande de son client: \"un espace qui pourrait \u00eatre leur calme dans le chaos\". Cette id\u00e9e de refuge, de point d'ancrage me parle beaucoup. La maison comme <a href=\"http:\/\/www.cocondedecoration.com\/blog\/2022\/01\/espace-bien-etre-maison\/\" target=\"_blank\" rel=\"noreferrer noopener\" aria-label=\"un espace o\u00f9 l'on se ressource (s\u2019ouvre dans un nouvel onglet)\">un espace o\u00f9 l'on se ressource<\/a>, o\u00f9 l'on retrouve le calme n\u00e9cessaire \u00e0 l'\u00e9quilibre quotidien. <\/p>\n\n\n\n<p>Ce calme se retrouve <a href=\"http:\/\/www.cocondedecoration.com\/blog\/2021\/12\/interieur-nature-biophilique\/\" target=\"_blank\" rel=\"noreferrer noopener\" aria-label=\"gr\u00e2ce \u00e0 la nature (s\u2019ouvre dans un nouvel onglet)\">gr\u00e2ce \u00e0 la nature<\/a> omnipr\u00e9sente dans le travail du designer. La nature s'invite \u00e0 l'int\u00e9rieur gr\u00e2ce \u00e0 l'association entre le b\u00e9ton et le bois  mais aussi un effacement des limites int\u00e9rieur \/ ext\u00e9rieur gr\u00e2ce \u00e0 de grandes ouvertures qui invitent la nature comme un tableau vivant qui d\u00e9core un pan de mur. Pour accentuer cette id\u00e9e de nature, on a des ouvres picturales qui font r\u00e9f\u00e9rences \u00e0 la nature (une jolie et color\u00e9e alternative aux plantes d'int\u00e9rieur). <\/p>\n\n\n\n<p>On peut noter une certaine forme de minimalisme aussi dans cette grande maison. <a rel=\"noreferrer noopener\" aria-label=\"Le minimalisme (s\u2019ouvre dans un nouvel onglet)\" href=\"http:\/\/www.cocondedecoration.com\/blog\/2021\/05\/minimalisme-petit-logement\/\" target=\"_blank\">Le minimalisme<\/a> invite au calme et il n'est <a href=\"http:\/\/www.cocondedecoration.com\/blog\/2019\/09\/minimalisme-comment-eviter-une-ambiance-trop-froide\/\" target=\"_blank\" rel=\"noreferrer noopener\" aria-label=\"plus n\u00e9cessairement froid (s\u2019ouvre dans un nouvel onglet)\">plus n\u00e9cessairement froid<\/a>. On a une id\u00e9e de moins mais mieux. Moins de babioles, mieux choisir les mat\u00e9riaux. Le verre canel\u00e9 est utilis\u00e9 pour cloisonner les espaces et cr\u00e9er de l'intimit\u00e9 entre le salon et la salle \u00e0 manger par exemple. <\/p>\n\n\n\n<p class=\"has-small-font-size\">Architectes: Silpi Architects<br>Architecte d'int\u00e9rieur \/ Designer: Dtale Decor<br>Photographies de Sabu Adithyan<br><a rel=\"noreferrer noopener\" aria-label=\"Pour en savoir plus (s\u2019ouvre dans un nouvel onglet)\" href=\"https:\/\/elledecor.in\/article\/kochi-home-with-modernism-and-nature-galore-by-silpi-architects\/\" target=\"_blank\">Pour en savoir plus<\/a> (en anglais) <\/p>\n<\/div>\n\n\n\n<div class=\"wp-block-column is-layout-flow wp-block-column-is-layout-flow\">\n<figure class=\"wp-block-image\"><img loading=\"lazy\" decoding=\"async\" width=\"640\" height=\"960\" src=\"http:\/\/www.cocondedecoration.com\/blog\/wp-content\/uploads\/2022\/05\/interieur-elegant-et-vintage-exemple-1-640x960.jpeg\" alt=\"\" class=\"wp-image-49193\" srcset=\"https:\/\/www.cocondedecoration.com\/blog\/wp-content\/uploads\/2022\/05\/interieur-elegant-et-vintage-exemple-1-640x960.jpeg 640w, https:\/\/www.cocondedecoration.com\/blog\/wp-content\/uploads\/2022\/05\/interieur-elegant-et-vintage-exemple-1-260x390.jpeg 260w, https:\/\/www.cocondedecoration.com\/blog\/wp-content\/uploads\/2022\/05\/interieur-elegant-et-vintage-exemple-1-768x1152.jpeg 768w, https:\/\/www.cocondedecoration.com\/blog\/wp-content\/uploads\/2022\/05\/interieur-elegant-et-vintage-exemple-1-367x550.jpeg 367w, https:\/\/www.cocondedecoration.com\/blog\/wp-content\/uploads\/2022\/05\/interieur-elegant-et-vintage-exemple-1-333x500.jpeg 333w, https:\/\/www.cocondedecoration.com\/blog\/wp-content\/uploads\/2022\/05\/interieur-elegant-et-vintage-exemple-1.jpeg 1000w\" sizes=\"(max-width: 640px) 100vw, 640px\" \/><\/figure>\n<\/div>\n<\/div>\n\n\n\n<div class=\"wp-block-image\"><figure class=\"aligncenter\"><img decoding=\"async\" src=\"https:\/\/www.awin1.com\/cshow.php?s=2111428&amp;v=6968&amp;q=391886&amp;r=324003\" alt=\"\"\/><\/figure><\/div>\n\n\n\n<ul class=\"wp-block-gallery columns-2 is-cropped wp-block-gallery-1 is-layout-flex wp-block-gallery-is-layout-flex\"><li class=\"blocks-gallery-item\"><figure><img loading=\"lazy\" decoding=\"async\" width=\"640\" height=\"960\" src=\"http:\/\/www.cocondedecoration.com\/blog\/wp-content\/uploads\/2022\/05\/interieur-elegant-et-vintage-exemple-2-640x960.jpeg\" alt=\"\" data-id=\"49194\" data-link=\"http:\/\/www.cocondedecoration.com\/blog\/?attachment_id=49194\" class=\"wp-image-49194\" srcset=\"https:\/\/www.cocondedecoration.com\/blog\/wp-content\/uploads\/2022\/05\/interieur-elegant-et-vintage-exemple-2-640x960.jpeg 640w, https:\/\/www.cocondedecoration.com\/blog\/wp-content\/uploads\/2022\/05\/interieur-elegant-et-vintage-exemple-2-260x390.jpeg 260w, https:\/\/www.cocondedecoration.com\/blog\/wp-content\/uploads\/2022\/05\/interieur-elegant-et-vintage-exemple-2-768x1152.jpeg 768w, https:\/\/www.cocondedecoration.com\/blog\/wp-content\/uploads\/2022\/05\/interieur-elegant-et-vintage-exemple-2-367x550.jpeg 367w, https:\/\/www.cocondedecoration.com\/blog\/wp-content\/uploads\/2022\/05\/interieur-elegant-et-vintage-exemple-2-333x500.jpeg 333w, https:\/\/www.cocondedecoration.com\/blog\/wp-content\/uploads\/2022\/05\/interieur-elegant-et-vintage-exemple-2.jpeg 1000w\" sizes=\"(max-width: 640px) 100vw, 640px\" \/><\/figure><\/li><li class=\"blocks-gallery-item\"><figure><img loading=\"lazy\" decoding=\"async\" width=\"640\" height=\"960\" src=\"http:\/\/www.cocondedecoration.com\/blog\/wp-content\/uploads\/2022\/05\/interieur-elegant-et-vintage-exemple-3-640x960.jpeg\" alt=\"\" data-id=\"49195\" data-link=\"http:\/\/www.cocondedecoration.com\/blog\/?attachment_id=49195\" class=\"wp-image-49195\" srcset=\"https:\/\/www.cocondedecoration.com\/blog\/wp-content\/uploads\/2022\/05\/interieur-elegant-et-vintage-exemple-3-640x960.jpeg 640w, https:\/\/www.cocondedecoration.com\/blog\/wp-content\/uploads\/2022\/05\/interieur-elegant-et-vintage-exemple-3-260x390.jpeg 260w, https:\/\/www.cocondedecoration.com\/blog\/wp-content\/uploads\/2022\/05\/interieur-elegant-et-vintage-exemple-3-768x1152.jpeg 768w, https:\/\/www.cocondedecoration.com\/blog\/wp-content\/uploads\/2022\/05\/interieur-elegant-et-vintage-exemple-3-367x550.jpeg 367w, https:\/\/www.cocondedecoration.com\/blog\/wp-content\/uploads\/2022\/05\/interieur-elegant-et-vintage-exemple-3-333x500.jpeg 333w, https:\/\/www.cocondedecoration.com\/blog\/wp-content\/uploads\/2022\/05\/interieur-elegant-et-vintage-exemple-3.jpeg 1000w\" sizes=\"(max-width: 640px) 100vw, 640px\" \/><\/figure><\/li><li class=\"blocks-gallery-item\"><figure><img loading=\"lazy\" decoding=\"async\" width=\"640\" height=\"960\" src=\"http:\/\/www.cocondedecoration.com\/blog\/wp-content\/uploads\/2022\/05\/interieur-elegant-et-vintage-exemple-4-640x960.jpeg\" alt=\"\" data-id=\"49196\" data-link=\"http:\/\/www.cocondedecoration.com\/blog\/?attachment_id=49196\" class=\"wp-image-49196\" srcset=\"https:\/\/www.cocondedecoration.com\/blog\/wp-content\/uploads\/2022\/05\/interieur-elegant-et-vintage-exemple-4-640x960.jpeg 640w, https:\/\/www.cocondedecoration.com\/blog\/wp-content\/uploads\/2022\/05\/interieur-elegant-et-vintage-exemple-4-260x390.jpeg 260w, https:\/\/www.cocondedecoration.com\/blog\/wp-content\/uploads\/2022\/05\/interieur-elegant-et-vintage-exemple-4-768x1152.jpeg 768w, https:\/\/www.cocondedecoration.com\/blog\/wp-content\/uploads\/2022\/05\/interieur-elegant-et-vintage-exemple-4-367x550.jpeg 367w, https:\/\/www.cocondedecoration.com\/blog\/wp-content\/uploads\/2022\/05\/interieur-elegant-et-vintage-exemple-4-333x500.jpeg 333w, https:\/\/www.cocondedecoration.com\/blog\/wp-content\/uploads\/2022\/05\/interieur-elegant-et-vintage-exemple-4.jpeg 1000w\" sizes=\"(max-width: 640px) 100vw, 640px\" \/><\/figure><\/li><li class=\"blocks-gallery-item\"><figure><img loading=\"lazy\" decoding=\"async\" width=\"640\" height=\"960\" src=\"http:\/\/www.cocondedecoration.com\/blog\/wp-content\/uploads\/2022\/05\/interieur-elegant-et-vintage-exemple-5-640x960.jpeg\" alt=\"\" data-id=\"49197\" data-link=\"http:\/\/www.cocondedecoration.com\/blog\/?attachment_id=49197\" class=\"wp-image-49197\" srcset=\"https:\/\/www.cocondedecoration.com\/blog\/wp-content\/uploads\/2022\/05\/interieur-elegant-et-vintage-exemple-5-640x960.jpeg 640w, https:\/\/www.cocondedecoration.com\/blog\/wp-content\/uploads\/2022\/05\/interieur-elegant-et-vintage-exemple-5-260x390.jpeg 260w, https:\/\/www.cocondedecoration.com\/blog\/wp-content\/uploads\/2022\/05\/interieur-elegant-et-vintage-exemple-5-768x1152.jpeg 768w, https:\/\/www.cocondedecoration.com\/blog\/wp-content\/uploads\/2022\/05\/interieur-elegant-et-vintage-exemple-5-367x550.jpeg 367w, https:\/\/www.cocondedecoration.com\/blog\/wp-content\/uploads\/2022\/05\/interieur-elegant-et-vintage-exemple-5-333x500.jpeg 333w, https:\/\/www.cocondedecoration.com\/blog\/wp-content\/uploads\/2022\/05\/interieur-elegant-et-vintage-exemple-5.jpeg 1000w\" sizes=\"(max-width: 640px) 100vw, 640px\" \/><\/figure><\/li><\/ul>\n\n\n\n<div style=\"height:100px\" aria-hidden=\"true\" class=\"wp-block-spacer\"><\/div>\n\n\n\n<div class=\"wp-block-columns has-2-columns is-layout-flex wp-container-core-columns-layout-2 wp-block-columns-is-layout-flex\">\n<div class=\"wp-block-column is-layout-flow wp-block-column-is-layout-flow\">\n<div style=\"height:50px\" aria-hidden=\"true\" class=\"wp-block-spacer\"><\/div>\n\n\n\n<figure class=\"wp-block-image\"><img loading=\"lazy\" decoding=\"async\" width=\"640\" height=\"960\" src=\"http:\/\/www.cocondedecoration.com\/blog\/wp-content\/uploads\/2022\/05\/interieur-eclectique-voyage-inde-1-640x960.jpeg\" alt=\"interieur eclectique voyage inde coin repas petite table bois biblioth\u00e8que noire\" class=\"wp-image-49199\" srcset=\"https:\/\/www.cocondedecoration.com\/blog\/wp-content\/uploads\/2022\/05\/interieur-eclectique-voyage-inde-1-640x960.jpeg 640w, https:\/\/www.cocondedecoration.com\/blog\/wp-content\/uploads\/2022\/05\/interieur-eclectique-voyage-inde-1-260x390.jpeg 260w, https:\/\/www.cocondedecoration.com\/blog\/wp-content\/uploads\/2022\/05\/interieur-eclectique-voyage-inde-1-768x1152.jpeg 768w, https:\/\/www.cocondedecoration.com\/blog\/wp-content\/uploads\/2022\/05\/interieur-eclectique-voyage-inde-1-367x550.jpeg 367w, https:\/\/www.cocondedecoration.com\/blog\/wp-content\/uploads\/2022\/05\/interieur-eclectique-voyage-inde-1-333x500.jpeg 333w, https:\/\/www.cocondedecoration.com\/blog\/wp-content\/uploads\/2022\/05\/interieur-eclectique-voyage-inde-1.jpeg 1000w\" sizes=\"(max-width: 640px) 100vw, 640px\" \/><\/figure>\n<\/div>\n\n\n\n<div class=\"wp-block-column is-layout-flow wp-block-column-is-layout-flow\">\n<h2 class=\"wp-block-heading\">02 \u2022 M\u00e9lange de vintage &amp; de modernit\u00e9 \u00e0 Mumbai <\/h2>\n\n\n\n<p>On reste sur la c\u00f4te ouest de l'Inde mais on change d'atmosph\u00e8re avec la maison de Godrej Vikhroli situ\u00e9e \u00e0 Bombay. Le propri\u00e9taire a travaill\u00e9 les diff\u00e9rentes dimensions temporelles: <a href=\"http:\/\/www.cocondedecoration.com\/blog\/category\/tendances-deco\/style-deco-vintage\/\" target=\"_blank\" rel=\"noreferrer noopener\" aria-label=\"le pass\u00e9 (s\u2019ouvre dans un nouvel onglet)\">le pass\u00e9<\/a>, le pr\u00e9sent et l'avenir, afin d'am\u00e9nager et d\u00e9corer son int\u00e9rieur. <\/p>\n\n\n\n<p>Cet int\u00e9rieur est compos\u00e9 de plusieurs couches: Pour le pass\u00e9, ce sont des objets chin\u00e9s, des objets qui font r\u00e9f\u00e9rences \u00e0 son enfance et \u00e0 la maison \/ cabinet de m\u00e9decin de son grand-p\u00e8re. Pour la sph\u00e8re qui se conjugue au pr\u00e9sent, le propri\u00e9taire a gard\u00e9 en t\u00eate la ville o\u00f9 il se trouve avec <a href=\"http:\/\/www.cocondedecoration.com\/blog\/2017\/05\/quelques-jours-a-bombay\/\" target=\"_blank\" rel=\"noreferrer noopener\" aria-label=\"un h\u00e9ritage architectural (s\u2019ouvre dans un nouvel onglet)\">un h\u00e9ritage architectural<\/a> mais aussi culturel (Bollywood). Il a aussi pris en compte ce qu'il aime \u00e0 l'instant T comme recevoir des amis. Pour le futur, le propri\u00e9taire a une citation int\u00e9ressante (du moins qui m'interpelle): \"J'ai fait 3 sauts \u00e0 travers le temps - ce que je voulais apporter de mon pass\u00e9, comment je voulais vivre dans le pr\u00e9sent et mes aspirations pour l'avenir pr\u00e9visible.\" Un avenir pr\u00e9visible... C'est un sujet qui pourrait faire partie du programme de philo ou encore d'une (ou bien plus) s\u00e9ance de m\u00e9ditation. <\/p>\n\n\n\n<p>En plus de voyager dans le temps, on voyage aussi dans l'espace. Ce collectionneur fait souvent r\u00e9f\u00e9rence au Japon par exemple. Au dessus du lit, on trouve l'\u0153uvre d'art Kabuki de \"The Samurai\", la table est une b\u00fbche en ch\u00eane qui a \u00e9t\u00e9 combl\u00e9e et sublim\u00e9e avec du laiton en suivant la technique du Kintsugi.<\/p>\n\n\n\n<p class=\"has-small-font-size\">Propri\u00e9taire, architecte, designer: Godrej Vikhroli <br>Photographies: Manoj Jadhav<br><a href=\"https:\/\/elledecor.in\/article\/mumbai-home-of-godrej-vikhroli-ceo-anubhav-gupta-coalesces-vintage-with-modern\/\" target=\"_blank\" rel=\"noreferrer noopener\" aria-label=\"Pour en savoir plus (s\u2019ouvre dans un nouvel onglet)\">Pour en savoir plus<\/a> (en anglais) <\/p>\n<\/div>\n<\/div>\n\n\n\n<ul class=\"wp-block-gallery columns-2 is-cropped wp-block-gallery-2 is-layout-flex wp-block-gallery-is-layout-flex\"><li class=\"blocks-gallery-item\"><figure><img loading=\"lazy\" decoding=\"async\" width=\"640\" height=\"960\" src=\"http:\/\/www.cocondedecoration.com\/blog\/wp-content\/uploads\/2022\/05\/interieur-eclectique-voyage-inde-2-640x960.jpeg\" alt=\"interieur eclectique voyage inde chambre \u00e0 coucher parentale \u00e9l\u00e9gante kimono encadr\u00e9 sou verre boutis orange\" data-id=\"49200\" data-link=\"http:\/\/www.cocondedecoration.com\/blog\/?attachment_id=49200\" class=\"wp-image-49200\" srcset=\"https:\/\/www.cocondedecoration.com\/blog\/wp-content\/uploads\/2022\/05\/interieur-eclectique-voyage-inde-2-640x960.jpeg 640w, https:\/\/www.cocondedecoration.com\/blog\/wp-content\/uploads\/2022\/05\/interieur-eclectique-voyage-inde-2-260x390.jpeg 260w, https:\/\/www.cocondedecoration.com\/blog\/wp-content\/uploads\/2022\/05\/interieur-eclectique-voyage-inde-2-768x1152.jpeg 768w, https:\/\/www.cocondedecoration.com\/blog\/wp-content\/uploads\/2022\/05\/interieur-eclectique-voyage-inde-2-367x550.jpeg 367w, https:\/\/www.cocondedecoration.com\/blog\/wp-content\/uploads\/2022\/05\/interieur-eclectique-voyage-inde-2-333x500.jpeg 333w, https:\/\/www.cocondedecoration.com\/blog\/wp-content\/uploads\/2022\/05\/interieur-eclectique-voyage-inde-2.jpeg 1000w\" sizes=\"(max-width: 640px) 100vw, 640px\" \/><\/figure><\/li><li class=\"blocks-gallery-item\"><figure><img loading=\"lazy\" decoding=\"async\" width=\"640\" height=\"960\" src=\"http:\/\/www.cocondedecoration.com\/blog\/wp-content\/uploads\/2022\/05\/interieur-eclectique-voyage-inde-3-640x960.jpeg\" alt=\"interieur eclectique voyage inde salon s\u00e9jour canap\u00e9 gris tableau bleu touche de couleur\" data-id=\"49201\" data-link=\"http:\/\/www.cocondedecoration.com\/blog\/?attachment_id=49201\" class=\"wp-image-49201\" srcset=\"https:\/\/www.cocondedecoration.com\/blog\/wp-content\/uploads\/2022\/05\/interieur-eclectique-voyage-inde-3-640x960.jpeg 640w, https:\/\/www.cocondedecoration.com\/blog\/wp-content\/uploads\/2022\/05\/interieur-eclectique-voyage-inde-3-260x390.jpeg 260w, https:\/\/www.cocondedecoration.com\/blog\/wp-content\/uploads\/2022\/05\/interieur-eclectique-voyage-inde-3-768x1152.jpeg 768w, https:\/\/www.cocondedecoration.com\/blog\/wp-content\/uploads\/2022\/05\/interieur-eclectique-voyage-inde-3-367x550.jpeg 367w, https:\/\/www.cocondedecoration.com\/blog\/wp-content\/uploads\/2022\/05\/interieur-eclectique-voyage-inde-3-333x500.jpeg 333w, https:\/\/www.cocondedecoration.com\/blog\/wp-content\/uploads\/2022\/05\/interieur-eclectique-voyage-inde-3.jpeg 1000w\" sizes=\"(max-width: 640px) 100vw, 640px\" \/><\/figure><\/li><li class=\"blocks-gallery-item\"><figure><img loading=\"lazy\" decoding=\"async\" width=\"640\" height=\"960\" src=\"http:\/\/www.cocondedecoration.com\/blog\/wp-content\/uploads\/2022\/05\/interieur-eclectique-voyage-inde-4-640x960.jpeg\" alt=\"interieur eclectique voyage inde cuisine rev\u00eatement bois\" data-id=\"49202\" data-link=\"http:\/\/www.cocondedecoration.com\/blog\/?attachment_id=49202\" class=\"wp-image-49202\" srcset=\"https:\/\/www.cocondedecoration.com\/blog\/wp-content\/uploads\/2022\/05\/interieur-eclectique-voyage-inde-4-640x960.jpeg 640w, https:\/\/www.cocondedecoration.com\/blog\/wp-content\/uploads\/2022\/05\/interieur-eclectique-voyage-inde-4-260x390.jpeg 260w, https:\/\/www.cocondedecoration.com\/blog\/wp-content\/uploads\/2022\/05\/interieur-eclectique-voyage-inde-4-768x1152.jpeg 768w, https:\/\/www.cocondedecoration.com\/blog\/wp-content\/uploads\/2022\/05\/interieur-eclectique-voyage-inde-4-367x550.jpeg 367w, https:\/\/www.cocondedecoration.com\/blog\/wp-content\/uploads\/2022\/05\/interieur-eclectique-voyage-inde-4-333x500.jpeg 333w, https:\/\/www.cocondedecoration.com\/blog\/wp-content\/uploads\/2022\/05\/interieur-eclectique-voyage-inde-4.jpeg 1000w\" sizes=\"(max-width: 640px) 100vw, 640px\" \/><\/figure><\/li><li class=\"blocks-gallery-item\"><figure><img loading=\"lazy\" decoding=\"async\" width=\"640\" height=\"960\" src=\"http:\/\/www.cocondedecoration.com\/blog\/wp-content\/uploads\/2022\/05\/interieur-eclectique-voyage-inde-5-640x960.jpeg\" alt=\"interieur eclectique voyage inde inspiration bar multitude objet beaucoup de personnalit\u00e9\" data-id=\"49203\" data-link=\"http:\/\/www.cocondedecoration.com\/blog\/?attachment_id=49203\" class=\"wp-image-49203\" srcset=\"https:\/\/www.cocondedecoration.com\/blog\/wp-content\/uploads\/2022\/05\/interieur-eclectique-voyage-inde-5-640x960.jpeg 640w, https:\/\/www.cocondedecoration.com\/blog\/wp-content\/uploads\/2022\/05\/interieur-eclectique-voyage-inde-5-260x390.jpeg 260w, https:\/\/www.cocondedecoration.com\/blog\/wp-content\/uploads\/2022\/05\/interieur-eclectique-voyage-inde-5-768x1152.jpeg 768w, https:\/\/www.cocondedecoration.com\/blog\/wp-content\/uploads\/2022\/05\/interieur-eclectique-voyage-inde-5-367x550.jpeg 367w, https:\/\/www.cocondedecoration.com\/blog\/wp-content\/uploads\/2022\/05\/interieur-eclectique-voyage-inde-5-333x500.jpeg 333w, https:\/\/www.cocondedecoration.com\/blog\/wp-content\/uploads\/2022\/05\/interieur-eclectique-voyage-inde-5.jpeg 1000w\" sizes=\"(max-width: 640px) 100vw, 640px\" \/><\/figure><\/li><\/ul>\n\n\n\n<div style=\"height:100px\" aria-hidden=\"true\" class=\"wp-block-spacer\"><\/div>\n\n\n\n<div class=\"wp-block-columns has-2-columns is-layout-flex wp-container-core-columns-layout-3 wp-block-columns-is-layout-flex\">\n<div class=\"wp-block-column is-layout-flow wp-block-column-is-layout-flow\">\n<h2 class=\"wp-block-heading\">03 \u2022 Tendance: Casa Bohemia \u00e0 Mumbai <\/h2>\n\n\n\n<p>On reste dans cette immense ville qu'est Mumbai mais on se retrouve dans un univers tr\u00e8s diff\u00e9rent des pr\u00e9c\u00e9dents. Ici on retrouve les id\u00e9es de luxe, de fantaisie, d'\u00e9l\u00e9gance, de d\u00e9pareill\u00e9 mais surtout de vivant. Cet int\u00e9rieur boh\u00e8me reprend les grandes tendances contemporaines. On a l<a href=\"http:\/\/www.cocondedecoration.com\/blog\/category\/decorer-avec-du-cannage-et-rotin\/\" target=\"_blank\" rel=\"noreferrer noopener\" aria-label=\"e rotin comme fil conducteur (s\u2019ouvre dans un nouvel onglet)\">e rotin comme fil conducteur<\/a> entre chaque pi\u00e8ce, mais aussi du macram\u00e9, une fresque murale et plus encore. <\/p>\n\n\n\n<p>Ce qui m'a frapp\u00e9 dans ce logement familial c'est <a rel=\"noreferrer noopener\" aria-label=\"l'utilisation de l'arrondi (s\u2019ouvre dans un nouvel onglet)\" href=\"http:\/\/www.cocondedecoration.com\/blog\/2021\/12\/tendance-courbe-decoration\/\" target=\"_blank\">l'utilisation de l'arrondi<\/a>. Dans la salle \u00e0 manger, il y a une table ronde, un tapis rond mais surtout un grand espace de rangement concave qui encercle et structure l'espace repas. On retrouve m\u00eame de l'arrondi sur les chaises design autour de la table (avec une touche de fantaisie gr\u00e2ce \u00e0 la couleur). Cette id\u00e9e d'arrondi se retranscrit aussi avec <a href=\"http:\/\/www.cocondedecoration.com\/blog\/2022\/04\/arche-architecture-interieure\/\" target=\"_blank\" rel=\"noreferrer noopener\" aria-label=\"les arches et portes cintr\u00e9es (s\u2019ouvre dans un nouvel onglet)\">les arches et portes cintr\u00e9es<\/a> qui desservent les diff\u00e9rentes pi\u00e8ces du logement ou qui mettent en valeur diff\u00e9rents espaces dans une m\u00eame pi\u00e8ce.  <\/p>\n\n\n\n<p>Toujours dans l'id\u00e9e de modernit\u00e9, on peut parler de couleur. Jusqu'\u00e0 pr\u00e9sent dans cet article, j'en ai tr\u00e8s peu parl\u00e9. Et ici, on a du <a href=\"http:\/\/www.cocondedecoration.com\/blog\/2020\/08\/couleur-5-idees-recues-sur-la-couleur-terracotta\/\" target=\"_blank\" rel=\"noreferrer noopener\" aria-label=\"rouille \/ terracotta (s\u2019ouvre dans un nouvel onglet)\">rouille \/ terracotta<\/a>, couleur chaude et organique qui enveloppe et qui apporte douceur et dynamisme en m\u00eame temps. On a aussi des couleurs plus franches comme le jaune ou le bleu qui tranchent et qui apportent un souffle de vie. <\/p>\n\n\n\n<p>Et puis, <a href=\"http:\/\/www.cocondedecoration.com\/blog\/category\/decoration-plantes\/\" target=\"_blank\" rel=\"noreferrer noopener\" aria-label=\"des plantes (s\u2019ouvre dans un nouvel onglet)\">des plantes<\/a>. Si vous suivez le blog, vous savez que ces quelque chose que j'affectionne beaucoup. Elles aussi contribuent \u00e0 cet int\u00e9rieur vivant. <\/p>\n\n\n\n<p class=\"has-small-font-size\">Designers: Rahul Mistri d'Open Atelier Mumbai<br>Photographies: Prashant Bhat<br><a href=\"https:\/\/elledecor.in\/article\/mumbai-home-by-open-atelier-bohemian-aesthetic\/\" target=\"_blank\" rel=\"noreferrer noopener\" aria-label=\"Pour en savoir plus (s\u2019ouvre dans un nouvel onglet)\">Pour en savoir plus<\/a> (en anglais toujours) <\/p>\n<\/div>\n\n\n\n<div class=\"wp-block-column is-layout-flow wp-block-column-is-layout-flow\">\n<div style=\"height:50px\" aria-hidden=\"true\" class=\"wp-block-spacer\"><\/div>\n\n\n\n<figure class=\"wp-block-image\"><img loading=\"lazy\" decoding=\"async\" width=\"640\" height=\"960\" src=\"http:\/\/www.cocondedecoration.com\/blog\/wp-content\/uploads\/2022\/05\/interieur-tendance-exemple-arrondi-arche-couleur-1-640x960.jpeg\" alt=\"interieur tendance exemple arrondi arche couleur soubassement chambre \u00e0 coucher couleur terracotta t\u00eate de lit design en cannage\" class=\"wp-image-49204\" srcset=\"https:\/\/www.cocondedecoration.com\/blog\/wp-content\/uploads\/2022\/05\/interieur-tendance-exemple-arrondi-arche-couleur-1-640x960.jpeg 640w, https:\/\/www.cocondedecoration.com\/blog\/wp-content\/uploads\/2022\/05\/interieur-tendance-exemple-arrondi-arche-couleur-1-260x390.jpeg 260w, https:\/\/www.cocondedecoration.com\/blog\/wp-content\/uploads\/2022\/05\/interieur-tendance-exemple-arrondi-arche-couleur-1-768x1152.jpeg 768w, https:\/\/www.cocondedecoration.com\/blog\/wp-content\/uploads\/2022\/05\/interieur-tendance-exemple-arrondi-arche-couleur-1-367x550.jpeg 367w, https:\/\/www.cocondedecoration.com\/blog\/wp-content\/uploads\/2022\/05\/interieur-tendance-exemple-arrondi-arche-couleur-1-333x500.jpeg 333w, https:\/\/www.cocondedecoration.com\/blog\/wp-content\/uploads\/2022\/05\/interieur-tendance-exemple-arrondi-arche-couleur-1.jpeg 1000w\" sizes=\"(max-width: 640px) 100vw, 640px\" \/><\/figure>\n<\/div>\n<\/div>\n\n\n\n<div class=\"wp-block-image\"><figure class=\"aligncenter\"><img decoding=\"async\" src=\"https:\/\/track.effiliation.com\/servlet\/effi.show?id_compteur=22630745\" alt=\"pub\"\/><\/figure><\/div>\n\n\n\n<ul class=\"wp-block-gallery columns-2 is-cropped wp-block-gallery-3 is-layout-flex wp-block-gallery-is-layout-flex\"><li class=\"blocks-gallery-item\"><figure><img loading=\"lazy\" decoding=\"async\" width=\"640\" height=\"960\" src=\"http:\/\/www.cocondedecoration.com\/blog\/wp-content\/uploads\/2022\/05\/interieur-tendance-exemple-arrondi-arche-couleur-2-640x960.jpeg\" alt=\"interieur tendance exemple arrondi arche couleur arche porte passage salle de bain encadrement terracotta\" data-id=\"49205\" data-link=\"http:\/\/www.cocondedecoration.com\/blog\/?attachment_id=49205\" class=\"wp-image-49205\" srcset=\"https:\/\/www.cocondedecoration.com\/blog\/wp-content\/uploads\/2022\/05\/interieur-tendance-exemple-arrondi-arche-couleur-2-640x960.jpeg 640w, https:\/\/www.cocondedecoration.com\/blog\/wp-content\/uploads\/2022\/05\/interieur-tendance-exemple-arrondi-arche-couleur-2-260x390.jpeg 260w, https:\/\/www.cocondedecoration.com\/blog\/wp-content\/uploads\/2022\/05\/interieur-tendance-exemple-arrondi-arche-couleur-2-768x1152.jpeg 768w, https:\/\/www.cocondedecoration.com\/blog\/wp-content\/uploads\/2022\/05\/interieur-tendance-exemple-arrondi-arche-couleur-2-367x550.jpeg 367w, https:\/\/www.cocondedecoration.com\/blog\/wp-content\/uploads\/2022\/05\/interieur-tendance-exemple-arrondi-arche-couleur-2-333x500.jpeg 333w, https:\/\/www.cocondedecoration.com\/blog\/wp-content\/uploads\/2022\/05\/interieur-tendance-exemple-arrondi-arche-couleur-2.jpeg 1000w\" sizes=\"(max-width: 640px) 100vw, 640px\" \/><\/figure><\/li><li class=\"blocks-gallery-item\"><figure><img loading=\"lazy\" decoding=\"async\" width=\"640\" height=\"960\" src=\"http:\/\/www.cocondedecoration.com\/blog\/wp-content\/uploads\/2022\/05\/interieur-tendance-exemple-arrondi-arche-couleur-4-640x960.jpeg\" alt=\"interieur tendance exemple arrondi arche couleur coin salon angle pi\u00e8ce arche murale d\u00e9coupe moderne plantes vertes fauteuil design bleu p\u00e9trole\" data-id=\"49207\" data-link=\"http:\/\/www.cocondedecoration.com\/blog\/?attachment_id=49207\" class=\"wp-image-49207\" srcset=\"https:\/\/www.cocondedecoration.com\/blog\/wp-content\/uploads\/2022\/05\/interieur-tendance-exemple-arrondi-arche-couleur-4-640x960.jpeg 640w, https:\/\/www.cocondedecoration.com\/blog\/wp-content\/uploads\/2022\/05\/interieur-tendance-exemple-arrondi-arche-couleur-4-260x390.jpeg 260w, https:\/\/www.cocondedecoration.com\/blog\/wp-content\/uploads\/2022\/05\/interieur-tendance-exemple-arrondi-arche-couleur-4-768x1152.jpeg 768w, https:\/\/www.cocondedecoration.com\/blog\/wp-content\/uploads\/2022\/05\/interieur-tendance-exemple-arrondi-arche-couleur-4-367x550.jpeg 367w, https:\/\/www.cocondedecoration.com\/blog\/wp-content\/uploads\/2022\/05\/interieur-tendance-exemple-arrondi-arche-couleur-4-333x500.jpeg 333w, https:\/\/www.cocondedecoration.com\/blog\/wp-content\/uploads\/2022\/05\/interieur-tendance-exemple-arrondi-arche-couleur-4.jpeg 1000w\" sizes=\"(max-width: 640px) 100vw, 640px\" \/><\/figure><\/li><li class=\"blocks-gallery-item\"><figure><img loading=\"lazy\" decoding=\"async\" width=\"640\" height=\"960\" src=\"http:\/\/www.cocondedecoration.com\/blog\/wp-content\/uploads\/2022\/05\/interieur-tendance-exemple-arrondi-arche-couleur-5-640x960.jpeg\" alt=\"interieur tendance exemple arrondi arche couleur espace salle \u00e0 manger porte en cannage placard table ronde chaise color\u00e9e\" data-id=\"49208\" data-link=\"http:\/\/www.cocondedecoration.com\/blog\/?attachment_id=49208\" class=\"wp-image-49208\" srcset=\"https:\/\/www.cocondedecoration.com\/blog\/wp-content\/uploads\/2022\/05\/interieur-tendance-exemple-arrondi-arche-couleur-5-640x960.jpeg 640w, https:\/\/www.cocondedecoration.com\/blog\/wp-content\/uploads\/2022\/05\/interieur-tendance-exemple-arrondi-arche-couleur-5-260x390.jpeg 260w, https:\/\/www.cocondedecoration.com\/blog\/wp-content\/uploads\/2022\/05\/interieur-tendance-exemple-arrondi-arche-couleur-5-768x1152.jpeg 768w, https:\/\/www.cocondedecoration.com\/blog\/wp-content\/uploads\/2022\/05\/interieur-tendance-exemple-arrondi-arche-couleur-5-367x550.jpeg 367w, https:\/\/www.cocondedecoration.com\/blog\/wp-content\/uploads\/2022\/05\/interieur-tendance-exemple-arrondi-arche-couleur-5-333x500.jpeg 333w, https:\/\/www.cocondedecoration.com\/blog\/wp-content\/uploads\/2022\/05\/interieur-tendance-exemple-arrondi-arche-couleur-5.jpeg 1000w\" sizes=\"(max-width: 640px) 100vw, 640px\" \/><\/figure><\/li><li class=\"blocks-gallery-item\"><figure><img loading=\"lazy\" decoding=\"async\" width=\"640\" height=\"960\" src=\"http:\/\/www.cocondedecoration.com\/blog\/wp-content\/uploads\/2022\/05\/interieur-tendance-exemple-arrondi-arche-couleur-6-640x960.jpeg\" alt=\"interieur tendance exemple arrondi arche couleur salon boh\u00e8me papier peint panoramique banquette coussin \u00e9cru\" data-id=\"49209\" data-link=\"http:\/\/www.cocondedecoration.com\/blog\/?attachment_id=49209\" class=\"wp-image-49209\" srcset=\"https:\/\/www.cocondedecoration.com\/blog\/wp-content\/uploads\/2022\/05\/interieur-tendance-exemple-arrondi-arche-couleur-6-640x960.jpeg 640w, https:\/\/www.cocondedecoration.com\/blog\/wp-content\/uploads\/2022\/05\/interieur-tendance-exemple-arrondi-arche-couleur-6-260x390.jpeg 260w, https:\/\/www.cocondedecoration.com\/blog\/wp-content\/uploads\/2022\/05\/interieur-tendance-exemple-arrondi-arche-couleur-6-768x1152.jpeg 768w, https:\/\/www.cocondedecoration.com\/blog\/wp-content\/uploads\/2022\/05\/interieur-tendance-exemple-arrondi-arche-couleur-6-367x550.jpeg 367w, https:\/\/www.cocondedecoration.com\/blog\/wp-content\/uploads\/2022\/05\/interieur-tendance-exemple-arrondi-arche-couleur-6-333x500.jpeg 333w, https:\/\/www.cocondedecoration.com\/blog\/wp-content\/uploads\/2022\/05\/interieur-tendance-exemple-arrondi-arche-couleur-6.jpeg 1000w\" sizes=\"(max-width: 640px) 100vw, 640px\" \/><\/figure><\/li><li class=\"blocks-gallery-item\"><figure><img loading=\"lazy\" decoding=\"async\" width=\"640\" height=\"960\" src=\"http:\/\/www.cocondedecoration.com\/blog\/wp-content\/uploads\/2022\/05\/interieur-tendance-exemple-arrondi-arche-couleur-3-640x960.jpeg\" alt=\"interieur tendance exemple arrondi arche couleur salle de bain cabinet de toilettes arches effet visuel noir et blanc original\" data-id=\"49206\" data-link=\"http:\/\/www.cocondedecoration.com\/blog\/?attachment_id=49206\" class=\"wp-image-49206\" srcset=\"https:\/\/www.cocondedecoration.com\/blog\/wp-content\/uploads\/2022\/05\/interieur-tendance-exemple-arrondi-arche-couleur-3-640x960.jpeg 640w, https:\/\/www.cocondedecoration.com\/blog\/wp-content\/uploads\/2022\/05\/interieur-tendance-exemple-arrondi-arche-couleur-3-260x390.jpeg 260w, https:\/\/www.cocondedecoration.com\/blog\/wp-content\/uploads\/2022\/05\/interieur-tendance-exemple-arrondi-arche-couleur-3-768x1152.jpeg 768w, https:\/\/www.cocondedecoration.com\/blog\/wp-content\/uploads\/2022\/05\/interieur-tendance-exemple-arrondi-arche-couleur-3-367x550.jpeg 367w, https:\/\/www.cocondedecoration.com\/blog\/wp-content\/uploads\/2022\/05\/interieur-tendance-exemple-arrondi-arche-couleur-3-333x500.jpeg 333w, https:\/\/www.cocondedecoration.com\/blog\/wp-content\/uploads\/2022\/05\/interieur-tendance-exemple-arrondi-arche-couleur-3.jpeg 1000w\" sizes=\"(max-width: 640px) 100vw, 640px\" \/><\/figure><\/li><li class=\"blocks-gallery-item\"><figure><img loading=\"lazy\" decoding=\"async\" width=\"640\" height=\"960\" src=\"http:\/\/www.cocondedecoration.com\/blog\/wp-content\/uploads\/2022\/05\/interieur-tendance-exemple-arrondi-arche-couleur-7-640x960.jpeg\" alt=\"interieur tendance exemple arrondi arche couleur chambre enfant rev\u00eatement mural textur\u00e9 bleu\" data-id=\"49210\" data-link=\"http:\/\/www.cocondedecoration.com\/blog\/?attachment_id=49210\" class=\"wp-image-49210\" srcset=\"https:\/\/www.cocondedecoration.com\/blog\/wp-content\/uploads\/2022\/05\/interieur-tendance-exemple-arrondi-arche-couleur-7-640x960.jpeg 640w, https:\/\/www.cocondedecoration.com\/blog\/wp-content\/uploads\/2022\/05\/interieur-tendance-exemple-arrondi-arche-couleur-7-260x390.jpeg 260w, https:\/\/www.cocondedecoration.com\/blog\/wp-content\/uploads\/2022\/05\/interieur-tendance-exemple-arrondi-arche-couleur-7-768x1152.jpeg 768w, https:\/\/www.cocondedecoration.com\/blog\/wp-content\/uploads\/2022\/05\/interieur-tendance-exemple-arrondi-arche-couleur-7-367x550.jpeg 367w, https:\/\/www.cocondedecoration.com\/blog\/wp-content\/uploads\/2022\/05\/interieur-tendance-exemple-arrondi-arche-couleur-7-333x500.jpeg 333w, https:\/\/www.cocondedecoration.com\/blog\/wp-content\/uploads\/2022\/05\/interieur-tendance-exemple-arrondi-arche-couleur-7.jpeg 1000w\" sizes=\"(max-width: 640px) 100vw, 640px\" \/><\/figure><\/li><\/ul>\n\n\n\n<div style=\"height:100px\" aria-hidden=\"true\" class=\"wp-block-spacer\"><\/div>\n\n\n\n<div class=\"wp-block-columns has-2-columns is-layout-flex wp-container-core-columns-layout-4 wp-block-columns-is-layout-flex\">\n<div class=\"wp-block-column is-layout-flow wp-block-column-is-layout-flow\">\n<figure class=\"wp-block-image\"><img loading=\"lazy\" decoding=\"async\" width=\"640\" height=\"960\" src=\"http:\/\/www.cocondedecoration.com\/blog\/wp-content\/uploads\/2022\/05\/interieur-masculin-et-elegant-classique-1-640x960.jpeg\" alt=\"interieur masculin et elegant classique mur gris anthracite bar bois textur\u00e9 d\u00e9caiss\u00e9 faux plafond suspension art d\u00e9co\" class=\"wp-image-49211\" srcset=\"https:\/\/www.cocondedecoration.com\/blog\/wp-content\/uploads\/2022\/05\/interieur-masculin-et-elegant-classique-1-640x960.jpeg 640w, https:\/\/www.cocondedecoration.com\/blog\/wp-content\/uploads\/2022\/05\/interieur-masculin-et-elegant-classique-1-260x390.jpeg 260w, https:\/\/www.cocondedecoration.com\/blog\/wp-content\/uploads\/2022\/05\/interieur-masculin-et-elegant-classique-1-768x1152.jpeg 768w, https:\/\/www.cocondedecoration.com\/blog\/wp-content\/uploads\/2022\/05\/interieur-masculin-et-elegant-classique-1-367x550.jpeg 367w, https:\/\/www.cocondedecoration.com\/blog\/wp-content\/uploads\/2022\/05\/interieur-masculin-et-elegant-classique-1-333x500.jpeg 333w, https:\/\/www.cocondedecoration.com\/blog\/wp-content\/uploads\/2022\/05\/interieur-masculin-et-elegant-classique-1.jpeg 1000w\" sizes=\"(max-width: 640px) 100vw, 640px\" \/><\/figure>\n<\/div>\n\n\n\n<div class=\"wp-block-column is-layout-flow wp-block-column-is-layout-flow\">\n<h2 class=\"wp-block-heading\">04 \u2022 El\u00e9gance et raffinement \u00e0 New Delhi <\/h2>\n\n\n\n<p>On poursuit notre voyage dans l'Inde qui a les moyens dans une ville o\u00f9 je ne connais que l'a\u00e9roport: New Delhi, la capitale. Je vous propose de d\u00e9couvrir un appartement d'un \u00e9tage entier avec un espace bureau \u00e0 domicile o\u00f9 il est question de luxe et d'\u00e9l\u00e9gance.  <\/p>\n\n\n\n<p>Ce d\u00e9cor a \u00e9t\u00e9 con\u00e7u dans une dynamique<a rel=\"noreferrer noopener\" aria-label=\" Less is more (s\u2019ouvre dans un nouvel onglet)\" href=\"http:\/\/www.cocondedecoration.com\/blog\/category\/slow-life\/\" target=\"_blank\"> Less is more<\/a> (moins mais mieux) pour cr\u00e9er un \u00e9quilibre avec le faste et le luxueux de chaque pi\u00e8ce.  C'est un environnement intemporel et <a href=\"http:\/\/www.cocondedecoration.com\/blog\/2022\/04\/details-decor-masculin\/\" target=\"_blank\" rel=\"noreferrer noopener\" aria-label=\"assez masculin (s\u2019ouvre dans un nouvel onglet)\">assez masculin<\/a> o\u00f9 les mat\u00e9riaux et les nuances ont \u00e9t\u00e9 choisis avec soin pour d\u00e9corer et cr\u00e9er un espace relaxant. <\/p>\n\n\n\n<p>On y trouve des <a href=\"http:\/\/www.cocondedecoration.com\/blog\/category\/couleur-deco\/une-couleur-sombre-dans-la-deco\/\" target=\"_blank\" rel=\"noreferrer noopener\" aria-label=\"couleurs sourdes (s\u2019ouvre dans un nouvel onglet)\">couleurs sourdes<\/a>, des tonalit\u00e9s masculines comme des bruns, des ocres, des bleus. Cela cr\u00e9e un univers apaisant, cosy, un peu comme si on flottait au dessus des contraintes de temps. Le choix des couleurs sourdes cr\u00e9e aussi un fort sentiment d'intimit\u00e9. Il fait disparaitre le c\u00f4t\u00e9 impersonnel g\u00e9n\u00e9ralement relatif aux grands espaces. <\/p>\n\n\n\n<p>En plus des couleurs, il y a les mat\u00e9riaux qui font parti du champ lexical du luxe: le laiton, <a href=\"http:\/\/www.cocondedecoration.com\/blog\/2021\/05\/moulures-ton-sur-ton\/\" target=\"_blank\" rel=\"noreferrer noopener\" aria-label=\"les panneaux muraux (s\u2019ouvre dans un nouvel onglet)\">les panneaux muraux<\/a>, le bois, le verre, le marbre ou encore <a rel=\"noreferrer noopener\" aria-label=\"le cuir (s\u2019ouvre dans un nouvel onglet)\" href=\"http:\/\/www.cocondedecoration.com\/blog\/2021\/02\/canape-cuir-salon-moderne\/\" target=\"_blank\">le cuir<\/a>. Un contraste est cr\u00e9\u00e9 entre les mat\u00e9riaux froids (le verre ou le marbre) et les mat\u00e9riaux plus chaleureux (le bois, le cuir). Cela rend vivant cet int\u00e9rieur intemporel. <\/p>\n\n\n\n<p class=\"has-small-font-size\">Designer: GroupDCA<br>Photographie: Niveditaa Gupta<br><a rel=\"noreferrer noopener\" aria-label=\"Pour en savoir plus (s\u2019ouvre dans un nouvel onglet)\" href=\"https:\/\/elledecor.in\/article\/new-delhi-residence-by-groupdca-manifests-minimalist-interventions\/\" target=\"_blank\">Pour en savoir plus<\/a> (en anglais)<\/p>\n<\/div>\n<\/div>\n\n\n\n<ul class=\"wp-block-gallery columns-2 is-cropped wp-block-gallery-4 is-layout-flex wp-block-gallery-is-layout-flex\"><li class=\"blocks-gallery-item\"><figure><img loading=\"lazy\" decoding=\"async\" width=\"640\" height=\"960\" src=\"http:\/\/www.cocondedecoration.com\/blog\/wp-content\/uploads\/2022\/05\/interieur-masculin-et-elegant-classique-2-640x960.jpeg\" alt=\"interieur masculin et elegant classique espace lounge banquette m\u00e9ridienne en cuir table en bois \u00e9poque ancienne\" data-id=\"49212\" data-link=\"http:\/\/www.cocondedecoration.com\/blog\/?attachment_id=49212\" class=\"wp-image-49212\" srcset=\"https:\/\/www.cocondedecoration.com\/blog\/wp-content\/uploads\/2022\/05\/interieur-masculin-et-elegant-classique-2-640x960.jpeg 640w, https:\/\/www.cocondedecoration.com\/blog\/wp-content\/uploads\/2022\/05\/interieur-masculin-et-elegant-classique-2-260x390.jpeg 260w, https:\/\/www.cocondedecoration.com\/blog\/wp-content\/uploads\/2022\/05\/interieur-masculin-et-elegant-classique-2-768x1152.jpeg 768w, https:\/\/www.cocondedecoration.com\/blog\/wp-content\/uploads\/2022\/05\/interieur-masculin-et-elegant-classique-2-367x550.jpeg 367w, https:\/\/www.cocondedecoration.com\/blog\/wp-content\/uploads\/2022\/05\/interieur-masculin-et-elegant-classique-2-333x500.jpeg 333w, https:\/\/www.cocondedecoration.com\/blog\/wp-content\/uploads\/2022\/05\/interieur-masculin-et-elegant-classique-2.jpeg 1000w\" sizes=\"(max-width: 640px) 100vw, 640px\" \/><\/figure><\/li><li class=\"blocks-gallery-item\"><figure><img loading=\"lazy\" decoding=\"async\" width=\"640\" height=\"960\" src=\"http:\/\/www.cocondedecoration.com\/blog\/wp-content\/uploads\/2022\/05\/interieur-masculin-et-elegant-classique-3-640x960.jpeg\" alt=\"interieur masculin et elegant classique mur rev\u00eatement bois textur\u00e9 tasseaux peint chambre parentale\" data-id=\"49213\" data-link=\"http:\/\/www.cocondedecoration.com\/blog\/?attachment_id=49213\" class=\"wp-image-49213\" srcset=\"https:\/\/www.cocondedecoration.com\/blog\/wp-content\/uploads\/2022\/05\/interieur-masculin-et-elegant-classique-3-640x960.jpeg 640w, https:\/\/www.cocondedecoration.com\/blog\/wp-content\/uploads\/2022\/05\/interieur-masculin-et-elegant-classique-3-260x390.jpeg 260w, https:\/\/www.cocondedecoration.com\/blog\/wp-content\/uploads\/2022\/05\/interieur-masculin-et-elegant-classique-3-768x1152.jpeg 768w, https:\/\/www.cocondedecoration.com\/blog\/wp-content\/uploads\/2022\/05\/interieur-masculin-et-elegant-classique-3-367x550.jpeg 367w, https:\/\/www.cocondedecoration.com\/blog\/wp-content\/uploads\/2022\/05\/interieur-masculin-et-elegant-classique-3-333x500.jpeg 333w, https:\/\/www.cocondedecoration.com\/blog\/wp-content\/uploads\/2022\/05\/interieur-masculin-et-elegant-classique-3.jpeg 1000w\" sizes=\"(max-width: 640px) 100vw, 640px\" \/><\/figure><\/li><li class=\"blocks-gallery-item\"><figure><img loading=\"lazy\" decoding=\"async\" width=\"640\" height=\"960\" src=\"http:\/\/www.cocondedecoration.com\/blog\/wp-content\/uploads\/2022\/05\/interieur-masculin-et-elegant-classique-4-640x960.jpeg\" alt=\"interieur masculin et elegant classique salon canap\u00e9s color\u00e9s jaune ocre bleu ciel\" data-id=\"49214\" data-link=\"http:\/\/www.cocondedecoration.com\/blog\/?attachment_id=49214\" class=\"wp-image-49214\" srcset=\"https:\/\/www.cocondedecoration.com\/blog\/wp-content\/uploads\/2022\/05\/interieur-masculin-et-elegant-classique-4-640x960.jpeg 640w, https:\/\/www.cocondedecoration.com\/blog\/wp-content\/uploads\/2022\/05\/interieur-masculin-et-elegant-classique-4-260x390.jpeg 260w, https:\/\/www.cocondedecoration.com\/blog\/wp-content\/uploads\/2022\/05\/interieur-masculin-et-elegant-classique-4-768x1152.jpeg 768w, https:\/\/www.cocondedecoration.com\/blog\/wp-content\/uploads\/2022\/05\/interieur-masculin-et-elegant-classique-4-367x550.jpeg 367w, https:\/\/www.cocondedecoration.com\/blog\/wp-content\/uploads\/2022\/05\/interieur-masculin-et-elegant-classique-4-333x500.jpeg 333w, https:\/\/www.cocondedecoration.com\/blog\/wp-content\/uploads\/2022\/05\/interieur-masculin-et-elegant-classique-4.jpeg 1000w\" sizes=\"(max-width: 640px) 100vw, 640px\" \/><\/figure><\/li><li class=\"blocks-gallery-item\"><figure><img loading=\"lazy\" decoding=\"async\" width=\"640\" height=\"960\" src=\"http:\/\/www.cocondedecoration.com\/blog\/wp-content\/uploads\/2022\/05\/interieur-masculin-et-elegant-classique-5-640x960.jpeg\" alt=\"interieur masculin et elegant classique bureau rev\u00eatement mural moulure peinture framboise grand bureau en bois tapis biblioth\u00e8que minimaliste\" data-id=\"49215\" data-link=\"http:\/\/www.cocondedecoration.com\/blog\/?attachment_id=49215\" class=\"wp-image-49215\" srcset=\"https:\/\/www.cocondedecoration.com\/blog\/wp-content\/uploads\/2022\/05\/interieur-masculin-et-elegant-classique-5-640x960.jpeg 640w, https:\/\/www.cocondedecoration.com\/blog\/wp-content\/uploads\/2022\/05\/interieur-masculin-et-elegant-classique-5-260x390.jpeg 260w, https:\/\/www.cocondedecoration.com\/blog\/wp-content\/uploads\/2022\/05\/interieur-masculin-et-elegant-classique-5-768x1152.jpeg 768w, https:\/\/www.cocondedecoration.com\/blog\/wp-content\/uploads\/2022\/05\/interieur-masculin-et-elegant-classique-5-367x550.jpeg 367w, https:\/\/www.cocondedecoration.com\/blog\/wp-content\/uploads\/2022\/05\/interieur-masculin-et-elegant-classique-5-333x500.jpeg 333w, https:\/\/www.cocondedecoration.com\/blog\/wp-content\/uploads\/2022\/05\/interieur-masculin-et-elegant-classique-5.jpeg 1000w\" sizes=\"(max-width: 640px) 100vw, 640px\" \/><\/figure><\/li><\/ul>\n\n\n\n<div style=\"height:100px\" aria-hidden=\"true\" class=\"wp-block-spacer\"><\/div>\n\n\n\n<div class=\"wp-block-columns has-2-columns is-layout-flex wp-container-core-columns-layout-5 wp-block-columns-is-layout-flex\">\n<div class=\"wp-block-column is-layout-flow wp-block-column-is-layout-flow\">\n<h2 class=\"wp-block-heading\">05 \u2022 Le fluide appartement 1602 de Mumbai<\/h2>\n\n\n\n<p>Je termine ce tout petit tour des jolies demeures indiennes avec un appartement qui me plait \u00e9norm\u00e9ment. C'est probablement mon coup de coeur (et si vous me lisez depuis un moment, vous savez d\u00e9j\u00e0 pourquoi!) <\/p>\n\n\n\n<p>Ce logement se caract\u00e9rise par: <\/p>\n\n\n\n<ul><li>Un monochrome <a href=\"http:\/\/www.cocondedecoration.com\/blog\/2020\/11\/quels-materiaux-associer-blanc\/\" target=\"_blank\" rel=\"noreferrer noopener\" aria-label=\"blanc (s\u2019ouvre dans un nouvel onglet)\">blanc<\/a>, <\/li><li>une atmosph\u00e8re \u00e9pur\u00e9e,  <\/li><li>de la chaleur cr\u00e9\u00e9e gr\u00e2ce aux mat\u00e9riaux et l'\u00e9clairage; <\/li><\/ul>\n\n\n\n<p>Comme tous les int\u00e9rieurs minimalistes, le choix des d\u00e9tails est crucial: On a de l'argile rustique sur les murs, un d\u00e9cor mural en ton sur ton pour donner du relief avec subtilit\u00e9. Alors que l'ensemble est essentiellement en blanc et bois, on trouve une touche de vert menthe autour de la table de salle \u00e0 manger ou encore de l'acier inoxydable pour une ambiance industrielle chic. <\/p>\n\n\n\n<p>C'est un espace modulable pour plus de confort et de priv\u00e9 comme dans la chambre d'ami avec une \u00e9tag\u00e8re qui se d\u00e9place autour d'un axe pour pouvoir d\u00e9pli\u00e9 le canap\u00e9 lit. L'espace prend en compte aussi l'\u00e9volution de la famille comme avec la chambre d'enfant con\u00e7ue dans l'id\u00e9e qu'ils vont grandir. Une sobri\u00e9t\u00e9 agr\u00e9ment\u00e9 d'une touche de couleur et de motif plus ludiques qui ne s'arr\u00eatent pas \u00e0 une question d'\u00e2ge. <\/p>\n\n\n\n<p>Et il y a le fauteuil Janneret (cousin de Le Corbusier qui a aussi travaill\u00e9 en Inde). Un fauteuil iconique ici en Inde qui associe le bois et le cannage. D'ailleurs, <a rel=\"noreferrer noopener\" aria-label=\"je vous en parle plus ici (s\u2019ouvre dans un nouvel onglet)\" href=\"http:\/\/www.cocondedecoration.com\/blog\/2021\/06\/ou-trouver-fauteuil-slow-cannage\/\" target=\"_blank\">je vous en parle plus ici<\/a>. J'ai beaucoup d'affection pour ce lien entre l'Inde et la France, le design vintage et le moderne. Ce fauteuil offre beaucoup de personnalit\u00e9 \u00e0 cet int\u00e9rieur minimaliste. <\/p>\n\n\n\n<p class=\"has-small-font-size\">Architecte d'int\u00e9rieur: The Architecture Company \/ Krei Studios<br>Photographie: Yadnyesh Joshi<br><a rel=\"noreferrer noopener\" aria-label=\"Pour en savoir plus (s\u2019ouvre dans un nouvel onglet)\" href=\"https:\/\/elledecor.in\/article\/apartment-1602-by-the-architecture-company-in-mumbai\/\" target=\"_blank\">Pour en savoir plus<\/a> (encore et toujours en anglais) <\/p>\n<\/div>\n\n\n\n<div class=\"wp-block-column is-layout-flow wp-block-column-is-layout-flow\">\n<div style=\"height:100px\" aria-hidden=\"true\" class=\"wp-block-spacer\"><\/div>\n\n\n\n<figure class=\"wp-block-image\"><img loading=\"lazy\" decoding=\"async\" width=\"640\" height=\"960\" src=\"http:\/\/www.cocondedecoration.com\/blog\/wp-content\/uploads\/2022\/05\/interieur-contemporain-minimaliste-lumineux-1-640x960.jpeg\" alt=\"interieur contemporain minimaliste lumineux d\u00e9cor mural texture ton sur ton blanc fauteuil en cannage vintage\" class=\"wp-image-49216\" srcset=\"https:\/\/www.cocondedecoration.com\/blog\/wp-content\/uploads\/2022\/05\/interieur-contemporain-minimaliste-lumineux-1-640x960.jpeg 640w, https:\/\/www.cocondedecoration.com\/blog\/wp-content\/uploads\/2022\/05\/interieur-contemporain-minimaliste-lumineux-1-260x390.jpeg 260w, https:\/\/www.cocondedecoration.com\/blog\/wp-content\/uploads\/2022\/05\/interieur-contemporain-minimaliste-lumineux-1-768x1152.jpeg 768w, https:\/\/www.cocondedecoration.com\/blog\/wp-content\/uploads\/2022\/05\/interieur-contemporain-minimaliste-lumineux-1-367x550.jpeg 367w, https:\/\/www.cocondedecoration.com\/blog\/wp-content\/uploads\/2022\/05\/interieur-contemporain-minimaliste-lumineux-1-333x500.jpeg 333w, https:\/\/www.cocondedecoration.com\/blog\/wp-content\/uploads\/2022\/05\/interieur-contemporain-minimaliste-lumineux-1.jpeg 1000w\" sizes=\"(max-width: 640px) 100vw, 640px\" \/><\/figure>\n<\/div>\n<\/div>\n\n\n\n\n\n<ul class=\"wp-block-gallery columns-2 is-cropped wp-block-gallery-5 is-layout-flex wp-block-gallery-is-layout-flex\"><li class=\"blocks-gallery-item\"><figure><img loading=\"lazy\" decoding=\"async\" width=\"640\" height=\"960\" src=\"http:\/\/www.cocondedecoration.com\/blog\/wp-content\/uploads\/2022\/05\/interieur-contemporain-minimaliste-lumineux-2-640x960.jpeg\" alt=\"interieur contemporain minimaliste lumineux chambre \u00e0 coucher adulte t\u00eate de lit textile et marbre table de chevet arrondie bois clair\" data-id=\"49217\" data-link=\"http:\/\/www.cocondedecoration.com\/blog\/?attachment_id=49217\" class=\"wp-image-49217\" srcset=\"https:\/\/www.cocondedecoration.com\/blog\/wp-content\/uploads\/2022\/05\/interieur-contemporain-minimaliste-lumineux-2-640x960.jpeg 640w, https:\/\/www.cocondedecoration.com\/blog\/wp-content\/uploads\/2022\/05\/interieur-contemporain-minimaliste-lumineux-2-260x390.jpeg 260w, https:\/\/www.cocondedecoration.com\/blog\/wp-content\/uploads\/2022\/05\/interieur-contemporain-minimaliste-lumineux-2-768x1152.jpeg 768w, https:\/\/www.cocondedecoration.com\/blog\/wp-content\/uploads\/2022\/05\/interieur-contemporain-minimaliste-lumineux-2-367x550.jpeg 367w, https:\/\/www.cocondedecoration.com\/blog\/wp-content\/uploads\/2022\/05\/interieur-contemporain-minimaliste-lumineux-2-333x500.jpeg 333w, https:\/\/www.cocondedecoration.com\/blog\/wp-content\/uploads\/2022\/05\/interieur-contemporain-minimaliste-lumineux-2.jpeg 1000w\" sizes=\"(max-width: 640px) 100vw, 640px\" \/><\/figure><\/li><li class=\"blocks-gallery-item\"><figure><img loading=\"lazy\" decoding=\"async\" width=\"640\" height=\"960\" src=\"http:\/\/www.cocondedecoration.com\/blog\/wp-content\/uploads\/2022\/05\/interieur-contemporain-minimaliste-lumineux-3-640x960.jpeg\" alt=\"interieur contemporain minimaliste lumineux meuble sur mesure console placard bois et blanc\" data-id=\"49218\" data-link=\"http:\/\/www.cocondedecoration.com\/blog\/?attachment_id=49218\" class=\"wp-image-49218\" srcset=\"https:\/\/www.cocondedecoration.com\/blog\/wp-content\/uploads\/2022\/05\/interieur-contemporain-minimaliste-lumineux-3-640x960.jpeg 640w, https:\/\/www.cocondedecoration.com\/blog\/wp-content\/uploads\/2022\/05\/interieur-contemporain-minimaliste-lumineux-3-260x390.jpeg 260w, https:\/\/www.cocondedecoration.com\/blog\/wp-content\/uploads\/2022\/05\/interieur-contemporain-minimaliste-lumineux-3-768x1152.jpeg 768w, https:\/\/www.cocondedecoration.com\/blog\/wp-content\/uploads\/2022\/05\/interieur-contemporain-minimaliste-lumineux-3-367x550.jpeg 367w, https:\/\/www.cocondedecoration.com\/blog\/wp-content\/uploads\/2022\/05\/interieur-contemporain-minimaliste-lumineux-3-333x500.jpeg 333w, https:\/\/www.cocondedecoration.com\/blog\/wp-content\/uploads\/2022\/05\/interieur-contemporain-minimaliste-lumineux-3.jpeg 1000w\" sizes=\"(max-width: 640px) 100vw, 640px\" \/><\/figure><\/li><li class=\"blocks-gallery-item\"><figure><img loading=\"lazy\" decoding=\"async\" width=\"640\" height=\"960\" src=\"http:\/\/www.cocondedecoration.com\/blog\/wp-content\/uploads\/2022\/05\/interieur-contemporain-minimaliste-lumineux-4-640x960.jpeg\" alt=\"interieur contemporain minimaliste lumineux canap\u00e9 d'angle blanc \u00e9l\u00e9gant \" data-id=\"49219\" data-link=\"http:\/\/www.cocondedecoration.com\/blog\/?attachment_id=49219\" class=\"wp-image-49219\" srcset=\"https:\/\/www.cocondedecoration.com\/blog\/wp-content\/uploads\/2022\/05\/interieur-contemporain-minimaliste-lumineux-4-640x960.jpeg 640w, https:\/\/www.cocondedecoration.com\/blog\/wp-content\/uploads\/2022\/05\/interieur-contemporain-minimaliste-lumineux-4-260x390.jpeg 260w, https:\/\/www.cocondedecoration.com\/blog\/wp-content\/uploads\/2022\/05\/interieur-contemporain-minimaliste-lumineux-4-768x1152.jpeg 768w, https:\/\/www.cocondedecoration.com\/blog\/wp-content\/uploads\/2022\/05\/interieur-contemporain-minimaliste-lumineux-4-367x550.jpeg 367w, https:\/\/www.cocondedecoration.com\/blog\/wp-content\/uploads\/2022\/05\/interieur-contemporain-minimaliste-lumineux-4-333x500.jpeg 333w, https:\/\/www.cocondedecoration.com\/blog\/wp-content\/uploads\/2022\/05\/interieur-contemporain-minimaliste-lumineux-4.jpeg 1000w\" sizes=\"(max-width: 640px) 100vw, 640px\" \/><\/figure><\/li><li class=\"blocks-gallery-item\"><figure><img loading=\"lazy\" decoding=\"async\" width=\"640\" height=\"960\" src=\"http:\/\/www.cocondedecoration.com\/blog\/wp-content\/uploads\/2022\/05\/interieur-contemporain-minimaliste-lumineux-5-640x960.jpeg\" alt=\"interieur contemporain minimaliste lumineux t\u00eate de lit oblongue textile luminaire chambre double\" data-id=\"49220\" data-link=\"http:\/\/www.cocondedecoration.com\/blog\/?attachment_id=49220\" class=\"wp-image-49220\" srcset=\"https:\/\/www.cocondedecoration.com\/blog\/wp-content\/uploads\/2022\/05\/interieur-contemporain-minimaliste-lumineux-5-640x960.jpeg 640w, https:\/\/www.cocondedecoration.com\/blog\/wp-content\/uploads\/2022\/05\/interieur-contemporain-minimaliste-lumineux-5-260x390.jpeg 260w, https:\/\/www.cocondedecoration.com\/blog\/wp-content\/uploads\/2022\/05\/interieur-contemporain-minimaliste-lumineux-5-768x1152.jpeg 768w, https:\/\/www.cocondedecoration.com\/blog\/wp-content\/uploads\/2022\/05\/interieur-contemporain-minimaliste-lumineux-5-367x550.jpeg 367w, https:\/\/www.cocondedecoration.com\/blog\/wp-content\/uploads\/2022\/05\/interieur-contemporain-minimaliste-lumineux-5-333x500.jpeg 333w, https:\/\/www.cocondedecoration.com\/blog\/wp-content\/uploads\/2022\/05\/interieur-contemporain-minimaliste-lumineux-5.jpeg 1000w\" sizes=\"(max-width: 640px) 100vw, 640px\" \/><\/figure><\/li><li class=\"blocks-gallery-item\"><figure><img loading=\"lazy\" decoding=\"async\" width=\"640\" height=\"960\" src=\"http:\/\/www.cocondedecoration.com\/blog\/wp-content\/uploads\/2022\/05\/interieur-contemporain-minimaliste-lumineux-6-640x960.jpeg\" alt=\"interieur contemporain minimaliste lumineux cloison claustra \u00e9pais bois biblioth\u00e8que petit canap\u00e9 gris\" data-id=\"49221\" data-link=\"http:\/\/www.cocondedecoration.com\/blog\/?attachment_id=49221\" class=\"wp-image-49221\" srcset=\"https:\/\/www.cocondedecoration.com\/blog\/wp-content\/uploads\/2022\/05\/interieur-contemporain-minimaliste-lumineux-6-640x960.jpeg 640w, https:\/\/www.cocondedecoration.com\/blog\/wp-content\/uploads\/2022\/05\/interieur-contemporain-minimaliste-lumineux-6-260x390.jpeg 260w, https:\/\/www.cocondedecoration.com\/blog\/wp-content\/uploads\/2022\/05\/interieur-contemporain-minimaliste-lumineux-6-768x1152.jpeg 768w, https:\/\/www.cocondedecoration.com\/blog\/wp-content\/uploads\/2022\/05\/interieur-contemporain-minimaliste-lumineux-6-367x550.jpeg 367w, https:\/\/www.cocondedecoration.com\/blog\/wp-content\/uploads\/2022\/05\/interieur-contemporain-minimaliste-lumineux-6-333x500.jpeg 333w, https:\/\/www.cocondedecoration.com\/blog\/wp-content\/uploads\/2022\/05\/interieur-contemporain-minimaliste-lumineux-6.jpeg 1000w\" sizes=\"(max-width: 640px) 100vw, 640px\" \/><\/figure><\/li><li class=\"blocks-gallery-item\"><figure><img loading=\"lazy\" decoding=\"async\" width=\"640\" height=\"960\" src=\"http:\/\/www.cocondedecoration.com\/blog\/wp-content\/uploads\/2022\/05\/interieur-contemporain-minimaliste-lumineux-7-640x960.jpeg\" alt=\"interieur contemporain minimaliste lumineux coin repas table ronde plateau bois clair chaise design \u00e9pur\u00e9 vert c\u00e9ladon biblioth\u00e8que\" data-id=\"49222\" data-link=\"http:\/\/www.cocondedecoration.com\/blog\/?attachment_id=49222\" class=\"wp-image-49222\" srcset=\"https:\/\/www.cocondedecoration.com\/blog\/wp-content\/uploads\/2022\/05\/interieur-contemporain-minimaliste-lumineux-7-640x960.jpeg 640w, https:\/\/www.cocondedecoration.com\/blog\/wp-content\/uploads\/2022\/05\/interieur-contemporain-minimaliste-lumineux-7-260x390.jpeg 260w, https:\/\/www.cocondedecoration.com\/blog\/wp-content\/uploads\/2022\/05\/interieur-contemporain-minimaliste-lumineux-7-768x1152.jpeg 768w, https:\/\/www.cocondedecoration.com\/blog\/wp-content\/uploads\/2022\/05\/interieur-contemporain-minimaliste-lumineux-7-367x550.jpeg 367w, https:\/\/www.cocondedecoration.com\/blog\/wp-content\/uploads\/2022\/05\/interieur-contemporain-minimaliste-lumineux-7-333x500.jpeg 333w, https:\/\/www.cocondedecoration.com\/blog\/wp-content\/uploads\/2022\/05\/interieur-contemporain-minimaliste-lumineux-7.jpeg 1000w\" sizes=\"(max-width: 640px) 100vw, 640px\" \/><\/figure><\/li><\/ul>\n\n\n\n<hr class=\"wp-block-separator\"\/>\n\n\n\n<p class=\"has-text-align-center has-medium-font-size\">Ne perdons pas contact \ud83d\ude42 Rejoignez moi sur <a href=\"https:\/\/www.pinterest.fr\/cocondedeco\/\" target=\"_blank\" rel=\"noopener\" title=\"\">Pinterest<\/a> |\u00a0<a href=\"https:\/\/www.threads.net\/@cocondedeco\" target=\"_blank\" rel=\"noopener\" title=\"\">Threads<\/a> | <a href=\"https:\/\/www.patreon.com\/collection\/162946?view=expanded\" target=\"_blank\" rel=\"noopener\" title=\"\">la Newsletter<\/a> <br>Vous aimez lire le blog? Vous souhaitez continuer \u00e0 le lire? <a href=\"https:\/\/www.patreon.com\/cocondedeco\" target=\"_blank\" rel=\"noopener\" title=\"\">Devenez m\u00e9c\u00e8ne<\/a> sur Patreon et contribuez \u00e0 sa survie. <\/p>\n\n\n\n<hr class=\"wp-block-separator\"\/>\n\n\n\n<div class=\"wp-block-columns has-2-columns is-layout-flex wp-container-core-columns-layout-6 wp-block-columns-is-layout-flex\">\n<div class=\"wp-block-column is-layout-flow wp-block-column-is-layout-flow\">\n<p style=\"text-align:center\" class=\"has-medium-font-size\">A lire \u00e9galement<\/p>\n\n\n<ul class=\"wp-block-latest-posts__list wp-block-latest-posts\"><li><a class=\"wp-block-latest-posts__post-title\" href=\"https:\/\/www.cocondedecoration.com\/blog\/2025\/12\/bibliotheque-cottage-cosy\/\">Ambiance cottage cosy pour l&rsquo;espace biblioth\u00e8que<\/a><\/li>\n<li><a class=\"wp-block-latest-posts__post-title\" href=\"https:\/\/www.cocondedecoration.com\/blog\/2025\/01\/deco-romantique-saint-valentin\/\">Faites entrer le romantisme chez vous \u00e0 la Saint Valentin<\/a><\/li>\n<li><a class=\"wp-block-latest-posts__post-title\" href=\"https:\/\/www.cocondedecoration.com\/blog\/2024\/02\/interieur-masculin-et-slow-living\/\">10 id\u00e9es \u00e0 copier pour cr\u00e9er un d\u00e9cor masculin &#038; slow \u00e0 la fois | inspirations d\u00e9co<\/a><\/li>\n<li><a class=\"wp-block-latest-posts__post-title\" href=\"https:\/\/www.cocondedecoration.com\/blog\/2023\/11\/decoration-interieure-elegante-marbre\/\">Id\u00e9es d\u00e9co | Cr\u00e9ez une d\u00e9coration \u00e9l\u00e9gante avec le marbre<\/a><\/li>\n<li><a class=\"wp-block-latest-posts__post-title\" href=\"https:\/\/www.cocondedecoration.com\/blog\/2023\/11\/liste-theme-decoration-mariage\/\">Inspirations | Quel th\u00e8me choisir pour d\u00e9corer votre mariage?<\/a><\/li>\n<li><a class=\"wp-block-latest-posts__post-title\" href=\"https:\/\/www.cocondedecoration.com\/blog\/2023\/11\/visite-deco-appartement-audacieux-feminin\/\">Visite d\u00e9co | Un appartement de travail audacieux, cr\u00e9atif &#038; color\u00e9<\/a><\/li>\n<li><a class=\"wp-block-latest-posts__post-title\" href=\"https:\/\/www.cocondedecoration.com\/blog\/2023\/08\/comment-associer-couleurs-complementaires\/\">Conseils d\u00e9co | Comment associer les couleurs compl\u00e9mentaires &#038; comment les utiliser?<\/a><\/li>\n<\/ul><\/div>\n\n\n\n<div class=\"wp-block-column is-layout-flow wp-block-column-is-layout-flow\">\n<p class=\"has-text-align-center has-medium-font-size\" style=\"padding-top:var(--wp--preset--spacing--40);padding-bottom:var(--wp--preset--spacing--40)\"><strong>Devenez m\u00e9c\u00e8ne du blog <\/strong><\/p>\n\n\n\n<hr class=\"wp-block-separator has-alpha-channel-opacity is-style-wide\"\/>\n\n\n\n<p style=\"padding-right:var(--wp--preset--spacing--30);padding-left:var(--wp--preset--spacing--30)\">Soutenez mon travail sur le blog et acc\u00e9dez \u00e0 des contreparties exclusives: <\/p>\n\n\n\n<ul style=\"padding-right:var(--wp--preset--spacing--40);padding-left:var(--wp--preset--spacing--40)\">\n<li>Plusieurs centaines d'articles d\u00e9co, lifestyle &amp; voyage r\u00e9serv\u00e9s aux abonn\u00e9\u2022e\u2022s <\/li>\n\n\n\n<li>Toutes les entr\u00e9es de mon side project - mon dictionnaire nomade <\/li>\n\n\n\n<li>Une publicit\u00e9 limit\u00e9e sur les articles Patreon <\/li>\n<\/ul>\n\n\n\n<div class=\"wp-block-buttons is-content-justification-center is-layout-flex wp-container-core-buttons-layout-1 wp-block-buttons-is-layout-flex\">\n<div class=\"wp-block-button\"><a class=\"wp-block-button__link wp-element-button\" href=\"https:\/\/www.patreon.com\/cocondedeco\" target=\"_blank\" rel=\"noreferrer noopener\">Soutenir le blog maintenant<\/a><\/div>\n<\/div>\n<\/div>\n<\/div>\n\n\n\n<div class=\"wp-block-image\"><figure class=\"aligncenter\"><img loading=\"lazy\" decoding=\"async\" width=\"732\" height=\"481\" src=\"http:\/\/www.cocondedecoration.com\/blog\/wp-content\/uploads\/2022\/05\/interieur-indien-moderne-inspiration.jpeg\" alt=\"interieur indien moderne inspiration tendance couleur mat\u00e9riaux architecture int\u00e9rieure\" class=\"wp-image-49278\" srcset=\"https:\/\/www.cocondedecoration.com\/blog\/wp-content\/uploads\/2022\/05\/interieur-indien-moderne-inspiration.jpeg 732w, https:\/\/www.cocondedecoration.com\/blog\/wp-content\/uploads\/2022\/05\/interieur-indien-moderne-inspiration-260x171.jpeg 260w, https:\/\/www.cocondedecoration.com\/blog\/wp-content\/uploads\/2022\/05\/interieur-indien-moderne-inspiration-640x421.jpeg 640w, https:\/\/www.cocondedecoration.com\/blog\/wp-content\/uploads\/2022\/05\/interieur-indien-moderne-inspiration-465x306.jpeg 465w, https:\/\/www.cocondedecoration.com\/blog\/wp-content\/uploads\/2022\/05\/interieur-indien-moderne-inspiration-695x457.jpeg 695w\" sizes=\"(max-width: 732px) 100vw, 732px\" \/><\/figure><\/div>\n","protected":false},"excerpt":{"rendered":"<p>Je suis en Inde depuis quelques semaines maintenant (et oui, j&rsquo;ai l&rsquo;impression de re-vivre!). Ce pays nous \u00e9voque g\u00e9n\u00e9ralement un tas de choses. Depuis que je suis jeune ado, il me faisait r\u00eaver. Et m\u00eame apr\u00e8s plus d&rsquo;un an sur place, je le trouve toujours aussi fascinant. J&rsquo;aime l&rsquo;Inde malgr\u00e9<span class=\"more-link\"><a href=\"https:\/\/www.cocondedecoration.com\/blog\/2022\/05\/architecture-interieure-inde\/\">Lire la suite<\/a><\/span><\/p>\n","protected":false},"author":1,"featured_media":49278,"comment_status":"open","ping_status":"open","sticky":false,"template":"","format":"standard","meta":{"om_disable_all_campaigns":false,"_monsterinsights_skip_tracking":false,"_monsterinsights_sitenote_active":false,"_monsterinsights_sitenote_note":"","_monsterinsights_sitenote_category":0,"_uf_show_specific_survey":0,"_uf_disable_surveys":false,"footnotes":""},"categories":[2448,2310,1720,2309],"tags":[31173,31176,31162,31139,31140,31127,31126,31141,21414,31185,31187,17322,22123,31164,31158,31147,31148,31146,31159,31175,4573,31157,31156,31155,31125,31129,31132,22318,31143,31134,31142,31136,31168,31131,31130,20142,31135,31163,31133,31128,31169,31170,31171,31172,31177,31154,31153,31152,31174,31145,31144,31138,31167,31137,31179,31166,31165,31161,31160,31151,31149,21990,31150,31181,31183,31182,31186,31184,31178,31180],"aioseo_notices":[],"_links":{"self":[{"href":"https:\/\/www.cocondedecoration.com\/blog\/wp-json\/wp\/v2\/posts\/49192"}],"collection":[{"href":"https:\/\/www.cocondedecoration.com\/blog\/wp-json\/wp\/v2\/posts"}],"about":[{"href":"https:\/\/www.cocondedecoration.com\/blog\/wp-json\/wp\/v2\/types\/post"}],"author":[{"embeddable":true,"href":"https:\/\/www.cocondedecoration.com\/blog\/wp-json\/wp\/v2\/users\/1"}],"replies":[{"embeddable":true,"href":"https:\/\/www.cocondedecoration.com\/blog\/wp-json\/wp\/v2\/comments?post=49192"}],"version-history":[{"count":0,"href":"https:\/\/www.cocondedecoration.com\/blog\/wp-json\/wp\/v2\/posts\/49192\/revisions"}],"wp:featuredmedia":[{"embeddable":true,"href":"https:\/\/www.cocondedecoration.com\/blog\/wp-json\/wp\/v2\/media\/49278"}],"wp:attachment":[{"href":"https:\/\/www.cocondedecoration.com\/blog\/wp-json\/wp\/v2\/media?parent=49192"}],"wp:term":[{"taxonomy":"category","embeddable":true,"href":"https:\/\/www.cocondedecoration.com\/blog\/wp-json\/wp\/v2\/categories?post=49192"},{"taxonomy":"post_tag","embeddable":true,"href":"https:\/\/www.cocondedecoration.com\/blog\/wp-json\/wp\/v2\/tags?post=49192"}],"curies":[{"name":"wp","href":"https:\/\/api.w.org\/{rel}","templated":true}]}}