{"id":4917,"date":"2013-08-20T06:47:51","date_gmt":"2013-08-20T04:47:51","guid":{"rendered":"http:\/\/www.cocondedecoration.com\/blog\/?p=4917"},"modified":"2013-08-19T20:00:58","modified_gmt":"2013-08-19T18:00:58","slug":"jardins-de-fin-dete","status":"publish","type":"post","link":"https:\/\/www.cocondedecoration.com\/blog\/2013\/08\/jardins-de-fin-dete\/","title":{"rendered":"Jardins de fin d&rsquo;\u00e9t\u00e9"},"content":{"rendered":"<p style=\"text-align: justify;\">Avec la rentr\u00e9e des classes qui approche, je pense malheureusement \u00e0 l'automne qui va se profiler. J'aime cette saison pour ces couleurs, pour les feuilles qui tombent dans les rues. Je me dis que cette ann\u00e9e, il faudrait que je prenne soin de mon jardin avant la fin de l'\u00e9t\u00e9, avant qu'il ne pleuve 5 jours sur 7. Surtout que normalement, l'\u00e9t\u00e9 prochain nous ne serons plus ici. Je me dis qu'un bon coup de nettoyage sur la terrasse ne serait pas un mal. Je devrais aussi tailler la passiflore qui fait un joli rideau contre le mur (d'ailleurs, un jour je vous la montrerai). La menthe aussi aurait besoin d'un bon coup de cisaille... Pour vous donner une id\u00e9e de notre jardin, on peut dire qu'il est loin de ressembler aux jardins \u00e0 la fran\u00e7aise, avec leurs perspectives, leurs parterres travaill\u00e9s et tout \u00e7a! Notre jardin est simple mais il nous ressemble. Il est id\u00e9al pour boire un caf\u00e9 le matin en regardant le ciel et le beffroi assis sur les marches.<\/p>\n<p style=\"text-align: justify;\"><a href=\"http:\/\/www.cocondedecoration.com\/blog\/wp-content\/uploads\/2013\/08\/jardin-paysagiste-aide.jpg\"><img loading=\"lazy\" decoding=\"async\" class=\"aligncenter size-full wp-image-4918\" alt=\"jardin paysagiste aide\" src=\"http:\/\/www.cocondedecoration.com\/blog\/wp-content\/uploads\/2013\/08\/jardin-paysagiste-aide.jpg\" width=\"500\" height=\"666\" srcset=\"https:\/\/www.cocondedecoration.com\/blog\/wp-content\/uploads\/2013\/08\/jardin-paysagiste-aide.jpg 500w, https:\/\/www.cocondedecoration.com\/blog\/wp-content\/uploads\/2013\/08\/jardin-paysagiste-aide-260x346.jpg 260w\" sizes=\"(max-width: 500px) 100vw, 500px\" \/><\/a><a href=\"http:\/\/0509ravenous.tumblr.com\/post\/26971082324\" target=\"_blank\">Source <\/a><\/p>\n<p style=\"text-align: justify;\">Le temps passe et l'id\u00e9e de <a href=\"http:\/\/www.annuaire.paysagiste.info\/R-264-A1-0-paysagistes-entrepreneurs.html\" target=\"_blank\">trouver un paysagiste<\/a> est r\u00e9currente. Gain de temps, conseils de professionnels pour l'entretien, conseils aussi pour l'am\u00e9nagement... Et il faut dire que je n'aime pas sp\u00e9cialement mettre les mains dans la terre. Mettre les mains dans l'enduit, la peinture, \u00e7a roule pour moi, mais la terre, \u00e7a me pose plus de probl\u00e8me. Je me dis aussi que pour mettre en valeur mon micro salon de jardin que j'aime tant, faire appel \u00e0 un paysagiste pourrait \u00eatre vraiment int\u00e9ressant.<\/p>\n<p style=\"text-align: justify;\"><a href=\"http:\/\/www.cocondedecoration.com\/blog\/wp-content\/uploads\/2013\/08\/paysagiste-automne.jpg\"><img loading=\"lazy\" decoding=\"async\" class=\"aligncenter size-full wp-image-4920\" alt=\"paysagiste automne\" src=\"http:\/\/www.cocondedecoration.com\/blog\/wp-content\/uploads\/2013\/08\/paysagiste-automne.jpg\" width=\"360\" height=\"480\" srcset=\"https:\/\/www.cocondedecoration.com\/blog\/wp-content\/uploads\/2013\/08\/paysagiste-automne.jpg 360w, https:\/\/www.cocondedecoration.com\/blog\/wp-content\/uploads\/2013\/08\/paysagiste-automne-260x346.jpg 260w\" sizes=\"(max-width: 360px) 100vw, 360px\" \/><\/a><a href=\"http:\/\/www.bhg.com\/gardening\/flowers\/perennials\/fall-garden-plants\/?sssdmh=dm17.546893&amp;esrc=nwwu090611&amp;email=3558964436#page=2\" target=\"_blank\">Source<\/a><\/p>\n<p style=\"text-align: justify;\">Ce qui pourrait \u00eatre bien, l\u00e0 maintenant tout de suite, c'est qu'un paysagiste pourrait m'aider \u00e0 pr\u00e9parer mon ext\u00e9rieur pour l'automne et l'hiver (oui j'ai os\u00e9 \u00e9crire le nom de cette saison infernale). Il pourrait aussi m'aider \u00e0 presque <a href=\"http:\/\/www.paysagiste.info\/\" target=\"_blank\">tout savoir sur l'am\u00e9nagement ext\u00e9rieur <\/a>\u00e0 pr\u00e9voir pour les saisons difficiles - presque, parce que je pars tellement de loin, qu'il va lui falloir de la patience!<\/p>\n<p style=\"text-align: justify;\"><a href=\"http:\/\/www.cocondedecoration.com\/blog\/wp-content\/uploads\/2013\/08\/paysagisme-fin-ete.jpg\"><img loading=\"lazy\" decoding=\"async\" class=\"aligncenter size-large wp-image-4919\" alt=\"paysagisme fin ete\" src=\"http:\/\/www.cocondedecoration.com\/blog\/wp-content\/uploads\/2013\/08\/paysagisme-fin-ete-640x891.jpg\" width=\"630\" height=\"877\" srcset=\"https:\/\/www.cocondedecoration.com\/blog\/wp-content\/uploads\/2013\/08\/paysagisme-fin-ete-640x891.jpg 640w, https:\/\/www.cocondedecoration.com\/blog\/wp-content\/uploads\/2013\/08\/paysagisme-fin-ete-260x362.jpg 260w, https:\/\/www.cocondedecoration.com\/blog\/wp-content\/uploads\/2013\/08\/paysagisme-fin-ete.jpg 736w\" sizes=\"(max-width: 630px) 100vw, 630px\" \/><\/a><a href=\"http:\/\/turningpoint2.tumblr.com\/post\/31112469468\" target=\"_blank\">Source <\/a><\/p>\n","protected":false},"excerpt":{"rendered":"<p>Avec la rentr\u00e9e des classes qui approche, je pense malheureusement \u00e0 l&rsquo;automne qui va se profiler. J&rsquo;aime cette saison pour ces couleurs, pour les feuilles qui tombent dans les rues. Je me dis que cette ann\u00e9e, il faudrait que je prenne soin de mon jardin avant la fin de l&rsquo;\u00e9t\u00e9,<span class=\"more-link\"><a href=\"https:\/\/www.cocondedecoration.com\/blog\/2013\/08\/jardins-de-fin-dete\/\">Lire la suite<\/a><\/span><\/p>\n","protected":false},"author":1,"featured_media":4918,"comment_status":"open","ping_status":"open","sticky":false,"template":"","format":"standard","meta":{"om_disable_all_campaigns":false,"_monsterinsights_skip_tracking":false,"_monsterinsights_sitenote_active":false,"_monsterinsights_sitenote_note":"","_monsterinsights_sitenote_category":0,"_uf_show_specific_survey":0,"_uf_disable_surveys":false,"footnotes":""},"categories":[592],"tags":[141,390,308,22,773,876,678],"aioseo_notices":[],"_links":{"self":[{"href":"https:\/\/www.cocondedecoration.com\/blog\/wp-json\/wp\/v2\/posts\/4917"}],"collection":[{"href":"https:\/\/www.cocondedecoration.com\/blog\/wp-json\/wp\/v2\/posts"}],"about":[{"href":"https:\/\/www.cocondedecoration.com\/blog\/wp-json\/wp\/v2\/types\/post"}],"author":[{"embeddable":true,"href":"https:\/\/www.cocondedecoration.com\/blog\/wp-json\/wp\/v2\/users\/1"}],"replies":[{"embeddable":true,"href":"https:\/\/www.cocondedecoration.com\/blog\/wp-json\/wp\/v2\/comments?post=4917"}],"version-history":[{"count":0,"href":"https:\/\/www.cocondedecoration.com\/blog\/wp-json\/wp\/v2\/posts\/4917\/revisions"}],"wp:featuredmedia":[{"embeddable":true,"href":"https:\/\/www.cocondedecoration.com\/blog\/wp-json\/wp\/v2\/media\/4918"}],"wp:attachment":[{"href":"https:\/\/www.cocondedecoration.com\/blog\/wp-json\/wp\/v2\/media?parent=4917"}],"wp:term":[{"taxonomy":"category","embeddable":true,"href":"https:\/\/www.cocondedecoration.com\/blog\/wp-json\/wp\/v2\/categories?post=4917"},{"taxonomy":"post_tag","embeddable":true,"href":"https:\/\/www.cocondedecoration.com\/blog\/wp-json\/wp\/v2\/tags?post=4917"}],"curies":[{"name":"wp","href":"https:\/\/api.w.org\/{rel}","templated":true}]}}