{"id":4735,"date":"2013-07-08T08:09:49","date_gmt":"2013-07-08T06:09:49","guid":{"rendered":"http:\/\/www.cocondedecoration.com\/blog\/?p=4735"},"modified":"2013-07-08T08:09:49","modified_gmt":"2013-07-08T06:09:49","slug":"maisons-de-plage","status":"publish","type":"post","link":"https:\/\/www.cocondedecoration.com\/blog\/2013\/07\/maisons-de-plage\/","title":{"rendered":"Maisons de plage"},"content":{"rendered":"<p style=\"text-align: justify;\">Le soleil est enfin l\u00e0 sur Dunkerque depuis samedi. C'est dingue ce que \u00e7a fait du bien! On profite enfin du jardin, d'ailleurs j'ai pu me rendre compte que la passiflore avait commenc\u00e9 \u00e0 fleurir. On a profit\u00e9 aussi de la ville en faisant les soldes, en allant voir une parade et en squattant la terrasse d'un caf\u00e9... Bref, c'est l'\u00e9t\u00e9. D'ailleurs, on est aussi en train de planifi\u00e9 nos vacances avec Ch\u00e9ri. On a fait le tour des agences de voyage samedi apr\u00e8s-midi. Cet apr\u00e8s-midi, je vais r\u00e9serv\u00e9. On part en Gr\u00e8ce, \u00e0 Rhodes dans un h\u00f4tel. (Je n'adh\u00e8re pas au camping). On a du bol de vivre \u00e0 c\u00f4t\u00e9 de la Belgique, cela nous permet d'avoir plusieurs a\u00e9roports \u00e0 \"proximit\u00e9\" et de partir avec une compagnie belge. On l'a fait la derni\u00e8re fois que nous sommes partis, il y a 3 ans en Turquie. Dans moins de 15 jours, on sera enfin en vacances!!! trop bien! Par rapport \u00e0 la derni\u00e8re fois que nous sommes partis, ce coup-ci on s'y pr\u00e9pare plus en avance et on a des valises. Nickel! je vais juste avoir \u00e0 acheter deux maillots de bain et de la cr\u00e8me solaire - m\u00eame si je suis d\u00e9j\u00e0 rouge comme mes docs vernies!<\/p>\n<p style=\"text-align: justify;\">Bref, tout \u00e7a ne me donne pas des masses envie de travailler... J'ai plus envie de penser aux vacances. Mais je vais savoir tenir et avancer dans les projets. Pour la peine, je vous mets quelques images de jolies maisons de plage ce qui devrait vous permettre de vous \u00e9vader quelques instants et de patienter jusqu'\u00e0 vos vacances.<\/p>\n<p style=\"text-align: justify;\">Bonne semaine pour celles et ceux qui bossent!<\/p>\n<p style=\"text-align: justify;\"><a href=\"http:\/\/www.cocondedecoration.com\/blog\/wp-content\/uploads\/2013\/07\/maison-de-plage.jpg\"><img loading=\"lazy\" decoding=\"async\" class=\"aligncenter size-full wp-image-4740\" alt=\"maison de plage\" src=\"http:\/\/www.cocondedecoration.com\/blog\/wp-content\/uploads\/2013\/07\/maison-de-plage.jpg\" width=\"471\" height=\"600\" srcset=\"https:\/\/www.cocondedecoration.com\/blog\/wp-content\/uploads\/2013\/07\/maison-de-plage.jpg 471w, https:\/\/www.cocondedecoration.com\/blog\/wp-content\/uploads\/2013\/07\/maison-de-plage-260x331.jpg 260w\" sizes=\"(max-width: 471px) 100vw, 471px\" \/><\/a><a href=\"http:\/\/myscandinavianhome.blogspot.fr\/2013\/06\/a-beautiful-brazilian-get-away.html\" target=\"_blank\">Source <\/a><\/p>\n<p style=\"text-align: justify;\"><a href=\"http:\/\/www.cocondedecoration.com\/blog\/wp-content\/uploads\/2013\/07\/cuisine-maison-de-vacances.jpg\"><img loading=\"lazy\" decoding=\"async\" class=\"aligncenter size-full wp-image-4736\" alt=\"cuisine maison de vacances\" src=\"http:\/\/www.cocondedecoration.com\/blog\/wp-content\/uploads\/2013\/07\/cuisine-maison-de-vacances.jpg\" width=\"471\" height=\"600\" srcset=\"https:\/\/www.cocondedecoration.com\/blog\/wp-content\/uploads\/2013\/07\/cuisine-maison-de-vacances.jpg 471w, https:\/\/www.cocondedecoration.com\/blog\/wp-content\/uploads\/2013\/07\/cuisine-maison-de-vacances-260x331.jpg 260w\" sizes=\"(max-width: 471px) 100vw, 471px\" \/><\/a><a href=\"http:\/\/pinterest.com\/pin\/144607838008082197\/\" target=\"_blank\">Source <\/a><\/p>\n<p style=\"text-align: justify;\"><a href=\"http:\/\/www.cocondedecoration.com\/blog\/wp-content\/uploads\/2013\/07\/volet-et-facade-maison-de-vacances.jpg\"><img loading=\"lazy\" decoding=\"async\" class=\"aligncenter size-full wp-image-4742\" alt=\"volet et facade maison de vacances\" src=\"http:\/\/www.cocondedecoration.com\/blog\/wp-content\/uploads\/2013\/07\/volet-et-facade-maison-de-vacances.jpg\" width=\"467\" height=\"700\" srcset=\"https:\/\/www.cocondedecoration.com\/blog\/wp-content\/uploads\/2013\/07\/volet-et-facade-maison-de-vacances.jpg 467w, https:\/\/www.cocondedecoration.com\/blog\/wp-content\/uploads\/2013\/07\/volet-et-facade-maison-de-vacances-260x389.jpg 260w\" sizes=\"(max-width: 467px) 100vw, 467px\" \/><\/a><a href=\"http:\/\/avalonjacksonvillebeach.com\/andy-reynolds-homes\/\" target=\"_blank\">Source <\/a><\/p>\n<p style=\"text-align: justify;\"><a href=\"http:\/\/www.cocondedecoration.com\/blog\/wp-content\/uploads\/2013\/07\/details-deco-vacances.jpg\"><img loading=\"lazy\" decoding=\"async\" class=\"aligncenter size-large wp-image-4738\" alt=\"details deco vacances\" src=\"http:\/\/www.cocondedecoration.com\/blog\/wp-content\/uploads\/2013\/07\/details-deco-vacances-640x827.jpg\" width=\"630\" height=\"814\" srcset=\"https:\/\/www.cocondedecoration.com\/blog\/wp-content\/uploads\/2013\/07\/details-deco-vacances-640x827.jpg 640w, https:\/\/www.cocondedecoration.com\/blog\/wp-content\/uploads\/2013\/07\/details-deco-vacances-260x336.jpg 260w, https:\/\/www.cocondedecoration.com\/blog\/wp-content\/uploads\/2013\/07\/details-deco-vacances.jpg 736w\" sizes=\"(max-width: 630px) 100vw, 630px\" \/><\/a><a href=\"http:\/\/annabellea.com\/blog\/2011\/08\/14\/aqua-dresser-finished\/\" target=\"_blank\">Source <\/a><\/p>\n<p style=\"text-align: justify;\"><a href=\"http:\/\/www.cocondedecoration.com\/blog\/wp-content\/uploads\/2013\/07\/deco-maison-de-plage.jpg\"><img loading=\"lazy\" decoding=\"async\" class=\"aligncenter size-full wp-image-4737\" alt=\"deco maison de plage\" src=\"http:\/\/www.cocondedecoration.com\/blog\/wp-content\/uploads\/2013\/07\/deco-maison-de-plage.jpg\" width=\"427\" height=\"640\" srcset=\"https:\/\/www.cocondedecoration.com\/blog\/wp-content\/uploads\/2013\/07\/deco-maison-de-plage.jpg 427w, https:\/\/www.cocondedecoration.com\/blog\/wp-content\/uploads\/2013\/07\/deco-maison-de-plage-260x389.jpg 260w\" sizes=\"(max-width: 427px) 100vw, 427px\" \/><\/a><a href=\"http:\/\/ppebble.blogspot.fr\/search\/label\/Beach%20House\" target=\"_blank\">Source <\/a><\/p>\n<p style=\"text-align: justify;\"><a href=\"http:\/\/www.cocondedecoration.com\/blog\/wp-content\/uploads\/2013\/07\/salle-a-manger-deco-et-vacances.jpg\"><img loading=\"lazy\" decoding=\"async\" class=\"aligncenter size-full wp-image-4741\" alt=\"salle a manger deco et vacances\" src=\"http:\/\/www.cocondedecoration.com\/blog\/wp-content\/uploads\/2013\/07\/salle-a-manger-deco-et-vacances.jpg\" width=\"450\" height=\"464\" srcset=\"https:\/\/www.cocondedecoration.com\/blog\/wp-content\/uploads\/2013\/07\/salle-a-manger-deco-et-vacances.jpg 450w, https:\/\/www.cocondedecoration.com\/blog\/wp-content\/uploads\/2013\/07\/salle-a-manger-deco-et-vacances-260x268.jpg 260w\" sizes=\"(max-width: 450px) 100vw, 450px\" \/><\/a><a href=\"smallshopstudio.com\/2013\/06\/06\/steal-this-look-tropical-mod-glam\/?utm_source=feedburner&amp;utm_medium=email&amp;utm_campaign=Feed:+SmallShopBlog+(shop+talk:+the+small+shop+blog)\" target=\"_blank\">Source <\/a><\/p>\n<p style=\"text-align: justify;\"><a href=\"http:\/\/www.cocondedecoration.com\/blog\/wp-content\/uploads\/2013\/07\/jardin-vacances.jpg\"><img loading=\"lazy\" decoding=\"async\" class=\"aligncenter size-full wp-image-4739\" alt=\"jardin vacances\" src=\"http:\/\/www.cocondedecoration.com\/blog\/wp-content\/uploads\/2013\/07\/jardin-vacances.jpg\" width=\"480\" height=\"640\" srcset=\"https:\/\/www.cocondedecoration.com\/blog\/wp-content\/uploads\/2013\/07\/jardin-vacances.jpg 480w, https:\/\/www.cocondedecoration.com\/blog\/wp-content\/uploads\/2013\/07\/jardin-vacances-260x346.jpg 260w\" sizes=\"(max-width: 480px) 100vw, 480px\" \/><\/a><a href=\"http:\/\/www.classiccasualhome.com\/2012\/04\/beach-home-and-garden-tour.html\" target=\"_blank\">Source <\/a><\/p>\n","protected":false},"excerpt":{"rendered":"<p>Le soleil est enfin l\u00e0 sur Dunkerque depuis samedi. C&rsquo;est dingue ce que \u00e7a fait du bien! On profite enfin du jardin, d&rsquo;ailleurs j&rsquo;ai pu me rendre compte que la passiflore avait commenc\u00e9 \u00e0 fleurir. On a profit\u00e9 aussi de la ville en faisant les soldes, en allant voir une<span class=\"more-link\"><a href=\"https:\/\/www.cocondedecoration.com\/blog\/2013\/07\/maisons-de-plage\/\">Lire la suite<\/a><\/span><\/p>\n","protected":false},"author":1,"featured_media":4736,"comment_status":"open","ping_status":"open","sticky":false,"template":"","format":"standard","meta":{"om_disable_all_campaigns":false,"_monsterinsights_skip_tracking":false,"_monsterinsights_sitenote_active":false,"_monsterinsights_sitenote_note":"","_monsterinsights_sitenote_category":0,"_uf_show_specific_survey":0,"_uf_disable_surveys":false,"footnotes":""},"categories":[4],"tags":[129,22,817,818,35,155,154],"aioseo_notices":[],"_links":{"self":[{"href":"https:\/\/www.cocondedecoration.com\/blog\/wp-json\/wp\/v2\/posts\/4735"}],"collection":[{"href":"https:\/\/www.cocondedecoration.com\/blog\/wp-json\/wp\/v2\/posts"}],"about":[{"href":"https:\/\/www.cocondedecoration.com\/blog\/wp-json\/wp\/v2\/types\/post"}],"author":[{"embeddable":true,"href":"https:\/\/www.cocondedecoration.com\/blog\/wp-json\/wp\/v2\/users\/1"}],"replies":[{"embeddable":true,"href":"https:\/\/www.cocondedecoration.com\/blog\/wp-json\/wp\/v2\/comments?post=4735"}],"version-history":[{"count":0,"href":"https:\/\/www.cocondedecoration.com\/blog\/wp-json\/wp\/v2\/posts\/4735\/revisions"}],"wp:featuredmedia":[{"embeddable":true,"href":"https:\/\/www.cocondedecoration.com\/blog\/wp-json\/wp\/v2\/media\/4736"}],"wp:attachment":[{"href":"https:\/\/www.cocondedecoration.com\/blog\/wp-json\/wp\/v2\/media?parent=4735"}],"wp:term":[{"taxonomy":"category","embeddable":true,"href":"https:\/\/www.cocondedecoration.com\/blog\/wp-json\/wp\/v2\/categories?post=4735"},{"taxonomy":"post_tag","embeddable":true,"href":"https:\/\/www.cocondedecoration.com\/blog\/wp-json\/wp\/v2\/tags?post=4735"}],"curies":[{"name":"wp","href":"https:\/\/api.w.org\/{rel}","templated":true}]}}