{"id":47194,"date":"2022-03-15T07:02:01","date_gmt":"2022-03-15T05:02:01","guid":{"rendered":"http:\/\/www.cocondedecoration.com\/blog\/?p=47194"},"modified":"2023-12-15T10:09:10","modified_gmt":"2023-12-15T08:09:10","slug":"objet-decoration-la-redoute","status":"publish","type":"post","link":"https:\/\/www.cocondedecoration.com\/blog\/2022\/03\/objet-decoration-la-redoute\/","title":{"rendered":"[Id\u00e9es d\u00e9co] Soigner les d\u00e9tails de son int\u00e9rieur avec La Redoute"},"content":{"rendered":"\n<p>Depuis le d\u00e9but de l'ann\u00e9e, je me suis lanc\u00e9e un d\u00e9fi: vous parler plus des d\u00e9tails d\u00e9co pour sublimer votre int\u00e9rieur. Je vous parle donc plus r\u00e9guli\u00e8rement de d\u00e9coration murale, de d\u00e9co au dessus des meubles notamment au dessus du buffet. Avec le changement de saison, c'est la bonne occasion pour changer quelques petits d\u00e9tails et apporter un vent de fraicheur dans son int\u00e9rieur. Cette fois, j'ai voulu regarder de plus pr\u00e8s les possibilit\u00e9s offertes par La Redoute. Le choix est vaste m\u00eame quand il est question de petite d\u00e9co. Dans la suite de cet article, il va \u00eatre question de coussins, de luminaire, d'objets pour mettre en valeur vos plantes et vos fleurs, mais aussi de bougeoirs. Et on commence avec la d\u00e9co murale. <\/p>\n\n\n\n<!--more-->\n\n\n\n<p>NOTE \/ MISE A JOUR 2023: Pour des raisons techniques et parce que mes journ\u00e9es ne font que 24h, j'ai \u00e9t\u00e9 dans l'obligation de d\u00e9sactiver les liens de cet article. Je suis d\u00e9sol\u00e9e de la g\u00e8ne occasionn\u00e9e. <a href=\"https:\/\/c3po.link\/QuYcPWcHgM\">Vous pouvez acc\u00e9der au site de La Redoute en cliquant ici<\/a>.<\/p>\n\n\n\n<div class=\"wp-block-columns has-2-columns is-layout-flex wp-container-core-columns-layout-1 wp-block-columns-is-layout-flex\">\n<div class=\"wp-block-column is-layout-flow wp-block-column-is-layout-flow\">\n<h2 class=\"wp-block-heading\">01 \u2022 Soigner sa d\u00e9coration murale avec La Redoute<\/h2>\n\n\n\n<p>On commence avec une th\u00e9matique dont je vous parle r\u00e9guli\u00e8rement: la d\u00e9coration murale. Et cet article est l'occasion pour moi de sortir un peu des sentiers battus en vous proposant des objets que je pr\u00e9sente rarement. Je sais que j'ai la f\u00e2cheuse habitude de vous proposer des affiches et illustrations \u00e0 encadrer pourtant il y a bien plus de choix. On peut penser par exemple: <\/p>\n\n\n\n<ul><li>Aux miroirs (rectangulaires, ovales, de formes organiques, ronds...); <\/li><li>Aux \u00e9tag\u00e8res murales qui permettent de ranger quelques livres, une petite plante ou encore des bougies; <\/li><li>A la d\u00e9coration boh\u00e8me avec des paniers en rotin, des chapeaux tress\u00e9s, des tentures venues d'ailleurs; <\/li><li>Aux objets d\u00e9coratifs qui donneront de la personnalit\u00e9 \u00e0 vos murs; <\/li><li>Aux tableaux qui peuvent aussi bien \u00eatre accroch\u00e9s au mur comme pos\u00e9s sur une enfilade... <\/li><\/ul>\n\n\n\n<p>En plus d'\u00eatre d\u00e9coratifs, ces objets ont parfois plus d'un tour dans leur sac. C'est le cas des miroirs, qui dans une petite pi\u00e8ce peu lumineuse, sont un atout. Ils refl\u00e8tent la lumi\u00e8re et donnent le sentiment que l'espace est plus grand. <\/p>\n\n\n\n<p>Gr\u00e2ce \u00e0 l'application La Redoute sur votre smartphone, trouvez de l'inspiration pour chaque pi\u00e8ce de la maison. <a href=\"https:\/\/www.awin1.com\/awclick.php?gid=417665&amp;mid=6968&amp;awinaffid=324003&amp;linkid=2931849\" target=\"_blank\" rel=\"noreferrer noopener\" aria-label=\"Rendez-vous ici pour la t\u00e9l\u00e9charger (s\u2019ouvre dans un nouvel onglet)\">Rendez-vous ici pour la t\u00e9l\u00e9charger<\/a>. <\/p>\n<\/div>\n\n\n\n<div class=\"wp-block-column is-layout-flow wp-block-column-is-layout-flow\">\n<figure class=\"wp-block-image\"><img loading=\"lazy\" decoding=\"async\" width=\"640\" height=\"960\" src=\"http:\/\/www.cocondedecoration.com\/blog\/wp-content\/uploads\/2022\/03\/petite-deco-murale-exemple-640x960.jpeg\" alt=\"petite deco murale exemple Affiche motifs graphiques encadr\u00e9e noir et blanc abstrait tendance\" class=\"wp-image-47219\" srcset=\"https:\/\/www.cocondedecoration.com\/blog\/wp-content\/uploads\/2022\/03\/petite-deco-murale-exemple-640x960.jpeg 640w, https:\/\/www.cocondedecoration.com\/blog\/wp-content\/uploads\/2022\/03\/petite-deco-murale-exemple-260x390.jpeg 260w, https:\/\/www.cocondedecoration.com\/blog\/wp-content\/uploads\/2022\/03\/petite-deco-murale-exemple-768x1152.jpeg 768w, https:\/\/www.cocondedecoration.com\/blog\/wp-content\/uploads\/2022\/03\/petite-deco-murale-exemple-367x550.jpeg 367w, https:\/\/www.cocondedecoration.com\/blog\/wp-content\/uploads\/2022\/03\/petite-deco-murale-exemple-333x500.jpeg 333w, https:\/\/www.cocondedecoration.com\/blog\/wp-content\/uploads\/2022\/03\/petite-deco-murale-exemple.jpeg 1000w\" sizes=\"(max-width: 640px) 100vw, 640px\" \/><figcaption>Affiche motifs graphiques encadr\u00e9e - La Redoute Int\u00e9rieurs<\/figcaption><\/figure>\n<\/div>\n<\/div>\n\n\n\n<div class=\"wp-block-columns has-4-columns is-layout-flex wp-container-core-columns-layout-2 wp-block-columns-is-layout-flex\">\n<div class=\"wp-block-column is-layout-flow wp-block-column-is-layout-flow\">\n<figure class=\"wp-block-image\"><img loading=\"lazy\" decoding=\"async\" width=\"500\" height=\"500\" src=\"http:\/\/www.cocondedecoration.com\/blog\/wp-content\/uploads\/2022\/03\/petite-deco-murale-moderne-1.jpeg\" alt=\"petite deco murale moderne Lot de 3 \u00e9ventails muraux en laiton \u00e9l\u00e9gant original\" class=\"wp-image-47211\" srcset=\"https:\/\/www.cocondedecoration.com\/blog\/wp-content\/uploads\/2022\/03\/petite-deco-murale-moderne-1.jpeg 500w, https:\/\/www.cocondedecoration.com\/blog\/wp-content\/uploads\/2022\/03\/petite-deco-murale-moderne-1-165x165.jpeg 165w, https:\/\/www.cocondedecoration.com\/blog\/wp-content\/uploads\/2022\/03\/petite-deco-murale-moderne-1-260x260.jpeg 260w, https:\/\/www.cocondedecoration.com\/blog\/wp-content\/uploads\/2022\/03\/petite-deco-murale-moderne-1-465x465.jpeg 465w\" sizes=\"(max-width: 500px) 100vw, 500px\" \/><figcaption>Lot de 3 \u00e9ventails muraux en laiton- La Redoute Int\u00e9rieurs<\/figcaption><\/figure>\n\n\n\n<figure class=\"wp-block-image\"><img loading=\"lazy\" decoding=\"async\" width=\"500\" height=\"500\" src=\"http:\/\/www.cocondedecoration.com\/blog\/wp-content\/uploads\/2022\/03\/petite-deco-murale-moderne-5.jpeg\" alt=\"petite deco murale moderne Affiche imprim\u00e9e encadr\u00e9e 50x70 cm terracotta noir gris blanc moderne abstrait\" class=\"wp-image-47215\" srcset=\"https:\/\/www.cocondedecoration.com\/blog\/wp-content\/uploads\/2022\/03\/petite-deco-murale-moderne-5.jpeg 500w, https:\/\/www.cocondedecoration.com\/blog\/wp-content\/uploads\/2022\/03\/petite-deco-murale-moderne-5-165x165.jpeg 165w, https:\/\/www.cocondedecoration.com\/blog\/wp-content\/uploads\/2022\/03\/petite-deco-murale-moderne-5-260x260.jpeg 260w, https:\/\/www.cocondedecoration.com\/blog\/wp-content\/uploads\/2022\/03\/petite-deco-murale-moderne-5-465x465.jpeg 465w\" sizes=\"(max-width: 500px) 100vw, 500px\" \/><figcaption>Affiche imprim\u00e9e encadr\u00e9e - La Redoute Int\u00e9rieurs<\/figcaption><\/figure>\n\n\n\n<figure class=\"wp-block-image\"><img loading=\"lazy\" decoding=\"async\" width=\"500\" height=\"500\" src=\"http:\/\/www.cocondedecoration.com\/blog\/wp-content\/uploads\/2022\/03\/petite-deco-murale-elegante-1.jpeg\" alt=\"petite deco murale elegante Objet d\u00e9coratif mural effet grand collier ethnique\" class=\"wp-image-47239\" srcset=\"https:\/\/www.cocondedecoration.com\/blog\/wp-content\/uploads\/2022\/03\/petite-deco-murale-elegante-1.jpeg 500w, https:\/\/www.cocondedecoration.com\/blog\/wp-content\/uploads\/2022\/03\/petite-deco-murale-elegante-1-165x165.jpeg 165w, https:\/\/www.cocondedecoration.com\/blog\/wp-content\/uploads\/2022\/03\/petite-deco-murale-elegante-1-260x260.jpeg 260w, https:\/\/www.cocondedecoration.com\/blog\/wp-content\/uploads\/2022\/03\/petite-deco-murale-elegante-1-465x465.jpeg 465w\" sizes=\"(max-width: 500px) 100vw, 500px\" \/><figcaption>Objet d\u00e9coratif mural - AMPM<\/figcaption><\/figure>\n<\/div>\n\n\n\n<div class=\"wp-block-column is-layout-flow wp-block-column-is-layout-flow\">\n<figure class=\"wp-block-image\"><img loading=\"lazy\" decoding=\"async\" width=\"500\" height=\"500\" src=\"http:\/\/www.cocondedecoration.com\/blog\/wp-content\/uploads\/2022\/03\/petite-deco-murale-moderne-2.jpeg\" alt=\"petite deco murale moderne Miroir rectangulaire en m\u00e9tal 60x90 cm laiton \u00e9l\u00e9gant\" class=\"wp-image-47212\" srcset=\"https:\/\/www.cocondedecoration.com\/blog\/wp-content\/uploads\/2022\/03\/petite-deco-murale-moderne-2.jpeg 500w, https:\/\/www.cocondedecoration.com\/blog\/wp-content\/uploads\/2022\/03\/petite-deco-murale-moderne-2-165x165.jpeg 165w, https:\/\/www.cocondedecoration.com\/blog\/wp-content\/uploads\/2022\/03\/petite-deco-murale-moderne-2-260x260.jpeg 260w, https:\/\/www.cocondedecoration.com\/blog\/wp-content\/uploads\/2022\/03\/petite-deco-murale-moderne-2-465x465.jpeg 465w\" sizes=\"(max-width: 500px) 100vw, 500px\" \/><figcaption>Miroir rectangulaire en laiton - La Redoute Int\u00e9rieurs<\/figcaption><\/figure>\n\n\n\n<figure class=\"wp-block-image\"><img loading=\"lazy\" decoding=\"async\" width=\"500\" height=\"500\" src=\"http:\/\/www.cocondedecoration.com\/blog\/wp-content\/uploads\/2022\/03\/petite-deco-murale-moderne-6.jpeg\" alt=\"petite deco murale moderne Lot de 3 paniers muraux naturel et noir ambiance boh\u00e8me nature\" class=\"wp-image-47216\" srcset=\"https:\/\/www.cocondedecoration.com\/blog\/wp-content\/uploads\/2022\/03\/petite-deco-murale-moderne-6.jpeg 500w, https:\/\/www.cocondedecoration.com\/blog\/wp-content\/uploads\/2022\/03\/petite-deco-murale-moderne-6-165x165.jpeg 165w, https:\/\/www.cocondedecoration.com\/blog\/wp-content\/uploads\/2022\/03\/petite-deco-murale-moderne-6-260x260.jpeg 260w, https:\/\/www.cocondedecoration.com\/blog\/wp-content\/uploads\/2022\/03\/petite-deco-murale-moderne-6-465x465.jpeg 465w\" sizes=\"(max-width: 500px) 100vw, 500px\" \/><figcaption>Lot de 3 paniers muraux- La Redoute Int\u00e9rieurs<\/figcaption><\/figure>\n\n\n\n<figure class=\"wp-block-image\"><img loading=\"lazy\" decoding=\"async\" width=\"500\" height=\"500\" src=\"http:\/\/www.cocondedecoration.com\/blog\/wp-content\/uploads\/2022\/03\/petite-deco-murale-elegante-2.jpeg\" alt=\"petite deco murale elegante Art mural en papier gaufr\u00e9 tableau ton sur ton \" class=\"wp-image-47240\" srcset=\"https:\/\/www.cocondedecoration.com\/blog\/wp-content\/uploads\/2022\/03\/petite-deco-murale-elegante-2.jpeg 500w, https:\/\/www.cocondedecoration.com\/blog\/wp-content\/uploads\/2022\/03\/petite-deco-murale-elegante-2-165x165.jpeg 165w, https:\/\/www.cocondedecoration.com\/blog\/wp-content\/uploads\/2022\/03\/petite-deco-murale-elegante-2-260x260.jpeg 260w, https:\/\/www.cocondedecoration.com\/blog\/wp-content\/uploads\/2022\/03\/petite-deco-murale-elegante-2-465x465.jpeg 465w\" sizes=\"(max-width: 500px) 100vw, 500px\" \/><figcaption>Art mural en papier gaufr\u00e9 - AMPM<\/figcaption><\/figure>\n<\/div>\n\n\n\n<div class=\"wp-block-column is-layout-flow wp-block-column-is-layout-flow\">\n<figure class=\"wp-block-image\"><img loading=\"lazy\" decoding=\"async\" width=\"500\" height=\"500\" src=\"http:\/\/www.cocondedecoration.com\/blog\/wp-content\/uploads\/2022\/03\/petite-deco-murale-moderne-3.jpeg\" alt=\"petite deco murale moderne Etag\u00e8re murale m\u00e9tal ronde moderne design\" class=\"wp-image-47213\" srcset=\"https:\/\/www.cocondedecoration.com\/blog\/wp-content\/uploads\/2022\/03\/petite-deco-murale-moderne-3.jpeg 500w, https:\/\/www.cocondedecoration.com\/blog\/wp-content\/uploads\/2022\/03\/petite-deco-murale-moderne-3-165x165.jpeg 165w, https:\/\/www.cocondedecoration.com\/blog\/wp-content\/uploads\/2022\/03\/petite-deco-murale-moderne-3-260x260.jpeg 260w, https:\/\/www.cocondedecoration.com\/blog\/wp-content\/uploads\/2022\/03\/petite-deco-murale-moderne-3-465x465.jpeg 465w\" sizes=\"(max-width: 500px) 100vw, 500px\" \/><figcaption>Etag\u00e8re murale m\u00e9tal - La Redoute Int\u00e9rieurs<\/figcaption><\/figure>\n\n\n\n<figure class=\"wp-block-image\"><img loading=\"lazy\" decoding=\"async\" width=\"500\" height=\"500\" src=\"http:\/\/www.cocondedecoration.com\/blog\/wp-content\/uploads\/2022\/03\/petite-deco-murale-moderne-7.jpeg\" alt=\"petite deco murale moderne Lot de 2 libellules d\u00e9coratives en laiton chambre \u00e0 coucher\" class=\"wp-image-47217\" srcset=\"https:\/\/www.cocondedecoration.com\/blog\/wp-content\/uploads\/2022\/03\/petite-deco-murale-moderne-7.jpeg 500w, https:\/\/www.cocondedecoration.com\/blog\/wp-content\/uploads\/2022\/03\/petite-deco-murale-moderne-7-165x165.jpeg 165w, https:\/\/www.cocondedecoration.com\/blog\/wp-content\/uploads\/2022\/03\/petite-deco-murale-moderne-7-260x260.jpeg 260w, https:\/\/www.cocondedecoration.com\/blog\/wp-content\/uploads\/2022\/03\/petite-deco-murale-moderne-7-465x465.jpeg 465w\" sizes=\"(max-width: 500px) 100vw, 500px\" \/><figcaption>Lot de 2 libellules en laiton- La Redoute Int\u00e9rieurs<\/figcaption><\/figure>\n\n\n\n<figure class=\"wp-block-image\"><img loading=\"lazy\" decoding=\"async\" width=\"500\" height=\"500\" src=\"http:\/\/www.cocondedecoration.com\/blog\/wp-content\/uploads\/2022\/03\/petite-deco-murale-elegante-3.jpeg\" alt=\"petite deco murale elegante Miroir m\u00e9tal laiton vieilli H80 cm forme ovale tendance\" class=\"wp-image-47241\" srcset=\"https:\/\/www.cocondedecoration.com\/blog\/wp-content\/uploads\/2022\/03\/petite-deco-murale-elegante-3.jpeg 500w, https:\/\/www.cocondedecoration.com\/blog\/wp-content\/uploads\/2022\/03\/petite-deco-murale-elegante-3-165x165.jpeg 165w, https:\/\/www.cocondedecoration.com\/blog\/wp-content\/uploads\/2022\/03\/petite-deco-murale-elegante-3-260x260.jpeg 260w, https:\/\/www.cocondedecoration.com\/blog\/wp-content\/uploads\/2022\/03\/petite-deco-murale-elegante-3-465x465.jpeg 465w\" sizes=\"(max-width: 500px) 100vw, 500px\" \/><figcaption>Miroir m\u00e9tal laiton vieilli ovale - AMPM<\/figcaption><\/figure>\n<\/div>\n\n\n\n<div class=\"wp-block-column is-layout-flow wp-block-column-is-layout-flow\">\n<figure class=\"wp-block-image\"><img loading=\"lazy\" decoding=\"async\" width=\"500\" height=\"500\" src=\"http:\/\/www.cocondedecoration.com\/blog\/wp-content\/uploads\/2022\/03\/petite-deco-murale-moderne-4.jpeg\" alt=\"petite deco murale moderne Miroir forme organique taille M moderne tendance bord noir\" class=\"wp-image-47214\" srcset=\"https:\/\/www.cocondedecoration.com\/blog\/wp-content\/uploads\/2022\/03\/petite-deco-murale-moderne-4.jpeg 500w, https:\/\/www.cocondedecoration.com\/blog\/wp-content\/uploads\/2022\/03\/petite-deco-murale-moderne-4-165x165.jpeg 165w, https:\/\/www.cocondedecoration.com\/blog\/wp-content\/uploads\/2022\/03\/petite-deco-murale-moderne-4-260x260.jpeg 260w, https:\/\/www.cocondedecoration.com\/blog\/wp-content\/uploads\/2022\/03\/petite-deco-murale-moderne-4-465x465.jpeg 465w\" sizes=\"(max-width: 500px) 100vw, 500px\" \/><figcaption>Miroir forme organique - La Redoute Int\u00e9rieurs<\/figcaption><\/figure>\n\n\n\n<figure class=\"wp-block-image\"><img loading=\"lazy\" decoding=\"async\" width=\"500\" height=\"500\" src=\"http:\/\/www.cocondedecoration.com\/blog\/wp-content\/uploads\/2022\/03\/petite-deco-murale-moderne-8.jpeg\" alt=\"petite deco murale moderne Porte-revue mural en m\u00e9tal noir\" class=\"wp-image-47218\" srcset=\"https:\/\/www.cocondedecoration.com\/blog\/wp-content\/uploads\/2022\/03\/petite-deco-murale-moderne-8.jpeg 500w, https:\/\/www.cocondedecoration.com\/blog\/wp-content\/uploads\/2022\/03\/petite-deco-murale-moderne-8-165x165.jpeg 165w, https:\/\/www.cocondedecoration.com\/blog\/wp-content\/uploads\/2022\/03\/petite-deco-murale-moderne-8-260x260.jpeg 260w, https:\/\/www.cocondedecoration.com\/blog\/wp-content\/uploads\/2022\/03\/petite-deco-murale-moderne-8-465x465.jpeg 465w\" sizes=\"(max-width: 500px) 100vw, 500px\" \/><figcaption>Porte-revue mural- La Redoute Int\u00e9rieurs<\/figcaption><\/figure>\n\n\n\n<figure class=\"wp-block-image\"><img loading=\"lazy\" decoding=\"async\" width=\"500\" height=\"500\" src=\"http:\/\/www.cocondedecoration.com\/blog\/wp-content\/uploads\/2022\/03\/petite-deco-murale-elegante-4.jpeg\" alt=\"petite deco murale elegante Miroir en marbre \u00d880 cm rond\" class=\"wp-image-47242\" srcset=\"https:\/\/www.cocondedecoration.com\/blog\/wp-content\/uploads\/2022\/03\/petite-deco-murale-elegante-4.jpeg 500w, https:\/\/www.cocondedecoration.com\/blog\/wp-content\/uploads\/2022\/03\/petite-deco-murale-elegante-4-165x165.jpeg 165w, https:\/\/www.cocondedecoration.com\/blog\/wp-content\/uploads\/2022\/03\/petite-deco-murale-elegante-4-260x260.jpeg 260w, https:\/\/www.cocondedecoration.com\/blog\/wp-content\/uploads\/2022\/03\/petite-deco-murale-elegante-4-465x465.jpeg 465w\" sizes=\"(max-width: 500px) 100vw, 500px\" \/><figcaption>Miroir en marbre rond - AMPM<\/figcaption><\/figure>\n<\/div>\n<\/div>\n\n\n\n<div class=\"wp-block-columns has-2-columns is-layout-flex wp-container-core-columns-layout-3 wp-block-columns-is-layout-flex\">\n<div class=\"wp-block-column is-layout-flow wp-block-column-is-layout-flow\">\n<div style=\"height:100px\" aria-hidden=\"true\" class=\"wp-block-spacer\"><\/div>\n\n\n\n<h2 class=\"wp-block-heading\">02 \u2022 Coussins et taies d'oreiller - rafra\u00eechissez rapidement votre d\u00e9co <\/h2>\n\n\n\n<p>On a toutes et tous l'habitude de changer r\u00e9guli\u00e8rement la parure de lit. Cela permet de changer l'ambiance de la chambre \u00e0 coucher sans forc\u00e9ment faire des travaux. On ne change pas aussi souvent les housses de coussins. Pourtant dans le salon, c'est un petit geste qui vous permettra d'apporter une touche de nouveaut\u00e9 tr\u00e8s facilement (et rapidement). Que ce soit dans le lit, dans le canap\u00e9 ou dans un fauteuil, n'h\u00e9sitez pas \u00e0 mixer les diff\u00e9rents types de coussins. Formes, textiles, couleurs, motifs imprim\u00e9s sont des atouts pr\u00e9cieux pour apporter du dynamisme dans votre d\u00e9coration. <\/p>\n\n\n\n<p>Vous avez peur de faire une fausse note? Pas d'inqui\u00e9tude, il suffit de prendre les couleurs d\u00e9j\u00e0 pr\u00e9sentes dans votre d\u00e9coration de salon et de les d\u00e9cliner dans les housses de coussins. La fourrure va donner un c\u00f4t\u00e9 cosy \u00e0 votre canap\u00e9, le velours aussi avec une touche d'\u00e9l\u00e9gance en plus. Pour une d\u00e9co plus moderne, n'h\u00e9sitez pas \u00e0 int\u00e9grer parmi vos coussins unis, un ou deux coussins imprim\u00e9s. Les formes organiques, arrondies sont tr\u00e8s tendance actuellement. <\/p>\n<\/div>\n\n\n\n<div class=\"wp-block-column is-layout-flow wp-block-column-is-layout-flow\">\n<figure class=\"wp-block-image\"><img loading=\"lazy\" decoding=\"async\" width=\"640\" height=\"960\" src=\"http:\/\/www.cocondedecoration.com\/blog\/wp-content\/uploads\/2022\/03\/petite-deco-coussin-moderne-1-640x960.jpeg\" alt=\"petite deco coussin moderne Housse de coussin coton imprim\u00e9 fond \u00e9cru\" class=\"wp-image-47221\" srcset=\"https:\/\/www.cocondedecoration.com\/blog\/wp-content\/uploads\/2022\/03\/petite-deco-coussin-moderne-1-640x960.jpeg 640w, https:\/\/www.cocondedecoration.com\/blog\/wp-content\/uploads\/2022\/03\/petite-deco-coussin-moderne-1-260x390.jpeg 260w, https:\/\/www.cocondedecoration.com\/blog\/wp-content\/uploads\/2022\/03\/petite-deco-coussin-moderne-1-768x1152.jpeg 768w, https:\/\/www.cocondedecoration.com\/blog\/wp-content\/uploads\/2022\/03\/petite-deco-coussin-moderne-1-367x550.jpeg 367w, https:\/\/www.cocondedecoration.com\/blog\/wp-content\/uploads\/2022\/03\/petite-deco-coussin-moderne-1-333x500.jpeg 333w, https:\/\/www.cocondedecoration.com\/blog\/wp-content\/uploads\/2022\/03\/petite-deco-coussin-moderne-1.jpeg 1000w\" sizes=\"(max-width: 640px) 100vw, 640px\" \/><figcaption><a rel=\"noreferrer noopener\" aria-label=\"Housse de coussin coton (s\u2019ouvre dans un nouvel onglet)\" href=\"https:\/\/tidd.ly\/3sUGwS5\" target=\"_blank\">Housse de coussin coton<\/a>- La Redoute Int\u00e9rieurs<\/figcaption><\/figure>\n<\/div>\n<\/div>\n\n\n\n<div class=\"wp-block-columns has-4-columns is-layout-flex wp-container-core-columns-layout-4 wp-block-columns-is-layout-flex\">\n<div class=\"wp-block-column is-layout-flow wp-block-column-is-layout-flow\">\n<figure class=\"wp-block-image\"><img loading=\"lazy\" decoding=\"async\" width=\"500\" height=\"500\" src=\"http:\/\/www.cocondedecoration.com\/blog\/wp-content\/uploads\/2022\/03\/petite-deco-textile-coussin-moderne-1.jpeg\" alt=\"petite deco textile coussin moderne Housse de coussin bleu dor\u00e9 motif g\u00e9om\u00e9trique\" class=\"wp-image-47222\" srcset=\"https:\/\/www.cocondedecoration.com\/blog\/wp-content\/uploads\/2022\/03\/petite-deco-textile-coussin-moderne-1.jpeg 500w, https:\/\/www.cocondedecoration.com\/blog\/wp-content\/uploads\/2022\/03\/petite-deco-textile-coussin-moderne-1-165x165.jpeg 165w, https:\/\/www.cocondedecoration.com\/blog\/wp-content\/uploads\/2022\/03\/petite-deco-textile-coussin-moderne-1-260x260.jpeg 260w, https:\/\/www.cocondedecoration.com\/blog\/wp-content\/uploads\/2022\/03\/petite-deco-textile-coussin-moderne-1-465x465.jpeg 465w\" sizes=\"(max-width: 500px) 100vw, 500px\" \/><figcaption>Housse de coussin bleu \/ dor\u00e9- La Redoute Int\u00e9rieurs<\/figcaption><\/figure>\n\n\n\n<figure class=\"wp-block-image\"><img loading=\"lazy\" decoding=\"async\" width=\"500\" height=\"500\" src=\"http:\/\/www.cocondedecoration.com\/blog\/wp-content\/uploads\/2022\/03\/petite-deco-textile-coussin-moderne-5.jpeg\" alt=\"petite deco textile coussin moderne Housse de coussin tuft\u00e9e couleur naturelles et tendance\" class=\"wp-image-47226\" srcset=\"https:\/\/www.cocondedecoration.com\/blog\/wp-content\/uploads\/2022\/03\/petite-deco-textile-coussin-moderne-5.jpeg 500w, https:\/\/www.cocondedecoration.com\/blog\/wp-content\/uploads\/2022\/03\/petite-deco-textile-coussin-moderne-5-165x165.jpeg 165w, https:\/\/www.cocondedecoration.com\/blog\/wp-content\/uploads\/2022\/03\/petite-deco-textile-coussin-moderne-5-260x260.jpeg 260w, https:\/\/www.cocondedecoration.com\/blog\/wp-content\/uploads\/2022\/03\/petite-deco-textile-coussin-moderne-5-465x465.jpeg 465w\" sizes=\"(max-width: 500px) 100vw, 500px\" \/><figcaption>Housse de coussin tuft\u00e9e- La Redoute Int\u00e9rieurs<\/figcaption><\/figure>\n\n\n\n<figure class=\"wp-block-image\"><img loading=\"lazy\" decoding=\"async\" width=\"500\" height=\"500\" src=\"http:\/\/www.cocondedecoration.com\/blog\/wp-content\/uploads\/2022\/03\/petite-deco-salon-canape-1.jpeg\" alt=\"petite deco salon canape Housse de coussin noir et blanc chevrons\" class=\"wp-image-47258\" srcset=\"https:\/\/www.cocondedecoration.com\/blog\/wp-content\/uploads\/2022\/03\/petite-deco-salon-canape-1.jpeg 500w, https:\/\/www.cocondedecoration.com\/blog\/wp-content\/uploads\/2022\/03\/petite-deco-salon-canape-1-165x165.jpeg 165w, https:\/\/www.cocondedecoration.com\/blog\/wp-content\/uploads\/2022\/03\/petite-deco-salon-canape-1-260x260.jpeg 260w, https:\/\/www.cocondedecoration.com\/blog\/wp-content\/uploads\/2022\/03\/petite-deco-salon-canape-1-465x465.jpeg 465w\" sizes=\"(max-width: 500px) 100vw, 500px\" \/><figcaption>Housse de coussin - AMPM<\/figcaption><\/figure>\n<\/div>\n\n\n\n<div class=\"wp-block-column is-layout-flow wp-block-column-is-layout-flow\">\n<figure class=\"wp-block-image\"><img loading=\"lazy\" decoding=\"async\" width=\"500\" height=\"500\" src=\"http:\/\/www.cocondedecoration.com\/blog\/wp-content\/uploads\/2022\/03\/petite-deco-textile-coussin-moderne-2.jpeg\" alt=\"petite deco textile coussin moderne Housse de coussin 40 x 40 cm \u00e9cru brod\u00e9\" class=\"wp-image-47223\" srcset=\"https:\/\/www.cocondedecoration.com\/blog\/wp-content\/uploads\/2022\/03\/petite-deco-textile-coussin-moderne-2.jpeg 500w, https:\/\/www.cocondedecoration.com\/blog\/wp-content\/uploads\/2022\/03\/petite-deco-textile-coussin-moderne-2-165x165.jpeg 165w, https:\/\/www.cocondedecoration.com\/blog\/wp-content\/uploads\/2022\/03\/petite-deco-textile-coussin-moderne-2-260x260.jpeg 260w, https:\/\/www.cocondedecoration.com\/blog\/wp-content\/uploads\/2022\/03\/petite-deco-textile-coussin-moderne-2-465x465.jpeg 465w\" sizes=\"(max-width: 500px) 100vw, 500px\" \/><figcaption>Housse de coussin \u00e9cru brod\u00e9 - La Redoute Int\u00e9rieurs<\/figcaption><\/figure>\n\n\n\n<figure class=\"wp-block-image\"><img loading=\"lazy\" decoding=\"async\" width=\"500\" height=\"500\" src=\"http:\/\/www.cocondedecoration.com\/blog\/wp-content\/uploads\/2022\/03\/petite-deco-textile-coussin-moderne-6.jpeg\" alt=\"petite deco textile coussin moderne Housse de coussin coton \u00e9cru ocre et noir moderne\" class=\"wp-image-47227\" srcset=\"https:\/\/www.cocondedecoration.com\/blog\/wp-content\/uploads\/2022\/03\/petite-deco-textile-coussin-moderne-6.jpeg 500w, https:\/\/www.cocondedecoration.com\/blog\/wp-content\/uploads\/2022\/03\/petite-deco-textile-coussin-moderne-6-165x165.jpeg 165w, https:\/\/www.cocondedecoration.com\/blog\/wp-content\/uploads\/2022\/03\/petite-deco-textile-coussin-moderne-6-260x260.jpeg 260w, https:\/\/www.cocondedecoration.com\/blog\/wp-content\/uploads\/2022\/03\/petite-deco-textile-coussin-moderne-6-465x465.jpeg 465w\" sizes=\"(max-width: 500px) 100vw, 500px\" \/><figcaption>Housse de coussin imprim\u00e9e- La Redoute Int\u00e9rieurs<\/figcaption><\/figure>\n\n\n\n<figure class=\"wp-block-image\"><img loading=\"lazy\" decoding=\"async\" width=\"500\" height=\"500\" src=\"http:\/\/www.cocondedecoration.com\/blog\/wp-content\/uploads\/2022\/03\/petite-deco-salon-canape-2.jpeg\" alt=\"petite deco salon canape Housse de coussin en lin et coton couleur naturel \u00e9cru ambiance slow living\" class=\"wp-image-47259\" srcset=\"https:\/\/www.cocondedecoration.com\/blog\/wp-content\/uploads\/2022\/03\/petite-deco-salon-canape-2.jpeg 500w, https:\/\/www.cocondedecoration.com\/blog\/wp-content\/uploads\/2022\/03\/petite-deco-salon-canape-2-165x165.jpeg 165w, https:\/\/www.cocondedecoration.com\/blog\/wp-content\/uploads\/2022\/03\/petite-deco-salon-canape-2-260x260.jpeg 260w, https:\/\/www.cocondedecoration.com\/blog\/wp-content\/uploads\/2022\/03\/petite-deco-salon-canape-2-465x465.jpeg 465w\" sizes=\"(max-width: 500px) 100vw, 500px\" \/><figcaption>Housse de coussin en lin et coton - AMPM<\/figcaption><\/figure>\n<\/div>\n\n\n\n<div class=\"wp-block-column is-layout-flow wp-block-column-is-layout-flow\">\n<figure class=\"wp-block-image\"><img loading=\"lazy\" decoding=\"async\" width=\"500\" height=\"500\" src=\"http:\/\/www.cocondedecoration.com\/blog\/wp-content\/uploads\/2022\/03\/petite-deco-textile-coussin-moderne-3.jpeg\" alt=\"petite deco textile coussin moderne Taie oreiller coton motif et couleurs organiques naturels vert sauge marron\" class=\"wp-image-47224\" srcset=\"https:\/\/www.cocondedecoration.com\/blog\/wp-content\/uploads\/2022\/03\/petite-deco-textile-coussin-moderne-3.jpeg 500w, https:\/\/www.cocondedecoration.com\/blog\/wp-content\/uploads\/2022\/03\/petite-deco-textile-coussin-moderne-3-165x165.jpeg 165w, https:\/\/www.cocondedecoration.com\/blog\/wp-content\/uploads\/2022\/03\/petite-deco-textile-coussin-moderne-3-260x260.jpeg 260w, https:\/\/www.cocondedecoration.com\/blog\/wp-content\/uploads\/2022\/03\/petite-deco-textile-coussin-moderne-3-465x465.jpeg 465w\" sizes=\"(max-width: 500px) 100vw, 500px\" \/><figcaption>Taie oreiller coton- La Redoute Int\u00e9rieurs<\/figcaption><\/figure>\n\n\n\n<figure class=\"wp-block-image\"><img loading=\"lazy\" decoding=\"async\" width=\"500\" height=\"500\" src=\"http:\/\/www.cocondedecoration.com\/blog\/wp-content\/uploads\/2022\/03\/petite-deco-textile-coussin-moderne-7.jpeg\" alt=\"petite deco textile coussin moderne Housse de coussin blanc pois noir pompons\" class=\"wp-image-47228\" srcset=\"https:\/\/www.cocondedecoration.com\/blog\/wp-content\/uploads\/2022\/03\/petite-deco-textile-coussin-moderne-7.jpeg 500w, https:\/\/www.cocondedecoration.com\/blog\/wp-content\/uploads\/2022\/03\/petite-deco-textile-coussin-moderne-7-165x165.jpeg 165w, https:\/\/www.cocondedecoration.com\/blog\/wp-content\/uploads\/2022\/03\/petite-deco-textile-coussin-moderne-7-260x260.jpeg 260w, https:\/\/www.cocondedecoration.com\/blog\/wp-content\/uploads\/2022\/03\/petite-deco-textile-coussin-moderne-7-465x465.jpeg 465w\" sizes=\"(max-width: 500px) 100vw, 500px\" \/><figcaption>Housse de coussin - La Redoute Int\u00e9rieurs<\/figcaption><\/figure>\n\n\n\n<figure class=\"wp-block-image\"><img loading=\"lazy\" decoding=\"async\" width=\"500\" height=\"500\" src=\"http:\/\/www.cocondedecoration.com\/blog\/wp-content\/uploads\/2022\/03\/petite-deco-salon-canape-3.jpeg\" alt=\"petite deco salon canape Housse de coussin en coton terracotta et blanc\" class=\"wp-image-47260\" srcset=\"https:\/\/www.cocondedecoration.com\/blog\/wp-content\/uploads\/2022\/03\/petite-deco-salon-canape-3.jpeg 500w, https:\/\/www.cocondedecoration.com\/blog\/wp-content\/uploads\/2022\/03\/petite-deco-salon-canape-3-165x165.jpeg 165w, https:\/\/www.cocondedecoration.com\/blog\/wp-content\/uploads\/2022\/03\/petite-deco-salon-canape-3-260x260.jpeg 260w, https:\/\/www.cocondedecoration.com\/blog\/wp-content\/uploads\/2022\/03\/petite-deco-salon-canape-3-465x465.jpeg 465w\" sizes=\"(max-width: 500px) 100vw, 500px\" \/><figcaption>Housse de coussin en coton - AMPM<\/figcaption><\/figure>\n<\/div>\n\n\n\n<div class=\"wp-block-column is-layout-flow wp-block-column-is-layout-flow\">\n<figure class=\"wp-block-image\"><img loading=\"lazy\" decoding=\"async\" width=\"500\" height=\"500\" src=\"http:\/\/www.cocondedecoration.com\/blog\/wp-content\/uploads\/2022\/03\/petite-deco-textile-coussin-moderne-4.jpeg\" alt=\"petite deco textile coussin moderne Housse de coussin imitation fourrure vert fonc\u00e9 cosy nature\" class=\"wp-image-47225\" srcset=\"https:\/\/www.cocondedecoration.com\/blog\/wp-content\/uploads\/2022\/03\/petite-deco-textile-coussin-moderne-4.jpeg 500w, https:\/\/www.cocondedecoration.com\/blog\/wp-content\/uploads\/2022\/03\/petite-deco-textile-coussin-moderne-4-165x165.jpeg 165w, https:\/\/www.cocondedecoration.com\/blog\/wp-content\/uploads\/2022\/03\/petite-deco-textile-coussin-moderne-4-260x260.jpeg 260w, https:\/\/www.cocondedecoration.com\/blog\/wp-content\/uploads\/2022\/03\/petite-deco-textile-coussin-moderne-4-465x465.jpeg 465w\" sizes=\"(max-width: 500px) 100vw, 500px\" \/><figcaption>Housse de coussin imitation fourrure- La Redoute Int\u00e9rieurs<\/figcaption><\/figure>\n\n\n\n<figure class=\"wp-block-image\"><img loading=\"lazy\" decoding=\"async\" width=\"500\" height=\"500\" src=\"http:\/\/www.cocondedecoration.com\/blog\/wp-content\/uploads\/2022\/03\/petite-deco-textile-coussin-moderne-8.jpeg\" alt=\"petite deco textile coussin moderne Taie d'oreiller coton vert terracotta blanc imprim\u00e9 motif moderne\" class=\"wp-image-47229\" srcset=\"https:\/\/www.cocondedecoration.com\/blog\/wp-content\/uploads\/2022\/03\/petite-deco-textile-coussin-moderne-8.jpeg 500w, https:\/\/www.cocondedecoration.com\/blog\/wp-content\/uploads\/2022\/03\/petite-deco-textile-coussin-moderne-8-165x165.jpeg 165w, https:\/\/www.cocondedecoration.com\/blog\/wp-content\/uploads\/2022\/03\/petite-deco-textile-coussin-moderne-8-260x260.jpeg 260w, https:\/\/www.cocondedecoration.com\/blog\/wp-content\/uploads\/2022\/03\/petite-deco-textile-coussin-moderne-8-465x465.jpeg 465w\" sizes=\"(max-width: 500px) 100vw, 500px\" \/><figcaption>Taie d'oreiller imprim\u00e9e- La Redoute Int\u00e9rieurs<\/figcaption><\/figure>\n\n\n\n<figure class=\"wp-block-image\"><img loading=\"lazy\" decoding=\"async\" width=\"500\" height=\"500\" src=\"http:\/\/www.cocondedecoration.com\/blog\/wp-content\/uploads\/2022\/03\/petite-deco-salon-canape-4.jpeg\" alt=\"petite deco salon canape Housse de coussin brod\u00e9e \u00e9cru et noir\" class=\"wp-image-47261\" srcset=\"https:\/\/www.cocondedecoration.com\/blog\/wp-content\/uploads\/2022\/03\/petite-deco-salon-canape-4.jpeg 500w, https:\/\/www.cocondedecoration.com\/blog\/wp-content\/uploads\/2022\/03\/petite-deco-salon-canape-4-165x165.jpeg 165w, https:\/\/www.cocondedecoration.com\/blog\/wp-content\/uploads\/2022\/03\/petite-deco-salon-canape-4-260x260.jpeg 260w, https:\/\/www.cocondedecoration.com\/blog\/wp-content\/uploads\/2022\/03\/petite-deco-salon-canape-4-465x465.jpeg 465w\" sizes=\"(max-width: 500px) 100vw, 500px\" \/><figcaption>Housse de coussin brod\u00e9e - AMPM<\/figcaption><\/figure>\n<\/div>\n<\/div>\n\n\n\n<div class=\"wp-block-columns has-2-columns is-layout-flex wp-container-core-columns-layout-5 wp-block-columns-is-layout-flex\">\n<div class=\"wp-block-column is-layout-flow wp-block-column-is-layout-flow\">\n<div style=\"height:100px\" aria-hidden=\"true\" class=\"wp-block-spacer\"><\/div>\n\n\n\n<h2 class=\"wp-block-heading\">03 \u2022 V\u00e9g\u00e9taliser votre int\u00e9rieur gr\u00e2ce \u00e0 de nouveaux vases et cache-pots <\/h2>\n\n\n\n<p>Le printemps est bient\u00f4t l\u00e0 et peut-\u00eatre avez-vous envie que votre int\u00e9rieur soit en ad\u00e9quation avec la saison. Et pour cela, rien de mieux que d'ajouter des plantes vertes et des fleurs dans son int\u00e9rieur. En plus d'\u00eatre d\u00e9co, \u00e7a fait un bien fou au moral (parfait pour la fin de l'hiver!) <\/p>\n\n\n\n<p>Si vous vivez dans un petit logement, les plantes et les fleurs sont tr\u00e8s faciles \u00e0 utiliser pour d\u00e9corer votre int\u00e9rieur. G\u00e9n\u00e9ralement, ce type de d\u00e9co ne vous fait pas perdre de place. Voici quelques id\u00e9es: <\/p>\n\n\n\n<ul><li>Mettre une plante tombante au dessus de la biblioth\u00e8que (comme le lierre, le Senecio Rowleyanus ou le Pilea); <\/li><li>Utiliser le rebord de la fen\u00eatre pour cr\u00e9er un ensemble de petites plantes vertes. Selon l'exposition de votre fen\u00eatre, veillez \u00e0 choisir des vari\u00e9t\u00e9s ad\u00e9quates (s'il y a un fort ensoleillement, partez sur les succulentes ou des cactus qui supportent tr\u00e8s bien la chaleur); <\/li><li>Sur la table de salle \u00e0 manger ou sur la console dans l'entr\u00e9e, rien de plus sympa qu'un bouquet de fleurs fra\u00eeches avec un joli vase; <\/li><li>Le dessus du buffet est id\u00e9al aussi pour les plantes int\u00e9rieures et les fleurs. En compl\u00e9ment, rien ne vous emp\u00eache de cr\u00e9er un d\u00e9cor qui vous ressemble avec des bougies, cadres \u00e0 poser, lampes... <\/li><\/ul>\n<\/div>\n\n\n\n<div class=\"wp-block-column is-layout-flow wp-block-column-is-layout-flow\">\n<figure class=\"wp-block-image\"><img loading=\"lazy\" decoding=\"async\" width=\"640\" height=\"960\" src=\"http:\/\/www.cocondedecoration.com\/blog\/wp-content\/uploads\/2022\/03\/petite-deco-cahe-pot-colore-640x960.jpeg\" alt=\"petite deco cahe-pot colore motif vert bleu plantes vertes dessus meuble en bois\" class=\"wp-image-47203\" srcset=\"https:\/\/www.cocondedecoration.com\/blog\/wp-content\/uploads\/2022\/03\/petite-deco-cahe-pot-colore-640x960.jpeg 640w, https:\/\/www.cocondedecoration.com\/blog\/wp-content\/uploads\/2022\/03\/petite-deco-cahe-pot-colore-260x390.jpeg 260w, https:\/\/www.cocondedecoration.com\/blog\/wp-content\/uploads\/2022\/03\/petite-deco-cahe-pot-colore-768x1152.jpeg 768w, https:\/\/www.cocondedecoration.com\/blog\/wp-content\/uploads\/2022\/03\/petite-deco-cahe-pot-colore-367x550.jpeg 367w, https:\/\/www.cocondedecoration.com\/blog\/wp-content\/uploads\/2022\/03\/petite-deco-cahe-pot-colore-333x500.jpeg 333w, https:\/\/www.cocondedecoration.com\/blog\/wp-content\/uploads\/2022\/03\/petite-deco-cahe-pot-colore.jpeg 1000w\" sizes=\"(max-width: 640px) 100vw, 640px\" \/><figcaption>Cache-pot bleu - La Redoute Int\u00e9rieurs<\/figcaption><\/figure>\n<\/div>\n<\/div>\n\n\n\n<div class=\"wp-block-columns has-4-columns is-layout-flex wp-container-core-columns-layout-6 wp-block-columns-is-layout-flex\">\n<div class=\"wp-block-column is-layout-flow wp-block-column-is-layout-flow\">\n<figure class=\"wp-block-image\"><img loading=\"lazy\" decoding=\"async\" width=\"500\" height=\"500\" src=\"http:\/\/www.cocondedecoration.com\/blog\/wp-content\/uploads\/2022\/03\/petite-deco-vase-cache-pot-1.jpeg\" alt=\"Vase en c\u00e9ramique H14,5 cm couleur terracotta rond arrondi hanse\" class=\"wp-image-47195\" srcset=\"https:\/\/www.cocondedecoration.com\/blog\/wp-content\/uploads\/2022\/03\/petite-deco-vase-cache-pot-1.jpeg 500w, https:\/\/www.cocondedecoration.com\/blog\/wp-content\/uploads\/2022\/03\/petite-deco-vase-cache-pot-1-165x165.jpeg 165w, https:\/\/www.cocondedecoration.com\/blog\/wp-content\/uploads\/2022\/03\/petite-deco-vase-cache-pot-1-260x260.jpeg 260w, https:\/\/www.cocondedecoration.com\/blog\/wp-content\/uploads\/2022\/03\/petite-deco-vase-cache-pot-1-465x465.jpeg 465w\" sizes=\"(max-width: 500px) 100vw, 500px\" \/><figcaption>Vase en c\u00e9ramique terracotta - La Redoute Int\u00e9rieurs<\/figcaption><\/figure>\n\n\n\n<figure class=\"wp-block-image\"><img loading=\"lazy\" decoding=\"async\" width=\"500\" height=\"500\" src=\"http:\/\/www.cocondedecoration.com\/blog\/wp-content\/uploads\/2022\/03\/petite-deco-vase-cache-pot-5.jpeg\" alt=\"petite deco vase cache-pot Cache-pot en m\u00e9tal \u00d822 cm gris int\u00e9rieur ext\u00e9rieur\" class=\"wp-image-47199\" srcset=\"https:\/\/www.cocondedecoration.com\/blog\/wp-content\/uploads\/2022\/03\/petite-deco-vase-cache-pot-5.jpeg 500w, https:\/\/www.cocondedecoration.com\/blog\/wp-content\/uploads\/2022\/03\/petite-deco-vase-cache-pot-5-165x165.jpeg 165w, https:\/\/www.cocondedecoration.com\/blog\/wp-content\/uploads\/2022\/03\/petite-deco-vase-cache-pot-5-260x260.jpeg 260w, https:\/\/www.cocondedecoration.com\/blog\/wp-content\/uploads\/2022\/03\/petite-deco-vase-cache-pot-5-465x465.jpeg 465w\" sizes=\"(max-width: 500px) 100vw, 500px\" \/><figcaption>Cache-pot en m\u00e9tal gris - La Redoute Int\u00e9rieurs<\/figcaption><\/figure>\n\n\n\n<figure class=\"wp-block-image\"><img loading=\"lazy\" decoding=\"async\" width=\"500\" height=\"500\" src=\"http:\/\/www.cocondedecoration.com\/blog\/wp-content\/uploads\/2022\/03\/petite-deco-fleur-plantes-1.jpeg\" alt=\"petite deco fleur plantes Vase H25 cm verre gris et dor\u00e9\" class=\"wp-image-47244\" srcset=\"https:\/\/www.cocondedecoration.com\/blog\/wp-content\/uploads\/2022\/03\/petite-deco-fleur-plantes-1.jpeg 500w, https:\/\/www.cocondedecoration.com\/blog\/wp-content\/uploads\/2022\/03\/petite-deco-fleur-plantes-1-165x165.jpeg 165w, https:\/\/www.cocondedecoration.com\/blog\/wp-content\/uploads\/2022\/03\/petite-deco-fleur-plantes-1-260x260.jpeg 260w, https:\/\/www.cocondedecoration.com\/blog\/wp-content\/uploads\/2022\/03\/petite-deco-fleur-plantes-1-465x465.jpeg 465w\" sizes=\"(max-width: 500px) 100vw, 500px\" \/><figcaption>Vase verre gris et laiton - AMPM<\/figcaption><\/figure>\n<\/div>\n\n\n\n<div class=\"wp-block-column is-layout-flow wp-block-column-is-layout-flow\">\n<figure class=\"wp-block-image\"><img loading=\"lazy\" decoding=\"async\" width=\"500\" height=\"500\" src=\"http:\/\/www.cocondedecoration.com\/blog\/wp-content\/uploads\/2022\/03\/petite-deco-vase-cache-pot-2.jpeg\" alt=\"petite deco vase cache-pot Vase en c\u00e9ramique H23 cm terre de sienne terracotta\" class=\"wp-image-47196\" srcset=\"https:\/\/www.cocondedecoration.com\/blog\/wp-content\/uploads\/2022\/03\/petite-deco-vase-cache-pot-2.jpeg 500w, https:\/\/www.cocondedecoration.com\/blog\/wp-content\/uploads\/2022\/03\/petite-deco-vase-cache-pot-2-165x165.jpeg 165w, https:\/\/www.cocondedecoration.com\/blog\/wp-content\/uploads\/2022\/03\/petite-deco-vase-cache-pot-2-260x260.jpeg 260w, https:\/\/www.cocondedecoration.com\/blog\/wp-content\/uploads\/2022\/03\/petite-deco-vase-cache-pot-2-465x465.jpeg 465w\" sizes=\"(max-width: 500px) 100vw, 500px\" \/><figcaption>Vase en c\u00e9ramique terre de sienne - La Redoute Int\u00e9rieurs<\/figcaption><\/figure>\n\n\n\n<figure class=\"wp-block-image\"><img loading=\"lazy\" decoding=\"async\" width=\"500\" height=\"500\" src=\"http:\/\/www.cocondedecoration.com\/blog\/wp-content\/uploads\/2022\/03\/petite-deco-vase-cache-pot-6.jpeg\" alt=\"petite deco vase cache-pot Vase en c\u00e9ramique H.26 cm stri\u00e9 \u00e9l\u00e9gant printanier\" class=\"wp-image-47200\" srcset=\"https:\/\/www.cocondedecoration.com\/blog\/wp-content\/uploads\/2022\/03\/petite-deco-vase-cache-pot-6.jpeg 500w, https:\/\/www.cocondedecoration.com\/blog\/wp-content\/uploads\/2022\/03\/petite-deco-vase-cache-pot-6-165x165.jpeg 165w, https:\/\/www.cocondedecoration.com\/blog\/wp-content\/uploads\/2022\/03\/petite-deco-vase-cache-pot-6-260x260.jpeg 260w, https:\/\/www.cocondedecoration.com\/blog\/wp-content\/uploads\/2022\/03\/petite-deco-vase-cache-pot-6-465x465.jpeg 465w\" sizes=\"(max-width: 500px) 100vw, 500px\" \/><figcaption>Vase en c\u00e9ramique vert-  La Redoute Int\u00e9rieurs<\/figcaption><\/figure>\n\n\n\n<figure class=\"wp-block-image\"><img loading=\"lazy\" decoding=\"async\" width=\"500\" height=\"500\" src=\"http:\/\/www.cocondedecoration.com\/blog\/wp-content\/uploads\/2022\/03\/petite-deco-fleur-plantes-2.jpeg\" alt=\"petite deco fleur plantes Cache-pot en gr\u00e8s H17,5 cm effet fibres naturelles tress\u00e9es\" class=\"wp-image-47245\" srcset=\"https:\/\/www.cocondedecoration.com\/blog\/wp-content\/uploads\/2022\/03\/petite-deco-fleur-plantes-2.jpeg 500w, https:\/\/www.cocondedecoration.com\/blog\/wp-content\/uploads\/2022\/03\/petite-deco-fleur-plantes-2-165x165.jpeg 165w, https:\/\/www.cocondedecoration.com\/blog\/wp-content\/uploads\/2022\/03\/petite-deco-fleur-plantes-2-260x260.jpeg 260w, https:\/\/www.cocondedecoration.com\/blog\/wp-content\/uploads\/2022\/03\/petite-deco-fleur-plantes-2-465x465.jpeg 465w\" sizes=\"(max-width: 500px) 100vw, 500px\" \/><figcaption>Cache-pot en gr\u00e8s - AMPM<\/figcaption><\/figure>\n<\/div>\n\n\n\n<div class=\"wp-block-column is-layout-flow wp-block-column-is-layout-flow\">\n<figure class=\"wp-block-image\"><img loading=\"lazy\" decoding=\"async\" width=\"500\" height=\"500\" src=\"http:\/\/www.cocondedecoration.com\/blog\/wp-content\/uploads\/2022\/03\/petite-deco-vase-cache-pot-3.jpeg\" alt=\"petite deco vase cache-pot Vase d\u00e9coratif en c\u00e9ramique H32 cm noir moderne \u00e9l\u00e9gant\" class=\"wp-image-47197\" srcset=\"https:\/\/www.cocondedecoration.com\/blog\/wp-content\/uploads\/2022\/03\/petite-deco-vase-cache-pot-3.jpeg 500w, https:\/\/www.cocondedecoration.com\/blog\/wp-content\/uploads\/2022\/03\/petite-deco-vase-cache-pot-3-165x165.jpeg 165w, https:\/\/www.cocondedecoration.com\/blog\/wp-content\/uploads\/2022\/03\/petite-deco-vase-cache-pot-3-260x260.jpeg 260w, https:\/\/www.cocondedecoration.com\/blog\/wp-content\/uploads\/2022\/03\/petite-deco-vase-cache-pot-3-465x465.jpeg 465w\" sizes=\"(max-width: 500px) 100vw, 500px\" \/><figcaption>Vase d\u00e9coratif en c\u00e9ramique noir - La Redoute Int\u00e9rieurs<\/figcaption><\/figure>\n\n\n\n<figure class=\"wp-block-image\"><img loading=\"lazy\" decoding=\"async\" width=\"500\" height=\"500\" src=\"http:\/\/www.cocondedecoration.com\/blog\/wp-content\/uploads\/2022\/03\/petite-deco-vase-cache-pot-7.jpeg\" alt=\"petite deco vase cache-pot Cache-pot XL en fonte d'aluminium \u00d830,5 cm style \u00e9l\u00e9gant sobre stri\u00e9\" class=\"wp-image-47201\" srcset=\"https:\/\/www.cocondedecoration.com\/blog\/wp-content\/uploads\/2022\/03\/petite-deco-vase-cache-pot-7.jpeg 500w, https:\/\/www.cocondedecoration.com\/blog\/wp-content\/uploads\/2022\/03\/petite-deco-vase-cache-pot-7-165x165.jpeg 165w, https:\/\/www.cocondedecoration.com\/blog\/wp-content\/uploads\/2022\/03\/petite-deco-vase-cache-pot-7-260x260.jpeg 260w, https:\/\/www.cocondedecoration.com\/blog\/wp-content\/uploads\/2022\/03\/petite-deco-vase-cache-pot-7-465x465.jpeg 465w\" sizes=\"(max-width: 500px) 100vw, 500px\" \/><figcaption>Cache-pot XL en fonte d'aluminium- La Redoute Int\u00e9rieurs<\/figcaption><\/figure>\n\n\n\n<figure class=\"wp-block-image\"><img loading=\"lazy\" decoding=\"async\" width=\"500\" height=\"500\" src=\"http:\/\/www.cocondedecoration.com\/blog\/wp-content\/uploads\/2022\/03\/petite-deco-fleur-plantes-3.jpeg\" alt=\"petite deco fleur plantes Cache pot H54 cm sur\u00e9lev\u00e9 blanc pi\u00e8tement \u00e9pingle noir m\u00e9tal\" class=\"wp-image-47246\" srcset=\"https:\/\/www.cocondedecoration.com\/blog\/wp-content\/uploads\/2022\/03\/petite-deco-fleur-plantes-3.jpeg 500w, https:\/\/www.cocondedecoration.com\/blog\/wp-content\/uploads\/2022\/03\/petite-deco-fleur-plantes-3-165x165.jpeg 165w, https:\/\/www.cocondedecoration.com\/blog\/wp-content\/uploads\/2022\/03\/petite-deco-fleur-plantes-3-260x260.jpeg 260w, https:\/\/www.cocondedecoration.com\/blog\/wp-content\/uploads\/2022\/03\/petite-deco-fleur-plantes-3-465x465.jpeg 465w\" sizes=\"(max-width: 500px) 100vw, 500px\" \/><figcaption>Cache pot sur-\u00e9lev\u00e9 - AMPM<\/figcaption><\/figure>\n<\/div>\n\n\n\n<div class=\"wp-block-column is-layout-flow wp-block-column-is-layout-flow\">\n<figure class=\"wp-block-image\"><img loading=\"lazy\" decoding=\"async\" width=\"500\" height=\"500\" src=\"http:\/\/www.cocondedecoration.com\/blog\/wp-content\/uploads\/2022\/03\/petite-deco-vase-cache-pot-4.jpeg\" alt=\"petite deco vase cache-pot Cache-pot en herbier \u00d840 cm grand formal style nature chic\" class=\"wp-image-47198\" srcset=\"https:\/\/www.cocondedecoration.com\/blog\/wp-content\/uploads\/2022\/03\/petite-deco-vase-cache-pot-4.jpeg 500w, https:\/\/www.cocondedecoration.com\/blog\/wp-content\/uploads\/2022\/03\/petite-deco-vase-cache-pot-4-165x165.jpeg 165w, https:\/\/www.cocondedecoration.com\/blog\/wp-content\/uploads\/2022\/03\/petite-deco-vase-cache-pot-4-260x260.jpeg 260w, https:\/\/www.cocondedecoration.com\/blog\/wp-content\/uploads\/2022\/03\/petite-deco-vase-cache-pot-4-465x465.jpeg 465w\" sizes=\"(max-width: 500px) 100vw, 500px\" \/><figcaption>Cache-pot en herbier \u00d840 cm- La Redoute Int\u00e9rieurs<\/figcaption><\/figure>\n\n\n\n<figure class=\"wp-block-image\"><img loading=\"lazy\" decoding=\"async\" width=\"500\" height=\"500\" src=\"http:\/\/www.cocondedecoration.com\/blog\/wp-content\/uploads\/2022\/03\/petite-deco-vase-cache-pot-8.jpeg\" alt=\"petite deco vase cache-pot Vase verre d\u00e9licat sobre \u00e9l\u00e9gant\" class=\"wp-image-47202\" srcset=\"https:\/\/www.cocondedecoration.com\/blog\/wp-content\/uploads\/2022\/03\/petite-deco-vase-cache-pot-8.jpeg 500w, https:\/\/www.cocondedecoration.com\/blog\/wp-content\/uploads\/2022\/03\/petite-deco-vase-cache-pot-8-165x165.jpeg 165w, https:\/\/www.cocondedecoration.com\/blog\/wp-content\/uploads\/2022\/03\/petite-deco-vase-cache-pot-8-260x260.jpeg 260w, https:\/\/www.cocondedecoration.com\/blog\/wp-content\/uploads\/2022\/03\/petite-deco-vase-cache-pot-8-465x465.jpeg 465w\" sizes=\"(max-width: 500px) 100vw, 500px\" \/><figcaption>Vase verre transparent - La Redoute Int\u00e9rieurs<\/figcaption><\/figure>\n\n\n\n<figure class=\"wp-block-image\"><img loading=\"lazy\" decoding=\"async\" width=\"500\" height=\"500\" src=\"http:\/\/www.cocondedecoration.com\/blog\/wp-content\/uploads\/2022\/03\/petite-deco-fleur-plantes-4.jpeg\" alt=\"petite deco fleur plantes Vase en gr\u00e8s H18,5 cm organique gris\" class=\"wp-image-47247\" srcset=\"https:\/\/www.cocondedecoration.com\/blog\/wp-content\/uploads\/2022\/03\/petite-deco-fleur-plantes-4.jpeg 500w, https:\/\/www.cocondedecoration.com\/blog\/wp-content\/uploads\/2022\/03\/petite-deco-fleur-plantes-4-165x165.jpeg 165w, https:\/\/www.cocondedecoration.com\/blog\/wp-content\/uploads\/2022\/03\/petite-deco-fleur-plantes-4-260x260.jpeg 260w, https:\/\/www.cocondedecoration.com\/blog\/wp-content\/uploads\/2022\/03\/petite-deco-fleur-plantes-4-465x465.jpeg 465w\" sizes=\"(max-width: 500px) 100vw, 500px\" \/><figcaption>Vase en gr\u00e8s - AMPM<\/figcaption><\/figure>\n<\/div>\n<\/div>\n\n\n\n<div class=\"wp-block-columns has-2-columns is-layout-flex wp-container-core-columns-layout-7 wp-block-columns-is-layout-flex\">\n<div class=\"wp-block-column is-layout-flow wp-block-column-is-layout-flow\">\n<div style=\"height:100px\" aria-hidden=\"true\" class=\"wp-block-spacer\"><\/div>\n\n\n\n<h2 class=\"wp-block-heading\">04 \u2022 Statuettes et bougeoirs pour donner du volume \u00e0 votre d\u00e9cor<\/h2>\n\n\n\n<p>Je parle tr\u00e8s rarement de statuettes et de bougeoirs, de ces objets d\u00e9co \u00e0 poser. Cet article est l'occasion de changer mes habitudes et vous proposer de la nouveaut\u00e9, d'autres alternatives pour personnaliser votre int\u00e9rieur. <\/p>\n\n\n\n<p>Pour un int\u00e9rieur contemporain, rien de tel que des statuettes abstraites. Elles accentueront votre d\u00e9marche moderne. Pour un int\u00e9rieur zen et cosy, pourquoi ne pas choisir des statuettes venues d'ailleurs comme les statues de Bouddha par exemple. Elles vous feront voyager et peuvent aussi \u00eatre mati\u00e8re \u00e0 m\u00e9ditation. Pour un int\u00e9rieur chaleureux en toute occasion, rien de tel que les bougeoirs, lanternes et photophores. Ils sont hyper d\u00e9co m\u00eame \u00e9teints. Gr\u00e2ce \u00e0 ce genre de petite d\u00e9co, il est possible aussi de cr\u00e9er un d\u00e9cor inspir\u00e9 des ambiances antiques avec des bustes en pierre. Associ\u00e9s \u00e0 une jarre en terre cuite, ils donneront un c\u00f4t\u00e9 chic \u00e0 votre int\u00e9rieur. Enfin, j'ai une affection particuli\u00e8re pour tous les objets qui permettent de cr\u00e9er un d\u00e9cor digne d'un cabinet de curiosit\u00e9s: fioles d'apothicaire, cloches en verre, valisettes vintage, etc. On m\u00e9lange le neuf et l'ancien. On mixe les objets divers. Je trouve que cela apporte beaucoup de personnalit\u00e9 dans le salon ou dans la salle \u00e0 manger. <\/p>\n<\/div>\n\n\n\n<div class=\"wp-block-column is-layout-flow wp-block-column-is-layout-flow\">\n<figure class=\"wp-block-image\"><img loading=\"lazy\" decoding=\"async\" width=\"640\" height=\"960\" src=\"http:\/\/www.cocondedecoration.com\/blog\/wp-content\/uploads\/2022\/03\/petite-deco-dessus-meuble-exemple-640x960.jpeg\" alt=\"petite deco dessus meuble exemple Statuette d\u00e9corative en manguier enfilade mid century modern \u00e9l\u00e9gance miroir rond grand format\" class=\"wp-image-47204\" srcset=\"https:\/\/www.cocondedecoration.com\/blog\/wp-content\/uploads\/2022\/03\/petite-deco-dessus-meuble-exemple-640x960.jpeg 640w, https:\/\/www.cocondedecoration.com\/blog\/wp-content\/uploads\/2022\/03\/petite-deco-dessus-meuble-exemple-260x390.jpeg 260w, https:\/\/www.cocondedecoration.com\/blog\/wp-content\/uploads\/2022\/03\/petite-deco-dessus-meuble-exemple-768x1152.jpeg 768w, https:\/\/www.cocondedecoration.com\/blog\/wp-content\/uploads\/2022\/03\/petite-deco-dessus-meuble-exemple-367x550.jpeg 367w, https:\/\/www.cocondedecoration.com\/blog\/wp-content\/uploads\/2022\/03\/petite-deco-dessus-meuble-exemple-333x500.jpeg 333w, https:\/\/www.cocondedecoration.com\/blog\/wp-content\/uploads\/2022\/03\/petite-deco-dessus-meuble-exemple.jpeg 1000w\" sizes=\"(max-width: 640px) 100vw, 640px\" \/><figcaption>Statuette d\u00e9corative en manguier- La Redoute Int\u00e9rieurs<\/figcaption><\/figure>\n<\/div>\n<\/div>\n\n\n\n<div class=\"wp-block-columns has-4-columns is-layout-flex wp-container-core-columns-layout-8 wp-block-columns-is-layout-flex\">\n<div class=\"wp-block-column is-layout-flow wp-block-column-is-layout-flow\">\n<figure class=\"wp-block-image\"><img loading=\"lazy\" decoding=\"async\" width=\"500\" height=\"500\" src=\"http:\/\/www.cocondedecoration.com\/blog\/wp-content\/uploads\/2022\/03\/petite-deco-dessus-meuble-1.jpeg\" alt=\"petite deco dessus meuble Lot de 2 bougeoirs en aluminium noir \u00e9l\u00e9gant pieds\" class=\"wp-image-47205\" srcset=\"https:\/\/www.cocondedecoration.com\/blog\/wp-content\/uploads\/2022\/03\/petite-deco-dessus-meuble-1.jpeg 500w, https:\/\/www.cocondedecoration.com\/blog\/wp-content\/uploads\/2022\/03\/petite-deco-dessus-meuble-1-165x165.jpeg 165w, https:\/\/www.cocondedecoration.com\/blog\/wp-content\/uploads\/2022\/03\/petite-deco-dessus-meuble-1-260x260.jpeg 260w, https:\/\/www.cocondedecoration.com\/blog\/wp-content\/uploads\/2022\/03\/petite-deco-dessus-meuble-1-465x465.jpeg 465w\" sizes=\"(max-width: 500px) 100vw, 500px\" \/><figcaption>Lot de 2 bougeoirs en aluminium - La Redoute Int\u00e9rieurs<\/figcaption><\/figure>\n\n\n\n<figure class=\"wp-block-image\"><img loading=\"lazy\" decoding=\"async\" width=\"500\" height=\"500\" src=\"http:\/\/www.cocondedecoration.com\/blog\/wp-content\/uploads\/2022\/03\/petite-deco-dessus-meuble-5.jpeg\" alt=\"petite deco dessus meuble Cloche en verre avec socle noir H22 cm cabinet curiosit\u00e9\" class=\"wp-image-47209\" srcset=\"https:\/\/www.cocondedecoration.com\/blog\/wp-content\/uploads\/2022\/03\/petite-deco-dessus-meuble-5.jpeg 500w, https:\/\/www.cocondedecoration.com\/blog\/wp-content\/uploads\/2022\/03\/petite-deco-dessus-meuble-5-165x165.jpeg 165w, https:\/\/www.cocondedecoration.com\/blog\/wp-content\/uploads\/2022\/03\/petite-deco-dessus-meuble-5-260x260.jpeg 260w, https:\/\/www.cocondedecoration.com\/blog\/wp-content\/uploads\/2022\/03\/petite-deco-dessus-meuble-5-465x465.jpeg 465w\" sizes=\"(max-width: 500px) 100vw, 500px\" \/><figcaption>Cloche en verre avec socle noir - La Redoute Int\u00e9rieurs<\/figcaption><\/figure>\n\n\n\n<figure class=\"wp-block-image\"><img loading=\"lazy\" decoding=\"async\" width=\"500\" height=\"500\" src=\"http:\/\/www.cocondedecoration.com\/blog\/wp-content\/uploads\/2022\/03\/petite-deco-chic-et-elegante-3.jpeg\" alt=\"petite deco chic et elegante Bougie 3 m\u00e8ches pot ciment noir int\u00e9rieur ext\u00e9rieur\" class=\"wp-image-47250\" srcset=\"https:\/\/www.cocondedecoration.com\/blog\/wp-content\/uploads\/2022\/03\/petite-deco-chic-et-elegante-3.jpeg 500w, https:\/\/www.cocondedecoration.com\/blog\/wp-content\/uploads\/2022\/03\/petite-deco-chic-et-elegante-3-165x165.jpeg 165w, https:\/\/www.cocondedecoration.com\/blog\/wp-content\/uploads\/2022\/03\/petite-deco-chic-et-elegante-3-260x260.jpeg 260w, https:\/\/www.cocondedecoration.com\/blog\/wp-content\/uploads\/2022\/03\/petite-deco-chic-et-elegante-3-465x465.jpeg 465w\" sizes=\"(max-width: 500px) 100vw, 500px\" \/><figcaption>Bougie 3 m\u00e8ches pot ciment - AMPM<\/figcaption><\/figure>\n<\/div>\n\n\n\n<div class=\"wp-block-column is-layout-flow wp-block-column-is-layout-flow\">\n<figure class=\"wp-block-image\"><img loading=\"lazy\" decoding=\"async\" width=\"500\" height=\"500\" src=\"http:\/\/www.cocondedecoration.com\/blog\/wp-content\/uploads\/2022\/03\/petite-deco-dessus-meuble-2.jpeg\" alt=\"petite deco dessus meuble Bougeoir marbre et laiton, H25 cm arrondi \u00e9l\u00e9gant \" class=\"wp-image-47206\" srcset=\"https:\/\/www.cocondedecoration.com\/blog\/wp-content\/uploads\/2022\/03\/petite-deco-dessus-meuble-2.jpeg 500w, https:\/\/www.cocondedecoration.com\/blog\/wp-content\/uploads\/2022\/03\/petite-deco-dessus-meuble-2-165x165.jpeg 165w, https:\/\/www.cocondedecoration.com\/blog\/wp-content\/uploads\/2022\/03\/petite-deco-dessus-meuble-2-260x260.jpeg 260w, https:\/\/www.cocondedecoration.com\/blog\/wp-content\/uploads\/2022\/03\/petite-deco-dessus-meuble-2-465x465.jpeg 465w\" sizes=\"(max-width: 500px) 100vw, 500px\" \/><figcaption>Bougeoir marbre et laiton - La Redoute Int\u00e9rieurs<\/figcaption><\/figure>\n\n\n\n<figure class=\"wp-block-image\"><img loading=\"lazy\" decoding=\"async\" width=\"500\" height=\"500\" src=\"http:\/\/www.cocondedecoration.com\/blog\/wp-content\/uploads\/2022\/03\/petite-deco-dessus-meuble-6.jpeg\" alt=\"petite deco dessus meuble Statuette d\u00e9corative forme visage manguier Nyala marron d\u00e9co boh\u00e8me chic\" class=\"wp-image-47210\" srcset=\"https:\/\/www.cocondedecoration.com\/blog\/wp-content\/uploads\/2022\/03\/petite-deco-dessus-meuble-6.jpeg 500w, https:\/\/www.cocondedecoration.com\/blog\/wp-content\/uploads\/2022\/03\/petite-deco-dessus-meuble-6-165x165.jpeg 165w, https:\/\/www.cocondedecoration.com\/blog\/wp-content\/uploads\/2022\/03\/petite-deco-dessus-meuble-6-260x260.jpeg 260w, https:\/\/www.cocondedecoration.com\/blog\/wp-content\/uploads\/2022\/03\/petite-deco-dessus-meuble-6-465x465.jpeg 465w\" sizes=\"(max-width: 500px) 100vw, 500px\" \/><figcaption>Statuette d\u00e9corative forme visage manguier - La Redoute Int\u00e9rieurs<\/figcaption><\/figure>\n\n\n\n<figure class=\"wp-block-image\"><img loading=\"lazy\" decoding=\"async\" width=\"500\" height=\"500\" src=\"http:\/\/www.cocondedecoration.com\/blog\/wp-content\/uploads\/2022\/03\/petite-deco-chic-et-elegante-4.jpeg\" alt=\"petite deco chic et elegante Lot de 3 photophores m\u00e9tal ajour\u00e9 noir\" class=\"wp-image-47251\" srcset=\"https:\/\/www.cocondedecoration.com\/blog\/wp-content\/uploads\/2022\/03\/petite-deco-chic-et-elegante-4.jpeg 500w, https:\/\/www.cocondedecoration.com\/blog\/wp-content\/uploads\/2022\/03\/petite-deco-chic-et-elegante-4-165x165.jpeg 165w, https:\/\/www.cocondedecoration.com\/blog\/wp-content\/uploads\/2022\/03\/petite-deco-chic-et-elegante-4-260x260.jpeg 260w, https:\/\/www.cocondedecoration.com\/blog\/wp-content\/uploads\/2022\/03\/petite-deco-chic-et-elegante-4-465x465.jpeg 465w\" sizes=\"(max-width: 500px) 100vw, 500px\" \/><figcaption>Lot de 3 photophores m\u00e9tal ajour\u00e9 - AMPM<\/figcaption><\/figure>\n<\/div>\n\n\n\n<div class=\"wp-block-column is-layout-flow wp-block-column-is-layout-flow\">\n<figure class=\"wp-block-image\"><img loading=\"lazy\" decoding=\"async\" width=\"500\" height=\"500\" src=\"http:\/\/www.cocondedecoration.com\/blog\/wp-content\/uploads\/2022\/03\/petite-deco-dessus-meuble-3.jpeg\" alt=\"petite deco dessus meuble Statuette masque, esprit africain couleur tarracotta\" class=\"wp-image-47207\" srcset=\"https:\/\/www.cocondedecoration.com\/blog\/wp-content\/uploads\/2022\/03\/petite-deco-dessus-meuble-3.jpeg 500w, https:\/\/www.cocondedecoration.com\/blog\/wp-content\/uploads\/2022\/03\/petite-deco-dessus-meuble-3-165x165.jpeg 165w, https:\/\/www.cocondedecoration.com\/blog\/wp-content\/uploads\/2022\/03\/petite-deco-dessus-meuble-3-260x260.jpeg 260w, https:\/\/www.cocondedecoration.com\/blog\/wp-content\/uploads\/2022\/03\/petite-deco-dessus-meuble-3-465x465.jpeg 465w\" sizes=\"(max-width: 500px) 100vw, 500px\" \/><figcaption>Statuette masque, esprit africain - La Redoute Int\u00e9rieurs<\/figcaption><\/figure>\n\n\n\n<figure class=\"wp-block-image\"><img loading=\"lazy\" decoding=\"async\" width=\"500\" height=\"500\" src=\"http:\/\/www.cocondedecoration.com\/blog\/wp-content\/uploads\/2022\/03\/petite-deco-chic-et-elegante-1.jpeg\" alt=\"petite deco chic et elegante Sculpture polyr\u00e9sine H52,5 cm blanche\" class=\"wp-image-47248\" srcset=\"https:\/\/www.cocondedecoration.com\/blog\/wp-content\/uploads\/2022\/03\/petite-deco-chic-et-elegante-1.jpeg 500w, https:\/\/www.cocondedecoration.com\/blog\/wp-content\/uploads\/2022\/03\/petite-deco-chic-et-elegante-1-165x165.jpeg 165w, https:\/\/www.cocondedecoration.com\/blog\/wp-content\/uploads\/2022\/03\/petite-deco-chic-et-elegante-1-260x260.jpeg 260w, https:\/\/www.cocondedecoration.com\/blog\/wp-content\/uploads\/2022\/03\/petite-deco-chic-et-elegante-1-465x465.jpeg 465w\" sizes=\"(max-width: 500px) 100vw, 500px\" \/><figcaption>Sculpture polyr\u00e9sine  blanche - AMPM<\/figcaption><\/figure>\n\n\n\n<figure class=\"wp-block-image\"><img loading=\"lazy\" decoding=\"async\" width=\"500\" height=\"500\" src=\"http:\/\/www.cocondedecoration.com\/blog\/wp-content\/uploads\/2022\/03\/petite-deco-chic-et-elegante-5.jpeg\" alt=\"petite deco chic et elegante Bougeoir en m\u00e9tal noir\" class=\"wp-image-47252\" srcset=\"https:\/\/www.cocondedecoration.com\/blog\/wp-content\/uploads\/2022\/03\/petite-deco-chic-et-elegante-5.jpeg 500w, https:\/\/www.cocondedecoration.com\/blog\/wp-content\/uploads\/2022\/03\/petite-deco-chic-et-elegante-5-165x165.jpeg 165w, https:\/\/www.cocondedecoration.com\/blog\/wp-content\/uploads\/2022\/03\/petite-deco-chic-et-elegante-5-260x260.jpeg 260w, https:\/\/www.cocondedecoration.com\/blog\/wp-content\/uploads\/2022\/03\/petite-deco-chic-et-elegante-5-465x465.jpeg 465w\" sizes=\"(max-width: 500px) 100vw, 500px\" \/><figcaption>Bougeoir en m\u00e9tal - AMPM<\/figcaption><\/figure>\n<\/div>\n\n\n\n<div class=\"wp-block-column is-layout-flow wp-block-column-is-layout-flow\">\n<figure class=\"wp-block-image\"><img loading=\"lazy\" decoding=\"async\" width=\"500\" height=\"500\" src=\"http:\/\/www.cocondedecoration.com\/blog\/wp-content\/uploads\/2022\/03\/petite-deco-dessus-meuble-4.jpeg\" alt=\"petite deco dessus meuble Figurine hippopotame noire d\u00e9coration ethnique\" class=\"wp-image-47208\" srcset=\"https:\/\/www.cocondedecoration.com\/blog\/wp-content\/uploads\/2022\/03\/petite-deco-dessus-meuble-4.jpeg 500w, https:\/\/www.cocondedecoration.com\/blog\/wp-content\/uploads\/2022\/03\/petite-deco-dessus-meuble-4-165x165.jpeg 165w, https:\/\/www.cocondedecoration.com\/blog\/wp-content\/uploads\/2022\/03\/petite-deco-dessus-meuble-4-260x260.jpeg 260w, https:\/\/www.cocondedecoration.com\/blog\/wp-content\/uploads\/2022\/03\/petite-deco-dessus-meuble-4-465x465.jpeg 465w\" sizes=\"(max-width: 500px) 100vw, 500px\" \/><figcaption>Figurine hippopotame - La Redoute Int\u00e9rieurs<\/figcaption><\/figure>\n\n\n\n<figure class=\"wp-block-image\"><img loading=\"lazy\" decoding=\"async\" width=\"500\" height=\"500\" src=\"http:\/\/www.cocondedecoration.com\/blog\/wp-content\/uploads\/2022\/03\/petite-deco-chic-et-elegante-2.jpeg\" alt=\"petite deco chic et elegante Statuette polyr\u00e9sine, effet sabl\u00e9, corps de femme style grec antique\" class=\"wp-image-47249\" srcset=\"https:\/\/www.cocondedecoration.com\/blog\/wp-content\/uploads\/2022\/03\/petite-deco-chic-et-elegante-2.jpeg 500w, https:\/\/www.cocondedecoration.com\/blog\/wp-content\/uploads\/2022\/03\/petite-deco-chic-et-elegante-2-165x165.jpeg 165w, https:\/\/www.cocondedecoration.com\/blog\/wp-content\/uploads\/2022\/03\/petite-deco-chic-et-elegante-2-260x260.jpeg 260w, https:\/\/www.cocondedecoration.com\/blog\/wp-content\/uploads\/2022\/03\/petite-deco-chic-et-elegante-2-465x465.jpeg 465w\" sizes=\"(max-width: 500px) 100vw, 500px\" \/><figcaption>Statuette effet sabl\u00e9 - AMPM<\/figcaption><\/figure>\n\n\n\n<figure class=\"wp-block-image\"><img loading=\"lazy\" decoding=\"async\" width=\"500\" height=\"500\" src=\"http:\/\/www.cocondedecoration.com\/blog\/wp-content\/uploads\/2022\/03\/petite-deco-chic-et-elegante-6.jpeg\" alt=\"petite deco chic et elegante Lanterne m\u00e9tal noir et verre transparent\" class=\"wp-image-47253\" srcset=\"https:\/\/www.cocondedecoration.com\/blog\/wp-content\/uploads\/2022\/03\/petite-deco-chic-et-elegante-6.jpeg 500w, https:\/\/www.cocondedecoration.com\/blog\/wp-content\/uploads\/2022\/03\/petite-deco-chic-et-elegante-6-165x165.jpeg 165w, https:\/\/www.cocondedecoration.com\/blog\/wp-content\/uploads\/2022\/03\/petite-deco-chic-et-elegante-6-260x260.jpeg 260w, https:\/\/www.cocondedecoration.com\/blog\/wp-content\/uploads\/2022\/03\/petite-deco-chic-et-elegante-6-465x465.jpeg 465w\" sizes=\"(max-width: 500px) 100vw, 500px\" \/><figcaption>Lanterne m\u00e9tal - AMPM<\/figcaption><\/figure>\n<\/div>\n<\/div>\n\n\n\n<div class=\"wp-block-columns has-2-columns is-layout-flex wp-container-core-columns-layout-9 wp-block-columns-is-layout-flex\">\n<div class=\"wp-block-column is-layout-flow wp-block-column-is-layout-flow\">\n<div style=\"height:100px\" aria-hidden=\"true\" class=\"wp-block-spacer\"><\/div>\n\n\n\n<h2 class=\"wp-block-heading\">05 \u2022 Une petite lampe pour d\u00e9corer le dessus d'un meuble<\/h2>\n\n\n\n<p>Je termine cette s\u00e9lection de petits objets d\u00e9co qui personnaliseront votre int\u00e9rieur avec les lampes \u00e0 poser. Que ce soit dans une pi\u00e8ce de vie ou dans l'entr\u00e9e, la lampe est \u00e0 la fois pratique et esth\u00e9tique. Avec abat-jour, un globe en verre ou en opaline, avec une ampoule apparente, avec un pied orientable ou un pied fixe plus traditionnel, en laiton, en m\u00e9tal bross\u00e9 ou en b\u00e9ton, terrazzo, bois... Le choix est vaste. En plus de vos attentes esth\u00e9tiques, pour choisir la bonne lampe \u00e0 la bonne taille, il faut prendre en compte le meuble sur lequel elle va trouver sa place. Il est g\u00e9n\u00e9ralement recommand\u00e9 de ne pas d\u00e9passer 1m50, pour l'ensemble. Si vous cherchez une lampe pour \u00e9clairer votre bout de canap\u00e9, elle peut \u00eatre plus basse. L'id\u00e9al est qu'elle soit un peu plus basse que vos yeux quand vous \u00eates assis(e) dans le canap\u00e9. Par ailleurs, la couleur de l'abat-jour est aussi un crit\u00e8re \u00e0 prendre en compte: <\/p>\n\n\n\n<ul><li>Pour une d\u00e9co cosy, les abat-jours fonc\u00e9s sont parfaits. <\/li><li>Pour une ambiance neutre, il est pr\u00e9f\u00e9rable de choisir un abat-jour clair. <\/li><li>Pour jouer sur l'atmosph\u00e8re de votre pi\u00e8ce, la rendre plus chaude ou plus froide, optez pour un abat-jour de couleur. <\/li><\/ul>\n<\/div>\n\n\n\n<div class=\"wp-block-column is-layout-flow wp-block-column-is-layout-flow\">\n<figure class=\"wp-block-image\"><img loading=\"lazy\" decoding=\"async\" width=\"640\" height=\"960\" src=\"http:\/\/www.cocondedecoration.com\/blog\/wp-content\/uploads\/2022\/03\/petite-deco-lampe-a-poser-640x960.jpeg\" alt=\"petite deco lampe a poser sobre \u00e9l\u00e9gant pied effet b\u00e9ton abat-jour noir\" class=\"wp-image-47230\" srcset=\"https:\/\/www.cocondedecoration.com\/blog\/wp-content\/uploads\/2022\/03\/petite-deco-lampe-a-poser-640x960.jpeg 640w, https:\/\/www.cocondedecoration.com\/blog\/wp-content\/uploads\/2022\/03\/petite-deco-lampe-a-poser-260x390.jpeg 260w, https:\/\/www.cocondedecoration.com\/blog\/wp-content\/uploads\/2022\/03\/petite-deco-lampe-a-poser-768x1152.jpeg 768w, https:\/\/www.cocondedecoration.com\/blog\/wp-content\/uploads\/2022\/03\/petite-deco-lampe-a-poser-367x550.jpeg 367w, https:\/\/www.cocondedecoration.com\/blog\/wp-content\/uploads\/2022\/03\/petite-deco-lampe-a-poser-333x500.jpeg 333w, https:\/\/www.cocondedecoration.com\/blog\/wp-content\/uploads\/2022\/03\/petite-deco-lampe-a-poser.jpeg 1000w\" sizes=\"(max-width: 640px) 100vw, 640px\" \/><figcaption>Lampe \u00e0 poser en b\u00e9ton - La Redoute Int\u00e9rieurs<\/figcaption><\/figure>\n<\/div>\n<\/div>\n\n\n\n<div class=\"wp-block-columns has-4-columns is-layout-flex wp-container-core-columns-layout-10 wp-block-columns-is-layout-flex\">\n<div class=\"wp-block-column is-layout-flow wp-block-column-is-layout-flow\">\n<figure class=\"wp-block-image\"><img loading=\"lazy\" decoding=\"async\" width=\"500\" height=\"500\" src=\"http:\/\/www.cocondedecoration.com\/blog\/wp-content\/uploads\/2022\/03\/petite-deco-lampe-moderne-1.jpeg\" alt=\"petite deco lampe moderne Lanterne indoor\/outdoor blanc stri\u00e9 bois\" class=\"wp-image-47231\" srcset=\"https:\/\/www.cocondedecoration.com\/blog\/wp-content\/uploads\/2022\/03\/petite-deco-lampe-moderne-1.jpeg 500w, https:\/\/www.cocondedecoration.com\/blog\/wp-content\/uploads\/2022\/03\/petite-deco-lampe-moderne-1-165x165.jpeg 165w, https:\/\/www.cocondedecoration.com\/blog\/wp-content\/uploads\/2022\/03\/petite-deco-lampe-moderne-1-260x260.jpeg 260w, https:\/\/www.cocondedecoration.com\/blog\/wp-content\/uploads\/2022\/03\/petite-deco-lampe-moderne-1-465x465.jpeg 465w\" sizes=\"(max-width: 500px) 100vw, 500px\" \/><figcaption>Lanterne indoor\/outdoor - La Redoute Int\u00e9rieurs<\/figcaption><\/figure>\n\n\n\n<figure class=\"wp-block-image\"><img loading=\"lazy\" decoding=\"async\" width=\"500\" height=\"500\" src=\"http:\/\/www.cocondedecoration.com\/blog\/wp-content\/uploads\/2022\/03\/petite-deco-lampe-moderne-5.jpeg\" alt=\"petite deco lampe moderne Lampe \u00e0 poser laiton et verre opaline \u00e9l\u00e9gant\" class=\"wp-image-47235\" srcset=\"https:\/\/www.cocondedecoration.com\/blog\/wp-content\/uploads\/2022\/03\/petite-deco-lampe-moderne-5.jpeg 500w, https:\/\/www.cocondedecoration.com\/blog\/wp-content\/uploads\/2022\/03\/petite-deco-lampe-moderne-5-165x165.jpeg 165w, https:\/\/www.cocondedecoration.com\/blog\/wp-content\/uploads\/2022\/03\/petite-deco-lampe-moderne-5-260x260.jpeg 260w, https:\/\/www.cocondedecoration.com\/blog\/wp-content\/uploads\/2022\/03\/petite-deco-lampe-moderne-5-465x465.jpeg 465w\" sizes=\"(max-width: 500px) 100vw, 500px\" \/><figcaption>Lampe \u00e0 poser laiton et verre opaline - La Redoute Int\u00e9rieurs<\/figcaption><\/figure>\n\n\n\n<figure class=\"wp-block-image\"><img loading=\"lazy\" decoding=\"async\" width=\"500\" height=\"500\" src=\"http:\/\/www.cocondedecoration.com\/blog\/wp-content\/uploads\/2022\/03\/petite-deco-luminaire-elegant-1.jpeg\" alt=\"petite deco luminaire elegant Lampe laiton vieilli et noir effet vintage mid century modern\" class=\"wp-image-47254\" srcset=\"https:\/\/www.cocondedecoration.com\/blog\/wp-content\/uploads\/2022\/03\/petite-deco-luminaire-elegant-1.jpeg 500w, https:\/\/www.cocondedecoration.com\/blog\/wp-content\/uploads\/2022\/03\/petite-deco-luminaire-elegant-1-165x165.jpeg 165w, https:\/\/www.cocondedecoration.com\/blog\/wp-content\/uploads\/2022\/03\/petite-deco-luminaire-elegant-1-260x260.jpeg 260w, https:\/\/www.cocondedecoration.com\/blog\/wp-content\/uploads\/2022\/03\/petite-deco-luminaire-elegant-1-465x465.jpeg 465w\" sizes=\"(max-width: 500px) 100vw, 500px\" \/><figcaption>Lampe laiton vieilli et noir - AMPM<\/figcaption><\/figure>\n<\/div>\n\n\n\n<div class=\"wp-block-column is-layout-flow wp-block-column-is-layout-flow\">\n<figure class=\"wp-block-image\"><img loading=\"lazy\" decoding=\"async\" width=\"500\" height=\"500\" src=\"http:\/\/www.cocondedecoration.com\/blog\/wp-content\/uploads\/2022\/03\/petite-deco-lampe-moderne-2.jpeg\" alt=\"petite deco lampe moderne Lampe \u00e0 poser en verre color\u00e9 rouge arrondi boule r\u00e9tro\" class=\"wp-image-47232\" srcset=\"https:\/\/www.cocondedecoration.com\/blog\/wp-content\/uploads\/2022\/03\/petite-deco-lampe-moderne-2.jpeg 500w, https:\/\/www.cocondedecoration.com\/blog\/wp-content\/uploads\/2022\/03\/petite-deco-lampe-moderne-2-165x165.jpeg 165w, https:\/\/www.cocondedecoration.com\/blog\/wp-content\/uploads\/2022\/03\/petite-deco-lampe-moderne-2-260x260.jpeg 260w, https:\/\/www.cocondedecoration.com\/blog\/wp-content\/uploads\/2022\/03\/petite-deco-lampe-moderne-2-465x465.jpeg 465w\" sizes=\"(max-width: 500px) 100vw, 500px\" \/><figcaption>Lampe \u00e0 poser en verre color\u00e9 - La Redoute Int\u00e9rieurs<\/figcaption><\/figure>\n\n\n\n<figure class=\"wp-block-image\"><img loading=\"lazy\" decoding=\"async\" width=\"500\" height=\"500\" src=\"http:\/\/www.cocondedecoration.com\/blog\/wp-content\/uploads\/2022\/03\/petite-deco-lampe-moderne-6.jpeg\" alt=\"petite deco lampe moderne Lampe \u00e0 poser verre et lin abat-jour nature cosy\" class=\"wp-image-47236\" srcset=\"https:\/\/www.cocondedecoration.com\/blog\/wp-content\/uploads\/2022\/03\/petite-deco-lampe-moderne-6.jpeg 500w, https:\/\/www.cocondedecoration.com\/blog\/wp-content\/uploads\/2022\/03\/petite-deco-lampe-moderne-6-165x165.jpeg 165w, https:\/\/www.cocondedecoration.com\/blog\/wp-content\/uploads\/2022\/03\/petite-deco-lampe-moderne-6-260x260.jpeg 260w, https:\/\/www.cocondedecoration.com\/blog\/wp-content\/uploads\/2022\/03\/petite-deco-lampe-moderne-6-465x465.jpeg 465w\" sizes=\"(max-width: 500px) 100vw, 500px\" \/><figcaption>Lampe \u00e0 poser verre et lin - La Redoute Int\u00e9rieurs<\/figcaption><\/figure>\n\n\n\n<figure class=\"wp-block-image\"><img loading=\"lazy\" decoding=\"async\" width=\"500\" height=\"500\" src=\"http:\/\/www.cocondedecoration.com\/blog\/wp-content\/uploads\/2022\/03\/petite-deco-luminaire-elegant-2.jpeg\" alt=\"petite deco luminaire elegant Lampe \u00e0 poser ronde abat jour stri\u00e9 blanc\" class=\"wp-image-47255\" srcset=\"https:\/\/www.cocondedecoration.com\/blog\/wp-content\/uploads\/2022\/03\/petite-deco-luminaire-elegant-2.jpeg 500w, https:\/\/www.cocondedecoration.com\/blog\/wp-content\/uploads\/2022\/03\/petite-deco-luminaire-elegant-2-165x165.jpeg 165w, https:\/\/www.cocondedecoration.com\/blog\/wp-content\/uploads\/2022\/03\/petite-deco-luminaire-elegant-2-260x260.jpeg 260w, https:\/\/www.cocondedecoration.com\/blog\/wp-content\/uploads\/2022\/03\/petite-deco-luminaire-elegant-2-465x465.jpeg 465w\" sizes=\"(max-width: 500px) 100vw, 500px\" \/><figcaption>Lampe \u00e0 poser ronde - AMPM<\/figcaption><\/figure>\n<\/div>\n\n\n\n<div class=\"wp-block-column is-layout-flow wp-block-column-is-layout-flow\">\n<figure class=\"wp-block-image\"><img loading=\"lazy\" decoding=\"async\" width=\"500\" height=\"500\" src=\"http:\/\/www.cocondedecoration.com\/blog\/wp-content\/uploads\/2022\/03\/petite-deco-lampe-moderne-3.jpeg\" alt=\"petite deco lampe moderne Lampe \u00e0 poser terrazzo style minimaliste ampoule ronde\" class=\"wp-image-47233\" srcset=\"https:\/\/www.cocondedecoration.com\/blog\/wp-content\/uploads\/2022\/03\/petite-deco-lampe-moderne-3.jpeg 500w, https:\/\/www.cocondedecoration.com\/blog\/wp-content\/uploads\/2022\/03\/petite-deco-lampe-moderne-3-165x165.jpeg 165w, https:\/\/www.cocondedecoration.com\/blog\/wp-content\/uploads\/2022\/03\/petite-deco-lampe-moderne-3-260x260.jpeg 260w, https:\/\/www.cocondedecoration.com\/blog\/wp-content\/uploads\/2022\/03\/petite-deco-lampe-moderne-3-465x465.jpeg 465w\" sizes=\"(max-width: 500px) 100vw, 500px\" \/><figcaption>Lampe \u00e0 poser terrazzo - La Redoute Int\u00e9rieurs<\/figcaption><\/figure>\n\n\n\n<figure class=\"wp-block-image\"><img loading=\"lazy\" decoding=\"async\" width=\"500\" height=\"500\" src=\"http:\/\/www.cocondedecoration.com\/blog\/wp-content\/uploads\/2022\/03\/petite-deco-lampe-moderne-7.jpeg\" alt=\"petite deco lampe moderne Lampe \u00e0 poser verre et bois slow living \u00e9l\u00e9gant chic\" class=\"wp-image-47237\" srcset=\"https:\/\/www.cocondedecoration.com\/blog\/wp-content\/uploads\/2022\/03\/petite-deco-lampe-moderne-7.jpeg 500w, https:\/\/www.cocondedecoration.com\/blog\/wp-content\/uploads\/2022\/03\/petite-deco-lampe-moderne-7-165x165.jpeg 165w, https:\/\/www.cocondedecoration.com\/blog\/wp-content\/uploads\/2022\/03\/petite-deco-lampe-moderne-7-260x260.jpeg 260w, https:\/\/www.cocondedecoration.com\/blog\/wp-content\/uploads\/2022\/03\/petite-deco-lampe-moderne-7-465x465.jpeg 465w\" sizes=\"(max-width: 500px) 100vw, 500px\" \/><figcaption>Lampe \u00e0 poser verre et bois - La Redoute Int\u00e9rieurs<\/figcaption><\/figure>\n\n\n\n<figure class=\"wp-block-image\"><img loading=\"lazy\" decoding=\"async\" width=\"500\" height=\"500\" src=\"http:\/\/www.cocondedecoration.com\/blog\/wp-content\/uploads\/2022\/03\/petite-deco-luminaire-elegant-3.jpeg\" alt=\"petite deco luminaire elegant Lampe de table Canop\u00e9e cannage naturel chic\" class=\"wp-image-47256\" srcset=\"https:\/\/www.cocondedecoration.com\/blog\/wp-content\/uploads\/2022\/03\/petite-deco-luminaire-elegant-3.jpeg 500w, https:\/\/www.cocondedecoration.com\/blog\/wp-content\/uploads\/2022\/03\/petite-deco-luminaire-elegant-3-165x165.jpeg 165w, https:\/\/www.cocondedecoration.com\/blog\/wp-content\/uploads\/2022\/03\/petite-deco-luminaire-elegant-3-260x260.jpeg 260w, https:\/\/www.cocondedecoration.com\/blog\/wp-content\/uploads\/2022\/03\/petite-deco-luminaire-elegant-3-465x465.jpeg 465w\" sizes=\"(max-width: 500px) 100vw, 500px\" \/><figcaption>Lampe de table Canop\u00e9e - AMPM<\/figcaption><\/figure>\n<\/div>\n\n\n\n<div class=\"wp-block-column is-layout-flow wp-block-column-is-layout-flow\">\n<figure class=\"wp-block-image\"><img loading=\"lazy\" decoding=\"async\" width=\"500\" height=\"500\" src=\"http:\/\/www.cocondedecoration.com\/blog\/wp-content\/uploads\/2022\/03\/petite-deco-lampe-moderne-4.jpeg\" alt=\"petite deco lampe moderne Lampe \u00e0 poser en m\u00e9tal bras oriental style vintage noir\" class=\"wp-image-47234\" srcset=\"https:\/\/www.cocondedecoration.com\/blog\/wp-content\/uploads\/2022\/03\/petite-deco-lampe-moderne-4.jpeg 500w, https:\/\/www.cocondedecoration.com\/blog\/wp-content\/uploads\/2022\/03\/petite-deco-lampe-moderne-4-165x165.jpeg 165w, https:\/\/www.cocondedecoration.com\/blog\/wp-content\/uploads\/2022\/03\/petite-deco-lampe-moderne-4-260x260.jpeg 260w, https:\/\/www.cocondedecoration.com\/blog\/wp-content\/uploads\/2022\/03\/petite-deco-lampe-moderne-4-465x465.jpeg 465w\" sizes=\"(max-width: 500px) 100vw, 500px\" \/><figcaption>Lampe \u00e0 poser en m\u00e9tal - La Redoute Int\u00e9rieurs<\/figcaption><\/figure>\n\n\n\n<figure class=\"wp-block-image\"><img loading=\"lazy\" decoding=\"async\" width=\"500\" height=\"500\" src=\"http:\/\/www.cocondedecoration.com\/blog\/wp-content\/uploads\/2022\/03\/petite-deco-lampe-moderne-8.jpeg\" alt=\"petite deco lampe moderne Lampe \u00e0 poser style lanterne bambou tress\u00e9\" class=\"wp-image-47238\" srcset=\"https:\/\/www.cocondedecoration.com\/blog\/wp-content\/uploads\/2022\/03\/petite-deco-lampe-moderne-8.jpeg 500w, https:\/\/www.cocondedecoration.com\/blog\/wp-content\/uploads\/2022\/03\/petite-deco-lampe-moderne-8-165x165.jpeg 165w, https:\/\/www.cocondedecoration.com\/blog\/wp-content\/uploads\/2022\/03\/petite-deco-lampe-moderne-8-260x260.jpeg 260w, https:\/\/www.cocondedecoration.com\/blog\/wp-content\/uploads\/2022\/03\/petite-deco-lampe-moderne-8-465x465.jpeg 465w\" sizes=\"(max-width: 500px) 100vw, 500px\" \/><figcaption>Lampe \u00e0 poser - La Redoute Int\u00e9rieurs<\/figcaption><\/figure>\n\n\n\n<figure class=\"wp-block-image\"><img loading=\"lazy\" decoding=\"async\" width=\"500\" height=\"500\" src=\"http:\/\/www.cocondedecoration.com\/blog\/wp-content\/uploads\/2022\/03\/petite-deco-luminaire-elegant-4.jpeg\" alt=\"petite deco luminaire elegant Lampe nomade m\u00e9tal et lin\" class=\"wp-image-47257\" srcset=\"https:\/\/www.cocondedecoration.com\/blog\/wp-content\/uploads\/2022\/03\/petite-deco-luminaire-elegant-4.jpeg 500w, https:\/\/www.cocondedecoration.com\/blog\/wp-content\/uploads\/2022\/03\/petite-deco-luminaire-elegant-4-165x165.jpeg 165w, https:\/\/www.cocondedecoration.com\/blog\/wp-content\/uploads\/2022\/03\/petite-deco-luminaire-elegant-4-260x260.jpeg 260w, https:\/\/www.cocondedecoration.com\/blog\/wp-content\/uploads\/2022\/03\/petite-deco-luminaire-elegant-4-465x465.jpeg 465w\" sizes=\"(max-width: 500px) 100vw, 500px\" \/><figcaption>Lampe nomade m\u00e9tal et lin - AMPM<\/figcaption><\/figure>\n<\/div>\n<\/div>\n\n\n\n<p>LES OFFRES LA REDOUTE DU MOMENT -> Soon! <\/p>\n\n\n\n<hr class=\"wp-block-separator\"\/>\n\n\n\n<p class=\"has-text-align-center has-medium-font-size\">Ne perdons pas contact \ud83d\ude42 Rejoignez moi sur <a href=\"https:\/\/www.pinterest.fr\/cocondedeco\/\" target=\"_blank\" rel=\"noopener\" title=\"\">Pinterest<\/a> |\u00a0<a href=\"https:\/\/www.threads.net\/@cocondedeco\" target=\"_blank\" rel=\"noopener\" title=\"\">Threads<\/a> | <a href=\"https:\/\/www.patreon.com\/collection\/162946?view=expanded\" target=\"_blank\" rel=\"noopener\" title=\"\">la Newsletter<\/a> <br>Vous aimez lire le blog? Vous souhaitez continuer \u00e0 le lire? <a href=\"https:\/\/www.patreon.com\/cocondedeco\" target=\"_blank\" rel=\"noopener\" title=\"\">Devenez m\u00e9c\u00e8ne<\/a> sur Patreon et contribuez \u00e0 sa survie. <\/p>\n\n\n\n<hr class=\"wp-block-separator\"\/>\n\n\n\n<div class=\"wp-block-image\"><figure class=\"aligncenter\"><img loading=\"lazy\" decoding=\"async\" width=\"732\" height=\"488\" src=\"http:\/\/www.cocondedecoration.com\/blog\/wp-content\/uploads\/2022\/03\/ou-trouver-petite-deco-tendance-moderne.png\" alt=\"ou trouver petite deco tendance moderne luminaire lampe \u00e0 poser cadres affiches vases cache-pot\" class=\"wp-image-47262\" srcset=\"https:\/\/www.cocondedecoration.com\/blog\/wp-content\/uploads\/2022\/03\/ou-trouver-petite-deco-tendance-moderne.png 732w, https:\/\/www.cocondedecoration.com\/blog\/wp-content\/uploads\/2022\/03\/ou-trouver-petite-deco-tendance-moderne-260x173.png 260w, https:\/\/www.cocondedecoration.com\/blog\/wp-content\/uploads\/2022\/03\/ou-trouver-petite-deco-tendance-moderne-640x427.png 640w, https:\/\/www.cocondedecoration.com\/blog\/wp-content\/uploads\/2022\/03\/ou-trouver-petite-deco-tendance-moderne-465x310.png 465w, https:\/\/www.cocondedecoration.com\/blog\/wp-content\/uploads\/2022\/03\/ou-trouver-petite-deco-tendance-moderne-695x463.png 695w\" sizes=\"(max-width: 732px) 100vw, 732px\" \/><\/figure><\/div>\n\n\n\n<p style=\"text-align:right\" class=\"has-small-font-size\">Article mis \u00e0 jour en d\u00e9cembre 2023<\/p>\n","protected":false},"excerpt":{"rendered":"<p>Depuis le d\u00e9but de l&rsquo;ann\u00e9e, je me suis lanc\u00e9e un d\u00e9fi: vous parler plus des d\u00e9tails d\u00e9co pour sublimer votre int\u00e9rieur. Je vous parle donc plus r\u00e9guli\u00e8rement de d\u00e9coration murale, de d\u00e9co au dessus des meubles notamment au dessus du buffet. Avec le changement de saison, c&rsquo;est la bonne occasion<span class=\"more-link\"><a href=\"https:\/\/www.cocondedecoration.com\/blog\/2022\/03\/objet-decoration-la-redoute\/\">Lire la suite<\/a><\/span><\/p>\n","protected":false},"author":1,"featured_media":47262,"comment_status":"open","ping_status":"open","sticky":false,"template":"","format":"standard","meta":{"om_disable_all_campaigns":false,"_monsterinsights_skip_tracking":false,"_monsterinsights_sitenote_active":false,"_monsterinsights_sitenote_note":"","_monsterinsights_sitenote_category":0,"_uf_show_specific_survey":0,"_uf_disable_surveys":false,"footnotes":""},"categories":[27503],"tags":[28787,28791,28722,28727,28724,28790,28789,28788,28794,28792,27957,17322,16748,28793,20081,28762,28760,28738,28746,28745,28775,28776,28736,28726,28728,28733,28731,28732,28730,28725,28734,16101,28780,28779,6522,3304,28765,28755,28753,28756,28754,28777,25105,28778,28761,28763,28770,28768,28766,28769,28767,28757,28758,28783,28719,28720,28715,28718,28713,28723,28741,28742,28717,28721,28716,28729,28735,28740,28739,28785,28786,28782,28781,28714,28784,28764,28773,28771,28774,28772,28759,28748,28747,28751,28750,28752,28749,28737,28744,28743],"aioseo_notices":[],"_links":{"self":[{"href":"https:\/\/www.cocondedecoration.com\/blog\/wp-json\/wp\/v2\/posts\/47194"}],"collection":[{"href":"https:\/\/www.cocondedecoration.com\/blog\/wp-json\/wp\/v2\/posts"}],"about":[{"href":"https:\/\/www.cocondedecoration.com\/blog\/wp-json\/wp\/v2\/types\/post"}],"author":[{"embeddable":true,"href":"https:\/\/www.cocondedecoration.com\/blog\/wp-json\/wp\/v2\/users\/1"}],"replies":[{"embeddable":true,"href":"https:\/\/www.cocondedecoration.com\/blog\/wp-json\/wp\/v2\/comments?post=47194"}],"version-history":[{"count":0,"href":"https:\/\/www.cocondedecoration.com\/blog\/wp-json\/wp\/v2\/posts\/47194\/revisions"}],"wp:featuredmedia":[{"embeddable":true,"href":"https:\/\/www.cocondedecoration.com\/blog\/wp-json\/wp\/v2\/media\/47262"}],"wp:attachment":[{"href":"https:\/\/www.cocondedecoration.com\/blog\/wp-json\/wp\/v2\/media?parent=47194"}],"wp:term":[{"taxonomy":"category","embeddable":true,"href":"https:\/\/www.cocondedecoration.com\/blog\/wp-json\/wp\/v2\/categories?post=47194"},{"taxonomy":"post_tag","embeddable":true,"href":"https:\/\/www.cocondedecoration.com\/blog\/wp-json\/wp\/v2\/tags?post=47194"}],"curies":[{"name":"wp","href":"https:\/\/api.w.org\/{rel}","templated":true}]}}