{"id":4685,"date":"2013-06-27T06:57:05","date_gmt":"2013-06-27T04:57:05","guid":{"rendered":"http:\/\/www.cocondedecoration.com\/blog\/?p=4685"},"modified":"2013-06-26T10:16:04","modified_gmt":"2013-06-26T08:16:04","slug":"culture-deco-mobilier-bauhaus","status":"publish","type":"post","link":"https:\/\/www.cocondedecoration.com\/blog\/2013\/06\/culture-deco-mobilier-bauhaus\/","title":{"rendered":"Culture d\u00e9co: Mobilier Bauhaus"},"content":{"rendered":"<p style=\"text-align: justify;\">Mouvement artistique au sens large du th\u00e8me, le Bauhaus arrive apr\u00e8s la I\u00e8re guerre mondiale en Allemagne. Divers ateliers sont mis en place, mais aujourd'hui, concentrons-nous sur les ateliers de menuiseries et de m\u00e9tal, avec quelques images. J'aime les formes, j'aime la g\u00e9om\u00e9trie, j'aime les couleurs. J'aime aussi le fait qu'il fallait oser, entre les deux guerres, proposer un tel mobilier! C'est \"dr\u00f4le\" parce que je me fais une id\u00e9e sombre de cette p\u00e9riode, une id\u00e9e en noir et blanc comme les films. Et pourtant, le mobilier Bauhaus montre que la couleur n'a pas \u00e9t\u00e9 invent\u00e9e en m\u00eame temps que la t\u00e9l\u00e9 couleur!<\/p>\n<p style=\"text-align: justify;\"><a href=\"http:\/\/www.cocondedecoration.com\/blog\/wp-content\/uploads\/2013\/06\/9.-Bauhaus.-Josef-Albers.-Barbican.jpg\"><img loading=\"lazy\" decoding=\"async\" class=\"aligncenter size-large wp-image-4686\" alt=\"9. Bauhaus. Josef Albers. Barbican\" src=\"http:\/\/www.cocondedecoration.com\/blog\/wp-content\/uploads\/2013\/06\/9.-Bauhaus.-Josef-Albers.-Barbican-640x747.jpg\" width=\"630\" height=\"735\" srcset=\"https:\/\/www.cocondedecoration.com\/blog\/wp-content\/uploads\/2013\/06\/9.-Bauhaus.-Josef-Albers.-Barbican-640x747.jpg 640w, https:\/\/www.cocondedecoration.com\/blog\/wp-content\/uploads\/2013\/06\/9.-Bauhaus.-Josef-Albers.-Barbican-260x303.jpg 260w, https:\/\/www.cocondedecoration.com\/blog\/wp-content\/uploads\/2013\/06\/9.-Bauhaus.-Josef-Albers.-Barbican.jpg 1369w\" sizes=\"(max-width: 630px) 100vw, 630px\" \/><\/a><a href=\"http:\/\/art-corpus.blogspot.fr\/2012\/05\/review-of-bauhaus-art-as-life-at.html\" target=\"_blank\">Source <\/a><\/p>\n<p style=\"text-align: justify;\"><a href=\"http:\/\/www.cocondedecoration.com\/blog\/wp-content\/uploads\/2013\/06\/mobile-bauhaus.jpg\"><img loading=\"lazy\" decoding=\"async\" class=\"aligncenter size-full wp-image-4690\" alt=\"mobile-bauhaus\" src=\"http:\/\/www.cocondedecoration.com\/blog\/wp-content\/uploads\/2013\/06\/mobile-bauhaus.jpg\" width=\"356\" height=\"356\" srcset=\"https:\/\/www.cocondedecoration.com\/blog\/wp-content\/uploads\/2013\/06\/mobile-bauhaus.jpg 356w, https:\/\/www.cocondedecoration.com\/blog\/wp-content\/uploads\/2013\/06\/mobile-bauhaus-165x165.jpg 165w, https:\/\/www.cocondedecoration.com\/blog\/wp-content\/uploads\/2013\/06\/mobile-bauhaus-260x260.jpg 260w\" sizes=\"(max-width: 356px) 100vw, 356px\" \/><\/a><a href=\"http:\/\/www.arteum.com\/mobiles\/455-mobile-bauhaus.html\" target=\"_blank\">Source <\/a><\/p>\n<p style=\"text-align: justify;\"><a href=\"http:\/\/www.cocondedecoration.com\/blog\/wp-content\/uploads\/2013\/06\/bau-bauhaus-inspired-hanging-lamp-for-kids-ro-L-1.jpeg\"><img loading=\"lazy\" decoding=\"async\" class=\"aligncenter size-full wp-image-4687\" alt=\"bau-bauhaus-inspired-hanging-lamp-for-kids-ro-L-1\" src=\"http:\/\/www.cocondedecoration.com\/blog\/wp-content\/uploads\/2013\/06\/bau-bauhaus-inspired-hanging-lamp-for-kids-ro-L-1.jpeg\" width=\"580\" height=\"400\" srcset=\"https:\/\/www.cocondedecoration.com\/blog\/wp-content\/uploads\/2013\/06\/bau-bauhaus-inspired-hanging-lamp-for-kids-ro-L-1.jpeg 580w, https:\/\/www.cocondedecoration.com\/blog\/wp-content\/uploads\/2013\/06\/bau-bauhaus-inspired-hanging-lamp-for-kids-ro-L-1-260x179.jpeg 260w\" sizes=\"(max-width: 580px) 100vw, 580px\" \/><\/a><a href=\"http:\/\/www.paperblog.fr\/3587649\/bau-bauhaus-inspired-hanging-lamp-for-kids-room\/\" target=\"_blank\">Source <\/a><\/p>\n<p style=\"text-align: justify;\"><a href=\"http:\/\/www.cocondedecoration.com\/blog\/wp-content\/uploads\/2013\/06\/Le-Bauhaus-3.jpg\"><img loading=\"lazy\" decoding=\"async\" class=\"aligncenter size-large wp-image-4689\" alt=\"Le-Bauhaus-3\" src=\"http:\/\/www.cocondedecoration.com\/blog\/wp-content\/uploads\/2013\/06\/Le-Bauhaus-3-640x640.jpg\" width=\"630\" height=\"630\" srcset=\"https:\/\/www.cocondedecoration.com\/blog\/wp-content\/uploads\/2013\/06\/Le-Bauhaus-3-640x640.jpg 640w, https:\/\/www.cocondedecoration.com\/blog\/wp-content\/uploads\/2013\/06\/Le-Bauhaus-3-165x165.jpg 165w, https:\/\/www.cocondedecoration.com\/blog\/wp-content\/uploads\/2013\/06\/Le-Bauhaus-3-260x260.jpg 260w, https:\/\/www.cocondedecoration.com\/blog\/wp-content\/uploads\/2013\/06\/Le-Bauhaus-3.jpg 900w\" sizes=\"(max-width: 630px) 100vw, 630px\" \/><\/a><a href=\"http:\/\/wildbirdscollective.com\/design-et-architecture-le-bauhaus-1919-1933\/\" target=\"_blank\">Source <\/a><\/p>\n<p style=\"text-align: justify;\"><a href=\"http:\/\/www.cocondedecoration.com\/blog\/wp-content\/uploads\/2013\/06\/My_Bauhaus_is_better_than_yours_X_Chair-1024x685.jpg\"><img loading=\"lazy\" decoding=\"async\" class=\"aligncenter size-large wp-image-4691\" alt=\"My_Bauhaus_is_better_than_yours_X_Chair-1024x685\" src=\"http:\/\/www.cocondedecoration.com\/blog\/wp-content\/uploads\/2013\/06\/My_Bauhaus_is_better_than_yours_X_Chair-1024x685-640x428.jpg\" width=\"630\" height=\"421\" srcset=\"https:\/\/www.cocondedecoration.com\/blog\/wp-content\/uploads\/2013\/06\/My_Bauhaus_is_better_than_yours_X_Chair-1024x685-640x428.jpg 640w, https:\/\/www.cocondedecoration.com\/blog\/wp-content\/uploads\/2013\/06\/My_Bauhaus_is_better_than_yours_X_Chair-1024x685-260x173.jpg 260w, https:\/\/www.cocondedecoration.com\/blog\/wp-content\/uploads\/2013\/06\/My_Bauhaus_is_better_than_yours_X_Chair-1024x685.jpg 1024w\" sizes=\"(max-width: 630px) 100vw, 630px\" \/><\/a><a href=\"http:\/\/www.sleekdesign.fr\/2012\/03\/27\/my-bauhaus-is-better-than-yours\/#.UcqisescRhE\" target=\"_blank\">Source <\/a><\/p>\n<p style=\"text-align: justify;\"><a href=\"http:\/\/www.cocondedecoration.com\/blog\/wp-content\/uploads\/2013\/06\/bauhaus-design.jpg\"><img loading=\"lazy\" decoding=\"async\" class=\"aligncenter size-full wp-image-4688\" alt=\"bauhaus-design\" src=\"http:\/\/www.cocondedecoration.com\/blog\/wp-content\/uploads\/2013\/06\/bauhaus-design.jpg\" width=\"500\" height=\"411\" srcset=\"https:\/\/www.cocondedecoration.com\/blog\/wp-content\/uploads\/2013\/06\/bauhaus-design.jpg 500w, https:\/\/www.cocondedecoration.com\/blog\/wp-content\/uploads\/2013\/06\/bauhaus-design-260x213.jpg 260w\" sizes=\"(max-width: 500px) 100vw, 500px\" \/><\/a><a href=\"http:\/\/claire-rosier.blogspot.fr\/2011\/10\/bauhaus.html\" target=\"_blank\">Source <\/a><\/p>\n","protected":false},"excerpt":{"rendered":"<p>Mouvement artistique au sens large du th\u00e8me, le Bauhaus arrive apr\u00e8s la I\u00e8re guerre mondiale en Allemagne. Divers ateliers sont mis en place, mais aujourd&rsquo;hui, concentrons-nous sur les ateliers de menuiseries et de m\u00e9tal, avec quelques images. J&rsquo;aime les formes, j&rsquo;aime la g\u00e9om\u00e9trie, j&rsquo;aime les couleurs. J&rsquo;aime aussi le fait<span class=\"more-link\"><a href=\"https:\/\/www.cocondedecoration.com\/blog\/2013\/06\/culture-deco-mobilier-bauhaus\/\">Lire la suite<\/a><\/span><\/p>\n","protected":false},"author":1,"featured_media":4686,"comment_status":"open","ping_status":"open","sticky":false,"template":"","format":"standard","meta":{"om_disable_all_campaigns":false,"_monsterinsights_skip_tracking":false,"_monsterinsights_sitenote_active":false,"_monsterinsights_sitenote_note":"","_monsterinsights_sitenote_category":0,"_uf_show_specific_survey":0,"_uf_disable_surveys":false,"footnotes":""},"categories":[4],"tags":[48,797,279,528,798,407,799],"aioseo_notices":[],"_links":{"self":[{"href":"https:\/\/www.cocondedecoration.com\/blog\/wp-json\/wp\/v2\/posts\/4685"}],"collection":[{"href":"https:\/\/www.cocondedecoration.com\/blog\/wp-json\/wp\/v2\/posts"}],"about":[{"href":"https:\/\/www.cocondedecoration.com\/blog\/wp-json\/wp\/v2\/types\/post"}],"author":[{"embeddable":true,"href":"https:\/\/www.cocondedecoration.com\/blog\/wp-json\/wp\/v2\/users\/1"}],"replies":[{"embeddable":true,"href":"https:\/\/www.cocondedecoration.com\/blog\/wp-json\/wp\/v2\/comments?post=4685"}],"version-history":[{"count":0,"href":"https:\/\/www.cocondedecoration.com\/blog\/wp-json\/wp\/v2\/posts\/4685\/revisions"}],"wp:featuredmedia":[{"embeddable":true,"href":"https:\/\/www.cocondedecoration.com\/blog\/wp-json\/wp\/v2\/media\/4686"}],"wp:attachment":[{"href":"https:\/\/www.cocondedecoration.com\/blog\/wp-json\/wp\/v2\/media?parent=4685"}],"wp:term":[{"taxonomy":"category","embeddable":true,"href":"https:\/\/www.cocondedecoration.com\/blog\/wp-json\/wp\/v2\/categories?post=4685"},{"taxonomy":"post_tag","embeddable":true,"href":"https:\/\/www.cocondedecoration.com\/blog\/wp-json\/wp\/v2\/tags?post=4685"}],"curies":[{"name":"wp","href":"https:\/\/api.w.org\/{rel}","templated":true}]}}