{"id":4388,"date":"2013-04-16T06:46:17","date_gmt":"2013-04-16T04:46:17","guid":{"rendered":"http:\/\/www.cocondedecoration.com\/blog\/?p=4388"},"modified":"2013-04-14T10:17:12","modified_gmt":"2013-04-14T08:17:12","slug":"changer-de-chaises-et-choisir-loriginalite","status":"publish","type":"post","link":"https:\/\/www.cocondedecoration.com\/blog\/2013\/04\/changer-de-chaises-et-choisir-loriginalite\/","title":{"rendered":"Changer de chaises et choisir l&rsquo;originalit\u00e9"},"content":{"rendered":"<p style=\"text-align: justify;\">A la maison, mes chaises sont blanches. Elles ne m'ont pas co\u00fbt\u00e9 cher. C'est en arrivant dans notre appartement actuel qu'on avait fait l'effort (oui c'\u00e9tait un effort) d'acheter une table de salle \u00e0 manger et des chaises. Avant, on avait toujours r\u00e9ussit \u00e0 s'en passer. Mes chaises servent \u00e0 tout sauf \u00e0 s'asseoir la plupart du temps. J'y empile mes dossier. On y pose nos manteaux. Les chats y font leurs siestes. J'ai mix\u00e9 les chaises et un super canap\u00e9 autour de la table. \u00c7a nous permet de tenir \u00e0 7 pour manger quand on re\u00e7oit. Je travaille souvent aussi dans cet espace. (Un jour quand ce sera rang\u00e9, je vous ferai une photo, mais c'est pas demain la veille)<\/p>\n<p style=\"text-align: justify;\">J'aime les chaises d\u00e9pareill\u00e9es. J'aime les ensembles un tantinet \u00e9tonnants autour d'une table de repas. Cela donne de la vie. Je trouve aussi que c'est une invitation \u00e0 s'asseoir. On choisi sa chaise parce que la couleur ou la forme nous plait. Les chaises donnent vie \u00e0 la pi\u00e8ce. Elles s'accordent avec la d\u00e9co. Elles la dynamisent aussi.<\/p>\n<p style=\"text-align: justify;\"><a href=\"http:\/\/www.cocondedecoration.com\/blog\/wp-content\/uploads\/2013\/04\/salle-a\u0300-manger-chaise-jaune.jpg\"><img loading=\"lazy\" decoding=\"async\" class=\"aligncenter size-full wp-image-4393\" alt=\"salle a\u0300 manger chaise jaune\" src=\"http:\/\/www.cocondedecoration.com\/blog\/wp-content\/uploads\/2013\/04\/salle-a\u0300-manger-chaise-jaune.jpg\" width=\"400\" height=\"545\" srcset=\"https:\/\/www.cocondedecoration.com\/blog\/wp-content\/uploads\/2013\/04\/salle-a\u0300-manger-chaise-jaune.jpg 400w, https:\/\/www.cocondedecoration.com\/blog\/wp-content\/uploads\/2013\/04\/salle-a\u0300-manger-chaise-jaune-260x354.jpg 260w\" sizes=\"(max-width: 400px) 100vw, 400px\" \/><\/a><a href=\"http:\/\/www.moodkids.nl\/system\/ItemNietGevonden.aspx?item=%2fsitecore%2fcontent%2fwebsite%2fblog%2fdesign+-+kindermeubels+klein+of+groot&amp;user=extranet\\Anonymous&amp;site=Moodkids\" target=\"_blank\">Source <\/a><\/p>\n<p style=\"text-align: justify;\"><a href=\"http:\/\/www.cocondedecoration.com\/blog\/wp-content\/uploads\/2013\/04\/chaise-de\u0301cole-vintage.jpg\"><img loading=\"lazy\" decoding=\"async\" class=\"aligncenter size-large wp-image-4389\" alt=\"chaise d'e\u0301cole vintage\" src=\"http:\/\/www.cocondedecoration.com\/blog\/wp-content\/uploads\/2013\/04\/chaise-de\u0301cole-vintage-640x909.jpg\" width=\"630\" height=\"894\" srcset=\"https:\/\/www.cocondedecoration.com\/blog\/wp-content\/uploads\/2013\/04\/chaise-de\u0301cole-vintage-640x909.jpg 640w, https:\/\/www.cocondedecoration.com\/blog\/wp-content\/uploads\/2013\/04\/chaise-de\u0301cole-vintage-260x369.jpg 260w, https:\/\/www.cocondedecoration.com\/blog\/wp-content\/uploads\/2013\/04\/chaise-de\u0301cole-vintage.jpg 736w\" sizes=\"(max-width: 630px) 100vw, 630px\" \/><\/a><a href=\"http:\/\/furnishly.com\/catalog\/product\/view\/id\/4334\/s\/vintage-school-chair\/\" target=\"_blank\">Source <\/a><\/p>\n<p style=\"text-align: justify;\"><a href=\"http:\/\/www.cocondedecoration.com\/blog\/wp-content\/uploads\/2013\/04\/salle-a\u0300-manger-chaises-de\u0301pareille\u0301es.jpg\"><img loading=\"lazy\" decoding=\"async\" class=\"aligncenter size-large wp-image-4394\" alt=\"salle a\u0300 manger chaises de\u0301pareille\u0301es\" src=\"http:\/\/www.cocondedecoration.com\/blog\/wp-content\/uploads\/2013\/04\/salle-a\u0300-manger-chaises-de\u0301pareille\u0301es-640x640.jpg\" width=\"630\" height=\"630\" srcset=\"https:\/\/www.cocondedecoration.com\/blog\/wp-content\/uploads\/2013\/04\/salle-a\u0300-manger-chaises-de\u0301pareille\u0301es-640x640.jpg 640w, https:\/\/www.cocondedecoration.com\/blog\/wp-content\/uploads\/2013\/04\/salle-a\u0300-manger-chaises-de\u0301pareille\u0301es-165x165.jpg 165w, https:\/\/www.cocondedecoration.com\/blog\/wp-content\/uploads\/2013\/04\/salle-a\u0300-manger-chaises-de\u0301pareille\u0301es-260x260.jpg 260w, https:\/\/www.cocondedecoration.com\/blog\/wp-content\/uploads\/2013\/04\/salle-a\u0300-manger-chaises-de\u0301pareille\u0301es.jpg 800w\" sizes=\"(max-width: 630px) 100vw, 630px\" \/><\/a><a href=\"http:\/\/www.ideashomeconcept.com\/10-ideas-decorate-dining-room-with-mixed-dining-chairs\/10-ideas-decorate-dining-room-with-mixed-dining-chairs-mix-of-the-same-chair-with-a-different-color\/\" target=\"_blank\">Source <\/a><\/p>\n<p style=\"text-align: justify;\"><a href=\"http:\/\/www.cocondedecoration.com\/blog\/wp-content\/uploads\/2013\/04\/fauteuil-Eames-vert-menthe.jpg\"><img loading=\"lazy\" decoding=\"async\" class=\"aligncenter size-full wp-image-4392\" alt=\"fauteuil Eames vert menthe\" src=\"http:\/\/www.cocondedecoration.com\/blog\/wp-content\/uploads\/2013\/04\/fauteuil-Eames-vert-menthe.jpg\" width=\"415\" height=\"624\" srcset=\"https:\/\/www.cocondedecoration.com\/blog\/wp-content\/uploads\/2013\/04\/fauteuil-Eames-vert-menthe.jpg 415w, https:\/\/www.cocondedecoration.com\/blog\/wp-content\/uploads\/2013\/04\/fauteuil-Eames-vert-menthe-260x390.jpg 260w\" sizes=\"(max-width: 415px) 100vw, 415px\" \/><\/a><a href=\"http:\/\/www.mixedplateblog.com\/\" target=\"_blank\">Source <\/a><\/p>\n<p style=\"text-align: justify;\"><a href=\"http:\/\/www.cocondedecoration.com\/blog\/wp-content\/uploads\/2013\/04\/salle-a\u0300-manger-chaises-peintes.jpg\"><img loading=\"lazy\" decoding=\"async\" class=\"aligncenter size-large wp-image-4395\" alt=\"salle a\u0300 manger chaises peintes\" src=\"http:\/\/www.cocondedecoration.com\/blog\/wp-content\/uploads\/2013\/04\/salle-a\u0300-manger-chaises-peintes-640x640.jpg\" width=\"630\" height=\"630\" srcset=\"https:\/\/www.cocondedecoration.com\/blog\/wp-content\/uploads\/2013\/04\/salle-a\u0300-manger-chaises-peintes-640x640.jpg 640w, https:\/\/www.cocondedecoration.com\/blog\/wp-content\/uploads\/2013\/04\/salle-a\u0300-manger-chaises-peintes-165x165.jpg 165w, https:\/\/www.cocondedecoration.com\/blog\/wp-content\/uploads\/2013\/04\/salle-a\u0300-manger-chaises-peintes-260x260.jpg 260w, https:\/\/www.cocondedecoration.com\/blog\/wp-content\/uploads\/2013\/04\/salle-a\u0300-manger-chaises-peintes.jpg 800w\" sizes=\"(max-width: 630px) 100vw, 630px\" \/><\/a><a href=\"http:\/\/www.ideashomeconcept.com\/10-ideas-decorate-dining-room-with-mixed-dining-chairs\/10-ideas-decorate-dining-room-with-mixed-dining-chairs-mix-full-color-chairs\/\" target=\"_blank\">Source <\/a><\/p>\n<p style=\"text-align: justify;\"><a href=\"http:\/\/www.cocondedecoration.com\/blog\/wp-content\/uploads\/2013\/04\/chaise-re\u0301tro-rose.jpg\"><img loading=\"lazy\" decoding=\"async\" class=\"aligncenter size-full wp-image-4391\" alt=\"chaise re\u0301tro rose\" src=\"http:\/\/www.cocondedecoration.com\/blog\/wp-content\/uploads\/2013\/04\/chaise-re\u0301tro-rose.jpg\" width=\"500\" height=\"625\" srcset=\"https:\/\/www.cocondedecoration.com\/blog\/wp-content\/uploads\/2013\/04\/chaise-re\u0301tro-rose.jpg 500w, https:\/\/www.cocondedecoration.com\/blog\/wp-content\/uploads\/2013\/04\/chaise-re\u0301tro-rose-260x325.jpg 260w\" sizes=\"(max-width: 500px) 100vw, 500px\" \/><\/a><a href=\"http:\/\/www.marthastewart.com\/271685\/herringbone-chair?czone=home\/diy-decorating\/furniture-fixtures&amp;center=277001&amp;gallery=275620&amp;slide=271685\" target=\"_blank\">Source <\/a><\/p>\n<p style=\"text-align: justify;\"><a href=\"http:\/\/www.cocondedecoration.com\/blog\/wp-content\/uploads\/2013\/04\/chaise-me\u0301tal-loft.jpg\"><img loading=\"lazy\" decoding=\"async\" class=\"aligncenter size-full wp-image-4390\" alt=\"chaise me\u0301tal loft\" src=\"http:\/\/www.cocondedecoration.com\/blog\/wp-content\/uploads\/2013\/04\/chaise-me\u0301tal-loft.jpg\" width=\"288\" height=\"432\" srcset=\"https:\/\/www.cocondedecoration.com\/blog\/wp-content\/uploads\/2013\/04\/chaise-me\u0301tal-loft.jpg 288w, https:\/\/www.cocondedecoration.com\/blog\/wp-content\/uploads\/2013\/04\/chaise-me\u0301tal-loft-260x390.jpg 260w\" sizes=\"(max-width: 288px) 100vw, 288px\" \/><\/a><a href=\"http:\/\/www.anthropologie.eu\/europe\/page\/home\" target=\"_blank\">Source <\/a><\/p>\n","protected":false},"excerpt":{"rendered":"<p>A la maison, mes chaises sont blanches. Elles ne m&rsquo;ont pas co\u00fbt\u00e9 cher. C&rsquo;est en arrivant dans notre appartement actuel qu&rsquo;on avait fait l&rsquo;effort (oui c&rsquo;\u00e9tait un effort) d&rsquo;acheter une table de salle \u00e0 manger et des chaises. Avant, on avait toujours r\u00e9ussit \u00e0 s&rsquo;en passer. Mes chaises servent \u00e0<span class=\"more-link\"><a href=\"https:\/\/www.cocondedecoration.com\/blog\/2013\/04\/changer-de-chaises-et-choisir-loriginalite\/\">Lire la suite<\/a><\/span><\/p>\n","protected":false},"author":1,"featured_media":4389,"comment_status":"open","ping_status":"open","sticky":false,"template":"","format":"standard","meta":{"om_disable_all_campaigns":false,"_monsterinsights_skip_tracking":false,"_monsterinsights_sitenote_active":false,"_monsterinsights_sitenote_note":"","_monsterinsights_sitenote_category":0,"_uf_show_specific_survey":0,"_uf_disable_surveys":false,"footnotes":""},"categories":[4],"tags":[88,718,13,720,370,719,717,35,39],"aioseo_notices":[],"_links":{"self":[{"href":"https:\/\/www.cocondedecoration.com\/blog\/wp-json\/wp\/v2\/posts\/4388"}],"collection":[{"href":"https:\/\/www.cocondedecoration.com\/blog\/wp-json\/wp\/v2\/posts"}],"about":[{"href":"https:\/\/www.cocondedecoration.com\/blog\/wp-json\/wp\/v2\/types\/post"}],"author":[{"embeddable":true,"href":"https:\/\/www.cocondedecoration.com\/blog\/wp-json\/wp\/v2\/users\/1"}],"replies":[{"embeddable":true,"href":"https:\/\/www.cocondedecoration.com\/blog\/wp-json\/wp\/v2\/comments?post=4388"}],"version-history":[{"count":0,"href":"https:\/\/www.cocondedecoration.com\/blog\/wp-json\/wp\/v2\/posts\/4388\/revisions"}],"wp:featuredmedia":[{"embeddable":true,"href":"https:\/\/www.cocondedecoration.com\/blog\/wp-json\/wp\/v2\/media\/4389"}],"wp:attachment":[{"href":"https:\/\/www.cocondedecoration.com\/blog\/wp-json\/wp\/v2\/media?parent=4388"}],"wp:term":[{"taxonomy":"category","embeddable":true,"href":"https:\/\/www.cocondedecoration.com\/blog\/wp-json\/wp\/v2\/categories?post=4388"},{"taxonomy":"post_tag","embeddable":true,"href":"https:\/\/www.cocondedecoration.com\/blog\/wp-json\/wp\/v2\/tags?post=4388"}],"curies":[{"name":"wp","href":"https:\/\/api.w.org\/{rel}","templated":true}]}}