{"id":42849,"date":"2021-11-24T01:00:28","date_gmt":"2021-11-23T23:00:28","guid":{"rendered":"http:\/\/www.cocondedecoration.com\/blog\/?p=42849"},"modified":"2022-03-03T13:05:05","modified_gmt":"2022-03-03T11:05:05","slug":"comment-desencombrer-conseils","status":"publish","type":"post","link":"https:\/\/www.cocondedecoration.com\/blog\/2021\/11\/comment-desencombrer-conseils\/","title":{"rendered":"[Slow] Trier, revendre, jeter&#8230; comment d\u00e9sencombrer sa maison ?"},"content":{"rendered":"\n<p>Cela fait un bout de temps que je ne vous ai pas parl\u00e9 de d\u00e9sencombrer votre int\u00e9rieur. Il faut dire que ces derniers mois, ce fut l'une de mes activit\u00e9s principales. Vu que j'\u00e9tais de retour en France pour quelques temps, c'\u00e9tait l'occasion de faire un nouveau tri dans les affaires que nous avions gard\u00e9es et ce que nous allons embarquer avec nous quand nous partirons. C'est donc l'occasion de faire un point avec vous. <\/p>\n\n\n\n<!--more-->\n\n\n\n<h2 class=\"wp-block-heading\">Trois conseils pour bien commencer \u00e0 trier et d\u00e9sencombrer<\/h2>\n\n\n\n<ol><li>Avoir conscience que faire du tri et d\u00e9sencombrer prend du temps - Ne vous dites pas: \"C'est bon, j'ai une aprem de libre, je vais faire du tri et ma pi\u00e8ce sera nickel\", vous serez d\u00e9\u00e7u(e). C'est une d\u00e9marche qui se fait sur plusieurs mois voire plusieurs ann\u00e9es. J'ai commenc\u00e9 il y a 5 ans et pourtant j'ai encore des objets dont je peux me s\u00e9parer. C'est plus facile avec le temps et l'habitude. <\/li><li>Savoir ce qu'on va faire de ce qu'on trie - Ce n'est pas tout de trier si vos piles restent dans le garage ou dans le grenier en attendant. En attendant quoi justement? Vous pouvez donner, revendre ou encore jeter ce qui ne vous sert plus. Jetez que si c'est n\u00e9cessaire. Donnez \u00e0 des associations. Revendez en ligne pour donner une seconde vie \u00e0 vos habits, votre d\u00e9co, votre mobilier. Pour envoyer ce qui ne vous sert plus, vous pouvez faire <a rel=\"noreferrer noopener\" aria-label=\"le choix d'une livraison rapide et \u00e9conomique comme Shop2Shop de Chronopost  (s\u2019ouvre dans un nouvel onglet)\" href=\"https:\/\/www.chronoshop2shop.fr\/fr\/envoi-colis\" target=\"_blank\">le choix d'une livraison rapide et \u00e9conomique comme Shop2Shop de Chronopost <\/a>par exemple. <\/li><li>Donnez vous des objectifs faciles \u00e0 r\u00e9aliser - Personne ne commence la course \u00e0 pied en faisant un marathon! C'est la m\u00eame chose quand on cherche \u00e0 d\u00e9sencombrer son quotidien. Et il n'y a pas de mal \u00e0 viser la facilit\u00e9. M\u00eame si on est dans un monde hyper comp\u00e9titif, vous n'\u00eates pas oblig\u00e9(e) de l'\u00eatre aussi chez vous. Commencez par un meuble, le buffet de la salle \u00e0 manger par exemple. Vous verrez, cela 1) vous \u00e9vitera  d'\u00eatre d\u00e9moralis\u00e9(e) face \u00e0 la t\u00e2che \u00e0 accomplir 2) rester concentr\u00e9(e) 3) r\u00e9ussir \u00e0 avancer dans votre d\u00e9marche. Une fois cet objectif termin\u00e9, vous pouvez passer \u00e0 un autre point chaud de votre logement comme la penderie. <\/li><\/ol>\n\n\n\n<div class=\"wp-block-image\"><figure class=\"aligncenter\"><img loading=\"lazy\" decoding=\"async\" width=\"3648\" height=\"5472\" src=\"http:\/\/www.cocondedecoration.com\/blog\/wp-content\/uploads\/2021\/11\/desencombrer-trier-jeter-maison-2.jpg\" alt=\"desencombrer trier jeter maison conseils exp\u00e9rience d\u00e9buter\" class=\"wp-image-42852\" srcset=\"https:\/\/www.cocondedecoration.com\/blog\/wp-content\/uploads\/2021\/11\/desencombrer-trier-jeter-maison-2.jpg 3648w, https:\/\/www.cocondedecoration.com\/blog\/wp-content\/uploads\/2021\/11\/desencombrer-trier-jeter-maison-2-260x390.jpg 260w, https:\/\/www.cocondedecoration.com\/blog\/wp-content\/uploads\/2021\/11\/desencombrer-trier-jeter-maison-2-768x1152.jpg 768w, https:\/\/www.cocondedecoration.com\/blog\/wp-content\/uploads\/2021\/11\/desencombrer-trier-jeter-maison-2-640x960.jpg 640w, https:\/\/www.cocondedecoration.com\/blog\/wp-content\/uploads\/2021\/11\/desencombrer-trier-jeter-maison-2-367x550.jpg 367w, https:\/\/www.cocondedecoration.com\/blog\/wp-content\/uploads\/2021\/11\/desencombrer-trier-jeter-maison-2-333x500.jpg 333w\" sizes=\"(max-width: 3648px) 100vw, 3648px\" \/><\/figure><\/div>\n\n\n\n<h2 class=\"wp-block-heading\">Mon exp\u00e9rience - Comment je d\u00e9sencombre apr\u00e8s 5 ans? <\/h2>\n\n\n\n<p>On a commenc\u00e9 notre d\u00e9marche quelques mois avant de quitter la France. C'\u00e9tait une premi\u00e8re pour moi, avant notre d\u00e9cision de changer de vie, je n'y arrivais pas. Mais le plus dur est de commencer. Apr\u00e8s, \u00e7a se fait tout seul ou presque! <br>Pendant cette p\u00e9riode entre 2016 et maintenant, m\u00eame si on vit avec tr\u00e8s peu d'objets et qu'on est assez minimalistes (on a chacun un sac de moins de 15kg), on a continu\u00e9 \u00e0 trier et d\u00e9sencombrer. Au d\u00e9part, c'\u00e9tait des choses qui n'\u00e9taient pas adapt\u00e9es \u00e0 notre mode de vie. Apr\u00e8s, quand on se s\u00e9parait d'objets - notamment de v\u00eatements - c'est parce qu'ils \u00e9taient trop us\u00e9s. Avant d'acheter quelque chose de nouveau, je me demande si j'en ai vraiment besoin et qu'est-ce qui va finir \u00e0 la poubelle \u00e0 la place. Je vous assure que quand on porte toutes ses affaires sur le dos, on a le temps de penser \u00e0 ce qui est essentiel et ce qui ne l'est pas. <br>Cet \u00e9t\u00e9, on est rentr\u00e9 pour des raisons personnelles. On a du d'abord vider un appartement qui n'\u00e9tait pas le n\u00f4tre. On y est all\u00e9 par \u00e9tape pour ne garder que ce qui avait une grande valeur sentimentale. Et ensuite, on s'est attaqu\u00e9 \u00e0 nos propre affaires. L\u00e0 c'est assez facile de rester concentr\u00e9e puisque tout ou presque \u00e9tait d\u00e9j\u00e0 en carton. Ils ont tous \u00e9t\u00e9 ouverts. Pour les v\u00eatements ce qui ne me plaisait plus, ce qui ne m'allait plus, c'est parti au Relais. J'avais gard\u00e9 des plaids, des coussins et d'autres d\u00e9co textiles. Ca a \u00e9t\u00e9 donn\u00e9 ou d\u00e9pos\u00e9 dans une benne du Relais. On a aussi toute la partie vaisselle \/ cuisine qu'on a tri\u00e9 et qui attend d'\u00eatre d\u00e9pos\u00e9e \u00e0 une asso sociale. J'ai encore des meubles aussi qui ne demandent qu'\u00e0 trouver une place ailleurs. Mais je ne prends pas le temps de les vendre. Et je n'ai pas envie de les donner. J'ai remarqu\u00e9 que beaucoup de monde \u00e9tait pr\u00e9sent quand il fallait r\u00e9cup\u00e9r\u00e9 mais pas pour acheter. Ca m'exasp\u00e8re au plus au point. J'aime beaucoup le concept de prix libre mais avant qu'il ne soit vraiment efficace, il y a un gros boulot \u00e9ducatif \u00e0 faire malheureusement. <\/p>\n\n\n\n<div class=\"wp-block-image\"><figure class=\"aligncenter\"><img loading=\"lazy\" decoding=\"async\" width=\"6016\" height=\"4016\" src=\"http:\/\/www.cocondedecoration.com\/blog\/wp-content\/uploads\/2021\/11\/desencombrer-trier-jeter-maison-3.jpg\" alt=\"desencombrer trier jeter maison exp\u00e9rience conseils id\u00e9es\" class=\"wp-image-42853\" srcset=\"https:\/\/www.cocondedecoration.com\/blog\/wp-content\/uploads\/2021\/11\/desencombrer-trier-jeter-maison-3.jpg 6016w, https:\/\/www.cocondedecoration.com\/blog\/wp-content\/uploads\/2021\/11\/desencombrer-trier-jeter-maison-3-260x174.jpg 260w, https:\/\/www.cocondedecoration.com\/blog\/wp-content\/uploads\/2021\/11\/desencombrer-trier-jeter-maison-3-768x513.jpg 768w, https:\/\/www.cocondedecoration.com\/blog\/wp-content\/uploads\/2021\/11\/desencombrer-trier-jeter-maison-3-640x427.jpg 640w, https:\/\/www.cocondedecoration.com\/blog\/wp-content\/uploads\/2021\/11\/desencombrer-trier-jeter-maison-3-465x310.jpg 465w, https:\/\/www.cocondedecoration.com\/blog\/wp-content\/uploads\/2021\/11\/desencombrer-trier-jeter-maison-3-695x464.jpg 695w\" sizes=\"(max-width: 6016px) 100vw, 6016px\" \/><\/figure><\/div>\n\n\n\n<h2 class=\"wp-block-heading\">Qu'est-ce que je gagne \u00e0 d\u00e9sencombrer r\u00e9guli\u00e8rement? <\/h2>\n\n\n\n<p>C'est une question que je vous invite vivement \u00e0 vous poser avant de commencer un quelconque tri chez vous. En cas de baisse de r\u00e9gime, ce sera votre motivation. Voici ce que je gagne moi quand je trie: <\/p>\n\n\n\n<ul><li>Plus de place (et dans un sac ou une valise, ce n'est pas n\u00e9gligeable) <\/li><li>Moins lourd \u00e0 porter (m\u00eame si j'ai laiss\u00e9 tomber le sac de rando au profit d'un sac \u00e0 roulettes, il faut quand m\u00eame porter pour passer les escaliers) <\/li><li>Une tranquillit\u00e9 d'esprit (je suis de nature tr\u00e8s anxieuse, avoir trop d'objets c'est synonyme de trop de responsabilit\u00e9s) <\/li><li>Une vue d'ensemble plus limpide (moins de bazar encombre mon quotidien, je vois ce qui est propre de ce qui est sale, ce qui est \u00e0 sa place et ce qui ne l'est pas, etc.) <\/li><li>J'ai d\u00e9sencombr\u00e9 aussi ma vie personnelle (je m\u00e9dite plus, j'ai r\u00e9solu certains probl\u00e8mes relationnels m\u00eame s'il y en a encore...) et au final, j'ai l'esprit plus l\u00e9ger aussi. <\/li><\/ul>\n\n\n\n<hr class=\"wp-block-separator\"\/>\n\n\n\n<p class=\"has-text-align-center has-medium-font-size\">Ne perdons pas contact \ud83d\ude42 Rejoignez moi sur <a href=\"https:\/\/www.pinterest.fr\/cocondedeco\/\" target=\"_blank\" rel=\"noopener\" title=\"\">Pinterest<\/a> |\u00a0<a href=\"https:\/\/www.threads.net\/@cocondedeco\" target=\"_blank\" rel=\"noopener\" title=\"\">Threads<\/a> | <a href=\"https:\/\/www.patreon.com\/collection\/162946?view=expanded\" target=\"_blank\" rel=\"noopener\" title=\"\">la Newsletter<\/a> <br>Vous aimez lire le blog? Vous souhaitez continuer \u00e0 le lire? <a href=\"https:\/\/www.patreon.com\/cocondedeco\" target=\"_blank\" rel=\"noopener\" title=\"\">Devenez m\u00e9c\u00e8ne<\/a> sur Patreon et contribuez \u00e0 sa survie. <\/p>\n\n\n\n<hr class=\"wp-block-separator\"\/>\n\n\n\n<p style=\"text-align:right\" class=\"has-small-font-size\">Cr\u00e9dit photos: Unsplash<\/p>\n","protected":false},"excerpt":{"rendered":"<p>Cela fait un bout de temps que je ne vous ai pas parl\u00e9 de d\u00e9sencombrer votre int\u00e9rieur. Il faut dire que ces derniers mois, ce fut l&rsquo;une de mes activit\u00e9s principales. Vu que j&rsquo;\u00e9tais de retour en France pour quelques temps, c&rsquo;\u00e9tait l&rsquo;occasion de faire un nouveau tri dans les<span class=\"more-link\"><a href=\"https:\/\/www.cocondedecoration.com\/blog\/2021\/11\/comment-desencombrer-conseils\/\">Lire la suite<\/a><\/span><\/p>\n","protected":false},"author":1,"featured_media":42854,"comment_status":"open","ping_status":"open","sticky":false,"template":"","format":"standard","meta":{"om_disable_all_campaigns":false,"_monsterinsights_skip_tracking":false,"_monsterinsights_sitenote_active":false,"_monsterinsights_sitenote_note":"","_monsterinsights_sitenote_category":0,"_uf_show_specific_survey":0,"_uf_disable_surveys":false,"footnotes":""},"categories":[28352,2231],"tags":[8312,24512,24504,24510,24506,4414,6547,24507,24511,24508,24505,24509,24515,24517,24516,24500,4440,4583,24501,24499,24513,24514,24498,24503,24502],"aioseo_notices":[],"_links":{"self":[{"href":"https:\/\/www.cocondedecoration.com\/blog\/wp-json\/wp\/v2\/posts\/42849"}],"collection":[{"href":"https:\/\/www.cocondedecoration.com\/blog\/wp-json\/wp\/v2\/posts"}],"about":[{"href":"https:\/\/www.cocondedecoration.com\/blog\/wp-json\/wp\/v2\/types\/post"}],"author":[{"embeddable":true,"href":"https:\/\/www.cocondedecoration.com\/blog\/wp-json\/wp\/v2\/users\/1"}],"replies":[{"embeddable":true,"href":"https:\/\/www.cocondedecoration.com\/blog\/wp-json\/wp\/v2\/comments?post=42849"}],"version-history":[{"count":0,"href":"https:\/\/www.cocondedecoration.com\/blog\/wp-json\/wp\/v2\/posts\/42849\/revisions"}],"wp:featuredmedia":[{"embeddable":true,"href":"https:\/\/www.cocondedecoration.com\/blog\/wp-json\/wp\/v2\/media\/42854"}],"wp:attachment":[{"href":"https:\/\/www.cocondedecoration.com\/blog\/wp-json\/wp\/v2\/media?parent=42849"}],"wp:term":[{"taxonomy":"category","embeddable":true,"href":"https:\/\/www.cocondedecoration.com\/blog\/wp-json\/wp\/v2\/categories?post=42849"},{"taxonomy":"post_tag","embeddable":true,"href":"https:\/\/www.cocondedecoration.com\/blog\/wp-json\/wp\/v2\/tags?post=42849"}],"curies":[{"name":"wp","href":"https:\/\/api.w.org\/{rel}","templated":true}]}}