{"id":4267,"date":"2013-03-16T11:10:16","date_gmt":"2013-03-16T10:10:16","guid":{"rendered":"http:\/\/www.cocondedecoration.com\/blog\/?p=4267"},"modified":"2013-03-16T12:02:06","modified_gmt":"2013-03-16T11:02:06","slug":"lumiere-et-couleur-bleue","status":"publish","type":"post","link":"https:\/\/www.cocondedecoration.com\/blog\/2013\/03\/lumiere-et-couleur-bleue\/","title":{"rendered":"Lumi\u00e8re et couleur bleue"},"content":{"rendered":"<p style=\"text-align: justify;\">Je ne suis pas tr\u00e8s pr\u00e9sente en ce moment sur mon blog. Je travaille, je travaille, je dors peu et je travaille. J'essaye de voir aussi un peu les copines, la famille, mais je travaille beaucoup. Je ne vais pas me plaindre, j'aime \u00e7a. Bref! Juste parce que la photo m'a tap\u00e9 dans l'oeil, j'avais envie de la partager avec vous... J'aime beaucoup le contraste du bleu et du blanc, j'aime la vie qui d\u00e9coule de cette image et de ce d\u00e9cors. J'aime aussi la lumi\u00e8re... J'en profite pour vous souhaitez un bon week end. Le mien sera sous le signe du travail.<\/p>\n<p style=\"text-align: justify;\"><a href=\"http:\/\/www.cocondedecoration.com\/blog\/wp-content\/uploads\/2013\/03\/53e9fa32279edf3da5c6e0e0ddaac2ff.jpg\"><img loading=\"lazy\" decoding=\"async\" class=\"aligncenter size-full wp-image-4268\" title=\"mur bleu d\u00e9co color\u00e9e\" src=\"http:\/\/www.cocondedecoration.com\/blog\/wp-content\/uploads\/2013\/03\/53e9fa32279edf3da5c6e0e0ddaac2ff.jpg\" alt=\"\" width=\"550\" height=\"347\" srcset=\"https:\/\/www.cocondedecoration.com\/blog\/wp-content\/uploads\/2013\/03\/53e9fa32279edf3da5c6e0e0ddaac2ff.jpg 550w, https:\/\/www.cocondedecoration.com\/blog\/wp-content\/uploads\/2013\/03\/53e9fa32279edf3da5c6e0e0ddaac2ff-260x164.jpg 260w\" sizes=\"(max-width: 550px) 100vw, 550px\" \/><\/a><a href=\"http:\/\/pinterest.com\/pin\/188940146836536234\/\" target=\"_blank\">Source <\/a><\/p>\n","protected":false},"excerpt":{"rendered":"<p>Je ne suis pas tr\u00e8s pr\u00e9sente en ce moment sur mon blog. Je travaille, je travaille, je dors peu et je travaille. J&rsquo;essaye de voir aussi un peu les copines, la famille, mais je travaille beaucoup. Je ne vais pas me plaindre, j&rsquo;aime \u00e7a. Bref! Juste parce que la photo<span class=\"more-link\"><a href=\"https:\/\/www.cocondedecoration.com\/blog\/2013\/03\/lumiere-et-couleur-bleue\/\">Lire la suite<\/a><\/span><\/p>\n","protected":false},"author":1,"featured_media":4268,"comment_status":"open","ping_status":"open","sticky":false,"template":"","format":"standard","meta":{"om_disable_all_campaigns":false,"_monsterinsights_skip_tracking":false,"_monsterinsights_sitenote_active":false,"_monsterinsights_sitenote_note":"","_monsterinsights_sitenote_category":0,"_uf_show_specific_survey":0,"_uf_disable_surveys":false,"footnotes":""},"categories":[4],"tags":[9,243,110,279,528,159,62,37,320,38],"aioseo_notices":[],"_links":{"self":[{"href":"https:\/\/www.cocondedecoration.com\/blog\/wp-json\/wp\/v2\/posts\/4267"}],"collection":[{"href":"https:\/\/www.cocondedecoration.com\/blog\/wp-json\/wp\/v2\/posts"}],"about":[{"href":"https:\/\/www.cocondedecoration.com\/blog\/wp-json\/wp\/v2\/types\/post"}],"author":[{"embeddable":true,"href":"https:\/\/www.cocondedecoration.com\/blog\/wp-json\/wp\/v2\/users\/1"}],"replies":[{"embeddable":true,"href":"https:\/\/www.cocondedecoration.com\/blog\/wp-json\/wp\/v2\/comments?post=4267"}],"version-history":[{"count":0,"href":"https:\/\/www.cocondedecoration.com\/blog\/wp-json\/wp\/v2\/posts\/4267\/revisions"}],"wp:featuredmedia":[{"embeddable":true,"href":"https:\/\/www.cocondedecoration.com\/blog\/wp-json\/wp\/v2\/media\/4268"}],"wp:attachment":[{"href":"https:\/\/www.cocondedecoration.com\/blog\/wp-json\/wp\/v2\/media?parent=4267"}],"wp:term":[{"taxonomy":"category","embeddable":true,"href":"https:\/\/www.cocondedecoration.com\/blog\/wp-json\/wp\/v2\/categories?post=4267"},{"taxonomy":"post_tag","embeddable":true,"href":"https:\/\/www.cocondedecoration.com\/blog\/wp-json\/wp\/v2\/tags?post=4267"}],"curies":[{"name":"wp","href":"https:\/\/api.w.org\/{rel}","templated":true}]}}