{"id":40337,"date":"2021-08-03T01:00:17","date_gmt":"2021-08-02T23:00:17","guid":{"rendered":"http:\/\/www.cocondedecoration.com\/blog\/?p=40337"},"modified":"2025-08-20T07:53:30","modified_gmt":"2025-08-20T05:53:30","slug":"escalier-ouvert-salon","status":"publish","type":"post","link":"https:\/\/www.cocondedecoration.com\/blog\/2021\/08\/escalier-ouvert-salon\/","title":{"rendered":"[Id\u00e9es d\u00e9co] Un escalier ouvert dans le salon"},"content":{"rendered":"\n<p>Quand on a un escalier chez soi, il n'y a pas 36 possibilit\u00e9s quant \u00e0 son emplacement: soit il se trouve dans un couloir, soit il est dans une pi\u00e8ce \u00e0 vivre (souvent le salon) et il est fr\u00e9quent dans ce cas qu'il soit ouvert sur la pi\u00e8ce pour donner le sentiment d'avoir une pi\u00e8ce plus spacieuse. Si vous projeter de changer ou de r\u00e9nover votre escalier ouverts, si vous avez envie de d\u00e9cloisonner votre cage d'escaliers voici quelques id\u00e9es et conseils pour bien pr\u00e9parer votre projet. <\/p>\n\n\n\n<!--more-->\n\n\n\n<div class=\"wp-block-image\"><figure class=\"aligncenter\"><a href=\"https:\/\/www.patreon.com\/cocondedeco\" target=\"_blank\" rel=\"noreferrer noopener\"><img loading=\"lazy\" decoding=\"async\" width=\"728\" height=\"90\" src=\"http:\/\/www.cocondedecoration.com\/blog\/wp-content\/uploads\/2021\/01\/banniere-patreon.png\" alt=\"\" class=\"wp-image-33877\" srcset=\"https:\/\/www.cocondedecoration.com\/blog\/wp-content\/uploads\/2021\/01\/banniere-patreon.png 728w, https:\/\/www.cocondedecoration.com\/blog\/wp-content\/uploads\/2021\/01\/banniere-patreon-260x32.png 260w, https:\/\/www.cocondedecoration.com\/blog\/wp-content\/uploads\/2021\/01\/banniere-patreon-640x79.png 640w, https:\/\/www.cocondedecoration.com\/blog\/wp-content\/uploads\/2021\/01\/banniere-patreon-465x57.png 465w, https:\/\/www.cocondedecoration.com\/blog\/wp-content\/uploads\/2021\/01\/banniere-patreon-695x86.png 695w\" sizes=\"(max-width: 728px) 100vw, 728px\" \/><\/a><\/figure><\/div>\n\n\n\n<p style=\"text-align:center\" class=\"has-background has-small-font-size has-very-light-gray-background-color\">Avant de poursuivre cet article, j'aimerai vous parler quelques instants de Patreon. C'est une plateforme en plus du blog sur laquelle vous pouvez devenir m\u00e9c\u00e8ne du blog. <br><strong>Pourquoi soutenir le blog?<\/strong> <br>Parce que c'est un travail consid\u00e9rable et m\u00eame si je le fais avec passion c'est aussi un travail pr\u00e9caire (<a rel=\"noreferrer noopener\" href=\"https:\/\/www.patreon.com\/posts\/en-quoi-consiste-86917611\" target=\"_blank\">je vous explique tout cela en d\u00e9tail dans ce post<\/a>). Si vous aimez l'article que vous \u00eates en train de lire, si vous me suivez sur les r\u00e9seaux sociaux ou encore si vous lisez r\u00e9guli\u00e8rement le blog, je vous serai reconnaissante de soutenir le blog via Patreon. Par ailleurs, en vous abonnant sur la plateforme vous acc\u00e9derez \u00e0 des contenus exclusifs pour vous remercier de votre soutien. C'est sans engagement et chaque contribution fera la diff\u00e9rence. Merci par avance de votre aide! <br><a rel=\"noreferrer noopener\" href=\"https:\/\/www.patreon.com\/cocondedeco\" target=\"_blank\"><strong>En savoir plus &amp; acc\u00e9der \u00e0 Patreon<\/strong><\/a><\/p>\n\n\n\n<h2 class=\"wp-block-heading\">01 \u2022 Le design de l'escalier <\/h2>\n\n\n\n<p>Quel type d'escaliers choisir? Est-ce que vous devez composer avec un escalier existant ou vous avez d\u00e9cid\u00e9 de r\u00e9nover compl\u00e8tement le salon et de changer l'escalier? Comme il est ouvert sur la pi\u00e8ce de vie, choisir son design est important. Et part design j'entends la taille, les mat\u00e9riaux, la ou les couleurs, sa forme (droit, colima\u00e7on, quart tournant...) ou encore la rambarde, les \u00e9ventuels nez de marches, etc. On a tellement l'habitude de voir l'escalier dans son ensemble qu'on ne se doute pas de tous les d\u00e9tails \u00e0 prendre en compte avant d'en changer. Il existe de nombreux mod\u00e8les d'escaliers, de diff\u00e9rents styles: Classique, art nouveau \/ art d\u00e9co, minimaliste, contemporain (avec des claustras par exemple), industriel...<br>Mais vous aurez aussi le choix de personnaliser votre escalier gr\u00e2ce aux sp\u00e9cificit\u00e9s techniques comme l'absence de contre-marches ou le design du barreaudage. <\/p>\n\n\n\n<ul class=\"wp-block-gallery columns-3 is-cropped wp-block-gallery-1 is-layout-flex wp-block-gallery-is-layout-flex\"><li class=\"blocks-gallery-item\"><figure><img loading=\"lazy\" decoding=\"async\" width=\"640\" height=\"960\" src=\"http:\/\/www.cocondedecoration.com\/blog\/wp-content\/uploads\/2021\/08\/exemple-amenagement-escaliers-ouverts-salon-1-640x960.jpeg\" alt=\"exemple amenagement escaliers ouverts salon d\u00e9cor moderne slow design blanc bois familial\" data-id=\"40599\" data-link=\"http:\/\/www.cocondedecoration.com\/blog\/?attachment_id=40599\" class=\"wp-image-40599\" srcset=\"https:\/\/www.cocondedecoration.com\/blog\/wp-content\/uploads\/2021\/08\/exemple-amenagement-escaliers-ouverts-salon-1-640x960.jpeg 640w, https:\/\/www.cocondedecoration.com\/blog\/wp-content\/uploads\/2021\/08\/exemple-amenagement-escaliers-ouverts-salon-1-260x390.jpeg 260w, https:\/\/www.cocondedecoration.com\/blog\/wp-content\/uploads\/2021\/08\/exemple-amenagement-escaliers-ouverts-salon-1-768x1152.jpeg 768w, https:\/\/www.cocondedecoration.com\/blog\/wp-content\/uploads\/2021\/08\/exemple-amenagement-escaliers-ouverts-salon-1-367x550.jpeg 367w, https:\/\/www.cocondedecoration.com\/blog\/wp-content\/uploads\/2021\/08\/exemple-amenagement-escaliers-ouverts-salon-1-333x500.jpeg 333w, https:\/\/www.cocondedecoration.com\/blog\/wp-content\/uploads\/2021\/08\/exemple-amenagement-escaliers-ouverts-salon-1.jpeg 1000w\" sizes=\"(max-width: 640px) 100vw, 640px\" \/><\/figure><\/li><li class=\"blocks-gallery-item\"><figure><img loading=\"lazy\" decoding=\"async\" width=\"640\" height=\"960\" src=\"http:\/\/www.cocondedecoration.com\/blog\/wp-content\/uploads\/2021\/08\/exemple-amenagement-escaliers-ouverts-salon-2-640x960.jpeg\" alt=\"exemple amenagement escaliers ouverts salon mod\u00e8me sur mesure hors du commun\" data-id=\"40601\" data-link=\"http:\/\/www.cocondedecoration.com\/blog\/?attachment_id=40601\" class=\"wp-image-40601\" srcset=\"https:\/\/www.cocondedecoration.com\/blog\/wp-content\/uploads\/2021\/08\/exemple-amenagement-escaliers-ouverts-salon-2-640x960.jpeg 640w, https:\/\/www.cocondedecoration.com\/blog\/wp-content\/uploads\/2021\/08\/exemple-amenagement-escaliers-ouverts-salon-2-260x390.jpeg 260w, https:\/\/www.cocondedecoration.com\/blog\/wp-content\/uploads\/2021\/08\/exemple-amenagement-escaliers-ouverts-salon-2-768x1152.jpeg 768w, https:\/\/www.cocondedecoration.com\/blog\/wp-content\/uploads\/2021\/08\/exemple-amenagement-escaliers-ouverts-salon-2-367x550.jpeg 367w, https:\/\/www.cocondedecoration.com\/blog\/wp-content\/uploads\/2021\/08\/exemple-amenagement-escaliers-ouverts-salon-2-333x500.jpeg 333w, https:\/\/www.cocondedecoration.com\/blog\/wp-content\/uploads\/2021\/08\/exemple-amenagement-escaliers-ouverts-salon-2.jpeg 1000w\" sizes=\"(max-width: 640px) 100vw, 640px\" \/><\/figure><\/li><li class=\"blocks-gallery-item\"><figure><img loading=\"lazy\" decoding=\"async\" width=\"640\" height=\"960\" src=\"http:\/\/www.cocondedecoration.com\/blog\/wp-content\/uploads\/2021\/08\/exemple-amenagement-escaliers-ouverts-salon-3-640x960.jpeg\" alt=\"exemple amenagement escaliers ouverts salon style mid century modern mur peinture gris anthracite et marche bois\" data-id=\"40603\" data-link=\"http:\/\/www.cocondedecoration.com\/blog\/?attachment_id=40603\" class=\"wp-image-40603\" srcset=\"https:\/\/www.cocondedecoration.com\/blog\/wp-content\/uploads\/2021\/08\/exemple-amenagement-escaliers-ouverts-salon-3-640x960.jpeg 640w, https:\/\/www.cocondedecoration.com\/blog\/wp-content\/uploads\/2021\/08\/exemple-amenagement-escaliers-ouverts-salon-3-260x390.jpeg 260w, https:\/\/www.cocondedecoration.com\/blog\/wp-content\/uploads\/2021\/08\/exemple-amenagement-escaliers-ouverts-salon-3-768x1152.jpeg 768w, https:\/\/www.cocondedecoration.com\/blog\/wp-content\/uploads\/2021\/08\/exemple-amenagement-escaliers-ouverts-salon-3-367x550.jpeg 367w, https:\/\/www.cocondedecoration.com\/blog\/wp-content\/uploads\/2021\/08\/exemple-amenagement-escaliers-ouverts-salon-3-333x500.jpeg 333w, https:\/\/www.cocondedecoration.com\/blog\/wp-content\/uploads\/2021\/08\/exemple-amenagement-escaliers-ouverts-salon-3.jpeg 1000w\" sizes=\"(max-width: 640px) 100vw, 640px\" \/><\/figure><\/li><\/ul>\n\n\n\n<p style=\"text-align:center\" class=\"has-small-font-size\">1 vi@ Design loves details \/ 2 vi@ Interior Addict \/ 3 vi@ Modern Findings <\/p>\n\n\n\n<h2 class=\"wp-block-heading\">02 \u2022 Des id\u00e9es sympas pour mettre en valeur l'escalier dans la pi\u00e8ce \u00e0 vivre <\/h2>\n\n\n\n<p>Il faut consid\u00e9rer l'escalier comme un \u00e9l\u00e9ment de d\u00e9coration \u00e0 part enti\u00e8re puisqu'il est ouvert sur votre salon et \/ ou s\u00e9jour. On peut vouloir le faire disparaitre totalement et dans ce cas l\u00e0, le ton sur ton est un proc\u00e9d\u00e9 d\u00e9co tr\u00e8s int\u00e9ressant. Le ton sur ton va gommer les d\u00e9tails de votre escalier pour qu'il se fond avec le mur sur lequel il est pos\u00e9. N\u00e9anmoins, vous pouvez aussi faire le choix de mettre en valeur votre escalier pour qu'il d\u00e9core autant qu'un meuble. <\/p>\n\n\n\n<ul><li>Peindre une partie de l'escalier pour la mettre en valeur: les marches, les contre-marches, la rampe d'escalier, <a href=\"http:\/\/www.cocondedecoration.com\/blog\/2021\/07\/choix-couleur-soubassement-mur\/\" target=\"_blank\" rel=\"noreferrer noopener\" aria-label=\"un soubassement (s\u2019ouvre dans un nouvel onglet)\">un soubassement<\/a> sur le mur qui supporte votre escalier... <\/li><li>Choisir une rampe d'escalier qui sort de l'ordinaire, on peut penser au verre pour qu'elle soit invisible et laisse apparaitre le dessin des marches et le mur derri\u00e8re. <\/li><li>Jouer sur l'id\u00e9e de niche pour voir ou cacher des parties de l'escaliers ce qui va offrir \u00e0 votre pi\u00e8ce de vie une d\u00e9coration tr\u00e8s graphique et design. <\/li><\/ul>\n\n\n\n<ul class=\"wp-block-gallery columns-3 is-cropped wp-block-gallery-2 is-layout-flex wp-block-gallery-is-layout-flex\"><li class=\"blocks-gallery-item\"><figure><img loading=\"lazy\" decoding=\"async\" width=\"640\" height=\"960\" src=\"http:\/\/www.cocondedecoration.com\/blog\/wp-content\/uploads\/2021\/08\/exemple-amenagement-escaliers-ouverts-salon-4-640x960.jpeg\" alt=\"exemple amenagement escaliers ouverts salon quart tournant rampe escalier barreaux m\u00e9tal\" data-id=\"40600\" data-link=\"http:\/\/www.cocondedecoration.com\/blog\/?attachment_id=40600\" class=\"wp-image-40600\" srcset=\"https:\/\/www.cocondedecoration.com\/blog\/wp-content\/uploads\/2021\/08\/exemple-amenagement-escaliers-ouverts-salon-4-640x960.jpeg 640w, https:\/\/www.cocondedecoration.com\/blog\/wp-content\/uploads\/2021\/08\/exemple-amenagement-escaliers-ouverts-salon-4-260x390.jpeg 260w, https:\/\/www.cocondedecoration.com\/blog\/wp-content\/uploads\/2021\/08\/exemple-amenagement-escaliers-ouverts-salon-4-768x1152.jpeg 768w, https:\/\/www.cocondedecoration.com\/blog\/wp-content\/uploads\/2021\/08\/exemple-amenagement-escaliers-ouverts-salon-4-367x550.jpeg 367w, https:\/\/www.cocondedecoration.com\/blog\/wp-content\/uploads\/2021\/08\/exemple-amenagement-escaliers-ouverts-salon-4-333x500.jpeg 333w, https:\/\/www.cocondedecoration.com\/blog\/wp-content\/uploads\/2021\/08\/exemple-amenagement-escaliers-ouverts-salon-4.jpeg 1000w\" sizes=\"(max-width: 640px) 100vw, 640px\" \/><\/figure><\/li><li class=\"blocks-gallery-item\"><figure><img loading=\"lazy\" decoding=\"async\" width=\"640\" height=\"960\" src=\"http:\/\/www.cocondedecoration.com\/blog\/wp-content\/uploads\/2021\/08\/exemple-amenagement-escaliers-ouverts-salon-5-640x960.jpeg\" alt=\"exemple amenagement escaliers ouverts salon cr\u00e9ation biblioth\u00e8que am\u00e9nagement pratique\" data-id=\"40602\" data-link=\"http:\/\/www.cocondedecoration.com\/blog\/?attachment_id=40602\" class=\"wp-image-40602\" srcset=\"https:\/\/www.cocondedecoration.com\/blog\/wp-content\/uploads\/2021\/08\/exemple-amenagement-escaliers-ouverts-salon-5-640x960.jpeg 640w, https:\/\/www.cocondedecoration.com\/blog\/wp-content\/uploads\/2021\/08\/exemple-amenagement-escaliers-ouverts-salon-5-260x390.jpeg 260w, https:\/\/www.cocondedecoration.com\/blog\/wp-content\/uploads\/2021\/08\/exemple-amenagement-escaliers-ouverts-salon-5-768x1152.jpeg 768w, https:\/\/www.cocondedecoration.com\/blog\/wp-content\/uploads\/2021\/08\/exemple-amenagement-escaliers-ouverts-salon-5-367x550.jpeg 367w, https:\/\/www.cocondedecoration.com\/blog\/wp-content\/uploads\/2021\/08\/exemple-amenagement-escaliers-ouverts-salon-5-333x500.jpeg 333w, https:\/\/www.cocondedecoration.com\/blog\/wp-content\/uploads\/2021\/08\/exemple-amenagement-escaliers-ouverts-salon-5.jpeg 1000w\" sizes=\"(max-width: 640px) 100vw, 640px\" \/><\/figure><\/li><li class=\"blocks-gallery-item\"><figure><img loading=\"lazy\" decoding=\"async\" width=\"640\" height=\"960\" src=\"http:\/\/www.cocondedecoration.com\/blog\/wp-content\/uploads\/2021\/08\/exemple-amenagement-escaliers-ouverts-salon-6-640x960.jpeg\" alt=\"exemple amenagement escaliers ouverts salon meuble sur mesure t\u00e9l\u00e9vision chemin\u00e9e\" data-id=\"40604\" data-link=\"http:\/\/www.cocondedecoration.com\/blog\/?attachment_id=40604\" class=\"wp-image-40604\" srcset=\"https:\/\/www.cocondedecoration.com\/blog\/wp-content\/uploads\/2021\/08\/exemple-amenagement-escaliers-ouverts-salon-6-640x960.jpeg 640w, https:\/\/www.cocondedecoration.com\/blog\/wp-content\/uploads\/2021\/08\/exemple-amenagement-escaliers-ouverts-salon-6-260x390.jpeg 260w, https:\/\/www.cocondedecoration.com\/blog\/wp-content\/uploads\/2021\/08\/exemple-amenagement-escaliers-ouverts-salon-6-768x1152.jpeg 768w, https:\/\/www.cocondedecoration.com\/blog\/wp-content\/uploads\/2021\/08\/exemple-amenagement-escaliers-ouverts-salon-6-367x550.jpeg 367w, https:\/\/www.cocondedecoration.com\/blog\/wp-content\/uploads\/2021\/08\/exemple-amenagement-escaliers-ouverts-salon-6-333x500.jpeg 333w, https:\/\/www.cocondedecoration.com\/blog\/wp-content\/uploads\/2021\/08\/exemple-amenagement-escaliers-ouverts-salon-6.jpeg 1000w\" sizes=\"(max-width: 640px) 100vw, 640px\" \/><\/figure><\/li><\/ul>\n\n\n\n<p style=\"text-align:center\" class=\"has-small-font-size\">1 vi@ Rose Todiw \/ 2 vi@ Domino magazine \/ 3 vi@ Boston Magazine <\/p>\n\n\n\n<h2 class=\"wp-block-heading\">03 \u2022 Am\u00e9nager le dessous de l'escalier pour un salon d\u00e9co et pratique <\/h2>\n\n\n\n<p>J'ai d\u00e9j\u00e0 \u00e9voqu\u00e9 cette th\u00e9matique avec ma s\u00e9rie d'articles sur le gain de place. Le dessous des escaliers est un espace un peu \u00e0 part \u00e0 am\u00e9nager mais il peut \u00eatre un atout pour votre int\u00e9rieur. Voici 4 raisons de d\u00e9cloisonner le dessous de l'escalier qui se trouve dans votre pi\u00e8ce \u00e0 vivre: <\/p>\n\n\n\n<ul><li><a href=\"http:\/\/www.cocondedecoration.com\/blog\/2021\/01\/espace-a-optimiser-gain-de-place\/\" target=\"_blank\" rel=\"noreferrer noopener\" aria-label=\"Gain de place (s\u2019ouvre dans un nouvel onglet)\">Gain de place<\/a> = Vous pouvez cr\u00e9er des rangements sous l'escalier comme une biblioth\u00e8que, un vaisselier, des placards (parce qu'on n'en a jamais assez);  <\/li><li>Plus de confort = Le nouvel espace peut \u00eatre l'occasion d'am\u00e9nager une banquette, un espace un peu cosy pour se reposer ou lire un bon bouquin en \u00e9tant un peu retir\u00e9(e) de l'espace salon; <\/li><li>Pratique = Si le t\u00e9l\u00e9-travail est votre quotidien vous avez peut-\u00eatre besoin d'un espace o\u00f9 travailler et le dessous de l'escaliers vous permet d'am\u00e9nager un espace bureau <\/li><li>Passion = Je l'ai \u00e9voqu\u00e9 un peu plus haut, si vous d\u00e9cloisonner le dessous de l'escalier, vous pourrez cr\u00e9er du mobilier et du rangement. Certaines passions sont parfois envahissantes, comme la lecture, quand on collectionne les livres et qu'ils encombrent un peu \/ beaucoup toutes les pi\u00e8ces. Ce nouvel espace est l'occasion de cr\u00e9er une biblioth\u00e8que sur mesure pour mettre en valeur vos bouquins. <\/li><\/ul>\n\n\n\n<ul class=\"wp-block-gallery columns-3 is-cropped wp-block-gallery-3 is-layout-flex wp-block-gallery-is-layout-flex\"><li class=\"blocks-gallery-item\"><figure><img loading=\"lazy\" decoding=\"async\" width=\"640\" height=\"960\" src=\"http:\/\/www.cocondedecoration.com\/blog\/wp-content\/uploads\/2021\/08\/escaliers-ouvert-salon-sejour-exemple-1-640x960.jpeg\" alt=\"escaliers ouvert salon sejour exemple contraste couleur chaude froide bleu orange\" data-id=\"40607\" data-link=\"http:\/\/www.cocondedecoration.com\/blog\/?attachment_id=40607\" class=\"wp-image-40607\" srcset=\"https:\/\/www.cocondedecoration.com\/blog\/wp-content\/uploads\/2021\/08\/escaliers-ouvert-salon-sejour-exemple-1-640x960.jpeg 640w, https:\/\/www.cocondedecoration.com\/blog\/wp-content\/uploads\/2021\/08\/escaliers-ouvert-salon-sejour-exemple-1-260x390.jpeg 260w, https:\/\/www.cocondedecoration.com\/blog\/wp-content\/uploads\/2021\/08\/escaliers-ouvert-salon-sejour-exemple-1-768x1152.jpeg 768w, https:\/\/www.cocondedecoration.com\/blog\/wp-content\/uploads\/2021\/08\/escaliers-ouvert-salon-sejour-exemple-1-367x550.jpeg 367w, https:\/\/www.cocondedecoration.com\/blog\/wp-content\/uploads\/2021\/08\/escaliers-ouvert-salon-sejour-exemple-1-333x500.jpeg 333w, https:\/\/www.cocondedecoration.com\/blog\/wp-content\/uploads\/2021\/08\/escaliers-ouvert-salon-sejour-exemple-1.jpeg 1000w\" sizes=\"(max-width: 640px) 100vw, 640px\" \/><\/figure><\/li><li class=\"blocks-gallery-item\"><figure><img loading=\"lazy\" decoding=\"async\" width=\"640\" height=\"960\" src=\"http:\/\/www.cocondedecoration.com\/blog\/wp-content\/uploads\/2021\/08\/escaliers-ouvert-salon-sejour-exemple-2-640x960.jpeg\" alt=\"escaliers ouvert salon sejour exemple am\u00e9nagement m\u00e9tal et bois rangement niches\" data-id=\"40610\" data-link=\"http:\/\/www.cocondedecoration.com\/blog\/?attachment_id=40610\" class=\"wp-image-40610\" srcset=\"https:\/\/www.cocondedecoration.com\/blog\/wp-content\/uploads\/2021\/08\/escaliers-ouvert-salon-sejour-exemple-2-640x960.jpeg 640w, https:\/\/www.cocondedecoration.com\/blog\/wp-content\/uploads\/2021\/08\/escaliers-ouvert-salon-sejour-exemple-2-260x390.jpeg 260w, https:\/\/www.cocondedecoration.com\/blog\/wp-content\/uploads\/2021\/08\/escaliers-ouvert-salon-sejour-exemple-2-768x1152.jpeg 768w, https:\/\/www.cocondedecoration.com\/blog\/wp-content\/uploads\/2021\/08\/escaliers-ouvert-salon-sejour-exemple-2-367x550.jpeg 367w, https:\/\/www.cocondedecoration.com\/blog\/wp-content\/uploads\/2021\/08\/escaliers-ouvert-salon-sejour-exemple-2-333x500.jpeg 333w, https:\/\/www.cocondedecoration.com\/blog\/wp-content\/uploads\/2021\/08\/escaliers-ouvert-salon-sejour-exemple-2.jpeg 1000w\" sizes=\"(max-width: 640px) 100vw, 640px\" \/><\/figure><\/li><li class=\"blocks-gallery-item\"><figure><img loading=\"lazy\" decoding=\"async\" width=\"640\" height=\"960\" src=\"http:\/\/www.cocondedecoration.com\/blog\/wp-content\/uploads\/2021\/08\/escaliers-ouvert-salon-sejour-exemple-3-640x960.jpeg\" alt=\"escaliers ouvert salon sejour exemple petite banquette cosy espace d\u00e9tente lecture\" data-id=\"40612\" data-link=\"http:\/\/www.cocondedecoration.com\/blog\/?attachment_id=40612\" class=\"wp-image-40612\" srcset=\"https:\/\/www.cocondedecoration.com\/blog\/wp-content\/uploads\/2021\/08\/escaliers-ouvert-salon-sejour-exemple-3-640x960.jpeg 640w, https:\/\/www.cocondedecoration.com\/blog\/wp-content\/uploads\/2021\/08\/escaliers-ouvert-salon-sejour-exemple-3-260x390.jpeg 260w, https:\/\/www.cocondedecoration.com\/blog\/wp-content\/uploads\/2021\/08\/escaliers-ouvert-salon-sejour-exemple-3-768x1152.jpeg 768w, https:\/\/www.cocondedecoration.com\/blog\/wp-content\/uploads\/2021\/08\/escaliers-ouvert-salon-sejour-exemple-3-367x550.jpeg 367w, https:\/\/www.cocondedecoration.com\/blog\/wp-content\/uploads\/2021\/08\/escaliers-ouvert-salon-sejour-exemple-3-333x500.jpeg 333w, https:\/\/www.cocondedecoration.com\/blog\/wp-content\/uploads\/2021\/08\/escaliers-ouvert-salon-sejour-exemple-3.jpeg 1000w\" sizes=\"(max-width: 640px) 100vw, 640px\" \/><\/figure><\/li><\/ul>\n\n\n\n<p style=\"text-align:center\" class=\"has-small-font-size\">1 vi@AD Magazine Russie \/ 2 vi@ Jutarnji \/ 3 vi@ Style Curator <\/p>\n\n\n\n<h2 class=\"wp-block-heading\">04 \u2022 Escaliers ouverts - Ne pas laisser de c\u00f4t\u00e9 la s\u00e9curit\u00e9 <\/h2>\n\n\n\n<p>Quand il est question d'escaliers, il ne faut pas omettre la s\u00e9curit\u00e9 que vous ayez ou pas des enfants. Ce n'est pas une fantaisie pour vous casser les pieds, la loi donne un cadre bien pr\u00e9cis de ce que vous avez le droit ou pas de faire quant aux dimensions. Si vous choisissez un escaliers en grande surface de bricolage, les normes en vigueur sont souvent respect\u00e9es (mais cela ne vous emp\u00eache pas de v\u00e9rifier quand m\u00eame). Si vous passez par du sur mesure, n'oubliez pas d'\u00e9voquer cet aspect avec l'artisan s'il ne le fait pas de lui m\u00eame. Rapidement, voici 2 normes \u00e0 retenir: <\/p>\n\n\n\n<ul><li>La hauteur minimale pour un garde-corps ou une rampe d'escaliers est de 1m dans une habitation priv\u00e9e et que la chute possible est en dessous de 6m. (Dans un magasin, un h\u00f4tel ou un restau, les normes sont diff\u00e9rentes.)<\/li><li>L'espace entre les barreaux est lui aussi r\u00e9glement\u00e9. Il faut compter un maximum de 11 cm en dessous de 45 cm de hauteur et 18 cm au dessus. <\/li><\/ul>\n\n\n\n<p>Si vous avez des probl\u00e8mes de vue - on n'en parle pas suffisamment souvent et pourtant une mauvaise vue ne fait pas bon m\u00e9nage dans les escaliers, vous pouvez vous inspirer des normes pour les \u00e9tablissements qui re\u00e7oivent du public et ajouter un nez de marche qui fera contraste avec la marche; Vous verrez plus facilement la fin de la marche et vous devriez moins vous casser la figure. Il existe aussi des nez de marche avec un rev\u00eatement anti-d\u00e9rapant. <\/p>\n\n\n\n<ul class=\"wp-block-gallery columns-3 is-cropped wp-block-gallery-4 is-layout-flex wp-block-gallery-is-layout-flex\"><li class=\"blocks-gallery-item\"><figure><img loading=\"lazy\" decoding=\"async\" width=\"640\" height=\"960\" src=\"http:\/\/www.cocondedecoration.com\/blog\/wp-content\/uploads\/2021\/08\/escaliers-ouvert-salon-sejour-exemple-4-640x960.jpeg\" alt=\"escaliers ouvert salon sejour exemple d\u00e9cor moderne et original niche\" data-id=\"40606\" data-link=\"http:\/\/www.cocondedecoration.com\/blog\/?attachment_id=40606\" class=\"wp-image-40606\" srcset=\"https:\/\/www.cocondedecoration.com\/blog\/wp-content\/uploads\/2021\/08\/escaliers-ouvert-salon-sejour-exemple-4-640x960.jpeg 640w, https:\/\/www.cocondedecoration.com\/blog\/wp-content\/uploads\/2021\/08\/escaliers-ouvert-salon-sejour-exemple-4-260x390.jpeg 260w, https:\/\/www.cocondedecoration.com\/blog\/wp-content\/uploads\/2021\/08\/escaliers-ouvert-salon-sejour-exemple-4-768x1152.jpeg 768w, https:\/\/www.cocondedecoration.com\/blog\/wp-content\/uploads\/2021\/08\/escaliers-ouvert-salon-sejour-exemple-4-367x550.jpeg 367w, https:\/\/www.cocondedecoration.com\/blog\/wp-content\/uploads\/2021\/08\/escaliers-ouvert-salon-sejour-exemple-4-333x500.jpeg 333w, https:\/\/www.cocondedecoration.com\/blog\/wp-content\/uploads\/2021\/08\/escaliers-ouvert-salon-sejour-exemple-4.jpeg 1000w\" sizes=\"(max-width: 640px) 100vw, 640px\" \/><\/figure><\/li><li class=\"blocks-gallery-item\"><figure><img loading=\"lazy\" decoding=\"async\" width=\"640\" height=\"960\" src=\"http:\/\/www.cocondedecoration.com\/blog\/wp-content\/uploads\/2021\/08\/escaliers-ouvert-salon-sejour-exemple-5-640x960.jpeg\" alt=\"escaliers ouvert salon sejour exemple colima\u00e7on gain de place petit s\u00e9jour biblioth\u00e8que\" data-id=\"40608\" data-link=\"http:\/\/www.cocondedecoration.com\/blog\/?attachment_id=40608\" class=\"wp-image-40608\" srcset=\"https:\/\/www.cocondedecoration.com\/blog\/wp-content\/uploads\/2021\/08\/escaliers-ouvert-salon-sejour-exemple-5-640x960.jpeg 640w, https:\/\/www.cocondedecoration.com\/blog\/wp-content\/uploads\/2021\/08\/escaliers-ouvert-salon-sejour-exemple-5-260x390.jpeg 260w, https:\/\/www.cocondedecoration.com\/blog\/wp-content\/uploads\/2021\/08\/escaliers-ouvert-salon-sejour-exemple-5-768x1152.jpeg 768w, https:\/\/www.cocondedecoration.com\/blog\/wp-content\/uploads\/2021\/08\/escaliers-ouvert-salon-sejour-exemple-5-367x550.jpeg 367w, https:\/\/www.cocondedecoration.com\/blog\/wp-content\/uploads\/2021\/08\/escaliers-ouvert-salon-sejour-exemple-5-333x500.jpeg 333w, https:\/\/www.cocondedecoration.com\/blog\/wp-content\/uploads\/2021\/08\/escaliers-ouvert-salon-sejour-exemple-5.jpeg 1000w\" sizes=\"(max-width: 640px) 100vw, 640px\" \/><\/figure><\/li><li class=\"blocks-gallery-item\"><figure><img loading=\"lazy\" decoding=\"async\" width=\"640\" height=\"960\" src=\"http:\/\/www.cocondedecoration.com\/blog\/wp-content\/uploads\/2021\/08\/escaliers-ouvert-salon-sejour-exemple-6-640x960.jpeg\" alt=\"escaliers ouvert salon sejour exemple mur rev\u00eatement bois marche blanche rampe en m\u00e9tal\" data-id=\"40613\" data-link=\"http:\/\/www.cocondedecoration.com\/blog\/?attachment_id=40613\" class=\"wp-image-40613\" srcset=\"https:\/\/www.cocondedecoration.com\/blog\/wp-content\/uploads\/2021\/08\/escaliers-ouvert-salon-sejour-exemple-6-640x960.jpeg 640w, https:\/\/www.cocondedecoration.com\/blog\/wp-content\/uploads\/2021\/08\/escaliers-ouvert-salon-sejour-exemple-6-260x390.jpeg 260w, https:\/\/www.cocondedecoration.com\/blog\/wp-content\/uploads\/2021\/08\/escaliers-ouvert-salon-sejour-exemple-6-768x1152.jpeg 768w, https:\/\/www.cocondedecoration.com\/blog\/wp-content\/uploads\/2021\/08\/escaliers-ouvert-salon-sejour-exemple-6-367x550.jpeg 367w, https:\/\/www.cocondedecoration.com\/blog\/wp-content\/uploads\/2021\/08\/escaliers-ouvert-salon-sejour-exemple-6-333x500.jpeg 333w, https:\/\/www.cocondedecoration.com\/blog\/wp-content\/uploads\/2021\/08\/escaliers-ouvert-salon-sejour-exemple-6.jpeg 1000w\" sizes=\"(max-width: 640px) 100vw, 640px\" \/><\/figure><\/li><\/ul>\n\n\n\n<p style=\"text-align:center\" class=\"has-small-font-size\">1 vi@ Lonny Magazine \/ 2 vi@ Space Factory \/ 3 vi@ Rue Magazine <\/p>\n\n\n\n<h2 class=\"wp-block-heading\">05 \u2022 R\u00e9nover l'escalier ouvert sur le salon<\/h2>\n\n\n\n<p>Pour le rendre plus lumineux: poncer les marches si elles sont en bois verni, peindre la cage d'escalier ou choisir un papier peint de couleur claire, repenser l'\u00e9clairage et ajouter des spots dans le faux-plafond, cr\u00e9er une verri\u00e8re sur le mur qui soutient l'escalier pour profiter de la lumi\u00e8re de la pi\u00e8ce attenante... <br>Pour moderniser un escalier: choisir des claustras plut\u00f4t qu'une simple rampe d'escaliers, le peindre dans une couleur moderne comme un bleu paon, un jaune ocre, associer diff\u00e9rents mat\u00e9riaux comme le bois, le verre et le m\u00e9tal... <br>Pour le rendre plus discret: choisir une couleur sombre qui aura l'effet de dissimuler les d\u00e9tails, peindre en ton sur ton avec le mur sur lequel il prend appui, changer de mod\u00e8le pour un escalier plus petit comme les colima\u00e7ons... <\/p>\n\n\n\n<ul class=\"wp-block-gallery columns-3 is-cropped wp-block-gallery-5 is-layout-flex wp-block-gallery-is-layout-flex\"><li class=\"blocks-gallery-item\"><figure><img loading=\"lazy\" decoding=\"async\" width=\"640\" height=\"960\" src=\"http:\/\/www.cocondedecoration.com\/blog\/wp-content\/uploads\/2021\/08\/escaliers-ouvert-salon-sejour-exemple-7-640x960.jpeg\" alt=\"escaliers ouvert salon sejour exemple ton sur ton blanc cadres en dessous des marches\" data-id=\"40605\" data-link=\"http:\/\/www.cocondedecoration.com\/blog\/?attachment_id=40605\" class=\"wp-image-40605\" srcset=\"https:\/\/www.cocondedecoration.com\/blog\/wp-content\/uploads\/2021\/08\/escaliers-ouvert-salon-sejour-exemple-7-640x960.jpeg 640w, https:\/\/www.cocondedecoration.com\/blog\/wp-content\/uploads\/2021\/08\/escaliers-ouvert-salon-sejour-exemple-7-260x390.jpeg 260w, https:\/\/www.cocondedecoration.com\/blog\/wp-content\/uploads\/2021\/08\/escaliers-ouvert-salon-sejour-exemple-7-768x1152.jpeg 768w, https:\/\/www.cocondedecoration.com\/blog\/wp-content\/uploads\/2021\/08\/escaliers-ouvert-salon-sejour-exemple-7-367x550.jpeg 367w, https:\/\/www.cocondedecoration.com\/blog\/wp-content\/uploads\/2021\/08\/escaliers-ouvert-salon-sejour-exemple-7-333x500.jpeg 333w, https:\/\/www.cocondedecoration.com\/blog\/wp-content\/uploads\/2021\/08\/escaliers-ouvert-salon-sejour-exemple-7.jpeg 1000w\" sizes=\"(max-width: 640px) 100vw, 640px\" \/><\/figure><\/li><li class=\"blocks-gallery-item\"><figure><img loading=\"lazy\" decoding=\"async\" width=\"640\" height=\"960\" src=\"http:\/\/www.cocondedecoration.com\/blog\/wp-content\/uploads\/2021\/08\/escaliers-ouvert-salon-sejour-exemple-8-640x960.jpeg\" alt=\"escaliers ouvert salon sejour exemple claustras bois pour t\u00e9l\u00e9vision\" data-id=\"40609\" data-link=\"http:\/\/www.cocondedecoration.com\/blog\/?attachment_id=40609\" class=\"wp-image-40609\" srcset=\"https:\/\/www.cocondedecoration.com\/blog\/wp-content\/uploads\/2021\/08\/escaliers-ouvert-salon-sejour-exemple-8-640x960.jpeg 640w, https:\/\/www.cocondedecoration.com\/blog\/wp-content\/uploads\/2021\/08\/escaliers-ouvert-salon-sejour-exemple-8-260x390.jpeg 260w, https:\/\/www.cocondedecoration.com\/blog\/wp-content\/uploads\/2021\/08\/escaliers-ouvert-salon-sejour-exemple-8-768x1152.jpeg 768w, https:\/\/www.cocondedecoration.com\/blog\/wp-content\/uploads\/2021\/08\/escaliers-ouvert-salon-sejour-exemple-8-367x550.jpeg 367w, https:\/\/www.cocondedecoration.com\/blog\/wp-content\/uploads\/2021\/08\/escaliers-ouvert-salon-sejour-exemple-8-333x500.jpeg 333w, https:\/\/www.cocondedecoration.com\/blog\/wp-content\/uploads\/2021\/08\/escaliers-ouvert-salon-sejour-exemple-8.jpeg 1000w\" sizes=\"(max-width: 640px) 100vw, 640px\" \/><\/figure><\/li><li class=\"blocks-gallery-item\"><figure><img loading=\"lazy\" decoding=\"async\" width=\"640\" height=\"960\" src=\"http:\/\/www.cocondedecoration.com\/blog\/wp-content\/uploads\/2021\/08\/escaliers-ouvert-salon-sejour-exemple-9-640x960.jpeg\" alt=\"escaliers ouvert salon sejour exemple grand espace contemporain lumineux\" data-id=\"40611\" data-link=\"http:\/\/www.cocondedecoration.com\/blog\/?attachment_id=40611\" class=\"wp-image-40611\" srcset=\"https:\/\/www.cocondedecoration.com\/blog\/wp-content\/uploads\/2021\/08\/escaliers-ouvert-salon-sejour-exemple-9-640x960.jpeg 640w, https:\/\/www.cocondedecoration.com\/blog\/wp-content\/uploads\/2021\/08\/escaliers-ouvert-salon-sejour-exemple-9-260x390.jpeg 260w, https:\/\/www.cocondedecoration.com\/blog\/wp-content\/uploads\/2021\/08\/escaliers-ouvert-salon-sejour-exemple-9-768x1152.jpeg 768w, https:\/\/www.cocondedecoration.com\/blog\/wp-content\/uploads\/2021\/08\/escaliers-ouvert-salon-sejour-exemple-9-367x550.jpeg 367w, https:\/\/www.cocondedecoration.com\/blog\/wp-content\/uploads\/2021\/08\/escaliers-ouvert-salon-sejour-exemple-9-333x500.jpeg 333w, https:\/\/www.cocondedecoration.com\/blog\/wp-content\/uploads\/2021\/08\/escaliers-ouvert-salon-sejour-exemple-9.jpeg 1000w\" sizes=\"(max-width: 640px) 100vw, 640px\" \/><\/figure><\/li><\/ul>\n\n\n\n<p style=\"text-align:center\" class=\"has-small-font-size\">1 vi@ Domino Magazine \/ 2 vi@ Arte Final Officina \/ 3 vi@ WestHome Planners <\/p>\n\n\n\n<h2 class=\"wp-block-heading\">Guides d\u00e9co: meublez et am\u00e9nagez facilement votre salon <\/h2>\n\n\n\n<div class=\"wp-block-cb-carousel\" data-slick=\"{&quot;slidesToShow&quot;:3,&quot;slidesToScroll&quot;:1,&quot;speed&quot;:300,&quot;arrows&quot;:true,&quot;dots&quot;:false,&quot;autoplay&quot;:false,&quot;autoplaySpeed&quot;:3000,&quot;infinite&quot;:true,&quot;responsive&quot;:[{&quot;breakpoint&quot;:769,&quot;settings&quot;:{&quot;slidesToShow&quot;:1,&quot;slidesToScroll&quot;:1}}]}\">\n<div class=\"wp-block-cb-slide\">\n<figure class=\"wp-block-image size-large\"><a href=\"https:\/\/www.cocondedecoration.com\/blog\/wp-content\/uploads\/2025\/11\/guide-deco-meuble-salon-1.png\"><img loading=\"lazy\" decoding=\"async\" width=\"640\" height=\"960\" src=\"https:\/\/www.cocondedecoration.com\/blog\/wp-content\/uploads\/2025\/11\/guide-deco-meuble-salon-1-640x960.png\" alt=\"guide d\u00e9co meuble salon bien choisir petit meuble TV \" class=\"wp-image-86628\" title=\"guide d\u00e9co meuble salon bien choisir petit meuble TV \" srcset=\"https:\/\/www.cocondedecoration.com\/blog\/wp-content\/uploads\/2025\/11\/guide-deco-meuble-salon-1-640x960.png 640w, https:\/\/www.cocondedecoration.com\/blog\/wp-content\/uploads\/2025\/11\/guide-deco-meuble-salon-1-260x390.png 260w, https:\/\/www.cocondedecoration.com\/blog\/wp-content\/uploads\/2025\/11\/guide-deco-meuble-salon-1-768x1152.png 768w, https:\/\/www.cocondedecoration.com\/blog\/wp-content\/uploads\/2025\/11\/guide-deco-meuble-salon-1-367x550.png 367w, https:\/\/www.cocondedecoration.com\/blog\/wp-content\/uploads\/2025\/11\/guide-deco-meuble-salon-1-333x500.png 333w, https:\/\/www.cocondedecoration.com\/blog\/wp-content\/uploads\/2025\/11\/guide-deco-meuble-salon-1.png 1000w\" sizes=\"(max-width: 640px) 100vw, 640px\" \/><\/a><figcaption class=\"wp-element-caption\">O\u00f9 trouver un petit meuble t\u00e9l\u00e9? > <a href=\"https:\/\/www.cocondedecoration.com\/blog\/2020\/01\/shopping-deco-un-petit-meuble-tele\/\" target=\"_blank\" rel=\"noopener\" title=\"\">Le guide d\u00e9co est dispo ici<\/a><\/figcaption><\/figure>\n<\/div>\n\n\n\n<div class=\"wp-block-cb-slide\">\n<figure class=\"wp-block-image size-large\"><a href=\"https:\/\/www.cocondedecoration.com\/blog\/wp-content\/uploads\/2025\/11\/guide-deco-meuble-salon-2.png\"><img loading=\"lazy\" decoding=\"async\" width=\"640\" height=\"960\" src=\"https:\/\/www.cocondedecoration.com\/blog\/wp-content\/uploads\/2025\/11\/guide-deco-meuble-salon-2-640x960.png\" alt=\"guide d\u00e9co meuble salon bien choisir canap\u00e9 d'angle \" class=\"wp-image-86627\" title=\"guide d\u00e9co meuble salon bien choisir canap\u00e9 d'angle \" srcset=\"https:\/\/www.cocondedecoration.com\/blog\/wp-content\/uploads\/2025\/11\/guide-deco-meuble-salon-2-640x960.png 640w, https:\/\/www.cocondedecoration.com\/blog\/wp-content\/uploads\/2025\/11\/guide-deco-meuble-salon-2-260x390.png 260w, https:\/\/www.cocondedecoration.com\/blog\/wp-content\/uploads\/2025\/11\/guide-deco-meuble-salon-2-768x1152.png 768w, https:\/\/www.cocondedecoration.com\/blog\/wp-content\/uploads\/2025\/11\/guide-deco-meuble-salon-2-367x550.png 367w, https:\/\/www.cocondedecoration.com\/blog\/wp-content\/uploads\/2025\/11\/guide-deco-meuble-salon-2-333x500.png 333w, https:\/\/www.cocondedecoration.com\/blog\/wp-content\/uploads\/2025\/11\/guide-deco-meuble-salon-2.png 1000w\" sizes=\"(max-width: 640px) 100vw, 640px\" \/><\/a><figcaption class=\"wp-element-caption\">Tout savoir sur le canap\u00e9 d'angle > <a href=\"https:\/\/www.cocondedecoration.com\/blog\/2020\/05\/conseils-deco-tout-savoir-sur-le-canape-dangle\/\" target=\"_blank\" rel=\"noopener\" title=\"\">D\u00e9couvrir le guide d\u00e9co<\/a><\/figcaption><\/figure>\n<\/div>\n\n\n\n<div class=\"wp-block-cb-slide\">\n<figure class=\"wp-block-image size-large\"><a href=\"https:\/\/www.cocondedecoration.com\/blog\/wp-content\/uploads\/2025\/11\/guide-deco-meuble-salon-3.png\"><img loading=\"lazy\" decoding=\"async\" width=\"640\" height=\"960\" src=\"https:\/\/www.cocondedecoration.com\/blog\/wp-content\/uploads\/2025\/11\/guide-deco-meuble-salon-3-640x960.png\" alt=\"guide d\u00e9co meuble salon bien choisir table basse\" class=\"wp-image-86626\" title=\"guide d\u00e9co meuble salon bien choisir table basse\" srcset=\"https:\/\/www.cocondedecoration.com\/blog\/wp-content\/uploads\/2025\/11\/guide-deco-meuble-salon-3-640x960.png 640w, https:\/\/www.cocondedecoration.com\/blog\/wp-content\/uploads\/2025\/11\/guide-deco-meuble-salon-3-260x390.png 260w, https:\/\/www.cocondedecoration.com\/blog\/wp-content\/uploads\/2025\/11\/guide-deco-meuble-salon-3-768x1152.png 768w, https:\/\/www.cocondedecoration.com\/blog\/wp-content\/uploads\/2025\/11\/guide-deco-meuble-salon-3-367x550.png 367w, https:\/\/www.cocondedecoration.com\/blog\/wp-content\/uploads\/2025\/11\/guide-deco-meuble-salon-3-333x500.png 333w, https:\/\/www.cocondedecoration.com\/blog\/wp-content\/uploads\/2025\/11\/guide-deco-meuble-salon-3.png 1000w\" sizes=\"(max-width: 640px) 100vw, 640px\" \/><\/a><figcaption class=\"wp-element-caption\">Comment choisir sa nouvelle table basse? > <a href=\"https:\/\/www.cocondedecoration.com\/blog\/2018\/10\/conseils-deco-comment-bien-choisir-sa-table-basse\/\" target=\"_blank\" rel=\"noopener\" title=\"\">En savoir plus ici <\/a><\/figcaption><\/figure>\n<\/div>\n\n\n\n<div class=\"wp-block-cb-slide\">\n<figure class=\"wp-block-image size-large\"><a href=\"https:\/\/www.cocondedecoration.com\/blog\/wp-content\/uploads\/2025\/11\/guide-deco-meuble-salon-4.png\"><img loading=\"lazy\" decoding=\"async\" width=\"640\" height=\"960\" src=\"https:\/\/www.cocondedecoration.com\/blog\/wp-content\/uploads\/2025\/11\/guide-deco-meuble-salon-4-640x960.png\" alt=\"guide d\u00e9co meuble salon bien choisir housse de canap\u00e9 \" class=\"wp-image-86625\" title=\"guide d\u00e9co meuble salon bien choisir housse de canap\u00e9 \" srcset=\"https:\/\/www.cocondedecoration.com\/blog\/wp-content\/uploads\/2025\/11\/guide-deco-meuble-salon-4-640x960.png 640w, https:\/\/www.cocondedecoration.com\/blog\/wp-content\/uploads\/2025\/11\/guide-deco-meuble-salon-4-260x390.png 260w, https:\/\/www.cocondedecoration.com\/blog\/wp-content\/uploads\/2025\/11\/guide-deco-meuble-salon-4-768x1152.png 768w, https:\/\/www.cocondedecoration.com\/blog\/wp-content\/uploads\/2025\/11\/guide-deco-meuble-salon-4-367x550.png 367w, https:\/\/www.cocondedecoration.com\/blog\/wp-content\/uploads\/2025\/11\/guide-deco-meuble-salon-4-333x500.png 333w, https:\/\/www.cocondedecoration.com\/blog\/wp-content\/uploads\/2025\/11\/guide-deco-meuble-salon-4.png 1000w\" sizes=\"(max-width: 640px) 100vw, 640px\" \/><\/a><figcaption class=\"wp-element-caption\">Prot\u00e9ger son canap\u00e9 avec une housse d\u00e9co > <a href=\"https:\/\/www.cocondedecoration.com\/blog\/2025\/07\/housse-de-canape\/\" target=\"_blank\" rel=\"noopener\" title=\"\">Le guide d\u00e9co est ici<\/a><\/figcaption><\/figure>\n<\/div>\n\n\n\n<div class=\"wp-block-cb-slide\">\n<figure class=\"wp-block-image size-large is-resized\"><a href=\"https:\/\/www.cocondedecoration.com\/blog\/wp-content\/uploads\/2025\/11\/guide-deco-meuble-salon-5.png\"><img loading=\"lazy\" decoding=\"async\" width=\"640\" height=\"960\" src=\"https:\/\/www.cocondedecoration.com\/blog\/wp-content\/uploads\/2025\/11\/guide-deco-meuble-salon-5-640x960.png\" alt=\"guide d\u00e9co meuble salon bien choisir canap\u00e9 petit salon \" class=\"wp-image-86624\" style=\"width:257px;height:auto\" title=\"guide d\u00e9co meuble salon bien choisir canap\u00e9 petit salon \" srcset=\"https:\/\/www.cocondedecoration.com\/blog\/wp-content\/uploads\/2025\/11\/guide-deco-meuble-salon-5-640x960.png 640w, https:\/\/www.cocondedecoration.com\/blog\/wp-content\/uploads\/2025\/11\/guide-deco-meuble-salon-5-260x390.png 260w, https:\/\/www.cocondedecoration.com\/blog\/wp-content\/uploads\/2025\/11\/guide-deco-meuble-salon-5-768x1152.png 768w, https:\/\/www.cocondedecoration.com\/blog\/wp-content\/uploads\/2025\/11\/guide-deco-meuble-salon-5-367x550.png 367w, https:\/\/www.cocondedecoration.com\/blog\/wp-content\/uploads\/2025\/11\/guide-deco-meuble-salon-5-333x500.png 333w, https:\/\/www.cocondedecoration.com\/blog\/wp-content\/uploads\/2025\/11\/guide-deco-meuble-salon-5.png 1000w\" sizes=\"(max-width: 640px) 100vw, 640px\" \/><\/a><figcaption class=\"wp-element-caption\">Bien choisir son petit canap\u00e9 > <a href=\"https:\/\/www.cocondedecoration.com\/blog\/2018\/05\/10-canapes-pour-un-petit-salon\/\" target=\"_blank\" rel=\"noopener\" title=\"\">D\u00e9couvrez mes conseils<\/a><\/figcaption><\/figure>\n<\/div>\n\n\n\n<div class=\"wp-block-cb-slide\">\n<figure class=\"wp-block-image size-large\"><a href=\"https:\/\/www.cocondedecoration.com\/blog\/wp-content\/uploads\/2025\/11\/guide-deco-meuble-salon-6.png\"><img loading=\"lazy\" decoding=\"async\" width=\"640\" height=\"960\" src=\"https:\/\/www.cocondedecoration.com\/blog\/wp-content\/uploads\/2025\/11\/guide-deco-meuble-salon-6-640x960.png\" alt=\"guide d\u00e9co meuble salon bien choisir bout de canap\u00e9 table d'appoint \" class=\"wp-image-86623\" title=\"guide d\u00e9co meuble salon bien choisir bout de canap\u00e9 table d'appoint \" srcset=\"https:\/\/www.cocondedecoration.com\/blog\/wp-content\/uploads\/2025\/11\/guide-deco-meuble-salon-6-640x960.png 640w, https:\/\/www.cocondedecoration.com\/blog\/wp-content\/uploads\/2025\/11\/guide-deco-meuble-salon-6-260x390.png 260w, https:\/\/www.cocondedecoration.com\/blog\/wp-content\/uploads\/2025\/11\/guide-deco-meuble-salon-6-768x1152.png 768w, https:\/\/www.cocondedecoration.com\/blog\/wp-content\/uploads\/2025\/11\/guide-deco-meuble-salon-6-367x550.png 367w, https:\/\/www.cocondedecoration.com\/blog\/wp-content\/uploads\/2025\/11\/guide-deco-meuble-salon-6-333x500.png 333w, https:\/\/www.cocondedecoration.com\/blog\/wp-content\/uploads\/2025\/11\/guide-deco-meuble-salon-6.png 1000w\" sizes=\"(max-width: 640px) 100vw, 640px\" \/><\/a><figcaption class=\"wp-element-caption\">Bout de canap\u00e9 > <a href=\"https:\/\/www.cocondedecoration.com\/blog\/2022\/07\/ou-trouver-bout-de-canape-moderne\/\" target=\"_blank\" rel=\"noopener\" title=\"\">S\u00e9lection \u00e0 retrouver ici<\/a><\/figcaption><\/figure>\n<\/div>\n\n\n\n<div class=\"wp-block-cb-slide\">\n<figure class=\"wp-block-image size-large\"><a href=\"https:\/\/www.cocondedecoration.com\/blog\/wp-content\/uploads\/2025\/11\/guide-deco-meuble-salon-7.png\"><img loading=\"lazy\" decoding=\"async\" width=\"640\" height=\"960\" src=\"https:\/\/www.cocondedecoration.com\/blog\/wp-content\/uploads\/2025\/11\/guide-deco-meuble-salon-7-640x960.png\" alt=\"guide d\u00e9co meuble salon bien choisir canap\u00e9 convertible pas cher \" class=\"wp-image-86622\" title=\"guide d\u00e9co meuble salon bien choisir canap\u00e9 convertible pas cher \" srcset=\"https:\/\/www.cocondedecoration.com\/blog\/wp-content\/uploads\/2025\/11\/guide-deco-meuble-salon-7-640x960.png 640w, https:\/\/www.cocondedecoration.com\/blog\/wp-content\/uploads\/2025\/11\/guide-deco-meuble-salon-7-260x390.png 260w, https:\/\/www.cocondedecoration.com\/blog\/wp-content\/uploads\/2025\/11\/guide-deco-meuble-salon-7-768x1152.png 768w, https:\/\/www.cocondedecoration.com\/blog\/wp-content\/uploads\/2025\/11\/guide-deco-meuble-salon-7-367x550.png 367w, https:\/\/www.cocondedecoration.com\/blog\/wp-content\/uploads\/2025\/11\/guide-deco-meuble-salon-7-333x500.png 333w, https:\/\/www.cocondedecoration.com\/blog\/wp-content\/uploads\/2025\/11\/guide-deco-meuble-salon-7.png 1000w\" sizes=\"(max-width: 640px) 100vw, 640px\" \/><\/a><figcaption class=\"wp-element-caption\"><a href=\"https:\/\/www.cocondedecoration.com\/blog\/2021\/01\/ou-trouver-canape-convertible-petit-prix\/\" target=\"_blank\" rel=\"noopener\" title=\"\">O\u00f9 trouver un canap\u00e9 convertible pas cher? <\/a>> En savoir plus<\/figcaption><\/figure>\n<\/div>\n\n\n\n<div class=\"wp-block-cb-slide\">\n<figure class=\"wp-block-image size-large\"><a href=\"https:\/\/www.cocondedecoration.com\/blog\/wp-content\/uploads\/2025\/11\/guide-deco-meuble-salon-8.png\"><img loading=\"lazy\" decoding=\"async\" width=\"640\" height=\"960\" src=\"https:\/\/www.cocondedecoration.com\/blog\/wp-content\/uploads\/2025\/11\/guide-deco-meuble-salon-8-640x960.png\" alt=\"guide d\u00e9co meuble salon bien choisir liseuse derri\u00e8re canap\u00e9 luminaire lampadaire \" class=\"wp-image-86621\" title=\"guide d\u00e9co meuble salon bien choisir liseuse derri\u00e8re canap\u00e9 luminaire lampadaire \" srcset=\"https:\/\/www.cocondedecoration.com\/blog\/wp-content\/uploads\/2025\/11\/guide-deco-meuble-salon-8-640x960.png 640w, https:\/\/www.cocondedecoration.com\/blog\/wp-content\/uploads\/2025\/11\/guide-deco-meuble-salon-8-260x390.png 260w, https:\/\/www.cocondedecoration.com\/blog\/wp-content\/uploads\/2025\/11\/guide-deco-meuble-salon-8-768x1152.png 768w, https:\/\/www.cocondedecoration.com\/blog\/wp-content\/uploads\/2025\/11\/guide-deco-meuble-salon-8-367x550.png 367w, https:\/\/www.cocondedecoration.com\/blog\/wp-content\/uploads\/2025\/11\/guide-deco-meuble-salon-8-333x500.png 333w, https:\/\/www.cocondedecoration.com\/blog\/wp-content\/uploads\/2025\/11\/guide-deco-meuble-salon-8.png 1000w\" sizes=\"(max-width: 640px) 100vw, 640px\" \/><\/a><figcaption class=\"wp-element-caption\">Une liseuse derri\u00e8re le canap\u00e9 > <a href=\"https:\/\/www.cocondedecoration.com\/blog\/2024\/11\/choisir-lampe-lecture-salon\/\" target=\"_blank\" rel=\"noopener\" title=\"\">D\u00e9couvrir le guide<\/a><\/figcaption><\/figure>\n<\/div>\n<\/div>\n\n\n\n<p class=\"has-small-font-size\">Pour plus d'inspirations d\u00e9co au quotidien (pour le salon mais pas que!) rejoignez moi sur <a href=\"https:\/\/pinterest.fr\/cocondedeco\/\" target=\"_blank\" rel=\"noopener\" title=\"\">Pinterest<\/a> et sur <a href=\"https:\/\/www.threads.com\/@cocondedeco\" target=\"_blank\" rel=\"noopener\" title=\"\">Threads<\/a> (: <\/p>\n\n\n\n<hr class=\"wp-block-separator\"\/>\n\n\n\n<p class=\"has-text-align-center has-medium-font-size\">Ne perdons pas contact \ud83d\ude42 Rejoignez moi sur <a href=\"https:\/\/www.pinterest.fr\/cocondedeco\/\" target=\"_blank\" rel=\"noopener\" title=\"\">Pinterest<\/a> |\u00a0<a href=\"https:\/\/www.threads.net\/@cocondedeco\" target=\"_blank\" rel=\"noopener\" title=\"\">Threads<\/a> | <a href=\"https:\/\/www.patreon.com\/collection\/162946?view=expanded\" target=\"_blank\" rel=\"noopener\" title=\"\">la Newsletter<\/a> <br>Vous aimez lire le blog? Vous souhaitez continuer \u00e0 le lire? <a href=\"https:\/\/www.patreon.com\/cocondedeco\" target=\"_blank\" rel=\"noopener\" title=\"\">Devenez m\u00e9c\u00e8ne<\/a> sur Patreon et contribuez \u00e0 sa survie. <\/p>\n\n\n\n<hr class=\"wp-block-separator\"\/>\n\n\n\n<div class=\"wp-block-columns has-2-columns is-layout-flex wp-container-core-columns-layout-1 wp-block-columns-is-layout-flex\">\n<div class=\"wp-block-column is-layout-flow wp-block-column-is-layout-flow\">\n<p style=\"text-align:center\" class=\"has-medium-font-size\">A lire \u00e9galement<\/p>\n\n\n<ul class=\"wp-block-latest-posts__list wp-block-latest-posts\"><li><a class=\"wp-block-latest-posts__post-title\" href=\"https:\/\/www.cocondedecoration.com\/blog\/2025\/03\/paillasson-motif-floral\/\">Paillasson floral, une touche printani\u00e8re \u00e0 votre porte<\/a><\/li>\n<li><a class=\"wp-block-latest-posts__post-title\" href=\"https:\/\/www.cocondedecoration.com\/blog\/2024\/11\/relooker-escaliers\/\">Relooker et moderniser les escaliers: 3 solutions faciles<\/a><\/li>\n<li><a class=\"wp-block-latest-posts__post-title\" href=\"https:\/\/www.cocondedecoration.com\/blog\/2020\/06\/conseils-deco-comment-gagner-de-la-place-dans-lentree\/\">[Conseils d\u00e9co] Comment gagner de la place dans l&rsquo;entr\u00e9e?<\/a><\/li>\n<li><a class=\"wp-block-latest-posts__post-title\" href=\"https:\/\/www.cocondedecoration.com\/blog\/2019\/07\/conseils-deco-creer-une-entree-quand-on-nen-a-pas\/\">[Conseils d\u00e9co] Cr\u00e9er une entr\u00e9e quand on n&rsquo;en a pas<\/a><\/li>\n<\/ul>\n\n<ul class=\"wp-block-latest-posts__list wp-block-latest-posts\"><li><a class=\"wp-block-latest-posts__post-title\" href=\"https:\/\/www.cocondedecoration.com\/blog\/2025\/12\/tendances-salon-2026\/\">D\u00e9corer le salon: quelles tendances pour 2026?<\/a><\/li>\n<li><a class=\"wp-block-latest-posts__post-title\" href=\"https:\/\/www.cocondedecoration.com\/blog\/2025\/10\/canape-berah-getah\/\">Les canap\u00e9s design et \u00e9l\u00e9gants de Berah Getah<\/a><\/li>\n<li><a class=\"wp-block-latest-posts__post-title\" href=\"https:\/\/www.cocondedecoration.com\/blog\/2024\/12\/tendance-deco-2025-salon\/\">Quelles sont les tendances 2025 pour d\u00e9corer le salon?<\/a><\/li>\n<li><a class=\"wp-block-latest-posts__post-title\" href=\"https:\/\/www.cocondedecoration.com\/blog\/2024\/10\/canape-panoramique-modulable\/\">Pourquoi choisir un canap\u00e9 panoramique modulable ?<\/a><\/li>\n<\/ul><\/div>\n\n\n\n<div class=\"wp-block-column is-layout-flow wp-block-column-is-layout-flow\">\n<p class=\"has-text-align-center has-medium-font-size\" style=\"padding-top:var(--wp--preset--spacing--40);padding-bottom:var(--wp--preset--spacing--40)\"><strong>Devenez m\u00e9c\u00e8ne du blog <\/strong><\/p>\n\n\n\n<hr class=\"wp-block-separator has-alpha-channel-opacity is-style-wide\"\/>\n\n\n\n<p style=\"padding-right:var(--wp--preset--spacing--30);padding-left:var(--wp--preset--spacing--30)\">Soutenez mon travail sur le blog et acc\u00e9dez \u00e0 des contreparties exclusives: <\/p>\n\n\n\n<ul style=\"padding-right:var(--wp--preset--spacing--40);padding-left:var(--wp--preset--spacing--40)\">\n<li>Plusieurs centaines d'articles d\u00e9co, lifestyle &amp; voyage r\u00e9serv\u00e9s aux abonn\u00e9\u2022e\u2022s <\/li>\n\n\n\n<li>Toutes les entr\u00e9es de mon side project - mon dictionnaire nomade <\/li>\n\n\n\n<li>Une publicit\u00e9 limit\u00e9e sur les articles Patreon <\/li>\n<\/ul>\n\n\n\n<div class=\"wp-block-buttons is-content-justification-center is-layout-flex wp-container-core-buttons-layout-1 wp-block-buttons-is-layout-flex\">\n<div class=\"wp-block-button\"><a class=\"wp-block-button__link wp-element-button\" href=\"https:\/\/www.patreon.com\/cocondedeco\" target=\"_blank\" rel=\"noreferrer noopener\">Soutenir le blog maintenant<\/a><\/div>\n<\/div>\n<\/div>\n<\/div>\n\n\n\n<div class=\"wp-block-image\"><figure class=\"aligncenter\"><img loading=\"lazy\" decoding=\"async\" width=\"640\" height=\"427\" src=\"http:\/\/www.cocondedecoration.com\/blog\/wp-content\/uploads\/2021\/08\/escaliers-ouvert-salon-design-exemple-640x427.jpeg\" alt=\"escaliers ouvert salon design exemple conseils id\u00e9es couleurs mat\u00e9riaux apparence rangement\" class=\"wp-image-40614\" srcset=\"https:\/\/www.cocondedecoration.com\/blog\/wp-content\/uploads\/2021\/08\/escaliers-ouvert-salon-design-exemple-640x427.jpeg 640w, https:\/\/www.cocondedecoration.com\/blog\/wp-content\/uploads\/2021\/08\/escaliers-ouvert-salon-design-exemple-260x173.jpeg 260w, https:\/\/www.cocondedecoration.com\/blog\/wp-content\/uploads\/2021\/08\/escaliers-ouvert-salon-design-exemple-465x310.jpeg 465w, https:\/\/www.cocondedecoration.com\/blog\/wp-content\/uploads\/2021\/08\/escaliers-ouvert-salon-design-exemple-695x463.jpeg 695w, https:\/\/www.cocondedecoration.com\/blog\/wp-content\/uploads\/2021\/08\/escaliers-ouvert-salon-design-exemple.jpeg 732w\" sizes=\"(max-width: 640px) 100vw, 640px\" \/><figcaption>source: Vakkerlighting <\/figcaption><\/figure><\/div>\n","protected":false},"excerpt":{"rendered":"<p>Quand on a un escalier chez soi, il n&rsquo;y a pas 36 possibilit\u00e9s quant \u00e0 son emplacement: soit il se trouve dans un couloir, soit il est dans une pi\u00e8ce \u00e0 vivre (souvent le salon) et il est fr\u00e9quent dans ce cas qu&rsquo;il soit ouvert sur la pi\u00e8ce pour donner<span class=\"more-link\"><a href=\"https:\/\/www.cocondedecoration.com\/blog\/2021\/08\/escalier-ouvert-salon\/\">Lire la suite<\/a><\/span><\/p>\n","protected":false},"author":1,"featured_media":40614,"comment_status":"open","ping_status":"open","sticky":false,"template":"","format":"standard","meta":{"om_disable_all_campaigns":false,"_monsterinsights_skip_tracking":false,"_monsterinsights_sitenote_active":false,"_monsterinsights_sitenote_note":"","_monsterinsights_sitenote_category":0,"_uf_show_specific_survey":0,"_uf_disable_surveys":false,"footnotes":""},"categories":[62065],"tags":[22128,22132,22166,22167,22168,16143,22165,22164,22133,22147,22152,22148,22149,22126,22153,22154,22127,22162,22150,22151,13521,22142,22140,22139,22144,22137,22138,22145,22146,22143,22141,22134,22135,22129,3282,3427,22131,22130,22155,22161,22160,22159,22157,22156,22158,22136,22163],"aioseo_notices":[],"_links":{"self":[{"href":"https:\/\/www.cocondedecoration.com\/blog\/wp-json\/wp\/v2\/posts\/40337"}],"collection":[{"href":"https:\/\/www.cocondedecoration.com\/blog\/wp-json\/wp\/v2\/posts"}],"about":[{"href":"https:\/\/www.cocondedecoration.com\/blog\/wp-json\/wp\/v2\/types\/post"}],"author":[{"embeddable":true,"href":"https:\/\/www.cocondedecoration.com\/blog\/wp-json\/wp\/v2\/users\/1"}],"replies":[{"embeddable":true,"href":"https:\/\/www.cocondedecoration.com\/blog\/wp-json\/wp\/v2\/comments?post=40337"}],"version-history":[{"count":1,"href":"https:\/\/www.cocondedecoration.com\/blog\/wp-json\/wp\/v2\/posts\/40337\/revisions"}],"predecessor-version":[{"id":84410,"href":"https:\/\/www.cocondedecoration.com\/blog\/wp-json\/wp\/v2\/posts\/40337\/revisions\/84410"}],"wp:featuredmedia":[{"embeddable":true,"href":"https:\/\/www.cocondedecoration.com\/blog\/wp-json\/wp\/v2\/media\/40614"}],"wp:attachment":[{"href":"https:\/\/www.cocondedecoration.com\/blog\/wp-json\/wp\/v2\/media?parent=40337"}],"wp:term":[{"taxonomy":"category","embeddable":true,"href":"https:\/\/www.cocondedecoration.com\/blog\/wp-json\/wp\/v2\/categories?post=40337"},{"taxonomy":"post_tag","embeddable":true,"href":"https:\/\/www.cocondedecoration.com\/blog\/wp-json\/wp\/v2\/tags?post=40337"}],"curies":[{"name":"wp","href":"https:\/\/api.w.org\/{rel}","templated":true}]}}