{"id":38460,"date":"2021-05-20T10:34:11","date_gmt":"2021-05-20T08:34:11","guid":{"rendered":"http:\/\/www.cocondedecoration.com\/blog\/?p=38460"},"modified":"2023-12-20T10:14:32","modified_gmt":"2023-12-20T08:14:32","slug":"porte-vitree-interieure","status":"publish","type":"post","link":"https:\/\/www.cocondedecoration.com\/blog\/2021\/05\/porte-vitree-interieure\/","title":{"rendered":"[Id\u00e9e d\u00e9co] El\u00e9gance et transparence avec la porte vitr\u00e9e"},"content":{"rendered":"<!DOCTYPE html PUBLIC \"-\/\/W3C\/\/DTD HTML 4.0 Transitional\/\/EN\" \"http:\/\/www.w3.org\/TR\/REC-html40\/loose.dtd\">\n<?xml encoding=\"UTF-8\"><html><body><p>Quand j'ai commenc&eacute; cet article, je ne m'attendais pas &agrave; avoir autant de choses &agrave; vous raconter. Depuis plusieurs semaines, je me suis surprise &agrave; r&eacute;v&acirc;sser sur les portes vitr&eacute;es quand j'&eacute;tais sur Pinterest. Je me suis donc dit qu'il y avait mati&egrave;re &agrave; vous proposer un article. Je crois que je n'en ai jamais parl&eacute; ici ou du moins pas sp&eacute;cifiquement. Pourtant les portes vitr&eacute;es peuvent &ecirc;tre un atout pour votre d&eacute;coration et votre int&eacute;rieur. Elles permettent de jouer sur le visible et l'invisible, elles peuvent &ecirc;tre un apport de lumi&egrave;re dans une pi&egrave;ce qui en manque. Et surtout, ces derni&egrave;res ann&eacute;es, le look des portes vitr&eacute;es int&eacute;rieures a beaucoup &eacute;volu&eacute;. Il y a de plus en plus de choix et elles peuvent &ecirc;tre tr&egrave;s &eacute;l&eacute;gante, vous le verrez dans la suite de cet article! <\/p>\n\n\n\n<!--more-->\n\n\n\n<div class=\"wp-block-columns has-2-columns is-layout-flex wp-container-core-columns-layout-1 wp-block-columns-is-layout-flex\">\n<div class=\"wp-block-column is-layout-flow wp-block-column-is-layout-flow\">\n<div style=\"height:50px\" aria-hidden=\"true\" class=\"wp-block-spacer\"><\/div>\n\n\n\n<p style=\"text-align:center\" class=\"has-medium-font-size\">Au sommaire de cet article d&eacute;di&eacute; aux portes vitr&eacute;es<\/p>\n\n\n\n<p><div class=\"toc\"><div class=\"toc_list\"><ul><li class=\"toc_item\"><a href=\"#toc-0\">Portes \u00e9l\u00e9gantes faites de transparence et d'arrondis<\/a><\/li><li class=\"toc_item\"><a href=\"#toc-1\">Portes vitr\u00e9es et pi\u00e8ces aveugles <\/a><\/li><li class=\"toc_item\"><a href=\"#toc-2\">Portes style verri\u00e8re d'atelier <\/a><\/li><li class=\"toc_item\"><a href=\"#toc-3\">Les diff\u00e9rents types de portes vitr\u00e9es <\/a><\/li><li class=\"toc_item\"><a href=\"#toc-4\">Portes modernes et \u00e9pur\u00e9es <\/a><\/li><li class=\"toc_item\"><a href=\"#toc-5\">Quels crit\u00e8res prendre en compte avant d'acheter une porte vitr\u00e9e d'int\u00e9rieur?<\/a><\/li><li class=\"toc_item\"><a href=\"#toc-6\">Des vitraux pour d\u00e9corer vos portes int\u00e9rieures  <\/a><\/li><li class=\"toc_item\"><a href=\"#toc-7\">Porte vitr\u00e9e & bois - classique et chaleureuse <\/a><\/li><li class=\"toc_item\"><a href=\"#toc-8\">Dans quelles pi\u00e8ces opter pour une porte vitr\u00e9e? <\/a><\/li><li class=\"toc_item\"><a href=\"#toc-9\">Verre translucide ou opaque <\/a><\/li><li class=\"toc_item\"><a href=\"#toc-10\">R\u00e9cup' et porte vitr\u00e9e - c'est possible? <\/a><\/li><li class=\"toc_item\"><a href=\"#toc-11\">O\u00f9 trouver des portes vitr\u00e9es modernes et \u00e9l\u00e9gantes? <\/a><\/li><li class=\"toc_item\"><a href=\"#toc-12\">Inspiration d\u00e9co - Portes vitr\u00e9es int\u00e9rieures<\/a><\/li><\/ul><\/div><\/div><br><\/p>\n<\/div>\n\n\n\n<div class=\"wp-block-column is-layout-flow wp-block-column-is-layout-flow\">\n<p>Votre soutien me permet de cr&eacute;er plus. Rejoignez les m&eacute;c&egrave;nes du blog pour plus d'inspirations d&eacute;co et des r&eacute;cits de voyage exclusifs. Par ailleurs si 1% des lecteur&bull;rice&bull;s du blog soutenaient financi&egrave;rement le blog, il pourrait ne plus y avoir de publicit&eacute; ici. <\/p>\n\n\n\n<div class=\"wp-block-buttons is-content-justification-center is-layout-flex wp-container-core-buttons-layout-1 wp-block-buttons-is-layout-flex\">\n<div class=\"wp-block-button has-custom-width wp-block-button__width-50 has-custom-font-size is-style-fill has-small-font-size\"><a class=\"wp-block-button__link has-accent-font-color has-accent-background-color has-text-color has-background has-link-color wp-element-button\" href=\"https:\/\/www.patreon.com\/6009582\/join\" style=\"border-radius:25px\" target=\"_blank\" rel=\"noreferrer noopener\">Soutenir le blog sur Patreon<\/a><\/div>\n<\/div>\n<\/div>\n<\/div>\n\n\n\n<div class=\"wp-block-columns has-2-columns is-layout-flex wp-container-core-columns-layout-2 wp-block-columns-is-layout-flex\">\n<div class=\"wp-block-column is-layout-flow wp-block-column-is-layout-flow\">\n<div style=\"height:50px\" aria-hidden=\"true\" class=\"wp-block-spacer\"><\/div>\n\n\n\n<a name=\"toc-0\" style=\"text-decoration: none;\"><\/a><h2 class=\"wp-block-heading\">Portes &eacute;l&eacute;gantes faites de transparence et d'arrondis<\/h2>\n\n\n\n<p>On commence cet article avec un mod&egrave;le de porte d'int&eacute;rieur qui me plait beaucoup. Le b&acirc;ti est en bois ce qui conf&egrave;re &agrave; l'&eacute;l&eacute;ment un c&ocirc;t&eacute; chaleureux. Il y a une large pr&eacute;sence de verre ce qui donne beaucoup d'importance &agrave; la transparence. Mais ce n'est pas tout. Le d&eacute;cor &agrave; l'int&eacute;rieur de la porte est sobre et arrondi. Une petite touche qui peut rappeler le style Art Nouveau mais revisit&eacute;, r&eacute;actualis&eacute;.  <\/p>\n\n\n\n<p>Ce style de porte est parfait pour apporter du cachet &agrave; votre int&eacute;rieur. Il d&eacute;core avec raffinement, sans en faire trop, sans tomber dans l'exc&egrave;s. C'est une touche d'inattendu qui en plus de laisser passer la lumi&egrave;re va accentuer l'ambiance chaleureuse de votre pi&egrave;ce. <\/p>\n\n\n\n<a name=\"toc-1\" style=\"text-decoration: none;\"><\/a><h2 class=\"wp-block-heading\">Portes vitr&eacute;es et pi&egrave;ces aveugles <\/h2>\n\n\n\n<p>La parte vitr&eacute;e est l'une des mani&egrave;res possibles pour apporter de la lumi&egrave;re naturelle dans une pi&egrave;ce aveugle, c'est &agrave; dire une pi&egrave;ce sans aucune fen&ecirc;tre. Elle s'inscrit dans la m&ecirc;me d&eacute;marche donc qu'une verri&egrave;re voire des claustras. Ce n'est pas une cloison mais la vitre laisse passer la lumi&egrave;re surtout si le verre est transparent. <\/p>\n<\/div>\n\n\n\n<div class=\"wp-block-column is-layout-flow wp-block-column-is-layout-flow\">\n<figure class=\"wp-block-image\"><img loading=\"lazy\" decoding=\"async\" width=\"640\" height=\"960\" src=\"http:\/\/www.cocondedecoration.com\/blog\/wp-content\/uploads\/2021\/05\/exemple-porte-vitree-elegante-1-640x960.jpeg\" alt=\"exemple porte vitree elegante encadrement bois d&eacute;cor arrondi art nouveau &eacute;pur&eacute; transparence\" class=\"wp-image-38461\" srcset=\"https:\/\/www.cocondedecoration.com\/blog\/wp-content\/uploads\/2021\/05\/exemple-porte-vitree-elegante-1-640x960.jpeg 640w, https:\/\/www.cocondedecoration.com\/blog\/wp-content\/uploads\/2021\/05\/exemple-porte-vitree-elegante-1-260x390.jpeg 260w, https:\/\/www.cocondedecoration.com\/blog\/wp-content\/uploads\/2021\/05\/exemple-porte-vitree-elegante-1-768x1152.jpeg 768w, https:\/\/www.cocondedecoration.com\/blog\/wp-content\/uploads\/2021\/05\/exemple-porte-vitree-elegante-1-367x550.jpeg 367w, https:\/\/www.cocondedecoration.com\/blog\/wp-content\/uploads\/2021\/05\/exemple-porte-vitree-elegante-1-333x500.jpeg 333w, https:\/\/www.cocondedecoration.com\/blog\/wp-content\/uploads\/2021\/05\/exemple-porte-vitree-elegante-1.jpeg 1000w\" sizes=\"(max-width: 640px) 100vw, 640px\" \/><figcaption><a href=\"https:\/\/www.pinterest.fr\/pin\/24980972923897558\/\" target=\"_blank\" rel=\"noreferrer noopener\" aria-label=\"source (s&rsquo;ouvre dans un nouvel onglet)\">source<\/a><\/figcaption><\/figure><\/div>\n<\/div>\n\n\n\n<div class=\"wp-block-columns has-2-columns is-layout-flex wp-container-core-columns-layout-3 wp-block-columns-is-layout-flex\">\n<div class=\"wp-block-column is-layout-flow wp-block-column-is-layout-flow\">\n<figure class=\"wp-block-image\"><img loading=\"lazy\" decoding=\"async\" width=\"640\" height=\"960\" src=\"http:\/\/www.cocondedecoration.com\/blog\/wp-content\/uploads\/2021\/05\/exemple-porte-vitree-elegante-2-640x960.jpeg\" alt=\"exemple porte vitree elegante coulissante style atelier industriel m&eacute;lange m&eacute;tal et verre\" class=\"wp-image-38462\" srcset=\"https:\/\/www.cocondedecoration.com\/blog\/wp-content\/uploads\/2021\/05\/exemple-porte-vitree-elegante-2-640x960.jpeg 640w, https:\/\/www.cocondedecoration.com\/blog\/wp-content\/uploads\/2021\/05\/exemple-porte-vitree-elegante-2-260x390.jpeg 260w, https:\/\/www.cocondedecoration.com\/blog\/wp-content\/uploads\/2021\/05\/exemple-porte-vitree-elegante-2-768x1152.jpeg 768w, https:\/\/www.cocondedecoration.com\/blog\/wp-content\/uploads\/2021\/05\/exemple-porte-vitree-elegante-2-367x550.jpeg 367w, https:\/\/www.cocondedecoration.com\/blog\/wp-content\/uploads\/2021\/05\/exemple-porte-vitree-elegante-2-333x500.jpeg 333w, https:\/\/www.cocondedecoration.com\/blog\/wp-content\/uploads\/2021\/05\/exemple-porte-vitree-elegante-2.jpeg 1000w\" sizes=\"(max-width: 640px) 100vw, 640px\" \/><figcaption><a href=\"https:\/\/www.pinterest.fr\/pin\/24980972924022689\/\" target=\"_blank\" rel=\"noreferrer noopener\" aria-label=\"source (s&rsquo;ouvre dans un nouvel onglet)\">source<\/a><\/figcaption><\/figure><\/div>\n\n\n\n<div class=\"wp-block-column is-layout-flow wp-block-column-is-layout-flow\">\n<div style=\"height:50px\" aria-hidden=\"true\" class=\"wp-block-spacer\"><\/div>\n\n\n\n<a name=\"toc-2\" style=\"text-decoration: none;\"><\/a><h2 class=\"wp-block-heading\">Portes style verri&egrave;re d'atelier <\/h2>\n\n\n\n<p>Ce deuxi&egrave;me mod&egrave;le de porte vitr&eacute;e est plus connu notamment depuis que les verri&egrave;res ont investi nos int&eacute;rieurs. C'est un style industriel, sobre et simple. Une partie basse en m&eacute;tal surmont&eacute;e par des montants et des carreaux verticaux. L'&eacute;l&eacute;gance est un terme g&eacute;n&eacute;rique. Chacun en a une d&eacute;finition propre. Le style indus - selon les gens - selon le d&eacute;cor dans lequel est int&eacute;gr&eacute; - peut &ecirc;tre synonyme d'&eacute;l&eacute;gance. Cela ne fait aucun doute;<\/p>\n\n\n\n<p>Ce qui me plait aussi avec ce type de portes int&eacute;rieures, c'est que souvent, ce sont des mod&egrave;les coulissants. C'est un gain de place non n&eacute;gligeable quand on a une petite surface par exemple. Cela rejoint l'id&eacute;e de s&eacute;paration qui laisse voir et qui donne l'impression que la pi&egrave;ce est plus grande gr&acirc;ce &agrave; la transparence. <\/p>\n\n\n\n<a name=\"toc-3\" style=\"text-decoration: none;\"><\/a><h2 class=\"wp-block-heading\">Les diff&eacute;rents types de portes vitr&eacute;es <\/h2>\n\n\n\n<p>A l'instar d'une porte pleine, la porte vitr&eacute;e peut &ecirc;tre pivotante, coulissante. Elle peut &ecirc;tre compos&eacute;e d'un vantail ou de plusieurs. Elle peut aussi &ecirc;tre partiellement pleine comme on vient de le voir en associant le m&eacute;tal et le verre ou en mariant ce dernier avec du bois. La porte vitr&eacute;e n'est pas cloisonn&eacute;e dans un seul type et peut donc trouver sa place facilement dans de nombreux int&eacute;rieurs. <\/p>\n<\/div>\n<\/div>\n\n\n\n<div class=\"wp-block-columns has-2-columns is-layout-flex wp-container-core-columns-layout-4 wp-block-columns-is-layout-flex\">\n<div class=\"wp-block-column is-layout-flow wp-block-column-is-layout-flow\">\n<div style=\"height:30px\" aria-hidden=\"true\" class=\"wp-block-spacer\"><\/div>\n\n\n\n<a name=\"toc-4\" style=\"text-decoration: none;\"><\/a><h2 class=\"wp-block-heading\">Portes modernes et &eacute;pur&eacute;es <\/h2>\n\n\n\n<p>On reste pour le moment plus ou moins dans le m&ecirc;me esprit que la porte pr&eacute;c&eacute;dente avec un mod&egrave;le qui associe lui aussi le m&eacute;tal et le verre. En revanche, on perd le c&ocirc;t&eacute; industriel pour un aspect plus moderne et de la simplicit&eacute;. Au lieu d'&ecirc;tre sur une g&eacute;om&eacute;trie verticale, on a un rythme plus r&eacute;gulier, plus horizontal. <\/p>\n\n\n\n<a name=\"toc-5\" style=\"text-decoration: none;\"><\/a><h2 class=\"wp-block-heading\">Quels crit&egrave;res prendre en compte avant d'acheter une porte vitr&eacute;e d'int&eacute;rieur?<\/h2>\n\n\n\n<p>Comme pour tous les &eacute;l&eacute;ments d&eacute;co, certains crit&egrave;res sont &agrave; prendre en compte avant l'achat: <\/p>\n\n\n\n<ul><li>La taille de votre porte: pour les portes standards vous trouverez de nombreux mod&egrave;les en grandes surfaces de bricolage ou dans les magasins sp&eacute;cialis&eacute;s en portes et fen&ecirc;tres. Pour une porte aux dimensions moins classique, il faudra faire appel au sur-mesure. <\/li><li>Les mat&eacute;riaux: pour le montant (bois, aluminium...) et pour le verre (transparent, translucide, opaque...) <\/li><li>Le type de fermeture: coulissant, battant... <\/li><li>L'&eacute;paisseur de l'huisserie (autrement dit la profondeur de votre bloc porte) et cela d&eacute;pend de l'&eacute;paisseur de votre cloison; <\/li><li>Les propri&eacute;t&eacute;s de la porte: certains mod&egrave;les de portes int&eacute;rieures peuvent contribuer &agrave; l'isolation phonique ou thermique<\/li><\/ul><\/div>\n\n\n\n<div class=\"wp-block-column is-layout-flow wp-block-column-is-layout-flow\">\n<figure class=\"wp-block-image\"><img loading=\"lazy\" decoding=\"async\" width=\"640\" height=\"960\" src=\"http:\/\/www.cocondedecoration.com\/blog\/wp-content\/uploads\/2021\/05\/exemple-porte-vitree-elegante-3-640x960.jpeg\" alt=\"exemple porte vitree elegante moderne metal aluminium et verre structure &eacute;pur&eacute;e\" class=\"wp-image-38463\" srcset=\"https:\/\/www.cocondedecoration.com\/blog\/wp-content\/uploads\/2021\/05\/exemple-porte-vitree-elegante-3-640x960.jpeg 640w, https:\/\/www.cocondedecoration.com\/blog\/wp-content\/uploads\/2021\/05\/exemple-porte-vitree-elegante-3-260x390.jpeg 260w, https:\/\/www.cocondedecoration.com\/blog\/wp-content\/uploads\/2021\/05\/exemple-porte-vitree-elegante-3-768x1152.jpeg 768w, https:\/\/www.cocondedecoration.com\/blog\/wp-content\/uploads\/2021\/05\/exemple-porte-vitree-elegante-3-367x550.jpeg 367w, https:\/\/www.cocondedecoration.com\/blog\/wp-content\/uploads\/2021\/05\/exemple-porte-vitree-elegante-3-333x500.jpeg 333w, https:\/\/www.cocondedecoration.com\/blog\/wp-content\/uploads\/2021\/05\/exemple-porte-vitree-elegante-3.jpeg 1000w\" sizes=\"(max-width: 640px) 100vw, 640px\" \/><figcaption><a href=\"https:\/\/www.pinterest.fr\/pin\/24980972924022713\/\" target=\"_blank\" rel=\"noreferrer noopener\" aria-label=\"source (s&rsquo;ouvre dans un nouvel onglet)\">source<\/a><\/figcaption><\/figure><\/div>\n<\/div>\n\n\n\n<div class=\"wp-block-columns has-2-columns is-layout-flex wp-container-core-columns-layout-5 wp-block-columns-is-layout-flex\">\n<div class=\"wp-block-column is-layout-flow wp-block-column-is-layout-flow\">\n<div style=\"height:100px\" aria-hidden=\"true\" class=\"wp-block-spacer\"><\/div>\n\n\n\n<figure class=\"wp-block-image\"><img loading=\"lazy\" decoding=\"async\" width=\"640\" height=\"960\" src=\"http:\/\/www.cocondedecoration.com\/blog\/wp-content\/uploads\/2021\/05\/exemple-porte-vitree-elegante-5-640x960.jpeg\" alt=\"exemple porte vitree elegante style ancien vitraux motif art nouveau art d&eacute;co coulissante cloison\" class=\"wp-image-38464\" srcset=\"https:\/\/www.cocondedecoration.com\/blog\/wp-content\/uploads\/2021\/05\/exemple-porte-vitree-elegante-5-640x960.jpeg 640w, https:\/\/www.cocondedecoration.com\/blog\/wp-content\/uploads\/2021\/05\/exemple-porte-vitree-elegante-5-260x390.jpeg 260w, https:\/\/www.cocondedecoration.com\/blog\/wp-content\/uploads\/2021\/05\/exemple-porte-vitree-elegante-5-768x1152.jpeg 768w, https:\/\/www.cocondedecoration.com\/blog\/wp-content\/uploads\/2021\/05\/exemple-porte-vitree-elegante-5-367x550.jpeg 367w, https:\/\/www.cocondedecoration.com\/blog\/wp-content\/uploads\/2021\/05\/exemple-porte-vitree-elegante-5-333x500.jpeg 333w, https:\/\/www.cocondedecoration.com\/blog\/wp-content\/uploads\/2021\/05\/exemple-porte-vitree-elegante-5.jpeg 1000w\" sizes=\"(max-width: 640px) 100vw, 640px\" \/><figcaption><a href=\"https:\/\/www.pinterest.fr\/pin\/24980972924088410\/\" target=\"_blank\" rel=\"noreferrer noopener\" aria-label=\"source (s&rsquo;ouvre dans un nouvel onglet)\">source<\/a><\/figcaption><\/figure><\/div>\n\n\n\n<div class=\"wp-block-column is-layout-flow wp-block-column-is-layout-flow\">\n<a name=\"toc-6\" style=\"text-decoration: none;\"><\/a><h2 class=\"wp-block-heading\">Des vitraux pour d&eacute;corer vos portes int&eacute;rieures  <\/h2>\n\n\n\n<p>C'est l'un des mod&egrave;les que je pr&eacute;f&egrave;re dans cette s&eacute;lection de portes vitr&eacute;es. Les vitraux qui d&eacute;corent la porte vitr&eacute;e nous renvoient dans une &eacute;poque r&eacute;volue. Cela apporte ind&eacute;niablement un charme surann&eacute; aux pi&egrave;ces juxtapos&eacute;es. Ici le vitrail nous fait voyager dans les ann&eacute;es 20 \/ 30 mais ce n'est pas le seul &eacute;l&eacute;ment dans ce sens. Cet effet est aussi cr&eacute;&eacute; par les portes coulissantes qui cloisonnent les fonctions dans la pi&egrave;ces. Ce type de d&eacute;cor ne se trouve (pour le moment) pas dans les grandes surfaces de bricolage. Si vous avez vraiment de la chance, vous en trouverez peut-&ecirc;tre chez un antiquaire. En revanche, si vous ne voulez pas parier sur la chance et le temps, il faudra faire appel &agrave; un menuisier et un artisan verrier qui sait fabriquer des vitraux. Cette solution est bien entendu un investissement. Mais c'est aussi une mani&egrave;re de personnaliser int&eacute;gralement votre int&eacute;rieur. Vous pourrez choisir avec les artisans les motifs qui composeront le vitrail de la porte. <\/p>\n\n\n\n<p>Je ne parlerai pas de prix ici. C'est trop compliqu&eacute; de vous en annoncer un ici. Cela d&eacute;pend du projet, du type de vitrail que vous souhaitez, etc. En revanche, je vous m&acirc;che un peu le travail et vous trouverez ci-dessous 3 artisans fran&ccedil;ais qui travaillent le vitrail (et rien que pour les yeux, cela vaut le coup de visiter leurs sites!): <\/p>\n\n\n\n<ul><li><a rel=\"noreferrer noopener\" aria-label=\"L'Atelier de Marion (s&rsquo;ouvre dans un nouvel onglet)\" href=\"https:\/\/atelierdemarion.fr\/\" target=\"_blank\">L'Atelier de Marion<\/a> - restauration et cr&eacute;ation de vitraux &agrave; Sieurac dans le Tarn<\/li><li><a rel=\"noreferrer noopener\" aria-label=\"Carlo Roccella (s&rsquo;ouvre dans un nouvel onglet)\" href=\"https:\/\/www.carlo-roccella-vitrail.com\/\" target=\"_blank\">Carlo Roccella<\/a> -  restauration et cr&eacute;ation de vitraux, partenaire des Monuments Historiques <\/li><li><a rel=\"noreferrer noopener\" aria-label=\"Vitrerie Siebering (s&rsquo;ouvre dans un nouvel onglet)\" href=\"https:\/\/www.vitreriedart.fr\/\" target=\"_blank\">Vitrerie Siebering<\/a> - entreprise lorraine qui n'est pas exclusivement sp&eacute;cialis&eacute;e dans les vitraux mais dans la vitrerie et miroiterie d&rsquo;art et qui pourra r&eacute;pondre &agrave; votre projet d'am&eacute;nagement <\/li><\/ul><p>Si vous suivez le blog, vous connaissez mon attachement au Made in France et &agrave; la production locale. Vous vous doutez bien que je vous invite tr&egrave;s s&eacute;rieusement &agrave; faire appel &agrave; des artisans locaux pour vos projets de sur-mesure.<\/p>\n<\/div>\n<\/div>\n\n\n\n<div class=\"wp-block-columns has-2-columns is-layout-flex wp-container-core-columns-layout-6 wp-block-columns-is-layout-flex\">\n<div class=\"wp-block-column is-layout-flow wp-block-column-is-layout-flow\">\n<div style=\"height:70px\" aria-hidden=\"true\" class=\"wp-block-spacer\"><\/div>\n\n\n\n<a name=\"toc-7\" style=\"text-decoration: none;\"><\/a><h2 class=\"wp-block-heading\">Porte vitr&eacute;e &amp; bois - classique et chaleureuse <\/h2>\n\n\n\n<p>La porte vitr&eacute;e peut &ecirc;tre &eacute;l&eacute;gante et classique. Associ&eacute;e au bois, elle offre un charme chaleureux &agrave; la pi&egrave;ce. Ici, les vitres sont de petits format et la partie fixe en haut du bloc porte est un peu plus travaill&eacute;e. C'est un mod&egrave;le int&eacute;ressant quand on a une grande ouverture entre deux pi&egrave;ces, quand par exemple on peut cloisonner une arche. Ce mod&egrave;le de porte vitr&eacute;e permet de jouer sur ce que l'on voit et ce que l'on cache. <\/p>\n\n\n\n<a name=\"toc-8\" style=\"text-decoration: none;\"><\/a><h2 class=\"wp-block-heading\">Dans quelles pi&egrave;ces opter pour une porte vitr&eacute;e? <\/h2>\n\n\n\n<p>La porte vitr&eacute;e peut trouver sa place dans toutes les pi&egrave;ces de votre int&eacute;rieur. La question n'est pas tout &agrave; fait l&agrave;. La vraie question est le choix du verre qui composera votre porte. Pour les pi&egrave;ces plus intimes comme la chambre, la salle de bain ou encore les toilettes, il est pr&eacute;f&eacute;rable de choisir un verre d&eacute;poli qui pr&eacute;servera votre intimit&eacute; et votre espace. Il floutera vos espaces personnels. (Je vous passe l'analogie avec les programmes crypt&eacute;s de Canal + mais depuis que j'ai commenc&eacute; cet article, je pense &agrave; &ccedil;a!) <\/p>\n<\/div>\n\n\n\n<div class=\"wp-block-column is-layout-flow wp-block-column-is-layout-flow\">\n<figure class=\"wp-block-image\"><img loading=\"lazy\" decoding=\"async\" width=\"640\" height=\"960\" src=\"http:\/\/www.cocondedecoration.com\/blog\/wp-content\/uploads\/2021\/05\/exemple-porte-vitree-elegante-4-640x960.jpeg\" alt=\"exemple porte vitree elegante classique bois et verre petit carreaux chaleureux et sobre\" class=\"wp-image-38465\" srcset=\"https:\/\/www.cocondedecoration.com\/blog\/wp-content\/uploads\/2021\/05\/exemple-porte-vitree-elegante-4-640x960.jpeg 640w, https:\/\/www.cocondedecoration.com\/blog\/wp-content\/uploads\/2021\/05\/exemple-porte-vitree-elegante-4-260x390.jpeg 260w, https:\/\/www.cocondedecoration.com\/blog\/wp-content\/uploads\/2021\/05\/exemple-porte-vitree-elegante-4-768x1152.jpeg 768w, https:\/\/www.cocondedecoration.com\/blog\/wp-content\/uploads\/2021\/05\/exemple-porte-vitree-elegante-4-367x550.jpeg 367w, https:\/\/www.cocondedecoration.com\/blog\/wp-content\/uploads\/2021\/05\/exemple-porte-vitree-elegante-4-333x500.jpeg 333w, https:\/\/www.cocondedecoration.com\/blog\/wp-content\/uploads\/2021\/05\/exemple-porte-vitree-elegante-4.jpeg 1000w\" sizes=\"(max-width: 640px) 100vw, 640px\" \/><figcaption><a href=\"https:\/\/www.pinterest.fr\/pin\/24980972924022102\/\" target=\"_blank\" rel=\"noreferrer noopener\" aria-label=\"source (s&rsquo;ouvre dans un nouvel onglet)\">source<\/a><\/figcaption><\/figure><\/div>\n<\/div>\n\n\n\n<div class=\"wp-block-columns has-2-columns is-layout-flex wp-container-core-columns-layout-7 wp-block-columns-is-layout-flex\">\n<div class=\"wp-block-column is-layout-flow wp-block-column-is-layout-flow\">\n<figure class=\"wp-block-image\"><img loading=\"lazy\" decoding=\"async\" width=\"640\" height=\"960\" src=\"http:\/\/www.cocondedecoration.com\/blog\/wp-content\/uploads\/2021\/05\/exemple-porte-vitree-elegante-6-640x960.jpeg\" alt=\"exemple porte vitree elegante arrondie sobre et minimale b&acirc;ti noir verre opaque filigrane\" class=\"wp-image-38466\" srcset=\"https:\/\/www.cocondedecoration.com\/blog\/wp-content\/uploads\/2021\/05\/exemple-porte-vitree-elegante-6-640x960.jpeg 640w, https:\/\/www.cocondedecoration.com\/blog\/wp-content\/uploads\/2021\/05\/exemple-porte-vitree-elegante-6-260x390.jpeg 260w, https:\/\/www.cocondedecoration.com\/blog\/wp-content\/uploads\/2021\/05\/exemple-porte-vitree-elegante-6-768x1152.jpeg 768w, https:\/\/www.cocondedecoration.com\/blog\/wp-content\/uploads\/2021\/05\/exemple-porte-vitree-elegante-6-367x550.jpeg 367w, https:\/\/www.cocondedecoration.com\/blog\/wp-content\/uploads\/2021\/05\/exemple-porte-vitree-elegante-6-333x500.jpeg 333w, https:\/\/www.cocondedecoration.com\/blog\/wp-content\/uploads\/2021\/05\/exemple-porte-vitree-elegante-6.jpeg 1000w\" sizes=\"(max-width: 640px) 100vw, 640px\" \/><figcaption><a href=\"https:\/\/www.pinterest.fr\/pin\/24980972924088401\/\" target=\"_blank\" rel=\"noreferrer noopener\" aria-label=\"source (s&rsquo;ouvre dans un nouvel onglet)\">source<\/a><\/figcaption><\/figure><\/div>\n\n\n\n<div class=\"wp-block-column is-layout-flow wp-block-column-is-layout-flow\">\n<div style=\"height:50px\" aria-hidden=\"true\" class=\"wp-block-spacer\"><\/div>\n\n\n\n<a name=\"toc-9\" style=\"text-decoration: none;\"><\/a><h2 class=\"wp-block-heading\">Verre translucide ou opaque <\/h2>\n\n\n\n<p>Dernier mod&egrave;le que je souhaitais pr&eacute;senter: une porte vitr&eacute;e int&eacute;rieure avec un verre qui n'est pas transparent. Il existe de nombreux types de vitres. Le plus courant est le transparent n&eacute;anmoins parfois on ne souhaite pas voir ce qui se passe de l'autre c&ocirc;t&eacute; de la porte. On peut alors opter pour un verre translucide, d&eacute;poli, un verre stri&eacute; ou encore opaque. Ils laissent tous passer la lumi&egrave;re &agrave; des degr&eacute;s diff&eacute;rents. En revanche, ils \"brouillent\" la vue. Ce type de porte vitr&eacute;e peut &ecirc;tre un bon compromis pour une entr&eacute;e aveugle par exemple. On se pr&eacute;serve des regards indiscrets et on profite un peu de la lumi&egrave;re naturelle en provenance de la pi&egrave;ce attenante. <\/p>\n\n\n\n<a name=\"toc-10\" style=\"text-decoration: none;\"><\/a><h2 class=\"wp-block-heading\">R&eacute;cup' et porte vitr&eacute;e - c'est possible? <\/h2>\n\n\n\n<p>Je sais que parmi mes lecteurs, il y a de grand(e)s fans de r&eacute;cup'. Ici, elles \/ ils sont probablement un peu d&eacute;&ccedil;u(e)s parce que j'ai fait le choix de ne pr&eacute;senter que des portes \"neuves\". Je garde l'id&eacute;e pour un prochain article. Je tenais n&eacute;anmoins &agrave; pr&eacute;ciser qu'il est tout &agrave; fait possible de chiner une ancienne porte vitr&eacute;e - avec ou sans vitre - et de l'int&eacute;grer &agrave; votre int&eacute;rieur. Il faudra peut-&ecirc;tre monter la porte sur un rail coulissant pour que la dimension de la porte ne soit pas un probl&egrave;me. <\/p>\n<\/div>\n<\/div>\n\n\n\n<div style=\"height:20px\" aria-hidden=\"true\" class=\"wp-block-spacer\"><\/div>\n\n\n\n<div class=\"wp-block-media-text alignwide\"><figure class=\"wp-block-media-text__media\"><img loading=\"lazy\" decoding=\"async\" width=\"640\" height=\"366\" src=\"https:\/\/www.cocondedecoration.com\/blog\/wp-content\/uploads\/2023\/12\/newsletter-patreon-640x366.png\" alt=\"\" class=\"wp-image-70176\" srcset=\"https:\/\/www.cocondedecoration.com\/blog\/wp-content\/uploads\/2023\/12\/newsletter-patreon-640x366.png 640w, https:\/\/www.cocondedecoration.com\/blog\/wp-content\/uploads\/2023\/12\/newsletter-patreon-260x149.png 260w, https:\/\/www.cocondedecoration.com\/blog\/wp-content\/uploads\/2023\/12\/newsletter-patreon-768x439.png 768w, https:\/\/www.cocondedecoration.com\/blog\/wp-content\/uploads\/2023\/12\/newsletter-patreon-465x266.png 465w, https:\/\/www.cocondedecoration.com\/blog\/wp-content\/uploads\/2023\/12\/newsletter-patreon-695x397.png 695w, https:\/\/www.cocondedecoration.com\/blog\/wp-content\/uploads\/2023\/12\/newsletter-patreon.png 1050w\" sizes=\"(max-width: 640px) 100vw, 640px\" \/><\/figure><div class=\"wp-block-media-text__content\">\n<p style=\"text-align:center\"><strong>La newsletter du blog est sur Patreon<\/strong><\/p>\n\n\n\n<p>Devenez membre gratuitement de mon Patron pour lire toutes les newsletters du blog &amp; recevoir une notification quand les prochaines seront en ligne. <\/p>\n\n\n\n<div class=\"wp-block-button aligncenter\"><a class=\"wp-block-button__link\" href=\"https:\/\/www.patreon.com\/cocondedeco\">Acc&eacute;der &agrave; Patreon gratuitement<\/a><\/div>\n<\/div><\/div>\n\n\n\n<div style=\"height:30px\" aria-hidden=\"true\" class=\"wp-block-spacer\"><\/div>\n\n\n\n<a name=\"toc-11\" style=\"text-decoration: none;\"><\/a><h2 class=\"wp-block-heading\">O&ugrave; trouver des portes vitr&eacute;es modernes et &eacute;l&eacute;gantes? <\/h2>\n\n\n\n<div class=\"wp-block-columns has-4-columns is-layout-flex wp-container-core-columns-layout-8 wp-block-columns-is-layout-flex\">\n<div class=\"wp-block-column is-layout-flow wp-block-column-is-layout-flow\">\n<figure class=\"wp-block-image\"><img loading=\"lazy\" decoding=\"async\" width=\"640\" height=\"640\" src=\"https:\/\/www.cocondedecoration.com\/blog\/wp-content\/uploads\/2023\/12\/porte-vitree-moderne-leroy-merlin-1-640x640.jpeg\" alt=\"porte vitree moderne leroy merlin Porte coulissante verre Elba vitr&eacute;e, H.204 x l.73 cm\" class=\"wp-image-70708\" srcset=\"https:\/\/www.cocondedecoration.com\/blog\/wp-content\/uploads\/2023\/12\/porte-vitree-moderne-leroy-merlin-1-640x640.jpeg 640w, https:\/\/www.cocondedecoration.com\/blog\/wp-content\/uploads\/2023\/12\/porte-vitree-moderne-leroy-merlin-1-165x165.jpeg 165w, https:\/\/www.cocondedecoration.com\/blog\/wp-content\/uploads\/2023\/12\/porte-vitree-moderne-leroy-merlin-1-260x260.jpeg 260w, https:\/\/www.cocondedecoration.com\/blog\/wp-content\/uploads\/2023\/12\/porte-vitree-moderne-leroy-merlin-1-465x465.jpeg 465w, https:\/\/www.cocondedecoration.com\/blog\/wp-content\/uploads\/2023\/12\/porte-vitree-moderne-leroy-merlin-1-500x500.jpeg 500w, https:\/\/www.cocondedecoration.com\/blog\/wp-content\/uploads\/2023\/12\/porte-vitree-moderne-leroy-merlin-1.jpeg 650w\" sizes=\"(max-width: 640px) 100vw, 640px\" \/><figcaption><a href=\"https:\/\/tidd.ly\/3v608q7\" target=\"_blank\" rel=\"noreferrer noopener\" aria-label=\"Porte coulissante verre Elba vitr&eacute;e (s&rsquo;ouvre dans un nouvel onglet)\">Porte coulissante verre Elba vitr&eacute;e<\/a> - Leroy Merlin<\/figcaption><\/figure><figure class=\"wp-block-image\"><img loading=\"lazy\" decoding=\"async\" width=\"640\" height=\"640\" src=\"https:\/\/www.cocondedecoration.com\/blog\/wp-content\/uploads\/2023\/12\/porte-vitree-moderne-leroy-merlin-5-640x640.jpeg\" alt=\"porte vitree moderne leroy merlin Porte coulissante Atelier XXL aluminium noir verre transparent\" class=\"wp-image-70712\" srcset=\"https:\/\/www.cocondedecoration.com\/blog\/wp-content\/uploads\/2023\/12\/porte-vitree-moderne-leroy-merlin-5-640x640.jpeg 640w, https:\/\/www.cocondedecoration.com\/blog\/wp-content\/uploads\/2023\/12\/porte-vitree-moderne-leroy-merlin-5-165x165.jpeg 165w, https:\/\/www.cocondedecoration.com\/blog\/wp-content\/uploads\/2023\/12\/porte-vitree-moderne-leroy-merlin-5-260x260.jpeg 260w, https:\/\/www.cocondedecoration.com\/blog\/wp-content\/uploads\/2023\/12\/porte-vitree-moderne-leroy-merlin-5-465x465.jpeg 465w, https:\/\/www.cocondedecoration.com\/blog\/wp-content\/uploads\/2023\/12\/porte-vitree-moderne-leroy-merlin-5-500x500.jpeg 500w, https:\/\/www.cocondedecoration.com\/blog\/wp-content\/uploads\/2023\/12\/porte-vitree-moderne-leroy-merlin-5.jpeg 650w\" sizes=\"(max-width: 640px) 100vw, 640px\" \/><figcaption><a href=\"https:\/\/tidd.ly\/48rNvDU\" target=\"_blank\" rel=\"noreferrer noopener\" aria-label=\"Porte coulissante Atelier XXL aluminium noir verre transparent (s&rsquo;ouvre dans un nouvel onglet)\">Porte coulissante Atelier XXL aluminium noir verre transparent<\/a> - Leroy Merlin<\/figcaption><\/figure><figure class=\"wp-block-image\"><img loading=\"lazy\" decoding=\"async\" width=\"500\" height=\"500\" src=\"http:\/\/www.cocondedecoration.com\/blog\/wp-content\/uploads\/2021\/05\/ou-trouver-porte-vitree-interieure-pas-cher-1.jpeg\" alt=\"ou trouver porte vitree interieure pas cher bois 4 carreaux moderne coulissante\" class=\"wp-image-38487\" srcset=\"https:\/\/www.cocondedecoration.com\/blog\/wp-content\/uploads\/2021\/05\/ou-trouver-porte-vitree-interieure-pas-cher-1.jpeg 500w, https:\/\/www.cocondedecoration.com\/blog\/wp-content\/uploads\/2021\/05\/ou-trouver-porte-vitree-interieure-pas-cher-1-165x165.jpeg 165w, https:\/\/www.cocondedecoration.com\/blog\/wp-content\/uploads\/2021\/05\/ou-trouver-porte-vitree-interieure-pas-cher-1-260x260.jpeg 260w, https:\/\/www.cocondedecoration.com\/blog\/wp-content\/uploads\/2021\/05\/ou-trouver-porte-vitree-interieure-pas-cher-1-465x465.jpeg 465w\" sizes=\"(max-width: 500px) 100vw, 500px\" \/><figcaption><a href=\"https:\/\/tidd.ly\/3vgQtrC\" target=\"_blank\" rel=\"noreferrer noopener\" aria-label=\"Porte vitr&eacute;e coulissante (s&rsquo;ouvre dans un nouvel onglet)\">Porte vitr&eacute;e coulissante<\/a> - Castorama<\/figcaption><\/figure><figure class=\"wp-block-image\"><img loading=\"lazy\" decoding=\"async\" width=\"500\" height=\"500\" src=\"http:\/\/www.cocondedecoration.com\/blog\/wp-content\/uploads\/2021\/05\/ou-trouver-porte-vitree-interieure-pas-cher-5.jpeg\" alt=\"ou trouver porte vitree interieure pas cher classique bois petits carreaux\" class=\"wp-image-38489\" srcset=\"https:\/\/www.cocondedecoration.com\/blog\/wp-content\/uploads\/2021\/05\/ou-trouver-porte-vitree-interieure-pas-cher-5.jpeg 500w, https:\/\/www.cocondedecoration.com\/blog\/wp-content\/uploads\/2021\/05\/ou-trouver-porte-vitree-interieure-pas-cher-5-165x165.jpeg 165w, https:\/\/www.cocondedecoration.com\/blog\/wp-content\/uploads\/2021\/05\/ou-trouver-porte-vitree-interieure-pas-cher-5-260x260.jpeg 260w, https:\/\/www.cocondedecoration.com\/blog\/wp-content\/uploads\/2021\/05\/ou-trouver-porte-vitree-interieure-pas-cher-5-465x465.jpeg 465w\" sizes=\"(max-width: 500px) 100vw, 500px\" \/><figcaption><a href=\"https:\/\/tidd.ly\/2RBr39A\" target=\"_blank\" rel=\"noreferrer noopener\" aria-label=\"Porte vitr&eacute;e (s&rsquo;ouvre dans un nouvel onglet)\">Porte vitr&eacute;e<\/a> - Lapeyre<\/figcaption><\/figure><\/div>\n\n\n\n<div class=\"wp-block-column is-layout-flow wp-block-column-is-layout-flow\">\n<figure class=\"wp-block-image\"><img loading=\"lazy\" decoding=\"async\" width=\"640\" height=\"640\" src=\"https:\/\/www.cocondedecoration.com\/blog\/wp-content\/uploads\/2023\/12\/porte-vitree-moderne-leroy-merlin-2-640x640.jpeg\" alt=\"porte vitree moderne leroy merlin Bloc-porte, h&ecirc;tre Nova H.204 x l.83 cm, poussant gauche\" class=\"wp-image-70709\" srcset=\"https:\/\/www.cocondedecoration.com\/blog\/wp-content\/uploads\/2023\/12\/porte-vitree-moderne-leroy-merlin-2-640x640.jpeg 640w, https:\/\/www.cocondedecoration.com\/blog\/wp-content\/uploads\/2023\/12\/porte-vitree-moderne-leroy-merlin-2-165x165.jpeg 165w, https:\/\/www.cocondedecoration.com\/blog\/wp-content\/uploads\/2023\/12\/porte-vitree-moderne-leroy-merlin-2-260x260.jpeg 260w, https:\/\/www.cocondedecoration.com\/blog\/wp-content\/uploads\/2023\/12\/porte-vitree-moderne-leroy-merlin-2-465x465.jpeg 465w, https:\/\/www.cocondedecoration.com\/blog\/wp-content\/uploads\/2023\/12\/porte-vitree-moderne-leroy-merlin-2-500x500.jpeg 500w, https:\/\/www.cocondedecoration.com\/blog\/wp-content\/uploads\/2023\/12\/porte-vitree-moderne-leroy-merlin-2.jpeg 650w\" sizes=\"(max-width: 640px) 100vw, 640px\" \/><figcaption><a href=\"https:\/\/tidd.ly\/3TyCFb8\" target=\"_blank\" rel=\"noreferrer noopener\" aria-label=\"Bloc-porte, h&ecirc;tre H.204 x l.83 cm (s&rsquo;ouvre dans un nouvel onglet)\">Bloc-porte, h&ecirc;tre H.204 x l.83 cm<\/a> - Leroy Merlin<\/figcaption><\/figure><figure class=\"wp-block-image\"><img loading=\"lazy\" decoding=\"async\" width=\"640\" height=\"640\" src=\"https:\/\/www.cocondedecoration.com\/blog\/wp-content\/uploads\/2023\/12\/porte-vitree-moderne-leroy-merlin-6-640x640.jpeg\" alt=\"porte vitree moderne leroy merlin Bloc-porte personnalisable + kit Design, noir\" class=\"wp-image-70713\" srcset=\"https:\/\/www.cocondedecoration.com\/blog\/wp-content\/uploads\/2023\/12\/porte-vitree-moderne-leroy-merlin-6-640x640.jpeg 640w, https:\/\/www.cocondedecoration.com\/blog\/wp-content\/uploads\/2023\/12\/porte-vitree-moderne-leroy-merlin-6-165x165.jpeg 165w, https:\/\/www.cocondedecoration.com\/blog\/wp-content\/uploads\/2023\/12\/porte-vitree-moderne-leroy-merlin-6-260x260.jpeg 260w, https:\/\/www.cocondedecoration.com\/blog\/wp-content\/uploads\/2023\/12\/porte-vitree-moderne-leroy-merlin-6-465x465.jpeg 465w, https:\/\/www.cocondedecoration.com\/blog\/wp-content\/uploads\/2023\/12\/porte-vitree-moderne-leroy-merlin-6-500x500.jpeg 500w, https:\/\/www.cocondedecoration.com\/blog\/wp-content\/uploads\/2023\/12\/porte-vitree-moderne-leroy-merlin-6.jpeg 650w\" sizes=\"(max-width: 640px) 100vw, 640px\" \/><figcaption><a href=\"https:\/\/tidd.ly\/3TsDYZa\" target=\"_blank\" rel=\"noreferrer noopener\" aria-label=\"Bloc-porte personnalisable + kit Design, noir (s&rsquo;ouvre dans un nouvel onglet)\">Bloc-porte personnalisable + kit Design, noir<\/a> - Leroy Merlin<\/figcaption><\/figure><figure class=\"wp-block-image\"><img loading=\"lazy\" decoding=\"async\" width=\"500\" height=\"500\" src=\"http:\/\/www.cocondedecoration.com\/blog\/wp-content\/uploads\/2021\/05\/ou-trouver-porte-vitree-interieure-pas-cher-2.jpeg\" alt=\"ou trouver porte vitree interieure pas cher coulissante style industriel\" class=\"wp-image-38488\" srcset=\"https:\/\/www.cocondedecoration.com\/blog\/wp-content\/uploads\/2021\/05\/ou-trouver-porte-vitree-interieure-pas-cher-2.jpeg 500w, https:\/\/www.cocondedecoration.com\/blog\/wp-content\/uploads\/2021\/05\/ou-trouver-porte-vitree-interieure-pas-cher-2-165x165.jpeg 165w, https:\/\/www.cocondedecoration.com\/blog\/wp-content\/uploads\/2021\/05\/ou-trouver-porte-vitree-interieure-pas-cher-2-260x260.jpeg 260w, https:\/\/www.cocondedecoration.com\/blog\/wp-content\/uploads\/2021\/05\/ou-trouver-porte-vitree-interieure-pas-cher-2-465x465.jpeg 465w\" sizes=\"(max-width: 500px) 100vw, 500px\" \/><figcaption><a href=\"https:\/\/tidd.ly\/2Rxexbk\" target=\"_blank\" rel=\"noreferrer noopener\" aria-label=\"Porte vitr&eacute;e coulissante (s&rsquo;ouvre dans un nouvel onglet)\">Porte vitr&eacute;e coulissante<\/a> - Castorama<\/figcaption><\/figure><figure class=\"wp-block-image\"><img loading=\"lazy\" decoding=\"async\" width=\"500\" height=\"500\" src=\"http:\/\/www.cocondedecoration.com\/blog\/wp-content\/uploads\/2021\/05\/ou-trouver-porte-vitree-interieure-pas-cher-6.jpeg\" alt=\"ou trouver porte vitree interieure pas cher blanche moderne vitre opaque\" class=\"wp-image-38492\" srcset=\"https:\/\/www.cocondedecoration.com\/blog\/wp-content\/uploads\/2021\/05\/ou-trouver-porte-vitree-interieure-pas-cher-6.jpeg 500w, https:\/\/www.cocondedecoration.com\/blog\/wp-content\/uploads\/2021\/05\/ou-trouver-porte-vitree-interieure-pas-cher-6-165x165.jpeg 165w, https:\/\/www.cocondedecoration.com\/blog\/wp-content\/uploads\/2021\/05\/ou-trouver-porte-vitree-interieure-pas-cher-6-260x260.jpeg 260w, https:\/\/www.cocondedecoration.com\/blog\/wp-content\/uploads\/2021\/05\/ou-trouver-porte-vitree-interieure-pas-cher-6-465x465.jpeg 465w\" sizes=\"(max-width: 500px) 100vw, 500px\" \/><figcaption><a href=\"https:\/\/tidd.ly\/2RovS6l\" target=\"_blank\" rel=\"noreferrer noopener\" aria-label=\"Porte battante (s&rsquo;ouvre dans un nouvel onglet)\">Porte battante<\/a> - Lapeyre<\/figcaption><\/figure><\/div>\n\n\n\n<div class=\"wp-block-column is-layout-flow wp-block-column-is-layout-flow\">\n<figure class=\"wp-block-image\"><img loading=\"lazy\" decoding=\"async\" width=\"640\" height=\"640\" src=\"https:\/\/www.cocondedecoration.com\/blog\/wp-content\/uploads\/2023\/12\/porte-vitree-moderne-leroy-merlin-3-640x640.jpeg\" alt=\"porte vitree moderne leroy merlin Porte coulissante bois Nova vitr&eacute;e, H.204 x l.83 cm\" class=\"wp-image-70710\" srcset=\"https:\/\/www.cocondedecoration.com\/blog\/wp-content\/uploads\/2023\/12\/porte-vitree-moderne-leroy-merlin-3-640x640.jpeg 640w, https:\/\/www.cocondedecoration.com\/blog\/wp-content\/uploads\/2023\/12\/porte-vitree-moderne-leroy-merlin-3-165x165.jpeg 165w, https:\/\/www.cocondedecoration.com\/blog\/wp-content\/uploads\/2023\/12\/porte-vitree-moderne-leroy-merlin-3-260x260.jpeg 260w, https:\/\/www.cocondedecoration.com\/blog\/wp-content\/uploads\/2023\/12\/porte-vitree-moderne-leroy-merlin-3-465x465.jpeg 465w, https:\/\/www.cocondedecoration.com\/blog\/wp-content\/uploads\/2023\/12\/porte-vitree-moderne-leroy-merlin-3-500x500.jpeg 500w, https:\/\/www.cocondedecoration.com\/blog\/wp-content\/uploads\/2023\/12\/porte-vitree-moderne-leroy-merlin-3.jpeg 650w\" sizes=\"(max-width: 640px) 100vw, 640px\" \/><figcaption><a href=\"https:\/\/tidd.ly\/3GMNGy5\" target=\"_blank\" rel=\"noreferrer noopener\" aria-label=\"Porte coulissante bois vitr&eacute;e (s&rsquo;ouvre dans un nouvel onglet)\">Porte coulissante bois vitr&eacute;e<\/a> - Leroy Merlin<\/figcaption><\/figure><figure class=\"wp-block-image\"><img loading=\"lazy\" decoding=\"async\" width=\"640\" height=\"640\" src=\"https:\/\/www.cocondedecoration.com\/blog\/wp-content\/uploads\/2023\/12\/porte-vitree-moderne-leroy-merlin-7-640x640.jpeg\" alt=\"porte vitree moderne leroy merlin Bloc-porte personnalisable + kit Orangerie, noir\" class=\"wp-image-70714\" srcset=\"https:\/\/www.cocondedecoration.com\/blog\/wp-content\/uploads\/2023\/12\/porte-vitree-moderne-leroy-merlin-7-640x640.jpeg 640w, https:\/\/www.cocondedecoration.com\/blog\/wp-content\/uploads\/2023\/12\/porte-vitree-moderne-leroy-merlin-7-165x165.jpeg 165w, https:\/\/www.cocondedecoration.com\/blog\/wp-content\/uploads\/2023\/12\/porte-vitree-moderne-leroy-merlin-7-260x260.jpeg 260w, https:\/\/www.cocondedecoration.com\/blog\/wp-content\/uploads\/2023\/12\/porte-vitree-moderne-leroy-merlin-7-465x465.jpeg 465w, https:\/\/www.cocondedecoration.com\/blog\/wp-content\/uploads\/2023\/12\/porte-vitree-moderne-leroy-merlin-7-500x500.jpeg 500w, https:\/\/www.cocondedecoration.com\/blog\/wp-content\/uploads\/2023\/12\/porte-vitree-moderne-leroy-merlin-7.jpeg 650w\" sizes=\"(max-width: 640px) 100vw, 640px\" \/><figcaption><a href=\"https:\/\/tidd.ly\/3NBMRvA\" target=\"_blank\" rel=\"noreferrer noopener\" aria-label=\"Bloc-porte personnalisable + kit Orangerie, noir (s&rsquo;ouvre dans un nouvel onglet)\">Bloc-porte personnalisable + kit Orangerie, noir<\/a> - Leroy Merlin<\/figcaption><\/figure><figure class=\"wp-block-image\"><img loading=\"lazy\" decoding=\"async\" width=\"500\" height=\"500\" src=\"http:\/\/www.cocondedecoration.com\/blog\/wp-content\/uploads\/2021\/05\/ou-trouver-porte-vitree-interieure-pas-cher-3.jpeg\" alt=\"ou trouver porte vitree interieure pas cher battante bois vitre opaque x4\" class=\"wp-image-38490\" srcset=\"https:\/\/www.cocondedecoration.com\/blog\/wp-content\/uploads\/2021\/05\/ou-trouver-porte-vitree-interieure-pas-cher-3.jpeg 500w, https:\/\/www.cocondedecoration.com\/blog\/wp-content\/uploads\/2021\/05\/ou-trouver-porte-vitree-interieure-pas-cher-3-165x165.jpeg 165w, https:\/\/www.cocondedecoration.com\/blog\/wp-content\/uploads\/2021\/05\/ou-trouver-porte-vitree-interieure-pas-cher-3-260x260.jpeg 260w, https:\/\/www.cocondedecoration.com\/blog\/wp-content\/uploads\/2021\/05\/ou-trouver-porte-vitree-interieure-pas-cher-3-465x465.jpeg 465w\" sizes=\"(max-width: 500px) 100vw, 500px\" \/><figcaption><a href=\"https:\/\/tidd.ly\/2S8j3Nx\" target=\"_blank\" rel=\"noreferrer noopener\" aria-label=\"Porte battante vitr&eacute;e (s&rsquo;ouvre dans un nouvel onglet)\">Porte battante vitr&eacute;e<\/a> - Castorama<\/figcaption><\/figure><figure class=\"wp-block-image\"><img loading=\"lazy\" decoding=\"async\" width=\"500\" height=\"500\" src=\"http:\/\/www.cocondedecoration.com\/blog\/wp-content\/uploads\/2021\/05\/ou-trouver-porte-vitree-interieure-pas-cher-7.jpeg\" alt=\"ou trouver porte vitree interieure pas cher classique en bois peint en blanc petit carreau battante\" class=\"wp-image-38493\" srcset=\"https:\/\/www.cocondedecoration.com\/blog\/wp-content\/uploads\/2021\/05\/ou-trouver-porte-vitree-interieure-pas-cher-7.jpeg 500w, https:\/\/www.cocondedecoration.com\/blog\/wp-content\/uploads\/2021\/05\/ou-trouver-porte-vitree-interieure-pas-cher-7-165x165.jpeg 165w, https:\/\/www.cocondedecoration.com\/blog\/wp-content\/uploads\/2021\/05\/ou-trouver-porte-vitree-interieure-pas-cher-7-260x260.jpeg 260w, https:\/\/www.cocondedecoration.com\/blog\/wp-content\/uploads\/2021\/05\/ou-trouver-porte-vitree-interieure-pas-cher-7-465x465.jpeg 465w\" sizes=\"(max-width: 500px) 100vw, 500px\" \/><figcaption><a href=\"https:\/\/tidd.ly\/3f06KLY\" target=\"_blank\" rel=\"noreferrer noopener\" aria-label=\"Porte battante vitr&eacute;e (s&rsquo;ouvre dans un nouvel onglet)\">Porte battante vitr&eacute;e<\/a> - Lapeyre<\/figcaption><\/figure><\/div>\n\n\n\n<div class=\"wp-block-column is-layout-flow wp-block-column-is-layout-flow\">\n<figure class=\"wp-block-image\"><img loading=\"lazy\" decoding=\"async\" width=\"640\" height=\"640\" src=\"https:\/\/www.cocondedecoration.com\/blog\/wp-content\/uploads\/2023\/12\/porte-vitree-moderne-leroy-merlin-4-640x640.jpeg\" alt=\"porte vitree moderne leroy merlin Bloc-porte vitr&eacute; Atelier noir H.204 x l.83 cm, poussant droit\" class=\"wp-image-70711\" srcset=\"https:\/\/www.cocondedecoration.com\/blog\/wp-content\/uploads\/2023\/12\/porte-vitree-moderne-leroy-merlin-4-640x640.jpeg 640w, https:\/\/www.cocondedecoration.com\/blog\/wp-content\/uploads\/2023\/12\/porte-vitree-moderne-leroy-merlin-4-165x165.jpeg 165w, https:\/\/www.cocondedecoration.com\/blog\/wp-content\/uploads\/2023\/12\/porte-vitree-moderne-leroy-merlin-4-260x260.jpeg 260w, https:\/\/www.cocondedecoration.com\/blog\/wp-content\/uploads\/2023\/12\/porte-vitree-moderne-leroy-merlin-4-465x465.jpeg 465w, https:\/\/www.cocondedecoration.com\/blog\/wp-content\/uploads\/2023\/12\/porte-vitree-moderne-leroy-merlin-4-500x500.jpeg 500w, https:\/\/www.cocondedecoration.com\/blog\/wp-content\/uploads\/2023\/12\/porte-vitree-moderne-leroy-merlin-4.jpeg 650w\" sizes=\"(max-width: 640px) 100vw, 640px\" \/><figcaption><a href=\"https:\/\/tidd.ly\/485GB7B\" target=\"_blank\" rel=\"noreferrer noopener\" aria-label=\"Bloc-porte vitr&eacute; Atelier noir  (s&rsquo;ouvre dans un nouvel onglet)\">Bloc-porte vitr&eacute; Atelier noir <\/a>- Leroy Merlin <\/figcaption><\/figure><figure class=\"wp-block-image\"><img loading=\"lazy\" decoding=\"async\" width=\"640\" height=\"640\" src=\"https:\/\/www.cocondedecoration.com\/blog\/wp-content\/uploads\/2023\/12\/porte-vitree-moderne-leroy-merlin-8-640x640.jpeg\" alt=\"porte vitree moderne leroy merlin Bloc-porte personnalisable + kit Atelier, noir\" class=\"wp-image-70715\" srcset=\"https:\/\/www.cocondedecoration.com\/blog\/wp-content\/uploads\/2023\/12\/porte-vitree-moderne-leroy-merlin-8-640x640.jpeg 640w, https:\/\/www.cocondedecoration.com\/blog\/wp-content\/uploads\/2023\/12\/porte-vitree-moderne-leroy-merlin-8-165x165.jpeg 165w, https:\/\/www.cocondedecoration.com\/blog\/wp-content\/uploads\/2023\/12\/porte-vitree-moderne-leroy-merlin-8-260x260.jpeg 260w, https:\/\/www.cocondedecoration.com\/blog\/wp-content\/uploads\/2023\/12\/porte-vitree-moderne-leroy-merlin-8-465x465.jpeg 465w, https:\/\/www.cocondedecoration.com\/blog\/wp-content\/uploads\/2023\/12\/porte-vitree-moderne-leroy-merlin-8-500x500.jpeg 500w, https:\/\/www.cocondedecoration.com\/blog\/wp-content\/uploads\/2023\/12\/porte-vitree-moderne-leroy-merlin-8.jpeg 650w\" sizes=\"(max-width: 640px) 100vw, 640px\" \/><figcaption><a href=\"https:\/\/tidd.ly\/3tzJChr\" target=\"_blank\" rel=\"noreferrer noopener\" aria-label=\"Bloc-porte personnalisable + kit Atelier, noir (s&rsquo;ouvre dans un nouvel onglet)\">Bloc-porte personnalisable + kit Atelier, noir<\/a> - Leroy Merlin<\/figcaption><\/figure><figure class=\"wp-block-image\"><img loading=\"lazy\" decoding=\"async\" width=\"500\" height=\"500\" src=\"http:\/\/www.cocondedecoration.com\/blog\/wp-content\/uploads\/2021\/05\/ou-trouver-porte-vitree-interieure-pas-cher-4.jpeg\" alt=\"ou trouver porte vitree interieure pas cher simple moderne bois et verre\" class=\"wp-image-38491\" srcset=\"https:\/\/www.cocondedecoration.com\/blog\/wp-content\/uploads\/2021\/05\/ou-trouver-porte-vitree-interieure-pas-cher-4.jpeg 500w, https:\/\/www.cocondedecoration.com\/blog\/wp-content\/uploads\/2021\/05\/ou-trouver-porte-vitree-interieure-pas-cher-4-165x165.jpeg 165w, https:\/\/www.cocondedecoration.com\/blog\/wp-content\/uploads\/2021\/05\/ou-trouver-porte-vitree-interieure-pas-cher-4-260x260.jpeg 260w, https:\/\/www.cocondedecoration.com\/blog\/wp-content\/uploads\/2021\/05\/ou-trouver-porte-vitree-interieure-pas-cher-4-465x465.jpeg 465w\" sizes=\"(max-width: 500px) 100vw, 500px\" \/><figcaption><a href=\"https:\/\/tidd.ly\/3uYRbd7\" target=\"_blank\" rel=\"noreferrer noopener\" aria-label=\"Porte vitr&eacute;e int&eacute;rieure (s&rsquo;ouvre dans un nouvel onglet)\">Porte vitr&eacute;e int&eacute;rieure<\/a> - Castorama<\/figcaption><\/figure><figure class=\"wp-block-image\"><img loading=\"lazy\" decoding=\"async\" width=\"500\" height=\"500\" src=\"http:\/\/www.cocondedecoration.com\/blog\/wp-content\/uploads\/2021\/05\/ou-trouver-porte-vitree-interieure-pas-cher-8.jpeg\" alt=\"ou trouver porte vitree interieure pas cher porte style atelier industriel m&eacute;tal et verre\" class=\"wp-image-38494\" srcset=\"https:\/\/www.cocondedecoration.com\/blog\/wp-content\/uploads\/2021\/05\/ou-trouver-porte-vitree-interieure-pas-cher-8.jpeg 500w, https:\/\/www.cocondedecoration.com\/blog\/wp-content\/uploads\/2021\/05\/ou-trouver-porte-vitree-interieure-pas-cher-8-165x165.jpeg 165w, https:\/\/www.cocondedecoration.com\/blog\/wp-content\/uploads\/2021\/05\/ou-trouver-porte-vitree-interieure-pas-cher-8-260x260.jpeg 260w, https:\/\/www.cocondedecoration.com\/blog\/wp-content\/uploads\/2021\/05\/ou-trouver-porte-vitree-interieure-pas-cher-8-465x465.jpeg 465w\" sizes=\"(max-width: 500px) 100vw, 500px\" \/><figcaption><a href=\"https:\/\/tidd.ly\/3wqx2x3\" target=\"_blank\" rel=\"noreferrer noopener\" aria-label=\"Porte vitr&eacute;e (s&rsquo;ouvre dans un nouvel onglet)\">Porte vitr&eacute;e<\/a> - Lapeyre<\/figcaption><\/figure><\/div>\n<\/div>\n\n\n\n<a name=\"toc-12\" style=\"text-decoration: none;\"><\/a><h2 class=\"wp-block-heading\">Inspiration d&eacute;co - Portes vitr&eacute;es int&eacute;rieures<\/h2>\n\n\n\n<ul class=\"wp-block-gallery columns-3 is-cropped wp-block-gallery-1 is-layout-flex wp-block-gallery-is-layout-flex\"><li class=\"blocks-gallery-item\"><figure><img loading=\"lazy\" decoding=\"async\" width=\"640\" height=\"960\" src=\"http:\/\/www.cocondedecoration.com\/blog\/wp-content\/uploads\/2021\/05\/porte-vitree-interieure-moderne-exemple-1-640x960.jpeg\" alt=\"porte vitree interieure moderne exemple petits carreaux transparent montant noir en m&eacute;tal coulissant mur\" data-id=\"38474\" data-link=\"http:\/\/www.cocondedecoration.com\/blog\/?attachment_id=38474\" class=\"wp-image-38474\" srcset=\"https:\/\/www.cocondedecoration.com\/blog\/wp-content\/uploads\/2021\/05\/porte-vitree-interieure-moderne-exemple-1-640x960.jpeg 640w, https:\/\/www.cocondedecoration.com\/blog\/wp-content\/uploads\/2021\/05\/porte-vitree-interieure-moderne-exemple-1-260x390.jpeg 260w, https:\/\/www.cocondedecoration.com\/blog\/wp-content\/uploads\/2021\/05\/porte-vitree-interieure-moderne-exemple-1-768x1152.jpeg 768w, https:\/\/www.cocondedecoration.com\/blog\/wp-content\/uploads\/2021\/05\/porte-vitree-interieure-moderne-exemple-1-367x550.jpeg 367w, https:\/\/www.cocondedecoration.com\/blog\/wp-content\/uploads\/2021\/05\/porte-vitree-interieure-moderne-exemple-1-333x500.jpeg 333w, https:\/\/www.cocondedecoration.com\/blog\/wp-content\/uploads\/2021\/05\/porte-vitree-interieure-moderne-exemple-1.jpeg 1000w\" sizes=\"(max-width: 640px) 100vw, 640px\" \/><\/figure><\/li><li class=\"blocks-gallery-item\"><figure><img loading=\"lazy\" decoding=\"async\" width=\"640\" height=\"960\" src=\"http:\/\/www.cocondedecoration.com\/blog\/wp-content\/uploads\/2021\/05\/porte-vitree-interieure-moderne-exemple-2-640x960.jpeg\" alt=\"porte vitree interieure moderne exemple grand format coulissant cuisine &eacute;l&eacute;gant contemporain chic\" data-id=\"38475\" data-link=\"http:\/\/www.cocondedecoration.com\/blog\/?attachment_id=38475\" class=\"wp-image-38475\" srcset=\"https:\/\/www.cocondedecoration.com\/blog\/wp-content\/uploads\/2021\/05\/porte-vitree-interieure-moderne-exemple-2-640x960.jpeg 640w, https:\/\/www.cocondedecoration.com\/blog\/wp-content\/uploads\/2021\/05\/porte-vitree-interieure-moderne-exemple-2-260x390.jpeg 260w, https:\/\/www.cocondedecoration.com\/blog\/wp-content\/uploads\/2021\/05\/porte-vitree-interieure-moderne-exemple-2-768x1152.jpeg 768w, https:\/\/www.cocondedecoration.com\/blog\/wp-content\/uploads\/2021\/05\/porte-vitree-interieure-moderne-exemple-2-367x550.jpeg 367w, https:\/\/www.cocondedecoration.com\/blog\/wp-content\/uploads\/2021\/05\/porte-vitree-interieure-moderne-exemple-2-333x500.jpeg 333w, https:\/\/www.cocondedecoration.com\/blog\/wp-content\/uploads\/2021\/05\/porte-vitree-interieure-moderne-exemple-2.jpeg 1000w\" sizes=\"(max-width: 640px) 100vw, 640px\" \/><\/figure><\/li><li class=\"blocks-gallery-item\"><figure><img loading=\"lazy\" decoding=\"async\" width=\"640\" height=\"960\" src=\"http:\/\/www.cocondedecoration.com\/blog\/wp-content\/uploads\/2021\/05\/porte-vitree-interieure-moderne-exemple-3-640x960.jpeg\" alt=\"porte vitree interieure moderne exemple bois couloir arrondi r&eacute;tro classique chic\" data-id=\"38476\" data-link=\"http:\/\/www.cocondedecoration.com\/blog\/?attachment_id=38476\" class=\"wp-image-38476\" srcset=\"https:\/\/www.cocondedecoration.com\/blog\/wp-content\/uploads\/2021\/05\/porte-vitree-interieure-moderne-exemple-3-640x960.jpeg 640w, https:\/\/www.cocondedecoration.com\/blog\/wp-content\/uploads\/2021\/05\/porte-vitree-interieure-moderne-exemple-3-260x390.jpeg 260w, https:\/\/www.cocondedecoration.com\/blog\/wp-content\/uploads\/2021\/05\/porte-vitree-interieure-moderne-exemple-3-768x1152.jpeg 768w, https:\/\/www.cocondedecoration.com\/blog\/wp-content\/uploads\/2021\/05\/porte-vitree-interieure-moderne-exemple-3-367x550.jpeg 367w, https:\/\/www.cocondedecoration.com\/blog\/wp-content\/uploads\/2021\/05\/porte-vitree-interieure-moderne-exemple-3-333x500.jpeg 333w, https:\/\/www.cocondedecoration.com\/blog\/wp-content\/uploads\/2021\/05\/porte-vitree-interieure-moderne-exemple-3.jpeg 1000w\" sizes=\"(max-width: 640px) 100vw, 640px\" \/><\/figure><\/li><li class=\"blocks-gallery-item\"><figure><img loading=\"lazy\" decoding=\"async\" width=\"640\" height=\"960\" src=\"http:\/\/www.cocondedecoration.com\/blog\/wp-content\/uploads\/2021\/05\/porte-vitree-interieure-moderne-exemple-4-640x960.jpeg\" alt=\"porte vitree interieure moderne exemple montant blanc &eacute;cru vitre flout&eacute;e &eacute;l&eacute;gance\" data-id=\"38477\" data-link=\"http:\/\/www.cocondedecoration.com\/blog\/?attachment_id=38477\" class=\"wp-image-38477\" srcset=\"https:\/\/www.cocondedecoration.com\/blog\/wp-content\/uploads\/2021\/05\/porte-vitree-interieure-moderne-exemple-4-640x960.jpeg 640w, https:\/\/www.cocondedecoration.com\/blog\/wp-content\/uploads\/2021\/05\/porte-vitree-interieure-moderne-exemple-4-260x390.jpeg 260w, https:\/\/www.cocondedecoration.com\/blog\/wp-content\/uploads\/2021\/05\/porte-vitree-interieure-moderne-exemple-4-768x1152.jpeg 768w, https:\/\/www.cocondedecoration.com\/blog\/wp-content\/uploads\/2021\/05\/porte-vitree-interieure-moderne-exemple-4-367x550.jpeg 367w, https:\/\/www.cocondedecoration.com\/blog\/wp-content\/uploads\/2021\/05\/porte-vitree-interieure-moderne-exemple-4-333x500.jpeg 333w, https:\/\/www.cocondedecoration.com\/blog\/wp-content\/uploads\/2021\/05\/porte-vitree-interieure-moderne-exemple-4.jpeg 1000w\" sizes=\"(max-width: 640px) 100vw, 640px\" \/><\/figure><\/li><li class=\"blocks-gallery-item\"><figure><img loading=\"lazy\" decoding=\"async\" width=\"640\" height=\"960\" src=\"http:\/\/www.cocondedecoration.com\/blog\/wp-content\/uploads\/2021\/05\/porte-vitree-interieure-moderne-exemple-5-640x960.jpeg\" alt=\"porte vitree interieure moderne exemple bois verre simplicit&eacute; minimaliste d&eacute;tail arrondi\" data-id=\"38478\" data-link=\"http:\/\/www.cocondedecoration.com\/blog\/?attachment_id=38478\" class=\"wp-image-38478\" srcset=\"https:\/\/www.cocondedecoration.com\/blog\/wp-content\/uploads\/2021\/05\/porte-vitree-interieure-moderne-exemple-5-640x960.jpeg 640w, https:\/\/www.cocondedecoration.com\/blog\/wp-content\/uploads\/2021\/05\/porte-vitree-interieure-moderne-exemple-5-260x390.jpeg 260w, https:\/\/www.cocondedecoration.com\/blog\/wp-content\/uploads\/2021\/05\/porte-vitree-interieure-moderne-exemple-5-768x1152.jpeg 768w, https:\/\/www.cocondedecoration.com\/blog\/wp-content\/uploads\/2021\/05\/porte-vitree-interieure-moderne-exemple-5-367x550.jpeg 367w, https:\/\/www.cocondedecoration.com\/blog\/wp-content\/uploads\/2021\/05\/porte-vitree-interieure-moderne-exemple-5-333x500.jpeg 333w, https:\/\/www.cocondedecoration.com\/blog\/wp-content\/uploads\/2021\/05\/porte-vitree-interieure-moderne-exemple-5.jpeg 1000w\" sizes=\"(max-width: 640px) 100vw, 640px\" \/><\/figure><\/li><li class=\"blocks-gallery-item\"><figure><img loading=\"lazy\" decoding=\"async\" width=\"640\" height=\"960\" src=\"http:\/\/www.cocondedecoration.com\/blog\/wp-content\/uploads\/2021\/05\/porte-vitree-interieure-moderne-exemple-6-640x960.jpeg\" alt=\"porte vitree interieure moderne exemple d&eacute;cor industriel cuisine s&eacute;jour s&eacute;paration verri&egrave;re\" data-id=\"38479\" data-link=\"http:\/\/www.cocondedecoration.com\/blog\/?attachment_id=38479\" class=\"wp-image-38479\" srcset=\"https:\/\/www.cocondedecoration.com\/blog\/wp-content\/uploads\/2021\/05\/porte-vitree-interieure-moderne-exemple-6-640x960.jpeg 640w, https:\/\/www.cocondedecoration.com\/blog\/wp-content\/uploads\/2021\/05\/porte-vitree-interieure-moderne-exemple-6-260x390.jpeg 260w, https:\/\/www.cocondedecoration.com\/blog\/wp-content\/uploads\/2021\/05\/porte-vitree-interieure-moderne-exemple-6-768x1152.jpeg 768w, https:\/\/www.cocondedecoration.com\/blog\/wp-content\/uploads\/2021\/05\/porte-vitree-interieure-moderne-exemple-6-367x550.jpeg 367w, https:\/\/www.cocondedecoration.com\/blog\/wp-content\/uploads\/2021\/05\/porte-vitree-interieure-moderne-exemple-6-333x500.jpeg 333w, https:\/\/www.cocondedecoration.com\/blog\/wp-content\/uploads\/2021\/05\/porte-vitree-interieure-moderne-exemple-6.jpeg 1000w\" sizes=\"(max-width: 640px) 100vw, 640px\" \/><\/figure><\/li><li class=\"blocks-gallery-item\"><figure><img loading=\"lazy\" decoding=\"async\" width=\"640\" height=\"960\" src=\"http:\/\/www.cocondedecoration.com\/blog\/wp-content\/uploads\/2021\/05\/porte-vitree-interieure-moderne-exemple-7-640x960.jpeg\" alt=\"porte vitree interieure moderne exemple bois vitre stri&eacute;e et fum&eacute;e\" data-id=\"38480\" data-link=\"http:\/\/www.cocondedecoration.com\/blog\/?attachment_id=38480\" class=\"wp-image-38480\" srcset=\"https:\/\/www.cocondedecoration.com\/blog\/wp-content\/uploads\/2021\/05\/porte-vitree-interieure-moderne-exemple-7-640x960.jpeg 640w, https:\/\/www.cocondedecoration.com\/blog\/wp-content\/uploads\/2021\/05\/porte-vitree-interieure-moderne-exemple-7-260x390.jpeg 260w, https:\/\/www.cocondedecoration.com\/blog\/wp-content\/uploads\/2021\/05\/porte-vitree-interieure-moderne-exemple-7-768x1152.jpeg 768w, https:\/\/www.cocondedecoration.com\/blog\/wp-content\/uploads\/2021\/05\/porte-vitree-interieure-moderne-exemple-7-367x550.jpeg 367w, https:\/\/www.cocondedecoration.com\/blog\/wp-content\/uploads\/2021\/05\/porte-vitree-interieure-moderne-exemple-7-333x500.jpeg 333w, https:\/\/www.cocondedecoration.com\/blog\/wp-content\/uploads\/2021\/05\/porte-vitree-interieure-moderne-exemple-7.jpeg 1000w\" sizes=\"(max-width: 640px) 100vw, 640px\" \/><\/figure><\/li><li class=\"blocks-gallery-item\"><figure><img loading=\"lazy\" decoding=\"async\" width=\"640\" height=\"960\" src=\"http:\/\/www.cocondedecoration.com\/blog\/wp-content\/uploads\/2021\/05\/porte-vitree-interieure-moderne-exemple-8-640x960.jpeg\" alt=\"porte vitree interieure moderne exemple style verri&egrave;re &eacute;l&eacute;gante montant arrondi style cath&eacute;drale\" data-id=\"38481\" data-link=\"http:\/\/www.cocondedecoration.com\/blog\/?attachment_id=38481\" class=\"wp-image-38481\" srcset=\"https:\/\/www.cocondedecoration.com\/blog\/wp-content\/uploads\/2021\/05\/porte-vitree-interieure-moderne-exemple-8-640x960.jpeg 640w, https:\/\/www.cocondedecoration.com\/blog\/wp-content\/uploads\/2021\/05\/porte-vitree-interieure-moderne-exemple-8-260x390.jpeg 260w, https:\/\/www.cocondedecoration.com\/blog\/wp-content\/uploads\/2021\/05\/porte-vitree-interieure-moderne-exemple-8-768x1152.jpeg 768w, https:\/\/www.cocondedecoration.com\/blog\/wp-content\/uploads\/2021\/05\/porte-vitree-interieure-moderne-exemple-8-367x550.jpeg 367w, https:\/\/www.cocondedecoration.com\/blog\/wp-content\/uploads\/2021\/05\/porte-vitree-interieure-moderne-exemple-8-333x500.jpeg 333w, https:\/\/www.cocondedecoration.com\/blog\/wp-content\/uploads\/2021\/05\/porte-vitree-interieure-moderne-exemple-8.jpeg 1000w\" sizes=\"(max-width: 640px) 100vw, 640px\" \/><\/figure><\/li><li class=\"blocks-gallery-item\"><figure><img loading=\"lazy\" decoding=\"async\" width=\"640\" height=\"960\" src=\"http:\/\/www.cocondedecoration.com\/blog\/wp-content\/uploads\/2021\/05\/porte-vitree-interieure-moderne-exemple-9-640x960.jpeg\" alt=\"porte vitree interieure moderne exemple vitre opaque floue montant et bati noir et poign&eacute;e de porte laiton porte double\" data-id=\"38482\" data-link=\"http:\/\/www.cocondedecoration.com\/blog\/?attachment_id=38482\" class=\"wp-image-38482\" srcset=\"https:\/\/www.cocondedecoration.com\/blog\/wp-content\/uploads\/2021\/05\/porte-vitree-interieure-moderne-exemple-9-640x960.jpeg 640w, https:\/\/www.cocondedecoration.com\/blog\/wp-content\/uploads\/2021\/05\/porte-vitree-interieure-moderne-exemple-9-260x390.jpeg 260w, https:\/\/www.cocondedecoration.com\/blog\/wp-content\/uploads\/2021\/05\/porte-vitree-interieure-moderne-exemple-9-768x1152.jpeg 768w, https:\/\/www.cocondedecoration.com\/blog\/wp-content\/uploads\/2021\/05\/porte-vitree-interieure-moderne-exemple-9-367x550.jpeg 367w, https:\/\/www.cocondedecoration.com\/blog\/wp-content\/uploads\/2021\/05\/porte-vitree-interieure-moderne-exemple-9-333x500.jpeg 333w, https:\/\/www.cocondedecoration.com\/blog\/wp-content\/uploads\/2021\/05\/porte-vitree-interieure-moderne-exemple-9.jpeg 1000w\" sizes=\"(max-width: 640px) 100vw, 640px\" \/><\/figure><\/li><li class=\"blocks-gallery-item\"><figure><img loading=\"lazy\" decoding=\"async\" width=\"640\" height=\"960\" src=\"http:\/\/www.cocondedecoration.com\/blog\/wp-content\/uploads\/2021\/05\/porte-vitree-interieure-moderne-exemple-10-640x960.jpeg\" alt=\"porte vitree interieure moderne exemple bois verre couloir intimit&eacute; simplicit&eacute;\" data-id=\"38483\" data-link=\"http:\/\/www.cocondedecoration.com\/blog\/?attachment_id=38483\" class=\"wp-image-38483\" srcset=\"https:\/\/www.cocondedecoration.com\/blog\/wp-content\/uploads\/2021\/05\/porte-vitree-interieure-moderne-exemple-10-640x960.jpeg 640w, https:\/\/www.cocondedecoration.com\/blog\/wp-content\/uploads\/2021\/05\/porte-vitree-interieure-moderne-exemple-10-260x390.jpeg 260w, https:\/\/www.cocondedecoration.com\/blog\/wp-content\/uploads\/2021\/05\/porte-vitree-interieure-moderne-exemple-10-768x1152.jpeg 768w, https:\/\/www.cocondedecoration.com\/blog\/wp-content\/uploads\/2021\/05\/porte-vitree-interieure-moderne-exemple-10-367x550.jpeg 367w, https:\/\/www.cocondedecoration.com\/blog\/wp-content\/uploads\/2021\/05\/porte-vitree-interieure-moderne-exemple-10-333x500.jpeg 333w, https:\/\/www.cocondedecoration.com\/blog\/wp-content\/uploads\/2021\/05\/porte-vitree-interieure-moderne-exemple-10.jpeg 1000w\" sizes=\"(max-width: 640px) 100vw, 640px\" \/><\/figure><\/li><li class=\"blocks-gallery-item\"><figure><img loading=\"lazy\" decoding=\"async\" width=\"640\" height=\"960\" src=\"http:\/\/www.cocondedecoration.com\/blog\/wp-content\/uploads\/2021\/05\/porte-vitree-interieure-moderne-exemple-11-640x960.jpeg\" alt=\"porte vitree interieure moderne exemple d&eacute;cor style art d&eacute;co art nouveau vintage &eacute;l&eacute;gant raffin&eacute;\" data-id=\"38484\" data-link=\"http:\/\/www.cocondedecoration.com\/blog\/?attachment_id=38484\" class=\"wp-image-38484\" srcset=\"https:\/\/www.cocondedecoration.com\/blog\/wp-content\/uploads\/2021\/05\/porte-vitree-interieure-moderne-exemple-11-640x960.jpeg 640w, https:\/\/www.cocondedecoration.com\/blog\/wp-content\/uploads\/2021\/05\/porte-vitree-interieure-moderne-exemple-11-260x390.jpeg 260w, https:\/\/www.cocondedecoration.com\/blog\/wp-content\/uploads\/2021\/05\/porte-vitree-interieure-moderne-exemple-11-768x1152.jpeg 768w, https:\/\/www.cocondedecoration.com\/blog\/wp-content\/uploads\/2021\/05\/porte-vitree-interieure-moderne-exemple-11-367x550.jpeg 367w, https:\/\/www.cocondedecoration.com\/blog\/wp-content\/uploads\/2021\/05\/porte-vitree-interieure-moderne-exemple-11-333x500.jpeg 333w, https:\/\/www.cocondedecoration.com\/blog\/wp-content\/uploads\/2021\/05\/porte-vitree-interieure-moderne-exemple-11.jpeg 1000w\" sizes=\"(max-width: 640px) 100vw, 640px\" \/><\/figure><\/li><li class=\"blocks-gallery-item\"><figure><img loading=\"lazy\" decoding=\"async\" width=\"640\" height=\"960\" src=\"http:\/\/www.cocondedecoration.com\/blog\/wp-content\/uploads\/2021\/05\/porte-vitree-interieure-moderne-exemple-12-640x960.jpeg\" alt=\"porte vitree interieure moderne exemple d&eacute;co vintage art d&eacute;co simple bois verre\" data-id=\"38485\" data-link=\"http:\/\/www.cocondedecoration.com\/blog\/?attachment_id=38485\" class=\"wp-image-38485\" srcset=\"https:\/\/www.cocondedecoration.com\/blog\/wp-content\/uploads\/2021\/05\/porte-vitree-interieure-moderne-exemple-12-640x960.jpeg 640w, https:\/\/www.cocondedecoration.com\/blog\/wp-content\/uploads\/2021\/05\/porte-vitree-interieure-moderne-exemple-12-260x390.jpeg 260w, https:\/\/www.cocondedecoration.com\/blog\/wp-content\/uploads\/2021\/05\/porte-vitree-interieure-moderne-exemple-12-768x1152.jpeg 768w, https:\/\/www.cocondedecoration.com\/blog\/wp-content\/uploads\/2021\/05\/porte-vitree-interieure-moderne-exemple-12-367x550.jpeg 367w, https:\/\/www.cocondedecoration.com\/blog\/wp-content\/uploads\/2021\/05\/porte-vitree-interieure-moderne-exemple-12-333x500.jpeg 333w, https:\/\/www.cocondedecoration.com\/blog\/wp-content\/uploads\/2021\/05\/porte-vitree-interieure-moderne-exemple-12.jpeg 1000w\" sizes=\"(max-width: 640px) 100vw, 640px\" \/><\/figure><\/li><\/ul><p style=\"text-align:center\" class=\"has-small-font-size\"><a rel=\"noreferrer noopener\" aria-label=\"1 (s&rsquo;ouvre dans un nouvel onglet)\" href=\"https:\/\/www.pinterest.fr\/pin\/24980972924088398\/\" target=\"_blank\">1<\/a> \/ <a rel=\"noreferrer noopener\" aria-label=\"2 (s&rsquo;ouvre dans un nouvel onglet)\" href=\"https:\/\/www.pinterest.fr\/pin\/24980972924022691\/\" target=\"_blank\">2<\/a> \/ <a rel=\"noreferrer noopener\" aria-label=\"3 (s&rsquo;ouvre dans un nouvel onglet)\" href=\"https:\/\/www.pinterest.fr\/pin\/24980972923901759\/\" target=\"_blank\">3<\/a> \/ <a rel=\"noreferrer noopener\" aria-label=\"4 (s&rsquo;ouvre dans un nouvel onglet)\" href=\"https:\/\/www.pinterest.fr\/pin\/24980972923897562\/\" target=\"_blank\">4<\/a> \/ <a rel=\"noreferrer noopener\" aria-label=\"5 (s&rsquo;ouvre dans un nouvel onglet)\" href=\"https:\/\/www.pinterest.fr\/pin\/24980972923897563\/\" target=\"_blank\">5<\/a> \/ <a rel=\"noreferrer noopener\" aria-label=\"6 (s&rsquo;ouvre dans un nouvel onglet)\" href=\"https:\/\/www.pinterest.fr\/pin\/24980972924022720\/\" target=\"_blank\">6<\/a> \/ <a rel=\"noreferrer noopener\" aria-label=\"7 (s&rsquo;ouvre dans un nouvel onglet)\" href=\"https:\/\/www.pinterest.fr\/pin\/24980972924030890\/\" target=\"_blank\">7<\/a> \/ <a rel=\"noreferrer noopener\" aria-label=\"8 (s&rsquo;ouvre dans un nouvel onglet)\" href=\"https:\/\/www.pinterest.fr\/pin\/24980972924035112\/\" target=\"_blank\">8<\/a> \/ <a rel=\"noreferrer noopener\" aria-label=\"9 (s&rsquo;ouvre dans un nouvel onglet)\" href=\"https:\/\/www.pinterest.fr\/pin\/24980972924088396\/\" target=\"_blank\">9<\/a> \/ <a rel=\"noreferrer noopener\" aria-label=\"10 (s&rsquo;ouvre dans un nouvel onglet)\" href=\"https:\/\/www.pinterest.fr\/pin\/24980972924088399\/\" target=\"_blank\">10<\/a> \/ <a rel=\"noreferrer noopener\" aria-label=\"11 (s&rsquo;ouvre dans un nouvel onglet)\" href=\"https:\/\/www.pinterest.fr\/pin\/24980972924088407\/\" target=\"_blank\">11<\/a> \/ <a rel=\"noreferrer noopener\" aria-label=\"12 (s&rsquo;ouvre dans un nouvel onglet)\" href=\"https:\/\/www.pinterest.fr\/pin\/24980972924088420\/\" target=\"_blank\">12<\/a><\/p>\n\n\n\n<hr class=\"wp-block-separator\"><p class=\"has-text-align-center has-medium-font-size\">Ne perdons pas contact \ud83d\ude42 Rejoignez moi sur <a href=\"https:\/\/www.pinterest.fr\/cocondedeco\/\" target=\"_blank\" rel=\"noopener\" title=\"\">Pinterest<\/a> |&nbsp;<a href=\"https:\/\/www.threads.net\/@cocondedeco\" target=\"_blank\" rel=\"noopener\" title=\"\">Threads<\/a> | <a href=\"https:\/\/www.patreon.com\/collection\/162946?view=expanded\" target=\"_blank\" rel=\"noopener\" title=\"\">la Newsletter<\/a> <br>Vous aimez lire le blog? Vous souhaitez continuer &agrave; le lire? <a href=\"https:\/\/www.patreon.com\/cocondedeco\" target=\"_blank\" rel=\"noopener\" title=\"\">Devenez m&eacute;c&egrave;ne<\/a> sur Patreon et contribuez &agrave; sa survie. <\/p>\n\n\n\n<hr class=\"wp-block-separator\"><div class=\"wp-block-columns has-2-columns is-layout-flex wp-container-core-columns-layout-9 wp-block-columns-is-layout-flex\">\n<div class=\"wp-block-column is-layout-flow wp-block-column-is-layout-flow\">\n<p style=\"text-align:center\" class=\"has-medium-font-size\">A lire &eacute;galement <\/p>\n\n\n\n<ul><li><a href=\"http:\/\/eepurl.com\/dnxxhP\" target=\"_blank\" rel=\"noreferrer noopener\" aria-label=\"[Newsletter] Inscrivez-vous ici pour recevoir gratuitement la newsletter du blog  (s&rsquo;ouvre dans un nouvel onglet)\">[Newsletter] Inscrivez-vous ici pour recevoir gratuitement la newsletter du blog <\/a><\/li><li><a rel=\"noreferrer noopener\" aria-label=\"[Id&eacute;e d&eacute;co] Une verri&egrave;re moderne dans la cuisine (s&rsquo;ouvre dans un nouvel onglet)\" href=\"http:\/\/www.cocondedecoration.com\/blog\/2021\/05\/verriere-moderne-cuisine\/\" target=\"_blank\">[Id&eacute;e d&eacute;co] Une verri&egrave;re moderne dans la cuisine<\/a><\/li><li><a rel=\"noreferrer noopener\" aria-label=\"[Conseils d&eacute;co] Comment optimiser la lumi&egrave;re naturelle dans la cuisine? (s&rsquo;ouvre dans un nouvel onglet)\" href=\"http:\/\/www.cocondedecoration.com\/blog\/2021\/04\/lumiere-naturelle-cuisine\/\" target=\"_blank\">[Conseils d&eacute;co] Comment optimiser la lumi&egrave;re naturelle dans la cuisine?<\/a><\/li><li><a rel=\"noreferrer noopener\" aria-label=\"[Id&eacute;e d&eacute;co] Une verri&egrave;re moderne dans la salle &agrave; manger  (s&rsquo;ouvre dans un nouvel onglet)\" href=\"http:\/\/www.cocondedecoration.com\/blog\/2021\/04\/verriere-moderne-salle-a-manger\/\" target=\"_blank\">[Id&eacute;e d&eacute;co] Une verri&egrave;re moderne dans la salle &agrave; manger <\/a><\/li><li><a rel=\"noreferrer noopener\" aria-label=\"[Conseils d&eacute;co] Comment optimiser la lumi&egrave;re naturelle dans le salon? (s&rsquo;ouvre dans un nouvel onglet)\" href=\"http:\/\/www.cocondedecoration.com\/blog\/2020\/11\/comment-optimiser-lumiere-naturelle-salon\/\" target=\"_blank\">[Conseils d&eacute;co] Comment optimiser la lumi&egrave;re naturelle dans le salon?<\/a><\/li><li><a rel=\"noreferrer noopener\" aria-label=\"[Id&eacute;e d&eacute;co] Des claustras dans un petit logement  (s&rsquo;ouvre dans un nouvel onglet)\" href=\"http:\/\/www.cocondedecoration.com\/blog\/2020\/04\/idee-deco-des-claustras-dans-un-petit-logement\/\" target=\"_blank\">[Id&eacute;e d&eacute;co] Des claustras dans un petit logement <\/a><\/li><\/ul><\/div>\n\n\n\n<div class=\"wp-block-column is-layout-flow wp-block-column-is-layout-flow\">\n<p class=\"has-text-align-center has-medium-font-size\" style=\"padding-top:var(--wp--preset--spacing--40);padding-bottom:var(--wp--preset--spacing--40)\"><strong>Devenez m&eacute;c&egrave;ne du blog <\/strong><\/p>\n\n\n\n<hr class=\"wp-block-separator has-alpha-channel-opacity is-style-wide\"><p style=\"padding-right:var(--wp--preset--spacing--30);padding-left:var(--wp--preset--spacing--30)\">Soutenez mon travail sur le blog et acc&eacute;dez &agrave; des contreparties exclusives: <\/p>\n\n\n\n<ul style=\"padding-right:var(--wp--preset--spacing--40);padding-left:var(--wp--preset--spacing--40)\"><li>Plusieurs centaines d'articles d&eacute;co, lifestyle &amp; voyage r&eacute;serv&eacute;s aux abonn&eacute;&bull;e&bull;s <\/li>\n\n\n\n<li>Toutes les entr&eacute;es de mon side project - mon dictionnaire nomade <\/li>\n\n\n\n<li>Une publicit&eacute; limit&eacute;e sur les articles Patreon <\/li>\n<\/ul><div class=\"wp-block-buttons is-content-justification-center is-layout-flex wp-container-core-buttons-layout-2 wp-block-buttons-is-layout-flex\">\n<div class=\"wp-block-button\"><a class=\"wp-block-button__link wp-element-button\" href=\"https:\/\/www.patreon.com\/cocondedeco\" target=\"_blank\" rel=\"noreferrer noopener\">Soutenir le blog maintenant<\/a><\/div>\n<\/div>\n<\/div>\n<\/div>\n\n\n\n<div class=\"wp-block-image\"><figure class=\"aligncenter\"><img loading=\"lazy\" decoding=\"async\" width=\"732\" height=\"488\" src=\"http:\/\/www.cocondedecoration.com\/blog\/wp-content\/uploads\/2021\/05\/porte-vitree-decoration-interieure-exemple.jpeg\" alt=\"porte vitree decoration interieure exemple conseil id&eacute;e inspiration blog d&eacute;co int&eacute;rieure\" class=\"wp-image-38495\" srcset=\"https:\/\/www.cocondedecoration.com\/blog\/wp-content\/uploads\/2021\/05\/porte-vitree-decoration-interieure-exemple.jpeg 732w, https:\/\/www.cocondedecoration.com\/blog\/wp-content\/uploads\/2021\/05\/porte-vitree-decoration-interieure-exemple-260x173.jpeg 260w, https:\/\/www.cocondedecoration.com\/blog\/wp-content\/uploads\/2021\/05\/porte-vitree-decoration-interieure-exemple-640x427.jpeg 640w, https:\/\/www.cocondedecoration.com\/blog\/wp-content\/uploads\/2021\/05\/porte-vitree-decoration-interieure-exemple-465x310.jpeg 465w, https:\/\/www.cocondedecoration.com\/blog\/wp-content\/uploads\/2021\/05\/porte-vitree-decoration-interieure-exemple-695x463.jpeg 695w\" sizes=\"(max-width: 732px) 100vw, 732px\" \/><figcaption><a href=\"https:\/\/www.pinterest.fr\/pin\/24980972923897564\/\" target=\"_blank\" rel=\"noreferrer noopener\" aria-label=\"source (s&rsquo;ouvre dans un nouvel onglet)\">source<\/a><\/figcaption><\/figure><\/div>\n\n\n\n<p style=\"text-align:right\" class=\"has-small-font-size\">Note: Cet article contient des liens affili&eacute;s.<br>Article mis &agrave; jour en d&eacute;cembre 2023<\/p><\/body><\/html>\n","protected":false},"excerpt":{"rendered":"<p>Quand j&rsquo;ai commenc\u00e9 cet article, je ne m&rsquo;attendais pas \u00e0 avoir autant de choses \u00e0 vous raconter. Depuis plusieurs semaines, je me suis surprise \u00e0 r\u00e9v\u00e2sser sur les portes vitr\u00e9es quand j&rsquo;\u00e9tais sur Pinterest. Je me suis donc dit qu&rsquo;il y avait mati\u00e8re \u00e0 vous proposer un article. Je crois<span class=\"more-link\"><a href=\"https:\/\/www.cocondedecoration.com\/blog\/2021\/05\/porte-vitree-interieure\/\">Lire la suite<\/a><\/span><\/p>\n","protected":false},"author":1,"featured_media":38495,"comment_status":"open","ping_status":"open","sticky":false,"template":"","format":"standard","meta":{"om_disable_all_campaigns":false,"_monsterinsights_skip_tracking":false,"_monsterinsights_sitenote_active":false,"_monsterinsights_sitenote_note":"","_monsterinsights_sitenote_category":0,"_uf_show_specific_survey":0,"_uf_disable_surveys":false,"footnotes":""},"categories":[17739,11078,1720],"tags":[19601,19598,19600,19599,19576,19585,19580,19596,19593,19577,19582,19604,19615,19602,19597,19603,19614,19594,19569,19568,19592,19570,19589,19588,19590,19579,19591,19587,19578,19586,19607,19611,19606,19605,19610,19581,19583,19595,19584,19571,19612,17748,19608,19609,19567,19575,19572,19574,19573,19616,19613],"aioseo_notices":[],"_links":{"self":[{"href":"https:\/\/www.cocondedecoration.com\/blog\/wp-json\/wp\/v2\/posts\/38460"}],"collection":[{"href":"https:\/\/www.cocondedecoration.com\/blog\/wp-json\/wp\/v2\/posts"}],"about":[{"href":"https:\/\/www.cocondedecoration.com\/blog\/wp-json\/wp\/v2\/types\/post"}],"author":[{"embeddable":true,"href":"https:\/\/www.cocondedecoration.com\/blog\/wp-json\/wp\/v2\/users\/1"}],"replies":[{"embeddable":true,"href":"https:\/\/www.cocondedecoration.com\/blog\/wp-json\/wp\/v2\/comments?post=38460"}],"version-history":[{"count":0,"href":"https:\/\/www.cocondedecoration.com\/blog\/wp-json\/wp\/v2\/posts\/38460\/revisions"}],"wp:featuredmedia":[{"embeddable":true,"href":"https:\/\/www.cocondedecoration.com\/blog\/wp-json\/wp\/v2\/media\/38495"}],"wp:attachment":[{"href":"https:\/\/www.cocondedecoration.com\/blog\/wp-json\/wp\/v2\/media?parent=38460"}],"wp:term":[{"taxonomy":"category","embeddable":true,"href":"https:\/\/www.cocondedecoration.com\/blog\/wp-json\/wp\/v2\/categories?post=38460"},{"taxonomy":"post_tag","embeddable":true,"href":"https:\/\/www.cocondedecoration.com\/blog\/wp-json\/wp\/v2\/tags?post=38460"}],"curies":[{"name":"wp","href":"https:\/\/api.w.org\/{rel}","templated":true}]}}