{"id":35318,"date":"2021-03-03T10:39:26","date_gmt":"2021-03-03T08:39:26","guid":{"rendered":"http:\/\/www.cocondedecoration.com\/blog\/?p=35318"},"modified":"2024-07-23T08:28:19","modified_gmt":"2024-07-23T06:28:19","slug":"ou-trouver-table-2-personnes","status":"publish","type":"post","link":"https:\/\/www.cocondedecoration.com\/blog\/2021\/03\/ou-trouver-table-2-personnes\/","title":{"rendered":"O\u00f9 trouver une petite table pour 2 personnes? | guide d\u00e9co"},"content":{"rendered":"\n<p>Avoir un petit logement n'est pas si compliqu\u00e9 \u00e0 rendre plus confortable. C'est surtout une autre mani\u00e8re de s'y prendre. En plus du confort, il faut veiller \u00e0 ne pas perdre de place et encombrer inutilement. Des solutions existent. Et dans cet article, on va s'int\u00e9resser de plus pr\u00e8s au coin repas. <\/p>\n\n\n\n<p>Qu'il soit dans la cuisine ou dans le s\u00e9jour, il pr\u00e9sente un avantage principal: ne pas manger dans le canap\u00e9. Parfois, on a juste besoin d'une table d'appoint dans la cuisine pour le petit d\u00e9j', n\u00e9anmoins les probl\u00e8mes rencontr\u00e9s restent les m\u00eames. Cet article va s'articuler autour de 3 axes: on va voir o\u00f9 acheter une petite table pour 2 personnes. On va aussi regarder de plus pr\u00e8s les crit\u00e8res \u00e0 prendre en compte pour bien choisir le mobilier de votre coin repas. Enfin, je vous propose une s\u00e9lection d'images inspirantes. Histoire de faire le plein d'id\u00e9es pour d\u00e9corer et am\u00e9nager votre petit int\u00e9rieur. <\/p>\n\n\n\n<!--more-->\n\n\n\n<h2 class=\"wp-block-heading\">O\u00f9 trouver une table pour 2 personnes?<\/h2>\n\n\n\n<div class=\"wp-block-columns is-layout-flex wp-container-core-columns-layout-1 wp-block-columns-is-layout-flex\">\n<div class=\"wp-block-column is-layout-flow wp-block-column-is-layout-flow\">\n<figure class=\"wp-block-image size-large\"><a href=\"https:\/\/www.cocondedecoration.com\/blog\/wp-content\/uploads\/2024\/07\/petite-table-2-personnes-la-redoute.001.jpeg\"><img loading=\"lazy\" decoding=\"async\" width=\"640\" height=\"640\" src=\"https:\/\/www.cocondedecoration.com\/blog\/wp-content\/uploads\/2024\/07\/petite-table-2-personnes-la-redoute.001-640x640.jpeg\" alt=\"Table de bistrot plaqu\u00e9 ch\u00eane et Formica\" class=\"wp-image-76482\" title=\"Table de bistrot plaqu\u00e9 ch\u00eane et Formica\" srcset=\"https:\/\/www.cocondedecoration.com\/blog\/wp-content\/uploads\/2024\/07\/petite-table-2-personnes-la-redoute.001-640x640.jpeg 640w, https:\/\/www.cocondedecoration.com\/blog\/wp-content\/uploads\/2024\/07\/petite-table-2-personnes-la-redoute.001-260x260.jpeg 260w, https:\/\/www.cocondedecoration.com\/blog\/wp-content\/uploads\/2024\/07\/petite-table-2-personnes-la-redoute.001-165x165.jpeg 165w, https:\/\/www.cocondedecoration.com\/blog\/wp-content\/uploads\/2024\/07\/petite-table-2-personnes-la-redoute.001-465x465.jpeg 465w, https:\/\/www.cocondedecoration.com\/blog\/wp-content\/uploads\/2024\/07\/petite-table-2-personnes-la-redoute.001-500x500.jpeg 500w, https:\/\/www.cocondedecoration.com\/blog\/wp-content\/uploads\/2024\/07\/petite-table-2-personnes-la-redoute.001.jpeg 650w\" sizes=\"(max-width: 640px) 100vw, 640px\" \/><\/a><figcaption class=\"wp-element-caption\">Table de bistrot plaqu\u00e9 ch\u00eane et Formica - La Redoute<\/figcaption><\/figure>\n\n\n\n<div class=\"wp-block-buttons is-content-justification-center is-layout-flex wp-container-core-buttons-layout-1 wp-block-buttons-is-layout-flex\">\n<div class=\"wp-block-button\"><a class=\"wp-block-button__link wp-element-button\" href=\"https:\/\/c3po.link\/Q9VN3zjmVU\" target=\"_blank\" rel=\"noreferrer noopener\">Acheter<\/a><\/div>\n<\/div>\n\n\n\n<figure class=\"wp-block-image size-large\"><a href=\"https:\/\/www.cocondedecoration.com\/blog\/wp-content\/uploads\/2024\/07\/petite-table-2-personnes-la-redoute.004.jpeg\"><img loading=\"lazy\" decoding=\"async\" width=\"640\" height=\"640\" src=\"https:\/\/www.cocondedecoration.com\/blog\/wp-content\/uploads\/2024\/07\/petite-table-2-personnes-la-redoute.004-640x640.jpeg\" alt=\"Table \u00e0 manger bistrot marquet\u00e9e\" class=\"wp-image-76485\" title=\"Table \u00e0 manger bistrot marquet\u00e9e\" srcset=\"https:\/\/www.cocondedecoration.com\/blog\/wp-content\/uploads\/2024\/07\/petite-table-2-personnes-la-redoute.004-640x640.jpeg 640w, https:\/\/www.cocondedecoration.com\/blog\/wp-content\/uploads\/2024\/07\/petite-table-2-personnes-la-redoute.004-260x260.jpeg 260w, https:\/\/www.cocondedecoration.com\/blog\/wp-content\/uploads\/2024\/07\/petite-table-2-personnes-la-redoute.004-165x165.jpeg 165w, https:\/\/www.cocondedecoration.com\/blog\/wp-content\/uploads\/2024\/07\/petite-table-2-personnes-la-redoute.004-465x465.jpeg 465w, https:\/\/www.cocondedecoration.com\/blog\/wp-content\/uploads\/2024\/07\/petite-table-2-personnes-la-redoute.004-500x500.jpeg 500w, https:\/\/www.cocondedecoration.com\/blog\/wp-content\/uploads\/2024\/07\/petite-table-2-personnes-la-redoute.004.jpeg 650w\" sizes=\"(max-width: 640px) 100vw, 640px\" \/><\/a><figcaption class=\"wp-element-caption\">Table \u00e0 manger bistrot marquet\u00e9e - La Redoute<\/figcaption><\/figure>\n\n\n\n<div class=\"wp-block-buttons is-content-justification-center is-layout-flex wp-container-core-buttons-layout-2 wp-block-buttons-is-layout-flex\">\n<div class=\"wp-block-button\"><a class=\"wp-block-button__link wp-element-button\" href=\"https:\/\/c3po.link\/QJzkBH86h4\" target=\"_blank\" rel=\"noreferrer noopener\">Acheter<\/a><\/div>\n<\/div>\n<\/div>\n\n\n\n<div class=\"wp-block-column is-layout-flow wp-block-column-is-layout-flow\">\n<figure class=\"wp-block-image size-large\"><a href=\"https:\/\/www.cocondedecoration.com\/blog\/wp-content\/uploads\/2024\/07\/petite-table-2-personnes-la-redoute.002.jpeg\"><img loading=\"lazy\" decoding=\"async\" width=\"640\" height=\"640\" src=\"https:\/\/www.cocondedecoration.com\/blog\/wp-content\/uploads\/2024\/07\/petite-table-2-personnes-la-redoute.002-640x640.jpeg\" alt=\"Table de bistrot h\u00e9v\u00e9a et cannage\" class=\"wp-image-76483\" title=\"Table de bistrot h\u00e9v\u00e9a et cannage\" srcset=\"https:\/\/www.cocondedecoration.com\/blog\/wp-content\/uploads\/2024\/07\/petite-table-2-personnes-la-redoute.002-640x640.jpeg 640w, https:\/\/www.cocondedecoration.com\/blog\/wp-content\/uploads\/2024\/07\/petite-table-2-personnes-la-redoute.002-260x260.jpeg 260w, https:\/\/www.cocondedecoration.com\/blog\/wp-content\/uploads\/2024\/07\/petite-table-2-personnes-la-redoute.002-165x165.jpeg 165w, https:\/\/www.cocondedecoration.com\/blog\/wp-content\/uploads\/2024\/07\/petite-table-2-personnes-la-redoute.002-465x465.jpeg 465w, https:\/\/www.cocondedecoration.com\/blog\/wp-content\/uploads\/2024\/07\/petite-table-2-personnes-la-redoute.002-500x500.jpeg 500w, https:\/\/www.cocondedecoration.com\/blog\/wp-content\/uploads\/2024\/07\/petite-table-2-personnes-la-redoute.002.jpeg 650w\" sizes=\"(max-width: 640px) 100vw, 640px\" \/><\/a><figcaption class=\"wp-element-caption\">Table de bistrot h\u00e9v\u00e9a et cannage - La Redoute<\/figcaption><\/figure>\n\n\n\n<div class=\"wp-block-buttons is-content-justification-center is-layout-flex wp-container-core-buttons-layout-3 wp-block-buttons-is-layout-flex\">\n<div class=\"wp-block-button\"><a class=\"wp-block-button__link wp-element-button\" href=\"https:\/\/c3po.link\/QJvF35PmS9\" target=\"_blank\" rel=\"noreferrer noopener\">Acheter<\/a><\/div>\n<\/div>\n\n\n\n<figure class=\"wp-block-image size-large\"><a href=\"https:\/\/www.cocondedecoration.com\/blog\/wp-content\/uploads\/2024\/07\/petite-table-2-personnes-la-redoute.005.jpeg\"><img loading=\"lazy\" decoding=\"async\" width=\"640\" height=\"640\" src=\"https:\/\/www.cocondedecoration.com\/blog\/wp-content\/uploads\/2024\/07\/petite-table-2-personnes-la-redoute.005-640x640.jpeg\" alt=\"Set table haute avec 2 tabourets de bar\" class=\"wp-image-76486\" title=\"Set table haute avec 2 tabourets de bar\" srcset=\"https:\/\/www.cocondedecoration.com\/blog\/wp-content\/uploads\/2024\/07\/petite-table-2-personnes-la-redoute.005-640x640.jpeg 640w, https:\/\/www.cocondedecoration.com\/blog\/wp-content\/uploads\/2024\/07\/petite-table-2-personnes-la-redoute.005-260x260.jpeg 260w, https:\/\/www.cocondedecoration.com\/blog\/wp-content\/uploads\/2024\/07\/petite-table-2-personnes-la-redoute.005-165x165.jpeg 165w, https:\/\/www.cocondedecoration.com\/blog\/wp-content\/uploads\/2024\/07\/petite-table-2-personnes-la-redoute.005-465x465.jpeg 465w, https:\/\/www.cocondedecoration.com\/blog\/wp-content\/uploads\/2024\/07\/petite-table-2-personnes-la-redoute.005-500x500.jpeg 500w, https:\/\/www.cocondedecoration.com\/blog\/wp-content\/uploads\/2024\/07\/petite-table-2-personnes-la-redoute.005.jpeg 650w\" sizes=\"(max-width: 640px) 100vw, 640px\" \/><\/a><figcaption class=\"wp-element-caption\">Set table haute avec 2 tabourets de bar - La Redoute<\/figcaption><\/figure>\n\n\n\n<div class=\"wp-block-buttons is-content-justification-center is-layout-flex wp-container-core-buttons-layout-4 wp-block-buttons-is-layout-flex\">\n<div class=\"wp-block-button\"><a class=\"wp-block-button__link wp-element-button\" href=\"https:\/\/c3po.link\/QCPrq4UmTb\" target=\"_blank\" rel=\"noreferrer noopener\">Acheter<\/a><\/div>\n<\/div>\n<\/div>\n\n\n\n<div class=\"wp-block-column is-layout-flow wp-block-column-is-layout-flow\">\n<figure class=\"wp-block-image size-large\"><a href=\"https:\/\/www.cocondedecoration.com\/blog\/wp-content\/uploads\/2024\/07\/petite-table-2-personnes-la-redoute.003.jpeg\"><img loading=\"lazy\" decoding=\"async\" width=\"640\" height=\"640\" src=\"https:\/\/www.cocondedecoration.com\/blog\/wp-content\/uploads\/2024\/07\/petite-table-2-personnes-la-redoute.003-640x640.jpeg\" alt=\"Table de cuisine extensible 2\/4 couverts\" class=\"wp-image-76484\" title=\"Table de cuisine extensible 2\/4 couverts\" srcset=\"https:\/\/www.cocondedecoration.com\/blog\/wp-content\/uploads\/2024\/07\/petite-table-2-personnes-la-redoute.003-640x640.jpeg 640w, https:\/\/www.cocondedecoration.com\/blog\/wp-content\/uploads\/2024\/07\/petite-table-2-personnes-la-redoute.003-260x260.jpeg 260w, https:\/\/www.cocondedecoration.com\/blog\/wp-content\/uploads\/2024\/07\/petite-table-2-personnes-la-redoute.003-165x165.jpeg 165w, https:\/\/www.cocondedecoration.com\/blog\/wp-content\/uploads\/2024\/07\/petite-table-2-personnes-la-redoute.003-465x465.jpeg 465w, https:\/\/www.cocondedecoration.com\/blog\/wp-content\/uploads\/2024\/07\/petite-table-2-personnes-la-redoute.003-500x500.jpeg 500w, https:\/\/www.cocondedecoration.com\/blog\/wp-content\/uploads\/2024\/07\/petite-table-2-personnes-la-redoute.003.jpeg 650w\" sizes=\"(max-width: 640px) 100vw, 640px\" \/><\/a><figcaption class=\"wp-element-caption\">Table de cuisine extensible 2\/4 couverts - La Redoute<\/figcaption><\/figure>\n\n\n\n<div class=\"wp-block-buttons is-content-justification-center is-layout-flex wp-container-core-buttons-layout-5 wp-block-buttons-is-layout-flex\">\n<div class=\"wp-block-button\"><a class=\"wp-block-button__link wp-element-button\" href=\"https:\/\/c3po.link\/QxjPM4AQW7\" target=\"_blank\" rel=\"noreferrer noopener\">Acheter<\/a><\/div>\n<\/div>\n\n\n\n<figure class=\"wp-block-image size-large\"><a href=\"https:\/\/www.cocondedecoration.com\/blog\/wp-content\/uploads\/2024\/07\/petite-table-2-personnes-la-redoute.006.jpeg\"><img loading=\"lazy\" decoding=\"async\" width=\"640\" height=\"640\" src=\"https:\/\/www.cocondedecoration.com\/blog\/wp-content\/uploads\/2024\/07\/petite-table-2-personnes-la-redoute.006-640x640.jpeg\" alt=\"Table \u00e0 manger \u00e0 allonge 2 \u00e0 6 personnes\" class=\"wp-image-76487\" title=\"Table \u00e0 manger \u00e0 allonge 2 \u00e0 6 personnes\" srcset=\"https:\/\/www.cocondedecoration.com\/blog\/wp-content\/uploads\/2024\/07\/petite-table-2-personnes-la-redoute.006-640x640.jpeg 640w, https:\/\/www.cocondedecoration.com\/blog\/wp-content\/uploads\/2024\/07\/petite-table-2-personnes-la-redoute.006-260x260.jpeg 260w, https:\/\/www.cocondedecoration.com\/blog\/wp-content\/uploads\/2024\/07\/petite-table-2-personnes-la-redoute.006-165x165.jpeg 165w, https:\/\/www.cocondedecoration.com\/blog\/wp-content\/uploads\/2024\/07\/petite-table-2-personnes-la-redoute.006-465x465.jpeg 465w, https:\/\/www.cocondedecoration.com\/blog\/wp-content\/uploads\/2024\/07\/petite-table-2-personnes-la-redoute.006-500x500.jpeg 500w, https:\/\/www.cocondedecoration.com\/blog\/wp-content\/uploads\/2024\/07\/petite-table-2-personnes-la-redoute.006.jpeg 650w\" sizes=\"(max-width: 640px) 100vw, 640px\" \/><\/a><figcaption class=\"wp-element-caption\">Table \u00e0 manger \u00e0 allonge 2 \u00e0 6 personnes - La Redoute<\/figcaption><\/figure>\n\n\n\n<div class=\"wp-block-buttons is-content-justification-center is-layout-flex wp-container-core-buttons-layout-6 wp-block-buttons-is-layout-flex\">\n<div class=\"wp-block-button\"><a class=\"wp-block-button__link wp-element-button\" href=\"https:\/\/c3po.link\/Q9Q5Mz4xRa\" target=\"_blank\" rel=\"noreferrer noopener\">Acheter<\/a><\/div>\n<\/div>\n<\/div>\n<\/div>\n\n\n\n<div class=\"wp-block-columns is-layout-flex wp-container-core-columns-layout-2 wp-block-columns-is-layout-flex\">\n<div class=\"wp-block-column is-layout-flow wp-block-column-is-layout-flow\">\n<figure class=\"wp-block-image size-large\"><a href=\"https:\/\/www.cocondedecoration.com\/blog\/wp-content\/uploads\/2024\/07\/petite-table-2-personnes-miliboo.001.jpeg\"><img loading=\"lazy\" decoding=\"async\" width=\"640\" height=\"640\" src=\"https:\/\/www.cocondedecoration.com\/blog\/wp-content\/uploads\/2024\/07\/petite-table-2-personnes-miliboo.001-640x640.jpeg\" alt=\"Table \u00e0 manger ronde fr\u00eane D120 cm\" class=\"wp-image-76494\" title=\"Table \u00e0 manger ronde fr\u00eane D120 cm\" srcset=\"https:\/\/www.cocondedecoration.com\/blog\/wp-content\/uploads\/2024\/07\/petite-table-2-personnes-miliboo.001-640x640.jpeg 640w, https:\/\/www.cocondedecoration.com\/blog\/wp-content\/uploads\/2024\/07\/petite-table-2-personnes-miliboo.001-260x260.jpeg 260w, https:\/\/www.cocondedecoration.com\/blog\/wp-content\/uploads\/2024\/07\/petite-table-2-personnes-miliboo.001-165x165.jpeg 165w, https:\/\/www.cocondedecoration.com\/blog\/wp-content\/uploads\/2024\/07\/petite-table-2-personnes-miliboo.001-465x465.jpeg 465w, https:\/\/www.cocondedecoration.com\/blog\/wp-content\/uploads\/2024\/07\/petite-table-2-personnes-miliboo.001-500x500.jpeg 500w, https:\/\/www.cocondedecoration.com\/blog\/wp-content\/uploads\/2024\/07\/petite-table-2-personnes-miliboo.001.jpeg 650w\" sizes=\"(max-width: 640px) 100vw, 640px\" \/><\/a><figcaption class=\"wp-element-caption\">Table \u00e0 manger ronde fr\u00eane D120 cm - Miliboo<\/figcaption><\/figure>\n\n\n\n<div class=\"wp-block-buttons is-content-justification-center is-layout-flex wp-container-core-buttons-layout-7 wp-block-buttons-is-layout-flex\">\n<div class=\"wp-block-button\"><a class=\"wp-block-button__link wp-element-button\" href=\"https:\/\/lk.gt\/aD5AE\" target=\"_blank\" rel=\"noreferrer noopener\">Acheter<\/a><\/div>\n<\/div>\n<\/div>\n\n\n\n<div class=\"wp-block-column is-layout-flow wp-block-column-is-layout-flow\">\n<figure class=\"wp-block-image size-large\"><a href=\"https:\/\/www.cocondedecoration.com\/blog\/wp-content\/uploads\/2024\/07\/petite-table-2-personnes-miliboo.002.jpeg\"><img loading=\"lazy\" decoding=\"async\" width=\"640\" height=\"640\" src=\"https:\/\/www.cocondedecoration.com\/blog\/wp-content\/uploads\/2024\/07\/petite-table-2-personnes-miliboo.002-640x640.jpeg\" alt=\"Table \u00e0 manger ronde bois clair D90 cm\" class=\"wp-image-76495\" title=\"Table \u00e0 manger ronde bois clair D90 cm\" srcset=\"https:\/\/www.cocondedecoration.com\/blog\/wp-content\/uploads\/2024\/07\/petite-table-2-personnes-miliboo.002-640x640.jpeg 640w, https:\/\/www.cocondedecoration.com\/blog\/wp-content\/uploads\/2024\/07\/petite-table-2-personnes-miliboo.002-260x260.jpeg 260w, https:\/\/www.cocondedecoration.com\/blog\/wp-content\/uploads\/2024\/07\/petite-table-2-personnes-miliboo.002-165x165.jpeg 165w, https:\/\/www.cocondedecoration.com\/blog\/wp-content\/uploads\/2024\/07\/petite-table-2-personnes-miliboo.002-465x465.jpeg 465w, https:\/\/www.cocondedecoration.com\/blog\/wp-content\/uploads\/2024\/07\/petite-table-2-personnes-miliboo.002-500x500.jpeg 500w, https:\/\/www.cocondedecoration.com\/blog\/wp-content\/uploads\/2024\/07\/petite-table-2-personnes-miliboo.002.jpeg 650w\" sizes=\"(max-width: 640px) 100vw, 640px\" \/><\/a><figcaption class=\"wp-element-caption\">Table \u00e0 manger ronde bois clair D90 cm - Miliboo<\/figcaption><\/figure>\n\n\n\n<div class=\"wp-block-buttons is-content-justification-center is-layout-flex wp-container-core-buttons-layout-8 wp-block-buttons-is-layout-flex\">\n<div class=\"wp-block-button\"><a class=\"wp-block-button__link wp-element-button\" href=\"https:\/\/lk.gt\/adTIk\" target=\"_blank\" rel=\"noreferrer noopener\">Acheter<\/a><\/div>\n<\/div>\n<\/div>\n\n\n\n<div class=\"wp-block-column is-layout-flow wp-block-column-is-layout-flow\">\n<figure class=\"wp-block-image size-large\"><a href=\"https:\/\/www.cocondedecoration.com\/blog\/wp-content\/uploads\/2024\/07\/petite-table-2-personnes-miliboo.003.jpeg\"><img loading=\"lazy\" decoding=\"async\" width=\"640\" height=\"640\" src=\"https:\/\/www.cocondedecoration.com\/blog\/wp-content\/uploads\/2024\/07\/petite-table-2-personnes-miliboo.003-640x640.jpeg\" alt=\"Table \u00e0 manger ronde extensible finition ch\u00eane L120-150 cm\" class=\"wp-image-76496\" title=\"Table \u00e0 manger ronde extensible finition ch\u00eane L120-150 cm\" srcset=\"https:\/\/www.cocondedecoration.com\/blog\/wp-content\/uploads\/2024\/07\/petite-table-2-personnes-miliboo.003-640x640.jpeg 640w, https:\/\/www.cocondedecoration.com\/blog\/wp-content\/uploads\/2024\/07\/petite-table-2-personnes-miliboo.003-260x260.jpeg 260w, https:\/\/www.cocondedecoration.com\/blog\/wp-content\/uploads\/2024\/07\/petite-table-2-personnes-miliboo.003-165x165.jpeg 165w, https:\/\/www.cocondedecoration.com\/blog\/wp-content\/uploads\/2024\/07\/petite-table-2-personnes-miliboo.003-465x465.jpeg 465w, https:\/\/www.cocondedecoration.com\/blog\/wp-content\/uploads\/2024\/07\/petite-table-2-personnes-miliboo.003-500x500.jpeg 500w, https:\/\/www.cocondedecoration.com\/blog\/wp-content\/uploads\/2024\/07\/petite-table-2-personnes-miliboo.003.jpeg 650w\" sizes=\"(max-width: 640px) 100vw, 640px\" \/><\/a><figcaption class=\"wp-element-caption\">Table \u00e0 manger ronde extensible finition ch\u00eane L120-150 cm - Miliboo<\/figcaption><\/figure>\n\n\n\n<div class=\"wp-block-buttons is-content-justification-center is-layout-flex wp-container-core-buttons-layout-9 wp-block-buttons-is-layout-flex\">\n<div class=\"wp-block-button\"><a class=\"wp-block-button__link wp-element-button\" href=\"https:\/\/lk.gt\/aiJ54\" target=\"_blank\" rel=\"noreferrer noopener\">Acheter<\/a><\/div>\n<\/div>\n<\/div>\n<\/div>\n\n\n\n<div class=\"wp-block-columns is-layout-flex wp-container-core-columns-layout-3 wp-block-columns-is-layout-flex\">\n<div class=\"wp-block-column is-layout-flow wp-block-column-is-layout-flow\">\n<figure class=\"wp-block-image size-large\"><a href=\"https:\/\/www.cocondedecoration.com\/blog\/wp-content\/uploads\/2024\/07\/table-2-personnes-pas-cher-maisons-du-monde.001.jpeg\"><img loading=\"lazy\" decoding=\"async\" width=\"640\" height=\"640\" src=\"https:\/\/www.cocondedecoration.com\/blog\/wp-content\/uploads\/2024\/07\/table-2-personnes-pas-cher-maisons-du-monde.001-640x640.jpeg\" alt=\"Table de bar avec rangement 3 \u00e9tag\u00e8res\" class=\"wp-image-76488\" title=\"Table de bar avec rangement 3 \u00e9tag\u00e8res\" srcset=\"https:\/\/www.cocondedecoration.com\/blog\/wp-content\/uploads\/2024\/07\/table-2-personnes-pas-cher-maisons-du-monde.001-640x640.jpeg 640w, https:\/\/www.cocondedecoration.com\/blog\/wp-content\/uploads\/2024\/07\/table-2-personnes-pas-cher-maisons-du-monde.001-260x260.jpeg 260w, https:\/\/www.cocondedecoration.com\/blog\/wp-content\/uploads\/2024\/07\/table-2-personnes-pas-cher-maisons-du-monde.001-165x165.jpeg 165w, https:\/\/www.cocondedecoration.com\/blog\/wp-content\/uploads\/2024\/07\/table-2-personnes-pas-cher-maisons-du-monde.001-465x465.jpeg 465w, https:\/\/www.cocondedecoration.com\/blog\/wp-content\/uploads\/2024\/07\/table-2-personnes-pas-cher-maisons-du-monde.001-500x500.jpeg 500w, https:\/\/www.cocondedecoration.com\/blog\/wp-content\/uploads\/2024\/07\/table-2-personnes-pas-cher-maisons-du-monde.001.jpeg 650w\" sizes=\"(max-width: 640px) 100vw, 640px\" \/><\/a><figcaption class=\"wp-element-caption\">Table de bar avec rangement 3 \u00e9tag\u00e8res - Maisons du Monde<\/figcaption><\/figure>\n\n\n\n<div class=\"wp-block-buttons is-content-justification-center is-layout-flex wp-container-core-buttons-layout-10 wp-block-buttons-is-layout-flex\">\n<div class=\"wp-block-button\"><a class=\"wp-block-button__link wp-element-button\" href=\"https:\/\/fnty.co\/c\/r-susklrrD\" target=\"_blank\" rel=\"noreferrer noopener\">Acheter<\/a><\/div>\n<\/div>\n\n\n\n<figure class=\"wp-block-image size-large\"><a href=\"https:\/\/www.cocondedecoration.com\/blog\/wp-content\/uploads\/2024\/07\/table-2-personnes-pas-cher-maisons-du-monde.004.jpeg\"><img loading=\"lazy\" decoding=\"async\" width=\"640\" height=\"640\" src=\"https:\/\/www.cocondedecoration.com\/blog\/wp-content\/uploads\/2024\/07\/table-2-personnes-pas-cher-maisons-du-monde.004-640x640.jpeg\" alt=\"Table salle \u00e0 manger 2 personnes en agglom\u00e9r\u00e9 et m\u00e9tal marron et noir\" class=\"wp-image-76491\" title=\"Table salle \u00e0 manger 2 personnes en agglom\u00e9r\u00e9 et m\u00e9tal marron et noir\" srcset=\"https:\/\/www.cocondedecoration.com\/blog\/wp-content\/uploads\/2024\/07\/table-2-personnes-pas-cher-maisons-du-monde.004-640x640.jpeg 640w, https:\/\/www.cocondedecoration.com\/blog\/wp-content\/uploads\/2024\/07\/table-2-personnes-pas-cher-maisons-du-monde.004-260x260.jpeg 260w, https:\/\/www.cocondedecoration.com\/blog\/wp-content\/uploads\/2024\/07\/table-2-personnes-pas-cher-maisons-du-monde.004-165x165.jpeg 165w, https:\/\/www.cocondedecoration.com\/blog\/wp-content\/uploads\/2024\/07\/table-2-personnes-pas-cher-maisons-du-monde.004-465x465.jpeg 465w, https:\/\/www.cocondedecoration.com\/blog\/wp-content\/uploads\/2024\/07\/table-2-personnes-pas-cher-maisons-du-monde.004-500x500.jpeg 500w, https:\/\/www.cocondedecoration.com\/blog\/wp-content\/uploads\/2024\/07\/table-2-personnes-pas-cher-maisons-du-monde.004.jpeg 650w\" sizes=\"(max-width: 640px) 100vw, 640px\" \/><\/a><figcaption class=\"wp-element-caption\">Table salle \u00e0 manger 2 personnes en agglom\u00e9r\u00e9 et m\u00e9tal marron et noir - Maisons du Monde<\/figcaption><\/figure>\n\n\n\n<div class=\"wp-block-buttons is-content-justification-center is-layout-flex wp-container-core-buttons-layout-11 wp-block-buttons-is-layout-flex\">\n<div class=\"wp-block-button\"><a class=\"wp-block-button__link wp-element-button\" href=\"https:\/\/fnty.co\/c\/r-NISumQoA\" target=\"_blank\" rel=\"noreferrer noopener\">Acheter<\/a><\/div>\n<\/div>\n<\/div>\n\n\n\n<div class=\"wp-block-column is-layout-flow wp-block-column-is-layout-flow\">\n<figure class=\"wp-block-image size-large\"><a href=\"https:\/\/www.cocondedecoration.com\/blog\/wp-content\/uploads\/2024\/07\/table-2-personnes-pas-cher-maisons-du-monde.002.jpeg\"><img loading=\"lazy\" decoding=\"async\" width=\"640\" height=\"640\" src=\"https:\/\/www.cocondedecoration.com\/blog\/wp-content\/uploads\/2024\/07\/table-2-personnes-pas-cher-maisons-du-monde.002-640x640.jpeg\" alt=\"Table \u00e0 manger 4 personnes en pin massif D90\" class=\"wp-image-76489\" title=\"Table \u00e0 manger 4 personnes en pin massif D90\" srcset=\"https:\/\/www.cocondedecoration.com\/blog\/wp-content\/uploads\/2024\/07\/table-2-personnes-pas-cher-maisons-du-monde.002-640x640.jpeg 640w, https:\/\/www.cocondedecoration.com\/blog\/wp-content\/uploads\/2024\/07\/table-2-personnes-pas-cher-maisons-du-monde.002-260x260.jpeg 260w, https:\/\/www.cocondedecoration.com\/blog\/wp-content\/uploads\/2024\/07\/table-2-personnes-pas-cher-maisons-du-monde.002-165x165.jpeg 165w, https:\/\/www.cocondedecoration.com\/blog\/wp-content\/uploads\/2024\/07\/table-2-personnes-pas-cher-maisons-du-monde.002-465x465.jpeg 465w, https:\/\/www.cocondedecoration.com\/blog\/wp-content\/uploads\/2024\/07\/table-2-personnes-pas-cher-maisons-du-monde.002-500x500.jpeg 500w, https:\/\/www.cocondedecoration.com\/blog\/wp-content\/uploads\/2024\/07\/table-2-personnes-pas-cher-maisons-du-monde.002.jpeg 650w\" sizes=\"(max-width: 640px) 100vw, 640px\" \/><\/a><figcaption class=\"wp-element-caption\">Table \u00e0 manger 4 personnes en pin massif D90 - Maisons du Monde<\/figcaption><\/figure>\n\n\n\n<div class=\"wp-block-buttons is-content-justification-center is-layout-flex wp-container-core-buttons-layout-12 wp-block-buttons-is-layout-flex\">\n<div class=\"wp-block-button\"><a class=\"wp-block-button__link wp-element-button\" href=\"https:\/\/fnty.co\/c\/r-sHPUofuM\" target=\"_blank\" rel=\"noreferrer noopener\">Acheter<\/a><\/div>\n<\/div>\n\n\n\n<figure class=\"wp-block-image size-large\"><a href=\"https:\/\/www.cocondedecoration.com\/blog\/wp-content\/uploads\/2024\/07\/table-2-personnes-pas-cher-maisons-du-monde.005.jpeg\"><img loading=\"lazy\" decoding=\"async\" width=\"640\" height=\"640\" src=\"https:\/\/www.cocondedecoration.com\/blog\/wp-content\/uploads\/2024\/07\/table-2-personnes-pas-cher-maisons-du-monde.005-640x640.jpeg\" alt=\"Table \u00e0 manger 2 personnes en bois avec rallonges blanc\" class=\"wp-image-76492\" title=\"Table \u00e0 manger 2 personnes en bois avec rallonges blanc\" srcset=\"https:\/\/www.cocondedecoration.com\/blog\/wp-content\/uploads\/2024\/07\/table-2-personnes-pas-cher-maisons-du-monde.005-640x640.jpeg 640w, https:\/\/www.cocondedecoration.com\/blog\/wp-content\/uploads\/2024\/07\/table-2-personnes-pas-cher-maisons-du-monde.005-260x260.jpeg 260w, https:\/\/www.cocondedecoration.com\/blog\/wp-content\/uploads\/2024\/07\/table-2-personnes-pas-cher-maisons-du-monde.005-165x165.jpeg 165w, https:\/\/www.cocondedecoration.com\/blog\/wp-content\/uploads\/2024\/07\/table-2-personnes-pas-cher-maisons-du-monde.005-465x465.jpeg 465w, https:\/\/www.cocondedecoration.com\/blog\/wp-content\/uploads\/2024\/07\/table-2-personnes-pas-cher-maisons-du-monde.005-500x500.jpeg 500w, https:\/\/www.cocondedecoration.com\/blog\/wp-content\/uploads\/2024\/07\/table-2-personnes-pas-cher-maisons-du-monde.005.jpeg 650w\" sizes=\"(max-width: 640px) 100vw, 640px\" \/><\/a><figcaption class=\"wp-element-caption\">Table \u00e0 manger 2 personnes en bois avec rallonges blanc - Maisons du Monde <\/figcaption><\/figure>\n\n\n\n<div class=\"wp-block-buttons is-content-justification-center is-layout-flex wp-container-core-buttons-layout-13 wp-block-buttons-is-layout-flex\">\n<div class=\"wp-block-button\"><a class=\"wp-block-button__link wp-element-button\" href=\"https:\/\/fnty.co\/c\/r-ymlgTVMg\" target=\"_blank\" rel=\"noreferrer noopener\">Acheter<\/a><\/div>\n<\/div>\n<\/div>\n\n\n\n<div class=\"wp-block-column is-layout-flow wp-block-column-is-layout-flow\">\n<figure class=\"wp-block-image size-large is-resized\"><a href=\"https:\/\/www.cocondedecoration.com\/blog\/wp-content\/uploads\/2024\/07\/table-2-personnes-pas-cher-maisons-du-monde.003.jpeg\"><img loading=\"lazy\" decoding=\"async\" width=\"640\" height=\"640\" src=\"https:\/\/www.cocondedecoration.com\/blog\/wp-content\/uploads\/2024\/07\/table-2-personnes-pas-cher-maisons-du-monde.003-640x640.jpeg\" alt=\"Table \u00e0 manger professionnelle en bois de manguier massif 2 personnes D70\" class=\"wp-image-76490\" style=\"width:274px;height:auto\" title=\"Table \u00e0 manger professionnelle en bois de manguier massif 2 personnes D70\" srcset=\"https:\/\/www.cocondedecoration.com\/blog\/wp-content\/uploads\/2024\/07\/table-2-personnes-pas-cher-maisons-du-monde.003-640x640.jpeg 640w, https:\/\/www.cocondedecoration.com\/blog\/wp-content\/uploads\/2024\/07\/table-2-personnes-pas-cher-maisons-du-monde.003-260x260.jpeg 260w, https:\/\/www.cocondedecoration.com\/blog\/wp-content\/uploads\/2024\/07\/table-2-personnes-pas-cher-maisons-du-monde.003-165x165.jpeg 165w, https:\/\/www.cocondedecoration.com\/blog\/wp-content\/uploads\/2024\/07\/table-2-personnes-pas-cher-maisons-du-monde.003-465x465.jpeg 465w, https:\/\/www.cocondedecoration.com\/blog\/wp-content\/uploads\/2024\/07\/table-2-personnes-pas-cher-maisons-du-monde.003-500x500.jpeg 500w, https:\/\/www.cocondedecoration.com\/blog\/wp-content\/uploads\/2024\/07\/table-2-personnes-pas-cher-maisons-du-monde.003.jpeg 650w\" sizes=\"(max-width: 640px) 100vw, 640px\" \/><\/a><figcaption class=\"wp-element-caption\">Table \u00e0 manger en bois de manguier massif 2 personnes - Maisons du Monde<\/figcaption><\/figure>\n\n\n\n<div class=\"wp-block-buttons is-content-justification-center is-layout-flex wp-container-core-buttons-layout-14 wp-block-buttons-is-layout-flex\">\n<div class=\"wp-block-button\"><a class=\"wp-block-button__link wp-element-button\" href=\"https:\/\/fnty.co\/c\/r-ikNrbXia\" target=\"_blank\" rel=\"noreferrer noopener\">Acheter<\/a><\/div>\n<\/div>\n\n\n\n<figure class=\"wp-block-image size-large\"><a href=\"https:\/\/www.cocondedecoration.com\/blog\/wp-content\/uploads\/2024\/07\/table-2-personnes-pas-cher-maisons-du-monde.006.jpeg\"><img loading=\"lazy\" decoding=\"async\" width=\"640\" height=\"640\" src=\"https:\/\/www.cocondedecoration.com\/blog\/wp-content\/uploads\/2024\/07\/table-2-personnes-pas-cher-maisons-du-monde.006-640x640.jpeg\" alt=\"Table \u00e0 manger 2 personnes ronde en bois plateau blanc\" class=\"wp-image-76493\" title=\"Table \u00e0 manger 2 personnes ronde en bois plateau blanc\" srcset=\"https:\/\/www.cocondedecoration.com\/blog\/wp-content\/uploads\/2024\/07\/table-2-personnes-pas-cher-maisons-du-monde.006-640x640.jpeg 640w, https:\/\/www.cocondedecoration.com\/blog\/wp-content\/uploads\/2024\/07\/table-2-personnes-pas-cher-maisons-du-monde.006-260x260.jpeg 260w, https:\/\/www.cocondedecoration.com\/blog\/wp-content\/uploads\/2024\/07\/table-2-personnes-pas-cher-maisons-du-monde.006-165x165.jpeg 165w, https:\/\/www.cocondedecoration.com\/blog\/wp-content\/uploads\/2024\/07\/table-2-personnes-pas-cher-maisons-du-monde.006-465x465.jpeg 465w, https:\/\/www.cocondedecoration.com\/blog\/wp-content\/uploads\/2024\/07\/table-2-personnes-pas-cher-maisons-du-monde.006-500x500.jpeg 500w, https:\/\/www.cocondedecoration.com\/blog\/wp-content\/uploads\/2024\/07\/table-2-personnes-pas-cher-maisons-du-monde.006.jpeg 650w\" sizes=\"(max-width: 640px) 100vw, 640px\" \/><\/a><figcaption class=\"wp-element-caption\">Table \u00e0 manger 2 personnes ronde en bois - Maisons du Monde<\/figcaption><\/figure>\n\n\n\n<div class=\"wp-block-buttons is-content-justification-center is-layout-flex wp-container-core-buttons-layout-15 wp-block-buttons-is-layout-flex\">\n<div class=\"wp-block-button\"><a class=\"wp-block-button__link wp-element-button\" href=\"https:\/\/fnty.co\/c\/r-NxtZEgtR\" target=\"_blank\" rel=\"noreferrer noopener\">Acheter<\/a><\/div>\n<\/div>\n<\/div>\n<\/div>\n\n\n\n<div class=\"wp-block-columns is-layout-flex wp-container-core-columns-layout-4 wp-block-columns-is-layout-flex\">\n<div class=\"wp-block-column is-layout-flow wp-block-column-is-layout-flow\">\n<figure class=\"wp-block-image size-large\"><a href=\"https:\/\/www.cocondedecoration.com\/blog\/wp-content\/uploads\/2024\/07\/table-2-personne-qualite-drawer.001.jpeg\"><img loading=\"lazy\" decoding=\"async\" width=\"640\" height=\"640\" src=\"https:\/\/www.cocondedecoration.com\/blog\/wp-content\/uploads\/2024\/07\/table-2-personne-qualite-drawer.001-640x640.jpeg\" alt=\"Table \u00e0 manger 2 personnes ronde en bois\" class=\"wp-image-76497\" title=\"Table \u00e0 manger 2 personnes ronde en bois\" srcset=\"https:\/\/www.cocondedecoration.com\/blog\/wp-content\/uploads\/2024\/07\/table-2-personne-qualite-drawer.001-640x640.jpeg 640w, https:\/\/www.cocondedecoration.com\/blog\/wp-content\/uploads\/2024\/07\/table-2-personne-qualite-drawer.001-260x260.jpeg 260w, https:\/\/www.cocondedecoration.com\/blog\/wp-content\/uploads\/2024\/07\/table-2-personne-qualite-drawer.001-165x165.jpeg 165w, https:\/\/www.cocondedecoration.com\/blog\/wp-content\/uploads\/2024\/07\/table-2-personne-qualite-drawer.001-465x465.jpeg 465w, https:\/\/www.cocondedecoration.com\/blog\/wp-content\/uploads\/2024\/07\/table-2-personne-qualite-drawer.001-500x500.jpeg 500w, https:\/\/www.cocondedecoration.com\/blog\/wp-content\/uploads\/2024\/07\/table-2-personne-qualite-drawer.001.jpeg 650w\" sizes=\"(max-width: 640px) 100vw, 640px\" \/><\/a><figcaption class=\"wp-element-caption\">Table \u00e0 manger 2 personnes ronde en bois - Drawer<\/figcaption><\/figure>\n\n\n\n<div class=\"wp-block-buttons is-content-justification-center is-layout-flex wp-container-core-buttons-layout-16 wp-block-buttons-is-layout-flex\">\n<div class=\"wp-block-button\"><a class=\"wp-block-button__link wp-element-button\" href=\"https:\/\/c3po.link\/QwYFK9Bdsm\" target=\"_blank\" rel=\"noreferrer noopener\">Acheter<\/a><\/div>\n<\/div>\n<\/div>\n\n\n\n<div class=\"wp-block-column is-layout-flow wp-block-column-is-layout-flow\">\n<figure class=\"wp-block-image size-large\"><a href=\"https:\/\/www.cocondedecoration.com\/blog\/wp-content\/uploads\/2024\/07\/table-2-personne-qualite-drawer.002.jpeg\"><img loading=\"lazy\" decoding=\"async\" width=\"640\" height=\"640\" src=\"https:\/\/www.cocondedecoration.com\/blog\/wp-content\/uploads\/2024\/07\/table-2-personne-qualite-drawer.002-640x640.jpeg\" alt=\"Table \u00e0 manger 2 personnes ronde effet marbre\" class=\"wp-image-76498\" title=\"Table \u00e0 manger 2 personnes ronde effet marbre\" srcset=\"https:\/\/www.cocondedecoration.com\/blog\/wp-content\/uploads\/2024\/07\/table-2-personne-qualite-drawer.002-640x640.jpeg 640w, https:\/\/www.cocondedecoration.com\/blog\/wp-content\/uploads\/2024\/07\/table-2-personne-qualite-drawer.002-260x260.jpeg 260w, https:\/\/www.cocondedecoration.com\/blog\/wp-content\/uploads\/2024\/07\/table-2-personne-qualite-drawer.002-165x165.jpeg 165w, https:\/\/www.cocondedecoration.com\/blog\/wp-content\/uploads\/2024\/07\/table-2-personne-qualite-drawer.002-465x465.jpeg 465w, https:\/\/www.cocondedecoration.com\/blog\/wp-content\/uploads\/2024\/07\/table-2-personne-qualite-drawer.002-500x500.jpeg 500w, https:\/\/www.cocondedecoration.com\/blog\/wp-content\/uploads\/2024\/07\/table-2-personne-qualite-drawer.002.jpeg 650w\" sizes=\"(max-width: 640px) 100vw, 640px\" \/><\/a><figcaption class=\"wp-element-caption\">Table \u00e0 manger 2 personnes ronde effet marbre - Drawer<\/figcaption><\/figure>\n\n\n\n<div class=\"wp-block-buttons is-content-justification-center is-layout-flex wp-container-core-buttons-layout-17 wp-block-buttons-is-layout-flex\">\n<div class=\"wp-block-button\"><a class=\"wp-block-button__link wp-element-button\" href=\"https:\/\/c3po.link\/QCuN6tzbZW\" target=\"_blank\" rel=\"noreferrer noopener\">Acheter<\/a><\/div>\n<\/div>\n<\/div>\n\n\n\n<div class=\"wp-block-column is-layout-flow wp-block-column-is-layout-flow\">\n<figure class=\"wp-block-image size-large\"><a href=\"https:\/\/www.cocondedecoration.com\/blog\/wp-content\/uploads\/2024\/07\/table-2-personne-qualite-drawer.003.jpeg\"><img loading=\"lazy\" decoding=\"async\" width=\"640\" height=\"640\" src=\"https:\/\/www.cocondedecoration.com\/blog\/wp-content\/uploads\/2024\/07\/table-2-personne-qualite-drawer.003-640x640.jpeg\" alt=\"Table \u00e0 manger pliable en bois 170x90cm\" class=\"wp-image-76499\" title=\"Table \u00e0 manger pliable en bois 170x90cm\" srcset=\"https:\/\/www.cocondedecoration.com\/blog\/wp-content\/uploads\/2024\/07\/table-2-personne-qualite-drawer.003-640x640.jpeg 640w, https:\/\/www.cocondedecoration.com\/blog\/wp-content\/uploads\/2024\/07\/table-2-personne-qualite-drawer.003-260x260.jpeg 260w, https:\/\/www.cocondedecoration.com\/blog\/wp-content\/uploads\/2024\/07\/table-2-personne-qualite-drawer.003-165x165.jpeg 165w, https:\/\/www.cocondedecoration.com\/blog\/wp-content\/uploads\/2024\/07\/table-2-personne-qualite-drawer.003-465x465.jpeg 465w, https:\/\/www.cocondedecoration.com\/blog\/wp-content\/uploads\/2024\/07\/table-2-personne-qualite-drawer.003-500x500.jpeg 500w, https:\/\/www.cocondedecoration.com\/blog\/wp-content\/uploads\/2024\/07\/table-2-personne-qualite-drawer.003.jpeg 650w\" sizes=\"(max-width: 640px) 100vw, 640px\" \/><\/a><figcaption class=\"wp-element-caption\">Table \u00e0 manger pliable en bois - Drawer<\/figcaption><\/figure>\n\n\n\n<div class=\"wp-block-buttons is-content-justification-center is-layout-flex wp-container-core-buttons-layout-18 wp-block-buttons-is-layout-flex\">\n<div class=\"wp-block-button\"><a class=\"wp-block-button__link wp-element-button\" href=\"https:\/\/c3po.link\/Qh5DTZEaxK\" target=\"_blank\" rel=\"noreferrer noopener\">Acheter<\/a><\/div>\n<\/div>\n<\/div>\n<\/div>\n\n\n\n<h2 class=\"wp-block-heading\">Comment choisir une petite table pour ne pas perdre de place?<\/h2>\n\n\n\n<p>Diff\u00e9rents crit\u00e8res sont \u00e0 prendre en compte quant au choix des meubles qui vont composer votre coin repas. Dans un petit espace, on ne peut pas se permettre de perdre de la place sans raison. Et vous le verrez, ce n'est pas qu'une question de taille de la table. <\/p>\n\n\n\n<h3 class=\"wp-block-heading\">Quelle taille de table pour un coin repas? <\/h3>\n\n\n\n<p>Dans cet article, il est question des tables pour 2 personnes. Les mesures standards du plateau sont de 60 x 70 ou 70 x 70 cm pour les tables carr\u00e9es. Il faut compter aussi 70 cm de diam\u00e8tre pour une table ronde pour pouvoir y manger \u00e0 2. Histoire que votre coin repas soit agr\u00e9able au quotidien, faites en sorte notamment dans le s\u00e9jour, d'avoir un meuble d'appoint o\u00f9 poser vos plats. 70 cm permettent de poser une assiette et la vaisselle relative au repas mais il est difficile d'en mettre beaucoup plus. Une petite desserte ou un bout de canap\u00e9 \u00e0 proximit\u00e9 peuvent vous d\u00e9panner sans pour autant vous faire perdre de la place. <\/p>\n\n\n\n<h3 class=\"wp-block-heading\">La forme du plateau pour une petite table de repas<\/h3>\n\n\n\n<p>Une table carr\u00e9e ou rectangulaire quand on cherche \u00e0 l'accoler \u00e0 un mur est plus pratique. Cette forme convient aussi si vous avez une banquette d'angle, vous pourrez ajouter un ou deux tabouret si vous recevez de temps en temps. <br>Une table ronde ne s'accole pas si facilement \u00e0 un mur, le r\u00e9sultat esth\u00e9tique n'est pas forc\u00e9ment au rendez-vous. En revanche, ce type de table est int\u00e9ressant si vous avez un angle vide et que vous voulez y installer votre coin repas. La table ronde s'int\u00e8gre elle aussi parfaitement \u00e0 une banquette d'angle. <\/p>\n\n\n\n<h3 class=\"wp-block-heading\">Cr\u00e9er un coin repas: Le ou les pieds de table<\/h3>\n\n\n\n<p>En plus de la forme du plateau, il faudra pr\u00eater attention au pi\u00e8tement de la table: 4 pieds, 3 pieds, 1 pied central... Il y a bien s\u00fbr un int\u00e9r\u00eat esth\u00e9tique. Mais j'avoue que ce qui m'int\u00e9resse le plus c'est le c\u00f4t\u00e9 fonctionnel. Si vous ne mangez qu'\u00e0 deux sur votre table, vous ne serez pas ennuy\u00e9(e) par les pieds de chaque c\u00f4t\u00e9. En revanche, si vous recevez de temps en temps un troisi\u00e8me convive, un pi\u00e8tement central ne d\u00e9rangera personne. <\/p>\n\n\n\n<h3 class=\"wp-block-heading\">Les chaises de votre coin repas pour 2 personnes <\/h3>\n\n\n\n<p>Pour votre coin repas, la table n'est pas le seul \u00e9l\u00e9ment \u00e0 prendre en compte. Les assises vont jouer un r\u00f4le. Elles peuvent \u00eatre plus ou moins encombrantes. Eviter un dossier trop haut, les fauteuils de table avec des accoudoirs trop imposants. Choisissez des mod\u00e8les visuellement l\u00e9gers. J'aime aussi l'option des tabourets qui se rangement tr\u00e8s facilement sous la table quand on ne s'en sert pas et qui se font oublier. <\/p>\n\n\n\n<h2 class=\"wp-block-heading\">Id\u00e9e d\u00e9co pour un coin repas pour 2 personnes <\/h2>\n\n\n\n<h3 class=\"wp-block-heading\">Un coin repas pour 2 dans une petite cuisine <\/h3>\n\n\n\n<p>La forme de votre cuisine va d\u00e9finir l'endroit o\u00f9 vous aller installer votre coin repas. L'id\u00e9al est de placer la table pr\u00e8s d'une fen\u00eatre pour profiter de la luminosit\u00e9 naturelle pendant vos repas. Ce n'est n\u00e9anmoins pas possible tout le temps. Veillez donc toujours \u00e0 laisser suffisamment de place pour circuler et ouvrir les placards de cuisine. (Minimum 60 cm, vraiment minimum). Imaginons que vous n'avez pas cette place, dans ce cas, il est pr\u00e9f\u00e9rable de choisir un mod\u00e8le de table pliante ou une tablette murale rabattable. Vous d\u00e9plierez le montant uniquement au moment de passer \u00e0 table pour le temps du repas. <\/p>\n\n\n\n<figure class=\"wp-block-gallery has-nested-images columns-default is-cropped wp-block-gallery-1 is-layout-flex wp-block-gallery-is-layout-flex\">\n<figure class=\"wp-block-image\"><img loading=\"lazy\" decoding=\"async\" width=\"640\" height=\"960\" data-id=\"35350\" src=\"https:\/\/www.cocondedecoration.com\/blog\/wp-content\/uploads\/2021\/03\/espace-repas-petite-cuisine-exemple-1-640x960.jpeg\" alt=\"espace repas petite cuisine exemple lumi\u00e8re naturelle fen\u00eatre table demi cercle\" class=\"wp-image-35350\" srcset=\"https:\/\/www.cocondedecoration.com\/blog\/wp-content\/uploads\/2021\/03\/espace-repas-petite-cuisine-exemple-1-640x960.jpeg 640w, https:\/\/www.cocondedecoration.com\/blog\/wp-content\/uploads\/2021\/03\/espace-repas-petite-cuisine-exemple-1-260x390.jpeg 260w, https:\/\/www.cocondedecoration.com\/blog\/wp-content\/uploads\/2021\/03\/espace-repas-petite-cuisine-exemple-1-768x1152.jpeg 768w, https:\/\/www.cocondedecoration.com\/blog\/wp-content\/uploads\/2021\/03\/espace-repas-petite-cuisine-exemple-1-367x550.jpeg 367w, https:\/\/www.cocondedecoration.com\/blog\/wp-content\/uploads\/2021\/03\/espace-repas-petite-cuisine-exemple-1-333x500.jpeg 333w, https:\/\/www.cocondedecoration.com\/blog\/wp-content\/uploads\/2021\/03\/espace-repas-petite-cuisine-exemple-1.jpeg 1000w\" sizes=\"(max-width: 640px) 100vw, 640px\" \/><\/figure>\n\n\n\n<figure class=\"wp-block-image\"><img loading=\"lazy\" decoding=\"async\" width=\"640\" height=\"960\" data-id=\"35351\" src=\"https:\/\/www.cocondedecoration.com\/blog\/wp-content\/uploads\/2021\/03\/espace-repas-petite-cuisine-exemple-2-640x960.jpeg\" alt=\"espace repas petite cuisine exemple banquette coin angle coussin fen\u00eatre\" class=\"wp-image-35351\" srcset=\"https:\/\/www.cocondedecoration.com\/blog\/wp-content\/uploads\/2021\/03\/espace-repas-petite-cuisine-exemple-2-640x960.jpeg 640w, https:\/\/www.cocondedecoration.com\/blog\/wp-content\/uploads\/2021\/03\/espace-repas-petite-cuisine-exemple-2-260x390.jpeg 260w, https:\/\/www.cocondedecoration.com\/blog\/wp-content\/uploads\/2021\/03\/espace-repas-petite-cuisine-exemple-2-768x1152.jpeg 768w, https:\/\/www.cocondedecoration.com\/blog\/wp-content\/uploads\/2021\/03\/espace-repas-petite-cuisine-exemple-2-367x550.jpeg 367w, https:\/\/www.cocondedecoration.com\/blog\/wp-content\/uploads\/2021\/03\/espace-repas-petite-cuisine-exemple-2-333x500.jpeg 333w, https:\/\/www.cocondedecoration.com\/blog\/wp-content\/uploads\/2021\/03\/espace-repas-petite-cuisine-exemple-2.jpeg 1000w\" sizes=\"(max-width: 640px) 100vw, 640px\" \/><\/figure>\n\n\n\n<figure class=\"wp-block-image\"><img loading=\"lazy\" decoding=\"async\" width=\"640\" height=\"960\" data-id=\"35352\" src=\"https:\/\/www.cocondedecoration.com\/blog\/wp-content\/uploads\/2021\/03\/espace-repas-petite-cuisine-exemple-3-640x960.jpeg\" alt=\"espace repas petite cuisine exemple mobilier moderne bois et blanc table bois scandinave\" class=\"wp-image-35352\" srcset=\"https:\/\/www.cocondedecoration.com\/blog\/wp-content\/uploads\/2021\/03\/espace-repas-petite-cuisine-exemple-3-640x960.jpeg 640w, https:\/\/www.cocondedecoration.com\/blog\/wp-content\/uploads\/2021\/03\/espace-repas-petite-cuisine-exemple-3-260x390.jpeg 260w, https:\/\/www.cocondedecoration.com\/blog\/wp-content\/uploads\/2021\/03\/espace-repas-petite-cuisine-exemple-3-768x1152.jpeg 768w, https:\/\/www.cocondedecoration.com\/blog\/wp-content\/uploads\/2021\/03\/espace-repas-petite-cuisine-exemple-3-367x550.jpeg 367w, https:\/\/www.cocondedecoration.com\/blog\/wp-content\/uploads\/2021\/03\/espace-repas-petite-cuisine-exemple-3-333x500.jpeg 333w, https:\/\/www.cocondedecoration.com\/blog\/wp-content\/uploads\/2021\/03\/espace-repas-petite-cuisine-exemple-3.jpeg 1000w\" sizes=\"(max-width: 640px) 100vw, 640px\" \/><\/figure>\n\n\n\n<figure class=\"wp-block-image\"><img loading=\"lazy\" decoding=\"async\" width=\"640\" height=\"960\" data-id=\"35353\" src=\"https:\/\/www.cocondedecoration.com\/blog\/wp-content\/uploads\/2021\/03\/espace-repas-petite-cuisine-exemple-4-640x960.jpeg\" alt=\"espace repas petite cuisine exemple table ronde 3 personnes chaises color\u00e9es \" class=\"wp-image-35353\" srcset=\"https:\/\/www.cocondedecoration.com\/blog\/wp-content\/uploads\/2021\/03\/espace-repas-petite-cuisine-exemple-4-640x960.jpeg 640w, https:\/\/www.cocondedecoration.com\/blog\/wp-content\/uploads\/2021\/03\/espace-repas-petite-cuisine-exemple-4-260x390.jpeg 260w, https:\/\/www.cocondedecoration.com\/blog\/wp-content\/uploads\/2021\/03\/espace-repas-petite-cuisine-exemple-4-768x1152.jpeg 768w, https:\/\/www.cocondedecoration.com\/blog\/wp-content\/uploads\/2021\/03\/espace-repas-petite-cuisine-exemple-4-367x550.jpeg 367w, https:\/\/www.cocondedecoration.com\/blog\/wp-content\/uploads\/2021\/03\/espace-repas-petite-cuisine-exemple-4-333x500.jpeg 333w, https:\/\/www.cocondedecoration.com\/blog\/wp-content\/uploads\/2021\/03\/espace-repas-petite-cuisine-exemple-4.jpeg 1000w\" sizes=\"(max-width: 640px) 100vw, 640px\" \/><\/figure>\n\n\n\n<figure class=\"wp-block-image\"><img loading=\"lazy\" decoding=\"async\" width=\"640\" height=\"960\" data-id=\"35354\" src=\"https:\/\/www.cocondedecoration.com\/blog\/wp-content\/uploads\/2021\/03\/espace-repas-petite-cuisine-exemple-5-640x960.jpeg\" alt=\"espace repas petite cuisine exemple table accroch\u00e9e au mur tabouret cuisine moderne et agr\u00e9able\" class=\"wp-image-35354\" srcset=\"https:\/\/www.cocondedecoration.com\/blog\/wp-content\/uploads\/2021\/03\/espace-repas-petite-cuisine-exemple-5-640x960.jpeg 640w, https:\/\/www.cocondedecoration.com\/blog\/wp-content\/uploads\/2021\/03\/espace-repas-petite-cuisine-exemple-5-260x390.jpeg 260w, https:\/\/www.cocondedecoration.com\/blog\/wp-content\/uploads\/2021\/03\/espace-repas-petite-cuisine-exemple-5-768x1152.jpeg 768w, https:\/\/www.cocondedecoration.com\/blog\/wp-content\/uploads\/2021\/03\/espace-repas-petite-cuisine-exemple-5-367x550.jpeg 367w, https:\/\/www.cocondedecoration.com\/blog\/wp-content\/uploads\/2021\/03\/espace-repas-petite-cuisine-exemple-5-333x500.jpeg 333w, https:\/\/www.cocondedecoration.com\/blog\/wp-content\/uploads\/2021\/03\/espace-repas-petite-cuisine-exemple-5.jpeg 1000w\" sizes=\"(max-width: 640px) 100vw, 640px\" \/><\/figure>\n\n\n\n<figure class=\"wp-block-image\"><img loading=\"lazy\" decoding=\"async\" width=\"640\" height=\"960\" data-id=\"35355\" src=\"https:\/\/www.cocondedecoration.com\/blog\/wp-content\/uploads\/2021\/03\/espace-repas-petite-cuisine-exemple-6-640x960.jpeg\" alt=\"espace repas petite cuisine exemple table pliante en bois avec chaises d\u00e9coratives ambiance moderne\" class=\"wp-image-35355\" srcset=\"https:\/\/www.cocondedecoration.com\/blog\/wp-content\/uploads\/2021\/03\/espace-repas-petite-cuisine-exemple-6-640x960.jpeg 640w, https:\/\/www.cocondedecoration.com\/blog\/wp-content\/uploads\/2021\/03\/espace-repas-petite-cuisine-exemple-6-260x390.jpeg 260w, https:\/\/www.cocondedecoration.com\/blog\/wp-content\/uploads\/2021\/03\/espace-repas-petite-cuisine-exemple-6-768x1152.jpeg 768w, https:\/\/www.cocondedecoration.com\/blog\/wp-content\/uploads\/2021\/03\/espace-repas-petite-cuisine-exemple-6-367x550.jpeg 367w, https:\/\/www.cocondedecoration.com\/blog\/wp-content\/uploads\/2021\/03\/espace-repas-petite-cuisine-exemple-6-333x500.jpeg 333w, https:\/\/www.cocondedecoration.com\/blog\/wp-content\/uploads\/2021\/03\/espace-repas-petite-cuisine-exemple-6.jpeg 1000w\" sizes=\"(max-width: 640px) 100vw, 640px\" \/><\/figure>\n<\/figure>\n\n\n\n<p class=\"has-text-align-center has-small-font-size\"><a href=\"https:\/\/www.pinterest.fr\/pin\/16395986130303966\/\" target=\"_blank\" rel=\"noreferrer noopener\" aria-label=\"1 (s\u2019ouvre dans un nouvel onglet)\">1<\/a> \/ <a rel=\"noreferrer noopener\" aria-label=\"2 (s\u2019ouvre dans un nouvel onglet)\" href=\"https:\/\/www.pinterest.fr\/pin\/158470480619106301\/\" target=\"_blank\">2<\/a> \/ <a rel=\"noreferrer noopener\" aria-label=\"3 (s\u2019ouvre dans un nouvel onglet)\" href=\"https:\/\/www.pinterest.fr\/pin\/184718022204973516\/\" target=\"_blank\">3<\/a> \/ <a rel=\"noreferrer noopener\" aria-label=\"4 (s\u2019ouvre dans un nouvel onglet)\" href=\"https:\/\/www.pinterest.fr\/pin\/18155204734150375\/\" target=\"_blank\">4<\/a> \/ <a rel=\"noreferrer noopener\" aria-label=\"5 (s\u2019ouvre dans un nouvel onglet)\" href=\"https:\/\/www.pinterest.fr\/pin\/230668812449829351\/\" target=\"_blank\">5<\/a> \/ <a rel=\"noreferrer noopener\" aria-label=\"6 (s\u2019ouvre dans un nouvel onglet)\" href=\"https:\/\/www.pinterest.fr\/pin\/380906080983451978\/\" target=\"_blank\">6<\/a><\/p>\n\n\n\n<h3 class=\"wp-block-heading\">Coin repas pour 2 personnes dans la pi\u00e8ce de vie <\/h3>\n\n\n\n<p>L'alternative au coin repas dans la cuisine est de l'installer dans le salon. G\u00e9n\u00e9ralement on a plus de place dans la pi\u00e8ce de vie. C'est le cas aussi dans un studio o\u00f9 toutes les fonctions se retrouvent dans un seul espace. Comme je l'expliquais plus haut, ce qui est int\u00e9ressant dans le salon c'est qu'on peut lib\u00e9rer un angle de la pi\u00e8ce pour y installer une petite table. Le d\u00e9rangement est moindre. On peut aussi profiter de l'espace libre au mur pour installer quelques \u00e9tag\u00e8res pour cr\u00e9er du rangement et + ou une touche d\u00e9co suppl\u00e9mentaires.<\/p>\n\n\n\n<figure class=\"wp-block-gallery has-nested-images columns-default is-cropped wp-block-gallery-2 is-layout-flex wp-block-gallery-is-layout-flex\">\n<figure class=\"wp-block-image\"><img loading=\"lazy\" decoding=\"async\" width=\"640\" height=\"960\" data-id=\"35356\" src=\"https:\/\/www.cocondedecoration.com\/blog\/wp-content\/uploads\/2021\/03\/espace-repas-petite-piece-a-vivre-exemple-1-640x960.jpeg\" alt=\"espace repas petite piece a vivre exemple studio apparement \u00e9tudiant espace ouvert cuisine salon s\u00e9jour table ronde chaise noire \u00e9tag\u00e8res\" class=\"wp-image-35356\" srcset=\"https:\/\/www.cocondedecoration.com\/blog\/wp-content\/uploads\/2021\/03\/espace-repas-petite-piece-a-vivre-exemple-1-640x960.jpeg 640w, https:\/\/www.cocondedecoration.com\/blog\/wp-content\/uploads\/2021\/03\/espace-repas-petite-piece-a-vivre-exemple-1-260x390.jpeg 260w, https:\/\/www.cocondedecoration.com\/blog\/wp-content\/uploads\/2021\/03\/espace-repas-petite-piece-a-vivre-exemple-1-768x1152.jpeg 768w, https:\/\/www.cocondedecoration.com\/blog\/wp-content\/uploads\/2021\/03\/espace-repas-petite-piece-a-vivre-exemple-1-367x550.jpeg 367w, https:\/\/www.cocondedecoration.com\/blog\/wp-content\/uploads\/2021\/03\/espace-repas-petite-piece-a-vivre-exemple-1-333x500.jpeg 333w, https:\/\/www.cocondedecoration.com\/blog\/wp-content\/uploads\/2021\/03\/espace-repas-petite-piece-a-vivre-exemple-1.jpeg 1000w\" sizes=\"(max-width: 640px) 100vw, 640px\" \/><\/figure>\n\n\n\n<figure class=\"wp-block-image\"><img loading=\"lazy\" decoding=\"async\" width=\"640\" height=\"960\" data-id=\"35357\" src=\"https:\/\/www.cocondedecoration.com\/blog\/wp-content\/uploads\/2021\/03\/espace-repas-petite-piece-a-vivre-exemple-2-640x960.jpeg\" alt=\"espace repas petite piece a vivre exemple salon canap\u00e9 table ronde en bois table en cuir moderne\" class=\"wp-image-35357\" srcset=\"https:\/\/www.cocondedecoration.com\/blog\/wp-content\/uploads\/2021\/03\/espace-repas-petite-piece-a-vivre-exemple-2-640x960.jpeg 640w, https:\/\/www.cocondedecoration.com\/blog\/wp-content\/uploads\/2021\/03\/espace-repas-petite-piece-a-vivre-exemple-2-260x390.jpeg 260w, https:\/\/www.cocondedecoration.com\/blog\/wp-content\/uploads\/2021\/03\/espace-repas-petite-piece-a-vivre-exemple-2-768x1152.jpeg 768w, https:\/\/www.cocondedecoration.com\/blog\/wp-content\/uploads\/2021\/03\/espace-repas-petite-piece-a-vivre-exemple-2-367x550.jpeg 367w, https:\/\/www.cocondedecoration.com\/blog\/wp-content\/uploads\/2021\/03\/espace-repas-petite-piece-a-vivre-exemple-2-333x500.jpeg 333w, https:\/\/www.cocondedecoration.com\/blog\/wp-content\/uploads\/2021\/03\/espace-repas-petite-piece-a-vivre-exemple-2.jpeg 1000w\" sizes=\"(max-width: 640px) 100vw, 640px\" \/><\/figure>\n\n\n\n<figure class=\"wp-block-image\"><img loading=\"lazy\" decoding=\"async\" width=\"640\" height=\"960\" data-id=\"35358\" src=\"https:\/\/www.cocondedecoration.com\/blog\/wp-content\/uploads\/2021\/03\/espace-repas-petite-piece-a-vivre-exemple-3-640x960.jpeg\" alt=\"espace repas petite piece a vivre exemple angle salon plantes vertes cadres d\u00e9co petite table bistrot ronde\" class=\"wp-image-35358\" srcset=\"https:\/\/www.cocondedecoration.com\/blog\/wp-content\/uploads\/2021\/03\/espace-repas-petite-piece-a-vivre-exemple-3-640x960.jpeg 640w, https:\/\/www.cocondedecoration.com\/blog\/wp-content\/uploads\/2021\/03\/espace-repas-petite-piece-a-vivre-exemple-3-260x390.jpeg 260w, https:\/\/www.cocondedecoration.com\/blog\/wp-content\/uploads\/2021\/03\/espace-repas-petite-piece-a-vivre-exemple-3-768x1152.jpeg 768w, https:\/\/www.cocondedecoration.com\/blog\/wp-content\/uploads\/2021\/03\/espace-repas-petite-piece-a-vivre-exemple-3-367x550.jpeg 367w, https:\/\/www.cocondedecoration.com\/blog\/wp-content\/uploads\/2021\/03\/espace-repas-petite-piece-a-vivre-exemple-3-333x500.jpeg 333w, https:\/\/www.cocondedecoration.com\/blog\/wp-content\/uploads\/2021\/03\/espace-repas-petite-piece-a-vivre-exemple-3.jpeg 1000w\" sizes=\"(max-width: 640px) 100vw, 640px\" \/><\/figure>\n\n\n\n<figure class=\"wp-block-image\"><img loading=\"lazy\" decoding=\"async\" width=\"640\" height=\"960\" data-id=\"35359\" src=\"https:\/\/www.cocondedecoration.com\/blog\/wp-content\/uploads\/2021\/03\/espace-repas-petite-piece-a-vivre-exemple-4-640x960.jpeg\" alt=\"espace repas petite piece a vivre exemple table rectangulaire pliante pos\u00e9e sur mir \u00e9tag\u00e8re murale espace lumineux\" class=\"wp-image-35359\" srcset=\"https:\/\/www.cocondedecoration.com\/blog\/wp-content\/uploads\/2021\/03\/espace-repas-petite-piece-a-vivre-exemple-4-640x960.jpeg 640w, https:\/\/www.cocondedecoration.com\/blog\/wp-content\/uploads\/2021\/03\/espace-repas-petite-piece-a-vivre-exemple-4-260x390.jpeg 260w, https:\/\/www.cocondedecoration.com\/blog\/wp-content\/uploads\/2021\/03\/espace-repas-petite-piece-a-vivre-exemple-4-768x1152.jpeg 768w, https:\/\/www.cocondedecoration.com\/blog\/wp-content\/uploads\/2021\/03\/espace-repas-petite-piece-a-vivre-exemple-4-367x550.jpeg 367w, https:\/\/www.cocondedecoration.com\/blog\/wp-content\/uploads\/2021\/03\/espace-repas-petite-piece-a-vivre-exemple-4-333x500.jpeg 333w, https:\/\/www.cocondedecoration.com\/blog\/wp-content\/uploads\/2021\/03\/espace-repas-petite-piece-a-vivre-exemple-4.jpeg 1000w\" sizes=\"(max-width: 640px) 100vw, 640px\" \/><\/figure>\n\n\n\n<figure class=\"wp-block-image\"><img loading=\"lazy\" decoding=\"async\" width=\"640\" height=\"960\" data-id=\"35360\" src=\"https:\/\/www.cocondedecoration.com\/blog\/wp-content\/uploads\/2021\/03\/espace-repas-petite-piece-a-vivre-exemple-5-640x960.jpeg\" alt=\"espace repas petite piece a vivre exemple table ronde ne bois chaises vintage \u00e9tag\u00e8res murale\" class=\"wp-image-35360\" srcset=\"https:\/\/www.cocondedecoration.com\/blog\/wp-content\/uploads\/2021\/03\/espace-repas-petite-piece-a-vivre-exemple-5-640x960.jpeg 640w, https:\/\/www.cocondedecoration.com\/blog\/wp-content\/uploads\/2021\/03\/espace-repas-petite-piece-a-vivre-exemple-5-260x390.jpeg 260w, https:\/\/www.cocondedecoration.com\/blog\/wp-content\/uploads\/2021\/03\/espace-repas-petite-piece-a-vivre-exemple-5-768x1152.jpeg 768w, https:\/\/www.cocondedecoration.com\/blog\/wp-content\/uploads\/2021\/03\/espace-repas-petite-piece-a-vivre-exemple-5-367x550.jpeg 367w, https:\/\/www.cocondedecoration.com\/blog\/wp-content\/uploads\/2021\/03\/espace-repas-petite-piece-a-vivre-exemple-5-333x500.jpeg 333w, https:\/\/www.cocondedecoration.com\/blog\/wp-content\/uploads\/2021\/03\/espace-repas-petite-piece-a-vivre-exemple-5.jpeg 1000w\" sizes=\"(max-width: 640px) 100vw, 640px\" \/><\/figure>\n\n\n\n<figure class=\"wp-block-image\"><img loading=\"lazy\" decoding=\"async\" width=\"640\" height=\"960\" data-id=\"35361\" src=\"https:\/\/www.cocondedecoration.com\/blog\/wp-content\/uploads\/2021\/03\/espace-repas-petite-piece-a-vivre-exemple-6-640x960.jpeg\" alt=\"espace repas petite piece a vivre exemple petite banquette d'angle table tonde pied central plantes vertes d\u00e9cor salon s\u00e9jour moderne\" class=\"wp-image-35361\" srcset=\"https:\/\/www.cocondedecoration.com\/blog\/wp-content\/uploads\/2021\/03\/espace-repas-petite-piece-a-vivre-exemple-6-640x960.jpeg 640w, https:\/\/www.cocondedecoration.com\/blog\/wp-content\/uploads\/2021\/03\/espace-repas-petite-piece-a-vivre-exemple-6-260x390.jpeg 260w, https:\/\/www.cocondedecoration.com\/blog\/wp-content\/uploads\/2021\/03\/espace-repas-petite-piece-a-vivre-exemple-6-768x1152.jpeg 768w, https:\/\/www.cocondedecoration.com\/blog\/wp-content\/uploads\/2021\/03\/espace-repas-petite-piece-a-vivre-exemple-6-367x550.jpeg 367w, https:\/\/www.cocondedecoration.com\/blog\/wp-content\/uploads\/2021\/03\/espace-repas-petite-piece-a-vivre-exemple-6-333x500.jpeg 333w, https:\/\/www.cocondedecoration.com\/blog\/wp-content\/uploads\/2021\/03\/espace-repas-petite-piece-a-vivre-exemple-6.jpeg 1000w\" sizes=\"(max-width: 640px) 100vw, 640px\" \/><\/figure>\n<\/figure>\n\n\n\n<p class=\"has-text-align-center has-small-font-size\"><a rel=\"noreferrer noopener\" aria-label=\"1 (s\u2019ouvre dans un nouvel onglet)\" href=\"https:\/\/www.pinterest.fr\/pin\/221380137911643019\/\" target=\"_blank\">1<\/a> \/ <a rel=\"noreferrer noopener\" aria-label=\"2 (s\u2019ouvre dans un nouvel onglet)\" href=\"https:\/\/www.pinterest.fr\/pin\/63965257195298622\/\" target=\"_blank\">2<\/a> \/ <a rel=\"noreferrer noopener\" aria-label=\"3 (s\u2019ouvre dans un nouvel onglet)\" href=\"https:\/\/www.pinterest.fr\/pin\/AUbPFHbMpe-W-QKGg9BkAFXuFEQiSSRGpfG7nMxJa8I12OekgtdTNQM\/\" target=\"_blank\">3<\/a> \/ <a rel=\"noreferrer noopener\" aria-label=\"4 (s\u2019ouvre dans un nouvel onglet)\" href=\"https:\/\/www.pinterest.fr\/pin\/294704369358533976\/\" target=\"_blank\">4<\/a> \/ <a rel=\"noreferrer noopener\" aria-label=\"5 (s\u2019ouvre dans un nouvel onglet)\" href=\"https:\/\/www.pinterest.fr\/pin\/207376757820028947\/\" target=\"_blank\">5<\/a> \/ <a rel=\"noreferrer noopener\" aria-label=\"6 (s\u2019ouvre dans un nouvel onglet)\" href=\"https:\/\/www.pinterest.fr\/pin\/656610820669796186\/\" target=\"_blank\">6<\/a><\/p>\n\n\n\n<hr class=\"wp-block-separator has-css-opacity is-style-wide\"\/>\n\n\n\n<div class=\"wp-block-columns has-2-columns is-layout-flex wp-container-core-columns-layout-5 wp-block-columns-is-layout-flex\">\n<div class=\"wp-block-column is-layout-flow wp-block-column-is-layout-flow\"><div class='white' style='background:rgba(0,0,0,0); border:solid 0px rgba(0,0,0,0); border-radius:0px; padding:0px 0px 0px 0px;'>\n<div id='slider_64019' class='owl-carousel sa_owl_theme owl-pagination-true autohide-arrows' data-slider-id='slider_64019' style='visibility:hidden;'>\n<div id='slider_64019_slide01' class='sa_hover_container' style='padding:5% 5%; margin:0px 0%; '><p><img loading=\"lazy\" decoding=\"async\" class=\"aligncenter size-full wp-image-64021\" src=\"https:\/\/www.cocondedecoration.com\/blog\/wp-content\/uploads\/2023\/08\/petit-logement-deco-chic-1.jpeg\" alt=\"petit logement deco chic Table ronde en mindy massif finition noyer 4 personnes\" width=\"500\" height=\"500\" srcset=\"https:\/\/www.cocondedecoration.com\/blog\/wp-content\/uploads\/2023\/08\/petit-logement-deco-chic-1.jpeg 500w, https:\/\/www.cocondedecoration.com\/blog\/wp-content\/uploads\/2023\/08\/petit-logement-deco-chic-1-165x165.jpeg 165w, https:\/\/www.cocondedecoration.com\/blog\/wp-content\/uploads\/2023\/08\/petit-logement-deco-chic-1-260x260.jpeg 260w, https:\/\/www.cocondedecoration.com\/blog\/wp-content\/uploads\/2023\/08\/petit-logement-deco-chic-1-465x465.jpeg 465w\" sizes=\"(max-width: 500px) 100vw, 500px\" \/><\/p><\/div>\n<div id='slider_64019_slide02' class='sa_hover_container' style='padding:5% 5%; margin:0px 0%; '><p><img loading=\"lazy\" decoding=\"async\" class=\"aligncenter size-full wp-image-64026\" src=\"https:\/\/www.cocondedecoration.com\/blog\/wp-content\/uploads\/2023\/08\/meuble-petit-logement-design-chic-1.jpeg\" alt=\"meuble petit logement design chic Canap\u00e9 convertible 2 places en velours\" width=\"500\" height=\"500\" srcset=\"https:\/\/www.cocondedecoration.com\/blog\/wp-content\/uploads\/2023\/08\/meuble-petit-logement-design-chic-1.jpeg 500w, https:\/\/www.cocondedecoration.com\/blog\/wp-content\/uploads\/2023\/08\/meuble-petit-logement-design-chic-1-165x165.jpeg 165w, https:\/\/www.cocondedecoration.com\/blog\/wp-content\/uploads\/2023\/08\/meuble-petit-logement-design-chic-1-260x260.jpeg 260w, https:\/\/www.cocondedecoration.com\/blog\/wp-content\/uploads\/2023\/08\/meuble-petit-logement-design-chic-1-465x465.jpeg 465w\" sizes=\"(max-width: 500px) 100vw, 500px\" \/><\/p><\/div>\n<div id='slider_64019_slide03' class='sa_hover_container' style='padding:5% 5%; margin:0px 0%; '><p><img loading=\"lazy\" decoding=\"async\" class=\"aligncenter size-full wp-image-64031\" src=\"https:\/\/www.cocondedecoration.com\/blog\/wp-content\/uploads\/2023\/08\/deco-petit-logement-design-moderne-1.jpeg\" alt=\"deco petit logement design moderne decoration mur Support \u00e0 photos\" width=\"500\" height=\"500\" srcset=\"https:\/\/www.cocondedecoration.com\/blog\/wp-content\/uploads\/2023\/08\/deco-petit-logement-design-moderne-1.jpeg 500w, https:\/\/www.cocondedecoration.com\/blog\/wp-content\/uploads\/2023\/08\/deco-petit-logement-design-moderne-1-165x165.jpeg 165w, https:\/\/www.cocondedecoration.com\/blog\/wp-content\/uploads\/2023\/08\/deco-petit-logement-design-moderne-1-260x260.jpeg 260w, https:\/\/www.cocondedecoration.com\/blog\/wp-content\/uploads\/2023\/08\/deco-petit-logement-design-moderne-1-465x465.jpeg 465w\" sizes=\"(max-width: 500px) 100vw, 500px\" \/><\/p><\/div>\n<div id='slider_64019_slide04' class='sa_hover_container' style='padding:5% 5%; margin:0px 0%; '><p><img loading=\"lazy\" decoding=\"async\" class=\"aligncenter size-full wp-image-64022\" src=\"https:\/\/www.cocondedecoration.com\/blog\/wp-content\/uploads\/2023\/08\/petit-logement-deco-chic-2.jpeg\" alt=\"petit logement deco chic Armoire vintage 2 portes 3 tiroirs\" width=\"500\" height=\"500\" srcset=\"https:\/\/www.cocondedecoration.com\/blog\/wp-content\/uploads\/2023\/08\/petit-logement-deco-chic-2.jpeg 500w, https:\/\/www.cocondedecoration.com\/blog\/wp-content\/uploads\/2023\/08\/petit-logement-deco-chic-2-165x165.jpeg 165w, https:\/\/www.cocondedecoration.com\/blog\/wp-content\/uploads\/2023\/08\/petit-logement-deco-chic-2-260x260.jpeg 260w, https:\/\/www.cocondedecoration.com\/blog\/wp-content\/uploads\/2023\/08\/petit-logement-deco-chic-2-465x465.jpeg 465w\" sizes=\"(max-width: 500px) 100vw, 500px\" \/><\/p><\/div>\n<div id='slider_64019_slide05' class='sa_hover_container' style='padding:5% 5%; margin:0px 0%; '><p><img loading=\"lazy\" decoding=\"async\" class=\"aligncenter size-full wp-image-64027\" src=\"https:\/\/www.cocondedecoration.com\/blog\/wp-content\/uploads\/2023\/08\/meuble-petit-logement-design-chic-2.jpeg\" alt=\"meuble petit logement design chic Lampadaire design m\u00e9tal finitions dor\u00e9es vintage\" width=\"500\" height=\"500\" srcset=\"https:\/\/www.cocondedecoration.com\/blog\/wp-content\/uploads\/2023\/08\/meuble-petit-logement-design-chic-2.jpeg 500w, https:\/\/www.cocondedecoration.com\/blog\/wp-content\/uploads\/2023\/08\/meuble-petit-logement-design-chic-2-165x165.jpeg 165w, https:\/\/www.cocondedecoration.com\/blog\/wp-content\/uploads\/2023\/08\/meuble-petit-logement-design-chic-2-260x260.jpeg 260w, https:\/\/www.cocondedecoration.com\/blog\/wp-content\/uploads\/2023\/08\/meuble-petit-logement-design-chic-2-465x465.jpeg 465w\" sizes=\"(max-width: 500px) 100vw, 500px\" \/><\/p><\/div>\n<div id='slider_64019_slide06' class='sa_hover_container' style='padding:5% 5%; margin:0px 0%; '><p><img loading=\"lazy\" decoding=\"async\" class=\"aligncenter size-full wp-image-64032\" src=\"https:\/\/www.cocondedecoration.com\/blog\/wp-content\/uploads\/2023\/08\/deco-petit-logement-design-moderne-2.jpeg\" alt=\"deco petit logement design moderne Lit en ch\u00eane pieds cr\u00e8mes 180 x 200 cm\" width=\"500\" height=\"500\" srcset=\"https:\/\/www.cocondedecoration.com\/blog\/wp-content\/uploads\/2023\/08\/deco-petit-logement-design-moderne-2.jpeg 500w, https:\/\/www.cocondedecoration.com\/blog\/wp-content\/uploads\/2023\/08\/deco-petit-logement-design-moderne-2-165x165.jpeg 165w, https:\/\/www.cocondedecoration.com\/blog\/wp-content\/uploads\/2023\/08\/deco-petit-logement-design-moderne-2-260x260.jpeg 260w, https:\/\/www.cocondedecoration.com\/blog\/wp-content\/uploads\/2023\/08\/deco-petit-logement-design-moderne-2-465x465.jpeg 465w\" sizes=\"(max-width: 500px) 100vw, 500px\" \/><\/p><\/div>\n<div id='slider_64019_slide07' class='sa_hover_container' style='padding:5% 5%; margin:0px 0%; '><p><img loading=\"lazy\" decoding=\"async\" class=\"aligncenter size-full wp-image-64023\" src=\"https:\/\/www.cocondedecoration.com\/blog\/wp-content\/uploads\/2023\/08\/petit-logement-deco-chic-3.jpeg\" alt=\"petit logement deco chic Chaise beige chin\u00e9 et noire\" width=\"500\" height=\"500\" srcset=\"https:\/\/www.cocondedecoration.com\/blog\/wp-content\/uploads\/2023\/08\/petit-logement-deco-chic-3.jpeg 500w, https:\/\/www.cocondedecoration.com\/blog\/wp-content\/uploads\/2023\/08\/petit-logement-deco-chic-3-165x165.jpeg 165w, https:\/\/www.cocondedecoration.com\/blog\/wp-content\/uploads\/2023\/08\/petit-logement-deco-chic-3-260x260.jpeg 260w, https:\/\/www.cocondedecoration.com\/blog\/wp-content\/uploads\/2023\/08\/petit-logement-deco-chic-3-465x465.jpeg 465w\" sizes=\"(max-width: 500px) 100vw, 500px\" \/><\/p><\/div>\n<div id='slider_64019_slide08' class='sa_hover_container' style='padding:5% 5%; margin:0px 0%; '><p><img loading=\"lazy\" decoding=\"async\" class=\"aligncenter size-full wp-image-64028\" src=\"https:\/\/www.cocondedecoration.com\/blog\/wp-content\/uploads\/2023\/08\/meuble-petit-logement-design-chic-3.jpeg\" alt=\"meuble petit logement design chic Tapis contemporain ovale \u00e9cru et noir\" width=\"500\" height=\"500\" srcset=\"https:\/\/www.cocondedecoration.com\/blog\/wp-content\/uploads\/2023\/08\/meuble-petit-logement-design-chic-3.jpeg 500w, https:\/\/www.cocondedecoration.com\/blog\/wp-content\/uploads\/2023\/08\/meuble-petit-logement-design-chic-3-165x165.jpeg 165w, https:\/\/www.cocondedecoration.com\/blog\/wp-content\/uploads\/2023\/08\/meuble-petit-logement-design-chic-3-260x260.jpeg 260w, https:\/\/www.cocondedecoration.com\/blog\/wp-content\/uploads\/2023\/08\/meuble-petit-logement-design-chic-3-465x465.jpeg 465w\" sizes=\"(max-width: 500px) 100vw, 500px\" \/><\/p><\/div>\n<div id='slider_64019_slide09' class='sa_hover_container' style='padding:5% 5%; margin:0px 0%; '><p><img loading=\"lazy\" decoding=\"async\" class=\"aligncenter size-full wp-image-64033\" src=\"https:\/\/www.cocondedecoration.com\/blog\/wp-content\/uploads\/2023\/08\/deco-petit-logement-design-moderne-3.jpeg\" alt=\"deco petit logement design moderne Syst\u00e8me d'\u00e9tag\u00e8res murales avec montants\" width=\"500\" height=\"500\" srcset=\"https:\/\/www.cocondedecoration.com\/blog\/wp-content\/uploads\/2023\/08\/deco-petit-logement-design-moderne-3.jpeg 500w, https:\/\/www.cocondedecoration.com\/blog\/wp-content\/uploads\/2023\/08\/deco-petit-logement-design-moderne-3-165x165.jpeg 165w, https:\/\/www.cocondedecoration.com\/blog\/wp-content\/uploads\/2023\/08\/deco-petit-logement-design-moderne-3-260x260.jpeg 260w, https:\/\/www.cocondedecoration.com\/blog\/wp-content\/uploads\/2023\/08\/deco-petit-logement-design-moderne-3-465x465.jpeg 465w\" sizes=\"(max-width: 500px) 100vw, 500px\" \/><\/p><\/div>\n<div id='slider_64019_slide10' class='sa_hover_container' style='padding:5% 5%; margin:0px 0%; '><p><img loading=\"lazy\" decoding=\"async\" class=\"aligncenter size-full wp-image-64024\" src=\"https:\/\/www.cocondedecoration.com\/blog\/wp-content\/uploads\/2023\/08\/petit-logement-deco-chic-4.jpeg\" alt=\"petit logement deco chic Commode vintage en manguier\" width=\"500\" height=\"500\" srcset=\"https:\/\/www.cocondedecoration.com\/blog\/wp-content\/uploads\/2023\/08\/petit-logement-deco-chic-4.jpeg 500w, https:\/\/www.cocondedecoration.com\/blog\/wp-content\/uploads\/2023\/08\/petit-logement-deco-chic-4-165x165.jpeg 165w, https:\/\/www.cocondedecoration.com\/blog\/wp-content\/uploads\/2023\/08\/petit-logement-deco-chic-4-260x260.jpeg 260w, https:\/\/www.cocondedecoration.com\/blog\/wp-content\/uploads\/2023\/08\/petit-logement-deco-chic-4-465x465.jpeg 465w\" sizes=\"(max-width: 500px) 100vw, 500px\" \/><\/p><\/div>\n<div id='slider_64019_slide11' class='sa_hover_container' style='padding:5% 5%; margin:0px 0%; '><p><img loading=\"lazy\" decoding=\"async\" class=\"aligncenter size-full wp-image-64029\" src=\"https:\/\/www.cocondedecoration.com\/blog\/wp-content\/uploads\/2023\/08\/meuble-petit-logement-design-chic-4.jpeg\" alt=\"meuble petit logement design chic Buffet haut a\u0300 roulettes en me\u0301tal\" width=\"500\" height=\"500\" srcset=\"https:\/\/www.cocondedecoration.com\/blog\/wp-content\/uploads\/2023\/08\/meuble-petit-logement-design-chic-4.jpeg 500w, https:\/\/www.cocondedecoration.com\/blog\/wp-content\/uploads\/2023\/08\/meuble-petit-logement-design-chic-4-165x165.jpeg 165w, https:\/\/www.cocondedecoration.com\/blog\/wp-content\/uploads\/2023\/08\/meuble-petit-logement-design-chic-4-260x260.jpeg 260w, https:\/\/www.cocondedecoration.com\/blog\/wp-content\/uploads\/2023\/08\/meuble-petit-logement-design-chic-4-465x465.jpeg 465w\" sizes=\"(max-width: 500px) 100vw, 500px\" \/><\/p><\/div>\n<div id='slider_64019_slide12' class='sa_hover_container' style='padding:5% 5%; margin:0px 0%; '><p><img loading=\"lazy\" decoding=\"async\" class=\"aligncenter size-full wp-image-64034\" src=\"https:\/\/www.cocondedecoration.com\/blog\/wp-content\/uploads\/2023\/08\/deco-petit-logement-design-moderne-4.jpeg\" alt=\"deco petit logement design moderne Table basse en bois de fr\u00eane marron\" width=\"500\" height=\"500\" srcset=\"https:\/\/www.cocondedecoration.com\/blog\/wp-content\/uploads\/2023\/08\/deco-petit-logement-design-moderne-4.jpeg 500w, https:\/\/www.cocondedecoration.com\/blog\/wp-content\/uploads\/2023\/08\/deco-petit-logement-design-moderne-4-165x165.jpeg 165w, https:\/\/www.cocondedecoration.com\/blog\/wp-content\/uploads\/2023\/08\/deco-petit-logement-design-moderne-4-260x260.jpeg 260w, https:\/\/www.cocondedecoration.com\/blog\/wp-content\/uploads\/2023\/08\/deco-petit-logement-design-moderne-4-465x465.jpeg 465w\" sizes=\"(max-width: 500px) 100vw, 500px\" \/><\/p><\/div>\n<div id='slider_64019_slide13' class='sa_hover_container' style='padding:5% 5%; margin:0px 0%; '><p><img loading=\"lazy\" decoding=\"async\" class=\"aligncenter size-full wp-image-64025\" src=\"https:\/\/www.cocondedecoration.com\/blog\/wp-content\/uploads\/2023\/08\/petit-logement-deco-chic-5.jpeg\" alt=\"petit logement deco chic Statuette arc en verre teint\u00e9 marron H20\" width=\"500\" height=\"500\" srcset=\"https:\/\/www.cocondedecoration.com\/blog\/wp-content\/uploads\/2023\/08\/petit-logement-deco-chic-5.jpeg 500w, https:\/\/www.cocondedecoration.com\/blog\/wp-content\/uploads\/2023\/08\/petit-logement-deco-chic-5-165x165.jpeg 165w, https:\/\/www.cocondedecoration.com\/blog\/wp-content\/uploads\/2023\/08\/petit-logement-deco-chic-5-260x260.jpeg 260w, https:\/\/www.cocondedecoration.com\/blog\/wp-content\/uploads\/2023\/08\/petit-logement-deco-chic-5-465x465.jpeg 465w\" sizes=\"(max-width: 500px) 100vw, 500px\" \/><\/p><\/div>\n<div id='slider_64019_slide14' class='sa_hover_container' style='padding:5% 5%; margin:0px 0%; '><p><img loading=\"lazy\" decoding=\"async\" class=\"aligncenter size-full wp-image-64030\" src=\"https:\/\/www.cocondedecoration.com\/blog\/wp-content\/uploads\/2023\/08\/meuble-petit-logement-design-chic-5.jpeg\" alt=\"meuble petit logement design chic Petit meuble de rangement en verre et m\u00e9tal H50cm\" width=\"500\" height=\"500\" srcset=\"https:\/\/www.cocondedecoration.com\/blog\/wp-content\/uploads\/2023\/08\/meuble-petit-logement-design-chic-5.jpeg 500w, https:\/\/www.cocondedecoration.com\/blog\/wp-content\/uploads\/2023\/08\/meuble-petit-logement-design-chic-5-165x165.jpeg 165w, https:\/\/www.cocondedecoration.com\/blog\/wp-content\/uploads\/2023\/08\/meuble-petit-logement-design-chic-5-260x260.jpeg 260w, https:\/\/www.cocondedecoration.com\/blog\/wp-content\/uploads\/2023\/08\/meuble-petit-logement-design-chic-5-465x465.jpeg 465w\" sizes=\"(max-width: 500px) 100vw, 500px\" \/><\/p><\/div>\n<div id='slider_64019_slide15' class='sa_hover_container' style='padding:5% 5%; margin:0px 0%; '><p><img loading=\"lazy\" decoding=\"async\" class=\"aligncenter size-full wp-image-64035\" src=\"https:\/\/www.cocondedecoration.com\/blog\/wp-content\/uploads\/2023\/08\/deco-petit-logement-design-moderne-5.jpeg\" alt=\"deco petit logement design moderne Vase orange corps de femme\" width=\"500\" height=\"500\" srcset=\"https:\/\/www.cocondedecoration.com\/blog\/wp-content\/uploads\/2023\/08\/deco-petit-logement-design-moderne-5.jpeg 500w, https:\/\/www.cocondedecoration.com\/blog\/wp-content\/uploads\/2023\/08\/deco-petit-logement-design-moderne-5-165x165.jpeg 165w, https:\/\/www.cocondedecoration.com\/blog\/wp-content\/uploads\/2023\/08\/deco-petit-logement-design-moderne-5-260x260.jpeg 260w, https:\/\/www.cocondedecoration.com\/blog\/wp-content\/uploads\/2023\/08\/deco-petit-logement-design-moderne-5-465x465.jpeg 465w\" sizes=\"(max-width: 500px) 100vw, 500px\" \/><\/p><\/div>\n<\/div>\n<\/div>\n<script type='text\/javascript'>\n\tjQuery(document).ready(function() {\n\t\tjQuery('#slider_64019').owlCarousel({\n\t\t\titems : 1,\n\t\t\tsmartSpeed : 200,\n\t\t\tautoplay : true,\n\t\t\tautoplayTimeout : 5000,\n\t\t\tautoplayHoverPause : true,\n\t\t\tsmartSpeed : 200,\n\t\t\tfluidSpeed : 200,\n\t\t\tautoplaySpeed : 200,\n\t\t\tnavSpeed : 200,\n\t\t\tdotsSpeed : 200,\n\t\t\tloop : true,\n\t\t\tnav : true,\n\t\t\tnavText : ['Previous','Next'],\n\t\t\tdots : true,\n\t\t\tresponsiveRefreshRate : 200,\n\t\t\tslideBy : 1,\n\t\t\tmergeFit : true,\n\t\t\tautoHeight : false,\n\t\t\tmouseDrag : false,\n\t\t\ttouchDrag : true\n\t\t});\n\t\tjQuery('#slider_64019').css('visibility', 'visible');\n\t\tsa_resize_slider_64019();\n\t\twindow.addEventListener('resize', sa_resize_slider_64019);\n\t\tfunction sa_resize_slider_64019() {\n\t\t\tvar min_height = '50';\n\t\t\tvar win_width = jQuery(window).width();\n\t\t\tvar slider_width = jQuery('#slider_64019').width();\n\t\t\tif (win_width < 480) {\n\t\t\t\tvar slide_width = slider_width \/ 1;\n\t\t\t} else if (win_width < 768) {\n\t\t\t\tvar slide_width = slider_width \/ 1;\n\t\t\t} else if (win_width < 980) {\n\t\t\t\tvar slide_width = slider_width \/ 1;\n\t\t\t} else if (win_width < 1200) {\n\t\t\t\tvar slide_width = slider_width \/ 1;\n\t\t\t} else if (win_width < 1500) {\n\t\t\t\tvar slide_width = slider_width \/ 1;\n\t\t\t} else {\n\t\t\t\tvar slide_width = slider_width \/ 1;\n\t\t\t}\n\t\t\tslide_width = Math.round(slide_width);\n\t\t\tvar slide_height = '0';\n\t\t\tif (min_height == 'aspect43') {\n\t\t\t\tslide_height = (slide_width \/ 4) * 3;\t\t\t\tslide_height = Math.round(slide_height);\n\t\t\t} else if (min_height == 'aspect169') {\n\t\t\t\tslide_height = (slide_width \/ 16) * 9;\t\t\t\tslide_height = Math.round(slide_height);\n\t\t\t} else {\n\t\t\t\tslide_height = (slide_width \/ 100) * min_height;\t\t\t\tslide_height = Math.round(slide_height);\n\t\t\t}\n\t\t\tjQuery('#slider_64019 .owl-item .sa_hover_container').css('min-height', slide_height+'px');\n\t\t}\n\t\tvar owl_goto = jQuery('#slider_64019');\n\t\tjQuery('.slider_64019_goto1').click(function(event){\n\t\t\towl_goto.trigger('to.owl.carousel', 0);\n\t\t});\n\t\tjQuery('.slider_64019_goto2').click(function(event){\n\t\t\towl_goto.trigger('to.owl.carousel', 1);\n\t\t});\n\t\tjQuery('.slider_64019_goto3').click(function(event){\n\t\t\towl_goto.trigger('to.owl.carousel', 2);\n\t\t});\n\t\tjQuery('.slider_64019_goto4').click(function(event){\n\t\t\towl_goto.trigger('to.owl.carousel', 3);\n\t\t});\n\t\tjQuery('.slider_64019_goto5').click(function(event){\n\t\t\towl_goto.trigger('to.owl.carousel', 4);\n\t\t});\n\t\tjQuery('.slider_64019_goto6').click(function(event){\n\t\t\towl_goto.trigger('to.owl.carousel', 5);\n\t\t});\n\t\tjQuery('.slider_64019_goto7').click(function(event){\n\t\t\towl_goto.trigger('to.owl.carousel', 6);\n\t\t});\n\t\tjQuery('.slider_64019_goto8').click(function(event){\n\t\t\towl_goto.trigger('to.owl.carousel', 7);\n\t\t});\n\t\tjQuery('.slider_64019_goto9').click(function(event){\n\t\t\towl_goto.trigger('to.owl.carousel', 8);\n\t\t});\n\t\tjQuery('.slider_64019_goto10').click(function(event){\n\t\t\towl_goto.trigger('to.owl.carousel', 9);\n\t\t});\n\t\tjQuery('.slider_64019_goto11').click(function(event){\n\t\t\towl_goto.trigger('to.owl.carousel', 10);\n\t\t});\n\t\tjQuery('.slider_64019_goto12').click(function(event){\n\t\t\towl_goto.trigger('to.owl.carousel', 11);\n\t\t});\n\t\tjQuery('.slider_64019_goto13').click(function(event){\n\t\t\towl_goto.trigger('to.owl.carousel', 12);\n\t\t});\n\t\tjQuery('.slider_64019_goto14').click(function(event){\n\t\t\towl_goto.trigger('to.owl.carousel', 13);\n\t\t});\n\t\tjQuery('.slider_64019_goto15').click(function(event){\n\t\t\towl_goto.trigger('to.owl.carousel', 14);\n\t\t});\n\t\tvar resize_64019 = jQuery('.owl-carousel');\n\t\tresize_64019.on('initialized.owl.carousel', function(e) {\n\t\t\tif (typeof(Event) === 'function') {\n\t\t\t\twindow.dispatchEvent(new Event('resize'));\n\t\t\t} else {\n\t\t\t\tvar evt = window.document.createEvent('UIEvents');\n\t\t\t\tevt.initUIEvent('resize', true, false, window, 0);\n\t\t\t\twindow.dispatchEvent(evt);\n\t\t\t}\n\t\t});\n\t});\n<\/script>\n\n<\/div>\n\n\n\n<div class=\"wp-block-column is-layout-flow wp-block-column-is-layout-flow\">\n<p style=\"text-align:center\" class=\"has-medium-font-size\">Mes coups de coeur pour un petit logement <\/p>\n\n\n\n<ol><li><a rel=\"noreferrer noopener\" aria-label=\"Table ronde finition noyer (s\u2019ouvre dans un nouvel onglet)\" href=\"https:\/\/fnty.co\/c\/r-lceahGmc\" target=\"_blank\">Table ronde finition noyer<\/a> - Maisons du Monde <\/li><li><a rel=\"noreferrer noopener\" aria-label=\"Canap\u00e9 convertible 2 places en velours rouille (s\u2019ouvre dans un nouvel onglet)\" href=\"https:\/\/c3po.link\/Q9g8ay9yAA\" target=\"_blank\">Canap\u00e9 convertible 2 places en velours rouille<\/a> - Drawer<\/li><li><a rel=\"noreferrer noopener\" aria-label=\"Support \u00e0 photos mural  (s\u2019ouvre dans un nouvel onglet)\" href=\"https:\/\/fnty.co\/c\/r-LigDJTjE\" target=\"_blank\">Support \u00e0 photos mural <\/a>- The Cool Republic<\/li><li><a rel=\"noreferrer noopener\" aria-label=\"Armoire vintage 2 portes 3 tiroirs (s\u2019ouvre dans un nouvel onglet)\" href=\"https:\/\/fnty.co\/c\/r-NwYzkZUP\" target=\"_blank\">Armoire vintage 2 portes 3 tiroirs<\/a> - Maisons du Monde <\/li><li><a rel=\"noreferrer noopener\" aria-label=\"Lampadaire design m\u00e9tal finitions dor\u00e9es (s\u2019ouvre dans un nouvel onglet)\" href=\"https:\/\/c3po.link\/Qy3QAykXWH\" target=\"_blank\">Lampadaire design m\u00e9tal finitions dor\u00e9es<\/a> - Drawer<\/li><li><a rel=\"noreferrer noopener\" aria-label=\"Lit en ch\u00eane pieds cr\u00e8mes (s\u2019ouvre dans un nouvel onglet)\" href=\"https:\/\/fnty.co\/c\/r-yqugcXgK\" target=\"_blank\">Lit en ch\u00eane pieds cr\u00e8mes<\/a> - The Cool Republic<\/li><li><a rel=\"noreferrer noopener\" aria-label=\"Chaise beige chin\u00e9 et noire (s\u2019ouvre dans un nouvel onglet)\" href=\"https:\/\/fnty.co\/c\/r-hCfVerIf\" target=\"_blank\">Chaise beige chin\u00e9 et noire<\/a> - Maisons du Monde <\/li><li><a rel=\"noreferrer noopener\" aria-label=\"Tapis contemporain ovale \u00e9cru et noir (s\u2019ouvre dans un nouvel onglet)\" href=\"https:\/\/c3po.link\/QW7K696RPn\" target=\"_blank\">Tapis contemporain ovale \u00e9cru et noir<\/a> - Drawer <\/li><li><a rel=\"noreferrer noopener\" aria-label=\"Syst\u00e8me d'\u00e9tag\u00e8res murales avec montants String (s\u2019ouvre dans un nouvel onglet)\" href=\"https:\/\/fnty.co\/c\/r-ydYbleTp\" target=\"_blank\">Syst\u00e8me d'\u00e9tag\u00e8res murales avec montants String<\/a> - The Cool Republic<\/li><li><a rel=\"noreferrer noopener\" aria-label=\"Commode vintage en manguier (s\u2019ouvre dans un nouvel onglet)\" href=\"https:\/\/fnty.co\/c\/r-grxyQkeT\" target=\"_blank\">Commode vintage en manguier<\/a> - Maisons du Monde <\/li><li><a rel=\"noreferrer noopener\" aria-label=\"Buffet haut \u00e0 roulettes en m\u00e9tal (s\u2019ouvre dans un nouvel onglet)\" href=\"https:\/\/c3po.link\/QJT4BZeHQA\" target=\"_blank\">Buffet haut \u00e0 roulettes en m\u00e9tal<\/a> - Drawer  <\/li><li><a rel=\"noreferrer noopener\" aria-label=\"Table basse en bois de fr\u00eane marron (s\u2019ouvre dans un nouvel onglet)\" href=\"https:\/\/fnty.co\/c\/r-SpMwAotM\" target=\"_blank\">Table basse en bois de fr\u00eane marron<\/a> - The Cool Republic<\/li><li><a rel=\"noreferrer noopener\" aria-label=\"Statuette arc en verre teint\u00e9 (s\u2019ouvre dans un nouvel onglet)\" href=\"https:\/\/fnty.co\/c\/r-vSNsUgaU\" target=\"_blank\">Statuette arc en verre teint\u00e9<\/a> - Maisons du Monde <\/li><li><a rel=\"noreferrer noopener\" aria-label=\"Petit meuble de rangement en verre et m\u00e9tal (s\u2019ouvre dans un nouvel onglet)\" href=\"https:\/\/c3po.link\/QpKAjjrckJ\" target=\"_blank\">Petit meuble de rangement en verre et m\u00e9tal<\/a> - Drawer <\/li><li><a rel=\"noreferrer noopener\" aria-label=\"Vase orange (s\u2019ouvre dans un nouvel onglet)\" href=\"https:\/\/fnty.co\/c\/r-cfbnnYOu\" target=\"_blank\">Vase orange<\/a> - The Cool Republic <\/li><\/ol>\n\n\n\n<p style=\"text-align:center\">A lire aussi: <a href=\"https:\/\/www.cocondedecoration.com\/blog\/2021\/05\/minimalisme-petit-logement\/\" target=\"_blank\" rel=\"noreferrer noopener\" aria-label=\"Minimalisme &amp; petit logement  (s\u2019ouvre dans un nouvel onglet)\">Minimalisme &amp; petit logement <\/a><\/p>\n<\/div>\n<\/div>\n\n\n\n<hr class=\"wp-block-separator has-css-opacity is-style-wide\"\/>\n\n\n\n<div class=\"wp-block-columns has-2-columns is-layout-flex wp-container-core-columns-layout-6 wp-block-columns-is-layout-flex\">\n<div class=\"wp-block-column is-layout-flow wp-block-column-is-layout-flow\">\n<p class=\"has-text-align-center has-medium-font-size\">A lire \u00e9galement<\/p>\n\n\n<ul class=\"wp-block-latest-posts__list wp-block-latest-posts\"><li><a class=\"wp-block-latest-posts__post-title\" href=\"https:\/\/www.cocondedecoration.com\/blog\/2023\/03\/rangement-malin-sous-le-lit\/\">Optimiser le dessous de lit pour gagner de la place dans la chambre | guide d\u00e9co<\/a><\/li>\n<li><a class=\"wp-block-latest-posts__post-title\" href=\"https:\/\/www.cocondedecoration.com\/blog\/2022\/10\/ou-trouver-petite-bibliotheque\/\">42 petites biblioth\u00e8ques pour un int\u00e9rieur bien rang\u00e9 | guide d\u00e9co<\/a><\/li>\n<li><a class=\"wp-block-latest-posts__post-title\" href=\"https:\/\/www.cocondedecoration.com\/blog\/2021\/09\/ou-trouver-petit-refrigerateur\/\">[O\u00f9 trouver] un petit r\u00e9frig\u00e9rateur pour une cuisine format XS<\/a><\/li>\n<li><a class=\"wp-block-latest-posts__post-title\" href=\"https:\/\/www.cocondedecoration.com\/blog\/2021\/04\/quelle-table-choisir-petit-espace-repas\/\">Quelle table choisir pour un petit espace repas? |\u00a0guide d\u00e9co<\/a><\/li>\n<li><a class=\"wp-block-latest-posts__post-title\" href=\"https:\/\/www.cocondedecoration.com\/blog\/2021\/01\/ou-trouver-petit-meuble-chaussures\/\">O\u00f9 trouver un petit meuble \u00e0 chaussures? Et comment le choisir? | guide d\u00e9co<\/a><\/li>\n<li><a class=\"wp-block-latest-posts__post-title\" href=\"https:\/\/www.cocondedecoration.com\/blog\/2020\/06\/idee-deco-meubles-dangles-pour-optimiser-lespace-dune-piece\/\">Meubles d&rsquo;angles pour optimiser l&rsquo;espace d&rsquo;une pi\u00e8ce | guide d\u00e9co<\/a><\/li>\n<li><a class=\"wp-block-latest-posts__post-title\" href=\"https:\/\/www.cocondedecoration.com\/blog\/2020\/05\/ou-trouver-une-table-de-chevet-murale\/\">O\u00f9 trouver une table de chevet murale ? | guide d\u00e9co<\/a><\/li>\n<\/ul><\/div>\n\n\n\n<div class=\"wp-block-column is-layout-flow wp-block-column-is-layout-flow\">\n<p class=\"has-text-align-center has-medium-font-size\" style=\"padding-top:var(--wp--preset--spacing--40);padding-bottom:var(--wp--preset--spacing--40)\"><strong>Devenez m\u00e9c\u00e8ne du blog <\/strong><\/p>\n\n\n\n<hr class=\"wp-block-separator has-alpha-channel-opacity is-style-wide\"\/>\n\n\n\n<p style=\"padding-right:var(--wp--preset--spacing--30);padding-left:var(--wp--preset--spacing--30)\">Soutenez mon travail sur le blog et acc\u00e9dez \u00e0 des contreparties exclusives: <\/p>\n\n\n\n<ul style=\"padding-right:var(--wp--preset--spacing--40);padding-left:var(--wp--preset--spacing--40)\">\n<li>Plusieurs centaines d'articles d\u00e9co, lifestyle &amp; voyage r\u00e9serv\u00e9s aux abonn\u00e9\u2022e\u2022s <\/li>\n\n\n\n<li>Toutes les entr\u00e9es de mon side project - mon dictionnaire nomade <\/li>\n\n\n\n<li>Une publicit\u00e9 limit\u00e9e sur les articles Patreon <\/li>\n<\/ul>\n\n\n\n<div class=\"wp-block-buttons is-content-justification-center is-layout-flex wp-container-core-buttons-layout-19 wp-block-buttons-is-layout-flex\">\n<div class=\"wp-block-button\"><a class=\"wp-block-button__link wp-element-button\" href=\"https:\/\/www.patreon.com\/cocondedeco\" target=\"_blank\" rel=\"noreferrer noopener\">Soutenir le blog maintenant<\/a><\/div>\n<\/div>\n<\/div>\n<\/div>\n\n\n<div class=\"wp-block-image\">\n<figure class=\"aligncenter\"><img loading=\"lazy\" decoding=\"async\" width=\"732\" height=\"488\" src=\"http:\/\/www.cocondedecoration.com\/blog\/wp-content\/uploads\/2021\/03\/ou-trouver-table-2-personnes-coin-repas.jpg\" alt=\"ou trouver table 2 personnes coin repas conseil bien choisir gain de place bonnes adresses\" class=\"wp-image-35363\" srcset=\"https:\/\/www.cocondedecoration.com\/blog\/wp-content\/uploads\/2021\/03\/ou-trouver-table-2-personnes-coin-repas.jpg 732w, https:\/\/www.cocondedecoration.com\/blog\/wp-content\/uploads\/2021\/03\/ou-trouver-table-2-personnes-coin-repas-260x173.jpg 260w, https:\/\/www.cocondedecoration.com\/blog\/wp-content\/uploads\/2021\/03\/ou-trouver-table-2-personnes-coin-repas-640x427.jpg 640w, https:\/\/www.cocondedecoration.com\/blog\/wp-content\/uploads\/2021\/03\/ou-trouver-table-2-personnes-coin-repas-465x310.jpg 465w, https:\/\/www.cocondedecoration.com\/blog\/wp-content\/uploads\/2021\/03\/ou-trouver-table-2-personnes-coin-repas-695x463.jpg 695w\" sizes=\"(max-width: 732px) 100vw, 732px\" \/><figcaption class=\"wp-element-caption\"><a href=\"https:\/\/www.decoist.com\/small-apartment-dining-rooms\/?chrome=1\" target=\"_blank\" rel=\"noreferrer noopener\" aria-label=\"source (s\u2019ouvre dans un nouvel onglet)\">source<\/a><\/figcaption><\/figure><\/div>\n\n\n<p class=\"has-text-align-right has-small-font-size\">Note: Cet article contient des liens affili\u00e9s. <br>Article mis \u00e0 jour en juillet 2023 + juillet 2024<\/p>\n","protected":false},"excerpt":{"rendered":"<p>D\u00e9couvrez ma s\u00e9lection de tables pour 2 (voire 3) personnes mais aussi mes conseils pour bien la choisir en fonction de votre int\u00e9rieur.<span class=\"more-link\"><a href=\"https:\/\/www.cocondedecoration.com\/blog\/2021\/03\/ou-trouver-table-2-personnes\/\">Lire la suite<\/a><\/span><\/p>\n","protected":false},"author":1,"featured_media":35363,"comment_status":"open","ping_status":"open","sticky":false,"template":"","format":"standard","meta":{"om_disable_all_campaigns":false,"_monsterinsights_skip_tracking":false,"_monsterinsights_sitenote_active":false,"_monsterinsights_sitenote_note":"","_monsterinsights_sitenote_category":0,"_uf_show_specific_survey":0,"_uf_disable_surveys":false,"footnotes":""},"categories":[60457,31888],"tags":[16210,16226,16232,16230,16229,16231,16227,16228,16233,16213,16215,16239,16238,16219,16218,16221,16216,16212,16217,16243,16245,16246,16244,16211,16236,5120,16240,8092,16242,12111,13520,10033,16249,16247,16248,16234,16235,16237,16241,16220,16224,16223,16222,16225,16214],"aioseo_notices":[],"_links":{"self":[{"href":"https:\/\/www.cocondedecoration.com\/blog\/wp-json\/wp\/v2\/posts\/35318"}],"collection":[{"href":"https:\/\/www.cocondedecoration.com\/blog\/wp-json\/wp\/v2\/posts"}],"about":[{"href":"https:\/\/www.cocondedecoration.com\/blog\/wp-json\/wp\/v2\/types\/post"}],"author":[{"embeddable":true,"href":"https:\/\/www.cocondedecoration.com\/blog\/wp-json\/wp\/v2\/users\/1"}],"replies":[{"embeddable":true,"href":"https:\/\/www.cocondedecoration.com\/blog\/wp-json\/wp\/v2\/comments?post=35318"}],"version-history":[{"count":1,"href":"https:\/\/www.cocondedecoration.com\/blog\/wp-json\/wp\/v2\/posts\/35318\/revisions"}],"predecessor-version":[{"id":76500,"href":"https:\/\/www.cocondedecoration.com\/blog\/wp-json\/wp\/v2\/posts\/35318\/revisions\/76500"}],"wp:featuredmedia":[{"embeddable":true,"href":"https:\/\/www.cocondedecoration.com\/blog\/wp-json\/wp\/v2\/media\/35363"}],"wp:attachment":[{"href":"https:\/\/www.cocondedecoration.com\/blog\/wp-json\/wp\/v2\/media?parent=35318"}],"wp:term":[{"taxonomy":"category","embeddable":true,"href":"https:\/\/www.cocondedecoration.com\/blog\/wp-json\/wp\/v2\/categories?post=35318"},{"taxonomy":"post_tag","embeddable":true,"href":"https:\/\/www.cocondedecoration.com\/blog\/wp-json\/wp\/v2\/tags?post=35318"}],"curies":[{"name":"wp","href":"https:\/\/api.w.org\/{rel}","templated":true}]}}