{"id":34187,"date":"2021-02-04T01:00:39","date_gmt":"2021-02-03T23:00:39","guid":{"rendered":"http:\/\/www.cocondedecoration.com\/blog\/?p=34187"},"modified":"2024-01-24T05:18:33","modified_gmt":"2024-01-24T03:18:33","slug":"ou-trouver-fauteuil-pas-cher","status":"publish","type":"post","link":"https:\/\/www.cocondedecoration.com\/blog\/2021\/02\/ou-trouver-fauteuil-pas-cher\/","title":{"rendered":"[O\u00f9 trouver] Un fauteuil d\u00e9co \u00e0 moins de 100\u20ac?"},"content":{"rendered":"\n<p>Dans la s\u00e9rie petit budget pour meubler et d\u00e9corer votre int\u00e9rieur, apr\u00e8s avoir pass\u00e9 en revue les canap\u00e9s convertibles \u00e0 moins de 500\u20ac, j'ai eu envie de m'int\u00e9resser aux fauteuils. Avant d'\u00e9crire cet article, je me suis rendue compte que je n'avais jamais achet\u00e9 un fauteuil neuf quand j'habitais encore en France. J'ai toujours aim\u00e9 les fauteuil r\u00e9tro qui donnent beaucoup d'allure \u00e0 une pi\u00e8ce. Parce que le fauteuil est plus qu'un meuble, c'est aussi un \u00e9l\u00e9ment d\u00e9coratif qui va vous aider \u00e0 personnaliser votre int\u00e9rieur. Et comme on n'a pas tous des budgets de fou pour d\u00e9corer et am\u00e9nager, je me suis demand\u00e9e ce qu'il y avait comme choix \u00e0 moins de 100\u20ac. Ce n'est pas \u00e9vident mais il y a tout de m\u00eame quelques jolis mod\u00e8les qui apporteront \u00e0 votre int\u00e9rieur une touche diff\u00e9rente. <\/p>\n\n\n\n<!--more-->\n\n\n\n<h2 class=\"wp-block-heading\">O\u00f9 acheter un fauteuil d\u00e9co \u00e0 petit prix? <\/h2>\n\n\n\n<h3 class=\"wp-block-heading\">Les fauteuils \u00e0 moins de 100\u20ac <\/h3>\n\n\n\n<div class=\"wp-block-columns has-4-columns is-layout-flex wp-container-core-columns-layout-1 wp-block-columns-is-layout-flex\">\n<div class=\"wp-block-column is-layout-flow wp-block-column-is-layout-flow\">\n<figure class=\"wp-block-image\"><img loading=\"lazy\" decoding=\"async\" width=\"500\" height=\"500\" src=\"http:\/\/www.cocondedecoration.com\/blog\/wp-content\/uploads\/2021\/02\/fauteuil-deco-pas-cher-2.jpeg\" alt=\"fauteuil deco pas cher velours sombre chic\" class=\"wp-image-34206\" srcset=\"https:\/\/www.cocondedecoration.com\/blog\/wp-content\/uploads\/2021\/02\/fauteuil-deco-pas-cher-2.jpeg 500w, https:\/\/www.cocondedecoration.com\/blog\/wp-content\/uploads\/2021\/02\/fauteuil-deco-pas-cher-2-165x165.jpeg 165w, https:\/\/www.cocondedecoration.com\/blog\/wp-content\/uploads\/2021\/02\/fauteuil-deco-pas-cher-2-260x260.jpeg 260w, https:\/\/www.cocondedecoration.com\/blog\/wp-content\/uploads\/2021\/02\/fauteuil-deco-pas-cher-2-465x465.jpeg 465w\" sizes=\"(max-width: 500px) 100vw, 500px\" \/><figcaption><a href=\"https:\/\/tidd.ly\/36yPfO6\" target=\"_blank\" rel=\"noreferrer noopener\" aria-label=\"Fauteuil (s\u2019ouvre dans un nouvel onglet)\">Fauteuil<\/a> - But - 79\u20ac<\/figcaption><\/figure>\n\n\n\n<figure class=\"wp-block-image\"><img loading=\"lazy\" decoding=\"async\" width=\"640\" height=\"640\" src=\"https:\/\/www.cocondedecoration.com\/blog\/wp-content\/uploads\/2024\/01\/fauteuil-salon-pas-cher-3-640x640.jpeg\" alt=\"fauteuil salon pas cher Fauteuil gonflable SUMMER STRIPES\" class=\"wp-image-71434\" srcset=\"https:\/\/www.cocondedecoration.com\/blog\/wp-content\/uploads\/2024\/01\/fauteuil-salon-pas-cher-3-640x640.jpeg 640w, https:\/\/www.cocondedecoration.com\/blog\/wp-content\/uploads\/2024\/01\/fauteuil-salon-pas-cher-3-165x165.jpeg 165w, https:\/\/www.cocondedecoration.com\/blog\/wp-content\/uploads\/2024\/01\/fauteuil-salon-pas-cher-3-260x260.jpeg 260w, https:\/\/www.cocondedecoration.com\/blog\/wp-content\/uploads\/2024\/01\/fauteuil-salon-pas-cher-3-465x465.jpeg 465w, https:\/\/www.cocondedecoration.com\/blog\/wp-content\/uploads\/2024\/01\/fauteuil-salon-pas-cher-3-500x500.jpeg 500w, https:\/\/www.cocondedecoration.com\/blog\/wp-content\/uploads\/2024\/01\/fauteuil-salon-pas-cher-3.jpeg 650w\" sizes=\"(max-width: 640px) 100vw, 640px\" \/><figcaption><a href=\"https:\/\/c3po.link\/QPKQKmvKM4\" target=\"_blank\" rel=\"noreferrer noopener\" aria-label=\"Fauteuil gonflable SUMMER STRIPES  (s\u2019ouvre dans un nouvel onglet)\">Fauteuil gonflable SUMMER STRIPES <\/a>- La Redoute - 79,90\u20ac<\/figcaption><\/figure>\n\n\n\n<figure class=\"wp-block-image\"><img loading=\"lazy\" decoding=\"async\" width=\"640\" height=\"640\" src=\"https:\/\/www.cocondedecoration.com\/blog\/wp-content\/uploads\/2024\/01\/fauteuil-deco-salon-pas-cher-2-640x640.jpeg\" alt=\"fauteuil deco salon pas cher chaise \u00e0 bascule cr\u00e8me tissu\" class=\"wp-image-71439\" srcset=\"https:\/\/www.cocondedecoration.com\/blog\/wp-content\/uploads\/2024\/01\/fauteuil-deco-salon-pas-cher-2-640x640.jpeg 640w, https:\/\/www.cocondedecoration.com\/blog\/wp-content\/uploads\/2024\/01\/fauteuil-deco-salon-pas-cher-2-165x165.jpeg 165w, https:\/\/www.cocondedecoration.com\/blog\/wp-content\/uploads\/2024\/01\/fauteuil-deco-salon-pas-cher-2-260x260.jpeg 260w, https:\/\/www.cocondedecoration.com\/blog\/wp-content\/uploads\/2024\/01\/fauteuil-deco-salon-pas-cher-2-465x465.jpeg 465w, https:\/\/www.cocondedecoration.com\/blog\/wp-content\/uploads\/2024\/01\/fauteuil-deco-salon-pas-cher-2-500x500.jpeg 500w, https:\/\/www.cocondedecoration.com\/blog\/wp-content\/uploads\/2024\/01\/fauteuil-deco-salon-pas-cher-2.jpeg 650w\" sizes=\"(max-width: 640px) 100vw, 640px\" \/><figcaption><a href=\"https:\/\/c3po.link\/Q9y7Tcr4Wj\" target=\"_blank\" rel=\"noreferrer noopener\" aria-label=\"Chaise \u00e0 bascule cr\u00e8me tissu (s\u2019ouvre dans un nouvel onglet)\">Chaise \u00e0 bascule cr\u00e8me tissu<\/a> - Conforama - 75,99\u20ac<\/figcaption><\/figure>\n<\/div>\n\n\n\n<div class=\"wp-block-column is-layout-flow wp-block-column-is-layout-flow\">\n<figure class=\"wp-block-image\"><img loading=\"lazy\" decoding=\"async\" width=\"500\" height=\"500\" src=\"http:\/\/www.cocondedecoration.com\/blog\/wp-content\/uploads\/2021\/02\/fauteuil-deco-pas-cher-3.jpeg\" alt=\"fauteuil deco pas cher bascule jaune\" class=\"wp-image-34207\" srcset=\"https:\/\/www.cocondedecoration.com\/blog\/wp-content\/uploads\/2021\/02\/fauteuil-deco-pas-cher-3.jpeg 500w, https:\/\/www.cocondedecoration.com\/blog\/wp-content\/uploads\/2021\/02\/fauteuil-deco-pas-cher-3-165x165.jpeg 165w, https:\/\/www.cocondedecoration.com\/blog\/wp-content\/uploads\/2021\/02\/fauteuil-deco-pas-cher-3-260x260.jpeg 260w, https:\/\/www.cocondedecoration.com\/blog\/wp-content\/uploads\/2021\/02\/fauteuil-deco-pas-cher-3-465x465.jpeg 465w\" sizes=\"(max-width: 500px) 100vw, 500px\" \/><figcaption><a href=\"https:\/\/tidd.ly\/3jgEANu\" target=\"_blank\" rel=\"noreferrer noopener\" aria-label=\"Fauteuil \u00e0 bascule  (s\u2019ouvre dans un nouvel onglet)\">Fauteuil \u00e0 bascule <\/a>- But - 89\u20ac<\/figcaption><\/figure>\n\n\n\n<figure class=\"wp-block-image\"><img loading=\"lazy\" decoding=\"async\" width=\"640\" height=\"640\" src=\"https:\/\/www.cocondedecoration.com\/blog\/wp-content\/uploads\/2024\/01\/fauteuil-salon-pas-cher-4-640x640.jpeg\" alt=\"fauteuil salon pas cher Fauteuil scandinave en bois et tissu\" class=\"wp-image-71435\" srcset=\"https:\/\/www.cocondedecoration.com\/blog\/wp-content\/uploads\/2024\/01\/fauteuil-salon-pas-cher-4-640x640.jpeg 640w, https:\/\/www.cocondedecoration.com\/blog\/wp-content\/uploads\/2024\/01\/fauteuil-salon-pas-cher-4-165x165.jpeg 165w, https:\/\/www.cocondedecoration.com\/blog\/wp-content\/uploads\/2024\/01\/fauteuil-salon-pas-cher-4-260x260.jpeg 260w, https:\/\/www.cocondedecoration.com\/blog\/wp-content\/uploads\/2024\/01\/fauteuil-salon-pas-cher-4-465x465.jpeg 465w, https:\/\/www.cocondedecoration.com\/blog\/wp-content\/uploads\/2024\/01\/fauteuil-salon-pas-cher-4-500x500.jpeg 500w, https:\/\/www.cocondedecoration.com\/blog\/wp-content\/uploads\/2024\/01\/fauteuil-salon-pas-cher-4.jpeg 650w\" sizes=\"(max-width: 640px) 100vw, 640px\" \/><figcaption><a href=\"https:\/\/c3po.link\/QZkYH9fZ5w\" target=\"_blank\" rel=\"noreferrer noopener\" aria-label=\"Fauteuil scandinave en bois et tissu (s\u2019ouvre dans un nouvel onglet)\">Fauteuil scandinave en bois et tissu<\/a> - La Redoute - 79,99\u20ac<\/figcaption><\/figure>\n\n\n\n<figure class=\"wp-block-image\"><img loading=\"lazy\" decoding=\"async\" width=\"640\" height=\"640\" src=\"https:\/\/www.cocondedecoration.com\/blog\/wp-content\/uploads\/2024\/01\/fauteuil-deco-salon-pas-cher-3-640x640.jpeg\" alt=\"fauteuil deco salon pas cher Fauteuil en tissu eleonor\" class=\"wp-image-71440\" srcset=\"https:\/\/www.cocondedecoration.com\/blog\/wp-content\/uploads\/2024\/01\/fauteuil-deco-salon-pas-cher-3-640x640.jpeg 640w, https:\/\/www.cocondedecoration.com\/blog\/wp-content\/uploads\/2024\/01\/fauteuil-deco-salon-pas-cher-3-165x165.jpeg 165w, https:\/\/www.cocondedecoration.com\/blog\/wp-content\/uploads\/2024\/01\/fauteuil-deco-salon-pas-cher-3-260x260.jpeg 260w, https:\/\/www.cocondedecoration.com\/blog\/wp-content\/uploads\/2024\/01\/fauteuil-deco-salon-pas-cher-3-465x465.jpeg 465w, https:\/\/www.cocondedecoration.com\/blog\/wp-content\/uploads\/2024\/01\/fauteuil-deco-salon-pas-cher-3-500x500.jpeg 500w, https:\/\/www.cocondedecoration.com\/blog\/wp-content\/uploads\/2024\/01\/fauteuil-deco-salon-pas-cher-3.jpeg 650w\" sizes=\"(max-width: 640px) 100vw, 640px\" \/><figcaption><a href=\"https:\/\/c3po.link\/QhdmsntYjU\" target=\"_blank\" rel=\"noreferrer noopener\" aria-label=\"Fauteuil en tissu  (s\u2019ouvre dans un nouvel onglet)\">Fauteuil en tissu <\/a>- Conforama - 70\u20ac<\/figcaption><\/figure>\n<\/div>\n\n\n\n<div class=\"wp-block-column is-layout-flow wp-block-column-is-layout-flow\">\n<figure class=\"wp-block-image\"><img loading=\"lazy\" decoding=\"async\" width=\"640\" height=\"640\" src=\"https:\/\/www.cocondedecoration.com\/blog\/wp-content\/uploads\/2024\/01\/fauteuil-salon-pas-cher-1-640x640.jpeg\" alt=\"fauteuil salon pas cher Fauteuil &quot;Evan&quot; en velours jaune ocre\" class=\"wp-image-71432\" srcset=\"https:\/\/www.cocondedecoration.com\/blog\/wp-content\/uploads\/2024\/01\/fauteuil-salon-pas-cher-1-640x640.jpeg 640w, https:\/\/www.cocondedecoration.com\/blog\/wp-content\/uploads\/2024\/01\/fauteuil-salon-pas-cher-1-165x165.jpeg 165w, https:\/\/www.cocondedecoration.com\/blog\/wp-content\/uploads\/2024\/01\/fauteuil-salon-pas-cher-1-260x260.jpeg 260w, https:\/\/www.cocondedecoration.com\/blog\/wp-content\/uploads\/2024\/01\/fauteuil-salon-pas-cher-1-465x465.jpeg 465w, https:\/\/www.cocondedecoration.com\/blog\/wp-content\/uploads\/2024\/01\/fauteuil-salon-pas-cher-1-500x500.jpeg 500w, https:\/\/www.cocondedecoration.com\/blog\/wp-content\/uploads\/2024\/01\/fauteuil-salon-pas-cher-1.jpeg 650w\" sizes=\"(max-width: 640px) 100vw, 640px\" \/><figcaption><a href=\"https:\/\/c3po.link\/QCfUm9Surg\" target=\"_blank\" rel=\"noreferrer noopener\" aria-label=\"Fauteuil en velours  (s\u2019ouvre dans un nouvel onglet)\">Fauteuil en velours <\/a>- La Redoute - 99,99\u20ac<\/figcaption><\/figure>\n\n\n\n<figure class=\"wp-block-image\"><img loading=\"lazy\" decoding=\"async\" width=\"640\" height=\"640\" src=\"https:\/\/www.cocondedecoration.com\/blog\/wp-content\/uploads\/2024\/01\/fauteuil-design-pas-cher-640x640.jpeg\" alt=\"fauteuil design pas cher Fauteuil design en toile et m\u00e9tal noir\" class=\"wp-image-71437\" srcset=\"https:\/\/www.cocondedecoration.com\/blog\/wp-content\/uploads\/2024\/01\/fauteuil-design-pas-cher-640x640.jpeg 640w, https:\/\/www.cocondedecoration.com\/blog\/wp-content\/uploads\/2024\/01\/fauteuil-design-pas-cher-165x165.jpeg 165w, https:\/\/www.cocondedecoration.com\/blog\/wp-content\/uploads\/2024\/01\/fauteuil-design-pas-cher-260x260.jpeg 260w, https:\/\/www.cocondedecoration.com\/blog\/wp-content\/uploads\/2024\/01\/fauteuil-design-pas-cher-465x465.jpeg 465w, https:\/\/www.cocondedecoration.com\/blog\/wp-content\/uploads\/2024\/01\/fauteuil-design-pas-cher-500x500.jpeg 500w, https:\/\/www.cocondedecoration.com\/blog\/wp-content\/uploads\/2024\/01\/fauteuil-design-pas-cher.jpeg 650w\" sizes=\"(max-width: 640px) 100vw, 640px\" \/><figcaption><a href=\"https:\/\/c3po.link\/QJgu6adpkg\" target=\"_blank\" rel=\"noreferrer noopener\" aria-label=\"Fauteuil design en toile et m\u00e9tal noir  (s\u2019ouvre dans un nouvel onglet)\">Fauteuil design en toile et m\u00e9tal noir <\/a>- Drawer - 99,90\u20ac<\/figcaption><\/figure>\n\n\n\n<figure class=\"wp-block-image\"><img loading=\"lazy\" decoding=\"async\" width=\"640\" height=\"640\" src=\"https:\/\/www.cocondedecoration.com\/blog\/wp-content\/uploads\/2024\/01\/fauteuil-deco-salon-pas-cher-4-640x640.jpeg\" alt=\"fauteuil deco salon pas cher Fauteuil crapaud en velours gris\" class=\"wp-image-71441\" srcset=\"https:\/\/www.cocondedecoration.com\/blog\/wp-content\/uploads\/2024\/01\/fauteuil-deco-salon-pas-cher-4-640x640.jpeg 640w, https:\/\/www.cocondedecoration.com\/blog\/wp-content\/uploads\/2024\/01\/fauteuil-deco-salon-pas-cher-4-165x165.jpeg 165w, https:\/\/www.cocondedecoration.com\/blog\/wp-content\/uploads\/2024\/01\/fauteuil-deco-salon-pas-cher-4-260x260.jpeg 260w, https:\/\/www.cocondedecoration.com\/blog\/wp-content\/uploads\/2024\/01\/fauteuil-deco-salon-pas-cher-4-465x465.jpeg 465w, https:\/\/www.cocondedecoration.com\/blog\/wp-content\/uploads\/2024\/01\/fauteuil-deco-salon-pas-cher-4-500x500.jpeg 500w, https:\/\/www.cocondedecoration.com\/blog\/wp-content\/uploads\/2024\/01\/fauteuil-deco-salon-pas-cher-4.jpeg 650w\" sizes=\"(max-width: 640px) 100vw, 640px\" \/><figcaption><a href=\"https:\/\/c3po.link\/QyFndvdWST\" target=\"_blank\" rel=\"noreferrer noopener\" aria-label=\"Fauteuil crapaud en velours gris (s\u2019ouvre dans un nouvel onglet)\">Fauteuil crapaud en velours gris<\/a> - Conforama - 69,99\u20ac<\/figcaption><\/figure>\n<\/div>\n\n\n\n<div class=\"wp-block-column is-layout-flow wp-block-column-is-layout-flow\">\n<figure class=\"wp-block-image\"><img loading=\"lazy\" decoding=\"async\" width=\"640\" height=\"640\" src=\"https:\/\/www.cocondedecoration.com\/blog\/wp-content\/uploads\/2024\/01\/fauteuil-salon-pas-cher-2-640x640.jpeg\" alt=\"fauteuil salon pas cher Fauteuil &quot;Praya&quot; en Rotin\" class=\"wp-image-71433\" srcset=\"https:\/\/www.cocondedecoration.com\/blog\/wp-content\/uploads\/2024\/01\/fauteuil-salon-pas-cher-2-640x640.jpeg 640w, https:\/\/www.cocondedecoration.com\/blog\/wp-content\/uploads\/2024\/01\/fauteuil-salon-pas-cher-2-165x165.jpeg 165w, https:\/\/www.cocondedecoration.com\/blog\/wp-content\/uploads\/2024\/01\/fauteuil-salon-pas-cher-2-260x260.jpeg 260w, https:\/\/www.cocondedecoration.com\/blog\/wp-content\/uploads\/2024\/01\/fauteuil-salon-pas-cher-2-465x465.jpeg 465w, https:\/\/www.cocondedecoration.com\/blog\/wp-content\/uploads\/2024\/01\/fauteuil-salon-pas-cher-2-500x500.jpeg 500w, https:\/\/www.cocondedecoration.com\/blog\/wp-content\/uploads\/2024\/01\/fauteuil-salon-pas-cher-2.jpeg 650w\" sizes=\"(max-width: 640px) 100vw, 640px\" \/><figcaption><a href=\"https:\/\/c3po.link\/QCYdfwSNsJ\" target=\"_blank\" rel=\"noreferrer noopener\" aria-label=\"Fauteuil en Rotin (s\u2019ouvre dans un nouvel onglet)\">Fauteuil en Rotin<\/a> - La Redoute - 99,99\u20ac<\/figcaption><\/figure>\n\n\n\n<figure class=\"wp-block-image\"><img loading=\"lazy\" decoding=\"async\" width=\"640\" height=\"640\" src=\"https:\/\/www.cocondedecoration.com\/blog\/wp-content\/uploads\/2024\/01\/fauteuil-deco-salon-pas-cher-1-640x640.jpeg\" alt=\"fauteuil deco salon pas cher Fauteuil lounge en polyur\u00e9thane detroit gris\" class=\"wp-image-71438\" srcset=\"https:\/\/www.cocondedecoration.com\/blog\/wp-content\/uploads\/2024\/01\/fauteuil-deco-salon-pas-cher-1-640x640.jpeg 640w, https:\/\/www.cocondedecoration.com\/blog\/wp-content\/uploads\/2024\/01\/fauteuil-deco-salon-pas-cher-1-165x165.jpeg 165w, https:\/\/www.cocondedecoration.com\/blog\/wp-content\/uploads\/2024\/01\/fauteuil-deco-salon-pas-cher-1-260x260.jpeg 260w, https:\/\/www.cocondedecoration.com\/blog\/wp-content\/uploads\/2024\/01\/fauteuil-deco-salon-pas-cher-1-465x465.jpeg 465w, https:\/\/www.cocondedecoration.com\/blog\/wp-content\/uploads\/2024\/01\/fauteuil-deco-salon-pas-cher-1-500x500.jpeg 500w, https:\/\/www.cocondedecoration.com\/blog\/wp-content\/uploads\/2024\/01\/fauteuil-deco-salon-pas-cher-1.jpeg 650w\" sizes=\"(max-width: 640px) 100vw, 640px\" \/><figcaption><a rel=\"noreferrer noopener\" aria-label=\"Fauteuil lounge en polyur\u00e9thane detroit gris (s\u2019ouvre dans un nouvel onglet)\" href=\"https:\/\/c3po.link\/QCBaKqhhfw\" target=\"_blank\">Fauteuil lounge en polyur\u00e9thane gris<\/a> - Conforama - 70\u20ac<\/figcaption><\/figure>\n\n\n\n<figure class=\"wp-block-image\"><img loading=\"lazy\" decoding=\"async\" width=\"640\" height=\"640\" src=\"https:\/\/www.cocondedecoration.com\/blog\/wp-content\/uploads\/2024\/01\/fauteuil-deco-salon-pas-cher-5-640x640.jpeg\" alt=\"fauteuil deco salon pas cher Fauteuil en tissu bleu\" class=\"wp-image-71442\" srcset=\"https:\/\/www.cocondedecoration.com\/blog\/wp-content\/uploads\/2024\/01\/fauteuil-deco-salon-pas-cher-5-640x640.jpeg 640w, https:\/\/www.cocondedecoration.com\/blog\/wp-content\/uploads\/2024\/01\/fauteuil-deco-salon-pas-cher-5-165x165.jpeg 165w, https:\/\/www.cocondedecoration.com\/blog\/wp-content\/uploads\/2024\/01\/fauteuil-deco-salon-pas-cher-5-260x260.jpeg 260w, https:\/\/www.cocondedecoration.com\/blog\/wp-content\/uploads\/2024\/01\/fauteuil-deco-salon-pas-cher-5-465x465.jpeg 465w, https:\/\/www.cocondedecoration.com\/blog\/wp-content\/uploads\/2024\/01\/fauteuil-deco-salon-pas-cher-5-500x500.jpeg 500w, https:\/\/www.cocondedecoration.com\/blog\/wp-content\/uploads\/2024\/01\/fauteuil-deco-salon-pas-cher-5.jpeg 650w\" sizes=\"(max-width: 640px) 100vw, 640px\" \/><figcaption><a href=\"https:\/\/c3po.link\/QhsatVe5uh\" target=\"_blank\" rel=\"noreferrer noopener\" aria-label=\"Fauteuil en tissu bleu (s\u2019ouvre dans un nouvel onglet)\">Fauteuil en tissu bleu<\/a> - Conforama - 79,99\u20ac <\/figcaption><\/figure>\n<\/div>\n<\/div>\n\n\n\n<h3 class=\"wp-block-heading\">Les fauteuils papillon \u00e0 moins de 100\u20ac <\/h3>\n\n\n\n<div class=\"wp-block-columns has-4-columns is-layout-flex wp-container-core-columns-layout-2 wp-block-columns-is-layout-flex\">\n<div class=\"wp-block-column is-layout-flow wp-block-column-is-layout-flow\">\n<figure class=\"wp-block-image\"><img loading=\"lazy\" decoding=\"async\" width=\"500\" height=\"500\" src=\"http:\/\/www.cocondedecoration.com\/blog\/wp-content\/uploads\/2021\/02\/fauteuil-deco-pas-cher-1.jpeg\" alt=\"fauteuil deco pas cher papillon imprim\u00e9 tropical\" class=\"wp-image-34208\" srcset=\"https:\/\/www.cocondedecoration.com\/blog\/wp-content\/uploads\/2021\/02\/fauteuil-deco-pas-cher-1.jpeg 500w, https:\/\/www.cocondedecoration.com\/blog\/wp-content\/uploads\/2021\/02\/fauteuil-deco-pas-cher-1-165x165.jpeg 165w, https:\/\/www.cocondedecoration.com\/blog\/wp-content\/uploads\/2021\/02\/fauteuil-deco-pas-cher-1-260x260.jpeg 260w, https:\/\/www.cocondedecoration.com\/blog\/wp-content\/uploads\/2021\/02\/fauteuil-deco-pas-cher-1-465x465.jpeg 465w\" sizes=\"(max-width: 500px) 100vw, 500px\" \/><figcaption><a href=\"https:\/\/tidd.ly\/39HavU9\" target=\"_blank\" rel=\"noreferrer noopener\" aria-label=\"Fauteuil papillon (s\u2019ouvre dans un nouvel onglet)\">Fauteuil papillon<\/a> - But - 65,99\u20ac<\/figcaption><\/figure>\n<\/div>\n\n\n\n<div class=\"wp-block-column is-layout-flow wp-block-column-is-layout-flow\">\n<figure class=\"wp-block-image\"><img loading=\"lazy\" decoding=\"async\" width=\"640\" height=\"640\" src=\"https:\/\/www.cocondedecoration.com\/blog\/wp-content\/uploads\/2024\/01\/fauteuil-salon-pas-cher-5-640x640.jpeg\" alt=\"fauteuil salon pas cher Fauteuil papillon int\/ext design pliable\" class=\"wp-image-71436\" srcset=\"https:\/\/www.cocondedecoration.com\/blog\/wp-content\/uploads\/2024\/01\/fauteuil-salon-pas-cher-5-640x640.jpeg 640w, https:\/\/www.cocondedecoration.com\/blog\/wp-content\/uploads\/2024\/01\/fauteuil-salon-pas-cher-5-165x165.jpeg 165w, https:\/\/www.cocondedecoration.com\/blog\/wp-content\/uploads\/2024\/01\/fauteuil-salon-pas-cher-5-260x260.jpeg 260w, https:\/\/www.cocondedecoration.com\/blog\/wp-content\/uploads\/2024\/01\/fauteuil-salon-pas-cher-5-465x465.jpeg 465w, https:\/\/www.cocondedecoration.com\/blog\/wp-content\/uploads\/2024\/01\/fauteuil-salon-pas-cher-5-500x500.jpeg 500w, https:\/\/www.cocondedecoration.com\/blog\/wp-content\/uploads\/2024\/01\/fauteuil-salon-pas-cher-5.jpeg 650w\" sizes=\"(max-width: 640px) 100vw, 640px\" \/><figcaption><a href=\"https:\/\/c3po.link\/Qwy92BXZR7\" target=\"_blank\" rel=\"noreferrer noopener\" aria-label=\"Fauteuil papillon int\/ext design pliable  (s\u2019ouvre dans un nouvel onglet)\">Fauteuil papillon int\/ext design pliable <\/a>- La Redoute - 99,90\u20ac<\/figcaption><\/figure>\n<\/div>\n\n\n\n<div class=\"wp-block-column is-layout-flow wp-block-column-is-layout-flow\"><\/div>\n\n\n\n<div class=\"wp-block-column is-layout-flow wp-block-column-is-layout-flow\"><\/div>\n<\/div>\n\n\n\n<h2 class=\"wp-block-heading\">Comment personnaliser le salon \u00e0 l'aide d'un fauteuil? <\/h2>\n\n\n\n<ul class=\"wp-block-gallery columns-3 is-cropped wp-block-gallery-1 is-layout-flex wp-block-gallery-is-layout-flex\"><li class=\"blocks-gallery-item\"><figure><img loading=\"lazy\" decoding=\"async\" width=\"640\" height=\"960\" src=\"http:\/\/www.cocondedecoration.com\/blog\/wp-content\/uploads\/2021\/02\/petit-budget-fauteuil-deco-1-640x960.jpeg\" alt=\"petit budget fauteuil deco d\u00e9coration moderne couleur neutre plantes vertes\" data-id=\"34211\" data-link=\"http:\/\/www.cocondedecoration.com\/blog\/?attachment_id=34211\" class=\"wp-image-34211\" srcset=\"https:\/\/www.cocondedecoration.com\/blog\/wp-content\/uploads\/2021\/02\/petit-budget-fauteuil-deco-1-640x960.jpeg 640w, https:\/\/www.cocondedecoration.com\/blog\/wp-content\/uploads\/2021\/02\/petit-budget-fauteuil-deco-1-260x390.jpeg 260w, https:\/\/www.cocondedecoration.com\/blog\/wp-content\/uploads\/2021\/02\/petit-budget-fauteuil-deco-1-768x1152.jpeg 768w, https:\/\/www.cocondedecoration.com\/blog\/wp-content\/uploads\/2021\/02\/petit-budget-fauteuil-deco-1-367x550.jpeg 367w, https:\/\/www.cocondedecoration.com\/blog\/wp-content\/uploads\/2021\/02\/petit-budget-fauteuil-deco-1-333x500.jpeg 333w, https:\/\/www.cocondedecoration.com\/blog\/wp-content\/uploads\/2021\/02\/petit-budget-fauteuil-deco-1.jpeg 1000w\" sizes=\"(max-width: 640px) 100vw, 640px\" \/><\/figure><\/li><li class=\"blocks-gallery-item\"><figure><img loading=\"lazy\" decoding=\"async\" width=\"640\" height=\"960\" src=\"http:\/\/www.cocondedecoration.com\/blog\/wp-content\/uploads\/2021\/02\/petit-budget-fauteuil-deco-2-640x960.jpeg\" alt=\"petit budget fauteuil deco 2 salon moderne plantes vertes couleurs\" data-id=\"34212\" data-link=\"http:\/\/www.cocondedecoration.com\/blog\/?attachment_id=34212\" class=\"wp-image-34212\" srcset=\"https:\/\/www.cocondedecoration.com\/blog\/wp-content\/uploads\/2021\/02\/petit-budget-fauteuil-deco-2-640x960.jpeg 640w, https:\/\/www.cocondedecoration.com\/blog\/wp-content\/uploads\/2021\/02\/petit-budget-fauteuil-deco-2-260x390.jpeg 260w, https:\/\/www.cocondedecoration.com\/blog\/wp-content\/uploads\/2021\/02\/petit-budget-fauteuil-deco-2-768x1152.jpeg 768w, https:\/\/www.cocondedecoration.com\/blog\/wp-content\/uploads\/2021\/02\/petit-budget-fauteuil-deco-2-367x550.jpeg 367w, https:\/\/www.cocondedecoration.com\/blog\/wp-content\/uploads\/2021\/02\/petit-budget-fauteuil-deco-2-333x500.jpeg 333w, https:\/\/www.cocondedecoration.com\/blog\/wp-content\/uploads\/2021\/02\/petit-budget-fauteuil-deco-2.jpeg 1000w\" sizes=\"(max-width: 640px) 100vw, 640px\" \/><\/figure><\/li><li class=\"blocks-gallery-item\"><figure><img loading=\"lazy\" decoding=\"async\" width=\"640\" height=\"960\" src=\"http:\/\/www.cocondedecoration.com\/blog\/wp-content\/uploads\/2021\/02\/petit-budget-fauteuil-deco-3-640x960.jpeg\" alt=\"petit budget fauteuil deco salon sajour blanc moderne et couleur dynamique\" data-id=\"34213\" data-link=\"http:\/\/www.cocondedecoration.com\/blog\/?attachment_id=34213\" class=\"wp-image-34213\" srcset=\"https:\/\/www.cocondedecoration.com\/blog\/wp-content\/uploads\/2021\/02\/petit-budget-fauteuil-deco-3-640x960.jpeg 640w, https:\/\/www.cocondedecoration.com\/blog\/wp-content\/uploads\/2021\/02\/petit-budget-fauteuil-deco-3-260x390.jpeg 260w, https:\/\/www.cocondedecoration.com\/blog\/wp-content\/uploads\/2021\/02\/petit-budget-fauteuil-deco-3-768x1152.jpeg 768w, https:\/\/www.cocondedecoration.com\/blog\/wp-content\/uploads\/2021\/02\/petit-budget-fauteuil-deco-3-367x550.jpeg 367w, https:\/\/www.cocondedecoration.com\/blog\/wp-content\/uploads\/2021\/02\/petit-budget-fauteuil-deco-3-333x500.jpeg 333w, https:\/\/www.cocondedecoration.com\/blog\/wp-content\/uploads\/2021\/02\/petit-budget-fauteuil-deco-3.jpeg 1000w\" sizes=\"(max-width: 640px) 100vw, 640px\" \/><\/figure><\/li><\/ul>\n\n\n\n<p style=\"text-align:center\" class=\"has-small-font-size\"><a rel=\"noreferrer noopener\" aria-label=\"1 (s\u2019ouvre dans un nouvel onglet)\" href=\"https:\/\/www.pinterest.ch\/pin\/420734790193090330\/\" target=\"_blank\">1<\/a> \/ <a rel=\"noreferrer noopener\" aria-label=\"2 (s\u2019ouvre dans un nouvel onglet)\" href=\"https:\/\/www.pinterest.ch\/pin\/289919294767941906\/\" target=\"_blank\">2<\/a> \/ <a href=\"https:\/\/www.pinterest.ch\/pin\/65654107055595341\/\" target=\"_blank\" rel=\"noreferrer noopener\" aria-label=\"3 (s\u2019ouvre dans un nouvel onglet)\">3<\/a><\/p>\n\n\n\n<h3 class=\"wp-block-heading\">Apporter une touche de couleur et \/ ou de motif dans la pi\u00e8ce \u00e0 vivre<\/h3>\n\n\n\n<p>Le fauteuil est une mani\u00e8re rapide d'apporter de la couleur et des motifs dans votre salon s\u00e9jour. Vous pouvez choisir une couleur qui est d\u00e9j\u00e0 pr\u00e9sente dans votre d\u00e9coration pour votre nouvelle assise. Vous pouvez aussi jouer la carte de l'inattendu et choisir une couleur plus surprenante pour cr\u00e9er un \u00e9lan de vitalit\u00e9 et de dynamisme dans votre int\u00e9rieur. Si vous le trouvez trop fade ou que vous commencez \u00e0 vous lasser de votre d\u00e9co, ajouter un fauteuil color\u00e9 fera son petit effet. G\u00e9n\u00e9ralement, le fauteuil est \u00e0 proximit\u00e9 du canap\u00e9 et un peu de couleur lui donnera une nouvelle allure. <\/p>\n\n\n\n<h3 class=\"wp-block-heading\">Accentuer le style de votre d\u00e9coration gr\u00e2ce au fauteuil <\/h3>\n\n\n\n<p>Le fauteuil a aussi un autre int\u00e9r\u00eat, il va vous permettre de peaufiner votre d\u00e9coration. Imaginons que vous avez une d\u00e9co boh\u00e8me dans le salon, le fauteuil va vous permettre de parfaire ce style au m\u00eame titre que du macram\u00e9 pour d\u00e9corer les murs ou des tapis au sol. M\u00eame si la contrainte de prix diminue le choix dans les mod\u00e8les de fauteuils, il y a tout de m\u00eame pas mal de possibilit\u00e9s. Certains mod\u00e8les design ont rencontr\u00e9 un tel succ\u00e8s qu'il est possible de les trouver en r\u00e9-\u00e9dition \u00e0 prix convenable. C'est le cas par exemple pour l'embl\u00e9matique chaise Eames mais aussi pour le fauteuil papillon. <\/p>\n\n\n\n<h3 class=\"wp-block-heading\">Le fauteuil papillon s'adapte \u00e0 toutes vos envies <\/h3>\n\n\n\n<p>Vous avez probablement remarqu\u00e9 que dans ma s\u00e9lection il y a plusieurs mod\u00e8les de fauteuils papillon. J'ai \u00e9t\u00e9 assez surprise de voir l'\u00e9tendu des possibilit\u00e9s avec ce fauteuil de nos jours. C'est un fauteuil que j'avais quand j'\u00e9tais \u00e9tudiante. Je l'appr\u00e9ciais beaucoup parce qu'il \u00e9tait pliant et je pouvais le ranger facilement sans perdre de place. Le mien \u00e9tait simple, c'\u00e9tait un mod\u00e8le pour le jardin et il \u00e9tait uni vert. Maintenant, les choses ont chang\u00e9 et le fauteuil papillon a \u00e9volu\u00e9. Non pas par sa forme qui est facilement reconnaissable mais par les housses qui se parent de nouvelles mati\u00e8res, de nouvelles couleurs et de nouveaux motifs. Ce fauteuil trouve sa place dans un grand nombre de pi\u00e8ce \u00e0 vivre. Il n'est pas encombrant et visuellement il est l\u00e9ger - pratique dans les petits s\u00e9jour. Il peut aussi bien \u00eatre moderne m\u00eame si le design n'est pas r\u00e9cent. Il peut aussi \u00e9voluer, il suffit de changer la housse et garder la structure pour avoir un nouveau fauteuil qui correspond plus \u00e0 vos envies. Bref, m\u00eame en petit prix, le fauteuil papillon est un choix s\u00fbr pour d\u00e9corer le salon! <br>le saviez-vous? Le fauteuil papillon est originaire d'Argentine. Il a \u00e9t\u00e9 cr\u00e9\u00e9 en 1938 par 3 designers: Antonio Bonet, Juan Kurchan et Jorge Ferrari Hardoy. Sa plus large diffusion, on le doit au groupe Knoll qui ach\u00e8te les droits en 47. <\/p>\n\n\n\n<ul class=\"wp-block-gallery columns-3 is-cropped wp-block-gallery-2 is-layout-flex wp-block-gallery-is-layout-flex\"><li class=\"blocks-gallery-item\"><figure><img loading=\"lazy\" decoding=\"async\" width=\"640\" height=\"960\" src=\"http:\/\/www.cocondedecoration.com\/blog\/wp-content\/uploads\/2021\/02\/petit-budget-fauteuil-papillon-1-640x960.jpeg\" alt=\"petit budget fauteuil papillon salon style \u00e9pur\u00e9 minimaliste lumineux\" data-id=\"34214\" data-link=\"http:\/\/www.cocondedecoration.com\/blog\/?attachment_id=34214\" class=\"wp-image-34214\" srcset=\"https:\/\/www.cocondedecoration.com\/blog\/wp-content\/uploads\/2021\/02\/petit-budget-fauteuil-papillon-1-640x960.jpeg 640w, https:\/\/www.cocondedecoration.com\/blog\/wp-content\/uploads\/2021\/02\/petit-budget-fauteuil-papillon-1-260x390.jpeg 260w, https:\/\/www.cocondedecoration.com\/blog\/wp-content\/uploads\/2021\/02\/petit-budget-fauteuil-papillon-1-768x1152.jpeg 768w, https:\/\/www.cocondedecoration.com\/blog\/wp-content\/uploads\/2021\/02\/petit-budget-fauteuil-papillon-1-367x550.jpeg 367w, https:\/\/www.cocondedecoration.com\/blog\/wp-content\/uploads\/2021\/02\/petit-budget-fauteuil-papillon-1-333x500.jpeg 333w, https:\/\/www.cocondedecoration.com\/blog\/wp-content\/uploads\/2021\/02\/petit-budget-fauteuil-papillon-1.jpeg 1000w\" sizes=\"(max-width: 640px) 100vw, 640px\" \/><\/figure><\/li><li class=\"blocks-gallery-item\"><figure><img loading=\"lazy\" decoding=\"async\" width=\"640\" height=\"960\" src=\"http:\/\/www.cocondedecoration.com\/blog\/wp-content\/uploads\/2021\/02\/petit-budget-fauteuil-papillon-2-640x960.jpeg\" alt=\"petit budget fauteuil papillon salon moderne et chaleureux cuir repose pied plantes vertes\" data-id=\"34215\" data-link=\"http:\/\/www.cocondedecoration.com\/blog\/?attachment_id=34215\" class=\"wp-image-34215\" srcset=\"https:\/\/www.cocondedecoration.com\/blog\/wp-content\/uploads\/2021\/02\/petit-budget-fauteuil-papillon-2-640x960.jpeg 640w, https:\/\/www.cocondedecoration.com\/blog\/wp-content\/uploads\/2021\/02\/petit-budget-fauteuil-papillon-2-260x390.jpeg 260w, https:\/\/www.cocondedecoration.com\/blog\/wp-content\/uploads\/2021\/02\/petit-budget-fauteuil-papillon-2-768x1152.jpeg 768w, https:\/\/www.cocondedecoration.com\/blog\/wp-content\/uploads\/2021\/02\/petit-budget-fauteuil-papillon-2-367x550.jpeg 367w, https:\/\/www.cocondedecoration.com\/blog\/wp-content\/uploads\/2021\/02\/petit-budget-fauteuil-papillon-2-333x500.jpeg 333w, https:\/\/www.cocondedecoration.com\/blog\/wp-content\/uploads\/2021\/02\/petit-budget-fauteuil-papillon-2.jpeg 1000w\" sizes=\"(max-width: 640px) 100vw, 640px\" \/><\/figure><\/li><li class=\"blocks-gallery-item\"><figure><img loading=\"lazy\" decoding=\"async\" width=\"640\" height=\"960\" src=\"http:\/\/www.cocondedecoration.com\/blog\/wp-content\/uploads\/2021\/02\/petit-budget-fauteuil-papillon-3-640x960.jpeg\" alt=\"petit budget fauteuil papillon style grunge boh\u00e8me couleurs neutres\" data-id=\"34216\" data-link=\"http:\/\/www.cocondedecoration.com\/blog\/?attachment_id=34216\" class=\"wp-image-34216\" srcset=\"https:\/\/www.cocondedecoration.com\/blog\/wp-content\/uploads\/2021\/02\/petit-budget-fauteuil-papillon-3-640x960.jpeg 640w, https:\/\/www.cocondedecoration.com\/blog\/wp-content\/uploads\/2021\/02\/petit-budget-fauteuil-papillon-3-260x390.jpeg 260w, https:\/\/www.cocondedecoration.com\/blog\/wp-content\/uploads\/2021\/02\/petit-budget-fauteuil-papillon-3-768x1152.jpeg 768w, https:\/\/www.cocondedecoration.com\/blog\/wp-content\/uploads\/2021\/02\/petit-budget-fauteuil-papillon-3-367x550.jpeg 367w, https:\/\/www.cocondedecoration.com\/blog\/wp-content\/uploads\/2021\/02\/petit-budget-fauteuil-papillon-3-333x500.jpeg 333w, https:\/\/www.cocondedecoration.com\/blog\/wp-content\/uploads\/2021\/02\/petit-budget-fauteuil-papillon-3.jpeg 1000w\" sizes=\"(max-width: 640px) 100vw, 640px\" \/><\/figure><\/li><\/ul>\n\n\n\n<p style=\"text-align:center\" class=\"has-small-font-size\"><a href=\"https:\/\/www.pinterest.ch\/pin\/138133913554345667\/\" target=\"_blank\" rel=\"noreferrer noopener\" aria-label=\"1 (s\u2019ouvre dans un nouvel onglet)\">1<\/a> \/ <a rel=\"noreferrer noopener\" aria-label=\"2 (s\u2019ouvre dans un nouvel onglet)\" href=\"https:\/\/www.pinterest.ch\/pin\/11681280262169362\/\" target=\"_blank\">2<\/a> \/ <a rel=\"noreferrer noopener\" aria-label=\"3 (s\u2019ouvre dans un nouvel onglet)\" href=\"https:\/\/www.pinterest.ch\/pin\/447897125425467400\/\" target=\"_blank\">3<\/a> <\/p>\n\n\n\n<p>Vous cherchez un fauteuil de salon pas cher pour compl\u00e9ter votre d\u00e9coration int\u00e9rieure sans vous ruiner ? Ne cherchez plus ! <\/p>\n\n\n\n<p><a href=\"https:\/\/www.atmosphera.com\/fr\/soldes\/fauteuils-canapes\/fauteuils.html\">fauteuil solde<\/a>: Lorsque vous recherchez un fauteuil pas cher, il est important de garder \u00e0 l'esprit les soldes et les promotions. De nombreux magasins proposent r\u00e9guli\u00e8rement des r\u00e9ductions sur leurs fauteuils, ce qui peut \u00eatre une excellente occasion d'acheter un mod\u00e8le de qualit\u00e9 \u00e0 prix r\u00e9duit. N'h\u00e9sitez pas \u00e0 consulter les sites web des grandes enseignes ou \u00e0 vous rendre dans les magasins physiques pour d\u00e9couvrir les offres en cours.<\/p>\n\n\n\n<p>Fauteuil \u00e0 petit prix neuf ou d'occasion: Une autre option int\u00e9ressante est d'explorer les sites de vente en ligne sp\u00e9cialis\u00e9s dans la d\u00e9coration abordable. Ces plateformes proposent souvent une large s\u00e9lection de fauteuils \u00e0 petit prix, avec des styles vari\u00e9s pour s'adapter \u00e0 tous les go\u00fbts. Vous pouvez \u00e9galement consulter les sites d'occasion ou de revente, o\u00f9 vous pourriez trouver des fauteuils d'occasion en bon \u00e9tat \u00e0 des prix tr\u00e8s attractifs.<\/p>\n\n\n\n<p>Les fauteuils r\u00e9cup': Enfin, n'oubliez pas que la d\u00e9co ne se limite pas aux grandes marques ou aux produits neufs. Vous pouvez \u00e9galement opter pour des fauteuils vintage ou r\u00e9cup\u00e9r\u00e9s, qui apporteront une touche unique et originale \u00e0 votre salon tout en respectant votre budget.<\/p>\n\n\n\n<p>En conclusion, il existe de nombreuses possibilit\u00e9s pour trouver un fauteuil de salon pas cher et d\u00e9coratif. Que ce soit lors des soldes et promotions, sur internet ou en explorant le march\u00e9 de l'occasion, il y a de fortes chances que vous trouviez le fauteuil parfait pour votre salon sans vous ruiner.<\/p>\n\n\n\n<hr class=\"wp-block-separator\"\/>\n\n\n\n<div class=\"wp-block-columns has-2-columns is-layout-flex wp-container-core-columns-layout-3 wp-block-columns-is-layout-flex\">\n<div class=\"wp-block-column is-layout-flow wp-block-column-is-layout-flow\">\n<p style=\"text-align:center\" class=\"has-medium-font-size\">Plus d'id\u00e9es d\u00e9co pour votre salon<\/p>\n\n\n<ul class=\"wp-block-latest-posts__list wp-block-latest-posts\"><li><a class=\"wp-block-latest-posts__post-title\" href=\"https:\/\/www.cocondedecoration.com\/blog\/2026\/02\/buffet-salon-moderne\/\">Buffet de salon: quel mod\u00e8le choisir pour plus de rangement?<\/a><\/li>\n<li><a class=\"wp-block-latest-posts__post-title\" href=\"https:\/\/www.cocondedecoration.com\/blog\/2026\/01\/meuble-tele-tendance\/\">Meuble t\u00e9l\u00e9: quelles sont les tendances d\u00e9co pour 2026?<\/a><\/li>\n<li><a class=\"wp-block-latest-posts__post-title\" href=\"https:\/\/www.cocondedecoration.com\/blog\/2025\/09\/couleur-table-basse\/\">De la couleur au coeur du salon gr\u00e2ce \u00e0 la table basse<\/a><\/li>\n<li><a class=\"wp-block-latest-posts__post-title\" href=\"https:\/\/www.cocondedecoration.com\/blog\/2025\/07\/housse-de-canape\/\">Quelle housse de canap\u00e9 choisir? |\u00a0guide d\u00e9co<\/a><\/li>\n<li><a class=\"wp-block-latest-posts__post-title\" href=\"https:\/\/www.cocondedecoration.com\/blog\/2024\/09\/100-salons-deco-moderne\/\">100 salons modernes pour un espace de vie qui vous ressemble<\/a><\/li>\n<li><a class=\"wp-block-latest-posts__post-title\" href=\"https:\/\/www.cocondedecoration.com\/blog\/2023\/10\/ou-acheter-meuble-vitrine-moderne\/\">O\u00f9 trouver | Un meuble vitrine?<\/a><\/li>\n<li><a class=\"wp-block-latest-posts__post-title\" href=\"https:\/\/www.cocondedecoration.com\/blog\/2022\/07\/ou-trouver-bout-de-canape-moderne\/\">[O\u00f9 trouver] Un bout de canap\u00e9 arrondi?<\/a><\/li>\n<li><a class=\"wp-block-latest-posts__post-title\" href=\"https:\/\/www.cocondedecoration.com\/blog\/2021\/05\/ou-trouver-meuble-vintage-salon\/\">Des meubles style mid century pour le salon s\u00e9jour | guide d\u00e9co<\/a><\/li>\n<\/ul><\/div>\n\n\n\n<div class=\"wp-block-column is-layout-flow wp-block-column-is-layout-flow\">\n<p class=\"has-text-align-center has-medium-font-size\">Ne perdons pas contact \ud83d\ude42 Rejoignez moi sur <a href=\"https:\/\/www.pinterest.fr\/cocondedeco\/\" target=\"_blank\" rel=\"noopener\" title=\"\">Pinterest<\/a> |\u00a0<a href=\"https:\/\/www.threads.net\/@cocondedeco\" target=\"_blank\" rel=\"noopener\" title=\"\">Threads<\/a> | <a href=\"https:\/\/www.patreon.com\/collection\/162946?view=expanded\" target=\"_blank\" rel=\"noopener\" title=\"\">la Newsletter<\/a> <br>Vous aimez lire le blog? Vous souhaitez continuer \u00e0 le lire? <a href=\"https:\/\/www.patreon.com\/cocondedeco\" target=\"_blank\" rel=\"noopener\" title=\"\">Devenez m\u00e9c\u00e8ne<\/a> sur Patreon et contribuez \u00e0 sa survie. <\/p>\n<\/div>\n<\/div>\n\n\n\n<div class=\"wp-block-image\"><figure class=\"aligncenter\"><img loading=\"lazy\" decoding=\"async\" width=\"732\" height=\"488\" src=\"http:\/\/www.cocondedecoration.com\/blog\/wp-content\/uploads\/2021\/02\/ou-trouver-fauteuil-pas-cher.jpg\" alt=\"ou trouver fauteuil pas cher moins de 100 euros\" class=\"wp-image-34217\" srcset=\"https:\/\/www.cocondedecoration.com\/blog\/wp-content\/uploads\/2021\/02\/ou-trouver-fauteuil-pas-cher.jpg 732w, https:\/\/www.cocondedecoration.com\/blog\/wp-content\/uploads\/2021\/02\/ou-trouver-fauteuil-pas-cher-260x173.jpg 260w, https:\/\/www.cocondedecoration.com\/blog\/wp-content\/uploads\/2021\/02\/ou-trouver-fauteuil-pas-cher-640x427.jpg 640w, https:\/\/www.cocondedecoration.com\/blog\/wp-content\/uploads\/2021\/02\/ou-trouver-fauteuil-pas-cher-465x310.jpg 465w, https:\/\/www.cocondedecoration.com\/blog\/wp-content\/uploads\/2021\/02\/ou-trouver-fauteuil-pas-cher-695x463.jpg 695w\" sizes=\"(max-width: 732px) 100vw, 732px\" \/><figcaption><a href=\"https:\/\/www.pinterest.ch\/pin\/4574037111478667\/\" target=\"_blank\" rel=\"noreferrer noopener\" aria-label=\"source (s\u2019ouvre dans un nouvel onglet)\">source<\/a><\/figcaption><\/figure><\/div>\n\n\n\n<p style=\"text-align:right\" class=\"has-small-font-size\">Cet article contient des liens affili\u00e9s qui me permettent d'entretenir r\u00e9guli\u00e8rement le blog et qui ne changent rien \u00e0 vos habitudes. <\/p>\n","protected":false},"excerpt":{"rendered":"<p>Dans la s\u00e9rie petit budget pour meubler et d\u00e9corer votre int\u00e9rieur, apr\u00e8s avoir pass\u00e9 en revue les canap\u00e9s convertibles \u00e0 moins de 500\u20ac, j&rsquo;ai eu envie de m&rsquo;int\u00e9resser aux fauteuils. Avant d&rsquo;\u00e9crire cet article, je me suis rendue compte que je n&rsquo;avais jamais achet\u00e9 un fauteuil neuf quand j&rsquo;habitais encore<span class=\"more-link\"><a href=\"https:\/\/www.cocondedecoration.com\/blog\/2021\/02\/ou-trouver-fauteuil-pas-cher\/\">Lire la suite<\/a><\/span><\/p>\n","protected":false},"author":1,"featured_media":34217,"comment_status":"open","ping_status":"open","sticky":false,"template":"","format":"standard","meta":{"om_disable_all_campaigns":false,"_monsterinsights_skip_tracking":false,"_monsterinsights_sitenote_active":false,"_monsterinsights_sitenote_note":"","_monsterinsights_sitenote_category":0,"_uf_show_specific_survey":0,"_uf_disable_surveys":false,"footnotes":""},"categories":[13825,56841,1714],"tags":[15283,15281,15279,15286,15285,7351,3994,10626,15292,15284,3459,15307,15302,15303,15298,15301,15306,15304,15305,15310,15308,15309,15288,15291,15290,15289,15295,15280,15313,10636,15282,15296,15293,15287,15297,15294,15299,15300,15311,15312],"aioseo_notices":[],"_links":{"self":[{"href":"https:\/\/www.cocondedecoration.com\/blog\/wp-json\/wp\/v2\/posts\/34187"}],"collection":[{"href":"https:\/\/www.cocondedecoration.com\/blog\/wp-json\/wp\/v2\/posts"}],"about":[{"href":"https:\/\/www.cocondedecoration.com\/blog\/wp-json\/wp\/v2\/types\/post"}],"author":[{"embeddable":true,"href":"https:\/\/www.cocondedecoration.com\/blog\/wp-json\/wp\/v2\/users\/1"}],"replies":[{"embeddable":true,"href":"https:\/\/www.cocondedecoration.com\/blog\/wp-json\/wp\/v2\/comments?post=34187"}],"version-history":[{"count":0,"href":"https:\/\/www.cocondedecoration.com\/blog\/wp-json\/wp\/v2\/posts\/34187\/revisions"}],"wp:featuredmedia":[{"embeddable":true,"href":"https:\/\/www.cocondedecoration.com\/blog\/wp-json\/wp\/v2\/media\/34217"}],"wp:attachment":[{"href":"https:\/\/www.cocondedecoration.com\/blog\/wp-json\/wp\/v2\/media?parent=34187"}],"wp:term":[{"taxonomy":"category","embeddable":true,"href":"https:\/\/www.cocondedecoration.com\/blog\/wp-json\/wp\/v2\/categories?post=34187"},{"taxonomy":"post_tag","embeddable":true,"href":"https:\/\/www.cocondedecoration.com\/blog\/wp-json\/wp\/v2\/tags?post=34187"}],"curies":[{"name":"wp","href":"https:\/\/api.w.org\/{rel}","templated":true}]}}