{"id":32686,"date":"2020-12-16T01:00:10","date_gmt":"2020-12-15T23:00:10","guid":{"rendered":"http:\/\/www.cocondedecoration.com\/blog\/?p=32686"},"modified":"2025-04-28T11:12:46","modified_gmt":"2025-04-28T09:12:46","slug":"ou-trouver-jolis-vases","status":"publish","type":"post","link":"https:\/\/www.cocondedecoration.com\/blog\/2020\/12\/ou-trouver-jolis-vases\/","title":{"rendered":"Toutes les occasions sont bonnes pour offrir un joli vase"},"content":{"rendered":"\n<p>Les occasions d'offrir des fleurs ne manquent pas. La plus jolie \u00e0 mes yeux c'est quand justement il n'y a pas de raison pr\u00e9cise sauf le fait de vouloir faire plaisir. Sinon, on peut vouloir offrir un joli bouquet \u00e0 no\u00ebl, pour la <a href=\"https:\/\/www.cocondedecoration.com\/blog\/2024\/05\/decoration-table-fete-des-meres\/\" target=\"_blank\" rel=\"noopener\" title=\"\">f\u00eate des m\u00e8res<\/a> ou des grands-m\u00e8res, pour un anniversaire ou encore quand on est invit\u00e9 \u00e0 manger... Offrir des fleurs c'est bien mais les offrir avec un joli vase c'est mieux. Il va mettre le bouquet en valeur. C'est aussi un cadeau qui va rester quand les fleurs seront fan\u00e9es. Le vase est pratique et peut resservir. Aujourd'hui, je vous propose donc une s\u00e9lection de vases \u00e0 offrir. <\/p>\n\n\n\n<!--more-->\n\n\n\n<div style=\"height:20px\" aria-hidden=\"true\" class=\"wp-block-spacer\"><\/div>\n\n\n\n<div class=\"wp-block-media-text alignwide\"><figure class=\"wp-block-media-text__media\"><img loading=\"lazy\" decoding=\"async\" width=\"640\" height=\"366\" src=\"https:\/\/www.cocondedecoration.com\/blog\/wp-content\/uploads\/2023\/12\/newsletter-patreon-640x366.png\" alt=\"\" class=\"wp-image-70176\" srcset=\"https:\/\/www.cocondedecoration.com\/blog\/wp-content\/uploads\/2023\/12\/newsletter-patreon-640x366.png 640w, https:\/\/www.cocondedecoration.com\/blog\/wp-content\/uploads\/2023\/12\/newsletter-patreon-260x149.png 260w, https:\/\/www.cocondedecoration.com\/blog\/wp-content\/uploads\/2023\/12\/newsletter-patreon-768x439.png 768w, https:\/\/www.cocondedecoration.com\/blog\/wp-content\/uploads\/2023\/12\/newsletter-patreon-465x266.png 465w, https:\/\/www.cocondedecoration.com\/blog\/wp-content\/uploads\/2023\/12\/newsletter-patreon-695x397.png 695w, https:\/\/www.cocondedecoration.com\/blog\/wp-content\/uploads\/2023\/12\/newsletter-patreon.png 1050w\" sizes=\"(max-width: 640px) 100vw, 640px\" \/><\/figure><div class=\"wp-block-media-text__content\">\n<p style=\"text-align:center\"><strong>La newsletter du blog est sur Patreon<\/strong><\/p>\n\n\n\n<p>Devenez membre gratuitement de mon Patron pour lire toutes les newsletters du blog &amp; recevoir une notification quand les prochaines seront en ligne. <\/p>\n\n\n\n<div class=\"wp-block-button aligncenter\"><a class=\"wp-block-button__link\" href=\"https:\/\/www.patreon.com\/cocondedeco\">Acc\u00e9der \u00e0 Patreon gratuitement<\/a><\/div>\n<\/div><\/div>\n\n\n\n<div style=\"height:30px\" aria-hidden=\"true\" class=\"wp-block-spacer\"><\/div>\n\n\n\n<div class=\"wp-block-columns has-2-columns is-layout-flex wp-container-core-columns-layout-1 wp-block-columns-is-layout-flex\">\n<div class=\"wp-block-column is-layout-flow wp-block-column-is-layout-flow\">\n<h2 class=\"wp-block-heading\">01 \u2022 Un joli vase pour un beau cadeau<\/h2>\n\n\n\n<p>Parce qu'il y a des occasions plus grandes que d'autres, parce qu'il y a des personnes aussi \u00e0 qui on ne peut pas juste se contenter d'offrir un simple bouquet... Il y a les grands et beaux vases. Ce sont des vases plus travaill\u00e9s, plus d\u00e9coratifs. Ce sont de vrais objets d\u00e9co \u00e0 part enti\u00e8re. Pour bien le choisir, il faut connaitre un peu les go\u00fbts de la personne \u00e0 qui il est destin\u00e9, histoire qu'il ne finisse pas au fond d'un placard. <\/p>\n\n\n\n<p>Dans la cat\u00e9gorie des vases offrir, il y a un choix infini. Il n'a pas \u00e9t\u00e9 facile de faire un choix (et il est fort possible que j'ajoute de nouveaux mod\u00e8les au fil du temps...) <\/p>\n\n\n\n<p>Retrouvez ici une <a href=\"https:\/\/www.cocondedecoration.com\/blog\/2022\/11\/cadeaux-deco-moins-de-20-euros\/\" target=\"_blank\" rel=\"noreferrer noopener\" aria-label=\"liste de jolis cadeaux d\u00e9co pour les petits budget  (s\u2019ouvre dans un nouvel onglet)\">liste de jolis cadeaux d\u00e9co pour les petits budget <\/a><\/p>\n\n\n\n<figure class=\"wp-block-gallery has-nested-images columns-default is-cropped wp-block-gallery-1 is-layout-flex wp-block-gallery-is-layout-flex\">\n<figure class=\"wp-block-image\"><img loading=\"lazy\" decoding=\"async\" width=\"640\" height=\"960\" src=\"https:\/\/www.cocondedecoration.com\/blog\/wp-content\/uploads\/2023\/03\/ou-trouver-vase-cadeau-deco-1-640x960.jpeg\" alt=\"ou trouver vase cadeau deco d\u00e9coration dessus buffet noir et beige palette neutre douce eucalyptus id\u00e9e\" class=\"wp-image-58842\" srcset=\"https:\/\/www.cocondedecoration.com\/blog\/wp-content\/uploads\/2023\/03\/ou-trouver-vase-cadeau-deco-1-640x960.jpeg 640w, https:\/\/www.cocondedecoration.com\/blog\/wp-content\/uploads\/2023\/03\/ou-trouver-vase-cadeau-deco-1-260x390.jpeg 260w, https:\/\/www.cocondedecoration.com\/blog\/wp-content\/uploads\/2023\/03\/ou-trouver-vase-cadeau-deco-1-768x1152.jpeg 768w, https:\/\/www.cocondedecoration.com\/blog\/wp-content\/uploads\/2023\/03\/ou-trouver-vase-cadeau-deco-1-367x550.jpeg 367w, https:\/\/www.cocondedecoration.com\/blog\/wp-content\/uploads\/2023\/03\/ou-trouver-vase-cadeau-deco-1-333x500.jpeg 333w, https:\/\/www.cocondedecoration.com\/blog\/wp-content\/uploads\/2023\/03\/ou-trouver-vase-cadeau-deco-1.jpeg 1000w\" sizes=\"(max-width: 640px) 100vw, 640px\" \/><figcaption class=\"wp-element-caption\">makingmanzanita.com\n<\/figcaption><\/figure>\n\n\n\n<figure class=\"wp-block-image\"><img loading=\"lazy\" decoding=\"async\" width=\"640\" height=\"960\" src=\"https:\/\/www.cocondedecoration.com\/blog\/wp-content\/uploads\/2023\/03\/ou-trouver-vase-cadeau-deco-2-640x960.jpeg\" alt=\"ou trouver vase cadeau deco \u00e0 poser sur table offrir fleur famille anniversaire f\u00eate des m\u00e8res\" class=\"wp-image-58843\" srcset=\"https:\/\/www.cocondedecoration.com\/blog\/wp-content\/uploads\/2023\/03\/ou-trouver-vase-cadeau-deco-2-640x960.jpeg 640w, https:\/\/www.cocondedecoration.com\/blog\/wp-content\/uploads\/2023\/03\/ou-trouver-vase-cadeau-deco-2-260x390.jpeg 260w, https:\/\/www.cocondedecoration.com\/blog\/wp-content\/uploads\/2023\/03\/ou-trouver-vase-cadeau-deco-2-768x1152.jpeg 768w, https:\/\/www.cocondedecoration.com\/blog\/wp-content\/uploads\/2023\/03\/ou-trouver-vase-cadeau-deco-2-367x550.jpeg 367w, https:\/\/www.cocondedecoration.com\/blog\/wp-content\/uploads\/2023\/03\/ou-trouver-vase-cadeau-deco-2-333x500.jpeg 333w, https:\/\/www.cocondedecoration.com\/blog\/wp-content\/uploads\/2023\/03\/ou-trouver-vase-cadeau-deco-2.jpeg 1000w\" sizes=\"(max-width: 640px) 100vw, 640px\" \/><figcaption class=\"wp-element-caption\">jennasuedesign.com\n<\/figcaption><\/figure>\n<\/figure>\n<\/div>\n\n\n\n<div class=\"wp-block-column is-layout-flow wp-block-column-is-layout-flow\">\n<figure class=\"wp-block-image\"><img loading=\"lazy\" decoding=\"async\" width=\"640\" height=\"960\" src=\"http:\/\/www.cocondedecoration.com\/blog\/wp-content\/uploads\/2020\/12\/joli-vase-decoration-exemple-2-640x960.jpeg\" alt=\"joli vase decoration exemple decoratiion \u00e9l\u00e9gante \u00e0 offrir\" class=\"wp-image-32743\" srcset=\"https:\/\/www.cocondedecoration.com\/blog\/wp-content\/uploads\/2020\/12\/joli-vase-decoration-exemple-2-640x960.jpeg 640w, https:\/\/www.cocondedecoration.com\/blog\/wp-content\/uploads\/2020\/12\/joli-vase-decoration-exemple-2-260x390.jpeg 260w, https:\/\/www.cocondedecoration.com\/blog\/wp-content\/uploads\/2020\/12\/joli-vase-decoration-exemple-2-768x1152.jpeg 768w, https:\/\/www.cocondedecoration.com\/blog\/wp-content\/uploads\/2020\/12\/joli-vase-decoration-exemple-2-367x550.jpeg 367w, https:\/\/www.cocondedecoration.com\/blog\/wp-content\/uploads\/2020\/12\/joli-vase-decoration-exemple-2-333x500.jpeg 333w, https:\/\/www.cocondedecoration.com\/blog\/wp-content\/uploads\/2020\/12\/joli-vase-decoration-exemple-2.jpeg 1000w\" sizes=\"(max-width: 640px) 100vw, 640px\" \/><figcaption class=\"wp-element-caption\"><a href=\"https:\/\/www.pinterest.ch\/pin\/228205906105822430\/\" target=\"_blank\" rel=\"noreferrer noopener\" aria-label=\"source (s\u2019ouvre dans un nouvel onglet)\">source<\/a><\/figcaption><\/figure>\n<\/div>\n<\/div>\n\n\n\n<div class=\"wp-block-columns is-layout-flex wp-container-core-columns-layout-2 wp-block-columns-is-layout-flex\">\n<div class=\"wp-block-column is-layout-flow wp-block-column-is-layout-flow\">\n<figure class=\"wp-block-image size-large\"><a href=\"https:\/\/www.cocondedecoration.com\/blog\/wp-content\/uploads\/2025\/04\/deco-joli-vase-a-offrir-mdm.001.jpeg\"><img loading=\"lazy\" decoding=\"async\" width=\"640\" height=\"640\" src=\"https:\/\/www.cocondedecoration.com\/blog\/wp-content\/uploads\/2025\/04\/deco-joli-vase-a-offrir-mdm.001-640x640.jpeg\" alt=\"Grand vase en rotin tress\u00e9 marron H51\" class=\"wp-image-82744\" title=\"Grand vase en rotin tress\u00e9 marron H51\" srcset=\"https:\/\/www.cocondedecoration.com\/blog\/wp-content\/uploads\/2025\/04\/deco-joli-vase-a-offrir-mdm.001-640x640.jpeg 640w, https:\/\/www.cocondedecoration.com\/blog\/wp-content\/uploads\/2025\/04\/deco-joli-vase-a-offrir-mdm.001-260x260.jpeg 260w, https:\/\/www.cocondedecoration.com\/blog\/wp-content\/uploads\/2025\/04\/deco-joli-vase-a-offrir-mdm.001-165x165.jpeg 165w, https:\/\/www.cocondedecoration.com\/blog\/wp-content\/uploads\/2025\/04\/deco-joli-vase-a-offrir-mdm.001-465x465.jpeg 465w, https:\/\/www.cocondedecoration.com\/blog\/wp-content\/uploads\/2025\/04\/deco-joli-vase-a-offrir-mdm.001-500x500.jpeg 500w, https:\/\/www.cocondedecoration.com\/blog\/wp-content\/uploads\/2025\/04\/deco-joli-vase-a-offrir-mdm.001.jpeg 650w\" sizes=\"(max-width: 640px) 100vw, 640px\" \/><\/a><figcaption class=\"wp-element-caption\">Grand vase en rotin tress\u00e9 marron H51 - Maisons du Monde<\/figcaption><\/figure>\n\n\n\n<div class=\"wp-block-buttons is-content-justification-center is-layout-flex wp-container-core-buttons-layout-1 wp-block-buttons-is-layout-flex\">\n<div class=\"wp-block-button\"><a class=\"wp-block-button__link wp-element-button\" href=\"https:\/\/fnty.co\/c\/r-YzmUIgsq\" target=\"_blank\" rel=\"noreferrer noopener\">Acheter<\/a><\/div>\n<\/div>\n<\/div>\n\n\n\n<div class=\"wp-block-column is-layout-flow wp-block-column-is-layout-flow\">\n<figure class=\"wp-block-image size-large\"><a href=\"https:\/\/www.cocondedecoration.com\/blog\/wp-content\/uploads\/2025\/04\/deco-joli-vase-a-offrir-mdm.002.jpeg\"><img loading=\"lazy\" decoding=\"async\" width=\"640\" height=\"640\" src=\"https:\/\/www.cocondedecoration.com\/blog\/wp-content\/uploads\/2025\/04\/deco-joli-vase-a-offrir-mdm.002-640x640.jpeg\" alt=\"Vase bleu en m\u00e9tal\" class=\"wp-image-82743\" title=\"Vase bleu en m\u00e9tal\" srcset=\"https:\/\/www.cocondedecoration.com\/blog\/wp-content\/uploads\/2025\/04\/deco-joli-vase-a-offrir-mdm.002-640x640.jpeg 640w, https:\/\/www.cocondedecoration.com\/blog\/wp-content\/uploads\/2025\/04\/deco-joli-vase-a-offrir-mdm.002-260x260.jpeg 260w, https:\/\/www.cocondedecoration.com\/blog\/wp-content\/uploads\/2025\/04\/deco-joli-vase-a-offrir-mdm.002-165x165.jpeg 165w, https:\/\/www.cocondedecoration.com\/blog\/wp-content\/uploads\/2025\/04\/deco-joli-vase-a-offrir-mdm.002-465x465.jpeg 465w, https:\/\/www.cocondedecoration.com\/blog\/wp-content\/uploads\/2025\/04\/deco-joli-vase-a-offrir-mdm.002-500x500.jpeg 500w, https:\/\/www.cocondedecoration.com\/blog\/wp-content\/uploads\/2025\/04\/deco-joli-vase-a-offrir-mdm.002.jpeg 650w\" sizes=\"(max-width: 640px) 100vw, 640px\" \/><\/a><figcaption class=\"wp-element-caption\">Vase bleu en m\u00e9tal - Becquet chez Maisons du Monde<\/figcaption><\/figure>\n\n\n\n<div class=\"wp-block-buttons is-content-justification-center is-layout-flex wp-container-core-buttons-layout-2 wp-block-buttons-is-layout-flex\">\n<div class=\"wp-block-button\"><a class=\"wp-block-button__link wp-element-button\" href=\"https:\/\/fnty.co\/c\/r-xyuDCQfl\" target=\"_blank\" rel=\"noreferrer noopener\">Acheter<\/a><\/div>\n<\/div>\n<\/div>\n\n\n\n<div class=\"wp-block-column is-layout-flow wp-block-column-is-layout-flow\">\n<figure class=\"wp-block-image size-large\"><a href=\"https:\/\/www.cocondedecoration.com\/blog\/wp-content\/uploads\/2025\/04\/deco-joli-vase-a-offrir-mdm.003.jpeg\"><img loading=\"lazy\" decoding=\"async\" width=\"640\" height=\"640\" src=\"https:\/\/www.cocondedecoration.com\/blog\/wp-content\/uploads\/2025\/04\/deco-joli-vase-a-offrir-mdm.003-640x640.jpeg\" alt=\"Vase jaune en verre\" class=\"wp-image-82742\" title=\"Vase jaune en verre\" srcset=\"https:\/\/www.cocondedecoration.com\/blog\/wp-content\/uploads\/2025\/04\/deco-joli-vase-a-offrir-mdm.003-640x640.jpeg 640w, https:\/\/www.cocondedecoration.com\/blog\/wp-content\/uploads\/2025\/04\/deco-joli-vase-a-offrir-mdm.003-260x260.jpeg 260w, https:\/\/www.cocondedecoration.com\/blog\/wp-content\/uploads\/2025\/04\/deco-joli-vase-a-offrir-mdm.003-165x165.jpeg 165w, https:\/\/www.cocondedecoration.com\/blog\/wp-content\/uploads\/2025\/04\/deco-joli-vase-a-offrir-mdm.003-465x465.jpeg 465w, https:\/\/www.cocondedecoration.com\/blog\/wp-content\/uploads\/2025\/04\/deco-joli-vase-a-offrir-mdm.003-500x500.jpeg 500w, https:\/\/www.cocondedecoration.com\/blog\/wp-content\/uploads\/2025\/04\/deco-joli-vase-a-offrir-mdm.003.jpeg 650w\" sizes=\"(max-width: 640px) 100vw, 640px\" \/><\/a><figcaption class=\"wp-element-caption\">Vase jaune en verre - Becquet chez Maisons du Monde<\/figcaption><\/figure>\n\n\n\n<div class=\"wp-block-buttons is-content-justification-center is-layout-flex wp-container-core-buttons-layout-3 wp-block-buttons-is-layout-flex\">\n<div class=\"wp-block-button\"><a class=\"wp-block-button__link wp-element-button\" href=\"https:\/\/fnty.co\/c\/r-fVBTQryW\" target=\"_blank\" rel=\"noreferrer noopener\">Acheter<\/a><\/div>\n<\/div>\n<\/div>\n<\/div>\n\n\n\n<div class=\"wp-block-columns is-layout-flex wp-container-core-columns-layout-3 wp-block-columns-is-layout-flex\">\n<div class=\"wp-block-column is-layout-flow wp-block-column-is-layout-flow\">\n<figure class=\"wp-block-image size-large\"><a href=\"https:\/\/www.cocondedecoration.com\/blog\/wp-content\/uploads\/2025\/04\/accessoire-deco-design-vase.001.jpeg\"><img loading=\"lazy\" decoding=\"async\" width=\"640\" height=\"640\" src=\"https:\/\/www.cocondedecoration.com\/blog\/wp-content\/uploads\/2025\/04\/accessoire-deco-design-vase.001-640x640.jpeg\" alt=\"Vase en porcelaine bleu\" class=\"wp-image-82759\" title=\"Vase en porcelaine bleu\" srcset=\"https:\/\/www.cocondedecoration.com\/blog\/wp-content\/uploads\/2025\/04\/accessoire-deco-design-vase.001-640x640.jpeg 640w, https:\/\/www.cocondedecoration.com\/blog\/wp-content\/uploads\/2025\/04\/accessoire-deco-design-vase.001-260x260.jpeg 260w, https:\/\/www.cocondedecoration.com\/blog\/wp-content\/uploads\/2025\/04\/accessoire-deco-design-vase.001-165x165.jpeg 165w, https:\/\/www.cocondedecoration.com\/blog\/wp-content\/uploads\/2025\/04\/accessoire-deco-design-vase.001-465x465.jpeg 465w, https:\/\/www.cocondedecoration.com\/blog\/wp-content\/uploads\/2025\/04\/accessoire-deco-design-vase.001-500x500.jpeg 500w, https:\/\/www.cocondedecoration.com\/blog\/wp-content\/uploads\/2025\/04\/accessoire-deco-design-vase.001.jpeg 650w\" sizes=\"(max-width: 640px) 100vw, 640px\" \/><\/a><figcaption class=\"wp-element-caption\">Vase en porcelaine bleu - &amp;Kevering chez The Cool Republic<\/figcaption><\/figure>\n\n\n\n<div class=\"wp-block-buttons is-content-justification-center is-layout-flex wp-container-core-buttons-layout-4 wp-block-buttons-is-layout-flex\">\n<div class=\"wp-block-button\"><a class=\"wp-block-button__link wp-element-button\" href=\"https:\/\/fnty.co\/c\/r-ssTHLXbr\" target=\"_blank\" rel=\"noreferrer noopener\">Acheter<\/a><\/div>\n<\/div>\n<\/div>\n\n\n\n<div class=\"wp-block-column is-layout-flow wp-block-column-is-layout-flow\">\n<figure class=\"wp-block-image size-large\"><a href=\"https:\/\/www.cocondedecoration.com\/blog\/wp-content\/uploads\/2025\/04\/accessoire-deco-design-vase.002.jpeg\"><img loading=\"lazy\" decoding=\"async\" width=\"640\" height=\"640\" src=\"https:\/\/www.cocondedecoration.com\/blog\/wp-content\/uploads\/2025\/04\/accessoire-deco-design-vase.002-640x640.jpeg\" alt=\"Vase noir et vert\" class=\"wp-image-82758\" title=\"Vase noir et vert\" srcset=\"https:\/\/www.cocondedecoration.com\/blog\/wp-content\/uploads\/2025\/04\/accessoire-deco-design-vase.002-640x640.jpeg 640w, https:\/\/www.cocondedecoration.com\/blog\/wp-content\/uploads\/2025\/04\/accessoire-deco-design-vase.002-260x260.jpeg 260w, https:\/\/www.cocondedecoration.com\/blog\/wp-content\/uploads\/2025\/04\/accessoire-deco-design-vase.002-165x165.jpeg 165w, https:\/\/www.cocondedecoration.com\/blog\/wp-content\/uploads\/2025\/04\/accessoire-deco-design-vase.002-465x465.jpeg 465w, https:\/\/www.cocondedecoration.com\/blog\/wp-content\/uploads\/2025\/04\/accessoire-deco-design-vase.002-500x500.jpeg 500w, https:\/\/www.cocondedecoration.com\/blog\/wp-content\/uploads\/2025\/04\/accessoire-deco-design-vase.002.jpeg 650w\" sizes=\"(max-width: 640px) 100vw, 640px\" \/><\/a><figcaption class=\"wp-element-caption\">Vase noir et vert - AYTM chez The Cool Republic<\/figcaption><\/figure>\n\n\n\n<div class=\"wp-block-buttons is-content-justification-center is-layout-flex wp-container-core-buttons-layout-5 wp-block-buttons-is-layout-flex\">\n<div class=\"wp-block-button\"><a class=\"wp-block-button__link wp-element-button\" href=\"https:\/\/fnty.co\/c\/r-EvNvHBwe\" target=\"_blank\" rel=\"noreferrer noopener\">Acheter<\/a><\/div>\n<\/div>\n<\/div>\n\n\n\n<div class=\"wp-block-column is-layout-flow wp-block-column-is-layout-flow\">\n<figure class=\"wp-block-image size-large\"><a href=\"https:\/\/www.cocondedecoration.com\/blog\/wp-content\/uploads\/2025\/04\/accessoire-deco-design-vase.003.jpeg\"><img loading=\"lazy\" decoding=\"async\" width=\"640\" height=\"640\" src=\"https:\/\/www.cocondedecoration.com\/blog\/wp-content\/uploads\/2025\/04\/accessoire-deco-design-vase.003-640x640.jpeg\" alt=\"Vase\nFauni Gr\u00e8s vert\" class=\"wp-image-82757\" srcset=\"https:\/\/www.cocondedecoration.com\/blog\/wp-content\/uploads\/2025\/04\/accessoire-deco-design-vase.003-640x640.jpeg 640w, https:\/\/www.cocondedecoration.com\/blog\/wp-content\/uploads\/2025\/04\/accessoire-deco-design-vase.003-260x260.jpeg 260w, https:\/\/www.cocondedecoration.com\/blog\/wp-content\/uploads\/2025\/04\/accessoire-deco-design-vase.003-165x165.jpeg 165w, https:\/\/www.cocondedecoration.com\/blog\/wp-content\/uploads\/2025\/04\/accessoire-deco-design-vase.003-465x465.jpeg 465w, https:\/\/www.cocondedecoration.com\/blog\/wp-content\/uploads\/2025\/04\/accessoire-deco-design-vase.003-500x500.jpeg 500w, https:\/\/www.cocondedecoration.com\/blog\/wp-content\/uploads\/2025\/04\/accessoire-deco-design-vase.003.jpeg 650w\" sizes=\"(max-width: 640px) 100vw, 640px\" \/><\/a><figcaption class=\"wp-element-caption\">Vase Fauni Gr\u00e8s vert - Bloomingville chez The Cool Republic <\/figcaption><\/figure>\n\n\n\n<div class=\"wp-block-buttons is-content-justification-center is-layout-flex wp-container-core-buttons-layout-6 wp-block-buttons-is-layout-flex\">\n<div class=\"wp-block-button\"><a class=\"wp-block-button__link wp-element-button\" href=\"https:\/\/fnty.co\/c\/r-yAAcosUe\" target=\"_blank\" rel=\"noreferrer noopener\">Acheter<\/a><\/div>\n<\/div>\n<\/div>\n<\/div>\n\n\n\n<div class=\"wp-block-columns is-layout-flex wp-container-core-columns-layout-4 wp-block-columns-is-layout-flex\">\n<div class=\"wp-block-column is-layout-flow wp-block-column-is-layout-flow\">\n<figure class=\"wp-block-image size-large\"><a href=\"https:\/\/www.cocondedecoration.com\/blog\/wp-content\/uploads\/2025\/04\/beaux-vases-modernes.001.jpeg\"><img loading=\"lazy\" decoding=\"async\" width=\"640\" height=\"640\" src=\"https:\/\/www.cocondedecoration.com\/blog\/wp-content\/uploads\/2025\/04\/beaux-vases-modernes.001-640x640.jpeg\" alt=\"Vase Horus c\u00e9ramique orange \/ \u00d8 22 x H 32 cm - Bloomingville\" class=\"wp-image-82774\" title=\"Vase Horus c\u00e9ramique orange \/ \u00d8 22 x H 32 cm - Bloomingville\" srcset=\"https:\/\/www.cocondedecoration.com\/blog\/wp-content\/uploads\/2025\/04\/beaux-vases-modernes.001-640x640.jpeg 640w, https:\/\/www.cocondedecoration.com\/blog\/wp-content\/uploads\/2025\/04\/beaux-vases-modernes.001-260x260.jpeg 260w, https:\/\/www.cocondedecoration.com\/blog\/wp-content\/uploads\/2025\/04\/beaux-vases-modernes.001-165x165.jpeg 165w, https:\/\/www.cocondedecoration.com\/blog\/wp-content\/uploads\/2025\/04\/beaux-vases-modernes.001-465x465.jpeg 465w, https:\/\/www.cocondedecoration.com\/blog\/wp-content\/uploads\/2025\/04\/beaux-vases-modernes.001-500x500.jpeg 500w, https:\/\/www.cocondedecoration.com\/blog\/wp-content\/uploads\/2025\/04\/beaux-vases-modernes.001.jpeg 650w\" sizes=\"(max-width: 640px) 100vw, 640px\" \/><\/a><figcaption class=\"wp-element-caption\">Vase Horus c\u00e9ramique orange - Bloomingville chez Made in Design <\/figcaption><\/figure>\n\n\n\n<div class=\"wp-block-buttons is-content-justification-center is-layout-flex wp-container-core-buttons-layout-7 wp-block-buttons-is-layout-flex\">\n<div class=\"wp-block-button\"><a class=\"wp-block-button__link wp-element-button\" href=\"https:\/\/glp8.net\/c\/?si=19884&amp;li=1847438&amp;wi=389952&amp;ws=MAJ%202025%20vase&amp;dl=prod-vase-horus-ceramique-orange-o-22-x-h-32-cm-bloomingville-refm115939501.html\" target=\"_blank\" rel=\"noreferrer noopener\">Acheter<\/a><\/div>\n<\/div>\n<\/div>\n\n\n\n<div class=\"wp-block-column is-layout-flow wp-block-column-is-layout-flow\">\n<figure class=\"wp-block-image size-large\"><a href=\"https:\/\/www.cocondedecoration.com\/blog\/wp-content\/uploads\/2025\/04\/beaux-vases-modernes.002.jpeg\"><img loading=\"lazy\" decoding=\"async\" width=\"640\" height=\"640\" src=\"https:\/\/www.cocondedecoration.com\/blog\/wp-content\/uploads\/2025\/04\/beaux-vases-modernes.002-640x640.jpeg\" alt=\"Vase Eden Urn c\u00e9ramique jaune \/ \u00d8 20 x H 26,5 cm - Jonathan Adler\" class=\"wp-image-82773\" title=\"Vase Eden Urn c\u00e9ramique jaune \/ \u00d8 20 x H 26,5 cm - Jonathan Adler\" srcset=\"https:\/\/www.cocondedecoration.com\/blog\/wp-content\/uploads\/2025\/04\/beaux-vases-modernes.002-640x640.jpeg 640w, https:\/\/www.cocondedecoration.com\/blog\/wp-content\/uploads\/2025\/04\/beaux-vases-modernes.002-260x260.jpeg 260w, https:\/\/www.cocondedecoration.com\/blog\/wp-content\/uploads\/2025\/04\/beaux-vases-modernes.002-165x165.jpeg 165w, https:\/\/www.cocondedecoration.com\/blog\/wp-content\/uploads\/2025\/04\/beaux-vases-modernes.002-465x465.jpeg 465w, https:\/\/www.cocondedecoration.com\/blog\/wp-content\/uploads\/2025\/04\/beaux-vases-modernes.002-500x500.jpeg 500w, https:\/\/www.cocondedecoration.com\/blog\/wp-content\/uploads\/2025\/04\/beaux-vases-modernes.002.jpeg 650w\" sizes=\"(max-width: 640px) 100vw, 640px\" \/><\/a><figcaption class=\"wp-element-caption\">Vase Eden Urn c\u00e9ramique jaune - Jonathan Adler via Made in Design <\/figcaption><\/figure>\n\n\n\n<div class=\"wp-block-buttons is-content-justification-center is-layout-flex wp-container-core-buttons-layout-8 wp-block-buttons-is-layout-flex\">\n<div class=\"wp-block-button\"><a class=\"wp-block-button__link wp-element-button\" href=\"https:\/\/glp8.net\/c\/?si=19884&amp;li=1847438&amp;wi=389952&amp;ws=MAJ%202025%20vase&amp;dl=prod-vase-eden-urn-ceramique-jaune-o-20-x-h-26-5-cm-jonathan-adler-refm116192801.html\" target=\"_blank\" rel=\"noreferrer noopener\">Acheter<\/a><\/div>\n<\/div>\n<\/div>\n\n\n\n<div class=\"wp-block-column is-layout-flow wp-block-column-is-layout-flow\">\n<figure class=\"wp-block-image size-large\"><a href=\"https:\/\/www.cocondedecoration.com\/blog\/wp-content\/uploads\/2025\/04\/beaux-vases-modernes.003.jpeg\"><img loading=\"lazy\" decoding=\"async\" width=\"640\" height=\"640\" src=\"https:\/\/www.cocondedecoration.com\/blog\/wp-content\/uploads\/2025\/04\/beaux-vases-modernes.003-640x640.jpeg\" alt=\"Vase Sobremesa Large c\u00e9ramique jaune vert \/ \u00d8 19 x H 25 cm - Gr\u00e8s - Hay\" class=\"wp-image-82772\" title=\"Vase Sobremesa Large c\u00e9ramique jaune vert \/ \u00d8 19 x H 25 cm - Gr\u00e8s - Hay\" srcset=\"https:\/\/www.cocondedecoration.com\/blog\/wp-content\/uploads\/2025\/04\/beaux-vases-modernes.003-640x640.jpeg 640w, https:\/\/www.cocondedecoration.com\/blog\/wp-content\/uploads\/2025\/04\/beaux-vases-modernes.003-260x260.jpeg 260w, https:\/\/www.cocondedecoration.com\/blog\/wp-content\/uploads\/2025\/04\/beaux-vases-modernes.003-165x165.jpeg 165w, https:\/\/www.cocondedecoration.com\/blog\/wp-content\/uploads\/2025\/04\/beaux-vases-modernes.003-465x465.jpeg 465w, https:\/\/www.cocondedecoration.com\/blog\/wp-content\/uploads\/2025\/04\/beaux-vases-modernes.003-500x500.jpeg 500w, https:\/\/www.cocondedecoration.com\/blog\/wp-content\/uploads\/2025\/04\/beaux-vases-modernes.003.jpeg 650w\" sizes=\"(max-width: 640px) 100vw, 640px\" \/><\/a><figcaption class=\"wp-element-caption\">Vase Sobremesa Large c\u00e9ramique jaune vert - Hay chez Made in Design<\/figcaption><\/figure>\n\n\n\n<div class=\"wp-block-buttons is-content-justification-center is-layout-flex wp-container-core-buttons-layout-9 wp-block-buttons-is-layout-flex\">\n<div class=\"wp-block-button\"><a class=\"wp-block-button__link wp-element-button\" href=\"https:\/\/glp8.net\/c\/?si=19884&amp;li=1847438&amp;wi=389952&amp;ws=MAJ%202025%20vase&amp;dl=prod-vase-sobremesa-large-ceramique-jaune-vert-o-19-x-h-25-cm-gres-hay-refm114362701.html\" target=\"_blank\" rel=\"noreferrer noopener\">Acheter<\/a><\/div>\n<\/div>\n<\/div>\n<\/div>\n\n\n\n<div class=\"wp-block-columns is-layout-flex wp-container-core-columns-layout-5 wp-block-columns-is-layout-flex\">\n<div class=\"wp-block-column is-layout-flow wp-block-column-is-layout-flow\">\n<figure class=\"wp-block-image size-large\"><a href=\"https:\/\/www.cocondedecoration.com\/blog\/wp-content\/uploads\/2025\/04\/vase-deco-la-redoute.001.jpeg\"><img loading=\"lazy\" decoding=\"async\" width=\"640\" height=\"640\" src=\"https:\/\/www.cocondedecoration.com\/blog\/wp-content\/uploads\/2025\/04\/vase-deco-la-redoute.001-640x640.jpeg\" alt=\"Vase en c\u00e9ramique \u00e9maill\u00e9e\" class=\"wp-image-82790\" title=\"Vase en c\u00e9ramique \u00e9maill\u00e9e\" srcset=\"https:\/\/www.cocondedecoration.com\/blog\/wp-content\/uploads\/2025\/04\/vase-deco-la-redoute.001-640x640.jpeg 640w, https:\/\/www.cocondedecoration.com\/blog\/wp-content\/uploads\/2025\/04\/vase-deco-la-redoute.001-260x260.jpeg 260w, https:\/\/www.cocondedecoration.com\/blog\/wp-content\/uploads\/2025\/04\/vase-deco-la-redoute.001-165x165.jpeg 165w, https:\/\/www.cocondedecoration.com\/blog\/wp-content\/uploads\/2025\/04\/vase-deco-la-redoute.001-465x465.jpeg 465w, https:\/\/www.cocondedecoration.com\/blog\/wp-content\/uploads\/2025\/04\/vase-deco-la-redoute.001-500x500.jpeg 500w, https:\/\/www.cocondedecoration.com\/blog\/wp-content\/uploads\/2025\/04\/vase-deco-la-redoute.001.jpeg 650w\" sizes=\"(max-width: 640px) 100vw, 640px\" \/><\/a><figcaption class=\"wp-element-caption\">Vase en c\u00e9ramique \u00e9maill\u00e9e - AMPM<\/figcaption><\/figure>\n\n\n\n<div class=\"wp-block-buttons is-content-justification-center is-layout-flex wp-container-core-buttons-layout-10 wp-block-buttons-is-layout-flex\">\n<div class=\"wp-block-button\"><a class=\"wp-block-button__link wp-element-button\" href=\"https:\/\/c3po.link\/Q9HN2RdUuU\" target=\"_blank\" rel=\"noreferrer noopener\">Acheter<\/a><\/div>\n<\/div>\n<\/div>\n\n\n\n<div class=\"wp-block-column is-layout-flow wp-block-column-is-layout-flow\">\n<figure class=\"wp-block-image size-large\"><a href=\"https:\/\/www.cocondedecoration.com\/blog\/wp-content\/uploads\/2025\/04\/vase-deco-la-redoute.002.jpeg\"><img loading=\"lazy\" decoding=\"async\" width=\"640\" height=\"640\" src=\"https:\/\/www.cocondedecoration.com\/blog\/wp-content\/uploads\/2025\/04\/vase-deco-la-redoute.002-640x640.jpeg\" alt=\"Vase en c\u00e9ramique mate tachet\u00e9e\" class=\"wp-image-82789\" title=\"Vase en c\u00e9ramique mate tachet\u00e9e\" srcset=\"https:\/\/www.cocondedecoration.com\/blog\/wp-content\/uploads\/2025\/04\/vase-deco-la-redoute.002-640x640.jpeg 640w, https:\/\/www.cocondedecoration.com\/blog\/wp-content\/uploads\/2025\/04\/vase-deco-la-redoute.002-260x260.jpeg 260w, https:\/\/www.cocondedecoration.com\/blog\/wp-content\/uploads\/2025\/04\/vase-deco-la-redoute.002-165x165.jpeg 165w, https:\/\/www.cocondedecoration.com\/blog\/wp-content\/uploads\/2025\/04\/vase-deco-la-redoute.002-465x465.jpeg 465w, https:\/\/www.cocondedecoration.com\/blog\/wp-content\/uploads\/2025\/04\/vase-deco-la-redoute.002-500x500.jpeg 500w, https:\/\/www.cocondedecoration.com\/blog\/wp-content\/uploads\/2025\/04\/vase-deco-la-redoute.002.jpeg 650w\" sizes=\"(max-width: 640px) 100vw, 640px\" \/><\/a><figcaption class=\"wp-element-caption\">Vase en c\u00e9ramique mate tachet\u00e9e - AMPM<\/figcaption><\/figure>\n\n\n\n<div class=\"wp-block-buttons is-content-justification-center is-layout-flex wp-container-core-buttons-layout-11 wp-block-buttons-is-layout-flex\">\n<div class=\"wp-block-button\"><a class=\"wp-block-button__link wp-element-button\" href=\"https:\/\/c3po.link\/QxeTXRWHKe\" target=\"_blank\" rel=\"noreferrer noopener\">Acheter<\/a><\/div>\n<\/div>\n<\/div>\n\n\n\n<div class=\"wp-block-column is-layout-flow wp-block-column-is-layout-flow\">\n<figure class=\"wp-block-image size-large\"><a href=\"https:\/\/www.cocondedecoration.com\/blog\/wp-content\/uploads\/2025\/04\/vase-deco-la-redoute.003.jpeg\"><img loading=\"lazy\" decoding=\"async\" width=\"640\" height=\"640\" src=\"https:\/\/www.cocondedecoration.com\/blog\/wp-content\/uploads\/2025\/04\/vase-deco-la-redoute.003-640x640.jpeg\" alt=\"Vase en fa\u00efence H19,5 cm ray\u00e9 jaune et blanc\" class=\"wp-image-82788\" title=\"Vase en fa\u00efence H19,5 cm ray\u00e9 jaune et blanc\" srcset=\"https:\/\/www.cocondedecoration.com\/blog\/wp-content\/uploads\/2025\/04\/vase-deco-la-redoute.003-640x640.jpeg 640w, https:\/\/www.cocondedecoration.com\/blog\/wp-content\/uploads\/2025\/04\/vase-deco-la-redoute.003-260x260.jpeg 260w, https:\/\/www.cocondedecoration.com\/blog\/wp-content\/uploads\/2025\/04\/vase-deco-la-redoute.003-165x165.jpeg 165w, https:\/\/www.cocondedecoration.com\/blog\/wp-content\/uploads\/2025\/04\/vase-deco-la-redoute.003-465x465.jpeg 465w, https:\/\/www.cocondedecoration.com\/blog\/wp-content\/uploads\/2025\/04\/vase-deco-la-redoute.003-500x500.jpeg 500w, https:\/\/www.cocondedecoration.com\/blog\/wp-content\/uploads\/2025\/04\/vase-deco-la-redoute.003.jpeg 650w\" sizes=\"(max-width: 640px) 100vw, 640px\" \/><\/a><figcaption class=\"wp-element-caption\">Vase en fa\u00efence H19,5 cm - La Redoute Int\u00e9rieurs<\/figcaption><\/figure>\n\n\n\n<div class=\"wp-block-buttons is-content-justification-center is-layout-flex wp-container-core-buttons-layout-12 wp-block-buttons-is-layout-flex\">\n<div class=\"wp-block-button\"><a class=\"wp-block-button__link wp-element-button\" href=\"https:\/\/c3po.link\/Q9HYCeHb63\" target=\"_blank\" rel=\"noreferrer noopener\">Acheter<\/a><\/div>\n<\/div>\n<\/div>\n<\/div>\n\n\n\n<div class=\"wp-block-columns has-2-columns is-layout-flex wp-container-core-columns-layout-6 wp-block-columns-is-layout-flex\">\n<div class=\"wp-block-column is-layout-flow wp-block-column-is-layout-flow\">\n<h2 class=\"wp-block-heading\">02 \u2022 Le soliflore - la fleur au singulier<\/h2>\n\n\n\n<p>Personnellement, je suis une grande fan des fleurs uniques. Quand je vivais encore en France, j'aimais m'offrir une rose de temps en temps. Je trouve la fleur suffisante \u00e0 elle-m\u00eame. Elle n'a pas besoin de plus... <\/p>\n\n\n\n<p>J'ai un coup de coeur pour les soliflores en b\u00e9ton de Gone's - une <a aria-label=\"entreprise fran\u00e7aise (s\u2019ouvre dans un nouvel onglet)\" href=\"https:\/\/www.cocondedecoration.com\/blog\/pour-une-deco-made-in-france\/\" target=\"_blank\" rel=\"noreferrer noopener\">entreprise fran\u00e7aise<\/a> bas\u00e9e \u00e0 Lyon. J'aime la simplicit\u00e9 du b\u00e9ton. J'aime aussi le contraste de la douceur des fleurs avec le c\u00f4t\u00e9 brut de la mati\u00e8re. <\/p>\n\n\n\n<figure class=\"wp-block-gallery has-nested-images columns-default is-cropped wp-block-gallery-2 is-layout-flex wp-block-gallery-is-layout-flex\">\n<figure class=\"wp-block-image\"><img loading=\"lazy\" decoding=\"async\" width=\"640\" height=\"960\" src=\"https:\/\/www.cocondedecoration.com\/blog\/wp-content\/uploads\/2023\/03\/ou-trouver-vase-cadeau-deco-4-640x960.jpeg\" alt=\"ou trouver vase cadeau deco petite d\u00e9coration pas cher \u00e0 offrir soliflore avec \u00e9tiquette\" class=\"wp-image-58845\" srcset=\"https:\/\/www.cocondedecoration.com\/blog\/wp-content\/uploads\/2023\/03\/ou-trouver-vase-cadeau-deco-4-640x960.jpeg 640w, https:\/\/www.cocondedecoration.com\/blog\/wp-content\/uploads\/2023\/03\/ou-trouver-vase-cadeau-deco-4-260x390.jpeg 260w, https:\/\/www.cocondedecoration.com\/blog\/wp-content\/uploads\/2023\/03\/ou-trouver-vase-cadeau-deco-4-768x1152.jpeg 768w, https:\/\/www.cocondedecoration.com\/blog\/wp-content\/uploads\/2023\/03\/ou-trouver-vase-cadeau-deco-4-367x550.jpeg 367w, https:\/\/www.cocondedecoration.com\/blog\/wp-content\/uploads\/2023\/03\/ou-trouver-vase-cadeau-deco-4-333x500.jpeg 333w, https:\/\/www.cocondedecoration.com\/blog\/wp-content\/uploads\/2023\/03\/ou-trouver-vase-cadeau-deco-4.jpeg 1000w\" sizes=\"(max-width: 640px) 100vw, 640px\" \/><figcaption class=\"wp-element-caption\">the-sister-studio.com\n<\/figcaption><\/figure>\n\n\n\n<figure class=\"wp-block-image\"><img loading=\"lazy\" decoding=\"async\" width=\"640\" height=\"960\" src=\"https:\/\/www.cocondedecoration.com\/blog\/wp-content\/uploads\/2023\/03\/ou-trouver-vase-cadeau-deco-5-640x960.jpeg\" alt=\"ou trouver vase cadeau deco table basse facile pas cher petit budget bougie plateau\" class=\"wp-image-58846\" srcset=\"https:\/\/www.cocondedecoration.com\/blog\/wp-content\/uploads\/2023\/03\/ou-trouver-vase-cadeau-deco-5-640x960.jpeg 640w, https:\/\/www.cocondedecoration.com\/blog\/wp-content\/uploads\/2023\/03\/ou-trouver-vase-cadeau-deco-5-260x390.jpeg 260w, https:\/\/www.cocondedecoration.com\/blog\/wp-content\/uploads\/2023\/03\/ou-trouver-vase-cadeau-deco-5-768x1152.jpeg 768w, https:\/\/www.cocondedecoration.com\/blog\/wp-content\/uploads\/2023\/03\/ou-trouver-vase-cadeau-deco-5-367x550.jpeg 367w, https:\/\/www.cocondedecoration.com\/blog\/wp-content\/uploads\/2023\/03\/ou-trouver-vase-cadeau-deco-5-333x500.jpeg 333w, https:\/\/www.cocondedecoration.com\/blog\/wp-content\/uploads\/2023\/03\/ou-trouver-vase-cadeau-deco-5.jpeg 1000w\" sizes=\"(max-width: 640px) 100vw, 640px\" \/><figcaption class=\"wp-element-caption\">theeverygirl.com\n<\/figcaption><\/figure>\n<\/figure>\n<\/div>\n\n\n\n<div class=\"wp-block-column is-layout-flow wp-block-column-is-layout-flow\">\n<figure class=\"wp-block-image\"><img loading=\"lazy\" decoding=\"async\" width=\"640\" height=\"960\" src=\"https:\/\/www.cocondedecoration.com\/blog\/wp-content\/uploads\/2023\/03\/ou-trouver-vase-cadeau-deco-3-640x960.jpeg\" alt=\"ou trouver vase cadeau deco soliflore verre color\u00e9 rose d\u00e9co table basse plateau dor\u00e9\" class=\"wp-image-58844\" srcset=\"https:\/\/www.cocondedecoration.com\/blog\/wp-content\/uploads\/2023\/03\/ou-trouver-vase-cadeau-deco-3-640x960.jpeg 640w, https:\/\/www.cocondedecoration.com\/blog\/wp-content\/uploads\/2023\/03\/ou-trouver-vase-cadeau-deco-3-260x390.jpeg 260w, https:\/\/www.cocondedecoration.com\/blog\/wp-content\/uploads\/2023\/03\/ou-trouver-vase-cadeau-deco-3-768x1152.jpeg 768w, https:\/\/www.cocondedecoration.com\/blog\/wp-content\/uploads\/2023\/03\/ou-trouver-vase-cadeau-deco-3-367x550.jpeg 367w, https:\/\/www.cocondedecoration.com\/blog\/wp-content\/uploads\/2023\/03\/ou-trouver-vase-cadeau-deco-3-333x500.jpeg 333w, https:\/\/www.cocondedecoration.com\/blog\/wp-content\/uploads\/2023\/03\/ou-trouver-vase-cadeau-deco-3.jpeg 1000w\" sizes=\"(max-width: 640px) 100vw, 640px\" \/><figcaption class=\"wp-element-caption\">barijdesigns.com\n<\/figcaption><\/figure>\n\n\n\n<p><\/p>\n<\/div>\n<\/div>\n\n\n\n<div class=\"wp-block-columns is-layout-flex wp-container-core-columns-layout-7 wp-block-columns-is-layout-flex\">\n<div class=\"wp-block-column is-layout-flow wp-block-column-is-layout-flow\">\n<figure class=\"wp-block-image size-large\"><a href=\"https:\/\/www.cocondedecoration.com\/blog\/wp-content\/uploads\/2025\/04\/deco-joli-vase-a-offrir-mdm.004.jpeg\"><img loading=\"lazy\" decoding=\"async\" width=\"640\" height=\"640\" src=\"https:\/\/www.cocondedecoration.com\/blog\/wp-content\/uploads\/2025\/04\/deco-joli-vase-a-offrir-mdm.004-640x640.jpeg\" alt=\" Vase Gr\u00e8s Blanc 11X11\" class=\"wp-image-82741\" title=\" Vase Gr\u00e8s Blanc 11X11\" srcset=\"https:\/\/www.cocondedecoration.com\/blog\/wp-content\/uploads\/2025\/04\/deco-joli-vase-a-offrir-mdm.004-640x640.jpeg 640w, https:\/\/www.cocondedecoration.com\/blog\/wp-content\/uploads\/2025\/04\/deco-joli-vase-a-offrir-mdm.004-260x260.jpeg 260w, https:\/\/www.cocondedecoration.com\/blog\/wp-content\/uploads\/2025\/04\/deco-joli-vase-a-offrir-mdm.004-165x165.jpeg 165w, https:\/\/www.cocondedecoration.com\/blog\/wp-content\/uploads\/2025\/04\/deco-joli-vase-a-offrir-mdm.004-465x465.jpeg 465w, https:\/\/www.cocondedecoration.com\/blog\/wp-content\/uploads\/2025\/04\/deco-joli-vase-a-offrir-mdm.004-500x500.jpeg 500w, https:\/\/www.cocondedecoration.com\/blog\/wp-content\/uploads\/2025\/04\/deco-joli-vase-a-offrir-mdm.004.jpeg 650w\" sizes=\"(max-width: 640px) 100vw, 640px\" \/><\/a><figcaption class=\"wp-element-caption\">\u00a0Vase Gr\u00e8s Blanc 11X11 - Bloomingville chez Maisons du Monde<\/figcaption><\/figure>\n\n\n\n<div class=\"wp-block-buttons is-content-justification-center is-layout-flex wp-container-core-buttons-layout-13 wp-block-buttons-is-layout-flex\">\n<div class=\"wp-block-button\"><a class=\"wp-block-button__link wp-element-button\" href=\"https:\/\/fnty.co\/c\/r-FNMpkyar\" target=\"_blank\" rel=\"noreferrer noopener\">Acheter<\/a><\/div>\n<\/div>\n<\/div>\n\n\n\n<div class=\"wp-block-column is-layout-flow wp-block-column-is-layout-flow\">\n<figure class=\"wp-block-image size-large\"><a href=\"https:\/\/www.cocondedecoration.com\/blog\/wp-content\/uploads\/2025\/04\/deco-joli-vase-a-offrir-mdm.005.jpeg\"><img loading=\"lazy\" decoding=\"async\" width=\"640\" height=\"640\" src=\"https:\/\/www.cocondedecoration.com\/blog\/wp-content\/uploads\/2025\/04\/deco-joli-vase-a-offrir-mdm.005-640x640.jpeg\" alt=\"Vase en verre vert\" class=\"wp-image-82740\" title=\"Vase en verre vert\" srcset=\"https:\/\/www.cocondedecoration.com\/blog\/wp-content\/uploads\/2025\/04\/deco-joli-vase-a-offrir-mdm.005-640x640.jpeg 640w, https:\/\/www.cocondedecoration.com\/blog\/wp-content\/uploads\/2025\/04\/deco-joli-vase-a-offrir-mdm.005-260x260.jpeg 260w, https:\/\/www.cocondedecoration.com\/blog\/wp-content\/uploads\/2025\/04\/deco-joli-vase-a-offrir-mdm.005-165x165.jpeg 165w, https:\/\/www.cocondedecoration.com\/blog\/wp-content\/uploads\/2025\/04\/deco-joli-vase-a-offrir-mdm.005-465x465.jpeg 465w, https:\/\/www.cocondedecoration.com\/blog\/wp-content\/uploads\/2025\/04\/deco-joli-vase-a-offrir-mdm.005-500x500.jpeg 500w, https:\/\/www.cocondedecoration.com\/blog\/wp-content\/uploads\/2025\/04\/deco-joli-vase-a-offrir-mdm.005.jpeg 650w\" sizes=\"(max-width: 640px) 100vw, 640px\" \/><\/a><figcaption class=\"wp-element-caption\">Vase en verre vert - Bloomingville chez Maisons du Monde<\/figcaption><\/figure>\n\n\n\n<div class=\"wp-block-buttons is-content-justification-center is-layout-flex wp-container-core-buttons-layout-14 wp-block-buttons-is-layout-flex\">\n<div class=\"wp-block-button\"><a class=\"wp-block-button__link wp-element-button\" href=\"https:\/\/fnty.co\/c\/r-zEFFPWQT\" target=\"_blank\" rel=\"noreferrer noopener\">Acheter<\/a><\/div>\n<\/div>\n<\/div>\n\n\n\n<div class=\"wp-block-column is-layout-flow wp-block-column-is-layout-flow\">\n<figure class=\"wp-block-image size-large\"><a href=\"https:\/\/www.cocondedecoration.com\/blog\/wp-content\/uploads\/2025\/04\/deco-joli-vase-a-offrir-mdm.006.jpeg\"><img loading=\"lazy\" decoding=\"async\" width=\"640\" height=\"640\" src=\"https:\/\/www.cocondedecoration.com\/blog\/wp-content\/uploads\/2025\/04\/deco-joli-vase-a-offrir-mdm.006-640x640.jpeg\" alt=\"Vase blanc en verre\" class=\"wp-image-82739\" title=\"Vase blanc en verre\" srcset=\"https:\/\/www.cocondedecoration.com\/blog\/wp-content\/uploads\/2025\/04\/deco-joli-vase-a-offrir-mdm.006-640x640.jpeg 640w, https:\/\/www.cocondedecoration.com\/blog\/wp-content\/uploads\/2025\/04\/deco-joli-vase-a-offrir-mdm.006-260x260.jpeg 260w, https:\/\/www.cocondedecoration.com\/blog\/wp-content\/uploads\/2025\/04\/deco-joli-vase-a-offrir-mdm.006-165x165.jpeg 165w, https:\/\/www.cocondedecoration.com\/blog\/wp-content\/uploads\/2025\/04\/deco-joli-vase-a-offrir-mdm.006-465x465.jpeg 465w, https:\/\/www.cocondedecoration.com\/blog\/wp-content\/uploads\/2025\/04\/deco-joli-vase-a-offrir-mdm.006-500x500.jpeg 500w, https:\/\/www.cocondedecoration.com\/blog\/wp-content\/uploads\/2025\/04\/deco-joli-vase-a-offrir-mdm.006.jpeg 650w\" sizes=\"(max-width: 640px) 100vw, 640px\" \/><\/a><figcaption class=\"wp-element-caption\">Vase blanc en verre - OYOY chez Maisons du Monde<\/figcaption><\/figure>\n\n\n\n<div class=\"wp-block-buttons is-content-justification-center is-layout-flex wp-container-core-buttons-layout-15 wp-block-buttons-is-layout-flex\">\n<div class=\"wp-block-button\"><a class=\"wp-block-button__link wp-element-button\" href=\"https:\/\/fnty.co\/c\/r-PrJdSddK\" target=\"_blank\" rel=\"noreferrer noopener\">Acheter<\/a><\/div>\n<\/div>\n<\/div>\n<\/div>\n\n\n\n<div class=\"wp-block-columns is-layout-flex wp-container-core-columns-layout-8 wp-block-columns-is-layout-flex\">\n<div class=\"wp-block-column is-layout-flow wp-block-column-is-layout-flow\">\n<figure class=\"wp-block-image size-large\"><a href=\"https:\/\/www.cocondedecoration.com\/blog\/wp-content\/uploads\/2025\/04\/accessoire-deco-design-vase.004.jpeg\"><img loading=\"lazy\" decoding=\"async\" width=\"640\" height=\"640\" src=\"https:\/\/www.cocondedecoration.com\/blog\/wp-content\/uploads\/2025\/04\/accessoire-deco-design-vase.004-640x640.jpeg\" alt=\"Vase en verre souffl\u00e9 bleu azur\u00e9 22 x 25 cm\" class=\"wp-image-82756\" title=\"Vase en verre souffl\u00e9 bleu azur\u00e9 22 x 25 cm\" srcset=\"https:\/\/www.cocondedecoration.com\/blog\/wp-content\/uploads\/2025\/04\/accessoire-deco-design-vase.004-640x640.jpeg 640w, https:\/\/www.cocondedecoration.com\/blog\/wp-content\/uploads\/2025\/04\/accessoire-deco-design-vase.004-260x260.jpeg 260w, https:\/\/www.cocondedecoration.com\/blog\/wp-content\/uploads\/2025\/04\/accessoire-deco-design-vase.004-165x165.jpeg 165w, https:\/\/www.cocondedecoration.com\/blog\/wp-content\/uploads\/2025\/04\/accessoire-deco-design-vase.004-465x465.jpeg 465w, https:\/\/www.cocondedecoration.com\/blog\/wp-content\/uploads\/2025\/04\/accessoire-deco-design-vase.004-500x500.jpeg 500w, https:\/\/www.cocondedecoration.com\/blog\/wp-content\/uploads\/2025\/04\/accessoire-deco-design-vase.004.jpeg 650w\" sizes=\"(max-width: 640px) 100vw, 640px\" \/><\/a><figcaption class=\"wp-element-caption\">Vase en verre souffl\u00e9 bleu azur\u00e9 22 x 25 cm - Margaux Keller Collection chez The Cool Republic <\/figcaption><\/figure>\n\n\n\n<div class=\"wp-block-buttons is-content-justification-center is-layout-flex wp-container-core-buttons-layout-16 wp-block-buttons-is-layout-flex\">\n<div class=\"wp-block-button\"><a class=\"wp-block-button__link wp-element-button\" href=\"https:\/\/fnty.co\/c\/r-yTEcNYcY\" target=\"_blank\" rel=\"noreferrer noopener\">Acheter<\/a><\/div>\n<\/div>\n<\/div>\n\n\n\n<div class=\"wp-block-column is-layout-flow wp-block-column-is-layout-flow\">\n<figure class=\"wp-block-image size-large\"><a href=\"https:\/\/www.cocondedecoration.com\/blog\/wp-content\/uploads\/2025\/04\/accessoire-deco-design-vase.005.jpeg\"><img loading=\"lazy\" decoding=\"async\" width=\"640\" height=\"640\" src=\"https:\/\/www.cocondedecoration.com\/blog\/wp-content\/uploads\/2025\/04\/accessoire-deco-design-vase.005-640x640.jpeg\" alt=\"Vase en gr\u00e8s blanc 35 cm\" class=\"wp-image-82755\" title=\"Vase en gr\u00e8s blanc 35 cm\" srcset=\"https:\/\/www.cocondedecoration.com\/blog\/wp-content\/uploads\/2025\/04\/accessoire-deco-design-vase.005-640x640.jpeg 640w, https:\/\/www.cocondedecoration.com\/blog\/wp-content\/uploads\/2025\/04\/accessoire-deco-design-vase.005-260x260.jpeg 260w, https:\/\/www.cocondedecoration.com\/blog\/wp-content\/uploads\/2025\/04\/accessoire-deco-design-vase.005-165x165.jpeg 165w, https:\/\/www.cocondedecoration.com\/blog\/wp-content\/uploads\/2025\/04\/accessoire-deco-design-vase.005-465x465.jpeg 465w, https:\/\/www.cocondedecoration.com\/blog\/wp-content\/uploads\/2025\/04\/accessoire-deco-design-vase.005-500x500.jpeg 500w, https:\/\/www.cocondedecoration.com\/blog\/wp-content\/uploads\/2025\/04\/accessoire-deco-design-vase.005.jpeg 650w\" sizes=\"(max-width: 640px) 100vw, 640px\" \/><\/a><figcaption class=\"wp-element-caption\">Vase en gr\u00e8s blanc 35 cm - Broste Copenhagen chez The Cool Republic <\/figcaption><\/figure>\n\n\n\n<div class=\"wp-block-buttons is-content-justification-center is-layout-flex wp-container-core-buttons-layout-17 wp-block-buttons-is-layout-flex\">\n<div class=\"wp-block-button\"><a class=\"wp-block-button__link wp-element-button\" href=\"https:\/\/fnty.co\/c\/r-iXrwkVAU\" target=\"_blank\" rel=\"noreferrer noopener\">Acheter<\/a><\/div>\n<\/div>\n<\/div>\n\n\n\n<div class=\"wp-block-column is-layout-flow wp-block-column-is-layout-flow\">\n<figure class=\"wp-block-image size-large\"><a href=\"https:\/\/www.cocondedecoration.com\/blog\/wp-content\/uploads\/2025\/04\/accessoire-deco-design-vase.006.jpeg\"><img loading=\"lazy\" decoding=\"async\" width=\"640\" height=\"640\" src=\"https:\/\/www.cocondedecoration.com\/blog\/wp-content\/uploads\/2025\/04\/accessoire-deco-design-vase.006-640x640.jpeg\" alt=\"Vase en porcelaine jaune\" class=\"wp-image-82754\" title=\"Vase en porcelaine jaune\" srcset=\"https:\/\/www.cocondedecoration.com\/blog\/wp-content\/uploads\/2025\/04\/accessoire-deco-design-vase.006-640x640.jpeg 640w, https:\/\/www.cocondedecoration.com\/blog\/wp-content\/uploads\/2025\/04\/accessoire-deco-design-vase.006-260x260.jpeg 260w, https:\/\/www.cocondedecoration.com\/blog\/wp-content\/uploads\/2025\/04\/accessoire-deco-design-vase.006-165x165.jpeg 165w, https:\/\/www.cocondedecoration.com\/blog\/wp-content\/uploads\/2025\/04\/accessoire-deco-design-vase.006-465x465.jpeg 465w, https:\/\/www.cocondedecoration.com\/blog\/wp-content\/uploads\/2025\/04\/accessoire-deco-design-vase.006-500x500.jpeg 500w, https:\/\/www.cocondedecoration.com\/blog\/wp-content\/uploads\/2025\/04\/accessoire-deco-design-vase.006.jpeg 650w\" sizes=\"(max-width: 640px) 100vw, 640px\" \/><\/a><figcaption class=\"wp-element-caption\">Vase en porcelaine jaune - Hay chez The Cool Republic<\/figcaption><\/figure>\n\n\n\n<div class=\"wp-block-buttons is-content-justification-center is-layout-flex wp-container-core-buttons-layout-18 wp-block-buttons-is-layout-flex\">\n<div class=\"wp-block-button\"><a class=\"wp-block-button__link wp-element-button\" href=\"https:\/\/fnty.co\/c\/r-JnWgPqyN\" target=\"_blank\" rel=\"noreferrer noopener\">Acheter<\/a><\/div>\n<\/div>\n<\/div>\n<\/div>\n\n\n\n<div class=\"wp-block-columns is-layout-flex wp-container-core-columns-layout-9 wp-block-columns-is-layout-flex\">\n<div class=\"wp-block-column is-layout-flow wp-block-column-is-layout-flow\">\n<figure class=\"wp-block-image size-large\"><a href=\"https:\/\/www.cocondedecoration.com\/blog\/wp-content\/uploads\/2025\/04\/beaux-vases-modernes.004.jpeg\"><img loading=\"lazy\" decoding=\"async\" width=\"640\" height=\"640\" src=\"https:\/\/www.cocondedecoration.com\/blog\/wp-content\/uploads\/2025\/04\/beaux-vases-modernes.004-640x640.jpeg\" alt=\"Vase Nuage Small gris argent m\u00e9tal \/ Bouroullec, 2016 - Vitra\" class=\"wp-image-82771\" title=\"Vase Nuage Small gris argent m\u00e9tal \/ Bouroullec, 2016 - Vitra\" srcset=\"https:\/\/www.cocondedecoration.com\/blog\/wp-content\/uploads\/2025\/04\/beaux-vases-modernes.004-640x640.jpeg 640w, https:\/\/www.cocondedecoration.com\/blog\/wp-content\/uploads\/2025\/04\/beaux-vases-modernes.004-260x260.jpeg 260w, https:\/\/www.cocondedecoration.com\/blog\/wp-content\/uploads\/2025\/04\/beaux-vases-modernes.004-165x165.jpeg 165w, https:\/\/www.cocondedecoration.com\/blog\/wp-content\/uploads\/2025\/04\/beaux-vases-modernes.004-465x465.jpeg 465w, https:\/\/www.cocondedecoration.com\/blog\/wp-content\/uploads\/2025\/04\/beaux-vases-modernes.004-500x500.jpeg 500w, https:\/\/www.cocondedecoration.com\/blog\/wp-content\/uploads\/2025\/04\/beaux-vases-modernes.004.jpeg 650w\" sizes=\"(max-width: 640px) 100vw, 640px\" \/><\/a><figcaption class=\"wp-element-caption\">Vase Nuage Small gris argent m\u00e9tal - Vitra chez Made in Design<\/figcaption><\/figure>\n\n\n\n<div class=\"wp-block-buttons is-content-justification-center is-layout-flex wp-container-core-buttons-layout-19 wp-block-buttons-is-layout-flex\">\n<div class=\"wp-block-button\"><a class=\"wp-block-button__link wp-element-button\" href=\"https:\/\/glp8.net\/c\/?si=19884&amp;li=1847438&amp;wi=389952&amp;ws=MAJ%202025%20vase&amp;dl=prod-vase-nuage-small-gris-argent-metal-bouroullec-2016-vitra-ref20164002.html\" target=\"_blank\" rel=\"noreferrer noopener\">Acheter<\/a><\/div>\n<\/div>\n<\/div>\n\n\n\n<div class=\"wp-block-column is-layout-flow wp-block-column-is-layout-flow\">\n<figure class=\"wp-block-image size-large\"><a href=\"https:\/\/www.cocondedecoration.com\/blog\/wp-content\/uploads\/2025\/04\/beaux-vases-modernes.005.jpeg\"><img loading=\"lazy\" decoding=\"async\" width=\"640\" height=\"640\" src=\"https:\/\/www.cocondedecoration.com\/blog\/wp-content\/uploads\/2025\/04\/beaux-vases-modernes.005-640x640.jpeg\" alt=\"Vase Shadow c\u00e9ramique noir by Jessica Hans \/ peint main - Hay\" class=\"wp-image-82770\" title=\"Vase Shadow c\u00e9ramique noir by Jessica Hans \/ peint main - Hay\" srcset=\"https:\/\/www.cocondedecoration.com\/blog\/wp-content\/uploads\/2025\/04\/beaux-vases-modernes.005-640x640.jpeg 640w, https:\/\/www.cocondedecoration.com\/blog\/wp-content\/uploads\/2025\/04\/beaux-vases-modernes.005-260x260.jpeg 260w, https:\/\/www.cocondedecoration.com\/blog\/wp-content\/uploads\/2025\/04\/beaux-vases-modernes.005-165x165.jpeg 165w, https:\/\/www.cocondedecoration.com\/blog\/wp-content\/uploads\/2025\/04\/beaux-vases-modernes.005-465x465.jpeg 465w, https:\/\/www.cocondedecoration.com\/blog\/wp-content\/uploads\/2025\/04\/beaux-vases-modernes.005-500x500.jpeg 500w, https:\/\/www.cocondedecoration.com\/blog\/wp-content\/uploads\/2025\/04\/beaux-vases-modernes.005.jpeg 650w\" sizes=\"(max-width: 640px) 100vw, 640px\" \/><\/a><figcaption class=\"wp-element-caption\">Vase Shadow c\u00e9ramique noir by Jessica Hans \/ peint main - Hay chez Made in Design<\/figcaption><\/figure>\n\n\n\n<div class=\"wp-block-buttons is-content-justification-center is-layout-flex wp-container-core-buttons-layout-20 wp-block-buttons-is-layout-flex\">\n<div class=\"wp-block-button\"><a class=\"wp-block-button__link wp-element-button\" href=\"https:\/\/glp8.net\/c\/?si=19884&amp;li=1847438&amp;wi=389952&amp;ws=MAJ%202025%20vase&amp;dl=prod-vase-shadow-ceramique-noir-by-jessica-hans-peint-main-hay-ref541358.html\" target=\"_blank\" rel=\"noreferrer noopener\">Acheter<\/a><\/div>\n<\/div>\n<\/div>\n\n\n\n<div class=\"wp-block-column is-layout-flow wp-block-column-is-layout-flow\">\n<figure class=\"wp-block-image size-large\"><a href=\"https:\/\/www.cocondedecoration.com\/blog\/wp-content\/uploads\/2025\/04\/beaux-vases-modernes.006.jpeg\"><img loading=\"lazy\" decoding=\"async\" width=\"640\" height=\"640\" src=\"https:\/\/www.cocondedecoration.com\/blog\/wp-content\/uploads\/2025\/04\/beaux-vases-modernes.006-640x640.jpeg\" alt=\"Vase Diavoletti c\u00e9ramique \/ H 26,2 cm - Alessandro Mendini &amp; Daniel Eltner, 2018 - Cappellini\" class=\"wp-image-82769\" title=\"Vase Diavoletti c\u00e9ramique \/ H 26,2 cm - Alessandro Mendini &amp; Daniel Eltner, 2018 - Cappellini\" srcset=\"https:\/\/www.cocondedecoration.com\/blog\/wp-content\/uploads\/2025\/04\/beaux-vases-modernes.006-640x640.jpeg 640w, https:\/\/www.cocondedecoration.com\/blog\/wp-content\/uploads\/2025\/04\/beaux-vases-modernes.006-260x260.jpeg 260w, https:\/\/www.cocondedecoration.com\/blog\/wp-content\/uploads\/2025\/04\/beaux-vases-modernes.006-165x165.jpeg 165w, https:\/\/www.cocondedecoration.com\/blog\/wp-content\/uploads\/2025\/04\/beaux-vases-modernes.006-465x465.jpeg 465w, https:\/\/www.cocondedecoration.com\/blog\/wp-content\/uploads\/2025\/04\/beaux-vases-modernes.006-500x500.jpeg 500w, https:\/\/www.cocondedecoration.com\/blog\/wp-content\/uploads\/2025\/04\/beaux-vases-modernes.006.jpeg 650w\" sizes=\"(max-width: 640px) 100vw, 640px\" \/><\/a><figcaption class=\"wp-element-caption\">Vase Diavoletti c\u00e9ramique - Cappellini chez Made in Design<\/figcaption><\/figure>\n\n\n\n<div class=\"wp-block-buttons is-content-justification-center is-layout-flex wp-container-core-buttons-layout-21 wp-block-buttons-is-layout-flex\">\n<div class=\"wp-block-button\"><a class=\"wp-block-button__link wp-element-button\" href=\"https:\/\/glp8.net\/c\/?si=19884&amp;li=1847438&amp;wi=389952&amp;ws=MAJ%202025%20vase&amp;dl=prod-vase-diavoletti-ceramique-jaune-h-26-2-cm-alessandro-mendini-daniel-eltner-2018-cappellini-refpo-1803-yellow.html\" target=\"_blank\" rel=\"noreferrer noopener\">Acheter<\/a><\/div>\n<\/div>\n<\/div>\n<\/div>\n\n\n\n<div class=\"wp-block-columns is-layout-flex wp-container-core-columns-layout-10 wp-block-columns-is-layout-flex\">\n<div class=\"wp-block-column is-layout-flow wp-block-column-is-layout-flow\">\n<figure class=\"wp-block-image size-large\"><a href=\"https:\/\/www.cocondedecoration.com\/blog\/wp-content\/uploads\/2025\/04\/vase-deco-la-redoute.004.jpeg\"><img loading=\"lazy\" decoding=\"async\" width=\"640\" height=\"640\" src=\"https:\/\/www.cocondedecoration.com\/blog\/wp-content\/uploads\/2025\/04\/vase-deco-la-redoute.004-640x640.jpeg\" alt=\"Vase verre rainur\u00e9 droit H22,5 cm\" class=\"wp-image-82787\" title=\"Vase verre rainur\u00e9 droit H22,5 cm\" srcset=\"https:\/\/www.cocondedecoration.com\/blog\/wp-content\/uploads\/2025\/04\/vase-deco-la-redoute.004-640x640.jpeg 640w, https:\/\/www.cocondedecoration.com\/blog\/wp-content\/uploads\/2025\/04\/vase-deco-la-redoute.004-260x260.jpeg 260w, https:\/\/www.cocondedecoration.com\/blog\/wp-content\/uploads\/2025\/04\/vase-deco-la-redoute.004-165x165.jpeg 165w, https:\/\/www.cocondedecoration.com\/blog\/wp-content\/uploads\/2025\/04\/vase-deco-la-redoute.004-465x465.jpeg 465w, https:\/\/www.cocondedecoration.com\/blog\/wp-content\/uploads\/2025\/04\/vase-deco-la-redoute.004-500x500.jpeg 500w, https:\/\/www.cocondedecoration.com\/blog\/wp-content\/uploads\/2025\/04\/vase-deco-la-redoute.004.jpeg 650w\" sizes=\"(max-width: 640px) 100vw, 640px\" \/><\/a><figcaption class=\"wp-element-caption\">Vase verre rainur\u00e9 droit - La Redoute Int\u00e9rieurs<\/figcaption><\/figure>\n\n\n\n<div class=\"wp-block-buttons is-content-justification-center is-layout-flex wp-container-core-buttons-layout-22 wp-block-buttons-is-layout-flex\">\n<div class=\"wp-block-button\"><a class=\"wp-block-button__link wp-element-button\" href=\"https:\/\/c3po.link\/QZx63U8DP5\" target=\"_blank\" rel=\"noreferrer noopener\">Acheter<\/a><\/div>\n<\/div>\n<\/div>\n\n\n\n<div class=\"wp-block-column is-layout-flow wp-block-column-is-layout-flow\">\n<figure class=\"wp-block-image size-large\"><a href=\"https:\/\/www.cocondedecoration.com\/blog\/wp-content\/uploads\/2025\/04\/vase-deco-la-redoute.005.jpeg\"><img loading=\"lazy\" decoding=\"async\" width=\"640\" height=\"640\" src=\"https:\/\/www.cocondedecoration.com\/blog\/wp-content\/uploads\/2025\/04\/vase-deco-la-redoute.005-640x640.jpeg\" alt=\"Coupelle haute en verre bleu et marbre\" class=\"wp-image-82786\" title=\"Coupelle haute en verre bleu et marbre\" srcset=\"https:\/\/www.cocondedecoration.com\/blog\/wp-content\/uploads\/2025\/04\/vase-deco-la-redoute.005-640x640.jpeg 640w, https:\/\/www.cocondedecoration.com\/blog\/wp-content\/uploads\/2025\/04\/vase-deco-la-redoute.005-260x260.jpeg 260w, https:\/\/www.cocondedecoration.com\/blog\/wp-content\/uploads\/2025\/04\/vase-deco-la-redoute.005-165x165.jpeg 165w, https:\/\/www.cocondedecoration.com\/blog\/wp-content\/uploads\/2025\/04\/vase-deco-la-redoute.005-465x465.jpeg 465w, https:\/\/www.cocondedecoration.com\/blog\/wp-content\/uploads\/2025\/04\/vase-deco-la-redoute.005-500x500.jpeg 500w, https:\/\/www.cocondedecoration.com\/blog\/wp-content\/uploads\/2025\/04\/vase-deco-la-redoute.005.jpeg 650w\" sizes=\"(max-width: 640px) 100vw, 640px\" \/><\/a><figcaption class=\"wp-element-caption\">Coupelle haute en verre bleu et marbre - AMPM <\/figcaption><\/figure>\n\n\n\n<div class=\"wp-block-buttons is-content-justification-center is-layout-flex wp-container-core-buttons-layout-23 wp-block-buttons-is-layout-flex\">\n<div class=\"wp-block-button\"><a class=\"wp-block-button__link wp-element-button\" href=\"https:\/\/c3po.link\/QkXYhMp72s\" target=\"_blank\" rel=\"noreferrer noopener\">Acheter<\/a><\/div>\n<\/div>\n<\/div>\n\n\n\n<div class=\"wp-block-column is-layout-flow wp-block-column-is-layout-flow\">\n<figure class=\"wp-block-image size-large\"><a href=\"https:\/\/www.cocondedecoration.com\/blog\/wp-content\/uploads\/2025\/04\/vase-deco-la-redoute.006.jpeg\"><img loading=\"lazy\" decoding=\"async\" width=\"640\" height=\"640\" src=\"https:\/\/www.cocondedecoration.com\/blog\/wp-content\/uploads\/2025\/04\/vase-deco-la-redoute.006-640x640.jpeg\" alt=\"Cache-pot damiers en c\u00e9ramique\" class=\"wp-image-82785\" title=\"Cache-pot damiers en c\u00e9ramique\" srcset=\"https:\/\/www.cocondedecoration.com\/blog\/wp-content\/uploads\/2025\/04\/vase-deco-la-redoute.006-640x640.jpeg 640w, https:\/\/www.cocondedecoration.com\/blog\/wp-content\/uploads\/2025\/04\/vase-deco-la-redoute.006-260x260.jpeg 260w, https:\/\/www.cocondedecoration.com\/blog\/wp-content\/uploads\/2025\/04\/vase-deco-la-redoute.006-165x165.jpeg 165w, https:\/\/www.cocondedecoration.com\/blog\/wp-content\/uploads\/2025\/04\/vase-deco-la-redoute.006-465x465.jpeg 465w, https:\/\/www.cocondedecoration.com\/blog\/wp-content\/uploads\/2025\/04\/vase-deco-la-redoute.006-500x500.jpeg 500w, https:\/\/www.cocondedecoration.com\/blog\/wp-content\/uploads\/2025\/04\/vase-deco-la-redoute.006.jpeg 650w\" sizes=\"(max-width: 640px) 100vw, 640px\" \/><\/a><figcaption class=\"wp-element-caption\">Cache-pot damiers en c\u00e9ramique - La Redoute Int\u00e9rieurs<\/figcaption><\/figure>\n\n\n\n<div class=\"wp-block-buttons is-content-justification-center is-layout-flex wp-container-core-buttons-layout-24 wp-block-buttons-is-layout-flex\">\n<div class=\"wp-block-button\"><a class=\"wp-block-button__link wp-element-button\" href=\"https:\/\/c3po.link\/QMhSw8ustf\" target=\"_blank\" rel=\"noreferrer noopener\">Acheter<\/a><\/div>\n<\/div>\n<\/div>\n<\/div>\n\n\n\n<div class=\"wp-block-columns has-2-columns is-layout-flex wp-container-core-columns-layout-11 wp-block-columns-is-layout-flex\">\n<div class=\"wp-block-column is-layout-flow wp-block-column-is-layout-flow\">\n<h2 class=\"wp-block-heading\">03 \u2022 Le vase pour les bouquets de tous les jours <\/h2>\n\n\n\n<p>Parce qu'il n'y a pas forc\u00e9ment besoin d'une bonne excuse pour d\u00e9corer son int\u00e9rieur avec des fleurs, il est toujours bon d'avoir sous la main des vases simples et efficaces. Des vases qui mettront en valeur le bouquet de fleur et qui s'auront s'effacer si besoin. J'aime la simplicit\u00e9 des objets au quotidien. C'est un peu comme les <a rel=\"noreferrer noopener\" aria-label=\"housses de coussins (s\u2019ouvre dans un nouvel onglet)\" href=\"https:\/\/www.cocondedecoration.com\/blog\/2023\/03\/couleur-coussin-canape\/\" target=\"_blank\">housses de coussins<\/a>, on peut choisir le vase en fonction des saisons ou encore de notre humeur du moment. C'est un objet d\u00e9coratif qui g\u00e9n\u00e9ralement ne co\u00fbte pas trop cher, on peut donc facilement alterner de mod\u00e8les quand on a envie de changement. C'est parfait pour d\u00e9corer <a href=\"https:\/\/www.cocondedecoration.com\/blog\/2023\/01\/deco-dessus-buffet-style-eclectique\/\" target=\"_blank\" rel=\"noreferrer noopener\" aria-label=\"le dessus du buffet (s\u2019ouvre dans un nouvel onglet)\">le dessus du buffet<\/a> par exemple. <\/p>\n\n\n\n<figure class=\"wp-block-gallery has-nested-images columns-default is-cropped wp-block-gallery-3 is-layout-flex wp-block-gallery-is-layout-flex\">\n<figure class=\"wp-block-image\"><img loading=\"lazy\" decoding=\"async\" width=\"640\" height=\"960\" src=\"https:\/\/www.cocondedecoration.com\/blog\/wp-content\/uploads\/2023\/03\/ou-trouver-vase-cadeau-deco-7-640x960.jpeg\" alt=\"ou trouver vase cadeau deco fleur au quotidien buffet entr\u00e9e console meuble \u00e0 chaussure simple couleur po\u00e9sie\" class=\"wp-image-58848\" srcset=\"https:\/\/www.cocondedecoration.com\/blog\/wp-content\/uploads\/2023\/03\/ou-trouver-vase-cadeau-deco-7-640x960.jpeg 640w, https:\/\/www.cocondedecoration.com\/blog\/wp-content\/uploads\/2023\/03\/ou-trouver-vase-cadeau-deco-7-260x390.jpeg 260w, https:\/\/www.cocondedecoration.com\/blog\/wp-content\/uploads\/2023\/03\/ou-trouver-vase-cadeau-deco-7-768x1152.jpeg 768w, https:\/\/www.cocondedecoration.com\/blog\/wp-content\/uploads\/2023\/03\/ou-trouver-vase-cadeau-deco-7-367x550.jpeg 367w, https:\/\/www.cocondedecoration.com\/blog\/wp-content\/uploads\/2023\/03\/ou-trouver-vase-cadeau-deco-7-333x500.jpeg 333w, https:\/\/www.cocondedecoration.com\/blog\/wp-content\/uploads\/2023\/03\/ou-trouver-vase-cadeau-deco-7.jpeg 1000w\" sizes=\"(max-width: 640px) 100vw, 640px\" \/><figcaption class=\"wp-element-caption\">theelginavenue.com\n<\/figcaption><\/figure>\n\n\n\n<figure class=\"wp-block-image\"><img loading=\"lazy\" decoding=\"async\" width=\"640\" height=\"960\" src=\"https:\/\/www.cocondedecoration.com\/blog\/wp-content\/uploads\/2023\/03\/ou-trouver-vase-cadeau-deco-8-640x960.jpeg\" alt=\"ou trouver vase cadeau deco fleurs au quotidien int\u00e9rieur moderne chic design\" class=\"wp-image-58849\" srcset=\"https:\/\/www.cocondedecoration.com\/blog\/wp-content\/uploads\/2023\/03\/ou-trouver-vase-cadeau-deco-8-640x960.jpeg 640w, https:\/\/www.cocondedecoration.com\/blog\/wp-content\/uploads\/2023\/03\/ou-trouver-vase-cadeau-deco-8-260x390.jpeg 260w, https:\/\/www.cocondedecoration.com\/blog\/wp-content\/uploads\/2023\/03\/ou-trouver-vase-cadeau-deco-8-768x1152.jpeg 768w, https:\/\/www.cocondedecoration.com\/blog\/wp-content\/uploads\/2023\/03\/ou-trouver-vase-cadeau-deco-8-367x550.jpeg 367w, https:\/\/www.cocondedecoration.com\/blog\/wp-content\/uploads\/2023\/03\/ou-trouver-vase-cadeau-deco-8-333x500.jpeg 333w, https:\/\/www.cocondedecoration.com\/blog\/wp-content\/uploads\/2023\/03\/ou-trouver-vase-cadeau-deco-8.jpeg 1000w\" sizes=\"(max-width: 640px) 100vw, 640px\" \/><figcaption class=\"wp-element-caption\">etsy.com\n<\/figcaption><\/figure>\n<\/figure>\n<\/div>\n\n\n\n<div class=\"wp-block-column is-layout-flow wp-block-column-is-layout-flow\">\n<figure class=\"wp-block-image\"><img loading=\"lazy\" decoding=\"async\" width=\"640\" height=\"960\" src=\"https:\/\/www.cocondedecoration.com\/blog\/wp-content\/uploads\/2023\/03\/ou-trouver-vase-cadeau-deco-6-640x960.jpeg\" alt=\"ou trouver vase cadeau deco \u00e0 s'offrir fleur au quotidien d\u00e9corer le buffet\" class=\"wp-image-58847\" srcset=\"https:\/\/www.cocondedecoration.com\/blog\/wp-content\/uploads\/2023\/03\/ou-trouver-vase-cadeau-deco-6-640x960.jpeg 640w, https:\/\/www.cocondedecoration.com\/blog\/wp-content\/uploads\/2023\/03\/ou-trouver-vase-cadeau-deco-6-260x390.jpeg 260w, https:\/\/www.cocondedecoration.com\/blog\/wp-content\/uploads\/2023\/03\/ou-trouver-vase-cadeau-deco-6-768x1152.jpeg 768w, https:\/\/www.cocondedecoration.com\/blog\/wp-content\/uploads\/2023\/03\/ou-trouver-vase-cadeau-deco-6-367x550.jpeg 367w, https:\/\/www.cocondedecoration.com\/blog\/wp-content\/uploads\/2023\/03\/ou-trouver-vase-cadeau-deco-6-333x500.jpeg 333w, https:\/\/www.cocondedecoration.com\/blog\/wp-content\/uploads\/2023\/03\/ou-trouver-vase-cadeau-deco-6.jpeg 1000w\" sizes=\"(max-width: 640px) 100vw, 640px\" \/><figcaption class=\"wp-element-caption\">jennasuedesign.com\n<\/figcaption><\/figure>\n<\/div>\n<\/div>\n\n\n\n<div class=\"wp-block-columns is-layout-flex wp-container-core-columns-layout-12 wp-block-columns-is-layout-flex\">\n<div class=\"wp-block-column is-layout-flow wp-block-column-is-layout-flow\">\n<figure class=\"wp-block-image size-large\"><a href=\"https:\/\/www.cocondedecoration.com\/blog\/wp-content\/uploads\/2025\/04\/deco-joli-vase-a-offrir-mdm.007.jpeg\"><img loading=\"lazy\" decoding=\"async\" width=\"640\" height=\"640\" src=\"https:\/\/www.cocondedecoration.com\/blog\/wp-content\/uploads\/2025\/04\/deco-joli-vase-a-offrir-mdm.007-640x640.jpeg\" alt=\"Vase citrons en porcelaine jaune H19\" class=\"wp-image-82738\" title=\"Vase citrons en porcelaine jaune H19\" srcset=\"https:\/\/www.cocondedecoration.com\/blog\/wp-content\/uploads\/2025\/04\/deco-joli-vase-a-offrir-mdm.007-640x640.jpeg 640w, https:\/\/www.cocondedecoration.com\/blog\/wp-content\/uploads\/2025\/04\/deco-joli-vase-a-offrir-mdm.007-260x260.jpeg 260w, https:\/\/www.cocondedecoration.com\/blog\/wp-content\/uploads\/2025\/04\/deco-joli-vase-a-offrir-mdm.007-165x165.jpeg 165w, https:\/\/www.cocondedecoration.com\/blog\/wp-content\/uploads\/2025\/04\/deco-joli-vase-a-offrir-mdm.007-465x465.jpeg 465w, https:\/\/www.cocondedecoration.com\/blog\/wp-content\/uploads\/2025\/04\/deco-joli-vase-a-offrir-mdm.007-500x500.jpeg 500w, https:\/\/www.cocondedecoration.com\/blog\/wp-content\/uploads\/2025\/04\/deco-joli-vase-a-offrir-mdm.007.jpeg 650w\" sizes=\"(max-width: 640px) 100vw, 640px\" \/><\/a><figcaption class=\"wp-element-caption\">Vase citrons en porcelaine jaune - Kare Design chez Maisons du Monde<\/figcaption><\/figure>\n\n\n\n<div class=\"wp-block-buttons is-content-justification-center is-layout-flex wp-container-core-buttons-layout-25 wp-block-buttons-is-layout-flex\">\n<div class=\"wp-block-button\"><a class=\"wp-block-button__link wp-element-button\" href=\"https:\/\/fnty.co\/c\/r-wTcFCGSG\" target=\"_blank\" rel=\"noreferrer noopener\">Acheter<\/a><\/div>\n<\/div>\n<\/div>\n\n\n\n<div class=\"wp-block-column is-layout-flow wp-block-column-is-layout-flow\">\n<figure class=\"wp-block-image size-large\"><a href=\"https:\/\/www.cocondedecoration.com\/blog\/wp-content\/uploads\/2025\/04\/deco-joli-vase-a-offrir-mdm.008.jpeg\"><img loading=\"lazy\" decoding=\"async\" width=\"640\" height=\"640\" src=\"https:\/\/www.cocondedecoration.com\/blog\/wp-content\/uploads\/2025\/04\/deco-joli-vase-a-offrir-mdm.008-640x640.jpeg\" alt=\"Vase dot L en c\u00e9ramique blanc\" class=\"wp-image-82737\" title=\"Vase dot L en c\u00e9ramique blanc\" srcset=\"https:\/\/www.cocondedecoration.com\/blog\/wp-content\/uploads\/2025\/04\/deco-joli-vase-a-offrir-mdm.008-640x640.jpeg 640w, https:\/\/www.cocondedecoration.com\/blog\/wp-content\/uploads\/2025\/04\/deco-joli-vase-a-offrir-mdm.008-260x260.jpeg 260w, https:\/\/www.cocondedecoration.com\/blog\/wp-content\/uploads\/2025\/04\/deco-joli-vase-a-offrir-mdm.008-165x165.jpeg 165w, https:\/\/www.cocondedecoration.com\/blog\/wp-content\/uploads\/2025\/04\/deco-joli-vase-a-offrir-mdm.008-465x465.jpeg 465w, https:\/\/www.cocondedecoration.com\/blog\/wp-content\/uploads\/2025\/04\/deco-joli-vase-a-offrir-mdm.008-500x500.jpeg 500w, https:\/\/www.cocondedecoration.com\/blog\/wp-content\/uploads\/2025\/04\/deco-joli-vase-a-offrir-mdm.008.jpeg 650w\" sizes=\"(max-width: 640px) 100vw, 640px\" \/><\/a><figcaption class=\"wp-element-caption\">Vase dot L en c\u00e9ramique blanc - House Doctor chez Maisons du du Monde<\/figcaption><\/figure>\n\n\n\n<div class=\"wp-block-buttons is-content-justification-center is-layout-flex wp-container-core-buttons-layout-26 wp-block-buttons-is-layout-flex\">\n<div class=\"wp-block-button\"><a class=\"wp-block-button__link wp-element-button\" href=\"https:\/\/fnty.co\/c\/r-SOaSfGHy\" target=\"_blank\" rel=\"noreferrer noopener\">Acheter<\/a><\/div>\n<\/div>\n<\/div>\n\n\n\n<div class=\"wp-block-column is-layout-flow wp-block-column-is-layout-flow\">\n<figure class=\"wp-block-image size-large\"><a href=\"https:\/\/www.cocondedecoration.com\/blog\/wp-content\/uploads\/2025\/04\/deco-joli-vase-a-offrir-mdm.009.jpeg\"><img loading=\"lazy\" decoding=\"async\" width=\"640\" height=\"640\" src=\"https:\/\/www.cocondedecoration.com\/blog\/wp-content\/uploads\/2025\/04\/deco-joli-vase-a-offrir-mdm.009-640x640.jpeg\" alt=\"Vase d\u00e9coratif en c\u00e9ramique blanc H20\" class=\"wp-image-82736\" title=\"Vase d\u00e9coratif en c\u00e9ramique blanc H20\" srcset=\"https:\/\/www.cocondedecoration.com\/blog\/wp-content\/uploads\/2025\/04\/deco-joli-vase-a-offrir-mdm.009-640x640.jpeg 640w, https:\/\/www.cocondedecoration.com\/blog\/wp-content\/uploads\/2025\/04\/deco-joli-vase-a-offrir-mdm.009-260x260.jpeg 260w, https:\/\/www.cocondedecoration.com\/blog\/wp-content\/uploads\/2025\/04\/deco-joli-vase-a-offrir-mdm.009-165x165.jpeg 165w, https:\/\/www.cocondedecoration.com\/blog\/wp-content\/uploads\/2025\/04\/deco-joli-vase-a-offrir-mdm.009-465x465.jpeg 465w, https:\/\/www.cocondedecoration.com\/blog\/wp-content\/uploads\/2025\/04\/deco-joli-vase-a-offrir-mdm.009-500x500.jpeg 500w, https:\/\/www.cocondedecoration.com\/blog\/wp-content\/uploads\/2025\/04\/deco-joli-vase-a-offrir-mdm.009.jpeg 650w\" sizes=\"(max-width: 640px) 100vw, 640px\" \/><\/a><figcaption class=\"wp-element-caption\">Vase d\u00e9coratif en c\u00e9ramique blanc - Sia D\u00e9co via Maisons du Monde<\/figcaption><\/figure>\n\n\n\n<div class=\"wp-block-buttons is-content-justification-center is-layout-flex wp-container-core-buttons-layout-27 wp-block-buttons-is-layout-flex\">\n<div class=\"wp-block-button\"><a class=\"wp-block-button__link wp-element-button\" href=\"https:\/\/fnty.co\/c\/r-KeDQMOTX\" target=\"_blank\" rel=\"noreferrer noopener\">Acheter<\/a><\/div>\n<\/div>\n<\/div>\n<\/div>\n\n\n\n<div class=\"wp-block-columns is-layout-flex wp-container-core-columns-layout-13 wp-block-columns-is-layout-flex\">\n<div class=\"wp-block-column is-layout-flow wp-block-column-is-layout-flow\">\n<figure class=\"wp-block-image size-large\"><a href=\"https:\/\/www.cocondedecoration.com\/blog\/wp-content\/uploads\/2025\/04\/accessoire-deco-design-vase.007.jpeg\"><img loading=\"lazy\" decoding=\"async\" width=\"640\" height=\"640\" src=\"https:\/\/www.cocondedecoration.com\/blog\/wp-content\/uploads\/2025\/04\/accessoire-deco-design-vase.007-640x640.jpeg\" alt=\"Vase rose\" class=\"wp-image-82753\" title=\"Vase rose design\" srcset=\"https:\/\/www.cocondedecoration.com\/blog\/wp-content\/uploads\/2025\/04\/accessoire-deco-design-vase.007-640x640.jpeg 640w, https:\/\/www.cocondedecoration.com\/blog\/wp-content\/uploads\/2025\/04\/accessoire-deco-design-vase.007-260x260.jpeg 260w, https:\/\/www.cocondedecoration.com\/blog\/wp-content\/uploads\/2025\/04\/accessoire-deco-design-vase.007-165x165.jpeg 165w, https:\/\/www.cocondedecoration.com\/blog\/wp-content\/uploads\/2025\/04\/accessoire-deco-design-vase.007-465x465.jpeg 465w, https:\/\/www.cocondedecoration.com\/blog\/wp-content\/uploads\/2025\/04\/accessoire-deco-design-vase.007-500x500.jpeg 500w, https:\/\/www.cocondedecoration.com\/blog\/wp-content\/uploads\/2025\/04\/accessoire-deco-design-vase.007.jpeg 650w\" sizes=\"(max-width: 640px) 100vw, 640px\" \/><\/a><figcaption class=\"wp-element-caption\">Vase rose - Kartell chez The Cool Republic <\/figcaption><\/figure>\n\n\n\n<div class=\"wp-block-buttons is-content-justification-center is-layout-flex wp-container-core-buttons-layout-28 wp-block-buttons-is-layout-flex\">\n<div class=\"wp-block-button\"><a class=\"wp-block-button__link wp-element-button\" href=\"https:\/\/fnty.co\/c\/r-gpzbYdoJ\" target=\"_blank\" rel=\"noreferrer noopener\">Acheter<\/a><\/div>\n<\/div>\n<\/div>\n\n\n\n<div class=\"wp-block-column is-layout-flow wp-block-column-is-layout-flow\">\n<figure class=\"wp-block-image size-large\"><a href=\"https:\/\/www.cocondedecoration.com\/blog\/wp-content\/uploads\/2025\/04\/accessoire-deco-design-vase.008.jpeg\"><img loading=\"lazy\" decoding=\"async\" width=\"640\" height=\"640\" src=\"https:\/\/www.cocondedecoration.com\/blog\/wp-content\/uploads\/2025\/04\/accessoire-deco-design-vase.008-640x640.jpeg\" alt=\"Vase en gr\u00e8s blanc\" class=\"wp-image-82752\" title=\"Vase en gr\u00e8s blanc\" srcset=\"https:\/\/www.cocondedecoration.com\/blog\/wp-content\/uploads\/2025\/04\/accessoire-deco-design-vase.008-640x640.jpeg 640w, https:\/\/www.cocondedecoration.com\/blog\/wp-content\/uploads\/2025\/04\/accessoire-deco-design-vase.008-260x260.jpeg 260w, https:\/\/www.cocondedecoration.com\/blog\/wp-content\/uploads\/2025\/04\/accessoire-deco-design-vase.008-165x165.jpeg 165w, https:\/\/www.cocondedecoration.com\/blog\/wp-content\/uploads\/2025\/04\/accessoire-deco-design-vase.008-465x465.jpeg 465w, https:\/\/www.cocondedecoration.com\/blog\/wp-content\/uploads\/2025\/04\/accessoire-deco-design-vase.008-500x500.jpeg 500w, https:\/\/www.cocondedecoration.com\/blog\/wp-content\/uploads\/2025\/04\/accessoire-deco-design-vase.008.jpeg 650w\" sizes=\"(max-width: 640px) 100vw, 640px\" \/><\/a><figcaption class=\"wp-element-caption\">Vase en gr\u00e8s blanc - Bolia chez The Cool Republic<\/figcaption><\/figure>\n\n\n\n<div class=\"wp-block-buttons is-content-justification-center is-layout-flex wp-container-core-buttons-layout-29 wp-block-buttons-is-layout-flex\">\n<div class=\"wp-block-button\"><a class=\"wp-block-button__link wp-element-button\" href=\"https:\/\/fnty.co\/c\/r-EbAeaUsE\" target=\"_blank\" rel=\"noreferrer noopener\">Acheter<\/a><\/div>\n<\/div>\n<\/div>\n\n\n\n<div class=\"wp-block-column is-layout-flow wp-block-column-is-layout-flow\">\n<figure class=\"wp-block-image size-large is-resized\"><a href=\"https:\/\/www.cocondedecoration.com\/blog\/wp-content\/uploads\/2025\/04\/accessoire-deco-design-vase.009.jpeg\"><img loading=\"lazy\" decoding=\"async\" width=\"640\" height=\"640\" src=\"https:\/\/www.cocondedecoration.com\/blog\/wp-content\/uploads\/2025\/04\/accessoire-deco-design-vase.009-640x640.jpeg\" alt=\"Vase Nicola Gr\u00e8s noir\" class=\"wp-image-82751\" style=\"width:274px;height:auto\" title=\"Vase Nicola Gr\u00e8s noir\" srcset=\"https:\/\/www.cocondedecoration.com\/blog\/wp-content\/uploads\/2025\/04\/accessoire-deco-design-vase.009-640x640.jpeg 640w, https:\/\/www.cocondedecoration.com\/blog\/wp-content\/uploads\/2025\/04\/accessoire-deco-design-vase.009-260x260.jpeg 260w, https:\/\/www.cocondedecoration.com\/blog\/wp-content\/uploads\/2025\/04\/accessoire-deco-design-vase.009-165x165.jpeg 165w, https:\/\/www.cocondedecoration.com\/blog\/wp-content\/uploads\/2025\/04\/accessoire-deco-design-vase.009-465x465.jpeg 465w, https:\/\/www.cocondedecoration.com\/blog\/wp-content\/uploads\/2025\/04\/accessoire-deco-design-vase.009-500x500.jpeg 500w, https:\/\/www.cocondedecoration.com\/blog\/wp-content\/uploads\/2025\/04\/accessoire-deco-design-vase.009.jpeg 650w\" sizes=\"(max-width: 640px) 100vw, 640px\" \/><\/a><figcaption class=\"wp-element-caption\">Vase Nicola Gr\u00e8s noir - Bloomingville chez The Cool Republic<\/figcaption><\/figure>\n\n\n\n<div class=\"wp-block-buttons is-content-justification-center is-layout-flex wp-container-core-buttons-layout-30 wp-block-buttons-is-layout-flex\">\n<div class=\"wp-block-button\"><a class=\"wp-block-button__link wp-element-button\" href=\"https:\/\/fnty.co\/c\/r-VvgxUClA\" target=\"_blank\" rel=\"noreferrer noopener\">Acheter<\/a><\/div>\n<\/div>\n<\/div>\n<\/div>\n\n\n\n<div class=\"wp-block-columns is-layout-flex wp-container-core-columns-layout-14 wp-block-columns-is-layout-flex\">\n<div class=\"wp-block-column is-layout-flow wp-block-column-is-layout-flow\">\n<figure class=\"wp-block-image size-large\"><a href=\"https:\/\/www.cocondedecoration.com\/blog\/wp-content\/uploads\/2025\/04\/beaux-vases-modernes.007.jpeg\"><img loading=\"lazy\" decoding=\"async\" width=\"640\" height=\"640\" src=\"https:\/\/www.cocondedecoration.com\/blog\/wp-content\/uploads\/2025\/04\/beaux-vases-modernes.007-640x640.jpeg\" alt=\"Pot Marie papier blanc \/ Papier m\u00e2ch\u00e9 - \u00d8 18 x H 20,5 cm - Serax\" class=\"wp-image-82768\" title=\"Pot Marie papier blanc \/ Papier m\u00e2ch\u00e9 - \u00d8 18 x H 20,5 cm - Serax\" srcset=\"https:\/\/www.cocondedecoration.com\/blog\/wp-content\/uploads\/2025\/04\/beaux-vases-modernes.007-640x640.jpeg 640w, https:\/\/www.cocondedecoration.com\/blog\/wp-content\/uploads\/2025\/04\/beaux-vases-modernes.007-260x260.jpeg 260w, https:\/\/www.cocondedecoration.com\/blog\/wp-content\/uploads\/2025\/04\/beaux-vases-modernes.007-165x165.jpeg 165w, https:\/\/www.cocondedecoration.com\/blog\/wp-content\/uploads\/2025\/04\/beaux-vases-modernes.007-465x465.jpeg 465w, https:\/\/www.cocondedecoration.com\/blog\/wp-content\/uploads\/2025\/04\/beaux-vases-modernes.007-500x500.jpeg 500w, https:\/\/www.cocondedecoration.com\/blog\/wp-content\/uploads\/2025\/04\/beaux-vases-modernes.007.jpeg 650w\" sizes=\"(max-width: 640px) 100vw, 640px\" \/><\/a><figcaption class=\"wp-element-caption\">Pot Marie papier blanc - Serax chez Made in Design<\/figcaption><\/figure>\n\n\n\n<div class=\"wp-block-buttons is-content-justification-center is-layout-flex wp-container-core-buttons-layout-31 wp-block-buttons-is-layout-flex\">\n<div class=\"wp-block-button\"><a class=\"wp-block-button__link wp-element-button\" href=\"https:\/\/glp8.net\/c\/?si=19884&amp;li=1847438&amp;wi=389952&amp;ws=MAJ%202025%20vase&amp;dl=prod-pot-marie-papier-blanc-papier-mache-o-18-x-h-20-5-cm-serax-refb7218308.html\" target=\"_blank\" rel=\"noreferrer noopener\">Acheter<\/a><\/div>\n<\/div>\n<\/div>\n\n\n\n<div class=\"wp-block-column is-layout-flow wp-block-column-is-layout-flow\">\n<figure class=\"wp-block-image size-large\"><a href=\"https:\/\/www.cocondedecoration.com\/blog\/wp-content\/uploads\/2025\/04\/beaux-vases-modernes.008.jpeg\"><img loading=\"lazy\" decoding=\"async\" width=\"640\" height=\"640\" src=\"https:\/\/www.cocondedecoration.com\/blog\/wp-content\/uploads\/2025\/04\/beaux-vases-modernes.008-640x640.jpeg\" alt=\"Vase Marshmallow verre jaune \/ \u00d8 13.5 x H 19,5 cm - &amp; klevering\" class=\"wp-image-82767\" title=\"Vase Marshmallow verre jaune \/ \u00d8 13.5 x H 19,5 cm - &amp; klevering\" srcset=\"https:\/\/www.cocondedecoration.com\/blog\/wp-content\/uploads\/2025\/04\/beaux-vases-modernes.008-640x640.jpeg 640w, https:\/\/www.cocondedecoration.com\/blog\/wp-content\/uploads\/2025\/04\/beaux-vases-modernes.008-260x260.jpeg 260w, https:\/\/www.cocondedecoration.com\/blog\/wp-content\/uploads\/2025\/04\/beaux-vases-modernes.008-165x165.jpeg 165w, https:\/\/www.cocondedecoration.com\/blog\/wp-content\/uploads\/2025\/04\/beaux-vases-modernes.008-465x465.jpeg 465w, https:\/\/www.cocondedecoration.com\/blog\/wp-content\/uploads\/2025\/04\/beaux-vases-modernes.008-500x500.jpeg 500w, https:\/\/www.cocondedecoration.com\/blog\/wp-content\/uploads\/2025\/04\/beaux-vases-modernes.008.jpeg 650w\" sizes=\"(max-width: 640px) 100vw, 640px\" \/><\/a><figcaption class=\"wp-element-caption\">Vase Marshmallow verre jaune - &amp; klevering chez Made in Design<\/figcaption><\/figure>\n\n\n\n<div class=\"wp-block-buttons is-content-justification-center is-layout-flex wp-container-core-buttons-layout-32 wp-block-buttons-is-layout-flex\">\n<div class=\"wp-block-button\"><a class=\"wp-block-button__link wp-element-button\" href=\"https:\/\/glp8.net\/c\/?si=19884&amp;li=1847438&amp;wi=389952&amp;ws=MAJ%202025%20vase&amp;dl=prod-vase-marshmallow-verre-jaune-o-13-5-x-h-19-5-cm-klevering-refm115425901.html\" target=\"_blank\" rel=\"noreferrer noopener\">Acheter<\/a><\/div>\n<\/div>\n<\/div>\n\n\n\n<div class=\"wp-block-column is-layout-flow wp-block-column-is-layout-flow\">\n<figure class=\"wp-block-image size-large\"><a href=\"https:\/\/www.cocondedecoration.com\/blog\/wp-content\/uploads\/2025\/04\/beaux-vases-modernes.009.jpeg\"><img loading=\"lazy\" decoding=\"async\" width=\"640\" height=\"640\" src=\"https:\/\/www.cocondedecoration.com\/blog\/wp-content\/uploads\/2025\/04\/beaux-vases-modernes.009-640x640.jpeg\" alt=\"Vase Magna Graecia - Woman c\u00e9ramique bleu \/ H 33 cm - Terre cuite - Seletti\" class=\"wp-image-82766\" title=\"Vase Magna Graecia - Woman c\u00e9ramique bleu \/ H 33 cm - Terre cuite - Seletti\" srcset=\"https:\/\/www.cocondedecoration.com\/blog\/wp-content\/uploads\/2025\/04\/beaux-vases-modernes.009-640x640.jpeg 640w, https:\/\/www.cocondedecoration.com\/blog\/wp-content\/uploads\/2025\/04\/beaux-vases-modernes.009-260x260.jpeg 260w, https:\/\/www.cocondedecoration.com\/blog\/wp-content\/uploads\/2025\/04\/beaux-vases-modernes.009-165x165.jpeg 165w, https:\/\/www.cocondedecoration.com\/blog\/wp-content\/uploads\/2025\/04\/beaux-vases-modernes.009-465x465.jpeg 465w, https:\/\/www.cocondedecoration.com\/blog\/wp-content\/uploads\/2025\/04\/beaux-vases-modernes.009-500x500.jpeg 500w, https:\/\/www.cocondedecoration.com\/blog\/wp-content\/uploads\/2025\/04\/beaux-vases-modernes.009.jpeg 650w\" sizes=\"(max-width: 640px) 100vw, 640px\" \/><\/a><figcaption class=\"wp-element-caption\">Vase Magna Graecia - Seletti chez Made in Design<\/figcaption><\/figure>\n\n\n\n<div class=\"wp-block-buttons is-content-justification-center is-layout-flex wp-container-core-buttons-layout-33 wp-block-buttons-is-layout-flex\">\n<div class=\"wp-block-button\"><a class=\"wp-block-button__link wp-element-button\" href=\"https:\/\/glp8.net\/c\/?si=19884&amp;li=1847438&amp;wi=389952&amp;ws=MAJ%202025%20vase&amp;dl=prod-vase-magna-graecia-woman-ceramique-bleu-h-33-cm-terre-cuite-seletti-refm115657701.html\" target=\"_blank\" rel=\"noreferrer noopener\">Acheter<\/a><\/div>\n<\/div>\n<\/div>\n<\/div>\n\n\n\n<div class=\"wp-block-columns is-layout-flex wp-container-core-columns-layout-15 wp-block-columns-is-layout-flex\">\n<div class=\"wp-block-column is-layout-flow wp-block-column-is-layout-flow\">\n<figure class=\"wp-block-image size-large\"><a href=\"https:\/\/www.cocondedecoration.com\/blog\/wp-content\/uploads\/2025\/04\/vase-deco-la-redoute.007.jpeg\"><img loading=\"lazy\" decoding=\"async\" width=\"640\" height=\"640\" src=\"https:\/\/www.cocondedecoration.com\/blog\/wp-content\/uploads\/2025\/04\/vase-deco-la-redoute.007-640x640.jpeg\" alt=\"Grand vase couleur cuivre\/noir vieilli avec gravures H88 cm\" class=\"wp-image-82784\" title=\"Grand vase couleur cuivre\/noir vieilli avec gravures H88 cm\" srcset=\"https:\/\/www.cocondedecoration.com\/blog\/wp-content\/uploads\/2025\/04\/vase-deco-la-redoute.007-640x640.jpeg 640w, https:\/\/www.cocondedecoration.com\/blog\/wp-content\/uploads\/2025\/04\/vase-deco-la-redoute.007-260x260.jpeg 260w, https:\/\/www.cocondedecoration.com\/blog\/wp-content\/uploads\/2025\/04\/vase-deco-la-redoute.007-165x165.jpeg 165w, https:\/\/www.cocondedecoration.com\/blog\/wp-content\/uploads\/2025\/04\/vase-deco-la-redoute.007-465x465.jpeg 465w, https:\/\/www.cocondedecoration.com\/blog\/wp-content\/uploads\/2025\/04\/vase-deco-la-redoute.007-500x500.jpeg 500w, https:\/\/www.cocondedecoration.com\/blog\/wp-content\/uploads\/2025\/04\/vase-deco-la-redoute.007.jpeg 650w\" sizes=\"(max-width: 640px) 100vw, 640px\" \/><\/a><figcaption class=\"wp-element-caption\">Grand vase couleur cuivre\/noir vieilli avec gravures H88 cm - Pier Import chez La Redoute<\/figcaption><\/figure>\n\n\n\n<div class=\"wp-block-buttons is-content-justification-center is-layout-flex wp-container-core-buttons-layout-34 wp-block-buttons-is-layout-flex\">\n<div class=\"wp-block-button\"><a class=\"wp-block-button__link wp-element-button\" href=\"https:\/\/c3po.link\/Qp2Ytdg2r3\" target=\"_blank\" rel=\"noreferrer noopener\">Acheter<\/a><\/div>\n<\/div>\n<\/div>\n\n\n\n<div class=\"wp-block-column is-layout-flow wp-block-column-is-layout-flow\">\n<figure class=\"wp-block-image size-large\"><a href=\"https:\/\/www.cocondedecoration.com\/blog\/wp-content\/uploads\/2025\/04\/vase-deco-la-redoute.008.jpeg\"><img loading=\"lazy\" decoding=\"async\" width=\"640\" height=\"640\" src=\"https:\/\/www.cocondedecoration.com\/blog\/wp-content\/uploads\/2025\/04\/vase-deco-la-redoute.008-640x640.jpeg\" alt=\"Vase en c\u00e9ramique H19 cm\" class=\"wp-image-82783\" title=\"Vase en c\u00e9ramique H19 cm\" srcset=\"https:\/\/www.cocondedecoration.com\/blog\/wp-content\/uploads\/2025\/04\/vase-deco-la-redoute.008-640x640.jpeg 640w, https:\/\/www.cocondedecoration.com\/blog\/wp-content\/uploads\/2025\/04\/vase-deco-la-redoute.008-260x260.jpeg 260w, https:\/\/www.cocondedecoration.com\/blog\/wp-content\/uploads\/2025\/04\/vase-deco-la-redoute.008-165x165.jpeg 165w, https:\/\/www.cocondedecoration.com\/blog\/wp-content\/uploads\/2025\/04\/vase-deco-la-redoute.008-465x465.jpeg 465w, https:\/\/www.cocondedecoration.com\/blog\/wp-content\/uploads\/2025\/04\/vase-deco-la-redoute.008-500x500.jpeg 500w, https:\/\/www.cocondedecoration.com\/blog\/wp-content\/uploads\/2025\/04\/vase-deco-la-redoute.008.jpeg 650w\" sizes=\"(max-width: 640px) 100vw, 640px\" \/><\/a><figcaption class=\"wp-element-caption\">Vase en c\u00e9ramique H19 cm - La Redoute Int\u00e9rieurs<\/figcaption><\/figure>\n\n\n\n<div class=\"wp-block-buttons is-content-justification-center is-layout-flex wp-container-core-buttons-layout-35 wp-block-buttons-is-layout-flex\">\n<div class=\"wp-block-button\"><a class=\"wp-block-button__link wp-element-button\" href=\"https:\/\/c3po.link\/QtVrycegkv\" target=\"_blank\" rel=\"noreferrer noopener\">Acheter<\/a><\/div>\n<\/div>\n<\/div>\n\n\n\n<div class=\"wp-block-column is-layout-flow wp-block-column-is-layout-flow\">\n<figure class=\"wp-block-image size-large\"><a href=\"https:\/\/www.cocondedecoration.com\/blog\/wp-content\/uploads\/2025\/04\/vase-deco-la-redoute.009.jpeg\"><img loading=\"lazy\" decoding=\"async\" width=\"640\" height=\"640\" src=\"https:\/\/www.cocondedecoration.com\/blog\/wp-content\/uploads\/2025\/04\/vase-deco-la-redoute.009-640x640.jpeg\" alt=\"Vase dame-Jeanne en verre H56 cm\" class=\"wp-image-82782\" title=\"Vase dame-Jeanne en verre H56 cm\" srcset=\"https:\/\/www.cocondedecoration.com\/blog\/wp-content\/uploads\/2025\/04\/vase-deco-la-redoute.009-640x640.jpeg 640w, https:\/\/www.cocondedecoration.com\/blog\/wp-content\/uploads\/2025\/04\/vase-deco-la-redoute.009-260x260.jpeg 260w, https:\/\/www.cocondedecoration.com\/blog\/wp-content\/uploads\/2025\/04\/vase-deco-la-redoute.009-165x165.jpeg 165w, https:\/\/www.cocondedecoration.com\/blog\/wp-content\/uploads\/2025\/04\/vase-deco-la-redoute.009-465x465.jpeg 465w, https:\/\/www.cocondedecoration.com\/blog\/wp-content\/uploads\/2025\/04\/vase-deco-la-redoute.009-500x500.jpeg 500w, https:\/\/www.cocondedecoration.com\/blog\/wp-content\/uploads\/2025\/04\/vase-deco-la-redoute.009.jpeg 650w\" sizes=\"(max-width: 640px) 100vw, 640px\" \/><\/a><figcaption class=\"wp-element-caption\">Vase dame-Jeanne en verre H56 cm - La Redoute Int\u00e9rieurs<\/figcaption><\/figure>\n\n\n\n<div class=\"wp-block-buttons is-content-justification-center is-layout-flex wp-container-core-buttons-layout-36 wp-block-buttons-is-layout-flex\">\n<div class=\"wp-block-button\"><a class=\"wp-block-button__link wp-element-button\" href=\"https:\/\/c3po.link\/QCgrXAZAfQ\" target=\"_blank\" rel=\"noreferrer noopener\">Acheter<\/a><\/div>\n<\/div>\n<\/div>\n<\/div>\n\n\n\n<div class=\"wp-block-columns has-2-columns is-layout-flex wp-container-core-columns-layout-16 wp-block-columns-is-layout-flex\">\n<div class=\"wp-block-column is-layout-flow wp-block-column-is-layout-flow\">\n<h2 class=\"wp-block-heading\">04 \u2022 Les vases pour les fleurs s\u00e9ch\u00e9es <\/h2>\n\n\n\n<p>Autre ambiance: les fleurs s\u00e9ch\u00e9es. Elles ont la c\u00f4te en ce moment. On les trouve dans <a rel=\"noreferrer noopener\" aria-label=\"les int\u00e9rieurs slow (s\u2019ouvre dans un nouvel onglet)\" href=\"https:\/\/www.cocondedecoration.com\/blog\/category\/tendances-deco\/style-decoration-slow\/\" target=\"_blank\">les int\u00e9rieurs slow<\/a> mais aussi dans les int\u00e9rieurs modernes. On les trouve de diff\u00e9rentes tailles aussi. En grand format dans une jarre \u00e0 c\u00f4t\u00e9 du canap\u00e9 ou d'un buffet. En petit format dans un vase sur une console. Pas besoin d'eau pour les garder fra\u00eeches. <br>En mettant \u00e0 jour ma s\u00e9lection, j'avais envie de <a href=\"https:\/\/www.cocondedecoration.com\/blog\/category\/couleur-deco\/couleurs-organiques-naturelles\/\" target=\"_blank\" rel=\"noreferrer noopener\" aria-label=\"couleurs organiques (s\u2019ouvre dans un nouvel onglet)\">couleurs organiques<\/a> et neutres. J'aime cette palette de couleurs qui est assez simple et passe-partout. Elle colle parfaitement avec les ambiances slow living que j'affectionne beaucoup. <\/p>\n\n\n\n<figure class=\"wp-block-gallery has-nested-images columns-default is-cropped wp-block-gallery-4 is-layout-flex wp-block-gallery-is-layout-flex\">\n<figure class=\"wp-block-image\"><img loading=\"lazy\" decoding=\"async\" width=\"640\" height=\"960\" src=\"https:\/\/www.cocondedecoration.com\/blog\/wp-content\/uploads\/2023\/03\/ou-trouver-vase-cadeau-deco-10-640x960.jpeg\" alt=\"ou trouver vase cadeau deco console en bois entr\u00e9e salle \u00e0 mnager panier en rotin cadre bougeoir d\u00e9cor slow life\" class=\"wp-image-58851\" srcset=\"https:\/\/www.cocondedecoration.com\/blog\/wp-content\/uploads\/2023\/03\/ou-trouver-vase-cadeau-deco-10-640x960.jpeg 640w, https:\/\/www.cocondedecoration.com\/blog\/wp-content\/uploads\/2023\/03\/ou-trouver-vase-cadeau-deco-10-260x390.jpeg 260w, https:\/\/www.cocondedecoration.com\/blog\/wp-content\/uploads\/2023\/03\/ou-trouver-vase-cadeau-deco-10-768x1152.jpeg 768w, https:\/\/www.cocondedecoration.com\/blog\/wp-content\/uploads\/2023\/03\/ou-trouver-vase-cadeau-deco-10-367x550.jpeg 367w, https:\/\/www.cocondedecoration.com\/blog\/wp-content\/uploads\/2023\/03\/ou-trouver-vase-cadeau-deco-10-333x500.jpeg 333w, https:\/\/www.cocondedecoration.com\/blog\/wp-content\/uploads\/2023\/03\/ou-trouver-vase-cadeau-deco-10.jpeg 1000w\" sizes=\"(max-width: 640px) 100vw, 640px\" \/><figcaption class=\"wp-element-caption\">homziedesigns.com\n<\/figcaption><\/figure>\n\n\n\n<figure class=\"wp-block-image\"><img loading=\"lazy\" decoding=\"async\" width=\"640\" height=\"960\" src=\"https:\/\/www.cocondedecoration.com\/blog\/wp-content\/uploads\/2023\/03\/ou-trouver-vase-cadeau-deco-11-640x960.jpeg\" alt=\"ou trouver vase cadeau deco fleurs s\u00e9ch\u00e9es d\u00e9cor slow living couleur neutre et organique\" class=\"wp-image-58852\" srcset=\"https:\/\/www.cocondedecoration.com\/blog\/wp-content\/uploads\/2023\/03\/ou-trouver-vase-cadeau-deco-11-640x960.jpeg 640w, https:\/\/www.cocondedecoration.com\/blog\/wp-content\/uploads\/2023\/03\/ou-trouver-vase-cadeau-deco-11-260x390.jpeg 260w, https:\/\/www.cocondedecoration.com\/blog\/wp-content\/uploads\/2023\/03\/ou-trouver-vase-cadeau-deco-11-768x1152.jpeg 768w, https:\/\/www.cocondedecoration.com\/blog\/wp-content\/uploads\/2023\/03\/ou-trouver-vase-cadeau-deco-11-367x550.jpeg 367w, https:\/\/www.cocondedecoration.com\/blog\/wp-content\/uploads\/2023\/03\/ou-trouver-vase-cadeau-deco-11-333x500.jpeg 333w, https:\/\/www.cocondedecoration.com\/blog\/wp-content\/uploads\/2023\/03\/ou-trouver-vase-cadeau-deco-11.jpeg 1000w\" sizes=\"(max-width: 640px) 100vw, 640px\" \/><figcaption class=\"wp-element-caption\">etsy.com\n<\/figcaption><\/figure>\n<\/figure>\n<\/div>\n\n\n\n<div class=\"wp-block-column is-layout-flow wp-block-column-is-layout-flow\">\n<figure class=\"wp-block-image\"><img loading=\"lazy\" decoding=\"async\" width=\"640\" height=\"960\" src=\"https:\/\/www.cocondedecoration.com\/blog\/wp-content\/uploads\/2023\/03\/ou-trouver-vase-cadeau-deco-9-640x960.jpeg\" alt=\"ou trouver vase cadeau deco herbe de pampa fleurs s\u00e9ch\u00e9es d\u00e9cor slow living chambre \u00e0 coucher\" class=\"wp-image-58850\" srcset=\"https:\/\/www.cocondedecoration.com\/blog\/wp-content\/uploads\/2023\/03\/ou-trouver-vase-cadeau-deco-9-640x960.jpeg 640w, https:\/\/www.cocondedecoration.com\/blog\/wp-content\/uploads\/2023\/03\/ou-trouver-vase-cadeau-deco-9-260x390.jpeg 260w, https:\/\/www.cocondedecoration.com\/blog\/wp-content\/uploads\/2023\/03\/ou-trouver-vase-cadeau-deco-9-768x1152.jpeg 768w, https:\/\/www.cocondedecoration.com\/blog\/wp-content\/uploads\/2023\/03\/ou-trouver-vase-cadeau-deco-9-367x550.jpeg 367w, https:\/\/www.cocondedecoration.com\/blog\/wp-content\/uploads\/2023\/03\/ou-trouver-vase-cadeau-deco-9-333x500.jpeg 333w, https:\/\/www.cocondedecoration.com\/blog\/wp-content\/uploads\/2023\/03\/ou-trouver-vase-cadeau-deco-9.jpeg 1000w\" sizes=\"(max-width: 640px) 100vw, 640px\" \/><figcaption class=\"wp-element-caption\">everydaywholesome.com\n<\/figcaption><\/figure>\n<\/div>\n<\/div>\n\n\n\n<div class=\"wp-block-columns is-layout-flex wp-container-core-columns-layout-17 wp-block-columns-is-layout-flex\">\n<div class=\"wp-block-column is-layout-flow wp-block-column-is-layout-flow\">\n<figure class=\"wp-block-image size-large\"><a href=\"https:\/\/www.cocondedecoration.com\/blog\/wp-content\/uploads\/2025\/04\/deco-joli-vase-a-offrir-mdm.010.jpeg\"><img loading=\"lazy\" decoding=\"async\" width=\"640\" height=\"640\" src=\"https:\/\/www.cocondedecoration.com\/blog\/wp-content\/uploads\/2025\/04\/deco-joli-vase-a-offrir-mdm.010-640x640.jpeg\" alt=\"Vase d\u00e9coratif en c\u00e9ramique vert et blanc H20\" class=\"wp-image-82735\" title=\"Vase d\u00e9coratif en c\u00e9ramique vert et blanc H20\" srcset=\"https:\/\/www.cocondedecoration.com\/blog\/wp-content\/uploads\/2025\/04\/deco-joli-vase-a-offrir-mdm.010-640x640.jpeg 640w, https:\/\/www.cocondedecoration.com\/blog\/wp-content\/uploads\/2025\/04\/deco-joli-vase-a-offrir-mdm.010-260x260.jpeg 260w, https:\/\/www.cocondedecoration.com\/blog\/wp-content\/uploads\/2025\/04\/deco-joli-vase-a-offrir-mdm.010-165x165.jpeg 165w, https:\/\/www.cocondedecoration.com\/blog\/wp-content\/uploads\/2025\/04\/deco-joli-vase-a-offrir-mdm.010-465x465.jpeg 465w, https:\/\/www.cocondedecoration.com\/blog\/wp-content\/uploads\/2025\/04\/deco-joli-vase-a-offrir-mdm.010-500x500.jpeg 500w, https:\/\/www.cocondedecoration.com\/blog\/wp-content\/uploads\/2025\/04\/deco-joli-vase-a-offrir-mdm.010.jpeg 650w\" sizes=\"(max-width: 640px) 100vw, 640px\" \/><\/a><figcaption class=\"wp-element-caption\">Vase d\u00e9coratif en c\u00e9ramique vert et blanc - Sia Deco chez Maisons du Monde<\/figcaption><\/figure>\n\n\n\n<div class=\"wp-block-buttons is-content-justification-center is-layout-flex wp-container-core-buttons-layout-37 wp-block-buttons-is-layout-flex\">\n<div class=\"wp-block-button\"><a class=\"wp-block-button__link wp-element-button\" href=\"https:\/\/fnty.co\/c\/r-BcrGJQen\" target=\"_blank\" rel=\"noreferrer noopener\">Acheter<\/a><\/div>\n<\/div>\n<\/div>\n\n\n\n<div class=\"wp-block-column is-layout-flow wp-block-column-is-layout-flow\">\n<figure class=\"wp-block-image size-large\"><a href=\"https:\/\/www.cocondedecoration.com\/blog\/wp-content\/uploads\/2025\/04\/deco-joli-vase-a-offrir-mdm.011.jpeg\"><img loading=\"lazy\" decoding=\"async\" width=\"640\" height=\"640\" src=\"https:\/\/www.cocondedecoration.com\/blog\/wp-content\/uploads\/2025\/04\/deco-joli-vase-a-offrir-mdm.011-640x640.jpeg\" alt=\"Vase en gr\u00e8s peint multicolore H29\" class=\"wp-image-82734\" title=\"Vase en gr\u00e8s peint multicolore H29\" srcset=\"https:\/\/www.cocondedecoration.com\/blog\/wp-content\/uploads\/2025\/04\/deco-joli-vase-a-offrir-mdm.011-640x640.jpeg 640w, https:\/\/www.cocondedecoration.com\/blog\/wp-content\/uploads\/2025\/04\/deco-joli-vase-a-offrir-mdm.011-260x260.jpeg 260w, https:\/\/www.cocondedecoration.com\/blog\/wp-content\/uploads\/2025\/04\/deco-joli-vase-a-offrir-mdm.011-165x165.jpeg 165w, https:\/\/www.cocondedecoration.com\/blog\/wp-content\/uploads\/2025\/04\/deco-joli-vase-a-offrir-mdm.011-465x465.jpeg 465w, https:\/\/www.cocondedecoration.com\/blog\/wp-content\/uploads\/2025\/04\/deco-joli-vase-a-offrir-mdm.011-500x500.jpeg 500w, https:\/\/www.cocondedecoration.com\/blog\/wp-content\/uploads\/2025\/04\/deco-joli-vase-a-offrir-mdm.011.jpeg 650w\" sizes=\"(max-width: 640px) 100vw, 640px\" \/><\/a><figcaption class=\"wp-element-caption\">Vase en gr\u00e8s peint multicolore H29 - Maisons du Monde<\/figcaption><\/figure>\n\n\n\n<div class=\"wp-block-buttons is-content-justification-center is-layout-flex wp-container-core-buttons-layout-38 wp-block-buttons-is-layout-flex\">\n<div class=\"wp-block-button\"><a class=\"wp-block-button__link wp-element-button\" href=\"https:\/\/fnty.co\/c\/r-izBtmYsk\" target=\"_blank\" rel=\"noreferrer noopener\">Acheter<\/a><\/div>\n<\/div>\n<\/div>\n\n\n\n<div class=\"wp-block-column is-layout-flow wp-block-column-is-layout-flow\">\n<figure class=\"wp-block-image size-large\"><a href=\"https:\/\/www.cocondedecoration.com\/blog\/wp-content\/uploads\/2025\/04\/deco-joli-vase-a-offrir-mdm.012.jpeg\"><img loading=\"lazy\" decoding=\"async\" width=\"640\" height=\"640\" src=\"https:\/\/www.cocondedecoration.com\/blog\/wp-content\/uploads\/2025\/04\/deco-joli-vase-a-offrir-mdm.012-640x640.jpeg\" alt=\"Cruche haute ciment noir H59cm\" class=\"wp-image-82733\" title=\"Cruche haute ciment noir H59cm\" srcset=\"https:\/\/www.cocondedecoration.com\/blog\/wp-content\/uploads\/2025\/04\/deco-joli-vase-a-offrir-mdm.012-640x640.jpeg 640w, https:\/\/www.cocondedecoration.com\/blog\/wp-content\/uploads\/2025\/04\/deco-joli-vase-a-offrir-mdm.012-260x260.jpeg 260w, https:\/\/www.cocondedecoration.com\/blog\/wp-content\/uploads\/2025\/04\/deco-joli-vase-a-offrir-mdm.012-165x165.jpeg 165w, https:\/\/www.cocondedecoration.com\/blog\/wp-content\/uploads\/2025\/04\/deco-joli-vase-a-offrir-mdm.012-465x465.jpeg 465w, https:\/\/www.cocondedecoration.com\/blog\/wp-content\/uploads\/2025\/04\/deco-joli-vase-a-offrir-mdm.012-500x500.jpeg 500w, https:\/\/www.cocondedecoration.com\/blog\/wp-content\/uploads\/2025\/04\/deco-joli-vase-a-offrir-mdm.012.jpeg 650w\" sizes=\"(max-width: 640px) 100vw, 640px\" \/><\/a><figcaption class=\"wp-element-caption\">Cruche haute ciment noir H59cm - Jline chez Maisons du Monde<\/figcaption><\/figure>\n\n\n\n<div class=\"wp-block-buttons is-content-justification-center is-layout-flex wp-container-core-buttons-layout-39 wp-block-buttons-is-layout-flex\">\n<div class=\"wp-block-button\"><a class=\"wp-block-button__link wp-element-button\" href=\"https:\/\/fnty.co\/c\/r-gJHKZvCp\" target=\"_blank\" rel=\"noreferrer noopener\">Acheter<\/a><\/div>\n<\/div>\n<\/div>\n<\/div>\n\n\n\n<div class=\"wp-block-columns is-layout-flex wp-container-core-columns-layout-18 wp-block-columns-is-layout-flex\">\n<div class=\"wp-block-column is-layout-flow wp-block-column-is-layout-flow\">\n<figure class=\"wp-block-image size-large\"><a href=\"https:\/\/www.cocondedecoration.com\/blog\/wp-content\/uploads\/2025\/04\/accessoire-deco-design-vase.010.jpeg\"><img loading=\"lazy\" decoding=\"async\" width=\"640\" height=\"640\" src=\"https:\/\/www.cocondedecoration.com\/blog\/wp-content\/uploads\/2025\/04\/accessoire-deco-design-vase.010-640x640.jpeg\" alt=\"Vase en porcelaine bleu\" class=\"wp-image-82750\" title=\"Vase en porcelaine bleu\" srcset=\"https:\/\/www.cocondedecoration.com\/blog\/wp-content\/uploads\/2025\/04\/accessoire-deco-design-vase.010-640x640.jpeg 640w, https:\/\/www.cocondedecoration.com\/blog\/wp-content\/uploads\/2025\/04\/accessoire-deco-design-vase.010-260x260.jpeg 260w, https:\/\/www.cocondedecoration.com\/blog\/wp-content\/uploads\/2025\/04\/accessoire-deco-design-vase.010-165x165.jpeg 165w, https:\/\/www.cocondedecoration.com\/blog\/wp-content\/uploads\/2025\/04\/accessoire-deco-design-vase.010-465x465.jpeg 465w, https:\/\/www.cocondedecoration.com\/blog\/wp-content\/uploads\/2025\/04\/accessoire-deco-design-vase.010-500x500.jpeg 500w, https:\/\/www.cocondedecoration.com\/blog\/wp-content\/uploads\/2025\/04\/accessoire-deco-design-vase.010.jpeg 650w\" sizes=\"(max-width: 640px) 100vw, 640px\" \/><\/a><figcaption class=\"wp-element-caption\">Vase en porcelaine bleu - Muuto chez The Cool Republic<\/figcaption><\/figure>\n\n\n\n<div class=\"wp-block-buttons is-content-justification-center is-layout-flex wp-container-core-buttons-layout-40 wp-block-buttons-is-layout-flex\">\n<div class=\"wp-block-button\"><a class=\"wp-block-button__link wp-element-button\" href=\"https:\/\/fnty.co\/c\/r-Zvbuxobg\" target=\"_blank\" rel=\"noreferrer noopener\">Acheter<\/a><\/div>\n<\/div>\n<\/div>\n\n\n\n<div class=\"wp-block-column is-layout-flow wp-block-column-is-layout-flow\">\n<figure class=\"wp-block-image size-large\"><a href=\"https:\/\/www.cocondedecoration.com\/blog\/wp-content\/uploads\/2025\/04\/accessoire-deco-design-vase.011.jpeg\"><img loading=\"lazy\" decoding=\"async\" width=\"640\" height=\"640\" src=\"https:\/\/www.cocondedecoration.com\/blog\/wp-content\/uploads\/2025\/04\/accessoire-deco-design-vase.011-640x640.jpeg\" alt=\"Vase en verre souffl\u00e9 vert olive 22x25 cm\" class=\"wp-image-82749\" title=\"Vase en verre souffl\u00e9 vert olive 22x25 cm\" srcset=\"https:\/\/www.cocondedecoration.com\/blog\/wp-content\/uploads\/2025\/04\/accessoire-deco-design-vase.011-640x640.jpeg 640w, https:\/\/www.cocondedecoration.com\/blog\/wp-content\/uploads\/2025\/04\/accessoire-deco-design-vase.011-260x260.jpeg 260w, https:\/\/www.cocondedecoration.com\/blog\/wp-content\/uploads\/2025\/04\/accessoire-deco-design-vase.011-165x165.jpeg 165w, https:\/\/www.cocondedecoration.com\/blog\/wp-content\/uploads\/2025\/04\/accessoire-deco-design-vase.011-465x465.jpeg 465w, https:\/\/www.cocondedecoration.com\/blog\/wp-content\/uploads\/2025\/04\/accessoire-deco-design-vase.011-500x500.jpeg 500w, https:\/\/www.cocondedecoration.com\/blog\/wp-content\/uploads\/2025\/04\/accessoire-deco-design-vase.011.jpeg 650w\" sizes=\"(max-width: 640px) 100vw, 640px\" \/><\/a><figcaption class=\"wp-element-caption\">Vase en verre souffl\u00e9 vert olive - Margaux Keller Collections chez The Cool Republic <\/figcaption><\/figure>\n\n\n\n<div class=\"wp-block-buttons is-content-justification-center is-layout-flex wp-container-core-buttons-layout-41 wp-block-buttons-is-layout-flex\">\n<div class=\"wp-block-button\"><a class=\"wp-block-button__link wp-element-button\" href=\"https:\/\/fnty.co\/c\/r-fKwbMNBz\" target=\"_blank\" rel=\"noreferrer noopener\">Acheter<\/a><\/div>\n<\/div>\n<\/div>\n\n\n\n<div class=\"wp-block-column is-layout-flow wp-block-column-is-layout-flow\">\n<figure class=\"wp-block-image size-large\"><a href=\"https:\/\/www.cocondedecoration.com\/blog\/wp-content\/uploads\/2025\/04\/accessoire-deco-design-vase.012.jpeg\"><img loading=\"lazy\" decoding=\"async\" width=\"640\" height=\"640\" src=\"https:\/\/www.cocondedecoration.com\/blog\/wp-content\/uploads\/2025\/04\/accessoire-deco-design-vase.012-640x640.jpeg\" alt=\"Vase medium tribal blanc\" class=\"wp-image-82748\" title=\"Vase medium tribal blanc\" srcset=\"https:\/\/www.cocondedecoration.com\/blog\/wp-content\/uploads\/2025\/04\/accessoire-deco-design-vase.012-640x640.jpeg 640w, https:\/\/www.cocondedecoration.com\/blog\/wp-content\/uploads\/2025\/04\/accessoire-deco-design-vase.012-260x260.jpeg 260w, https:\/\/www.cocondedecoration.com\/blog\/wp-content\/uploads\/2025\/04\/accessoire-deco-design-vase.012-165x165.jpeg 165w, https:\/\/www.cocondedecoration.com\/blog\/wp-content\/uploads\/2025\/04\/accessoire-deco-design-vase.012-465x465.jpeg 465w, https:\/\/www.cocondedecoration.com\/blog\/wp-content\/uploads\/2025\/04\/accessoire-deco-design-vase.012-500x500.jpeg 500w, https:\/\/www.cocondedecoration.com\/blog\/wp-content\/uploads\/2025\/04\/accessoire-deco-design-vase.012.jpeg 650w\" sizes=\"(max-width: 640px) 100vw, 640px\" \/><\/a><figcaption class=\"wp-element-caption\">Vase medium tribal blanc - 101 COPENHAGEN chez The Cool Republic <\/figcaption><\/figure>\n\n\n\n<div class=\"wp-block-buttons is-content-justification-center is-layout-flex wp-container-core-buttons-layout-42 wp-block-buttons-is-layout-flex\">\n<div class=\"wp-block-button\"><a class=\"wp-block-button__link wp-element-button\" href=\"https:\/\/fnty.co\/c\/r-MoifqWYn\" target=\"_blank\" rel=\"noreferrer noopener\">Acheter<\/a><\/div>\n<\/div>\n<\/div>\n<\/div>\n\n\n\n<div class=\"wp-block-columns is-layout-flex wp-container-core-columns-layout-19 wp-block-columns-is-layout-flex\">\n<div class=\"wp-block-column is-layout-flow wp-block-column-is-layout-flow\">\n<figure class=\"wp-block-image size-large\"><a href=\"https:\/\/www.cocondedecoration.com\/blog\/wp-content\/uploads\/2025\/04\/beaux-vases-modernes.010.jpeg\"><img loading=\"lazy\" decoding=\"async\" width=\"640\" height=\"640\" src=\"https:\/\/www.cocondedecoration.com\/blog\/wp-content\/uploads\/2025\/04\/beaux-vases-modernes.010-640x640.jpeg\" alt=\"Vase Ikebana Long m\u00e9tal verre or \/By Jaime Hayon - H 10 cm - Fritz Hansen\" class=\"wp-image-82765\" title=\"Vase Ikebana Long m\u00e9tal verre or \/By Jaime Hayon - H 10 cm - Fritz Hansen\" srcset=\"https:\/\/www.cocondedecoration.com\/blog\/wp-content\/uploads\/2025\/04\/beaux-vases-modernes.010-640x640.jpeg 640w, https:\/\/www.cocondedecoration.com\/blog\/wp-content\/uploads\/2025\/04\/beaux-vases-modernes.010-260x260.jpeg 260w, https:\/\/www.cocondedecoration.com\/blog\/wp-content\/uploads\/2025\/04\/beaux-vases-modernes.010-165x165.jpeg 165w, https:\/\/www.cocondedecoration.com\/blog\/wp-content\/uploads\/2025\/04\/beaux-vases-modernes.010-465x465.jpeg 465w, https:\/\/www.cocondedecoration.com\/blog\/wp-content\/uploads\/2025\/04\/beaux-vases-modernes.010-500x500.jpeg 500w, https:\/\/www.cocondedecoration.com\/blog\/wp-content\/uploads\/2025\/04\/beaux-vases-modernes.010.jpeg 650w\" sizes=\"(max-width: 640px) 100vw, 640px\" \/><\/a><figcaption class=\"wp-element-caption\">Vase Ikebana Long m\u00e9tal verre or - Fritz Hansen via Made in Design <\/figcaption><\/figure>\n\n\n\n<div class=\"wp-block-buttons is-content-justification-center is-layout-flex wp-container-core-buttons-layout-43 wp-block-buttons-is-layout-flex\">\n<div class=\"wp-block-button\"><a class=\"wp-block-button__link wp-element-button\" href=\"https:\/\/glp8.net\/c\/?si=19884&amp;li=1847438&amp;wi=389952&amp;ws=MAJ%202025%20vase&amp;dl=prod-vase-ikebana-long-metal-verre-or-by-jaime-hayon-h-10-cm-fritz-hansen-ref840142-fh.html\" target=\"_blank\" rel=\"noreferrer noopener\">Acheter<\/a><\/div>\n<\/div>\n<\/div>\n\n\n\n<div class=\"wp-block-column is-layout-flow wp-block-column-is-layout-flow\">\n<figure class=\"wp-block-image size-large\"><a href=\"https:\/\/www.cocondedecoration.com\/blog\/wp-content\/uploads\/2025\/04\/beaux-vases-modernes.011.jpeg\"><img loading=\"lazy\" decoding=\"async\" width=\"640\" height=\"640\" src=\"https:\/\/www.cocondedecoration.com\/blog\/wp-content\/uploads\/2025\/04\/beaux-vases-modernes.011-640x640.jpeg\" alt=\"\" class=\"wp-image-82764\" srcset=\"https:\/\/www.cocondedecoration.com\/blog\/wp-content\/uploads\/2025\/04\/beaux-vases-modernes.011-640x640.jpeg 640w, https:\/\/www.cocondedecoration.com\/blog\/wp-content\/uploads\/2025\/04\/beaux-vases-modernes.011-260x260.jpeg 260w, https:\/\/www.cocondedecoration.com\/blog\/wp-content\/uploads\/2025\/04\/beaux-vases-modernes.011-165x165.jpeg 165w, https:\/\/www.cocondedecoration.com\/blog\/wp-content\/uploads\/2025\/04\/beaux-vases-modernes.011-465x465.jpeg 465w, https:\/\/www.cocondedecoration.com\/blog\/wp-content\/uploads\/2025\/04\/beaux-vases-modernes.011-500x500.jpeg 500w, https:\/\/www.cocondedecoration.com\/blog\/wp-content\/uploads\/2025\/04\/beaux-vases-modernes.011.jpeg 650w\" sizes=\"(max-width: 640px) 100vw, 640px\" \/><\/a><figcaption class=\"wp-element-caption\">Vase Riviera Large c\u00e9ramique noir - Maison Sarah Lavoine via Made in Design <\/figcaption><\/figure>\n\n\n\n<div class=\"wp-block-buttons is-content-justification-center is-layout-flex wp-container-core-buttons-layout-44 wp-block-buttons-is-layout-flex\">\n<div class=\"wp-block-button\"><a class=\"wp-block-button__link wp-element-button\" href=\"https:\/\/glp8.net\/c\/?si=19884&amp;li=1847438&amp;wi=389952&amp;ws=MAJ%202025%20vase&amp;dl=prod-vase-riviera-large-ceramique-noir-h-36-cm-maison-sarah-lavoine-ref12bigvasriv-noir.html\" target=\"_blank\" rel=\"noreferrer noopener\">Acheter<\/a><\/div>\n<\/div>\n<\/div>\n\n\n\n<div class=\"wp-block-column is-layout-flow wp-block-column-is-layout-flow\">\n<figure class=\"wp-block-image size-large\"><a href=\"https:\/\/www.cocondedecoration.com\/blog\/wp-content\/uploads\/2025\/04\/beaux-vases-modernes.012.jpeg\"><img loading=\"lazy\" decoding=\"async\" width=\"640\" height=\"640\" src=\"https:\/\/www.cocondedecoration.com\/blog\/wp-content\/uploads\/2025\/04\/beaux-vases-modernes.012-640x640.jpeg\" alt=\"Vase Okra plastique bleu \/ H 34 cm - Recycl\u00e9 \/ Patricia Urquiola, 2023 - Kartell\" class=\"wp-image-82763\" title=\"Vase Okra plastique bleu \/ H 34 cm - Recycl\u00e9 \/ Patricia Urquiola, 2023 - Kartell\" srcset=\"https:\/\/www.cocondedecoration.com\/blog\/wp-content\/uploads\/2025\/04\/beaux-vases-modernes.012-640x640.jpeg 640w, https:\/\/www.cocondedecoration.com\/blog\/wp-content\/uploads\/2025\/04\/beaux-vases-modernes.012-260x260.jpeg 260w, https:\/\/www.cocondedecoration.com\/blog\/wp-content\/uploads\/2025\/04\/beaux-vases-modernes.012-165x165.jpeg 165w, https:\/\/www.cocondedecoration.com\/blog\/wp-content\/uploads\/2025\/04\/beaux-vases-modernes.012-465x465.jpeg 465w, https:\/\/www.cocondedecoration.com\/blog\/wp-content\/uploads\/2025\/04\/beaux-vases-modernes.012-500x500.jpeg 500w, https:\/\/www.cocondedecoration.com\/blog\/wp-content\/uploads\/2025\/04\/beaux-vases-modernes.012.jpeg 650w\" sizes=\"(max-width: 640px) 100vw, 640px\" \/><\/a><figcaption class=\"wp-element-caption\">Vase Okra plastique bleu recycl\u00e9 - Kartell via Made in Design<\/figcaption><\/figure>\n\n\n\n<div class=\"wp-block-buttons is-content-justification-center is-layout-flex wp-container-core-buttons-layout-45 wp-block-buttons-is-layout-flex\">\n<div class=\"wp-block-button\"><a class=\"wp-block-button__link wp-element-button\" href=\"https:\/\/glp8.net\/c\/?si=19884&amp;li=1847438&amp;wi=389952&amp;ws=MAJ%202025%20vase&amp;dl=prod-vase-okra-plastique-bleu-h-34-cm-recycle-patricia-urquiola-2023-kartell-refm115663501.html\" target=\"_blank\" rel=\"noreferrer noopener\">Acheter<\/a><\/div>\n<\/div>\n<\/div>\n<\/div>\n\n\n\n<div class=\"wp-block-columns is-layout-flex wp-container-core-columns-layout-20 wp-block-columns-is-layout-flex\">\n<div class=\"wp-block-column is-layout-flow wp-block-column-is-layout-flow\">\n<figure class=\"wp-block-image size-large\"><a href=\"https:\/\/www.cocondedecoration.com\/blog\/wp-content\/uploads\/2025\/04\/vase-deco-la-redoute.010.jpeg\"><img loading=\"lazy\" decoding=\"async\" width=\"640\" height=\"640\" src=\"https:\/\/www.cocondedecoration.com\/blog\/wp-content\/uploads\/2025\/04\/vase-deco-la-redoute.010-640x640.jpeg\" alt=\"Vase arrondi en verre H14,5 cm\" class=\"wp-image-82781\" title=\"Vase arrondi en verre H14,5 cm\" srcset=\"https:\/\/www.cocondedecoration.com\/blog\/wp-content\/uploads\/2025\/04\/vase-deco-la-redoute.010-640x640.jpeg 640w, https:\/\/www.cocondedecoration.com\/blog\/wp-content\/uploads\/2025\/04\/vase-deco-la-redoute.010-260x260.jpeg 260w, https:\/\/www.cocondedecoration.com\/blog\/wp-content\/uploads\/2025\/04\/vase-deco-la-redoute.010-165x165.jpeg 165w, https:\/\/www.cocondedecoration.com\/blog\/wp-content\/uploads\/2025\/04\/vase-deco-la-redoute.010-465x465.jpeg 465w, https:\/\/www.cocondedecoration.com\/blog\/wp-content\/uploads\/2025\/04\/vase-deco-la-redoute.010-500x500.jpeg 500w, https:\/\/www.cocondedecoration.com\/blog\/wp-content\/uploads\/2025\/04\/vase-deco-la-redoute.010.jpeg 650w\" sizes=\"(max-width: 640px) 100vw, 640px\" \/><\/a><figcaption class=\"wp-element-caption\">Vase arrondi en verre H14,5 cm - La Redoute Int\u00e9rieurs<\/figcaption><\/figure>\n\n\n\n<div class=\"wp-block-buttons is-content-justification-center is-layout-flex wp-container-core-buttons-layout-46 wp-block-buttons-is-layout-flex\">\n<div class=\"wp-block-button\"><a class=\"wp-block-button__link wp-element-button\" href=\"https:\/\/c3po.link\/QkFxFAPQm7\" target=\"_blank\" rel=\"noreferrer noopener\">Acheter<\/a><\/div>\n<\/div>\n<\/div>\n\n\n\n<div class=\"wp-block-column is-layout-flow wp-block-column-is-layout-flow\">\n<figure class=\"wp-block-image size-large\"><a href=\"https:\/\/www.cocondedecoration.com\/blog\/wp-content\/uploads\/2025\/04\/vase-deco-la-redoute.011.jpeg\"><img loading=\"lazy\" decoding=\"async\" width=\"640\" height=\"640\" src=\"https:\/\/www.cocondedecoration.com\/blog\/wp-content\/uploads\/2025\/04\/vase-deco-la-redoute.011-640x640.jpeg\" alt=\"Vase en c\u00e9ramique H23 cm\" class=\"wp-image-82780\" title=\"Vase en c\u00e9ramique H23 cm\" srcset=\"https:\/\/www.cocondedecoration.com\/blog\/wp-content\/uploads\/2025\/04\/vase-deco-la-redoute.011-640x640.jpeg 640w, https:\/\/www.cocondedecoration.com\/blog\/wp-content\/uploads\/2025\/04\/vase-deco-la-redoute.011-260x260.jpeg 260w, https:\/\/www.cocondedecoration.com\/blog\/wp-content\/uploads\/2025\/04\/vase-deco-la-redoute.011-165x165.jpeg 165w, https:\/\/www.cocondedecoration.com\/blog\/wp-content\/uploads\/2025\/04\/vase-deco-la-redoute.011-465x465.jpeg 465w, https:\/\/www.cocondedecoration.com\/blog\/wp-content\/uploads\/2025\/04\/vase-deco-la-redoute.011-500x500.jpeg 500w, https:\/\/www.cocondedecoration.com\/blog\/wp-content\/uploads\/2025\/04\/vase-deco-la-redoute.011.jpeg 650w\" sizes=\"(max-width: 640px) 100vw, 640px\" \/><\/a><figcaption class=\"wp-element-caption\">Vase en c\u00e9ramique H23 cm - La Redoute Int\u00e9rieurs<\/figcaption><\/figure>\n\n\n\n<div class=\"wp-block-buttons is-content-justification-center is-layout-flex wp-container-core-buttons-layout-47 wp-block-buttons-is-layout-flex\">\n<div class=\"wp-block-button\"><a class=\"wp-block-button__link wp-element-button\" href=\"https:\/\/c3po.link\/QwJsWN6wgw\" target=\"_blank\" rel=\"noreferrer noopener\">Acheter<\/a><\/div>\n<\/div>\n<\/div>\n\n\n\n<div class=\"wp-block-column is-layout-flow wp-block-column-is-layout-flow\">\n<figure class=\"wp-block-image size-large\"><a href=\"https:\/\/www.cocondedecoration.com\/blog\/wp-content\/uploads\/2025\/04\/vase-deco-la-redoute.012.jpeg\"><img loading=\"lazy\" decoding=\"async\" width=\"640\" height=\"640\" src=\"https:\/\/www.cocondedecoration.com\/blog\/wp-content\/uploads\/2025\/04\/vase-deco-la-redoute.012-640x640.jpeg\" alt=\"Vase terre cuite\" class=\"wp-image-82778\" title=\"Vase terre cuite\" srcset=\"https:\/\/www.cocondedecoration.com\/blog\/wp-content\/uploads\/2025\/04\/vase-deco-la-redoute.012-640x640.jpeg 640w, https:\/\/www.cocondedecoration.com\/blog\/wp-content\/uploads\/2025\/04\/vase-deco-la-redoute.012-260x260.jpeg 260w, https:\/\/www.cocondedecoration.com\/blog\/wp-content\/uploads\/2025\/04\/vase-deco-la-redoute.012-165x165.jpeg 165w, https:\/\/www.cocondedecoration.com\/blog\/wp-content\/uploads\/2025\/04\/vase-deco-la-redoute.012-465x465.jpeg 465w, https:\/\/www.cocondedecoration.com\/blog\/wp-content\/uploads\/2025\/04\/vase-deco-la-redoute.012-500x500.jpeg 500w, https:\/\/www.cocondedecoration.com\/blog\/wp-content\/uploads\/2025\/04\/vase-deco-la-redoute.012.jpeg 650w\" sizes=\"(max-width: 640px) 100vw, 640px\" \/><\/a><figcaption class=\"wp-element-caption\">Vase terre cuite - Madam Stoltz chez La Redoute<\/figcaption><\/figure>\n\n\n\n<div class=\"wp-block-buttons is-content-justification-center is-layout-flex wp-container-core-buttons-layout-48 wp-block-buttons-is-layout-flex\">\n<div class=\"wp-block-button\"><a class=\"wp-block-button__link wp-element-button\" href=\"https:\/\/c3po.link\/QJW6sNFU8F\" target=\"_blank\" rel=\"noreferrer noopener\">Acheter<\/a><\/div>\n<\/div>\n<\/div>\n<\/div>\n\n\n\n<div class=\"wp-block-columns has-2-columns is-layout-flex wp-container-core-columns-layout-21 wp-block-columns-is-layout-flex\">\n<div class=\"wp-block-column is-layout-flow wp-block-column-is-layout-flow\">\n<h2 class=\"wp-block-heading\">05 \u2022 Un vase en verre pour une d\u00e9co tendance <\/h2>\n\n\n\n<p>Et j'ai gard\u00e9 le meilleur pour la fin - le meilleur \u00e0 mes yeux: les vases en verre. Cette ann\u00e9e, le verre revient en force dans l'univers de la d\u00e9coration. Et les vases sont une mani\u00e8re parfaite pour int\u00e9grer ce mat\u00e9riau tendance dans son int\u00e9rieur. On trouve donc facilement des vases en verre fum\u00e9s - parfaits pour un int\u00e9rieur \u00e9l\u00e9gant. Des vases en verre structur\u00e9 pour apporter du relief dans sa d\u00e9co. Des vases color\u00e9s pour une ambiance pop et pleine de vie. <\/p>\n\n\n\n<p>Si vous aimez le verre, je vous conseille la lecture de deux articles: <br>- <a aria-label=\"Conseils d\u00e9co | Comment et pourquoi d\u00e9corer avec du verre? (s\u2019ouvre dans un nouvel onglet)\" href=\"https:\/\/www.cocondedecoration.com\/blog\/2022\/11\/decoration-interieure-materiau-verre\/\" target=\"_blank\" rel=\"noreferrer noopener\">Conseils d\u00e9co | Comment et pourquoi d\u00e9corer avec du verre?<\/a> <br>- <a aria-label=\"O\u00f9 trouver | Une lampe \u00e0 poser en verre? (s\u2019ouvre dans un nouvel onglet)\" href=\"https:\/\/www.cocondedecoration.com\/blog\/2023\/02\/ou-trouver-lampe-en-verre\/\" target=\"_blank\" rel=\"noreferrer noopener\">O\u00f9 trouver | Une lampe \u00e0 poser en verre?<\/a> <\/p>\n\n\n\n<figure class=\"wp-block-gallery has-nested-images columns-default is-cropped wp-block-gallery-5 is-layout-flex wp-block-gallery-is-layout-flex\">\n<figure class=\"wp-block-image\"><img loading=\"lazy\" decoding=\"async\" width=\"640\" height=\"960\" src=\"https:\/\/www.cocondedecoration.com\/blog\/wp-content\/uploads\/2023\/03\/ou-trouver-vase-cadeau-deco-13-640x960.jpeg\" alt=\"ou trouver vase cadeau deco style flacon d'apothicaire vintage verre marron color\u00e9\" class=\"wp-image-58854\" srcset=\"https:\/\/www.cocondedecoration.com\/blog\/wp-content\/uploads\/2023\/03\/ou-trouver-vase-cadeau-deco-13-640x960.jpeg 640w, https:\/\/www.cocondedecoration.com\/blog\/wp-content\/uploads\/2023\/03\/ou-trouver-vase-cadeau-deco-13-260x390.jpeg 260w, https:\/\/www.cocondedecoration.com\/blog\/wp-content\/uploads\/2023\/03\/ou-trouver-vase-cadeau-deco-13-768x1152.jpeg 768w, https:\/\/www.cocondedecoration.com\/blog\/wp-content\/uploads\/2023\/03\/ou-trouver-vase-cadeau-deco-13-367x550.jpeg 367w, https:\/\/www.cocondedecoration.com\/blog\/wp-content\/uploads\/2023\/03\/ou-trouver-vase-cadeau-deco-13-333x500.jpeg 333w, https:\/\/www.cocondedecoration.com\/blog\/wp-content\/uploads\/2023\/03\/ou-trouver-vase-cadeau-deco-13.jpeg 1000w\" sizes=\"(max-width: 640px) 100vw, 640px\" \/><figcaption class=\"wp-element-caption\">pinterest.fr<\/figcaption><\/figure>\n\n\n\n<figure class=\"wp-block-image\"><img loading=\"lazy\" decoding=\"async\" width=\"640\" height=\"960\" src=\"https:\/\/www.cocondedecoration.com\/blog\/wp-content\/uploads\/2023\/03\/ou-trouver-vase-cadeau-deco-14-640x960.jpeg\" alt=\"ou trouver vase cadeau deco verre transparent tendance int\u00e9rieur 2023 d\u00e9cor pas cher\" class=\"wp-image-58855\" srcset=\"https:\/\/www.cocondedecoration.com\/blog\/wp-content\/uploads\/2023\/03\/ou-trouver-vase-cadeau-deco-14-640x960.jpeg 640w, https:\/\/www.cocondedecoration.com\/blog\/wp-content\/uploads\/2023\/03\/ou-trouver-vase-cadeau-deco-14-260x390.jpeg 260w, https:\/\/www.cocondedecoration.com\/blog\/wp-content\/uploads\/2023\/03\/ou-trouver-vase-cadeau-deco-14-768x1152.jpeg 768w, https:\/\/www.cocondedecoration.com\/blog\/wp-content\/uploads\/2023\/03\/ou-trouver-vase-cadeau-deco-14-367x550.jpeg 367w, https:\/\/www.cocondedecoration.com\/blog\/wp-content\/uploads\/2023\/03\/ou-trouver-vase-cadeau-deco-14-333x500.jpeg 333w, https:\/\/www.cocondedecoration.com\/blog\/wp-content\/uploads\/2023\/03\/ou-trouver-vase-cadeau-deco-14.jpeg 1000w\" sizes=\"(max-width: 640px) 100vw, 640px\" \/><figcaption class=\"wp-element-caption\">improvisedlife.com\n<\/figcaption><\/figure>\n<\/figure>\n<\/div>\n\n\n\n<div class=\"wp-block-column is-layout-flow wp-block-column-is-layout-flow\">\n<figure class=\"wp-block-image\"><img loading=\"lazy\" decoding=\"async\" width=\"640\" height=\"960\" src=\"https:\/\/www.cocondedecoration.com\/blog\/wp-content\/uploads\/2023\/03\/ou-trouver-vase-cadeau-deco-12-640x960.jpeg\" alt=\"ou trouver vase cadeau deco tendance verre transparent et color\u00e9 vintage \" class=\"wp-image-58853\" srcset=\"https:\/\/www.cocondedecoration.com\/blog\/wp-content\/uploads\/2023\/03\/ou-trouver-vase-cadeau-deco-12-640x960.jpeg 640w, https:\/\/www.cocondedecoration.com\/blog\/wp-content\/uploads\/2023\/03\/ou-trouver-vase-cadeau-deco-12-260x390.jpeg 260w, https:\/\/www.cocondedecoration.com\/blog\/wp-content\/uploads\/2023\/03\/ou-trouver-vase-cadeau-deco-12-768x1152.jpeg 768w, https:\/\/www.cocondedecoration.com\/blog\/wp-content\/uploads\/2023\/03\/ou-trouver-vase-cadeau-deco-12-367x550.jpeg 367w, https:\/\/www.cocondedecoration.com\/blog\/wp-content\/uploads\/2023\/03\/ou-trouver-vase-cadeau-deco-12-333x500.jpeg 333w, https:\/\/www.cocondedecoration.com\/blog\/wp-content\/uploads\/2023\/03\/ou-trouver-vase-cadeau-deco-12.jpeg 1000w\" sizes=\"(max-width: 640px) 100vw, 640px\" \/><figcaption class=\"wp-element-caption\">tablejoy.nl\n<\/figcaption><\/figure>\n<\/div>\n<\/div>\n\n\n\n<div class=\"wp-block-columns is-layout-flex wp-container-core-columns-layout-22 wp-block-columns-is-layout-flex\">\n<div class=\"wp-block-column is-layout-flow wp-block-column-is-layout-flow\">\n<figure class=\"wp-block-image size-large\"><a href=\"https:\/\/www.cocondedecoration.com\/blog\/wp-content\/uploads\/2025\/04\/deco-joli-vase-a-offrir-mdm.013.jpeg\"><img loading=\"lazy\" decoding=\"async\" width=\"640\" height=\"640\" src=\"https:\/\/www.cocondedecoration.com\/blog\/wp-content\/uploads\/2025\/04\/deco-joli-vase-a-offrir-mdm.013-640x640.jpeg\" alt=\"Vase verre vert H56cm\" class=\"wp-image-82732\" title=\"Vase verre vert H56cm\" srcset=\"https:\/\/www.cocondedecoration.com\/blog\/wp-content\/uploads\/2025\/04\/deco-joli-vase-a-offrir-mdm.013-640x640.jpeg 640w, https:\/\/www.cocondedecoration.com\/blog\/wp-content\/uploads\/2025\/04\/deco-joli-vase-a-offrir-mdm.013-260x260.jpeg 260w, https:\/\/www.cocondedecoration.com\/blog\/wp-content\/uploads\/2025\/04\/deco-joli-vase-a-offrir-mdm.013-165x165.jpeg 165w, https:\/\/www.cocondedecoration.com\/blog\/wp-content\/uploads\/2025\/04\/deco-joli-vase-a-offrir-mdm.013-465x465.jpeg 465w, https:\/\/www.cocondedecoration.com\/blog\/wp-content\/uploads\/2025\/04\/deco-joli-vase-a-offrir-mdm.013-500x500.jpeg 500w, https:\/\/www.cocondedecoration.com\/blog\/wp-content\/uploads\/2025\/04\/deco-joli-vase-a-offrir-mdm.013.jpeg 650w\" sizes=\"(max-width: 640px) 100vw, 640px\" \/><\/a><figcaption class=\"wp-element-caption\">Vase verre vert H56cm - J-line chez Maisons du Monde<\/figcaption><\/figure>\n\n\n\n<div class=\"wp-block-buttons is-content-justification-center is-layout-flex wp-container-core-buttons-layout-49 wp-block-buttons-is-layout-flex\">\n<div class=\"wp-block-button\"><a class=\"wp-block-button__link wp-element-button\" href=\"https:\/\/fnty.co\/c\/r-mJrdddkb\" target=\"_blank\" rel=\"noreferrer noopener\">Acheter<\/a><\/div>\n<\/div>\n<\/div>\n\n\n\n<div class=\"wp-block-column is-layout-flow wp-block-column-is-layout-flow\">\n<figure class=\"wp-block-image size-large\"><a href=\"https:\/\/www.cocondedecoration.com\/blog\/wp-content\/uploads\/2025\/04\/deco-joli-vase-a-offrir-mdm.014.jpeg\"><img loading=\"lazy\" decoding=\"async\" width=\"640\" height=\"640\" src=\"https:\/\/www.cocondedecoration.com\/blog\/wp-content\/uploads\/2025\/04\/deco-joli-vase-a-offrir-mdm.014-640x640.jpeg\" alt=\"Vase en verre teint\u00e9 vert H18\" class=\"wp-image-82731\" title=\"Vase en verre teint\u00e9 vert H18\" srcset=\"https:\/\/www.cocondedecoration.com\/blog\/wp-content\/uploads\/2025\/04\/deco-joli-vase-a-offrir-mdm.014-640x640.jpeg 640w, https:\/\/www.cocondedecoration.com\/blog\/wp-content\/uploads\/2025\/04\/deco-joli-vase-a-offrir-mdm.014-260x260.jpeg 260w, https:\/\/www.cocondedecoration.com\/blog\/wp-content\/uploads\/2025\/04\/deco-joli-vase-a-offrir-mdm.014-165x165.jpeg 165w, https:\/\/www.cocondedecoration.com\/blog\/wp-content\/uploads\/2025\/04\/deco-joli-vase-a-offrir-mdm.014-465x465.jpeg 465w, https:\/\/www.cocondedecoration.com\/blog\/wp-content\/uploads\/2025\/04\/deco-joli-vase-a-offrir-mdm.014-500x500.jpeg 500w, https:\/\/www.cocondedecoration.com\/blog\/wp-content\/uploads\/2025\/04\/deco-joli-vase-a-offrir-mdm.014.jpeg 650w\" sizes=\"(max-width: 640px) 100vw, 640px\" \/><\/a><figcaption class=\"wp-element-caption\">Vase en verre teint\u00e9 vert - Maisons du Monde<\/figcaption><\/figure>\n\n\n\n<div class=\"wp-block-buttons is-content-justification-center is-layout-flex wp-container-core-buttons-layout-50 wp-block-buttons-is-layout-flex\">\n<div class=\"wp-block-button\"><a class=\"wp-block-button__link wp-element-button\" href=\"https:\/\/fnty.co\/c\/r-qoMollnL\" target=\"_blank\" rel=\"noreferrer noopener\">Acheter<\/a><\/div>\n<\/div>\n<\/div>\n\n\n\n<div class=\"wp-block-column is-layout-flow wp-block-column-is-layout-flow\">\n<figure class=\"wp-block-image size-large\"><a href=\"https:\/\/www.cocondedecoration.com\/blog\/wp-content\/uploads\/2025\/04\/deco-joli-vase-a-offrir-mdm.015.jpeg\"><img loading=\"lazy\" decoding=\"async\" width=\"640\" height=\"640\" src=\"https:\/\/www.cocondedecoration.com\/blog\/wp-content\/uploads\/2025\/04\/deco-joli-vase-a-offrir-mdm.015-640x640.jpeg\" alt=\"Grand vase en rotin tress\u00e9 beige H61\" class=\"wp-image-82730\" title=\"Grand vase en rotin tress\u00e9 beige H61\" srcset=\"https:\/\/www.cocondedecoration.com\/blog\/wp-content\/uploads\/2025\/04\/deco-joli-vase-a-offrir-mdm.015-640x640.jpeg 640w, https:\/\/www.cocondedecoration.com\/blog\/wp-content\/uploads\/2025\/04\/deco-joli-vase-a-offrir-mdm.015-260x260.jpeg 260w, https:\/\/www.cocondedecoration.com\/blog\/wp-content\/uploads\/2025\/04\/deco-joli-vase-a-offrir-mdm.015-165x165.jpeg 165w, https:\/\/www.cocondedecoration.com\/blog\/wp-content\/uploads\/2025\/04\/deco-joli-vase-a-offrir-mdm.015-465x465.jpeg 465w, https:\/\/www.cocondedecoration.com\/blog\/wp-content\/uploads\/2025\/04\/deco-joli-vase-a-offrir-mdm.015-500x500.jpeg 500w, https:\/\/www.cocondedecoration.com\/blog\/wp-content\/uploads\/2025\/04\/deco-joli-vase-a-offrir-mdm.015.jpeg 650w\" sizes=\"(max-width: 640px) 100vw, 640px\" \/><\/a><figcaption class=\"wp-element-caption\">Grand vase en rotin tress\u00e9 beige H61 - Maisons du Monde<\/figcaption><\/figure>\n\n\n\n<div class=\"wp-block-buttons is-content-justification-center is-layout-flex wp-container-core-buttons-layout-51 wp-block-buttons-is-layout-flex\">\n<div class=\"wp-block-button\"><a class=\"wp-block-button__link wp-element-button\" href=\"https:\/\/fnty.co\/c\/r-GwnBZYEK\" target=\"_blank\" rel=\"noreferrer noopener\">Acheter<\/a><\/div>\n<\/div>\n<\/div>\n<\/div>\n\n\n\n<div class=\"wp-block-columns is-layout-flex wp-container-core-columns-layout-23 wp-block-columns-is-layout-flex\">\n<div class=\"wp-block-column is-layout-flow wp-block-column-is-layout-flow\">\n<figure class=\"wp-block-image size-large\"><a href=\"https:\/\/www.cocondedecoration.com\/blog\/wp-content\/uploads\/2025\/04\/accessoire-deco-design-vase.013.jpeg\"><img loading=\"lazy\" decoding=\"async\" width=\"640\" height=\"640\" src=\"https:\/\/www.cocondedecoration.com\/blog\/wp-content\/uploads\/2025\/04\/accessoire-deco-design-vase.013-640x640.jpeg\" alt=\"Vase organique en gr\u00e8s blanc\" class=\"wp-image-82747\" title=\"Vase organique en gr\u00e8s blanc\" srcset=\"https:\/\/www.cocondedecoration.com\/blog\/wp-content\/uploads\/2025\/04\/accessoire-deco-design-vase.013-640x640.jpeg 640w, https:\/\/www.cocondedecoration.com\/blog\/wp-content\/uploads\/2025\/04\/accessoire-deco-design-vase.013-260x260.jpeg 260w, https:\/\/www.cocondedecoration.com\/blog\/wp-content\/uploads\/2025\/04\/accessoire-deco-design-vase.013-165x165.jpeg 165w, https:\/\/www.cocondedecoration.com\/blog\/wp-content\/uploads\/2025\/04\/accessoire-deco-design-vase.013-465x465.jpeg 465w, https:\/\/www.cocondedecoration.com\/blog\/wp-content\/uploads\/2025\/04\/accessoire-deco-design-vase.013-500x500.jpeg 500w, https:\/\/www.cocondedecoration.com\/blog\/wp-content\/uploads\/2025\/04\/accessoire-deco-design-vase.013.jpeg 650w\" sizes=\"(max-width: 640px) 100vw, 640px\" \/><\/a><figcaption class=\"wp-element-caption\">Vase organique en gr\u00e8s blanc - Ferm Living chez The Cool Republic<\/figcaption><\/figure>\n\n\n\n<div class=\"wp-block-buttons is-content-justification-center is-layout-flex wp-container-core-buttons-layout-52 wp-block-buttons-is-layout-flex\">\n<div class=\"wp-block-button\"><a class=\"wp-block-button__link wp-element-button\" href=\"https:\/\/fnty.co\/c\/r-CWeJMabo\" target=\"_blank\" rel=\"noreferrer noopener\">Acheter<\/a><\/div>\n<\/div>\n<\/div>\n\n\n\n<div class=\"wp-block-column is-layout-flow wp-block-column-is-layout-flow\">\n<figure class=\"wp-block-image size-large\"><a href=\"https:\/\/www.cocondedecoration.com\/blog\/wp-content\/uploads\/2025\/04\/accessoire-deco-design-vase.014.jpeg\"><img loading=\"lazy\" decoding=\"async\" width=\"640\" height=\"640\" src=\"https:\/\/www.cocondedecoration.com\/blog\/wp-content\/uploads\/2025\/04\/accessoire-deco-design-vase.014-640x640.jpeg\" alt=\"Vase blanc 35 cm\" class=\"wp-image-82746\" title=\"Vase blanc 35 cm\" srcset=\"https:\/\/www.cocondedecoration.com\/blog\/wp-content\/uploads\/2025\/04\/accessoire-deco-design-vase.014-640x640.jpeg 640w, https:\/\/www.cocondedecoration.com\/blog\/wp-content\/uploads\/2025\/04\/accessoire-deco-design-vase.014-260x260.jpeg 260w, https:\/\/www.cocondedecoration.com\/blog\/wp-content\/uploads\/2025\/04\/accessoire-deco-design-vase.014-165x165.jpeg 165w, https:\/\/www.cocondedecoration.com\/blog\/wp-content\/uploads\/2025\/04\/accessoire-deco-design-vase.014-465x465.jpeg 465w, https:\/\/www.cocondedecoration.com\/blog\/wp-content\/uploads\/2025\/04\/accessoire-deco-design-vase.014-500x500.jpeg 500w, https:\/\/www.cocondedecoration.com\/blog\/wp-content\/uploads\/2025\/04\/accessoire-deco-design-vase.014.jpeg 650w\" sizes=\"(max-width: 640px) 100vw, 640px\" \/><\/a><figcaption class=\"wp-element-caption\">Vase blanc 35 cm - Muuto chez The Cool Republic<\/figcaption><\/figure>\n\n\n\n<div class=\"wp-block-buttons is-content-justification-center is-layout-flex wp-container-core-buttons-layout-53 wp-block-buttons-is-layout-flex\">\n<div class=\"wp-block-button\"><a class=\"wp-block-button__link wp-element-button\" href=\"https:\/\/fnty.co\/c\/r-SmchlMnb\" target=\"_blank\" rel=\"noreferrer noopener\">Acheter<\/a><\/div>\n<\/div>\n<\/div>\n\n\n\n<div class=\"wp-block-column is-layout-flow wp-block-column-is-layout-flow\">\n<figure class=\"wp-block-image size-large\"><a href=\"https:\/\/www.cocondedecoration.com\/blog\/wp-content\/uploads\/2025\/04\/accessoire-deco-design-vase.015.jpeg\"><img loading=\"lazy\" decoding=\"async\" width=\"640\" height=\"640\" src=\"https:\/\/www.cocondedecoration.com\/blog\/wp-content\/uploads\/2025\/04\/accessoire-deco-design-vase.015-640x640.jpeg\" alt=\"Petit vase en verre transparent\" class=\"wp-image-82745\" title=\"Petit vase en verre transparent\" srcset=\"https:\/\/www.cocondedecoration.com\/blog\/wp-content\/uploads\/2025\/04\/accessoire-deco-design-vase.015-640x640.jpeg 640w, https:\/\/www.cocondedecoration.com\/blog\/wp-content\/uploads\/2025\/04\/accessoire-deco-design-vase.015-260x260.jpeg 260w, https:\/\/www.cocondedecoration.com\/blog\/wp-content\/uploads\/2025\/04\/accessoire-deco-design-vase.015-165x165.jpeg 165w, https:\/\/www.cocondedecoration.com\/blog\/wp-content\/uploads\/2025\/04\/accessoire-deco-design-vase.015-465x465.jpeg 465w, https:\/\/www.cocondedecoration.com\/blog\/wp-content\/uploads\/2025\/04\/accessoire-deco-design-vase.015-500x500.jpeg 500w, https:\/\/www.cocondedecoration.com\/blog\/wp-content\/uploads\/2025\/04\/accessoire-deco-design-vase.015.jpeg 650w\" sizes=\"(max-width: 640px) 100vw, 640px\" \/><\/a><figcaption class=\"wp-element-caption\">Petit vase en verre transparent - Ts\u00e9 &amp; Ts\u00e9 chez The Cool Republic<\/figcaption><\/figure>\n\n\n\n<div class=\"wp-block-buttons is-content-justification-center is-layout-flex wp-container-core-buttons-layout-54 wp-block-buttons-is-layout-flex\">\n<div class=\"wp-block-button\"><a class=\"wp-block-button__link wp-element-button\" href=\"https:\/\/fnty.co\/c\/r-axurucMx\" target=\"_blank\" rel=\"noreferrer noopener\">Acheter<\/a><\/div>\n<\/div>\n<\/div>\n<\/div>\n\n\n\n<div class=\"wp-block-columns is-layout-flex wp-container-core-columns-layout-24 wp-block-columns-is-layout-flex\">\n<div class=\"wp-block-column is-layout-flow wp-block-column-is-layout-flow\">\n<figure class=\"wp-block-image size-large\"><a href=\"https:\/\/www.cocondedecoration.com\/blog\/wp-content\/uploads\/2025\/04\/beaux-vases-modernes.013.jpeg\"><img loading=\"lazy\" decoding=\"async\" width=\"640\" height=\"640\" src=\"https:\/\/www.cocondedecoration.com\/blog\/wp-content\/uploads\/2025\/04\/beaux-vases-modernes.013-640x640.jpeg\" alt=\"Vase Mella verre rose \/ \u00d8 17,5 x H 30 cm - BROSTE COPENHAGEN\" class=\"wp-image-82762\" title=\"Vase Mella verre rose \/ \u00d8 17,5 x H 30 cm - BROSTE COPENHAGEN\" srcset=\"https:\/\/www.cocondedecoration.com\/blog\/wp-content\/uploads\/2025\/04\/beaux-vases-modernes.013-640x640.jpeg 640w, https:\/\/www.cocondedecoration.com\/blog\/wp-content\/uploads\/2025\/04\/beaux-vases-modernes.013-260x260.jpeg 260w, https:\/\/www.cocondedecoration.com\/blog\/wp-content\/uploads\/2025\/04\/beaux-vases-modernes.013-165x165.jpeg 165w, https:\/\/www.cocondedecoration.com\/blog\/wp-content\/uploads\/2025\/04\/beaux-vases-modernes.013-465x465.jpeg 465w, https:\/\/www.cocondedecoration.com\/blog\/wp-content\/uploads\/2025\/04\/beaux-vases-modernes.013-500x500.jpeg 500w, https:\/\/www.cocondedecoration.com\/blog\/wp-content\/uploads\/2025\/04\/beaux-vases-modernes.013.jpeg 650w\" sizes=\"(max-width: 640px) 100vw, 640px\" \/><\/a><figcaption class=\"wp-element-caption\">Vase Mella verre rose - BROSTE COPENHAGEN via Made in Design <\/figcaption><\/figure>\n\n\n\n<div class=\"wp-block-buttons is-content-justification-center is-layout-flex wp-container-core-buttons-layout-55 wp-block-buttons-is-layout-flex\">\n<div class=\"wp-block-button\"><a class=\"wp-block-button__link wp-element-button\" href=\"https:\/\/glp8.net\/c\/?si=19884&amp;li=1847438&amp;wi=389952&amp;ws=MAJ%202025%20vase&amp;dl=prod-vase-mella-verre-rose-o-17-5-x-h-30-cm-broste-copenhagen-refm115776001.html\" target=\"_blank\" rel=\"noreferrer noopener\">Acheter<\/a><\/div>\n<\/div>\n<\/div>\n\n\n\n<div class=\"wp-block-column is-layout-flow wp-block-column-is-layout-flow\">\n<figure class=\"wp-block-image size-large\"><a href=\"https:\/\/www.cocondedecoration.com\/blog\/wp-content\/uploads\/2025\/04\/beaux-vases-modernes.014.jpeg\"><img loading=\"lazy\" decoding=\"async\" width=\"640\" height=\"640\" src=\"https:\/\/www.cocondedecoration.com\/blog\/wp-content\/uploads\/2025\/04\/beaux-vases-modernes.014-640x640.jpeg\" alt=\"Vase Arcs Large m\u00e9tal rouge \/ \u00d8 17 x H 25 cm - Hay\" class=\"wp-image-82761\" title=\"Vase Arcs Large m\u00e9tal rouge \/ \u00d8 17 x H 25 cm - Hay\" srcset=\"https:\/\/www.cocondedecoration.com\/blog\/wp-content\/uploads\/2025\/04\/beaux-vases-modernes.014-640x640.jpeg 640w, https:\/\/www.cocondedecoration.com\/blog\/wp-content\/uploads\/2025\/04\/beaux-vases-modernes.014-260x260.jpeg 260w, https:\/\/www.cocondedecoration.com\/blog\/wp-content\/uploads\/2025\/04\/beaux-vases-modernes.014-165x165.jpeg 165w, https:\/\/www.cocondedecoration.com\/blog\/wp-content\/uploads\/2025\/04\/beaux-vases-modernes.014-465x465.jpeg 465w, https:\/\/www.cocondedecoration.com\/blog\/wp-content\/uploads\/2025\/04\/beaux-vases-modernes.014-500x500.jpeg 500w, https:\/\/www.cocondedecoration.com\/blog\/wp-content\/uploads\/2025\/04\/beaux-vases-modernes.014.jpeg 650w\" sizes=\"(max-width: 640px) 100vw, 640px\" \/><\/a><figcaption class=\"wp-element-caption\">Vase Arcs Large m\u00e9tal rouge - Hay chez Made in Design<\/figcaption><\/figure>\n\n\n\n<div class=\"wp-block-buttons is-content-justification-center is-layout-flex wp-container-core-buttons-layout-56 wp-block-buttons-is-layout-flex\">\n<div class=\"wp-block-button\"><a class=\"wp-block-button__link wp-element-button\" href=\"https:\/\/glp8.net\/c\/?si=19884&amp;li=1847438&amp;wi=389952&amp;ws=MAJ%202025%20vase&amp;dl=prod-vase-arcs-large-metal-rouge-o-17-x-h-25-cm-hay-ref541265.html\" target=\"_blank\" rel=\"noreferrer noopener\">Acheter<\/a><\/div>\n<\/div>\n<\/div>\n\n\n\n<div class=\"wp-block-column is-layout-flow wp-block-column-is-layout-flow\">\n<figure class=\"wp-block-image size-large\"><a href=\"https:\/\/www.cocondedecoration.com\/blog\/wp-content\/uploads\/2025\/04\/beaux-vases-modernes.015.jpeg\"><img loading=\"lazy\" decoding=\"async\" width=\"640\" height=\"640\" src=\"https:\/\/www.cocondedecoration.com\/blog\/wp-content\/uploads\/2025\/04\/beaux-vases-modernes.015-640x640.jpeg\" alt=\"Vase Muse XL verre vert \/ Cristal de Boh\u00eame - \u00d8 26 x H 30 cm - Fundamental Berlin\" class=\"wp-image-82760\" title=\"Vase Muse XL verre vert \/ Cristal de Boh\u00eame - \u00d8 26 x H 30 cm - Fundamental Berlin\" srcset=\"https:\/\/www.cocondedecoration.com\/blog\/wp-content\/uploads\/2025\/04\/beaux-vases-modernes.015-640x640.jpeg 640w, https:\/\/www.cocondedecoration.com\/blog\/wp-content\/uploads\/2025\/04\/beaux-vases-modernes.015-260x260.jpeg 260w, https:\/\/www.cocondedecoration.com\/blog\/wp-content\/uploads\/2025\/04\/beaux-vases-modernes.015-165x165.jpeg 165w, https:\/\/www.cocondedecoration.com\/blog\/wp-content\/uploads\/2025\/04\/beaux-vases-modernes.015-465x465.jpeg 465w, https:\/\/www.cocondedecoration.com\/blog\/wp-content\/uploads\/2025\/04\/beaux-vases-modernes.015-500x500.jpeg 500w, https:\/\/www.cocondedecoration.com\/blog\/wp-content\/uploads\/2025\/04\/beaux-vases-modernes.015.jpeg 650w\" sizes=\"(max-width: 640px) 100vw, 640px\" \/><\/a><figcaption class=\"wp-element-caption\">Vase Muse XL verre vert - Fundamental Berlin via Made in Design<\/figcaption><\/figure>\n\n\n\n<div class=\"wp-block-buttons is-content-justification-center is-layout-flex wp-container-core-buttons-layout-57 wp-block-buttons-is-layout-flex\">\n<div class=\"wp-block-button\"><a class=\"wp-block-button__link wp-element-button\" href=\"https:\/\/www.madeindesign.com\/prod-vase-muse-xl-verre-vert-cristal-de-boheme-o-26-x-h-30-cm-fundamental-berlin-refm115660201.html\" target=\"_blank\" rel=\"noreferrer noopener\">Acheter<\/a><\/div>\n<\/div>\n<\/div>\n<\/div>\n\n\n\n<div class=\"wp-block-columns is-layout-flex wp-container-core-columns-layout-25 wp-block-columns-is-layout-flex\">\n<div class=\"wp-block-column is-layout-flow wp-block-column-is-layout-flow\">\n<figure class=\"wp-block-image size-large\"><a href=\"https:\/\/www.cocondedecoration.com\/blog\/wp-content\/uploads\/2025\/04\/vase-deco-la-redoute.013.jpeg\"><img loading=\"lazy\" decoding=\"async\" width=\"640\" height=\"640\" src=\"https:\/\/www.cocondedecoration.com\/blog\/wp-content\/uploads\/2025\/04\/vase-deco-la-redoute.013-640x640.jpeg\" alt=\"Vase en verre ambr\u00e9 H20 cm\" class=\"wp-image-82777\" title=\"Vase en verre ambr\u00e9 H20 cm\" srcset=\"https:\/\/www.cocondedecoration.com\/blog\/wp-content\/uploads\/2025\/04\/vase-deco-la-redoute.013-640x640.jpeg 640w, https:\/\/www.cocondedecoration.com\/blog\/wp-content\/uploads\/2025\/04\/vase-deco-la-redoute.013-260x260.jpeg 260w, https:\/\/www.cocondedecoration.com\/blog\/wp-content\/uploads\/2025\/04\/vase-deco-la-redoute.013-165x165.jpeg 165w, https:\/\/www.cocondedecoration.com\/blog\/wp-content\/uploads\/2025\/04\/vase-deco-la-redoute.013-465x465.jpeg 465w, https:\/\/www.cocondedecoration.com\/blog\/wp-content\/uploads\/2025\/04\/vase-deco-la-redoute.013-500x500.jpeg 500w, https:\/\/www.cocondedecoration.com\/blog\/wp-content\/uploads\/2025\/04\/vase-deco-la-redoute.013.jpeg 650w\" sizes=\"(max-width: 640px) 100vw, 640px\" \/><\/a><figcaption class=\"wp-element-caption\">Vase en verre ambr\u00e9 H20 cm - La Redoute Int\u00e9rieurs<\/figcaption><\/figure>\n\n\n\n<div class=\"wp-block-buttons is-content-justification-center is-layout-flex wp-container-core-buttons-layout-58 wp-block-buttons-is-layout-flex\">\n<div class=\"wp-block-button\"><a class=\"wp-block-button__link wp-element-button\" href=\"https:\/\/c3po.link\/QJFenPTeCa\" target=\"_blank\" rel=\"noreferrer noopener\">Acheter<\/a><\/div>\n<\/div>\n<\/div>\n\n\n\n<div class=\"wp-block-column is-layout-flow wp-block-column-is-layout-flow\">\n<figure class=\"wp-block-image size-large\"><a href=\"https:\/\/www.cocondedecoration.com\/blog\/wp-content\/uploads\/2025\/04\/vase-deco-la-redoute.014.jpeg\"><img loading=\"lazy\" decoding=\"async\" width=\"640\" height=\"640\" src=\"https:\/\/www.cocondedecoration.com\/blog\/wp-content\/uploads\/2025\/04\/vase-deco-la-redoute.014-640x640.jpeg\" alt=\"Vase en verre stri\u00e9 H26 cm\" class=\"wp-image-82776\" title=\"Vase en verre stri\u00e9 H26 cm\" srcset=\"https:\/\/www.cocondedecoration.com\/blog\/wp-content\/uploads\/2025\/04\/vase-deco-la-redoute.014-640x640.jpeg 640w, https:\/\/www.cocondedecoration.com\/blog\/wp-content\/uploads\/2025\/04\/vase-deco-la-redoute.014-260x260.jpeg 260w, https:\/\/www.cocondedecoration.com\/blog\/wp-content\/uploads\/2025\/04\/vase-deco-la-redoute.014-165x165.jpeg 165w, https:\/\/www.cocondedecoration.com\/blog\/wp-content\/uploads\/2025\/04\/vase-deco-la-redoute.014-465x465.jpeg 465w, https:\/\/www.cocondedecoration.com\/blog\/wp-content\/uploads\/2025\/04\/vase-deco-la-redoute.014-500x500.jpeg 500w, https:\/\/www.cocondedecoration.com\/blog\/wp-content\/uploads\/2025\/04\/vase-deco-la-redoute.014.jpeg 650w\" sizes=\"(max-width: 640px) 100vw, 640px\" \/><\/a><figcaption class=\"wp-element-caption\">Vase en verre stri\u00e9 H26 cm - La Redoute Int\u00e9rieurs<\/figcaption><\/figure>\n\n\n\n<div class=\"wp-block-buttons is-content-justification-center is-layout-flex wp-container-core-buttons-layout-59 wp-block-buttons-is-layout-flex\">\n<div class=\"wp-block-button\"><a class=\"wp-block-button__link wp-element-button\" href=\"https:\/\/c3po.link\/QhQscsWgyU\" target=\"_blank\" rel=\"noreferrer noopener\">Acheter<\/a><\/div>\n<\/div>\n<\/div>\n\n\n\n<div class=\"wp-block-column is-layout-flow wp-block-column-is-layout-flow\">\n<figure class=\"wp-block-image size-large\"><a href=\"https:\/\/www.cocondedecoration.com\/blog\/wp-content\/uploads\/2025\/04\/vase-deco-la-redoute.015.jpeg\"><img loading=\"lazy\" decoding=\"async\" width=\"640\" height=\"640\" src=\"https:\/\/www.cocondedecoration.com\/blog\/wp-content\/uploads\/2025\/04\/vase-deco-la-redoute.015-640x640.jpeg\" alt=\"Vase fleuri c\u00e9ramique\" class=\"wp-image-82775\" title=\"Vase fleuri c\u00e9ramique\" srcset=\"https:\/\/www.cocondedecoration.com\/blog\/wp-content\/uploads\/2025\/04\/vase-deco-la-redoute.015-640x640.jpeg 640w, https:\/\/www.cocondedecoration.com\/blog\/wp-content\/uploads\/2025\/04\/vase-deco-la-redoute.015-260x260.jpeg 260w, https:\/\/www.cocondedecoration.com\/blog\/wp-content\/uploads\/2025\/04\/vase-deco-la-redoute.015-165x165.jpeg 165w, https:\/\/www.cocondedecoration.com\/blog\/wp-content\/uploads\/2025\/04\/vase-deco-la-redoute.015-465x465.jpeg 465w, https:\/\/www.cocondedecoration.com\/blog\/wp-content\/uploads\/2025\/04\/vase-deco-la-redoute.015-500x500.jpeg 500w, https:\/\/www.cocondedecoration.com\/blog\/wp-content\/uploads\/2025\/04\/vase-deco-la-redoute.015.jpeg 650w\" sizes=\"(max-width: 640px) 100vw, 640px\" \/><\/a><figcaption class=\"wp-element-caption\">Vase fleuri c\u00e9ramique - IB Laursen chez La Redoute<\/figcaption><\/figure>\n\n\n\n<div class=\"wp-block-buttons is-content-justification-center is-layout-flex wp-container-core-buttons-layout-60 wp-block-buttons-is-layout-flex\">\n<div class=\"wp-block-button\"><a class=\"wp-block-button__link wp-element-button\" href=\"https:\/\/c3po.link\/QuvFbCE9NM\" target=\"_blank\" rel=\"noreferrer noopener\">Acheter<\/a><\/div>\n<\/div>\n<\/div>\n<\/div>\n\n\n\n<hr class=\"wp-block-separator has-css-opacity is-style-wide\"\/>\n\n\n\n<p class=\"has-text-align-center has-medium-font-size\">Ne perdons pas contact \ud83d\ude42 Rejoignez moi sur <a href=\"https:\/\/www.pinterest.fr\/cocondedeco\/\" target=\"_blank\" rel=\"noopener\" title=\"\">Pinterest<\/a> |\u00a0<a href=\"https:\/\/www.threads.net\/@cocondedeco\" target=\"_blank\" rel=\"noopener\" title=\"\">Threads<\/a> | <a href=\"https:\/\/www.patreon.com\/collection\/162946?view=expanded\" target=\"_blank\" rel=\"noopener\" title=\"\">la Newsletter<\/a> <br>Vous aimez lire le blog? Vous souhaitez continuer \u00e0 le lire? <a href=\"https:\/\/www.patreon.com\/cocondedeco\" target=\"_blank\" rel=\"noopener\" title=\"\">Devenez m\u00e9c\u00e8ne<\/a> sur Patreon et contribuez \u00e0 sa survie. <\/p>\n\n\n\n<hr class=\"wp-block-separator has-css-opacity is-style-wide\"\/>\n\n\n\n<p class=\"has-text-align-left has-small-font-size\">Source de l'image d'en-t\u00eate: Pexels<br>Note: Cet article contient des liens affili\u00e9s. <br>Article mis \u00e0 jour en mars 2023 + octobre 2023 + avril 2025<\/p>\n","protected":false},"excerpt":{"rendered":"<p>Les occasions d&rsquo;offrir des fleurs ne manquent pas. La plus jolie \u00e0 mes yeux c&rsquo;est quand justement il n&rsquo;y a pas de raison pr\u00e9cise sauf le fait de vouloir faire plaisir. Sinon, on peut vouloir offrir un joli bouquet \u00e0 no\u00ebl, pour la f\u00eate des m\u00e8res ou des grands-m\u00e8res, pour<span class=\"more-link\"><a href=\"https:\/\/www.cocondedecoration.com\/blog\/2020\/12\/ou-trouver-jolis-vases\/\">Lire la suite<\/a><\/span><\/p>\n","protected":false},"author":1,"featured_media":58856,"comment_status":"open","ping_status":"open","sticky":false,"template":"","format":"standard","meta":{"om_disable_all_campaigns":false,"_monsterinsights_skip_tracking":false,"_monsterinsights_sitenote_active":false,"_monsterinsights_sitenote_note":"","_monsterinsights_sitenote_category":0,"_uf_show_specific_survey":0,"_uf_disable_surveys":false,"footnotes":""},"categories":[2661,27503],"tags":[13738,13701,13703,13700,13729,13728,3445,13724,13727,43674,13736,43672,13735,43701,43696,43664,13698,43690,13702,13699,43691,43697,43702,43653,13704,43706,43703,13726,13733,13730,13732,13734,13731,13711,13708,13710,13705,13707,13706,13717,13720,43704,13719,43671,43668,43673,43669,13714,13713,13721,13715,13722,13712,13716,13718,13725,13737,13723,43688,43694,43695,43683,43686,28737,43682,43700,43675,43705,43662,43656,43659,43658,43651,43655,43652,43654,43661,43657,43698,43699,43680,43133,43666,43677,43676,43667,43681,43678,37191,43679,37144,43134,43685,13709,43707,43708,43684,43693,43692,43689,27519,43687,43670,43660,43665,43663],"aioseo_notices":[],"_links":{"self":[{"href":"https:\/\/www.cocondedecoration.com\/blog\/wp-json\/wp\/v2\/posts\/32686"}],"collection":[{"href":"https:\/\/www.cocondedecoration.com\/blog\/wp-json\/wp\/v2\/posts"}],"about":[{"href":"https:\/\/www.cocondedecoration.com\/blog\/wp-json\/wp\/v2\/types\/post"}],"author":[{"embeddable":true,"href":"https:\/\/www.cocondedecoration.com\/blog\/wp-json\/wp\/v2\/users\/1"}],"replies":[{"embeddable":true,"href":"https:\/\/www.cocondedecoration.com\/blog\/wp-json\/wp\/v2\/comments?post=32686"}],"version-history":[{"count":2,"href":"https:\/\/www.cocondedecoration.com\/blog\/wp-json\/wp\/v2\/posts\/32686\/revisions"}],"predecessor-version":[{"id":82791,"href":"https:\/\/www.cocondedecoration.com\/blog\/wp-json\/wp\/v2\/posts\/32686\/revisions\/82791"}],"wp:featuredmedia":[{"embeddable":true,"href":"https:\/\/www.cocondedecoration.com\/blog\/wp-json\/wp\/v2\/media\/58856"}],"wp:attachment":[{"href":"https:\/\/www.cocondedecoration.com\/blog\/wp-json\/wp\/v2\/media?parent=32686"}],"wp:term":[{"taxonomy":"category","embeddable":true,"href":"https:\/\/www.cocondedecoration.com\/blog\/wp-json\/wp\/v2\/categories?post=32686"},{"taxonomy":"post_tag","embeddable":true,"href":"https:\/\/www.cocondedecoration.com\/blog\/wp-json\/wp\/v2\/tags?post=32686"}],"curies":[{"name":"wp","href":"https:\/\/api.w.org\/{rel}","templated":true}]}}