{"id":32527,"date":"2020-12-09T01:00:32","date_gmt":"2020-12-08T23:00:32","guid":{"rendered":"http:\/\/www.cocondedecoration.com\/blog\/?p=32527"},"modified":"2025-02-02T06:34:44","modified_gmt":"2025-02-02T04:34:44","slug":"optimiser-rangement-sous-escaliers","status":"publish","type":"post","link":"https:\/\/www.cocondedecoration.com\/blog\/2020\/12\/optimiser-rangement-sous-escaliers\/","title":{"rendered":"[Conseils d\u00e9co] Optimiser les rangements sous l&rsquo;escalier"},"content":{"rendered":"<!DOCTYPE html PUBLIC \"-\/\/W3C\/\/DTD HTML 4.0 Transitional\/\/EN\" \"http:\/\/www.w3.org\/TR\/REC-html40\/loose.dtd\">\n<?xml encoding=\"UTF-8\"><html><body><p>Un dessous d'escaliers n'est pas toujours &eacute;vident &agrave; am&eacute;nager. Comme les combles, la pente de l'escalier ne permet pas forc&eacute;ment d'utiliser des meubles standards pour meubler cet espace. Il y a diff&eacute;rentes mani&egrave;res d'aborder cette probl&eacute;matique. Mais pour que ce soit efficace, la premi&egrave;re chose &agrave; vous demander est: quels sont vos besoins en mati&egrave;re de rangements? Si vous manquez de rangement un peu partout dans toutes les pi&egrave;ces de la maison, le dessous de l'escalier peut-&ecirc;tre un compl&eacute;ment non n&eacute;gligeable. Si ce n'est pas juste une question de rangement mais plus de fonction, vous verrez dans la suite de cet article que le dessous de votre escalier peut vous permettre de cr&eacute;er des rangements pratiques et mais pas seulement! Ce petit espace peut devenir un atout dans votre int&eacute;rieur.<\/p>\n\n\n\n<!--more-->\n\n\n\n<div class=\"wp-block-columns has-2-columns is-layout-flex wp-container-core-columns-layout-1 wp-block-columns-is-layout-flex\">\n<div class=\"wp-block-column is-layout-flow wp-block-column-is-layout-flow\">\n<p style=\"text-align:center\" class=\"has-medium-font-size\">Au sommaire de cet article consacr&eacute; au dessous de l'escalier<\/p>\n\n\n\n<p><div class=\"toc\"><div class=\"toc_list\"><ul><li class=\"toc_item\"><a href=\"#toc-0\">01 \u2022 Am\u00e9nager une banquette sous l'escalier <\/a><\/li><li class=\"toc_item\"><a href=\"#toc-1\">02 \u2022 Cr\u00e9er une biblioth\u00e8que sous les escaliers <\/a><\/li><li class=\"toc_item\"><a href=\"#toc-2\">03 \u2022 Des rangements coulissants pour gagner un maximum de place <\/a><\/li><li class=\"toc_item\"><a href=\"#toc-3\">04 \u2022 Des cubes de rangement modulables pour les petits budgets<\/a><\/li><li class=\"toc_item\"><a href=\"#toc-4\">05 \u2022 Meubles sur mesure pour un escalier dans une pi\u00e8ce de vie <\/a><\/li><li class=\"toc_item\"><a href=\"#toc-5\"><\/a><\/li><li class=\"toc_item\"><a href=\"#toc-6\">06 \u2022 Un bureau sous l'escalier <\/a><\/li><li class=\"toc_item\"><a href=\"#toc-7\">07 \u2022 Am\u00e9nager un bar sous l'escalier <\/a><\/li><li class=\"toc_item\"><a href=\"#toc-8\">08 \u2022 Installer une cave \u00e0 vin sous escalier <\/a><\/li><li class=\"toc_item\"><a href=\"#toc-9\">Shopping - des meubles pour optimiser le dessous de l'escalier<\/a><\/li><\/ul><\/div><\/div><br><\/p>\n<\/div>\n\n\n\n<div class=\"wp-block-column is-layout-flow wp-block-column-is-layout-flow\">\n<p style=\"text-align:center\" class=\"has-medium-font-size\">Recevez l'actu du blog par mail<\/p>\n\n\n<p>[yikes-mailchimp form=\"1\"]<\/p>\n<\/div>\n<\/div>\n\n\n\n<a name=\"toc-0\" style=\"text-decoration: none;\"><\/a><h2 class=\"wp-block-heading\">01 &bull; Am&eacute;nager une banquette sous l'escalier <br><\/h2>\n\n\n\n<p>On commence avec une id&eacute;e sympa pour un escalier dans le couloir: la banquette. Ce qui me plait c'est qu'elle d&eacute;coupe l'espace sous l'escalier, on n'a pas un effet bloc. C'est une solution plus l&eacute;g&egrave;re visuellement. Pour rester dans la th&eacute;matique du rangement, on peut ajouter un ou des coffres sous la banquette. Ils vous permettront de ranger les chaussures qui ne sont pas de saison par exemple. Au quotidien, la banquette est pratique pour mettre les chaussures sans avoir &agrave; se baisser. (Clin d'oeil aux personnes qui ont mal au dos ou aux genoux!) <\/p>\n\n\n\n<ul class=\"wp-block-gallery columns-2 is-cropped wp-block-gallery-1 is-layout-flex wp-block-gallery-is-layout-flex\"><li class=\"blocks-gallery-item\"><figure><img loading=\"lazy\" decoding=\"async\" width=\"640\" height=\"853\" src=\"http:\/\/www.cocondedecoration.com\/blog\/wp-content\/uploads\/2020\/12\/amenagement-sous-escaliers-exemple-3-640x853.jpeg\" alt=\"amenagement sous escaliers exemple petite banquette d&eacute;co coussin\" data-id=\"32531\" data-link=\"http:\/\/www.cocondedecoration.com\/blog\/?attachment_id=32531\" class=\"wp-image-32531\" srcset=\"https:\/\/www.cocondedecoration.com\/blog\/wp-content\/uploads\/2020\/12\/amenagement-sous-escaliers-exemple-3-640x853.jpeg 640w, https:\/\/www.cocondedecoration.com\/blog\/wp-content\/uploads\/2020\/12\/amenagement-sous-escaliers-exemple-3-260x347.jpeg 260w, https:\/\/www.cocondedecoration.com\/blog\/wp-content\/uploads\/2020\/12\/amenagement-sous-escaliers-exemple-3-413x550.jpeg 413w, https:\/\/www.cocondedecoration.com\/blog\/wp-content\/uploads\/2020\/12\/amenagement-sous-escaliers-exemple-3-375x500.jpeg 375w, https:\/\/www.cocondedecoration.com\/blog\/wp-content\/uploads\/2020\/12\/amenagement-sous-escaliers-exemple-3.jpeg 750w\" sizes=\"(max-width: 640px) 100vw, 640px\" \/><\/figure><\/li><li class=\"blocks-gallery-item\"><figure><img loading=\"lazy\" decoding=\"async\" width=\"640\" height=\"853\" src=\"http:\/\/www.cocondedecoration.com\/blog\/wp-content\/uploads\/2020\/12\/amenagement-sous-escaliers-exemple-4-640x853.jpeg\" alt=\"amenagement sous escaliers exemple petite banquette d&eacute;co coussin niche\" data-id=\"32532\" data-link=\"http:\/\/www.cocondedecoration.com\/blog\/?attachment_id=32532\" class=\"wp-image-32532\" srcset=\"https:\/\/www.cocondedecoration.com\/blog\/wp-content\/uploads\/2020\/12\/amenagement-sous-escaliers-exemple-4-640x853.jpeg 640w, https:\/\/www.cocondedecoration.com\/blog\/wp-content\/uploads\/2020\/12\/amenagement-sous-escaliers-exemple-4-260x347.jpeg 260w, https:\/\/www.cocondedecoration.com\/blog\/wp-content\/uploads\/2020\/12\/amenagement-sous-escaliers-exemple-4-413x550.jpeg 413w, https:\/\/www.cocondedecoration.com\/blog\/wp-content\/uploads\/2020\/12\/amenagement-sous-escaliers-exemple-4-375x500.jpeg 375w, https:\/\/www.cocondedecoration.com\/blog\/wp-content\/uploads\/2020\/12\/amenagement-sous-escaliers-exemple-4.jpeg 750w\" sizes=\"(max-width: 640px) 100vw, 640px\" \/><\/figure><\/li><\/ul><p style=\"text-align:center\" class=\"has-small-font-size\"><a href=\"https:\/\/www.pinterest.ch\/pin\/47710077292253772\/\" target=\"_blank\" rel=\"noreferrer noopener\" aria-label=\"1 (s&rsquo;ouvre dans un nouvel onglet)\">1<\/a> \/ <a rel=\"noreferrer noopener\" aria-label=\"2 (s&rsquo;ouvre dans un nouvel onglet)\" href=\"https:\/\/www.pinterest.ch\/pin\/585960601495566908\/\" target=\"_blank\">2<\/a> <\/p>\n\n\n\n<a name=\"toc-1\" style=\"text-decoration: none;\"><\/a><h2 class=\"wp-block-heading\">02 &bull; Cr&eacute;er une biblioth&egrave;que sous les escaliers <\/h2>\n\n\n\n<p>Dans un autre domaine, on peut utiliser l'espace sous l'escalier pour cr&eacute;er une biblioth&egrave;que. Pas besoin d'utiliser toute la largeur de votre escalier, il faut pr&eacute;voir un double fond. La biblioth&egrave;que peut &ecirc;tre r&eacute;alis&eacute;e sur mesure par un artisan ou non. L'artisan ou l'agenceur vous proposeront des finissions plus soign&eacute;es, plus en ad&eacute;quation avec votre d&eacute;coration existante. Pour les petits budgets, rien ne vous emp&ecirc;che de poser des &eacute;tag&egrave;res et les couper &agrave; dimension pour maximiser le gain de place. Une fois que vos livres seront pos&eacute;s sur les &eacute;tag&egrave;res, elles se feront invisibles. <\/p>\n\n\n\n<ul class=\"wp-block-gallery columns-2 is-cropped wp-block-gallery-2 is-layout-flex wp-block-gallery-is-layout-flex\"><li class=\"blocks-gallery-item\"><figure><img loading=\"lazy\" decoding=\"async\" width=\"640\" height=\"853\" src=\"http:\/\/www.cocondedecoration.com\/blog\/wp-content\/uploads\/2020\/12\/amenagement-sous-escaliers-exemple-7-640x853.jpeg\" alt=\"amenagement sous escaliers exemple biblioth&egrave;que architecture int&eacute;rieure\" data-id=\"32533\" data-link=\"http:\/\/www.cocondedecoration.com\/blog\/?attachment_id=32533\" class=\"wp-image-32533\" srcset=\"https:\/\/www.cocondedecoration.com\/blog\/wp-content\/uploads\/2020\/12\/amenagement-sous-escaliers-exemple-7-640x853.jpeg 640w, https:\/\/www.cocondedecoration.com\/blog\/wp-content\/uploads\/2020\/12\/amenagement-sous-escaliers-exemple-7-260x347.jpeg 260w, https:\/\/www.cocondedecoration.com\/blog\/wp-content\/uploads\/2020\/12\/amenagement-sous-escaliers-exemple-7-413x550.jpeg 413w, https:\/\/www.cocondedecoration.com\/blog\/wp-content\/uploads\/2020\/12\/amenagement-sous-escaliers-exemple-7-375x500.jpeg 375w, https:\/\/www.cocondedecoration.com\/blog\/wp-content\/uploads\/2020\/12\/amenagement-sous-escaliers-exemple-7.jpeg 750w\" sizes=\"(max-width: 640px) 100vw, 640px\" \/><\/figure><\/li><li class=\"blocks-gallery-item\"><figure><img loading=\"lazy\" decoding=\"async\" width=\"640\" height=\"853\" src=\"http:\/\/www.cocondedecoration.com\/blog\/wp-content\/uploads\/2020\/12\/amenagement-sous-escaliers-exemple-8-640x853.jpeg\" alt=\"amenagement sous escaliers exemple biblioth&egrave;que architecture int&eacute;rieure gain de place\" data-id=\"32534\" data-link=\"http:\/\/www.cocondedecoration.com\/blog\/?attachment_id=32534\" class=\"wp-image-32534\" srcset=\"https:\/\/www.cocondedecoration.com\/blog\/wp-content\/uploads\/2020\/12\/amenagement-sous-escaliers-exemple-8-640x853.jpeg 640w, https:\/\/www.cocondedecoration.com\/blog\/wp-content\/uploads\/2020\/12\/amenagement-sous-escaliers-exemple-8-260x347.jpeg 260w, https:\/\/www.cocondedecoration.com\/blog\/wp-content\/uploads\/2020\/12\/amenagement-sous-escaliers-exemple-8-413x550.jpeg 413w, https:\/\/www.cocondedecoration.com\/blog\/wp-content\/uploads\/2020\/12\/amenagement-sous-escaliers-exemple-8-375x500.jpeg 375w, https:\/\/www.cocondedecoration.com\/blog\/wp-content\/uploads\/2020\/12\/amenagement-sous-escaliers-exemple-8.jpeg 750w\" sizes=\"(max-width: 640px) 100vw, 640px\" \/><\/figure><\/li><\/ul><p style=\"text-align:center\" class=\"has-small-font-size\"><a rel=\"noreferrer noopener\" aria-label=\"1 (s&rsquo;ouvre dans un nouvel onglet)\" href=\"https:\/\/www.pinterest.ch\/pin\/492649946858087\/\" target=\"_blank\">1<\/a> \/ <a href=\"https:\/\/www.pinterest.ch\/pin\/46513808622685869\/\" target=\"_blank\" rel=\"noreferrer noopener\" aria-label=\"2 (s&rsquo;ouvre dans un nouvel onglet)\">2<\/a><\/p>\n\n\n\n<a name=\"toc-2\" style=\"text-decoration: none;\"><\/a><h2 class=\"wp-block-heading\">03 &bull; Des rangements coulissants pour gagner un maximum de place <br><\/h2>\n\n\n\n<p>La largueur d'un escalier varie g&eacute;n&eacute;ralement entre 70 et 100cm. Quand on a 1m de profondeur, l'espace du fond est inaccessible. C'est de la place de perdue, &agrave; moins de cr&eacute;er des rangements coulissants ou sur roulettes qui vous permettront d'utiliser l'espace sous l'escalier dans son ensemble. Il faut juste veiller &agrave; avoir suffisamment de place pour faire coulisser les modules. Dans un couloir &eacute;troit, ce n'est peut-&ecirc;tre pas l'id&eacute;al. <\/p>\n\n\n\n<ul class=\"wp-block-gallery columns-2 is-cropped wp-block-gallery-3 is-layout-flex wp-block-gallery-is-layout-flex\"><li class=\"blocks-gallery-item\"><figure><img loading=\"lazy\" decoding=\"async\" width=\"640\" height=\"853\" src=\"http:\/\/www.cocondedecoration.com\/blog\/wp-content\/uploads\/2020\/12\/amenagement-sous-escaliers-exemple-11-640x853.jpeg\" alt=\"amenagement sous escaliers exemple rangement coulissant \" data-id=\"32541\" data-link=\"http:\/\/www.cocondedecoration.com\/blog\/?attachment_id=32541\" class=\"wp-image-32541\" srcset=\"https:\/\/www.cocondedecoration.com\/blog\/wp-content\/uploads\/2020\/12\/amenagement-sous-escaliers-exemple-11-640x853.jpeg 640w, https:\/\/www.cocondedecoration.com\/blog\/wp-content\/uploads\/2020\/12\/amenagement-sous-escaliers-exemple-11-260x347.jpeg 260w, https:\/\/www.cocondedecoration.com\/blog\/wp-content\/uploads\/2020\/12\/amenagement-sous-escaliers-exemple-11-413x550.jpeg 413w, https:\/\/www.cocondedecoration.com\/blog\/wp-content\/uploads\/2020\/12\/amenagement-sous-escaliers-exemple-11-375x500.jpeg 375w, https:\/\/www.cocondedecoration.com\/blog\/wp-content\/uploads\/2020\/12\/amenagement-sous-escaliers-exemple-11.jpeg 750w\" sizes=\"(max-width: 640px) 100vw, 640px\" \/><\/figure><\/li><li class=\"blocks-gallery-item\"><figure><img loading=\"lazy\" decoding=\"async\" width=\"640\" height=\"853\" src=\"http:\/\/www.cocondedecoration.com\/blog\/wp-content\/uploads\/2020\/12\/amenagement-sous-escaliers-exemple-12-640x853.jpeg\" alt=\"amenagement sous escaliers exemple rangement coulissant gain de place\" data-id=\"32542\" data-link=\"http:\/\/www.cocondedecoration.com\/blog\/?attachment_id=32542\" class=\"wp-image-32542\" srcset=\"https:\/\/www.cocondedecoration.com\/blog\/wp-content\/uploads\/2020\/12\/amenagement-sous-escaliers-exemple-12-640x853.jpeg 640w, https:\/\/www.cocondedecoration.com\/blog\/wp-content\/uploads\/2020\/12\/amenagement-sous-escaliers-exemple-12-260x347.jpeg 260w, https:\/\/www.cocondedecoration.com\/blog\/wp-content\/uploads\/2020\/12\/amenagement-sous-escaliers-exemple-12-413x550.jpeg 413w, https:\/\/www.cocondedecoration.com\/blog\/wp-content\/uploads\/2020\/12\/amenagement-sous-escaliers-exemple-12-375x500.jpeg 375w, https:\/\/www.cocondedecoration.com\/blog\/wp-content\/uploads\/2020\/12\/amenagement-sous-escaliers-exemple-12.jpeg 750w\" sizes=\"(max-width: 640px) 100vw, 640px\" \/><\/figure><\/li><\/ul><p style=\"text-align:center\" class=\"has-small-font-size\"><a href=\"https:\/\/www.pinterest.ch\/pin\/4433299613757140\/\" target=\"_blank\" rel=\"noreferrer noopener\" aria-label=\"1 (s&rsquo;ouvre dans un nouvel onglet)\">1<\/a> \/ <a rel=\"noreferrer noopener\" aria-label=\"2 (s&rsquo;ouvre dans un nouvel onglet)\" href=\"https:\/\/www.pinterest.ch\/pin\/838302918108977440\/\" target=\"_blank\">2<\/a><\/p>\n\n\n\n<div class=\"wp-block-media-text alignwide\"><figure class=\"wp-block-media-text__media\"><img loading=\"lazy\" decoding=\"async\" width=\"564\" height=\"765\" src=\"http:\/\/www.cocondedecoration.com\/blog\/wp-content\/uploads\/2020\/12\/amenagement-sous-escaliers-exemple-pas-cher.jpg\" alt=\"amenagement sous escaliers exemple pas cher\" class=\"wp-image-32543\" srcset=\"https:\/\/www.cocondedecoration.com\/blog\/wp-content\/uploads\/2020\/12\/amenagement-sous-escaliers-exemple-pas-cher.jpg 564w, https:\/\/www.cocondedecoration.com\/blog\/wp-content\/uploads\/2020\/12\/amenagement-sous-escaliers-exemple-pas-cher-260x353.jpg 260w, https:\/\/www.cocondedecoration.com\/blog\/wp-content\/uploads\/2020\/12\/amenagement-sous-escaliers-exemple-pas-cher-405x550.jpg 405w, https:\/\/www.cocondedecoration.com\/blog\/wp-content\/uploads\/2020\/12\/amenagement-sous-escaliers-exemple-pas-cher-369x500.jpg 369w\" sizes=\"(max-width: 564px) 100vw, 564px\" \/><\/figure><div class=\"wp-block-media-text__content\">\n<a name=\"toc-3\" style=\"text-decoration: none;\"><\/a><h2 class=\"wp-block-heading\" id=\"mce_19\">04 &bull; Des cubes de rangement modulables pour les petits budgets<\/h2>\n\n\n\n<p>Faire appel &agrave; un artisan n'est pas &agrave; la port&eacute; de toutes les bourses. Quand on est locataire, on n'a pas non plus envie d'investir des sommes folles en mati&egrave;re d'am&eacute;nagement. Il y a donc les solutions que l'on trouve dans les grandes surfaces de bricolage ou certaines grandes surfaces de meubles: les cubes modulables. Vous choisissez le nombre de cubes, ce qui se trouve ou non &agrave; l'int&eacute;rieur, des portes, des tiroirs... Et vous cr&eacute;ez vous-m&ecirc;me votre am&eacute;nagement sous escaliers. Ca n'est pas du sur-mesure mais &ccedil;a s'y rapproche. Vous aurez peut-&ecirc;tre un peu d'espace de perdu. <\/p>\n\n\n\n<p style=\"text-align:center\" class=\"has-small-font-size\"><a href=\"https:\/\/www.pinterest.ch\/pin\/20618110779304389\/\" target=\"_blank\" rel=\"noreferrer noopener\" aria-label=\"source  (s&rsquo;ouvre dans un nouvel onglet)\">source <\/a><\/p>\n<\/div><\/div>\n\n\n\n<div class=\"wp-block-media-text alignwide has-media-on-the-right\"><figure class=\"wp-block-media-text__media\"><img loading=\"lazy\" decoding=\"async\" width=\"564\" height=\"829\" src=\"http:\/\/www.cocondedecoration.com\/blog\/wp-content\/uploads\/2020\/12\/amenagement-sous-escaliers-meuble-sur-mesure-exemple.jpg\" alt=\"amenagement sous escaliers meuble sur mesure exemple\" class=\"wp-image-32545\" srcset=\"https:\/\/www.cocondedecoration.com\/blog\/wp-content\/uploads\/2020\/12\/amenagement-sous-escaliers-meuble-sur-mesure-exemple.jpg 564w, https:\/\/www.cocondedecoration.com\/blog\/wp-content\/uploads\/2020\/12\/amenagement-sous-escaliers-meuble-sur-mesure-exemple-260x382.jpg 260w, https:\/\/www.cocondedecoration.com\/blog\/wp-content\/uploads\/2020\/12\/amenagement-sous-escaliers-meuble-sur-mesure-exemple-374x550.jpg 374w, https:\/\/www.cocondedecoration.com\/blog\/wp-content\/uploads\/2020\/12\/amenagement-sous-escaliers-meuble-sur-mesure-exemple-340x500.jpg 340w\" sizes=\"(max-width: 564px) 100vw, 564px\" \/><\/figure><div class=\"wp-block-media-text__content\">\n<a name=\"toc-4\" style=\"text-decoration: none;\"><\/a><h2 class=\"wp-block-heading\" id=\"mce_26\">05 &bull; Meubles sur mesure pour un escalier dans une pi&egrave;ce de vie <\/h2>\n\n\n\n<p>Le sur-mesure n'a pas de limite ou presque. Il est int&eacute;ressant pour cr&eacute;er des rangements mais pas uniquement. Il peut aussi servir &agrave; cr&eacute;er des meubles qui feront partie int&eacute;grantes de votre pi&egrave;ce &agrave; vivre, comme un meuble t&eacute;l&eacute; ou un buffet. Cette utilisation du sur-mesure est moins fr&eacute;quente, n&eacute;anmoins elle permet d'int&eacute;grer votre escalier dans la pi&egrave;ce. Il n'est pas juste un &eacute;l&eacute;ment encombrant dans votre espace. Si l'id&eacute;e vous s&eacute;duit mais que vous manquez d'inspiration, n'h&eacute;sitez pas &agrave; faire appel &agrave; un architecte d'int&eacute;rieur qui vous conseillera et qui r&eacute;alisera des plans pour vous permettre de visualiser votre nouvel am&eacute;nagement. <\/p>\n\n\n\n<p style=\"text-align:center\" class=\"has-small-font-size\"><a href=\"https:\/\/www.pinterest.ch\/pin\/1266706132684573\/\" target=\"_blank\" rel=\"noreferrer noopener\" aria-label=\"source (s&rsquo;ouvre dans un nouvel onglet)\">source<\/a><\/p>\n<\/div><\/div>\n\n\n\n<a name=\"toc-5\" style=\"text-decoration: none;\"><\/a><h2 class=\"wp-block-heading\"><br><\/h2>\n\n\n\n<a name=\"toc-6\" style=\"text-decoration: none;\"><\/a><h2 class=\"wp-block-heading\">06 &bull; Un bureau sous l'escalier <br><\/h2>\n\n\n\n<p>Avec le t&eacute;l&eacute;travail qui en ce moment est &agrave; l'honneur, il est parfois n&eacute;cessaire de faire preuve d'ing&eacute;niosit&eacute; pour se cr&eacute;er un coin travail au calme. Et le dessous de l'escalier peut &ecirc;tre parfait pour installer un petit bureau. Ce espace est discret, vous n'aurez donc pas n&eacute;cessairement le boulot sans cesse devant le yeux, notamment le weekend. Dans le couloir vous devriez avoir plus de tranquillit&eacute; que dans le salon. Veillez cependant &agrave; ne pas &ecirc;tre dans les courants d'air! <\/p>\n\n\n\n<ul class=\"wp-block-gallery columns-2 is-cropped wp-block-gallery-4 is-layout-flex wp-block-gallery-is-layout-flex\"><li class=\"blocks-gallery-item\"><figure><img loading=\"lazy\" decoding=\"async\" width=\"640\" height=\"853\" src=\"http:\/\/www.cocondedecoration.com\/blog\/wp-content\/uploads\/2020\/12\/amenagement-sous-escaliers-exemple-5-640x853.jpeg\" alt=\"amenagement sous escaliers exemple espace t&eacute;l&eacute;travail\" data-id=\"32535\" data-link=\"http:\/\/www.cocondedecoration.com\/blog\/?attachment_id=32535\" class=\"wp-image-32535\" srcset=\"https:\/\/www.cocondedecoration.com\/blog\/wp-content\/uploads\/2020\/12\/amenagement-sous-escaliers-exemple-5-640x853.jpeg 640w, https:\/\/www.cocondedecoration.com\/blog\/wp-content\/uploads\/2020\/12\/amenagement-sous-escaliers-exemple-5-260x347.jpeg 260w, https:\/\/www.cocondedecoration.com\/blog\/wp-content\/uploads\/2020\/12\/amenagement-sous-escaliers-exemple-5-413x550.jpeg 413w, https:\/\/www.cocondedecoration.com\/blog\/wp-content\/uploads\/2020\/12\/amenagement-sous-escaliers-exemple-5-375x500.jpeg 375w, https:\/\/www.cocondedecoration.com\/blog\/wp-content\/uploads\/2020\/12\/amenagement-sous-escaliers-exemple-5.jpeg 750w\" sizes=\"(max-width: 640px) 100vw, 640px\" \/><\/figure><\/li><li class=\"blocks-gallery-item\"><figure><img loading=\"lazy\" decoding=\"async\" width=\"640\" height=\"853\" src=\"http:\/\/www.cocondedecoration.com\/blog\/wp-content\/uploads\/2020\/12\/amenagement-sous-escaliers-exemple-6-640x853.jpeg\" alt=\"amenagement sous escaliers exemple espace bureau gain de place\" data-id=\"32537\" data-link=\"http:\/\/www.cocondedecoration.com\/blog\/?attachment_id=32537\" class=\"wp-image-32537\" srcset=\"https:\/\/www.cocondedecoration.com\/blog\/wp-content\/uploads\/2020\/12\/amenagement-sous-escaliers-exemple-6-640x853.jpeg 640w, https:\/\/www.cocondedecoration.com\/blog\/wp-content\/uploads\/2020\/12\/amenagement-sous-escaliers-exemple-6-260x347.jpeg 260w, https:\/\/www.cocondedecoration.com\/blog\/wp-content\/uploads\/2020\/12\/amenagement-sous-escaliers-exemple-6-413x550.jpeg 413w, https:\/\/www.cocondedecoration.com\/blog\/wp-content\/uploads\/2020\/12\/amenagement-sous-escaliers-exemple-6-375x500.jpeg 375w, https:\/\/www.cocondedecoration.com\/blog\/wp-content\/uploads\/2020\/12\/amenagement-sous-escaliers-exemple-6.jpeg 750w\" sizes=\"(max-width: 640px) 100vw, 640px\" \/><\/figure><\/li><\/ul><p style=\"text-align:center\" class=\"has-small-font-size\"><a rel=\"noreferrer noopener\" aria-label=\"1 (s&rsquo;ouvre dans un nouvel onglet)\" href=\"https:\/\/www.pinterest.ch\/pin\/17662623527273077\/\" target=\"_blank\">1<\/a> \/ <a href=\"https:\/\/www.pinterest.ch\/pin\/8373949294924839\/\" target=\"_blank\" rel=\"noreferrer noopener\" aria-label=\"2 (s&rsquo;ouvre dans un nouvel onglet)\">2<\/a><\/p>\n\n\n\n<a name=\"toc-7\" style=\"text-decoration: none;\"><\/a><h2 class=\"wp-block-heading\">07 &bull; Am&eacute;nager un bar sous l'escalier <br><\/h2>\n\n\n\n<p>Si votre escalier n'est pas dans le couloir mais se trouve dans le salon, pourquoi ne pas am&eacute;nager cet espace un peu singulier comme un bar? C'est g&eacute;n&eacute;ralement trop petit pour installer une cuisine mais il y a suffisamment de place pour un bar. Le bar est compos&eacute; de 2 parties: une partie basse (meuble de cuisine) surplomb&eacute;e d'un plan de travail et une partie haute avec des &eacute;tag&egrave;res. Pensez &agrave; int&eacute;grer des luminaires &agrave; votre am&eacute;nagement pour que ce soit plus agr&eacute;able. L'espace sous les escaliers est g&eacute;n&eacute;ralement tr&egrave;s sombre. <\/p>\n\n\n\n<ul class=\"wp-block-gallery columns-2 is-cropped wp-block-gallery-5 is-layout-flex wp-block-gallery-is-layout-flex\"><li class=\"blocks-gallery-item\"><figure><img loading=\"lazy\" decoding=\"async\" width=\"640\" height=\"853\" src=\"http:\/\/www.cocondedecoration.com\/blog\/wp-content\/uploads\/2020\/12\/amenagement-sous-escaliers-exemple-1-640x853.jpeg\" alt=\"amenagement sous escaliers exemple coin bar\" data-id=\"32536\" data-link=\"http:\/\/www.cocondedecoration.com\/blog\/?attachment_id=32536\" class=\"wp-image-32536\" srcset=\"https:\/\/www.cocondedecoration.com\/blog\/wp-content\/uploads\/2020\/12\/amenagement-sous-escaliers-exemple-1-640x853.jpeg 640w, https:\/\/www.cocondedecoration.com\/blog\/wp-content\/uploads\/2020\/12\/amenagement-sous-escaliers-exemple-1-260x347.jpeg 260w, https:\/\/www.cocondedecoration.com\/blog\/wp-content\/uploads\/2020\/12\/amenagement-sous-escaliers-exemple-1-413x550.jpeg 413w, https:\/\/www.cocondedecoration.com\/blog\/wp-content\/uploads\/2020\/12\/amenagement-sous-escaliers-exemple-1-375x500.jpeg 375w, https:\/\/www.cocondedecoration.com\/blog\/wp-content\/uploads\/2020\/12\/amenagement-sous-escaliers-exemple-1.jpeg 750w\" sizes=\"(max-width: 640px) 100vw, 640px\" \/><\/figure><\/li><li class=\"blocks-gallery-item\"><figure><img loading=\"lazy\" decoding=\"async\" width=\"640\" height=\"853\" src=\"http:\/\/www.cocondedecoration.com\/blog\/wp-content\/uploads\/2020\/12\/amenagement-sous-escaliers-exemple-2-640x853.jpeg\" alt=\"amenagement bar sous escaliers exemple \" data-id=\"32538\" data-link=\"http:\/\/www.cocondedecoration.com\/blog\/?attachment_id=32538\" class=\"wp-image-32538\" srcset=\"https:\/\/www.cocondedecoration.com\/blog\/wp-content\/uploads\/2020\/12\/amenagement-sous-escaliers-exemple-2-640x853.jpeg 640w, https:\/\/www.cocondedecoration.com\/blog\/wp-content\/uploads\/2020\/12\/amenagement-sous-escaliers-exemple-2-260x347.jpeg 260w, https:\/\/www.cocondedecoration.com\/blog\/wp-content\/uploads\/2020\/12\/amenagement-sous-escaliers-exemple-2-413x550.jpeg 413w, https:\/\/www.cocondedecoration.com\/blog\/wp-content\/uploads\/2020\/12\/amenagement-sous-escaliers-exemple-2-375x500.jpeg 375w, https:\/\/www.cocondedecoration.com\/blog\/wp-content\/uploads\/2020\/12\/amenagement-sous-escaliers-exemple-2.jpeg 750w\" sizes=\"(max-width: 640px) 100vw, 640px\" \/><\/figure><\/li><\/ul><p style=\"text-align:center\" class=\"has-small-font-size\"><a rel=\"noreferrer noopener\" aria-label=\"1 (s&rsquo;ouvre dans un nouvel onglet)\" href=\"https:\/\/www.pinterest.ch\/pin\/102456960252487933\/\" target=\"_blank\">1<\/a> \/ <a href=\"https:\/\/www.pinterest.ch\/pin\/461900505534882380\/\" target=\"_blank\" rel=\"noreferrer noopener\" aria-label=\"2 (s&rsquo;ouvre dans un nouvel onglet)\">2<\/a><\/p>\n\n\n\n<a name=\"toc-8\" style=\"text-decoration: none;\"><\/a><h2 class=\"wp-block-heading\">08 &bull; Installer une cave &agrave; vin sous escalier <br><\/h2>\n\n\n\n<p>Il n'est pas n&eacute;cessaire d'avoir des m&egrave;tres carr&eacute;s et des m&egrave;tres carr&eacute;s pour entreposer quelques bonnes bouteilles. Avec un peu de bricolage et de r&eacute;flexion, le dessous de l'escalier peut se transformer en cave &agrave; vin et le r&eacute;sultat peut-&ecirc;tre super d&eacute;coratif. <\/p>\n\n\n\n<ul class=\"wp-block-gallery columns-2 is-cropped wp-block-gallery-6 is-layout-flex wp-block-gallery-is-layout-flex\"><li class=\"blocks-gallery-item\"><figure><img loading=\"lazy\" decoding=\"async\" width=\"640\" height=\"853\" src=\"http:\/\/www.cocondedecoration.com\/blog\/wp-content\/uploads\/2020\/12\/amenagement-sous-escaliers-exemple-9-640x853.jpeg\" alt=\"amenagement sous escaliers exemple cave a vin verri&egrave;re\" data-id=\"32539\" data-link=\"http:\/\/www.cocondedecoration.com\/blog\/?attachment_id=32539\" class=\"wp-image-32539\" srcset=\"https:\/\/www.cocondedecoration.com\/blog\/wp-content\/uploads\/2020\/12\/amenagement-sous-escaliers-exemple-9-640x853.jpeg 640w, https:\/\/www.cocondedecoration.com\/blog\/wp-content\/uploads\/2020\/12\/amenagement-sous-escaliers-exemple-9-260x347.jpeg 260w, https:\/\/www.cocondedecoration.com\/blog\/wp-content\/uploads\/2020\/12\/amenagement-sous-escaliers-exemple-9-413x550.jpeg 413w, https:\/\/www.cocondedecoration.com\/blog\/wp-content\/uploads\/2020\/12\/amenagement-sous-escaliers-exemple-9-375x500.jpeg 375w, https:\/\/www.cocondedecoration.com\/blog\/wp-content\/uploads\/2020\/12\/amenagement-sous-escaliers-exemple-9.jpeg 750w\" sizes=\"(max-width: 640px) 100vw, 640px\" \/><\/figure><\/li><li class=\"blocks-gallery-item\"><figure><img loading=\"lazy\" decoding=\"async\" width=\"640\" height=\"853\" src=\"http:\/\/www.cocondedecoration.com\/blog\/wp-content\/uploads\/2020\/12\/amenagement-sous-escaliers-exemple-10-640x853.jpeg\" alt=\"amenagement cave a vin sous escaliers exemple\" data-id=\"32540\" data-link=\"http:\/\/www.cocondedecoration.com\/blog\/?attachment_id=32540\" class=\"wp-image-32540\" srcset=\"https:\/\/www.cocondedecoration.com\/blog\/wp-content\/uploads\/2020\/12\/amenagement-sous-escaliers-exemple-10-640x853.jpeg 640w, https:\/\/www.cocondedecoration.com\/blog\/wp-content\/uploads\/2020\/12\/amenagement-sous-escaliers-exemple-10-260x347.jpeg 260w, https:\/\/www.cocondedecoration.com\/blog\/wp-content\/uploads\/2020\/12\/amenagement-sous-escaliers-exemple-10-413x550.jpeg 413w, https:\/\/www.cocondedecoration.com\/blog\/wp-content\/uploads\/2020\/12\/amenagement-sous-escaliers-exemple-10-375x500.jpeg 375w, https:\/\/www.cocondedecoration.com\/blog\/wp-content\/uploads\/2020\/12\/amenagement-sous-escaliers-exemple-10.jpeg 750w\" sizes=\"(max-width: 640px) 100vw, 640px\" \/><\/figure><\/li><\/ul><p style=\"text-align:center\" class=\"has-small-font-size\"><a rel=\"noreferrer noopener\" aria-label=\"1 (s&rsquo;ouvre dans un nouvel onglet)\" href=\"https:\/\/www.pinterest.ch\/pin\/3237030970257231\/\" target=\"_blank\">1<\/a> \/ <a rel=\"noreferrer noopener\" aria-label=\"2 (s&rsquo;ouvre dans un nouvel onglet)\" href=\"https:\/\/www.pinterest.ch\/pin\/641340803173756069\/\" target=\"_blank\">2<\/a> <\/p>\n\n\n\n<a name=\"toc-9\" style=\"text-decoration: none;\"><\/a><h2 class=\"wp-block-heading\">Shopping - des meubles pour optimiser le dessous de l'escalier<\/h2>\n\n\n\n<div class=\"wp-block-columns has-4-columns is-layout-flex wp-container-core-columns-layout-2 wp-block-columns-is-layout-flex\">\n<div class=\"wp-block-column is-layout-flow wp-block-column-is-layout-flow\">\n<figure class=\"wp-block-image\"><img loading=\"lazy\" decoding=\"async\" width=\"500\" height=\"500\" src=\"http:\/\/www.cocondedecoration.com\/blog\/wp-content\/uploads\/2022\/08\/meuble-casier-sous-escaliers-1.jpeg\" alt=\"meuble casier sous escaliers Casier de rangement Escalier Effet bois Gris\" class=\"wp-image-51525\" srcset=\"https:\/\/www.cocondedecoration.com\/blog\/wp-content\/uploads\/2022\/08\/meuble-casier-sous-escaliers-1.jpeg 500w, https:\/\/www.cocondedecoration.com\/blog\/wp-content\/uploads\/2022\/08\/meuble-casier-sous-escaliers-1-165x165.jpeg 165w, https:\/\/www.cocondedecoration.com\/blog\/wp-content\/uploads\/2022\/08\/meuble-casier-sous-escaliers-1-260x260.jpeg 260w, https:\/\/www.cocondedecoration.com\/blog\/wp-content\/uploads\/2022\/08\/meuble-casier-sous-escaliers-1-465x465.jpeg 465w\" sizes=\"(max-width: 500px) 100vw, 500px\" \/><figcaption><a href=\"https:\/\/fnty.co\/c\/r-DWPnwJWu\" target=\"_blank\" rel=\"noreferrer noopener\" aria-label=\"Casier de rangement Escalier Effet bois Gris (s&rsquo;ouvre dans un nouvel onglet)\">Casier de rangement Escalier Effet bois Gris<\/a> - Maisons du Monde<\/figcaption><\/figure><figure class=\"wp-block-image\"><img loading=\"lazy\" decoding=\"async\" width=\"500\" height=\"500\" src=\"http:\/\/www.cocondedecoration.com\/blog\/wp-content\/uploads\/2022\/08\/rangement-sous-escaliers-a-monter-soi-meme-1.jpeg\" alt=\"rangement sous escaliers a monter soi meme Meuble de rangement en escalier LIAM 4 niveaux bois blanc + porte\/tiroirs blancs fond gris\" class=\"wp-image-51509\" srcset=\"https:\/\/www.cocondedecoration.com\/blog\/wp-content\/uploads\/2022\/08\/rangement-sous-escaliers-a-monter-soi-meme-1.jpeg 500w, https:\/\/www.cocondedecoration.com\/blog\/wp-content\/uploads\/2022\/08\/rangement-sous-escaliers-a-monter-soi-meme-1-165x165.jpeg 165w, https:\/\/www.cocondedecoration.com\/blog\/wp-content\/uploads\/2022\/08\/rangement-sous-escaliers-a-monter-soi-meme-1-260x260.jpeg 260w, https:\/\/www.cocondedecoration.com\/blog\/wp-content\/uploads\/2022\/08\/rangement-sous-escaliers-a-monter-soi-meme-1-465x465.jpeg 465w\" sizes=\"(max-width: 500px) 100vw, 500px\" \/><figcaption><a href=\"https:\/\/tidd.ly\/3d3zbtW\" target=\"_blank\" rel=\"noreferrer noopener\" aria-label=\"Meuble de rangement en escalier blanc fond gris (s&rsquo;ouvre dans un nouvel onglet)\">Meuble de rangement en escalier blanc fond gris<\/a> - Leroy Merlin<\/figcaption><\/figure><figure class=\"wp-block-image\"><img loading=\"lazy\" decoding=\"async\" width=\"500\" height=\"500\" src=\"http:\/\/www.cocondedecoration.com\/blog\/wp-content\/uploads\/2022\/08\/rangement-sous-escaliers-a-monter-soi-meme-5.jpeg\" alt=\"rangement sous escaliers a monter soi meme Biblioth&egrave;que Blanche - Meuble casier rangement cube avec portes tiroirs - Etag&egrave;re 3 niveaux\" class=\"wp-image-51513\" srcset=\"https:\/\/www.cocondedecoration.com\/blog\/wp-content\/uploads\/2022\/08\/rangement-sous-escaliers-a-monter-soi-meme-5.jpeg 500w, https:\/\/www.cocondedecoration.com\/blog\/wp-content\/uploads\/2022\/08\/rangement-sous-escaliers-a-monter-soi-meme-5-165x165.jpeg 165w, https:\/\/www.cocondedecoration.com\/blog\/wp-content\/uploads\/2022\/08\/rangement-sous-escaliers-a-monter-soi-meme-5-260x260.jpeg 260w, https:\/\/www.cocondedecoration.com\/blog\/wp-content\/uploads\/2022\/08\/rangement-sous-escaliers-a-monter-soi-meme-5-465x465.jpeg 465w\" sizes=\"(max-width: 500px) 100vw, 500px\" \/><figcaption><a href=\"https:\/\/tidd.ly\/3BPzHpL\" target=\"_blank\" rel=\"noreferrer noopener\" aria-label=\"Biblioth&egrave;que Blanche - Etag&egrave;re 3 niveaux (s&rsquo;ouvre dans un nouvel onglet)\">Biblioth&egrave;que Blanche - Etag&egrave;re 3 niveaux<\/a> - Leroy Merlin<\/figcaption><\/figure><figure class=\"wp-block-image\"><img loading=\"lazy\" decoding=\"async\" width=\"500\" height=\"500\" src=\"http:\/\/www.cocondedecoration.com\/blog\/wp-content\/uploads\/2022\/08\/meuble-pratique-deco-sous-escaliers-1.jpeg\" alt=\"meuble pratique deco sous escaliers Armoire &Agrave; Chaussure &Eacute;tag&egrave;re Escalier Meuble De Rangement Modulable 6 Compartiments Ouverts\" class=\"wp-image-51517\" srcset=\"https:\/\/www.cocondedecoration.com\/blog\/wp-content\/uploads\/2022\/08\/meuble-pratique-deco-sous-escaliers-1.jpeg 500w, https:\/\/www.cocondedecoration.com\/blog\/wp-content\/uploads\/2022\/08\/meuble-pratique-deco-sous-escaliers-1-165x165.jpeg 165w, https:\/\/www.cocondedecoration.com\/blog\/wp-content\/uploads\/2022\/08\/meuble-pratique-deco-sous-escaliers-1-260x260.jpeg 260w, https:\/\/www.cocondedecoration.com\/blog\/wp-content\/uploads\/2022\/08\/meuble-pratique-deco-sous-escaliers-1-465x465.jpeg 465w\" sizes=\"(max-width: 500px) 100vw, 500px\" \/><figcaption><a href=\"https:\/\/tidd.ly\/3P9bXjA\" target=\"_blank\" rel=\"noreferrer noopener\" aria-label=\"Armoire &Agrave; Chaussure &Eacute;tag&egrave;re Escalier (s&rsquo;ouvre dans un nouvel onglet)\">Armoire &Agrave; Chaussure &Eacute;tag&egrave;re Escalier<\/a> - But<\/figcaption><\/figure><figure class=\"wp-block-image\"><img loading=\"lazy\" decoding=\"async\" width=\"500\" height=\"500\" src=\"http:\/\/www.cocondedecoration.com\/blog\/wp-content\/uploads\/2022\/08\/meuble-pratique-deco-sous-escaliers-5.jpeg\" alt=\"meuble pratique deco sous escaliers Biblioth&egrave;que Escalier 6 Cases Naturel \" class=\"wp-image-51521\" srcset=\"https:\/\/www.cocondedecoration.com\/blog\/wp-content\/uploads\/2022\/08\/meuble-pratique-deco-sous-escaliers-5.jpeg 500w, https:\/\/www.cocondedecoration.com\/blog\/wp-content\/uploads\/2022\/08\/meuble-pratique-deco-sous-escaliers-5-165x165.jpeg 165w, https:\/\/www.cocondedecoration.com\/blog\/wp-content\/uploads\/2022\/08\/meuble-pratique-deco-sous-escaliers-5-260x260.jpeg 260w, https:\/\/www.cocondedecoration.com\/blog\/wp-content\/uploads\/2022\/08\/meuble-pratique-deco-sous-escaliers-5-465x465.jpeg 465w\" sizes=\"(max-width: 500px) 100vw, 500px\" \/><figcaption><a href=\"https:\/\/tidd.ly\/3SBLdeg\" target=\"_blank\" rel=\"noreferrer noopener\" aria-label=\"Biblioth&egrave;que Escalier 6 Cases Naturel (s&rsquo;ouvre dans un nouvel onglet)\">Biblioth&egrave;que Escalier 6 Cases Naturel<\/a> - But<\/figcaption><\/figure><\/div>\n\n\n\n<div class=\"wp-block-column is-layout-flow wp-block-column-is-layout-flow\">\n<figure class=\"wp-block-image\"><img loading=\"lazy\" decoding=\"async\" width=\"500\" height=\"500\" src=\"http:\/\/www.cocondedecoration.com\/blog\/wp-content\/uploads\/2022\/08\/meuble-casier-sous-escaliers-2.jpeg\" alt=\"meuble casier sous escaliers Etag&egrave;re de rangement avec 6 cases en escalier blanc\" class=\"wp-image-51526\" srcset=\"https:\/\/www.cocondedecoration.com\/blog\/wp-content\/uploads\/2022\/08\/meuble-casier-sous-escaliers-2.jpeg 500w, https:\/\/www.cocondedecoration.com\/blog\/wp-content\/uploads\/2022\/08\/meuble-casier-sous-escaliers-2-165x165.jpeg 165w, https:\/\/www.cocondedecoration.com\/blog\/wp-content\/uploads\/2022\/08\/meuble-casier-sous-escaliers-2-260x260.jpeg 260w, https:\/\/www.cocondedecoration.com\/blog\/wp-content\/uploads\/2022\/08\/meuble-casier-sous-escaliers-2-465x465.jpeg 465w\" sizes=\"(max-width: 500px) 100vw, 500px\" \/><figcaption><a href=\"https:\/\/fnty.co\/c\/r-giutLZhS\" target=\"_blank\" rel=\"noreferrer noopener\" aria-label=\"Etag&egrave;re avec 6 cases en escalier (s&rsquo;ouvre dans un nouvel onglet)\">Etag&egrave;re avec 6 cases en escalier<\/a> - Maisons du Monde<\/figcaption><\/figure><figure class=\"wp-block-image\"><img loading=\"lazy\" decoding=\"async\" width=\"500\" height=\"500\" src=\"http:\/\/www.cocondedecoration.com\/blog\/wp-content\/uploads\/2022\/08\/rangement-sous-escaliers-a-monter-soi-meme-2.jpeg\" alt=\"rangement sous escaliers a monter soi meme Meuble de rangement en escalier LIAM 4 niveaux bois fa&ccedil;on h&ecirc;tre avec porte et tiroirs\" class=\"wp-image-51510\" srcset=\"https:\/\/www.cocondedecoration.com\/blog\/wp-content\/uploads\/2022\/08\/rangement-sous-escaliers-a-monter-soi-meme-2.jpeg 500w, https:\/\/www.cocondedecoration.com\/blog\/wp-content\/uploads\/2022\/08\/rangement-sous-escaliers-a-monter-soi-meme-2-165x165.jpeg 165w, https:\/\/www.cocondedecoration.com\/blog\/wp-content\/uploads\/2022\/08\/rangement-sous-escaliers-a-monter-soi-meme-2-260x260.jpeg 260w, https:\/\/www.cocondedecoration.com\/blog\/wp-content\/uploads\/2022\/08\/rangement-sous-escaliers-a-monter-soi-meme-2-465x465.jpeg 465w\" sizes=\"(max-width: 500px) 100vw, 500px\" \/><figcaption><a href=\"https:\/\/tidd.ly\/3dfpvwH\" target=\"_blank\" rel=\"noreferrer noopener\" aria-label=\"Meuble de rangement en escalier fa&ccedil;on h&ecirc;tre (s&rsquo;ouvre dans un nouvel onglet)\">Meuble de rangement en escalier fa&ccedil;on h&ecirc;tre<\/a> - Leroy Merlin<\/figcaption><\/figure><figure class=\"wp-block-image\"><img loading=\"lazy\" decoding=\"async\" width=\"500\" height=\"500\" src=\"http:\/\/www.cocondedecoration.com\/blog\/wp-content\/uploads\/2022\/08\/rangement-sous-escaliers-a-monter-soi-meme-6.jpeg\" alt=\"rangement sous escaliers a monter soi meme Composition murale Kub, blanc ch&ecirc;ne\" class=\"wp-image-51514\" srcset=\"https:\/\/www.cocondedecoration.com\/blog\/wp-content\/uploads\/2022\/08\/rangement-sous-escaliers-a-monter-soi-meme-6.jpeg 500w, https:\/\/www.cocondedecoration.com\/blog\/wp-content\/uploads\/2022\/08\/rangement-sous-escaliers-a-monter-soi-meme-6-165x165.jpeg 165w, https:\/\/www.cocondedecoration.com\/blog\/wp-content\/uploads\/2022\/08\/rangement-sous-escaliers-a-monter-soi-meme-6-260x260.jpeg 260w, https:\/\/www.cocondedecoration.com\/blog\/wp-content\/uploads\/2022\/08\/rangement-sous-escaliers-a-monter-soi-meme-6-465x465.jpeg 465w\" sizes=\"(max-width: 500px) 100vw, 500px\" \/><figcaption><a href=\"https:\/\/tidd.ly\/3p3mmCU\" target=\"_blank\" rel=\"noreferrer noopener\" aria-label=\"Composition murale Kub, blanc ch&ecirc;ne (s&rsquo;ouvre dans un nouvel onglet)\">Composition murale Kub, blanc ch&ecirc;ne<\/a> - Leroy Merlin<\/figcaption><\/figure><figure class=\"wp-block-image\"><img loading=\"lazy\" decoding=\"async\" width=\"500\" height=\"500\" src=\"http:\/\/www.cocondedecoration.com\/blog\/wp-content\/uploads\/2022\/08\/meuble-pratique-deco-sous-escaliers-2.jpeg\" alt=\"meuble pratique deco sous escaliers &Eacute;tag&egrave;re Escalier 10 Compartiments Blanc - L129,5 Cm\" class=\"wp-image-51518\" srcset=\"https:\/\/www.cocondedecoration.com\/blog\/wp-content\/uploads\/2022\/08\/meuble-pratique-deco-sous-escaliers-2.jpeg 500w, https:\/\/www.cocondedecoration.com\/blog\/wp-content\/uploads\/2022\/08\/meuble-pratique-deco-sous-escaliers-2-165x165.jpeg 165w, https:\/\/www.cocondedecoration.com\/blog\/wp-content\/uploads\/2022\/08\/meuble-pratique-deco-sous-escaliers-2-260x260.jpeg 260w, https:\/\/www.cocondedecoration.com\/blog\/wp-content\/uploads\/2022\/08\/meuble-pratique-deco-sous-escaliers-2-465x465.jpeg 465w\" sizes=\"(max-width: 500px) 100vw, 500px\" \/><figcaption><a href=\"https:\/\/tidd.ly\/3A4YpBa\" target=\"_blank\" rel=\"noreferrer noopener\" aria-label=\"&Eacute;tag&egrave;re Escalier 10 Compartiments Blanc (s&rsquo;ouvre dans un nouvel onglet)\">&Eacute;tag&egrave;re Escalier 10 Compartiments Blanc<\/a> - But<\/figcaption><\/figure><figure class=\"wp-block-image\"><img loading=\"lazy\" decoding=\"async\" width=\"500\" height=\"500\" src=\"http:\/\/www.cocondedecoration.com\/blog\/wp-content\/uploads\/2022\/08\/meuble-pratique-deco-sous-escaliers-6.jpeg\" alt=\"meuble pratique deco sous escaliers Biblioth&egrave;que Escalier 6 Cases Blanc\" class=\"wp-image-51522\" srcset=\"https:\/\/www.cocondedecoration.com\/blog\/wp-content\/uploads\/2022\/08\/meuble-pratique-deco-sous-escaliers-6.jpeg 500w, https:\/\/www.cocondedecoration.com\/blog\/wp-content\/uploads\/2022\/08\/meuble-pratique-deco-sous-escaliers-6-165x165.jpeg 165w, https:\/\/www.cocondedecoration.com\/blog\/wp-content\/uploads\/2022\/08\/meuble-pratique-deco-sous-escaliers-6-260x260.jpeg 260w, https:\/\/www.cocondedecoration.com\/blog\/wp-content\/uploads\/2022\/08\/meuble-pratique-deco-sous-escaliers-6-465x465.jpeg 465w\" sizes=\"(max-width: 500px) 100vw, 500px\" \/><figcaption><a href=\"https:\/\/tidd.ly\/3plMh93\" target=\"_blank\" rel=\"noreferrer noopener\" aria-label=\"Biblioth&egrave;que Escalier 6 Cases Blanc (s&rsquo;ouvre dans un nouvel onglet)\">Biblioth&egrave;que Escalier 6 Cases Blanc<\/a> - But<\/figcaption><\/figure><\/div>\n\n\n\n<div class=\"wp-block-column is-layout-flow wp-block-column-is-layout-flow\">\n<figure class=\"wp-block-image\"><img loading=\"lazy\" decoding=\"async\" width=\"500\" height=\"500\" src=\"http:\/\/www.cocondedecoration.com\/blog\/wp-content\/uploads\/2022\/08\/meuble-casier-sous-escaliers-3.jpeg\" alt=\"meuble casier sous escaliers Meuble 6 Cases en Escalier effet bois\" class=\"wp-image-51527\" srcset=\"https:\/\/www.cocondedecoration.com\/blog\/wp-content\/uploads\/2022\/08\/meuble-casier-sous-escaliers-3.jpeg 500w, https:\/\/www.cocondedecoration.com\/blog\/wp-content\/uploads\/2022\/08\/meuble-casier-sous-escaliers-3-165x165.jpeg 165w, https:\/\/www.cocondedecoration.com\/blog\/wp-content\/uploads\/2022\/08\/meuble-casier-sous-escaliers-3-260x260.jpeg 260w, https:\/\/www.cocondedecoration.com\/blog\/wp-content\/uploads\/2022\/08\/meuble-casier-sous-escaliers-3-465x465.jpeg 465w\" sizes=\"(max-width: 500px) 100vw, 500px\" \/><figcaption><a href=\"https:\/\/fnty.co\/c\/r-youLdVWv\" target=\"_blank\" rel=\"noreferrer noopener\" aria-label=\"Meuble 6 Cases en Escalier (s&rsquo;ouvre dans un nouvel onglet)\">Meuble 6 Cases en Escalier<\/a> - Maisons du Monde<\/figcaption><\/figure><figure class=\"wp-block-image\"><img loading=\"lazy\" decoding=\"async\" width=\"500\" height=\"500\" src=\"http:\/\/www.cocondedecoration.com\/blog\/wp-content\/uploads\/2022\/08\/rangement-sous-escaliers-a-monter-soi-meme-3.jpeg\" alt=\"rangement sous escaliers a monter soi meme Meuble de rangement en escalier LIAM 4 niveaux bois blanc avec porte et tiroirs\" class=\"wp-image-51511\" srcset=\"https:\/\/www.cocondedecoration.com\/blog\/wp-content\/uploads\/2022\/08\/rangement-sous-escaliers-a-monter-soi-meme-3.jpeg 500w, https:\/\/www.cocondedecoration.com\/blog\/wp-content\/uploads\/2022\/08\/rangement-sous-escaliers-a-monter-soi-meme-3-165x165.jpeg 165w, https:\/\/www.cocondedecoration.com\/blog\/wp-content\/uploads\/2022\/08\/rangement-sous-escaliers-a-monter-soi-meme-3-260x260.jpeg 260w, https:\/\/www.cocondedecoration.com\/blog\/wp-content\/uploads\/2022\/08\/rangement-sous-escaliers-a-monter-soi-meme-3-465x465.jpeg 465w\" sizes=\"(max-width: 500px) 100vw, 500px\" \/><figcaption><a href=\"https:\/\/tidd.ly\/3demI71\" target=\"_blank\" rel=\"noreferrer noopener\" aria-label=\"Meuble de rangement en escalier blanc (s&rsquo;ouvre dans un nouvel onglet)\">Meuble de rangement en escalier blanc<\/a> - Leroy Merlin<\/figcaption><\/figure><figure class=\"wp-block-image\"><img loading=\"lazy\" decoding=\"async\" width=\"500\" height=\"500\" src=\"http:\/\/www.cocondedecoration.com\/blog\/wp-content\/uploads\/2022\/08\/rangement-sous-escaliers-a-monter-soi-meme-7.jpeg\" alt=\"rangement sous escaliers a monter soi meme Meuble de rangement mural\" class=\"wp-image-51515\" srcset=\"https:\/\/www.cocondedecoration.com\/blog\/wp-content\/uploads\/2022\/08\/rangement-sous-escaliers-a-monter-soi-meme-7.jpeg 500w, https:\/\/www.cocondedecoration.com\/blog\/wp-content\/uploads\/2022\/08\/rangement-sous-escaliers-a-monter-soi-meme-7-165x165.jpeg 165w, https:\/\/www.cocondedecoration.com\/blog\/wp-content\/uploads\/2022\/08\/rangement-sous-escaliers-a-monter-soi-meme-7-260x260.jpeg 260w, https:\/\/www.cocondedecoration.com\/blog\/wp-content\/uploads\/2022\/08\/rangement-sous-escaliers-a-monter-soi-meme-7-465x465.jpeg 465w\" sizes=\"(max-width: 500px) 100vw, 500px\" \/><figcaption><a href=\"https:\/\/tidd.ly\/3QoxAhn\" target=\"_blank\" rel=\"noreferrer noopener\" aria-label=\"Meuble de rangement mural (s&rsquo;ouvre dans un nouvel onglet)\">Meuble de rangement mural<\/a> - Leroy Merlin<\/figcaption><\/figure><figure class=\"wp-block-image\"><img loading=\"lazy\" decoding=\"async\" width=\"500\" height=\"500\" src=\"http:\/\/www.cocondedecoration.com\/blog\/wp-content\/uploads\/2022\/08\/meuble-pratique-deco-sous-escaliers-3.jpeg\" alt=\"meuble pratique deco sous escaliers Biblioth&egrave;que, &Eacute;tag&egrave;re Escalier, Cloison S&eacute;parateur, Meuble De Rangement, 10 Compartiments Lbc10bx\" class=\"wp-image-51519\" srcset=\"https:\/\/www.cocondedecoration.com\/blog\/wp-content\/uploads\/2022\/08\/meuble-pratique-deco-sous-escaliers-3.jpeg 500w, https:\/\/www.cocondedecoration.com\/blog\/wp-content\/uploads\/2022\/08\/meuble-pratique-deco-sous-escaliers-3-165x165.jpeg 165w, https:\/\/www.cocondedecoration.com\/blog\/wp-content\/uploads\/2022\/08\/meuble-pratique-deco-sous-escaliers-3-260x260.jpeg 260w, https:\/\/www.cocondedecoration.com\/blog\/wp-content\/uploads\/2022\/08\/meuble-pratique-deco-sous-escaliers-3-465x465.jpeg 465w\" sizes=\"(max-width: 500px) 100vw, 500px\" \/><figcaption><a href=\"https:\/\/tidd.ly\/3QbdpDa\" target=\"_blank\" rel=\"noreferrer noopener\" aria-label=\"Biblioth&egrave;que, &Eacute;tag&egrave;re Escalier, Cloison (s&rsquo;ouvre dans un nouvel onglet)\">Biblioth&egrave;que, &Eacute;tag&egrave;re Escalier, Cloison<\/a> - But<\/figcaption><\/figure><figure class=\"wp-block-image\"><img loading=\"lazy\" decoding=\"async\" width=\"500\" height=\"500\" src=\"http:\/\/www.cocondedecoration.com\/blog\/wp-content\/uploads\/2022\/08\/meuble-pratique-deco-sous-escaliers-7.jpeg\" alt=\"meuble pratique deco sous escaliers Etag&egrave;re Escalier 10 Niches Blanc\" class=\"wp-image-51523\" srcset=\"https:\/\/www.cocondedecoration.com\/blog\/wp-content\/uploads\/2022\/08\/meuble-pratique-deco-sous-escaliers-7.jpeg 500w, https:\/\/www.cocondedecoration.com\/blog\/wp-content\/uploads\/2022\/08\/meuble-pratique-deco-sous-escaliers-7-165x165.jpeg 165w, https:\/\/www.cocondedecoration.com\/blog\/wp-content\/uploads\/2022\/08\/meuble-pratique-deco-sous-escaliers-7-260x260.jpeg 260w, https:\/\/www.cocondedecoration.com\/blog\/wp-content\/uploads\/2022\/08\/meuble-pratique-deco-sous-escaliers-7-465x465.jpeg 465w\" sizes=\"(max-width: 500px) 100vw, 500px\" \/><figcaption><a href=\"https:\/\/tidd.ly\/3A5QLqk\" target=\"_blank\" rel=\"noreferrer noopener\" aria-label=\"Etag&egrave;re Escalier 10 Niches Blanc (s&rsquo;ouvre dans un nouvel onglet)\">Etag&egrave;re Escalier 10 Niches Blanc<\/a> - But<\/figcaption><\/figure><\/div>\n\n\n\n<div class=\"wp-block-column is-layout-flow wp-block-column-is-layout-flow\">\n<figure class=\"wp-block-image\"><img loading=\"lazy\" decoding=\"async\" width=\"500\" height=\"500\" src=\"http:\/\/www.cocondedecoration.com\/blog\/wp-content\/uploads\/2022\/08\/meuble-casier-sous-escaliers-4.jpeg\" alt=\"meuble casier sous escaliers Biblioth&egrave;que escalier blanc\/bois avec 6 cubes L108cm x H110cm\" class=\"wp-image-51528\" srcset=\"https:\/\/www.cocondedecoration.com\/blog\/wp-content\/uploads\/2022\/08\/meuble-casier-sous-escaliers-4.jpeg 500w, https:\/\/www.cocondedecoration.com\/blog\/wp-content\/uploads\/2022\/08\/meuble-casier-sous-escaliers-4-165x165.jpeg 165w, https:\/\/www.cocondedecoration.com\/blog\/wp-content\/uploads\/2022\/08\/meuble-casier-sous-escaliers-4-260x260.jpeg 260w, https:\/\/www.cocondedecoration.com\/blog\/wp-content\/uploads\/2022\/08\/meuble-casier-sous-escaliers-4-465x465.jpeg 465w\" sizes=\"(max-width: 500px) 100vw, 500px\" \/><figcaption><a href=\"https:\/\/fnty.co\/c\/r-klfpTvTV\" target=\"_blank\" rel=\"noreferrer noopener\" aria-label=\"Biblioth&egrave;que escalier blanc\/bois avec 6 cubes (s&rsquo;ouvre dans un nouvel onglet)\">Biblioth&egrave;que escalier blanc\/bois avec 6 cubes<\/a> - Maisons du Monde<\/figcaption><\/figure><figure class=\"wp-block-image\"><img loading=\"lazy\" decoding=\"async\" width=\"500\" height=\"500\" src=\"http:\/\/www.cocondedecoration.com\/blog\/wp-content\/uploads\/2022\/08\/rangement-sous-escaliers-a-monter-soi-meme-4.jpeg\" alt=\"rangement sous escaliers a monter soi meme Meuble de rangement pour entr&eacute;e\" class=\"wp-image-51512\" srcset=\"https:\/\/www.cocondedecoration.com\/blog\/wp-content\/uploads\/2022\/08\/rangement-sous-escaliers-a-monter-soi-meme-4.jpeg 500w, https:\/\/www.cocondedecoration.com\/blog\/wp-content\/uploads\/2022\/08\/rangement-sous-escaliers-a-monter-soi-meme-4-165x165.jpeg 165w, https:\/\/www.cocondedecoration.com\/blog\/wp-content\/uploads\/2022\/08\/rangement-sous-escaliers-a-monter-soi-meme-4-260x260.jpeg 260w, https:\/\/www.cocondedecoration.com\/blog\/wp-content\/uploads\/2022\/08\/rangement-sous-escaliers-a-monter-soi-meme-4-465x465.jpeg 465w\" sizes=\"(max-width: 500px) 100vw, 500px\" \/><figcaption><a href=\"https:\/\/tidd.ly\/3dihCXr\" target=\"_blank\" rel=\"noreferrer noopener\" aria-label=\"Meuble de rangement (s&rsquo;ouvre dans un nouvel onglet)\">Meuble de rangement<\/a> - Leroy Merlin <\/figcaption><\/figure><figure class=\"wp-block-image\"><img loading=\"lazy\" decoding=\"async\" width=\"500\" height=\"500\" src=\"http:\/\/www.cocondedecoration.com\/blog\/wp-content\/uploads\/2022\/08\/rangement-sous-escaliers-a-monter-soi-meme-8.jpeg\" alt=\"rangement sous escaliers a monter soi meme Meuble de rangement mural blanc\" class=\"wp-image-51516\" srcset=\"https:\/\/www.cocondedecoration.com\/blog\/wp-content\/uploads\/2022\/08\/rangement-sous-escaliers-a-monter-soi-meme-8.jpeg 500w, https:\/\/www.cocondedecoration.com\/blog\/wp-content\/uploads\/2022\/08\/rangement-sous-escaliers-a-monter-soi-meme-8-165x165.jpeg 165w, https:\/\/www.cocondedecoration.com\/blog\/wp-content\/uploads\/2022\/08\/rangement-sous-escaliers-a-monter-soi-meme-8-260x260.jpeg 260w, https:\/\/www.cocondedecoration.com\/blog\/wp-content\/uploads\/2022\/08\/rangement-sous-escaliers-a-monter-soi-meme-8-465x465.jpeg 465w\" sizes=\"(max-width: 500px) 100vw, 500px\" \/><figcaption><a href=\"https:\/\/tidd.ly\/3SBl0g8\" target=\"_blank\" rel=\"noreferrer noopener\" aria-label=\"Meuble de rangement mural blanc (s&rsquo;ouvre dans un nouvel onglet)\">Meuble de rangement mural blanc<\/a> - Leroy Merlin<\/figcaption><\/figure><figure class=\"wp-block-image\"><img loading=\"lazy\" decoding=\"async\" width=\"500\" height=\"500\" src=\"http:\/\/www.cocondedecoration.com\/blog\/wp-content\/uploads\/2022\/08\/meuble-pratique-deco-sous-escaliers-4.jpeg\" alt=\"meuble pratique deco sous escaliers &Eacute;tag&egrave;re Biblioth&egrave;que Style Industriel En Escalier 5 &Eacute;tag&egrave;res\" class=\"wp-image-51520\" srcset=\"https:\/\/www.cocondedecoration.com\/blog\/wp-content\/uploads\/2022\/08\/meuble-pratique-deco-sous-escaliers-4.jpeg 500w, https:\/\/www.cocondedecoration.com\/blog\/wp-content\/uploads\/2022\/08\/meuble-pratique-deco-sous-escaliers-4-165x165.jpeg 165w, https:\/\/www.cocondedecoration.com\/blog\/wp-content\/uploads\/2022\/08\/meuble-pratique-deco-sous-escaliers-4-260x260.jpeg 260w, https:\/\/www.cocondedecoration.com\/blog\/wp-content\/uploads\/2022\/08\/meuble-pratique-deco-sous-escaliers-4-465x465.jpeg 465w\" sizes=\"(max-width: 500px) 100vw, 500px\" \/><figcaption><a href=\"https:\/\/tidd.ly\/3bGGasv\" target=\"_blank\" rel=\"noreferrer noopener\" aria-label=\"&Eacute;tag&egrave;re Biblioth&egrave;que Style Industriel En Escalier (s&rsquo;ouvre dans un nouvel onglet)\">&Eacute;tag&egrave;re Biblioth&egrave;que Style Industriel En Escalier<\/a> - But<\/figcaption><\/figure><figure class=\"wp-block-image\"><img loading=\"lazy\" decoding=\"async\" width=\"500\" height=\"500\" src=\"http:\/\/www.cocondedecoration.com\/blog\/wp-content\/uploads\/2022\/08\/meuble-pratique-deco-sous-escaliers-8.jpeg\" alt=\"meuble pratique deco sous escaliers &Eacute;tag&egrave;res Escalier En Acier Noir\" class=\"wp-image-51524\" srcset=\"https:\/\/www.cocondedecoration.com\/blog\/wp-content\/uploads\/2022\/08\/meuble-pratique-deco-sous-escaliers-8.jpeg 500w, https:\/\/www.cocondedecoration.com\/blog\/wp-content\/uploads\/2022\/08\/meuble-pratique-deco-sous-escaliers-8-165x165.jpeg 165w, https:\/\/www.cocondedecoration.com\/blog\/wp-content\/uploads\/2022\/08\/meuble-pratique-deco-sous-escaliers-8-260x260.jpeg 260w, https:\/\/www.cocondedecoration.com\/blog\/wp-content\/uploads\/2022\/08\/meuble-pratique-deco-sous-escaliers-8-465x465.jpeg 465w\" sizes=\"(max-width: 500px) 100vw, 500px\" \/><figcaption><a href=\"https:\/\/tidd.ly\/3QtV2t6\" target=\"_blank\" rel=\"noreferrer noopener\" aria-label=\"&Eacute;tag&egrave;res Escalier En Acier Noir (s&rsquo;ouvre dans un nouvel onglet)\">&Eacute;tag&egrave;res Escalier En Acier Noir<\/a> - But<\/figcaption><\/figure><\/div>\n<\/div>\n\n\n\n<hr class=\"wp-block-separator\"><p class=\"has-text-align-center has-medium-font-size\">Ne perdons pas contact \ud83d\ude42 Rejoignez moi sur <a href=\"https:\/\/www.pinterest.fr\/cocondedeco\/\" target=\"_blank\" rel=\"noopener\" title=\"\">Pinterest<\/a> |&nbsp;<a href=\"https:\/\/www.threads.net\/@cocondedeco\" target=\"_blank\" rel=\"noopener\" title=\"\">Threads<\/a> | <a href=\"https:\/\/www.patreon.com\/collection\/162946?view=expanded\" target=\"_blank\" rel=\"noopener\" title=\"\">la Newsletter<\/a> <br>Vous aimez lire le blog? Vous souhaitez continuer &agrave; le lire? <a href=\"https:\/\/www.patreon.com\/cocondedeco\" target=\"_blank\" rel=\"noopener\" title=\"\">Devenez m&eacute;c&egrave;ne<\/a> sur Patreon et contribuez &agrave; sa survie. <\/p>\n\n\n\n<hr class=\"wp-block-separator\"><div class=\"wp-block-columns has-2-columns is-layout-flex wp-container-core-columns-layout-3 wp-block-columns-is-layout-flex\">\n<div class=\"wp-block-column is-layout-flow wp-block-column-is-layout-flow\">\n<p style=\"text-align:center\" class=\"has-medium-font-size\">Plus de conseils d&eacute;co pour gagner de la place dans votre int&eacute;rieur<\/p>\n\n\n\n<ul><li><a href=\"http:\/\/eepurl.com\/dnxxhP\" target=\"_blank\" rel=\"noreferrer noopener\" aria-label=\"[Newsletter] Inscrivez-vous ici pour recevoir la newsletter d&eacute;co du blog gratuitement  (s&rsquo;ouvre dans un nouvel onglet)\">[Newsletter] Inscrivez-vous ici pour recevoir la newsletter d&eacute;co du blog gratuitement <\/a><\/li><li><a rel=\"noreferrer noopener\" aria-label=\"[Conseils d&eacute;co] Comment gagner de la place dans les placards et armoires?  (s&rsquo;ouvre dans un nouvel onglet)\" href=\"http:\/\/www.cocondedecoration.com\/blog\/2020\/11\/gain-de-place-placard-armoire\/\" target=\"_blank\">[Conseils d&eacute;co] Comment gagner de la place dans les placards et armoires? <\/a><\/li><li><a rel=\"noreferrer noopener\" aria-label=\"[Conseils d&eacute;co] Comment d&eacute;corer et am&eacute;nager une petite entr&eacute;e? (s&rsquo;ouvre dans un nouvel onglet)\" href=\"http:\/\/www.cocondedecoration.com\/blog\/2020\/04\/conseils-deco-comment-decorer-et-amenager-une-petite-entree\/\" target=\"_blank\">[Conseils d&eacute;co] Comment d&eacute;corer et am&eacute;nager une petite entr&eacute;e?<\/a><\/li><li><a rel=\"noreferrer noopener\" aria-label=\"[Conseils d&eacute;co] Comment gagner de la place dans la cuisine?  (s&rsquo;ouvre dans un nouvel onglet)\" href=\"http:\/\/www.cocondedecoration.com\/blog\/2020\/10\/comment-gagner-place-cuisine\/\" target=\"_blank\">[Conseils d&eacute;co] Comment gagner de la place dans la cuisine? <\/a><\/li><li><a rel=\"noreferrer noopener\" aria-label=\"[Conseils d&eacute;co] Comment choisir son meuble &agrave; chaussures?  (s&rsquo;ouvre dans un nouvel onglet)\" href=\"http:\/\/www.cocondedecoration.com\/blog\/2020\/03\/pratique-comment-choisir-son-meuble-a-chaussures\/\" target=\"_blank\">[Conseils d&eacute;co] Comment choisir son meuble &agrave; chaussures? <\/a><\/li><li><a rel=\"noreferrer noopener\" aria-label=\"[Conseils d&eacute;co] Comment gagner de la place dans l'entr&eacute;e?  (s&rsquo;ouvre dans un nouvel onglet)\" href=\"http:\/\/www.cocondedecoration.com\/blog\/2020\/06\/conseils-deco-comment-gagner-de-la-place-dans-lentree\/\" target=\"_blank\">[Conseils d&eacute;co] Comment gagner de la place dans l'entr&eacute;e? <\/a><\/li><\/ul><\/div>\n\n\n\n<div class=\"wp-block-column is-layout-flow wp-block-column-is-layout-flow\">\n<p class=\"has-text-align-center has-medium-font-size\" style=\"padding-top:var(--wp--preset--spacing--40);padding-bottom:var(--wp--preset--spacing--40)\"><strong>Devenez m&eacute;c&egrave;ne du blog <\/strong><\/p>\n\n\n\n<hr class=\"wp-block-separator has-alpha-channel-opacity is-style-wide\"><p style=\"padding-right:var(--wp--preset--spacing--30);padding-left:var(--wp--preset--spacing--30)\">Soutenez mon travail sur le blog et acc&eacute;dez &agrave; des contreparties exclusives: <\/p>\n\n\n\n<ul style=\"padding-right:var(--wp--preset--spacing--40);padding-left:var(--wp--preset--spacing--40)\"><li>Plusieurs centaines d'articles d&eacute;co, lifestyle &amp; voyage r&eacute;serv&eacute;s aux abonn&eacute;&bull;e&bull;s <\/li>\n\n\n\n<li>Toutes les entr&eacute;es de mon side project - mon dictionnaire nomade <\/li>\n\n\n\n<li>Une publicit&eacute; limit&eacute;e sur les articles Patreon <\/li>\n<\/ul><div class=\"wp-block-buttons is-content-justification-center is-layout-flex wp-container-core-buttons-layout-1 wp-block-buttons-is-layout-flex\">\n<div class=\"wp-block-button\"><a class=\"wp-block-button__link wp-element-button\" href=\"https:\/\/www.patreon.com\/cocondedeco\" target=\"_blank\" rel=\"noreferrer noopener\">Soutenir le blog maintenant<\/a><\/div>\n<\/div>\n<\/div>\n<\/div>\n\n\n\n<div class=\"wp-block-image\"><figure class=\"aligncenter\"><img loading=\"lazy\" decoding=\"async\" width=\"732\" height=\"495\" src=\"http:\/\/www.cocondedecoration.com\/blog\/wp-content\/uploads\/2020\/12\/amenagement-sous-escaliers-conseils-deco.jpg\" alt=\"amenagement sous escaliers conseils deco\" class=\"wp-image-32549\" srcset=\"https:\/\/www.cocondedecoration.com\/blog\/wp-content\/uploads\/2020\/12\/amenagement-sous-escaliers-conseils-deco.jpg 732w, https:\/\/www.cocondedecoration.com\/blog\/wp-content\/uploads\/2020\/12\/amenagement-sous-escaliers-conseils-deco-260x176.jpg 260w, https:\/\/www.cocondedecoration.com\/blog\/wp-content\/uploads\/2020\/12\/amenagement-sous-escaliers-conseils-deco-640x433.jpg 640w, https:\/\/www.cocondedecoration.com\/blog\/wp-content\/uploads\/2020\/12\/amenagement-sous-escaliers-conseils-deco-465x314.jpg 465w, https:\/\/www.cocondedecoration.com\/blog\/wp-content\/uploads\/2020\/12\/amenagement-sous-escaliers-conseils-deco-695x470.jpg 695w\" sizes=\"(max-width: 732px) 100vw, 732px\" \/><figcaption><a href=\"https:\/\/louiseansay.com\/conseil-deco-amenager-coin-bureau-a-maison\/rangements-solutions-gain-de-place\/\" target=\"_blank\" rel=\"noreferrer noopener\" aria-label=\"&copy; Louise Ansay (s&rsquo;ouvre dans un nouvel onglet)\">&copy; Louise Ansay<\/a> (je vous conseille son site en passant!)<\/figcaption><\/figure><\/div><\/body><\/html>\n","protected":false},"excerpt":{"rendered":"<p>Un dessous d&rsquo;escaliers n&rsquo;est pas toujours \u00e9vident \u00e0 am\u00e9nager. Comme les combles, la pente de l&rsquo;escalier ne permet pas forc\u00e9ment d&rsquo;utiliser des meubles standards pour meubler cet espace. Il y a diff\u00e9rentes mani\u00e8res d&rsquo;aborder cette probl\u00e9matique. Mais pour que ce soit efficace, la premi\u00e8re chose \u00e0 vous demander est: quels<span class=\"more-link\"><a href=\"https:\/\/www.cocondedecoration.com\/blog\/2020\/12\/optimiser-rangement-sous-escaliers\/\">Lire la suite<\/a><\/span><\/p>\n","protected":false},"author":1,"featured_media":32549,"comment_status":"open","ping_status":"open","sticky":false,"template":"","format":"standard","meta":{"om_disable_all_campaigns":false,"_monsterinsights_skip_tracking":false,"_monsterinsights_sitenote_active":false,"_monsterinsights_sitenote_note":"","_monsterinsights_sitenote_category":0,"_uf_show_specific_survey":0,"_uf_disable_surveys":false,"footnotes":""},"categories":[16047,34093],"tags":[10577,13530,9405,10549,4511,13535,13522,13527,13531,13516,13532,13515,13542,13523,13521,13524,13525,13526,13519,4985,13534,13518,5755,13520,13541,13539,13510,13514,13538,13533,13536,34100,34098,34096,34099,34101,34103,34097,34095,34102,13537,13540,13543,13511,13512,13529,34104,13513,13528,13507,13517,13509,13544,13545,13546,13508],"aioseo_notices":[],"_links":{"self":[{"href":"https:\/\/www.cocondedecoration.com\/blog\/wp-json\/wp\/v2\/posts\/32527"}],"collection":[{"href":"https:\/\/www.cocondedecoration.com\/blog\/wp-json\/wp\/v2\/posts"}],"about":[{"href":"https:\/\/www.cocondedecoration.com\/blog\/wp-json\/wp\/v2\/types\/post"}],"author":[{"embeddable":true,"href":"https:\/\/www.cocondedecoration.com\/blog\/wp-json\/wp\/v2\/users\/1"}],"replies":[{"embeddable":true,"href":"https:\/\/www.cocondedecoration.com\/blog\/wp-json\/wp\/v2\/comments?post=32527"}],"version-history":[{"count":1,"href":"https:\/\/www.cocondedecoration.com\/blog\/wp-json\/wp\/v2\/posts\/32527\/revisions"}],"predecessor-version":[{"id":81216,"href":"https:\/\/www.cocondedecoration.com\/blog\/wp-json\/wp\/v2\/posts\/32527\/revisions\/81216"}],"wp:featuredmedia":[{"embeddable":true,"href":"https:\/\/www.cocondedecoration.com\/blog\/wp-json\/wp\/v2\/media\/32549"}],"wp:attachment":[{"href":"https:\/\/www.cocondedecoration.com\/blog\/wp-json\/wp\/v2\/media?parent=32527"}],"wp:term":[{"taxonomy":"category","embeddable":true,"href":"https:\/\/www.cocondedecoration.com\/blog\/wp-json\/wp\/v2\/categories?post=32527"},{"taxonomy":"post_tag","embeddable":true,"href":"https:\/\/www.cocondedecoration.com\/blog\/wp-json\/wp\/v2\/tags?post=32527"}],"curies":[{"name":"wp","href":"https:\/\/api.w.org\/{rel}","templated":true}]}}