{"id":31536,"date":"2020-11-11T15:49:41","date_gmt":"2020-11-11T13:49:41","guid":{"rendered":"http:\/\/www.cocondedecoration.com\/blog\/?p=31536"},"modified":"2022-03-03T13:11:15","modified_gmt":"2022-03-03T11:11:15","slug":"actu-slow-make-friday-green-again","status":"publish","type":"post","link":"https:\/\/www.cocondedecoration.com\/blog\/2020\/11\/actu-slow-make-friday-green-again\/","title":{"rendered":"[Actu Slow] Make Friday green again"},"content":{"rendered":"<!DOCTYPE html PUBLIC \"-\/\/W3C\/\/DTD HTML 4.0 Transitional\/\/EN\" \"http:\/\/www.w3.org\/TR\/REC-html40\/loose.dtd\">\n<?xml encoding=\"UTF-8\"><html><body><p>Aujourd'hui, j'avais pr&eacute;vu de vous parler de d&eacute;coration durable dans la salle &agrave; manger mais je suis tomb&eacute;e sur une initiative bien plus sympas et pile poil dans l'actualit&eacute; de ce mois de novembre. Il y a fort &agrave; parier que vous connaissiez le Black Friday, cette op&eacute;ration commerciale qui vient des Etats-Unis et qui casse les prix chaque vendredi suivant Thanksgiving. Le Black Friday s'est exporter en France depuis quelques ann&eacute;es et m&ecirc;me si cela d&eacute;passe l'entendement, il m'est arriv&eacute; de vous en parler (faut bien que je mange aussi!) J'avoue, j'en parle toujours avec r&eacute;ticences. Mais cette ann&eacute;e, c'est diff&eacute;rent! En allant pour une fois sur Instagram, j'ai d&eacute;couvert une initiative qui m'a tout de suite tap&eacute;e dans l'oeil: Make Friday Green Again. Je vous en dis plus sur ce collectif dans la suite de cet article! <\/p>\n\n\n\n<!--more-->\n\n\n\n<div class=\"wp-block-columns has-2-columns is-layout-flex wp-container-core-columns-layout-1 wp-block-columns-is-layout-flex\">\n<div class=\"wp-block-column is-layout-flow wp-block-column-is-layout-flow\">\n<div style=\"height:50px\" aria-hidden=\"true\" class=\"wp-block-spacer\"><\/div>\n\n\n\n<p style=\"text-align:center\" class=\"has-medium-font-size\">Au sommaire de cet article <\/p>\n\n\n\n<p><div class=\"toc\"><div class=\"toc_list\"><ul><li class=\"toc_item\"><a href=\"#toc-0\">Qu'est ce que le collectif Make Friday Green Again? <\/a><\/li><li class=\"toc_item\"><a href=\"#toc-1\">Quelles sont les valeurs du collectif Make Friday Green Again? <\/a><\/li><li class=\"toc_item\"><a href=\"#toc-2\">Quelles sont les enseignes d\u00e9co qui participent au Make Friday Green Again? <\/a><\/li><\/ul><\/div><\/div><br><\/p>\n<\/div>\n\n\n\n<div class=\"wp-block-column is-layout-flow wp-block-column-is-layout-flow\">\n<p style=\"text-align:center\" class=\"has-medium-font-size\">L'actu slow dans votre mail 1 fois par mois <\/p>\n\n\n<p>[yikes-mailchimp form=\"2\"]<\/p>\n<\/div>\n<\/div>\n\n\n\n<a name=\"toc-0\" style=\"text-decoration: none;\"><\/a><h2 class=\"wp-block-heading\">Qu'est ce que le collectif Make Friday Green Again? <\/h2>\n\n\n\n<p>Comme je le sous-entendais dans l'introduction de mon article, ce collectif est une r&eacute;ponse au Black Friday. Plus pr&eacute;cis&eacute;ment, ce sont des entreprises, des enseignes, des marques et des petits cr&eacute;ateurs qui s'associent pour d&eacute;fendre d'autres valeurs que celles v&eacute;hicul&eacute;es par la \"f&ecirc;te\" commerciale am&eacute;ricaine. <\/p>\n\n\n\n<div class=\"wp-block-image\"><figure class=\"aligncenter\"><img loading=\"lazy\" decoding=\"async\" width=\"800\" height=\"1049\" src=\"http:\/\/www.cocondedecoration.com\/blog\/wp-content\/uploads\/2020\/11\/Make-friday-green-again.jpg\" alt=\"\" class=\"wp-image-31544\" srcset=\"https:\/\/www.cocondedecoration.com\/blog\/wp-content\/uploads\/2020\/11\/Make-friday-green-again.jpg 800w, https:\/\/www.cocondedecoration.com\/blog\/wp-content\/uploads\/2020\/11\/Make-friday-green-again-260x341.jpg 260w, https:\/\/www.cocondedecoration.com\/blog\/wp-content\/uploads\/2020\/11\/Make-friday-green-again-768x1007.jpg 768w, https:\/\/www.cocondedecoration.com\/blog\/wp-content\/uploads\/2020\/11\/Make-friday-green-again-640x839.jpg 640w, https:\/\/www.cocondedecoration.com\/blog\/wp-content\/uploads\/2020\/11\/Make-friday-green-again-419x550.jpg 419w, https:\/\/www.cocondedecoration.com\/blog\/wp-content\/uploads\/2020\/11\/Make-friday-green-again-381x500.jpg 381w\" sizes=\"(max-width: 800px) 100vw, 800px\" \/><\/figure><\/div>\n\n\n\n<a name=\"toc-1\" style=\"text-decoration: none;\"><\/a><h2 class=\"wp-block-heading\">Quelles sont les valeurs du collectif Make Friday Green Again? <\/h2>\n\n\n\n<h3 class=\"wp-block-heading\">Redonner du sens &agrave; la consommation <\/h3>\n\n\n\n<p>Entre les sollicitations pour les f&ecirc;tes, notamment No&euml;l, et le Black Friday, le consommateur (vous et moi) ne sait plus o&ugrave; donner de la t&ecirc;te. On est sollicit&eacute; &agrave; fond les ballons et on a tendance &agrave; acheter plus que n&eacute;cessaire. Avec les &eacute;v&eacute;nements commerciaux de fin d'ann&eacute;e, on n'ach&egrave;te pas forc&eacute;ment ce dont on a besoin. Et le <a href=\"https:\/\/www.makefridaygreenagain.com\/\" target=\"_blank\" rel=\"noreferrer noopener\" aria-label=\"collectif Make Friday Green Again (s&rsquo;ouvre dans un nouvel onglet)\">collectif Make Friday Green Again<\/a> veut au moins nous sensibiliser &agrave; cela. Au mieux, vous prendrez conscience de cette logique commerciale qui ne vous veut pas que du bien et vous changerez votre mani&egrave;re de consommer. <\/p>\n\n\n\n<h3 class=\"wp-block-heading\">L'impact environnemental de la consommation<\/h3>\n\n\n\n<p>Consommer moins mais mieux, c'est d&eacute;finitivement une d&eacute;marche slow. Mais ce n'est pas le seul axe d&eacute;fendu par le collectif qui nous invite aussi &agrave; r&eacute;fl&eacute;chir sur les cons&eacute;quences de l'environnement de notre consommation. Avoir conscience qu'en France ou dans les autres pays \"d&eacute;velopp&eacute;s\", il faut plusieurs plan&egrave;tes pour r&eacute;pondre &agrave; nos besoins, c'est une chose. Lutter contre nos habitudes - m&ecirc;me ponctuelles - de consommation, c'est un pas de plus vers un monde plus responsable et plus raisonnable. Le collectif nous invite donc &agrave; faire un point sur nos placards et &eacute;valuer ce dont nous avons r&eacute;ellement besoin, voir ce qu'il est possible de r&eacute;parer \/ donner \/ recycler. <\/p>\n\n\n\n<h3 class=\"wp-block-heading\">Communiquer et expliquer comment consommer autrement <\/h3>\n\n\n\n<p>M&ecirc;me si cette valeur n'est pas explicitement exprim&eacute;e sur le site, je trouve que la d&eacute;marche du collectif est &eacute;ducative. Les messages sont simples, facilement identifiables et compr&eacute;hensibles. Si vous suivez le blog vous savez que mon mode de vie slow m'am&egrave;ne au quotidien &agrave; simplifier ce qui peut l'&ecirc;tre. Et quand je tombe sur un message simple, j'en suis heureuse. Make Friday Green Again remet un message simple au go&ucirc;t du jour: les entreprises &agrave; taille humaine n'ont pas la possibilit&eacute; de brader leur travail. Sur le blog, je fais en sorte de mettre en valeur les cr&eacute;ateurs (d'ailleurs, <a rel=\"noreferrer noopener\" aria-label=\"le march&eacute; de No&euml;l des cr&eacute;ateurs est toujours dispo ici (s&rsquo;ouvre dans un nouvel onglet)\" href=\"http:\/\/www.cocondedecoration.com\/blog\/marche-noel-ou-trouver-createurs-francais-cadeau\/\" target=\"_blank\">le march&eacute; de No&euml;l des cr&eacute;ateurs est toujours dispo ici<\/a>)  et ils ne peuvent pas se permettre de vous offrir 70% de remises sur leurs cr&eacute;ations. Il y a le co&ucirc;t des mati&egrave;res premi&egrave;res, le temps de confection et le temps relatif &agrave; la gestion de l'entreprise (compta, communication, marketing...) Acheter moins mais mieux. Acheter au juste prix aussi! <\/p>\n\n\n\n<div class=\"wp-block-columns has-2-columns is-layout-flex wp-container-core-columns-layout-2 wp-block-columns-is-layout-flex\">\n<div class=\"wp-block-column is-layout-flow wp-block-column-is-layout-flow\">\n<div style=\"height:50px\" aria-hidden=\"true\" class=\"wp-block-spacer\"><\/div>\n\n\n\n<a name=\"toc-2\" style=\"text-decoration: none;\"><\/a><h2 class=\"wp-block-heading\" id=\"mce_4\">Quelles sont les enseignes d&eacute;co qui participent au Make Friday Green Again? <\/h2>\n\n\n\n<p>Il y a quelque chose que je regrette un peu sur le site de Make Friday Green Again, c'est qu'il n'y ait pas de cat&eacute;gories. Il faut regarder toutes les enseignes pour savoir ce qu'elles vendent et &agrave; quoi elles s'engagent. C'est assez chronophage sachant qu'il y a de tr&egrave;&egrave;&egrave;&egrave;s nombreuses enseignes qui se sont inscrites cette ann&eacute;e. <\/p>\n\n\n\n<p>Vous trouverez des enseignes de v&ecirc;tements - homme \/ femme \/ enfant. Des enseignes d'accessoires pour toute la famille. Il y a aussi des enseignes dont l'activit&eacute; tourne autour du sport, des vacances, de la bouffe... Vous trouverez des enseignes de cosm&eacute;tiques et soin du corps. Il y a de nombreuses r&eacute;f&eacute;rences pour une d&eacute;marche responsable, &eacute;cologique et z&eacute;ro d&eacute;chet. La plupart des enseignes proposent des produits made in France ou made in Europe. <\/p>\n\n\n\n<p>Et dans la colonne juste &agrave; c&ocirc;t&eacute;, je vous propose de d&eacute;couvrir les enseignes d&eacute;co \/ maisons qui font partie du collectif Make Friday Green Again. Peut-&ecirc;tre que cela vous aidera &agrave; cr&eacute;er un int&eacute;rieur qui soit plus en ad&eacute;quation avec vos valeurs. Gr&acirc;ce &agrave; ce collectif, j'ai fait de jolies d&eacute;couvertes et j'esp&egrave;re que ce sera la m&ecirc;me chose pour vous! <\/p>\n<\/div>\n\n\n\n<div class=\"wp-block-column is-layout-flow wp-block-column-is-layout-flow\">\n<ul><li><a rel=\"noreferrer noopener\" aria-label=\"Bergamotte (s&rsquo;ouvre dans un nouvel onglet)\" href=\"https:\/\/www.bergamotte.fr\/\" target=\"_blank\">Bergamotte<\/a> - pour fleurir votre quotidien <\/li><li><a rel=\"noreferrer noopener\" aria-label=\"Tediber (s&rsquo;ouvre dans un nouvel onglet)\" href=\"https:\/\/www.tediber.com\/\" target=\"_blank\">Tediber<\/a> - marque fran&ccedil;aise de literie et la fabrication est Belge <\/li><li><a rel=\"noreferrer noopener\" aria-label=\"Les petits bidons (s&rsquo;ouvre dans un nouvel onglet)\" href=\"https:\/\/lespetitsbidons.fr\/\" target=\"_blank\">Les petits bidons<\/a> - savons fabriqu&eacute;s en France, z&eacute;ro d&eacute;chet, pour l'entretien de la maison<\/li><li><a rel=\"noreferrer noopener\" aria-label=\"Iokko (s&rsquo;ouvre dans un nouvel onglet)\" href=\"https:\/\/iokko.fr\/\" target=\"_blank\">Iokko<\/a> - bougies parfum&eacute;es et v&eacute;g&eacute;tales fabriqu&eacute;es en France<\/li><li><a rel=\"noreferrer noopener\" aria-label=\"Label Bougie (s&rsquo;ouvre dans un nouvel onglet)\" href=\"https:\/\/labelbougie.com\/\" target=\"_blank\">Label Bougie<\/a> - bougies v&eacute;g&eacute;tales et responsables fabriqu&eacute;es en France<\/li><li><a rel=\"noreferrer noopener\" aria-label=\"A l'aise Breizh! (s&rsquo;ouvre dans un nouvel onglet)\" href=\"https:\/\/shop.alaisebreizh.com\/fr\/product\/maison\/\" target=\"_blank\">A l'aise Breizh!<\/a> - une partie de la boutique est d&eacute;di&eacute;e &agrave; la maison<\/li><li><a rel=\"noreferrer noopener\" aria-label=\"Kulile (s&rsquo;ouvre dans un nouvel onglet)\" href=\"https:\/\/www.kulile.fr\/\" target=\"_blank\">Kulile<\/a> - mobilier responsable fabriqu&eacute; au Portugal<\/li><li><a rel=\"noreferrer noopener\" aria-label=\"Atelier Majeur (s&rsquo;ouvre dans un nouvel onglet)\" href=\"https:\/\/www.ateliermajeur.fr\/fr\/\" target=\"_blank\">Atelier Majeur<\/a> - mobilier fabriqu&eacute; en France<\/li><li><a rel=\"noreferrer noopener\" aria-label=\"By Cactus (s&rsquo;ouvre dans un nouvel onglet)\" href=\"http:\/\/www.by-cactus.com\/\" target=\"_blank\">By Cactus<\/a> - mobilier et am&eacute;nagement fran&ccedil;ais <\/li><li><a rel=\"noreferrer noopener\" aria-label=\"Another way (s&rsquo;ouvre dans un nouvel onglet)\" href=\"https:\/\/www.another-way.com\/\" target=\"_blank\">Another way<\/a> - le z&eacute;ro d&eacute;chet au quotidien<\/li><li><a rel=\"noreferrer noopener\" aria-label=\"Kelvin &amp; Lumen (s&rsquo;ouvre dans un nouvel onglet)\" href=\"https:\/\/kelvinetlumen.fr\/\" target=\"_blank\">Kelvin &amp; Lumen<\/a> - fabrication de luminaires en Bretagne <\/li><li><a rel=\"noreferrer noopener\" aria-label=\"Meria Macram&eacute; (s&rsquo;ouvre dans un nouvel onglet)\" href=\"https:\/\/meriamacrame.com\/\" target=\"_blank\">Meria Macram&eacute;<\/a> - macram&eacute;s fabriqu&eacute;s en France <\/li><li><a rel=\"noreferrer noopener\" aria-label=\"Homah (s&rsquo;ouvre dans un nouvel onglet)\" href=\"https:\/\/homah.fr\/\" target=\"_blank\">Homah<\/a> - Coussins confectionn&eacute;s &agrave; la main<\/li><li><a rel=\"noreferrer noopener\" aria-label=\"Du beau linge (s&rsquo;ouvre dans un nouvel onglet)\" href=\"https:\/\/www.dubeaulinge.fr\/\" target=\"_blank\">Du beau linge<\/a> - recyclage de linge d'h&ocirc;tel via un ESAT pour donner une nouvelle vie au textile <\/li><li><a rel=\"noreferrer noopener\" aria-label=\"Dizy Design (s&rsquo;ouvre dans un nouvel onglet)\" href=\"https:\/\/dizydesign.com\/\" target=\"_blank\">Dizy Design<\/a> - mobilier fabriqu&eacute; en France<\/li><li><a rel=\"noreferrer noopener\" aria-label=\"Skog Wood design (s&rsquo;ouvre dans un nouvel onglet)\" href=\"https:\/\/www.skogwooddesign.fr\/\" target=\"_blank\">Skog Wood design<\/a> - mobilier en bois en kit <\/li><li><a rel=\"noreferrer noopener\" aria-label=\"Kippit (s&rsquo;ouvre dans un nouvel onglet)\" href=\"https:\/\/www.kippit.fr\/\" target=\"_blank\">Kippit<\/a> - Electrom&eacute;nager durable made in France<\/li><li><a rel=\"noreferrer noopener\" aria-label=\"Artmeta (s&rsquo;ouvre dans un nouvel onglet)\" href=\"https:\/\/www.artmeta.fr\/\" target=\"_blank\">Artmeta<\/a> - mobilier fran&ccedil;ais <\/li><li><a rel=\"noreferrer noopener\" aria-label=\"Naymo par Upthink (s&rsquo;ouvre dans un nouvel onglet)\" href=\"https:\/\/www.upthink.fr\/\" target=\"_blank\">Naymo par Upthink<\/a> - des coussins recycl&eacute;s dedans et recycl&eacute;s dehors<\/li><li><a rel=\"noreferrer noopener\" aria-label=\"Septembres (s&rsquo;ouvre dans un nouvel onglet)\" href=\"https:\/\/septembres.fr\/\" target=\"_blank\">Septembres<\/a> - de la d&eacute;coration &agrave; partir de bouteilles recycl&eacute;es <\/li><li><a rel=\"noreferrer noopener\" aria-label=\"Les jolies planches (s&rsquo;ouvre dans un nouvel onglet)\" href=\"https:\/\/www.lesjoliesplanches.com\/\" target=\"_blank\">Les jolies planches<\/a> - illustrations d&eacute;co vintage comme celles qu'on avait &agrave; l'&eacute;cole<\/li><\/ul><\/div>\n<\/div>\n\n\n\n<hr class=\"wp-block-separator\"><p class=\"has-text-align-center has-medium-font-size\">Ne perdons pas contact \ud83d\ude42 Rejoignez moi sur <a href=\"https:\/\/www.pinterest.fr\/cocondedeco\/\" target=\"_blank\" rel=\"noopener\" title=\"\">Pinterest<\/a> |&nbsp;<a href=\"https:\/\/www.threads.net\/@cocondedeco\" target=\"_blank\" rel=\"noopener\" title=\"\">Threads<\/a> | <a href=\"https:\/\/www.patreon.com\/collection\/162946?view=expanded\" target=\"_blank\" rel=\"noopener\" title=\"\">la Newsletter<\/a> <br>Vous aimez lire le blog? Vous souhaitez continuer &agrave; le lire? <a href=\"https:\/\/www.patreon.com\/cocondedeco\" target=\"_blank\" rel=\"noopener\" title=\"\">Devenez m&eacute;c&egrave;ne<\/a> sur Patreon et contribuez &agrave; sa survie. <\/p>\n\n\n\n<hr class=\"wp-block-separator\"><div class=\"wp-block-columns has-2-columns is-layout-flex wp-container-core-columns-layout-3 wp-block-columns-is-layout-flex\">\n<div class=\"wp-block-column is-layout-flow wp-block-column-is-layout-flow\">\n<p style=\"text-align:center\" class=\"has-medium-font-size\">Pour un quotidien et un int&eacute;rieur plus slow<\/p>\n\n\n\n<ul><li><a href=\"http:\/\/eepurl.com\/geZa2f\" target=\"_blank\" rel=\"noreferrer noopener\" aria-label=\"[Newsletter] Inscrivez-vous ici pour recevoir la newsletter slow du blog  (s&rsquo;ouvre dans un nouvel onglet)\">[Newsletter] Inscrivez-vous ici pour recevoir la newsletter slow du blog <\/a><\/li><li><a rel=\"noreferrer noopener\" aria-label=\"[Made In France] L'annuaire pour la maison (s&rsquo;ouvre dans un nouvel onglet)\" href=\"http:\/\/www.cocondedecoration.com\/blog\/pour-une-deco-made-in-france\/\" target=\"_blank\">[Made In France] L'annuaire pour la maison<\/a><\/li><li><a rel=\"noreferrer noopener\" aria-label=\"[D&eacute;co Durable] Une salle de bain &eacute;coresponsable (s&rsquo;ouvre dans un nouvel onglet)\" href=\"http:\/\/www.cocondedecoration.com\/blog\/2020\/09\/deco-durable-salle-bain-eco-responsable\/\" target=\"_blank\">[D&eacute;co Durable] Une salle de bain &eacute;co-responsable<\/a><\/li><li><a rel=\"noreferrer noopener\" aria-label=\"[Actu slow] Meublez vous fran&ccedil;ais, le hashtag qui vous aidera &agrave; cr&eacute;er un int&eacute;rieur plus local  (s&rsquo;ouvre dans un nouvel onglet)\" href=\"http:\/\/www.cocondedecoration.com\/blog\/2020\/07\/made-in-france-meublezvousfrancais-le-hashtag-pour-un-interieur-durable\/\" target=\"_blank\">[Actu slow] Meublez vous fran&ccedil;ais, le hashtag qui vous aidera &agrave; cr&eacute;er un int&eacute;rieur plus local <\/a><\/li><li><a rel=\"noreferrer noopener\" aria-label=\"[D&eacute;co Durable] Un salon &eacute;coresponsable  (s&rsquo;ouvre dans un nouvel onglet)\" href=\"http:\/\/www.cocondedecoration.com\/blog\/2020\/10\/deco-durable-salon-eco-responsable\/\" target=\"_blank\">[D&eacute;co Durable] Un salon &eacute;co-responsable <\/a><\/li><li><a rel=\"noreferrer noopener\" aria-label=\"[Slow life] 10 id&eacute;es pour un int&eacute;rieur Nesting cet hiver (s&rsquo;ouvre dans un nouvel onglet)\" href=\"http:\/\/www.cocondedecoration.com\/blog\/2020\/11\/nesting-10-idee-deco-hiver\/\" target=\"_blank\">[Slow life] 10 id&eacute;es pour un int&eacute;rieur Nesting cet hiver<\/a><\/li><\/ul><\/div>\n\n\n\n<div class=\"wp-block-column is-layout-flow wp-block-column-is-layout-flow\">\n<p class=\"has-text-align-center has-medium-font-size\" style=\"padding-top:var(--wp--preset--spacing--40);padding-bottom:var(--wp--preset--spacing--40)\"><strong>Devenez m&eacute;c&egrave;ne du blog <\/strong><\/p>\n\n\n\n<hr class=\"wp-block-separator has-alpha-channel-opacity is-style-wide\"><p style=\"padding-right:var(--wp--preset--spacing--30);padding-left:var(--wp--preset--spacing--30)\">Soutenez mon travail sur le blog et acc&eacute;dez &agrave; des contreparties exclusives: <\/p>\n\n\n\n<ul style=\"padding-right:var(--wp--preset--spacing--40);padding-left:var(--wp--preset--spacing--40)\"><li>Plusieurs centaines d'articles d&eacute;co, lifestyle &amp; voyage r&eacute;serv&eacute;s aux abonn&eacute;&bull;e&bull;s <\/li>\n\n\n\n<li>Toutes les entr&eacute;es de mon side project - mon dictionnaire nomade <\/li>\n\n\n\n<li>Une publicit&eacute; limit&eacute;e sur les articles Patreon <\/li>\n<\/ul><div class=\"wp-block-buttons is-content-justification-center is-layout-flex wp-container-core-buttons-layout-1 wp-block-buttons-is-layout-flex\">\n<div class=\"wp-block-button\"><a class=\"wp-block-button__link wp-element-button\" href=\"https:\/\/www.patreon.com\/cocondedeco\" target=\"_blank\" rel=\"noreferrer noopener\">Soutenir le blog maintenant<\/a><\/div>\n<\/div>\n<\/div>\n<\/div>\n\n\n\n<div class=\"wp-block-image\"><figure class=\"aligncenter\"><img loading=\"lazy\" decoding=\"async\" width=\"732\" height=\"488\" src=\"http:\/\/www.cocondedecoration.com\/blog\/wp-content\/uploads\/2020\/11\/slow-conso-make-friday-green-again.jpeg\" alt=\"slow conso make friday green again\" class=\"wp-image-31543\" srcset=\"https:\/\/www.cocondedecoration.com\/blog\/wp-content\/uploads\/2020\/11\/slow-conso-make-friday-green-again.jpeg 732w, https:\/\/www.cocondedecoration.com\/blog\/wp-content\/uploads\/2020\/11\/slow-conso-make-friday-green-again-260x173.jpeg 260w, https:\/\/www.cocondedecoration.com\/blog\/wp-content\/uploads\/2020\/11\/slow-conso-make-friday-green-again-640x427.jpeg 640w, https:\/\/www.cocondedecoration.com\/blog\/wp-content\/uploads\/2020\/11\/slow-conso-make-friday-green-again-465x310.jpeg 465w, https:\/\/www.cocondedecoration.com\/blog\/wp-content\/uploads\/2020\/11\/slow-conso-make-friday-green-again-695x463.jpeg 695w\" sizes=\"(max-width: 732px) 100vw, 732px\" \/><\/figure><\/div><\/body><\/html>\n","protected":false},"excerpt":{"rendered":"<p>Aujourd&rsquo;hui, j&rsquo;avais pr\u00e9vu de vous parler de d\u00e9coration durable dans la salle \u00e0 manger mais je suis tomb\u00e9e sur une initiative bien plus sympas et pile poil dans l&rsquo;actualit\u00e9 de ce mois de novembre. Il y a fort \u00e0 parier que vous connaissiez le Black Friday, cette op\u00e9ration commerciale qui<span class=\"more-link\"><a href=\"https:\/\/www.cocondedecoration.com\/blog\/2020\/11\/actu-slow-make-friday-green-again\/\">Lire la suite<\/a><\/span><\/p>\n","protected":false},"author":1,"featured_media":31543,"comment_status":"open","ping_status":"open","sticky":false,"template":"","format":"standard","meta":{"om_disable_all_campaigns":false,"_monsterinsights_skip_tracking":false,"_monsterinsights_sitenote_active":false,"_monsterinsights_sitenote_note":"","_monsterinsights_sitenote_category":0,"_uf_show_specific_survey":0,"_uf_disable_surveys":false,"footnotes":""},"categories":[9777,28352,2231],"tags":[12405,12399,12393,12395,1585,4414,12394,12406,4577,12404,12397,12396,12401,12402,12403,12400,12390,12407,12398,12391,12388,12389,12387,4243,12392,3857,12298,12408],"aioseo_notices":[],"_links":{"self":[{"href":"https:\/\/www.cocondedecoration.com\/blog\/wp-json\/wp\/v2\/posts\/31536"}],"collection":[{"href":"https:\/\/www.cocondedecoration.com\/blog\/wp-json\/wp\/v2\/posts"}],"about":[{"href":"https:\/\/www.cocondedecoration.com\/blog\/wp-json\/wp\/v2\/types\/post"}],"author":[{"embeddable":true,"href":"https:\/\/www.cocondedecoration.com\/blog\/wp-json\/wp\/v2\/users\/1"}],"replies":[{"embeddable":true,"href":"https:\/\/www.cocondedecoration.com\/blog\/wp-json\/wp\/v2\/comments?post=31536"}],"version-history":[{"count":0,"href":"https:\/\/www.cocondedecoration.com\/blog\/wp-json\/wp\/v2\/posts\/31536\/revisions"}],"wp:featuredmedia":[{"embeddable":true,"href":"https:\/\/www.cocondedecoration.com\/blog\/wp-json\/wp\/v2\/media\/31543"}],"wp:attachment":[{"href":"https:\/\/www.cocondedecoration.com\/blog\/wp-json\/wp\/v2\/media?parent=31536"}],"wp:term":[{"taxonomy":"category","embeddable":true,"href":"https:\/\/www.cocondedecoration.com\/blog\/wp-json\/wp\/v2\/categories?post=31536"},{"taxonomy":"post_tag","embeddable":true,"href":"https:\/\/www.cocondedecoration.com\/blog\/wp-json\/wp\/v2\/tags?post=31536"}],"curies":[{"name":"wp","href":"https:\/\/api.w.org\/{rel}","templated":true}]}}