{"id":29917,"date":"2020-09-21T01:00:21","date_gmt":"2020-09-20T23:00:21","guid":{"rendered":"http:\/\/www.cocondedecoration.com\/blog\/?p=29917"},"modified":"2023-09-14T11:38:20","modified_gmt":"2023-09-14T09:38:20","slug":"idee-decor-mural-style-arty","status":"publish","type":"post","link":"https:\/\/www.cocondedecoration.com\/blog\/2020\/09\/idee-decor-mural-style-arty\/","title":{"rendered":"[Id\u00e9e d\u00e9co] D\u00e9cor mural dans le style Arty"},"content":{"rendered":"<!DOCTYPE html PUBLIC \"-\/\/W3C\/\/DTD HTML 4.0 Transitional\/\/EN\" \"http:\/\/www.w3.org\/TR\/REC-html40\/loose.dtd\">\n<?xml encoding=\"UTF-8\"><html><body><p>Si vous aimez le mobilier vintage, la profusion de couleurs et l'art sous toutes ses formes, il y a fort &agrave; parier que le style Arty soit fait pour vous. Dans cet article, j'ai eu envie de vous parler de la d&eacute;coration murale qui est une caract&eacute;ristique centrale de ce style haut en couleur. Tableaux, affiches publicitaires, affiches vintage, posters plus contemporains, pochettes de vinyles, reproductions de tableaux et j'en passe... Nous allons voir comment les utiliser pour cr&eacute;er un int&eacute;rieur &agrave; la fois vintage et moderne. <\/p>\n\n\n\n<!--more-->\n\n\n\n<div class=\"wp-block-columns has-2-columns is-layout-flex wp-container-core-columns-layout-1 wp-block-columns-is-layout-flex\">\n<div class=\"wp-block-column is-layout-flow wp-block-column-is-layout-flow\">\n<p style=\"text-align:center\" class=\"has-medium-font-size\">Au sommaire de cet article d&eacute;di&eacute; au style Arty <\/p>\n\n\n\n<p><div class=\"toc\"><div class=\"toc_list\"><ul><li class=\"toc_item\"><a href=\"#toc-0\">01 \u2022 Une entr\u00e9e style Arty tr\u00e8s personnelle<\/a><\/li><li class=\"toc_item\"><a href=\"#toc-1\">02 \u2022 Une d\u00e9co d'enfant aux airs Arty<\/a><\/li><li class=\"toc_item\"><a href=\"#toc-2\">03 \u2022 Combo tendance: d\u00e9co murale et meuble en cannage<\/a><\/li><li class=\"toc_item\"><a href=\"#toc-3\">04 \u2022 Ambiance Arty et vintage<\/a><\/li><li class=\"toc_item\"><a href=\"#toc-4\">05 \u2022 Un concentr\u00e9 de couleurs<\/a><\/li><li class=\"toc_item\"><a href=\"#toc-5\">06 \u2022 Atmosph\u00e8re r\u00e9tro et Arty<\/a><\/li><li class=\"toc_item\"><a href=\"#toc-6\">07 \u2022  Profusion de cadres sur \u00e9tag\u00e8re<\/a><\/li><li class=\"toc_item\"><a href=\"#toc-7\">08 \u2022 Mix & match boh\u00e8me et Arty <\/a><\/li><li class=\"toc_item\"><a href=\"#toc-8\">09 \u2022 Un design vintage et Arty <\/a><\/li><li class=\"toc_item\"><a href=\"#toc-9\">10 \u2022 La tendance visage pour une d\u00e9co Arty <\/a><\/li><\/ul><\/div><\/div><br><\/p>\n<\/div>\n\n\n\n<div class=\"wp-block-column is-layout-flow wp-block-column-is-layout-flow\">\n<div class=\"wp-block-image\"><figure class=\"aligncenter\"><a href=\"https:\/\/www.patreon.com\/cocondedeco\" target=\"_blank\" rel=\"noreferrer noopener\"><img loading=\"lazy\" decoding=\"async\" width=\"728\" height=\"90\" src=\"http:\/\/www.cocondedecoration.com\/blog\/wp-content\/uploads\/2021\/01\/banniere-patreon.png\" alt=\"\" class=\"wp-image-33877\" srcset=\"https:\/\/www.cocondedecoration.com\/blog\/wp-content\/uploads\/2021\/01\/banniere-patreon.png 728w, https:\/\/www.cocondedecoration.com\/blog\/wp-content\/uploads\/2021\/01\/banniere-patreon-260x32.png 260w, https:\/\/www.cocondedecoration.com\/blog\/wp-content\/uploads\/2021\/01\/banniere-patreon-640x79.png 640w, https:\/\/www.cocondedecoration.com\/blog\/wp-content\/uploads\/2021\/01\/banniere-patreon-465x57.png 465w, https:\/\/www.cocondedecoration.com\/blog\/wp-content\/uploads\/2021\/01\/banniere-patreon-695x86.png 695w\" sizes=\"(max-width: 728px) 100vw, 728px\" \/><\/a><\/figure><\/div>\n\n\n\n<p style=\"text-align:center\" class=\"has-background has-small-font-size has-very-light-gray-background-color\">Avant de poursuivre cet article, j'aimerai vous parler quelques instants de Patreon. C'est une plateforme en plus du blog sur laquelle vous pouvez devenir m&eacute;c&egrave;ne du blog. <br><strong>Pourquoi soutenir le blog?<\/strong> <br>Parce que c'est un travail consid&eacute;rable et m&ecirc;me si je le fais avec passion c'est aussi un travail pr&eacute;caire (<a rel=\"noreferrer noopener\" href=\"https:\/\/www.patreon.com\/posts\/en-quoi-consiste-86917611\" target=\"_blank\">je vous explique tout cela en d&eacute;tail dans ce post<\/a>). Si vous aimez l'article que vous &ecirc;tes en train de lire, si vous me suivez sur les r&eacute;seaux sociaux ou encore si vous lisez r&eacute;guli&egrave;rement le blog, je vous serai reconnaissante de soutenir le blog via Patreon. Par ailleurs, en vous abonnant sur la plateforme vous acc&eacute;derez &agrave; des contenus exclusifs pour vous remercier de votre soutien. C'est sans engagement et chaque contribution fera la diff&eacute;rence. Merci par avance de votre aide! <br><a rel=\"noreferrer noopener\" href=\"https:\/\/www.patreon.com\/cocondedeco\" target=\"_blank\"><strong>En savoir plus &amp; acc&eacute;der &agrave; Patreon<\/strong><\/a><\/p>\n<\/div>\n<\/div>\n\n\n\n<p>Avant de me lancer dans le vif du sujet, je me suis demand&eacute;e ce qui me plaisait et ce qui me plaisait moins dans ce style si singulier. <br>Ce qui me plait: Il est possible de r&eacute;ellement montrer ses go&ucirc;ts et sa personnalit&eacute; gr&acirc;ce &agrave; l'art et comme il y a peu de limites, vous trouverez forc&eacute;ment <del>chaussure &agrave; votre pied<\/del> tableau &agrave; accrocher &agrave; votre mur. <br>Ce qui me plait: L'id&eacute;e de patchwork mural me parle &eacute;norm&eacute;ment. J'aime beaucoup l'accumulation dans l'art contemporain et le collage, certains d&eacute;cors muraux m'y font penser. <br>Ce qui me plait moins: C'est la standardisation de l'art. L'effet tendance efface les petites singularit&eacute;s pour donner un d&eacute;cor type. Je trouve que c'est quand m&ecirc;me une belle preuve d'ironie du sort. L'art est cens&eacute; &ecirc;tre unique et la d&eacute;coration le rend standard. (J'ai d'ailleurs un regret similaire &agrave; propos du style slow que je trouve trop uniforme.)<\/p>\n\n\n\n<div class=\"wp-block-columns has-2-columns is-layout-flex wp-container-core-columns-layout-2 wp-block-columns-is-layout-flex\">\n<div class=\"wp-block-column is-layout-flow wp-block-column-is-layout-flow\">\n<div style=\"height:100px\" aria-hidden=\"true\" class=\"wp-block-spacer\"><\/div>\n\n\n\n<a name=\"toc-0\" style=\"text-decoration: none;\"><\/a><h2 class=\"wp-block-heading\">01 &bull; Une entr&eacute;e style Arty tr&egrave;s personnelle<\/h2>\n\n\n\n<p>Je commence par le d&eacute;cor mural qui me plait le plus. J'aime le c&ocirc;t&eacute; patchwork avec des cadres de diff&eacute;rentes tailles et de diff&eacute;rents encadrements. J'aime aussi ce qui est encadr&eacute;: l'affiche iconique de Obey, une pochette de vinyle, des photos de Photomaton mises en valeur par une marie-louise... Il y a une esp&egrave;ce de simplicit&eacute; qui se d&eacute;gage de l'ensemble qui me parle beaucoup. Je d&eacute;teste quand l'art prend des grands airs. J'aime ce qui est accessible, personnel et populaire. Et ce premier exemple repr&eacute;sente bien cette atmosph&egrave;re m&ecirc;me si cela ne rentre peut-&ecirc;tre pas tout &agrave; fait dans l'id&eacute;e de style Arty standardis&eacute;. <br>Je pense que pour r&eacute;ussir ce type d'ambiance, il faut prendre le temps: celui de vous demander ce qui vous plait, celui de rassembler les diff&eacute;rentes choses que vous souhaitez accrocher au mur. Tout assembler et harmoniser se fera de mani&egrave;re naturelle. <\/p>\n<\/div>\n\n\n\n<div class=\"wp-block-column is-layout-flow wp-block-column-is-layout-flow\">\n<figure class=\"wp-block-image\"><img loading=\"lazy\" decoding=\"async\" width=\"640\" height=\"853\" src=\"http:\/\/www.cocondedecoration.com\/blog\/wp-content\/uploads\/2020\/09\/style-arty-decoration-murale-exemple-1-640x853.jpeg\" alt=\"deco murale cadre affiche r&eacute;tro\" class=\"wp-image-29918\" srcset=\"https:\/\/www.cocondedecoration.com\/blog\/wp-content\/uploads\/2020\/09\/style-arty-decoration-murale-exemple-1-640x853.jpeg 640w, https:\/\/www.cocondedecoration.com\/blog\/wp-content\/uploads\/2020\/09\/style-arty-decoration-murale-exemple-1-260x347.jpeg 260w, https:\/\/www.cocondedecoration.com\/blog\/wp-content\/uploads\/2020\/09\/style-arty-decoration-murale-exemple-1-413x550.jpeg 413w, https:\/\/www.cocondedecoration.com\/blog\/wp-content\/uploads\/2020\/09\/style-arty-decoration-murale-exemple-1-375x500.jpeg 375w, https:\/\/www.cocondedecoration.com\/blog\/wp-content\/uploads\/2020\/09\/style-arty-decoration-murale-exemple-1.jpeg 750w\" sizes=\"(max-width: 640px) 100vw, 640px\" \/><figcaption><a href=\"https:\/\/www.pinterest.ch\/pin\/720013059155236194\/\" target=\"_blank\" rel=\"noreferrer noopener\" aria-label=\"source (opens in a new tab)\">source<\/a><\/figcaption><\/figure><\/div>\n<\/div>\n\n\n\n<div class=\"wp-block-columns has-2-columns is-layout-flex wp-container-core-columns-layout-3 wp-block-columns-is-layout-flex\">\n<div class=\"wp-block-column is-layout-flow wp-block-column-is-layout-flow\">\n<figure class=\"wp-block-image\"><img loading=\"lazy\" decoding=\"async\" width=\"640\" height=\"853\" src=\"http:\/\/www.cocondedecoration.com\/blog\/wp-content\/uploads\/2020\/09\/style-arty-decoration-murale-exemple-2-640x853.jpeg\" alt=\"decoration murale enfant affiche poster couleur\" class=\"wp-image-29919\" srcset=\"https:\/\/www.cocondedecoration.com\/blog\/wp-content\/uploads\/2020\/09\/style-arty-decoration-murale-exemple-2-640x853.jpeg 640w, https:\/\/www.cocondedecoration.com\/blog\/wp-content\/uploads\/2020\/09\/style-arty-decoration-murale-exemple-2-260x347.jpeg 260w, https:\/\/www.cocondedecoration.com\/blog\/wp-content\/uploads\/2020\/09\/style-arty-decoration-murale-exemple-2-413x550.jpeg 413w, https:\/\/www.cocondedecoration.com\/blog\/wp-content\/uploads\/2020\/09\/style-arty-decoration-murale-exemple-2-375x500.jpeg 375w, https:\/\/www.cocondedecoration.com\/blog\/wp-content\/uploads\/2020\/09\/style-arty-decoration-murale-exemple-2.jpeg 750w\" sizes=\"(max-width: 640px) 100vw, 640px\" \/><figcaption><a href=\"https:\/\/www.pinterest.ch\/pin\/355502964306088253\/\" target=\"_blank\" rel=\"noreferrer noopener\" aria-label=\"source (opens in a new tab)\">source<\/a><\/figcaption><\/figure><\/div>\n\n\n\n<div class=\"wp-block-column is-layout-flow wp-block-column-is-layout-flow\">\n<div style=\"height:100px\" aria-hidden=\"true\" class=\"wp-block-spacer\"><\/div>\n\n\n\n<a name=\"toc-1\" style=\"text-decoration: none;\"><\/a><h2 class=\"wp-block-heading\">02 &bull; Une d&eacute;co d'enfant aux airs Arty<\/h2>\n\n\n\n<p>Univers tr&egrave;s diff&eacute;rent de la premi&egrave;re image, on passe dans le monde de l'enfant. Encore une fois, il y a une esp&egrave;ce de simplicit&eacute; qui me plait. Cette simplicit&eacute; se retrouve dans le choix des illustrations mais aussi dans la disposition qui est tr&egrave;s sym&eacute;trique, tr&egrave;s droite qui cadre le c&ocirc;t&eacute; artistique. La profusion de couleurs et de motifs est int&eacute;ressante. J'aime aussi l'id&eacute;e que l'enfant puisse &ecirc;tre initi&eacute; &agrave; l'art d&egrave;s le plus jeune &acirc;ge. Pas l'art p&eacute;nible des mus&eacute;es o&ugrave; il ne faut pas toucher et o&ugrave; l'on n'a pas forc&eacute;ment la tranquillit&eacute; de regarder une oeuvre comme bon nous semble. L'art peut prendre diff&eacute;rentes formes et certaines sont tr&egrave;s accessibles au plus jeune &acirc;ge. <\/p>\n<\/div>\n<\/div>\n\n\n\n<div class=\"wp-block-columns has-2-columns is-layout-flex wp-container-core-columns-layout-4 wp-block-columns-is-layout-flex\">\n<div class=\"wp-block-column is-layout-flow wp-block-column-is-layout-flow\">\n<div style=\"height:100px\" aria-hidden=\"true\" class=\"wp-block-spacer\"><\/div>\n\n\n\n<a name=\"toc-2\" style=\"text-decoration: none;\"><\/a><h2 class=\"wp-block-heading\">03 &bull; Combo tendance: d&eacute;co murale et meuble en cannage<\/h2>\n\n\n\n<p>Int&eacute;grer de l'art dans sa d&eacute;co ce n'est pas forc&eacute;ment la rendre d&eacute;su&egrave;te. Elle peut &ecirc;tre tr&egrave;s moderne et tendance. On m&eacute;lange mobilier tendance, comme un meuble TV en cannage, on ajoute des tableaux et affiches de diff&eacute;rents styles. L'ensemble est assez &eacute;clectique. Le c&ocirc;t&eacute; Arty est aussi dans l'id&eacute;e du meuble t&eacute;l&eacute; sans &eacute;cran de t&eacute;l&eacute;vision pos&eacute; dessus. L'art remplace le programme t&eacute;l&eacute; qui nous lave le cerveau. (Serait-ce aller trop loin que de dire qu'en ce moment, cette disposition devrait primer sur le combo meuble t&eacute;l&eacute; \/ t&eacute;l&eacute; et que &ccedil;a ferait du bien &agrave; beaucoup de ne plus regarder les programmes propos&eacute;s? ... passons!) Ce qui est interessant sur cet exemple de d&eacute;co murale c'est aussi la disposition des cadres. On n'est pas tout &agrave; fait dans l'esprit patchwork, on n'est pas non plus dans la sym&eacute;trie. Cela donne beaucoup de vie au mur et &agrave; l'espace au dessus du meuble. <\/p>\n<\/div>\n\n\n\n<div class=\"wp-block-column is-layout-flow wp-block-column-is-layout-flow\">\n<figure class=\"wp-block-image\"><img loading=\"lazy\" decoding=\"async\" width=\"640\" height=\"853\" src=\"http:\/\/www.cocondedecoration.com\/blog\/wp-content\/uploads\/2020\/09\/style-arty-decoration-murale-exemple-3-640x853.jpeg\" alt=\"meuble cannage decoration murale style arty\" class=\"wp-image-29920\" srcset=\"https:\/\/www.cocondedecoration.com\/blog\/wp-content\/uploads\/2020\/09\/style-arty-decoration-murale-exemple-3-640x853.jpeg 640w, https:\/\/www.cocondedecoration.com\/blog\/wp-content\/uploads\/2020\/09\/style-arty-decoration-murale-exemple-3-260x347.jpeg 260w, https:\/\/www.cocondedecoration.com\/blog\/wp-content\/uploads\/2020\/09\/style-arty-decoration-murale-exemple-3-413x550.jpeg 413w, https:\/\/www.cocondedecoration.com\/blog\/wp-content\/uploads\/2020\/09\/style-arty-decoration-murale-exemple-3-375x500.jpeg 375w, https:\/\/www.cocondedecoration.com\/blog\/wp-content\/uploads\/2020\/09\/style-arty-decoration-murale-exemple-3.jpeg 750w\" sizes=\"(max-width: 640px) 100vw, 640px\" \/><figcaption><a href=\"https:\/\/www.pinterest.ch\/pin\/45528646221904428\/\" target=\"_blank\" rel=\"noreferrer noopener\" aria-label=\"source (opens in a new tab)\">source<\/a><\/figcaption><\/figure><\/div>\n<\/div>\n\n\n\n<div class=\"wp-block-image\"><figure class=\"aligncenter\"><img decoding=\"async\" src=\"https:\/\/www.awin1.com\/cshow.php?s=2111428&amp;v=6968&amp;q=391886&amp;r=324003\" alt=\"\"><\/figure><\/div>\n\n\n\n<div class=\"wp-block-columns has-2-columns is-layout-flex wp-container-core-columns-layout-5 wp-block-columns-is-layout-flex\">\n<div class=\"wp-block-column is-layout-flow wp-block-column-is-layout-flow\">\n<figure class=\"wp-block-image\"><img loading=\"lazy\" decoding=\"async\" width=\"640\" height=\"853\" src=\"http:\/\/www.cocondedecoration.com\/blog\/wp-content\/uploads\/2020\/09\/style-arty-decoration-murale-exemple-4-640x853.jpeg\" alt=\"d&eacute;co vintage buffet mid century peinture vert cadres arty\" class=\"wp-image-29921\" srcset=\"https:\/\/www.cocondedecoration.com\/blog\/wp-content\/uploads\/2020\/09\/style-arty-decoration-murale-exemple-4-640x853.jpeg 640w, https:\/\/www.cocondedecoration.com\/blog\/wp-content\/uploads\/2020\/09\/style-arty-decoration-murale-exemple-4-260x347.jpeg 260w, https:\/\/www.cocondedecoration.com\/blog\/wp-content\/uploads\/2020\/09\/style-arty-decoration-murale-exemple-4-413x550.jpeg 413w, https:\/\/www.cocondedecoration.com\/blog\/wp-content\/uploads\/2020\/09\/style-arty-decoration-murale-exemple-4-375x500.jpeg 375w, https:\/\/www.cocondedecoration.com\/blog\/wp-content\/uploads\/2020\/09\/style-arty-decoration-murale-exemple-4.jpeg 750w\" sizes=\"(max-width: 640px) 100vw, 640px\" \/><figcaption><a href=\"https:\/\/www.pinterest.ch\/pin\/369154500705730211\/\" target=\"_blank\" rel=\"noreferrer noopener\" aria-label=\"source (opens in a new tab)\">source<\/a><\/figcaption><\/figure><\/div>\n\n\n\n<div class=\"wp-block-column is-layout-flow wp-block-column-is-layout-flow\">\n<div style=\"height:100px\" aria-hidden=\"true\" class=\"wp-block-spacer\"><\/div>\n\n\n\n<a name=\"toc-3\" style=\"text-decoration: none;\"><\/a><h2 class=\"wp-block-heading\">04 &bull; Ambiance Arty et vintage<\/h2>\n\n\n\n<p>Le mur vert sapin, le buffet mid-century, de grands cadres qui montent quasiment jusqu'au plafond. On est dans un d&eacute;cor qui renvoie aux ann&eacute;es 50 tout en &eacute;tant moderne et actuel. Ce qui me plait sans doute le plus dans cette image c'est le choix des cadres. Ce sont de grands mod&egrave;les avec de grandes reproductions d'art. L'effet de deux lignes sans pour autant que ce soit bien droit me plait beaucoup. C'est organis&eacute; mais avec une certaine libert&eacute;. <\/p>\n<\/div>\n<\/div>\n\n\n\n<div class=\"wp-block-columns has-2-columns is-layout-flex wp-container-core-columns-layout-6 wp-block-columns-is-layout-flex\">\n<div class=\"wp-block-column is-layout-flow wp-block-column-is-layout-flow\">\n<div style=\"height:100px\" aria-hidden=\"true\" class=\"wp-block-spacer\"><\/div>\n\n\n\n<a name=\"toc-4\" style=\"text-decoration: none;\"><\/a><h2 class=\"wp-block-heading\">05 &bull; Un concentr&eacute; de couleurs<\/h2>\n\n\n\n<p>Jusqu'&agrave; pr&eacute;sent (et ce sera le cas dans la globalit&eacute; de cet article), je vous ai pr&eacute;sent&eacute; des d&eacute;co murales compos&eacute;es de plusieurs cadres, tableaux, oeuvres d'art. Ce n'est pas la seule solution qui s'offre &agrave; vous. Parfois un seul tableau suffit. Ici on a une explosion de motifs et de couleurs et elle est soulign&eacute;e par un fauteuil r&eacute;tro color&eacute;. Ce type de tableau peut tr&egrave;s bien &ecirc;tre traduit dans votre int&eacute;rieur par une reproduction d'un artiste du mouvement cubiste mais cela peut-&ecirc;tre aussi un artiste contemporain, voire un artiste local. Parfois pas besoin d'aller chercher tr&egrave;s loin dans le temps ou dans l'espace pour trouver l'oeuvre d'art qui nous parlera et qui apportera de la couleur (et de la vie) &agrave; notre int&eacute;rieur. <\/p>\n<\/div>\n\n\n\n<div class=\"wp-block-column is-layout-flow wp-block-column-is-layout-flow\">\n<figure class=\"wp-block-image\"><img loading=\"lazy\" decoding=\"async\" width=\"640\" height=\"853\" src=\"http:\/\/www.cocondedecoration.com\/blog\/wp-content\/uploads\/2020\/09\/style-arty-decoration-murale-exemple-5-640x853.jpeg\" alt=\"art contemporain int&eacute;rieur arty si&egrave;ge jaune\" class=\"wp-image-29922\" srcset=\"https:\/\/www.cocondedecoration.com\/blog\/wp-content\/uploads\/2020\/09\/style-arty-decoration-murale-exemple-5-640x853.jpeg 640w, https:\/\/www.cocondedecoration.com\/blog\/wp-content\/uploads\/2020\/09\/style-arty-decoration-murale-exemple-5-260x347.jpeg 260w, https:\/\/www.cocondedecoration.com\/blog\/wp-content\/uploads\/2020\/09\/style-arty-decoration-murale-exemple-5-413x550.jpeg 413w, https:\/\/www.cocondedecoration.com\/blog\/wp-content\/uploads\/2020\/09\/style-arty-decoration-murale-exemple-5-375x500.jpeg 375w, https:\/\/www.cocondedecoration.com\/blog\/wp-content\/uploads\/2020\/09\/style-arty-decoration-murale-exemple-5.jpeg 750w\" sizes=\"(max-width: 640px) 100vw, 640px\" \/><figcaption><a href=\"https:\/\/www.pinterest.ch\/pin\/401313016799267213\/\" target=\"_blank\" rel=\"noreferrer noopener\" aria-label=\"source (opens in a new tab)\">source<\/a><\/figcaption><\/figure><\/div>\n<\/div>\n\n\n\n<div class=\"wp-block-columns has-2-columns is-layout-flex wp-container-core-columns-layout-7 wp-block-columns-is-layout-flex\">\n<div class=\"wp-block-column is-layout-flow wp-block-column-is-layout-flow\">\n<figure class=\"wp-block-image\"><img loading=\"lazy\" decoding=\"async\" width=\"640\" height=\"853\" src=\"http:\/\/www.cocondedecoration.com\/blog\/wp-content\/uploads\/2020\/09\/style-arty-decoration-murale-exemple-6-640x853.jpeg\" alt=\"style arty r&eacute;tro canap&eacute; velours patchwork cadre\" class=\"wp-image-29923\" srcset=\"https:\/\/www.cocondedecoration.com\/blog\/wp-content\/uploads\/2020\/09\/style-arty-decoration-murale-exemple-6-640x853.jpeg 640w, https:\/\/www.cocondedecoration.com\/blog\/wp-content\/uploads\/2020\/09\/style-arty-decoration-murale-exemple-6-260x347.jpeg 260w, https:\/\/www.cocondedecoration.com\/blog\/wp-content\/uploads\/2020\/09\/style-arty-decoration-murale-exemple-6-413x550.jpeg 413w, https:\/\/www.cocondedecoration.com\/blog\/wp-content\/uploads\/2020\/09\/style-arty-decoration-murale-exemple-6-375x500.jpeg 375w, https:\/\/www.cocondedecoration.com\/blog\/wp-content\/uploads\/2020\/09\/style-arty-decoration-murale-exemple-6.jpeg 750w\" sizes=\"(max-width: 640px) 100vw, 640px\" \/><figcaption><a href=\"https:\/\/www.pinterest.ch\/pin\/182255116158199611\/\" target=\"_blank\" rel=\"noreferrer noopener\" aria-label=\"source (opens in a new tab)\">source<\/a><\/figcaption><\/figure><\/div>\n\n\n\n<div class=\"wp-block-column is-layout-flow wp-block-column-is-layout-flow\">\n<div style=\"height:100px\" aria-hidden=\"true\" class=\"wp-block-spacer\"><\/div>\n\n\n\n<a name=\"toc-5\" style=\"text-decoration: none;\"><\/a><h2 class=\"wp-block-heading\">06 &bull; Atmosph&egrave;re r&eacute;tro et Arty<\/h2>\n\n\n\n<p>Le lampadaire, le canap&eacute;, le tapis, le choix des couleurs et les cadres... Tout dans ce d&eacute;cor nous donne le sentiment d'&ecirc;tre dans un autre espace temps. Pr&eacute;c&eacute;demment, j'ai &eacute;voqu&eacute; la p&eacute;riode mid-century. L&agrave; on est encore dans une autre p&eacute;riode qui n'est pas clairement identifiable. L'art permet de jouer sur les diff&eacute;rentes &eacute;poques et diff&eacute;rents styles. Et cela cr&eacute;e une ambiance d&eacute;finitivement intemporelle. <br>M&ecirc;me si g&eacute;n&eacute;ralement j'aime le vintage et j'aime ce qui est intemporel, perso, je n'imagine pas reproduire ce type de d&eacute;co chez moi. Je la trouve jolie en image. Je la trouve aussi un peu poussi&eacute;reuse. <\/p>\n<\/div>\n<\/div>\n\n\n\n<div class=\"wp-block-columns has-2-columns is-layout-flex wp-container-core-columns-layout-8 wp-block-columns-is-layout-flex\">\n<div class=\"wp-block-column is-layout-flow wp-block-column-is-layout-flow\">\n<div style=\"height:100px\" aria-hidden=\"true\" class=\"wp-block-spacer\"><\/div>\n\n\n\n<a name=\"toc-6\" style=\"text-decoration: none;\"><\/a><h2 class=\"wp-block-heading\">07 &bull;  Profusion de cadres sur &eacute;tag&egrave;re<\/h2>\n\n\n\n<p>Ce septi&egrave;me exemple de d&eacute;cor mural me plait beaucoup plus que la situation pr&eacute;c&eacute;dente. J'aime le c&ocirc;t&eacute; joyeux bordel et j'aime aussi l'id&eacute;e de poser les cadres les uns sur les autres sur des &eacute;tag&egrave;res peu profondes. Cette solution permet de multiplier &agrave; outrance les trous dans le mur et l'effet gruy&egrave;re. Et cette id&eacute;e de m&eacute;lange de cadres, je trouve que c'est esth&eacute;tiquement lib&eacute;rateur. Pas besoin de r&eacute;fl&eacute;chir de trop. Ce n'est pas non plus fig&eacute;, si vous avez envie de changement, vous pouvez bouger les cadres, en ajouter, changer les illustrations qui se trouvent dedans... Avec la premi&egrave;re image et la neuvi&egrave;me, on a mon top trois coup de coeur. <\/p>\n<\/div>\n\n\n\n<div class=\"wp-block-column is-layout-flow wp-block-column-is-layout-flow\">\n<figure class=\"wp-block-image\"><img loading=\"lazy\" decoding=\"async\" width=\"640\" height=\"853\" src=\"http:\/\/www.cocondedecoration.com\/blog\/wp-content\/uploads\/2020\/09\/style-arty-decoration-murale-exemple-7-640x853.jpeg\" alt=\"deco style arty cadre sur etagere\" class=\"wp-image-29924\" srcset=\"https:\/\/www.cocondedecoration.com\/blog\/wp-content\/uploads\/2020\/09\/style-arty-decoration-murale-exemple-7-640x853.jpeg 640w, https:\/\/www.cocondedecoration.com\/blog\/wp-content\/uploads\/2020\/09\/style-arty-decoration-murale-exemple-7-260x347.jpeg 260w, https:\/\/www.cocondedecoration.com\/blog\/wp-content\/uploads\/2020\/09\/style-arty-decoration-murale-exemple-7-413x550.jpeg 413w, https:\/\/www.cocondedecoration.com\/blog\/wp-content\/uploads\/2020\/09\/style-arty-decoration-murale-exemple-7-375x500.jpeg 375w, https:\/\/www.cocondedecoration.com\/blog\/wp-content\/uploads\/2020\/09\/style-arty-decoration-murale-exemple-7.jpeg 750w\" sizes=\"(max-width: 640px) 100vw, 640px\" \/><figcaption><a href=\"https:\/\/www.pinterest.ch\/pin\/844143523893679631\/\" target=\"_blank\" rel=\"noreferrer noopener\" aria-label=\"source (opens in a new tab)\">source<\/a><\/figcaption><\/figure><\/div>\n<\/div>\n\n\n\n<div class=\"wp-block-columns has-2-columns is-layout-flex wp-container-core-columns-layout-9 wp-block-columns-is-layout-flex\">\n<div class=\"wp-block-column is-layout-flow wp-block-column-is-layout-flow\">\n<figure class=\"wp-block-image\"><img loading=\"lazy\" decoding=\"async\" width=\"640\" height=\"853\" src=\"http:\/\/www.cocondedecoration.com\/blog\/wp-content\/uploads\/2020\/09\/style-arty-decoration-murale-exemple-8-640x853.jpeg\" alt=\"salon style arty boheme d&eacute;coration murale cadre\" class=\"wp-image-29925\" srcset=\"https:\/\/www.cocondedecoration.com\/blog\/wp-content\/uploads\/2020\/09\/style-arty-decoration-murale-exemple-8-640x853.jpeg 640w, https:\/\/www.cocondedecoration.com\/blog\/wp-content\/uploads\/2020\/09\/style-arty-decoration-murale-exemple-8-260x347.jpeg 260w, https:\/\/www.cocondedecoration.com\/blog\/wp-content\/uploads\/2020\/09\/style-arty-decoration-murale-exemple-8-413x550.jpeg 413w, https:\/\/www.cocondedecoration.com\/blog\/wp-content\/uploads\/2020\/09\/style-arty-decoration-murale-exemple-8-375x500.jpeg 375w, https:\/\/www.cocondedecoration.com\/blog\/wp-content\/uploads\/2020\/09\/style-arty-decoration-murale-exemple-8.jpeg 750w\" sizes=\"(max-width: 640px) 100vw, 640px\" \/><figcaption><a href=\"https:\/\/www.pinterest.ch\/pin\/301389400068992672\/\" target=\"_blank\" rel=\"noreferrer noopener\" aria-label=\"source (opens in a new tab)\">source<\/a><\/figcaption><\/figure><\/div>\n\n\n\n<div class=\"wp-block-column is-layout-flow wp-block-column-is-layout-flow\">\n<div style=\"height:100px\" aria-hidden=\"true\" class=\"wp-block-spacer\"><\/div>\n\n\n\n<a name=\"toc-7\" style=\"text-decoration: none;\"><\/a><h2 class=\"wp-block-heading\">08 &bull; Mix &amp; match boh&egrave;me et Arty <\/h2>\n\n\n\n<p>Un style d&eacute;co n'emp&ecirc;che pas l'autre dans votre int&eacute;rieur, notamment quand on parle de d&eacute;co boh&egrave;me ou de style Arty. Ce sont deux tendances assez charg&eacute;es qui autorisent pas mal de chose, comme le mix and match. L'ambiance boh&egrave;me ici on la retrouve dans l'id&eacute;e de confort et de multiplication des coussins, des plantes ou encore des tapis. La multiplication des cadres au mur va aussi dans ce sens. Le style Arty va apporter de la personnalit&eacute; et peut-&ecirc;tre un peu plus de profondeur &agrave; l'ambiance boh&egrave;me. Les oeuvres d'art apportent un cachet qui manque cruellement dans les int&eacute;rieurs boh&egrave;mes selon moi. (Bon apr&egrave;s, j'avoue, je ne suis pas la plus grande fan des d&eacute;co boh&egrave;mes qu'elles soient chic ou pas. Elles manquent de personnalit&eacute; &agrave; mes yeux...) <\/p>\n<\/div>\n<\/div>\n\n\n\n<div class=\"wp-block-columns has-2-columns is-layout-flex wp-container-core-columns-layout-10 wp-block-columns-is-layout-flex\">\n<div class=\"wp-block-column is-layout-flow wp-block-column-is-layout-flow\">\n<div style=\"height:100px\" aria-hidden=\"true\" class=\"wp-block-spacer\"><\/div>\n\n\n\n<a name=\"toc-8\" style=\"text-decoration: none;\"><\/a><h2 class=\"wp-block-heading\">09 &bull; Un design vintage et Arty <\/h2>\n\n\n\n<p>Je l'ai &eacute;crit un peu plus haut, cette ambiance fait partie de mon top 3. J'aime le c&ocirc;t&eacute; vintage qui transpire de ce salon. L'association du mobilier et de la composition murale est parfaite &agrave; mes yeux. Les meubles sont simples et design. La mini biblioth&egrave;que murale est un coup de coeur <del>bien qu'elle<\/del> parce qu'elle est simple comme bonjour. On n'est pas du tout sur le format des biblioth&egrave;ques modernes qui prennent beaucoup de place. Non, ici c'est discret et efficace. Cela laisse aussi un grand pan de mur &agrave; d&eacute;corer avec des cadres. Encore une fois on retrouve l'id&eacute;e de patchwork d'oeuvres d'art. Je trouve que c'est une jolie mani&egrave;re de vivre l'art au quotidien. C'est aussi un d&eacute;cor tr&egrave;s chaleureux alors que les couleurs du mur et du sol sont neutres (voire un peu fadasses). <\/p>\n<\/div>\n\n\n\n<div class=\"wp-block-column is-layout-flow wp-block-column-is-layout-flow\">\n<figure class=\"wp-block-image\"><img loading=\"lazy\" decoding=\"async\" width=\"640\" height=\"853\" src=\"http:\/\/www.cocondedecoration.com\/blog\/wp-content\/uploads\/2020\/09\/style-arty-decoration-murale-exemple-9-640x853.jpeg\" alt=\"d&eacute;cor style arty mobilier design r&eacute;tro \" class=\"wp-image-29926\" srcset=\"https:\/\/www.cocondedecoration.com\/blog\/wp-content\/uploads\/2020\/09\/style-arty-decoration-murale-exemple-9-640x853.jpeg 640w, https:\/\/www.cocondedecoration.com\/blog\/wp-content\/uploads\/2020\/09\/style-arty-decoration-murale-exemple-9-260x347.jpeg 260w, https:\/\/www.cocondedecoration.com\/blog\/wp-content\/uploads\/2020\/09\/style-arty-decoration-murale-exemple-9-413x550.jpeg 413w, https:\/\/www.cocondedecoration.com\/blog\/wp-content\/uploads\/2020\/09\/style-arty-decoration-murale-exemple-9-375x500.jpeg 375w, https:\/\/www.cocondedecoration.com\/blog\/wp-content\/uploads\/2020\/09\/style-arty-decoration-murale-exemple-9.jpeg 750w\" sizes=\"(max-width: 640px) 100vw, 640px\" \/><figcaption><a href=\"https:\/\/www.pinterest.ch\/pin\/641833384387903819\/\" target=\"_blank\" rel=\"noreferrer noopener\" aria-label=\"source (opens in a new tab)\">source<\/a><\/figcaption><\/figure><\/div>\n<\/div>\n\n\n\n<div class=\"wp-block-columns has-2-columns is-layout-flex wp-container-core-columns-layout-11 wp-block-columns-is-layout-flex\">\n<div class=\"wp-block-column is-layout-flow wp-block-column-is-layout-flow\">\n<figure class=\"wp-block-image\"><img loading=\"lazy\" decoding=\"async\" width=\"640\" height=\"853\" src=\"http:\/\/www.cocondedecoration.com\/blog\/wp-content\/uploads\/2020\/09\/style-arty-decoration-murale-exemple-10-640x853.jpeg\" alt=\"decoration style arty vintage tableau visage\" class=\"wp-image-29927\" srcset=\"https:\/\/www.cocondedecoration.com\/blog\/wp-content\/uploads\/2020\/09\/style-arty-decoration-murale-exemple-10-640x853.jpeg 640w, https:\/\/www.cocondedecoration.com\/blog\/wp-content\/uploads\/2020\/09\/style-arty-decoration-murale-exemple-10-260x347.jpeg 260w, https:\/\/www.cocondedecoration.com\/blog\/wp-content\/uploads\/2020\/09\/style-arty-decoration-murale-exemple-10-413x550.jpeg 413w, https:\/\/www.cocondedecoration.com\/blog\/wp-content\/uploads\/2020\/09\/style-arty-decoration-murale-exemple-10-375x500.jpeg 375w, https:\/\/www.cocondedecoration.com\/blog\/wp-content\/uploads\/2020\/09\/style-arty-decoration-murale-exemple-10.jpeg 750w\" sizes=\"(max-width: 640px) 100vw, 640px\" \/><figcaption><a href=\"https:\/\/www.pinterest.ch\/pin\/64035625941551095\/\" target=\"_blank\" rel=\"noreferrer noopener\" aria-label=\"source (opens in a new tab)\">source<\/a><\/figcaption><\/figure><\/div>\n\n\n\n<div class=\"wp-block-column is-layout-flow wp-block-column-is-layout-flow\">\n<div style=\"height:100px\" aria-hidden=\"true\" class=\"wp-block-spacer\"><\/div>\n\n\n\n<a name=\"toc-9\" style=\"text-decoration: none;\"><\/a><h2 class=\"wp-block-heading\">10 &bull; La tendance visage pour une d&eacute;co Arty <\/h2>\n\n\n\n<p>Derni&egrave;re image d&eacute;co de cette s&eacute;lection, un tableau unique au mur avec un grand visage contemporain, color&eacute; et asym&eacute;trique. On retrouve le c&ocirc;t&eacute; d&eacute;structur&eacute; du cubisme mais remis au go&ucirc;t du jour avec la th&eacute;matique moderne du visage. Le grand format de l'oeuvre suffit &agrave; insuffl&eacute; &agrave; la pi&egrave;ce une atmosph&egrave;re Arty. <\/p>\n\n\n\n<p>J'esp&egrave;re que cet article vous aura donn&eacute; des id&eacute;es pour d&eacute;corer vos murs et &eacute;ventuellement cr&eacute;er une ambiance Arty chez vous. Si vous avez des enfants &agrave; la maison, c'est le moment de sortir les dessins stock&eacute;s dans un tiroir et de les accrocher aux murs. Rien de mieux pour rendre sa d&eacute;co plus personnelle! <\/p>\n<\/div>\n<\/div>\n\n\n\n<div class=\"wp-block-columns has-2-columns is-layout-flex wp-container-core-columns-layout-12 wp-block-columns-is-layout-flex\">\n<div class=\"wp-block-column is-layout-flow wp-block-column-is-layout-flow\"><div class='white' style='background:rgba(0,0,0,0); border:solid 0px rgba(0,0,0,0); border-radius:0px; padding:0px 0px 0px 0px;'>\n<div id='slider_63862' class='owl-carousel sa_owl_theme owl-pagination-true autohide-arrows' data-slider-id='slider_63862' style='visibility:hidden;'>\n<div id='slider_63862_slide01' class='sa_hover_container' style='padding:5% 5%; margin:0px 0%; '><p><img loading=\"lazy\" decoding=\"async\" class=\"aligncenter size-full wp-image-63864\" src=\"https:\/\/www.cocondedecoration.com\/blog\/wp-content\/uploads\/2023\/08\/deco-murale-design-moderne-1.jpeg\" alt=\"deco murale design moderne Toile avec cadre noir abstrait d\u00e9tail blanc \u00e9cru\" width=\"500\" height=\"500\" srcset=\"https:\/\/www.cocondedecoration.com\/blog\/wp-content\/uploads\/2023\/08\/deco-murale-design-moderne-1.jpeg 500w, https:\/\/www.cocondedecoration.com\/blog\/wp-content\/uploads\/2023\/08\/deco-murale-design-moderne-1-165x165.jpeg 165w, https:\/\/www.cocondedecoration.com\/blog\/wp-content\/uploads\/2023\/08\/deco-murale-design-moderne-1-260x260.jpeg 260w, https:\/\/www.cocondedecoration.com\/blog\/wp-content\/uploads\/2023\/08\/deco-murale-design-moderne-1-465x465.jpeg 465w\" sizes=\"(max-width: 500px) 100vw, 500px\" \/><\/p><\/div>\n<div id='slider_63862_slide02' class='sa_hover_container' style='padding:5% 5%; margin:0px 0%; '><p><img loading=\"lazy\" decoding=\"async\" class=\"aligncenter size-full wp-image-63870\" src=\"https:\/\/www.cocondedecoration.com\/blog\/wp-content\/uploads\/2023\/08\/decoration-murale-couleur-moderne-1.jpeg\" alt=\"decoration murale couleur moderne Etag\u00e8re murale XL modulable en bois clair et m\u00e9tal noir\" width=\"500\" height=\"500\" srcset=\"https:\/\/www.cocondedecoration.com\/blog\/wp-content\/uploads\/2023\/08\/decoration-murale-couleur-moderne-1.jpeg 500w, https:\/\/www.cocondedecoration.com\/blog\/wp-content\/uploads\/2023\/08\/decoration-murale-couleur-moderne-1-165x165.jpeg 165w, https:\/\/www.cocondedecoration.com\/blog\/wp-content\/uploads\/2023\/08\/decoration-murale-couleur-moderne-1-260x260.jpeg 260w, https:\/\/www.cocondedecoration.com\/blog\/wp-content\/uploads\/2023\/08\/decoration-murale-couleur-moderne-1-465x465.jpeg 465w\" sizes=\"(max-width: 500px) 100vw, 500px\" \/><\/p><\/div>\n<div id='slider_63862_slide03' class='sa_hover_container' style='padding:5% 5%; margin:0px 0%; '><p><img loading=\"lazy\" decoding=\"async\" class=\"aligncenter size-full wp-image-63875\" src=\"https:\/\/www.cocondedecoration.com\/blog\/wp-content\/uploads\/2023\/08\/objet-deco-murale-tendance-pas-cher-1.jpeg\" alt=\"objet deco murale tendance pas cher Toile abstraite en relief terracotta et beige 55x75\" width=\"500\" height=\"500\" srcset=\"https:\/\/www.cocondedecoration.com\/blog\/wp-content\/uploads\/2023\/08\/objet-deco-murale-tendance-pas-cher-1.jpeg 500w, https:\/\/www.cocondedecoration.com\/blog\/wp-content\/uploads\/2023\/08\/objet-deco-murale-tendance-pas-cher-1-165x165.jpeg 165w, https:\/\/www.cocondedecoration.com\/blog\/wp-content\/uploads\/2023\/08\/objet-deco-murale-tendance-pas-cher-1-260x260.jpeg 260w, https:\/\/www.cocondedecoration.com\/blog\/wp-content\/uploads\/2023\/08\/objet-deco-murale-tendance-pas-cher-1-465x465.jpeg 465w\" sizes=\"(max-width: 500px) 100vw, 500px\" \/><\/p><\/div>\n<div id='slider_63862_slide04' class='sa_hover_container' style='padding:5% 5%; margin:0px 0%; '><p><img loading=\"lazy\" decoding=\"async\" class=\"aligncenter size-full wp-image-63865\" src=\"https:\/\/www.cocondedecoration.com\/blog\/wp-content\/uploads\/2023\/08\/deco-murale-design-moderne-2.jpeg\" alt=\"deco murale design moderne D\u00e9co murale formes abstraites\" width=\"500\" height=\"500\" srcset=\"https:\/\/www.cocondedecoration.com\/blog\/wp-content\/uploads\/2023\/08\/deco-murale-design-moderne-2.jpeg 500w, https:\/\/www.cocondedecoration.com\/blog\/wp-content\/uploads\/2023\/08\/deco-murale-design-moderne-2-165x165.jpeg 165w, https:\/\/www.cocondedecoration.com\/blog\/wp-content\/uploads\/2023\/08\/deco-murale-design-moderne-2-260x260.jpeg 260w, https:\/\/www.cocondedecoration.com\/blog\/wp-content\/uploads\/2023\/08\/deco-murale-design-moderne-2-465x465.jpeg 465w\" sizes=\"(max-width: 500px) 100vw, 500px\" \/><\/p><\/div>\n<div id='slider_63862_slide05' class='sa_hover_container' style='padding:5% 5%; margin:0px 0%; '><p><img loading=\"lazy\" decoding=\"async\" class=\"aligncenter size-full wp-image-63871\" src=\"https:\/\/www.cocondedecoration.com\/blog\/wp-content\/uploads\/2023\/08\/decoration-murale-couleur-moderne-2.jpeg\" alt=\"decoration murale couleur moderne Applique murale bi-mati\u00e8re en jute naturel et tissu vert kaki\" width=\"500\" height=\"500\" srcset=\"https:\/\/www.cocondedecoration.com\/blog\/wp-content\/uploads\/2023\/08\/decoration-murale-couleur-moderne-2.jpeg 500w, https:\/\/www.cocondedecoration.com\/blog\/wp-content\/uploads\/2023\/08\/decoration-murale-couleur-moderne-2-165x165.jpeg 165w, https:\/\/www.cocondedecoration.com\/blog\/wp-content\/uploads\/2023\/08\/decoration-murale-couleur-moderne-2-260x260.jpeg 260w, https:\/\/www.cocondedecoration.com\/blog\/wp-content\/uploads\/2023\/08\/decoration-murale-couleur-moderne-2-465x465.jpeg 465w\" sizes=\"(max-width: 500px) 100vw, 500px\" \/><\/p><\/div>\n<div id='slider_63862_slide06' class='sa_hover_container' style='padding:5% 5%; margin:0px 0%; '><p><img loading=\"lazy\" decoding=\"async\" class=\"aligncenter size-full wp-image-63876\" src=\"https:\/\/www.cocondedecoration.com\/blog\/wp-content\/uploads\/2023\/08\/objet-deco-murale-tendance-pas-cher-2.jpeg\" alt=\"objet deco murale tendance pas cher D\u00e9co murale en bois de platane beige et marron 70x45\" width=\"500\" height=\"500\" srcset=\"https:\/\/www.cocondedecoration.com\/blog\/wp-content\/uploads\/2023\/08\/objet-deco-murale-tendance-pas-cher-2.jpeg 500w, https:\/\/www.cocondedecoration.com\/blog\/wp-content\/uploads\/2023\/08\/objet-deco-murale-tendance-pas-cher-2-165x165.jpeg 165w, https:\/\/www.cocondedecoration.com\/blog\/wp-content\/uploads\/2023\/08\/objet-deco-murale-tendance-pas-cher-2-260x260.jpeg 260w, https:\/\/www.cocondedecoration.com\/blog\/wp-content\/uploads\/2023\/08\/objet-deco-murale-tendance-pas-cher-2-465x465.jpeg 465w\" sizes=\"(max-width: 500px) 100vw, 500px\" \/><\/p><\/div>\n<div id='slider_63862_slide07' class='sa_hover_container' style='padding:5% 5%; margin:0px 0%; '><p><img loading=\"lazy\" decoding=\"async\" class=\"aligncenter size-full wp-image-63866\" src=\"https:\/\/www.cocondedecoration.com\/blog\/wp-content\/uploads\/2023\/08\/deco-murale-design-moderne-3.jpeg\" alt=\"deco murale design moderne \u00c9ventail mural en bambou\" width=\"500\" height=\"500\" srcset=\"https:\/\/www.cocondedecoration.com\/blog\/wp-content\/uploads\/2023\/08\/deco-murale-design-moderne-3.jpeg 500w, https:\/\/www.cocondedecoration.com\/blog\/wp-content\/uploads\/2023\/08\/deco-murale-design-moderne-3-165x165.jpeg 165w, https:\/\/www.cocondedecoration.com\/blog\/wp-content\/uploads\/2023\/08\/deco-murale-design-moderne-3-260x260.jpeg 260w, https:\/\/www.cocondedecoration.com\/blog\/wp-content\/uploads\/2023\/08\/deco-murale-design-moderne-3-465x465.jpeg 465w\" sizes=\"(max-width: 500px) 100vw, 500px\" \/><\/p><\/div>\n<div id='slider_63862_slide08' class='sa_hover_container' style='padding:5% 5%; margin:0px 0%; '><p><img loading=\"lazy\" decoding=\"async\" class=\"aligncenter size-full wp-image-63872\" src=\"https:\/\/www.cocondedecoration.com\/blog\/wp-content\/uploads\/2023\/08\/decoration-murale-couleur-moderne-3.jpeg\" alt=\"decoration murale couleur moderne Applique murale vintage en papier tiss\u00e9 naturel\" width=\"500\" height=\"500\" srcset=\"https:\/\/www.cocondedecoration.com\/blog\/wp-content\/uploads\/2023\/08\/decoration-murale-couleur-moderne-3.jpeg 500w, https:\/\/www.cocondedecoration.com\/blog\/wp-content\/uploads\/2023\/08\/decoration-murale-couleur-moderne-3-165x165.jpeg 165w, https:\/\/www.cocondedecoration.com\/blog\/wp-content\/uploads\/2023\/08\/decoration-murale-couleur-moderne-3-260x260.jpeg 260w, https:\/\/www.cocondedecoration.com\/blog\/wp-content\/uploads\/2023\/08\/decoration-murale-couleur-moderne-3-465x465.jpeg 465w\" sizes=\"(max-width: 500px) 100vw, 500px\" \/><\/p><\/div>\n<div id='slider_63862_slide09' class='sa_hover_container' style='padding:5% 5%; margin:0px 0%; '><p><img loading=\"lazy\" decoding=\"async\" class=\"aligncenter size-full wp-image-63877\" src=\"https:\/\/www.cocondedecoration.com\/blog\/wp-content\/uploads\/2023\/08\/objet-deco-murale-tendance-pas-cher-3.jpeg\" alt=\"objet deco murale tendance pas cher Toiles abstraites \u00e9crues, beiges et marron (x4) 20x25\" width=\"500\" height=\"500\" srcset=\"https:\/\/www.cocondedecoration.com\/blog\/wp-content\/uploads\/2023\/08\/objet-deco-murale-tendance-pas-cher-3.jpeg 500w, https:\/\/www.cocondedecoration.com\/blog\/wp-content\/uploads\/2023\/08\/objet-deco-murale-tendance-pas-cher-3-165x165.jpeg 165w, https:\/\/www.cocondedecoration.com\/blog\/wp-content\/uploads\/2023\/08\/objet-deco-murale-tendance-pas-cher-3-260x260.jpeg 260w, https:\/\/www.cocondedecoration.com\/blog\/wp-content\/uploads\/2023\/08\/objet-deco-murale-tendance-pas-cher-3-465x465.jpeg 465w\" sizes=\"(max-width: 500px) 100vw, 500px\" \/><\/p><\/div>\n<div id='slider_63862_slide10' class='sa_hover_container' style='padding:5% 5%; margin:0px 0%; '><p><img loading=\"lazy\" decoding=\"async\" class=\"aligncenter size-full wp-image-63867\" src=\"https:\/\/www.cocondedecoration.com\/blog\/wp-content\/uploads\/2023\/08\/deco-murale-design-moderne-4.jpeg\" alt=\"deco murale design moderne Miroir irr\u00e9gulier en m\u00e9tal 84x108,5cm\" width=\"500\" height=\"500\" srcset=\"https:\/\/www.cocondedecoration.com\/blog\/wp-content\/uploads\/2023\/08\/deco-murale-design-moderne-4.jpeg 500w, https:\/\/www.cocondedecoration.com\/blog\/wp-content\/uploads\/2023\/08\/deco-murale-design-moderne-4-165x165.jpeg 165w, https:\/\/www.cocondedecoration.com\/blog\/wp-content\/uploads\/2023\/08\/deco-murale-design-moderne-4-260x260.jpeg 260w, https:\/\/www.cocondedecoration.com\/blog\/wp-content\/uploads\/2023\/08\/deco-murale-design-moderne-4-465x465.jpeg 465w\" sizes=\"(max-width: 500px) 100vw, 500px\" \/><\/p><\/div>\n<div id='slider_63862_slide11' class='sa_hover_container' style='padding:5% 5%; margin:0px 0%; '><p><img loading=\"lazy\" decoding=\"async\" class=\"aligncenter size-full wp-image-63873\" src=\"https:\/\/www.cocondedecoration.com\/blog\/wp-content\/uploads\/2023\/08\/decoration-murale-couleur-moderne-4.jpeg\" alt=\"decoration murale couleur moderne Kak\u00e9mono tableau en toile suspendue formes abstraites motifs arrondis\" width=\"500\" height=\"500\" srcset=\"https:\/\/www.cocondedecoration.com\/blog\/wp-content\/uploads\/2023\/08\/decoration-murale-couleur-moderne-4.jpeg 500w, https:\/\/www.cocondedecoration.com\/blog\/wp-content\/uploads\/2023\/08\/decoration-murale-couleur-moderne-4-165x165.jpeg 165w, https:\/\/www.cocondedecoration.com\/blog\/wp-content\/uploads\/2023\/08\/decoration-murale-couleur-moderne-4-260x260.jpeg 260w, https:\/\/www.cocondedecoration.com\/blog\/wp-content\/uploads\/2023\/08\/decoration-murale-couleur-moderne-4-465x465.jpeg 465w\" sizes=\"(max-width: 500px) 100vw, 500px\" \/><\/p><\/div>\n<div id='slider_63862_slide12' class='sa_hover_container' style='padding:5% 5%; margin:0px 0%; '><p><img loading=\"lazy\" decoding=\"async\" class=\"aligncenter size-full wp-image-63878\" src=\"https:\/\/www.cocondedecoration.com\/blog\/wp-content\/uploads\/2023\/08\/objet-deco-murale-tendance-pas-cher-4.jpeg\" alt=\"objet deco murale tendance pas cher Affiche noir &amp; rouge illustration Frida\" width=\"500\" height=\"500\" srcset=\"https:\/\/www.cocondedecoration.com\/blog\/wp-content\/uploads\/2023\/08\/objet-deco-murale-tendance-pas-cher-4.jpeg 500w, https:\/\/www.cocondedecoration.com\/blog\/wp-content\/uploads\/2023\/08\/objet-deco-murale-tendance-pas-cher-4-165x165.jpeg 165w, https:\/\/www.cocondedecoration.com\/blog\/wp-content\/uploads\/2023\/08\/objet-deco-murale-tendance-pas-cher-4-260x260.jpeg 260w, https:\/\/www.cocondedecoration.com\/blog\/wp-content\/uploads\/2023\/08\/objet-deco-murale-tendance-pas-cher-4-465x465.jpeg 465w\" sizes=\"(max-width: 500px) 100vw, 500px\" \/><\/p><\/div>\n<div id='slider_63862_slide13' class='sa_hover_container' style='padding:5% 5%; margin:0px 0%; '><p><img loading=\"lazy\" decoding=\"async\" class=\"aligncenter size-full wp-image-63868\" src=\"https:\/\/www.cocondedecoration.com\/blog\/wp-content\/uploads\/2023\/08\/deco-murale-design-moderne-5.jpeg\" alt=\"deco murale design moderne Miroir ovale avec lanni\u00e8re en cuir\" width=\"500\" height=\"500\" srcset=\"https:\/\/www.cocondedecoration.com\/blog\/wp-content\/uploads\/2023\/08\/deco-murale-design-moderne-5.jpeg 500w, https:\/\/www.cocondedecoration.com\/blog\/wp-content\/uploads\/2023\/08\/deco-murale-design-moderne-5-165x165.jpeg 165w, https:\/\/www.cocondedecoration.com\/blog\/wp-content\/uploads\/2023\/08\/deco-murale-design-moderne-5-260x260.jpeg 260w, https:\/\/www.cocondedecoration.com\/blog\/wp-content\/uploads\/2023\/08\/deco-murale-design-moderne-5-465x465.jpeg 465w\" sizes=\"(max-width: 500px) 100vw, 500px\" \/><\/p><\/div>\n<div id='slider_63862_slide14' class='sa_hover_container' style='padding:5% 5%; margin:0px 0%; '><p><img loading=\"lazy\" decoding=\"async\" class=\"aligncenter size-full wp-image-63874\" src=\"https:\/\/www.cocondedecoration.com\/blog\/wp-content\/uploads\/2023\/08\/decoration-murale-couleur-moderne-5.jpeg\" alt=\"decoration murale couleur moderne Kakemono tableau en toile suspendue formes abstraites couleur neutre\" width=\"500\" height=\"500\" srcset=\"https:\/\/www.cocondedecoration.com\/blog\/wp-content\/uploads\/2023\/08\/decoration-murale-couleur-moderne-5.jpeg 500w, https:\/\/www.cocondedecoration.com\/blog\/wp-content\/uploads\/2023\/08\/decoration-murale-couleur-moderne-5-165x165.jpeg 165w, https:\/\/www.cocondedecoration.com\/blog\/wp-content\/uploads\/2023\/08\/decoration-murale-couleur-moderne-5-260x260.jpeg 260w, https:\/\/www.cocondedecoration.com\/blog\/wp-content\/uploads\/2023\/08\/decoration-murale-couleur-moderne-5-465x465.jpeg 465w\" sizes=\"(max-width: 500px) 100vw, 500px\" \/><\/p><\/div>\n<div id='slider_63862_slide15' class='sa_hover_container' style='padding:5% 5%; margin:0px 0%; '><p><img loading=\"lazy\" decoding=\"async\" class=\"aligncenter size-full wp-image-63879\" src=\"https:\/\/www.cocondedecoration.com\/blog\/wp-content\/uploads\/2023\/08\/objet-deco-murale-tendance-pas-cher-5.jpeg\" alt=\"objet deco murale tendance pas cher Miroir organique en bois d'acacia marron\" width=\"500\" height=\"500\" srcset=\"https:\/\/www.cocondedecoration.com\/blog\/wp-content\/uploads\/2023\/08\/objet-deco-murale-tendance-pas-cher-5.jpeg 500w, https:\/\/www.cocondedecoration.com\/blog\/wp-content\/uploads\/2023\/08\/objet-deco-murale-tendance-pas-cher-5-165x165.jpeg 165w, https:\/\/www.cocondedecoration.com\/blog\/wp-content\/uploads\/2023\/08\/objet-deco-murale-tendance-pas-cher-5-260x260.jpeg 260w, https:\/\/www.cocondedecoration.com\/blog\/wp-content\/uploads\/2023\/08\/objet-deco-murale-tendance-pas-cher-5-465x465.jpeg 465w\" sizes=\"(max-width: 500px) 100vw, 500px\" \/><\/p><\/div>\n<\/div>\n<\/div>\n<script type='text\/javascript'>\n\tjQuery(document).ready(function() {\n\t\tjQuery('#slider_63862').owlCarousel({\n\t\t\titems : 1,\n\t\t\tsmartSpeed : 200,\n\t\t\tautoplay : true,\n\t\t\tautoplayTimeout : 5000,\n\t\t\tautoplayHoverPause : true,\n\t\t\tsmartSpeed : 200,\n\t\t\tfluidSpeed : 200,\n\t\t\tautoplaySpeed : 200,\n\t\t\tnavSpeed : 200,\n\t\t\tdotsSpeed : 200,\n\t\t\tloop : true,\n\t\t\tnav : true,\n\t\t\tnavText : ['Previous','Next'],\n\t\t\tdots : true,\n\t\t\tresponsiveRefreshRate : 200,\n\t\t\tslideBy : 1,\n\t\t\tmergeFit : true,\n\t\t\tautoHeight : false,\n\t\t\tmouseDrag : false,\n\t\t\ttouchDrag : true\n\t\t});\n\t\tjQuery('#slider_63862').css('visibility', 'visible');\n\t\tsa_resize_slider_63862();\n\t\twindow.addEventListener('resize', sa_resize_slider_63862);\n\t\tfunction sa_resize_slider_63862() {\n\t\t\tvar min_height = '50';\n\t\t\tvar win_width = jQuery(window).width();\n\t\t\tvar slider_width = jQuery('#slider_63862').width();\n\t\t\tif (win_width < 480) {\n\t\t\t\tvar slide_width = slider_width \/ 1;\n\t\t\t} else if (win_width < 768) {\n\t\t\t\tvar slide_width = slider_width \/ 1;\n\t\t\t} else if (win_width < 980) {\n\t\t\t\tvar slide_width = slider_width \/ 1;\n\t\t\t} else if (win_width < 1200) {\n\t\t\t\tvar slide_width = slider_width \/ 1;\n\t\t\t} else if (win_width < 1500) {\n\t\t\t\tvar slide_width = slider_width \/ 1;\n\t\t\t} else {\n\t\t\t\tvar slide_width = slider_width \/ 1;\n\t\t\t}\n\t\t\tslide_width = Math.round(slide_width);\n\t\t\tvar slide_height = '0';\n\t\t\tif (min_height == 'aspect43') {\n\t\t\t\tslide_height = (slide_width \/ 4) * 3;\t\t\t\tslide_height = Math.round(slide_height);\n\t\t\t} else if (min_height == 'aspect169') {\n\t\t\t\tslide_height = (slide_width \/ 16) * 9;\t\t\t\tslide_height = Math.round(slide_height);\n\t\t\t} else {\n\t\t\t\tslide_height = (slide_width \/ 100) * min_height;\t\t\t\tslide_height = Math.round(slide_height);\n\t\t\t}\n\t\t\tjQuery('#slider_63862 .owl-item .sa_hover_container').css('min-height', slide_height+'px');\n\t\t}\n\t\tvar owl_goto = jQuery('#slider_63862');\n\t\tjQuery('.slider_63862_goto1').click(function(event){\n\t\t\towl_goto.trigger('to.owl.carousel', 0);\n\t\t});\n\t\tjQuery('.slider_63862_goto2').click(function(event){\n\t\t\towl_goto.trigger('to.owl.carousel', 1);\n\t\t});\n\t\tjQuery('.slider_63862_goto3').click(function(event){\n\t\t\towl_goto.trigger('to.owl.carousel', 2);\n\t\t});\n\t\tjQuery('.slider_63862_goto4').click(function(event){\n\t\t\towl_goto.trigger('to.owl.carousel', 3);\n\t\t});\n\t\tjQuery('.slider_63862_goto5').click(function(event){\n\t\t\towl_goto.trigger('to.owl.carousel', 4);\n\t\t});\n\t\tjQuery('.slider_63862_goto6').click(function(event){\n\t\t\towl_goto.trigger('to.owl.carousel', 5);\n\t\t});\n\t\tjQuery('.slider_63862_goto7').click(function(event){\n\t\t\towl_goto.trigger('to.owl.carousel', 6);\n\t\t});\n\t\tjQuery('.slider_63862_goto8').click(function(event){\n\t\t\towl_goto.trigger('to.owl.carousel', 7);\n\t\t});\n\t\tjQuery('.slider_63862_goto9').click(function(event){\n\t\t\towl_goto.trigger('to.owl.carousel', 8);\n\t\t});\n\t\tjQuery('.slider_63862_goto10').click(function(event){\n\t\t\towl_goto.trigger('to.owl.carousel', 9);\n\t\t});\n\t\tjQuery('.slider_63862_goto11').click(function(event){\n\t\t\towl_goto.trigger('to.owl.carousel', 10);\n\t\t});\n\t\tjQuery('.slider_63862_goto12').click(function(event){\n\t\t\towl_goto.trigger('to.owl.carousel', 11);\n\t\t});\n\t\tjQuery('.slider_63862_goto13').click(function(event){\n\t\t\towl_goto.trigger('to.owl.carousel', 12);\n\t\t});\n\t\tjQuery('.slider_63862_goto14').click(function(event){\n\t\t\towl_goto.trigger('to.owl.carousel', 13);\n\t\t});\n\t\tjQuery('.slider_63862_goto15').click(function(event){\n\t\t\towl_goto.trigger('to.owl.carousel', 14);\n\t\t});\n\t\tvar resize_63862 = jQuery('.owl-carousel');\n\t\tresize_63862.on('initialized.owl.carousel', function(e) {\n\t\t\tif (typeof(Event) === 'function') {\n\t\t\t\twindow.dispatchEvent(new Event('resize'));\n\t\t\t} else {\n\t\t\t\tvar evt = window.document.createEvent('UIEvents');\n\t\t\t\tevt.initUIEvent('resize', true, false, window, 0);\n\t\t\t\twindow.dispatchEvent(evt);\n\t\t\t}\n\t\t});\n\t});\n<\/script>\n\n<\/div>\n\n\n\n<div class=\"wp-block-column is-layout-flow wp-block-column-is-layout-flow\">\n<p style=\"text-align:center\" class=\"has-medium-font-size\">Un vent de nouveaut&eacute; dans votre d&eacute;coration murale<\/p>\n\n\n\n<ol><li><a rel=\"noreferrer noopener\" aria-label=\"Toile avec cadre (s&rsquo;ouvre dans un nouvel onglet)\" href=\"https:\/\/c3po.link\/QCsddqT5BU\" target=\"_blank\">Toile avec cadre<\/a> - Drawer <\/li><li><a rel=\"noreferrer noopener\" aria-label=\"Etag&egrave;re murale XL modulable en bois clair et m&eacute;tal (s&rsquo;ouvre dans un nouvel onglet)\" href=\"https:\/\/sow.miliboo.com\/?P46F1956CE39151&amp;redir=https%3A%2F%2Fwww.miliboo.com%2Fetagere-murale-xl-bois-et-metal-bridge-43093.html\" target=\"_blank\">Etag&egrave;re murale XL modulable en bois clair et m&eacute;tal<\/a> - Miliboo<\/li><li><a rel=\"noreferrer noopener\" aria-label=\"Toile abstraite en relief terracotta et beige (s&rsquo;ouvre dans un nouvel onglet)\" href=\"https:\/\/fnty.co\/c\/r-itMbQiFN\" target=\"_blank\">Toile abstraite en relief terracotta et beige<\/a> - Maisons du Monde <\/li><li><a rel=\"noreferrer noopener\" aria-label=\"D&eacute;co murale formes abstraites (s&rsquo;ouvre dans un nouvel onglet)\" href=\"https:\/\/c3po.link\/QC7D2qFhgQ\" target=\"_blank\">D&eacute;co murale formes abstraites<\/a> - Drawer <\/li><li><a rel=\"noreferrer noopener\" aria-label=\"Applique murale en jute naturel et tissu vert kaki (s&rsquo;ouvre dans un nouvel onglet)\" href=\"https:\/\/sow.miliboo.com\/?P46F1956CE39151&amp;redir=https%3A%2F%2Fwww.miliboo.com%2Fapplique-bimatiere-tissu-bleu-grise-jute-chill-50680.html\" target=\"_blank\">Applique murale en jute naturel et tissu vert kaki<\/a> - Miliboo<\/li><li><a rel=\"noreferrer noopener\" aria-label=\"D&eacute;co murale en bois de platane beige et marron (s&rsquo;ouvre dans un nouvel onglet)\" href=\"https:\/\/fnty.co\/c\/r-ojGEjKpx\" target=\"_blank\">D&eacute;co murale en bois de platane beige et marron<\/a> - Maisons du Monde<\/li><li><a rel=\"noreferrer noopener\" aria-label=\"&Eacute;ventail mural en bambou (s&rsquo;ouvre dans un nouvel onglet)\" href=\"https:\/\/c3po.link\/QCurNEyBeV\" target=\"_blank\">&Eacute;ventail mural en bambou<\/a> - Drawer <\/li><li><a rel=\"noreferrer noopener\" aria-label=\"Applique murale vintage en papier tiss&eacute; naturel (s&rsquo;ouvre dans un nouvel onglet)\" href=\"https:\/\/sow.miliboo.com\/?P46F1956CE39151&amp;redir=https%3A%2F%2Fwww.miliboo.com%2Fapplique-murale-en-papier-tisse-h25-cubo-52745.html\" target=\"_blank\">Applique murale vintage en papier tiss&eacute; naturel<\/a> - Miliboo <\/li><li><a rel=\"noreferrer noopener\" aria-label=\"Toiles abstraites &eacute;crues, beiges et marron (x4) (s&rsquo;ouvre dans un nouvel onglet)\" href=\"https:\/\/fnty.co\/c\/r-KLYaWZwP\" target=\"_blank\">Toiles abstraites &eacute;crues, beiges et marron (x4)<\/a> - Maisons du Monde<\/li><li><a rel=\"noreferrer noopener\" aria-label=\"Miroir irr&eacute;gulier en m&eacute;tal (s&rsquo;ouvre dans un nouvel onglet)\" href=\"https:\/\/c3po.link\/QhKs6bWusc\" target=\"_blank\">Miroir irr&eacute;gulier en m&eacute;tal<\/a> - Drawer <\/li><li><a rel=\"noreferrer noopener\" aria-label=\"Kak&eacute;mono formes abstraites motifs arrondis (s&rsquo;ouvre dans un nouvel onglet)\" href=\"https:\/\/sow.miliboo.com\/?P46F1956CE39151&amp;redir=https%3A%2F%2Fwww.miliboo.com%2Fkakemono-formes-abstraites-l90-cm-aron-53467.html\" target=\"_blank\">Kak&eacute;mono formes abstraites motifs arrondis<\/a> - Miliboo<\/li><li><a rel=\"noreferrer noopener\" aria-label=\"Affiche noir &amp; rouge Frida (s&rsquo;ouvre dans un nouvel onglet)\" href=\"https:\/\/fnty.co\/c\/r-sQaGflhJ\" target=\"_blank\">Affiche noir &amp; rouge Frida<\/a> - Maisons du Monde <\/li><li><a rel=\"noreferrer noopener\" aria-label=\"Miroir ovale avec lani&egrave;re en cuir (s&rsquo;ouvre dans un nouvel onglet)\" href=\"https:\/\/c3po.link\/Qh4QUh8m5u\" target=\"_blank\">Miroir ovale avec lani&egrave;re en cuir<\/a> - Drawer <\/li><li><a rel=\"noreferrer noopener\" aria-label=\"Tableau en toile suspendue formes abstraites (s&rsquo;ouvre dans un nouvel onglet)\" href=\"https:\/\/sow.miliboo.com\/?P46F1956CE39151&amp;redir=https%3A%2F%2Fwww.miliboo.com%2Fkakemono-motifs-arrondis-150x100-cm-brandy-53683.html\" target=\"_blank\">Tableau en toile suspendue formes abstraites<\/a> - Miliboo <\/li><li><a href=\"https:\/\/fnty.co\/c\/r-calrUxaH\" target=\"_blank\" rel=\"noreferrer noopener\" aria-label=\"Miroir organique en bois d'acacia marron (s&rsquo;ouvre dans un nouvel onglet)\">Miroir organique en bois d'acacia marron<\/a> - Maisons du Monde <\/li><\/ol><p><strong>A lire aussi: <\/strong><a rel=\"noreferrer noopener\" aria-label=\"Comment d&eacute;corer le dessus de la t&ecirc;te de lit? (s&rsquo;ouvre dans un nouvel onglet)\" href=\"https:\/\/www.cocondedecoration.com\/blog\/2023\/07\/decoration-mur-tete-de-lit-chambre\/\" target=\"_blank\"><strong>Comment d&eacute;corer le dessus de la t&ecirc;te de lit?<\/strong><\/a><strong> <\/strong><\/p>\n<\/div>\n<\/div>\n\n\n\n<p><\/p>\n\n\n\n<hr class=\"wp-block-separator\"><div class=\"wp-block-columns has-2-columns is-layout-flex wp-container-core-columns-layout-13 wp-block-columns-is-layout-flex\">\n<div class=\"wp-block-column is-layout-flow wp-block-column-is-layout-flow\"><div class='white' style='background:rgba(0,0,0,0); border:solid 0px rgba(0,0,0,0); border-radius:0px; padding:0px 0px 0px 0px;'>\n<div id='slider_67011' class='owl-carousel sa_owl_theme owl-pagination-true autohide-arrows' data-slider-id='slider_67011' style='visibility:hidden;'>\n<div id='slider_67011_slide01' class='sa_hover_container' style='padding:5% 5%; margin:0px 0%; '><p><a href=\"https:\/\/www.cocondedecoration.com\/blog\/wp-content\/uploads\/2023\/09\/meuble-deco-vintage-maisons-du-monde-1.jpeg\"><img loading=\"lazy\" decoding=\"async\" class=\"aligncenter size-large wp-image-67013\" src=\"https:\/\/www.cocondedecoration.com\/blog\/wp-content\/uploads\/2023\/09\/meuble-deco-vintage-maisons-du-monde-1-640x640.jpeg\" alt=\"meuble deco vintage maisons du monde Fauteuil vintage vert kaki\" width=\"640\" height=\"640\" srcset=\"https:\/\/www.cocondedecoration.com\/blog\/wp-content\/uploads\/2023\/09\/meuble-deco-vintage-maisons-du-monde-1-640x640.jpeg 640w, https:\/\/www.cocondedecoration.com\/blog\/wp-content\/uploads\/2023\/09\/meuble-deco-vintage-maisons-du-monde-1-165x165.jpeg 165w, https:\/\/www.cocondedecoration.com\/blog\/wp-content\/uploads\/2023\/09\/meuble-deco-vintage-maisons-du-monde-1-260x260.jpeg 260w, https:\/\/www.cocondedecoration.com\/blog\/wp-content\/uploads\/2023\/09\/meuble-deco-vintage-maisons-du-monde-1-465x465.jpeg 465w, https:\/\/www.cocondedecoration.com\/blog\/wp-content\/uploads\/2023\/09\/meuble-deco-vintage-maisons-du-monde-1-500x500.jpeg 500w, https:\/\/www.cocondedecoration.com\/blog\/wp-content\/uploads\/2023\/09\/meuble-deco-vintage-maisons-du-monde-1.jpeg 650w\" sizes=\"(max-width: 640px) 100vw, 640px\" \/><\/a><\/p><\/div>\n<div id='slider_67011_slide02' class='sa_hover_container' style='padding:5% 5%; margin:0px 0%; '><p><a href=\"https:\/\/www.cocondedecoration.com\/blog\/wp-content\/uploads\/2023\/09\/deco-design-vintage-1.jpeg\"><img loading=\"lazy\" decoding=\"async\" class=\"aligncenter size-large wp-image-67018\" src=\"https:\/\/www.cocondedecoration.com\/blog\/wp-content\/uploads\/2023\/09\/deco-design-vintage-1-640x640.jpeg\" alt=\"deco design vintage Lampe sans fil\" width=\"640\" height=\"640\" srcset=\"https:\/\/www.cocondedecoration.com\/blog\/wp-content\/uploads\/2023\/09\/deco-design-vintage-1-640x640.jpeg 640w, https:\/\/www.cocondedecoration.com\/blog\/wp-content\/uploads\/2023\/09\/deco-design-vintage-1-165x165.jpeg 165w, https:\/\/www.cocondedecoration.com\/blog\/wp-content\/uploads\/2023\/09\/deco-design-vintage-1-260x260.jpeg 260w, https:\/\/www.cocondedecoration.com\/blog\/wp-content\/uploads\/2023\/09\/deco-design-vintage-1-465x465.jpeg 465w, https:\/\/www.cocondedecoration.com\/blog\/wp-content\/uploads\/2023\/09\/deco-design-vintage-1-500x500.jpeg 500w, https:\/\/www.cocondedecoration.com\/blog\/wp-content\/uploads\/2023\/09\/deco-design-vintage-1.jpeg 650w\" sizes=\"(max-width: 640px) 100vw, 640px\" \/><\/a><\/p><\/div>\n<div id='slider_67011_slide03' class='sa_hover_container' style='padding:5% 5%; margin:0px 0%; '><p><a href=\"https:\/\/www.cocondedecoration.com\/blog\/wp-content\/uploads\/2023\/09\/deco-mobilier-vintage-drawer-1.jpeg\"><img loading=\"lazy\" decoding=\"async\" class=\"aligncenter size-large wp-image-67023\" src=\"https:\/\/www.cocondedecoration.com\/blog\/wp-content\/uploads\/2023\/09\/deco-mobilier-vintage-drawer-1-640x640.jpeg\" alt=\"deco mobilier vintage drawer Chaise en bois et simili\" width=\"640\" height=\"640\" srcset=\"https:\/\/www.cocondedecoration.com\/blog\/wp-content\/uploads\/2023\/09\/deco-mobilier-vintage-drawer-1-640x640.jpeg 640w, https:\/\/www.cocondedecoration.com\/blog\/wp-content\/uploads\/2023\/09\/deco-mobilier-vintage-drawer-1-165x165.jpeg 165w, https:\/\/www.cocondedecoration.com\/blog\/wp-content\/uploads\/2023\/09\/deco-mobilier-vintage-drawer-1-260x260.jpeg 260w, https:\/\/www.cocondedecoration.com\/blog\/wp-content\/uploads\/2023\/09\/deco-mobilier-vintage-drawer-1-465x465.jpeg 465w, https:\/\/www.cocondedecoration.com\/blog\/wp-content\/uploads\/2023\/09\/deco-mobilier-vintage-drawer-1-500x500.jpeg 500w, https:\/\/www.cocondedecoration.com\/blog\/wp-content\/uploads\/2023\/09\/deco-mobilier-vintage-drawer-1.jpeg 650w\" sizes=\"(max-width: 640px) 100vw, 640px\" \/><\/a><\/p><\/div>\n<div id='slider_67011_slide04' class='sa_hover_container' style='padding:5% 5%; margin:0px 0%; '><p><a href=\"https:\/\/www.cocondedecoration.com\/blog\/wp-content\/uploads\/2023\/09\/meuble-deco-vintage-maisons-du-monde-2.jpeg\"><img loading=\"lazy\" decoding=\"async\" class=\"aligncenter size-large wp-image-67014\" src=\"https:\/\/www.cocondedecoration.com\/blog\/wp-content\/uploads\/2023\/09\/meuble-deco-vintage-maisons-du-monde-2-640x640.jpeg\" alt=\"meuble deco vintage maisons du monde Buffet vintage 2 portes\" width=\"640\" height=\"640\" srcset=\"https:\/\/www.cocondedecoration.com\/blog\/wp-content\/uploads\/2023\/09\/meuble-deco-vintage-maisons-du-monde-2-640x640.jpeg 640w, https:\/\/www.cocondedecoration.com\/blog\/wp-content\/uploads\/2023\/09\/meuble-deco-vintage-maisons-du-monde-2-165x165.jpeg 165w, https:\/\/www.cocondedecoration.com\/blog\/wp-content\/uploads\/2023\/09\/meuble-deco-vintage-maisons-du-monde-2-260x260.jpeg 260w, https:\/\/www.cocondedecoration.com\/blog\/wp-content\/uploads\/2023\/09\/meuble-deco-vintage-maisons-du-monde-2-465x465.jpeg 465w, https:\/\/www.cocondedecoration.com\/blog\/wp-content\/uploads\/2023\/09\/meuble-deco-vintage-maisons-du-monde-2-500x500.jpeg 500w, https:\/\/www.cocondedecoration.com\/blog\/wp-content\/uploads\/2023\/09\/meuble-deco-vintage-maisons-du-monde-2.jpeg 650w\" sizes=\"(max-width: 640px) 100vw, 640px\" \/><\/a><\/p><\/div>\n<div id='slider_67011_slide05' class='sa_hover_container' style='padding:5% 5%; margin:0px 0%; '><p><a href=\"https:\/\/www.cocondedecoration.com\/blog\/wp-content\/uploads\/2023\/09\/deco-design-vintage-2.jpeg\"><img loading=\"lazy\" decoding=\"async\" class=\"aligncenter size-large wp-image-67019\" src=\"https:\/\/www.cocondedecoration.com\/blog\/wp-content\/uploads\/2023\/09\/deco-design-vintage-2-640x640.jpeg\" alt=\"deco design vintage Carte Inde politique et \u00e9conomique 100x80\" width=\"640\" height=\"640\" srcset=\"https:\/\/www.cocondedecoration.com\/blog\/wp-content\/uploads\/2023\/09\/deco-design-vintage-2-640x640.jpeg 640w, https:\/\/www.cocondedecoration.com\/blog\/wp-content\/uploads\/2023\/09\/deco-design-vintage-2-165x165.jpeg 165w, https:\/\/www.cocondedecoration.com\/blog\/wp-content\/uploads\/2023\/09\/deco-design-vintage-2-260x260.jpeg 260w, https:\/\/www.cocondedecoration.com\/blog\/wp-content\/uploads\/2023\/09\/deco-design-vintage-2-465x465.jpeg 465w, https:\/\/www.cocondedecoration.com\/blog\/wp-content\/uploads\/2023\/09\/deco-design-vintage-2-500x500.jpeg 500w, https:\/\/www.cocondedecoration.com\/blog\/wp-content\/uploads\/2023\/09\/deco-design-vintage-2.jpeg 650w\" sizes=\"(max-width: 640px) 100vw, 640px\" \/><\/a><\/p><\/div>\n<div id='slider_67011_slide06' class='sa_hover_container' style='padding:5% 5%; margin:0px 0%; '><p><a href=\"https:\/\/www.cocondedecoration.com\/blog\/wp-content\/uploads\/2023\/09\/deco-mobilier-vintage-drawer-2.jpeg\"><img loading=\"lazy\" decoding=\"async\" class=\"aligncenter size-large wp-image-67024\" src=\"https:\/\/www.cocondedecoration.com\/blog\/wp-content\/uploads\/2023\/09\/deco-mobilier-vintage-drawer-2-640x640.jpeg\" alt=\"deco mobilier vintage drawer Chaise r\u00e9tro capitonn\u00e9e\" width=\"640\" height=\"640\" srcset=\"https:\/\/www.cocondedecoration.com\/blog\/wp-content\/uploads\/2023\/09\/deco-mobilier-vintage-drawer-2-640x640.jpeg 640w, https:\/\/www.cocondedecoration.com\/blog\/wp-content\/uploads\/2023\/09\/deco-mobilier-vintage-drawer-2-165x165.jpeg 165w, https:\/\/www.cocondedecoration.com\/blog\/wp-content\/uploads\/2023\/09\/deco-mobilier-vintage-drawer-2-260x260.jpeg 260w, https:\/\/www.cocondedecoration.com\/blog\/wp-content\/uploads\/2023\/09\/deco-mobilier-vintage-drawer-2-465x465.jpeg 465w, https:\/\/www.cocondedecoration.com\/blog\/wp-content\/uploads\/2023\/09\/deco-mobilier-vintage-drawer-2-500x500.jpeg 500w, https:\/\/www.cocondedecoration.com\/blog\/wp-content\/uploads\/2023\/09\/deco-mobilier-vintage-drawer-2.jpeg 650w\" sizes=\"(max-width: 640px) 100vw, 640px\" \/><\/a><\/p><\/div>\n<div id='slider_67011_slide07' class='sa_hover_container' style='padding:5% 5%; margin:0px 0%; '><p><a href=\"https:\/\/www.cocondedecoration.com\/blog\/wp-content\/uploads\/2023\/09\/meuble-deco-vintage-maisons-du-monde-3.jpeg\"><img loading=\"lazy\" decoding=\"async\" class=\"aligncenter size-large wp-image-67015\" src=\"https:\/\/www.cocondedecoration.com\/blog\/wp-content\/uploads\/2023\/09\/meuble-deco-vintage-maisons-du-monde-3-640x640.jpeg\" alt=\"meuble deco vintage maisons du monde R\u00e9veil r\u00e9tro rouge\" width=\"640\" height=\"640\" srcset=\"https:\/\/www.cocondedecoration.com\/blog\/wp-content\/uploads\/2023\/09\/meuble-deco-vintage-maisons-du-monde-3-640x640.jpeg 640w, https:\/\/www.cocondedecoration.com\/blog\/wp-content\/uploads\/2023\/09\/meuble-deco-vintage-maisons-du-monde-3-165x165.jpeg 165w, https:\/\/www.cocondedecoration.com\/blog\/wp-content\/uploads\/2023\/09\/meuble-deco-vintage-maisons-du-monde-3-260x260.jpeg 260w, https:\/\/www.cocondedecoration.com\/blog\/wp-content\/uploads\/2023\/09\/meuble-deco-vintage-maisons-du-monde-3-465x465.jpeg 465w, https:\/\/www.cocondedecoration.com\/blog\/wp-content\/uploads\/2023\/09\/meuble-deco-vintage-maisons-du-monde-3-500x500.jpeg 500w, https:\/\/www.cocondedecoration.com\/blog\/wp-content\/uploads\/2023\/09\/meuble-deco-vintage-maisons-du-monde-3.jpeg 650w\" sizes=\"(max-width: 640px) 100vw, 640px\" \/><\/a><\/p><\/div>\n<div id='slider_67011_slide08' class='sa_hover_container' style='padding:5% 5%; margin:0px 0%; '><p><a href=\"https:\/\/www.cocondedecoration.com\/blog\/wp-content\/uploads\/2023\/09\/deco-design-vintage-3.jpeg\"><img loading=\"lazy\" decoding=\"async\" class=\"aligncenter size-large wp-image-67020\" src=\"https:\/\/www.cocondedecoration.com\/blog\/wp-content\/uploads\/2023\/09\/deco-design-vintage-3-640x640.jpeg\" alt=\"deco design vintage Fauteuil en fr\u00eane et tissu beige\" width=\"640\" height=\"640\" srcset=\"https:\/\/www.cocondedecoration.com\/blog\/wp-content\/uploads\/2023\/09\/deco-design-vintage-3-640x640.jpeg 640w, https:\/\/www.cocondedecoration.com\/blog\/wp-content\/uploads\/2023\/09\/deco-design-vintage-3-165x165.jpeg 165w, https:\/\/www.cocondedecoration.com\/blog\/wp-content\/uploads\/2023\/09\/deco-design-vintage-3-260x260.jpeg 260w, https:\/\/www.cocondedecoration.com\/blog\/wp-content\/uploads\/2023\/09\/deco-design-vintage-3-465x465.jpeg 465w, https:\/\/www.cocondedecoration.com\/blog\/wp-content\/uploads\/2023\/09\/deco-design-vintage-3-500x500.jpeg 500w, https:\/\/www.cocondedecoration.com\/blog\/wp-content\/uploads\/2023\/09\/deco-design-vintage-3.jpeg 650w\" sizes=\"(max-width: 640px) 100vw, 640px\" \/><\/a><\/p><\/div>\n<div id='slider_67011_slide09' class='sa_hover_container' style='padding:5% 5%; margin:0px 0%; '><p><a href=\"https:\/\/www.cocondedecoration.com\/blog\/wp-content\/uploads\/2023\/09\/deco-mobilier-vintage-drawer-3.jpeg\"><img loading=\"lazy\" decoding=\"async\" class=\"aligncenter size-large wp-image-67025\" src=\"https:\/\/www.cocondedecoration.com\/blog\/wp-content\/uploads\/2023\/09\/deco-mobilier-vintage-drawer-3-640x640.jpeg\" alt=\"deco mobilier vintage drawer Pouf rectangulaire vintage\" width=\"640\" height=\"640\" srcset=\"https:\/\/www.cocondedecoration.com\/blog\/wp-content\/uploads\/2023\/09\/deco-mobilier-vintage-drawer-3-640x640.jpeg 640w, https:\/\/www.cocondedecoration.com\/blog\/wp-content\/uploads\/2023\/09\/deco-mobilier-vintage-drawer-3-165x165.jpeg 165w, https:\/\/www.cocondedecoration.com\/blog\/wp-content\/uploads\/2023\/09\/deco-mobilier-vintage-drawer-3-260x260.jpeg 260w, https:\/\/www.cocondedecoration.com\/blog\/wp-content\/uploads\/2023\/09\/deco-mobilier-vintage-drawer-3-465x465.jpeg 465w, https:\/\/www.cocondedecoration.com\/blog\/wp-content\/uploads\/2023\/09\/deco-mobilier-vintage-drawer-3-500x500.jpeg 500w, https:\/\/www.cocondedecoration.com\/blog\/wp-content\/uploads\/2023\/09\/deco-mobilier-vintage-drawer-3.jpeg 650w\" sizes=\"(max-width: 640px) 100vw, 640px\" \/><\/a><\/p><\/div>\n<div id='slider_67011_slide10' class='sa_hover_container' style='padding:5% 5%; margin:0px 0%; '><p><a href=\"https:\/\/www.cocondedecoration.com\/blog\/wp-content\/uploads\/2023\/09\/meuble-deco-vintage-maisons-du-monde-4.jpeg\"><img loading=\"lazy\" decoding=\"async\" class=\"aligncenter size-large wp-image-67016\" src=\"https:\/\/www.cocondedecoration.com\/blog\/wp-content\/uploads\/2023\/09\/meuble-deco-vintage-maisons-du-monde-4-640x640.jpeg\" alt=\"meuble deco vintage maisons du monde Biblioth\u00e8que vintage 3 tiroirs 1 porte en ch\u00eane massif\" width=\"640\" height=\"640\" srcset=\"https:\/\/www.cocondedecoration.com\/blog\/wp-content\/uploads\/2023\/09\/meuble-deco-vintage-maisons-du-monde-4-640x640.jpeg 640w, https:\/\/www.cocondedecoration.com\/blog\/wp-content\/uploads\/2023\/09\/meuble-deco-vintage-maisons-du-monde-4-165x165.jpeg 165w, https:\/\/www.cocondedecoration.com\/blog\/wp-content\/uploads\/2023\/09\/meuble-deco-vintage-maisons-du-monde-4-260x260.jpeg 260w, https:\/\/www.cocondedecoration.com\/blog\/wp-content\/uploads\/2023\/09\/meuble-deco-vintage-maisons-du-monde-4-465x465.jpeg 465w, https:\/\/www.cocondedecoration.com\/blog\/wp-content\/uploads\/2023\/09\/meuble-deco-vintage-maisons-du-monde-4-500x500.jpeg 500w, https:\/\/www.cocondedecoration.com\/blog\/wp-content\/uploads\/2023\/09\/meuble-deco-vintage-maisons-du-monde-4.jpeg 650w\" sizes=\"(max-width: 640px) 100vw, 640px\" \/><\/a><\/p><\/div>\n<div id='slider_67011_slide11' class='sa_hover_container' style='padding:5% 5%; margin:0px 0%; '><p><a href=\"https:\/\/www.cocondedecoration.com\/blog\/wp-content\/uploads\/2023\/09\/deco-design-vintage-4.jpeg\"><img loading=\"lazy\" decoding=\"async\" class=\"aligncenter size-large wp-image-67021\" src=\"https:\/\/www.cocondedecoration.com\/blog\/wp-content\/uploads\/2023\/09\/deco-design-vintage-4-640x640.jpeg\" alt=\"deco design vintage Laiton carr\u00e9 arrondi 58 cm\" width=\"640\" height=\"640\" srcset=\"https:\/\/www.cocondedecoration.com\/blog\/wp-content\/uploads\/2023\/09\/deco-design-vintage-4-640x640.jpeg 640w, https:\/\/www.cocondedecoration.com\/blog\/wp-content\/uploads\/2023\/09\/deco-design-vintage-4-165x165.jpeg 165w, https:\/\/www.cocondedecoration.com\/blog\/wp-content\/uploads\/2023\/09\/deco-design-vintage-4-260x260.jpeg 260w, https:\/\/www.cocondedecoration.com\/blog\/wp-content\/uploads\/2023\/09\/deco-design-vintage-4-465x465.jpeg 465w, https:\/\/www.cocondedecoration.com\/blog\/wp-content\/uploads\/2023\/09\/deco-design-vintage-4-500x500.jpeg 500w, https:\/\/www.cocondedecoration.com\/blog\/wp-content\/uploads\/2023\/09\/deco-design-vintage-4.jpeg 650w\" sizes=\"(max-width: 640px) 100vw, 640px\" \/><\/a><\/p><\/div>\n<div id='slider_67011_slide12' class='sa_hover_container' style='padding:5% 5%; margin:0px 0%; '><p><a href=\"https:\/\/www.cocondedecoration.com\/blog\/wp-content\/uploads\/2023\/09\/deco-mobilier-vintage-drawer-4.jpeg\"><img loading=\"lazy\" decoding=\"async\" class=\"aligncenter size-large wp-image-67026\" src=\"https:\/\/www.cocondedecoration.com\/blog\/wp-content\/uploads\/2023\/09\/deco-mobilier-vintage-drawer-4-640x640.jpeg\" alt=\"deco mobilier vintage drawer Canap\u00e9 3 places vintage cognac\" width=\"640\" height=\"640\" srcset=\"https:\/\/www.cocondedecoration.com\/blog\/wp-content\/uploads\/2023\/09\/deco-mobilier-vintage-drawer-4-640x640.jpeg 640w, https:\/\/www.cocondedecoration.com\/blog\/wp-content\/uploads\/2023\/09\/deco-mobilier-vintage-drawer-4-165x165.jpeg 165w, https:\/\/www.cocondedecoration.com\/blog\/wp-content\/uploads\/2023\/09\/deco-mobilier-vintage-drawer-4-260x260.jpeg 260w, https:\/\/www.cocondedecoration.com\/blog\/wp-content\/uploads\/2023\/09\/deco-mobilier-vintage-drawer-4-465x465.jpeg 465w, https:\/\/www.cocondedecoration.com\/blog\/wp-content\/uploads\/2023\/09\/deco-mobilier-vintage-drawer-4-500x500.jpeg 500w, https:\/\/www.cocondedecoration.com\/blog\/wp-content\/uploads\/2023\/09\/deco-mobilier-vintage-drawer-4.jpeg 650w\" sizes=\"(max-width: 640px) 100vw, 640px\" \/><\/a><\/p><\/div>\n<div id='slider_67011_slide13' class='sa_hover_container' style='padding:5% 5%; margin:0px 0%; '><p><a href=\"https:\/\/www.cocondedecoration.com\/blog\/wp-content\/uploads\/2023\/09\/meuble-deco-vintage-maisons-du-monde-5.jpeg\"><img loading=\"lazy\" decoding=\"async\" class=\"aligncenter size-large wp-image-67017\" src=\"https:\/\/www.cocondedecoration.com\/blog\/wp-content\/uploads\/2023\/09\/meuble-deco-vintage-maisons-du-monde-5-640x640.jpeg\" alt=\"meuble deco vintage maisons du monde Chaise de bureau r\u00e9glable \u00e0 roulettes \u00e9crue et cannage en rotin\" width=\"640\" height=\"640\" srcset=\"https:\/\/www.cocondedecoration.com\/blog\/wp-content\/uploads\/2023\/09\/meuble-deco-vintage-maisons-du-monde-5-640x640.jpeg 640w, https:\/\/www.cocondedecoration.com\/blog\/wp-content\/uploads\/2023\/09\/meuble-deco-vintage-maisons-du-monde-5-165x165.jpeg 165w, https:\/\/www.cocondedecoration.com\/blog\/wp-content\/uploads\/2023\/09\/meuble-deco-vintage-maisons-du-monde-5-260x260.jpeg 260w, https:\/\/www.cocondedecoration.com\/blog\/wp-content\/uploads\/2023\/09\/meuble-deco-vintage-maisons-du-monde-5-465x465.jpeg 465w, https:\/\/www.cocondedecoration.com\/blog\/wp-content\/uploads\/2023\/09\/meuble-deco-vintage-maisons-du-monde-5-500x500.jpeg 500w, https:\/\/www.cocondedecoration.com\/blog\/wp-content\/uploads\/2023\/09\/meuble-deco-vintage-maisons-du-monde-5.jpeg 650w\" sizes=\"(max-width: 640px) 100vw, 640px\" \/><\/a><\/p><\/div>\n<div id='slider_67011_slide14' class='sa_hover_container' style='padding:5% 5%; margin:0px 0%; '><p><a href=\"https:\/\/www.cocondedecoration.com\/blog\/wp-content\/uploads\/2023\/09\/deco-design-vintage-5.jpeg\"><img loading=\"lazy\" decoding=\"async\" class=\"aligncenter size-large wp-image-67022\" src=\"https:\/\/www.cocondedecoration.com\/blog\/wp-content\/uploads\/2023\/09\/deco-design-vintage-5-640x640.jpeg\" alt=\"deco design vintage Suspension en m\u00e9tal noir\" width=\"640\" height=\"640\" srcset=\"https:\/\/www.cocondedecoration.com\/blog\/wp-content\/uploads\/2023\/09\/deco-design-vintage-5-640x640.jpeg 640w, https:\/\/www.cocondedecoration.com\/blog\/wp-content\/uploads\/2023\/09\/deco-design-vintage-5-165x165.jpeg 165w, https:\/\/www.cocondedecoration.com\/blog\/wp-content\/uploads\/2023\/09\/deco-design-vintage-5-260x260.jpeg 260w, https:\/\/www.cocondedecoration.com\/blog\/wp-content\/uploads\/2023\/09\/deco-design-vintage-5-465x465.jpeg 465w, https:\/\/www.cocondedecoration.com\/blog\/wp-content\/uploads\/2023\/09\/deco-design-vintage-5-500x500.jpeg 500w, https:\/\/www.cocondedecoration.com\/blog\/wp-content\/uploads\/2023\/09\/deco-design-vintage-5.jpeg 650w\" sizes=\"(max-width: 640px) 100vw, 640px\" \/><\/a><\/p><\/div>\n<div id='slider_67011_slide15' class='sa_hover_container' style='padding:5% 5%; margin:0px 0%; '><p><a href=\"https:\/\/www.cocondedecoration.com\/blog\/wp-content\/uploads\/2023\/09\/deco-mobilier-vintage-drawer-5.jpeg\"><img loading=\"lazy\" decoding=\"async\" class=\"aligncenter size-large wp-image-67027\" src=\"https:\/\/www.cocondedecoration.com\/blog\/wp-content\/uploads\/2023\/09\/deco-mobilier-vintage-drawer-5-640x640.jpeg\" alt=\"deco mobilier vintage drawer Porte revues vintage cuir et m\u00e9tal\" width=\"640\" height=\"640\" srcset=\"https:\/\/www.cocondedecoration.com\/blog\/wp-content\/uploads\/2023\/09\/deco-mobilier-vintage-drawer-5-640x640.jpeg 640w, https:\/\/www.cocondedecoration.com\/blog\/wp-content\/uploads\/2023\/09\/deco-mobilier-vintage-drawer-5-165x165.jpeg 165w, https:\/\/www.cocondedecoration.com\/blog\/wp-content\/uploads\/2023\/09\/deco-mobilier-vintage-drawer-5-260x260.jpeg 260w, https:\/\/www.cocondedecoration.com\/blog\/wp-content\/uploads\/2023\/09\/deco-mobilier-vintage-drawer-5-465x465.jpeg 465w, https:\/\/www.cocondedecoration.com\/blog\/wp-content\/uploads\/2023\/09\/deco-mobilier-vintage-drawer-5-500x500.jpeg 500w, https:\/\/www.cocondedecoration.com\/blog\/wp-content\/uploads\/2023\/09\/deco-mobilier-vintage-drawer-5.jpeg 650w\" sizes=\"(max-width: 640px) 100vw, 640px\" \/><\/a><\/p><\/div>\n<\/div>\n<\/div>\n<script type='text\/javascript'>\n\tjQuery(document).ready(function() {\n\t\tjQuery('#slider_67011').owlCarousel({\n\t\t\titems : 1,\n\t\t\tsmartSpeed : 200,\n\t\t\tautoplay : true,\n\t\t\tautoplayTimeout : 5000,\n\t\t\tautoplayHoverPause : true,\n\t\t\tsmartSpeed : 200,\n\t\t\tfluidSpeed : 200,\n\t\t\tautoplaySpeed : 200,\n\t\t\tnavSpeed : 200,\n\t\t\tdotsSpeed : 200,\n\t\t\tloop : true,\n\t\t\tnav : true,\n\t\t\tnavText : ['Previous','Next'],\n\t\t\tdots : true,\n\t\t\tresponsiveRefreshRate : 200,\n\t\t\tslideBy : 1,\n\t\t\tmergeFit : true,\n\t\t\tautoHeight : false,\n\t\t\tmouseDrag : false,\n\t\t\ttouchDrag : true\n\t\t});\n\t\tjQuery('#slider_67011').css('visibility', 'visible');\n\t\tsa_resize_slider_67011();\n\t\twindow.addEventListener('resize', sa_resize_slider_67011);\n\t\tfunction sa_resize_slider_67011() {\n\t\t\tvar min_height = '50';\n\t\t\tvar win_width = jQuery(window).width();\n\t\t\tvar slider_width = jQuery('#slider_67011').width();\n\t\t\tif (win_width < 480) {\n\t\t\t\tvar slide_width = slider_width \/ 1;\n\t\t\t} else if (win_width < 768) {\n\t\t\t\tvar slide_width = slider_width \/ 1;\n\t\t\t} else if (win_width < 980) {\n\t\t\t\tvar slide_width = slider_width \/ 1;\n\t\t\t} else if (win_width < 1200) {\n\t\t\t\tvar slide_width = slider_width \/ 1;\n\t\t\t} else if (win_width < 1500) {\n\t\t\t\tvar slide_width = slider_width \/ 1;\n\t\t\t} else {\n\t\t\t\tvar slide_width = slider_width \/ 1;\n\t\t\t}\n\t\t\tslide_width = Math.round(slide_width);\n\t\t\tvar slide_height = '0';\n\t\t\tif (min_height == 'aspect43') {\n\t\t\t\tslide_height = (slide_width \/ 4) * 3;\t\t\t\tslide_height = Math.round(slide_height);\n\t\t\t} else if (min_height == 'aspect169') {\n\t\t\t\tslide_height = (slide_width \/ 16) * 9;\t\t\t\tslide_height = Math.round(slide_height);\n\t\t\t} else {\n\t\t\t\tslide_height = (slide_width \/ 100) * min_height;\t\t\t\tslide_height = Math.round(slide_height);\n\t\t\t}\n\t\t\tjQuery('#slider_67011 .owl-item .sa_hover_container').css('min-height', slide_height+'px');\n\t\t}\n\t\tvar owl_goto = jQuery('#slider_67011');\n\t\tjQuery('.slider_67011_goto1').click(function(event){\n\t\t\towl_goto.trigger('to.owl.carousel', 0);\n\t\t});\n\t\tjQuery('.slider_67011_goto2').click(function(event){\n\t\t\towl_goto.trigger('to.owl.carousel', 1);\n\t\t});\n\t\tjQuery('.slider_67011_goto3').click(function(event){\n\t\t\towl_goto.trigger('to.owl.carousel', 2);\n\t\t});\n\t\tjQuery('.slider_67011_goto4').click(function(event){\n\t\t\towl_goto.trigger('to.owl.carousel', 3);\n\t\t});\n\t\tjQuery('.slider_67011_goto5').click(function(event){\n\t\t\towl_goto.trigger('to.owl.carousel', 4);\n\t\t});\n\t\tjQuery('.slider_67011_goto6').click(function(event){\n\t\t\towl_goto.trigger('to.owl.carousel', 5);\n\t\t});\n\t\tjQuery('.slider_67011_goto7').click(function(event){\n\t\t\towl_goto.trigger('to.owl.carousel', 6);\n\t\t});\n\t\tjQuery('.slider_67011_goto8').click(function(event){\n\t\t\towl_goto.trigger('to.owl.carousel', 7);\n\t\t});\n\t\tjQuery('.slider_67011_goto9').click(function(event){\n\t\t\towl_goto.trigger('to.owl.carousel', 8);\n\t\t});\n\t\tjQuery('.slider_67011_goto10').click(function(event){\n\t\t\towl_goto.trigger('to.owl.carousel', 9);\n\t\t});\n\t\tjQuery('.slider_67011_goto11').click(function(event){\n\t\t\towl_goto.trigger('to.owl.carousel', 10);\n\t\t});\n\t\tjQuery('.slider_67011_goto12').click(function(event){\n\t\t\towl_goto.trigger('to.owl.carousel', 11);\n\t\t});\n\t\tjQuery('.slider_67011_goto13').click(function(event){\n\t\t\towl_goto.trigger('to.owl.carousel', 12);\n\t\t});\n\t\tjQuery('.slider_67011_goto14').click(function(event){\n\t\t\towl_goto.trigger('to.owl.carousel', 13);\n\t\t});\n\t\tjQuery('.slider_67011_goto15').click(function(event){\n\t\t\towl_goto.trigger('to.owl.carousel', 14);\n\t\t});\n\t\tvar resize_67011 = jQuery('.owl-carousel');\n\t\tresize_67011.on('initialized.owl.carousel', function(e) {\n\t\t\tif (typeof(Event) === 'function') {\n\t\t\t\twindow.dispatchEvent(new Event('resize'));\n\t\t\t} else {\n\t\t\t\tvar evt = window.document.createEvent('UIEvents');\n\t\t\t\tevt.initUIEvent('resize', true, false, window, 0);\n\t\t\t\twindow.dispatchEvent(evt);\n\t\t\t}\n\t\t});\n\t});\n<\/script>\n\n<\/div>\n\n\n\n<div class=\"wp-block-column is-layout-flow wp-block-column-is-layout-flow\">\n<p style=\"text-align:center\" class=\"has-medium-font-size\">Envie d'un int&eacute;rieur aux accents vintage?  <\/p>\n\n\n\n<ol><li><a rel=\"noreferrer noopener\" aria-label=\"Fauteuil vintage vert kaki (s&rsquo;ouvre dans un nouvel onglet)\" href=\"https:\/\/fnty.co\/c\/r-tKaFUdkd\" target=\"_blank\">Fauteuil vintage vert kaki<\/a> - Maisons du Monde <\/li><li><a rel=\"noreferrer noopener\" aria-label=\"Lampe sans fil (s&rsquo;ouvre dans un nouvel onglet)\" href=\"https:\/\/fnty.co\/c\/r-wRoKjdBp\" target=\"_blank\">Lampe sans fil<\/a> - The Cool Republic<\/li><li><a rel=\"noreferrer noopener\" aria-label=\"Chaise en bois et simili (s&rsquo;ouvre dans un nouvel onglet)\" href=\"https:\/\/c3po.link\/QVsAcuyf7H\" target=\"_blank\">Chaise en bois et simili<\/a> - Drawer <\/li><li><a rel=\"noreferrer noopener\" aria-label=\"Buffet vintage 2 portes (s&rsquo;ouvre dans un nouvel onglet)\" href=\"https:\/\/fnty.co\/c\/r-HFrsztTT\" target=\"_blank\">Buffet vintage 2 portes<\/a> - Maisons du Monde<\/li><li><a rel=\"noreferrer noopener\" aria-label=\"Carte Inde politique et &eacute;conomique (s&rsquo;ouvre dans un nouvel onglet)\" href=\"https:\/\/fnty.co\/c\/r-RmbayVmf\" target=\"_blank\">Carte Inde politique et &eacute;conomique<\/a> - The Cool Republic<\/li><li><a rel=\"noreferrer noopener\" aria-label=\"Chaise r&eacute;tro capitonn&eacute;e (s&rsquo;ouvre dans un nouvel onglet)\" href=\"https:\/\/c3po.link\/QybzejjQYY\" target=\"_blank\">Chaise r&eacute;tro capitonn&eacute;e<\/a> - Drawer<\/li><li><a rel=\"noreferrer noopener\" aria-label=\"R&eacute;veil r&eacute;tro rouge (s&rsquo;ouvre dans un nouvel onglet)\" href=\"https:\/\/fnty.co\/c\/r-CDywjMQM\" target=\"_blank\">R&eacute;veil r&eacute;tro rouge<\/a> - Maisons du Monde<\/li><li><a rel=\"noreferrer noopener\" aria-label=\"Fauteuil en fr&ecirc;ne et tissu beige (s&rsquo;ouvre dans un nouvel onglet)\" href=\"https:\/\/fnty.co\/c\/r-QajamiKc\" target=\"_blank\">Fauteuil en fr&ecirc;ne et tissu beige<\/a> - The Cool Republic<\/li><li><a rel=\"noreferrer noopener\" aria-label=\"Pouf rectangulaire vintage (s&rsquo;ouvre dans un nouvel onglet)\" href=\"https:\/\/c3po.link\/QzqvXBuBcf\" target=\"_blank\">Pouf rectangulaire vintage<\/a> - Drawer<\/li><li><a rel=\"noreferrer noopener\" aria-label=\"Biblioth&egrave;que vintage 3 tiroirs 1 porte en ch&ecirc;ne massif (s&rsquo;ouvre dans un nouvel onglet)\" href=\"https:\/\/fnty.co\/c\/r-JbfuQBfe\" target=\"_blank\">Biblioth&egrave;que vintage 3 tiroirs 1 porte en ch&ecirc;ne massif<\/a> - Maisons du Monde <\/li><li><a rel=\"noreferrer noopener\" aria-label=\"Miroir en Laiton carr&eacute; arrondi (s&rsquo;ouvre dans un nouvel onglet)\" href=\"https:\/\/fnty.co\/c\/r-YVFLiWij\" target=\"_blank\">Miroir en Laiton carr&eacute; arrondi<\/a> - The Cool Republic<\/li><li><a rel=\"noreferrer noopener\" aria-label=\"Canap&eacute; 3 places vintage (s&rsquo;ouvre dans un nouvel onglet)\" href=\"https:\/\/c3po.link\/Q9QMwcZ7gN\" target=\"_blank\">Canap&eacute; 3 places vintage<\/a> - Drawer<\/li><li><a rel=\"noreferrer noopener\" aria-label=\"Chaise de bureau r&eacute;glable &agrave; roulettes &eacute;crue et cannage en rotin (s&rsquo;ouvre dans un nouvel onglet)\" href=\"https:\/\/fnty.co\/c\/r-TVXnDQID\" target=\"_blank\">Chaise de bureau r&eacute;glable &agrave; roulettes &eacute;crue et cannage en rotin<\/a> - Maisons du Monde <\/li><li><a rel=\"noreferrer noopener\" aria-label=\"Suspension en m&eacute;tal noir (s&rsquo;ouvre dans un nouvel onglet)\" href=\"https:\/\/fnty.co\/c\/r-kbqnyqCS\" target=\"_blank\">Suspension en m&eacute;tal noir<\/a> - The Cool Republic<\/li><li><a href=\"https:\/\/c3po.link\/QWcS7nuFuJ\" target=\"_blank\" rel=\"noreferrer noopener\" aria-label=\"Porte revues vintage cuir et m&eacute;tal (s&rsquo;ouvre dans un nouvel onglet)\">Porte revues vintage cuir et m&eacute;tal<\/a> - Drawer<\/li><\/ol><p style=\"text-align:center\">A lire aussi: <a rel=\"noreferrer noopener\" aria-label=\"8 mani&egrave;res d'adopter le style vintage chez soi (s&rsquo;ouvre dans un nouvel onglet)\" href=\"https:\/\/www.cocondedecoration.com\/blog\/2023\/06\/caracteristique-decoration-vintage\/\" target=\"_blank\"><strong>8 mani&egrave;res d'adopter le style vintage chez soi<\/strong><\/a><\/p>\n<\/div>\n<\/div>\n\n\n\n<hr class=\"wp-block-separator\"><div class=\"wp-block-columns has-2-columns is-layout-flex wp-container-core-columns-layout-14 wp-block-columns-is-layout-flex\">\n<div class=\"wp-block-column is-layout-flow wp-block-column-is-layout-flow\">\n<p style=\"text-align:center\" class=\"has-medium-font-size\">Vous cherchez plus d'id&eacute;es d&eacute;co pour un int&eacute;rieur styl&eacute;? <\/p>\n\n\n<ul class=\"wp-block-latest-posts__list wp-block-latest-posts\"><li><a class=\"wp-block-latest-posts__post-title\" href=\"https:\/\/www.cocondedecoration.com\/blog\/2025\/04\/mix-deco-kinfolk-vintage\/\">Mix kinfolk et vintage &ndash; 10 exemples d&eacute;co inspirants<\/a><\/li>\n<li><a class=\"wp-block-latest-posts__post-title\" href=\"https:\/\/www.cocondedecoration.com\/blog\/2024\/04\/maison-neuve-style-annees-50\/\">Construire une maison neuve dans un style vintage californien | visite d&eacute;co<\/a><\/li>\n<li><a class=\"wp-block-latest-posts__post-title\" href=\"https:\/\/www.cocondedecoration.com\/blog\/2024\/02\/decoration-vintage-metal-chrome\/\">Une touche de chrome pour un clin d&rsquo;oeil aux ann&eacute;es 70 dans son int&eacute;rieur | trendy<\/a><\/li>\n<li><a class=\"wp-block-latest-posts__post-title\" href=\"https:\/\/www.cocondedecoration.com\/blog\/2024\/01\/differences-style-eclectique-decor-vintage\/\">Quelles sont les diff&eacute;rences entre une d&eacute;co &eacute;clectique &amp; un int&eacute;rieur vintage moderne? | d&eacute;cryptage<\/a><\/li>\n<li><a class=\"wp-block-latest-posts__post-title\" href=\"https:\/\/www.cocondedecoration.com\/blog\/2023\/12\/style-memphis-decoration\/\">Design &amp; Histoire | Le style Memphis des ann&eacute;es 80<\/a><\/li>\n<li><a class=\"wp-block-latest-posts__post-title\" href=\"https:\/\/www.cocondedecoration.com\/blog\/2023\/12\/tendances-decoration-interieure-2024\/\">Trendy |&nbsp;Quelles sont les grandes tendances d&eacute;co pour 2024?<\/a><\/li>\n<li><a class=\"wp-block-latest-posts__post-title\" href=\"https:\/\/www.cocondedecoration.com\/blog\/2023\/10\/loft-decor-eclectique-vintage\/\">Visite d&eacute;co | Un ancien atelier transform&eacute; en loft &eacute;clectique<\/a><\/li>\n<\/ul><\/div>\n\n\n\n<div class=\"wp-block-column is-layout-flow wp-block-column-is-layout-flow\">\n<p class=\"has-text-align-center has-medium-font-size\">Ne perdons pas contact \ud83d\ude42 Rejoignez moi sur <a href=\"https:\/\/www.pinterest.fr\/cocondedeco\/\" target=\"_blank\" rel=\"noopener\" title=\"\">Pinterest<\/a> |&nbsp;<a href=\"https:\/\/www.threads.net\/@cocondedeco\" target=\"_blank\" rel=\"noopener\" title=\"\">Threads<\/a> | <a href=\"https:\/\/www.patreon.com\/collection\/162946?view=expanded\" target=\"_blank\" rel=\"noopener\" title=\"\">la Newsletter<\/a> <br>Vous aimez lire le blog? Vous souhaitez continuer &agrave; le lire? <a href=\"https:\/\/www.patreon.com\/cocondedeco\" target=\"_blank\" rel=\"noopener\" title=\"\">Devenez m&eacute;c&egrave;ne<\/a> sur Patreon et contribuez &agrave; sa survie. <\/p>\n<\/div>\n<\/div>\n\n\n\n<div class=\"wp-block-image\"><figure class=\"aligncenter\"><img loading=\"lazy\" decoding=\"async\" width=\"732\" height=\"488\" src=\"http:\/\/www.cocondedecoration.com\/blog\/wp-content\/uploads\/2020\/09\/decoration-murale-style-arty-idee.jpg\" alt=\"decoration murale style arty idee\" class=\"wp-image-29987\" srcset=\"https:\/\/www.cocondedecoration.com\/blog\/wp-content\/uploads\/2020\/09\/decoration-murale-style-arty-idee.jpg 732w, https:\/\/www.cocondedecoration.com\/blog\/wp-content\/uploads\/2020\/09\/decoration-murale-style-arty-idee-260x173.jpg 260w, https:\/\/www.cocondedecoration.com\/blog\/wp-content\/uploads\/2020\/09\/decoration-murale-style-arty-idee-640x427.jpg 640w, https:\/\/www.cocondedecoration.com\/blog\/wp-content\/uploads\/2020\/09\/decoration-murale-style-arty-idee-465x310.jpg 465w, https:\/\/www.cocondedecoration.com\/blog\/wp-content\/uploads\/2020\/09\/decoration-murale-style-arty-idee-695x463.jpg 695w\" sizes=\"(max-width: 732px) 100vw, 732px\" \/><figcaption><a href=\"https:\/\/www.pinterest.ch\/pin\/24980972922878849\/\" target=\"_blank\" rel=\"noreferrer noopener\" aria-label=\"source (opens in a new tab)\">source<\/a><\/figcaption><\/figure><\/div>\n\n\n\n<p style=\"text-align:right\" class=\"has-small-font-size\">Article mis &agrave; jour en septembre 2023.<\/p><\/body><\/html>\n","protected":false},"excerpt":{"rendered":"<p>Si vous aimez le mobilier vintage, la profusion de couleurs et l&rsquo;art sous toutes ses formes, il y a fort \u00e0 parier que le style Arty soit fait pour vous. Dans cet article, j&rsquo;ai eu envie de vous parler de la d\u00e9coration murale qui est une caract\u00e9ristique centrale de ce<span class=\"more-link\"><a href=\"https:\/\/www.cocondedecoration.com\/blog\/2020\/09\/idee-decor-mural-style-arty\/\">Lire la suite<\/a><\/span><\/p>\n","protected":false},"author":1,"featured_media":29987,"comment_status":"open","ping_status":"open","sticky":false,"template":"","format":"standard","meta":{"om_disable_all_campaigns":false,"_monsterinsights_skip_tracking":false,"_monsterinsights_sitenote_active":false,"_monsterinsights_sitenote_note":"","_monsterinsights_sitenote_category":0,"_uf_show_specific_survey":0,"_uf_disable_surveys":false,"footnotes":""},"categories":[16321,10503],"tags":[10852,10871,10870,10868,10875,10867,10866,10855,10857,10859,10858,10896,10897,10898,10892,10884,10887,10889,10886,10888,10853,10864,10862,10860,10851,10856,10899,10901,10902,10900,10877,10880,10876,10879,10891,10863,10895,10893,10188,10894,10890,10869,10861,10873,10872,10874,10850,10885,10854,10883,10865,10882,10878,10881],"aioseo_notices":[],"_links":{"self":[{"href":"https:\/\/www.cocondedecoration.com\/blog\/wp-json\/wp\/v2\/posts\/29917"}],"collection":[{"href":"https:\/\/www.cocondedecoration.com\/blog\/wp-json\/wp\/v2\/posts"}],"about":[{"href":"https:\/\/www.cocondedecoration.com\/blog\/wp-json\/wp\/v2\/types\/post"}],"author":[{"embeddable":true,"href":"https:\/\/www.cocondedecoration.com\/blog\/wp-json\/wp\/v2\/users\/1"}],"replies":[{"embeddable":true,"href":"https:\/\/www.cocondedecoration.com\/blog\/wp-json\/wp\/v2\/comments?post=29917"}],"version-history":[{"count":0,"href":"https:\/\/www.cocondedecoration.com\/blog\/wp-json\/wp\/v2\/posts\/29917\/revisions"}],"wp:featuredmedia":[{"embeddable":true,"href":"https:\/\/www.cocondedecoration.com\/blog\/wp-json\/wp\/v2\/media\/29987"}],"wp:attachment":[{"href":"https:\/\/www.cocondedecoration.com\/blog\/wp-json\/wp\/v2\/media?parent=29917"}],"wp:term":[{"taxonomy":"category","embeddable":true,"href":"https:\/\/www.cocondedecoration.com\/blog\/wp-json\/wp\/v2\/categories?post=29917"},{"taxonomy":"post_tag","embeddable":true,"href":"https:\/\/www.cocondedecoration.com\/blog\/wp-json\/wp\/v2\/tags?post=29917"}],"curies":[{"name":"wp","href":"https:\/\/api.w.org\/{rel}","templated":true}]}}