{"id":29751,"date":"2020-09-18T01:00:47","date_gmt":"2020-09-17T23:00:47","guid":{"rendered":"http:\/\/www.cocondedecoration.com\/blog\/?p=29751"},"modified":"2024-12-22T07:12:46","modified_gmt":"2024-12-22T05:12:46","slug":"comment-transformer-ambiance-scandinave-en-style-slow","status":"publish","type":"post","link":"https:\/\/www.cocondedecoration.com\/blog\/2020\/09\/comment-transformer-ambiance-scandinave-en-style-slow\/","title":{"rendered":"Comment transformer une d\u00e9co scandinave en un style slow?"},"content":{"rendered":"\n<p>Les mois pr\u00e9c\u00e9dents, je vous ai d\u00e9j\u00e0 propos\u00e9 ce type d'articles. Il \u00e9tait question de transformer une d\u00e9coration scandinave en d\u00e9co Modern Glam ou en d\u00e9co bord de mer. J'avoue que je prends beaucoup de plaisir \u00e0 pr\u00e9parer ce type d'articles autour des \u00e9volutions de la tendance scandinave. C'est un style qui continue de plaire malgr\u00e9 les ann\u00e9es qui passent. C'est un style qui \u00e9volue. <\/p>\n\n\n\n<p>Et ce type d'articles me permet de prendre du recul sur les tendances et les styles, ne pas juste se contenter de s'inspirer mais mieux les comprendre. Cette fois, on va s'int\u00e9resser \u00e0 l'\u00e9volution du style scandinave vers une ambiance slow - tr\u00e8s tendance actuellement. On va voir quels sont les points communs entre les 2 types de d\u00e9co, quelles sont leurs diff\u00e9rences. On va aussi s'int\u00e9resser aux petits changements que vous pouvez apporter \u00e0 votre d\u00e9co scandinave pour la transformer en d\u00e9co slow. (L'id\u00e9e ici est de ne pas vous ruiner en changeant de A \u00e0 Z votre int\u00e9rieur!) <\/p>\n\n\n\n<!--more-->\n\n\n\n<div style=\"height:20px\" aria-hidden=\"true\" class=\"wp-block-spacer\"><\/div>\n\n\n\n<div class=\"wp-block-media-text alignwide\"><figure class=\"wp-block-media-text__media\"><img loading=\"lazy\" decoding=\"async\" width=\"640\" height=\"366\" src=\"https:\/\/www.cocondedecoration.com\/blog\/wp-content\/uploads\/2023\/12\/newsletter-patreon-640x366.png\" alt=\"\" class=\"wp-image-70176\" srcset=\"https:\/\/www.cocondedecoration.com\/blog\/wp-content\/uploads\/2023\/12\/newsletter-patreon-640x366.png 640w, https:\/\/www.cocondedecoration.com\/blog\/wp-content\/uploads\/2023\/12\/newsletter-patreon-260x149.png 260w, https:\/\/www.cocondedecoration.com\/blog\/wp-content\/uploads\/2023\/12\/newsletter-patreon-768x439.png 768w, https:\/\/www.cocondedecoration.com\/blog\/wp-content\/uploads\/2023\/12\/newsletter-patreon-465x266.png 465w, https:\/\/www.cocondedecoration.com\/blog\/wp-content\/uploads\/2023\/12\/newsletter-patreon-695x397.png 695w, https:\/\/www.cocondedecoration.com\/blog\/wp-content\/uploads\/2023\/12\/newsletter-patreon.png 1050w\" sizes=\"(max-width: 640px) 100vw, 640px\" \/><\/figure><div class=\"wp-block-media-text__content\">\n<p style=\"text-align:center\"><strong>La newsletter du blog est sur Patreon<\/strong><\/p>\n\n\n\n<p>Devenez membre gratuitement de mon Patron pour lire toutes les newsletters du blog &amp; recevoir une notification quand les prochaines seront en ligne. <\/p>\n\n\n\n<div class=\"wp-block-button aligncenter\"><a class=\"wp-block-button__link\" href=\"https:\/\/www.patreon.com\/cocondedeco\">Acc\u00e9der \u00e0 Patreon gratuitement<\/a><\/div>\n<\/div><\/div>\n\n\n\n<div style=\"height:30px\" aria-hidden=\"true\" class=\"wp-block-spacer\"><\/div>\n\n\n\n<h2 class=\"wp-block-heading\">01 \u2022 Les points communs <\/h2>\n\n\n\n<h3 class=\"wp-block-heading\">01 \u2022 1 \u2022 La lumi\u00e8re <\/h3>\n\n\n\n<p>Les int\u00e9rieurs scandinaves ont propuls\u00e9 la lumi\u00e8re qu'elle soit naturelle ou artificielle au coeur de la d\u00e9marche de d\u00e9coration. Avant j'ai le sentiment qu'on ne s'en pr\u00e9occupait que peu et la d\u00e9co scandinave lui a redonner de la valeur. Les int\u00e9rieurs slow sont h\u00e9ritiers de cette d\u00e9marche. Ce n'est pas parce qu'on change de style qu'on met au rebut la place de la luminosit\u00e9. <\/p>\n\n\n\n<p>N\u00e9anmoins, il y a une nuance \u00e0 apporter. L'ambiance lumineuse slow est plus douce, plus enveloppante que l'ambiance lumineuse scandinave qui est quant \u00e0 elle plus franche. Cela s'explique en partie par le choix des couleurs. Le beige ou le gris ne r\u00e9agissent pas de la m\u00eame mani\u00e8re que le blanc \u00e0 la lumi\u00e8re. Les neutres ne diffusent pas non plus de la m\u00eame mani\u00e8re la lumi\u00e8re. On aura des int\u00e9rieurs lumineux et un peu plus feutr\u00e9s dans une d\u00e9marche slow.<\/p>\n\n\n\n<h3 class=\"wp-block-heading\">01 \u2022 2 \u2022 Les meubles en bois<\/h3>\n\n\n\n<p>Le mobilier, notamment les meubles en bois, sont pr\u00e9sents dans les 2 styles de d\u00e9coration. Cela signifie que vous n'avez pas besoin de changer votre table basse ou votre commode qui n'ont que quelques ann\u00e9es pour changer votre d\u00e9co. <\/p>\n\n\n\n<h3 class=\"wp-block-heading\">01 \u2022 3 \u2022 Le confort<\/h3>\n\n\n\n<p>Une autre point commun entre ces deux styles, c'est la notion de confort. Dans une d\u00e9co scandinave, l'id\u00e9e initiale c'\u00e9tait d'avoir une pi\u00e8ce confortable pour toute la famille notamment pendant les longues p\u00e9riodes hivernales. On reste sur cette d\u00e9marche mais on \u00e9pure un peu tout \u00e7a. <\/p>\n\n\n\n<p>Prenons l'exemple des coussins. On va en mettre un peu moins dans le canap\u00e9, on va les choisir pour qu'ils r\u00e9pondent \u00e0 nos besoins plus qu'\u00e0 un soucis esth\u00e9tiques. Un coussin plus gros par exemple pour soulager vos lombaires apr\u00e8s une semaine de boulot au lieu de 2 ou 3 coussins qui sont l\u00e0 essentiellement pour faire joli. La d\u00e9coration slow s'adapte normalement plus \u00e0 vos besoins et doit faire sens pour vous. <\/p>\n\n\n\n<figure class=\"wp-block-gallery has-nested-images columns-default is-cropped wp-block-gallery-1 is-layout-flex wp-block-gallery-is-layout-flex\">\n<figure class=\"wp-block-image\"><img loading=\"lazy\" decoding=\"async\" width=\"640\" height=\"853\" data-id=\"29832\" src=\"https:\/\/www.cocondedecoration.com\/blog\/wp-content\/uploads\/2020\/09\/transformer-scandinave-en-decoration-slow-8-640x853.jpeg\" alt=\"salle a manger slow et scandinave\" class=\"wp-image-29832\" srcset=\"https:\/\/www.cocondedecoration.com\/blog\/wp-content\/uploads\/2020\/09\/transformer-scandinave-en-decoration-slow-8-640x853.jpeg 640w, https:\/\/www.cocondedecoration.com\/blog\/wp-content\/uploads\/2020\/09\/transformer-scandinave-en-decoration-slow-8-260x347.jpeg 260w, https:\/\/www.cocondedecoration.com\/blog\/wp-content\/uploads\/2020\/09\/transformer-scandinave-en-decoration-slow-8-413x550.jpeg 413w, https:\/\/www.cocondedecoration.com\/blog\/wp-content\/uploads\/2020\/09\/transformer-scandinave-en-decoration-slow-8-375x500.jpeg 375w, https:\/\/www.cocondedecoration.com\/blog\/wp-content\/uploads\/2020\/09\/transformer-scandinave-en-decoration-slow-8.jpeg 750w\" sizes=\"(max-width: 640px) 100vw, 640px\" \/><\/figure>\n\n\n\n<figure class=\"wp-block-image\"><img loading=\"lazy\" decoding=\"async\" width=\"640\" height=\"853\" data-id=\"29831\" src=\"https:\/\/www.cocondedecoration.com\/blog\/wp-content\/uploads\/2020\/09\/transformer-scandinave-en-decoration-slow-7-640x853.jpeg\" alt=\"cuisine slow bois evolution style scandinave\" class=\"wp-image-29831\" srcset=\"https:\/\/www.cocondedecoration.com\/blog\/wp-content\/uploads\/2020\/09\/transformer-scandinave-en-decoration-slow-7-640x853.jpeg 640w, https:\/\/www.cocondedecoration.com\/blog\/wp-content\/uploads\/2020\/09\/transformer-scandinave-en-decoration-slow-7-260x347.jpeg 260w, https:\/\/www.cocondedecoration.com\/blog\/wp-content\/uploads\/2020\/09\/transformer-scandinave-en-decoration-slow-7-413x550.jpeg 413w, https:\/\/www.cocondedecoration.com\/blog\/wp-content\/uploads\/2020\/09\/transformer-scandinave-en-decoration-slow-7-375x500.jpeg 375w, https:\/\/www.cocondedecoration.com\/blog\/wp-content\/uploads\/2020\/09\/transformer-scandinave-en-decoration-slow-7.jpeg 750w\" sizes=\"(max-width: 640px) 100vw, 640px\" \/><\/figure>\n\n\n\n<figure class=\"wp-block-image\"><img loading=\"lazy\" decoding=\"async\" width=\"640\" height=\"853\" data-id=\"29833\" src=\"https:\/\/www.cocondedecoration.com\/blog\/wp-content\/uploads\/2020\/09\/transformer-scandinave-en-decoration-slow-9-640x853.jpeg\" alt=\"exemple chambre slow et simple\" class=\"wp-image-29833\" srcset=\"https:\/\/www.cocondedecoration.com\/blog\/wp-content\/uploads\/2020\/09\/transformer-scandinave-en-decoration-slow-9-640x853.jpeg 640w, https:\/\/www.cocondedecoration.com\/blog\/wp-content\/uploads\/2020\/09\/transformer-scandinave-en-decoration-slow-9-260x347.jpeg 260w, https:\/\/www.cocondedecoration.com\/blog\/wp-content\/uploads\/2020\/09\/transformer-scandinave-en-decoration-slow-9-413x550.jpeg 413w, https:\/\/www.cocondedecoration.com\/blog\/wp-content\/uploads\/2020\/09\/transformer-scandinave-en-decoration-slow-9-375x500.jpeg 375w, https:\/\/www.cocondedecoration.com\/blog\/wp-content\/uploads\/2020\/09\/transformer-scandinave-en-decoration-slow-9.jpeg 750w\" sizes=\"(max-width: 640px) 100vw, 640px\" \/><\/figure>\n<\/figure>\n\n\n\n<p class=\"has-text-align-center has-small-font-size\"><a rel=\"noreferrer noopener\" aria-label=\"1 (opens in a new tab)\" href=\"https:\/\/www.pinterest.ch\/pin\/308637380718879254\/\" target=\"_blank\">1<\/a> \/ <a href=\"https:\/\/www.pinterest.ch\/pin\/90494273751403965\/\" target=\"_blank\" rel=\"noreferrer noopener\" aria-label=\"2 (opens in a new tab)\">2<\/a> \/ <a rel=\"noreferrer noopener\" aria-label=\"3 (opens in a new tab)\" href=\"https:\/\/www.pinterest.ch\/pin\/703335666795980847\/\" target=\"_blank\">3<\/a><\/p>\n\n\n\n<h2 class=\"wp-block-heading\">02 \u2022 Les diff\u00e9rences <\/h2>\n\n\n\n<h3 class=\"wp-block-heading\">02 \u2022 1 \u2022 Une d\u00e9co moins mais mieux <\/h3>\n\n\n\n<p>Au fil des ann\u00e9es, la d\u00e9co scandinave a \u00e9volu\u00e9 de diff\u00e9rentes mani\u00e8res et cette \u00e9volution explique en partie pourquoi elle plait toujours autant. Ces \u00e9volutions ne partent pas dans tous les sens mais elles se divisent en diff\u00e9rentes branches. On a eu des int\u00e9rieurs scandinaves pastels, des int\u00e9rieurs scandinaves \/ nordiques, des int\u00e9rieurs scandinaves plus boh\u00e8mes... <\/p>\n\n\n\n<p>Plus proche de la th\u00e9matique de cet article, il y a la \"sous tendance\" scandicraft, un m\u00e9lange de scandinave et de slow. D'ailleurs, en r\u00e8gle g\u00e9n\u00e9rale, je ne fais pas sp\u00e9cialement la diff\u00e9rence entre les int\u00e9rieurs slow et les int\u00e9rieurs de style scandicraft. <\/p>\n\n\n\n<p>Tout \u00e7a pour dire qu'au final, la tendance scandinave qui tire vers le slow tend avant tout \u00e0 s'\u00e9purer. On a moins de couleurs en profusion, on va plus travailler les cama\u00efeux. Par ailleurs, on a moins d'objets d\u00e9co, m\u00eame si \u00e0 mon grand regret la tendance slow n'est pas si \u00e9pur\u00e9e et elle est bien trop commerciale \u00e0 mon go\u00fbt. On aura moins d'accessoires d\u00e9co et on les choisira mieux. On les choisira avec soin: est-ce qu'ils correspondent vraiment \u00e0 l'ambiance que je veux cr\u00e9er? O\u00f9 sont-ils fabriqu\u00e9s? Dans quelles conditions? etc. <\/p>\n\n\n\n<p>On va aussi porter plus d'importance aux mat\u00e9riaux quand on les choisis mais aussi l'effet qu'ils vont cr\u00e9er dans notre int\u00e9rieur. Les mat\u00e9riaux nobles et naturels ont une place de choix. Ils vont tout autant d\u00e9corer que des cadres par exemple. Je parle beaucoup de bois dans cet article mais on aura aussi entre autres: le lin, le chanvre, la laine, le cuir, la pierre... <\/p>\n\n\n\n<h3 class=\"wp-block-heading\">02 \u2022 2\u2022 Plus de possibilit\u00e9s avec le bois <\/h3>\n\n\n\n<p>Dans les int\u00e9rieurs scandinaves, je l'ai dit plus haut, le bois \u00e0 une importance de taille. Il est synonyme d'authenticit\u00e9, de robustesse, de nature. Et souvent, dans le style scandinave, il \u00e9tait question d'essences de bois local. Le style slow quant \u00e0 lui ouvre plus de possibilit\u00e9s. On va trouver l'incontournable cannage, le rotin, le bambou. Des essences claires de bois exotique. A mes yeux, ce n'est pas slow du tout puisqu'\u00e0 moins de vivre sous les tropiques, le bois exotique n'est pas sp\u00e9cialement local. <\/p>\n\n\n\n<p>Mais ce n'est pas la premi\u00e8re fois que je vous parle des absurdit\u00e9s entre la tendance qui plait tant et les valeurs initiales du mouvement slow. Sans partir dans les extr\u00eames, j'aime \u00e0 croire que vous trouverez l'\u00e9quilibre entre les 2 et que la d\u00e9forestation des zones tropicales restera dans le coin de votre esprit quand il sera question de choisir de nouveaux meubles. <\/p>\n\n\n\n<figure class=\"wp-block-gallery has-nested-images columns-default is-cropped wp-block-gallery-2 is-layout-flex wp-block-gallery-is-layout-flex\">\n<figure class=\"wp-block-image\"><img loading=\"lazy\" decoding=\"async\" width=\"640\" height=\"853\" data-id=\"29834\" src=\"https:\/\/www.cocondedecoration.com\/blog\/wp-content\/uploads\/2020\/09\/transformer-scandinave-en-decoration-slow-4-640x853.jpeg\" alt=\"salle a manger style slow chaises scandinaves\" class=\"wp-image-29834\" srcset=\"https:\/\/www.cocondedecoration.com\/blog\/wp-content\/uploads\/2020\/09\/transformer-scandinave-en-decoration-slow-4-640x853.jpeg 640w, https:\/\/www.cocondedecoration.com\/blog\/wp-content\/uploads\/2020\/09\/transformer-scandinave-en-decoration-slow-4-260x347.jpeg 260w, https:\/\/www.cocondedecoration.com\/blog\/wp-content\/uploads\/2020\/09\/transformer-scandinave-en-decoration-slow-4-413x550.jpeg 413w, https:\/\/www.cocondedecoration.com\/blog\/wp-content\/uploads\/2020\/09\/transformer-scandinave-en-decoration-slow-4-375x500.jpeg 375w, https:\/\/www.cocondedecoration.com\/blog\/wp-content\/uploads\/2020\/09\/transformer-scandinave-en-decoration-slow-4.jpeg 750w\" sizes=\"(max-width: 640px) 100vw, 640px\" \/><\/figure>\n\n\n\n<figure class=\"wp-block-image\"><img loading=\"lazy\" decoding=\"async\" width=\"640\" height=\"853\" data-id=\"29835\" src=\"https:\/\/www.cocondedecoration.com\/blog\/wp-content\/uploads\/2020\/09\/transformer-scandinave-en-decoration-slow-5-640x853.jpeg\" alt=\"cuisine coin repas style slow\" class=\"wp-image-29835\" srcset=\"https:\/\/www.cocondedecoration.com\/blog\/wp-content\/uploads\/2020\/09\/transformer-scandinave-en-decoration-slow-5-640x853.jpeg 640w, https:\/\/www.cocondedecoration.com\/blog\/wp-content\/uploads\/2020\/09\/transformer-scandinave-en-decoration-slow-5-260x347.jpeg 260w, https:\/\/www.cocondedecoration.com\/blog\/wp-content\/uploads\/2020\/09\/transformer-scandinave-en-decoration-slow-5-413x550.jpeg 413w, https:\/\/www.cocondedecoration.com\/blog\/wp-content\/uploads\/2020\/09\/transformer-scandinave-en-decoration-slow-5-375x500.jpeg 375w, https:\/\/www.cocondedecoration.com\/blog\/wp-content\/uploads\/2020\/09\/transformer-scandinave-en-decoration-slow-5.jpeg 750w\" sizes=\"(max-width: 640px) 100vw, 640px\" \/><\/figure>\n\n\n\n<figure class=\"wp-block-image\"><img loading=\"lazy\" decoding=\"async\" width=\"640\" height=\"853\" data-id=\"29836\" src=\"https:\/\/www.cocondedecoration.com\/blog\/wp-content\/uploads\/2020\/09\/transformer-scandinave-en-decoration-slow-6-640x853.jpeg\" alt=\"ambiance slow cuisine style scandinave\" class=\"wp-image-29836\" srcset=\"https:\/\/www.cocondedecoration.com\/blog\/wp-content\/uploads\/2020\/09\/transformer-scandinave-en-decoration-slow-6-640x853.jpeg 640w, https:\/\/www.cocondedecoration.com\/blog\/wp-content\/uploads\/2020\/09\/transformer-scandinave-en-decoration-slow-6-260x347.jpeg 260w, https:\/\/www.cocondedecoration.com\/blog\/wp-content\/uploads\/2020\/09\/transformer-scandinave-en-decoration-slow-6-413x550.jpeg 413w, https:\/\/www.cocondedecoration.com\/blog\/wp-content\/uploads\/2020\/09\/transformer-scandinave-en-decoration-slow-6-375x500.jpeg 375w, https:\/\/www.cocondedecoration.com\/blog\/wp-content\/uploads\/2020\/09\/transformer-scandinave-en-decoration-slow-6.jpeg 750w\" sizes=\"(max-width: 640px) 100vw, 640px\" \/><\/figure>\n<\/figure>\n\n\n\n<p class=\"has-text-align-center has-small-font-size\"><a href=\"https:\/\/www.pinterest.ch\/pin\/484699978646152750\/\" target=\"_blank\" rel=\"noreferrer noopener\" aria-label=\"1 (opens in a new tab)\">1<\/a> \/ <a rel=\"noreferrer noopener\" aria-label=\"2 (opens in a new tab)\" href=\"https:\/\/www.pinterest.ch\/pin\/76983474869218145\/\" target=\"_blank\">2<\/a> \/ <a rel=\"noreferrer noopener\" aria-label=\"3 (opens in a new tab)\" href=\"https:\/\/www.pinterest.ch\/pin\/511440101427863350\/\" target=\"_blank\">3<\/a><\/p>\n\n\n\n<h2 class=\"wp-block-heading\">03 \u2022 On garde et on transforme - Du scandinave au slow<\/h2>\n\n\n\n<h3 class=\"wp-block-heading\">03 \u2022 1 \u2022 Le canap\u00e9 <\/h3>\n\n\n\n<p>On le garde et si on trouve que la couleur ne correspond plus \u00e0 l'ambiance qu'on cherche \u00e0 cr\u00e9er, on ach\u00e8te une housse d'une couleur plus adapt\u00e9e. Si vous ne trouvez pas de housse qui vous plaise ou qui corresponde \u00e0 votre canap\u00e9, pas de soucis, d'autres options s'offrent \u00e0 vous: un grand drap chin\u00e9 en brocante, du lin achet\u00e9 au m\u00e8tre sur lequel vous aurez fait un ourlet. Ce sont deux solutions faciles et qui offriront un drap\u00e9 enveloppant \u00e0 votre canap\u00e9 et \u00e0 votre salon. Si le slow plait autant c'est que c'est simple et cosy \u00e0 la fois. <\/p>\n\n\n\n<h3 class=\"wp-block-heading\">03 \u2022 2 \u2022 Les accessoires de couleurs neutres <\/h3>\n\n\n\n<p>Le beige est une couleur phare du style slow. Perso, je n'aime pas le beige, \u00e7a me p\u00e8se sur le moral. Il y a des alternatives au beige heureusement: le gris clair, le vert sauge, le terracotta (version poudr\u00e9 et plus neutre). La couleur slow est neutre et naturelle. A partir de l\u00e0, elle se d\u00e9grade en cama\u00efeux pour cr\u00e9er de la douceur. Dans les int\u00e9rieurs scandinaves, il y a de la couleur, neutre ou pas. Ce qui n'est pas neutre dans votre d\u00e9co, vous le mettez de c\u00f4t\u00e9 et pour vos prochains achats d\u00e9co, il suffira de vous focaliser sur le cama\u00efeux de votre couleur neutre. <\/p>\n\n\n\n<h3 class=\"wp-block-heading\">03 \u2022 3 \u2022 Les cadres et la d\u00e9coration murale <\/h3>\n\n\n\n<p>On garde bien entendu une partie de la d\u00e9coration murale. M\u00eame si le style slow est \u00e9pur\u00e9, il n'est pas minimaliste au sens propre du terme. Il y en a moins et mieux. (Oui, je sais, je radote!) On garde donc les cadres en bois, les cadres \u00e9pur\u00e9s et uni, les cadres neutres. Ce qui va changer, c'est ce qui se trouve \u00e0 l'int\u00e9rieur de ces cadres. On sera sur des posters et affiches diff\u00e9rentes. <\/p>\n\n\n\n<p>On trouve des illustrations simples: des formes organiques en cama\u00efeux de couleurs, des visages simplifi\u00e9s. Les photos de familles ont leur place aussi, plus en s\u00e9pia ou en noir et blanc. Elles contribueront aussi \u00e0 la cr\u00e9ation du cama\u00efeux enveloppant et doux. Ce que l'on trouve aussi tr\u00e8s fr\u00e9quemment dans les int\u00e9rieurs slow, c'est le cadre pos\u00e9 sur un meuble. J'aime beaucoup parce que cela d\u00e9core autrement et surtout parce que m\u00eame si on est locataire, on peut mettre en oeuvre cette id\u00e9e d\u00e9co. Pas besoin de percer les murs! <\/p>\n\n\n\n<p>Si vous avez succomb\u00e9 \u00e0 la tendance boh\u00e8me et que vous l'aviez coupl\u00e9e avec une base scandinave, il y a aussi quelques petites choses que vous pouvez garder notamment les d\u00e9co murales tress\u00e9es: paniers, chapeaux et autres d\u00e9co dont je n'ai jamais pris la peine de chercher le nom. Le tressage de fibres naturelles colle parfaitement au style slow. On va aussi le retrouver dans les paniers par exemple. <\/p>\n\n\n\n<figure class=\"wp-block-gallery has-nested-images columns-default is-cropped wp-block-gallery-3 is-layout-flex wp-block-gallery-is-layout-flex\">\n<figure class=\"wp-block-image\"><img loading=\"lazy\" decoding=\"async\" width=\"640\" height=\"853\" data-id=\"29837\" src=\"https:\/\/www.cocondedecoration.com\/blog\/wp-content\/uploads\/2020\/09\/transformer-scandinave-en-decoration-slow-1-640x853.jpeg\" alt=\"transformer salon scandinave en style slow\" class=\"wp-image-29837\" srcset=\"https:\/\/www.cocondedecoration.com\/blog\/wp-content\/uploads\/2020\/09\/transformer-scandinave-en-decoration-slow-1-640x853.jpeg 640w, https:\/\/www.cocondedecoration.com\/blog\/wp-content\/uploads\/2020\/09\/transformer-scandinave-en-decoration-slow-1-260x347.jpeg 260w, https:\/\/www.cocondedecoration.com\/blog\/wp-content\/uploads\/2020\/09\/transformer-scandinave-en-decoration-slow-1-413x550.jpeg 413w, https:\/\/www.cocondedecoration.com\/blog\/wp-content\/uploads\/2020\/09\/transformer-scandinave-en-decoration-slow-1-375x500.jpeg 375w, https:\/\/www.cocondedecoration.com\/blog\/wp-content\/uploads\/2020\/09\/transformer-scandinave-en-decoration-slow-1.jpeg 750w\" sizes=\"(max-width: 640px) 100vw, 640px\" \/><\/figure>\n\n\n\n<figure class=\"wp-block-image\"><img loading=\"lazy\" decoding=\"async\" width=\"640\" height=\"853\" data-id=\"29838\" src=\"https:\/\/www.cocondedecoration.com\/blog\/wp-content\/uploads\/2020\/09\/transformer-scandinave-en-decoration-slow-2-640x853.jpeg\" alt=\"exemple salle de bain deco slow\" class=\"wp-image-29838\" srcset=\"https:\/\/www.cocondedecoration.com\/blog\/wp-content\/uploads\/2020\/09\/transformer-scandinave-en-decoration-slow-2-640x853.jpeg 640w, https:\/\/www.cocondedecoration.com\/blog\/wp-content\/uploads\/2020\/09\/transformer-scandinave-en-decoration-slow-2-260x347.jpeg 260w, https:\/\/www.cocondedecoration.com\/blog\/wp-content\/uploads\/2020\/09\/transformer-scandinave-en-decoration-slow-2-413x550.jpeg 413w, https:\/\/www.cocondedecoration.com\/blog\/wp-content\/uploads\/2020\/09\/transformer-scandinave-en-decoration-slow-2-375x500.jpeg 375w, https:\/\/www.cocondedecoration.com\/blog\/wp-content\/uploads\/2020\/09\/transformer-scandinave-en-decoration-slow-2.jpeg 750w\" sizes=\"(max-width: 640px) 100vw, 640px\" \/><\/figure>\n\n\n\n<figure class=\"wp-block-image\"><img loading=\"lazy\" decoding=\"async\" width=\"640\" height=\"853\" data-id=\"29839\" src=\"https:\/\/www.cocondedecoration.com\/blog\/wp-content\/uploads\/2020\/09\/transformer-scandinave-en-decoration-slow-3-640x853.jpeg\" alt=\"salon scandicraft deco scandinave et slow\" class=\"wp-image-29839\" srcset=\"https:\/\/www.cocondedecoration.com\/blog\/wp-content\/uploads\/2020\/09\/transformer-scandinave-en-decoration-slow-3-640x853.jpeg 640w, https:\/\/www.cocondedecoration.com\/blog\/wp-content\/uploads\/2020\/09\/transformer-scandinave-en-decoration-slow-3-260x347.jpeg 260w, https:\/\/www.cocondedecoration.com\/blog\/wp-content\/uploads\/2020\/09\/transformer-scandinave-en-decoration-slow-3-413x550.jpeg 413w, https:\/\/www.cocondedecoration.com\/blog\/wp-content\/uploads\/2020\/09\/transformer-scandinave-en-decoration-slow-3-375x500.jpeg 375w, https:\/\/www.cocondedecoration.com\/blog\/wp-content\/uploads\/2020\/09\/transformer-scandinave-en-decoration-slow-3.jpeg 750w\" sizes=\"(max-width: 640px) 100vw, 640px\" \/><\/figure>\n<\/figure>\n\n\n\n<p class=\"has-text-align-center has-small-font-size\"><a aria-label=\"1 (opens in a new tab)\" href=\"https:\/\/www.pinterest.ch\/pin\/470063279853653853\/\" target=\"_blank\" rel=\"noreferrer noopener\">1<\/a>\/ <a aria-label=\"2 (opens in a new tab)\" href=\"https:\/\/www.pinterest.ch\/pin\/211809988712088352\/\" target=\"_blank\" rel=\"noreferrer noopener\">2<\/a> \/ <a aria-label=\"3 (opens in a new tab)\" href=\"https:\/\/www.pinterest.ch\/pin\/484911084877913496\/\" target=\"_blank\" rel=\"noreferrer noopener\">3<\/a><\/p>\n\n\n\n<hr class=\"wp-block-separator has-css-opacity is-style-wide\"\/>\n\n\n\n<h2 class=\"wp-block-heading\">Cr\u00e9ez facilement une touche cosy et douillette chez vous <\/h2>\n\n\n\n<div class=\"wp-block-cb-carousel\" data-slick=\"{&quot;slidesToShow&quot;:3,&quot;slidesToScroll&quot;:1,&quot;speed&quot;:300,&quot;arrows&quot;:true,&quot;dots&quot;:false,&quot;autoplay&quot;:false,&quot;autoplaySpeed&quot;:3000,&quot;infinite&quot;:true,&quot;responsive&quot;:[{&quot;breakpoint&quot;:769,&quot;settings&quot;:{&quot;slidesToShow&quot;:1,&quot;slidesToScroll&quot;:1}}]}\">\n<div class=\"wp-block-cb-slide\">\n<figure class=\"wp-block-image size-large\"><a href=\"https:\/\/www.cocondedecoration.com\/blog\/wp-content\/uploads\/2026\/01\/deco-cosy-1.png\"><img loading=\"lazy\" decoding=\"async\" width=\"640\" height=\"960\" src=\"https:\/\/www.cocondedecoration.com\/blog\/wp-content\/uploads\/2026\/01\/deco-cosy-1-640x960.png\" alt=\"d\u00e9co cosy accessoires d\u00e9coratifs petit budget pas cher \" class=\"wp-image-87496\" title=\"d\u00e9co cosy accessoires d\u00e9coratifs petit budget pas cher \" srcset=\"https:\/\/www.cocondedecoration.com\/blog\/wp-content\/uploads\/2026\/01\/deco-cosy-1-640x960.png 640w, https:\/\/www.cocondedecoration.com\/blog\/wp-content\/uploads\/2026\/01\/deco-cosy-1-260x390.png 260w, https:\/\/www.cocondedecoration.com\/blog\/wp-content\/uploads\/2026\/01\/deco-cosy-1-768x1152.png 768w, https:\/\/www.cocondedecoration.com\/blog\/wp-content\/uploads\/2026\/01\/deco-cosy-1-367x550.png 367w, https:\/\/www.cocondedecoration.com\/blog\/wp-content\/uploads\/2026\/01\/deco-cosy-1-333x500.png 333w, https:\/\/www.cocondedecoration.com\/blog\/wp-content\/uploads\/2026\/01\/deco-cosy-1.png 1000w\" sizes=\"(max-width: 640px) 100vw, 640px\" \/><\/a><figcaption class=\"wp-element-caption\"><a href=\"https:\/\/www.cocondedecoration.com\/blog\/2023\/10\/deco-cocooning-pas-cher\/\" target=\"_blank\" rel=\"noopener\" title=\"\">Moins de 50\u20ac pour une touche plus cosy chez soi<\/a><\/figcaption><\/figure>\n<\/div>\n\n\n\n<div class=\"wp-block-cb-slide\">\n<figure class=\"wp-block-image size-large\"><a href=\"https:\/\/www.cocondedecoration.com\/blog\/wp-content\/uploads\/2026\/01\/deco-cosy-2.png\"><img loading=\"lazy\" decoding=\"async\" width=\"640\" height=\"960\" src=\"https:\/\/www.cocondedecoration.com\/blog\/wp-content\/uploads\/2026\/01\/deco-cosy-2-640x960.png\" alt=\"d\u00e9co cosy rideaux isolants thermique courant d'air froid \" class=\"wp-image-87497\" title=\"d\u00e9co cosy rideaux isolants thermique courant d'air froid \" srcset=\"https:\/\/www.cocondedecoration.com\/blog\/wp-content\/uploads\/2026\/01\/deco-cosy-2-640x960.png 640w, https:\/\/www.cocondedecoration.com\/blog\/wp-content\/uploads\/2026\/01\/deco-cosy-2-260x390.png 260w, https:\/\/www.cocondedecoration.com\/blog\/wp-content\/uploads\/2026\/01\/deco-cosy-2-768x1152.png 768w, https:\/\/www.cocondedecoration.com\/blog\/wp-content\/uploads\/2026\/01\/deco-cosy-2-367x550.png 367w, https:\/\/www.cocondedecoration.com\/blog\/wp-content\/uploads\/2026\/01\/deco-cosy-2-333x500.png 333w, https:\/\/www.cocondedecoration.com\/blog\/wp-content\/uploads\/2026\/01\/deco-cosy-2.png 1000w\" sizes=\"(max-width: 640px) 100vw, 640px\" \/><\/a><figcaption class=\"wp-element-caption\"><a href=\"https:\/\/www.cocondedecoration.com\/blog\/2018\/10\/pratique-les-rideaux-isolants-pour-lhiver\/\" target=\"_blank\" rel=\"noopener\" title=\"\">Le rideau isolant pour ne plus sentir le froid des fen\u00eatres<\/a><\/figcaption><\/figure>\n<\/div>\n\n\n\n<div class=\"wp-block-cb-slide\">\n<figure class=\"wp-block-image size-large\"><a href=\"https:\/\/www.cocondedecoration.com\/blog\/wp-content\/uploads\/2026\/01\/deco-cosy-3.png\"><img loading=\"lazy\" decoding=\"async\" width=\"640\" height=\"960\" src=\"https:\/\/www.cocondedecoration.com\/blog\/wp-content\/uploads\/2026\/01\/deco-cosy-3-640x960.png\" alt=\"d\u00e9co cosy parure de lit flanelle chambre chaleureuse \" class=\"wp-image-87498\" title=\"d\u00e9co cosy parure de lit flanelle chambre chaleureuse \" srcset=\"https:\/\/www.cocondedecoration.com\/blog\/wp-content\/uploads\/2026\/01\/deco-cosy-3-640x960.png 640w, https:\/\/www.cocondedecoration.com\/blog\/wp-content\/uploads\/2026\/01\/deco-cosy-3-260x390.png 260w, https:\/\/www.cocondedecoration.com\/blog\/wp-content\/uploads\/2026\/01\/deco-cosy-3-768x1152.png 768w, https:\/\/www.cocondedecoration.com\/blog\/wp-content\/uploads\/2026\/01\/deco-cosy-3-367x550.png 367w, https:\/\/www.cocondedecoration.com\/blog\/wp-content\/uploads\/2026\/01\/deco-cosy-3-333x500.png 333w, https:\/\/www.cocondedecoration.com\/blog\/wp-content\/uploads\/2026\/01\/deco-cosy-3.png 1000w\" sizes=\"(max-width: 640px) 100vw, 640px\" \/><\/a><figcaption class=\"wp-element-caption\"><a href=\"https:\/\/www.cocondedecoration.com\/blog\/2021\/10\/ou-trouver-du-linge-de-lit-en-flanelle\/\" target=\"_blank\" rel=\"noopener\" title=\"\">O\u00f9 trouver du linge de lit en flanelle?<\/a><\/figcaption><\/figure>\n<\/div>\n\n\n\n<div class=\"wp-block-cb-slide\">\n<figure class=\"wp-block-image size-large\"><a href=\"https:\/\/www.cocondedecoration.com\/blog\/wp-content\/uploads\/2026\/01\/deco-cosy-4.png\"><img loading=\"lazy\" decoding=\"async\" width=\"640\" height=\"960\" src=\"https:\/\/www.cocondedecoration.com\/blog\/wp-content\/uploads\/2026\/01\/deco-cosy-4-640x960.png\" alt=\"d\u00e9co cosy accessoires et objets d\u00e9coratifs style hygge \" class=\"wp-image-87499\" title=\"d\u00e9co cosy accessoires et objets d\u00e9coratifs style hygge \" srcset=\"https:\/\/www.cocondedecoration.com\/blog\/wp-content\/uploads\/2026\/01\/deco-cosy-4-640x960.png 640w, https:\/\/www.cocondedecoration.com\/blog\/wp-content\/uploads\/2026\/01\/deco-cosy-4-260x390.png 260w, https:\/\/www.cocondedecoration.com\/blog\/wp-content\/uploads\/2026\/01\/deco-cosy-4-768x1152.png 768w, https:\/\/www.cocondedecoration.com\/blog\/wp-content\/uploads\/2026\/01\/deco-cosy-4-367x550.png 367w, https:\/\/www.cocondedecoration.com\/blog\/wp-content\/uploads\/2026\/01\/deco-cosy-4-333x500.png 333w, https:\/\/www.cocondedecoration.com\/blog\/wp-content\/uploads\/2026\/01\/deco-cosy-4.png 1000w\" sizes=\"(max-width: 640px) 100vw, 640px\" \/><\/a><figcaption class=\"wp-element-caption\"><a href=\"https:\/\/www.cocondedecoration.com\/blog\/2022\/02\/decor-hygge-cosy-pas-cher\/\" target=\"_blank\" rel=\"noopener\" title=\"\">Une touche plus hygge et cosy chez soi<\/a><\/figcaption><\/figure>\n<\/div>\n\n\n\n<div class=\"wp-block-cb-slide\">\n<figure class=\"wp-block-image size-large\"><a href=\"https:\/\/www.cocondedecoration.com\/blog\/wp-content\/uploads\/2026\/01\/deco-cosy-5.png\"><img loading=\"lazy\" decoding=\"async\" width=\"640\" height=\"960\" src=\"https:\/\/www.cocondedecoration.com\/blog\/wp-content\/uploads\/2026\/01\/deco-cosy-5-640x960.png\" alt=\"d\u00e9co cosy descente de lit tapis chambre adulte \" class=\"wp-image-87500\" title=\"d\u00e9co cosy descente de lit tapis chambre adulte \" srcset=\"https:\/\/www.cocondedecoration.com\/blog\/wp-content\/uploads\/2026\/01\/deco-cosy-5-640x960.png 640w, https:\/\/www.cocondedecoration.com\/blog\/wp-content\/uploads\/2026\/01\/deco-cosy-5-260x390.png 260w, https:\/\/www.cocondedecoration.com\/blog\/wp-content\/uploads\/2026\/01\/deco-cosy-5-768x1152.png 768w, https:\/\/www.cocondedecoration.com\/blog\/wp-content\/uploads\/2026\/01\/deco-cosy-5-367x550.png 367w, https:\/\/www.cocondedecoration.com\/blog\/wp-content\/uploads\/2026\/01\/deco-cosy-5-333x500.png 333w, https:\/\/www.cocondedecoration.com\/blog\/wp-content\/uploads\/2026\/01\/deco-cosy-5.png 1000w\" sizes=\"(max-width: 640px) 100vw, 640px\" \/><\/a><figcaption class=\"wp-element-caption\"><a href=\"https:\/\/www.cocondedecoration.com\/blog\/2020\/01\/top-deco-10-descentes-de-lit-pour-decorer-la-chambre\/\" target=\"_blank\" rel=\"noopener\" title=\"\">De jolies descentes de lit pour d\u00e9corer la chambre<\/a><\/figcaption><\/figure>\n<\/div>\n\n\n\n<div class=\"wp-block-cb-slide\">\n<figure class=\"wp-block-image size-large\"><a href=\"https:\/\/www.cocondedecoration.com\/blog\/wp-content\/uploads\/2026\/01\/deco-cosy-6.png\"><img loading=\"lazy\" decoding=\"async\" width=\"640\" height=\"960\" src=\"https:\/\/www.cocondedecoration.com\/blog\/wp-content\/uploads\/2026\/01\/deco-cosy-6-640x960.png\" alt=\"d\u00e9co cosy textile laine boucl\u00e9e \" class=\"wp-image-87501\" title=\"d\u00e9co cosy textile laine boucl\u00e9e \" srcset=\"https:\/\/www.cocondedecoration.com\/blog\/wp-content\/uploads\/2026\/01\/deco-cosy-6-640x960.png 640w, https:\/\/www.cocondedecoration.com\/blog\/wp-content\/uploads\/2026\/01\/deco-cosy-6-260x390.png 260w, https:\/\/www.cocondedecoration.com\/blog\/wp-content\/uploads\/2026\/01\/deco-cosy-6-768x1152.png 768w, https:\/\/www.cocondedecoration.com\/blog\/wp-content\/uploads\/2026\/01\/deco-cosy-6-367x550.png 367w, https:\/\/www.cocondedecoration.com\/blog\/wp-content\/uploads\/2026\/01\/deco-cosy-6-333x500.png 333w, https:\/\/www.cocondedecoration.com\/blog\/wp-content\/uploads\/2026\/01\/deco-cosy-6.png 1000w\" sizes=\"(max-width: 640px) 100vw, 640px\" \/><\/a><figcaption class=\"wp-element-caption\"><a href=\"https:\/\/www.cocondedecoration.com\/blog\/2023\/10\/decoration-cosy-moderne-laine-bouclette\/\" target=\"_blank\" rel=\"noopener\" title=\"\">La laine boucl\u00e9e pour un int\u00e9rieur cosy et \u00e9l\u00e9gant<\/a><\/figcaption><\/figure>\n<\/div>\n\n\n\n<div class=\"wp-block-cb-slide\">\n<figure class=\"wp-block-image size-large\"><a href=\"https:\/\/www.cocondedecoration.com\/blog\/wp-content\/uploads\/2026\/01\/deco-cosy-7.png\"><img loading=\"lazy\" decoding=\"async\" width=\"640\" height=\"960\" src=\"https:\/\/www.cocondedecoration.com\/blog\/wp-content\/uploads\/2026\/01\/deco-cosy-7-640x960.png\" alt=\"d\u00e9co cosy parures de lit pour l'hiver \" class=\"wp-image-87502\" title=\"d\u00e9co cosy parures de lit pour l'hiver \" srcset=\"https:\/\/www.cocondedecoration.com\/blog\/wp-content\/uploads\/2026\/01\/deco-cosy-7-640x960.png 640w, https:\/\/www.cocondedecoration.com\/blog\/wp-content\/uploads\/2026\/01\/deco-cosy-7-260x390.png 260w, https:\/\/www.cocondedecoration.com\/blog\/wp-content\/uploads\/2026\/01\/deco-cosy-7-768x1152.png 768w, https:\/\/www.cocondedecoration.com\/blog\/wp-content\/uploads\/2026\/01\/deco-cosy-7-367x550.png 367w, https:\/\/www.cocondedecoration.com\/blog\/wp-content\/uploads\/2026\/01\/deco-cosy-7-333x500.png 333w, https:\/\/www.cocondedecoration.com\/blog\/wp-content\/uploads\/2026\/01\/deco-cosy-7.png 1000w\" sizes=\"(max-width: 640px) 100vw, 640px\" \/><\/a><figcaption class=\"wp-element-caption\"><a href=\"https:\/\/www.cocondedecoration.com\/blog\/2018\/12\/10-parures-de-lit-pour-lhiver\/\" target=\"_blank\" rel=\"noopener\" title=\"\">Habillez votre lit pour l\u2019hiver<\/a><\/figcaption><\/figure>\n<\/div>\n<\/div>\n\n\n\n<p class=\"has-small-font-size\">Pour plus d'inspirations d\u00e9co au quotidien, rejoignez moi sur <a href=\"https:\/\/pinterest.fr\/cocondedeco\/\" target=\"_blank\" rel=\"noopener\" title=\"\">Pinterest<\/a> et \/ ou sur <a href=\"https:\/\/www.threads.com\/@cocondedeco\" target=\"_blank\" rel=\"noopener\" title=\"\">Threads<\/a>. Et pour recevoir les actu du blog, c'est <a href=\"https:\/\/www.patreon.com\/c\/cocondedeco\" target=\"_blank\" rel=\"noopener\" title=\"\">sur Patreon<\/a> que \u00e7a se passe. <\/p>\n\n\n\n<hr class=\"wp-block-separator has-css-opacity is-style-wide\"\/>\n\n\n\n<div class=\"wp-block-columns has-2-columns is-layout-flex wp-container-core-columns-layout-1 wp-block-columns-is-layout-flex\">\n<div class=\"wp-block-column is-layout-flow wp-block-column-is-layout-flow\">\n<p class=\"has-text-align-center has-medium-font-size\">Plus d'id\u00e9es d\u00e9co pour votre int\u00e9rieur<\/p>\n\n\n<ul class=\"wp-block-latest-posts__list wp-block-latest-posts\"><li><a class=\"wp-block-latest-posts__post-title\" href=\"https:\/\/www.cocondedecoration.com\/blog\/2026\/02\/fleurs-saint-valentin\/\">Quelles fleurs de saison offrir pour la Saint Valentin?<\/a><\/li>\n<li><a class=\"wp-block-latest-posts__post-title\" href=\"https:\/\/www.cocondedecoration.com\/blog\/2026\/01\/cheminee-electrique\/\">Chemin\u00e9e \u00e9lectrique : le confort du feu sans les contraintes<\/a><\/li>\n<li><a class=\"wp-block-latest-posts__post-title\" href=\"https:\/\/www.cocondedecoration.com\/blog\/2025\/08\/deco-scandinave-et-maximaliste\/\">Est-il possible de mixer ambiance scandinave et style maximaliste?<\/a><\/li>\n<li><a class=\"wp-block-latest-posts__post-title\" href=\"https:\/\/www.cocondedecoration.com\/blog\/2025\/07\/definition-style-scandifornia\/\">3 minutes pour comprendre ce qu&rsquo;est le style Scandifornia<\/a><\/li>\n<li><a class=\"wp-block-latest-posts__post-title\" href=\"https:\/\/www.cocondedecoration.com\/blog\/2025\/05\/style-scandinave-minimaliste\/\">Mixer minimalisme et style scandinave sans cr\u00e9er un d\u00e9cor impersonnel et froid<\/a><\/li>\n<li><a class=\"wp-block-latest-posts__post-title\" href=\"https:\/\/www.cocondedecoration.com\/blog\/2024\/12\/decoration-scandinave-couleur\/\">Une touche de couleur pour dynamiser un int\u00e9rieur scandinave<\/a><\/li>\n<li><a class=\"wp-block-latest-posts__post-title\" href=\"https:\/\/www.cocondedecoration.com\/blog\/2024\/01\/chalet-en-a-scandinave-moderne\/\">Un chalet dans un style scandinave o\u00f9 il fait bon se reposer | visite d\u00e9co<\/a><\/li>\n<li><a class=\"wp-block-latest-posts__post-title\" href=\"https:\/\/www.cocondedecoration.com\/blog\/2023\/12\/caracteristique-deco-hygge\/\">8 mani\u00e8res d\u2019adopter le style Hygge chez soi<\/a><\/li>\n<li><a class=\"wp-block-latest-posts__post-title\" href=\"https:\/\/www.cocondedecoration.com\/blog\/2023\/10\/deco-cocooning-pas-cher\/\">Moins de 50\u20ac pour une touche plus cosy chez soi<\/a><\/li>\n<\/ul><\/div>\n\n\n\n<div class=\"wp-block-column is-layout-flow wp-block-column-is-layout-flow\">\n<p class=\"has-text-align-center has-medium-font-size\" style=\"padding-top:var(--wp--preset--spacing--40);padding-bottom:var(--wp--preset--spacing--40)\"><strong>Devenez m\u00e9c\u00e8ne du blog <\/strong><\/p>\n\n\n\n<hr class=\"wp-block-separator has-alpha-channel-opacity is-style-wide\"\/>\n\n\n\n<p style=\"padding-right:var(--wp--preset--spacing--30);padding-left:var(--wp--preset--spacing--30)\">Soutenez mon travail sur le blog et acc\u00e9dez \u00e0 des contreparties exclusives: <\/p>\n\n\n\n<ul style=\"padding-right:var(--wp--preset--spacing--40);padding-left:var(--wp--preset--spacing--40)\">\n<li>Plusieurs centaines d'articles d\u00e9co, lifestyle &amp; voyage r\u00e9serv\u00e9s aux abonn\u00e9\u2022e\u2022s <\/li>\n\n\n\n<li>Toutes les entr\u00e9es de mon side project - mon dictionnaire nomade <\/li>\n\n\n\n<li>Une publicit\u00e9 limit\u00e9e sur les articles Patreon <\/li>\n<\/ul>\n\n\n\n<div class=\"wp-block-buttons is-content-justification-center is-layout-flex wp-container-core-buttons-layout-1 wp-block-buttons-is-layout-flex\">\n<div class=\"wp-block-button\"><a class=\"wp-block-button__link wp-element-button\" href=\"https:\/\/www.patreon.com\/cocondedeco\" target=\"_blank\" rel=\"noreferrer noopener\">Soutenir le blog maintenant<\/a><\/div>\n<\/div>\n<\/div>\n<\/div>\n\n\n<div class=\"wp-block-image\">\n<figure class=\"aligncenter\"><img loading=\"lazy\" decoding=\"async\" width=\"732\" height=\"488\" src=\"http:\/\/www.cocondedecoration.com\/blog\/wp-content\/uploads\/2020\/09\/transformer-interieur-scandinave-en-deco-slow.jpg\" alt=\"transformer interieur scandinave en deco slow\" class=\"wp-image-29845\" srcset=\"https:\/\/www.cocondedecoration.com\/blog\/wp-content\/uploads\/2020\/09\/transformer-interieur-scandinave-en-deco-slow.jpg 732w, https:\/\/www.cocondedecoration.com\/blog\/wp-content\/uploads\/2020\/09\/transformer-interieur-scandinave-en-deco-slow-260x173.jpg 260w, https:\/\/www.cocondedecoration.com\/blog\/wp-content\/uploads\/2020\/09\/transformer-interieur-scandinave-en-deco-slow-640x427.jpg 640w, https:\/\/www.cocondedecoration.com\/blog\/wp-content\/uploads\/2020\/09\/transformer-interieur-scandinave-en-deco-slow-465x310.jpg 465w, https:\/\/www.cocondedecoration.com\/blog\/wp-content\/uploads\/2020\/09\/transformer-interieur-scandinave-en-deco-slow-695x463.jpg 695w\" sizes=\"(max-width: 732px) 100vw, 732px\" \/><figcaption class=\"wp-element-caption\"><a href=\"https:\/\/www.pinterest.ch\/pin\/72339137753217563\/\" target=\"_blank\" rel=\"noreferrer noopener\" aria-label=\"source (opens in a new tab)\">source<\/a><\/figcaption><\/figure><\/div>\n\n<div class=\"wp-block-image\">\n<figure class=\"aligncenter\"><img loading=\"lazy\" decoding=\"async\" width=\"1920\" height=\"1080\" src=\"http:\/\/www.cocondedecoration.com\/blog\/wp-content\/uploads\/2020\/09\/decoration-camaieux-beige-slow.jpeg\" alt=\"ambiance deco slow accessoires camaieux beige\" class=\"wp-image-29752\" srcset=\"https:\/\/www.cocondedecoration.com\/blog\/wp-content\/uploads\/2020\/09\/decoration-camaieux-beige-slow.jpeg 1920w, https:\/\/www.cocondedecoration.com\/blog\/wp-content\/uploads\/2020\/09\/decoration-camaieux-beige-slow-260x146.jpeg 260w, https:\/\/www.cocondedecoration.com\/blog\/wp-content\/uploads\/2020\/09\/decoration-camaieux-beige-slow-768x432.jpeg 768w, https:\/\/www.cocondedecoration.com\/blog\/wp-content\/uploads\/2020\/09\/decoration-camaieux-beige-slow-640x360.jpeg 640w, https:\/\/www.cocondedecoration.com\/blog\/wp-content\/uploads\/2020\/09\/decoration-camaieux-beige-slow-465x262.jpeg 465w, https:\/\/www.cocondedecoration.com\/blog\/wp-content\/uploads\/2020\/09\/decoration-camaieux-beige-slow-695x391.jpeg 695w\" sizes=\"(max-width: 1920px) 100vw, 1920px\" \/><\/figure><\/div>\n\n\n<p class=\"has-small-font-size\">Note: Cet article contient des liens affili\u00e9s. Cela ne change en rien votre utilisation du blog ou des sites partenaires.<br>Article mis \u00e0 jour en d\u00e9cembre 2024<\/p>\n","protected":false},"excerpt":{"rendered":"<p>Les mois pr\u00e9c\u00e9dents, je vous ai d\u00e9j\u00e0 propos\u00e9 ce type d&rsquo;articles. Il \u00e9tait question de transformer une d\u00e9coration scandinave en d\u00e9co Modern Glam ou en d\u00e9co bord de mer. J&rsquo;avoue que je prends beaucoup de plaisir \u00e0 pr\u00e9parer ce type d&rsquo;articles autour des \u00e9volutions de la tendance scandinave. C&rsquo;est un<span class=\"more-link\"><a href=\"https:\/\/www.cocondedecoration.com\/blog\/2020\/09\/comment-transformer-ambiance-scandinave-en-style-slow\/\">Lire la suite<\/a><\/span><\/p>\n","protected":false},"author":1,"featured_media":29845,"comment_status":"open","ping_status":"open","sticky":false,"template":"","format":"standard","meta":{"om_disable_all_campaigns":false,"_monsterinsights_skip_tracking":false,"_monsterinsights_sitenote_active":false,"_monsterinsights_sitenote_note":"","_monsterinsights_sitenote_category":0,"_uf_show_specific_survey":0,"_uf_disable_surveys":false,"footnotes":""},"categories":[9563,10019],"tags":[8865,6983,10726,10727,10720,10729,10719,10694,10693,10692,10700,10697,10695,10696,10598,10703,10721,10705,10706,10716,10718,10717,10713,4070,10728,10702,10704,9573,10722,4000,10725,4002,10710,10709,10708,10699,10701,10698,10723,10724,10714,10715,10711,10712,10707],"aioseo_notices":[],"_links":{"self":[{"href":"https:\/\/www.cocondedecoration.com\/blog\/wp-json\/wp\/v2\/posts\/29751"}],"collection":[{"href":"https:\/\/www.cocondedecoration.com\/blog\/wp-json\/wp\/v2\/posts"}],"about":[{"href":"https:\/\/www.cocondedecoration.com\/blog\/wp-json\/wp\/v2\/types\/post"}],"author":[{"embeddable":true,"href":"https:\/\/www.cocondedecoration.com\/blog\/wp-json\/wp\/v2\/users\/1"}],"replies":[{"embeddable":true,"href":"https:\/\/www.cocondedecoration.com\/blog\/wp-json\/wp\/v2\/comments?post=29751"}],"version-history":[{"count":1,"href":"https:\/\/www.cocondedecoration.com\/blog\/wp-json\/wp\/v2\/posts\/29751\/revisions"}],"predecessor-version":[{"id":80329,"href":"https:\/\/www.cocondedecoration.com\/blog\/wp-json\/wp\/v2\/posts\/29751\/revisions\/80329"}],"wp:featuredmedia":[{"embeddable":true,"href":"https:\/\/www.cocondedecoration.com\/blog\/wp-json\/wp\/v2\/media\/29845"}],"wp:attachment":[{"href":"https:\/\/www.cocondedecoration.com\/blog\/wp-json\/wp\/v2\/media?parent=29751"}],"wp:term":[{"taxonomy":"category","embeddable":true,"href":"https:\/\/www.cocondedecoration.com\/blog\/wp-json\/wp\/v2\/categories?post=29751"},{"taxonomy":"post_tag","embeddable":true,"href":"https:\/\/www.cocondedecoration.com\/blog\/wp-json\/wp\/v2\/tags?post=29751"}],"curies":[{"name":"wp","href":"https:\/\/api.w.org\/{rel}","templated":true}]}}