{"id":29274,"date":"2020-09-10T01:00:09","date_gmt":"2020-09-09T23:00:09","guid":{"rendered":"http:\/\/www.cocondedecoration.com\/blog\/?p=29274"},"modified":"2024-09-11T07:48:06","modified_gmt":"2024-09-11T05:48:06","slug":"couleur-jaune-salon","status":"publish","type":"post","link":"https:\/\/www.cocondedecoration.com\/blog\/2020\/09\/couleur-jaune-salon\/","title":{"rendered":"Du jaune dans le salon | couleur d\u00e9co"},"content":{"rendered":"\n<p>La tendance depuis plusieurs ann\u00e9es est au blanc et m\u00eame si cela tend \u00e0 changer, les couleurs chaudes et franches restent marginales. Pourtant, le jaune est une couleur qui - au quotidien - apporte de la bonne humeur et de la chaleur. Et ce sont des caract\u00e9ristiques int\u00e9ressantes pour la pi\u00e8ce de vie qu'est le salon. Alors, voyons un peu comment int\u00e9grer du jaune dans cette pi\u00e8ce. <\/p>\n\n\n\n<!--more-->\n\n\n\n<div style=\"height:20px\" aria-hidden=\"true\" class=\"wp-block-spacer\"><\/div>\n\n\n\n<div class=\"wp-block-media-text alignwide\"><figure class=\"wp-block-media-text__media\"><img loading=\"lazy\" decoding=\"async\" width=\"640\" height=\"366\" src=\"https:\/\/www.cocondedecoration.com\/blog\/wp-content\/uploads\/2023\/12\/newsletter-patreon-640x366.png\" alt=\"\" class=\"wp-image-70176\" srcset=\"https:\/\/www.cocondedecoration.com\/blog\/wp-content\/uploads\/2023\/12\/newsletter-patreon-640x366.png 640w, https:\/\/www.cocondedecoration.com\/blog\/wp-content\/uploads\/2023\/12\/newsletter-patreon-260x149.png 260w, https:\/\/www.cocondedecoration.com\/blog\/wp-content\/uploads\/2023\/12\/newsletter-patreon-768x439.png 768w, https:\/\/www.cocondedecoration.com\/blog\/wp-content\/uploads\/2023\/12\/newsletter-patreon-465x266.png 465w, https:\/\/www.cocondedecoration.com\/blog\/wp-content\/uploads\/2023\/12\/newsletter-patreon-695x397.png 695w, https:\/\/www.cocondedecoration.com\/blog\/wp-content\/uploads\/2023\/12\/newsletter-patreon.png 1050w\" sizes=\"(max-width: 640px) 100vw, 640px\" \/><\/figure><div class=\"wp-block-media-text__content\">\n<p style=\"text-align:center\"><strong>La newsletter du blog est sur Patreon<\/strong><\/p>\n\n\n\n<p>Devenez membre gratuitement de mon Patron pour lire toutes les newsletters du blog &amp; recevoir une notification quand les prochaines seront en ligne. <\/p>\n\n\n\n<div class=\"wp-block-button aligncenter\"><a class=\"wp-block-button__link\" href=\"https:\/\/www.patreon.com\/cocondedeco\">Acc\u00e9der \u00e0 Patreon gratuitement<\/a><\/div>\n<\/div><\/div>\n\n\n\n<div style=\"height:30px\" aria-hidden=\"true\" class=\"wp-block-spacer\"><\/div>\n\n\n\n<h2 class=\"wp-block-heading\">Du jaune pour le mobilier du salon<\/h2>\n\n\n\n<p>Il y a diff\u00e9rentes mani\u00e8res de cr\u00e9er une nouvelle touche de couleur dans une pi\u00e8ce et je commence cette pr\u00e9sentation par le mobilier. Ce qui est int\u00e9ressant dans cette d\u00e9marche c'est qu'on n'a pas \u00e0 changer l'int\u00e9gralit\u00e9 de sa d\u00e9co et que la touche de couleur prend vite place dans la pi\u00e8ce. C'est aussi une mani\u00e8re de d\u00e9corer avec nuance. Le jaune \u00e9tant une couleur forte  certain(e)s pr\u00e9f\u00e9reront l'utiliser avec parcimonie. <\/p>\n\n\n\n<h3 class=\"wp-block-heading\">Un canap\u00e9 jaune dans le salon<\/h3>\n\n\n\n<p>Le canap\u00e9 est le coeur de votre salon. M\u00eame si les mod\u00e8les les plus fr\u00e9quents sont de couleurs neutres, il est tout de m\u00eame possible de trouver un canap\u00e9 color\u00e9 voire un canap\u00e9 jaune. C'est un choix audacieux. C'est aussi une invitation  \u00e0 la convivialit\u00e9. Dans un salon familial, le <a href=\"https:\/\/www.cocondedecoration.com\/blog\/2018\/05\/10-canapes-pour-un-petit-salon\/\" target=\"_blank\" rel=\"noopener\" title=\"\">canap\u00e9<\/a> jaune a tout \u00e0 fait sa place tout comme dans un studio d'\u00e9tudiant plus moderne. <\/p>\n\n\n\n<p>D'ailleurs, petite parenth\u00e8se sur <a href=\"https:\/\/www.cocondedecoration.com\/blog\/category\/petit-logement-amenagement-decoration\/petit-logement-mobilier\/\" target=\"_blank\" rel=\"noopener\" title=\"\">les petits logements<\/a>: un canap\u00e9 color\u00e9 est un plus pour votre d\u00e9co. Il vous permettra de d\u00e9corer sans avoir \u00e0 encombrer outre mesure. Comme dans les petits appartements, chaque m\u00e8tres carr\u00e9s doit \u00eatre penser minutieusement, le canap\u00e9 color\u00e9 est un atout qui doit \u00eatre envisag\u00e9. <\/p>\n\n\n\n<h3 class=\"wp-block-heading\">Du jaune sur les fauteuil, de la couleur en petite touche<\/h3>\n\n\n\n<p>Les fauteuils, on les trouve g\u00e9n\u00e9ralement dans le salon mais ils peuvent aussi avoir leur place dans la chambre ou encore dans la salle \u00e0 manger (et dans ce cas, on aura un fauteuil aux lignes un peu plus discr\u00e8tes). Choisir des <a href=\"https:\/\/www.cocondedecoration.com\/blog\/2021\/02\/ou-trouver-fauteuil-pas-cher\/\" target=\"_blank\" rel=\"noopener\" title=\"\">fauteuils<\/a> de couleur permet de faire un rappel d'une couleur existante. C'est aussi une bonne mani\u00e8re pour apporter un peu de vitalit\u00e9 et de dynamisme \u00e0 votre pi\u00e8ce, surtout quand on part sur du jaune. <\/p>\n\n\n\n<h3 class=\"wp-block-heading\">Repeindre un meuble en jaune <\/h3>\n\n\n\n<p>Autre solution qui s'offre \u00e0 vous pour mettre du jaune dans votre int\u00e9rieur: la peinture. Si vous avez un meuble qui a besoin d'\u00eatre rafra\u00eechi pourquoi pas envisager une couleur forte qui le mettra en valeur. Vous aurez un choix infini dans les nuances de peinture. Du jaune moutarde ou de l'ocre pour une touche naturelle et intense. Du jaune fluo ou du jaune franc pour une d\u00e9coration moderne et jeune. Un pastel pour un int\u00e9rieur scandinave ou r\u00e9tro. Le jaune sur le mobilier sera un clin d'oeil \u00e0 votre personnalit\u00e9 p\u00e9tillante et pleine de vie. <\/p>\n\n\n\n<figure class=\"wp-block-gallery has-nested-images columns-default is-cropped wp-block-gallery-1 is-layout-flex wp-block-gallery-is-layout-flex\">\n<figure class=\"wp-block-image size-large\"><a href=\"https:\/\/www.cocondedecoration.com\/blog\/wp-content\/uploads\/2024\/09\/decoration-salon-couleur-jaune.001.jpeg\"><img loading=\"lazy\" decoding=\"async\" width=\"640\" height=\"960\" data-id=\"77628\" src=\"https:\/\/www.cocondedecoration.com\/blog\/wp-content\/uploads\/2024\/09\/decoration-salon-couleur-jaune.001-640x960.jpeg\" alt=\"d\u00e9co salon moderne mur jaune petite banquette tableau impression v\u00e9g\u00e9tale \" class=\"wp-image-77628\" title=\"d\u00e9co salon moderne mur jaune petite banquette tableau impression v\u00e9g\u00e9tale \" srcset=\"https:\/\/www.cocondedecoration.com\/blog\/wp-content\/uploads\/2024\/09\/decoration-salon-couleur-jaune.001-640x960.jpeg 640w, https:\/\/www.cocondedecoration.com\/blog\/wp-content\/uploads\/2024\/09\/decoration-salon-couleur-jaune.001-260x390.jpeg 260w, https:\/\/www.cocondedecoration.com\/blog\/wp-content\/uploads\/2024\/09\/decoration-salon-couleur-jaune.001-768x1152.jpeg 768w, https:\/\/www.cocondedecoration.com\/blog\/wp-content\/uploads\/2024\/09\/decoration-salon-couleur-jaune.001-367x550.jpeg 367w, https:\/\/www.cocondedecoration.com\/blog\/wp-content\/uploads\/2024\/09\/decoration-salon-couleur-jaune.001-333x500.jpeg 333w, https:\/\/www.cocondedecoration.com\/blog\/wp-content\/uploads\/2024\/09\/decoration-salon-couleur-jaune.001.jpeg 1000w\" sizes=\"(max-width: 640px) 100vw, 640px\" \/><\/a><figcaption class=\"wp-element-caption\">hgtv.com<\/figcaption><\/figure>\n\n\n\n<figure class=\"wp-block-image size-large\"><a href=\"https:\/\/www.cocondedecoration.com\/blog\/wp-content\/uploads\/2024\/09\/decoration-salon-couleur-jaune.002.jpeg\"><img loading=\"lazy\" decoding=\"async\" width=\"640\" height=\"960\" data-id=\"77627\" src=\"https:\/\/www.cocondedecoration.com\/blog\/wp-content\/uploads\/2024\/09\/decoration-salon-couleur-jaune.002-640x960.jpeg\" alt=\"salon s\u00e9jour meuble mid century modern biblioth\u00e8que meuble TV fauteuil couleur jaune \" class=\"wp-image-77627\" title=\"salon s\u00e9jour meuble mid century modern biblioth\u00e8que meuble TV fauteuil couleur jaune \" srcset=\"https:\/\/www.cocondedecoration.com\/blog\/wp-content\/uploads\/2024\/09\/decoration-salon-couleur-jaune.002-640x960.jpeg 640w, https:\/\/www.cocondedecoration.com\/blog\/wp-content\/uploads\/2024\/09\/decoration-salon-couleur-jaune.002-260x390.jpeg 260w, https:\/\/www.cocondedecoration.com\/blog\/wp-content\/uploads\/2024\/09\/decoration-salon-couleur-jaune.002-768x1152.jpeg 768w, https:\/\/www.cocondedecoration.com\/blog\/wp-content\/uploads\/2024\/09\/decoration-salon-couleur-jaune.002-367x550.jpeg 367w, https:\/\/www.cocondedecoration.com\/blog\/wp-content\/uploads\/2024\/09\/decoration-salon-couleur-jaune.002-333x500.jpeg 333w, https:\/\/www.cocondedecoration.com\/blog\/wp-content\/uploads\/2024\/09\/decoration-salon-couleur-jaune.002.jpeg 1000w\" sizes=\"(max-width: 640px) 100vw, 640px\" \/><\/a><figcaption class=\"wp-element-caption\">curatedinterior.com<\/figcaption><\/figure>\n\n\n\n<figure class=\"wp-block-image size-large\"><a href=\"https:\/\/www.cocondedecoration.com\/blog\/wp-content\/uploads\/2024\/09\/decoration-salon-couleur-jaune.003.jpeg\"><img loading=\"lazy\" decoding=\"async\" width=\"640\" height=\"960\" data-id=\"77629\" src=\"https:\/\/www.cocondedecoration.com\/blog\/wp-content\/uploads\/2024\/09\/decoration-salon-couleur-jaune.003-640x960.jpeg\" alt=\"salon s\u00e9jour color\u00e9 mur bleu canap\u00e9 jaune tapis motif feuillage \" class=\"wp-image-77629\" title=\"salon s\u00e9jour color\u00e9 mur bleu canap\u00e9 jaune tapis motif feuillage \" srcset=\"https:\/\/www.cocondedecoration.com\/blog\/wp-content\/uploads\/2024\/09\/decoration-salon-couleur-jaune.003-640x960.jpeg 640w, https:\/\/www.cocondedecoration.com\/blog\/wp-content\/uploads\/2024\/09\/decoration-salon-couleur-jaune.003-260x390.jpeg 260w, https:\/\/www.cocondedecoration.com\/blog\/wp-content\/uploads\/2024\/09\/decoration-salon-couleur-jaune.003-768x1152.jpeg 768w, https:\/\/www.cocondedecoration.com\/blog\/wp-content\/uploads\/2024\/09\/decoration-salon-couleur-jaune.003-367x550.jpeg 367w, https:\/\/www.cocondedecoration.com\/blog\/wp-content\/uploads\/2024\/09\/decoration-salon-couleur-jaune.003-333x500.jpeg 333w, https:\/\/www.cocondedecoration.com\/blog\/wp-content\/uploads\/2024\/09\/decoration-salon-couleur-jaune.003.jpeg 1000w\" sizes=\"(max-width: 640px) 100vw, 640px\" \/><\/a><figcaption class=\"wp-element-caption\">homedecorbliss.com<\/figcaption><\/figure>\n<\/figure>\n\n\n\n<h2 class=\"wp-block-heading\">Du jaune sur les murs du salon <\/h2>\n\n\n\n<p>Plus classique et plus attendu, on peut envisager de choisir le jaune pour les murs du salon. Je ne vous conseille pas n\u00e9cessairement de repeindre tous les murs du salon en une seule nuance de jaune, cela pourrait \u00eatre vite lassant. Il y a d'autres mani\u00e8res d'utiliser cette couleur dans la pi\u00e8ce de vie. <\/p>\n\n\n\n<h3 class=\"wp-block-heading\">Une touche de jaune sous la forme de papier peint <\/h3>\n\n\n\n<p>On peut penser au <a href=\"https:\/\/www.cocondedecoration.com\/blog\/2024\/08\/papier-peint-graphique-wellpapers\/\" target=\"_blank\" rel=\"noopener\" title=\"\">papier peint<\/a>. Ce qui est int\u00e9ressant, c'est que le jaune sera g\u00e9n\u00e9ralement associ\u00e9 \u00e0 un motif qui va nuancer la couleur. On peut penser \u00e0 un papier peint jaune avec des motifs g\u00e9om\u00e9triques pour un int\u00e9rieur moderne et jeune. On peut penser \u00e0 un papier peint avec des motifs baroques pour une d\u00e9co plus classique mais \u00e9tonnante (le motif baroque n'est g\u00e9n\u00e9ralement pas associ\u00e9 \u00e0 du jaune!). Enfin on peut aussi trouver des papiers peints aux motifs art d\u00e9co. La rigueur du motif att\u00e9nuera \"la folie\" ou l'extravagance du jaune. <\/p>\n\n\n\n<h3 class=\"wp-block-heading\">Associer peinture jaune et soubassement <\/h3>\n\n\n\n<p>Si le jaune en grande quantit\u00e9 vous fait un peu peur pour d\u00e9corer le salon et que vous pr\u00e9f\u00e9rez la peinture au papier peint, pourquoi ne pas choisir une double couleur pour les murs de votre pi\u00e8ce de vie? Les <a href=\"https:\/\/www.cocondedecoration.com\/blog\/2021\/07\/choix-couleur-soubassement-mur\/\" target=\"_blank\" rel=\"noopener\" title=\"\">soubassements<\/a> permettent de nuancer des couleurs un peu trop fortes. Dans ce cas, 2 choix s'offrent \u00e0 vous: Soit vous choisissez le jaune comme couleur de soubassement, soit le jaune colorera la partie sup\u00e9rieure de votre mur. A vous de choisir. Pour cela, gardez \u00e0 l'esprit que votre rev\u00eatement mural mettre en \u00e9vidence le mobilier qui se trouvera devant et demandez-vous ce qui vous plaira le plus. <\/p>\n\n\n\n<h3 class=\"wp-block-heading\">Mettre en valeur les boiseries du salon avec une pointe de jaune <\/h3>\n\n\n\n<p>Dernier point pour mettre du jaune dans le salon, c'est une solution plus audacieuse que tout le monde n'osera pas mettre en place: peindre des d\u00e9tails de votre pi\u00e8ce de vie pour les mettre en valeur. G\u00e9n\u00e9ralement ces d\u00e9tails sont peints de la m\u00eame couleur que le mur pour les rendre invisibles. <\/p>\n\n\n\n<p>Ici la d\u00e9marche est inverse. On les met en jaune pour les mettre en valeur. Un peu comme quand on surligne un document avec du jaune fluo, sauf qu'il n'est pas question de mettre des mots en valeur dans le salon, ce sera plus les moulures, les encadrements de portes et de fen\u00eatres, les <a href=\"https:\/\/www.cocondedecoration.com\/blog\/2022\/12\/comment-peindre-radiateur\/\" target=\"_blank\" rel=\"noopener\" title=\"\">radiateurs<\/a>, les plinthes... Tout ce qu'on aurait tendance \u00e0 faire disparaitre, on peut le mettre en valeur avec du jaune.<\/p>\n\n\n\n<h2 class=\"wp-block-heading\">Inspiration d\u00e9co - un salon jaune <\/h2>\n\n\n\n<figure class=\"wp-block-gallery has-nested-images columns-default is-cropped wp-block-gallery-2 is-layout-flex wp-block-gallery-is-layout-flex\">\n<figure class=\"wp-block-image size-large\"><a href=\"https:\/\/www.cocondedecoration.com\/blog\/wp-content\/uploads\/2024\/09\/decoration-salon-couleur-jaune.004.jpeg\"><img loading=\"lazy\" decoding=\"async\" width=\"640\" height=\"960\" data-id=\"77631\" src=\"https:\/\/www.cocondedecoration.com\/blog\/wp-content\/uploads\/2024\/09\/decoration-salon-couleur-jaune.004-640x960.jpeg\" alt=\"d\u00e9coration de salon couleur jaune et bleu exemple petit plateau fleurs et vase table basse \" class=\"wp-image-77631\" title=\"d\u00e9coration de salon couleur jaune et bleu exemple petit plateau fleurs et vase table basse \" srcset=\"https:\/\/www.cocondedecoration.com\/blog\/wp-content\/uploads\/2024\/09\/decoration-salon-couleur-jaune.004-640x960.jpeg 640w, https:\/\/www.cocondedecoration.com\/blog\/wp-content\/uploads\/2024\/09\/decoration-salon-couleur-jaune.004-260x390.jpeg 260w, https:\/\/www.cocondedecoration.com\/blog\/wp-content\/uploads\/2024\/09\/decoration-salon-couleur-jaune.004-768x1152.jpeg 768w, https:\/\/www.cocondedecoration.com\/blog\/wp-content\/uploads\/2024\/09\/decoration-salon-couleur-jaune.004-367x550.jpeg 367w, https:\/\/www.cocondedecoration.com\/blog\/wp-content\/uploads\/2024\/09\/decoration-salon-couleur-jaune.004-333x500.jpeg 333w, https:\/\/www.cocondedecoration.com\/blog\/wp-content\/uploads\/2024\/09\/decoration-salon-couleur-jaune.004.jpeg 1000w\" sizes=\"(max-width: 640px) 100vw, 640px\" \/><\/a><figcaption class=\"wp-element-caption\">maisonlyinteriordesign.com<\/figcaption><\/figure>\n\n\n\n<figure class=\"wp-block-image size-large\"><a href=\"https:\/\/www.cocondedecoration.com\/blog\/wp-content\/uploads\/2024\/09\/decoration-salon-couleur-jaune.005.jpeg\"><img loading=\"lazy\" decoding=\"async\" width=\"640\" height=\"960\" data-id=\"77641\" src=\"https:\/\/www.cocondedecoration.com\/blog\/wp-content\/uploads\/2024\/09\/decoration-salon-couleur-jaune.005-640x960.jpeg\" alt=\"d\u00e9coration salon moderne mur gris canap\u00e9 jaune en velours galerie murale \" class=\"wp-image-77641\" title=\"d\u00e9coration salon moderne mur gris canap\u00e9 jaune en velours galerie murale \" srcset=\"https:\/\/www.cocondedecoration.com\/blog\/wp-content\/uploads\/2024\/09\/decoration-salon-couleur-jaune.005-640x960.jpeg 640w, https:\/\/www.cocondedecoration.com\/blog\/wp-content\/uploads\/2024\/09\/decoration-salon-couleur-jaune.005-260x390.jpeg 260w, https:\/\/www.cocondedecoration.com\/blog\/wp-content\/uploads\/2024\/09\/decoration-salon-couleur-jaune.005-768x1152.jpeg 768w, https:\/\/www.cocondedecoration.com\/blog\/wp-content\/uploads\/2024\/09\/decoration-salon-couleur-jaune.005-367x550.jpeg 367w, https:\/\/www.cocondedecoration.com\/blog\/wp-content\/uploads\/2024\/09\/decoration-salon-couleur-jaune.005-333x500.jpeg 333w, https:\/\/www.cocondedecoration.com\/blog\/wp-content\/uploads\/2024\/09\/decoration-salon-couleur-jaune.005.jpeg 1000w\" sizes=\"(max-width: 640px) 100vw, 640px\" \/><\/a><figcaption class=\"wp-element-caption\">Giovanna via Pinterest<\/figcaption><\/figure>\n\n\n\n<figure class=\"wp-block-image size-large\"><a href=\"https:\/\/www.cocondedecoration.com\/blog\/wp-content\/uploads\/2024\/09\/decoration-salon-couleur-jaune.006-1.jpeg\"><img loading=\"lazy\" decoding=\"async\" width=\"640\" height=\"960\" data-id=\"77642\" src=\"https:\/\/www.cocondedecoration.com\/blog\/wp-content\/uploads\/2024\/09\/decoration-salon-couleur-jaune.006-1-640x960.jpeg\" alt=\"salon moderne appartement peinture mur blanc canap\u00e9 jaune galerie murale cadres affiches lampadaire \" class=\"wp-image-77642\" title=\"salon moderne appartement peinture mur blanc canap\u00e9 jaune galerie murale cadres affiches lampadaire \" srcset=\"https:\/\/www.cocondedecoration.com\/blog\/wp-content\/uploads\/2024\/09\/decoration-salon-couleur-jaune.006-1-640x960.jpeg 640w, https:\/\/www.cocondedecoration.com\/blog\/wp-content\/uploads\/2024\/09\/decoration-salon-couleur-jaune.006-1-260x390.jpeg 260w, https:\/\/www.cocondedecoration.com\/blog\/wp-content\/uploads\/2024\/09\/decoration-salon-couleur-jaune.006-1-768x1152.jpeg 768w, https:\/\/www.cocondedecoration.com\/blog\/wp-content\/uploads\/2024\/09\/decoration-salon-couleur-jaune.006-1-367x550.jpeg 367w, https:\/\/www.cocondedecoration.com\/blog\/wp-content\/uploads\/2024\/09\/decoration-salon-couleur-jaune.006-1-333x500.jpeg 333w, https:\/\/www.cocondedecoration.com\/blog\/wp-content\/uploads\/2024\/09\/decoration-salon-couleur-jaune.006-1.jpeg 1000w\" sizes=\"(max-width: 640px) 100vw, 640px\" \/><\/a><figcaption class=\"wp-element-caption\">natali \u043f\u0440\u043e via Pinterest<\/figcaption><\/figure>\n\n\n\n<figure class=\"wp-block-image size-large\"><a href=\"https:\/\/www.cocondedecoration.com\/blog\/wp-content\/uploads\/2024\/09\/decoration-salon-couleur-jaune.007.jpeg\"><img loading=\"lazy\" decoding=\"async\" width=\"640\" height=\"960\" data-id=\"77635\" src=\"https:\/\/www.cocondedecoration.com\/blog\/wp-content\/uploads\/2024\/09\/decoration-salon-couleur-jaune.007-640x960.jpeg\" alt=\"salon color\u00e9 exemple mur bleu canard canap\u00e9 et rideau jaune affiches encadr\u00e9es abstraite chic et \u00e9l\u00e9gant tapis multicolore \" class=\"wp-image-77635\" title=\"salon color\u00e9 exemple mur bleu canard canap\u00e9 et rideau jaune affiches encadr\u00e9es abstraite chic et \u00e9l\u00e9gant tapis multicolore \" srcset=\"https:\/\/www.cocondedecoration.com\/blog\/wp-content\/uploads\/2024\/09\/decoration-salon-couleur-jaune.007-640x960.jpeg 640w, https:\/\/www.cocondedecoration.com\/blog\/wp-content\/uploads\/2024\/09\/decoration-salon-couleur-jaune.007-260x390.jpeg 260w, https:\/\/www.cocondedecoration.com\/blog\/wp-content\/uploads\/2024\/09\/decoration-salon-couleur-jaune.007-768x1152.jpeg 768w, https:\/\/www.cocondedecoration.com\/blog\/wp-content\/uploads\/2024\/09\/decoration-salon-couleur-jaune.007-367x550.jpeg 367w, https:\/\/www.cocondedecoration.com\/blog\/wp-content\/uploads\/2024\/09\/decoration-salon-couleur-jaune.007-333x500.jpeg 333w, https:\/\/www.cocondedecoration.com\/blog\/wp-content\/uploads\/2024\/09\/decoration-salon-couleur-jaune.007.jpeg 1000w\" sizes=\"(max-width: 640px) 100vw, 640px\" \/><\/a><figcaption class=\"wp-element-caption\">homiso.co<\/figcaption><\/figure>\n\n\n\n<figure class=\"wp-block-image size-large\"><a href=\"https:\/\/www.cocondedecoration.com\/blog\/wp-content\/uploads\/2024\/09\/decoration-salon-couleur-jaune.008.jpeg\"><img loading=\"lazy\" decoding=\"async\" width=\"640\" height=\"960\" data-id=\"77630\" src=\"https:\/\/www.cocondedecoration.com\/blog\/wp-content\/uploads\/2024\/09\/decoration-salon-couleur-jaune.008-640x960.jpeg\" alt=\"peinture murale couleur jaune pour le salon meuble en bois clair chaise design lampe \u00e0 poser sur le buffet t\u00e9l\u00e9phone vintage \" class=\"wp-image-77630\" title=\"peinture murale couleur jaune pour le salon meuble en bois clair chaise design lampe \u00e0 poser sur le buffet t\u00e9l\u00e9phone vintage \" srcset=\"https:\/\/www.cocondedecoration.com\/blog\/wp-content\/uploads\/2024\/09\/decoration-salon-couleur-jaune.008-640x960.jpeg 640w, https:\/\/www.cocondedecoration.com\/blog\/wp-content\/uploads\/2024\/09\/decoration-salon-couleur-jaune.008-260x390.jpeg 260w, https:\/\/www.cocondedecoration.com\/blog\/wp-content\/uploads\/2024\/09\/decoration-salon-couleur-jaune.008-768x1152.jpeg 768w, https:\/\/www.cocondedecoration.com\/blog\/wp-content\/uploads\/2024\/09\/decoration-salon-couleur-jaune.008-367x550.jpeg 367w, https:\/\/www.cocondedecoration.com\/blog\/wp-content\/uploads\/2024\/09\/decoration-salon-couleur-jaune.008-333x500.jpeg 333w, https:\/\/www.cocondedecoration.com\/blog\/wp-content\/uploads\/2024\/09\/decoration-salon-couleur-jaune.008.jpeg 1000w\" sizes=\"(max-width: 640px) 100vw, 640px\" \/><\/a><figcaption class=\"wp-element-caption\">littlegreene.fr<\/figcaption><\/figure>\n\n\n\n<figure class=\"wp-block-image size-large\"><a href=\"https:\/\/www.cocondedecoration.com\/blog\/wp-content\/uploads\/2024\/09\/decoration-salon-couleur-jaune.009.jpeg\"><img loading=\"lazy\" decoding=\"async\" width=\"640\" height=\"960\" data-id=\"77633\" src=\"https:\/\/www.cocondedecoration.com\/blog\/wp-content\/uploads\/2024\/09\/decoration-salon-couleur-jaune.009-640x960.jpeg\" alt=\"accessoire d\u00e9coratif pour le salon couleur jaune moutarde rideau coussin canap\u00e9 gris mur blanc \" class=\"wp-image-77633\" title=\"accessoire d\u00e9coratif pour le salon couleur jaune moutarde rideau coussin canap\u00e9 gris mur blanc \" srcset=\"https:\/\/www.cocondedecoration.com\/blog\/wp-content\/uploads\/2024\/09\/decoration-salon-couleur-jaune.009-640x960.jpeg 640w, https:\/\/www.cocondedecoration.com\/blog\/wp-content\/uploads\/2024\/09\/decoration-salon-couleur-jaune.009-260x390.jpeg 260w, https:\/\/www.cocondedecoration.com\/blog\/wp-content\/uploads\/2024\/09\/decoration-salon-couleur-jaune.009-768x1152.jpeg 768w, https:\/\/www.cocondedecoration.com\/blog\/wp-content\/uploads\/2024\/09\/decoration-salon-couleur-jaune.009-367x550.jpeg 367w, https:\/\/www.cocondedecoration.com\/blog\/wp-content\/uploads\/2024\/09\/decoration-salon-couleur-jaune.009-333x500.jpeg 333w, https:\/\/www.cocondedecoration.com\/blog\/wp-content\/uploads\/2024\/09\/decoration-salon-couleur-jaune.009.jpeg 1000w\" sizes=\"(max-width: 640px) 100vw, 640px\" \/><\/a><figcaption class=\"wp-element-caption\">dunelm.com<\/figcaption><\/figure>\n\n\n\n<figure class=\"wp-block-image size-large\"><a href=\"https:\/\/www.cocondedecoration.com\/blog\/wp-content\/uploads\/2024\/09\/decoration-salon-couleur-jaune.010.jpeg\"><img loading=\"lazy\" decoding=\"async\" width=\"640\" height=\"960\" data-id=\"77634\" src=\"https:\/\/www.cocondedecoration.com\/blog\/wp-content\/uploads\/2024\/09\/decoration-salon-couleur-jaune.010-640x960.jpeg\" alt=\"d\u00e9coration salon s\u00e9joir \u00e9l\u00e9gant soubassement avec moulure peinture jaune tableau affiche v\u00e9g\u00e9tale canap\u00e9 velours coussins vert association de couleurs \" class=\"wp-image-77634\" title=\"d\u00e9coration salon s\u00e9joir \u00e9l\u00e9gant soubassement avec moulure peinture jaune tableau affiche v\u00e9g\u00e9tale canap\u00e9 velours coussins vert association de couleurs \" srcset=\"https:\/\/www.cocondedecoration.com\/blog\/wp-content\/uploads\/2024\/09\/decoration-salon-couleur-jaune.010-640x960.jpeg 640w, https:\/\/www.cocondedecoration.com\/blog\/wp-content\/uploads\/2024\/09\/decoration-salon-couleur-jaune.010-260x390.jpeg 260w, https:\/\/www.cocondedecoration.com\/blog\/wp-content\/uploads\/2024\/09\/decoration-salon-couleur-jaune.010-768x1152.jpeg 768w, https:\/\/www.cocondedecoration.com\/blog\/wp-content\/uploads\/2024\/09\/decoration-salon-couleur-jaune.010-367x550.jpeg 367w, https:\/\/www.cocondedecoration.com\/blog\/wp-content\/uploads\/2024\/09\/decoration-salon-couleur-jaune.010-333x500.jpeg 333w, https:\/\/www.cocondedecoration.com\/blog\/wp-content\/uploads\/2024\/09\/decoration-salon-couleur-jaune.010.jpeg 1000w\" sizes=\"(max-width: 640px) 100vw, 640px\" \/><\/a><figcaption class=\"wp-element-caption\">interiorthemes.com<\/figcaption><\/figure>\n\n\n\n<figure class=\"wp-block-image size-large\"><a href=\"https:\/\/www.cocondedecoration.com\/blog\/wp-content\/uploads\/2024\/09\/decoration-salon-couleur-jaune.011.jpeg\"><img loading=\"lazy\" decoding=\"async\" width=\"640\" height=\"960\" data-id=\"77637\" src=\"https:\/\/www.cocondedecoration.com\/blog\/wp-content\/uploads\/2024\/09\/decoration-salon-couleur-jaune.011-640x960.jpeg\" alt=\"d\u00e9coration de salon tendance canap\u00e9 jaune en velours peinture plafond vague violette et blanche tapis quadrill\u00e9 \" class=\"wp-image-77637\" title=\"d\u00e9coration de salon tendance canap\u00e9 jaune en velours peinture plafond vague violette et blanche tapis quadrill\u00e9 \" srcset=\"https:\/\/www.cocondedecoration.com\/blog\/wp-content\/uploads\/2024\/09\/decoration-salon-couleur-jaune.011-640x960.jpeg 640w, https:\/\/www.cocondedecoration.com\/blog\/wp-content\/uploads\/2024\/09\/decoration-salon-couleur-jaune.011-260x390.jpeg 260w, https:\/\/www.cocondedecoration.com\/blog\/wp-content\/uploads\/2024\/09\/decoration-salon-couleur-jaune.011-768x1152.jpeg 768w, https:\/\/www.cocondedecoration.com\/blog\/wp-content\/uploads\/2024\/09\/decoration-salon-couleur-jaune.011-367x550.jpeg 367w, https:\/\/www.cocondedecoration.com\/blog\/wp-content\/uploads\/2024\/09\/decoration-salon-couleur-jaune.011-333x500.jpeg 333w, https:\/\/www.cocondedecoration.com\/blog\/wp-content\/uploads\/2024\/09\/decoration-salon-couleur-jaune.011.jpeg 1000w\" sizes=\"(max-width: 640px) 100vw, 640px\" \/><\/a><figcaption class=\"wp-element-caption\">sleek-chic.co.uk<\/figcaption><\/figure>\n\n\n\n<figure class=\"wp-block-image size-large\"><a href=\"https:\/\/www.cocondedecoration.com\/blog\/wp-content\/uploads\/2024\/09\/decoration-salon-couleur-jaune.012.jpeg\"><img loading=\"lazy\" decoding=\"async\" width=\"640\" height=\"960\" data-id=\"77632\" src=\"https:\/\/www.cocondedecoration.com\/blog\/wp-content\/uploads\/2024\/09\/decoration-salon-couleur-jaune.012-640x960.jpeg\" alt=\"salon \u00e9l\u00e9gant peinture murale verte chemin\u00e9e marron glac\u00e9 canap\u00e9 jaune rideaux \" class=\"wp-image-77632\" title=\"salon \u00e9l\u00e9gant peinture murale verte chemin\u00e9e marron glac\u00e9 canap\u00e9 jaune rideaux \" srcset=\"https:\/\/www.cocondedecoration.com\/blog\/wp-content\/uploads\/2024\/09\/decoration-salon-couleur-jaune.012-640x960.jpeg 640w, https:\/\/www.cocondedecoration.com\/blog\/wp-content\/uploads\/2024\/09\/decoration-salon-couleur-jaune.012-260x390.jpeg 260w, https:\/\/www.cocondedecoration.com\/blog\/wp-content\/uploads\/2024\/09\/decoration-salon-couleur-jaune.012-768x1152.jpeg 768w, https:\/\/www.cocondedecoration.com\/blog\/wp-content\/uploads\/2024\/09\/decoration-salon-couleur-jaune.012-367x550.jpeg 367w, https:\/\/www.cocondedecoration.com\/blog\/wp-content\/uploads\/2024\/09\/decoration-salon-couleur-jaune.012-333x500.jpeg 333w, https:\/\/www.cocondedecoration.com\/blog\/wp-content\/uploads\/2024\/09\/decoration-salon-couleur-jaune.012.jpeg 1000w\" sizes=\"(max-width: 640px) 100vw, 640px\" \/><\/a><figcaption class=\"wp-element-caption\">homedecorhero.com<\/figcaption><\/figure>\n\n\n\n<figure class=\"wp-block-image size-large\"><a href=\"https:\/\/www.cocondedecoration.com\/blog\/wp-content\/uploads\/2024\/09\/decoration-salon-couleur-jaune.013.jpeg\"><img loading=\"lazy\" decoding=\"async\" width=\"640\" height=\"960\" data-id=\"77639\" src=\"https:\/\/www.cocondedecoration.com\/blog\/wp-content\/uploads\/2024\/09\/decoration-salon-couleur-jaune.013-640x960.jpeg\" alt=\"association de couleurs salon s\u00e9jour peinture bleu tapis canap\u00e9 jaune ambiance color\u00e9e \" class=\"wp-image-77639\" title=\"association de couleurs salon s\u00e9jour peinture bleu tapis canap\u00e9 jaune ambiance color\u00e9e \" srcset=\"https:\/\/www.cocondedecoration.com\/blog\/wp-content\/uploads\/2024\/09\/decoration-salon-couleur-jaune.013-640x960.jpeg 640w, https:\/\/www.cocondedecoration.com\/blog\/wp-content\/uploads\/2024\/09\/decoration-salon-couleur-jaune.013-260x390.jpeg 260w, https:\/\/www.cocondedecoration.com\/blog\/wp-content\/uploads\/2024\/09\/decoration-salon-couleur-jaune.013-768x1152.jpeg 768w, https:\/\/www.cocondedecoration.com\/blog\/wp-content\/uploads\/2024\/09\/decoration-salon-couleur-jaune.013-367x550.jpeg 367w, https:\/\/www.cocondedecoration.com\/blog\/wp-content\/uploads\/2024\/09\/decoration-salon-couleur-jaune.013-333x500.jpeg 333w, https:\/\/www.cocondedecoration.com\/blog\/wp-content\/uploads\/2024\/09\/decoration-salon-couleur-jaune.013.jpeg 1000w\" sizes=\"(max-width: 640px) 100vw, 640px\" \/><\/a><figcaption class=\"wp-element-caption\">courtneysworld.co<\/figcaption><\/figure>\n\n\n\n<figure class=\"wp-block-image size-large\"><a href=\"https:\/\/www.cocondedecoration.com\/blog\/wp-content\/uploads\/2024\/09\/decoration-salon-couleur-jaune.014.jpeg\"><img loading=\"lazy\" decoding=\"async\" width=\"640\" height=\"960\" data-id=\"77638\" src=\"https:\/\/www.cocondedecoration.com\/blog\/wp-content\/uploads\/2024\/09\/decoration-salon-couleur-jaune.014-640x960.jpeg\" alt=\"salon moderne peinture jaune biblioth\u00e8que blanche fauteuil bleu plantes vertes id\u00e9e d\u00e9coration \" class=\"wp-image-77638\" title=\"salon moderne peinture jaune biblioth\u00e8que blanche fauteuil bleu plantes vertes id\u00e9e d\u00e9coration \" srcset=\"https:\/\/www.cocondedecoration.com\/blog\/wp-content\/uploads\/2024\/09\/decoration-salon-couleur-jaune.014-640x960.jpeg 640w, https:\/\/www.cocondedecoration.com\/blog\/wp-content\/uploads\/2024\/09\/decoration-salon-couleur-jaune.014-260x390.jpeg 260w, https:\/\/www.cocondedecoration.com\/blog\/wp-content\/uploads\/2024\/09\/decoration-salon-couleur-jaune.014-768x1152.jpeg 768w, https:\/\/www.cocondedecoration.com\/blog\/wp-content\/uploads\/2024\/09\/decoration-salon-couleur-jaune.014-367x550.jpeg 367w, https:\/\/www.cocondedecoration.com\/blog\/wp-content\/uploads\/2024\/09\/decoration-salon-couleur-jaune.014-333x500.jpeg 333w, https:\/\/www.cocondedecoration.com\/blog\/wp-content\/uploads\/2024\/09\/decoration-salon-couleur-jaune.014.jpeg 1000w\" sizes=\"(max-width: 640px) 100vw, 640px\" \/><\/a><figcaption class=\"wp-element-caption\">lavorist.com<\/figcaption><\/figure>\n\n\n\n<figure class=\"wp-block-image size-large\"><a href=\"https:\/\/www.cocondedecoration.com\/blog\/wp-content\/uploads\/2024\/09\/decoration-salon-couleur-jaune.015.jpeg\"><img loading=\"lazy\" decoding=\"async\" width=\"640\" height=\"960\" data-id=\"77640\" src=\"https:\/\/www.cocondedecoration.com\/blog\/wp-content\/uploads\/2024\/09\/decoration-salon-couleur-jaune.015-640x960.jpeg\" alt=\"d\u00e9coration salon s\u00e9jour exemple association de couleur jaune gris blanc tapis berb\u00e8re fauteuil color\u00e9 coussins \" class=\"wp-image-77640\" title=\"d\u00e9coration salon s\u00e9jour exemple association de couleur jaune gris blanc tapis berb\u00e8re fauteuil color\u00e9 coussins \" srcset=\"https:\/\/www.cocondedecoration.com\/blog\/wp-content\/uploads\/2024\/09\/decoration-salon-couleur-jaune.015-640x960.jpeg 640w, https:\/\/www.cocondedecoration.com\/blog\/wp-content\/uploads\/2024\/09\/decoration-salon-couleur-jaune.015-260x390.jpeg 260w, https:\/\/www.cocondedecoration.com\/blog\/wp-content\/uploads\/2024\/09\/decoration-salon-couleur-jaune.015-768x1152.jpeg 768w, https:\/\/www.cocondedecoration.com\/blog\/wp-content\/uploads\/2024\/09\/decoration-salon-couleur-jaune.015-367x550.jpeg 367w, https:\/\/www.cocondedecoration.com\/blog\/wp-content\/uploads\/2024\/09\/decoration-salon-couleur-jaune.015-333x500.jpeg 333w, https:\/\/www.cocondedecoration.com\/blog\/wp-content\/uploads\/2024\/09\/decoration-salon-couleur-jaune.015.jpeg 1000w\" sizes=\"(max-width: 640px) 100vw, 640px\" \/><\/a><figcaption class=\"wp-element-caption\">digsdigs.com<\/figcaption><\/figure>\n<\/figure>\n\n\n\n<figure class=\"wp-block-gallery has-nested-images columns-5 is-cropped wp-block-gallery-3 is-layout-flex wp-block-gallery-is-layout-flex\">\n<figure class=\"wp-block-image\"><img loading=\"lazy\" decoding=\"async\" width=\"640\" height=\"853\" data-id=\"29288\" src=\"https:\/\/www.cocondedecoration.com\/blog\/wp-content\/uploads\/2020\/09\/inspiration-deco-de-salon-jaune-1-640x853.jpeg\" alt=\"\" class=\"wp-image-29288\" srcset=\"https:\/\/www.cocondedecoration.com\/blog\/wp-content\/uploads\/2020\/09\/inspiration-deco-de-salon-jaune-1-640x853.jpeg 640w, https:\/\/www.cocondedecoration.com\/blog\/wp-content\/uploads\/2020\/09\/inspiration-deco-de-salon-jaune-1-260x347.jpeg 260w, https:\/\/www.cocondedecoration.com\/blog\/wp-content\/uploads\/2020\/09\/inspiration-deco-de-salon-jaune-1-413x550.jpeg 413w, https:\/\/www.cocondedecoration.com\/blog\/wp-content\/uploads\/2020\/09\/inspiration-deco-de-salon-jaune-1-375x500.jpeg 375w, https:\/\/www.cocondedecoration.com\/blog\/wp-content\/uploads\/2020\/09\/inspiration-deco-de-salon-jaune-1.jpeg 750w\" sizes=\"(max-width: 640px) 100vw, 640px\" \/><\/figure>\n\n\n\n<figure class=\"wp-block-image\"><img loading=\"lazy\" decoding=\"async\" width=\"640\" height=\"853\" data-id=\"29289\" src=\"https:\/\/www.cocondedecoration.com\/blog\/wp-content\/uploads\/2020\/09\/inspiration-deco-de-salon-jaune-2-640x853.jpeg\" alt=\"\" class=\"wp-image-29289\" srcset=\"https:\/\/www.cocondedecoration.com\/blog\/wp-content\/uploads\/2020\/09\/inspiration-deco-de-salon-jaune-2-640x853.jpeg 640w, https:\/\/www.cocondedecoration.com\/blog\/wp-content\/uploads\/2020\/09\/inspiration-deco-de-salon-jaune-2-260x347.jpeg 260w, https:\/\/www.cocondedecoration.com\/blog\/wp-content\/uploads\/2020\/09\/inspiration-deco-de-salon-jaune-2-413x550.jpeg 413w, https:\/\/www.cocondedecoration.com\/blog\/wp-content\/uploads\/2020\/09\/inspiration-deco-de-salon-jaune-2-375x500.jpeg 375w, https:\/\/www.cocondedecoration.com\/blog\/wp-content\/uploads\/2020\/09\/inspiration-deco-de-salon-jaune-2.jpeg 750w\" sizes=\"(max-width: 640px) 100vw, 640px\" \/><\/figure>\n\n\n\n<figure class=\"wp-block-image\"><img loading=\"lazy\" decoding=\"async\" width=\"640\" height=\"853\" data-id=\"29290\" src=\"https:\/\/www.cocondedecoration.com\/blog\/wp-content\/uploads\/2020\/09\/inspiration-deco-de-salon-jaune-3-640x853.jpeg\" alt=\"\" class=\"wp-image-29290\" srcset=\"https:\/\/www.cocondedecoration.com\/blog\/wp-content\/uploads\/2020\/09\/inspiration-deco-de-salon-jaune-3-640x853.jpeg 640w, https:\/\/www.cocondedecoration.com\/blog\/wp-content\/uploads\/2020\/09\/inspiration-deco-de-salon-jaune-3-260x347.jpeg 260w, https:\/\/www.cocondedecoration.com\/blog\/wp-content\/uploads\/2020\/09\/inspiration-deco-de-salon-jaune-3-413x550.jpeg 413w, https:\/\/www.cocondedecoration.com\/blog\/wp-content\/uploads\/2020\/09\/inspiration-deco-de-salon-jaune-3-375x500.jpeg 375w, https:\/\/www.cocondedecoration.com\/blog\/wp-content\/uploads\/2020\/09\/inspiration-deco-de-salon-jaune-3.jpeg 750w\" sizes=\"(max-width: 640px) 100vw, 640px\" \/><\/figure>\n\n\n\n<figure class=\"wp-block-image\"><img loading=\"lazy\" decoding=\"async\" width=\"640\" height=\"853\" data-id=\"29291\" src=\"https:\/\/www.cocondedecoration.com\/blog\/wp-content\/uploads\/2020\/09\/inspiration-deco-de-salon-jaune-4-640x853.jpeg\" alt=\"\" class=\"wp-image-29291\" srcset=\"https:\/\/www.cocondedecoration.com\/blog\/wp-content\/uploads\/2020\/09\/inspiration-deco-de-salon-jaune-4-640x853.jpeg 640w, https:\/\/www.cocondedecoration.com\/blog\/wp-content\/uploads\/2020\/09\/inspiration-deco-de-salon-jaune-4-260x347.jpeg 260w, https:\/\/www.cocondedecoration.com\/blog\/wp-content\/uploads\/2020\/09\/inspiration-deco-de-salon-jaune-4-413x550.jpeg 413w, https:\/\/www.cocondedecoration.com\/blog\/wp-content\/uploads\/2020\/09\/inspiration-deco-de-salon-jaune-4-375x500.jpeg 375w, https:\/\/www.cocondedecoration.com\/blog\/wp-content\/uploads\/2020\/09\/inspiration-deco-de-salon-jaune-4.jpeg 750w\" sizes=\"(max-width: 640px) 100vw, 640px\" \/><\/figure>\n\n\n\n<figure class=\"wp-block-image\"><img loading=\"lazy\" decoding=\"async\" width=\"640\" height=\"853\" data-id=\"29292\" src=\"https:\/\/www.cocondedecoration.com\/blog\/wp-content\/uploads\/2020\/09\/inspiration-deco-de-salon-jaune-5-640x853.jpeg\" alt=\"\" class=\"wp-image-29292\" srcset=\"https:\/\/www.cocondedecoration.com\/blog\/wp-content\/uploads\/2020\/09\/inspiration-deco-de-salon-jaune-5-640x853.jpeg 640w, https:\/\/www.cocondedecoration.com\/blog\/wp-content\/uploads\/2020\/09\/inspiration-deco-de-salon-jaune-5-260x347.jpeg 260w, https:\/\/www.cocondedecoration.com\/blog\/wp-content\/uploads\/2020\/09\/inspiration-deco-de-salon-jaune-5-413x550.jpeg 413w, https:\/\/www.cocondedecoration.com\/blog\/wp-content\/uploads\/2020\/09\/inspiration-deco-de-salon-jaune-5-375x500.jpeg 375w, https:\/\/www.cocondedecoration.com\/blog\/wp-content\/uploads\/2020\/09\/inspiration-deco-de-salon-jaune-5.jpeg 750w\" sizes=\"(max-width: 640px) 100vw, 640px\" \/><\/figure>\n\n\n\n<figure class=\"wp-block-image\"><img loading=\"lazy\" decoding=\"async\" width=\"640\" height=\"853\" data-id=\"29293\" src=\"https:\/\/www.cocondedecoration.com\/blog\/wp-content\/uploads\/2020\/09\/inspiration-deco-de-salon-jaune-6-640x853.jpeg\" alt=\"\" class=\"wp-image-29293\" srcset=\"https:\/\/www.cocondedecoration.com\/blog\/wp-content\/uploads\/2020\/09\/inspiration-deco-de-salon-jaune-6-640x853.jpeg 640w, https:\/\/www.cocondedecoration.com\/blog\/wp-content\/uploads\/2020\/09\/inspiration-deco-de-salon-jaune-6-260x347.jpeg 260w, https:\/\/www.cocondedecoration.com\/blog\/wp-content\/uploads\/2020\/09\/inspiration-deco-de-salon-jaune-6-413x550.jpeg 413w, https:\/\/www.cocondedecoration.com\/blog\/wp-content\/uploads\/2020\/09\/inspiration-deco-de-salon-jaune-6-375x500.jpeg 375w, https:\/\/www.cocondedecoration.com\/blog\/wp-content\/uploads\/2020\/09\/inspiration-deco-de-salon-jaune-6.jpeg 750w\" sizes=\"(max-width: 640px) 100vw, 640px\" \/><\/figure>\n\n\n\n<figure class=\"wp-block-image\"><img loading=\"lazy\" decoding=\"async\" width=\"640\" height=\"853\" data-id=\"29294\" src=\"https:\/\/www.cocondedecoration.com\/blog\/wp-content\/uploads\/2020\/09\/inspiration-deco-de-salon-jaune-7-640x853.jpeg\" alt=\"\" class=\"wp-image-29294\" srcset=\"https:\/\/www.cocondedecoration.com\/blog\/wp-content\/uploads\/2020\/09\/inspiration-deco-de-salon-jaune-7-640x853.jpeg 640w, https:\/\/www.cocondedecoration.com\/blog\/wp-content\/uploads\/2020\/09\/inspiration-deco-de-salon-jaune-7-260x347.jpeg 260w, https:\/\/www.cocondedecoration.com\/blog\/wp-content\/uploads\/2020\/09\/inspiration-deco-de-salon-jaune-7-413x550.jpeg 413w, https:\/\/www.cocondedecoration.com\/blog\/wp-content\/uploads\/2020\/09\/inspiration-deco-de-salon-jaune-7-375x500.jpeg 375w, https:\/\/www.cocondedecoration.com\/blog\/wp-content\/uploads\/2020\/09\/inspiration-deco-de-salon-jaune-7.jpeg 750w\" sizes=\"(max-width: 640px) 100vw, 640px\" \/><\/figure>\n\n\n\n<figure class=\"wp-block-image\"><img loading=\"lazy\" decoding=\"async\" width=\"640\" height=\"853\" data-id=\"29295\" src=\"https:\/\/www.cocondedecoration.com\/blog\/wp-content\/uploads\/2020\/09\/inspiration-deco-de-salon-jaune-8-640x853.jpeg\" alt=\"\" class=\"wp-image-29295\" srcset=\"https:\/\/www.cocondedecoration.com\/blog\/wp-content\/uploads\/2020\/09\/inspiration-deco-de-salon-jaune-8-640x853.jpeg 640w, https:\/\/www.cocondedecoration.com\/blog\/wp-content\/uploads\/2020\/09\/inspiration-deco-de-salon-jaune-8-260x347.jpeg 260w, https:\/\/www.cocondedecoration.com\/blog\/wp-content\/uploads\/2020\/09\/inspiration-deco-de-salon-jaune-8-413x550.jpeg 413w, https:\/\/www.cocondedecoration.com\/blog\/wp-content\/uploads\/2020\/09\/inspiration-deco-de-salon-jaune-8-375x500.jpeg 375w, https:\/\/www.cocondedecoration.com\/blog\/wp-content\/uploads\/2020\/09\/inspiration-deco-de-salon-jaune-8.jpeg 750w\" sizes=\"(max-width: 640px) 100vw, 640px\" \/><\/figure>\n\n\n\n<figure class=\"wp-block-image\"><img loading=\"lazy\" decoding=\"async\" width=\"640\" height=\"853\" data-id=\"29296\" src=\"https:\/\/www.cocondedecoration.com\/blog\/wp-content\/uploads\/2020\/09\/inspiration-deco-de-salon-jaune-9-640x853.jpeg\" alt=\"\" class=\"wp-image-29296\" srcset=\"https:\/\/www.cocondedecoration.com\/blog\/wp-content\/uploads\/2020\/09\/inspiration-deco-de-salon-jaune-9-640x853.jpeg 640w, https:\/\/www.cocondedecoration.com\/blog\/wp-content\/uploads\/2020\/09\/inspiration-deco-de-salon-jaune-9-260x347.jpeg 260w, https:\/\/www.cocondedecoration.com\/blog\/wp-content\/uploads\/2020\/09\/inspiration-deco-de-salon-jaune-9-413x550.jpeg 413w, https:\/\/www.cocondedecoration.com\/blog\/wp-content\/uploads\/2020\/09\/inspiration-deco-de-salon-jaune-9-375x500.jpeg 375w, https:\/\/www.cocondedecoration.com\/blog\/wp-content\/uploads\/2020\/09\/inspiration-deco-de-salon-jaune-9.jpeg 750w\" sizes=\"(max-width: 640px) 100vw, 640px\" \/><\/figure>\n\n\n\n<figure class=\"wp-block-image\"><img loading=\"lazy\" decoding=\"async\" width=\"640\" height=\"853\" data-id=\"29297\" src=\"https:\/\/www.cocondedecoration.com\/blog\/wp-content\/uploads\/2020\/09\/inspiration-deco-de-salon-jaune-10-640x853.jpeg\" alt=\"\" class=\"wp-image-29297\" srcset=\"https:\/\/www.cocondedecoration.com\/blog\/wp-content\/uploads\/2020\/09\/inspiration-deco-de-salon-jaune-10-640x853.jpeg 640w, https:\/\/www.cocondedecoration.com\/blog\/wp-content\/uploads\/2020\/09\/inspiration-deco-de-salon-jaune-10-260x347.jpeg 260w, https:\/\/www.cocondedecoration.com\/blog\/wp-content\/uploads\/2020\/09\/inspiration-deco-de-salon-jaune-10-413x550.jpeg 413w, https:\/\/www.cocondedecoration.com\/blog\/wp-content\/uploads\/2020\/09\/inspiration-deco-de-salon-jaune-10-375x500.jpeg 375w, https:\/\/www.cocondedecoration.com\/blog\/wp-content\/uploads\/2020\/09\/inspiration-deco-de-salon-jaune-10.jpeg 750w\" sizes=\"(max-width: 640px) 100vw, 640px\" \/><\/figure>\n<\/figure>\n\n\n\n<p class=\"has-text-align-center has-small-font-size\"><a rel=\"noreferrer noopener\" aria-label=\"1 (opens in a new tab)\" href=\"https:\/\/www.pinterest.ch\/pin\/652740539731834191\/\" target=\"_blank\">1<\/a> \/ <a rel=\"noreferrer noopener\" aria-label=\"2 (opens in a new tab)\" href=\"https:\/\/www.pinterest.ch\/pin\/669417932103736433\/\" target=\"_blank\">2<\/a> \/ <a rel=\"noreferrer noopener\" aria-label=\"3 (opens in a new tab)\" href=\"https:\/\/www.pinterest.ch\/pin\/42854633942868616\/\" target=\"_blank\">3<\/a> \/ <a rel=\"noreferrer noopener\" aria-label=\"4 (opens in a new tab)\" href=\"https:\/\/www.pinterest.ch\/pin\/225391156335021930\/\" target=\"_blank\">4<\/a> \/ <a rel=\"noreferrer noopener\" aria-label=\"5 (opens in a new tab)\" href=\"https:\/\/www.pinterest.ch\/pin\/36310340730296212\/\" target=\"_blank\">5<\/a> \/ <a rel=\"noreferrer noopener\" aria-label=\"6 (opens in a new tab)\" href=\"https:\/\/www.pinterest.ch\/pin\/525021269060965284\/\" target=\"_blank\">6<\/a> \/ <a rel=\"noreferrer noopener\" aria-label=\"7 (opens in a new tab)\" href=\"https:\/\/www.pinterest.ch\/pin\/24980972922817403\/\" target=\"_blank\">7<\/a> \/ <a rel=\"noreferrer noopener\" aria-label=\"6 (opens in a new tab)\" href=\"https:\/\/www.pinterest.ch\/pin\/357895501638968653\/\" target=\"_blank\">8<\/a> \/ <a rel=\"noreferrer noopener\" aria-label=\"9 (opens in a new tab)\" href=\"https:\/\/www.pinterest.ch\/pin\/207376757811496873\/\" target=\"_blank\">9<\/a> \/ <a rel=\"noreferrer noopener\" aria-label=\"10 (opens in a new tab)\" href=\"https:\/\/www.pinterest.ch\/pin\/509962357806775959\/\" target=\"_blank\">10<\/a><\/p>\n\n\n\n<hr class=\"wp-block-separator has-css-opacity\"\/>\n\n\n\n<h2 class=\"wp-block-heading\">Guides d\u00e9co: meublez et am\u00e9nagez facilement votre salon <\/h2>\n\n\n\n<div class=\"wp-block-cb-carousel\" data-slick=\"{&quot;slidesToShow&quot;:3,&quot;slidesToScroll&quot;:1,&quot;speed&quot;:300,&quot;arrows&quot;:true,&quot;dots&quot;:false,&quot;autoplay&quot;:false,&quot;autoplaySpeed&quot;:3000,&quot;infinite&quot;:true,&quot;responsive&quot;:[{&quot;breakpoint&quot;:769,&quot;settings&quot;:{&quot;slidesToShow&quot;:1,&quot;slidesToScroll&quot;:1}}]}\">\n<div class=\"wp-block-cb-slide\">\n<figure class=\"wp-block-image size-large\"><a href=\"https:\/\/www.cocondedecoration.com\/blog\/wp-content\/uploads\/2025\/11\/guide-deco-meuble-salon-1.png\"><img loading=\"lazy\" decoding=\"async\" width=\"640\" height=\"960\" src=\"https:\/\/www.cocondedecoration.com\/blog\/wp-content\/uploads\/2025\/11\/guide-deco-meuble-salon-1-640x960.png\" alt=\"guide d\u00e9co meuble salon bien choisir petit meuble TV \" class=\"wp-image-86628\" title=\"guide d\u00e9co meuble salon bien choisir petit meuble TV \" srcset=\"https:\/\/www.cocondedecoration.com\/blog\/wp-content\/uploads\/2025\/11\/guide-deco-meuble-salon-1-640x960.png 640w, https:\/\/www.cocondedecoration.com\/blog\/wp-content\/uploads\/2025\/11\/guide-deco-meuble-salon-1-260x390.png 260w, https:\/\/www.cocondedecoration.com\/blog\/wp-content\/uploads\/2025\/11\/guide-deco-meuble-salon-1-768x1152.png 768w, https:\/\/www.cocondedecoration.com\/blog\/wp-content\/uploads\/2025\/11\/guide-deco-meuble-salon-1-367x550.png 367w, https:\/\/www.cocondedecoration.com\/blog\/wp-content\/uploads\/2025\/11\/guide-deco-meuble-salon-1-333x500.png 333w, https:\/\/www.cocondedecoration.com\/blog\/wp-content\/uploads\/2025\/11\/guide-deco-meuble-salon-1.png 1000w\" sizes=\"(max-width: 640px) 100vw, 640px\" \/><\/a><figcaption class=\"wp-element-caption\">O\u00f9 trouver un petit meuble t\u00e9l\u00e9? > <a href=\"https:\/\/www.cocondedecoration.com\/blog\/2020\/01\/shopping-deco-un-petit-meuble-tele\/\" target=\"_blank\" rel=\"noopener\" title=\"\">Le guide d\u00e9co est dispo ici<\/a><\/figcaption><\/figure>\n<\/div>\n\n\n\n<div class=\"wp-block-cb-slide\">\n<figure class=\"wp-block-image size-large\"><a href=\"https:\/\/www.cocondedecoration.com\/blog\/wp-content\/uploads\/2025\/11\/guide-deco-meuble-salon-2.png\"><img loading=\"lazy\" decoding=\"async\" width=\"640\" height=\"960\" src=\"https:\/\/www.cocondedecoration.com\/blog\/wp-content\/uploads\/2025\/11\/guide-deco-meuble-salon-2-640x960.png\" alt=\"guide d\u00e9co meuble salon bien choisir canap\u00e9 d'angle \" class=\"wp-image-86627\" title=\"guide d\u00e9co meuble salon bien choisir canap\u00e9 d'angle \" srcset=\"https:\/\/www.cocondedecoration.com\/blog\/wp-content\/uploads\/2025\/11\/guide-deco-meuble-salon-2-640x960.png 640w, https:\/\/www.cocondedecoration.com\/blog\/wp-content\/uploads\/2025\/11\/guide-deco-meuble-salon-2-260x390.png 260w, https:\/\/www.cocondedecoration.com\/blog\/wp-content\/uploads\/2025\/11\/guide-deco-meuble-salon-2-768x1152.png 768w, https:\/\/www.cocondedecoration.com\/blog\/wp-content\/uploads\/2025\/11\/guide-deco-meuble-salon-2-367x550.png 367w, https:\/\/www.cocondedecoration.com\/blog\/wp-content\/uploads\/2025\/11\/guide-deco-meuble-salon-2-333x500.png 333w, https:\/\/www.cocondedecoration.com\/blog\/wp-content\/uploads\/2025\/11\/guide-deco-meuble-salon-2.png 1000w\" sizes=\"(max-width: 640px) 100vw, 640px\" \/><\/a><figcaption class=\"wp-element-caption\">Tout savoir sur le canap\u00e9 d'angle > <a href=\"https:\/\/www.cocondedecoration.com\/blog\/2020\/05\/conseils-deco-tout-savoir-sur-le-canape-dangle\/\" target=\"_blank\" rel=\"noopener\" title=\"\">D\u00e9couvrir le guide d\u00e9co<\/a><\/figcaption><\/figure>\n<\/div>\n\n\n\n<div class=\"wp-block-cb-slide\">\n<figure class=\"wp-block-image size-large\"><a href=\"https:\/\/www.cocondedecoration.com\/blog\/wp-content\/uploads\/2025\/11\/guide-deco-meuble-salon-3.png\"><img loading=\"lazy\" decoding=\"async\" width=\"640\" height=\"960\" src=\"https:\/\/www.cocondedecoration.com\/blog\/wp-content\/uploads\/2025\/11\/guide-deco-meuble-salon-3-640x960.png\" alt=\"guide d\u00e9co meuble salon bien choisir table basse\" class=\"wp-image-86626\" title=\"guide d\u00e9co meuble salon bien choisir table basse\" srcset=\"https:\/\/www.cocondedecoration.com\/blog\/wp-content\/uploads\/2025\/11\/guide-deco-meuble-salon-3-640x960.png 640w, https:\/\/www.cocondedecoration.com\/blog\/wp-content\/uploads\/2025\/11\/guide-deco-meuble-salon-3-260x390.png 260w, https:\/\/www.cocondedecoration.com\/blog\/wp-content\/uploads\/2025\/11\/guide-deco-meuble-salon-3-768x1152.png 768w, https:\/\/www.cocondedecoration.com\/blog\/wp-content\/uploads\/2025\/11\/guide-deco-meuble-salon-3-367x550.png 367w, https:\/\/www.cocondedecoration.com\/blog\/wp-content\/uploads\/2025\/11\/guide-deco-meuble-salon-3-333x500.png 333w, https:\/\/www.cocondedecoration.com\/blog\/wp-content\/uploads\/2025\/11\/guide-deco-meuble-salon-3.png 1000w\" sizes=\"(max-width: 640px) 100vw, 640px\" \/><\/a><figcaption class=\"wp-element-caption\">Comment choisir sa nouvelle table basse? > <a href=\"https:\/\/www.cocondedecoration.com\/blog\/2018\/10\/conseils-deco-comment-bien-choisir-sa-table-basse\/\" target=\"_blank\" rel=\"noopener\" title=\"\">En savoir plus ici <\/a><\/figcaption><\/figure>\n<\/div>\n\n\n\n<div class=\"wp-block-cb-slide\">\n<figure class=\"wp-block-image size-large\"><a href=\"https:\/\/www.cocondedecoration.com\/blog\/wp-content\/uploads\/2025\/11\/guide-deco-meuble-salon-4.png\"><img loading=\"lazy\" decoding=\"async\" width=\"640\" height=\"960\" src=\"https:\/\/www.cocondedecoration.com\/blog\/wp-content\/uploads\/2025\/11\/guide-deco-meuble-salon-4-640x960.png\" alt=\"guide d\u00e9co meuble salon bien choisir housse de canap\u00e9 \" class=\"wp-image-86625\" title=\"guide d\u00e9co meuble salon bien choisir housse de canap\u00e9 \" srcset=\"https:\/\/www.cocondedecoration.com\/blog\/wp-content\/uploads\/2025\/11\/guide-deco-meuble-salon-4-640x960.png 640w, https:\/\/www.cocondedecoration.com\/blog\/wp-content\/uploads\/2025\/11\/guide-deco-meuble-salon-4-260x390.png 260w, https:\/\/www.cocondedecoration.com\/blog\/wp-content\/uploads\/2025\/11\/guide-deco-meuble-salon-4-768x1152.png 768w, https:\/\/www.cocondedecoration.com\/blog\/wp-content\/uploads\/2025\/11\/guide-deco-meuble-salon-4-367x550.png 367w, https:\/\/www.cocondedecoration.com\/blog\/wp-content\/uploads\/2025\/11\/guide-deco-meuble-salon-4-333x500.png 333w, https:\/\/www.cocondedecoration.com\/blog\/wp-content\/uploads\/2025\/11\/guide-deco-meuble-salon-4.png 1000w\" sizes=\"(max-width: 640px) 100vw, 640px\" \/><\/a><figcaption class=\"wp-element-caption\">Prot\u00e9ger son canap\u00e9 avec une housse d\u00e9co > <a href=\"https:\/\/www.cocondedecoration.com\/blog\/2025\/07\/housse-de-canape\/\" target=\"_blank\" rel=\"noopener\" title=\"\">Le guide d\u00e9co est ici<\/a><\/figcaption><\/figure>\n<\/div>\n\n\n\n<div class=\"wp-block-cb-slide\">\n<figure class=\"wp-block-image size-large is-resized\"><a href=\"https:\/\/www.cocondedecoration.com\/blog\/wp-content\/uploads\/2025\/11\/guide-deco-meuble-salon-5.png\"><img loading=\"lazy\" decoding=\"async\" width=\"640\" height=\"960\" src=\"https:\/\/www.cocondedecoration.com\/blog\/wp-content\/uploads\/2025\/11\/guide-deco-meuble-salon-5-640x960.png\" alt=\"guide d\u00e9co meuble salon bien choisir canap\u00e9 petit salon \" class=\"wp-image-86624\" style=\"width:257px;height:auto\" title=\"guide d\u00e9co meuble salon bien choisir canap\u00e9 petit salon \" srcset=\"https:\/\/www.cocondedecoration.com\/blog\/wp-content\/uploads\/2025\/11\/guide-deco-meuble-salon-5-640x960.png 640w, https:\/\/www.cocondedecoration.com\/blog\/wp-content\/uploads\/2025\/11\/guide-deco-meuble-salon-5-260x390.png 260w, https:\/\/www.cocondedecoration.com\/blog\/wp-content\/uploads\/2025\/11\/guide-deco-meuble-salon-5-768x1152.png 768w, https:\/\/www.cocondedecoration.com\/blog\/wp-content\/uploads\/2025\/11\/guide-deco-meuble-salon-5-367x550.png 367w, https:\/\/www.cocondedecoration.com\/blog\/wp-content\/uploads\/2025\/11\/guide-deco-meuble-salon-5-333x500.png 333w, https:\/\/www.cocondedecoration.com\/blog\/wp-content\/uploads\/2025\/11\/guide-deco-meuble-salon-5.png 1000w\" sizes=\"(max-width: 640px) 100vw, 640px\" \/><\/a><figcaption class=\"wp-element-caption\">Bien choisir son petit canap\u00e9 > <a href=\"https:\/\/www.cocondedecoration.com\/blog\/2018\/05\/10-canapes-pour-un-petit-salon\/\" target=\"_blank\" rel=\"noopener\" title=\"\">D\u00e9couvrez mes conseils<\/a><\/figcaption><\/figure>\n<\/div>\n\n\n\n<div class=\"wp-block-cb-slide\">\n<figure class=\"wp-block-image size-large\"><a href=\"https:\/\/www.cocondedecoration.com\/blog\/wp-content\/uploads\/2025\/11\/guide-deco-meuble-salon-6.png\"><img loading=\"lazy\" decoding=\"async\" width=\"640\" height=\"960\" src=\"https:\/\/www.cocondedecoration.com\/blog\/wp-content\/uploads\/2025\/11\/guide-deco-meuble-salon-6-640x960.png\" alt=\"guide d\u00e9co meuble salon bien choisir bout de canap\u00e9 table d'appoint \" class=\"wp-image-86623\" title=\"guide d\u00e9co meuble salon bien choisir bout de canap\u00e9 table d'appoint \" srcset=\"https:\/\/www.cocondedecoration.com\/blog\/wp-content\/uploads\/2025\/11\/guide-deco-meuble-salon-6-640x960.png 640w, https:\/\/www.cocondedecoration.com\/blog\/wp-content\/uploads\/2025\/11\/guide-deco-meuble-salon-6-260x390.png 260w, https:\/\/www.cocondedecoration.com\/blog\/wp-content\/uploads\/2025\/11\/guide-deco-meuble-salon-6-768x1152.png 768w, https:\/\/www.cocondedecoration.com\/blog\/wp-content\/uploads\/2025\/11\/guide-deco-meuble-salon-6-367x550.png 367w, https:\/\/www.cocondedecoration.com\/blog\/wp-content\/uploads\/2025\/11\/guide-deco-meuble-salon-6-333x500.png 333w, https:\/\/www.cocondedecoration.com\/blog\/wp-content\/uploads\/2025\/11\/guide-deco-meuble-salon-6.png 1000w\" sizes=\"(max-width: 640px) 100vw, 640px\" \/><\/a><figcaption class=\"wp-element-caption\">Bout de canap\u00e9 > <a href=\"https:\/\/www.cocondedecoration.com\/blog\/2022\/07\/ou-trouver-bout-de-canape-moderne\/\" target=\"_blank\" rel=\"noopener\" title=\"\">S\u00e9lection \u00e0 retrouver ici<\/a><\/figcaption><\/figure>\n<\/div>\n\n\n\n<div class=\"wp-block-cb-slide\">\n<figure class=\"wp-block-image size-large\"><a href=\"https:\/\/www.cocondedecoration.com\/blog\/wp-content\/uploads\/2025\/11\/guide-deco-meuble-salon-7.png\"><img loading=\"lazy\" decoding=\"async\" width=\"640\" height=\"960\" src=\"https:\/\/www.cocondedecoration.com\/blog\/wp-content\/uploads\/2025\/11\/guide-deco-meuble-salon-7-640x960.png\" alt=\"guide d\u00e9co meuble salon bien choisir canap\u00e9 convertible pas cher \" class=\"wp-image-86622\" title=\"guide d\u00e9co meuble salon bien choisir canap\u00e9 convertible pas cher \" srcset=\"https:\/\/www.cocondedecoration.com\/blog\/wp-content\/uploads\/2025\/11\/guide-deco-meuble-salon-7-640x960.png 640w, https:\/\/www.cocondedecoration.com\/blog\/wp-content\/uploads\/2025\/11\/guide-deco-meuble-salon-7-260x390.png 260w, https:\/\/www.cocondedecoration.com\/blog\/wp-content\/uploads\/2025\/11\/guide-deco-meuble-salon-7-768x1152.png 768w, https:\/\/www.cocondedecoration.com\/blog\/wp-content\/uploads\/2025\/11\/guide-deco-meuble-salon-7-367x550.png 367w, https:\/\/www.cocondedecoration.com\/blog\/wp-content\/uploads\/2025\/11\/guide-deco-meuble-salon-7-333x500.png 333w, https:\/\/www.cocondedecoration.com\/blog\/wp-content\/uploads\/2025\/11\/guide-deco-meuble-salon-7.png 1000w\" sizes=\"(max-width: 640px) 100vw, 640px\" \/><\/a><figcaption class=\"wp-element-caption\"><a href=\"https:\/\/www.cocondedecoration.com\/blog\/2021\/01\/ou-trouver-canape-convertible-petit-prix\/\" target=\"_blank\" rel=\"noopener\" title=\"\">O\u00f9 trouver un canap\u00e9 convertible pas cher? <\/a>> En savoir plus<\/figcaption><\/figure>\n<\/div>\n\n\n\n<div class=\"wp-block-cb-slide\">\n<figure class=\"wp-block-image size-large\"><a href=\"https:\/\/www.cocondedecoration.com\/blog\/wp-content\/uploads\/2025\/11\/guide-deco-meuble-salon-8.png\"><img loading=\"lazy\" decoding=\"async\" width=\"640\" height=\"960\" src=\"https:\/\/www.cocondedecoration.com\/blog\/wp-content\/uploads\/2025\/11\/guide-deco-meuble-salon-8-640x960.png\" alt=\"guide d\u00e9co meuble salon bien choisir liseuse derri\u00e8re canap\u00e9 luminaire lampadaire \" class=\"wp-image-86621\" title=\"guide d\u00e9co meuble salon bien choisir liseuse derri\u00e8re canap\u00e9 luminaire lampadaire \" srcset=\"https:\/\/www.cocondedecoration.com\/blog\/wp-content\/uploads\/2025\/11\/guide-deco-meuble-salon-8-640x960.png 640w, https:\/\/www.cocondedecoration.com\/blog\/wp-content\/uploads\/2025\/11\/guide-deco-meuble-salon-8-260x390.png 260w, https:\/\/www.cocondedecoration.com\/blog\/wp-content\/uploads\/2025\/11\/guide-deco-meuble-salon-8-768x1152.png 768w, https:\/\/www.cocondedecoration.com\/blog\/wp-content\/uploads\/2025\/11\/guide-deco-meuble-salon-8-367x550.png 367w, https:\/\/www.cocondedecoration.com\/blog\/wp-content\/uploads\/2025\/11\/guide-deco-meuble-salon-8-333x500.png 333w, https:\/\/www.cocondedecoration.com\/blog\/wp-content\/uploads\/2025\/11\/guide-deco-meuble-salon-8.png 1000w\" sizes=\"(max-width: 640px) 100vw, 640px\" \/><\/a><figcaption class=\"wp-element-caption\">Une liseuse derri\u00e8re le canap\u00e9 > <a href=\"https:\/\/www.cocondedecoration.com\/blog\/2024\/11\/choisir-lampe-lecture-salon\/\" target=\"_blank\" rel=\"noopener\" title=\"\">D\u00e9couvrir le guide<\/a><\/figcaption><\/figure>\n<\/div>\n<\/div>\n\n\n\n<p class=\"has-small-font-size\">Pour plus d'inspirations d\u00e9co au quotidien (pour le salon mais pas que!) rejoignez moi sur <a href=\"https:\/\/pinterest.fr\/cocondedeco\/\" target=\"_blank\" rel=\"noopener\" title=\"\">Pinterest<\/a> et sur <a href=\"https:\/\/www.threads.com\/@cocondedeco\" target=\"_blank\" rel=\"noopener\" title=\"\">Threads<\/a> (: <\/p>\n\n\n\n<hr class=\"wp-block-separator has-css-opacity\"\/>\n\n\n\n<div class=\"wp-block-columns is-layout-flex wp-container-core-columns-layout-1 wp-block-columns-is-layout-flex\">\n<div class=\"wp-block-column is-layout-flow wp-block-column-is-layout-flow\">\n<p class=\"has-text-align-center has-medium-font-size\">A lire \u00e9galement<\/p>\n\n\n<ul class=\"wp-block-latest-posts__list wp-block-latest-posts\"><li><a class=\"wp-block-latest-posts__post-title\" href=\"https:\/\/www.cocondedecoration.com\/blog\/2026\/02\/buffet-salon-moderne\/\">Buffet de salon: quel mod\u00e8le choisir pour plus de rangement?<\/a><\/li>\n<li><a class=\"wp-block-latest-posts__post-title\" href=\"https:\/\/www.cocondedecoration.com\/blog\/2026\/01\/meuble-tele-tendance\/\">Meuble t\u00e9l\u00e9: quelles sont les tendances d\u00e9co pour 2026?<\/a><\/li>\n<li><a class=\"wp-block-latest-posts__post-title\" href=\"https:\/\/www.cocondedecoration.com\/blog\/2025\/09\/couleur-table-basse\/\">De la couleur au coeur du salon gr\u00e2ce \u00e0 la table basse<\/a><\/li>\n<li><a class=\"wp-block-latest-posts__post-title\" href=\"https:\/\/www.cocondedecoration.com\/blog\/2025\/07\/housse-de-canape\/\">Quelle housse de canap\u00e9 choisir? |\u00a0guide d\u00e9co<\/a><\/li>\n<li><a class=\"wp-block-latest-posts__post-title\" href=\"https:\/\/www.cocondedecoration.com\/blog\/2024\/09\/100-salons-deco-moderne\/\">100 salons modernes pour un espace de vie qui vous ressemble<\/a><\/li>\n<li><a class=\"wp-block-latest-posts__post-title\" href=\"https:\/\/www.cocondedecoration.com\/blog\/2023\/10\/ou-acheter-meuble-vitrine-moderne\/\">O\u00f9 trouver | Un meuble vitrine?<\/a><\/li>\n<li><a class=\"wp-block-latest-posts__post-title\" href=\"https:\/\/www.cocondedecoration.com\/blog\/2022\/07\/ou-trouver-bout-de-canape-moderne\/\">[O\u00f9 trouver] Un bout de canap\u00e9 arrondi?<\/a><\/li>\n<li><a class=\"wp-block-latest-posts__post-title\" href=\"https:\/\/www.cocondedecoration.com\/blog\/2021\/05\/ou-trouver-meuble-vintage-salon\/\">Des meubles style mid century pour le salon s\u00e9jour | guide d\u00e9co<\/a><\/li>\n<li><a class=\"wp-block-latest-posts__post-title\" href=\"https:\/\/www.cocondedecoration.com\/blog\/2021\/02\/ou-trouver-fauteuil-pas-cher\/\">[O\u00f9 trouver] Un fauteuil d\u00e9co \u00e0 moins de 100\u20ac?<\/a><\/li>\n<\/ul><\/div>\n\n\n\n<div class=\"wp-block-column is-layout-flow wp-block-column-is-layout-flow\">\n<p class=\"has-text-align-center has-medium-font-size\" style=\"padding-top:var(--wp--preset--spacing--40);padding-bottom:var(--wp--preset--spacing--40)\"><strong>Devenez m\u00e9c\u00e8ne du blog <\/strong><\/p>\n\n\n\n<hr class=\"wp-block-separator has-alpha-channel-opacity is-style-wide\"\/>\n\n\n\n<p style=\"padding-right:var(--wp--preset--spacing--30);padding-left:var(--wp--preset--spacing--30)\">Soutenez mon travail sur le blog et acc\u00e9dez \u00e0 des contreparties exclusives: <\/p>\n\n\n\n<ul style=\"padding-right:var(--wp--preset--spacing--40);padding-left:var(--wp--preset--spacing--40)\">\n<li>Plusieurs centaines d'articles d\u00e9co, lifestyle &amp; voyage r\u00e9serv\u00e9s aux abonn\u00e9\u2022e\u2022s <\/li>\n\n\n\n<li>Toutes les entr\u00e9es de mon side project - mon dictionnaire nomade <\/li>\n\n\n\n<li>Une publicit\u00e9 limit\u00e9e sur les articles Patreon <\/li>\n<\/ul>\n\n\n\n<div class=\"wp-block-buttons is-content-justification-center is-layout-flex wp-container-core-buttons-layout-1 wp-block-buttons-is-layout-flex\">\n<div class=\"wp-block-button\"><a class=\"wp-block-button__link wp-element-button\" href=\"https:\/\/www.patreon.com\/cocondedeco\" target=\"_blank\" rel=\"noreferrer noopener\">Soutenir le blog maintenant<\/a><\/div>\n<\/div>\n<\/div>\n<\/div>\n\n\n<div class=\"wp-block-image\">\n<figure class=\"aligncenter\"><img loading=\"lazy\" decoding=\"async\" width=\"640\" height=\"427\" src=\"http:\/\/www.cocondedecoration.com\/blog\/wp-content\/uploads\/2020\/09\/couleur-deco-jaune-salon-640x427.jpg\" alt=\"color block idee deco salon jaune\" class=\"wp-image-29511\" srcset=\"https:\/\/www.cocondedecoration.com\/blog\/wp-content\/uploads\/2020\/09\/couleur-deco-jaune-salon-640x427.jpg 640w, https:\/\/www.cocondedecoration.com\/blog\/wp-content\/uploads\/2020\/09\/couleur-deco-jaune-salon-260x173.jpg 260w, https:\/\/www.cocondedecoration.com\/blog\/wp-content\/uploads\/2020\/09\/couleur-deco-jaune-salon-465x310.jpg 465w, https:\/\/www.cocondedecoration.com\/blog\/wp-content\/uploads\/2020\/09\/couleur-deco-jaune-salon-695x463.jpg 695w, https:\/\/www.cocondedecoration.com\/blog\/wp-content\/uploads\/2020\/09\/couleur-deco-jaune-salon.jpg 732w\" sizes=\"(max-width: 640px) 100vw, 640px\" \/><figcaption class=\"wp-element-caption\"><a href=\"https:\/\/www.pinterest.fr\/pin\/510595676503351467\/\" target=\"_blank\" rel=\"noreferrer noopener\" aria-label=\"source (opens in a new tab)\">source<\/a><\/figcaption><\/figure><\/div>\n\n\n<p class=\"has-small-font-size\">Note: Cet article contient des liens affili\u00e9s. Ils ne changent en rien votre utilisation du blog ou des sites partenaires. Ils me permettent d'entretenir le blog r\u00e9guli\u00e8rement.<br>Article mis \u00e0 jour en septembre 2024<\/p>\n","protected":false},"excerpt":{"rendered":"<p>La tendance depuis plusieurs ann\u00e9es est au blanc et m\u00eame si cela tend \u00e0 changer, les couleurs chaudes et franches restent marginales. Pourtant, le jaune est une couleur qui &#8211; au quotidien &#8211; apporte de la bonne humeur et de la chaleur. Et ce sont des caract\u00e9ristiques int\u00e9ressantes pour la<span class=\"more-link\"><a href=\"https:\/\/www.cocondedecoration.com\/blog\/2020\/09\/couleur-jaune-salon\/\">Lire la suite<\/a><\/span><\/p>\n","protected":false},"author":1,"featured_media":29511,"comment_status":"open","ping_status":"open","sticky":false,"template":"","format":"standard","meta":{"om_disable_all_campaigns":false,"_monsterinsights_skip_tracking":false,"_monsterinsights_sitenote_active":false,"_monsterinsights_sitenote_note":"","_monsterinsights_sitenote_category":0,"_uf_show_specific_survey":0,"_uf_disable_surveys":false,"footnotes":""},"categories":[8946],"tags":[10243,10245,10244,10242,10237,10229,10238,10260,10248,10261,10246,10254,10247,10228,10235,10009,10236,10255,10233,10253,10257,10251,10250,10249,10256,10241,10234,10230,10232,10231,10258,10262,10259,6029,10252,10239,10240],"aioseo_notices":[],"_links":{"self":[{"href":"https:\/\/www.cocondedecoration.com\/blog\/wp-json\/wp\/v2\/posts\/29274"}],"collection":[{"href":"https:\/\/www.cocondedecoration.com\/blog\/wp-json\/wp\/v2\/posts"}],"about":[{"href":"https:\/\/www.cocondedecoration.com\/blog\/wp-json\/wp\/v2\/types\/post"}],"author":[{"embeddable":true,"href":"https:\/\/www.cocondedecoration.com\/blog\/wp-json\/wp\/v2\/users\/1"}],"replies":[{"embeddable":true,"href":"https:\/\/www.cocondedecoration.com\/blog\/wp-json\/wp\/v2\/comments?post=29274"}],"version-history":[{"count":1,"href":"https:\/\/www.cocondedecoration.com\/blog\/wp-json\/wp\/v2\/posts\/29274\/revisions"}],"predecessor-version":[{"id":77643,"href":"https:\/\/www.cocondedecoration.com\/blog\/wp-json\/wp\/v2\/posts\/29274\/revisions\/77643"}],"wp:featuredmedia":[{"embeddable":true,"href":"https:\/\/www.cocondedecoration.com\/blog\/wp-json\/wp\/v2\/media\/29511"}],"wp:attachment":[{"href":"https:\/\/www.cocondedecoration.com\/blog\/wp-json\/wp\/v2\/media?parent=29274"}],"wp:term":[{"taxonomy":"category","embeddable":true,"href":"https:\/\/www.cocondedecoration.com\/blog\/wp-json\/wp\/v2\/categories?post=29274"},{"taxonomy":"post_tag","embeddable":true,"href":"https:\/\/www.cocondedecoration.com\/blog\/wp-json\/wp\/v2\/tags?post=29274"}],"curies":[{"name":"wp","href":"https:\/\/api.w.org\/{rel}","templated":true}]}}