{"id":27421,"date":"2020-08-12T01:00:10","date_gmt":"2020-08-11T23:00:10","guid":{"rendered":"http:\/\/www.cocondedecoration.com\/blog\/?p=27421"},"modified":"2025-07-02T07:34:58","modified_gmt":"2025-07-02T05:34:58","slug":"idee-deco-une-rentree-studieuse-et-deco-avec-la-redoute","status":"publish","type":"post","link":"https:\/\/www.cocondedecoration.com\/blog\/2020\/08\/idee-deco-une-rentree-studieuse-et-deco-avec-la-redoute\/","title":{"rendered":"[Id\u00e9e d\u00e9co] Une rentr\u00e9e studieuse et d\u00e9co avec La Redoute"},"content":{"rendered":"<!DOCTYPE html PUBLIC \"-\/\/W3C\/\/DTD HTML 4.0 Transitional\/\/EN\" \"http:\/\/www.w3.org\/TR\/REC-html40\/loose.dtd\">\n<?xml encoding=\"UTF-8\"><html><body><p>Je pense que cet article &agrave; propos de la rentr&eacute;e des classes et de la d&eacute;co sera diff&eacute;rent de ce que vous pourrez lire sur le web en cette p&eacute;riode. D'une part parce que je fais en sorte de garder mon &acirc;me d'enfant un maximum. D'autre part parce que j'ai un avis singulier sur l'apprentissage et j'ai &eacute;t&eacute; prof. Prof avec des techniques &eacute;ducatives qui sortent de l'ordinaire (&agrave; comprendre: j'ai &eacute;t&eacute; convoqu&eacute; dans le bureau du directeur, je me suis fait rappeler &agrave; l'ordre un tas de fois...) Donc oui, pour cet article &agrave; propos de la rentr&eacute;e, des enfants et de la d&eacute;co, je ne me sentais pas capable de vous sortir un article bateau. Ca tombe bien chaque enfant est unique et en plus quand il grandit, cette particularit&eacute; joue un r&ocirc;le plus important encore. On va donc s'int&eacute;resser &agrave; diff&eacute;rents types d'enfants (plus ou moins grands, plus ou moins studieux), j'esp&egrave;re que vous y trouverez des id&eacute;es pour les v&ocirc;tres.<\/p>\n\n\n\n<!--more-->\n\n\n\n<div style=\"height:20px\" aria-hidden=\"true\" class=\"wp-block-spacer\"><\/div>\n\n\n\n<div class=\"wp-block-media-text alignwide\"><figure class=\"wp-block-media-text__media\"><img loading=\"lazy\" decoding=\"async\" width=\"640\" height=\"366\" src=\"https:\/\/www.cocondedecoration.com\/blog\/wp-content\/uploads\/2023\/12\/newsletter-patreon-640x366.png\" alt=\"\" class=\"wp-image-70176\" srcset=\"https:\/\/www.cocondedecoration.com\/blog\/wp-content\/uploads\/2023\/12\/newsletter-patreon-640x366.png 640w, https:\/\/www.cocondedecoration.com\/blog\/wp-content\/uploads\/2023\/12\/newsletter-patreon-260x149.png 260w, https:\/\/www.cocondedecoration.com\/blog\/wp-content\/uploads\/2023\/12\/newsletter-patreon-768x439.png 768w, https:\/\/www.cocondedecoration.com\/blog\/wp-content\/uploads\/2023\/12\/newsletter-patreon-465x266.png 465w, https:\/\/www.cocondedecoration.com\/blog\/wp-content\/uploads\/2023\/12\/newsletter-patreon-695x397.png 695w, https:\/\/www.cocondedecoration.com\/blog\/wp-content\/uploads\/2023\/12\/newsletter-patreon.png 1050w\" sizes=\"(max-width: 640px) 100vw, 640px\" \/><\/figure><div class=\"wp-block-media-text__content\">\n<p style=\"text-align:center\"><strong>La newsletter du blog est sur Patreon<\/strong><\/p>\n\n\n\n<p>Devenez membre gratuitement de mon Patron pour lire toutes les newsletters du blog &amp; recevoir une notification quand les prochaines seront en ligne. <\/p>\n\n\n\n<div class=\"wp-block-button aligncenter\"><a class=\"wp-block-button__link\" href=\"https:\/\/www.patreon.com\/cocondedeco\">Acc&eacute;der &agrave; Patreon gratuitement<\/a><\/div>\n<\/div><\/div>\n\n\n\n<div style=\"height:30px\" aria-hidden=\"true\" class=\"wp-block-spacer\"><\/div>\n\n\n\n<p><strong>Au sommaire de cet article d&eacute;di&eacute; &agrave; la rentr&eacute;e et aux bureaux:&nbsp;<\/strong><\/p>\n\n\n\n<p><div class=\"toc\"><div class=\"toc_list\"><ul><li class=\"toc_item\"><a href=\"#toc-0\">La rentr\u00e9e d\u00e9co des enfants<\/a><\/li><li class=\"toc_item\"><a href=\"#toc-1\">L'ado et la rentr\u00e9e<\/a><\/li><li class=\"toc_item\"><a href=\"#toc-2\">Mauvais(e) \u00e9l\u00e8ve et la rentr\u00e9e - une autre approche de l'\u00e9cole via la d\u00e9co<\/a><\/li><li class=\"toc_item\"><a href=\"#toc-3\">Et on n'oublie pas la rentr\u00e9e des parents<\/a><\/li><\/ul><\/div><\/div><br><\/p>\n\n\n\n<p>NOTE \/ MISE A JOUR 2023: Pour des raisons techniques et parce que mes journ&eacute;es ne font que 24h, j'ai &eacute;t&eacute; dans l'obligation de d&eacute;sactiver les liens de cet article. Je suis d&eacute;sol&eacute;e de la g&egrave;ne occasionn&eacute;e. <a href=\"https:\/\/c3po.link\/QuYcPWcHgM\">Vous pouvez acc&eacute;der au site de La Redoute en cliquant ici<\/a>.<\/p>\n\n\n\n<a name=\"toc-0\" style=\"text-decoration: none;\"><\/a><h2 class=\"wp-block-heading\">La rentr&eacute;e d&eacute;co des enfants<\/h2>\n\n\n\n<p>A mon sens, toute la primaire devrait &ecirc;tre centralis&eacute;e sur 3 savoir-faire principaux: savoir lire, savoir &eacute;crire, savoir compter. Croyez-moi, pour une partie des enfants, ces 3 axes ne sont pas acquis &agrave; la fin de CM2. G&eacute;n&eacute;ralement, &agrave; cette p&eacute;riode de l'enfance, les devoirs se sont sous la supervision des parents dans une pi&egrave;ce de vie, sur une table ou sur un bureau &agrave; port&eacute;e du regard. Mais ces apprentissages ne passent pas uniquement par les devoirs quand les enfants rentrent de l'&eacute;cole. Mon p&egrave;re m'a traumatis&eacute;e par exemple avec le tableau des multiplications accroch&eacute; juste devant mon lit. R&eacute;sultat des courses: &agrave; bient&ocirc;t 37 ans, je ne connais toujours pas les tables de 7, de 8 et de 9. (H&eacute;h&eacute;!) On reparlera du \"mauvais\" &eacute;l&egrave;ve par la suite. Revenons aux enfants. A la maison, c'est l'occasion d'apprendre diff&eacute;remment. Le lecture peut passer par un tas de supports: la fameuse biblioth&egrave;que rose au <em>Journal de Mickey<\/em>, en passant par la bande dessin&eacute;e. Et il faut donc un endroit o&ugrave; ranger les livres, pourquoi pas m&ecirc;me un espace o&ugrave; votre enfant pourra lire tranquillement sans &ecirc;tre dans le lit ou dans le canap&eacute; devant la t&eacute;l&eacute;. Il n'y a pas que la lecture qui est int&eacute;ressante &agrave; la maison. On peut par exemple r&eacute;pondre &agrave; la curiosit&eacute; des enfants avec l'histoire g&eacute;ographie. Je le vois avec mon filleul qui est en primaire, quand on s'appelle, il a toujours un tas de choses &agrave; me raconter sur les animaux d'Asie. (Bah oui, marraine vit en Asie et elle a m&ecirc;me un petit l&eacute;zard qui vit p&eacute;pouze dans sa chambre en ce moment!) Cet int&eacute;r&ecirc;t peut aussi se retranscrire dans la d&eacute;coration notamment celle de la chambre. On peut penser &agrave; des affiches d&eacute;co, des cartes du monde, etc. Tout ce qui pourrait &eacute;veiller la curiosit&eacute; de votre ch&egrave;re t&ecirc;te blonde.<\/p>\n\n\n\n<ul class=\"wp-block-gallery columns-3 is-cropped wp-block-gallery-1 is-layout-flex wp-block-gallery-is-layout-flex\"><li class=\"blocks-gallery-item\"><figure><img loading=\"lazy\" decoding=\"async\" width=\"680\" height=\"680\" src=\"https:\/\/www.cocondedecoration.com\/blog\/wp-content\/uploads\/2020\/07\/bureau-enfant-ecolier-vintage.jpg\" alt=\"bureau enfant ecolier vintage\" data-id=\"27467\" class=\"wp-image-27467\" srcset=\"https:\/\/www.cocondedecoration.com\/blog\/wp-content\/uploads\/2020\/07\/bureau-enfant-ecolier-vintage.jpg 680w, https:\/\/www.cocondedecoration.com\/blog\/wp-content\/uploads\/2020\/07\/bureau-enfant-ecolier-vintage-165x165.jpg 165w, https:\/\/www.cocondedecoration.com\/blog\/wp-content\/uploads\/2020\/07\/bureau-enfant-ecolier-vintage-260x260.jpg 260w, https:\/\/www.cocondedecoration.com\/blog\/wp-content\/uploads\/2020\/07\/bureau-enfant-ecolier-vintage-640x640.jpg 640w, https:\/\/www.cocondedecoration.com\/blog\/wp-content\/uploads\/2020\/07\/bureau-enfant-ecolier-vintage-465x465.jpg 465w, https:\/\/www.cocondedecoration.com\/blog\/wp-content\/uploads\/2020\/07\/bureau-enfant-ecolier-vintage-500x500.jpg 500w\" sizes=\"(max-width: 680px) 100vw, 680px\" \/><\/figure><\/li><li class=\"blocks-gallery-item\"><figure><img loading=\"lazy\" decoding=\"async\" width=\"680\" height=\"680\" src=\"https:\/\/www.cocondedecoration.com\/blog\/wp-content\/uploads\/2020\/07\/bureau-enfant-decoration-vert-et-bois.jpg\" alt=\"bureau enfant decoration vert et bois\" data-id=\"27466\" class=\"wp-image-27466\" srcset=\"https:\/\/www.cocondedecoration.com\/blog\/wp-content\/uploads\/2020\/07\/bureau-enfant-decoration-vert-et-bois.jpg 680w, https:\/\/www.cocondedecoration.com\/blog\/wp-content\/uploads\/2020\/07\/bureau-enfant-decoration-vert-et-bois-165x165.jpg 165w, https:\/\/www.cocondedecoration.com\/blog\/wp-content\/uploads\/2020\/07\/bureau-enfant-decoration-vert-et-bois-260x260.jpg 260w, https:\/\/www.cocondedecoration.com\/blog\/wp-content\/uploads\/2020\/07\/bureau-enfant-decoration-vert-et-bois-640x640.jpg 640w, https:\/\/www.cocondedecoration.com\/blog\/wp-content\/uploads\/2020\/07\/bureau-enfant-decoration-vert-et-bois-465x465.jpg 465w, https:\/\/www.cocondedecoration.com\/blog\/wp-content\/uploads\/2020\/07\/bureau-enfant-decoration-vert-et-bois-500x500.jpg 500w\" sizes=\"(max-width: 680px) 100vw, 680px\" \/><\/figure><\/li><li class=\"blocks-gallery-item\"><figure><img loading=\"lazy\" decoding=\"async\" width=\"680\" height=\"680\" src=\"https:\/\/www.cocondedecoration.com\/blog\/wp-content\/uploads\/2020\/07\/tableau-noir-et-veleda-enfant-rentree-chambre.jpg\" alt=\"tableau noir et veleda enfant rentree chambre\" data-id=\"27468\" class=\"wp-image-27468\" srcset=\"https:\/\/www.cocondedecoration.com\/blog\/wp-content\/uploads\/2020\/07\/tableau-noir-et-veleda-enfant-rentree-chambre.jpg 680w, https:\/\/www.cocondedecoration.com\/blog\/wp-content\/uploads\/2020\/07\/tableau-noir-et-veleda-enfant-rentree-chambre-165x165.jpg 165w, https:\/\/www.cocondedecoration.com\/blog\/wp-content\/uploads\/2020\/07\/tableau-noir-et-veleda-enfant-rentree-chambre-260x260.jpg 260w, https:\/\/www.cocondedecoration.com\/blog\/wp-content\/uploads\/2020\/07\/tableau-noir-et-veleda-enfant-rentree-chambre-640x640.jpg 640w, https:\/\/www.cocondedecoration.com\/blog\/wp-content\/uploads\/2020\/07\/tableau-noir-et-veleda-enfant-rentree-chambre-465x465.jpg 465w, https:\/\/www.cocondedecoration.com\/blog\/wp-content\/uploads\/2020\/07\/tableau-noir-et-veleda-enfant-rentree-chambre-500x500.jpg 500w\" sizes=\"(max-width: 680px) 100vw, 680px\" \/><\/figure><\/li><\/ul><h3 class=\"wp-block-heading\">Cr&eacute;er une biblioth&egrave;que et un coin lecture<\/h3>\n\n\n\n<ul class=\"wp-block-gallery columns-5 is-cropped wp-block-gallery-2 is-layout-flex wp-block-gallery-is-layout-flex\"><li class=\"blocks-gallery-item\"><figure><img loading=\"lazy\" decoding=\"async\" width=\"1000\" height=\"1000\" src=\"https:\/\/www.cocondedecoration.com\/blog\/wp-content\/uploads\/2020\/07\/decoration-enfant-creer-coin-lecture-1.jpeg\" alt=\"decoration enfant creer coin lecture 1\" data-id=\"27469\" class=\"wp-image-27469\" srcset=\"https:\/\/www.cocondedecoration.com\/blog\/wp-content\/uploads\/2020\/07\/decoration-enfant-creer-coin-lecture-1.jpeg 1000w, https:\/\/www.cocondedecoration.com\/blog\/wp-content\/uploads\/2020\/07\/decoration-enfant-creer-coin-lecture-1-165x165.jpeg 165w, https:\/\/www.cocondedecoration.com\/blog\/wp-content\/uploads\/2020\/07\/decoration-enfant-creer-coin-lecture-1-260x260.jpeg 260w, https:\/\/www.cocondedecoration.com\/blog\/wp-content\/uploads\/2020\/07\/decoration-enfant-creer-coin-lecture-1-768x768.jpeg 768w, https:\/\/www.cocondedecoration.com\/blog\/wp-content\/uploads\/2020\/07\/decoration-enfant-creer-coin-lecture-1-640x640.jpeg 640w, https:\/\/www.cocondedecoration.com\/blog\/wp-content\/uploads\/2020\/07\/decoration-enfant-creer-coin-lecture-1-465x465.jpeg 465w, https:\/\/www.cocondedecoration.com\/blog\/wp-content\/uploads\/2020\/07\/decoration-enfant-creer-coin-lecture-1-500x500.jpeg 500w\" sizes=\"(max-width: 1000px) 100vw, 1000px\" \/><\/figure><\/li><li class=\"blocks-gallery-item\"><figure><img loading=\"lazy\" decoding=\"async\" width=\"1000\" height=\"1000\" src=\"https:\/\/www.cocondedecoration.com\/blog\/wp-content\/uploads\/2020\/07\/decoration-enfant-creer-coin-lecture-2.jpeg\" alt=\"decoration enfant creer coin lecture 2\" data-id=\"27470\" class=\"wp-image-27470\" srcset=\"https:\/\/www.cocondedecoration.com\/blog\/wp-content\/uploads\/2020\/07\/decoration-enfant-creer-coin-lecture-2.jpeg 1000w, https:\/\/www.cocondedecoration.com\/blog\/wp-content\/uploads\/2020\/07\/decoration-enfant-creer-coin-lecture-2-165x165.jpeg 165w, https:\/\/www.cocondedecoration.com\/blog\/wp-content\/uploads\/2020\/07\/decoration-enfant-creer-coin-lecture-2-260x260.jpeg 260w, https:\/\/www.cocondedecoration.com\/blog\/wp-content\/uploads\/2020\/07\/decoration-enfant-creer-coin-lecture-2-768x768.jpeg 768w, https:\/\/www.cocondedecoration.com\/blog\/wp-content\/uploads\/2020\/07\/decoration-enfant-creer-coin-lecture-2-640x640.jpeg 640w, https:\/\/www.cocondedecoration.com\/blog\/wp-content\/uploads\/2020\/07\/decoration-enfant-creer-coin-lecture-2-465x465.jpeg 465w, https:\/\/www.cocondedecoration.com\/blog\/wp-content\/uploads\/2020\/07\/decoration-enfant-creer-coin-lecture-2-500x500.jpeg 500w\" sizes=\"(max-width: 1000px) 100vw, 1000px\" \/><\/figure><\/li><li class=\"blocks-gallery-item\"><figure><img loading=\"lazy\" decoding=\"async\" width=\"1000\" height=\"1000\" src=\"https:\/\/www.cocondedecoration.com\/blog\/wp-content\/uploads\/2020\/07\/decoration-enfant-creer-coin-lecture-3.jpeg\" alt=\"decoration enfant creer coin lecture 3\" data-id=\"27471\" class=\"wp-image-27471\" srcset=\"https:\/\/www.cocondedecoration.com\/blog\/wp-content\/uploads\/2020\/07\/decoration-enfant-creer-coin-lecture-3.jpeg 1000w, https:\/\/www.cocondedecoration.com\/blog\/wp-content\/uploads\/2020\/07\/decoration-enfant-creer-coin-lecture-3-165x165.jpeg 165w, https:\/\/www.cocondedecoration.com\/blog\/wp-content\/uploads\/2020\/07\/decoration-enfant-creer-coin-lecture-3-260x260.jpeg 260w, https:\/\/www.cocondedecoration.com\/blog\/wp-content\/uploads\/2020\/07\/decoration-enfant-creer-coin-lecture-3-768x768.jpeg 768w, https:\/\/www.cocondedecoration.com\/blog\/wp-content\/uploads\/2020\/07\/decoration-enfant-creer-coin-lecture-3-640x640.jpeg 640w, https:\/\/www.cocondedecoration.com\/blog\/wp-content\/uploads\/2020\/07\/decoration-enfant-creer-coin-lecture-3-465x465.jpeg 465w, https:\/\/www.cocondedecoration.com\/blog\/wp-content\/uploads\/2020\/07\/decoration-enfant-creer-coin-lecture-3-500x500.jpeg 500w\" sizes=\"(max-width: 1000px) 100vw, 1000px\" \/><\/figure><\/li><li class=\"blocks-gallery-item\"><figure><img loading=\"lazy\" decoding=\"async\" width=\"1000\" height=\"1000\" src=\"https:\/\/www.cocondedecoration.com\/blog\/wp-content\/uploads\/2020\/07\/decoration-enfant-creer-coin-lecture-4.jpeg\" alt=\"decoration enfant creer coin lecture 4\" data-id=\"27472\" class=\"wp-image-27472\" srcset=\"https:\/\/www.cocondedecoration.com\/blog\/wp-content\/uploads\/2020\/07\/decoration-enfant-creer-coin-lecture-4.jpeg 1000w, https:\/\/www.cocondedecoration.com\/blog\/wp-content\/uploads\/2020\/07\/decoration-enfant-creer-coin-lecture-4-165x165.jpeg 165w, https:\/\/www.cocondedecoration.com\/blog\/wp-content\/uploads\/2020\/07\/decoration-enfant-creer-coin-lecture-4-260x260.jpeg 260w, https:\/\/www.cocondedecoration.com\/blog\/wp-content\/uploads\/2020\/07\/decoration-enfant-creer-coin-lecture-4-768x768.jpeg 768w, https:\/\/www.cocondedecoration.com\/blog\/wp-content\/uploads\/2020\/07\/decoration-enfant-creer-coin-lecture-4-640x640.jpeg 640w, https:\/\/www.cocondedecoration.com\/blog\/wp-content\/uploads\/2020\/07\/decoration-enfant-creer-coin-lecture-4-465x465.jpeg 465w, https:\/\/www.cocondedecoration.com\/blog\/wp-content\/uploads\/2020\/07\/decoration-enfant-creer-coin-lecture-4-500x500.jpeg 500w\" sizes=\"(max-width: 1000px) 100vw, 1000px\" \/><\/figure><\/li><li class=\"blocks-gallery-item\"><figure><img loading=\"lazy\" decoding=\"async\" width=\"1000\" height=\"1000\" src=\"https:\/\/www.cocondedecoration.com\/blog\/wp-content\/uploads\/2020\/07\/decoration-enfant-creer-coin-lecture-5.jpeg\" alt=\"decoration enfant creer coin lecture 5\" data-id=\"27473\" class=\"wp-image-27473\" srcset=\"https:\/\/www.cocondedecoration.com\/blog\/wp-content\/uploads\/2020\/07\/decoration-enfant-creer-coin-lecture-5.jpeg 1000w, https:\/\/www.cocondedecoration.com\/blog\/wp-content\/uploads\/2020\/07\/decoration-enfant-creer-coin-lecture-5-165x165.jpeg 165w, https:\/\/www.cocondedecoration.com\/blog\/wp-content\/uploads\/2020\/07\/decoration-enfant-creer-coin-lecture-5-260x260.jpeg 260w, https:\/\/www.cocondedecoration.com\/blog\/wp-content\/uploads\/2020\/07\/decoration-enfant-creer-coin-lecture-5-768x768.jpeg 768w, https:\/\/www.cocondedecoration.com\/blog\/wp-content\/uploads\/2020\/07\/decoration-enfant-creer-coin-lecture-5-640x640.jpeg 640w, https:\/\/www.cocondedecoration.com\/blog\/wp-content\/uploads\/2020\/07\/decoration-enfant-creer-coin-lecture-5-465x465.jpeg 465w, https:\/\/www.cocondedecoration.com\/blog\/wp-content\/uploads\/2020\/07\/decoration-enfant-creer-coin-lecture-5-500x500.jpeg 500w\" sizes=\"(max-width: 1000px) 100vw, 1000px\" \/><\/figure><\/li><li class=\"blocks-gallery-item\"><figure><img loading=\"lazy\" decoding=\"async\" width=\"1000\" height=\"1000\" src=\"https:\/\/www.cocondedecoration.com\/blog\/wp-content\/uploads\/2020\/07\/decoration-enfant-creer-coin-lecture-6.jpeg\" alt=\"decoration enfant creer coin lecture 6\" data-id=\"27474\" class=\"wp-image-27474\" srcset=\"https:\/\/www.cocondedecoration.com\/blog\/wp-content\/uploads\/2020\/07\/decoration-enfant-creer-coin-lecture-6.jpeg 1000w, https:\/\/www.cocondedecoration.com\/blog\/wp-content\/uploads\/2020\/07\/decoration-enfant-creer-coin-lecture-6-165x165.jpeg 165w, https:\/\/www.cocondedecoration.com\/blog\/wp-content\/uploads\/2020\/07\/decoration-enfant-creer-coin-lecture-6-260x260.jpeg 260w, https:\/\/www.cocondedecoration.com\/blog\/wp-content\/uploads\/2020\/07\/decoration-enfant-creer-coin-lecture-6-768x768.jpeg 768w, https:\/\/www.cocondedecoration.com\/blog\/wp-content\/uploads\/2020\/07\/decoration-enfant-creer-coin-lecture-6-640x640.jpeg 640w, https:\/\/www.cocondedecoration.com\/blog\/wp-content\/uploads\/2020\/07\/decoration-enfant-creer-coin-lecture-6-465x465.jpeg 465w, https:\/\/www.cocondedecoration.com\/blog\/wp-content\/uploads\/2020\/07\/decoration-enfant-creer-coin-lecture-6-500x500.jpeg 500w\" sizes=\"(max-width: 1000px) 100vw, 1000px\" \/><\/figure><\/li><li class=\"blocks-gallery-item\"><figure><img loading=\"lazy\" decoding=\"async\" width=\"1000\" height=\"1000\" src=\"https:\/\/www.cocondedecoration.com\/blog\/wp-content\/uploads\/2020\/07\/decoration-enfant-creer-coin-lecture-7.jpeg\" alt=\"decoration enfant creer coin lecture 7\" data-id=\"27475\" class=\"wp-image-27475\" srcset=\"https:\/\/www.cocondedecoration.com\/blog\/wp-content\/uploads\/2020\/07\/decoration-enfant-creer-coin-lecture-7.jpeg 1000w, https:\/\/www.cocondedecoration.com\/blog\/wp-content\/uploads\/2020\/07\/decoration-enfant-creer-coin-lecture-7-165x165.jpeg 165w, https:\/\/www.cocondedecoration.com\/blog\/wp-content\/uploads\/2020\/07\/decoration-enfant-creer-coin-lecture-7-260x260.jpeg 260w, https:\/\/www.cocondedecoration.com\/blog\/wp-content\/uploads\/2020\/07\/decoration-enfant-creer-coin-lecture-7-768x768.jpeg 768w, https:\/\/www.cocondedecoration.com\/blog\/wp-content\/uploads\/2020\/07\/decoration-enfant-creer-coin-lecture-7-640x640.jpeg 640w, https:\/\/www.cocondedecoration.com\/blog\/wp-content\/uploads\/2020\/07\/decoration-enfant-creer-coin-lecture-7-465x465.jpeg 465w, https:\/\/www.cocondedecoration.com\/blog\/wp-content\/uploads\/2020\/07\/decoration-enfant-creer-coin-lecture-7-500x500.jpeg 500w\" sizes=\"(max-width: 1000px) 100vw, 1000px\" \/><\/figure><\/li><li class=\"blocks-gallery-item\"><figure><img loading=\"lazy\" decoding=\"async\" width=\"1000\" height=\"1000\" src=\"https:\/\/www.cocondedecoration.com\/blog\/wp-content\/uploads\/2020\/07\/decoration-enfant-creer-coin-lecture-8.jpeg\" alt=\"decoration enfant creer coin lecture 8\" data-id=\"27476\" class=\"wp-image-27476\" srcset=\"https:\/\/www.cocondedecoration.com\/blog\/wp-content\/uploads\/2020\/07\/decoration-enfant-creer-coin-lecture-8.jpeg 1000w, https:\/\/www.cocondedecoration.com\/blog\/wp-content\/uploads\/2020\/07\/decoration-enfant-creer-coin-lecture-8-165x165.jpeg 165w, https:\/\/www.cocondedecoration.com\/blog\/wp-content\/uploads\/2020\/07\/decoration-enfant-creer-coin-lecture-8-260x260.jpeg 260w, https:\/\/www.cocondedecoration.com\/blog\/wp-content\/uploads\/2020\/07\/decoration-enfant-creer-coin-lecture-8-768x768.jpeg 768w, https:\/\/www.cocondedecoration.com\/blog\/wp-content\/uploads\/2020\/07\/decoration-enfant-creer-coin-lecture-8-640x640.jpeg 640w, https:\/\/www.cocondedecoration.com\/blog\/wp-content\/uploads\/2020\/07\/decoration-enfant-creer-coin-lecture-8-465x465.jpeg 465w, https:\/\/www.cocondedecoration.com\/blog\/wp-content\/uploads\/2020\/07\/decoration-enfant-creer-coin-lecture-8-500x500.jpeg 500w\" sizes=\"(max-width: 1000px) 100vw, 1000px\" \/><\/figure><\/li><li class=\"blocks-gallery-item\"><figure><img loading=\"lazy\" decoding=\"async\" width=\"1000\" height=\"1000\" src=\"https:\/\/www.cocondedecoration.com\/blog\/wp-content\/uploads\/2020\/07\/decoration-enfant-creer-coin-lecture-9.jpeg\" alt=\"decoration enfant creer coin lecture 9\" data-id=\"27477\" class=\"wp-image-27477\" srcset=\"https:\/\/www.cocondedecoration.com\/blog\/wp-content\/uploads\/2020\/07\/decoration-enfant-creer-coin-lecture-9.jpeg 1000w, https:\/\/www.cocondedecoration.com\/blog\/wp-content\/uploads\/2020\/07\/decoration-enfant-creer-coin-lecture-9-165x165.jpeg 165w, https:\/\/www.cocondedecoration.com\/blog\/wp-content\/uploads\/2020\/07\/decoration-enfant-creer-coin-lecture-9-260x260.jpeg 260w, https:\/\/www.cocondedecoration.com\/blog\/wp-content\/uploads\/2020\/07\/decoration-enfant-creer-coin-lecture-9-768x768.jpeg 768w, https:\/\/www.cocondedecoration.com\/blog\/wp-content\/uploads\/2020\/07\/decoration-enfant-creer-coin-lecture-9-640x640.jpeg 640w, https:\/\/www.cocondedecoration.com\/blog\/wp-content\/uploads\/2020\/07\/decoration-enfant-creer-coin-lecture-9-465x465.jpeg 465w, https:\/\/www.cocondedecoration.com\/blog\/wp-content\/uploads\/2020\/07\/decoration-enfant-creer-coin-lecture-9-500x500.jpeg 500w\" sizes=\"(max-width: 1000px) 100vw, 1000px\" \/><\/figure><\/li><li class=\"blocks-gallery-item\"><figure><img loading=\"lazy\" decoding=\"async\" width=\"1000\" height=\"1000\" src=\"https:\/\/www.cocondedecoration.com\/blog\/wp-content\/uploads\/2020\/07\/decoration-enfant-creer-coin-lecture-10.jpeg\" alt=\"decoration enfant creer coin lecture 10\" data-id=\"27478\" class=\"wp-image-27478\" srcset=\"https:\/\/www.cocondedecoration.com\/blog\/wp-content\/uploads\/2020\/07\/decoration-enfant-creer-coin-lecture-10.jpeg 1000w, https:\/\/www.cocondedecoration.com\/blog\/wp-content\/uploads\/2020\/07\/decoration-enfant-creer-coin-lecture-10-165x165.jpeg 165w, https:\/\/www.cocondedecoration.com\/blog\/wp-content\/uploads\/2020\/07\/decoration-enfant-creer-coin-lecture-10-260x260.jpeg 260w, https:\/\/www.cocondedecoration.com\/blog\/wp-content\/uploads\/2020\/07\/decoration-enfant-creer-coin-lecture-10-768x768.jpeg 768w, https:\/\/www.cocondedecoration.com\/blog\/wp-content\/uploads\/2020\/07\/decoration-enfant-creer-coin-lecture-10-640x640.jpeg 640w, https:\/\/www.cocondedecoration.com\/blog\/wp-content\/uploads\/2020\/07\/decoration-enfant-creer-coin-lecture-10-465x465.jpeg 465w, https:\/\/www.cocondedecoration.com\/blog\/wp-content\/uploads\/2020\/07\/decoration-enfant-creer-coin-lecture-10-500x500.jpeg 500w\" sizes=\"(max-width: 1000px) 100vw, 1000px\" \/><\/figure><\/li><\/ul><h3 class=\"wp-block-heading\">Une d&eacute;co ludique qui invite &agrave; la d&eacute;couverte du monde<\/h3>\n\n\n\n<ul class=\"wp-block-gallery columns-5 is-cropped wp-block-gallery-3 is-layout-flex wp-block-gallery-is-layout-flex\"><li class=\"blocks-gallery-item\"><figure><img loading=\"lazy\" decoding=\"async\" width=\"1000\" height=\"1000\" src=\"https:\/\/www.cocondedecoration.com\/blog\/wp-content\/uploads\/2020\/07\/deco-chambre-enfant-ludique-rentree-1.jpeg\" alt=\"deco chambre enfant ludique rentree 1\" data-id=\"27481\" class=\"wp-image-27481\" srcset=\"https:\/\/www.cocondedecoration.com\/blog\/wp-content\/uploads\/2020\/07\/deco-chambre-enfant-ludique-rentree-1.jpeg 1000w, https:\/\/www.cocondedecoration.com\/blog\/wp-content\/uploads\/2020\/07\/deco-chambre-enfant-ludique-rentree-1-165x165.jpeg 165w, https:\/\/www.cocondedecoration.com\/blog\/wp-content\/uploads\/2020\/07\/deco-chambre-enfant-ludique-rentree-1-260x260.jpeg 260w, https:\/\/www.cocondedecoration.com\/blog\/wp-content\/uploads\/2020\/07\/deco-chambre-enfant-ludique-rentree-1-768x768.jpeg 768w, https:\/\/www.cocondedecoration.com\/blog\/wp-content\/uploads\/2020\/07\/deco-chambre-enfant-ludique-rentree-1-640x640.jpeg 640w, https:\/\/www.cocondedecoration.com\/blog\/wp-content\/uploads\/2020\/07\/deco-chambre-enfant-ludique-rentree-1-465x465.jpeg 465w, https:\/\/www.cocondedecoration.com\/blog\/wp-content\/uploads\/2020\/07\/deco-chambre-enfant-ludique-rentree-1-500x500.jpeg 500w\" sizes=\"(max-width: 1000px) 100vw, 1000px\" \/><\/figure><\/li><li class=\"blocks-gallery-item\"><figure><img data-id=\"27482\" class=\"wp-image-27482\"><\/figure><\/li><li class=\"blocks-gallery-item\"><figure><img loading=\"lazy\" decoding=\"async\" width=\"1000\" height=\"1000\" src=\"https:\/\/www.cocondedecoration.com\/blog\/wp-content\/uploads\/2020\/07\/deco-chambre-enfant-ludique-rentree-3.jpeg\" alt=\"deco chambre enfant ludique rentree 3\" data-id=\"27483\" class=\"wp-image-27483\" srcset=\"https:\/\/www.cocondedecoration.com\/blog\/wp-content\/uploads\/2020\/07\/deco-chambre-enfant-ludique-rentree-3.jpeg 1000w, https:\/\/www.cocondedecoration.com\/blog\/wp-content\/uploads\/2020\/07\/deco-chambre-enfant-ludique-rentree-3-165x165.jpeg 165w, https:\/\/www.cocondedecoration.com\/blog\/wp-content\/uploads\/2020\/07\/deco-chambre-enfant-ludique-rentree-3-260x260.jpeg 260w, https:\/\/www.cocondedecoration.com\/blog\/wp-content\/uploads\/2020\/07\/deco-chambre-enfant-ludique-rentree-3-768x768.jpeg 768w, https:\/\/www.cocondedecoration.com\/blog\/wp-content\/uploads\/2020\/07\/deco-chambre-enfant-ludique-rentree-3-640x640.jpeg 640w, https:\/\/www.cocondedecoration.com\/blog\/wp-content\/uploads\/2020\/07\/deco-chambre-enfant-ludique-rentree-3-465x465.jpeg 465w, https:\/\/www.cocondedecoration.com\/blog\/wp-content\/uploads\/2020\/07\/deco-chambre-enfant-ludique-rentree-3-500x500.jpeg 500w\" sizes=\"(max-width: 1000px) 100vw, 1000px\" \/><\/figure><\/li><li class=\"blocks-gallery-item\"><figure><img loading=\"lazy\" decoding=\"async\" width=\"1000\" height=\"1000\" src=\"https:\/\/www.cocondedecoration.com\/blog\/wp-content\/uploads\/2020\/07\/deco-chambre-enfant-ludique-rentree-4.jpeg\" alt=\"deco chambre enfant ludique rentree 4\" data-id=\"27484\" class=\"wp-image-27484\" srcset=\"https:\/\/www.cocondedecoration.com\/blog\/wp-content\/uploads\/2020\/07\/deco-chambre-enfant-ludique-rentree-4.jpeg 1000w, https:\/\/www.cocondedecoration.com\/blog\/wp-content\/uploads\/2020\/07\/deco-chambre-enfant-ludique-rentree-4-165x165.jpeg 165w, https:\/\/www.cocondedecoration.com\/blog\/wp-content\/uploads\/2020\/07\/deco-chambre-enfant-ludique-rentree-4-260x260.jpeg 260w, https:\/\/www.cocondedecoration.com\/blog\/wp-content\/uploads\/2020\/07\/deco-chambre-enfant-ludique-rentree-4-768x768.jpeg 768w, https:\/\/www.cocondedecoration.com\/blog\/wp-content\/uploads\/2020\/07\/deco-chambre-enfant-ludique-rentree-4-640x640.jpeg 640w, https:\/\/www.cocondedecoration.com\/blog\/wp-content\/uploads\/2020\/07\/deco-chambre-enfant-ludique-rentree-4-465x465.jpeg 465w, https:\/\/www.cocondedecoration.com\/blog\/wp-content\/uploads\/2020\/07\/deco-chambre-enfant-ludique-rentree-4-500x500.jpeg 500w\" sizes=\"(max-width: 1000px) 100vw, 1000px\" \/><\/figure><\/li><li class=\"blocks-gallery-item\"><figure><img loading=\"lazy\" decoding=\"async\" width=\"1000\" height=\"1000\" src=\"https:\/\/www.cocondedecoration.com\/blog\/wp-content\/uploads\/2020\/07\/deco-chambre-enfant-ludique-rentree-7.jpeg\" alt=\"deco chambre enfant ludique rentree 7\" data-id=\"27487\" class=\"wp-image-27487\" srcset=\"https:\/\/www.cocondedecoration.com\/blog\/wp-content\/uploads\/2020\/07\/deco-chambre-enfant-ludique-rentree-7.jpeg 1000w, https:\/\/www.cocondedecoration.com\/blog\/wp-content\/uploads\/2020\/07\/deco-chambre-enfant-ludique-rentree-7-165x165.jpeg 165w, https:\/\/www.cocondedecoration.com\/blog\/wp-content\/uploads\/2020\/07\/deco-chambre-enfant-ludique-rentree-7-260x260.jpeg 260w, https:\/\/www.cocondedecoration.com\/blog\/wp-content\/uploads\/2020\/07\/deco-chambre-enfant-ludique-rentree-7-768x768.jpeg 768w, https:\/\/www.cocondedecoration.com\/blog\/wp-content\/uploads\/2020\/07\/deco-chambre-enfant-ludique-rentree-7-640x640.jpeg 640w, https:\/\/www.cocondedecoration.com\/blog\/wp-content\/uploads\/2020\/07\/deco-chambre-enfant-ludique-rentree-7-465x465.jpeg 465w, https:\/\/www.cocondedecoration.com\/blog\/wp-content\/uploads\/2020\/07\/deco-chambre-enfant-ludique-rentree-7-500x500.jpeg 500w\" sizes=\"(max-width: 1000px) 100vw, 1000px\" \/><\/figure><\/li><li class=\"blocks-gallery-item\"><figure><img data-id=\"27492\" class=\"wp-image-27492\"><\/figure><\/li><li class=\"blocks-gallery-item\"><figure><img loading=\"lazy\" decoding=\"async\" width=\"1000\" height=\"1000\" src=\"https:\/\/www.cocondedecoration.com\/blog\/wp-content\/uploads\/2020\/07\/deco-chambre-enfant-ludique-rentree-13.jpeg\" alt=\"deco chambre enfant ludique rentree 13\" data-id=\"27493\" class=\"wp-image-27493\" srcset=\"https:\/\/www.cocondedecoration.com\/blog\/wp-content\/uploads\/2020\/07\/deco-chambre-enfant-ludique-rentree-13.jpeg 1000w, https:\/\/www.cocondedecoration.com\/blog\/wp-content\/uploads\/2020\/07\/deco-chambre-enfant-ludique-rentree-13-165x165.jpeg 165w, https:\/\/www.cocondedecoration.com\/blog\/wp-content\/uploads\/2020\/07\/deco-chambre-enfant-ludique-rentree-13-260x260.jpeg 260w, https:\/\/www.cocondedecoration.com\/blog\/wp-content\/uploads\/2020\/07\/deco-chambre-enfant-ludique-rentree-13-768x768.jpeg 768w, https:\/\/www.cocondedecoration.com\/blog\/wp-content\/uploads\/2020\/07\/deco-chambre-enfant-ludique-rentree-13-640x640.jpeg 640w, https:\/\/www.cocondedecoration.com\/blog\/wp-content\/uploads\/2020\/07\/deco-chambre-enfant-ludique-rentree-13-465x465.jpeg 465w, https:\/\/www.cocondedecoration.com\/blog\/wp-content\/uploads\/2020\/07\/deco-chambre-enfant-ludique-rentree-13-500x500.jpeg 500w\" sizes=\"(max-width: 1000px) 100vw, 1000px\" \/><\/figure><\/li><li class=\"blocks-gallery-item\"><figure><img loading=\"lazy\" decoding=\"async\" width=\"1000\" height=\"1000\" src=\"https:\/\/www.cocondedecoration.com\/blog\/wp-content\/uploads\/2020\/07\/deco-chambre-enfant-ludique-rentree-14.jpeg\" alt=\"deco chambre enfant ludique rentree 14\" data-id=\"27494\" class=\"wp-image-27494\" srcset=\"https:\/\/www.cocondedecoration.com\/blog\/wp-content\/uploads\/2020\/07\/deco-chambre-enfant-ludique-rentree-14.jpeg 1000w, https:\/\/www.cocondedecoration.com\/blog\/wp-content\/uploads\/2020\/07\/deco-chambre-enfant-ludique-rentree-14-165x165.jpeg 165w, https:\/\/www.cocondedecoration.com\/blog\/wp-content\/uploads\/2020\/07\/deco-chambre-enfant-ludique-rentree-14-260x260.jpeg 260w, https:\/\/www.cocondedecoration.com\/blog\/wp-content\/uploads\/2020\/07\/deco-chambre-enfant-ludique-rentree-14-768x768.jpeg 768w, https:\/\/www.cocondedecoration.com\/blog\/wp-content\/uploads\/2020\/07\/deco-chambre-enfant-ludique-rentree-14-640x640.jpeg 640w, https:\/\/www.cocondedecoration.com\/blog\/wp-content\/uploads\/2020\/07\/deco-chambre-enfant-ludique-rentree-14-465x465.jpeg 465w, https:\/\/www.cocondedecoration.com\/blog\/wp-content\/uploads\/2020\/07\/deco-chambre-enfant-ludique-rentree-14-500x500.jpeg 500w\" sizes=\"(max-width: 1000px) 100vw, 1000px\" \/><\/figure><\/li><li class=\"blocks-gallery-item\"><figure><img loading=\"lazy\" decoding=\"async\" width=\"1000\" height=\"1000\" src=\"https:\/\/www.cocondedecoration.com\/blog\/wp-content\/uploads\/2020\/07\/deco-chambre-enfant-ludique-rentree-5.jpeg\" alt=\"deco chambre enfant ludique rentree 5\" data-id=\"27485\" class=\"wp-image-27485\" srcset=\"https:\/\/www.cocondedecoration.com\/blog\/wp-content\/uploads\/2020\/07\/deco-chambre-enfant-ludique-rentree-5.jpeg 1000w, https:\/\/www.cocondedecoration.com\/blog\/wp-content\/uploads\/2020\/07\/deco-chambre-enfant-ludique-rentree-5-165x165.jpeg 165w, https:\/\/www.cocondedecoration.com\/blog\/wp-content\/uploads\/2020\/07\/deco-chambre-enfant-ludique-rentree-5-260x260.jpeg 260w, https:\/\/www.cocondedecoration.com\/blog\/wp-content\/uploads\/2020\/07\/deco-chambre-enfant-ludique-rentree-5-768x768.jpeg 768w, https:\/\/www.cocondedecoration.com\/blog\/wp-content\/uploads\/2020\/07\/deco-chambre-enfant-ludique-rentree-5-640x640.jpeg 640w, https:\/\/www.cocondedecoration.com\/blog\/wp-content\/uploads\/2020\/07\/deco-chambre-enfant-ludique-rentree-5-465x465.jpeg 465w, https:\/\/www.cocondedecoration.com\/blog\/wp-content\/uploads\/2020\/07\/deco-chambre-enfant-ludique-rentree-5-500x500.jpeg 500w\" sizes=\"(max-width: 1000px) 100vw, 1000px\" \/><\/figure><\/li><li class=\"blocks-gallery-item\"><figure><img loading=\"lazy\" decoding=\"async\" width=\"1000\" height=\"1000\" src=\"https:\/\/www.cocondedecoration.com\/blog\/wp-content\/uploads\/2020\/07\/deco-chambre-enfant-ludique-rentree-6.jpeg\" alt=\"deco chambre enfant ludique rentree 6\" data-id=\"27486\" class=\"wp-image-27486\" srcset=\"https:\/\/www.cocondedecoration.com\/blog\/wp-content\/uploads\/2020\/07\/deco-chambre-enfant-ludique-rentree-6.jpeg 1000w, https:\/\/www.cocondedecoration.com\/blog\/wp-content\/uploads\/2020\/07\/deco-chambre-enfant-ludique-rentree-6-165x165.jpeg 165w, https:\/\/www.cocondedecoration.com\/blog\/wp-content\/uploads\/2020\/07\/deco-chambre-enfant-ludique-rentree-6-260x260.jpeg 260w, https:\/\/www.cocondedecoration.com\/blog\/wp-content\/uploads\/2020\/07\/deco-chambre-enfant-ludique-rentree-6-768x768.jpeg 768w, https:\/\/www.cocondedecoration.com\/blog\/wp-content\/uploads\/2020\/07\/deco-chambre-enfant-ludique-rentree-6-640x640.jpeg 640w, https:\/\/www.cocondedecoration.com\/blog\/wp-content\/uploads\/2020\/07\/deco-chambre-enfant-ludique-rentree-6-465x465.jpeg 465w, https:\/\/www.cocondedecoration.com\/blog\/wp-content\/uploads\/2020\/07\/deco-chambre-enfant-ludique-rentree-6-500x500.jpeg 500w\" sizes=\"(max-width: 1000px) 100vw, 1000px\" \/><\/figure><\/li><li class=\"blocks-gallery-item\"><figure><img loading=\"lazy\" decoding=\"async\" width=\"1000\" height=\"1000\" src=\"https:\/\/www.cocondedecoration.com\/blog\/wp-content\/uploads\/2020\/07\/deco-chambre-enfant-ludique-rentree-11.jpeg\" alt=\"deco chambre enfant ludique rentree 11\" data-id=\"27491\" class=\"wp-image-27491\" srcset=\"https:\/\/www.cocondedecoration.com\/blog\/wp-content\/uploads\/2020\/07\/deco-chambre-enfant-ludique-rentree-11.jpeg 1000w, https:\/\/www.cocondedecoration.com\/blog\/wp-content\/uploads\/2020\/07\/deco-chambre-enfant-ludique-rentree-11-165x165.jpeg 165w, https:\/\/www.cocondedecoration.com\/blog\/wp-content\/uploads\/2020\/07\/deco-chambre-enfant-ludique-rentree-11-260x260.jpeg 260w, https:\/\/www.cocondedecoration.com\/blog\/wp-content\/uploads\/2020\/07\/deco-chambre-enfant-ludique-rentree-11-768x768.jpeg 768w, https:\/\/www.cocondedecoration.com\/blog\/wp-content\/uploads\/2020\/07\/deco-chambre-enfant-ludique-rentree-11-640x640.jpeg 640w, https:\/\/www.cocondedecoration.com\/blog\/wp-content\/uploads\/2020\/07\/deco-chambre-enfant-ludique-rentree-11-465x465.jpeg 465w, https:\/\/www.cocondedecoration.com\/blog\/wp-content\/uploads\/2020\/07\/deco-chambre-enfant-ludique-rentree-11-500x500.jpeg 500w\" sizes=\"(max-width: 1000px) 100vw, 1000px\" \/><\/figure><\/li><li class=\"blocks-gallery-item\"><figure><img loading=\"lazy\" decoding=\"async\" width=\"1000\" height=\"1000\" src=\"https:\/\/www.cocondedecoration.com\/blog\/wp-content\/uploads\/2020\/07\/deco-chambre-enfant-ludique-rentree-8.jpeg\" alt=\"deco chambre enfant ludique rentree 8\" data-id=\"27488\" class=\"wp-image-27488\" srcset=\"https:\/\/www.cocondedecoration.com\/blog\/wp-content\/uploads\/2020\/07\/deco-chambre-enfant-ludique-rentree-8.jpeg 1000w, https:\/\/www.cocondedecoration.com\/blog\/wp-content\/uploads\/2020\/07\/deco-chambre-enfant-ludique-rentree-8-165x165.jpeg 165w, https:\/\/www.cocondedecoration.com\/blog\/wp-content\/uploads\/2020\/07\/deco-chambre-enfant-ludique-rentree-8-260x260.jpeg 260w, https:\/\/www.cocondedecoration.com\/blog\/wp-content\/uploads\/2020\/07\/deco-chambre-enfant-ludique-rentree-8-768x768.jpeg 768w, https:\/\/www.cocondedecoration.com\/blog\/wp-content\/uploads\/2020\/07\/deco-chambre-enfant-ludique-rentree-8-640x640.jpeg 640w, https:\/\/www.cocondedecoration.com\/blog\/wp-content\/uploads\/2020\/07\/deco-chambre-enfant-ludique-rentree-8-465x465.jpeg 465w, https:\/\/www.cocondedecoration.com\/blog\/wp-content\/uploads\/2020\/07\/deco-chambre-enfant-ludique-rentree-8-500x500.jpeg 500w\" sizes=\"(max-width: 1000px) 100vw, 1000px\" \/><\/figure><\/li><li class=\"blocks-gallery-item\"><figure><img loading=\"lazy\" decoding=\"async\" width=\"1000\" height=\"1000\" src=\"https:\/\/www.cocondedecoration.com\/blog\/wp-content\/uploads\/2020\/07\/deco-chambre-enfant-ludique-rentree-9.jpeg\" alt=\"deco chambre enfant ludique rentree 9\" data-id=\"27489\" class=\"wp-image-27489\" srcset=\"https:\/\/www.cocondedecoration.com\/blog\/wp-content\/uploads\/2020\/07\/deco-chambre-enfant-ludique-rentree-9.jpeg 1000w, https:\/\/www.cocondedecoration.com\/blog\/wp-content\/uploads\/2020\/07\/deco-chambre-enfant-ludique-rentree-9-165x165.jpeg 165w, https:\/\/www.cocondedecoration.com\/blog\/wp-content\/uploads\/2020\/07\/deco-chambre-enfant-ludique-rentree-9-260x260.jpeg 260w, https:\/\/www.cocondedecoration.com\/blog\/wp-content\/uploads\/2020\/07\/deco-chambre-enfant-ludique-rentree-9-768x768.jpeg 768w, https:\/\/www.cocondedecoration.com\/blog\/wp-content\/uploads\/2020\/07\/deco-chambre-enfant-ludique-rentree-9-640x640.jpeg 640w, https:\/\/www.cocondedecoration.com\/blog\/wp-content\/uploads\/2020\/07\/deco-chambre-enfant-ludique-rentree-9-465x465.jpeg 465w, https:\/\/www.cocondedecoration.com\/blog\/wp-content\/uploads\/2020\/07\/deco-chambre-enfant-ludique-rentree-9-500x500.jpeg 500w\" sizes=\"(max-width: 1000px) 100vw, 1000px\" \/><\/figure><\/li><li class=\"blocks-gallery-item\"><figure><img data-id=\"27490\" class=\"wp-image-27490\"><\/figure><\/li><li class=\"blocks-gallery-item\"><figure><img data-id=\"27495\" class=\"wp-image-27495\"><\/figure><\/li><\/ul><a name=\"toc-1\" style=\"text-decoration: none;\"><\/a><h2 class=\"wp-block-heading\">L'ado et la rentr&eacute;e<\/h2>\n\n\n\n<p>Passons &agrave; la rentr&eacute;e des adolescents. Elle est loin l'&eacute;poque o&ugrave; vous conduisiez votre enfant devant la porte de sa nouvelle classe et qu'il vous faisait un bisou avant de partir. J'aime l'univers de l'adolescent parce qu'il est tout &agrave; fait singulier au quotidien. Il vit chez vous donc doit ob&eacute;ir &agrave; vos r&egrave;gles, doit composer avec un espace qui n'est pas le sien. Il a aussi parfois des envies d'ind&eacute;pendance, de tranquillit&eacute;. Et souvent les devoirs se font dans la chambre, avec un peu de bol sur le bureau, parfois dans le lit. (Je ne vais pas critiquer, j'&eacute;cris cet article depuis mon lit!) L'adolescent n'a donc pas les m&ecirc;mes besoins qu'un enfant de primaire. Il lui faut un bureau, un espace de rangement pour ses affaires d'&eacute;cole. Il y aura aussi peut-&ecirc;tre une dimension esth&eacute;tique &agrave; son espace bureau avec laquelle il faudra apprendre &agrave; composer. J'ai eu des parents cool donc j'avais une grande libert&eacute; dans ma chambre m&ecirc;me si j'y faisais rarement mes devoirs.<\/p>\n\n\n\n<h3 class=\"wp-block-heading\">Les indispensables pour un bureau d'adolescent<\/h3>\n\n\n\n<div class=\"wp-block-image\"><figure class=\"aligncenter\"><img loading=\"lazy\" decoding=\"async\" width=\"640\" height=\"640\" src=\"http:\/\/www.cocondedecoration.com\/blog\/wp-content\/uploads\/2020\/07\/indispensable-deco-bureau-adolescent-1-640x640.jpeg\" alt=\"indispensable deco bureau adolescent 1\" class=\"wp-image-27500\" srcset=\"https:\/\/www.cocondedecoration.com\/blog\/wp-content\/uploads\/2020\/07\/indispensable-deco-bureau-adolescent-1-640x640.jpeg 640w, https:\/\/www.cocondedecoration.com\/blog\/wp-content\/uploads\/2020\/07\/indispensable-deco-bureau-adolescent-1-165x165.jpeg 165w, https:\/\/www.cocondedecoration.com\/blog\/wp-content\/uploads\/2020\/07\/indispensable-deco-bureau-adolescent-1-260x260.jpeg 260w, https:\/\/www.cocondedecoration.com\/blog\/wp-content\/uploads\/2020\/07\/indispensable-deco-bureau-adolescent-1-768x768.jpeg 768w, https:\/\/www.cocondedecoration.com\/blog\/wp-content\/uploads\/2020\/07\/indispensable-deco-bureau-adolescent-1-465x465.jpeg 465w, https:\/\/www.cocondedecoration.com\/blog\/wp-content\/uploads\/2020\/07\/indispensable-deco-bureau-adolescent-1-500x500.jpeg 500w, https:\/\/www.cocondedecoration.com\/blog\/wp-content\/uploads\/2020\/07\/indispensable-deco-bureau-adolescent-1.jpeg 1000w\" sizes=\"(max-width: 640px) 100vw, 640px\" \/><\/figure><\/div>\n\n\n\n<ul class=\"wp-block-gallery columns-3 is-cropped wp-block-gallery-4 is-layout-flex wp-block-gallery-is-layout-flex\"><li class=\"blocks-gallery-item\"><figure><img data-id=\"27501\" class=\"wp-image-27501\"><\/figure><\/li><li class=\"blocks-gallery-item\"><figure><img data-id=\"27502\" class=\"wp-image-27502\"><\/figure><\/li><li class=\"blocks-gallery-item\"><figure><img loading=\"lazy\" decoding=\"async\" width=\"1000\" height=\"1000\" src=\"https:\/\/www.cocondedecoration.com\/blog\/wp-content\/uploads\/2020\/07\/indispensable-deco-bureau-adolescent-4.jpeg\" alt=\"indispensable deco bureau adolescent 4\" data-id=\"27503\" class=\"wp-image-27503\" srcset=\"https:\/\/www.cocondedecoration.com\/blog\/wp-content\/uploads\/2020\/07\/indispensable-deco-bureau-adolescent-4.jpeg 1000w, https:\/\/www.cocondedecoration.com\/blog\/wp-content\/uploads\/2020\/07\/indispensable-deco-bureau-adolescent-4-165x165.jpeg 165w, https:\/\/www.cocondedecoration.com\/blog\/wp-content\/uploads\/2020\/07\/indispensable-deco-bureau-adolescent-4-260x260.jpeg 260w, https:\/\/www.cocondedecoration.com\/blog\/wp-content\/uploads\/2020\/07\/indispensable-deco-bureau-adolescent-4-768x768.jpeg 768w, https:\/\/www.cocondedecoration.com\/blog\/wp-content\/uploads\/2020\/07\/indispensable-deco-bureau-adolescent-4-640x640.jpeg 640w, https:\/\/www.cocondedecoration.com\/blog\/wp-content\/uploads\/2020\/07\/indispensable-deco-bureau-adolescent-4-465x465.jpeg 465w, https:\/\/www.cocondedecoration.com\/blog\/wp-content\/uploads\/2020\/07\/indispensable-deco-bureau-adolescent-4-500x500.jpeg 500w\" sizes=\"(max-width: 1000px) 100vw, 1000px\" \/><\/figure><\/li><li class=\"blocks-gallery-item\"><figure><img data-id=\"27504\" class=\"wp-image-27504\"><\/figure><\/li><li class=\"blocks-gallery-item\"><figure><img data-id=\"27505\" class=\"wp-image-27505\"><\/figure><\/li><li class=\"blocks-gallery-item\"><figure><img data-id=\"27506\" class=\"wp-image-27506\"><\/figure><\/li><\/ul><h3 class=\"wp-block-heading\">Le bureau que j'aurais aim&eacute; avoir en &eacute;tant ado<\/h3>\n\n\n\n<div class=\"wp-block-image\"><figure class=\"aligncenter\"><img loading=\"lazy\" decoding=\"async\" width=\"640\" height=\"640\" src=\"http:\/\/www.cocondedecoration.com\/blog\/wp-content\/uploads\/2020\/07\/chambre-adolescent-bureau-decoration-mobilier-640x640.jpeg\" alt=\"chambre adolescent bureau decoration mobilier\" class=\"wp-image-27516\" srcset=\"https:\/\/www.cocondedecoration.com\/blog\/wp-content\/uploads\/2020\/07\/chambre-adolescent-bureau-decoration-mobilier-640x640.jpeg 640w, https:\/\/www.cocondedecoration.com\/blog\/wp-content\/uploads\/2020\/07\/chambre-adolescent-bureau-decoration-mobilier-165x165.jpeg 165w, https:\/\/www.cocondedecoration.com\/blog\/wp-content\/uploads\/2020\/07\/chambre-adolescent-bureau-decoration-mobilier-260x260.jpeg 260w, https:\/\/www.cocondedecoration.com\/blog\/wp-content\/uploads\/2020\/07\/chambre-adolescent-bureau-decoration-mobilier-768x768.jpeg 768w, https:\/\/www.cocondedecoration.com\/blog\/wp-content\/uploads\/2020\/07\/chambre-adolescent-bureau-decoration-mobilier-465x465.jpeg 465w, https:\/\/www.cocondedecoration.com\/blog\/wp-content\/uploads\/2020\/07\/chambre-adolescent-bureau-decoration-mobilier-500x500.jpeg 500w, https:\/\/www.cocondedecoration.com\/blog\/wp-content\/uploads\/2020\/07\/chambre-adolescent-bureau-decoration-mobilier.jpeg 1000w\" sizes=\"(max-width: 640px) 100vw, 640px\" \/><\/figure><\/div>\n\n\n\n<ul class=\"wp-block-gallery columns-4 is-cropped wp-block-gallery-5 is-layout-flex wp-block-gallery-is-layout-flex\"><li class=\"blocks-gallery-item\"><figure><img loading=\"lazy\" decoding=\"async\" width=\"1000\" height=\"1000\" src=\"https:\/\/www.cocondedecoration.com\/blog\/wp-content\/uploads\/2020\/07\/chambre-adolescent-bureau-decoration-mobilier-8.jpeg\" alt=\"chambre adolescent bureau decoration mobilier 8\" data-id=\"27515\" class=\"wp-image-27515\" srcset=\"https:\/\/www.cocondedecoration.com\/blog\/wp-content\/uploads\/2020\/07\/chambre-adolescent-bureau-decoration-mobilier-8.jpeg 1000w, https:\/\/www.cocondedecoration.com\/blog\/wp-content\/uploads\/2020\/07\/chambre-adolescent-bureau-decoration-mobilier-8-165x165.jpeg 165w, https:\/\/www.cocondedecoration.com\/blog\/wp-content\/uploads\/2020\/07\/chambre-adolescent-bureau-decoration-mobilier-8-260x260.jpeg 260w, https:\/\/www.cocondedecoration.com\/blog\/wp-content\/uploads\/2020\/07\/chambre-adolescent-bureau-decoration-mobilier-8-768x768.jpeg 768w, https:\/\/www.cocondedecoration.com\/blog\/wp-content\/uploads\/2020\/07\/chambre-adolescent-bureau-decoration-mobilier-8-640x640.jpeg 640w, https:\/\/www.cocondedecoration.com\/blog\/wp-content\/uploads\/2020\/07\/chambre-adolescent-bureau-decoration-mobilier-8-465x465.jpeg 465w, https:\/\/www.cocondedecoration.com\/blog\/wp-content\/uploads\/2020\/07\/chambre-adolescent-bureau-decoration-mobilier-8-500x500.jpeg 500w\" sizes=\"(max-width: 1000px) 100vw, 1000px\" \/><\/figure><\/li><li class=\"blocks-gallery-item\"><figure><img loading=\"lazy\" decoding=\"async\" width=\"1000\" height=\"1000\" src=\"https:\/\/www.cocondedecoration.com\/blog\/wp-content\/uploads\/2020\/07\/chambre-adolescent-bureau-decoration-mobilier-7.jpeg\" alt=\"chambre adolescent bureau decoration mobilier 7\" data-id=\"27514\" class=\"wp-image-27514\" srcset=\"https:\/\/www.cocondedecoration.com\/blog\/wp-content\/uploads\/2020\/07\/chambre-adolescent-bureau-decoration-mobilier-7.jpeg 1000w, https:\/\/www.cocondedecoration.com\/blog\/wp-content\/uploads\/2020\/07\/chambre-adolescent-bureau-decoration-mobilier-7-165x165.jpeg 165w, https:\/\/www.cocondedecoration.com\/blog\/wp-content\/uploads\/2020\/07\/chambre-adolescent-bureau-decoration-mobilier-7-260x260.jpeg 260w, https:\/\/www.cocondedecoration.com\/blog\/wp-content\/uploads\/2020\/07\/chambre-adolescent-bureau-decoration-mobilier-7-768x768.jpeg 768w, https:\/\/www.cocondedecoration.com\/blog\/wp-content\/uploads\/2020\/07\/chambre-adolescent-bureau-decoration-mobilier-7-640x640.jpeg 640w, https:\/\/www.cocondedecoration.com\/blog\/wp-content\/uploads\/2020\/07\/chambre-adolescent-bureau-decoration-mobilier-7-465x465.jpeg 465w, https:\/\/www.cocondedecoration.com\/blog\/wp-content\/uploads\/2020\/07\/chambre-adolescent-bureau-decoration-mobilier-7-500x500.jpeg 500w\" sizes=\"(max-width: 1000px) 100vw, 1000px\" \/><\/figure><\/li><li class=\"blocks-gallery-item\"><figure><img data-id=\"27513\" class=\"wp-image-27513\"><\/figure><\/li><li class=\"blocks-gallery-item\"><figure><img data-id=\"27512\" class=\"wp-image-27512\"><\/figure><\/li><li class=\"blocks-gallery-item\"><figure><img data-id=\"27511\" class=\"wp-image-27511\"><\/figure><\/li><li class=\"blocks-gallery-item\"><figure><img data-id=\"27508\" class=\"wp-image-27508\"><\/figure><\/li><li class=\"blocks-gallery-item\"><figure><img data-id=\"27509\" class=\"wp-image-27509\"><\/figure><\/li><li class=\"blocks-gallery-item\"><figure><img data-id=\"27510\" class=\"wp-image-27510\"><\/figure><\/li><\/ul><a name=\"toc-2\" style=\"text-decoration: none;\"><\/a><h2 class=\"wp-block-heading\">Mauvais(e) &eacute;l&egrave;ve et la rentr&eacute;e - une autre approche de l'&eacute;cole via la d&eacute;co<\/h2>\n\n\n\n<p>Je l'avais annonc&eacute; du bout des l&egrave;vres, dans cet article, j'ai eu envie de mettre en avant les &eacute;l&egrave;ves qui ne sont pas tr&egrave;s bons &agrave; l'&eacute;cole. Parce qu'ils existent m&ecirc;me si on en parle rarement, parce qu'ils sont tr&egrave;s souvent incompris, parce qu'ils ont des besoins diff&eacute;rents des &eacute;l&egrave;ves classiques. Un &eacute;l&egrave;ve n'est jamais nul m&ecirc;me si certains profs ne se g&ecirc;nent pas pour le dire. Un mauvais &eacute;l&egrave;ve n'est pas nul, il a juste des difficult&eacute;s et souvent elles ne sont pas comprises. Ai-je besoin de pr&eacute;ciser que je n'&eacute;tais pas une tr&egrave;s bonne &eacute;l&egrave;ve? De la maternelle jusqu'&agrave; ma deuxi&egrave;me premi&egrave;re je garde en souvenir un ennui intersid&eacute;ral qui s'est un peu calm&eacute; par la suite en 1&egrave;re, terminale et &agrave; la fac. Enfin bref, la rentr&eacute;e pour un &eacute;l&egrave;ve qui n'est pas tr&egrave;s bon ce n'est pas une source de plaisir, n&eacute;anmoins, il existe quelques alternatives pour le r&eacute;concilier avec la reprise de l'&eacute;cole et &ccedil;a commence &agrave; la maison.<\/p>\n\n\n\n<h3 class=\"wp-block-heading\">Un environnement pour apprendre diff&eacute;remment<\/h3>\n\n\n\n<ul class=\"wp-block-gallery columns-3 is-cropped wp-block-gallery-6 is-layout-flex wp-block-gallery-is-layout-flex\"><li class=\"blocks-gallery-item\"><figure><img loading=\"lazy\" decoding=\"async\" width=\"1000\" height=\"1000\" src=\"https:\/\/www.cocondedecoration.com\/blog\/wp-content\/uploads\/2020\/07\/alternative-bureau-enfant-1.jpeg\" alt=\"alternative bureau enfant 1\" data-id=\"27518\" class=\"wp-image-27518\" srcset=\"https:\/\/www.cocondedecoration.com\/blog\/wp-content\/uploads\/2020\/07\/alternative-bureau-enfant-1.jpeg 1000w, https:\/\/www.cocondedecoration.com\/blog\/wp-content\/uploads\/2020\/07\/alternative-bureau-enfant-1-165x165.jpeg 165w, https:\/\/www.cocondedecoration.com\/blog\/wp-content\/uploads\/2020\/07\/alternative-bureau-enfant-1-260x260.jpeg 260w, https:\/\/www.cocondedecoration.com\/blog\/wp-content\/uploads\/2020\/07\/alternative-bureau-enfant-1-768x768.jpeg 768w, https:\/\/www.cocondedecoration.com\/blog\/wp-content\/uploads\/2020\/07\/alternative-bureau-enfant-1-640x640.jpeg 640w, https:\/\/www.cocondedecoration.com\/blog\/wp-content\/uploads\/2020\/07\/alternative-bureau-enfant-1-465x465.jpeg 465w, https:\/\/www.cocondedecoration.com\/blog\/wp-content\/uploads\/2020\/07\/alternative-bureau-enfant-1-500x500.jpeg 500w\" sizes=\"(max-width: 1000px) 100vw, 1000px\" \/><\/figure><\/li><li class=\"blocks-gallery-item\"><figure><img loading=\"lazy\" decoding=\"async\" width=\"1000\" height=\"1000\" src=\"https:\/\/www.cocondedecoration.com\/blog\/wp-content\/uploads\/2020\/07\/alternative-bureau-enfant-2.jpeg\" alt=\"alternative bureau enfant 2\" data-id=\"27519\" class=\"wp-image-27519\" srcset=\"https:\/\/www.cocondedecoration.com\/blog\/wp-content\/uploads\/2020\/07\/alternative-bureau-enfant-2.jpeg 1000w, https:\/\/www.cocondedecoration.com\/blog\/wp-content\/uploads\/2020\/07\/alternative-bureau-enfant-2-165x165.jpeg 165w, https:\/\/www.cocondedecoration.com\/blog\/wp-content\/uploads\/2020\/07\/alternative-bureau-enfant-2-260x260.jpeg 260w, https:\/\/www.cocondedecoration.com\/blog\/wp-content\/uploads\/2020\/07\/alternative-bureau-enfant-2-768x768.jpeg 768w, https:\/\/www.cocondedecoration.com\/blog\/wp-content\/uploads\/2020\/07\/alternative-bureau-enfant-2-640x640.jpeg 640w, https:\/\/www.cocondedecoration.com\/blog\/wp-content\/uploads\/2020\/07\/alternative-bureau-enfant-2-465x465.jpeg 465w, https:\/\/www.cocondedecoration.com\/blog\/wp-content\/uploads\/2020\/07\/alternative-bureau-enfant-2-500x500.jpeg 500w\" sizes=\"(max-width: 1000px) 100vw, 1000px\" \/><\/figure><\/li><li class=\"blocks-gallery-item\"><figure><img data-id=\"27520\" class=\"wp-image-27520\"><\/figure><\/li><li class=\"blocks-gallery-item\"><figure><img data-id=\"27521\" class=\"wp-image-27521\"><\/figure><\/li><li class=\"blocks-gallery-item\"><figure><img data-id=\"27522\" class=\"wp-image-27522\"><\/figure><\/li><li class=\"blocks-gallery-item\"><figure><img data-id=\"27523\" class=\"wp-image-27523\"><\/figure><\/li><\/ul><h3 class=\"wp-block-heading\">Un espace relaxation pour les enfants qui ont besoin de d&eacute;compresser<\/h3>\n\n\n\n<ul class=\"wp-block-gallery columns-4 is-cropped wp-block-gallery-7 is-layout-flex wp-block-gallery-is-layout-flex\"><li class=\"blocks-gallery-item\"><figure><img data-id=\"27525\" class=\"wp-image-27525\"><\/figure><\/li><li class=\"blocks-gallery-item\"><figure><img data-id=\"27526\" class=\"wp-image-27526\"><\/figure><\/li><li class=\"blocks-gallery-item\"><figure><img data-id=\"27528\" class=\"wp-image-27528\"><\/figure><\/li><li class=\"blocks-gallery-item\"><figure><img loading=\"lazy\" decoding=\"async\" width=\"1000\" height=\"1000\" src=\"https:\/\/www.cocondedecoration.com\/blog\/wp-content\/uploads\/2020\/07\/decoration-enfant-espace-relaxation-7.jpeg\" alt=\"decoration enfant espace relaxation 7\" data-id=\"27531\" class=\"wp-image-27531\" srcset=\"https:\/\/www.cocondedecoration.com\/blog\/wp-content\/uploads\/2020\/07\/decoration-enfant-espace-relaxation-7.jpeg 1000w, https:\/\/www.cocondedecoration.com\/blog\/wp-content\/uploads\/2020\/07\/decoration-enfant-espace-relaxation-7-165x165.jpeg 165w, https:\/\/www.cocondedecoration.com\/blog\/wp-content\/uploads\/2020\/07\/decoration-enfant-espace-relaxation-7-260x260.jpeg 260w, https:\/\/www.cocondedecoration.com\/blog\/wp-content\/uploads\/2020\/07\/decoration-enfant-espace-relaxation-7-768x768.jpeg 768w, https:\/\/www.cocondedecoration.com\/blog\/wp-content\/uploads\/2020\/07\/decoration-enfant-espace-relaxation-7-640x640.jpeg 640w, https:\/\/www.cocondedecoration.com\/blog\/wp-content\/uploads\/2020\/07\/decoration-enfant-espace-relaxation-7-465x465.jpeg 465w, https:\/\/www.cocondedecoration.com\/blog\/wp-content\/uploads\/2020\/07\/decoration-enfant-espace-relaxation-7-500x500.jpeg 500w\" sizes=\"(max-width: 1000px) 100vw, 1000px\" \/><\/figure><\/li><li class=\"blocks-gallery-item\"><figure><img loading=\"lazy\" decoding=\"async\" width=\"1000\" height=\"1000\" src=\"https:\/\/www.cocondedecoration.com\/blog\/wp-content\/uploads\/2020\/07\/decoration-enfant-espace-relaxation-5.jpeg\" alt=\"decoration enfant espace relaxation 5\" data-id=\"27529\" class=\"wp-image-27529\" srcset=\"https:\/\/www.cocondedecoration.com\/blog\/wp-content\/uploads\/2020\/07\/decoration-enfant-espace-relaxation-5.jpeg 1000w, https:\/\/www.cocondedecoration.com\/blog\/wp-content\/uploads\/2020\/07\/decoration-enfant-espace-relaxation-5-165x165.jpeg 165w, https:\/\/www.cocondedecoration.com\/blog\/wp-content\/uploads\/2020\/07\/decoration-enfant-espace-relaxation-5-260x260.jpeg 260w, https:\/\/www.cocondedecoration.com\/blog\/wp-content\/uploads\/2020\/07\/decoration-enfant-espace-relaxation-5-768x768.jpeg 768w, https:\/\/www.cocondedecoration.com\/blog\/wp-content\/uploads\/2020\/07\/decoration-enfant-espace-relaxation-5-640x640.jpeg 640w, https:\/\/www.cocondedecoration.com\/blog\/wp-content\/uploads\/2020\/07\/decoration-enfant-espace-relaxation-5-465x465.jpeg 465w, https:\/\/www.cocondedecoration.com\/blog\/wp-content\/uploads\/2020\/07\/decoration-enfant-espace-relaxation-5-500x500.jpeg 500w\" sizes=\"(max-width: 1000px) 100vw, 1000px\" \/><\/figure><\/li><li class=\"blocks-gallery-item\"><figure><img data-id=\"27530\" class=\"wp-image-27530\"><\/figure><\/li><li class=\"blocks-gallery-item\"><figure><img data-id=\"27527\" class=\"wp-image-27527\"><\/figure><\/li><li class=\"blocks-gallery-item\"><figure><img data-id=\"27532\" class=\"wp-image-27532\"><\/figure><\/li><\/ul><a name=\"toc-3\" style=\"text-decoration: none;\"><\/a><h2 class=\"wp-block-heading\">Et on n'oublie pas la rentr&eacute;e des parents<\/h2>\n\n\n\n<p>Et puis septembre, c'est un mois particulier dans l'univers des parents. Vous reprenez le travail apr&egrave;s une p&eacute;riode de vacances. Septembre est aussi un mois dans l'ann&eacute;e propice pour prendre de nouvelles r&eacute;solutions, notamment en mati&egrave;re d'organisation. Du coup, la rentr&eacute;e, c'est aussi l'occasion de faire quelques am&eacute;nagements pour les adultes de la maison. J'ai d&eacute;j&agrave; trait&eacute; le sujet du t&eacute;l&eacute;travail cette ann&eacute;e, c'&eacute;tait un peu dans l'urgence vu la situation au 1er semestre. Peut-&ecirc;tre avez-vous la possibilit&eacute; de continuer &agrave; exercer votre activit&eacute; professionnelle depuis chez vous, la rentr&eacute;e est donc l'occasion pour repartir sur de bonnes bases pour mieux travailler dans les meilleures conditions possibles.<\/p>\n\n\n\n<h3 class=\"wp-block-heading\">Un bureau d'appoint pour l'administratif au quotidien<\/h3>\n\n\n\n<ul class=\"wp-block-gallery columns-4 is-cropped wp-block-gallery-8 is-layout-flex wp-block-gallery-is-layout-flex\"><li class=\"blocks-gallery-item\"><figure><img loading=\"lazy\" decoding=\"async\" width=\"1000\" height=\"1000\" src=\"https:\/\/www.cocondedecoration.com\/blog\/wp-content\/uploads\/2020\/07\/espace-bureau-maison-appoint-4.jpeg\" alt=\"espace bureau maison appoint 4\" data-id=\"27536\" class=\"wp-image-27536\" srcset=\"https:\/\/www.cocondedecoration.com\/blog\/wp-content\/uploads\/2020\/07\/espace-bureau-maison-appoint-4.jpeg 1000w, https:\/\/www.cocondedecoration.com\/blog\/wp-content\/uploads\/2020\/07\/espace-bureau-maison-appoint-4-165x165.jpeg 165w, https:\/\/www.cocondedecoration.com\/blog\/wp-content\/uploads\/2020\/07\/espace-bureau-maison-appoint-4-260x260.jpeg 260w, https:\/\/www.cocondedecoration.com\/blog\/wp-content\/uploads\/2020\/07\/espace-bureau-maison-appoint-4-768x768.jpeg 768w, https:\/\/www.cocondedecoration.com\/blog\/wp-content\/uploads\/2020\/07\/espace-bureau-maison-appoint-4-640x640.jpeg 640w, https:\/\/www.cocondedecoration.com\/blog\/wp-content\/uploads\/2020\/07\/espace-bureau-maison-appoint-4-465x465.jpeg 465w, https:\/\/www.cocondedecoration.com\/blog\/wp-content\/uploads\/2020\/07\/espace-bureau-maison-appoint-4-500x500.jpeg 500w\" sizes=\"(max-width: 1000px) 100vw, 1000px\" \/><\/figure><\/li><li class=\"blocks-gallery-item\"><figure><img loading=\"lazy\" decoding=\"async\" width=\"1000\" height=\"1000\" src=\"https:\/\/www.cocondedecoration.com\/blog\/wp-content\/uploads\/2020\/07\/espace-bureau-maison-appoint-6.jpeg\" alt=\"espace bureau maison appoint 6\" data-id=\"27538\" class=\"wp-image-27538\" srcset=\"https:\/\/www.cocondedecoration.com\/blog\/wp-content\/uploads\/2020\/07\/espace-bureau-maison-appoint-6.jpeg 1000w, https:\/\/www.cocondedecoration.com\/blog\/wp-content\/uploads\/2020\/07\/espace-bureau-maison-appoint-6-165x165.jpeg 165w, https:\/\/www.cocondedecoration.com\/blog\/wp-content\/uploads\/2020\/07\/espace-bureau-maison-appoint-6-260x260.jpeg 260w, https:\/\/www.cocondedecoration.com\/blog\/wp-content\/uploads\/2020\/07\/espace-bureau-maison-appoint-6-768x768.jpeg 768w, https:\/\/www.cocondedecoration.com\/blog\/wp-content\/uploads\/2020\/07\/espace-bureau-maison-appoint-6-640x640.jpeg 640w, https:\/\/www.cocondedecoration.com\/blog\/wp-content\/uploads\/2020\/07\/espace-bureau-maison-appoint-6-465x465.jpeg 465w, https:\/\/www.cocondedecoration.com\/blog\/wp-content\/uploads\/2020\/07\/espace-bureau-maison-appoint-6-500x500.jpeg 500w\" sizes=\"(max-width: 1000px) 100vw, 1000px\" \/><\/figure><\/li><li class=\"blocks-gallery-item\"><figure><img loading=\"lazy\" decoding=\"async\" width=\"1000\" height=\"1000\" src=\"https:\/\/www.cocondedecoration.com\/blog\/wp-content\/uploads\/2020\/07\/espace-bureau-maison-appoint-7.jpeg\" alt=\"espace bureau maison appoint 7\" data-id=\"27539\" class=\"wp-image-27539\" srcset=\"https:\/\/www.cocondedecoration.com\/blog\/wp-content\/uploads\/2020\/07\/espace-bureau-maison-appoint-7.jpeg 1000w, https:\/\/www.cocondedecoration.com\/blog\/wp-content\/uploads\/2020\/07\/espace-bureau-maison-appoint-7-165x165.jpeg 165w, https:\/\/www.cocondedecoration.com\/blog\/wp-content\/uploads\/2020\/07\/espace-bureau-maison-appoint-7-260x260.jpeg 260w, https:\/\/www.cocondedecoration.com\/blog\/wp-content\/uploads\/2020\/07\/espace-bureau-maison-appoint-7-768x768.jpeg 768w, https:\/\/www.cocondedecoration.com\/blog\/wp-content\/uploads\/2020\/07\/espace-bureau-maison-appoint-7-640x640.jpeg 640w, https:\/\/www.cocondedecoration.com\/blog\/wp-content\/uploads\/2020\/07\/espace-bureau-maison-appoint-7-465x465.jpeg 465w, https:\/\/www.cocondedecoration.com\/blog\/wp-content\/uploads\/2020\/07\/espace-bureau-maison-appoint-7-500x500.jpeg 500w\" sizes=\"(max-width: 1000px) 100vw, 1000px\" \/><\/figure><\/li><li class=\"blocks-gallery-item\"><figure><img data-id=\"27540\" class=\"wp-image-27540\"><\/figure><\/li><li class=\"blocks-gallery-item\"><figure><img data-id=\"27537\" class=\"wp-image-27537\"><\/figure><\/li><li class=\"blocks-gallery-item\"><figure><img loading=\"lazy\" decoding=\"async\" width=\"1000\" height=\"1000\" src=\"https:\/\/www.cocondedecoration.com\/blog\/wp-content\/uploads\/2020\/07\/espace-bureau-maison-appoint-1.jpeg\" alt=\"espace bureau maison appoint 1\" data-id=\"27533\" class=\"wp-image-27533\" srcset=\"https:\/\/www.cocondedecoration.com\/blog\/wp-content\/uploads\/2020\/07\/espace-bureau-maison-appoint-1.jpeg 1000w, https:\/\/www.cocondedecoration.com\/blog\/wp-content\/uploads\/2020\/07\/espace-bureau-maison-appoint-1-165x165.jpeg 165w, https:\/\/www.cocondedecoration.com\/blog\/wp-content\/uploads\/2020\/07\/espace-bureau-maison-appoint-1-260x260.jpeg 260w, https:\/\/www.cocondedecoration.com\/blog\/wp-content\/uploads\/2020\/07\/espace-bureau-maison-appoint-1-768x768.jpeg 768w, https:\/\/www.cocondedecoration.com\/blog\/wp-content\/uploads\/2020\/07\/espace-bureau-maison-appoint-1-640x640.jpeg 640w, https:\/\/www.cocondedecoration.com\/blog\/wp-content\/uploads\/2020\/07\/espace-bureau-maison-appoint-1-465x465.jpeg 465w, https:\/\/www.cocondedecoration.com\/blog\/wp-content\/uploads\/2020\/07\/espace-bureau-maison-appoint-1-500x500.jpeg 500w\" sizes=\"(max-width: 1000px) 100vw, 1000px\" \/><\/figure><\/li><li class=\"blocks-gallery-item\"><figure><img data-id=\"27534\" class=\"wp-image-27534\"><\/figure><\/li><li class=\"blocks-gallery-item\"><figure><img data-id=\"27535\" class=\"wp-image-27535\"><\/figure><\/li><\/ul><h3 class=\"wp-block-heading\">Un bureau pour le t&eacute;l&eacute;travail<\/h3>\n\n\n\n<div class=\"wp-block-image\"><figure class=\"aligncenter\"><img loading=\"lazy\" decoding=\"async\" width=\"640\" height=\"640\" src=\"http:\/\/www.cocondedecoration.com\/blog\/wp-content\/uploads\/2020\/07\/bureau-teletravail-domicile-amenagement-640x640.jpeg\" alt=\"bureau teletravail domicile amenagement\" class=\"wp-image-27550\" srcset=\"https:\/\/www.cocondedecoration.com\/blog\/wp-content\/uploads\/2020\/07\/bureau-teletravail-domicile-amenagement-640x640.jpeg 640w, https:\/\/www.cocondedecoration.com\/blog\/wp-content\/uploads\/2020\/07\/bureau-teletravail-domicile-amenagement-165x165.jpeg 165w, https:\/\/www.cocondedecoration.com\/blog\/wp-content\/uploads\/2020\/07\/bureau-teletravail-domicile-amenagement-260x260.jpeg 260w, https:\/\/www.cocondedecoration.com\/blog\/wp-content\/uploads\/2020\/07\/bureau-teletravail-domicile-amenagement-768x768.jpeg 768w, https:\/\/www.cocondedecoration.com\/blog\/wp-content\/uploads\/2020\/07\/bureau-teletravail-domicile-amenagement-465x465.jpeg 465w, https:\/\/www.cocondedecoration.com\/blog\/wp-content\/uploads\/2020\/07\/bureau-teletravail-domicile-amenagement-500x500.jpeg 500w, https:\/\/www.cocondedecoration.com\/blog\/wp-content\/uploads\/2020\/07\/bureau-teletravail-domicile-amenagement.jpeg 1000w\" sizes=\"(max-width: 640px) 100vw, 640px\" \/><\/figure><\/div>\n\n\n\n<ul class=\"wp-block-gallery columns-4 is-cropped wp-block-gallery-9 is-layout-flex wp-block-gallery-is-layout-flex\"><li class=\"blocks-gallery-item\"><figure><img loading=\"lazy\" decoding=\"async\" width=\"1000\" height=\"1000\" src=\"https:\/\/www.cocondedecoration.com\/blog\/wp-content\/uploads\/2020\/07\/bureau-teletravail-domicile-amenagement-1.jpeg\" alt=\"bureau teletravail domicile amenagement 1\" data-id=\"27542\" class=\"wp-image-27542\" srcset=\"https:\/\/www.cocondedecoration.com\/blog\/wp-content\/uploads\/2020\/07\/bureau-teletravail-domicile-amenagement-1.jpeg 1000w, https:\/\/www.cocondedecoration.com\/blog\/wp-content\/uploads\/2020\/07\/bureau-teletravail-domicile-amenagement-1-165x165.jpeg 165w, https:\/\/www.cocondedecoration.com\/blog\/wp-content\/uploads\/2020\/07\/bureau-teletravail-domicile-amenagement-1-260x260.jpeg 260w, https:\/\/www.cocondedecoration.com\/blog\/wp-content\/uploads\/2020\/07\/bureau-teletravail-domicile-amenagement-1-768x768.jpeg 768w, https:\/\/www.cocondedecoration.com\/blog\/wp-content\/uploads\/2020\/07\/bureau-teletravail-domicile-amenagement-1-640x640.jpeg 640w, https:\/\/www.cocondedecoration.com\/blog\/wp-content\/uploads\/2020\/07\/bureau-teletravail-domicile-amenagement-1-465x465.jpeg 465w, https:\/\/www.cocondedecoration.com\/blog\/wp-content\/uploads\/2020\/07\/bureau-teletravail-domicile-amenagement-1-500x500.jpeg 500w\" sizes=\"(max-width: 1000px) 100vw, 1000px\" \/><\/figure><\/li><li class=\"blocks-gallery-item\"><figure><img loading=\"lazy\" decoding=\"async\" width=\"1000\" height=\"1000\" src=\"https:\/\/www.cocondedecoration.com\/blog\/wp-content\/uploads\/2020\/07\/bureau-teletravail-domicile-amenagement-8.jpeg\" alt=\"bureau teletravail domicile amenagement 8\" data-id=\"27549\" class=\"wp-image-27549\" srcset=\"https:\/\/www.cocondedecoration.com\/blog\/wp-content\/uploads\/2020\/07\/bureau-teletravail-domicile-amenagement-8.jpeg 1000w, https:\/\/www.cocondedecoration.com\/blog\/wp-content\/uploads\/2020\/07\/bureau-teletravail-domicile-amenagement-8-165x165.jpeg 165w, https:\/\/www.cocondedecoration.com\/blog\/wp-content\/uploads\/2020\/07\/bureau-teletravail-domicile-amenagement-8-260x260.jpeg 260w, https:\/\/www.cocondedecoration.com\/blog\/wp-content\/uploads\/2020\/07\/bureau-teletravail-domicile-amenagement-8-768x768.jpeg 768w, https:\/\/www.cocondedecoration.com\/blog\/wp-content\/uploads\/2020\/07\/bureau-teletravail-domicile-amenagement-8-640x640.jpeg 640w, https:\/\/www.cocondedecoration.com\/blog\/wp-content\/uploads\/2020\/07\/bureau-teletravail-domicile-amenagement-8-465x465.jpeg 465w, https:\/\/www.cocondedecoration.com\/blog\/wp-content\/uploads\/2020\/07\/bureau-teletravail-domicile-amenagement-8-500x500.jpeg 500w\" sizes=\"(max-width: 1000px) 100vw, 1000px\" \/><\/figure><\/li><li class=\"blocks-gallery-item\"><figure><img loading=\"lazy\" decoding=\"async\" width=\"1000\" height=\"1000\" src=\"https:\/\/www.cocondedecoration.com\/blog\/wp-content\/uploads\/2020\/07\/bureau-teletravail-domicile-amenagement-4.jpeg\" alt=\"bureau teletravail domicile amenagement 4\" data-id=\"27545\" class=\"wp-image-27545\" srcset=\"https:\/\/www.cocondedecoration.com\/blog\/wp-content\/uploads\/2020\/07\/bureau-teletravail-domicile-amenagement-4.jpeg 1000w, https:\/\/www.cocondedecoration.com\/blog\/wp-content\/uploads\/2020\/07\/bureau-teletravail-domicile-amenagement-4-165x165.jpeg 165w, https:\/\/www.cocondedecoration.com\/blog\/wp-content\/uploads\/2020\/07\/bureau-teletravail-domicile-amenagement-4-260x260.jpeg 260w, https:\/\/www.cocondedecoration.com\/blog\/wp-content\/uploads\/2020\/07\/bureau-teletravail-domicile-amenagement-4-768x768.jpeg 768w, https:\/\/www.cocondedecoration.com\/blog\/wp-content\/uploads\/2020\/07\/bureau-teletravail-domicile-amenagement-4-640x640.jpeg 640w, https:\/\/www.cocondedecoration.com\/blog\/wp-content\/uploads\/2020\/07\/bureau-teletravail-domicile-amenagement-4-465x465.jpeg 465w, https:\/\/www.cocondedecoration.com\/blog\/wp-content\/uploads\/2020\/07\/bureau-teletravail-domicile-amenagement-4-500x500.jpeg 500w\" sizes=\"(max-width: 1000px) 100vw, 1000px\" \/><\/figure><\/li><li class=\"blocks-gallery-item\"><figure><img data-id=\"27548\" class=\"wp-image-27548\"><\/figure><\/li><li class=\"blocks-gallery-item\"><figure><img data-id=\"27547\" class=\"wp-image-27547\"><\/figure><\/li><li class=\"blocks-gallery-item\"><figure><img loading=\"lazy\" decoding=\"async\" width=\"1000\" height=\"1000\" src=\"https:\/\/www.cocondedecoration.com\/blog\/wp-content\/uploads\/2020\/07\/bureau-teletravail-domicile-amenagement-5.jpeg\" alt=\"bureau teletravail domicile amenagement 5\" data-id=\"27546\" class=\"wp-image-27546\" srcset=\"https:\/\/www.cocondedecoration.com\/blog\/wp-content\/uploads\/2020\/07\/bureau-teletravail-domicile-amenagement-5.jpeg 1000w, https:\/\/www.cocondedecoration.com\/blog\/wp-content\/uploads\/2020\/07\/bureau-teletravail-domicile-amenagement-5-165x165.jpeg 165w, https:\/\/www.cocondedecoration.com\/blog\/wp-content\/uploads\/2020\/07\/bureau-teletravail-domicile-amenagement-5-260x260.jpeg 260w, https:\/\/www.cocondedecoration.com\/blog\/wp-content\/uploads\/2020\/07\/bureau-teletravail-domicile-amenagement-5-768x768.jpeg 768w, https:\/\/www.cocondedecoration.com\/blog\/wp-content\/uploads\/2020\/07\/bureau-teletravail-domicile-amenagement-5-640x640.jpeg 640w, https:\/\/www.cocondedecoration.com\/blog\/wp-content\/uploads\/2020\/07\/bureau-teletravail-domicile-amenagement-5-465x465.jpeg 465w, https:\/\/www.cocondedecoration.com\/blog\/wp-content\/uploads\/2020\/07\/bureau-teletravail-domicile-amenagement-5-500x500.jpeg 500w\" sizes=\"(max-width: 1000px) 100vw, 1000px\" \/><\/figure><\/li><li class=\"blocks-gallery-item\"><figure><img loading=\"lazy\" decoding=\"async\" width=\"1000\" height=\"1000\" src=\"https:\/\/www.cocondedecoration.com\/blog\/wp-content\/uploads\/2020\/07\/bureau-teletravail-domicile-amenagement-2.jpeg\" alt=\"bureau teletravail domicile amenagement 2\" data-id=\"27543\" class=\"wp-image-27543\" srcset=\"https:\/\/www.cocondedecoration.com\/blog\/wp-content\/uploads\/2020\/07\/bureau-teletravail-domicile-amenagement-2.jpeg 1000w, https:\/\/www.cocondedecoration.com\/blog\/wp-content\/uploads\/2020\/07\/bureau-teletravail-domicile-amenagement-2-165x165.jpeg 165w, https:\/\/www.cocondedecoration.com\/blog\/wp-content\/uploads\/2020\/07\/bureau-teletravail-domicile-amenagement-2-260x260.jpeg 260w, https:\/\/www.cocondedecoration.com\/blog\/wp-content\/uploads\/2020\/07\/bureau-teletravail-domicile-amenagement-2-768x768.jpeg 768w, https:\/\/www.cocondedecoration.com\/blog\/wp-content\/uploads\/2020\/07\/bureau-teletravail-domicile-amenagement-2-640x640.jpeg 640w, https:\/\/www.cocondedecoration.com\/blog\/wp-content\/uploads\/2020\/07\/bureau-teletravail-domicile-amenagement-2-465x465.jpeg 465w, https:\/\/www.cocondedecoration.com\/blog\/wp-content\/uploads\/2020\/07\/bureau-teletravail-domicile-amenagement-2-500x500.jpeg 500w\" sizes=\"(max-width: 1000px) 100vw, 1000px\" \/><\/figure><\/li><li class=\"blocks-gallery-item\"><figure><img data-id=\"27544\" class=\"wp-image-27544\"><\/figure><\/li><\/ul><p>LES OFFRES LA REDOUTE DU MOMENT -&gt; Soon! <\/p>\n\n\n\n<hr class=\"wp-block-separator\"><div class=\"wp-block-columns has-2-columns is-layout-flex wp-container-core-columns-layout-1 wp-block-columns-is-layout-flex\">\n<div class=\"wp-block-column is-layout-flow wp-block-column-is-layout-flow\">\n<p style=\"text-align:center\" class=\"has-medium-font-size\">A lire &eacute;galement<\/p>\n\n\n<ul class=\"wp-block-latest-posts__list wp-block-latest-posts\"><li><a class=\"wp-block-latest-posts__post-title\" href=\"https:\/\/www.cocondedecoration.com\/blog\/2024\/06\/petite-chambre-double-enfant\/\">1 chambre, 2 enfants et 5 id&eacute;es gain de place<\/a><\/li>\n<li><a class=\"wp-block-latest-posts__post-title\" href=\"https:\/\/www.cocondedecoration.com\/blog\/2022\/07\/inspiration-deco-chambre-enfant\/\">[Weekly Inspiration] De la d&eacute;co au quotidien n&deg;70 (pour les enfants)<\/a><\/li>\n<li><a class=\"wp-block-latest-posts__post-title\" href=\"https:\/\/www.cocondedecoration.com\/blog\/2022\/02\/deco-durable-ma-literie-naturelle\/\">[D&eacute;co durable] Ma Literie Naturelle, une literie eco-responsable<\/a><\/li>\n<li><a class=\"wp-block-latest-posts__post-title\" href=\"https:\/\/www.cocondedecoration.com\/blog\/2021\/06\/quelle-veilleuse-choisir\/\">[Conseils d&eacute;co] Quel type de veilleuse choisir pour la chambre de mon enfant?<\/a><\/li>\n<li><a class=\"wp-block-latest-posts__post-title\" href=\"https:\/\/www.cocondedecoration.com\/blog\/2020\/08\/idee-deco-une-rentree-studieuse-et-deco-avec-la-redoute\/\">[Id&eacute;e d&eacute;co] Une rentr&eacute;e studieuse et d&eacute;co avec La Redoute<\/a><\/li>\n<li><a class=\"wp-block-latest-posts__post-title\" href=\"https:\/\/www.cocondedecoration.com\/blog\/2020\/07\/made-in-france-bonnes-adresses-pour-decorer-et-meubler-la-chambre-denfant\/\">[Made in France] Bonnes adresses pour d&eacute;corer et meubler la chambre d&rsquo;enfant<\/a><\/li>\n<li><a class=\"wp-block-latest-posts__post-title\" href=\"https:\/\/www.cocondedecoration.com\/blog\/2020\/04\/decouverte-deco-bib-et-bob-des-kits-diy-pour-decorer-la-chambre-de-bebe\/\">[D&eacute;couverte d&eacute;co] Bib et Bob, des kits DIY pour d&eacute;corer la chambre de b&eacute;b&eacute;<\/a><\/li>\n<\/ul><\/div>\n\n\n\n<div class=\"wp-block-column is-layout-flow wp-block-column-is-layout-flow\">\n<p class=\"has-text-align-center has-medium-font-size\">Ne perdons pas contact \ud83d\ude42 Rejoignez moi sur <a href=\"https:\/\/www.pinterest.fr\/cocondedeco\/\" target=\"_blank\" rel=\"noopener\" title=\"\">Pinterest<\/a> |&nbsp;<a href=\"https:\/\/www.threads.net\/@cocondedeco\" target=\"_blank\" rel=\"noopener\" title=\"\">Threads<\/a> | <a href=\"https:\/\/www.patreon.com\/collection\/162946?view=expanded\" target=\"_blank\" rel=\"noopener\" title=\"\">la Newsletter<\/a> <br>Vous aimez lire le blog? Vous souhaitez continuer &agrave; le lire? <a href=\"https:\/\/www.patreon.com\/cocondedeco\" target=\"_blank\" rel=\"noopener\" title=\"\">Devenez m&eacute;c&egrave;ne<\/a> sur Patreon et contribuez &agrave; sa survie. <\/p>\n<\/div>\n<\/div>\n\n\n\n<div class=\"wp-block-image\"><figure class=\"aligncenter\"><img loading=\"lazy\" decoding=\"async\" width=\"640\" height=\"437\" src=\"http:\/\/www.cocondedecoration.com\/blog\/wp-content\/uploads\/2020\/07\/rentree-de-classe-bureau-idee-conseil-maison-640x437.jpg\" alt=\"rentree des classes bureau idee conseil maison\" class=\"wp-image-27552\" srcset=\"https:\/\/www.cocondedecoration.com\/blog\/wp-content\/uploads\/2020\/07\/rentree-de-classe-bureau-idee-conseil-maison-640x437.jpg 640w, https:\/\/www.cocondedecoration.com\/blog\/wp-content\/uploads\/2020\/07\/rentree-de-classe-bureau-idee-conseil-maison-260x178.jpg 260w, https:\/\/www.cocondedecoration.com\/blog\/wp-content\/uploads\/2020\/07\/rentree-de-classe-bureau-idee-conseil-maison-465x318.jpg 465w, https:\/\/www.cocondedecoration.com\/blog\/wp-content\/uploads\/2020\/07\/rentree-de-classe-bureau-idee-conseil-maison-695x475.jpg 695w, https:\/\/www.cocondedecoration.com\/blog\/wp-content\/uploads\/2020\/07\/rentree-de-classe-bureau-idee-conseil-maison.jpg 732w\" sizes=\"(max-width: 640px) 100vw, 640px\" \/><\/figure><\/div>\n\n\n\n<p style=\"text-align:right\" class=\"has-small-font-size\">Article mis &agrave; jour en d&eacute;cembre 2023. <br>Contient des liens affili&eacute;s.<\/p><\/body><\/html>\n","protected":false},"excerpt":{"rendered":"<p>Je pense que cet article \u00e0 propos de la rentr\u00e9e des classes et de la d\u00e9co sera diff\u00e9rent de ce que vous pourrez lire sur le web en cette p\u00e9riode. D&rsquo;une part parce que je fais en sorte de garder mon \u00e2me d&rsquo;enfant un maximum. D&rsquo;autre part parce que j&rsquo;ai<span class=\"more-link\"><a href=\"https:\/\/www.cocondedecoration.com\/blog\/2020\/08\/idee-deco-une-rentree-studieuse-et-deco-avec-la-redoute\/\">Lire la suite<\/a><\/span><\/p>\n","protected":false},"author":1,"featured_media":27552,"comment_status":"open","ping_status":"open","sticky":false,"template":"","format":"standard","meta":{"om_disable_all_campaigns":false,"_monsterinsights_skip_tracking":false,"_monsterinsights_sitenote_active":false,"_monsterinsights_sitenote_note":"","_monsterinsights_sitenote_category":0,"_uf_show_specific_survey":0,"_uf_disable_surveys":false,"footnotes":""},"categories":[3653],"tags":[6738,9370,9369,2945,9379,9367,9372,9374,9373,6739,9368,9378,9371,3686,3243,9366,9375,9376,9383,9381,9380,9382,9386,9377,6744,9385,9384,9389,9388,9387],"aioseo_notices":[],"_links":{"self":[{"href":"https:\/\/www.cocondedecoration.com\/blog\/wp-json\/wp\/v2\/posts\/27421"}],"collection":[{"href":"https:\/\/www.cocondedecoration.com\/blog\/wp-json\/wp\/v2\/posts"}],"about":[{"href":"https:\/\/www.cocondedecoration.com\/blog\/wp-json\/wp\/v2\/types\/post"}],"author":[{"embeddable":true,"href":"https:\/\/www.cocondedecoration.com\/blog\/wp-json\/wp\/v2\/users\/1"}],"replies":[{"embeddable":true,"href":"https:\/\/www.cocondedecoration.com\/blog\/wp-json\/wp\/v2\/comments?post=27421"}],"version-history":[{"count":1,"href":"https:\/\/www.cocondedecoration.com\/blog\/wp-json\/wp\/v2\/posts\/27421\/revisions"}],"predecessor-version":[{"id":83689,"href":"https:\/\/www.cocondedecoration.com\/blog\/wp-json\/wp\/v2\/posts\/27421\/revisions\/83689"}],"wp:featuredmedia":[{"embeddable":true,"href":"https:\/\/www.cocondedecoration.com\/blog\/wp-json\/wp\/v2\/media\/27552"}],"wp:attachment":[{"href":"https:\/\/www.cocondedecoration.com\/blog\/wp-json\/wp\/v2\/media?parent=27421"}],"wp:term":[{"taxonomy":"category","embeddable":true,"href":"https:\/\/www.cocondedecoration.com\/blog\/wp-json\/wp\/v2\/categories?post=27421"},{"taxonomy":"post_tag","embeddable":true,"href":"https:\/\/www.cocondedecoration.com\/blog\/wp-json\/wp\/v2\/tags?post=27421"}],"curies":[{"name":"wp","href":"https:\/\/api.w.org\/{rel}","templated":true}]}}